{"data":{"product":{"id":9478,"titre":"Windmatic\u00ae Alu Umbrella","description":"Parapluie \u00e0 ouverture automatique 60 cm. 8 panneaux. Cadre en aluminium, mat de 14 mm. Windproof-System. Diam\u00e8tre 105cm. Composition toile: 100% Polyester.","genre":"","grammage":0,"conditionnement":12,"composition":"polyester,polyester_uniquement","reference":"fa-7860","reference_visible":"fa-7860","reference_fabricant":"7860","ref_xor":"750403","in_catalog":true,"is_transfer":false,"is_service":false,"on_standby":false,"has_3d":false,"has_size_guide":false,"has_marking":false,"has_vierge":true,"is_cross_sellable":false,"id_picto":0,"filename_3d":null,"brand":{"id":178,"name":"Fare","logo":"logo-fare.png","image":"https:\/\/media.th4.com\/UNsdAEWayfgkDQsbOP77KjIJay26grKtmr2wMrsupQA\/pr:brand70x70\/aHR0cDovL21lZGlhMi5kZXNpZ25wYXJ0bmVyLmZyL2MvbS9sb2dvLWZhcmUucG5n"},"price_infos":{"price_from":18.04,"quantity":5,"color":{"id":12947,"name":"black"},"size":{"id":42,"name":"taille_unique"}},"price_infos_marking":{"price_from":0,"quantity":0,"size":{"id":0,"name":""},"color":{"id":0,"name":""},"marking":{"id":0,"name":""},"emplacement":"","surface":"","surface_emplacement_id":0},"i18n":{"blank":{"title":{"fr":"Windmatic alu Umbrella parapluie FARE 7860","en":"Windmatic alu Umbrella umbrella FARE 7860","de":"Windmatic alu Umbrella Regenschirm FARE 7860","nl":"Windmatic alu Umbrella paraplu FARE 7860","es":"paraguas Windmatic alu Umbrella FARE 7860","it":"ombrello Windmatic alu Umbrella FARE 7860","sv":"Windmatic alu Umbrella paraply FARE 7860","pt":"guarda-chuva Windmatic alu Umbrella FARE 7860","da":"Windmatic alu Umbrella paraply FARE 7860","pl":"parasol Windmatic alu Umbrella FARE 7860"},"description":{"fr":"Le Windmatic alu Umbrella est un parapluie \u00e0 ouverture automatique con\u00e7u pour un usage courant. Sa structure \u00e0 8 panneaux, son cadre en aluminium et son m\u00e2t de 14 mm facilitent la prise en main. Son diam\u00e8tre de 105 cm apporte une couverture adapt\u00e9e aux d\u00e9placements quotidiens.\n\n- Composition : toile 100% polyester\n- Ouverture automatique\n- 8 panneaux\n- Dimensions : diam\u00e8tre 105 cm, m\u00e2t 14 mm","en":"The Windmatic alu Umbrella is an automatic opening umbrella designed for everyday use. Its 8-panel structure, aluminum frame and 14 mm shaft make it easy to handle. Its 105 cm diameter provides suitable coverage for daily travel.\n\n- Composition: 100% polyester fabric\n- Automatic opening\n- 8 panels\n- Dimensions: 105 cm diameter, 14 mm shaft","de":"Der Windmatic alu Umbrella ist ein Regenschirm mit automatischer \u00d6ffnung f\u00fcr den allt\u00e4glichen Gebrauch. Seine Konstruktion mit 8 Segmenten, sein Aluminiumgestell und sein Schaft von 14 mm erleichtern die Handhabung. Sein Durchmesser von 105 cm sorgt f\u00fcr eine passende Abdeckung bei t\u00e4glichen Wegen.\n\n- Material: Gewebe aus 100 % Polyester\n- Automatische \u00d6ffnung\n- 8 Segmente\n- Ma\u00dfe: Durchmesser 105 cm, Schaft 14 mm","nl":"De Windmatic alu Umbrella is een paraplu met automatische opening, ontworpen voor dagelijks gebruik. De structuur met 8 panelen, het aluminium frame en de schacht van 14 mm vergemakkelijken het gebruik. De diameter van 105 cm zorgt voor een passende bedekking bij dagelijkse verplaatsingen.\n\n- Samenstelling: doek van 100% polyester\n- Automatische opening\n- 8 panelen\n- Afmetingen: diameter 105 cm, schacht 14 mm","es":"El Windmatic alu Umbrella es un paraguas de apertura autom\u00e1tica dise\u00f1ado para uso diario. Su estructura de 8 paneles, su armaz\u00f3n de aluminio y su asta de 14 mm facilitan el agarre. Su di\u00e1metro de 105 cm proporciona una cobertura adecuada para los desplazamientos cotidianos.\n\n- Composici\u00f3n: tejido 100% poli\u00e9ster\n- Apertura autom\u00e1tica\n- 8 paneles\n- Dimensiones: di\u00e1metro 105 cm, asta 14 mm","it":"Il Windmatic alu Umbrella \u00e8 un ombrello con apertura automatica pensato per un uso corrente. La sua struttura a 8 pannelli, il telaio in alluminio e l'asta da 14 mm facilitano la presa. Il diametro di 105 cm garantisce una copertura adatta agli spostamenti quotidiani.\n\n- Composizione: tessuto 100% poliestere\n- Apertura automatica\n- 8 pannelli\n- Dimensioni: diametro 105 cm, asta 14 mm","sv":"Windmatic alu Umbrella \u00e4r ett paraply med automatisk \u00f6ppning, utformat f\u00f6r vardaglig anv\u00e4ndning. Dess konstruktion med 8 paneler, aluminiumram och 14 mm skaft underl\u00e4ttar greppet. Diametern p\u00e5 105 cm ger en t\u00e4ckning anpassad f\u00f6r dagliga f\u00f6rflyttningar.\n\n- Sammans\u00e4ttning: 100% polyesterduk\n- Automatisk \u00f6ppning\n- 8 paneler\n- M\u00e5tt: diameter 105 cm, skaft 14 mm","pt":"O Windmatic alu Umbrella \u00e9 um guarda-chuva de abertura autom\u00e1tica concebido para uso corrente. A sua estrutura de 8 pain\u00e9is, a sua arma\u00e7\u00e3o em alum\u00ednio e a sua haste de 14 mm facilitam a utiliza\u00e7\u00e3o. O seu di\u00e2metro de 105 cm proporciona uma cobertura adequada para as desloca\u00e7\u00f5es di\u00e1rias.\n\n- Composi\u00e7\u00e3o: tecido 100% poli\u00e9ster\n- Abertura autom\u00e1tica\n- 8 pain\u00e9is\n- Dimens\u00f5es: di\u00e2metro 105 cm, haste 14 mm","da":"Windmatic alu Umbrella er en paraply med automatisk \u00e5bning, udviklet til almindelig brug. Dens konstruktion med 8 paneler, aluminiumsstel og skaft p\u00e5 14 mm g\u00f8r den nem at h\u00e5ndtere. Dens diameter p\u00e5 105 cm giver en d\u00e6kning, der passer til daglige ture.\n\n- Sammens\u00e6tning: 100% polyesterdug\n- Automatisk \u00e5bning\n- 8 paneler\n- M\u00e5l: diameter 105 cm, skaft 14 mm","pl":"Windmatic alu Umbrella to parasol z automatycznym otwieraniem, przeznaczony do codziennego u\u017cytku. Jego konstrukcja z 8 panelami, aluminiowa rama i dr\u0105\u017cek 14 mm u\u0142atwiaj\u0105 trzymanie. \u015arednica 105 cm zapewnia odpowiedni\u0105 os\u0142on\u0119 podczas codziennych przemieszcze\u0144.\n\n- Sk\u0142ad: poszycie 100% poliester\n- Automatyczne otwieranie\n- 8 paneli\n- Wymiary: \u015brednica 105 cm, dr\u0105\u017cek 14 mm"},"h1":{"fr":"Windmatic alu Umbrella parapluie 7860","en":"Windmatic alu Umbrella umbrella 7860","de":"Windmatic alu Umbrella Regenschirm 7860","nl":"Windmatic alu Umbrella paraplu 7860","es":"paraguas Windmatic alu Umbrella 7860","it":"ombrello Windmatic alu Umbrella 7860","sv":"Windmatic alu Umbrella paraply 7860","pt":"guarda-chuva Windmatic alu Umbrella 7860","da":"Windmatic alu Umbrella paraply 7860","pl":"parasol Windmatic alu Umbrella 7860"},"meta_description":{"fr":"Parapluie Windmatic alu Umbrella 7860 \u00e0 ouverture automatique, 8 panneaux, cadre en aluminium et diam\u00e8tre de 105 cm pour un usage quotidien.","en":"Windmatic alu Umbrella umbrella 7860 with automatic opening, 8 panels, aluminum frame and 105 cm diameter for daily use.","de":"Windmatic alu Umbrella Regenschirm 7860 mit automatischer \u00d6ffnung, 8 Segmenten, Aluminiumgestell und 105 cm Durchmesser f\u00fcr den t\u00e4glichen Gebrauch.","nl":"Windmatic alu Umbrella paraplu 7860 met automatische opening, 8 panelen, aluminium frame en een diameter van 105 cm voor dagelijks gebruik.","es":"Paraguas Windmatic alu Umbrella 7860 con apertura autom\u00e1tica, 8 paneles, estructura de aluminio y di\u00e1metro de 105 cm para uso diario.","it":"Ombrello Windmatic alu Umbrella 7860 con apertura automatica, 8 pannelli, struttura in alluminio e diametro di 105 cm per l'uso quotidiano.","sv":"Paraply Windmatic alu Umbrella 7860 med automatisk \u00f6ppning, 8 paneler, aluminiumram och diameter p\u00e5 105 cm f\u00f6r daglig anv\u00e4ndning.","pt":"Guarda-chuva Windmatic alu Umbrella 7860 com abertura autom\u00e1tica, 8 pain\u00e9is, arma\u00e7\u00e3o em alum\u00ednio e di\u00e2metro de 105 cm para uso di\u00e1rio.","da":"Windmatic alu Umbrella paraply 7860 med automatisk \u00e5bning, 8 paneler, aluminiumsstel og en diameter p\u00e5 105 cm til daglig brug.","pl":"Parasol Windmatic alu Umbrella 7860 z automatycznym otwieraniem, 8 panelami, aluminiow\u0105 ram\u0105 i \u015brednic\u0105 105 cm do codziennego u\u017cytku."}},"custom":{"title":{"fr":null,"en":null,"de":null,"nl":null,"es":null,"it":null,"sv":null,"pt":null,"da":null,"pl":null},"description":{"fr":null,"en":null,"de":null,"nl":null,"es":null,"it":null,"sv":null,"pt":null,"da":null,"pl":null},"h1":{"fr":null,"en":null,"de":null,"nl":null,"es":null,"it":null,"sv":null,"pt":null,"da":null,"pl":null},"meta_description":{"fr":null,"en":null,"de":null,"nl":null,"es":null,"it":null,"sv":null,"pt":null,"da":null,"pl":null}}},"categories":[{"id":323,"name":"Parapluies","singular":"Parapluie","is_feminin":false},{"id":431,"name":"Objets","singular":"Objet publicitaire","is_feminin":false}],"certifications":[],"videos":{"fr":[],"en":[],"de":[],"nl":[],"es":[],"it":[],"sv":[],"pt":[],"da":[],"pl":[]},"main_images":{"miniature":"https:\/\/media.th4.com\/-EeKoiu_Emff24iRVkffgGwOmISVGK1zM-DiRKWoh4M\/pr:80\/aHR0cDovL21lZGlhMi5kZXNpZ25wYXJ0bmVyLmZyL2MvcC1NVC85NDc4LmpwZw?v=1642577008","medium":"https:\/\/media.th4.com\/Ae1ckP6H921EV0PshPts1XODxiTSTsTlLnyLPNnbNHQ\/pr:550x550greybg\/aHR0cDovL21lZGlhMi5kZXNpZ25wYXJ0bmVyLmZyL2MvcC1NVC85NDc4LmpwZw?v=1642577008","medium_large":"https:\/\/media.th4.com\/VQsRijRGH-2NfF4v2LNcDce0wESbGpC1tJ94c5cjmxw\/pr:1000x1000greybg\/aHR0cDovL21lZGlhMi5kZXNpZ25wYXJ0bmVyLmZyL2MvcC1NVC85NDc4LmpwZw?v=1642577008","large":"https:\/\/media.th4.com\/y_MZhr3rzEOEqg7nTZUWK_pcC9yFfvebCBU68Rbvg6Q\/pr:1920greybg\/aHR0cDovL21lZGlhMi5kZXNpZ25wYXJ0bmVyLmZyL2MvcC1NVC85NDc4LmpwZw?v=1642577008","opengraph":"https:\/\/media.th4.com\/Cy_qF0DSK8ObXvHzkvJAP3LxGk8_AJ8mezKxdXYVTE4\/pr:1200x630greybg\/aHR0cDovL21lZGlhMi5kZXNpZ25wYXJ0bmVyLmZyL2MvcC1NVC85NDc4LmpwZw?v=1642577008"},"main_images_customization":{"miniature":"https:\/\/media.th4.com\/-EeKoiu_Emff24iRVkffgGwOmISVGK1zM-DiRKWoh4M\/pr:80\/aHR0cDovL21lZGlhMi5kZXNpZ25wYXJ0bmVyLmZyL2MvcC1NVC85NDc4LmpwZw?v=1642577008","medium":"https:\/\/media.th4.com\/Ae1ckP6H921EV0PshPts1XODxiTSTsTlLnyLPNnbNHQ\/pr:550x550greybg\/aHR0cDovL21lZGlhMi5kZXNpZ25wYXJ0bmVyLmZyL2MvcC1NVC85NDc4LmpwZw?v=1642577008","medium_large":"https:\/\/media.th4.com\/VQsRijRGH-2NfF4v2LNcDce0wESbGpC1tJ94c5cjmxw\/pr:1000x1000greybg\/aHR0cDovL21lZGlhMi5kZXNpZ25wYXJ0bmVyLmZyL2MvcC1NVC85NDc4LmpwZw?v=1642577008","large":"https:\/\/media.th4.com\/y_MZhr3rzEOEqg7nTZUWK_pcC9yFfvebCBU68Rbvg6Q\/pr:1920greybg\/aHR0cDovL21lZGlhMi5kZXNpZ25wYXJ0bmVyLmZyL2MvcC1NVC85NDc4LmpwZw?v=1642577008","opengraph":"https:\/\/media.th4.com\/Cy_qF0DSK8ObXvHzkvJAP3LxGk8_AJ8mezKxdXYVTE4\/pr:1200x630greybg\/aHR0cDovL21lZGlhMi5kZXNpZ25wYXJ0bmVyLmZyL2MvcC1NVC85NDc4LmpwZw?v=1642577008"},"page_links":{"fr":"\/fr\/p-fa-7860-windmatic-alu-umbrella-parapluie-7860-9478\/","en":"\/en\/p-fa-7860-windmatic-alu-umbrella-umbrella-7860-9478\/","de":"\/de\/p-fa-7860-windmatic-alu-umbrella-regenschirm-7860-9478\/","nl":"\/nl\/p-fa-7860-windmatic-alu-umbrella-paraplu-7860-9478\/","es":"\/es\/p-fa-7860-paraguas-windmatic-alu-umbrella-7860-9478\/","it":"\/it\/p-fa-7860-ombrello-windmatic-alu-umbrella-7860-9478\/","sv":"\/sv\/p-fa-7860-windmatic-alu-umbrella-paraply-7860-9478\/","pt":"\/pt\/p-fa-7860-guarda-chuva-windmatic-alu-umbrella-7860-9478\/","da":"\/da\/p-fa-7860-windmatic-alu-umbrella-paraply-7860-9478\/","pl":"\/pl\/p-fa-7860-parasol-windmatic-alu-umbrella-7860-9478\/"},"page_links_customization":{"fr":"\/fr\/p-fa-7860-windmatic-alu-umbrella-9478\/custom\/","en":"\/en\/p-fa-7860-windmatic-alu-umbrella-9478\/custom\/","de":"\/de\/p-fa-7860-windmatic-alu-umbrella-9478\/custom\/","nl":"\/nl\/p-fa-7860-windmatic-alu-umbrella-9478\/custom\/","es":"\/es\/p-fa-7860-windmatic-alu-umbrella-9478\/custom\/","it":"\/it\/p-fa-7860-windmatic-alu-umbrella-9478\/custom\/","sv":"\/sv\/p-fa-7860-windmatic-alu-umbrella-9478\/custom\/","pt":"\/pt\/p-fa-7860-windmatic-alu-umbrella-9478\/custom\/","da":"\/da\/p-fa-7860-windmatic-alu-umbrella-9478\/custom\/","pl":"\/pl\/p-fa-7860-windmatic-alu-umbrella-9478\/custom\/"},"equivalent_products":[],"colors":[{"id":12947,"name":"black","class_ids":[4],"codes_hexa":["1B1B1F"],"delai_24":false,"has_3d":false,"seuil_global":0,"stock_local":0,"stock_global":21,"on_standby":false,"in_catalog":true,"images":{"miniature":["https:\/\/media.th4.com\/BbwS67iJg8gFfiGZzcYMCtMhF6hP7yz_VoNiYqW4Hd0\/pr:80\/aHR0cDovL21lZGlhMi5kZXNpZ25wYXJ0bmVyLmZyL2MvcC85NDc4Lzk0NzgtMTI5NDctMS5qcGc?v=1610004350"],"medium":["https:\/\/media.th4.com\/i3jL-nf_nXaAtSj3Hv9G6qU7IpchxFh05OwPtONQ_JQ\/pr:550x550\/aHR0cDovL21lZGlhMi5kZXNpZ25wYXJ0bmVyLmZyL2MvcC85NDc4Lzk0NzgtMTI5NDctMS5qcGc?v=1610004350"],"medium_large":["https:\/\/media.th4.com\/CryJmiiiDf8J_XOKLHz1Z2k05zb7pDKS8GHLp1Xx-bg\/pr:1000x1000\/aHR0cDovL21lZGlhMi5kZXNpZ25wYXJ0bmVyLmZyL2MvcC85NDc4Lzk0NzgtMTI5NDctMS5qcGc?v=1610004350"],"large":["https:\/\/media.th4.com\/Js8FghuDC4tOvRR5J1rKn6V5d_01HIR1qIfJ92w-CWc\/pr:1920\/aHR0cDovL21lZGlhMi5kZXNpZ25wYXJ0bmVyLmZyL2MvcC85NDc4Lzk0NzgtMTI5NDctMS5qcGc?v=1610004350"],"opengraph":["https:\/\/media.th4.com\/Ye0YXakxwFubzSPxflMrqV3hRKZT0llcyn4H_3AFHBE\/pr:1200x630\/aHR0cDovL21lZGlhMi5kZXNpZ25wYXJ0bmVyLmZyL2MvcC85NDc4Lzk0NzgtMTI5NDctMS5qcGc?v=1610004350"]},"images_customization":{"miniature":["https:\/\/media.th4.com\/BbwS67iJg8gFfiGZzcYMCtMhF6hP7yz_VoNiYqW4Hd0\/pr:80\/aHR0cDovL21lZGlhMi5kZXNpZ25wYXJ0bmVyLmZyL2MvcC85NDc4Lzk0NzgtMTI5NDctMS5qcGc?v=1610004350"],"medium":["https:\/\/media.th4.com\/i3jL-nf_nXaAtSj3Hv9G6qU7IpchxFh05OwPtONQ_JQ\/pr:550x550\/aHR0cDovL21lZGlhMi5kZXNpZ25wYXJ0bmVyLmZyL2MvcC85NDc4Lzk0NzgtMTI5NDctMS5qcGc?v=1610004350"],"medium_large":["https:\/\/media.th4.com\/CryJmiiiDf8J_XOKLHz1Z2k05zb7pDKS8GHLp1Xx-bg\/pr:1000x1000\/aHR0cDovL21lZGlhMi5kZXNpZ25wYXJ0bmVyLmZyL2MvcC85NDc4Lzk0NzgtMTI5NDctMS5qcGc?v=1610004350"],"large":["https:\/\/media.th4.com\/Js8FghuDC4tOvRR5J1rKn6V5d_01HIR1qIfJ92w-CWc\/pr:1920\/aHR0cDovL21lZGlhMi5kZXNpZ25wYXJ0bmVyLmZyL2MvcC85NDc4Lzk0NzgtMTI5NDctMS5qcGc?v=1610004350"],"opengraph":["https:\/\/media.th4.com\/Ye0YXakxwFubzSPxflMrqV3hRKZT0llcyn4H_3AFHBE\/pr:1200x630\/aHR0cDovL21lZGlhMi5kZXNpZ25wYXJ0bmVyLmZyL2MvcC85NDc4Lzk0NzgtMTI5NDctMS5qcGc?v=1610004350"]},"country_origin":"CN","traceability":{"manufacturing_country_id":null,"weaving_country_id":null,"dyeing_country_id":null},"sizes":[{"id":42,"article_id":292123,"class_id":19,"name":"taille_unique","on_standby":false,"stock_local":0,"stock_global":21,"multiple":1,"estimated_date_reassort":null,"is_destocking":false}],"page_links":{"fr":"\/fr\/p-fa-7860-windmatic-alu-umbrella-parapluie-7860-9478\/black-12947\/","en":"\/en\/p-fa-7860-windmatic-alu-umbrella-umbrella-7860-9478\/black-12947\/","de":"\/de\/p-fa-7860-windmatic-alu-umbrella-regenschirm-7860-9478\/black-12947\/","nl":"\/nl\/p-fa-7860-windmatic-alu-umbrella-paraplu-7860-9478\/black-12947\/","es":"\/es\/p-fa-7860-paraguas-windmatic-alu-umbrella-7860-9478\/black-12947\/","it":"\/it\/p-fa-7860-ombrello-windmatic-alu-umbrella-7860-9478\/black-12947\/","sv":"\/sv\/p-fa-7860-windmatic-alu-umbrella-paraply-7860-9478\/black-12947\/","pt":"\/pt\/p-fa-7860-guarda-chuva-windmatic-alu-umbrella-7860-9478\/black-12947\/","da":"\/da\/p-fa-7860-windmatic-alu-umbrella-paraply-7860-9478\/black-12947\/","pl":"\/pl\/p-fa-7860-parasol-windmatic-alu-umbrella-7860-9478\/black-12947\/"},"page_links_customization":{"fr":"\/fr\/p-fa-7860-windmatic-alu-umbrella-9478\/black-12947\/custom\/","en":"\/en\/p-fa-7860-windmatic-alu-umbrella-9478\/black-12947\/custom\/","de":"\/de\/p-fa-7860-windmatic-alu-umbrella-9478\/black-12947\/custom\/","nl":"\/nl\/p-fa-7860-windmatic-alu-umbrella-9478\/black-12947\/custom\/","es":"\/es\/p-fa-7860-windmatic-alu-umbrella-9478\/black-12947\/custom\/","it":"\/it\/p-fa-7860-windmatic-alu-umbrella-9478\/black-12947\/custom\/","sv":"\/sv\/p-fa-7860-windmatic-alu-umbrella-9478\/black-12947\/custom\/","pt":"\/pt\/p-fa-7860-windmatic-alu-umbrella-9478\/black-12947\/custom\/","da":"\/da\/p-fa-7860-windmatic-alu-umbrella-9478\/black-12947\/custom\/","pl":"\/pl\/p-fa-7860-windmatic-alu-umbrella-9478\/black-12947\/custom\/"}},{"id":12950,"name":"navy_blue","class_ids":[2],"codes_hexa":["445074"],"delai_24":false,"has_3d":false,"seuil_global":0,"stock_local":0,"stock_global":19,"on_standby":false,"in_catalog":true,"images":{"miniature":["https:\/\/media.th4.com\/-KcWxfG-VXsVKXmEbBWhEOmkej32CqrIis6zzZ5Ple8\/pr:80\/aHR0cDovL21lZGlhMi5kZXNpZ25wYXJ0bmVyLmZyL2MvcC85NDc4Lzk0NzgtMTI5NTAtMS5qcGc?v=1610004350"],"medium":["https:\/\/media.th4.com\/UvurZ9-b8RYK4dysOXPAp5FxTqY217FEjIAy6TEHFz8\/pr:550x550\/aHR0cDovL21lZGlhMi5kZXNpZ25wYXJ0bmVyLmZyL2MvcC85NDc4Lzk0NzgtMTI5NTAtMS5qcGc?v=1610004350"],"medium_large":["https:\/\/media.th4.com\/Z4eVuhWKiLgJ8T-IK_crsIQTGLg4x540Zl188WazhX0\/pr:1000x1000\/aHR0cDovL21lZGlhMi5kZXNpZ25wYXJ0bmVyLmZyL2MvcC85NDc4Lzk0NzgtMTI5NTAtMS5qcGc?v=1610004350"],"large":["https:\/\/media.th4.com\/WgToDHz7B80E0LpNCVP0YdiCCcZpJL14xGpuQN1TQPM\/pr:1920\/aHR0cDovL21lZGlhMi5kZXNpZ25wYXJ0bmVyLmZyL2MvcC85NDc4Lzk0NzgtMTI5NTAtMS5qcGc?v=1610004350"],"opengraph":["https:\/\/media.th4.com\/b_7XdCtjLEe5jDiRV6XJ_-ns4KQUEumOicjdxA5DBug\/pr:1200x630\/aHR0cDovL21lZGlhMi5kZXNpZ25wYXJ0bmVyLmZyL2MvcC85NDc4Lzk0NzgtMTI5NTAtMS5qcGc?v=1610004350"]},"images_customization":{"miniature":["https:\/\/media.th4.com\/-KcWxfG-VXsVKXmEbBWhEOmkej32CqrIis6zzZ5Ple8\/pr:80\/aHR0cDovL21lZGlhMi5kZXNpZ25wYXJ0bmVyLmZyL2MvcC85NDc4Lzk0NzgtMTI5NTAtMS5qcGc?v=1610004350"],"medium":["https:\/\/media.th4.com\/UvurZ9-b8RYK4dysOXPAp5FxTqY217FEjIAy6TEHFz8\/pr:550x550\/aHR0cDovL21lZGlhMi5kZXNpZ25wYXJ0bmVyLmZyL2MvcC85NDc4Lzk0NzgtMTI5NTAtMS5qcGc?v=1610004350"],"medium_large":["https:\/\/media.th4.com\/Z4eVuhWKiLgJ8T-IK_crsIQTGLg4x540Zl188WazhX0\/pr:1000x1000\/aHR0cDovL21lZGlhMi5kZXNpZ25wYXJ0bmVyLmZyL2MvcC85NDc4Lzk0NzgtMTI5NTAtMS5qcGc?v=1610004350"],"large":["https:\/\/media.th4.com\/WgToDHz7B80E0LpNCVP0YdiCCcZpJL14xGpuQN1TQPM\/pr:1920\/aHR0cDovL21lZGlhMi5kZXNpZ25wYXJ0bmVyLmZyL2MvcC85NDc4Lzk0NzgtMTI5NTAtMS5qcGc?v=1610004350"],"opengraph":["https:\/\/media.th4.com\/b_7XdCtjLEe5jDiRV6XJ_-ns4KQUEumOicjdxA5DBug\/pr:1200x630\/aHR0cDovL21lZGlhMi5kZXNpZ25wYXJ0bmVyLmZyL2MvcC85NDc4Lzk0NzgtMTI5NTAtMS5qcGc?v=1610004350"]},"country_origin":"CN","traceability":{"manufacturing_country_id":null,"weaving_country_id":null,"dyeing_country_id":null},"sizes":[{"id":42,"article_id":292126,"class_id":19,"name":"taille_unique","on_standby":false,"stock_local":0,"stock_global":19,"multiple":1,"estimated_date_reassort":null,"is_destocking":false}],"page_links":{"fr":"\/fr\/p-fa-7860-windmatic-alu-umbrella-parapluie-7860-9478\/navy-blue-12950\/","en":"\/en\/p-fa-7860-windmatic-alu-umbrella-umbrella-7860-9478\/navy-blue-12950\/","de":"\/de\/p-fa-7860-windmatic-alu-umbrella-regenschirm-7860-9478\/navy-blue-12950\/","nl":"\/nl\/p-fa-7860-windmatic-alu-umbrella-paraplu-7860-9478\/navy-blue-12950\/","es":"\/es\/p-fa-7860-paraguas-windmatic-alu-umbrella-7860-9478\/navy-blue-12950\/","it":"\/it\/p-fa-7860-ombrello-windmatic-alu-umbrella-7860-9478\/navy-blue-12950\/","sv":"\/sv\/p-fa-7860-windmatic-alu-umbrella-paraply-7860-9478\/navy-blue-12950\/","pt":"\/pt\/p-fa-7860-guarda-chuva-windmatic-alu-umbrella-7860-9478\/navy-blue-12950\/","da":"\/da\/p-fa-7860-windmatic-alu-umbrella-paraply-7860-9478\/navy-blue-12950\/","pl":"\/pl\/p-fa-7860-parasol-windmatic-alu-umbrella-7860-9478\/navy-blue-12950\/"},"page_links_customization":{"fr":"\/fr\/p-fa-7860-windmatic-alu-umbrella-9478\/navy-blue-12950\/custom\/","en":"\/en\/p-fa-7860-windmatic-alu-umbrella-9478\/navy-blue-12950\/custom\/","de":"\/de\/p-fa-7860-windmatic-alu-umbrella-9478\/navy-blue-12950\/custom\/","nl":"\/nl\/p-fa-7860-windmatic-alu-umbrella-9478\/navy-blue-12950\/custom\/","es":"\/es\/p-fa-7860-windmatic-alu-umbrella-9478\/navy-blue-12950\/custom\/","it":"\/it\/p-fa-7860-windmatic-alu-umbrella-9478\/navy-blue-12950\/custom\/","sv":"\/sv\/p-fa-7860-windmatic-alu-umbrella-9478\/navy-blue-12950\/custom\/","pt":"\/pt\/p-fa-7860-windmatic-alu-umbrella-9478\/navy-blue-12950\/custom\/","da":"\/da\/p-fa-7860-windmatic-alu-umbrella-9478\/navy-blue-12950\/custom\/","pl":"\/pl\/p-fa-7860-windmatic-alu-umbrella-9478\/navy-blue-12950\/custom\/"}},{"id":12952,"name":"red","class_ids":[6],"codes_hexa":["D60B2D"],"delai_24":false,"has_3d":false,"seuil_global":0,"stock_local":0,"stock_global":10,"on_standby":false,"in_catalog":true,"images":{"miniature":["https:\/\/media.th4.com\/4z0QCBwkCs3XSfp4-vjUDnnTQU2gQM7RKoWg7g6b4MU\/pr:80\/aHR0cDovL21lZGlhMi5kZXNpZ25wYXJ0bmVyLmZyL2MvcC85NDc4Lzk0NzgtMTI5NTItMS5qcGc?v=1610004350"],"medium":["https:\/\/media.th4.com\/mKu-RDzaZ_WFoidZJKA_n0GCWYbwHtu2ViyGzOTNgjU\/pr:550x550\/aHR0cDovL21lZGlhMi5kZXNpZ25wYXJ0bmVyLmZyL2MvcC85NDc4Lzk0NzgtMTI5NTItMS5qcGc?v=1610004350"],"medium_large":["https:\/\/media.th4.com\/4GKoMOnB9yxcR_2vd3GxLPckUYznKFPglWiXVy2yf84\/pr:1000x1000\/aHR0cDovL21lZGlhMi5kZXNpZ25wYXJ0bmVyLmZyL2MvcC85NDc4Lzk0NzgtMTI5NTItMS5qcGc?v=1610004350"],"large":["https:\/\/media.th4.com\/tcVsRsgvuihk_CmMr6Et_T5JluFhlFhRULhM8AKp-WQ\/pr:1920\/aHR0cDovL21lZGlhMi5kZXNpZ25wYXJ0bmVyLmZyL2MvcC85NDc4Lzk0NzgtMTI5NTItMS5qcGc?v=1610004350"],"opengraph":["https:\/\/media.th4.com\/AbaeSwQAzmFpGYqzwYPCPVSPb_LmhoCBPUEjZlCMyZs\/pr:1200x630\/aHR0cDovL21lZGlhMi5kZXNpZ25wYXJ0bmVyLmZyL2MvcC85NDc4Lzk0NzgtMTI5NTItMS5qcGc?v=1610004350"]},"images_customization":{"miniature":["https:\/\/media.th4.com\/4z0QCBwkCs3XSfp4-vjUDnnTQU2gQM7RKoWg7g6b4MU\/pr:80\/aHR0cDovL21lZGlhMi5kZXNpZ25wYXJ0bmVyLmZyL2MvcC85NDc4Lzk0NzgtMTI5NTItMS5qcGc?v=1610004350"],"medium":["https:\/\/media.th4.com\/mKu-RDzaZ_WFoidZJKA_n0GCWYbwHtu2ViyGzOTNgjU\/pr:550x550\/aHR0cDovL21lZGlhMi5kZXNpZ25wYXJ0bmVyLmZyL2MvcC85NDc4Lzk0NzgtMTI5NTItMS5qcGc?v=1610004350"],"medium_large":["https:\/\/media.th4.com\/4GKoMOnB9yxcR_2vd3GxLPckUYznKFPglWiXVy2yf84\/pr:1000x1000\/aHR0cDovL21lZGlhMi5kZXNpZ25wYXJ0bmVyLmZyL2MvcC85NDc4Lzk0NzgtMTI5NTItMS5qcGc?v=1610004350"],"large":["https:\/\/media.th4.com\/tcVsRsgvuihk_CmMr6Et_T5JluFhlFhRULhM8AKp-WQ\/pr:1920\/aHR0cDovL21lZGlhMi5kZXNpZ25wYXJ0bmVyLmZyL2MvcC85NDc4Lzk0NzgtMTI5NTItMS5qcGc?v=1610004350"],"opengraph":["https:\/\/media.th4.com\/AbaeSwQAzmFpGYqzwYPCPVSPb_LmhoCBPUEjZlCMyZs\/pr:1200x630\/aHR0cDovL21lZGlhMi5kZXNpZ25wYXJ0bmVyLmZyL2MvcC85NDc4Lzk0NzgtMTI5NTItMS5qcGc?v=1610004350"]},"country_origin":"CN","traceability":{"manufacturing_country_id":null,"weaving_country_id":null,"dyeing_country_id":null},"sizes":[{"id":42,"article_id":292127,"class_id":19,"name":"taille_unique","on_standby":false,"stock_local":0,"stock_global":10,"multiple":1,"estimated_date_reassort":null,"is_destocking":false}],"page_links":{"fr":"\/fr\/p-fa-7860-windmatic-alu-umbrella-parapluie-7860-9478\/red-12952\/","en":"\/en\/p-fa-7860-windmatic-alu-umbrella-umbrella-7860-9478\/red-12952\/","de":"\/de\/p-fa-7860-windmatic-alu-umbrella-regenschirm-7860-9478\/red-12952\/","nl":"\/nl\/p-fa-7860-windmatic-alu-umbrella-paraplu-7860-9478\/red-12952\/","es":"\/es\/p-fa-7860-paraguas-windmatic-alu-umbrella-7860-9478\/red-12952\/","it":"\/it\/p-fa-7860-ombrello-windmatic-alu-umbrella-7860-9478\/red-12952\/","sv":"\/sv\/p-fa-7860-windmatic-alu-umbrella-paraply-7860-9478\/red-12952\/","pt":"\/pt\/p-fa-7860-guarda-chuva-windmatic-alu-umbrella-7860-9478\/red-12952\/","da":"\/da\/p-fa-7860-windmatic-alu-umbrella-paraply-7860-9478\/red-12952\/","pl":"\/pl\/p-fa-7860-parasol-windmatic-alu-umbrella-7860-9478\/red-12952\/"},"page_links_customization":{"fr":"\/fr\/p-fa-7860-windmatic-alu-umbrella-9478\/red-12952\/custom\/","en":"\/en\/p-fa-7860-windmatic-alu-umbrella-9478\/red-12952\/custom\/","de":"\/de\/p-fa-7860-windmatic-alu-umbrella-9478\/red-12952\/custom\/","nl":"\/nl\/p-fa-7860-windmatic-alu-umbrella-9478\/red-12952\/custom\/","es":"\/es\/p-fa-7860-windmatic-alu-umbrella-9478\/red-12952\/custom\/","it":"\/it\/p-fa-7860-windmatic-alu-umbrella-9478\/red-12952\/custom\/","sv":"\/sv\/p-fa-7860-windmatic-alu-umbrella-9478\/red-12952\/custom\/","pt":"\/pt\/p-fa-7860-windmatic-alu-umbrella-9478\/red-12952\/custom\/","da":"\/da\/p-fa-7860-windmatic-alu-umbrella-9478\/red-12952\/custom\/","pl":"\/pl\/p-fa-7860-windmatic-alu-umbrella-9478\/red-12952\/custom\/"}},{"id":12948,"name":"euro_blue","class_ids":[2],"codes_hexa":["0074BF"],"delai_24":false,"has_3d":false,"seuil_global":0,"stock_local":0,"stock_global":0,"on_standby":true,"in_catalog":false,"images":{"miniature":["https:\/\/media.th4.com\/3dBS0tecLWuMPYthX2p-Ab0mPh6StLL6BPMdImINSzI\/pr:80\/aHR0cDovL21lZGlhMi5kZXNpZ25wYXJ0bmVyLmZyL2MvcC85NDc4Lzk0NzgtMTI5NDgtMS5qcGc?v=1610004350"],"medium":["https:\/\/media.th4.com\/GgcJzdQcO-hx1qwsppj4lESkqWe0bu9ePjm4Jw-IxqQ\/pr:550x550\/aHR0cDovL21lZGlhMi5kZXNpZ25wYXJ0bmVyLmZyL2MvcC85NDc4Lzk0NzgtMTI5NDgtMS5qcGc?v=1610004350"],"medium_large":["https:\/\/media.th4.com\/gOf-dY_163QuFSjbXu0IY6lDoSPuZup2PeLqktZiZkA\/pr:1000x1000\/aHR0cDovL21lZGlhMi5kZXNpZ25wYXJ0bmVyLmZyL2MvcC85NDc4Lzk0NzgtMTI5NDgtMS5qcGc?v=1610004350"],"large":["https:\/\/media.th4.com\/3RWqA5twJ7SJ7TwqGEv4pRJA5mp_bUtSoWM32bmsvpI\/pr:1920\/aHR0cDovL21lZGlhMi5kZXNpZ25wYXJ0bmVyLmZyL2MvcC85NDc4Lzk0NzgtMTI5NDgtMS5qcGc?v=1610004350"],"opengraph":["https:\/\/media.th4.com\/hpIkvzGwMNOKGLUrEALynczbhUb-RzHwJuQJolaA2Zs\/pr:1200x630\/aHR0cDovL21lZGlhMi5kZXNpZ25wYXJ0bmVyLmZyL2MvcC85NDc4Lzk0NzgtMTI5NDgtMS5qcGc?v=1610004350"]},"images_customization":{"miniature":["https:\/\/media.th4.com\/3dBS0tecLWuMPYthX2p-Ab0mPh6StLL6BPMdImINSzI\/pr:80\/aHR0cDovL21lZGlhMi5kZXNpZ25wYXJ0bmVyLmZyL2MvcC85NDc4Lzk0NzgtMTI5NDgtMS5qcGc?v=1610004350"],"medium":["https:\/\/media.th4.com\/GgcJzdQcO-hx1qwsppj4lESkqWe0bu9ePjm4Jw-IxqQ\/pr:550x550\/aHR0cDovL21lZGlhMi5kZXNpZ25wYXJ0bmVyLmZyL2MvcC85NDc4Lzk0NzgtMTI5NDgtMS5qcGc?v=1610004350"],"medium_large":["https:\/\/media.th4.com\/gOf-dY_163QuFSjbXu0IY6lDoSPuZup2PeLqktZiZkA\/pr:1000x1000\/aHR0cDovL21lZGlhMi5kZXNpZ25wYXJ0bmVyLmZyL2MvcC85NDc4Lzk0NzgtMTI5NDgtMS5qcGc?v=1610004350"],"large":["https:\/\/media.th4.com\/3RWqA5twJ7SJ7TwqGEv4pRJA5mp_bUtSoWM32bmsvpI\/pr:1920\/aHR0cDovL21lZGlhMi5kZXNpZ25wYXJ0bmVyLmZyL2MvcC85NDc4Lzk0NzgtMTI5NDgtMS5qcGc?v=1610004350"],"opengraph":["https:\/\/media.th4.com\/hpIkvzGwMNOKGLUrEALynczbhUb-RzHwJuQJolaA2Zs\/pr:1200x630\/aHR0cDovL21lZGlhMi5kZXNpZ25wYXJ0bmVyLmZyL2MvcC85NDc4Lzk0NzgtMTI5NDgtMS5qcGc?v=1610004350"]},"country_origin":"CN","traceability":{"manufacturing_country_id":null,"weaving_country_id":null,"dyeing_country_id":null},"sizes":[],"page_links":{"fr":"\/fr\/p-fa-7860-windmatic-alu-umbrella-parapluie-7860-9478\/euro-blue-12948\/","en":"\/en\/p-fa-7860-windmatic-alu-umbrella-umbrella-7860-9478\/euro-blue-12948\/","de":"\/de\/p-fa-7860-windmatic-alu-umbrella-regenschirm-7860-9478\/euro-blue-12948\/","nl":"\/nl\/p-fa-7860-windmatic-alu-umbrella-paraplu-7860-9478\/euro-blue-12948\/","es":"\/es\/p-fa-7860-paraguas-windmatic-alu-umbrella-7860-9478\/euro-blue-12948\/","it":"\/it\/p-fa-7860-ombrello-windmatic-alu-umbrella-7860-9478\/euro-blue-12948\/","sv":"\/sv\/p-fa-7860-windmatic-alu-umbrella-paraply-7860-9478\/euro-blue-12948\/","pt":"\/pt\/p-fa-7860-guarda-chuva-windmatic-alu-umbrella-7860-9478\/euro-blue-12948\/","da":"\/da\/p-fa-7860-windmatic-alu-umbrella-paraply-7860-9478\/euro-blue-12948\/","pl":"\/pl\/p-fa-7860-parasol-windmatic-alu-umbrella-7860-9478\/euro-blue-12948\/"},"page_links_customization":{"fr":"\/fr\/p-fa-7860-windmatic-alu-umbrella-9478\/euro-blue-12948\/custom\/","en":"\/en\/p-fa-7860-windmatic-alu-umbrella-9478\/euro-blue-12948\/custom\/","de":"\/de\/p-fa-7860-windmatic-alu-umbrella-9478\/euro-blue-12948\/custom\/","nl":"\/nl\/p-fa-7860-windmatic-alu-umbrella-9478\/euro-blue-12948\/custom\/","es":"\/es\/p-fa-7860-windmatic-alu-umbrella-9478\/euro-blue-12948\/custom\/","it":"\/it\/p-fa-7860-windmatic-alu-umbrella-9478\/euro-blue-12948\/custom\/","sv":"\/sv\/p-fa-7860-windmatic-alu-umbrella-9478\/euro-blue-12948\/custom\/","pt":"\/pt\/p-fa-7860-windmatic-alu-umbrella-9478\/euro-blue-12948\/custom\/","da":"\/da\/p-fa-7860-windmatic-alu-umbrella-9478\/euro-blue-12948\/custom\/","pl":"\/pl\/p-fa-7860-windmatic-alu-umbrella-9478\/euro-blue-12948\/custom\/"}},{"id":12979,"name":"light_grey","class_ids":[3],"codes_hexa":["ACABAA"],"delai_24":false,"has_3d":false,"seuil_global":0,"stock_local":0,"stock_global":0,"on_standby":true,"in_catalog":false,"images":{"miniature":["https:\/\/media.th4.com\/cSab8l79h5R4LIZ5RX6VkZKKu5o5ASJKet7GP5WdUAE\/pr:80\/aHR0cDovL21lZGlhMi5kZXNpZ25wYXJ0bmVyLmZyL2MvcC85NDc4Lzk0NzgtMTI5NzktMS5qcGc?v=1610004350"],"medium":["https:\/\/media.th4.com\/A4vqfbW44yK2F-kzaQsNWybcj5QfEHpqcRTdva_LrsY\/pr:550x550\/aHR0cDovL21lZGlhMi5kZXNpZ25wYXJ0bmVyLmZyL2MvcC85NDc4Lzk0NzgtMTI5NzktMS5qcGc?v=1610004350"],"medium_large":["https:\/\/media.th4.com\/xxmZG8iqNlBsaRGnzIzYTK7KvY4wQdh7SgWHtNeQCFI\/pr:1000x1000\/aHR0cDovL21lZGlhMi5kZXNpZ25wYXJ0bmVyLmZyL2MvcC85NDc4Lzk0NzgtMTI5NzktMS5qcGc?v=1610004350"],"large":["https:\/\/media.th4.com\/18BIX5sNKGBp4SYzAr36j6OKEEI2zID5zTkpYj2e480\/pr:1920\/aHR0cDovL21lZGlhMi5kZXNpZ25wYXJ0bmVyLmZyL2MvcC85NDc4Lzk0NzgtMTI5NzktMS5qcGc?v=1610004350"],"opengraph":["https:\/\/media.th4.com\/G-GGV8q5Q3svqAyvAbJpyi26dLI7N4rSag1XzIMSCfE\/pr:1200x630\/aHR0cDovL21lZGlhMi5kZXNpZ25wYXJ0bmVyLmZyL2MvcC85NDc4Lzk0NzgtMTI5NzktMS5qcGc?v=1610004350"]},"images_customization":{"miniature":["https:\/\/media.th4.com\/cSab8l79h5R4LIZ5RX6VkZKKu5o5ASJKet7GP5WdUAE\/pr:80\/aHR0cDovL21lZGlhMi5kZXNpZ25wYXJ0bmVyLmZyL2MvcC85NDc4Lzk0NzgtMTI5NzktMS5qcGc?v=1610004350"],"medium":["https:\/\/media.th4.com\/A4vqfbW44yK2F-kzaQsNWybcj5QfEHpqcRTdva_LrsY\/pr:550x550\/aHR0cDovL21lZGlhMi5kZXNpZ25wYXJ0bmVyLmZyL2MvcC85NDc4Lzk0NzgtMTI5NzktMS5qcGc?v=1610004350"],"medium_large":["https:\/\/media.th4.com\/xxmZG8iqNlBsaRGnzIzYTK7KvY4wQdh7SgWHtNeQCFI\/pr:1000x1000\/aHR0cDovL21lZGlhMi5kZXNpZ25wYXJ0bmVyLmZyL2MvcC85NDc4Lzk0NzgtMTI5NzktMS5qcGc?v=1610004350"],"large":["https:\/\/media.th4.com\/18BIX5sNKGBp4SYzAr36j6OKEEI2zID5zTkpYj2e480\/pr:1920\/aHR0cDovL21lZGlhMi5kZXNpZ25wYXJ0bmVyLmZyL2MvcC85NDc4Lzk0NzgtMTI5NzktMS5qcGc?v=1610004350"],"opengraph":["https:\/\/media.th4.com\/G-GGV8q5Q3svqAyvAbJpyi26dLI7N4rSag1XzIMSCfE\/pr:1200x630\/aHR0cDovL21lZGlhMi5kZXNpZ25wYXJ0bmVyLmZyL2MvcC85NDc4Lzk0NzgtMTI5NzktMS5qcGc?v=1610004350"]},"country_origin":"CN","traceability":{"manufacturing_country_id":null,"weaving_country_id":null,"dyeing_country_id":null},"sizes":[],"page_links":{"fr":"\/fr\/p-fa-7860-windmatic-alu-umbrella-parapluie-7860-9478\/light-grey-12979\/","en":"\/en\/p-fa-7860-windmatic-alu-umbrella-umbrella-7860-9478\/light-grey-12979\/","de":"\/de\/p-fa-7860-windmatic-alu-umbrella-regenschirm-7860-9478\/light-grey-12979\/","nl":"\/nl\/p-fa-7860-windmatic-alu-umbrella-paraplu-7860-9478\/light-grey-12979\/","es":"\/es\/p-fa-7860-paraguas-windmatic-alu-umbrella-7860-9478\/light-grey-12979\/","it":"\/it\/p-fa-7860-ombrello-windmatic-alu-umbrella-7860-9478\/light-grey-12979\/","sv":"\/sv\/p-fa-7860-windmatic-alu-umbrella-paraply-7860-9478\/light-grey-12979\/","pt":"\/pt\/p-fa-7860-guarda-chuva-windmatic-alu-umbrella-7860-9478\/light-grey-12979\/","da":"\/da\/p-fa-7860-windmatic-alu-umbrella-paraply-7860-9478\/light-grey-12979\/","pl":"\/pl\/p-fa-7860-parasol-windmatic-alu-umbrella-7860-9478\/light-grey-12979\/"},"page_links_customization":{"fr":"\/fr\/p-fa-7860-windmatic-alu-umbrella-9478\/light-grey-12979\/custom\/","en":"\/en\/p-fa-7860-windmatic-alu-umbrella-9478\/light-grey-12979\/custom\/","de":"\/de\/p-fa-7860-windmatic-alu-umbrella-9478\/light-grey-12979\/custom\/","nl":"\/nl\/p-fa-7860-windmatic-alu-umbrella-9478\/light-grey-12979\/custom\/","es":"\/es\/p-fa-7860-windmatic-alu-umbrella-9478\/light-grey-12979\/custom\/","it":"\/it\/p-fa-7860-windmatic-alu-umbrella-9478\/light-grey-12979\/custom\/","sv":"\/sv\/p-fa-7860-windmatic-alu-umbrella-9478\/light-grey-12979\/custom\/","pt":"\/pt\/p-fa-7860-windmatic-alu-umbrella-9478\/light-grey-12979\/custom\/","da":"\/da\/p-fa-7860-windmatic-alu-umbrella-9478\/light-grey-12979\/custom\/","pl":"\/pl\/p-fa-7860-windmatic-alu-umbrella-9478\/light-grey-12979\/custom\/"}},{"id":12953,"name":"white","class_ids":[1],"codes_hexa":["FFFFFF"],"delai_24":false,"has_3d":false,"seuil_global":0,"stock_local":0,"stock_global":0,"on_standby":true,"in_catalog":false,"images":{"miniature":["https:\/\/media.th4.com\/hGNONVhCMOOaXGG_aYFc_nqbtkkMlBxm7Ez4bRt7pIM\/pr:80\/aHR0cDovL21lZGlhMi5kZXNpZ25wYXJ0bmVyLmZyL2MvcC85NDc4Lzk0NzgtMTI5NTMtMS5qcGc?v=1610004350"],"medium":["https:\/\/media.th4.com\/SK6sVgpeWVYad3HUAP8dmDG7y1Dy_AKABPc5tzP5Kos\/pr:550x550\/aHR0cDovL21lZGlhMi5kZXNpZ25wYXJ0bmVyLmZyL2MvcC85NDc4Lzk0NzgtMTI5NTMtMS5qcGc?v=1610004350"],"medium_large":["https:\/\/media.th4.com\/rQhFSfmbllkVqjwwJRMQjEfkbH_Hdbl9i1zkfXHc8_E\/pr:1000x1000\/aHR0cDovL21lZGlhMi5kZXNpZ25wYXJ0bmVyLmZyL2MvcC85NDc4Lzk0NzgtMTI5NTMtMS5qcGc?v=1610004350"],"large":["https:\/\/media.th4.com\/6JxVUYuch2aICTHqJsHqWsghASzNVoihHq-Tq2KmgFk\/pr:1920\/aHR0cDovL21lZGlhMi5kZXNpZ25wYXJ0bmVyLmZyL2MvcC85NDc4Lzk0NzgtMTI5NTMtMS5qcGc?v=1610004350"],"opengraph":["https:\/\/media.th4.com\/qxCZ063aQi3F5gIzxoT1WAT6FlpaCzUigYlcurNcG5I\/pr:1200x630\/aHR0cDovL21lZGlhMi5kZXNpZ25wYXJ0bmVyLmZyL2MvcC85NDc4Lzk0NzgtMTI5NTMtMS5qcGc?v=1610004350"]},"images_customization":{"miniature":["https:\/\/media.th4.com\/hGNONVhCMOOaXGG_aYFc_nqbtkkMlBxm7Ez4bRt7pIM\/pr:80\/aHR0cDovL21lZGlhMi5kZXNpZ25wYXJ0bmVyLmZyL2MvcC85NDc4Lzk0NzgtMTI5NTMtMS5qcGc?v=1610004350"],"medium":["https:\/\/media.th4.com\/SK6sVgpeWVYad3HUAP8dmDG7y1Dy_AKABPc5tzP5Kos\/pr:550x550\/aHR0cDovL21lZGlhMi5kZXNpZ25wYXJ0bmVyLmZyL2MvcC85NDc4Lzk0NzgtMTI5NTMtMS5qcGc?v=1610004350"],"medium_large":["https:\/\/media.th4.com\/rQhFSfmbllkVqjwwJRMQjEfkbH_Hdbl9i1zkfXHc8_E\/pr:1000x1000\/aHR0cDovL21lZGlhMi5kZXNpZ25wYXJ0bmVyLmZyL2MvcC85NDc4Lzk0NzgtMTI5NTMtMS5qcGc?v=1610004350"],"large":["https:\/\/media.th4.com\/6JxVUYuch2aICTHqJsHqWsghASzNVoihHq-Tq2KmgFk\/pr:1920\/aHR0cDovL21lZGlhMi5kZXNpZ25wYXJ0bmVyLmZyL2MvcC85NDc4Lzk0NzgtMTI5NTMtMS5qcGc?v=1610004350"],"opengraph":["https:\/\/media.th4.com\/qxCZ063aQi3F5gIzxoT1WAT6FlpaCzUigYlcurNcG5I\/pr:1200x630\/aHR0cDovL21lZGlhMi5kZXNpZ25wYXJ0bmVyLmZyL2MvcC85NDc4Lzk0NzgtMTI5NTMtMS5qcGc?v=1610004350"]},"country_origin":"CN","traceability":{"manufacturing_country_id":null,"weaving_country_id":null,"dyeing_country_id":null},"sizes":[],"page_links":{"fr":"\/fr\/p-fa-7860-windmatic-alu-umbrella-parapluie-7860-9478\/white-12953\/","en":"\/en\/p-fa-7860-windmatic-alu-umbrella-umbrella-7860-9478\/white-12953\/","de":"\/de\/p-fa-7860-windmatic-alu-umbrella-regenschirm-7860-9478\/white-12953\/","nl":"\/nl\/p-fa-7860-windmatic-alu-umbrella-paraplu-7860-9478\/white-12953\/","es":"\/es\/p-fa-7860-paraguas-windmatic-alu-umbrella-7860-9478\/white-12953\/","it":"\/it\/p-fa-7860-ombrello-windmatic-alu-umbrella-7860-9478\/white-12953\/","sv":"\/sv\/p-fa-7860-windmatic-alu-umbrella-paraply-7860-9478\/white-12953\/","pt":"\/pt\/p-fa-7860-guarda-chuva-windmatic-alu-umbrella-7860-9478\/white-12953\/","da":"\/da\/p-fa-7860-windmatic-alu-umbrella-paraply-7860-9478\/white-12953\/","pl":"\/pl\/p-fa-7860-parasol-windmatic-alu-umbrella-7860-9478\/white-12953\/"},"page_links_customization":{"fr":"\/fr\/p-fa-7860-windmatic-alu-umbrella-9478\/white-12953\/custom\/","en":"\/en\/p-fa-7860-windmatic-alu-umbrella-9478\/white-12953\/custom\/","de":"\/de\/p-fa-7860-windmatic-alu-umbrella-9478\/white-12953\/custom\/","nl":"\/nl\/p-fa-7860-windmatic-alu-umbrella-9478\/white-12953\/custom\/","es":"\/es\/p-fa-7860-windmatic-alu-umbrella-9478\/white-12953\/custom\/","it":"\/it\/p-fa-7860-windmatic-alu-umbrella-9478\/white-12953\/custom\/","sv":"\/sv\/p-fa-7860-windmatic-alu-umbrella-9478\/white-12953\/custom\/","pt":"\/pt\/p-fa-7860-windmatic-alu-umbrella-9478\/white-12953\/custom\/","da":"\/da\/p-fa-7860-windmatic-alu-umbrella-9478\/white-12953\/custom\/","pl":"\/pl\/p-fa-7860-windmatic-alu-umbrella-9478\/white-12953\/custom\/"}}],"documentation_link":null,"countries_availables":["AD","AE","AL","AT","BA","BD","BE","BG","BL","CA","CH","CN","CO","CY","CZ","DE","DK","DO","EE","EG","ES","ET","FI","FR","GB","GE","GF","GP","GR","GT","HK","HN","HR","HT","HU","ID","IE","IN","IS","IT","JO","JP","KE","KH","KP","KR","LA","LK","LS","LT","LU","LV","MA","MF","MG","MK","MM","MN","MQ","MT","MX","MY","NC","NI","NL","PF","PH","PK","PL","PM","PT","RE","RO","SE","SG","SI","SK","SV","SY","TH","TN","TR","TW","TZ","US","VN","WF","YT"]},"infos_customization":[],"features":{"authorize_multi_surfaces":true,"display_order_delay_type":true,"promote_surface_display":true,"tarification_franco_offert":true,"enabled_3d_editor":false},"markings":[{"id":0,"nom":"vierge","finition":null,"libelle":null,"code":null,"dpi":null,"finesse_forme_isolee":null,"finesse_forme_non_isolee":null,"hauteur_minimale_texte":null,"inactif":0,"marquage_interne":1,"quantite_min":null,"parent_id":null,"print_on_support":0,"content":"vierge","description":null},{"id":2,"nom":"fonce","finition":"optimale","libelle":"TopQuadri","code":null,"dpi":400,"finesse_forme_isolee":"0.040","finesse_forme_non_isolee":"0.700","hauteur_minimale_texte":2,"inactif":0,"marquage_interne":1,"quantite_min":null,"parent_id":18,"print_on_support":0,"content":"TopQuadri","description":"pour petites et moyennes s\u00e9ries"},{"id":3,"nom":"serigraphie","finition":"serigraphie","libelle":"SeriCoat","code":null,"dpi":400,"finesse_forme_isolee":"0.040","finesse_forme_non_isolee":"0.700","hauteur_minimale_texte":2,"inactif":0,"marquage_interne":1,"quantite_min":15,"parent_id":18,"print_on_support":0,"content":"SeriCoat","description":"pour moyennes et grandes s\u00e9ries"},{"id":4,"nom":"broderie","finition":"broderie","libelle":"Broderie","code":null,"dpi":400,"finesse_forme_isolee":"0.040","finesse_forme_non_isolee":"0.700","hauteur_minimale_texte":3,"inactif":0,"marquage_interne":1,"quantite_min":null,"parent_id":null,"print_on_support":0,"content":"Broderie","description":null},{"id":8,"nom":"theme","finition":null,"libelle":"Th\u00e8me","code":null,"dpi":null,"finesse_forme_isolee":null,"finesse_forme_non_isolee":null,"hauteur_minimale_texte":null,"inactif":0,"marquage_interne":1,"quantite_min":null,"parent_id":null,"print_on_support":0,"content":"Th\u00e8me","description":null},{"id":9,"nom":"sans","finition":null,"libelle":null,"code":null,"dpi":null,"finesse_forme_isolee":null,"finesse_forme_non_isolee":null,"hauteur_minimale_texte":null,"inactif":0,"marquage_interne":1,"quantite_min":null,"parent_id":null,"print_on_support":0,"content":"sans","description":null},{"id":10,"nom":"photo","finition":null,"libelle":"Photo","code":null,"dpi":null,"finesse_forme_isolee":null,"finesse_forme_non_isolee":null,"hauteur_minimale_texte":null,"inactif":0,"marquage_interne":1,"quantite_min":null,"parent_id":null,"print_on_support":0,"content":"Photo","description":null},{"id":14,"nom":"couleur","finition":null,"libelle":"Couleur","code":null,"dpi":null,"finesse_forme_isolee":null,"finesse_forme_non_isolee":null,"hauteur_minimale_texte":null,"inactif":0,"marquage_interne":1,"quantite_min":null,"parent_id":null,"print_on_support":0,"content":"Couleur","description":null},{"id":15,"nom":"sublimation","finition":"sublimation","libelle":"Sublimation","code":null,"dpi":null,"finesse_forme_isolee":"0.000","finesse_forme_non_isolee":"0.000","hauteur_minimale_texte":2,"inactif":0,"marquage_interne":1,"quantite_min":null,"parent_id":null,"print_on_support":0,"content":"Sublimation","description":null},{"id":16,"nom":"topquadri_uv","finition":null,"libelle":"TopQuadri UV","code":null,"dpi":null,"finesse_forme_isolee":"0.020","finesse_forme_non_isolee":"0.700","hauteur_minimale_texte":2,"inactif":0,"marquage_interne":1,"quantite_min":null,"parent_id":null,"print_on_support":1,"content":null,"description":null},{"id":17,"nom":"topquadri_uvp","finition":null,"libelle":"TopQuadri UVP","code":null,"dpi":null,"finesse_forme_isolee":"0.020","finesse_forme_non_isolee":"0.700","hauteur_minimale_texte":2,"inactif":0,"marquage_interne":1,"quantite_min":null,"parent_id":null,"print_on_support":1,"content":null,"description":null},{"id":18,"nom":"quadri","finition":null,"libelle":"Impression","code":null,"dpi":null,"finesse_forme_isolee":null,"finesse_forme_non_isolee":null,"hauteur_minimale_texte":null,"inactif":0,"marquage_interne":1,"quantite_min":null,"parent_id":null,"print_on_support":0,"content":null,"description":null}]}}