{"data":{"product":{"id":9476,"titre":"Windfighter\u00ae AC\u00b2 Fibreglass Umbrella","description":"Parapluie \u00e0 ouverture automatique de 68 cm. 8 panneaux, arbre de 12 mm et baleines en fibre de verre. Crosse en plastique noir avec revetement soft, et bouton poussoir int\u00e8gr\u00e9. Syst\u00e8me coupe vent. Diam\u00e8tre 120cm. Composition toile: 100% Polyester.","genre":"","grammage":0,"conditionnement":12,"composition":"polyester,polyester_uniquement","reference":"fa-7810","reference_visible":"fa-7810","reference_fabricant":"7810","ref_xor":"750401","in_catalog":true,"is_transfer":false,"is_service":false,"on_standby":false,"has_3d":false,"has_size_guide":false,"has_marking":false,"has_vierge":true,"is_cross_sellable":false,"id_picto":0,"filename_3d":null,"brand":{"id":178,"name":"Fare","logo":"logo-fare.png","image":"https:\/\/media.th4.com\/UNsdAEWayfgkDQsbOP77KjIJay26grKtmr2wMrsupQA\/pr:brand70x70\/aHR0cDovL21lZGlhMi5kZXNpZ25wYXJ0bmVyLmZyL2MvbS9sb2dvLWZhcmUucG5n"},"price_infos":{"price_from":21.09,"quantity":40,"color":{"id":12947,"name":"black"},"size":{"id":42,"name":"taille_unique"}},"price_infos_marking":{"price_from":0,"quantity":0,"size":{"id":0,"name":""},"color":{"id":0,"name":""},"marking":{"id":0,"name":""},"emplacement":"","surface":"","surface_emplacement_id":0},"i18n":{"blank":{"title":{"fr":"Windfighter ac umbrella parapluie FARE 7810","en":"Windfighter ac umbrella umbrella FARE 7810","de":"Windfighter ac umbrella Regenschirm FARE 7810","nl":"Windfighter ac umbrella paraplu 7810 FARE","es":"Paraguas Windfighter ac umbrella FARE 7810","it":"Ombrello Windfighter ac FARE 7810","sv":"Windfighter ac umbrella paraply FARE 7810","pt":"Guarda-chuva Windfighter ac FARE 7810","da":"Windfighter ac umbrella paraply FARE 7810","pl":"Parasol automatyczny Windfighter ac FARE 7810"},"description":{"fr":"Le Windfighter ac Umbrella est un parapluie \u00e0 ouverture automatique con\u00e7u pour un usage courant. Sa structure \u00e0 8 panneaux, son m\u00e2t de 12 mm et sa poign\u00e9e plastique noir avec rev\u00eatement soft et bouton poussoir int\u00e9gr\u00e9 facilitent la prise en main et l'utilisation.\n\n- Composition : toile 100% polyester\n- Ouverture automatique 68 cm\n- Diam\u00e8tre : 120 cm\n- 8 panneaux, baleines fibre de verre","en":"The Windfighter ac Umbrella is an automatic opening umbrella designed for everyday use. Its 8-panel structure, 12 mm shaft, and black plastic handle with soft coating and integrated push button make it easy to hold and use.\n\n- Composition: 100% polyester fabric\n- Automatic opening 68 cm\n- Diameter: 120 cm\n- 8 panels, fiberglass ribs","de":"Der Windfighter ac Umbrella ist ein Regenschirm mit automatischer \u00d6ffnung, ausgelegt f\u00fcr den t\u00e4glichen Gebrauch. Seine Konstruktion mit 8 Segmenten, sein 12-mm-Schaft und sein schwarzer Kunststoffgriff mit Softbeschichtung und integriertem Druckknopf erleichtern die Handhabung und die Nutzung.\n\n- Material: 100% Polyester\n- Automatische \u00d6ffnung 68 cm\n- Durchmesser: 120 cm\n- 8 Segmente, Fiberglasschienen","nl":"De Windfighter ac Umbrella is een paraplu met automatische opening, ontworpen voor dagelijks gebruik. De constructie met 8 panelen, de steel van 12 mm en de zwarte kunststof handgreep met soft-coating en ge\u00efntegreerde drukknop maken de grip en het gebruik eenvoudiger.\n\n- Samenstelling: 100% polyester doek\n- Automatische opening 68 cm\n- Diameter: 120 cm\n- 8 panelen, baleinen van glasvezel","es":"El Windfighter ac Umbrella es un paraguas de apertura autom\u00e1tica dise\u00f1ado para un uso corriente. Su estructura de 8 paneles, su m\u00e1stil de 12 mm y su mango de pl\u00e1stico negro con revestimiento soft y bot\u00f3n pulsador integrado facilitan el agarre y el uso.\n\n- Composici\u00f3n: tejido 100% poli\u00e9ster\n- Apertura autom\u00e1tica 68 cm\n- Di\u00e1metro: 120 cm\n- 8 paneles, varillas de fibra de vidrio","it":"Il Windfighter ac Umbrella \u00e8 un ombrello con apertura automatica progettato per un uso quotidiano. La sua struttura a 8 pannelli, l'asta da 12 mm e il manico in plastica nera con rivestimento soft e pulsante integrato facilitano la presa e l'utilizzo.\n\n- Composizione: tessuto 100% poliestere\n- Apertura automatica 68 cm\n- Diametro: 120 cm\n- 8 pannelli, stecche in fibra di vetro","sv":"Windfighter ac Umbrella \u00e4r ett paraply med automatisk \u00f6ppning, utformat f\u00f6r daglig anv\u00e4ndning. Konstruktionen med 8 paneler, skaftet p\u00e5 12 mm och det svarta plasthandtaget med mjuk yta och integrerad tryckknapp ger ett s\u00e4kert grepp och enkel anv\u00e4ndning.\n\n- Material: v\u00e4v i 100 % polyester\n- Automatisk \u00f6ppning 68 cm\n- Diameter: 120 cm\n- 8 paneler, glasfiberspr\u00f6t","pt":"O Windfighter ac Umbrella \u00e9 um guarda-chuva de abertura autom\u00e1tica concebido para uso corrente. A sua estrutura de 8 pain\u00e9is, a sua haste de 12 mm e a sua pega em pl\u00e1stico preto com revestimento soft e bot\u00e3o de press\u00e3o integrado facilitam a preens\u00e3o e a utiliza\u00e7\u00e3o.\n\n- Composi\u00e7\u00e3o: tecido 100% poli\u00e9ster\n- Abertura autom\u00e1tica 68 cm\n- Di\u00e2metro: 120 cm\n- 8 pain\u00e9is, varetas em fibra de vidro","da":"Windfighter ac Umbrella er en paraply med automatisk \u00e5bning, beregnet til almindelig brug. Dens konstruktion med 8 paneler, skaft p\u00e5 12 mm og sort plastgreb med bl\u00f8d bel\u00e6gning og integreret trykknap g\u00f8r grebet og brugen enkel.\n\n- Sammens\u00e6tning: 100% polyesterdug\n- Automatisk \u00e5bning 68 cm\n- Diameter: 120 cm\n- 8 paneler, glasfiberribber","pl":"Parasol Windfighter ac Umbrella to parasol z automatycznym otwieraniem, przeznaczony do codziennego u\u017cytku. Konstrukcja z 8 panelami, maszt 12 mm oraz czarna plastikowa r\u0105czka z mi\u0119kk\u0105 pow\u0142ok\u0105 i zintegrowanym przyciskiem u\u0142atwiaj\u0105 chwyt i u\u017cytkowanie.\n\n- Sk\u0142ad: tkanina 100% poliester\n- Automatyczne otwieranie 68 cm\n- \u015arednica: 120 cm\n- 8 paneli, \u017cebra z w\u0142\u00f3kna szklanego"},"h1":{"fr":"Windfighter ac umbrella parapluie 7810","en":"Windfighter ac umbrella umbrella 7810","de":"Windfighter ac umbrella Regenschirm 7810","nl":"Windfighter ac umbrella paraplu 7810","es":"Paraguas Windfighter ac umbrella 7810","it":"Ombrello Windfighter ac 7810","sv":"Windfighter ac umbrella paraply 7810","pt":"Guarda-chuva Windfighter ac 7810","da":"Windfighter ac umbrella paraply 7810","pl":"Parasol automatyczny Windfighter ac 7810"},"meta_description":{"fr":"Parapluie \u00e0 ouverture automatique de 68 cm, diam\u00e8tre 120 cm, 8 panneaux, m\u00e2t 12 mm, baleines en fibre de verre et poign\u00e9e plastique noir soft.","en":"Automatic opening umbrella, 68 cm, diameter 120 cm, 8 panels, 12 mm shaft, fiberglass ribs and black soft plastic handle.","de":"Regenschirm mit automatischer \u00d6ffnung 68 cm, Durchmesser 120 cm, 8 Segmente, Schaft 12 mm, Fiberglasschienen und schwarzer Kunststoffgriff mit Softbeschichtung.","nl":"Paraplu met automatische opening van 68 cm, diameter 120 cm, 8 panelen, steel van 12 mm, baleinen van glasvezel en zwarte kunststof handgreep met soft-coating.","es":"Paraguas de apertura autom\u00e1tica de 68 cm, di\u00e1metro 120 cm, 8 paneles, m\u00e1stil de 12 mm, varillas de fibra de vidrio y mango de pl\u00e1stico negro soft.","it":"Ombrello con apertura automatica da 68 cm, diametro 120 cm, 8 pannelli, asta da 12 mm, stecche in fibra di vetro e manico in plastica nera soft.","sv":"Paraply med automatisk \u00f6ppning 68 cm, diameter 120 cm, 8 paneler, skaft 12 mm, glasfiberspr\u00f6t och svart plasthandtag med mjuk yta.","pt":"Guarda-chuva de abertura autom\u00e1tica de 68 cm, di\u00e2metro de 120 cm, 8 pain\u00e9is, haste de 12 mm, varetas em fibra de vidro e pega em pl\u00e1stico preto soft.","da":"Paraply med automatisk \u00e5bning, diameter 120 cm, 8 paneler, skaft 12 mm, glasfiberribber og bl\u00f8dt sort plastgreb.","pl":"Parasol z automatycznym otwieraniem 68 cm, \u015brednica 120 cm, 8 paneli, maszt 12 mm, \u017cebra z w\u0142\u00f3kna szklanego i czarna plastikowa r\u0105czka soft."}},"custom":{"title":{"fr":null,"en":null,"de":null,"nl":null,"es":null,"it":null,"sv":null,"pt":null,"da":null,"pl":null},"description":{"fr":null,"en":null,"de":null,"nl":null,"es":null,"it":null,"sv":null,"pt":null,"da":null,"pl":null},"h1":{"fr":null,"en":null,"de":null,"nl":null,"es":null,"it":null,"sv":null,"pt":null,"da":null,"pl":null},"meta_description":{"fr":null,"en":null,"de":null,"nl":null,"es":null,"it":null,"sv":null,"pt":null,"da":null,"pl":null}}},"categories":[{"id":323,"name":"Parapluies","singular":"Parapluie","is_feminin":false},{"id":431,"name":"Objets","singular":"Objet publicitaire","is_feminin":false}],"certifications":[],"videos":{"fr":[],"en":[],"de":[],"nl":[],"es":[],"it":[],"sv":[],"pt":[],"da":[],"pl":[]},"main_images":{"miniature":"https:\/\/media.th4.com\/N1d9jgTdR2YGFUnkiuo9Der4p8g-ogiWgg4n17sjMKw\/pr:80\/aHR0cDovL21lZGlhMi5kZXNpZ25wYXJ0bmVyLmZyL2MvcC1NVC85NDc2LmpwZw?v=1642577008","medium":"https:\/\/media.th4.com\/8BpIIK37vo24_wBYyvWP_LgJ7zLBbRov98oJqFqd2Uw\/pr:550x550greybg\/aHR0cDovL21lZGlhMi5kZXNpZ25wYXJ0bmVyLmZyL2MvcC1NVC85NDc2LmpwZw?v=1642577008","medium_large":"https:\/\/media.th4.com\/0BO9iU7FMlRA4AqUn7ucJ3-SfUdMvwKDzf7fOAbd_G8\/pr:1000x1000greybg\/aHR0cDovL21lZGlhMi5kZXNpZ25wYXJ0bmVyLmZyL2MvcC1NVC85NDc2LmpwZw?v=1642577008","large":"https:\/\/media.th4.com\/msFhiHeqQn0k3VUCtyxobbuHSp76PCV95DLHYC7enGQ\/pr:1920greybg\/aHR0cDovL21lZGlhMi5kZXNpZ25wYXJ0bmVyLmZyL2MvcC1NVC85NDc2LmpwZw?v=1642577008","opengraph":"https:\/\/media.th4.com\/XF89DKa5R2_klUND4VUmHvxFkAhRo0Q_mlkwz3nW_GM\/pr:1200x630greybg\/aHR0cDovL21lZGlhMi5kZXNpZ25wYXJ0bmVyLmZyL2MvcC1NVC85NDc2LmpwZw?v=1642577008"},"main_images_customization":{"miniature":"https:\/\/media.th4.com\/N1d9jgTdR2YGFUnkiuo9Der4p8g-ogiWgg4n17sjMKw\/pr:80\/aHR0cDovL21lZGlhMi5kZXNpZ25wYXJ0bmVyLmZyL2MvcC1NVC85NDc2LmpwZw?v=1642577008","medium":"https:\/\/media.th4.com\/8BpIIK37vo24_wBYyvWP_LgJ7zLBbRov98oJqFqd2Uw\/pr:550x550greybg\/aHR0cDovL21lZGlhMi5kZXNpZ25wYXJ0bmVyLmZyL2MvcC1NVC85NDc2LmpwZw?v=1642577008","medium_large":"https:\/\/media.th4.com\/0BO9iU7FMlRA4AqUn7ucJ3-SfUdMvwKDzf7fOAbd_G8\/pr:1000x1000greybg\/aHR0cDovL21lZGlhMi5kZXNpZ25wYXJ0bmVyLmZyL2MvcC1NVC85NDc2LmpwZw?v=1642577008","large":"https:\/\/media.th4.com\/msFhiHeqQn0k3VUCtyxobbuHSp76PCV95DLHYC7enGQ\/pr:1920greybg\/aHR0cDovL21lZGlhMi5kZXNpZ25wYXJ0bmVyLmZyL2MvcC1NVC85NDc2LmpwZw?v=1642577008","opengraph":"https:\/\/media.th4.com\/XF89DKa5R2_klUND4VUmHvxFkAhRo0Q_mlkwz3nW_GM\/pr:1200x630greybg\/aHR0cDovL21lZGlhMi5kZXNpZ25wYXJ0bmVyLmZyL2MvcC1NVC85NDc2LmpwZw?v=1642577008"},"page_links":{"fr":"\/fr\/p-fa-7810-windfighter-ac-umbrella-parapluie-7810-9476\/","en":"\/en\/p-fa-7810-windfighter-ac-umbrella-umbrella-7810-9476\/","de":"\/de\/p-fa-7810-windfighter-ac-umbrella-regenschirm-7810-9476\/","nl":"\/nl\/p-fa-7810-windfighter-ac-umbrella-paraplu-7810-9476\/","es":"\/es\/p-fa-7810-paraguas-windfighter-ac-umbrella-7810-9476\/","it":"\/it\/p-fa-7810-ombrello-windfighter-ac-7810-9476\/","sv":"\/sv\/p-fa-7810-windfighter-ac-umbrella-paraply-7810-9476\/","pt":"\/pt\/p-fa-7810-guarda-chuva-windfighter-ac-7810-9476\/","da":"\/da\/p-fa-7810-windfighter-ac-umbrella-paraply-7810-9476\/","pl":"\/pl\/p-fa-7810-parasol-automatyczny-windfighter-ac-7810-9476\/"},"page_links_customization":{"fr":"\/fr\/p-fa-7810-windfighter-ac-fibreglass-umbrella-9476\/custom\/","en":"\/en\/p-fa-7810-windfighter-ac-fibreglass-umbrella-9476\/custom\/","de":"\/de\/p-fa-7810-windfighter-ac-fibreglass-umbrella-9476\/custom\/","nl":"\/nl\/p-fa-7810-windfighter-ac-fibreglass-umbrella-9476\/custom\/","es":"\/es\/p-fa-7810-windfighter-ac-fibreglass-umbrella-9476\/custom\/","it":"\/it\/p-fa-7810-windfighter-ac-fibreglass-umbrella-9476\/custom\/","sv":"\/sv\/p-fa-7810-windfighter-ac-fibreglass-umbrella-9476\/custom\/","pt":"\/pt\/p-fa-7810-windfighter-ac-fibreglass-umbrella-9476\/custom\/","da":"\/da\/p-fa-7810-windfighter-ac-fibreglass-umbrella-9476\/custom\/","pl":"\/pl\/p-fa-7810-windfighter-ac-fibreglass-umbrella-9476\/custom\/"},"equivalent_products":[],"colors":[{"id":12947,"name":"black","class_ids":[4],"codes_hexa":["1B1B1F"],"delai_24":false,"has_3d":false,"seuil_global":0,"stock_local":0,"stock_global":74,"on_standby":false,"in_catalog":true,"images":{"miniature":["https:\/\/media.th4.com\/i60wlI6yLtQ1JbIWw8SCuikESjpe_ilLHsT4oUZ1h98\/pr:80\/aHR0cDovL21lZGlhMi5kZXNpZ25wYXJ0bmVyLmZyL2MvcC85NDc2Lzk0NzYtMTI5NDctMS5qcGc?v=1610015936"],"medium":["https:\/\/media.th4.com\/ho69RfQJiCTRt8W60KFlFu2UHqa7tCV6h9ZcGknjdq0\/pr:550x550\/aHR0cDovL21lZGlhMi5kZXNpZ25wYXJ0bmVyLmZyL2MvcC85NDc2Lzk0NzYtMTI5NDctMS5qcGc?v=1610015936"],"medium_large":["https:\/\/media.th4.com\/GMUr-gd9P9kxFBioXUQLGCyh52QAMjWO-VyKE9MXqAE\/pr:1000x1000\/aHR0cDovL21lZGlhMi5kZXNpZ25wYXJ0bmVyLmZyL2MvcC85NDc2Lzk0NzYtMTI5NDctMS5qcGc?v=1610015936"],"large":["https:\/\/media.th4.com\/N3tNXNk1Jv2ScOHVk8uuQJN-txuAlcdC5hLJK08qdro\/pr:1920\/aHR0cDovL21lZGlhMi5kZXNpZ25wYXJ0bmVyLmZyL2MvcC85NDc2Lzk0NzYtMTI5NDctMS5qcGc?v=1610015936"],"opengraph":["https:\/\/media.th4.com\/_xipAdQK8c6ScT4giR4QdU9nT75LtHYWbWqjf55qSw8\/pr:1200x630\/aHR0cDovL21lZGlhMi5kZXNpZ25wYXJ0bmVyLmZyL2MvcC85NDc2Lzk0NzYtMTI5NDctMS5qcGc?v=1610015936"]},"images_customization":{"miniature":["https:\/\/media.th4.com\/i60wlI6yLtQ1JbIWw8SCuikESjpe_ilLHsT4oUZ1h98\/pr:80\/aHR0cDovL21lZGlhMi5kZXNpZ25wYXJ0bmVyLmZyL2MvcC85NDc2Lzk0NzYtMTI5NDctMS5qcGc?v=1610015936"],"medium":["https:\/\/media.th4.com\/ho69RfQJiCTRt8W60KFlFu2UHqa7tCV6h9ZcGknjdq0\/pr:550x550\/aHR0cDovL21lZGlhMi5kZXNpZ25wYXJ0bmVyLmZyL2MvcC85NDc2Lzk0NzYtMTI5NDctMS5qcGc?v=1610015936"],"medium_large":["https:\/\/media.th4.com\/GMUr-gd9P9kxFBioXUQLGCyh52QAMjWO-VyKE9MXqAE\/pr:1000x1000\/aHR0cDovL21lZGlhMi5kZXNpZ25wYXJ0bmVyLmZyL2MvcC85NDc2Lzk0NzYtMTI5NDctMS5qcGc?v=1610015936"],"large":["https:\/\/media.th4.com\/N3tNXNk1Jv2ScOHVk8uuQJN-txuAlcdC5hLJK08qdro\/pr:1920\/aHR0cDovL21lZGlhMi5kZXNpZ25wYXJ0bmVyLmZyL2MvcC85NDc2Lzk0NzYtMTI5NDctMS5qcGc?v=1610015936"],"opengraph":["https:\/\/media.th4.com\/_xipAdQK8c6ScT4giR4QdU9nT75LtHYWbWqjf55qSw8\/pr:1200x630\/aHR0cDovL21lZGlhMi5kZXNpZ25wYXJ0bmVyLmZyL2MvcC85NDc2Lzk0NzYtMTI5NDctMS5qcGc?v=1610015936"]},"country_origin":"CN","traceability":{"manufacturing_country_id":null,"weaving_country_id":null,"dyeing_country_id":null},"sizes":[{"id":42,"article_id":292112,"class_id":19,"name":"taille_unique","on_standby":false,"stock_local":0,"stock_global":74,"multiple":1,"estimated_date_reassort":null,"is_destocking":false}],"page_links":{"fr":"\/fr\/p-fa-7810-windfighter-ac-umbrella-parapluie-7810-9476\/black-12947\/","en":"\/en\/p-fa-7810-windfighter-ac-umbrella-umbrella-7810-9476\/black-12947\/","de":"\/de\/p-fa-7810-windfighter-ac-umbrella-regenschirm-7810-9476\/black-12947\/","nl":"\/nl\/p-fa-7810-windfighter-ac-umbrella-paraplu-7810-9476\/black-12947\/","es":"\/es\/p-fa-7810-paraguas-windfighter-ac-umbrella-7810-9476\/black-12947\/","it":"\/it\/p-fa-7810-ombrello-windfighter-ac-7810-9476\/black-12947\/","sv":"\/sv\/p-fa-7810-windfighter-ac-umbrella-paraply-7810-9476\/black-12947\/","pt":"\/pt\/p-fa-7810-guarda-chuva-windfighter-ac-7810-9476\/black-12947\/","da":"\/da\/p-fa-7810-windfighter-ac-umbrella-paraply-7810-9476\/black-12947\/","pl":"\/pl\/p-fa-7810-parasol-automatyczny-windfighter-ac-7810-9476\/black-12947\/"},"page_links_customization":{"fr":"\/fr\/p-fa-7810-windfighter-ac-fibreglass-umbrella-9476\/black-12947\/custom\/","en":"\/en\/p-fa-7810-windfighter-ac-fibreglass-umbrella-9476\/black-12947\/custom\/","de":"\/de\/p-fa-7810-windfighter-ac-fibreglass-umbrella-9476\/black-12947\/custom\/","nl":"\/nl\/p-fa-7810-windfighter-ac-fibreglass-umbrella-9476\/black-12947\/custom\/","es":"\/es\/p-fa-7810-windfighter-ac-fibreglass-umbrella-9476\/black-12947\/custom\/","it":"\/it\/p-fa-7810-windfighter-ac-fibreglass-umbrella-9476\/black-12947\/custom\/","sv":"\/sv\/p-fa-7810-windfighter-ac-fibreglass-umbrella-9476\/black-12947\/custom\/","pt":"\/pt\/p-fa-7810-windfighter-ac-fibreglass-umbrella-9476\/black-12947\/custom\/","da":"\/da\/p-fa-7810-windfighter-ac-fibreglass-umbrella-9476\/black-12947\/custom\/","pl":"\/pl\/p-fa-7810-windfighter-ac-fibreglass-umbrella-9476\/black-12947\/custom\/"}},{"id":12950,"name":"navy_blue","class_ids":[2],"codes_hexa":["445074"],"delai_24":false,"has_3d":false,"seuil_global":0,"stock_local":0,"stock_global":24,"on_standby":false,"in_catalog":true,"images":{"miniature":["https:\/\/media.th4.com\/KOE0X0IgJbS37YpmnWDRScpU3koI-ww96ebkknkKjs4\/pr:80\/aHR0cDovL21lZGlhMi5kZXNpZ25wYXJ0bmVyLmZyL2MvcC85NDc2Lzk0NzYtMTI5NTAtMS5qcGc?v=1610015936"],"medium":["https:\/\/media.th4.com\/amJDdcizQmfcN5hg82bgZt87VITMJ7EfBooPnXQ3MVs\/pr:550x550\/aHR0cDovL21lZGlhMi5kZXNpZ25wYXJ0bmVyLmZyL2MvcC85NDc2Lzk0NzYtMTI5NTAtMS5qcGc?v=1610015936"],"medium_large":["https:\/\/media.th4.com\/I1ao4N8yEHAurPbiz8eiPxv-5248rbdzRgVoFz8ENZc\/pr:1000x1000\/aHR0cDovL21lZGlhMi5kZXNpZ25wYXJ0bmVyLmZyL2MvcC85NDc2Lzk0NzYtMTI5NTAtMS5qcGc?v=1610015936"],"large":["https:\/\/media.th4.com\/FtJFyyN49VQiMY0KVs-0o74tBwTF4gVeDIpN2HHJtVY\/pr:1920\/aHR0cDovL21lZGlhMi5kZXNpZ25wYXJ0bmVyLmZyL2MvcC85NDc2Lzk0NzYtMTI5NTAtMS5qcGc?v=1610015936"],"opengraph":["https:\/\/media.th4.com\/EdqGVfYckjLtom4KeigBrIRWjuHFsikJdaQj5c-FRVs\/pr:1200x630\/aHR0cDovL21lZGlhMi5kZXNpZ25wYXJ0bmVyLmZyL2MvcC85NDc2Lzk0NzYtMTI5NTAtMS5qcGc?v=1610015936"]},"images_customization":{"miniature":["https:\/\/media.th4.com\/KOE0X0IgJbS37YpmnWDRScpU3koI-ww96ebkknkKjs4\/pr:80\/aHR0cDovL21lZGlhMi5kZXNpZ25wYXJ0bmVyLmZyL2MvcC85NDc2Lzk0NzYtMTI5NTAtMS5qcGc?v=1610015936"],"medium":["https:\/\/media.th4.com\/amJDdcizQmfcN5hg82bgZt87VITMJ7EfBooPnXQ3MVs\/pr:550x550\/aHR0cDovL21lZGlhMi5kZXNpZ25wYXJ0bmVyLmZyL2MvcC85NDc2Lzk0NzYtMTI5NTAtMS5qcGc?v=1610015936"],"medium_large":["https:\/\/media.th4.com\/I1ao4N8yEHAurPbiz8eiPxv-5248rbdzRgVoFz8ENZc\/pr:1000x1000\/aHR0cDovL21lZGlhMi5kZXNpZ25wYXJ0bmVyLmZyL2MvcC85NDc2Lzk0NzYtMTI5NTAtMS5qcGc?v=1610015936"],"large":["https:\/\/media.th4.com\/FtJFyyN49VQiMY0KVs-0o74tBwTF4gVeDIpN2HHJtVY\/pr:1920\/aHR0cDovL21lZGlhMi5kZXNpZ25wYXJ0bmVyLmZyL2MvcC85NDc2Lzk0NzYtMTI5NTAtMS5qcGc?v=1610015936"],"opengraph":["https:\/\/media.th4.com\/EdqGVfYckjLtom4KeigBrIRWjuHFsikJdaQj5c-FRVs\/pr:1200x630\/aHR0cDovL21lZGlhMi5kZXNpZ25wYXJ0bmVyLmZyL2MvcC85NDc2Lzk0NzYtMTI5NTAtMS5qcGc?v=1610015936"]},"country_origin":"CN","traceability":{"manufacturing_country_id":null,"weaving_country_id":null,"dyeing_country_id":null},"sizes":[{"id":42,"article_id":292115,"class_id":19,"name":"taille_unique","on_standby":false,"stock_local":0,"stock_global":24,"multiple":1,"estimated_date_reassort":null,"is_destocking":false}],"page_links":{"fr":"\/fr\/p-fa-7810-windfighter-ac-umbrella-parapluie-7810-9476\/navy-blue-12950\/","en":"\/en\/p-fa-7810-windfighter-ac-umbrella-umbrella-7810-9476\/navy-blue-12950\/","de":"\/de\/p-fa-7810-windfighter-ac-umbrella-regenschirm-7810-9476\/navy-blue-12950\/","nl":"\/nl\/p-fa-7810-windfighter-ac-umbrella-paraplu-7810-9476\/navy-blue-12950\/","es":"\/es\/p-fa-7810-paraguas-windfighter-ac-umbrella-7810-9476\/navy-blue-12950\/","it":"\/it\/p-fa-7810-ombrello-windfighter-ac-7810-9476\/navy-blue-12950\/","sv":"\/sv\/p-fa-7810-windfighter-ac-umbrella-paraply-7810-9476\/navy-blue-12950\/","pt":"\/pt\/p-fa-7810-guarda-chuva-windfighter-ac-7810-9476\/navy-blue-12950\/","da":"\/da\/p-fa-7810-windfighter-ac-umbrella-paraply-7810-9476\/navy-blue-12950\/","pl":"\/pl\/p-fa-7810-parasol-automatyczny-windfighter-ac-7810-9476\/navy-blue-12950\/"},"page_links_customization":{"fr":"\/fr\/p-fa-7810-windfighter-ac-fibreglass-umbrella-9476\/navy-blue-12950\/custom\/","en":"\/en\/p-fa-7810-windfighter-ac-fibreglass-umbrella-9476\/navy-blue-12950\/custom\/","de":"\/de\/p-fa-7810-windfighter-ac-fibreglass-umbrella-9476\/navy-blue-12950\/custom\/","nl":"\/nl\/p-fa-7810-windfighter-ac-fibreglass-umbrella-9476\/navy-blue-12950\/custom\/","es":"\/es\/p-fa-7810-windfighter-ac-fibreglass-umbrella-9476\/navy-blue-12950\/custom\/","it":"\/it\/p-fa-7810-windfighter-ac-fibreglass-umbrella-9476\/navy-blue-12950\/custom\/","sv":"\/sv\/p-fa-7810-windfighter-ac-fibreglass-umbrella-9476\/navy-blue-12950\/custom\/","pt":"\/pt\/p-fa-7810-windfighter-ac-fibreglass-umbrella-9476\/navy-blue-12950\/custom\/","da":"\/da\/p-fa-7810-windfighter-ac-fibreglass-umbrella-9476\/navy-blue-12950\/custom\/","pl":"\/pl\/p-fa-7810-windfighter-ac-fibreglass-umbrella-9476\/navy-blue-12950\/custom\/"}},{"id":12952,"name":"red","class_ids":[6],"codes_hexa":["D60B2D"],"delai_24":false,"has_3d":false,"seuil_global":0,"stock_local":0,"stock_global":19,"on_standby":false,"in_catalog":true,"images":{"miniature":["https:\/\/media.th4.com\/kLLKCpT8nZ9XBql9pO54sTKmWSV5fFcqkNnDR_7N-aQ\/pr:80\/aHR0cDovL21lZGlhMi5kZXNpZ25wYXJ0bmVyLmZyL2MvcC85NDc2Lzk0NzYtMTI5NTItMS5qcGc?v=1610015938"],"medium":["https:\/\/media.th4.com\/sHXzpTGWHyBgKopHbaoh_aGvZ61sLhgAzchOYHnPsyQ\/pr:550x550\/aHR0cDovL21lZGlhMi5kZXNpZ25wYXJ0bmVyLmZyL2MvcC85NDc2Lzk0NzYtMTI5NTItMS5qcGc?v=1610015938"],"medium_large":["https:\/\/media.th4.com\/oevX3PwlbWVg3qXUqUYJBnCyehcugsA2hPXjmy_Vs8w\/pr:1000x1000\/aHR0cDovL21lZGlhMi5kZXNpZ25wYXJ0bmVyLmZyL2MvcC85NDc2Lzk0NzYtMTI5NTItMS5qcGc?v=1610015938"],"large":["https:\/\/media.th4.com\/6hAn_4GbhF87gFnQVFAIeF6cgr7BcFuOfdesx6hNXLw\/pr:1920\/aHR0cDovL21lZGlhMi5kZXNpZ25wYXJ0bmVyLmZyL2MvcC85NDc2Lzk0NzYtMTI5NTItMS5qcGc?v=1610015938"],"opengraph":["https:\/\/media.th4.com\/2srE7inZQ8aoSPDozrfW5vIAmuXttOL7mRHiNbGD3_g\/pr:1200x630\/aHR0cDovL21lZGlhMi5kZXNpZ25wYXJ0bmVyLmZyL2MvcC85NDc2Lzk0NzYtMTI5NTItMS5qcGc?v=1610015938"]},"images_customization":{"miniature":["https:\/\/media.th4.com\/kLLKCpT8nZ9XBql9pO54sTKmWSV5fFcqkNnDR_7N-aQ\/pr:80\/aHR0cDovL21lZGlhMi5kZXNpZ25wYXJ0bmVyLmZyL2MvcC85NDc2Lzk0NzYtMTI5NTItMS5qcGc?v=1610015938"],"medium":["https:\/\/media.th4.com\/sHXzpTGWHyBgKopHbaoh_aGvZ61sLhgAzchOYHnPsyQ\/pr:550x550\/aHR0cDovL21lZGlhMi5kZXNpZ25wYXJ0bmVyLmZyL2MvcC85NDc2Lzk0NzYtMTI5NTItMS5qcGc?v=1610015938"],"medium_large":["https:\/\/media.th4.com\/oevX3PwlbWVg3qXUqUYJBnCyehcugsA2hPXjmy_Vs8w\/pr:1000x1000\/aHR0cDovL21lZGlhMi5kZXNpZ25wYXJ0bmVyLmZyL2MvcC85NDc2Lzk0NzYtMTI5NTItMS5qcGc?v=1610015938"],"large":["https:\/\/media.th4.com\/6hAn_4GbhF87gFnQVFAIeF6cgr7BcFuOfdesx6hNXLw\/pr:1920\/aHR0cDovL21lZGlhMi5kZXNpZ25wYXJ0bmVyLmZyL2MvcC85NDc2Lzk0NzYtMTI5NTItMS5qcGc?v=1610015938"],"opengraph":["https:\/\/media.th4.com\/2srE7inZQ8aoSPDozrfW5vIAmuXttOL7mRHiNbGD3_g\/pr:1200x630\/aHR0cDovL21lZGlhMi5kZXNpZ25wYXJ0bmVyLmZyL2MvcC85NDc2Lzk0NzYtMTI5NTItMS5qcGc?v=1610015938"]},"country_origin":"CN","traceability":{"manufacturing_country_id":null,"weaving_country_id":null,"dyeing_country_id":null},"sizes":[{"id":42,"article_id":292116,"class_id":19,"name":"taille_unique","on_standby":false,"stock_local":0,"stock_global":19,"multiple":1,"estimated_date_reassort":null,"is_destocking":false}],"page_links":{"fr":"\/fr\/p-fa-7810-windfighter-ac-umbrella-parapluie-7810-9476\/red-12952\/","en":"\/en\/p-fa-7810-windfighter-ac-umbrella-umbrella-7810-9476\/red-12952\/","de":"\/de\/p-fa-7810-windfighter-ac-umbrella-regenschirm-7810-9476\/red-12952\/","nl":"\/nl\/p-fa-7810-windfighter-ac-umbrella-paraplu-7810-9476\/red-12952\/","es":"\/es\/p-fa-7810-paraguas-windfighter-ac-umbrella-7810-9476\/red-12952\/","it":"\/it\/p-fa-7810-ombrello-windfighter-ac-7810-9476\/red-12952\/","sv":"\/sv\/p-fa-7810-windfighter-ac-umbrella-paraply-7810-9476\/red-12952\/","pt":"\/pt\/p-fa-7810-guarda-chuva-windfighter-ac-7810-9476\/red-12952\/","da":"\/da\/p-fa-7810-windfighter-ac-umbrella-paraply-7810-9476\/red-12952\/","pl":"\/pl\/p-fa-7810-parasol-automatyczny-windfighter-ac-7810-9476\/red-12952\/"},"page_links_customization":{"fr":"\/fr\/p-fa-7810-windfighter-ac-fibreglass-umbrella-9476\/red-12952\/custom\/","en":"\/en\/p-fa-7810-windfighter-ac-fibreglass-umbrella-9476\/red-12952\/custom\/","de":"\/de\/p-fa-7810-windfighter-ac-fibreglass-umbrella-9476\/red-12952\/custom\/","nl":"\/nl\/p-fa-7810-windfighter-ac-fibreglass-umbrella-9476\/red-12952\/custom\/","es":"\/es\/p-fa-7810-windfighter-ac-fibreglass-umbrella-9476\/red-12952\/custom\/","it":"\/it\/p-fa-7810-windfighter-ac-fibreglass-umbrella-9476\/red-12952\/custom\/","sv":"\/sv\/p-fa-7810-windfighter-ac-fibreglass-umbrella-9476\/red-12952\/custom\/","pt":"\/pt\/p-fa-7810-windfighter-ac-fibreglass-umbrella-9476\/red-12952\/custom\/","da":"\/da\/p-fa-7810-windfighter-ac-fibreglass-umbrella-9476\/red-12952\/custom\/","pl":"\/pl\/p-fa-7810-windfighter-ac-fibreglass-umbrella-9476\/red-12952\/custom\/"}},{"id":12955,"name":"grey","class_ids":[3],"codes_hexa":["8E8B8D"],"delai_24":false,"has_3d":false,"seuil_global":0,"stock_local":0,"stock_global":12,"on_standby":false,"in_catalog":true,"images":{"miniature":["https:\/\/media.th4.com\/XBFatRgiaT3-byBiG32S6dmJ04u0gNZs8aj09BFHE-A\/pr:80\/aHR0cDovL21lZGlhMi5kZXNpZ25wYXJ0bmVyLmZyL2MvcC85NDc2Lzk0NzYtMTI5NTUtMS5qcGc?v=1610015936"],"medium":["https:\/\/media.th4.com\/iu__DHnyPCXLGq4XXsSd3ANV_4FoSisDEn4Rwzp3bZY\/pr:550x550\/aHR0cDovL21lZGlhMi5kZXNpZ25wYXJ0bmVyLmZyL2MvcC85NDc2Lzk0NzYtMTI5NTUtMS5qcGc?v=1610015936"],"medium_large":["https:\/\/media.th4.com\/BKeupurjJL85cxjCVIZs4Tl2iWxp2yaZrPnv-DS-JnM\/pr:1000x1000\/aHR0cDovL21lZGlhMi5kZXNpZ25wYXJ0bmVyLmZyL2MvcC85NDc2Lzk0NzYtMTI5NTUtMS5qcGc?v=1610015936"],"large":["https:\/\/media.th4.com\/LXwFTajC96O7hCrWDexyGiFFrPDsJuNwTUIwSx3QJ_8\/pr:1920\/aHR0cDovL21lZGlhMi5kZXNpZ25wYXJ0bmVyLmZyL2MvcC85NDc2Lzk0NzYtMTI5NTUtMS5qcGc?v=1610015936"],"opengraph":["https:\/\/media.th4.com\/64-sakT5Cx-sxM9vvuoOIfEXjhpfzwoVP8KpuzCJkf0\/pr:1200x630\/aHR0cDovL21lZGlhMi5kZXNpZ25wYXJ0bmVyLmZyL2MvcC85NDc2Lzk0NzYtMTI5NTUtMS5qcGc?v=1610015936"]},"images_customization":{"miniature":["https:\/\/media.th4.com\/XBFatRgiaT3-byBiG32S6dmJ04u0gNZs8aj09BFHE-A\/pr:80\/aHR0cDovL21lZGlhMi5kZXNpZ25wYXJ0bmVyLmZyL2MvcC85NDc2Lzk0NzYtMTI5NTUtMS5qcGc?v=1610015936"],"medium":["https:\/\/media.th4.com\/iu__DHnyPCXLGq4XXsSd3ANV_4FoSisDEn4Rwzp3bZY\/pr:550x550\/aHR0cDovL21lZGlhMi5kZXNpZ25wYXJ0bmVyLmZyL2MvcC85NDc2Lzk0NzYtMTI5NTUtMS5qcGc?v=1610015936"],"medium_large":["https:\/\/media.th4.com\/BKeupurjJL85cxjCVIZs4Tl2iWxp2yaZrPnv-DS-JnM\/pr:1000x1000\/aHR0cDovL21lZGlhMi5kZXNpZ25wYXJ0bmVyLmZyL2MvcC85NDc2Lzk0NzYtMTI5NTUtMS5qcGc?v=1610015936"],"large":["https:\/\/media.th4.com\/LXwFTajC96O7hCrWDexyGiFFrPDsJuNwTUIwSx3QJ_8\/pr:1920\/aHR0cDovL21lZGlhMi5kZXNpZ25wYXJ0bmVyLmZyL2MvcC85NDc2Lzk0NzYtMTI5NTUtMS5qcGc?v=1610015936"],"opengraph":["https:\/\/media.th4.com\/64-sakT5Cx-sxM9vvuoOIfEXjhpfzwoVP8KpuzCJkf0\/pr:1200x630\/aHR0cDovL21lZGlhMi5kZXNpZ25wYXJ0bmVyLmZyL2MvcC85NDc2Lzk0NzYtMTI5NTUtMS5qcGc?v=1610015936"]},"country_origin":"CN","traceability":{"manufacturing_country_id":null,"weaving_country_id":null,"dyeing_country_id":null},"sizes":[{"id":42,"article_id":292114,"class_id":19,"name":"taille_unique","on_standby":false,"stock_local":0,"stock_global":12,"multiple":1,"estimated_date_reassort":null,"is_destocking":false}],"page_links":{"fr":"\/fr\/p-fa-7810-windfighter-ac-umbrella-parapluie-7810-9476\/grey-12955\/","en":"\/en\/p-fa-7810-windfighter-ac-umbrella-umbrella-7810-9476\/grey-12955\/","de":"\/de\/p-fa-7810-windfighter-ac-umbrella-regenschirm-7810-9476\/grey-12955\/","nl":"\/nl\/p-fa-7810-windfighter-ac-umbrella-paraplu-7810-9476\/grey-12955\/","es":"\/es\/p-fa-7810-paraguas-windfighter-ac-umbrella-7810-9476\/grey-12955\/","it":"\/it\/p-fa-7810-ombrello-windfighter-ac-7810-9476\/grey-12955\/","sv":"\/sv\/p-fa-7810-windfighter-ac-umbrella-paraply-7810-9476\/grey-12955\/","pt":"\/pt\/p-fa-7810-guarda-chuva-windfighter-ac-7810-9476\/grey-12955\/","da":"\/da\/p-fa-7810-windfighter-ac-umbrella-paraply-7810-9476\/grey-12955\/","pl":"\/pl\/p-fa-7810-parasol-automatyczny-windfighter-ac-7810-9476\/grey-12955\/"},"page_links_customization":{"fr":"\/fr\/p-fa-7810-windfighter-ac-fibreglass-umbrella-9476\/grey-12955\/custom\/","en":"\/en\/p-fa-7810-windfighter-ac-fibreglass-umbrella-9476\/grey-12955\/custom\/","de":"\/de\/p-fa-7810-windfighter-ac-fibreglass-umbrella-9476\/grey-12955\/custom\/","nl":"\/nl\/p-fa-7810-windfighter-ac-fibreglass-umbrella-9476\/grey-12955\/custom\/","es":"\/es\/p-fa-7810-windfighter-ac-fibreglass-umbrella-9476\/grey-12955\/custom\/","it":"\/it\/p-fa-7810-windfighter-ac-fibreglass-umbrella-9476\/grey-12955\/custom\/","sv":"\/sv\/p-fa-7810-windfighter-ac-fibreglass-umbrella-9476\/grey-12955\/custom\/","pt":"\/pt\/p-fa-7810-windfighter-ac-fibreglass-umbrella-9476\/grey-12955\/custom\/","da":"\/da\/p-fa-7810-windfighter-ac-fibreglass-umbrella-9476\/grey-12955\/custom\/","pl":"\/pl\/p-fa-7810-windfighter-ac-fibreglass-umbrella-9476\/grey-12955\/custom\/"}},{"id":12948,"name":"euro_blue","class_ids":[2],"codes_hexa":["0074BF"],"delai_24":false,"has_3d":false,"seuil_global":0,"stock_local":0,"stock_global":0,"on_standby":true,"in_catalog":false,"images":{"miniature":["https:\/\/media.th4.com\/pAmufeoql2J4oQlIiuiqkiBNVkTrQVrpVxdOW3xkXyA\/pr:80\/aHR0cDovL21lZGlhMi5kZXNpZ25wYXJ0bmVyLmZyL2MvcC85NDc2Lzk0NzYtMTI5NDgtMS5qcGc?v=1610015936"],"medium":["https:\/\/media.th4.com\/b3ufDUPf-Hz7CQGGFjWuNWIsNro0Nj_LxpclFOHyiaw\/pr:550x550\/aHR0cDovL21lZGlhMi5kZXNpZ25wYXJ0bmVyLmZyL2MvcC85NDc2Lzk0NzYtMTI5NDgtMS5qcGc?v=1610015936"],"medium_large":["https:\/\/media.th4.com\/9OIhKhd8iZYEzdG-mPGNCjmeGIikG4hr7ner9mLasZk\/pr:1000x1000\/aHR0cDovL21lZGlhMi5kZXNpZ25wYXJ0bmVyLmZyL2MvcC85NDc2Lzk0NzYtMTI5NDgtMS5qcGc?v=1610015936"],"large":["https:\/\/media.th4.com\/8UZIG8fbLiHcbNHrtLLYwROddd9wnnnQP5E31dprTcU\/pr:1920\/aHR0cDovL21lZGlhMi5kZXNpZ25wYXJ0bmVyLmZyL2MvcC85NDc2Lzk0NzYtMTI5NDgtMS5qcGc?v=1610015936"],"opengraph":["https:\/\/media.th4.com\/JyKoyrpMT5uSS2C3-5kgkiGWd23k573VEmKisgc651E\/pr:1200x630\/aHR0cDovL21lZGlhMi5kZXNpZ25wYXJ0bmVyLmZyL2MvcC85NDc2Lzk0NzYtMTI5NDgtMS5qcGc?v=1610015936"]},"images_customization":{"miniature":["https:\/\/media.th4.com\/pAmufeoql2J4oQlIiuiqkiBNVkTrQVrpVxdOW3xkXyA\/pr:80\/aHR0cDovL21lZGlhMi5kZXNpZ25wYXJ0bmVyLmZyL2MvcC85NDc2Lzk0NzYtMTI5NDgtMS5qcGc?v=1610015936"],"medium":["https:\/\/media.th4.com\/b3ufDUPf-Hz7CQGGFjWuNWIsNro0Nj_LxpclFOHyiaw\/pr:550x550\/aHR0cDovL21lZGlhMi5kZXNpZ25wYXJ0bmVyLmZyL2MvcC85NDc2Lzk0NzYtMTI5NDgtMS5qcGc?v=1610015936"],"medium_large":["https:\/\/media.th4.com\/9OIhKhd8iZYEzdG-mPGNCjmeGIikG4hr7ner9mLasZk\/pr:1000x1000\/aHR0cDovL21lZGlhMi5kZXNpZ25wYXJ0bmVyLmZyL2MvcC85NDc2Lzk0NzYtMTI5NDgtMS5qcGc?v=1610015936"],"large":["https:\/\/media.th4.com\/8UZIG8fbLiHcbNHrtLLYwROddd9wnnnQP5E31dprTcU\/pr:1920\/aHR0cDovL21lZGlhMi5kZXNpZ25wYXJ0bmVyLmZyL2MvcC85NDc2Lzk0NzYtMTI5NDgtMS5qcGc?v=1610015936"],"opengraph":["https:\/\/media.th4.com\/JyKoyrpMT5uSS2C3-5kgkiGWd23k573VEmKisgc651E\/pr:1200x630\/aHR0cDovL21lZGlhMi5kZXNpZ25wYXJ0bmVyLmZyL2MvcC85NDc2Lzk0NzYtMTI5NDgtMS5qcGc?v=1610015936"]},"country_origin":"CN","traceability":{"manufacturing_country_id":null,"weaving_country_id":null,"dyeing_country_id":null},"sizes":[],"page_links":{"fr":"\/fr\/p-fa-7810-windfighter-ac-umbrella-parapluie-7810-9476\/euro-blue-12948\/","en":"\/en\/p-fa-7810-windfighter-ac-umbrella-umbrella-7810-9476\/euro-blue-12948\/","de":"\/de\/p-fa-7810-windfighter-ac-umbrella-regenschirm-7810-9476\/euro-blue-12948\/","nl":"\/nl\/p-fa-7810-windfighter-ac-umbrella-paraplu-7810-9476\/euro-blue-12948\/","es":"\/es\/p-fa-7810-paraguas-windfighter-ac-umbrella-7810-9476\/euro-blue-12948\/","it":"\/it\/p-fa-7810-ombrello-windfighter-ac-7810-9476\/euro-blue-12948\/","sv":"\/sv\/p-fa-7810-windfighter-ac-umbrella-paraply-7810-9476\/euro-blue-12948\/","pt":"\/pt\/p-fa-7810-guarda-chuva-windfighter-ac-7810-9476\/euro-blue-12948\/","da":"\/da\/p-fa-7810-windfighter-ac-umbrella-paraply-7810-9476\/euro-blue-12948\/","pl":"\/pl\/p-fa-7810-parasol-automatyczny-windfighter-ac-7810-9476\/euro-blue-12948\/"},"page_links_customization":{"fr":"\/fr\/p-fa-7810-windfighter-ac-fibreglass-umbrella-9476\/euro-blue-12948\/custom\/","en":"\/en\/p-fa-7810-windfighter-ac-fibreglass-umbrella-9476\/euro-blue-12948\/custom\/","de":"\/de\/p-fa-7810-windfighter-ac-fibreglass-umbrella-9476\/euro-blue-12948\/custom\/","nl":"\/nl\/p-fa-7810-windfighter-ac-fibreglass-umbrella-9476\/euro-blue-12948\/custom\/","es":"\/es\/p-fa-7810-windfighter-ac-fibreglass-umbrella-9476\/euro-blue-12948\/custom\/","it":"\/it\/p-fa-7810-windfighter-ac-fibreglass-umbrella-9476\/euro-blue-12948\/custom\/","sv":"\/sv\/p-fa-7810-windfighter-ac-fibreglass-umbrella-9476\/euro-blue-12948\/custom\/","pt":"\/pt\/p-fa-7810-windfighter-ac-fibreglass-umbrella-9476\/euro-blue-12948\/custom\/","da":"\/da\/p-fa-7810-windfighter-ac-fibreglass-umbrella-9476\/euro-blue-12948\/custom\/","pl":"\/pl\/p-fa-7810-windfighter-ac-fibreglass-umbrella-9476\/euro-blue-12948\/custom\/"}}],"documentation_link":null,"countries_availables":["AD","AE","AL","AT","BA","BD","BE","BG","BL","CA","CH","CN","CO","CY","CZ","DE","DK","DO","EE","EG","ES","ET","FI","FR","GB","GE","GF","GP","GR","GT","HK","HN","HR","HT","HU","ID","IE","IN","IS","IT","JO","JP","KE","KH","KP","KR","LA","LK","LS","LT","LU","LV","MA","MF","MG","MK","MM","MN","MQ","MT","MX","MY","NC","NI","NL","PF","PH","PK","PL","PM","PT","RE","RO","SE","SG","SI","SK","SV","SY","TH","TN","TR","TW","TZ","US","VN","WF","YT"]},"infos_customization":[],"features":{"authorize_multi_surfaces":true,"display_order_delay_type":true,"promote_surface_display":true,"tarification_franco_offert":true,"enabled_3d_editor":false},"markings":[{"id":0,"nom":"vierge","finition":null,"libelle":null,"code":null,"dpi":null,"finesse_forme_isolee":null,"finesse_forme_non_isolee":null,"hauteur_minimale_texte":null,"inactif":0,"marquage_interne":1,"quantite_min":null,"parent_id":null,"print_on_support":0,"content":"vierge","description":null},{"id":2,"nom":"fonce","finition":"optimale","libelle":"TopQuadri","code":null,"dpi":400,"finesse_forme_isolee":"0.040","finesse_forme_non_isolee":"0.700","hauteur_minimale_texte":2,"inactif":0,"marquage_interne":1,"quantite_min":null,"parent_id":18,"print_on_support":0,"content":"TopQuadri","description":"pour petites et moyennes s\u00e9ries"},{"id":3,"nom":"serigraphie","finition":"serigraphie","libelle":"SeriCoat","code":null,"dpi":400,"finesse_forme_isolee":"0.040","finesse_forme_non_isolee":"0.700","hauteur_minimale_texte":2,"inactif":0,"marquage_interne":1,"quantite_min":15,"parent_id":18,"print_on_support":0,"content":"SeriCoat","description":"pour moyennes et grandes s\u00e9ries"},{"id":4,"nom":"broderie","finition":"broderie","libelle":"Broderie","code":null,"dpi":400,"finesse_forme_isolee":"0.040","finesse_forme_non_isolee":"0.700","hauteur_minimale_texte":3,"inactif":0,"marquage_interne":1,"quantite_min":null,"parent_id":null,"print_on_support":0,"content":"Broderie","description":null},{"id":8,"nom":"theme","finition":null,"libelle":"Th\u00e8me","code":null,"dpi":null,"finesse_forme_isolee":null,"finesse_forme_non_isolee":null,"hauteur_minimale_texte":null,"inactif":0,"marquage_interne":1,"quantite_min":null,"parent_id":null,"print_on_support":0,"content":"Th\u00e8me","description":null},{"id":9,"nom":"sans","finition":null,"libelle":null,"code":null,"dpi":null,"finesse_forme_isolee":null,"finesse_forme_non_isolee":null,"hauteur_minimale_texte":null,"inactif":0,"marquage_interne":1,"quantite_min":null,"parent_id":null,"print_on_support":0,"content":"sans","description":null},{"id":10,"nom":"photo","finition":null,"libelle":"Photo","code":null,"dpi":null,"finesse_forme_isolee":null,"finesse_forme_non_isolee":null,"hauteur_minimale_texte":null,"inactif":0,"marquage_interne":1,"quantite_min":null,"parent_id":null,"print_on_support":0,"content":"Photo","description":null},{"id":14,"nom":"couleur","finition":null,"libelle":"Couleur","code":null,"dpi":null,"finesse_forme_isolee":null,"finesse_forme_non_isolee":null,"hauteur_minimale_texte":null,"inactif":0,"marquage_interne":1,"quantite_min":null,"parent_id":null,"print_on_support":0,"content":"Couleur","description":null},{"id":15,"nom":"sublimation","finition":"sublimation","libelle":"Sublimation","code":null,"dpi":null,"finesse_forme_isolee":"0.000","finesse_forme_non_isolee":"0.000","hauteur_minimale_texte":2,"inactif":0,"marquage_interne":1,"quantite_min":null,"parent_id":null,"print_on_support":0,"content":"Sublimation","description":null},{"id":16,"nom":"topquadri_uv","finition":null,"libelle":"TopQuadri UV","code":null,"dpi":null,"finesse_forme_isolee":"0.020","finesse_forme_non_isolee":"0.700","hauteur_minimale_texte":2,"inactif":0,"marquage_interne":1,"quantite_min":null,"parent_id":null,"print_on_support":1,"content":null,"description":null},{"id":17,"nom":"topquadri_uvp","finition":null,"libelle":"TopQuadri UVP","code":null,"dpi":null,"finesse_forme_isolee":"0.020","finesse_forme_non_isolee":"0.700","hauteur_minimale_texte":2,"inactif":0,"marquage_interne":1,"quantite_min":null,"parent_id":null,"print_on_support":1,"content":null,"description":null},{"id":18,"nom":"quadri","finition":null,"libelle":"Impression","code":null,"dpi":null,"finesse_forme_isolee":null,"finesse_forme_non_isolee":null,"hauteur_minimale_texte":null,"inactif":0,"marquage_interne":1,"quantite_min":null,"parent_id":null,"print_on_support":0,"content":null,"description":null}]}}