{"data":{"product":{"id":9329,"titre":"Chef`s Jacket Rimini Lady","description":"Veste de chef classique. Manches longues, 12 boutons noirs inclus. Lavable \u00e0 95\u00b0C. Entretien facile. R\u00e9sistante, longue dur\u00e9e de vie. Composition: 100% Coton (Color\u00e9: 65% Polyester \/ 35% Coton).","genre":"","grammage":210,"conditionnement":10,"composition":"coton,polyester,polycoton","reference":"cg-09071","reference_visible":"cg-09071","reference_fabricant":"09071","ref_xor":"750132","in_catalog":true,"is_transfer":false,"is_service":false,"on_standby":false,"has_3d":false,"has_size_guide":false,"has_marking":false,"has_vierge":true,"is_cross_sellable":false,"id_picto":140,"filename_3d":null,"brand":{"id":169,"name":"CG Workwear","logo":"logo-cgworkwear.png","image":"https:\/\/media.th4.com\/-1S1keWompVcT08dRWLVX3llbmAeyjagm4KzKLMTSzw\/pr:brand70x70\/aHR0cDovL21lZGlhMi5kZXNpZ25wYXJ0bmVyLmZyL2MvbS9sb2dvLWNnd29ya3dlYXIucG5n"},"price_infos":{"price_from":77.55,"quantity":5,"color":{"id":12683,"name":"black"},"size":{"id":211,"name":"38"}},"price_infos_marking":{"price_from":0,"quantity":0,"size":{"id":0,"name":""},"color":{"id":0,"name":""},"marking":{"id":0,"name":""},"emplacement":"","surface":"","surface_emplacement_id":0},"i18n":{"blank":{"title":{"fr":"Chef`s jacket rimini lady CG WORKWEAR 9071","en":"Chef's jacket rimini lady CG WORKWEAR 9071","de":"Chef`s jacket rimini lady CG WORKWEAR 9071","nl":"Chef`s jacket rimini lady CG WORKWEAR 9071","es":"Chaqueta de chef rimini lady CG WORKWEAR 9071","it":"Giacca da chef rimini lady CG WORKWEAR 9071","sv":"Kocksjacka rimini lady CG WORKWEAR 9071","pt":"Jaqueta de chef rimini lady CG WORKWEAR 9071","da":"Chef`s jakke rimini lady CG WORKWEAR 9071","pl":"Kurtka szefa rimini lady CG WORKWEAR 9071"},"description":{"fr":"Veste de chef classique pour femme, con\u00e7ue pour une utilisation professionnelle en cuisine. Elle offre une coupe ajust\u00e9e et confortable, adapt\u00e9e aux exigences du travail quotidien. Cette veste est dot\u00e9e de manches longues et se ferme gr\u00e2ce \u00e0 douze boutons noirs inclus, assurant une tenue soign\u00e9e et pratique. Elle est con\u00e7ue pour faciliter l'entretien et r\u00e9sister aux lavages fr\u00e9quents, garantissant ainsi une longue dur\u00e9e de vie. La composition en coton assure un confort optimal pendant le travail.\n\n- Composition : 100% Coton\n- Manches : Longues\n- Nombre de boutons : 12\n- Lavable : 95\u00b0C","en":"Classic women's chef jacket, designed for professional use in the kitchen. It offers a fitted and comfortable cut, suited to the demands of daily work. This jacket features long sleeves and fastens with twelve included black buttons, ensuring a neat and practical fit. It is designed for easy maintenance and to withstand frequent washing, ensuring a long lifespan. The cotton composition provides optimal comfort during work.\n\n- Composition : 100% Cotton\n- Sleeves : Long\n- Number of buttons : 12\n- Washable : 95\u00b0C","de":"Klassische Kochjacke f\u00fcr Damen, entworfen f\u00fcr den professionellen Einsatz in der K\u00fcche. Sie bietet einen figurbetonten und bequemen Schnitt, der den Anforderungen des t\u00e4glichen Arbeitsalltags entspricht. Diese Jacke verf\u00fcgt \u00fcber lange \u00c4rmel und schlie\u00dft mit zw\u00f6lf schwarzen Kn\u00f6pfen, die f\u00fcr einen ordentlichen und praktischen Sitz sorgen. Sie ist so konzipiert, dass die Pflege erleichtert und h\u00e4ufigen Waschg\u00e4ngen standgehalten wird, wodurch eine lange Lebensdauer gew\u00e4hrleistet wird. Die Baumwollzusammensetzung sorgt f\u00fcr optimalen Komfort w\u00e4hrend der Arbeit.\n\n- Zusammensetzung: 100% Baumwolle\n- \u00c4rmel: Lang\n- Anzahl der Kn\u00f6pfe: 12\n- Waschbar: 95\u00b0C","nl":"Classieke chefjas voor vrouwen, ontworpen voor professioneel gebruik in de keuken. Ze biedt een gestroomlijnde en comfortabele pasvorm, aangepast aan de eisen van het dagelijkse werk. Deze jas is voorzien van lange mouwen en sluit met twaalf zwarte knopen, die een nette en praktische houding garanderen. Hij is ontworpen voor gemakkelijk onderhoud en kan vaak worden gewassen, waardoor een lange levensduur wordt gegarandeerd. De samenstelling van katoen zorgt voor optimaal comfort tijdens het werk.\n\n- Samenstelling: 100% Katoen\n- Mouwen: Lang\n- Aantal knopen: 12\n- Wasbaar: 95\u00b0C","es":"Veste de chef cl\u00e1sica para mujer, dise\u00f1ada para un uso profesional en la cocina. Ofrece un corte ajustado y c\u00f3modo, adaptado a las exigencias del trabajo diario. Esta veste cuenta con mangas largas y se cierra gracias a doce botones negros incluidos, asegurando una apariencia pulcra y pr\u00e1ctica. Est\u00e1 dise\u00f1ada para facilitar el mantenimiento y resistir los lavados frecuentes, garantizando as\u00ed una larga vida \u00fatil. La composici\u00f3n de algod\u00f3n asegura un confort \u00f3ptimo durante el trabajo.\n\n- Composici\u00f3n: 100% Algod\u00f3n\n- Mangas: Largas\n- N\u00famero de botones: 12\n- Lavable: 95\u00b0C","it":"Giacca da chef classica per donna, progettata per un uso professionale in cucina. Offre una taglia comoda e adattata, adatta alle esigenze del lavoro quotidiano. Questa giacca ha maniche lunghe e si chiude grazie a dodici bottoni neri inclusi, garantendo un aspetto ordinato e pratico. \u00c8 progettata per facilitare la manutenzione e resistere ai lavaggi frequenti, garantendo cos\u00ec una lunga durata. La composizione in cotone assicura un comfort ottimale durante il lavoro.\n\n- Composizione: 100% cotone\n- Maniche: Lunghe\n- Numero di bottoni: 12\n- Lavabile: 95\u00b0C","sv":"Klassisk k\u00f6ksjacka f\u00f6r dam, konstruerad f\u00f6r professionell anv\u00e4ndning i k\u00f6ket. Den erbjuder en passform som \u00e4r b\u00e5de justerad och bekv\u00e4m, anpassad efter de dagliga arbetskrav. Denna jacka har l\u00e5nga \u00e4rmar och st\u00e4ngs med tolv ing\u00e5ende svarta knappar, vilket garanterar ett snyggt och praktiskt utseende. Den \u00e4r utformad f\u00f6r att underl\u00e4tta underh\u00e5ll och st\u00e5 emot frekvent tv\u00e4tt, vilket s\u00e4kerst\u00e4ller en l\u00e5ng livsl\u00e4ngd. Bomullsammans\u00e4ttningen s\u00e4kerst\u00e4ller optimal komfort under arbetet.\n\n- Sammans\u00e4ttning: 100% Bomull\n- \u00c4rmar: L\u00e5nga\n- Antal knappar: 12\n- Tv\u00e4ttbar: 95\u00b0C","pt":"Jaqueta de chef cl\u00e1ssica para mulher, projetada para uso profissional em cozinha. Oferece um corte ajustado e confort\u00e1vel, adaptado \u00e0s exig\u00eancias do trabalho di\u00e1rio. Esta jaqueta possui mangas longas e se fecha com doze bot\u00f5es pretos inclu\u00eddos, garantindo um visual elegante e pr\u00e1tico. Ela \u00e9 projetada para facilitar a manuten\u00e7\u00e3o e resistir \u00e0s lavagens frequentes, garantindo assim uma longa dura\u00e7\u00e3o. A composi\u00e7\u00e3o em algod\u00e3o garante conforto ideal durante o trabalho.\n\n- Composi\u00e7\u00e3o : 100% Algod\u00e3o\n- Mangas : Longas\n- N\u00famero de bot\u00f5es : 12\n- Lav\u00e1vel : 95\u00b0C","da":"Klassisk kokkekjole til kvinder, designet til professionel brug i k\u00f8kkenet. Den tilbyder en stram og komfortabel passform, der passer til daglige arbejdsbehov. Denne jakke har lange \u00e6rmer og lukkes med tolv sorte knapper inkluderet, som sikrer en p\u00e6n og praktisk passform. Den er designet til nem vedligeholdelse og modstandsdygtig mod hyppige vask, hvilket sikrer en lang levetid. Sammenstillingen af bomuld sikrer optimal komfort under arbejdet.\n\n- Sammenstilling: 100% Bomuld\n- \u00c6rmer: Lange\n- Antal knapper: 12\n- Vask: 95\u00b0C","pl":"Klasyczna kobieca kurtka kucharska, zaprojektowana do profesjonalnego u\u017cytku w kuchni. Oferuje dopasowany i wygodny kroj, odpowiedni dla codziennych wymaga\u0144 pracy. Ta kurtka posiada d\u0142ugie r\u0119kawy i zamyka si\u0119 na dwana\u015bcie czarnych guzik\u00f3w, zapewniaj\u0105c elegancki i praktyczny wygl\u0105d. Jest zaprojektowana w taki spos\u00f3b, aby u\u0142atwi\u0107 utrzymanie i wytrzyma\u0107 cz\u0119ste pranie, co gwarantuje d\u0142ug\u0105 \u017cywotno\u015b\u0107. Sk\u0142ad bawe\u0142niany zapewnia optymalny komfort podczas pracy.\n\n- Sk\u0142ad: 100% Bawe\u0142na\n- R\u0119kawy: D\u0142ugie\n- Liczba guzik\u00f3w: 12\n- Mo\u017cna pra\u0107: 95\u00b0C"},"h1":{"fr":"Chef`s jacket rimini lady 9071","en":"Chef's jacket rimini lady 9071","de":"Chef`s jacket rimini lady 9071","nl":"Chef`s jacket rimini lady 9071","es":"Chaqueta de chef rimini lady 9071","it":"Giacca da chef rimini lady 9071","sv":"Kocksjacka rimini lady 9071","pt":"Jaqueta de chef rimini lady 9071","da":"Chef`s jakke rimini lady 9071","pl":"Kurtka szefa rimini lady 9071"},"meta_description":{"fr":"Veste de cuisine classique pour femme. 12 boutons noirs inclus. Lavable \u00e0 95\u00b0C. Entretien facile et durable. Composition coton.","en":"Classic women's kitchen jacket. 12 black buttons included. Washable at 95\u00b0C. Easy to maintain and durable. Cotton composition.","de":"Klassische Kochjacke f\u00fcr Damen. Mit 12 schwarzen Kn\u00f6pfen. Waschbar bei 95\u00b0C. Einfache Pflege und langlebig. Baumwollzusammensetzung.","nl":"Classieke keukenjas voor vrouwen. 12 zwarte knopen inbegrepen. Wasbaar bij 95\u00b0C. Onderhoudsvriendelijk en duurzaam. Samenstelling katoen.","es":"Veste cl\u00e1sica de cocina para mujer. 12 botones negros incluidos. Lavable a 95\u00b0C. F\u00e1cil mantenimiento y duradero. Composici\u00f3n algod\u00f3n.","it":"Giacca da cucina classica per donna. Dodici bottoni neri inclusi. Lavabile a 95\u00b0C. Facile da mantenere e durevole. Composizione cotone.","sv":"Klassisk k\u00f6ksjacka f\u00f6r dam. 12 svarta knappar ing\u00e5r. Tv\u00e4ttbar vid 95\u00b0C. L\u00e4tt att sk\u00f6ta och h\u00e5llbar. Sammans\u00e4ttning bomull.","pt":"Jaqueta de cozinha cl\u00e1ssica para mulher. 12 bot\u00f5es pretos inclu\u00eddos. Lav\u00e1vel a 95\u00b0C. Facilidade de manuten\u00e7\u00e3o e durabilidade. Composi\u00e7\u00e3o algod\u00e3o.","da":"Klassisk kokkekjole til kvinder. 12 sorte knapper inkluderet. Kan vaskes ved 95\u00b0C. Nem vedligeholdelse og holdbar. Sammenstilling bomuld.","pl":"Klasyczna kobieca kurtka kucharska. W zestawie 12 czarnych guzik\u00f3w. Mo\u017cna pra\u0107 w 95\u00b0C. \u0141atwa w utrzymaniu i trwa\u0142a. Sk\u0142ad bawe\u0142na."}},"custom":{"title":{"fr":"Chef`s jacket rimini lady CG WORKWEAR personnalisable 9071","en":"Chef's jacket rimini lady CG WORKWEAR customizable 9071","de":"Chefsjacke Rimini Lady CG WORKWEAR personalisierbar 9071","nl":"Chef`s jacket rimini lady CG WORKWEAR personaliseerbaar 9071","es":"Chaqueta de chef rimini lady CG WORKWEAR personalizable 9071","it":"Giacca da chef Rimini lady CG WORKWEAR personalizzabile 9071","sv":"Chef`s jacka rimini lady CG WORKWEAR personaliserbar 9071","pt":"Jaqueta de chef rimini lady CG WORKWEAR personaliz\u00e1vel 9071","da":"Chef`s jacket rimini lady CG WORKWEAR personaliserbar 9071","pl":"Kurtka szefa Rimini lady CG WORKWEAR personalizowana 9071"},"description":{"fr":"Cette veste de chef classique pour femme est con\u00e7ue pour offrir confort et durabilit\u00e9 dans un environnement professionnel. Elle est dot\u00e9e de manches longues et est livr\u00e9e avec 12 boutons noirs inclus. Facile d'entretien, elle est lavable \u00e0 95\u00b0C, ce qui simplifie son nettoyage et sa maintenance. Sa conception robuste assure une longue dur\u00e9e de vie, m\u00eame en cas d'utilisation intensive. La veste est confectionn\u00e9e \u00e0 partir de 100% coton (pour les coloris unis) ou d'un m\u00e9lange de 65% polyester et 35% coton (pour les coloris m\u00e9lang\u00e9s). Elle offre une bonne r\u00e9sistance et un confort optimal tout au long de la journ\u00e9e. De plus, cette veste peut \u00eatre personnalis\u00e9e afin de refl\u00e9ter l'identit\u00e9 de votre entreprise ou de r\u00e9pondre \u00e0 vos besoins sp\u00e9cifiques.\n\n- Composition : 100% Coton (Color\u00e9 : 65% Polyester \/ 35% Coton)\n- Nombre de boutons : 12\n- Lavable \u00e0 : 95\u00b0C","en":"This classic women's chef jacket is designed to provide comfort and durability in a professional environment. It features long sleeves and comes with 12 included black buttons. Easy to maintain, it is washable at 95\u00b0C, making cleaning and upkeep simple. Its robust construction ensures a long lifespan, even with intensive use. The jacket is made from 100% cotton or a blend of 65% polyester and 35% cotton. It offers good resistance and optimal comfort throughout the day. Additionally, this jacket can be customized to reflect your company's identity or meet specific needs.","de":"Diese klassische K\u00fcchenjacke f\u00fcr Damen ist f\u00fcr Komfort und Haltbarkeit in einer professionellen Umgebung entworfen. Sie verf\u00fcgt \u00fcber lange \u00c4rmel und wird mit 12 schwarzen Kn\u00f6pfen geliefert. Sie ist pflegeleicht und waschbar bei 95\u00b0C, was die Reinigung und Wartung erleichtert. Ihre robuste Konstruktion garantiert eine lange Lebensdauer, auch bei intensiver Nutzung. Die Jacke ist aus 100% Baumwolle (f\u00fcr unifarbene Ausf\u00fchrungen) oder einer Mischung aus 65% Polyester und 35% Baumwolle (f\u00fcr gemischte Farben) gefertigt. Sie bietet gute Best\u00e4ndigkeit und optimalen Tragekomfort den ganzen Tag \u00fcber. Zudem kann diese Jacke personalisiert werden, um die Identit\u00e4t Ihres Unternehmens widerzuspiegeln oder spezifische Anforderungen zu erf\u00fcllen.\n\n- Zusammensetzung: 100% Baumwolle (Farbig: 65% Polyester \/ 35% Baumwolle)\n- Anzahl der Kn\u00f6pfe: 12\n- Waschbar bei: 95\u00b0C","nl":"Deze klassieke keukenjas voor vrouwen is ontworpen om comfort en duurzaamheid te bieden in een professionele omgeving. Het heeft lange mouwen en wordt geleverd met 12 zwarte knopen. Gemakkelijk te onderhouden, het is wasbaar bij 95\u00b0C, wat de reiniging en het onderhoud vereenvoudigt. Zijn stevige constructie biedt een lange levensduur, zelfs bij intensief gebruik. De jas is gemaakt van 100% katoen (voor de unie kleuren) of een mengsel van 65% polyester en 35% katoen (voor de gemengde kleuren). Het biedt een goede weerstand en een optimaal comfort gedurende de hele dag. Bovendien kan deze jas worden gepersonaliseerd om de identiteit van uw bedrijf weer te geven of om aan uw specifieke behoeften te voldoen.","es":"Esta chaqueta de chef cl\u00e1sica para mujer est\u00e1 dise\u00f1ada para ofrecer comodidad y durabilidad en un entorno profesional. Est\u00e1 equipada con mangas largas y viene con 12 botones negros incluidos. F\u00e1cil de mantener, es lavable a 95\u00b0C, lo que simplifica su limpieza y mantenimiento. Su dise\u00f1o robusto asegura una larga vida \u00fatil, incluso en caso de uso intensivo. La chaqueta est\u00e1 confeccionada a partir de 100% algod\u00f3n para los colores unis o una mezcla de 65% poli\u00e9ster y 35% algod\u00f3n para los colores mezclados. Ofrece una buena resistencia y un confort \u00f3ptimo durante todo el d\u00eda. Adem\u00e1s, esta chaqueta puede ser personalizada para reflejar la identidad de su empresa o responder a sus necesidades espec\u00edficas.\n\n- Composici\u00f3n : 100% Algod\u00f3n (Coloreado : 65% Poli\u00e9ster \/ 35% Algod\u00f3n)\n- N\u00famero de botones : 12\n- Lavable a : 95\u00b0C","it":"Questa giacca da chef classica per donna \u00e8 progettata per offrire comfort e durabilit\u00e0 in un ambiente professionale. \u00c8 dotata di maniche lunghe ed \u00e8 fornita con 12 bottoni neri inclusi. Facile da pulire, \u00e8 lavabile a 95\u00b0C, il che semplifica la sua pulizia e manutenzione. La sua costruzione robusta assicura una lunga durata, anche in caso di utilizzo intensivo. La giacca \u00e8 realizzata con 100% cotone (per i colori unici) o con una miscela di 65% poliestere e 35% cotone (per i colori misti). Offre una buona resistenza e un comfort ottimale durante l'intera giornata. Inoltre, questa giacca pu\u00f2 essere personalizzata per riflettere l'identit\u00e0 della tua azienda o per rispondere alle tue esigenze specifiche.\n\n- Composizione: 100% Coton (Colorato: 65% Poliestere \/ 35% Coton)\n- Numero di bottoni: 12\n- Lavabile a: 95\u00b0C","sv":"Denna klassiska kvinnliga k\u00f6ksjacka \u00e4r utformad f\u00f6r att erbjuda komfort och h\u00e5llbarhet i en professionell milj\u00f6. Den har l\u00e5nga \u00e4rmar och levereras med 12 svarta knappar ing\u00e5r. L\u00e4tt att underh\u00e5lla, den \u00e4r tv\u00e4ttbar vid 95\u00b0C, vilket f\u00f6renklar reng\u00f6ring och underh\u00e5ll. Den robusta konstruktionen s\u00e4kerst\u00e4ller en l\u00e5ng livsl\u00e4ngd, \u00e4ven vid intensiv anv\u00e4ndning. Jackan \u00e4r tillverkad av 100% bomull f\u00f6r enf\u00e4rgade modeller eller en blandning av 65% polyester och 35% bomull f\u00f6r blandade f\u00e4rger. Den erbjuder god h\u00e5llbarhet och optimal komfort under hela dagen. Dessutom kan denna jacka personligg\u00f6ras f\u00f6r att spegla f\u00f6retagets identitet eller f\u00f6r att m\u00f6ta specifika behov.\n\n- Sammans\u00e4ttning : 100% Bomull (F\u00e4rgat : 65% Polyester \/ 35% Bomull)\n- Antal knappar : 12\n- Tv\u00e4ttbar vid : 95\u00b0C","pt":"Esta jaqueta de chef cl\u00e1ssica para mulher \u00e9 projetada para oferecer conforto e durabilidade em um ambiente profissional. Ela possui mangas longas e vem com 12 bot\u00f5es pretos inclu\u00eddos. F\u00e1cil de manter, \u00e9 lav\u00e1vel a 95\u00b0C, o que facilita sua limpeza e manuten\u00e7\u00e3o. Sua constru\u00e7\u00e3o robusta garante uma longa vida \u00fatil, mesmo em uso intensivo. A jaqueta \u00e9 confeccionada a partir de 100% algod\u00e3o (para as cores s\u00f3lidas) ou de uma mistura de 65% poli\u00e9ster e 35% algod\u00e3o (para as cores misturadas). Ela oferece boa resist\u00eancia e conforto \u00f3timo ao longo do dia. Al\u00e9m disso, esta jaqueta pode ser personalizada para refletir a identidade da sua empresa ou atender \u00e0s suas necessidades espec\u00edficas.\n\n- Composi\u00e7\u00e3o : 100% Algod\u00e3o (Colorido : 65% Poli\u00e9ster \/ 35% Algod\u00e3o)\n- N\u00famero de bot\u00f5es : 12\n- Lav\u00e1vel a : 95\u00b0C","da":"Denne klassiske kvindelige k\u00f8kkenjacket er designet til at tilbyde komfort og holdbarhed i et professionelt milj\u00f8. Den er forsynet med lange \u00e6rmer og leveres med 12 sorte knapper inkluderet. Nem at vedligeholde, den kan vaskes ved 95\u00b0C, hvilket g\u00f8r reng\u00f8ring og vedligeholdelse nemmere. Den robuste konstruktion sikrer en lang levetid, selv ved intensiv brug. Jakken er fremstillet af 100% bomuld (for ensfarvede farver) eller en blanding af 65% polyester og 35% bomuld (for blandede farver). Den tilbyder god modstandsdygtighed og optimal komfort gennem hele dagen. Derudover kan denne jakke personligg\u00f8res for at afspejle virksomhedens identitet eller opfylde specifikke behov.\n\n- Sammens\u00e6tning : 100% Bompulver (Farvet : 65% Polyester \/ 35% Bompulver)\n- Antal knapper : 12\n- Vaskbar ved : 95\u00b0C","pl":"Ta klasyczna kurtka szefa dla kobiet jest zaprojektowana, aby zapewni\u0107 komfort i trwa\u0142o\u015b\u0107 w \u015brodowisku zawodowym. Ma d\u0142ugie r\u0119kawy i jest dostarczana z 12 czarnymi przyciskami do\u0142\u0105czonymi. \u0141atwa w piel\u0119gnacji, mo\u017ce by\u0107 pra\u0107 przy 95\u00b0C, co u\u0142atwia jej czyszczenie i konserwacj\u0119. Jej solidna konstrukcja zapewnia d\u0142ug\u0105 \u017cywotno\u015b\u0107, nawet w przypadku intensywnego u\u017cytkowania. Kurtka jest wykonana z 100% bawe\u0142ny (dla jednolitych kolor\u00f3w) lub z mieszanki 65% poliestru i 35% bawe\u0142ny (dla mieszanych kolor\u00f3w). Oferuje dobr\u0105 odporno\u015b\u0107 i optymalny komfort przez ca\u0142y dzie\u0144. Ponadto ta kurtka mo\u017ce by\u0107 personalizowana, aby odzwierciedla\u0107 to\u017csamo\u015b\u0107 twojej firmy lub spe\u0142nia\u0107 twoje specyficzne potrzeby.\n\n- Sk\u0142ad: 100% Bawe\u0142na (Kolorowana: 65% Poliestru \/ 35% Bawe\u0142na)\n- Liczba przycisk\u00f3w: 12\n- Mo\u017cna pra\u0107 przy: 95\u00b0C"},"h1":{"fr":"Chef`s jacket rimini lady 9071 personnalisation","en":"Chef's jacket rimini lady 9071 customization","de":"Chefsjacke Rimini Lady 9071 Personalisierung","nl":"Chef`s jacket rimini lady 9071 personalisatie","es":"Chaqueta de chef rimini lady 9071 personalizaci\u00f3n","it":"Giacca da chef Rimini lady 9071 personalizzazione","sv":"Chef`s jacka rimini lady 9071 personalisering","pt":"Jaqueta de chef rimini lady 9071 personaliza\u00e7\u00e3o","da":"Chef`s jacket rimini lady 9071 personligg\u00f8relse","pl":"Kurtka szefa Rimini lady 9071 personalizacja"},"meta_description":{"fr":"Veste de cuisine classique pour femme. Manches longues, 12 boutons inclus. Lavable \u00e0 95\u00b0C. Possibilit\u00e9 de personnalisation.","en":"Classic women's kitchen jacket. Long sleeves, 12 buttons included. Washable at 95\u00b0C. Customization possible.","de":"Klassische K\u00fcchenjacke f\u00fcr Damen. Lange \u00c4rmel, 12 Kn\u00f6pfe enthalten. Waschbar bei 95\u00b0C. M\u00f6glichkeit zur Personalisierung.","nl":"Klassieke keukenjas voor vrouwen. Lange mouwen, 12 knopen inbegrepen. Wasbaar bij 95\u00b0C. Mogelijkheid tot personalisatie.","es":"Chaqueta de cocina cl\u00e1sica para mujer. Mangas largas, 12 botones incluidos. Lavable a 95\u00b0C. Posibilidad de personalizaci\u00f3n.","it":"Giacca da cucina classica per donna. Maniche lunghe, 12 bottoni inclusi. Lavabile a 95\u00b0C. Possibilit\u00e0 di personalizzazione.","sv":"Klassisk kvinnlig k\u00f6ksjacka. L\u00e5nga \u00e4rmar, 12 knappar ing\u00e5r. Tv\u00e4ttbar vid 95\u00b0C. M\u00f6jlighet till personligg\u00f6ring.","pt":"Jaqueta de cozinha cl\u00e1ssica para mulher. Mangas longas, 12 bot\u00f5es inclu\u00eddos. Lav\u00e1vel a 95\u00b0C. Possibilidade de personaliza\u00e7\u00e3o.","da":"Klassisk kvindelig k\u00f8kkenjacket. Lange \u00e6rmer, 12 knapper inkluderet. Kan vaskes ved 95\u00b0C. Mulighed for personligg\u00f8relse.","pl":"Klasyczna kurtka kucharska dla kobiet. D\u0142ugie r\u0119kawy, 12 przycisk\u00f3w do\u0142\u0105czonych. Mo\u017cna pra\u0107 przy 95\u00b0C. Mo\u017cliwo\u015b\u0107 personalizacji."}}},"categories":[{"id":535,"name":"Vestes de cuisine","singular":"Veste de cuisine","is_feminin":true},{"id":561,"name":"BTP et Industrie","singular":"BTP et Industrie","is_feminin":false},{"id":562,"name":"Restauration et H\u00f4tellerie","singular":"Restauration et H\u00f4tellerie","is_feminin":false},{"id":13,"name":"Vestes et manteaux","singular":"Veste et manteau","is_feminin":true},{"id":559,"name":"Univers","singular":"Univers","is_feminin":false},{"id":354,"name":"Textile","singular":"Textile","is_feminin":false}],"certifications":[],"videos":{"fr":[],"en":[],"de":[],"nl":[],"es":[],"it":[],"sv":[],"pt":[],"da":[],"pl":[]},"main_images":{"miniature":"https:\/\/media.th4.com\/KHt3ykBZZ3xLrqIbzLJeZRbiOCyM5z_zXMqMPO1Nn0k\/pr:80\/aHR0cDovL21lZGlhMi5kZXNpZ25wYXJ0bmVyLmZyL2MvcC1NVC85MzI5LmpwZw?v=1642520821","medium":"https:\/\/media.th4.com\/1tc5AIPaOk3u_gMgRPx2_w_tHDn-429uH-qE8QIwU54\/pr:550x550greybg\/aHR0cDovL21lZGlhMi5kZXNpZ25wYXJ0bmVyLmZyL2MvcC1NVC85MzI5LmpwZw?v=1642520821","medium_large":"https:\/\/media.th4.com\/dc7nx82ypT1-bmMueXIy4rt6CXWFjc9klPsHmXGaFGA\/pr:1000x1000greybg\/aHR0cDovL21lZGlhMi5kZXNpZ25wYXJ0bmVyLmZyL2MvcC1NVC85MzI5LmpwZw?v=1642520821","large":"https:\/\/media.th4.com\/EgVMBeSLRptOEf3VcJtKOUDPd1PAuDyu7D1DtRdIxNc\/pr:1920greybg\/aHR0cDovL21lZGlhMi5kZXNpZ25wYXJ0bmVyLmZyL2MvcC1NVC85MzI5LmpwZw?v=1642520821","opengraph":"https:\/\/media.th4.com\/NlL5j9PMVbo4kwxLKQGbnH1Q8InbSlihdRbWVVt6KdM\/pr:1200x630greybg\/aHR0cDovL21lZGlhMi5kZXNpZ25wYXJ0bmVyLmZyL2MvcC1NVC85MzI5LmpwZw?v=1642520821"},"main_images_customization":{"miniature":"https:\/\/media.th4.com\/KHt3ykBZZ3xLrqIbzLJeZRbiOCyM5z_zXMqMPO1Nn0k\/pr:80\/aHR0cDovL21lZGlhMi5kZXNpZ25wYXJ0bmVyLmZyL2MvcC1NVC85MzI5LmpwZw?v=1642520821","medium":"https:\/\/media.th4.com\/1tc5AIPaOk3u_gMgRPx2_w_tHDn-429uH-qE8QIwU54\/pr:550x550greybg\/aHR0cDovL21lZGlhMi5kZXNpZ25wYXJ0bmVyLmZyL2MvcC1NVC85MzI5LmpwZw?v=1642520821","medium_large":"https:\/\/media.th4.com\/dc7nx82ypT1-bmMueXIy4rt6CXWFjc9klPsHmXGaFGA\/pr:1000x1000greybg\/aHR0cDovL21lZGlhMi5kZXNpZ25wYXJ0bmVyLmZyL2MvcC1NVC85MzI5LmpwZw?v=1642520821","large":"https:\/\/media.th4.com\/EgVMBeSLRptOEf3VcJtKOUDPd1PAuDyu7D1DtRdIxNc\/pr:1920greybg\/aHR0cDovL21lZGlhMi5kZXNpZ25wYXJ0bmVyLmZyL2MvcC1NVC85MzI5LmpwZw?v=1642520821","opengraph":"https:\/\/media.th4.com\/NlL5j9PMVbo4kwxLKQGbnH1Q8InbSlihdRbWVVt6KdM\/pr:1200x630greybg\/aHR0cDovL21lZGlhMi5kZXNpZ25wYXJ0bmVyLmZyL2MvcC1NVC85MzI5LmpwZw?v=1642520821"},"page_links":{"fr":"\/fr\/p-cg-09071-chefs-jacket-rimini-lady-9071-9329\/","en":"\/en\/p-cg-09071-chefs-jacket-rimini-lady-9071-9329\/","de":"\/de\/p-cg-09071-chefs-jacket-rimini-lady-9071-9329\/","nl":"\/nl\/p-cg-09071-chefs-jacket-rimini-lady-9071-9329\/","es":"\/es\/p-cg-09071-chaqueta-de-chef-rimini-lady-9071-9329\/","it":"\/it\/p-cg-09071-giacca-da-chef-rimini-lady-9071-9329\/","sv":"\/sv\/p-cg-09071-kocksjacka-rimini-lady-9071-9329\/","pt":"\/pt\/p-cg-09071-jaqueta-de-chef-rimini-lady-9071-9329\/","da":"\/da\/p-cg-09071-chefs-jakke-rimini-lady-9071-9329\/","pl":"\/pl\/p-cg-09071-kurtka-szefa-rimini-lady-9071-9329\/"},"page_links_customization":{"fr":"\/fr\/p-cg-09071-chefs-jacket-rimini-lady-9071-personnalisation-9329\/custom\/","en":"\/en\/p-cg-09071-chefs-jacket-rimini-lady-9071-customization-9329\/custom\/","de":"\/de\/p-cg-09071-chefsjacke-rimini-lady-9071-personalisierung-9329\/custom\/","nl":"\/nl\/p-cg-09071-chefs-jacket-rimini-lady-9071-personalisatie-9329\/custom\/","es":"\/es\/p-cg-09071-chaqueta-de-chef-rimini-lady-9071-personalizacion-9329\/custom\/","it":"\/it\/p-cg-09071-giacca-da-chef-rimini-lady-9071-personalizzazione-9329\/custom\/","sv":"\/sv\/p-cg-09071-chefs-jacka-rimini-lady-9071-personalisering-9329\/custom\/","pt":"\/pt\/p-cg-09071-jaqueta-de-chef-rimini-lady-9071-personalizacao-9329\/custom\/","da":"\/da\/p-cg-09071-chefs-jacket-rimini-lady-9071-personliggorelse-9329\/custom\/","pl":"\/pl\/p-cg-09071-kurtka-szefa-rimini-lady-9071-personalizacja-9329\/custom\/"},"equivalent_products":[],"colors":[{"id":12683,"name":"black","class_ids":[4],"codes_hexa":["040000"],"delai_24":false,"has_3d":false,"seuil_global":0,"stock_local":0,"stock_global":55,"on_standby":false,"in_catalog":true,"images":{"miniature":null,"medium":null,"medium_large":null,"large":null,"opengraph":null},"images_customization":{"miniature":null,"medium":null,"medium_large":null,"large":null,"opengraph":null},"country_origin":"DE","traceability":{"manufacturing_country_id":null,"weaving_country_id":null,"dyeing_country_id":null},"sizes":[{"id":437,"article_id":290239,"class_id":0,"name":"34","on_standby":false,"stock_local":0,"stock_global":3,"multiple":1,"estimated_date_reassort":null,"is_destocking":false},{"id":270,"article_id":290240,"class_id":0,"name":"36","on_standby":false,"stock_local":0,"stock_global":11,"multiple":1,"estimated_date_reassort":null,"is_destocking":false},{"id":211,"article_id":290241,"class_id":0,"name":"38","on_standby":false,"stock_local":0,"stock_global":13,"multiple":1,"estimated_date_reassort":null,"is_destocking":false},{"id":265,"article_id":290242,"class_id":0,"name":"40","on_standby":false,"stock_local":0,"stock_global":10,"multiple":1,"estimated_date_reassort":null,"is_destocking":false},{"id":214,"article_id":290243,"class_id":0,"name":"42","on_standby":false,"stock_local":0,"stock_global":7,"multiple":1,"estimated_date_reassort":null,"is_destocking":false},{"id":249,"article_id":290244,"class_id":0,"name":"44","on_standby":false,"stock_local":0,"stock_global":4,"multiple":1,"estimated_date_reassort":null,"is_destocking":false},{"id":243,"article_id":290245,"class_id":0,"name":"46","on_standby":false,"stock_local":0,"stock_global":7,"multiple":1,"estimated_date_reassort":null,"is_destocking":false}],"page_links":{"fr":"\/fr\/p-cg-09071-chefs-jacket-rimini-lady-9071-9329\/black-12683\/","en":"\/en\/p-cg-09071-chefs-jacket-rimini-lady-9071-9329\/black-12683\/","de":"\/de\/p-cg-09071-chefs-jacket-rimini-lady-9071-9329\/black-12683\/","nl":"\/nl\/p-cg-09071-chefs-jacket-rimini-lady-9071-9329\/black-12683\/","es":"\/es\/p-cg-09071-chaqueta-de-chef-rimini-lady-9071-9329\/black-12683\/","it":"\/it\/p-cg-09071-giacca-da-chef-rimini-lady-9071-9329\/black-12683\/","sv":"\/sv\/p-cg-09071-kocksjacka-rimini-lady-9071-9329\/black-12683\/","pt":"\/pt\/p-cg-09071-jaqueta-de-chef-rimini-lady-9071-9329\/black-12683\/","da":"\/da\/p-cg-09071-chefs-jakke-rimini-lady-9071-9329\/black-12683\/","pl":"\/pl\/p-cg-09071-kurtka-szefa-rimini-lady-9071-9329\/black-12683\/"},"page_links_customization":{"fr":"\/fr\/p-cg-09071-chefs-jacket-rimini-lady-9071-personnalisation-9329\/black-12683\/custom\/","en":"\/en\/p-cg-09071-chefs-jacket-rimini-lady-9071-customization-9329\/black-12683\/custom\/","de":"\/de\/p-cg-09071-chefsjacke-rimini-lady-9071-personalisierung-9329\/black-12683\/custom\/","nl":"\/nl\/p-cg-09071-chefs-jacket-rimini-lady-9071-personalisatie-9329\/black-12683\/custom\/","es":"\/es\/p-cg-09071-chaqueta-de-chef-rimini-lady-9071-personalizacion-9329\/black-12683\/custom\/","it":"\/it\/p-cg-09071-giacca-da-chef-rimini-lady-9071-personalizzazione-9329\/black-12683\/custom\/","sv":"\/sv\/p-cg-09071-chefs-jacka-rimini-lady-9071-personalisering-9329\/black-12683\/custom\/","pt":"\/pt\/p-cg-09071-jaqueta-de-chef-rimini-lady-9071-personalizacao-9329\/black-12683\/custom\/","da":"\/da\/p-cg-09071-chefs-jacket-rimini-lady-9071-personliggorelse-9329\/black-12683\/custom\/","pl":"\/pl\/p-cg-09071-kurtka-szefa-rimini-lady-9071-personalizacja-9329\/black-12683\/custom\/"}},{"id":12700,"name":"red","class_ids":[11],"codes_hexa":["C62C15"],"delai_24":false,"has_3d":false,"seuil_global":0,"stock_local":0,"stock_global":24,"on_standby":false,"in_catalog":true,"images":{"miniature":null,"medium":null,"medium_large":null,"large":null,"opengraph":null},"images_customization":{"miniature":null,"medium":null,"medium_large":null,"large":null,"opengraph":null},"country_origin":"DE","traceability":{"manufacturing_country_id":null,"weaving_country_id":null,"dyeing_country_id":null},"sizes":[{"id":437,"article_id":290253,"class_id":0,"name":"34","on_standby":false,"stock_local":0,"stock_global":3,"multiple":1,"estimated_date_reassort":null,"is_destocking":false},{"id":270,"article_id":290254,"class_id":0,"name":"36","on_standby":false,"stock_local":0,"stock_global":4,"multiple":1,"estimated_date_reassort":null,"is_destocking":false},{"id":265,"article_id":290256,"class_id":0,"name":"40","on_standby":false,"stock_local":0,"stock_global":2,"multiple":1,"estimated_date_reassort":null,"is_destocking":false},{"id":214,"article_id":290257,"class_id":0,"name":"42","on_standby":false,"stock_local":0,"stock_global":6,"multiple":1,"estimated_date_reassort":null,"is_destocking":false},{"id":249,"article_id":290258,"class_id":0,"name":"44","on_standby":false,"stock_local":0,"stock_global":1,"multiple":1,"estimated_date_reassort":null,"is_destocking":false},{"id":243,"article_id":290259,"class_id":0,"name":"46","on_standby":false,"stock_local":0,"stock_global":8,"multiple":1,"estimated_date_reassort":null,"is_destocking":false}],"page_links":{"fr":"\/fr\/p-cg-09071-chefs-jacket-rimini-lady-9071-9329\/red-12700\/","en":"\/en\/p-cg-09071-chefs-jacket-rimini-lady-9071-9329\/red-12700\/","de":"\/de\/p-cg-09071-chefs-jacket-rimini-lady-9071-9329\/red-12700\/","nl":"\/nl\/p-cg-09071-chefs-jacket-rimini-lady-9071-9329\/red-12700\/","es":"\/es\/p-cg-09071-chaqueta-de-chef-rimini-lady-9071-9329\/red-12700\/","it":"\/it\/p-cg-09071-giacca-da-chef-rimini-lady-9071-9329\/red-12700\/","sv":"\/sv\/p-cg-09071-kocksjacka-rimini-lady-9071-9329\/red-12700\/","pt":"\/pt\/p-cg-09071-jaqueta-de-chef-rimini-lady-9071-9329\/red-12700\/","da":"\/da\/p-cg-09071-chefs-jakke-rimini-lady-9071-9329\/red-12700\/","pl":"\/pl\/p-cg-09071-kurtka-szefa-rimini-lady-9071-9329\/red-12700\/"},"page_links_customization":{"fr":"\/fr\/p-cg-09071-chefs-jacket-rimini-lady-9071-personnalisation-9329\/red-12700\/custom\/","en":"\/en\/p-cg-09071-chefs-jacket-rimini-lady-9071-customization-9329\/red-12700\/custom\/","de":"\/de\/p-cg-09071-chefsjacke-rimini-lady-9071-personalisierung-9329\/red-12700\/custom\/","nl":"\/nl\/p-cg-09071-chefs-jacket-rimini-lady-9071-personalisatie-9329\/red-12700\/custom\/","es":"\/es\/p-cg-09071-chaqueta-de-chef-rimini-lady-9071-personalizacion-9329\/red-12700\/custom\/","it":"\/it\/p-cg-09071-giacca-da-chef-rimini-lady-9071-personalizzazione-9329\/red-12700\/custom\/","sv":"\/sv\/p-cg-09071-chefs-jacka-rimini-lady-9071-personalisering-9329\/red-12700\/custom\/","pt":"\/pt\/p-cg-09071-jaqueta-de-chef-rimini-lady-9071-personalizacao-9329\/red-12700\/custom\/","da":"\/da\/p-cg-09071-chefs-jacket-rimini-lady-9071-personliggorelse-9329\/red-12700\/custom\/","pl":"\/pl\/p-cg-09071-kurtka-szefa-rimini-lady-9071-personalizacja-9329\/red-12700\/custom\/"}},{"id":12707,"name":"white","class_ids":[1],"codes_hexa":["FFFFFF"],"delai_24":false,"has_3d":false,"seuil_global":0,"stock_local":0,"stock_global":16,"on_standby":false,"in_catalog":true,"images":{"miniature":null,"medium":null,"medium_large":null,"large":null,"opengraph":null},"images_customization":{"miniature":null,"medium":null,"medium_large":null,"large":null,"opengraph":null},"country_origin":"DE","traceability":{"manufacturing_country_id":null,"weaving_country_id":null,"dyeing_country_id":null},"sizes":[{"id":437,"article_id":290260,"class_id":0,"name":"34","on_standby":false,"stock_local":0,"stock_global":1,"multiple":1,"estimated_date_reassort":null,"is_destocking":false},{"id":270,"article_id":290261,"class_id":0,"name":"36","on_standby":false,"stock_local":0,"stock_global":2,"multiple":1,"estimated_date_reassort":null,"is_destocking":false},{"id":211,"article_id":290262,"class_id":0,"name":"38","on_standby":false,"stock_local":0,"stock_global":3,"multiple":1,"estimated_date_reassort":null,"is_destocking":false},{"id":214,"article_id":290264,"class_id":0,"name":"42","on_standby":false,"stock_local":0,"stock_global":4,"multiple":1,"estimated_date_reassort":null,"is_destocking":false},{"id":249,"article_id":290265,"class_id":0,"name":"44","on_standby":false,"stock_local":0,"stock_global":3,"multiple":1,"estimated_date_reassort":null,"is_destocking":false},{"id":243,"article_id":290266,"class_id":0,"name":"46","on_standby":false,"stock_local":0,"stock_global":3,"multiple":1,"estimated_date_reassort":null,"is_destocking":false}],"page_links":{"fr":"\/fr\/p-cg-09071-chefs-jacket-rimini-lady-9071-9329\/white-12707\/","en":"\/en\/p-cg-09071-chefs-jacket-rimini-lady-9071-9329\/white-12707\/","de":"\/de\/p-cg-09071-chefs-jacket-rimini-lady-9071-9329\/white-12707\/","nl":"\/nl\/p-cg-09071-chefs-jacket-rimini-lady-9071-9329\/white-12707\/","es":"\/es\/p-cg-09071-chaqueta-de-chef-rimini-lady-9071-9329\/white-12707\/","it":"\/it\/p-cg-09071-giacca-da-chef-rimini-lady-9071-9329\/white-12707\/","sv":"\/sv\/p-cg-09071-kocksjacka-rimini-lady-9071-9329\/white-12707\/","pt":"\/pt\/p-cg-09071-jaqueta-de-chef-rimini-lady-9071-9329\/white-12707\/","da":"\/da\/p-cg-09071-chefs-jakke-rimini-lady-9071-9329\/white-12707\/","pl":"\/pl\/p-cg-09071-kurtka-szefa-rimini-lady-9071-9329\/white-12707\/"},"page_links_customization":{"fr":"\/fr\/p-cg-09071-chefs-jacket-rimini-lady-9071-personnalisation-9329\/white-12707\/custom\/","en":"\/en\/p-cg-09071-chefs-jacket-rimini-lady-9071-customization-9329\/white-12707\/custom\/","de":"\/de\/p-cg-09071-chefsjacke-rimini-lady-9071-personalisierung-9329\/white-12707\/custom\/","nl":"\/nl\/p-cg-09071-chefs-jacket-rimini-lady-9071-personalisatie-9329\/white-12707\/custom\/","es":"\/es\/p-cg-09071-chaqueta-de-chef-rimini-lady-9071-personalizacion-9329\/white-12707\/custom\/","it":"\/it\/p-cg-09071-giacca-da-chef-rimini-lady-9071-personalizzazione-9329\/white-12707\/custom\/","sv":"\/sv\/p-cg-09071-chefs-jacka-rimini-lady-9071-personalisering-9329\/white-12707\/custom\/","pt":"\/pt\/p-cg-09071-jaqueta-de-chef-rimini-lady-9071-personalizacao-9329\/white-12707\/custom\/","da":"\/da\/p-cg-09071-chefs-jacket-rimini-lady-9071-personliggorelse-9329\/white-12707\/custom\/","pl":"\/pl\/p-cg-09071-kurtka-szefa-rimini-lady-9071-personalizacja-9329\/white-12707\/custom\/"}},{"id":12690,"name":"elefant","class_ids":[3],"codes_hexa":["827E8D"],"delai_24":false,"has_3d":false,"seuil_global":0,"stock_local":0,"stock_global":3,"on_standby":false,"in_catalog":true,"images":{"miniature":null,"medium":null,"medium_large":null,"large":null,"opengraph":null},"images_customization":{"miniature":null,"medium":null,"medium_large":null,"large":null,"opengraph":null},"country_origin":"DE","traceability":{"manufacturing_country_id":null,"weaving_country_id":null,"dyeing_country_id":null},"sizes":[{"id":211,"article_id":290248,"class_id":0,"name":"38","on_standby":false,"stock_local":0,"stock_global":2,"multiple":1,"estimated_date_reassort":null,"is_destocking":false},{"id":265,"article_id":290249,"class_id":0,"name":"40","on_standby":false,"stock_local":0,"stock_global":1,"multiple":1,"estimated_date_reassort":null,"is_destocking":false}],"page_links":{"fr":"\/fr\/p-cg-09071-chefs-jacket-rimini-lady-9071-9329\/elefant-12690\/","en":"\/en\/p-cg-09071-chefs-jacket-rimini-lady-9071-9329\/elefant-12690\/","de":"\/de\/p-cg-09071-chefs-jacket-rimini-lady-9071-9329\/elefant-12690\/","nl":"\/nl\/p-cg-09071-chefs-jacket-rimini-lady-9071-9329\/elefant-12690\/","es":"\/es\/p-cg-09071-chaqueta-de-chef-rimini-lady-9071-9329\/elefant-12690\/","it":"\/it\/p-cg-09071-giacca-da-chef-rimini-lady-9071-9329\/elefant-12690\/","sv":"\/sv\/p-cg-09071-kocksjacka-rimini-lady-9071-9329\/elefant-12690\/","pt":"\/pt\/p-cg-09071-jaqueta-de-chef-rimini-lady-9071-9329\/elefant-12690\/","da":"\/da\/p-cg-09071-chefs-jakke-rimini-lady-9071-9329\/elefant-12690\/","pl":"\/pl\/p-cg-09071-kurtka-szefa-rimini-lady-9071-9329\/elefant-12690\/"},"page_links_customization":{"fr":"\/fr\/p-cg-09071-chefs-jacket-rimini-lady-9071-personnalisation-9329\/elefant-12690\/custom\/","en":"\/en\/p-cg-09071-chefs-jacket-rimini-lady-9071-customization-9329\/elefant-12690\/custom\/","de":"\/de\/p-cg-09071-chefsjacke-rimini-lady-9071-personalisierung-9329\/elefant-12690\/custom\/","nl":"\/nl\/p-cg-09071-chefs-jacket-rimini-lady-9071-personalisatie-9329\/elefant-12690\/custom\/","es":"\/es\/p-cg-09071-chaqueta-de-chef-rimini-lady-9071-personalizacion-9329\/elefant-12690\/custom\/","it":"\/it\/p-cg-09071-giacca-da-chef-rimini-lady-9071-personalizzazione-9329\/elefant-12690\/custom\/","sv":"\/sv\/p-cg-09071-chefs-jacka-rimini-lady-9071-personalisering-9329\/elefant-12690\/custom\/","pt":"\/pt\/p-cg-09071-jaqueta-de-chef-rimini-lady-9071-personalizacao-9329\/elefant-12690\/custom\/","da":"\/da\/p-cg-09071-chefs-jacket-rimini-lady-9071-personliggorelse-9329\/elefant-12690\/custom\/","pl":"\/pl\/p-cg-09071-kurtka-szefa-rimini-lady-9071-personalizacja-9329\/elefant-12690\/custom\/"}}],"documentation_link":null,"countries_availables":["AD","AE","AL","AT","BA","BD","BE","BG","BL","CA","CH","CN","CO","CY","CZ","DE","DK","DO","EE","EG","ES","ET","FI","FR","GB","GE","GF","GP","GR","GT","HK","HN","HR","HT","HU","ID","IE","IN","IS","IT","JO","JP","KE","KH","KP","KR","LA","LK","LS","LT","LU","LV","MA","MF","MG","MK","MM","MN","MQ","MT","MX","MY","NC","NI","NL","PF","PH","PK","PL","PM","PT","RE","RO","SE","SG","SI","SK","SV","SY","TH","TN","TR","TW","TZ","US","VN","WF","YT"]},"infos_customization":[],"features":{"authorize_multi_surfaces":true,"display_order_delay_type":true,"promote_surface_display":true,"tarification_franco_offert":true,"enabled_3d_editor":false},"markings":[{"id":0,"nom":"vierge","finition":null,"libelle":null,"code":null,"dpi":null,"finesse_forme_isolee":null,"finesse_forme_non_isolee":null,"hauteur_minimale_texte":null,"inactif":0,"marquage_interne":1,"quantite_min":null,"parent_id":null,"print_on_support":0,"content":"vierge","description":null},{"id":2,"nom":"fonce","finition":"optimale","libelle":"TopQuadri","code":null,"dpi":400,"finesse_forme_isolee":"0.040","finesse_forme_non_isolee":"0.700","hauteur_minimale_texte":2,"inactif":0,"marquage_interne":1,"quantite_min":null,"parent_id":18,"print_on_support":0,"content":"TopQuadri","description":"pour petites et moyennes s\u00e9ries"},{"id":3,"nom":"serigraphie","finition":"serigraphie","libelle":"SeriCoat","code":null,"dpi":400,"finesse_forme_isolee":"0.040","finesse_forme_non_isolee":"0.700","hauteur_minimale_texte":2,"inactif":0,"marquage_interne":1,"quantite_min":15,"parent_id":18,"print_on_support":0,"content":"SeriCoat","description":"pour moyennes et grandes s\u00e9ries"},{"id":4,"nom":"broderie","finition":"broderie","libelle":"Broderie","code":null,"dpi":400,"finesse_forme_isolee":"0.040","finesse_forme_non_isolee":"0.700","hauteur_minimale_texte":3,"inactif":0,"marquage_interne":1,"quantite_min":null,"parent_id":null,"print_on_support":0,"content":"Broderie","description":null},{"id":8,"nom":"theme","finition":null,"libelle":"Th\u00e8me","code":null,"dpi":null,"finesse_forme_isolee":null,"finesse_forme_non_isolee":null,"hauteur_minimale_texte":null,"inactif":0,"marquage_interne":1,"quantite_min":null,"parent_id":null,"print_on_support":0,"content":"Th\u00e8me","description":null},{"id":9,"nom":"sans","finition":null,"libelle":null,"code":null,"dpi":null,"finesse_forme_isolee":null,"finesse_forme_non_isolee":null,"hauteur_minimale_texte":null,"inactif":0,"marquage_interne":1,"quantite_min":null,"parent_id":null,"print_on_support":0,"content":"sans","description":null},{"id":10,"nom":"photo","finition":null,"libelle":"Photo","code":null,"dpi":null,"finesse_forme_isolee":null,"finesse_forme_non_isolee":null,"hauteur_minimale_texte":null,"inactif":0,"marquage_interne":1,"quantite_min":null,"parent_id":null,"print_on_support":0,"content":"Photo","description":null},{"id":14,"nom":"couleur","finition":null,"libelle":"Couleur","code":null,"dpi":null,"finesse_forme_isolee":null,"finesse_forme_non_isolee":null,"hauteur_minimale_texte":null,"inactif":0,"marquage_interne":1,"quantite_min":null,"parent_id":null,"print_on_support":0,"content":"Couleur","description":null},{"id":15,"nom":"sublimation","finition":"sublimation","libelle":"Sublimation","code":null,"dpi":null,"finesse_forme_isolee":"0.000","finesse_forme_non_isolee":"0.000","hauteur_minimale_texte":2,"inactif":0,"marquage_interne":1,"quantite_min":null,"parent_id":null,"print_on_support":0,"content":"Sublimation","description":null},{"id":16,"nom":"topquadri_uv","finition":null,"libelle":"TopQuadri UV","code":null,"dpi":null,"finesse_forme_isolee":"0.020","finesse_forme_non_isolee":"0.700","hauteur_minimale_texte":2,"inactif":0,"marquage_interne":1,"quantite_min":null,"parent_id":null,"print_on_support":1,"content":null,"description":null},{"id":17,"nom":"topquadri_uvp","finition":null,"libelle":"TopQuadri UVP","code":null,"dpi":null,"finesse_forme_isolee":"0.020","finesse_forme_non_isolee":"0.700","hauteur_minimale_texte":2,"inactif":0,"marquage_interne":1,"quantite_min":null,"parent_id":null,"print_on_support":1,"content":null,"description":null},{"id":18,"nom":"quadri","finition":null,"libelle":"Impression","code":null,"dpi":null,"finesse_forme_isolee":null,"finesse_forme_non_isolee":null,"hauteur_minimale_texte":null,"inactif":0,"marquage_interne":1,"quantite_min":null,"parent_id":null,"print_on_support":0,"content":null,"description":null}]}}