{"data":{"product":{"id":9328,"titre":"Chef\u00b4s Jacket Rimini","description":"Veste. Lavable \u00e0 95 \u00b0C. Poche \u00e0 la taille. 12 boutons noirs inclus. Composition: White: 100% Coton, Color\u00e9: 65% Polyester \/ 35% Coton.","genre":"","grammage":210,"conditionnement":10,"composition":"coton,coton_uniquement","reference":"cg-00906","reference_visible":"cg-00906","reference_fabricant":"00906","ref_xor":"750133","in_catalog":true,"is_transfer":false,"is_service":false,"on_standby":false,"has_3d":false,"has_size_guide":false,"has_marking":false,"has_vierge":true,"is_cross_sellable":false,"id_picto":214,"filename_3d":null,"brand":{"id":169,"name":"CG Workwear","logo":"logo-cgworkwear.png","image":"https:\/\/media.th4.com\/-1S1keWompVcT08dRWLVX3llbmAeyjagm4KzKLMTSzw\/pr:brand70x70\/aHR0cDovL21lZGlhMi5kZXNpZ25wYXJ0bmVyLmZyL2MvbS9sb2dvLWNnd29ya3dlYXIucG5n"},"price_infos":{"price_from":77.62,"quantity":5,"color":{"id":12700,"name":"red"},"size":{"id":245,"name":"52"}},"price_infos_marking":{"price_from":0,"quantity":0,"size":{"id":0,"name":""},"color":{"id":0,"name":""},"marking":{"id":0,"name":""},"emplacement":"","surface":"","surface_emplacement_id":0},"i18n":{"blank":{"title":{"fr":"Chef\u00b4s jacket rimini Veste de cuisine CG WORKWEAR 906","en":"Chef's jacket rimini CG WORKWEAR 906 kitchen jacket","de":"Chef's jacket rimini K\u00fcchenjacke CG WORKWEAR 906","nl":"Koksjacket rimini Keukenjack CG WORKWEAR 906","es":"Chaqueta de chef rimini Vestido de cocina CG WORKWEAR 906","it":"Giacca da chef rimini CG WORKWEAR 906","sv":"Chef\u00b4s jacket rimini K\u00f6kskappa CG WORKWEAR 906","pt":"Jaque do chef rimini Veste de cozinha CG WORKWEAR 906","da":"Chef\u00b4s jacket rimini K\u00f8kkendrak CG WORKWEAR 906","pl":"Kurtka szefa rimini Str\u00f3j kuchenny CG WORKWEAR 906"},"description":{"fr":"Veste de cuisine Rimini con\u00e7ue pour les professionnels de la restauration. Ce v\u00eatement offre une combinaison de confort et de durabilit\u00e9 pour une utilisation quotidienne en cuisine. Elle est dot\u00e9e de 12 boutons noirs inclus pour une fermeture classique et pratique. La veste est con\u00e7ue pour r\u00e9sister aux exigences d'un environnement professionnel tout en assurant une bonne libert\u00e9 de mouvement. Elle est adapt\u00e9e \u00e0 divers environnements culinaires et offre une solution pratique pour les chefs et le personnel de cuisine.\n\n- Composition : Blanc : 100% Coton\n- Composition : Color\u00e9 : 65% Polyester \/ 35% Coton\n- Nombre de boutons : 12\n- Lavable \u00e0 : 95 \u00b0C","en":"Rimini kitchen jacket designed for restaurant professionals. This garment offers a combination of comfort and durability for daily use in the kitchen. It features 12 black buttons included for a classic and practical closure. The jacket is designed to withstand the demands of a professional environment while ensuring good freedom of movement. It is suitable for various culinary environments and offers a practical solution for chefs and kitchen staff.\n\n- Composition : White : 100% Cotton\n- Composition : Colored : 65% Polyester \/ 35% Cotton\n- Number of buttons : 12\n- Washable at : 95 \u00b0C","de":"K\u00fcchenjacke Rimini f\u00fcr Profis in der Gastronomie. Dieses Kleidungsst\u00fcck bietet eine Kombination aus Komfort und Haltbarkeit f\u00fcr den t\u00e4glichen Gebrauch in der K\u00fcche. Sie ist mit 12 schwarzen Kn\u00f6pfen ausgestattet f\u00fcr einen klassischen und praktischen Verschluss. Die Jacke ist so konzipiert, dass sie den Anforderungen einer professionellen Umgebung standh\u00e4lt, gleichzeitig aber eine gute Bewegungsfreiheit gew\u00e4hrleistet. Sie ist f\u00fcr verschiedene K\u00fcchenumgebungen geeignet und bietet eine praktische L\u00f6sung f\u00fcr K\u00f6che und K\u00fcchenpersonal.\n\n- Zusammensetzung: Wei\u00df: 100% Baumwolle\n- Zusammensetzung: Farbe: 65% Polyester \/ 35% Baumwolle\n- Anzahl der Kn\u00f6pfe: 12\n- Waschbar bei: 95 \u00b0C","nl":"Keukenjack Rimini ontworpen voor professionele keukenpersoneel. Dit kledingstuk biedt een combinatie van comfort en duurzaamheid voor dagelijks gebruik in de keuken. Het heeft 12 zwarte knopen inbegrepen voor een klassieke en praktische sluiting. De jas is ontworpen om aan de eisen van een professionele omgeving te voldoen terwijl hij een goede bewegingsvrijheid biedt. Het is geschikt voor verschillende culinaire omgevingen en biedt een praktische oplossing voor chefs en keukenpersoneel.\n\n- Samenstelling: Wit: 100% Katoen\n- Samenstelling: Kleur: 65% Polyester \/ 35% Katoen\n- Aantal knopen: 12\n- Wasbaar bij: 95 \u00b0C","es":"Vestido de cocina Rimini dise\u00f1ado para profesionales de la restauraci\u00f3n. Esta prenda ofrece una combinaci\u00f3n de comodidad y durabilidad para un uso diario en la cocina. Cuenta con 12 botones negros incluidos para un cierre cl\u00e1sico y pr\u00e1ctico. La chaqueta est\u00e1 dise\u00f1ada para resistir las exigencias de un entorno profesional al mismo tiempo que asegura una buena libertad de movimiento. Est\u00e1 adaptada a diversos entornos culinarios y ofrece una soluci\u00f3n pr\u00e1ctica para chefs y personal de cocina.\n\n- Composici\u00f3n: Blanco: 100% Algod\u00f3n\n- Composici\u00f3n: Color: 65% Poli\u00e9ster \/ 35% Algod\u00f3n\n- N\u00famero de botones: 12\n- Lavable a: 95 \u00b0C","it":"Giacca da chef rimini progettata per i professionisti della ristorazione. Questo indumento offre una combinazione di comfort e durabilit\u00e0 per un uso quotidiano in cucina. \u00c8 dotata di 12 bottoni neri inclusi per una chiusura classica e pratica. La giacca \u00e8 progettata per resistere alle esigenze di un ambiente professionale garantendo una buona libert\u00e0 di movimento. \u00c8 adatta a vari ambienti culinari e offre una soluzione pratica per chef e personale di cucina.\n\n- Composizione : Bianco : 100% Coton\n- Composizione : Colorato : 65% Poliestere \/ 35% Coton\n- Numero di bottoni : 12\n- Lavabile a : 95 \u00b0C","sv":"K\u00f6kskappa Rimini designad f\u00f6r restaurangprofessionella. Denna kl\u00e4dsel erbjuder en kombination av komfort och h\u00e5llbarhet f\u00f6r daglig anv\u00e4ndning i k\u00f6ket. Den \u00e4r utrustad med 12 svarta knappar f\u00f6r en klassisk och praktisk st\u00e4ngning. Kappan \u00e4r designad f\u00f6r att motst\u00e5 kraven i en professionell milj\u00f6 samtidigt som den s\u00e4kerst\u00e4ller god r\u00f6relsefrihet. Den \u00e4r anpassad f\u00f6r olika kulinariska milj\u00f6er och erbjuder ett praktiskt alternativ f\u00f6r kockar och k\u00f6kspersonal.\n\n- Sammans\u00e4ttning: Vit: 100% Bomull\n- Sammans\u00e4ttning: F\u00e4rgad: 65% Polyester \/ 35% Bomull\n- Antal knappar: 12\n- Tv\u00e4ttbar vid: 95 \u00b0C","pt":"Veste de cozinha Rimini concebida para os profissionais da restaura\u00e7\u00e3o. Esta vestimenta oferece uma combina\u00e7\u00e3o de conforto e durabilidade para uma utiliza\u00e7\u00e3o di\u00e1ria na cozinha. Est\u00e1 dotada de 12 bot\u00f5es pretos inclu\u00eddos para um fecho cl\u00e1ssico e pr\u00e1tico. A veste \u00e9 concebida para resistir \u00e0s exig\u00eancias de um ambiente profissional ao mesmo tempo que assegura uma boa liberdade de movimento. \u00c9 adequada a diversos ambientes culin\u00e1rios e oferece uma solu\u00e7\u00e3o pr\u00e1tica para os chefs e pessoal de cozinha. \n\n- Composi\u00e7\u00e3o: Branco: 100% Algod\u00e3o \n- Composi\u00e7\u00e3o: Colorido: 65% Poli\u00e9ster \/ 35% Algod\u00e3o \n- N\u00famero de bot\u00f5es: 12 \n- Lav\u00e1vel a: 95 \u00b0C","da":"K\u00f8kkendrak Rimini er designet til professionelle i restaurantbranchen. Dette t\u00f8j tilbyder en kombination af komfort og holdbarhed til daglig brug i k\u00f8kkenet. Den har 12 sorte knapper inkluderet til en klassisk og praktisk lukning. Jacken er designet til at modst\u00e5 kravene i et professionelt milj\u00f8, samtidig med at den sikrer god bev\u00e6gelighed. Den er velegnet til forskellige kulinariske milj\u00f8er og tilbyder en praktisk l\u00f8sning for k\u00f8kkenchefer og k\u00f8kkenpersonale.\n\n- Sammens\u00e6tning: Hvid: 100% Bomuld\n- Sammens\u00e6tning: Farvet: 65% Polyester \/ 35% Bomuld\n- Antal knapper: 12\n- Vaskbar ved: 95 \u00b0C","pl":"Str\u00f3j kuchenny Rimini zaprojektowany dla profesjonalist\u00f3w gastronomii. Ten ubi\u00f3r oferuje po\u0142\u0105czenie komfortu i trwa\u0142o\u015bci dla codziennego u\u017cytku w kuchni. Jest wyposa\u017cony w 12 czarne guziki do klasycznego i praktycznego zamkni\u0119cia. Kurtka jest zaprojektowana, aby sprosta\u0107 wymaganiom \u015brodowiska zawodowego, zapewniaj\u0105c jednocze\u015bnie dobr\u0105 swobod\u0119 ruchu. Jest dostosowana do r\u00f3\u017cnych \u015brodowisk kulinarnych i oferuje praktyczne rozwi\u0105zanie dla szef\u00f3w kuchni i personelu kuchni.\n\n- Sk\u0142ad: Bia\u0142y: 100% Bawe\u0142na\n- Sk\u0142ad: Kolorowy: 65% Poliestr \/ 35% Bawe\u0142na\n- Liczba guzik\u00f3w: 12\n- Pranie przy: 95 \u00b0C"},"h1":{"fr":"Chef\u00b4s jacket rimini Veste de cuisine 906","en":"Chef's jacket rimini 906 kitchen jacket","de":"Chef's jacket rimini K\u00fcchenjacke 906","nl":"Koksjacket rimini Keukenjack 906","es":"Chaqueta de chef rimini Vestido de cocina 906","it":"Giacca da chef rimini 906","sv":"Chef\u00b4s jacket rimini K\u00f6kskappa 906","pt":"Jaque do chef rimini Veste de cozinha 906","da":"Chef\u00b4s jacket rimini K\u00f8kkendrak 906","pl":"Kurtka szefa rimini Str\u00f3j kuchenny 906"},"meta_description":{"fr":"Veste de cuisine Rimini. Mod\u00e8le professionnel avec 12 boutons noirs inclus. Adapt\u00e9e \u00e0 divers environnements culinaires. Composition coton\/polyester.","en":"Rimini kitchen jacket. Professional model with 12 black buttons included. Suitable for various culinary environments. Cotton\/polyester composition.","de":"K\u00fcchenjacke Rimini. Profi-Modell mit 12 schwarzen Kn\u00f6pfen. Geeignet f\u00fcr verschiedene K\u00fcchenumgebungen. Zusammensetzung Baumwolle\/Polyester.","nl":"Keukenjack Rimini. Professioneel model met 12 zwarte knopen inbegrepen. Geschikt voor verschillende culinaire omgevingen. Samenstelling katoen\/polyester.","es":"Vestido de cocina Rimini. Modelo profesional con 12 botones negros incluidos. Adaptado a diversos entornos culinarios. Composici\u00f3n algod\u00f3n\/poli\u00e9ster.","it":"Giacca da chef rimini. Modello professionale con 12 bottoni neri inclusi. Adatto a vari ambienti culinari. Composizione cotone\/polyester.","sv":"K\u00f6kskappa Rimini. Professionell modell med 12 svarta knappar inkluderade. Anpassad f\u00f6r olika kulinariska milj\u00f6er. Sammans\u00e4ttning bomull\/polyester.","pt":"Veste de cozinha Rimini. Modelo profissional com 12 bot\u00f5es pretos inclu\u00eddos. Adequado a diversos ambientes culin\u00e1rios. Composi\u00e7\u00e3o algod\u00e3o\/poli\u00e9ster.","da":"K\u00f8kkendrak Rimini. Professionelt model med 12 sorte knapper inkluderet. Tilpasset til forskellige kulinariske milj\u00f8er. Sammens\u00e6tning bomuld\/polyester.","pl":"Str\u00f3j kuchenny Rimini. Profesjonalny model z 12 czarnymi guzikami. Dostosowany do r\u00f3\u017cnych \u015brodowisk kulinarnych. Sk\u0142ad bawe\u0142na\/poliestr."}},"custom":{"title":{"fr":"Chef\u00b4s jacket rimini Veste de cuisine CG WORKWEAR personnalisable 906","en":"Chef\u00b4s jacket rimini CG WORKWEAR customizable kitchen jacket 906","de":"Chef-Jacke Rimini K\u00fcchenjacke CG WORKWEAR personalisierbar 906","nl":"Chef\u00b4s jacket rimini CG WORKWEAR persoonlijke maat 906","es":"Chef\u00b4s jacket rimini Veste de cocina CG WORKWEAR personalizable 906","it":"Giacca da chef rimini Veste da cucina CG WORKWEAR personalizzabile 906","sv":"Kockjacka rimini K\u00f6ksk\u00e4pa CG WORKWEAR personaliserbar 906","pt":"Jaqueta de chef rimini Veste de cozinha CG WORKWEAR personaliz\u00e1vel 906","da":"Chef\u00b4s jacket rimini Madkostume CG WORKWEAR personaliserbar 906","pl":"Kurtka szefa Rimini Kurtka kucharska CG WORKWEAR personalizowalna 906"},"description":{"fr":"La veste de cuisine Rimini est con\u00e7ue pour r\u00e9pondre aux exigences des professionnels de la restauration. Elle offre un confort optimal et une grande r\u00e9sistance au quotidien. Sa coupe classique et ses finitions soign\u00e9es en font un v\u00eatement de travail id\u00e9al pour les chefs et le personnel de cuisine. Cette veste est lavable \u00e0 95\u00b0C, ce qui facilite son entretien et assure une hygi\u00e8ne irr\u00e9prochable. Elle est \u00e9quip\u00e9e de 12 boutons noirs inclus pour une fermeture s\u00e9curis\u00e9e et pratique. La composition de la veste varie en fonction de la couleur : blanc 100% coton, color\u00e9 65% polyester \/ 35% coton. Il est possible de personnaliser cette veste avec votre logo ou votre visuel, afin de renforcer l'identit\u00e9 visuelle de votre \u00e9tablissement.\n\n- Composition : White: 100% Coton, Color\u00e9: 65% Polyester \/ 35% Coton\n- Lavable \u00e0 95\u00b0C\n- 12 boutons noirs inclus\n- Coupe classique\n- Poche \u00e0 la taille","en":"The kitchen jacket Rimini is designed to meet the demands of restaurant professionals. It offers optimal comfort and great resistance on a daily basis. Its classic cut and careful finishes make it an ideal work garment for chefs and kitchen staff. This jacket is washable at 95\u00b0C, making it easy to maintain and ensuring impeccable hygiene. It is equipped with 12 black buttons included for a secure and practical closure. The composition of the jacket varies depending on the color: white 100% cotton, colored 65% polyester \/ 35% cotton. It is possible to customize this jacket with your logo or your visual, in order to reinforce the visual identity of your establishment.\n\n- Composition: White: 100% Cotton, Colored: 65% Polyester \/ 35% Cotton\n- Washable at 95\u00b0C\n- 12 black buttons included\n- Classic cut\n- Belt pocket","de":"Die K\u00fcchenjacke Rimini ist so gestaltet, dass sie den Anforderungen der Gastronomieprofis entspricht. Sie bietet optimalen Komfort und eine hohe Best\u00e4ndigkeit im Alltag. Ihr klassischer Schnitt und die sorgf\u00e4ltige Verarbeitung machen sie zur idealen Arbeitskleidung f\u00fcr K\u00f6che und K\u00fcchenpersonal. Diese Jacke ist bei 95\u00b0C waschbar, was die Pflege erleichtert und eine einwandfreie Hygiene gew\u00e4hrleistet. Sie ist mit 12 schwarzen Kn\u00f6pfen ausgestattet, die f\u00fcr einen sicheren und praktischen Verschluss sorgen. Die Zusammensetzung der Jacke variiert je nach Farbe: wei\u00df 100% Baumwolle, farbig 65% Polyester \/ 35% Baumwolle. Diese Jacke kann mit Ihrem Logo oder Ihrem Motiv personalisiert werden, um das visuelle Erscheinungsbild Ihres Betriebs zu st\u00e4rken.\n\n- Zusammensetzung: Wei\u00df: 100% Baumwolle, Farbe: 65% Polyester \/ 35% Baumwolle\n- Bei 95\u00b0C waschbar\n- 12 schwarze Kn\u00f6pfe enthalten\n- Klassischer Schnitt\n- Tasche am Bund","nl":"De keukenjas Rimini is ontworpen om te voldoen aan de eisen van de professionals in de catering. Hij biedt een optimaal comfort en een grote weerstand in het dagelijks gebruik. Zijn klassieke snit en verzorgde afwerkingen maken hem tot een ide\u00eble werkkleding voor chefs en keukenpersoneel. Deze jas is wasbaar bij 95\u00b0C, wat zijn onderhoud vergemakkelijkt en een onberispelijke hygi\u00ebne garandeert. Hij is uitgerust met 12 zwarte knopen inbegrepen voor een veilige en praktische sluiting. De samenstelling van de jas varieert afhankelijk van de kleur: wit 100% katoen, gekleurd 65% polyester \/ 35% katoen. Het is mogelijk om deze jas te personaliseren met uw logo of uw visuele element, om de visuele identiteit van uw vestiging te versterken.\n\n- Samenstelling: Wit: 100% Katoen, Gekleurd: 65% Polyester \/ 35% Katoen\n- Wasbaar bij 95\u00b0C\n- 12 zwarte knopen inbegrepen\n- Klassieke snit\n- Tas op de taille","es":"La veste de cocina Rimini est\u00e1 dise\u00f1ada para cumplir con los requisitos de los profesionales de la restauraci\u00f3n. Ofrece un confort \u00f3ptimo y una gran resistencia en el d\u00eda a d\u00eda. Su corte cl\u00e1sico y sus acabados cuidadosos la convierten en una prenda de trabajo ideal para los chefs y el personal de cocina. Esta veste es lavable a 95\u00b0C, lo que facilita su mantenimiento y garantiza una higiene impecable. Est\u00e1 equipada con 12 botones negros incluidos para un cierre seguro y pr\u00e1ctico. La composici\u00f3n de la veste var\u00eda seg\u00fan el color: blanco 100% algod\u00f3n, colorido 65% poli\u00e9ster \/ 35% algod\u00f3n. Es posible personalizar esta veste con su logo o su dise\u00f1o, para reforzar la identidad visual de su establecimiento.\n\n- Composici\u00f3n: Blanco: 100% Algod\u00f3n, Colorido: 65% Poli\u00e9ster \/ 35% Algod\u00f3n\n- Lavable a 95\u00b0C\n- 12 botones negros incluidos\n- Corte cl\u00e1sico\n- Bolsillo a la cintura","it":"La veste da cucina Rimini \u00e8 progettata per rispondere alle esigenze dei professionisti della ristorazione. Offre un comfort ottimale e una grande resistenza quotidiana. Il suo taglio classico e le sue rifiniture curate ne fanno un capo di lavoro ideale per chef e personale di cucina. Questa veste \u00e8 lavabile a 95\u00b0C, il che facilita la sua manutenzione e garantisce un'igiene impeccabile. \u00c8 dotata di 12 bottoni neri inclusi per una chiusura sicura e pratica. La composizione della veste varia a seconda del colore: bianco 100% cotone, colorato 65% poliestere \/ 35% cotone. \u00c8 possibile personalizzare questa veste con il proprio logo o visivo, per rafforzare l'identit\u00e0 visiva del proprio locale.\n\n- Composizione : Bianco: 100% Coton, Colorato: 65% Poliestere \/ 35% Coton\n- Lavabile a 95\u00b0C\n- 12 bottoni neri inclusi\n- Taglio classico\n- Tasca in vita","sv":"K\u00f6ksk\u00e4pan Rimini \u00e4r konstruerad f\u00f6r att m\u00f6ta kraven hos restaurangprofessionella. Den erbjuder optimal komfort och stor motst\u00e5ndskraft i vardagen. Dess klassiska sk\u00e4rning och omsorgsfulla detaljer g\u00f6r den till ett idealt arbetsplagg f\u00f6r kockar och k\u00f6kspersonal. Denna jacka \u00e4r tv\u00e4ttbar vid 95\u00b0C, vilket underl\u00e4ttar dess underh\u00e5ll och s\u00e4kerst\u00e4ller en ofelbar hygien. Den \u00e4r utrustad med 12 svarta knappar som ing\u00e5r f\u00f6r en s\u00e4ker och praktisk st\u00e4ngning. Jackans sammans\u00e4ttning varierar beroende p\u00e5 f\u00e4rg: vit 100% bomull, f\u00e4rgglad 65% polyester \/ 35% bomull. Det \u00e4r m\u00f6jligt att personalisera denna jacka med ditt logotyp eller din visuella presentation f\u00f6r att st\u00e4rka din restaurangs visuella identitet.\n\n- Sammans\u00e4ttning: Vit: 100% Bomull, F\u00e4rgglad: 65% Polyester \/ 35% Bomull\n- Tv\u00e4ttbar vid 95\u00b0C\n- 12 svarta knappar ing\u00e5r\n- Klassisk sk\u00e4rning\n- Midjeficka","pt":"A jaqueta de cozinha Rimini \u00e9 concebida para responder \u00e0s exig\u00eancias dos profissionais da restaura\u00e7\u00e3o. Ela oferece um conforto \u00f3timo e uma grande resist\u00eancia no dia a dia. Seu corte cl\u00e1ssico e seus acabamentos cuidados fazem dela uma pe\u00e7a de trabalho ideal para os chefs e o pessoal de cozinha. Esta jaqueta \u00e9 lav\u00e1vel a 95\u00b0C, o que facilita sua manuten\u00e7\u00e3o e assegura uma higiene irrepreens\u00edvel. Ela \u00e9 equipada com 12 bot\u00f5es pretos inclusos para um fechamento seguro e pr\u00e1tico. A composi\u00e7\u00e3o da jaqueta varia conforme a cor: branco 100% algod\u00e3o, colorido 65% poli\u00e9ster \/ 35% algod\u00e3o. \u00c9 poss\u00edvel personalizar esta jaqueta com seu logotipo ou seu visual, a fim de refor\u00e7ar a identidade visual de seu estabelecimento.\n\n- Composi\u00e7\u00e3o : Branco: 100% Algod\u00e3o, Colorido: 65% Poli\u00e9ster \/ 35% Algod\u00e3o\n- Lav\u00e1vel a 95\u00b0C\n- 12 bot\u00f5es pretos inclusos\n- Corte cl\u00e1ssico\n- Bolso na cintura","da":"Madkostumen Rimini er designet til at opfylde professionelle krave inden for restaurationsbranchen. Den tilbyder optimal komfort og stor holdbarhed i daglig brug. Den klassiske sk\u00e6ring og fine detaljer g\u00f8r den til det ideelle arbejdst\u00f8j for k\u00f8kkenchefer og k\u00f8kkenpersonale. Denne jakke er vaskbar ved 95\u00b0C, hvilket letter vedligeholdelsen og sikrer en uanfegtelig hygiejne. Den er udstyret med 12 sorte knapper inkluderet for en sikker og praktisk lukning. Kostumets sammens\u00e6tning varierer afh\u00e6ngigt af farven: hvid 100% bomuld, farvet 65% polyester \/ 35% bomuld. Det er muligt at personalisere denne jakke med dit logo eller visuel for at styrke din virksomheds visuelle identitet.\n\n- Sammens\u00e6tning: Hvid: 100% Bomuld, Farvet: 65% Polyester \/ 35% Bomuld\n- Vaskbar ved 95\u00b0C\n- 12 sorte knapper inkluderet\n- Klassisk sk\u00e6ring\n- Taske i taljen","pl":"Kurtka kucharska Rimini zosta\u0142a zaprojektowana w celu spe\u0142nienia wymaga\u0144 profesjonalist\u00f3w restauracyjnych. Oferuje optymalny komfort i du\u017c\u0105 wytrzyma\u0142o\u015b\u0107 w codziennym u\u017cytku. Jej klasyczny kroj i starannie wykonane detale sprawiaj\u0105, \u017ce jest idealnym ubraniem pracy dla szef\u00f3w kuchni i personelu kuchennego. Ta kurtka jest pralna w temperaturze 95\u00b0C, co u\u0142atwia jej konserwacj\u0119 i zapewnia nienagann\u0105 higien\u0119. Jest wyposa\u017cona w 12 do\u0142\u0105czonych czarnych guzik\u00f3w dla bezpiecznego i praktycznego zamykania. Sk\u0142ad kurtki zale\u017cy od koloru: bia\u0142y 100% bawe\u0142na, kolorowy 65% polester \/ 35% bawe\u0142na. Mo\u017cna personalizowa\u0107 t\u0119 kurtk\u0119 swoim logo lub wizualizacj\u0105, aby wzmocni\u0107 wizualn\u0105 to\u017csamo\u015b\u0107 swojego lokalu.\n\n- Sk\u0142ad: Bia\u0142y: 100% Bawe\u0142na, Kolorowy: 65% Polester \/ 35% Bawe\u0142na\n- Przechodzi pranie w temperaturze 95\u00b0C\n- 12 do\u0142\u0105czonych czarnych guzik\u00f3w\n- Klasyczny kroj\n- Kiesze\u0144 na talii"},"h1":{"fr":"Chef\u00b4s jacket rimini Veste de cuisine 906 personnalis\u00e9","en":"Chef\u00b4s jacket rimini kitchen jacket 906 custom","de":"Chef-Jacke Rimini K\u00fcchenjacke 906 personalisiert","nl":"Chef\u00b4s jacket rimini maat 906 persoonlijk","es":"Chef\u00b4s jacket rimini Veste de cocina 906 personalizado","it":"Giacca da chef rimini Veste da cucina 906 personalizzato","sv":"Kockjacka rimini K\u00f6ksk\u00e4pa 906 personaliserbar","pt":"Jaqueta de chef rimini Veste de cozinha 906 personalizado","da":"Chef\u00b4s jacket rimini Madkostume 906 personaliseret","pl":"Kurtka szefa Rimini Kurtka kucharska 906 personalizowana"},"meta_description":{"fr":"Veste de cuisine professionnelle Rimini. Lavable \u00e0 95\u00b0C, 12 boutons inclus. Composition coton\/polyester. Possibilit\u00e9 de personnalisation.","en":"Professional kitchen jacket Rimini. Washable at 95\u00b0C, 12 buttons included. Cotton\/polyester composition. Customization option available.","de":"Professionelle K\u00fcchenjacke Rimini. Bei 95\u00b0C waschbar, 12 Kn\u00f6pfe enthalten. Zusammensetzung Baumwolle\/Polyester. M\u00f6glichkeit der Personalisierung.","nl":"Professionele keukenjas rimini. Wasbaar bij 95\u00b0C, 12 knopen inbegrepen. Samenstelling katoen\/polyester. Mogelijkheid tot persoonlijk maken.","es":"Veste de cocina profesional Rimini. Lavable a 95\u00b0C, 12 botones incluidos. Composici\u00f3n algod\u00f3n\/poli\u00e9ster. Posibilidad de personalizaci\u00f3n.","it":"Veste da cucina professionale Rimini. Lavabile a 95\u00b0C, 12 bottoni inclusi. Composizione cotone\/polyester. Possibilit\u00e0 di personalizzazione.","sv":"Professionell k\u00f6ksk\u00e4pa Rimini. Tv\u00e4ttbar vid 95\u00b0C, 12 knappar ing\u00e5r. Sammans\u00e4ttning bomull\/polyester. M\u00f6jlighet att personalisera.","pt":"Veste de cozinha profissional Rimini. Lav\u00e1vel a 95\u00b0C, 12 bot\u00f5es inclusos. Composi\u00e7\u00e3o algod\u00e3o\/poli\u00e9ster. Possibilidade de personaliza\u00e7\u00e3o.","da":"Professionel madkostume Rimini. Vaskbar ved 95\u00b0C, 12 knapper inkluderet. Sammens\u00e6tning bomuld\/polyester. Mulighed for personalisering.","pl":"Profesjonalna kurtka kucharska Rimini. Przechodzi pranie w temperaturze 95\u00b0C, 12 guzik\u00f3w do\u0142\u0105czonych. Sk\u0142ad bawe\u0142na\/polester. Mo\u017cliwo\u015b\u0107 personalizacji."}}},"categories":[{"id":535,"name":"Vestes de cuisine","singular":"Veste de cuisine","is_feminin":true},{"id":561,"name":"BTP et Industrie","singular":"BTP et Industrie","is_feminin":false},{"id":562,"name":"Restauration et H\u00f4tellerie","singular":"Restauration et H\u00f4tellerie","is_feminin":false},{"id":13,"name":"Vestes et manteaux","singular":"Veste et manteau","is_feminin":true},{"id":559,"name":"Univers","singular":"Univers","is_feminin":false},{"id":354,"name":"Textile","singular":"Textile","is_feminin":false}],"certifications":[],"videos":{"fr":[],"en":[],"de":[],"nl":[],"es":[],"it":[],"sv":[],"pt":[],"da":[],"pl":[]},"main_images":{"miniature":"https:\/\/media.th4.com\/un22JxkUsUNM8epUt10fvngwYR3aLj_H4nHXBPlcdyQ\/pr:80\/aHR0cDovL21lZGlhMi5kZXNpZ25wYXJ0bmVyLmZyL2MvcC1NVC85MzI4LmpwZw?v=1642520821","medium":"https:\/\/media.th4.com\/KPYRb-d31Kdnqyt9bmHv6YGn0YPJvnfoJeO7DxZuywk\/pr:550x550greybg\/aHR0cDovL21lZGlhMi5kZXNpZ25wYXJ0bmVyLmZyL2MvcC1NVC85MzI4LmpwZw?v=1642520821","medium_large":"https:\/\/media.th4.com\/56jRs7gc0dIspyatPVOwxjapMWvlA6dUJlXlkMzw2j4\/pr:1000x1000greybg\/aHR0cDovL21lZGlhMi5kZXNpZ25wYXJ0bmVyLmZyL2MvcC1NVC85MzI4LmpwZw?v=1642520821","large":"https:\/\/media.th4.com\/JuuX5SY6h6NA43FR1OsPlEklfJDvj_z3ELA61Nok4UU\/pr:1920greybg\/aHR0cDovL21lZGlhMi5kZXNpZ25wYXJ0bmVyLmZyL2MvcC1NVC85MzI4LmpwZw?v=1642520821","opengraph":"https:\/\/media.th4.com\/Kwh94idBX_zSCM-8U9CpuQ4ZSboqexhaOB19Aay6KDk\/pr:1200x630greybg\/aHR0cDovL21lZGlhMi5kZXNpZ25wYXJ0bmVyLmZyL2MvcC1NVC85MzI4LmpwZw?v=1642520821"},"main_images_customization":{"miniature":"https:\/\/media.th4.com\/un22JxkUsUNM8epUt10fvngwYR3aLj_H4nHXBPlcdyQ\/pr:80\/aHR0cDovL21lZGlhMi5kZXNpZ25wYXJ0bmVyLmZyL2MvcC1NVC85MzI4LmpwZw?v=1642520821","medium":"https:\/\/media.th4.com\/KPYRb-d31Kdnqyt9bmHv6YGn0YPJvnfoJeO7DxZuywk\/pr:550x550greybg\/aHR0cDovL21lZGlhMi5kZXNpZ25wYXJ0bmVyLmZyL2MvcC1NVC85MzI4LmpwZw?v=1642520821","medium_large":"https:\/\/media.th4.com\/56jRs7gc0dIspyatPVOwxjapMWvlA6dUJlXlkMzw2j4\/pr:1000x1000greybg\/aHR0cDovL21lZGlhMi5kZXNpZ25wYXJ0bmVyLmZyL2MvcC1NVC85MzI4LmpwZw?v=1642520821","large":"https:\/\/media.th4.com\/JuuX5SY6h6NA43FR1OsPlEklfJDvj_z3ELA61Nok4UU\/pr:1920greybg\/aHR0cDovL21lZGlhMi5kZXNpZ25wYXJ0bmVyLmZyL2MvcC1NVC85MzI4LmpwZw?v=1642520821","opengraph":"https:\/\/media.th4.com\/Kwh94idBX_zSCM-8U9CpuQ4ZSboqexhaOB19Aay6KDk\/pr:1200x630greybg\/aHR0cDovL21lZGlhMi5kZXNpZ25wYXJ0bmVyLmZyL2MvcC1NVC85MzI4LmpwZw?v=1642520821"},"page_links":{"fr":"\/fr\/p-cg-00906-chefs-jacket-rimini-veste-de-cuisine-906-9328\/","en":"\/en\/p-cg-00906-chefs-jacket-rimini-906-kitchen-jacket-9328\/","de":"\/de\/p-cg-00906-chefs-jacket-rimini-kuchenjacke-906-9328\/","nl":"\/nl\/p-cg-00906-koksjacket-rimini-keukenjack-906-9328\/","es":"\/es\/p-cg-00906-chaqueta-de-chef-rimini-vestido-de-cocina-906-9328\/","it":"\/it\/p-cg-00906-giacca-da-chef-rimini-906-9328\/","sv":"\/sv\/p-cg-00906-chefs-jacket-rimini-kokskappa-906-9328\/","pt":"\/pt\/p-cg-00906-jaque-do-chef-rimini-veste-de-cozinha-906-9328\/","da":"\/da\/p-cg-00906-chefs-jacket-rimini-kokkendrak-906-9328\/","pl":"\/pl\/p-cg-00906-kurtka-szefa-rimini-stroj-kuchenny-906-9328\/"},"page_links_customization":{"fr":"\/fr\/p-cg-00906-chefs-jacket-rimini-veste-de-cuisine-906-personnalise-9328\/custom\/","en":"\/en\/p-cg-00906-chefs-jacket-rimini-kitchen-jacket-906-custom-9328\/custom\/","de":"\/de\/p-cg-00906-chef-jacke-rimini-kuchenjacke-906-personalisiert-9328\/custom\/","nl":"\/nl\/p-cg-00906-chefs-jacket-rimini-maat-906-persoonlijk-9328\/custom\/","es":"\/es\/p-cg-00906-chefs-jacket-rimini-veste-de-cocina-906-personalizado-9328\/custom\/","it":"\/it\/p-cg-00906-giacca-da-chef-rimini-veste-da-cucina-906-personalizzato-9328\/custom\/","sv":"\/sv\/p-cg-00906-kockjacka-rimini-kokskapa-906-personaliserbar-9328\/custom\/","pt":"\/pt\/p-cg-00906-jaqueta-de-chef-rimini-veste-de-cozinha-906-personalizado-9328\/custom\/","da":"\/da\/p-cg-00906-chefs-jacket-rimini-madkostume-906-personaliseret-9328\/custom\/","pl":"\/pl\/p-cg-00906-kurtka-szefa-rimini-kurtka-kucharska-906-personalizowana-9328\/custom\/"},"equivalent_products":[],"colors":[{"id":12700,"name":"red","class_ids":[11],"codes_hexa":["C62C15"],"delai_24":false,"has_3d":false,"seuil_global":0,"stock_local":0,"stock_global":68,"on_standby":false,"in_catalog":true,"images":{"miniature":null,"medium":null,"medium_large":null,"large":null,"opengraph":null},"images_customization":{"miniature":null,"medium":null,"medium_large":null,"large":null,"opengraph":null},"country_origin":"DE","traceability":{"manufacturing_country_id":null,"weaving_country_id":null,"dyeing_country_id":null},"sizes":[{"id":498,"article_id":290226,"class_id":0,"name":"64","on_standby":false,"stock_local":0,"stock_global":4,"multiple":1,"estimated_date_reassort":null,"is_destocking":false},{"id":238,"article_id":290218,"class_id":0,"name":"48","on_standby":false,"stock_local":0,"stock_global":14,"multiple":1,"estimated_date_reassort":null,"is_destocking":false},{"id":244,"article_id":290219,"class_id":0,"name":"50","on_standby":false,"stock_local":0,"stock_global":6,"multiple":1,"estimated_date_reassort":null,"is_destocking":false},{"id":245,"article_id":290220,"class_id":0,"name":"52","on_standby":false,"stock_local":0,"stock_global":33,"multiple":1,"estimated_date_reassort":null,"is_destocking":false},{"id":247,"article_id":290222,"class_id":0,"name":"56","on_standby":false,"stock_local":0,"stock_global":6,"multiple":1,"estimated_date_reassort":null,"is_destocking":false},{"id":248,"article_id":290223,"class_id":0,"name":"58","on_standby":false,"stock_local":0,"stock_global":1,"multiple":1,"estimated_date_reassort":null,"is_destocking":false},{"id":418,"article_id":290225,"class_id":0,"name":"62","on_standby":false,"stock_local":0,"stock_global":4,"multiple":1,"estimated_date_reassort":null,"is_destocking":false}],"page_links":{"fr":"\/fr\/p-cg-00906-chefs-jacket-rimini-veste-de-cuisine-906-9328\/red-12700\/","en":"\/en\/p-cg-00906-chefs-jacket-rimini-906-kitchen-jacket-9328\/red-12700\/","de":"\/de\/p-cg-00906-chefs-jacket-rimini-kuchenjacke-906-9328\/red-12700\/","nl":"\/nl\/p-cg-00906-koksjacket-rimini-keukenjack-906-9328\/red-12700\/","es":"\/es\/p-cg-00906-chaqueta-de-chef-rimini-vestido-de-cocina-906-9328\/red-12700\/","it":"\/it\/p-cg-00906-giacca-da-chef-rimini-906-9328\/red-12700\/","sv":"\/sv\/p-cg-00906-chefs-jacket-rimini-kokskappa-906-9328\/red-12700\/","pt":"\/pt\/p-cg-00906-jaque-do-chef-rimini-veste-de-cozinha-906-9328\/red-12700\/","da":"\/da\/p-cg-00906-chefs-jacket-rimini-kokkendrak-906-9328\/red-12700\/","pl":"\/pl\/p-cg-00906-kurtka-szefa-rimini-stroj-kuchenny-906-9328\/red-12700\/"},"page_links_customization":{"fr":"\/fr\/p-cg-00906-chefs-jacket-rimini-veste-de-cuisine-906-personnalise-9328\/red-12700\/custom\/","en":"\/en\/p-cg-00906-chefs-jacket-rimini-kitchen-jacket-906-custom-9328\/red-12700\/custom\/","de":"\/de\/p-cg-00906-chef-jacke-rimini-kuchenjacke-906-personalisiert-9328\/red-12700\/custom\/","nl":"\/nl\/p-cg-00906-chefs-jacket-rimini-maat-906-persoonlijk-9328\/red-12700\/custom\/","es":"\/es\/p-cg-00906-chefs-jacket-rimini-veste-de-cocina-906-personalizado-9328\/red-12700\/custom\/","it":"\/it\/p-cg-00906-giacca-da-chef-rimini-veste-da-cucina-906-personalizzato-9328\/red-12700\/custom\/","sv":"\/sv\/p-cg-00906-kockjacka-rimini-kokskapa-906-personaliserbar-9328\/red-12700\/custom\/","pt":"\/pt\/p-cg-00906-jaqueta-de-chef-rimini-veste-de-cozinha-906-personalizado-9328\/red-12700\/custom\/","da":"\/da\/p-cg-00906-chefs-jacket-rimini-madkostume-906-personaliseret-9328\/red-12700\/custom\/","pl":"\/pl\/p-cg-00906-kurtka-szefa-rimini-kurtka-kucharska-906-personalizowana-9328\/red-12700\/custom\/"}},{"id":12683,"name":"black","class_ids":[4],"codes_hexa":["040000"],"delai_24":false,"has_3d":false,"seuil_global":0,"stock_local":0,"stock_global":26,"on_standby":false,"in_catalog":true,"images":{"miniature":null,"medium":null,"medium_large":null,"large":null,"opengraph":null},"images_customization":{"miniature":null,"medium":null,"medium_large":null,"large":null,"opengraph":null},"country_origin":"DE","traceability":{"manufacturing_country_id":null,"weaving_country_id":null,"dyeing_country_id":null},"sizes":[{"id":498,"article_id":290202,"class_id":0,"name":"64","on_standby":false,"stock_local":0,"stock_global":11,"multiple":1,"estimated_date_reassort":null,"is_destocking":false},{"id":243,"article_id":290193,"class_id":0,"name":"46","on_standby":false,"stock_local":0,"stock_global":5,"multiple":1,"estimated_date_reassort":null,"is_destocking":false},{"id":246,"article_id":290197,"class_id":0,"name":"54","on_standby":false,"stock_local":1,"stock_global":1,"multiple":1,"estimated_date_reassort":null,"is_destocking":true},{"id":247,"article_id":290198,"class_id":0,"name":"56","on_standby":false,"stock_local":0,"stock_global":2,"multiple":1,"estimated_date_reassort":null,"is_destocking":false},{"id":248,"article_id":290199,"class_id":0,"name":"58","on_standby":false,"stock_local":0,"stock_global":6,"multiple":1,"estimated_date_reassort":null,"is_destocking":false},{"id":418,"article_id":290201,"class_id":0,"name":"62","on_standby":false,"stock_local":0,"stock_global":1,"multiple":1,"estimated_date_reassort":null,"is_destocking":false}],"page_links":{"fr":"\/fr\/p-cg-00906-chefs-jacket-rimini-veste-de-cuisine-906-9328\/black-12683\/","en":"\/en\/p-cg-00906-chefs-jacket-rimini-906-kitchen-jacket-9328\/black-12683\/","de":"\/de\/p-cg-00906-chefs-jacket-rimini-kuchenjacke-906-9328\/black-12683\/","nl":"\/nl\/p-cg-00906-koksjacket-rimini-keukenjack-906-9328\/black-12683\/","es":"\/es\/p-cg-00906-chaqueta-de-chef-rimini-vestido-de-cocina-906-9328\/black-12683\/","it":"\/it\/p-cg-00906-giacca-da-chef-rimini-906-9328\/black-12683\/","sv":"\/sv\/p-cg-00906-chefs-jacket-rimini-kokskappa-906-9328\/black-12683\/","pt":"\/pt\/p-cg-00906-jaque-do-chef-rimini-veste-de-cozinha-906-9328\/black-12683\/","da":"\/da\/p-cg-00906-chefs-jacket-rimini-kokkendrak-906-9328\/black-12683\/","pl":"\/pl\/p-cg-00906-kurtka-szefa-rimini-stroj-kuchenny-906-9328\/black-12683\/"},"page_links_customization":{"fr":"\/fr\/p-cg-00906-chefs-jacket-rimini-veste-de-cuisine-906-personnalise-9328\/black-12683\/custom\/","en":"\/en\/p-cg-00906-chefs-jacket-rimini-kitchen-jacket-906-custom-9328\/black-12683\/custom\/","de":"\/de\/p-cg-00906-chef-jacke-rimini-kuchenjacke-906-personalisiert-9328\/black-12683\/custom\/","nl":"\/nl\/p-cg-00906-chefs-jacket-rimini-maat-906-persoonlijk-9328\/black-12683\/custom\/","es":"\/es\/p-cg-00906-chefs-jacket-rimini-veste-de-cocina-906-personalizado-9328\/black-12683\/custom\/","it":"\/it\/p-cg-00906-giacca-da-chef-rimini-veste-da-cucina-906-personalizzato-9328\/black-12683\/custom\/","sv":"\/sv\/p-cg-00906-kockjacka-rimini-kokskapa-906-personaliserbar-9328\/black-12683\/custom\/","pt":"\/pt\/p-cg-00906-jaqueta-de-chef-rimini-veste-de-cozinha-906-personalizado-9328\/black-12683\/custom\/","da":"\/da\/p-cg-00906-chefs-jacket-rimini-madkostume-906-personaliseret-9328\/black-12683\/custom\/","pl":"\/pl\/p-cg-00906-kurtka-szefa-rimini-kurtka-kucharska-906-personalizowana-9328\/black-12683\/custom\/"}},{"id":12690,"name":"elefant","class_ids":[3],"codes_hexa":["827E8D"],"delai_24":false,"has_3d":false,"seuil_global":0,"stock_local":0,"stock_global":25,"on_standby":false,"in_catalog":true,"images":{"miniature":null,"medium":null,"medium_large":null,"large":null,"opengraph":null},"images_customization":{"miniature":null,"medium":null,"medium_large":null,"large":null,"opengraph":null},"country_origin":"DE","traceability":{"manufacturing_country_id":null,"weaving_country_id":null,"dyeing_country_id":null},"sizes":[{"id":498,"article_id":290214,"class_id":0,"name":"64","on_standby":false,"stock_local":0,"stock_global":5,"multiple":1,"estimated_date_reassort":null,"is_destocking":false},{"id":249,"article_id":290204,"class_id":0,"name":"44","on_standby":false,"stock_local":0,"stock_global":4,"multiple":1,"estimated_date_reassort":null,"is_destocking":false},{"id":243,"article_id":290205,"class_id":0,"name":"46","on_standby":false,"stock_local":0,"stock_global":4,"multiple":1,"estimated_date_reassort":null,"is_destocking":false},{"id":238,"article_id":290206,"class_id":0,"name":"48","on_standby":false,"stock_local":0,"stock_global":1,"multiple":1,"estimated_date_reassort":null,"is_destocking":false},{"id":247,"article_id":290210,"class_id":0,"name":"56","on_standby":false,"stock_local":0,"stock_global":5,"multiple":1,"estimated_date_reassort":null,"is_destocking":false},{"id":418,"article_id":290213,"class_id":0,"name":"62","on_standby":false,"stock_local":0,"stock_global":6,"multiple":1,"estimated_date_reassort":null,"is_destocking":false}],"page_links":{"fr":"\/fr\/p-cg-00906-chefs-jacket-rimini-veste-de-cuisine-906-9328\/elefant-12690\/","en":"\/en\/p-cg-00906-chefs-jacket-rimini-906-kitchen-jacket-9328\/elefant-12690\/","de":"\/de\/p-cg-00906-chefs-jacket-rimini-kuchenjacke-906-9328\/elefant-12690\/","nl":"\/nl\/p-cg-00906-koksjacket-rimini-keukenjack-906-9328\/elefant-12690\/","es":"\/es\/p-cg-00906-chaqueta-de-chef-rimini-vestido-de-cocina-906-9328\/elefant-12690\/","it":"\/it\/p-cg-00906-giacca-da-chef-rimini-906-9328\/elefant-12690\/","sv":"\/sv\/p-cg-00906-chefs-jacket-rimini-kokskappa-906-9328\/elefant-12690\/","pt":"\/pt\/p-cg-00906-jaque-do-chef-rimini-veste-de-cozinha-906-9328\/elefant-12690\/","da":"\/da\/p-cg-00906-chefs-jacket-rimini-kokkendrak-906-9328\/elefant-12690\/","pl":"\/pl\/p-cg-00906-kurtka-szefa-rimini-stroj-kuchenny-906-9328\/elefant-12690\/"},"page_links_customization":{"fr":"\/fr\/p-cg-00906-chefs-jacket-rimini-veste-de-cuisine-906-personnalise-9328\/elefant-12690\/custom\/","en":"\/en\/p-cg-00906-chefs-jacket-rimini-kitchen-jacket-906-custom-9328\/elefant-12690\/custom\/","de":"\/de\/p-cg-00906-chef-jacke-rimini-kuchenjacke-906-personalisiert-9328\/elefant-12690\/custom\/","nl":"\/nl\/p-cg-00906-chefs-jacket-rimini-maat-906-persoonlijk-9328\/elefant-12690\/custom\/","es":"\/es\/p-cg-00906-chefs-jacket-rimini-veste-de-cocina-906-personalizado-9328\/elefant-12690\/custom\/","it":"\/it\/p-cg-00906-giacca-da-chef-rimini-veste-da-cucina-906-personalizzato-9328\/elefant-12690\/custom\/","sv":"\/sv\/p-cg-00906-kockjacka-rimini-kokskapa-906-personaliserbar-9328\/elefant-12690\/custom\/","pt":"\/pt\/p-cg-00906-jaqueta-de-chef-rimini-veste-de-cozinha-906-personalizado-9328\/elefant-12690\/custom\/","da":"\/da\/p-cg-00906-chefs-jacket-rimini-madkostume-906-personaliseret-9328\/elefant-12690\/custom\/","pl":"\/pl\/p-cg-00906-kurtka-szefa-rimini-kurtka-kucharska-906-personalizowana-9328\/elefant-12690\/custom\/"}},{"id":12707,"name":"white","class_ids":[1],"codes_hexa":["FFFFFF"],"delai_24":false,"has_3d":false,"seuil_global":0,"stock_local":0,"stock_global":25,"on_standby":false,"in_catalog":true,"images":{"miniature":null,"medium":null,"medium_large":null,"large":null,"opengraph":null},"images_customization":{"miniature":null,"medium":null,"medium_large":null,"large":null,"opengraph":null},"country_origin":"DE","traceability":{"manufacturing_country_id":null,"weaving_country_id":null,"dyeing_country_id":null},"sizes":[{"id":249,"article_id":290228,"class_id":0,"name":"44","on_standby":false,"stock_local":0,"stock_global":1,"multiple":1,"estimated_date_reassort":null,"is_destocking":false},{"id":238,"article_id":290230,"class_id":0,"name":"48","on_standby":false,"stock_local":0,"stock_global":1,"multiple":1,"estimated_date_reassort":null,"is_destocking":false},{"id":245,"article_id":290232,"class_id":0,"name":"52","on_standby":false,"stock_local":0,"stock_global":5,"multiple":1,"estimated_date_reassort":null,"is_destocking":false},{"id":246,"article_id":290233,"class_id":0,"name":"54","on_standby":false,"stock_local":0,"stock_global":6,"multiple":1,"estimated_date_reassort":null,"is_destocking":false},{"id":247,"article_id":290234,"class_id":0,"name":"56","on_standby":false,"stock_local":0,"stock_global":7,"multiple":1,"estimated_date_reassort":null,"is_destocking":false},{"id":248,"article_id":290235,"class_id":0,"name":"58","on_standby":false,"stock_local":0,"stock_global":5,"multiple":1,"estimated_date_reassort":null,"is_destocking":false}],"page_links":{"fr":"\/fr\/p-cg-00906-chefs-jacket-rimini-veste-de-cuisine-906-9328\/white-12707\/","en":"\/en\/p-cg-00906-chefs-jacket-rimini-906-kitchen-jacket-9328\/white-12707\/","de":"\/de\/p-cg-00906-chefs-jacket-rimini-kuchenjacke-906-9328\/white-12707\/","nl":"\/nl\/p-cg-00906-koksjacket-rimini-keukenjack-906-9328\/white-12707\/","es":"\/es\/p-cg-00906-chaqueta-de-chef-rimini-vestido-de-cocina-906-9328\/white-12707\/","it":"\/it\/p-cg-00906-giacca-da-chef-rimini-906-9328\/white-12707\/","sv":"\/sv\/p-cg-00906-chefs-jacket-rimini-kokskappa-906-9328\/white-12707\/","pt":"\/pt\/p-cg-00906-jaque-do-chef-rimini-veste-de-cozinha-906-9328\/white-12707\/","da":"\/da\/p-cg-00906-chefs-jacket-rimini-kokkendrak-906-9328\/white-12707\/","pl":"\/pl\/p-cg-00906-kurtka-szefa-rimini-stroj-kuchenny-906-9328\/white-12707\/"},"page_links_customization":{"fr":"\/fr\/p-cg-00906-chefs-jacket-rimini-veste-de-cuisine-906-personnalise-9328\/white-12707\/custom\/","en":"\/en\/p-cg-00906-chefs-jacket-rimini-kitchen-jacket-906-custom-9328\/white-12707\/custom\/","de":"\/de\/p-cg-00906-chef-jacke-rimini-kuchenjacke-906-personalisiert-9328\/white-12707\/custom\/","nl":"\/nl\/p-cg-00906-chefs-jacket-rimini-maat-906-persoonlijk-9328\/white-12707\/custom\/","es":"\/es\/p-cg-00906-chefs-jacket-rimini-veste-de-cocina-906-personalizado-9328\/white-12707\/custom\/","it":"\/it\/p-cg-00906-giacca-da-chef-rimini-veste-da-cucina-906-personalizzato-9328\/white-12707\/custom\/","sv":"\/sv\/p-cg-00906-kockjacka-rimini-kokskapa-906-personaliserbar-9328\/white-12707\/custom\/","pt":"\/pt\/p-cg-00906-jaqueta-de-chef-rimini-veste-de-cozinha-906-personalizado-9328\/white-12707\/custom\/","da":"\/da\/p-cg-00906-chefs-jacket-rimini-madkostume-906-personaliseret-9328\/white-12707\/custom\/","pl":"\/pl\/p-cg-00906-kurtka-szefa-rimini-kurtka-kucharska-906-personalizowana-9328\/white-12707\/custom\/"}}],"documentation_link":null,"countries_availables":["AD","AE","AL","AT","BA","BD","BE","BG","BL","CA","CH","CN","CO","CY","CZ","DE","DK","DO","EE","EG","ES","ET","FI","FR","GB","GE","GF","GP","GR","GT","HK","HN","HR","HT","HU","ID","IE","IN","IS","IT","JO","JP","KE","KH","KP","KR","LA","LK","LS","LT","LU","LV","MA","MF","MG","MK","MM","MN","MQ","MT","MX","MY","NC","NI","NL","PF","PH","PK","PL","PM","PT","RE","RO","SE","SG","SI","SK","SV","SY","TH","TN","TR","TW","TZ","US","VN","WF","YT"]},"infos_customization":[],"features":{"authorize_multi_surfaces":true,"display_order_delay_type":true,"promote_surface_display":true,"tarification_franco_offert":true,"enabled_3d_editor":false},"markings":[{"id":0,"nom":"vierge","finition":null,"libelle":null,"code":null,"dpi":null,"finesse_forme_isolee":null,"finesse_forme_non_isolee":null,"hauteur_minimale_texte":null,"inactif":0,"marquage_interne":1,"quantite_min":null,"parent_id":null,"print_on_support":0,"content":"vierge","description":null},{"id":2,"nom":"fonce","finition":"optimale","libelle":"TopQuadri","code":null,"dpi":400,"finesse_forme_isolee":"0.040","finesse_forme_non_isolee":"0.700","hauteur_minimale_texte":2,"inactif":0,"marquage_interne":1,"quantite_min":null,"parent_id":18,"print_on_support":0,"content":"TopQuadri","description":"pour petites et moyennes s\u00e9ries"},{"id":3,"nom":"serigraphie","finition":"serigraphie","libelle":"SeriCoat","code":null,"dpi":400,"finesse_forme_isolee":"0.040","finesse_forme_non_isolee":"0.700","hauteur_minimale_texte":2,"inactif":0,"marquage_interne":1,"quantite_min":15,"parent_id":18,"print_on_support":0,"content":"SeriCoat","description":"pour moyennes et grandes s\u00e9ries"},{"id":4,"nom":"broderie","finition":"broderie","libelle":"Broderie","code":null,"dpi":400,"finesse_forme_isolee":"0.040","finesse_forme_non_isolee":"0.700","hauteur_minimale_texte":3,"inactif":0,"marquage_interne":1,"quantite_min":null,"parent_id":null,"print_on_support":0,"content":"Broderie","description":null},{"id":8,"nom":"theme","finition":null,"libelle":"Th\u00e8me","code":null,"dpi":null,"finesse_forme_isolee":null,"finesse_forme_non_isolee":null,"hauteur_minimale_texte":null,"inactif":0,"marquage_interne":1,"quantite_min":null,"parent_id":null,"print_on_support":0,"content":"Th\u00e8me","description":null},{"id":9,"nom":"sans","finition":null,"libelle":null,"code":null,"dpi":null,"finesse_forme_isolee":null,"finesse_forme_non_isolee":null,"hauteur_minimale_texte":null,"inactif":0,"marquage_interne":1,"quantite_min":null,"parent_id":null,"print_on_support":0,"content":"sans","description":null},{"id":10,"nom":"photo","finition":null,"libelle":"Photo","code":null,"dpi":null,"finesse_forme_isolee":null,"finesse_forme_non_isolee":null,"hauteur_minimale_texte":null,"inactif":0,"marquage_interne":1,"quantite_min":null,"parent_id":null,"print_on_support":0,"content":"Photo","description":null},{"id":14,"nom":"couleur","finition":null,"libelle":"Couleur","code":null,"dpi":null,"finesse_forme_isolee":null,"finesse_forme_non_isolee":null,"hauteur_minimale_texte":null,"inactif":0,"marquage_interne":1,"quantite_min":null,"parent_id":null,"print_on_support":0,"content":"Couleur","description":null},{"id":15,"nom":"sublimation","finition":"sublimation","libelle":"Sublimation","code":null,"dpi":null,"finesse_forme_isolee":"0.000","finesse_forme_non_isolee":"0.000","hauteur_minimale_texte":2,"inactif":0,"marquage_interne":1,"quantite_min":null,"parent_id":null,"print_on_support":0,"content":"Sublimation","description":null},{"id":16,"nom":"topquadri_uv","finition":null,"libelle":"TopQuadri UV","code":null,"dpi":null,"finesse_forme_isolee":"0.020","finesse_forme_non_isolee":"0.700","hauteur_minimale_texte":2,"inactif":0,"marquage_interne":1,"quantite_min":null,"parent_id":null,"print_on_support":1,"content":null,"description":null},{"id":17,"nom":"topquadri_uvp","finition":null,"libelle":"TopQuadri UVP","code":null,"dpi":null,"finesse_forme_isolee":"0.020","finesse_forme_non_isolee":"0.700","hauteur_minimale_texte":2,"inactif":0,"marquage_interne":1,"quantite_min":null,"parent_id":null,"print_on_support":1,"content":null,"description":null},{"id":18,"nom":"quadri","finition":null,"libelle":"Impression","code":null,"dpi":null,"finesse_forme_isolee":null,"finesse_forme_non_isolee":null,"hauteur_minimale_texte":null,"inactif":0,"marquage_interne":1,"quantite_min":null,"parent_id":null,"print_on_support":0,"content":null,"description":null}]}}