{"data":{"product":{"id":9313,"titre":"Chef\u00b4s Hat Pineto Classic","description":"Toque de chef, lavable \u00e0 95\u00b0C, anti-pli, Finition soign\u00e9e, Hauteur 7cm. Fabriqu\u00e9 en Allemagne. Composition: 65% Polyester \/ 35% Coton.","genre":"","grammage":215,"conditionnement":50,"composition":"coton,polyester,polycoton","reference":"cg-00186","reference_visible":"cg-00186","reference_fabricant":"00186","ref_xor":"750116","in_catalog":true,"is_transfer":false,"is_service":false,"on_standby":false,"has_3d":false,"has_size_guide":false,"has_marking":true,"has_vierge":true,"is_cross_sellable":false,"id_picto":140,"filename_3d":null,"brand":{"id":169,"name":"CG Workwear","logo":"logo-cgworkwear.png","image":"https:\/\/media.th4.com\/-1S1keWompVcT08dRWLVX3llbmAeyjagm4KzKLMTSzw\/pr:brand70x70\/aHR0cDovL21lZGlhMi5kZXNpZ25wYXJ0bmVyLmZyL2MvbS9sb2dvLWNnd29ya3dlYXIucG5n"},"price_infos":{"price_from":12.46,"quantity":40,"color":{"id":12707,"name":"white"},"size":{"id":1402,"name":"60\/62cm"}},"price_infos_marking":{"price_from":12.14,"quantity":50,"color":{"id":12707,"name":"white"},"size":{"id":1402,"name":"60\/62cm"},"marking":{"id":2,"name":""},"emplacement":"avant","surface_emplacement_id":1,"surface":"coeur"},"i18n":{"blank":{"title":{"fr":"Chef\u00b4s hat pineto classic Toque de chef CG WORKWEAR 186","en":"Chef's hat pineto classic Chef's toque CG WORKWEAR 186","de":"Chef hat pineto classic Kochm\u00fctze CG WORKWEAR 186","nl":"Chef\u00b4s hat pineto classic Toque de chef CG WORKWEAR 186","es":"Sombrero de chef pineto classic gorra de chef CG WORKWEAR 186","it":"Cappello da chef pineto classic Toque da chef CG WORKWEAR 186","sv":"Kockshatt pineto classic K\u00f6ksm\u00f6ssa CG WORKWEAR 186","pt":"Chap\u00e9u de chef pineto classic Toque de chef CG WORKWEAR 186","da":"Kokkens hat pineto classic kokkenshat CG WORKWEAR 186","pl":"Kapelusz szefa pineto classic Toque de chef CG WORKWEAR 186"},"description":{"fr":"Cette toque de chef pineto classic est con\u00e7ue pour r\u00e9pondre aux exigences des professionnels de la restauration. Sa composition en polyester et coton assure un confort optimal tout en offrant une bonne r\u00e9sistance aux lavages fr\u00e9quents. La finition soign\u00e9e garantit une pr\u00e9sentation professionnelle. Cette toque est id\u00e9ale pour une utilisation quotidienne en cuisine. Elle est con\u00e7ue pour offrir un ajustement confortable et une durabilit\u00e9 accrue.\n\n- Composition : 65% Polyester \/ 35% Coton\n- Hauteur : 7cm\n- Lavable \u00e0 95\u00b0C\n- Anti-pli\n- Finition soign\u00e9e\n- Fabriqu\u00e9 en Allemagne","en":"This pineto classic chef's toque is designed to meet the demands of restaurant professionals. Its polyester and cotton composition ensures optimal comfort while providing good resistance to frequent washing. The neat finish ensures a professional presentation. This toque is ideal for daily use in the kitchen. It is designed to offer a comfortable fit and increased durability.\n\n- Composition: 65% Polyester \/ 35% Cotton\n- Height: 7cm\n- Washable at 95\u00b0C\n- Anti-wrinkle\n- Neat finish\n- Made in Germany","de":"Diese Kochm\u00fctze pineto classic ist speziell f\u00fcr die Anforderungen von Gastronomieprofis entwickelt. Die Zusammensetzung aus Polyester und Baumwolle sorgt f\u00fcr optimalen Komfort und bietet gleichzeitig eine gute Widerstandsf\u00e4higkeit gegen h\u00e4ufiges Waschen. Die sorgf\u00e4ltige Verarbeitung garantiert ein professionelles Aussehen. Diese M\u00fctze ist ideal f\u00fcr den t\u00e4glichen Gebrauch in der K\u00fcche. Sie ist f\u00fcr einen bequemen Sitz und eine erh\u00f6hte Haltbarkeit konzipiert.\n\n- Zusammensetzung: 65% Polyester \/ 35% Baumwolle\n- H\u00f6he: 7cm\n- Waschbar bei 95\u00b0C\n- Knitterfrei\n- Sorgf\u00e4ltige Verarbeitung\n- Gefertigt in Deutschland","nl":"Deze muts chef pineto classic is ontworpen om aan de eisen van professionals in de horeca te voldoen. De samenstelling van polyester en katoen zorgt voor een optimale comfort terwijl het goede weerstand biedt tegen frequente wasbeurten. De verfijnde afwerking garandeert een professionele presentatie. Deze muts is ideaal voor dagelijks gebruik in de keuken. Het is ontworpen voor een comfortabele pasvorm en een verbeterde duurzaamheid.\n\n- Samenstelling: 65% Polyester \/ 35% Katoen\n- Hoogte: 7cm\n- Wasbaar bij 95\u00b0C\n- Anti-plooien\n- Verfijnde afwerking\n- Geproduceerd in Duitsland","es":"Esta gorra de chef pineto classic est\u00e1 dise\u00f1ada para satisfacer las exigencias de los profesionales de la restauraci\u00f3n. Su composici\u00f3n en poli\u00e9ster y algod\u00f3n asegura un confort \u00f3ptimo al mismo tiempo que ofrece una buena resistencia a los lavados frecuentes. El acabado cuidadoso garantiza una presentaci\u00f3n profesional. Esta gorra es ideal para un uso diario en la cocina. Est\u00e1 dise\u00f1ada para ofrecer un ajuste c\u00f3modo y una mayor durabilidad.\n\n- Composici\u00f3n: 65% Poli\u00e9ster \/ 35% Algod\u00f3n\n- Altura: 7cm\n- Lavable a 95\u00b0C\n- Anti-arrugas\n- Acabado cuidado\n- Fabricado en Alemania","it":"Questa toque da chef pineto classic \u00e8 progettata per rispondere alle esigenze dei professionisti della ristorazione. La sua composizione in poliestere e cotone garantisce un comfort ottimale, offrendo al contempo una buona resistenza ai lavaggi frequenti. La finitura curata garantisce una presentazione professionale. Questa toque \u00e8 ideale per un uso quotidiano in cucina. \u00c8 progettata per offrire un adattamento confortevole e una durabilit\u00e0 aumentata.\n\n- Composizione: 65% Poliestere \/ 35% Cotone\n- Altezza: 7 cm\n- Lavabile a 95\u00b0C\n- Antipiega\n- Finitura curata\n- Prodotto in Germania","sv":"Denna pineto classic kockshatt \u00e4r utformad f\u00f6r att m\u00f6ta yrkesverksammas krav inom restaurangbranschen. Den best\u00e5r av polyester och bomull som garanterar optimal komfort och god tv\u00e4ttbest\u00e4ndighet. Det f\u00e4rdiga utseendet garanterar en professionell presentation. Denna m\u00f6ssa \u00e4r idealisk f\u00f6r daglig anv\u00e4ndning i k\u00f6ket. Den \u00e4r utformad f\u00f6r att erbjuda en bekv\u00e4m passform och \u00f6kad h\u00e5llbarhet.\n\n- Sammans\u00e4ttning : 65% Polyester \/ 35% Bomull\n- H\u00f6jd : 7cm\n- Tv\u00e4ttbar vid 95\u00b0C\n- Antiveck\n- Fin utsikt\n- Tillverkad i Tyskland","pt":"Esta toque de chef pineto classic \u00e9 concebida para atender \u00e0s exig\u00eancias dos profissionais da restaura\u00e7\u00e3o. Sua composi\u00e7\u00e3o em poli\u00e9ster e algod\u00e3o garante um conforto \u00f3timo ao mesmo tempo em que oferece uma boa resist\u00eancia \u00e0s lavagens frequentes. O acabamento refinado garante uma apresenta\u00e7\u00e3o profissional. Esta toque \u00e9 ideal para uso di\u00e1rio na cozinha. Ela \u00e9 concebida para oferecer um ajuste confort\u00e1vel e uma durabilidade aumentada.\n\n- Composi\u00e7\u00e3o : 65% Poli\u00e9ster \/ 35% Algod\u00e3o\n- Altura : 7cm\n- Lav\u00e1vel a 95\u00b0C\n- Anti-dobras\n- Acabamento refinado\n- Fabricado na Alemanha","da":"Denne kokkenshat pineto classic er designet til at opfylde professionelle restaurationsbehov. Denes sammens\u00e6tning af polyester og bomuld sikrer optimal komfort og god modstandsdygtighed mod hyppige vask. Den gennemf\u00f8rte afslutning sikrer en professionel pr\u00e6sentation. Denne kokkenshat er ideel til daglig brug i k\u00f8kkenet. Den er designet til at tilbyde en behagelig pasform og \u00f8get holdbarhed.\n\n- Sammens\u00e6tning: 65% Polyester \/ 35% Bomuld\n- H\u00f8jde: 7cm\n- Vaskbar ved 95\u00b0C\n- Anti-rynk\n- Gennemf\u00f8rt afslutning\n- Fremstillet i Tyskland","pl":"Ta toque de chef pineto classic jest zaprojektowana w celu spe\u0142nienia wymaga\u0144 profesjonalist\u00f3w gastronomii. Jej sk\u0142ad z poliestru i bawe\u0142ny zapewnia optymalny komfort, jednocze\u015bnie oferuj\u0105c dobr\u0105 odporno\u015b\u0107 na cz\u0119ste prania. Staranna wyko\u0144czenie gwarantuje profesjonalny wygl\u0105d. Ta toque jest idealna do codziennego u\u017cytku w kuchni. Jest zaprojektowana w celu zapewnienia wygodnego dopasowania i zwi\u0119kszonej trwa\u0142o\u015bci.\n\n- Sk\u0142ad: 65% Poliestru \/ 35% Bawe\u0142ny\n- Wysoko\u015b\u0107: 7cm\n- Pra\u0107 do 95\u00b0C\n- Antystarzej\u0105cy\n- Staranna wyko\u0144czenie\n- Wyprodukowane w Niemczech"},"h1":{"fr":"Chef\u00b4s hat pineto classic Toque de chef 186","en":"Chef's hat pineto classic Chef's toque 186","de":"Chef hat pineto classic Kochm\u00fctze 186","nl":"Chef\u00b4s hat pineto classic Toque de chef 186","es":"Sombrero de chef pineto classic gorra de chef 186","it":"Cappello da chef pineto classic Toque da chef 186","sv":"Kockshatt pineto classic K\u00f6ksm\u00f6ssa 186","pt":"Chap\u00e9u de chef pineto classic Toque de chef 186","da":"Kokkens hat pineto classic kokkenshat 186","pl":"Kapelusz szefa pineto classic Toque de chef 186"},"meta_description":{"fr":"Toque de chef pineto classic. Confectionn\u00e9e en polyester et coton, cette toque offre confort et r\u00e9sistance pour les professionnels de la cuisine.","en":"Pineto classic chef's toque. Made from polyester and cotton, this toque offers comfort and durability for kitchen professionals.","de":"Kochm\u00fctze pineto classic. Aus Polyester und Baumwolle gefertigt, bietet diese M\u00fctze Komfort und Haltbarkeit f\u00fcr K\u00fcchenprofis.","nl":"Toque de chef pineto classic. Confectionn\u00e9e en polyester en katoen, biedt deze muts comfort en weerstand voor professionele keukenmedewerkers.","es":"Gorra de chef pineto classic. Confeccionada en poli\u00e9ster y algod\u00f3n, esta gorra ofrece confort y resistencia para los profesionales de la cocina.","it":"Toque da chef pineto classic. Realizzata in poliestere e cotone, questa toque offre comfort e resistenza per i professionisti della cucina.","sv":"K\u00f6ksm\u00f6ssa pineto classic. Tillverkad i polyester och bomull, erbjuder den komfort och h\u00e5llbarhet f\u00f6r yrkesverksamma inom k\u00f6ket.","pt":"Toque de chef pineto classic. Confeccionada em poli\u00e9ster e algod\u00e3o, esta toque oferece conforto e resist\u00eancia para os profissionais da cozinha.","da":"Kokkenshat pineto classic. Fremstillet af polyester og bomuld, tilbyder denne kokkenshat komfort og holdbarhed til professionelle k\u00f8kkener.","pl":"Toque de chef pineto classic. Wykonana z poliestru i bawe\u0142ny, ta czapka zapewnia komfort i wytrzyma\u0142o\u015b\u0107 dla profesjonalist\u00f3w kuchni."}},"custom":{"title":{"fr":"Chef\u00b4s hat pineto classic CG WORKWEAR personnalisation 186","en":"Chef\u00b4s hat pineto classic CG WORKWEAR customization 186","de":"Kochm\u00fctze Pineto Classic CG WORKWEAR Personalisierung 186","nl":"Chef's hat pineto classic CG WORKWEAR personalisatie 186","es":"Gorro de chef pineto cl\u00e1sico CG WORKWEAR personalizaci\u00f3n 186","it":"Cappello da chef pineto classic CG WORKWEAR personalizzazione 186","sv":"Kockshatt pineto classic CG WORKWEAR personlighet 186","pt":"Chap\u00e9u de chef pineto classic CG WORKWEAR personaliza\u00e7\u00e3o 186","da":"Chef's hat pineto classic CG WORKWEAR personalisering 186","pl":"Kapelusz szefa pineto classic CG WORKWEAR personalizacja 186"},"description":{"fr":"Cette toque de chef Pineto Classic combine confort et fonctionnalit\u00e9 pour les professionnels de la cuisine. Confectionn\u00e9e \u00e0 partir d'un m\u00e9lange de polyester et de coton, elle offre une r\u00e9sistance accrue et un entretien facile, supportant le lavage \u00e0 95\u00b0C. Sa conception anti-pli assure une pr\u00e9sentation soign\u00e9e en toutes circonstances. Avec une hauteur de 7cm, elle offre un ajustement confortable et une protection efficace. La possibilit\u00e9 de personnaliser cette toque avec votre logo ou votre visuel permet de renforcer l'identit\u00e9 de votre \u00e9quipe et de cr\u00e9er une image professionnelle coh\u00e9rente.\n\n- Composition : 65% Polyester \/ 35% Coton\n- Hauteur : 7cm\n- Lavable \u00e0 95\u00b0C\n- Anti-pli\n- Fabriqu\u00e9 en Allemagne","en":"This Pineto Classic chef hat combines comfort and functionality for kitchen professionals. Made from a blend of polyester and cotton, it offers increased resistance and easy maintenance, supporting washing at 95\u00b0C. Its anti-crease design ensures a neat presentation at all times. With a height of 7cm, it provides a comfortable fit and effective protection. The possibility to customize this hat with your logo or visual helps reinforce your team's identity and create a consistent professional image.\n\n- Composition: 65% Polyester 35% Cotton\n- Height: 7cm\n- Washable at 95\u00b0C\n- Anti-crease\n- Made in Germany","de":"Diese Kochm\u00fctze Pineto Classic verbindet Komfort und Funktionalit\u00e4t f\u00fcr K\u00fcchenprofis. Sie besteht aus einem Polyester-Baumwolle-Gemisch, was eine erh\u00f6hte Haltbarkeit und einfache Pflege bietet. Sie ist bei 95\u00b0C waschbar. Ihr knitterfreies Design sorgt f\u00fcr ein gepflegtes Erscheinungsbild. Mit einer H\u00f6he von 7cm bietet sie einen bequemen Sitz und wirksamen Schutz. Die M\u00f6glichkeit, diese Kochm\u00fctze mit Ihrem Logo oder Ihrem Design zu personalisieren, verst\u00e4rkt die Identit\u00e4t Ihres Teams und schafft ein konsistentes professionelles Bild.\n\n- Zusammensetzung: 65% Polyester \/ 35% Baumwolle\n- H\u00f6he: 7cm\n- Bei 95\u00b0C waschbar\n- Knitterfrei\n- In Deutschland hergestellt","nl":"Deze Chefhoed Pineto Classic combineert comfort en functionaliteit voor culinaire professionals. Gemaakt van een mengsel van polyester en katoen, biedt deze hoed verhoogde duurzaamheid en eenvoudig onderhoud, bestand tegen wassen tot 95\u00b0C. Het vouwvrije ontwerp zorgt voor een soepele presentatie in alle omstandigheden. Met een hoogte van 7 cm biedt het een comfortabele pasvorm en effectieve bescherming. De mogelijkheid om deze hoed te personaliseren met uw logo of visuele elementen, versterkt de identiteit van uw team en cre\u00ebert een consistente professionele uitstraling.\n\n- Samenstelling : 65% Polyester \/ 35% Katoen\n- Hoogte : 7 cm\n- Wasbaar tot 95\u00b0C\n- Vrij van vouwen\n- Gemaakt in Duitsland","es":"Este gorro de chef Pineto Cl\u00e1sico combina confort y funcionalidad para los profesionales de la cocina. Confeccionado a partir de una mezcla de poli\u00e9ster y algod\u00f3n, ofrece una resistencia aumentada y un mantenimiento f\u00e1cil, soportando el lavado a 95\u00b0C. Su dise\u00f1o antiarrugas asegura una presentaci\u00f3n cuidada en todas las circunstancias. Con una altura de 7cm, ofrece un ajuste c\u00f3modo y una protecci\u00f3n efectiva. La posibilidad de personalizar este gorro con su logo o su visual permite reforzar la identidad de su equipo y crear una imagen profesional coherente.\n\n- Composici\u00f3n: 65% Poli\u00e9ster \/ 35% Algod\u00f3n\n- Altura: 7cm\n- Lavable a 95\u00b0C\n- Antiarrugas\n- Fabricado en Alemania","it":"Questo cappello da chef Pineto Classic combina comfort e funzionalit\u00e0 per i professionisti della cucina. Realizzato con una miscela di poliestere e cotone, offre una resistenza accresciuta e una facile manutenzione, sopportando il lavaggio a 95\u00b0C. La sua concezione antirughe assicura una presentazione curata in ogni circostanza. Con un'altezza di 7cm, offre un adattamento confortevole e una protezione efficace. La possibilit\u00e0 di personalizzare questo cappello con il vostro logo o il vostro visivo permette di rafforzare l'identit\u00e0 della vostra squadra e di creare un'immagine professionale coerente.\n\n- Composizione : 65% Poliestere \/ 35% Cotone\n- Altezza : 7cm\n- Lavabile a 95\u00b0C\n- Antirughe\n- Fabbricato in Germania","sv":"Denna kockshatt pineto classic kombinerar komfort och funktionalitet f\u00f6r proffs p\u00e5 k\u00f6ket. Tillverkad av en blandning av polyester och bomull, den erbjuder \u00f6kad h\u00e5llbarhet och l\u00e4tt sk\u00f6tsel, klarar tv\u00e4tt vid 95\u00b0C. Dess anti-veck design garanterar ett snyggt utseende i alla l\u00e4gen. Med en h\u00f6jd p\u00e5 7cm, den erbjuder ett bekv\u00e4mt passform och effektivt skydd. M\u00f6jligheten att personligg\u00f6ra denna hatt med ditt logotyp eller bild, g\u00f6r det m\u00f6jligt att st\u00e4rka din teams identitet och skapa en enhetlig professionell bild.\n\n- Sammans\u00e4ttning : 65% Polyester \/ 35% Bomull\n- H\u00f6jd : 7cm\n- Tv\u00e4ttbar vid 95\u00b0C\n- Anti-veck\n- Tillverkad i Tyskland","pt":"Este gorro de chef Pineto Classic combina conforto e funcionalidade para os profissionais da cozinha. Feito a partir de uma mistura de poli\u00e9ster e algod\u00e3o, oferece maior resist\u00eancia e f\u00e1cil manuten\u00e7\u00e3o, suportando a lavagem a 95\u00b0C. Seu design antirrugas garante uma apresenta\u00e7\u00e3o arrumada em todas as circunst\u00e2ncias. Com uma altura de 7cm, oferece um ajuste confort\u00e1vel e prote\u00e7\u00e3o eficaz. A possibilidade de personalizar este gorro com seu logotipo ou seu visual permite fortalecer a identidade de sua equipe e criar uma imagem profissional coerente.\n\n- Composi\u00e7\u00e3o: 65% Poli\u00e9ster \/ 35% Algod\u00e3o\n- Altura: 7cm\n- Lav\u00e1vel a 95\u00b0C\n- Antirrugas\n- Fabricado na Alemanha","da":"Denne kokkehat Pineto Classic kombinerer komfort og funktion for professionelle k\u00f8kkener. Fremstillet af en blanding af polyester og bomuld, tilbyder den \u00f8get holdbarhed og nem vedligeholdelse, der kan vaskes ved 95\u00b0C. Dens anti-krymp design sikrer en p\u00e6n pr\u00e6sentation i alle situationer. Med en h\u00f8jde p\u00e5 7 cm, tilbyder den en behagelig pasform og effektiv beskyttelse. Muligheden for at personalisere denne hat med dit logo eller din visuel styrker identiteten for dit hold og skaber en professionel og sammenh\u00e6ngende image.\n\n- Sammens\u00e6tning: 65% Polyester \/ 35% Bomuld\n- H\u00f8jde: 7 cm\n- Vaskbar ved 95\u00b0C\n- Anti-krymp\n- Fremstillet i Tyskland","pl":"Ten kapelusz szefa Pineto Classic \u0142\u0105czy komfort i funkcjonalno\u015b\u0107 dla profesjonalist\u00f3w kuchennych. Wykonany z mieszanki poliestru i bawe\u0142ny, oferuje zwi\u0119kszon\u0105 wytrzyma\u0142o\u015b\u0107 i \u0142atwe utrzymanie, wytrzymuj\u0105c pranie przy 95\u00b0C. Jego antymarszcz\u0105ca konstrukcja zapewnia elegancki wygl\u0105d w ka\u017cdej sytuacji. Z wysoko\u015bci\u0105 7 cm, oferuje komfortowe dopasowanie i skuteczn\u0105 ochron\u0119. Mo\u017cliwo\u015b\u0107 personalizacji tego kapelusza za pomoc\u0105 loga lub wizualizacji pozwala wzmocni\u0107 to\u017csamo\u015b\u0107 zespo\u0142u i stworzy\u0107 sp\u00f3jn\u0105 profesjonaln\u0105 wizerunek.\n\n- Sk\u0142ad: 65% poliestru \/ 35% bawe\u0142ny\n- Wysoko\u015b\u0107: 7 cm\n- Pra\u0107 przy 95\u00b0C\n- Antymarszcz\u0105cy\n- Wyprodukowany w Niemczech"},"h1":{"fr":"Chef\u00b4s hat pineto classic 186 personnalisation","en":"Chef\u00b4s hat pineto classic 186 customization","de":"Kochm\u00fctze Pineto Classic 186 Personalisierung","nl":"Chef's hat pineto classic 186 personalisatie","es":"Gorro de chef pineto cl\u00e1sico 186 personalizaci\u00f3n","it":"Cappello da chef pineto classic 186 personalizzazione","sv":"Kockshatt pineto classic 186 personlighet","pt":"Chap\u00e9u de chef pineto classic 186 personaliza\u00e7\u00e3o","da":"Chef's hat pineto classic 186 personalisering","pl":"Kapelusz szefa pineto classic 186 personalizacja"},"meta_description":{"fr":"Toque de chef Pineto Classic, confectionn\u00e9e en polyester et coton. Anti-pli et lavable \u00e0 95\u00b0C. Possibilit\u00e9 de personnalisation.","en":"Pineto Classic chef hat, made of polyester and cotton. Anti-crease and washable at 95\u00b0C. Customization option available.","de":"Kochm\u00fctze Pineto Classic, aus Polyester und Baumwolle. Knitterfrei und bei 95\u00b0C waschbar. Personalisierungsm\u00f6glichkeit.","nl":"Chefhoed Pineto Classic, gemaakt van polyester en katoen. Vrij van vouwen en wasbaar tot 95\u00b0C. Mogelijkheid tot personalisatie.","es":"Gorro de chef Pineto Cl\u00e1sico, confeccionado en poli\u00e9ster y algod\u00f3n. Antiarrugas y lavable a 95\u00b0C. Posibilidad de personalizaci\u00f3n.","it":"Cappello da chef Pineto Classic, realizzato in poliestere e cotone. Antirughe e lavabile a 95\u00b0C. Possibilit\u00e0 di personalizzazione.","sv":"Kockshatt pineto classic, tillverkad av polyester och bomull. Anti-veck och tv\u00e4ttbar vid 95\u00b0C. M\u00f6jlighet att personligg\u00f6ra.","pt":"Gorro de chef Pineto Classic, feito de poli\u00e9ster e algod\u00e3o. Antirrugas e lav\u00e1vel a 95\u00b0C. Possibilidade de personaliza\u00e7\u00e3o.","da":"Kokkehat Pineto Classic, fremstillet af polyester og bomuld. Anti-krymp og vaskbar ved 95\u00b0C. Mulighed for personligg\u00f8relse.","pl":"Kapelusz szefa Pineto Classic, wykonany z poliestru i bawe\u0142ny. Odporny na zmarszczenie i mo\u017cna pra\u0107 przy 95\u00b0C. Mo\u017cliwo\u015b\u0107 personalizacji."}}},"categories":[{"id":535,"name":"Vestes de cuisine","singular":"Veste de cuisine","is_feminin":true},{"id":562,"name":"Restauration et H\u00f4tellerie","singular":"Restauration et H\u00f4tellerie","is_feminin":false},{"id":13,"name":"Vestes et manteaux","singular":"Veste et manteau","is_feminin":true},{"id":559,"name":"Univers","singular":"Univers","is_feminin":false},{"id":354,"name":"Textile","singular":"Textile","is_feminin":false}],"certifications":[],"videos":{"fr":[],"en":[],"de":[],"nl":[],"es":[],"it":[],"sv":[],"pt":[],"da":[],"pl":[]},"main_images":{"miniature":"https:\/\/media.th4.com\/uqjsA5GgRU4bpdPWLvaUzTYeKjEzLw4BV8KRa0oMVmM\/pr:80\/aHR0cDovL21lZGlhMi5kZXNpZ25wYXJ0bmVyLmZyL2MvcC1NVC85MzEzLmpwZw?v=1642520820","medium":"https:\/\/media.th4.com\/14mO81wnuAjunYg3ssojf5USXnefl7YJeJyIF3f8QDA\/pr:550x550greybg\/aHR0cDovL21lZGlhMi5kZXNpZ25wYXJ0bmVyLmZyL2MvcC1NVC85MzEzLmpwZw?v=1642520820","medium_large":"https:\/\/media.th4.com\/KwN-90sxxymqLZoUjxBEfsA1I3ogaUGUFKFn0ZZHbRM\/pr:1000x1000greybg\/aHR0cDovL21lZGlhMi5kZXNpZ25wYXJ0bmVyLmZyL2MvcC1NVC85MzEzLmpwZw?v=1642520820","large":"https:\/\/media.th4.com\/CfrkKxqyHBh1LdYrvjZvMSAdFhh15D5nzKPzs-q09Do\/pr:1920greybg\/aHR0cDovL21lZGlhMi5kZXNpZ25wYXJ0bmVyLmZyL2MvcC1NVC85MzEzLmpwZw?v=1642520820","opengraph":"https:\/\/media.th4.com\/D5D4wo1YJT6uxy3lOuXOAzId_4tIJQ45ykv-B2ZtCqY\/pr:1200x630greybg\/aHR0cDovL21lZGlhMi5kZXNpZ25wYXJ0bmVyLmZyL2MvcC1NVC85MzEzLmpwZw?v=1642520820"},"main_images_customization":{"miniature":"https:\/\/media.th4.com\/uqjsA5GgRU4bpdPWLvaUzTYeKjEzLw4BV8KRa0oMVmM\/pr:80\/aHR0cDovL21lZGlhMi5kZXNpZ25wYXJ0bmVyLmZyL2MvcC1NVC85MzEzLmpwZw?v=1642520820","medium":"https:\/\/media.th4.com\/14mO81wnuAjunYg3ssojf5USXnefl7YJeJyIF3f8QDA\/pr:550x550greybg\/aHR0cDovL21lZGlhMi5kZXNpZ25wYXJ0bmVyLmZyL2MvcC1NVC85MzEzLmpwZw?v=1642520820","medium_large":"https:\/\/media.th4.com\/KwN-90sxxymqLZoUjxBEfsA1I3ogaUGUFKFn0ZZHbRM\/pr:1000x1000greybg\/aHR0cDovL21lZGlhMi5kZXNpZ25wYXJ0bmVyLmZyL2MvcC1NVC85MzEzLmpwZw?v=1642520820","large":"https:\/\/media.th4.com\/CfrkKxqyHBh1LdYrvjZvMSAdFhh15D5nzKPzs-q09Do\/pr:1920greybg\/aHR0cDovL21lZGlhMi5kZXNpZ25wYXJ0bmVyLmZyL2MvcC1NVC85MzEzLmpwZw?v=1642520820","opengraph":"https:\/\/media.th4.com\/D5D4wo1YJT6uxy3lOuXOAzId_4tIJQ45ykv-B2ZtCqY\/pr:1200x630greybg\/aHR0cDovL21lZGlhMi5kZXNpZ25wYXJ0bmVyLmZyL2MvcC1NVC85MzEzLmpwZw?v=1642520820"},"page_links":{"fr":"\/fr\/p-cg-00186-chefs-hat-pineto-classic-toque-de-chef-186-9313\/","en":"\/en\/p-cg-00186-chefs-hat-pineto-classic-chefs-toque-186-9313\/","de":"\/de\/p-cg-00186-chef-hat-pineto-classic-kochmutze-186-9313\/","nl":"\/nl\/p-cg-00186-chefs-hat-pineto-classic-toque-de-chef-186-9313\/","es":"\/es\/p-cg-00186-sombrero-de-chef-pineto-classic-gorra-de-chef-186-9313\/","it":"\/it\/p-cg-00186-cappello-da-chef-pineto-classic-toque-da-chef-186-9313\/","sv":"\/sv\/p-cg-00186-kockshatt-pineto-classic-koksmossa-186-9313\/","pt":"\/pt\/p-cg-00186-chapeu-de-chef-pineto-classic-toque-de-chef-186-9313\/","da":"\/da\/p-cg-00186-kokkens-hat-pineto-classic-kokkenshat-186-9313\/","pl":"\/pl\/p-cg-00186-kapelusz-szefa-pineto-classic-toque-de-chef-186-9313\/"},"page_links_customization":{"fr":"\/fr\/p-cg-00186-chefs-hat-pineto-classic-186-personnalisation-9313\/custom\/","en":"\/en\/p-cg-00186-chefs-hat-pineto-classic-186-customization-9313\/custom\/","de":"\/de\/p-cg-00186-kochmutze-pineto-classic-186-personalisierung-9313\/custom\/","nl":"\/nl\/p-cg-00186-chefs-hat-pineto-classic-186-personalisatie-9313\/custom\/","es":"\/es\/p-cg-00186-gorro-de-chef-pineto-clasico-186-personalizacion-9313\/custom\/","it":"\/it\/p-cg-00186-cappello-da-chef-pineto-classic-186-personalizzazione-9313\/custom\/","sv":"\/sv\/p-cg-00186-kockshatt-pineto-classic-186-personlighet-9313\/custom\/","pt":"\/pt\/p-cg-00186-chapeu-de-chef-pineto-classic-186-personalizacao-9313\/custom\/","da":"\/da\/p-cg-00186-chefs-hat-pineto-classic-186-personalisering-9313\/custom\/","pl":"\/pl\/p-cg-00186-kapelusz-szefa-pineto-classic-186-personalizacja-9313\/custom\/"},"equivalent_products":[],"colors":[{"id":12683,"name":"black","class_ids":[4],"codes_hexa":["040000"],"delai_24":false,"has_3d":false,"seuil_global":0,"stock_local":0,"stock_global":133,"on_standby":false,"in_catalog":true,"images":{"miniature":null,"medium":null,"medium_large":null,"large":null,"opengraph":null},"images_customization":{"miniature":null,"medium":null,"medium_large":null,"large":null,"opengraph":null},"country_origin":"DE","traceability":{"manufacturing_country_id":null,"weaving_country_id":null,"dyeing_country_id":null},"sizes":[{"id":1488,"article_id":289656,"class_id":0,"name":"54\/56cm","on_standby":false,"stock_local":0,"stock_global":45,"multiple":1,"estimated_date_reassort":null,"is_destocking":false},{"id":1489,"article_id":289657,"class_id":0,"name":"57\/59cm","on_standby":false,"stock_local":0,"stock_global":45,"multiple":1,"estimated_date_reassort":null,"is_destocking":false},{"id":1402,"article_id":289658,"class_id":0,"name":"60\/62cm","on_standby":false,"stock_local":0,"stock_global":43,"multiple":1,"estimated_date_reassort":null,"is_destocking":false}],"page_links":{"fr":"\/fr\/p-cg-00186-chefs-hat-pineto-classic-toque-de-chef-186-9313\/black-12683\/","en":"\/en\/p-cg-00186-chefs-hat-pineto-classic-chefs-toque-186-9313\/black-12683\/","de":"\/de\/p-cg-00186-chef-hat-pineto-classic-kochmutze-186-9313\/black-12683\/","nl":"\/nl\/p-cg-00186-chefs-hat-pineto-classic-toque-de-chef-186-9313\/black-12683\/","es":"\/es\/p-cg-00186-sombrero-de-chef-pineto-classic-gorra-de-chef-186-9313\/black-12683\/","it":"\/it\/p-cg-00186-cappello-da-chef-pineto-classic-toque-da-chef-186-9313\/black-12683\/","sv":"\/sv\/p-cg-00186-kockshatt-pineto-classic-koksmossa-186-9313\/black-12683\/","pt":"\/pt\/p-cg-00186-chapeu-de-chef-pineto-classic-toque-de-chef-186-9313\/black-12683\/","da":"\/da\/p-cg-00186-kokkens-hat-pineto-classic-kokkenshat-186-9313\/black-12683\/","pl":"\/pl\/p-cg-00186-kapelusz-szefa-pineto-classic-toque-de-chef-186-9313\/black-12683\/"},"page_links_customization":{"fr":"\/fr\/p-cg-00186-chefs-hat-pineto-classic-186-personnalisation-9313\/black-12683\/custom\/","en":"\/en\/p-cg-00186-chefs-hat-pineto-classic-186-customization-9313\/black-12683\/custom\/","de":"\/de\/p-cg-00186-kochmutze-pineto-classic-186-personalisierung-9313\/black-12683\/custom\/","nl":"\/nl\/p-cg-00186-chefs-hat-pineto-classic-186-personalisatie-9313\/black-12683\/custom\/","es":"\/es\/p-cg-00186-gorro-de-chef-pineto-clasico-186-personalizacion-9313\/black-12683\/custom\/","it":"\/it\/p-cg-00186-cappello-da-chef-pineto-classic-186-personalizzazione-9313\/black-12683\/custom\/","sv":"\/sv\/p-cg-00186-kockshatt-pineto-classic-186-personlighet-9313\/black-12683\/custom\/","pt":"\/pt\/p-cg-00186-chapeu-de-chef-pineto-classic-186-personalizacao-9313\/black-12683\/custom\/","da":"\/da\/p-cg-00186-chefs-hat-pineto-classic-186-personalisering-9313\/black-12683\/custom\/","pl":"\/pl\/p-cg-00186-kapelusz-szefa-pineto-classic-186-personalizacja-9313\/black-12683\/custom\/"}},{"id":12699,"name":"raven","class_ids":[3],"codes_hexa":["3F4444"],"delai_24":false,"has_3d":false,"seuil_global":0,"stock_local":0,"stock_global":101,"on_standby":false,"in_catalog":true,"images":{"miniature":["https:\/\/media.th4.com\/WJvNaKj5Z8Q7rPShGskhR-mEVC7loipfcZMYiUHJDWk\/pr:80\/aHR0cDovL21lZGlhMi5kZXNpZ25wYXJ0bmVyLmZyL2MvcC85MzEzLzkzMTMtMTI2OTktMS5qcGc?v=1610014997"],"medium":["https:\/\/media.th4.com\/oTONvh2NrBATa3RBSCrALxm3JC04ub1X8trAKstnOiI\/pr:550x550\/aHR0cDovL21lZGlhMi5kZXNpZ25wYXJ0bmVyLmZyL2MvcC85MzEzLzkzMTMtMTI2OTktMS5qcGc?v=1610014997"],"medium_large":["https:\/\/media.th4.com\/lYgXsRj5mqTfa6DC7igW-L1U8oTtmfNlccWji0Oc9AE\/pr:1000x1000\/aHR0cDovL21lZGlhMi5kZXNpZ25wYXJ0bmVyLmZyL2MvcC85MzEzLzkzMTMtMTI2OTktMS5qcGc?v=1610014997"],"large":["https:\/\/media.th4.com\/Ffs7QiJl9pOv90wvOq-thB-MuoX5Z8XZdDKfuGEb_OI\/pr:1920\/aHR0cDovL21lZGlhMi5kZXNpZ25wYXJ0bmVyLmZyL2MvcC85MzEzLzkzMTMtMTI2OTktMS5qcGc?v=1610014997"],"opengraph":["https:\/\/media.th4.com\/fC4GBciqCdcURvRd_SU0H8iGz_8w4oZBf2spcDPmK0Y\/pr:1200x630\/aHR0cDovL21lZGlhMi5kZXNpZ25wYXJ0bmVyLmZyL2MvcC85MzEzLzkzMTMtMTI2OTktMS5qcGc?v=1610014997"]},"images_customization":{"miniature":["https:\/\/media.th4.com\/WJvNaKj5Z8Q7rPShGskhR-mEVC7loipfcZMYiUHJDWk\/pr:80\/aHR0cDovL21lZGlhMi5kZXNpZ25wYXJ0bmVyLmZyL2MvcC85MzEzLzkzMTMtMTI2OTktMS5qcGc?v=1610014997"],"medium":["https:\/\/media.th4.com\/oTONvh2NrBATa3RBSCrALxm3JC04ub1X8trAKstnOiI\/pr:550x550\/aHR0cDovL21lZGlhMi5kZXNpZ25wYXJ0bmVyLmZyL2MvcC85MzEzLzkzMTMtMTI2OTktMS5qcGc?v=1610014997"],"medium_large":["https:\/\/media.th4.com\/lYgXsRj5mqTfa6DC7igW-L1U8oTtmfNlccWji0Oc9AE\/pr:1000x1000\/aHR0cDovL21lZGlhMi5kZXNpZ25wYXJ0bmVyLmZyL2MvcC85MzEzLzkzMTMtMTI2OTktMS5qcGc?v=1610014997"],"large":["https:\/\/media.th4.com\/Ffs7QiJl9pOv90wvOq-thB-MuoX5Z8XZdDKfuGEb_OI\/pr:1920\/aHR0cDovL21lZGlhMi5kZXNpZ25wYXJ0bmVyLmZyL2MvcC85MzEzLzkzMTMtMTI2OTktMS5qcGc?v=1610014997"],"opengraph":["https:\/\/media.th4.com\/fC4GBciqCdcURvRd_SU0H8iGz_8w4oZBf2spcDPmK0Y\/pr:1200x630\/aHR0cDovL21lZGlhMi5kZXNpZ25wYXJ0bmVyLmZyL2MvcC85MzEzLzkzMTMtMTI2OTktMS5qcGc?v=1610014997"]},"country_origin":"DE","traceability":{"manufacturing_country_id":null,"weaving_country_id":null,"dyeing_country_id":null},"sizes":[{"id":1488,"article_id":289671,"class_id":0,"name":"54\/56cm","on_standby":false,"stock_local":0,"stock_global":41,"multiple":1,"estimated_date_reassort":null,"is_destocking":false},{"id":1489,"article_id":289672,"class_id":0,"name":"57\/59cm","on_standby":false,"stock_local":0,"stock_global":17,"multiple":1,"estimated_date_reassort":null,"is_destocking":false},{"id":1402,"article_id":289673,"class_id":0,"name":"60\/62cm","on_standby":false,"stock_local":0,"stock_global":43,"multiple":1,"estimated_date_reassort":null,"is_destocking":false}],"page_links":{"fr":"\/fr\/p-cg-00186-chefs-hat-pineto-classic-toque-de-chef-186-9313\/raven-12699\/","en":"\/en\/p-cg-00186-chefs-hat-pineto-classic-chefs-toque-186-9313\/raven-12699\/","de":"\/de\/p-cg-00186-chef-hat-pineto-classic-kochmutze-186-9313\/raven-12699\/","nl":"\/nl\/p-cg-00186-chefs-hat-pineto-classic-toque-de-chef-186-9313\/raven-12699\/","es":"\/es\/p-cg-00186-sombrero-de-chef-pineto-classic-gorra-de-chef-186-9313\/raven-12699\/","it":"\/it\/p-cg-00186-cappello-da-chef-pineto-classic-toque-da-chef-186-9313\/raven-12699\/","sv":"\/sv\/p-cg-00186-kockshatt-pineto-classic-koksmossa-186-9313\/raven-12699\/","pt":"\/pt\/p-cg-00186-chapeu-de-chef-pineto-classic-toque-de-chef-186-9313\/raven-12699\/","da":"\/da\/p-cg-00186-kokkens-hat-pineto-classic-kokkenshat-186-9313\/raven-12699\/","pl":"\/pl\/p-cg-00186-kapelusz-szefa-pineto-classic-toque-de-chef-186-9313\/raven-12699\/"},"page_links_customization":{"fr":"\/fr\/p-cg-00186-chefs-hat-pineto-classic-186-personnalisation-9313\/raven-12699\/custom\/","en":"\/en\/p-cg-00186-chefs-hat-pineto-classic-186-customization-9313\/raven-12699\/custom\/","de":"\/de\/p-cg-00186-kochmutze-pineto-classic-186-personalisierung-9313\/raven-12699\/custom\/","nl":"\/nl\/p-cg-00186-chefs-hat-pineto-classic-186-personalisatie-9313\/raven-12699\/custom\/","es":"\/es\/p-cg-00186-gorro-de-chef-pineto-clasico-186-personalizacion-9313\/raven-12699\/custom\/","it":"\/it\/p-cg-00186-cappello-da-chef-pineto-classic-186-personalizzazione-9313\/raven-12699\/custom\/","sv":"\/sv\/p-cg-00186-kockshatt-pineto-classic-186-personlighet-9313\/raven-12699\/custom\/","pt":"\/pt\/p-cg-00186-chapeu-de-chef-pineto-classic-186-personalizacao-9313\/raven-12699\/custom\/","da":"\/da\/p-cg-00186-chefs-hat-pineto-classic-186-personalisering-9313\/raven-12699\/custom\/","pl":"\/pl\/p-cg-00186-kapelusz-szefa-pineto-classic-186-personalizacja-9313\/raven-12699\/custom\/"}},{"id":12707,"name":"white","class_ids":[1],"codes_hexa":["FFFFFF"],"delai_24":false,"has_3d":false,"seuil_global":0,"stock_local":0,"stock_global":88,"on_standby":false,"in_catalog":true,"images":{"miniature":["https:\/\/media.th4.com\/pbObtiUdGM7V-S9rzG02bvUYimW235rdPA2F29ao75U\/pr:80\/aHR0cDovL21lZGlhMi5kZXNpZ25wYXJ0bmVyLmZyL2MvcC85MzEzLzkzMTMtMTI3MDctMS5qcGc?v=1610014997"],"medium":["https:\/\/media.th4.com\/7sKMRtmT4Gg5BS4UsFjngtZ1me0o5Wj7XccAMb1U1A8\/pr:550x550\/aHR0cDovL21lZGlhMi5kZXNpZ25wYXJ0bmVyLmZyL2MvcC85MzEzLzkzMTMtMTI3MDctMS5qcGc?v=1610014997"],"medium_large":["https:\/\/media.th4.com\/O1Ij_9QRzvnQ9V7etlQ-kcV_yzZhFFoe6Oj4mpRKyic\/pr:1000x1000\/aHR0cDovL21lZGlhMi5kZXNpZ25wYXJ0bmVyLmZyL2MvcC85MzEzLzkzMTMtMTI3MDctMS5qcGc?v=1610014997"],"large":["https:\/\/media.th4.com\/PgWZi4aZqE4TZlR3pBFsCrFD0IhnGKcW1fD23_O3gNE\/pr:1920\/aHR0cDovL21lZGlhMi5kZXNpZ25wYXJ0bmVyLmZyL2MvcC85MzEzLzkzMTMtMTI3MDctMS5qcGc?v=1610014997"],"opengraph":["https:\/\/media.th4.com\/ItnswY0hwab86c4CwCgIqOa4AnN3PKrJGT-mrI7HfCg\/pr:1200x630\/aHR0cDovL21lZGlhMi5kZXNpZ25wYXJ0bmVyLmZyL2MvcC85MzEzLzkzMTMtMTI3MDctMS5qcGc?v=1610014997"]},"images_customization":{"miniature":["https:\/\/media.th4.com\/pbObtiUdGM7V-S9rzG02bvUYimW235rdPA2F29ao75U\/pr:80\/aHR0cDovL21lZGlhMi5kZXNpZ25wYXJ0bmVyLmZyL2MvcC85MzEzLzkzMTMtMTI3MDctMS5qcGc?v=1610014997"],"medium":["https:\/\/media.th4.com\/7sKMRtmT4Gg5BS4UsFjngtZ1me0o5Wj7XccAMb1U1A8\/pr:550x550\/aHR0cDovL21lZGlhMi5kZXNpZ25wYXJ0bmVyLmZyL2MvcC85MzEzLzkzMTMtMTI3MDctMS5qcGc?v=1610014997"],"medium_large":["https:\/\/media.th4.com\/O1Ij_9QRzvnQ9V7etlQ-kcV_yzZhFFoe6Oj4mpRKyic\/pr:1000x1000\/aHR0cDovL21lZGlhMi5kZXNpZ25wYXJ0bmVyLmZyL2MvcC85MzEzLzkzMTMtMTI3MDctMS5qcGc?v=1610014997"],"large":["https:\/\/media.th4.com\/PgWZi4aZqE4TZlR3pBFsCrFD0IhnGKcW1fD23_O3gNE\/pr:1920\/aHR0cDovL21lZGlhMi5kZXNpZ25wYXJ0bmVyLmZyL2MvcC85MzEzLzkzMTMtMTI3MDctMS5qcGc?v=1610014997"],"opengraph":["https:\/\/media.th4.com\/ItnswY0hwab86c4CwCgIqOa4AnN3PKrJGT-mrI7HfCg\/pr:1200x630\/aHR0cDovL21lZGlhMi5kZXNpZ25wYXJ0bmVyLmZyL2MvcC85MzEzLzkzMTMtMTI3MDctMS5qcGc?v=1610014997"]},"country_origin":"DE","traceability":{"manufacturing_country_id":null,"weaving_country_id":null,"dyeing_country_id":null},"sizes":[{"id":1488,"article_id":289677,"class_id":0,"name":"54\/56cm","on_standby":false,"stock_local":0,"stock_global":3,"multiple":1,"estimated_date_reassort":null,"is_destocking":false},{"id":1489,"article_id":289678,"class_id":0,"name":"57\/59cm","on_standby":false,"stock_local":0,"stock_global":32,"multiple":1,"estimated_date_reassort":null,"is_destocking":false},{"id":1402,"article_id":289679,"class_id":0,"name":"60\/62cm","on_standby":false,"stock_local":0,"stock_global":53,"multiple":1,"estimated_date_reassort":null,"is_destocking":false}],"page_links":{"fr":"\/fr\/p-cg-00186-chefs-hat-pineto-classic-toque-de-chef-186-9313\/white-12707\/","en":"\/en\/p-cg-00186-chefs-hat-pineto-classic-chefs-toque-186-9313\/white-12707\/","de":"\/de\/p-cg-00186-chef-hat-pineto-classic-kochmutze-186-9313\/white-12707\/","nl":"\/nl\/p-cg-00186-chefs-hat-pineto-classic-toque-de-chef-186-9313\/white-12707\/","es":"\/es\/p-cg-00186-sombrero-de-chef-pineto-classic-gorra-de-chef-186-9313\/white-12707\/","it":"\/it\/p-cg-00186-cappello-da-chef-pineto-classic-toque-da-chef-186-9313\/white-12707\/","sv":"\/sv\/p-cg-00186-kockshatt-pineto-classic-koksmossa-186-9313\/white-12707\/","pt":"\/pt\/p-cg-00186-chapeu-de-chef-pineto-classic-toque-de-chef-186-9313\/white-12707\/","da":"\/da\/p-cg-00186-kokkens-hat-pineto-classic-kokkenshat-186-9313\/white-12707\/","pl":"\/pl\/p-cg-00186-kapelusz-szefa-pineto-classic-toque-de-chef-186-9313\/white-12707\/"},"page_links_customization":{"fr":"\/fr\/p-cg-00186-chefs-hat-pineto-classic-186-personnalisation-9313\/white-12707\/custom\/","en":"\/en\/p-cg-00186-chefs-hat-pineto-classic-186-customization-9313\/white-12707\/custom\/","de":"\/de\/p-cg-00186-kochmutze-pineto-classic-186-personalisierung-9313\/white-12707\/custom\/","nl":"\/nl\/p-cg-00186-chefs-hat-pineto-classic-186-personalisatie-9313\/white-12707\/custom\/","es":"\/es\/p-cg-00186-gorro-de-chef-pineto-clasico-186-personalizacion-9313\/white-12707\/custom\/","it":"\/it\/p-cg-00186-cappello-da-chef-pineto-classic-186-personalizzazione-9313\/white-12707\/custom\/","sv":"\/sv\/p-cg-00186-kockshatt-pineto-classic-186-personlighet-9313\/white-12707\/custom\/","pt":"\/pt\/p-cg-00186-chapeu-de-chef-pineto-classic-186-personalizacao-9313\/white-12707\/custom\/","da":"\/da\/p-cg-00186-chefs-hat-pineto-classic-186-personalisering-9313\/white-12707\/custom\/","pl":"\/pl\/p-cg-00186-kapelusz-szefa-pineto-classic-186-personalizacja-9313\/white-12707\/custom\/"}},{"id":12690,"name":"elefant","class_ids":[3],"codes_hexa":["827E8D"],"delai_24":false,"has_3d":false,"seuil_global":0,"stock_local":0,"stock_global":79,"on_standby":false,"in_catalog":true,"images":{"miniature":["https:\/\/media.th4.com\/eH3Ok0hEZSvL_wPAnIK7dG92PfC7KJJ9BOODSS4tyVo\/pr:80\/aHR0cDovL21lZGlhMi5kZXNpZ25wYXJ0bmVyLmZyL2MvcC85MzEzLzkzMTMtMTI2OTAtMS5qcGc?v=1610014997"],"medium":["https:\/\/media.th4.com\/VZ7M62d29Lq_K6GQBqmwkEcu0QJ6ah8t31iseryrY_0\/pr:550x550\/aHR0cDovL21lZGlhMi5kZXNpZ25wYXJ0bmVyLmZyL2MvcC85MzEzLzkzMTMtMTI2OTAtMS5qcGc?v=1610014997"],"medium_large":["https:\/\/media.th4.com\/8C69BGj6LPKq7_NA24b0ehNL7BCtzIqPEfRtPQAHmoM\/pr:1000x1000\/aHR0cDovL21lZGlhMi5kZXNpZ25wYXJ0bmVyLmZyL2MvcC85MzEzLzkzMTMtMTI2OTAtMS5qcGc?v=1610014997"],"large":["https:\/\/media.th4.com\/UFjkbfYyscCKr4aIKHJo6qiePna8nWan3m_VIaAz5oY\/pr:1920\/aHR0cDovL21lZGlhMi5kZXNpZ25wYXJ0bmVyLmZyL2MvcC85MzEzLzkzMTMtMTI2OTAtMS5qcGc?v=1610014997"],"opengraph":["https:\/\/media.th4.com\/IWVYBFewGwG-c67yQqPcyZnzrnrF5BbCINaeHIgDSh4\/pr:1200x630\/aHR0cDovL21lZGlhMi5kZXNpZ25wYXJ0bmVyLmZyL2MvcC85MzEzLzkzMTMtMTI2OTAtMS5qcGc?v=1610014997"]},"images_customization":{"miniature":["https:\/\/media.th4.com\/eH3Ok0hEZSvL_wPAnIK7dG92PfC7KJJ9BOODSS4tyVo\/pr:80\/aHR0cDovL21lZGlhMi5kZXNpZ25wYXJ0bmVyLmZyL2MvcC85MzEzLzkzMTMtMTI2OTAtMS5qcGc?v=1610014997"],"medium":["https:\/\/media.th4.com\/VZ7M62d29Lq_K6GQBqmwkEcu0QJ6ah8t31iseryrY_0\/pr:550x550\/aHR0cDovL21lZGlhMi5kZXNpZ25wYXJ0bmVyLmZyL2MvcC85MzEzLzkzMTMtMTI2OTAtMS5qcGc?v=1610014997"],"medium_large":["https:\/\/media.th4.com\/8C69BGj6LPKq7_NA24b0ehNL7BCtzIqPEfRtPQAHmoM\/pr:1000x1000\/aHR0cDovL21lZGlhMi5kZXNpZ25wYXJ0bmVyLmZyL2MvcC85MzEzLzkzMTMtMTI2OTAtMS5qcGc?v=1610014997"],"large":["https:\/\/media.th4.com\/UFjkbfYyscCKr4aIKHJo6qiePna8nWan3m_VIaAz5oY\/pr:1920\/aHR0cDovL21lZGlhMi5kZXNpZ25wYXJ0bmVyLmZyL2MvcC85MzEzLzkzMTMtMTI2OTAtMS5qcGc?v=1610014997"],"opengraph":["https:\/\/media.th4.com\/IWVYBFewGwG-c67yQqPcyZnzrnrF5BbCINaeHIgDSh4\/pr:1200x630\/aHR0cDovL21lZGlhMi5kZXNpZ25wYXJ0bmVyLmZyL2MvcC85MzEzLzkzMTMtMTI2OTAtMS5qcGc?v=1610014997"]},"country_origin":"DE","traceability":{"manufacturing_country_id":null,"weaving_country_id":null,"dyeing_country_id":null},"sizes":[{"id":1488,"article_id":289665,"class_id":0,"name":"54\/56cm","on_standby":false,"stock_local":0,"stock_global":37,"multiple":1,"estimated_date_reassort":null,"is_destocking":false},{"id":1489,"article_id":289666,"class_id":0,"name":"57\/59cm","on_standby":false,"stock_local":0,"stock_global":24,"multiple":1,"estimated_date_reassort":null,"is_destocking":false},{"id":1402,"article_id":289667,"class_id":0,"name":"60\/62cm","on_standby":false,"stock_local":0,"stock_global":18,"multiple":1,"estimated_date_reassort":null,"is_destocking":false}],"page_links":{"fr":"\/fr\/p-cg-00186-chefs-hat-pineto-classic-toque-de-chef-186-9313\/elefant-12690\/","en":"\/en\/p-cg-00186-chefs-hat-pineto-classic-chefs-toque-186-9313\/elefant-12690\/","de":"\/de\/p-cg-00186-chef-hat-pineto-classic-kochmutze-186-9313\/elefant-12690\/","nl":"\/nl\/p-cg-00186-chefs-hat-pineto-classic-toque-de-chef-186-9313\/elefant-12690\/","es":"\/es\/p-cg-00186-sombrero-de-chef-pineto-classic-gorra-de-chef-186-9313\/elefant-12690\/","it":"\/it\/p-cg-00186-cappello-da-chef-pineto-classic-toque-da-chef-186-9313\/elefant-12690\/","sv":"\/sv\/p-cg-00186-kockshatt-pineto-classic-koksmossa-186-9313\/elefant-12690\/","pt":"\/pt\/p-cg-00186-chapeu-de-chef-pineto-classic-toque-de-chef-186-9313\/elefant-12690\/","da":"\/da\/p-cg-00186-kokkens-hat-pineto-classic-kokkenshat-186-9313\/elefant-12690\/","pl":"\/pl\/p-cg-00186-kapelusz-szefa-pineto-classic-toque-de-chef-186-9313\/elefant-12690\/"},"page_links_customization":{"fr":"\/fr\/p-cg-00186-chefs-hat-pineto-classic-186-personnalisation-9313\/elefant-12690\/custom\/","en":"\/en\/p-cg-00186-chefs-hat-pineto-classic-186-customization-9313\/elefant-12690\/custom\/","de":"\/de\/p-cg-00186-kochmutze-pineto-classic-186-personalisierung-9313\/elefant-12690\/custom\/","nl":"\/nl\/p-cg-00186-chefs-hat-pineto-classic-186-personalisatie-9313\/elefant-12690\/custom\/","es":"\/es\/p-cg-00186-gorro-de-chef-pineto-clasico-186-personalizacion-9313\/elefant-12690\/custom\/","it":"\/it\/p-cg-00186-cappello-da-chef-pineto-classic-186-personalizzazione-9313\/elefant-12690\/custom\/","sv":"\/sv\/p-cg-00186-kockshatt-pineto-classic-186-personlighet-9313\/elefant-12690\/custom\/","pt":"\/pt\/p-cg-00186-chapeu-de-chef-pineto-classic-186-personalizacao-9313\/elefant-12690\/custom\/","da":"\/da\/p-cg-00186-chefs-hat-pineto-classic-186-personalisering-9313\/elefant-12690\/custom\/","pl":"\/pl\/p-cg-00186-kapelusz-szefa-pineto-classic-186-personalizacja-9313\/elefant-12690\/custom\/"}},{"id":12687,"name":"chocolate","class_ids":[11],"codes_hexa":["3A221C"],"delai_24":false,"has_3d":false,"seuil_global":0,"stock_local":0,"stock_global":74,"on_standby":false,"in_catalog":true,"images":{"miniature":["https:\/\/media.th4.com\/p1QZlmk8w20P7Z57gg6Vl7I2-sprszA0fFfxSP6HCWE\/pr:80\/aHR0cDovL21lZGlhMi5kZXNpZ25wYXJ0bmVyLmZyL2MvcC85MzEzLzkzMTMtMTI2ODctMS5qcGc?v=1610014997"],"medium":["https:\/\/media.th4.com\/OfqSpXSEsQwb8YM9GCGb4YZM4QUaXaFKY-gWPW2y4OM\/pr:550x550\/aHR0cDovL21lZGlhMi5kZXNpZ25wYXJ0bmVyLmZyL2MvcC85MzEzLzkzMTMtMTI2ODctMS5qcGc?v=1610014997"],"medium_large":["https:\/\/media.th4.com\/mEzl_RHmUBRatAz9JRUpmiFPXGYURNLZqLpNaIGvHPw\/pr:1000x1000\/aHR0cDovL21lZGlhMi5kZXNpZ25wYXJ0bmVyLmZyL2MvcC85MzEzLzkzMTMtMTI2ODctMS5qcGc?v=1610014997"],"large":["https:\/\/media.th4.com\/yUg2m7hrAjIbt0EOZsrjrNAM4xz2WZYN_R0LNT9sdqQ\/pr:1920\/aHR0cDovL21lZGlhMi5kZXNpZ25wYXJ0bmVyLmZyL2MvcC85MzEzLzkzMTMtMTI2ODctMS5qcGc?v=1610014997"],"opengraph":["https:\/\/media.th4.com\/dC7tZmLJufBaJl1mUjIdsuWDs4iFV33WvkZuA_O-O7o\/pr:1200x630\/aHR0cDovL21lZGlhMi5kZXNpZ25wYXJ0bmVyLmZyL2MvcC85MzEzLzkzMTMtMTI2ODctMS5qcGc?v=1610014997"]},"images_customization":{"miniature":["https:\/\/media.th4.com\/p1QZlmk8w20P7Z57gg6Vl7I2-sprszA0fFfxSP6HCWE\/pr:80\/aHR0cDovL21lZGlhMi5kZXNpZ25wYXJ0bmVyLmZyL2MvcC85MzEzLzkzMTMtMTI2ODctMS5qcGc?v=1610014997"],"medium":["https:\/\/media.th4.com\/OfqSpXSEsQwb8YM9GCGb4YZM4QUaXaFKY-gWPW2y4OM\/pr:550x550\/aHR0cDovL21lZGlhMi5kZXNpZ25wYXJ0bmVyLmZyL2MvcC85MzEzLzkzMTMtMTI2ODctMS5qcGc?v=1610014997"],"medium_large":["https:\/\/media.th4.com\/mEzl_RHmUBRatAz9JRUpmiFPXGYURNLZqLpNaIGvHPw\/pr:1000x1000\/aHR0cDovL21lZGlhMi5kZXNpZ25wYXJ0bmVyLmZyL2MvcC85MzEzLzkzMTMtMTI2ODctMS5qcGc?v=1610014997"],"large":["https:\/\/media.th4.com\/yUg2m7hrAjIbt0EOZsrjrNAM4xz2WZYN_R0LNT9sdqQ\/pr:1920\/aHR0cDovL21lZGlhMi5kZXNpZ25wYXJ0bmVyLmZyL2MvcC85MzEzLzkzMTMtMTI2ODctMS5qcGc?v=1610014997"],"opengraph":["https:\/\/media.th4.com\/dC7tZmLJufBaJl1mUjIdsuWDs4iFV33WvkZuA_O-O7o\/pr:1200x630\/aHR0cDovL21lZGlhMi5kZXNpZ25wYXJ0bmVyLmZyL2MvcC85MzEzLzkzMTMtMTI2ODctMS5qcGc?v=1610014997"]},"country_origin":"DE","traceability":{"manufacturing_country_id":null,"weaving_country_id":null,"dyeing_country_id":null},"sizes":[{"id":1488,"article_id":289662,"class_id":0,"name":"54\/56cm","on_standby":false,"stock_local":0,"stock_global":32,"multiple":1,"estimated_date_reassort":null,"is_destocking":false},{"id":1489,"article_id":289663,"class_id":0,"name":"57\/59cm","on_standby":false,"stock_local":0,"stock_global":27,"multiple":1,"estimated_date_reassort":null,"is_destocking":false},{"id":1402,"article_id":289664,"class_id":0,"name":"60\/62cm","on_standby":false,"stock_local":0,"stock_global":15,"multiple":1,"estimated_date_reassort":null,"is_destocking":false}],"page_links":{"fr":"\/fr\/p-cg-00186-chefs-hat-pineto-classic-toque-de-chef-186-9313\/chocolate-12687\/","en":"\/en\/p-cg-00186-chefs-hat-pineto-classic-chefs-toque-186-9313\/chocolate-12687\/","de":"\/de\/p-cg-00186-chef-hat-pineto-classic-kochmutze-186-9313\/chocolate-12687\/","nl":"\/nl\/p-cg-00186-chefs-hat-pineto-classic-toque-de-chef-186-9313\/chocolate-12687\/","es":"\/es\/p-cg-00186-sombrero-de-chef-pineto-classic-gorra-de-chef-186-9313\/chocolate-12687\/","it":"\/it\/p-cg-00186-cappello-da-chef-pineto-classic-toque-da-chef-186-9313\/chocolate-12687\/","sv":"\/sv\/p-cg-00186-kockshatt-pineto-classic-koksmossa-186-9313\/chocolate-12687\/","pt":"\/pt\/p-cg-00186-chapeu-de-chef-pineto-classic-toque-de-chef-186-9313\/chocolate-12687\/","da":"\/da\/p-cg-00186-kokkens-hat-pineto-classic-kokkenshat-186-9313\/chocolate-12687\/","pl":"\/pl\/p-cg-00186-kapelusz-szefa-pineto-classic-toque-de-chef-186-9313\/chocolate-12687\/"},"page_links_customization":{"fr":"\/fr\/p-cg-00186-chefs-hat-pineto-classic-186-personnalisation-9313\/chocolate-12687\/custom\/","en":"\/en\/p-cg-00186-chefs-hat-pineto-classic-186-customization-9313\/chocolate-12687\/custom\/","de":"\/de\/p-cg-00186-kochmutze-pineto-classic-186-personalisierung-9313\/chocolate-12687\/custom\/","nl":"\/nl\/p-cg-00186-chefs-hat-pineto-classic-186-personalisatie-9313\/chocolate-12687\/custom\/","es":"\/es\/p-cg-00186-gorro-de-chef-pineto-clasico-186-personalizacion-9313\/chocolate-12687\/custom\/","it":"\/it\/p-cg-00186-cappello-da-chef-pineto-classic-186-personalizzazione-9313\/chocolate-12687\/custom\/","sv":"\/sv\/p-cg-00186-kockshatt-pineto-classic-186-personlighet-9313\/chocolate-12687\/custom\/","pt":"\/pt\/p-cg-00186-chapeu-de-chef-pineto-classic-186-personalizacao-9313\/chocolate-12687\/custom\/","da":"\/da\/p-cg-00186-chefs-hat-pineto-classic-186-personalisering-9313\/chocolate-12687\/custom\/","pl":"\/pl\/p-cg-00186-kapelusz-szefa-pineto-classic-186-personalizacja-9313\/chocolate-12687\/custom\/"}},{"id":12693,"name":"khaki","class_ids":[5,11],"codes_hexa":["DBCAA1"],"delai_24":false,"has_3d":false,"seuil_global":0,"stock_local":0,"stock_global":62,"on_standby":false,"in_catalog":true,"images":{"miniature":["https:\/\/media.th4.com\/AZSyVJ1oWHmYEd4Aul8M9nrZmxb_EvntGG787VgKPBs\/pr:80\/aHR0cDovL21lZGlhMi5kZXNpZ25wYXJ0bmVyLmZyL2MvcC85MzEzLzkzMTMtMTI2OTMtMS5qcGc?v=1610015000"],"medium":["https:\/\/media.th4.com\/IvquejgUoEduuN3Wl2_Rbbl9S-OH-w0Em8zLlj9OakQ\/pr:550x550\/aHR0cDovL21lZGlhMi5kZXNpZ25wYXJ0bmVyLmZyL2MvcC85MzEzLzkzMTMtMTI2OTMtMS5qcGc?v=1610015000"],"medium_large":["https:\/\/media.th4.com\/h8tidToABT2p95ljUSpMizlnu1PlzcrBlcNY0sbJWiY\/pr:1000x1000\/aHR0cDovL21lZGlhMi5kZXNpZ25wYXJ0bmVyLmZyL2MvcC85MzEzLzkzMTMtMTI2OTMtMS5qcGc?v=1610015000"],"large":["https:\/\/media.th4.com\/lkMDawrBEec2ZYNUoo8slqMDxgol6og0ie7WyQY9a7Q\/pr:1920\/aHR0cDovL21lZGlhMi5kZXNpZ25wYXJ0bmVyLmZyL2MvcC85MzEzLzkzMTMtMTI2OTMtMS5qcGc?v=1610015000"],"opengraph":["https:\/\/media.th4.com\/a2JIIcxuUE5N-rHjZkFdZXYGja8-R7WbmUYozIQoyQY\/pr:1200x630\/aHR0cDovL21lZGlhMi5kZXNpZ25wYXJ0bmVyLmZyL2MvcC85MzEzLzkzMTMtMTI2OTMtMS5qcGc?v=1610015000"]},"images_customization":{"miniature":["https:\/\/media.th4.com\/AZSyVJ1oWHmYEd4Aul8M9nrZmxb_EvntGG787VgKPBs\/pr:80\/aHR0cDovL21lZGlhMi5kZXNpZ25wYXJ0bmVyLmZyL2MvcC85MzEzLzkzMTMtMTI2OTMtMS5qcGc?v=1610015000"],"medium":["https:\/\/media.th4.com\/IvquejgUoEduuN3Wl2_Rbbl9S-OH-w0Em8zLlj9OakQ\/pr:550x550\/aHR0cDovL21lZGlhMi5kZXNpZ25wYXJ0bmVyLmZyL2MvcC85MzEzLzkzMTMtMTI2OTMtMS5qcGc?v=1610015000"],"medium_large":["https:\/\/media.th4.com\/h8tidToABT2p95ljUSpMizlnu1PlzcrBlcNY0sbJWiY\/pr:1000x1000\/aHR0cDovL21lZGlhMi5kZXNpZ25wYXJ0bmVyLmZyL2MvcC85MzEzLzkzMTMtMTI2OTMtMS5qcGc?v=1610015000"],"large":["https:\/\/media.th4.com\/lkMDawrBEec2ZYNUoo8slqMDxgol6og0ie7WyQY9a7Q\/pr:1920\/aHR0cDovL21lZGlhMi5kZXNpZ25wYXJ0bmVyLmZyL2MvcC85MzEzLzkzMTMtMTI2OTMtMS5qcGc?v=1610015000"],"opengraph":["https:\/\/media.th4.com\/a2JIIcxuUE5N-rHjZkFdZXYGja8-R7WbmUYozIQoyQY\/pr:1200x630\/aHR0cDovL21lZGlhMi5kZXNpZ25wYXJ0bmVyLmZyL2MvcC85MzEzLzkzMTMtMTI2OTMtMS5qcGc?v=1610015000"]},"country_origin":"DE","traceability":{"manufacturing_country_id":null,"weaving_country_id":null,"dyeing_country_id":null},"sizes":[{"id":1488,"article_id":289668,"class_id":0,"name":"54\/56cm","on_standby":false,"stock_local":0,"stock_global":25,"multiple":1,"estimated_date_reassort":null,"is_destocking":false},{"id":1402,"article_id":289670,"class_id":0,"name":"60\/62cm","on_standby":false,"stock_local":0,"stock_global":37,"multiple":1,"estimated_date_reassort":null,"is_destocking":false}],"page_links":{"fr":"\/fr\/p-cg-00186-chefs-hat-pineto-classic-toque-de-chef-186-9313\/khaki-12693\/","en":"\/en\/p-cg-00186-chefs-hat-pineto-classic-chefs-toque-186-9313\/khaki-12693\/","de":"\/de\/p-cg-00186-chef-hat-pineto-classic-kochmutze-186-9313\/khaki-12693\/","nl":"\/nl\/p-cg-00186-chefs-hat-pineto-classic-toque-de-chef-186-9313\/khaki-12693\/","es":"\/es\/p-cg-00186-sombrero-de-chef-pineto-classic-gorra-de-chef-186-9313\/khaki-12693\/","it":"\/it\/p-cg-00186-cappello-da-chef-pineto-classic-toque-da-chef-186-9313\/khaki-12693\/","sv":"\/sv\/p-cg-00186-kockshatt-pineto-classic-koksmossa-186-9313\/khaki-12693\/","pt":"\/pt\/p-cg-00186-chapeu-de-chef-pineto-classic-toque-de-chef-186-9313\/khaki-12693\/","da":"\/da\/p-cg-00186-kokkens-hat-pineto-classic-kokkenshat-186-9313\/khaki-12693\/","pl":"\/pl\/p-cg-00186-kapelusz-szefa-pineto-classic-toque-de-chef-186-9313\/khaki-12693\/"},"page_links_customization":{"fr":"\/fr\/p-cg-00186-chefs-hat-pineto-classic-186-personnalisation-9313\/khaki-12693\/custom\/","en":"\/en\/p-cg-00186-chefs-hat-pineto-classic-186-customization-9313\/khaki-12693\/custom\/","de":"\/de\/p-cg-00186-kochmutze-pineto-classic-186-personalisierung-9313\/khaki-12693\/custom\/","nl":"\/nl\/p-cg-00186-chefs-hat-pineto-classic-186-personalisatie-9313\/khaki-12693\/custom\/","es":"\/es\/p-cg-00186-gorro-de-chef-pineto-clasico-186-personalizacion-9313\/khaki-12693\/custom\/","it":"\/it\/p-cg-00186-cappello-da-chef-pineto-classic-186-personalizzazione-9313\/khaki-12693\/custom\/","sv":"\/sv\/p-cg-00186-kockshatt-pineto-classic-186-personlighet-9313\/khaki-12693\/custom\/","pt":"\/pt\/p-cg-00186-chapeu-de-chef-pineto-classic-186-personalizacao-9313\/khaki-12693\/custom\/","da":"\/da\/p-cg-00186-chefs-hat-pineto-classic-186-personalisering-9313\/khaki-12693\/custom\/","pl":"\/pl\/p-cg-00186-kapelusz-szefa-pineto-classic-186-personalizacja-9313\/khaki-12693\/custom\/"}},{"id":12700,"name":"red","class_ids":[11],"codes_hexa":["C62C15"],"delai_24":false,"has_3d":false,"seuil_global":0,"stock_local":0,"stock_global":55,"on_standby":false,"in_catalog":true,"images":{"miniature":["https:\/\/media.th4.com\/JydRtlh5vNvCm_QuUYzDrVj-hUYG_k94vKaON5h7B_4\/pr:80\/aHR0cDovL21lZGlhMi5kZXNpZ25wYXJ0bmVyLmZyL2MvcC85MzEzLzkzMTMtMTI3MDAtMS5qcGc?v=1610014997"],"medium":["https:\/\/media.th4.com\/cowt3DzxrN-_6Tza_i4zPf5ayF5-wl48qeeNSjhoJfY\/pr:550x550\/aHR0cDovL21lZGlhMi5kZXNpZ25wYXJ0bmVyLmZyL2MvcC85MzEzLzkzMTMtMTI3MDAtMS5qcGc?v=1610014997"],"medium_large":["https:\/\/media.th4.com\/qEZThqs53I3gSIdC5XRccT7NIxWY9CtJukXSjNprn_o\/pr:1000x1000\/aHR0cDovL21lZGlhMi5kZXNpZ25wYXJ0bmVyLmZyL2MvcC85MzEzLzkzMTMtMTI3MDAtMS5qcGc?v=1610014997"],"large":["https:\/\/media.th4.com\/pKpy_sYvj24NUgNteJ78XPo--0WSWrBqZLKSa9nPNtw\/pr:1920\/aHR0cDovL21lZGlhMi5kZXNpZ25wYXJ0bmVyLmZyL2MvcC85MzEzLzkzMTMtMTI3MDAtMS5qcGc?v=1610014997"],"opengraph":["https:\/\/media.th4.com\/MZYbStI10-X6wkNycGtlsyP7EX4luAagRWkM-IcXzM8\/pr:1200x630\/aHR0cDovL21lZGlhMi5kZXNpZ25wYXJ0bmVyLmZyL2MvcC85MzEzLzkzMTMtMTI3MDAtMS5qcGc?v=1610014997"]},"images_customization":{"miniature":["https:\/\/media.th4.com\/JydRtlh5vNvCm_QuUYzDrVj-hUYG_k94vKaON5h7B_4\/pr:80\/aHR0cDovL21lZGlhMi5kZXNpZ25wYXJ0bmVyLmZyL2MvcC85MzEzLzkzMTMtMTI3MDAtMS5qcGc?v=1610014997"],"medium":["https:\/\/media.th4.com\/cowt3DzxrN-_6Tza_i4zPf5ayF5-wl48qeeNSjhoJfY\/pr:550x550\/aHR0cDovL21lZGlhMi5kZXNpZ25wYXJ0bmVyLmZyL2MvcC85MzEzLzkzMTMtMTI3MDAtMS5qcGc?v=1610014997"],"medium_large":["https:\/\/media.th4.com\/qEZThqs53I3gSIdC5XRccT7NIxWY9CtJukXSjNprn_o\/pr:1000x1000\/aHR0cDovL21lZGlhMi5kZXNpZ25wYXJ0bmVyLmZyL2MvcC85MzEzLzkzMTMtMTI3MDAtMS5qcGc?v=1610014997"],"large":["https:\/\/media.th4.com\/pKpy_sYvj24NUgNteJ78XPo--0WSWrBqZLKSa9nPNtw\/pr:1920\/aHR0cDovL21lZGlhMi5kZXNpZ25wYXJ0bmVyLmZyL2MvcC85MzEzLzkzMTMtMTI3MDAtMS5qcGc?v=1610014997"],"opengraph":["https:\/\/media.th4.com\/MZYbStI10-X6wkNycGtlsyP7EX4luAagRWkM-IcXzM8\/pr:1200x630\/aHR0cDovL21lZGlhMi5kZXNpZ25wYXJ0bmVyLmZyL2MvcC85MzEzLzkzMTMtMTI3MDAtMS5qcGc?v=1610014997"]},"country_origin":"DE","traceability":{"manufacturing_country_id":null,"weaving_country_id":null,"dyeing_country_id":null},"sizes":[{"id":1488,"article_id":289674,"class_id":0,"name":"54\/56cm","on_standby":false,"stock_local":0,"stock_global":38,"multiple":1,"estimated_date_reassort":null,"is_destocking":false},{"id":1402,"article_id":289676,"class_id":0,"name":"60\/62cm","on_standby":false,"stock_local":0,"stock_global":17,"multiple":1,"estimated_date_reassort":null,"is_destocking":false}],"page_links":{"fr":"\/fr\/p-cg-00186-chefs-hat-pineto-classic-toque-de-chef-186-9313\/red-12700\/","en":"\/en\/p-cg-00186-chefs-hat-pineto-classic-chefs-toque-186-9313\/red-12700\/","de":"\/de\/p-cg-00186-chef-hat-pineto-classic-kochmutze-186-9313\/red-12700\/","nl":"\/nl\/p-cg-00186-chefs-hat-pineto-classic-toque-de-chef-186-9313\/red-12700\/","es":"\/es\/p-cg-00186-sombrero-de-chef-pineto-classic-gorra-de-chef-186-9313\/red-12700\/","it":"\/it\/p-cg-00186-cappello-da-chef-pineto-classic-toque-da-chef-186-9313\/red-12700\/","sv":"\/sv\/p-cg-00186-kockshatt-pineto-classic-koksmossa-186-9313\/red-12700\/","pt":"\/pt\/p-cg-00186-chapeu-de-chef-pineto-classic-toque-de-chef-186-9313\/red-12700\/","da":"\/da\/p-cg-00186-kokkens-hat-pineto-classic-kokkenshat-186-9313\/red-12700\/","pl":"\/pl\/p-cg-00186-kapelusz-szefa-pineto-classic-toque-de-chef-186-9313\/red-12700\/"},"page_links_customization":{"fr":"\/fr\/p-cg-00186-chefs-hat-pineto-classic-186-personnalisation-9313\/red-12700\/custom\/","en":"\/en\/p-cg-00186-chefs-hat-pineto-classic-186-customization-9313\/red-12700\/custom\/","de":"\/de\/p-cg-00186-kochmutze-pineto-classic-186-personalisierung-9313\/red-12700\/custom\/","nl":"\/nl\/p-cg-00186-chefs-hat-pineto-classic-186-personalisatie-9313\/red-12700\/custom\/","es":"\/es\/p-cg-00186-gorro-de-chef-pineto-clasico-186-personalizacion-9313\/red-12700\/custom\/","it":"\/it\/p-cg-00186-cappello-da-chef-pineto-classic-186-personalizzazione-9313\/red-12700\/custom\/","sv":"\/sv\/p-cg-00186-kockshatt-pineto-classic-186-personlighet-9313\/red-12700\/custom\/","pt":"\/pt\/p-cg-00186-chapeu-de-chef-pineto-classic-186-personalizacao-9313\/red-12700\/custom\/","da":"\/da\/p-cg-00186-chefs-hat-pineto-classic-186-personalisering-9313\/red-12700\/custom\/","pl":"\/pl\/p-cg-00186-kapelusz-szefa-pineto-classic-186-personalizacja-9313\/red-12700\/custom\/"}},{"id":12686,"name":"cherry","class_ids":[7,6],"codes_hexa":["97143E"],"delai_24":false,"has_3d":false,"seuil_global":0,"stock_local":0,"stock_global":23,"on_standby":false,"in_catalog":true,"images":{"miniature":["https:\/\/media.th4.com\/b4TWVzUsrzYp2rTD33hkGZqWNr0zyFwHhnvxobhyQ5w\/pr:80\/aHR0cDovL21lZGlhMi5kZXNpZ25wYXJ0bmVyLmZyL2MvcC85MzEzLzkzMTMtMTI2ODYtMS5qcGc?v=1610014997"],"medium":["https:\/\/media.th4.com\/mU__wtNLIFcg0JACI5Epr6gLVQ11nyeTvPTnroJoHDk\/pr:550x550\/aHR0cDovL21lZGlhMi5kZXNpZ25wYXJ0bmVyLmZyL2MvcC85MzEzLzkzMTMtMTI2ODYtMS5qcGc?v=1610014997"],"medium_large":["https:\/\/media.th4.com\/EHcNAKN9hYgBBAHKIm7ruK45o_tl1JKnUa6j31UDd60\/pr:1000x1000\/aHR0cDovL21lZGlhMi5kZXNpZ25wYXJ0bmVyLmZyL2MvcC85MzEzLzkzMTMtMTI2ODYtMS5qcGc?v=1610014997"],"large":["https:\/\/media.th4.com\/UQfuRrgOmg8Ujt3O4kfCy2A0wHxi0-NCIKO66scPI5U\/pr:1920\/aHR0cDovL21lZGlhMi5kZXNpZ25wYXJ0bmVyLmZyL2MvcC85MzEzLzkzMTMtMTI2ODYtMS5qcGc?v=1610014997"],"opengraph":["https:\/\/media.th4.com\/4JCVrBKaby6WS1PU9DP-fyxGmsM7PTErsX5YjFnUjCo\/pr:1200x630\/aHR0cDovL21lZGlhMi5kZXNpZ25wYXJ0bmVyLmZyL2MvcC85MzEzLzkzMTMtMTI2ODYtMS5qcGc?v=1610014997"]},"images_customization":{"miniature":["https:\/\/media.th4.com\/b4TWVzUsrzYp2rTD33hkGZqWNr0zyFwHhnvxobhyQ5w\/pr:80\/aHR0cDovL21lZGlhMi5kZXNpZ25wYXJ0bmVyLmZyL2MvcC85MzEzLzkzMTMtMTI2ODYtMS5qcGc?v=1610014997"],"medium":["https:\/\/media.th4.com\/mU__wtNLIFcg0JACI5Epr6gLVQ11nyeTvPTnroJoHDk\/pr:550x550\/aHR0cDovL21lZGlhMi5kZXNpZ25wYXJ0bmVyLmZyL2MvcC85MzEzLzkzMTMtMTI2ODYtMS5qcGc?v=1610014997"],"medium_large":["https:\/\/media.th4.com\/EHcNAKN9hYgBBAHKIm7ruK45o_tl1JKnUa6j31UDd60\/pr:1000x1000\/aHR0cDovL21lZGlhMi5kZXNpZ25wYXJ0bmVyLmZyL2MvcC85MzEzLzkzMTMtMTI2ODYtMS5qcGc?v=1610014997"],"large":["https:\/\/media.th4.com\/UQfuRrgOmg8Ujt3O4kfCy2A0wHxi0-NCIKO66scPI5U\/pr:1920\/aHR0cDovL21lZGlhMi5kZXNpZ25wYXJ0bmVyLmZyL2MvcC85MzEzLzkzMTMtMTI2ODYtMS5qcGc?v=1610014997"],"opengraph":["https:\/\/media.th4.com\/4JCVrBKaby6WS1PU9DP-fyxGmsM7PTErsX5YjFnUjCo\/pr:1200x630\/aHR0cDovL21lZGlhMi5kZXNpZ25wYXJ0bmVyLmZyL2MvcC85MzEzLzkzMTMtMTI2ODYtMS5qcGc?v=1610014997"]},"country_origin":"DE","traceability":{"manufacturing_country_id":null,"weaving_country_id":null,"dyeing_country_id":null},"sizes":[{"id":1488,"article_id":289659,"class_id":0,"name":"54\/56cm","on_standby":false,"stock_local":0,"stock_global":10,"multiple":1,"estimated_date_reassort":null,"is_destocking":false},{"id":1489,"article_id":289660,"class_id":0,"name":"57\/59cm","on_standby":false,"stock_local":0,"stock_global":9,"multiple":1,"estimated_date_reassort":null,"is_destocking":false},{"id":1402,"article_id":289661,"class_id":0,"name":"60\/62cm","on_standby":false,"stock_local":0,"stock_global":4,"multiple":1,"estimated_date_reassort":null,"is_destocking":false}],"page_links":{"fr":"\/fr\/p-cg-00186-chefs-hat-pineto-classic-toque-de-chef-186-9313\/cherry-12686\/","en":"\/en\/p-cg-00186-chefs-hat-pineto-classic-chefs-toque-186-9313\/cherry-12686\/","de":"\/de\/p-cg-00186-chef-hat-pineto-classic-kochmutze-186-9313\/cherry-12686\/","nl":"\/nl\/p-cg-00186-chefs-hat-pineto-classic-toque-de-chef-186-9313\/cherry-12686\/","es":"\/es\/p-cg-00186-sombrero-de-chef-pineto-classic-gorra-de-chef-186-9313\/cherry-12686\/","it":"\/it\/p-cg-00186-cappello-da-chef-pineto-classic-toque-da-chef-186-9313\/cherry-12686\/","sv":"\/sv\/p-cg-00186-kockshatt-pineto-classic-koksmossa-186-9313\/cherry-12686\/","pt":"\/pt\/p-cg-00186-chapeu-de-chef-pineto-classic-toque-de-chef-186-9313\/cherry-12686\/","da":"\/da\/p-cg-00186-kokkens-hat-pineto-classic-kokkenshat-186-9313\/cherry-12686\/","pl":"\/pl\/p-cg-00186-kapelusz-szefa-pineto-classic-toque-de-chef-186-9313\/cherry-12686\/"},"page_links_customization":{"fr":"\/fr\/p-cg-00186-chefs-hat-pineto-classic-186-personnalisation-9313\/cherry-12686\/custom\/","en":"\/en\/p-cg-00186-chefs-hat-pineto-classic-186-customization-9313\/cherry-12686\/custom\/","de":"\/de\/p-cg-00186-kochmutze-pineto-classic-186-personalisierung-9313\/cherry-12686\/custom\/","nl":"\/nl\/p-cg-00186-chefs-hat-pineto-classic-186-personalisatie-9313\/cherry-12686\/custom\/","es":"\/es\/p-cg-00186-gorro-de-chef-pineto-clasico-186-personalizacion-9313\/cherry-12686\/custom\/","it":"\/it\/p-cg-00186-cappello-da-chef-pineto-classic-186-personalizzazione-9313\/cherry-12686\/custom\/","sv":"\/sv\/p-cg-00186-kockshatt-pineto-classic-186-personlighet-9313\/cherry-12686\/custom\/","pt":"\/pt\/p-cg-00186-chapeu-de-chef-pineto-classic-186-personalizacao-9313\/cherry-12686\/custom\/","da":"\/da\/p-cg-00186-chefs-hat-pineto-classic-186-personalisering-9313\/cherry-12686\/custom\/","pl":"\/pl\/p-cg-00186-kapelusz-szefa-pineto-classic-186-personalizacja-9313\/cherry-12686\/custom\/"}}],"documentation_link":null,"countries_availables":["AD","AE","AL","AT","BA","BD","BE","BG","BL","CA","CH","CN","CO","CY","CZ","DE","DK","DO","EE","EG","ES","ET","FI","FR","GB","GE","GF","GP","GR","GT","HK","HN","HR","HT","HU","ID","IE","IN","IS","IT","JO","JP","KE","KH","KP","KR","LA","LK","LS","LT","LU","LV","MA","MF","MG","MK","MM","MN","MQ","MT","MX","MY","NC","NI","NL","PF","PH","PK","PL","PM","PT","RE","RO","SE","SG","SI","SK","SV","SY","TH","TN","TR","TW","TZ","US","VN","WF","YT"]},"infos_customization":[],"features":{"authorize_multi_surfaces":true,"display_order_delay_type":true,"promote_surface_display":true,"tarification_franco_offert":true,"enabled_3d_editor":false},"markings":[{"id":0,"nom":"vierge","finition":null,"libelle":null,"code":null,"dpi":null,"finesse_forme_isolee":null,"finesse_forme_non_isolee":null,"hauteur_minimale_texte":null,"inactif":0,"marquage_interne":1,"quantite_min":null,"parent_id":null,"print_on_support":0,"content":"vierge","description":null},{"id":2,"nom":"fonce","finition":"optimale","libelle":"TopQuadri","code":null,"dpi":400,"finesse_forme_isolee":"0.040","finesse_forme_non_isolee":"0.700","hauteur_minimale_texte":2,"inactif":0,"marquage_interne":1,"quantite_min":null,"parent_id":18,"print_on_support":0,"content":"TopQuadri","description":"pour petites et moyennes s\u00e9ries"},{"id":3,"nom":"serigraphie","finition":"serigraphie","libelle":"SeriCoat","code":null,"dpi":400,"finesse_forme_isolee":"0.040","finesse_forme_non_isolee":"0.700","hauteur_minimale_texte":2,"inactif":0,"marquage_interne":1,"quantite_min":15,"parent_id":18,"print_on_support":0,"content":"SeriCoat","description":"pour moyennes et grandes s\u00e9ries"},{"id":4,"nom":"broderie","finition":"broderie","libelle":"Broderie","code":null,"dpi":400,"finesse_forme_isolee":"0.040","finesse_forme_non_isolee":"0.700","hauteur_minimale_texte":3,"inactif":0,"marquage_interne":1,"quantite_min":null,"parent_id":null,"print_on_support":0,"content":"Broderie","description":null},{"id":8,"nom":"theme","finition":null,"libelle":"Th\u00e8me","code":null,"dpi":null,"finesse_forme_isolee":null,"finesse_forme_non_isolee":null,"hauteur_minimale_texte":null,"inactif":0,"marquage_interne":1,"quantite_min":null,"parent_id":null,"print_on_support":0,"content":"Th\u00e8me","description":null},{"id":9,"nom":"sans","finition":null,"libelle":null,"code":null,"dpi":null,"finesse_forme_isolee":null,"finesse_forme_non_isolee":null,"hauteur_minimale_texte":null,"inactif":0,"marquage_interne":1,"quantite_min":null,"parent_id":null,"print_on_support":0,"content":"sans","description":null},{"id":10,"nom":"photo","finition":null,"libelle":"Photo","code":null,"dpi":null,"finesse_forme_isolee":null,"finesse_forme_non_isolee":null,"hauteur_minimale_texte":null,"inactif":0,"marquage_interne":1,"quantite_min":null,"parent_id":null,"print_on_support":0,"content":"Photo","description":null},{"id":14,"nom":"couleur","finition":null,"libelle":"Couleur","code":null,"dpi":null,"finesse_forme_isolee":null,"finesse_forme_non_isolee":null,"hauteur_minimale_texte":null,"inactif":0,"marquage_interne":1,"quantite_min":null,"parent_id":null,"print_on_support":0,"content":"Couleur","description":null},{"id":15,"nom":"sublimation","finition":"sublimation","libelle":"Sublimation","code":null,"dpi":null,"finesse_forme_isolee":"0.000","finesse_forme_non_isolee":"0.000","hauteur_minimale_texte":2,"inactif":0,"marquage_interne":1,"quantite_min":null,"parent_id":null,"print_on_support":0,"content":"Sublimation","description":null},{"id":16,"nom":"topquadri_uv","finition":null,"libelle":"TopQuadri UV","code":null,"dpi":null,"finesse_forme_isolee":"0.020","finesse_forme_non_isolee":"0.700","hauteur_minimale_texte":2,"inactif":0,"marquage_interne":1,"quantite_min":null,"parent_id":null,"print_on_support":1,"content":null,"description":null},{"id":17,"nom":"topquadri_uvp","finition":null,"libelle":"TopQuadri UVP","code":null,"dpi":null,"finesse_forme_isolee":"0.020","finesse_forme_non_isolee":"0.700","hauteur_minimale_texte":2,"inactif":0,"marquage_interne":1,"quantite_min":null,"parent_id":null,"print_on_support":1,"content":null,"description":null},{"id":18,"nom":"quadri","finition":null,"libelle":"Impression","code":null,"dpi":null,"finesse_forme_isolee":null,"finesse_forme_non_isolee":null,"hauteur_minimale_texte":null,"inactif":0,"marquage_interne":1,"quantite_min":null,"parent_id":null,"print_on_support":0,"content":null,"description":null}]}}