{"data":{"product":{"id":874,"titre":"Womens base 2-layer softshell jacket","description":"Veste softshell l\u00e9g\u00e8re et durable pour femmes avec doublure en maille sportive. El\u00e9gant et chic pour les voyages en toute l\u00e9g\u00e8ret\u00e9. D\u00e9perlance am\u00e9lior\u00e9e. Respirant. Coupe-vent. Fermeture zipp\u00e9e \u00e0 l\u2018avant avec tirette et col montant. Tissu doux et sportif, extensible dans 2 directions. 2 poches zipp\u00e9es avec tirettes. Poignets r\u00e9glables par fermeture auto-agrippante. Poche poitrine zipp\u00e9e. Taille cintr\u00e9e. Doublure en maille sportive. Rabat de protection int\u00e9rieur. Patte de suspension. Composition : couche ext\u00e9rieure 93 % polyester, 7 % \u00e9lasthanne ; couche int\u00e9rieure 100 % polyester maille filet.","genre":"femme","grammage":200,"conditionnement":20,"composition":"polyester,elasthanne","reference":"RS28F","reference_visible":"re-r128f","reference_fabricant":"R128F","ref_xor":"742703","in_catalog":true,"is_transfer":false,"is_service":false,"on_standby":false,"has_3d":false,"has_size_guide":false,"has_marking":true,"has_vierge":true,"is_cross_sellable":false,"id_picto":132,"filename_3d":null,"brand":{"id":16,"name":"Result","logo":"logo-result.png","image":"https:\/\/media.th4.com\/R4AINn4EcZGXmGADkvSPvxFxj-96N0ZW37kUw9NCIp8\/pr:brand70x70\/aHR0cDovL21lZGlhMi5kZXNpZ25wYXJ0bmVyLmZyL2MvbS9sb2dvLXJlc3VsdC5wbmc?v=1769696384"},"price_infos":{"price_from":16.14,"quantity":200,"color":{"id":364,"name":"black"},"size":{"id":3,"name":"S"}},"price_infos_marking":{"price_from":20.83,"quantity":200,"color":{"id":364,"name":"black"},"size":{"id":3,"name":"S"},"marking":{"id":2,"name":""},"emplacement":"avant","surface_emplacement_id":1,"surface":"coeur"},"i18n":{"blank":{"title":{"fr":"Veste soft shell femme RESULT r128f","en":"Soft shell jacket woman RESULT r128f","de":"Frau Softshelljacke RESULT r128f","nl":"Vrouwelijke softshell jas RESULT r128f","es":"Chaqueta soft shell mujer RESULT r128f","it":"Giacca soft shell donna RESULT r128f","sv":"Softshelljacka f\u00f6r dam RESULT r128f","pt":"Jaqueta soft shell feminina RESULT r128f","da":"Kvindel\u00f8s Soft Shell Jakke RESULT r128f","pl":"Kurtka soft shell dla kobiet RESULT r128f"},"description":{"fr":"Cette veste soft shell femme offre une coupe confortable et une protection contre les \u00e9l\u00e9ments. Elle est con\u00e7ue avec un ext\u00e9rieur en 93% polyester et 7% spandex, associ\u00e9 \u00e0 une doublure en maille sport 100% polyester. La veste est dot\u00e9e de 2 poches lat\u00e9rales zipp\u00e9es et d'une poche poitrine zipp\u00e9e pour un rangement pratique. Les poignets r\u00e9glables par bande auto-agrippante permettent d'ajuster l'ajustement, tandis que la fermeture zipp\u00e9e cach\u00e9e sur la poitrine gauche assure une fermeture s\u00e9curis\u00e9e.\n\n- Ext\u00e9rieur : 93% polyester, 7% spandex\n- Int\u00e9rieur : 100% polyester maille sport\n- Coupe : Confortable\n- Poches : 2 lat\u00e9rales zipp\u00e9es, 1 poitrine zipp\u00e9e\n- Poignets : R\u00e9glables par bande auto-agrippante","en":"This soft shell jacket for women offers a comfortable cut and protection against the elements. It is designed with an exterior made of 93% polyester and 7% spandex, combined with a sports mesh lining of 100% polyester. The jacket features 2 zipped side pockets and 1 zipped chest pocket for practical storage. Adjustable cuffs with hook-and-loop tape allow for a custom fit, while the hidden zipper on the left chest ensures a secure closure.\n\n- Exterior: 93% polyester, 7% spandex\n- Interior: 100% polyester sports mesh\n- Cut: Comfortable\n- Pockets: 2 zipped side, 1 zipped chest\n- Cuffs: Adjustable with hook-and-loop tape","de":"Diese Frau Softshelljacke bietet einen bequemen Schnitt und Schutz vor den Elementen. Sie ist mit einem Au\u00dfenmaterial aus 93% Polyester und 7% Spandex sowie einem Futter aus Sportnetz 100% Polyester gestaltet. Die Jacke verf\u00fcgt \u00fcber 2 seitliche Rei\u00dfverschlusstaschen und eine Brusttasche mit Rei\u00dfverschluss f\u00fcr praktischen Stauraum. Die verstellbaren Manschetten mit Klettb\u00e4ndern erm\u00f6glichen eine Anpassung, w\u00e4hrend der verdeckte Rei\u00dfverschluss an der linken Brust eine sichere Verschlie\u00dfung gew\u00e4hrleistet.\n\n- Au\u00dfenmaterial: 93% Polyester, 7% Spandex\n- Innenmaterial: 100% Polyester Sportnetz\n- Schnitt: Bequem\n- Taschen: 2 seitliche Rei\u00dfverschlusstaschen, 1 Brusttasche mit Rei\u00dfverschluss\n- Manschetten: Verstellbar mit Klettb\u00e4ndern","nl":"Deze vrouwelijke softshell jas biedt een comfortabele pasvorm en bescherming tegen de elementen. Het is ontworpen met een buitenkant van 93% polyester en 7% spandex, gecombineerd met een sportmesh binnenzijde van 100% polyester. De jas heeft 2 zijzakken met ritssluiting en een geborstelde borstzak voor praktische opslag. De met een bandje verstelbare polsen zorgen voor een aangepaste pasvorm, terwijl de verborgen ritssluiting op de linkerkant een veilige afsluiting biedt.\n\n- Buitenkant: 93% polyester, 7% spandex\n- Binnenzijde: 100% polyester sportmesh\n- Pasvorm: Comfortabel\n- Zakken: 2 zijzakken met ritssluiting, 1 geborstelde borstzak\n- Polsen: Verstelbaar met een bandje","es":"Esta chaqueta soft shell para mujer ofrece un corte c\u00f3modo y protecci\u00f3n contra los elementos. Est\u00e1 dise\u00f1ada con un exterior de 93% poli\u00e9ster y 7% spandex, combinado con un forro de malla deportiva 100% poli\u00e9ster. La chaqueta cuenta con 2 bolsillos laterales con cremallera y un bolsillo de pecho con cremallera para un almacenamiento pr\u00e1ctico. Las mu\u00f1ecas ajustables con banda de velcro permiten ajustar el ajuste, mientras que la cremallera oculta en el pecho izquierdo asegura un cierre seguro.\n\n- Exterior: 93% poli\u00e9ster, 7% spandex\n- Interior: 100% poli\u00e9ster malla deportiva\n- Corte: C\u00f3mico\n- Bolsillos: 2 laterales con cremallera, 1 pecho con cremallera\n- Mu\u00f1ecas: Ajustables con banda de velcro","it":"Questa giacca soft shell donna offre una taglia confortevole e protezione contro gli elementi. \u00c8 progettata con un esterno in 93% poliestere e 7% spandex, abbinato a una fodera in rete sportiva 100% poliestere. La giacca \u00e8 dotata di 2 tasche laterali con zip e di una tasca sul petto con zip per un pratico stoccaggio. I polsini regolabili con nastro autoadesivo permettono di regolare l'adattamento, mentre la zip nascosta sul petto sinistro assicura una chiusura sicura.\n\n- Esterno: 93% poliestere, 7% spandex\n- Interno: 100% poliestere rete sportiva\n- Taglia: Confortevole\n- Tasche: 2 laterali con zip, 1 sul petto con zip\n- Polsini: Regolabili con nastro autoadesivo","sv":"Denna softshelljacka f\u00f6r dam erbjuder ett komfortabelt snitt och skydd mot elementen. Den \u00e4r konstruerad med ett yttre lager av 93% polyester och 7% spandex, tillsammans med en insida av sportn\u00e4t 100% polyester. Jackan har 2 sidofickor med dragkedja och en br\u00f6stficka med dragkedja f\u00f6r praktiskt f\u00f6rvaring. Justerbara manschetter med klisterband m\u00f6jligg\u00f6r anpassning av passformen, medan den dolda dragkedjan p\u00e5 v\u00e4nster br\u00f6st s\u00e4kerst\u00e4ller en s\u00e4ker st\u00e4ngning.\n\n- Yttre: 93% polyester, 7% spandex\n- Inre: 100% polyester sportn\u00e4t\n- Snitt: Komfortabelt\n- Fickor: 2 sidofickor med dragkedja, 1 br\u00f6stficka med dragkedja\n- Manschetter: Justerbara med klisterband","pt":"Esta jaqueta soft shell feminina oferece um corte confort\u00e1vel e prote\u00e7\u00e3o contra os elementos. Ela \u00e9 projetada com um exterior em 93% poli\u00e9ster e 7% spandex, associado a um forro em malha esportiva 100% poli\u00e9ster. A jaqueta possui 2 bolsos laterais com z\u00edper e um bolso no peito com z\u00edper para armazenamento pr\u00e1tico. As mangas ajust\u00e1veis com faixa de velcro permitem ajustar o ajuste, enquanto o z\u00edper oculto no peito esquerdo garante um fechamento seguro.\n\n- Exterior: 93% poli\u00e9ster, 7% spandex\n- Interior: 100% poli\u00e9ster malha esportiva\n- Corte: Confort\u00e1vel\n- Bolsos: 2 laterais com z\u00edper, 1 no peito com z\u00edper\n- Mangas: Ajust\u00e1veis com faixa de velcro","da":"Denne kvindel\u00f8se soft shell jakke tilbyder en behagelig pasform og beskyttelse mod vejrforhold. Den er designet med en ydre del p\u00e5 93% polyester og 7% spandex, kombineret med en indvendig mesh p\u00e5 100% polyester. Jakken har 2 sidelommer med zip og 1 brystlomme med zip til praktisk opbevaring. De justerbare \u00e6rmer med selvklebende b\u00e5nd g\u00f8r det muligt at tilpasse pasformen, mens den skjulte zip p\u00e5 brystet til venstre sikrer en sikker lukning.  Ext\u00e9rieur : 93% polyester, 7% spandex Int\u00e9rieur : 100% polyester mesh Coupe : Confortable Poches : 2 lat\u00e9rales \u00e0 zip, 1 poitrine \u00e0 zip Poignets : R\u00e9glables par bande auto-agrippante","pl":"Ta kurtka soft shell dla kobiet oferuje wygodny kroj i ochron\u0119 przed warunkami atmosferycznymi. Jest wykonana z zewn\u0119trznej cz\u0119\u015bci z 93% poliesteru i 7% spandexu, po\u0142\u0105czonej z wn\u0119trzem z siatki sportowej 100% poliesteru. Kurtka jest wyposa\u017cona w 2 boczne kieszenie z zamkiem b\u0142yskawicowym i 1 kiesze\u0144 klapow\u0105 z zamkiem b\u0142yskawicowym dla wygodnego przechowywania. Regulowane mankiety za pomoc\u0105 ta\u015bmy samoczepnej pozwalaj\u0105 na dostosowanie dopasowania, podczas gdy ukryta zamek b\u0142yskawiczny na klatce piersiowej po lewej stronie zapewnia bezpieczne zamkni\u0119cie.\n\n- Zewn\u0119trzna cz\u0119\u015b\u0107: 93% poliester, 7% spandex\n- Wn\u0119trzna cz\u0119\u015b\u0107: 100% poliester siatka sportowa\n- Kroj: Wygodny\n- Kieszenie: 2 boczne z zamkiem b\u0142yskawicowym, 1 klapowa z zamkiem b\u0142yskawicowym\n- Mankiety: Regulowane za pomoc\u0105 ta\u015bmy samoczepnej"},"h1":{"fr":"Veste soft shell femme r128f","en":"Soft shell jacket woman r128f","de":"Frau Softshelljacke r128f","nl":"Vrouwelijke softshell jas r128f","es":"Chaqueta soft shell mujer r128f","it":"Giacca soft shell donna r128f","sv":"Softshelljacka f\u00f6r dam r128f","pt":"Jaqueta soft shell feminina r128f","da":"Kvindel\u00f8s Soft Shell Jakke r128f","pl":"Kurtka soft shell dla kobiet r128f"},"meta_description":{"fr":"Veste soft shell femme RESULT. Coupe confortable, 2 poches lat\u00e9rales et 1 poche poitrine zipp\u00e9e. Id\u00e9ale pour les activit\u00e9s ext\u00e9rieures.","en":"Soft shell jacket woman RESULT. Comfortable cut, 2 side pockets and 1 zippered chest pocket. Ideal for outdoor activities.","de":"Frau Softshelljacke RESULT. Bequemer Schnitt, 2 Seiten Taschen und 1 Brusttasche mit Rei\u00dfverschluss. Ideal f\u00fcr Outdoor-Aktivit\u00e4ten.","nl":"Vrouwelijke softshell jas RESULT. Comfortabele pasvorm, 2 zijzakken en 1 geborstelde borstzak. Ideaal voor buitenactiviteiten.","es":"Chaqueta soft shell mujer RESULT. Corte c\u00f3modo, 2 bolsillos laterales y 1 bolsillo de pecho con cremallera. Ideal para actividades al aire libre.","it":"Giacca soft shell donna RESULT. Taglia confortevole, 2 tasche laterali e 1 tasca sul petto con zip. Ideale per le attivit\u00e0 all'aperto.","sv":"Softshelljacka f\u00f6r dam RESULT. Komfortabelt snitt, 2 sidofickor och 1 br\u00f6stficka med dragkedja. Idealisk f\u00f6r utomhusaktiviteter.","pt":"Jaqueta soft shell feminina RESULT. Corte confort\u00e1vel, 2 bolsos laterais e 1 bolso no peito com z\u00edper. Ideal para atividades ao ar livre.","da":"Kvindel\u00f8s Soft Shell Jakke RESULT. Behagelig pasform, 2 sidelommer og 1 brystlomme med zip. Ideel til udend\u00f8rs aktiviteter.","pl":"Kurtka soft shell dla kobiet RESULT. Wygodny kroj, 2 boczne kieszenie i 1 kiesze\u0144 klapow\u0105 z zamkiem b\u0142yskawicowym. Idealna do aktywno\u015bci na \u015bwie\u017cym powietrzu."}},"custom":{"title":{"fr":"Veste soft shell femme RESULT personnalisable r128f","en":"Women's soft shell jacket RESULT customizable r128f","de":"Frau Softshell Jacke RESULT personalisierbar r128f","nl":"Vrouwelijke softshell jas RESULT personaliseerbaar r128f","es":"Chaqueta soft shell mujer RESULT personalizable r128f","it":"Giacca soft shell donna RESULT personalizzabile r128f","sv":"Kvinna softshelljacka RESULT personaliserbar r128f","pt":"Jaqueta soft shell feminina RESULT personaliz\u00e1vel r128f","da":"Veste soft shell kvinde RESULT personligg\u00f8rbar r128f","pl":"Kurtka soft shell dla kobiet RESULT personalizowalna r128f"},"description":{"fr":"Cette veste soft shell femme offre une coupe confortable et une protection efficace contre les \u00e9l\u00e9ments. Elle est dot\u00e9e de deux poches lat\u00e9rales zipp\u00e9es et d'une poche poitrine zipp\u00e9e pour un rangement pratique. Les poignets r\u00e9glables par bande auto-agrippante assurent un ajustement optimal. La fermeture zipp\u00e9e cach\u00e9e sur la poitrine gauche ajoute une touche de style. Cette veste est con\u00e7ue en polyester et spandex pour une durabilit\u00e9 accrue. Elle est \u00e9galement personnalisable, permettant l'ajout de votre logo ou de vos \u00e9l\u00e9ments graphiques pour une image de marque coh\u00e9rente. \n\n- Ext\u00e9rieur : 93% polyester, 7% spandex\n- Int\u00e9rieur : maille sport 100% polyester\n- Coupe : confortable\n- Poches : 2 poches lat\u00e9rales zipp\u00e9es, 1 poche poitrine zipp\u00e9e\n- Poignets : r\u00e9glables par bande auto-agrippante","en":"This women's soft shell jacket offers a comfortable cut and effective protection against the elements. It features two side zippered pockets and a zippered chest pocket for practical storage. Adjustable cuffs with hook-and-loop closures ensure an optimal fit. The hidden zipper on the left chest adds a stylish touch. This jacket is designed with polyester and spandex for increased durability. It is also customizable, allowing the addition of your logo or graphic elements for a consistent brand image.\n\n- Exterior: polyester, spandex\n- Interior: sports mesh polyester\n- Cut: comfortable\n- Pockets: 2 side zippered pockets, 1 zippered chest pocket\n- Cuffs: adjustable with hook-and-loop closures","de":"Diese Damen-Softshell-Jacke bietet eine komfortable Passform und effektiven Schutz vor den Elementen. Sie ist mit zwei seitlichen Rei\u00dfverschlusstaschen und einer Brusttasche mit Rei\u00dfverschluss f\u00fcr praktisches Verstauen ausgestattet. Die mit Klettb\u00e4ndern verstellbaren Manschetten sorgen f\u00fcr einen optimalen Sitz. Der verdeckte Rei\u00dfverschluss auf der linken Brustseite verleiht einen stilvollen Touch. Diese Jacke ist aus Polyester und Spandex f\u00fcr eine erh\u00f6hte Haltbarkeit gefertigt. Sie ist auch personalisierbar, was die Hinzuf\u00fcgung Ihres Logos oder Ihrer grafischen Elemente f\u00fcr eine koh\u00e4rente Markenimage erm\u00f6glicht.\n\n- Au\u00dfenmaterial: Polyester, Spandex\n- Innenmaterial: Sportmasche Polyester\n- Schnitt: komfortabel\n- Taschen: 2 seitliche Rei\u00dfverschlusstaschen, 1 Brusttasche mit Rei\u00dfverschluss\n- Manschetten: verstellbar mit Klettb\u00e4ndern","nl":"Deze vrouwelijke softshell jas biedt een comfortabele passvorm en effectieve bescherming tegen de elementen. Het heeft twee zijzakkens met rits en een borstzak met rits voor handig opbergen. De afstelbare polsen met een kleverige band zorgen voor een optimale pasvorm. De verborgen rits aan de linkerborst voegt een stijlvolle aanraking toe. Deze jas is gemaakt van polyester en spandex voor verhoogde duurzaamheid. Het is ook personaliseerbaar, waardoor je je logo of grafische elementen kunt toevoegen voor een consistente merkidentiteit. \n\n- Buiten: 93% polyester, 7% spandex\n- Binnen: sportmateriaal 100% polyester\n- Passvorm: comfortabel\n- Zakken: 2 zippende zijzakken, 1 zippende borstzak\n- Polsen: afstelbaar met een kleverige band","es":"Esta chaqueta soft shell para mujer ofrece un corte c\u00f3modo y una protecci\u00f3n eficaz contra los elementos. Est\u00e1 dotada de dos bolsillos laterales con cremallera y un bolsillo en el pecho con cremallera para un almacenamiento pr\u00e1ctico. Las mu\u00f1ecas ajustables con banda autoagripante aseguran un ajuste \u00f3ptimo. La cremallera oculta en el pecho izquierdo a\u00f1ade un toque de estilo. Esta chaqueta est\u00e1 dise\u00f1ada en poli\u00e9ster y spandex para una mayor durabilidad. Tambi\u00e9n es personalizable, permitiendo la adici\u00f3n de su logo o elementos gr\u00e1ficos para una imagen de marca coherente. \n\n- Exterior : 93% poli\u00e9ster, 7% spandex\n- Interior : malla deportiva 100% poli\u00e9ster\n- Corte : c\u00f3modo\n- Bolsillos : 2 bolsillos laterales con cremallera, 1 bolsillo en el pecho con cremallera\n- Mu\u00f1ecas : ajustables con banda autoagripante","it":"Questa giacca soft shell donna offre un taglio confortevole e una protezione efficace contro gli elementi. \u00c8 dotata di due tasche laterali zip e una tasca petto zip per un ripostiglio pratico. I polsini regolabili con nastro autoadesivo garantiscono un adattamento ottimale. La chiusura lampo nascosta sul petto sinistro aggiunge un tocco di stile. Questa giacca \u00e8 realizzata in poliestere e spandex per una durabilit\u00e0 maggiore. \u00c8 anche personalizzabile, permettendo l'aggiunta del vostro logo o dei vostri elementi grafici per un'immagine di marca coerente. \n\n- Esterno: 93% poliestere, 7% spandex\n- Interno: maglia sportiva 100% poliestere\n- Taglio: confortevole\n- Tasche: 2 tasche laterali zip, 1 tasca petto zip\n- Polsini: regolabili con nastro autoadesivo","sv":"Denna kvinnliga softshelljacka erbjuder en bekv\u00e4m passform och effektivt skydd mot elementen. Den \u00e4r utrustad med tv\u00e5 sidor zippade fickor och en br\u00f6stficka med zipp f\u00f6r praktiskt f\u00f6rvaring. Justerbara manschetter med fastg\u00f6ringssnodd s\u00e4kerst\u00e4ller optimal passform. Den dolda zippf\u00f6rslutningen p\u00e5 v\u00e4nster br\u00f6st l\u00e4gger till en stilfull touch. Denna jacka \u00e4r tillverkad av polyester och spandex f\u00f6r \u00f6kad h\u00e5llbarhet. Den kan ocks\u00e5 personaliseras, vilket g\u00f6r det m\u00f6jligt att l\u00e4gga till ditt logotyp eller dina grafiska element f\u00f6r en enhetlig varum\u00e4rkesbild.\n\n- Utanf\u00f6r: 93% polyester, 7% spandex\n- Inuti: sportmask 100% polyester\n- Passform: bekv\u00e4m\n- Fickor: 2 zippade sidor, 1 zippad br\u00f6stficka\n- Manschetter: justerbara med fastg\u00f6ringssnodd","pt":"Esta jaqueta soft shell feminina oferece um corte confort\u00e1vel e uma prote\u00e7\u00e3o eficaz contra os elementos. Ela \u00e9 equipada com dois bolsos laterais com z\u00edper e um bolso no peito com z\u00edper para um armazenamento pr\u00e1tico. Os punhos ajust\u00e1veis com faixa auto-adesiva garantem um ajuste \u00f3timo. O fechamento com z\u00edper oculto no peito esquerdo adiciona um toque de estilo. Esta jaqueta \u00e9 feita de poli\u00e9ster e spandex para uma durabilidade aumentada. Ela tamb\u00e9m \u00e9 personaliz\u00e1vel, permitindo a adi\u00e7\u00e3o do seu logotipo ou de seus elementos gr\u00e1ficos para uma imagem de marca coerente. \n\n- Exterior: 93% poli\u00e9ster, 7% spandex\n- Interior: malha esportiva 100% poli\u00e9ster\n- Corte: confort\u00e1vel\n- Bolsos: 2 bolsos laterais com z\u00edper, 1 bolso no peito com z\u00edper\n- Punhos: ajust\u00e1veis com faixa auto-adesiva","da":"Denne veste soft shell kvinde tilbyder en behagelig sk\u00e6ring og effektiv beskyttelse mod elementerne. Den er udstyret med to siderum med zip og en brystlomme med zip til praktisk opbevaring. De justerbare manchetter med selvkl\u00e6bende b\u00e5nd sikrer optimal tilpasning. Den skjulte zip p\u00e5 brystet til venstre tilf\u00f8jer en stilfuld detalje. Denne veste er designet af polyester og spandex for \u00f8get holdbarhed. Den er ogs\u00e5 personligg\u00f8rbar, hvilket muligg\u00f8r tilf\u00f8jelse af dit logo eller dine grafiske elementer for et sammenh\u00e6ngende brandbillede.\n\n- Udvendig: 93% polyester, 7% spandex\n- Indvendig: sportstrik 100% polyester\n- Sk\u00e6ring: behagelig\n- Lommer: 2 siderum med zip, 1 brystlomme med zip\n- Manchetter: justerbare med selvkl\u00e6bende b\u00e5nd","pl":"Ta kurtka soft shell dla kobiet oferuje wygodny kroju i skuteczn\u0105 ochron\u0119 przed elementami. Jest wyposa\u017cona w dwie zipsowane kieszenie boczne i zipsowan\u0105 kiesze\u0144 na piersi dla praktycznego przechowywania. Regulowane mankiety za pomoc\u0105 ta\u015bmy samoprzylepnej zapewniaj\u0105 optymalne dopasowanie. Ukryta zipsowana zamkni\u0119cia na lewej piersi dodaje elegancki dotyk. Ta kurtka jest wykonana z poliesteru i spandexu dla zwi\u0119kszonej wytrzyma\u0142o\u015bci. Jest r\u00f3wnie\u017c personalizowalna, umo\u017cliwiaj\u0105c dodanie swojego logo lub element\u00f3w graficznych dla sp\u00f3jnego wizerunku marki.\n\n- Wewn\u0119trzna cz\u0119\u015b\u0107: 93% poliester, 7% spandex\n- Wyko\u0144czenie: siatka sportowa 100% poliester\n- Kroju: wygodny\n- Kieszenie: 2 zipsowane kieszenie boczne, 1 zipsowana kiesze\u0144 na piersi\n- Mankiety: regulowane za pomoc\u0105 ta\u015bmy samoprzylepnej"},"h1":{"fr":"Veste soft shell femme personnalisation r128f","en":"Women's soft shell jacket customization r128f","de":"Frau Softshell Jacke Personalisierung r128f","nl":"Vrouwelijke softshell jas personalisatie r128f","es":"Chaqueta soft shell mujer personalizaci\u00f3n r128f","it":"Giacca soft shell donna personalizzazione r128f","sv":"Kvinna softshelljacka personalisering r128f","pt":"Jaqueta soft shell feminina personaliza\u00e7\u00e3o r128f","da":"Veste soft shell kvinde personligg\u00f8relse r128f","pl":"Kurtka soft shell dla kobiet personalizacja r128f"},"meta_description":{"fr":"Veste soft shell femme RESULT. Coupe confortable, 2 poches zipp\u00e9es et personnalisable avec votre logo. Id\u00e9al pour les professionnels.","en":"Women's soft shell jacket RESULT. Comfortable cut, 2 zippered pockets and customizable with your logo. Ideal for professionals.","de":"Frau Softshell Jacke RESULT. Komfortable Passform, 2 Rei\u00dfverschlusstaschen und personalisierbar mit Ihrem Logo. Ideal f\u00fcr Profis.","nl":"Vrouwelijke softshell jas RESULT. Comfortabele passvorm, 2 zippende zakken en personaliseerbaar met je logo. Ideaal voor professionals.","es":"Chaqueta soft shell mujer RESULT. Corte c\u00f3modo, 2 bolsillos con cremallera y personalizable con su logo. Ideal para profesionales.","it":"Giacca soft shell donna RESULT. Taglio confortevole, 2 tasche zip e personalizzabile con il vostro logo. Ideale per i professionisti.","sv":"Kvinna softshelljacka RESULT. Bekv\u00e4m passform, 2 st\u00e4ngbara fickor och kan personaliseras med ditt logotyp. Idealisk f\u00f6r professionella.","pt":"Jaqueta soft shell feminina RESULT. Corte confort\u00e1vel, 2 bolsos com z\u00edper e personaliz\u00e1vel com o seu logotipo. Ideal para profissionais.","da":"Veste soft shell kvinde RESULT. Behagelig sk\u00e6ring, 2 lommer med zip og personligg\u00f8rbar med dit logo. Ideelt til professionelle.","pl":"Kurtka soft shell dla kobiet RESULT. Wygodny kroju, 2 zipsowane kieszenie i personalizowalna za pomoc\u0105 logo. Idealna dla profesjonalist\u00f3w."}}},"categories":[{"id":328,"name":"Softshells","singular":"Softshell","is_feminin":false},{"id":13,"name":"Vestes et manteaux","singular":"Veste et manteau","is_feminin":true},{"id":354,"name":"Textile","singular":"Textile","is_feminin":false}],"certifications":[],"videos":{"fr":[],"en":[],"de":[],"nl":[],"es":[],"it":[],"sv":[],"pt":[],"da":[],"pl":[]},"main_images":{"miniature":"https:\/\/media.th4.com\/FNDunDHtcMvpmuIjV_i4eHfVrxYFkAslkguJOHzJZJY\/pr:80\/aHR0cDovL21lZGlhMi5kZXNpZ25wYXJ0bmVyLmZyL2MvcC1ibGFuay1USC84NzQud2VicA?v=1769424883","medium":"https:\/\/media.th4.com\/tQqZZVZyIh62YqQJ5aBiD8KezLkG3gC6ohxUEyoocN4\/pr:550x550greybg\/aHR0cDovL21lZGlhMi5kZXNpZ25wYXJ0bmVyLmZyL2MvcC1ibGFuay1USC84NzQud2VicA?v=1769424883","medium_large":"https:\/\/media.th4.com\/qdeqfyZdl1eJ_h198MajTXuNUE9ZBzBFRdG60KIOz_0\/pr:1000x1000greybg\/aHR0cDovL21lZGlhMi5kZXNpZ25wYXJ0bmVyLmZyL2MvcC1ibGFuay1USC84NzQud2VicA?v=1769424883","large":"https:\/\/media.th4.com\/dz6xTLOaqfa27wYfgK4vqy2xboa8sUbFsNPtY0I5ngM\/pr:1920greybg\/aHR0cDovL21lZGlhMi5kZXNpZ25wYXJ0bmVyLmZyL2MvcC1ibGFuay1USC84NzQud2VicA?v=1769424883","opengraph":"https:\/\/media.th4.com\/5sd0P1DqHo6KqWsnPSBa7Ai3seuc-bwYVN_pnM57Qsc\/pr:1200x630greybg\/aHR0cDovL21lZGlhMi5kZXNpZ25wYXJ0bmVyLmZyL2MvcC1ibGFuay1USC84NzQud2VicA?v=1769424883"},"main_images_customization":{"miniature":"https:\/\/media.th4.com\/afsqP2J1SZqkdPM46_SRQZiMQUPESpciN_Xefv-z_r4\/pr:80\/aHR0cDovL21lZGlhMi5kZXNpZ25wYXJ0bmVyLmZyL2MvcC1jdXN0b20tVEgvODc0LndlYnA?v=1769425048","medium":"https:\/\/media.th4.com\/EUWZ-8TkUr-DgxdD4ESfhE8S4V4xv38CLP1VL1mtgYg\/pr:550x550greybg\/aHR0cDovL21lZGlhMi5kZXNpZ25wYXJ0bmVyLmZyL2MvcC1jdXN0b20tVEgvODc0LndlYnA?v=1769425048","medium_large":"https:\/\/media.th4.com\/fBEcTxVFBsEuGvQBVhNtQnV1RI68Md41ojQX-VIyk8g\/pr:1000x1000greybg\/aHR0cDovL21lZGlhMi5kZXNpZ25wYXJ0bmVyLmZyL2MvcC1jdXN0b20tVEgvODc0LndlYnA?v=1769425048","large":"https:\/\/media.th4.com\/J5SLHADgAdKnOd82spcKhWGP0GjkAglfK-q3g1KNNOU\/pr:1920greybg\/aHR0cDovL21lZGlhMi5kZXNpZ25wYXJ0bmVyLmZyL2MvcC1jdXN0b20tVEgvODc0LndlYnA?v=1769425048","opengraph":"https:\/\/media.th4.com\/imcR6t85aok_WfDgF9Q12za8VKvZfS9nVisR0JttqJo\/pr:1200x630greybg\/aHR0cDovL21lZGlhMi5kZXNpZ25wYXJ0bmVyLmZyL2MvcC1jdXN0b20tVEgvODc0LndlYnA?v=1769425048"},"page_links":{"fr":"\/fr\/p-re-r128f-veste-soft-shell-femme-r128f-874\/","en":"\/en\/p-re-r128f-soft-shell-jacket-woman-r128f-874\/","de":"\/de\/p-re-r128f-frau-softshelljacke-r128f-874\/","nl":"\/nl\/p-re-r128f-vrouwelijke-softshell-jas-r128f-874\/","es":"\/es\/p-re-r128f-chaqueta-soft-shell-mujer-r128f-874\/","it":"\/it\/p-re-r128f-giacca-soft-shell-donna-r128f-874\/","sv":"\/sv\/p-re-r128f-softshelljacka-for-dam-r128f-874\/","pt":"\/pt\/p-re-r128f-jaqueta-soft-shell-feminina-r128f-874\/","da":"\/da\/p-re-r128f-kvindelos-soft-shell-jakke-r128f-874\/","pl":"\/pl\/p-re-r128f-kurtka-soft-shell-dla-kobiet-r128f-874\/"},"page_links_customization":{"fr":"\/fr\/p-re-r128f-veste-soft-shell-femme-personnalisation-r128f-874\/custom\/","en":"\/en\/p-re-r128f-womens-soft-shell-jacket-customization-r128f-874\/custom\/","de":"\/de\/p-re-r128f-frau-softshell-jacke-personalisierung-r128f-874\/custom\/","nl":"\/nl\/p-re-r128f-vrouwelijke-softshell-jas-personalisatie-r128f-874\/custom\/","es":"\/es\/p-re-r128f-chaqueta-soft-shell-mujer-personalizacion-r128f-874\/custom\/","it":"\/it\/p-re-r128f-giacca-soft-shell-donna-personalizzazione-r128f-874\/custom\/","sv":"\/sv\/p-re-r128f-kvinna-softshelljacka-personalisering-r128f-874\/custom\/","pt":"\/pt\/p-re-r128f-jaqueta-soft-shell-feminina-personalizacao-r128f-874\/custom\/","da":"\/da\/p-re-r128f-veste-soft-shell-kvinde-personliggorelse-r128f-874\/custom\/","pl":"\/pl\/p-re-r128f-kurtka-soft-shell-dla-kobiet-personalizacja-r128f-874\/custom\/"},"equivalent_products":[],"colors":[{"id":364,"name":"black","class_ids":[4],"codes_hexa":["1a1a18"],"delai_24":false,"has_3d":false,"seuil_global":0,"stock_local":0,"stock_global":521,"on_standby":false,"in_catalog":true,"images":{"miniature":["https:\/\/media.th4.com\/OmAh8wGx-oC03PR1HlAs4hN135Cdxm6omvoYo2aY_pg\/pr:80\/aHR0cDovL21lZGlhMi5kZXNpZ25wYXJ0bmVyLmZyL2MvcC84NzQvODc0LTM2NC0xLndlYnA?v=1769423664"],"medium":["https:\/\/media.th4.com\/7G_7v66zyGgekJnbMSXofwba1LC98-LYWxOIfm630pc\/pr:550x550\/aHR0cDovL21lZGlhMi5kZXNpZ25wYXJ0bmVyLmZyL2MvcC84NzQvODc0LTM2NC0xLndlYnA?v=1769423664"],"medium_large":["https:\/\/media.th4.com\/1FwbB9loCRlAxqTOQK8Dxup3pEZnNEiqg3SNLVzTL28\/pr:1000x1000\/aHR0cDovL21lZGlhMi5kZXNpZ25wYXJ0bmVyLmZyL2MvcC84NzQvODc0LTM2NC0xLndlYnA?v=1769423664"],"large":["https:\/\/media.th4.com\/2vIn-mGlHhutyusEzfRocb_UFMlmv0CVNI9Z_9rAKa0\/pr:1920\/aHR0cDovL21lZGlhMi5kZXNpZ25wYXJ0bmVyLmZyL2MvcC84NzQvODc0LTM2NC0xLndlYnA?v=1769423664"],"opengraph":["https:\/\/media.th4.com\/oggt6Z3aPWmHCaiOoidor8eUIKpeboVnicVQswHWE94\/pr:1200x630\/aHR0cDovL21lZGlhMi5kZXNpZ25wYXJ0bmVyLmZyL2MvcC84NzQvODc0LTM2NC0xLndlYnA?v=1769423664"]},"images_customization":{"miniature":["https:\/\/media.th4.com\/OmAh8wGx-oC03PR1HlAs4hN135Cdxm6omvoYo2aY_pg\/pr:80\/aHR0cDovL21lZGlhMi5kZXNpZ25wYXJ0bmVyLmZyL2MvcC84NzQvODc0LTM2NC0xLndlYnA?v=1769423664"],"medium":["https:\/\/media.th4.com\/7G_7v66zyGgekJnbMSXofwba1LC98-LYWxOIfm630pc\/pr:550x550\/aHR0cDovL21lZGlhMi5kZXNpZ25wYXJ0bmVyLmZyL2MvcC84NzQvODc0LTM2NC0xLndlYnA?v=1769423664"],"medium_large":["https:\/\/media.th4.com\/1FwbB9loCRlAxqTOQK8Dxup3pEZnNEiqg3SNLVzTL28\/pr:1000x1000\/aHR0cDovL21lZGlhMi5kZXNpZ25wYXJ0bmVyLmZyL2MvcC84NzQvODc0LTM2NC0xLndlYnA?v=1769423664"],"large":["https:\/\/media.th4.com\/2vIn-mGlHhutyusEzfRocb_UFMlmv0CVNI9Z_9rAKa0\/pr:1920\/aHR0cDovL21lZGlhMi5kZXNpZ25wYXJ0bmVyLmZyL2MvcC84NzQvODc0LTM2NC0xLndlYnA?v=1769423664"],"opengraph":["https:\/\/media.th4.com\/oggt6Z3aPWmHCaiOoidor8eUIKpeboVnicVQswHWE94\/pr:1200x630\/aHR0cDovL21lZGlhMi5kZXNpZ25wYXJ0bmVyLmZyL2MvcC84NzQvODc0LTM2NC0xLndlYnA?v=1769423664"]},"country_origin":"CN","traceability":{"manufacturing_country_id":null,"weaving_country_id":null,"dyeing_country_id":null},"sizes":[{"id":5,"article_id":531400,"class_id":2,"name":"XS","on_standby":false,"stock_local":0,"stock_global":79,"multiple":1,"estimated_date_reassort":null,"is_destocking":false},{"id":3,"article_id":29346,"class_id":3,"name":"S","on_standby":false,"stock_local":0,"stock_global":241,"multiple":1,"estimated_date_reassort":null,"is_destocking":false},{"id":2,"article_id":29311,"class_id":4,"name":"M","on_standby":false,"stock_local":0,"stock_global":57,"multiple":1,"estimated_date_reassort":null,"is_destocking":false},{"id":1,"article_id":29270,"class_id":5,"name":"L","on_standby":false,"stock_local":0,"stock_global":62,"multiple":1,"estimated_date_reassort":null,"is_destocking":false},{"id":4,"article_id":29385,"class_id":6,"name":"XL","on_standby":false,"stock_local":0,"stock_global":48,"multiple":1,"estimated_date_reassort":null,"is_destocking":false},{"id":1116,"article_id":245211,"class_id":7,"name":"2XL","on_standby":false,"stock_local":0,"stock_global":34,"multiple":1,"estimated_date_reassort":null,"is_destocking":false}],"page_links":{"fr":"\/fr\/p-re-r128f-veste-soft-shell-femme-r128f-874\/black-364\/","en":"\/en\/p-re-r128f-soft-shell-jacket-woman-r128f-874\/black-364\/","de":"\/de\/p-re-r128f-frau-softshelljacke-r128f-874\/black-364\/","nl":"\/nl\/p-re-r128f-vrouwelijke-softshell-jas-r128f-874\/black-364\/","es":"\/es\/p-re-r128f-chaqueta-soft-shell-mujer-r128f-874\/black-364\/","it":"\/it\/p-re-r128f-giacca-soft-shell-donna-r128f-874\/black-364\/","sv":"\/sv\/p-re-r128f-softshelljacka-for-dam-r128f-874\/black-364\/","pt":"\/pt\/p-re-r128f-jaqueta-soft-shell-feminina-r128f-874\/black-364\/","da":"\/da\/p-re-r128f-kvindelos-soft-shell-jakke-r128f-874\/black-364\/","pl":"\/pl\/p-re-r128f-kurtka-soft-shell-dla-kobiet-r128f-874\/black-364\/"},"page_links_customization":{"fr":"\/fr\/p-re-r128f-veste-soft-shell-femme-personnalisation-r128f-874\/black-364\/custom\/","en":"\/en\/p-re-r128f-womens-soft-shell-jacket-customization-r128f-874\/black-364\/custom\/","de":"\/de\/p-re-r128f-frau-softshell-jacke-personalisierung-r128f-874\/black-364\/custom\/","nl":"\/nl\/p-re-r128f-vrouwelijke-softshell-jas-personalisatie-r128f-874\/black-364\/custom\/","es":"\/es\/p-re-r128f-chaqueta-soft-shell-mujer-personalizacion-r128f-874\/black-364\/custom\/","it":"\/it\/p-re-r128f-giacca-soft-shell-donna-personalizzazione-r128f-874\/black-364\/custom\/","sv":"\/sv\/p-re-r128f-kvinna-softshelljacka-personalisering-r128f-874\/black-364\/custom\/","pt":"\/pt\/p-re-r128f-jaqueta-soft-shell-feminina-personalizacao-r128f-874\/black-364\/custom\/","da":"\/da\/p-re-r128f-veste-soft-shell-kvinde-personliggorelse-r128f-874\/black-364\/custom\/","pl":"\/pl\/p-re-r128f-kurtka-soft-shell-dla-kobiet-personalizacja-r128f-874\/black-364\/custom\/"}},{"id":22474,"name":"navy","class_ids":[2],"codes_hexa":["19286b"],"delai_24":false,"has_3d":false,"seuil_global":0,"stock_local":0,"stock_global":287,"on_standby":false,"in_catalog":true,"images":{"miniature":["https:\/\/media.th4.com\/T1yQBq5sa52P4--y6RPIhDe75FT3vdsKjJ5ZLa2JQbw\/pr:80\/aHR0cDovL21lZGlhMi5kZXNpZ25wYXJ0bmVyLmZyL2MvcC84NzQvODc0LTIyNDc0LTEud2VicA?v=1769423666"],"medium":["https:\/\/media.th4.com\/tscnyzhg4ZU-Uuc8euKOzqggIBu9SxA2lc5OtSHQVwE\/pr:550x550\/aHR0cDovL21lZGlhMi5kZXNpZ25wYXJ0bmVyLmZyL2MvcC84NzQvODc0LTIyNDc0LTEud2VicA?v=1769423666"],"medium_large":["https:\/\/media.th4.com\/ua_8__8Nm_Q3FRMWNp_aZPymWgtowTcHZkBa359dBb4\/pr:1000x1000\/aHR0cDovL21lZGlhMi5kZXNpZ25wYXJ0bmVyLmZyL2MvcC84NzQvODc0LTIyNDc0LTEud2VicA?v=1769423666"],"large":["https:\/\/media.th4.com\/YKBlpbV6T_VgSiQ--2Q76ww1tehGel56WOl0VKoppJc\/pr:1920\/aHR0cDovL21lZGlhMi5kZXNpZ25wYXJ0bmVyLmZyL2MvcC84NzQvODc0LTIyNDc0LTEud2VicA?v=1769423666"],"opengraph":["https:\/\/media.th4.com\/hiewGAN-dx16MR1QgfwKJGsrXjMSxUMvUuCN3kxdClQ\/pr:1200x630\/aHR0cDovL21lZGlhMi5kZXNpZ25wYXJ0bmVyLmZyL2MvcC84NzQvODc0LTIyNDc0LTEud2VicA?v=1769423666"]},"images_customization":{"miniature":["https:\/\/media.th4.com\/T1yQBq5sa52P4--y6RPIhDe75FT3vdsKjJ5ZLa2JQbw\/pr:80\/aHR0cDovL21lZGlhMi5kZXNpZ25wYXJ0bmVyLmZyL2MvcC84NzQvODc0LTIyNDc0LTEud2VicA?v=1769423666"],"medium":["https:\/\/media.th4.com\/tscnyzhg4ZU-Uuc8euKOzqggIBu9SxA2lc5OtSHQVwE\/pr:550x550\/aHR0cDovL21lZGlhMi5kZXNpZ25wYXJ0bmVyLmZyL2MvcC84NzQvODc0LTIyNDc0LTEud2VicA?v=1769423666"],"medium_large":["https:\/\/media.th4.com\/ua_8__8Nm_Q3FRMWNp_aZPymWgtowTcHZkBa359dBb4\/pr:1000x1000\/aHR0cDovL21lZGlhMi5kZXNpZ25wYXJ0bmVyLmZyL2MvcC84NzQvODc0LTIyNDc0LTEud2VicA?v=1769423666"],"large":["https:\/\/media.th4.com\/YKBlpbV6T_VgSiQ--2Q76ww1tehGel56WOl0VKoppJc\/pr:1920\/aHR0cDovL21lZGlhMi5kZXNpZ25wYXJ0bmVyLmZyL2MvcC84NzQvODc0LTIyNDc0LTEud2VicA?v=1769423666"],"opengraph":["https:\/\/media.th4.com\/hiewGAN-dx16MR1QgfwKJGsrXjMSxUMvUuCN3kxdClQ\/pr:1200x630\/aHR0cDovL21lZGlhMi5kZXNpZ25wYXJ0bmVyLmZyL2MvcC84NzQvODc0LTIyNDc0LTEud2VicA?v=1769423666"]},"country_origin":"CN","traceability":{"manufacturing_country_id":null,"weaving_country_id":null,"dyeing_country_id":null},"sizes":[{"id":5,"article_id":531402,"class_id":2,"name":"XS","on_standby":false,"stock_local":0,"stock_global":39,"multiple":1,"estimated_date_reassort":null,"is_destocking":false},{"id":3,"article_id":48023,"class_id":3,"name":"S","on_standby":false,"stock_local":0,"stock_global":45,"multiple":1,"estimated_date_reassort":null,"is_destocking":false},{"id":2,"article_id":48024,"class_id":4,"name":"M","on_standby":false,"stock_local":0,"stock_global":73,"multiple":1,"estimated_date_reassort":null,"is_destocking":false},{"id":1,"article_id":48025,"class_id":5,"name":"L","on_standby":false,"stock_local":0,"stock_global":61,"multiple":1,"estimated_date_reassort":null,"is_destocking":false},{"id":4,"article_id":48026,"class_id":6,"name":"XL","on_standby":false,"stock_local":0,"stock_global":46,"multiple":1,"estimated_date_reassort":null,"is_destocking":false},{"id":1116,"article_id":245213,"class_id":7,"name":"2XL","on_standby":false,"stock_local":0,"stock_global":23,"multiple":1,"estimated_date_reassort":null,"is_destocking":false}],"page_links":{"fr":"\/fr\/p-re-r128f-veste-soft-shell-femme-r128f-874\/navy-22474\/","en":"\/en\/p-re-r128f-soft-shell-jacket-woman-r128f-874\/navy-22474\/","de":"\/de\/p-re-r128f-frau-softshelljacke-r128f-874\/navy-22474\/","nl":"\/nl\/p-re-r128f-vrouwelijke-softshell-jas-r128f-874\/navy-22474\/","es":"\/es\/p-re-r128f-chaqueta-soft-shell-mujer-r128f-874\/navy-22474\/","it":"\/it\/p-re-r128f-giacca-soft-shell-donna-r128f-874\/navy-22474\/","sv":"\/sv\/p-re-r128f-softshelljacka-for-dam-r128f-874\/navy-22474\/","pt":"\/pt\/p-re-r128f-jaqueta-soft-shell-feminina-r128f-874\/navy-22474\/","da":"\/da\/p-re-r128f-kvindelos-soft-shell-jakke-r128f-874\/navy-22474\/","pl":"\/pl\/p-re-r128f-kurtka-soft-shell-dla-kobiet-r128f-874\/navy-22474\/"},"page_links_customization":{"fr":"\/fr\/p-re-r128f-veste-soft-shell-femme-personnalisation-r128f-874\/navy-22474\/custom\/","en":"\/en\/p-re-r128f-womens-soft-shell-jacket-customization-r128f-874\/navy-22474\/custom\/","de":"\/de\/p-re-r128f-frau-softshell-jacke-personalisierung-r128f-874\/navy-22474\/custom\/","nl":"\/nl\/p-re-r128f-vrouwelijke-softshell-jas-personalisatie-r128f-874\/navy-22474\/custom\/","es":"\/es\/p-re-r128f-chaqueta-soft-shell-mujer-personalizacion-r128f-874\/navy-22474\/custom\/","it":"\/it\/p-re-r128f-giacca-soft-shell-donna-personalizzazione-r128f-874\/navy-22474\/custom\/","sv":"\/sv\/p-re-r128f-kvinna-softshelljacka-personalisering-r128f-874\/navy-22474\/custom\/","pt":"\/pt\/p-re-r128f-jaqueta-soft-shell-feminina-personalizacao-r128f-874\/navy-22474\/custom\/","da":"\/da\/p-re-r128f-veste-soft-shell-kvinde-personliggorelse-r128f-874\/navy-22474\/custom\/","pl":"\/pl\/p-re-r128f-kurtka-soft-shell-dla-kobiet-personalizacja-r128f-874\/navy-22474\/custom\/"}},{"id":2423,"name":"grey","class_ids":[3],"codes_hexa":["595e61"],"delai_24":false,"has_3d":false,"seuil_global":0,"stock_local":0,"stock_global":147,"on_standby":false,"in_catalog":true,"images":{"miniature":["https:\/\/media.th4.com\/J-ajzLelAwWRnBC5-tlVmw20QF8NMfV97yOXVVOXr-A\/pr:80\/aHR0cDovL21lZGlhMi5kZXNpZ25wYXJ0bmVyLmZyL2MvcC84NzQvODc0LTI0MjMtMS53ZWJw?v=1769423664","https:\/\/media.th4.com\/uAfNwTA8MBa_PUOtoOtt7gLEM5w144xMn93L_NKGIfc\/pr:80\/aHR0cDovL21lZGlhMi5kZXNpZ25wYXJ0bmVyLmZyL2MvcC84NzQvODc0LTI0MjMtMi53ZWJw?v=1769423665"],"medium":["https:\/\/media.th4.com\/dhio5RB0KTW1ZX5KLjNrthuNpsREULcWoETGXfMyC1s\/pr:550x550\/aHR0cDovL21lZGlhMi5kZXNpZ25wYXJ0bmVyLmZyL2MvcC84NzQvODc0LTI0MjMtMS53ZWJw?v=1769423664","https:\/\/media.th4.com\/f6aHxub-YgG4bhyJWQBt_UMav4i85ky-uTBjGERu6V8\/pr:550x550\/aHR0cDovL21lZGlhMi5kZXNpZ25wYXJ0bmVyLmZyL2MvcC84NzQvODc0LTI0MjMtMi53ZWJw?v=1769423665"],"medium_large":["https:\/\/media.th4.com\/WRbagbk2ANKvIQ1SQJBZ9py-BpvKXvJnvRr2Jzqj1ck\/pr:1000x1000\/aHR0cDovL21lZGlhMi5kZXNpZ25wYXJ0bmVyLmZyL2MvcC84NzQvODc0LTI0MjMtMS53ZWJw?v=1769423664","https:\/\/media.th4.com\/GnRVKUMBqNYN9nYH6Zhcp_FwAU8epuotijCfh3fx00A\/pr:1000x1000\/aHR0cDovL21lZGlhMi5kZXNpZ25wYXJ0bmVyLmZyL2MvcC84NzQvODc0LTI0MjMtMi53ZWJw?v=1769423665"],"large":["https:\/\/media.th4.com\/HeMDna2VW-1ytMv1WaNz_p3iGrLunLWyOxgH4YHJ8J8\/pr:1920\/aHR0cDovL21lZGlhMi5kZXNpZ25wYXJ0bmVyLmZyL2MvcC84NzQvODc0LTI0MjMtMS53ZWJw?v=1769423664","https:\/\/media.th4.com\/w6ozloYIHaCeBW4mT7WF8it8gY7EMBrTQz6m3KPb6oI\/pr:1920\/aHR0cDovL21lZGlhMi5kZXNpZ25wYXJ0bmVyLmZyL2MvcC84NzQvODc0LTI0MjMtMi53ZWJw?v=1769423665"],"opengraph":["https:\/\/media.th4.com\/GMuK88sMeyh7Ni1rr8fIiYHr7xFkDYAXEBoga5lvlig\/pr:1200x630\/aHR0cDovL21lZGlhMi5kZXNpZ25wYXJ0bmVyLmZyL2MvcC84NzQvODc0LTI0MjMtMS53ZWJw?v=1769423664","https:\/\/media.th4.com\/hk_3wGO8RxbhoZH9Kz_zhSxrchBOhSIBM7pQtjPb5Mw\/pr:1200x630\/aHR0cDovL21lZGlhMi5kZXNpZ25wYXJ0bmVyLmZyL2MvcC84NzQvODc0LTI0MjMtMi53ZWJw?v=1769423665"]},"images_customization":{"miniature":["https:\/\/media.th4.com\/J-ajzLelAwWRnBC5-tlVmw20QF8NMfV97yOXVVOXr-A\/pr:80\/aHR0cDovL21lZGlhMi5kZXNpZ25wYXJ0bmVyLmZyL2MvcC84NzQvODc0LTI0MjMtMS53ZWJw?v=1769423664","https:\/\/media.th4.com\/uAfNwTA8MBa_PUOtoOtt7gLEM5w144xMn93L_NKGIfc\/pr:80\/aHR0cDovL21lZGlhMi5kZXNpZ25wYXJ0bmVyLmZyL2MvcC84NzQvODc0LTI0MjMtMi53ZWJw?v=1769423665"],"medium":["https:\/\/media.th4.com\/dhio5RB0KTW1ZX5KLjNrthuNpsREULcWoETGXfMyC1s\/pr:550x550\/aHR0cDovL21lZGlhMi5kZXNpZ25wYXJ0bmVyLmZyL2MvcC84NzQvODc0LTI0MjMtMS53ZWJw?v=1769423664","https:\/\/media.th4.com\/f6aHxub-YgG4bhyJWQBt_UMav4i85ky-uTBjGERu6V8\/pr:550x550\/aHR0cDovL21lZGlhMi5kZXNpZ25wYXJ0bmVyLmZyL2MvcC84NzQvODc0LTI0MjMtMi53ZWJw?v=1769423665"],"medium_large":["https:\/\/media.th4.com\/WRbagbk2ANKvIQ1SQJBZ9py-BpvKXvJnvRr2Jzqj1ck\/pr:1000x1000\/aHR0cDovL21lZGlhMi5kZXNpZ25wYXJ0bmVyLmZyL2MvcC84NzQvODc0LTI0MjMtMS53ZWJw?v=1769423664","https:\/\/media.th4.com\/GnRVKUMBqNYN9nYH6Zhcp_FwAU8epuotijCfh3fx00A\/pr:1000x1000\/aHR0cDovL21lZGlhMi5kZXNpZ25wYXJ0bmVyLmZyL2MvcC84NzQvODc0LTI0MjMtMi53ZWJw?v=1769423665"],"large":["https:\/\/media.th4.com\/HeMDna2VW-1ytMv1WaNz_p3iGrLunLWyOxgH4YHJ8J8\/pr:1920\/aHR0cDovL21lZGlhMi5kZXNpZ25wYXJ0bmVyLmZyL2MvcC84NzQvODc0LTI0MjMtMS53ZWJw?v=1769423664","https:\/\/media.th4.com\/w6ozloYIHaCeBW4mT7WF8it8gY7EMBrTQz6m3KPb6oI\/pr:1920\/aHR0cDovL21lZGlhMi5kZXNpZ25wYXJ0bmVyLmZyL2MvcC84NzQvODc0LTI0MjMtMi53ZWJw?v=1769423665"],"opengraph":["https:\/\/media.th4.com\/GMuK88sMeyh7Ni1rr8fIiYHr7xFkDYAXEBoga5lvlig\/pr:1200x630\/aHR0cDovL21lZGlhMi5kZXNpZ25wYXJ0bmVyLmZyL2MvcC84NzQvODc0LTI0MjMtMS53ZWJw?v=1769423664","https:\/\/media.th4.com\/hk_3wGO8RxbhoZH9Kz_zhSxrchBOhSIBM7pQtjPb5Mw\/pr:1200x630\/aHR0cDovL21lZGlhMi5kZXNpZ25wYXJ0bmVyLmZyL2MvcC84NzQvODc0LTI0MjMtMi53ZWJw?v=1769423665"]},"country_origin":"CN","traceability":{"manufacturing_country_id":null,"weaving_country_id":null,"dyeing_country_id":null},"sizes":[{"id":5,"article_id":531401,"class_id":2,"name":"XS","on_standby":false,"stock_local":0,"stock_global":36,"multiple":1,"estimated_date_reassort":null,"is_destocking":false},{"id":3,"article_id":48018,"class_id":3,"name":"S","on_standby":false,"stock_local":0,"stock_global":15,"multiple":1,"estimated_date_reassort":null,"is_destocking":false},{"id":2,"article_id":48019,"class_id":4,"name":"M","on_standby":false,"stock_local":0,"stock_global":29,"multiple":1,"estimated_date_reassort":null,"is_destocking":false},{"id":1,"article_id":48020,"class_id":5,"name":"L","on_standby":false,"stock_local":0,"stock_global":26,"multiple":1,"estimated_date_reassort":null,"is_destocking":false},{"id":4,"article_id":48021,"class_id":6,"name":"XL","on_standby":false,"stock_local":0,"stock_global":19,"multiple":1,"estimated_date_reassort":null,"is_destocking":false},{"id":1116,"article_id":245212,"class_id":7,"name":"2XL","on_standby":false,"stock_local":0,"stock_global":22,"multiple":1,"estimated_date_reassort":null,"is_destocking":false}],"page_links":{"fr":"\/fr\/p-re-r128f-veste-soft-shell-femme-r128f-874\/grey-2423\/","en":"\/en\/p-re-r128f-soft-shell-jacket-woman-r128f-874\/grey-2423\/","de":"\/de\/p-re-r128f-frau-softshelljacke-r128f-874\/grey-2423\/","nl":"\/nl\/p-re-r128f-vrouwelijke-softshell-jas-r128f-874\/grey-2423\/","es":"\/es\/p-re-r128f-chaqueta-soft-shell-mujer-r128f-874\/grey-2423\/","it":"\/it\/p-re-r128f-giacca-soft-shell-donna-r128f-874\/grey-2423\/","sv":"\/sv\/p-re-r128f-softshelljacka-for-dam-r128f-874\/grey-2423\/","pt":"\/pt\/p-re-r128f-jaqueta-soft-shell-feminina-r128f-874\/grey-2423\/","da":"\/da\/p-re-r128f-kvindelos-soft-shell-jakke-r128f-874\/grey-2423\/","pl":"\/pl\/p-re-r128f-kurtka-soft-shell-dla-kobiet-r128f-874\/grey-2423\/"},"page_links_customization":{"fr":"\/fr\/p-re-r128f-veste-soft-shell-femme-personnalisation-r128f-874\/grey-2423\/custom\/","en":"\/en\/p-re-r128f-womens-soft-shell-jacket-customization-r128f-874\/grey-2423\/custom\/","de":"\/de\/p-re-r128f-frau-softshell-jacke-personalisierung-r128f-874\/grey-2423\/custom\/","nl":"\/nl\/p-re-r128f-vrouwelijke-softshell-jas-personalisatie-r128f-874\/grey-2423\/custom\/","es":"\/es\/p-re-r128f-chaqueta-soft-shell-mujer-personalizacion-r128f-874\/grey-2423\/custom\/","it":"\/it\/p-re-r128f-giacca-soft-shell-donna-personalizzazione-r128f-874\/grey-2423\/custom\/","sv":"\/sv\/p-re-r128f-kvinna-softshelljacka-personalisering-r128f-874\/grey-2423\/custom\/","pt":"\/pt\/p-re-r128f-jaqueta-soft-shell-feminina-personalizacao-r128f-874\/grey-2423\/custom\/","da":"\/da\/p-re-r128f-veste-soft-shell-kvinde-personliggorelse-r128f-874\/grey-2423\/custom\/","pl":"\/pl\/p-re-r128f-kurtka-soft-shell-dla-kobiet-personalizacja-r128f-874\/grey-2423\/custom\/"}},{"id":374,"name":"red","class_ids":[6],"codes_hexa":["dc0210"],"delai_24":false,"has_3d":false,"seuil_global":0,"stock_local":0,"stock_global":125,"on_standby":false,"in_catalog":true,"images":{"miniature":["https:\/\/media.th4.com\/8SE6JOwrQfZ82tmK_p2BBG1yD22zmecmPXcN-MrbFY4\/pr:80\/aHR0cDovL21lZGlhMi5kZXNpZ25wYXJ0bmVyLmZyL2MvcC84NzQvODc0LTM3NC0xLndlYnA?v=1769423667"],"medium":["https:\/\/media.th4.com\/CXs9kvJnicNJDONojJayZ-VecdXcDykSnVD610yXHxs\/pr:550x550\/aHR0cDovL21lZGlhMi5kZXNpZ25wYXJ0bmVyLmZyL2MvcC84NzQvODc0LTM3NC0xLndlYnA?v=1769423667"],"medium_large":["https:\/\/media.th4.com\/kUSxgsYaSjykeS3tuNUymtSWjMWaElZQcAiygbIvumw\/pr:1000x1000\/aHR0cDovL21lZGlhMi5kZXNpZ25wYXJ0bmVyLmZyL2MvcC84NzQvODc0LTM3NC0xLndlYnA?v=1769423667"],"large":["https:\/\/media.th4.com\/c83wxq10OfvvtHl0GdkoNAPvphG4GZZd7As2z4PNqTo\/pr:1920\/aHR0cDovL21lZGlhMi5kZXNpZ25wYXJ0bmVyLmZyL2MvcC84NzQvODc0LTM3NC0xLndlYnA?v=1769423667"],"opengraph":["https:\/\/media.th4.com\/shB2SK0dcPINZ6ENGi45FtsnhAOUuNIMMzP--jLZtJU\/pr:1200x630\/aHR0cDovL21lZGlhMi5kZXNpZ25wYXJ0bmVyLmZyL2MvcC84NzQvODc0LTM3NC0xLndlYnA?v=1769423667"]},"images_customization":{"miniature":["https:\/\/media.th4.com\/NRwwaAItQeEbHzSeHb6tHp9EtFTlIjzWicqG8Zb4VQ4\/pr:80\/aHR0cDovL21lZGlhMi5kZXNpZ25wYXJ0bmVyLmZyL2MvcC1zaG9wcGluZy1jdXN0b20tVEgvODc0Lzg3NC0zNzQtMS5qcGc?v=1737555130"],"medium":["https:\/\/media.th4.com\/kJd2vuaK1iA5OmNxPH8Y2VVB1YuZweTpBC1tkNXkVhI\/pr:550x550\/aHR0cDovL21lZGlhMi5kZXNpZ25wYXJ0bmVyLmZyL2MvcC1zaG9wcGluZy1jdXN0b20tVEgvODc0Lzg3NC0zNzQtMS5qcGc?v=1737555130"],"medium_large":["https:\/\/media.th4.com\/T-y59NYhuqDHGsd8XCYxLAFptOudYTGzSpIs6Ev_0-I\/pr:1000x1000\/aHR0cDovL21lZGlhMi5kZXNpZ25wYXJ0bmVyLmZyL2MvcC1zaG9wcGluZy1jdXN0b20tVEgvODc0Lzg3NC0zNzQtMS5qcGc?v=1737555130"],"large":["https:\/\/media.th4.com\/sye7WVJdFKfyu9r2tzHqkh3Q167YsqtnJ59qFHc_TqE\/pr:1920\/aHR0cDovL21lZGlhMi5kZXNpZ25wYXJ0bmVyLmZyL2MvcC1zaG9wcGluZy1jdXN0b20tVEgvODc0Lzg3NC0zNzQtMS5qcGc?v=1737555130"],"opengraph":["https:\/\/media.th4.com\/djS9EmP7J1VH0jfX6xMTw4nnX2Sovw9iGT45_c2-zBA\/pr:1200x630\/aHR0cDovL21lZGlhMi5kZXNpZ25wYXJ0bmVyLmZyL2MvcC1zaG9wcGluZy1jdXN0b20tVEgvODc0Lzg3NC0zNzQtMS5qcGc?v=1737555130"]},"country_origin":"CN","traceability":{"manufacturing_country_id":null,"weaving_country_id":null,"dyeing_country_id":null},"sizes":[{"id":5,"article_id":531403,"class_id":2,"name":"XS","on_standby":false,"stock_local":0,"stock_global":38,"multiple":1,"estimated_date_reassort":null,"is_destocking":false},{"id":3,"article_id":48028,"class_id":3,"name":"S","on_standby":false,"stock_local":0,"stock_global":14,"multiple":1,"estimated_date_reassort":null,"is_destocking":false},{"id":2,"article_id":48029,"class_id":4,"name":"M","on_standby":false,"stock_local":0,"stock_global":18,"multiple":1,"estimated_date_reassort":null,"is_destocking":false},{"id":1,"article_id":48030,"class_id":5,"name":"L","on_standby":false,"stock_local":0,"stock_global":2,"multiple":1,"estimated_date_reassort":null,"is_destocking":false},{"id":4,"article_id":48031,"class_id":6,"name":"XL","on_standby":false,"stock_local":0,"stock_global":30,"multiple":1,"estimated_date_reassort":null,"is_destocking":false},{"id":1116,"article_id":245214,"class_id":7,"name":"2XL","on_standby":false,"stock_local":0,"stock_global":23,"multiple":1,"estimated_date_reassort":null,"is_destocking":false}],"page_links":{"fr":"\/fr\/p-re-r128f-veste-soft-shell-femme-r128f-874\/red-374\/","en":"\/en\/p-re-r128f-soft-shell-jacket-woman-r128f-874\/red-374\/","de":"\/de\/p-re-r128f-frau-softshelljacke-r128f-874\/red-374\/","nl":"\/nl\/p-re-r128f-vrouwelijke-softshell-jas-r128f-874\/red-374\/","es":"\/es\/p-re-r128f-chaqueta-soft-shell-mujer-r128f-874\/red-374\/","it":"\/it\/p-re-r128f-giacca-soft-shell-donna-r128f-874\/red-374\/","sv":"\/sv\/p-re-r128f-softshelljacka-for-dam-r128f-874\/red-374\/","pt":"\/pt\/p-re-r128f-jaqueta-soft-shell-feminina-r128f-874\/red-374\/","da":"\/da\/p-re-r128f-kvindelos-soft-shell-jakke-r128f-874\/red-374\/","pl":"\/pl\/p-re-r128f-kurtka-soft-shell-dla-kobiet-r128f-874\/red-374\/"},"page_links_customization":{"fr":"\/fr\/p-re-r128f-veste-soft-shell-femme-personnalisation-r128f-874\/red-374\/custom\/","en":"\/en\/p-re-r128f-womens-soft-shell-jacket-customization-r128f-874\/red-374\/custom\/","de":"\/de\/p-re-r128f-frau-softshell-jacke-personalisierung-r128f-874\/red-374\/custom\/","nl":"\/nl\/p-re-r128f-vrouwelijke-softshell-jas-personalisatie-r128f-874\/red-374\/custom\/","es":"\/es\/p-re-r128f-chaqueta-soft-shell-mujer-personalizacion-r128f-874\/red-374\/custom\/","it":"\/it\/p-re-r128f-giacca-soft-shell-donna-personalizzazione-r128f-874\/red-374\/custom\/","sv":"\/sv\/p-re-r128f-kvinna-softshelljacka-personalisering-r128f-874\/red-374\/custom\/","pt":"\/pt\/p-re-r128f-jaqueta-soft-shell-feminina-personalizacao-r128f-874\/red-374\/custom\/","da":"\/da\/p-re-r128f-veste-soft-shell-kvinde-personliggorelse-r128f-874\/red-374\/custom\/","pl":"\/pl\/p-re-r128f-kurtka-soft-shell-dla-kobiet-personalizacja-r128f-874\/red-374\/custom\/"}}],"documentation_link":"\/pdf\/874.pdf","countries_availables":["AD","AE","AL","AT","BA","BD","BE","BG","BL","CA","CH","CN","CO","CY","CZ","DE","DK","DO","EE","EG","ES","ET","FI","FR","GB","GE","GF","GP","GR","GT","HK","HN","HR","HT","HU","ID","IE","IN","IS","IT","JO","JP","KE","KH","KP","KR","LA","LK","LS","LT","LU","LV","MA","MF","MG","MK","MM","MN","MQ","MT","MX","MY","NC","NI","NL","PF","PH","PK","PL","PM","PT","RE","RO","SE","SG","SI","SK","SV","SY","TH","TN","TR","TW","TZ","US","VN","WF","YT"]},"infos_customization":[],"features":{"authorize_multi_surfaces":true,"display_order_delay_type":true,"promote_surface_display":true,"tarification_franco_offert":true,"enabled_3d_editor":false},"markings":[{"id":0,"nom":"vierge","finition":null,"libelle":null,"code":null,"dpi":null,"finesse_forme_isolee":null,"finesse_forme_non_isolee":null,"hauteur_minimale_texte":null,"inactif":0,"marquage_interne":1,"quantite_min":null,"parent_id":null,"print_on_support":0,"content":"vierge","description":null},{"id":2,"nom":"fonce","finition":"optimale","libelle":"TopQuadri","code":null,"dpi":400,"finesse_forme_isolee":"0.040","finesse_forme_non_isolee":"0.700","hauteur_minimale_texte":2,"inactif":0,"marquage_interne":1,"quantite_min":null,"parent_id":18,"print_on_support":0,"content":"TopQuadri","description":"pour petites et moyennes s\u00e9ries"},{"id":3,"nom":"serigraphie","finition":"serigraphie","libelle":"SeriCoat","code":null,"dpi":400,"finesse_forme_isolee":"0.040","finesse_forme_non_isolee":"0.700","hauteur_minimale_texte":2,"inactif":0,"marquage_interne":1,"quantite_min":15,"parent_id":18,"print_on_support":0,"content":"SeriCoat","description":"pour moyennes et grandes s\u00e9ries"},{"id":4,"nom":"broderie","finition":"broderie","libelle":"Broderie","code":null,"dpi":400,"finesse_forme_isolee":"0.040","finesse_forme_non_isolee":"0.700","hauteur_minimale_texte":3,"inactif":0,"marquage_interne":1,"quantite_min":null,"parent_id":null,"print_on_support":0,"content":"Broderie","description":null},{"id":8,"nom":"theme","finition":null,"libelle":"Th\u00e8me","code":null,"dpi":null,"finesse_forme_isolee":null,"finesse_forme_non_isolee":null,"hauteur_minimale_texte":null,"inactif":0,"marquage_interne":1,"quantite_min":null,"parent_id":null,"print_on_support":0,"content":"Th\u00e8me","description":null},{"id":9,"nom":"sans","finition":null,"libelle":null,"code":null,"dpi":null,"finesse_forme_isolee":null,"finesse_forme_non_isolee":null,"hauteur_minimale_texte":null,"inactif":0,"marquage_interne":1,"quantite_min":null,"parent_id":null,"print_on_support":0,"content":"sans","description":null},{"id":10,"nom":"photo","finition":null,"libelle":"Photo","code":null,"dpi":null,"finesse_forme_isolee":null,"finesse_forme_non_isolee":null,"hauteur_minimale_texte":null,"inactif":0,"marquage_interne":1,"quantite_min":null,"parent_id":null,"print_on_support":0,"content":"Photo","description":null},{"id":14,"nom":"couleur","finition":null,"libelle":"Couleur","code":null,"dpi":null,"finesse_forme_isolee":null,"finesse_forme_non_isolee":null,"hauteur_minimale_texte":null,"inactif":0,"marquage_interne":1,"quantite_min":null,"parent_id":null,"print_on_support":0,"content":"Couleur","description":null},{"id":15,"nom":"sublimation","finition":"sublimation","libelle":"Sublimation","code":null,"dpi":null,"finesse_forme_isolee":"0.000","finesse_forme_non_isolee":"0.000","hauteur_minimale_texte":2,"inactif":0,"marquage_interne":1,"quantite_min":null,"parent_id":null,"print_on_support":0,"content":"Sublimation","description":null},{"id":16,"nom":"topquadri_uv","finition":null,"libelle":"TopQuadri UV","code":null,"dpi":null,"finesse_forme_isolee":"0.020","finesse_forme_non_isolee":"0.700","hauteur_minimale_texte":2,"inactif":0,"marquage_interne":1,"quantite_min":null,"parent_id":null,"print_on_support":1,"content":null,"description":null},{"id":17,"nom":"topquadri_uvp","finition":null,"libelle":"TopQuadri UVP","code":null,"dpi":null,"finesse_forme_isolee":"0.020","finesse_forme_non_isolee":"0.700","hauteur_minimale_texte":2,"inactif":0,"marquage_interne":1,"quantite_min":null,"parent_id":null,"print_on_support":1,"content":null,"description":null},{"id":18,"nom":"quadri","finition":null,"libelle":"Impression","code":null,"dpi":null,"finesse_forme_isolee":null,"finesse_forme_non_isolee":null,"hauteur_minimale_texte":null,"inactif":0,"marquage_interne":1,"quantite_min":null,"parent_id":null,"print_on_support":0,"content":null,"description":null}]}}