{"data":{"product":{"id":8641,"titre":"Doudoune l\u00e9g\u00e8re sans manches enfant","description":"Doudoune l\u00e9g\u00e8re sans manches enfant, 100% polyamide. garniture int\u00e9rieure polyester. chaude et ultral\u00e9g\u00e8re. compressible dans son sac de rangement. 2 poches zipp\u00e9es devant. int\u00e9rieur contrast\u00e9 (sauf pour coloris navy).","genre":"enfant","grammage":220,"conditionnement":5,"composition":"polyester,polyester_uniquement","reference":"ka-k6115","reference_visible":"ka-k6115","reference_fabricant":"K6115","ref_xor":"751492","in_catalog":true,"is_transfer":false,"is_service":false,"on_standby":false,"has_3d":false,"has_size_guide":true,"has_marking":true,"has_vierge":true,"is_cross_sellable":false,"id_picto":86,"filename_3d":null,"brand":{"id":25,"name":"Kariban","logo":"logo-kariban.png","image":"https:\/\/media.th4.com\/0rw9lHnnPIY5Gn0FZVsrv47tC3tEhLUIsdVYj4xy6L4\/pr:brand70x70\/aHR0cDovL21lZGlhMi5kZXNpZ25wYXJ0bmVyLmZyL2MvbS9sb2dvLWthcmliYW4ucG5n?v=1736960982"},"price_infos":{"price_from":20.85,"quantity":480,"color":{"id":1383,"name":"light_royal_blue"},"size":{"id":1397,"name":"8\/10ans"}},"price_infos_marking":{"price_from":28.06,"quantity":200,"color":{"id":1383,"name":"light_royal_blue"},"size":{"id":1397,"name":"8\/10ans"},"marking":{"id":4,"name":""},"emplacement":"avant","surface_emplacement_id":1,"surface":"coeur"},"i18n":{"blank":{"title":{"fr":"Doudoune l\u00e9g\u00e8re sans manches enfant KARIBAN k6115","en":"Lightweight sleeveless child KARIBAN k6115 jacket","de":"Leichte Kinder Daunenweste ohne \u00c4rmel KARIBAN k6115","nl":"Lichte jas zonder mouwen voor kinderen KARIBAN k6115","es":"Chaqueta ligera sin mangas para ni\u00f1o KARIBAN k6115","it":"Giacca imbottita leggera senza maniche per bambini KARIBAN k6115","sv":"L\u00e4tt barnjacka utan \u00e4rmar KARIBAN k6115","pt":"Jaqueta fina sem mangas para crian\u00e7a KARIBAN k6115","da":"Let vestel\u00f8s b\u00f8rneparka KARIBAN k6115","pl":"Lekka kurtka bez r\u0119kaw\u00f3w dla dziecka KARIBAN k6115"},"description":{"fr":"Cette doudoune sans manches pour enfant est con\u00e7ue en polyamide pour un confort optimal. Sa garniture int\u00e9rieure en polyester assure une bonne isolation thermique tout en restant l\u00e9g\u00e8re et compressible, facilitant ainsi son rangement et son transport. Elle est \u00e9quip\u00e9e de deux poches zipp\u00e9es pratiques pour ranger de petits objets. La conception sans manches offre une grande libert\u00e9 de mouvement, id\u00e9ale pour les activit\u00e9s en ext\u00e9rieur. Ce mod\u00e8le pr\u00e9sente un int\u00e9rieur contrast\u00e9, \u00e0 l'exception du coloris marine.\n\n- Mati\u00e8re ext\u00e9rieure : 100% polyamide\n- Garnissage : polyester\n- Nombre de poches : 2","en":"This sleeveless child jacket is made of polyamide for optimal comfort. Its polyester inner lining provides good thermal insulation while remaining lightweight and compressible, making it easy to store and transport. It is equipped with two practical zip pockets for storing small items. The sleeveless design offers great freedom of movement, ideal for outdoor activities. This model features a contrasting interior, except for the navy color.\n\n- Outer material: 100% polyamide\n- Filling: polyester\n- Number of pockets: 2","de":"Diese Kinder Daunenweste ohne \u00c4rmel ist aus Polyamid f\u00fcr optimalen Komfort gefertigt. Die Innenf\u00fcllung aus Polyester sorgt f\u00fcr eine gute W\u00e4rmed\u00e4mmung, bleibt dabei leicht und komprimierbar, was das Verpacken und Transportieren erleichtert. Sie verf\u00fcgt \u00fcber zwei praktische Rei\u00dfverschlusstaschen zum Verstauen kleiner Gegenst\u00e4nde. Der \u00e4rmellose Schnitt bietet eine gro\u00dfe Bewegungsfreiheit, ideal f\u00fcr Outdoor-Aktivit\u00e4ten. Dieses Modell hat ein kontrastreiches Innenfutter, mit Ausnahme der marineblauen Farbe.\n\n- Au\u00dfenmaterial: 100% Polyamid\n- F\u00fcllung: Polyester\n- Anzahl der Taschen: 2","nl":"Deze jas zonder mouwen voor kinderen is gemaakt van polyamide voor een optimale comfort. De binnenbekleding van polyester biedt een goede thermische isolatie terwijl het licht en samendrukbaar blijft, waardoor het gemakkelijk op te bergen en mee te nemen is. Het is uitgerust met twee handige ritssluitende zakken om kleine voorwerpen in op te bergen. Het ontwerp zonder mouwen biedt grote beweeglijkheid, ideaal voor buitenactiviteiten. Dit model heeft een contrastrijke binnenkant, met uitzondering van de marine kleur.\n\n- Buitenmateriaal: 100% polyamide\n- Vulmateriaal: polyester\n- Aantal zakken: 2","es":"Esta chaqueta sin mangas para ni\u00f1o est\u00e1 hecha de poliamida para un confort \u00f3ptimo. Su relleno interior de poli\u00e9ster asegura un buen aislamiento t\u00e9rmico mientras sigue siendo ligera y comprimible, facilitando as\u00ed su almacenamiento y transporte. Est\u00e1 equipada con dos bolsillos pr\u00e1cticos con cremallera para guardar peque\u00f1os objetos. La concepci\u00f3n sin mangas ofrece una gran libertad de movimiento, ideal para actividades al aire libre. Este modelo presenta un interior contrastado, a excepci\u00f3n del color azul marino. Materia exterior: 100% poliamida. Relleno: poli\u00e9ster. N\u00famero de bolsillos: 2","it":"Questa giacca imbottita senza maniche per bambini \u00e8 realizzata in poliammide per un comfort ottimale. La sua imbottitura interna in poliestere assicura un buon isolamento termico rimanendo leggera e compressibile, facilitando cos\u00ec il suo ripiegamento e trasporto. \u00c8 dotata di due pratiche tasche con cerniera per riporre piccoli oggetti. La concezione senza maniche offre una grande libert\u00e0 di movimento, ideale per le attivit\u00e0 all'aperto. Questo modello presenta un interno contrastante, eccetto per il colore blu marino.\n\n- Materia esterna: 100% poliammide\n- Imbottitura: poliestere\n- Numero di tasche: 2","sv":"Denna barnjacka utan \u00e4rmar \u00e4r tillverkad av polyamid f\u00f6r optimal komfort. Den inre fyllningen av polyester s\u00e4kerst\u00e4ller god v\u00e4rmeisolering samtidigt som den \u00e4r l\u00e4tt och komprimerbar, vilket underl\u00e4ttar f\u00f6rvaring och transport. Den \u00e4r utrustad med tv\u00e5 praktiska fickor med bl\u00e5s f\u00f6r att f\u00f6rvara sm\u00e5 f\u00f6rem\u00e5l. Utformningen utan \u00e4rmar ger stor r\u00f6rlighet, idealisk f\u00f6r utomhusaktiviteter. Detta modell har en kontrasterande insida, med undantag f\u00f6r marinf\u00e4rgen.\n\n- Ytmaterial: 100% polyamid\n- Fyllning: polyester\n- Antal fickor: 2","pt":"Esta jaqueta sem mangas para crian\u00e7a \u00e9 feita de poliamida para um conforto \u00f3timo. Seu forro interno de poli\u00e9ster garante um bom isolamento t\u00e9rmico, mantendo-se leve e compress\u00edvel, facilitando assim seu armazenamento e transporte. Ela possui dois bolsos com z\u00edper pr\u00e1ticos para guardar pequenos objetos. A concep\u00e7\u00e3o sem mangas oferece grande liberdade de movimento, ideal para atividades ao ar livre. Este modelo apresenta um interior contrastante, exceto na cor azul-marinho.\n\n- Material exterior: 100% poliamida\n- Recheio: poli\u00e9ster\n- N\u00famero de bolsos: 2","da":"Denne vestel\u00f8se b\u00f8rneparka er fremstillet af polyamid til optimal komfort. Den indvendige fyld er lavet af polyester, hvilket sikrer god varmeisolering, mens den forbliver let og sammenfoldelig, hvilket g\u00f8r opbevaring og transport nemmere. Den er udstyret med to praktiske l\u00e5seposer til sm\u00e5ting. Den vestel\u00f8se konstruktion tilbyder stor bev\u00e6gelsesfrihed, ideel til udend\u00f8rsaktiviteter. Modellen har en kontrastfarvet indvendig side, undtagen i marinebl\u00e5.\n\n- Ydermateriale: 100% polyamid\n- Fyld: polyester\n- Antal poser: 2","pl":"Ta kurtka bez r\u0119kaw\u00f3w dla dziecka jest wykonana z poliamidu, zapewniaj\u0105c optymalny komfort. Wype\u0142nienie z poliestru zapewnia dobr\u0105 izolacj\u0119 termiczn\u0105, jednocze\u015bnie pozostaj\u0105c lekkie i kompaktowe, co u\u0142atwia przechowywanie i transport. Jest wyposa\u017cona w dwie praktyczne kieszenie z zamkiem b\u0142yskawicznym, w kt\u00f3rych mo\u017cna schowa\u0107 ma\u0142e rzeczy. Projekt bez r\u0119kaw\u00f3w zapewnia du\u017c\u0105 swobod\u0119 ruchu, idealny dla aktywno\u015bci na \u015bwie\u017cym powietrzu. Ten model ma kontrastowy wn\u0119trze, z wyj\u0105tkiem koloru marynarskiego.\n\n- Materia\u0142 zewn\u0119trzny: 100% poliamid\n- Wype\u0142nienie: poliestr\n- Liczba kieszeni: 2"},"h1":{"fr":"Doudoune l\u00e9g\u00e8re sans manches enfant k6115","en":"Lightweight sleeveless child k6115 jacket","de":"Leichte Kinder Daunenweste ohne \u00c4rmel k6115","nl":"Lichte jas zonder mouwen voor kinderen k6115","es":"Chaqueta ligera sin mangas para ni\u00f1o k6115","it":"Giacca imbottita leggera senza maniche per bambini k6115","sv":"L\u00e4tt barnjacka utan \u00e4rmar k6115","pt":"Jaqueta fina sem mangas para crian\u00e7a k6115","da":"Let vestel\u00f8s b\u00f8rneparka k6115","pl":"Lekka kurtka bez r\u0119kaw\u00f3w dla dziecka k6115"},"meta_description":{"fr":"Doudoune sans manches enfant l\u00e9g\u00e8re et compressible. Id\u00e9ale pour les activit\u00e9s en ext\u00e9rieur. 2 poches zipp\u00e9es. Disponible en plusieurs coloris.","en":"Lightweight and compressible sleeveless child jacket. Ideal for outdoor activities. 2 zip pockets. Available in several colors.","de":"Leichte und komprimierbare Kinder Daunenweste ohne \u00c4rmel. Ideal f\u00fcr Outdoor-Aktivit\u00e4ten. 2 Rei\u00dfverschlusstaschen. In verschiedenen Farben erh\u00e4ltlich.","nl":"Lichte en samendrukbare jas zonder mouwen voor kinderen. Ideaal voor buitenactiviteiten. 2 ritssluitende zakken. Beschikbaar in verschillende kleuren.","es":"Chaqueta sin mangas para ni\u00f1o ligera y comprimible. Ideal para actividades al aire libre. 2 bolsillos con cremallera. Disponible en varios colores.","it":"Giacca imbottita senza maniche per bambini leggera e compressibile. Ideale per le attivit\u00e0 all'aperto. 2 tasche con cerniera. Disponibile in diversi colori.","sv":"L\u00e4tt och komprimerbar barnjacka utan \u00e4rmar. Idealisk f\u00f6r utomhusaktiviteter. 2 fickor med bl\u00e5s. Tillg\u00e4nglig i flera f\u00e4rger.","pt":"Jaqueta sem mangas para crian\u00e7a leve e compress\u00edvel. Ideal para atividades ao ar livre. 2 bolsos com z\u00edper. Dispon\u00edvel em v\u00e1rias cores.","da":"Let og sammenfoldelig vestel\u00f8s b\u00f8rneparka. Ideel til udend\u00f8rsaktiviteter. 2 l\u00e5seposer. Tilg\u00e6ngelig i flere farver.","pl":"Lekka i kompaktowa kurtka bez r\u0119kaw\u00f3w dla dziecka. Idealna na aktywno\u015bci na \u015bwie\u017cym powietrzu. 2 zamykane na zamek b\u0142yskawiczny kieszenie. Dost\u0119pna w kilku kolorach."}},"custom":{"title":{"fr":"Doudoune l\u00e9g\u00e8re sans manches enfant KARIBAN k6115 personnalisable","en":"Lightweight sleeveless children's KARIBAN k6115 customizable jacket","de":"Leichte kinderjacke ohne \u00e4rmel kariban k6115 personalisierbar","nl":"Lichte jas zonder mouwen voor kinderen KARIBAN k6115 aanpasbaar","es":"Chaqueta ligera sin mangas para ni\u00f1os KARIBAN k6115 personalizable","it":"Giacca leggera senza maniche per bambini KARIBAN k6115 personalizzabile","sv":"L\u00e4tt barnjacka utan \u00e4rmar KARIBAN k6115","pt":"Moletom leve sem mangas crian\u00e7a KARIBAN k6115 personaliz\u00e1vel","da":"Let ganske let jakke uden \u00e6rmer til b\u00f8rn KARIBAN k6115 personaliserbar","pl":"Lekka kurtka bez r\u0119kaw\u00f3w dla dziecka KARIBAN k6115 personalizowalna"},"description":{"fr":"Cette doudoune sans manches pour enfant est con\u00e7ue en polyamide, offrant une l\u00e9g\u00e8ret\u00e9 et une chaleur optimales. Sa garniture int\u00e9rieure en polyester assure une isolation efficace. Compacte et compressible, elle peut \u00eatre rang\u00e9e dans son sac de rangement, la rendant facile \u00e0 transporter. Elle dispose de deux poches zipp\u00e9es pratiques pour ranger de petits objets. L'int\u00e9rieur contrast\u00e9 apporte une touche de style, \u00e0 l'exception du coloris marine. Cet article est personnalisable, permettant l'ajout de votre logo ou de vos visuels pour une communication efficace. \n\n- Composition : 100% polyamide\n- Garniture : Polyester\n- Poches : 2 poches zipp\u00e9es\n- Caract\u00e9ristiques : L\u00e9g\u00e8re, compressible, int\u00e9rieur contrast\u00e9 (sauf marine)\n- Possibilit\u00e9 de personnalisation : Logo, visuel","en":"This sleeveless children's jacket is made of polyamide, offering optimal lightness and warmth. Its polyester inner lining ensures effective insulation. Compact and compressible, it can be stored in its storage bag, making it easy to carry. It features two practical zippered pockets for storing small items. The contrasting interior adds a touch of style, except for the navy color. This item is customizable, allowing you to add your logo or visuals for effective communication. Composition: 100% polyamide Inner lining: Polyester Pockets: 2 zippered pockets Features: Lightweight, compressible, contrasting interior (except navy) Customization options: Logo, visual","de":"Diese kinderjacke ohne \u00e4rmel ist aus polyamid gefertigt, was leichtigkeit und optimale w\u00e4rme bietet. Die polyester-f\u00fcllung sorgt f\u00fcr eine effektive isolierung. Kompakt und komprimierbar, kann sie in ihrem verstaubeutel verstaut werden, was den transport erleichtert. Sie verf\u00fcgt \u00fcber zwei praktische rei\u00dfverschluss-taschen zum verstauen kleiner gegenst\u00e4nde. Das kontrastierende innere verleiht einen stilvollen touch, ausgenommen in der farbvariante marine. Dieser artikel ist personalisierbar, sodass ihr logo oder ihre visuelle elemente hinzugef\u00fcgt werden k\u00f6nnen, um eine effektive kommunikation zu gew\u00e4hrleisten.","nl":"Deze jas zonder mouwen voor kinderen is gemaakt van polyamide, wat lichtheid en optimale warmte biedt. Het binnenste vulling van polyester zorgt voor een effectieve isolatie. Compact en samendrukbaar, het kan in zijn opbergzakje worden opgeborgen, wat het makkelijk te vervoeren maakt. Het heeft twee praktische zakjes met ritssluiting om kleine voorwerpen op te bergen. Het contrastrijke binnenste voegt een stijltje toe, behalve de marinekleur. Dit artikel is aanpasbaar, waardoor u uw logo of uw visuele elementen kunt toevoegen voor een effectieve communicatie.\n\n- Samenstelling : 100% polyamide\n- Vulling : Polyester\n- Zakken : 2 zakken met ritssluiting\n- Kenmerken : Licht, samendrukbaar, contrastrijk binnenste (behalve marine)\n- Mogelijkheid om aan te passen : Logo, visueel","es":"Esta chaqueta sin mangas para ni\u00f1os est\u00e1 dise\u00f1ada en poliamida, ofreciendo ligereza y calor \u00f3ptimos. Su relleno interior de poli\u00e9ster asegura un aislamiento eficaz. Compacta y comprimible, puede guardarse en su bolsa de almacenamiento, lo que la hace f\u00e1cil de transportar. Dispone de dos bolsillos pr\u00e1cticos con cremallera para guardar peque\u00f1os objetos. El interior contrastante a\u00f1ade un toque de estilo, a excepci\u00f3n del color azul marino. Este art\u00edculo es personalizable, permitiendo a\u00f1adir su logo o sus visuales para una comunicaci\u00f3n eficaz.\n\n- Composici\u00f3n: 100% poliamida\n- Relleno: Poli\u00e9ster\n- Bolsillos: 2 bolsillos con cremallera\n- Caracter\u00edsticas: Ligera, comprimible, interior contrastante (excepto azul marino)\n- Posibilidad de personalizaci\u00f3n: Logo, visual","it":"Questa giacca senza maniche per bambini \u00e8 realizzata in poliammide, offrendo leggerezza e calore ottimali. La sua imbottitura interna in poliestere assicura un'efficace isolamento. Compatta e compressibile, pu\u00f2 essere riposta nella sua borsa da trasporto, rendendola facile da trasportare. Dispone di due pratiche tasche con cerniera per riporre piccoli oggetti. L'interno contrastante aggiunge un tocco di stile, ad eccezione del colore blu marina. Questo articolo \u00e8 personalizzabile, permettendo l'aggiunta del vostro logo o dei vostri visivi per una comunicazione efficace.\n\n- Composizione : 100% poliammide\n- Imbottitura : Poliestere\n- Tasche : 2 tasche con cerniera\n- Caratteristiche : Leggera, compressibile, interno contrastante (tranne blu marina)\n- Possibilit\u00e0 di personalizzazione : Logo, visivo","sv":"Denna barnjacka utan \u00e4rmar \u00e4r tillverkad i polyamid, vilket ger l\u00e4tthet och optimal v\u00e4rme. Den inre fyllningen av polyester s\u00e4kerst\u00e4ller effektiv isolering. Kompakt och komprimerbar, den kan f\u00f6rvaras i sin f\u00f6rvaringsp\u00e5se, vilket g\u00f6r den l\u00e4tt att transportera. Den har tv\u00e5 praktiska zipfickor f\u00f6r sm\u00e5 f\u00f6rem\u00e5l. Den kontrasterande insidan l\u00e4gger till en stilfull touch, f\u00f6rutom i marinenf\u00e4rgen. Artikeln \u00e4r personifierbar, vilket m\u00f6jligg\u00f6r till\u00e4gg av ditt logo eller dina visuella element f\u00f6r effektiv kommunikation.","pt":"Este moletom sem mangas para crian\u00e7a \u00e9 feito de poliamida, oferecendo leveza e calor \u00f3timos. Seu enchimento interno de poli\u00e9ster garante um isolamento eficaz. Compacto e compress\u00edvel, pode ser guardado em sua sacola de armazenamento, tornando-o f\u00e1cil de transportar. Possui duas bolsos z\u00edper pr\u00e1ticos para guardar pequenos objetos. O interior contrastante acrescenta um toque de estilo, exceto na cor azul marinho. Este artigo \u00e9 personaliz\u00e1vel, permitindo a adi\u00e7\u00e3o do seu logotipo ou dos seus visuais para uma comunica\u00e7\u00e3o eficaz. \n\n- Composi\u00e7\u00e3o: 100% poliamida\n- Enchimento: Poli\u00e9ster\n- Bolsos: 2 bolsos z\u00edper\n- Caracter\u00edsticas: Leve, compress\u00edvel, interior contrastante (exceto azul marinho)\n- Possibilidade de personaliza\u00e7\u00e3o: Logotipo, visual","da":"Denne jakke uden \u00e6rmer til b\u00f8rn er fremstillet af polyamid, hvilket giver en optimal lethed og varme. Den indvendige fyldning af polyester sikrer en effektiv isolering. Kompakt og komprimerbar kan den pakkes ind i sin opbevaringspose, hvilket g\u00f8r den nem at transportere. Den har to praktiske lomme med zipper til at opbevare sm\u00e5 ting. Den indvendige kontrastfarve tilf\u00f8jer en stilfuld note, undtaget farven marine. Denne artikel er personaliserbar, hvilket g\u00f8r det muligt at tilf\u00f8je dit logo eller dine visuelle elementer til en effektiv kommunikation. \n\n- Sammens\u00e6tning: 100% polyamid\n- Fyldning: Polyester\n- Lommer: 2 lommer med zipper\n- Karakteristika: Let, komprimerbar, indvendig kontrast (undtaget marine)\n- Mulighed for personalisering: Logo, visuel","pl":"Ta kurtka bez r\u0119kaw\u00f3w dla dziecka jest wykonana z poliamidu, co zapewnia leko\u015b\u0107 i optymalne ciep\u0142o. Wype\u0142nienie z poliestru zapewnia skuteczn\u0105 izolacj\u0119. Kompaktowa i kompresowalna, mo\u017cna j\u0105 schowa\u0107 w torbie do przechowywania, co u\u0142atwia transport. Dwa praktyczne zapi\u0119cia b\u0142yskawicowe do przechowywania ma\u0142ych przedmiot\u00f3w. Kontrastowy wn\u0119trze dodaje stylu, z wyj\u0105tkiem koloru marynarskiego. Ten artyku\u0142 jest personalizowalny, co pozwala doda\u0107 sw\u00f3j logo lub wizualy dla skutecznej komunikacji.\n\n- Sk\u0142ad: 100% poliamid\n- Wype\u0142nienie: Poliestr\n- Kieszenie: 2 zapi\u0119cia b\u0142yskawicowe\n- Cechy: Lekka, kompresowalna, kontrastowe wn\u0119trze (opr\u00f3cz marynarskiego)\n- Mo\u017cliwo\u015b\u0107 personalizacji: Logo, wizual"},"h1":{"fr":"Doudoune l\u00e9g\u00e8re sans manches enfant k6115 personnalisation","en":"Lightweight sleeveless children's k6115 customization jacket","de":"Leichte kinderjacke ohne \u00e4rmel k6115 personalisierung","nl":"Lichte jas zonder mouwen voor kinderen k6115 aanpassing","es":"Chaqueta ligera sin mangas para ni\u00f1os k6115 personalizaci\u00f3n","it":"Giacca leggera senza maniche per bambini k6115 personalizzazione","sv":"L\u00e4tt barnjacka utan \u00e4rmar k6115","pt":"Moletom leve sem mangas crian\u00e7a k6115 personaliza\u00e7\u00e3o","da":"Let ganske let jakke uden \u00e6rmer til b\u00f8rn k6115 personalisering","pl":"Lekka kurtka bez r\u0119kaw\u00f3w dla dziecka k6115 personalizacja"},"meta_description":{"fr":"Doudoune sans manches enfant l\u00e9g\u00e8re et compressible. Id\u00e9ale pour les activit\u00e9s en ext\u00e9rieur. Possibilit\u00e9 de personnalisation avec votre logo.","en":"Lightweight and compressible sleeveless children's jacket. Ideal for outdoor activities. Possibility of customization with your logo.","de":"Leichte und komprimierbare kinderjacke ohne \u00e4rmel. Ideal f\u00fcr outdoor-aktivit\u00e4ten. M\u00f6glichkeit zur personalisierung mit ihrem logo.","nl":"Lichte en samendrukbare jas zonder mouwen voor kinderen. Ideaal voor buitenactiviteiten. Mogelijkheid om aan te passen met uw logo.","es":"Chaqueta sin mangas para ni\u00f1os ligera y comprimible. Ideal para actividades al aire libre. Posibilidad de personalizaci\u00f3n con su logo.","it":"Giacca senza maniche per bambini leggera e compressibile. Ideale per le attivit\u00e0 all'aperto. Possibilit\u00e0 di personalizzazione con il vostro logo.","sv":"L\u00e4tt och komprimerbar barnjacka utan \u00e4rmar. Idealisk f\u00f6r utomhusaktiviteter. M\u00f6jlighet till personifiering med ditt logo.","pt":"Moletom sem mangas para crian\u00e7a leve e compress\u00edvel. Ideal para atividades ao ar livre. Possibilidade de personaliza\u00e7\u00e3o com o seu logotipo.","da":"Let ganske let jakke uden \u00e6rmer til b\u00f8rn komprimerbar. Ideel til udend\u00f8rs aktiviteter. Mulighed for personalisering med dit logo.","pl":"Lekka i kompresowalna kurtka bez r\u0119kaw\u00f3w dla dziecka. Idealna na aktywno\u015bci na \u015bwie\u017cym powietrzu. Mo\u017cliwo\u015b\u0107 personalizacji za pomoc\u0105 loga."}}},"categories":[{"id":302,"name":"Doudounes","singular":"Doudoune","is_feminin":false},{"id":13,"name":"Vestes et manteaux","singular":"Veste et manteau","is_feminin":true},{"id":354,"name":"Textile","singular":"Textile","is_feminin":false}],"certifications":[{"id":1,"label":"OEKO-TEX 100","logo_link":"\/images\/certifications\/1_OEKO-TEX_100.jpg","is_marking_compatible":false}],"videos":{"fr":[],"en":[],"de":[],"nl":[],"es":[],"it":[],"sv":[],"pt":[],"da":[],"pl":[]},"main_images":{"miniature":"https:\/\/media.th4.com\/XCN7_5EYj2OmaITCRchVyOE09vNUFNNIK76A_TiCvSo\/pr:80\/aHR0cDovL21lZGlhMi5kZXNpZ25wYXJ0bmVyLmZyL2MvcC1NVC84NjQxLmpwZw?v=1670844165","medium":"https:\/\/media.th4.com\/DzHZ7M2Z6bbe5lZWM6qt4RKj52Gj3MxD_e1D0YnCyBM\/pr:550x550greybg\/aHR0cDovL21lZGlhMi5kZXNpZ25wYXJ0bmVyLmZyL2MvcC1NVC84NjQxLmpwZw?v=1670844165","medium_large":"https:\/\/media.th4.com\/gAeC1K96YC1OXZqAnD1cGWwW8989LWPgup2mqoMrVd8\/pr:1000x1000greybg\/aHR0cDovL21lZGlhMi5kZXNpZ25wYXJ0bmVyLmZyL2MvcC1NVC84NjQxLmpwZw?v=1670844165","large":"https:\/\/media.th4.com\/3ZQ7aGeU8_pF70Gn8ceRKiCeZRly5o7Z5ArebpstnhQ\/pr:1920greybg\/aHR0cDovL21lZGlhMi5kZXNpZ25wYXJ0bmVyLmZyL2MvcC1NVC84NjQxLmpwZw?v=1670844165","opengraph":"https:\/\/media.th4.com\/FH3OrGCAwVH9ni1k3m1KchSlr_q-3NbgRdAa6Wl6CQk\/pr:1200x630greybg\/aHR0cDovL21lZGlhMi5kZXNpZ25wYXJ0bmVyLmZyL2MvcC1NVC84NjQxLmpwZw?v=1670844165"},"main_images_customization":{"miniature":"https:\/\/media.th4.com\/XCN7_5EYj2OmaITCRchVyOE09vNUFNNIK76A_TiCvSo\/pr:80\/aHR0cDovL21lZGlhMi5kZXNpZ25wYXJ0bmVyLmZyL2MvcC1NVC84NjQxLmpwZw?v=1670844165","medium":"https:\/\/media.th4.com\/DzHZ7M2Z6bbe5lZWM6qt4RKj52Gj3MxD_e1D0YnCyBM\/pr:550x550greybg\/aHR0cDovL21lZGlhMi5kZXNpZ25wYXJ0bmVyLmZyL2MvcC1NVC84NjQxLmpwZw?v=1670844165","medium_large":"https:\/\/media.th4.com\/gAeC1K96YC1OXZqAnD1cGWwW8989LWPgup2mqoMrVd8\/pr:1000x1000greybg\/aHR0cDovL21lZGlhMi5kZXNpZ25wYXJ0bmVyLmZyL2MvcC1NVC84NjQxLmpwZw?v=1670844165","large":"https:\/\/media.th4.com\/3ZQ7aGeU8_pF70Gn8ceRKiCeZRly5o7Z5ArebpstnhQ\/pr:1920greybg\/aHR0cDovL21lZGlhMi5kZXNpZ25wYXJ0bmVyLmZyL2MvcC1NVC84NjQxLmpwZw?v=1670844165","opengraph":"https:\/\/media.th4.com\/FH3OrGCAwVH9ni1k3m1KchSlr_q-3NbgRdAa6Wl6CQk\/pr:1200x630greybg\/aHR0cDovL21lZGlhMi5kZXNpZ25wYXJ0bmVyLmZyL2MvcC1NVC84NjQxLmpwZw?v=1670844165"},"page_links":{"fr":"\/fr\/p-ka-k6115-doudoune-legere-sans-manches-enfant-k6115-8641\/","en":"\/en\/p-ka-k6115-lightweight-sleeveless-child-k6115-jacket-8641\/","de":"\/de\/p-ka-k6115-leichte-kinder-daunenweste-ohne-armel-k6115-8641\/","nl":"\/nl\/p-ka-k6115-lichte-jas-zonder-mouwen-voor-kinderen-k6115-8641\/","es":"\/es\/p-ka-k6115-chaqueta-ligera-sin-mangas-para-nino-k6115-8641\/","it":"\/it\/p-ka-k6115-giacca-imbottita-leggera-senza-maniche-per-bambini-k6115-8641\/","sv":"\/sv\/p-ka-k6115-latt-barnjacka-utan-armar-k6115-8641\/","pt":"\/pt\/p-ka-k6115-jaqueta-fina-sem-mangas-para-crianca-k6115-8641\/","da":"\/da\/p-ka-k6115-let-vestelos-borneparka-k6115-8641\/","pl":"\/pl\/p-ka-k6115-lekka-kurtka-bez-rekawow-dla-dziecka-k6115-8641\/"},"page_links_customization":{"fr":"\/fr\/p-ka-k6115-doudoune-legere-sans-manches-enfant-k6115-personnalisation-8641\/custom\/","en":"\/en\/p-ka-k6115-lightweight-sleeveless-childrens-k6115-customization-jacket-8641\/custom\/","de":"\/de\/p-ka-k6115-leichte-kinderjacke-ohne-armel-k6115-personalisierung-8641\/custom\/","nl":"\/nl\/p-ka-k6115-lichte-jas-zonder-mouwen-voor-kinderen-k6115-aanpassing-8641\/custom\/","es":"\/es\/p-ka-k6115-chaqueta-ligera-sin-mangas-para-ninos-k6115-personalizacion-8641\/custom\/","it":"\/it\/p-ka-k6115-giacca-leggera-senza-maniche-per-bambini-k6115-personalizzazione-8641\/custom\/","sv":"\/sv\/p-ka-k6115-latt-barnjacka-utan-armar-k6115-8641\/custom\/","pt":"\/pt\/p-ka-k6115-moletom-leve-sem-mangas-crianca-k6115-personalizacao-8641\/custom\/","da":"\/da\/p-ka-k6115-let-ganske-let-jakke-uden-aermer-til-born-k6115-personalisering-8641\/custom\/","pl":"\/pl\/p-ka-k6115-lekka-kurtka-bez-rekawow-dla-dziecka-k6115-personalizacja-8641\/custom\/"},"equivalent_products":[8633,8632],"colors":[{"id":1383,"name":"light_royal_blue","class_ids":[2],"codes_hexa":["015bbb"],"delai_24":false,"has_3d":false,"seuil_global":0,"stock_local":0,"stock_global":1778,"on_standby":false,"in_catalog":true,"images":{"miniature":["https:\/\/media.th4.com\/KuPiH5hN6ON1J5L5BQEx4xNd4NPjDvgUcWK421QbyQY\/pr:80\/aHR0cDovL21lZGlhMi5kZXNpZ25wYXJ0bmVyLmZyL2MvcC84NjQxLzg2NDEtMTM4My0xLmpwZw?v=1638344698"],"medium":["https:\/\/media.th4.com\/cwRAnJ15XjUHE1kvX-MdyxS1tReYIk5woD7PzH7FgJI\/pr:550x550\/aHR0cDovL21lZGlhMi5kZXNpZ25wYXJ0bmVyLmZyL2MvcC84NjQxLzg2NDEtMTM4My0xLmpwZw?v=1638344698"],"medium_large":["https:\/\/media.th4.com\/PBfUMqZhxL_ChzmQDuKJlB43c3DmXWLz8vuLp0Qn0Js\/pr:1000x1000\/aHR0cDovL21lZGlhMi5kZXNpZ25wYXJ0bmVyLmZyL2MvcC84NjQxLzg2NDEtMTM4My0xLmpwZw?v=1638344698"],"large":["https:\/\/media.th4.com\/Rtv-12Gb_CgS5V0IPT4V-HcwgOlzyvIQ3PGKZLiiBpA\/pr:1920\/aHR0cDovL21lZGlhMi5kZXNpZ25wYXJ0bmVyLmZyL2MvcC84NjQxLzg2NDEtMTM4My0xLmpwZw?v=1638344698"],"opengraph":["https:\/\/media.th4.com\/TF4vovDP8ah7j3TzH6Q53m8hgur3ugtTjHKg8qlgplY\/pr:1200x630\/aHR0cDovL21lZGlhMi5kZXNpZ25wYXJ0bmVyLmZyL2MvcC84NjQxLzg2NDEtMTM4My0xLmpwZw?v=1638344698"]},"images_customization":{"miniature":["https:\/\/media.th4.com\/KuPiH5hN6ON1J5L5BQEx4xNd4NPjDvgUcWK421QbyQY\/pr:80\/aHR0cDovL21lZGlhMi5kZXNpZ25wYXJ0bmVyLmZyL2MvcC84NjQxLzg2NDEtMTM4My0xLmpwZw?v=1638344698"],"medium":["https:\/\/media.th4.com\/cwRAnJ15XjUHE1kvX-MdyxS1tReYIk5woD7PzH7FgJI\/pr:550x550\/aHR0cDovL21lZGlhMi5kZXNpZ25wYXJ0bmVyLmZyL2MvcC84NjQxLzg2NDEtMTM4My0xLmpwZw?v=1638344698"],"medium_large":["https:\/\/media.th4.com\/PBfUMqZhxL_ChzmQDuKJlB43c3DmXWLz8vuLp0Qn0Js\/pr:1000x1000\/aHR0cDovL21lZGlhMi5kZXNpZ25wYXJ0bmVyLmZyL2MvcC84NjQxLzg2NDEtMTM4My0xLmpwZw?v=1638344698"],"large":["https:\/\/media.th4.com\/Rtv-12Gb_CgS5V0IPT4V-HcwgOlzyvIQ3PGKZLiiBpA\/pr:1920\/aHR0cDovL21lZGlhMi5kZXNpZ25wYXJ0bmVyLmZyL2MvcC84NjQxLzg2NDEtMTM4My0xLmpwZw?v=1638344698"],"opengraph":["https:\/\/media.th4.com\/TF4vovDP8ah7j3TzH6Q53m8hgur3ugtTjHKg8qlgplY\/pr:1200x630\/aHR0cDovL21lZGlhMi5kZXNpZ25wYXJ0bmVyLmZyL2MvcC84NjQxLzg2NDEtMTM4My0xLmpwZw?v=1638344698"]},"country_origin":"CN","traceability":{"manufacturing_country_id":null,"weaving_country_id":null,"dyeing_country_id":null},"sizes":[{"id":1396,"article_id":280019,"class_id":15,"name":"6\/8ans","on_standby":false,"stock_local":0,"stock_global":469,"multiple":1,"estimated_date_reassort":null,"is_destocking":false},{"id":1397,"article_id":280020,"class_id":16,"name":"8\/10ans","on_standby":false,"stock_local":0,"stock_global":496,"multiple":1,"estimated_date_reassort":null,"is_destocking":false},{"id":1398,"article_id":280021,"class_id":17,"name":"10\/12ans","on_standby":false,"stock_local":0,"stock_global":475,"multiple":1,"estimated_date_reassort":null,"is_destocking":false},{"id":33,"article_id":280022,"class_id":17,"name":"12\/14ans","on_standby":false,"stock_local":0,"stock_global":338,"multiple":1,"estimated_date_reassort":null,"is_destocking":false}],"page_links":{"fr":"\/fr\/p-ka-k6115-doudoune-legere-sans-manches-enfant-k6115-8641\/light-royal-blue-1383\/","en":"\/en\/p-ka-k6115-lightweight-sleeveless-child-k6115-jacket-8641\/light-royal-blue-1383\/","de":"\/de\/p-ka-k6115-leichte-kinder-daunenweste-ohne-armel-k6115-8641\/light-royal-blue-1383\/","nl":"\/nl\/p-ka-k6115-lichte-jas-zonder-mouwen-voor-kinderen-k6115-8641\/light-royal-blue-1383\/","es":"\/es\/p-ka-k6115-chaqueta-ligera-sin-mangas-para-nino-k6115-8641\/light-royal-blue-1383\/","it":"\/it\/p-ka-k6115-giacca-imbottita-leggera-senza-maniche-per-bambini-k6115-8641\/light-royal-blue-1383\/","sv":"\/sv\/p-ka-k6115-latt-barnjacka-utan-armar-k6115-8641\/light-royal-blue-1383\/","pt":"\/pt\/p-ka-k6115-jaqueta-fina-sem-mangas-para-crianca-k6115-8641\/light-royal-blue-1383\/","da":"\/da\/p-ka-k6115-let-vestelos-borneparka-k6115-8641\/light-royal-blue-1383\/","pl":"\/pl\/p-ka-k6115-lekka-kurtka-bez-rekawow-dla-dziecka-k6115-8641\/light-royal-blue-1383\/"},"page_links_customization":{"fr":"\/fr\/p-ka-k6115-doudoune-legere-sans-manches-enfant-k6115-personnalisation-8641\/light-royal-blue-1383\/custom\/","en":"\/en\/p-ka-k6115-lightweight-sleeveless-childrens-k6115-customization-jacket-8641\/light-royal-blue-1383\/custom\/","de":"\/de\/p-ka-k6115-leichte-kinderjacke-ohne-armel-k6115-personalisierung-8641\/light-royal-blue-1383\/custom\/","nl":"\/nl\/p-ka-k6115-lichte-jas-zonder-mouwen-voor-kinderen-k6115-aanpassing-8641\/light-royal-blue-1383\/custom\/","es":"\/es\/p-ka-k6115-chaqueta-ligera-sin-mangas-para-ninos-k6115-personalizacion-8641\/light-royal-blue-1383\/custom\/","it":"\/it\/p-ka-k6115-giacca-leggera-senza-maniche-per-bambini-k6115-personalizzazione-8641\/light-royal-blue-1383\/custom\/","sv":"\/sv\/p-ka-k6115-latt-barnjacka-utan-armar-k6115-8641\/light-royal-blue-1383\/custom\/","pt":"\/pt\/p-ka-k6115-moletom-leve-sem-mangas-crianca-k6115-personalizacao-8641\/light-royal-blue-1383\/custom\/","da":"\/da\/p-ka-k6115-let-ganske-let-jakke-uden-aermer-til-born-k6115-personalisering-8641\/light-royal-blue-1383\/custom\/","pl":"\/pl\/p-ka-k6115-lekka-kurtka-bez-rekawow-dla-dziecka-k6115-personalizacja-8641\/light-royal-blue-1383\/custom\/"}},{"id":1262,"name":"red","class_ids":[6],"codes_hexa":["dc0210"],"delai_24":false,"has_3d":false,"seuil_global":0,"stock_local":0,"stock_global":1559,"on_standby":false,"in_catalog":true,"images":{"miniature":["https:\/\/media.th4.com\/02V7bYwGd1zQYFSkrnrwk3KmMiuDCXS0nu6x9rtD1aY\/pr:80\/aHR0cDovL21lZGlhMi5kZXNpZ25wYXJ0bmVyLmZyL2MvcC84NjQxLzg2NDEtMTI2Mi0xLmpwZw?v=1638344697","https:\/\/media.th4.com\/Eir9vj2-NL0n2BvuNuhN-m_b3XrxQgSC-Knu_38dwmM\/pr:80\/aHR0cDovL21lZGlhMi5kZXNpZ25wYXJ0bmVyLmZyL2MvcC84NjQxLzg2NDEtMTI2Mi0yLmpwZw?v=1638344697"],"medium":["https:\/\/media.th4.com\/TV8n5cHGmS3Lk_Lh7pwvaa3azdLmQ3VHSlHKpW0lIWc\/pr:550x550\/aHR0cDovL21lZGlhMi5kZXNpZ25wYXJ0bmVyLmZyL2MvcC84NjQxLzg2NDEtMTI2Mi0xLmpwZw?v=1638344697","https:\/\/media.th4.com\/Z45ChCsS_t4J7oo7UVvHeuMQ0GlMjyilJWpbd8yUwSw\/pr:550x550\/aHR0cDovL21lZGlhMi5kZXNpZ25wYXJ0bmVyLmZyL2MvcC84NjQxLzg2NDEtMTI2Mi0yLmpwZw?v=1638344697"],"medium_large":["https:\/\/media.th4.com\/riEmwxPgZw5ZwM8-szZm74fUNJnwOIZhltSf1jQs9vs\/pr:1000x1000\/aHR0cDovL21lZGlhMi5kZXNpZ25wYXJ0bmVyLmZyL2MvcC84NjQxLzg2NDEtMTI2Mi0xLmpwZw?v=1638344697","https:\/\/media.th4.com\/A0E9EmKuDU1T3oERhZA19mhBNQr_fn6eWr6COMjUQ3g\/pr:1000x1000\/aHR0cDovL21lZGlhMi5kZXNpZ25wYXJ0bmVyLmZyL2MvcC84NjQxLzg2NDEtMTI2Mi0yLmpwZw?v=1638344697"],"large":["https:\/\/media.th4.com\/VFv4M-t7dEcTzSh3TCkQWQjzAVKhTO-zxz03XJ-09Tc\/pr:1920\/aHR0cDovL21lZGlhMi5kZXNpZ25wYXJ0bmVyLmZyL2MvcC84NjQxLzg2NDEtMTI2Mi0xLmpwZw?v=1638344697","https:\/\/media.th4.com\/Vc-nGvBMKubVcf-b24hTelZJdh-9bmQirrCVJkyJjCI\/pr:1920\/aHR0cDovL21lZGlhMi5kZXNpZ25wYXJ0bmVyLmZyL2MvcC84NjQxLzg2NDEtMTI2Mi0yLmpwZw?v=1638344697"],"opengraph":["https:\/\/media.th4.com\/eWVeGXfwG3E726IPCvMOKCwaRvvkscvYpzWjhSQDjjg\/pr:1200x630\/aHR0cDovL21lZGlhMi5kZXNpZ25wYXJ0bmVyLmZyL2MvcC84NjQxLzg2NDEtMTI2Mi0xLmpwZw?v=1638344697","https:\/\/media.th4.com\/qo044KVluTkvBTfKsACkYihlKOIv8K3AMWLN2Qj1W4o\/pr:1200x630\/aHR0cDovL21lZGlhMi5kZXNpZ25wYXJ0bmVyLmZyL2MvcC84NjQxLzg2NDEtMTI2Mi0yLmpwZw?v=1638344697"]},"images_customization":{"miniature":["https:\/\/media.th4.com\/02V7bYwGd1zQYFSkrnrwk3KmMiuDCXS0nu6x9rtD1aY\/pr:80\/aHR0cDovL21lZGlhMi5kZXNpZ25wYXJ0bmVyLmZyL2MvcC84NjQxLzg2NDEtMTI2Mi0xLmpwZw?v=1638344697","https:\/\/media.th4.com\/Eir9vj2-NL0n2BvuNuhN-m_b3XrxQgSC-Knu_38dwmM\/pr:80\/aHR0cDovL21lZGlhMi5kZXNpZ25wYXJ0bmVyLmZyL2MvcC84NjQxLzg2NDEtMTI2Mi0yLmpwZw?v=1638344697"],"medium":["https:\/\/media.th4.com\/TV8n5cHGmS3Lk_Lh7pwvaa3azdLmQ3VHSlHKpW0lIWc\/pr:550x550\/aHR0cDovL21lZGlhMi5kZXNpZ25wYXJ0bmVyLmZyL2MvcC84NjQxLzg2NDEtMTI2Mi0xLmpwZw?v=1638344697","https:\/\/media.th4.com\/Z45ChCsS_t4J7oo7UVvHeuMQ0GlMjyilJWpbd8yUwSw\/pr:550x550\/aHR0cDovL21lZGlhMi5kZXNpZ25wYXJ0bmVyLmZyL2MvcC84NjQxLzg2NDEtMTI2Mi0yLmpwZw?v=1638344697"],"medium_large":["https:\/\/media.th4.com\/riEmwxPgZw5ZwM8-szZm74fUNJnwOIZhltSf1jQs9vs\/pr:1000x1000\/aHR0cDovL21lZGlhMi5kZXNpZ25wYXJ0bmVyLmZyL2MvcC84NjQxLzg2NDEtMTI2Mi0xLmpwZw?v=1638344697","https:\/\/media.th4.com\/A0E9EmKuDU1T3oERhZA19mhBNQr_fn6eWr6COMjUQ3g\/pr:1000x1000\/aHR0cDovL21lZGlhMi5kZXNpZ25wYXJ0bmVyLmZyL2MvcC84NjQxLzg2NDEtMTI2Mi0yLmpwZw?v=1638344697"],"large":["https:\/\/media.th4.com\/VFv4M-t7dEcTzSh3TCkQWQjzAVKhTO-zxz03XJ-09Tc\/pr:1920\/aHR0cDovL21lZGlhMi5kZXNpZ25wYXJ0bmVyLmZyL2MvcC84NjQxLzg2NDEtMTI2Mi0xLmpwZw?v=1638344697","https:\/\/media.th4.com\/Vc-nGvBMKubVcf-b24hTelZJdh-9bmQirrCVJkyJjCI\/pr:1920\/aHR0cDovL21lZGlhMi5kZXNpZ25wYXJ0bmVyLmZyL2MvcC84NjQxLzg2NDEtMTI2Mi0yLmpwZw?v=1638344697"],"opengraph":["https:\/\/media.th4.com\/eWVeGXfwG3E726IPCvMOKCwaRvvkscvYpzWjhSQDjjg\/pr:1200x630\/aHR0cDovL21lZGlhMi5kZXNpZ25wYXJ0bmVyLmZyL2MvcC84NjQxLzg2NDEtMTI2Mi0xLmpwZw?v=1638344697","https:\/\/media.th4.com\/qo044KVluTkvBTfKsACkYihlKOIv8K3AMWLN2Qj1W4o\/pr:1200x630\/aHR0cDovL21lZGlhMi5kZXNpZ25wYXJ0bmVyLmZyL2MvcC84NjQxLzg2NDEtMTI2Mi0yLmpwZw?v=1638344697"]},"country_origin":"CN","traceability":{"manufacturing_country_id":null,"weaving_country_id":null,"dyeing_country_id":null},"sizes":[{"id":1396,"article_id":381295,"class_id":15,"name":"6\/8ans","on_standby":false,"stock_local":0,"stock_global":303,"multiple":1,"estimated_date_reassort":null,"is_destocking":false},{"id":1397,"article_id":381296,"class_id":16,"name":"8\/10ans","on_standby":false,"stock_local":0,"stock_global":449,"multiple":1,"estimated_date_reassort":null,"is_destocking":false},{"id":1398,"article_id":381297,"class_id":17,"name":"10\/12ans","on_standby":false,"stock_local":0,"stock_global":480,"multiple":1,"estimated_date_reassort":null,"is_destocking":false},{"id":33,"article_id":381298,"class_id":17,"name":"12\/14ans","on_standby":false,"stock_local":0,"stock_global":327,"multiple":1,"estimated_date_reassort":null,"is_destocking":false}],"page_links":{"fr":"\/fr\/p-ka-k6115-doudoune-legere-sans-manches-enfant-k6115-8641\/red-1262\/","en":"\/en\/p-ka-k6115-lightweight-sleeveless-child-k6115-jacket-8641\/red-1262\/","de":"\/de\/p-ka-k6115-leichte-kinder-daunenweste-ohne-armel-k6115-8641\/red-1262\/","nl":"\/nl\/p-ka-k6115-lichte-jas-zonder-mouwen-voor-kinderen-k6115-8641\/red-1262\/","es":"\/es\/p-ka-k6115-chaqueta-ligera-sin-mangas-para-nino-k6115-8641\/red-1262\/","it":"\/it\/p-ka-k6115-giacca-imbottita-leggera-senza-maniche-per-bambini-k6115-8641\/red-1262\/","sv":"\/sv\/p-ka-k6115-latt-barnjacka-utan-armar-k6115-8641\/red-1262\/","pt":"\/pt\/p-ka-k6115-jaqueta-fina-sem-mangas-para-crianca-k6115-8641\/red-1262\/","da":"\/da\/p-ka-k6115-let-vestelos-borneparka-k6115-8641\/red-1262\/","pl":"\/pl\/p-ka-k6115-lekka-kurtka-bez-rekawow-dla-dziecka-k6115-8641\/red-1262\/"},"page_links_customization":{"fr":"\/fr\/p-ka-k6115-doudoune-legere-sans-manches-enfant-k6115-personnalisation-8641\/red-1262\/custom\/","en":"\/en\/p-ka-k6115-lightweight-sleeveless-childrens-k6115-customization-jacket-8641\/red-1262\/custom\/","de":"\/de\/p-ka-k6115-leichte-kinderjacke-ohne-armel-k6115-personalisierung-8641\/red-1262\/custom\/","nl":"\/nl\/p-ka-k6115-lichte-jas-zonder-mouwen-voor-kinderen-k6115-aanpassing-8641\/red-1262\/custom\/","es":"\/es\/p-ka-k6115-chaqueta-ligera-sin-mangas-para-ninos-k6115-personalizacion-8641\/red-1262\/custom\/","it":"\/it\/p-ka-k6115-giacca-leggera-senza-maniche-per-bambini-k6115-personalizzazione-8641\/red-1262\/custom\/","sv":"\/sv\/p-ka-k6115-latt-barnjacka-utan-armar-k6115-8641\/red-1262\/custom\/","pt":"\/pt\/p-ka-k6115-moletom-leve-sem-mangas-crianca-k6115-personalizacao-8641\/red-1262\/custom\/","da":"\/da\/p-ka-k6115-let-ganske-let-jakke-uden-aermer-til-born-k6115-personalisering-8641\/red-1262\/custom\/","pl":"\/pl\/p-ka-k6115-lekka-kurtka-bez-rekawow-dla-dziecka-k6115-personalizacja-8641\/red-1262\/custom\/"}},{"id":1261,"name":"navy","class_ids":[2],"codes_hexa":["012942"],"delai_24":false,"has_3d":false,"seuil_global":0,"stock_local":0,"stock_global":1230,"on_standby":false,"in_catalog":true,"images":{"miniature":["https:\/\/media.th4.com\/33K-6NkW_QOEYl9Ak4UnNwcn-5cQ4ECMjI_vYotTskg\/pr:80\/aHR0cDovL21lZGlhMi5kZXNpZ25wYXJ0bmVyLmZyL2MvcC84NjQxLzg2NDEtMTI2MS0xLmpwZw?v=1610018179","https:\/\/media.th4.com\/bARNG34DsTdxIElHGYLTsP3tEq1_cRM935S5-fjkpfQ\/pr:80\/aHR0cDovL21lZGlhMi5kZXNpZ25wYXJ0bmVyLmZyL2MvcC84NjQxLzg2NDEtMTI2MS0zLmpwZw?v=1638344697"],"medium":["https:\/\/media.th4.com\/5wRV-MIzO-g-1kpktrBF3CVcqLYrWDxU6wO8qGTt_eY\/pr:550x550\/aHR0cDovL21lZGlhMi5kZXNpZ25wYXJ0bmVyLmZyL2MvcC84NjQxLzg2NDEtMTI2MS0xLmpwZw?v=1610018179","https:\/\/media.th4.com\/vyyQqXrfpmRTit0jzYdM-H_JvR833knZmS_afLE-9DY\/pr:550x550\/aHR0cDovL21lZGlhMi5kZXNpZ25wYXJ0bmVyLmZyL2MvcC84NjQxLzg2NDEtMTI2MS0zLmpwZw?v=1638344697"],"medium_large":["https:\/\/media.th4.com\/p5z8KKTXi4XPjh0YZsoDKZGJLqUVZUDjzfOmmVLWAW4\/pr:1000x1000\/aHR0cDovL21lZGlhMi5kZXNpZ25wYXJ0bmVyLmZyL2MvcC84NjQxLzg2NDEtMTI2MS0xLmpwZw?v=1610018179","https:\/\/media.th4.com\/Zy2Vz8XvMLNWKugk_53H1P7L9PUqtmclypnQH7IhEdg\/pr:1000x1000\/aHR0cDovL21lZGlhMi5kZXNpZ25wYXJ0bmVyLmZyL2MvcC84NjQxLzg2NDEtMTI2MS0zLmpwZw?v=1638344697"],"large":["https:\/\/media.th4.com\/jFjQUWGJSCJii4x64lTt_R9wABgLxSa1JhNTDVw9S-s\/pr:1920\/aHR0cDovL21lZGlhMi5kZXNpZ25wYXJ0bmVyLmZyL2MvcC84NjQxLzg2NDEtMTI2MS0xLmpwZw?v=1610018179","https:\/\/media.th4.com\/8iJy7xgEJ1PtXQKGD7IjN6fy3E1ZcEer72gEGcoy1dk\/pr:1920\/aHR0cDovL21lZGlhMi5kZXNpZ25wYXJ0bmVyLmZyL2MvcC84NjQxLzg2NDEtMTI2MS0zLmpwZw?v=1638344697"],"opengraph":["https:\/\/media.th4.com\/E31XPfC71bPGb6ja3y_GBfaTd1WrO0XlogBGSRVI3GU\/pr:1200x630\/aHR0cDovL21lZGlhMi5kZXNpZ25wYXJ0bmVyLmZyL2MvcC84NjQxLzg2NDEtMTI2MS0xLmpwZw?v=1610018179","https:\/\/media.th4.com\/4sos-uToHUTlZte98hkjTlmCQy7MkLqoiWk3S-Uvc48\/pr:1200x630\/aHR0cDovL21lZGlhMi5kZXNpZ25wYXJ0bmVyLmZyL2MvcC84NjQxLzg2NDEtMTI2MS0zLmpwZw?v=1638344697"]},"images_customization":{"miniature":["https:\/\/media.th4.com\/33K-6NkW_QOEYl9Ak4UnNwcn-5cQ4ECMjI_vYotTskg\/pr:80\/aHR0cDovL21lZGlhMi5kZXNpZ25wYXJ0bmVyLmZyL2MvcC84NjQxLzg2NDEtMTI2MS0xLmpwZw?v=1610018179","https:\/\/media.th4.com\/bARNG34DsTdxIElHGYLTsP3tEq1_cRM935S5-fjkpfQ\/pr:80\/aHR0cDovL21lZGlhMi5kZXNpZ25wYXJ0bmVyLmZyL2MvcC84NjQxLzg2NDEtMTI2MS0zLmpwZw?v=1638344697"],"medium":["https:\/\/media.th4.com\/5wRV-MIzO-g-1kpktrBF3CVcqLYrWDxU6wO8qGTt_eY\/pr:550x550\/aHR0cDovL21lZGlhMi5kZXNpZ25wYXJ0bmVyLmZyL2MvcC84NjQxLzg2NDEtMTI2MS0xLmpwZw?v=1610018179","https:\/\/media.th4.com\/vyyQqXrfpmRTit0jzYdM-H_JvR833knZmS_afLE-9DY\/pr:550x550\/aHR0cDovL21lZGlhMi5kZXNpZ25wYXJ0bmVyLmZyL2MvcC84NjQxLzg2NDEtMTI2MS0zLmpwZw?v=1638344697"],"medium_large":["https:\/\/media.th4.com\/p5z8KKTXi4XPjh0YZsoDKZGJLqUVZUDjzfOmmVLWAW4\/pr:1000x1000\/aHR0cDovL21lZGlhMi5kZXNpZ25wYXJ0bmVyLmZyL2MvcC84NjQxLzg2NDEtMTI2MS0xLmpwZw?v=1610018179","https:\/\/media.th4.com\/Zy2Vz8XvMLNWKugk_53H1P7L9PUqtmclypnQH7IhEdg\/pr:1000x1000\/aHR0cDovL21lZGlhMi5kZXNpZ25wYXJ0bmVyLmZyL2MvcC84NjQxLzg2NDEtMTI2MS0zLmpwZw?v=1638344697"],"large":["https:\/\/media.th4.com\/jFjQUWGJSCJii4x64lTt_R9wABgLxSa1JhNTDVw9S-s\/pr:1920\/aHR0cDovL21lZGlhMi5kZXNpZ25wYXJ0bmVyLmZyL2MvcC84NjQxLzg2NDEtMTI2MS0xLmpwZw?v=1610018179","https:\/\/media.th4.com\/8iJy7xgEJ1PtXQKGD7IjN6fy3E1ZcEer72gEGcoy1dk\/pr:1920\/aHR0cDovL21lZGlhMi5kZXNpZ25wYXJ0bmVyLmZyL2MvcC84NjQxLzg2NDEtMTI2MS0zLmpwZw?v=1638344697"],"opengraph":["https:\/\/media.th4.com\/E31XPfC71bPGb6ja3y_GBfaTd1WrO0XlogBGSRVI3GU\/pr:1200x630\/aHR0cDovL21lZGlhMi5kZXNpZ25wYXJ0bmVyLmZyL2MvcC84NjQxLzg2NDEtMTI2MS0xLmpwZw?v=1610018179","https:\/\/media.th4.com\/4sos-uToHUTlZte98hkjTlmCQy7MkLqoiWk3S-Uvc48\/pr:1200x630\/aHR0cDovL21lZGlhMi5kZXNpZ25wYXJ0bmVyLmZyL2MvcC84NjQxLzg2NDEtMTI2MS0zLmpwZw?v=1638344697"]},"country_origin":"CN","traceability":{"manufacturing_country_id":null,"weaving_country_id":null,"dyeing_country_id":null},"sizes":[{"id":1396,"article_id":280023,"class_id":15,"name":"6\/8ans","on_standby":false,"stock_local":0,"stock_global":200,"multiple":1,"estimated_date_reassort":null,"is_destocking":false},{"id":1397,"article_id":280024,"class_id":16,"name":"8\/10ans","on_standby":false,"stock_local":0,"stock_global":395,"multiple":1,"estimated_date_reassort":null,"is_destocking":false},{"id":1398,"article_id":280025,"class_id":17,"name":"10\/12ans","on_standby":false,"stock_local":0,"stock_global":342,"multiple":1,"estimated_date_reassort":null,"is_destocking":false},{"id":33,"article_id":280026,"class_id":17,"name":"12\/14ans","on_standby":false,"stock_local":0,"stock_global":293,"multiple":1,"estimated_date_reassort":null,"is_destocking":false}],"page_links":{"fr":"\/fr\/p-ka-k6115-doudoune-legere-sans-manches-enfant-k6115-8641\/navy-1261\/","en":"\/en\/p-ka-k6115-lightweight-sleeveless-child-k6115-jacket-8641\/navy-1261\/","de":"\/de\/p-ka-k6115-leichte-kinder-daunenweste-ohne-armel-k6115-8641\/navy-1261\/","nl":"\/nl\/p-ka-k6115-lichte-jas-zonder-mouwen-voor-kinderen-k6115-8641\/navy-1261\/","es":"\/es\/p-ka-k6115-chaqueta-ligera-sin-mangas-para-nino-k6115-8641\/navy-1261\/","it":"\/it\/p-ka-k6115-giacca-imbottita-leggera-senza-maniche-per-bambini-k6115-8641\/navy-1261\/","sv":"\/sv\/p-ka-k6115-latt-barnjacka-utan-armar-k6115-8641\/navy-1261\/","pt":"\/pt\/p-ka-k6115-jaqueta-fina-sem-mangas-para-crianca-k6115-8641\/navy-1261\/","da":"\/da\/p-ka-k6115-let-vestelos-borneparka-k6115-8641\/navy-1261\/","pl":"\/pl\/p-ka-k6115-lekka-kurtka-bez-rekawow-dla-dziecka-k6115-8641\/navy-1261\/"},"page_links_customization":{"fr":"\/fr\/p-ka-k6115-doudoune-legere-sans-manches-enfant-k6115-personnalisation-8641\/navy-1261\/custom\/","en":"\/en\/p-ka-k6115-lightweight-sleeveless-childrens-k6115-customization-jacket-8641\/navy-1261\/custom\/","de":"\/de\/p-ka-k6115-leichte-kinderjacke-ohne-armel-k6115-personalisierung-8641\/navy-1261\/custom\/","nl":"\/nl\/p-ka-k6115-lichte-jas-zonder-mouwen-voor-kinderen-k6115-aanpassing-8641\/navy-1261\/custom\/","es":"\/es\/p-ka-k6115-chaqueta-ligera-sin-mangas-para-ninos-k6115-personalizacion-8641\/navy-1261\/custom\/","it":"\/it\/p-ka-k6115-giacca-leggera-senza-maniche-per-bambini-k6115-personalizzazione-8641\/navy-1261\/custom\/","sv":"\/sv\/p-ka-k6115-latt-barnjacka-utan-armar-k6115-8641\/navy-1261\/custom\/","pt":"\/pt\/p-ka-k6115-moletom-leve-sem-mangas-crianca-k6115-personalizacao-8641\/navy-1261\/custom\/","da":"\/da\/p-ka-k6115-let-ganske-let-jakke-uden-aermer-til-born-k6115-personalisering-8641\/navy-1261\/custom\/","pl":"\/pl\/p-ka-k6115-lekka-kurtka-bez-rekawow-dla-dziecka-k6115-personalizacja-8641\/navy-1261\/custom\/"}},{"id":1520,"name":"black","class_ids":[4],"codes_hexa":["1a1a18"],"delai_24":false,"has_3d":false,"seuil_global":0,"stock_local":0,"stock_global":625,"on_standby":false,"in_catalog":true,"images":{"miniature":["https:\/\/media.th4.com\/APo0_vKJk6IzvIAMXsOrFQywHGsEm6o8Dwuk2ixAMQg\/pr:80\/aHR0cDovL21lZGlhMi5kZXNpZ25wYXJ0bmVyLmZyL2MvcC84NjQxLzg2NDEtMTUyMC0xLmpwZw?v=1610018179","https:\/\/media.th4.com\/3dIOwYLAGsG4Mog988TjbuIBE4mwPc_8zGsmQg1PZ9c\/pr:80\/aHR0cDovL21lZGlhMi5kZXNpZ25wYXJ0bmVyLmZyL2MvcC84NjQxLzg2NDEtMTUyMC0zLmpwZw?v=1638344697"],"medium":["https:\/\/media.th4.com\/T3vYPPROtXQNl6tk1ugF4i-69C2vgm-pPneUeHrJgGM\/pr:550x550\/aHR0cDovL21lZGlhMi5kZXNpZ25wYXJ0bmVyLmZyL2MvcC84NjQxLzg2NDEtMTUyMC0xLmpwZw?v=1610018179","https:\/\/media.th4.com\/JsmtWv91v2xceCdqU8efrD2pk8fZ18EYUO_G1QqOdeU\/pr:550x550\/aHR0cDovL21lZGlhMi5kZXNpZ25wYXJ0bmVyLmZyL2MvcC84NjQxLzg2NDEtMTUyMC0zLmpwZw?v=1638344697"],"medium_large":["https:\/\/media.th4.com\/nA3UYGaKqqOeNrvXyCL5VIHor_Z3K4tA9EeCdxSecsY\/pr:1000x1000\/aHR0cDovL21lZGlhMi5kZXNpZ25wYXJ0bmVyLmZyL2MvcC84NjQxLzg2NDEtMTUyMC0xLmpwZw?v=1610018179","https:\/\/media.th4.com\/Nj1GU4HVdkEkSUyLdWpDVD48qtReqbOPBghx5a0BcsM\/pr:1000x1000\/aHR0cDovL21lZGlhMi5kZXNpZ25wYXJ0bmVyLmZyL2MvcC84NjQxLzg2NDEtMTUyMC0zLmpwZw?v=1638344697"],"large":["https:\/\/media.th4.com\/BDWUkDrO4h5qfWCgqxwTS2yk6MooNgk2s9iu4HFAZGI\/pr:1920\/aHR0cDovL21lZGlhMi5kZXNpZ25wYXJ0bmVyLmZyL2MvcC84NjQxLzg2NDEtMTUyMC0xLmpwZw?v=1610018179","https:\/\/media.th4.com\/AIjikRFiat1YYdf1i0KvqIolPAug3vZIgRHKG4DrSlI\/pr:1920\/aHR0cDovL21lZGlhMi5kZXNpZ25wYXJ0bmVyLmZyL2MvcC84NjQxLzg2NDEtMTUyMC0zLmpwZw?v=1638344697"],"opengraph":["https:\/\/media.th4.com\/VcH0D1AGzAZfwNz1USVBf4yU4AQmJq0XW6rUiEISWBk\/pr:1200x630\/aHR0cDovL21lZGlhMi5kZXNpZ25wYXJ0bmVyLmZyL2MvcC84NjQxLzg2NDEtMTUyMC0xLmpwZw?v=1610018179","https:\/\/media.th4.com\/YRt0TzqJ0wmoxtBCincUJVbDaEEnuj85to27Ri05PvU\/pr:1200x630\/aHR0cDovL21lZGlhMi5kZXNpZ25wYXJ0bmVyLmZyL2MvcC84NjQxLzg2NDEtMTUyMC0zLmpwZw?v=1638344697"]},"images_customization":{"miniature":["https:\/\/media.th4.com\/APo0_vKJk6IzvIAMXsOrFQywHGsEm6o8Dwuk2ixAMQg\/pr:80\/aHR0cDovL21lZGlhMi5kZXNpZ25wYXJ0bmVyLmZyL2MvcC84NjQxLzg2NDEtMTUyMC0xLmpwZw?v=1610018179","https:\/\/media.th4.com\/3dIOwYLAGsG4Mog988TjbuIBE4mwPc_8zGsmQg1PZ9c\/pr:80\/aHR0cDovL21lZGlhMi5kZXNpZ25wYXJ0bmVyLmZyL2MvcC84NjQxLzg2NDEtMTUyMC0zLmpwZw?v=1638344697"],"medium":["https:\/\/media.th4.com\/T3vYPPROtXQNl6tk1ugF4i-69C2vgm-pPneUeHrJgGM\/pr:550x550\/aHR0cDovL21lZGlhMi5kZXNpZ25wYXJ0bmVyLmZyL2MvcC84NjQxLzg2NDEtMTUyMC0xLmpwZw?v=1610018179","https:\/\/media.th4.com\/JsmtWv91v2xceCdqU8efrD2pk8fZ18EYUO_G1QqOdeU\/pr:550x550\/aHR0cDovL21lZGlhMi5kZXNpZ25wYXJ0bmVyLmZyL2MvcC84NjQxLzg2NDEtMTUyMC0zLmpwZw?v=1638344697"],"medium_large":["https:\/\/media.th4.com\/nA3UYGaKqqOeNrvXyCL5VIHor_Z3K4tA9EeCdxSecsY\/pr:1000x1000\/aHR0cDovL21lZGlhMi5kZXNpZ25wYXJ0bmVyLmZyL2MvcC84NjQxLzg2NDEtMTUyMC0xLmpwZw?v=1610018179","https:\/\/media.th4.com\/Nj1GU4HVdkEkSUyLdWpDVD48qtReqbOPBghx5a0BcsM\/pr:1000x1000\/aHR0cDovL21lZGlhMi5kZXNpZ25wYXJ0bmVyLmZyL2MvcC84NjQxLzg2NDEtMTUyMC0zLmpwZw?v=1638344697"],"large":["https:\/\/media.th4.com\/BDWUkDrO4h5qfWCgqxwTS2yk6MooNgk2s9iu4HFAZGI\/pr:1920\/aHR0cDovL21lZGlhMi5kZXNpZ25wYXJ0bmVyLmZyL2MvcC84NjQxLzg2NDEtMTUyMC0xLmpwZw?v=1610018179","https:\/\/media.th4.com\/AIjikRFiat1YYdf1i0KvqIolPAug3vZIgRHKG4DrSlI\/pr:1920\/aHR0cDovL21lZGlhMi5kZXNpZ25wYXJ0bmVyLmZyL2MvcC84NjQxLzg2NDEtMTUyMC0zLmpwZw?v=1638344697"],"opengraph":["https:\/\/media.th4.com\/VcH0D1AGzAZfwNz1USVBf4yU4AQmJq0XW6rUiEISWBk\/pr:1200x630\/aHR0cDovL21lZGlhMi5kZXNpZ25wYXJ0bmVyLmZyL2MvcC84NjQxLzg2NDEtMTUyMC0xLmpwZw?v=1610018179","https:\/\/media.th4.com\/YRt0TzqJ0wmoxtBCincUJVbDaEEnuj85to27Ri05PvU\/pr:1200x630\/aHR0cDovL21lZGlhMi5kZXNpZ25wYXJ0bmVyLmZyL2MvcC84NjQxLzg2NDEtMTUyMC0zLmpwZw?v=1638344697"]},"country_origin":"CN","traceability":{"manufacturing_country_id":null,"weaving_country_id":null,"dyeing_country_id":null},"sizes":[{"id":1396,"article_id":280015,"class_id":15,"name":"6\/8ans","on_standby":false,"stock_local":0,"stock_global":81,"multiple":1,"estimated_date_reassort":null,"is_destocking":false},{"id":1397,"article_id":280016,"class_id":16,"name":"8\/10ans","on_standby":false,"stock_local":0,"stock_global":130,"multiple":1,"estimated_date_reassort":null,"is_destocking":false},{"id":1398,"article_id":280017,"class_id":17,"name":"10\/12ans","on_standby":false,"stock_local":0,"stock_global":224,"multiple":1,"estimated_date_reassort":null,"is_destocking":false},{"id":33,"article_id":280018,"class_id":17,"name":"12\/14ans","on_standby":false,"stock_local":0,"stock_global":190,"multiple":1,"estimated_date_reassort":null,"is_destocking":false}],"page_links":{"fr":"\/fr\/p-ka-k6115-doudoune-legere-sans-manches-enfant-k6115-8641\/black-1520\/","en":"\/en\/p-ka-k6115-lightweight-sleeveless-child-k6115-jacket-8641\/black-1520\/","de":"\/de\/p-ka-k6115-leichte-kinder-daunenweste-ohne-armel-k6115-8641\/black-1520\/","nl":"\/nl\/p-ka-k6115-lichte-jas-zonder-mouwen-voor-kinderen-k6115-8641\/black-1520\/","es":"\/es\/p-ka-k6115-chaqueta-ligera-sin-mangas-para-nino-k6115-8641\/black-1520\/","it":"\/it\/p-ka-k6115-giacca-imbottita-leggera-senza-maniche-per-bambini-k6115-8641\/black-1520\/","sv":"\/sv\/p-ka-k6115-latt-barnjacka-utan-armar-k6115-8641\/black-1520\/","pt":"\/pt\/p-ka-k6115-jaqueta-fina-sem-mangas-para-crianca-k6115-8641\/black-1520\/","da":"\/da\/p-ka-k6115-let-vestelos-borneparka-k6115-8641\/black-1520\/","pl":"\/pl\/p-ka-k6115-lekka-kurtka-bez-rekawow-dla-dziecka-k6115-8641\/black-1520\/"},"page_links_customization":{"fr":"\/fr\/p-ka-k6115-doudoune-legere-sans-manches-enfant-k6115-personnalisation-8641\/black-1520\/custom\/","en":"\/en\/p-ka-k6115-lightweight-sleeveless-childrens-k6115-customization-jacket-8641\/black-1520\/custom\/","de":"\/de\/p-ka-k6115-leichte-kinderjacke-ohne-armel-k6115-personalisierung-8641\/black-1520\/custom\/","nl":"\/nl\/p-ka-k6115-lichte-jas-zonder-mouwen-voor-kinderen-k6115-aanpassing-8641\/black-1520\/custom\/","es":"\/es\/p-ka-k6115-chaqueta-ligera-sin-mangas-para-ninos-k6115-personalizacion-8641\/black-1520\/custom\/","it":"\/it\/p-ka-k6115-giacca-leggera-senza-maniche-per-bambini-k6115-personalizzazione-8641\/black-1520\/custom\/","sv":"\/sv\/p-ka-k6115-latt-barnjacka-utan-armar-k6115-8641\/black-1520\/custom\/","pt":"\/pt\/p-ka-k6115-moletom-leve-sem-mangas-crianca-k6115-personalizacao-8641\/black-1520\/custom\/","da":"\/da\/p-ka-k6115-let-ganske-let-jakke-uden-aermer-til-born-k6115-personalisering-8641\/black-1520\/custom\/","pl":"\/pl\/p-ka-k6115-lekka-kurtka-bez-rekawow-dla-dziecka-k6115-personalizacja-8641\/black-1520\/custom\/"}}],"documentation_link":"\/pdf\/8641.pdf","countries_availables":["AD","AE","AL","AT","BA","BD","BE","BG","BL","CA","CH","CN","CO","CY","CZ","DE","DK","DO","EE","EG","ES","ET","FI","FR","GB","GE","GF","GP","GR","GT","HK","HN","HR","HT","HU","ID","IE","IN","IS","IT","JO","JP","KE","KH","KP","KR","LA","LK","LS","LT","LU","LV","MA","MF","MG","MK","MM","MN","MQ","MT","MX","MY","NC","NI","NL","PF","PH","PK","PL","PM","PT","RE","RO","SE","SG","SI","SK","SV","SY","TH","TN","TR","TW","TZ","US","VN","WF","YT"]},"infos_customization":[],"features":{"authorize_multi_surfaces":true,"display_order_delay_type":true,"promote_surface_display":true,"tarification_franco_offert":true,"enabled_3d_editor":false},"markings":[{"id":0,"nom":"vierge","finition":null,"libelle":null,"code":null,"dpi":null,"finesse_forme_isolee":null,"finesse_forme_non_isolee":null,"hauteur_minimale_texte":null,"inactif":0,"marquage_interne":1,"quantite_min":null,"parent_id":null,"print_on_support":0,"content":"vierge","description":null},{"id":2,"nom":"fonce","finition":"optimale","libelle":"TopQuadri","code":null,"dpi":400,"finesse_forme_isolee":"0.040","finesse_forme_non_isolee":"0.700","hauteur_minimale_texte":2,"inactif":0,"marquage_interne":1,"quantite_min":null,"parent_id":18,"print_on_support":0,"content":"TopQuadri","description":"pour petites et moyennes s\u00e9ries"},{"id":3,"nom":"serigraphie","finition":"serigraphie","libelle":"SeriCoat","code":null,"dpi":400,"finesse_forme_isolee":"0.040","finesse_forme_non_isolee":"0.700","hauteur_minimale_texte":2,"inactif":0,"marquage_interne":1,"quantite_min":15,"parent_id":18,"print_on_support":0,"content":"SeriCoat","description":"pour moyennes et grandes s\u00e9ries"},{"id":4,"nom":"broderie","finition":"broderie","libelle":"Broderie","code":null,"dpi":400,"finesse_forme_isolee":"0.040","finesse_forme_non_isolee":"0.700","hauteur_minimale_texte":3,"inactif":0,"marquage_interne":1,"quantite_min":null,"parent_id":null,"print_on_support":0,"content":"Broderie","description":null},{"id":8,"nom":"theme","finition":null,"libelle":"Th\u00e8me","code":null,"dpi":null,"finesse_forme_isolee":null,"finesse_forme_non_isolee":null,"hauteur_minimale_texte":null,"inactif":0,"marquage_interne":1,"quantite_min":null,"parent_id":null,"print_on_support":0,"content":"Th\u00e8me","description":null},{"id":9,"nom":"sans","finition":null,"libelle":null,"code":null,"dpi":null,"finesse_forme_isolee":null,"finesse_forme_non_isolee":null,"hauteur_minimale_texte":null,"inactif":0,"marquage_interne":1,"quantite_min":null,"parent_id":null,"print_on_support":0,"content":"sans","description":null},{"id":10,"nom":"photo","finition":null,"libelle":"Photo","code":null,"dpi":null,"finesse_forme_isolee":null,"finesse_forme_non_isolee":null,"hauteur_minimale_texte":null,"inactif":0,"marquage_interne":1,"quantite_min":null,"parent_id":null,"print_on_support":0,"content":"Photo","description":null},{"id":14,"nom":"couleur","finition":null,"libelle":"Couleur","code":null,"dpi":null,"finesse_forme_isolee":null,"finesse_forme_non_isolee":null,"hauteur_minimale_texte":null,"inactif":0,"marquage_interne":1,"quantite_min":null,"parent_id":null,"print_on_support":0,"content":"Couleur","description":null},{"id":15,"nom":"sublimation","finition":"sublimation","libelle":"Sublimation","code":null,"dpi":null,"finesse_forme_isolee":"0.000","finesse_forme_non_isolee":"0.000","hauteur_minimale_texte":2,"inactif":0,"marquage_interne":1,"quantite_min":null,"parent_id":null,"print_on_support":0,"content":"Sublimation","description":null},{"id":16,"nom":"topquadri_uv","finition":null,"libelle":"TopQuadri UV","code":null,"dpi":null,"finesse_forme_isolee":"0.020","finesse_forme_non_isolee":"0.700","hauteur_minimale_texte":2,"inactif":0,"marquage_interne":1,"quantite_min":null,"parent_id":null,"print_on_support":1,"content":null,"description":null},{"id":17,"nom":"topquadri_uvp","finition":null,"libelle":"TopQuadri UVP","code":null,"dpi":null,"finesse_forme_isolee":"0.020","finesse_forme_non_isolee":"0.700","hauteur_minimale_texte":2,"inactif":0,"marquage_interne":1,"quantite_min":null,"parent_id":null,"print_on_support":1,"content":null,"description":null},{"id":18,"nom":"quadri","finition":null,"libelle":"Impression","code":null,"dpi":null,"finesse_forme_isolee":null,"finesse_forme_non_isolee":null,"hauteur_minimale_texte":null,"inactif":0,"marquage_interne":1,"quantite_min":null,"parent_id":null,"print_on_support":0,"content":null,"description":null}]}}