{"data":{"product":{"id":8640,"titre":"doudoune l\u00e9g\u00e8re capuche enfant","description":"Doudoune l\u00e9g\u00e8re capuche enfant, 100% polyamide. garniture int\u00e9rieure polyester. chaude et ultral\u00e9g\u00e8re. compressible dans son sac de rangement. 2 poches zipp\u00e9es devant. int\u00e9rieur et capuche contrast\u00e9s (sauf pour coloris navy).","genre":"enfant","grammage":340,"conditionnement":5,"composition":"polyester,polyester_uniquement","reference":"ka-k6112","reference_visible":"ka-k6112","reference_fabricant":"K6112","ref_xor":"751493","in_catalog":true,"is_transfer":false,"is_service":false,"on_standby":false,"has_3d":false,"has_size_guide":true,"has_marking":true,"has_vierge":true,"is_cross_sellable":false,"id_picto":85,"filename_3d":null,"brand":{"id":25,"name":"Kariban","logo":"logo-kariban.png","image":"https:\/\/media.th4.com\/0rw9lHnnPIY5Gn0FZVsrv47tC3tEhLUIsdVYj4xy6L4\/pr:brand70x70\/aHR0cDovL21lZGlhMi5kZXNpZ25wYXJ0bmVyLmZyL2MvbS9sb2dvLWthcmliYW4ucG5n?v=1736960982"},"price_infos":{"price_from":26.87,"quantity":480,"color":{"id":1261,"name":"navy"},"size":{"id":1396,"name":"6\/8ans"}},"price_infos_marking":{"price_from":34.05,"quantity":200,"color":{"id":1261,"name":"navy"},"size":{"id":1396,"name":"6\/8ans"},"marking":{"id":4,"name":""},"emplacement":"avant","surface_emplacement_id":1,"surface":"coeur"},"i18n":{"blank":{"title":{"fr":"Doudoune l\u00e9g\u00e8re capuche enfant KARIBAN k6112","en":"Lightweight hooded child's KARIBAN k6112 jacket","de":"Leichte Kapuzenjacke f\u00fcr Kinder KARIBAN k6112","nl":"Lichte jassen met capuchon voor kinderen KARIBAN k6112","es":"Chaqueta ligera con capucha para ni\u00f1o KARIBAN k6112","it":"Giacca imbottita leggera con cappuccio bambino KARIBAN k6112","sv":"L\u00e4tt jacka med huva f\u00f6r barn KARIBAN k6112","pt":"Jaqueta acolchoada leve com capuz infantil KARIBAN k6112","da":"Lys vinterjakke med h\u00e6tte til b\u00f8rn KARIBAN k6112","pl":"Lekka kurtka z kapturkiem dla dziecka KARIBAN k6112"},"description":{"fr":"Cette doudoune l\u00e9g\u00e8re avec capuche est con\u00e7ue pour offrir chaleur et confort aux enfants. Fabriqu\u00e9e en polyamide, elle est \u00e0 la fois l\u00e9g\u00e8re et r\u00e9sistante, adapt\u00e9e aux activit\u00e9s en ext\u00e9rieur. Sa garniture int\u00e9rieure en polyester assure une isolation thermique efficace. La doudoune est compressible dans son sac de rangement, ce qui la rend facile \u00e0 transporter. Elle dispose de deux poches zipp\u00e9es pratiques pour ranger de petits objets. Le contraste int\u00e9rieur et capuche apporte une touche visuelle. \n\n- Mati\u00e8re ext\u00e9rieure : 100% polyamide\n- Garniture : polyester\n- Poches : 2 poches zipp\u00e9es\n- Capuche : int\u00e9gr\u00e9e et contrast\u00e9e\n- Sac de rangement : inclus","en":"This lightweight hooded jacket is designed to provide warmth and comfort for children. Made of polyamide, it is both lightweight and resistant, suitable for outdoor activities. Its polyester inner filling ensures effective thermal insulation. The jacket is compressible in its storage bag, making it easy to carry. It features two practical zip pockets for storing small items. The contrasting interior and hood add a visual touch. \n\n- Exterior material: 100% polyamide\n- Filling: polyester\n- Pockets: 2 zip pockets\n- Hood: integrated and contrasting\n- Storage bag: included","de":"Diese leichte Kapuzenjacke ist so konzipiert, dass sie Kindern W\u00e4rme und Komfort bietet. Aus Polyamid gefertigt, ist sie leicht und strapazierf\u00e4hig, ideal f\u00fcr Aktivit\u00e4ten im Freien. Die Innenf\u00fcllung aus Polyester sorgt f\u00fcr eine effektive W\u00e4rmeisolierung. Die Jacke ist in ihrem Aufbewahrungsbeutel komprimierbar, was den Transport erleichtert. Sie verf\u00fcgt \u00fcber zwei praktische Rei\u00dfverschlusstaschen zum Verstauen kleiner Gegenst\u00e4nde. Der kontrastierende Innenraum und die Kapuze bringen eine visuelle Note.","nl":"Deze lichte jas met capuchon is ontworpen om kinderen warmte en comfort te bieden. Gemaakt van polyamide, is het zowel licht als sterk en geschikt voor buitenactiviteiten. De binnenste vulling van polyester biedt effectieve thermische isolatie. De jas is in zijn opbergzak samendrukbaar, wat het makkelijk te vervoeren maakt. Het heeft twee handige zakken met ritsen om kleine voorwerpen op te bergen. Het contrast binnen en capuchon brengen een visuele toets. \n\n- Buitenmateriaal: 100% polyamide\n- Vulling: polyester\n- Zakken: 2 zakken met ritsen\n- Capuchon: ingebouwd en contrastrijk\n- Opbergzak: inbegrepen","es":"Esta chaqueta ligera con capucha est\u00e1 dise\u00f1ada para ofrecer calor y confort a los ni\u00f1os. Fabricada en poliamida, es a la vez ligera y resistente, adecuada para actividades al aire libre. Su relleno interior de poli\u00e9ster asegura un aislamiento t\u00e9rmico eficaz. La chaqueta es comprimible en su bolsa de almacenamiento, lo que la hace f\u00e1cil de transportar. Tiene dos bolsillos pr\u00e1cticos con cremallera para guardar peque\u00f1os objetos. El contraste interior y capucha aporta un toque visual.","it":"Questa giacca imbottita leggera con cappuccio \u00e8 progettata per offrire calore e comfort ai bambini. Realizzata in poliammide, \u00e8 leggera e resistente, adatta alle attivit\u00e0 all'aperto. Il suo imbottitura interna in poliestere garantisce un isolamento termico efficace. La giacca \u00e8 compressibile nel suo sacchetto di conservazione, il che la rende facile da trasportare. Ha due tasche zip pratiche per riporre piccoli oggetti. Il contrasto interno e il cappuccio aggiungono un tocco visivo. \n\n- Materiale esterno: 100% poliammide\n- Imbottitura: poliestere\n- Tasche: 2 tasche zip\n- Cappuccio: integrato e contrastato\n- Sacchetto di conservazione: incluso","sv":"Denna l\u00e4tt jacka med huva \u00e4r designad f\u00f6r att erbjuda v\u00e4rme och komfort till barn. Tillverkad av polyamid \u00e4r den b\u00e5de l\u00e4tt och t\u00e5lig, l\u00e4mplig f\u00f6r utomhusaktiviteter. Dess inre fyllning av polyester s\u00e4kerst\u00e4ller effektiv v\u00e4rmeisolerande. Jackan kan komprimeras i sitt f\u00f6rvaringsfack, vilket g\u00f6r den l\u00e4tt att transportera. Den har tv\u00e5 praktiska zippfickor f\u00f6r att f\u00f6rvara sm\u00e5 saker. Den inre kontrasten och huva tillf\u00f6r en visuell touch.\n\n- Ytmaterial: 100% polyamid\n- Fyllning: polyester\n- Fickor: 2 zippfickor\n- Huva: integrerad och kontrastrik\n- F\u00f6rvaringsfack: inkluderat","pt":"Esta jaqueta acolchoada leve com capuz \u00e9 projetada para oferecer calor e conforto \u00e0s crian\u00e7as. Fabricada em poliamida, \u00e9 leve e resistente, adequada para atividades ao ar livre. Seu enchimento interno de poli\u00e9ster garante um isolamento t\u00e9rmico eficaz. A jaqueta \u00e9 compress\u00edvel em seu saco de armazenamento, tornando-a f\u00e1cil de transportar. Possui dois bolsos com z\u00edper pr\u00e1ticos para guardar pequenos objetos. O contraste interno e capuz trazem um toque visual.","da":"Denne lys vinterjakke med h\u00e6tte er designet til at tilbyde varme og komfort til b\u00f8rn. Fremstillet af polyamid, er den b\u00e5de let og holdbar, egnet til udend\u00f8rs aktiviteter. Indvendig fyld er af polyester, der sikrer effektiv varmeisolering. Vinterjakken kan komprimeres i sin opbevaringspose, hvilket g\u00f8r den nem at transportere. Den har to praktiske lysknappede lommer til opbevaring af sm\u00e5 genstande. Indvendig kontrast og h\u00e6tte tilf\u00f8jer en visuel effekt. \n\n- Ydre materiale: 100% polyamid\n- Fyld: polyester\n- Lommer: 2 lysknappede lommer\n- H\u00e6tte: integreret og kontrasterende\n- Opbevaringspose: inkluderet","pl":"Ta lekka kurtka z kapturkiem jest zaprojektowana, aby zapewni\u0107 dziecku ciep\u0142o i komfort. Wykonana z poliamidu, jest jednocze\u015bnie lekka i odporna, idealna do aktywno\u015bci na \u015bwie\u017cym powietrzu. Jej wype\u0142nienie z poliestru zapewnia skuteczn\u0105 izolacj\u0119 termiczn\u0105. Kurtka jest kompresyjna w tobie do przechowywania, co czyni j\u0105 \u0142atw\u0105 w transporcie. Dysponuje dwiema praktycznymi zapi\u0119tymi kieszeniami do przechowywania ma\u0142ych przedmiot\u00f3w. Kontrastowe wn\u0119trze i kaptur dodaj\u0105 wizualnego akcentu. \n\n- Materia\u0142 zewn\u0119trzny: 100% poliamid\n- Wype\u0142nienie: poliestr\n- Kieszenie: 2 zapi\u0119te kieszenie\n- Kaptur: wbudowany i kontrastowy\n- Torebka na przechowywanie: do\u0142\u0105czona"},"h1":{"fr":"Doudoune l\u00e9g\u00e8re capuche enfant k6112","en":"Lightweight hooded child's k6112 jacket","de":"Leichte Kapuzenjacke f\u00fcr Kinder k6112","nl":"Lichte jassen met capuchon voor kinderen k6112","es":"Chaqueta ligera con capucha para ni\u00f1o k6112","it":"Giacca imbottita leggera con cappuccio bambino k6112","sv":"L\u00e4tt jacka med huva f\u00f6r barn k6112","pt":"Jaqueta acolchoada leve com capuz infantil k6112","da":"Lys vinterjakke med h\u00e6tte til b\u00f8rn k6112","pl":"Lekka kurtka z kapturkiem dla dziecka k6112"},"meta_description":{"fr":"Doudoune l\u00e9g\u00e8re capuche enfant, id\u00e9ale pour les activit\u00e9s en ext\u00e9rieur. Chaude, compressible et facile \u00e0 transporter. 2 poches zipp\u00e9es.","en":"Lightweight hooded child's jacket, ideal for outdoor activities. Warm, compressible and easy to carry. 2 zip pockets.","de":"Leichte Kapuzenjacke f\u00fcr Kinder, ideal f\u00fcr Aktivit\u00e4ten im Freien. Warm, komprimierbar und leicht zu transportieren. 2 Rei\u00dfverschlusstaschen.","nl":"Lichte jassen met capuchon voor kinderen, ideaal voor buitenactiviteiten. Warm, compressibel en makkelijk te vervoeren. 2 zakken met ritsen.","es":"Chaqueta ligera con capucha para ni\u00f1o, ideal para actividades al aire libre. Caliente, comprimible y f\u00e1cil de transportar. 2 bolsillos con cremallera.","it":"Giacca imbottita leggera con cappuccio bambino, ideale per le attivit\u00e0 all'aperto. Calda, compressibile e facile da trasportare. 2 tasche zip.","sv":"L\u00e4tt jacka med huva f\u00f6r barn, idealisk f\u00f6r utomhusaktiviteter. Varm, komprimerbar och l\u00e4tt att transportera. 2 zippfickor.","pt":"Jaqueta acolchoada leve com capuz infantil, ideal para atividades ao ar livre. Quente, compress\u00edvel e f\u00e1cil de transportar. 2 bolsos com z\u00edper.","da":"Lys vinterjakke med h\u00e6tte til b\u00f8rn, ideel til udend\u00f8rs aktiviteter. Varme, komprimerbare og nemme at transportere. 2 lysknappede lommer.","pl":"Lekka kurtka z kapturkiem dla dziecka, idealna do aktywno\u015bci na \u015bwie\u017cym powietrzu. Ciep\u0142a, kompresyjna i \u0142atwa do transportu. 2 zapi\u0119te kieszenie."}},"custom":{"title":{"fr":"Doudoune l\u00e9g\u00e8re capuche enfant KARIBAN k6112 personnalisable","en":"Lightweight hooded child's KARIBAN k6112 jacket customizable","de":"Leichte Kinderjacke mit Kapuze Kariban k6112 personalisierbar","nl":"Lichte jassen met kapje voor kinderen KARIBAN k6112 aanpasbaar","es":"Chaqueta ligera con capucha para ni\u00f1o KARIBAN k6112 personalizable","it":"Giacca imbottita leggera con cappuccio bambino KARIBAN k6112 personalizzabile","sv":"L\u00e4tt barnvinterjacka med huva KARIBAN k6112 personaliserbar","pt":"Jaqueta leve com capuz infantil KARIBAN k6112 personaliz\u00e1vel","da":"Let doudoune med h\u00e6tte til b\u00f8rn k6112 tilpasseligt","pl":"Lekki p\u0142aszcz z kapturzem dla dziecka KARIBAN k6112 personalizowalny"},"description":{"fr":"Cette doudoune l\u00e9g\u00e8re avec capuche pour enfant offre un confort thermique optimal gr\u00e2ce \u00e0 sa garniture int\u00e9rieure en polyester et son tissu ext\u00e9rieur en 100% polyamide. Ultral\u00e9g\u00e8re et compressible dans son sac de rangement, elle est id\u00e9ale pour les activit\u00e9s en ext\u00e9rieur et les voyages. Elle dispose de deux poches zipp\u00e9es pratiques pour ranger les petits objets. L'int\u00e9rieur et la capuche contrast\u00e9s apportent une touche de style. Ce mod\u00e8le est disponible dans diff\u00e9rentes couleurs. La doudoune est con\u00e7ue pour un confort optimal et une grande libert\u00e9 de mouvement. Possibilit\u00e9 de personnalisation pour ajouter votre logo ou un visuel de votre choix. \n\n- Composition : 100% polyamide\n- Garniture : Polyester\n- Coupe-vent\n- Poches zipp\u00e9es\n- Capuche int\u00e9gr\u00e9e\n- Sac de rangement inclus\n- Possibilit\u00e9 de personnalisation","en":"This lightweight hooded jacket for children offers optimal thermal comfort thanks to its polyester inner lining and outer fabric made of 100% polyamide. Ultra-light and compressible in its storage bag, it is ideal for outdoor activities and travel. It features two practical zipped pockets for storing small items. The contrasting interior and hood add a touch of style. This model is available in different colors. The jacket is designed for optimal comfort and great freedom of movement. Possibility of customization to add your logo or a visual of your choice. \n\n- Composition: 100% polyamide\n- Filling: Polyester\n- Windproof\n- Zipped pockets\n- Integrated hood\n- Storage bag included\n- Customization possible","de":"Diese leichte Kinderjacke mit Kapuze bietet optimalen thermischen Komfort dank ihrer Innenf\u00fcllung aus Polyester und ihrem Au\u00dfenstoff aus 100% Polyamid. Extrem leicht und komprimierbar in ihrer Verstaub\u00f6rse, ist sie ideal f\u00fcr Outdoor-Aktivit\u00e4ten und Reisen. Sie verf\u00fcgt \u00fcber zwei praktische Rei\u00dfverschlusstaschen zum Verstauen kleiner Gegenst\u00e4nde. Das kontrastierende Innenfutter und die Kapuze verleihen ihr einen stilvollen Akzent. Dieses Modell ist in verschiedenen Farben erh\u00e4ltlich. Die Jacke ist f\u00fcr optimalen Komfort und gro\u00dfe Bewegungsfreiheit konzipiert. M\u00f6glichkeit zur Personalisierung, um Ihr Logo oder ein von Ihnen gew\u00e4hltes Bild hinzuzuf\u00fcgen.\n\n- Zusammensetzung: 100% Polyamid\n- F\u00fcllung: Polyester\n- Winddicht\n- Rei\u00dfverschlusstaschen\n- Integrierte Kapuze\n- Verstaub\u00f6rse enthalten\n- M\u00f6glichkeit zur Personalisierung","nl":"Deze lichte jassen met kapje voor kinderen biedt een optimale thermische comfort dankzij de polyester vulling en het buitenmateriaal van 100% polyamide. Ultralicht en samendrukbaar in zijn opslagzak, is het ideaal voor buitenactiviteiten en reizen. Het beschikt over twee handige zipzakken om kleine voorwerpen op te bergen. Het contrastrijke binnenmateriaal en de kapje geven een stijlvolle uitstraling. Dit model is beschikbaar in verschillende kleuren. De jassen zijn ontworpen voor een optimale comfort en grote bewegingsvrijheid. Mogelijkheid tot aanpassing om uw logo of een afbeelding van uw keuze toe te voegen.\n\n- Samenstelling: 100% polyamide\n- Vulling: Polyester\n- Winddicht\n- Zipzakken\n- Ingebouwde kapje\n- Inclusief opslagzak\n- Mogelijkheid tot aanpassing","es":"Esta chaqueta ligera con capucha para ni\u00f1o ofrece un confort t\u00e9rmico \u00f3ptimo gracias a su forro interior de poli\u00e9ster y su tejido exterior de 100% poliamida. Ultra ligera y compresible en su bolsa de almacenamiento, es ideal para actividades al aire libre y viajes. Dispone de dos bolsillos pr\u00e1cticos con cremallera para guardar peque\u00f1os objetos. El interior y la capucha contrastados aportan un toque de estilo. Este modelo est\u00e1 disponible en diferentes colores. La chaqueta est\u00e1 dise\u00f1ada para un confort \u00f3ptimo y una gran libertad de movimiento. Posibilidad de personalizaci\u00f3n para a\u00f1adir su logo o un dise\u00f1o de su elecci\u00f3n. \n\n- Composici\u00f3n: 100% poliamida\n- Forro: Poli\u00e9ster\n- Resistente al viento\n- Bolsillos con cremallera\n- Capucha integrada\n- Bolsa de almacenamiento incluida\n- Posibilidad de personalizaci\u00f3n","it":"Questa giacca imbottita leggera con cappuccio per bambino offre un comfort termico ottimale grazie alla sua imbottitura interna in poliestere e al suo tessuto esterno in 100% poliammide. Ultraleggera e compressibile nella sua borsa da viaggio, \u00e8 ideale per le attivit\u00e0 all'aperto e i viaggi. Dispone di due tasche zip pratiche per riporre piccoli oggetti. L'interno e il cappuccio contrastanti aggiungono un tocco di stile. Questo modello \u00e8 disponibile in diversi colori. La giacca imbottita \u00e8 progettata per un comfort ottimale e una grande libert\u00e0 di movimento. Possibilit\u00e0 di personalizzazione per aggiungere il vostro logo o un'immagine di vostra scelta. \n\n- Composizione: 100% poliammide\n- Imbottitura: Poliestere\n- Antivento\n- Tasche zip\n- Cappuccio integrato\n- Borsa da viaggio inclusa\n- Possibilit\u00e0 di personalizzazione","sv":"Denna l\u00e4tt vinterjacka med huva f\u00f6r barn erbjuder optimal termisk komfort tack vare sin inre fyllning i polyester och sitt yttre tyg i 100% polyamid. Ultral\u00e4tt och komprimerbar i sin f\u00f6rvaringsp\u00e5se \u00e4r den idealisk f\u00f6r utomhusaktiviteter och resor. Den har tv\u00e5 praktiska zippfickor f\u00f6r att f\u00f6rvara sm\u00e5 f\u00f6rem\u00e5l. Det kontrasterande inre och huva ger en stilfull touch. Denna modell finns i olika f\u00e4rger. Vinterjackan \u00e4r designad f\u00f6r optimal komfort och stor r\u00f6relsefrihet. M\u00f6jlighet att personalisera f\u00f6r att l\u00e4gga till din logotyp eller ett visuellt val av ditt eget val.","pt":"Esta jaqueta leve com capuz para crian\u00e7a oferece conforto t\u00e9rmico \u00f3timo gra\u00e7as ao seu forro interior de poli\u00e9ster e ao tecido exterior de 100% poliamida. Ultraleve e compress\u00edvel na sua saca de arruma\u00e7\u00e3o, \u00e9 ideal para atividades ao ar livre e viagens. Possui duas bolsas com z\u00edper pr\u00e1ticas para guardar pequenos objetos. O interior e o capuz contrastantes trazem um toque de estilo. Este modelo est\u00e1 dispon\u00edvel em diferentes cores. A jaqueta \u00e9 concebida para um conforto \u00f3timo e grande liberdade de movimento. Possibilidade de personaliza\u00e7\u00e3o para adicionar o seu log\u00f3tipo ou um visual da sua escolha.","da":"Denne lette doudoune med h\u00e6tte til b\u00f8rn tilbyder optimal varmekomfort takket v\u00e6re dens indre foder af polyester og ydre stof af 100% polyamid. Ultralet og komprimerbar i sit opbevaringspose, er den ideel til udend\u00f8rsaktiviteter og rejser. Den har to praktiske lomme med zipper til at opbevare sm\u00e5 genstande. Det kontrasterende indre og h\u00e6tte tilf\u00f8jer en stilfuld touch. Modellen er tilg\u00e6ngelig i forskellige farver. Doudounen er designet til optimal komfort og stor bev\u00e6gelighed. Mulighed for tilpasning til at tilf\u00f8je dit logo eller et billedvalg.","pl":"Ten lekki p\u0142aszcz z kapturzem dla dziecka zapewnia optymalny komfort termiczny dzi\u0119ki wype\u0142nieniu z poliestru i zewn\u0119trznej tkaniny z 100% poliamidu. Bardzo lekki i kompresyjny w torbie do przechowywania, jest idealny do aktywno\u015bci na \u015bwie\u017cym powietrzu i podr\u00f3\u017cy. Ma dwa praktyczne zapi\u0119te kieszenie do przechowywania drobnych przedmiot\u00f3w. Wn\u0119trze i kaptur kontrastowe dodaj\u0105 stylu. Ten model jest dost\u0119pny w r\u00f3\u017cnych kolorach. P\u0142aszcz jest zaprojektowany z my\u015bl\u0105 o maksymalnym komforcie i du\u017cej swobodzie ruchu. Mo\u017cliwo\u015b\u0107 personalizacji w celu dodania swojego loga lub wybranego wizualu. \n\n- Sk\u0142ad: 100% poliamid\n- Wype\u0142nienie: Poliestr\n- Odporny na wiatr\n- Kieszenie z zapi\u0119ciem\n- Zintegrowany kaptur\n- Torba do przechowywania do\u0142\u0105czona\n- Mo\u017cliwo\u015b\u0107 personalizacji"},"h1":{"fr":"Doudoune l\u00e9g\u00e8re capuche enfant k6112 personnalisation","en":"Lightweight hooded child's k6112 jacket customization","de":"Leichte Kinderjacke mit Kapuze k6112 Personalisierung","nl":"Lichte jassen met kapje voor kinderen k6112 aanpassing","es":"Chaqueta ligera con capucha para ni\u00f1o k6112 personalizaci\u00f3n","it":"Giacca imbottita leggera con cappuccio bambino k6112 personalizzazione","sv":"L\u00e4tt barnvinterjacka med huva k6112 personalisering","pt":"Jaqueta leve com capuz infantil k6112 personaliza\u00e7\u00e3o","da":"Let doudoune med h\u00e6tte til b\u00f8rn k6112 tilpasning","pl":"Lekki p\u0142aszcz z kapturzem dla dziecka k6112 personalizacja"},"meta_description":{"fr":"Doudoune l\u00e9g\u00e8re capuche enfant, id\u00e9ale pour les mi-saisons. Chaude, compressible et personnalisable. D\u00e9couvrez le mod\u00e8le k6112 KARIBAN.","en":"Lightweight hooded child's jacket, ideal for mid-seasons. Warm, compressible and customizable. Discover the k6112 KARIBAN model.","de":"Leichte Kinderjacke mit Kapuze, ideal f\u00fcr die \u00dcbergangszeiten. Warm, komprimierbar und personalisierbar. Entdecken Sie das Modell k6112 KARIBAN.","nl":"Lichte jassen met kapje voor kinderen, ideaal voor de tussenseizoenen. Warm, samendrukbaar en aanpasbaar. Ontdek het model k6112 KARIBAN.","es":"Chaqueta ligera con capucha para ni\u00f1o, ideal para las medias estaciones. C\u00e1lida, compresible y personalizable. Descubra el modelo k6112 KARIBAN.","it":"Giacca imbottita leggera con cappuccio bambino, ideale per le mezze stagioni. Calda, compressibile e personalizzabile. Scoprite il modello k6112 KARIBAN.","sv":"L\u00e4tt barnvinterjacka med huva, idealisk f\u00f6r mellans\u00e4songerna. Varma, komprimerbar och personaliserbar. Uppt\u00e4ck modellen k6112 KARIBAN.","pt":"Jaqueta leve com capuz infantil, ideal para as esta\u00e7\u00f5es intermedi\u00e1rias. Quente, compress\u00edvel e personaliz\u00e1vel. Descubra o modelo k6112 KARIBAN.","da":"Let doudoune med h\u00e6tte til b\u00f8rn, ideel til mellem\u00e5rstiderne. Varme, komprimerbar og tilpasseligt. Opdag modellen k6112 KARIBAN.","pl":"Lekki p\u0142aszcz z kapturzem dla dziecka, idealny na p\u00f3\u0142rocznia. Ciep\u0142y, kompresyjny i personalizowalny. Odkryj model k6112 KARIBAN."}}},"categories":[{"id":302,"name":"Doudounes","singular":"Doudoune","is_feminin":false},{"id":13,"name":"Vestes et manteaux","singular":"Veste et manteau","is_feminin":true},{"id":354,"name":"Textile","singular":"Textile","is_feminin":false}],"certifications":[{"id":1,"label":"OEKO-TEX 100","logo_link":"\/images\/certifications\/1_OEKO-TEX_100.jpg","is_marking_compatible":false}],"videos":{"fr":[],"en":[],"de":[],"nl":[],"es":[],"it":[],"sv":[],"pt":[],"da":[],"pl":[]},"main_images":{"miniature":"https:\/\/media.th4.com\/2O0mML3YP0LamgUm2EPjZQfCa9oPYPqrpUd2DxFMESQ\/pr:80\/aHR0cDovL21lZGlhMi5kZXNpZ25wYXJ0bmVyLmZyL2MvcC1NVC84NjQwLmpwZw?v=1670844165","medium":"https:\/\/media.th4.com\/sPJfnOWzggAyllxoPFZlXlwnZBJAoHNtaij2p1XryV0\/pr:550x550greybg\/aHR0cDovL21lZGlhMi5kZXNpZ25wYXJ0bmVyLmZyL2MvcC1NVC84NjQwLmpwZw?v=1670844165","medium_large":"https:\/\/media.th4.com\/T5xBTz7td7C0BlM348jJn53Tolgrdl285Y2FE4NbIPI\/pr:1000x1000greybg\/aHR0cDovL21lZGlhMi5kZXNpZ25wYXJ0bmVyLmZyL2MvcC1NVC84NjQwLmpwZw?v=1670844165","large":"https:\/\/media.th4.com\/snOiuX80mjoe3t1ZDxHbIJGDqUocTxCaYvyJuJWmhII\/pr:1920greybg\/aHR0cDovL21lZGlhMi5kZXNpZ25wYXJ0bmVyLmZyL2MvcC1NVC84NjQwLmpwZw?v=1670844165","opengraph":"https:\/\/media.th4.com\/00wHnEo_XcQ1zPpjYHecRqS1QQ7f10b1mUMJIiX3EXU\/pr:1200x630greybg\/aHR0cDovL21lZGlhMi5kZXNpZ25wYXJ0bmVyLmZyL2MvcC1NVC84NjQwLmpwZw?v=1670844165"},"main_images_customization":{"miniature":"https:\/\/media.th4.com\/2O0mML3YP0LamgUm2EPjZQfCa9oPYPqrpUd2DxFMESQ\/pr:80\/aHR0cDovL21lZGlhMi5kZXNpZ25wYXJ0bmVyLmZyL2MvcC1NVC84NjQwLmpwZw?v=1670844165","medium":"https:\/\/media.th4.com\/sPJfnOWzggAyllxoPFZlXlwnZBJAoHNtaij2p1XryV0\/pr:550x550greybg\/aHR0cDovL21lZGlhMi5kZXNpZ25wYXJ0bmVyLmZyL2MvcC1NVC84NjQwLmpwZw?v=1670844165","medium_large":"https:\/\/media.th4.com\/T5xBTz7td7C0BlM348jJn53Tolgrdl285Y2FE4NbIPI\/pr:1000x1000greybg\/aHR0cDovL21lZGlhMi5kZXNpZ25wYXJ0bmVyLmZyL2MvcC1NVC84NjQwLmpwZw?v=1670844165","large":"https:\/\/media.th4.com\/snOiuX80mjoe3t1ZDxHbIJGDqUocTxCaYvyJuJWmhII\/pr:1920greybg\/aHR0cDovL21lZGlhMi5kZXNpZ25wYXJ0bmVyLmZyL2MvcC1NVC84NjQwLmpwZw?v=1670844165","opengraph":"https:\/\/media.th4.com\/00wHnEo_XcQ1zPpjYHecRqS1QQ7f10b1mUMJIiX3EXU\/pr:1200x630greybg\/aHR0cDovL21lZGlhMi5kZXNpZ25wYXJ0bmVyLmZyL2MvcC1NVC84NjQwLmpwZw?v=1670844165"},"page_links":{"fr":"\/fr\/p-ka-k6112-doudoune-legere-capuche-enfant-k6112-8640\/","en":"\/en\/p-ka-k6112-lightweight-hooded-childs-k6112-jacket-8640\/","de":"\/de\/p-ka-k6112-leichte-kapuzenjacke-fur-kinder-k6112-8640\/","nl":"\/nl\/p-ka-k6112-lichte-jassen-met-capuchon-voor-kinderen-k6112-8640\/","es":"\/es\/p-ka-k6112-chaqueta-ligera-con-capucha-para-nino-k6112-8640\/","it":"\/it\/p-ka-k6112-giacca-imbottita-leggera-con-cappuccio-bambino-k6112-8640\/","sv":"\/sv\/p-ka-k6112-latt-jacka-med-huva-for-barn-k6112-8640\/","pt":"\/pt\/p-ka-k6112-jaqueta-acolchoada-leve-com-capuz-infantil-k6112-8640\/","da":"\/da\/p-ka-k6112-lys-vinterjakke-med-haette-til-born-k6112-8640\/","pl":"\/pl\/p-ka-k6112-lekka-kurtka-z-kapturkiem-dla-dziecka-k6112-8640\/"},"page_links_customization":{"fr":"\/fr\/p-ka-k6112-doudoune-legere-capuche-enfant-k6112-personnalisation-8640\/custom\/","en":"\/en\/p-ka-k6112-lightweight-hooded-childs-k6112-jacket-customization-8640\/custom\/","de":"\/de\/p-ka-k6112-leichte-kinderjacke-mit-kapuze-k6112-personalisierung-8640\/custom\/","nl":"\/nl\/p-ka-k6112-lichte-jassen-met-kapje-voor-kinderen-k6112-aanpassing-8640\/custom\/","es":"\/es\/p-ka-k6112-chaqueta-ligera-con-capucha-para-nino-k6112-personalizacion-8640\/custom\/","it":"\/it\/p-ka-k6112-giacca-imbottita-leggera-con-cappuccio-bambino-k6112-personalizzazione-8640\/custom\/","sv":"\/sv\/p-ka-k6112-latt-barnvinterjacka-med-huva-k6112-personalisering-8640\/custom\/","pt":"\/pt\/p-ka-k6112-jaqueta-leve-com-capuz-infantil-k6112-personalizacao-8640\/custom\/","da":"\/da\/p-ka-k6112-let-doudoune-med-haette-til-born-k6112-tilpasning-8640\/custom\/","pl":"\/pl\/p-ka-k6112-lekki-plaszcz-z-kapturzem-dla-dziecka-k6112-personalizacja-8640\/custom\/"},"equivalent_products":[8636,8635],"colors":[{"id":1520,"name":"black","class_ids":[4],"codes_hexa":["1a1a18"],"delai_24":false,"has_3d":false,"seuil_global":0,"stock_local":0,"stock_global":1955,"on_standby":false,"in_catalog":true,"images":{"miniature":["https:\/\/media.th4.com\/R2Ck5MQcxYTHrIxe1vko9V50jaMUkMsWGWqHCOO424g\/pr:80\/aHR0cDovL21lZGlhMi5kZXNpZ25wYXJ0bmVyLmZyL2MvcC84NjQwLzg2NDAtMTUyMC0xLmpwZw?v=1638344696","https:\/\/media.th4.com\/JLXKmpxBNiAkYlW-rv5mazrspA5pVe4WlI37ALyd5WI\/pr:80\/aHR0cDovL21lZGlhMi5kZXNpZ25wYXJ0bmVyLmZyL2MvcC84NjQwLzg2NDAtMTUyMC0yLmpwZw?v=1638344696","https:\/\/media.th4.com\/JcZT5Hy2mXir-lHmFVLVRhVllltKoN6_oY87vqRh3EE\/pr:80\/aHR0cDovL21lZGlhMi5kZXNpZ25wYXJ0bmVyLmZyL2MvcC84NjQwLzg2NDAtMTUyMC0zLmpwZw?v=1638344696"],"medium":["https:\/\/media.th4.com\/UmH5JpN5gnyTUKvbD9D4BF-dQmTc2H054Xt6JAyHXJw\/pr:550x550\/aHR0cDovL21lZGlhMi5kZXNpZ25wYXJ0bmVyLmZyL2MvcC84NjQwLzg2NDAtMTUyMC0xLmpwZw?v=1638344696","https:\/\/media.th4.com\/WsyejwayyXjRheBE6aGb8IBqwFkA4f1B0vBMd3mYMAk\/pr:550x550\/aHR0cDovL21lZGlhMi5kZXNpZ25wYXJ0bmVyLmZyL2MvcC84NjQwLzg2NDAtMTUyMC0yLmpwZw?v=1638344696","https:\/\/media.th4.com\/vzCz1pJEjoMZHzQRhrFKlB_a-P9wZ8lJd98rVcM1hps\/pr:550x550\/aHR0cDovL21lZGlhMi5kZXNpZ25wYXJ0bmVyLmZyL2MvcC84NjQwLzg2NDAtMTUyMC0zLmpwZw?v=1638344696"],"medium_large":["https:\/\/media.th4.com\/8WuGSDQgVIgez-lLGTtZT2Rdu7dHupwH22nN0YihNuI\/pr:1000x1000\/aHR0cDovL21lZGlhMi5kZXNpZ25wYXJ0bmVyLmZyL2MvcC84NjQwLzg2NDAtMTUyMC0xLmpwZw?v=1638344696","https:\/\/media.th4.com\/_IXrYXASIzMcVmNl5vyC-15B4oQBF8w0wS4aOBqQKdo\/pr:1000x1000\/aHR0cDovL21lZGlhMi5kZXNpZ25wYXJ0bmVyLmZyL2MvcC84NjQwLzg2NDAtMTUyMC0yLmpwZw?v=1638344696","https:\/\/media.th4.com\/rXOYilEtDOoauIMy-jN1KUsV7etgy5L78dyzShvBeb0\/pr:1000x1000\/aHR0cDovL21lZGlhMi5kZXNpZ25wYXJ0bmVyLmZyL2MvcC84NjQwLzg2NDAtMTUyMC0zLmpwZw?v=1638344696"],"large":["https:\/\/media.th4.com\/lfXEppYJ6osnDAYSbWW6WV0qs06N3rREfDF3xYhFfNs\/pr:1920\/aHR0cDovL21lZGlhMi5kZXNpZ25wYXJ0bmVyLmZyL2MvcC84NjQwLzg2NDAtMTUyMC0xLmpwZw?v=1638344696","https:\/\/media.th4.com\/RwpHauBaYhHx-XHu3_3udDFtXmozWHqshYhwN0ZPdx8\/pr:1920\/aHR0cDovL21lZGlhMi5kZXNpZ25wYXJ0bmVyLmZyL2MvcC84NjQwLzg2NDAtMTUyMC0yLmpwZw?v=1638344696","https:\/\/media.th4.com\/qDnCwFjsudSp_yTGdEdfOQviw6uT2uNR7agl-Yz1AI4\/pr:1920\/aHR0cDovL21lZGlhMi5kZXNpZ25wYXJ0bmVyLmZyL2MvcC84NjQwLzg2NDAtMTUyMC0zLmpwZw?v=1638344696"],"opengraph":["https:\/\/media.th4.com\/SEDPrgxuJEDxiT12nAjOU1GyoTtPP68lvUOC704F1FQ\/pr:1200x630\/aHR0cDovL21lZGlhMi5kZXNpZ25wYXJ0bmVyLmZyL2MvcC84NjQwLzg2NDAtMTUyMC0xLmpwZw?v=1638344696","https:\/\/media.th4.com\/SGQW3EtreyKOpuC0Hi7rYAyVPTvu7X5xzQPFHT_ugWM\/pr:1200x630\/aHR0cDovL21lZGlhMi5kZXNpZ25wYXJ0bmVyLmZyL2MvcC84NjQwLzg2NDAtMTUyMC0yLmpwZw?v=1638344696","https:\/\/media.th4.com\/P-9aFzQMoRZo4k99f4Kb_tSnXW1uM30Zw4J8CXrLkWM\/pr:1200x630\/aHR0cDovL21lZGlhMi5kZXNpZ25wYXJ0bmVyLmZyL2MvcC84NjQwLzg2NDAtMTUyMC0zLmpwZw?v=1638344696"]},"images_customization":{"miniature":["https:\/\/media.th4.com\/R2Ck5MQcxYTHrIxe1vko9V50jaMUkMsWGWqHCOO424g\/pr:80\/aHR0cDovL21lZGlhMi5kZXNpZ25wYXJ0bmVyLmZyL2MvcC84NjQwLzg2NDAtMTUyMC0xLmpwZw?v=1638344696","https:\/\/media.th4.com\/JLXKmpxBNiAkYlW-rv5mazrspA5pVe4WlI37ALyd5WI\/pr:80\/aHR0cDovL21lZGlhMi5kZXNpZ25wYXJ0bmVyLmZyL2MvcC84NjQwLzg2NDAtMTUyMC0yLmpwZw?v=1638344696","https:\/\/media.th4.com\/JcZT5Hy2mXir-lHmFVLVRhVllltKoN6_oY87vqRh3EE\/pr:80\/aHR0cDovL21lZGlhMi5kZXNpZ25wYXJ0bmVyLmZyL2MvcC84NjQwLzg2NDAtMTUyMC0zLmpwZw?v=1638344696"],"medium":["https:\/\/media.th4.com\/UmH5JpN5gnyTUKvbD9D4BF-dQmTc2H054Xt6JAyHXJw\/pr:550x550\/aHR0cDovL21lZGlhMi5kZXNpZ25wYXJ0bmVyLmZyL2MvcC84NjQwLzg2NDAtMTUyMC0xLmpwZw?v=1638344696","https:\/\/media.th4.com\/WsyejwayyXjRheBE6aGb8IBqwFkA4f1B0vBMd3mYMAk\/pr:550x550\/aHR0cDovL21lZGlhMi5kZXNpZ25wYXJ0bmVyLmZyL2MvcC84NjQwLzg2NDAtMTUyMC0yLmpwZw?v=1638344696","https:\/\/media.th4.com\/vzCz1pJEjoMZHzQRhrFKlB_a-P9wZ8lJd98rVcM1hps\/pr:550x550\/aHR0cDovL21lZGlhMi5kZXNpZ25wYXJ0bmVyLmZyL2MvcC84NjQwLzg2NDAtMTUyMC0zLmpwZw?v=1638344696"],"medium_large":["https:\/\/media.th4.com\/8WuGSDQgVIgez-lLGTtZT2Rdu7dHupwH22nN0YihNuI\/pr:1000x1000\/aHR0cDovL21lZGlhMi5kZXNpZ25wYXJ0bmVyLmZyL2MvcC84NjQwLzg2NDAtMTUyMC0xLmpwZw?v=1638344696","https:\/\/media.th4.com\/_IXrYXASIzMcVmNl5vyC-15B4oQBF8w0wS4aOBqQKdo\/pr:1000x1000\/aHR0cDovL21lZGlhMi5kZXNpZ25wYXJ0bmVyLmZyL2MvcC84NjQwLzg2NDAtMTUyMC0yLmpwZw?v=1638344696","https:\/\/media.th4.com\/rXOYilEtDOoauIMy-jN1KUsV7etgy5L78dyzShvBeb0\/pr:1000x1000\/aHR0cDovL21lZGlhMi5kZXNpZ25wYXJ0bmVyLmZyL2MvcC84NjQwLzg2NDAtMTUyMC0zLmpwZw?v=1638344696"],"large":["https:\/\/media.th4.com\/lfXEppYJ6osnDAYSbWW6WV0qs06N3rREfDF3xYhFfNs\/pr:1920\/aHR0cDovL21lZGlhMi5kZXNpZ25wYXJ0bmVyLmZyL2MvcC84NjQwLzg2NDAtMTUyMC0xLmpwZw?v=1638344696","https:\/\/media.th4.com\/RwpHauBaYhHx-XHu3_3udDFtXmozWHqshYhwN0ZPdx8\/pr:1920\/aHR0cDovL21lZGlhMi5kZXNpZ25wYXJ0bmVyLmZyL2MvcC84NjQwLzg2NDAtMTUyMC0yLmpwZw?v=1638344696","https:\/\/media.th4.com\/qDnCwFjsudSp_yTGdEdfOQviw6uT2uNR7agl-Yz1AI4\/pr:1920\/aHR0cDovL21lZGlhMi5kZXNpZ25wYXJ0bmVyLmZyL2MvcC84NjQwLzg2NDAtMTUyMC0zLmpwZw?v=1638344696"],"opengraph":["https:\/\/media.th4.com\/SEDPrgxuJEDxiT12nAjOU1GyoTtPP68lvUOC704F1FQ\/pr:1200x630\/aHR0cDovL21lZGlhMi5kZXNpZ25wYXJ0bmVyLmZyL2MvcC84NjQwLzg2NDAtMTUyMC0xLmpwZw?v=1638344696","https:\/\/media.th4.com\/SGQW3EtreyKOpuC0Hi7rYAyVPTvu7X5xzQPFHT_ugWM\/pr:1200x630\/aHR0cDovL21lZGlhMi5kZXNpZ25wYXJ0bmVyLmZyL2MvcC84NjQwLzg2NDAtMTUyMC0yLmpwZw?v=1638344696","https:\/\/media.th4.com\/P-9aFzQMoRZo4k99f4Kb_tSnXW1uM30Zw4J8CXrLkWM\/pr:1200x630\/aHR0cDovL21lZGlhMi5kZXNpZ25wYXJ0bmVyLmZyL2MvcC84NjQwLzg2NDAtMTUyMC0zLmpwZw?v=1638344696"]},"country_origin":"CN","traceability":{"manufacturing_country_id":null,"weaving_country_id":null,"dyeing_country_id":null},"sizes":[{"id":1396,"article_id":280003,"class_id":15,"name":"6\/8ans","on_standby":false,"stock_local":0,"stock_global":348,"multiple":1,"estimated_date_reassort":null,"is_destocking":false},{"id":1397,"article_id":280004,"class_id":16,"name":"8\/10ans","on_standby":false,"stock_local":0,"stock_global":477,"multiple":1,"estimated_date_reassort":null,"is_destocking":false},{"id":1398,"article_id":280005,"class_id":17,"name":"10\/12ans","on_standby":false,"stock_local":0,"stock_global":463,"multiple":1,"estimated_date_reassort":null,"is_destocking":false},{"id":33,"article_id":280006,"class_id":17,"name":"12\/14ans","on_standby":false,"stock_local":0,"stock_global":667,"multiple":1,"estimated_date_reassort":null,"is_destocking":false}],"page_links":{"fr":"\/fr\/p-ka-k6112-doudoune-legere-capuche-enfant-k6112-8640\/black-1520\/","en":"\/en\/p-ka-k6112-lightweight-hooded-childs-k6112-jacket-8640\/black-1520\/","de":"\/de\/p-ka-k6112-leichte-kapuzenjacke-fur-kinder-k6112-8640\/black-1520\/","nl":"\/nl\/p-ka-k6112-lichte-jassen-met-capuchon-voor-kinderen-k6112-8640\/black-1520\/","es":"\/es\/p-ka-k6112-chaqueta-ligera-con-capucha-para-nino-k6112-8640\/black-1520\/","it":"\/it\/p-ka-k6112-giacca-imbottita-leggera-con-cappuccio-bambino-k6112-8640\/black-1520\/","sv":"\/sv\/p-ka-k6112-latt-jacka-med-huva-for-barn-k6112-8640\/black-1520\/","pt":"\/pt\/p-ka-k6112-jaqueta-acolchoada-leve-com-capuz-infantil-k6112-8640\/black-1520\/","da":"\/da\/p-ka-k6112-lys-vinterjakke-med-haette-til-born-k6112-8640\/black-1520\/","pl":"\/pl\/p-ka-k6112-lekka-kurtka-z-kapturkiem-dla-dziecka-k6112-8640\/black-1520\/"},"page_links_customization":{"fr":"\/fr\/p-ka-k6112-doudoune-legere-capuche-enfant-k6112-personnalisation-8640\/black-1520\/custom\/","en":"\/en\/p-ka-k6112-lightweight-hooded-childs-k6112-jacket-customization-8640\/black-1520\/custom\/","de":"\/de\/p-ka-k6112-leichte-kinderjacke-mit-kapuze-k6112-personalisierung-8640\/black-1520\/custom\/","nl":"\/nl\/p-ka-k6112-lichte-jassen-met-kapje-voor-kinderen-k6112-aanpassing-8640\/black-1520\/custom\/","es":"\/es\/p-ka-k6112-chaqueta-ligera-con-capucha-para-nino-k6112-personalizacion-8640\/black-1520\/custom\/","it":"\/it\/p-ka-k6112-giacca-imbottita-leggera-con-cappuccio-bambino-k6112-personalizzazione-8640\/black-1520\/custom\/","sv":"\/sv\/p-ka-k6112-latt-barnvinterjacka-med-huva-k6112-personalisering-8640\/black-1520\/custom\/","pt":"\/pt\/p-ka-k6112-jaqueta-leve-com-capuz-infantil-k6112-personalizacao-8640\/black-1520\/custom\/","da":"\/da\/p-ka-k6112-let-doudoune-med-haette-til-born-k6112-tilpasning-8640\/black-1520\/custom\/","pl":"\/pl\/p-ka-k6112-lekki-plaszcz-z-kapturzem-dla-dziecka-k6112-personalizacja-8640\/black-1520\/custom\/"}},{"id":1261,"name":"navy","class_ids":[2],"codes_hexa":["012942"],"delai_24":false,"has_3d":false,"seuil_global":0,"stock_local":0,"stock_global":1590,"on_standby":false,"in_catalog":true,"images":{"miniature":["https:\/\/media.th4.com\/2-xS6vwDX8ck_AW2vXpKl1ucskb0XzNmrEhCIx6KPUI\/pr:80\/aHR0cDovL21lZGlhMi5kZXNpZ25wYXJ0bmVyLmZyL2MvcC84NjQwLzg2NDAtMTI2MS0xLmpwZw?v=1638344696","https:\/\/media.th4.com\/uFpZSk0uIkZxGdgj0tgGfpIHPU0uNGpzataA4m3woMk\/pr:80\/aHR0cDovL21lZGlhMi5kZXNpZ25wYXJ0bmVyLmZyL2MvcC84NjQwLzg2NDAtMTI2MS0yLmpwZw?v=1638344695","https:\/\/media.th4.com\/AUFint9xRYg2J28b7ahXKkcYYPKPGsibrheqw-DOh-Y\/pr:80\/aHR0cDovL21lZGlhMi5kZXNpZ25wYXJ0bmVyLmZyL2MvcC84NjQwLzg2NDAtMTI2MS0zLmpwZw?v=1638344696"],"medium":["https:\/\/media.th4.com\/3fa7YaOEHiRy8ETepka2G_-6wSGYW-f-pOsQ1R78Fk8\/pr:550x550\/aHR0cDovL21lZGlhMi5kZXNpZ25wYXJ0bmVyLmZyL2MvcC84NjQwLzg2NDAtMTI2MS0xLmpwZw?v=1638344696","https:\/\/media.th4.com\/AUbb9upsaisOmWG4LLASJLTG63lStTZqO6gwqqvmUkQ\/pr:550x550\/aHR0cDovL21lZGlhMi5kZXNpZ25wYXJ0bmVyLmZyL2MvcC84NjQwLzg2NDAtMTI2MS0yLmpwZw?v=1638344695","https:\/\/media.th4.com\/6Wl8702rAi7yHiGYV64IAx6qyIgrl96F0kljCnYRBRI\/pr:550x550\/aHR0cDovL21lZGlhMi5kZXNpZ25wYXJ0bmVyLmZyL2MvcC84NjQwLzg2NDAtMTI2MS0zLmpwZw?v=1638344696"],"medium_large":["https:\/\/media.th4.com\/VYMTn-piBBR6cmhGUj-k_5yF-Ia8coL-QhcXiIKbPbo\/pr:1000x1000\/aHR0cDovL21lZGlhMi5kZXNpZ25wYXJ0bmVyLmZyL2MvcC84NjQwLzg2NDAtMTI2MS0xLmpwZw?v=1638344696","https:\/\/media.th4.com\/ZvWqCdRZa5yeNUCFkcmQv-IRymN5kyUHHOIWhORde9k\/pr:1000x1000\/aHR0cDovL21lZGlhMi5kZXNpZ25wYXJ0bmVyLmZyL2MvcC84NjQwLzg2NDAtMTI2MS0yLmpwZw?v=1638344695","https:\/\/media.th4.com\/beakpOWMikhw3kzuf4l8ZAipSwsPd1EVV7u8eM1P6rI\/pr:1000x1000\/aHR0cDovL21lZGlhMi5kZXNpZ25wYXJ0bmVyLmZyL2MvcC84NjQwLzg2NDAtMTI2MS0zLmpwZw?v=1638344696"],"large":["https:\/\/media.th4.com\/w2AvauBp1sp3eYdjpiIKKWsbu1Ka3q-qXgPzVZq-aYQ\/pr:1920\/aHR0cDovL21lZGlhMi5kZXNpZ25wYXJ0bmVyLmZyL2MvcC84NjQwLzg2NDAtMTI2MS0xLmpwZw?v=1638344696","https:\/\/media.th4.com\/4S-G2_yfRalUsFOK3MQtUTkaBDlscNV2QSPli_CLE7o\/pr:1920\/aHR0cDovL21lZGlhMi5kZXNpZ25wYXJ0bmVyLmZyL2MvcC84NjQwLzg2NDAtMTI2MS0yLmpwZw?v=1638344695","https:\/\/media.th4.com\/lnxJq54SHv0Gra_YHGN6gwwC6h-pC4k52gk9vjJX9J4\/pr:1920\/aHR0cDovL21lZGlhMi5kZXNpZ25wYXJ0bmVyLmZyL2MvcC84NjQwLzg2NDAtMTI2MS0zLmpwZw?v=1638344696"],"opengraph":["https:\/\/media.th4.com\/7k_dCE3v8nRdkdsTH5RH62Y6GAnj-sm5Y7zGmEfQRuQ\/pr:1200x630\/aHR0cDovL21lZGlhMi5kZXNpZ25wYXJ0bmVyLmZyL2MvcC84NjQwLzg2NDAtMTI2MS0xLmpwZw?v=1638344696","https:\/\/media.th4.com\/xoz6WuepQ3Rt4pESfb-YWWVahM7QicltB7fsSN52Gdk\/pr:1200x630\/aHR0cDovL21lZGlhMi5kZXNpZ25wYXJ0bmVyLmZyL2MvcC84NjQwLzg2NDAtMTI2MS0yLmpwZw?v=1638344695","https:\/\/media.th4.com\/f4ttGwwXVYpswQOG7acTgL7P_j1ab71sbeVO7teuN04\/pr:1200x630\/aHR0cDovL21lZGlhMi5kZXNpZ25wYXJ0bmVyLmZyL2MvcC84NjQwLzg2NDAtMTI2MS0zLmpwZw?v=1638344696"]},"images_customization":{"miniature":["https:\/\/media.th4.com\/2-xS6vwDX8ck_AW2vXpKl1ucskb0XzNmrEhCIx6KPUI\/pr:80\/aHR0cDovL21lZGlhMi5kZXNpZ25wYXJ0bmVyLmZyL2MvcC84NjQwLzg2NDAtMTI2MS0xLmpwZw?v=1638344696","https:\/\/media.th4.com\/uFpZSk0uIkZxGdgj0tgGfpIHPU0uNGpzataA4m3woMk\/pr:80\/aHR0cDovL21lZGlhMi5kZXNpZ25wYXJ0bmVyLmZyL2MvcC84NjQwLzg2NDAtMTI2MS0yLmpwZw?v=1638344695","https:\/\/media.th4.com\/AUFint9xRYg2J28b7ahXKkcYYPKPGsibrheqw-DOh-Y\/pr:80\/aHR0cDovL21lZGlhMi5kZXNpZ25wYXJ0bmVyLmZyL2MvcC84NjQwLzg2NDAtMTI2MS0zLmpwZw?v=1638344696"],"medium":["https:\/\/media.th4.com\/3fa7YaOEHiRy8ETepka2G_-6wSGYW-f-pOsQ1R78Fk8\/pr:550x550\/aHR0cDovL21lZGlhMi5kZXNpZ25wYXJ0bmVyLmZyL2MvcC84NjQwLzg2NDAtMTI2MS0xLmpwZw?v=1638344696","https:\/\/media.th4.com\/AUbb9upsaisOmWG4LLASJLTG63lStTZqO6gwqqvmUkQ\/pr:550x550\/aHR0cDovL21lZGlhMi5kZXNpZ25wYXJ0bmVyLmZyL2MvcC84NjQwLzg2NDAtMTI2MS0yLmpwZw?v=1638344695","https:\/\/media.th4.com\/6Wl8702rAi7yHiGYV64IAx6qyIgrl96F0kljCnYRBRI\/pr:550x550\/aHR0cDovL21lZGlhMi5kZXNpZ25wYXJ0bmVyLmZyL2MvcC84NjQwLzg2NDAtMTI2MS0zLmpwZw?v=1638344696"],"medium_large":["https:\/\/media.th4.com\/VYMTn-piBBR6cmhGUj-k_5yF-Ia8coL-QhcXiIKbPbo\/pr:1000x1000\/aHR0cDovL21lZGlhMi5kZXNpZ25wYXJ0bmVyLmZyL2MvcC84NjQwLzg2NDAtMTI2MS0xLmpwZw?v=1638344696","https:\/\/media.th4.com\/ZvWqCdRZa5yeNUCFkcmQv-IRymN5kyUHHOIWhORde9k\/pr:1000x1000\/aHR0cDovL21lZGlhMi5kZXNpZ25wYXJ0bmVyLmZyL2MvcC84NjQwLzg2NDAtMTI2MS0yLmpwZw?v=1638344695","https:\/\/media.th4.com\/beakpOWMikhw3kzuf4l8ZAipSwsPd1EVV7u8eM1P6rI\/pr:1000x1000\/aHR0cDovL21lZGlhMi5kZXNpZ25wYXJ0bmVyLmZyL2MvcC84NjQwLzg2NDAtMTI2MS0zLmpwZw?v=1638344696"],"large":["https:\/\/media.th4.com\/w2AvauBp1sp3eYdjpiIKKWsbu1Ka3q-qXgPzVZq-aYQ\/pr:1920\/aHR0cDovL21lZGlhMi5kZXNpZ25wYXJ0bmVyLmZyL2MvcC84NjQwLzg2NDAtMTI2MS0xLmpwZw?v=1638344696","https:\/\/media.th4.com\/4S-G2_yfRalUsFOK3MQtUTkaBDlscNV2QSPli_CLE7o\/pr:1920\/aHR0cDovL21lZGlhMi5kZXNpZ25wYXJ0bmVyLmZyL2MvcC84NjQwLzg2NDAtMTI2MS0yLmpwZw?v=1638344695","https:\/\/media.th4.com\/lnxJq54SHv0Gra_YHGN6gwwC6h-pC4k52gk9vjJX9J4\/pr:1920\/aHR0cDovL21lZGlhMi5kZXNpZ25wYXJ0bmVyLmZyL2MvcC84NjQwLzg2NDAtMTI2MS0zLmpwZw?v=1638344696"],"opengraph":["https:\/\/media.th4.com\/7k_dCE3v8nRdkdsTH5RH62Y6GAnj-sm5Y7zGmEfQRuQ\/pr:1200x630\/aHR0cDovL21lZGlhMi5kZXNpZ25wYXJ0bmVyLmZyL2MvcC84NjQwLzg2NDAtMTI2MS0xLmpwZw?v=1638344696","https:\/\/media.th4.com\/xoz6WuepQ3Rt4pESfb-YWWVahM7QicltB7fsSN52Gdk\/pr:1200x630\/aHR0cDovL21lZGlhMi5kZXNpZ25wYXJ0bmVyLmZyL2MvcC84NjQwLzg2NDAtMTI2MS0yLmpwZw?v=1638344695","https:\/\/media.th4.com\/f4ttGwwXVYpswQOG7acTgL7P_j1ab71sbeVO7teuN04\/pr:1200x630\/aHR0cDovL21lZGlhMi5kZXNpZ25wYXJ0bmVyLmZyL2MvcC84NjQwLzg2NDAtMTI2MS0zLmpwZw?v=1638344696"]},"country_origin":"CN","traceability":{"manufacturing_country_id":null,"weaving_country_id":null,"dyeing_country_id":null},"sizes":[{"id":1396,"article_id":280011,"class_id":15,"name":"6\/8ans","on_standby":false,"stock_local":0,"stock_global":682,"multiple":1,"estimated_date_reassort":null,"is_destocking":false},{"id":1397,"article_id":280012,"class_id":16,"name":"8\/10ans","on_standby":false,"stock_local":0,"stock_global":419,"multiple":1,"estimated_date_reassort":null,"is_destocking":false},{"id":1398,"article_id":280013,"class_id":17,"name":"10\/12ans","on_standby":false,"stock_local":0,"stock_global":395,"multiple":1,"estimated_date_reassort":null,"is_destocking":false},{"id":33,"article_id":280014,"class_id":17,"name":"12\/14ans","on_standby":false,"stock_local":0,"stock_global":94,"multiple":1,"estimated_date_reassort":null,"is_destocking":false}],"page_links":{"fr":"\/fr\/p-ka-k6112-doudoune-legere-capuche-enfant-k6112-8640\/navy-1261\/","en":"\/en\/p-ka-k6112-lightweight-hooded-childs-k6112-jacket-8640\/navy-1261\/","de":"\/de\/p-ka-k6112-leichte-kapuzenjacke-fur-kinder-k6112-8640\/navy-1261\/","nl":"\/nl\/p-ka-k6112-lichte-jassen-met-capuchon-voor-kinderen-k6112-8640\/navy-1261\/","es":"\/es\/p-ka-k6112-chaqueta-ligera-con-capucha-para-nino-k6112-8640\/navy-1261\/","it":"\/it\/p-ka-k6112-giacca-imbottita-leggera-con-cappuccio-bambino-k6112-8640\/navy-1261\/","sv":"\/sv\/p-ka-k6112-latt-jacka-med-huva-for-barn-k6112-8640\/navy-1261\/","pt":"\/pt\/p-ka-k6112-jaqueta-acolchoada-leve-com-capuz-infantil-k6112-8640\/navy-1261\/","da":"\/da\/p-ka-k6112-lys-vinterjakke-med-haette-til-born-k6112-8640\/navy-1261\/","pl":"\/pl\/p-ka-k6112-lekka-kurtka-z-kapturkiem-dla-dziecka-k6112-8640\/navy-1261\/"},"page_links_customization":{"fr":"\/fr\/p-ka-k6112-doudoune-legere-capuche-enfant-k6112-personnalisation-8640\/navy-1261\/custom\/","en":"\/en\/p-ka-k6112-lightweight-hooded-childs-k6112-jacket-customization-8640\/navy-1261\/custom\/","de":"\/de\/p-ka-k6112-leichte-kinderjacke-mit-kapuze-k6112-personalisierung-8640\/navy-1261\/custom\/","nl":"\/nl\/p-ka-k6112-lichte-jassen-met-kapje-voor-kinderen-k6112-aanpassing-8640\/navy-1261\/custom\/","es":"\/es\/p-ka-k6112-chaqueta-ligera-con-capucha-para-nino-k6112-personalizacion-8640\/navy-1261\/custom\/","it":"\/it\/p-ka-k6112-giacca-imbottita-leggera-con-cappuccio-bambino-k6112-personalizzazione-8640\/navy-1261\/custom\/","sv":"\/sv\/p-ka-k6112-latt-barnvinterjacka-med-huva-k6112-personalisering-8640\/navy-1261\/custom\/","pt":"\/pt\/p-ka-k6112-jaqueta-leve-com-capuz-infantil-k6112-personalizacao-8640\/navy-1261\/custom\/","da":"\/da\/p-ka-k6112-let-doudoune-med-haette-til-born-k6112-tilpasning-8640\/navy-1261\/custom\/","pl":"\/pl\/p-ka-k6112-lekki-plaszcz-z-kapturzem-dla-dziecka-k6112-personalizacja-8640\/navy-1261\/custom\/"}},{"id":1262,"name":"red","class_ids":[6],"codes_hexa":["dc0210"],"delai_24":false,"has_3d":false,"seuil_global":0,"stock_local":0,"stock_global":468,"on_standby":false,"in_catalog":true,"images":{"miniature":["https:\/\/media.th4.com\/AZiHMeTcXJIcD1s1eidwMjSg6mnfcdKvGDT-HyoU0ms\/pr:80\/aHR0cDovL21lZGlhMi5kZXNpZ25wYXJ0bmVyLmZyL2MvcC84NjQwLzg2NDAtMTI2Mi0xLmpwZw?v=1638344696","https:\/\/media.th4.com\/iYmxMx0jMgxto7me7cT0BCjUk14IEtTHqV5Fy4TyGQw\/pr:80\/aHR0cDovL21lZGlhMi5kZXNpZ25wYXJ0bmVyLmZyL2MvcC84NjQwLzg2NDAtMTI2Mi0yLmpwZw?v=1638344696","https:\/\/media.th4.com\/dWinvLHkj7kw4FlWblbD6tS-96-7uXBIDo-sJkw1wzs\/pr:80\/aHR0cDovL21lZGlhMi5kZXNpZ25wYXJ0bmVyLmZyL2MvcC84NjQwLzg2NDAtMTI2Mi0zLmpwZw?v=1638344696"],"medium":["https:\/\/media.th4.com\/o2egtzWPoDq4HHPE8cR3DE51oIZXJFwPLH2Oz3gbR_0\/pr:550x550\/aHR0cDovL21lZGlhMi5kZXNpZ25wYXJ0bmVyLmZyL2MvcC84NjQwLzg2NDAtMTI2Mi0xLmpwZw?v=1638344696","https:\/\/media.th4.com\/7yTjMInJ8iWerIRUzXD7ICv3vOKiDcx5-6PCD1DPYAI\/pr:550x550\/aHR0cDovL21lZGlhMi5kZXNpZ25wYXJ0bmVyLmZyL2MvcC84NjQwLzg2NDAtMTI2Mi0yLmpwZw?v=1638344696","https:\/\/media.th4.com\/WaqDnnrg_NsVEF01WiqyTjTqmkGwX6r4DCJv4VZCHdw\/pr:550x550\/aHR0cDovL21lZGlhMi5kZXNpZ25wYXJ0bmVyLmZyL2MvcC84NjQwLzg2NDAtMTI2Mi0zLmpwZw?v=1638344696"],"medium_large":["https:\/\/media.th4.com\/XxydMH6S8fLgK-VbewSRWiktGZh16eQTtpBCtA3Zo1o\/pr:1000x1000\/aHR0cDovL21lZGlhMi5kZXNpZ25wYXJ0bmVyLmZyL2MvcC84NjQwLzg2NDAtMTI2Mi0xLmpwZw?v=1638344696","https:\/\/media.th4.com\/2xAM9Uu9koC9j8TyN6hn-F5KoVD1uiHjXZYbPhNDnw0\/pr:1000x1000\/aHR0cDovL21lZGlhMi5kZXNpZ25wYXJ0bmVyLmZyL2MvcC84NjQwLzg2NDAtMTI2Mi0yLmpwZw?v=1638344696","https:\/\/media.th4.com\/vHJCOHNGnuWc6mX5lN2Zgi7wV6oVJSCv7Q5a4rOhDRI\/pr:1000x1000\/aHR0cDovL21lZGlhMi5kZXNpZ25wYXJ0bmVyLmZyL2MvcC84NjQwLzg2NDAtMTI2Mi0zLmpwZw?v=1638344696"],"large":["https:\/\/media.th4.com\/jeyUQRPFheNZJV9JPX1Y6AfqUSO_xX1atKQzHLpAOF8\/pr:1920\/aHR0cDovL21lZGlhMi5kZXNpZ25wYXJ0bmVyLmZyL2MvcC84NjQwLzg2NDAtMTI2Mi0xLmpwZw?v=1638344696","https:\/\/media.th4.com\/DWzsaSN6TiWlZowGSKi7KzB24YvI2-vyWK-_6TiGNyw\/pr:1920\/aHR0cDovL21lZGlhMi5kZXNpZ25wYXJ0bmVyLmZyL2MvcC84NjQwLzg2NDAtMTI2Mi0yLmpwZw?v=1638344696","https:\/\/media.th4.com\/Oo5Rc9shcTrH260IVAPiux2DozJ-JdBm_pzci4m3ZBk\/pr:1920\/aHR0cDovL21lZGlhMi5kZXNpZ25wYXJ0bmVyLmZyL2MvcC84NjQwLzg2NDAtMTI2Mi0zLmpwZw?v=1638344696"],"opengraph":["https:\/\/media.th4.com\/s9F88mq8TcTmvHs9mdfYk75ZT5ZjFXtT_c34EhltDs0\/pr:1200x630\/aHR0cDovL21lZGlhMi5kZXNpZ25wYXJ0bmVyLmZyL2MvcC84NjQwLzg2NDAtMTI2Mi0xLmpwZw?v=1638344696","https:\/\/media.th4.com\/NNZX09LwVxW7Vzg7Hd6wCb3XE79ARKXCkv7kf8q5Sx0\/pr:1200x630\/aHR0cDovL21lZGlhMi5kZXNpZ25wYXJ0bmVyLmZyL2MvcC84NjQwLzg2NDAtMTI2Mi0yLmpwZw?v=1638344696","https:\/\/media.th4.com\/0c8IT5zQWlz6PK7opJHcZB92mY723sawmC1psRnsr8U\/pr:1200x630\/aHR0cDovL21lZGlhMi5kZXNpZ25wYXJ0bmVyLmZyL2MvcC84NjQwLzg2NDAtMTI2Mi0zLmpwZw?v=1638344696"]},"images_customization":{"miniature":["https:\/\/media.th4.com\/AZiHMeTcXJIcD1s1eidwMjSg6mnfcdKvGDT-HyoU0ms\/pr:80\/aHR0cDovL21lZGlhMi5kZXNpZ25wYXJ0bmVyLmZyL2MvcC84NjQwLzg2NDAtMTI2Mi0xLmpwZw?v=1638344696","https:\/\/media.th4.com\/iYmxMx0jMgxto7me7cT0BCjUk14IEtTHqV5Fy4TyGQw\/pr:80\/aHR0cDovL21lZGlhMi5kZXNpZ25wYXJ0bmVyLmZyL2MvcC84NjQwLzg2NDAtMTI2Mi0yLmpwZw?v=1638344696","https:\/\/media.th4.com\/dWinvLHkj7kw4FlWblbD6tS-96-7uXBIDo-sJkw1wzs\/pr:80\/aHR0cDovL21lZGlhMi5kZXNpZ25wYXJ0bmVyLmZyL2MvcC84NjQwLzg2NDAtMTI2Mi0zLmpwZw?v=1638344696"],"medium":["https:\/\/media.th4.com\/o2egtzWPoDq4HHPE8cR3DE51oIZXJFwPLH2Oz3gbR_0\/pr:550x550\/aHR0cDovL21lZGlhMi5kZXNpZ25wYXJ0bmVyLmZyL2MvcC84NjQwLzg2NDAtMTI2Mi0xLmpwZw?v=1638344696","https:\/\/media.th4.com\/7yTjMInJ8iWerIRUzXD7ICv3vOKiDcx5-6PCD1DPYAI\/pr:550x550\/aHR0cDovL21lZGlhMi5kZXNpZ25wYXJ0bmVyLmZyL2MvcC84NjQwLzg2NDAtMTI2Mi0yLmpwZw?v=1638344696","https:\/\/media.th4.com\/WaqDnnrg_NsVEF01WiqyTjTqmkGwX6r4DCJv4VZCHdw\/pr:550x550\/aHR0cDovL21lZGlhMi5kZXNpZ25wYXJ0bmVyLmZyL2MvcC84NjQwLzg2NDAtMTI2Mi0zLmpwZw?v=1638344696"],"medium_large":["https:\/\/media.th4.com\/XxydMH6S8fLgK-VbewSRWiktGZh16eQTtpBCtA3Zo1o\/pr:1000x1000\/aHR0cDovL21lZGlhMi5kZXNpZ25wYXJ0bmVyLmZyL2MvcC84NjQwLzg2NDAtMTI2Mi0xLmpwZw?v=1638344696","https:\/\/media.th4.com\/2xAM9Uu9koC9j8TyN6hn-F5KoVD1uiHjXZYbPhNDnw0\/pr:1000x1000\/aHR0cDovL21lZGlhMi5kZXNpZ25wYXJ0bmVyLmZyL2MvcC84NjQwLzg2NDAtMTI2Mi0yLmpwZw?v=1638344696","https:\/\/media.th4.com\/vHJCOHNGnuWc6mX5lN2Zgi7wV6oVJSCv7Q5a4rOhDRI\/pr:1000x1000\/aHR0cDovL21lZGlhMi5kZXNpZ25wYXJ0bmVyLmZyL2MvcC84NjQwLzg2NDAtMTI2Mi0zLmpwZw?v=1638344696"],"large":["https:\/\/media.th4.com\/jeyUQRPFheNZJV9JPX1Y6AfqUSO_xX1atKQzHLpAOF8\/pr:1920\/aHR0cDovL21lZGlhMi5kZXNpZ25wYXJ0bmVyLmZyL2MvcC84NjQwLzg2NDAtMTI2Mi0xLmpwZw?v=1638344696","https:\/\/media.th4.com\/DWzsaSN6TiWlZowGSKi7KzB24YvI2-vyWK-_6TiGNyw\/pr:1920\/aHR0cDovL21lZGlhMi5kZXNpZ25wYXJ0bmVyLmZyL2MvcC84NjQwLzg2NDAtMTI2Mi0yLmpwZw?v=1638344696","https:\/\/media.th4.com\/Oo5Rc9shcTrH260IVAPiux2DozJ-JdBm_pzci4m3ZBk\/pr:1920\/aHR0cDovL21lZGlhMi5kZXNpZ25wYXJ0bmVyLmZyL2MvcC84NjQwLzg2NDAtMTI2Mi0zLmpwZw?v=1638344696"],"opengraph":["https:\/\/media.th4.com\/s9F88mq8TcTmvHs9mdfYk75ZT5ZjFXtT_c34EhltDs0\/pr:1200x630\/aHR0cDovL21lZGlhMi5kZXNpZ25wYXJ0bmVyLmZyL2MvcC84NjQwLzg2NDAtMTI2Mi0xLmpwZw?v=1638344696","https:\/\/media.th4.com\/NNZX09LwVxW7Vzg7Hd6wCb3XE79ARKXCkv7kf8q5Sx0\/pr:1200x630\/aHR0cDovL21lZGlhMi5kZXNpZ25wYXJ0bmVyLmZyL2MvcC84NjQwLzg2NDAtMTI2Mi0yLmpwZw?v=1638344696","https:\/\/media.th4.com\/0c8IT5zQWlz6PK7opJHcZB92mY723sawmC1psRnsr8U\/pr:1200x630\/aHR0cDovL21lZGlhMi5kZXNpZ25wYXJ0bmVyLmZyL2MvcC84NjQwLzg2NDAtMTI2Mi0zLmpwZw?v=1638344696"]},"country_origin":"CN","traceability":{"manufacturing_country_id":null,"weaving_country_id":null,"dyeing_country_id":null},"sizes":[{"id":1396,"article_id":381291,"class_id":15,"name":"6\/8ans","on_standby":false,"stock_local":0,"stock_global":91,"multiple":1,"estimated_date_reassort":null,"is_destocking":false},{"id":1397,"article_id":381292,"class_id":16,"name":"8\/10ans","on_standby":false,"stock_local":0,"stock_global":118,"multiple":1,"estimated_date_reassort":null,"is_destocking":false},{"id":1398,"article_id":381293,"class_id":17,"name":"10\/12ans","on_standby":false,"stock_local":0,"stock_global":113,"multiple":1,"estimated_date_reassort":null,"is_destocking":false},{"id":33,"article_id":381294,"class_id":17,"name":"12\/14ans","on_standby":false,"stock_local":0,"stock_global":146,"multiple":1,"estimated_date_reassort":null,"is_destocking":false}],"page_links":{"fr":"\/fr\/p-ka-k6112-doudoune-legere-capuche-enfant-k6112-8640\/red-1262\/","en":"\/en\/p-ka-k6112-lightweight-hooded-childs-k6112-jacket-8640\/red-1262\/","de":"\/de\/p-ka-k6112-leichte-kapuzenjacke-fur-kinder-k6112-8640\/red-1262\/","nl":"\/nl\/p-ka-k6112-lichte-jassen-met-capuchon-voor-kinderen-k6112-8640\/red-1262\/","es":"\/es\/p-ka-k6112-chaqueta-ligera-con-capucha-para-nino-k6112-8640\/red-1262\/","it":"\/it\/p-ka-k6112-giacca-imbottita-leggera-con-cappuccio-bambino-k6112-8640\/red-1262\/","sv":"\/sv\/p-ka-k6112-latt-jacka-med-huva-for-barn-k6112-8640\/red-1262\/","pt":"\/pt\/p-ka-k6112-jaqueta-acolchoada-leve-com-capuz-infantil-k6112-8640\/red-1262\/","da":"\/da\/p-ka-k6112-lys-vinterjakke-med-haette-til-born-k6112-8640\/red-1262\/","pl":"\/pl\/p-ka-k6112-lekka-kurtka-z-kapturkiem-dla-dziecka-k6112-8640\/red-1262\/"},"page_links_customization":{"fr":"\/fr\/p-ka-k6112-doudoune-legere-capuche-enfant-k6112-personnalisation-8640\/red-1262\/custom\/","en":"\/en\/p-ka-k6112-lightweight-hooded-childs-k6112-jacket-customization-8640\/red-1262\/custom\/","de":"\/de\/p-ka-k6112-leichte-kinderjacke-mit-kapuze-k6112-personalisierung-8640\/red-1262\/custom\/","nl":"\/nl\/p-ka-k6112-lichte-jassen-met-kapje-voor-kinderen-k6112-aanpassing-8640\/red-1262\/custom\/","es":"\/es\/p-ka-k6112-chaqueta-ligera-con-capucha-para-nino-k6112-personalizacion-8640\/red-1262\/custom\/","it":"\/it\/p-ka-k6112-giacca-imbottita-leggera-con-cappuccio-bambino-k6112-personalizzazione-8640\/red-1262\/custom\/","sv":"\/sv\/p-ka-k6112-latt-barnvinterjacka-med-huva-k6112-personalisering-8640\/red-1262\/custom\/","pt":"\/pt\/p-ka-k6112-jaqueta-leve-com-capuz-infantil-k6112-personalizacao-8640\/red-1262\/custom\/","da":"\/da\/p-ka-k6112-let-doudoune-med-haette-til-born-k6112-tilpasning-8640\/red-1262\/custom\/","pl":"\/pl\/p-ka-k6112-lekki-plaszcz-z-kapturzem-dla-dziecka-k6112-personalizacja-8640\/red-1262\/custom\/"}},{"id":1383,"name":"light_royal_blue","class_ids":[2],"codes_hexa":["015bbb"],"delai_24":false,"has_3d":false,"seuil_global":0,"stock_local":0,"stock_global":449,"on_standby":false,"in_catalog":true,"images":{"miniature":["https:\/\/media.th4.com\/h0puO57X1HKi44wynpWxi3rEQEbz0BntMLTP80ntbeM\/pr:80\/aHR0cDovL21lZGlhMi5kZXNpZ25wYXJ0bmVyLmZyL2MvcC84NjQwLzg2NDAtMTM4My0xLmpwZw?v=1638344696","https:\/\/media.th4.com\/VuDGMU5UpFEtk95oUFZXryjskI_IwNGxpJBH27IYauc\/pr:80\/aHR0cDovL21lZGlhMi5kZXNpZ25wYXJ0bmVyLmZyL2MvcC84NjQwLzg2NDAtMTM4My0yLmpwZw?v=1638344697","https:\/\/media.th4.com\/dc1PKL1T36RQSMbeAFjfBI1nIYjWcBj0eT-zI-hPtwM\/pr:80\/aHR0cDovL21lZGlhMi5kZXNpZ25wYXJ0bmVyLmZyL2MvcC84NjQwLzg2NDAtMTM4My0zLmpwZw?v=1638344697"],"medium":["https:\/\/media.th4.com\/I5u7QFL3TKKtzUbY8rD0O-UTiHLGRmU3oSPeRFBp3Ks\/pr:550x550\/aHR0cDovL21lZGlhMi5kZXNpZ25wYXJ0bmVyLmZyL2MvcC84NjQwLzg2NDAtMTM4My0xLmpwZw?v=1638344696","https:\/\/media.th4.com\/y2KEHUsljcIbCXaP9taz6kBnV6O9g_aLuzBuhcv7eS8\/pr:550x550\/aHR0cDovL21lZGlhMi5kZXNpZ25wYXJ0bmVyLmZyL2MvcC84NjQwLzg2NDAtMTM4My0yLmpwZw?v=1638344697","https:\/\/media.th4.com\/d5NjjNdOqV2jkdO1AbGqhJQcs90d5r5yXG5h-jpV6GE\/pr:550x550\/aHR0cDovL21lZGlhMi5kZXNpZ25wYXJ0bmVyLmZyL2MvcC84NjQwLzg2NDAtMTM4My0zLmpwZw?v=1638344697"],"medium_large":["https:\/\/media.th4.com\/7lm5cf18XnWnY_EFiONHvbEpDjW1OzH653GPjqsp8_c\/pr:1000x1000\/aHR0cDovL21lZGlhMi5kZXNpZ25wYXJ0bmVyLmZyL2MvcC84NjQwLzg2NDAtMTM4My0xLmpwZw?v=1638344696","https:\/\/media.th4.com\/9R7ckxEUa6lPEgAQYFRhw_TgFL4HeWYvcbp0bj665wI\/pr:1000x1000\/aHR0cDovL21lZGlhMi5kZXNpZ25wYXJ0bmVyLmZyL2MvcC84NjQwLzg2NDAtMTM4My0yLmpwZw?v=1638344697","https:\/\/media.th4.com\/QFhjUkCmdS5_bQoKBN_gid4NMxS-0Axo0EALRauOOZk\/pr:1000x1000\/aHR0cDovL21lZGlhMi5kZXNpZ25wYXJ0bmVyLmZyL2MvcC84NjQwLzg2NDAtMTM4My0zLmpwZw?v=1638344697"],"large":["https:\/\/media.th4.com\/UwqmoWidCc9vI5AThJSoXzcZGPA2s5fvmggDTwLxWUU\/pr:1920\/aHR0cDovL21lZGlhMi5kZXNpZ25wYXJ0bmVyLmZyL2MvcC84NjQwLzg2NDAtMTM4My0xLmpwZw?v=1638344696","https:\/\/media.th4.com\/aPXimGw_k_6yjxTJWvIAdjHmlp1dnvs16ZV3KklImFA\/pr:1920\/aHR0cDovL21lZGlhMi5kZXNpZ25wYXJ0bmVyLmZyL2MvcC84NjQwLzg2NDAtMTM4My0yLmpwZw?v=1638344697","https:\/\/media.th4.com\/9Ybbh6wSVnegtb0Mgvk5shQ2RyzUTihWI_28L01-uuo\/pr:1920\/aHR0cDovL21lZGlhMi5kZXNpZ25wYXJ0bmVyLmZyL2MvcC84NjQwLzg2NDAtMTM4My0zLmpwZw?v=1638344697"],"opengraph":["https:\/\/media.th4.com\/ehTSuZmt_xqP1mp1JZP5MU0HT1s5gqlTiyYDK6yt8wk\/pr:1200x630\/aHR0cDovL21lZGlhMi5kZXNpZ25wYXJ0bmVyLmZyL2MvcC84NjQwLzg2NDAtMTM4My0xLmpwZw?v=1638344696","https:\/\/media.th4.com\/HgEtqVRVyeTz9tJ_pJb0-J77FmC_-_GLE6rxIYkb3Nk\/pr:1200x630\/aHR0cDovL21lZGlhMi5kZXNpZ25wYXJ0bmVyLmZyL2MvcC84NjQwLzg2NDAtMTM4My0yLmpwZw?v=1638344697","https:\/\/media.th4.com\/2cFKFJ9UunovofrR_FBmF_m6wg8RRtCFX1HX2XzhnNY\/pr:1200x630\/aHR0cDovL21lZGlhMi5kZXNpZ25wYXJ0bmVyLmZyL2MvcC84NjQwLzg2NDAtMTM4My0zLmpwZw?v=1638344697"]},"images_customization":{"miniature":["https:\/\/media.th4.com\/h0puO57X1HKi44wynpWxi3rEQEbz0BntMLTP80ntbeM\/pr:80\/aHR0cDovL21lZGlhMi5kZXNpZ25wYXJ0bmVyLmZyL2MvcC84NjQwLzg2NDAtMTM4My0xLmpwZw?v=1638344696","https:\/\/media.th4.com\/VuDGMU5UpFEtk95oUFZXryjskI_IwNGxpJBH27IYauc\/pr:80\/aHR0cDovL21lZGlhMi5kZXNpZ25wYXJ0bmVyLmZyL2MvcC84NjQwLzg2NDAtMTM4My0yLmpwZw?v=1638344697","https:\/\/media.th4.com\/dc1PKL1T36RQSMbeAFjfBI1nIYjWcBj0eT-zI-hPtwM\/pr:80\/aHR0cDovL21lZGlhMi5kZXNpZ25wYXJ0bmVyLmZyL2MvcC84NjQwLzg2NDAtMTM4My0zLmpwZw?v=1638344697"],"medium":["https:\/\/media.th4.com\/I5u7QFL3TKKtzUbY8rD0O-UTiHLGRmU3oSPeRFBp3Ks\/pr:550x550\/aHR0cDovL21lZGlhMi5kZXNpZ25wYXJ0bmVyLmZyL2MvcC84NjQwLzg2NDAtMTM4My0xLmpwZw?v=1638344696","https:\/\/media.th4.com\/y2KEHUsljcIbCXaP9taz6kBnV6O9g_aLuzBuhcv7eS8\/pr:550x550\/aHR0cDovL21lZGlhMi5kZXNpZ25wYXJ0bmVyLmZyL2MvcC84NjQwLzg2NDAtMTM4My0yLmpwZw?v=1638344697","https:\/\/media.th4.com\/d5NjjNdOqV2jkdO1AbGqhJQcs90d5r5yXG5h-jpV6GE\/pr:550x550\/aHR0cDovL21lZGlhMi5kZXNpZ25wYXJ0bmVyLmZyL2MvcC84NjQwLzg2NDAtMTM4My0zLmpwZw?v=1638344697"],"medium_large":["https:\/\/media.th4.com\/7lm5cf18XnWnY_EFiONHvbEpDjW1OzH653GPjqsp8_c\/pr:1000x1000\/aHR0cDovL21lZGlhMi5kZXNpZ25wYXJ0bmVyLmZyL2MvcC84NjQwLzg2NDAtMTM4My0xLmpwZw?v=1638344696","https:\/\/media.th4.com\/9R7ckxEUa6lPEgAQYFRhw_TgFL4HeWYvcbp0bj665wI\/pr:1000x1000\/aHR0cDovL21lZGlhMi5kZXNpZ25wYXJ0bmVyLmZyL2MvcC84NjQwLzg2NDAtMTM4My0yLmpwZw?v=1638344697","https:\/\/media.th4.com\/QFhjUkCmdS5_bQoKBN_gid4NMxS-0Axo0EALRauOOZk\/pr:1000x1000\/aHR0cDovL21lZGlhMi5kZXNpZ25wYXJ0bmVyLmZyL2MvcC84NjQwLzg2NDAtMTM4My0zLmpwZw?v=1638344697"],"large":["https:\/\/media.th4.com\/UwqmoWidCc9vI5AThJSoXzcZGPA2s5fvmggDTwLxWUU\/pr:1920\/aHR0cDovL21lZGlhMi5kZXNpZ25wYXJ0bmVyLmZyL2MvcC84NjQwLzg2NDAtMTM4My0xLmpwZw?v=1638344696","https:\/\/media.th4.com\/aPXimGw_k_6yjxTJWvIAdjHmlp1dnvs16ZV3KklImFA\/pr:1920\/aHR0cDovL21lZGlhMi5kZXNpZ25wYXJ0bmVyLmZyL2MvcC84NjQwLzg2NDAtMTM4My0yLmpwZw?v=1638344697","https:\/\/media.th4.com\/9Ybbh6wSVnegtb0Mgvk5shQ2RyzUTihWI_28L01-uuo\/pr:1920\/aHR0cDovL21lZGlhMi5kZXNpZ25wYXJ0bmVyLmZyL2MvcC84NjQwLzg2NDAtMTM4My0zLmpwZw?v=1638344697"],"opengraph":["https:\/\/media.th4.com\/ehTSuZmt_xqP1mp1JZP5MU0HT1s5gqlTiyYDK6yt8wk\/pr:1200x630\/aHR0cDovL21lZGlhMi5kZXNpZ25wYXJ0bmVyLmZyL2MvcC84NjQwLzg2NDAtMTM4My0xLmpwZw?v=1638344696","https:\/\/media.th4.com\/HgEtqVRVyeTz9tJ_pJb0-J77FmC_-_GLE6rxIYkb3Nk\/pr:1200x630\/aHR0cDovL21lZGlhMi5kZXNpZ25wYXJ0bmVyLmZyL2MvcC84NjQwLzg2NDAtMTM4My0yLmpwZw?v=1638344697","https:\/\/media.th4.com\/2cFKFJ9UunovofrR_FBmF_m6wg8RRtCFX1HX2XzhnNY\/pr:1200x630\/aHR0cDovL21lZGlhMi5kZXNpZ25wYXJ0bmVyLmZyL2MvcC84NjQwLzg2NDAtMTM4My0zLmpwZw?v=1638344697"]},"country_origin":"CN","traceability":{"manufacturing_country_id":null,"weaving_country_id":null,"dyeing_country_id":null},"sizes":[{"id":1396,"article_id":280007,"class_id":15,"name":"6\/8ans","on_standby":false,"stock_local":0,"stock_global":152,"multiple":1,"estimated_date_reassort":null,"is_destocking":false},{"id":1397,"article_id":280008,"class_id":16,"name":"8\/10ans","on_standby":false,"stock_local":0,"stock_global":25,"multiple":1,"estimated_date_reassort":null,"is_destocking":false},{"id":1398,"article_id":280009,"class_id":17,"name":"10\/12ans","on_standby":false,"stock_local":4,"stock_global":90,"multiple":1,"estimated_date_reassort":null,"is_destocking":true},{"id":33,"article_id":280010,"class_id":17,"name":"12\/14ans","on_standby":false,"stock_local":0,"stock_global":182,"multiple":1,"estimated_date_reassort":null,"is_destocking":false}],"page_links":{"fr":"\/fr\/p-ka-k6112-doudoune-legere-capuche-enfant-k6112-8640\/light-royal-blue-1383\/","en":"\/en\/p-ka-k6112-lightweight-hooded-childs-k6112-jacket-8640\/light-royal-blue-1383\/","de":"\/de\/p-ka-k6112-leichte-kapuzenjacke-fur-kinder-k6112-8640\/light-royal-blue-1383\/","nl":"\/nl\/p-ka-k6112-lichte-jassen-met-capuchon-voor-kinderen-k6112-8640\/light-royal-blue-1383\/","es":"\/es\/p-ka-k6112-chaqueta-ligera-con-capucha-para-nino-k6112-8640\/light-royal-blue-1383\/","it":"\/it\/p-ka-k6112-giacca-imbottita-leggera-con-cappuccio-bambino-k6112-8640\/light-royal-blue-1383\/","sv":"\/sv\/p-ka-k6112-latt-jacka-med-huva-for-barn-k6112-8640\/light-royal-blue-1383\/","pt":"\/pt\/p-ka-k6112-jaqueta-acolchoada-leve-com-capuz-infantil-k6112-8640\/light-royal-blue-1383\/","da":"\/da\/p-ka-k6112-lys-vinterjakke-med-haette-til-born-k6112-8640\/light-royal-blue-1383\/","pl":"\/pl\/p-ka-k6112-lekka-kurtka-z-kapturkiem-dla-dziecka-k6112-8640\/light-royal-blue-1383\/"},"page_links_customization":{"fr":"\/fr\/p-ka-k6112-doudoune-legere-capuche-enfant-k6112-personnalisation-8640\/light-royal-blue-1383\/custom\/","en":"\/en\/p-ka-k6112-lightweight-hooded-childs-k6112-jacket-customization-8640\/light-royal-blue-1383\/custom\/","de":"\/de\/p-ka-k6112-leichte-kinderjacke-mit-kapuze-k6112-personalisierung-8640\/light-royal-blue-1383\/custom\/","nl":"\/nl\/p-ka-k6112-lichte-jassen-met-kapje-voor-kinderen-k6112-aanpassing-8640\/light-royal-blue-1383\/custom\/","es":"\/es\/p-ka-k6112-chaqueta-ligera-con-capucha-para-nino-k6112-personalizacion-8640\/light-royal-blue-1383\/custom\/","it":"\/it\/p-ka-k6112-giacca-imbottita-leggera-con-cappuccio-bambino-k6112-personalizzazione-8640\/light-royal-blue-1383\/custom\/","sv":"\/sv\/p-ka-k6112-latt-barnvinterjacka-med-huva-k6112-personalisering-8640\/light-royal-blue-1383\/custom\/","pt":"\/pt\/p-ka-k6112-jaqueta-leve-com-capuz-infantil-k6112-personalizacao-8640\/light-royal-blue-1383\/custom\/","da":"\/da\/p-ka-k6112-let-doudoune-med-haette-til-born-k6112-tilpasning-8640\/light-royal-blue-1383\/custom\/","pl":"\/pl\/p-ka-k6112-lekki-plaszcz-z-kapturzem-dla-dziecka-k6112-personalizacja-8640\/light-royal-blue-1383\/custom\/"}}],"documentation_link":"\/pdf\/8640.pdf","countries_availables":["AD","AE","AL","AT","BA","BD","BE","BG","BL","CA","CH","CN","CO","CY","CZ","DE","DK","DO","EE","EG","ES","ET","FI","FR","GB","GE","GF","GP","GR","GT","HK","HN","HR","HT","HU","ID","IE","IN","IS","IT","JO","JP","KE","KH","KP","KR","LA","LK","LS","LT","LU","LV","MA","MF","MG","MK","MM","MN","MQ","MT","MX","MY","NC","NI","NL","PF","PH","PK","PL","PM","PT","RE","RO","SE","SG","SI","SK","SV","SY","TH","TN","TR","TW","TZ","US","VN","WF","YT"]},"infos_customization":[],"features":{"authorize_multi_surfaces":true,"display_order_delay_type":true,"promote_surface_display":true,"tarification_franco_offert":true,"enabled_3d_editor":false},"markings":[{"id":0,"nom":"vierge","finition":null,"libelle":null,"code":null,"dpi":null,"finesse_forme_isolee":null,"finesse_forme_non_isolee":null,"hauteur_minimale_texte":null,"inactif":0,"marquage_interne":1,"quantite_min":null,"parent_id":null,"print_on_support":0,"content":"vierge","description":null},{"id":2,"nom":"fonce","finition":"optimale","libelle":"TopQuadri","code":null,"dpi":400,"finesse_forme_isolee":"0.040","finesse_forme_non_isolee":"0.700","hauteur_minimale_texte":2,"inactif":0,"marquage_interne":1,"quantite_min":null,"parent_id":18,"print_on_support":0,"content":"TopQuadri","description":"pour petites et moyennes s\u00e9ries"},{"id":3,"nom":"serigraphie","finition":"serigraphie","libelle":"SeriCoat","code":null,"dpi":400,"finesse_forme_isolee":"0.040","finesse_forme_non_isolee":"0.700","hauteur_minimale_texte":2,"inactif":0,"marquage_interne":1,"quantite_min":15,"parent_id":18,"print_on_support":0,"content":"SeriCoat","description":"pour moyennes et grandes s\u00e9ries"},{"id":4,"nom":"broderie","finition":"broderie","libelle":"Broderie","code":null,"dpi":400,"finesse_forme_isolee":"0.040","finesse_forme_non_isolee":"0.700","hauteur_minimale_texte":3,"inactif":0,"marquage_interne":1,"quantite_min":null,"parent_id":null,"print_on_support":0,"content":"Broderie","description":null},{"id":8,"nom":"theme","finition":null,"libelle":"Th\u00e8me","code":null,"dpi":null,"finesse_forme_isolee":null,"finesse_forme_non_isolee":null,"hauteur_minimale_texte":null,"inactif":0,"marquage_interne":1,"quantite_min":null,"parent_id":null,"print_on_support":0,"content":"Th\u00e8me","description":null},{"id":9,"nom":"sans","finition":null,"libelle":null,"code":null,"dpi":null,"finesse_forme_isolee":null,"finesse_forme_non_isolee":null,"hauteur_minimale_texte":null,"inactif":0,"marquage_interne":1,"quantite_min":null,"parent_id":null,"print_on_support":0,"content":"sans","description":null},{"id":10,"nom":"photo","finition":null,"libelle":"Photo","code":null,"dpi":null,"finesse_forme_isolee":null,"finesse_forme_non_isolee":null,"hauteur_minimale_texte":null,"inactif":0,"marquage_interne":1,"quantite_min":null,"parent_id":null,"print_on_support":0,"content":"Photo","description":null},{"id":14,"nom":"couleur","finition":null,"libelle":"Couleur","code":null,"dpi":null,"finesse_forme_isolee":null,"finesse_forme_non_isolee":null,"hauteur_minimale_texte":null,"inactif":0,"marquage_interne":1,"quantite_min":null,"parent_id":null,"print_on_support":0,"content":"Couleur","description":null},{"id":15,"nom":"sublimation","finition":"sublimation","libelle":"Sublimation","code":null,"dpi":null,"finesse_forme_isolee":"0.000","finesse_forme_non_isolee":"0.000","hauteur_minimale_texte":2,"inactif":0,"marquage_interne":1,"quantite_min":null,"parent_id":null,"print_on_support":0,"content":"Sublimation","description":null},{"id":16,"nom":"topquadri_uv","finition":null,"libelle":"TopQuadri UV","code":null,"dpi":null,"finesse_forme_isolee":"0.020","finesse_forme_non_isolee":"0.700","hauteur_minimale_texte":2,"inactif":0,"marquage_interne":1,"quantite_min":null,"parent_id":null,"print_on_support":1,"content":null,"description":null},{"id":17,"nom":"topquadri_uvp","finition":null,"libelle":"TopQuadri UVP","code":null,"dpi":null,"finesse_forme_isolee":"0.020","finesse_forme_non_isolee":"0.700","hauteur_minimale_texte":2,"inactif":0,"marquage_interne":1,"quantite_min":null,"parent_id":null,"print_on_support":1,"content":null,"description":null},{"id":18,"nom":"quadri","finition":null,"libelle":"Impression","code":null,"dpi":null,"finesse_forme_isolee":null,"finesse_forme_non_isolee":null,"hauteur_minimale_texte":null,"inactif":0,"marquage_interne":1,"quantite_min":null,"parent_id":null,"print_on_support":0,"content":null,"description":null}]}}