{"data":{"product":{"id":8534,"titre":"Men\u00b4s Softshell Jacket C+","description":"Softshell avec col droit. Poignets ajustables via bande auto-agrippante , deux poches avant avec zip. Respirant , imperm\u00e9able 8000mm. Ext\u00e9rieur 95% polyester 5\u00a0% \u00e9lasthanne. Int\u00e9rieur 100\u00a0% polyester.","genre":"homme","grammage":310,"conditionnement":10,"composition":"polyester,elasthanne","reference":"pr-7820","reference_visible":"pr-7820","reference_fabricant":"7820","ref_xor":"751379","in_catalog":true,"is_transfer":false,"is_service":false,"on_standby":false,"has_3d":false,"has_size_guide":false,"has_marking":false,"has_vierge":true,"is_cross_sellable":false,"id_picto":0,"filename_3d":null,"brand":{"id":154,"name":"Promodoro","logo":"logo-promodoro.png","image":"https:\/\/media.th4.com\/pfJDeuQIb_1LhflfsUyeyAhr4hLnU-nV55lPlVDhYUQ\/pr:brand70x70\/aHR0cDovL21lZGlhMi5kZXNpZ25wYXJ0bmVyLmZyL2MvbS9sb2dvLXByb21vZG9yby5wbmc?v=1773736567"},"price_infos":{"price_from":70.57,"quantity":5,"color":{"id":11581,"name":"black"},"size":{"id":1,"name":"L"}},"price_infos_marking":{"price_from":0,"quantity":0,"size":{"id":0,"name":""},"color":{"id":0,"name":""},"marking":{"id":0,"name":""},"emplacement":"","surface":"","surface_emplacement_id":0},"i18n":{"blank":{"title":{"fr":"Men\u00b4s softshell jacket c+ PROMODORO 7820","en":"Men's softshell jacket c+ PROMODORO 7820","de":"M\u00e4nner Softshell Jacke c+ PROMODORO 7820","nl":"Men\u2019s softshell jas c+ PROMODORO 7820","es":"Chaqueta de softshell para hombre c+ PROMODORO 7820","it":"Giacca softshell uomo c+ PROMODORO 7820","sv":"Herrars mjuka ytjacka c+ PROMODORO 7820","pt":"Jaqueta softshell masculina c+ PROMODORO 7820","da":"M\u00e6nds bl\u00f8dt skindjakke c+ PROMODORO 7820","pl":"M\u0119ski kurtka softshell c+ PROMODORO 7820"},"description":{"fr":"Ce softshell pour homme offre une protection efficace contre les \u00e9l\u00e9ments. Con\u00e7u pour les activit\u00e9s de plein air, il combine respirabilit\u00e9 et imperm\u00e9abilit\u00e9 gr\u00e2ce \u00e0 sa membrane 8000mm. Il est dot\u00e9 d'un col droit et de poignets ajustables par bande auto-agrippante pour un ajustement optimal. Deux poches avant zipp\u00e9es permettent de ranger les effets personnels en toute s\u00e9curit\u00e9. L'ext\u00e9rieur est compos\u00e9 de 95% polyester et 5% \u00e9lasthanne, tandis que l'int\u00e9rieur est en 100% polyester.\n\n- Ext\u00e9rieur : 95% polyester, 5% \u00e9lasthanne\n- Int\u00e9rieur : 100% polyester\n- Imperm\u00e9abilit\u00e9 : 8000mm\n- Poignets ajustables\n- Deux poches avant zipp\u00e9es","en":"This men's softshell offers effective protection against the elements. Designed for outdoor activities, it combines breathability and waterproofing thanks to its 8000mm membrane. It features a straight collar and adjustable wrists with hook-and-loop tabs for optimal fit. Two front zip pockets allow for secure storage of personal items. The exterior is made of 95% polyester and 5% elastane, while the interior is 100% polyester.\n\n- Exterior: 95% polyester, 5% elastane\n- Interior: 100% polyester\n- Waterproof\n- Adjustable wrists\n- Two front zip pockets","de":"Diese M\u00e4nner Softshell Jacke bietet effektiven Schutz vor den Elementen. Sie ist f\u00fcr Outdoor-Aktivit\u00e4ten konzipiert und verbindet Atmungsaktivit\u00e4t und Wasserfestigkeit durch ihre 8000mm Membran. Sie verf\u00fcgt \u00fcber einen Stehkragen und verstellbare Manschetten mit Klettverschluss f\u00fcr eine optimale Passform. Zwei vordere Rei\u00dfverschluss Taschen erm\u00f6glichen das sichere Verstauen von pers\u00f6nlichen Gegenst\u00e4nden. Das Au\u00dfenmaterial besteht aus 95% Polyester und 5% Elasthan, w\u00e4hrend das Innenfutter aus 100% Polyester besteht.\n\n- Au\u00dfenmaterial: 95% Polyester, 5% Elasthan\n- Innenmaterial: 100% Polyester\n- Wasserfestigkeit: 8000mm\n- Verstellbare Manschetten\n- Zwei vordere Rei\u00dfverschluss Taschen","nl":"Deze softshell voor mannen biedt een effectieve bescherming tegen de elementen. Ontworpen voor buitenactiviteiten, combineert hij ademendheid en waterdichtheid door zijn 8000mm membrane. Het heeft een rechte kraag en verstelbare polsen met een klevende band voor een optimale pasvorm. Twee voorste zippockets bieden veilige opslag voor persoonlijke spullen. Het buitenmateriaal bestaat uit 95% polyester en 5% elastane, terwijl het binnenmateriaal 100% polyester is.\n\n- Buitenmateriaal: 95% polyester, 5% elastane\n- Binnenmateriaal: 100% polyester\n- Waterdichtheid: 8000mm\n- Verstelbare polsen\n- Twee voorste zippockets","es":"Esta chaqueta de softshell para hombre ofrece una protecci\u00f3n eficaz contra los elementos. Dise\u00f1ada para actividades al aire libre, combina transpirabilidad e impermeabilidad gracias a su membrana de 8000mm. Cuenta con un cuello recto y pu\u00f1os ajustables con cinta autoagripante para un ajuste \u00f3ptimo. Dos bolsillos delanteros con cremallera permiten guardar los efectos personales con seguridad. El exterior est\u00e1 compuesto de 95% poli\u00e9ster y 5% elastano, mientras que el interior es de 100% poli\u00e9ster.\n\n- Exterior: 95% poli\u00e9ster, 5% elastano\n- Interior: 100% poli\u00e9ster\n- Impermeabilidad: 8000mm\n- Pu\u00f1os ajustables\n- Dos bolsillos delanteros con cremallera","it":"Questa giacca softshell per uomo offre una protezione efficace contro gli elementi. Progettata per le attivit\u00e0 all'aperto, combina traspirabilit\u00e0 e impermeabilit\u00e0 grazie alla sua membrana 8000mm. \u00c8 dotata di un colletto dritto e polsi regolabili con velcro per un adattamento ottimale. Due tasche frontali con cerniera permettono di riporre gli effetti personali in sicurezza. L'esterno \u00e8 composto di 95% poliestere e 5% elastam, mentre l'interno \u00e8 in 100% poliestere.\n\n- Esterno: 95% poliestere, 5% elastam\n- Interno: 100% poliestere\n- Impermeabilit\u00e0: 8000mm\n- Polsi regolabili\n- Due tasche frontali con cerniera","sv":"Denna mjuka ytjacka f\u00f6r herrar erbjuder effektivt skydd mot elementen. Utformad f\u00f6r utomhusaktiviteter, den kombinerar andningsaktivitet och vattent\u00e4thet tack vare sin 8000 mm membran. Den har en rak krage och justerbara \u00e4rmar med klisterband f\u00f6r optimal passform. Tv\u00e5 framsidiga zippfickor g\u00f6r det m\u00f6jligt att s\u00e4kert f\u00f6rvara personliga tillh\u00f6righeter. Ytan \u00e4r gjord av 95% polyester och 5% elastan, medan insidan \u00e4r 100% polyester.\n\n- Yttre: 95% polyester, 5% elastan\n- Inre: 100% polyester\n- Vattent\u00e4t\n- Justerbara \u00e4rmar\n- Tv\u00e5 framsidiga zippfickor","pt":"Esta jaqueta softshell masculina oferece prote\u00e7\u00e3o eficaz contra os elementos. Concebida para atividades ao ar livre, combina respirabilidade e impermeabilidade gra\u00e7as \u00e0 sua membrana 8000mm. Possui um colarinho reto e punhos ajust\u00e1veis com banda autoagripante para um ajuste \u00f3ptimo. Duas bolsas frontais com fecho z\u00edper permitem guardar os pertences pessoais com seguran\u00e7a. O exterior \u00e9 composto por 95% poli\u00e9ster e 5% elastano, enquanto o interior \u00e9 100% poli\u00e9ster.\n\n- Exterior: 95% poli\u00e9ster, 5% elastano\n- Interior: 100% poli\u00e9ster\n- Impermeabilidade\n- Punhos ajust\u00e1veis\n- Duas bolsas frontais com fecho z\u00edper","da":"Denne bl\u00f8dt skindjakke til m\u00e6nd tilbyder effektiv beskyttelse mod elementerne. Designet til udend\u00f8rs aktiviteter, kombinerer den \u00e5ndbarhed og vandt\u00e6thed takket v\u00e6re sin 8000mm membran. Den er udstyret med en lige krave og justerbare \u00e6rmer med selvkl\u00e6bende b\u00e5nd til optimal pasform. To forpoker med l\u00e5s giver sikker opbevaring af personlige ejendele. Udsiden er lavet af 95% polyester og 5% elastan, mens indsiden er 100% polyester.\n\n- Udsiden: 95% polyester, 5% elastan\n- Indsiden: 100% polyester\n- Vandt\u00e6thed: 8000mm\n- Justerbare \u00e6rmer\n- To forpoker med l\u00e5s","pl":"Ta kurtka softshell dla m\u0119\u017cczyzn zapewnia skuteczn\u0105 ochron\u0119 przed czynnikami zewn\u0119trznymi. Zaprojektowana dla aktywno\u015bci na \u015bwie\u017cym powietrzu, \u0142\u0105czy oddychalno\u015b\u0107 i odporno\u015b\u0107 na wod\u0119 dzi\u0119ki swojej b\u0142onie 8000mm. Ma prosty ko\u0142nierz i regulowane mankiety za pomoc\u0105 ta\u015bmy samoprzylepnej, co zapewnia idealne dopasowanie. Dwie przednie zapi\u0119te kieszenie pozwalaj\u0105 bezpiecznie przechowywa\u0107 osobiste przedmioty. Zewn\u0119trzna cz\u0119\u015b\u0107 jest wykonana z 95% poliestru i 5% elastanu, a wewn\u0119trzna z 100% poliestru.\n\n- Zewn\u0119trzna cz\u0119\u015b\u0107: 95% poliestru, 5% elastanu\n- Wewn\u0119trzna cz\u0119\u015b\u0107: 100% poliestru\n- Odporno\u015b\u0107 na wod\u0119: 8000mm\n- Regulowane mankiety\n- Dwie przednie zapi\u0119te kieszenie"},"h1":{"fr":"Men\u00b4s softshell jacket c+ 7820","en":"Men's softshell jacket c+ 7820","de":"M\u00e4nner Softshell Jacke c+ 7820","nl":"Men\u2019s softshell jas c+ 7820","es":"Chaqueta de softshell para hombre c+ 7820","it":"Giacca softshell uomo c+ 7820","sv":"Herrars mjuka ytjacka c+ 7820","pt":"Jaqueta softshell masculina c+ 7820","da":"M\u00e6nds bl\u00f8dt skindjakke c+ 7820","pl":"M\u0119ski kurtka softshell c+ 7820"},"meta_description":{"fr":"V\u00eatement ext\u00e9rieur softshell pour homme. Imperm\u00e9able 8000mm et respirant. Id\u00e9al pour les activit\u00e9s outdoor. D\u00e9couvrez le confort et la protection.","en":"Men's softshell outdoor clothing. Waterproof 8000mm and breathable. Ideal for outdoor activities. Discover comfort and protection.","de":"M\u00e4nner Softshell Au\u00dfenbekleidung. Wasserfest bis 8000mm und atmungsaktiv. Ideal f\u00fcr Outdoor-Aktivit\u00e4ten. Entdecken Sie Komfort und Schutz.","nl":"Buitenkleding softshell voor mannen. Waterdicht 8000mm en ademend. Ideaal voor outdooractiviteiten. Ontdek het comfort en de bescherming.","es":"Ropa exterior de softshell para hombre. Impermeable 8000mm y transpirable. Ideal para actividades al aire libre. Descubre el confort y la protecci\u00f3n.","it":"Vestito esterno softshell per uomo. Impermeabile 8000mm e traspirante. Ideale per le attivit\u00e0 outdoor. Scopri il comfort e la protezione.","sv":"Utomhuskl\u00e4der mjuk yta f\u00f6r herrar. Vattent\u00e4tt 8000 mm och andningsaktiv. Idealisk f\u00f6r utomhusaktiviteter. Upplev komfort och skydd.","pt":"Roupa de exterior softshell para homem. Imperme\u00e1vel 8000mm e respir\u00e1vel. Ideal para atividades ao ar livre. Descubra o conforto e a prote\u00e7\u00e3o.","da":"Udvendig bl\u00f8dt skindt\u00f8j til m\u00e6nd. Vandt\u00e6t 8000mm og \u00e5ndbar. Ideel til udend\u00f8rs aktiviteter. Opdag komfort og beskyttelse.","pl":"M\u0119ska kurtka softshell. Odporna na wod\u0119 8000mm i oddychaj\u0105ca. Idealna do aktywno\u015bci na \u015bwie\u017cym powietrzu. Odkryj komfort i ochron\u0119."}},"custom":{"title":{"fr":"Men\u00b4s softshell jacket c+ PROMODORO personnalisable 7820","en":"Men\u00b4s softshell jacket c+ PROMODORO customizable 7820","de":"Softshelljacke c+ f\u00fcr Herren personalisierbar 7820","nl":"Men's softshell jas c+ PROMODORO persoonlijk te maken 7820","es":"Chaqueta softshell para hombre c+ PROMODORO personalizable 7820","it":"Giacca softshell c+ personalizzabile per uomo PROMODORO 7820","sv":"Men\u00b4s softshell jacket c+ PROMODORO personaliserbar 7820","pt":"Jaqueta de softshell masculina c+ PROMODORO personaliz\u00e1vel 7820","da":"M\u00e6nds softshell jakke c+ PROMODORO personaliserbar 7820","pl":"M\u0119ska kurtka softshell c+ PROMODORO personalizowalna 7820"},"description":{"fr":"Cette veste softshell offre une protection efficace contre les \u00e9l\u00e9ments. Con\u00e7ue pour offrir confort et fonctionnalit\u00e9, elle est dot\u00e9e d'un col droit et de poignets ajustables par bande auto-agrippante. Elle dispose \u00e9galement de deux poches avant zipp\u00e9es pour un rangement pratique. Le tissu respirant permet une \u00e9vacuation de l'humidit\u00e9, tandis que l'imperm\u00e9abilit\u00e9 de 8000mm assure une protection contre la pluie. La composition ext\u00e9rieure en 95% polyester et 5% \u00e9lasthanne offre une bonne flexibilit\u00e9 et r\u00e9sistance. L'int\u00e9rieur est enti\u00e8rement en polyester pour un confort accru. Cette veste est \u00e9galement adaptable \u00e0 vos besoins gr\u00e2ce \u00e0 la possibilit\u00e9 d'y apposer votre logo ou visuel. \n\n- Ext\u00e9rieur : 95% polyester, 5% \u00e9lasthanne\n- Int\u00e9rieur : 100% polyester\n- Imperm\u00e9abilit\u00e9 : 8000mm","en":"This softshell jacket offers effective protection against the elements. Designed for comfort and functionality, it features a stand-up collar and adjustable cuffs with hook-and-loop fasteners. It also has two front zip pockets for practical storage. The breathable fabric allows moisture to escape, while the waterproofing of 8000mm provides protection against rain. The outer composition of 95% polyester and 5% elastane offers good flexibility and durability. The interior is fully polyester for added comfort. This jacket is also adaptable to your needs with the possibility of adding your logo or design.","de":"Diese Softshelljacke bietet einen effektiven Schutz gegen die Elemente. Sie ist f\u00fcr Komfort und Funktionalit\u00e4t konzipiert und verf\u00fcgt \u00fcber einen Stehkragen und verstellbare Manschetten mit Klettverschluss. Zwei vordere Rei\u00dfverschlussentaschen bieten praktischen Stauraum. Das atmungsaktive Gewebe sorgt f\u00fcr eine gute Feuchtigkeitsableitung, w\u00e4hrend die Wasserdichtigkeit von 8000 mm Schutz vor Regen bietet. Die \u00e4u\u00dfere Zusammensetzung aus 95% Polyester und 5% Elasthan bietet gute Flexibilit\u00e4t und Haltbarkeit. Das Innere besteht vollst\u00e4ndig aus Polyester f\u00fcr zus\u00e4tzlichen Komfort. Diese Jacke ist auch an Ihre Bed\u00fcrfnisse anpassbar durch die M\u00f6glichkeit, Ihr Logo oder Ihr Bild darauf anbringen zu lassen.\n\n- Au\u00dfen: 95% Polyester, 5% Elasthan\n- Innen: 100% Polyester","nl":"Deze softshell jas biedt effectieve bescherming tegen de elementen. Ontworpen voor comfort en functionaliteit, heeft deze jas een rechte kraag en verstelbare manchetten met een klittenband. Deze jas heeft ook twee voorste zippockets voor handig opbergen. Het ademend materiaal zorgt voor een goede vochtwegneming, terwijl de waterdichtheid van 8000 mm bescherming biedt tegen regen. De buitenkant bestaat uit 95% polyester en 5% elastane voor goede flexibiliteit en duurzaamheid. Het binnenwerk is volledig van polyester voor extra comfort. Deze jas is ook aanpasbaar aan uw behoeften dankzij de mogelijkheid om uw logo of visuele te plaatsen.\n\n- Buitenkant: 95% polyester, 5% elastane\n- Binnenkant: 100% polyester","es":"Esta chaqueta softshell ofrece una protecci\u00f3n efectiva contra los elementos. Dise\u00f1ada para ofrecer confort y funcionalidad, cuenta con un cuello recto y pu\u00f1os ajustables con banda autoagripante. Tambi\u00e9n dispone de dos bolsillos delanteros con cremallera para un almacenamiento pr\u00e1ctico. La tela transpirable permite una evacuaci\u00f3n de la humedad, mientras que la impermeabilidad de 8000mm asegura una protecci\u00f3n contra la lluvia. La composici\u00f3n exterior de 95% poli\u00e9ster y 5% elastano ofrece una buena flexibilidad y resistencia. El interior es completamente de poli\u00e9ster para un mayor confort. Esta chaqueta tambi\u00e9n es adaptable a sus necesidades gracias a la posibilidad de aplicar su logo o visual.","it":"Questa giacca softshell offre una protezione efficace contro gli elementi. Progettata per offrire comfort e funzionalit\u00e0, presenta un colletto dritto e polsini regolabili con nastro autobloccante. Dispone inoltre di due tasche frontali con zip per un comodo ripostiglio. Il tessuto traspirante permette l'evacuazione dell'umidit\u00e0, mentre l'impermeabilit\u00e0 di 8000mm garantisce una protezione contro la pioggia. La composizione esterna in 95% poliestere e 5% elastam offre una buona flessibilit\u00e0 e resistenza. L'interno \u00e8 completamente in poliestere per un comfort accresciuto. Questa giacca \u00e8 anche adattabile alle tue esigenze grazie alla possibilit\u00e0 di apporre il tuo logo o visivo.","sv":"Denna softshelljakke erbjuder effektivt skydd mot elementen. Designad f\u00f6r att erbjuda komfort och funktion, har den ett rak st\u00e5ndskrage och justerbara manschetter med kl\u00e4mmband. Den har ocks\u00e5 tv\u00e5 framtasfickor med dragkedjor f\u00f6r praktiskt f\u00f6rvaring. Andningsbart tyg g\u00f6r det m\u00f6jligt att avleda fukt, medan vattent\u00e4theten p\u00e5 8000mm garanterar skydd mot regn. Den yttre sammans\u00e4ttningen i 95% polyester och 5% elastan erbjuder god flexibilitet och h\u00e5llbarhet. Insidan \u00e4r helt i polyester f\u00f6r \u00f6kat komfort. Denna jacka \u00e4r ocks\u00e5 anpassningsbar till dina behov tack vare m\u00f6jligheten att applicera ditt logotyp eller visuell.","pt":"Esta jaqueta de softshell oferece uma prote\u00e7\u00e3o eficaz contra os elementos. Concebida para oferecer conforto e funcionalidade, possui um colarinho reto e punhos ajust\u00e1veis com tira autoagripante. Tamb\u00e9m possui dois bolsos frontais com z\u00edper para armazenamento pr\u00e1tico. O tecido respir\u00e1vel permite a evacua\u00e7\u00e3o da umidade, enquanto a impermeabilidade de 8000mm garante prote\u00e7\u00e3o contra a chuva. A composi\u00e7\u00e3o exterior em 95% poli\u00e9ster e 5% elastano oferece boa flexibilidade e resist\u00eancia. O interior \u00e9 inteiramente em poli\u00e9ster para maior conforto. Esta jaqueta tamb\u00e9m \u00e9 adapt\u00e1vel \u00e0s suas necessidades gra\u00e7as \u00e0 possibilidade de aplicar o seu logotipo ou visual.","da":"Denne bl\u00f8dshell jakke tilbyder effektiv beskyttelse mod elementerne. Designet til at tilbyde komfort og funktion, er den udstyret med en lige krage og justerbare \u00e6rmel med fastg\u00f8relsestape. Den har ogs\u00e5 to forreste lommer med zip for praktisk opbevaring. \u00c5ndbar stof hj\u00e6lper med at fjerne fugt, mens vandt\u00e6theden p\u00e5 8000mm sikrer beskyttelse mod regn. Udvendig sammens\u00e6tning af 95% polyester og 5% elastan tilbyder god fleksibilitet og holdbarhed. Indersiden er fuldst\u00e6ndig lavet af polyester for \u00f8get komfort. Denne jakke kan ogs\u00e5 tilpasses dine behov med mulighed for at tilf\u00f8je dit logo eller visuel.","pl":"Ta kurtka softshell zapewnia skuteczn\u0105 ochron\u0119 przed warunkami atmosferycznymi. Zaprojektowana z my\u015bl\u0105 o komforcie i funkcjonalno\u015bci, posiada prosty ko\u0142nierz i regulowane r\u0119kawy za pomoc\u0105 ta\u015bmy klej\u0105cej. Dwa przednie zapi\u0119te na zamek baga\u017cnik zapewniaj\u0105 praktyczne przechowywanie. Oddychaj\u0105cy materia\u0142 zapewnia usuwanie wilgoci, podczas gdy wodoodporno\u015b\u0107 8000mm zapewnia ochron\u0119 przed deszczem. Zewn\u0119trzna kompozycja z 95% poliestru i 5% elastanu zapewnia dobr\u0105 elastyczno\u015b\u0107 i wytrzyma\u0142o\u015b\u0107. Wewn\u0119trzna cz\u0119\u015b\u0107 jest ca\u0142kowicie z poliestru dla wi\u0119kszego komfortu. Ta kurtka jest r\u00f3wnie\u017c dostosowywalna do Twoich potrzeb dzi\u0119ki mo\u017cliwo\u015bci naniesienia Twojego loga lub wizualizacji.\n\n- Zewn\u0119trzna cz\u0119\u015b\u0107: 95% poliestru, 5% elastanu\n- Wewn\u0119trzna cz\u0119\u015b\u0107: 100% poliestru\n- Wodoodporno\u015b\u0107: 8000mm"},"h1":{"fr":"Men\u00b4s softshell jacket c+ personnalisation 7820","en":"Men\u00b4s softshell jacket c+ customization 7820","de":"Softshelljacke c+ personalisierung 7820","nl":"Men's softshell jas c+ persoonlijk maken 7820","es":"Chaqueta softshell para hombre personalizaci\u00f3n 7820","it":"Giacca softshell c+ personalizzazione per uomo 7820","sv":"Men\u00b4s softshell jacket c+ personalisering 7820","pt":"Jaqueta de softshell masculina c+ personaliza\u00e7\u00e3o 7820","da":"M\u00e6nds softshell jakke c+ personalisering 7820","pl":"M\u0119ska kurtka softshell c+ personalizacja 7820"},"meta_description":{"fr":"Veste softshell pour homme respirante et imperm\u00e9able. Id\u00e9ale pour les activit\u00e9s de plein air. Possibilit\u00e9 de personnalisation.","en":"Breathable and waterproof men's softshell jacket. Ideal for outdoor activities. Customization possible.","de":"Atmungsaktive und wasserdichte Softshelljacke f\u00fcr Herren. Ideal f\u00fcr Outdoor-Aktivit\u00e4ten. Personalisierungsm\u00f6glichkeit.","nl":"Ademende en waterdichte softshell jas voor heren. Ideaal voor buitenactiviteiten. Mogelijkheid tot persoonlijk maken.","es":"Chaqueta softshell para hombre respirante e impermeable. Ideal para actividades al aire libre. Posibilidad de personalizaci\u00f3n.","it":"Giacca softshell per uomo traspirante e impermeabile. Ideale per le attivit\u00e0 all'aperto. Possibilit\u00e0 di personalizzazione.","sv":"Andemans softshelljakke \u00e4r andningsbar och vattent\u00e4t. Idealisk f\u00f6r utomhusaktiviteter. M\u00f6jlighet till personalisering.","pt":"Jaqueta de softshell para homem respir\u00e1vel e imperme\u00e1vel. Ideal para atividades ao ar livre. Possibilidade de personaliza\u00e7\u00e3o.","da":"\u00c5ndbar og vandt\u00e6t bl\u00f8dshell jakke til m\u00e6nd. Ideel til udend\u00f8rs aktiviteter. Mulighed for personligg\u00f8relse.","pl":"Oddychaj\u0105ca i wodoodporna kurtka softshell dla m\u0119\u017cczyzn. Idealna do aktywno\u015bci na \u015bwie\u017cym powietrzu. Mo\u017cliwo\u015b\u0107 personalizacji."}}},"categories":[{"id":328,"name":"Softshells","singular":"Softshell","is_feminin":false},{"id":13,"name":"Vestes et manteaux","singular":"Veste et manteau","is_feminin":true},{"id":354,"name":"Textile","singular":"Textile","is_feminin":false}],"certifications":[],"videos":{"fr":[],"en":[],"de":[],"nl":[],"es":[],"it":[],"sv":[],"pt":[],"da":[],"pl":[]},"main_images":{"miniature":"https:\/\/media.th4.com\/RyCWHTXMcXXJ4iNuUmL1cOS4nM6xQefKYjw0HPfD7Ks\/pr:80\/aHR0cDovL21lZGlhMi5kZXNpZ25wYXJ0bmVyLmZyL2MvcC1NVC84NTM0LmpwZw?v=1642604525","medium":"https:\/\/media.th4.com\/QjnWPdAFFE8tK-fsW4sEqOsYL8zSWGcbVfWdPok2ukc\/pr:550x550greybg\/aHR0cDovL21lZGlhMi5kZXNpZ25wYXJ0bmVyLmZyL2MvcC1NVC84NTM0LmpwZw?v=1642604525","medium_large":"https:\/\/media.th4.com\/5hCE-0rffP5FbtNfFKKzFLHvV3ZZjyfg6HkEJ3aCpPE\/pr:1000x1000greybg\/aHR0cDovL21lZGlhMi5kZXNpZ25wYXJ0bmVyLmZyL2MvcC1NVC84NTM0LmpwZw?v=1642604525","large":"https:\/\/media.th4.com\/Kg2b1evB53m_dO-NGx2Ne6sDPte6pk0MahidFJ8R7wI\/pr:1920greybg\/aHR0cDovL21lZGlhMi5kZXNpZ25wYXJ0bmVyLmZyL2MvcC1NVC84NTM0LmpwZw?v=1642604525","opengraph":"https:\/\/media.th4.com\/fM1sqki3tghPs5pnT9-i3LKDxRZ4wYiIhokoEMs_Pd4\/pr:1200x630greybg\/aHR0cDovL21lZGlhMi5kZXNpZ25wYXJ0bmVyLmZyL2MvcC1NVC84NTM0LmpwZw?v=1642604525"},"main_images_customization":{"miniature":"https:\/\/media.th4.com\/RyCWHTXMcXXJ4iNuUmL1cOS4nM6xQefKYjw0HPfD7Ks\/pr:80\/aHR0cDovL21lZGlhMi5kZXNpZ25wYXJ0bmVyLmZyL2MvcC1NVC84NTM0LmpwZw?v=1642604525","medium":"https:\/\/media.th4.com\/QjnWPdAFFE8tK-fsW4sEqOsYL8zSWGcbVfWdPok2ukc\/pr:550x550greybg\/aHR0cDovL21lZGlhMi5kZXNpZ25wYXJ0bmVyLmZyL2MvcC1NVC84NTM0LmpwZw?v=1642604525","medium_large":"https:\/\/media.th4.com\/5hCE-0rffP5FbtNfFKKzFLHvV3ZZjyfg6HkEJ3aCpPE\/pr:1000x1000greybg\/aHR0cDovL21lZGlhMi5kZXNpZ25wYXJ0bmVyLmZyL2MvcC1NVC84NTM0LmpwZw?v=1642604525","large":"https:\/\/media.th4.com\/Kg2b1evB53m_dO-NGx2Ne6sDPte6pk0MahidFJ8R7wI\/pr:1920greybg\/aHR0cDovL21lZGlhMi5kZXNpZ25wYXJ0bmVyLmZyL2MvcC1NVC84NTM0LmpwZw?v=1642604525","opengraph":"https:\/\/media.th4.com\/fM1sqki3tghPs5pnT9-i3LKDxRZ4wYiIhokoEMs_Pd4\/pr:1200x630greybg\/aHR0cDovL21lZGlhMi5kZXNpZ25wYXJ0bmVyLmZyL2MvcC1NVC84NTM0LmpwZw?v=1642604525"},"page_links":{"fr":"\/fr\/p-pr-7820-mens-softshell-jacket-c-7820-8534\/","en":"\/en\/p-pr-7820-mens-softshell-jacket-c-7820-8534\/","de":"\/de\/p-pr-7820-manner-softshell-jacke-c-7820-8534\/","nl":"\/nl\/p-pr-7820-mens-softshell-jas-c-7820-8534\/","es":"\/es\/p-pr-7820-chaqueta-de-softshell-para-hombre-c-7820-8534\/","it":"\/it\/p-pr-7820-giacca-softshell-uomo-c-7820-8534\/","sv":"\/sv\/p-pr-7820-herrars-mjuka-ytjacka-c-7820-8534\/","pt":"\/pt\/p-pr-7820-jaqueta-softshell-masculina-c-7820-8534\/","da":"\/da\/p-pr-7820-maends-blodt-skindjakke-c-7820-8534\/","pl":"\/pl\/p-pr-7820-meski-kurtka-softshell-c-7820-8534\/"},"page_links_customization":{"fr":"\/fr\/p-pr-7820-mens-softshell-jacket-c-personnalisation-7820-8534\/custom\/","en":"\/en\/p-pr-7820-mens-softshell-jacket-c-customization-7820-8534\/custom\/","de":"\/de\/p-pr-7820-softshelljacke-c-personalisierung-7820-8534\/custom\/","nl":"\/nl\/p-pr-7820-mens-softshell-jas-c-persoonlijk-maken-7820-8534\/custom\/","es":"\/es\/p-pr-7820-chaqueta-softshell-para-hombre-personalizacion-7820-8534\/custom\/","it":"\/it\/p-pr-7820-giacca-softshell-c-personalizzazione-per-uomo-7820-8534\/custom\/","sv":"\/sv\/p-pr-7820-mens-softshell-jacket-c-personalisering-7820-8534\/custom\/","pt":"\/pt\/p-pr-7820-jaqueta-de-softshell-masculina-c-personalizacao-7820-8534\/custom\/","da":"\/da\/p-pr-7820-maends-softshell-jakke-c-personalisering-7820-8534\/custom\/","pl":"\/pl\/p-pr-7820-meska-kurtka-softshell-c-personalizacja-7820-8534\/custom\/"},"equivalent_products":[],"colors":[{"id":11581,"name":"black","class_ids":[4],"codes_hexa":["00060A"],"delai_24":false,"has_3d":false,"seuil_global":0,"stock_local":0,"stock_global":74,"on_standby":false,"in_catalog":true,"images":{"miniature":["https:\/\/media.th4.com\/9xogHIubG1VvO2ym_1RfxMvNq-20q7m8u3bRDu8c6JY\/pr:80\/aHR0cDovL21lZGlhMi5kZXNpZ25wYXJ0bmVyLmZyL2MvcC84NTM0Lzg1MzQtMTE1ODEtMS5qcGc?v=1610019435","https:\/\/media.th4.com\/TWmpiA6EOTBEqyl-5pzsISg1AnZKv5szzoF6HAMjNZA\/pr:80\/aHR0cDovL21lZGlhMi5kZXNpZ25wYXJ0bmVyLmZyL2MvcC84NTM0Lzg1MzQtMTE1ODEtMi5qcGc?v=1610019435","https:\/\/media.th4.com\/JfqmiYZ1vkr2SI_ZmRkcEijExn28vT7CtOnVZ2L01OE\/pr:80\/aHR0cDovL21lZGlhMi5kZXNpZ25wYXJ0bmVyLmZyL2MvcC84NTM0Lzg1MzQtMTE1ODEtNC5qcGc?v=1610019435"],"medium":["https:\/\/media.th4.com\/lUhNpA0uHxQQ71vOi-fPsOz23n_0_Uf1cw9KY1BMfU0\/pr:550x550\/aHR0cDovL21lZGlhMi5kZXNpZ25wYXJ0bmVyLmZyL2MvcC84NTM0Lzg1MzQtMTE1ODEtMS5qcGc?v=1610019435","https:\/\/media.th4.com\/OJK7qummWTrJHoyanVkNUplxb2wLjC61ugEKSyv-bNM\/pr:550x550\/aHR0cDovL21lZGlhMi5kZXNpZ25wYXJ0bmVyLmZyL2MvcC84NTM0Lzg1MzQtMTE1ODEtMi5qcGc?v=1610019435","https:\/\/media.th4.com\/j-H0F7jAPiHwbMd7WWOxf_Aw0FSu7mYo3cBV9NzWq0s\/pr:550x550\/aHR0cDovL21lZGlhMi5kZXNpZ25wYXJ0bmVyLmZyL2MvcC84NTM0Lzg1MzQtMTE1ODEtNC5qcGc?v=1610019435"],"medium_large":["https:\/\/media.th4.com\/pcrQAlQkxYo23DdfscrTOGFU7lOpDPlbESqFlrEVykk\/pr:1000x1000\/aHR0cDovL21lZGlhMi5kZXNpZ25wYXJ0bmVyLmZyL2MvcC84NTM0Lzg1MzQtMTE1ODEtMS5qcGc?v=1610019435","https:\/\/media.th4.com\/3Sy72uuL1j9HyAqeuwQOCbaVGRmZ4aNwvzhLzuXBLDs\/pr:1000x1000\/aHR0cDovL21lZGlhMi5kZXNpZ25wYXJ0bmVyLmZyL2MvcC84NTM0Lzg1MzQtMTE1ODEtMi5qcGc?v=1610019435","https:\/\/media.th4.com\/JLZIvcwb5mbg46Z_a1Sc7z3jYyM7BFnzfBUcGvBvAY8\/pr:1000x1000\/aHR0cDovL21lZGlhMi5kZXNpZ25wYXJ0bmVyLmZyL2MvcC84NTM0Lzg1MzQtMTE1ODEtNC5qcGc?v=1610019435"],"large":["https:\/\/media.th4.com\/oJjdrNXLWkcMrKSXGQw7gtC4c7MVRvQMsTw4vCmVQ28\/pr:1920\/aHR0cDovL21lZGlhMi5kZXNpZ25wYXJ0bmVyLmZyL2MvcC84NTM0Lzg1MzQtMTE1ODEtMS5qcGc?v=1610019435","https:\/\/media.th4.com\/628RU6-yVfA3qaWw1fVXMlSBjyfV9ZVJMI4kNnqeHnk\/pr:1920\/aHR0cDovL21lZGlhMi5kZXNpZ25wYXJ0bmVyLmZyL2MvcC84NTM0Lzg1MzQtMTE1ODEtMi5qcGc?v=1610019435","https:\/\/media.th4.com\/TPO5NIzGF1hhILL3h7Z_5IE2byvQo3OKUByh5TFzbRg\/pr:1920\/aHR0cDovL21lZGlhMi5kZXNpZ25wYXJ0bmVyLmZyL2MvcC84NTM0Lzg1MzQtMTE1ODEtNC5qcGc?v=1610019435"],"opengraph":["https:\/\/media.th4.com\/NLupqPmdyfPSaJtHe1r5ffGT1xQAl-IJ-MBJc1eorn0\/pr:1200x630\/aHR0cDovL21lZGlhMi5kZXNpZ25wYXJ0bmVyLmZyL2MvcC84NTM0Lzg1MzQtMTE1ODEtMS5qcGc?v=1610019435","https:\/\/media.th4.com\/G_MreCslNewHSYipWREhVb3HKJ_W6jtwyfZ91e53oho\/pr:1200x630\/aHR0cDovL21lZGlhMi5kZXNpZ25wYXJ0bmVyLmZyL2MvcC84NTM0Lzg1MzQtMTE1ODEtMi5qcGc?v=1610019435","https:\/\/media.th4.com\/sBTp5M6tBiM8bLxSt3pXVbC8JbWGp6v_ql8_zOmvoao\/pr:1200x630\/aHR0cDovL21lZGlhMi5kZXNpZ25wYXJ0bmVyLmZyL2MvcC84NTM0Lzg1MzQtMTE1ODEtNC5qcGc?v=1610019435"]},"images_customization":{"miniature":["https:\/\/media.th4.com\/9xogHIubG1VvO2ym_1RfxMvNq-20q7m8u3bRDu8c6JY\/pr:80\/aHR0cDovL21lZGlhMi5kZXNpZ25wYXJ0bmVyLmZyL2MvcC84NTM0Lzg1MzQtMTE1ODEtMS5qcGc?v=1610019435","https:\/\/media.th4.com\/TWmpiA6EOTBEqyl-5pzsISg1AnZKv5szzoF6HAMjNZA\/pr:80\/aHR0cDovL21lZGlhMi5kZXNpZ25wYXJ0bmVyLmZyL2MvcC84NTM0Lzg1MzQtMTE1ODEtMi5qcGc?v=1610019435","https:\/\/media.th4.com\/JfqmiYZ1vkr2SI_ZmRkcEijExn28vT7CtOnVZ2L01OE\/pr:80\/aHR0cDovL21lZGlhMi5kZXNpZ25wYXJ0bmVyLmZyL2MvcC84NTM0Lzg1MzQtMTE1ODEtNC5qcGc?v=1610019435"],"medium":["https:\/\/media.th4.com\/lUhNpA0uHxQQ71vOi-fPsOz23n_0_Uf1cw9KY1BMfU0\/pr:550x550\/aHR0cDovL21lZGlhMi5kZXNpZ25wYXJ0bmVyLmZyL2MvcC84NTM0Lzg1MzQtMTE1ODEtMS5qcGc?v=1610019435","https:\/\/media.th4.com\/OJK7qummWTrJHoyanVkNUplxb2wLjC61ugEKSyv-bNM\/pr:550x550\/aHR0cDovL21lZGlhMi5kZXNpZ25wYXJ0bmVyLmZyL2MvcC84NTM0Lzg1MzQtMTE1ODEtMi5qcGc?v=1610019435","https:\/\/media.th4.com\/j-H0F7jAPiHwbMd7WWOxf_Aw0FSu7mYo3cBV9NzWq0s\/pr:550x550\/aHR0cDovL21lZGlhMi5kZXNpZ25wYXJ0bmVyLmZyL2MvcC84NTM0Lzg1MzQtMTE1ODEtNC5qcGc?v=1610019435"],"medium_large":["https:\/\/media.th4.com\/pcrQAlQkxYo23DdfscrTOGFU7lOpDPlbESqFlrEVykk\/pr:1000x1000\/aHR0cDovL21lZGlhMi5kZXNpZ25wYXJ0bmVyLmZyL2MvcC84NTM0Lzg1MzQtMTE1ODEtMS5qcGc?v=1610019435","https:\/\/media.th4.com\/3Sy72uuL1j9HyAqeuwQOCbaVGRmZ4aNwvzhLzuXBLDs\/pr:1000x1000\/aHR0cDovL21lZGlhMi5kZXNpZ25wYXJ0bmVyLmZyL2MvcC84NTM0Lzg1MzQtMTE1ODEtMi5qcGc?v=1610019435","https:\/\/media.th4.com\/JLZIvcwb5mbg46Z_a1Sc7z3jYyM7BFnzfBUcGvBvAY8\/pr:1000x1000\/aHR0cDovL21lZGlhMi5kZXNpZ25wYXJ0bmVyLmZyL2MvcC84NTM0Lzg1MzQtMTE1ODEtNC5qcGc?v=1610019435"],"large":["https:\/\/media.th4.com\/oJjdrNXLWkcMrKSXGQw7gtC4c7MVRvQMsTw4vCmVQ28\/pr:1920\/aHR0cDovL21lZGlhMi5kZXNpZ25wYXJ0bmVyLmZyL2MvcC84NTM0Lzg1MzQtMTE1ODEtMS5qcGc?v=1610019435","https:\/\/media.th4.com\/628RU6-yVfA3qaWw1fVXMlSBjyfV9ZVJMI4kNnqeHnk\/pr:1920\/aHR0cDovL21lZGlhMi5kZXNpZ25wYXJ0bmVyLmZyL2MvcC84NTM0Lzg1MzQtMTE1ODEtMi5qcGc?v=1610019435","https:\/\/media.th4.com\/TPO5NIzGF1hhILL3h7Z_5IE2byvQo3OKUByh5TFzbRg\/pr:1920\/aHR0cDovL21lZGlhMi5kZXNpZ25wYXJ0bmVyLmZyL2MvcC84NTM0Lzg1MzQtMTE1ODEtNC5qcGc?v=1610019435"],"opengraph":["https:\/\/media.th4.com\/NLupqPmdyfPSaJtHe1r5ffGT1xQAl-IJ-MBJc1eorn0\/pr:1200x630\/aHR0cDovL21lZGlhMi5kZXNpZ25wYXJ0bmVyLmZyL2MvcC84NTM0Lzg1MzQtMTE1ODEtMS5qcGc?v=1610019435","https:\/\/media.th4.com\/G_MreCslNewHSYipWREhVb3HKJ_W6jtwyfZ91e53oho\/pr:1200x630\/aHR0cDovL21lZGlhMi5kZXNpZ25wYXJ0bmVyLmZyL2MvcC84NTM0Lzg1MzQtMTE1ODEtMi5qcGc?v=1610019435","https:\/\/media.th4.com\/sBTp5M6tBiM8bLxSt3pXVbC8JbWGp6v_ql8_zOmvoao\/pr:1200x630\/aHR0cDovL21lZGlhMi5kZXNpZ25wYXJ0bmVyLmZyL2MvcC84NTM0Lzg1MzQtMTE1ODEtNC5qcGc?v=1610019435"]},"country_origin":"CN","traceability":{"manufacturing_country_id":null,"weaving_country_id":null,"dyeing_country_id":null},"sizes":[{"id":2,"article_id":275785,"class_id":4,"name":"M","on_standby":false,"stock_local":0,"stock_global":8,"multiple":1,"estimated_date_reassort":null,"is_destocking":false},{"id":1,"article_id":275786,"class_id":5,"name":"L","on_standby":false,"stock_local":0,"stock_global":32,"multiple":1,"estimated_date_reassort":null,"is_destocking":false},{"id":4,"article_id":275787,"class_id":6,"name":"XL","on_standby":false,"stock_local":0,"stock_global":15,"multiple":1,"estimated_date_reassort":null,"is_destocking":false},{"id":1116,"article_id":275788,"class_id":7,"name":"2XL","on_standby":false,"stock_local":0,"stock_global":8,"multiple":1,"estimated_date_reassort":null,"is_destocking":false},{"id":1081,"article_id":275789,"class_id":8,"name":"3XL","on_standby":false,"stock_local":0,"stock_global":3,"multiple":1,"estimated_date_reassort":null,"is_destocking":false},{"id":168,"article_id":275791,"class_id":10,"name":"5XL","on_standby":false,"stock_local":0,"stock_global":8,"multiple":1,"estimated_date_reassort":null,"is_destocking":false}],"page_links":{"fr":"\/fr\/p-pr-7820-mens-softshell-jacket-c-7820-8534\/black-11581\/","en":"\/en\/p-pr-7820-mens-softshell-jacket-c-7820-8534\/black-11581\/","de":"\/de\/p-pr-7820-manner-softshell-jacke-c-7820-8534\/black-11581\/","nl":"\/nl\/p-pr-7820-mens-softshell-jas-c-7820-8534\/black-11581\/","es":"\/es\/p-pr-7820-chaqueta-de-softshell-para-hombre-c-7820-8534\/black-11581\/","it":"\/it\/p-pr-7820-giacca-softshell-uomo-c-7820-8534\/black-11581\/","sv":"\/sv\/p-pr-7820-herrars-mjuka-ytjacka-c-7820-8534\/black-11581\/","pt":"\/pt\/p-pr-7820-jaqueta-softshell-masculina-c-7820-8534\/black-11581\/","da":"\/da\/p-pr-7820-maends-blodt-skindjakke-c-7820-8534\/black-11581\/","pl":"\/pl\/p-pr-7820-meski-kurtka-softshell-c-7820-8534\/black-11581\/"},"page_links_customization":{"fr":"\/fr\/p-pr-7820-mens-softshell-jacket-c-personnalisation-7820-8534\/black-11581\/custom\/","en":"\/en\/p-pr-7820-mens-softshell-jacket-c-customization-7820-8534\/black-11581\/custom\/","de":"\/de\/p-pr-7820-softshelljacke-c-personalisierung-7820-8534\/black-11581\/custom\/","nl":"\/nl\/p-pr-7820-mens-softshell-jas-c-persoonlijk-maken-7820-8534\/black-11581\/custom\/","es":"\/es\/p-pr-7820-chaqueta-softshell-para-hombre-personalizacion-7820-8534\/black-11581\/custom\/","it":"\/it\/p-pr-7820-giacca-softshell-c-personalizzazione-per-uomo-7820-8534\/black-11581\/custom\/","sv":"\/sv\/p-pr-7820-mens-softshell-jacket-c-personalisering-7820-8534\/black-11581\/custom\/","pt":"\/pt\/p-pr-7820-jaqueta-de-softshell-masculina-c-personalizacao-7820-8534\/black-11581\/custom\/","da":"\/da\/p-pr-7820-maends-softshell-jakke-c-personalisering-7820-8534\/black-11581\/custom\/","pl":"\/pl\/p-pr-7820-meska-kurtka-softshell-c-personalizacja-7820-8534\/black-11581\/custom\/"}},{"id":11646,"name":"aqua","class_ids":[2],"codes_hexa":["3BBBD6"],"delai_24":false,"has_3d":false,"seuil_global":0,"stock_local":0,"stock_global":24,"on_standby":false,"in_catalog":true,"images":{"miniature":["https:\/\/media.th4.com\/oSho24Wdf9KppVDq-bgyFFhf81btigP9Asu7mSZ4Dvs\/pr:80\/aHR0cDovL21lZGlhMi5kZXNpZ25wYXJ0bmVyLmZyL2MvcC84NTM0Lzg1MzQtMTE2NDYtMS5qcGc?v=1610019435","https:\/\/media.th4.com\/k0-1DxW_dLAIurLUuxJfD8digfFuGEfWiir7FC3D-Qg\/pr:80\/aHR0cDovL21lZGlhMi5kZXNpZ25wYXJ0bmVyLmZyL2MvcC84NTM0Lzg1MzQtMTE2NDYtMi5qcGc?v=1610019432","https:\/\/media.th4.com\/JtRaBOyyhacZs-rfL950RkT-RZmaoOtDsRbzmP3LZmU\/pr:80\/aHR0cDovL21lZGlhMi5kZXNpZ25wYXJ0bmVyLmZyL2MvcC84NTM0Lzg1MzQtMTE2NDYtNC5qcGc?v=1610019435"],"medium":["https:\/\/media.th4.com\/MO-RGvEnMAhk5BNDjTmgRl18NPUkaXhOE8cmYG3MpQw\/pr:550x550\/aHR0cDovL21lZGlhMi5kZXNpZ25wYXJ0bmVyLmZyL2MvcC84NTM0Lzg1MzQtMTE2NDYtMS5qcGc?v=1610019435","https:\/\/media.th4.com\/VuB7HnF1Wmntv_R5qykDDoHYFt6hdJX_ihde6oRVgio\/pr:550x550\/aHR0cDovL21lZGlhMi5kZXNpZ25wYXJ0bmVyLmZyL2MvcC84NTM0Lzg1MzQtMTE2NDYtMi5qcGc?v=1610019432","https:\/\/media.th4.com\/rCkGKmpRgm6uY3zkFK7T_mwddglBhIbWmDph1QXrcYk\/pr:550x550\/aHR0cDovL21lZGlhMi5kZXNpZ25wYXJ0bmVyLmZyL2MvcC84NTM0Lzg1MzQtMTE2NDYtNC5qcGc?v=1610019435"],"medium_large":["https:\/\/media.th4.com\/Rb8a3y2oC0Od7PyLC0pTLpD_cqJ_cqHowJrYQs4vr8E\/pr:1000x1000\/aHR0cDovL21lZGlhMi5kZXNpZ25wYXJ0bmVyLmZyL2MvcC84NTM0Lzg1MzQtMTE2NDYtMS5qcGc?v=1610019435","https:\/\/media.th4.com\/9P4Ftr6WJUqAneEIvnNy-J4UzxnlqB-ZKRhKgZoM-ds\/pr:1000x1000\/aHR0cDovL21lZGlhMi5kZXNpZ25wYXJ0bmVyLmZyL2MvcC84NTM0Lzg1MzQtMTE2NDYtMi5qcGc?v=1610019432","https:\/\/media.th4.com\/cm-vQWki--nVxED_xg0Oc3DrWge-d-8xjdsI8x4nD4o\/pr:1000x1000\/aHR0cDovL21lZGlhMi5kZXNpZ25wYXJ0bmVyLmZyL2MvcC84NTM0Lzg1MzQtMTE2NDYtNC5qcGc?v=1610019435"],"large":["https:\/\/media.th4.com\/8fJH0tI3RtJtlvpu_fcvUpFVJzG49UA8fMemfcvplc8\/pr:1920\/aHR0cDovL21lZGlhMi5kZXNpZ25wYXJ0bmVyLmZyL2MvcC84NTM0Lzg1MzQtMTE2NDYtMS5qcGc?v=1610019435","https:\/\/media.th4.com\/6Yadu9Sesy30l-iV8QWJGnhJFaevE8gTtP_OfEkjg0o\/pr:1920\/aHR0cDovL21lZGlhMi5kZXNpZ25wYXJ0bmVyLmZyL2MvcC84NTM0Lzg1MzQtMTE2NDYtMi5qcGc?v=1610019432","https:\/\/media.th4.com\/SxK7otUu8aSgjTi9l618qgvV6da8q9qn50s8fUOYruo\/pr:1920\/aHR0cDovL21lZGlhMi5kZXNpZ25wYXJ0bmVyLmZyL2MvcC84NTM0Lzg1MzQtMTE2NDYtNC5qcGc?v=1610019435"],"opengraph":["https:\/\/media.th4.com\/opmsnCTMadItHRFiYV2XhdD8jZVEY87ZOU64cN77ApI\/pr:1200x630\/aHR0cDovL21lZGlhMi5kZXNpZ25wYXJ0bmVyLmZyL2MvcC84NTM0Lzg1MzQtMTE2NDYtMS5qcGc?v=1610019435","https:\/\/media.th4.com\/lJerzVhSKSvv-iAZwxqNITiLctVpm-iJgQ76Pz3vl7M\/pr:1200x630\/aHR0cDovL21lZGlhMi5kZXNpZ25wYXJ0bmVyLmZyL2MvcC84NTM0Lzg1MzQtMTE2NDYtMi5qcGc?v=1610019432","https:\/\/media.th4.com\/P0BxXgF-xigwtt3fuKwgQL1kdxlpLa0VYJipLF1He4k\/pr:1200x630\/aHR0cDovL21lZGlhMi5kZXNpZ25wYXJ0bmVyLmZyL2MvcC84NTM0Lzg1MzQtMTE2NDYtNC5qcGc?v=1610019435"]},"images_customization":{"miniature":["https:\/\/media.th4.com\/oSho24Wdf9KppVDq-bgyFFhf81btigP9Asu7mSZ4Dvs\/pr:80\/aHR0cDovL21lZGlhMi5kZXNpZ25wYXJ0bmVyLmZyL2MvcC84NTM0Lzg1MzQtMTE2NDYtMS5qcGc?v=1610019435","https:\/\/media.th4.com\/k0-1DxW_dLAIurLUuxJfD8digfFuGEfWiir7FC3D-Qg\/pr:80\/aHR0cDovL21lZGlhMi5kZXNpZ25wYXJ0bmVyLmZyL2MvcC84NTM0Lzg1MzQtMTE2NDYtMi5qcGc?v=1610019432","https:\/\/media.th4.com\/JtRaBOyyhacZs-rfL950RkT-RZmaoOtDsRbzmP3LZmU\/pr:80\/aHR0cDovL21lZGlhMi5kZXNpZ25wYXJ0bmVyLmZyL2MvcC84NTM0Lzg1MzQtMTE2NDYtNC5qcGc?v=1610019435"],"medium":["https:\/\/media.th4.com\/MO-RGvEnMAhk5BNDjTmgRl18NPUkaXhOE8cmYG3MpQw\/pr:550x550\/aHR0cDovL21lZGlhMi5kZXNpZ25wYXJ0bmVyLmZyL2MvcC84NTM0Lzg1MzQtMTE2NDYtMS5qcGc?v=1610019435","https:\/\/media.th4.com\/VuB7HnF1Wmntv_R5qykDDoHYFt6hdJX_ihde6oRVgio\/pr:550x550\/aHR0cDovL21lZGlhMi5kZXNpZ25wYXJ0bmVyLmZyL2MvcC84NTM0Lzg1MzQtMTE2NDYtMi5qcGc?v=1610019432","https:\/\/media.th4.com\/rCkGKmpRgm6uY3zkFK7T_mwddglBhIbWmDph1QXrcYk\/pr:550x550\/aHR0cDovL21lZGlhMi5kZXNpZ25wYXJ0bmVyLmZyL2MvcC84NTM0Lzg1MzQtMTE2NDYtNC5qcGc?v=1610019435"],"medium_large":["https:\/\/media.th4.com\/Rb8a3y2oC0Od7PyLC0pTLpD_cqJ_cqHowJrYQs4vr8E\/pr:1000x1000\/aHR0cDovL21lZGlhMi5kZXNpZ25wYXJ0bmVyLmZyL2MvcC84NTM0Lzg1MzQtMTE2NDYtMS5qcGc?v=1610019435","https:\/\/media.th4.com\/9P4Ftr6WJUqAneEIvnNy-J4UzxnlqB-ZKRhKgZoM-ds\/pr:1000x1000\/aHR0cDovL21lZGlhMi5kZXNpZ25wYXJ0bmVyLmZyL2MvcC84NTM0Lzg1MzQtMTE2NDYtMi5qcGc?v=1610019432","https:\/\/media.th4.com\/cm-vQWki--nVxED_xg0Oc3DrWge-d-8xjdsI8x4nD4o\/pr:1000x1000\/aHR0cDovL21lZGlhMi5kZXNpZ25wYXJ0bmVyLmZyL2MvcC84NTM0Lzg1MzQtMTE2NDYtNC5qcGc?v=1610019435"],"large":["https:\/\/media.th4.com\/8fJH0tI3RtJtlvpu_fcvUpFVJzG49UA8fMemfcvplc8\/pr:1920\/aHR0cDovL21lZGlhMi5kZXNpZ25wYXJ0bmVyLmZyL2MvcC84NTM0Lzg1MzQtMTE2NDYtMS5qcGc?v=1610019435","https:\/\/media.th4.com\/6Yadu9Sesy30l-iV8QWJGnhJFaevE8gTtP_OfEkjg0o\/pr:1920\/aHR0cDovL21lZGlhMi5kZXNpZ25wYXJ0bmVyLmZyL2MvcC84NTM0Lzg1MzQtMTE2NDYtMi5qcGc?v=1610019432","https:\/\/media.th4.com\/SxK7otUu8aSgjTi9l618qgvV6da8q9qn50s8fUOYruo\/pr:1920\/aHR0cDovL21lZGlhMi5kZXNpZ25wYXJ0bmVyLmZyL2MvcC84NTM0Lzg1MzQtMTE2NDYtNC5qcGc?v=1610019435"],"opengraph":["https:\/\/media.th4.com\/opmsnCTMadItHRFiYV2XhdD8jZVEY87ZOU64cN77ApI\/pr:1200x630\/aHR0cDovL21lZGlhMi5kZXNpZ25wYXJ0bmVyLmZyL2MvcC84NTM0Lzg1MzQtMTE2NDYtMS5qcGc?v=1610019435","https:\/\/media.th4.com\/lJerzVhSKSvv-iAZwxqNITiLctVpm-iJgQ76Pz3vl7M\/pr:1200x630\/aHR0cDovL21lZGlhMi5kZXNpZ25wYXJ0bmVyLmZyL2MvcC84NTM0Lzg1MzQtMTE2NDYtMi5qcGc?v=1610019432","https:\/\/media.th4.com\/P0BxXgF-xigwtt3fuKwgQL1kdxlpLa0VYJipLF1He4k\/pr:1200x630\/aHR0cDovL21lZGlhMi5kZXNpZ25wYXJ0bmVyLmZyL2MvcC84NTM0Lzg1MzQtMTE2NDYtNC5qcGc?v=1610019435"]},"country_origin":"CN","traceability":{"manufacturing_country_id":null,"weaving_country_id":null,"dyeing_country_id":null},"sizes":[{"id":2,"article_id":275777,"class_id":4,"name":"M","on_standby":false,"stock_local":0,"stock_global":6,"multiple":1,"estimated_date_reassort":null,"is_destocking":false},{"id":1,"article_id":275778,"class_id":5,"name":"L","on_standby":false,"stock_local":0,"stock_global":3,"multiple":1,"estimated_date_reassort":null,"is_destocking":false},{"id":4,"article_id":275779,"class_id":6,"name":"XL","on_standby":false,"stock_local":0,"stock_global":2,"multiple":1,"estimated_date_reassort":null,"is_destocking":false},{"id":1116,"article_id":275780,"class_id":7,"name":"2XL","on_standby":false,"stock_local":0,"stock_global":6,"multiple":1,"estimated_date_reassort":null,"is_destocking":false},{"id":1081,"article_id":275781,"class_id":8,"name":"3XL","on_standby":false,"stock_local":0,"stock_global":4,"multiple":1,"estimated_date_reassort":null,"is_destocking":false},{"id":16,"article_id":275782,"class_id":9,"name":"4XL","on_standby":false,"stock_local":0,"stock_global":3,"multiple":1,"estimated_date_reassort":null,"is_destocking":false}],"page_links":{"fr":"\/fr\/p-pr-7820-mens-softshell-jacket-c-7820-8534\/aqua-11646\/","en":"\/en\/p-pr-7820-mens-softshell-jacket-c-7820-8534\/aqua-11646\/","de":"\/de\/p-pr-7820-manner-softshell-jacke-c-7820-8534\/aqua-11646\/","nl":"\/nl\/p-pr-7820-mens-softshell-jas-c-7820-8534\/aqua-11646\/","es":"\/es\/p-pr-7820-chaqueta-de-softshell-para-hombre-c-7820-8534\/aqua-11646\/","it":"\/it\/p-pr-7820-giacca-softshell-uomo-c-7820-8534\/aqua-11646\/","sv":"\/sv\/p-pr-7820-herrars-mjuka-ytjacka-c-7820-8534\/aqua-11646\/","pt":"\/pt\/p-pr-7820-jaqueta-softshell-masculina-c-7820-8534\/aqua-11646\/","da":"\/da\/p-pr-7820-maends-blodt-skindjakke-c-7820-8534\/aqua-11646\/","pl":"\/pl\/p-pr-7820-meski-kurtka-softshell-c-7820-8534\/aqua-11646\/"},"page_links_customization":{"fr":"\/fr\/p-pr-7820-mens-softshell-jacket-c-personnalisation-7820-8534\/aqua-11646\/custom\/","en":"\/en\/p-pr-7820-mens-softshell-jacket-c-customization-7820-8534\/aqua-11646\/custom\/","de":"\/de\/p-pr-7820-softshelljacke-c-personalisierung-7820-8534\/aqua-11646\/custom\/","nl":"\/nl\/p-pr-7820-mens-softshell-jas-c-persoonlijk-maken-7820-8534\/aqua-11646\/custom\/","es":"\/es\/p-pr-7820-chaqueta-softshell-para-hombre-personalizacion-7820-8534\/aqua-11646\/custom\/","it":"\/it\/p-pr-7820-giacca-softshell-c-personalizzazione-per-uomo-7820-8534\/aqua-11646\/custom\/","sv":"\/sv\/p-pr-7820-mens-softshell-jacket-c-personalisering-7820-8534\/aqua-11646\/custom\/","pt":"\/pt\/p-pr-7820-jaqueta-de-softshell-masculina-c-personalizacao-7820-8534\/aqua-11646\/custom\/","da":"\/da\/p-pr-7820-maends-softshell-jakke-c-personalisering-7820-8534\/aqua-11646\/custom\/","pl":"\/pl\/p-pr-7820-meska-kurtka-softshell-c-personalizacja-7820-8534\/aqua-11646\/custom\/"}},{"id":11585,"name":"navy","class_ids":[2],"codes_hexa":["031739"],"delai_24":false,"has_3d":false,"seuil_global":0,"stock_local":0,"stock_global":15,"on_standby":false,"in_catalog":true,"images":{"miniature":["https:\/\/media.th4.com\/w7QqQsiaticr9MkuKZaLPRQ_r43bdmO5Ui2vhxDoqS0\/pr:80\/aHR0cDovL21lZGlhMi5kZXNpZ25wYXJ0bmVyLmZyL2MvcC84NTM0Lzg1MzQtMTE1ODUtMS5qcGc?v=1610019435","https:\/\/media.th4.com\/Rylf0eXNfOVxfOVJ-0fU5IBKm1lsiNvW76ulvQAoyTw\/pr:80\/aHR0cDovL21lZGlhMi5kZXNpZ25wYXJ0bmVyLmZyL2MvcC84NTM0Lzg1MzQtMTE1ODUtMi5qcGc?v=1610019435","https:\/\/media.th4.com\/2r1maPZSeOoKl7ys4qYxrTpbVg4C1tLLxED1ewtmtIQ\/pr:80\/aHR0cDovL21lZGlhMi5kZXNpZ25wYXJ0bmVyLmZyL2MvcC84NTM0Lzg1MzQtMTE1ODUtNC5qcGc?v=1610019435"],"medium":["https:\/\/media.th4.com\/SVFMDehFOe32Cj6MKFb5HJsX6IdalBoejjWNOU7MFG8\/pr:550x550\/aHR0cDovL21lZGlhMi5kZXNpZ25wYXJ0bmVyLmZyL2MvcC84NTM0Lzg1MzQtMTE1ODUtMS5qcGc?v=1610019435","https:\/\/media.th4.com\/k_Vp0qzVDlnd3G_3D9d1jGz041zxH5gAw4tf2X_sNyk\/pr:550x550\/aHR0cDovL21lZGlhMi5kZXNpZ25wYXJ0bmVyLmZyL2MvcC84NTM0Lzg1MzQtMTE1ODUtMi5qcGc?v=1610019435","https:\/\/media.th4.com\/mkIfw21MchvvEoN8M1Zu6rxQZ_g6zo8OQT8UQfr9YL8\/pr:550x550\/aHR0cDovL21lZGlhMi5kZXNpZ25wYXJ0bmVyLmZyL2MvcC84NTM0Lzg1MzQtMTE1ODUtNC5qcGc?v=1610019435"],"medium_large":["https:\/\/media.th4.com\/szz7apnuTJU9uZxberitD7zTLkvCkxoKO8jsn6kVZWc\/pr:1000x1000\/aHR0cDovL21lZGlhMi5kZXNpZ25wYXJ0bmVyLmZyL2MvcC84NTM0Lzg1MzQtMTE1ODUtMS5qcGc?v=1610019435","https:\/\/media.th4.com\/OoB9ncO-CAYLUa2C6I_AFKCf2rd-0QXgsMl4CURJ_Bw\/pr:1000x1000\/aHR0cDovL21lZGlhMi5kZXNpZ25wYXJ0bmVyLmZyL2MvcC84NTM0Lzg1MzQtMTE1ODUtMi5qcGc?v=1610019435","https:\/\/media.th4.com\/pnlYQ92g4-kMHKw2ZDRFKC_ZWtGARsonyuyXBin5bos\/pr:1000x1000\/aHR0cDovL21lZGlhMi5kZXNpZ25wYXJ0bmVyLmZyL2MvcC84NTM0Lzg1MzQtMTE1ODUtNC5qcGc?v=1610019435"],"large":["https:\/\/media.th4.com\/-2RP2IsB5ugUhplTHDxX_Y3Xnu17oQtEgQKVVVeDw6Y\/pr:1920\/aHR0cDovL21lZGlhMi5kZXNpZ25wYXJ0bmVyLmZyL2MvcC84NTM0Lzg1MzQtMTE1ODUtMS5qcGc?v=1610019435","https:\/\/media.th4.com\/L-tc9VNcHimogkNMZFBNW4ZVCNITDge2yvebXk_TYuw\/pr:1920\/aHR0cDovL21lZGlhMi5kZXNpZ25wYXJ0bmVyLmZyL2MvcC84NTM0Lzg1MzQtMTE1ODUtMi5qcGc?v=1610019435","https:\/\/media.th4.com\/aWv3Y3P3SAgCABzqWhtfi6HT3L6ePocWPqJ6a5gNzU4\/pr:1920\/aHR0cDovL21lZGlhMi5kZXNpZ25wYXJ0bmVyLmZyL2MvcC84NTM0Lzg1MzQtMTE1ODUtNC5qcGc?v=1610019435"],"opengraph":["https:\/\/media.th4.com\/6pJuoRV9tnuu_AHBDBcSZ3AW8XKytlzbmngpmgBPbes\/pr:1200x630\/aHR0cDovL21lZGlhMi5kZXNpZ25wYXJ0bmVyLmZyL2MvcC84NTM0Lzg1MzQtMTE1ODUtMS5qcGc?v=1610019435","https:\/\/media.th4.com\/Jsl3CpKaAjtD5EolZW04rQKvNIZFtKAbBjRgSOeLPYo\/pr:1200x630\/aHR0cDovL21lZGlhMi5kZXNpZ25wYXJ0bmVyLmZyL2MvcC84NTM0Lzg1MzQtMTE1ODUtMi5qcGc?v=1610019435","https:\/\/media.th4.com\/Qz5IQhkl7Z8JDEpi_G_UpcP3Ylep7UoZUT6mnr9kek8\/pr:1200x630\/aHR0cDovL21lZGlhMi5kZXNpZ25wYXJ0bmVyLmZyL2MvcC84NTM0Lzg1MzQtMTE1ODUtNC5qcGc?v=1610019435"]},"images_customization":{"miniature":["https:\/\/media.th4.com\/w7QqQsiaticr9MkuKZaLPRQ_r43bdmO5Ui2vhxDoqS0\/pr:80\/aHR0cDovL21lZGlhMi5kZXNpZ25wYXJ0bmVyLmZyL2MvcC84NTM0Lzg1MzQtMTE1ODUtMS5qcGc?v=1610019435","https:\/\/media.th4.com\/Rylf0eXNfOVxfOVJ-0fU5IBKm1lsiNvW76ulvQAoyTw\/pr:80\/aHR0cDovL21lZGlhMi5kZXNpZ25wYXJ0bmVyLmZyL2MvcC84NTM0Lzg1MzQtMTE1ODUtMi5qcGc?v=1610019435","https:\/\/media.th4.com\/2r1maPZSeOoKl7ys4qYxrTpbVg4C1tLLxED1ewtmtIQ\/pr:80\/aHR0cDovL21lZGlhMi5kZXNpZ25wYXJ0bmVyLmZyL2MvcC84NTM0Lzg1MzQtMTE1ODUtNC5qcGc?v=1610019435"],"medium":["https:\/\/media.th4.com\/SVFMDehFOe32Cj6MKFb5HJsX6IdalBoejjWNOU7MFG8\/pr:550x550\/aHR0cDovL21lZGlhMi5kZXNpZ25wYXJ0bmVyLmZyL2MvcC84NTM0Lzg1MzQtMTE1ODUtMS5qcGc?v=1610019435","https:\/\/media.th4.com\/k_Vp0qzVDlnd3G_3D9d1jGz041zxH5gAw4tf2X_sNyk\/pr:550x550\/aHR0cDovL21lZGlhMi5kZXNpZ25wYXJ0bmVyLmZyL2MvcC84NTM0Lzg1MzQtMTE1ODUtMi5qcGc?v=1610019435","https:\/\/media.th4.com\/mkIfw21MchvvEoN8M1Zu6rxQZ_g6zo8OQT8UQfr9YL8\/pr:550x550\/aHR0cDovL21lZGlhMi5kZXNpZ25wYXJ0bmVyLmZyL2MvcC84NTM0Lzg1MzQtMTE1ODUtNC5qcGc?v=1610019435"],"medium_large":["https:\/\/media.th4.com\/szz7apnuTJU9uZxberitD7zTLkvCkxoKO8jsn6kVZWc\/pr:1000x1000\/aHR0cDovL21lZGlhMi5kZXNpZ25wYXJ0bmVyLmZyL2MvcC84NTM0Lzg1MzQtMTE1ODUtMS5qcGc?v=1610019435","https:\/\/media.th4.com\/OoB9ncO-CAYLUa2C6I_AFKCf2rd-0QXgsMl4CURJ_Bw\/pr:1000x1000\/aHR0cDovL21lZGlhMi5kZXNpZ25wYXJ0bmVyLmZyL2MvcC84NTM0Lzg1MzQtMTE1ODUtMi5qcGc?v=1610019435","https:\/\/media.th4.com\/pnlYQ92g4-kMHKw2ZDRFKC_ZWtGARsonyuyXBin5bos\/pr:1000x1000\/aHR0cDovL21lZGlhMi5kZXNpZ25wYXJ0bmVyLmZyL2MvcC84NTM0Lzg1MzQtMTE1ODUtNC5qcGc?v=1610019435"],"large":["https:\/\/media.th4.com\/-2RP2IsB5ugUhplTHDxX_Y3Xnu17oQtEgQKVVVeDw6Y\/pr:1920\/aHR0cDovL21lZGlhMi5kZXNpZ25wYXJ0bmVyLmZyL2MvcC84NTM0Lzg1MzQtMTE1ODUtMS5qcGc?v=1610019435","https:\/\/media.th4.com\/L-tc9VNcHimogkNMZFBNW4ZVCNITDge2yvebXk_TYuw\/pr:1920\/aHR0cDovL21lZGlhMi5kZXNpZ25wYXJ0bmVyLmZyL2MvcC84NTM0Lzg1MzQtMTE1ODUtMi5qcGc?v=1610019435","https:\/\/media.th4.com\/aWv3Y3P3SAgCABzqWhtfi6HT3L6ePocWPqJ6a5gNzU4\/pr:1920\/aHR0cDovL21lZGlhMi5kZXNpZ25wYXJ0bmVyLmZyL2MvcC84NTM0Lzg1MzQtMTE1ODUtNC5qcGc?v=1610019435"],"opengraph":["https:\/\/media.th4.com\/6pJuoRV9tnuu_AHBDBcSZ3AW8XKytlzbmngpmgBPbes\/pr:1200x630\/aHR0cDovL21lZGlhMi5kZXNpZ25wYXJ0bmVyLmZyL2MvcC84NTM0Lzg1MzQtMTE1ODUtMS5qcGc?v=1610019435","https:\/\/media.th4.com\/Jsl3CpKaAjtD5EolZW04rQKvNIZFtKAbBjRgSOeLPYo\/pr:1200x630\/aHR0cDovL21lZGlhMi5kZXNpZ25wYXJ0bmVyLmZyL2MvcC84NTM0Lzg1MzQtMTE1ODUtMi5qcGc?v=1610019435","https:\/\/media.th4.com\/Qz5IQhkl7Z8JDEpi_G_UpcP3Ylep7UoZUT6mnr9kek8\/pr:1200x630\/aHR0cDovL21lZGlhMi5kZXNpZ25wYXJ0bmVyLmZyL2MvcC84NTM0Lzg1MzQtMTE1ODUtNC5qcGc?v=1610019435"]},"country_origin":"CN","traceability":{"manufacturing_country_id":null,"weaving_country_id":null,"dyeing_country_id":null},"sizes":[{"id":2,"article_id":275793,"class_id":4,"name":"M","on_standby":false,"stock_local":0,"stock_global":1,"multiple":1,"estimated_date_reassort":null,"is_destocking":false},{"id":1116,"article_id":275796,"class_id":7,"name":"2XL","on_standby":false,"stock_local":0,"stock_global":6,"multiple":1,"estimated_date_reassort":null,"is_destocking":false},{"id":16,"article_id":275798,"class_id":9,"name":"4XL","on_standby":false,"stock_local":0,"stock_global":3,"multiple":1,"estimated_date_reassort":null,"is_destocking":false},{"id":168,"article_id":275799,"class_id":10,"name":"5XL","on_standby":false,"stock_local":0,"stock_global":5,"multiple":1,"estimated_date_reassort":null,"is_destocking":false}],"page_links":{"fr":"\/fr\/p-pr-7820-mens-softshell-jacket-c-7820-8534\/navy-11585\/","en":"\/en\/p-pr-7820-mens-softshell-jacket-c-7820-8534\/navy-11585\/","de":"\/de\/p-pr-7820-manner-softshell-jacke-c-7820-8534\/navy-11585\/","nl":"\/nl\/p-pr-7820-mens-softshell-jas-c-7820-8534\/navy-11585\/","es":"\/es\/p-pr-7820-chaqueta-de-softshell-para-hombre-c-7820-8534\/navy-11585\/","it":"\/it\/p-pr-7820-giacca-softshell-uomo-c-7820-8534\/navy-11585\/","sv":"\/sv\/p-pr-7820-herrars-mjuka-ytjacka-c-7820-8534\/navy-11585\/","pt":"\/pt\/p-pr-7820-jaqueta-softshell-masculina-c-7820-8534\/navy-11585\/","da":"\/da\/p-pr-7820-maends-blodt-skindjakke-c-7820-8534\/navy-11585\/","pl":"\/pl\/p-pr-7820-meski-kurtka-softshell-c-7820-8534\/navy-11585\/"},"page_links_customization":{"fr":"\/fr\/p-pr-7820-mens-softshell-jacket-c-personnalisation-7820-8534\/navy-11585\/custom\/","en":"\/en\/p-pr-7820-mens-softshell-jacket-c-customization-7820-8534\/navy-11585\/custom\/","de":"\/de\/p-pr-7820-softshelljacke-c-personalisierung-7820-8534\/navy-11585\/custom\/","nl":"\/nl\/p-pr-7820-mens-softshell-jas-c-persoonlijk-maken-7820-8534\/navy-11585\/custom\/","es":"\/es\/p-pr-7820-chaqueta-softshell-para-hombre-personalizacion-7820-8534\/navy-11585\/custom\/","it":"\/it\/p-pr-7820-giacca-softshell-c-personalizzazione-per-uomo-7820-8534\/navy-11585\/custom\/","sv":"\/sv\/p-pr-7820-mens-softshell-jacket-c-personalisering-7820-8534\/navy-11585\/custom\/","pt":"\/pt\/p-pr-7820-jaqueta-de-softshell-masculina-c-personalizacao-7820-8534\/navy-11585\/custom\/","da":"\/da\/p-pr-7820-maends-softshell-jakke-c-personalisering-7820-8534\/navy-11585\/custom\/","pl":"\/pl\/p-pr-7820-meska-kurtka-softshell-c-personalizacja-7820-8534\/navy-11585\/custom\/"}},{"id":11648,"name":"steel_grey","class_ids":[3],"codes_hexa":["707078"],"delai_24":false,"has_3d":false,"seuil_global":0,"stock_local":0,"stock_global":10,"on_standby":false,"in_catalog":true,"images":{"miniature":["https:\/\/media.th4.com\/8MulgEkEuavYiUWbJdfgME8qjKsH0MMS7T-l8QavWy4\/pr:80\/aHR0cDovL21lZGlhMi5kZXNpZ25wYXJ0bmVyLmZyL2MvcC84NTM0Lzg1MzQtMTE2NDgtMS5qcGc?v=1610019435","https:\/\/media.th4.com\/6nPXk1qxJCNxwcNl027vtyBoi6qLV6krX81DR0jxQe0\/pr:80\/aHR0cDovL21lZGlhMi5kZXNpZ25wYXJ0bmVyLmZyL2MvcC84NTM0Lzg1MzQtMTE2NDgtMi5qcGc?v=1610019435","https:\/\/media.th4.com\/DoLKMJ1_wCqMuJQRmiG0p6Mzrj45J1sGJ-_N00JU_MY\/pr:80\/aHR0cDovL21lZGlhMi5kZXNpZ25wYXJ0bmVyLmZyL2MvcC84NTM0Lzg1MzQtMTE2NDgtNC5qcGc?v=1610019435"],"medium":["https:\/\/media.th4.com\/2EFeZ61GpMwD70ioUFLyVmXRGdreaFt-lhycB539WF4\/pr:550x550\/aHR0cDovL21lZGlhMi5kZXNpZ25wYXJ0bmVyLmZyL2MvcC84NTM0Lzg1MzQtMTE2NDgtMS5qcGc?v=1610019435","https:\/\/media.th4.com\/Yy9EJPhd_VKTtuDG-dur5gYpqf9qaDTTSLD8V1qrCok\/pr:550x550\/aHR0cDovL21lZGlhMi5kZXNpZ25wYXJ0bmVyLmZyL2MvcC84NTM0Lzg1MzQtMTE2NDgtMi5qcGc?v=1610019435","https:\/\/media.th4.com\/EOBOw4wikLHOOVLBsQwjYK-LcQibCVscF9Fw6JsiAj4\/pr:550x550\/aHR0cDovL21lZGlhMi5kZXNpZ25wYXJ0bmVyLmZyL2MvcC84NTM0Lzg1MzQtMTE2NDgtNC5qcGc?v=1610019435"],"medium_large":["https:\/\/media.th4.com\/8icA0MXnke5khnSivnkQJqar-URAcdAoH7bVHTtrp6Y\/pr:1000x1000\/aHR0cDovL21lZGlhMi5kZXNpZ25wYXJ0bmVyLmZyL2MvcC84NTM0Lzg1MzQtMTE2NDgtMS5qcGc?v=1610019435","https:\/\/media.th4.com\/syqKGEeIdUKvpJfnYI4pfEYTjCv6NSnY9-DUdj1QtMI\/pr:1000x1000\/aHR0cDovL21lZGlhMi5kZXNpZ25wYXJ0bmVyLmZyL2MvcC84NTM0Lzg1MzQtMTE2NDgtMi5qcGc?v=1610019435","https:\/\/media.th4.com\/Qmye2T6LPsDKzFpp0l5sxPr0-ZP2Nc8AH6NmH6epYiw\/pr:1000x1000\/aHR0cDovL21lZGlhMi5kZXNpZ25wYXJ0bmVyLmZyL2MvcC84NTM0Lzg1MzQtMTE2NDgtNC5qcGc?v=1610019435"],"large":["https:\/\/media.th4.com\/y-nG0ghhHcjbjxTgCPMSGwJY9NKuDgjj8HozpXt5ZPw\/pr:1920\/aHR0cDovL21lZGlhMi5kZXNpZ25wYXJ0bmVyLmZyL2MvcC84NTM0Lzg1MzQtMTE2NDgtMS5qcGc?v=1610019435","https:\/\/media.th4.com\/pLWjRdqyrghVT2mI5gcaQeP2iImEyPKQh1M1a0J1INg\/pr:1920\/aHR0cDovL21lZGlhMi5kZXNpZ25wYXJ0bmVyLmZyL2MvcC84NTM0Lzg1MzQtMTE2NDgtMi5qcGc?v=1610019435","https:\/\/media.th4.com\/LGgo22WQFTdUu9eINjmVvtSOaOpKAmZ0RabRzmK_6bE\/pr:1920\/aHR0cDovL21lZGlhMi5kZXNpZ25wYXJ0bmVyLmZyL2MvcC84NTM0Lzg1MzQtMTE2NDgtNC5qcGc?v=1610019435"],"opengraph":["https:\/\/media.th4.com\/BrGlPl-mggubTqiQOFhiTl0WQMMF0s1LR4ISMzWiZnE\/pr:1200x630\/aHR0cDovL21lZGlhMi5kZXNpZ25wYXJ0bmVyLmZyL2MvcC84NTM0Lzg1MzQtMTE2NDgtMS5qcGc?v=1610019435","https:\/\/media.th4.com\/fQXaVRb705J9W1-NpgV_BcsxI6gqmJd5MeiTTynQomM\/pr:1200x630\/aHR0cDovL21lZGlhMi5kZXNpZ25wYXJ0bmVyLmZyL2MvcC84NTM0Lzg1MzQtMTE2NDgtMi5qcGc?v=1610019435","https:\/\/media.th4.com\/UDPbf8DSkl2VYXqBcrO1jOTGB0mmtLZeJMR82G00DVA\/pr:1200x630\/aHR0cDovL21lZGlhMi5kZXNpZ25wYXJ0bmVyLmZyL2MvcC84NTM0Lzg1MzQtMTE2NDgtNC5qcGc?v=1610019435"]},"images_customization":{"miniature":["https:\/\/media.th4.com\/8MulgEkEuavYiUWbJdfgME8qjKsH0MMS7T-l8QavWy4\/pr:80\/aHR0cDovL21lZGlhMi5kZXNpZ25wYXJ0bmVyLmZyL2MvcC84NTM0Lzg1MzQtMTE2NDgtMS5qcGc?v=1610019435","https:\/\/media.th4.com\/6nPXk1qxJCNxwcNl027vtyBoi6qLV6krX81DR0jxQe0\/pr:80\/aHR0cDovL21lZGlhMi5kZXNpZ25wYXJ0bmVyLmZyL2MvcC84NTM0Lzg1MzQtMTE2NDgtMi5qcGc?v=1610019435","https:\/\/media.th4.com\/DoLKMJ1_wCqMuJQRmiG0p6Mzrj45J1sGJ-_N00JU_MY\/pr:80\/aHR0cDovL21lZGlhMi5kZXNpZ25wYXJ0bmVyLmZyL2MvcC84NTM0Lzg1MzQtMTE2NDgtNC5qcGc?v=1610019435"],"medium":["https:\/\/media.th4.com\/2EFeZ61GpMwD70ioUFLyVmXRGdreaFt-lhycB539WF4\/pr:550x550\/aHR0cDovL21lZGlhMi5kZXNpZ25wYXJ0bmVyLmZyL2MvcC84NTM0Lzg1MzQtMTE2NDgtMS5qcGc?v=1610019435","https:\/\/media.th4.com\/Yy9EJPhd_VKTtuDG-dur5gYpqf9qaDTTSLD8V1qrCok\/pr:550x550\/aHR0cDovL21lZGlhMi5kZXNpZ25wYXJ0bmVyLmZyL2MvcC84NTM0Lzg1MzQtMTE2NDgtMi5qcGc?v=1610019435","https:\/\/media.th4.com\/EOBOw4wikLHOOVLBsQwjYK-LcQibCVscF9Fw6JsiAj4\/pr:550x550\/aHR0cDovL21lZGlhMi5kZXNpZ25wYXJ0bmVyLmZyL2MvcC84NTM0Lzg1MzQtMTE2NDgtNC5qcGc?v=1610019435"],"medium_large":["https:\/\/media.th4.com\/8icA0MXnke5khnSivnkQJqar-URAcdAoH7bVHTtrp6Y\/pr:1000x1000\/aHR0cDovL21lZGlhMi5kZXNpZ25wYXJ0bmVyLmZyL2MvcC84NTM0Lzg1MzQtMTE2NDgtMS5qcGc?v=1610019435","https:\/\/media.th4.com\/syqKGEeIdUKvpJfnYI4pfEYTjCv6NSnY9-DUdj1QtMI\/pr:1000x1000\/aHR0cDovL21lZGlhMi5kZXNpZ25wYXJ0bmVyLmZyL2MvcC84NTM0Lzg1MzQtMTE2NDgtMi5qcGc?v=1610019435","https:\/\/media.th4.com\/Qmye2T6LPsDKzFpp0l5sxPr0-ZP2Nc8AH6NmH6epYiw\/pr:1000x1000\/aHR0cDovL21lZGlhMi5kZXNpZ25wYXJ0bmVyLmZyL2MvcC84NTM0Lzg1MzQtMTE2NDgtNC5qcGc?v=1610019435"],"large":["https:\/\/media.th4.com\/y-nG0ghhHcjbjxTgCPMSGwJY9NKuDgjj8HozpXt5ZPw\/pr:1920\/aHR0cDovL21lZGlhMi5kZXNpZ25wYXJ0bmVyLmZyL2MvcC84NTM0Lzg1MzQtMTE2NDgtMS5qcGc?v=1610019435","https:\/\/media.th4.com\/pLWjRdqyrghVT2mI5gcaQeP2iImEyPKQh1M1a0J1INg\/pr:1920\/aHR0cDovL21lZGlhMi5kZXNpZ25wYXJ0bmVyLmZyL2MvcC84NTM0Lzg1MzQtMTE2NDgtMi5qcGc?v=1610019435","https:\/\/media.th4.com\/LGgo22WQFTdUu9eINjmVvtSOaOpKAmZ0RabRzmK_6bE\/pr:1920\/aHR0cDovL21lZGlhMi5kZXNpZ25wYXJ0bmVyLmZyL2MvcC84NTM0Lzg1MzQtMTE2NDgtNC5qcGc?v=1610019435"],"opengraph":["https:\/\/media.th4.com\/BrGlPl-mggubTqiQOFhiTl0WQMMF0s1LR4ISMzWiZnE\/pr:1200x630\/aHR0cDovL21lZGlhMi5kZXNpZ25wYXJ0bmVyLmZyL2MvcC84NTM0Lzg1MzQtMTE2NDgtMS5qcGc?v=1610019435","https:\/\/media.th4.com\/fQXaVRb705J9W1-NpgV_BcsxI6gqmJd5MeiTTynQomM\/pr:1200x630\/aHR0cDovL21lZGlhMi5kZXNpZ25wYXJ0bmVyLmZyL2MvcC84NTM0Lzg1MzQtMTE2NDgtMi5qcGc?v=1610019435","https:\/\/media.th4.com\/UDPbf8DSkl2VYXqBcrO1jOTGB0mmtLZeJMR82G00DVA\/pr:1200x630\/aHR0cDovL21lZGlhMi5kZXNpZ25wYXJ0bmVyLmZyL2MvcC84NTM0Lzg1MzQtMTE2NDgtNC5qcGc?v=1610019435"]},"country_origin":"CN","traceability":{"manufacturing_country_id":null,"weaving_country_id":null,"dyeing_country_id":null},"sizes":[{"id":2,"article_id":275801,"class_id":4,"name":"M","on_standby":false,"stock_local":0,"stock_global":2,"multiple":1,"estimated_date_reassort":null,"is_destocking":false},{"id":1,"article_id":275802,"class_id":5,"name":"L","on_standby":false,"stock_local":0,"stock_global":1,"multiple":1,"estimated_date_reassort":null,"is_destocking":false},{"id":4,"article_id":275803,"class_id":6,"name":"XL","on_standby":false,"stock_local":0,"stock_global":1,"multiple":1,"estimated_date_reassort":null,"is_destocking":false},{"id":1116,"article_id":275804,"class_id":7,"name":"2XL","on_standby":false,"stock_local":0,"stock_global":3,"multiple":1,"estimated_date_reassort":null,"is_destocking":false},{"id":1081,"article_id":275805,"class_id":8,"name":"3XL","on_standby":false,"stock_local":0,"stock_global":3,"multiple":1,"estimated_date_reassort":null,"is_destocking":false}],"page_links":{"fr":"\/fr\/p-pr-7820-mens-softshell-jacket-c-7820-8534\/steel-grey-11648\/","en":"\/en\/p-pr-7820-mens-softshell-jacket-c-7820-8534\/steel-grey-11648\/","de":"\/de\/p-pr-7820-manner-softshell-jacke-c-7820-8534\/steel-grey-11648\/","nl":"\/nl\/p-pr-7820-mens-softshell-jas-c-7820-8534\/steel-grey-11648\/","es":"\/es\/p-pr-7820-chaqueta-de-softshell-para-hombre-c-7820-8534\/steel-grey-11648\/","it":"\/it\/p-pr-7820-giacca-softshell-uomo-c-7820-8534\/steel-grey-11648\/","sv":"\/sv\/p-pr-7820-herrars-mjuka-ytjacka-c-7820-8534\/steel-grey-11648\/","pt":"\/pt\/p-pr-7820-jaqueta-softshell-masculina-c-7820-8534\/steel-grey-11648\/","da":"\/da\/p-pr-7820-maends-blodt-skindjakke-c-7820-8534\/steel-grey-11648\/","pl":"\/pl\/p-pr-7820-meski-kurtka-softshell-c-7820-8534\/steel-grey-11648\/"},"page_links_customization":{"fr":"\/fr\/p-pr-7820-mens-softshell-jacket-c-personnalisation-7820-8534\/steel-grey-11648\/custom\/","en":"\/en\/p-pr-7820-mens-softshell-jacket-c-customization-7820-8534\/steel-grey-11648\/custom\/","de":"\/de\/p-pr-7820-softshelljacke-c-personalisierung-7820-8534\/steel-grey-11648\/custom\/","nl":"\/nl\/p-pr-7820-mens-softshell-jas-c-persoonlijk-maken-7820-8534\/steel-grey-11648\/custom\/","es":"\/es\/p-pr-7820-chaqueta-softshell-para-hombre-personalizacion-7820-8534\/steel-grey-11648\/custom\/","it":"\/it\/p-pr-7820-giacca-softshell-c-personalizzazione-per-uomo-7820-8534\/steel-grey-11648\/custom\/","sv":"\/sv\/p-pr-7820-mens-softshell-jacket-c-personalisering-7820-8534\/steel-grey-11648\/custom\/","pt":"\/pt\/p-pr-7820-jaqueta-de-softshell-masculina-c-personalizacao-7820-8534\/steel-grey-11648\/custom\/","da":"\/da\/p-pr-7820-maends-softshell-jakke-c-personalisering-7820-8534\/steel-grey-11648\/custom\/","pl":"\/pl\/p-pr-7820-meska-kurtka-softshell-c-personalizacja-7820-8534\/steel-grey-11648\/custom\/"}}],"documentation_link":"\/pdf\/8534.pdf","countries_availables":["AD","AE","AL","AT","BA","BD","BE","BG","BL","CA","CH","CN","CO","CY","CZ","DE","DK","DO","EE","EG","ES","ET","FI","FR","GB","GE","GF","GP","GR","GT","HK","HN","HR","HT","HU","ID","IE","IN","IS","IT","JO","JP","KE","KH","KP","KR","LA","LK","LS","LT","LU","LV","MA","MF","MG","MK","MM","MN","MQ","MT","MX","MY","NC","NI","NL","PF","PH","PK","PL","PM","PT","RE","RO","SE","SG","SI","SK","SV","SY","TH","TN","TR","TW","TZ","US","VN","WF","YT"]},"infos_customization":[],"features":{"authorize_multi_surfaces":true,"display_order_delay_type":true,"promote_surface_display":true,"tarification_franco_offert":true,"enabled_3d_editor":false},"markings":[{"id":0,"nom":"vierge","finition":null,"libelle":null,"code":null,"dpi":null,"finesse_forme_isolee":null,"finesse_forme_non_isolee":null,"hauteur_minimale_texte":null,"inactif":0,"marquage_interne":1,"quantite_min":null,"parent_id":null,"print_on_support":0,"content":"vierge","description":null},{"id":2,"nom":"fonce","finition":"optimale","libelle":"TopQuadri","code":null,"dpi":400,"finesse_forme_isolee":"0.040","finesse_forme_non_isolee":"0.700","hauteur_minimale_texte":2,"inactif":0,"marquage_interne":1,"quantite_min":null,"parent_id":18,"print_on_support":0,"content":"TopQuadri","description":"pour petites et moyennes s\u00e9ries"},{"id":3,"nom":"serigraphie","finition":"serigraphie","libelle":"SeriCoat","code":null,"dpi":400,"finesse_forme_isolee":"0.040","finesse_forme_non_isolee":"0.700","hauteur_minimale_texte":2,"inactif":0,"marquage_interne":1,"quantite_min":15,"parent_id":18,"print_on_support":0,"content":"SeriCoat","description":"pour moyennes et grandes s\u00e9ries"},{"id":4,"nom":"broderie","finition":"broderie","libelle":"Broderie","code":null,"dpi":400,"finesse_forme_isolee":"0.040","finesse_forme_non_isolee":"0.700","hauteur_minimale_texte":3,"inactif":0,"marquage_interne":1,"quantite_min":null,"parent_id":null,"print_on_support":0,"content":"Broderie","description":null},{"id":8,"nom":"theme","finition":null,"libelle":"Th\u00e8me","code":null,"dpi":null,"finesse_forme_isolee":null,"finesse_forme_non_isolee":null,"hauteur_minimale_texte":null,"inactif":0,"marquage_interne":1,"quantite_min":null,"parent_id":null,"print_on_support":0,"content":"Th\u00e8me","description":null},{"id":9,"nom":"sans","finition":null,"libelle":null,"code":null,"dpi":null,"finesse_forme_isolee":null,"finesse_forme_non_isolee":null,"hauteur_minimale_texte":null,"inactif":0,"marquage_interne":1,"quantite_min":null,"parent_id":null,"print_on_support":0,"content":"sans","description":null},{"id":10,"nom":"photo","finition":null,"libelle":"Photo","code":null,"dpi":null,"finesse_forme_isolee":null,"finesse_forme_non_isolee":null,"hauteur_minimale_texte":null,"inactif":0,"marquage_interne":1,"quantite_min":null,"parent_id":null,"print_on_support":0,"content":"Photo","description":null},{"id":14,"nom":"couleur","finition":null,"libelle":"Couleur","code":null,"dpi":null,"finesse_forme_isolee":null,"finesse_forme_non_isolee":null,"hauteur_minimale_texte":null,"inactif":0,"marquage_interne":1,"quantite_min":null,"parent_id":null,"print_on_support":0,"content":"Couleur","description":null},{"id":15,"nom":"sublimation","finition":"sublimation","libelle":"Sublimation","code":null,"dpi":null,"finesse_forme_isolee":"0.000","finesse_forme_non_isolee":"0.000","hauteur_minimale_texte":2,"inactif":0,"marquage_interne":1,"quantite_min":null,"parent_id":null,"print_on_support":0,"content":"Sublimation","description":null},{"id":16,"nom":"topquadri_uv","finition":null,"libelle":"TopQuadri UV","code":null,"dpi":null,"finesse_forme_isolee":"0.020","finesse_forme_non_isolee":"0.700","hauteur_minimale_texte":2,"inactif":0,"marquage_interne":1,"quantite_min":null,"parent_id":null,"print_on_support":1,"content":null,"description":null},{"id":17,"nom":"topquadri_uvp","finition":null,"libelle":"TopQuadri UVP","code":null,"dpi":null,"finesse_forme_isolee":"0.020","finesse_forme_non_isolee":"0.700","hauteur_minimale_texte":2,"inactif":0,"marquage_interne":1,"quantite_min":null,"parent_id":null,"print_on_support":1,"content":null,"description":null},{"id":18,"nom":"quadri","finition":null,"libelle":"Impression","code":null,"dpi":null,"finesse_forme_isolee":null,"finesse_forme_non_isolee":null,"hauteur_minimale_texte":null,"inactif":0,"marquage_interne":1,"quantite_min":null,"parent_id":null,"print_on_support":0,"content":null,"description":null}]}}