{"data":{"product":{"id":8382,"titre":"Polo manches courtes enfant","description":"100% coton piqu\u00e9. Lavable \u00e0 60\u00b0C. Bord-c\u00f4te au col et bas de manches. Patte de boutonnage 3 boutons. Bande de propret\u00e9 contrast\u00e9e encolure et fentes c\u00f4t\u00e9s. Finition double aiguille bas de v\u00eatement. ","genre":"enfant","grammage":215,"conditionnement":25,"composition":"coton,coton_uniquement","reference":"ka-k249","reference_visible":"ka-k249","reference_fabricant":"K249","ref_xor":"751355","in_catalog":true,"is_transfer":false,"is_service":false,"on_standby":false,"has_3d":false,"has_size_guide":true,"has_marking":true,"has_vierge":true,"is_cross_sellable":false,"id_picto":111,"filename_3d":null,"brand":{"id":25,"name":"Kariban","logo":"logo-kariban.png","image":"https:\/\/media.th4.com\/0rw9lHnnPIY5Gn0FZVsrv47tC3tEhLUIsdVYj4xy6L4\/pr:brand70x70\/aHR0cDovL21lZGlhMi5kZXNpZ25wYXJ0bmVyLmZyL2MvbS9sb2dvLWthcmliYW4ucG5n?v=1736960982"},"price_infos":{"price_from":8.34,"quantity":480,"color":{"id":1261,"name":"navy"},"size":{"id":33,"name":"12\/14ans"}},"price_infos_marking":{"price_from":11.9,"quantity":1500,"color":{"id":1261,"name":"navy"},"size":{"id":33,"name":"12\/14ans"},"marking":{"id":2,"name":""},"emplacement":"avant","surface_emplacement_id":1,"surface":"coeur"},"i18n":{"blank":{"title":{"fr":"Polo manches courtes enfant KARIBAN k249","en":"Short-sleeved polo shirt for child KARIBAN k249","de":"Kurzarm-Polo f\u00fcr Kinder KARIBAN k249","nl":"Korte mouwen polo kind KARIBAN k249","es":"Polo de mangas cortas para ni\u00f1os KARIBAN k249","it":"Polo maniche corte bambino KARIBAN k249","sv":"Polo med korta \u00e4rmar f\u00f6r barn KARIBAN k249","pt":"Polo manga curta infantil KARIBAN k249","da":"B\u00f8rnenes kort\u00e6rmet polo KARIBAN k249","pl":"Dresikrotnych dzieci KARIBAN k249"},"description":{"fr":"Ce polo manches courtes pour enfant est con\u00e7u en coton piqu\u00e9, offrant un confort optimal pour les activit\u00e9s de tous les jours. Sa coupe classique assure une libert\u00e9 de mouvement, tandis que le col et les bas de manches en bord-c\u00f4te lui conf\u00e8rent une bonne tenue. La patte de boutonnage comprend trois boutons, et une bande de propret\u00e9 contrast\u00e9e embellit l'encolure et les fentes c\u00f4t\u00e9s. Les finitions soign\u00e9es incluent des coutures double aiguille au bas du v\u00eatement pour une durabilit\u00e9 accrue.\n\n- Mati\u00e8re : 100% coton piqu\u00e9\n- Coupe : Classique\n- Col : Bord-c\u00f4te\n- Manches : Courtes, bord-c\u00f4te\n- Patte de boutonnage : 3 boutons\n- Finition : Double aiguille bas de v\u00eatement","en":"This short-sleeved polo shirt for child is designed in knitted cotton, offering optimal comfort for everyday activities. Its classic cut ensures freedom of movement, while the collar and cuffs with rib trim provide good hold. The button placket includes three buttons, and a contrast clean band enhances the neckline and side slits. The refined finishes include double-needle stitching at the bottom of the garment for increased durability.\n\n- Fabric: 100% knitted cotton\n- Cut: Classic\n- Collar: Rib trim\n- Sleeves: Short, rib trim\n- Button placket: 3 buttons\n- Finish: Double-needle bottom of garment","de":"Dieses kurz\u00e4rmlige Polo f\u00fcr Kinder ist aus Baumwoll-Piqu\u00e9 gefertigt und bietet optimalen Komfort f\u00fcr die t\u00e4glichen Aktivit\u00e4ten. Der klassische Schnitt sorgt f\u00fcr Bewegungsfreiheit, w\u00e4hrend der Kragen und die \u00c4rmelb\u00fcndchen aus Ribb-Strick eine gute Form halten. Der Knopfleiste umfasst drei Kn\u00f6pfe und ein kontrastierender Saumband ziert den Kragen und die Seitenfalten. Die sorgf\u00e4ltigen Verarbeitungen umfassen Doppelsteinn\u00e4hte am Saum des Kleidungsst\u00fccks f\u00fcr eine erh\u00f6hte Haltbarkeit.\n\n- Material: 100% Baumwoll-Piqu\u00e9\n- Schnitt: Klassisch\n- Kragen: Ribb-Strick\n- \u00c4rmel: Kurz, Ribb-Strick\n- Knopfleiste: 3 Kn\u00f6pfe\n- Verarbeitung: Doppelsteinn\u00e4hte am Saum","nl":"Deze polo met korte mouwen voor kinderen is gemaakt van geperste katoen, biedt optimaal comfort voor dagelijkse activiteiten. Zijn klassieke snit zorgt voor vrije bewegingsruimte, terwijl de kraag en de korte mouwen een goed uithoudingsvermogen geven. De knoprij heeft drie knopen en een contrastband versiert de kraag en de zijscheuren. De zorgvuldig afgewerkte onderdelen omvatten dubbele naad aan de onderkant van het kledingstuk voor een verhoogde duurzaamheid.\n\n- Materiaal: 100% geperste katoen\n- Snit: Klassiek\n- Kraag: Rand-stof\n- Mouwen: Kort, rand-stof\n- Knoprij: 3 knopen\n- Afwerking: Dubbele naad onderkant kledingstuk","es":"Este polo de manga corta para ni\u00f1os est\u00e1 dise\u00f1ado en punto de algod\u00f3n, ofreciendo un confort \u00f3ptimo para las actividades de todos los d\u00edas. Su corte cl\u00e1sico asegura libertad de movimiento, mientras que el cuello y los pu\u00f1os en pico le confieren una buena sujeci\u00f3n. La solapa de botones incluye tres botones, y una banda de limpieza contrastada embellece el escote y las aberturas laterales. Los acabados cuidados incluyen costuras de doble aguja en el bajo del vestido para una durabilidad aumentada.\n\n- Material : 100% punto de algod\u00f3n\n- Corte : Cl\u00e1sico\n- Cuello : Pico\n- Mangas : Cortas, pico\n- Solapa de botones : 3 botones\n- Acabado : Doble aguja bajo del vestido","it":"Questo polo a maniche corte per bambino \u00e8 realizzato in cotone pettinato, offrendo un comfort ottimale per le attivit\u00e0 di tutti i giorni. La sua taglia classica assicura una libert\u00e0 di movimento, mentre il colletto e i bordi delle maniche in bord-c\u00f4te garantiscono una buona tenuta. La chiusura a bottoni comprende tre bottoni, e una banda di pulizia contrastante abbellisce il collo e le fessure laterali. Le rifiniture curate includono cuciture a doppio filo nella parte inferiore del vestito per una maggiore durabilit\u00e0.\n\n- Materia: 100% cotone pettinato\n- Taglia: Classica\n- Colletto: Bord-c\u00f4te\n- Maniche: Corte, bord-c\u00f4te\n- Chiusura a bottoni: 3 bottoni\n- Rifinitura: Doppio filo nella parte inferiore del vestito","sv":"Denna polo med korta \u00e4rmar f\u00f6r barn \u00e4r tillverkad i piqu\u00e9 av bomull, vilket ger optimal komfort f\u00f6r dagliga aktiviteter. Dess klassiska sk\u00e4rning ger fri r\u00f6relse, medan krage och \u00e4rmkanter i bord-c\u00f4te ger en god passform. Kn\u00e4ppf\u00e4lten inneh\u00e5ller tre knappar, och ett kontrastband f\u00f6r renhet pryder halslinningen och sidorna. De noggranna detaljerna inkluderar dubbla sylstingar i botten av plagg f\u00f6r \u00f6kad h\u00e5llbarhet.\n\n- Material: 100% bomull piqu\u00e9\n- Sk\u00e4rning: Klassisk\n- Krage: Bord-c\u00f4te\n- \u00c4rmar: Korta, bord-c\u00f4te\n- Kn\u00e4ppf\u00e4lten: 3 knappar\n- Detaljer: Dubbla sylstingar i botten av plagg","pt":"Este polo de manga curta para crian\u00e7as \u00e9 feito de algod\u00e3o pique, proporcionando conforto \u00f3timo para atividades di\u00e1rias. Seu corte cl\u00e1ssico garante liberdade de movimento, enquanto o colarinho e as mangas t\u00eam borda costurada para uma boa sustenta\u00e7\u00e3o. O bot\u00e3o tem tr\u00eas bot\u00f5es, e uma faixa de contrate colorido embelezam o colarinho e as aberturas laterais. As acabamentos incluem costuras duplas na base da pe\u00e7a para maior durabilidade.","da":"Dette kort\u00e6rmede polo til b\u00f8rn er fremstillet i bomuld, der tilbyder optimal komfort til daglige aktiviteter. Klassisk sk\u00e6ring sikrer fri bev\u00e6gelse, mens kraven og \u00e6rmene i kantet stof giver en god holdbarhed. Knappr\u00f8ret indeholder tre knapper, og en kontrastfarvet renhedsstrimmel pryder halsen og siderne. Det er f\u00e6rdigt med doble n\u00e5le i bunden af t\u00f8jet for \u00f8get holdbarhed.\n\n- Materiale: 100% bomuld\n- Sk\u00e6ring: Klassisk\n- Krav: Kantet stof\n- \u00c6rmer: Korte, kantet stof\n- Knappr\u00f8ret: 3 knapper\n- F\u00e6rdighed: Dobbelte n\u00e5le i bunden af t\u00f8jet","pl":"Ten dresikrotnych dzieci jest wykonany z bawe\u0142nianego piquetu, zapewniaj\u0105c optymalny komfort dla codziennych aktywno\u015bci. Jego klasyczny kr\u00f3j gwarantuje swobod\u0119 ruchu, podczas gdy ko\u0142nierz i ko\u0144c\u00f3wki r\u0119kaw\u00f3w w pasie zapewniaj\u0105 dobry trzymaj\u0105cy. Zapi\u0119cie guzikowe sk\u0142ada si\u0119 z trzech guzik\u00f3w, a kontrastowa ta\u015bma czysto\u015bci ozdabia wyci\u0119cie szyi i boki. Starannie wykonane elementy ko\u0144cowe obejmuj\u0105 podw\u00f3jne szwy na dole ubrania, aby zwi\u0119kszy\u0107 trwa\u0142o\u015b\u0107.\n\n- Materia\u0142 : 100% bawe\u0142niany piquet\n- Kr\u00f3j : Klasyczny\n- Ko\u0142nierz : Pasa\n- R\u0119kawy : Kr\u00f3tkie, pasa\n- Zapi\u0119cie guzikowe : 3 guziki\n- Wyko\u0144czenie : Podw\u00f3jne szwy na dole ubrania"},"h1":{"fr":"Polo manches courtes enfant k249","en":"Short-sleeved polo shirt for child k249","de":"Kurzarm-Polo f\u00fcr Kinder k249","nl":"Korte mouwen polo kind k249","es":"Polo de mangas cortas para ni\u00f1os k249","it":"Polo maniche corte bambino k249","sv":"Polo med korta \u00e4rmar f\u00f6r barn k249","pt":"Polo manga curta infantil k249","da":"B\u00f8rnenes kort\u00e6rmet polo k249","pl":"Dresikrotnych dzieci k249"},"meta_description":{"fr":"Polo en coton piqu\u00e9 manches courtes pour enfant. Confortable et r\u00e9sistant, id\u00e9al pour les activit\u00e9s quotidiennes. Disponible en plusieurs coloris.","en":"Short-sleeved knitted cotton polo shirt for child. Comfortable and resistant, ideal for daily activities. Available in several colors.","de":"Kurzarm-Polo aus Baumwoll-Piqu\u00e9 f\u00fcr Kinder. Bequem und strapazierf\u00e4hig, ideal f\u00fcr t\u00e4gliche Aktivit\u00e4ten. In verschiedenen Farben erh\u00e4ltlich.","nl":"Polo in geperste katoen met korte mouwen voor kinderen. Comfortabel en duurzaam, ideaal voor dagelijkse activiteiten. Beschikbaar in verschillende kleuren.","es":"Polo de manga corta para ni\u00f1os en punto de algod\u00f3n. C\u00f3modo y resistente, ideal para las actividades diarias. Disponible en varios colores.","it":"Polo in cotone pettinato maniche corte per bambino. Confortante e resistente, ideale per le attivit\u00e0 quotidiane. Disponibile in diversi colori.","sv":"Polo i piqu\u00e9 av bomull med korta \u00e4rmar f\u00f6r barn. Komfortabelt och h\u00e5llbart, idealiskt f\u00f6r dagliga aktiviteter. Tillg\u00e4ngligt i flera f\u00e4rger.","pt":"Polo de manga curta para crian\u00e7as em algod\u00e3o pique. Confort\u00e1vel e resistente, ideal para atividades di\u00e1rias. Dispon\u00edvel em v\u00e1rias cores.","da":"Kort\u00e6rmet polo i bomuld til b\u00f8rn. Komfortabel og holdbar, ideel til daglige aktiviteter. Tilg\u00e6ngelig i flere farver.","pl":"Krotnych dzieci z piquetowego bawe\u0142nianego. Wygodny i odporny, idealny do codziennych aktywno\u015bci. Dost\u0119pne w kilku kolorach."}},"custom":{"title":{"fr":"Polo manches courtes enfant KARIBAN k249 personnalisable avec votre logo","en":"Children's Short-Sleeved Polo KARIBAN k249 Customizable with Your Logo","de":"Kurzarm Polo f\u00fcr Kinder KARIBAN k249 personalisierbar mit Ihrem Logo","nl":"Kinderen kortarm polo shirt KARIBAN k249 met je logo personaliseren","es":"Polo de manga corta para ni\u00f1os KARIBAN k249 personalizable con su logo","it":"Polo maniche corte bambino KARIBAN k249 personalizzabile con il tuo logo","sv":"Kort\u00e4rmad barnpolotr\u00f6ja KARIBAN k249 personliggjord med ditt logotyp","pt":"Polo de manga curta infantil KARIBAN k249 personaliz\u00e1vel com seu logotipo","da":"B\u00f8rnepolo med korte \u00e6rmer KARIBAN k249 tilpasning med dit logo","pl":"Koszula d\u0142ugich r\u0105k dla dzieci KARIBAN k249 personalizowalna z logo"},"description":{"fr":"Ce polo manches courtes pour enfant est confectionn\u00e9 en 100% coton piqu\u00e9 lavable, offrant un confort optimal et une grande r\u00e9sistance. Il est dot\u00e9 d'un bord-c\u00f4te au col et aux bas de manches, ainsi qu'une patte de boutonnage avec 3 boutons. La bande de propret\u00e9 contrast\u00e9e encolure et les fentes c\u00f4t\u00e9s ajoutent une touche de style. La finition double aiguille au bas du v\u00eatement assure une durabilit\u00e9 accrue. Ce polo est id\u00e9al pour les activit\u00e9s quotidiennes et peut \u00eatre facilement personnalis\u00e9 en broderie avec votre logo, votre visuel ou tout autre design de votre choix.\n\nCaract\u00e9ristiques techniques :\n\n- Mati\u00e8re : 100% coton piqu\u00e9\n- Lavable \u00e0 60\u00b0C\n- Bord-c\u00f4te au col et bas de manches\n- Patte de boutonnage 3 boutons\n- Bande de propret\u00e9 contrast\u00e9e encolure et fentes c\u00f4t\u00e9s\n- Finition double aiguille bas de v\u00eatement","en":"This short-sleeved polo for child is made of 100% cotton piqu\u00e9, offering optimal comfort and great resistance. It features a ribbed collar and sleeve cuffs, as well as a button placket with 3 buttons. The contrasting neckband and side vents add a stylish touch. The double-needle hem finish ensures increased durability. This polo is ideal for daily activities and can be easily customized in embroidery with your logo, your design or any other design of your choice.\n\nTechnical specifications:\n\n- Material: 100% cotton piqu\u00e9\n- Washable at 60\u00b0C\n- Ribbed collar and sleeve cuffs\n- Button placket 3 buttons\n- Contrasting neckband and side vents\n- Double-needle hem finish","de":"Dieses Kurzarm Polo f\u00fcr Kinder ist aus 100% Baumwollpiqu\u00e9 waschbar gefertigt, bietet optimalen Tragekomfort und hohe Best\u00e4ndigkeit. Es verf\u00fcgt \u00fcber einen Bundkragen am Kragen und an den \u00c4rmelenden sowie eine Knopfleiste mit 3 Kn\u00f6pfen. Der kontrastierende Saum um den Hals und die Seitenlaschen verleihen einen stilvollen Akzent. Die doppelte Naht am unteren Rand des Kleidungsst\u00fccks sorgt f\u00fcr erh\u00f6hte Haltbarkeit. Dieses Polo ist ideal f\u00fcr den t\u00e4glichen Gebrauch und kann leicht durch Stickerei mit Ihrem Logo, Ihrem Design oder jeder anderen von Ihnen gew\u00e4hlten Gestaltung personalisiert werden.\n\nTechnische Merkmale:\n\n- Material: 100% Baumwollpiqu\u00e9\n- Waschbar bei 60\u00b0C\n- Bundkragen am Kragen und \u00c4rmelenden\n- Knopfleiste mit 3 Kn\u00f6pfen\n- Kontrastierender Saum um den Hals und Seitenlaschen\n- Doppelte Naht am unteren Rand des Kleidungsst\u00fccks","nl":"Deze kinderen kortarm polo shirt is gemaakt van 100% gebreid katoen, wat optimale comfort en duurzaamheid biedt. Het heeft een randen aan de kraag en onderkant van de mouwen, evenals een knoprij met drie knopen. De contrastband in de halsuitsteker en zijspleten geven een stijlige toets. De dubbele naad onderaan het kledingstuk zorgt voor extra duurzaamheid. Deze polo shirt is ideaal voor dagelijkse activiteiten en kan gemakkelijk worden gepersonaliseerd met je logo, afbeelding of elk ander ontwerp naar keuze.\n\nTechnische kenmerken:\n- Materiaal: 100% gebreid katoen \n- Wasbaar op 60\u00b0C \n- Randen aan de kraag en onderkant van de mouwen \n- Knoprij met drie knopen \n- Contrastband in de halsuitsteker en zijspleten \n- Dubbele naad onderaan het kledingstuk","es":"Este polo de manga corta para ni\u00f1os est\u00e1 fabricado al 100% en punto de algod\u00f3n, ofreciendo un confort \u00f3ptimo y una gran resistencia. Cuenta con un cuello de pico y pu\u00f1os acanalados, as\u00ed como un botonadura con tres botones. La banda de limpieza contrastante en el cuello y las aberturas laterales a\u00f1aden un toque de estilo. El dobladillo doble en la parte inferior del vestido asegura una mayor durabilidad. Este polo es ideal para actividades diarias y puede ser f\u00e1cilmente personalizado mediante bordado con su logo, su dise\u00f1o o cualquier otro dise\u00f1o a elecci\u00f3n.","it":"Questo polo a maniche corte per bambini \u00e8 realizzato al 100% in cotone pettinato lavabile, offrendo un comfort ottimale e una grande resistenza. \u00c8 dotato di bordo a coste sul collo e sui polsini, nonch\u00e9 di un bottone con tre bottoni. La striscia contrastante di pulizia nel colletto e le fessure laterali aggiungono un tocco di stile. La finitura a doppio ago nella parte inferiore del vestito assicura una durabilit\u00e0 accresciuta. Questo polo \u00e8 ideale per le attivit\u00e0 quotidiane e pu\u00f2 essere facilmente personalizzato con ricamo con il tuo logo, la tua immagine o qualsiasi altro design di tua scelta.","sv":"Denna kort\u00e4rmade barnpolotr\u00f6ja \u00e4r tillverkad av 100% kattun tv\u00e4ttbar, som erbjuder optimal komfort och stor h\u00e5llbarhet. Den har en kantst\u00e5ng vid krage och \u00e4rmar samt en knappflik med tre knappar. Kontrastf\u00e4rgad renhetsband i halsen och sidorna l\u00e4gger till ett stiligt inslag. Dubbelstingad bottenkant p\u00e5 plagg s\u00e4kerst\u00e4ller \u00f6kad h\u00e5llbarhet. Denna polotr\u00f6ja \u00e4r idealisk f\u00f6r dagliga aktiviteter och kan enkelt personligg\u00f6ras med broderi av ditt logotyp, din bild eller vilket annat design du vill.\n\nTekniska specifikationer:\n- Material: 100% kattun\n- Tv\u00e4ttbar vid 60\u00b0C\n- Kantst\u00e5ng vid krage och \u00e4rmar\n- Knappflik med tre knappar\n- Kontrastf\u00e4rgad renhetsband i halsen och sidorna\n- Dubbelstingad bottenkant p\u00e5 plagg","pt":"Este polo de manga curta para crian\u00e7a \u00e9 confeccionado em 100% algod\u00e3o piqu\u00e9 lav\u00e1vel, oferecendo conforto \u00f3timo e grande resist\u00eancia. Possui um acabamento em colarinho e mangas, al\u00e9m de uma aba com tr\u00eas bot\u00f5es. A faixa contrastante no colarinho e as aberturas laterais adicionam um toque de estilo. O acabamento de agulha dupla na parte inferior do vestido garante maior durabilidade. Este polo \u00e9 ideal para atividades di\u00e1rias e pode ser facilmente personalizado em bordado com seu logotipo, sua imagem ou qualquer outro design de sua escolha.\n\nCaracter\u00edsticas t\u00e9cnicas:\n\n- Material: 100% algod\u00e3o piqu\u00e9\n- Lav\u00e1vel a 60\u00b0C\n- Acabamento colarinho e mangas\n- Aba de bot\u00f5es 3 bot\u00f5es\n- Faixa contrastante no colarinho e aberturas laterais\n- Acabamento agulha dupla na parte inferior do vestido","da":"Denne b\u00f8rnepolo med korte \u00e6rmer er fremstillet af 100% bomuldspikket vaskbart, hvilket giver optimal komfort og stor holdbarhed. Den har en kant af ribben p\u00e5 kraven og under \u00e6rmene samt et knapsk\u00e6rm med 3 knapper. En kontrastfarvet renholdelsesstreg i halsen og sidesnit tilf\u00f8jer en stilfuld detalje. Dobbelt n\u00e5ls\u00f8mning p\u00e5 bunden af t\u00f8jet sikrer \u00f8get holdbarhed. Denne polo er ideel til daglige aktiviteter og kan nemt tilpasses med brodering med dit logo, din grafiske design eller enhver anden design du v\u00e6lger.\n\nTekniske specifikationer:\n\n- Materiale: 100% bomuldspikket\n- Vaskbar ved 60\u00b0C\n- Kant af ribben p\u00e5 kraven og under \u00e6rmene\n- Knapsk\u00e6rm med 3 knapper\n- Kontrastfarvet renholdelsesstreg i halsen og sidesnit\n- Dobbelt n\u00e5ls\u00f8mning p\u00e5 bunden af t\u00f8jet","pl":"Ta dzieci\u0119ca koszula d\u0142ugich r\u0105k jest wykonana z 100% bawe\u0142ny piquete pralnej, co zapewnia optymaln\u0105 wygod\u0119 i du\u017c\u0105 odporno\u015b\u0107. Ma kraw\u0119d\u017a na ko\u0142nierzu i r\u0119kawach oraz klapk\u0119 z trzema guzikami. Kontrastowa ta\u015bma czysto\u015bci w okolicy szyi i boczne rozci\u0119cia dodaj\u0105 stylu. Podw\u00f3jna szwa na dole ubrania zapewnia zwi\u0119kszon\u0105 trwa\u0142o\u015b\u0107. Ta koszula jest idealna do codziennych aktywno\u015bci i mo\u017ce by\u0107 \u0142atwo personalizowana haftem z logo, wizerunkiem lub dowolnym innym wzorem wybranym przez Ciebie.\n\nW\u0142a\u015bciwo\u015bci techniczne :\n\n- Materia\u0142: 100% bawe\u0142na piquete\n- Mo\u017cliwo\u015b\u0107 prania w temperaturze 60\u00b0C\n- Kraw\u0119d\u017a na ko\u0142nierzu i r\u0119kawach\n- Klapka z trzema guzikami\n- Kontrastowa ta\u015bma czysto\u015bci w okolicy szyi i boczne rozci\u0119cia\n- Podw\u00f3jna szwa na dole ubrania"},"h1":{"fr":"Polo manches courtes enfant k249 personnalisation avec votre logo","en":"Children's short-sleeve polo k249 customization with your logo","de":"Kurzarm Polo f\u00fcr Kinder k249 Personalisierung mit Ihrem Logo","nl":"Kinderen kortarm polo shirt k249 met je logo personaliseren","es":"Polo de manga corta para ni\u00f1os k249 personalizaci\u00f3n con su logo","it":"Polo maniche corte bambino k249 personalizzazione con il tuo logo","sv":"Kort\u00e4rmad barnpolotr\u00f6ja k249 personligg\u00f6ring med ditt logotyp","pt":"Polo de manga curta infantil k249 personaliza\u00e7\u00e3o com seu logotipo","da":"B\u00f8rnepolo med korte \u00e6rmer k249 tilpasning med dit logo","pl":"Koszula d\u0142ugich r\u0105k dla dzieci k249 personalizacja z logo"},"meta_description":{"fr":"Polo manches courtes enfant en coton piqu\u00e9 lavable KARIBAN k249. Personnalisation possible en broderie. Qualit\u00e9 et confort pour les enfants.","en":"Children's short-sleeved cotton piqu\u00e9 polo KARIBAN k249. Customization possible in embroidery. Quality and comfort for children.","de":"Kurzarm Polo f\u00fcr Kinder aus Baumwollpiqu\u00e9 waschbar KARIBAN k249. Personalisierung durch Stickerei m\u00f6glich. Qualit\u00e4t und Komfort f\u00fcr Kinder.","nl":"Kinderen kortarm polo shirt in gebreid katoen wasbaar KARIBAN k249. Personalisatie mogelijk via borduurwerk. Kwaliteit en comfort voor kinderen.","es":"Polo de manga corta para ni\u00f1o en punto de algod\u00f3n lavable KARIBAN k249. Personalizaci\u00f3n posible mediante bordado.","it":"Polo maniche corte bambino in cotone pettinato lavabile KARIBAN k249. Personalizzazione possibile in ricamo. Qualit\u00e0 e comfort per i bambini.","sv":"Kort\u00e4rmad barnpolotr\u00f6ja av kattun tv\u00e4ttbar KARIBAN k249. Personliggjord i broderi. Kvalitet och komfort f\u00f6r barn.","pt":"Polo de manga curta infantil em algod\u00e3o piqu\u00e9 lav\u00e1vel KARIBAN k249. Personaliza\u00e7\u00e3o poss\u00edvel em bordado. Qualidade e conforto para as crian\u00e7as.","da":"B\u00f8rnepolo med korte \u00e6rmer i bomuldspikket vaskbart KARIBAN k249. Tilmulighed for brodering.","pl":"Dzieci\u0119ca koszula d\u0142ugich r\u0105k w bawe\u0142nie piqueta pralna KARIBAN k249. Mo\u017cliwa personalizacja haftem. Jako\u015b\u0107 i komfort dla dzieci."}}},"categories":[{"id":8,"name":"Polos","singular":"Polo","is_feminin":false},{"id":354,"name":"Textile","singular":"Textile","is_feminin":false}],"certifications":[{"id":1,"label":"OEKO-TEX 100","logo_link":"\/images\/certifications\/1_OEKO-TEX_100.jpg","is_marking_compatible":false}],"videos":{"fr":[],"en":[],"de":[],"nl":[],"es":[],"it":[],"sv":[],"pt":[],"da":[],"pl":[]},"main_images":{"miniature":"https:\/\/media.th4.com\/0h-ohab3MUjH6UlzXfn3yWFHpsU6i84oiz9gmWVi9MM\/pr:80\/aHR0cDovL21lZGlhMi5kZXNpZ25wYXJ0bmVyLmZyL2MvcC1NVC84MzgyLmpwZw?v=1696936420","medium":"https:\/\/media.th4.com\/w5nvWABSS77lK2ushG40EeHZpYg1YhDN5MkpVaKmru0\/pr:550x550greybg\/aHR0cDovL21lZGlhMi5kZXNpZ25wYXJ0bmVyLmZyL2MvcC1NVC84MzgyLmpwZw?v=1696936420","medium_large":"https:\/\/media.th4.com\/XI7iFulD3uBM1vMAPD3zXUog03cSUyFyU4b0ck0yy30\/pr:1000x1000greybg\/aHR0cDovL21lZGlhMi5kZXNpZ25wYXJ0bmVyLmZyL2MvcC1NVC84MzgyLmpwZw?v=1696936420","large":"https:\/\/media.th4.com\/4rR6zTXGPMGOX0RuXa4gKsONKuqXWwRzoImxxdLk4eA\/pr:1920greybg\/aHR0cDovL21lZGlhMi5kZXNpZ25wYXJ0bmVyLmZyL2MvcC1NVC84MzgyLmpwZw?v=1696936420","opengraph":"https:\/\/media.th4.com\/pKoJx_Lkasb_qXFDNKle_gDYm8dSH5KYZQ2kV7TTOw0\/pr:1200x630greybg\/aHR0cDovL21lZGlhMi5kZXNpZ25wYXJ0bmVyLmZyL2MvcC1NVC84MzgyLmpwZw?v=1696936420"},"main_images_customization":{"miniature":"https:\/\/media.th4.com\/0h-ohab3MUjH6UlzXfn3yWFHpsU6i84oiz9gmWVi9MM\/pr:80\/aHR0cDovL21lZGlhMi5kZXNpZ25wYXJ0bmVyLmZyL2MvcC1NVC84MzgyLmpwZw?v=1696936420","medium":"https:\/\/media.th4.com\/w5nvWABSS77lK2ushG40EeHZpYg1YhDN5MkpVaKmru0\/pr:550x550greybg\/aHR0cDovL21lZGlhMi5kZXNpZ25wYXJ0bmVyLmZyL2MvcC1NVC84MzgyLmpwZw?v=1696936420","medium_large":"https:\/\/media.th4.com\/XI7iFulD3uBM1vMAPD3zXUog03cSUyFyU4b0ck0yy30\/pr:1000x1000greybg\/aHR0cDovL21lZGlhMi5kZXNpZ25wYXJ0bmVyLmZyL2MvcC1NVC84MzgyLmpwZw?v=1696936420","large":"https:\/\/media.th4.com\/4rR6zTXGPMGOX0RuXa4gKsONKuqXWwRzoImxxdLk4eA\/pr:1920greybg\/aHR0cDovL21lZGlhMi5kZXNpZ25wYXJ0bmVyLmZyL2MvcC1NVC84MzgyLmpwZw?v=1696936420","opengraph":"https:\/\/media.th4.com\/pKoJx_Lkasb_qXFDNKle_gDYm8dSH5KYZQ2kV7TTOw0\/pr:1200x630greybg\/aHR0cDovL21lZGlhMi5kZXNpZ25wYXJ0bmVyLmZyL2MvcC1NVC84MzgyLmpwZw?v=1696936420"},"page_links":{"fr":"\/fr\/p-ka-k249-polo-manches-courtes-enfant-k249-8382\/","en":"\/en\/p-ka-k249-short-sleeved-polo-shirt-for-child-k249-8382\/","de":"\/de\/p-ka-k249-kurzarm-polo-fur-kinder-k249-8382\/","nl":"\/nl\/p-ka-k249-korte-mouwen-polo-kind-k249-8382\/","es":"\/es\/p-ka-k249-polo-de-mangas-cortas-para-ninos-k249-8382\/","it":"\/it\/p-ka-k249-polo-maniche-corte-bambino-k249-8382\/","sv":"\/sv\/p-ka-k249-polo-med-korta-armar-for-barn-k249-8382\/","pt":"\/pt\/p-ka-k249-polo-manga-curta-infantil-k249-8382\/","da":"\/da\/p-ka-k249-bornenes-kortaermet-polo-k249-8382\/","pl":"\/pl\/p-ka-k249-dresikrotnych-dzieci-k249-8382\/"},"page_links_customization":{"fr":"\/fr\/p-ka-k249-polo-manches-courtes-enfant-k249-personnalisation-avec-votre-logo-8382\/custom\/","en":"\/en\/p-ka-k249-childrens-short-sleeve-polo-k249-customization-with-your-logo-8382\/custom\/","de":"\/de\/p-ka-k249-kurzarm-polo-fur-kinder-k249-personalisierung-mit-ihrem-logo-8382\/custom\/","nl":"\/nl\/p-ka-k249-kinderen-kortarm-polo-shirt-k249-met-je-logo-personaliseren-8382\/custom\/","es":"\/es\/p-ka-k249-polo-de-manga-corta-para-ninos-k249-personalizacion-con-su-logo-8382\/custom\/","it":"\/it\/p-ka-k249-polo-maniche-corte-bambino-k249-personalizzazione-con-il-tuo-logo-8382\/custom\/","sv":"\/sv\/p-ka-k249-kortarmad-barnpolotroja-k249-personliggoring-med-ditt-logotyp-8382\/custom\/","pt":"\/pt\/p-ka-k249-polo-de-manga-curta-infantil-k249-personalizacao-com-seu-logotipo-8382\/custom\/","da":"\/da\/p-ka-k249-bornepolo-med-korte-aermer-k249-tilpasning-med-dit-logo-8382\/custom\/","pl":"\/pl\/p-ka-k249-koszula-dlugich-rak-dla-dzieci-k249-personalizacja-z-logo-8382\/custom\/"},"equivalent_products":[3621,3620],"colors":[{"id":1261,"name":"navy","class_ids":[2],"codes_hexa":["012942"],"delai_24":false,"has_3d":false,"seuil_global":0,"stock_local":0,"stock_global":4045,"on_standby":false,"in_catalog":true,"images":{"miniature":["https:\/\/media.th4.com\/Y1H4vW0nZjJHpLNzymDifZWUJ_e2t0dJ6L9ntBDHfsc\/pr:80\/aHR0cDovL21lZGlhMi5kZXNpZ25wYXJ0bmVyLmZyL2MvcC84MzgyLzgzODItMTI2MS0xLmpwZw?v=1638344661","https:\/\/media.th4.com\/geQVrscdwDv0YY12SclBMeK4tIKxSFdkdxUQz190SLI\/pr:80\/aHR0cDovL21lZGlhMi5kZXNpZ25wYXJ0bmVyLmZyL2MvcC84MzgyLzgzODItMTI2MS0zLmpwZw?v=1638344660"],"medium":["https:\/\/media.th4.com\/ppBY2iyar6CCOV2h0Mk3ffRnyuTaqk54E42d4PjKBi4\/pr:550x550\/aHR0cDovL21lZGlhMi5kZXNpZ25wYXJ0bmVyLmZyL2MvcC84MzgyLzgzODItMTI2MS0xLmpwZw?v=1638344661","https:\/\/media.th4.com\/PDaEITpUywDaK4VDxo3hNFCK8SWpwNHdqV7RwtbuCZ4\/pr:550x550\/aHR0cDovL21lZGlhMi5kZXNpZ25wYXJ0bmVyLmZyL2MvcC84MzgyLzgzODItMTI2MS0zLmpwZw?v=1638344660"],"medium_large":["https:\/\/media.th4.com\/SPE0GAMOkYAw2nn1ysY7YRgM1RLjpaRqA0txEEAn12w\/pr:1000x1000\/aHR0cDovL21lZGlhMi5kZXNpZ25wYXJ0bmVyLmZyL2MvcC84MzgyLzgzODItMTI2MS0xLmpwZw?v=1638344661","https:\/\/media.th4.com\/3YXuUx-2Uj8kqZ1cKqtnQVjNe_8tPHJSOESjqIW3gtw\/pr:1000x1000\/aHR0cDovL21lZGlhMi5kZXNpZ25wYXJ0bmVyLmZyL2MvcC84MzgyLzgzODItMTI2MS0zLmpwZw?v=1638344660"],"large":["https:\/\/media.th4.com\/5NPDktI_33qWrANeGQ4QA5QpR1vZ1Cm6D623eiTwIqE\/pr:1920\/aHR0cDovL21lZGlhMi5kZXNpZ25wYXJ0bmVyLmZyL2MvcC84MzgyLzgzODItMTI2MS0xLmpwZw?v=1638344661","https:\/\/media.th4.com\/jHE0uecYb-RYOld4igvlkDX9MX57ELwSfe2TQrJysc0\/pr:1920\/aHR0cDovL21lZGlhMi5kZXNpZ25wYXJ0bmVyLmZyL2MvcC84MzgyLzgzODItMTI2MS0zLmpwZw?v=1638344660"],"opengraph":["https:\/\/media.th4.com\/3ylRFmlwKMb3kWwaiyuBfA0_Lsbmdx_z1gWbH7QpUq0\/pr:1200x630\/aHR0cDovL21lZGlhMi5kZXNpZ25wYXJ0bmVyLmZyL2MvcC84MzgyLzgzODItMTI2MS0xLmpwZw?v=1638344661","https:\/\/media.th4.com\/BruiS_2QEntNOtezdap0RCxd0DQu54Vxmpz1ecZqGYg\/pr:1200x630\/aHR0cDovL21lZGlhMi5kZXNpZ25wYXJ0bmVyLmZyL2MvcC84MzgyLzgzODItMTI2MS0zLmpwZw?v=1638344660"]},"images_customization":{"miniature":["https:\/\/media.th4.com\/Y1H4vW0nZjJHpLNzymDifZWUJ_e2t0dJ6L9ntBDHfsc\/pr:80\/aHR0cDovL21lZGlhMi5kZXNpZ25wYXJ0bmVyLmZyL2MvcC84MzgyLzgzODItMTI2MS0xLmpwZw?v=1638344661","https:\/\/media.th4.com\/geQVrscdwDv0YY12SclBMeK4tIKxSFdkdxUQz190SLI\/pr:80\/aHR0cDovL21lZGlhMi5kZXNpZ25wYXJ0bmVyLmZyL2MvcC84MzgyLzgzODItMTI2MS0zLmpwZw?v=1638344660"],"medium":["https:\/\/media.th4.com\/ppBY2iyar6CCOV2h0Mk3ffRnyuTaqk54E42d4PjKBi4\/pr:550x550\/aHR0cDovL21lZGlhMi5kZXNpZ25wYXJ0bmVyLmZyL2MvcC84MzgyLzgzODItMTI2MS0xLmpwZw?v=1638344661","https:\/\/media.th4.com\/PDaEITpUywDaK4VDxo3hNFCK8SWpwNHdqV7RwtbuCZ4\/pr:550x550\/aHR0cDovL21lZGlhMi5kZXNpZ25wYXJ0bmVyLmZyL2MvcC84MzgyLzgzODItMTI2MS0zLmpwZw?v=1638344660"],"medium_large":["https:\/\/media.th4.com\/SPE0GAMOkYAw2nn1ysY7YRgM1RLjpaRqA0txEEAn12w\/pr:1000x1000\/aHR0cDovL21lZGlhMi5kZXNpZ25wYXJ0bmVyLmZyL2MvcC84MzgyLzgzODItMTI2MS0xLmpwZw?v=1638344661","https:\/\/media.th4.com\/3YXuUx-2Uj8kqZ1cKqtnQVjNe_8tPHJSOESjqIW3gtw\/pr:1000x1000\/aHR0cDovL21lZGlhMi5kZXNpZ25wYXJ0bmVyLmZyL2MvcC84MzgyLzgzODItMTI2MS0zLmpwZw?v=1638344660"],"large":["https:\/\/media.th4.com\/5NPDktI_33qWrANeGQ4QA5QpR1vZ1Cm6D623eiTwIqE\/pr:1920\/aHR0cDovL21lZGlhMi5kZXNpZ25wYXJ0bmVyLmZyL2MvcC84MzgyLzgzODItMTI2MS0xLmpwZw?v=1638344661","https:\/\/media.th4.com\/jHE0uecYb-RYOld4igvlkDX9MX57ELwSfe2TQrJysc0\/pr:1920\/aHR0cDovL21lZGlhMi5kZXNpZ25wYXJ0bmVyLmZyL2MvcC84MzgyLzgzODItMTI2MS0zLmpwZw?v=1638344660"],"opengraph":["https:\/\/media.th4.com\/3ylRFmlwKMb3kWwaiyuBfA0_Lsbmdx_z1gWbH7QpUq0\/pr:1200x630\/aHR0cDovL21lZGlhMi5kZXNpZ25wYXJ0bmVyLmZyL2MvcC84MzgyLzgzODItMTI2MS0xLmpwZw?v=1638344661","https:\/\/media.th4.com\/BruiS_2QEntNOtezdap0RCxd0DQu54Vxmpz1ecZqGYg\/pr:1200x630\/aHR0cDovL21lZGlhMi5kZXNpZ25wYXJ0bmVyLmZyL2MvcC84MzgyLzgzODItMTI2MS0zLmpwZw?v=1638344660"]},"country_origin":"BD","traceability":{"manufacturing_country_id":null,"weaving_country_id":null,"dyeing_country_id":null},"sizes":[{"id":1396,"article_id":271900,"class_id":15,"name":"6\/8ans","on_standby":false,"stock_local":0,"stock_global":430,"multiple":1,"estimated_date_reassort":null,"is_destocking":false},{"id":1399,"article_id":271904,"class_id":14,"name":"4\/6ans","on_standby":false,"stock_local":0,"stock_global":210,"multiple":1,"estimated_date_reassort":null,"is_destocking":false},{"id":1397,"article_id":271901,"class_id":16,"name":"8\/10ans","on_standby":false,"stock_local":0,"stock_global":396,"multiple":1,"estimated_date_reassort":null,"is_destocking":false},{"id":1398,"article_id":271902,"class_id":17,"name":"10\/12ans","on_standby":false,"stock_local":0,"stock_global":837,"multiple":1,"estimated_date_reassort":null,"is_destocking":false},{"id":33,"article_id":271903,"class_id":17,"name":"12\/14ans","on_standby":false,"stock_local":0,"stock_global":2172,"multiple":1,"estimated_date_reassort":null,"is_destocking":false}],"page_links":{"fr":"\/fr\/p-ka-k249-polo-manches-courtes-enfant-k249-8382\/navy-1261\/","en":"\/en\/p-ka-k249-short-sleeved-polo-shirt-for-child-k249-8382\/navy-1261\/","de":"\/de\/p-ka-k249-kurzarm-polo-fur-kinder-k249-8382\/navy-1261\/","nl":"\/nl\/p-ka-k249-korte-mouwen-polo-kind-k249-8382\/navy-1261\/","es":"\/es\/p-ka-k249-polo-de-mangas-cortas-para-ninos-k249-8382\/navy-1261\/","it":"\/it\/p-ka-k249-polo-maniche-corte-bambino-k249-8382\/navy-1261\/","sv":"\/sv\/p-ka-k249-polo-med-korta-armar-for-barn-k249-8382\/navy-1261\/","pt":"\/pt\/p-ka-k249-polo-manga-curta-infantil-k249-8382\/navy-1261\/","da":"\/da\/p-ka-k249-bornenes-kortaermet-polo-k249-8382\/navy-1261\/","pl":"\/pl\/p-ka-k249-dresikrotnych-dzieci-k249-8382\/navy-1261\/"},"page_links_customization":{"fr":"\/fr\/p-ka-k249-polo-manches-courtes-enfant-k249-personnalisation-avec-votre-logo-8382\/navy-1261\/custom\/","en":"\/en\/p-ka-k249-childrens-short-sleeve-polo-k249-customization-with-your-logo-8382\/navy-1261\/custom\/","de":"\/de\/p-ka-k249-kurzarm-polo-fur-kinder-k249-personalisierung-mit-ihrem-logo-8382\/navy-1261\/custom\/","nl":"\/nl\/p-ka-k249-kinderen-kortarm-polo-shirt-k249-met-je-logo-personaliseren-8382\/navy-1261\/custom\/","es":"\/es\/p-ka-k249-polo-de-manga-corta-para-ninos-k249-personalizacion-con-su-logo-8382\/navy-1261\/custom\/","it":"\/it\/p-ka-k249-polo-maniche-corte-bambino-k249-personalizzazione-con-il-tuo-logo-8382\/navy-1261\/custom\/","sv":"\/sv\/p-ka-k249-kortarmad-barnpolotroja-k249-personliggoring-med-ditt-logotyp-8382\/navy-1261\/custom\/","pt":"\/pt\/p-ka-k249-polo-de-manga-curta-infantil-k249-personalizacao-com-seu-logotipo-8382\/navy-1261\/custom\/","da":"\/da\/p-ka-k249-bornepolo-med-korte-aermer-k249-tilpasning-med-dit-logo-8382\/navy-1261\/custom\/","pl":"\/pl\/p-ka-k249-koszula-dlugich-rak-dla-dzieci-k249-personalizacja-z-logo-8382\/navy-1261\/custom\/"}},{"id":1856,"name":"white","class_ids":[1],"codes_hexa":["FFFFFF"],"delai_24":false,"has_3d":false,"seuil_global":0,"stock_local":0,"stock_global":3879,"on_standby":false,"in_catalog":true,"images":{"miniature":["https:\/\/media.th4.com\/K_puRxPyk3KbVynPV9vQH6-kl94WMS-w3IKGgwbTuTQ\/pr:80\/aHR0cDovL21lZGlhMi5kZXNpZ25wYXJ0bmVyLmZyL2MvcC84MzgyLzgzODItMTg1Ni0xLmpwZw?v=1638344661","https:\/\/media.th4.com\/u18lIGJ-AZTiQT-Wlg5Ao4-ZtdwY-TkLTXIP8bYwJdI\/pr:80\/aHR0cDovL21lZGlhMi5kZXNpZ25wYXJ0bmVyLmZyL2MvcC84MzgyLzgzODItMTg1Ni0yLmpwZw?v=1638344661","https:\/\/media.th4.com\/Uvnm0LzkUEocxbayqDVNmyW_Kbj77NcVze-0mJ1AmdY\/pr:80\/aHR0cDovL21lZGlhMi5kZXNpZ25wYXJ0bmVyLmZyL2MvcC84MzgyLzgzODItMTg1Ni0zLmpwZw?v=1638344661"],"medium":["https:\/\/media.th4.com\/gxwC2h9jRCKBGiKtRBqceYG5pv6HSaBqI7YBzfUmz0Y\/pr:550x550\/aHR0cDovL21lZGlhMi5kZXNpZ25wYXJ0bmVyLmZyL2MvcC84MzgyLzgzODItMTg1Ni0xLmpwZw?v=1638344661","https:\/\/media.th4.com\/fYebzWMJf9E_KMbNoW3M2HkNi7voVq4I7x0SMCcWerU\/pr:550x550\/aHR0cDovL21lZGlhMi5kZXNpZ25wYXJ0bmVyLmZyL2MvcC84MzgyLzgzODItMTg1Ni0yLmpwZw?v=1638344661","https:\/\/media.th4.com\/wA418d13JtBNVxqzXKR7oPn4U8a46YcbkYsGMuNOscU\/pr:550x550\/aHR0cDovL21lZGlhMi5kZXNpZ25wYXJ0bmVyLmZyL2MvcC84MzgyLzgzODItMTg1Ni0zLmpwZw?v=1638344661"],"medium_large":["https:\/\/media.th4.com\/ZGoozEJrxmPzmCMX5bIF7W3i2ch2Q7I00kunyr_OZ70\/pr:1000x1000\/aHR0cDovL21lZGlhMi5kZXNpZ25wYXJ0bmVyLmZyL2MvcC84MzgyLzgzODItMTg1Ni0xLmpwZw?v=1638344661","https:\/\/media.th4.com\/6xF6D0j1KNBW1Mwnf1ZjQm21Eb1XN8fgwOoZTa4SmNs\/pr:1000x1000\/aHR0cDovL21lZGlhMi5kZXNpZ25wYXJ0bmVyLmZyL2MvcC84MzgyLzgzODItMTg1Ni0yLmpwZw?v=1638344661","https:\/\/media.th4.com\/Ty_hhIY5-iqxKDatILHDKhb-LrPzc0TFJWGbCLi99qY\/pr:1000x1000\/aHR0cDovL21lZGlhMi5kZXNpZ25wYXJ0bmVyLmZyL2MvcC84MzgyLzgzODItMTg1Ni0zLmpwZw?v=1638344661"],"large":["https:\/\/media.th4.com\/j1eCWIISFxfrIwdxEf5btXoeymXSVwXY6X2fxuULCAg\/pr:1920\/aHR0cDovL21lZGlhMi5kZXNpZ25wYXJ0bmVyLmZyL2MvcC84MzgyLzgzODItMTg1Ni0xLmpwZw?v=1638344661","https:\/\/media.th4.com\/A_iuiRmHwpsk7YeIZfA56uioXv7J01B1D0AiMTR3zNY\/pr:1920\/aHR0cDovL21lZGlhMi5kZXNpZ25wYXJ0bmVyLmZyL2MvcC84MzgyLzgzODItMTg1Ni0yLmpwZw?v=1638344661","https:\/\/media.th4.com\/qYVGS6AZndCarS-ZgueN5-SkpKG6uwJnxFuxvga9DuA\/pr:1920\/aHR0cDovL21lZGlhMi5kZXNpZ25wYXJ0bmVyLmZyL2MvcC84MzgyLzgzODItMTg1Ni0zLmpwZw?v=1638344661"],"opengraph":["https:\/\/media.th4.com\/36qq0ZLB2rjSwts7yn76FqNh1V1EWD6LVfQPvWxgUHg\/pr:1200x630\/aHR0cDovL21lZGlhMi5kZXNpZ25wYXJ0bmVyLmZyL2MvcC84MzgyLzgzODItMTg1Ni0xLmpwZw?v=1638344661","https:\/\/media.th4.com\/3c-75jnIdqX0SURzzztbP6_GSvSZLcJQZiZJTZaLfFo\/pr:1200x630\/aHR0cDovL21lZGlhMi5kZXNpZ25wYXJ0bmVyLmZyL2MvcC84MzgyLzgzODItMTg1Ni0yLmpwZw?v=1638344661","https:\/\/media.th4.com\/lbS00FMRbeRGo6XmnED7AHeUeIUARHZtGdBLZndcg8Q\/pr:1200x630\/aHR0cDovL21lZGlhMi5kZXNpZ25wYXJ0bmVyLmZyL2MvcC84MzgyLzgzODItMTg1Ni0zLmpwZw?v=1638344661"]},"images_customization":{"miniature":["https:\/\/media.th4.com\/K_puRxPyk3KbVynPV9vQH6-kl94WMS-w3IKGgwbTuTQ\/pr:80\/aHR0cDovL21lZGlhMi5kZXNpZ25wYXJ0bmVyLmZyL2MvcC84MzgyLzgzODItMTg1Ni0xLmpwZw?v=1638344661","https:\/\/media.th4.com\/u18lIGJ-AZTiQT-Wlg5Ao4-ZtdwY-TkLTXIP8bYwJdI\/pr:80\/aHR0cDovL21lZGlhMi5kZXNpZ25wYXJ0bmVyLmZyL2MvcC84MzgyLzgzODItMTg1Ni0yLmpwZw?v=1638344661","https:\/\/media.th4.com\/Uvnm0LzkUEocxbayqDVNmyW_Kbj77NcVze-0mJ1AmdY\/pr:80\/aHR0cDovL21lZGlhMi5kZXNpZ25wYXJ0bmVyLmZyL2MvcC84MzgyLzgzODItMTg1Ni0zLmpwZw?v=1638344661"],"medium":["https:\/\/media.th4.com\/gxwC2h9jRCKBGiKtRBqceYG5pv6HSaBqI7YBzfUmz0Y\/pr:550x550\/aHR0cDovL21lZGlhMi5kZXNpZ25wYXJ0bmVyLmZyL2MvcC84MzgyLzgzODItMTg1Ni0xLmpwZw?v=1638344661","https:\/\/media.th4.com\/fYebzWMJf9E_KMbNoW3M2HkNi7voVq4I7x0SMCcWerU\/pr:550x550\/aHR0cDovL21lZGlhMi5kZXNpZ25wYXJ0bmVyLmZyL2MvcC84MzgyLzgzODItMTg1Ni0yLmpwZw?v=1638344661","https:\/\/media.th4.com\/wA418d13JtBNVxqzXKR7oPn4U8a46YcbkYsGMuNOscU\/pr:550x550\/aHR0cDovL21lZGlhMi5kZXNpZ25wYXJ0bmVyLmZyL2MvcC84MzgyLzgzODItMTg1Ni0zLmpwZw?v=1638344661"],"medium_large":["https:\/\/media.th4.com\/ZGoozEJrxmPzmCMX5bIF7W3i2ch2Q7I00kunyr_OZ70\/pr:1000x1000\/aHR0cDovL21lZGlhMi5kZXNpZ25wYXJ0bmVyLmZyL2MvcC84MzgyLzgzODItMTg1Ni0xLmpwZw?v=1638344661","https:\/\/media.th4.com\/6xF6D0j1KNBW1Mwnf1ZjQm21Eb1XN8fgwOoZTa4SmNs\/pr:1000x1000\/aHR0cDovL21lZGlhMi5kZXNpZ25wYXJ0bmVyLmZyL2MvcC84MzgyLzgzODItMTg1Ni0yLmpwZw?v=1638344661","https:\/\/media.th4.com\/Ty_hhIY5-iqxKDatILHDKhb-LrPzc0TFJWGbCLi99qY\/pr:1000x1000\/aHR0cDovL21lZGlhMi5kZXNpZ25wYXJ0bmVyLmZyL2MvcC84MzgyLzgzODItMTg1Ni0zLmpwZw?v=1638344661"],"large":["https:\/\/media.th4.com\/j1eCWIISFxfrIwdxEf5btXoeymXSVwXY6X2fxuULCAg\/pr:1920\/aHR0cDovL21lZGlhMi5kZXNpZ25wYXJ0bmVyLmZyL2MvcC84MzgyLzgzODItMTg1Ni0xLmpwZw?v=1638344661","https:\/\/media.th4.com\/A_iuiRmHwpsk7YeIZfA56uioXv7J01B1D0AiMTR3zNY\/pr:1920\/aHR0cDovL21lZGlhMi5kZXNpZ25wYXJ0bmVyLmZyL2MvcC84MzgyLzgzODItMTg1Ni0yLmpwZw?v=1638344661","https:\/\/media.th4.com\/qYVGS6AZndCarS-ZgueN5-SkpKG6uwJnxFuxvga9DuA\/pr:1920\/aHR0cDovL21lZGlhMi5kZXNpZ25wYXJ0bmVyLmZyL2MvcC84MzgyLzgzODItMTg1Ni0zLmpwZw?v=1638344661"],"opengraph":["https:\/\/media.th4.com\/36qq0ZLB2rjSwts7yn76FqNh1V1EWD6LVfQPvWxgUHg\/pr:1200x630\/aHR0cDovL21lZGlhMi5kZXNpZ25wYXJ0bmVyLmZyL2MvcC84MzgyLzgzODItMTg1Ni0xLmpwZw?v=1638344661","https:\/\/media.th4.com\/3c-75jnIdqX0SURzzztbP6_GSvSZLcJQZiZJTZaLfFo\/pr:1200x630\/aHR0cDovL21lZGlhMi5kZXNpZ25wYXJ0bmVyLmZyL2MvcC84MzgyLzgzODItMTg1Ni0yLmpwZw?v=1638344661","https:\/\/media.th4.com\/lbS00FMRbeRGo6XmnED7AHeUeIUARHZtGdBLZndcg8Q\/pr:1200x630\/aHR0cDovL21lZGlhMi5kZXNpZ25wYXJ0bmVyLmZyL2MvcC84MzgyLzgzODItMTg1Ni0zLmpwZw?v=1638344661"]},"country_origin":"BD","traceability":{"manufacturing_country_id":null,"weaving_country_id":null,"dyeing_country_id":null},"sizes":[{"id":1396,"article_id":271915,"class_id":15,"name":"6\/8ans","on_standby":false,"stock_local":0,"stock_global":568,"multiple":1,"estimated_date_reassort":null,"is_destocking":false},{"id":1399,"article_id":271919,"class_id":14,"name":"4\/6ans","on_standby":false,"stock_local":0,"stock_global":554,"multiple":1,"estimated_date_reassort":null,"is_destocking":false},{"id":1397,"article_id":271916,"class_id":16,"name":"8\/10ans","on_standby":false,"stock_local":0,"stock_global":692,"multiple":1,"estimated_date_reassort":null,"is_destocking":false},{"id":1398,"article_id":271917,"class_id":17,"name":"10\/12ans","on_standby":false,"stock_local":0,"stock_global":1056,"multiple":1,"estimated_date_reassort":null,"is_destocking":false},{"id":33,"article_id":271918,"class_id":17,"name":"12\/14ans","on_standby":false,"stock_local":0,"stock_global":1009,"multiple":1,"estimated_date_reassort":null,"is_destocking":false}],"page_links":{"fr":"\/fr\/p-ka-k249-polo-manches-courtes-enfant-k249-8382\/white-1856\/","en":"\/en\/p-ka-k249-short-sleeved-polo-shirt-for-child-k249-8382\/white-1856\/","de":"\/de\/p-ka-k249-kurzarm-polo-fur-kinder-k249-8382\/white-1856\/","nl":"\/nl\/p-ka-k249-korte-mouwen-polo-kind-k249-8382\/white-1856\/","es":"\/es\/p-ka-k249-polo-de-mangas-cortas-para-ninos-k249-8382\/white-1856\/","it":"\/it\/p-ka-k249-polo-maniche-corte-bambino-k249-8382\/white-1856\/","sv":"\/sv\/p-ka-k249-polo-med-korta-armar-for-barn-k249-8382\/white-1856\/","pt":"\/pt\/p-ka-k249-polo-manga-curta-infantil-k249-8382\/white-1856\/","da":"\/da\/p-ka-k249-bornenes-kortaermet-polo-k249-8382\/white-1856\/","pl":"\/pl\/p-ka-k249-dresikrotnych-dzieci-k249-8382\/white-1856\/"},"page_links_customization":{"fr":"\/fr\/p-ka-k249-polo-manches-courtes-enfant-k249-personnalisation-avec-votre-logo-8382\/white-1856\/custom\/","en":"\/en\/p-ka-k249-childrens-short-sleeve-polo-k249-customization-with-your-logo-8382\/white-1856\/custom\/","de":"\/de\/p-ka-k249-kurzarm-polo-fur-kinder-k249-personalisierung-mit-ihrem-logo-8382\/white-1856\/custom\/","nl":"\/nl\/p-ka-k249-kinderen-kortarm-polo-shirt-k249-met-je-logo-personaliseren-8382\/white-1856\/custom\/","es":"\/es\/p-ka-k249-polo-de-manga-corta-para-ninos-k249-personalizacion-con-su-logo-8382\/white-1856\/custom\/","it":"\/it\/p-ka-k249-polo-maniche-corte-bambino-k249-personalizzazione-con-il-tuo-logo-8382\/white-1856\/custom\/","sv":"\/sv\/p-ka-k249-kortarmad-barnpolotroja-k249-personliggoring-med-ditt-logotyp-8382\/white-1856\/custom\/","pt":"\/pt\/p-ka-k249-polo-de-manga-curta-infantil-k249-personalizacao-com-seu-logotipo-8382\/white-1856\/custom\/","da":"\/da\/p-ka-k249-bornepolo-med-korte-aermer-k249-tilpasning-med-dit-logo-8382\/white-1856\/custom\/","pl":"\/pl\/p-ka-k249-koszula-dlugich-rak-dla-dzieci-k249-personalizacja-z-logo-8382\/white-1856\/custom\/"}},{"id":1520,"name":"black","class_ids":[4],"codes_hexa":["1a1a18"],"delai_24":false,"has_3d":false,"seuil_global":0,"stock_local":0,"stock_global":1796,"on_standby":false,"in_catalog":true,"images":{"miniature":["https:\/\/media.th4.com\/sqa8BLfdfvtL_Rs6DhLtQORbBAk8fkyc2dr8argAk-A\/pr:80\/aHR0cDovL21lZGlhMi5kZXNpZ25wYXJ0bmVyLmZyL2MvcC84MzgyLzgzODItMTUyMC0xLmpwZw?v=1638344661","https:\/\/media.th4.com\/Z4CJx4ZzOlk116qd2HMILFYNWA02-9xUVInfoprwbQk\/pr:80\/aHR0cDovL21lZGlhMi5kZXNpZ25wYXJ0bmVyLmZyL2MvcC84MzgyLzgzODItMTUyMC0yLmpwZw?v=1638344661","https:\/\/media.th4.com\/6i0ioTt-SfrupQSaUBX0MuvLQNkpvEE5fNRJ3BQ6O1c\/pr:80\/aHR0cDovL21lZGlhMi5kZXNpZ25wYXJ0bmVyLmZyL2MvcC84MzgyLzgzODItMTUyMC0zLmpwZw?v=1638344661"],"medium":["https:\/\/media.th4.com\/b6ZQiOdl5mn7eoZadygD2ik9mzRrubzztLYCLBOHJDw\/pr:550x550\/aHR0cDovL21lZGlhMi5kZXNpZ25wYXJ0bmVyLmZyL2MvcC84MzgyLzgzODItMTUyMC0xLmpwZw?v=1638344661","https:\/\/media.th4.com\/wZJNmP4DMpkagQ4UTvs0w5bTwVqkJ9oM8jv61a-smpA\/pr:550x550\/aHR0cDovL21lZGlhMi5kZXNpZ25wYXJ0bmVyLmZyL2MvcC84MzgyLzgzODItMTUyMC0yLmpwZw?v=1638344661","https:\/\/media.th4.com\/XFgZHlKpLeDWHJSKOZT1SM8H13PAH2WYDbIudUG1i1I\/pr:550x550\/aHR0cDovL21lZGlhMi5kZXNpZ25wYXJ0bmVyLmZyL2MvcC84MzgyLzgzODItMTUyMC0zLmpwZw?v=1638344661"],"medium_large":["https:\/\/media.th4.com\/nngHh19X-FAQAu2LAX1kXPs7bZ8NHn2tXUc3ueE2JQ8\/pr:1000x1000\/aHR0cDovL21lZGlhMi5kZXNpZ25wYXJ0bmVyLmZyL2MvcC84MzgyLzgzODItMTUyMC0xLmpwZw?v=1638344661","https:\/\/media.th4.com\/Nx7RMZJpq12VXUw-pwgWaNpg5zPccsGvgxb0R6wRruw\/pr:1000x1000\/aHR0cDovL21lZGlhMi5kZXNpZ25wYXJ0bmVyLmZyL2MvcC84MzgyLzgzODItMTUyMC0yLmpwZw?v=1638344661","https:\/\/media.th4.com\/kis5c3kkhfHppsUZ2NN48tcWnRiF5Yu-uc-d-mHNm1E\/pr:1000x1000\/aHR0cDovL21lZGlhMi5kZXNpZ25wYXJ0bmVyLmZyL2MvcC84MzgyLzgzODItMTUyMC0zLmpwZw?v=1638344661"],"large":["https:\/\/media.th4.com\/mPvJRkZEwIX8097N4Ve-WpIUktbuBkDhhZEqkhDLkAw\/pr:1920\/aHR0cDovL21lZGlhMi5kZXNpZ25wYXJ0bmVyLmZyL2MvcC84MzgyLzgzODItMTUyMC0xLmpwZw?v=1638344661","https:\/\/media.th4.com\/Is1AR5emVo1sK-FR84ndwOZfJfWTVMsyQrVuiT-5X2w\/pr:1920\/aHR0cDovL21lZGlhMi5kZXNpZ25wYXJ0bmVyLmZyL2MvcC84MzgyLzgzODItMTUyMC0yLmpwZw?v=1638344661","https:\/\/media.th4.com\/hsSdp345ljuXa7AoAKntboN1afmVpro5kXWKzEpyicw\/pr:1920\/aHR0cDovL21lZGlhMi5kZXNpZ25wYXJ0bmVyLmZyL2MvcC84MzgyLzgzODItMTUyMC0zLmpwZw?v=1638344661"],"opengraph":["https:\/\/media.th4.com\/TNf6ABs3ey21AchpFl_nbfxjoBMn7fo2eFeZ0Wuc93o\/pr:1200x630\/aHR0cDovL21lZGlhMi5kZXNpZ25wYXJ0bmVyLmZyL2MvcC84MzgyLzgzODItMTUyMC0xLmpwZw?v=1638344661","https:\/\/media.th4.com\/6WeCE0XgjHL7qBK0sTxM3yd9teuWvu0JanWN5HRW-uA\/pr:1200x630\/aHR0cDovL21lZGlhMi5kZXNpZ25wYXJ0bmVyLmZyL2MvcC84MzgyLzgzODItMTUyMC0yLmpwZw?v=1638344661","https:\/\/media.th4.com\/G-pGWPss_GTQlgpugl5dFeBre2AWyjeIsZnMBKalUSQ\/pr:1200x630\/aHR0cDovL21lZGlhMi5kZXNpZ25wYXJ0bmVyLmZyL2MvcC84MzgyLzgzODItMTUyMC0zLmpwZw?v=1638344661"]},"images_customization":{"miniature":["https:\/\/media.th4.com\/sqa8BLfdfvtL_Rs6DhLtQORbBAk8fkyc2dr8argAk-A\/pr:80\/aHR0cDovL21lZGlhMi5kZXNpZ25wYXJ0bmVyLmZyL2MvcC84MzgyLzgzODItMTUyMC0xLmpwZw?v=1638344661","https:\/\/media.th4.com\/Z4CJx4ZzOlk116qd2HMILFYNWA02-9xUVInfoprwbQk\/pr:80\/aHR0cDovL21lZGlhMi5kZXNpZ25wYXJ0bmVyLmZyL2MvcC84MzgyLzgzODItMTUyMC0yLmpwZw?v=1638344661","https:\/\/media.th4.com\/6i0ioTt-SfrupQSaUBX0MuvLQNkpvEE5fNRJ3BQ6O1c\/pr:80\/aHR0cDovL21lZGlhMi5kZXNpZ25wYXJ0bmVyLmZyL2MvcC84MzgyLzgzODItMTUyMC0zLmpwZw?v=1638344661"],"medium":["https:\/\/media.th4.com\/b6ZQiOdl5mn7eoZadygD2ik9mzRrubzztLYCLBOHJDw\/pr:550x550\/aHR0cDovL21lZGlhMi5kZXNpZ25wYXJ0bmVyLmZyL2MvcC84MzgyLzgzODItMTUyMC0xLmpwZw?v=1638344661","https:\/\/media.th4.com\/wZJNmP4DMpkagQ4UTvs0w5bTwVqkJ9oM8jv61a-smpA\/pr:550x550\/aHR0cDovL21lZGlhMi5kZXNpZ25wYXJ0bmVyLmZyL2MvcC84MzgyLzgzODItMTUyMC0yLmpwZw?v=1638344661","https:\/\/media.th4.com\/XFgZHlKpLeDWHJSKOZT1SM8H13PAH2WYDbIudUG1i1I\/pr:550x550\/aHR0cDovL21lZGlhMi5kZXNpZ25wYXJ0bmVyLmZyL2MvcC84MzgyLzgzODItMTUyMC0zLmpwZw?v=1638344661"],"medium_large":["https:\/\/media.th4.com\/nngHh19X-FAQAu2LAX1kXPs7bZ8NHn2tXUc3ueE2JQ8\/pr:1000x1000\/aHR0cDovL21lZGlhMi5kZXNpZ25wYXJ0bmVyLmZyL2MvcC84MzgyLzgzODItMTUyMC0xLmpwZw?v=1638344661","https:\/\/media.th4.com\/Nx7RMZJpq12VXUw-pwgWaNpg5zPccsGvgxb0R6wRruw\/pr:1000x1000\/aHR0cDovL21lZGlhMi5kZXNpZ25wYXJ0bmVyLmZyL2MvcC84MzgyLzgzODItMTUyMC0yLmpwZw?v=1638344661","https:\/\/media.th4.com\/kis5c3kkhfHppsUZ2NN48tcWnRiF5Yu-uc-d-mHNm1E\/pr:1000x1000\/aHR0cDovL21lZGlhMi5kZXNpZ25wYXJ0bmVyLmZyL2MvcC84MzgyLzgzODItMTUyMC0zLmpwZw?v=1638344661"],"large":["https:\/\/media.th4.com\/mPvJRkZEwIX8097N4Ve-WpIUktbuBkDhhZEqkhDLkAw\/pr:1920\/aHR0cDovL21lZGlhMi5kZXNpZ25wYXJ0bmVyLmZyL2MvcC84MzgyLzgzODItMTUyMC0xLmpwZw?v=1638344661","https:\/\/media.th4.com\/Is1AR5emVo1sK-FR84ndwOZfJfWTVMsyQrVuiT-5X2w\/pr:1920\/aHR0cDovL21lZGlhMi5kZXNpZ25wYXJ0bmVyLmZyL2MvcC84MzgyLzgzODItMTUyMC0yLmpwZw?v=1638344661","https:\/\/media.th4.com\/hsSdp345ljuXa7AoAKntboN1afmVpro5kXWKzEpyicw\/pr:1920\/aHR0cDovL21lZGlhMi5kZXNpZ25wYXJ0bmVyLmZyL2MvcC84MzgyLzgzODItMTUyMC0zLmpwZw?v=1638344661"],"opengraph":["https:\/\/media.th4.com\/TNf6ABs3ey21AchpFl_nbfxjoBMn7fo2eFeZ0Wuc93o\/pr:1200x630\/aHR0cDovL21lZGlhMi5kZXNpZ25wYXJ0bmVyLmZyL2MvcC84MzgyLzgzODItMTUyMC0xLmpwZw?v=1638344661","https:\/\/media.th4.com\/6WeCE0XgjHL7qBK0sTxM3yd9teuWvu0JanWN5HRW-uA\/pr:1200x630\/aHR0cDovL21lZGlhMi5kZXNpZ25wYXJ0bmVyLmZyL2MvcC84MzgyLzgzODItMTUyMC0yLmpwZw?v=1638344661","https:\/\/media.th4.com\/G-pGWPss_GTQlgpugl5dFeBre2AWyjeIsZnMBKalUSQ\/pr:1200x630\/aHR0cDovL21lZGlhMi5kZXNpZ25wYXJ0bmVyLmZyL2MvcC84MzgyLzgzODItMTUyMC0zLmpwZw?v=1638344661"]},"country_origin":"BD","traceability":{"manufacturing_country_id":null,"weaving_country_id":null,"dyeing_country_id":null},"sizes":[{"id":1396,"article_id":271890,"class_id":15,"name":"6\/8ans","on_standby":false,"stock_local":0,"stock_global":297,"multiple":1,"estimated_date_reassort":null,"is_destocking":false},{"id":1399,"article_id":271894,"class_id":14,"name":"4\/6ans","on_standby":false,"stock_local":0,"stock_global":238,"multiple":1,"estimated_date_reassort":null,"is_destocking":false},{"id":1397,"article_id":271891,"class_id":16,"name":"8\/10ans","on_standby":false,"stock_local":0,"stock_global":333,"multiple":1,"estimated_date_reassort":null,"is_destocking":false},{"id":1398,"article_id":271892,"class_id":17,"name":"10\/12ans","on_standby":false,"stock_local":0,"stock_global":394,"multiple":1,"estimated_date_reassort":null,"is_destocking":false},{"id":33,"article_id":271893,"class_id":17,"name":"12\/14ans","on_standby":false,"stock_local":0,"stock_global":534,"multiple":1,"estimated_date_reassort":null,"is_destocking":false}],"page_links":{"fr":"\/fr\/p-ka-k249-polo-manches-courtes-enfant-k249-8382\/black-1520\/","en":"\/en\/p-ka-k249-short-sleeved-polo-shirt-for-child-k249-8382\/black-1520\/","de":"\/de\/p-ka-k249-kurzarm-polo-fur-kinder-k249-8382\/black-1520\/","nl":"\/nl\/p-ka-k249-korte-mouwen-polo-kind-k249-8382\/black-1520\/","es":"\/es\/p-ka-k249-polo-de-mangas-cortas-para-ninos-k249-8382\/black-1520\/","it":"\/it\/p-ka-k249-polo-maniche-corte-bambino-k249-8382\/black-1520\/","sv":"\/sv\/p-ka-k249-polo-med-korta-armar-for-barn-k249-8382\/black-1520\/","pt":"\/pt\/p-ka-k249-polo-manga-curta-infantil-k249-8382\/black-1520\/","da":"\/da\/p-ka-k249-bornenes-kortaermet-polo-k249-8382\/black-1520\/","pl":"\/pl\/p-ka-k249-dresikrotnych-dzieci-k249-8382\/black-1520\/"},"page_links_customization":{"fr":"\/fr\/p-ka-k249-polo-manches-courtes-enfant-k249-personnalisation-avec-votre-logo-8382\/black-1520\/custom\/","en":"\/en\/p-ka-k249-childrens-short-sleeve-polo-k249-customization-with-your-logo-8382\/black-1520\/custom\/","de":"\/de\/p-ka-k249-kurzarm-polo-fur-kinder-k249-personalisierung-mit-ihrem-logo-8382\/black-1520\/custom\/","nl":"\/nl\/p-ka-k249-kinderen-kortarm-polo-shirt-k249-met-je-logo-personaliseren-8382\/black-1520\/custom\/","es":"\/es\/p-ka-k249-polo-de-manga-corta-para-ninos-k249-personalizacion-con-su-logo-8382\/black-1520\/custom\/","it":"\/it\/p-ka-k249-polo-maniche-corte-bambino-k249-personalizzazione-con-il-tuo-logo-8382\/black-1520\/custom\/","sv":"\/sv\/p-ka-k249-kortarmad-barnpolotroja-k249-personliggoring-med-ditt-logotyp-8382\/black-1520\/custom\/","pt":"\/pt\/p-ka-k249-polo-de-manga-curta-infantil-k249-personalizacao-com-seu-logotipo-8382\/black-1520\/custom\/","da":"\/da\/p-ka-k249-bornepolo-med-korte-aermer-k249-tilpasning-med-dit-logo-8382\/black-1520\/custom\/","pl":"\/pl\/p-ka-k249-koszula-dlugich-rak-dla-dzieci-k249-personalizacja-z-logo-8382\/black-1520\/custom\/"}},{"id":1255,"name":"sky_blue","class_ids":[2],"codes_hexa":["abcae6"],"delai_24":false,"has_3d":false,"seuil_global":0,"stock_local":0,"stock_global":1409,"on_standby":false,"in_catalog":true,"images":{"miniature":["https:\/\/media.th4.com\/PTvoh2p2GRzIwkLIal6_MsxvdhalAbWFPemzDDsAKWA\/pr:80\/aHR0cDovL21lZGlhMi5kZXNpZ25wYXJ0bmVyLmZyL2MvcC84MzgyLzgzODItMTI1NS0xLmpwZw?v=1638344660","https:\/\/media.th4.com\/Qx3UFeW8ecm8hTjMs1OzYGdaKlSVWOl91j1QMIiXwlo\/pr:80\/aHR0cDovL21lZGlhMi5kZXNpZ25wYXJ0bmVyLmZyL2MvcC84MzgyLzgzODItMTI1NS0yLmpwZw?v=1638344660","https:\/\/media.th4.com\/1FIy_WA7gfMx5QwAbeoLdtbBw--HdSxSg0vmrJAA6YM\/pr:80\/aHR0cDovL21lZGlhMi5kZXNpZ25wYXJ0bmVyLmZyL2MvcC84MzgyLzgzODItMTI1NS0zLmpwZw?v=1638344660"],"medium":["https:\/\/media.th4.com\/msTtqEltohLa-_ICrbuSz44UftJmJfKY0HEIG-sHjdQ\/pr:550x550\/aHR0cDovL21lZGlhMi5kZXNpZ25wYXJ0bmVyLmZyL2MvcC84MzgyLzgzODItMTI1NS0xLmpwZw?v=1638344660","https:\/\/media.th4.com\/U-NMPXNo_iRNSPz2lA78yQ3PFQ7g6vAdrxr3z3q8ojU\/pr:550x550\/aHR0cDovL21lZGlhMi5kZXNpZ25wYXJ0bmVyLmZyL2MvcC84MzgyLzgzODItMTI1NS0yLmpwZw?v=1638344660","https:\/\/media.th4.com\/0lMzV3WHjunG4NdcIMQymvgmNOXirmGrsWkoyHNUmFI\/pr:550x550\/aHR0cDovL21lZGlhMi5kZXNpZ25wYXJ0bmVyLmZyL2MvcC84MzgyLzgzODItMTI1NS0zLmpwZw?v=1638344660"],"medium_large":["https:\/\/media.th4.com\/Ne3KiWl0NM5vzJ9iB8C0GV7kY_zxRY4YWrpi2av0bcM\/pr:1000x1000\/aHR0cDovL21lZGlhMi5kZXNpZ25wYXJ0bmVyLmZyL2MvcC84MzgyLzgzODItMTI1NS0xLmpwZw?v=1638344660","https:\/\/media.th4.com\/P59KndJY1LwWMUQgJf8tO2P2iyPI7FWGCPhmSgO_ytg\/pr:1000x1000\/aHR0cDovL21lZGlhMi5kZXNpZ25wYXJ0bmVyLmZyL2MvcC84MzgyLzgzODItMTI1NS0yLmpwZw?v=1638344660","https:\/\/media.th4.com\/BqXKjaXJ6Pwf1x4aEA81kEBAV0qTXaxODTqv8A0ncM8\/pr:1000x1000\/aHR0cDovL21lZGlhMi5kZXNpZ25wYXJ0bmVyLmZyL2MvcC84MzgyLzgzODItMTI1NS0zLmpwZw?v=1638344660"],"large":["https:\/\/media.th4.com\/E_6XC_zQg5AZP8ZHj9b2YGfw8Ll8isjiJ6iM7bpCkAc\/pr:1920\/aHR0cDovL21lZGlhMi5kZXNpZ25wYXJ0bmVyLmZyL2MvcC84MzgyLzgzODItMTI1NS0xLmpwZw?v=1638344660","https:\/\/media.th4.com\/twZMqJvGiVi62GU_hPlxUDgBsZw48yAPGpBviFir3KY\/pr:1920\/aHR0cDovL21lZGlhMi5kZXNpZ25wYXJ0bmVyLmZyL2MvcC84MzgyLzgzODItMTI1NS0yLmpwZw?v=1638344660","https:\/\/media.th4.com\/-kBCl2QDJ0fOqaW9XYXA04Sd9zoQr9_Zy0WjQiYZ1HE\/pr:1920\/aHR0cDovL21lZGlhMi5kZXNpZ25wYXJ0bmVyLmZyL2MvcC84MzgyLzgzODItMTI1NS0zLmpwZw?v=1638344660"],"opengraph":["https:\/\/media.th4.com\/7lG9RRPAadnMqeJ00sbMwUVjAjhqXoTY3YrE9bXPjHk\/pr:1200x630\/aHR0cDovL21lZGlhMi5kZXNpZ25wYXJ0bmVyLmZyL2MvcC84MzgyLzgzODItMTI1NS0xLmpwZw?v=1638344660","https:\/\/media.th4.com\/UDYhTkJw66kktQTTqPzEAMYUXF4NRvPi6dxFkVsSh9s\/pr:1200x630\/aHR0cDovL21lZGlhMi5kZXNpZ25wYXJ0bmVyLmZyL2MvcC84MzgyLzgzODItMTI1NS0yLmpwZw?v=1638344660","https:\/\/media.th4.com\/_OP_KhORzO5uzz2ZWy2bdWfJZlMcdEP5Pj7dGf4A8aU\/pr:1200x630\/aHR0cDovL21lZGlhMi5kZXNpZ25wYXJ0bmVyLmZyL2MvcC84MzgyLzgzODItMTI1NS0zLmpwZw?v=1638344660"]},"images_customization":{"miniature":["https:\/\/media.th4.com\/PTvoh2p2GRzIwkLIal6_MsxvdhalAbWFPemzDDsAKWA\/pr:80\/aHR0cDovL21lZGlhMi5kZXNpZ25wYXJ0bmVyLmZyL2MvcC84MzgyLzgzODItMTI1NS0xLmpwZw?v=1638344660","https:\/\/media.th4.com\/Qx3UFeW8ecm8hTjMs1OzYGdaKlSVWOl91j1QMIiXwlo\/pr:80\/aHR0cDovL21lZGlhMi5kZXNpZ25wYXJ0bmVyLmZyL2MvcC84MzgyLzgzODItMTI1NS0yLmpwZw?v=1638344660","https:\/\/media.th4.com\/1FIy_WA7gfMx5QwAbeoLdtbBw--HdSxSg0vmrJAA6YM\/pr:80\/aHR0cDovL21lZGlhMi5kZXNpZ25wYXJ0bmVyLmZyL2MvcC84MzgyLzgzODItMTI1NS0zLmpwZw?v=1638344660"],"medium":["https:\/\/media.th4.com\/msTtqEltohLa-_ICrbuSz44UftJmJfKY0HEIG-sHjdQ\/pr:550x550\/aHR0cDovL21lZGlhMi5kZXNpZ25wYXJ0bmVyLmZyL2MvcC84MzgyLzgzODItMTI1NS0xLmpwZw?v=1638344660","https:\/\/media.th4.com\/U-NMPXNo_iRNSPz2lA78yQ3PFQ7g6vAdrxr3z3q8ojU\/pr:550x550\/aHR0cDovL21lZGlhMi5kZXNpZ25wYXJ0bmVyLmZyL2MvcC84MzgyLzgzODItMTI1NS0yLmpwZw?v=1638344660","https:\/\/media.th4.com\/0lMzV3WHjunG4NdcIMQymvgmNOXirmGrsWkoyHNUmFI\/pr:550x550\/aHR0cDovL21lZGlhMi5kZXNpZ25wYXJ0bmVyLmZyL2MvcC84MzgyLzgzODItMTI1NS0zLmpwZw?v=1638344660"],"medium_large":["https:\/\/media.th4.com\/Ne3KiWl0NM5vzJ9iB8C0GV7kY_zxRY4YWrpi2av0bcM\/pr:1000x1000\/aHR0cDovL21lZGlhMi5kZXNpZ25wYXJ0bmVyLmZyL2MvcC84MzgyLzgzODItMTI1NS0xLmpwZw?v=1638344660","https:\/\/media.th4.com\/P59KndJY1LwWMUQgJf8tO2P2iyPI7FWGCPhmSgO_ytg\/pr:1000x1000\/aHR0cDovL21lZGlhMi5kZXNpZ25wYXJ0bmVyLmZyL2MvcC84MzgyLzgzODItMTI1NS0yLmpwZw?v=1638344660","https:\/\/media.th4.com\/BqXKjaXJ6Pwf1x4aEA81kEBAV0qTXaxODTqv8A0ncM8\/pr:1000x1000\/aHR0cDovL21lZGlhMi5kZXNpZ25wYXJ0bmVyLmZyL2MvcC84MzgyLzgzODItMTI1NS0zLmpwZw?v=1638344660"],"large":["https:\/\/media.th4.com\/E_6XC_zQg5AZP8ZHj9b2YGfw8Ll8isjiJ6iM7bpCkAc\/pr:1920\/aHR0cDovL21lZGlhMi5kZXNpZ25wYXJ0bmVyLmZyL2MvcC84MzgyLzgzODItMTI1NS0xLmpwZw?v=1638344660","https:\/\/media.th4.com\/twZMqJvGiVi62GU_hPlxUDgBsZw48yAPGpBviFir3KY\/pr:1920\/aHR0cDovL21lZGlhMi5kZXNpZ25wYXJ0bmVyLmZyL2MvcC84MzgyLzgzODItMTI1NS0yLmpwZw?v=1638344660","https:\/\/media.th4.com\/-kBCl2QDJ0fOqaW9XYXA04Sd9zoQr9_Zy0WjQiYZ1HE\/pr:1920\/aHR0cDovL21lZGlhMi5kZXNpZ25wYXJ0bmVyLmZyL2MvcC84MzgyLzgzODItMTI1NS0zLmpwZw?v=1638344660"],"opengraph":["https:\/\/media.th4.com\/7lG9RRPAadnMqeJ00sbMwUVjAjhqXoTY3YrE9bXPjHk\/pr:1200x630\/aHR0cDovL21lZGlhMi5kZXNpZ25wYXJ0bmVyLmZyL2MvcC84MzgyLzgzODItMTI1NS0xLmpwZw?v=1638344660","https:\/\/media.th4.com\/UDYhTkJw66kktQTTqPzEAMYUXF4NRvPi6dxFkVsSh9s\/pr:1200x630\/aHR0cDovL21lZGlhMi5kZXNpZ25wYXJ0bmVyLmZyL2MvcC84MzgyLzgzODItMTI1NS0yLmpwZw?v=1638344660","https:\/\/media.th4.com\/_OP_KhORzO5uzz2ZWy2bdWfJZlMcdEP5Pj7dGf4A8aU\/pr:1200x630\/aHR0cDovL21lZGlhMi5kZXNpZ25wYXJ0bmVyLmZyL2MvcC84MzgyLzgzODItMTI1NS0zLmpwZw?v=1638344660"]},"country_origin":"BD","traceability":{"manufacturing_country_id":null,"weaving_country_id":null,"dyeing_country_id":null},"sizes":[{"id":1396,"article_id":271910,"class_id":15,"name":"6\/8ans","on_standby":false,"stock_local":0,"stock_global":67,"multiple":1,"estimated_date_reassort":null,"is_destocking":false},{"id":1399,"article_id":271914,"class_id":14,"name":"4\/6ans","on_standby":false,"stock_local":0,"stock_global":246,"multiple":1,"estimated_date_reassort":null,"is_destocking":false},{"id":1397,"article_id":271911,"class_id":16,"name":"8\/10ans","on_standby":false,"stock_local":0,"stock_global":237,"multiple":1,"estimated_date_reassort":null,"is_destocking":false},{"id":1398,"article_id":271912,"class_id":17,"name":"10\/12ans","on_standby":false,"stock_local":0,"stock_global":387,"multiple":1,"estimated_date_reassort":null,"is_destocking":false},{"id":33,"article_id":271913,"class_id":17,"name":"12\/14ans","on_standby":false,"stock_local":0,"stock_global":472,"multiple":1,"estimated_date_reassort":null,"is_destocking":false}],"page_links":{"fr":"\/fr\/p-ka-k249-polo-manches-courtes-enfant-k249-8382\/sky-blue-1255\/","en":"\/en\/p-ka-k249-short-sleeved-polo-shirt-for-child-k249-8382\/sky-blue-1255\/","de":"\/de\/p-ka-k249-kurzarm-polo-fur-kinder-k249-8382\/sky-blue-1255\/","nl":"\/nl\/p-ka-k249-korte-mouwen-polo-kind-k249-8382\/sky-blue-1255\/","es":"\/es\/p-ka-k249-polo-de-mangas-cortas-para-ninos-k249-8382\/sky-blue-1255\/","it":"\/it\/p-ka-k249-polo-maniche-corte-bambino-k249-8382\/sky-blue-1255\/","sv":"\/sv\/p-ka-k249-polo-med-korta-armar-for-barn-k249-8382\/sky-blue-1255\/","pt":"\/pt\/p-ka-k249-polo-manga-curta-infantil-k249-8382\/sky-blue-1255\/","da":"\/da\/p-ka-k249-bornenes-kortaermet-polo-k249-8382\/sky-blue-1255\/","pl":"\/pl\/p-ka-k249-dresikrotnych-dzieci-k249-8382\/sky-blue-1255\/"},"page_links_customization":{"fr":"\/fr\/p-ka-k249-polo-manches-courtes-enfant-k249-personnalisation-avec-votre-logo-8382\/sky-blue-1255\/custom\/","en":"\/en\/p-ka-k249-childrens-short-sleeve-polo-k249-customization-with-your-logo-8382\/sky-blue-1255\/custom\/","de":"\/de\/p-ka-k249-kurzarm-polo-fur-kinder-k249-personalisierung-mit-ihrem-logo-8382\/sky-blue-1255\/custom\/","nl":"\/nl\/p-ka-k249-kinderen-kortarm-polo-shirt-k249-met-je-logo-personaliseren-8382\/sky-blue-1255\/custom\/","es":"\/es\/p-ka-k249-polo-de-manga-corta-para-ninos-k249-personalizacion-con-su-logo-8382\/sky-blue-1255\/custom\/","it":"\/it\/p-ka-k249-polo-maniche-corte-bambino-k249-personalizzazione-con-il-tuo-logo-8382\/sky-blue-1255\/custom\/","sv":"\/sv\/p-ka-k249-kortarmad-barnpolotroja-k249-personliggoring-med-ditt-logotyp-8382\/sky-blue-1255\/custom\/","pt":"\/pt\/p-ka-k249-polo-de-manga-curta-infantil-k249-personalizacao-com-seu-logotipo-8382\/sky-blue-1255\/custom\/","da":"\/da\/p-ka-k249-bornepolo-med-korte-aermer-k249-tilpasning-med-dit-logo-8382\/sky-blue-1255\/custom\/","pl":"\/pl\/p-ka-k249-koszula-dlugich-rak-dla-dzieci-k249-personalizacja-z-logo-8382\/sky-blue-1255\/custom\/"}},{"id":1262,"name":"red","class_ids":[6],"codes_hexa":["dc0210"],"delai_24":false,"has_3d":false,"seuil_global":0,"stock_local":0,"stock_global":1216,"on_standby":false,"in_catalog":true,"images":{"miniature":["https:\/\/media.th4.com\/1jojBQUYW82EitHkwGl-3LVjlh64ZTP9h6u1O3rtZ6Q\/pr:80\/aHR0cDovL21lZGlhMi5kZXNpZ25wYXJ0bmVyLmZyL2MvcC84MzgyLzgzODItMTI2Mi0xLmpwZw?v=1638344660","https:\/\/media.th4.com\/pMZgZn4KBqfl5ffoAikWKVBEZtmiF0MIxtNFyhCXI20\/pr:80\/aHR0cDovL21lZGlhMi5kZXNpZ25wYXJ0bmVyLmZyL2MvcC84MzgyLzgzODItMTI2Mi0yLmpwZw?v=1638344660","https:\/\/media.th4.com\/ZbU0QJgaWmgJqTIoNU7Tlk-BxYze7l1SeVVlh9dbYJA\/pr:80\/aHR0cDovL21lZGlhMi5kZXNpZ25wYXJ0bmVyLmZyL2MvcC84MzgyLzgzODItMTI2Mi0zLmpwZw?v=1638344660"],"medium":["https:\/\/media.th4.com\/XoZpSb8uC5AT4xSXaq_68YEyNharLMuvh1-3G8xrPIM\/pr:550x550\/aHR0cDovL21lZGlhMi5kZXNpZ25wYXJ0bmVyLmZyL2MvcC84MzgyLzgzODItMTI2Mi0xLmpwZw?v=1638344660","https:\/\/media.th4.com\/BQRFTKc3k_wEXBZkuIJPU1RCTXhsTLIPBieI3_S9PAQ\/pr:550x550\/aHR0cDovL21lZGlhMi5kZXNpZ25wYXJ0bmVyLmZyL2MvcC84MzgyLzgzODItMTI2Mi0yLmpwZw?v=1638344660","https:\/\/media.th4.com\/EDL2JTVOelmWrE-Git5Rl7zC9i7hC8SjIhhIwOyZA9o\/pr:550x550\/aHR0cDovL21lZGlhMi5kZXNpZ25wYXJ0bmVyLmZyL2MvcC84MzgyLzgzODItMTI2Mi0zLmpwZw?v=1638344660"],"medium_large":["https:\/\/media.th4.com\/p9IzQFnFUZ3Ri1pWt0tU0bp9KZJkb95ztc2od6_eK9Q\/pr:1000x1000\/aHR0cDovL21lZGlhMi5kZXNpZ25wYXJ0bmVyLmZyL2MvcC84MzgyLzgzODItMTI2Mi0xLmpwZw?v=1638344660","https:\/\/media.th4.com\/LlBbTbsnueKHORyr9suCDdYkViREAtESuNteObbF4bc\/pr:1000x1000\/aHR0cDovL21lZGlhMi5kZXNpZ25wYXJ0bmVyLmZyL2MvcC84MzgyLzgzODItMTI2Mi0yLmpwZw?v=1638344660","https:\/\/media.th4.com\/md486qw_xLvHkzdwG5UT9hUo_mSzFSwwrtSPGAXOrZk\/pr:1000x1000\/aHR0cDovL21lZGlhMi5kZXNpZ25wYXJ0bmVyLmZyL2MvcC84MzgyLzgzODItMTI2Mi0zLmpwZw?v=1638344660"],"large":["https:\/\/media.th4.com\/jBf8cJ-uuAOHlN1QuG1hj_8A6rj9xo9oB2DmpS57ZcQ\/pr:1920\/aHR0cDovL21lZGlhMi5kZXNpZ25wYXJ0bmVyLmZyL2MvcC84MzgyLzgzODItMTI2Mi0xLmpwZw?v=1638344660","https:\/\/media.th4.com\/8V20f3PHWg7ILWmj0U0Z-AcASfncJHdpP6Lj1ciq6d4\/pr:1920\/aHR0cDovL21lZGlhMi5kZXNpZ25wYXJ0bmVyLmZyL2MvcC84MzgyLzgzODItMTI2Mi0yLmpwZw?v=1638344660","https:\/\/media.th4.com\/JxWb03ogLU-xpU3JNrDy3HljDd372IAMZw4qu6gQ9Xg\/pr:1920\/aHR0cDovL21lZGlhMi5kZXNpZ25wYXJ0bmVyLmZyL2MvcC84MzgyLzgzODItMTI2Mi0zLmpwZw?v=1638344660"],"opengraph":["https:\/\/media.th4.com\/6bC12riaBGbRoJbZ62-k74PdxTm4bHSSIVjOTd9rjJ8\/pr:1200x630\/aHR0cDovL21lZGlhMi5kZXNpZ25wYXJ0bmVyLmZyL2MvcC84MzgyLzgzODItMTI2Mi0xLmpwZw?v=1638344660","https:\/\/media.th4.com\/ryMCZCNt3S3NDu2SFBxNJJ-P6JVS_0z4kJMsf0GAFs0\/pr:1200x630\/aHR0cDovL21lZGlhMi5kZXNpZ25wYXJ0bmVyLmZyL2MvcC84MzgyLzgzODItMTI2Mi0yLmpwZw?v=1638344660","https:\/\/media.th4.com\/Mf9xIaoOpCddku45CnI40TKX0FxK6I1TAd5dHMSGSDs\/pr:1200x630\/aHR0cDovL21lZGlhMi5kZXNpZ25wYXJ0bmVyLmZyL2MvcC84MzgyLzgzODItMTI2Mi0zLmpwZw?v=1638344660"]},"images_customization":{"miniature":["https:\/\/media.th4.com\/1jojBQUYW82EitHkwGl-3LVjlh64ZTP9h6u1O3rtZ6Q\/pr:80\/aHR0cDovL21lZGlhMi5kZXNpZ25wYXJ0bmVyLmZyL2MvcC84MzgyLzgzODItMTI2Mi0xLmpwZw?v=1638344660","https:\/\/media.th4.com\/pMZgZn4KBqfl5ffoAikWKVBEZtmiF0MIxtNFyhCXI20\/pr:80\/aHR0cDovL21lZGlhMi5kZXNpZ25wYXJ0bmVyLmZyL2MvcC84MzgyLzgzODItMTI2Mi0yLmpwZw?v=1638344660","https:\/\/media.th4.com\/ZbU0QJgaWmgJqTIoNU7Tlk-BxYze7l1SeVVlh9dbYJA\/pr:80\/aHR0cDovL21lZGlhMi5kZXNpZ25wYXJ0bmVyLmZyL2MvcC84MzgyLzgzODItMTI2Mi0zLmpwZw?v=1638344660"],"medium":["https:\/\/media.th4.com\/XoZpSb8uC5AT4xSXaq_68YEyNharLMuvh1-3G8xrPIM\/pr:550x550\/aHR0cDovL21lZGlhMi5kZXNpZ25wYXJ0bmVyLmZyL2MvcC84MzgyLzgzODItMTI2Mi0xLmpwZw?v=1638344660","https:\/\/media.th4.com\/BQRFTKc3k_wEXBZkuIJPU1RCTXhsTLIPBieI3_S9PAQ\/pr:550x550\/aHR0cDovL21lZGlhMi5kZXNpZ25wYXJ0bmVyLmZyL2MvcC84MzgyLzgzODItMTI2Mi0yLmpwZw?v=1638344660","https:\/\/media.th4.com\/EDL2JTVOelmWrE-Git5Rl7zC9i7hC8SjIhhIwOyZA9o\/pr:550x550\/aHR0cDovL21lZGlhMi5kZXNpZ25wYXJ0bmVyLmZyL2MvcC84MzgyLzgzODItMTI2Mi0zLmpwZw?v=1638344660"],"medium_large":["https:\/\/media.th4.com\/p9IzQFnFUZ3Ri1pWt0tU0bp9KZJkb95ztc2od6_eK9Q\/pr:1000x1000\/aHR0cDovL21lZGlhMi5kZXNpZ25wYXJ0bmVyLmZyL2MvcC84MzgyLzgzODItMTI2Mi0xLmpwZw?v=1638344660","https:\/\/media.th4.com\/LlBbTbsnueKHORyr9suCDdYkViREAtESuNteObbF4bc\/pr:1000x1000\/aHR0cDovL21lZGlhMi5kZXNpZ25wYXJ0bmVyLmZyL2MvcC84MzgyLzgzODItMTI2Mi0yLmpwZw?v=1638344660","https:\/\/media.th4.com\/md486qw_xLvHkzdwG5UT9hUo_mSzFSwwrtSPGAXOrZk\/pr:1000x1000\/aHR0cDovL21lZGlhMi5kZXNpZ25wYXJ0bmVyLmZyL2MvcC84MzgyLzgzODItMTI2Mi0zLmpwZw?v=1638344660"],"large":["https:\/\/media.th4.com\/jBf8cJ-uuAOHlN1QuG1hj_8A6rj9xo9oB2DmpS57ZcQ\/pr:1920\/aHR0cDovL21lZGlhMi5kZXNpZ25wYXJ0bmVyLmZyL2MvcC84MzgyLzgzODItMTI2Mi0xLmpwZw?v=1638344660","https:\/\/media.th4.com\/8V20f3PHWg7ILWmj0U0Z-AcASfncJHdpP6Lj1ciq6d4\/pr:1920\/aHR0cDovL21lZGlhMi5kZXNpZ25wYXJ0bmVyLmZyL2MvcC84MzgyLzgzODItMTI2Mi0yLmpwZw?v=1638344660","https:\/\/media.th4.com\/JxWb03ogLU-xpU3JNrDy3HljDd372IAMZw4qu6gQ9Xg\/pr:1920\/aHR0cDovL21lZGlhMi5kZXNpZ25wYXJ0bmVyLmZyL2MvcC84MzgyLzgzODItMTI2Mi0zLmpwZw?v=1638344660"],"opengraph":["https:\/\/media.th4.com\/6bC12riaBGbRoJbZ62-k74PdxTm4bHSSIVjOTd9rjJ8\/pr:1200x630\/aHR0cDovL21lZGlhMi5kZXNpZ25wYXJ0bmVyLmZyL2MvcC84MzgyLzgzODItMTI2Mi0xLmpwZw?v=1638344660","https:\/\/media.th4.com\/ryMCZCNt3S3NDu2SFBxNJJ-P6JVS_0z4kJMsf0GAFs0\/pr:1200x630\/aHR0cDovL21lZGlhMi5kZXNpZ25wYXJ0bmVyLmZyL2MvcC84MzgyLzgzODItMTI2Mi0yLmpwZw?v=1638344660","https:\/\/media.th4.com\/Mf9xIaoOpCddku45CnI40TKX0FxK6I1TAd5dHMSGSDs\/pr:1200x630\/aHR0cDovL21lZGlhMi5kZXNpZ25wYXJ0bmVyLmZyL2MvcC84MzgyLzgzODItMTI2Mi0zLmpwZw?v=1638344660"]},"country_origin":"BD","traceability":{"manufacturing_country_id":null,"weaving_country_id":null,"dyeing_country_id":null},"sizes":[{"id":1396,"article_id":271905,"class_id":15,"name":"6\/8ans","on_standby":false,"stock_local":0,"stock_global":241,"multiple":1,"estimated_date_reassort":null,"is_destocking":false},{"id":1399,"article_id":271909,"class_id":14,"name":"4\/6ans","on_standby":false,"stock_local":0,"stock_global":158,"multiple":1,"estimated_date_reassort":null,"is_destocking":false},{"id":1397,"article_id":271906,"class_id":16,"name":"8\/10ans","on_standby":false,"stock_local":0,"stock_global":127,"multiple":1,"estimated_date_reassort":null,"is_destocking":false},{"id":1398,"article_id":271907,"class_id":17,"name":"10\/12ans","on_standby":false,"stock_local":0,"stock_global":262,"multiple":1,"estimated_date_reassort":null,"is_destocking":false},{"id":33,"article_id":271908,"class_id":17,"name":"12\/14ans","on_standby":false,"stock_local":0,"stock_global":428,"multiple":1,"estimated_date_reassort":null,"is_destocking":false}],"page_links":{"fr":"\/fr\/p-ka-k249-polo-manches-courtes-enfant-k249-8382\/red-1262\/","en":"\/en\/p-ka-k249-short-sleeved-polo-shirt-for-child-k249-8382\/red-1262\/","de":"\/de\/p-ka-k249-kurzarm-polo-fur-kinder-k249-8382\/red-1262\/","nl":"\/nl\/p-ka-k249-korte-mouwen-polo-kind-k249-8382\/red-1262\/","es":"\/es\/p-ka-k249-polo-de-mangas-cortas-para-ninos-k249-8382\/red-1262\/","it":"\/it\/p-ka-k249-polo-maniche-corte-bambino-k249-8382\/red-1262\/","sv":"\/sv\/p-ka-k249-polo-med-korta-armar-for-barn-k249-8382\/red-1262\/","pt":"\/pt\/p-ka-k249-polo-manga-curta-infantil-k249-8382\/red-1262\/","da":"\/da\/p-ka-k249-bornenes-kortaermet-polo-k249-8382\/red-1262\/","pl":"\/pl\/p-ka-k249-dresikrotnych-dzieci-k249-8382\/red-1262\/"},"page_links_customization":{"fr":"\/fr\/p-ka-k249-polo-manches-courtes-enfant-k249-personnalisation-avec-votre-logo-8382\/red-1262\/custom\/","en":"\/en\/p-ka-k249-childrens-short-sleeve-polo-k249-customization-with-your-logo-8382\/red-1262\/custom\/","de":"\/de\/p-ka-k249-kurzarm-polo-fur-kinder-k249-personalisierung-mit-ihrem-logo-8382\/red-1262\/custom\/","nl":"\/nl\/p-ka-k249-kinderen-kortarm-polo-shirt-k249-met-je-logo-personaliseren-8382\/red-1262\/custom\/","es":"\/es\/p-ka-k249-polo-de-manga-corta-para-ninos-k249-personalizacion-con-su-logo-8382\/red-1262\/custom\/","it":"\/it\/p-ka-k249-polo-maniche-corte-bambino-k249-personalizzazione-con-il-tuo-logo-8382\/red-1262\/custom\/","sv":"\/sv\/p-ka-k249-kortarmad-barnpolotroja-k249-personliggoring-med-ditt-logotyp-8382\/red-1262\/custom\/","pt":"\/pt\/p-ka-k249-polo-de-manga-curta-infantil-k249-personalizacao-com-seu-logotipo-8382\/red-1262\/custom\/","da":"\/da\/p-ka-k249-bornepolo-med-korte-aermer-k249-tilpasning-med-dit-logo-8382\/red-1262\/custom\/","pl":"\/pl\/p-ka-k249-koszula-dlugich-rak-dla-dzieci-k249-personalizacja-z-logo-8382\/red-1262\/custom\/"}},{"id":22451,"name":"fuchsia","class_ids":[7],"codes_hexa":["C72851"],"delai_24":false,"has_3d":false,"seuil_global":0,"stock_local":0,"stock_global":0,"on_standby":true,"in_catalog":false,"images":{"miniature":["https:\/\/media.th4.com\/dJmRWV29R4VUcDuqZQoVD5oZZy0IS-fchSoahSv1dWg\/pr:80\/aHR0cDovL21lZGlhMi5kZXNpZ25wYXJ0bmVyLmZyL2MvcC84MzgyLzgzODItMjI0NTEtMS5qcGc?v=1696933437","https:\/\/media.th4.com\/EvfYtMwf0evO95ew-Nefhz5DECR3jlUbb44IooMR-yM\/pr:80\/aHR0cDovL21lZGlhMi5kZXNpZ25wYXJ0bmVyLmZyL2MvcC84MzgyLzgzODItMjI0NTEtMi5qcGc?v=1696933439","https:\/\/media.th4.com\/q4FWrecU2cuOwOyzr1I_Eg9pLBchZOnxvTI72yLyAQo\/pr:80\/aHR0cDovL21lZGlhMi5kZXNpZ25wYXJ0bmVyLmZyL2MvcC84MzgyLzgzODItMjI0NTEtMy5qcGc?v=1696933440"],"medium":["https:\/\/media.th4.com\/Zu6RgucwShFNmzZ6EE58l_AxVzs0aNqCq8SnwJjMHfI\/pr:550x550\/aHR0cDovL21lZGlhMi5kZXNpZ25wYXJ0bmVyLmZyL2MvcC84MzgyLzgzODItMjI0NTEtMS5qcGc?v=1696933437","https:\/\/media.th4.com\/TGLgfUbu60a3cVKCLhW6VIK6K2keCXip_vrg5XG90KY\/pr:550x550\/aHR0cDovL21lZGlhMi5kZXNpZ25wYXJ0bmVyLmZyL2MvcC84MzgyLzgzODItMjI0NTEtMi5qcGc?v=1696933439","https:\/\/media.th4.com\/62Fj4a9wgiz8DG0nUvozx4Vu-UlbGiNxMaYRjX0rRKs\/pr:550x550\/aHR0cDovL21lZGlhMi5kZXNpZ25wYXJ0bmVyLmZyL2MvcC84MzgyLzgzODItMjI0NTEtMy5qcGc?v=1696933440"],"medium_large":["https:\/\/media.th4.com\/H512_hXk-fUAGpcWI9jKutqgFdb5tpLRcnDdPJPsbLc\/pr:1000x1000\/aHR0cDovL21lZGlhMi5kZXNpZ25wYXJ0bmVyLmZyL2MvcC84MzgyLzgzODItMjI0NTEtMS5qcGc?v=1696933437","https:\/\/media.th4.com\/F6Ko55ceoTmE826xi6ThQdmvVTx8n8FzP4loY2ljD98\/pr:1000x1000\/aHR0cDovL21lZGlhMi5kZXNpZ25wYXJ0bmVyLmZyL2MvcC84MzgyLzgzODItMjI0NTEtMi5qcGc?v=1696933439","https:\/\/media.th4.com\/yYwu7MmBI91VtuCd-DmUtpCWe3WLKg2QPREUndY73OI\/pr:1000x1000\/aHR0cDovL21lZGlhMi5kZXNpZ25wYXJ0bmVyLmZyL2MvcC84MzgyLzgzODItMjI0NTEtMy5qcGc?v=1696933440"],"large":["https:\/\/media.th4.com\/LEmUyyoXWIOPswl_BRJ0NdGAsR-IGXSEa2-ng2pYUrE\/pr:1920\/aHR0cDovL21lZGlhMi5kZXNpZ25wYXJ0bmVyLmZyL2MvcC84MzgyLzgzODItMjI0NTEtMS5qcGc?v=1696933437","https:\/\/media.th4.com\/sWapdn9YdwhTfJF2TZp0k4sUrMTaUIHFu0rh49I9wI4\/pr:1920\/aHR0cDovL21lZGlhMi5kZXNpZ25wYXJ0bmVyLmZyL2MvcC84MzgyLzgzODItMjI0NTEtMi5qcGc?v=1696933439","https:\/\/media.th4.com\/gb6-5ar5ez8XuVpcqHQsiF4MTkJfFeeY7h-jGjwn32c\/pr:1920\/aHR0cDovL21lZGlhMi5kZXNpZ25wYXJ0bmVyLmZyL2MvcC84MzgyLzgzODItMjI0NTEtMy5qcGc?v=1696933440"],"opengraph":["https:\/\/media.th4.com\/h96iqMNjoqkcYmPEAsKUcoWSOzOsUh3cnl0KnqYWfo4\/pr:1200x630\/aHR0cDovL21lZGlhMi5kZXNpZ25wYXJ0bmVyLmZyL2MvcC84MzgyLzgzODItMjI0NTEtMS5qcGc?v=1696933437","https:\/\/media.th4.com\/gr4zyRsJBS3Kesd7gttAt48Vtg2CbCnJos84F8yyVi4\/pr:1200x630\/aHR0cDovL21lZGlhMi5kZXNpZ25wYXJ0bmVyLmZyL2MvcC84MzgyLzgzODItMjI0NTEtMi5qcGc?v=1696933439","https:\/\/media.th4.com\/f0lsNG_VzVK-ZTPv9A9MMP965RNrOkVuOGzCUtRN6QY\/pr:1200x630\/aHR0cDovL21lZGlhMi5kZXNpZ25wYXJ0bmVyLmZyL2MvcC84MzgyLzgzODItMjI0NTEtMy5qcGc?v=1696933440"]},"images_customization":{"miniature":["https:\/\/media.th4.com\/dJmRWV29R4VUcDuqZQoVD5oZZy0IS-fchSoahSv1dWg\/pr:80\/aHR0cDovL21lZGlhMi5kZXNpZ25wYXJ0bmVyLmZyL2MvcC84MzgyLzgzODItMjI0NTEtMS5qcGc?v=1696933437","https:\/\/media.th4.com\/EvfYtMwf0evO95ew-Nefhz5DECR3jlUbb44IooMR-yM\/pr:80\/aHR0cDovL21lZGlhMi5kZXNpZ25wYXJ0bmVyLmZyL2MvcC84MzgyLzgzODItMjI0NTEtMi5qcGc?v=1696933439","https:\/\/media.th4.com\/q4FWrecU2cuOwOyzr1I_Eg9pLBchZOnxvTI72yLyAQo\/pr:80\/aHR0cDovL21lZGlhMi5kZXNpZ25wYXJ0bmVyLmZyL2MvcC84MzgyLzgzODItMjI0NTEtMy5qcGc?v=1696933440"],"medium":["https:\/\/media.th4.com\/Zu6RgucwShFNmzZ6EE58l_AxVzs0aNqCq8SnwJjMHfI\/pr:550x550\/aHR0cDovL21lZGlhMi5kZXNpZ25wYXJ0bmVyLmZyL2MvcC84MzgyLzgzODItMjI0NTEtMS5qcGc?v=1696933437","https:\/\/media.th4.com\/TGLgfUbu60a3cVKCLhW6VIK6K2keCXip_vrg5XG90KY\/pr:550x550\/aHR0cDovL21lZGlhMi5kZXNpZ25wYXJ0bmVyLmZyL2MvcC84MzgyLzgzODItMjI0NTEtMi5qcGc?v=1696933439","https:\/\/media.th4.com\/62Fj4a9wgiz8DG0nUvozx4Vu-UlbGiNxMaYRjX0rRKs\/pr:550x550\/aHR0cDovL21lZGlhMi5kZXNpZ25wYXJ0bmVyLmZyL2MvcC84MzgyLzgzODItMjI0NTEtMy5qcGc?v=1696933440"],"medium_large":["https:\/\/media.th4.com\/H512_hXk-fUAGpcWI9jKutqgFdb5tpLRcnDdPJPsbLc\/pr:1000x1000\/aHR0cDovL21lZGlhMi5kZXNpZ25wYXJ0bmVyLmZyL2MvcC84MzgyLzgzODItMjI0NTEtMS5qcGc?v=1696933437","https:\/\/media.th4.com\/F6Ko55ceoTmE826xi6ThQdmvVTx8n8FzP4loY2ljD98\/pr:1000x1000\/aHR0cDovL21lZGlhMi5kZXNpZ25wYXJ0bmVyLmZyL2MvcC84MzgyLzgzODItMjI0NTEtMi5qcGc?v=1696933439","https:\/\/media.th4.com\/yYwu7MmBI91VtuCd-DmUtpCWe3WLKg2QPREUndY73OI\/pr:1000x1000\/aHR0cDovL21lZGlhMi5kZXNpZ25wYXJ0bmVyLmZyL2MvcC84MzgyLzgzODItMjI0NTEtMy5qcGc?v=1696933440"],"large":["https:\/\/media.th4.com\/LEmUyyoXWIOPswl_BRJ0NdGAsR-IGXSEa2-ng2pYUrE\/pr:1920\/aHR0cDovL21lZGlhMi5kZXNpZ25wYXJ0bmVyLmZyL2MvcC84MzgyLzgzODItMjI0NTEtMS5qcGc?v=1696933437","https:\/\/media.th4.com\/sWapdn9YdwhTfJF2TZp0k4sUrMTaUIHFu0rh49I9wI4\/pr:1920\/aHR0cDovL21lZGlhMi5kZXNpZ25wYXJ0bmVyLmZyL2MvcC84MzgyLzgzODItMjI0NTEtMi5qcGc?v=1696933439","https:\/\/media.th4.com\/gb6-5ar5ez8XuVpcqHQsiF4MTkJfFeeY7h-jGjwn32c\/pr:1920\/aHR0cDovL21lZGlhMi5kZXNpZ25wYXJ0bmVyLmZyL2MvcC84MzgyLzgzODItMjI0NTEtMy5qcGc?v=1696933440"],"opengraph":["https:\/\/media.th4.com\/h96iqMNjoqkcYmPEAsKUcoWSOzOsUh3cnl0KnqYWfo4\/pr:1200x630\/aHR0cDovL21lZGlhMi5kZXNpZ25wYXJ0bmVyLmZyL2MvcC84MzgyLzgzODItMjI0NTEtMS5qcGc?v=1696933437","https:\/\/media.th4.com\/gr4zyRsJBS3Kesd7gttAt48Vtg2CbCnJos84F8yyVi4\/pr:1200x630\/aHR0cDovL21lZGlhMi5kZXNpZ25wYXJ0bmVyLmZyL2MvcC84MzgyLzgzODItMjI0NTEtMi5qcGc?v=1696933439","https:\/\/media.th4.com\/f0lsNG_VzVK-ZTPv9A9MMP965RNrOkVuOGzCUtRN6QY\/pr:1200x630\/aHR0cDovL21lZGlhMi5kZXNpZ25wYXJ0bmVyLmZyL2MvcC84MzgyLzgzODItMjI0NTEtMy5qcGc?v=1696933440"]},"country_origin":"BD","traceability":{"manufacturing_country_id":null,"weaving_country_id":null,"dyeing_country_id":null},"sizes":[],"page_links":{"fr":"\/fr\/p-ka-k249-polo-manches-courtes-enfant-k249-8382\/fuchsia-22451\/","en":"\/en\/p-ka-k249-short-sleeved-polo-shirt-for-child-k249-8382\/fuchsia-22451\/","de":"\/de\/p-ka-k249-kurzarm-polo-fur-kinder-k249-8382\/fuchsia-22451\/","nl":"\/nl\/p-ka-k249-korte-mouwen-polo-kind-k249-8382\/fuchsia-22451\/","es":"\/es\/p-ka-k249-polo-de-mangas-cortas-para-ninos-k249-8382\/fuchsia-22451\/","it":"\/it\/p-ka-k249-polo-maniche-corte-bambino-k249-8382\/fuchsia-22451\/","sv":"\/sv\/p-ka-k249-polo-med-korta-armar-for-barn-k249-8382\/fuchsia-22451\/","pt":"\/pt\/p-ka-k249-polo-manga-curta-infantil-k249-8382\/fuchsia-22451\/","da":"\/da\/p-ka-k249-bornenes-kortaermet-polo-k249-8382\/fuchsia-22451\/","pl":"\/pl\/p-ka-k249-dresikrotnych-dzieci-k249-8382\/fuchsia-22451\/"},"page_links_customization":{"fr":"\/fr\/p-ka-k249-polo-manches-courtes-enfant-k249-personnalisation-avec-votre-logo-8382\/fuchsia-22451\/custom\/","en":"\/en\/p-ka-k249-childrens-short-sleeve-polo-k249-customization-with-your-logo-8382\/fuchsia-22451\/custom\/","de":"\/de\/p-ka-k249-kurzarm-polo-fur-kinder-k249-personalisierung-mit-ihrem-logo-8382\/fuchsia-22451\/custom\/","nl":"\/nl\/p-ka-k249-kinderen-kortarm-polo-shirt-k249-met-je-logo-personaliseren-8382\/fuchsia-22451\/custom\/","es":"\/es\/p-ka-k249-polo-de-manga-corta-para-ninos-k249-personalizacion-con-su-logo-8382\/fuchsia-22451\/custom\/","it":"\/it\/p-ka-k249-polo-maniche-corte-bambino-k249-personalizzazione-con-il-tuo-logo-8382\/fuchsia-22451\/custom\/","sv":"\/sv\/p-ka-k249-kortarmad-barnpolotroja-k249-personliggoring-med-ditt-logotyp-8382\/fuchsia-22451\/custom\/","pt":"\/pt\/p-ka-k249-polo-de-manga-curta-infantil-k249-personalizacao-com-seu-logotipo-8382\/fuchsia-22451\/custom\/","da":"\/da\/p-ka-k249-bornepolo-med-korte-aermer-k249-tilpasning-med-dit-logo-8382\/fuchsia-22451\/custom\/","pl":"\/pl\/p-ka-k249-koszula-dlugich-rak-dla-dzieci-k249-personalizacja-z-logo-8382\/fuchsia-22451\/custom\/"}}],"documentation_link":"\/pdf\/8382.pdf","countries_availables":["AD","AE","AL","AT","BA","BD","BE","BG","BL","CA","CH","CN","CO","CY","CZ","DE","DK","DO","EE","EG","ES","ET","FI","FR","GB","GE","GF","GP","GR","GT","HK","HN","HR","HT","HU","ID","IE","IN","IS","IT","JO","JP","KE","KH","KP","KR","LA","LK","LS","LT","LU","LV","MA","MF","MG","MK","MM","MN","MQ","MT","MX","MY","NC","NI","NL","PF","PH","PK","PL","PM","PT","RE","RO","SE","SG","SI","SK","SV","SY","TH","TN","TR","TW","TZ","US","VN","WF","YT"]},"infos_customization":[],"features":{"authorize_multi_surfaces":true,"display_order_delay_type":true,"promote_surface_display":true,"tarification_franco_offert":true,"enabled_3d_editor":false},"markings":[{"id":0,"nom":"vierge","finition":null,"libelle":null,"code":null,"dpi":null,"finesse_forme_isolee":null,"finesse_forme_non_isolee":null,"hauteur_minimale_texte":null,"inactif":0,"marquage_interne":1,"quantite_min":null,"parent_id":null,"print_on_support":0,"content":"vierge","description":null},{"id":2,"nom":"fonce","finition":"optimale","libelle":"TopQuadri","code":null,"dpi":400,"finesse_forme_isolee":"0.040","finesse_forme_non_isolee":"0.700","hauteur_minimale_texte":2,"inactif":0,"marquage_interne":1,"quantite_min":null,"parent_id":18,"print_on_support":0,"content":"TopQuadri","description":"pour petites et moyennes s\u00e9ries"},{"id":3,"nom":"serigraphie","finition":"serigraphie","libelle":"SeriCoat","code":null,"dpi":400,"finesse_forme_isolee":"0.040","finesse_forme_non_isolee":"0.700","hauteur_minimale_texte":2,"inactif":0,"marquage_interne":1,"quantite_min":15,"parent_id":18,"print_on_support":0,"content":"SeriCoat","description":"pour moyennes et grandes s\u00e9ries"},{"id":4,"nom":"broderie","finition":"broderie","libelle":"Broderie","code":null,"dpi":400,"finesse_forme_isolee":"0.040","finesse_forme_non_isolee":"0.700","hauteur_minimale_texte":3,"inactif":0,"marquage_interne":1,"quantite_min":null,"parent_id":null,"print_on_support":0,"content":"Broderie","description":null},{"id":8,"nom":"theme","finition":null,"libelle":"Th\u00e8me","code":null,"dpi":null,"finesse_forme_isolee":null,"finesse_forme_non_isolee":null,"hauteur_minimale_texte":null,"inactif":0,"marquage_interne":1,"quantite_min":null,"parent_id":null,"print_on_support":0,"content":"Th\u00e8me","description":null},{"id":9,"nom":"sans","finition":null,"libelle":null,"code":null,"dpi":null,"finesse_forme_isolee":null,"finesse_forme_non_isolee":null,"hauteur_minimale_texte":null,"inactif":0,"marquage_interne":1,"quantite_min":null,"parent_id":null,"print_on_support":0,"content":"sans","description":null},{"id":10,"nom":"photo","finition":null,"libelle":"Photo","code":null,"dpi":null,"finesse_forme_isolee":null,"finesse_forme_non_isolee":null,"hauteur_minimale_texte":null,"inactif":0,"marquage_interne":1,"quantite_min":null,"parent_id":null,"print_on_support":0,"content":"Photo","description":null},{"id":14,"nom":"couleur","finition":null,"libelle":"Couleur","code":null,"dpi":null,"finesse_forme_isolee":null,"finesse_forme_non_isolee":null,"hauteur_minimale_texte":null,"inactif":0,"marquage_interne":1,"quantite_min":null,"parent_id":null,"print_on_support":0,"content":"Couleur","description":null},{"id":15,"nom":"sublimation","finition":"sublimation","libelle":"Sublimation","code":null,"dpi":null,"finesse_forme_isolee":"0.000","finesse_forme_non_isolee":"0.000","hauteur_minimale_texte":2,"inactif":0,"marquage_interne":1,"quantite_min":null,"parent_id":null,"print_on_support":0,"content":"Sublimation","description":null},{"id":16,"nom":"topquadri_uv","finition":null,"libelle":"TopQuadri UV","code":null,"dpi":null,"finesse_forme_isolee":"0.020","finesse_forme_non_isolee":"0.700","hauteur_minimale_texte":2,"inactif":0,"marquage_interne":1,"quantite_min":null,"parent_id":null,"print_on_support":1,"content":null,"description":null},{"id":17,"nom":"topquadri_uvp","finition":null,"libelle":"TopQuadri UVP","code":null,"dpi":null,"finesse_forme_isolee":"0.020","finesse_forme_non_isolee":"0.700","hauteur_minimale_texte":2,"inactif":0,"marquage_interne":1,"quantite_min":null,"parent_id":null,"print_on_support":1,"content":null,"description":null},{"id":18,"nom":"quadri","finition":null,"libelle":"Impression","code":null,"dpi":null,"finesse_forme_isolee":null,"finesse_forme_non_isolee":null,"hauteur_minimale_texte":null,"inactif":0,"marquage_interne":1,"quantite_min":null,"parent_id":null,"print_on_support":0,"content":null,"description":null}]}}