{"data":{"product":{"id":7131,"titre":"Chef jacket Gustav","description":"Veste de cuisine Gustav. Coupe classique. Manches courtes. Poche poitrine plaqu\u00e9e gauche avec compartiment pour stylo. 5 boutons-pression. Lavable \u00e0 95 \u00b0C. Composition : 65 % polyester, 35 % coton.","genre":"homme","grammage":215,"conditionnement":30,"composition":"coton,polyester,polycoton","reference":"ka-jm15","reference_visible":"ka-jm15","reference_fabricant":"JM15","ref_xor":"740766","in_catalog":true,"is_transfer":false,"is_service":false,"on_standby":false,"has_3d":false,"has_size_guide":true,"has_marking":true,"has_vierge":true,"is_cross_sellable":false,"id_picto":140,"filename_3d":null,"brand":{"id":118,"name":"karlowsky","logo":"logo-karlowsky.png","image":"https:\/\/media.th4.com\/YXmqnDl9gv0LQw__DfETESGtiVfebVhyE_Kxdxhf4tk\/pr:brand70x70\/aHR0cDovL21lZGlhMi5kZXNpZ25wYXJ0bmVyLmZyL2MvbS9sb2dvLWthcmxvd3NreS5wbmc"},"price_infos":{"price_from":35.32,"quantity":40,"color":{"id":10063,"name":"anthracite"},"size":{"id":238,"name":"48"}},"price_infos_marking":{"price_from":39.07,"quantity":75,"color":{"id":10063,"name":"anthracite"},"size":{"id":238,"name":"48"},"marking":{"id":4,"name":""},"emplacement":"avant","surface_emplacement_id":1,"surface":"coeur"},"i18n":{"blank":{"title":{"fr":"Chef jacket gustav short sleeve KARLOWSKY jm15","en":"Chef jacket gustav short sleeve KARLOWSKY jm15","de":"Chefjacke Gustav kurz\u00e4rmelig KARLOWSKY jm15","nl":"Koksjas kort mouw Gustav Karlowsky jm15","es":"Chaqueta de chef gustav manga corta KARLOWSKY jm15","it":"Giacca da chef gustav maniche corte KARLOWSKY jm15","sv":"Chef jacka gustav kort\u00e4rmad KARLOWSKY jm15","pt":"Jaqueta de chef gustav manga curta KARLOWSKY jm15","da":"Kokkeskjole Gustav korte \u00e6rmer KARLOWSKY jm15","pl":"Kurtka szefa gustav kr\u00f3tkie r\u0119kawy KARLOWSKY jm15"},"description":{"fr":"Cette veste de cuisine \u00e0 manches courtes est con\u00e7ue pour r\u00e9pondre aux exigences des professionnels de la restauration. Elle offre un confort optimal gr\u00e2ce \u00e0 sa coupe regular et ses coutures Vienna \u00e0 l'arri\u00e8re. La veste est confectionn\u00e9e en 65% polyester et 35% coton pr\u00e9r\u00e9tr\u00e9ci de grande qualit\u00e9, assurant une durabilit\u00e9 accrue et un entretien facile. Elle est dot\u00e9e d'une rang\u00e9e de 5 boutons avec boutons-pression pour une fermeture pratique et s\u00e9curis\u00e9e. Une poche poitrine avec compartiment pour stylos \u00e0 plume permet de garder les outils d'\u00e9criture \u00e0 port\u00e9e de main. La couleur de la veste est r\u00e9sistante aux lavages, garantissant une apparence soign\u00e9e m\u00eame apr\u00e8s de nombreux cycles de lavage. Elle convient aux lavages industriels.\n\n- 65% polyester, 35% coton\n- 5 boutons pression\n- Poche poitrine stylos\n- Manches courtes\n- Coupe regular","en":"This short-sleeved kitchen jacket is designed to meet the demands of restaurant professionals. It offers optimal comfort thanks to its regular fit and Vienna seams at the back. The jacket is made of high-quality pre-shrunk 65% polyester and 35% cotton, ensuring increased durability and easy maintenance. It features a row of 5 snap buttons for practical and secure closure. A chest pocket with a compartment for fountain pens keeps writing tools within reach. The jacket's color is wash-resistant, ensuring a neat appearance even after numerous wash cycles. It is suitable for industrial washing.\n\n- 65% polyester, 35% cotton\n- 5 snap buttons\n- Chest pocket for pens\n- Short sleeves\n- Regular fit","de":"Diese kurz\u00e4rmelige K\u00fcchenjacke ist speziell f\u00fcr die Anforderungen von Profis in der Gastronomie entwickelt worden. Sie bietet optimalen Tragekomfort dank ihres regul\u00e4ren Schnitts und den Vienna-N\u00e4hten am R\u00fccken. Die Jacke ist aus hochwertigem, vorverwaschenem Material in 65% Polyester und 35% Baumwolle gefertigt, was eine erh\u00f6hte Haltbarkeit und einfache Pflege garantiert. Sie verf\u00fcgt \u00fcber eine Reihe von 5 Druckkn\u00f6pfen f\u00fcr eine praktische und sichere Verschlussfunktion. Eine Brusttasche mit F\u00e4chern f\u00fcr F\u00fcllfederhalter erm\u00f6glicht den schnellen Zugriff auf Schreibger\u00e4te. Die Farbe der Jacke ist waschbest\u00e4ndig und garantiert auch nach zahlreichen Waschzyklen ein gepflegtes Aussehen. Sie eignet sich f\u00fcr industrielle Waschg\u00e4nge.\n\n- 5 Druckkn\u00f6pfe\n- Brusttasche f\u00fcr Stifte\n- Kurze \u00c4rmel\n- Regul\u00e4rer Schnitt","nl":"Deze koksjas met korte mouwen is ontworpen om aan de eisen van professionals in de horeca te voldoen. Het biedt optimale comfort dankzij de reguliere pasvorm en de Vienna-naden aan de achterkant. De jas is gemaakt van hoogwaardige 65% polyester en 35% voorgekrompen katoen, wat een toegenomen duurzaamheid en eenvoudig onderhoud garandeert. Het is uitgerust met een rij van 5 knopen met drukknoppen voor een praktische en veilige sluiting. Een borstzak met compartiment voor vulpennen houdt schrijfgereedschap binnen handbereik. De kleur van de jas is bestendig tegen wasbeurten, wat een verzorgd uiterlijk garandeert, zelfs na veel wascycli. Het is geschikt voor industri\u00eble wasbeurten.\n\n- 5 knoopsluitingen\n- Borstzak met vulpennen\n- Korte mouwen\n- Reguliere pasvorm","es":"Esta chaqueta de cocina de mangas cortas est\u00e1 dise\u00f1ada para satisfacer las exigencias de los profesionales de la restauraci\u00f3n. Ofrece un confort \u00f3ptimo gracias a su corte regular y costuras Vienna en la espalda. La chaqueta est\u00e1 confeccionada en 65% poli\u00e9ster y 35% algod\u00f3n prereducido de alta calidad, asegurando una mayor durabilidad y un mantenimiento f\u00e1cil. Cuenta con una fila de 5 botones con botones de presi\u00f3n para un cierre pr\u00e1ctico y seguro. Un bolsillo de pecho con compartimento para plumas permite mantener las herramientas de escritura a mano. El color de la chaqueta es resistente a los lavados, garantizando un aspecto cuidado incluso despu\u00e9s de muchos ciclos de lavado. Es adecuada para lavados industriales.\n\n- 65% poli\u00e9ster, 35% algod\u00f3n\n- 5 botones de presi\u00f3n\n- Bolsillo de pecho plumas\n- Mangas cortas\n- Corte regular","it":"Questa giacca da cucina a maniche corte \u00e8 progettata per rispondere alle esigenze dei professionisti della ristorazione. Offre un comfort ottimale grazie alla sua taglia regular e alle cuciture Vienna posteriori. La giacca \u00e8 confezionata in 65% poliestere e 35% cotone preridotto di alta qualit\u00e0, garantendo una durabilit\u00e0 aumentata e una manutenzione facile. \u00c8 dotata di una fila di 5 bottoni con bottoni a pressione per una chiusura pratica e sicura. Una tasca petto con scomparto per penne stilo permette di tenere gli strumenti di scrittura a portata di mano. Il colore della giacca \u00e8 resistente ai lavaggi, garantendo un aspetto curato anche dopo numerosi cicli di lavaggio. \u00c8 adatta ai lavaggi industriali.  5 bottoni pressione tasca petto penne maniche corte taglia regular","sv":"Denna kokskjorta med korta \u00e4rmar \u00e4r utformad f\u00f6r att m\u00f6ta krav fr\u00e5n restaurangprofessionella. Den erbjuder optimal komfort tack vare sin regular passform och Wienas\u00f6mmar p\u00e5 baksidan. Skjortan \u00e4r tillverkad i h\u00f6gkvalitativt f\u00f6rkrympt 65% polyester och 35% bomull, vilket s\u00e4kerst\u00e4ller \u00f6kad h\u00e5llbarhet och enkel sk\u00f6tsel. Den \u00e4r utrustad med en rad med 5 knappsp\u00e5rar f\u00f6r praktisk och s\u00e4ker st\u00e4ngning. En br\u00f6stficka med fack f\u00f6r pennor h\u00e5ller skrivverktyg inom r\u00e4ckh\u00e5ll. Skjortans f\u00e4rg \u00e4r tv\u00e4ttbest\u00e4ndig, vilket garanterar ett v\u00e4lsk\u00f6tt utseende \u00e4ven efter m\u00e5nga tv\u00e4ttomg\u00e5ngar. Den \u00e4r l\u00e4mplig f\u00f6r industriell tv\u00e4ttning.\n\n- 65% polyester, 35% bomull\n- 5 knappsp\u00e5rar\n- Br\u00f6stficka pennor\n- Korta \u00e4rmar\n- Regular passform","pt":"Esta jaqueta de cozinha de manga curta \u00e9 projetada para atender \u00e0s exig\u00eancias dos profissionais da restaura\u00e7\u00e3o. Oferece conforto \u00f3timo gra\u00e7as ao seu corte regular e costuras Vienna na parte de tr\u00e1s. A jaqueta \u00e9 confeccionada em 65% poli\u00e9ster e 35% algod\u00e3o pr\u00e9-encolhido de alta qualidade, garantindo maior durabilidade e f\u00e1cil manuten\u00e7\u00e3o. Possui uma fileira de 5 bot\u00f5es com bot\u00f5es de press\u00e3o para um fechamento pr\u00e1tico e seguro. Um bolso no peito com compartimento para canetas tinteiro permite manter as ferramentas de escrita ao alcance da m\u00e3o. A cor da jaqueta \u00e9 resistente a lavagens, garantindo uma apar\u00eancia arrumada mesmo ap\u00f3s muitos ciclos de lavagem. \u00c9 adequada para lavagens industriais.\n\n- 65% poli\u00e9ster, 35% algod\u00e3o\n- 5 bot\u00f5es de press\u00e3o\n- Bolso no peito canetas\n- Manga curta\n- Corte regular","da":"Denne kort\u00e6rmet kokkeskjorte er designet til at opfylde professionelle k\u00f8kkens behov. Den tilbyder optimal komfort takket v\u00e6re dens regular sk\u00e6r og Vienna s\u00f8mme bagp\u00e5. Skjorte er lavet af 65% polyester og 35% pr\u00e6indvasket bomuld af h\u00f8j kvalitet, hvilket sikrer \u00f8get holdbarhed og nem vedligeholdelse. Den er udstyret med en r\u00e6kke p\u00e5 5 trykknapper til praktisk og sikker lukning. En brystlomme med indl\u00e6g til fjerpenne holder skrivev\u00e6rkt\u00f8jerne inden for r\u00e6kkevidde. Skjortens farve er vaskfast, hvilket garanterer et p\u00e6nt udseende selv efter mange vask. Den er egnet til industriel vask.\n\n- 65% polyester, 35% bomuld\n- 5 trykknapper\n- Brystlomme til penne\n- Korte \u00e6rmer\n- Regular sk\u00e6r","pl":"Ta kurtka kuchenna z kr\u00f3tkimi r\u0119kawami zosta\u0142a zaprojektowana, aby spe\u0142nia\u0107 wymagania profesjonalist\u00f3w w bran\u017cy gastronomicznej. Ofers komfort dzi\u0119ki regularnej kroi i szwom Vienna na tylnej stronie. Kurtka jest wykonana z wysokiej jako\u015bci 65% poliestru i 35% przerobionej bawe\u0142ny, zapewniaj\u0105c zwi\u0119kszon\u0105 trwa\u0142o\u015b\u0107 i \u0142atwe utrzymanie. Jest wyposa\u017cona w rz\u0105d 5 guzik\u00f3w z guzikami z zapink\u0105 do wygodnego i bezpiecznego zamykania. Kiesze\u0144 na klatce z dzia\u0142em na d\u0142ugopisy pozwala na przechowywanie narz\u0119dzi pisarskich w zasi\u0119gu r\u0119ki. Kolor kurtki jest odporny na pranie, co zapewnia elegancki wygl\u0105d nawet po wielu cyklach prania. Nadaje si\u0119 do prania przemys\u0142owego.\n\n- 65% poliestru, 35% bawe\u0142ny\n- 5 guzik\u00f3w z zapink\u0105\n- Kiesze\u0144 na klatce d\u0142ugopisy\n- Kr\u00f3tkie r\u0119kawy\n- Regularna krojem"},"h1":{"fr":"Chef jacket gustav short sleeve jm15","en":"Chef jacket gustav short sleeve jm15","de":"Chefjacke Gustav kurz\u00e4rmelig jm15","nl":"Koksjas kort mouw jm15","es":"Chaqueta de chef gustav manga corta jm15","it":"Giacca da chef gustav maniche corte jm15","sv":"Chef jacka gustav kort\u00e4rmad jm15","pt":"Jaqueta de chef gustav manga curta jm15","da":"Kokkeskjole Gustav korte \u00e6rmer jm15","pl":"Kurtka szefa gustav kr\u00f3tkie r\u0119kawy jm15"},"meta_description":{"fr":"Veste de cuisine manches courtes 65% polyester, 35% coton. Coupe regular, 5 boutons pression, poche poitrine. Id\u00e9al pour professionnels.","en":"Short-sleeved kitchen jacket 65% polyester, 35% cotton. Regular fit, 5 snap buttons, chest pocket. Ideal for professionals.","de":"Kurz\u00e4rmelige K\u00fcchenjacke 65% Polyester, 35% Baumwolle. Regul\u00e4rer Schnitt, 5 Druckkn\u00f6pfe, Brusttasche. Ideal f\u00fcr Profis.","nl":"Kokskostuum met korte mouwen 65% polyester, 35% katoen. Reguliere pasvorm, 5 knoopsluitingen, borstzak. Ideaal voor professionals.","es":"Chaqueta de cocina mangas cortas 65% poli\u00e9ster, 35% algod\u00f3n. Corte regular, 5 botones de presi\u00f3n, bolsillo de pecho. Ideal para profesionales.","it":"Giacca da cucina maniche corte 65% poliestere, 35% cotone. Taglia regular, 5 bottoni pressione, tasca petto. Ideale per professionisti.","sv":"Kokskjorta med korta \u00e4rmar 65% polyester, 35% bomull. Regular passform, 5 knappsp\u00e5rar, br\u00f6stficka. Idealisk f\u00f6r professionella.","pt":"Jaqueta de cozinha manga curta 65% poli\u00e9ster, 35% algod\u00e3o. Corte regular, 5 bot\u00f5es de press\u00e3o, bolso no peito. Ideal para profissionais.","da":"Kort\u00e6rmet kokkeskjorte 65% polyester, 35% bomuld. Regular sk\u00e6r, 5 trykknapper, brystlomme. Ideel til professionelle.","pl":"Kuchennia kurtka kr\u00f3tkie r\u0119kawy 65% poliestru, 35% bawe\u0142ny. Regularna krojem, 5 guziki, kiesze\u0144 na klatce. Idealny dla profesjonalist\u00f3w."}},"custom":{"title":{"fr":"Chef jacket gustav short sleeve KARLOWSKY jm15 personnalisable","en":"Gustav short sleeve chef jacket KARLOWSKY jm15 customizable","de":"Chefjacke Gustav kurz\u00e4rmelig KARLOWSKY jm15 personalisierbar","nl":"Chefjacket Gustav korte mouw KARLOWSKY jm15 persoonlijk te maken","es":"Vestido de chef Gustav manga corta KARLOWSKY jm15 personalizable","it":"Giacca da chef Gustav maniche corte KARLOWSKY jm15 personalizzabile","sv":"Kockjacka Gustav kort\u00e4rmad KARLOWSKY jm15 personliggjord","pt":"Jaqueta de chef gustav manga curta KARLOWSKY jm15 personaliz\u00e1vel","da":"Chef jakke gustav korte \u00e6rmer KARLOWSKY jm15 personaliserbar","pl":"Kurtka szefa gustav na kr\u00f3tkie r\u0119kawy KARLOWSKY jm15 do personalizacji"},"description":{"fr":"La veste de cuisine Gustav \u00e0 manches courtes est con\u00e7ue en 65% polyester et 35% coton pr\u00e9r\u00e9tr\u00e9ci de grande qualit\u00e9. Elle offre une coupe regular avec des coutures Vienna \u00e0 l'arri\u00e8re pour un confort optimal. Une rang\u00e9e de 5 boutons avec boutons-pression assure une fermeture facile et s\u00e9curis\u00e9e. Une poche poitrine avec compartiment pour stylos \u00e0 plume permet de garder les outils essentiels \u00e0 port\u00e9e de main. Cette veste est r\u00e9sistante et facile d'entretien, adapt\u00e9e aux lavages industriels. Elle est personnalisable, permettant l'ajout de votre logo ou de vos \u00e9l\u00e9ments graphiques.\n\n- 65% polyester, 35% coton pr\u00e9r\u00e9tr\u00e9ci\n- Boutons-pression, 5 boutons\n- Poche poitrine pour stylos\n- Manches courtes\n- Coupe regular, coutures Vienna","en":"The Gustav short-sleeve chef jacket is made of high-quality 65% polyester and 35% pre-shrunk cotton. It features a regular fit with Vienna stitching at the back for optimal comfort. A row of 5 buttons with snap fasteners ensures easy and secure closure. A chest pocket with a pen compartment keeps essential tools within reach. This jacket is durable and easy to maintain, suitable for industrial washing. It is customizable, allowing the addition of your logo or graphic elements.  Boutons-pression, 5 buttons  Chest pocket for pens  Short sleeves  Regular fit, Vienna stitching","de":"Die kurz\u00e4rmelige Gustav K\u00fcchenjacke ist aus hochwertigem, vorbehandeltem Polyester und Baumwolle gefertigt. Sie bietet einen regul\u00e4ren Schnitt mit Wiener N\u00e4hten am R\u00fccken f\u00fcr optimalen Komfort. Eine Reihe von 5 Druckkn\u00f6pfen sorgt f\u00fcr eine einfache und sichere Verschluss. Eine Brusttasche mit einem Fach f\u00fcr F\u00fcllfederhalter h\u00e4lt die wichtigsten Werkzeuge griffbereit. Diese Jacke ist robust und pflegeleicht, geeignet f\u00fcr industrielle W\u00e4schen. Sie ist personalisierbar, sodass Sie Ihr Logo oder grafische Elemente hinzuf\u00fcgen k\u00f6nnen.","nl":"De korte mouw keukenjacket Gustav is gemaakt van hoogwaardige 65% polyester en 35% voorverkrompen katoen. Het biedt een reguliere pasvorm met Vienna naden op de rug voor optimaal comfort. Een rij van 5 knopen met drukknopen zorgt voor een eenvoudige en veilige sluiting. Een borstzak met compartiment voor vulpennen houdt essenti\u00eble gereedschappen binnen handbereik. Deze jacket is sterk en gemakkelijk te onderhouden, geschikt voor industri\u00eble wasbeurten. Het is persoonlijk te maken, waardoor u uw logo of grafische elementen kunt toevoegen.\n\n- 5 knopen met drukknopen\n- Borstzak voor vulpennen\n- Korte mouwen\n- Reguliere pasvorm, Vienna naden","es":"El vestido de cocina Gustav de manga corta est\u00e1 dise\u00f1ado en un 65% de poli\u00e9ster y un 35% de algod\u00f3n prensado de alta calidad. Ofrece un corte regular con costuras Viena en la espalda para un confort \u00f3ptimo. Una fila de 5 botones con botones de presi\u00f3n asegura un cierre f\u00e1cil y seguro. Un bolsillo en el pecho con compartimento para plumas permite mantener las herramientas esenciales a mano. Este vestido es resistente y f\u00e1cil de mantener, adaptado a los lavados industriales. Es personalizable, permitiendo agregar su logo o sus elementos gr\u00e1ficos.\n\n- 65% poli\u00e9ster, 35% algod\u00f3n prensado\n- Botones de presi\u00f3n, 5 botones\n- Bolsillo en el pecho para plumas\n- Mangas cortas\n- Corte regular, costuras Viena","it":"La giacca da cucina Gustav a maniche corte \u00e8 realizzata in poliestere e cotone prerestringato di alta qualit\u00e0. Offre una taglia regolare con cuciture Vienna sul retro per un comfort ottimale. Una fila di 5 bottoni con bottoni a pressione assicura una chiusura facile e sicura. Una tasca sul petto con scomparto per penne a sfera permette di tenere a portata di mano gli strumenti essenziali. Questa giacca \u00e8 resistente e facile da mantenere, adatta ai lavaggi industriali. \u00c8 personalizzabile, permettendo l'aggiunta del proprio logo o degli elementi grafici.","sv":"Kockjackan Gustav med korta \u00e4rmar \u00e4r tillverkad av 65% polyester och 35% f\u00f6rskrynkad bomull av h\u00f6g kvalitet. Den erbjuder en regular passform med Wien-s\u00f6mmar bak f\u00f6r optimal komfort. En rad med 5 knappar med knappf\u00e4sten s\u00e4kerst\u00e4ller en l\u00e4tt och s\u00e4ker st\u00e4ngning. En br\u00f6stficka med fack f\u00f6r pennor g\u00f6r att du kan ha dina essentiella verktyg till hands. Denna jacka \u00e4r h\u00e5llbar och l\u00e4tt att underh\u00e5lla, l\u00e4mplig f\u00f6r industriella tv\u00e4ttar. Den kan personligg\u00f6ras, vilket g\u00f6r att du kan l\u00e4gga till ditt logotyp eller dina grafiska element.","pt":"A jaqueta de cozinha Gustav de manga curta \u00e9 feita de poli\u00e9ster e algod\u00e3o pr\u00e9-encolhido de alta qualidade. Ela oferece um corte regular com costuras Viena nas costas para um conforto \u00f3timo. Uma fileira de 5 bot\u00f5es com fechos press\u00e3o garante um fechamento f\u00e1cil e seguro. Um bolso no peito com compartimento para canetas permite manter as ferramentas essenciais ao alcance da m\u00e3o. Esta jaqueta \u00e9 resistente e f\u00e1cil de cuidar, adequada para lavagens industriais. Ela \u00e9 personaliz\u00e1vel, permitindo a adi\u00e7\u00e3o do seu logotipo ou dos seus elementos gr\u00e1ficos.","da":"K\u00f8kkendragten Gustav med korte \u00e6rmer er lavet af 65% polyester og 35% pr\u00e6krympet bomuld af h\u00f8j kvalitet. Den tilbyder en regular sk\u00e6ring med Vienna s\u00f8mme bagp\u00e5 for optimal komfort. En r\u00e6kke p\u00e5 5 knapper med trykknapper sikrer en nem og sikker lukning. En brystlomme med afdeling til fjerpenne g\u00f8r det nemt at holde de vigtigste v\u00e6rkt\u00f8jer t\u00e6t p\u00e5 h\u00e5nden. Denne dragt er holdbar og nem at vedligeholde, egnet til industrielle vasker. Den er personaliserbar, hvilket g\u00f8r det muligt at tilf\u00f8je dit logo eller dine grafiske elementer.\n\n- Boutons-pression, 5 boutons\n- Brystlomme til penne\n- Korte \u00e6rmer\n- Regular sk\u00e6ring, Vienna s\u00f8mme","pl":"Kurtka kucharska Gustav na kr\u00f3tkie r\u0119kawy wykonana jest z 65% poliestru i 35% bawe\u0142ny przerobionej. Ofersuje regularny kroi z szwami Vienna na tylnej cz\u0119\u015bci dla optymalnego komfortu. Rz\u0105d 5 guzik\u00f3w z zapi\u0119ciami zapewnia \u0142atwe i bezpieczne zamkni\u0119cie. Jedna kiesze\u0144 na piersi z kom\u00f3rk\u0105 na pi\u00f3ra pozwala trzyma\u0107 niezb\u0119dne narz\u0119dzia w zasi\u0119gu r\u0119ki. Ta kurtka jest odporna i \u0142atwa w utrzymaniu, nadaje si\u0119 do przemys\u0142owych pralek. Jest personalizowalna, co pozwala na dodanie swojego loga lub element\u00f3w graficznych.\n\n- 65% poliestru, 35% bawe\u0142ny przerobionej\n- Zapi\u0119cia, 5 guzik\u00f3w\n- Kiesze\u0144 na piersi na pi\u00f3ra\n- Kr\u00f3tkie r\u0119kawy\n- Kr\u00f3j regularny, szwy Vienna"},"h1":{"fr":"Chef jacket gustav short sleeve jm15 personnalisation","en":"Gustav short sleeve chef jacket jm15 customization","de":"Chefjacke Gustav kurz\u00e4rmelig jm15 Personalisierung","nl":"Chefjacket Gustav korte mouw jm15 persoonlijk maken","es":"Vestido de chef Gustav manga corta jm15 personalizaci\u00f3n","it":"Giacca da chef Gustav maniche corte jm15 personalizzazione","sv":"Kockjacka Gustav kort\u00e4rmad jm15 personligg\u00f6ring","pt":"Jaqueta de chef gustav manga curta jm15 personaliza\u00e7\u00e3o","da":"Chef jakke gustav korte \u00e6rmer jm15 personalisering","pl":"Kurtka szefa gustav na kr\u00f3tkie r\u0119kawy jm15 personalizacja"},"meta_description":{"fr":"Veste de cuisine courte KARLOWSKY jm15 en polyester et coton. Coupe regular, id\u00e9ale pour les professionnels. Possibilit\u00e9 de personnalisation.","en":"KARLOWSKY jm15 short-sleeve chef jacket in polyester and cotton. Regular fit, ideal for professionals. Customization possible.","de":"Kurze K\u00fcchenjacke KARLOWSKY jm15 aus Polyester und Baumwolle. Regul\u00e4rer Schnitt, ideal f\u00fcr Profis. M\u00f6glichkeit zur Personalisierung.","nl":"Korte keukenjacket KARLOWSKY jm15 van polyester en katoen. Reguliere pasvorm, ideaal voor professionals. Mogelijkheid tot persoonlijk maken.","es":"Vestido de cocina corto KARLOWSKY jm15 en poli\u00e9ster y algod\u00f3n. Corte regular, ideal para profesionales. Posibilidad de personalizaci\u00f3n.","it":"Giacca da cucina corta KARLOWSKY jm15 in poliestere e cotone. Taglia regolare, ideale per i professionisti. Possibilit\u00e0 di personalizzazione.","sv":"Kort kockjacka KARLOWSKY jm15 i polyester och bomull. Regular passform, idealisk f\u00f6r professionella. M\u00f6jlighet till personligg\u00f6ring.","pt":"Jaqueta de cozinha curta KARLOWSKY jm15 em poli\u00e9ster e algod\u00e3o. Corte regular, ideal para profissionais. Possibilidade de personaliza\u00e7\u00e3o.","da":"Kort k\u00f8kkendragt KARLOWSKY jm15 i polyester og bomuld. Regular sk\u00e6ring, ideel for professionelle. Mulighed for personalisering.","pl":"Kr\u00f3tka kurtka kucharska KARLOWSKY jm15 z poliestru i bawe\u0142ny. Kr\u00f3j regularny, idealny dla profesjonalist\u00f3w. Mo\u017cliwo\u015b\u0107 personalizacji."}}},"categories":[{"id":535,"name":"Vestes de cuisine","singular":"Veste de cuisine","is_feminin":true},{"id":562,"name":"Restauration et H\u00f4tellerie","singular":"Restauration et H\u00f4tellerie","is_feminin":false},{"id":13,"name":"Vestes et manteaux","singular":"Veste et manteau","is_feminin":true},{"id":559,"name":"Univers","singular":"Univers","is_feminin":false},{"id":354,"name":"Textile","singular":"Textile","is_feminin":false}],"certifications":[{"id":1,"label":"OEKO-TEX 100","logo_link":"\/images\/certifications\/1_OEKO-TEX_100.jpg","is_marking_compatible":false}],"videos":{"fr":[],"en":[],"de":[],"nl":[],"es":[],"it":[],"sv":[],"pt":[],"da":[],"pl":[]},"main_images":{"miniature":"https:\/\/media.th4.com\/V7qivaBmcc418KtI5lDqcI2t_kwyX6jFD79FKmr0oJk\/pr:80\/aHR0cDovL21lZGlhMi5kZXNpZ25wYXJ0bmVyLmZyL2MvcC1ibGFuay1USC83MTMxLndlYnA?v=1764073155","medium":"https:\/\/media.th4.com\/MfqUMNcWbP1A7bXrWSW5sm0dHFhIjpopFU8bzR92EZ0\/pr:550x550greybg\/aHR0cDovL21lZGlhMi5kZXNpZ25wYXJ0bmVyLmZyL2MvcC1ibGFuay1USC83MTMxLndlYnA?v=1764073155","medium_large":"https:\/\/media.th4.com\/3SGMqGg-n2_4-AGaVcbtxfBRMeTxalamSbGVxDQHy90\/pr:1000x1000greybg\/aHR0cDovL21lZGlhMi5kZXNpZ25wYXJ0bmVyLmZyL2MvcC1ibGFuay1USC83MTMxLndlYnA?v=1764073155","large":"https:\/\/media.th4.com\/NRMLaOWoK6hlABQx4DQam6AHF1371fb7_D0pxHztrPI\/pr:1920greybg\/aHR0cDovL21lZGlhMi5kZXNpZ25wYXJ0bmVyLmZyL2MvcC1ibGFuay1USC83MTMxLndlYnA?v=1764073155","opengraph":"https:\/\/media.th4.com\/F-KR9Star6VE4WSjjBAslA_tRVdtxq2lBaHCb-nKvm0\/pr:1200x630greybg\/aHR0cDovL21lZGlhMi5kZXNpZ25wYXJ0bmVyLmZyL2MvcC1ibGFuay1USC83MTMxLndlYnA?v=1764073155"},"main_images_customization":{"miniature":"https:\/\/media.th4.com\/xfcrn0ZYKOz-Tzqn03l6bGnKmSw5NvPzA5A6yBBSuA0\/pr:80\/aHR0cDovL21lZGlhMi5kZXNpZ25wYXJ0bmVyLmZyL2MvcC1jdXN0b20tVEgvNzEzMS53ZWJw?v=1764073237","medium":"https:\/\/media.th4.com\/_pq9e4BZLuA48NtVIOA5fswAboHIGLnioudzp7CO9vw\/pr:550x550greybg\/aHR0cDovL21lZGlhMi5kZXNpZ25wYXJ0bmVyLmZyL2MvcC1jdXN0b20tVEgvNzEzMS53ZWJw?v=1764073237","medium_large":"https:\/\/media.th4.com\/2nnRSK1dbf2Mz5FYvyQyK2abkKpZHQeFHtcJVyLbAD4\/pr:1000x1000greybg\/aHR0cDovL21lZGlhMi5kZXNpZ25wYXJ0bmVyLmZyL2MvcC1jdXN0b20tVEgvNzEzMS53ZWJw?v=1764073237","large":"https:\/\/media.th4.com\/WE2UViSg-ArP1KMQnX3DE7J3EbcgF1ATYliCVs0fmYM\/pr:1920greybg\/aHR0cDovL21lZGlhMi5kZXNpZ25wYXJ0bmVyLmZyL2MvcC1jdXN0b20tVEgvNzEzMS53ZWJw?v=1764073237","opengraph":"https:\/\/media.th4.com\/Pm54tZq-syaVI8EBcnj4Ydaj6BkrhG0vEpfllK1jdKg\/pr:1200x630greybg\/aHR0cDovL21lZGlhMi5kZXNpZ25wYXJ0bmVyLmZyL2MvcC1jdXN0b20tVEgvNzEzMS53ZWJw?v=1764073237"},"page_links":{"fr":"\/fr\/p-ka-jm15-chef-jacket-gustav-short-sleeve-jm15-7131\/","en":"\/en\/p-ka-jm15-chef-jacket-gustav-short-sleeve-jm15-7131\/","de":"\/de\/p-ka-jm15-chefjacke-gustav-kurzarmelig-jm15-7131\/","nl":"\/nl\/p-ka-jm15-koksjas-kort-mouw-jm15-7131\/","es":"\/es\/p-ka-jm15-chaqueta-de-chef-gustav-manga-corta-jm15-7131\/","it":"\/it\/p-ka-jm15-giacca-da-chef-gustav-maniche-corte-jm15-7131\/","sv":"\/sv\/p-ka-jm15-chef-jacka-gustav-kortarmad-jm15-7131\/","pt":"\/pt\/p-ka-jm15-jaqueta-de-chef-gustav-manga-curta-jm15-7131\/","da":"\/da\/p-ka-jm15-kokkeskjole-gustav-korte-aermer-jm15-7131\/","pl":"\/pl\/p-ka-jm15-kurtka-szefa-gustav-krotkie-rekawy-jm15-7131\/"},"page_links_customization":{"fr":"\/fr\/p-ka-jm15-chef-jacket-gustav-short-sleeve-jm15-personnalisation-7131\/custom\/","en":"\/en\/p-ka-jm15-gustav-short-sleeve-chef-jacket-jm15-customization-7131\/custom\/","de":"\/de\/p-ka-jm15-chefjacke-gustav-kurzarmelig-jm15-personalisierung-7131\/custom\/","nl":"\/nl\/p-ka-jm15-chefjacket-gustav-korte-mouw-jm15-persoonlijk-maken-7131\/custom\/","es":"\/es\/p-ka-jm15-vestido-de-chef-gustav-manga-corta-jm15-personalizacion-7131\/custom\/","it":"\/it\/p-ka-jm15-giacca-da-chef-gustav-maniche-corte-jm15-personalizzazione-7131\/custom\/","sv":"\/sv\/p-ka-jm15-kockjacka-gustav-kortarmad-jm15-personliggoring-7131\/custom\/","pt":"\/pt\/p-ka-jm15-jaqueta-de-chef-gustav-manga-curta-jm15-personalizacao-7131\/custom\/","da":"\/da\/p-ka-jm15-chef-jakke-gustav-korte-aermer-jm15-personalisering-7131\/custom\/","pl":"\/pl\/p-ka-jm15-kurtka-szefa-gustav-na-krotkie-rekawy-jm15-personalizacja-7131\/custom\/"},"equivalent_products":[],"colors":[{"id":10044,"name":"black","class_ids":[4],"codes_hexa":["000000"],"delai_24":false,"has_3d":false,"seuil_global":0,"stock_local":0,"stock_global":569,"on_standby":false,"in_catalog":true,"images":{"miniature":["https:\/\/media.th4.com\/s3FFQjUbgNm96ZRscFEGSeTHGJhJxH3dLBOhxgoDQp8\/pr:80\/aHR0cDovL21lZGlhMi5kZXNpZ25wYXJ0bmVyLmZyL2MvcC83MTMxLzcxMzEtMTAwNDQtMS53ZWJw?v=1764072490","https:\/\/media.th4.com\/7u6Ep3XNepQbtNTW2pqjfP1-VpP-fvRJWStjv1laiJw\/pr:80\/aHR0cDovL21lZGlhMi5kZXNpZ25wYXJ0bmVyLmZyL2MvcC83MTMxLzcxMzEtMTAwNDQtMi53ZWJw?v=1764072491","https:\/\/media.th4.com\/kjhsLIA6ngFOnHK7mxszapW8RjUYIcwpAKl2DlzBTGk\/pr:80\/aHR0cDovL21lZGlhMi5kZXNpZ25wYXJ0bmVyLmZyL2MvcC83MTMxLzcxMzEtMTAwNDQtMy53ZWJw?v=1764072492","https:\/\/media.th4.com\/cy4WK8J_odNV0ylXkh8_iJ1vlehoa94Oeu2P68PeNe0\/pr:80\/aHR0cDovL21lZGlhMi5kZXNpZ25wYXJ0bmVyLmZyL2MvcC83MTMxLzcxMzEtMTAwNDQtNC53ZWJw?v=1764072493"],"medium":["https:\/\/media.th4.com\/3nSe0YEIecxEwVlRCc21EE0UsemGX_Hr1u1AcFiytBY\/pr:550x550\/aHR0cDovL21lZGlhMi5kZXNpZ25wYXJ0bmVyLmZyL2MvcC83MTMxLzcxMzEtMTAwNDQtMS53ZWJw?v=1764072490","https:\/\/media.th4.com\/Ynvjk_NxQD-rGIIHffNhNLpSKK-SQWHTusRIXeP4SMg\/pr:550x550\/aHR0cDovL21lZGlhMi5kZXNpZ25wYXJ0bmVyLmZyL2MvcC83MTMxLzcxMzEtMTAwNDQtMi53ZWJw?v=1764072491","https:\/\/media.th4.com\/S16ZrrW-u5lCgFnVYYDVInHeHT2cd3_yb0KY5b3HU5U\/pr:550x550\/aHR0cDovL21lZGlhMi5kZXNpZ25wYXJ0bmVyLmZyL2MvcC83MTMxLzcxMzEtMTAwNDQtMy53ZWJw?v=1764072492","https:\/\/media.th4.com\/G-bT3tGuj0gzydnF-fp0BVCrGUKogHGJPuoPP_h03FY\/pr:550x550\/aHR0cDovL21lZGlhMi5kZXNpZ25wYXJ0bmVyLmZyL2MvcC83MTMxLzcxMzEtMTAwNDQtNC53ZWJw?v=1764072493"],"medium_large":["https:\/\/media.th4.com\/0EEGWqkUjz4t9PIrLBUpVgv00A-SqERyL8ycEK34nzE\/pr:1000x1000\/aHR0cDovL21lZGlhMi5kZXNpZ25wYXJ0bmVyLmZyL2MvcC83MTMxLzcxMzEtMTAwNDQtMS53ZWJw?v=1764072490","https:\/\/media.th4.com\/QiWtklNEN7VoP3D5qPcv_C_4Ip5Th0AbBe3v6ipRdo4\/pr:1000x1000\/aHR0cDovL21lZGlhMi5kZXNpZ25wYXJ0bmVyLmZyL2MvcC83MTMxLzcxMzEtMTAwNDQtMi53ZWJw?v=1764072491","https:\/\/media.th4.com\/mMiVduCW20pBF_F55wMGPCpBgbUf0-lMpjY9eU_E4Lo\/pr:1000x1000\/aHR0cDovL21lZGlhMi5kZXNpZ25wYXJ0bmVyLmZyL2MvcC83MTMxLzcxMzEtMTAwNDQtMy53ZWJw?v=1764072492","https:\/\/media.th4.com\/mIOJ9TYyM3lTtXWP4oZhLEtkas2sl0ZDorLl2qEW0ac\/pr:1000x1000\/aHR0cDovL21lZGlhMi5kZXNpZ25wYXJ0bmVyLmZyL2MvcC83MTMxLzcxMzEtMTAwNDQtNC53ZWJw?v=1764072493"],"large":["https:\/\/media.th4.com\/H2A9E48tp2ZQ7H5Z2U9iXXHq8q_S3OdEHNuOijvV8Yk\/pr:1920\/aHR0cDovL21lZGlhMi5kZXNpZ25wYXJ0bmVyLmZyL2MvcC83MTMxLzcxMzEtMTAwNDQtMS53ZWJw?v=1764072490","https:\/\/media.th4.com\/r8Qu5uGj2XDInr2k0wNt1N_q0g-rpmgSdmPOX-13It8\/pr:1920\/aHR0cDovL21lZGlhMi5kZXNpZ25wYXJ0bmVyLmZyL2MvcC83MTMxLzcxMzEtMTAwNDQtMi53ZWJw?v=1764072491","https:\/\/media.th4.com\/X9qpE46KoW78FSZtkYhgbeC8e8l7Sj5ytcVr2VoEzsI\/pr:1920\/aHR0cDovL21lZGlhMi5kZXNpZ25wYXJ0bmVyLmZyL2MvcC83MTMxLzcxMzEtMTAwNDQtMy53ZWJw?v=1764072492","https:\/\/media.th4.com\/QoqlfQI8x50tnvAzxRT93Red6eQzDQ2TvSVDhGoT__k\/pr:1920\/aHR0cDovL21lZGlhMi5kZXNpZ25wYXJ0bmVyLmZyL2MvcC83MTMxLzcxMzEtMTAwNDQtNC53ZWJw?v=1764072493"],"opengraph":["https:\/\/media.th4.com\/YIAKE6yD8OP12Oumv-_261KD50_2mdI8ohsXJmuPNh0\/pr:1200x630\/aHR0cDovL21lZGlhMi5kZXNpZ25wYXJ0bmVyLmZyL2MvcC83MTMxLzcxMzEtMTAwNDQtMS53ZWJw?v=1764072490","https:\/\/media.th4.com\/YQr7j7hZd9V7xSl_RhR7SZjQYBaoPbSH_LsYvSulBUo\/pr:1200x630\/aHR0cDovL21lZGlhMi5kZXNpZ25wYXJ0bmVyLmZyL2MvcC83MTMxLzcxMzEtMTAwNDQtMi53ZWJw?v=1764072491","https:\/\/media.th4.com\/PnknaWOUgH918p3a_PW_Zl1JtH2Ki4YNy5SN0VeMu7g\/pr:1200x630\/aHR0cDovL21lZGlhMi5kZXNpZ25wYXJ0bmVyLmZyL2MvcC83MTMxLzcxMzEtMTAwNDQtMy53ZWJw?v=1764072492","https:\/\/media.th4.com\/UWM9aaOkXPBFWfewX3iJhadGwo7yeAsRJLRm4lYDORY\/pr:1200x630\/aHR0cDovL21lZGlhMi5kZXNpZ25wYXJ0bmVyLmZyL2MvcC83MTMxLzcxMzEtMTAwNDQtNC53ZWJw?v=1764072493"]},"images_customization":{"miniature":["https:\/\/media.th4.com\/s3FFQjUbgNm96ZRscFEGSeTHGJhJxH3dLBOhxgoDQp8\/pr:80\/aHR0cDovL21lZGlhMi5kZXNpZ25wYXJ0bmVyLmZyL2MvcC83MTMxLzcxMzEtMTAwNDQtMS53ZWJw?v=1764072490","https:\/\/media.th4.com\/7u6Ep3XNepQbtNTW2pqjfP1-VpP-fvRJWStjv1laiJw\/pr:80\/aHR0cDovL21lZGlhMi5kZXNpZ25wYXJ0bmVyLmZyL2MvcC83MTMxLzcxMzEtMTAwNDQtMi53ZWJw?v=1764072491","https:\/\/media.th4.com\/kjhsLIA6ngFOnHK7mxszapW8RjUYIcwpAKl2DlzBTGk\/pr:80\/aHR0cDovL21lZGlhMi5kZXNpZ25wYXJ0bmVyLmZyL2MvcC83MTMxLzcxMzEtMTAwNDQtMy53ZWJw?v=1764072492","https:\/\/media.th4.com\/cy4WK8J_odNV0ylXkh8_iJ1vlehoa94Oeu2P68PeNe0\/pr:80\/aHR0cDovL21lZGlhMi5kZXNpZ25wYXJ0bmVyLmZyL2MvcC83MTMxLzcxMzEtMTAwNDQtNC53ZWJw?v=1764072493"],"medium":["https:\/\/media.th4.com\/3nSe0YEIecxEwVlRCc21EE0UsemGX_Hr1u1AcFiytBY\/pr:550x550\/aHR0cDovL21lZGlhMi5kZXNpZ25wYXJ0bmVyLmZyL2MvcC83MTMxLzcxMzEtMTAwNDQtMS53ZWJw?v=1764072490","https:\/\/media.th4.com\/Ynvjk_NxQD-rGIIHffNhNLpSKK-SQWHTusRIXeP4SMg\/pr:550x550\/aHR0cDovL21lZGlhMi5kZXNpZ25wYXJ0bmVyLmZyL2MvcC83MTMxLzcxMzEtMTAwNDQtMi53ZWJw?v=1764072491","https:\/\/media.th4.com\/S16ZrrW-u5lCgFnVYYDVInHeHT2cd3_yb0KY5b3HU5U\/pr:550x550\/aHR0cDovL21lZGlhMi5kZXNpZ25wYXJ0bmVyLmZyL2MvcC83MTMxLzcxMzEtMTAwNDQtMy53ZWJw?v=1764072492","https:\/\/media.th4.com\/G-bT3tGuj0gzydnF-fp0BVCrGUKogHGJPuoPP_h03FY\/pr:550x550\/aHR0cDovL21lZGlhMi5kZXNpZ25wYXJ0bmVyLmZyL2MvcC83MTMxLzcxMzEtMTAwNDQtNC53ZWJw?v=1764072493"],"medium_large":["https:\/\/media.th4.com\/0EEGWqkUjz4t9PIrLBUpVgv00A-SqERyL8ycEK34nzE\/pr:1000x1000\/aHR0cDovL21lZGlhMi5kZXNpZ25wYXJ0bmVyLmZyL2MvcC83MTMxLzcxMzEtMTAwNDQtMS53ZWJw?v=1764072490","https:\/\/media.th4.com\/QiWtklNEN7VoP3D5qPcv_C_4Ip5Th0AbBe3v6ipRdo4\/pr:1000x1000\/aHR0cDovL21lZGlhMi5kZXNpZ25wYXJ0bmVyLmZyL2MvcC83MTMxLzcxMzEtMTAwNDQtMi53ZWJw?v=1764072491","https:\/\/media.th4.com\/mMiVduCW20pBF_F55wMGPCpBgbUf0-lMpjY9eU_E4Lo\/pr:1000x1000\/aHR0cDovL21lZGlhMi5kZXNpZ25wYXJ0bmVyLmZyL2MvcC83MTMxLzcxMzEtMTAwNDQtMy53ZWJw?v=1764072492","https:\/\/media.th4.com\/mIOJ9TYyM3lTtXWP4oZhLEtkas2sl0ZDorLl2qEW0ac\/pr:1000x1000\/aHR0cDovL21lZGlhMi5kZXNpZ25wYXJ0bmVyLmZyL2MvcC83MTMxLzcxMzEtMTAwNDQtNC53ZWJw?v=1764072493"],"large":["https:\/\/media.th4.com\/H2A9E48tp2ZQ7H5Z2U9iXXHq8q_S3OdEHNuOijvV8Yk\/pr:1920\/aHR0cDovL21lZGlhMi5kZXNpZ25wYXJ0bmVyLmZyL2MvcC83MTMxLzcxMzEtMTAwNDQtMS53ZWJw?v=1764072490","https:\/\/media.th4.com\/r8Qu5uGj2XDInr2k0wNt1N_q0g-rpmgSdmPOX-13It8\/pr:1920\/aHR0cDovL21lZGlhMi5kZXNpZ25wYXJ0bmVyLmZyL2MvcC83MTMxLzcxMzEtMTAwNDQtMi53ZWJw?v=1764072491","https:\/\/media.th4.com\/X9qpE46KoW78FSZtkYhgbeC8e8l7Sj5ytcVr2VoEzsI\/pr:1920\/aHR0cDovL21lZGlhMi5kZXNpZ25wYXJ0bmVyLmZyL2MvcC83MTMxLzcxMzEtMTAwNDQtMy53ZWJw?v=1764072492","https:\/\/media.th4.com\/QoqlfQI8x50tnvAzxRT93Red6eQzDQ2TvSVDhGoT__k\/pr:1920\/aHR0cDovL21lZGlhMi5kZXNpZ25wYXJ0bmVyLmZyL2MvcC83MTMxLzcxMzEtMTAwNDQtNC53ZWJw?v=1764072493"],"opengraph":["https:\/\/media.th4.com\/YIAKE6yD8OP12Oumv-_261KD50_2mdI8ohsXJmuPNh0\/pr:1200x630\/aHR0cDovL21lZGlhMi5kZXNpZ25wYXJ0bmVyLmZyL2MvcC83MTMxLzcxMzEtMTAwNDQtMS53ZWJw?v=1764072490","https:\/\/media.th4.com\/YQr7j7hZd9V7xSl_RhR7SZjQYBaoPbSH_LsYvSulBUo\/pr:1200x630\/aHR0cDovL21lZGlhMi5kZXNpZ25wYXJ0bmVyLmZyL2MvcC83MTMxLzcxMzEtMTAwNDQtMi53ZWJw?v=1764072491","https:\/\/media.th4.com\/PnknaWOUgH918p3a_PW_Zl1JtH2Ki4YNy5SN0VeMu7g\/pr:1200x630\/aHR0cDovL21lZGlhMi5kZXNpZ25wYXJ0bmVyLmZyL2MvcC83MTMxLzcxMzEtMTAwNDQtMy53ZWJw?v=1764072492","https:\/\/media.th4.com\/UWM9aaOkXPBFWfewX3iJhadGwo7yeAsRJLRm4lYDORY\/pr:1200x630\/aHR0cDovL21lZGlhMi5kZXNpZ25wYXJ0bmVyLmZyL2MvcC83MTMxLzcxMzEtMTAwNDQtNC53ZWJw?v=1764072493"]},"country_origin":"PK","traceability":{"manufacturing_country_id":92,"weaving_country_id":92,"dyeing_country_id":92},"sizes":[{"id":498,"article_id":525864,"class_id":0,"name":"64","on_standby":false,"stock_local":0,"stock_global":2,"multiple":1,"estimated_date_reassort":null,"is_destocking":false},{"id":499,"article_id":525865,"class_id":0,"name":"66","on_standby":false,"stock_local":0,"stock_global":37,"multiple":1,"estimated_date_reassort":null,"is_destocking":false},{"id":249,"article_id":525863,"class_id":0,"name":"44","on_standby":false,"stock_local":0,"stock_global":24,"multiple":1,"estimated_date_reassort":null,"is_destocking":false},{"id":243,"article_id":227873,"class_id":0,"name":"46","on_standby":false,"stock_local":0,"stock_global":57,"multiple":1,"estimated_date_reassort":null,"is_destocking":false},{"id":238,"article_id":227874,"class_id":0,"name":"48","on_standby":false,"stock_local":0,"stock_global":70,"multiple":1,"estimated_date_reassort":null,"is_destocking":false},{"id":244,"article_id":227875,"class_id":0,"name":"50","on_standby":false,"stock_local":0,"stock_global":45,"multiple":1,"estimated_date_reassort":null,"is_destocking":false},{"id":245,"article_id":227876,"class_id":0,"name":"52","on_standby":false,"stock_local":0,"stock_global":68,"multiple":1,"estimated_date_reassort":null,"is_destocking":false},{"id":246,"article_id":227877,"class_id":0,"name":"54","on_standby":false,"stock_local":0,"stock_global":68,"multiple":1,"estimated_date_reassort":null,"is_destocking":false},{"id":247,"article_id":227878,"class_id":0,"name":"56","on_standby":false,"stock_local":0,"stock_global":64,"multiple":1,"estimated_date_reassort":null,"is_destocking":false},{"id":248,"article_id":227879,"class_id":0,"name":"58","on_standby":false,"stock_local":0,"stock_global":59,"multiple":1,"estimated_date_reassort":null,"is_destocking":false},{"id":417,"article_id":227880,"class_id":0,"name":"60","on_standby":false,"stock_local":0,"stock_global":32,"multiple":1,"estimated_date_reassort":null,"is_destocking":false},{"id":418,"article_id":227881,"class_id":0,"name":"62","on_standby":false,"stock_local":0,"stock_global":43,"multiple":1,"estimated_date_reassort":null,"is_destocking":false}],"page_links":{"fr":"\/fr\/p-ka-jm15-chef-jacket-gustav-short-sleeve-jm15-7131\/black-10044\/","en":"\/en\/p-ka-jm15-chef-jacket-gustav-short-sleeve-jm15-7131\/black-10044\/","de":"\/de\/p-ka-jm15-chefjacke-gustav-kurzarmelig-jm15-7131\/black-10044\/","nl":"\/nl\/p-ka-jm15-koksjas-kort-mouw-jm15-7131\/black-10044\/","es":"\/es\/p-ka-jm15-chaqueta-de-chef-gustav-manga-corta-jm15-7131\/black-10044\/","it":"\/it\/p-ka-jm15-giacca-da-chef-gustav-maniche-corte-jm15-7131\/black-10044\/","sv":"\/sv\/p-ka-jm15-chef-jacka-gustav-kortarmad-jm15-7131\/black-10044\/","pt":"\/pt\/p-ka-jm15-jaqueta-de-chef-gustav-manga-curta-jm15-7131\/black-10044\/","da":"\/da\/p-ka-jm15-kokkeskjole-gustav-korte-aermer-jm15-7131\/black-10044\/","pl":"\/pl\/p-ka-jm15-kurtka-szefa-gustav-krotkie-rekawy-jm15-7131\/black-10044\/"},"page_links_customization":{"fr":"\/fr\/p-ka-jm15-chef-jacket-gustav-short-sleeve-jm15-personnalisation-7131\/black-10044\/custom\/","en":"\/en\/p-ka-jm15-gustav-short-sleeve-chef-jacket-jm15-customization-7131\/black-10044\/custom\/","de":"\/de\/p-ka-jm15-chefjacke-gustav-kurzarmelig-jm15-personalisierung-7131\/black-10044\/custom\/","nl":"\/nl\/p-ka-jm15-chefjacket-gustav-korte-mouw-jm15-persoonlijk-maken-7131\/black-10044\/custom\/","es":"\/es\/p-ka-jm15-vestido-de-chef-gustav-manga-corta-jm15-personalizacion-7131\/black-10044\/custom\/","it":"\/it\/p-ka-jm15-giacca-da-chef-gustav-maniche-corte-jm15-personalizzazione-7131\/black-10044\/custom\/","sv":"\/sv\/p-ka-jm15-kockjacka-gustav-kortarmad-jm15-personliggoring-7131\/black-10044\/custom\/","pt":"\/pt\/p-ka-jm15-jaqueta-de-chef-gustav-manga-curta-jm15-personalizacao-7131\/black-10044\/custom\/","da":"\/da\/p-ka-jm15-chef-jakke-gustav-korte-aermer-jm15-personalisering-7131\/black-10044\/custom\/","pl":"\/pl\/p-ka-jm15-kurtka-szefa-gustav-na-krotkie-rekawy-jm15-personalizacja-7131\/black-10044\/custom\/"}},{"id":10063,"name":"anthracite","class_ids":[3],"codes_hexa":["63686C"],"delai_24":false,"has_3d":false,"seuil_global":0,"stock_local":0,"stock_global":512,"on_standby":false,"in_catalog":true,"images":{"miniature":["https:\/\/media.th4.com\/bW9o0ttC5NhAXNc8A1aQhn5khaQVUr-nTgBHM07klkU\/pr:80\/aHR0cDovL21lZGlhMi5kZXNpZ25wYXJ0bmVyLmZyL2MvcC83MTMxLzcxMzEtMTAwNjMtMS53ZWJw?v=1764072485","https:\/\/media.th4.com\/SfQD_mdfjC6aXJlp0vkJj58MvO1P7FNIiVUwJs2XF2E\/pr:80\/aHR0cDovL21lZGlhMi5kZXNpZ25wYXJ0bmVyLmZyL2MvcC83MTMxLzcxMzEtMTAwNjMtMi53ZWJw?v=1764072487","https:\/\/media.th4.com\/sZkOHtQ027a4qKdm6WieMo9HMVMXcgMWiGRtYg54TV0\/pr:80\/aHR0cDovL21lZGlhMi5kZXNpZ25wYXJ0bmVyLmZyL2MvcC83MTMxLzcxMzEtMTAwNjMtMy53ZWJw?v=1764072488","https:\/\/media.th4.com\/CvBonNaeQzh3J3s-MfTT_fTmHVouD2CXy9-Eql78bks\/pr:80\/aHR0cDovL21lZGlhMi5kZXNpZ25wYXJ0bmVyLmZyL2MvcC83MTMxLzcxMzEtMTAwNjMtNC53ZWJw?v=1764072489"],"medium":["https:\/\/media.th4.com\/UeApCkuybLHQDQy4fwNctfsOvMIqblc3ONhq-Clnkos\/pr:550x550\/aHR0cDovL21lZGlhMi5kZXNpZ25wYXJ0bmVyLmZyL2MvcC83MTMxLzcxMzEtMTAwNjMtMS53ZWJw?v=1764072485","https:\/\/media.th4.com\/nmhujn6rw19rg34fLriF0Q2N22CBbzve0m1GY971_pI\/pr:550x550\/aHR0cDovL21lZGlhMi5kZXNpZ25wYXJ0bmVyLmZyL2MvcC83MTMxLzcxMzEtMTAwNjMtMi53ZWJw?v=1764072487","https:\/\/media.th4.com\/BMF2NoCCzP2Crm4gxtebYBBS9mVYgOW_ZSGDx8VngEk\/pr:550x550\/aHR0cDovL21lZGlhMi5kZXNpZ25wYXJ0bmVyLmZyL2MvcC83MTMxLzcxMzEtMTAwNjMtMy53ZWJw?v=1764072488","https:\/\/media.th4.com\/SnnhaxNM0dqzgOWNSDkq4dqXCyR5_tDpVo4fP1TQ1JI\/pr:550x550\/aHR0cDovL21lZGlhMi5kZXNpZ25wYXJ0bmVyLmZyL2MvcC83MTMxLzcxMzEtMTAwNjMtNC53ZWJw?v=1764072489"],"medium_large":["https:\/\/media.th4.com\/WvB3ae9sfTX0VmITcLlvDs28tZaNdL0x3y0K4us9TuU\/pr:1000x1000\/aHR0cDovL21lZGlhMi5kZXNpZ25wYXJ0bmVyLmZyL2MvcC83MTMxLzcxMzEtMTAwNjMtMS53ZWJw?v=1764072485","https:\/\/media.th4.com\/obbR9ix4Jp12k4tKGoAfQyVSpjEzRqpeaA7K0mE9iJc\/pr:1000x1000\/aHR0cDovL21lZGlhMi5kZXNpZ25wYXJ0bmVyLmZyL2MvcC83MTMxLzcxMzEtMTAwNjMtMi53ZWJw?v=1764072487","https:\/\/media.th4.com\/scgzO63fnUKHNiFpAJnc-uEMQR_TTLqN6cyqeohWMtE\/pr:1000x1000\/aHR0cDovL21lZGlhMi5kZXNpZ25wYXJ0bmVyLmZyL2MvcC83MTMxLzcxMzEtMTAwNjMtMy53ZWJw?v=1764072488","https:\/\/media.th4.com\/bGcBLiz2_H88xTdjZ1ZyYll3-K_SQFOLSXHiqQ8Ul1o\/pr:1000x1000\/aHR0cDovL21lZGlhMi5kZXNpZ25wYXJ0bmVyLmZyL2MvcC83MTMxLzcxMzEtMTAwNjMtNC53ZWJw?v=1764072489"],"large":["https:\/\/media.th4.com\/gFFYSHW5yzRqgBy4KeWjYpw9FNuxZEjqc3qX3YhJqZA\/pr:1920\/aHR0cDovL21lZGlhMi5kZXNpZ25wYXJ0bmVyLmZyL2MvcC83MTMxLzcxMzEtMTAwNjMtMS53ZWJw?v=1764072485","https:\/\/media.th4.com\/y-SCCOfNtnWCp1FsB-h6kIm5N7dGqWJOIMv4EEMCXqw\/pr:1920\/aHR0cDovL21lZGlhMi5kZXNpZ25wYXJ0bmVyLmZyL2MvcC83MTMxLzcxMzEtMTAwNjMtMi53ZWJw?v=1764072487","https:\/\/media.th4.com\/euNqfNwXwPeZo33F67cOTmJvkiN3P4hu2LGBahpy_W8\/pr:1920\/aHR0cDovL21lZGlhMi5kZXNpZ25wYXJ0bmVyLmZyL2MvcC83MTMxLzcxMzEtMTAwNjMtMy53ZWJw?v=1764072488","https:\/\/media.th4.com\/ntnPSmFlJAR94rzzxxFjttVYlptCtok9OwOIu1jNy8c\/pr:1920\/aHR0cDovL21lZGlhMi5kZXNpZ25wYXJ0bmVyLmZyL2MvcC83MTMxLzcxMzEtMTAwNjMtNC53ZWJw?v=1764072489"],"opengraph":["https:\/\/media.th4.com\/K_57dXAc5ftta8JnwVYGIF0QHZMJ8Stldn_ETUYmsz4\/pr:1200x630\/aHR0cDovL21lZGlhMi5kZXNpZ25wYXJ0bmVyLmZyL2MvcC83MTMxLzcxMzEtMTAwNjMtMS53ZWJw?v=1764072485","https:\/\/media.th4.com\/EnQGwcIJBQC6n3FhCQr5de8NLluGqHxkN-O37VhqZao\/pr:1200x630\/aHR0cDovL21lZGlhMi5kZXNpZ25wYXJ0bmVyLmZyL2MvcC83MTMxLzcxMzEtMTAwNjMtMi53ZWJw?v=1764072487","https:\/\/media.th4.com\/lXNs7jJXQNDwJavBmLnJBLIA0macul-UjC1VYWbR2kE\/pr:1200x630\/aHR0cDovL21lZGlhMi5kZXNpZ25wYXJ0bmVyLmZyL2MvcC83MTMxLzcxMzEtMTAwNjMtMy53ZWJw?v=1764072488","https:\/\/media.th4.com\/u4QuKIhRHKb7sQTbuN3WA4CZhR337k00IejxwsNxFXM\/pr:1200x630\/aHR0cDovL21lZGlhMi5kZXNpZ25wYXJ0bmVyLmZyL2MvcC83MTMxLzcxMzEtMTAwNjMtNC53ZWJw?v=1764072489"]},"images_customization":{"miniature":["https:\/\/media.th4.com\/bW9o0ttC5NhAXNc8A1aQhn5khaQVUr-nTgBHM07klkU\/pr:80\/aHR0cDovL21lZGlhMi5kZXNpZ25wYXJ0bmVyLmZyL2MvcC83MTMxLzcxMzEtMTAwNjMtMS53ZWJw?v=1764072485","https:\/\/media.th4.com\/SfQD_mdfjC6aXJlp0vkJj58MvO1P7FNIiVUwJs2XF2E\/pr:80\/aHR0cDovL21lZGlhMi5kZXNpZ25wYXJ0bmVyLmZyL2MvcC83MTMxLzcxMzEtMTAwNjMtMi53ZWJw?v=1764072487","https:\/\/media.th4.com\/sZkOHtQ027a4qKdm6WieMo9HMVMXcgMWiGRtYg54TV0\/pr:80\/aHR0cDovL21lZGlhMi5kZXNpZ25wYXJ0bmVyLmZyL2MvcC83MTMxLzcxMzEtMTAwNjMtMy53ZWJw?v=1764072488","https:\/\/media.th4.com\/CvBonNaeQzh3J3s-MfTT_fTmHVouD2CXy9-Eql78bks\/pr:80\/aHR0cDovL21lZGlhMi5kZXNpZ25wYXJ0bmVyLmZyL2MvcC83MTMxLzcxMzEtMTAwNjMtNC53ZWJw?v=1764072489"],"medium":["https:\/\/media.th4.com\/UeApCkuybLHQDQy4fwNctfsOvMIqblc3ONhq-Clnkos\/pr:550x550\/aHR0cDovL21lZGlhMi5kZXNpZ25wYXJ0bmVyLmZyL2MvcC83MTMxLzcxMzEtMTAwNjMtMS53ZWJw?v=1764072485","https:\/\/media.th4.com\/nmhujn6rw19rg34fLriF0Q2N22CBbzve0m1GY971_pI\/pr:550x550\/aHR0cDovL21lZGlhMi5kZXNpZ25wYXJ0bmVyLmZyL2MvcC83MTMxLzcxMzEtMTAwNjMtMi53ZWJw?v=1764072487","https:\/\/media.th4.com\/BMF2NoCCzP2Crm4gxtebYBBS9mVYgOW_ZSGDx8VngEk\/pr:550x550\/aHR0cDovL21lZGlhMi5kZXNpZ25wYXJ0bmVyLmZyL2MvcC83MTMxLzcxMzEtMTAwNjMtMy53ZWJw?v=1764072488","https:\/\/media.th4.com\/SnnhaxNM0dqzgOWNSDkq4dqXCyR5_tDpVo4fP1TQ1JI\/pr:550x550\/aHR0cDovL21lZGlhMi5kZXNpZ25wYXJ0bmVyLmZyL2MvcC83MTMxLzcxMzEtMTAwNjMtNC53ZWJw?v=1764072489"],"medium_large":["https:\/\/media.th4.com\/WvB3ae9sfTX0VmITcLlvDs28tZaNdL0x3y0K4us9TuU\/pr:1000x1000\/aHR0cDovL21lZGlhMi5kZXNpZ25wYXJ0bmVyLmZyL2MvcC83MTMxLzcxMzEtMTAwNjMtMS53ZWJw?v=1764072485","https:\/\/media.th4.com\/obbR9ix4Jp12k4tKGoAfQyVSpjEzRqpeaA7K0mE9iJc\/pr:1000x1000\/aHR0cDovL21lZGlhMi5kZXNpZ25wYXJ0bmVyLmZyL2MvcC83MTMxLzcxMzEtMTAwNjMtMi53ZWJw?v=1764072487","https:\/\/media.th4.com\/scgzO63fnUKHNiFpAJnc-uEMQR_TTLqN6cyqeohWMtE\/pr:1000x1000\/aHR0cDovL21lZGlhMi5kZXNpZ25wYXJ0bmVyLmZyL2MvcC83MTMxLzcxMzEtMTAwNjMtMy53ZWJw?v=1764072488","https:\/\/media.th4.com\/bGcBLiz2_H88xTdjZ1ZyYll3-K_SQFOLSXHiqQ8Ul1o\/pr:1000x1000\/aHR0cDovL21lZGlhMi5kZXNpZ25wYXJ0bmVyLmZyL2MvcC83MTMxLzcxMzEtMTAwNjMtNC53ZWJw?v=1764072489"],"large":["https:\/\/media.th4.com\/gFFYSHW5yzRqgBy4KeWjYpw9FNuxZEjqc3qX3YhJqZA\/pr:1920\/aHR0cDovL21lZGlhMi5kZXNpZ25wYXJ0bmVyLmZyL2MvcC83MTMxLzcxMzEtMTAwNjMtMS53ZWJw?v=1764072485","https:\/\/media.th4.com\/y-SCCOfNtnWCp1FsB-h6kIm5N7dGqWJOIMv4EEMCXqw\/pr:1920\/aHR0cDovL21lZGlhMi5kZXNpZ25wYXJ0bmVyLmZyL2MvcC83MTMxLzcxMzEtMTAwNjMtMi53ZWJw?v=1764072487","https:\/\/media.th4.com\/euNqfNwXwPeZo33F67cOTmJvkiN3P4hu2LGBahpy_W8\/pr:1920\/aHR0cDovL21lZGlhMi5kZXNpZ25wYXJ0bmVyLmZyL2MvcC83MTMxLzcxMzEtMTAwNjMtMy53ZWJw?v=1764072488","https:\/\/media.th4.com\/ntnPSmFlJAR94rzzxxFjttVYlptCtok9OwOIu1jNy8c\/pr:1920\/aHR0cDovL21lZGlhMi5kZXNpZ25wYXJ0bmVyLmZyL2MvcC83MTMxLzcxMzEtMTAwNjMtNC53ZWJw?v=1764072489"],"opengraph":["https:\/\/media.th4.com\/K_57dXAc5ftta8JnwVYGIF0QHZMJ8Stldn_ETUYmsz4\/pr:1200x630\/aHR0cDovL21lZGlhMi5kZXNpZ25wYXJ0bmVyLmZyL2MvcC83MTMxLzcxMzEtMTAwNjMtMS53ZWJw?v=1764072485","https:\/\/media.th4.com\/EnQGwcIJBQC6n3FhCQr5de8NLluGqHxkN-O37VhqZao\/pr:1200x630\/aHR0cDovL21lZGlhMi5kZXNpZ25wYXJ0bmVyLmZyL2MvcC83MTMxLzcxMzEtMTAwNjMtMi53ZWJw?v=1764072487","https:\/\/media.th4.com\/lXNs7jJXQNDwJavBmLnJBLIA0macul-UjC1VYWbR2kE\/pr:1200x630\/aHR0cDovL21lZGlhMi5kZXNpZ25wYXJ0bmVyLmZyL2MvcC83MTMxLzcxMzEtMTAwNjMtMy53ZWJw?v=1764072488","https:\/\/media.th4.com\/u4QuKIhRHKb7sQTbuN3WA4CZhR337k00IejxwsNxFXM\/pr:1200x630\/aHR0cDovL21lZGlhMi5kZXNpZ25wYXJ0bmVyLmZyL2MvcC83MTMxLzcxMzEtMTAwNjMtNC53ZWJw?v=1764072489"]},"country_origin":"PK","traceability":{"manufacturing_country_id":92,"weaving_country_id":92,"dyeing_country_id":92},"sizes":[{"id":498,"article_id":525861,"class_id":0,"name":"64","on_standby":false,"stock_local":0,"stock_global":25,"multiple":1,"estimated_date_reassort":null,"is_destocking":false},{"id":499,"article_id":525862,"class_id":0,"name":"66","on_standby":false,"stock_local":0,"stock_global":33,"multiple":1,"estimated_date_reassort":null,"is_destocking":false},{"id":249,"article_id":525860,"class_id":0,"name":"44","on_standby":false,"stock_local":0,"stock_global":11,"multiple":1,"estimated_date_reassort":null,"is_destocking":false},{"id":243,"article_id":227882,"class_id":0,"name":"46","on_standby":false,"stock_local":0,"stock_global":44,"multiple":1,"estimated_date_reassort":null,"is_destocking":false},{"id":238,"article_id":227883,"class_id":0,"name":"48","on_standby":false,"stock_local":0,"stock_global":75,"multiple":1,"estimated_date_reassort":null,"is_destocking":false},{"id":244,"article_id":227884,"class_id":0,"name":"50","on_standby":false,"stock_local":0,"stock_global":38,"multiple":1,"estimated_date_reassort":null,"is_destocking":false},{"id":245,"article_id":227885,"class_id":0,"name":"52","on_standby":false,"stock_local":0,"stock_global":47,"multiple":1,"estimated_date_reassort":null,"is_destocking":false},{"id":246,"article_id":227886,"class_id":0,"name":"54","on_standby":false,"stock_local":0,"stock_global":53,"multiple":1,"estimated_date_reassort":null,"is_destocking":false},{"id":247,"article_id":227887,"class_id":0,"name":"56","on_standby":false,"stock_local":0,"stock_global":41,"multiple":1,"estimated_date_reassort":null,"is_destocking":false},{"id":248,"article_id":227888,"class_id":0,"name":"58","on_standby":false,"stock_local":0,"stock_global":46,"multiple":1,"estimated_date_reassort":null,"is_destocking":false},{"id":417,"article_id":227889,"class_id":0,"name":"60","on_standby":false,"stock_local":0,"stock_global":61,"multiple":1,"estimated_date_reassort":null,"is_destocking":false},{"id":418,"article_id":227890,"class_id":0,"name":"62","on_standby":false,"stock_local":0,"stock_global":38,"multiple":1,"estimated_date_reassort":null,"is_destocking":false}],"page_links":{"fr":"\/fr\/p-ka-jm15-chef-jacket-gustav-short-sleeve-jm15-7131\/anthracite-10063\/","en":"\/en\/p-ka-jm15-chef-jacket-gustav-short-sleeve-jm15-7131\/anthracite-10063\/","de":"\/de\/p-ka-jm15-chefjacke-gustav-kurzarmelig-jm15-7131\/anthracite-10063\/","nl":"\/nl\/p-ka-jm15-koksjas-kort-mouw-jm15-7131\/anthracite-10063\/","es":"\/es\/p-ka-jm15-chaqueta-de-chef-gustav-manga-corta-jm15-7131\/anthracite-10063\/","it":"\/it\/p-ka-jm15-giacca-da-chef-gustav-maniche-corte-jm15-7131\/anthracite-10063\/","sv":"\/sv\/p-ka-jm15-chef-jacka-gustav-kortarmad-jm15-7131\/anthracite-10063\/","pt":"\/pt\/p-ka-jm15-jaqueta-de-chef-gustav-manga-curta-jm15-7131\/anthracite-10063\/","da":"\/da\/p-ka-jm15-kokkeskjole-gustav-korte-aermer-jm15-7131\/anthracite-10063\/","pl":"\/pl\/p-ka-jm15-kurtka-szefa-gustav-krotkie-rekawy-jm15-7131\/anthracite-10063\/"},"page_links_customization":{"fr":"\/fr\/p-ka-jm15-chef-jacket-gustav-short-sleeve-jm15-personnalisation-7131\/anthracite-10063\/custom\/","en":"\/en\/p-ka-jm15-gustav-short-sleeve-chef-jacket-jm15-customization-7131\/anthracite-10063\/custom\/","de":"\/de\/p-ka-jm15-chefjacke-gustav-kurzarmelig-jm15-personalisierung-7131\/anthracite-10063\/custom\/","nl":"\/nl\/p-ka-jm15-chefjacket-gustav-korte-mouw-jm15-persoonlijk-maken-7131\/anthracite-10063\/custom\/","es":"\/es\/p-ka-jm15-vestido-de-chef-gustav-manga-corta-jm15-personalizacion-7131\/anthracite-10063\/custom\/","it":"\/it\/p-ka-jm15-giacca-da-chef-gustav-maniche-corte-jm15-personalizzazione-7131\/anthracite-10063\/custom\/","sv":"\/sv\/p-ka-jm15-kockjacka-gustav-kortarmad-jm15-personliggoring-7131\/anthracite-10063\/custom\/","pt":"\/pt\/p-ka-jm15-jaqueta-de-chef-gustav-manga-curta-jm15-personalizacao-7131\/anthracite-10063\/custom\/","da":"\/da\/p-ka-jm15-chef-jakke-gustav-korte-aermer-jm15-personalisering-7131\/anthracite-10063\/custom\/","pl":"\/pl\/p-ka-jm15-kurtka-szefa-gustav-na-krotkie-rekawy-jm15-personalizacja-7131\/anthracite-10063\/custom\/"}},{"id":10045,"name":"white","class_ids":[1],"codes_hexa":["FFFFFF"],"delai_24":false,"has_3d":false,"seuil_global":0,"stock_local":0,"stock_global":458,"on_standby":false,"in_catalog":true,"images":{"miniature":["https:\/\/media.th4.com\/IjZSFVIqlGCyNBEeGG1u7vqS1ncVe4s4Zb_4XpZM2FU\/pr:80\/aHR0cDovL21lZGlhMi5kZXNpZ25wYXJ0bmVyLmZyL2MvcC83MTMxLzcxMzEtMTAwNDUtMS53ZWJw?v=1764072498","https:\/\/media.th4.com\/vksGojW42TvA5FrNkCddpS7Jk8rzgLVf218M5fYpIlA\/pr:80\/aHR0cDovL21lZGlhMi5kZXNpZ25wYXJ0bmVyLmZyL2MvcC83MTMxLzcxMzEtMTAwNDUtMi53ZWJw?v=1764072499","https:\/\/media.th4.com\/tGhY55KUjZ8mYqolTAWY2cdw3zTifvXqGnitGAiRo5g\/pr:80\/aHR0cDovL21lZGlhMi5kZXNpZ25wYXJ0bmVyLmZyL2MvcC83MTMxLzcxMzEtMTAwNDUtMy53ZWJw?v=1764072500","https:\/\/media.th4.com\/1Nwu1tLGi9SYceEnTl9ndkz5gucnSnuCPLgJ3KYmoGA\/pr:80\/aHR0cDovL21lZGlhMi5kZXNpZ25wYXJ0bmVyLmZyL2MvcC83MTMxLzcxMzEtMTAwNDUtNC53ZWJw?v=1764072500"],"medium":["https:\/\/media.th4.com\/SsWfXuG3MF8ow8EWFkhy-3ROtxq2Iqtk66VZ4EH9IKY\/pr:550x550\/aHR0cDovL21lZGlhMi5kZXNpZ25wYXJ0bmVyLmZyL2MvcC83MTMxLzcxMzEtMTAwNDUtMS53ZWJw?v=1764072498","https:\/\/media.th4.com\/5X18gdGfCgs_I3DjpBbRKrPN0-6dqOIEvApZKlH9VvM\/pr:550x550\/aHR0cDovL21lZGlhMi5kZXNpZ25wYXJ0bmVyLmZyL2MvcC83MTMxLzcxMzEtMTAwNDUtMi53ZWJw?v=1764072499","https:\/\/media.th4.com\/f_drK9_5ZqjBdG0cHL0TEaeM2tUGd9vSFVBqqBW_r3U\/pr:550x550\/aHR0cDovL21lZGlhMi5kZXNpZ25wYXJ0bmVyLmZyL2MvcC83MTMxLzcxMzEtMTAwNDUtMy53ZWJw?v=1764072500","https:\/\/media.th4.com\/_UrTRZwVuO_Gsk_0VCCpp-O2WGlTJEe5z2rerbYJ3t8\/pr:550x550\/aHR0cDovL21lZGlhMi5kZXNpZ25wYXJ0bmVyLmZyL2MvcC83MTMxLzcxMzEtMTAwNDUtNC53ZWJw?v=1764072500"],"medium_large":["https:\/\/media.th4.com\/fMZFYbvIP-Pvf1PFi4LwOxOAa8fWSTdHJxXQMXwC1V4\/pr:1000x1000\/aHR0cDovL21lZGlhMi5kZXNpZ25wYXJ0bmVyLmZyL2MvcC83MTMxLzcxMzEtMTAwNDUtMS53ZWJw?v=1764072498","https:\/\/media.th4.com\/NlMSod9S69y3RVJPFC_orv1S-c3Pfb799n9ilqwlxO0\/pr:1000x1000\/aHR0cDovL21lZGlhMi5kZXNpZ25wYXJ0bmVyLmZyL2MvcC83MTMxLzcxMzEtMTAwNDUtMi53ZWJw?v=1764072499","https:\/\/media.th4.com\/bIkyleTsJUj6tta4Y--xVKyQzeNlyqOaBQgGjPaHTdQ\/pr:1000x1000\/aHR0cDovL21lZGlhMi5kZXNpZ25wYXJ0bmVyLmZyL2MvcC83MTMxLzcxMzEtMTAwNDUtMy53ZWJw?v=1764072500","https:\/\/media.th4.com\/VXlJgpb7mH7Ca1nY8-QeJ07DXxQeDyGjWYsKoy8QToc\/pr:1000x1000\/aHR0cDovL21lZGlhMi5kZXNpZ25wYXJ0bmVyLmZyL2MvcC83MTMxLzcxMzEtMTAwNDUtNC53ZWJw?v=1764072500"],"large":["https:\/\/media.th4.com\/DKZ9fdzg_d0empzQHxZXI6_0l2PH7pMxU6I-Q6a_Aew\/pr:1920\/aHR0cDovL21lZGlhMi5kZXNpZ25wYXJ0bmVyLmZyL2MvcC83MTMxLzcxMzEtMTAwNDUtMS53ZWJw?v=1764072498","https:\/\/media.th4.com\/mOVLNk8NajRdZ8hWqhs88HG72UC9wtJ8xgfsCxVaRHQ\/pr:1920\/aHR0cDovL21lZGlhMi5kZXNpZ25wYXJ0bmVyLmZyL2MvcC83MTMxLzcxMzEtMTAwNDUtMi53ZWJw?v=1764072499","https:\/\/media.th4.com\/gE4FV5pGpit90cvrRLoh_k9nZWgf1C7HO_5wY7e1tCg\/pr:1920\/aHR0cDovL21lZGlhMi5kZXNpZ25wYXJ0bmVyLmZyL2MvcC83MTMxLzcxMzEtMTAwNDUtMy53ZWJw?v=1764072500","https:\/\/media.th4.com\/gfUpwlVGU9BbSb2ik7IIgBjPGjGtNjUVqSCpr3oZOXg\/pr:1920\/aHR0cDovL21lZGlhMi5kZXNpZ25wYXJ0bmVyLmZyL2MvcC83MTMxLzcxMzEtMTAwNDUtNC53ZWJw?v=1764072500"],"opengraph":["https:\/\/media.th4.com\/wxMirFKhgXLo4O4YJZRlkU9Yew8cvx2JW6x21jkFAz4\/pr:1200x630\/aHR0cDovL21lZGlhMi5kZXNpZ25wYXJ0bmVyLmZyL2MvcC83MTMxLzcxMzEtMTAwNDUtMS53ZWJw?v=1764072498","https:\/\/media.th4.com\/TBD_pyg2GZjDRLlmo18kNpSYXg4GavhiDBU6Ra-ktoc\/pr:1200x630\/aHR0cDovL21lZGlhMi5kZXNpZ25wYXJ0bmVyLmZyL2MvcC83MTMxLzcxMzEtMTAwNDUtMi53ZWJw?v=1764072499","https:\/\/media.th4.com\/ALAp028h_WJ9kegQD5lTjXi3AfqlU7Cs9V5R0sOLNI0\/pr:1200x630\/aHR0cDovL21lZGlhMi5kZXNpZ25wYXJ0bmVyLmZyL2MvcC83MTMxLzcxMzEtMTAwNDUtMy53ZWJw?v=1764072500","https:\/\/media.th4.com\/3oYl4_BHcwz0KK5C4KSa4zwg6uzd6hFh090poUl3MZY\/pr:1200x630\/aHR0cDovL21lZGlhMi5kZXNpZ25wYXJ0bmVyLmZyL2MvcC83MTMxLzcxMzEtMTAwNDUtNC53ZWJw?v=1764072500"]},"images_customization":{"miniature":["https:\/\/media.th4.com\/IjZSFVIqlGCyNBEeGG1u7vqS1ncVe4s4Zb_4XpZM2FU\/pr:80\/aHR0cDovL21lZGlhMi5kZXNpZ25wYXJ0bmVyLmZyL2MvcC83MTMxLzcxMzEtMTAwNDUtMS53ZWJw?v=1764072498","https:\/\/media.th4.com\/vksGojW42TvA5FrNkCddpS7Jk8rzgLVf218M5fYpIlA\/pr:80\/aHR0cDovL21lZGlhMi5kZXNpZ25wYXJ0bmVyLmZyL2MvcC83MTMxLzcxMzEtMTAwNDUtMi53ZWJw?v=1764072499","https:\/\/media.th4.com\/tGhY55KUjZ8mYqolTAWY2cdw3zTifvXqGnitGAiRo5g\/pr:80\/aHR0cDovL21lZGlhMi5kZXNpZ25wYXJ0bmVyLmZyL2MvcC83MTMxLzcxMzEtMTAwNDUtMy53ZWJw?v=1764072500","https:\/\/media.th4.com\/1Nwu1tLGi9SYceEnTl9ndkz5gucnSnuCPLgJ3KYmoGA\/pr:80\/aHR0cDovL21lZGlhMi5kZXNpZ25wYXJ0bmVyLmZyL2MvcC83MTMxLzcxMzEtMTAwNDUtNC53ZWJw?v=1764072500"],"medium":["https:\/\/media.th4.com\/SsWfXuG3MF8ow8EWFkhy-3ROtxq2Iqtk66VZ4EH9IKY\/pr:550x550\/aHR0cDovL21lZGlhMi5kZXNpZ25wYXJ0bmVyLmZyL2MvcC83MTMxLzcxMzEtMTAwNDUtMS53ZWJw?v=1764072498","https:\/\/media.th4.com\/5X18gdGfCgs_I3DjpBbRKrPN0-6dqOIEvApZKlH9VvM\/pr:550x550\/aHR0cDovL21lZGlhMi5kZXNpZ25wYXJ0bmVyLmZyL2MvcC83MTMxLzcxMzEtMTAwNDUtMi53ZWJw?v=1764072499","https:\/\/media.th4.com\/f_drK9_5ZqjBdG0cHL0TEaeM2tUGd9vSFVBqqBW_r3U\/pr:550x550\/aHR0cDovL21lZGlhMi5kZXNpZ25wYXJ0bmVyLmZyL2MvcC83MTMxLzcxMzEtMTAwNDUtMy53ZWJw?v=1764072500","https:\/\/media.th4.com\/_UrTRZwVuO_Gsk_0VCCpp-O2WGlTJEe5z2rerbYJ3t8\/pr:550x550\/aHR0cDovL21lZGlhMi5kZXNpZ25wYXJ0bmVyLmZyL2MvcC83MTMxLzcxMzEtMTAwNDUtNC53ZWJw?v=1764072500"],"medium_large":["https:\/\/media.th4.com\/fMZFYbvIP-Pvf1PFi4LwOxOAa8fWSTdHJxXQMXwC1V4\/pr:1000x1000\/aHR0cDovL21lZGlhMi5kZXNpZ25wYXJ0bmVyLmZyL2MvcC83MTMxLzcxMzEtMTAwNDUtMS53ZWJw?v=1764072498","https:\/\/media.th4.com\/NlMSod9S69y3RVJPFC_orv1S-c3Pfb799n9ilqwlxO0\/pr:1000x1000\/aHR0cDovL21lZGlhMi5kZXNpZ25wYXJ0bmVyLmZyL2MvcC83MTMxLzcxMzEtMTAwNDUtMi53ZWJw?v=1764072499","https:\/\/media.th4.com\/bIkyleTsJUj6tta4Y--xVKyQzeNlyqOaBQgGjPaHTdQ\/pr:1000x1000\/aHR0cDovL21lZGlhMi5kZXNpZ25wYXJ0bmVyLmZyL2MvcC83MTMxLzcxMzEtMTAwNDUtMy53ZWJw?v=1764072500","https:\/\/media.th4.com\/VXlJgpb7mH7Ca1nY8-QeJ07DXxQeDyGjWYsKoy8QToc\/pr:1000x1000\/aHR0cDovL21lZGlhMi5kZXNpZ25wYXJ0bmVyLmZyL2MvcC83MTMxLzcxMzEtMTAwNDUtNC53ZWJw?v=1764072500"],"large":["https:\/\/media.th4.com\/DKZ9fdzg_d0empzQHxZXI6_0l2PH7pMxU6I-Q6a_Aew\/pr:1920\/aHR0cDovL21lZGlhMi5kZXNpZ25wYXJ0bmVyLmZyL2MvcC83MTMxLzcxMzEtMTAwNDUtMS53ZWJw?v=1764072498","https:\/\/media.th4.com\/mOVLNk8NajRdZ8hWqhs88HG72UC9wtJ8xgfsCxVaRHQ\/pr:1920\/aHR0cDovL21lZGlhMi5kZXNpZ25wYXJ0bmVyLmZyL2MvcC83MTMxLzcxMzEtMTAwNDUtMi53ZWJw?v=1764072499","https:\/\/media.th4.com\/gE4FV5pGpit90cvrRLoh_k9nZWgf1C7HO_5wY7e1tCg\/pr:1920\/aHR0cDovL21lZGlhMi5kZXNpZ25wYXJ0bmVyLmZyL2MvcC83MTMxLzcxMzEtMTAwNDUtMy53ZWJw?v=1764072500","https:\/\/media.th4.com\/gfUpwlVGU9BbSb2ik7IIgBjPGjGtNjUVqSCpr3oZOXg\/pr:1920\/aHR0cDovL21lZGlhMi5kZXNpZ25wYXJ0bmVyLmZyL2MvcC83MTMxLzcxMzEtMTAwNDUtNC53ZWJw?v=1764072500"],"opengraph":["https:\/\/media.th4.com\/wxMirFKhgXLo4O4YJZRlkU9Yew8cvx2JW6x21jkFAz4\/pr:1200x630\/aHR0cDovL21lZGlhMi5kZXNpZ25wYXJ0bmVyLmZyL2MvcC83MTMxLzcxMzEtMTAwNDUtMS53ZWJw?v=1764072498","https:\/\/media.th4.com\/TBD_pyg2GZjDRLlmo18kNpSYXg4GavhiDBU6Ra-ktoc\/pr:1200x630\/aHR0cDovL21lZGlhMi5kZXNpZ25wYXJ0bmVyLmZyL2MvcC83MTMxLzcxMzEtMTAwNDUtMi53ZWJw?v=1764072499","https:\/\/media.th4.com\/ALAp028h_WJ9kegQD5lTjXi3AfqlU7Cs9V5R0sOLNI0\/pr:1200x630\/aHR0cDovL21lZGlhMi5kZXNpZ25wYXJ0bmVyLmZyL2MvcC83MTMxLzcxMzEtMTAwNDUtMy53ZWJw?v=1764072500","https:\/\/media.th4.com\/3oYl4_BHcwz0KK5C4KSa4zwg6uzd6hFh090poUl3MZY\/pr:1200x630\/aHR0cDovL21lZGlhMi5kZXNpZ25wYXJ0bmVyLmZyL2MvcC83MTMxLzcxMzEtMTAwNDUtNC53ZWJw?v=1764072500"]},"country_origin":"PK","traceability":{"manufacturing_country_id":92,"weaving_country_id":92,"dyeing_country_id":92},"sizes":[{"id":498,"article_id":525879,"class_id":0,"name":"64","on_standby":false,"stock_local":0,"stock_global":29,"multiple":1,"estimated_date_reassort":null,"is_destocking":false},{"id":499,"article_id":525880,"class_id":0,"name":"66","on_standby":false,"stock_local":0,"stock_global":17,"multiple":1,"estimated_date_reassort":null,"is_destocking":false},{"id":249,"article_id":525878,"class_id":0,"name":"44","on_standby":false,"stock_local":0,"stock_global":5,"multiple":1,"estimated_date_reassort":null,"is_destocking":false},{"id":243,"article_id":227855,"class_id":0,"name":"46","on_standby":false,"stock_local":0,"stock_global":36,"multiple":1,"estimated_date_reassort":null,"is_destocking":false},{"id":238,"article_id":227856,"class_id":0,"name":"48","on_standby":false,"stock_local":0,"stock_global":39,"multiple":1,"estimated_date_reassort":null,"is_destocking":false},{"id":244,"article_id":227857,"class_id":0,"name":"50","on_standby":false,"stock_local":0,"stock_global":47,"multiple":1,"estimated_date_reassort":null,"is_destocking":false},{"id":245,"article_id":227858,"class_id":0,"name":"52","on_standby":false,"stock_local":0,"stock_global":54,"multiple":1,"estimated_date_reassort":null,"is_destocking":false},{"id":246,"article_id":227859,"class_id":0,"name":"54","on_standby":false,"stock_local":0,"stock_global":56,"multiple":1,"estimated_date_reassort":null,"is_destocking":false},{"id":247,"article_id":227860,"class_id":0,"name":"56","on_standby":false,"stock_local":0,"stock_global":63,"multiple":1,"estimated_date_reassort":null,"is_destocking":false},{"id":248,"article_id":227861,"class_id":0,"name":"58","on_standby":false,"stock_local":0,"stock_global":31,"multiple":1,"estimated_date_reassort":null,"is_destocking":false},{"id":417,"article_id":227862,"class_id":0,"name":"60","on_standby":false,"stock_local":0,"stock_global":45,"multiple":1,"estimated_date_reassort":null,"is_destocking":false},{"id":418,"article_id":227863,"class_id":0,"name":"62","on_standby":false,"stock_local":0,"stock_global":36,"multiple":1,"estimated_date_reassort":null,"is_destocking":false}],"page_links":{"fr":"\/fr\/p-ka-jm15-chef-jacket-gustav-short-sleeve-jm15-7131\/white-10045\/","en":"\/en\/p-ka-jm15-chef-jacket-gustav-short-sleeve-jm15-7131\/white-10045\/","de":"\/de\/p-ka-jm15-chefjacke-gustav-kurzarmelig-jm15-7131\/white-10045\/","nl":"\/nl\/p-ka-jm15-koksjas-kort-mouw-jm15-7131\/white-10045\/","es":"\/es\/p-ka-jm15-chaqueta-de-chef-gustav-manga-corta-jm15-7131\/white-10045\/","it":"\/it\/p-ka-jm15-giacca-da-chef-gustav-maniche-corte-jm15-7131\/white-10045\/","sv":"\/sv\/p-ka-jm15-chef-jacka-gustav-kortarmad-jm15-7131\/white-10045\/","pt":"\/pt\/p-ka-jm15-jaqueta-de-chef-gustav-manga-curta-jm15-7131\/white-10045\/","da":"\/da\/p-ka-jm15-kokkeskjole-gustav-korte-aermer-jm15-7131\/white-10045\/","pl":"\/pl\/p-ka-jm15-kurtka-szefa-gustav-krotkie-rekawy-jm15-7131\/white-10045\/"},"page_links_customization":{"fr":"\/fr\/p-ka-jm15-chef-jacket-gustav-short-sleeve-jm15-personnalisation-7131\/white-10045\/custom\/","en":"\/en\/p-ka-jm15-gustav-short-sleeve-chef-jacket-jm15-customization-7131\/white-10045\/custom\/","de":"\/de\/p-ka-jm15-chefjacke-gustav-kurzarmelig-jm15-personalisierung-7131\/white-10045\/custom\/","nl":"\/nl\/p-ka-jm15-chefjacket-gustav-korte-mouw-jm15-persoonlijk-maken-7131\/white-10045\/custom\/","es":"\/es\/p-ka-jm15-vestido-de-chef-gustav-manga-corta-jm15-personalizacion-7131\/white-10045\/custom\/","it":"\/it\/p-ka-jm15-giacca-da-chef-gustav-maniche-corte-jm15-personalizzazione-7131\/white-10045\/custom\/","sv":"\/sv\/p-ka-jm15-kockjacka-gustav-kortarmad-jm15-personliggoring-7131\/white-10045\/custom\/","pt":"\/pt\/p-ka-jm15-jaqueta-de-chef-gustav-manga-curta-jm15-personalizacao-7131\/white-10045\/custom\/","da":"\/da\/p-ka-jm15-chef-jakke-gustav-korte-aermer-jm15-personalisering-7131\/white-10045\/custom\/","pl":"\/pl\/p-ka-jm15-kurtka-szefa-gustav-na-krotkie-rekawy-jm15-personalizacja-7131\/white-10045\/custom\/"}},{"id":10084,"name":"navy","class_ids":[2],"codes_hexa":["12174E"],"delai_24":false,"has_3d":false,"seuil_global":0,"stock_local":0,"stock_global":257,"on_standby":false,"in_catalog":true,"images":{"miniature":["https:\/\/media.th4.com\/d3BpYAOJyOdUXOfHKHHKVxKKKM2JMClCVW3CjLI7vZ4\/pr:80\/aHR0cDovL21lZGlhMi5kZXNpZ25wYXJ0bmVyLmZyL2MvcC83MTMxLzcxMzEtMTAwODQtMS53ZWJw?v=1764072494","https:\/\/media.th4.com\/JTYzzWNJn96aYN70LlINl437zAamUMsGUiuPGxboSy4\/pr:80\/aHR0cDovL21lZGlhMi5kZXNpZ25wYXJ0bmVyLmZyL2MvcC83MTMxLzcxMzEtMTAwODQtMi53ZWJw?v=1764072495","https:\/\/media.th4.com\/ajHcTv9NzhOS92xCSeAMW55Tq54pF1Ane2mPH8QsUb0\/pr:80\/aHR0cDovL21lZGlhMi5kZXNpZ25wYXJ0bmVyLmZyL2MvcC83MTMxLzcxMzEtMTAwODQtMy53ZWJw?v=1764072496","https:\/\/media.th4.com\/eDyL1Qpe89VU6jRs1S2KseeOKKZ6chOv31Yi6GjUdX0\/pr:80\/aHR0cDovL21lZGlhMi5kZXNpZ25wYXJ0bmVyLmZyL2MvcC83MTMxLzcxMzEtMTAwODQtNC53ZWJw?v=1764072497"],"medium":["https:\/\/media.th4.com\/IjXU84K9_-KYNZS9efxTVDzcP2JrjiVxNaplmSijVrc\/pr:550x550\/aHR0cDovL21lZGlhMi5kZXNpZ25wYXJ0bmVyLmZyL2MvcC83MTMxLzcxMzEtMTAwODQtMS53ZWJw?v=1764072494","https:\/\/media.th4.com\/7yrSNdy40FuOfmWKdlmd2PbblQTiAtJYCpadOsi2IhA\/pr:550x550\/aHR0cDovL21lZGlhMi5kZXNpZ25wYXJ0bmVyLmZyL2MvcC83MTMxLzcxMzEtMTAwODQtMi53ZWJw?v=1764072495","https:\/\/media.th4.com\/Kx1Jks809QB1mveWgM5QSV12Z62t7PxWfMQtqrKGVt4\/pr:550x550\/aHR0cDovL21lZGlhMi5kZXNpZ25wYXJ0bmVyLmZyL2MvcC83MTMxLzcxMzEtMTAwODQtMy53ZWJw?v=1764072496","https:\/\/media.th4.com\/d_TsEDkmweB5kDCui8stv-8mbl1FdY4usm1GK0jWkNU\/pr:550x550\/aHR0cDovL21lZGlhMi5kZXNpZ25wYXJ0bmVyLmZyL2MvcC83MTMxLzcxMzEtMTAwODQtNC53ZWJw?v=1764072497"],"medium_large":["https:\/\/media.th4.com\/MxDh9zGd143dZTgyXmnix4LhAwqPhNip5UsSg2e8sEU\/pr:1000x1000\/aHR0cDovL21lZGlhMi5kZXNpZ25wYXJ0bmVyLmZyL2MvcC83MTMxLzcxMzEtMTAwODQtMS53ZWJw?v=1764072494","https:\/\/media.th4.com\/VlPyQITP6zTKy0XSYPd9pKXes89zV9F7oeFbh6hea_I\/pr:1000x1000\/aHR0cDovL21lZGlhMi5kZXNpZ25wYXJ0bmVyLmZyL2MvcC83MTMxLzcxMzEtMTAwODQtMi53ZWJw?v=1764072495","https:\/\/media.th4.com\/UpckJ-h_x44AGwbkVayUFd0_KsfG5QkhckrZseUFjCI\/pr:1000x1000\/aHR0cDovL21lZGlhMi5kZXNpZ25wYXJ0bmVyLmZyL2MvcC83MTMxLzcxMzEtMTAwODQtMy53ZWJw?v=1764072496","https:\/\/media.th4.com\/lXRpf9kcfl8azq3V23UWg4FNqaJm_rTOOFMjVREN6X0\/pr:1000x1000\/aHR0cDovL21lZGlhMi5kZXNpZ25wYXJ0bmVyLmZyL2MvcC83MTMxLzcxMzEtMTAwODQtNC53ZWJw?v=1764072497"],"large":["https:\/\/media.th4.com\/Yq7Y343xIanPpBtlbz2MKM-FwYgyHtE7hixZ5j9jHqU\/pr:1920\/aHR0cDovL21lZGlhMi5kZXNpZ25wYXJ0bmVyLmZyL2MvcC83MTMxLzcxMzEtMTAwODQtMS53ZWJw?v=1764072494","https:\/\/media.th4.com\/ELqmLX7y9jbasfoiNvkJ0dahE7BsiHhgwnTqhjpP3Ik\/pr:1920\/aHR0cDovL21lZGlhMi5kZXNpZ25wYXJ0bmVyLmZyL2MvcC83MTMxLzcxMzEtMTAwODQtMi53ZWJw?v=1764072495","https:\/\/media.th4.com\/8LPgiGOw78Axs4_1Z-DoLzNXuM4R9Xmgqb46y39yVfs\/pr:1920\/aHR0cDovL21lZGlhMi5kZXNpZ25wYXJ0bmVyLmZyL2MvcC83MTMxLzcxMzEtMTAwODQtMy53ZWJw?v=1764072496","https:\/\/media.th4.com\/hIuTP6McAvzjuOVEuQJ8mhmvGUKYyO6gxNI78qJrfWg\/pr:1920\/aHR0cDovL21lZGlhMi5kZXNpZ25wYXJ0bmVyLmZyL2MvcC83MTMxLzcxMzEtMTAwODQtNC53ZWJw?v=1764072497"],"opengraph":["https:\/\/media.th4.com\/gZZ39b_A7BIKqwq1TX0fcXe3Z5jNYbRvrEK4jxyarm8\/pr:1200x630\/aHR0cDovL21lZGlhMi5kZXNpZ25wYXJ0bmVyLmZyL2MvcC83MTMxLzcxMzEtMTAwODQtMS53ZWJw?v=1764072494","https:\/\/media.th4.com\/IvUDwckXywlErJKIanEN4rpQdMpWUnOJceFVo7MOh_o\/pr:1200x630\/aHR0cDovL21lZGlhMi5kZXNpZ25wYXJ0bmVyLmZyL2MvcC83MTMxLzcxMzEtMTAwODQtMi53ZWJw?v=1764072495","https:\/\/media.th4.com\/5hqTDSo1Ece127KTvOrAhvzYzX77IUfNHB7AxpNz4bM\/pr:1200x630\/aHR0cDovL21lZGlhMi5kZXNpZ25wYXJ0bmVyLmZyL2MvcC83MTMxLzcxMzEtMTAwODQtMy53ZWJw?v=1764072496","https:\/\/media.th4.com\/IHX87FqQkj5DZ3YWqf1XP-Ub2MWM0Oh-OJ-q5PoN0Jc\/pr:1200x630\/aHR0cDovL21lZGlhMi5kZXNpZ25wYXJ0bmVyLmZyL2MvcC83MTMxLzcxMzEtMTAwODQtNC53ZWJw?v=1764072497"]},"images_customization":{"miniature":["https:\/\/media.th4.com\/d3BpYAOJyOdUXOfHKHHKVxKKKM2JMClCVW3CjLI7vZ4\/pr:80\/aHR0cDovL21lZGlhMi5kZXNpZ25wYXJ0bmVyLmZyL2MvcC83MTMxLzcxMzEtMTAwODQtMS53ZWJw?v=1764072494","https:\/\/media.th4.com\/JTYzzWNJn96aYN70LlINl437zAamUMsGUiuPGxboSy4\/pr:80\/aHR0cDovL21lZGlhMi5kZXNpZ25wYXJ0bmVyLmZyL2MvcC83MTMxLzcxMzEtMTAwODQtMi53ZWJw?v=1764072495","https:\/\/media.th4.com\/ajHcTv9NzhOS92xCSeAMW55Tq54pF1Ane2mPH8QsUb0\/pr:80\/aHR0cDovL21lZGlhMi5kZXNpZ25wYXJ0bmVyLmZyL2MvcC83MTMxLzcxMzEtMTAwODQtMy53ZWJw?v=1764072496","https:\/\/media.th4.com\/eDyL1Qpe89VU6jRs1S2KseeOKKZ6chOv31Yi6GjUdX0\/pr:80\/aHR0cDovL21lZGlhMi5kZXNpZ25wYXJ0bmVyLmZyL2MvcC83MTMxLzcxMzEtMTAwODQtNC53ZWJw?v=1764072497"],"medium":["https:\/\/media.th4.com\/IjXU84K9_-KYNZS9efxTVDzcP2JrjiVxNaplmSijVrc\/pr:550x550\/aHR0cDovL21lZGlhMi5kZXNpZ25wYXJ0bmVyLmZyL2MvcC83MTMxLzcxMzEtMTAwODQtMS53ZWJw?v=1764072494","https:\/\/media.th4.com\/7yrSNdy40FuOfmWKdlmd2PbblQTiAtJYCpadOsi2IhA\/pr:550x550\/aHR0cDovL21lZGlhMi5kZXNpZ25wYXJ0bmVyLmZyL2MvcC83MTMxLzcxMzEtMTAwODQtMi53ZWJw?v=1764072495","https:\/\/media.th4.com\/Kx1Jks809QB1mveWgM5QSV12Z62t7PxWfMQtqrKGVt4\/pr:550x550\/aHR0cDovL21lZGlhMi5kZXNpZ25wYXJ0bmVyLmZyL2MvcC83MTMxLzcxMzEtMTAwODQtMy53ZWJw?v=1764072496","https:\/\/media.th4.com\/d_TsEDkmweB5kDCui8stv-8mbl1FdY4usm1GK0jWkNU\/pr:550x550\/aHR0cDovL21lZGlhMi5kZXNpZ25wYXJ0bmVyLmZyL2MvcC83MTMxLzcxMzEtMTAwODQtNC53ZWJw?v=1764072497"],"medium_large":["https:\/\/media.th4.com\/MxDh9zGd143dZTgyXmnix4LhAwqPhNip5UsSg2e8sEU\/pr:1000x1000\/aHR0cDovL21lZGlhMi5kZXNpZ25wYXJ0bmVyLmZyL2MvcC83MTMxLzcxMzEtMTAwODQtMS53ZWJw?v=1764072494","https:\/\/media.th4.com\/VlPyQITP6zTKy0XSYPd9pKXes89zV9F7oeFbh6hea_I\/pr:1000x1000\/aHR0cDovL21lZGlhMi5kZXNpZ25wYXJ0bmVyLmZyL2MvcC83MTMxLzcxMzEtMTAwODQtMi53ZWJw?v=1764072495","https:\/\/media.th4.com\/UpckJ-h_x44AGwbkVayUFd0_KsfG5QkhckrZseUFjCI\/pr:1000x1000\/aHR0cDovL21lZGlhMi5kZXNpZ25wYXJ0bmVyLmZyL2MvcC83MTMxLzcxMzEtMTAwODQtMy53ZWJw?v=1764072496","https:\/\/media.th4.com\/lXRpf9kcfl8azq3V23UWg4FNqaJm_rTOOFMjVREN6X0\/pr:1000x1000\/aHR0cDovL21lZGlhMi5kZXNpZ25wYXJ0bmVyLmZyL2MvcC83MTMxLzcxMzEtMTAwODQtNC53ZWJw?v=1764072497"],"large":["https:\/\/media.th4.com\/Yq7Y343xIanPpBtlbz2MKM-FwYgyHtE7hixZ5j9jHqU\/pr:1920\/aHR0cDovL21lZGlhMi5kZXNpZ25wYXJ0bmVyLmZyL2MvcC83MTMxLzcxMzEtMTAwODQtMS53ZWJw?v=1764072494","https:\/\/media.th4.com\/ELqmLX7y9jbasfoiNvkJ0dahE7BsiHhgwnTqhjpP3Ik\/pr:1920\/aHR0cDovL21lZGlhMi5kZXNpZ25wYXJ0bmVyLmZyL2MvcC83MTMxLzcxMzEtMTAwODQtMi53ZWJw?v=1764072495","https:\/\/media.th4.com\/8LPgiGOw78Axs4_1Z-DoLzNXuM4R9Xmgqb46y39yVfs\/pr:1920\/aHR0cDovL21lZGlhMi5kZXNpZ25wYXJ0bmVyLmZyL2MvcC83MTMxLzcxMzEtMTAwODQtMy53ZWJw?v=1764072496","https:\/\/media.th4.com\/hIuTP6McAvzjuOVEuQJ8mhmvGUKYyO6gxNI78qJrfWg\/pr:1920\/aHR0cDovL21lZGlhMi5kZXNpZ25wYXJ0bmVyLmZyL2MvcC83MTMxLzcxMzEtMTAwODQtNC53ZWJw?v=1764072497"],"opengraph":["https:\/\/media.th4.com\/gZZ39b_A7BIKqwq1TX0fcXe3Z5jNYbRvrEK4jxyarm8\/pr:1200x630\/aHR0cDovL21lZGlhMi5kZXNpZ25wYXJ0bmVyLmZyL2MvcC83MTMxLzcxMzEtMTAwODQtMS53ZWJw?v=1764072494","https:\/\/media.th4.com\/IvUDwckXywlErJKIanEN4rpQdMpWUnOJceFVo7MOh_o\/pr:1200x630\/aHR0cDovL21lZGlhMi5kZXNpZ25wYXJ0bmVyLmZyL2MvcC83MTMxLzcxMzEtMTAwODQtMi53ZWJw?v=1764072495","https:\/\/media.th4.com\/5hqTDSo1Ece127KTvOrAhvzYzX77IUfNHB7AxpNz4bM\/pr:1200x630\/aHR0cDovL21lZGlhMi5kZXNpZ25wYXJ0bmVyLmZyL2MvcC83MTMxLzcxMzEtMTAwODQtMy53ZWJw?v=1764072496","https:\/\/media.th4.com\/IHX87FqQkj5DZ3YWqf1XP-Ub2MWM0Oh-OJ-q5PoN0Jc\/pr:1200x630\/aHR0cDovL21lZGlhMi5kZXNpZ25wYXJ0bmVyLmZyL2MvcC83MTMxLzcxMzEtMTAwODQtNC53ZWJw?v=1764072497"]},"country_origin":"PK","traceability":{"manufacturing_country_id":92,"weaving_country_id":92,"dyeing_country_id":92},"sizes":[{"id":498,"article_id":525876,"class_id":0,"name":"64","on_standby":false,"stock_local":0,"stock_global":24,"multiple":1,"estimated_date_reassort":null,"is_destocking":false},{"id":499,"article_id":525877,"class_id":0,"name":"66","on_standby":false,"stock_local":0,"stock_global":7,"multiple":1,"estimated_date_reassort":null,"is_destocking":false},{"id":249,"article_id":525866,"class_id":0,"name":"44","on_standby":false,"stock_local":0,"stock_global":10,"multiple":1,"estimated_date_reassort":null,"is_destocking":false},{"id":243,"article_id":525867,"class_id":0,"name":"46","on_standby":false,"stock_local":0,"stock_global":10,"multiple":1,"estimated_date_reassort":null,"is_destocking":false},{"id":238,"article_id":525868,"class_id":0,"name":"48","on_standby":false,"stock_local":0,"stock_global":12,"multiple":1,"estimated_date_reassort":null,"is_destocking":false},{"id":244,"article_id":525869,"class_id":0,"name":"50","on_standby":false,"stock_local":0,"stock_global":41,"multiple":1,"estimated_date_reassort":null,"is_destocking":false},{"id":245,"article_id":525870,"class_id":0,"name":"52","on_standby":false,"stock_local":0,"stock_global":13,"multiple":1,"estimated_date_reassort":null,"is_destocking":false},{"id":246,"article_id":525871,"class_id":0,"name":"54","on_standby":false,"stock_local":0,"stock_global":43,"multiple":1,"estimated_date_reassort":null,"is_destocking":false},{"id":247,"article_id":525872,"class_id":0,"name":"56","on_standby":false,"stock_local":0,"stock_global":23,"multiple":1,"estimated_date_reassort":null,"is_destocking":false},{"id":248,"article_id":525873,"class_id":0,"name":"58","on_standby":false,"stock_local":0,"stock_global":45,"multiple":1,"estimated_date_reassort":null,"is_destocking":false},{"id":417,"article_id":525874,"class_id":0,"name":"60","on_standby":false,"stock_local":0,"stock_global":20,"multiple":1,"estimated_date_reassort":null,"is_destocking":false},{"id":418,"article_id":525875,"class_id":0,"name":"62","on_standby":false,"stock_local":0,"stock_global":9,"multiple":1,"estimated_date_reassort":null,"is_destocking":false}],"page_links":{"fr":"\/fr\/p-ka-jm15-chef-jacket-gustav-short-sleeve-jm15-7131\/navy-10084\/","en":"\/en\/p-ka-jm15-chef-jacket-gustav-short-sleeve-jm15-7131\/navy-10084\/","de":"\/de\/p-ka-jm15-chefjacke-gustav-kurzarmelig-jm15-7131\/navy-10084\/","nl":"\/nl\/p-ka-jm15-koksjas-kort-mouw-jm15-7131\/navy-10084\/","es":"\/es\/p-ka-jm15-chaqueta-de-chef-gustav-manga-corta-jm15-7131\/navy-10084\/","it":"\/it\/p-ka-jm15-giacca-da-chef-gustav-maniche-corte-jm15-7131\/navy-10084\/","sv":"\/sv\/p-ka-jm15-chef-jacka-gustav-kortarmad-jm15-7131\/navy-10084\/","pt":"\/pt\/p-ka-jm15-jaqueta-de-chef-gustav-manga-curta-jm15-7131\/navy-10084\/","da":"\/da\/p-ka-jm15-kokkeskjole-gustav-korte-aermer-jm15-7131\/navy-10084\/","pl":"\/pl\/p-ka-jm15-kurtka-szefa-gustav-krotkie-rekawy-jm15-7131\/navy-10084\/"},"page_links_customization":{"fr":"\/fr\/p-ka-jm15-chef-jacket-gustav-short-sleeve-jm15-personnalisation-7131\/navy-10084\/custom\/","en":"\/en\/p-ka-jm15-gustav-short-sleeve-chef-jacket-jm15-customization-7131\/navy-10084\/custom\/","de":"\/de\/p-ka-jm15-chefjacke-gustav-kurzarmelig-jm15-personalisierung-7131\/navy-10084\/custom\/","nl":"\/nl\/p-ka-jm15-chefjacket-gustav-korte-mouw-jm15-persoonlijk-maken-7131\/navy-10084\/custom\/","es":"\/es\/p-ka-jm15-vestido-de-chef-gustav-manga-corta-jm15-personalizacion-7131\/navy-10084\/custom\/","it":"\/it\/p-ka-jm15-giacca-da-chef-gustav-maniche-corte-jm15-personalizzazione-7131\/navy-10084\/custom\/","sv":"\/sv\/p-ka-jm15-kockjacka-gustav-kortarmad-jm15-personliggoring-7131\/navy-10084\/custom\/","pt":"\/pt\/p-ka-jm15-jaqueta-de-chef-gustav-manga-curta-jm15-personalizacao-7131\/navy-10084\/custom\/","da":"\/da\/p-ka-jm15-chef-jakke-gustav-korte-aermer-jm15-personalisering-7131\/navy-10084\/custom\/","pl":"\/pl\/p-ka-jm15-kurtka-szefa-gustav-na-krotkie-rekawy-jm15-personalizacja-7131\/navy-10084\/custom\/"}},{"id":10062,"name":"cream","class_ids":[8],"codes_hexa":["F3E2CE"],"delai_24":false,"has_3d":false,"seuil_global":0,"stock_local":0,"stock_global":0,"on_standby":true,"in_catalog":false,"images":{"miniature":null,"medium":null,"medium_large":null,"large":null,"opengraph":null},"images_customization":{"miniature":null,"medium":null,"medium_large":null,"large":null,"opengraph":null},"country_origin":"BG","traceability":{"manufacturing_country_id":null,"weaving_country_id":null,"dyeing_country_id":null},"sizes":[],"page_links":{"fr":"\/fr\/p-ka-jm15-chef-jacket-gustav-short-sleeve-jm15-7131\/cream-10062\/","en":"\/en\/p-ka-jm15-chef-jacket-gustav-short-sleeve-jm15-7131\/cream-10062\/","de":"\/de\/p-ka-jm15-chefjacke-gustav-kurzarmelig-jm15-7131\/cream-10062\/","nl":"\/nl\/p-ka-jm15-koksjas-kort-mouw-jm15-7131\/cream-10062\/","es":"\/es\/p-ka-jm15-chaqueta-de-chef-gustav-manga-corta-jm15-7131\/cream-10062\/","it":"\/it\/p-ka-jm15-giacca-da-chef-gustav-maniche-corte-jm15-7131\/cream-10062\/","sv":"\/sv\/p-ka-jm15-chef-jacka-gustav-kortarmad-jm15-7131\/cream-10062\/","pt":"\/pt\/p-ka-jm15-jaqueta-de-chef-gustav-manga-curta-jm15-7131\/cream-10062\/","da":"\/da\/p-ka-jm15-kokkeskjole-gustav-korte-aermer-jm15-7131\/cream-10062\/","pl":"\/pl\/p-ka-jm15-kurtka-szefa-gustav-krotkie-rekawy-jm15-7131\/cream-10062\/"},"page_links_customization":{"fr":"\/fr\/p-ka-jm15-chef-jacket-gustav-short-sleeve-jm15-personnalisation-7131\/cream-10062\/custom\/","en":"\/en\/p-ka-jm15-gustav-short-sleeve-chef-jacket-jm15-customization-7131\/cream-10062\/custom\/","de":"\/de\/p-ka-jm15-chefjacke-gustav-kurzarmelig-jm15-personalisierung-7131\/cream-10062\/custom\/","nl":"\/nl\/p-ka-jm15-chefjacket-gustav-korte-mouw-jm15-persoonlijk-maken-7131\/cream-10062\/custom\/","es":"\/es\/p-ka-jm15-vestido-de-chef-gustav-manga-corta-jm15-personalizacion-7131\/cream-10062\/custom\/","it":"\/it\/p-ka-jm15-giacca-da-chef-gustav-maniche-corte-jm15-personalizzazione-7131\/cream-10062\/custom\/","sv":"\/sv\/p-ka-jm15-kockjacka-gustav-kortarmad-jm15-personliggoring-7131\/cream-10062\/custom\/","pt":"\/pt\/p-ka-jm15-jaqueta-de-chef-gustav-manga-curta-jm15-personalizacao-7131\/cream-10062\/custom\/","da":"\/da\/p-ka-jm15-chef-jakke-gustav-korte-aermer-jm15-personalisering-7131\/cream-10062\/custom\/","pl":"\/pl\/p-ka-jm15-kurtka-szefa-gustav-na-krotkie-rekawy-jm15-personalizacja-7131\/cream-10062\/custom\/"}}],"documentation_link":"\/pdf\/7131.pdf","countries_availables":["AD","AE","AL","AT","BA","BD","BE","BG","BL","CA","CH","CN","CO","CY","CZ","DE","DK","DO","EE","EG","ES","ET","FI","FR","GB","GE","GF","GP","GR","GT","HK","HN","HR","HT","HU","ID","IE","IN","IS","IT","JO","JP","KE","KH","KP","KR","LA","LK","LS","LT","LU","LV","MA","MF","MG","MK","MM","MN","MQ","MT","MX","MY","NC","NI","NL","PF","PH","PK","PL","PM","PT","RE","RO","SE","SG","SI","SK","SV","SY","TH","TN","TR","TW","TZ","US","VN","WF","YT"]},"infos_customization":[],"features":{"authorize_multi_surfaces":true,"display_order_delay_type":true,"promote_surface_display":true,"tarification_franco_offert":true,"enabled_3d_editor":false},"markings":[{"id":0,"nom":"vierge","finition":null,"libelle":null,"code":null,"dpi":null,"finesse_forme_isolee":null,"finesse_forme_non_isolee":null,"hauteur_minimale_texte":null,"inactif":0,"marquage_interne":1,"quantite_min":null,"parent_id":null,"print_on_support":0,"content":"vierge","description":null},{"id":2,"nom":"fonce","finition":"optimale","libelle":"TopQuadri","code":null,"dpi":400,"finesse_forme_isolee":"0.040","finesse_forme_non_isolee":"0.700","hauteur_minimale_texte":2,"inactif":0,"marquage_interne":1,"quantite_min":null,"parent_id":18,"print_on_support":0,"content":"TopQuadri","description":"pour petites et moyennes s\u00e9ries"},{"id":3,"nom":"serigraphie","finition":"serigraphie","libelle":"SeriCoat","code":null,"dpi":400,"finesse_forme_isolee":"0.040","finesse_forme_non_isolee":"0.700","hauteur_minimale_texte":2,"inactif":0,"marquage_interne":1,"quantite_min":15,"parent_id":18,"print_on_support":0,"content":"SeriCoat","description":"pour moyennes et grandes s\u00e9ries"},{"id":4,"nom":"broderie","finition":"broderie","libelle":"Broderie","code":null,"dpi":400,"finesse_forme_isolee":"0.040","finesse_forme_non_isolee":"0.700","hauteur_minimale_texte":3,"inactif":0,"marquage_interne":1,"quantite_min":null,"parent_id":null,"print_on_support":0,"content":"Broderie","description":null},{"id":8,"nom":"theme","finition":null,"libelle":"Th\u00e8me","code":null,"dpi":null,"finesse_forme_isolee":null,"finesse_forme_non_isolee":null,"hauteur_minimale_texte":null,"inactif":0,"marquage_interne":1,"quantite_min":null,"parent_id":null,"print_on_support":0,"content":"Th\u00e8me","description":null},{"id":9,"nom":"sans","finition":null,"libelle":null,"code":null,"dpi":null,"finesse_forme_isolee":null,"finesse_forme_non_isolee":null,"hauteur_minimale_texte":null,"inactif":0,"marquage_interne":1,"quantite_min":null,"parent_id":null,"print_on_support":0,"content":"sans","description":null},{"id":10,"nom":"photo","finition":null,"libelle":"Photo","code":null,"dpi":null,"finesse_forme_isolee":null,"finesse_forme_non_isolee":null,"hauteur_minimale_texte":null,"inactif":0,"marquage_interne":1,"quantite_min":null,"parent_id":null,"print_on_support":0,"content":"Photo","description":null},{"id":14,"nom":"couleur","finition":null,"libelle":"Couleur","code":null,"dpi":null,"finesse_forme_isolee":null,"finesse_forme_non_isolee":null,"hauteur_minimale_texte":null,"inactif":0,"marquage_interne":1,"quantite_min":null,"parent_id":null,"print_on_support":0,"content":"Couleur","description":null},{"id":15,"nom":"sublimation","finition":"sublimation","libelle":"Sublimation","code":null,"dpi":null,"finesse_forme_isolee":"0.000","finesse_forme_non_isolee":"0.000","hauteur_minimale_texte":2,"inactif":0,"marquage_interne":1,"quantite_min":null,"parent_id":null,"print_on_support":0,"content":"Sublimation","description":null},{"id":16,"nom":"topquadri_uv","finition":null,"libelle":"TopQuadri UV","code":null,"dpi":null,"finesse_forme_isolee":"0.020","finesse_forme_non_isolee":"0.700","hauteur_minimale_texte":2,"inactif":0,"marquage_interne":1,"quantite_min":null,"parent_id":null,"print_on_support":1,"content":null,"description":null},{"id":17,"nom":"topquadri_uvp","finition":null,"libelle":"TopQuadri UVP","code":null,"dpi":null,"finesse_forme_isolee":"0.020","finesse_forme_non_isolee":"0.700","hauteur_minimale_texte":2,"inactif":0,"marquage_interne":1,"quantite_min":null,"parent_id":null,"print_on_support":1,"content":null,"description":null},{"id":18,"nom":"quadri","finition":null,"libelle":"Impression","code":null,"dpi":null,"finesse_forme_isolee":null,"finesse_forme_non_isolee":null,"hauteur_minimale_texte":null,"inactif":0,"marquage_interne":1,"quantite_min":null,"parent_id":null,"print_on_support":0,"content":null,"description":null}]}}