{"data":{"product":{"id":6713,"titre":"Waterproof rain jacket","description":"Coupe-vent imperm\u00e9able, id\u00e9al pour rester au sec et au chaud pendant les activit\u00e9s ext\u00e9rieures. Imperm\u00e9able 2000 mm. Rabat de protection avant ferm\u00e9 par bouton pression. Capuche int\u00e9gr\u00e9e \u00e9lastiqu\u00e9e. Coutures imperm\u00e9ables et \u00e9tanches. Cordon de serrage r\u00e9glable. Dos ventil\u00e9 en maille filet. Bandes r\u00e9fl\u00e9chissantes aux poignets. 2 grandes poches avant. Fermeture zipp\u00e9e \u00e0 l'avant. Poignets int\u00e9rieures pour se prot\u00e9ger des intemp\u00e9ries. Composition : 100 % polyester avec enduit PVC.","genre":"mixte","grammage":0,"conditionnement":25,"composition":"polyester,polyester_uniquement","reference":"RS227","reference_visible":"re-r227x","reference_fabricant":"R227X","ref_xor":"740476","in_catalog":true,"is_transfer":false,"is_service":false,"on_standby":false,"has_3d":false,"has_size_guide":false,"has_marking":true,"has_vierge":true,"is_cross_sellable":false,"id_picto":28,"filename_3d":null,"brand":{"id":16,"name":"Result","logo":"logo-result.png","image":"https:\/\/media.th4.com\/R4AINn4EcZGXmGADkvSPvxFxj-96N0ZW37kUw9NCIp8\/pr:brand70x70\/aHR0cDovL21lZGlhMi5kZXNpZ25wYXJ0bmVyLmZyL2MvbS9sb2dvLXJlc3VsdC5wbmc?v=1769696384"},"price_infos":{"price_from":7.72,"quantity":200,"color":{"id":364,"name":"black"},"size":{"id":1,"name":"L"}},"price_infos_marking":{"price_from":11.8,"quantity":250,"color":{"id":364,"name":"black"},"size":{"id":1,"name":"L"},"marking":{"id":2,"name":""},"emplacement":"avant","surface_emplacement_id":1,"surface":"coeur"},"i18n":{"blank":{"title":{"fr":"Core stormdri jacket Veste coupe vent RESULT r227x","en":"Core stormdri jacket windbreaker RESULT r227x","de":"Core Stormdri Jacke Windbreaker Jacke RESULT r227x","nl":"Core stormdri jacket Windbreker jas RESULT r227x","es":"Chaqueta Stormdri Core Veste impermeable RESULT r227x","it":"Giacca Core stormdri impermeabile Veste coupe vent RESULT r227x","sv":"Core stormdri jacket Vindt\u00e4tt jacka RESULT r227x","pt":"Jaqueta stormdri core jaqueta imperme\u00e1vel RESULT r227x","da":"Core stormdri jakke Vindt\u00e6t jakke RESULT r227x","pl":"Kurtka Core stormdri kurtka wiatroodporna RESULT r227x"},"description":{"fr":"La veste Core stormdri jacket est con\u00e7ue pour offrir une protection efficace contre le vent et l'humidit\u00e9. Fabriqu\u00e9e \u00e0 partir de polyester 190T enduit PVC, elle assure une bonne imperm\u00e9abilit\u00e9 et une r\u00e9sistance accrue. Les coutures enti\u00e8rement thermocoll\u00e9es renforcent l'\u00e9tanch\u00e9it\u00e9 de la veste, tandis que la capuche \u00e9lastiqu\u00e9e int\u00e9gr\u00e9e offre une protection suppl\u00e9mentaire. La fermeture zipp\u00e9e sur toute la hauteur permet un enfilage et un retrait faciles, et le rabat de protection avant ferm\u00e9 par boutons pression offre une protection suppl\u00e9mentaire contre le vent. La veste dispose de deux poches avant pratiques pour ranger les effets personnels, et un cordon de serrage au bas de la veste permet d'ajuster l'ajustement. L'a\u00e9ration au dos de la veste en maille filet assure une bonne ventilation et un confort optimal.\n\n- Mat\u00e9riau : 100% polyester 190T avec enduit PVC\n- Coutures : Enti\u00e8rement thermocoll\u00e9es\n- Capuche : \u00c9lastiqu\u00e9e int\u00e9gr\u00e9e\n- Poches : 2 poches avant\n- Cordon de serrage : Au bas de la veste\n- A\u00e9ration : Maille filet au dos","en":"The Core stormdri jacket is designed to provide effective protection against wind and moisture. Made from PVC coated 190T polyester, it ensures good waterproofing and increased resistance. The fully heat-sealed seams enhance the jacket's waterproofing, while the integrated elasticated hood provides additional protection. The full-length zip closure allows for easy wearing and removal, and the front protection flap closed by press studs offers additional protection against the wind. The jacket features two practical front pockets for storing personal items, and an adjustable cord at the bottom of the jacket allows for a custom fit. The mesh net ventilation at the back of the jacket ensures good air circulation and optimal comfort.\n\n- Material: 100% PVC coated 190T polyester\n- Seams: Fully heat-sealed\n- Hood: Integrated elasticated\n- Pockets: 2 front pockets\n- Adjustable cord: At the bottom of the jacket\n- Ventilation: Mesh net at the back","de":"Die Core Stormdri Jacke ist f\u00fcr effektiven Schutz vor Wind und Feuchtigkeit entwickelt. Sie besteht aus Polyester 190T mit PVC-Beschichtung und bietet eine gute Wasserfestigkeit und erh\u00f6hte Haltbarkeit. Die vollst\u00e4ndig thermokaschierten N\u00e4hte verst\u00e4rken die Dichtigkeit der Jacke, w\u00e4hrend die integrierte elastische Kapuze zus\u00e4tzlichen Schutz bietet. Der Rei\u00dfverschluss \u00fcber die gesamte L\u00e4nge erm\u00f6glicht einfaches An- und Ausziehen, und die vordere Schutzklappe mit Druckkn\u00f6pfen bietet zus\u00e4tzlichen Windschutz. Die Jacke verf\u00fcgt \u00fcber zwei praktische Vordertaschen zum Verstauen von pers\u00f6nlichen Gegenst\u00e4nden und ein Zugband am unteren Ende der Jacke zum Anpassen der Passform. Die Bel\u00fcftung am R\u00fccken der Jacke aus Netzstoff sorgt f\u00fcr gute Bel\u00fcftung und optimalen Tragekomfort.\n\n- Material: 100% Polyester 190T mit PVC-Beschichtung\n- N\u00e4hte: Vollst\u00e4ndig thermokaschiert\n- Kapuze: Integriert elastisch\n- Taschen: 2 Vordertaschen\n- Zugband: Am unteren Ende der Jacke\n- Bel\u00fcftung: Netzstoff am R\u00fccken","nl":"De Core stormdri jacket is ontworpen om effectieve bescherming te bieden tegen wind en vocht. Gemaakt van polyester 190T met een PVC-bekleding, zorgt het voor goede waterdichtheid en verhoogde duurzaamheid. De volledig thermo-gekleurde naden versterken de waterdichtheid van de jas, terwijl de ge\u00efntegreerde elastische kap extra bescherming biedt. De rits die de volledige lengte afdekt, zorgt voor gemakkelijk aantrekken en uittrekken, en het voorste beschermingsklep met drukknopen biedt extra bescherming tegen de wind. De jas heeft twee praktische voorkantzakken om persoonlijke spullen op te bergen, en een strenkord aan de onderkant van de jas om de pasvorm aan te passen. De ventilatie aan de achterkant van de jas in netmaas zorgt voor goede ventilatie en optimaal comfort.\n\n- Materiaal : 100% polyester 190T met PVC-bekleding\n- Naden : Volledig thermo-gekleurd\n- Kap : Ge\u00efntegreerd elastisch\n- Zakken : 2 voorkantzakken\n- Strenkord : Aan de onderkant van de jas\n- Ventilatie : Netmaas aan de achterkant","es":"La chaqueta Stormdri Core est\u00e1 dise\u00f1ada para ofrecer una protecci\u00f3n eficaz contra el viento y la humedad. Fabricada a partir de poli\u00e9ster 190T recubierto de PVC, asegura una buena impermeabilidad y una mayor resistencia. Las costuras totalmente termoselladas refuerzan la estanqueidad de la chaqueta, mientras que la capucha el\u00e1stica integrada ofrece una protecci\u00f3n adicional. La cremallera que recorre toda la altura permite un f\u00e1cil uso y retirada, y el solap\u00edn de protecci\u00f3n delantero cerrado con botones de presi\u00f3n ofrece una protecci\u00f3n adicional contra el viento. La chaqueta dispone de dos bolsillos delanteros pr\u00e1cticos para guardar los efectos personales, y un cord\u00f3n de ajuste en la parte inferior permite ajustar el ajuste. La ventilaci\u00f3n en la parte trasera de la chaqueta en malla de red asegura una buena ventilaci\u00f3n y un confort \u00f3ptimo.\n\n- Material : 100% poli\u00e9ster 190T con recubrimiento PVC\n- Costuras : Totalmente termoselladas\n- Capucha : El\u00e1stica integrada\n- Bolsillos : 2 bolsillos delanteros\n- Cord\u00f3n de ajuste : En la parte inferior de la chaqueta\n- Ventilaci\u00f3n : Malla de red en la espalda","it":"La giacca Core stormdri \u00e8 progettata per offrire una protezione efficace contro il vento e l'umidit\u00e0. Realizzata in poliestere 190T rivestito in PVC, garantisce una buona impermeabilit\u00e0 e una maggiore resistenza. Le cuciture completamente termosaldate rafforzano la tenuta della giacca, mentre il cappuccio elastico integrato offre una protezione aggiuntiva. La chiusura lampo completa permette un facile indossamento e rimozione, e il lembo di protezione anteriore chiuso con bottoni a pressione offre una protezione aggiuntiva contro il vento. La giacca dispone di due tasche pratiche sul davanti per riporre gli effetti personali, e un cordone di regolazione in basso permette di regolare l'adattamento. La ventilazione posteriore della giacca in rete assicura una buona aerazione e un comfort ottimale.\n\n- Materiale : 100% poliestere 190T con rivestimento in PVC\n- Cuciture : Completamente termosaldate\n- Cappuccio : Elastico integrato\n- Tasche : 2 tasche frontali\n- Cordone di regolazione : In basso della giacca\n- Ventilazione : Rete posteriore","sv":"Jackan Core stormdri jacket \u00e4r utformad f\u00f6r att erbjuda effektivt skydd mot vind och fukt. Tillverkad av polyester 190T med PVC-bel\u00e4ggning, den s\u00e4kerst\u00e4ller god vattent\u00e4thet och \u00f6kad h\u00e5llbarhet. De helt termoklistrade s\u00f6mmarna f\u00f6rst\u00e4rker jackans t\u00e4thet, medan den integrerade elastiska kapuppen erbjuder ytterligare skydd. Full h\u00f6jd dragkedja g\u00f6r att det \u00e4r enkelt att ta p\u00e5 och av, och det skyddande framsl\u00e4ppet st\u00e4ngt med tryckknappar erbjuder ytterligare skydd mot vinden. Jackan har tv\u00e5 praktiska framfickor f\u00f6r att f\u00f6rvara personliga f\u00f6rem\u00e5l, och ett justerbart sn\u00f6re i jackans nedre kant till\u00e5ter att anpassa passformen. Ventilationen p\u00e5 jackans baksida av n\u00e4tduk s\u00e4kerst\u00e4ller god luftcirkulation och optimal komfort.  Mat\u00e9riau : 100% polyester 190T med PVC-bel\u00e4ggning  Coutures : Helt termoklistrade Capuche : Integrerad elastisk Poches : 2 framfickor Cordon de serrage : I jackans nedre kant A\u00e9ration : N\u00e4tduk p\u00e5 baksidan","pt":"A jaqueta stormdri core \u00e9 projetada para oferecer prote\u00e7\u00e3o eficaz contra o vento e a umidade. Fabricada a partir de poli\u00e9ster 190T revestido PVC, ela garante boa impermeabilidade e resist\u00eancia aumentada. As costuras totalmente termocoladas refor\u00e7am a estanqueidade da jaqueta, enquanto a capuz el\u00e1stica integrada oferece prote\u00e7\u00e3o adicional. O z\u00edper de comprimento total permite coloca\u00e7\u00e3o e remo\u00e7\u00e3o f\u00e1ceis, e a aba de prote\u00e7\u00e3o frontal fechada por bot\u00f5es de press\u00e3o oferece prote\u00e7\u00e3o adicional contra o vento. A jaqueta disp\u00f5e de dois bolsos frontais pr\u00e1ticos para guardar itens pessoais, e um cord\u00e3o de ajuste na parte inferior da jaqueta permite ajustar o ajuste. A ventila\u00e7\u00e3o nas costas da jaqueta em rede de malha garante boa ventila\u00e7\u00e3o e conforto \u00f3timo.\n\n- Material : 100% poli\u00e9ster 190T com revestimento PVC\n- Costuras : Totalmente termocoladas\n- Capuz : El\u00e1stico integrado\n- Bolsos : 2 bolsos frontais\n- Cord\u00e3o de ajuste : Na parte inferior da jaqueta\n- Ventila\u00e7\u00e3o : Rede de malha nas costas","da":"Core stormdri jakke er designet til at tilbyde effektiv beskyttelse mod vind og fugt. Lavet af polyester 190T med PVC-bel\u00e6gning, sikrer den god vandafvisning og \u00f8get holdbarhed. De helt termoklistrede s\u00f8mme forst\u00e6rker jakkens t\u00e6thed, mens den integrerede elastiske h\u00e6tte tilbyder ekstra beskyttelse. Den fuldl\u00e6ngdes zip g\u00f8r det nemt at tage p\u00e5 og af, og forh\u00f8jningen med trykknapper tilbyder ekstra vindbeskyttelse. Jakken har to praktiske forp\u00e6rer til at opbevare personlige ejendele, og et tr\u00e6kstrop nederst p\u00e5 jakken g\u00f8r det muligt at justere passformen. Ventilationen p\u00e5 bagsiden af jakken i nettestruktur sikrer god luftcirkulation og optimal komfort.\n\n- Materiale: 100% polyester 190T med PVC-bel\u00e6gning\n- S\u00f8mme: Helt termoklistrede\n- H\u00e6tte: Integreret elastisk\n- P\u00e6rer: 2 forp\u00e6rer\n- Tr\u00e6kstrop: Nederst p\u00e5 jakken\n- Ventilation: Nettestruktur p\u00e5 bagsiden","pl":"Kurtka Core stormdri kurtka jest zaprojektowana, aby zapewni\u0107 skuteczn\u0105 ochron\u0119 przed wiatrem i wilgoci\u0105. Wykonana z poliestru 190T pokrytego PVC, zapewnia dobre nienasycenie i zwi\u0119kszon\u0105 wytrzyma\u0142o\u015b\u0107. Zupe\u0142nie termoprzylepione szwy wzmacniaj\u0105 szczelno\u015b\u0107 kurtki, podczas gdy elastyczna, wbudowana kapturka zapewnia dodatkow\u0105 ochron\u0119. Zamkni\u0119cie z zapi\u0119ciem na zamek b\u0142yskawiczny na ca\u0142ej wysoko\u015bci umo\u017cliwia \u0142atwe zak\u0142adanie i zdejmowanie, a klapa ochronna przednia zamkni\u0119ta guzikami zapewnia dodatkow\u0105 ochron\u0119 przed wiatrem. Kurtka posiada dwie praktyczne przednie kieszenie do przechowywania przedmiot\u00f3w osobistych, a sznurek regulacyjny na dole kurtki pozwala na dostosowanie dopasowania. Wentylacja na plecach kurtki z siatk\u0105 zapewnia dobr\u0105 wentylacj\u0119 i optymalny komfort. \n\n- Materia\u0142: 100% poliestru 190T z pokryciem PVC\n- Szwy: Zupe\u0142nie termoprzylepione\n- Kapturka: Elastyczna, wbudowana\n- Kieszenie: 2 przednie kieszenie\n- Sznurek regulacyjny: Na dole kurtki\n- Wentylacja: Siatka na plecach"},"h1":{"fr":"Core stormdri jacket Veste coupe vent r227x","en":"Core stormdri jacket windbreaker r227x","de":"Core Stormdri Jacke Windbreaker Jacke r227x","nl":"Core stormdri jacket Windbreker jas r227x","es":"Chaqueta Stormdri Core Veste impermeable r227x","it":"Giacca Core stormdri impermeabile Veste coupe vent r227x","sv":"Core stormdri jacket Vindt\u00e4tt jacka r227x","pt":"Jaqueta stormdri core jaqueta imperme\u00e1vel r227x","da":"Core stormdri jakke Vindt\u00e6t jakke r227x","pl":"Kurtka Core stormdri kurtka wiatroodporna r227x"},"meta_description":{"fr":"Veste coupe vent Core stormdri jacket RESULT. Id\u00e9ale pour les conditions m\u00e9t\u00e9orologiques changeantes, offrant protection et confort.","en":"Core stormdri jacket windbreaker RESULT. Ideal for changing weather conditions, offering protection and comfort.","de":"Windbreaker Jacke Core Stormdri Jacke RESULT. Ideal f\u00fcr wechselnde Wetterbedingungen, bietet Schutz und Komfort.","nl":"Windbreker jas Core stormdri jacket RESULT. Ideaal voor wisselende weersomstandigheden, biedt bescherming en comfort.","es":"Veste impermeable Core Stormdri jacket RESULT. Ideal para condiciones meteorol\u00f3gicas cambiantes, ofreciendo protecci\u00f3n y comodidad.","it":"Giacca Core stormdri impermeabile RESULT. Ideale per condizioni meteorologiche variabili, offre protezione e comfort.","sv":"Vindt\u00e4tt jacka Core stormdri jacket RESULT. Ideal f\u00f6r v\u00e4xlande v\u00e4derf\u00f6rh\u00e5llanden, erbjuder skydd och komfort.","pt":"Jaqueta imperme\u00e1vel stormdri core RESULT. Ideal para condi\u00e7\u00f5es clim\u00e1ticas vari\u00e1veis, oferecendo prote\u00e7\u00e3o e conforto.","da":"Vindt\u00e6t jakke Core stormdri jakke RESULT. Ideel til skiftende vejrforhold, der tilbyder beskyttelse og komfort.","pl":"Kurtka wiatroodporna Core stormdri kurtka RESULT. Idealna na zmienne warunki pogodowe, oferuj\u0105ca ochron\u0119 i komfort."}},"custom":{"title":{"fr":"Core stormdri jacket Veste coupe vent RESULT personnalisation r227x","en":"Core stormdri jacket Windbreaker Jacket CUSTOMIZATION r227x","de":"Core Stormdri Jacke Windbreaker Jacke RESULT Personalisierung r227x","nl":"Core stormdri jacket Windbreker vest RESULT personalisatie r227x","es":"Core stormdri jacket Chaqueta cortavientos RESULT personalizaci\u00f3n r227x","it":"Core stormdri jacket Giacca antipioggia personalizzazione r227x","sv":"Core stormdri jacket Vindt\u00e4t vesta resultat personalisering r227x","pt":"Jaqueta cortavento Core stormdri RESULT personaliza\u00e7\u00e3o r227x","da":"Core stormdri jacket Vindt\u00e6t jakke RESULT personligg\u00f8relse r227x","pl":"Kurtka stormdri Core Kurtka przeciwwiatrowa RESULT osobistego r227x"},"description":{"fr":"La veste coupe-vent Core stormdri jacket est con\u00e7ue en 100% polyester 190T avec un enduit PVC, offrant une protection efficace contre le vent et l'humidit\u00e9. Les coutures enti\u00e8rement thermocoll\u00e9es renforcent l'imperm\u00e9abilit\u00e9 de la veste. Elle est \u00e9quip\u00e9e d'une capuche \u00e9lastiqu\u00e9e int\u00e9gr\u00e9e et d'une fermeture zipp\u00e9e sur toute la hauteur pour une fermeture s\u00e9curis\u00e9e. Un rabat de protection avant ferm\u00e9 par boutons pression offre une protection suppl\u00e9mentaire contre les intemp\u00e9ries. La veste dispose de deux poches avant pratiques pour ranger les effets personnels. Un cordon de serrage au bas de la veste permet d'ajuster l'ajustement et de maintenir la chaleur. L'a\u00e9ration au dos de la veste en maille filet assure une ventilation optimale. Cette veste est personnalisable, permettant l'ajout de votre logo ou de vos couleurs pour une image de marque coh\u00e9rente.\n\n- Mati\u00e8re : 100% polyester 190T avec enduit PVC\n- Coutures : Enti\u00e8rement thermocoll\u00e9es\n- Capuche : \u00c9lastiqu\u00e9e int\u00e9gr\u00e9e\n- Poches : 2 poches avant\n- Serrage : Cordon de serrage au bas de la veste\n- A\u00e9ration : Maille filet au dos","en":"The Core stormdri jacket windbreaker jacket is designed with 100% polyester 190T with a PVC coating, offering effective protection against wind and moisture. Fully heat-sealed seams enhance the jacket's waterproofing. It features an integrated elasticated hood and a full-length zipper for secure closure. A front storm flap secured with snap buttons provides additional protection against the elements. The jacket has two practical front pockets for storing personal items. A drawstring at the bottom of the jacket allows for adjustment and heat retention. Back venting with mesh fabric ensures optimal ventilation. This jacket is customizable, allowing you to add your logo or colors for a consistent brand image.","de":"Die Windbreaker-Jacke Core Stormdri Jacke ist aus 100% Polyester 190T mit PVC-Beschichtung gefertigt und bietet wirksamen Schutz vor Wind und Feuchtigkeit. Die vollst\u00e4ndig thermoklebenden N\u00e4hte verst\u00e4rken die Wasserfestigkeit der Jacke. Sie ist mit einer elastischen, integrierten Kapuze und einem Rei\u00dfverschluss \u00fcber die gesamte L\u00e4nge f\u00fcr einen sicheren Verschluss ausgestattet. Eine Schutzklappe vorne, die mit Druckkn\u00f6pfen geschlossen wird, bietet zus\u00e4tzlichen Schutz vor den Wetterbedingungen. Die Jacke verf\u00fcgt \u00fcber zwei praktische Vordertaschen zum Verstauen von pers\u00f6nlichen Gegenst\u00e4nden. Ein Zugband am unteren Ende der Jacke erm\u00f6glicht eine Anpassung und das Halten der W\u00e4rme. Die Bel\u00fcftung am R\u00fccken der Jacke aus Netzgewebe sorgt f\u00fcr optimale Bel\u00fcftung. Diese Jacke ist personalisierbar, sodass Ihr Logo oder Ihre Farben f\u00fcr ein konsistentes Markenbild hinzugef\u00fcgt werden k\u00f6nnen. \n\n- Material: 100% Polyester 190T mit PVC-Beschichtung\n- N\u00e4hte: Vollst\u00e4ndig thermoklebend\n- Kapuze: Elastisch integriert\n- Taschen: 2 Vordertaschen\n- Verschluss: Zugband am unteren Ende der Jacke\n- Bel\u00fcftung: Netzgewebe am R\u00fccken","nl":"De windbreker vest Core stormdri jacket is gemaakt van 100% polyester 190T met een PVC-coating, biedt een effectieve bescherming tegen wind en vocht. De volledig thermisch gelijmde naden versterken de waterdichtheid van de vest. Het is uitgerust met een elastische ingewerkte kap en een zippersluiting over de volle lengte voor een veilige afsluiting. Een voorste beschermende flap, gesloten met drukknoppen, biedt extra bescherming tegen de weersomstandigheden. De vest heeft twee praktische voorzakken om persoonlijke bezittingen op te bergen. Een trekkoord aan de onderkant van de vest stelt u in staat de pasvorm aan te passen en de warmte te behouden. De ventilatie aan de achterkant van de vest in gaas zorgt voor optimale luchtcirculatie. Deze vest is personaliseerbaar, waardoor u uw logo of kleuren kunt toevoegen voor een consistent merkbeeld.","es":"La chaqueta cortavientos Core stormdri jacket est\u00e1 dise\u00f1ada en 100% poli\u00e9ster 190T con un recubrimiento de PVC, ofreciendo una protecci\u00f3n efectiva contra el viento y la humedad. Las costuras completamente termoselladas refuerzan la impermeabilidad de la chaqueta. Est\u00e1 equipada con una capucha el\u00e1stica integrada y una cremallera que abarca toda la altura para un cierre seguro. Un solapa de protecci\u00f3n frontal cerrada con botones de presi\u00f3n ofrece una protecci\u00f3n adicional contra las inclemencias del tiempo. La chaqueta dispone de dos bolsillos delanteros pr\u00e1cticos para guardar los efectos personales. Un cord\u00f3n de ajuste en la parte inferior de la chaqueta permite ajustar el ajuste y mantener el calor. La ventilaci\u00f3n en la parte trasera de la chaqueta en malla de red asegura una ventilaci\u00f3n \u00f3ptima. Esta chaqueta es personalizable, permitiendo la adici\u00f3n de su logo o colores para una imagen de marca coherente.\n\n- Material: 100% poli\u00e9ster 190T con recubrimiento de PVC\n- Costuras: Completamente termoselladas\n- Capucha: El\u00e1stica integrada\n- Bolsillos: 2 bolsillos delanteros\n- Ajuste: Cord\u00f3n de ajuste en la parte inferior de la chaqueta\n- Ventilaci\u00f3n: Malla de red en la parte trasera","it":"La giacca antipioggia Core stormdri jacket \u00e8 realizzata in 100% poliestere con rivestimento PVC, offrendo una protezione efficace contro il vento e l'umidit\u00e0. Le cuciture completamente termosaldate migliorano l'impermeabilit\u00e0 della giacca. \u00c8 dotata di un cappuccio elastico integrato e di una cerniera lampo su tutta l'altezza per una chiusura sicura. Una patta di protezione anteriore chiusa con bottoni a pressione offre una protezione aggiuntiva contro le intemperie. La giacca dispone di due tasche frontali pratiche per riporre gli effetti personali. Un cordoncino di regolazione in fondo alla giacca permette di regolare la vestibilit\u00e0 e mantenere il calore. La ventilazione sulla schiena della giacca in rete assicura una ventilazione ottimale. Questa giacca \u00e8 personalizzabile, permettendo di aggiungere il proprio logo o i propri colori per un'immagine di marca coerente.\n\n- Materiale : 100% poliestere con rivestimento PVC\n- Cuciture : Completamente termosaldate\n- Cappuccio : Integrato elastico\n- Tasche : 2 tasche frontali\n- Regolazione : Cordoncino di regolazione in fondo alla giacca\n- Ventilazione : Rete sulla schiena","sv":"Core stormdri jacket vindt\u00e4t vesta \u00e4r tillverkad av 100% polyester 190T med ett PVC-bel\u00e4gg, vilket erbjuder effektivt skydd mot vind och fuktighet. De helt termolimmade s\u00f6mmarna f\u00f6rb\u00e4ttrar vestens vattent\u00e4thet. Den \u00e4r utrustad med en integrerad elastisk huva och en helt zippad framsluten f\u00f6r s\u00e4ker st\u00e4ngning. En skyddande f\u00f6rkl\u00e4de med tryckknappar erbjuder ytterligare skydd mot v\u00e4derf\u00f6rh\u00e5llanden. Vesten har tv\u00e5 praktiska framp\u00e5sar f\u00f6r att f\u00f6rvara personliga f\u00f6rem\u00e5l. En sn\u00f6ringsrem i vestens nedre del g\u00f6r det m\u00f6jligt att justera passformen och h\u00e5lla v\u00e4rmen. Ventilationen p\u00e5 vestens baksida med n\u00e4tduk s\u00e4kerst\u00e4ller optimal ventilation. Denna vesta \u00e4r personaliserbar, vilket m\u00f6jligg\u00f6r till\u00e4gg av ditt logotyp eller dina f\u00e4rger f\u00f6r en enhetlig varum\u00e4rkesbild.","pt":"A jaqueta cortavento Core stormdri jacket \u00e9 concebida em 100% poli\u00e9ster 190T com um revestimento PVC, oferecendo uma prote\u00e7\u00e3o eficaz contra o vento e a humidade. As costuras totalmente termocoladas refor\u00e7am a impermeabilidade da jaqueta. Ela \u00e9 equipada com uma capucha el\u00e1stica integrada e um fecho de z\u00edper em toda a altura para um fechamento seguro. Um aba de prote\u00e7\u00e3o frontal fechado com bot\u00f5es de press\u00e3o oferece uma prote\u00e7\u00e3o adicional contra as intemp\u00e9ries. A jaqueta disp\u00f5e de dois bolsos frontais pr\u00e1ticos para guardar os efeitos pessoais. Um cord\u00e3o de aperto na parte inferior da jaqueta permite ajustar o ajuste e manter o calor. A ventila\u00e7\u00e3o nas costas da jaqueta em malha de rede assegura uma ventila\u00e7\u00e3o \u00f3ptima. Esta jaqueta \u00e9 personaliz\u00e1vel, permitindo a adi\u00e7\u00e3o do seu logotipo ou das suas cores para uma imagem de marca coerente.\n\n- Material: 100% poli\u00e9ster 190T com revestimento PVC\n- Costuras: Totalmente termocoladas\n- Capucha: El\u00e1stica integrada\n- Bolsos: 2 bolsos frontais\n- Aperto: Cord\u00e3o de aperto na parte inferior da jaqueta\n- Ventila\u00e7\u00e3o: Malha de rede nas costas","da":"Core stormdri jacket vindt\u00e6tte jakke er lavet af 100% polyester 190T med en PVC-bel\u00e6gning, hvilket giver effektiv beskyttelse mod vind og fugt. De helt termisk limede s\u00f8mme forst\u00e6rker jakkens vandt\u00e6thed. Den er udstyret med en elastisk indbygget kappe og en zipper, der l\u00f8ber hele vejen op, for en sikker lukning. Et forbeskyttelsesflap foran, der lukkes med trykknapper, giver ekstra beskyttelse mod vejret. Jakken har to praktiske forpoter til opbevaring af personlige ejendele. Et sn\u00f8re til justering af bundkanten af jakken tillader tilpasning og opretholdelse af varmen. Ventilationen p\u00e5 ryggen af jakken i netstrik sikrer optimal ventilation. Denne jakke kan personligg\u00f8res, hvilket tillader tilf\u00f8jelse af dit logo eller dine farver for et sammenh\u00e6ngende brandbillede. M\u00f8detype: 100% polyester 190T med PVC-bel\u00e6gning S\u00f8mme: Hele termisk limede Kappe: Elastisk indbygget Poter: 2 forpoter Justering: Sn\u00f8re til justering af bundkanten af jakken Ventilation: Netstrik p\u00e5 ryggen","pl":"Kurtka przeciwwiatrowa Core stormdri jacket jest wykonana z 100% poliestru 190T z pow\u0142ok\u0105 PVC, oferuj\u0105c skuteczn\u0105 ochron\u0119 przed wiatrem i wilgoci\u0105. Ca\u0142kowicie uszczelnione termoklejone szwy wzmacniaj\u0105 nieprzemakalno\u015b\u0107 kurtki. Jest wyposa\u017cona w elastyczn\u0105, wbudowan\u0105 kapturk\u0119 i zapi\u0119cie z zamek b\u0142yskawiczny na ca\u0142ej wysoko\u015bci dla bezpiecznego zamykania. Klapa ochronna przednia zamykana guzikami zapewnia dodatkow\u0105 ochron\u0119 przed niepogod\u0105. Kurtka posiada dwie praktyczne przednie kieszenie do przechowywania rzeczy osobistych. Sznurek regulacyjny na dole kurtki pozwala na dostosowanie dopasowania i utrzymanie ciep\u0142a. Wentylacja na plecach kurtki z siatki zapewnia optymaln\u0105 wentylacj\u0119. Ta kurtka jest personalizowalna, pozwalaj\u0105c na dodanie swojego logo lub kolor\u00f3w dla sp\u00f3jnego wizerunku marki.\n\n- Materia\u0142 : 100% poliestru 190T z pow\u0142ok\u0105 PVC\n- Szwy : Ca\u0142kowicie uszczelnione termoklejone\n- Kapturka : Elastyczna wbudowana\n- Kieszenie : 2 przednie kieszenie\n- Regulacja : Sznurek regulacyjny na dole kurtki\n- Wentylacja : Siatka na plecach"},"h1":{"fr":"Core stormdri jacket Veste coupe vent r227x personnalisation","en":"Core stormdri jacket Windbreaker Jacket r227x customization","de":"Core Stormdri Jacke Windbreaker Jacke r227x Personalisierung","nl":"Core stormdri jacket Windbreker vest r227x personalisatie","es":"Core stormdri jacket Chaqueta cortavientos r227x personalizaci\u00f3n","it":"Core stormdri jacket Giacca antipioggia r227x personalizzazione","sv":"Core stormdri jacket Vindt\u00e4t vesta r227x personalisering","pt":"Jaqueta cortavento Core stormdri r227x personaliza\u00e7\u00e3o","da":"Core stormdri jacket Vindt\u00e6t jakke r227x personligg\u00f8relse","pl":"Kurtka stormdri Core Kurtka przeciwwiatrowa r227x osobistego"},"meta_description":{"fr":"Veste coupe-vent Core stormdri jacket RESULT. Id\u00e9ale pour les conditions m\u00e9t\u00e9orologiques changeantes. Possibilit\u00e9 de personnalisation.","en":"Core stormdri jacket Windbreaker Jacket CUSTOMIZATION. Ideal for changing weather conditions. Customization option available.","de":"Windbreaker Jacke Core Stormdri Jacke RESULT. Ideal f\u00fcr wechselhafte Wetterbedingungen. M\u00f6glichkeit der Personalisierung.","nl":"Windbreker vest Core stormdri jacket RESULT. Ideaal voor wisselende weersomstandigheden. Mogelijkheid tot personalisatie.","es":"Chaqueta cortavientos Core stormdri jacket RESULT. Ideal para condiciones meteorol\u00f3gicas cambiantes. Posibilidad de personalizaci\u00f3n.","it":"Giacca antipioggia Core stormdri jacket. Ideale per le condizioni meteorologiche variabili. Possibilit\u00e0 di personalizzazione.","sv":"Vindt\u00e4t vesta Core stormdri jacket RESULT. Idealiskt f\u00f6r v\u00e4xlande v\u00e4derf\u00f6rh\u00e5llanden. M\u00f6jlighet till personalisering.","pt":"Jaqueta cortavento Core stormdri jacket RESULT. Ideal para condi\u00e7\u00f5es meteorol\u00f3gicas cambiantes. Possibilidade de personaliza\u00e7\u00e3o.","da":"Vindt\u00e6t jakke Core stormdri jacket RESULT. Ideel til vekslande vejrforhold. Mulighed for personligg\u00f8relse.","pl":"Kurtka przeciwwiatrowa Core stormdri jacket RESULT. Idealna na zmienne warunki pogodowe. Mo\u017cliwo\u015b\u0107 personalizacji."}}},"categories":[{"id":300,"name":"Coupe-vents","singular":"Coupe-vent","is_feminin":false},{"id":13,"name":"Vestes et manteaux","singular":"Veste et manteau","is_feminin":true},{"id":354,"name":"Textile","singular":"Textile","is_feminin":false}],"certifications":[],"videos":{"fr":[],"en":[],"de":[],"nl":[],"es":[],"it":[],"sv":[],"pt":[],"da":[],"pl":[]},"main_images":{"miniature":"https:\/\/media.th4.com\/AVJdWs9lE18EjCwbtVeLa6aQraoOinYJBf2dU0FV_7w\/pr:80\/aHR0cDovL21lZGlhMi5kZXNpZ25wYXJ0bmVyLmZyL2MvcC1ibGFuay1USC82NzEzLndlYnA?v=1769424912","medium":"https:\/\/media.th4.com\/gkG_mGBfm3Ao7VyBCLVEBJfkPJW23FJirX1cPNkKMDk\/pr:550x550greybg\/aHR0cDovL21lZGlhMi5kZXNpZ25wYXJ0bmVyLmZyL2MvcC1ibGFuay1USC82NzEzLndlYnA?v=1769424912","medium_large":"https:\/\/media.th4.com\/sSbWMi8ONhiuv9D4Yj-TfeUlEyq_JQ_vImvBHpsblBE\/pr:1000x1000greybg\/aHR0cDovL21lZGlhMi5kZXNpZ25wYXJ0bmVyLmZyL2MvcC1ibGFuay1USC82NzEzLndlYnA?v=1769424912","large":"https:\/\/media.th4.com\/3vqQck-SoiM-Sier5oc5EQIUIX1LujMAZamAwr5Ld-c\/pr:1920greybg\/aHR0cDovL21lZGlhMi5kZXNpZ25wYXJ0bmVyLmZyL2MvcC1ibGFuay1USC82NzEzLndlYnA?v=1769424912","opengraph":"https:\/\/media.th4.com\/CMKr96FHcAVpjrnVFTVVRaMDJkaFZ-I_uE5Q4EMqXJ8\/pr:1200x630greybg\/aHR0cDovL21lZGlhMi5kZXNpZ25wYXJ0bmVyLmZyL2MvcC1ibGFuay1USC82NzEzLndlYnA?v=1769424912"},"main_images_customization":{"miniature":"https:\/\/media.th4.com\/o8050fiRJxL-RlmnbOhOLJXU8gcW9z-vmvNW0Xu5t0k\/pr:80\/aHR0cDovL21lZGlhMi5kZXNpZ25wYXJ0bmVyLmZyL2MvcC1jdXN0b20tVEgvNjcxMy53ZWJw?v=1769425074","medium":"https:\/\/media.th4.com\/SaUu1UTrO_6GhNqkXBFlg1ivllGF-w9cHaZfMVqfQUI\/pr:550x550greybg\/aHR0cDovL21lZGlhMi5kZXNpZ25wYXJ0bmVyLmZyL2MvcC1jdXN0b20tVEgvNjcxMy53ZWJw?v=1769425074","medium_large":"https:\/\/media.th4.com\/hz6LZRJcztoIkaE6_7keYtNsB9ByrUNd2Ari4yoqg5A\/pr:1000x1000greybg\/aHR0cDovL21lZGlhMi5kZXNpZ25wYXJ0bmVyLmZyL2MvcC1jdXN0b20tVEgvNjcxMy53ZWJw?v=1769425074","large":"https:\/\/media.th4.com\/LAxwA9TIU4_Nxfpn9eFNpFsiIa3oRZmIrPxBxqRgw9U\/pr:1920greybg\/aHR0cDovL21lZGlhMi5kZXNpZ25wYXJ0bmVyLmZyL2MvcC1jdXN0b20tVEgvNjcxMy53ZWJw?v=1769425074","opengraph":"https:\/\/media.th4.com\/0KVJyJ5t427XCBwVar1mdICg49MFfqKejSEp1n2J7qY\/pr:1200x630greybg\/aHR0cDovL21lZGlhMi5kZXNpZ25wYXJ0bmVyLmZyL2MvcC1jdXN0b20tVEgvNjcxMy53ZWJw?v=1769425074"},"page_links":{"fr":"\/fr\/p-re-r227x-core-stormdri-jacket-veste-coupe-vent-r227x-6713\/","en":"\/en\/p-re-r227x-core-stormdri-jacket-windbreaker-r227x-6713\/","de":"\/de\/p-re-r227x-core-stormdri-jacke-windbreaker-jacke-r227x-6713\/","nl":"\/nl\/p-re-r227x-core-stormdri-jacket-windbreker-jas-r227x-6713\/","es":"\/es\/p-re-r227x-chaqueta-stormdri-core-veste-impermeable-r227x-6713\/","it":"\/it\/p-re-r227x-giacca-core-stormdri-impermeabile-veste-coupe-vent-r227x-6713\/","sv":"\/sv\/p-re-r227x-core-stormdri-jacket-vindtatt-jacka-r227x-6713\/","pt":"\/pt\/p-re-r227x-jaqueta-stormdri-core-jaqueta-impermeavel-r227x-6713\/","da":"\/da\/p-re-r227x-core-stormdri-jakke-vindtaet-jakke-r227x-6713\/","pl":"\/pl\/p-re-r227x-kurtka-core-stormdri-kurtka-wiatroodporna-r227x-6713\/"},"page_links_customization":{"fr":"\/fr\/p-re-r227x-core-stormdri-jacket-veste-coupe-vent-r227x-personnalisation-6713\/custom\/","en":"\/en\/p-re-r227x-core-stormdri-jacket-windbreaker-jacket-r227x-customization-6713\/custom\/","de":"\/de\/p-re-r227x-core-stormdri-jacke-windbreaker-jacke-r227x-personalisierung-6713\/custom\/","nl":"\/nl\/p-re-r227x-core-stormdri-jacket-windbreker-vest-r227x-personalisatie-6713\/custom\/","es":"\/es\/p-re-r227x-core-stormdri-jacket-chaqueta-cortavientos-r227x-personalizacion-6713\/custom\/","it":"\/it\/p-re-r227x-core-stormdri-jacket-giacca-antipioggia-r227x-personalizzazione-6713\/custom\/","sv":"\/sv\/p-re-r227x-core-stormdri-jacket-vindtat-vesta-r227x-personalisering-6713\/custom\/","pt":"\/pt\/p-re-r227x-jaqueta-cortavento-core-stormdri-r227x-personalizacao-6713\/custom\/","da":"\/da\/p-re-r227x-core-stormdri-jacket-vindtaet-jakke-r227x-personliggorelse-6713\/custom\/","pl":"\/pl\/p-re-r227x-kurtka-stormdri-core-kurtka-przeciwwiatrowa-r227x-osobistego-6713\/custom\/"},"equivalent_products":[],"colors":[{"id":364,"name":"black","class_ids":[4],"codes_hexa":["1a1a18"],"delai_24":false,"has_3d":false,"seuil_global":0,"stock_local":0,"stock_global":1073,"on_standby":false,"in_catalog":true,"images":{"miniature":["https:\/\/media.th4.com\/Myz-OPC9IqjkBLluLoc2sw4zoprkzhE4Ozcl9y7uS1M\/pr:80\/aHR0cDovL21lZGlhMi5kZXNpZ25wYXJ0bmVyLmZyL2MvcC82NzEzLzY3MTMtMzY0LTEud2VicA?v=1769423902","https:\/\/media.th4.com\/66kaEiK6ER_E-eDZkz14ohwECWG8lcc6W_EN_4esXE0\/pr:80\/aHR0cDovL21lZGlhMi5kZXNpZ25wYXJ0bmVyLmZyL2MvcC82NzEzLzY3MTMtMzY0LTIud2VicA?v=1769423903"],"medium":["https:\/\/media.th4.com\/kMqXnksAGmAg_GqKL6RwJoNtGGNMM_CJaT0ffHd_3sI\/pr:550x550\/aHR0cDovL21lZGlhMi5kZXNpZ25wYXJ0bmVyLmZyL2MvcC82NzEzLzY3MTMtMzY0LTEud2VicA?v=1769423902","https:\/\/media.th4.com\/hfstKa56JDeoihluVZ68igpKgkpTk9-8OKjOiiA7a8I\/pr:550x550\/aHR0cDovL21lZGlhMi5kZXNpZ25wYXJ0bmVyLmZyL2MvcC82NzEzLzY3MTMtMzY0LTIud2VicA?v=1769423903"],"medium_large":["https:\/\/media.th4.com\/qat_hap6rRAfg8NKTA_tiXiDk63dU1-Uolb7zRb9P9w\/pr:1000x1000\/aHR0cDovL21lZGlhMi5kZXNpZ25wYXJ0bmVyLmZyL2MvcC82NzEzLzY3MTMtMzY0LTEud2VicA?v=1769423902","https:\/\/media.th4.com\/u47EPVTdBcA6gfFwr9PExffa-OVW89Fe4hvIQ_9Kdvc\/pr:1000x1000\/aHR0cDovL21lZGlhMi5kZXNpZ25wYXJ0bmVyLmZyL2MvcC82NzEzLzY3MTMtMzY0LTIud2VicA?v=1769423903"],"large":["https:\/\/media.th4.com\/peLt_lzi-mRai0UVOBm_SRaeIN-Tb2PqD9mQk7C6lCk\/pr:1920\/aHR0cDovL21lZGlhMi5kZXNpZ25wYXJ0bmVyLmZyL2MvcC82NzEzLzY3MTMtMzY0LTEud2VicA?v=1769423902","https:\/\/media.th4.com\/loaOUD4xkybLkByffLxFaQEImUp5azzmIaxOVq2KT6Y\/pr:1920\/aHR0cDovL21lZGlhMi5kZXNpZ25wYXJ0bmVyLmZyL2MvcC82NzEzLzY3MTMtMzY0LTIud2VicA?v=1769423903"],"opengraph":["https:\/\/media.th4.com\/frJnE0ki2pEFCM42mdVKIbsI90-CTa4YoWbsz0KjwXE\/pr:1200x630\/aHR0cDovL21lZGlhMi5kZXNpZ25wYXJ0bmVyLmZyL2MvcC82NzEzLzY3MTMtMzY0LTEud2VicA?v=1769423902","https:\/\/media.th4.com\/WsiHz333oAMv5Crd-A7VrElW2Spod1-Y_XRKrYTKwMg\/pr:1200x630\/aHR0cDovL21lZGlhMi5kZXNpZ25wYXJ0bmVyLmZyL2MvcC82NzEzLzY3MTMtMzY0LTIud2VicA?v=1769423903"]},"images_customization":{"miniature":["https:\/\/media.th4.com\/Myz-OPC9IqjkBLluLoc2sw4zoprkzhE4Ozcl9y7uS1M\/pr:80\/aHR0cDovL21lZGlhMi5kZXNpZ25wYXJ0bmVyLmZyL2MvcC82NzEzLzY3MTMtMzY0LTEud2VicA?v=1769423902","https:\/\/media.th4.com\/66kaEiK6ER_E-eDZkz14ohwECWG8lcc6W_EN_4esXE0\/pr:80\/aHR0cDovL21lZGlhMi5kZXNpZ25wYXJ0bmVyLmZyL2MvcC82NzEzLzY3MTMtMzY0LTIud2VicA?v=1769423903"],"medium":["https:\/\/media.th4.com\/kMqXnksAGmAg_GqKL6RwJoNtGGNMM_CJaT0ffHd_3sI\/pr:550x550\/aHR0cDovL21lZGlhMi5kZXNpZ25wYXJ0bmVyLmZyL2MvcC82NzEzLzY3MTMtMzY0LTEud2VicA?v=1769423902","https:\/\/media.th4.com\/hfstKa56JDeoihluVZ68igpKgkpTk9-8OKjOiiA7a8I\/pr:550x550\/aHR0cDovL21lZGlhMi5kZXNpZ25wYXJ0bmVyLmZyL2MvcC82NzEzLzY3MTMtMzY0LTIud2VicA?v=1769423903"],"medium_large":["https:\/\/media.th4.com\/qat_hap6rRAfg8NKTA_tiXiDk63dU1-Uolb7zRb9P9w\/pr:1000x1000\/aHR0cDovL21lZGlhMi5kZXNpZ25wYXJ0bmVyLmZyL2MvcC82NzEzLzY3MTMtMzY0LTEud2VicA?v=1769423902","https:\/\/media.th4.com\/u47EPVTdBcA6gfFwr9PExffa-OVW89Fe4hvIQ_9Kdvc\/pr:1000x1000\/aHR0cDovL21lZGlhMi5kZXNpZ25wYXJ0bmVyLmZyL2MvcC82NzEzLzY3MTMtMzY0LTIud2VicA?v=1769423903"],"large":["https:\/\/media.th4.com\/peLt_lzi-mRai0UVOBm_SRaeIN-Tb2PqD9mQk7C6lCk\/pr:1920\/aHR0cDovL21lZGlhMi5kZXNpZ25wYXJ0bmVyLmZyL2MvcC82NzEzLzY3MTMtMzY0LTEud2VicA?v=1769423902","https:\/\/media.th4.com\/loaOUD4xkybLkByffLxFaQEImUp5azzmIaxOVq2KT6Y\/pr:1920\/aHR0cDovL21lZGlhMi5kZXNpZ25wYXJ0bmVyLmZyL2MvcC82NzEzLzY3MTMtMzY0LTIud2VicA?v=1769423903"],"opengraph":["https:\/\/media.th4.com\/frJnE0ki2pEFCM42mdVKIbsI90-CTa4YoWbsz0KjwXE\/pr:1200x630\/aHR0cDovL21lZGlhMi5kZXNpZ25wYXJ0bmVyLmZyL2MvcC82NzEzLzY3MTMtMzY0LTEud2VicA?v=1769423902","https:\/\/media.th4.com\/WsiHz333oAMv5Crd-A7VrElW2Spod1-Y_XRKrYTKwMg\/pr:1200x630\/aHR0cDovL21lZGlhMi5kZXNpZ25wYXJ0bmVyLmZyL2MvcC82NzEzLzY3MTMtMzY0LTIud2VicA?v=1769423903"]},"country_origin":"CN","traceability":{"manufacturing_country_id":59,"weaving_country_id":null,"dyeing_country_id":61},"sizes":[{"id":3,"article_id":219706,"class_id":3,"name":"S","on_standby":false,"stock_local":0,"stock_global":178,"multiple":1,"estimated_date_reassort":null,"is_destocking":false},{"id":2,"article_id":219707,"class_id":4,"name":"M","on_standby":false,"stock_local":0,"stock_global":180,"multiple":1,"estimated_date_reassort":null,"is_destocking":false},{"id":1,"article_id":219708,"class_id":5,"name":"L","on_standby":false,"stock_local":0,"stock_global":259,"multiple":1,"estimated_date_reassort":null,"is_destocking":false},{"id":4,"article_id":219709,"class_id":6,"name":"XL","on_standby":false,"stock_local":0,"stock_global":246,"multiple":1,"estimated_date_reassort":null,"is_destocking":false},{"id":1116,"article_id":252628,"class_id":7,"name":"2XL","on_standby":false,"stock_local":0,"stock_global":113,"multiple":1,"estimated_date_reassort":null,"is_destocking":false},{"id":1081,"article_id":219711,"class_id":8,"name":"3XL","on_standby":false,"stock_local":0,"stock_global":97,"multiple":1,"estimated_date_reassort":null,"is_destocking":false}],"page_links":{"fr":"\/fr\/p-re-r227x-core-stormdri-jacket-veste-coupe-vent-r227x-6713\/black-364\/","en":"\/en\/p-re-r227x-core-stormdri-jacket-windbreaker-r227x-6713\/black-364\/","de":"\/de\/p-re-r227x-core-stormdri-jacke-windbreaker-jacke-r227x-6713\/black-364\/","nl":"\/nl\/p-re-r227x-core-stormdri-jacket-windbreker-jas-r227x-6713\/black-364\/","es":"\/es\/p-re-r227x-chaqueta-stormdri-core-veste-impermeable-r227x-6713\/black-364\/","it":"\/it\/p-re-r227x-giacca-core-stormdri-impermeabile-veste-coupe-vent-r227x-6713\/black-364\/","sv":"\/sv\/p-re-r227x-core-stormdri-jacket-vindtatt-jacka-r227x-6713\/black-364\/","pt":"\/pt\/p-re-r227x-jaqueta-stormdri-core-jaqueta-impermeavel-r227x-6713\/black-364\/","da":"\/da\/p-re-r227x-core-stormdri-jakke-vindtaet-jakke-r227x-6713\/black-364\/","pl":"\/pl\/p-re-r227x-kurtka-core-stormdri-kurtka-wiatroodporna-r227x-6713\/black-364\/"},"page_links_customization":{"fr":"\/fr\/p-re-r227x-core-stormdri-jacket-veste-coupe-vent-r227x-personnalisation-6713\/black-364\/custom\/","en":"\/en\/p-re-r227x-core-stormdri-jacket-windbreaker-jacket-r227x-customization-6713\/black-364\/custom\/","de":"\/de\/p-re-r227x-core-stormdri-jacke-windbreaker-jacke-r227x-personalisierung-6713\/black-364\/custom\/","nl":"\/nl\/p-re-r227x-core-stormdri-jacket-windbreker-vest-r227x-personalisatie-6713\/black-364\/custom\/","es":"\/es\/p-re-r227x-core-stormdri-jacket-chaqueta-cortavientos-r227x-personalizacion-6713\/black-364\/custom\/","it":"\/it\/p-re-r227x-core-stormdri-jacket-giacca-antipioggia-r227x-personalizzazione-6713\/black-364\/custom\/","sv":"\/sv\/p-re-r227x-core-stormdri-jacket-vindtat-vesta-r227x-personalisering-6713\/black-364\/custom\/","pt":"\/pt\/p-re-r227x-jaqueta-cortavento-core-stormdri-r227x-personalizacao-6713\/black-364\/custom\/","da":"\/da\/p-re-r227x-core-stormdri-jacket-vindtaet-jakke-r227x-personliggorelse-6713\/black-364\/custom\/","pl":"\/pl\/p-re-r227x-kurtka-stormdri-core-kurtka-przeciwwiatrowa-r227x-osobistego-6713\/black-364\/custom\/"}},{"id":22474,"name":"navy","class_ids":[2],"codes_hexa":["19286b"],"delai_24":false,"has_3d":false,"seuil_global":0,"stock_local":0,"stock_global":541,"on_standby":false,"in_catalog":true,"images":{"miniature":["https:\/\/media.th4.com\/TPYR5XUGTMw5Kie2d3h3T99sfnIi0MJ1zDGxuqMuNV0\/pr:80\/aHR0cDovL21lZGlhMi5kZXNpZ25wYXJ0bmVyLmZyL2MvcC82NzEzLzY3MTMtMjI0NzQtMS53ZWJw?v=1769423905","https:\/\/media.th4.com\/4lTS7A0glXJFCoTSpnTz_XsSTT4oV-3ZZPjUt1XZD-w\/pr:80\/aHR0cDovL21lZGlhMi5kZXNpZ25wYXJ0bmVyLmZyL2MvcC82NzEzLzY3MTMtMjI0NzQtMi53ZWJw?v=1769423907"],"medium":["https:\/\/media.th4.com\/78x-DhgPfHya4uaxqdO8d3heDfgNsWrKVv96tQ_nHio\/pr:550x550\/aHR0cDovL21lZGlhMi5kZXNpZ25wYXJ0bmVyLmZyL2MvcC82NzEzLzY3MTMtMjI0NzQtMS53ZWJw?v=1769423905","https:\/\/media.th4.com\/O90heDYdBVBRTVmmJqQCqs2TVyDu0KU1PSRUyxZJzCs\/pr:550x550\/aHR0cDovL21lZGlhMi5kZXNpZ25wYXJ0bmVyLmZyL2MvcC82NzEzLzY3MTMtMjI0NzQtMi53ZWJw?v=1769423907"],"medium_large":["https:\/\/media.th4.com\/uj2RXA1emVFe3TaTadnqKcpCGHnSzi0FrGMbd-LPgoE\/pr:1000x1000\/aHR0cDovL21lZGlhMi5kZXNpZ25wYXJ0bmVyLmZyL2MvcC82NzEzLzY3MTMtMjI0NzQtMS53ZWJw?v=1769423905","https:\/\/media.th4.com\/CUWVEDzQfw_-gnFVR_64zMP89hRtfnCCMc7ZA7QkB9w\/pr:1000x1000\/aHR0cDovL21lZGlhMi5kZXNpZ25wYXJ0bmVyLmZyL2MvcC82NzEzLzY3MTMtMjI0NzQtMi53ZWJw?v=1769423907"],"large":["https:\/\/media.th4.com\/7hB5qBh6316n09ZEe812tSMudXm6X-9xqV4HuY5-p5M\/pr:1920\/aHR0cDovL21lZGlhMi5kZXNpZ25wYXJ0bmVyLmZyL2MvcC82NzEzLzY3MTMtMjI0NzQtMS53ZWJw?v=1769423905","https:\/\/media.th4.com\/mSx3Sls9j86MKwRFeXzVqew0c2cbdArWUMTvA5ZvtJs\/pr:1920\/aHR0cDovL21lZGlhMi5kZXNpZ25wYXJ0bmVyLmZyL2MvcC82NzEzLzY3MTMtMjI0NzQtMi53ZWJw?v=1769423907"],"opengraph":["https:\/\/media.th4.com\/3vjNvYrlAWRcn0LOhI9AgXSNndvZnWRmNwaEYCqzR20\/pr:1200x630\/aHR0cDovL21lZGlhMi5kZXNpZ25wYXJ0bmVyLmZyL2MvcC82NzEzLzY3MTMtMjI0NzQtMS53ZWJw?v=1769423905","https:\/\/media.th4.com\/RpoejpXXUEvu7ECOU_a8Mq8OhtGYarP_bCDU78mXqHk\/pr:1200x630\/aHR0cDovL21lZGlhMi5kZXNpZ25wYXJ0bmVyLmZyL2MvcC82NzEzLzY3MTMtMjI0NzQtMi53ZWJw?v=1769423907"]},"images_customization":{"miniature":["https:\/\/media.th4.com\/TPYR5XUGTMw5Kie2d3h3T99sfnIi0MJ1zDGxuqMuNV0\/pr:80\/aHR0cDovL21lZGlhMi5kZXNpZ25wYXJ0bmVyLmZyL2MvcC82NzEzLzY3MTMtMjI0NzQtMS53ZWJw?v=1769423905","https:\/\/media.th4.com\/4lTS7A0glXJFCoTSpnTz_XsSTT4oV-3ZZPjUt1XZD-w\/pr:80\/aHR0cDovL21lZGlhMi5kZXNpZ25wYXJ0bmVyLmZyL2MvcC82NzEzLzY3MTMtMjI0NzQtMi53ZWJw?v=1769423907"],"medium":["https:\/\/media.th4.com\/78x-DhgPfHya4uaxqdO8d3heDfgNsWrKVv96tQ_nHio\/pr:550x550\/aHR0cDovL21lZGlhMi5kZXNpZ25wYXJ0bmVyLmZyL2MvcC82NzEzLzY3MTMtMjI0NzQtMS53ZWJw?v=1769423905","https:\/\/media.th4.com\/O90heDYdBVBRTVmmJqQCqs2TVyDu0KU1PSRUyxZJzCs\/pr:550x550\/aHR0cDovL21lZGlhMi5kZXNpZ25wYXJ0bmVyLmZyL2MvcC82NzEzLzY3MTMtMjI0NzQtMi53ZWJw?v=1769423907"],"medium_large":["https:\/\/media.th4.com\/uj2RXA1emVFe3TaTadnqKcpCGHnSzi0FrGMbd-LPgoE\/pr:1000x1000\/aHR0cDovL21lZGlhMi5kZXNpZ25wYXJ0bmVyLmZyL2MvcC82NzEzLzY3MTMtMjI0NzQtMS53ZWJw?v=1769423905","https:\/\/media.th4.com\/CUWVEDzQfw_-gnFVR_64zMP89hRtfnCCMc7ZA7QkB9w\/pr:1000x1000\/aHR0cDovL21lZGlhMi5kZXNpZ25wYXJ0bmVyLmZyL2MvcC82NzEzLzY3MTMtMjI0NzQtMi53ZWJw?v=1769423907"],"large":["https:\/\/media.th4.com\/7hB5qBh6316n09ZEe812tSMudXm6X-9xqV4HuY5-p5M\/pr:1920\/aHR0cDovL21lZGlhMi5kZXNpZ25wYXJ0bmVyLmZyL2MvcC82NzEzLzY3MTMtMjI0NzQtMS53ZWJw?v=1769423905","https:\/\/media.th4.com\/mSx3Sls9j86MKwRFeXzVqew0c2cbdArWUMTvA5ZvtJs\/pr:1920\/aHR0cDovL21lZGlhMi5kZXNpZ25wYXJ0bmVyLmZyL2MvcC82NzEzLzY3MTMtMjI0NzQtMi53ZWJw?v=1769423907"],"opengraph":["https:\/\/media.th4.com\/3vjNvYrlAWRcn0LOhI9AgXSNndvZnWRmNwaEYCqzR20\/pr:1200x630\/aHR0cDovL21lZGlhMi5kZXNpZ25wYXJ0bmVyLmZyL2MvcC82NzEzLzY3MTMtMjI0NzQtMS53ZWJw?v=1769423905","https:\/\/media.th4.com\/RpoejpXXUEvu7ECOU_a8Mq8OhtGYarP_bCDU78mXqHk\/pr:1200x630\/aHR0cDovL21lZGlhMi5kZXNpZ25wYXJ0bmVyLmZyL2MvcC82NzEzLzY3MTMtMjI0NzQtMi53ZWJw?v=1769423907"]},"country_origin":"CN","traceability":{"manufacturing_country_id":59,"weaving_country_id":null,"dyeing_country_id":61},"sizes":[{"id":3,"article_id":219712,"class_id":3,"name":"S","on_standby":false,"stock_local":0,"stock_global":15,"multiple":1,"estimated_date_reassort":null,"is_destocking":false},{"id":2,"article_id":219713,"class_id":4,"name":"M","on_standby":false,"stock_local":0,"stock_global":77,"multiple":1,"estimated_date_reassort":null,"is_destocking":false},{"id":1,"article_id":219714,"class_id":5,"name":"L","on_standby":false,"stock_local":0,"stock_global":172,"multiple":1,"estimated_date_reassort":null,"is_destocking":false},{"id":4,"article_id":219715,"class_id":6,"name":"XL","on_standby":false,"stock_local":0,"stock_global":123,"multiple":1,"estimated_date_reassort":null,"is_destocking":false},{"id":1116,"article_id":252629,"class_id":7,"name":"2XL","on_standby":false,"stock_local":0,"stock_global":91,"multiple":1,"estimated_date_reassort":null,"is_destocking":false},{"id":1081,"article_id":219717,"class_id":8,"name":"3XL","on_standby":false,"stock_local":0,"stock_global":63,"multiple":1,"estimated_date_reassort":null,"is_destocking":false}],"page_links":{"fr":"\/fr\/p-re-r227x-core-stormdri-jacket-veste-coupe-vent-r227x-6713\/navy-22474\/","en":"\/en\/p-re-r227x-core-stormdri-jacket-windbreaker-r227x-6713\/navy-22474\/","de":"\/de\/p-re-r227x-core-stormdri-jacke-windbreaker-jacke-r227x-6713\/navy-22474\/","nl":"\/nl\/p-re-r227x-core-stormdri-jacket-windbreker-jas-r227x-6713\/navy-22474\/","es":"\/es\/p-re-r227x-chaqueta-stormdri-core-veste-impermeable-r227x-6713\/navy-22474\/","it":"\/it\/p-re-r227x-giacca-core-stormdri-impermeabile-veste-coupe-vent-r227x-6713\/navy-22474\/","sv":"\/sv\/p-re-r227x-core-stormdri-jacket-vindtatt-jacka-r227x-6713\/navy-22474\/","pt":"\/pt\/p-re-r227x-jaqueta-stormdri-core-jaqueta-impermeavel-r227x-6713\/navy-22474\/","da":"\/da\/p-re-r227x-core-stormdri-jakke-vindtaet-jakke-r227x-6713\/navy-22474\/","pl":"\/pl\/p-re-r227x-kurtka-core-stormdri-kurtka-wiatroodporna-r227x-6713\/navy-22474\/"},"page_links_customization":{"fr":"\/fr\/p-re-r227x-core-stormdri-jacket-veste-coupe-vent-r227x-personnalisation-6713\/navy-22474\/custom\/","en":"\/en\/p-re-r227x-core-stormdri-jacket-windbreaker-jacket-r227x-customization-6713\/navy-22474\/custom\/","de":"\/de\/p-re-r227x-core-stormdri-jacke-windbreaker-jacke-r227x-personalisierung-6713\/navy-22474\/custom\/","nl":"\/nl\/p-re-r227x-core-stormdri-jacket-windbreker-vest-r227x-personalisatie-6713\/navy-22474\/custom\/","es":"\/es\/p-re-r227x-core-stormdri-jacket-chaqueta-cortavientos-r227x-personalizacion-6713\/navy-22474\/custom\/","it":"\/it\/p-re-r227x-core-stormdri-jacket-giacca-antipioggia-r227x-personalizzazione-6713\/navy-22474\/custom\/","sv":"\/sv\/p-re-r227x-core-stormdri-jacket-vindtat-vesta-r227x-personalisering-6713\/navy-22474\/custom\/","pt":"\/pt\/p-re-r227x-jaqueta-cortavento-core-stormdri-r227x-personalizacao-6713\/navy-22474\/custom\/","da":"\/da\/p-re-r227x-core-stormdri-jacket-vindtaet-jakke-r227x-personliggorelse-6713\/navy-22474\/custom\/","pl":"\/pl\/p-re-r227x-kurtka-stormdri-core-kurtka-przeciwwiatrowa-r227x-osobistego-6713\/navy-22474\/custom\/"}}],"documentation_link":"\/pdf\/6713.pdf","countries_availables":["AD","AE","AL","AT","BA","BD","BE","BG","BL","CA","CH","CN","CO","CY","CZ","DE","DK","DO","EE","EG","ES","ET","FI","FR","GB","GE","GF","GP","GR","GT","HK","HN","HR","HT","HU","ID","IE","IN","IS","IT","JO","JP","KE","KH","KP","KR","LA","LK","LS","LT","LU","LV","MA","MF","MG","MK","MM","MN","MQ","MT","MX","MY","NC","NI","NL","PF","PH","PK","PL","PM","PT","RE","RO","SE","SG","SI","SK","SV","SY","TH","TN","TR","TW","TZ","US","VN","WF","YT"]},"infos_customization":[],"features":{"authorize_multi_surfaces":true,"display_order_delay_type":true,"promote_surface_display":true,"tarification_franco_offert":true,"enabled_3d_editor":false},"markings":[{"id":0,"nom":"vierge","finition":null,"libelle":null,"code":null,"dpi":null,"finesse_forme_isolee":null,"finesse_forme_non_isolee":null,"hauteur_minimale_texte":null,"inactif":0,"marquage_interne":1,"quantite_min":null,"parent_id":null,"print_on_support":0,"content":"vierge","description":null},{"id":2,"nom":"fonce","finition":"optimale","libelle":"TopQuadri","code":null,"dpi":400,"finesse_forme_isolee":"0.040","finesse_forme_non_isolee":"0.700","hauteur_minimale_texte":2,"inactif":0,"marquage_interne":1,"quantite_min":null,"parent_id":18,"print_on_support":0,"content":"TopQuadri","description":"pour petites et moyennes s\u00e9ries"},{"id":3,"nom":"serigraphie","finition":"serigraphie","libelle":"SeriCoat","code":null,"dpi":400,"finesse_forme_isolee":"0.040","finesse_forme_non_isolee":"0.700","hauteur_minimale_texte":2,"inactif":0,"marquage_interne":1,"quantite_min":15,"parent_id":18,"print_on_support":0,"content":"SeriCoat","description":"pour moyennes et grandes s\u00e9ries"},{"id":4,"nom":"broderie","finition":"broderie","libelle":"Broderie","code":null,"dpi":400,"finesse_forme_isolee":"0.040","finesse_forme_non_isolee":"0.700","hauteur_minimale_texte":3,"inactif":0,"marquage_interne":1,"quantite_min":null,"parent_id":null,"print_on_support":0,"content":"Broderie","description":null},{"id":8,"nom":"theme","finition":null,"libelle":"Th\u00e8me","code":null,"dpi":null,"finesse_forme_isolee":null,"finesse_forme_non_isolee":null,"hauteur_minimale_texte":null,"inactif":0,"marquage_interne":1,"quantite_min":null,"parent_id":null,"print_on_support":0,"content":"Th\u00e8me","description":null},{"id":9,"nom":"sans","finition":null,"libelle":null,"code":null,"dpi":null,"finesse_forme_isolee":null,"finesse_forme_non_isolee":null,"hauteur_minimale_texte":null,"inactif":0,"marquage_interne":1,"quantite_min":null,"parent_id":null,"print_on_support":0,"content":"sans","description":null},{"id":10,"nom":"photo","finition":null,"libelle":"Photo","code":null,"dpi":null,"finesse_forme_isolee":null,"finesse_forme_non_isolee":null,"hauteur_minimale_texte":null,"inactif":0,"marquage_interne":1,"quantite_min":null,"parent_id":null,"print_on_support":0,"content":"Photo","description":null},{"id":14,"nom":"couleur","finition":null,"libelle":"Couleur","code":null,"dpi":null,"finesse_forme_isolee":null,"finesse_forme_non_isolee":null,"hauteur_minimale_texte":null,"inactif":0,"marquage_interne":1,"quantite_min":null,"parent_id":null,"print_on_support":0,"content":"Couleur","description":null},{"id":15,"nom":"sublimation","finition":"sublimation","libelle":"Sublimation","code":null,"dpi":null,"finesse_forme_isolee":"0.000","finesse_forme_non_isolee":"0.000","hauteur_minimale_texte":2,"inactif":0,"marquage_interne":1,"quantite_min":null,"parent_id":null,"print_on_support":0,"content":"Sublimation","description":null},{"id":16,"nom":"topquadri_uv","finition":null,"libelle":"TopQuadri UV","code":null,"dpi":null,"finesse_forme_isolee":"0.020","finesse_forme_non_isolee":"0.700","hauteur_minimale_texte":2,"inactif":0,"marquage_interne":1,"quantite_min":null,"parent_id":null,"print_on_support":1,"content":null,"description":null},{"id":17,"nom":"topquadri_uvp","finition":null,"libelle":"TopQuadri UVP","code":null,"dpi":null,"finesse_forme_isolee":"0.020","finesse_forme_non_isolee":"0.700","hauteur_minimale_texte":2,"inactif":0,"marquage_interne":1,"quantite_min":null,"parent_id":null,"print_on_support":1,"content":null,"description":null},{"id":18,"nom":"quadri","finition":null,"libelle":"Impression","code":null,"dpi":null,"finesse_forme_isolee":null,"finesse_forme_non_isolee":null,"hauteur_minimale_texte":null,"inactif":0,"marquage_interne":1,"quantite_min":null,"parent_id":null,"print_on_support":0,"content":null,"description":null}]}}