{"data":{"product":{"id":549,"titre":"Full Zip Fleece Jacket","description":"100% polyester anti-peluche. Poches zipp\u00e9es.","genre":"homme","grammage":330,"conditionnement":15,"composition":"polyester_uniquement","reference":"SW700","reference_visible":"st-sw700","reference_fabricant":"SW700","ref_xor":"742496","in_catalog":true,"is_transfer":false,"is_service":false,"on_standby":false,"has_3d":false,"has_size_guide":false,"has_marking":true,"has_vierge":true,"is_cross_sellable":false,"id_picto":27,"filename_3d":null,"brand":{"id":20,"name":"Starworld","logo":"logo-starworld.png","image":"https:\/\/media.th4.com\/LWmFS3eO5E59NLF0KVGp5bcVc35VmTp44P0lYDBI_34\/pr:brand70x70\/aHR0cDovL21lZGlhMi5kZXNpZ25wYXJ0bmVyLmZyL2MvbS9sb2dvLXN0YXJ3b3JsZC5wbmc"},"price_infos":{"price_from":14.98,"quantity":5,"color":{"id":539,"name":"charcoal"},"size":{"id":1116,"name":"2XL"}},"price_infos_marking":{"price_from":30.71,"quantity":10,"color":{"id":539,"name":"charcoal"},"size":{"id":1116,"name":"2XL"},"marking":{"id":4,"name":""},"emplacement":"avant","surface_emplacement_id":1,"surface":"coeur"},"i18n":{"blank":{"title":{"fr":"Veste polaire zip STARWORLD sw700","en":"Zip fleece jacket STARWORLD sw700","de":"Fleecejacke mit Rei\u00dfverschluss STARWORLD sw700","nl":"Fleece vest met rits STARWORLD sw700","es":"Chaqueta polar con cremallera STARWORLD sw700","it":"Giacca in pile con zip STARWORLD sw700","sv":"Fleecejacka med dragkedja STARWORLD sw700","pt":"Casaco polar com fecho STARWORLD sw700","da":"Fleecejakke med lynl\u00e5s STARWORLD sw700","pl":"Polarowa kurtka z zamkiem STARWORLD sw700"},"description":{"fr":"La Veste Polaire zip convient comme couche interm\u00e9diaire ou ext\u00e9rieure par temps frais. Sa fermeture zipp\u00e9e facilite l'enfilage et les poches zipp\u00e9es permettent de garder de petits objets \u00e0 port\u00e9e de main.\n\n- Composition : 100% polyester anti-peluche\n- Fermeture zipp\u00e9e\n- Poches zipp\u00e9es\n- Usage : temps frais","en":"The zip fleece jacket is suitable as a mid layer or outer layer in cool weather. Its zip fastening makes it easy to put on, and the zip pockets keep small items within easy reach.\n\n- Composition: 100% anti-pill polyester\n- Zip fastening\n- Zip pockets\n- Use: cool weather","de":"Die Fleecejacke mit Rei\u00dfverschluss eignet sich als Zwischen- oder Au\u00dfenschicht bei k\u00fchlem Wetter. Der Rei\u00dfverschluss erleichtert das Anziehen und die Rei\u00dfverschlusstaschen halten kleine Gegenst\u00e4nde griffbereit.\n\n- Material: 100% antipilling Polyester\n- Rei\u00dfverschluss\n- Rei\u00dfverschlusstaschen\n- Verwendung: k\u00fchles Wetter","nl":"De fleece vest met rits is geschikt als tussenlaag of buitenlaag bij koel weer. De ritssluiting vergemakkelijkt het aantrekken en in de zakken met rits blijven kleine voorwerpen binnen handbereik.\n\n- Samenstelling: 100% anti-pilling polyester\n- Ritssluiting\n- Zakken met rits\n- Gebruik: koel weer","es":"La chaqueta polar con cremallera es adecuada como capa intermedia o exterior en tiempo fresco. Su cierre de cremallera facilita la colocaci\u00f3n y los bolsillos con cremallera permiten mantener peque\u00f1os objetos al alcance de la mano.\n\n- Composici\u00f3n: 100% poli\u00e9ster antipilling\n- Cierre de cremallera\n- Bolsillos con cremallera\n- Uso: tiempo fresco","it":"La giacca in pile con zip \u00e8 adatta come strato intermedio o esterno con tempo fresco. La chiusura con zip facilita l'indosso e le tasche con zip consentono di tenere piccoli oggetti a portata di mano.\n\n- Composizione: 100% poliestere antipilling\n- Chiusura con zip\n- Tasche con zip\n- Utilizzo: tempo fresco","sv":"Fleecejackan med dragkedja passar som mellanlager eller ytterlager i svalt v\u00e4der. Dragkedjan g\u00f6r den enkel att ta p\u00e5, och fickorna med dragkedja g\u00f6r att sm\u00e5 f\u00f6rem\u00e5l kan h\u00e5llas n\u00e4ra till hands.\n\n- Sammans\u00e4ttning: 100% antipillingpolyester\n- Dragkedja\n- Fickor med dragkedja\n- Anv\u00e4ndning: svalt v\u00e4der","pt":"O casaco polar com fecho \u00e9 adequado como camada interm\u00e9dia ou exterior em tempo fresco. O fecho de correr facilita ao vestir e os bolsos com fecho permitem manter pequenos objetos \u00e0 m\u00e3o.\n\n- Composi\u00e7\u00e3o: 100% poli\u00e9ster anti-borboto\n- Fecho de correr\n- Bolsos com fecho\n- Utiliza\u00e7\u00e3o: tempo fresco","da":"Fleecejakken med lynl\u00e5s er egnet som mellemlag eller yderlag i k\u00f8ligt vejr. Lynl\u00e5slukningen g\u00f8r den nem at tage p\u00e5, og lynl\u00e5slommerne holder sm\u00e5 genstande inden for r\u00e6kkevidde.\n\n- Sammens\u00e6tning: 100% antipilling polyester\n- Lynl\u00e5slukning\n- Lynl\u00e5slommer\n- Anvendelse: k\u00f8ligt vejr","pl":"Polarowa kurtka z zamkiem nadaje si\u0119 jako warstwa po\u015brednia lub zewn\u0119trzna w ch\u0142odne dni. Zapi\u0119cie na zamek b\u0142yskawiczny u\u0142atwia zak\u0142adanie, a kieszenie na zamek pozwalaj\u0105 trzyma\u0107 ma\u0142e przedmioty pod r\u0119k\u0105.\n\n- Sk\u0142ad: 100% poliester antypillingowy\n- Zapi\u0119cie na zamek b\u0142yskawiczny\n- Kieszenie na zamek\n- Zastosowanie: ch\u0142odne dni"},"h1":{"fr":"Veste polaire zip sw700","en":"Zip fleece jacket sw700","de":"Fleecejacke mit Rei\u00dfverschluss sw700","nl":"Fleece vest met rits sw700","es":"Chaqueta polar con cremallera sw700","it":"Giacca in pile con zip sw700","sv":"Fleecejacka med dragkedja sw700","pt":"Casaco polar com fecho sw700","da":"Fleecejakke med lynl\u00e5s sw700","pl":"Polarowa kurtka z zamkiem sw700"},"meta_description":{"fr":"Veste Polaire zip Polaire sw700 avec fermeture zipp\u00e9e et poches zipp\u00e9es. Une couche chaude en polyester pour un usage quotidien par temps frais.","en":"Zip fleece jacket sw700 with zip fastening and zip pockets. A warm polyester layer for everyday use in cool weather.","de":"Fleecejacke sw700 mit Rei\u00dfverschluss und Rei\u00dfverschlusstaschen. Eine warme Schicht aus Polyester f\u00fcr den t\u00e4glichen Gebrauch bei k\u00fchlem Wetter.","nl":"Fleece vest met rits sw700 met ritssluiting en zakken met rits. Een warme polyester laag voor dagelijks gebruik bij koel weer.","es":"Chaqueta polar con cremallera sw700 con cierre de cremallera y bolsillos con cremallera. Una capa c\u00e1lida de poli\u00e9ster para uso diario en tiempo fresco.","it":"Giacca in pile con zip sw700 con chiusura con zip e tasche con zip. Uno strato caldo in poliestere per l'uso quotidiano con tempo fresco.","sv":"Fleecejacka sw700 med dragkedja och fickor med dragkedja. Ett varmt lager i polyester f\u00f6r daglig anv\u00e4ndning i svalt v\u00e4der.","pt":"Casaco polar com fecho sw700 com fecho de correr e bolsos com fecho. Uma camada quente em poli\u00e9ster para uso di\u00e1rio em tempo fresco.","da":"Fleecejakke med lynl\u00e5s sw700 med lynl\u00e5slukning og lynl\u00e5slommer. Et varmt lag i polyester til daglig brug i k\u00f8ligt vejr.","pl":"Polarowa kurtka sw700 z zamkiem b\u0142yskawicznym i kieszeniami na zamek. Ciep\u0142a warstwa z poliestru do codziennego u\u017cytku w ch\u0142odne dni."}},"custom":{"title":{"fr":"Veste polaire zip STARWORLD sw700 personnalisable","en":"Customizable STARWORLD sw700 zip fleece jacket","de":"Personalisierbare Fleecejacke mit Rei\u00dfverschluss STARWORLD sw700","nl":"Personaliseerbare fleecejas met rits STARWORLD sw700","es":"Chaqueta polar con cremallera STARWORLD sw700 personalizable","it":"Giacca in pile con zip STARWORLD sw700 personalizzabile","sv":"Anpassningsbar fleecejacka med dragkedja STARWORLD sw700","pt":"Casaco polar com fecho STARWORLD sw700 personaliz\u00e1vel","da":"Fleecejakke med lynl\u00e5s STARWORLD sw700 kan tilpasses","pl":"Personalizowana bluza polarowa z zamkiem STARWORLD sw700"},"description":{"fr":"La veste polaire zip convient \u00e0 un usage quotidien ou professionnel gr\u00e2ce \u00e0 sa mati\u00e8re en polyester anti-peluche et \u00e0 sa fermeture zipp\u00e9e. Les poches zipp\u00e9es facilitent le rangement de petits objets. Ce mod\u00e8le personnalisable s'adapte \u00e0 diff\u00e9rents besoins de marquage textile.\n\n- Composition : 100% polyester anti-peluche\n- Fermeture zipp\u00e9e sur l'avant\n- Poches lat\u00e9rales zipp\u00e9es\n- Personnalisation possible","en":"The zip fleece jacket is suitable for everyday or professional use thanks to its anti-pill polyester fabric and zip fastening. The zip pockets make it easy to store small items. This customizable model adapts to different textile branding needs.\n\n- Composition: 100% anti-pill polyester\n- Front zip fastening\n- Zipped side pockets\n- Customization possible","de":"Die Fleecejacke mit Rei\u00dfverschluss eignet sich dank ihres Anti-Pilling-Polyesters und ihres Rei\u00dfverschlusses f\u00fcr den t\u00e4glichen oder beruflichen Gebrauch. Die Rei\u00dfverschlusstaschen erleichtern das Verstauen kleiner Gegenst\u00e4nde. Dieses personalisierbare Modell passt zu verschiedenen Anforderungen der Textilveredelung.\n\n- Material: 100 % Anti-Pilling-Polyester\n- Rei\u00dfverschluss auf der Vorderseite\n- Seitliche Rei\u00dfverschlusstaschen\n- Personalisierung m\u00f6glich","nl":"De fleecejas met rits is geschikt voor dagelijks of professioneel gebruik dankzij het anti-pill polyester en de ritssluiting. De zakken met rits maken het opbergen van kleine voorwerpen eenvoudiger. Dit personaliseerbare model is geschikt voor verschillende behoeften op het gebied van textielmarkering.\n\n- Samenstelling: 100% anti-pill polyester\n- Ritssluiting aan de voorkant\n- Zijzakken met rits\n- Personalisatie mogelijk","es":"La chaqueta polar con cremallera es adecuada para un uso diario o profesional gracias a su material de poli\u00e9ster antipilling y a su cierre con cremallera. Los bolsillos con cremallera facilitan el almacenamiento de peque\u00f1os objetos. Este modelo personalizable se adapta a distintas necesidades de marcaje textil.\n\n- Composici\u00f3n: 100% poli\u00e9ster antipilling\n- Cierre con cremallera en la parte delantera\n- Bolsillos laterales con cremallera\n- Personalizaci\u00f3n posible","it":"La giacca in pile con zip \u00e8 adatta a un uso quotidiano o professionale grazie al tessuto in poliestere antipilling e alla chiusura con zip. Le tasche con zip facilitano la sistemazione di piccoli oggetti. Questo modello personalizzabile si adatta a diverse esigenze di marcatura tessile.\n\n- Composizione: 100% poliestere antipilling\n- Chiusura con zip sul davanti\n- Tasche laterali con zip\n- Personalizzazione possibile","sv":"Fleecejackan med dragkedja l\u00e4mpar sig f\u00f6r daglig eller professionell anv\u00e4ndning tack vare materialet i polyester med antipilling och dragkedjan framtill. Fickorna med dragkedja g\u00f6r det enkelt att f\u00f6rvara sm\u00e5 f\u00f6rem\u00e5l. Denna anpassningsbara modell passar olika behov f\u00f6r textilm\u00e4rkning.\n\n- Sammans\u00e4ttning: 100 % polyester med antipilling\n- Dragkedja framtill\n- Sidfickor med dragkedja\n- M\u00f6jlighet till anpassning","pt":"O casaco polar com fecho \u00e9 adequado para uso di\u00e1rio ou profissional gra\u00e7as ao seu material em poli\u00e9ster antipilling e ao seu fecho de correr. Os bolsos com fecho facilitam a arruma\u00e7\u00e3o de pequenos objetos. Este modelo personaliz\u00e1vel adapta-se a diferentes necessidades de marca\u00e7\u00e3o t\u00eaxtil.\n\n- Composi\u00e7\u00e3o: 100% poli\u00e9ster antipilling\n- Fecho de correr na parte da frente\n- Bolsos laterais com fecho\n- Personaliza\u00e7\u00e3o poss\u00edvel","da":"Fleecejakken med lynl\u00e5s er egnet til daglig eller professionel brug takket v\u00e6re materialet i polyester med anti-fnug og lynl\u00e5slukningen. Lynl\u00e5slommerne g\u00f8r det nemt at opbevare sm\u00e5 genstande. Denne model, der kan tilpasses, passer til forskellige behov for tekstilm\u00e6rkning.\n\n- Sammens\u00e6tning: 100 % polyester med anti-fnug\n- Lynl\u00e5slukning foran\n- Sidelommer med lynl\u00e5s\n- Mulighed for tilpasning","pl":"Bluza polarowa z zamkiem nadaje si\u0119 do codziennego lub profesjonalnego u\u017cytku dzi\u0119ki materia\u0142owi z antypillingowego poliestru i zapi\u0119ciu na zamek. Kieszenie zapinane na zamek u\u0142atwiaj\u0105 przechowywanie drobnych przedmiot\u00f3w. Ten model z mo\u017cliwo\u015bci\u0105 personalizacji dostosowuje si\u0119 do r\u00f3\u017cnych potrzeb znakowania tekstyli\u00f3w.\n\n- Sk\u0142ad: 100% poliester antypillingowy\n- Zapi\u0119cie na zamek z przodu\n- Boczne kieszenie zapinane na zamek\n- Mo\u017cliwo\u015b\u0107 personalizacji"},"h1":{"fr":"Veste polaire zip sw700 personnalisable","en":"Customizable sw700 zip fleece jacket","de":"Personalisierbare Fleecejacke mit Rei\u00dfverschluss sw700","nl":"Personaliseerbare fleecejas met rits sw700","es":"Chaqueta polar con cremallera sw700 personalizable","it":"Giacca in pile con zip sw700 personalizzabile","sv":"Anpassningsbar fleecejacka med dragkedja sw700","pt":"Casaco polar com fecho sw700 personaliz\u00e1vel","da":"Fleecejakke med lynl\u00e5s sw700 kan tilpasses","pl":"Personalizowana bluza polarowa z zamkiem sw700"},"meta_description":{"fr":"Veste polaire zip en 100% polyester anti-peluche, avec poches zipp\u00e9es. Mod\u00e8le personnalisable, adapt\u00e9 \u00e0 un usage quotidien ou professionnel.","en":"Zip fleece jacket in 100% anti-pill polyester, with zip pockets. Customizable model, suitable for everyday or professional use.","de":"Fleecejacke mit Rei\u00dfverschluss aus 100 % Anti-Pilling-Polyester, mit Rei\u00dfverschlusstaschen. Personalisierbares Modell, geeignet f\u00fcr den t\u00e4glichen oder beruflichen Gebrauch.","nl":"Fleecejas met rits van 100% anti-pill polyester, met zakken met rits. Personaliseerbaar model, geschikt voor dagelijks of professioneel gebruik.","es":"Chaqueta polar con cremallera de 100% poli\u00e9ster antipilling, con bolsillos con cremallera. Modelo personalizable, adecuado para un uso diario o profesional.","it":"Giacca in pile con zip in 100% poliestere antipilling, con tasche con zip. Modello personalizzabile, adatto a un uso quotidiano o professionale.","sv":"Fleecejacka med dragkedja i 100 % polyester med antipilling, med fickor med dragkedja. Anpassningsbar modell, l\u00e4mplig f\u00f6r daglig eller professionell anv\u00e4ndning.","pt":"Casaco polar com fecho em 100% poli\u00e9ster antipilling, com bolsos com fecho. Modelo personaliz\u00e1vel, adequado para uso di\u00e1rio ou profissional.","da":"Fleecejakke med lynl\u00e5s i 100 % polyester med anti-fnug, med lynl\u00e5slommer. Model, der kan tilpasses, egnet til daglig eller professionel brug.","pl":"Bluza polarowa z zamkiem, wykonana w 100% z poliestru antypillingowego, z kieszeniami zapinanymi na zamek. Model z mo\u017cliwo\u015bci\u0105 personalizacji, odpowiedni do codziennego lub profesjonalnego u\u017cytku."}}},"categories":[{"id":7,"name":"Polaires","singular":"Polaire","is_feminin":false},{"id":354,"name":"Textile","singular":"Textile","is_feminin":false}],"certifications":[],"videos":{"fr":[],"en":[],"de":[],"nl":[],"es":[],"it":[],"sv":[],"pt":[],"da":[],"pl":[]},"main_images":{"miniature":"https:\/\/media.th4.com\/scL98oftRRK2VH8_rwkSijQ1W-vxa9TikATOciveyBA\/pr:80\/aHR0cDovL21lZGlhMi5kZXNpZ25wYXJ0bmVyLmZyL2MvcC1NVC81NDkuanBn?v=1642668541","medium":"https:\/\/media.th4.com\/nr8GvkiO4G9hnDwy3Tr9FFvggPTEn1GJAu-g1D3NhXU\/pr:550x550greybg\/aHR0cDovL21lZGlhMi5kZXNpZ25wYXJ0bmVyLmZyL2MvcC1NVC81NDkuanBn?v=1642668541","medium_large":"https:\/\/media.th4.com\/9_eR1TwFRhhcZz_OMT2KWneq6tCpUyzKimYNJd7iZz4\/pr:1000x1000greybg\/aHR0cDovL21lZGlhMi5kZXNpZ25wYXJ0bmVyLmZyL2MvcC1NVC81NDkuanBn?v=1642668541","large":"https:\/\/media.th4.com\/WIWmCzmFDFO1H3ZZuR_N5nvKi-H9ceXGyP2xkvMT7hk\/pr:1920greybg\/aHR0cDovL21lZGlhMi5kZXNpZ25wYXJ0bmVyLmZyL2MvcC1NVC81NDkuanBn?v=1642668541","opengraph":"https:\/\/media.th4.com\/SnmiEyP6YtkV788AK_LhfdkLeeEyNxfHtE1ocBqJEZ4\/pr:1200x630greybg\/aHR0cDovL21lZGlhMi5kZXNpZ25wYXJ0bmVyLmZyL2MvcC1NVC81NDkuanBn?v=1642668541"},"main_images_customization":{"miniature":"https:\/\/media.th4.com\/scL98oftRRK2VH8_rwkSijQ1W-vxa9TikATOciveyBA\/pr:80\/aHR0cDovL21lZGlhMi5kZXNpZ25wYXJ0bmVyLmZyL2MvcC1NVC81NDkuanBn?v=1642668541","medium":"https:\/\/media.th4.com\/nr8GvkiO4G9hnDwy3Tr9FFvggPTEn1GJAu-g1D3NhXU\/pr:550x550greybg\/aHR0cDovL21lZGlhMi5kZXNpZ25wYXJ0bmVyLmZyL2MvcC1NVC81NDkuanBn?v=1642668541","medium_large":"https:\/\/media.th4.com\/9_eR1TwFRhhcZz_OMT2KWneq6tCpUyzKimYNJd7iZz4\/pr:1000x1000greybg\/aHR0cDovL21lZGlhMi5kZXNpZ25wYXJ0bmVyLmZyL2MvcC1NVC81NDkuanBn?v=1642668541","large":"https:\/\/media.th4.com\/WIWmCzmFDFO1H3ZZuR_N5nvKi-H9ceXGyP2xkvMT7hk\/pr:1920greybg\/aHR0cDovL21lZGlhMi5kZXNpZ25wYXJ0bmVyLmZyL2MvcC1NVC81NDkuanBn?v=1642668541","opengraph":"https:\/\/media.th4.com\/SnmiEyP6YtkV788AK_LhfdkLeeEyNxfHtE1ocBqJEZ4\/pr:1200x630greybg\/aHR0cDovL21lZGlhMi5kZXNpZ25wYXJ0bmVyLmZyL2MvcC1NVC81NDkuanBn?v=1642668541"},"page_links":{"fr":"\/fr\/p-st-sw700-veste-polaire-zip-sw700-549\/","en":"\/en\/p-st-sw700-zip-fleece-jacket-sw700-549\/","de":"\/de\/p-st-sw700-fleecejacke-mit-reiszverschluss-sw700-549\/","nl":"\/nl\/p-st-sw700-fleece-vest-met-rits-sw700-549\/","es":"\/es\/p-st-sw700-chaqueta-polar-con-cremallera-sw700-549\/","it":"\/it\/p-st-sw700-giacca-in-pile-con-zip-sw700-549\/","sv":"\/sv\/p-st-sw700-fleecejacka-med-dragkedja-sw700-549\/","pt":"\/pt\/p-st-sw700-casaco-polar-com-fecho-sw700-549\/","da":"\/da\/p-st-sw700-fleecejakke-med-lynlas-sw700-549\/","pl":"\/pl\/p-st-sw700-polarowa-kurtka-z-zamkiem-sw700-549\/"},"page_links_customization":{"fr":"\/fr\/p-st-sw700-veste-polaire-zip-sw700-personnalisable-549\/custom\/","en":"\/en\/p-st-sw700-customizable-sw700-zip-fleece-jacket-549\/custom\/","de":"\/de\/p-st-sw700-personalisierbare-fleecejacke-mit-reiszverschluss-sw700-549\/custom\/","nl":"\/nl\/p-st-sw700-personaliseerbare-fleecejas-met-rits-sw700-549\/custom\/","es":"\/es\/p-st-sw700-chaqueta-polar-con-cremallera-sw700-personalizable-549\/custom\/","it":"\/it\/p-st-sw700-giacca-in-pile-con-zip-sw700-personalizzabile-549\/custom\/","sv":"\/sv\/p-st-sw700-anpassningsbar-fleecejacka-med-dragkedja-sw700-549\/custom\/","pt":"\/pt\/p-st-sw700-casaco-polar-com-fecho-sw700-personalizavel-549\/custom\/","da":"\/da\/p-st-sw700-fleecejakke-med-lynlas-sw700-kan-tilpasses-549\/custom\/","pl":"\/pl\/p-st-sw700-personalizowana-bluza-polarowa-z-zamkiem-sw700-549\/custom\/"},"equivalent_products":[],"colors":[{"id":539,"name":"charcoal","class_ids":[3],"codes_hexa":["5C5B60"],"delai_24":false,"has_3d":false,"seuil_global":0,"stock_local":0,"stock_global":10,"on_standby":false,"in_catalog":true,"images":{"miniature":null,"medium":null,"medium_large":null,"large":null,"opengraph":null},"images_customization":{"miniature":null,"medium":null,"medium_large":null,"large":null,"opengraph":null},"country_origin":"EG","traceability":{"manufacturing_country_id":null,"weaving_country_id":null,"dyeing_country_id":null},"sizes":[{"id":1116,"article_id":243425,"class_id":7,"name":"2XL","on_standby":false,"stock_local":0,"stock_global":10,"multiple":1,"estimated_date_reassort":null,"is_destocking":false}],"page_links":{"fr":"\/fr\/p-st-sw700-veste-polaire-zip-sw700-549\/charcoal-539\/","en":"\/en\/p-st-sw700-zip-fleece-jacket-sw700-549\/charcoal-539\/","de":"\/de\/p-st-sw700-fleecejacke-mit-reiszverschluss-sw700-549\/charcoal-539\/","nl":"\/nl\/p-st-sw700-fleece-vest-met-rits-sw700-549\/charcoal-539\/","es":"\/es\/p-st-sw700-chaqueta-polar-con-cremallera-sw700-549\/charcoal-539\/","it":"\/it\/p-st-sw700-giacca-in-pile-con-zip-sw700-549\/charcoal-539\/","sv":"\/sv\/p-st-sw700-fleecejacka-med-dragkedja-sw700-549\/charcoal-539\/","pt":"\/pt\/p-st-sw700-casaco-polar-com-fecho-sw700-549\/charcoal-539\/","da":"\/da\/p-st-sw700-fleecejakke-med-lynlas-sw700-549\/charcoal-539\/","pl":"\/pl\/p-st-sw700-polarowa-kurtka-z-zamkiem-sw700-549\/charcoal-539\/"},"page_links_customization":{"fr":"\/fr\/p-st-sw700-veste-polaire-zip-sw700-personnalisable-549\/charcoal-539\/custom\/","en":"\/en\/p-st-sw700-customizable-sw700-zip-fleece-jacket-549\/charcoal-539\/custom\/","de":"\/de\/p-st-sw700-personalisierbare-fleecejacke-mit-reiszverschluss-sw700-549\/charcoal-539\/custom\/","nl":"\/nl\/p-st-sw700-personaliseerbare-fleecejas-met-rits-sw700-549\/charcoal-539\/custom\/","es":"\/es\/p-st-sw700-chaqueta-polar-con-cremallera-sw700-personalizable-549\/charcoal-539\/custom\/","it":"\/it\/p-st-sw700-giacca-in-pile-con-zip-sw700-personalizzabile-549\/charcoal-539\/custom\/","sv":"\/sv\/p-st-sw700-anpassningsbar-fleecejacka-med-dragkedja-sw700-549\/charcoal-539\/custom\/","pt":"\/pt\/p-st-sw700-casaco-polar-com-fecho-sw700-personalizavel-549\/charcoal-539\/custom\/","da":"\/da\/p-st-sw700-fleecejakke-med-lynlas-sw700-kan-tilpasses-549\/charcoal-539\/custom\/","pl":"\/pl\/p-st-sw700-personalizowana-bluza-polarowa-z-zamkiem-sw700-549\/charcoal-539\/custom\/"}}],"documentation_link":null,"countries_availables":["AD","AE","AL","AT","BA","BD","BE","BG","BL","CA","CH","CN","CO","CY","CZ","DE","DK","DO","EE","EG","ES","ET","FI","FR","GB","GE","GF","GP","GR","GT","HK","HN","HR","HT","HU","ID","IE","IN","IS","IT","JO","JP","KE","KH","KP","KR","LA","LK","LS","LT","LU","LV","MA","MF","MG","MK","MM","MN","MQ","MT","MX","MY","NC","NI","NL","PF","PH","PK","PL","PM","PT","RE","RO","SE","SG","SI","SK","SV","SY","TH","TN","TR","TW","TZ","US","VN","WF","YT"]},"infos_customization":[],"features":{"authorize_multi_surfaces":true,"display_order_delay_type":true,"promote_surface_display":true,"tarification_franco_offert":true,"enabled_3d_editor":false},"markings":[{"id":0,"nom":"vierge","finition":null,"libelle":null,"code":null,"dpi":null,"finesse_forme_isolee":null,"finesse_forme_non_isolee":null,"hauteur_minimale_texte":null,"inactif":0,"marquage_interne":1,"quantite_min":null,"parent_id":null,"print_on_support":0,"content":"vierge","description":null},{"id":2,"nom":"fonce","finition":"optimale","libelle":"TopQuadri","code":null,"dpi":400,"finesse_forme_isolee":"0.040","finesse_forme_non_isolee":"0.700","hauteur_minimale_texte":2,"inactif":0,"marquage_interne":1,"quantite_min":null,"parent_id":18,"print_on_support":0,"content":"TopQuadri","description":"pour petites et moyennes s\u00e9ries"},{"id":3,"nom":"serigraphie","finition":"serigraphie","libelle":"SeriCoat","code":null,"dpi":400,"finesse_forme_isolee":"0.040","finesse_forme_non_isolee":"0.700","hauteur_minimale_texte":2,"inactif":0,"marquage_interne":1,"quantite_min":15,"parent_id":18,"print_on_support":0,"content":"SeriCoat","description":"pour moyennes et grandes s\u00e9ries"},{"id":4,"nom":"broderie","finition":"broderie","libelle":"Broderie","code":null,"dpi":400,"finesse_forme_isolee":"0.040","finesse_forme_non_isolee":"0.700","hauteur_minimale_texte":3,"inactif":0,"marquage_interne":1,"quantite_min":null,"parent_id":null,"print_on_support":0,"content":"Broderie","description":null},{"id":8,"nom":"theme","finition":null,"libelle":"Th\u00e8me","code":null,"dpi":null,"finesse_forme_isolee":null,"finesse_forme_non_isolee":null,"hauteur_minimale_texte":null,"inactif":0,"marquage_interne":1,"quantite_min":null,"parent_id":null,"print_on_support":0,"content":"Th\u00e8me","description":null},{"id":9,"nom":"sans","finition":null,"libelle":null,"code":null,"dpi":null,"finesse_forme_isolee":null,"finesse_forme_non_isolee":null,"hauteur_minimale_texte":null,"inactif":0,"marquage_interne":1,"quantite_min":null,"parent_id":null,"print_on_support":0,"content":"sans","description":null},{"id":10,"nom":"photo","finition":null,"libelle":"Photo","code":null,"dpi":null,"finesse_forme_isolee":null,"finesse_forme_non_isolee":null,"hauteur_minimale_texte":null,"inactif":0,"marquage_interne":1,"quantite_min":null,"parent_id":null,"print_on_support":0,"content":"Photo","description":null},{"id":14,"nom":"couleur","finition":null,"libelle":"Couleur","code":null,"dpi":null,"finesse_forme_isolee":null,"finesse_forme_non_isolee":null,"hauteur_minimale_texte":null,"inactif":0,"marquage_interne":1,"quantite_min":null,"parent_id":null,"print_on_support":0,"content":"Couleur","description":null},{"id":15,"nom":"sublimation","finition":"sublimation","libelle":"Sublimation","code":null,"dpi":null,"finesse_forme_isolee":"0.000","finesse_forme_non_isolee":"0.000","hauteur_minimale_texte":2,"inactif":0,"marquage_interne":1,"quantite_min":null,"parent_id":null,"print_on_support":0,"content":"Sublimation","description":null},{"id":16,"nom":"topquadri_uv","finition":null,"libelle":"TopQuadri UV","code":null,"dpi":null,"finesse_forme_isolee":"0.020","finesse_forme_non_isolee":"0.700","hauteur_minimale_texte":2,"inactif":0,"marquage_interne":1,"quantite_min":null,"parent_id":null,"print_on_support":1,"content":null,"description":null},{"id":17,"nom":"topquadri_uvp","finition":null,"libelle":"TopQuadri UVP","code":null,"dpi":null,"finesse_forme_isolee":"0.020","finesse_forme_non_isolee":"0.700","hauteur_minimale_texte":2,"inactif":0,"marquage_interne":1,"quantite_min":null,"parent_id":null,"print_on_support":1,"content":null,"description":null},{"id":18,"nom":"quadri","finition":null,"libelle":"Impression","code":null,"dpi":null,"finesse_forme_isolee":null,"finesse_forme_non_isolee":null,"hauteur_minimale_texte":null,"inactif":0,"marquage_interne":1,"quantite_min":null,"parent_id":null,"print_on_support":0,"content":null,"description":null}]}}