{"data":{"product":{"id":4929,"titre":"Sac ? dos porte boisson KIMOOD","description":"Sac \u00e0 dos porte boisson en ripstop  et polyester alv\u00e9ol\u00e9, poche milieu devant zipp\u00e9e, orifice pr\u00e9vu pour loger poche \u00e0 eau, sac super l\u00e9ger et id\u00e9al pour comp\u00e9tition. Accessoires conformes \u00e0 la norme Reach en vigueur et zips SBS.","genre":"","grammage":0,"conditionnement":30,"composition":"polyester","reference":"KI0111","reference_visible":"ki-ki0111","reference_fabricant":"KI0111","ref_xor":"738564","in_catalog":true,"is_transfer":false,"is_service":false,"on_standby":false,"has_3d":false,"has_size_guide":false,"has_marking":false,"has_vierge":true,"is_cross_sellable":false,"id_picto":22,"filename_3d":null,"brand":{"id":65,"name":"Kimood","logo":"logo-kimood.png","image":"https:\/\/media.th4.com\/8j854w6USOf_xNzqUPW-INFkGGiSj8ts-yVeNwPN-p0\/pr:brand70x70\/aHR0cDovL21lZGlhMi5kZXNpZ25wYXJ0bmVyLmZyL2MvbS9sb2dvLWtpbW9vZC5wbmc?v=1737032171"},"price_infos":{"price_from":10.45,"quantity":200,"color":{"id":3696,"name":"black\/royal_blue"},"size":{"id":42,"name":"taille_unique"}},"price_infos_marking":{"price_from":0,"quantity":0,"size":{"id":0,"name":""},"color":{"id":0,"name":""},"marking":{"id":0,"name":""},"emplacement":"","surface":"","surface_emplacement_id":0},"i18n":{"blank":{"title":{"fr":"Sac ? dos porte boisson kimood KIMOOD ki0111","en":"Backpack with drink holder kimood KIMOOD ki0111","de":"Rucksack Getr\u00e4nkehalterung Kimood KIMOOD ki0111","nl":"Rugzak met drankhouder kimood KIMOOD ki0111","es":"Mochila de hidrataci\u00f3n kimood KIMOOD ki0111","it":"Zaino porta bevande kimood KIMOOD ki0111","sv":"Ryggs\u00e4ck f\u00f6r dricksflaska kimood KIMOOD ki0111","pt":"Mochila porta bebida kimood KIMOOD ki0111","da":"Rygs\u00e6k med drikkeflaskeholder kimood KIMOOD ki0111","pl":"Plecak na plecy do picia kimood KIMOOD ki0111"},"description":{"fr":"Sac \u00e0 dos porte boisson con\u00e7u pour la comp\u00e9tition. Fabriqu\u00e9 en ripstop et polyester alv\u00e9ol\u00e9, il offre une bonne r\u00e9sistance \u00e0 l'abrasion et aux d\u00e9chirures. Il dispose d'une poche zipp\u00e9e en fa\u00e7ade pour ranger les effets personnels et d'un orifice pr\u00e9vu pour l'int\u00e9gration d'une poche \u00e0 eau, permettant une hydratation facile pendant l'effort. Ce sac est con\u00e7u pour \u00eatre l\u00e9ger et ne g\u00eaner en aucun cas les mouvements de l'athl\u00e8te. \n\n- Mati\u00e8re : Ripstop, polyester alv\u00e9ol\u00e9\n- Compartiments : Poche avant zipp\u00e9e\n- Hydratation : Pr\u00e9paration pour poche \u00e0 eau\n- Usage : Comp\u00e9tition","en":"Backpack with drink holder designed for competition. Made of ripstop and honeycomb polyester, it offers good resistance to abrasion and tears. It has a zippered front pocket for storing personal items and an opening designed for integrating a water bladder, allowing for easy hydration during exercise. This backpack is designed to be lightweight and not hinder the athlete's movements.\n\n- Material: Ripstop, honeycomb polyester\n- Compartments: Front zippered pocket\n- Hydration: Preparation for water bladder\n- Usage: Competition","de":"Rucksack mit Getr\u00e4nkehalterung f\u00fcr den Wettkampf. Aus Ripstop und alveol\u00e4rem Polyester gefertigt, bietet er eine gute Abriebfestigkeit und Widerstandsf\u00e4higkeit gegen Risse. Er verf\u00fcgt \u00fcber eine Rei\u00dfverschlusstasche an der Vorderseite zum Verr\u00e4umen von pers\u00f6nlichen Gegenst\u00e4nden und eine \u00d6ffnung f\u00fcr die Integration eines Wasserbeutels, was eine einfache Hydratation w\u00e4hrend der Anstrengung erm\u00f6glicht. Dieser Rucksack ist so konzipiert, dass er leicht ist und die Bewegungen des Athleten in keiner Weise beeintr\u00e4chtigt. \n\n- Material: Ripstop, alveol\u00e4res Polyester\n- F\u00e4cher: Vordere Rei\u00dfverschlusstasche\n- Hydratation: Vorbereitung f\u00fcr Wasserbeutel\n- Verwendung: Wettkampf","nl":"Rugzak met drankdrager ontworpen voor wedstrijden. Gemaakt van ripstop en honingraat polyester, biedt het goede weerstand tegen slijtage en scheuren. Het heeft een voorzak met ritssluiting om persoonlijke spullen te bewaren en een opening voor de integratie van een waterfles, wat gemakkelijke hydratatie tijdens inspanning mogelijk maakt. Deze rugzak is licht van gewicht en hindert de bewegingen van de atleet in geen geval.\n\n- Materiaal : Ripstop, honingraat polyester\n- Compartimenten : Voorzak met ritssluiting\n- Hydratatie : Voorbereiding voor waterfles\n- Gebruik : Wedstrijd","es":"Mochila de hidrataci\u00f3n dise\u00f1ada para la competencia. Fabricada en ripstop y poli\u00e9ster alveolado, ofrece una buena resistencia al desgaste y a las roturas. Cuenta con un bolsillo frontal con cremallera para guardar los efectos personales y una abertura para la integraci\u00f3n de una bolsa de agua, permitiendo una hidrataci\u00f3n f\u00e1cil durante el esfuerzo. Esta mochila est\u00e1 dise\u00f1ada para ser ligera y no interferir en ning\u00fan caso con los movimientos del atleta. \n\n- Material: Ripstop, poli\u00e9ster alveolado\n- Compartimentos: Bolsillo frontal con cremallera\n- Hidrataci\u00f3n: Preparaci\u00f3n para bolsa de agua\n- Uso: Competencia","it":"Zaino porta bevande progettato per la competizione. Realizzato in ripstop e poliestere alveolare, offre una buona resistenza all'abrasione e alle lacerazioni. \u00c8 dotato di una tasca frontale con cerniera per riporre gli effetti personali e di un'apertura prevista per l'integrazione di una tasca per l'acqua, permettendo un'idratazione facile durante lo sforzo. Questo zaino \u00e8 progettato per essere leggero e non intralciare i movimenti dell'atleta. \n\n- Materiale: Ripstop, poliestere alveolare\n- Scomparti: Tasca anteriore con cerniera\n- Idratazione: Preparazione per tasca acqua\n- Uso: Competizione","sv":"Ryggs\u00e4ck f\u00f6r dricksflaska designad f\u00f6r t\u00e4vlingar. Tillverkad av ripstop och alveol\u00e4rt polyester, den erbjuder god motst\u00e5ndskraft mot slitage och rivning. Den har en framre zippad ficka f\u00f6r att f\u00f6rvara personliga tillh\u00f6righeter och ett h\u00e5l f\u00f6r integration av en vattenp\u00e5s, vilket m\u00f6jligg\u00f6r enkel hydrering under anstr\u00e4ngning. Denna ryggs\u00e4ck \u00e4r designad f\u00f6r att vara l\u00e4tt och inte st\u00f6ra atletens r\u00f6relser.\n\n- Material: Ripstop, alveol\u00e4rt polyester\n- Fack: Framre zippad ficka\n- Hydratation: F\u00f6rberedd f\u00f6r vattenp\u00e5s\n- Anv\u00e4ndning: T\u00e4vling","pt":"Mochila porta bebida projetada para competi\u00e7\u00f5es. Fabricada em ripstop e poli\u00e9ster alveolado, oferece boa resist\u00eancia ao atrito e a rasg\u00f5es. Possui um bolso z\u00edperado na frente para guardar itens pessoais e uma abertura para integrar uma bolsa de \u00e1gua, permitindo hidrata\u00e7\u00e3o f\u00e1cil durante o esfor\u00e7o. Esta mochila \u00e9 projetada para ser leve e n\u00e3o incomodar os movimentos do atleta.\n\n- Material: Ripstop, poli\u00e9ster alveolado\n- Compartimentos: Bolso frontal z\u00edperado\n- Hidrata\u00e7\u00e3o: Prepara\u00e7\u00e3o para bolsa de \u00e1gua\n- Uso: Competi\u00e7\u00e3o","da":"Rygs\u00e6k med drikkeflaskeholder designet til konkurrencer. Fremstillet af ripstop og alveol\u00e6r polyester, tilbyder den god modstand mod slitage og revner. Den har en forside lomme med zip til at opbevare personlige ejendele og en \u00e5bning til integration af en vands\u00e6kke, der giver nem hydrering under aktivitet. Denne rygs\u00e6k er designet til at v\u00e6re let og ikke forstyrre atletens bev\u00e6gelser.\n\n- Materiale: Ripstop, alveol\u00e6r polyester\n- Kompartimenter: Forlomme med zip\n- Hydrering: Forberedelse til vands\u00e6kke\n- Anvendelse: Konkurrence","pl":"Plecak na plecy do picia przeznaczony do zawod\u00f3w. Wykonany z ripstopu i alweolowego poliestru, oferuje dobry op\u00f3r na \u015bcieranie i rozdarcia. Dysponuje przednim zapi\u0119tym kieszeniem na osobiste przedmioty oraz otworem na zainstalowanie torby na wod\u0119, co pozwala na \u0142atwe nawodnienie podczas wysi\u0142ku. Ten plecak jest zaprojektowany tak, aby by\u0142 lekki i nie zak\u0142\u00f3ca\u0142 ruch\u00f3w zawodnika. \n\n- Materia\u0142: Ripstop, alweolowy poliestr\n- Kieszenie: Przednie z zapi\u0119ciem\n- Hydratacja: Przygotowanie na torb\u0119 z wod\u0105\n- U\u017cycie: Konkurencja"},"h1":{"fr":"Sac ? dos porte boisson ki0111","en":"Backpack with drink holder ki0111","de":"Rucksack Getr\u00e4nkehalterung ki0111","nl":"Rugzak met drankhouder ki0111","es":"Mochila de hidrataci\u00f3n ki0111","it":"Zaino porta bevande ki0111","sv":"Ryggs\u00e4ck f\u00f6r dricksflaska ki0111","pt":"Mochila porta bebida ki0111","da":"Rygs\u00e6k med drikkeflaskeholder ki0111","pl":"Plecak na plecy do picia ki0111"},"meta_description":{"fr":"Sac \u00e0 dos porte boisson comp\u00e9tition l\u00e9ger et r\u00e9sistant. Con\u00e7u pour les comp\u00e9titions, il offre un transport facile et s\u00e9curis\u00e9 de l'hydratation.","en":"Lightweight and durable competition drink holder backpack. Designed for competitions, it offers easy and secure transport of hydration.","de":"Leichter und robuster Wettkampf-Rucksack mit Getr\u00e4nkehalterung. F\u00fcr Wettk\u00e4mpfe konzipiert, bietet er einen einfachen und sicheren Transport der Hydratation.","nl":"Lichte en sterke drankdrager rugzak voor wedstrijden. Ontworpen voor wedstrijden, biedt het gemakkelijke en veilige transport van hydratatie.","es":"Mochila de hidrataci\u00f3n para competencias ligera y resistente. Dise\u00f1ada para competencias, ofrece un transporte f\u00e1cil y seguro de la hidrataci\u00f3n.","it":"Zaino porta bevande leggero e resistente per competizioni. Progettato per le competizioni, offre un trasporto facile e sicuro dell'idratazione.","sv":"L\u00e4tt och h\u00e5llbar ryggs\u00e4ck f\u00f6r dricksflaska f\u00f6r t\u00e4vlingar. Designad f\u00f6r t\u00e4vlingar, erbjuder den en enkel och s\u00e4ker transport av hydratation.","pt":"Mochila porta bebida leve e resistente para competi\u00e7\u00f5es. Projetada para competi\u00e7\u00f5es, oferece transporte f\u00e1cil e seguro de hidrata\u00e7\u00e3o.","da":"Let og holdbar konkurrencerygs\u00e6k med drikkeflaskeholder. Designet til konkurrencer, tilbyder den nem og sikker transport af hydrering.","pl":"Lekki i wytrzyma\u0142y plecak na plecy do picia w konkurencji. Zaprojektowany dla zawod\u00f3w, zapewnia \u0142atwe i bezpieczne transportowanie hydratacji."}},"custom":{"title":{"fr":"Sac ? dos porte boisson kimood KIMOOD ki0111 personnalisable","en":"Kimood Backpack Water Bottle Holder KIMOOD ki0111 Customizable","de":"Trinkflaschen-Rucksack Kimood KIMOOD ki0111 personalisierbar","nl":"Rugzak drinkhoudend kimood KIMOOD ki0111 personaliseerbaar","es":"Mochila con porta bebidas kimood KIMOOD ki0111 personalizable","it":"Zaino portabottiglie kimood KIMOOD ki0111 personalizzabile","sv":"Ryggs\u00e4ck med dricksflaska kimood KIMOOD ki0111 personlig","pt":"Sac \u00e0 dos porta bebida kimood KIMOOD ki0111 personaliz\u00e1vel","da":"Rygs\u00e6k med drikkeholder kimood KIMOOD ki0111 tilpasseligt","pl":"Plecak z butelk\u0105 Kimood KIMOOD ki0111 personalizowany"},"description":{"fr":"Ce sac \u00e0 dos porte boisson est con\u00e7u pour les comp\u00e9titions et les activit\u00e9s n\u00e9cessitant un \u00e9quipement l\u00e9ger et pratique. Fabriqu\u00e9 \u00e0 partir de mat\u00e9riaux r\u00e9sistants tels que le ripstop et le polyester alv\u00e9ol\u00e9, il offre une durabilit\u00e9 accrue tout en minimisant le poids. Il est dot\u00e9 d'une poche zipp\u00e9e en fa\u00e7ade pour un acc\u00e8s facile aux effets personnels et d'un orifice pr\u00e9vu pour l'int\u00e9gration d'une poche \u00e0 eau, permettant une hydratation ais\u00e9e pendant l'effort. Ce sac \u00e0 dos est con\u00e7u pour r\u00e9pondre aux exigences des sportifs et des amateurs d'activit\u00e9s de plein air. Il est possible de personnaliser cet article avec votre logo ou votre visuel, afin de promouvoir votre marque ou d'afficher votre identit\u00e9. \n\n- Mat\u00e9riau principal : Ripstop, polyester alv\u00e9ol\u00e9\n- Compartiments : Poche zipp\u00e9e en fa\u00e7ade\n- Hydratation : Pr\u00e9paration pour poche \u00e0 eau","en":"This water bottle backpack is designed for competitions and activities requiring light and practical equipment. Made from durable materials such as ripstop and honeycomb polyester, it offers increased durability while minimizing weight. It features a front zippered pocket for easy access to personal belongings and an opening for integrating a water bladder, allowing for easy hydration during exertion. This backpack is designed to meet the requirements of athletes and outdoor activity enthusiasts. It is possible to customize this item with your logo or visual to promote your brand or display your identity. \n\n- Main material: Ripstop, honeycomb polyester\n- Compartments: Front zippered pocket\n- Hydration: Preparation for water bladder","de":"Dieser Trinkflaschen-Rucksack ist f\u00fcr Wettbewerbe und Aktivit\u00e4ten konzipiert, die leichtes und praktisches Equipment erfordern. Er ist aus robusten Materialien wie Ripstop und Wabenpolyester gefertigt, was eine erh\u00f6hte Haltbarkeit bei gleichzeitiger Gewichtsminimierung bietet. Er verf\u00fcgt \u00fcber eine Fronttasche mit Rei\u00dfverschluss f\u00fcr einen bequemen Zugang zu pers\u00f6nlichen Gegenst\u00e4nden und eine \u00d6ffnung f\u00fcr die Integration einer Trinkflasche, die eine einfache Hydration w\u00e4hrend des Trainings erm\u00f6glicht. Dieser Rucksack ist so konzipiert, dass er den Anforderungen von Sportlern und Outdoor-Enthusiasten gerecht wird. Dieser Artikel kann mit Ihrem Logo oder Ihrem Design personalisiert werden, um Ihre Marke zu f\u00f6rdern oder Ihre Identit\u00e4t zu zeigen. \n\n- Hauptmaterial: Ripstop, Wabenpolyester\n- F\u00e4cher: Fronttasche mit Rei\u00dfverschluss\n- Hydration: Vorbereitung f\u00fcr Trinkflasche","nl":"Deze drinkhoudende rugzak is ontworpen voor competities en activiteiten die licht en praktisch materiaal vereisen. Geproduceerd uit duurzame materialen zoals ripstop en geperforeerd polyester, biedt het een verhoogde duurzaamheid terwijl het gewicht wordt geminimaliseerd. Het is uitgerust met een voorste zak met ritssluiting voor gemakkelijke toegang tot persoonlijke spullen en een opening voor de integratie van een waterzak, wat eenvoudige hydratatie tijdens inspanning mogelijk maakt. Deze rugzak is ontworpen om aan de eisen van sportliefhebbers en outdoor-enthousiastelingen te voldoen. Het is mogelijk om dit artikel te personaliseren met uw logo of visueel, om uw merk te promoten of uw identiteit te tonen.\n\n- Hoofd materiaal : Ripstop, geperforeerd polyester\n- Compartimenten : Voorste zak met ritssluiting\n- Hydratatie : Voorbereiding voor waterzak","es":"Esta mochila con porta bebidas est\u00e1 dise\u00f1ada para competencias y actividades que requieren un equipo ligero y pr\u00e1ctico. Fabricada con materiales resistentes como el ripstop y el poli\u00e9ster alveolado, ofrece una durabilidad aumentada al mismo tiempo que minimiza el peso. Cuenta con un bolsillo con cremallera en la parte frontal para un acceso f\u00e1cil a los efectos personales y un orificio preparado para la integraci\u00f3n de una bolsa de agua, permitiendo una hidrataci\u00f3n f\u00e1cil durante el esfuerzo. Esta mochila est\u00e1 dise\u00f1ada para satisfacer las exigencias de los deportistas y los aficionados a las actividades al aire libre. Es posible personalizar este art\u00edculo con su logo o su dise\u00f1o, para promover su marca o mostrar su identidad. \n\n- Material principal: Ripstop, poli\u00e9ster alveolado\n- Compartimentos: Bolsillo con cremallera en la parte frontal\n- Hidrataci\u00f3n: Preparaci\u00f3n para bolsa de agua","it":"Questo zaino portabottiglie \u00e8 progettato per le competizioni e le attivit\u00e0 che richiedono un equipaggiamento leggero e pratico. Realizzato con materiali resistenti come il ripstop e il poliestere alveolare, offre una durabilit\u00e0 maggiore minimizzando il peso. \u00c8 dotato di una tasca con cerniera frontale per un accesso facile agli effetti personali e di un foro per l'integrazione di una tasca per acqua, permettendo un'idratazione facile durante lo sforzo. Questo zaino \u00e8 progettato per rispondere alle esigenze degli sportivi e degli amanti delle attivit\u00e0 all'aria aperta. \u00c8 possibile personalizzare questo articolo con il proprio logo o il proprio visivo, per promuovere il proprio marchio o esibire la propria identit\u00e0. \n\n- Materiale principale : Ripstop, poliestere alveolare\n- Compartimenti : Tasca con cerniera frontale\n- Idratazione : Preparazione per tasca per acqua","sv":"Den h\u00e4r ryggs\u00e4cken med dricksflaska \u00e4r designad f\u00f6r t\u00e4vlingar och aktiviteter som kr\u00e4ver l\u00e4tt och praktisk utrustning. Tillverkad av h\u00e5llbara material som ripstop och alveol\u00e4r polyester, den erbjuder \u00f6kad h\u00e5llbarhet samtidigt som den minimerar vikten. Den \u00e4r f\u00f6rsedd med en framsida zippficka f\u00f6r enkel tillg\u00e5ng till personliga tillh\u00f6righeter och en \u00f6ppning f\u00f6r att integrera en vattenflaska, vilket g\u00f6r det l\u00e4tt att h\u00e5lla sig hydrerad under anstr\u00e4ngning. Den h\u00e4r ryggs\u00e4cken \u00e4r designad f\u00f6r att m\u00f6ta kraven p\u00e5 idrottare och utomhusentusiaster. Det \u00e4r m\u00f6jligt att personligg\u00f6ra denna artikel med din logotyp eller ditt visuella element f\u00f6r att fr\u00e4mja din varum\u00e4rke eller visa din identitet.\n\n- Huvudmaterial: Ripstop, alveol\u00e4r polyester\n- Kompartiment: Framsida zippficka\n- Hydratation: F\u00f6rberedelse f\u00f6r vattenflaska","pt":"Este sac \u00e0 dos porta bebida \u00e9 concebido para competi\u00e7\u00f5es e atividades que exigem equipamento leve e pr\u00e1tico. Fabricado a partir de materiais resistentes como o ripstop e o poli\u00e9ster alveolado, oferece durabilidade aumentada ao mesmo tempo em que minimiza o peso. Est\u00e1 dotado de um bolso z\u00edper na frente para acesso f\u00e1cil aos efeitos pessoais e de uma abertura prevista para a integra\u00e7\u00e3o de uma bolsa de \u00e1gua, permitindo hidrata\u00e7\u00e3o f\u00e1cil durante o esfor\u00e7o. Este sac \u00e0 dos \u00e9 concebido para responder \u00e0s exig\u00eancias dos desportistas e dos amantes de atividades ao ar livre. \u00c9 poss\u00edvel personalizar este artigo com o seu log\u00f3tipo ou o seu visual, para promover a sua marca ou exibir a sua identidade.","da":"Denne rygs\u00e6k med drikkeholder er designet til konkurrencer og aktiviteter, der kr\u00e6ver let og praktisk udstyr. Fremstillet af holdbare materialer som ripstop og skumt polyester, tilbyder den \u00f8get holdbarhed samtidig med at den minimerer v\u00e6gten. Den er udstyret med en forrest\u00e5ende zipperet lomme for nem adgang til personlige ejendomme og en \u00e5bning til integration af en vandpose, der g\u00f8r det nemt at hydratere under anstrengelse. Denne rygs\u00e6k er designet til at opfylde sportenes og friluftselskernes krav. Det er muligt at tilpasse denne artikel med dit logo eller dit visuelle design for at fremme din m\u00e6rke eller vise din identitet.  \n\n- Hovedmateriale: Ripstop, skumt polyester\n- Afdelinger: Forrest\u00e5ende zipperet lomme\n- Hydrering: Forberedelse til vandpose","pl":"Ten plecak z butelk\u0105 do picia jest przeznaczony do zawod\u00f3w i aktywno\u015bci wymagaj\u0105cych lekkiego i praktycznego sprz\u0119tu. Wykonany z wytrzyma\u0142ych materia\u0142\u00f3w takich jak ripstop i alweolowy polester, oferuje zwi\u0119kszon\u0105 trwa\u0142o\u015b\u0107 przy minimalizacji wagi. Jest wyposa\u017cony w zamek b\u0142\u0119kitny na przedniej stronie, kt\u00f3ry umo\u017cliwia \u0142atwy dost\u0119p do osobistych przedmiot\u00f3w i otw\u00f3r przeznaczony do integracji kieszeni z wod\u0105, umo\u017cliwiaj\u0105cy \u0142atwe nawodnienie podczas wysi\u0142ku. Ten plecak jest zaprojektowany tak, aby sprosta\u0107 wymaganiom sportowc\u00f3w i mi\u0142o\u015bnik\u00f3w aktywno\u015bci na \u015bwie\u017cym powietrzu. Mo\u017cliwa jest personalizacja tego artyku\u0142u za pomoc\u0105 swojego logo lub wizualizacji, aby promowa\u0107 swoj\u0105 mark\u0119 lub wy\u015bwietla\u0107 swoj\u0105 to\u017csamo\u015b\u0107.\n\n- Materia\u0142 g\u0142\u00f3wny: Ripstop, alweolowy polester\n- Komory: Zamykany zamek na przedniej stronie\n- Nawodnienie: Przygotowanie do kieszeni z wod\u0105"},"h1":{"fr":"Sac ? dos porte boisson ki0111 personnalis\u00e9","en":"Backpack Water Bottle Holder ki0111 Customized","de":"Trinkflaschen-Rucksack ki0111 personalisiert","nl":"Rugzak drinkhoudend ki0111 gepersonaliseerd","es":"Mochila con porta bebidas ki0111 personalizado","it":"Zaino portabottiglie ki0111 personalizzato","sv":"Ryggs\u00e4ck med dricksflaska ki0111 personlig","pt":"Sac \u00e0 dos porta bebida ki0111 personalizado","da":"Rygs\u00e6k med drikkeholder ki0111 tilpasset","pl":"Plecak z butelk\u0105 ki0111 personalizowany"},"meta_description":{"fr":"Sac \u00e0 dos porte boisson l\u00e9ger et r\u00e9sistant pour comp\u00e9tition. Con\u00e7u en ripstop et polyester alv\u00e9ol\u00e9, il offre un confort optimal. Personnalisable.","en":"Lightweight and durable water bottle backpack for competitions. Designed with ripstop and honeycomb polyester, it offers optimal comfort. Customizable.","de":"Leichter und robuster Trinkflaschen-Rucksack f\u00fcr den Wettbewerb. Aus Ripstop und Wabenpolyester gefertigt, bietet er optimalen Komfort. Personalisierbar.","nl":"Lichte en duurzame drinkhoudende rugzak voor competitie. Ontworpen in ripstop en geperforeerd polyester, biedt het optimale comfort. Personaliseerbaar.","es":"Mochila con porta bebidas ligera y resistente para competencia. Dise\u00f1ada en ripstop y poli\u00e9ster alveolado, ofrece un confort \u00f3ptimo. Personalizable.","it":"Zaino portabottiglie leggero e resistente per competizioni. Realizzato in ripstop e poliestere alveolare, offre un comfort ottimale. Personalizzabile.","sv":"L\u00e4tt och h\u00e5llbar ryggs\u00e4ck med dricksflaska f\u00f6r t\u00e4vlingar. Tillverkad i ripstop och alveol\u00e4r polyester, den erbjuder optimal komfort. Personlig.","pt":"Sac \u00e0 dos porta bebida leve e resistente para competi\u00e7\u00e3o. Confeccionado em ripstop e poli\u00e9ster alveolado, oferece conforto \u00f3timo. Personaliz\u00e1vel.","da":"Lett og holdbar rygs\u00e6k med drikkeholder til konkurrence. Udviklet i ripstop og skumt polyester, tilbyder den optimal komfort. Tilpasseligt.","pl":"Lekki i wytrzyma\u0142y plecak z butelk\u0105 do zawod\u00f3w. Wykonany z ripstopu i alweolowego poliestru, zapewnia optymalny komfort. Personalizowalny."}}},"categories":[{"id":526,"name":"Sacs \u00e0 dos","singular":"Sac \u00e0 dos","is_feminin":false},{"id":499,"name":"Bagagerie","singular":"Bagagerie","is_feminin":false}],"certifications":[{"id":13,"label":"EVE Vegan","logo_link":"\/images\/certifications\/13_EVE_Vegan.jpg","is_marking_compatible":false}],"videos":{"fr":[],"en":[],"de":[],"nl":[],"es":[],"it":[],"sv":[],"pt":[],"da":[],"pl":[]},"main_images":{"miniature":"https:\/\/media.th4.com\/yf7mG2Onpgq-iZ10kgSpktq5ClfCg-1_0uSEurPZ1jc\/pr:80\/aHR0cDovL21lZGlhMi5kZXNpZ25wYXJ0bmVyLmZyL2MvcC1NVC80OTI5LmpwZw?v=1642592692","medium":"https:\/\/media.th4.com\/98v0xSSG_J6A0R6_XaBkSBLcvVUNRoIIrcjqhnRzN0c\/pr:550x550greybg\/aHR0cDovL21lZGlhMi5kZXNpZ25wYXJ0bmVyLmZyL2MvcC1NVC80OTI5LmpwZw?v=1642592692","medium_large":"https:\/\/media.th4.com\/cddyUH0prTKk9J7GZ8Ao4lD-QEBUGI7mPtpBq4-Kc7o\/pr:1000x1000greybg\/aHR0cDovL21lZGlhMi5kZXNpZ25wYXJ0bmVyLmZyL2MvcC1NVC80OTI5LmpwZw?v=1642592692","large":"https:\/\/media.th4.com\/Y5oYglaCTDRs2OS1B_uhnNeGh3eCkjn83SfAiC0nAC0\/pr:1920greybg\/aHR0cDovL21lZGlhMi5kZXNpZ25wYXJ0bmVyLmZyL2MvcC1NVC80OTI5LmpwZw?v=1642592692","opengraph":"https:\/\/media.th4.com\/Ym-cq--hh1psvcCPXmEIPodkiI2MbfMucyLeAMDvxR8\/pr:1200x630greybg\/aHR0cDovL21lZGlhMi5kZXNpZ25wYXJ0bmVyLmZyL2MvcC1NVC80OTI5LmpwZw?v=1642592692"},"main_images_customization":{"miniature":"https:\/\/media.th4.com\/yf7mG2Onpgq-iZ10kgSpktq5ClfCg-1_0uSEurPZ1jc\/pr:80\/aHR0cDovL21lZGlhMi5kZXNpZ25wYXJ0bmVyLmZyL2MvcC1NVC80OTI5LmpwZw?v=1642592692","medium":"https:\/\/media.th4.com\/98v0xSSG_J6A0R6_XaBkSBLcvVUNRoIIrcjqhnRzN0c\/pr:550x550greybg\/aHR0cDovL21lZGlhMi5kZXNpZ25wYXJ0bmVyLmZyL2MvcC1NVC80OTI5LmpwZw?v=1642592692","medium_large":"https:\/\/media.th4.com\/cddyUH0prTKk9J7GZ8Ao4lD-QEBUGI7mPtpBq4-Kc7o\/pr:1000x1000greybg\/aHR0cDovL21lZGlhMi5kZXNpZ25wYXJ0bmVyLmZyL2MvcC1NVC80OTI5LmpwZw?v=1642592692","large":"https:\/\/media.th4.com\/Y5oYglaCTDRs2OS1B_uhnNeGh3eCkjn83SfAiC0nAC0\/pr:1920greybg\/aHR0cDovL21lZGlhMi5kZXNpZ25wYXJ0bmVyLmZyL2MvcC1NVC80OTI5LmpwZw?v=1642592692","opengraph":"https:\/\/media.th4.com\/Ym-cq--hh1psvcCPXmEIPodkiI2MbfMucyLeAMDvxR8\/pr:1200x630greybg\/aHR0cDovL21lZGlhMi5kZXNpZ25wYXJ0bmVyLmZyL2MvcC1NVC80OTI5LmpwZw?v=1642592692"},"page_links":{"fr":"\/fr\/p-ki-ki0111-sac-dos-porte-boisson-ki0111-4929\/","en":"\/en\/p-ki-ki0111-backpack-with-drink-holder-ki0111-4929\/","de":"\/de\/p-ki-ki0111-rucksack-getrankehalterung-ki0111-4929\/","nl":"\/nl\/p-ki-ki0111-rugzak-met-drankhouder-ki0111-4929\/","es":"\/es\/p-ki-ki0111-mochila-de-hidratacion-ki0111-4929\/","it":"\/it\/p-ki-ki0111-zaino-porta-bevande-ki0111-4929\/","sv":"\/sv\/p-ki-ki0111-ryggsack-for-dricksflaska-ki0111-4929\/","pt":"\/pt\/p-ki-ki0111-mochila-porta-bebida-ki0111-4929\/","da":"\/da\/p-ki-ki0111-rygsaek-med-drikkeflaskeholder-ki0111-4929\/","pl":"\/pl\/p-ki-ki0111-plecak-na-plecy-do-picia-ki0111-4929\/"},"page_links_customization":{"fr":"\/fr\/p-ki-ki0111-sac-dos-porte-boisson-ki0111-personnalise-4929\/custom\/","en":"\/en\/p-ki-ki0111-backpack-water-bottle-holder-ki0111-customized-4929\/custom\/","de":"\/de\/p-ki-ki0111-trinkflaschen-rucksack-ki0111-personalisiert-4929\/custom\/","nl":"\/nl\/p-ki-ki0111-rugzak-drinkhoudend-ki0111-gepersonaliseerd-4929\/custom\/","es":"\/es\/p-ki-ki0111-mochila-con-porta-bebidas-ki0111-personalizado-4929\/custom\/","it":"\/it\/p-ki-ki0111-zaino-portabottiglie-ki0111-personalizzato-4929\/custom\/","sv":"\/sv\/p-ki-ki0111-ryggsack-med-dricksflaska-ki0111-personlig-4929\/custom\/","pt":"\/pt\/p-ki-ki0111-sac-a-dos-porta-bebida-ki0111-personalizado-4929\/custom\/","da":"\/da\/p-ki-ki0111-rygsaek-med-drikkeholder-ki0111-tilpasset-4929\/custom\/","pl":"\/pl\/p-ki-ki0111-plecak-z-butelka-ki0111-personalizowany-4929\/custom\/"},"equivalent_products":[],"colors":[{"id":3696,"name":"black\/royal_blue","class_ids":[4,2],"codes_hexa":["1a1a1a","1a5ea5"],"delai_24":false,"has_3d":false,"seuil_global":0,"stock_local":0,"stock_global":1968,"on_standby":false,"in_catalog":true,"images":{"miniature":["https:\/\/media.th4.com\/CEGMCf6U5i3Ix9ETSsKSuTEmwowa5nC50xqY8c-L7xY\/pr:80\/aHR0cDovL21lZGlhMi5kZXNpZ25wYXJ0bmVyLmZyL2MvcC80OTI5LzQ5MjktMzY5Ni0xLmpwZw?v=1610004058"],"medium":["https:\/\/media.th4.com\/ZunZNNykBJHoEA0pQKz734GoWC_Ow8WbpfXnHhkV3r0\/pr:550x550\/aHR0cDovL21lZGlhMi5kZXNpZ25wYXJ0bmVyLmZyL2MvcC80OTI5LzQ5MjktMzY5Ni0xLmpwZw?v=1610004058"],"medium_large":["https:\/\/media.th4.com\/pmDeNWwv8VEiCTPjXBwdEwGCMbyDqIBakUrruZdvApM\/pr:1000x1000\/aHR0cDovL21lZGlhMi5kZXNpZ25wYXJ0bmVyLmZyL2MvcC80OTI5LzQ5MjktMzY5Ni0xLmpwZw?v=1610004058"],"large":["https:\/\/media.th4.com\/5h4AtP7re33XONUBdvjpwp6_-e-pCh8e6uqI9X8MiBI\/pr:1920\/aHR0cDovL21lZGlhMi5kZXNpZ25wYXJ0bmVyLmZyL2MvcC80OTI5LzQ5MjktMzY5Ni0xLmpwZw?v=1610004058"],"opengraph":["https:\/\/media.th4.com\/a78ELyNIOcBlHodpHvAcxtArzkqnzKIDGJRgnnaskvk\/pr:1200x630\/aHR0cDovL21lZGlhMi5kZXNpZ25wYXJ0bmVyLmZyL2MvcC80OTI5LzQ5MjktMzY5Ni0xLmpwZw?v=1610004058"]},"images_customization":{"miniature":["https:\/\/media.th4.com\/CEGMCf6U5i3Ix9ETSsKSuTEmwowa5nC50xqY8c-L7xY\/pr:80\/aHR0cDovL21lZGlhMi5kZXNpZ25wYXJ0bmVyLmZyL2MvcC80OTI5LzQ5MjktMzY5Ni0xLmpwZw?v=1610004058"],"medium":["https:\/\/media.th4.com\/ZunZNNykBJHoEA0pQKz734GoWC_Ow8WbpfXnHhkV3r0\/pr:550x550\/aHR0cDovL21lZGlhMi5kZXNpZ25wYXJ0bmVyLmZyL2MvcC80OTI5LzQ5MjktMzY5Ni0xLmpwZw?v=1610004058"],"medium_large":["https:\/\/media.th4.com\/pmDeNWwv8VEiCTPjXBwdEwGCMbyDqIBakUrruZdvApM\/pr:1000x1000\/aHR0cDovL21lZGlhMi5kZXNpZ25wYXJ0bmVyLmZyL2MvcC80OTI5LzQ5MjktMzY5Ni0xLmpwZw?v=1610004058"],"large":["https:\/\/media.th4.com\/5h4AtP7re33XONUBdvjpwp6_-e-pCh8e6uqI9X8MiBI\/pr:1920\/aHR0cDovL21lZGlhMi5kZXNpZ25wYXJ0bmVyLmZyL2MvcC80OTI5LzQ5MjktMzY5Ni0xLmpwZw?v=1610004058"],"opengraph":["https:\/\/media.th4.com\/a78ELyNIOcBlHodpHvAcxtArzkqnzKIDGJRgnnaskvk\/pr:1200x630\/aHR0cDovL21lZGlhMi5kZXNpZ25wYXJ0bmVyLmZyL2MvcC80OTI5LzQ5MjktMzY5Ni0xLmpwZw?v=1610004058"]},"country_origin":"CN","traceability":{"manufacturing_country_id":null,"weaving_country_id":null,"dyeing_country_id":null},"sizes":[{"id":42,"article_id":284566,"class_id":19,"name":"taille_unique","on_standby":false,"stock_local":0,"stock_global":1968,"multiple":1,"estimated_date_reassort":null,"is_destocking":false}],"page_links":{"fr":"\/fr\/p-ki-ki0111-sac-dos-porte-boisson-ki0111-4929\/black-royal-blue-3696\/","en":"\/en\/p-ki-ki0111-backpack-with-drink-holder-ki0111-4929\/black-royal-blue-3696\/","de":"\/de\/p-ki-ki0111-rucksack-getrankehalterung-ki0111-4929\/black-royal-blue-3696\/","nl":"\/nl\/p-ki-ki0111-rugzak-met-drankhouder-ki0111-4929\/black-royal-blue-3696\/","es":"\/es\/p-ki-ki0111-mochila-de-hidratacion-ki0111-4929\/black-royal-blue-3696\/","it":"\/it\/p-ki-ki0111-zaino-porta-bevande-ki0111-4929\/black-royal-blue-3696\/","sv":"\/sv\/p-ki-ki0111-ryggsack-for-dricksflaska-ki0111-4929\/black-royal-blue-3696\/","pt":"\/pt\/p-ki-ki0111-mochila-porta-bebida-ki0111-4929\/black-royal-blue-3696\/","da":"\/da\/p-ki-ki0111-rygsaek-med-drikkeflaskeholder-ki0111-4929\/black-royal-blue-3696\/","pl":"\/pl\/p-ki-ki0111-plecak-na-plecy-do-picia-ki0111-4929\/black-royal-blue-3696\/"},"page_links_customization":{"fr":"\/fr\/p-ki-ki0111-sac-dos-porte-boisson-ki0111-personnalise-4929\/black-royal-blue-3696\/custom\/","en":"\/en\/p-ki-ki0111-backpack-water-bottle-holder-ki0111-customized-4929\/black-royal-blue-3696\/custom\/","de":"\/de\/p-ki-ki0111-trinkflaschen-rucksack-ki0111-personalisiert-4929\/black-royal-blue-3696\/custom\/","nl":"\/nl\/p-ki-ki0111-rugzak-drinkhoudend-ki0111-gepersonaliseerd-4929\/black-royal-blue-3696\/custom\/","es":"\/es\/p-ki-ki0111-mochila-con-porta-bebidas-ki0111-personalizado-4929\/black-royal-blue-3696\/custom\/","it":"\/it\/p-ki-ki0111-zaino-portabottiglie-ki0111-personalizzato-4929\/black-royal-blue-3696\/custom\/","sv":"\/sv\/p-ki-ki0111-ryggsack-med-dricksflaska-ki0111-personlig-4929\/black-royal-blue-3696\/custom\/","pt":"\/pt\/p-ki-ki0111-sac-a-dos-porta-bebida-ki0111-personalizado-4929\/black-royal-blue-3696\/custom\/","da":"\/da\/p-ki-ki0111-rygsaek-med-drikkeholder-ki0111-tilpasset-4929\/black-royal-blue-3696\/custom\/","pl":"\/pl\/p-ki-ki0111-plecak-z-butelka-ki0111-personalizowany-4929\/black-royal-blue-3696\/custom\/"}},{"id":3470,"name":"red\/dark_grey","class_ids":[6,3],"codes_hexa":["dc030c","56575b"],"delai_24":false,"has_3d":false,"seuil_global":0,"stock_local":0,"stock_global":1760,"on_standby":false,"in_catalog":true,"images":{"miniature":["https:\/\/media.th4.com\/YxC-7Dby4QiGt9JBIYAt_IqE6mv6BHJMsKdBcoxBXio\/pr:80\/aHR0cDovL21lZGlhMi5kZXNpZ25wYXJ0bmVyLmZyL2MvcC80OTI5LzQ5MjktMzQ3MC0xLmpwZw?v=1610004058"],"medium":["https:\/\/media.th4.com\/iemYJk739I1kDMYDytKDb7DXfeCxSmfGWtjz6eL4JLc\/pr:550x550\/aHR0cDovL21lZGlhMi5kZXNpZ25wYXJ0bmVyLmZyL2MvcC80OTI5LzQ5MjktMzQ3MC0xLmpwZw?v=1610004058"],"medium_large":["https:\/\/media.th4.com\/mlwohK7z3FCjuw3fKYwnuXXgVUQ12Grb24fjYai6sK0\/pr:1000x1000\/aHR0cDovL21lZGlhMi5kZXNpZ25wYXJ0bmVyLmZyL2MvcC80OTI5LzQ5MjktMzQ3MC0xLmpwZw?v=1610004058"],"large":["https:\/\/media.th4.com\/t861CK0wyPTn_4i4tR9PIxJlAXo_zmaiwjwrRN5lHQk\/pr:1920\/aHR0cDovL21lZGlhMi5kZXNpZ25wYXJ0bmVyLmZyL2MvcC80OTI5LzQ5MjktMzQ3MC0xLmpwZw?v=1610004058"],"opengraph":["https:\/\/media.th4.com\/88tjpcynL-96824qeZrbK0PPJ0ofwZuvak7IoUSIzfU\/pr:1200x630\/aHR0cDovL21lZGlhMi5kZXNpZ25wYXJ0bmVyLmZyL2MvcC80OTI5LzQ5MjktMzQ3MC0xLmpwZw?v=1610004058"]},"images_customization":{"miniature":["https:\/\/media.th4.com\/YxC-7Dby4QiGt9JBIYAt_IqE6mv6BHJMsKdBcoxBXio\/pr:80\/aHR0cDovL21lZGlhMi5kZXNpZ25wYXJ0bmVyLmZyL2MvcC80OTI5LzQ5MjktMzQ3MC0xLmpwZw?v=1610004058"],"medium":["https:\/\/media.th4.com\/iemYJk739I1kDMYDytKDb7DXfeCxSmfGWtjz6eL4JLc\/pr:550x550\/aHR0cDovL21lZGlhMi5kZXNpZ25wYXJ0bmVyLmZyL2MvcC80OTI5LzQ5MjktMzQ3MC0xLmpwZw?v=1610004058"],"medium_large":["https:\/\/media.th4.com\/mlwohK7z3FCjuw3fKYwnuXXgVUQ12Grb24fjYai6sK0\/pr:1000x1000\/aHR0cDovL21lZGlhMi5kZXNpZ25wYXJ0bmVyLmZyL2MvcC80OTI5LzQ5MjktMzQ3MC0xLmpwZw?v=1610004058"],"large":["https:\/\/media.th4.com\/t861CK0wyPTn_4i4tR9PIxJlAXo_zmaiwjwrRN5lHQk\/pr:1920\/aHR0cDovL21lZGlhMi5kZXNpZ25wYXJ0bmVyLmZyL2MvcC80OTI5LzQ5MjktMzQ3MC0xLmpwZw?v=1610004058"],"opengraph":["https:\/\/media.th4.com\/88tjpcynL-96824qeZrbK0PPJ0ofwZuvak7IoUSIzfU\/pr:1200x630\/aHR0cDovL21lZGlhMi5kZXNpZ25wYXJ0bmVyLmZyL2MvcC80OTI5LzQ5MjktMzQ3MC0xLmpwZw?v=1610004058"]},"country_origin":"CN","traceability":{"manufacturing_country_id":null,"weaving_country_id":null,"dyeing_country_id":null},"sizes":[{"id":42,"article_id":284567,"class_id":19,"name":"taille_unique","on_standby":false,"stock_local":0,"stock_global":1760,"multiple":1,"estimated_date_reassort":null,"is_destocking":false}],"page_links":{"fr":"\/fr\/p-ki-ki0111-sac-dos-porte-boisson-ki0111-4929\/red-dark-grey-3470\/","en":"\/en\/p-ki-ki0111-backpack-with-drink-holder-ki0111-4929\/red-dark-grey-3470\/","de":"\/de\/p-ki-ki0111-rucksack-getrankehalterung-ki0111-4929\/red-dark-grey-3470\/","nl":"\/nl\/p-ki-ki0111-rugzak-met-drankhouder-ki0111-4929\/red-dark-grey-3470\/","es":"\/es\/p-ki-ki0111-mochila-de-hidratacion-ki0111-4929\/red-dark-grey-3470\/","it":"\/it\/p-ki-ki0111-zaino-porta-bevande-ki0111-4929\/red-dark-grey-3470\/","sv":"\/sv\/p-ki-ki0111-ryggsack-for-dricksflaska-ki0111-4929\/red-dark-grey-3470\/","pt":"\/pt\/p-ki-ki0111-mochila-porta-bebida-ki0111-4929\/red-dark-grey-3470\/","da":"\/da\/p-ki-ki0111-rygsaek-med-drikkeflaskeholder-ki0111-4929\/red-dark-grey-3470\/","pl":"\/pl\/p-ki-ki0111-plecak-na-plecy-do-picia-ki0111-4929\/red-dark-grey-3470\/"},"page_links_customization":{"fr":"\/fr\/p-ki-ki0111-sac-dos-porte-boisson-ki0111-personnalise-4929\/red-dark-grey-3470\/custom\/","en":"\/en\/p-ki-ki0111-backpack-water-bottle-holder-ki0111-customized-4929\/red-dark-grey-3470\/custom\/","de":"\/de\/p-ki-ki0111-trinkflaschen-rucksack-ki0111-personalisiert-4929\/red-dark-grey-3470\/custom\/","nl":"\/nl\/p-ki-ki0111-rugzak-drinkhoudend-ki0111-gepersonaliseerd-4929\/red-dark-grey-3470\/custom\/","es":"\/es\/p-ki-ki0111-mochila-con-porta-bebidas-ki0111-personalizado-4929\/red-dark-grey-3470\/custom\/","it":"\/it\/p-ki-ki0111-zaino-portabottiglie-ki0111-personalizzato-4929\/red-dark-grey-3470\/custom\/","sv":"\/sv\/p-ki-ki0111-ryggsack-med-dricksflaska-ki0111-personlig-4929\/red-dark-grey-3470\/custom\/","pt":"\/pt\/p-ki-ki0111-sac-a-dos-porta-bebida-ki0111-personalizado-4929\/red-dark-grey-3470\/custom\/","da":"\/da\/p-ki-ki0111-rygsaek-med-drikkeholder-ki0111-tilpasset-4929\/red-dark-grey-3470\/custom\/","pl":"\/pl\/p-ki-ki0111-plecak-z-butelka-ki0111-personalizowany-4929\/red-dark-grey-3470\/custom\/"}},{"id":3478,"name":"black\/slate_grey","class_ids":[4,3],"codes_hexa":["1a1a18","949492"],"delai_24":false,"has_3d":false,"seuil_global":0,"stock_local":0,"stock_global":1458,"on_standby":false,"in_catalog":true,"images":{"miniature":["https:\/\/media.th4.com\/QxYrWl2x9JcyGdiIVaKNid_WsvWV0Tyl6qIv5ALWkLE\/pr:80\/aHR0cDovL21lZGlhMi5kZXNpZ25wYXJ0bmVyLmZyL2MvcC80OTI5LzQ5MjktMzQ3OC0xLmpwZw?v=1610004058"],"medium":["https:\/\/media.th4.com\/qIjHIgXAju8cuTrl91tt1Lqi8ig9Ey8kwbytxjvMf1s\/pr:550x550\/aHR0cDovL21lZGlhMi5kZXNpZ25wYXJ0bmVyLmZyL2MvcC80OTI5LzQ5MjktMzQ3OC0xLmpwZw?v=1610004058"],"medium_large":["https:\/\/media.th4.com\/4svPT2fsj1wl_HvmHZPJ-TX7BT0UslX10Hw-1L8DUSM\/pr:1000x1000\/aHR0cDovL21lZGlhMi5kZXNpZ25wYXJ0bmVyLmZyL2MvcC80OTI5LzQ5MjktMzQ3OC0xLmpwZw?v=1610004058"],"large":["https:\/\/media.th4.com\/sOLyQ5tij5MJaVZfmwZI_ydGeb3mCG8VjCO16oUnRT8\/pr:1920\/aHR0cDovL21lZGlhMi5kZXNpZ25wYXJ0bmVyLmZyL2MvcC80OTI5LzQ5MjktMzQ3OC0xLmpwZw?v=1610004058"],"opengraph":["https:\/\/media.th4.com\/PmI9rdMkdMDGV1H_hZZ76UYswdIG8FMFTIEZSZGwsw0\/pr:1200x630\/aHR0cDovL21lZGlhMi5kZXNpZ25wYXJ0bmVyLmZyL2MvcC80OTI5LzQ5MjktMzQ3OC0xLmpwZw?v=1610004058"]},"images_customization":{"miniature":["https:\/\/media.th4.com\/QxYrWl2x9JcyGdiIVaKNid_WsvWV0Tyl6qIv5ALWkLE\/pr:80\/aHR0cDovL21lZGlhMi5kZXNpZ25wYXJ0bmVyLmZyL2MvcC80OTI5LzQ5MjktMzQ3OC0xLmpwZw?v=1610004058"],"medium":["https:\/\/media.th4.com\/qIjHIgXAju8cuTrl91tt1Lqi8ig9Ey8kwbytxjvMf1s\/pr:550x550\/aHR0cDovL21lZGlhMi5kZXNpZ25wYXJ0bmVyLmZyL2MvcC80OTI5LzQ5MjktMzQ3OC0xLmpwZw?v=1610004058"],"medium_large":["https:\/\/media.th4.com\/4svPT2fsj1wl_HvmHZPJ-TX7BT0UslX10Hw-1L8DUSM\/pr:1000x1000\/aHR0cDovL21lZGlhMi5kZXNpZ25wYXJ0bmVyLmZyL2MvcC80OTI5LzQ5MjktMzQ3OC0xLmpwZw?v=1610004058"],"large":["https:\/\/media.th4.com\/sOLyQ5tij5MJaVZfmwZI_ydGeb3mCG8VjCO16oUnRT8\/pr:1920\/aHR0cDovL21lZGlhMi5kZXNpZ25wYXJ0bmVyLmZyL2MvcC80OTI5LzQ5MjktMzQ3OC0xLmpwZw?v=1610004058"],"opengraph":["https:\/\/media.th4.com\/PmI9rdMkdMDGV1H_hZZ76UYswdIG8FMFTIEZSZGwsw0\/pr:1200x630\/aHR0cDovL21lZGlhMi5kZXNpZ25wYXJ0bmVyLmZyL2MvcC80OTI5LzQ5MjktMzQ3OC0xLmpwZw?v=1610004058"]},"country_origin":"CN","traceability":{"manufacturing_country_id":null,"weaving_country_id":null,"dyeing_country_id":null},"sizes":[{"id":1004,"article_id":164311,"class_id":0,"name":"31x21x8","on_standby":false,"stock_local":0,"stock_global":1458,"multiple":1,"estimated_date_reassort":null,"is_destocking":false}],"page_links":{"fr":"\/fr\/p-ki-ki0111-sac-dos-porte-boisson-ki0111-4929\/black-slate-grey-3478\/","en":"\/en\/p-ki-ki0111-backpack-with-drink-holder-ki0111-4929\/black-slate-grey-3478\/","de":"\/de\/p-ki-ki0111-rucksack-getrankehalterung-ki0111-4929\/black-slate-grey-3478\/","nl":"\/nl\/p-ki-ki0111-rugzak-met-drankhouder-ki0111-4929\/black-slate-grey-3478\/","es":"\/es\/p-ki-ki0111-mochila-de-hidratacion-ki0111-4929\/black-slate-grey-3478\/","it":"\/it\/p-ki-ki0111-zaino-porta-bevande-ki0111-4929\/black-slate-grey-3478\/","sv":"\/sv\/p-ki-ki0111-ryggsack-for-dricksflaska-ki0111-4929\/black-slate-grey-3478\/","pt":"\/pt\/p-ki-ki0111-mochila-porta-bebida-ki0111-4929\/black-slate-grey-3478\/","da":"\/da\/p-ki-ki0111-rygsaek-med-drikkeflaskeholder-ki0111-4929\/black-slate-grey-3478\/","pl":"\/pl\/p-ki-ki0111-plecak-na-plecy-do-picia-ki0111-4929\/black-slate-grey-3478\/"},"page_links_customization":{"fr":"\/fr\/p-ki-ki0111-sac-dos-porte-boisson-ki0111-personnalise-4929\/black-slate-grey-3478\/custom\/","en":"\/en\/p-ki-ki0111-backpack-water-bottle-holder-ki0111-customized-4929\/black-slate-grey-3478\/custom\/","de":"\/de\/p-ki-ki0111-trinkflaschen-rucksack-ki0111-personalisiert-4929\/black-slate-grey-3478\/custom\/","nl":"\/nl\/p-ki-ki0111-rugzak-drinkhoudend-ki0111-gepersonaliseerd-4929\/black-slate-grey-3478\/custom\/","es":"\/es\/p-ki-ki0111-mochila-con-porta-bebidas-ki0111-personalizado-4929\/black-slate-grey-3478\/custom\/","it":"\/it\/p-ki-ki0111-zaino-portabottiglie-ki0111-personalizzato-4929\/black-slate-grey-3478\/custom\/","sv":"\/sv\/p-ki-ki0111-ryggsack-med-dricksflaska-ki0111-personlig-4929\/black-slate-grey-3478\/custom\/","pt":"\/pt\/p-ki-ki0111-sac-a-dos-porta-bebida-ki0111-personalizado-4929\/black-slate-grey-3478\/custom\/","da":"\/da\/p-ki-ki0111-rygsaek-med-drikkeholder-ki0111-tilpasset-4929\/black-slate-grey-3478\/custom\/","pl":"\/pl\/p-ki-ki0111-plecak-z-butelka-ki0111-personalizowany-4929\/black-slate-grey-3478\/custom\/"}},{"id":5439,"name":"burnt_lime\/slate_grey","class_ids":[12,3],"codes_hexa":["A9B35C","5C5C5B"],"delai_24":false,"has_3d":false,"seuil_global":0,"stock_local":0,"stock_global":960,"on_standby":false,"in_catalog":true,"images":{"miniature":["https:\/\/media.th4.com\/6Jq3VdFAX9ykz6V1WECV9vNu-30fwSGTTbNKxQd5HV4\/pr:80\/aHR0cDovL21lZGlhMi5kZXNpZ25wYXJ0bmVyLmZyL2MvcC80OTI5LzQ5MjktNTQzOS0xLmpwZw?v=1610004058"],"medium":["https:\/\/media.th4.com\/ZnfBFHuAxh3ngY4gV83EpO_Dm38xfgij5Nf4nU8IQsI\/pr:550x550\/aHR0cDovL21lZGlhMi5kZXNpZ25wYXJ0bmVyLmZyL2MvcC80OTI5LzQ5MjktNTQzOS0xLmpwZw?v=1610004058"],"medium_large":["https:\/\/media.th4.com\/Et12GVX65khp8K1PjoCJ-YDT2_O8M8kuSX1deFXSOYM\/pr:1000x1000\/aHR0cDovL21lZGlhMi5kZXNpZ25wYXJ0bmVyLmZyL2MvcC80OTI5LzQ5MjktNTQzOS0xLmpwZw?v=1610004058"],"large":["https:\/\/media.th4.com\/Pnexm5dxZT201nPSSQ1PS0icz7a9MVt702UJ65KVEds\/pr:1920\/aHR0cDovL21lZGlhMi5kZXNpZ25wYXJ0bmVyLmZyL2MvcC80OTI5LzQ5MjktNTQzOS0xLmpwZw?v=1610004058"],"opengraph":["https:\/\/media.th4.com\/oJyIAEzwNt9huRuWrX6WXvYmWNZjKh2KZDnx3r_hv9U\/pr:1200x630\/aHR0cDovL21lZGlhMi5kZXNpZ25wYXJ0bmVyLmZyL2MvcC80OTI5LzQ5MjktNTQzOS0xLmpwZw?v=1610004058"]},"images_customization":{"miniature":["https:\/\/media.th4.com\/6Jq3VdFAX9ykz6V1WECV9vNu-30fwSGTTbNKxQd5HV4\/pr:80\/aHR0cDovL21lZGlhMi5kZXNpZ25wYXJ0bmVyLmZyL2MvcC80OTI5LzQ5MjktNTQzOS0xLmpwZw?v=1610004058"],"medium":["https:\/\/media.th4.com\/ZnfBFHuAxh3ngY4gV83EpO_Dm38xfgij5Nf4nU8IQsI\/pr:550x550\/aHR0cDovL21lZGlhMi5kZXNpZ25wYXJ0bmVyLmZyL2MvcC80OTI5LzQ5MjktNTQzOS0xLmpwZw?v=1610004058"],"medium_large":["https:\/\/media.th4.com\/Et12GVX65khp8K1PjoCJ-YDT2_O8M8kuSX1deFXSOYM\/pr:1000x1000\/aHR0cDovL21lZGlhMi5kZXNpZ25wYXJ0bmVyLmZyL2MvcC80OTI5LzQ5MjktNTQzOS0xLmpwZw?v=1610004058"],"large":["https:\/\/media.th4.com\/Pnexm5dxZT201nPSSQ1PS0icz7a9MVt702UJ65KVEds\/pr:1920\/aHR0cDovL21lZGlhMi5kZXNpZ25wYXJ0bmVyLmZyL2MvcC80OTI5LzQ5MjktNTQzOS0xLmpwZw?v=1610004058"],"opengraph":["https:\/\/media.th4.com\/oJyIAEzwNt9huRuWrX6WXvYmWNZjKh2KZDnx3r_hv9U\/pr:1200x630\/aHR0cDovL21lZGlhMi5kZXNpZ25wYXJ0bmVyLmZyL2MvcC80OTI5LzQ5MjktNTQzOS0xLmpwZw?v=1610004058"]},"country_origin":"CN","traceability":{"manufacturing_country_id":null,"weaving_country_id":null,"dyeing_country_id":null},"sizes":[{"id":1004,"article_id":164312,"class_id":0,"name":"31x21x8","on_standby":false,"stock_local":0,"stock_global":960,"multiple":1,"estimated_date_reassort":null,"is_destocking":false}],"page_links":{"fr":"\/fr\/p-ki-ki0111-sac-dos-porte-boisson-ki0111-4929\/burnt-lime-slate-grey-5439\/","en":"\/en\/p-ki-ki0111-backpack-with-drink-holder-ki0111-4929\/burnt-lime-slate-grey-5439\/","de":"\/de\/p-ki-ki0111-rucksack-getrankehalterung-ki0111-4929\/burnt-lime-slate-grey-5439\/","nl":"\/nl\/p-ki-ki0111-rugzak-met-drankhouder-ki0111-4929\/burnt-lime-slate-grey-5439\/","es":"\/es\/p-ki-ki0111-mochila-de-hidratacion-ki0111-4929\/burnt-lime-slate-grey-5439\/","it":"\/it\/p-ki-ki0111-zaino-porta-bevande-ki0111-4929\/burnt-lime-slate-grey-5439\/","sv":"\/sv\/p-ki-ki0111-ryggsack-for-dricksflaska-ki0111-4929\/burnt-lime-slate-grey-5439\/","pt":"\/pt\/p-ki-ki0111-mochila-porta-bebida-ki0111-4929\/burnt-lime-slate-grey-5439\/","da":"\/da\/p-ki-ki0111-rygsaek-med-drikkeflaskeholder-ki0111-4929\/burnt-lime-slate-grey-5439\/","pl":"\/pl\/p-ki-ki0111-plecak-na-plecy-do-picia-ki0111-4929\/burnt-lime-slate-grey-5439\/"},"page_links_customization":{"fr":"\/fr\/p-ki-ki0111-sac-dos-porte-boisson-ki0111-personnalise-4929\/burnt-lime-slate-grey-5439\/custom\/","en":"\/en\/p-ki-ki0111-backpack-water-bottle-holder-ki0111-customized-4929\/burnt-lime-slate-grey-5439\/custom\/","de":"\/de\/p-ki-ki0111-trinkflaschen-rucksack-ki0111-personalisiert-4929\/burnt-lime-slate-grey-5439\/custom\/","nl":"\/nl\/p-ki-ki0111-rugzak-drinkhoudend-ki0111-gepersonaliseerd-4929\/burnt-lime-slate-grey-5439\/custom\/","es":"\/es\/p-ki-ki0111-mochila-con-porta-bebidas-ki0111-personalizado-4929\/burnt-lime-slate-grey-5439\/custom\/","it":"\/it\/p-ki-ki0111-zaino-portabottiglie-ki0111-personalizzato-4929\/burnt-lime-slate-grey-5439\/custom\/","sv":"\/sv\/p-ki-ki0111-ryggsack-med-dricksflaska-ki0111-personlig-4929\/burnt-lime-slate-grey-5439\/custom\/","pt":"\/pt\/p-ki-ki0111-sac-a-dos-porta-bebida-ki0111-personalizado-4929\/burnt-lime-slate-grey-5439\/custom\/","da":"\/da\/p-ki-ki0111-rygsaek-med-drikkeholder-ki0111-tilpasset-4929\/burnt-lime-slate-grey-5439\/custom\/","pl":"\/pl\/p-ki-ki0111-plecak-z-butelka-ki0111-personalizowany-4929\/burnt-lime-slate-grey-5439\/custom\/"}}],"documentation_link":"\/pdf\/4929.pdf","countries_availables":["AD","AE","AL","AT","BA","BD","BE","BG","BL","CA","CH","CN","CO","CY","CZ","DE","DK","DO","EE","EG","ES","ET","FI","FR","GB","GE","GF","GP","GR","GT","HK","HN","HR","HT","HU","ID","IE","IN","IS","IT","JO","JP","KE","KH","KP","KR","LA","LK","LS","LT","LU","LV","MA","MF","MG","MK","MM","MN","MQ","MT","MX","MY","NC","NI","NL","PF","PH","PK","PL","PM","PT","RE","RO","SE","SG","SI","SK","SV","SY","TH","TN","TR","TW","TZ","US","VN","WF","YT"]},"infos_customization":[],"features":{"authorize_multi_surfaces":true,"display_order_delay_type":true,"promote_surface_display":true,"tarification_franco_offert":true,"enabled_3d_editor":false},"markings":[{"id":0,"nom":"vierge","finition":null,"libelle":null,"code":null,"dpi":null,"finesse_forme_isolee":null,"finesse_forme_non_isolee":null,"hauteur_minimale_texte":null,"inactif":0,"marquage_interne":1,"quantite_min":null,"parent_id":null,"print_on_support":0,"content":"vierge","description":null},{"id":2,"nom":"fonce","finition":"optimale","libelle":"TopQuadri","code":null,"dpi":400,"finesse_forme_isolee":"0.040","finesse_forme_non_isolee":"0.700","hauteur_minimale_texte":2,"inactif":0,"marquage_interne":1,"quantite_min":null,"parent_id":18,"print_on_support":0,"content":"TopQuadri","description":"pour petites et moyennes s\u00e9ries"},{"id":3,"nom":"serigraphie","finition":"serigraphie","libelle":"SeriCoat","code":null,"dpi":400,"finesse_forme_isolee":"0.040","finesse_forme_non_isolee":"0.700","hauteur_minimale_texte":2,"inactif":0,"marquage_interne":1,"quantite_min":15,"parent_id":18,"print_on_support":0,"content":"SeriCoat","description":"pour moyennes et grandes s\u00e9ries"},{"id":4,"nom":"broderie","finition":"broderie","libelle":"Broderie","code":null,"dpi":400,"finesse_forme_isolee":"0.040","finesse_forme_non_isolee":"0.700","hauteur_minimale_texte":3,"inactif":0,"marquage_interne":1,"quantite_min":null,"parent_id":null,"print_on_support":0,"content":"Broderie","description":null},{"id":8,"nom":"theme","finition":null,"libelle":"Th\u00e8me","code":null,"dpi":null,"finesse_forme_isolee":null,"finesse_forme_non_isolee":null,"hauteur_minimale_texte":null,"inactif":0,"marquage_interne":1,"quantite_min":null,"parent_id":null,"print_on_support":0,"content":"Th\u00e8me","description":null},{"id":9,"nom":"sans","finition":null,"libelle":null,"code":null,"dpi":null,"finesse_forme_isolee":null,"finesse_forme_non_isolee":null,"hauteur_minimale_texte":null,"inactif":0,"marquage_interne":1,"quantite_min":null,"parent_id":null,"print_on_support":0,"content":"sans","description":null},{"id":10,"nom":"photo","finition":null,"libelle":"Photo","code":null,"dpi":null,"finesse_forme_isolee":null,"finesse_forme_non_isolee":null,"hauteur_minimale_texte":null,"inactif":0,"marquage_interne":1,"quantite_min":null,"parent_id":null,"print_on_support":0,"content":"Photo","description":null},{"id":14,"nom":"couleur","finition":null,"libelle":"Couleur","code":null,"dpi":null,"finesse_forme_isolee":null,"finesse_forme_non_isolee":null,"hauteur_minimale_texte":null,"inactif":0,"marquage_interne":1,"quantite_min":null,"parent_id":null,"print_on_support":0,"content":"Couleur","description":null},{"id":15,"nom":"sublimation","finition":"sublimation","libelle":"Sublimation","code":null,"dpi":null,"finesse_forme_isolee":"0.000","finesse_forme_non_isolee":"0.000","hauteur_minimale_texte":2,"inactif":0,"marquage_interne":1,"quantite_min":null,"parent_id":null,"print_on_support":0,"content":"Sublimation","description":null},{"id":16,"nom":"topquadri_uv","finition":null,"libelle":"TopQuadri UV","code":null,"dpi":null,"finesse_forme_isolee":"0.020","finesse_forme_non_isolee":"0.700","hauteur_minimale_texte":2,"inactif":0,"marquage_interne":1,"quantite_min":null,"parent_id":null,"print_on_support":1,"content":null,"description":null},{"id":17,"nom":"topquadri_uvp","finition":null,"libelle":"TopQuadri UVP","code":null,"dpi":null,"finesse_forme_isolee":"0.020","finesse_forme_non_isolee":"0.700","hauteur_minimale_texte":2,"inactif":0,"marquage_interne":1,"quantite_min":null,"parent_id":null,"print_on_support":1,"content":null,"description":null},{"id":18,"nom":"quadri","finition":null,"libelle":"Impression","code":null,"dpi":null,"finesse_forme_isolee":null,"finesse_forme_non_isolee":null,"hauteur_minimale_texte":null,"inactif":0,"marquage_interne":1,"quantite_min":null,"parent_id":null,"print_on_support":0,"content":null,"description":null}]}}