{"data":{"product":{"id":4787,"titre":"Mens norse outdoor fleece","description":"Une polaire chaude et respirante, facile \u00e0 entretenir et confortable. Respirant. Coupe-Vent. Poches avant zipp\u00e9es. Poignets aux bords gans\u00e9s. Manche rapport\u00e9e. Fermeture zipp\u00e9e \u00e0 l'avant. Couture du col couverte. Sans doublure. Composition : 100 % polyester.","genre":"homme","grammage":280,"conditionnement":20,"composition":"polyester,polyester_uniquement","reference":"809.33","reference_visible":"re-r220m","reference_fabricant":"R220M","ref_xor":"738550","in_catalog":true,"is_transfer":false,"is_service":false,"on_standby":false,"has_3d":true,"has_size_guide":false,"has_marking":true,"has_vierge":true,"is_cross_sellable":false,"id_picto":15,"filename_3d":"picto-15","brand":{"id":16,"name":"Result","logo":"logo-result.png","image":"https:\/\/media.th4.com\/R4AINn4EcZGXmGADkvSPvxFxj-96N0ZW37kUw9NCIp8\/pr:brand70x70\/aHR0cDovL21lZGlhMi5kZXNpZ25wYXJ0bmVyLmZyL2MvbS9sb2dvLXJlc3VsdC5wbmc?v=1769696384"},"price_infos":{"price_from":11.06,"quantity":200,"color":{"id":364,"name":"black"},"size":{"id":1,"name":"L"}},"price_infos_marking":{"price_from":18.71,"quantity":200,"color":{"id":364,"name":"black"},"size":{"id":1,"name":"L"},"marking":{"id":4,"name":""},"emplacement":"avant","surface_emplacement_id":1,"surface":"coeur"},"i18n":{"blank":{"title":{"fr":"Fashion fit outdoor fleece RESULT r220x","en":"Fashion fit outdoor fleece RESULT r220x","de":"Fashion Fit Outdoor Fleece RESULT r220x","nl":"Fashion fit outdoor fleece RESULT r220x","es":"Fleece de exterior de moda ajustado RESULT r220x","it":"Fashion fit outdoor pile r220x","sv":"Fashion fit utomhusfleece RESULT r220x","pt":"Fashion fit outdoor fleece RESULT r220x","da":"Fashion fit outdoor fleece RESULT r220x","pl":"Modny fit outdoor polar RESULT r220x"},"description":{"fr":"La polaire Fashion fit outdoor fleece offre une solution confortable pour les activit\u00e9s en ext\u00e9rieur. Confectionn\u00e9e en 100% polyester, elle assure chaleur et l\u00e9g\u00e8ret\u00e9. Sa coupe \u00e9tudi\u00e9e permet une grande libert\u00e9 de mouvement. Elle dispose d'un cordon de serrage pour ajuster le col et les poignets \u00e9lastiqu\u00e9s pour un maintien optimal. Elle est \u00e9quip\u00e9e de deux poches zipp\u00e9es pour ranger vos effets personnels en toute s\u00e9curit\u00e9.\n\n- Composition : 100% polyester\n- Coupe : Ajust\u00e9e\n- Poches : 2 poches zipp\u00e9es\n- D\u00e9tails : Cordon de serrage, manches mont\u00e9es, poignets \u00e9lastiqu\u00e9s","en":"The Fashion fit outdoor fleece offers a comfortable solution for outdoor activities. Made of 100% polyester, it ensures warmth and lightness. Its tailored cut allows for great freedom of movement. It features a drawstring to adjust the collar and elasticated cuffs for optimal hold. It is equipped with two zipped pockets to securely store your personal items.\n\n- Composition: 100% polyester\n- Cut: Fitted\n- Pockets: 2 zipped pockets\n- Details: Drawstring, set-in sleeves, elasticated cuffs","de":"Das Fashion Fit Outdoor Fleece bietet eine komfortable L\u00f6sung f\u00fcr Outdoor-Aktivit\u00e4ten. Aus 100% Polyester gefertigt, sorgt es f\u00fcr W\u00e4rme und Leichtigkeit. Der durchdachte Schnitt erm\u00f6glicht gro\u00dfe Bewegungsfreiheit. Es verf\u00fcgt \u00fcber einen Zugschnur zum Einstellen des Kragens und elastische Manschetten f\u00fcr optimalen Halt. Es ist mit zwei Rei\u00dfverschluss Taschen ausgestattet, um Ihre pers\u00f6nlichen Gegenst\u00e4nde sicher zu verstauen.\n\n- Zusammensetzung: 100% Polyester\n- Schnitt: Eng anliegend\n- Taschen: 2 Rei\u00dfverschluss Taschen\n- Details: Zugschnur, angesetzte \u00c4rmel, elastische Manschetten","nl":"De polairuimte Fashion fit outdoor fleece biedt een comfortabele oplossing voor buitenactiviteiten. Geconfecteerd uit 100% polyester, zorgt het voor warmte en lichtheid. De studiematte toepassing zorgt voor grote vrijheid van beweging. Het is uitgerust met een trekkoord om de kraag aan te passen en elastische polsen voor een optimale bevestiging. Het is uitgerust met twee gesloten zakken om uw persoonlijke spullen veilig te bewaren.\n\n- Samenstelling : 100% polyester\n- Snit : Gepast\n- Zakken : 2 gesloten zakken\n- Details : Trekkoord, gestileerde mouwen, elastische polsen","es":"La polar de moda ajustado fleece de exterior ofrece una soluci\u00f3n c\u00f3moda para las actividades al aire libre. Confeccionada en 100% poli\u00e9ster, asegura calor y ligereza. Su corte estudiado permite una gran libertad de movimiento. Dispone de un cord\u00f3n de ajuste para ajustar el cuello y las mu\u00f1ecas el\u00e1sticas para un mantenimiento \u00f3ptimo. Est\u00e1 equipada con dos bolsillos con cremallera para guardar sus efectos personales con total seguridad.\n\n- Composici\u00f3n: 100% poli\u00e9ster\n- Corte: Ajustado\n- Bolsillos: 2 bolsillos con cremallera\n- Detalles: Cord\u00f3n de ajuste, mangas montadas, mu\u00f1ecas el\u00e1sticas","it":"La pile Fashion fit outdoor offre una soluzione confortevole per le attivit\u00e0 all'aperto. Confezionata al 100% in poliestere, garantisce calore e leggerezza. Il suo taglio studiato permette una grande libert\u00e0 di movimento. \u00c8 dotata di un cordone di regolazione per stringere il collo e i polsini elastici per una tenuta ottimale. \u00c8 dotata di due tasche zip per riporre i vostri effetti personali in tutta sicurezza.\n\n- Composizione : 100% poliestere\n- Taglio : Aggiustato\n- Tasche : 2 tasche zip\n- Dettagli : Cordone di regolazione, maniche montate, polsini elastici","sv":"Fashion fit utomhusfleece erbjuder en bekv\u00e4m l\u00f6sning f\u00f6r utomhusaktiviteter. Tillverkad i 100% polyester, den garanterar v\u00e4rme och l\u00e4tthet. Dess studerade sk\u00e4rning ger stor r\u00f6relsefrihet. Den har ett dragband f\u00f6r att justera kragen och elastiska manschetter f\u00f6r optimal h\u00e5llning. Den \u00e4r utrustad med tv\u00e5 st\u00e4ngbara fickor f\u00f6r att s\u00e4kert f\u00f6rvara dina personliga tillh\u00f6righeter.\n\n- Sammans\u00e4ttning: 100% polyester\n- Passform: Ajusterad\n- Fickor: 2 st\u00e4ngbara fickor\n- Detaljer: Dragband, monterade \u00e4rmar, elastiska manschetter","pt":"A camisa de manga comprida Fashion fit outdoor fleece oferece uma solu\u00e7\u00e3o confort\u00e1vel para atividades ao ar livre. Feita de 100% poli\u00e9ster, garante calor e leveza. Seu corte estudado permite grande liberdade de movimento. Ela possui um cord\u00e3o de aperto para ajustar o colarinho e punhos el\u00e1sticos para um ajuste \u00f3timo. Ela est\u00e1 equipada com dois bolsos z\u00edper para guardar seus pertences com seguran\u00e7a.\n\n- Composi\u00e7\u00e3o: 100% poli\u00e9ster\n- Corte: Justo\n- Bolsos: 2 bolsos z\u00edper\n- Detalhes: Cord\u00e3o de aperto, mangas montadas, punhos el\u00e1sticos","da":"Fashion fit outdoor fleece tilbyder en komfortabel l\u00f8sning til udend\u00f8rsaktiviteter. Fremstillet i 100% polyester, sikrer den varme og lethed. Den justerede sk\u00e6ring giver stor bev\u00e6gelighed. Den har en strygeknap til at justere kraven og elastikb\u00e5nd ved h\u00e5ndledene for optimal opretholdelse. Den er udstyret med to zip-lommer til at opbevare dine personlige ejendele sikkert.  Coupe : Ajust\u00e9e  Poches : 2 poches zipp\u00e9es  D\u00e9tails : Cordon de serrage, manches mont\u00e9es, poignets \u00e9lastiqu\u00e9s","pl":"Polarowa kurtka Modny fit outdoor polar zapewnia komfort podczas aktywno\u015bci na \u015bwie\u017cym powietrzu. Wykonana z 100% poliestru, zapewnia ciep\u0142o i lekko\u015b\u0107. Jej krojona zapewnia du\u017c\u0105 swobod\u0119 ruchu. Posiada sznur\u00f3wk\u0119 do regulacji ko\u0142nierza i elastyczne mankiety dla optymalnego utrzymania. Wyposa\u017cona w dwie zippowane kieszenie do przechowywania rzeczy osobistych w bezpieczny spos\u00f3b.\n\n- Sk\u0142ad: 100% poliestru\n- Kroj: Dostosowany\n- Kieszenie: 2 zippowane kieszenie\n- Szczeg\u00f3\u0142y: Sznur\u00f3wka, montowane r\u0119kawy, elastyczne mankiety"},"h1":{"fr":"Fashion fit outdoor fleece r220x","en":"Fashion fit outdoor fleece r220x","de":"Fashion Fit Outdoor Fleece r220x","nl":"Fashion fit outdoor fleece r220x","es":"Fleece de exterior de moda ajustado r220x","it":"Fashion fit outdoor pile r220x","sv":"Fashion fit utomhusfleece r220x","pt":"Fashion fit outdoor fleece r220x","da":"Fashion fit outdoor fleece r220x","pl":"Modny fit outdoor polar r220x"},"meta_description":{"fr":"Polaire manches longues Fashion fit outdoor fleece RESULT r220x. Confort et chaleur pour vos activit\u00e9s outdoor. D\u00e9couvrez ce v\u00eatement.","en":"Long-sleeved Fashion fit outdoor fleece RESULT r220x. Comfort and warmth for your outdoor activities. Discover this garment.","de":"Langarmiges Fashion Fit Outdoor Fleece RESULT r220x. Komfort und W\u00e4rme f\u00fcr Ihre Outdoor-Aktivit\u00e4ten. Entdecken Sie dieses Kleidungsst\u00fcck.","nl":"Langarm polairuimte Fashion fit outdoor fleece RESULT r220x. Comfort en warmte voor uw outdoor activiteiten. Ontdek dit kledingstuk.","es":"Polar de manga larga de moda ajustado fleece de exterior RESULT r220x. Confort y calor para sus actividades de exterior. Descubra esta prenda.","it":"Pile a maniche lunghe Fashion fit outdoor pile RESULT r220x. Confort e calore per le vostre attivit\u00e0 outdoor. Scoprite questo indumento.","sv":"L\u00e5ng\u00e4rmad polofleece Fashion fit utomhusfleece RESULT r220x. Komfort och v\u00e4rme f\u00f6r dina utomhusaktiviteter. Uppt\u00e4ck denna kl\u00e4desplagg.","pt":"Camiseta de manga comprida Fashion fit outdoor fleece RESULT r220x. Conforto e calor para suas atividades ao ar livre. Descubra esta pe\u00e7a de roupa.","da":"Langarmet fashion fit outdoor fleece RESULT r220x. Komfort og varme til dine udend\u00f8rsaktiviteter. Opdag dette t\u00f8j.","pl":"Kurtka polarowa d\u0142ugich r\u0119kaw\u00f3w Modny fit outdoor polar RESULT r220x. Komfort i ciep\u0142o podczas aktywno\u015bci na \u015bwie\u017cym powietrzu. Odkryj ten ubi\u00f3r."}},"custom":{"title":{"fr":"Fashion fit outdoor fleece RESULT personnalisable r220x","en":"Fashion fit outdoor fleece RESULT customizable r220x","de":"Fashion Fit Outdoor Fleece RESULT personalisierbar r220x","nl":"Fashion fit outdoor fleece RESULT aanpasbaar r220x","es":"Fashion fit outdoor fleece RESULT personalizable r220x","it":"Fashion fit outdoor fleece RESULT personalizzabile r220x","sv":"Fashion fit outdoor fleece RESULT anpassningsbar r220x","pt":"Fashion fit outdoor fleece RESULT personaliz\u00e1vel r220x","da":"Fashion fit udend\u00f8rs fleece RESULT personaliserbar r220x","pl":"Fashion fit outdoor fleece RESULT dostosowywalny r220x"},"description":{"fr":"La polaire Fashion fit outdoor fleece est un v\u00eatement polyvalent, con\u00e7u pour offrir confort et chaleur. Sa coupe ajust\u00e9e assure une silhouette flatteuse, tandis que sa mati\u00e8re douce et l\u00e9g\u00e8re procure une sensation agr\u00e9able sur la peau. Dot\u00e9e d'un grand zip, elle permet un enfilage et un retrait faciles. Le cordon de serrage au niveau du bas permet d'ajuster la coupe et de maintenir la chaleur. Les manches mont\u00e9es offrent une plus grande libert\u00e9 de mouvement, tandis que les poignets \u00e9lastiqu\u00e9s assurent un ajustement confortable. Les deux poches zipp\u00e9es permettent de ranger en toute s\u00e9curit\u00e9 les petits objets. Ce mod\u00e8le est personnalisable en broderie, ce qui en fait un support id\u00e9al pour afficher votre logo ou votre message. \n\n- Mati\u00e8re : 100% polyester\n- Coupe : Ajust\u00e9e\n- D\u00e9tails : Cordon de serrage, manches mont\u00e9es, poignets \u00e9lastiqu\u00e9s, 2 poches zipp\u00e9es","en":"The Fashion fit outdoor fleece is a versatile garment, designed to provide comfort and warmth. Its fitted cut ensures a flattering silhouette, while its soft and light material provides a pleasant sensation on the skin. Featuring a large zip, it allows for easy dressing and removal. The drawstring at the bottom allows you to adjust the fit and retain heat. The raglan sleeves offer greater freedom of movement, while the elasticated cuffs provide a comfortable fit. The two zippered pockets allow you to securely store small items. This model is customizable with embroidery, making it an ideal support for displaying your logo or message. \n\n- Material: 100% polyester\n- Fit: Fitted\n- Details: Drawstring, raglan sleeves, elasticated cuffs, 2 zippered pockets","de":"Das Fashion Fit Outdoor Fleece ist ein vielseitiges Kleidungsst\u00fcck, das f\u00fcr Komfort und W\u00e4rme konzipiert ist. Der enganliegende Schnitt sorgt f\u00fcr eine schmeichelnde Silhouette, w\u00e4hrend das weiche und leichte Material ein angenehmes Gef\u00fchl auf der Haut bietet. Mit einem gro\u00dfen Rei\u00dfverschluss l\u00e4sst es sich leicht anziehen und ausziehen. Der Zugkordel am unteren Ende erm\u00f6glicht eine Anpassung des Schnitts und die W\u00e4rme wird gehalten. Die aufgesetzten \u00c4rmel bieten mehr Bewegungsfreiheit, w\u00e4hrend die elastischen B\u00fcndchen einen komfortablen Sitz gew\u00e4hrleisten. Die zwei Rei\u00dfverschlusstaschen erm\u00f6glichen das sichere Verstecken kleiner Gegenst\u00e4nde. Dieses Modell ist mit Stickerei personalisierbar, was es zu einem idealen Tr\u00e4ger f\u00fcr Ihr Logo oder Ihre Nachricht macht. \n\n- Material: 100% Polyester\n- Schnitt: Enganliegend\n- Details: Zugkordel, aufgesetzte \u00c4rmel, elastische B\u00fcndchen, 2 Rei\u00dfverschlusstaschen","nl":"De polaire Fashion fit outdoor fleece is een veelzijdig kledingstuk, ontworpen om comfort en warmte te bieden. De strakke pasvorm zorgt voor een aantrekkelijke silhouet, terwijl het zachte en licht materiaal een aangenaam gevoel op de huid biedt. Voorzien van een grote zip, biedt deze eenvoudig aan- en uittrekken. De trekkoord aan de onderkant stelt u in staat de pasvorm aan te passen en de warmte vast te houden. De gestrekte manchetten bieden meer beweegvrijheid, terwijl de elastische polsbanden voor een comfortabele pasvorm zorgen. De twee gesloten zakken bieden veilige opslag voor kleine voorwerpen. Dit model is aanpasbaar met stikken, waardoor het een ideale drager is voor het tonen van uw logo of boodschap. \n\n- Materiaal: 100% polyester\n- Pasvorm: Strakke pasvorm\n- Details: Trekkoord, gestrekte manchetten, elastische polsbanden, 2 gesloten zakken","es":"La polar Fashion fit outdoor fleece es una prenda vers\u00e1til, dise\u00f1ada para ofrecer confort y calor. Su corte ajustado asegura una silueta favorecedora, mientras que su materia suave y ligera proporciona una sensaci\u00f3n agradable en la piel. Dotada de una gran cremallera, permite un f\u00e1cil uso y retirada. El cord\u00f3n de ajuste a nivel del bajo permite ajustar el corte y mantener el calor. Las mangas montadas ofrecen una mayor libertad de movimiento, mientras que las mu\u00f1ecas el\u00e1sticas aseguran un ajuste c\u00f3modo. Los dos bolsillos con cremallera permiten guardar con seguridad los peque\u00f1os objetos. Este modelo es personalizable con bordado, lo que lo convierte en un soporte ideal para mostrar su logo o mensaje. \n\n- Materia: 100% poli\u00e9ster\n- Corte: Ajustado\n- Detalles: Cord\u00f3n de ajuste, mangas montadas, mu\u00f1ecas el\u00e1sticas, 2 bolsillos con cremallera","it":"La pile Fashion fit outdoor fleece \u00e8 un capo versatile, progettato per offrire comfort e calore. La sua taglia aderente assicura una silhouette elegante, mentre il tessuto morbido e leggero procura una sensazione gradevole sulla pelle. Dotata di una grande zip, permette un indossamento e una rimozione facili. Il cordoncino di regolazione al livello del basso permette di adattare la taglia e mantenere il calore. Le maniche montate offrono una maggiore libert\u00e0 di movimento, mentre i polsini elastici assicurano un adattamento confortevole. Le due tasche zip permettono di riporre in sicurezza i piccoli oggetti. Questo modello \u00e8 personalizzabile con ricamo, il che lo rende un supporto ideale per esporre il vostro logo o messaggio. \n\n- Materiale : 100% poliestere\n- Taglia : Aderente\n- Dettagli : Cordoncino di regolazione, maniche montate, polsini elastici, 2 tasche zip","sv":"Fleece Fashion fit outdoor fleece \u00e4r ett m\u00e5ngsidigt kl\u00e4desplagg, konstruerat f\u00f6r att erbjuda komfort och v\u00e4rme. Dess passform s\u00e4kerst\u00e4ller en snygg silhuett, medan dess mjuka och l\u00e4tta material ger en trevlig k\u00e4nsla p\u00e5 huden. Utrustad med en stor zipper, m\u00f6jligg\u00f6r den enkelt p\u00e5- och avtagning. Dragsn\u00f6ret i botten g\u00f6r det m\u00f6jligt att justera passformen och beh\u00e5lla v\u00e4rmen. De h\u00f6ga \u00e4rmarna ger st\u00f6rre r\u00f6relsefrihet, medan de elastiska \u00e4rmkanterna s\u00e4kerst\u00e4ller en bekv\u00e4m passform. De tv\u00e5 zippade fickorna g\u00f6r det m\u00f6jligt att s\u00e4kert f\u00f6rvara sm\u00e5 f\u00f6rem\u00e5l. Denna modell \u00e4r anpassningsbar med broderi, vilket g\u00f6r den till ett idealiskt st\u00f6d f\u00f6r att visa ert logotyp eller meddelande. \n\n- Material: 100% polyester\n- Passform: Passform\n- Detaljer: Dragsn\u00f6re, h\u00f6ga \u00e4rmar, elastiska \u00e4rmkanter, 2 zippade fickor","pt":"A polar Fashion fit outdoor fleece \u00e9 uma pe\u00e7a vers\u00e1til, projetada para oferecer conforto e calor. Seu corte ajustado garante uma silhueta favor\u00e1vel, enquanto seu material macio e leve proporciona uma sensa\u00e7\u00e3o agrad\u00e1vel na pele. Dotada de um grande z\u00edper, permite um f\u00e1cil vestir e tirar. O cord\u00e3o de ajuste na parte inferior permite ajustar o corte e manter o calor. As mangas montadas oferecem maior liberdade de movimento, enquanto as mangas el\u00e1sticas garantem um ajuste confort\u00e1vel. Os dois bolsos com z\u00edper permitem guardar com seguran\u00e7a pequenos objetos. Este modelo \u00e9 personaliz\u00e1vel com bordado, tornando-o um suporte ideal para exibir seu logotipo ou mensagem.\n\n- Material: 100% poli\u00e9ster\n- Corte: Ajustado\n- Detalhes: Cord\u00e3o de ajuste, mangas montadas, mangas el\u00e1sticas, 2 bolsos com z\u00edper","da":"Fashion fit udend\u00f8rs fleece er et alsidigt t\u00f8j, der er designet til at tilbyde komfort og varme. Den tilpasningsdygtige sk\u00e6reflade sikrer en flad silhuet, mens den bl\u00f8de og lette stofgiver en behagelig fornemmelse p\u00e5 huden. Den er udstyret med en stor zip, der g\u00f8r det nemt at tage p\u00e5 og af. Strammetr\u00e5den ved bunden giver dig mulighed for at justere sk\u00e6ringslinjen og holde varmen. De monterede \u00e6rmer giver st\u00f8rre bev\u00e6gelsesfrihed, mens de elastiske h\u00e5ndled giver en behagelig pasform. De to zipperede lommer giver dig mulighed for at opbevare sm\u00e5 genstande sikkert. Dette model kan personaliseres i broderi, hvilket g\u00f8r det til et ideelt medie til at vise dit logo eller din besked.\n\n- Materiale: 100% polyester\n- Sk\u00e6reflade: Tilpasningsdygtig\n- Detaljer: Strammetr\u00e5d, monterede \u00e6rmer, elastiske h\u00e5ndled, 2 zipperede lommer","pl":"Kurtka Fashion fit outdoor fleece to wielozadaniowe ubranie, zaprojektowane, aby zapewni\u0107 komfort i ciep\u0142o. Jej dopasowana sylwetka zapewnia atrakcyjny wygl\u0105d, podczas gdy mi\u0119kki i lekki materia\u0142 daje przyjemne uczucie na sk\u00f3rze. Dzi\u0119ki du\u017cemu zapi\u0119ciu mo\u017cna j\u0105 \u0142atwo za\u0142o\u017cy\u0107 i zdj\u0105\u0107. Sznurowad\u0142o regulacyjne na dole pozwala dostosowa\u0107 sylwetk\u0119 i zachowa\u0107 ciep\u0142o. Wzniesione r\u0119kawy zapewniaj\u0105 wi\u0119ksz\u0105 swobod\u0119 ruchu, podczas gdy elastyczne mankiety zapewniaj\u0105 wygodne dopasowanie. Dwie zapi\u0119te kieszenie pozwalaj\u0105 bezpiecznie przechowywa\u0107 ma\u0142e przedmioty. Ten model jest dostosowywalny w haft, co czyni go idealnym no\u015bnikiem do wy\u015bwietlenia swojego logo lub wiadomo\u015bci. \n\n- Materia\u0142: 100% poliestru\n- Kr\u00f3j: Dopasowany\n- Szczeg\u00f3\u0142y: Sznurowad\u0142o regulacyjne, wzniesione r\u0119kawy, elastyczne mankiety, 2 zapi\u0119te kieszenie"},"h1":{"fr":"Fashion fit outdoor fleece personnalisation r220x","en":"Fashion fit outdoor fleece customization r220x","de":"Fashion Fit Outdoor Fleece Personalisierung r220x","nl":"Fashion fit outdoor fleece aanpassing r220x","es":"Fashion fit outdoor fleece personalizaci\u00f3n r220x","it":"Fashion fit outdoor fleece personalizzazione r220x","sv":"Fashion fit outdoor fleece anpassning r220x","pt":"Fashion fit outdoor fleece personaliza\u00e7\u00e3o r220x","da":"Fashion fit udend\u00f8rs fleece personalisering r220x","pl":"Fashion fit outdoor fleece dostosowanie r220x"},"meta_description":{"fr":"Polaire manches longues Fashion fit outdoor fleece RESULT. Personnalisable en broderie. Id\u00e9al pour vos \u00e9v\u00e9nements et supports de communication.","en":"Long-sleeved Fashion fit outdoor fleece RESULT. Customizable with embroidery. Ideal for your events and communication supports.","de":"Lang\u00e4rmeliges Fashion Fit Outdoor Fleece RESULT. Personalisierbar mit Stickerei. Ideal f\u00fcr Ihre Veranstaltungen und Kommunikationsmittel.","nl":"Langarm fleece Fashion fit outdoor fleece RESULT. Aanpasbaar met stikken. Ideaal voor uw evenementen en communicatiemiddelen.","es":"Polar de manga larga Fashion fit outdoor fleece RESULT. Personalizable con bordado. Ideal para sus eventos y soportes de comunicaci\u00f3n.","it":"Pile maniche lunghe Fashion fit outdoor fleece RESULT. Personalizzabile con ricamo. Ideale per i vostri eventi e supporti di comunicazione.","sv":"L\u00e5ng\u00e4rmad fleece Fashion fit outdoor fleece RESULT. Anpassningsbar med broderi. Idealisk f\u00f6r era evenemang och kommunikationsst\u00f6d.","pt":"Polar de mangas compridas Fashion fit outdoor fleece RESULT. Personaliz\u00e1vel com bordado. Ideal para seus eventos e suportes de comunica\u00e7\u00e3o.","da":"Lang\u00e6rmet Fashion fit udend\u00f8rs fleece RESULT. Personaliserbar i broderi. Ideel til dine begivenheder og kommunikationsmidler.","pl":"Kurtka z d\u0142ugimi r\u0119kawami Fashion fit outdoor fleece RESULT. Dostosowywalny w haft. Idealny na wydarzenia i no\u015bniki komunikacyjne."}}},"categories":[{"id":7,"name":"Polaires","singular":"Polaire","is_feminin":false},{"id":354,"name":"Textile","singular":"Textile","is_feminin":false}],"certifications":[],"videos":{"fr":[],"en":[],"de":[],"nl":[],"es":[],"it":[],"sv":[],"pt":[],"da":[],"pl":[]},"main_images":{"miniature":"https:\/\/media.th4.com\/pNO1vQ1N6_njX11DnvlFDB2KR-3MjtLcMF2g-ZWhIR4\/pr:80\/aHR0cDovL21lZGlhMi5kZXNpZ25wYXJ0bmVyLmZyL2MvcC1ibGFuay1USC80Nzg3LndlYnA?v=1769424906","medium":"https:\/\/media.th4.com\/L1RLKrfHDvvMmZeyXDJmdtEh7J_0VKRo9AYyEVGnIFM\/pr:550x550greybg\/aHR0cDovL21lZGlhMi5kZXNpZ25wYXJ0bmVyLmZyL2MvcC1ibGFuay1USC80Nzg3LndlYnA?v=1769424906","medium_large":"https:\/\/media.th4.com\/UW81kS8Q_9IGuO67q5tiv8Ifr8bXX502GtoPNMdY-dk\/pr:1000x1000greybg\/aHR0cDovL21lZGlhMi5kZXNpZ25wYXJ0bmVyLmZyL2MvcC1ibGFuay1USC80Nzg3LndlYnA?v=1769424906","large":"https:\/\/media.th4.com\/y3b99trQIN07mD1J2eI6uN3NHPXsIoX4mdoEKuvXbFI\/pr:1920greybg\/aHR0cDovL21lZGlhMi5kZXNpZ25wYXJ0bmVyLmZyL2MvcC1ibGFuay1USC80Nzg3LndlYnA?v=1769424906","opengraph":"https:\/\/media.th4.com\/qKxjaerAuphbEwxUZItDv79XV_Vfa_uq9hOmLDjvMlE\/pr:1200x630greybg\/aHR0cDovL21lZGlhMi5kZXNpZ25wYXJ0bmVyLmZyL2MvcC1ibGFuay1USC80Nzg3LndlYnA?v=1769424906"},"main_images_customization":{"miniature":"https:\/\/media.th4.com\/ox1Hpn1djYHi0PQXeqNNLtIfi8W7tEgI4UspieyrUw4\/pr:80\/aHR0cDovL21lZGlhMi5kZXNpZ25wYXJ0bmVyLmZyL2MvcC1jdXN0b20tVEgvNDc4Ny53ZWJw?v=1769425067","medium":"https:\/\/media.th4.com\/UuzFN6wD8eYh6O5jEAzKaLcB_F86UnMilhZRpNTaejk\/pr:550x550greybg\/aHR0cDovL21lZGlhMi5kZXNpZ25wYXJ0bmVyLmZyL2MvcC1jdXN0b20tVEgvNDc4Ny53ZWJw?v=1769425067","medium_large":"https:\/\/media.th4.com\/IV6a2mrvulDXtv-DyZ4nUiWD4zyDNLzc4VCxlZLl8sw\/pr:1000x1000greybg\/aHR0cDovL21lZGlhMi5kZXNpZ25wYXJ0bmVyLmZyL2MvcC1jdXN0b20tVEgvNDc4Ny53ZWJw?v=1769425067","large":"https:\/\/media.th4.com\/hpuuu3LUgozIh3Hh3Wg4vyNVSgAVGQHKiydXaAYkREg\/pr:1920greybg\/aHR0cDovL21lZGlhMi5kZXNpZ25wYXJ0bmVyLmZyL2MvcC1jdXN0b20tVEgvNDc4Ny53ZWJw?v=1769425067","opengraph":"https:\/\/media.th4.com\/Dwohu3y3H4uHdFQADzwci2Dlpv9xBla_2u_4tTuCmNc\/pr:1200x630greybg\/aHR0cDovL21lZGlhMi5kZXNpZ25wYXJ0bmVyLmZyL2MvcC1jdXN0b20tVEgvNDc4Ny53ZWJw?v=1769425067"},"page_links":{"fr":"\/fr\/p-re-r220m-fashion-fit-outdoor-fleece-r220x-4787\/","en":"\/en\/p-re-r220m-fashion-fit-outdoor-fleece-r220x-4787\/","de":"\/de\/p-re-r220m-fashion-fit-outdoor-fleece-r220x-4787\/","nl":"\/nl\/p-re-r220m-fashion-fit-outdoor-fleece-r220x-4787\/","es":"\/es\/p-re-r220m-fleece-de-exterior-de-moda-ajustado-r220x-4787\/","it":"\/it\/p-re-r220m-fashion-fit-outdoor-pile-r220x-4787\/","sv":"\/sv\/p-re-r220m-fashion-fit-utomhusfleece-r220x-4787\/","pt":"\/pt\/p-re-r220m-fashion-fit-outdoor-fleece-r220x-4787\/","da":"\/da\/p-re-r220m-fashion-fit-outdoor-fleece-r220x-4787\/","pl":"\/pl\/p-re-r220m-modny-fit-outdoor-polar-r220x-4787\/"},"page_links_customization":{"fr":"\/fr\/p-re-r220m-fashion-fit-outdoor-fleece-personnalisation-r220x-4787\/custom\/","en":"\/en\/p-re-r220m-fashion-fit-outdoor-fleece-customization-r220x-4787\/custom\/","de":"\/de\/p-re-r220m-fashion-fit-outdoor-fleece-personalisierung-r220x-4787\/custom\/","nl":"\/nl\/p-re-r220m-fashion-fit-outdoor-fleece-aanpassing-r220x-4787\/custom\/","es":"\/es\/p-re-r220m-fashion-fit-outdoor-fleece-personalizacion-r220x-4787\/custom\/","it":"\/it\/p-re-r220m-fashion-fit-outdoor-fleece-personalizzazione-r220x-4787\/custom\/","sv":"\/sv\/p-re-r220m-fashion-fit-outdoor-fleece-anpassning-r220x-4787\/custom\/","pt":"\/pt\/p-re-r220m-fashion-fit-outdoor-fleece-personalizacao-r220x-4787\/custom\/","da":"\/da\/p-re-r220m-fashion-fit-udendors-fleece-personalisering-r220x-4787\/custom\/","pl":"\/pl\/p-re-r220m-fashion-fit-outdoor-fleece-dostosowanie-r220x-4787\/custom\/"},"equivalent_products":[],"colors":[{"id":364,"name":"black","class_ids":[4],"codes_hexa":["1a1a18"],"delai_24":false,"has_3d":false,"seuil_global":0,"stock_local":0,"stock_global":2874,"on_standby":false,"in_catalog":true,"images":{"miniature":["https:\/\/media.th4.com\/aFW42RKK__PgdmLVRRoiuOxLNnhtCQzctqoCoMIieU0\/pr:80\/aHR0cDovL21lZGlhMi5kZXNpZ25wYXJ0bmVyLmZyL2MvcC80Nzg3LzQ3ODctMzY0LTEud2VicA?v=1769423864","https:\/\/media.th4.com\/IjvVQzeJtTXFJ96XgoPgsPGQlGVUg7ou2-SPDprlB4U\/pr:80\/aHR0cDovL21lZGlhMi5kZXNpZ25wYXJ0bmVyLmZyL2MvcC80Nzg3LzQ3ODctMzY0LTIud2VicA?v=1769423865"],"medium":["https:\/\/media.th4.com\/bRUq3XpR_gt57v560dpv8EaYq32lCZywVUF86c9Yy2k\/pr:550x550\/aHR0cDovL21lZGlhMi5kZXNpZ25wYXJ0bmVyLmZyL2MvcC80Nzg3LzQ3ODctMzY0LTEud2VicA?v=1769423864","https:\/\/media.th4.com\/m0wQ41vfMoKn1tjpF1I0RCdq4yT4a--1XrrMLfwyfBY\/pr:550x550\/aHR0cDovL21lZGlhMi5kZXNpZ25wYXJ0bmVyLmZyL2MvcC80Nzg3LzQ3ODctMzY0LTIud2VicA?v=1769423865"],"medium_large":["https:\/\/media.th4.com\/gqwBxX_HHnpn1fJ8IQv7sBgJzFPBoCOzqgv-nPcgDWU\/pr:1000x1000\/aHR0cDovL21lZGlhMi5kZXNpZ25wYXJ0bmVyLmZyL2MvcC80Nzg3LzQ3ODctMzY0LTEud2VicA?v=1769423864","https:\/\/media.th4.com\/gmuFwfI-MDLZmZ-z2v79oxB-WlwpcEvKSg88rZ0vCI8\/pr:1000x1000\/aHR0cDovL21lZGlhMi5kZXNpZ25wYXJ0bmVyLmZyL2MvcC80Nzg3LzQ3ODctMzY0LTIud2VicA?v=1769423865"],"large":["https:\/\/media.th4.com\/DtfI3U2muTXZ0xgEWklV8ye0TJlQaBoyb8rPxB996Wc\/pr:1920\/aHR0cDovL21lZGlhMi5kZXNpZ25wYXJ0bmVyLmZyL2MvcC80Nzg3LzQ3ODctMzY0LTEud2VicA?v=1769423864","https:\/\/media.th4.com\/Bt7F8ouvRNH1utwP2BYuqv866UNIqGcSptBK1l_rx0M\/pr:1920\/aHR0cDovL21lZGlhMi5kZXNpZ25wYXJ0bmVyLmZyL2MvcC80Nzg3LzQ3ODctMzY0LTIud2VicA?v=1769423865"],"opengraph":["https:\/\/media.th4.com\/uYX6itUpYoPtcJauIBC6L2Ms4toN0dDWHTTmOO4eIpM\/pr:1200x630\/aHR0cDovL21lZGlhMi5kZXNpZ25wYXJ0bmVyLmZyL2MvcC80Nzg3LzQ3ODctMzY0LTEud2VicA?v=1769423864","https:\/\/media.th4.com\/9jVx0qUAR5OvomIRzd74ogOlFuI1v7xFU3TFHfTqxEw\/pr:1200x630\/aHR0cDovL21lZGlhMi5kZXNpZ25wYXJ0bmVyLmZyL2MvcC80Nzg3LzQ3ODctMzY0LTIud2VicA?v=1769423865"]},"images_customization":{"miniature":["https:\/\/media.th4.com\/aFW42RKK__PgdmLVRRoiuOxLNnhtCQzctqoCoMIieU0\/pr:80\/aHR0cDovL21lZGlhMi5kZXNpZ25wYXJ0bmVyLmZyL2MvcC80Nzg3LzQ3ODctMzY0LTEud2VicA?v=1769423864","https:\/\/media.th4.com\/IjvVQzeJtTXFJ96XgoPgsPGQlGVUg7ou2-SPDprlB4U\/pr:80\/aHR0cDovL21lZGlhMi5kZXNpZ25wYXJ0bmVyLmZyL2MvcC80Nzg3LzQ3ODctMzY0LTIud2VicA?v=1769423865"],"medium":["https:\/\/media.th4.com\/bRUq3XpR_gt57v560dpv8EaYq32lCZywVUF86c9Yy2k\/pr:550x550\/aHR0cDovL21lZGlhMi5kZXNpZ25wYXJ0bmVyLmZyL2MvcC80Nzg3LzQ3ODctMzY0LTEud2VicA?v=1769423864","https:\/\/media.th4.com\/m0wQ41vfMoKn1tjpF1I0RCdq4yT4a--1XrrMLfwyfBY\/pr:550x550\/aHR0cDovL21lZGlhMi5kZXNpZ25wYXJ0bmVyLmZyL2MvcC80Nzg3LzQ3ODctMzY0LTIud2VicA?v=1769423865"],"medium_large":["https:\/\/media.th4.com\/gqwBxX_HHnpn1fJ8IQv7sBgJzFPBoCOzqgv-nPcgDWU\/pr:1000x1000\/aHR0cDovL21lZGlhMi5kZXNpZ25wYXJ0bmVyLmZyL2MvcC80Nzg3LzQ3ODctMzY0LTEud2VicA?v=1769423864","https:\/\/media.th4.com\/gmuFwfI-MDLZmZ-z2v79oxB-WlwpcEvKSg88rZ0vCI8\/pr:1000x1000\/aHR0cDovL21lZGlhMi5kZXNpZ25wYXJ0bmVyLmZyL2MvcC80Nzg3LzQ3ODctMzY0LTIud2VicA?v=1769423865"],"large":["https:\/\/media.th4.com\/DtfI3U2muTXZ0xgEWklV8ye0TJlQaBoyb8rPxB996Wc\/pr:1920\/aHR0cDovL21lZGlhMi5kZXNpZ25wYXJ0bmVyLmZyL2MvcC80Nzg3LzQ3ODctMzY0LTEud2VicA?v=1769423864","https:\/\/media.th4.com\/Bt7F8ouvRNH1utwP2BYuqv866UNIqGcSptBK1l_rx0M\/pr:1920\/aHR0cDovL21lZGlhMi5kZXNpZ25wYXJ0bmVyLmZyL2MvcC80Nzg3LzQ3ODctMzY0LTIud2VicA?v=1769423865"],"opengraph":["https:\/\/media.th4.com\/uYX6itUpYoPtcJauIBC6L2Ms4toN0dDWHTTmOO4eIpM\/pr:1200x630\/aHR0cDovL21lZGlhMi5kZXNpZ25wYXJ0bmVyLmZyL2MvcC80Nzg3LzQ3ODctMzY0LTEud2VicA?v=1769423864","https:\/\/media.th4.com\/9jVx0qUAR5OvomIRzd74ogOlFuI1v7xFU3TFHfTqxEw\/pr:1200x630\/aHR0cDovL21lZGlhMi5kZXNpZ25wYXJ0bmVyLmZyL2MvcC80Nzg3LzQ3ODctMzY0LTIud2VicA?v=1769423865"]},"country_origin":"BD","traceability":{"manufacturing_country_id":59,"weaving_country_id":59,"dyeing_country_id":59},"sizes":[{"id":5,"article_id":159352,"class_id":2,"name":"XS","on_standby":false,"stock_local":0,"stock_global":105,"multiple":1,"estimated_date_reassort":null,"is_destocking":false},{"id":3,"article_id":159353,"class_id":3,"name":"S","on_standby":false,"stock_local":0,"stock_global":297,"multiple":1,"estimated_date_reassort":null,"is_destocking":false},{"id":2,"article_id":159354,"class_id":4,"name":"M","on_standby":false,"stock_local":0,"stock_global":706,"multiple":1,"estimated_date_reassort":null,"is_destocking":false},{"id":1,"article_id":159355,"class_id":5,"name":"L","on_standby":false,"stock_local":0,"stock_global":879,"multiple":1,"estimated_date_reassort":null,"is_destocking":false},{"id":4,"article_id":159356,"class_id":6,"name":"XL","on_standby":false,"stock_local":0,"stock_global":415,"multiple":1,"estimated_date_reassort":null,"is_destocking":false},{"id":1116,"article_id":250295,"class_id":7,"name":"2XL","on_standby":false,"stock_local":0,"stock_global":219,"multiple":1,"estimated_date_reassort":null,"is_destocking":false},{"id":1081,"article_id":236896,"class_id":8,"name":"3XL","on_standby":false,"stock_local":0,"stock_global":253,"multiple":1,"estimated_date_reassort":null,"is_destocking":false}],"page_links":{"fr":"\/fr\/p-re-r220m-fashion-fit-outdoor-fleece-r220x-4787\/black-364\/","en":"\/en\/p-re-r220m-fashion-fit-outdoor-fleece-r220x-4787\/black-364\/","de":"\/de\/p-re-r220m-fashion-fit-outdoor-fleece-r220x-4787\/black-364\/","nl":"\/nl\/p-re-r220m-fashion-fit-outdoor-fleece-r220x-4787\/black-364\/","es":"\/es\/p-re-r220m-fleece-de-exterior-de-moda-ajustado-r220x-4787\/black-364\/","it":"\/it\/p-re-r220m-fashion-fit-outdoor-pile-r220x-4787\/black-364\/","sv":"\/sv\/p-re-r220m-fashion-fit-utomhusfleece-r220x-4787\/black-364\/","pt":"\/pt\/p-re-r220m-fashion-fit-outdoor-fleece-r220x-4787\/black-364\/","da":"\/da\/p-re-r220m-fashion-fit-outdoor-fleece-r220x-4787\/black-364\/","pl":"\/pl\/p-re-r220m-modny-fit-outdoor-polar-r220x-4787\/black-364\/"},"page_links_customization":{"fr":"\/fr\/p-re-r220m-fashion-fit-outdoor-fleece-personnalisation-r220x-4787\/black-364\/custom\/","en":"\/en\/p-re-r220m-fashion-fit-outdoor-fleece-customization-r220x-4787\/black-364\/custom\/","de":"\/de\/p-re-r220m-fashion-fit-outdoor-fleece-personalisierung-r220x-4787\/black-364\/custom\/","nl":"\/nl\/p-re-r220m-fashion-fit-outdoor-fleece-aanpassing-r220x-4787\/black-364\/custom\/","es":"\/es\/p-re-r220m-fashion-fit-outdoor-fleece-personalizacion-r220x-4787\/black-364\/custom\/","it":"\/it\/p-re-r220m-fashion-fit-outdoor-fleece-personalizzazione-r220x-4787\/black-364\/custom\/","sv":"\/sv\/p-re-r220m-fashion-fit-outdoor-fleece-anpassning-r220x-4787\/black-364\/custom\/","pt":"\/pt\/p-re-r220m-fashion-fit-outdoor-fleece-personalizacao-r220x-4787\/black-364\/custom\/","da":"\/da\/p-re-r220m-fashion-fit-udendors-fleece-personalisering-r220x-4787\/black-364\/custom\/","pl":"\/pl\/p-re-r220m-fashion-fit-outdoor-fleece-dostosowanie-r220x-4787\/black-364\/custom\/"}},{"id":22474,"name":"navy","class_ids":[2],"codes_hexa":["19286b"],"delai_24":false,"has_3d":false,"seuil_global":0,"stock_local":0,"stock_global":1185,"on_standby":false,"in_catalog":true,"images":{"miniature":["https:\/\/media.th4.com\/86ZR2NQ89_BVqlVSthh7OZbWN8nbma21dh-kGXE398k\/pr:80\/aHR0cDovL21lZGlhMi5kZXNpZ25wYXJ0bmVyLmZyL2MvcC80Nzg3LzQ3ODctMjI0NzQtMS53ZWJw?v=1769423869"],"medium":["https:\/\/media.th4.com\/YKi3v7GgsDtNfQhdjvJTpAK9YyqZN_Pb098BvnavwBY\/pr:550x550\/aHR0cDovL21lZGlhMi5kZXNpZ25wYXJ0bmVyLmZyL2MvcC80Nzg3LzQ3ODctMjI0NzQtMS53ZWJw?v=1769423869"],"medium_large":["https:\/\/media.th4.com\/d2Gz-xMKf2n59_MVP2t-QxxVwwOwbeplsTp3xs5Opt0\/pr:1000x1000\/aHR0cDovL21lZGlhMi5kZXNpZ25wYXJ0bmVyLmZyL2MvcC80Nzg3LzQ3ODctMjI0NzQtMS53ZWJw?v=1769423869"],"large":["https:\/\/media.th4.com\/EoDS97PcNfAfCEko57-Ad386F0c8vEo6hC8LBEDZwlQ\/pr:1920\/aHR0cDovL21lZGlhMi5kZXNpZ25wYXJ0bmVyLmZyL2MvcC80Nzg3LzQ3ODctMjI0NzQtMS53ZWJw?v=1769423869"],"opengraph":["https:\/\/media.th4.com\/scifqHDcUpJCeRxNCnvqHxzs33n-d6FtVGXGHDMrK7s\/pr:1200x630\/aHR0cDovL21lZGlhMi5kZXNpZ25wYXJ0bmVyLmZyL2MvcC80Nzg3LzQ3ODctMjI0NzQtMS53ZWJw?v=1769423869"]},"images_customization":{"miniature":["https:\/\/media.th4.com\/86ZR2NQ89_BVqlVSthh7OZbWN8nbma21dh-kGXE398k\/pr:80\/aHR0cDovL21lZGlhMi5kZXNpZ25wYXJ0bmVyLmZyL2MvcC80Nzg3LzQ3ODctMjI0NzQtMS53ZWJw?v=1769423869"],"medium":["https:\/\/media.th4.com\/YKi3v7GgsDtNfQhdjvJTpAK9YyqZN_Pb098BvnavwBY\/pr:550x550\/aHR0cDovL21lZGlhMi5kZXNpZ25wYXJ0bmVyLmZyL2MvcC80Nzg3LzQ3ODctMjI0NzQtMS53ZWJw?v=1769423869"],"medium_large":["https:\/\/media.th4.com\/d2Gz-xMKf2n59_MVP2t-QxxVwwOwbeplsTp3xs5Opt0\/pr:1000x1000\/aHR0cDovL21lZGlhMi5kZXNpZ25wYXJ0bmVyLmZyL2MvcC80Nzg3LzQ3ODctMjI0NzQtMS53ZWJw?v=1769423869"],"large":["https:\/\/media.th4.com\/EoDS97PcNfAfCEko57-Ad386F0c8vEo6hC8LBEDZwlQ\/pr:1920\/aHR0cDovL21lZGlhMi5kZXNpZ25wYXJ0bmVyLmZyL2MvcC80Nzg3LzQ3ODctMjI0NzQtMS53ZWJw?v=1769423869"],"opengraph":["https:\/\/media.th4.com\/scifqHDcUpJCeRxNCnvqHxzs33n-d6FtVGXGHDMrK7s\/pr:1200x630\/aHR0cDovL21lZGlhMi5kZXNpZ25wYXJ0bmVyLmZyL2MvcC80Nzg3LzQ3ODctMjI0NzQtMS53ZWJw?v=1769423869"]},"country_origin":"BD","traceability":{"manufacturing_country_id":59,"weaving_country_id":59,"dyeing_country_id":59},"sizes":[{"id":5,"article_id":159359,"class_id":2,"name":"XS","on_standby":false,"stock_local":0,"stock_global":85,"multiple":1,"estimated_date_reassort":null,"is_destocking":false},{"id":3,"article_id":159360,"class_id":3,"name":"S","on_standby":false,"stock_local":0,"stock_global":238,"multiple":1,"estimated_date_reassort":null,"is_destocking":false},{"id":2,"article_id":159361,"class_id":4,"name":"M","on_standby":false,"stock_local":0,"stock_global":225,"multiple":1,"estimated_date_reassort":null,"is_destocking":false},{"id":1,"article_id":159362,"class_id":5,"name":"L","on_standby":false,"stock_local":0,"stock_global":259,"multiple":1,"estimated_date_reassort":null,"is_destocking":false},{"id":4,"article_id":159363,"class_id":6,"name":"XL","on_standby":false,"stock_local":0,"stock_global":189,"multiple":1,"estimated_date_reassort":null,"is_destocking":false},{"id":1116,"article_id":250296,"class_id":7,"name":"2XL","on_standby":false,"stock_local":0,"stock_global":125,"multiple":1,"estimated_date_reassort":null,"is_destocking":false},{"id":1081,"article_id":236897,"class_id":8,"name":"3XL","on_standby":false,"stock_local":0,"stock_global":64,"multiple":1,"estimated_date_reassort":null,"is_destocking":false}],"page_links":{"fr":"\/fr\/p-re-r220m-fashion-fit-outdoor-fleece-r220x-4787\/navy-22474\/","en":"\/en\/p-re-r220m-fashion-fit-outdoor-fleece-r220x-4787\/navy-22474\/","de":"\/de\/p-re-r220m-fashion-fit-outdoor-fleece-r220x-4787\/navy-22474\/","nl":"\/nl\/p-re-r220m-fashion-fit-outdoor-fleece-r220x-4787\/navy-22474\/","es":"\/es\/p-re-r220m-fleece-de-exterior-de-moda-ajustado-r220x-4787\/navy-22474\/","it":"\/it\/p-re-r220m-fashion-fit-outdoor-pile-r220x-4787\/navy-22474\/","sv":"\/sv\/p-re-r220m-fashion-fit-utomhusfleece-r220x-4787\/navy-22474\/","pt":"\/pt\/p-re-r220m-fashion-fit-outdoor-fleece-r220x-4787\/navy-22474\/","da":"\/da\/p-re-r220m-fashion-fit-outdoor-fleece-r220x-4787\/navy-22474\/","pl":"\/pl\/p-re-r220m-modny-fit-outdoor-polar-r220x-4787\/navy-22474\/"},"page_links_customization":{"fr":"\/fr\/p-re-r220m-fashion-fit-outdoor-fleece-personnalisation-r220x-4787\/navy-22474\/custom\/","en":"\/en\/p-re-r220m-fashion-fit-outdoor-fleece-customization-r220x-4787\/navy-22474\/custom\/","de":"\/de\/p-re-r220m-fashion-fit-outdoor-fleece-personalisierung-r220x-4787\/navy-22474\/custom\/","nl":"\/nl\/p-re-r220m-fashion-fit-outdoor-fleece-aanpassing-r220x-4787\/navy-22474\/custom\/","es":"\/es\/p-re-r220m-fashion-fit-outdoor-fleece-personalizacion-r220x-4787\/navy-22474\/custom\/","it":"\/it\/p-re-r220m-fashion-fit-outdoor-fleece-personalizzazione-r220x-4787\/navy-22474\/custom\/","sv":"\/sv\/p-re-r220m-fashion-fit-outdoor-fleece-anpassning-r220x-4787\/navy-22474\/custom\/","pt":"\/pt\/p-re-r220m-fashion-fit-outdoor-fleece-personalizacao-r220x-4787\/navy-22474\/custom\/","da":"\/da\/p-re-r220m-fashion-fit-udendors-fleece-personalisering-r220x-4787\/navy-22474\/custom\/","pl":"\/pl\/p-re-r220m-fashion-fit-outdoor-fleece-dostosowanie-r220x-4787\/navy-22474\/custom\/"}},{"id":25016,"name":"pure_grey","class_ids":[3],"codes_hexa":["717171"],"delai_24":false,"has_3d":false,"seuil_global":0,"stock_local":0,"stock_global":602,"on_standby":false,"in_catalog":true,"images":{"miniature":["https:\/\/media.th4.com\/73YqCCV6uvxTyCYSIaZKeP0JwCmgpNlJK3pfnb_5rbc\/pr:80\/aHR0cDovL21lZGlhMi5kZXNpZ25wYXJ0bmVyLmZyL2MvcC80Nzg3LzQ3ODctMjUwMTYtMS53ZWJw?v=1769423870","https:\/\/media.th4.com\/jcknFTjqBwGjDzY7kaSlDnBwTkZ2fVeRWQ7wSwZiLVs\/pr:80\/aHR0cDovL21lZGlhMi5kZXNpZ25wYXJ0bmVyLmZyL2MvcC80Nzg3LzQ3ODctMjUwMTYtMi53ZWJw?v=1769423871"],"medium":["https:\/\/media.th4.com\/cjH5CG934gJjKGqVLRiroPSJS-aIBDM3VOvQ4DQamqc\/pr:550x550\/aHR0cDovL21lZGlhMi5kZXNpZ25wYXJ0bmVyLmZyL2MvcC80Nzg3LzQ3ODctMjUwMTYtMS53ZWJw?v=1769423870","https:\/\/media.th4.com\/VsIVdEK3c84ATuckeekr26zqtg1yY64-Yi_OutvHUYo\/pr:550x550\/aHR0cDovL21lZGlhMi5kZXNpZ25wYXJ0bmVyLmZyL2MvcC80Nzg3LzQ3ODctMjUwMTYtMi53ZWJw?v=1769423871"],"medium_large":["https:\/\/media.th4.com\/k9AKG37ifKAitekiPy5F2Fosd3EudEHx2p8d4OSJXYc\/pr:1000x1000\/aHR0cDovL21lZGlhMi5kZXNpZ25wYXJ0bmVyLmZyL2MvcC80Nzg3LzQ3ODctMjUwMTYtMS53ZWJw?v=1769423870","https:\/\/media.th4.com\/MQBSO_Pj_5GtPEJ_P-bqsPjbD3fLgjNOXGI_5-5CR-k\/pr:1000x1000\/aHR0cDovL21lZGlhMi5kZXNpZ25wYXJ0bmVyLmZyL2MvcC80Nzg3LzQ3ODctMjUwMTYtMi53ZWJw?v=1769423871"],"large":["https:\/\/media.th4.com\/cIUPMWPqjoDAr3Co-YI9_waqsz35VsAKV9xAN6taozE\/pr:1920\/aHR0cDovL21lZGlhMi5kZXNpZ25wYXJ0bmVyLmZyL2MvcC80Nzg3LzQ3ODctMjUwMTYtMS53ZWJw?v=1769423870","https:\/\/media.th4.com\/X4WvEO5sjq3Db8UwrhDpPxdDghyHCa5zpgdHMzGAbto\/pr:1920\/aHR0cDovL21lZGlhMi5kZXNpZ25wYXJ0bmVyLmZyL2MvcC80Nzg3LzQ3ODctMjUwMTYtMi53ZWJw?v=1769423871"],"opengraph":["https:\/\/media.th4.com\/ssrc60sTLqKz-7iDhKXjtgm06YlbpsQZldwkjOLOZ30\/pr:1200x630\/aHR0cDovL21lZGlhMi5kZXNpZ25wYXJ0bmVyLmZyL2MvcC80Nzg3LzQ3ODctMjUwMTYtMS53ZWJw?v=1769423870","https:\/\/media.th4.com\/brk6FFsMphaOmWEGQQdteyd7lRXloCL3FM5LH6F2v14\/pr:1200x630\/aHR0cDovL21lZGlhMi5kZXNpZ25wYXJ0bmVyLmZyL2MvcC80Nzg3LzQ3ODctMjUwMTYtMi53ZWJw?v=1769423871"]},"images_customization":{"miniature":["https:\/\/media.th4.com\/73YqCCV6uvxTyCYSIaZKeP0JwCmgpNlJK3pfnb_5rbc\/pr:80\/aHR0cDovL21lZGlhMi5kZXNpZ25wYXJ0bmVyLmZyL2MvcC80Nzg3LzQ3ODctMjUwMTYtMS53ZWJw?v=1769423870","https:\/\/media.th4.com\/jcknFTjqBwGjDzY7kaSlDnBwTkZ2fVeRWQ7wSwZiLVs\/pr:80\/aHR0cDovL21lZGlhMi5kZXNpZ25wYXJ0bmVyLmZyL2MvcC80Nzg3LzQ3ODctMjUwMTYtMi53ZWJw?v=1769423871"],"medium":["https:\/\/media.th4.com\/cjH5CG934gJjKGqVLRiroPSJS-aIBDM3VOvQ4DQamqc\/pr:550x550\/aHR0cDovL21lZGlhMi5kZXNpZ25wYXJ0bmVyLmZyL2MvcC80Nzg3LzQ3ODctMjUwMTYtMS53ZWJw?v=1769423870","https:\/\/media.th4.com\/VsIVdEK3c84ATuckeekr26zqtg1yY64-Yi_OutvHUYo\/pr:550x550\/aHR0cDovL21lZGlhMi5kZXNpZ25wYXJ0bmVyLmZyL2MvcC80Nzg3LzQ3ODctMjUwMTYtMi53ZWJw?v=1769423871"],"medium_large":["https:\/\/media.th4.com\/k9AKG37ifKAitekiPy5F2Fosd3EudEHx2p8d4OSJXYc\/pr:1000x1000\/aHR0cDovL21lZGlhMi5kZXNpZ25wYXJ0bmVyLmZyL2MvcC80Nzg3LzQ3ODctMjUwMTYtMS53ZWJw?v=1769423870","https:\/\/media.th4.com\/MQBSO_Pj_5GtPEJ_P-bqsPjbD3fLgjNOXGI_5-5CR-k\/pr:1000x1000\/aHR0cDovL21lZGlhMi5kZXNpZ25wYXJ0bmVyLmZyL2MvcC80Nzg3LzQ3ODctMjUwMTYtMi53ZWJw?v=1769423871"],"large":["https:\/\/media.th4.com\/cIUPMWPqjoDAr3Co-YI9_waqsz35VsAKV9xAN6taozE\/pr:1920\/aHR0cDovL21lZGlhMi5kZXNpZ25wYXJ0bmVyLmZyL2MvcC80Nzg3LzQ3ODctMjUwMTYtMS53ZWJw?v=1769423870","https:\/\/media.th4.com\/X4WvEO5sjq3Db8UwrhDpPxdDghyHCa5zpgdHMzGAbto\/pr:1920\/aHR0cDovL21lZGlhMi5kZXNpZ25wYXJ0bmVyLmZyL2MvcC80Nzg3LzQ3ODctMjUwMTYtMi53ZWJw?v=1769423871"],"opengraph":["https:\/\/media.th4.com\/ssrc60sTLqKz-7iDhKXjtgm06YlbpsQZldwkjOLOZ30\/pr:1200x630\/aHR0cDovL21lZGlhMi5kZXNpZ25wYXJ0bmVyLmZyL2MvcC80Nzg3LzQ3ODctMjUwMTYtMS53ZWJw?v=1769423870","https:\/\/media.th4.com\/brk6FFsMphaOmWEGQQdteyd7lRXloCL3FM5LH6F2v14\/pr:1200x630\/aHR0cDovL21lZGlhMi5kZXNpZ25wYXJ0bmVyLmZyL2MvcC80Nzg3LzQ3ODctMjUwMTYtMi53ZWJw?v=1769423871"]},"country_origin":"BD","traceability":{"manufacturing_country_id":null,"weaving_country_id":null,"dyeing_country_id":null},"sizes":[{"id":3,"article_id":531777,"class_id":3,"name":"S","on_standby":false,"stock_local":0,"stock_global":62,"multiple":1,"estimated_date_reassort":null,"is_destocking":false},{"id":2,"article_id":531778,"class_id":4,"name":"M","on_standby":false,"stock_local":0,"stock_global":87,"multiple":1,"estimated_date_reassort":null,"is_destocking":false},{"id":1,"article_id":531779,"class_id":5,"name":"L","on_standby":false,"stock_local":0,"stock_global":177,"multiple":1,"estimated_date_reassort":null,"is_destocking":false},{"id":4,"article_id":531780,"class_id":6,"name":"XL","on_standby":false,"stock_local":0,"stock_global":134,"multiple":1,"estimated_date_reassort":null,"is_destocking":false},{"id":1116,"article_id":531781,"class_id":7,"name":"2XL","on_standby":false,"stock_local":0,"stock_global":97,"multiple":1,"estimated_date_reassort":null,"is_destocking":false},{"id":1081,"article_id":531782,"class_id":8,"name":"3XL","on_standby":false,"stock_local":0,"stock_global":45,"multiple":1,"estimated_date_reassort":null,"is_destocking":false}],"page_links":{"fr":"\/fr\/p-re-r220m-fashion-fit-outdoor-fleece-r220x-4787\/pure-grey-25016\/","en":"\/en\/p-re-r220m-fashion-fit-outdoor-fleece-r220x-4787\/pure-grey-25016\/","de":"\/de\/p-re-r220m-fashion-fit-outdoor-fleece-r220x-4787\/pure-grey-25016\/","nl":"\/nl\/p-re-r220m-fashion-fit-outdoor-fleece-r220x-4787\/pure-grey-25016\/","es":"\/es\/p-re-r220m-fleece-de-exterior-de-moda-ajustado-r220x-4787\/pure-grey-25016\/","it":"\/it\/p-re-r220m-fashion-fit-outdoor-pile-r220x-4787\/pure-grey-25016\/","sv":"\/sv\/p-re-r220m-fashion-fit-utomhusfleece-r220x-4787\/pure-grey-25016\/","pt":"\/pt\/p-re-r220m-fashion-fit-outdoor-fleece-r220x-4787\/pure-grey-25016\/","da":"\/da\/p-re-r220m-fashion-fit-outdoor-fleece-r220x-4787\/pure-grey-25016\/","pl":"\/pl\/p-re-r220m-modny-fit-outdoor-polar-r220x-4787\/pure-grey-25016\/"},"page_links_customization":{"fr":"\/fr\/p-re-r220m-fashion-fit-outdoor-fleece-personnalisation-r220x-4787\/pure-grey-25016\/custom\/","en":"\/en\/p-re-r220m-fashion-fit-outdoor-fleece-customization-r220x-4787\/pure-grey-25016\/custom\/","de":"\/de\/p-re-r220m-fashion-fit-outdoor-fleece-personalisierung-r220x-4787\/pure-grey-25016\/custom\/","nl":"\/nl\/p-re-r220m-fashion-fit-outdoor-fleece-aanpassing-r220x-4787\/pure-grey-25016\/custom\/","es":"\/es\/p-re-r220m-fashion-fit-outdoor-fleece-personalizacion-r220x-4787\/pure-grey-25016\/custom\/","it":"\/it\/p-re-r220m-fashion-fit-outdoor-fleece-personalizzazione-r220x-4787\/pure-grey-25016\/custom\/","sv":"\/sv\/p-re-r220m-fashion-fit-outdoor-fleece-anpassning-r220x-4787\/pure-grey-25016\/custom\/","pt":"\/pt\/p-re-r220m-fashion-fit-outdoor-fleece-personalizacao-r220x-4787\/pure-grey-25016\/custom\/","da":"\/da\/p-re-r220m-fashion-fit-udendors-fleece-personalisering-r220x-4787\/pure-grey-25016\/custom\/","pl":"\/pl\/p-re-r220m-fashion-fit-outdoor-fleece-dostosowanie-r220x-4787\/pure-grey-25016\/custom\/"}},{"id":25019,"name":"vivid_green","class_ids":[5],"codes_hexa":["1fb242"],"delai_24":false,"has_3d":false,"seuil_global":0,"stock_local":0,"stock_global":578,"on_standby":false,"in_catalog":true,"images":{"miniature":["https:\/\/media.th4.com\/NgfQ_jOlADLgKwfqqwZ3yjzVRJRH_vJqzJod2NafOS0\/pr:80\/aHR0cDovL21lZGlhMi5kZXNpZ25wYXJ0bmVyLmZyL2MvcC80Nzg3LzQ3ODctMjUwMTktMS53ZWJw?v=1769423873","https:\/\/media.th4.com\/7pO-Bedvo8i7HIWgBMhFoXdp6Q3Ovw9pR2fADmexxw8\/pr:80\/aHR0cDovL21lZGlhMi5kZXNpZ25wYXJ0bmVyLmZyL2MvcC80Nzg3LzQ3ODctMjUwMTktMi53ZWJw?v=1769423873"],"medium":["https:\/\/media.th4.com\/i32OZykoI8i0g2TJ4Y71C1H49TuBU44XXGk5bC2BPIw\/pr:550x550\/aHR0cDovL21lZGlhMi5kZXNpZ25wYXJ0bmVyLmZyL2MvcC80Nzg3LzQ3ODctMjUwMTktMS53ZWJw?v=1769423873","https:\/\/media.th4.com\/CwPyFwA06xoZupdWh3TnmCK1VSnO6dd7SKrp6WvyK2M\/pr:550x550\/aHR0cDovL21lZGlhMi5kZXNpZ25wYXJ0bmVyLmZyL2MvcC80Nzg3LzQ3ODctMjUwMTktMi53ZWJw?v=1769423873"],"medium_large":["https:\/\/media.th4.com\/fEJksMiX0b7wjDgRCN0w5-nlS2VADrV3QGejtPbPeF0\/pr:1000x1000\/aHR0cDovL21lZGlhMi5kZXNpZ25wYXJ0bmVyLmZyL2MvcC80Nzg3LzQ3ODctMjUwMTktMS53ZWJw?v=1769423873","https:\/\/media.th4.com\/BkqxrRWJ1Tea1Q0qIJ2Zr7p-mLG3PmetorPPkPf2wLI\/pr:1000x1000\/aHR0cDovL21lZGlhMi5kZXNpZ25wYXJ0bmVyLmZyL2MvcC80Nzg3LzQ3ODctMjUwMTktMi53ZWJw?v=1769423873"],"large":["https:\/\/media.th4.com\/NobOKJ8ysaOCvOgMpCad9CpnoFHREzFIrcM0QspXkyc\/pr:1920\/aHR0cDovL21lZGlhMi5kZXNpZ25wYXJ0bmVyLmZyL2MvcC80Nzg3LzQ3ODctMjUwMTktMS53ZWJw?v=1769423873","https:\/\/media.th4.com\/vxY4yg13DgYXsX2wjPGGxJNYpuIYHXENj5ldrbAds0s\/pr:1920\/aHR0cDovL21lZGlhMi5kZXNpZ25wYXJ0bmVyLmZyL2MvcC80Nzg3LzQ3ODctMjUwMTktMi53ZWJw?v=1769423873"],"opengraph":["https:\/\/media.th4.com\/FZ-UmdPeyFfIzkMKR7LDNJ4R64AcHfsZJxEjT34lwT0\/pr:1200x630\/aHR0cDovL21lZGlhMi5kZXNpZ25wYXJ0bmVyLmZyL2MvcC80Nzg3LzQ3ODctMjUwMTktMS53ZWJw?v=1769423873","https:\/\/media.th4.com\/ibgI4Z9YGthcont2flZCr6VkMnDEsT3gNbD1pQxhV5Q\/pr:1200x630\/aHR0cDovL21lZGlhMi5kZXNpZ25wYXJ0bmVyLmZyL2MvcC80Nzg3LzQ3ODctMjUwMTktMi53ZWJw?v=1769423873"]},"images_customization":{"miniature":["https:\/\/media.th4.com\/NgfQ_jOlADLgKwfqqwZ3yjzVRJRH_vJqzJod2NafOS0\/pr:80\/aHR0cDovL21lZGlhMi5kZXNpZ25wYXJ0bmVyLmZyL2MvcC80Nzg3LzQ3ODctMjUwMTktMS53ZWJw?v=1769423873","https:\/\/media.th4.com\/7pO-Bedvo8i7HIWgBMhFoXdp6Q3Ovw9pR2fADmexxw8\/pr:80\/aHR0cDovL21lZGlhMi5kZXNpZ25wYXJ0bmVyLmZyL2MvcC80Nzg3LzQ3ODctMjUwMTktMi53ZWJw?v=1769423873"],"medium":["https:\/\/media.th4.com\/i32OZykoI8i0g2TJ4Y71C1H49TuBU44XXGk5bC2BPIw\/pr:550x550\/aHR0cDovL21lZGlhMi5kZXNpZ25wYXJ0bmVyLmZyL2MvcC80Nzg3LzQ3ODctMjUwMTktMS53ZWJw?v=1769423873","https:\/\/media.th4.com\/CwPyFwA06xoZupdWh3TnmCK1VSnO6dd7SKrp6WvyK2M\/pr:550x550\/aHR0cDovL21lZGlhMi5kZXNpZ25wYXJ0bmVyLmZyL2MvcC80Nzg3LzQ3ODctMjUwMTktMi53ZWJw?v=1769423873"],"medium_large":["https:\/\/media.th4.com\/fEJksMiX0b7wjDgRCN0w5-nlS2VADrV3QGejtPbPeF0\/pr:1000x1000\/aHR0cDovL21lZGlhMi5kZXNpZ25wYXJ0bmVyLmZyL2MvcC80Nzg3LzQ3ODctMjUwMTktMS53ZWJw?v=1769423873","https:\/\/media.th4.com\/BkqxrRWJ1Tea1Q0qIJ2Zr7p-mLG3PmetorPPkPf2wLI\/pr:1000x1000\/aHR0cDovL21lZGlhMi5kZXNpZ25wYXJ0bmVyLmZyL2MvcC80Nzg3LzQ3ODctMjUwMTktMi53ZWJw?v=1769423873"],"large":["https:\/\/media.th4.com\/NobOKJ8ysaOCvOgMpCad9CpnoFHREzFIrcM0QspXkyc\/pr:1920\/aHR0cDovL21lZGlhMi5kZXNpZ25wYXJ0bmVyLmZyL2MvcC80Nzg3LzQ3ODctMjUwMTktMS53ZWJw?v=1769423873","https:\/\/media.th4.com\/vxY4yg13DgYXsX2wjPGGxJNYpuIYHXENj5ldrbAds0s\/pr:1920\/aHR0cDovL21lZGlhMi5kZXNpZ25wYXJ0bmVyLmZyL2MvcC80Nzg3LzQ3ODctMjUwMTktMi53ZWJw?v=1769423873"],"opengraph":["https:\/\/media.th4.com\/FZ-UmdPeyFfIzkMKR7LDNJ4R64AcHfsZJxEjT34lwT0\/pr:1200x630\/aHR0cDovL21lZGlhMi5kZXNpZ25wYXJ0bmVyLmZyL2MvcC80Nzg3LzQ3ODctMjUwMTktMS53ZWJw?v=1769423873","https:\/\/media.th4.com\/ibgI4Z9YGthcont2flZCr6VkMnDEsT3gNbD1pQxhV5Q\/pr:1200x630\/aHR0cDovL21lZGlhMi5kZXNpZ25wYXJ0bmVyLmZyL2MvcC80Nzg3LzQ3ODctMjUwMTktMi53ZWJw?v=1769423873"]},"country_origin":"BD","traceability":{"manufacturing_country_id":null,"weaving_country_id":null,"dyeing_country_id":null},"sizes":[{"id":3,"article_id":531801,"class_id":3,"name":"S","on_standby":false,"stock_local":0,"stock_global":303,"multiple":1,"estimated_date_reassort":null,"is_destocking":false},{"id":2,"article_id":531802,"class_id":4,"name":"M","on_standby":false,"stock_local":0,"stock_global":85,"multiple":1,"estimated_date_reassort":null,"is_destocking":false},{"id":1,"article_id":531803,"class_id":5,"name":"L","on_standby":false,"stock_local":0,"stock_global":67,"multiple":1,"estimated_date_reassort":null,"is_destocking":false},{"id":4,"article_id":531804,"class_id":6,"name":"XL","on_standby":false,"stock_local":0,"stock_global":52,"multiple":1,"estimated_date_reassort":null,"is_destocking":false},{"id":1116,"article_id":531805,"class_id":7,"name":"2XL","on_standby":false,"stock_local":0,"stock_global":41,"multiple":1,"estimated_date_reassort":null,"is_destocking":false},{"id":1081,"article_id":531806,"class_id":8,"name":"3XL","on_standby":false,"stock_local":0,"stock_global":30,"multiple":1,"estimated_date_reassort":null,"is_destocking":false}],"page_links":{"fr":"\/fr\/p-re-r220m-fashion-fit-outdoor-fleece-r220x-4787\/vivid-green-25019\/","en":"\/en\/p-re-r220m-fashion-fit-outdoor-fleece-r220x-4787\/vivid-green-25019\/","de":"\/de\/p-re-r220m-fashion-fit-outdoor-fleece-r220x-4787\/vivid-green-25019\/","nl":"\/nl\/p-re-r220m-fashion-fit-outdoor-fleece-r220x-4787\/vivid-green-25019\/","es":"\/es\/p-re-r220m-fleece-de-exterior-de-moda-ajustado-r220x-4787\/vivid-green-25019\/","it":"\/it\/p-re-r220m-fashion-fit-outdoor-pile-r220x-4787\/vivid-green-25019\/","sv":"\/sv\/p-re-r220m-fashion-fit-utomhusfleece-r220x-4787\/vivid-green-25019\/","pt":"\/pt\/p-re-r220m-fashion-fit-outdoor-fleece-r220x-4787\/vivid-green-25019\/","da":"\/da\/p-re-r220m-fashion-fit-outdoor-fleece-r220x-4787\/vivid-green-25019\/","pl":"\/pl\/p-re-r220m-modny-fit-outdoor-polar-r220x-4787\/vivid-green-25019\/"},"page_links_customization":{"fr":"\/fr\/p-re-r220m-fashion-fit-outdoor-fleece-personnalisation-r220x-4787\/vivid-green-25019\/custom\/","en":"\/en\/p-re-r220m-fashion-fit-outdoor-fleece-customization-r220x-4787\/vivid-green-25019\/custom\/","de":"\/de\/p-re-r220m-fashion-fit-outdoor-fleece-personalisierung-r220x-4787\/vivid-green-25019\/custom\/","nl":"\/nl\/p-re-r220m-fashion-fit-outdoor-fleece-aanpassing-r220x-4787\/vivid-green-25019\/custom\/","es":"\/es\/p-re-r220m-fashion-fit-outdoor-fleece-personalizacion-r220x-4787\/vivid-green-25019\/custom\/","it":"\/it\/p-re-r220m-fashion-fit-outdoor-fleece-personalizzazione-r220x-4787\/vivid-green-25019\/custom\/","sv":"\/sv\/p-re-r220m-fashion-fit-outdoor-fleece-anpassning-r220x-4787\/vivid-green-25019\/custom\/","pt":"\/pt\/p-re-r220m-fashion-fit-outdoor-fleece-personalizacao-r220x-4787\/vivid-green-25019\/custom\/","da":"\/da\/p-re-r220m-fashion-fit-udendors-fleece-personalisering-r220x-4787\/vivid-green-25019\/custom\/","pl":"\/pl\/p-re-r220m-fashion-fit-outdoor-fleece-dostosowanie-r220x-4787\/vivid-green-25019\/custom\/"}},{"id":25018,"name":"flame_red","class_ids":[6],"codes_hexa":["D9202A"],"delai_24":false,"has_3d":false,"seuil_global":0,"stock_local":0,"stock_global":365,"on_standby":false,"in_catalog":true,"images":{"miniature":["https:\/\/media.th4.com\/-ghWrmsEwtrd1LmUaEoyCuEPBzyCCPUyXxDQUlJWqvo\/pr:80\/aHR0cDovL21lZGlhMi5kZXNpZ25wYXJ0bmVyLmZyL2MvcC80Nzg3LzQ3ODctMjUwMTgtMS53ZWJw?v=1769423867","https:\/\/media.th4.com\/jxazPKoJag7bndF7I0aTMAbi_LGlWpaWfhC0unWnGww\/pr:80\/aHR0cDovL21lZGlhMi5kZXNpZ25wYXJ0bmVyLmZyL2MvcC80Nzg3LzQ3ODctMjUwMTgtMTAud2VicA?v=1769423868","https:\/\/media.th4.com\/OuOxAz4ZEf_7ef6vlw4vbEHQiceAgvFPt8PkOvNVs98\/pr:80\/aHR0cDovL21lZGlhMi5kZXNpZ25wYXJ0bmVyLmZyL2MvcC80Nzg3LzQ3ODctMjUwMTgtMi53ZWJw?v=1769423868"],"medium":["https:\/\/media.th4.com\/PpGyGuLSjZnXbAUpT4KkSBpanbAZ_kX6PQvAKQYnUAU\/pr:550x550\/aHR0cDovL21lZGlhMi5kZXNpZ25wYXJ0bmVyLmZyL2MvcC80Nzg3LzQ3ODctMjUwMTgtMS53ZWJw?v=1769423867","https:\/\/media.th4.com\/ErXM04OU7in9dXEm_EsvcRmAukIwby_c0QxXXyLVvXw\/pr:550x550\/aHR0cDovL21lZGlhMi5kZXNpZ25wYXJ0bmVyLmZyL2MvcC80Nzg3LzQ3ODctMjUwMTgtMTAud2VicA?v=1769423868","https:\/\/media.th4.com\/diM7Cnh8ntx4tZeCT54PEZQEcvHfEm3XJcQ9eo4Jjjw\/pr:550x550\/aHR0cDovL21lZGlhMi5kZXNpZ25wYXJ0bmVyLmZyL2MvcC80Nzg3LzQ3ODctMjUwMTgtMi53ZWJw?v=1769423868"],"medium_large":["https:\/\/media.th4.com\/AgYvTlnkXar9NYm21z2PzqcWYJ0O_NoKtMeaWQSZoFk\/pr:1000x1000\/aHR0cDovL21lZGlhMi5kZXNpZ25wYXJ0bmVyLmZyL2MvcC80Nzg3LzQ3ODctMjUwMTgtMS53ZWJw?v=1769423867","https:\/\/media.th4.com\/DzTRCKsjbaRPL4N2ypeg4bh5ik3TIppVZrV3le7MRFE\/pr:1000x1000\/aHR0cDovL21lZGlhMi5kZXNpZ25wYXJ0bmVyLmZyL2MvcC80Nzg3LzQ3ODctMjUwMTgtMTAud2VicA?v=1769423868","https:\/\/media.th4.com\/jXSb2RP0pmHfN7h39If9rlwjdPxB4nuc2f4QSu8B-ck\/pr:1000x1000\/aHR0cDovL21lZGlhMi5kZXNpZ25wYXJ0bmVyLmZyL2MvcC80Nzg3LzQ3ODctMjUwMTgtMi53ZWJw?v=1769423868"],"large":["https:\/\/media.th4.com\/RESx5DRsz3rZ5T3PJruSIP23RZZeY9FwB5l0fQA8x3Q\/pr:1920\/aHR0cDovL21lZGlhMi5kZXNpZ25wYXJ0bmVyLmZyL2MvcC80Nzg3LzQ3ODctMjUwMTgtMS53ZWJw?v=1769423867","https:\/\/media.th4.com\/JyZti-gDrN2A5TFO3WpjVkiwP9fL8YIIK35fmLlKkGY\/pr:1920\/aHR0cDovL21lZGlhMi5kZXNpZ25wYXJ0bmVyLmZyL2MvcC80Nzg3LzQ3ODctMjUwMTgtMTAud2VicA?v=1769423868","https:\/\/media.th4.com\/S-c4IzQSkI0V4hrUEzIq2MzuK2Y_cyYT2FbDz9uXH_c\/pr:1920\/aHR0cDovL21lZGlhMi5kZXNpZ25wYXJ0bmVyLmZyL2MvcC80Nzg3LzQ3ODctMjUwMTgtMi53ZWJw?v=1769423868"],"opengraph":["https:\/\/media.th4.com\/LETd9AAmcEcrQs47jkymdBooQcow5agQ0cvyTivMIvI\/pr:1200x630\/aHR0cDovL21lZGlhMi5kZXNpZ25wYXJ0bmVyLmZyL2MvcC80Nzg3LzQ3ODctMjUwMTgtMS53ZWJw?v=1769423867","https:\/\/media.th4.com\/WGH32NtJ27KDzkC4j0ndj1A7TkNJacTu4U6_YNWjVgg\/pr:1200x630\/aHR0cDovL21lZGlhMi5kZXNpZ25wYXJ0bmVyLmZyL2MvcC80Nzg3LzQ3ODctMjUwMTgtMTAud2VicA?v=1769423868","https:\/\/media.th4.com\/6UubOA0cQmwkK8bhAtHs8vc8lTR-Rm0C4W7IettJWl8\/pr:1200x630\/aHR0cDovL21lZGlhMi5kZXNpZ25wYXJ0bmVyLmZyL2MvcC80Nzg3LzQ3ODctMjUwMTgtMi53ZWJw?v=1769423868"]},"images_customization":{"miniature":["https:\/\/media.th4.com\/-ghWrmsEwtrd1LmUaEoyCuEPBzyCCPUyXxDQUlJWqvo\/pr:80\/aHR0cDovL21lZGlhMi5kZXNpZ25wYXJ0bmVyLmZyL2MvcC80Nzg3LzQ3ODctMjUwMTgtMS53ZWJw?v=1769423867","https:\/\/media.th4.com\/jxazPKoJag7bndF7I0aTMAbi_LGlWpaWfhC0unWnGww\/pr:80\/aHR0cDovL21lZGlhMi5kZXNpZ25wYXJ0bmVyLmZyL2MvcC80Nzg3LzQ3ODctMjUwMTgtMTAud2VicA?v=1769423868","https:\/\/media.th4.com\/OuOxAz4ZEf_7ef6vlw4vbEHQiceAgvFPt8PkOvNVs98\/pr:80\/aHR0cDovL21lZGlhMi5kZXNpZ25wYXJ0bmVyLmZyL2MvcC80Nzg3LzQ3ODctMjUwMTgtMi53ZWJw?v=1769423868"],"medium":["https:\/\/media.th4.com\/PpGyGuLSjZnXbAUpT4KkSBpanbAZ_kX6PQvAKQYnUAU\/pr:550x550\/aHR0cDovL21lZGlhMi5kZXNpZ25wYXJ0bmVyLmZyL2MvcC80Nzg3LzQ3ODctMjUwMTgtMS53ZWJw?v=1769423867","https:\/\/media.th4.com\/ErXM04OU7in9dXEm_EsvcRmAukIwby_c0QxXXyLVvXw\/pr:550x550\/aHR0cDovL21lZGlhMi5kZXNpZ25wYXJ0bmVyLmZyL2MvcC80Nzg3LzQ3ODctMjUwMTgtMTAud2VicA?v=1769423868","https:\/\/media.th4.com\/diM7Cnh8ntx4tZeCT54PEZQEcvHfEm3XJcQ9eo4Jjjw\/pr:550x550\/aHR0cDovL21lZGlhMi5kZXNpZ25wYXJ0bmVyLmZyL2MvcC80Nzg3LzQ3ODctMjUwMTgtMi53ZWJw?v=1769423868"],"medium_large":["https:\/\/media.th4.com\/AgYvTlnkXar9NYm21z2PzqcWYJ0O_NoKtMeaWQSZoFk\/pr:1000x1000\/aHR0cDovL21lZGlhMi5kZXNpZ25wYXJ0bmVyLmZyL2MvcC80Nzg3LzQ3ODctMjUwMTgtMS53ZWJw?v=1769423867","https:\/\/media.th4.com\/DzTRCKsjbaRPL4N2ypeg4bh5ik3TIppVZrV3le7MRFE\/pr:1000x1000\/aHR0cDovL21lZGlhMi5kZXNpZ25wYXJ0bmVyLmZyL2MvcC80Nzg3LzQ3ODctMjUwMTgtMTAud2VicA?v=1769423868","https:\/\/media.th4.com\/jXSb2RP0pmHfN7h39If9rlwjdPxB4nuc2f4QSu8B-ck\/pr:1000x1000\/aHR0cDovL21lZGlhMi5kZXNpZ25wYXJ0bmVyLmZyL2MvcC80Nzg3LzQ3ODctMjUwMTgtMi53ZWJw?v=1769423868"],"large":["https:\/\/media.th4.com\/RESx5DRsz3rZ5T3PJruSIP23RZZeY9FwB5l0fQA8x3Q\/pr:1920\/aHR0cDovL21lZGlhMi5kZXNpZ25wYXJ0bmVyLmZyL2MvcC80Nzg3LzQ3ODctMjUwMTgtMS53ZWJw?v=1769423867","https:\/\/media.th4.com\/JyZti-gDrN2A5TFO3WpjVkiwP9fL8YIIK35fmLlKkGY\/pr:1920\/aHR0cDovL21lZGlhMi5kZXNpZ25wYXJ0bmVyLmZyL2MvcC80Nzg3LzQ3ODctMjUwMTgtMTAud2VicA?v=1769423868","https:\/\/media.th4.com\/S-c4IzQSkI0V4hrUEzIq2MzuK2Y_cyYT2FbDz9uXH_c\/pr:1920\/aHR0cDovL21lZGlhMi5kZXNpZ25wYXJ0bmVyLmZyL2MvcC80Nzg3LzQ3ODctMjUwMTgtMi53ZWJw?v=1769423868"],"opengraph":["https:\/\/media.th4.com\/LETd9AAmcEcrQs47jkymdBooQcow5agQ0cvyTivMIvI\/pr:1200x630\/aHR0cDovL21lZGlhMi5kZXNpZ25wYXJ0bmVyLmZyL2MvcC80Nzg3LzQ3ODctMjUwMTgtMS53ZWJw?v=1769423867","https:\/\/media.th4.com\/WGH32NtJ27KDzkC4j0ndj1A7TkNJacTu4U6_YNWjVgg\/pr:1200x630\/aHR0cDovL21lZGlhMi5kZXNpZ25wYXJ0bmVyLmZyL2MvcC80Nzg3LzQ3ODctMjUwMTgtMTAud2VicA?v=1769423868","https:\/\/media.th4.com\/6UubOA0cQmwkK8bhAtHs8vc8lTR-Rm0C4W7IettJWl8\/pr:1200x630\/aHR0cDovL21lZGlhMi5kZXNpZ25wYXJ0bmVyLmZyL2MvcC80Nzg3LzQ3ODctMjUwMTgtMi53ZWJw?v=1769423868"]},"country_origin":"BD","traceability":{"manufacturing_country_id":null,"weaving_country_id":null,"dyeing_country_id":null},"sizes":[{"id":3,"article_id":531795,"class_id":3,"name":"S","on_standby":false,"stock_local":0,"stock_global":71,"multiple":1,"estimated_date_reassort":null,"is_destocking":false},{"id":2,"article_id":531796,"class_id":4,"name":"M","on_standby":false,"stock_local":0,"stock_global":74,"multiple":1,"estimated_date_reassort":null,"is_destocking":false},{"id":1,"article_id":531797,"class_id":5,"name":"L","on_standby":false,"stock_local":0,"stock_global":53,"multiple":1,"estimated_date_reassort":null,"is_destocking":false},{"id":4,"article_id":531798,"class_id":6,"name":"XL","on_standby":false,"stock_local":0,"stock_global":40,"multiple":1,"estimated_date_reassort":null,"is_destocking":false},{"id":1116,"article_id":531799,"class_id":7,"name":"2XL","on_standby":false,"stock_local":0,"stock_global":68,"multiple":1,"estimated_date_reassort":null,"is_destocking":false},{"id":1081,"article_id":531800,"class_id":8,"name":"3XL","on_standby":false,"stock_local":0,"stock_global":59,"multiple":1,"estimated_date_reassort":null,"is_destocking":false}],"page_links":{"fr":"\/fr\/p-re-r220m-fashion-fit-outdoor-fleece-r220x-4787\/flame-red-25018\/","en":"\/en\/p-re-r220m-fashion-fit-outdoor-fleece-r220x-4787\/flame-red-25018\/","de":"\/de\/p-re-r220m-fashion-fit-outdoor-fleece-r220x-4787\/flame-red-25018\/","nl":"\/nl\/p-re-r220m-fashion-fit-outdoor-fleece-r220x-4787\/flame-red-25018\/","es":"\/es\/p-re-r220m-fleece-de-exterior-de-moda-ajustado-r220x-4787\/flame-red-25018\/","it":"\/it\/p-re-r220m-fashion-fit-outdoor-pile-r220x-4787\/flame-red-25018\/","sv":"\/sv\/p-re-r220m-fashion-fit-utomhusfleece-r220x-4787\/flame-red-25018\/","pt":"\/pt\/p-re-r220m-fashion-fit-outdoor-fleece-r220x-4787\/flame-red-25018\/","da":"\/da\/p-re-r220m-fashion-fit-outdoor-fleece-r220x-4787\/flame-red-25018\/","pl":"\/pl\/p-re-r220m-modny-fit-outdoor-polar-r220x-4787\/flame-red-25018\/"},"page_links_customization":{"fr":"\/fr\/p-re-r220m-fashion-fit-outdoor-fleece-personnalisation-r220x-4787\/flame-red-25018\/custom\/","en":"\/en\/p-re-r220m-fashion-fit-outdoor-fleece-customization-r220x-4787\/flame-red-25018\/custom\/","de":"\/de\/p-re-r220m-fashion-fit-outdoor-fleece-personalisierung-r220x-4787\/flame-red-25018\/custom\/","nl":"\/nl\/p-re-r220m-fashion-fit-outdoor-fleece-aanpassing-r220x-4787\/flame-red-25018\/custom\/","es":"\/es\/p-re-r220m-fashion-fit-outdoor-fleece-personalizacion-r220x-4787\/flame-red-25018\/custom\/","it":"\/it\/p-re-r220m-fashion-fit-outdoor-fleece-personalizzazione-r220x-4787\/flame-red-25018\/custom\/","sv":"\/sv\/p-re-r220m-fashion-fit-outdoor-fleece-anpassning-r220x-4787\/flame-red-25018\/custom\/","pt":"\/pt\/p-re-r220m-fashion-fit-outdoor-fleece-personalizacao-r220x-4787\/flame-red-25018\/custom\/","da":"\/da\/p-re-r220m-fashion-fit-udendors-fleece-personalisering-r220x-4787\/flame-red-25018\/custom\/","pl":"\/pl\/p-re-r220m-fashion-fit-outdoor-fleece-dostosowanie-r220x-4787\/flame-red-25018\/custom\/"}},{"id":2521,"name":"purple","class_ids":[10],"codes_hexa":["5d4078"],"delai_24":false,"has_3d":false,"seuil_global":0,"stock_local":0,"stock_global":298,"on_standby":false,"in_catalog":true,"images":{"miniature":["https:\/\/media.th4.com\/ajDEn659q_jhCgQZ-eIB1oUW963AHJgosP6GuNBmSCc\/pr:80\/aHR0cDovL21lZGlhMi5kZXNpZ25wYXJ0bmVyLmZyL2MvcC80Nzg3LzQ3ODctMjUyMS0xLndlYnA?v=1769423871","https:\/\/media.th4.com\/N0C6Yug6fTWkEBEy5QE1Jxb_R66RlGiV-b30_6hZhFc\/pr:80\/aHR0cDovL21lZGlhMi5kZXNpZ25wYXJ0bmVyLmZyL2MvcC80Nzg3LzQ3ODctMjUyMS0yLndlYnA?v=1769423872"],"medium":["https:\/\/media.th4.com\/bfgzl4uSU8hw3KM6SG12bq2Aukmwa7R3VdoyhkM83p8\/pr:550x550\/aHR0cDovL21lZGlhMi5kZXNpZ25wYXJ0bmVyLmZyL2MvcC80Nzg3LzQ3ODctMjUyMS0xLndlYnA?v=1769423871","https:\/\/media.th4.com\/BdgcIY9YEQHqWJg58z-7LTsSm0HEfFR8yDUN858vG8w\/pr:550x550\/aHR0cDovL21lZGlhMi5kZXNpZ25wYXJ0bmVyLmZyL2MvcC80Nzg3LzQ3ODctMjUyMS0yLndlYnA?v=1769423872"],"medium_large":["https:\/\/media.th4.com\/V4At0ihRuMYMF5_2UMe7qQdjl6U0hBp4cN-XSp7HeYk\/pr:1000x1000\/aHR0cDovL21lZGlhMi5kZXNpZ25wYXJ0bmVyLmZyL2MvcC80Nzg3LzQ3ODctMjUyMS0xLndlYnA?v=1769423871","https:\/\/media.th4.com\/_7snI9AdOgxuvCIVsrpThemgZP_vwwk8y6TpELOAKqI\/pr:1000x1000\/aHR0cDovL21lZGlhMi5kZXNpZ25wYXJ0bmVyLmZyL2MvcC80Nzg3LzQ3ODctMjUyMS0yLndlYnA?v=1769423872"],"large":["https:\/\/media.th4.com\/MS0PD8QgCOGT-L029lQs9tI_Wn_RUuPAfEThSlrqaxA\/pr:1920\/aHR0cDovL21lZGlhMi5kZXNpZ25wYXJ0bmVyLmZyL2MvcC80Nzg3LzQ3ODctMjUyMS0xLndlYnA?v=1769423871","https:\/\/media.th4.com\/exHSRWtn0ADBUAnZENfFJPKy77zKyY12lNVYvVaiMWc\/pr:1920\/aHR0cDovL21lZGlhMi5kZXNpZ25wYXJ0bmVyLmZyL2MvcC80Nzg3LzQ3ODctMjUyMS0yLndlYnA?v=1769423872"],"opengraph":["https:\/\/media.th4.com\/CHI9zKXt7BzfKvDrecqeyG-Qo-CjE54uTQLpvFqK4Xs\/pr:1200x630\/aHR0cDovL21lZGlhMi5kZXNpZ25wYXJ0bmVyLmZyL2MvcC80Nzg3LzQ3ODctMjUyMS0xLndlYnA?v=1769423871","https:\/\/media.th4.com\/Zvbw9iXr4s_Y3AbFe9fYl-APHHvA1TpCoydQ33YNgwY\/pr:1200x630\/aHR0cDovL21lZGlhMi5kZXNpZ25wYXJ0bmVyLmZyL2MvcC80Nzg3LzQ3ODctMjUyMS0yLndlYnA?v=1769423872"]},"images_customization":{"miniature":["https:\/\/media.th4.com\/ajDEn659q_jhCgQZ-eIB1oUW963AHJgosP6GuNBmSCc\/pr:80\/aHR0cDovL21lZGlhMi5kZXNpZ25wYXJ0bmVyLmZyL2MvcC80Nzg3LzQ3ODctMjUyMS0xLndlYnA?v=1769423871","https:\/\/media.th4.com\/N0C6Yug6fTWkEBEy5QE1Jxb_R66RlGiV-b30_6hZhFc\/pr:80\/aHR0cDovL21lZGlhMi5kZXNpZ25wYXJ0bmVyLmZyL2MvcC80Nzg3LzQ3ODctMjUyMS0yLndlYnA?v=1769423872"],"medium":["https:\/\/media.th4.com\/bfgzl4uSU8hw3KM6SG12bq2Aukmwa7R3VdoyhkM83p8\/pr:550x550\/aHR0cDovL21lZGlhMi5kZXNpZ25wYXJ0bmVyLmZyL2MvcC80Nzg3LzQ3ODctMjUyMS0xLndlYnA?v=1769423871","https:\/\/media.th4.com\/BdgcIY9YEQHqWJg58z-7LTsSm0HEfFR8yDUN858vG8w\/pr:550x550\/aHR0cDovL21lZGlhMi5kZXNpZ25wYXJ0bmVyLmZyL2MvcC80Nzg3LzQ3ODctMjUyMS0yLndlYnA?v=1769423872"],"medium_large":["https:\/\/media.th4.com\/V4At0ihRuMYMF5_2UMe7qQdjl6U0hBp4cN-XSp7HeYk\/pr:1000x1000\/aHR0cDovL21lZGlhMi5kZXNpZ25wYXJ0bmVyLmZyL2MvcC80Nzg3LzQ3ODctMjUyMS0xLndlYnA?v=1769423871","https:\/\/media.th4.com\/_7snI9AdOgxuvCIVsrpThemgZP_vwwk8y6TpELOAKqI\/pr:1000x1000\/aHR0cDovL21lZGlhMi5kZXNpZ25wYXJ0bmVyLmZyL2MvcC80Nzg3LzQ3ODctMjUyMS0yLndlYnA?v=1769423872"],"large":["https:\/\/media.th4.com\/MS0PD8QgCOGT-L029lQs9tI_Wn_RUuPAfEThSlrqaxA\/pr:1920\/aHR0cDovL21lZGlhMi5kZXNpZ25wYXJ0bmVyLmZyL2MvcC80Nzg3LzQ3ODctMjUyMS0xLndlYnA?v=1769423871","https:\/\/media.th4.com\/exHSRWtn0ADBUAnZENfFJPKy77zKyY12lNVYvVaiMWc\/pr:1920\/aHR0cDovL21lZGlhMi5kZXNpZ25wYXJ0bmVyLmZyL2MvcC80Nzg3LzQ3ODctMjUyMS0yLndlYnA?v=1769423872"],"opengraph":["https:\/\/media.th4.com\/CHI9zKXt7BzfKvDrecqeyG-Qo-CjE54uTQLpvFqK4Xs\/pr:1200x630\/aHR0cDovL21lZGlhMi5kZXNpZ25wYXJ0bmVyLmZyL2MvcC80Nzg3LzQ3ODctMjUyMS0xLndlYnA?v=1769423871","https:\/\/media.th4.com\/Zvbw9iXr4s_Y3AbFe9fYl-APHHvA1TpCoydQ33YNgwY\/pr:1200x630\/aHR0cDovL21lZGlhMi5kZXNpZ25wYXJ0bmVyLmZyL2MvcC80Nzg3LzQ3ODctMjUyMS0yLndlYnA?v=1769423872"]},"country_origin":"BD","traceability":{"manufacturing_country_id":null,"weaving_country_id":null,"dyeing_country_id":null},"sizes":[{"id":3,"article_id":531789,"class_id":3,"name":"S","on_standby":false,"stock_local":0,"stock_global":39,"multiple":1,"estimated_date_reassort":null,"is_destocking":false},{"id":2,"article_id":531790,"class_id":4,"name":"M","on_standby":false,"stock_local":0,"stock_global":66,"multiple":1,"estimated_date_reassort":null,"is_destocking":false},{"id":1,"article_id":531791,"class_id":5,"name":"L","on_standby":false,"stock_local":0,"stock_global":32,"multiple":1,"estimated_date_reassort":null,"is_destocking":false},{"id":4,"article_id":531792,"class_id":6,"name":"XL","on_standby":false,"stock_local":0,"stock_global":73,"multiple":1,"estimated_date_reassort":null,"is_destocking":false},{"id":1116,"article_id":531793,"class_id":7,"name":"2XL","on_standby":false,"stock_local":0,"stock_global":60,"multiple":1,"estimated_date_reassort":null,"is_destocking":false},{"id":1081,"article_id":531794,"class_id":8,"name":"3XL","on_standby":false,"stock_local":0,"stock_global":28,"multiple":1,"estimated_date_reassort":null,"is_destocking":false}],"page_links":{"fr":"\/fr\/p-re-r220m-fashion-fit-outdoor-fleece-r220x-4787\/purple-2521\/","en":"\/en\/p-re-r220m-fashion-fit-outdoor-fleece-r220x-4787\/purple-2521\/","de":"\/de\/p-re-r220m-fashion-fit-outdoor-fleece-r220x-4787\/purple-2521\/","nl":"\/nl\/p-re-r220m-fashion-fit-outdoor-fleece-r220x-4787\/purple-2521\/","es":"\/es\/p-re-r220m-fleece-de-exterior-de-moda-ajustado-r220x-4787\/purple-2521\/","it":"\/it\/p-re-r220m-fashion-fit-outdoor-pile-r220x-4787\/purple-2521\/","sv":"\/sv\/p-re-r220m-fashion-fit-utomhusfleece-r220x-4787\/purple-2521\/","pt":"\/pt\/p-re-r220m-fashion-fit-outdoor-fleece-r220x-4787\/purple-2521\/","da":"\/da\/p-re-r220m-fashion-fit-outdoor-fleece-r220x-4787\/purple-2521\/","pl":"\/pl\/p-re-r220m-modny-fit-outdoor-polar-r220x-4787\/purple-2521\/"},"page_links_customization":{"fr":"\/fr\/p-re-r220m-fashion-fit-outdoor-fleece-personnalisation-r220x-4787\/purple-2521\/custom\/","en":"\/en\/p-re-r220m-fashion-fit-outdoor-fleece-customization-r220x-4787\/purple-2521\/custom\/","de":"\/de\/p-re-r220m-fashion-fit-outdoor-fleece-personalisierung-r220x-4787\/purple-2521\/custom\/","nl":"\/nl\/p-re-r220m-fashion-fit-outdoor-fleece-aanpassing-r220x-4787\/purple-2521\/custom\/","es":"\/es\/p-re-r220m-fashion-fit-outdoor-fleece-personalizacion-r220x-4787\/purple-2521\/custom\/","it":"\/it\/p-re-r220m-fashion-fit-outdoor-fleece-personalizzazione-r220x-4787\/purple-2521\/custom\/","sv":"\/sv\/p-re-r220m-fashion-fit-outdoor-fleece-anpassning-r220x-4787\/purple-2521\/custom\/","pt":"\/pt\/p-re-r220m-fashion-fit-outdoor-fleece-personalizacao-r220x-4787\/purple-2521\/custom\/","da":"\/da\/p-re-r220m-fashion-fit-udendors-fleece-personalisering-r220x-4787\/purple-2521\/custom\/","pl":"\/pl\/p-re-r220m-fashion-fit-outdoor-fleece-dostosowanie-r220x-4787\/purple-2521\/custom\/"}},{"id":25017,"name":"electric_blue","class_ids":[2],"codes_hexa":["1D71B9"],"delai_24":false,"has_3d":false,"seuil_global":0,"stock_local":0,"stock_global":200,"on_standby":false,"in_catalog":true,"images":{"miniature":["https:\/\/media.th4.com\/4mFOB8GlvZ7VKkZ9lKOpJrMlDy-ilxkwsYBGAkGKPGg\/pr:80\/aHR0cDovL21lZGlhMi5kZXNpZ25wYXJ0bmVyLmZyL2MvcC80Nzg3LzQ3ODctMjUwMTctMS53ZWJw?v=1769423865","https:\/\/media.th4.com\/yET7NcwOoi9wLqVWdHnUf75OoUenj35b8YKlaP4aySw\/pr:80\/aHR0cDovL21lZGlhMi5kZXNpZ25wYXJ0bmVyLmZyL2MvcC80Nzg3LzQ3ODctMjUwMTctMi53ZWJw?v=1769423866"],"medium":["https:\/\/media.th4.com\/Tx5e3h3-splKCU-FCGJPLQo6N4sE_4Q1a3KTEPzlTw8\/pr:550x550\/aHR0cDovL21lZGlhMi5kZXNpZ25wYXJ0bmVyLmZyL2MvcC80Nzg3LzQ3ODctMjUwMTctMS53ZWJw?v=1769423865","https:\/\/media.th4.com\/qMYhdhwg9njtBuz3p0UDzen7Uzcv6NRWlJTgJbaaZx4\/pr:550x550\/aHR0cDovL21lZGlhMi5kZXNpZ25wYXJ0bmVyLmZyL2MvcC80Nzg3LzQ3ODctMjUwMTctMi53ZWJw?v=1769423866"],"medium_large":["https:\/\/media.th4.com\/oxR4a8vxXeab471sXJf4Em2rb9f6FLbAAQJjH4mNwck\/pr:1000x1000\/aHR0cDovL21lZGlhMi5kZXNpZ25wYXJ0bmVyLmZyL2MvcC80Nzg3LzQ3ODctMjUwMTctMS53ZWJw?v=1769423865","https:\/\/media.th4.com\/U2QJyMVKRDvQA8dOJn6yZPkmfEve_AV9xNeWTpKn7fo\/pr:1000x1000\/aHR0cDovL21lZGlhMi5kZXNpZ25wYXJ0bmVyLmZyL2MvcC80Nzg3LzQ3ODctMjUwMTctMi53ZWJw?v=1769423866"],"large":["https:\/\/media.th4.com\/rGDo0Cp5A2GYl4eSI7rMBhOPhBoJPgiaiZ1B02T56Y4\/pr:1920\/aHR0cDovL21lZGlhMi5kZXNpZ25wYXJ0bmVyLmZyL2MvcC80Nzg3LzQ3ODctMjUwMTctMS53ZWJw?v=1769423865","https:\/\/media.th4.com\/pkEW2qGt-WtXK2loNRZOhz9uiMcuypftjH9ejDKREQQ\/pr:1920\/aHR0cDovL21lZGlhMi5kZXNpZ25wYXJ0bmVyLmZyL2MvcC80Nzg3LzQ3ODctMjUwMTctMi53ZWJw?v=1769423866"],"opengraph":["https:\/\/media.th4.com\/AcVxkFombZaHtBRCJYLqeWElT60gtOvw99HRefL_Hbo\/pr:1200x630\/aHR0cDovL21lZGlhMi5kZXNpZ25wYXJ0bmVyLmZyL2MvcC80Nzg3LzQ3ODctMjUwMTctMS53ZWJw?v=1769423865","https:\/\/media.th4.com\/3HEn4Afq-CFLSonA_2aXVbTS5RKsD7gVbRsoTkoPvmU\/pr:1200x630\/aHR0cDovL21lZGlhMi5kZXNpZ25wYXJ0bmVyLmZyL2MvcC80Nzg3LzQ3ODctMjUwMTctMi53ZWJw?v=1769423866"]},"images_customization":{"miniature":["https:\/\/media.th4.com\/4mFOB8GlvZ7VKkZ9lKOpJrMlDy-ilxkwsYBGAkGKPGg\/pr:80\/aHR0cDovL21lZGlhMi5kZXNpZ25wYXJ0bmVyLmZyL2MvcC80Nzg3LzQ3ODctMjUwMTctMS53ZWJw?v=1769423865","https:\/\/media.th4.com\/yET7NcwOoi9wLqVWdHnUf75OoUenj35b8YKlaP4aySw\/pr:80\/aHR0cDovL21lZGlhMi5kZXNpZ25wYXJ0bmVyLmZyL2MvcC80Nzg3LzQ3ODctMjUwMTctMi53ZWJw?v=1769423866"],"medium":["https:\/\/media.th4.com\/Tx5e3h3-splKCU-FCGJPLQo6N4sE_4Q1a3KTEPzlTw8\/pr:550x550\/aHR0cDovL21lZGlhMi5kZXNpZ25wYXJ0bmVyLmZyL2MvcC80Nzg3LzQ3ODctMjUwMTctMS53ZWJw?v=1769423865","https:\/\/media.th4.com\/qMYhdhwg9njtBuz3p0UDzen7Uzcv6NRWlJTgJbaaZx4\/pr:550x550\/aHR0cDovL21lZGlhMi5kZXNpZ25wYXJ0bmVyLmZyL2MvcC80Nzg3LzQ3ODctMjUwMTctMi53ZWJw?v=1769423866"],"medium_large":["https:\/\/media.th4.com\/oxR4a8vxXeab471sXJf4Em2rb9f6FLbAAQJjH4mNwck\/pr:1000x1000\/aHR0cDovL21lZGlhMi5kZXNpZ25wYXJ0bmVyLmZyL2MvcC80Nzg3LzQ3ODctMjUwMTctMS53ZWJw?v=1769423865","https:\/\/media.th4.com\/U2QJyMVKRDvQA8dOJn6yZPkmfEve_AV9xNeWTpKn7fo\/pr:1000x1000\/aHR0cDovL21lZGlhMi5kZXNpZ25wYXJ0bmVyLmZyL2MvcC80Nzg3LzQ3ODctMjUwMTctMi53ZWJw?v=1769423866"],"large":["https:\/\/media.th4.com\/rGDo0Cp5A2GYl4eSI7rMBhOPhBoJPgiaiZ1B02T56Y4\/pr:1920\/aHR0cDovL21lZGlhMi5kZXNpZ25wYXJ0bmVyLmZyL2MvcC80Nzg3LzQ3ODctMjUwMTctMS53ZWJw?v=1769423865","https:\/\/media.th4.com\/pkEW2qGt-WtXK2loNRZOhz9uiMcuypftjH9ejDKREQQ\/pr:1920\/aHR0cDovL21lZGlhMi5kZXNpZ25wYXJ0bmVyLmZyL2MvcC80Nzg3LzQ3ODctMjUwMTctMi53ZWJw?v=1769423866"],"opengraph":["https:\/\/media.th4.com\/AcVxkFombZaHtBRCJYLqeWElT60gtOvw99HRefL_Hbo\/pr:1200x630\/aHR0cDovL21lZGlhMi5kZXNpZ25wYXJ0bmVyLmZyL2MvcC80Nzg3LzQ3ODctMjUwMTctMS53ZWJw?v=1769423865","https:\/\/media.th4.com\/3HEn4Afq-CFLSonA_2aXVbTS5RKsD7gVbRsoTkoPvmU\/pr:1200x630\/aHR0cDovL21lZGlhMi5kZXNpZ25wYXJ0bmVyLmZyL2MvcC80Nzg3LzQ3ODctMjUwMTctMi53ZWJw?v=1769423866"]},"country_origin":"BD","traceability":{"manufacturing_country_id":null,"weaving_country_id":null,"dyeing_country_id":null},"sizes":[{"id":3,"article_id":531783,"class_id":3,"name":"S","on_standby":false,"stock_local":0,"stock_global":19,"multiple":1,"estimated_date_reassort":null,"is_destocking":false},{"id":2,"article_id":531784,"class_id":4,"name":"M","on_standby":false,"stock_local":0,"stock_global":40,"multiple":1,"estimated_date_reassort":null,"is_destocking":false},{"id":1,"article_id":531785,"class_id":5,"name":"L","on_standby":false,"stock_local":0,"stock_global":37,"multiple":1,"estimated_date_reassort":null,"is_destocking":false},{"id":4,"article_id":531786,"class_id":6,"name":"XL","on_standby":false,"stock_local":0,"stock_global":30,"multiple":1,"estimated_date_reassort":null,"is_destocking":false},{"id":1116,"article_id":531787,"class_id":7,"name":"2XL","on_standby":false,"stock_local":0,"stock_global":40,"multiple":1,"estimated_date_reassort":null,"is_destocking":false},{"id":1081,"article_id":531788,"class_id":8,"name":"3XL","on_standby":false,"stock_local":0,"stock_global":34,"multiple":1,"estimated_date_reassort":null,"is_destocking":false}],"page_links":{"fr":"\/fr\/p-re-r220m-fashion-fit-outdoor-fleece-r220x-4787\/electric-blue-25017\/","en":"\/en\/p-re-r220m-fashion-fit-outdoor-fleece-r220x-4787\/electric-blue-25017\/","de":"\/de\/p-re-r220m-fashion-fit-outdoor-fleece-r220x-4787\/electric-blue-25017\/","nl":"\/nl\/p-re-r220m-fashion-fit-outdoor-fleece-r220x-4787\/electric-blue-25017\/","es":"\/es\/p-re-r220m-fleece-de-exterior-de-moda-ajustado-r220x-4787\/electric-blue-25017\/","it":"\/it\/p-re-r220m-fashion-fit-outdoor-pile-r220x-4787\/electric-blue-25017\/","sv":"\/sv\/p-re-r220m-fashion-fit-utomhusfleece-r220x-4787\/electric-blue-25017\/","pt":"\/pt\/p-re-r220m-fashion-fit-outdoor-fleece-r220x-4787\/electric-blue-25017\/","da":"\/da\/p-re-r220m-fashion-fit-outdoor-fleece-r220x-4787\/electric-blue-25017\/","pl":"\/pl\/p-re-r220m-modny-fit-outdoor-polar-r220x-4787\/electric-blue-25017\/"},"page_links_customization":{"fr":"\/fr\/p-re-r220m-fashion-fit-outdoor-fleece-personnalisation-r220x-4787\/electric-blue-25017\/custom\/","en":"\/en\/p-re-r220m-fashion-fit-outdoor-fleece-customization-r220x-4787\/electric-blue-25017\/custom\/","de":"\/de\/p-re-r220m-fashion-fit-outdoor-fleece-personalisierung-r220x-4787\/electric-blue-25017\/custom\/","nl":"\/nl\/p-re-r220m-fashion-fit-outdoor-fleece-aanpassing-r220x-4787\/electric-blue-25017\/custom\/","es":"\/es\/p-re-r220m-fashion-fit-outdoor-fleece-personalizacion-r220x-4787\/electric-blue-25017\/custom\/","it":"\/it\/p-re-r220m-fashion-fit-outdoor-fleece-personalizzazione-r220x-4787\/electric-blue-25017\/custom\/","sv":"\/sv\/p-re-r220m-fashion-fit-outdoor-fleece-anpassning-r220x-4787\/electric-blue-25017\/custom\/","pt":"\/pt\/p-re-r220m-fashion-fit-outdoor-fleece-personalizacao-r220x-4787\/electric-blue-25017\/custom\/","da":"\/da\/p-re-r220m-fashion-fit-udendors-fleece-personalisering-r220x-4787\/electric-blue-25017\/custom\/","pl":"\/pl\/p-re-r220m-fashion-fit-outdoor-fleece-dostosowanie-r220x-4787\/electric-blue-25017\/custom\/"}}],"documentation_link":"\/pdf\/4787.pdf","countries_availables":["AD","AE","AL","AT","BA","BD","BE","BG","BL","CA","CH","CN","CO","CY","CZ","DE","DK","DO","EE","EG","ES","ET","FI","FR","GB","GE","GF","GP","GR","GT","HK","HN","HR","HT","HU","ID","IE","IN","IS","IT","JO","JP","KE","KH","KP","KR","LA","LK","LS","LT","LU","LV","MA","MF","MG","MK","MM","MN","MQ","MT","MX","MY","NC","NI","NL","PF","PH","PK","PL","PM","PT","RE","RO","SE","SG","SI","SK","SV","SY","TH","TN","TR","TW","TZ","US","VN","WF","YT"]},"infos_customization":[],"features":{"authorize_multi_surfaces":true,"display_order_delay_type":true,"promote_surface_display":true,"tarification_franco_offert":true,"enabled_3d_editor":false},"markings":[{"id":0,"nom":"vierge","finition":null,"libelle":null,"code":null,"dpi":null,"finesse_forme_isolee":null,"finesse_forme_non_isolee":null,"hauteur_minimale_texte":null,"inactif":0,"marquage_interne":1,"quantite_min":null,"parent_id":null,"print_on_support":0,"content":"vierge","description":null},{"id":2,"nom":"fonce","finition":"optimale","libelle":"TopQuadri","code":null,"dpi":400,"finesse_forme_isolee":"0.040","finesse_forme_non_isolee":"0.700","hauteur_minimale_texte":2,"inactif":0,"marquage_interne":1,"quantite_min":null,"parent_id":18,"print_on_support":0,"content":"TopQuadri","description":"pour petites et moyennes s\u00e9ries"},{"id":3,"nom":"serigraphie","finition":"serigraphie","libelle":"SeriCoat","code":null,"dpi":400,"finesse_forme_isolee":"0.040","finesse_forme_non_isolee":"0.700","hauteur_minimale_texte":2,"inactif":0,"marquage_interne":1,"quantite_min":15,"parent_id":18,"print_on_support":0,"content":"SeriCoat","description":"pour moyennes et grandes s\u00e9ries"},{"id":4,"nom":"broderie","finition":"broderie","libelle":"Broderie","code":null,"dpi":400,"finesse_forme_isolee":"0.040","finesse_forme_non_isolee":"0.700","hauteur_minimale_texte":3,"inactif":0,"marquage_interne":1,"quantite_min":null,"parent_id":null,"print_on_support":0,"content":"Broderie","description":null},{"id":8,"nom":"theme","finition":null,"libelle":"Th\u00e8me","code":null,"dpi":null,"finesse_forme_isolee":null,"finesse_forme_non_isolee":null,"hauteur_minimale_texte":null,"inactif":0,"marquage_interne":1,"quantite_min":null,"parent_id":null,"print_on_support":0,"content":"Th\u00e8me","description":null},{"id":9,"nom":"sans","finition":null,"libelle":null,"code":null,"dpi":null,"finesse_forme_isolee":null,"finesse_forme_non_isolee":null,"hauteur_minimale_texte":null,"inactif":0,"marquage_interne":1,"quantite_min":null,"parent_id":null,"print_on_support":0,"content":"sans","description":null},{"id":10,"nom":"photo","finition":null,"libelle":"Photo","code":null,"dpi":null,"finesse_forme_isolee":null,"finesse_forme_non_isolee":null,"hauteur_minimale_texte":null,"inactif":0,"marquage_interne":1,"quantite_min":null,"parent_id":null,"print_on_support":0,"content":"Photo","description":null},{"id":14,"nom":"couleur","finition":null,"libelle":"Couleur","code":null,"dpi":null,"finesse_forme_isolee":null,"finesse_forme_non_isolee":null,"hauteur_minimale_texte":null,"inactif":0,"marquage_interne":1,"quantite_min":null,"parent_id":null,"print_on_support":0,"content":"Couleur","description":null},{"id":15,"nom":"sublimation","finition":"sublimation","libelle":"Sublimation","code":null,"dpi":null,"finesse_forme_isolee":"0.000","finesse_forme_non_isolee":"0.000","hauteur_minimale_texte":2,"inactif":0,"marquage_interne":1,"quantite_min":null,"parent_id":null,"print_on_support":0,"content":"Sublimation","description":null},{"id":16,"nom":"topquadri_uv","finition":null,"libelle":"TopQuadri UV","code":null,"dpi":null,"finesse_forme_isolee":"0.020","finesse_forme_non_isolee":"0.700","hauteur_minimale_texte":2,"inactif":0,"marquage_interne":1,"quantite_min":null,"parent_id":null,"print_on_support":1,"content":null,"description":null},{"id":17,"nom":"topquadri_uvp","finition":null,"libelle":"TopQuadri UVP","code":null,"dpi":null,"finesse_forme_isolee":"0.020","finesse_forme_non_isolee":"0.700","hauteur_minimale_texte":2,"inactif":0,"marquage_interne":1,"quantite_min":null,"parent_id":null,"print_on_support":1,"content":null,"description":null},{"id":18,"nom":"quadri","finition":null,"libelle":"Impression","code":null,"dpi":null,"finesse_forme_isolee":null,"finesse_forme_non_isolee":null,"hauteur_minimale_texte":null,"inactif":0,"marquage_interne":1,"quantite_min":null,"parent_id":null,"print_on_support":0,"content":null,"description":null}]}}