{"data":{"product":{"id":4749,"titre":"Stylish Backpack","description":"? 420D rip-stop \/ 600D polyester\n? Dimensions: 45 x 27 x 21 cm\n? Capacit\u00e9: 23 litres\n? 2 compartiments principaux \n? 2 poches de c\u00f4t\u00e9 en maille \n? bandouli\u00e8res rembourr\u00e9es ajustables avec poign\u00e9e \n? dos matelass\u00e9 absorbant \n? organiseur dans le compartiment avant\n? 2 sangles ajustables sur le c\u00f4t\u00e9 \n? petite poche et poche pour MP3\/iPod dans le compartiment principal ","genre":"","grammage":0,"conditionnement":20,"composition":"polyester","reference":"653.38","reference_visible":"sh-liverpool7696","reference_fabricant":"Liverpool 7696","ref_xor":"738504","in_catalog":true,"is_transfer":false,"is_service":false,"on_standby":false,"has_3d":false,"has_size_guide":false,"has_marking":false,"has_vierge":true,"is_cross_sellable":false,"id_picto":120,"filename_3d":null,"brand":{"id":51,"name":"shugon","logo":"logo-shugon.png","image":"https:\/\/media.th4.com\/8Uuueo4f0SB1D_mFNyd5DYv50oh_TCTDrCreuqvMVVo\/pr:brand70x70\/aHR0cDovL21lZGlhMi5kZXNpZ25wYXJ0bmVyLmZyL2MvbS9sb2dvLXNodWdvbi5wbmc"},"price_infos":{"price_from":14.4,"quantity":100,"color":{"id":2583,"name":"black"},"size":{"id":42,"name":"taille_unique"}},"price_infos_marking":{"price_from":0,"quantity":0,"size":{"id":0,"name":""},"color":{"id":0,"name":""},"marking":{"id":0,"name":""},"emplacement":"","surface":"","surface_emplacement_id":0},"i18n":{"blank":{"title":{"fr":"Stylish backpack Sac \u00e0 dos polyester SHUGON liverpool 7696","en":"Stylish backpack SHUGON liverpool 7696","de":"Stylish Rucksack Polyester Rucksack SHUGON liverpool 7696","nl":"Stijlvolle rugzak Polyester rugzak SHUGON liverpool 7696","es":"Mochila estilosa Sac \u00e0 dos poli\u00e9ster SHUGON liverpool 7696","it":"Zaino elegante zaino in poliestere SHUGON liverpool 7696","sv":"Stylish backpack Polyester ryggs\u00e4ck SHUGON liverpool 7696","pt":"Mochila estilosa Sac \u00e0 dos de poli\u00e9ster SHUGON liverpool 7696","da":"Stylish rygs\u00e6k Polyester rygs\u00e6k SHUGON liverpool 7696","pl":"Modny plecak Torba plecowa z poliestru SHUGON liverpool 7696"},"description":{"fr":"Ce sac \u00e0 dos est con\u00e7u pour offrir un espace de rangement pratique et confortable. Il dispose de deux compartiments principaux pour organiser vos affaires, ainsi que de deux poches lat\u00e9rales en maille pour un acc\u00e8s rapide aux petits objets. Les bandouli\u00e8res rembourr\u00e9es et ajustables, ainsi que le dos matelass\u00e9, assurent un port confortable, m\u00eame lorsque le sac est charg\u00e9. L'organiseur interne dans le compartiment avant permet de ranger les stylos, le t\u00e9l\u00e9phone et autres accessoires. Les deux sangles ajustables sur le c\u00f4t\u00e9 permettent de fixer des objets suppl\u00e9mentaires, tandis que la petite poche et la poche pour MP3\/iPod dans le compartiment principal offrent un espace d\u00e9di\u00e9 pour les appareils \u00e9lectroniques.\n\n- Mati\u00e8re : 420D rip-stop \/ 600D polyester\n- Dimensions : 45 x 27 x 21 cm\n- Capacit\u00e9 : 23 litres\n- Nombre de compartiments : 2 principaux\n- Poches lat\u00e9rales : 2 en maille\n- Bandouli\u00e8res : Rembourr\u00e9es et ajustables","en":"This backpack is designed to offer practical and comfortable storage space. It features two main compartments for organizing your belongings, along with two mesh side pockets for quick access to small items. The padded and adjustable shoulder straps, along with the padded back, ensure comfortable carrying, even when the bag is fully loaded. The internal organizer in the front compartment allows you to store pens, phone, and other accessories. The two adjustable side straps allow you to attach additional items, while the small pocket and MP3\/iPod pocket in the main compartment provide dedicated space for electronic devices. Material: 420D rip-stop \/ 600D polyester Dimensions: 45 x 27 x 21 cm Capacity: 23 liters Number of compartments: 2 main Mesh side pockets: 2 Shoulder straps: Padded and adjustable","de":"Dieser Rucksack ist so gestaltet, dass er praktischen und komfortablen Stauraum bietet. Er verf\u00fcgt \u00fcber zwei Hauptf\u00e4cher zur Organisation Ihrer Sachen sowie zwei Seitentaschen mit Netz, um schnell auf kleine Gegenst\u00e4nde zugreifen zu k\u00f6nnen. Die gepolsterten und verstellbaren Schultergurte sowie der gepolsterte R\u00fccken sorgen f\u00fcr einen bequemen Tragekomfort, auch wenn der Rucksack gef\u00fcllt ist. Der Innenorganizer im vorderen Fach erm\u00f6glicht die Aufbewahrung von Stiften, Telefon und anderen Accessoires. Die zwei verstellbaren Gurte an der Seite erm\u00f6glichen das Befestigen zus\u00e4tzlicher Gegenst\u00e4nde, w\u00e4hrend die kleine Tasche und die Tasche f\u00fcr MP3\/iPod im Hauptfach einen speziellen Platz f\u00fcr elektronische Ger\u00e4te bieten.\n\n- Material: 420D rip-stop \/ 600D Polyester\n- Abmessungen: 45 x 27 x 21 cm\n- Kapazit\u00e4t: 23 Liter\n- Anzahl der Hauptf\u00e4cher: 2\n- Seitentaschen: 2 Netz","nl":"Deze rugzak is ontworpen om praktische en comfortabele opslagruimte te bieden. Hij beschikt over twee hoofdcompartimenten om je spullen te organiseren, evenals twee zijzakken met netten voor snelle toegang tot kleine voorwerpen. De opgevulde en aanpasbare schouderbanden, evenals de gepolsterde rug, zorgen voor comfortabel dragen, zelfs wanneer de tas volgeladen is. De interne organisator in het voorste compartiment laat je pen, telefoon en andere accessoires ordenen. De twee aanpasbare riemen aan de zijde laten je extra voorwerpen bevestigen, terwijl de kleine zak en de MP3\/iPod-zak in het hoofdcompartiment een afzonderlijke ruimte bieden voor elektronische apparaten.\n\n- Materiaal : 420D rip-stop \/ 600D polyester\n- Afmetingen : 45 x 27 x 21 cm\n- Capaciteit : 23 liter\n- Aantal compartimenten : 2 hoofdcompartimenten\n- Zijzakken : 2 netten\n- Schouderbanden : Opgevuld en aanpasbaar","es":"Este sac \u00e0 dos est\u00e1 dise\u00f1ado para ofrecer un espacio de almacenamiento pr\u00e1ctico y c\u00f3modo. Dispone de dos compartimentos principales para organizar tus cosas, as\u00ed como de dos bolsillos laterales de malla para un acceso r\u00e1pido a los objetos peque\u00f1os. Las correas acolchadas y ajustables, as\u00ed como la espalda acolchada, aseguran un porte c\u00f3modo, incluso cuando el sac est\u00e1 cargado. El organizador interno en el compartimento delantero permite guardar los bol\u00edgrafos, el tel\u00e9fono y otros accesorios. Las dos correas ajustables en el lado permiten fijar objetos adicionales, mientras que el peque\u00f1o bolsillo y el bolsillo para MP3\/iPod en el compartimento principal ofrecen un espacio dedicado para los dispositivos electr\u00f3nicos.\n\n- Material: 420D rip-stop \/ 600D poli\u00e9ster\n- Dimensiones: 45 x 27 x 21 cm\n- Capacidad: 23 litros\n- N\u00famero de compartimentos: 2 principales\n- Bolsillos laterales: 2 de malla\n- Correas: Acolchadas y ajustables","it":"Questo zaino \u00e8 progettato per offrire uno spazio di stoccaggio pratico e confortevole. Dispone di due compartimenti principali per organizzare i tuoi oggetti, nonch\u00e9 di due tasche laterali in rete per un accesso rapido ai piccoli oggetti. Le cinghie imbottite e regolabili, nonch\u00e9 la schiena imbottita, garantiscono un trasporto confortevole, anche quando lo zaino \u00e8 carico. L'organizzatore interno nel compartimento anteriore consente di riporre penne, telefono e altri accessori. Le due cinghie regolabili sul lato consentono di fissare oggetti aggiuntivi, mentre la piccola tasca e la tasca per MP3\/iPod nel compartimento principale offrono uno spazio dedicato per i dispositivi elettronici.\n\n- Materiale: 420D rip-stop \/ 600D poliestere\n- Dimensioni: 45 x 27 x 21 cm\n- Capacit\u00e0: 23 litri\n- Numero di compartimenti: 2 principali\n- Tasche laterali: 2 in rete\n- Cinghie: Imbottite e regolabili","sv":"Denna ryggs\u00e4ck \u00e4r utformad f\u00f6r att erbjuda praktisk och bekv\u00e4m f\u00f6rvaring. Den har tv\u00e5 huvudfack f\u00f6r att organisera dina saker, samt tv\u00e5 n\u00e4tfack p\u00e5 sidorna f\u00f6r snabb \u00e5tkomst till sm\u00e5 f\u00f6rem\u00e5l. De fj\u00e4drade och justerbara axelremmarna, tillsammans med den st\u00f6td\u00e4mpade ryggen, s\u00e4kerst\u00e4ller ett bekv\u00e4mt b\u00e4rande, \u00e4ven n\u00e4r ryggs\u00e4cken \u00e4r fullastad. Den interna organisat\u00f6ren i fr\u00e4mre facket l\u00e5ter dig rymma pennor, telefon och andra tillbeh\u00f6r. De tv\u00e5 justerbara remmarna p\u00e5 sidan l\u00e5ter dig f\u00e4sta ytterligare f\u00f6rem\u00e5l, medan den lilla fickan och fickan f\u00f6r MP3\/iPod i huvudfacket erbjuder en dedikerad plats f\u00f6r elektroniska enheter.\n\n- Material: 420D rip-stop \/ 600D polyester\n- Dimensioner: 45 x 27 x 21 cm\n- Kapacitet: 23 liter\n- Antal fack: 2 huvudfack\n- Sidfack: 2 i n\u00e4t\n- Axelremmar: Fj\u00e4drade och justerbara","pt":"Este sac \u00e0 dos \u00e9 concebido para oferecer um espa\u00e7o de arruma\u00e7\u00e3o pr\u00e1tico e confort\u00e1vel. Possui dois compartimentos principais para organizar os seus pertences, bem como duas bolsas laterais de rede para acesso r\u00e1pido a pequenos objetos. As correias acolchoadas e ajust\u00e1veis, bem como as costas almofadadas, garantem um transporte confort\u00e1vel, mesmo quando o saco est\u00e1 carregado. O organizador interno no compartimento dianteiro permite guardar canetas, telem\u00f3vel e outros acess\u00f3rios. As duas tiras ajust\u00e1veis no lado permitem fixar objetos adicionais, enquanto a pequena bolsa e a bolsa para MP3\/iPod no compartimento principal oferecem um espa\u00e7o dedicado para dispositivos electr\u00f3nicos.\n\n- Material: 420D rip-stop 600D poli\u00e9ster\n- Dimens\u00f5es: 45 x 27 x 21 cm\n- Capacidade: 23 litros\n- N\u00famero de compartimentos: 2 principais\n- Bolsas laterais: 2 de rede\n- Correias: Acolchoadas e ajust\u00e1veis","da":"Denne rygs\u00e6k er designet til at tilbyde praktisk og komfortabel opbevaring. Den har to hovedrum til at organisere dine ting, samt to netlommer p\u00e5 siden til hurtig adgang til sm\u00e5 genstande. De pudede og justerbare skulderremme samt den pudede rygside sikrer en behagelig b\u00e6ring, selv n\u00e5r rygs\u00e6kken er fuld. Den indvendige organiser i forrummet tillader opbevaring af blyanter, telefon og andre tilbeh\u00f8r. De to justerbare stropper p\u00e5 siden tillader fastg\u00f8relse af ekstra genstande, mens den lille lomme og MP3\/iPod-lommen i hovedrummet tilbyder dedikeret plads til elektroniske enheder.\n\n- Materiale: 420D rip-stop \/ 600D polyester\n- Dimensioner: 45 x 27 x 21 cm\n- Kapacitet: 23 liter\n- Antal rum: 2 hovedrum\n- Siderum: 2 i net\n- Skulderremme: Pudede og justerbare","pl":"Ten plecak zosta\u0142 zaprojektowany w celu zapewnienia praktycznego i komfortowego miejsca na przechowywanie. Dwa g\u0142\u00f3wne komory do organizowania przedmiot\u00f3w, a tak\u017ce dwie boczne sieciowe kieszenie do szybkiego dost\u0119pu do ma\u0142ych przedmiot\u00f3w. Poduszki na paskach i regulowalne, a tak\u017ce matowane plecy zapewniaj\u0105 komfort noszenia, nawet gdy plecak jest obci\u0105\u017cony. Organizator wewn\u0119trzny w przedniej komorze pozwala przechowywa\u0107 d\u0142ugopisy, telefon i inne akcesoria. Dwie regulowane szelki boczne pozwalaj\u0105 na zamocowanie dodatkowych przedmiot\u00f3w, podczas gdy ma\u0142a kiesze\u0144 i kiesze\u0144 na MP3\/iPod w g\u0142\u00f3wnej komorze oferuj\u0105 miejsce na urz\u0105dzenia elektroniczne.\n\n- Materia\u0142: 420D rip-stop \/ 600D poliestru\n- Wymiary: 45 x 27 x 21 cm\n- Pojemno\u015b\u0107: 23 litr\u00f3w\n- Liczba kom\u00f3r: 2 g\u0142\u00f3wne\n- Kieszenie boczne: 2 sieciowe\n- Rzemienie: Poduszkowane i regulowalne"},"h1":{"fr":"Stylish backpack Sac \u00e0 dos polyester liverpool 7696","en":"Stylish backpack liverpool 7696","de":"Stylish Rucksack Polyester liverpool 7696","nl":"Stijlvolle rugzak Polyester rugzak liverpool 7696","es":"Mochila estilosa Sac \u00e0 dos poli\u00e9ster liverpool 7696","it":"Zaino elegante zaino in poliestere liverpool 7696","sv":"Stylish backpack Polyester ryggs\u00e4ck liverpool 7696","pt":"Mochila estilosa Sac \u00e0 dos de poli\u00e9ster liverpool 7696","da":"Stylish rygs\u00e6k Polyester rygs\u00e6k liverpool 7696","pl":"Modny plecak Torba plecowa z poliestru liverpool 7696"},"meta_description":{"fr":"Sac \u00e0 dos polyester compartiment bandouli\u00e8re. Capacit\u00e9 de 23 litres avec plusieurs compartiments et bandouli\u00e8res ajustables. Id\u00e9al pour un usage quotidien.","en":"Polyester backpack with shoulder strap compartment. Capacity of 23 liters with multiple compartments and adjustable shoulder straps. Ideal for daily use.","de":"Polyester Rucksack mit Schultergurt. Kapazit\u00e4t von 23 Litern mit mehreren F\u00e4chern und verstellbaren Gurten. Ideal f\u00fcr den t\u00e4glichen Gebrauch.","nl":"Polyester rugzak schouderband compartiment. Capaciteit van 23 liter met meerdere compartimenten en aanpasbare schouderbanden. Ideaal voor dagelijks gebruik.","es":"Sac \u00e0 dos poli\u00e9ster compartimento bandolera. Capacidad de 23 litros con varios compartimentos y correas ajustables. Ideal para un uso diario.","it":"Zaino in poliestere compartimento con tracolla. Capacit\u00e0 di 23 litri con diversi compartimenti e tracolla regolabile. Ideale per un uso quotidiano.","sv":"Polyester ryggs\u00e4ck med axelrem. Kapacitet p\u00e5 23 liter med flera fack och justerbara axelremmar. Idealisk f\u00f6r dagligt bruk.","pt":"Sac \u00e0 dos de poli\u00e9ster com compartimento de al\u00e7a. Capacidade de 23 litros com v\u00e1rios compartimentos e al\u00e7as ajust\u00e1veis. Ideal para uso di\u00e1rio.","da":"Polyester rygs\u00e6k med skulderrem. Kapacitet p\u00e5 23 liter med flere rum og justerbare skulderremme. Ideel til daglig brug.","pl":"Torba plecowa z poliestru z kom\u00f3rk\u0105 na rami\u0119. Pojemno\u015b\u0107 23 litr\u00f3w z kilkoma kom\u00f3rkami i regulowanymi rzemieniami. Idealna do codziennego u\u017cytku."}},"custom":{"title":{"fr":"Stylish backpack Sac \u00e0 dos polyester SHUGON personnalisable liverpool 7696","en":"Stylish backpack polyester SHUGON customizable liverpool 7696","de":"Stylischer Rucksack Polyester SHUGON personalisierbar liverpool 7696","nl":"Stylish rugzak polyester SHUGON persoonlijk te maken liverpool 7696","es":"Mochila elegante Sac \u00e0 dos de poli\u00e9ster SHUGON personalizable liverpool 7696","it":"Zaino elegante Sac \u00e0 dos polyester SHUGON personalizzabile liverpool 7696","sv":"Stylish backpack Polyester ryggs\u00e4ck SHUGON personligg\u00f6rbar liverpool 7696","pt":"Mochila estilosa Sac \u00e0 dos poli\u00e9ster SHUGON personaliz\u00e1vel liverpool 7696","da":"Stilful rygs\u00e6k Polyester SHUGON personaliserbar liverpool 7696","pl":"Elegancki plecak Torebka na plecy z poliestru SHUGON dostosowywalny liverpool 7696"},"description":{"fr":"Ce sac \u00e0 dos polyester offre un espace de rangement pratique avec ses deux compartiments principaux et ses deux poches lat\u00e9rales en maille. Les bandouli\u00e8res rembourr\u00e9es ajustables et le dos matelass\u00e9 assurent un confort optimal, m\u00eame lors de d\u00e9placements charg\u00e9s. L'organiseur interne et les sangles de compression permettent un rangement ordonn\u00e9. Ce sac \u00e0 dos est con\u00e7u pour r\u00e9pondre aux besoins quotidiens et aux activit\u00e9s de loisirs. Il est possible de personnaliser ce sac \u00e0 dos avec votre logo ou votre visuel, ce qui en fait un excellent support de communication pour votre entreprise ou votre association.\n\n- Mati\u00e8re : 420D rip-stop \/ 600D polyester\n- Dimensions : 45 x 27 x 21 cm\n- Capacit\u00e9 : 23 litres\n- 2 compartiments principaux\n- 2 poches lat\u00e9rales en maille","en":"This polyester backpack offers practical storage space with its two main compartments and two side mesh pockets. The adjustable padded shoulder straps and padded back ensure optimal comfort, even during heavy travels. The internal organizer and compression straps allow for orderly storage. This backpack is designed to meet daily needs and leisure activities. It is possible to customize this backpack with your logo or your visual, making it an excellent communication support for your company or association.\n\n- Material: 420D rip-stop \/ 600D polyester\n- Dimensions: 45 x 27 x 21 cm\n- Capacity: 23 liters\n- 2 main compartments\n- 2 side mesh pockets","de":"Dieser Polyester-Rucksack bietet praktischen Stauraum mit seinen zwei Hauptf\u00e4chern und zwei seitlichen Netzf\u00e4chern. Die gepolsterten, verstellbaren Schulterriemen und der gepolsterte R\u00fccken sorgen f\u00fcr optimalen Komfort, selbst bei schweren Lasten. Der Innenorganizer und die Kompressionsriemen erm\u00f6glichen eine geordnete Aufbewahrung. Dieser Rucksack ist f\u00fcr den t\u00e4glichen Gebrauch und Freizeitaktivit\u00e4ten konzipiert. Es ist m\u00f6glich, diesen Rucksack mit Ihrem Logo oder Ihrer Grafik zu personalisieren, was ihn zu einem hervorragenden Kommunikationsmittel f\u00fcr Ihr Unternehmen oder Ihre Vereinigung macht.\n\n- Material: 420D Rip-Stop \/ 600D Polyester\n- Abmessungen: 45 x 27 x 21 cm\n- Kapazit\u00e4t: 23 Liter\n- 2 Hauptf\u00e4cher\n- 2 seitliche Netzf\u00e4cher","nl":"Deze polyester rugzak biedt handige bergruimte met zijn twee hoofdcompartimenten en twee zijzakken van gaas. De opvulbare, geventileerde banden en de matrasvulling op de rug zorgen voor optimaal comfort, zelfs bij zware vervoer. De interne organisator en de drukbanden maken een geordende berging mogelijk. Deze rugzak is ontworpen voor dagelijkse behoeften en vrijetijdsactiviteiten. Het is mogelijk om deze rugzak te personaliseren met je logo of je visueel, wat ervoor zorgt dat het een uitstekende communicatiemiddel is voor je bedrijf of je vereniging.\n\n- Materiaal: 420D rip-stop \/ 600D polyester\n- Afmetingen: 45 x 27 x 21 cm\n- Capaciteit: 23 liter\n- 2 hoofdcompartimenten\n- 2 zijzakken van gaas","es":"Esta mochila de poli\u00e9ster ofrece un espacio de almacenamiento pr\u00e1ctico con sus dos compartimentos principales y sus dos bolsillos laterales de malla. Las correas ajustables acolchadas y la espalda acolchada aseguran un confort \u00f3ptimo, incluso durante desplazamientos cargados. El organizador interno y las correas de compresi\u00f3n permiten un almacenamiento ordenado. Esta mochila est\u00e1 dise\u00f1ada para satisfacer las necesidades diarias y las actividades de ocio. Es posible personalizar esta mochila con tu logo o tu dise\u00f1o, lo que la convierte en un excelente soporte de comunicaci\u00f3n para tu empresa o asociaci\u00f3n.\n\n- Material: 420D rip-stop 600D poli\u00e9ster\n- Dimensiones: 45 x 27 x 21 cm\n- Capacidad: 23 litros\n- 2 compartimentos principales\n- 2 bolsillos laterales de malla","it":"Questo zaino in poliestere offre uno spazio di stoccaggio pratico con i suoi due compartimenti principali e due tasche laterali in rete. Le bretelle imbottite regolabili e la schiena imbottita garantiscono un comfort ottimale, anche durante spostamenti carichi. L'organizer interno e le cinghie di compressione permettono un riposto ordinato. Questo zaino \u00e8 progettato per rispondere alle esigenze quotidiane e alle attivit\u00e0 di svago. \u00c8 possibile personalizzare questo zaino con il vostro logo o il vostro visivo, rendendolo un eccellente supporto di comunicazione per la vostra azienda o associazione.\n\n- Materiale : 420D rip-stop \/ 600D poliestere\n- Dimensioni : 45 x 27 x 21 cm\n- Capacit\u00e0 : 23 litri\n- 2 compartimenti principali\n- 2 tasche laterali in rete","sv":"Den h\u00e4r polyester ryggs\u00e4cken erbjuder praktiskt f\u00f6rvaringsutrymme med sina tv\u00e5 huvudfack och tv\u00e5 n\u00e4tfack p\u00e5 sidorna. De justerbara, fyllda axelremmarna och den puddade ryggen ger optimal komfort, \u00e4ven vid tunga f\u00f6rflyttningar. Den inre organisat\u00f6ren och kompressionsremmarna g\u00f6r det m\u00f6jligt att h\u00e5lla ordning. Denna ryggs\u00e4ck \u00e4r designad f\u00f6r att m\u00f6ta de dagliga behoven och fritidsaktiviteter. Det \u00e4r m\u00f6jligt att personligg\u00f6ra denna ryggs\u00e4ck med ditt logotyp eller ditt visuellt, vilket g\u00f6r det till ett utm\u00e4rkt kommunikationsverktyg f\u00f6r ditt f\u00f6retag eller din f\u00f6rening.\n\n- Material: 420D rip-stop \/ 600D polyester\n- Dimensioner: 45 x 27 x 21 cm\n- Kapacitet: 23 liter\n- 2 huvudfack\n- 2 n\u00e4tfack p\u00e5 sidorna","pt":"Esta mochila de poli\u00e9ster oferece um espa\u00e7o de armazenamento pr\u00e1tico com seus dois compartimentos principais e duas bolsas laterais de rede. As al\u00e7as acolchoadas ajust\u00e1veis e as costas acolchoadas garantem um conforto \u00f3timo, mesmo durante deslocamentos carregados. O organizador interno e as tiras de compress\u00e3o permitem um armazenamento ordenado. Esta mochila \u00e9 projetada para atender \u00e0s necessidades di\u00e1rias e \u00e0s atividades de lazer. \u00c9 poss\u00edvel personalizar esta mochila com seu logotipo ou visual, tornando-a um excelente suporte de comunica\u00e7\u00e3o para sua empresa ou associa\u00e7\u00e3o. \n\n- Material : 420D rip-stop  600D poli\u00e9ster\n- Dimens\u00f5es : 45 x 27 x 21 cm\n- Capacidade : 23 litros\n- 2 compartimentos principais\n- 2 bolsas laterais de rede","da":"Denne polyester rygs\u00e6k tilbyder praktisk opbevaringsplads med sine to hovedrum og to sideposer i maske. De pudede og justerbare skulderremme og det pudede rygl\u00e6n sikrer optimal komfort, selv ved tunge belastninger. Den indvendige organiser og kompressionsremme sikrer en ordentlig opbevaring. Denne rygs\u00e6k er designet til at opfylde daglige behov og fritidsaktiviteter. Det er muligt at personalisere denne rygs\u00e6k med dit logo eller din visuel, hvilket g\u00f8r den til et fremragende kommunikationsmedie for dit firma eller din forening. M\u00e5tterialer: 420D rip-stop \/ 600D polyester Dimensioner: 45 x 27 x 21 cm Kapacitet: 23 liter 2 hovedrum 2 sideposer i maske","pl":"Ta torebka na plecy z poliestru oferuje praktyczny przestrze\u0144 na przechowywanie dzi\u0119ki dw\u00f3m g\u0142\u00f3wnym dzionom i dw\u00f3m bocznym kieszeniom z siatki. Wzmocnione, regulowane rami\u0119 i wype\u0142nione plecy zapewniaj\u0105 optymalny komfort, nawet podczas obci\u0105\u017conych podr\u00f3\u017cy. Wewn\u0119trzny organizer i paski kompresyjne pozwalaj\u0105 na uporz\u0105dkowane przechowywanie. Ta torebka na plecy zosta\u0142a zaprojektowana tak, aby sprosta\u0107 codziennym potrzebom i aktywno\u015bciom rekreacyjnym. Mo\u017cna dostosowa\u0107 t\u0119 torebk\u0119 na plecy z twoim logo lub twoim wzorem, co czyni j\u0105 doskona\u0142ym no\u015bnikiem komunikacji dla twojej firmy lub organizacji.\n\n- Materia\u0142 : 420D rip-stop \/ 600D poliestr\n- Wymiary : 45 x 27 x 21 cm\n- Pojemno\u015b\u0107 : 23 litry\n- 2 g\u0142\u00f3wne dziony\n- 2 boczne kieszenie z siatki"},"h1":{"fr":"Stylish backpack Sac \u00e0 dos polyester liverpool 7696 personnalis\u00e9","en":"Stylish backpack polyester liverpool 7696 custom","de":"Stylischer Rucksack Polyester liverpool 7696 personalisiert","nl":"Stylish rugzak polyester liverpool 7696 persoonlijk gemaakt","es":"Mochila elegante Sac \u00e0 dos de poli\u00e9ster liverpool 7696 personalizado","it":"Zaino elegante Sac \u00e0 dos polyester liverpool 7696 personalizzato","sv":"Stylish backpack Polyester ryggs\u00e4ck liverpool 7696 personligg\u00f6rbar","pt":"Mochila estilosa Sac \u00e0 dos poli\u00e9ster liverpool 7696 personalizado","da":"Stilful rygs\u00e6k Polyester liverpool 7696 personaliseret","pl":"Elegancki plecak Torebka na plecy z poliestru liverpool 7696 dostosowywalny"},"meta_description":{"fr":"Sac \u00e0 dos polyester compartiment bandouli\u00e8re. Capacit\u00e9 23L, id\u00e9al pour le quotidien. Possibilit\u00e9 de personnalisation avec votre logo.","en":"Polyester backpack with shoulder strap compartment. Capacity 23L, ideal for everyday use. Possibility of customization with your logo.","de":"Polyester-Rucksack mit G\u00fcrteltasche. Kapazit\u00e4t 23L, ideal f\u00fcr den Alltag. M\u00f6glichkeit der Personalisierung mit Ihrem Logo.","nl":"Polyester rugzak met schouderband. Capaciteit 23L, ideaal voor dagelijks gebruik. Mogelijkheid tot personalisatie met je logo.","es":"Sac \u00e0 dos de poli\u00e9ster compartimento bandolera. Capacidad 23L, ideal para el d\u00eda a d\u00eda. Posibilidad de personalizaci\u00f3n con tu logo.","it":"Sac \u00e0 dos polyester compartimento tracolla. Capacit\u00e0 23L, ideale per il quotidiano. Possibilit\u00e0 di personalizzazione con il vostro logo.","sv":"Polyester ryggs\u00e4ck bandol\u00e4rfack. Kapacitet 23L, ideal f\u00f6r det dagliga. M\u00f6jlighet till personligg\u00f6ring med ditt logotyp.","pt":"Sac \u00e0 dos poli\u00e9ster compartimento al\u00e7a. Capacidade 23L, ideal para o dia a dia. Possibilidade de personaliza\u00e7\u00e3o com seu logotipo.","da":"Polyester rygs\u00e6k med skulderrem. Kapacitet 23L, ideel til daglig brug. Mulighed for personalisering med dit logo.","pl":"Torebka na plecy z poliestru z dzionem na rami\u0119. Pojemno\u015b\u0107 23L, idealna na co dzie\u0144. Mo\u017cliwo\u015b\u0107 dostosowania z twoim logo."}}},"categories":[{"id":526,"name":"Sacs \u00e0 dos","singular":"Sac \u00e0 dos","is_feminin":false},{"id":499,"name":"Bagagerie","singular":"Bagagerie","is_feminin":false}],"certifications":[],"videos":{"fr":[],"en":[],"de":[],"nl":[],"es":[],"it":[],"sv":[],"pt":[],"da":[],"pl":[]},"main_images":{"miniature":"https:\/\/media.th4.com\/Yro3iAhwL9DFT7fzPWL0gmsWTBXzYvh_P-WXmITH5Pc\/pr:80\/aHR0cDovL21lZGlhMi5kZXNpZ25wYXJ0bmVyLmZyL2MvcC1NVC80NzQ5LmpwZw?v=1642604474","medium":"https:\/\/media.th4.com\/NMjgHzvkzP9v10tkwcEGIClZiaW2mrjW5l-AoOcboKY\/pr:550x550greybg\/aHR0cDovL21lZGlhMi5kZXNpZ25wYXJ0bmVyLmZyL2MvcC1NVC80NzQ5LmpwZw?v=1642604474","medium_large":"https:\/\/media.th4.com\/utkmn2V50AND2Jzxbn5j9qcjnxMLo9AjY56e2KsE_8w\/pr:1000x1000greybg\/aHR0cDovL21lZGlhMi5kZXNpZ25wYXJ0bmVyLmZyL2MvcC1NVC80NzQ5LmpwZw?v=1642604474","large":"https:\/\/media.th4.com\/aQPv2427xASWpwDrhHfUU3NM4vXbD3PGeKHQsMTHLRw\/pr:1920greybg\/aHR0cDovL21lZGlhMi5kZXNpZ25wYXJ0bmVyLmZyL2MvcC1NVC80NzQ5LmpwZw?v=1642604474","opengraph":"https:\/\/media.th4.com\/FD8wPnR5vjjk3-ANxZSeqPJnvlXrUelLmM98zA0XwmU\/pr:1200x630greybg\/aHR0cDovL21lZGlhMi5kZXNpZ25wYXJ0bmVyLmZyL2MvcC1NVC80NzQ5LmpwZw?v=1642604474"},"main_images_customization":{"miniature":"https:\/\/media.th4.com\/Yro3iAhwL9DFT7fzPWL0gmsWTBXzYvh_P-WXmITH5Pc\/pr:80\/aHR0cDovL21lZGlhMi5kZXNpZ25wYXJ0bmVyLmZyL2MvcC1NVC80NzQ5LmpwZw?v=1642604474","medium":"https:\/\/media.th4.com\/NMjgHzvkzP9v10tkwcEGIClZiaW2mrjW5l-AoOcboKY\/pr:550x550greybg\/aHR0cDovL21lZGlhMi5kZXNpZ25wYXJ0bmVyLmZyL2MvcC1NVC80NzQ5LmpwZw?v=1642604474","medium_large":"https:\/\/media.th4.com\/utkmn2V50AND2Jzxbn5j9qcjnxMLo9AjY56e2KsE_8w\/pr:1000x1000greybg\/aHR0cDovL21lZGlhMi5kZXNpZ25wYXJ0bmVyLmZyL2MvcC1NVC80NzQ5LmpwZw?v=1642604474","large":"https:\/\/media.th4.com\/aQPv2427xASWpwDrhHfUU3NM4vXbD3PGeKHQsMTHLRw\/pr:1920greybg\/aHR0cDovL21lZGlhMi5kZXNpZ25wYXJ0bmVyLmZyL2MvcC1NVC80NzQ5LmpwZw?v=1642604474","opengraph":"https:\/\/media.th4.com\/FD8wPnR5vjjk3-ANxZSeqPJnvlXrUelLmM98zA0XwmU\/pr:1200x630greybg\/aHR0cDovL21lZGlhMi5kZXNpZ25wYXJ0bmVyLmZyL2MvcC1NVC80NzQ5LmpwZw?v=1642604474"},"page_links":{"fr":"\/fr\/p-sh-liverpool7696-stylish-backpack-sac-a-dos-polyester-liverpool-7696-4749\/","en":"\/en\/p-sh-liverpool7696-stylish-backpack-liverpool-7696-4749\/","de":"\/de\/p-sh-liverpool7696-stylish-rucksack-polyester-liverpool-7696-4749\/","nl":"\/nl\/p-sh-liverpool7696-stijlvolle-rugzak-polyester-rugzak-liverpool-7696-4749\/","es":"\/es\/p-sh-liverpool7696-mochila-estilosa-sac-a-dos-poliester-liverpool-7696-4749\/","it":"\/it\/p-sh-liverpool7696-zaino-elegante-zaino-in-poliestere-liverpool-7696-4749\/","sv":"\/sv\/p-sh-liverpool7696-stylish-backpack-polyester-ryggsack-liverpool-7696-4749\/","pt":"\/pt\/p-sh-liverpool7696-mochila-estilosa-sac-a-dos-de-poliester-liverpool-7696-4749\/","da":"\/da\/p-sh-liverpool7696-stylish-rygsaek-polyester-rygsaek-liverpool-7696-4749\/","pl":"\/pl\/p-sh-liverpool7696-modny-plecak-torba-plecowa-z-poliestru-liverpool-7696-4749\/"},"page_links_customization":{"fr":"\/fr\/p-sh-liverpool7696-stylish-backpack-sac-a-dos-polyester-liverpool-7696-personnalise-4749\/custom\/","en":"\/en\/p-sh-liverpool7696-stylish-backpack-polyester-liverpool-7696-custom-4749\/custom\/","de":"\/de\/p-sh-liverpool7696-stylischer-rucksack-polyester-liverpool-7696-personalisiert-4749\/custom\/","nl":"\/nl\/p-sh-liverpool7696-stylish-rugzak-polyester-liverpool-7696-persoonlijk-gemaakt-4749\/custom\/","es":"\/es\/p-sh-liverpool7696-mochila-elegante-sac-a-dos-de-poliester-liverpool-7696-personalizado-4749\/custom\/","it":"\/it\/p-sh-liverpool7696-zaino-elegante-sac-a-dos-polyester-liverpool-7696-personalizzato-4749\/custom\/","sv":"\/sv\/p-sh-liverpool7696-stylish-backpack-polyester-ryggsack-liverpool-7696-personliggorbar-4749\/custom\/","pt":"\/pt\/p-sh-liverpool7696-mochila-estilosa-sac-a-dos-poliester-liverpool-7696-personalizado-4749\/custom\/","da":"\/da\/p-sh-liverpool7696-stilful-rygsaek-polyester-liverpool-7696-personaliseret-4749\/custom\/","pl":"\/pl\/p-sh-liverpool7696-elegancki-plecak-torebka-na-plecy-z-poliestru-liverpool-7696-dostosowywalny-4749\/custom\/"},"equivalent_products":[],"colors":[{"id":2583,"name":"black","class_ids":[4],"codes_hexa":["1c1c1a"],"delai_24":false,"has_3d":false,"seuil_global":0,"stock_local":0,"stock_global":136,"on_standby":false,"in_catalog":true,"images":{"miniature":null,"medium":null,"medium_large":null,"large":null,"opengraph":null},"images_customization":{"miniature":null,"medium":null,"medium_large":null,"large":null,"opengraph":null},"country_origin":"CN","traceability":{"manufacturing_country_id":null,"weaving_country_id":null,"dyeing_country_id":null},"sizes":[{"id":42,"article_id":253481,"class_id":19,"name":"taille_unique","on_standby":false,"stock_local":0,"stock_global":136,"multiple":1,"estimated_date_reassort":null,"is_destocking":false}],"page_links":{"fr":"\/fr\/p-sh-liverpool7696-stylish-backpack-sac-a-dos-polyester-liverpool-7696-4749\/black-2583\/","en":"\/en\/p-sh-liverpool7696-stylish-backpack-liverpool-7696-4749\/black-2583\/","de":"\/de\/p-sh-liverpool7696-stylish-rucksack-polyester-liverpool-7696-4749\/black-2583\/","nl":"\/nl\/p-sh-liverpool7696-stijlvolle-rugzak-polyester-rugzak-liverpool-7696-4749\/black-2583\/","es":"\/es\/p-sh-liverpool7696-mochila-estilosa-sac-a-dos-poliester-liverpool-7696-4749\/black-2583\/","it":"\/it\/p-sh-liverpool7696-zaino-elegante-zaino-in-poliestere-liverpool-7696-4749\/black-2583\/","sv":"\/sv\/p-sh-liverpool7696-stylish-backpack-polyester-ryggsack-liverpool-7696-4749\/black-2583\/","pt":"\/pt\/p-sh-liverpool7696-mochila-estilosa-sac-a-dos-de-poliester-liverpool-7696-4749\/black-2583\/","da":"\/da\/p-sh-liverpool7696-stylish-rygsaek-polyester-rygsaek-liverpool-7696-4749\/black-2583\/","pl":"\/pl\/p-sh-liverpool7696-modny-plecak-torba-plecowa-z-poliestru-liverpool-7696-4749\/black-2583\/"},"page_links_customization":{"fr":"\/fr\/p-sh-liverpool7696-stylish-backpack-sac-a-dos-polyester-liverpool-7696-personnalise-4749\/black-2583\/custom\/","en":"\/en\/p-sh-liverpool7696-stylish-backpack-polyester-liverpool-7696-custom-4749\/black-2583\/custom\/","de":"\/de\/p-sh-liverpool7696-stylischer-rucksack-polyester-liverpool-7696-personalisiert-4749\/black-2583\/custom\/","nl":"\/nl\/p-sh-liverpool7696-stylish-rugzak-polyester-liverpool-7696-persoonlijk-gemaakt-4749\/black-2583\/custom\/","es":"\/es\/p-sh-liverpool7696-mochila-elegante-sac-a-dos-de-poliester-liverpool-7696-personalizado-4749\/black-2583\/custom\/","it":"\/it\/p-sh-liverpool7696-zaino-elegante-sac-a-dos-polyester-liverpool-7696-personalizzato-4749\/black-2583\/custom\/","sv":"\/sv\/p-sh-liverpool7696-stylish-backpack-polyester-ryggsack-liverpool-7696-personliggorbar-4749\/black-2583\/custom\/","pt":"\/pt\/p-sh-liverpool7696-mochila-estilosa-sac-a-dos-poliester-liverpool-7696-personalizado-4749\/black-2583\/custom\/","da":"\/da\/p-sh-liverpool7696-stilful-rygsaek-polyester-liverpool-7696-personaliseret-4749\/black-2583\/custom\/","pl":"\/pl\/p-sh-liverpool7696-elegancki-plecak-torebka-na-plecy-z-poliestru-liverpool-7696-dostosowywalny-4749\/black-2583\/custom\/"}},{"id":5116,"name":"grey\/turquoise","class_ids":[3,2],"codes_hexa":["1D2226","349CB9"],"delai_24":false,"has_3d":false,"seuil_global":0,"stock_local":0,"stock_global":0,"on_standby":true,"in_catalog":false,"images":{"miniature":null,"medium":null,"medium_large":null,"large":null,"opengraph":null},"images_customization":{"miniature":null,"medium":null,"medium_large":null,"large":null,"opengraph":null},"country_origin":"CN","traceability":{"manufacturing_country_id":null,"weaving_country_id":null,"dyeing_country_id":null},"sizes":[],"page_links":{"fr":"\/fr\/p-sh-liverpool7696-stylish-backpack-sac-a-dos-polyester-liverpool-7696-4749\/grey-turquoise-5116\/","en":"\/en\/p-sh-liverpool7696-stylish-backpack-liverpool-7696-4749\/grey-turquoise-5116\/","de":"\/de\/p-sh-liverpool7696-stylish-rucksack-polyester-liverpool-7696-4749\/grey-turquoise-5116\/","nl":"\/nl\/p-sh-liverpool7696-stijlvolle-rugzak-polyester-rugzak-liverpool-7696-4749\/grey-turquoise-5116\/","es":"\/es\/p-sh-liverpool7696-mochila-estilosa-sac-a-dos-poliester-liverpool-7696-4749\/grey-turquoise-5116\/","it":"\/it\/p-sh-liverpool7696-zaino-elegante-zaino-in-poliestere-liverpool-7696-4749\/grey-turquoise-5116\/","sv":"\/sv\/p-sh-liverpool7696-stylish-backpack-polyester-ryggsack-liverpool-7696-4749\/grey-turquoise-5116\/","pt":"\/pt\/p-sh-liverpool7696-mochila-estilosa-sac-a-dos-de-poliester-liverpool-7696-4749\/grey-turquoise-5116\/","da":"\/da\/p-sh-liverpool7696-stylish-rygsaek-polyester-rygsaek-liverpool-7696-4749\/grey-turquoise-5116\/","pl":"\/pl\/p-sh-liverpool7696-modny-plecak-torba-plecowa-z-poliestru-liverpool-7696-4749\/grey-turquoise-5116\/"},"page_links_customization":{"fr":"\/fr\/p-sh-liverpool7696-stylish-backpack-sac-a-dos-polyester-liverpool-7696-personnalise-4749\/grey-turquoise-5116\/custom\/","en":"\/en\/p-sh-liverpool7696-stylish-backpack-polyester-liverpool-7696-custom-4749\/grey-turquoise-5116\/custom\/","de":"\/de\/p-sh-liverpool7696-stylischer-rucksack-polyester-liverpool-7696-personalisiert-4749\/grey-turquoise-5116\/custom\/","nl":"\/nl\/p-sh-liverpool7696-stylish-rugzak-polyester-liverpool-7696-persoonlijk-gemaakt-4749\/grey-turquoise-5116\/custom\/","es":"\/es\/p-sh-liverpool7696-mochila-elegante-sac-a-dos-de-poliester-liverpool-7696-personalizado-4749\/grey-turquoise-5116\/custom\/","it":"\/it\/p-sh-liverpool7696-zaino-elegante-sac-a-dos-polyester-liverpool-7696-personalizzato-4749\/grey-turquoise-5116\/custom\/","sv":"\/sv\/p-sh-liverpool7696-stylish-backpack-polyester-ryggsack-liverpool-7696-personliggorbar-4749\/grey-turquoise-5116\/custom\/","pt":"\/pt\/p-sh-liverpool7696-mochila-estilosa-sac-a-dos-poliester-liverpool-7696-personalizado-4749\/grey-turquoise-5116\/custom\/","da":"\/da\/p-sh-liverpool7696-stilful-rygsaek-polyester-liverpool-7696-personaliseret-4749\/grey-turquoise-5116\/custom\/","pl":"\/pl\/p-sh-liverpool7696-elegancki-plecak-torebka-na-plecy-z-poliestru-liverpool-7696-dostosowywalny-4749\/grey-turquoise-5116\/custom\/"}}],"documentation_link":null,"countries_availables":["AD","AE","AL","AT","BA","BD","BE","BG","BL","CA","CH","CN","CO","CY","CZ","DE","DK","DO","EE","EG","ES","ET","FI","FR","GB","GE","GF","GP","GR","GT","HK","HN","HR","HT","HU","ID","IE","IN","IS","IT","JO","JP","KE","KH","KP","KR","LA","LK","LS","LT","LU","LV","MA","MF","MG","MK","MM","MN","MQ","MT","MX","MY","NC","NI","NL","PF","PH","PK","PL","PM","PT","RE","RO","SE","SG","SI","SK","SV","SY","TH","TN","TR","TW","TZ","US","VN","WF","YT"]},"infos_customization":[],"features":{"authorize_multi_surfaces":true,"display_order_delay_type":true,"promote_surface_display":true,"tarification_franco_offert":true,"enabled_3d_editor":false},"markings":[{"id":0,"nom":"vierge","finition":null,"libelle":null,"code":null,"dpi":null,"finesse_forme_isolee":null,"finesse_forme_non_isolee":null,"hauteur_minimale_texte":null,"inactif":0,"marquage_interne":1,"quantite_min":null,"parent_id":null,"print_on_support":0,"content":"vierge","description":null},{"id":2,"nom":"fonce","finition":"optimale","libelle":"TopQuadri","code":null,"dpi":400,"finesse_forme_isolee":"0.040","finesse_forme_non_isolee":"0.700","hauteur_minimale_texte":2,"inactif":0,"marquage_interne":1,"quantite_min":null,"parent_id":18,"print_on_support":0,"content":"TopQuadri","description":"pour petites et moyennes s\u00e9ries"},{"id":3,"nom":"serigraphie","finition":"serigraphie","libelle":"SeriCoat","code":null,"dpi":400,"finesse_forme_isolee":"0.040","finesse_forme_non_isolee":"0.700","hauteur_minimale_texte":2,"inactif":0,"marquage_interne":1,"quantite_min":15,"parent_id":18,"print_on_support":0,"content":"SeriCoat","description":"pour moyennes et grandes s\u00e9ries"},{"id":4,"nom":"broderie","finition":"broderie","libelle":"Broderie","code":null,"dpi":400,"finesse_forme_isolee":"0.040","finesse_forme_non_isolee":"0.700","hauteur_minimale_texte":3,"inactif":0,"marquage_interne":1,"quantite_min":null,"parent_id":null,"print_on_support":0,"content":"Broderie","description":null},{"id":8,"nom":"theme","finition":null,"libelle":"Th\u00e8me","code":null,"dpi":null,"finesse_forme_isolee":null,"finesse_forme_non_isolee":null,"hauteur_minimale_texte":null,"inactif":0,"marquage_interne":1,"quantite_min":null,"parent_id":null,"print_on_support":0,"content":"Th\u00e8me","description":null},{"id":9,"nom":"sans","finition":null,"libelle":null,"code":null,"dpi":null,"finesse_forme_isolee":null,"finesse_forme_non_isolee":null,"hauteur_minimale_texte":null,"inactif":0,"marquage_interne":1,"quantite_min":null,"parent_id":null,"print_on_support":0,"content":"sans","description":null},{"id":10,"nom":"photo","finition":null,"libelle":"Photo","code":null,"dpi":null,"finesse_forme_isolee":null,"finesse_forme_non_isolee":null,"hauteur_minimale_texte":null,"inactif":0,"marquage_interne":1,"quantite_min":null,"parent_id":null,"print_on_support":0,"content":"Photo","description":null},{"id":14,"nom":"couleur","finition":null,"libelle":"Couleur","code":null,"dpi":null,"finesse_forme_isolee":null,"finesse_forme_non_isolee":null,"hauteur_minimale_texte":null,"inactif":0,"marquage_interne":1,"quantite_min":null,"parent_id":null,"print_on_support":0,"content":"Couleur","description":null},{"id":15,"nom":"sublimation","finition":"sublimation","libelle":"Sublimation","code":null,"dpi":null,"finesse_forme_isolee":"0.000","finesse_forme_non_isolee":"0.000","hauteur_minimale_texte":2,"inactif":0,"marquage_interne":1,"quantite_min":null,"parent_id":null,"print_on_support":0,"content":"Sublimation","description":null},{"id":16,"nom":"topquadri_uv","finition":null,"libelle":"TopQuadri UV","code":null,"dpi":null,"finesse_forme_isolee":"0.020","finesse_forme_non_isolee":"0.700","hauteur_minimale_texte":2,"inactif":0,"marquage_interne":1,"quantite_min":null,"parent_id":null,"print_on_support":1,"content":null,"description":null},{"id":17,"nom":"topquadri_uvp","finition":null,"libelle":"TopQuadri UVP","code":null,"dpi":null,"finesse_forme_isolee":"0.020","finesse_forme_non_isolee":"0.700","hauteur_minimale_texte":2,"inactif":0,"marquage_interne":1,"quantite_min":null,"parent_id":null,"print_on_support":1,"content":null,"description":null},{"id":18,"nom":"quadri","finition":null,"libelle":"Impression","code":null,"dpi":null,"finesse_forme_isolee":null,"finesse_forme_non_isolee":null,"hauteur_minimale_texte":null,"inactif":0,"marquage_interne":1,"quantite_min":null,"parent_id":null,"print_on_support":0,"content":null,"description":null}]}}