{"data":{"product":{"id":4556,"titre":"Gilet polyester doubl\u00e9 pour homme","description":"Gilet contemporain \u00e0 5 boutons pour homme. 2 poches fonctionnelles. Dos satin\u00e9. Compl\u00e8tement doubl\u00e9. Boucles au dos ajustables. Composition : 100% polyester.","genre":"homme","grammage":0,"conditionnement":24,"composition":"polyester,polyester_uniquement","reference":"PR622","reference_visible":"pr-pr622","reference_fabricant":"PR622","ref_xor":"739209","in_catalog":true,"is_transfer":false,"is_service":false,"on_standby":false,"has_3d":false,"has_size_guide":true,"has_marking":true,"has_vierge":true,"is_cross_sellable":false,"id_picto":137,"filename_3d":null,"brand":{"id":38,"name":"Premier","logo":"logo-premier.png","image":"https:\/\/media.th4.com\/38b2orFvoslv2Wp5jXpfGfOatP9RuQaCFmnyAq4-2PY\/pr:brand70x70\/aHR0cDovL21lZGlhMi5kZXNpZ25wYXJ0bmVyLmZyL2MvbS9sb2dvLXByZW1pZXIucG5n"},"price_infos":{"price_from":16.13,"quantity":100,"color":{"id":1677,"name":"black"},"size":{"id":3,"name":"S"}},"price_infos_marking":{"price_from":19.64,"quantity":100,"color":{"id":1677,"name":"black"},"size":{"id":3,"name":"S"},"marking":{"id":2,"name":""},"emplacement":"avant","surface_emplacement_id":1,"surface":"coeur"},"i18n":{"blank":{"title":{"fr":"Gilet polyester doubl\u00e9 pour homme PREMIER pr622","en":"Men's doubled polyester vest PREMIER pr622","de":"Gedoppelte Polyesterweste f\u00fcr Herren PREMIER pr622","nl":"Gestoffeerde polyester gilet voor mannen PREMIER pr622","es":"Chaleco de poli\u00e9ster acolchado para hombre PREMIER pr622","it":"Gilet in poliestere imbottito per uomo PREMIER pr622","sv":"Polsterad polyestergilet f\u00f6r herrar PREMIER pr622","pt":"Casaco de poli\u00e9ster forrado para homem PREMIER pr622","da":"Polyester jakke forbedret for m\u00e6nd PREMIER pr622","pl":"Podw\u00f3jony gilet z poliestru dla m\u0119\u017cczyzn PREMIER pr622"},"description":{"fr":"Gilet contemporain pour homme, con\u00e7u en polyester doubl\u00e9. Ce gilet pr\u00e9sente une coupe classique avec cinq boutons de fermeture \u00e0 l'avant. Il dispose de deux poches fonctionnelles pour un usage quotidien. Le dos est con\u00e7u en satin pour un confort accru et une esth\u00e9tique soign\u00e9e. Des boucles au dos permettent d'ajuster la coupe pour un meilleur maintien. Ce gilet est une pi\u00e8ce polyvalente, adapt\u00e9e \u00e0 diverses occasions et facile \u00e0 associer avec diff\u00e9rents styles vestimentaires.\n\n- Composition : 100% polyester\n- Nombre de boutons : 5\n- Poches : 2 poches fonctionnelles\n- Dos : Satin\u00e9\n- Ajustement : Boucles au dos","en":"Contemporary men's vest made of doubled polyester. This vest features a classic cut with five front closure buttons. It has two functional pockets for daily use. The back is satin designed for increased comfort and a neat aesthetic. Back loops allow for adjustment of the cut for better hold. This vest is a versatile piece, suitable for various occasions and easy to match with different styles.\n\n- Composition : 100% polyester\n- Number of buttons : 5\n- Pockets : 2 functional pockets\n- Back : Satin\n- Adjustment : Back loops","de":"Moderne Weste f\u00fcr Herren, aus gedoppeltem Polyester gefertigt. Diese Weste hat einen klassischen Schnitt mit f\u00fcnf Kn\u00f6pfen zum Schlie\u00dfen vorne. Sie verf\u00fcgt \u00fcber zwei funktionelle Taschen f\u00fcr den t\u00e4glichen Gebrauch. Der R\u00fccken ist aus Satin f\u00fcr mehr Komfort und ein gepflegtes Aussehen gefertigt. R\u00fcckenschlaufen erm\u00f6glichen eine Anpassung des Schnitts f\u00fcr einen besseren Halt. Diese Weste ist ein vielseitiges Kleidungsst\u00fcck, das sich f\u00fcr verschiedene Anl\u00e4sse eignet und leicht mit verschiedenen Stilrichtungen kombiniert werden kann.\n\n- Zusammensetzung: 100% Polyester\n- Anzahl der Kn\u00f6pfe: 5\n- Taschen: 2 funktionelle Taschen\n- R\u00fccken: Glatt\n- Passform: Verstellbare Schlaufen am R\u00fccken","nl":"Tijdelijke gilet voor mannen, ontworpen in polyester gestoffeerd. Deze gilet heeft een klassieke pasvorm met vijf sluitknopen aan de voorkant. Het heeft twee functionele zakken voor dagelijks gebruik. De achterkant is gemaakt van zijde voor meer comfort en een verfijnde uitstraling. Aanpasbare sluitingen op de achterkant zorgen voor een betere pasvorm. Deze gilet is een veelzijdig stuk, geschikt voor verschillende gelegenheden en eenvoudig te combineren met verschillende kledingstijlen.\n\n- Samenstelling: 100% polyester\n- Aantal knopen: 5\n- Zakken: 2 functionele zakken\n- Achterkant: Zijaanzicht\n- Pasvorm: Aanpasbare sluitingen op de achterkant","es":"Chaleco contempor\u00e1neo para hombre, dise\u00f1ado en poli\u00e9ster acolchado. Este chaleco presenta un corte cl\u00e1sico con cinco botones de cierre en la parte delantera. Dispone de dos bolsillos funcionales para uso diario. La espalda est\u00e1 dise\u00f1ada en sat\u00e9n para un mayor confort y una est\u00e9tica cuidada. Los cierres en la espalda permiten ajustar el corte para un mejor agarre. Este chaleco es una pieza vers\u00e1til, adecuada para diversas ocasiones y f\u00e1cil de combinar con diferentes estilos de vestimenta.\n\n- Composici\u00f3n: 100% poli\u00e9ster\n- N\u00famero de botones: 5\n- Bolsillos: 2 bolsillos funcionales\n- Espalda: Satinada\n- Ajuste: Cierres en la espalda","it":"Gilet contemporaneo per uomo, realizzato in poliestere imbottito. Questo gilet presenta una linea classica con cinque bottoni sul davanti. Dispone di due tasche funzionali per l'uso quotidiano. La schiena \u00e8 realizzata in satin per un comfort accresciuto e un'estetica curata. Le fibbie sulla schiena permettono di regolare la vestibilit\u00e0 per un miglior sostegno. Questo gilet \u00e8 un capo versatile, adatto a diverse occasioni e facile da abbinare con diversi stili di abbigliamento.\n\n- Composizione: 100% poliestere\n- Numero di bottoni: 5\n- Tasche: 2 tasche funzionali\n- Schiena: Satinata\n- Regolazione: Fibbie sulla schiena","sv":"Modern herrgilet, tillverkat i dubbelad polyester. Detta gilet har en klassisk passform med fem knappar p\u00e5 framsidan. Det har tv\u00e5 funktionella fickor f\u00f6r vardagsbruk. Bakstycket \u00e4r satt i satin f\u00f6r \u00f6kad komfort och en snygg estetik. Justerbara bakloopar ger en b\u00e4ttre passform. Detta gilet \u00e4r en m\u00e5ngsidig detalj, l\u00e4mplig f\u00f6r olika tillf\u00e4llen och enkelt att kombinera med olika kl\u00e4dstilar.\n\n- Sammans\u00e4ttning: 100% polyester\n- Antal knappar: 5\n- Fickor: 2 funktionella fickor\n- Bak: Satin\n- Passform: Bakloopar","pt":"Casaco contempor\u00e2neo para homem, feito de poli\u00e9ster forrado. Este casaco apresenta um corte cl\u00e1ssico com cinco bot\u00f5es de fechamento na frente. Ele possui dois bolsos funcionais para uso di\u00e1rio. As costas s\u00e3o feitas de cetim para um conforto aumentado e uma est\u00e9tica cuidadosa. Al\u00e7as nas costas permitem ajustar o corte para um melhor ajuste. Este casaco \u00e9 uma pe\u00e7a vers\u00e1til, adequada para diversas ocasi\u00f5es e f\u00e1cil de combinar com diferentes estilos de vestu\u00e1rio.\n\n- Composi\u00e7\u00e3o : 100% poli\u00e9ster\n- N\u00famero de bot\u00f5es : 5\n- Bolsos : 2 bolsos funcionais\n- Costas : Cetim\n- Ajuste : Al\u00e7as nas costas","da":"Moderne jakke for m\u00e6nd, lavet af polyester. Denne jakke har en klassisk sk\u00e6ring med fem knapper foran. Den har to funktionelle lommer til daglig brug. Ryggen er designet i satin for \u00f8get komfort og en plejet udseende. Justerbare klemmer p\u00e5 ryggen giver en bedre pasform. Denne jakke er et alsidigt stykke, der passer til forskellige lejligheder og let kan kombineres med forskellige kl\u00e6destile.","pl":"Wsp\u00f3\u0142czesny gilet dla m\u0119\u017cczyzn, wykonany z podw\u00f3jnianego poliestru. Ten gilet ma klasyczny kroj z pi\u0119cioma guzikami z przodu. Ma dwie funkcjonalne kieszenie do codziennego u\u017cytku. Tylna cz\u0119\u015b\u0107 jest wykonana z satyny dla wi\u0119kszego komfortu i eleganckiego wygl\u0105du. Regulowane paski na ty\u0142ach pozwalaj\u0105 dostosowa\u0107 kroj dla lepszego utrzymania. Ten gilet jest wielofunkcyjnym elementem, nadaj\u0105cym si\u0119 do r\u00f3\u017cnych okazji i \u0142atwym do po\u0142\u0105czenia z r\u00f3\u017cnymi stylami ubioru.\n\n- Sk\u0142ad: 100% poliestru\n- Liczba guzik\u00f3w: 5\n- Kieszenie: 2 funkcjonalne kieszenie\n- Tylna cz\u0119\u015b\u0107: Satynowa\n- Dostosowanie: Regulowane paski na ty\u0142ach"},"h1":{"fr":"Gilet polyester doubl\u00e9 pour homme pr622","en":"Men's doubled polyester vest pr622","de":"Gedoppelte Polyesterweste f\u00fcr Herren pr622","nl":"Gestoffeerde polyester gilet voor mannen pr622","es":"Chaleco de poli\u00e9ster acolchado para hombre pr622","it":"Gilet in poliestere imbottito per uomo pr622","sv":"Polsterad polyestergilet f\u00f6r herrar pr622","pt":"Casaco de poli\u00e9ster forrado para homem pr622","da":"Polyester jakke forbedret for m\u00e6nd pr622","pl":"Podw\u00f3jony gilet z poliestru dla m\u0119\u017cczyzn pr622"},"meta_description":{"fr":"Gilet polyester doubl\u00e9 pour homme. 2 poches fonctionnelles et dos satin\u00e9. Boucles au dos ajustables. Id\u00e9al pour un look moderne.","en":"Men's doubled polyester vest. 2 functional pockets and satin back. Adjustable back loops. Ideal for a modern look.","de":"Gedoppelte Polyesterweste f\u00fcr Herren. 2 funktionelle Taschen und glatter R\u00fccken. Verstellbare Schlaufen am R\u00fccken. Ideal f\u00fcr ein modernes Aussehen.","nl":"Gestoffeerde polyester gilet voor mannen. 2 functionele zakken en zijaanzicht zijde. Aanpasbare sluitingen op de achterkant. Ideaal voor een moderne look.","es":"Chaleco de poli\u00e9ster acolchado para hombre. Dos bolsillos funcionales y espalda satinada. Cierre ajustable en la espalda. Ideal para un look moderno.","it":"Gilet in poliestere imbottito per uomo. 2 tasche funzionali e schiena satinata. Fibbie regolabili sulla schiena. Ideale per un look moderno.","sv":"Polsterad polyestergilet f\u00f6r herrar. 2 funktionella fickor och satinbak. Justerbara bakloopar. Idealisk f\u00f6r ett modernt utseende.","pt":"Casaco de poli\u00e9ster forrado para homem. 2 bolsos funcionais e costas de cetim. Al\u00e7as nas costas ajust\u00e1veis. Ideal para um visual moderno.","da":"Polyester jakke forbedret for m\u00e6nd. To funktionelle lommer og satin ryg. Justerbare klemmer p\u00e5 ryggen. Ideel til en moderne look.","pl":"Podw\u00f3jony gilet z poliestru dla m\u0119\u017cczyzn. 2 funkcjonalne kieszenie i satynowy ty\u0142. Regulowane paski na ty\u0142ach. Idealny dla nowoczesnego wygl\u0105du."}},"custom":{"title":{"fr":"Gilet polyester doubl\u00e9 pour homme PREMIER pr622 personnalis\u00e9","en":"Polyester Lined Jacket for Men PREMIER pr622 personalized","de":"Doppelter Polyestergilet f\u00fcr Herren PREMIER pr622 personalisiert","nl":"Gestoffeerde polyester jas voor heren PREMIER pr622 persoonlijk","es":"Chaleco de poli\u00e9ster forrado para hombre PREMIER pr622 personalizado","it":"Gilet in poliestere imbottito per uomo PREMIER pr622 personalizzato","sv":"Gillet av polyester fodrat f\u00f6r herrar PREMIER pr622 personaliserad","pt":"Colete de poli\u00e9ster forrado para homem PREMIER pr622 personalizado","da":"Polyester dobbet jakke til mand PREMIER pr622 tilpasset","pl":"Podw\u00f3jona polarowa kamizelka dla m\u0119\u017cczyzn PREMIER pr622 personalizowana"},"description":{"fr":"Gilet contemporain \u00e0 5 boutons pour homme, con\u00e7u pour un confort optimal et un style soign\u00e9. Il est dot\u00e9 de deux poches fonctionnelles, d'un dos satin\u00e9 pour une finition \u00e9l\u00e9gante, et est enti\u00e8rement doubl\u00e9 pour un port agr\u00e9able. Des boucles au dos permettent un ajustement personnalis\u00e9. Ce gilet est id\u00e9al pour les professionnels souhaitant afficher leur identit\u00e9 visuelle. Il offre une excellente surface pour la personnalisation en broderie, permettant l'ajout de logos, de textes ou de motifs selon vos besoins. Composition : 100% polyester.\n\n- Composition : 100% polyester\n- Nombre de boutons : 5\n- Poches : 2 poches fonctionnelles\n- Doublure : Enti\u00e8rement doubl\u00e9\n- Ajustement : Boucles au dos pour ajustement personnalis\u00e9\n- Personnalisation : Possibilit\u00e9 de personnalisation en broderie","en":"Contemporary 5-button jacket for men, designed for optimal comfort and a refined style. It features two functional pockets, a satin back for an elegant finish, and is fully lined for comfortable wear. Back loops allow for personalized adjustment. This jacket is ideal for professionals looking to display their visual identity. It offers an excellent surface for embroidery personalization, allowing the addition of logos, text, or patterns as needed. Composition: 100% polyester.\n\n- Composition: 100% polyester\n- Number of buttons: 5\n- Pockets: 2 functional pockets\n- Lining: Fully lined\n- Adjustment: Back loops for personalized adjustment\n- Personalization: Possibility of embroidery personalization","de":"Modernes 5-Knopfgilet f\u00fcr Herren, f\u00fcr optimalen Komfort und elegantes Aussehen konzipiert. Es verf\u00fcgt \u00fcber zwei praktische Taschen, einen glatten R\u00fccken f\u00fcr ein elegantes Finish und ist vollst\u00e4ndig gef\u00fcttert f\u00fcr einen angenehmen Tragekomfort. R\u00fcckseitige Schnallen erm\u00f6glichen eine individuelle Anpassung. Dieses Gilet ist ideal f\u00fcr Fachleute, die ihre visuelle Identit\u00e4t pr\u00e4sentieren m\u00f6chten. Es bietet eine hervorragende Oberfl\u00e4che f\u00fcr die Personalisierung durch Stickerei, sodass Logos, Texte oder Muster nach Bedarf hinzugef\u00fcgt werden k\u00f6nnen. Zusammensetzung: 100% Polyester.\n\n- Zusammensetzung: 100% Polyester\n- Anzahl der Kn\u00f6pfe: 5\n- Taschen: 2 praktische Taschen\n- Futter: Vollst\u00e4ndig gef\u00fcttert\n- Anpassung: R\u00fcckseitige Schnallen f\u00fcr individuelle Anpassung\n- Personalisierung: M\u00f6glichkeit der Personalisierung durch Stickerei","nl":"Contemporaine jas met 5 knopen voor heren, ontworpen voor optimaal comfort en een verzorgd uiterlijk. Het is voorzien van twee functionele zakken, een glanzende rug voor een elegante afwerking, en volledig gestoffeerd voor een aangenaam dragen. Ringen op de rug maken een aangepaste pasvorm mogelijk. Deze jas is ideaal voor professionals die hun visuele identiteit willen tonen. Het biedt een uitstekende oppervlakte voor personalisatie met stikken, waardoor het toevoegen van logo's, teksten of motieven mogelijk is volgens uw behoeften. Samenstelling: 100% polyester.\n\n- Samenstelling: 100% polyester\n- Aantal knopen: 5\n- Zakken: 2 functionele zakken\n- Voering: Volledig gestoffeerd\n- Pasvorm: Ringen op de rug voor aangepaste pasvorm\n- Personalisatie: Mogelijkheid tot personalisatie met stikken","es":"Chaleco contempor\u00e1neo con 5 botones para hombre, dise\u00f1ado para un confort \u00f3ptimo y un estilo cuidado. Est\u00e1 dotado de dos bolsillos funcionales, una espalda satinada para un acabado elegante, y est\u00e1 completamente forrado para un uso agradable. Las hebillas en la espalda permiten un ajuste personalizado. Este chaleco es ideal para profesionales que deseen mostrar su identidad visual. Ofrece una excelente superficie para la personalizaci\u00f3n en bordado, permitiendo la adici\u00f3n de logotipos, textos o motivos seg\u00fan sus necesidades. Composici\u00f3n: 100% poli\u00e9ster.\n\n- Composici\u00f3n: 100% poli\u00e9ster\n- N\u00famero de botones: 5\n- Bolsillos: 2 bolsillos funcionales\n- Forro: Completamente forrado\n- Ajuste: Hebillas en la espalda para ajuste personalizado\n- Personalizaci\u00f3n: Posibilidad de personalizaci\u00f3n en bordado","it":"Gilet contemporaneo a 5 bottoni per uomo, progettato per un comfort ottimale e uno stile curato. Dotato di due tasche funzionali, retro satinato per una finitura elegante, e completamente imbottito per una vestibilit\u00e0 piacevole. Fibbie sul retro permettono un aggiustamento personalizzato. Questo gilet \u00e8 ideale per i professionisti che desiderano mostrare la loro identit\u00e0 visiva. Offre una superficie eccellente per la personalizzazione con ricamo, consentendo l'aggiunta di loghi, testi o motivi secondo le vostre esigenze. Composizione: 100% poliestere.\n\n- Composizione: 100% poliestere\n- Numero di bottoni: 5\n- Tasche: 2 tasche funzionali\n- Imbottitura: Completamente imbottito\n- Aggiustamento: Fibbie sul retro per aggiustamento personalizzato\n- Personalizzazione: Possibilit\u00e0 di personalizzazione con ricamo","sv":"Modernt gillet med 5 knappar f\u00f6r herrar, designat f\u00f6r optimal komfort och elegant stil. Det har tv\u00e5 funktionella fickor, en sat\u00e4ngrygg f\u00f6r en elegant finish och \u00e4r helt fodrat f\u00f6r ett trevligt b\u00e4rande. Ryggsp\u00e4nnor till\u00e5ter en personlig anpassning. Detta gillet \u00e4r idealiskt f\u00f6r professionella som vill visa sin visuella identitet. Det erbjuder en utm\u00e4rkt yta f\u00f6r personalisering genom broderi, vilket till\u00e5ter till\u00e4gg av logotyper, texter eller m\u00f6nster enligt era behov. Sammans\u00e4ttning: 100% polyester.\n\n- Sammans\u00e4ttning: 100% polyester\n- Antal knappar: 5\n- Fickor: 2 funktionella fickor\n- Foder: Helt fodrat\n- Anpassning: Ryggsp\u00e4nnor f\u00f6r personlig anpassning\n- Personalisering: M\u00f6jlighet till personalisering genom broderi","pt":"Colete contempor\u00e2neo com 5 bot\u00f5es para homem, projetado para conforto \u00f3timo e um estilo cuidado. Ele possui dois bolsos funcionais, costas de satim para um acabamento elegante, e \u00e9 totalmente forrado para um uso agrad\u00e1vel. Al\u00e7as nas costas permitem um ajuste personalizado. Este colete \u00e9 ideal para profissionais que desejam exibir sua identidade visual. Ele oferece uma excelente superf\u00edcie para personaliza\u00e7\u00e3o em bordado, permitindo a adi\u00e7\u00e3o de logotipos, textos ou motivos conforme suas necessidades. Composi\u00e7\u00e3o: 100% poli\u00e9ster.\n\n- Composi\u00e7\u00e3o: 100% poli\u00e9ster\n- N\u00famero de bot\u00f5es: 5\n- Bolsos: 2 bolsos funcionais\n- Forro: Totalmente forrado\n- Ajuste: Al\u00e7as nas costas para ajuste personalizado\n- Personaliza\u00e7\u00e3o: Possibilidade de personaliza\u00e7\u00e3o em bordado","da":"Moderne jakke med 5 knapper til mand, designet til optimal komfort og en p\u00e6n stil. Den har to funktionelle lommer, en satin bagside for en elegant afslutning, og er helt dobbet for en behagelig pasform. \u00d8rer p\u00e5 bagsiden tillader en tilpasset justering. Denne jakke er ideal til fagfolk, der \u00f8nsker at vise deres visuelle identitet. Den tilbyder en god overflade til tilpasning ved brodering, hvilket muligg\u00f8r tilf\u00f8jelse af logos, tekster eller m\u00f8nstre efter behov. Sammens\u00e6tning : 100% polyester.\n\n- Sammens\u00e6tning : 100% polyester\n- Antal knapper : 5\n- Lommer : 2 funktionelle lommer\n- Fodring : Hele dobbet\n- Justering : \u00d8rer p\u00e5 bagsiden til tilpasset justering\n- Tilpasning : Mulighed for tilpasning ved brodering","pl":"Wsp\u00f3\u0142czesna kamizelka na 5 guzik\u00f3w dla m\u0119\u017cczyzn, zaprojektowana z my\u015bl\u0105 o komforcie i eleganckim wygl\u0105dzie. Jest wyposa\u017cona w dwie funkcjonalne kieszenie, satynow\u0105 plecy dla eleganckiego wyko\u0144czenia i jest ca\u0142kowicie podw\u00f3jona dla przyjemnego noszenia. Pasy na plecach pozwalaj\u0105 na dostosowanie. Ta kamizelka jest idealna dla profesjonalist\u00f3w, kt\u00f3rzy chc\u0105 wy\u015bwietli\u0107 swoj\u0105 to\u017csamo\u015b\u0107 wizualn\u0105. Ofereuje doskona\u0142\u0105 powierzchni\u0119 do personalizacji przez haft, pozwalaj\u0105c na dodanie logo, tekstu lub wzoru wed\u0142ug potrzeb. Sk\u0142ad: 100% poliestru.\n\n- Sk\u0142ad: 100% poliestru\n- Liczba guzik\u00f3w: 5\n- Kieszenie: 2 funkcjonalne kieszenie\n- Podszewka: Ca\u0142kowicie podw\u00f3jona\n- Dostosowanie: Pasy na plecach do dostosowania\n- Personalizacja: Mo\u017cliwo\u015b\u0107 personalizacji przez haft"},"h1":{"fr":"Gilet polyester doubl\u00e9 pour homme pr622 personnalis\u00e9","en":"Polyester Lined Jacket for Men pr622 personalized","de":"Doppelter Polyestergilet f\u00fcr Herren pr622 personalisiert","nl":"Gestoffeerde polyester jas voor heren pr622 persoonlijk","es":"Chaleco de poli\u00e9ster forrado para hombre pr622 personalizado","it":"Gilet in poliestere imbottito per uomo pr622 personalizzato","sv":"Gillet av polyester fodrat f\u00f6r herrar pr622 personaliserad","pt":"Colete de poli\u00e9ster forrado para homem pr622 personalizado","da":"Polyester dobbet jakke til mand pr622 tilpasset","pl":"Podw\u00f3jona polarowa kamizelka dla m\u0119\u017cczyzn pr622 personalizowana"},"meta_description":{"fr":"Gilet polyester doubl\u00e9 pour homme. 2 poches, dos satin\u00e9, enti\u00e8rement doubl\u00e9. Possibilit\u00e9 de personnalisation en broderie. Qualit\u00e9 PREMIER.","en":"Polyester lined jacket for men. 2 pockets, satin back, fully lined. Possibility of personalization in embroidery. PREMIER quality.","de":"Doppelter Polyestergilet f\u00fcr Herren. 2 Taschen, glatter R\u00fccken, vollst\u00e4ndig gef\u00fcttert. M\u00f6glichkeit der Personalisierung durch Stickerei. Qualit\u00e4t PREMIER.","nl":"Gestoffeerde polyester jas voor heren. 2 zakken, zaten glanzend, volledig gestoffeerd. Mogelijkheid tot personalisatie met stikken. Kwaliteit PREMIER.","es":"Chaleco de poli\u00e9ster forrado para hombre. 2 bolsillos, espalda satinada, completamente forrado. Posibilidad de personalizaci\u00f3n en bordado. Calidad PREMIER.","it":"Gilet in poliestere imbottito per uomo. 2 tasche, retro satinato, completamente imbottito. Possibilit\u00e0 di personalizzazione con ricamo. Qualit\u00e0 PREMIER.","sv":"Gillet av polyester fodrat f\u00f6r herrar. 2 fickor, sat\u00e4ngrygg, helt fodrat. M\u00f6jlighet till personalisering genom broderi. Kvalitet PREMIER","pt":"Colete de poli\u00e9ster forrado para homem. 2 bolsos, costas de satim, totalmente forrado. Possibilidade de personaliza\u00e7\u00e3o em bordado. Qualidade PREMIER.","da":"Polyester dobbet jakke til mand. 2 lommer, satin bagside, helt dobbet. Mulighed for tilpasning ved brodering. Kvalitet PREMIER.","pl":"Podw\u00f3jona polarowa kamizelka dla m\u0119\u017cczyzn. 2 kieszenie, satynowa plecy, ca\u0142kowicie podw\u00f3jona. Mo\u017cliwo\u015b\u0107 personalizacji przez haft. Jako\u015b\u0107 PREMIER."}}},"categories":[{"id":536,"name":"Gilets","singular":"Gilet","is_feminin":false},{"id":561,"name":"BTP et Industrie","singular":"BTP et Industrie","is_feminin":false},{"id":562,"name":"Restauration et H\u00f4tellerie","singular":"Restauration et H\u00f4tellerie","is_feminin":false},{"id":559,"name":"Univers","singular":"Univers","is_feminin":false},{"id":354,"name":"Textile","singular":"Textile","is_feminin":false},{"id":565,"name":"Tricots","singular":"Tricot","is_feminin":false}],"certifications":[{"id":1,"label":"OEKO-TEX 100","logo_link":"\/images\/certifications\/1_OEKO-TEX_100.jpg","is_marking_compatible":false},{"id":21,"label":"Sedex","logo_link":"\/images\/certifications\/21_Sedex.jpg","is_marking_compatible":false}],"videos":{"fr":[],"en":[],"de":[],"nl":[],"es":[],"it":[],"sv":[],"pt":[],"da":[],"pl":[]},"main_images":{"miniature":"https:\/\/media.th4.com\/sQ7RuWc8Q7Z1ygeWahfN8R1FdCJgXOXchijZPm2QPb0\/pr:80\/aHR0cDovL21lZGlhMi5kZXNpZ25wYXJ0bmVyLmZyL2MvcC1NVC80NTU2LmpwZw?v=1726822977","medium":"https:\/\/media.th4.com\/vEFiFL3W10CvhU1Pak7s9A0x8DMx9rGGR9vJ0HiTYIk\/pr:550x550greybg\/aHR0cDovL21lZGlhMi5kZXNpZ25wYXJ0bmVyLmZyL2MvcC1NVC80NTU2LmpwZw?v=1726822977","medium_large":"https:\/\/media.th4.com\/9pq6qyufDXDy89f-vPM630Tc6n9lapIK_1IlceAwfw4\/pr:1000x1000greybg\/aHR0cDovL21lZGlhMi5kZXNpZ25wYXJ0bmVyLmZyL2MvcC1NVC80NTU2LmpwZw?v=1726822977","large":"https:\/\/media.th4.com\/CNvkW8wLTa46Gx3R_kC13P0l01rir83cX283Aqxu_sk\/pr:1920greybg\/aHR0cDovL21lZGlhMi5kZXNpZ25wYXJ0bmVyLmZyL2MvcC1NVC80NTU2LmpwZw?v=1726822977","opengraph":"https:\/\/media.th4.com\/uBK72ka0ubS3hCctmoO_tr4ucMCJfejQLL_oRKeIVGE\/pr:1200x630greybg\/aHR0cDovL21lZGlhMi5kZXNpZ25wYXJ0bmVyLmZyL2MvcC1NVC80NTU2LmpwZw?v=1726822977"},"main_images_customization":{"miniature":"https:\/\/media.th4.com\/sQ7RuWc8Q7Z1ygeWahfN8R1FdCJgXOXchijZPm2QPb0\/pr:80\/aHR0cDovL21lZGlhMi5kZXNpZ25wYXJ0bmVyLmZyL2MvcC1NVC80NTU2LmpwZw?v=1726822977","medium":"https:\/\/media.th4.com\/vEFiFL3W10CvhU1Pak7s9A0x8DMx9rGGR9vJ0HiTYIk\/pr:550x550greybg\/aHR0cDovL21lZGlhMi5kZXNpZ25wYXJ0bmVyLmZyL2MvcC1NVC80NTU2LmpwZw?v=1726822977","medium_large":"https:\/\/media.th4.com\/9pq6qyufDXDy89f-vPM630Tc6n9lapIK_1IlceAwfw4\/pr:1000x1000greybg\/aHR0cDovL21lZGlhMi5kZXNpZ25wYXJ0bmVyLmZyL2MvcC1NVC80NTU2LmpwZw?v=1726822977","large":"https:\/\/media.th4.com\/CNvkW8wLTa46Gx3R_kC13P0l01rir83cX283Aqxu_sk\/pr:1920greybg\/aHR0cDovL21lZGlhMi5kZXNpZ25wYXJ0bmVyLmZyL2MvcC1NVC80NTU2LmpwZw?v=1726822977","opengraph":"https:\/\/media.th4.com\/uBK72ka0ubS3hCctmoO_tr4ucMCJfejQLL_oRKeIVGE\/pr:1200x630greybg\/aHR0cDovL21lZGlhMi5kZXNpZ25wYXJ0bmVyLmZyL2MvcC1NVC80NTU2LmpwZw?v=1726822977"},"page_links":{"fr":"\/fr\/p-pr-pr622-gilet-polyester-double-pour-homme-pr622-4556\/","en":"\/en\/p-pr-pr622-mens-doubled-polyester-vest-pr622-4556\/","de":"\/de\/p-pr-pr622-gedoppelte-polyesterweste-fur-herren-pr622-4556\/","nl":"\/nl\/p-pr-pr622-gestoffeerde-polyester-gilet-voor-mannen-pr622-4556\/","es":"\/es\/p-pr-pr622-chaleco-de-poliester-acolchado-para-hombre-pr622-4556\/","it":"\/it\/p-pr-pr622-gilet-in-poliestere-imbottito-per-uomo-pr622-4556\/","sv":"\/sv\/p-pr-pr622-polsterad-polyestergilet-for-herrar-pr622-4556\/","pt":"\/pt\/p-pr-pr622-casaco-de-poliester-forrado-para-homem-pr622-4556\/","da":"\/da\/p-pr-pr622-polyester-jakke-forbedret-for-maend-pr622-4556\/","pl":"\/pl\/p-pr-pr622-podwojony-gilet-z-poliestru-dla-mezczyzn-pr622-4556\/"},"page_links_customization":{"fr":"\/fr\/p-pr-pr622-gilet-polyester-double-pour-homme-pr622-personnalise-4556\/custom\/","en":"\/en\/p-pr-pr622-polyester-lined-jacket-for-men-pr622-personalized-4556\/custom\/","de":"\/de\/p-pr-pr622-doppelter-polyestergilet-fur-herren-pr622-personalisiert-4556\/custom\/","nl":"\/nl\/p-pr-pr622-gestoffeerde-polyester-jas-voor-heren-pr622-persoonlijk-4556\/custom\/","es":"\/es\/p-pr-pr622-chaleco-de-poliester-forrado-para-hombre-pr622-personalizado-4556\/custom\/","it":"\/it\/p-pr-pr622-gilet-in-poliestere-imbottito-per-uomo-pr622-personalizzato-4556\/custom\/","sv":"\/sv\/p-pr-pr622-gillet-av-polyester-fodrat-for-herrar-pr622-personaliserad-4556\/custom\/","pt":"\/pt\/p-pr-pr622-colete-de-poliester-forrado-para-homem-pr622-personalizado-4556\/custom\/","da":"\/da\/p-pr-pr622-polyester-dobbet-jakke-til-mand-pr622-tilpasset-4556\/custom\/","pl":"\/pl\/p-pr-pr622-podwojona-polarowa-kamizelka-dla-mezczyzn-pr622-personalizowana-4556\/custom\/"},"equivalent_products":[],"colors":[{"id":1677,"name":"black","class_ids":[4],"codes_hexa":["1a1a18"],"delai_24":false,"has_3d":false,"seuil_global":0,"stock_local":0,"stock_global":631,"on_standby":false,"in_catalog":true,"images":{"miniature":["https:\/\/media.th4.com\/_zcHeMJywq1vK3oG2_XJatqVp_0lIDZv9iSVXBd7Isc\/pr:80\/aHR0cDovL21lZGlhMi5kZXNpZ25wYXJ0bmVyLmZyL2MvcC80NTU2LzQ1NTYtMTY3Ny0xLmpwZw?v=1726746788"],"medium":["https:\/\/media.th4.com\/mMY7CmIjKf798Sd2JlmZYNlIyW3iSAIIP5gPst31xKA\/pr:550x550\/aHR0cDovL21lZGlhMi5kZXNpZ25wYXJ0bmVyLmZyL2MvcC80NTU2LzQ1NTYtMTY3Ny0xLmpwZw?v=1726746788"],"medium_large":["https:\/\/media.th4.com\/1bIkAg0SUXEoLMZ4LNPjG3W-wKwHIrQZRDDIzKyOPdU\/pr:1000x1000\/aHR0cDovL21lZGlhMi5kZXNpZ25wYXJ0bmVyLmZyL2MvcC80NTU2LzQ1NTYtMTY3Ny0xLmpwZw?v=1726746788"],"large":["https:\/\/media.th4.com\/wthD_gfrmH2SFuhFmjx501xKmuOdkqgIpaYaGuwgECI\/pr:1920\/aHR0cDovL21lZGlhMi5kZXNpZ25wYXJ0bmVyLmZyL2MvcC80NTU2LzQ1NTYtMTY3Ny0xLmpwZw?v=1726746788"],"opengraph":["https:\/\/media.th4.com\/DJ-6lasicQlIfFBde1Iv96QHRE08D5ygs7cgscVsRx8\/pr:1200x630\/aHR0cDovL21lZGlhMi5kZXNpZ25wYXJ0bmVyLmZyL2MvcC80NTU2LzQ1NTYtMTY3Ny0xLmpwZw?v=1726746788"]},"images_customization":{"miniature":["https:\/\/media.th4.com\/_zcHeMJywq1vK3oG2_XJatqVp_0lIDZv9iSVXBd7Isc\/pr:80\/aHR0cDovL21lZGlhMi5kZXNpZ25wYXJ0bmVyLmZyL2MvcC80NTU2LzQ1NTYtMTY3Ny0xLmpwZw?v=1726746788"],"medium":["https:\/\/media.th4.com\/mMY7CmIjKf798Sd2JlmZYNlIyW3iSAIIP5gPst31xKA\/pr:550x550\/aHR0cDovL21lZGlhMi5kZXNpZ25wYXJ0bmVyLmZyL2MvcC80NTU2LzQ1NTYtMTY3Ny0xLmpwZw?v=1726746788"],"medium_large":["https:\/\/media.th4.com\/1bIkAg0SUXEoLMZ4LNPjG3W-wKwHIrQZRDDIzKyOPdU\/pr:1000x1000\/aHR0cDovL21lZGlhMi5kZXNpZ25wYXJ0bmVyLmZyL2MvcC80NTU2LzQ1NTYtMTY3Ny0xLmpwZw?v=1726746788"],"large":["https:\/\/media.th4.com\/wthD_gfrmH2SFuhFmjx501xKmuOdkqgIpaYaGuwgECI\/pr:1920\/aHR0cDovL21lZGlhMi5kZXNpZ25wYXJ0bmVyLmZyL2MvcC80NTU2LzQ1NTYtMTY3Ny0xLmpwZw?v=1726746788"],"opengraph":["https:\/\/media.th4.com\/DJ-6lasicQlIfFBde1Iv96QHRE08D5ygs7cgscVsRx8\/pr:1200x630\/aHR0cDovL21lZGlhMi5kZXNpZ25wYXJ0bmVyLmZyL2MvcC80NTU2LzQ1NTYtMTY3Ny0xLmpwZw?v=1726746788"]},"country_origin":"CN","traceability":{"manufacturing_country_id":null,"weaving_country_id":null,"dyeing_country_id":null},"sizes":[{"id":1121,"article_id":477864,"class_id":1,"name":"2XS","on_standby":false,"stock_local":0,"stock_global":27,"multiple":1,"estimated_date_reassort":null,"is_destocking":false},{"id":5,"article_id":477865,"class_id":2,"name":"XS","on_standby":false,"stock_local":0,"stock_global":69,"multiple":1,"estimated_date_reassort":null,"is_destocking":false},{"id":3,"article_id":144754,"class_id":3,"name":"S","on_standby":false,"stock_local":0,"stock_global":101,"multiple":1,"estimated_date_reassort":null,"is_destocking":false},{"id":2,"article_id":144753,"class_id":4,"name":"M","on_standby":false,"stock_local":0,"stock_global":149,"multiple":1,"estimated_date_reassort":null,"is_destocking":false},{"id":1,"article_id":144752,"class_id":5,"name":"L","on_standby":false,"stock_local":0,"stock_global":192,"multiple":1,"estimated_date_reassort":null,"is_destocking":false},{"id":4,"article_id":144755,"class_id":6,"name":"XL","on_standby":false,"stock_local":0,"stock_global":57,"multiple":1,"estimated_date_reassort":null,"is_destocking":false},{"id":1116,"article_id":249610,"class_id":7,"name":"2XL","on_standby":false,"stock_local":0,"stock_global":36,"multiple":1,"estimated_date_reassort":null,"is_destocking":false}],"page_links":{"fr":"\/fr\/p-pr-pr622-gilet-polyester-double-pour-homme-pr622-4556\/black-1677\/","en":"\/en\/p-pr-pr622-mens-doubled-polyester-vest-pr622-4556\/black-1677\/","de":"\/de\/p-pr-pr622-gedoppelte-polyesterweste-fur-herren-pr622-4556\/black-1677\/","nl":"\/nl\/p-pr-pr622-gestoffeerde-polyester-gilet-voor-mannen-pr622-4556\/black-1677\/","es":"\/es\/p-pr-pr622-chaleco-de-poliester-acolchado-para-hombre-pr622-4556\/black-1677\/","it":"\/it\/p-pr-pr622-gilet-in-poliestere-imbottito-per-uomo-pr622-4556\/black-1677\/","sv":"\/sv\/p-pr-pr622-polsterad-polyestergilet-for-herrar-pr622-4556\/black-1677\/","pt":"\/pt\/p-pr-pr622-casaco-de-poliester-forrado-para-homem-pr622-4556\/black-1677\/","da":"\/da\/p-pr-pr622-polyester-jakke-forbedret-for-maend-pr622-4556\/black-1677\/","pl":"\/pl\/p-pr-pr622-podwojony-gilet-z-poliestru-dla-mezczyzn-pr622-4556\/black-1677\/"},"page_links_customization":{"fr":"\/fr\/p-pr-pr622-gilet-polyester-double-pour-homme-pr622-personnalise-4556\/black-1677\/custom\/","en":"\/en\/p-pr-pr622-polyester-lined-jacket-for-men-pr622-personalized-4556\/black-1677\/custom\/","de":"\/de\/p-pr-pr622-doppelter-polyestergilet-fur-herren-pr622-personalisiert-4556\/black-1677\/custom\/","nl":"\/nl\/p-pr-pr622-gestoffeerde-polyester-jas-voor-heren-pr622-persoonlijk-4556\/black-1677\/custom\/","es":"\/es\/p-pr-pr622-chaleco-de-poliester-forrado-para-hombre-pr622-personalizado-4556\/black-1677\/custom\/","it":"\/it\/p-pr-pr622-gilet-in-poliestere-imbottito-per-uomo-pr622-personalizzato-4556\/black-1677\/custom\/","sv":"\/sv\/p-pr-pr622-gillet-av-polyester-fodrat-for-herrar-pr622-personaliserad-4556\/black-1677\/custom\/","pt":"\/pt\/p-pr-pr622-colete-de-poliester-forrado-para-homem-pr622-personalizado-4556\/black-1677\/custom\/","da":"\/da\/p-pr-pr622-polyester-dobbet-jakke-til-mand-pr622-tilpasset-4556\/black-1677\/custom\/","pl":"\/pl\/p-pr-pr622-podwojona-polarowa-kamizelka-dla-mezczyzn-pr622-personalizowana-4556\/black-1677\/custom\/"}}],"documentation_link":"\/pdf\/4556.pdf","countries_availables":["AD","AE","AL","AT","BA","BD","BE","BG","BL","CA","CH","CN","CO","CY","CZ","DE","DK","DO","EE","EG","ES","ET","FI","FR","GB","GE","GF","GP","GR","GT","HK","HN","HR","HT","HU","ID","IE","IN","IS","IT","JO","JP","KE","KH","KP","KR","LA","LK","LS","LT","LU","LV","MA","MF","MG","MK","MM","MN","MQ","MT","MX","MY","NC","NI","NL","PF","PH","PK","PL","PM","PT","RE","RO","SE","SG","SI","SK","SV","SY","TH","TN","TR","TW","TZ","US","VN","WF","YT"]},"infos_customization":[],"features":{"authorize_multi_surfaces":true,"display_order_delay_type":true,"promote_surface_display":true,"tarification_franco_offert":true,"enabled_3d_editor":false},"markings":[{"id":0,"nom":"vierge","finition":null,"libelle":null,"code":null,"dpi":null,"finesse_forme_isolee":null,"finesse_forme_non_isolee":null,"hauteur_minimale_texte":null,"inactif":0,"marquage_interne":1,"quantite_min":null,"parent_id":null,"print_on_support":0,"content":"vierge","description":null},{"id":2,"nom":"fonce","finition":"optimale","libelle":"TopQuadri","code":null,"dpi":400,"finesse_forme_isolee":"0.040","finesse_forme_non_isolee":"0.700","hauteur_minimale_texte":2,"inactif":0,"marquage_interne":1,"quantite_min":null,"parent_id":18,"print_on_support":0,"content":"TopQuadri","description":"pour petites et moyennes s\u00e9ries"},{"id":3,"nom":"serigraphie","finition":"serigraphie","libelle":"SeriCoat","code":null,"dpi":400,"finesse_forme_isolee":"0.040","finesse_forme_non_isolee":"0.700","hauteur_minimale_texte":2,"inactif":0,"marquage_interne":1,"quantite_min":15,"parent_id":18,"print_on_support":0,"content":"SeriCoat","description":"pour moyennes et grandes s\u00e9ries"},{"id":4,"nom":"broderie","finition":"broderie","libelle":"Broderie","code":null,"dpi":400,"finesse_forme_isolee":"0.040","finesse_forme_non_isolee":"0.700","hauteur_minimale_texte":3,"inactif":0,"marquage_interne":1,"quantite_min":null,"parent_id":null,"print_on_support":0,"content":"Broderie","description":null},{"id":8,"nom":"theme","finition":null,"libelle":"Th\u00e8me","code":null,"dpi":null,"finesse_forme_isolee":null,"finesse_forme_non_isolee":null,"hauteur_minimale_texte":null,"inactif":0,"marquage_interne":1,"quantite_min":null,"parent_id":null,"print_on_support":0,"content":"Th\u00e8me","description":null},{"id":9,"nom":"sans","finition":null,"libelle":null,"code":null,"dpi":null,"finesse_forme_isolee":null,"finesse_forme_non_isolee":null,"hauteur_minimale_texte":null,"inactif":0,"marquage_interne":1,"quantite_min":null,"parent_id":null,"print_on_support":0,"content":"sans","description":null},{"id":10,"nom":"photo","finition":null,"libelle":"Photo","code":null,"dpi":null,"finesse_forme_isolee":null,"finesse_forme_non_isolee":null,"hauteur_minimale_texte":null,"inactif":0,"marquage_interne":1,"quantite_min":null,"parent_id":null,"print_on_support":0,"content":"Photo","description":null},{"id":14,"nom":"couleur","finition":null,"libelle":"Couleur","code":null,"dpi":null,"finesse_forme_isolee":null,"finesse_forme_non_isolee":null,"hauteur_minimale_texte":null,"inactif":0,"marquage_interne":1,"quantite_min":null,"parent_id":null,"print_on_support":0,"content":"Couleur","description":null},{"id":15,"nom":"sublimation","finition":"sublimation","libelle":"Sublimation","code":null,"dpi":null,"finesse_forme_isolee":"0.000","finesse_forme_non_isolee":"0.000","hauteur_minimale_texte":2,"inactif":0,"marquage_interne":1,"quantite_min":null,"parent_id":null,"print_on_support":0,"content":"Sublimation","description":null},{"id":16,"nom":"topquadri_uv","finition":null,"libelle":"TopQuadri UV","code":null,"dpi":null,"finesse_forme_isolee":"0.020","finesse_forme_non_isolee":"0.700","hauteur_minimale_texte":2,"inactif":0,"marquage_interne":1,"quantite_min":null,"parent_id":null,"print_on_support":1,"content":null,"description":null},{"id":17,"nom":"topquadri_uvp","finition":null,"libelle":"TopQuadri UVP","code":null,"dpi":null,"finesse_forme_isolee":"0.020","finesse_forme_non_isolee":"0.700","hauteur_minimale_texte":2,"inactif":0,"marquage_interne":1,"quantite_min":null,"parent_id":null,"print_on_support":1,"content":null,"description":null},{"id":18,"nom":"quadri","finition":null,"libelle":"Impression","code":null,"dpi":null,"finesse_forme_isolee":null,"finesse_forme_non_isolee":null,"hauteur_minimale_texte":null,"inactif":0,"marquage_interne":1,"quantite_min":null,"parent_id":null,"print_on_support":0,"content":null,"description":null}]}}