{"data":{"product":{"id":425,"titre":"Polaire sans manches enfant","description":"100 % polyester anti-peluche.","genre":"enfant","grammage":330,"conditionnement":20,"composition":"polyester","reference":"RS37J","reference_visible":"re-r037j-y","reference_fabricant":"R037J-Y","ref_xor":"743404","in_catalog":true,"is_transfer":false,"is_service":false,"on_standby":false,"has_3d":false,"has_size_guide":true,"has_marking":true,"has_vierge":true,"is_cross_sellable":false,"id_picto":26,"filename_3d":null,"brand":{"id":16,"name":"Result","logo":"logo-result.png","image":"https:\/\/media.th4.com\/R4AINn4EcZGXmGADkvSPvxFxj-96N0ZW37kUw9NCIp8\/pr:brand70x70\/aHR0cDovL21lZGlhMi5kZXNpZ25wYXJ0bmVyLmZyL2MvbS9sb2dvLXJlc3VsdC5wbmc?v=1769696384"},"price_infos":{"price_from":9.51,"quantity":100,"color":{"id":327,"name":"marine"},"size":{"id":1397,"name":"8\/10ans"}},"price_infos_marking":{"price_from":16.29,"quantity":100,"color":{"id":327,"name":"marine"},"size":{"id":1397,"name":"8\/10ans"},"marking":{"id":4,"name":""},"emplacement":"avant","surface_emplacement_id":1,"surface":"coeur"},"i18n":{"blank":{"title":{"fr":"Polaire sans manches enfant RESULT r37j","en":"Child's sleeveless fleece RESULT r37j","de":"Kinderarmw\u00e4rme ohne \u00c4rmel RESULT r37j","nl":"Kinderbody zonder mouwen RESULT r37j","es":"Chaqueta sin mangas para ni\u00f1o RESULT r37j","it":"Felpa senza maniche bambino RESULT r37j","sv":"Barnresultat r37j utan \u00e4rmar","pt":"Camisa polo sem mangas infantil RESULT r37j","da":"Udend\u00f8rs barn RESULT r37j","pl":"Dres dzieci\u0119cy bez r\u0119kaw\u00f3w RESULT r37j"},"description":{"fr":"Cette polaire sans manches pour enfant est con\u00e7ue en polyester anti-peluche, offrant un confort optimal et une bonne r\u00e9sistance \u00e0 l'usure. Elle est id\u00e9ale pour les activit\u00e9s en ext\u00e9rieur ou comme couche suppl\u00e9mentaire par temps frais. Sa conception sans manches permet une grande libert\u00e9 de mouvement. Ce v\u00eatement est facile \u00e0 entretenir et conserve son aspect d'origine apr\u00e8s plusieurs utilisations.\n\n- Composition : 100 % polyester anti-peluche\n- Coupe : Classique","en":"This child's sleeveless fleece is made of anti-pilling polyester, providing optimal comfort and good resistance to wear. It is ideal for outdoor activities or as an extra layer on cool days. Its sleeveless design allows for great freedom of movement. This garment is easy to maintain and retains its original appearance after multiple uses.\n\n- Composition: 100% anti-pilling polyester\n- Cut: Classic","de":"Diese Kinderarmw\u00e4rme ohne \u00c4rmel ist aus Polyester, antipilling, gefertigt und bietet optimalen Komfort und gute Abriebfestigkeit. Sie ist ideal f\u00fcr Aktivit\u00e4ten im Freien oder als zus\u00e4tzliche Schicht bei k\u00fchlerem Wetter. Die \u00e4rmellose Konstruktion erm\u00f6glicht eine gro\u00dfe Bewegungsfreiheit. Das Kleidungsst\u00fcck ist leicht zu pflegen und beh\u00e4lt sein urspr\u00fcngliches Aussehen nach mehreren Verwendungen.\n\n- Zusammensetzung: 100 % Polyester, antipilling\n- Schnitt: Klassisch","nl":"Deze body zonder mouwen voor kinderen is gemaakt van polyester anti-peluche, wat optimale comfort en goede weerstand tegen slijtage biedt. Het is ideaal voor buitenactiviteiten of als extra laag bij koud weer. De ontwerp zonder mouwen zorgt voor veel beweegruimte. Dit kledingstuk is gemakkelijk te onderhouden en behoudt zijn oorspronkelijke uiterlijk na meerdere gebruiken.\n\n- Samenstelling: 100 % polyester anti-peluche\n- Snit: Klassiek","es":"Esta chaqueta sin mangas para ni\u00f1o est\u00e1 dise\u00f1ada en poli\u00e9ster anti-pelusa, ofreciendo un confort \u00f3ptimo y una buena resistencia al desgaste. Es ideal para actividades al aire libre o como capa adicional en tiempo fr\u00edo. Su dise\u00f1o sin mangas permite una gran libertad de movimiento. Esta prenda es f\u00e1cil de mantener y conserva su aspecto original despu\u00e9s de varios usos.\n\n- Composici\u00f3n: 100 % poli\u00e9ster anti-pelusa\n- Corte: Cl\u00e1sico","it":"Questa felpa senza maniche per bambino \u00e8 realizzata in poliestere antipelo, offrendo un comfort ottimale e una buona resistenza all'usura. \u00c8 ideale per le attivit\u00e0 all'aperto o come strato aggiuntivo in tempo fresco. La sua concezione senza maniche permette una grande libert\u00e0 di movimento. Questo indumento \u00e8 facile da mantenere e conserva il suo aspetto originale dopo pi\u00f9 usi.\n\n- Composizione: 100 % poliestere antipelo\n- Taglia: Classica","sv":"Denna barn utan \u00e4rmar \u00e4r gjord av anti-pelus polyester, vilket ger optimal komfort och god slitstyrka. Den \u00e4r idealisk f\u00f6r utomhusaktiviteter eller som extra lager vid svalare v\u00e4der. Dess \u00e4rmfria design ger stor r\u00f6relsefrihet. Denna kl\u00e4dsel \u00e4r l\u00e4tt att underh\u00e5lla och beh\u00e5ller sitt ursprungliga utseende efter flera anv\u00e4ndningar.\n\n- Sammans\u00e4ttning : 100 % anti-pelus polyester\n- Klipp : Klassisk","pt":"Esta camisa polo sem mangas para crian\u00e7a \u00e9 feita de poli\u00e9ster antipelus, oferecendo conforto \u00f3timo e boa resist\u00eancia ao desgaste. \u00c9 ideal para atividades ao ar livre ou como uma camada extra em dias frios. Seu design sem mangas permite grande liberdade de movimento. Esta pe\u00e7a \u00e9 f\u00e1cil de cuidar e mant\u00e9m seu aspecto original ap\u00f3s v\u00e1rias utiliza\u00e7\u00f5es.\n\n- Composi\u00e7\u00e3o: 100% poli\u00e9ster antipelus\n- Corte: Cl\u00e1ssico","da":"Denne udend\u00f8rs barn er lavet af polyester anti-peluche, hvilket giver optimal komfort og god modstandsdygtighed over for slid. Den er ideal til udend\u00f8rs aktiviteter eller som et ekstra lag i k\u00f8ligt vejr. Dens design uden \u00e6rmer giver stor frihed i bev\u00e6gelse. Dette t\u00f8j er nemt at pleje og beholder sit oprindelige udseende efter flere brug.","pl":"Ten dres dzieci\u0119cy bez r\u0119kaw\u00f3w jest wykonany z poliesteru antypluskowego, co zapewnia optymalny komfort i dobr\u0105 odporno\u015b\u0107 na zu\u017cycie. Jest idealny do aktywno\u015bci na \u015bwie\u017cym powietrzu lub jako dodatkowa warstwa w ch\u0142odniejsze dni. Jego konstrukcja bez r\u0119kaw\u00f3w zapewnia du\u017c\u0105 swobod\u0119 ruchu. Ubranie to jest \u0142atwe w utrzymaniu i zachowuje sw\u00f3j oryginalny wygl\u0105d po wielu u\u017cyciach.\n\n- Sk\u0142ad: 100% poliester antypluskowy\n- Kr\u00f3j: Klasyczny"},"h1":{"fr":"Polaire sans manches enfant r37j","en":"Child's sleeveless fleece r37j","de":"Kinderarmw\u00e4rme ohne \u00c4rmel r37j","nl":"Kinderbody zonder mouwen r37j","es":"Chaqueta sin mangas para ni\u00f1o r37j","it":"Felpa senza maniche bambino r37j","sv":"Barn utan \u00e4rmar r37j","pt":"Camisa polo sem mangas infantil r37j","da":"Udend\u00f8rs barn r37j","pl":"Dres dzieci\u0119cy bez r\u0119kaw\u00f3w r37j"},"meta_description":{"fr":"Polaire sans manches enfant en polyester anti-peluche. Confortable et pratique pour les activit\u00e9s quotidiennes. Disponible en plusieurs tailles.","en":"Child's sleeveless fleece in anti-pilling polyester. Comfortable and practical for daily activities. Available in several sizes.","de":"Kinderarmw\u00e4rme ohne \u00c4rmel aus Polyester, antipilling. Bequem und praktisch f\u00fcr den t\u00e4glichen Gebrauch. In verschiedenen Gr\u00f6\u00dfen erh\u00e4ltlich.","nl":"Kinderbody zonder mouwen van polyester anti-peluche. Comfortabel en praktisch voor dagelijkse activiteiten. Beschikbaar in verschillende maten.","es":"Chaqueta sin mangas para ni\u00f1o en poli\u00e9ster anti-pelusa. C\u00f3moda y pr\u00e1ctica para las actividades diarias. Disponible en varias tallas.","it":"Felpa senza maniche bambino in poliestere antipelo. Confort e praticit\u00e0 per le attivit\u00e0 quotidiane. Disponibile in diverse taglie.","sv":"Barn utan \u00e4rmar av polyester anti-pelus. Bekv\u00e4m och praktisk f\u00f6r dagliga aktiviteter. Tillg\u00e4nglig i flera storlekar.","pt":"Camisa polo sem mangas infantil em poli\u00e9ster antipelus. Confort\u00e1vel e pr\u00e1tica para atividades di\u00e1rias. Dispon\u00edvel em v\u00e1rios tamanhos.","da":"Udend\u00f8rs barn i polyester anti-peluche. Komfortabel og praktisk til daglige aktiviteter. Tilg\u00e6ngelig i flere st\u00f8rrelser.","pl":"Dres dzieci\u0119cy bez r\u0119kaw\u00f3w z poliesteru antypluskowego. Wygodny i praktyczny do codziennych aktywno\u015bci. Dost\u0119pny w kilku rozmiarach."}},"custom":{"title":{"fr":"Polaire sans manches enfant RESULT r37j personnalisable","en":"Child sleeveless fleece RESULT r37j customizable","de":"\u00c4rmellose Polsterjacke f\u00fcr Kinder RESULT r37j personalisierbar","nl":"Kinder trui zonder mouwen RESULT r37j personaliseerbaar","es":"Polar sin mangas ni\u00f1o RESULT r37j personalizable","it":"Felpa senza maniche per bambini RESULT r37j personalizzabile","sv":"Barntrik\u00e5 utan \u00e4rm RESULT r37j anpassningsbar","pt":"Polar sem mangas crian\u00e7a RESULT r37j personaliz\u00e1vel","da":"B\u00f8rns Result r37j Polertrage uden \u00e6rmer personliggjort","pl":"Dzianina bez r\u0119kaw\u00f3w dla dzieci RESULT r37j do personalizacji"},"description":{"fr":"La polaire sans manches enfant est confectionn\u00e9e en 100 % polyester anti-peluche, offrant un confort thermique adapt\u00e9 aux enfants. Ce v\u00eatement sans manches est con\u00e7u pour faciliter les mouvements tout en assurant une bonne isolation. La polaire est une option pratique pour les activit\u00e9s en ext\u00e9rieur ou comme couche suppl\u00e9mentaire par temps frais. Elle est \u00e9galement adapt\u00e9e \u00e0 la personnalisation, permettant l'ajout de logos ou de motifs par broderie. \n\n- Mati\u00e8re : 100 % polyester anti-peluche\n- Adapt\u00e9 \u00e0 la personnalisation en broderie\n- Confort thermique","en":"The child sleeveless fleece is made of 100% anti-pilling polyester, providing thermal comfort suitable for children. This sleeveless garment is designed to facilitate movement while ensuring good insulation. The fleece is a practical option for outdoor activities or as an additional layer in cool weather. It is also suitable for customization, allowing the addition of logos or patterns by embroidery. \n\n- Material: 100% anti-pilling polyester\n- Suitable for embroidery customization\n- Thermal comfort","de":"Die \u00e4rmellose Polsterjacke f\u00fcr Kinder ist aus 100 % Polyester ohne Fusseln gefertigt, bietet eine thermische Behaglichkeit, die f\u00fcr Kinder geeignet ist. Dieses \u00e4rmellose Kleidungsst\u00fcck ist so konzipiert, dass es Bewegungen erleichtert und gleichzeitig eine gute Isolierung bietet. Die Polsterjacke ist eine praktische Option f\u00fcr Aktivit\u00e4ten im Freien oder als zus\u00e4tzliche Schicht bei k\u00fchlem Wetter. Sie ist auch f\u00fcr die Personalisierung geeignet, was das Hinzuf\u00fcgen von Logos oder Mustern durch Stickerei erm\u00f6glicht.  \n\n- Material: 100 % Polyester ohne Fusseln\n- Geeignet f\u00fcr die Personalisierung durch Stickerei\n- Thermischer Komfort","nl":"De trui zonder mouwen voor kinderen is gemaakt van 100 % polyester antipel, wat een thermisch comfort biedt dat geschikt is voor kinderen. Dit mouwloze kledingstuk is ontworpen om bewegingen te vergemakkelijken en tegelijkertijd een goede isolatie te bieden. De trui is een praktische optie voor buitenactiviteiten of als extra laag bij koud weer. Het is ook geschikt voor personalisatie, waardoor het toevoegen van logo's of motieven door borduren mogelijk is.\n\n- Materiaal: 100 % polyester antipel\n- Geschikt voor personalisatie door borduren\n- Thermisch comfort","es":"El polar sin mangas para ni\u00f1os est\u00e1 confeccionado en 100% poli\u00e9ster anti-pelusa, ofreciendo un confort t\u00e9rmico adecuado para los ni\u00f1os. Esta prenda sin mangas est\u00e1 dise\u00f1ada para facilitar los movimientos mientras asegura una buena aislamiento. El polar es una opci\u00f3n pr\u00e1ctica para actividades al aire libre o como capa adicional en tiempo fresco. Tambi\u00e9n est\u00e1 adaptado para la personalizaci\u00f3n, permitiendo la adici\u00f3n de logos o motivos mediante bordado.","it":"La felpa senza maniche per bambini \u00e8 realizzata in 100 % poliestere antipelucchia, offrendo un comfort termico adatto ai bambini. Questo abbigliamento senza maniche \u00e8 progettato per facilitare i movimenti garantendo al tempo stesso una buona isolazione. La felpa \u00e8 un'opzione pratica per le attivit\u00e0 all'aperto o come strato aggiuntivo in caso di clima fresco. \u00c8 anche adatta alla personalizzazione, permettendo l'aggiunta di loghi o motivi con ricamo.","sv":"Barntrik\u00e5n utan \u00e4rm f\u00f6r barn \u00e4r tillverkad av 100 % polyester anti-peluche, som erbjuder en termisk komfort som passar barn. Denna tr\u00f6ja utan \u00e4rm \u00e4r utformad f\u00f6r att underl\u00e4tta r\u00f6relser samtidigt som den s\u00e4kerst\u00e4ller en bra isolering. Barntrik\u00e5n \u00e4r ett praktiskt alternativ f\u00f6r utomhusaktiviteter eller som ett extra lager vid svalt v\u00e4der. Den \u00e4r ocks\u00e5 l\u00e4mplig f\u00f6r anpassning, vilket g\u00f6r det m\u00f6jligt att l\u00e4gga till logotyper eller m\u00f6nster genom broderi.\n\n- Material: 100 % polyester anti-peluche\n- L\u00e4mplig f\u00f6r anpassning genom broderi\n- Termisk komfort","pt":"O polar sem mangas crian\u00e7a \u00e9 confeccionado em 100% poli\u00e9ster antipelusas, oferecendo conforto t\u00e9rmico adequado para as crian\u00e7as. Esta pe\u00e7a sem mangas \u00e9 projetada para facilitar os movimentos, garantindo uma boa isolamento. O polar \u00e9 uma op\u00e7\u00e3o pr\u00e1tica para atividades ao ar livre ou como camada adicional em dias frios. Tamb\u00e9m \u00e9 adequado para personaliza\u00e7\u00e3o, permitindo a adi\u00e7\u00e3o de logotipos ou padr\u00f5es por bordado.\n\n- Material: 100% poli\u00e9ster antipelusas\n- Adequado para personaliza\u00e7\u00e3o em bordado\n- Conforto t\u00e9rmico","da":"B\u00f8rns polertrage uden \u00e6rmer er lavet af 100 % polyester anti-peluche, hvilket giver en varmekomfort egnet til b\u00f8rn. Dette \u00e6rmel\u00f8se t\u00f8j er designet til at lette bev\u00e6gelser, mens det sikrer god isolering. Polertragen er en praktisk mulighed til udend\u00f8rs aktiviteter eller som ekstra lag ved k\u00f8ligt vejr. Den er ogs\u00e5 egnet til personligg\u00f8relse, hvilket muligg\u00f8r tilf\u00f8jelse af logoer eller m\u00f8nstre ved brodering. \n\n- Materiale: 100 % polyester anti-peluche\n- Egnet til personligg\u00f8relse i brodering\n- Varmekomfort","pl":"Dzianina bez r\u0119kaw\u00f3w dla dzieci jest wykonana z 100 % poliestru anty-pilchuj\u0105cego, oferuj\u0105c komfort termiczny odpowiedni dla dzieci. Ten ubr\u00f3j bez r\u0119kaw\u00f3w jest zaprojektowany w taki spos\u00f3b, aby u\u0142atwi\u0107 ruchy, jednocze\u015bnie zapewniaj\u0105c dobry izolacj\u0119. Dzianina jest praktyczn\u0105 opcj\u0105 na aktywno\u015bci na \u015bwie\u017cym powietrzu lub jako dodatkowa warstwa w ch\u0142odne dni. Jest r\u00f3wnie\u017c przystosowana do personalizacji, co pozwala na dodanie logotyp\u00f3w lub wzor\u00f3w przez haft."},"h1":{"fr":"Polaire sans manches enfant r37j personnalisation","en":"Child sleeveless fleece r37j customization","de":"\u00c4rmellose Polsterjacke f\u00fcr Kinder r37j Personalisierung","nl":"Kinder trui zonder mouwen r37j personalisatie","es":"Polar sin mangas ni\u00f1o r37j personalizaci\u00f3n","it":"Felpa senza maniche per bambini r37j personalizzazione","sv":"Barntrik\u00e5 utan \u00e4rm r37j anpassning","pt":"Polar sem mangas crian\u00e7a r37j personaliza\u00e7\u00e3o","da":"B\u00f8rns r37j Polertrage uden \u00e6rmer personligg\u00f8relse","pl":"Dzianina bez r\u0119kaw\u00f3w dla dzieci r37j personalizacja"},"meta_description":{"fr":"Polaire sans manches enfant RESULT r37j en polyester anti-peluche. Possibilit\u00e9 de personnalisation en broderie. Confort et chaleur pour les enfants.","en":"Child sleeveless fleece RESULT r37j in anti-pilling polyester. Customization possibility in embroidery. Comfort and warmth for children.","de":"\u00c4rmellose Polsterjacke f\u00fcr Kinder RESULT r37j aus Polyester ohne Fusseln. M\u00f6glichkeit der Personalisierung durch Stickerei. Komfort und W\u00e4rme f\u00fcr Kinder.","nl":"Kinder trui zonder mouwen RESULT r37j van polyester antipel. Mogelijkheid tot personalisatie door borduren. Comfort en warmte voor kinderen.","es":"Polar sin mangas ni\u00f1o RESULT r37j en poli\u00e9ster anti-pelusa. Posibilidad de personalizaci\u00f3n en bordado. Confort y calor para los ni\u00f1os.","it":"Felpa senza maniche per bambini RESULT r37j in poliestere antipelucchia. Possibilit\u00e0 di personalizzazione con ricamo. Confort e calore per i bambini.","sv":"Barntrik\u00e5 utan \u00e4rm RESULT r37j i polyester anti-peluche. M\u00f6jlighet till anpassning genom broderi. Komfort och v\u00e4rme f\u00f6r barn.","pt":"Polar sem mangas crian\u00e7a RESULT r37j em poli\u00e9ster antipelusas. Possibilidade de personaliza\u00e7\u00e3o em bordado. Conforto e calor para as crian\u00e7as.","da":"B\u00f8rns Result r37j Polertrage uden \u00e6rmer i polyester anti-peluche. Mulighed for personligg\u00f8relse i broderi. Komfort og varme til b\u00f8rn.","pl":"Dzianina bez r\u0119kaw\u00f3w dla dzieci RESULT r37j z poliestru anty-pilchuj\u0105cego. Mo\u017cliwo\u015b\u0107 personalizacji haftem. Komfort i ciep\u0142o dla dzieci."}}},"categories":[{"id":7,"name":"Polaires","singular":"Polaire","is_feminin":false},{"id":354,"name":"Textile","singular":"Textile","is_feminin":false}],"certifications":[],"videos":{"fr":[],"en":[],"de":[],"nl":[],"es":[],"it":[],"sv":[],"pt":[],"da":[],"pl":[]},"main_images":{"miniature":"https:\/\/media.th4.com\/u0OSG_eSPWUcCNY4HpHguSQEgPrXRYZJENtbWAwsyRo\/pr:80\/aHR0cDovL21lZGlhMi5kZXNpZ25wYXJ0bmVyLmZyL2MvcC1NVC80MjUuanBn?v=1642604468","medium":"https:\/\/media.th4.com\/izG5YCFmLLo41andJ94R4EDd5bqAve_m2QUtre5sNdY\/pr:550x550greybg\/aHR0cDovL21lZGlhMi5kZXNpZ25wYXJ0bmVyLmZyL2MvcC1NVC80MjUuanBn?v=1642604468","medium_large":"https:\/\/media.th4.com\/eBe62iJejYvqng2-w085I-VKf8iDo3Mcip3ZxuvJqqg\/pr:1000x1000greybg\/aHR0cDovL21lZGlhMi5kZXNpZ25wYXJ0bmVyLmZyL2MvcC1NVC80MjUuanBn?v=1642604468","large":"https:\/\/media.th4.com\/A06MluxiD7IollQDBA5sT-rQ5VpwCv00wAg3I-DNNms\/pr:1920greybg\/aHR0cDovL21lZGlhMi5kZXNpZ25wYXJ0bmVyLmZyL2MvcC1NVC80MjUuanBn?v=1642604468","opengraph":"https:\/\/media.th4.com\/pjJa9QCGza10bsqQ4elnUC4QjQlGqf-Likj0VxILtQU\/pr:1200x630greybg\/aHR0cDovL21lZGlhMi5kZXNpZ25wYXJ0bmVyLmZyL2MvcC1NVC80MjUuanBn?v=1642604468"},"main_images_customization":{"miniature":"https:\/\/media.th4.com\/u0OSG_eSPWUcCNY4HpHguSQEgPrXRYZJENtbWAwsyRo\/pr:80\/aHR0cDovL21lZGlhMi5kZXNpZ25wYXJ0bmVyLmZyL2MvcC1NVC80MjUuanBn?v=1642604468","medium":"https:\/\/media.th4.com\/izG5YCFmLLo41andJ94R4EDd5bqAve_m2QUtre5sNdY\/pr:550x550greybg\/aHR0cDovL21lZGlhMi5kZXNpZ25wYXJ0bmVyLmZyL2MvcC1NVC80MjUuanBn?v=1642604468","medium_large":"https:\/\/media.th4.com\/eBe62iJejYvqng2-w085I-VKf8iDo3Mcip3ZxuvJqqg\/pr:1000x1000greybg\/aHR0cDovL21lZGlhMi5kZXNpZ25wYXJ0bmVyLmZyL2MvcC1NVC80MjUuanBn?v=1642604468","large":"https:\/\/media.th4.com\/A06MluxiD7IollQDBA5sT-rQ5VpwCv00wAg3I-DNNms\/pr:1920greybg\/aHR0cDovL21lZGlhMi5kZXNpZ25wYXJ0bmVyLmZyL2MvcC1NVC80MjUuanBn?v=1642604468","opengraph":"https:\/\/media.th4.com\/pjJa9QCGza10bsqQ4elnUC4QjQlGqf-Likj0VxILtQU\/pr:1200x630greybg\/aHR0cDovL21lZGlhMi5kZXNpZ25wYXJ0bmVyLmZyL2MvcC1NVC80MjUuanBn?v=1642604468"},"page_links":{"fr":"\/fr\/p-re-r037j-y-polaire-sans-manches-enfant-r37j-425\/","en":"\/en\/p-re-r037j-y-childs-sleeveless-fleece-r37j-425\/","de":"\/de\/p-re-r037j-y-kinderarmwarme-ohne-armel-r37j-425\/","nl":"\/nl\/p-re-r037j-y-kinderbody-zonder-mouwen-r37j-425\/","es":"\/es\/p-re-r037j-y-chaqueta-sin-mangas-para-nino-r37j-425\/","it":"\/it\/p-re-r037j-y-felpa-senza-maniche-bambino-r37j-425\/","sv":"\/sv\/p-re-r037j-y-barn-utan-armar-r37j-425\/","pt":"\/pt\/p-re-r037j-y-camisa-polo-sem-mangas-infantil-r37j-425\/","da":"\/da\/p-re-r037j-y-udendors-barn-r37j-425\/","pl":"\/pl\/p-re-r037j-y-dres-dzieciecy-bez-rekawow-r37j-425\/"},"page_links_customization":{"fr":"\/fr\/p-re-r037j-y-polaire-sans-manches-enfant-r37j-personnalisation-425\/custom\/","en":"\/en\/p-re-r037j-y-child-sleeveless-fleece-r37j-customization-425\/custom\/","de":"\/de\/p-re-r037j-y-armellose-polsterjacke-fur-kinder-r37j-personalisierung-425\/custom\/","nl":"\/nl\/p-re-r037j-y-kinder-trui-zonder-mouwen-r37j-personalisatie-425\/custom\/","es":"\/es\/p-re-r037j-y-polar-sin-mangas-nino-r37j-personalizacion-425\/custom\/","it":"\/it\/p-re-r037j-y-felpa-senza-maniche-per-bambini-r37j-personalizzazione-425\/custom\/","sv":"\/sv\/p-re-r037j-y-barntrika-utan-arm-r37j-anpassning-425\/custom\/","pt":"\/pt\/p-re-r037j-y-polar-sem-mangas-crianca-r37j-personalizacao-425\/custom\/","da":"\/da\/p-re-r037j-y-borns-r37j-polertrage-uden-aermer-personliggorelse-425\/custom\/","pl":"\/pl\/p-re-r037j-y-dzianina-bez-rekawow-dla-dzieci-r37j-personalizacja-425\/custom\/"},"equivalent_products":[1660],"colors":[{"id":327,"name":"marine","class_ids":[2],"codes_hexa":["000033"],"delai_24":false,"has_3d":false,"seuil_global":0,"stock_local":0,"stock_global":400,"on_standby":false,"in_catalog":true,"images":{"miniature":["https:\/\/media.th4.com\/k48OSvp2mpAaCAL4Xacv7wTFZd_BESzWCBFE5F0JaRY\/pr:80\/aHR0cDovL21lZGlhMi5kZXNpZ25wYXJ0bmVyLmZyL2MvcC80MjUvNDI1LTMyNy0xLmpwZw?v=1610028088"],"medium":["https:\/\/media.th4.com\/fptwJ-5-yf-jRTeMq6Hzo65LOw3I1aFHJwpvIZWi9UE\/pr:550x550\/aHR0cDovL21lZGlhMi5kZXNpZ25wYXJ0bmVyLmZyL2MvcC80MjUvNDI1LTMyNy0xLmpwZw?v=1610028088"],"medium_large":["https:\/\/media.th4.com\/BCVpHzKN53lKsf7nuTmTyqV9UNrTkfBrvGJ8AKNFZbE\/pr:1000x1000\/aHR0cDovL21lZGlhMi5kZXNpZ25wYXJ0bmVyLmZyL2MvcC80MjUvNDI1LTMyNy0xLmpwZw?v=1610028088"],"large":["https:\/\/media.th4.com\/yDoMC9W7HTecUsqOJH2fQn4BvBLEkPKcGIq56tygEH8\/pr:1920\/aHR0cDovL21lZGlhMi5kZXNpZ25wYXJ0bmVyLmZyL2MvcC80MjUvNDI1LTMyNy0xLmpwZw?v=1610028088"],"opengraph":["https:\/\/media.th4.com\/tCPOGK2kXrDAAlyokITWofXQS1EgkMC-t8zEiPJ1fR4\/pr:1200x630\/aHR0cDovL21lZGlhMi5kZXNpZ25wYXJ0bmVyLmZyL2MvcC80MjUvNDI1LTMyNy0xLmpwZw?v=1610028088"]},"images_customization":{"miniature":["https:\/\/media.th4.com\/k48OSvp2mpAaCAL4Xacv7wTFZd_BESzWCBFE5F0JaRY\/pr:80\/aHR0cDovL21lZGlhMi5kZXNpZ25wYXJ0bmVyLmZyL2MvcC80MjUvNDI1LTMyNy0xLmpwZw?v=1610028088"],"medium":["https:\/\/media.th4.com\/fptwJ-5-yf-jRTeMq6Hzo65LOw3I1aFHJwpvIZWi9UE\/pr:550x550\/aHR0cDovL21lZGlhMi5kZXNpZ25wYXJ0bmVyLmZyL2MvcC80MjUvNDI1LTMyNy0xLmpwZw?v=1610028088"],"medium_large":["https:\/\/media.th4.com\/BCVpHzKN53lKsf7nuTmTyqV9UNrTkfBrvGJ8AKNFZbE\/pr:1000x1000\/aHR0cDovL21lZGlhMi5kZXNpZ25wYXJ0bmVyLmZyL2MvcC80MjUvNDI1LTMyNy0xLmpwZw?v=1610028088"],"large":["https:\/\/media.th4.com\/yDoMC9W7HTecUsqOJH2fQn4BvBLEkPKcGIq56tygEH8\/pr:1920\/aHR0cDovL21lZGlhMi5kZXNpZ25wYXJ0bmVyLmZyL2MvcC80MjUvNDI1LTMyNy0xLmpwZw?v=1610028088"],"opengraph":["https:\/\/media.th4.com\/tCPOGK2kXrDAAlyokITWofXQS1EgkMC-t8zEiPJ1fR4\/pr:1200x630\/aHR0cDovL21lZGlhMi5kZXNpZ25wYXJ0bmVyLmZyL2MvcC80MjUvNDI1LTMyNy0xLmpwZw?v=1610028088"]},"country_origin":"IN","traceability":{"manufacturing_country_id":null,"weaving_country_id":null,"dyeing_country_id":null},"sizes":[{"id":20,"article_id":29424,"class_id":13,"name":"3\/4ans","on_standby":false,"stock_local":0,"stock_global":38,"multiple":1,"estimated_date_reassort":null,"is_destocking":false},{"id":532,"article_id":29350,"class_id":15,"name":"7\/8ans","on_standby":false,"stock_local":0,"stock_global":52,"multiple":1,"estimated_date_reassort":null,"is_destocking":false},{"id":1399,"article_id":29393,"class_id":14,"name":"4\/6ans","on_standby":false,"stock_local":0,"stock_global":74,"multiple":1,"estimated_date_reassort":null,"is_destocking":false},{"id":1397,"article_id":29315,"class_id":16,"name":"8\/10ans","on_standby":false,"stock_local":0,"stock_global":108,"multiple":1,"estimated_date_reassort":null,"is_destocking":false},{"id":1398,"article_id":29274,"class_id":17,"name":"10\/12ans","on_standby":false,"stock_local":0,"stock_global":64,"multiple":1,"estimated_date_reassort":null,"is_destocking":false},{"id":33,"article_id":234387,"class_id":17,"name":"12\/14ans","on_standby":false,"stock_local":0,"stock_global":64,"multiple":1,"estimated_date_reassort":null,"is_destocking":false}],"page_links":{"fr":"\/fr\/p-re-r037j-y-polaire-sans-manches-enfant-r37j-425\/marine-327\/","en":"\/en\/p-re-r037j-y-childs-sleeveless-fleece-r37j-425\/marine-327\/","de":"\/de\/p-re-r037j-y-kinderarmwarme-ohne-armel-r37j-425\/marine-327\/","nl":"\/nl\/p-re-r037j-y-kinderbody-zonder-mouwen-r37j-425\/marine-327\/","es":"\/es\/p-re-r037j-y-chaqueta-sin-mangas-para-nino-r37j-425\/marine-327\/","it":"\/it\/p-re-r037j-y-felpa-senza-maniche-bambino-r37j-425\/marine-327\/","sv":"\/sv\/p-re-r037j-y-barn-utan-armar-r37j-425\/marine-327\/","pt":"\/pt\/p-re-r037j-y-camisa-polo-sem-mangas-infantil-r37j-425\/marine-327\/","da":"\/da\/p-re-r037j-y-udendors-barn-r37j-425\/marine-327\/","pl":"\/pl\/p-re-r037j-y-dres-dzieciecy-bez-rekawow-r37j-425\/marine-327\/"},"page_links_customization":{"fr":"\/fr\/p-re-r037j-y-polaire-sans-manches-enfant-r37j-personnalisation-425\/marine-327\/custom\/","en":"\/en\/p-re-r037j-y-child-sleeveless-fleece-r37j-customization-425\/marine-327\/custom\/","de":"\/de\/p-re-r037j-y-armellose-polsterjacke-fur-kinder-r37j-personalisierung-425\/marine-327\/custom\/","nl":"\/nl\/p-re-r037j-y-kinder-trui-zonder-mouwen-r37j-personalisatie-425\/marine-327\/custom\/","es":"\/es\/p-re-r037j-y-polar-sin-mangas-nino-r37j-personalizacion-425\/marine-327\/custom\/","it":"\/it\/p-re-r037j-y-felpa-senza-maniche-per-bambini-r37j-personalizzazione-425\/marine-327\/custom\/","sv":"\/sv\/p-re-r037j-y-barntrika-utan-arm-r37j-anpassning-425\/marine-327\/custom\/","pt":"\/pt\/p-re-r037j-y-polar-sem-mangas-crianca-r37j-personalizacao-425\/marine-327\/custom\/","da":"\/da\/p-re-r037j-y-borns-r37j-polertrage-uden-aermer-personliggorelse-425\/marine-327\/custom\/","pl":"\/pl\/p-re-r037j-y-dzianina-bez-rekawow-dla-dzieci-r37j-personalizacja-425\/marine-327\/custom\/"}},{"id":335,"name":"rouge","class_ids":[6],"codes_hexa":["FF3300"],"delai_24":false,"has_3d":false,"seuil_global":0,"stock_local":0,"stock_global":126,"on_standby":false,"in_catalog":true,"images":{"miniature":["https:\/\/media.th4.com\/c6vQ8cwmRLuLdFOOouSxGuAL2OzaBNWxYc7Cr1IKUxk\/pr:80\/aHR0cDovL21lZGlhMi5kZXNpZ25wYXJ0bmVyLmZyL2MvcC80MjUvNDI1LTMzNS0xLmpwZw?v=1610028087"],"medium":["https:\/\/media.th4.com\/59-5PvCo-ygA6Qb9XBz9zMyY8ocuEnJsFf8w-X4U2g8\/pr:550x550\/aHR0cDovL21lZGlhMi5kZXNpZ25wYXJ0bmVyLmZyL2MvcC80MjUvNDI1LTMzNS0xLmpwZw?v=1610028087"],"medium_large":["https:\/\/media.th4.com\/C0KaRN3WmNmvCFc2pi-boe30jirTxHj8Dh1dD_nYNJI\/pr:1000x1000\/aHR0cDovL21lZGlhMi5kZXNpZ25wYXJ0bmVyLmZyL2MvcC80MjUvNDI1LTMzNS0xLmpwZw?v=1610028087"],"large":["https:\/\/media.th4.com\/DjqMOMVGzshyQH8SE2F8e7a8-R2bzLzKYqKa7OMzesA\/pr:1920\/aHR0cDovL21lZGlhMi5kZXNpZ25wYXJ0bmVyLmZyL2MvcC80MjUvNDI1LTMzNS0xLmpwZw?v=1610028087"],"opengraph":["https:\/\/media.th4.com\/uOvIZ2b-OevU05TCVCqJXYtpwpNb9XPtW_K87IdbHYA\/pr:1200x630\/aHR0cDovL21lZGlhMi5kZXNpZ25wYXJ0bmVyLmZyL2MvcC80MjUvNDI1LTMzNS0xLmpwZw?v=1610028087"]},"images_customization":{"miniature":["https:\/\/media.th4.com\/c6vQ8cwmRLuLdFOOouSxGuAL2OzaBNWxYc7Cr1IKUxk\/pr:80\/aHR0cDovL21lZGlhMi5kZXNpZ25wYXJ0bmVyLmZyL2MvcC80MjUvNDI1LTMzNS0xLmpwZw?v=1610028087"],"medium":["https:\/\/media.th4.com\/59-5PvCo-ygA6Qb9XBz9zMyY8ocuEnJsFf8w-X4U2g8\/pr:550x550\/aHR0cDovL21lZGlhMi5kZXNpZ25wYXJ0bmVyLmZyL2MvcC80MjUvNDI1LTMzNS0xLmpwZw?v=1610028087"],"medium_large":["https:\/\/media.th4.com\/C0KaRN3WmNmvCFc2pi-boe30jirTxHj8Dh1dD_nYNJI\/pr:1000x1000\/aHR0cDovL21lZGlhMi5kZXNpZ25wYXJ0bmVyLmZyL2MvcC80MjUvNDI1LTMzNS0xLmpwZw?v=1610028087"],"large":["https:\/\/media.th4.com\/DjqMOMVGzshyQH8SE2F8e7a8-R2bzLzKYqKa7OMzesA\/pr:1920\/aHR0cDovL21lZGlhMi5kZXNpZ25wYXJ0bmVyLmZyL2MvcC80MjUvNDI1LTMzNS0xLmpwZw?v=1610028087"],"opengraph":["https:\/\/media.th4.com\/uOvIZ2b-OevU05TCVCqJXYtpwpNb9XPtW_K87IdbHYA\/pr:1200x630\/aHR0cDovL21lZGlhMi5kZXNpZ25wYXJ0bmVyLmZyL2MvcC80MjUvNDI1LTMzNS0xLmpwZw?v=1610028087"]},"country_origin":"IN","traceability":{"manufacturing_country_id":null,"weaving_country_id":null,"dyeing_country_id":null},"sizes":[{"id":20,"article_id":29423,"class_id":13,"name":"3\/4ans","on_standby":false,"stock_local":0,"stock_global":23,"multiple":1,"estimated_date_reassort":null,"is_destocking":false},{"id":532,"article_id":29349,"class_id":15,"name":"7\/8ans","on_standby":false,"stock_local":0,"stock_global":14,"multiple":1,"estimated_date_reassort":null,"is_destocking":false},{"id":1399,"article_id":29392,"class_id":14,"name":"4\/6ans","on_standby":false,"stock_local":0,"stock_global":27,"multiple":1,"estimated_date_reassort":null,"is_destocking":false},{"id":1397,"article_id":29314,"class_id":16,"name":"8\/10ans","on_standby":false,"stock_local":0,"stock_global":21,"multiple":1,"estimated_date_reassort":null,"is_destocking":false},{"id":1398,"article_id":29273,"class_id":17,"name":"10\/12ans","on_standby":false,"stock_local":0,"stock_global":28,"multiple":1,"estimated_date_reassort":null,"is_destocking":false},{"id":33,"article_id":234378,"class_id":17,"name":"12\/14ans","on_standby":false,"stock_local":0,"stock_global":13,"multiple":1,"estimated_date_reassort":null,"is_destocking":false}],"page_links":{"fr":"\/fr\/p-re-r037j-y-polaire-sans-manches-enfant-r37j-425\/rouge-335\/","en":"\/en\/p-re-r037j-y-childs-sleeveless-fleece-r37j-425\/rouge-335\/","de":"\/de\/p-re-r037j-y-kinderarmwarme-ohne-armel-r37j-425\/rouge-335\/","nl":"\/nl\/p-re-r037j-y-kinderbody-zonder-mouwen-r37j-425\/rouge-335\/","es":"\/es\/p-re-r037j-y-chaqueta-sin-mangas-para-nino-r37j-425\/rouge-335\/","it":"\/it\/p-re-r037j-y-felpa-senza-maniche-bambino-r37j-425\/rouge-335\/","sv":"\/sv\/p-re-r037j-y-barn-utan-armar-r37j-425\/rouge-335\/","pt":"\/pt\/p-re-r037j-y-camisa-polo-sem-mangas-infantil-r37j-425\/rouge-335\/","da":"\/da\/p-re-r037j-y-udendors-barn-r37j-425\/rouge-335\/","pl":"\/pl\/p-re-r037j-y-dres-dzieciecy-bez-rekawow-r37j-425\/rouge-335\/"},"page_links_customization":{"fr":"\/fr\/p-re-r037j-y-polaire-sans-manches-enfant-r37j-personnalisation-425\/rouge-335\/custom\/","en":"\/en\/p-re-r037j-y-child-sleeveless-fleece-r37j-customization-425\/rouge-335\/custom\/","de":"\/de\/p-re-r037j-y-armellose-polsterjacke-fur-kinder-r37j-personalisierung-425\/rouge-335\/custom\/","nl":"\/nl\/p-re-r037j-y-kinder-trui-zonder-mouwen-r37j-personalisatie-425\/rouge-335\/custom\/","es":"\/es\/p-re-r037j-y-polar-sin-mangas-nino-r37j-personalizacion-425\/rouge-335\/custom\/","it":"\/it\/p-re-r037j-y-felpa-senza-maniche-per-bambini-r37j-personalizzazione-425\/rouge-335\/custom\/","sv":"\/sv\/p-re-r037j-y-barntrika-utan-arm-r37j-anpassning-425\/rouge-335\/custom\/","pt":"\/pt\/p-re-r037j-y-polar-sem-mangas-crianca-r37j-personalizacao-425\/rouge-335\/custom\/","da":"\/da\/p-re-r037j-y-borns-r37j-polertrage-uden-aermer-personliggorelse-425\/rouge-335\/custom\/","pl":"\/pl\/p-re-r037j-y-dzianina-bez-rekawow-dla-dzieci-r37j-personalizacja-425\/rouge-335\/custom\/"}},{"id":384,"name":"gris","class_ids":[3],"codes_hexa":["939aa2"],"delai_24":false,"has_3d":false,"seuil_global":0,"stock_local":0,"stock_global":0,"on_standby":true,"in_catalog":false,"images":{"miniature":null,"medium":null,"medium_large":null,"large":null,"opengraph":null},"images_customization":{"miniature":null,"medium":null,"medium_large":null,"large":null,"opengraph":null},"country_origin":"IN","traceability":{"manufacturing_country_id":null,"weaving_country_id":null,"dyeing_country_id":null},"sizes":[],"page_links":{"fr":"\/fr\/p-re-r037j-y-polaire-sans-manches-enfant-r37j-425\/gris-384\/","en":"\/en\/p-re-r037j-y-childs-sleeveless-fleece-r37j-425\/gris-384\/","de":"\/de\/p-re-r037j-y-kinderarmwarme-ohne-armel-r37j-425\/gris-384\/","nl":"\/nl\/p-re-r037j-y-kinderbody-zonder-mouwen-r37j-425\/gris-384\/","es":"\/es\/p-re-r037j-y-chaqueta-sin-mangas-para-nino-r37j-425\/gris-384\/","it":"\/it\/p-re-r037j-y-felpa-senza-maniche-bambino-r37j-425\/gris-384\/","sv":"\/sv\/p-re-r037j-y-barn-utan-armar-r37j-425\/gris-384\/","pt":"\/pt\/p-re-r037j-y-camisa-polo-sem-mangas-infantil-r37j-425\/gris-384\/","da":"\/da\/p-re-r037j-y-udendors-barn-r37j-425\/gris-384\/","pl":"\/pl\/p-re-r037j-y-dres-dzieciecy-bez-rekawow-r37j-425\/gris-384\/"},"page_links_customization":{"fr":"\/fr\/p-re-r037j-y-polaire-sans-manches-enfant-r37j-personnalisation-425\/gris-384\/custom\/","en":"\/en\/p-re-r037j-y-child-sleeveless-fleece-r37j-customization-425\/gris-384\/custom\/","de":"\/de\/p-re-r037j-y-armellose-polsterjacke-fur-kinder-r37j-personalisierung-425\/gris-384\/custom\/","nl":"\/nl\/p-re-r037j-y-kinder-trui-zonder-mouwen-r37j-personalisatie-425\/gris-384\/custom\/","es":"\/es\/p-re-r037j-y-polar-sin-mangas-nino-r37j-personalizacion-425\/gris-384\/custom\/","it":"\/it\/p-re-r037j-y-felpa-senza-maniche-per-bambini-r37j-personalizzazione-425\/gris-384\/custom\/","sv":"\/sv\/p-re-r037j-y-barntrika-utan-arm-r37j-anpassning-425\/gris-384\/custom\/","pt":"\/pt\/p-re-r037j-y-polar-sem-mangas-crianca-r37j-personalizacao-425\/gris-384\/custom\/","da":"\/da\/p-re-r037j-y-borns-r37j-polertrage-uden-aermer-personliggorelse-425\/gris-384\/custom\/","pl":"\/pl\/p-re-r037j-y-dzianina-bez-rekawow-dla-dzieci-r37j-personalizacja-425\/gris-384\/custom\/"}},{"id":1731,"name":"oxford_grey","class_ids":[3],"codes_hexa":["b5b2bd"],"delai_24":false,"has_3d":false,"seuil_global":0,"stock_local":0,"stock_global":0,"on_standby":true,"in_catalog":false,"images":{"miniature":["https:\/\/media.th4.com\/fF5bgRz2o-hT_QqF_2FhPC6e2nJBbg6lltNAQGRDBKQ\/pr:80\/aHR0cDovL21lZGlhMi5kZXNpZ25wYXJ0bmVyLmZyL2MvcC80MjUvNDI1LTE3MzEtMS5qcGc?v=1610028087"],"medium":["https:\/\/media.th4.com\/P9jfEDzZ_gCLNt_hQHYDfEn6xMGryVSyUkvBd-owViI\/pr:550x550\/aHR0cDovL21lZGlhMi5kZXNpZ25wYXJ0bmVyLmZyL2MvcC80MjUvNDI1LTE3MzEtMS5qcGc?v=1610028087"],"medium_large":["https:\/\/media.th4.com\/noj7aoSdLtVgSW-UpSogJex-02qZoQBFCAV5wjO2NlI\/pr:1000x1000\/aHR0cDovL21lZGlhMi5kZXNpZ25wYXJ0bmVyLmZyL2MvcC80MjUvNDI1LTE3MzEtMS5qcGc?v=1610028087"],"large":["https:\/\/media.th4.com\/E-UKqrlDGYSrf08hTPlsN6OMvG9QWmWJxhhyF7SFEFI\/pr:1920\/aHR0cDovL21lZGlhMi5kZXNpZ25wYXJ0bmVyLmZyL2MvcC80MjUvNDI1LTE3MzEtMS5qcGc?v=1610028087"],"opengraph":["https:\/\/media.th4.com\/KsrQrH0Ramjh1FVkc7rBfl9mdYg6NOK3Zty5LEAgXuk\/pr:1200x630\/aHR0cDovL21lZGlhMi5kZXNpZ25wYXJ0bmVyLmZyL2MvcC80MjUvNDI1LTE3MzEtMS5qcGc?v=1610028087"]},"images_customization":{"miniature":["https:\/\/media.th4.com\/fF5bgRz2o-hT_QqF_2FhPC6e2nJBbg6lltNAQGRDBKQ\/pr:80\/aHR0cDovL21lZGlhMi5kZXNpZ25wYXJ0bmVyLmZyL2MvcC80MjUvNDI1LTE3MzEtMS5qcGc?v=1610028087"],"medium":["https:\/\/media.th4.com\/P9jfEDzZ_gCLNt_hQHYDfEn6xMGryVSyUkvBd-owViI\/pr:550x550\/aHR0cDovL21lZGlhMi5kZXNpZ25wYXJ0bmVyLmZyL2MvcC80MjUvNDI1LTE3MzEtMS5qcGc?v=1610028087"],"medium_large":["https:\/\/media.th4.com\/noj7aoSdLtVgSW-UpSogJex-02qZoQBFCAV5wjO2NlI\/pr:1000x1000\/aHR0cDovL21lZGlhMi5kZXNpZ25wYXJ0bmVyLmZyL2MvcC80MjUvNDI1LTE3MzEtMS5qcGc?v=1610028087"],"large":["https:\/\/media.th4.com\/E-UKqrlDGYSrf08hTPlsN6OMvG9QWmWJxhhyF7SFEFI\/pr:1920\/aHR0cDovL21lZGlhMi5kZXNpZ25wYXJ0bmVyLmZyL2MvcC80MjUvNDI1LTE3MzEtMS5qcGc?v=1610028087"],"opengraph":["https:\/\/media.th4.com\/KsrQrH0Ramjh1FVkc7rBfl9mdYg6NOK3Zty5LEAgXuk\/pr:1200x630\/aHR0cDovL21lZGlhMi5kZXNpZ25wYXJ0bmVyLmZyL2MvcC80MjUvNDI1LTE3MzEtMS5qcGc?v=1610028087"]},"country_origin":"IN","traceability":{"manufacturing_country_id":null,"weaving_country_id":null,"dyeing_country_id":null},"sizes":[],"page_links":{"fr":"\/fr\/p-re-r037j-y-polaire-sans-manches-enfant-r37j-425\/oxford-grey-1731\/","en":"\/en\/p-re-r037j-y-childs-sleeveless-fleece-r37j-425\/oxford-grey-1731\/","de":"\/de\/p-re-r037j-y-kinderarmwarme-ohne-armel-r37j-425\/oxford-grey-1731\/","nl":"\/nl\/p-re-r037j-y-kinderbody-zonder-mouwen-r37j-425\/oxford-grey-1731\/","es":"\/es\/p-re-r037j-y-chaqueta-sin-mangas-para-nino-r37j-425\/oxford-grey-1731\/","it":"\/it\/p-re-r037j-y-felpa-senza-maniche-bambino-r37j-425\/oxford-grey-1731\/","sv":"\/sv\/p-re-r037j-y-barn-utan-armar-r37j-425\/oxford-grey-1731\/","pt":"\/pt\/p-re-r037j-y-camisa-polo-sem-mangas-infantil-r37j-425\/oxford-grey-1731\/","da":"\/da\/p-re-r037j-y-udendors-barn-r37j-425\/oxford-grey-1731\/","pl":"\/pl\/p-re-r037j-y-dres-dzieciecy-bez-rekawow-r37j-425\/oxford-grey-1731\/"},"page_links_customization":{"fr":"\/fr\/p-re-r037j-y-polaire-sans-manches-enfant-r37j-personnalisation-425\/oxford-grey-1731\/custom\/","en":"\/en\/p-re-r037j-y-child-sleeveless-fleece-r37j-customization-425\/oxford-grey-1731\/custom\/","de":"\/de\/p-re-r037j-y-armellose-polsterjacke-fur-kinder-r37j-personalisierung-425\/oxford-grey-1731\/custom\/","nl":"\/nl\/p-re-r037j-y-kinder-trui-zonder-mouwen-r37j-personalisatie-425\/oxford-grey-1731\/custom\/","es":"\/es\/p-re-r037j-y-polar-sin-mangas-nino-r37j-personalizacion-425\/oxford-grey-1731\/custom\/","it":"\/it\/p-re-r037j-y-felpa-senza-maniche-per-bambini-r37j-personalizzazione-425\/oxford-grey-1731\/custom\/","sv":"\/sv\/p-re-r037j-y-barntrika-utan-arm-r37j-anpassning-425\/oxford-grey-1731\/custom\/","pt":"\/pt\/p-re-r037j-y-polar-sem-mangas-crianca-r37j-personalizacao-425\/oxford-grey-1731\/custom\/","da":"\/da\/p-re-r037j-y-borns-r37j-polertrage-uden-aermer-personliggorelse-425\/oxford-grey-1731\/custom\/","pl":"\/pl\/p-re-r037j-y-dzianina-bez-rekawow-dla-dzieci-r37j-personalizacja-425\/oxford-grey-1731\/custom\/"}}],"documentation_link":null,"countries_availables":["AD","AE","AL","AT","BA","BD","BE","BG","BL","CA","CH","CN","CO","CY","CZ","DE","DK","DO","EE","EG","ES","ET","FI","FR","GB","GE","GF","GP","GR","GT","HK","HN","HR","HT","HU","ID","IE","IN","IS","IT","JO","JP","KE","KH","KP","KR","LA","LK","LS","LT","LU","LV","MA","MF","MG","MK","MM","MN","MQ","MT","MX","MY","NC","NI","NL","PF","PH","PK","PL","PM","PT","RE","RO","SE","SG","SI","SK","SV","SY","TH","TN","TR","TW","TZ","US","VN","WF","YT"]},"infos_customization":[],"features":{"authorize_multi_surfaces":true,"display_order_delay_type":true,"promote_surface_display":true,"tarification_franco_offert":true,"enabled_3d_editor":false},"markings":[{"id":0,"nom":"vierge","finition":null,"libelle":null,"code":null,"dpi":null,"finesse_forme_isolee":null,"finesse_forme_non_isolee":null,"hauteur_minimale_texte":null,"inactif":0,"marquage_interne":1,"quantite_min":null,"parent_id":null,"print_on_support":0,"content":"vierge","description":null},{"id":2,"nom":"fonce","finition":"optimale","libelle":"TopQuadri","code":null,"dpi":400,"finesse_forme_isolee":"0.040","finesse_forme_non_isolee":"0.700","hauteur_minimale_texte":2,"inactif":0,"marquage_interne":1,"quantite_min":null,"parent_id":18,"print_on_support":0,"content":"TopQuadri","description":"pour petites et moyennes s\u00e9ries"},{"id":3,"nom":"serigraphie","finition":"serigraphie","libelle":"SeriCoat","code":null,"dpi":400,"finesse_forme_isolee":"0.040","finesse_forme_non_isolee":"0.700","hauteur_minimale_texte":2,"inactif":0,"marquage_interne":1,"quantite_min":15,"parent_id":18,"print_on_support":0,"content":"SeriCoat","description":"pour moyennes et grandes s\u00e9ries"},{"id":4,"nom":"broderie","finition":"broderie","libelle":"Broderie","code":null,"dpi":400,"finesse_forme_isolee":"0.040","finesse_forme_non_isolee":"0.700","hauteur_minimale_texte":3,"inactif":0,"marquage_interne":1,"quantite_min":null,"parent_id":null,"print_on_support":0,"content":"Broderie","description":null},{"id":8,"nom":"theme","finition":null,"libelle":"Th\u00e8me","code":null,"dpi":null,"finesse_forme_isolee":null,"finesse_forme_non_isolee":null,"hauteur_minimale_texte":null,"inactif":0,"marquage_interne":1,"quantite_min":null,"parent_id":null,"print_on_support":0,"content":"Th\u00e8me","description":null},{"id":9,"nom":"sans","finition":null,"libelle":null,"code":null,"dpi":null,"finesse_forme_isolee":null,"finesse_forme_non_isolee":null,"hauteur_minimale_texte":null,"inactif":0,"marquage_interne":1,"quantite_min":null,"parent_id":null,"print_on_support":0,"content":"sans","description":null},{"id":10,"nom":"photo","finition":null,"libelle":"Photo","code":null,"dpi":null,"finesse_forme_isolee":null,"finesse_forme_non_isolee":null,"hauteur_minimale_texte":null,"inactif":0,"marquage_interne":1,"quantite_min":null,"parent_id":null,"print_on_support":0,"content":"Photo","description":null},{"id":14,"nom":"couleur","finition":null,"libelle":"Couleur","code":null,"dpi":null,"finesse_forme_isolee":null,"finesse_forme_non_isolee":null,"hauteur_minimale_texte":null,"inactif":0,"marquage_interne":1,"quantite_min":null,"parent_id":null,"print_on_support":0,"content":"Couleur","description":null},{"id":15,"nom":"sublimation","finition":"sublimation","libelle":"Sublimation","code":null,"dpi":null,"finesse_forme_isolee":"0.000","finesse_forme_non_isolee":"0.000","hauteur_minimale_texte":2,"inactif":0,"marquage_interne":1,"quantite_min":null,"parent_id":null,"print_on_support":0,"content":"Sublimation","description":null},{"id":16,"nom":"topquadri_uv","finition":null,"libelle":"TopQuadri UV","code":null,"dpi":null,"finesse_forme_isolee":"0.020","finesse_forme_non_isolee":"0.700","hauteur_minimale_texte":2,"inactif":0,"marquage_interne":1,"quantite_min":null,"parent_id":null,"print_on_support":1,"content":null,"description":null},{"id":17,"nom":"topquadri_uvp","finition":null,"libelle":"TopQuadri UVP","code":null,"dpi":null,"finesse_forme_isolee":"0.020","finesse_forme_non_isolee":"0.700","hauteur_minimale_texte":2,"inactif":0,"marquage_interne":1,"quantite_min":null,"parent_id":null,"print_on_support":1,"content":null,"description":null},{"id":18,"nom":"quadri","finition":null,"libelle":"Impression","code":null,"dpi":null,"finesse_forme_isolee":null,"finesse_forme_non_isolee":null,"hauteur_minimale_texte":null,"inactif":0,"marquage_interne":1,"quantite_min":null,"parent_id":null,"print_on_support":0,"content":null,"description":null}]}}