{"data":{"product":{"id":413,"titre":"Activity softshell jacket","description":"Une veste softshell extensible \u00e0 coupe active qui vous prot\u00e8ge du vent et de la pluie tout en vous gardant au chaud. Les caract\u00e9ristiques sportives comprennent des poignets extensibles internes avec ouverture pour le pouce, des a\u00e9rations zipp\u00e9es sous les bras et une fermeture zipp\u00e9e frontale YKK avec rabat de protection int\u00e9rieur. Meilleure imperm\u00e9abilit\u00e9 \u00e0 l'eau. Respirant. Coupe-vent. Ventilations zipp\u00e9es sous les bras avec doublure en maille filet. L'int\u00e9rieur en micropolaire permet d'avoir bien chaud. Fermeture zipp\u00e9e YKK \u00e0 l'avant avec tirette. 2 grandes poches lat\u00e9rales zipp\u00e9es. Empi\u00e8cement avant et dos d\u00e9coratif. Poignet int\u00e9rieur extensible avec ouverture pour le pouce. Panneau plus long dans le dos, tr\u00e8s mode. Ourlet r\u00e9glable par cordon de serrage. Rabat de protection int\u00e9rieur. Poche int\u00e9rieure. Patte de suspension. Composition : couche ext\u00e9rieure 93 % polyester, 7 % \u00e9lasthanne ; couche interm\u00e9diaire en membrane TPU imperm\u00e9able 8000mm, 1000g respirante et coupe-vent ; couche int\u00e9rieure 100 % polyester micropolaire.","genre":"mixte","grammage":320,"conditionnement":10,"composition":"polyester,elasthanne","reference":"RS120","reference_visible":"re-r120x","reference_fabricant":"R120X","ref_xor":"743384","in_catalog":true,"is_transfer":false,"is_service":false,"on_standby":false,"has_3d":false,"has_size_guide":false,"has_marking":true,"has_vierge":true,"is_cross_sellable":false,"id_picto":27,"filename_3d":null,"brand":{"id":16,"name":"Result","logo":"logo-result.png","image":"https:\/\/media.th4.com\/R4AINn4EcZGXmGADkvSPvxFxj-96N0ZW37kUw9NCIp8\/pr:brand70x70\/aHR0cDovL21lZGlhMi5kZXNpZ25wYXJ0bmVyLmZyL2MvbS9sb2dvLXJlc3VsdC5wbmc?v=1769696384"},"price_infos":{"price_from":29.86,"quantity":100,"color":{"id":2447,"name":"navy\/black"},"size":{"id":1,"name":"L"}},"price_infos_marking":{"price_from":36.22,"quantity":100,"color":{"id":2447,"name":"navy\/black"},"size":{"id":1,"name":"L"},"marking":{"id":4,"name":""},"emplacement":"avant","surface_emplacement_id":1,"surface":"coeur"},"i18n":{"blank":{"title":{"fr":"Veste de sport soft shell RESULT r120x","en":"Sports vest soft shell RESULT r120x","de":"Softshell Sportjacke RESULT r120x","nl":"Sportjacket soft shell RESULT r120x","es":"Chaqueta de deporte suave shell RESULT r120x","it":"Giacca da sport soft shell RESULT r120x","sv":"Sportjacka soft shell RESULT r120x","pt":"Jaqueta de esporte soft shell RESULT r120x","da":"Sportjakke soft shell RESULT r120x","pl":"Kurtka sportowa soft shell RESULT r120x"},"description":{"fr":"Veste de sport confectionn\u00e9e en tissu soft shell respirant \u00e0 3 couches, offrant une protection contre le vent et l'humidit\u00e9. Sa coupe pr\u00e8s du corps assure une bonne libert\u00e9 de mouvement, tandis que l'int\u00e9rieur en micro-polaire apporte une sensation de confort. Elle dispose de deux grandes poches zipp\u00e9es lat\u00e9rales et d'une poche int\u00e9rieure pour t\u00e9l\u00e9phone portable. Les moufles internes extensibles avec trou pour le pouce offrent une protection suppl\u00e9mentaire. Un cordon de serrage ajustable permet d'adapter la veste \u00e0 la morphologie de l'utilisateur. Des fentes d'a\u00e9ration \u00e0 fermeture sous les bras favorisent la ventilation. \n\n- Composition : 93% polyester \/ 7% \u00e9lasthanne\n- Technologie : Soft shell\n- Caract\u00e9ristique : Tissu 3 couches\n- Propri\u00e9t\u00e9 : Imperm\u00e9able et coupe-vent","en":"Sports vest made of breathable 3-layer soft shell fabric, providing wind and moisture protection. Its slim fit ensures good freedom of movement, while the micro-fleece interior offers a comfortable feel. It features two large side zip pockets and an inner pocket for a phone. The stretchy internal mittens with thumb holes provide additional protection. An adjustable drawstring allows the vest to be adjusted to the user's shape. Ventilation slits with zippers under the arms promote air circulation. Composition: 93% polyester \/ 7% elastane. Technology: Soft shell. Characteristic: 3-layer fabric. Property: Waterproof and windproof","de":"Sportjacke aus atmungsaktivem 3-Lagen-Softshell-Gewebe, das Schutz vor Wind und Feuchtigkeit bietet. Der eng anliegende Schnitt sorgt f\u00fcr gute Bewegungsfreiheit, w\u00e4hrend das Mikro-Polar-Futter Komfort bietet. Sie verf\u00fcgt \u00fcber zwei gro\u00dfe seitliche Rei\u00dfverschluss-Taschen und eine Innen-Tasche f\u00fcr ein Handy. Die dehnbaren Innenhandschuhe mit Daumenloch bieten zus\u00e4tzlichen Schutz. Ein verstellbarer Zugkordel passt die Jacke an die K\u00f6rperform an. Bel\u00fcftungsschlitze mit Verschluss unter den Armen f\u00f6rdern die Ventilation. \n\n- Zusammensetzung: 93% Polyester \/ 7% Elasthan\n- Technologie: Softshell\n- Merkmal: 3-Lagen-Gewebe\n- Eigenschaft: Wasserdicht und winddicht","nl":"Sportjacket gemaakt van ademende soft shell stof in drie lagen, biedt bescherming tegen wind en vocht. De streng aanliggende pasvorm zorgt voor voldoende bewegingsvrijheid, terwijl het binnenmateriaal van microfleece een gevoel van comfort biedt. Het heeft twee grote zijzakken met ritssluiting en een binnenzak voor een mobiele telefoon. De uitbreidbare interne handwarmers met gaten voor de duim bieden extra bescherming. Een aanpasbare trekkoord biedt de mogelijkheid om de jas aan te passen aan de vorm van de gebruiker. Ventilatieopeningen met sluiting onder de armen bevorderen de luchtstroom.","es":"Chaqueta de deporte confeccionada en tela suave shell respirante de 3 capas, ofreciendo protecci\u00f3n contra el viento y la humedad. Su corte ajustado asegura una buena libertad de movimiento, mientras que el interior en micro-polar aporta una sensaci\u00f3n de confort. Dispone de dos grandes bolsillos laterales con cremallera y un bolsillo interior para tel\u00e9fono m\u00f3vil. Las mitones internas el\u00e1sticas con agujero para el pulgar ofrecen una protecci\u00f3n adicional. Un cord\u00f3n de ajuste permite adaptar la chaqueta a la morfolog\u00eda del usuario. Las rendijas de ventilaci\u00f3n con cierre debajo de los brazos favorecen la ventilaci\u00f3n. \n\n- Composici\u00f3n: 93% poli\u00e9ster \/ 7% elastano\n- Tecnolog\u00eda: Suave shell\n- Caracter\u00edstica: Tela de 3 capas\n- Propiedad: Impermeable y cortavientos","it":"Giacca da sport realizzata in tessuto soft shell traspirante a tre strati, che offre protezione contro vento e umidit\u00e0. Il taglio aderente garantisce una buona libert\u00e0 di movimento, mentre l'interno in micro-polar garantisce una sensazione di comfort. Presenta due grandi tasche laterali con zip e una tasca interna per il telefono cellulare. I polsini interni estensibili con foro per il pollice offrono una protezione aggiuntiva. Un cordone di regolazione permette di adattare la giacca alla morfologia dell'utente. Le fessure di ventilazione con chiusura sotto le braccia favoriscono la ventilazione.\n\n- Composizione: 93% poliestere \/ 7% elastam\n- Tecnologia: Soft shell\n- Caratteristica: Tessuto a tre strati\n- Propriet\u00e0: Impermeabile e antivento","sv":"Sportjacka tillverkad i andningsbart 3-lagigt soft shell-tyg, som erbjuder skydd mot vind och fukt. Den smala passformen ger god r\u00f6rlighet, medan insidan av mikropol\u00e4r tillf\u00f6r komfort. Den har tv\u00e5 stora sidos\u00e4ckar med zippl\u00e5s och en inre ficka f\u00f6r mobiltelefon. De inbyggda strumporna med h\u00e5l f\u00f6r tummen ger extra skydd. Ett justerbart sn\u00f6rsystem g\u00f6r det m\u00f6jligt att anpassa jackan efter anv\u00e4ndarens kroppsform. Ventilations\u00f6ppningar under armarna fr\u00e4mjar luftcirkulationen. \n\n- Sammans\u00e4ttning: 93% polyester \/ 7% elastan\n- Teknologi: Soft shell\n- Egenskap: 3-lagigt tyg\n- Egenskap: Vattent\u00e4t och vindskyddad","pt":"Jaqueta de esporte confeccionada em tecido soft shell respir\u00e1vel de 3 camadas, oferecendo prote\u00e7\u00e3o contra o vento e a umidade. Seu corte pr\u00f3ximo do corpo garante uma boa liberdade de movimento, enquanto o forro de micro-polar oferece uma sensa\u00e7\u00e3o de conforto. Possui duas grandes bolsos com z\u00edper laterais e um bolso interno para telefone celular. As luvas internas extens\u00edveis com buraco para o polegar oferecem prote\u00e7\u00e3o adicional. Um cord\u00e3o de aperto ajust\u00e1vel permite ajustar a jaqueta \u00e0 morfologia do usu\u00e1rio. Fendas de ventila\u00e7\u00e3o com z\u00edper sob os bra\u00e7os favorecem a ventila\u00e7\u00e3o.\n\n- Composi\u00e7\u00e3o: 93% poli\u00e9ster \/ 7% elastano\n- Tecnologia: Soft shell\n- Caracter\u00edstica: Tecido de 3 camadas\n- Propriedade: Imperme\u00e1vel e corta-vento","da":"Sportjakke fremstillet af \u00e5ndbar soft shell stof i 3 lag, der tilbyder beskyttelse mod vind og fugt. Den t\u00e6tsiddende sk\u00e6ring sikrer god bev\u00e6gelighed, mens den indvendige mikropolar udg\u00f8r en behagelig f\u00f8lelse. Den har to store zippede siderlommer og en indvendig lomme til mobiltelefon. De indvendige udstrekbare h\u00e5ndskest\u00f8vler med tommelhuller tilbyder ekstra beskyttelse. En justerbar sn\u00f8rel\u00e5s tilpasner jakken til brugernes form. Ventilationsspalter med lukning under armene fremmer ventilationen. \n\n- Sammens\u00e6tning: 93% polyester \/ 7% elastan\n- Teknologi: Soft shell\n- Egenskab: T\u00e6tsiddende sk\u00e6ring\n- Egenskab: Impermeabel og vindt\u00e6t","pl":"Kurtka sportowa wykonana z oddychaj\u0105cego materia\u0142u soft shell w trzech warstwach, zapewniaj\u0105ca ochron\u0119 przed wiatrem i wilgoci\u0105. Jej kr\u00f3tkie cia\u0142o gwarantuje dobry zakres ruchu, podczas gdy wn\u0119trze z mikropolaru zapewnia komfort. Dwa du\u017ce zapi\u0119te boczne kieszenie oraz wewn\u0119trzna kiesze\u0144 na telefon. Rozszerzalne r\u0119kawiczki wewn\u0119trzne z otworem na kciuk zapewniaj\u0105 dodatkow\u0105 ochron\u0119. Regulowany sznur pozwala dopasowa\u0107 kurtk\u0119 do sylwetki u\u017cytkownika. Wytn\u0119cia wentylacyjne z zapi\u0119ciem pod pachami poprawiaj\u0105 wentylacj\u0119. \n\n- Sk\u0142ad: 93% poliestru \/ 7% elastanu\n- Technologia: Soft shell\n- Cecha: Materia\u0142 w trzech warstwach\n- W\u0142asno\u015b\u0107: Nieprzemakalna i odporna na wiatr"},"h1":{"fr":"Veste de sport soft shell r120x","en":"Sports vest soft shell r120x","de":"Softshell Sportjacke r120x","nl":"Sportjacket soft shell r120x","es":"Chaqueta de deporte suave shell r120x","it":"Giacca da sport soft shell r120x","sv":"Sportjacka soft shell r120x","pt":"Jaqueta de esporte soft shell r120x","da":"Sportjakke soft shell r120x","pl":"Kurtka sportowa soft shell r120x"},"meta_description":{"fr":"Veste de sport soft shell respirante. Coupe pr\u00e8s du corps, imperm\u00e9able et coupe-vent. Id\u00e9ale pour les activit\u00e9s sportives et de plein air.","en":"Breathable soft shell sports vest. Slim fit, waterproof and windproof. Ideal for sports activities and outdoor adventures.","de":"Atmungsaktive Softshell Sportjacke. Eng anliegender Schnitt, wasserdicht und winddicht. Ideal f\u00fcr Sportaktivit\u00e4ten und Outdoor-Abenteuer.","nl":"Ademende sportjacket soft shell. Streng aanliggende, waterdichte en winddichte snit. Ideaal voor sportactiviteiten en buitenactiviteiten.","es":"Chaqueta de deporte suave shell respirante. Corte ajustado, impermeable y cortavientos. Ideal para actividades deportivas y al aire libre.","it":"Giacca da sport soft shell traspirante. Taglio aderente, impermeabile e antivento. Ideale per attivit\u00e0 sportive e all'aperto.","sv":"Andningsbara sportjacka med soft shell. Slim passform, vattent\u00e4t och vindskyddad. Idealisk f\u00f6r sport och utomhusaktiviteter.","pt":"Jaqueta de esporte soft shell respir\u00e1vel. Corte pr\u00f3ximo do corpo, imperme\u00e1vel e corta-vento. Ideal para atividades esportivas e de ar livre.","da":"\u00c5ndbar sportjakke soft shell. T\u00e6t siddende, vandt\u00e6t og vindt\u00e6t. Ideel til sport og udend\u00f8rsaktiviteter.","pl":"Kurtka sportowa soft shell oddychaj\u0105ca. Kr\u00f3tkie cia\u0142o, nieprzemakalna i odporna na wiatr. Idealna na aktywno\u015bci sportowe i na \u015bwie\u017cym powietrzu."}},"custom":{"title":{"fr":"Veste de sport soft shell RESULT personnalisable r120x","en":"Soft shell sport jacket RESULT customizable r120x","de":"Softshell Sportjacke RESULT personalisierbar r120x","nl":"Softshell sportjas RESULT personaliseerbaar r120x","es":"Chaqueta de deporte soft shell RESULT personalizable r120x","it":"Giacca sport soft shell RESULT personalizzabile r120x","sv":"Sportjacka soft shell RESULT anpassningsbar r120x","pt":"Jaqueta de esportes soft shell RESULT personaliz\u00e1vel r120x","da":"Sportjakke soft shell RESULT personaliserbar r120x","pl":"Kurtka sportowa soft shell RESULT personalizowana r120x"},"description":{"fr":"Cette veste soft shell respirante offre un confort optimal pour vos activit\u00e9s sportives et de plein air. Confectionn\u00e9e avec un tissu l\u00e9ger \u00e0 3 couches, elle est imperm\u00e9able et coupe-vent, tout en assurant une bonne respirabilit\u00e9. L'int\u00e9rieur en micro-polaire apporte une chaleur suppl\u00e9mentaire. Sa coupe pr\u00e8s du corps avec dos rallong\u00e9 offre une libert\u00e9 de mouvement appr\u00e9ciable. Elle dispose de 2 grandes poches zipp\u00e9es lat\u00e9rales et d'une poche int\u00e9rieure pour t\u00e9l\u00e9phone portable. Les moufles internes extensibles avec trou pour le pouce ajoutent une protection suppl\u00e9mentaire. Un cordon de serrage ajustable permet d'adapter la veste \u00e0 votre morphologie. Les fentes d'a\u00e9ration \u00e0 fermeture sous les bras am\u00e9liorent la ventilation. Elle est con\u00e7ue pour permettre une personnalisation facile, notamment par broderie, pour afficher votre logo ou votre identit\u00e9 visuelle.\n\n- 93% polyester \/ 7% \u00e9lasthanne\n- Technologie Soft shell\n- Tissu l\u00e9ger 3 couches\n- Imperm\u00e9able et coupe-vent\n- Int\u00e9rieur en micro-polaire","en":"This breathable soft shell jacket offers optimal comfort for your sports and outdoor activities. Made with a light 3-layer fabric, it is waterproof and windproof, while ensuring good breathability. The micro-fleece interior provides additional warmth. Its body-hugging cut with an extended back offers appreciable freedom of movement. It features 2 large side zip pockets and an interior pocket for a phone. The extendable internal mittens with a thumb hole add extra protection. An adjustable drawstring allows you to adapt the jacket to your morphology. The ventilation slits with closures under the arms improve ventilation. It is designed to allow easy customization, including by embroidery, to display your logo or visual identity.\n\n- 93% polyester \/ 7% elastane\n- Soft shell technology\n- Light 3-layer fabric\n- Waterproof and windproof\n- Micro-fleece interior","de":"Diese atmungsaktive Softshelljacke bietet optimalen Komfort f\u00fcr Ihre sportlichen und Outdoor-Aktivit\u00e4ten. Gefertigt aus leichtem 3-Schicht-Gewebe, ist sie wasserdicht und winddicht, w\u00e4hrend sie gleichzeitig eine gute Atmungsaktivit\u00e4t gew\u00e4hrleistet. Das Innenfutter aus Mikro-Fleece sorgt f\u00fcr zus\u00e4tzliche W\u00e4rme. Der enge Schnitt mit verl\u00e4ngertem R\u00fccken bietet eine angenehme Bewegungsfreiheit. Sie verf\u00fcgt \u00fcber zwei gro\u00dfe seitliche Rei\u00dfverschluss-Taschen und eine Innentasche f\u00fcr ein Mobiltelefon. Die dehnbaren Innenhandschuhe mit Daumenschlitz bieten zus\u00e4tzlichen Schutz. Ein verstellbarer Zugkordel erm\u00f6glicht es, die Jacke an Ihre K\u00f6rperform anzupassen. Bel\u00fcftungsschlitze mit Verschluss unter den Armen verbessern die Bel\u00fcftung. Sie ist so konzipiert, dass sie eine einfache Personalisierung erm\u00f6glicht, insbesondere durch Stickerei, um Ihr Logo oder Ihre visuelle Identit\u00e4t anzuzeigen. 93% Polyester 7% Elasthan Technologie Softshell Tissu l\u00e9ger 3 couches Imperm\u00e9able et coupe-vent Int\u00e9rieur en micro-polaire","nl":"Deze ademende softshell jas biedt optimale comfort voor uw sportieve en buitenactiviteiten. Geconstrueerd uit een lichtgewicht 3-laags weefsel, het is waterdicht en winddicht, terwijl het ook goede ademendheid biedt. De binnenkant van microvlies biedt extra warmte. De lichaamsnabije pasvorm met verlengde rug biedt een waardering van beweging. Het heeft 2 grote zijzakken met rits en een binnenste zak voor mobiele telefoon. De uitbreidbare interne mouwen met een gat voor de duim bieden extra bescherming. Een aanpasbare trekkoord maakt het mogelijk om de jas aan uw lichaamsvorm aan te passen. De ventilatieopeningen met rits onder de armen verbeteren de ventilatie. Het is ontworpen voor eenvoudige personalisatie, zoals met borduurwerk, om uw logo of visuele identiteit weer te geven.\n\n- 93% polyester \/ 7% elastane\n- Softshell technologie\n- Lichtgewicht 3-laags weefsel\n- Waterdicht en winddicht\n- Binnenkant van microvlies","es":"Esta chaqueta soft shell transpirable ofrece un confort \u00f3ptimo para sus actividades deportivas y al aire libre. Confeccionada con un tejido ligero de 3 capas, es impermeable y cortavientos, asegurando una buena respirabilidad. El interior de micro polar aporta calor adicional. Su corte ajustado con espalda alargada ofrece una libertad de movimiento apreciable. Dispone de 2 grandes bolsillos con cremallera laterales y un bolsillo interior para tel\u00e9fono m\u00f3vil. Las mitones internas extensibles con agujero para el pulgar a\u00f1aden una protecci\u00f3n adicional. Un cord\u00f3n ajustable permite adaptar la chaqueta a su morfolog\u00eda. Las aberturas de ventilaci\u00f3n con cierre bajo los brazos mejoran la ventilaci\u00f3n. Est\u00e1 dise\u00f1ada para permitir una personalizaci\u00f3n f\u00e1cil, especialmente mediante bordado, para mostrar su logotipo o identidad visual.\n\n- 93% poli\u00e9ster \/ 7% elastano\n- Tecnolog\u00eda Soft shell\n- Tejido ligero 3 capas\n- Impermeable y cortavientos\n- Interior de micro polar","it":"Questa giacca soft shell traspirante offre un comfort ottimale per le tue attivit\u00e0 sportive e all'aperto. Realizzata con un tessuto leggero a 3 strati, \u00e8 impermeabile e antipioggia, garantendo una buona traspirabilit\u00e0. L'interno in micro-polar offre un calore aggiuntivo. La sua taglia aderente con schiena allungata offre una libert\u00e0 di movimento apprezzabile. Dispone di 2 grandi tasche laterali con cerniera e di una tasca interna per il telefono cellulare. I guanti interni estensibili con foro per il pollice aggiungono una protezione aggiuntiva. Un cordone di regolazione permette di adattare la giacca alla tua morfologia. Le fessure di ventilazione con chiusura sotto le braccia migliorano la ventilazione. \u00c8 progettata per permettere una personalizzazione facile, in particolare con ricamo, per mostrare il tuo logo o la tua identit\u00e0 visiva.\n\n- 93% poliestere \/ 7% elastam\n- Tecnologia Soft shell\n- Tessuto leggero 3 strati\n- Impermeabile e antipioggia","sv":"Denna andningsbara soft shell jacka erbjuder optimal komfort f\u00f6r dina sport- och utomhusaktiviteter. Tillverkad med ett l\u00e4tt 3-lagigt tyg, \u00e4r den vattent\u00e4t och vindt\u00e4t, samtidigt som den s\u00e4kerst\u00e4ller god andningsf\u00f6rm\u00e5ga. Den inre mikrofleece ger extra v\u00e4rme. Dess kroppsn\u00e4ra passform med f\u00f6rl\u00e4ngd rygg ger en uppskattad r\u00f6relsefrihet. Den har 2 stora b\u00e4ddade sidfickor och en inre ficka f\u00f6r mobiltelefon. De inre, str\u00e4ckbara handskar med h\u00e5l f\u00f6r tummen ger extra skydd. En justerbar sn\u00f6re p\u00e5 kragen g\u00f6r att jackan kan anpassas efter din kroppsform. Ventilations\u00f6ppningar med st\u00e4ngning under armarna f\u00f6rb\u00e4ttrar luftcirkulationen. Den \u00e4r utformad f\u00f6r enkel anpassning, bland annat genom broderi, f\u00f6r att visa ditt logotyp eller din visuella identitet.\n\n- 93% polyester \/ 7% elastan\n- Soft shell-teknologi\n- L\u00e4tt 3-lagigt tyg\n- Vattent\u00e4t och vindt\u00e4t\n- Inre mikrofleece","pt":"Esta jaqueta soft shell respir\u00e1vel oferece conforto \u00f3timo para suas atividades esportivas e ao ar livre. Confeccionada com um tecido leve de 3 camadas, \u00e9 imperme\u00e1vel e corta-vento, garantindo uma boa respirabilidade. O forro em micro-polar traz calor adicional. Seu corte justo com costas alongadas oferece uma liberdade de movimento apreci\u00e1vel. Possui 2 grandes bolsos z\u00edper laterais e um bolso interno para telefone celular. As luvas internas extens\u00edveis com buraco para o polegar adicionam uma prote\u00e7\u00e3o extra. Um cord\u00e3o de ajuste permite adaptar a jaqueta \u00e0 sua morfologia. As aberturas de ventila\u00e7\u00e3o com fechamento sob os bra\u00e7os melhoram a ventila\u00e7\u00e3o. \u00c9 projetada para permitir uma personaliza\u00e7\u00e3o f\u00e1cil, especialmente por bordado, para exibir seu logotipo ou identidade visual.\n\n- 93% poli\u00e9ster \/ 7% elastano\n- Tecnologia Soft shell\n- Tecido leve 3 camadas\n- Imperme\u00e1vel e corta-vento\n- Forro em micro-polar","da":"Denne \u00e5ndbare soft shell jakke tilbyder optimal komfort til dine sports- og udend\u00f8rs aktiviteter. Fremstillet af en let 3-lags stof, er den vandt\u00e6t og vindt\u00e6t, samtidig med at den sikrer god \u00e5ndbarhed. Den indvendige mikro-polar del tilf\u00f8jer ekstra varme. Den n\u00e6rliggende sk\u00e6ring med forl\u00e6nget ryg sikrer en god bev\u00e6gelsesfrihed. Den har 2 store side lommer med zip og en indre lomme til mobiltelefon. De indvendige, udvidelige handsker med huller til tommelfingeren tilf\u00f8jer ekstra beskyttelse. En justerbar sn\u00f8ring g\u00f8r det muligt at tilpasse jakken til din kropsform. V\u00e6rdib\u00e5ndene med zip under armene forbedrer ventilationen. Den er designet til at muligg\u00f8re nem personalisering, herunder ved brodering, for at vise dit logo eller dit visuelle identitet.\n\n- 93% polyester \/ 7% elastan\n- Soft shell teknologi\n- Let 3-lags stof\n- Vandt\u00e6t og vindt\u00e6t\n- Indvendig mikro-polar","pl":"Ta kurtka soft shell oddychaj\u0105ca zapewnia optymalny komfort dla Twoich aktywno\u015bci sportowych i na \u015bwie\u017cym powietrzu. Wykonana z lekkiego materia\u0142u tr\u00f3jwarstwowego, jest wodoodporna i wiatroodporna, zapewniaj\u0105c jednocze\u015bnie dobr\u0105 wentylacj\u0119. Wn\u0119trze z mikro-polaru dodaje dodatkowego ciep\u0142a. Jej dopasowana sylwetka z wyd\u0142u\u017con\u0105 plecami zapewnia przyjemn\u0105 swobod\u0119 ruchu. Dwa du\u017ce boczne kieszenie z zapi\u0119ciem b\u0142yskawicznym i kiesze\u0144 wewn\u0119trzna na telefon kom\u00f3rkowy. Wewn\u0119trzne r\u0119kawiczki elastyczne z otworem dla kciuka dodaj\u0105 dodatkow\u0105 ochron\u0119. Regulowany sznurek pozwala dostosowa\u0107 kurtk\u0119 do Twojej sylwetki. Wietrzniki z zapi\u0119ciem pod pachami poprawiaj\u0105 wentylacj\u0119. Zaprojektowana w celu \u0142atwej personalizacji, w tym przez haft, aby wy\u015bwietli\u0107 Tw\u00f3j logo lub to\u017csamo\u015b\u0107 wizualn\u0105.\n\n- 93% poliestru \/ 7% elastanu\n- Technologia Soft shell\n- Lekki materia\u0142 tr\u00f3jwarstwowy\n- Wodoodporna i wiatroodporna\n- Wn\u0119trze z mikro-polaru"},"h1":{"fr":"Veste de sport soft shell personnalisation r120x","en":"Soft shell sport jacket customization r120x","de":"Softshell Sportjacke Personalisierung r120x","nl":"Softshell sportjas personalisatie r120x","es":"Chaqueta de deporte soft shell personalizaci\u00f3n r120x","it":"Giacca sport soft shell personalizzazione r120x","sv":"Sportjacka soft shell anpassning r120x","pt":"Jaqueta de esportes soft shell personaliza\u00e7\u00e3o r120x","da":"Sportjakke soft shell personalisering r120x","pl":"Kurtka sportowa soft shell personalizacja r120x"},"meta_description":{"fr":"Veste soft shell respirante RESULT. Id\u00e9ale pour le sport et les activit\u00e9s outdoor. Possibilit\u00e9 de personnalisation en broderie.","en":"RESULT breathable soft shell jacket. Ideal for sports and outdoor activities. Possibility of customization by embroidery.","de":"Atmungsaktive Softshelljacke RESULT. Ideal f\u00fcr Sport und Outdoor-Aktivit\u00e4ten. M\u00f6glichkeit zur Personalisierung durch Stickerei.","nl":"Ademende softshell jas RESULT. Ideaal voor sport en outdoor activiteiten. Mogelijkheid tot personalisatie met borduurwerk.","es":"Chaqueta soft shell transpirable RESULT. Ideal para el deporte y las actividades al aire libre. Posibilidad de personalizaci\u00f3n en bordado.","it":"Giacca soft shell traspirante RESULT. Ideale per lo sport e le attivit\u00e0 outdoor. Possibilit\u00e0 di personalizzazione in ricamo.","sv":"Andningsbar soft shell jacka RESULT. Idealisk f\u00f6r sport och utomhusaktiviteter. M\u00f6jlighet till anpassning genom broderi.","pt":"Jaqueta soft shell respir\u00e1vel RESULT. Ideal para o esporte e atividades ao ar livre. Possibilidade de personaliza\u00e7\u00e3o em bordado.","da":"\u00c5ndbar soft shell jakke RESULT. Ideel til sport og udend\u00f8rs aktiviteter. Mulighed for personalisering ved brodering.","pl":"Kurtka soft shell oddychaj\u0105ca RESULT. Idealna do sportu i aktywno\u015bci na \u015bwie\u017cym powietrzu. Mo\u017cliwo\u015b\u0107 personalizacji poprzez haft."}}},"categories":[{"id":328,"name":"Softshells","singular":"Softshell","is_feminin":false},{"id":560,"name":"Sports et Loisirs","singular":"Sport et Loisir","is_feminin":false},{"id":13,"name":"Vestes et manteaux","singular":"Veste et manteau","is_feminin":true},{"id":559,"name":"Univers","singular":"Univers","is_feminin":false},{"id":354,"name":"Textile","singular":"Textile","is_feminin":false}],"certifications":[],"videos":{"fr":[],"en":[],"de":[],"nl":[],"es":[],"it":[],"sv":[],"pt":[],"da":[],"pl":[]},"main_images":{"miniature":"https:\/\/media.th4.com\/geCoFb96dwLzKNUgektZQVWzJa5Te-GYO2A5Zo0XpzQ\/pr:80\/aHR0cDovL21lZGlhMi5kZXNpZ25wYXJ0bmVyLmZyL2MvcC1ibGFuay1USC80MTMud2VicA?v=1769424878","medium":"https:\/\/media.th4.com\/K3UkfHlyH82uX7iJuNGOFH7ekMtnHGoEk1lbKbjbsDI\/pr:550x550greybg\/aHR0cDovL21lZGlhMi5kZXNpZ25wYXJ0bmVyLmZyL2MvcC1ibGFuay1USC80MTMud2VicA?v=1769424878","medium_large":"https:\/\/media.th4.com\/TbdrLvb1cYjJqDZ4IS4c6rD4GX4Jy84V33e414RRSDs\/pr:1000x1000greybg\/aHR0cDovL21lZGlhMi5kZXNpZ25wYXJ0bmVyLmZyL2MvcC1ibGFuay1USC80MTMud2VicA?v=1769424878","large":"https:\/\/media.th4.com\/MWzL265VCDzNiYKj-j7TP5Gi5o6ZdiLoOoaUunwRTzY\/pr:1920greybg\/aHR0cDovL21lZGlhMi5kZXNpZ25wYXJ0bmVyLmZyL2MvcC1ibGFuay1USC80MTMud2VicA?v=1769424878","opengraph":"https:\/\/media.th4.com\/9yCM6YaRxMzhmMBg-Md9D9BDE9CMyUtHWPrAcDSnypI\/pr:1200x630greybg\/aHR0cDovL21lZGlhMi5kZXNpZ25wYXJ0bmVyLmZyL2MvcC1ibGFuay1USC80MTMud2VicA?v=1769424878"},"main_images_customization":{"miniature":"https:\/\/media.th4.com\/QBtkj_PAf0az2kI7nRj5A2kKeP5bdCdfLvNPeK_wXgM\/pr:80\/aHR0cDovL21lZGlhMi5kZXNpZ25wYXJ0bmVyLmZyL2MvcC1jdXN0b20tVEgvNDEzLndlYnA?v=1769425044","medium":"https:\/\/media.th4.com\/-TE7Roc82RotdzvoYpJY8vHlPf2sYoHl5ndl9s7iA9s\/pr:550x550greybg\/aHR0cDovL21lZGlhMi5kZXNpZ25wYXJ0bmVyLmZyL2MvcC1jdXN0b20tVEgvNDEzLndlYnA?v=1769425044","medium_large":"https:\/\/media.th4.com\/P0S9JE6fCpG8c4GEOiAYctq3Lwp-NMyFLGDcNwXNvME\/pr:1000x1000greybg\/aHR0cDovL21lZGlhMi5kZXNpZ25wYXJ0bmVyLmZyL2MvcC1jdXN0b20tVEgvNDEzLndlYnA?v=1769425044","large":"https:\/\/media.th4.com\/5cRhrZFrhceyHf4rCZedVPvhQmDXvQljn5ou1tCJtkA\/pr:1920greybg\/aHR0cDovL21lZGlhMi5kZXNpZ25wYXJ0bmVyLmZyL2MvcC1jdXN0b20tVEgvNDEzLndlYnA?v=1769425044","opengraph":"https:\/\/media.th4.com\/Cmmso8vbfqoVBUner6COJejSc3Z2yMaR1FXJr1u3Yjs\/pr:1200x630greybg\/aHR0cDovL21lZGlhMi5kZXNpZ25wYXJ0bmVyLmZyL2MvcC1jdXN0b20tVEgvNDEzLndlYnA?v=1769425044"},"page_links":{"fr":"\/fr\/p-re-r120x-veste-de-sport-soft-shell-r120x-413\/","en":"\/en\/p-re-r120x-sports-vest-soft-shell-r120x-413\/","de":"\/de\/p-re-r120x-softshell-sportjacke-r120x-413\/","nl":"\/nl\/p-re-r120x-sportjacket-soft-shell-r120x-413\/","es":"\/es\/p-re-r120x-chaqueta-de-deporte-suave-shell-r120x-413\/","it":"\/it\/p-re-r120x-giacca-da-sport-soft-shell-r120x-413\/","sv":"\/sv\/p-re-r120x-sportjacka-soft-shell-r120x-413\/","pt":"\/pt\/p-re-r120x-jaqueta-de-esporte-soft-shell-r120x-413\/","da":"\/da\/p-re-r120x-sportjakke-soft-shell-r120x-413\/","pl":"\/pl\/p-re-r120x-kurtka-sportowa-soft-shell-r120x-413\/"},"page_links_customization":{"fr":"\/fr\/p-re-r120x-veste-de-sport-soft-shell-personnalisation-r120x-413\/custom\/","en":"\/en\/p-re-r120x-soft-shell-sport-jacket-customization-r120x-413\/custom\/","de":"\/de\/p-re-r120x-softshell-sportjacke-personalisierung-r120x-413\/custom\/","nl":"\/nl\/p-re-r120x-softshell-sportjas-personalisatie-r120x-413\/custom\/","es":"\/es\/p-re-r120x-chaqueta-de-deporte-soft-shell-personalizacion-r120x-413\/custom\/","it":"\/it\/p-re-r120x-giacca-sport-soft-shell-personalizzazione-r120x-413\/custom\/","sv":"\/sv\/p-re-r120x-sportjacka-soft-shell-anpassning-r120x-413\/custom\/","pt":"\/pt\/p-re-r120x-jaqueta-de-esportes-soft-shell-personalizacao-r120x-413\/custom\/","da":"\/da\/p-re-r120x-sportjakke-soft-shell-personalisering-r120x-413\/custom\/","pl":"\/pl\/p-re-r120x-kurtka-sportowa-soft-shell-personalizacja-r120x-413\/custom\/"},"equivalent_products":[],"colors":[{"id":2447,"name":"navy\/black","class_ids":[2,4],"codes_hexa":["001E57","000000"],"delai_24":false,"has_3d":false,"seuil_global":0,"stock_local":0,"stock_global":298,"on_standby":false,"in_catalog":true,"images":{"miniature":["https:\/\/media.th4.com\/E19RGBeUHdlsr8K42nlFvyld5tSNSCuVIO4DQElz-Eg\/pr:80\/aHR0cDovL21lZGlhMi5kZXNpZ25wYXJ0bmVyLmZyL2MvcC80MTMvNDEzLTI0NDctMS53ZWJw?v=1769423630"],"medium":["https:\/\/media.th4.com\/olcWU6gUbnt-iOO9qosX0Z-xgly4cKTsyhziWTNDmA0\/pr:550x550\/aHR0cDovL21lZGlhMi5kZXNpZ25wYXJ0bmVyLmZyL2MvcC80MTMvNDEzLTI0NDctMS53ZWJw?v=1769423630"],"medium_large":["https:\/\/media.th4.com\/iYrOAJzT_eXDhtRmPi12ne5LjOM9IQ7AgNbFOgbFac0\/pr:1000x1000\/aHR0cDovL21lZGlhMi5kZXNpZ25wYXJ0bmVyLmZyL2MvcC80MTMvNDEzLTI0NDctMS53ZWJw?v=1769423630"],"large":["https:\/\/media.th4.com\/l4zn__xeRmTCRj4NbHE6aOAdVGrz4lILAUrNioUBKsE\/pr:1920\/aHR0cDovL21lZGlhMi5kZXNpZ25wYXJ0bmVyLmZyL2MvcC80MTMvNDEzLTI0NDctMS53ZWJw?v=1769423630"],"opengraph":["https:\/\/media.th4.com\/0wGP9GoxpU3zPuGUiZNotVOfX7IqV0rCqaMK8yPpsPw\/pr:1200x630\/aHR0cDovL21lZGlhMi5kZXNpZ25wYXJ0bmVyLmZyL2MvcC80MTMvNDEzLTI0NDctMS53ZWJw?v=1769423630"]},"images_customization":{"miniature":["https:\/\/media.th4.com\/E19RGBeUHdlsr8K42nlFvyld5tSNSCuVIO4DQElz-Eg\/pr:80\/aHR0cDovL21lZGlhMi5kZXNpZ25wYXJ0bmVyLmZyL2MvcC80MTMvNDEzLTI0NDctMS53ZWJw?v=1769423630"],"medium":["https:\/\/media.th4.com\/olcWU6gUbnt-iOO9qosX0Z-xgly4cKTsyhziWTNDmA0\/pr:550x550\/aHR0cDovL21lZGlhMi5kZXNpZ25wYXJ0bmVyLmZyL2MvcC80MTMvNDEzLTI0NDctMS53ZWJw?v=1769423630"],"medium_large":["https:\/\/media.th4.com\/iYrOAJzT_eXDhtRmPi12ne5LjOM9IQ7AgNbFOgbFac0\/pr:1000x1000\/aHR0cDovL21lZGlhMi5kZXNpZ25wYXJ0bmVyLmZyL2MvcC80MTMvNDEzLTI0NDctMS53ZWJw?v=1769423630"],"large":["https:\/\/media.th4.com\/l4zn__xeRmTCRj4NbHE6aOAdVGrz4lILAUrNioUBKsE\/pr:1920\/aHR0cDovL21lZGlhMi5kZXNpZ25wYXJ0bmVyLmZyL2MvcC80MTMvNDEzLTI0NDctMS53ZWJw?v=1769423630"],"opengraph":["https:\/\/media.th4.com\/0wGP9GoxpU3zPuGUiZNotVOfX7IqV0rCqaMK8yPpsPw\/pr:1200x630\/aHR0cDovL21lZGlhMi5kZXNpZ25wYXJ0bmVyLmZyL2MvcC80MTMvNDEzLTI0NDctMS53ZWJw?v=1769423630"]},"country_origin":"CN","traceability":{"manufacturing_country_id":61,"weaving_country_id":61,"dyeing_country_id":61},"sizes":[{"id":3,"article_id":21103,"class_id":3,"name":"S","on_standby":false,"stock_local":0,"stock_global":47,"multiple":1,"estimated_date_reassort":null,"is_destocking":false},{"id":2,"article_id":21102,"class_id":4,"name":"M","on_standby":false,"stock_local":0,"stock_global":46,"multiple":1,"estimated_date_reassort":null,"is_destocking":false},{"id":1,"article_id":21101,"class_id":5,"name":"L","on_standby":false,"stock_local":0,"stock_global":134,"multiple":1,"estimated_date_reassort":null,"is_destocking":false},{"id":4,"article_id":21104,"class_id":6,"name":"XL","on_standby":false,"stock_local":0,"stock_global":51,"multiple":1,"estimated_date_reassort":null,"is_destocking":false},{"id":1116,"article_id":243082,"class_id":7,"name":"2XL","on_standby":false,"stock_local":0,"stock_global":20,"multiple":1,"estimated_date_reassort":null,"is_destocking":false}],"page_links":{"fr":"\/fr\/p-re-r120x-veste-de-sport-soft-shell-r120x-413\/navy-black-2447\/","en":"\/en\/p-re-r120x-sports-vest-soft-shell-r120x-413\/navy-black-2447\/","de":"\/de\/p-re-r120x-softshell-sportjacke-r120x-413\/navy-black-2447\/","nl":"\/nl\/p-re-r120x-sportjacket-soft-shell-r120x-413\/navy-black-2447\/","es":"\/es\/p-re-r120x-chaqueta-de-deporte-suave-shell-r120x-413\/navy-black-2447\/","it":"\/it\/p-re-r120x-giacca-da-sport-soft-shell-r120x-413\/navy-black-2447\/","sv":"\/sv\/p-re-r120x-sportjacka-soft-shell-r120x-413\/navy-black-2447\/","pt":"\/pt\/p-re-r120x-jaqueta-de-esporte-soft-shell-r120x-413\/navy-black-2447\/","da":"\/da\/p-re-r120x-sportjakke-soft-shell-r120x-413\/navy-black-2447\/","pl":"\/pl\/p-re-r120x-kurtka-sportowa-soft-shell-r120x-413\/navy-black-2447\/"},"page_links_customization":{"fr":"\/fr\/p-re-r120x-veste-de-sport-soft-shell-personnalisation-r120x-413\/navy-black-2447\/custom\/","en":"\/en\/p-re-r120x-soft-shell-sport-jacket-customization-r120x-413\/navy-black-2447\/custom\/","de":"\/de\/p-re-r120x-softshell-sportjacke-personalisierung-r120x-413\/navy-black-2447\/custom\/","nl":"\/nl\/p-re-r120x-softshell-sportjas-personalisatie-r120x-413\/navy-black-2447\/custom\/","es":"\/es\/p-re-r120x-chaqueta-de-deporte-soft-shell-personalizacion-r120x-413\/navy-black-2447\/custom\/","it":"\/it\/p-re-r120x-giacca-sport-soft-shell-personalizzazione-r120x-413\/navy-black-2447\/custom\/","sv":"\/sv\/p-re-r120x-sportjacka-soft-shell-anpassning-r120x-413\/navy-black-2447\/custom\/","pt":"\/pt\/p-re-r120x-jaqueta-de-esportes-soft-shell-personalizacao-r120x-413\/navy-black-2447\/custom\/","da":"\/da\/p-re-r120x-sportjakke-soft-shell-personalisering-r120x-413\/navy-black-2447\/custom\/","pl":"\/pl\/p-re-r120x-kurtka-sportowa-soft-shell-personalizacja-r120x-413\/navy-black-2447\/custom\/"}},{"id":369,"name":"red\/black","class_ids":[6,4],"codes_hexa":["dc030e","17181a"],"delai_24":false,"has_3d":false,"seuil_global":0,"stock_local":0,"stock_global":149,"on_standby":false,"in_catalog":true,"images":{"miniature":["https:\/\/media.th4.com\/XRYPNYjVWl_wLS7BKKVwbOkOgVOcww4E9JDo51u_rjk\/pr:80\/aHR0cDovL21lZGlhMi5kZXNpZ25wYXJ0bmVyLmZyL2MvcC80MTMvNDEzLTM2OS0xLndlYnA?v=1769423631","https:\/\/media.th4.com\/a9Fv0NVnUYksO1b_af9tLqimqohhOX5mKizMHqkeUok\/pr:80\/aHR0cDovL21lZGlhMi5kZXNpZ25wYXJ0bmVyLmZyL2MvcC80MTMvNDEzLTM2OS0yLndlYnA?v=1769423632"],"medium":["https:\/\/media.th4.com\/Vfe04VMoHVxoO9ShUCzjbVgQ4XtiLAJLVjATqODuwYE\/pr:550x550\/aHR0cDovL21lZGlhMi5kZXNpZ25wYXJ0bmVyLmZyL2MvcC80MTMvNDEzLTM2OS0xLndlYnA?v=1769423631","https:\/\/media.th4.com\/LPyHAD9Uti4zexgSvWswzT1TLptHloF10HG4GcJj6ks\/pr:550x550\/aHR0cDovL21lZGlhMi5kZXNpZ25wYXJ0bmVyLmZyL2MvcC80MTMvNDEzLTM2OS0yLndlYnA?v=1769423632"],"medium_large":["https:\/\/media.th4.com\/tvJ-NoTD64jmR2qMjDF3Fq9scEJmImA5qf9DcmM7G_g\/pr:1000x1000\/aHR0cDovL21lZGlhMi5kZXNpZ25wYXJ0bmVyLmZyL2MvcC80MTMvNDEzLTM2OS0xLndlYnA?v=1769423631","https:\/\/media.th4.com\/1owgre8lejC2YRu5-e5jzG0pDCT1rDReKMFPuGiTrjg\/pr:1000x1000\/aHR0cDovL21lZGlhMi5kZXNpZ25wYXJ0bmVyLmZyL2MvcC80MTMvNDEzLTM2OS0yLndlYnA?v=1769423632"],"large":["https:\/\/media.th4.com\/UMShIn3sPCOw38stlOM0APbJmgAEQQjBTLNUDgw9ir0\/pr:1920\/aHR0cDovL21lZGlhMi5kZXNpZ25wYXJ0bmVyLmZyL2MvcC80MTMvNDEzLTM2OS0xLndlYnA?v=1769423631","https:\/\/media.th4.com\/El5vuEgX4rt49ZiYpHU6-tqBkJeHssa4A-Fzxs7uwgQ\/pr:1920\/aHR0cDovL21lZGlhMi5kZXNpZ25wYXJ0bmVyLmZyL2MvcC80MTMvNDEzLTM2OS0yLndlYnA?v=1769423632"],"opengraph":["https:\/\/media.th4.com\/H3Eu4cGwuB-gKo41sHV01psIqeiO_gey2XajXqeoEcc\/pr:1200x630\/aHR0cDovL21lZGlhMi5kZXNpZ25wYXJ0bmVyLmZyL2MvcC80MTMvNDEzLTM2OS0xLndlYnA?v=1769423631","https:\/\/media.th4.com\/nCKG3ltBOgeuJZ2W4ZO4pc2wJ3tq-0KLU9LOZwqLTUc\/pr:1200x630\/aHR0cDovL21lZGlhMi5kZXNpZ25wYXJ0bmVyLmZyL2MvcC80MTMvNDEzLTM2OS0yLndlYnA?v=1769423632"]},"images_customization":{"miniature":["https:\/\/media.th4.com\/XRYPNYjVWl_wLS7BKKVwbOkOgVOcww4E9JDo51u_rjk\/pr:80\/aHR0cDovL21lZGlhMi5kZXNpZ25wYXJ0bmVyLmZyL2MvcC80MTMvNDEzLTM2OS0xLndlYnA?v=1769423631","https:\/\/media.th4.com\/a9Fv0NVnUYksO1b_af9tLqimqohhOX5mKizMHqkeUok\/pr:80\/aHR0cDovL21lZGlhMi5kZXNpZ25wYXJ0bmVyLmZyL2MvcC80MTMvNDEzLTM2OS0yLndlYnA?v=1769423632"],"medium":["https:\/\/media.th4.com\/Vfe04VMoHVxoO9ShUCzjbVgQ4XtiLAJLVjATqODuwYE\/pr:550x550\/aHR0cDovL21lZGlhMi5kZXNpZ25wYXJ0bmVyLmZyL2MvcC80MTMvNDEzLTM2OS0xLndlYnA?v=1769423631","https:\/\/media.th4.com\/LPyHAD9Uti4zexgSvWswzT1TLptHloF10HG4GcJj6ks\/pr:550x550\/aHR0cDovL21lZGlhMi5kZXNpZ25wYXJ0bmVyLmZyL2MvcC80MTMvNDEzLTM2OS0yLndlYnA?v=1769423632"],"medium_large":["https:\/\/media.th4.com\/tvJ-NoTD64jmR2qMjDF3Fq9scEJmImA5qf9DcmM7G_g\/pr:1000x1000\/aHR0cDovL21lZGlhMi5kZXNpZ25wYXJ0bmVyLmZyL2MvcC80MTMvNDEzLTM2OS0xLndlYnA?v=1769423631","https:\/\/media.th4.com\/1owgre8lejC2YRu5-e5jzG0pDCT1rDReKMFPuGiTrjg\/pr:1000x1000\/aHR0cDovL21lZGlhMi5kZXNpZ25wYXJ0bmVyLmZyL2MvcC80MTMvNDEzLTM2OS0yLndlYnA?v=1769423632"],"large":["https:\/\/media.th4.com\/UMShIn3sPCOw38stlOM0APbJmgAEQQjBTLNUDgw9ir0\/pr:1920\/aHR0cDovL21lZGlhMi5kZXNpZ25wYXJ0bmVyLmZyL2MvcC80MTMvNDEzLTM2OS0xLndlYnA?v=1769423631","https:\/\/media.th4.com\/El5vuEgX4rt49ZiYpHU6-tqBkJeHssa4A-Fzxs7uwgQ\/pr:1920\/aHR0cDovL21lZGlhMi5kZXNpZ25wYXJ0bmVyLmZyL2MvcC80MTMvNDEzLTM2OS0yLndlYnA?v=1769423632"],"opengraph":["https:\/\/media.th4.com\/H3Eu4cGwuB-gKo41sHV01psIqeiO_gey2XajXqeoEcc\/pr:1200x630\/aHR0cDovL21lZGlhMi5kZXNpZ25wYXJ0bmVyLmZyL2MvcC80MTMvNDEzLTM2OS0xLndlYnA?v=1769423631","https:\/\/media.th4.com\/nCKG3ltBOgeuJZ2W4ZO4pc2wJ3tq-0KLU9LOZwqLTUc\/pr:1200x630\/aHR0cDovL21lZGlhMi5kZXNpZ25wYXJ0bmVyLmZyL2MvcC80MTMvNDEzLTM2OS0yLndlYnA?v=1769423632"]},"country_origin":"CN","traceability":{"manufacturing_country_id":61,"weaving_country_id":61,"dyeing_country_id":61},"sizes":[{"id":3,"article_id":39263,"class_id":3,"name":"S","on_standby":false,"stock_local":0,"stock_global":25,"multiple":1,"estimated_date_reassort":null,"is_destocking":false},{"id":2,"article_id":39264,"class_id":4,"name":"M","on_standby":false,"stock_local":0,"stock_global":32,"multiple":1,"estimated_date_reassort":null,"is_destocking":false},{"id":1,"article_id":39265,"class_id":5,"name":"L","on_standby":false,"stock_local":0,"stock_global":30,"multiple":1,"estimated_date_reassort":null,"is_destocking":false},{"id":4,"article_id":39266,"class_id":6,"name":"XL","on_standby":false,"stock_local":0,"stock_global":44,"multiple":1,"estimated_date_reassort":null,"is_destocking":false},{"id":1116,"article_id":244729,"class_id":7,"name":"2XL","on_standby":false,"stock_local":0,"stock_global":18,"multiple":1,"estimated_date_reassort":null,"is_destocking":false}],"page_links":{"fr":"\/fr\/p-re-r120x-veste-de-sport-soft-shell-r120x-413\/red-black-369\/","en":"\/en\/p-re-r120x-sports-vest-soft-shell-r120x-413\/red-black-369\/","de":"\/de\/p-re-r120x-softshell-sportjacke-r120x-413\/red-black-369\/","nl":"\/nl\/p-re-r120x-sportjacket-soft-shell-r120x-413\/red-black-369\/","es":"\/es\/p-re-r120x-chaqueta-de-deporte-suave-shell-r120x-413\/red-black-369\/","it":"\/it\/p-re-r120x-giacca-da-sport-soft-shell-r120x-413\/red-black-369\/","sv":"\/sv\/p-re-r120x-sportjacka-soft-shell-r120x-413\/red-black-369\/","pt":"\/pt\/p-re-r120x-jaqueta-de-esporte-soft-shell-r120x-413\/red-black-369\/","da":"\/da\/p-re-r120x-sportjakke-soft-shell-r120x-413\/red-black-369\/","pl":"\/pl\/p-re-r120x-kurtka-sportowa-soft-shell-r120x-413\/red-black-369\/"},"page_links_customization":{"fr":"\/fr\/p-re-r120x-veste-de-sport-soft-shell-personnalisation-r120x-413\/red-black-369\/custom\/","en":"\/en\/p-re-r120x-soft-shell-sport-jacket-customization-r120x-413\/red-black-369\/custom\/","de":"\/de\/p-re-r120x-softshell-sportjacke-personalisierung-r120x-413\/red-black-369\/custom\/","nl":"\/nl\/p-re-r120x-softshell-sportjas-personalisatie-r120x-413\/red-black-369\/custom\/","es":"\/es\/p-re-r120x-chaqueta-de-deporte-soft-shell-personalizacion-r120x-413\/red-black-369\/custom\/","it":"\/it\/p-re-r120x-giacca-sport-soft-shell-personalizzazione-r120x-413\/red-black-369\/custom\/","sv":"\/sv\/p-re-r120x-sportjacka-soft-shell-anpassning-r120x-413\/red-black-369\/custom\/","pt":"\/pt\/p-re-r120x-jaqueta-de-esportes-soft-shell-personalizacao-r120x-413\/red-black-369\/custom\/","da":"\/da\/p-re-r120x-sportjakke-soft-shell-personalisering-r120x-413\/red-black-369\/custom\/","pl":"\/pl\/p-re-r120x-kurtka-sportowa-soft-shell-personalizacja-r120x-413\/red-black-369\/custom\/"}},{"id":2471,"name":"sport_yellow\/black","class_ids":[12,4],"codes_hexa":["f4e446","000000"],"delai_24":false,"has_3d":false,"seuil_global":0,"stock_local":0,"stock_global":58,"on_standby":false,"in_catalog":true,"images":{"miniature":["https:\/\/media.th4.com\/p07hk8p3gmi3mCl62Fh8_HBs-nvUTaKGiY-kKJ3zQ10\/pr:80\/aHR0cDovL21lZGlhMi5kZXNpZ25wYXJ0bmVyLmZyL2MvcC80MTMvNDEzLTI0NzEtMS53ZWJw?v=1769423632"],"medium":["https:\/\/media.th4.com\/p1OMroGBBKy8UI2NH-Gu-8aBmWF4LAuKbaD_PWvaySE\/pr:550x550\/aHR0cDovL21lZGlhMi5kZXNpZ25wYXJ0bmVyLmZyL2MvcC80MTMvNDEzLTI0NzEtMS53ZWJw?v=1769423632"],"medium_large":["https:\/\/media.th4.com\/X1SrpKyjLDzH0UX5x2T0WxwWMiAxJ5M9vZQTm-XfbcE\/pr:1000x1000\/aHR0cDovL21lZGlhMi5kZXNpZ25wYXJ0bmVyLmZyL2MvcC80MTMvNDEzLTI0NzEtMS53ZWJw?v=1769423632"],"large":["https:\/\/media.th4.com\/vBTlONn-6TwH0jxiuCdW-LsDKUnqcQDnphbOrfxsmw0\/pr:1920\/aHR0cDovL21lZGlhMi5kZXNpZ25wYXJ0bmVyLmZyL2MvcC80MTMvNDEzLTI0NzEtMS53ZWJw?v=1769423632"],"opengraph":["https:\/\/media.th4.com\/2zRXiJb3e0Te-HSWJqsvlVRJCqzPFbScdvtkvCcfHUI\/pr:1200x630\/aHR0cDovL21lZGlhMi5kZXNpZ25wYXJ0bmVyLmZyL2MvcC80MTMvNDEzLTI0NzEtMS53ZWJw?v=1769423632"]},"images_customization":{"miniature":["https:\/\/media.th4.com\/p07hk8p3gmi3mCl62Fh8_HBs-nvUTaKGiY-kKJ3zQ10\/pr:80\/aHR0cDovL21lZGlhMi5kZXNpZ25wYXJ0bmVyLmZyL2MvcC80MTMvNDEzLTI0NzEtMS53ZWJw?v=1769423632"],"medium":["https:\/\/media.th4.com\/p1OMroGBBKy8UI2NH-Gu-8aBmWF4LAuKbaD_PWvaySE\/pr:550x550\/aHR0cDovL21lZGlhMi5kZXNpZ25wYXJ0bmVyLmZyL2MvcC80MTMvNDEzLTI0NzEtMS53ZWJw?v=1769423632"],"medium_large":["https:\/\/media.th4.com\/X1SrpKyjLDzH0UX5x2T0WxwWMiAxJ5M9vZQTm-XfbcE\/pr:1000x1000\/aHR0cDovL21lZGlhMi5kZXNpZ25wYXJ0bmVyLmZyL2MvcC80MTMvNDEzLTI0NzEtMS53ZWJw?v=1769423632"],"large":["https:\/\/media.th4.com\/vBTlONn-6TwH0jxiuCdW-LsDKUnqcQDnphbOrfxsmw0\/pr:1920\/aHR0cDovL21lZGlhMi5kZXNpZ25wYXJ0bmVyLmZyL2MvcC80MTMvNDEzLTI0NzEtMS53ZWJw?v=1769423632"],"opengraph":["https:\/\/media.th4.com\/2zRXiJb3e0Te-HSWJqsvlVRJCqzPFbScdvtkvCcfHUI\/pr:1200x630\/aHR0cDovL21lZGlhMi5kZXNpZ25wYXJ0bmVyLmZyL2MvcC80MTMvNDEzLTI0NzEtMS53ZWJw?v=1769423632"]},"country_origin":"CN","traceability":{"manufacturing_country_id":61,"weaving_country_id":61,"dyeing_country_id":61},"sizes":[{"id":3,"article_id":39268,"class_id":3,"name":"S","on_standby":false,"stock_local":0,"stock_global":11,"multiple":1,"estimated_date_reassort":null,"is_destocking":false},{"id":2,"article_id":39269,"class_id":4,"name":"M","on_standby":false,"stock_local":0,"stock_global":14,"multiple":1,"estimated_date_reassort":null,"is_destocking":false},{"id":1,"article_id":39270,"class_id":5,"name":"L","on_standby":false,"stock_local":1,"stock_global":23,"multiple":1,"estimated_date_reassort":null,"is_destocking":true},{"id":1116,"article_id":244730,"class_id":7,"name":"2XL","on_standby":false,"stock_local":0,"stock_global":10,"multiple":1,"estimated_date_reassort":null,"is_destocking":false}],"page_links":{"fr":"\/fr\/p-re-r120x-veste-de-sport-soft-shell-r120x-413\/sport-yellow-black-2471\/","en":"\/en\/p-re-r120x-sports-vest-soft-shell-r120x-413\/sport-yellow-black-2471\/","de":"\/de\/p-re-r120x-softshell-sportjacke-r120x-413\/sport-yellow-black-2471\/","nl":"\/nl\/p-re-r120x-sportjacket-soft-shell-r120x-413\/sport-yellow-black-2471\/","es":"\/es\/p-re-r120x-chaqueta-de-deporte-suave-shell-r120x-413\/sport-yellow-black-2471\/","it":"\/it\/p-re-r120x-giacca-da-sport-soft-shell-r120x-413\/sport-yellow-black-2471\/","sv":"\/sv\/p-re-r120x-sportjacka-soft-shell-r120x-413\/sport-yellow-black-2471\/","pt":"\/pt\/p-re-r120x-jaqueta-de-esporte-soft-shell-r120x-413\/sport-yellow-black-2471\/","da":"\/da\/p-re-r120x-sportjakke-soft-shell-r120x-413\/sport-yellow-black-2471\/","pl":"\/pl\/p-re-r120x-kurtka-sportowa-soft-shell-r120x-413\/sport-yellow-black-2471\/"},"page_links_customization":{"fr":"\/fr\/p-re-r120x-veste-de-sport-soft-shell-personnalisation-r120x-413\/sport-yellow-black-2471\/custom\/","en":"\/en\/p-re-r120x-soft-shell-sport-jacket-customization-r120x-413\/sport-yellow-black-2471\/custom\/","de":"\/de\/p-re-r120x-softshell-sportjacke-personalisierung-r120x-413\/sport-yellow-black-2471\/custom\/","nl":"\/nl\/p-re-r120x-softshell-sportjas-personalisatie-r120x-413\/sport-yellow-black-2471\/custom\/","es":"\/es\/p-re-r120x-chaqueta-de-deporte-soft-shell-personalizacion-r120x-413\/sport-yellow-black-2471\/custom\/","it":"\/it\/p-re-r120x-giacca-sport-soft-shell-personalizzazione-r120x-413\/sport-yellow-black-2471\/custom\/","sv":"\/sv\/p-re-r120x-sportjacka-soft-shell-anpassning-r120x-413\/sport-yellow-black-2471\/custom\/","pt":"\/pt\/p-re-r120x-jaqueta-de-esportes-soft-shell-personalizacao-r120x-413\/sport-yellow-black-2471\/custom\/","da":"\/da\/p-re-r120x-sportjakke-soft-shell-personalisering-r120x-413\/sport-yellow-black-2471\/custom\/","pl":"\/pl\/p-re-r120x-kurtka-sportowa-soft-shell-personalizacja-r120x-413\/sport-yellow-black-2471\/custom\/"}},{"id":13477,"name":"vivid_green\/black","class_ids":[5,4],"codes_hexa":["7DBB50","000000"],"delai_24":false,"has_3d":false,"seuil_global":0,"stock_local":0,"stock_global":29,"on_standby":false,"in_catalog":true,"images":{"miniature":["https:\/\/media.th4.com\/PuGWqfOgEFermJsc_NAz9ysLv2kLY8aXytQu01bo52U\/pr:80\/aHR0cDovL21lZGlhMi5kZXNpZ25wYXJ0bmVyLmZyL2MvcC80MTMvNDEzLTEzNDc3LTEud2VicA?v=1769423633"],"medium":["https:\/\/media.th4.com\/16BqFqns0DDMXcDST7x8Qcucf5vZj001WXZytvLYG2w\/pr:550x550\/aHR0cDovL21lZGlhMi5kZXNpZ25wYXJ0bmVyLmZyL2MvcC80MTMvNDEzLTEzNDc3LTEud2VicA?v=1769423633"],"medium_large":["https:\/\/media.th4.com\/nIWCT-3avVAzj9NB69R_neCPfqncC-Z7ut0aKcK-6XI\/pr:1000x1000\/aHR0cDovL21lZGlhMi5kZXNpZ25wYXJ0bmVyLmZyL2MvcC80MTMvNDEzLTEzNDc3LTEud2VicA?v=1769423633"],"large":["https:\/\/media.th4.com\/e1M4Z6tKxuuP_Q7Y5e_UReLfzUMvC-J4mITqHtR7zls\/pr:1920\/aHR0cDovL21lZGlhMi5kZXNpZ25wYXJ0bmVyLmZyL2MvcC80MTMvNDEzLTEzNDc3LTEud2VicA?v=1769423633"],"opengraph":["https:\/\/media.th4.com\/4HnHBdhSyAndqxyBqZhOQ7rWlFRt95Vmo0g8soGzhmM\/pr:1200x630\/aHR0cDovL21lZGlhMi5kZXNpZ25wYXJ0bmVyLmZyL2MvcC80MTMvNDEzLTEzNDc3LTEud2VicA?v=1769423633"]},"images_customization":{"miniature":["https:\/\/media.th4.com\/PuGWqfOgEFermJsc_NAz9ysLv2kLY8aXytQu01bo52U\/pr:80\/aHR0cDovL21lZGlhMi5kZXNpZ25wYXJ0bmVyLmZyL2MvcC80MTMvNDEzLTEzNDc3LTEud2VicA?v=1769423633"],"medium":["https:\/\/media.th4.com\/16BqFqns0DDMXcDST7x8Qcucf5vZj001WXZytvLYG2w\/pr:550x550\/aHR0cDovL21lZGlhMi5kZXNpZ25wYXJ0bmVyLmZyL2MvcC80MTMvNDEzLTEzNDc3LTEud2VicA?v=1769423633"],"medium_large":["https:\/\/media.th4.com\/nIWCT-3avVAzj9NB69R_neCPfqncC-Z7ut0aKcK-6XI\/pr:1000x1000\/aHR0cDovL21lZGlhMi5kZXNpZ25wYXJ0bmVyLmZyL2MvcC80MTMvNDEzLTEzNDc3LTEud2VicA?v=1769423633"],"large":["https:\/\/media.th4.com\/e1M4Z6tKxuuP_Q7Y5e_UReLfzUMvC-J4mITqHtR7zls\/pr:1920\/aHR0cDovL21lZGlhMi5kZXNpZ25wYXJ0bmVyLmZyL2MvcC80MTMvNDEzLTEzNDc3LTEud2VicA?v=1769423633"],"opengraph":["https:\/\/media.th4.com\/4HnHBdhSyAndqxyBqZhOQ7rWlFRt95Vmo0g8soGzhmM\/pr:1200x630\/aHR0cDovL21lZGlhMi5kZXNpZ25wYXJ0bmVyLmZyL2MvcC80MTMvNDEzLTEzNDc3LTEud2VicA?v=1769423633"]},"country_origin":"CN","traceability":{"manufacturing_country_id":null,"weaving_country_id":null,"dyeing_country_id":null},"sizes":[{"id":3,"article_id":531333,"class_id":3,"name":"S","on_standby":false,"stock_local":0,"stock_global":8,"multiple":1,"estimated_date_reassort":null,"is_destocking":false},{"id":2,"article_id":531334,"class_id":4,"name":"M","on_standby":false,"stock_local":0,"stock_global":5,"multiple":1,"estimated_date_reassort":null,"is_destocking":false},{"id":1,"article_id":531335,"class_id":5,"name":"L","on_standby":false,"stock_local":0,"stock_global":12,"multiple":1,"estimated_date_reassort":null,"is_destocking":false},{"id":4,"article_id":531336,"class_id":6,"name":"XL","on_standby":false,"stock_local":0,"stock_global":2,"multiple":1,"estimated_date_reassort":null,"is_destocking":false},{"id":1116,"article_id":531337,"class_id":7,"name":"2XL","on_standby":false,"stock_local":0,"stock_global":2,"multiple":1,"estimated_date_reassort":null,"is_destocking":false}],"page_links":{"fr":"\/fr\/p-re-r120x-veste-de-sport-soft-shell-r120x-413\/vivid-green-black-13477\/","en":"\/en\/p-re-r120x-sports-vest-soft-shell-r120x-413\/vivid-green-black-13477\/","de":"\/de\/p-re-r120x-softshell-sportjacke-r120x-413\/vivid-green-black-13477\/","nl":"\/nl\/p-re-r120x-sportjacket-soft-shell-r120x-413\/vivid-green-black-13477\/","es":"\/es\/p-re-r120x-chaqueta-de-deporte-suave-shell-r120x-413\/vivid-green-black-13477\/","it":"\/it\/p-re-r120x-giacca-da-sport-soft-shell-r120x-413\/vivid-green-black-13477\/","sv":"\/sv\/p-re-r120x-sportjacka-soft-shell-r120x-413\/vivid-green-black-13477\/","pt":"\/pt\/p-re-r120x-jaqueta-de-esporte-soft-shell-r120x-413\/vivid-green-black-13477\/","da":"\/da\/p-re-r120x-sportjakke-soft-shell-r120x-413\/vivid-green-black-13477\/","pl":"\/pl\/p-re-r120x-kurtka-sportowa-soft-shell-r120x-413\/vivid-green-black-13477\/"},"page_links_customization":{"fr":"\/fr\/p-re-r120x-veste-de-sport-soft-shell-personnalisation-r120x-413\/vivid-green-black-13477\/custom\/","en":"\/en\/p-re-r120x-soft-shell-sport-jacket-customization-r120x-413\/vivid-green-black-13477\/custom\/","de":"\/de\/p-re-r120x-softshell-sportjacke-personalisierung-r120x-413\/vivid-green-black-13477\/custom\/","nl":"\/nl\/p-re-r120x-softshell-sportjas-personalisatie-r120x-413\/vivid-green-black-13477\/custom\/","es":"\/es\/p-re-r120x-chaqueta-de-deporte-soft-shell-personalizacion-r120x-413\/vivid-green-black-13477\/custom\/","it":"\/it\/p-re-r120x-giacca-sport-soft-shell-personalizzazione-r120x-413\/vivid-green-black-13477\/custom\/","sv":"\/sv\/p-re-r120x-sportjacka-soft-shell-anpassning-r120x-413\/vivid-green-black-13477\/custom\/","pt":"\/pt\/p-re-r120x-jaqueta-de-esportes-soft-shell-personalizacao-r120x-413\/vivid-green-black-13477\/custom\/","da":"\/da\/p-re-r120x-sportjakke-soft-shell-personalisering-r120x-413\/vivid-green-black-13477\/custom\/","pl":"\/pl\/p-re-r120x-kurtka-sportowa-soft-shell-personalizacja-r120x-413\/vivid-green-black-13477\/custom\/"}},{"id":389,"name":"sky\/black","class_ids":[4,4],"codes_hexa":["141e1d","000000"],"delai_24":false,"has_3d":false,"seuil_global":0,"stock_local":0,"stock_global":0,"on_standby":true,"in_catalog":false,"images":{"miniature":["https:\/\/media.th4.com\/UZnTUeVtkccQwkr9CtfUN8DmS0b1tA2bnHg9BYUYPlw\/pr:80\/aHR0cDovL21lZGlhMi5kZXNpZ25wYXJ0bmVyLmZyL2MvcC80MTMvNDEzLTM4OS0xLmpwZw?v=1610021749"],"medium":["https:\/\/media.th4.com\/4X7Pqz9LaqBs24-u9z6pEywtowuKMjeKlDV64Wk16ic\/pr:550x550\/aHR0cDovL21lZGlhMi5kZXNpZ25wYXJ0bmVyLmZyL2MvcC80MTMvNDEzLTM4OS0xLmpwZw?v=1610021749"],"medium_large":["https:\/\/media.th4.com\/tFY1ufRi5Ldi75rYZEZqRk2fgtJNWVwQ-3RYMgg4fVQ\/pr:1000x1000\/aHR0cDovL21lZGlhMi5kZXNpZ25wYXJ0bmVyLmZyL2MvcC80MTMvNDEzLTM4OS0xLmpwZw?v=1610021749"],"large":["https:\/\/media.th4.com\/D9Nd3EJMlNePJvTVstLJdxVb1ulJVaPUfYu8VRwvo6c\/pr:1920\/aHR0cDovL21lZGlhMi5kZXNpZ25wYXJ0bmVyLmZyL2MvcC80MTMvNDEzLTM4OS0xLmpwZw?v=1610021749"],"opengraph":["https:\/\/media.th4.com\/F0_8GHX5dZIMMyt50qg-RJHIiYuGi81AfwUURpFQcsU\/pr:1200x630\/aHR0cDovL21lZGlhMi5kZXNpZ25wYXJ0bmVyLmZyL2MvcC80MTMvNDEzLTM4OS0xLmpwZw?v=1610021749"]},"images_customization":{"miniature":["https:\/\/media.th4.com\/UZnTUeVtkccQwkr9CtfUN8DmS0b1tA2bnHg9BYUYPlw\/pr:80\/aHR0cDovL21lZGlhMi5kZXNpZ25wYXJ0bmVyLmZyL2MvcC80MTMvNDEzLTM4OS0xLmpwZw?v=1610021749"],"medium":["https:\/\/media.th4.com\/4X7Pqz9LaqBs24-u9z6pEywtowuKMjeKlDV64Wk16ic\/pr:550x550\/aHR0cDovL21lZGlhMi5kZXNpZ25wYXJ0bmVyLmZyL2MvcC80MTMvNDEzLTM4OS0xLmpwZw?v=1610021749"],"medium_large":["https:\/\/media.th4.com\/tFY1ufRi5Ldi75rYZEZqRk2fgtJNWVwQ-3RYMgg4fVQ\/pr:1000x1000\/aHR0cDovL21lZGlhMi5kZXNpZ25wYXJ0bmVyLmZyL2MvcC80MTMvNDEzLTM4OS0xLmpwZw?v=1610021749"],"large":["https:\/\/media.th4.com\/D9Nd3EJMlNePJvTVstLJdxVb1ulJVaPUfYu8VRwvo6c\/pr:1920\/aHR0cDovL21lZGlhMi5kZXNpZ25wYXJ0bmVyLmZyL2MvcC80MTMvNDEzLTM4OS0xLmpwZw?v=1610021749"],"opengraph":["https:\/\/media.th4.com\/F0_8GHX5dZIMMyt50qg-RJHIiYuGi81AfwUURpFQcsU\/pr:1200x630\/aHR0cDovL21lZGlhMi5kZXNpZ25wYXJ0bmVyLmZyL2MvcC80MTMvNDEzLTM4OS0xLmpwZw?v=1610021749"]},"country_origin":"CN","traceability":{"manufacturing_country_id":61,"weaving_country_id":61,"dyeing_country_id":61},"sizes":[],"page_links":{"fr":"\/fr\/p-re-r120x-veste-de-sport-soft-shell-r120x-413\/sky-black-389\/","en":"\/en\/p-re-r120x-sports-vest-soft-shell-r120x-413\/sky-black-389\/","de":"\/de\/p-re-r120x-softshell-sportjacke-r120x-413\/sky-black-389\/","nl":"\/nl\/p-re-r120x-sportjacket-soft-shell-r120x-413\/sky-black-389\/","es":"\/es\/p-re-r120x-chaqueta-de-deporte-suave-shell-r120x-413\/sky-black-389\/","it":"\/it\/p-re-r120x-giacca-da-sport-soft-shell-r120x-413\/sky-black-389\/","sv":"\/sv\/p-re-r120x-sportjacka-soft-shell-r120x-413\/sky-black-389\/","pt":"\/pt\/p-re-r120x-jaqueta-de-esporte-soft-shell-r120x-413\/sky-black-389\/","da":"\/da\/p-re-r120x-sportjakke-soft-shell-r120x-413\/sky-black-389\/","pl":"\/pl\/p-re-r120x-kurtka-sportowa-soft-shell-r120x-413\/sky-black-389\/"},"page_links_customization":{"fr":"\/fr\/p-re-r120x-veste-de-sport-soft-shell-personnalisation-r120x-413\/sky-black-389\/custom\/","en":"\/en\/p-re-r120x-soft-shell-sport-jacket-customization-r120x-413\/sky-black-389\/custom\/","de":"\/de\/p-re-r120x-softshell-sportjacke-personalisierung-r120x-413\/sky-black-389\/custom\/","nl":"\/nl\/p-re-r120x-softshell-sportjas-personalisatie-r120x-413\/sky-black-389\/custom\/","es":"\/es\/p-re-r120x-chaqueta-de-deporte-soft-shell-personalizacion-r120x-413\/sky-black-389\/custom\/","it":"\/it\/p-re-r120x-giacca-sport-soft-shell-personalizzazione-r120x-413\/sky-black-389\/custom\/","sv":"\/sv\/p-re-r120x-sportjacka-soft-shell-anpassning-r120x-413\/sky-black-389\/custom\/","pt":"\/pt\/p-re-r120x-jaqueta-de-esportes-soft-shell-personalizacao-r120x-413\/sky-black-389\/custom\/","da":"\/da\/p-re-r120x-sportjakke-soft-shell-personalisering-r120x-413\/sky-black-389\/custom\/","pl":"\/pl\/p-re-r120x-kurtka-sportowa-soft-shell-personalizacja-r120x-413\/sky-black-389\/custom\/"}}],"documentation_link":"\/pdf\/413.pdf","countries_availables":["AD","AE","AL","AT","BA","BD","BE","BG","BL","CA","CH","CN","CO","CY","CZ","DE","DK","DO","EE","EG","ES","ET","FI","FR","GB","GE","GF","GP","GR","GT","HK","HN","HR","HT","HU","ID","IE","IN","IS","IT","JO","JP","KE","KH","KP","KR","LA","LK","LS","LT","LU","LV","MA","MF","MG","MK","MM","MN","MQ","MT","MX","MY","NC","NI","NL","PF","PH","PK","PL","PM","PT","RE","RO","SE","SG","SI","SK","SV","SY","TH","TN","TR","TW","TZ","US","VN","WF","YT"]},"infos_customization":[],"features":{"authorize_multi_surfaces":true,"display_order_delay_type":true,"promote_surface_display":true,"tarification_franco_offert":true,"enabled_3d_editor":false},"markings":[{"id":0,"nom":"vierge","finition":null,"libelle":null,"code":null,"dpi":null,"finesse_forme_isolee":null,"finesse_forme_non_isolee":null,"hauteur_minimale_texte":null,"inactif":0,"marquage_interne":1,"quantite_min":null,"parent_id":null,"print_on_support":0,"content":"vierge","description":null},{"id":2,"nom":"fonce","finition":"optimale","libelle":"TopQuadri","code":null,"dpi":400,"finesse_forme_isolee":"0.040","finesse_forme_non_isolee":"0.700","hauteur_minimale_texte":2,"inactif":0,"marquage_interne":1,"quantite_min":null,"parent_id":18,"print_on_support":0,"content":"TopQuadri","description":"pour petites et moyennes s\u00e9ries"},{"id":3,"nom":"serigraphie","finition":"serigraphie","libelle":"SeriCoat","code":null,"dpi":400,"finesse_forme_isolee":"0.040","finesse_forme_non_isolee":"0.700","hauteur_minimale_texte":2,"inactif":0,"marquage_interne":1,"quantite_min":15,"parent_id":18,"print_on_support":0,"content":"SeriCoat","description":"pour moyennes et grandes s\u00e9ries"},{"id":4,"nom":"broderie","finition":"broderie","libelle":"Broderie","code":null,"dpi":400,"finesse_forme_isolee":"0.040","finesse_forme_non_isolee":"0.700","hauteur_minimale_texte":3,"inactif":0,"marquage_interne":1,"quantite_min":null,"parent_id":null,"print_on_support":0,"content":"Broderie","description":null},{"id":8,"nom":"theme","finition":null,"libelle":"Th\u00e8me","code":null,"dpi":null,"finesse_forme_isolee":null,"finesse_forme_non_isolee":null,"hauteur_minimale_texte":null,"inactif":0,"marquage_interne":1,"quantite_min":null,"parent_id":null,"print_on_support":0,"content":"Th\u00e8me","description":null},{"id":9,"nom":"sans","finition":null,"libelle":null,"code":null,"dpi":null,"finesse_forme_isolee":null,"finesse_forme_non_isolee":null,"hauteur_minimale_texte":null,"inactif":0,"marquage_interne":1,"quantite_min":null,"parent_id":null,"print_on_support":0,"content":"sans","description":null},{"id":10,"nom":"photo","finition":null,"libelle":"Photo","code":null,"dpi":null,"finesse_forme_isolee":null,"finesse_forme_non_isolee":null,"hauteur_minimale_texte":null,"inactif":0,"marquage_interne":1,"quantite_min":null,"parent_id":null,"print_on_support":0,"content":"Photo","description":null},{"id":14,"nom":"couleur","finition":null,"libelle":"Couleur","code":null,"dpi":null,"finesse_forme_isolee":null,"finesse_forme_non_isolee":null,"hauteur_minimale_texte":null,"inactif":0,"marquage_interne":1,"quantite_min":null,"parent_id":null,"print_on_support":0,"content":"Couleur","description":null},{"id":15,"nom":"sublimation","finition":"sublimation","libelle":"Sublimation","code":null,"dpi":null,"finesse_forme_isolee":"0.000","finesse_forme_non_isolee":"0.000","hauteur_minimale_texte":2,"inactif":0,"marquage_interne":1,"quantite_min":null,"parent_id":null,"print_on_support":0,"content":"Sublimation","description":null},{"id":16,"nom":"topquadri_uv","finition":null,"libelle":"TopQuadri UV","code":null,"dpi":null,"finesse_forme_isolee":"0.020","finesse_forme_non_isolee":"0.700","hauteur_minimale_texte":2,"inactif":0,"marquage_interne":1,"quantite_min":null,"parent_id":null,"print_on_support":1,"content":null,"description":null},{"id":17,"nom":"topquadri_uvp","finition":null,"libelle":"TopQuadri UVP","code":null,"dpi":null,"finesse_forme_isolee":"0.020","finesse_forme_non_isolee":"0.700","hauteur_minimale_texte":2,"inactif":0,"marquage_interne":1,"quantite_min":null,"parent_id":null,"print_on_support":1,"content":null,"description":null},{"id":18,"nom":"quadri","finition":null,"libelle":"Impression","code":null,"dpi":null,"finesse_forme_isolee":null,"finesse_forme_non_isolee":null,"hauteur_minimale_texte":null,"inactif":0,"marquage_interne":1,"quantite_min":null,"parent_id":null,"print_on_support":0,"content":null,"description":null}]}}