{"data":{"product":{"id":3816,"titre":"POLO HOMME STRETCH","description":"96% coton\/4% \u00e9lasthanne. 200 g\/m\u00b2. Maille micro piqu\u00e9e, doux et extensible en coton\/\u00e9lasthanne. Col \u00e0 2 boutons. Fentes lat\u00e9rales. Style ajust\u00e9e et moderne","genre":"homme","grammage":200,"conditionnement":36,"composition":"coton,elasthanne","reference":"SFM42","reference_visible":"sf-sfm42","reference_fabricant":"sfm42","ref_xor":"743597","in_catalog":true,"is_transfer":false,"is_service":false,"on_standby":false,"has_3d":false,"has_size_guide":true,"has_marking":true,"has_vierge":true,"is_cross_sellable":false,"id_picto":8,"filename_3d":null,"brand":{"id":18,"name":"SF Clothing","logo":"logo-skinnifit.png","image":"https:\/\/media.th4.com\/h4V08P2zFDdLT_JbrFGCqYK26uPq5kfP-E3feo3K2ZU\/pr:brand70x70\/aHR0cDovL21lZGlhMi5kZXNpZ25wYXJ0bmVyLmZyL2MvbS9sb2dvLXNraW5uaWZpdC5wbmc?v=1761304195"},"price_infos":{"price_from":11.72,"quantity":80,"color":{"id":22977,"name":"black"},"size":{"id":4,"name":"XL"}},"price_infos_marking":{"price_from":14.98,"quantity":75,"color":{"id":22977,"name":"black"},"size":{"id":4,"name":"XL"},"marking":{"id":2,"name":""},"emplacement":"avant","surface_emplacement_id":1,"surface":"coeur"},"i18n":{"blank":{"title":{"fr":"Polo homme stretch SKINNI sfm42","en":"Stretch Men's Polo SKINNI sfm42","de":"M\u00e4nner-Polo Stretch SKINNI sfm42","nl":"Polo man stretch SKINNI sfm42","es":"Polo hombre estirado SKINNI sfm42","it":"Polo uomo stretch SKINNI sfm42","sv":"Polo man stretch SKINNI sfm42","pt":"Polo masculino stretch SKINNI sfm42","da":"Polo mand stretch SKINNI sfm42","pl":"M\u0119ski polo stretch SKINNI sfm42"},"description":{"fr":"Ce polo homme stretch allie confort et style. Confectionn\u00e9 en coton\/\u00e9lasthanne, il offre une agr\u00e9able sensation de douceur et une grande libert\u00e9 de mouvement gr\u00e2ce \u00e0 sa maille micro piqu\u00e9e. Sa coupe ajust\u00e9e met en valeur la silhouette tout en assurant un confort optimal. Dot\u00e9 d'un col \u00e0 2 boutons et de fentes lat\u00e9rales, ce polo est id\u00e9al pour un look d\u00e9contract\u00e9 et soign\u00e9. Il se distingue par sa qualit\u00e9 de fabrication et sa durabilit\u00e9. Ce polo est une pi\u00e8ce polyvalente qui s'adapte \u00e0 toutes les occasions.\n\n- Composition : 96% coton, 4% \u00e9lasthanne\n- D\u00e9tails : Col 2 boutons, fentes lat\u00e9rales\n- Coupe : Ajust\u00e9e","en":"This stretch men's polo combines comfort and style. Made of cotton\/elastane, it offers a pleasant sensation of softness and great freedom of movement thanks to its micro mesh. Its fitted cut enhances the silhouette while ensuring optimal comfort. Featuring a 2-button collar and side slits, this polo is ideal for a relaxed yet polished look. It stands out for its quality of construction and durability. This polo is a versatile piece that adapts to all occasions.","de":"Dieses M\u00e4nner-Polo Stretch vereint Komfort und Stil. Aus Baumwolle\/Elasthan gefertigt, bietet es ein angenehmes Gef\u00fchl von Weichheit und gro\u00dfe Bewegungsfreiheit dank seines Mikrogeflechts. Der schmale Schnitt betont die Silhouette und sorgt f\u00fcr optimalen Komfort. Mit Knopfleiste und seitlichen Schlitzen ist dieses Polo ideal f\u00fcr einen l\u00e4ssigen und gepflegten Look. Es besticht durch seine Qualit\u00e4tsverarbeitung und Haltbarkeit. Dieses Polo ist ein vielseitiges St\u00fcck, das sich f\u00fcr jede Gelegenheit eignet.\n\n- Zusammensetzung : 96% Baumwolle, 4% Elasthan\n- Details : Knopfleiste mit 2 Kn\u00f6pfen, seitliche Schlitze\n- Schnitt : Schmal","nl":"Deze polo man stretch combineert comfort en stijl. Gemaakt van katoen\/elastan, biedt het een aangenaam gevoel van zachtheid en veel bewegingsvrijheid dankzij zijn microsteekgaren. De strakke pas zorgt voor een gesculpteerde silhouet terwijl het optimaal comfort biedt. Voorzien van een knoopsluiting met 2 knopen en zijscheuren, is deze polo ideaal voor een ontspannen en verzorgd uiterlijk. Het onderscheidt zich door zijn kwaliteit en duurzaamheid. Deze polo is een veelzijdige stuk die zich aanpast aan alle gelegenheden.\n\n- Samenstelling: 96% katoen, 4% elastan\n- Details: knoopsluiting met 2 knopen, zijscheuren\n- Pasvorm: Strakke","es":"Este polo hombre estirado combina confort y estilo. Fabricado en algod\u00f3n\/elastano, ofrece una agradable sensaci\u00f3n de suavidad y una gran libertad de movimiento gracias a su malla de punto fino. Su corte ajustado realza la silueta asegurando un confort \u00f3ptimo. Dotado de un cuello de dos botones y aberturas laterales, este polo es ideal para un look desenfadado y cuidado. Se distingue por su calidad de fabricaci\u00f3n y durabilidad. Este polo es una pieza vers\u00e1til que se adapta a todas las ocasiones.\n\n- Composici\u00f3n: 96% algod\u00f3n, 4% elastano\n- Detalles: Cuello de dos botones, aberturas laterales\n- Corte: Ajustado","it":"Questo polo uomo stretch unisce comfort e stile. Realizzato in cotone\/elastam, offre una piacevole sensazione di morbidezza e una grande libert\u00e0 di movimento grazie alla sua maglia micro pungente. La sua silhouette attillata valorizza la silhouette assicurando un comfort ottimale. Dotato di un collo a 2 bottoni e fenditure laterali, questo polo \u00e8 ideale per un look casual e curato. Si distingue per la qualit\u00e0 della lavorazione e la durabilit\u00e0. Questo polo \u00e8 una veste polivalente che si adatta a tutte le occasioni.\n\n- Composizione: 96% cotone, 4% elastam\n- Dettagli: Collo 2 bottoni, fenditure laterali\n- Taglia: Attillata","sv":"Denna stretchpolo f\u00f6r m\u00e4n f\u00f6renar bekv\u00e4mlighet och stil. Tillverkad av bomull\/elastan, den erbjuder en trevlig k\u00e4nsla av mjukhet och stor r\u00f6relsefrihet tack vare sin mikromaskade v\u00e4v. Dess anpassade sk\u00e4rning framh\u00e4ver silhuetten samtidigt som den s\u00e4kerst\u00e4ller optimal komfort. Utrustad med en tv\u00e5knappskrage och sidosnitt \u00e4r denna polo idealisk f\u00f6r ett avslappnat och v\u00e4lsk\u00f6tt utseende. Den utm\u00e4rks av sin tillverkningskvalitet och h\u00e5llbarhet. Denna polo \u00e4r ett flerg\u00e5ende plagg som passar till alla tillf\u00e4llen.\n\n- Sammans\u00e4ttning: 96% bomull, 4% elastan\n- Detaljer: Tv\u00e5knappskrage, sidosnitt\n- Sk\u00e4rning: Anpassad","pt":"Este polo masculino stretch alia conforto e estilo. Confecionado em algod\u00e3o\/elasthanne, oferece uma agrad\u00e1vel sensa\u00e7\u00e3o de suavidade e uma grande liberdade de movimento gra\u00e7as \u00e0 sua malha micro perfurada. Seu corte ajustado destaca a silhueta enquanto garante um conforto \u00f3timo. Dotado de colarinho de 2 bot\u00f5es e aberturas laterais, este polo \u00e9 ideal para um visual descontra\u00eddo e cuidado. Ele se destaca por sua qualidade de fabrica\u00e7\u00e3o e durabilidade. Este polo \u00e9 uma pe\u00e7a vers\u00e1til que se adapta a todas as ocasi\u00f5es.\n\n- Composi\u00e7\u00e3o: 96% algod\u00e3o, 4% elasthanne\n- Detalhes: Colarinho de 2 bot\u00f5es, aberturas laterais\n- Corte: Ajustado","da":"Dette polo mand stretch kombinerer komfort og stil. Fremstillet i bomuld\/elastan, tilbyder det en behagelig f\u00f8lelse af bl\u00f8dhed og stor bev\u00e6gelighed takket v\u00e6re sin mikro-pikkerede maske. Den justerede sk\u00e6ring fremh\u00e6ver silhuetten, samtidig med at den sikrer optimal komfort. Udstyret med en knap-2-krage og sider med snit, er dette polo ideelt til et afslappet og p\u00e6nt udseende. Det skiller sig ud ved sin kvalitetsfabrikation og holdbarhed. Dette polo er et alsidigt stykke, der passer til alle lejligheder.\n\n- Sammens\u00e6tning : 96% bomuld, 4% elastan\n- Detaljer : Knap-2-krage, sider med snit\n- Sk\u00e6ring : Justeret","pl":"Ten m\u0119ski polo stretch \u0142\u0105czy wygod\u0119 i styl. Wykonany z bawe\u0142ny\/elastanu, zapewnia przyjemn\u0105 mi\u0119kk\u0105 sensacj\u0119 i du\u017c\u0105 swobod\u0119 ruchu dzi\u0119ki swojej mikrowyplatce. Jego skr\u00f3cona kr\u00f3j podkre\u015bla sylwetk\u0119, jednocze\u015bnie zapewniaj\u0105c optymalny komfort. Z ko\u0142nierzem na dwa guziki i bocznymi szwami, ten polo jest idealny do wygl\u0105du eleganckiego i odpr\u0119\u017caj\u0105cego. Odznacza si\u0119 wysok\u0105 jako\u015bci\u0105 wykonania i trwa\u0142o\u015bci\u0105. Ten polo jest wielofunkcyjn\u0105 cz\u0119\u015bci\u0105, kt\u00f3ra pasuje do ka\u017cdej okazji. \n\n- Sk\u0142ad: 96% bawe\u0142na, 4% elastan\n- Szczeg\u00f3\u0142y: Ko\u0142nierz z dwoma guzikami, boczne szwy\n- Kr\u00f3j: Skr\u00f3cona"},"h1":{"fr":"Polo homme stretch sfm42","en":"Stretch Men's Polo sfm42","de":"M\u00e4nner-Polo Stretch sfm42","nl":"Polo man stretch sfm42","es":"Polo hombre estirado sfm42","it":"Polo uomo stretch sfm42","sv":"Polo man stretch sfm42","pt":"Polo masculino stretch sfm42","da":"Polo mand stretch sfm42","pl":"M\u0119ski polo stretch sfm42"},"meta_description":{"fr":"Polo homme stretch en coton\/\u00e9lasthanne, confortable et moderne. Maille micro piqu\u00e9e, col \u00e0 2 boutons, fentes lat\u00e9rales.","en":"Stretch men's polo in cotton\/elastane, comfortable and modern. Micro mesh, 2-button collar, side slits.","de":"M\u00e4nner-Polo Stretch aus Baumwolle\/Elasthan, bequem und modern. Mikrogeflecht, Knopfleiste mit 2 Kn\u00f6pfen, seitliche Schlitze.","nl":"Polo man stretch van katoen\/elastan, comfortabel en modern. Microsteekgaren, knoopsluiting met 2 knopen, zijscheuren.","es":"Polo hombre estirado de algod\u00f3n\/elastano, c\u00f3modo y moderno. Malla de punto fino, cuello de dos botones, aberturas laterales.","it":"Polo uomo stretch in cotone\/elastam, confortevole e moderno. Maglia micro pungente, collo a 2 bottoni, fenditure laterali.","sv":"Polo man stretch av bomull\/elastan, bekv\u00e4m och modern. Mikromaskad v\u00e4v, tv\u00e5knappskrage, sidor med snitt.","pt":"Polo masculino stretch em algod\u00e3o\/elasthanne, confort\u00e1vel e moderno. Malha micro perfurada, colarinho de 2 bot\u00f5es, aberturas laterais.","da":"Polo mand stretch i bomuld\/elastan, komfortabel og moderne. Mikro-pikkeret maske, knap-2-krage, sider med snit.","pl":"M\u0119ski polo stretch z bawe\u0142ny\/elastanu, wygodne i nowoczesne. Mikrowyplata, ko\u0142nierz na dwa guziki, boczne szwy."}},"custom":{"title":{"fr":"Polo homme stretch SKINNI sfm42 personnalisable","en":"Men's stretch polo SKINNI sfm42 customizable","de":"Stretch Polo Mann sfm42 personalisierbar","nl":"Man stretch polo sfm42 persoonlijk","es":"Polo hombre stretch SKINNI sfm42 personalizable","it":"Polo uomo stretch SKINNI sfm42 personalizzabile","sv":"Polo man stretch SKINNI sfm42 personaliserbar","pt":"Polo homem estic\u00e1vel SKINNI sfm42 personaliz\u00e1vel","da":"Mandspolo stretch SKINNI sfm42 tilpasning","pl":"Koszula m\u0119\u017cczyzna stretch SKINNI sfm42 do personalizacji"},"description":{"fr":"Ce polo homme stretch offre un confort optimal gr\u00e2ce \u00e0 sa composition en 96% coton et 4% \u00e9lasthanne. Sa maille micro piqu\u00e9e assure une sensation de douceur et une grande extensibilit\u00e9. Con\u00e7u avec un col \u00e0 2 boutons et des fentes lat\u00e9rales, ce polo pr\u00e9sente une coupe ajust\u00e9e et moderne. Il est id\u00e9al pour un look d\u00e9contract\u00e9 mais soign\u00e9. La possibilit\u00e9 de personnaliser ce polo en broderie vous permet d'ajouter votre logo, un texte ou un motif de votre choix. \n\n- Composition: 96% coton \/ 4% \u00e9lasthanne\n- Maille: Micro piqu\u00e9e\n- Coupe: Ajust\u00e9e\n- Col: 2 boutons\n- Fentes lat\u00e9rales\n- Possibilit\u00e9 de personnalisation en broderie","en":"This men's stretch polo offers optimal comfort thanks to its composition in cotton and elastane. Its micro-piqued mesh ensures a sensation of softness and great extensibility. Designed with a 2-button collar and side slits, this polo features a fitted and modern cut. It is ideal for a relaxed but neat look. The possibility of customizing this polo by embroidery allows you to add your logo, text, or a pattern of your choice.","de":"Dieses Stretch Polo Mann bietet optimalen Komfort dank seiner Zusammensetzung aus 96% Baumwolle und 4% Elasthan. Sein Mikro-Frottee-Gewebe sorgt f\u00fcr ein Gef\u00fchl von Weichheit und eine gro\u00dfe Dehnbarkeit. Mit einem 2-Knopf-Kragen und seitlichen Schlitzen gestaltet, bietet dieses Polo einen modernen und angepassten Schnitt. Es ist ideal f\u00fcr einen l\u00e4ssigen, aber gepflegten Look. Die M\u00f6glichkeit, dieses Polo durch Stickerei zu personalisieren, erm\u00f6glicht es Ihnen, Ihr Logo, einen Text oder ein Motiv Ihrer Wahl hinzuzuf\u00fcgen.\n\n- Zusammensetzung: 96% Baumwolle \/ 4% Elasthan\n- Gewebe: Mikro-Frottee\n- Schnitt: Angepasst\n- Kragen: 2 Kn\u00f6pfe\n- Seitliche Schlitze\n- M\u00f6glichkeit der Personalisierung durch Stickerei","nl":"Deze man stretch polo biedt optimaal comfort dankzij zijn samenstelling van 96% katoen en 4% elastane. Zijn micro steekmaas zorgt voor een zachte sensatie en grote uitrekbaarheid. Ontworpen met een twee-knops kraag en zijsneden, deze polo heeft een strakke en moderne pasvorm. Het is ideaal voor een ontspannen maar verzorgd uiterlijk. De mogelijkheid om deze polo te personaliseren door borduurwerk stelt je in staat je logo, tekst of een motief van jouw keuze toe te voegen.\n\n- Samenstelling: 96% katoen \/ 4% elastane\n- Maze: Micro steek\n- Pasvorm: Strak\n- Kraag: 2 knopen\n- Zijsneden\n- Mogelijkheid tot personalisatie door borduurwerk","es":"Este polo hombre stretch ofrece un confort \u00f3ptimo gracias a su composici\u00f3n en 96% algod\u00f3n y 4% elastano. Su tejido micro piqu\u00e9 asegura una sensaci\u00f3n de suavidad y una gran extensibilidad. Dise\u00f1ado con un cuello de 2 botones y costuras laterales, este polo presenta un corte ajustado y moderno. Es ideal para un look informal pero cuidado. La posibilidad de personalizar este polo en bordado le permite agregar su logotipo, un texto o un motivo de su elecci\u00f3n.","it":"Questo polo uomo stretch offre un comfort ottimale grazie alla sua composizione in 96% cotone e 4% elastan. La sua maglia micro puntinata assicura una sensazione di morbidezza e una grande estensibilit\u00e0. Progettato con un colletto a 2 bottoni e fessure laterali, questo polo presenta una taglia adattata e moderna. \u00c8 ideale per un look casual ma curato. La possibilit\u00e0 di personalizzare questo polo con ricamo vi permette di aggiungere il vostro logo, un testo o un motivo a vostra scelta. \n\n- Composizione: 96% cotone \/ 4% elastan\n- Maglia: Micro puntinata\n- Taglia: Adattata\n- Colletto: 2 bottoni\n- Fessure laterali\n- Possibilit\u00e0 di personalizzazione con ricamo","sv":"Denna stretchpolo f\u00f6r m\u00e4n erbjuder optimal komfort tack vare sin sammans\u00e4ttning av 96% bomull och 4% elastan. Dess mikropickad tr\u00e5d garanterar en k\u00e4nsla av mjukhet och stor str\u00e4ckbarhet. Utformad med en tv\u00e5knappskrage och sidoklyftar presenterar denna polo en justerad och modern passform. Den \u00e4r idealisk f\u00f6r ett avslappnat men v\u00e4lsk\u00f6tt utseende. M\u00f6jligheten att personalisera denna polo i broderi g\u00f6r att du kan l\u00e4gga till ditt logotyp, en text eller ett motiv efter eget val. \n\n- Sammans\u00e4ttning: 96% bomull \/ 4% elastan\n- Tr\u00e5d: Mikropickad\n- Passform: Justerad\n- Krage: 2 knappar\n- Sidoklyftar\n- M\u00f6jlighet till personalisering i broderi","pt":"Este polo homem estic\u00e1vel oferece um conforto \u00f3timo gra\u00e7as \u00e0 sua composi\u00e7\u00e3o de 96% algod\u00e3o e 4% elastano. Sua malha micro picada assegura uma sensa\u00e7\u00e3o de suavidade e uma grande extensibilidade. Concebido com um colarinho de 2 bot\u00f5es e aberturas laterais, este polo apresenta um corte ajustado e moderno. \u00c9 ideal para um visual descontra\u00eddo mas cuidado. A possibilidade de personalizar este polo em bordado permite adicionar seu logotipo, um texto ou um motivo de sua escolha\n\n- Composi\u00e7\u00e3o: 96% algod\u00e3o \/ 4% elastano\n- Malha: Micro picada\n- Corte: Ajustado\n- Colarinho: 2 bot\u00f5es\n- Aberturas laterais\n- Possibilidade de personaliza\u00e7\u00e3o em bordado","da":"Dette mandspolo stretch tilbyder optimal komfort takket v\u00e6re sin sammens\u00e6tning af 96% bomuld og 4% elastan. Dens mikroperforerede maske sikrer en f\u00f8lelse af bl\u00f8dhed og stor str\u00e6kbarhed. Udformet med en 2-knapskrave og sideribber, pr\u00e6senterer dette polo en stram og moderne pasform. Det er ideelt til en afslappet, men p\u00e6n look. Muligheden for at tilpasse dette polo i broderi giver dig mulighed for at tilf\u00f8je dit logo, tekst eller et motiv efter eget valg.","pl":"Ta koszula m\u0119\u017cczyzna stretch zapewnia optymalny komfort dzi\u0119ki swojemu sk\u0142adowi z 96% bawe\u0142ny i 4% elastanu. Jej mikrosiatka z w\u0119z\u0142ami g\u0142adkie zapewnia przyjemne dotyk i du\u017c\u0105 elastyczno\u015b\u0107. Zaprojektowana z k\u00f3\u0142kiem na dwa guziki i bocznymi wyci\u0119ciami, ta koszula charakteryzuje si\u0119 ciasnym i nowoczesnym krojem. Jest idealna dla stylu lu\u017anego, ale wyrafinowanego. Mo\u017cliwo\u015b\u0107 personalizacji tej koszuli przez haft pozwala doda\u0107 sw\u00f3j logo, tekst lub wz\u00f3r wed\u0142ug w\u0142asnego wyboru.\n\n- Sk\u0142ad: 96% bawe\u0142na \/ 4% elastan\n- Siatka: Mikrosiatka z w\u0119z\u0142ami g\u0142adkimi\n- Kroj: Ciasny\n- Ko\u0142nierz: Na dwa guziki\n- Boczne wyci\u0119cia\n- Mo\u017cliwo\u015b\u0107 personalizacji przez haft"},"h1":{"fr":"Polo homme stretch sfm42 personnalisation","en":"Men's stretch polo sfm42 customization","de":"Stretch Polo Mann sfm42 Personalisierung","nl":"Man stretch polo sfm42 persoonlijk","es":"Polo hombre stretch sfm42 personalizaci\u00f3n","it":"Polo uomo stretch sfm42 personalizzazione","sv":"Polo man stretch sfm42 personalisering","pt":"Polo homem estic\u00e1vel sfm42 personaliza\u00e7\u00e3o","da":"Mandspolo stretch sfm42 tilpasning","pl":"Koszula m\u0119\u017cczyzna stretch sfm42 personalizacja"},"meta_description":{"fr":"Polo homme stretch en coton\/\u00e9lasthanne, confortable et moderne. Possibilit\u00e9 de personnalisation en broderie. D\u00e9couvrez le sfm42 SKINNI.","en":"Men's stretch polo in cotton\/elastane, comfortable and modern. Possibility of customization by embroidery. Discover the sfm42 SKINNI.","de":"Stretch Polo Mann aus Baumwolle\/Elasthan, bequem und modern. M\u00f6glichkeit der Personalisierung durch Stickerei. Entdecken Sie den sfm42 SKINNI.","nl":"Man stretch polo van katoen\/elastane, comfortabel en modern. Mogelijkheid tot personalisatie door borduurwerk. Ontdek de sfm42 SKINNI.","es":"Polo hombre stretch en algod\u00f3n\/elastano, c\u00f3modo y moderno. Posibilidad de personalizaci\u00f3n en bordado. Descubra el sfm42 SKINNI.","it":"Polo uomo stretch in cotone\/elastan, confortevole e moderno. Possibilit\u00e0 di personalizzazione in ricamo. Scoprite lo sfm42 SKINNI.","sv":"Polo man stretch i bomull\/elastan, bekv\u00e4m och modern. M\u00f6jlighet till personalisering i broderi. Uppt\u00e4ck sfm42 SKINNI.","pt":"Polo homem estic\u00e1vel de algod\u00e3o\/elastano, confort\u00e1vel e moderno. Possibilidade de personaliza\u00e7\u00e3o em bordado. Descubra o sfm42 SKINNI.","da":"Mandspolo stretch i bomuld\/elastan, komfortabel og moderne. Mulighed for tilpasning i broderi. Opdag sfm42 SKINNI.","pl":"Koszula m\u0119\u017cczyzna stretch z bawe\u0142ny\/elastanu, wygodna i nowoczesna. Mo\u017cliwo\u015b\u0107 personalizacji przez haft. Odkryj sfm42 SKINNI."}}},"categories":[{"id":8,"name":"Polos","singular":"Polo","is_feminin":false},{"id":354,"name":"Textile","singular":"Textile","is_feminin":false}],"certifications":[],"videos":{"fr":[],"en":[],"de":[],"nl":[],"es":[],"it":[],"sv":[],"pt":[],"da":[],"pl":[]},"main_images":{"miniature":"https:\/\/media.th4.com\/dil-JupQTioSv5TI0SlsaDQFdD7D7IgHuQfwH1YVTF0\/pr:80\/aHR0cDovL21lZGlhMi5kZXNpZ25wYXJ0bmVyLmZyL2MvcC1NVC8zODE2LmpwZw?v=1642604467","medium":"https:\/\/media.th4.com\/qd57lNPxwqsaGN1KKgUgBP-6nlr35KIF4frl9bzMeB4\/pr:550x550greybg\/aHR0cDovL21lZGlhMi5kZXNpZ25wYXJ0bmVyLmZyL2MvcC1NVC8zODE2LmpwZw?v=1642604467","medium_large":"https:\/\/media.th4.com\/KMiJLsfml3nh_D7MkNpvMvC30gRnShc25ixn9V4-YMw\/pr:1000x1000greybg\/aHR0cDovL21lZGlhMi5kZXNpZ25wYXJ0bmVyLmZyL2MvcC1NVC8zODE2LmpwZw?v=1642604467","large":"https:\/\/media.th4.com\/6V8tp-IKBVWOyCyron-0xTc4Ghu-d6HrDjseE68a_58\/pr:1920greybg\/aHR0cDovL21lZGlhMi5kZXNpZ25wYXJ0bmVyLmZyL2MvcC1NVC8zODE2LmpwZw?v=1642604467","opengraph":"https:\/\/media.th4.com\/occz8aShnsNZSTgeZaK6Oo-JO-8WM78HOf5vquCBNzQ\/pr:1200x630greybg\/aHR0cDovL21lZGlhMi5kZXNpZ25wYXJ0bmVyLmZyL2MvcC1NVC8zODE2LmpwZw?v=1642604467"},"main_images_customization":{"miniature":"https:\/\/media.th4.com\/dil-JupQTioSv5TI0SlsaDQFdD7D7IgHuQfwH1YVTF0\/pr:80\/aHR0cDovL21lZGlhMi5kZXNpZ25wYXJ0bmVyLmZyL2MvcC1NVC8zODE2LmpwZw?v=1642604467","medium":"https:\/\/media.th4.com\/qd57lNPxwqsaGN1KKgUgBP-6nlr35KIF4frl9bzMeB4\/pr:550x550greybg\/aHR0cDovL21lZGlhMi5kZXNpZ25wYXJ0bmVyLmZyL2MvcC1NVC8zODE2LmpwZw?v=1642604467","medium_large":"https:\/\/media.th4.com\/KMiJLsfml3nh_D7MkNpvMvC30gRnShc25ixn9V4-YMw\/pr:1000x1000greybg\/aHR0cDovL21lZGlhMi5kZXNpZ25wYXJ0bmVyLmZyL2MvcC1NVC8zODE2LmpwZw?v=1642604467","large":"https:\/\/media.th4.com\/6V8tp-IKBVWOyCyron-0xTc4Ghu-d6HrDjseE68a_58\/pr:1920greybg\/aHR0cDovL21lZGlhMi5kZXNpZ25wYXJ0bmVyLmZyL2MvcC1NVC8zODE2LmpwZw?v=1642604467","opengraph":"https:\/\/media.th4.com\/occz8aShnsNZSTgeZaK6Oo-JO-8WM78HOf5vquCBNzQ\/pr:1200x630greybg\/aHR0cDovL21lZGlhMi5kZXNpZ25wYXJ0bmVyLmZyL2MvcC1NVC8zODE2LmpwZw?v=1642604467"},"page_links":{"fr":"\/fr\/p-sf-sfm42-polo-homme-stretch-sfm42-3816\/","en":"\/en\/p-sf-sfm42-stretch-mens-polo-sfm42-3816\/","de":"\/de\/p-sf-sfm42-manner-polo-stretch-sfm42-3816\/","nl":"\/nl\/p-sf-sfm42-polo-man-stretch-sfm42-3816\/","es":"\/es\/p-sf-sfm42-polo-hombre-estirado-sfm42-3816\/","it":"\/it\/p-sf-sfm42-polo-uomo-stretch-sfm42-3816\/","sv":"\/sv\/p-sf-sfm42-polo-man-stretch-sfm42-3816\/","pt":"\/pt\/p-sf-sfm42-polo-masculino-stretch-sfm42-3816\/","da":"\/da\/p-sf-sfm42-polo-mand-stretch-sfm42-3816\/","pl":"\/pl\/p-sf-sfm42-meski-polo-stretch-sfm42-3816\/"},"page_links_customization":{"fr":"\/fr\/p-sf-sfm42-polo-homme-stretch-sfm42-personnalisation-3816\/custom\/","en":"\/en\/p-sf-sfm42-mens-stretch-polo-sfm42-customization-3816\/custom\/","de":"\/de\/p-sf-sfm42-stretch-polo-mann-sfm42-personalisierung-3816\/custom\/","nl":"\/nl\/p-sf-sfm42-man-stretch-polo-sfm42-persoonlijk-3816\/custom\/","es":"\/es\/p-sf-sfm42-polo-hombre-stretch-sfm42-personalizacion-3816\/custom\/","it":"\/it\/p-sf-sfm42-polo-uomo-stretch-sfm42-personalizzazione-3816\/custom\/","sv":"\/sv\/p-sf-sfm42-polo-man-stretch-sfm42-personalisering-3816\/custom\/","pt":"\/pt\/p-sf-sfm42-polo-homem-esticavel-sfm42-personalizacao-3816\/custom\/","da":"\/da\/p-sf-sfm42-mandspolo-stretch-sfm42-tilpasning-3816\/custom\/","pl":"\/pl\/p-sf-sfm42-koszula-mezczyzna-stretch-sfm42-personalizacja-3816\/custom\/"},"equivalent_products":[],"colors":[{"id":22977,"name":"black","class_ids":[4],"codes_hexa":["000000"],"delai_24":false,"has_3d":false,"seuil_global":0,"stock_local":0,"stock_global":294,"on_standby":false,"in_catalog":true,"images":{"miniature":["https:\/\/media.th4.com\/gzAbo21wTIBLpkgU5aVgzew3zvvchuBsgvYzJEcUGiI\/pr:80\/aHR0cDovL21lZGlhMi5kZXNpZ25wYXJ0bmVyLmZyL2MvcC8zODE2LzM4MTYtMjI5NzctMS5qcGc?v=1733394725"],"medium":["https:\/\/media.th4.com\/wUMScPs-D5CooJg8eXBviHXNYqYCZZ-qhJ5dMlyECq4\/pr:550x550\/aHR0cDovL21lZGlhMi5kZXNpZ25wYXJ0bmVyLmZyL2MvcC8zODE2LzM4MTYtMjI5NzctMS5qcGc?v=1733394725"],"medium_large":["https:\/\/media.th4.com\/VHZqfzZ39HbIO1PNEjtgyUfwYqH-t0auXGdjVLfPA20\/pr:1000x1000\/aHR0cDovL21lZGlhMi5kZXNpZ25wYXJ0bmVyLmZyL2MvcC8zODE2LzM4MTYtMjI5NzctMS5qcGc?v=1733394725"],"large":["https:\/\/media.th4.com\/WT8ZR8D2cNHNiZ2TkHB8K3eKQnlNj1kMvsXOSHrMIfw\/pr:1920\/aHR0cDovL21lZGlhMi5kZXNpZ25wYXJ0bmVyLmZyL2MvcC8zODE2LzM4MTYtMjI5NzctMS5qcGc?v=1733394725"],"opengraph":["https:\/\/media.th4.com\/gmmvWMJV0Oir-JKvxkm5cWJ3xIcVNw3sFjnHAIUVTDk\/pr:1200x630\/aHR0cDovL21lZGlhMi5kZXNpZ25wYXJ0bmVyLmZyL2MvcC8zODE2LzM4MTYtMjI5NzctMS5qcGc?v=1733394725"]},"images_customization":{"miniature":["https:\/\/media.th4.com\/gzAbo21wTIBLpkgU5aVgzew3zvvchuBsgvYzJEcUGiI\/pr:80\/aHR0cDovL21lZGlhMi5kZXNpZ25wYXJ0bmVyLmZyL2MvcC8zODE2LzM4MTYtMjI5NzctMS5qcGc?v=1733394725"],"medium":["https:\/\/media.th4.com\/wUMScPs-D5CooJg8eXBviHXNYqYCZZ-qhJ5dMlyECq4\/pr:550x550\/aHR0cDovL21lZGlhMi5kZXNpZ25wYXJ0bmVyLmZyL2MvcC8zODE2LzM4MTYtMjI5NzctMS5qcGc?v=1733394725"],"medium_large":["https:\/\/media.th4.com\/VHZqfzZ39HbIO1PNEjtgyUfwYqH-t0auXGdjVLfPA20\/pr:1000x1000\/aHR0cDovL21lZGlhMi5kZXNpZ25wYXJ0bmVyLmZyL2MvcC8zODE2LzM4MTYtMjI5NzctMS5qcGc?v=1733394725"],"large":["https:\/\/media.th4.com\/WT8ZR8D2cNHNiZ2TkHB8K3eKQnlNj1kMvsXOSHrMIfw\/pr:1920\/aHR0cDovL21lZGlhMi5kZXNpZ25wYXJ0bmVyLmZyL2MvcC8zODE2LzM4MTYtMjI5NzctMS5qcGc?v=1733394725"],"opengraph":["https:\/\/media.th4.com\/gmmvWMJV0Oir-JKvxkm5cWJ3xIcVNw3sFjnHAIUVTDk\/pr:1200x630\/aHR0cDovL21lZGlhMi5kZXNpZ25wYXJ0bmVyLmZyL2MvcC8zODE2LzM4MTYtMjI5NzctMS5qcGc?v=1733394725"]},"country_origin":"PK","traceability":{"manufacturing_country_id":59,"weaving_country_id":59,"dyeing_country_id":59},"sizes":[{"id":3,"article_id":114728,"class_id":3,"name":"S","on_standby":false,"stock_local":0,"stock_global":58,"multiple":1,"estimated_date_reassort":null,"is_destocking":false},{"id":2,"article_id":114727,"class_id":4,"name":"M","on_standby":false,"stock_local":0,"stock_global":80,"multiple":1,"estimated_date_reassort":null,"is_destocking":false},{"id":1,"article_id":114726,"class_id":5,"name":"L","on_standby":false,"stock_local":0,"stock_global":64,"multiple":1,"estimated_date_reassort":null,"is_destocking":false},{"id":4,"article_id":114729,"class_id":6,"name":"XL","on_standby":false,"stock_local":0,"stock_global":82,"multiple":1,"estimated_date_reassort":null,"is_destocking":false},{"id":1116,"article_id":249109,"class_id":7,"name":"2XL","on_standby":false,"stock_local":0,"stock_global":10,"multiple":1,"estimated_date_reassort":null,"is_destocking":false}],"page_links":{"fr":"\/fr\/p-sf-sfm42-polo-homme-stretch-sfm42-3816\/black-22977\/","en":"\/en\/p-sf-sfm42-stretch-mens-polo-sfm42-3816\/black-22977\/","de":"\/de\/p-sf-sfm42-manner-polo-stretch-sfm42-3816\/black-22977\/","nl":"\/nl\/p-sf-sfm42-polo-man-stretch-sfm42-3816\/black-22977\/","es":"\/es\/p-sf-sfm42-polo-hombre-estirado-sfm42-3816\/black-22977\/","it":"\/it\/p-sf-sfm42-polo-uomo-stretch-sfm42-3816\/black-22977\/","sv":"\/sv\/p-sf-sfm42-polo-man-stretch-sfm42-3816\/black-22977\/","pt":"\/pt\/p-sf-sfm42-polo-masculino-stretch-sfm42-3816\/black-22977\/","da":"\/da\/p-sf-sfm42-polo-mand-stretch-sfm42-3816\/black-22977\/","pl":"\/pl\/p-sf-sfm42-meski-polo-stretch-sfm42-3816\/black-22977\/"},"page_links_customization":{"fr":"\/fr\/p-sf-sfm42-polo-homme-stretch-sfm42-personnalisation-3816\/black-22977\/custom\/","en":"\/en\/p-sf-sfm42-mens-stretch-polo-sfm42-customization-3816\/black-22977\/custom\/","de":"\/de\/p-sf-sfm42-stretch-polo-mann-sfm42-personalisierung-3816\/black-22977\/custom\/","nl":"\/nl\/p-sf-sfm42-man-stretch-polo-sfm42-persoonlijk-3816\/black-22977\/custom\/","es":"\/es\/p-sf-sfm42-polo-hombre-stretch-sfm42-personalizacion-3816\/black-22977\/custom\/","it":"\/it\/p-sf-sfm42-polo-uomo-stretch-sfm42-personalizzazione-3816\/black-22977\/custom\/","sv":"\/sv\/p-sf-sfm42-polo-man-stretch-sfm42-personalisering-3816\/black-22977\/custom\/","pt":"\/pt\/p-sf-sfm42-polo-homem-esticavel-sfm42-personalizacao-3816\/black-22977\/custom\/","da":"\/da\/p-sf-sfm42-mandspolo-stretch-sfm42-tilpasning-3816\/black-22977\/custom\/","pl":"\/pl\/p-sf-sfm42-koszula-mezczyzna-stretch-sfm42-personalizacja-3816\/black-22977\/custom\/"}},{"id":3764,"name":"white\/fuchsia","class_ids":[1,7],"codes_hexa":["fffbfb","dd1184"],"delai_24":false,"has_3d":false,"seuil_global":0,"stock_local":0,"stock_global":0,"on_standby":true,"in_catalog":false,"images":{"miniature":null,"medium":null,"medium_large":null,"large":null,"opengraph":null},"images_customization":{"miniature":null,"medium":null,"medium_large":null,"large":null,"opengraph":null},"country_origin":"PK","traceability":{"manufacturing_country_id":59,"weaving_country_id":59,"dyeing_country_id":59},"sizes":[],"page_links":{"fr":"\/fr\/p-sf-sfm42-polo-homme-stretch-sfm42-3816\/white-fuchsia-3764\/","en":"\/en\/p-sf-sfm42-stretch-mens-polo-sfm42-3816\/white-fuchsia-3764\/","de":"\/de\/p-sf-sfm42-manner-polo-stretch-sfm42-3816\/white-fuchsia-3764\/","nl":"\/nl\/p-sf-sfm42-polo-man-stretch-sfm42-3816\/white-fuchsia-3764\/","es":"\/es\/p-sf-sfm42-polo-hombre-estirado-sfm42-3816\/white-fuchsia-3764\/","it":"\/it\/p-sf-sfm42-polo-uomo-stretch-sfm42-3816\/white-fuchsia-3764\/","sv":"\/sv\/p-sf-sfm42-polo-man-stretch-sfm42-3816\/white-fuchsia-3764\/","pt":"\/pt\/p-sf-sfm42-polo-masculino-stretch-sfm42-3816\/white-fuchsia-3764\/","da":"\/da\/p-sf-sfm42-polo-mand-stretch-sfm42-3816\/white-fuchsia-3764\/","pl":"\/pl\/p-sf-sfm42-meski-polo-stretch-sfm42-3816\/white-fuchsia-3764\/"},"page_links_customization":{"fr":"\/fr\/p-sf-sfm42-polo-homme-stretch-sfm42-personnalisation-3816\/white-fuchsia-3764\/custom\/","en":"\/en\/p-sf-sfm42-mens-stretch-polo-sfm42-customization-3816\/white-fuchsia-3764\/custom\/","de":"\/de\/p-sf-sfm42-stretch-polo-mann-sfm42-personalisierung-3816\/white-fuchsia-3764\/custom\/","nl":"\/nl\/p-sf-sfm42-man-stretch-polo-sfm42-persoonlijk-3816\/white-fuchsia-3764\/custom\/","es":"\/es\/p-sf-sfm42-polo-hombre-stretch-sfm42-personalizacion-3816\/white-fuchsia-3764\/custom\/","it":"\/it\/p-sf-sfm42-polo-uomo-stretch-sfm42-personalizzazione-3816\/white-fuchsia-3764\/custom\/","sv":"\/sv\/p-sf-sfm42-polo-man-stretch-sfm42-personalisering-3816\/white-fuchsia-3764\/custom\/","pt":"\/pt\/p-sf-sfm42-polo-homem-esticavel-sfm42-personalizacao-3816\/white-fuchsia-3764\/custom\/","da":"\/da\/p-sf-sfm42-mandspolo-stretch-sfm42-tilpasning-3816\/white-fuchsia-3764\/custom\/","pl":"\/pl\/p-sf-sfm42-koszula-mezczyzna-stretch-sfm42-personalizacja-3816\/white-fuchsia-3764\/custom\/"}},{"id":3543,"name":"sapphire\/white","class_ids":[2,1],"codes_hexa":["0171b0","fcfffd"],"delai_24":false,"has_3d":false,"seuil_global":0,"stock_local":0,"stock_global":0,"on_standby":true,"in_catalog":false,"images":{"miniature":null,"medium":null,"medium_large":null,"large":null,"opengraph":null},"images_customization":{"miniature":null,"medium":null,"medium_large":null,"large":null,"opengraph":null},"country_origin":"PK","traceability":{"manufacturing_country_id":59,"weaving_country_id":59,"dyeing_country_id":59},"sizes":[],"page_links":{"fr":"\/fr\/p-sf-sfm42-polo-homme-stretch-sfm42-3816\/sapphire-white-3543\/","en":"\/en\/p-sf-sfm42-stretch-mens-polo-sfm42-3816\/sapphire-white-3543\/","de":"\/de\/p-sf-sfm42-manner-polo-stretch-sfm42-3816\/sapphire-white-3543\/","nl":"\/nl\/p-sf-sfm42-polo-man-stretch-sfm42-3816\/sapphire-white-3543\/","es":"\/es\/p-sf-sfm42-polo-hombre-estirado-sfm42-3816\/sapphire-white-3543\/","it":"\/it\/p-sf-sfm42-polo-uomo-stretch-sfm42-3816\/sapphire-white-3543\/","sv":"\/sv\/p-sf-sfm42-polo-man-stretch-sfm42-3816\/sapphire-white-3543\/","pt":"\/pt\/p-sf-sfm42-polo-masculino-stretch-sfm42-3816\/sapphire-white-3543\/","da":"\/da\/p-sf-sfm42-polo-mand-stretch-sfm42-3816\/sapphire-white-3543\/","pl":"\/pl\/p-sf-sfm42-meski-polo-stretch-sfm42-3816\/sapphire-white-3543\/"},"page_links_customization":{"fr":"\/fr\/p-sf-sfm42-polo-homme-stretch-sfm42-personnalisation-3816\/sapphire-white-3543\/custom\/","en":"\/en\/p-sf-sfm42-mens-stretch-polo-sfm42-customization-3816\/sapphire-white-3543\/custom\/","de":"\/de\/p-sf-sfm42-stretch-polo-mann-sfm42-personalisierung-3816\/sapphire-white-3543\/custom\/","nl":"\/nl\/p-sf-sfm42-man-stretch-polo-sfm42-persoonlijk-3816\/sapphire-white-3543\/custom\/","es":"\/es\/p-sf-sfm42-polo-hombre-stretch-sfm42-personalizacion-3816\/sapphire-white-3543\/custom\/","it":"\/it\/p-sf-sfm42-polo-uomo-stretch-sfm42-personalizzazione-3816\/sapphire-white-3543\/custom\/","sv":"\/sv\/p-sf-sfm42-polo-man-stretch-sfm42-personalisering-3816\/sapphire-white-3543\/custom\/","pt":"\/pt\/p-sf-sfm42-polo-homem-esticavel-sfm42-personalizacao-3816\/sapphire-white-3543\/custom\/","da":"\/da\/p-sf-sfm42-mandspolo-stretch-sfm42-tilpasning-3816\/sapphire-white-3543\/custom\/","pl":"\/pl\/p-sf-sfm42-koszula-mezczyzna-stretch-sfm42-personalizacja-3816\/sapphire-white-3543\/custom\/"}},{"id":1833,"name":"chocolate","class_ids":[11],"codes_hexa":["3f2723"],"delai_24":false,"has_3d":false,"seuil_global":0,"stock_local":0,"stock_global":0,"on_standby":true,"in_catalog":false,"images":{"miniature":null,"medium":null,"medium_large":null,"large":null,"opengraph":null},"images_customization":{"miniature":null,"medium":null,"medium_large":null,"large":null,"opengraph":null},"country_origin":"PK","traceability":{"manufacturing_country_id":59,"weaving_country_id":59,"dyeing_country_id":59},"sizes":[],"page_links":{"fr":"\/fr\/p-sf-sfm42-polo-homme-stretch-sfm42-3816\/chocolate-1833\/","en":"\/en\/p-sf-sfm42-stretch-mens-polo-sfm42-3816\/chocolate-1833\/","de":"\/de\/p-sf-sfm42-manner-polo-stretch-sfm42-3816\/chocolate-1833\/","nl":"\/nl\/p-sf-sfm42-polo-man-stretch-sfm42-3816\/chocolate-1833\/","es":"\/es\/p-sf-sfm42-polo-hombre-estirado-sfm42-3816\/chocolate-1833\/","it":"\/it\/p-sf-sfm42-polo-uomo-stretch-sfm42-3816\/chocolate-1833\/","sv":"\/sv\/p-sf-sfm42-polo-man-stretch-sfm42-3816\/chocolate-1833\/","pt":"\/pt\/p-sf-sfm42-polo-masculino-stretch-sfm42-3816\/chocolate-1833\/","da":"\/da\/p-sf-sfm42-polo-mand-stretch-sfm42-3816\/chocolate-1833\/","pl":"\/pl\/p-sf-sfm42-meski-polo-stretch-sfm42-3816\/chocolate-1833\/"},"page_links_customization":{"fr":"\/fr\/p-sf-sfm42-polo-homme-stretch-sfm42-personnalisation-3816\/chocolate-1833\/custom\/","en":"\/en\/p-sf-sfm42-mens-stretch-polo-sfm42-customization-3816\/chocolate-1833\/custom\/","de":"\/de\/p-sf-sfm42-stretch-polo-mann-sfm42-personalisierung-3816\/chocolate-1833\/custom\/","nl":"\/nl\/p-sf-sfm42-man-stretch-polo-sfm42-persoonlijk-3816\/chocolate-1833\/custom\/","es":"\/es\/p-sf-sfm42-polo-hombre-stretch-sfm42-personalizacion-3816\/chocolate-1833\/custom\/","it":"\/it\/p-sf-sfm42-polo-uomo-stretch-sfm42-personalizzazione-3816\/chocolate-1833\/custom\/","sv":"\/sv\/p-sf-sfm42-polo-man-stretch-sfm42-personalisering-3816\/chocolate-1833\/custom\/","pt":"\/pt\/p-sf-sfm42-polo-homem-esticavel-sfm42-personalizacao-3816\/chocolate-1833\/custom\/","da":"\/da\/p-sf-sfm42-mandspolo-stretch-sfm42-tilpasning-3816\/chocolate-1833\/custom\/","pl":"\/pl\/p-sf-sfm42-koszula-mezczyzna-stretch-sfm42-personalizacja-3816\/chocolate-1833\/custom\/"}},{"id":22978,"name":"navy","class_ids":[2],"codes_hexa":["001E57"],"delai_24":false,"has_3d":false,"seuil_global":0,"stock_local":0,"stock_global":0,"on_standby":true,"in_catalog":false,"images":{"miniature":["https:\/\/media.th4.com\/1s0NgZKMmP-TPHpNEAXtuQWvl6ROM1Ec5cM13IWCQek\/pr:80\/aHR0cDovL21lZGlhMi5kZXNpZ25wYXJ0bmVyLmZyL2MvcC8zODE2LzM4MTYtMjI5NzgtMS5qcGc?v=1733394725"],"medium":["https:\/\/media.th4.com\/VPnWr1hgk45G4ozdhzpJ6qFZyaNk9WmgDjB60Lo_EDg\/pr:550x550\/aHR0cDovL21lZGlhMi5kZXNpZ25wYXJ0bmVyLmZyL2MvcC8zODE2LzM4MTYtMjI5NzgtMS5qcGc?v=1733394725"],"medium_large":["https:\/\/media.th4.com\/5B3T-vKJL26HUdMnm9MgmL6aPQaK5Khn55h_FmOveXg\/pr:1000x1000\/aHR0cDovL21lZGlhMi5kZXNpZ25wYXJ0bmVyLmZyL2MvcC8zODE2LzM4MTYtMjI5NzgtMS5qcGc?v=1733394725"],"large":["https:\/\/media.th4.com\/B9Y-K67xB0bVa8ECo5nlaSJhuyBUoAdcAmbtWipfY-Q\/pr:1920\/aHR0cDovL21lZGlhMi5kZXNpZ25wYXJ0bmVyLmZyL2MvcC8zODE2LzM4MTYtMjI5NzgtMS5qcGc?v=1733394725"],"opengraph":["https:\/\/media.th4.com\/S_xR3dbW78z8-jXg1do2ZGIIaUdOb1B6QiN12M_jujU\/pr:1200x630\/aHR0cDovL21lZGlhMi5kZXNpZ25wYXJ0bmVyLmZyL2MvcC8zODE2LzM4MTYtMjI5NzgtMS5qcGc?v=1733394725"]},"images_customization":{"miniature":["https:\/\/media.th4.com\/1s0NgZKMmP-TPHpNEAXtuQWvl6ROM1Ec5cM13IWCQek\/pr:80\/aHR0cDovL21lZGlhMi5kZXNpZ25wYXJ0bmVyLmZyL2MvcC8zODE2LzM4MTYtMjI5NzgtMS5qcGc?v=1733394725"],"medium":["https:\/\/media.th4.com\/VPnWr1hgk45G4ozdhzpJ6qFZyaNk9WmgDjB60Lo_EDg\/pr:550x550\/aHR0cDovL21lZGlhMi5kZXNpZ25wYXJ0bmVyLmZyL2MvcC8zODE2LzM4MTYtMjI5NzgtMS5qcGc?v=1733394725"],"medium_large":["https:\/\/media.th4.com\/5B3T-vKJL26HUdMnm9MgmL6aPQaK5Khn55h_FmOveXg\/pr:1000x1000\/aHR0cDovL21lZGlhMi5kZXNpZ25wYXJ0bmVyLmZyL2MvcC8zODE2LzM4MTYtMjI5NzgtMS5qcGc?v=1733394725"],"large":["https:\/\/media.th4.com\/B9Y-K67xB0bVa8ECo5nlaSJhuyBUoAdcAmbtWipfY-Q\/pr:1920\/aHR0cDovL21lZGlhMi5kZXNpZ25wYXJ0bmVyLmZyL2MvcC8zODE2LzM4MTYtMjI5NzgtMS5qcGc?v=1733394725"],"opengraph":["https:\/\/media.th4.com\/S_xR3dbW78z8-jXg1do2ZGIIaUdOb1B6QiN12M_jujU\/pr:1200x630\/aHR0cDovL21lZGlhMi5kZXNpZ25wYXJ0bmVyLmZyL2MvcC8zODE2LzM4MTYtMjI5NzgtMS5qcGc?v=1733394725"]},"country_origin":"PK","traceability":{"manufacturing_country_id":59,"weaving_country_id":59,"dyeing_country_id":59},"sizes":[],"page_links":{"fr":"\/fr\/p-sf-sfm42-polo-homme-stretch-sfm42-3816\/navy-22978\/","en":"\/en\/p-sf-sfm42-stretch-mens-polo-sfm42-3816\/navy-22978\/","de":"\/de\/p-sf-sfm42-manner-polo-stretch-sfm42-3816\/navy-22978\/","nl":"\/nl\/p-sf-sfm42-polo-man-stretch-sfm42-3816\/navy-22978\/","es":"\/es\/p-sf-sfm42-polo-hombre-estirado-sfm42-3816\/navy-22978\/","it":"\/it\/p-sf-sfm42-polo-uomo-stretch-sfm42-3816\/navy-22978\/","sv":"\/sv\/p-sf-sfm42-polo-man-stretch-sfm42-3816\/navy-22978\/","pt":"\/pt\/p-sf-sfm42-polo-masculino-stretch-sfm42-3816\/navy-22978\/","da":"\/da\/p-sf-sfm42-polo-mand-stretch-sfm42-3816\/navy-22978\/","pl":"\/pl\/p-sf-sfm42-meski-polo-stretch-sfm42-3816\/navy-22978\/"},"page_links_customization":{"fr":"\/fr\/p-sf-sfm42-polo-homme-stretch-sfm42-personnalisation-3816\/navy-22978\/custom\/","en":"\/en\/p-sf-sfm42-mens-stretch-polo-sfm42-customization-3816\/navy-22978\/custom\/","de":"\/de\/p-sf-sfm42-stretch-polo-mann-sfm42-personalisierung-3816\/navy-22978\/custom\/","nl":"\/nl\/p-sf-sfm42-man-stretch-polo-sfm42-persoonlijk-3816\/navy-22978\/custom\/","es":"\/es\/p-sf-sfm42-polo-hombre-stretch-sfm42-personalizacion-3816\/navy-22978\/custom\/","it":"\/it\/p-sf-sfm42-polo-uomo-stretch-sfm42-personalizzazione-3816\/navy-22978\/custom\/","sv":"\/sv\/p-sf-sfm42-polo-man-stretch-sfm42-personalisering-3816\/navy-22978\/custom\/","pt":"\/pt\/p-sf-sfm42-polo-homem-esticavel-sfm42-personalizacao-3816\/navy-22978\/custom\/","da":"\/da\/p-sf-sfm42-mandspolo-stretch-sfm42-tilpasning-3816\/navy-22978\/custom\/","pl":"\/pl\/p-sf-sfm42-koszula-mezczyzna-stretch-sfm42-personalizacja-3816\/navy-22978\/custom\/"}}],"documentation_link":null,"countries_availables":["AD","AE","AL","AT","BA","BD","BE","BG","BL","CA","CH","CN","CO","CY","CZ","DE","DK","DO","EE","EG","ES","ET","FI","FR","GB","GE","GF","GP","GR","GT","HK","HN","HR","HT","HU","ID","IE","IN","IS","IT","JO","JP","KE","KH","KP","KR","LA","LK","LS","LT","LU","LV","MA","MF","MG","MK","MM","MN","MQ","MT","MX","MY","NC","NI","NL","PF","PH","PK","PL","PM","PT","RE","RO","SE","SG","SI","SK","SV","SY","TH","TN","TR","TW","TZ","US","VN","WF","YT"]},"infos_customization":[],"features":{"authorize_multi_surfaces":true,"display_order_delay_type":true,"promote_surface_display":true,"tarification_franco_offert":true,"enabled_3d_editor":false},"markings":[{"id":0,"nom":"vierge","finition":null,"libelle":null,"code":null,"dpi":null,"finesse_forme_isolee":null,"finesse_forme_non_isolee":null,"hauteur_minimale_texte":null,"inactif":0,"marquage_interne":1,"quantite_min":null,"parent_id":null,"print_on_support":0,"content":"vierge","description":null},{"id":2,"nom":"fonce","finition":"optimale","libelle":"TopQuadri","code":null,"dpi":400,"finesse_forme_isolee":"0.040","finesse_forme_non_isolee":"0.700","hauteur_minimale_texte":2,"inactif":0,"marquage_interne":1,"quantite_min":null,"parent_id":18,"print_on_support":0,"content":"TopQuadri","description":"pour petites et moyennes s\u00e9ries"},{"id":3,"nom":"serigraphie","finition":"serigraphie","libelle":"SeriCoat","code":null,"dpi":400,"finesse_forme_isolee":"0.040","finesse_forme_non_isolee":"0.700","hauteur_minimale_texte":2,"inactif":0,"marquage_interne":1,"quantite_min":15,"parent_id":18,"print_on_support":0,"content":"SeriCoat","description":"pour moyennes et grandes s\u00e9ries"},{"id":4,"nom":"broderie","finition":"broderie","libelle":"Broderie","code":null,"dpi":400,"finesse_forme_isolee":"0.040","finesse_forme_non_isolee":"0.700","hauteur_minimale_texte":3,"inactif":0,"marquage_interne":1,"quantite_min":null,"parent_id":null,"print_on_support":0,"content":"Broderie","description":null},{"id":8,"nom":"theme","finition":null,"libelle":"Th\u00e8me","code":null,"dpi":null,"finesse_forme_isolee":null,"finesse_forme_non_isolee":null,"hauteur_minimale_texte":null,"inactif":0,"marquage_interne":1,"quantite_min":null,"parent_id":null,"print_on_support":0,"content":"Th\u00e8me","description":null},{"id":9,"nom":"sans","finition":null,"libelle":null,"code":null,"dpi":null,"finesse_forme_isolee":null,"finesse_forme_non_isolee":null,"hauteur_minimale_texte":null,"inactif":0,"marquage_interne":1,"quantite_min":null,"parent_id":null,"print_on_support":0,"content":"sans","description":null},{"id":10,"nom":"photo","finition":null,"libelle":"Photo","code":null,"dpi":null,"finesse_forme_isolee":null,"finesse_forme_non_isolee":null,"hauteur_minimale_texte":null,"inactif":0,"marquage_interne":1,"quantite_min":null,"parent_id":null,"print_on_support":0,"content":"Photo","description":null},{"id":14,"nom":"couleur","finition":null,"libelle":"Couleur","code":null,"dpi":null,"finesse_forme_isolee":null,"finesse_forme_non_isolee":null,"hauteur_minimale_texte":null,"inactif":0,"marquage_interne":1,"quantite_min":null,"parent_id":null,"print_on_support":0,"content":"Couleur","description":null},{"id":15,"nom":"sublimation","finition":"sublimation","libelle":"Sublimation","code":null,"dpi":null,"finesse_forme_isolee":"0.000","finesse_forme_non_isolee":"0.000","hauteur_minimale_texte":2,"inactif":0,"marquage_interne":1,"quantite_min":null,"parent_id":null,"print_on_support":0,"content":"Sublimation","description":null},{"id":16,"nom":"topquadri_uv","finition":null,"libelle":"TopQuadri UV","code":null,"dpi":null,"finesse_forme_isolee":"0.020","finesse_forme_non_isolee":"0.700","hauteur_minimale_texte":2,"inactif":0,"marquage_interne":1,"quantite_min":null,"parent_id":null,"print_on_support":1,"content":null,"description":null},{"id":17,"nom":"topquadri_uvp","finition":null,"libelle":"TopQuadri UVP","code":null,"dpi":null,"finesse_forme_isolee":"0.020","finesse_forme_non_isolee":"0.700","hauteur_minimale_texte":2,"inactif":0,"marquage_interne":1,"quantite_min":null,"parent_id":null,"print_on_support":1,"content":null,"description":null},{"id":18,"nom":"quadri","finition":null,"libelle":"Impression","code":null,"dpi":null,"finesse_forme_isolee":null,"finesse_forme_non_isolee":null,"hauteur_minimale_texte":null,"inactif":0,"marquage_interne":1,"quantite_min":null,"parent_id":null,"print_on_support":0,"content":null,"description":null}]}}