{"data":{"product":{"id":3656,"titre":"Tablier enfant","description":"100% coton -  Taille r\u00e9glable par passant m\u00e9tallique -  Grande poche avant en 2 compartiments -  Dimensions : H 60 cm - L 44 cm -  - ","genre":"enfant","grammage":280,"conditionnement":50,"composition":"coton,coton_uniquement","reference":"K889","reference_visible":"ka-k889","reference_fabricant":"K889","ref_xor":"743437","in_catalog":true,"is_transfer":false,"is_service":false,"on_standby":false,"has_3d":false,"has_size_guide":false,"has_marking":true,"has_vierge":true,"is_cross_sellable":false,"id_picto":128,"filename_3d":null,"brand":{"id":25,"name":"Kariban","logo":"logo-kariban.png","image":"https:\/\/media.th4.com\/0rw9lHnnPIY5Gn0FZVsrv47tC3tEhLUIsdVYj4xy6L4\/pr:brand70x70\/aHR0cDovL21lZGlhMi5kZXNpZ25wYXJ0bmVyLmZyL2MvbS9sb2dvLWthcmliYW4ucG5n?v=1736960982"},"price_infos":{"price_from":5.48,"quantity":480,"color":{"id":1340,"name":"lime"},"size":{"id":42,"name":"taille_unique"}},"price_infos_marking":{"price_from":8.82,"quantity":1500,"color":{"id":1340,"name":"lime"},"size":{"id":42,"name":"taille_unique"},"marking":{"id":2,"name":""},"emplacement":"avant","surface_emplacement_id":1,"surface":"coeur"},"i18n":{"blank":{"title":{"fr":"Tablier enfant coton KARIBAN k889","en":"Child apron cotton KARIBAN k889","de":"Kindersch\u00fcrze Baumwolle KARIBAN k889","nl":"Kinderschort katoen KARIBAN k889","es":"Delantal de ni\u00f1o de algod\u00f3n KARIBAN k889","it":"Grembiule bambino cotone KARIBAN k889","sv":"Barnf\u00f6rkl\u00e4de i bomull KARIBAN k889","pt":"Avental infantil de algod\u00e3o KARIBAN k889","da":"B\u00f8rnetasken cotton KARIBAN k889","pl":"Fartuch dzieci\u0119cy bawe\u0142na KARIBAN k889"},"description":{"fr":"Ce tablier enfant est con\u00e7u en coton pour offrir confort et protection lors des activit\u00e9s. Il est dot\u00e9 d'une taille r\u00e9glable gr\u00e2ce \u00e0 un passant m\u00e9tallique, permettant un ajustement personnalis\u00e9. Une grande poche avant, divis\u00e9e en deux compartiments, offre un espace pratique pour ranger petits outils ou objets. Les dimensions du tablier sont de 60 cm de hauteur et 44 cm de largeur.\n\n- Mati\u00e8re : 100% coton\n- Poche avant \u00e0 2 compartiments\n- Dimensions : H 60 cm, L 44 cm","en":"This child apron is made of cotton to provide comfort and protection during activities. It features an adjustable waist with a metal slider for a personalized fit. A large front pocket, divided into two compartments, offers practical space to store small tools or items. The apron dimensions are 60 cm in height and 44 cm in width.\n\n- Material: 100% cotton\n- Front pocket with 2 compartments\n- Dimensions: H 60 cm, L 44 cm","de":"Diese Kindersch\u00fcrze ist aus Baumwolle gefertigt, um Komfort und Schutz w\u00e4hrend der Aktivit\u00e4ten zu bieten. Sie verf\u00fcgt \u00fcber eine verstellbare Taille dank eines Metallschlauchs, der eine pers\u00f6nliche Anpassung erm\u00f6glicht. Eine gro\u00dfe vordere Tasche, unterteilt in zwei F\u00e4cher, bietet praktischen Stauraum f\u00fcr kleine Werkzeuge oder Gegenst\u00e4nde. Die Abmessungen der Sch\u00fcrze betragen 60 cm in der H\u00f6he und 44 cm in der Breite.\n\n- Material: 100% Baumwolle\n- Vordere Tasche mit 2 F\u00e4chern\n- Abmessungen: H 60 cm, L 44 cm","nl":"Deze kinderschort is ontworpen in katoen voor comfort en bescherming tijdens activiteiten. Hij is voorzien van een regelbare maat door een metalen lint, waardoor een persoonlijke aanpassing mogelijk is. Een grote voorzak, verdeeld in twee compartimenten, biedt een praktische ruimte voor het opbergen van kleine gereedschappen of voorwerpen. De afmetingen van de schort zijn 60 cm hoogte en 44 cm breedte.\n\n- Materiaal: 100% katoen\n- Voorzak met 2 compartimenten\n- Afmetingen: H 60 cm, L 44 cm","es":"Este delantal de ni\u00f1o est\u00e1 dise\u00f1ado en algod\u00f3n para ofrecer comodidad y protecci\u00f3n durante las actividades. Cuenta con una cintura ajustable gracias a un pasador met\u00e1lico, permitiendo un ajuste personalizado. Un gran bolsillo delantero, dividido en dos compartimentos, ofrece un espacio pr\u00e1ctico para guardar peque\u00f1as herramientas u objetos. Las dimensiones del delantal son de 60 cm de altura y 44 cm de ancho.\n\n- Material: 100% algod\u00f3n\n- Bolsillo delantero de 2 compartimentos\n- Dimensiones: H 60 cm, L 44 cm","it":"Questo grembiule per bambini \u00e8 realizzato in cotone per offrire comfort e protezione durante le attivit\u00e0. \u00c8 dotato di una cinta regolabile grazie a un passante metallico, permettendo un adattamento personalizzato. Una grande tasca anteriore, divisa in due scomparti, offre uno spazio pratico per riporre piccoli utensili o oggetti. Le dimensioni del grembiule sono di 60 cm di altezza e 44 cm di larghezza.\n\n- Materiale: 100% cotone\n- Tasca anteriore a 2 scomparti\n- Dimensioni: H 60 cm, L 44 cm","sv":"Detta barnf\u00f6rkl\u00e4de \u00e4r tillverkat i bomull f\u00f6r att erbjuda komfort och skydd vid aktiviteter. Det har en justerbar storlek tack vare en metall\u00f6gla, vilket m\u00f6jligg\u00f6r en personlig anpassning. En stor framficka, uppdelad i tv\u00e5 fack, erbjuder ett praktiskt utrymme f\u00f6r att f\u00f6rvara sm\u00e5 verktyg eller f\u00f6rem\u00e5l. F\u00f6rkl\u00e4det m\u00e4ter 60 cm i h\u00f6jd och 44 cm i bredd\n\n- Material: 100% bomull\n- Framficka med 2 fack\n- M\u00e5tt: H 60 cm, B 44 cm","pt":"Este avental infantil \u00e9 feito de algod\u00e3o para oferecer conforto e prote\u00e7\u00e3o durante as atividades. Possui um cinto ajust\u00e1vel com um passante met\u00e1lico, permitindo um ajuste personalizado. Um grande bolso frontal, dividido em dois compartimentos, oferece um espa\u00e7o pr\u00e1tico para guardar pequenos utens\u00edlios ou objetos. As dimens\u00f5es do avental s\u00e3o de 60 cm de altura e 44 cm de largura.\n\n- Material: 100% algod\u00e3o\n- Bolso frontal com 2 compartimentos\n- Dimens\u00f5es: H 60 cm, L 44 cm","da":"Denne b\u00f8rnetasken er fremstillet af bomuld for at tilbyde komfort og beskyttelse under aktiviteter. Den er udstyret med en justerbar talje takket v\u00e6re en metalpas, som g\u00f8r det muligt at tilpasse den individuelt. En stor forpande lomme, opdelt i to afdelinger, tilbyder praktisk plads til opbevaring af sm\u00e5 v\u00e6rkt\u00f8jer eller genstande. Tasketaskens dimensioner er 60 cm i h\u00f8jde og 44 cm i bredde.\n\n- Materiale: 100% bomuld\n- Forpande lomme med 2 afdelinger\n- Dimensioner: H 60 cm, L 44 cm","pl":"Ten fartuch dzieci\u0119cy jest wykonany z bawe\u0142ny, aby zapewni\u0107 komfort i ochron\u0119 podczas zaj\u0119\u0107. Ma regulowan\u0105 tali\u0119 dzi\u0119ki metalowemu pasowi, co pozwala na indywidualne dostosowanie. Du\u017ca przednia kiesze\u0144, podzielona na dwa przedzia\u0142y, oferuje praktyczny przestrze\u0144 do przechowywania ma\u0142ych narz\u0119dzi lub przedmiot\u00f3w. Wymiary fartucha to 60 cm wysoko\u015bci i 44 cm szeroko\u015bci.\n\n- Materia\u0142: 100% bawe\u0142na\n- Przednia kiesze\u0144 z 2 przedzia\u0142ami\n- Wymiary: Wysoko\u015b\u0107 60 cm, Szeroko\u015b\u0107 44 cm"},"h1":{"fr":"Tablier enfant coton k889","en":"Child apron cotton k889","de":"Kindersch\u00fcrze Baumwolle k889","nl":"Kinderschort katoen k889","es":"Delantal de ni\u00f1o de algod\u00f3n k889","it":"Grembiule bambino cotone k889","sv":"Barnf\u00f6rkl\u00e4de i bomull k889","pt":"Avental infantil de algod\u00e3o k889","da":"B\u00f8rnetasken cotton k889","pl":"Fartuch dzieci\u0119cy bawe\u0142na k889"},"meta_description":{"fr":"Tablier enfant en coton avec poche avant. Ajustable, id\u00e9al pour les activit\u00e9s cr\u00e9atives et la protection des v\u00eatements. Dimensions : H 60 cm, L 44 cm.","en":"Child apron in cotton with front pocket. Adjustable, ideal for creative activities and clothing protection. Dimensions: H 60 cm, L 44 cm.","de":"Kindersch\u00fcrze aus Baumwolle mit vorderer Tasche. Einstellbar, ideal f\u00fcr kreative Aktivit\u00e4ten und zum Schutz der Kleidung. Abmessungen: H 60 cm, L 44 cm.","nl":"Kinderschort van katoen met voorzak. Aanpasbaar, ideaal voor creatieve activiteiten en bescherming van kleding. Afmetingen: H 60 cm, L 44 cm.","es":"Delantal de ni\u00f1o de algod\u00f3n con bolsillo delantero. Ajustable, ideal para actividades creativas y la protecci\u00f3n de la ropa. Dimensiones: H 60 cm, L 44 cm.","it":"Grembiule bambino in cotone con tasca anteriore. Regolabile, ideale per attivit\u00e0 creative e protezione degli abiti. Dimensioni: H 60 cm, L 44 cm.","sv":"Barnf\u00f6rkl\u00e4de i bomull med framficka. Justerbart, idealiskt f\u00f6r kreativa aktiviteter och skydd av kl\u00e4der. M\u00e5tt: H 60 cm, B 44 cm","pt":"Avental infantil de algod\u00e3o com bolso frontal. Ajust\u00e1vel, ideal para atividades criativas e prote\u00e7\u00e3o das roupas. Dimens\u00f5es: H 60 cm, L 44 cm.","da":"B\u00f8rnetasken i bomuld med forpande lomme. Justerbar, ideal til kreative aktiviteter og beskyttelse af t\u00f8j. Dimensioner: H 60 cm, L 44 cm.","pl":"Fartuch dzieci\u0119cy z bawe\u0142ny z przedni\u0105 kieszeni\u0105. Regulowany, idealny do tw\u00f3rczych zaj\u0119\u0107 i ochrony ubra\u0144. Wymiary: Wysoko\u015b\u0107 60 cm, Szeroko\u015b\u0107 44 cm."}},"custom":{"title":{"fr":"Tablier enfant coton KARIBAN k889 personnalis\u00e9","en":"Child cotton apron KARIBAN k889 personalized","de":"Kinder-Kittel KARIBAN k889 personalisiert","nl":"Kinderkoksmuts Kariban k889 personnaliseerd","es":"Delantal infantil de algod\u00f3n KARIBAN k889 personalizado","it":"Grembiule per bambini cotone KARIBAN k889 personalizzato","sv":"Barnf\u00f6rkl\u00e4de i bomull KARIBAN k889 anpassat","pt":"Avental infantil de algod\u00e3o KARIBAN k889 personalizado","da":"B\u00f8rnetablet af bomuld KARIBAN k889 personificeret","pl":"Fartuch dzieci\u0119cy bawe\u0142niany KARIBAN k889 spersonalizowany"},"description":{"fr":"Ce tablier enfant en coton offre confort et protection lors de diverses activit\u00e9s. Sa taille ajustable assure un ajustement optimal pour les enfants. Il est \u00e9quip\u00e9 d'une grande poche avant divis\u00e9e en deux compartiments, pratique pour ranger petits outils et accessoires. \n\n- Mati\u00e8re : 100% coton\n- Grande poche avant en 2 compartiments\n- Dimensions : H 60 cm - L 44 cm\n\nCe tablier est personnalisable, notamment par broderie, pour un rendu unique et adapt\u00e9 \u00e0 vos besoins. Il est parfait pour les \u00e9coles, les centres de loisirs ou pour offrir un cadeau original et personnalis\u00e9.","en":"This child's cotton apron offers comfort and protection during various activities. Its adjustable size ensures optimal fit for children. It is equipped with a large front pocket divided into two compartments, practical for storing small tools and accessories.\n\n- Material: 100% cotton\n- Large front pocket in 2 compartments\n- Dimensions: H 60 cm - L 44 cm\n\nThis apron can be customized, especially by embroidery, for a unique and tailored result. It is perfect for schools, leisure centers or to offer an original and personalized gift.","de":"Dieser Kinder-Kittel aus Baumwolle bietet Komfort und Schutz bei verschiedenen Aktivit\u00e4ten. Seine verstellbare Gr\u00f6\u00dfe sorgt f\u00fcr eine optimale Passform f\u00fcr Kinder. Er ist mit einer gro\u00dfen vorderen Tasche ausgestattet, die in zwei F\u00e4cher unterteilt ist, ideal zum Verstauen kleiner Werkzeuge und Accessoires.\n\n- Material: 100% Baumwolle\n- Gro\u00dfe vordere Tasche in 2 F\u00e4chern \n- Abmessungen: H 60 cm - L 44 cm\n\nDieser Kittel kann personalisiert werden, insbesondere durch Stickerei, f\u00fcr ein einzigartiges und an Ihre Bed\u00fcrfnisse angepasstes Ergebnis. Er ist perfekt f\u00fcr Schulen, Freizeitzentren oder zum Verschenken eines originellen und personalisierten Geschenks.","nl":"Deze kinderkoksmuts biedt comfort en bescherming tijdens diverse activiteiten. De aanpasbare maat zorgt voor een optimale pasvorm bij kinderen. Hij is uitgerust met een grote voorzak in twee compartimenten, handig om kleine gereedschappen en accessoires op te bergen.\n\n- Materiaal: 100% katoen\n- Grote voorzak in 2 compartimenten\n- Afmetingen: H 60 cm - L 44 cm\n\nDeze koksmuts is personaliseerbaar, onder meer door borduurwerk, voor een uniek en aangepast resultaat aan uw behoeften. Het is perfect voor scholen, vakantiecentra of om te geven als een origineel en gepersonaliseerd cadeau.","es":"Este delantal infantil de algod\u00f3n ofrece comodidad y protecci\u00f3n durante diversas actividades. Su tama\u00f1o ajustable asegura un ajuste \u00f3ptimo para los ni\u00f1os. Est\u00e1 equipado con un gran bolsillo frontal dividido en dos compartimentos, pr\u00e1ctico para guardar peque\u00f1os herramientas y accesorios.\n\n- Material: 100% algod\u00f3n\n- Gran bolsillo frontal en 2 compartimentos\n- Dimensiones: H 60 cm - L 44 cm\n\nEste delantal es personalizable, en particular por bordado, para un resultado \u00fanico y adaptado a sus necesidades. Es perfecto para las escuelas, los centros de ocio o para ofrecer un regalo original y personalizado.","it":"Questo grembiule per bambini in coton offre comfort e protezione durante diverse attivit\u00e0. La sua taglia regolabile garantisce un adattamento ottimale ai bambini. \u00c8 dotato di una grande tasca anteriore divisa in due scomparti, pratici per riporre piccoli strumenti ed accessori.\n\n- Materiale: 100% cotone\n- Grande tasca anteriore con 2 scomparti \n- Dimensioni: H 60 cm - L 44 cm\n\nQuesto grembiule \u00e8 personalizzabile, in particolare tramite ricamo, per un risultato unico e adatto alle vostre esigenze. \u00c8 perfetto per le scuole, i centri di svago o per regalare un dono originale e personalizzato.","sv":"Detta barnf\u00f6rkl\u00e4de i bomull erbjuder komfort och skydd vid olika aktiviteter. Dess justerbara storlek s\u00e4kerst\u00e4ller en optimal passform f\u00f6r barn. Det \u00e4r utrustat med en stor frams\u00e4ck uppdelad i tv\u00e5 fack, praktisk f\u00f6r att rymma sm\u00e5 verktyg och tillbeh\u00f6r.\n\n- Material: 100% bomull\n- Stor frams\u00e4ck i 2 fack\n- Dimensioner: H 60 cm - L 44 cm\n\nDetta f\u00f6rkl\u00e4de kan anpassas, bland annat genom stickning, f\u00f6r ett unikt och behovsanpassat resultat. Det \u00e4r perfekt f\u00f6r skolor, fritidscenter eller som originalpresent.","pt":"Este avental infantil de algod\u00e3o oferece conforto e prote\u00e7\u00e3o em v\u00e1rias atividades. Seu tamanho ajust\u00e1vel garante um ajuste \u00f3timo para as crian\u00e7as. Ele \u00e9 equipado com uma grande bolsa frontal dividida em dois compartimentos, pr\u00e1tica para guardar pequenos ferramentas e acess\u00f3rios. \n\n- Material: 100% algod\u00e3o\n- Grande bolsa frontal em 2 compartimentos\n- Dimens\u00f5es: H 60 cm - L 44 cm\n\nEste avental \u00e9 personaliz\u00e1vel, especialmente por bordado, para um visual \u00fanico e adaptado \u00e0s suas necessidades. \u00c9 perfeito para escolas, centros de lazer ou para oferecer um presente original e personalizado.","da":"Denne b\u00f8rnetablet af bomuld tilbyder komfort og beskyttelse under forskellige aktiviteter. Dens justerbare st\u00f8rrelse sikrer en optimal pasform for b\u00f8rn. Den er udstyret med en stor forpoke delt i to afdelinger, praktisk til opbevaring af sm\u00e5 v\u00e6rkt\u00f8jer og tilbeh\u00f8r.\n\n- Materiale: 100% bomuld\n- Stor forpoke i 2 afdelinger\n- Dimensioner: H 60 cm - L 44 cm\n\nDenne tablet kan personificeres, is\u00e6r ved broderi, for et unikt og tilpasset resultat. Den er perfekt til skoler, fritidscentre eller at give en original og personificeret gave.","pl":"Ten dzieci\u0119cy fartuch z bawe\u0142ny oferuje komfort i ochron\u0119 podczas r\u00f3\u017cnych aktywno\u015bci. Jego regulowana wielko\u015b\u0107 zapewnia optymalne dopasowanie dla dzieci. Jest wyposa\u017cony w du\u017cy przedni kiesze\u0144 podzielon\u0105 na dwa przedzia\u0142y, praktyczny do przechowywania ma\u0142ych narz\u0119dzi i akcesori\u00f3w.\n\n- Materia\u0142: 100% bawe\u0142na\n- Du\u017ca przednia kiesze\u0144 z 2 przedzia\u0142ami\n- Wymiary: Wysoko\u015b\u0107 60 cm - Szeroko\u015b\u0107 44 cm\n\nTen fartuch mo\u017cna spersonalizowa\u0107, m.in. poprzez haftowanie, aby uzyska\u0107 unikalny i dostosowany do potrzeb efekt. Jest idealny dla szk\u00f3\u0142, o\u015brodk\u00f3w wczasowych lub jako oryginalny i spersonalizowany prezent."},"h1":{"fr":"Tablier enfant coton k889 personnalis\u00e9","en":"Child cotton apron k889 personalized","de":"Kinder-Kittel k889 personalisiert","nl":"Kinderkoksmuts k889 personnaliseerd","es":"Delantal infantil de algod\u00f3n k889 personalizado","it":"Grembiule per bambini cotone k889 personalizzato","sv":"Barnf\u00f6rkl\u00e4de i bomull k889 anpassat","pt":"Avental infantil de algod\u00e3o k889 personalizado","da":"B\u00f8rnetablet af bomuld k889 personificeret","pl":"Fartuch dzieci\u0119cy bawe\u0142niany k889 spersonalizowany"},"meta_description":{"fr":"Tablier enfant en coton ajustable KARIBA. Id\u00e9al pour les ateliers cr\u00e9atifs, la cuisine ou les activit\u00e9s manuelles. Possibilit\u00e9 de personnalisation.","en":"Adjustable child cotton apron KARIBA. Ideal for creative workshops, cooking or manual activities. Possibility of customization.","de":"Kinder-Kittel aus Baumwolle KARIBA. Ideal f\u00fcr kreative Workshops, K\u00fcche oder manuelle Aktivit\u00e4ten. M\u00f6glichkeit der Personalisierung.","nl":"Kinderkoksmuts van 100% katoen aanpasbaar KARIBA. Ideaal voor creatieve ateliers, de keuken of handwerkactiviteiten. Mogelijkheid tot personalisatie.","es":"Delantal infantil en algod\u00f3n ajustable KARIBA. Ideal para talleres creativos, cocina o actividades manuales. Posibilidad de personalizaci\u00f3n.","it":"Grembiule per bambini in cotone regolabile KARIBA. Ideale per laboratori creativi, cucina o attivit\u00e0 manuali. Possibilit\u00e0 di personalizzazione.","sv":"Anpassbart barnf\u00f6rkl\u00e4de i bomull KARIBA. Idealiskt f\u00f6r kreativa verkst\u00e4der, matlagning eller manuella aktiviteter. M\u00f6jlighet till anpassning.","pt":"Avental infantil ajust\u00e1vel de algod\u00e3o KARIBA. Ideal para oficinas criativas, culin\u00e1ria ou atividades manuais. Possibilidade de personaliza\u00e7\u00e3o.","da":"B\u00f8rnetablet af bomuld justerbar KARIBA. Ideel til kreative v\u00e6rksteder, madlavning eller manuelle aktiviteter. Mulighed for personifikation.","pl":"Dzieci\u0119cy fartuch z bawe\u0142ny KARIBA. Idealny do warsztat\u00f3w kreatywnych, gotowania lub zaj\u0119\u0107 manualnych. Mo\u017cliwo\u015b\u0107 personalizacji."}}},"categories":[{"id":185,"name":"Tabliers","singular":"Tablier","is_feminin":false},{"id":354,"name":"Textile","singular":"Textile","is_feminin":false}],"certifications":[{"id":1,"label":"OEKO-TEX 100","logo_link":"\/images\/certifications\/1_OEKO-TEX_100.jpg","is_marking_compatible":false}],"videos":{"fr":[],"en":[],"de":[],"nl":[],"es":[],"it":[],"sv":[],"pt":[],"da":[],"pl":[]},"main_images":{"miniature":"https:\/\/media.th4.com\/yYOfRgRYklZkwQda0l1Mo4qIUBOrcBqlqn6x-vb9CxY\/pr:80\/aHR0cDovL21lZGlhMi5kZXNpZ25wYXJ0bmVyLmZyL2MvcC1NVC8zNjU2LmpwZw?v=1670844154","medium":"https:\/\/media.th4.com\/DSl477UPv5zBjCS0mPKsVEXEKLuO8vEOEKQfk94NQRQ\/pr:550x550greybg\/aHR0cDovL21lZGlhMi5kZXNpZ25wYXJ0bmVyLmZyL2MvcC1NVC8zNjU2LmpwZw?v=1670844154","medium_large":"https:\/\/media.th4.com\/JEFVKHjEt5IPy_IU2yDUAjTx-eZ752Pfo5r6VErY_vE\/pr:1000x1000greybg\/aHR0cDovL21lZGlhMi5kZXNpZ25wYXJ0bmVyLmZyL2MvcC1NVC8zNjU2LmpwZw?v=1670844154","large":"https:\/\/media.th4.com\/fvMEjShCvCnvjVUi0Ljpzh3fo-fZgJ6dTVvWRQvYtBA\/pr:1920greybg\/aHR0cDovL21lZGlhMi5kZXNpZ25wYXJ0bmVyLmZyL2MvcC1NVC8zNjU2LmpwZw?v=1670844154","opengraph":"https:\/\/media.th4.com\/Mc2R0YIKXBTy_2dh44lEe71evPjiepkrNjz1kyHdB7Y\/pr:1200x630greybg\/aHR0cDovL21lZGlhMi5kZXNpZ25wYXJ0bmVyLmZyL2MvcC1NVC8zNjU2LmpwZw?v=1670844154"},"main_images_customization":{"miniature":"https:\/\/media.th4.com\/yYOfRgRYklZkwQda0l1Mo4qIUBOrcBqlqn6x-vb9CxY\/pr:80\/aHR0cDovL21lZGlhMi5kZXNpZ25wYXJ0bmVyLmZyL2MvcC1NVC8zNjU2LmpwZw?v=1670844154","medium":"https:\/\/media.th4.com\/DSl477UPv5zBjCS0mPKsVEXEKLuO8vEOEKQfk94NQRQ\/pr:550x550greybg\/aHR0cDovL21lZGlhMi5kZXNpZ25wYXJ0bmVyLmZyL2MvcC1NVC8zNjU2LmpwZw?v=1670844154","medium_large":"https:\/\/media.th4.com\/JEFVKHjEt5IPy_IU2yDUAjTx-eZ752Pfo5r6VErY_vE\/pr:1000x1000greybg\/aHR0cDovL21lZGlhMi5kZXNpZ25wYXJ0bmVyLmZyL2MvcC1NVC8zNjU2LmpwZw?v=1670844154","large":"https:\/\/media.th4.com\/fvMEjShCvCnvjVUi0Ljpzh3fo-fZgJ6dTVvWRQvYtBA\/pr:1920greybg\/aHR0cDovL21lZGlhMi5kZXNpZ25wYXJ0bmVyLmZyL2MvcC1NVC8zNjU2LmpwZw?v=1670844154","opengraph":"https:\/\/media.th4.com\/Mc2R0YIKXBTy_2dh44lEe71evPjiepkrNjz1kyHdB7Y\/pr:1200x630greybg\/aHR0cDovL21lZGlhMi5kZXNpZ25wYXJ0bmVyLmZyL2MvcC1NVC8zNjU2LmpwZw?v=1670844154"},"page_links":{"fr":"\/fr\/p-ka-k889-tablier-enfant-coton-k889-3656\/","en":"\/en\/p-ka-k889-child-apron-cotton-k889-3656\/","de":"\/de\/p-ka-k889-kinderschurze-baumwolle-k889-3656\/","nl":"\/nl\/p-ka-k889-kinderschort-katoen-k889-3656\/","es":"\/es\/p-ka-k889-delantal-de-nino-de-algodon-k889-3656\/","it":"\/it\/p-ka-k889-grembiule-bambino-cotone-k889-3656\/","sv":"\/sv\/p-ka-k889-barnforklade-i-bomull-k889-3656\/","pt":"\/pt\/p-ka-k889-avental-infantil-de-algodao-k889-3656\/","da":"\/da\/p-ka-k889-bornetasken-cotton-k889-3656\/","pl":"\/pl\/p-ka-k889-fartuch-dzieciecy-bawelna-k889-3656\/"},"page_links_customization":{"fr":"\/fr\/p-ka-k889-tablier-enfant-coton-k889-personnalise-3656\/custom\/","en":"\/en\/p-ka-k889-child-cotton-apron-k889-personalized-3656\/custom\/","de":"\/de\/p-ka-k889-kinder-kittel-k889-personalisiert-3656\/custom\/","nl":"\/nl\/p-ka-k889-kinderkoksmuts-k889-personnaliseerd-3656\/custom\/","es":"\/es\/p-ka-k889-delantal-infantil-de-algodon-k889-personalizado-3656\/custom\/","it":"\/it\/p-ka-k889-grembiule-per-bambini-cotone-k889-personalizzato-3656\/custom\/","sv":"\/sv\/p-ka-k889-barnforklade-i-bomull-k889-anpassat-3656\/custom\/","pt":"\/pt\/p-ka-k889-avental-infantil-de-algodao-k889-personalizado-3656\/custom\/","da":"\/da\/p-ka-k889-bornetablet-af-bomuld-k889-personificeret-3656\/custom\/","pl":"\/pl\/p-ka-k889-fartuch-dzieciecy-bawelniany-k889-spersonalizowany-3656\/custom\/"},"equivalent_products":[],"colors":[{"id":1340,"name":"lime","class_ids":[5],"codes_hexa":["c4e76f"],"delai_24":false,"has_3d":false,"seuil_global":0,"stock_local":0,"stock_global":1899,"on_standby":false,"in_catalog":true,"images":{"miniature":["https:\/\/media.th4.com\/o9eRFIuyL1k9hfoLP3lQ2usRpwc_YewluvILkQgRrck\/pr:80\/aHR0cDovL21lZGlhMi5kZXNpZ25wYXJ0bmVyLmZyL2MvcC8zNjU2LzM2NTYtMTM0MC0xLmpwZw?v=1638344574","https:\/\/media.th4.com\/wPM2OEjD93DPxtT_g7xeW7pG2Lwf50_3bKmDb_7ptHI\/pr:80\/aHR0cDovL21lZGlhMi5kZXNpZ25wYXJ0bmVyLmZyL2MvcC8zNjU2LzM2NTYtMTM0MC0yLmpwZw?v=1638344574"],"medium":["https:\/\/media.th4.com\/So3mwB-wUFkyUZX2VOL8Y_9LqG-ULYgHjwiQO1KZ9Lo\/pr:550x550\/aHR0cDovL21lZGlhMi5kZXNpZ25wYXJ0bmVyLmZyL2MvcC8zNjU2LzM2NTYtMTM0MC0xLmpwZw?v=1638344574","https:\/\/media.th4.com\/IgJJnJGKSWMa2x6RG-cIA-St3vfi5Ij0d7FmQoxd4Mw\/pr:550x550\/aHR0cDovL21lZGlhMi5kZXNpZ25wYXJ0bmVyLmZyL2MvcC8zNjU2LzM2NTYtMTM0MC0yLmpwZw?v=1638344574"],"medium_large":["https:\/\/media.th4.com\/rZaY88l3lUp3RPiFVcxYB9xgg3Uao46V1i0qBZlcasM\/pr:1000x1000\/aHR0cDovL21lZGlhMi5kZXNpZ25wYXJ0bmVyLmZyL2MvcC8zNjU2LzM2NTYtMTM0MC0xLmpwZw?v=1638344574","https:\/\/media.th4.com\/o_fJFhEHO8wGhnm6rAlGUQrNLfQOONflCOvXZ_iPwRw\/pr:1000x1000\/aHR0cDovL21lZGlhMi5kZXNpZ25wYXJ0bmVyLmZyL2MvcC8zNjU2LzM2NTYtMTM0MC0yLmpwZw?v=1638344574"],"large":["https:\/\/media.th4.com\/MwrH4qT2FcbQG9iLAT1FqNnap9GhlrTm5sEs-sJVEXA\/pr:1920\/aHR0cDovL21lZGlhMi5kZXNpZ25wYXJ0bmVyLmZyL2MvcC8zNjU2LzM2NTYtMTM0MC0xLmpwZw?v=1638344574","https:\/\/media.th4.com\/Cuc6FIK7pSr1M02QKhTPRgrM5lU_vKgqLofvJLOZ86U\/pr:1920\/aHR0cDovL21lZGlhMi5kZXNpZ25wYXJ0bmVyLmZyL2MvcC8zNjU2LzM2NTYtMTM0MC0yLmpwZw?v=1638344574"],"opengraph":["https:\/\/media.th4.com\/2ua_SFnHR1d3zIA05CzlqS5LKr8uXpQcJAq-e-j6Ddc\/pr:1200x630\/aHR0cDovL21lZGlhMi5kZXNpZ25wYXJ0bmVyLmZyL2MvcC8zNjU2LzM2NTYtMTM0MC0xLmpwZw?v=1638344574","https:\/\/media.th4.com\/dL8wNi0xVllDvhdI4sf86Uk9y6k4LBgaR8b5_jxqrOE\/pr:1200x630\/aHR0cDovL21lZGlhMi5kZXNpZ25wYXJ0bmVyLmZyL2MvcC8zNjU2LzM2NTYtMTM0MC0yLmpwZw?v=1638344574"]},"images_customization":{"miniature":["https:\/\/media.th4.com\/o9eRFIuyL1k9hfoLP3lQ2usRpwc_YewluvILkQgRrck\/pr:80\/aHR0cDovL21lZGlhMi5kZXNpZ25wYXJ0bmVyLmZyL2MvcC8zNjU2LzM2NTYtMTM0MC0xLmpwZw?v=1638344574","https:\/\/media.th4.com\/wPM2OEjD93DPxtT_g7xeW7pG2Lwf50_3bKmDb_7ptHI\/pr:80\/aHR0cDovL21lZGlhMi5kZXNpZ25wYXJ0bmVyLmZyL2MvcC8zNjU2LzM2NTYtMTM0MC0yLmpwZw?v=1638344574"],"medium":["https:\/\/media.th4.com\/So3mwB-wUFkyUZX2VOL8Y_9LqG-ULYgHjwiQO1KZ9Lo\/pr:550x550\/aHR0cDovL21lZGlhMi5kZXNpZ25wYXJ0bmVyLmZyL2MvcC8zNjU2LzM2NTYtMTM0MC0xLmpwZw?v=1638344574","https:\/\/media.th4.com\/IgJJnJGKSWMa2x6RG-cIA-St3vfi5Ij0d7FmQoxd4Mw\/pr:550x550\/aHR0cDovL21lZGlhMi5kZXNpZ25wYXJ0bmVyLmZyL2MvcC8zNjU2LzM2NTYtMTM0MC0yLmpwZw?v=1638344574"],"medium_large":["https:\/\/media.th4.com\/rZaY88l3lUp3RPiFVcxYB9xgg3Uao46V1i0qBZlcasM\/pr:1000x1000\/aHR0cDovL21lZGlhMi5kZXNpZ25wYXJ0bmVyLmZyL2MvcC8zNjU2LzM2NTYtMTM0MC0xLmpwZw?v=1638344574","https:\/\/media.th4.com\/o_fJFhEHO8wGhnm6rAlGUQrNLfQOONflCOvXZ_iPwRw\/pr:1000x1000\/aHR0cDovL21lZGlhMi5kZXNpZ25wYXJ0bmVyLmZyL2MvcC8zNjU2LzM2NTYtMTM0MC0yLmpwZw?v=1638344574"],"large":["https:\/\/media.th4.com\/MwrH4qT2FcbQG9iLAT1FqNnap9GhlrTm5sEs-sJVEXA\/pr:1920\/aHR0cDovL21lZGlhMi5kZXNpZ25wYXJ0bmVyLmZyL2MvcC8zNjU2LzM2NTYtMTM0MC0xLmpwZw?v=1638344574","https:\/\/media.th4.com\/Cuc6FIK7pSr1M02QKhTPRgrM5lU_vKgqLofvJLOZ86U\/pr:1920\/aHR0cDovL21lZGlhMi5kZXNpZ25wYXJ0bmVyLmZyL2MvcC8zNjU2LzM2NTYtMTM0MC0yLmpwZw?v=1638344574"],"opengraph":["https:\/\/media.th4.com\/2ua_SFnHR1d3zIA05CzlqS5LKr8uXpQcJAq-e-j6Ddc\/pr:1200x630\/aHR0cDovL21lZGlhMi5kZXNpZ25wYXJ0bmVyLmZyL2MvcC8zNjU2LzM2NTYtMTM0MC0xLmpwZw?v=1638344574","https:\/\/media.th4.com\/dL8wNi0xVllDvhdI4sf86Uk9y6k4LBgaR8b5_jxqrOE\/pr:1200x630\/aHR0cDovL21lZGlhMi5kZXNpZ25wYXJ0bmVyLmZyL2MvcC8zNjU2LzM2NTYtMTM0MC0yLmpwZw?v=1638344574"]},"country_origin":"CN","traceability":{"manufacturing_country_id":null,"weaving_country_id":null,"dyeing_country_id":null},"sizes":[{"id":42,"article_id":109792,"class_id":19,"name":"taille_unique","on_standby":false,"stock_local":0,"stock_global":1899,"multiple":1,"estimated_date_reassort":null,"is_destocking":false}],"page_links":{"fr":"\/fr\/p-ka-k889-tablier-enfant-coton-k889-3656\/lime-1340\/","en":"\/en\/p-ka-k889-child-apron-cotton-k889-3656\/lime-1340\/","de":"\/de\/p-ka-k889-kinderschurze-baumwolle-k889-3656\/lime-1340\/","nl":"\/nl\/p-ka-k889-kinderschort-katoen-k889-3656\/lime-1340\/","es":"\/es\/p-ka-k889-delantal-de-nino-de-algodon-k889-3656\/lime-1340\/","it":"\/it\/p-ka-k889-grembiule-bambino-cotone-k889-3656\/lime-1340\/","sv":"\/sv\/p-ka-k889-barnforklade-i-bomull-k889-3656\/lime-1340\/","pt":"\/pt\/p-ka-k889-avental-infantil-de-algodao-k889-3656\/lime-1340\/","da":"\/da\/p-ka-k889-bornetasken-cotton-k889-3656\/lime-1340\/","pl":"\/pl\/p-ka-k889-fartuch-dzieciecy-bawelna-k889-3656\/lime-1340\/"},"page_links_customization":{"fr":"\/fr\/p-ka-k889-tablier-enfant-coton-k889-personnalise-3656\/lime-1340\/custom\/","en":"\/en\/p-ka-k889-child-cotton-apron-k889-personalized-3656\/lime-1340\/custom\/","de":"\/de\/p-ka-k889-kinder-kittel-k889-personalisiert-3656\/lime-1340\/custom\/","nl":"\/nl\/p-ka-k889-kinderkoksmuts-k889-personnaliseerd-3656\/lime-1340\/custom\/","es":"\/es\/p-ka-k889-delantal-infantil-de-algodon-k889-personalizado-3656\/lime-1340\/custom\/","it":"\/it\/p-ka-k889-grembiule-per-bambini-cotone-k889-personalizzato-3656\/lime-1340\/custom\/","sv":"\/sv\/p-ka-k889-barnforklade-i-bomull-k889-anpassat-3656\/lime-1340\/custom\/","pt":"\/pt\/p-ka-k889-avental-infantil-de-algodao-k889-personalizado-3656\/lime-1340\/custom\/","da":"\/da\/p-ka-k889-bornetablet-af-bomuld-k889-personificeret-3656\/lime-1340\/custom\/","pl":"\/pl\/p-ka-k889-fartuch-dzieciecy-bawelniany-k889-spersonalizowany-3656\/lime-1340\/custom\/"}},{"id":1509,"name":"dark_pink","class_ids":[7],"codes_hexa":["f9a1cb"],"delai_24":false,"has_3d":false,"seuil_global":0,"stock_local":0,"stock_global":1888,"on_standby":false,"in_catalog":true,"images":{"miniature":["https:\/\/media.th4.com\/kfsDWD8opdpO70-TB-6Gp7ujTqbzOz3_e_HrRjAoGww\/pr:80\/aHR0cDovL21lZGlhMi5kZXNpZ25wYXJ0bmVyLmZyL2MvcC8zNjU2LzM2NTYtMTUwOS0xLmpwZw?v=1638344574","https:\/\/media.th4.com\/7tcYDh1jFSAIWWmDHeZ_nFx1yBlAeHnlMFfin1XBrcM\/pr:80\/aHR0cDovL21lZGlhMi5kZXNpZ25wYXJ0bmVyLmZyL2MvcC8zNjU2LzM2NTYtMTUwOS0yLmpwZw?v=1638344574"],"medium":["https:\/\/media.th4.com\/6cGMDY7Afx19lsgpB4FlGvqUmsai_6AnG74__gOZM9g\/pr:550x550\/aHR0cDovL21lZGlhMi5kZXNpZ25wYXJ0bmVyLmZyL2MvcC8zNjU2LzM2NTYtMTUwOS0xLmpwZw?v=1638344574","https:\/\/media.th4.com\/C5tzJgx8VkNyv865cdhHeIPocQT3JScFjYdJ-ia-_H4\/pr:550x550\/aHR0cDovL21lZGlhMi5kZXNpZ25wYXJ0bmVyLmZyL2MvcC8zNjU2LzM2NTYtMTUwOS0yLmpwZw?v=1638344574"],"medium_large":["https:\/\/media.th4.com\/RTPM7YNFhnGB7jNan1-fN32gtIICRmcCR0qlp-V14tQ\/pr:1000x1000\/aHR0cDovL21lZGlhMi5kZXNpZ25wYXJ0bmVyLmZyL2MvcC8zNjU2LzM2NTYtMTUwOS0xLmpwZw?v=1638344574","https:\/\/media.th4.com\/XpbwQVwRoVnUBKgxap2FgmYuxNGNPJD2JRfPuMUTBmc\/pr:1000x1000\/aHR0cDovL21lZGlhMi5kZXNpZ25wYXJ0bmVyLmZyL2MvcC8zNjU2LzM2NTYtMTUwOS0yLmpwZw?v=1638344574"],"large":["https:\/\/media.th4.com\/NdTotzZPBCEvK7kBQeVHq1hZil4AfE34ZLVd-dQdvwM\/pr:1920\/aHR0cDovL21lZGlhMi5kZXNpZ25wYXJ0bmVyLmZyL2MvcC8zNjU2LzM2NTYtMTUwOS0xLmpwZw?v=1638344574","https:\/\/media.th4.com\/lXWZS4hTU82it-1wG4B_vX7HBYtmwVYReAwWHUsJCrA\/pr:1920\/aHR0cDovL21lZGlhMi5kZXNpZ25wYXJ0bmVyLmZyL2MvcC8zNjU2LzM2NTYtMTUwOS0yLmpwZw?v=1638344574"],"opengraph":["https:\/\/media.th4.com\/Uy5US_vxevLztR0LfdGf6pVDXAeG_FV55Ptu2jLzuag\/pr:1200x630\/aHR0cDovL21lZGlhMi5kZXNpZ25wYXJ0bmVyLmZyL2MvcC8zNjU2LzM2NTYtMTUwOS0xLmpwZw?v=1638344574","https:\/\/media.th4.com\/pW1Qw2mUo2YVaVJiCd9IQXaRJoUTJY4mKF3tg2umqCc\/pr:1200x630\/aHR0cDovL21lZGlhMi5kZXNpZ25wYXJ0bmVyLmZyL2MvcC8zNjU2LzM2NTYtMTUwOS0yLmpwZw?v=1638344574"]},"images_customization":{"miniature":["https:\/\/media.th4.com\/kfsDWD8opdpO70-TB-6Gp7ujTqbzOz3_e_HrRjAoGww\/pr:80\/aHR0cDovL21lZGlhMi5kZXNpZ25wYXJ0bmVyLmZyL2MvcC8zNjU2LzM2NTYtMTUwOS0xLmpwZw?v=1638344574","https:\/\/media.th4.com\/7tcYDh1jFSAIWWmDHeZ_nFx1yBlAeHnlMFfin1XBrcM\/pr:80\/aHR0cDovL21lZGlhMi5kZXNpZ25wYXJ0bmVyLmZyL2MvcC8zNjU2LzM2NTYtMTUwOS0yLmpwZw?v=1638344574"],"medium":["https:\/\/media.th4.com\/6cGMDY7Afx19lsgpB4FlGvqUmsai_6AnG74__gOZM9g\/pr:550x550\/aHR0cDovL21lZGlhMi5kZXNpZ25wYXJ0bmVyLmZyL2MvcC8zNjU2LzM2NTYtMTUwOS0xLmpwZw?v=1638344574","https:\/\/media.th4.com\/C5tzJgx8VkNyv865cdhHeIPocQT3JScFjYdJ-ia-_H4\/pr:550x550\/aHR0cDovL21lZGlhMi5kZXNpZ25wYXJ0bmVyLmZyL2MvcC8zNjU2LzM2NTYtMTUwOS0yLmpwZw?v=1638344574"],"medium_large":["https:\/\/media.th4.com\/RTPM7YNFhnGB7jNan1-fN32gtIICRmcCR0qlp-V14tQ\/pr:1000x1000\/aHR0cDovL21lZGlhMi5kZXNpZ25wYXJ0bmVyLmZyL2MvcC8zNjU2LzM2NTYtMTUwOS0xLmpwZw?v=1638344574","https:\/\/media.th4.com\/XpbwQVwRoVnUBKgxap2FgmYuxNGNPJD2JRfPuMUTBmc\/pr:1000x1000\/aHR0cDovL21lZGlhMi5kZXNpZ25wYXJ0bmVyLmZyL2MvcC8zNjU2LzM2NTYtMTUwOS0yLmpwZw?v=1638344574"],"large":["https:\/\/media.th4.com\/NdTotzZPBCEvK7kBQeVHq1hZil4AfE34ZLVd-dQdvwM\/pr:1920\/aHR0cDovL21lZGlhMi5kZXNpZ25wYXJ0bmVyLmZyL2MvcC8zNjU2LzM2NTYtMTUwOS0xLmpwZw?v=1638344574","https:\/\/media.th4.com\/lXWZS4hTU82it-1wG4B_vX7HBYtmwVYReAwWHUsJCrA\/pr:1920\/aHR0cDovL21lZGlhMi5kZXNpZ25wYXJ0bmVyLmZyL2MvcC8zNjU2LzM2NTYtMTUwOS0yLmpwZw?v=1638344574"],"opengraph":["https:\/\/media.th4.com\/Uy5US_vxevLztR0LfdGf6pVDXAeG_FV55Ptu2jLzuag\/pr:1200x630\/aHR0cDovL21lZGlhMi5kZXNpZ25wYXJ0bmVyLmZyL2MvcC8zNjU2LzM2NTYtMTUwOS0xLmpwZw?v=1638344574","https:\/\/media.th4.com\/pW1Qw2mUo2YVaVJiCd9IQXaRJoUTJY4mKF3tg2umqCc\/pr:1200x630\/aHR0cDovL21lZGlhMi5kZXNpZ25wYXJ0bmVyLmZyL2MvcC8zNjU2LzM2NTYtMTUwOS0yLmpwZw?v=1638344574"]},"country_origin":"CN","traceability":{"manufacturing_country_id":null,"weaving_country_id":null,"dyeing_country_id":null},"sizes":[{"id":42,"article_id":109790,"class_id":19,"name":"taille_unique","on_standby":false,"stock_local":0,"stock_global":1888,"multiple":1,"estimated_date_reassort":null,"is_destocking":false}],"page_links":{"fr":"\/fr\/p-ka-k889-tablier-enfant-coton-k889-3656\/dark-pink-1509\/","en":"\/en\/p-ka-k889-child-apron-cotton-k889-3656\/dark-pink-1509\/","de":"\/de\/p-ka-k889-kinderschurze-baumwolle-k889-3656\/dark-pink-1509\/","nl":"\/nl\/p-ka-k889-kinderschort-katoen-k889-3656\/dark-pink-1509\/","es":"\/es\/p-ka-k889-delantal-de-nino-de-algodon-k889-3656\/dark-pink-1509\/","it":"\/it\/p-ka-k889-grembiule-bambino-cotone-k889-3656\/dark-pink-1509\/","sv":"\/sv\/p-ka-k889-barnforklade-i-bomull-k889-3656\/dark-pink-1509\/","pt":"\/pt\/p-ka-k889-avental-infantil-de-algodao-k889-3656\/dark-pink-1509\/","da":"\/da\/p-ka-k889-bornetasken-cotton-k889-3656\/dark-pink-1509\/","pl":"\/pl\/p-ka-k889-fartuch-dzieciecy-bawelna-k889-3656\/dark-pink-1509\/"},"page_links_customization":{"fr":"\/fr\/p-ka-k889-tablier-enfant-coton-k889-personnalise-3656\/dark-pink-1509\/custom\/","en":"\/en\/p-ka-k889-child-cotton-apron-k889-personalized-3656\/dark-pink-1509\/custom\/","de":"\/de\/p-ka-k889-kinder-kittel-k889-personalisiert-3656\/dark-pink-1509\/custom\/","nl":"\/nl\/p-ka-k889-kinderkoksmuts-k889-personnaliseerd-3656\/dark-pink-1509\/custom\/","es":"\/es\/p-ka-k889-delantal-infantil-de-algodon-k889-personalizado-3656\/dark-pink-1509\/custom\/","it":"\/it\/p-ka-k889-grembiule-per-bambini-cotone-k889-personalizzato-3656\/dark-pink-1509\/custom\/","sv":"\/sv\/p-ka-k889-barnforklade-i-bomull-k889-anpassat-3656\/dark-pink-1509\/custom\/","pt":"\/pt\/p-ka-k889-avental-infantil-de-algodao-k889-personalizado-3656\/dark-pink-1509\/custom\/","da":"\/da\/p-ka-k889-bornetablet-af-bomuld-k889-personificeret-3656\/dark-pink-1509\/custom\/","pl":"\/pl\/p-ka-k889-fartuch-dzieciecy-bawelniany-k889-spersonalizowany-3656\/dark-pink-1509\/custom\/"}},{"id":1520,"name":"black","class_ids":[4],"codes_hexa":["1a1a18"],"delai_24":false,"has_3d":false,"seuil_global":0,"stock_local":0,"stock_global":1796,"on_standby":false,"in_catalog":true,"images":{"miniature":["https:\/\/media.th4.com\/_3djta_ltLTE-sX11hGRyfuXwRIlSlrEcBry2dT9gf8\/pr:80\/aHR0cDovL21lZGlhMi5kZXNpZ25wYXJ0bmVyLmZyL2MvcC8zNjU2LzM2NTYtMTUyMC0xLmpwZw?v=1638344574","https:\/\/media.th4.com\/hFkUHAs_zNL875Bu9brwJTYgELfjRin7pyJ0M6OjgEQ\/pr:80\/aHR0cDovL21lZGlhMi5kZXNpZ25wYXJ0bmVyLmZyL2MvcC8zNjU2LzM2NTYtMTUyMC0yLmpwZw?v=1638344574"],"medium":["https:\/\/media.th4.com\/OK0r8SIPS88tgMKxdboHlvRg6UyCrV57QvNvkdHWWiw\/pr:550x550\/aHR0cDovL21lZGlhMi5kZXNpZ25wYXJ0bmVyLmZyL2MvcC8zNjU2LzM2NTYtMTUyMC0xLmpwZw?v=1638344574","https:\/\/media.th4.com\/8bfFKasaBd78jJrGD5UT-312rmatU2_ODso6CSa76E8\/pr:550x550\/aHR0cDovL21lZGlhMi5kZXNpZ25wYXJ0bmVyLmZyL2MvcC8zNjU2LzM2NTYtMTUyMC0yLmpwZw?v=1638344574"],"medium_large":["https:\/\/media.th4.com\/9FW0Hz29dAH4HI7dMb4S-nttHLqAr4sRpf3zmyQ03T0\/pr:1000x1000\/aHR0cDovL21lZGlhMi5kZXNpZ25wYXJ0bmVyLmZyL2MvcC8zNjU2LzM2NTYtMTUyMC0xLmpwZw?v=1638344574","https:\/\/media.th4.com\/lh2Qi7XkvB5BEzfWmFwtuQXVX-lKLVN3WgVoKDgQ7HQ\/pr:1000x1000\/aHR0cDovL21lZGlhMi5kZXNpZ25wYXJ0bmVyLmZyL2MvcC8zNjU2LzM2NTYtMTUyMC0yLmpwZw?v=1638344574"],"large":["https:\/\/media.th4.com\/WGV4aw40EDOJm8ia8g7a-BlVzQYAgNnYMOb97WBZvkY\/pr:1920\/aHR0cDovL21lZGlhMi5kZXNpZ25wYXJ0bmVyLmZyL2MvcC8zNjU2LzM2NTYtMTUyMC0xLmpwZw?v=1638344574","https:\/\/media.th4.com\/COZBMsr2ATPPJtJv0BNZ4rR8oMQe1qtD_16p05z1mwg\/pr:1920\/aHR0cDovL21lZGlhMi5kZXNpZ25wYXJ0bmVyLmZyL2MvcC8zNjU2LzM2NTYtMTUyMC0yLmpwZw?v=1638344574"],"opengraph":["https:\/\/media.th4.com\/smGkKVP_evuRJSiIDujAPZrmF4w2TLwem2-iTB6h_8E\/pr:1200x630\/aHR0cDovL21lZGlhMi5kZXNpZ25wYXJ0bmVyLmZyL2MvcC8zNjU2LzM2NTYtMTUyMC0xLmpwZw?v=1638344574","https:\/\/media.th4.com\/-Q6EGyjc1w_6fB4GGcYg33Y1-FxnjXLc10VCgYsYz8Q\/pr:1200x630\/aHR0cDovL21lZGlhMi5kZXNpZ25wYXJ0bmVyLmZyL2MvcC8zNjU2LzM2NTYtMTUyMC0yLmpwZw?v=1638344574"]},"images_customization":{"miniature":["https:\/\/media.th4.com\/_3djta_ltLTE-sX11hGRyfuXwRIlSlrEcBry2dT9gf8\/pr:80\/aHR0cDovL21lZGlhMi5kZXNpZ25wYXJ0bmVyLmZyL2MvcC8zNjU2LzM2NTYtMTUyMC0xLmpwZw?v=1638344574","https:\/\/media.th4.com\/hFkUHAs_zNL875Bu9brwJTYgELfjRin7pyJ0M6OjgEQ\/pr:80\/aHR0cDovL21lZGlhMi5kZXNpZ25wYXJ0bmVyLmZyL2MvcC8zNjU2LzM2NTYtMTUyMC0yLmpwZw?v=1638344574"],"medium":["https:\/\/media.th4.com\/OK0r8SIPS88tgMKxdboHlvRg6UyCrV57QvNvkdHWWiw\/pr:550x550\/aHR0cDovL21lZGlhMi5kZXNpZ25wYXJ0bmVyLmZyL2MvcC8zNjU2LzM2NTYtMTUyMC0xLmpwZw?v=1638344574","https:\/\/media.th4.com\/8bfFKasaBd78jJrGD5UT-312rmatU2_ODso6CSa76E8\/pr:550x550\/aHR0cDovL21lZGlhMi5kZXNpZ25wYXJ0bmVyLmZyL2MvcC8zNjU2LzM2NTYtMTUyMC0yLmpwZw?v=1638344574"],"medium_large":["https:\/\/media.th4.com\/9FW0Hz29dAH4HI7dMb4S-nttHLqAr4sRpf3zmyQ03T0\/pr:1000x1000\/aHR0cDovL21lZGlhMi5kZXNpZ25wYXJ0bmVyLmZyL2MvcC8zNjU2LzM2NTYtMTUyMC0xLmpwZw?v=1638344574","https:\/\/media.th4.com\/lh2Qi7XkvB5BEzfWmFwtuQXVX-lKLVN3WgVoKDgQ7HQ\/pr:1000x1000\/aHR0cDovL21lZGlhMi5kZXNpZ25wYXJ0bmVyLmZyL2MvcC8zNjU2LzM2NTYtMTUyMC0yLmpwZw?v=1638344574"],"large":["https:\/\/media.th4.com\/WGV4aw40EDOJm8ia8g7a-BlVzQYAgNnYMOb97WBZvkY\/pr:1920\/aHR0cDovL21lZGlhMi5kZXNpZ25wYXJ0bmVyLmZyL2MvcC8zNjU2LzM2NTYtMTUyMC0xLmpwZw?v=1638344574","https:\/\/media.th4.com\/COZBMsr2ATPPJtJv0BNZ4rR8oMQe1qtD_16p05z1mwg\/pr:1920\/aHR0cDovL21lZGlhMi5kZXNpZ25wYXJ0bmVyLmZyL2MvcC8zNjU2LzM2NTYtMTUyMC0yLmpwZw?v=1638344574"],"opengraph":["https:\/\/media.th4.com\/smGkKVP_evuRJSiIDujAPZrmF4w2TLwem2-iTB6h_8E\/pr:1200x630\/aHR0cDovL21lZGlhMi5kZXNpZ25wYXJ0bmVyLmZyL2MvcC8zNjU2LzM2NTYtMTUyMC0xLmpwZw?v=1638344574","https:\/\/media.th4.com\/-Q6EGyjc1w_6fB4GGcYg33Y1-FxnjXLc10VCgYsYz8Q\/pr:1200x630\/aHR0cDovL21lZGlhMi5kZXNpZ25wYXJ0bmVyLmZyL2MvcC8zNjU2LzM2NTYtMTUyMC0yLmpwZw?v=1638344574"]},"country_origin":"CN","traceability":{"manufacturing_country_id":null,"weaving_country_id":null,"dyeing_country_id":null},"sizes":[{"id":42,"article_id":110980,"class_id":19,"name":"taille_unique","on_standby":false,"stock_local":0,"stock_global":1796,"multiple":1,"estimated_date_reassort":null,"is_destocking":false}],"page_links":{"fr":"\/fr\/p-ka-k889-tablier-enfant-coton-k889-3656\/black-1520\/","en":"\/en\/p-ka-k889-child-apron-cotton-k889-3656\/black-1520\/","de":"\/de\/p-ka-k889-kinderschurze-baumwolle-k889-3656\/black-1520\/","nl":"\/nl\/p-ka-k889-kinderschort-katoen-k889-3656\/black-1520\/","es":"\/es\/p-ka-k889-delantal-de-nino-de-algodon-k889-3656\/black-1520\/","it":"\/it\/p-ka-k889-grembiule-bambino-cotone-k889-3656\/black-1520\/","sv":"\/sv\/p-ka-k889-barnforklade-i-bomull-k889-3656\/black-1520\/","pt":"\/pt\/p-ka-k889-avental-infantil-de-algodao-k889-3656\/black-1520\/","da":"\/da\/p-ka-k889-bornetasken-cotton-k889-3656\/black-1520\/","pl":"\/pl\/p-ka-k889-fartuch-dzieciecy-bawelna-k889-3656\/black-1520\/"},"page_links_customization":{"fr":"\/fr\/p-ka-k889-tablier-enfant-coton-k889-personnalise-3656\/black-1520\/custom\/","en":"\/en\/p-ka-k889-child-cotton-apron-k889-personalized-3656\/black-1520\/custom\/","de":"\/de\/p-ka-k889-kinder-kittel-k889-personalisiert-3656\/black-1520\/custom\/","nl":"\/nl\/p-ka-k889-kinderkoksmuts-k889-personnaliseerd-3656\/black-1520\/custom\/","es":"\/es\/p-ka-k889-delantal-infantil-de-algodon-k889-personalizado-3656\/black-1520\/custom\/","it":"\/it\/p-ka-k889-grembiule-per-bambini-cotone-k889-personalizzato-3656\/black-1520\/custom\/","sv":"\/sv\/p-ka-k889-barnforklade-i-bomull-k889-anpassat-3656\/black-1520\/custom\/","pt":"\/pt\/p-ka-k889-avental-infantil-de-algodao-k889-personalizado-3656\/black-1520\/custom\/","da":"\/da\/p-ka-k889-bornetablet-af-bomuld-k889-personificeret-3656\/black-1520\/custom\/","pl":"\/pl\/p-ka-k889-fartuch-dzieciecy-bawelniany-k889-spersonalizowany-3656\/black-1520\/custom\/"}},{"id":1385,"name":"lagoon","class_ids":[2],"codes_hexa":["5eb6e4"],"delai_24":false,"has_3d":false,"seuil_global":0,"stock_local":0,"stock_global":1757,"on_standby":false,"in_catalog":true,"images":{"miniature":["https:\/\/media.th4.com\/JOAzLDhTR8F-C8A6t2AJW4ItWiqae0nlGoEQFlBQWXs\/pr:80\/aHR0cDovL21lZGlhMi5kZXNpZ25wYXJ0bmVyLmZyL2MvcC8zNjU2LzM2NTYtMTM4NS0xLmpwZw?v=1638344574","https:\/\/media.th4.com\/cxiRkPyn0zvpAbI2EfMzgkvWE_f6ZSNdUfEMjarVvJg\/pr:80\/aHR0cDovL21lZGlhMi5kZXNpZ25wYXJ0bmVyLmZyL2MvcC8zNjU2LzM2NTYtMTM4NS0yLmpwZw?v=1638344574"],"medium":["https:\/\/media.th4.com\/FqEExtG5SUCerhsAhzrZt3PZ7P-Y9VtCY3p7MofnGK4\/pr:550x550\/aHR0cDovL21lZGlhMi5kZXNpZ25wYXJ0bmVyLmZyL2MvcC8zNjU2LzM2NTYtMTM4NS0xLmpwZw?v=1638344574","https:\/\/media.th4.com\/Mm57L17Tl-VUYMFwnsPoy8AOv3QfY8sbUya99xMht6s\/pr:550x550\/aHR0cDovL21lZGlhMi5kZXNpZ25wYXJ0bmVyLmZyL2MvcC8zNjU2LzM2NTYtMTM4NS0yLmpwZw?v=1638344574"],"medium_large":["https:\/\/media.th4.com\/QMvoz2NxQfSG3rEHiQ3dHBZpEYyd17XwRE4RC574ilw\/pr:1000x1000\/aHR0cDovL21lZGlhMi5kZXNpZ25wYXJ0bmVyLmZyL2MvcC8zNjU2LzM2NTYtMTM4NS0xLmpwZw?v=1638344574","https:\/\/media.th4.com\/WICuGRQu91zOHhUgVNmkGTeOkm6zTSwYZn5zB8p38ws\/pr:1000x1000\/aHR0cDovL21lZGlhMi5kZXNpZ25wYXJ0bmVyLmZyL2MvcC8zNjU2LzM2NTYtMTM4NS0yLmpwZw?v=1638344574"],"large":["https:\/\/media.th4.com\/sXyWNV8-iWq-tMFJJ8r_wZMYGSqYZm3PcDXDCMPnLeU\/pr:1920\/aHR0cDovL21lZGlhMi5kZXNpZ25wYXJ0bmVyLmZyL2MvcC8zNjU2LzM2NTYtMTM4NS0xLmpwZw?v=1638344574","https:\/\/media.th4.com\/Llst3aPkoFIkch-IZfMzcmA4nvnCcZJpbm0rcEFfI_Q\/pr:1920\/aHR0cDovL21lZGlhMi5kZXNpZ25wYXJ0bmVyLmZyL2MvcC8zNjU2LzM2NTYtMTM4NS0yLmpwZw?v=1638344574"],"opengraph":["https:\/\/media.th4.com\/KHEos2bww6eRTww6AqF69mbgr2YNUY3hq70fY1POWj4\/pr:1200x630\/aHR0cDovL21lZGlhMi5kZXNpZ25wYXJ0bmVyLmZyL2MvcC8zNjU2LzM2NTYtMTM4NS0xLmpwZw?v=1638344574","https:\/\/media.th4.com\/D_MZVtXI8IKGsmoWa80-Rmbv_eZ6zQWX5EJdT9oLBOg\/pr:1200x630\/aHR0cDovL21lZGlhMi5kZXNpZ25wYXJ0bmVyLmZyL2MvcC8zNjU2LzM2NTYtMTM4NS0yLmpwZw?v=1638344574"]},"images_customization":{"miniature":["https:\/\/media.th4.com\/JOAzLDhTR8F-C8A6t2AJW4ItWiqae0nlGoEQFlBQWXs\/pr:80\/aHR0cDovL21lZGlhMi5kZXNpZ25wYXJ0bmVyLmZyL2MvcC8zNjU2LzM2NTYtMTM4NS0xLmpwZw?v=1638344574","https:\/\/media.th4.com\/cxiRkPyn0zvpAbI2EfMzgkvWE_f6ZSNdUfEMjarVvJg\/pr:80\/aHR0cDovL21lZGlhMi5kZXNpZ25wYXJ0bmVyLmZyL2MvcC8zNjU2LzM2NTYtMTM4NS0yLmpwZw?v=1638344574"],"medium":["https:\/\/media.th4.com\/FqEExtG5SUCerhsAhzrZt3PZ7P-Y9VtCY3p7MofnGK4\/pr:550x550\/aHR0cDovL21lZGlhMi5kZXNpZ25wYXJ0bmVyLmZyL2MvcC8zNjU2LzM2NTYtMTM4NS0xLmpwZw?v=1638344574","https:\/\/media.th4.com\/Mm57L17Tl-VUYMFwnsPoy8AOv3QfY8sbUya99xMht6s\/pr:550x550\/aHR0cDovL21lZGlhMi5kZXNpZ25wYXJ0bmVyLmZyL2MvcC8zNjU2LzM2NTYtMTM4NS0yLmpwZw?v=1638344574"],"medium_large":["https:\/\/media.th4.com\/QMvoz2NxQfSG3rEHiQ3dHBZpEYyd17XwRE4RC574ilw\/pr:1000x1000\/aHR0cDovL21lZGlhMi5kZXNpZ25wYXJ0bmVyLmZyL2MvcC8zNjU2LzM2NTYtMTM4NS0xLmpwZw?v=1638344574","https:\/\/media.th4.com\/WICuGRQu91zOHhUgVNmkGTeOkm6zTSwYZn5zB8p38ws\/pr:1000x1000\/aHR0cDovL21lZGlhMi5kZXNpZ25wYXJ0bmVyLmZyL2MvcC8zNjU2LzM2NTYtMTM4NS0yLmpwZw?v=1638344574"],"large":["https:\/\/media.th4.com\/sXyWNV8-iWq-tMFJJ8r_wZMYGSqYZm3PcDXDCMPnLeU\/pr:1920\/aHR0cDovL21lZGlhMi5kZXNpZ25wYXJ0bmVyLmZyL2MvcC8zNjU2LzM2NTYtMTM4NS0xLmpwZw?v=1638344574","https:\/\/media.th4.com\/Llst3aPkoFIkch-IZfMzcmA4nvnCcZJpbm0rcEFfI_Q\/pr:1920\/aHR0cDovL21lZGlhMi5kZXNpZ25wYXJ0bmVyLmZyL2MvcC8zNjU2LzM2NTYtMTM4NS0yLmpwZw?v=1638344574"],"opengraph":["https:\/\/media.th4.com\/KHEos2bww6eRTww6AqF69mbgr2YNUY3hq70fY1POWj4\/pr:1200x630\/aHR0cDovL21lZGlhMi5kZXNpZ25wYXJ0bmVyLmZyL2MvcC8zNjU2LzM2NTYtMTM4NS0xLmpwZw?v=1638344574","https:\/\/media.th4.com\/D_MZVtXI8IKGsmoWa80-Rmbv_eZ6zQWX5EJdT9oLBOg\/pr:1200x630\/aHR0cDovL21lZGlhMi5kZXNpZ25wYXJ0bmVyLmZyL2MvcC8zNjU2LzM2NTYtMTM4NS0yLmpwZw?v=1638344574"]},"country_origin":"CN","traceability":{"manufacturing_country_id":null,"weaving_country_id":null,"dyeing_country_id":null},"sizes":[{"id":42,"article_id":109791,"class_id":19,"name":"taille_unique","on_standby":false,"stock_local":0,"stock_global":1757,"multiple":1,"estimated_date_reassort":null,"is_destocking":false}],"page_links":{"fr":"\/fr\/p-ka-k889-tablier-enfant-coton-k889-3656\/lagoon-1385\/","en":"\/en\/p-ka-k889-child-apron-cotton-k889-3656\/lagoon-1385\/","de":"\/de\/p-ka-k889-kinderschurze-baumwolle-k889-3656\/lagoon-1385\/","nl":"\/nl\/p-ka-k889-kinderschort-katoen-k889-3656\/lagoon-1385\/","es":"\/es\/p-ka-k889-delantal-de-nino-de-algodon-k889-3656\/lagoon-1385\/","it":"\/it\/p-ka-k889-grembiule-bambino-cotone-k889-3656\/lagoon-1385\/","sv":"\/sv\/p-ka-k889-barnforklade-i-bomull-k889-3656\/lagoon-1385\/","pt":"\/pt\/p-ka-k889-avental-infantil-de-algodao-k889-3656\/lagoon-1385\/","da":"\/da\/p-ka-k889-bornetasken-cotton-k889-3656\/lagoon-1385\/","pl":"\/pl\/p-ka-k889-fartuch-dzieciecy-bawelna-k889-3656\/lagoon-1385\/"},"page_links_customization":{"fr":"\/fr\/p-ka-k889-tablier-enfant-coton-k889-personnalise-3656\/lagoon-1385\/custom\/","en":"\/en\/p-ka-k889-child-cotton-apron-k889-personalized-3656\/lagoon-1385\/custom\/","de":"\/de\/p-ka-k889-kinder-kittel-k889-personalisiert-3656\/lagoon-1385\/custom\/","nl":"\/nl\/p-ka-k889-kinderkoksmuts-k889-personnaliseerd-3656\/lagoon-1385\/custom\/","es":"\/es\/p-ka-k889-delantal-infantil-de-algodon-k889-personalizado-3656\/lagoon-1385\/custom\/","it":"\/it\/p-ka-k889-grembiule-per-bambini-cotone-k889-personalizzato-3656\/lagoon-1385\/custom\/","sv":"\/sv\/p-ka-k889-barnforklade-i-bomull-k889-anpassat-3656\/lagoon-1385\/custom\/","pt":"\/pt\/p-ka-k889-avental-infantil-de-algodao-k889-personalizado-3656\/lagoon-1385\/custom\/","da":"\/da\/p-ka-k889-bornetablet-af-bomuld-k889-personificeret-3656\/lagoon-1385\/custom\/","pl":"\/pl\/p-ka-k889-fartuch-dzieciecy-bawelniany-k889-spersonalizowany-3656\/lagoon-1385\/custom\/"}},{"id":1856,"name":"white","class_ids":[1],"codes_hexa":["FFFFFF"],"delai_24":false,"has_3d":false,"seuil_global":0,"stock_local":0,"stock_global":1659,"on_standby":false,"in_catalog":true,"images":{"miniature":["https:\/\/media.th4.com\/2r7Q9baTKVoOIN_Ux7ACbwKVEasKl1AGbCzxyeV9tWE\/pr:80\/aHR0cDovL21lZGlhMi5kZXNpZ25wYXJ0bmVyLmZyL2MvcC8zNjU2LzM2NTYtMTg1Ni0xLmpwZw?v=1638344575","https:\/\/media.th4.com\/tPfrkwM1UkQbKVL9-p0Z2SlCnPQhwGAenSwsHFTJLs0\/pr:80\/aHR0cDovL21lZGlhMi5kZXNpZ25wYXJ0bmVyLmZyL2MvcC8zNjU2LzM2NTYtMTg1Ni0yLmpwZw?v=1638344574"],"medium":["https:\/\/media.th4.com\/FwwaLaaRB1YTlg4fD5rMNBeHV21vGgiRGWrRfkDwvB0\/pr:550x550\/aHR0cDovL21lZGlhMi5kZXNpZ25wYXJ0bmVyLmZyL2MvcC8zNjU2LzM2NTYtMTg1Ni0xLmpwZw?v=1638344575","https:\/\/media.th4.com\/IVjLMEXwSj0FYfKihNAsx42P14RNdEvf7i_O3lZXYQY\/pr:550x550\/aHR0cDovL21lZGlhMi5kZXNpZ25wYXJ0bmVyLmZyL2MvcC8zNjU2LzM2NTYtMTg1Ni0yLmpwZw?v=1638344574"],"medium_large":["https:\/\/media.th4.com\/NSFM-6zggdBmhwfX3Tf6xQJRODhI_MQvgrAEEAV5Oag\/pr:1000x1000\/aHR0cDovL21lZGlhMi5kZXNpZ25wYXJ0bmVyLmZyL2MvcC8zNjU2LzM2NTYtMTg1Ni0xLmpwZw?v=1638344575","https:\/\/media.th4.com\/rz3zExcOC8s94XdsRaBR8UYFfv3Nl7C1p-Tw4FA4GxU\/pr:1000x1000\/aHR0cDovL21lZGlhMi5kZXNpZ25wYXJ0bmVyLmZyL2MvcC8zNjU2LzM2NTYtMTg1Ni0yLmpwZw?v=1638344574"],"large":["https:\/\/media.th4.com\/-0chw7Kh_AUSBhrygRSrwKp64J-cs00xMTr6yaJJZb4\/pr:1920\/aHR0cDovL21lZGlhMi5kZXNpZ25wYXJ0bmVyLmZyL2MvcC8zNjU2LzM2NTYtMTg1Ni0xLmpwZw?v=1638344575","https:\/\/media.th4.com\/iLPu9OCwqjpkWPrAMRVPTVK89XhOjRd0Syz1o3-vEuM\/pr:1920\/aHR0cDovL21lZGlhMi5kZXNpZ25wYXJ0bmVyLmZyL2MvcC8zNjU2LzM2NTYtMTg1Ni0yLmpwZw?v=1638344574"],"opengraph":["https:\/\/media.th4.com\/9h3vCJZvntkXMonxHt3VuDEtLoMlaefSankIGeGjTss\/pr:1200x630\/aHR0cDovL21lZGlhMi5kZXNpZ25wYXJ0bmVyLmZyL2MvcC8zNjU2LzM2NTYtMTg1Ni0xLmpwZw?v=1638344575","https:\/\/media.th4.com\/AfmCt_5cdnewi_o2P2GTVO1nST8vRg3HOoHHzCiSALA\/pr:1200x630\/aHR0cDovL21lZGlhMi5kZXNpZ25wYXJ0bmVyLmZyL2MvcC8zNjU2LzM2NTYtMTg1Ni0yLmpwZw?v=1638344574"]},"images_customization":{"miniature":["https:\/\/media.th4.com\/2r7Q9baTKVoOIN_Ux7ACbwKVEasKl1AGbCzxyeV9tWE\/pr:80\/aHR0cDovL21lZGlhMi5kZXNpZ25wYXJ0bmVyLmZyL2MvcC8zNjU2LzM2NTYtMTg1Ni0xLmpwZw?v=1638344575","https:\/\/media.th4.com\/tPfrkwM1UkQbKVL9-p0Z2SlCnPQhwGAenSwsHFTJLs0\/pr:80\/aHR0cDovL21lZGlhMi5kZXNpZ25wYXJ0bmVyLmZyL2MvcC8zNjU2LzM2NTYtMTg1Ni0yLmpwZw?v=1638344574"],"medium":["https:\/\/media.th4.com\/FwwaLaaRB1YTlg4fD5rMNBeHV21vGgiRGWrRfkDwvB0\/pr:550x550\/aHR0cDovL21lZGlhMi5kZXNpZ25wYXJ0bmVyLmZyL2MvcC8zNjU2LzM2NTYtMTg1Ni0xLmpwZw?v=1638344575","https:\/\/media.th4.com\/IVjLMEXwSj0FYfKihNAsx42P14RNdEvf7i_O3lZXYQY\/pr:550x550\/aHR0cDovL21lZGlhMi5kZXNpZ25wYXJ0bmVyLmZyL2MvcC8zNjU2LzM2NTYtMTg1Ni0yLmpwZw?v=1638344574"],"medium_large":["https:\/\/media.th4.com\/NSFM-6zggdBmhwfX3Tf6xQJRODhI_MQvgrAEEAV5Oag\/pr:1000x1000\/aHR0cDovL21lZGlhMi5kZXNpZ25wYXJ0bmVyLmZyL2MvcC8zNjU2LzM2NTYtMTg1Ni0xLmpwZw?v=1638344575","https:\/\/media.th4.com\/rz3zExcOC8s94XdsRaBR8UYFfv3Nl7C1p-Tw4FA4GxU\/pr:1000x1000\/aHR0cDovL21lZGlhMi5kZXNpZ25wYXJ0bmVyLmZyL2MvcC8zNjU2LzM2NTYtMTg1Ni0yLmpwZw?v=1638344574"],"large":["https:\/\/media.th4.com\/-0chw7Kh_AUSBhrygRSrwKp64J-cs00xMTr6yaJJZb4\/pr:1920\/aHR0cDovL21lZGlhMi5kZXNpZ25wYXJ0bmVyLmZyL2MvcC8zNjU2LzM2NTYtMTg1Ni0xLmpwZw?v=1638344575","https:\/\/media.th4.com\/iLPu9OCwqjpkWPrAMRVPTVK89XhOjRd0Syz1o3-vEuM\/pr:1920\/aHR0cDovL21lZGlhMi5kZXNpZ25wYXJ0bmVyLmZyL2MvcC8zNjU2LzM2NTYtMTg1Ni0yLmpwZw?v=1638344574"],"opengraph":["https:\/\/media.th4.com\/9h3vCJZvntkXMonxHt3VuDEtLoMlaefSankIGeGjTss\/pr:1200x630\/aHR0cDovL21lZGlhMi5kZXNpZ25wYXJ0bmVyLmZyL2MvcC8zNjU2LzM2NTYtMTg1Ni0xLmpwZw?v=1638344575","https:\/\/media.th4.com\/AfmCt_5cdnewi_o2P2GTVO1nST8vRg3HOoHHzCiSALA\/pr:1200x630\/aHR0cDovL21lZGlhMi5kZXNpZ25wYXJ0bmVyLmZyL2MvcC8zNjU2LzM2NTYtMTg1Ni0yLmpwZw?v=1638344574"]},"country_origin":"CN","traceability":{"manufacturing_country_id":null,"weaving_country_id":null,"dyeing_country_id":null},"sizes":[{"id":42,"article_id":109795,"class_id":19,"name":"taille_unique","on_standby":false,"stock_local":0,"stock_global":1659,"multiple":1,"estimated_date_reassort":null,"is_destocking":false}],"page_links":{"fr":"\/fr\/p-ka-k889-tablier-enfant-coton-k889-3656\/white-1856\/","en":"\/en\/p-ka-k889-child-apron-cotton-k889-3656\/white-1856\/","de":"\/de\/p-ka-k889-kinderschurze-baumwolle-k889-3656\/white-1856\/","nl":"\/nl\/p-ka-k889-kinderschort-katoen-k889-3656\/white-1856\/","es":"\/es\/p-ka-k889-delantal-de-nino-de-algodon-k889-3656\/white-1856\/","it":"\/it\/p-ka-k889-grembiule-bambino-cotone-k889-3656\/white-1856\/","sv":"\/sv\/p-ka-k889-barnforklade-i-bomull-k889-3656\/white-1856\/","pt":"\/pt\/p-ka-k889-avental-infantil-de-algodao-k889-3656\/white-1856\/","da":"\/da\/p-ka-k889-bornetasken-cotton-k889-3656\/white-1856\/","pl":"\/pl\/p-ka-k889-fartuch-dzieciecy-bawelna-k889-3656\/white-1856\/"},"page_links_customization":{"fr":"\/fr\/p-ka-k889-tablier-enfant-coton-k889-personnalise-3656\/white-1856\/custom\/","en":"\/en\/p-ka-k889-child-cotton-apron-k889-personalized-3656\/white-1856\/custom\/","de":"\/de\/p-ka-k889-kinder-kittel-k889-personalisiert-3656\/white-1856\/custom\/","nl":"\/nl\/p-ka-k889-kinderkoksmuts-k889-personnaliseerd-3656\/white-1856\/custom\/","es":"\/es\/p-ka-k889-delantal-infantil-de-algodon-k889-personalizado-3656\/white-1856\/custom\/","it":"\/it\/p-ka-k889-grembiule-per-bambini-cotone-k889-personalizzato-3656\/white-1856\/custom\/","sv":"\/sv\/p-ka-k889-barnforklade-i-bomull-k889-anpassat-3656\/white-1856\/custom\/","pt":"\/pt\/p-ka-k889-avental-infantil-de-algodao-k889-personalizado-3656\/white-1856\/custom\/","da":"\/da\/p-ka-k889-bornetablet-af-bomuld-k889-personificeret-3656\/white-1856\/custom\/","pl":"\/pl\/p-ka-k889-fartuch-dzieciecy-bawelniany-k889-spersonalizowany-3656\/white-1856\/custom\/"}},{"id":1262,"name":"red","class_ids":[6],"codes_hexa":["dc0210"],"delai_24":false,"has_3d":false,"seuil_global":0,"stock_local":0,"stock_global":1574,"on_standby":false,"in_catalog":true,"images":{"miniature":["https:\/\/media.th4.com\/KO0N0VN1IDFlAJPwuk7IhsyCkKtQ-m-_dzjtEwJIFOs\/pr:80\/aHR0cDovL21lZGlhMi5kZXNpZ25wYXJ0bmVyLmZyL2MvcC8zNjU2LzM2NTYtMTI2Mi0xLmpwZw?v=1638344573","https:\/\/media.th4.com\/xrUTdc_SSyCt5YXssbr8KC2VlwZOG8tf2j2Y212VSj4\/pr:80\/aHR0cDovL21lZGlhMi5kZXNpZ25wYXJ0bmVyLmZyL2MvcC8zNjU2LzM2NTYtMTI2Mi0yLmpwZw?v=1638344573"],"medium":["https:\/\/media.th4.com\/ZngNTAXHbsfrHxHKIPh8xcXqhQkLsFP7rPk5l6syP4s\/pr:550x550\/aHR0cDovL21lZGlhMi5kZXNpZ25wYXJ0bmVyLmZyL2MvcC8zNjU2LzM2NTYtMTI2Mi0xLmpwZw?v=1638344573","https:\/\/media.th4.com\/qAUOpfA2u-PPC2lnzP90q_DeGfqklItItkwshO_UQwQ\/pr:550x550\/aHR0cDovL21lZGlhMi5kZXNpZ25wYXJ0bmVyLmZyL2MvcC8zNjU2LzM2NTYtMTI2Mi0yLmpwZw?v=1638344573"],"medium_large":["https:\/\/media.th4.com\/URKcaIX-LWV5q4aq_dvFiR8tYx7SYvJAukmJR-_RP4U\/pr:1000x1000\/aHR0cDovL21lZGlhMi5kZXNpZ25wYXJ0bmVyLmZyL2MvcC8zNjU2LzM2NTYtMTI2Mi0xLmpwZw?v=1638344573","https:\/\/media.th4.com\/uWjYsIy7_Vz97-i5iUycOaCktI902Q267dETCUckgn4\/pr:1000x1000\/aHR0cDovL21lZGlhMi5kZXNpZ25wYXJ0bmVyLmZyL2MvcC8zNjU2LzM2NTYtMTI2Mi0yLmpwZw?v=1638344573"],"large":["https:\/\/media.th4.com\/jbCmI873QIarDDc4FXqbMivDs6tlu3lyFG_Zv9fM3Rk\/pr:1920\/aHR0cDovL21lZGlhMi5kZXNpZ25wYXJ0bmVyLmZyL2MvcC8zNjU2LzM2NTYtMTI2Mi0xLmpwZw?v=1638344573","https:\/\/media.th4.com\/2H07xJDdm99pvX9HgOAK0dsqWYrBC3edYi7fMOsvD6Y\/pr:1920\/aHR0cDovL21lZGlhMi5kZXNpZ25wYXJ0bmVyLmZyL2MvcC8zNjU2LzM2NTYtMTI2Mi0yLmpwZw?v=1638344573"],"opengraph":["https:\/\/media.th4.com\/CG6hZhQFvDwNXqLHAwb5GjjkzMNhMSZ16prvXlhf-qU\/pr:1200x630\/aHR0cDovL21lZGlhMi5kZXNpZ25wYXJ0bmVyLmZyL2MvcC8zNjU2LzM2NTYtMTI2Mi0xLmpwZw?v=1638344573","https:\/\/media.th4.com\/YS5n5d-O9kXdSBHkfDfm8RPdRY3RSTSv4PD-_B_5i0Q\/pr:1200x630\/aHR0cDovL21lZGlhMi5kZXNpZ25wYXJ0bmVyLmZyL2MvcC8zNjU2LzM2NTYtMTI2Mi0yLmpwZw?v=1638344573"]},"images_customization":{"miniature":["https:\/\/media.th4.com\/KO0N0VN1IDFlAJPwuk7IhsyCkKtQ-m-_dzjtEwJIFOs\/pr:80\/aHR0cDovL21lZGlhMi5kZXNpZ25wYXJ0bmVyLmZyL2MvcC8zNjU2LzM2NTYtMTI2Mi0xLmpwZw?v=1638344573","https:\/\/media.th4.com\/xrUTdc_SSyCt5YXssbr8KC2VlwZOG8tf2j2Y212VSj4\/pr:80\/aHR0cDovL21lZGlhMi5kZXNpZ25wYXJ0bmVyLmZyL2MvcC8zNjU2LzM2NTYtMTI2Mi0yLmpwZw?v=1638344573"],"medium":["https:\/\/media.th4.com\/ZngNTAXHbsfrHxHKIPh8xcXqhQkLsFP7rPk5l6syP4s\/pr:550x550\/aHR0cDovL21lZGlhMi5kZXNpZ25wYXJ0bmVyLmZyL2MvcC8zNjU2LzM2NTYtMTI2Mi0xLmpwZw?v=1638344573","https:\/\/media.th4.com\/qAUOpfA2u-PPC2lnzP90q_DeGfqklItItkwshO_UQwQ\/pr:550x550\/aHR0cDovL21lZGlhMi5kZXNpZ25wYXJ0bmVyLmZyL2MvcC8zNjU2LzM2NTYtMTI2Mi0yLmpwZw?v=1638344573"],"medium_large":["https:\/\/media.th4.com\/URKcaIX-LWV5q4aq_dvFiR8tYx7SYvJAukmJR-_RP4U\/pr:1000x1000\/aHR0cDovL21lZGlhMi5kZXNpZ25wYXJ0bmVyLmZyL2MvcC8zNjU2LzM2NTYtMTI2Mi0xLmpwZw?v=1638344573","https:\/\/media.th4.com\/uWjYsIy7_Vz97-i5iUycOaCktI902Q267dETCUckgn4\/pr:1000x1000\/aHR0cDovL21lZGlhMi5kZXNpZ25wYXJ0bmVyLmZyL2MvcC8zNjU2LzM2NTYtMTI2Mi0yLmpwZw?v=1638344573"],"large":["https:\/\/media.th4.com\/jbCmI873QIarDDc4FXqbMivDs6tlu3lyFG_Zv9fM3Rk\/pr:1920\/aHR0cDovL21lZGlhMi5kZXNpZ25wYXJ0bmVyLmZyL2MvcC8zNjU2LzM2NTYtMTI2Mi0xLmpwZw?v=1638344573","https:\/\/media.th4.com\/2H07xJDdm99pvX9HgOAK0dsqWYrBC3edYi7fMOsvD6Y\/pr:1920\/aHR0cDovL21lZGlhMi5kZXNpZ25wYXJ0bmVyLmZyL2MvcC8zNjU2LzM2NTYtMTI2Mi0yLmpwZw?v=1638344573"],"opengraph":["https:\/\/media.th4.com\/CG6hZhQFvDwNXqLHAwb5GjjkzMNhMSZ16prvXlhf-qU\/pr:1200x630\/aHR0cDovL21lZGlhMi5kZXNpZ25wYXJ0bmVyLmZyL2MvcC8zNjU2LzM2NTYtMTI2Mi0xLmpwZw?v=1638344573","https:\/\/media.th4.com\/YS5n5d-O9kXdSBHkfDfm8RPdRY3RSTSv4PD-_B_5i0Q\/pr:1200x630\/aHR0cDovL21lZGlhMi5kZXNpZ25wYXJ0bmVyLmZyL2MvcC8zNjU2LzM2NTYtMTI2Mi0yLmpwZw?v=1638344573"]},"country_origin":"CN","traceability":{"manufacturing_country_id":null,"weaving_country_id":null,"dyeing_country_id":null},"sizes":[{"id":42,"article_id":109794,"class_id":19,"name":"taille_unique","on_standby":false,"stock_local":0,"stock_global":1574,"multiple":1,"estimated_date_reassort":null,"is_destocking":false}],"page_links":{"fr":"\/fr\/p-ka-k889-tablier-enfant-coton-k889-3656\/red-1262\/","en":"\/en\/p-ka-k889-child-apron-cotton-k889-3656\/red-1262\/","de":"\/de\/p-ka-k889-kinderschurze-baumwolle-k889-3656\/red-1262\/","nl":"\/nl\/p-ka-k889-kinderschort-katoen-k889-3656\/red-1262\/","es":"\/es\/p-ka-k889-delantal-de-nino-de-algodon-k889-3656\/red-1262\/","it":"\/it\/p-ka-k889-grembiule-bambino-cotone-k889-3656\/red-1262\/","sv":"\/sv\/p-ka-k889-barnforklade-i-bomull-k889-3656\/red-1262\/","pt":"\/pt\/p-ka-k889-avental-infantil-de-algodao-k889-3656\/red-1262\/","da":"\/da\/p-ka-k889-bornetasken-cotton-k889-3656\/red-1262\/","pl":"\/pl\/p-ka-k889-fartuch-dzieciecy-bawelna-k889-3656\/red-1262\/"},"page_links_customization":{"fr":"\/fr\/p-ka-k889-tablier-enfant-coton-k889-personnalise-3656\/red-1262\/custom\/","en":"\/en\/p-ka-k889-child-cotton-apron-k889-personalized-3656\/red-1262\/custom\/","de":"\/de\/p-ka-k889-kinder-kittel-k889-personalisiert-3656\/red-1262\/custom\/","nl":"\/nl\/p-ka-k889-kinderkoksmuts-k889-personnaliseerd-3656\/red-1262\/custom\/","es":"\/es\/p-ka-k889-delantal-infantil-de-algodon-k889-personalizado-3656\/red-1262\/custom\/","it":"\/it\/p-ka-k889-grembiule-per-bambini-cotone-k889-personalizzato-3656\/red-1262\/custom\/","sv":"\/sv\/p-ka-k889-barnforklade-i-bomull-k889-anpassat-3656\/red-1262\/custom\/","pt":"\/pt\/p-ka-k889-avental-infantil-de-algodao-k889-personalizado-3656\/red-1262\/custom\/","da":"\/da\/p-ka-k889-bornetablet-af-bomuld-k889-personificeret-3656\/red-1262\/custom\/","pl":"\/pl\/p-ka-k889-fartuch-dzieciecy-bawelniany-k889-spersonalizowany-3656\/red-1262\/custom\/"}},{"id":1261,"name":"navy","class_ids":[2],"codes_hexa":["012942"],"delai_24":false,"has_3d":false,"seuil_global":0,"stock_local":0,"stock_global":1289,"on_standby":false,"in_catalog":true,"images":{"miniature":["https:\/\/media.th4.com\/sfpHkgCguNrtPSQdJsENUZd9dC3IiLrgCRk-ll2fZRo\/pr:80\/aHR0cDovL21lZGlhMi5kZXNpZ25wYXJ0bmVyLmZyL2MvcC8zNjU2LzM2NTYtMTI2MS0xLmpwZw?v=1638344573","https:\/\/media.th4.com\/rE6w-rNrIxevmdYTZWDvVUTkWaa6F5CFbauF6kb7V9c\/pr:80\/aHR0cDovL21lZGlhMi5kZXNpZ25wYXJ0bmVyLmZyL2MvcC8zNjU2LzM2NTYtMTI2MS0yLmpwZw?v=1638344573"],"medium":["https:\/\/media.th4.com\/NF5Cl-bKvWzawOtyP2KjN2TQ6C3UWelifj6kncwjF6I\/pr:550x550\/aHR0cDovL21lZGlhMi5kZXNpZ25wYXJ0bmVyLmZyL2MvcC8zNjU2LzM2NTYtMTI2MS0xLmpwZw?v=1638344573","https:\/\/media.th4.com\/WRN6emZC11kobwHEUYw-1dBl8opjpNHWBZRI3nYzUP8\/pr:550x550\/aHR0cDovL21lZGlhMi5kZXNpZ25wYXJ0bmVyLmZyL2MvcC8zNjU2LzM2NTYtMTI2MS0yLmpwZw?v=1638344573"],"medium_large":["https:\/\/media.th4.com\/JoAD30WdVc5PQdixYjm9Sy5WA-59XDgMWutSkR9RoLg\/pr:1000x1000\/aHR0cDovL21lZGlhMi5kZXNpZ25wYXJ0bmVyLmZyL2MvcC8zNjU2LzM2NTYtMTI2MS0xLmpwZw?v=1638344573","https:\/\/media.th4.com\/ekn6tMU_q3QK_GOrEdB25VGjoVlSrItCZ7UvV9oYyqQ\/pr:1000x1000\/aHR0cDovL21lZGlhMi5kZXNpZ25wYXJ0bmVyLmZyL2MvcC8zNjU2LzM2NTYtMTI2MS0yLmpwZw?v=1638344573"],"large":["https:\/\/media.th4.com\/prN1jeZVG4Io-I07XXr7bULjIDDAJHeqsBhRDFQ8xwM\/pr:1920\/aHR0cDovL21lZGlhMi5kZXNpZ25wYXJ0bmVyLmZyL2MvcC8zNjU2LzM2NTYtMTI2MS0xLmpwZw?v=1638344573","https:\/\/media.th4.com\/wUlAxmfqf1twDKfqefdpI7co-FkEZewMrk-VKPKH70A\/pr:1920\/aHR0cDovL21lZGlhMi5kZXNpZ25wYXJ0bmVyLmZyL2MvcC8zNjU2LzM2NTYtMTI2MS0yLmpwZw?v=1638344573"],"opengraph":["https:\/\/media.th4.com\/-fDa2qaLvVWJekMfB4HDGxryIgeRJn5dyOWo1805m9o\/pr:1200x630\/aHR0cDovL21lZGlhMi5kZXNpZ25wYXJ0bmVyLmZyL2MvcC8zNjU2LzM2NTYtMTI2MS0xLmpwZw?v=1638344573","https:\/\/media.th4.com\/FNUGu6IOiCmXJenC8XneCwlV_BdWrvK0_Sblf5RnMzU\/pr:1200x630\/aHR0cDovL21lZGlhMi5kZXNpZ25wYXJ0bmVyLmZyL2MvcC8zNjU2LzM2NTYtMTI2MS0yLmpwZw?v=1638344573"]},"images_customization":{"miniature":["https:\/\/media.th4.com\/sfpHkgCguNrtPSQdJsENUZd9dC3IiLrgCRk-ll2fZRo\/pr:80\/aHR0cDovL21lZGlhMi5kZXNpZ25wYXJ0bmVyLmZyL2MvcC8zNjU2LzM2NTYtMTI2MS0xLmpwZw?v=1638344573","https:\/\/media.th4.com\/rE6w-rNrIxevmdYTZWDvVUTkWaa6F5CFbauF6kb7V9c\/pr:80\/aHR0cDovL21lZGlhMi5kZXNpZ25wYXJ0bmVyLmZyL2MvcC8zNjU2LzM2NTYtMTI2MS0yLmpwZw?v=1638344573"],"medium":["https:\/\/media.th4.com\/NF5Cl-bKvWzawOtyP2KjN2TQ6C3UWelifj6kncwjF6I\/pr:550x550\/aHR0cDovL21lZGlhMi5kZXNpZ25wYXJ0bmVyLmZyL2MvcC8zNjU2LzM2NTYtMTI2MS0xLmpwZw?v=1638344573","https:\/\/media.th4.com\/WRN6emZC11kobwHEUYw-1dBl8opjpNHWBZRI3nYzUP8\/pr:550x550\/aHR0cDovL21lZGlhMi5kZXNpZ25wYXJ0bmVyLmZyL2MvcC8zNjU2LzM2NTYtMTI2MS0yLmpwZw?v=1638344573"],"medium_large":["https:\/\/media.th4.com\/JoAD30WdVc5PQdixYjm9Sy5WA-59XDgMWutSkR9RoLg\/pr:1000x1000\/aHR0cDovL21lZGlhMi5kZXNpZ25wYXJ0bmVyLmZyL2MvcC8zNjU2LzM2NTYtMTI2MS0xLmpwZw?v=1638344573","https:\/\/media.th4.com\/ekn6tMU_q3QK_GOrEdB25VGjoVlSrItCZ7UvV9oYyqQ\/pr:1000x1000\/aHR0cDovL21lZGlhMi5kZXNpZ25wYXJ0bmVyLmZyL2MvcC8zNjU2LzM2NTYtMTI2MS0yLmpwZw?v=1638344573"],"large":["https:\/\/media.th4.com\/prN1jeZVG4Io-I07XXr7bULjIDDAJHeqsBhRDFQ8xwM\/pr:1920\/aHR0cDovL21lZGlhMi5kZXNpZ25wYXJ0bmVyLmZyL2MvcC8zNjU2LzM2NTYtMTI2MS0xLmpwZw?v=1638344573","https:\/\/media.th4.com\/wUlAxmfqf1twDKfqefdpI7co-FkEZewMrk-VKPKH70A\/pr:1920\/aHR0cDovL21lZGlhMi5kZXNpZ25wYXJ0bmVyLmZyL2MvcC8zNjU2LzM2NTYtMTI2MS0yLmpwZw?v=1638344573"],"opengraph":["https:\/\/media.th4.com\/-fDa2qaLvVWJekMfB4HDGxryIgeRJn5dyOWo1805m9o\/pr:1200x630\/aHR0cDovL21lZGlhMi5kZXNpZ25wYXJ0bmVyLmZyL2MvcC8zNjU2LzM2NTYtMTI2MS0xLmpwZw?v=1638344573","https:\/\/media.th4.com\/FNUGu6IOiCmXJenC8XneCwlV_BdWrvK0_Sblf5RnMzU\/pr:1200x630\/aHR0cDovL21lZGlhMi5kZXNpZ25wYXJ0bmVyLmZyL2MvcC8zNjU2LzM2NTYtMTI2MS0yLmpwZw?v=1638344573"]},"country_origin":"CN","traceability":{"manufacturing_country_id":null,"weaving_country_id":null,"dyeing_country_id":null},"sizes":[{"id":42,"article_id":109793,"class_id":19,"name":"taille_unique","on_standby":false,"stock_local":0,"stock_global":1289,"multiple":1,"estimated_date_reassort":null,"is_destocking":false}],"page_links":{"fr":"\/fr\/p-ka-k889-tablier-enfant-coton-k889-3656\/navy-1261\/","en":"\/en\/p-ka-k889-child-apron-cotton-k889-3656\/navy-1261\/","de":"\/de\/p-ka-k889-kinderschurze-baumwolle-k889-3656\/navy-1261\/","nl":"\/nl\/p-ka-k889-kinderschort-katoen-k889-3656\/navy-1261\/","es":"\/es\/p-ka-k889-delantal-de-nino-de-algodon-k889-3656\/navy-1261\/","it":"\/it\/p-ka-k889-grembiule-bambino-cotone-k889-3656\/navy-1261\/","sv":"\/sv\/p-ka-k889-barnforklade-i-bomull-k889-3656\/navy-1261\/","pt":"\/pt\/p-ka-k889-avental-infantil-de-algodao-k889-3656\/navy-1261\/","da":"\/da\/p-ka-k889-bornetasken-cotton-k889-3656\/navy-1261\/","pl":"\/pl\/p-ka-k889-fartuch-dzieciecy-bawelna-k889-3656\/navy-1261\/"},"page_links_customization":{"fr":"\/fr\/p-ka-k889-tablier-enfant-coton-k889-personnalise-3656\/navy-1261\/custom\/","en":"\/en\/p-ka-k889-child-cotton-apron-k889-personalized-3656\/navy-1261\/custom\/","de":"\/de\/p-ka-k889-kinder-kittel-k889-personalisiert-3656\/navy-1261\/custom\/","nl":"\/nl\/p-ka-k889-kinderkoksmuts-k889-personnaliseerd-3656\/navy-1261\/custom\/","es":"\/es\/p-ka-k889-delantal-infantil-de-algodon-k889-personalizado-3656\/navy-1261\/custom\/","it":"\/it\/p-ka-k889-grembiule-per-bambini-cotone-k889-personalizzato-3656\/navy-1261\/custom\/","sv":"\/sv\/p-ka-k889-barnforklade-i-bomull-k889-anpassat-3656\/navy-1261\/custom\/","pt":"\/pt\/p-ka-k889-avental-infantil-de-algodao-k889-personalizado-3656\/navy-1261\/custom\/","da":"\/da\/p-ka-k889-bornetablet-af-bomuld-k889-personificeret-3656\/navy-1261\/custom\/","pl":"\/pl\/p-ka-k889-fartuch-dzieciecy-bawelniany-k889-spersonalizowany-3656\/navy-1261\/custom\/"}}],"documentation_link":"\/pdf\/3656.pdf","countries_availables":["AD","AE","AL","AT","BA","BD","BE","BG","BL","CA","CH","CN","CO","CY","CZ","DE","DK","DO","EE","EG","ES","ET","FI","FR","GB","GE","GF","GP","GR","GT","HK","HN","HR","HT","HU","ID","IE","IN","IS","IT","JO","JP","KE","KH","KP","KR","LA","LK","LS","LT","LU","LV","MA","MF","MG","MK","MM","MN","MQ","MT","MX","MY","NC","NI","NL","PF","PH","PK","PL","PM","PT","RE","RO","SE","SG","SI","SK","SV","SY","TH","TN","TR","TW","TZ","US","VN","WF","YT"]},"infos_customization":[],"features":{"authorize_multi_surfaces":true,"display_order_delay_type":true,"promote_surface_display":true,"tarification_franco_offert":true,"enabled_3d_editor":false},"markings":[{"id":0,"nom":"vierge","finition":null,"libelle":null,"code":null,"dpi":null,"finesse_forme_isolee":null,"finesse_forme_non_isolee":null,"hauteur_minimale_texte":null,"inactif":0,"marquage_interne":1,"quantite_min":null,"parent_id":null,"print_on_support":0,"content":"vierge","description":null},{"id":2,"nom":"fonce","finition":"optimale","libelle":"TopQuadri","code":null,"dpi":400,"finesse_forme_isolee":"0.040","finesse_forme_non_isolee":"0.700","hauteur_minimale_texte":2,"inactif":0,"marquage_interne":1,"quantite_min":null,"parent_id":18,"print_on_support":0,"content":"TopQuadri","description":"pour petites et moyennes s\u00e9ries"},{"id":3,"nom":"serigraphie","finition":"serigraphie","libelle":"SeriCoat","code":null,"dpi":400,"finesse_forme_isolee":"0.040","finesse_forme_non_isolee":"0.700","hauteur_minimale_texte":2,"inactif":0,"marquage_interne":1,"quantite_min":15,"parent_id":18,"print_on_support":0,"content":"SeriCoat","description":"pour moyennes et grandes s\u00e9ries"},{"id":4,"nom":"broderie","finition":"broderie","libelle":"Broderie","code":null,"dpi":400,"finesse_forme_isolee":"0.040","finesse_forme_non_isolee":"0.700","hauteur_minimale_texte":3,"inactif":0,"marquage_interne":1,"quantite_min":null,"parent_id":null,"print_on_support":0,"content":"Broderie","description":null},{"id":8,"nom":"theme","finition":null,"libelle":"Th\u00e8me","code":null,"dpi":null,"finesse_forme_isolee":null,"finesse_forme_non_isolee":null,"hauteur_minimale_texte":null,"inactif":0,"marquage_interne":1,"quantite_min":null,"parent_id":null,"print_on_support":0,"content":"Th\u00e8me","description":null},{"id":9,"nom":"sans","finition":null,"libelle":null,"code":null,"dpi":null,"finesse_forme_isolee":null,"finesse_forme_non_isolee":null,"hauteur_minimale_texte":null,"inactif":0,"marquage_interne":1,"quantite_min":null,"parent_id":null,"print_on_support":0,"content":"sans","description":null},{"id":10,"nom":"photo","finition":null,"libelle":"Photo","code":null,"dpi":null,"finesse_forme_isolee":null,"finesse_forme_non_isolee":null,"hauteur_minimale_texte":null,"inactif":0,"marquage_interne":1,"quantite_min":null,"parent_id":null,"print_on_support":0,"content":"Photo","description":null},{"id":14,"nom":"couleur","finition":null,"libelle":"Couleur","code":null,"dpi":null,"finesse_forme_isolee":null,"finesse_forme_non_isolee":null,"hauteur_minimale_texte":null,"inactif":0,"marquage_interne":1,"quantite_min":null,"parent_id":null,"print_on_support":0,"content":"Couleur","description":null},{"id":15,"nom":"sublimation","finition":"sublimation","libelle":"Sublimation","code":null,"dpi":null,"finesse_forme_isolee":"0.000","finesse_forme_non_isolee":"0.000","hauteur_minimale_texte":2,"inactif":0,"marquage_interne":1,"quantite_min":null,"parent_id":null,"print_on_support":0,"content":"Sublimation","description":null},{"id":16,"nom":"topquadri_uv","finition":null,"libelle":"TopQuadri UV","code":null,"dpi":null,"finesse_forme_isolee":"0.020","finesse_forme_non_isolee":"0.700","hauteur_minimale_texte":2,"inactif":0,"marquage_interne":1,"quantite_min":null,"parent_id":null,"print_on_support":1,"content":null,"description":null},{"id":17,"nom":"topquadri_uvp","finition":null,"libelle":"TopQuadri UVP","code":null,"dpi":null,"finesse_forme_isolee":"0.020","finesse_forme_non_isolee":"0.700","hauteur_minimale_texte":2,"inactif":0,"marquage_interne":1,"quantite_min":null,"parent_id":null,"print_on_support":1,"content":null,"description":null},{"id":18,"nom":"quadri","finition":null,"libelle":"Impression","code":null,"dpi":null,"finesse_forme_isolee":null,"finesse_forme_non_isolee":null,"hauteur_minimale_texte":null,"inactif":0,"marquage_interne":1,"quantite_min":null,"parent_id":null,"print_on_support":0,"content":null,"description":null}]}}