{"data":{"product":{"id":3546,"titre":"PARKA HIVER ENFANT","description":"Ext\u00e9rieur : 100% polyester pong\u00e9e avec enduction PU. Int\u00e9rieur : 100% polyester matelass\u00e9. Parka avec coutures imperm\u00e9ables enti\u00e8rement soud\u00e9es. Capuche 3 panneaux dans le col. 2 poches lat\u00e9rales. Polaire \u00e0 l'int\u00e9rieur du col.  Bande de s\u00e9curit\u00e9 r\u00e9fl\u00e9chissante dans le bas du dos","genre":"enfant","grammage":160,"conditionnement":0,"composition":"polyester_uniquement","reference":"RS27J","reference_visible":"re-r207y","reference_fabricant":"R207Y","ref_xor":"744351","in_catalog":true,"is_transfer":false,"is_service":false,"on_standby":false,"has_3d":true,"has_size_guide":false,"has_marking":true,"has_vierge":true,"is_cross_sellable":false,"id_picto":1,"filename_3d":"picto-1","brand":{"id":16,"name":"Result","logo":"logo-result.png","image":"https:\/\/media.th4.com\/R4AINn4EcZGXmGADkvSPvxFxj-96N0ZW37kUw9NCIp8\/pr:brand70x70\/aHR0cDovL21lZGlhMi5kZXNpZ25wYXJ0bmVyLmZyL2MvbS9sb2dvLXJlc3VsdC5wbmc?v=1769696384"},"price_infos":{"price_from":20.92,"quantity":25,"color":{"id":364,"name":"black"},"size":{"id":2,"name":"M"}},"price_infos_marking":{"price_from":21.8,"quantity":30,"color":{"id":364,"name":"black"},"size":{"id":2,"name":"M"},"marking":{"id":2,"name":""},"emplacement":"avant","surface_emplacement_id":1,"surface":"coeur"},"i18n":{"blank":{"title":{"fr":"Parka Hiver Enfant RESULT r207y","en":"Parka Hiver Enfant RESULT r207y","de":"Parka Hiver Enfant RESULT r207y","nl":"Parka Hiver Enfant RESULT r207y","es":"Parka Hiver Enfant RESULT r207y","it":"Parka Hiver Enfant RESULT r207y","sv":"Parka Hiver Enfant RESULT r207y","pt":"Parka Hiver Enfant RESULT r207y","da":"Parka Hiver Enfant RESULT r207y","pl":"Parka Hiver Enfant RESULT r207y"},"description":{"fr":"La Parka Hiver Enfant convient \u00e0 un usage ext\u00e9rieur par temps froid ou humide, avec un ext\u00e9rieur en polyester pong\u00e9e enduit PU, un int\u00e9rieur matelass\u00e9 et une capuche 3 panneaux int\u00e9gr\u00e9e dans le col. Le col int\u00e9rieur en polaire et les 2 poches lat\u00e9rales compl\u00e8tent l'ensemble.\n\n- Composition : polyester pong\u00e9e, polyester matelass\u00e9\n- Coutures imperm\u00e9ables enti\u00e8rement soud\u00e9es\n- Capuche 3 panneaux dans le col\n- 2 poches lat\u00e9rales, bande r\u00e9fl\u00e9chissante dos","en":"The Parka Hiver Enfant is suitable for outdoor use in cold or wet weather, with a PU-coated pong\u00e9 polyester outer, a quilted lining, and a 3-panel hood integrated into the collar. The inner fleece collar and the 2 side pockets complete the garment.\n\n- Composition: pong\u00e9 polyester, quilted polyester\n- Fully taped waterproof seams\n- 3-panel hood in the collar\n- 2 side pockets, reflective back strip","de":"Die Parka Hiver Enfant eignet sich f\u00fcr den Au\u00dfeneinsatz bei kaltem oder feuchtem Wetter, mit einer Au\u00dfenseite aus PU-beschichtetem Pong\u00e9-Polyester, einem gesteppten Innenfutter und einer integrierten 3-Panel-Kapuze im Kragen. Der innere Fleecekragen und die 2 Seitentaschen vervollst\u00e4ndigen das Ganze.\n\n- Zusammensetzung: Pong\u00e9-Polyester, gestepptes Polyester\n- Vollst\u00e4ndig verschwei\u00dfte wasserdichte N\u00e4hte\n- 3-Panel-Kapuze im Kragen\n- 2 Seitentaschen, reflektierender Streifen auf der R\u00fcckseite","nl":"De Parka Hiver Enfant is geschikt voor buitengebruik bij koud of vochtig weer, met een buitenkant van polyester pongee met PU-coating, een gewatteerde binnenkant en een capuchon met 3 panelen ge\u00efntegreerd in de kraag. De binnenkraag van fleece en de 2 zijzakken maken het geheel compleet.\n\n- Samenstelling: polyester pongee, gewatteerd polyester\n- Volledig getapete waterdichte naden\n- Capuchon met 3 panelen in de kraag\n- 2 zijzakken, reflecterende band op de rug","es":"La Parka Hiver Enfant es adecuada para uso exterior en tiempo fr\u00edo o h\u00famedo, con un exterior de poli\u00e9ster pong\u00e9 con revestimiento de PU, un interior acolchado y una capucha de 3 paneles integrada en el cuello. El cuello interior de forro polar y los 2 bolsillos laterales completan el conjunto.\n\n- Composici\u00f3n: poli\u00e9ster pong\u00e9, poli\u00e9ster acolchado\n- Costuras impermeables totalmente selladas\n- Capucha de 3 paneles en el cuello\n- 2 bolsillos laterales, banda reflectante en la espalda","it":"La Parka Hiver Enfant \u00e8 adatta all'uso esterno con tempo freddo o umido, con esterno in poliestere pong\u00e9 rivestito in PU, interno trapuntato e cappuccio a 3 pannelli integrato nel colletto. Il colletto interno in pile e le 2 tasche laterali completano l'insieme.\n\n- Composizione: poliestere pong\u00e9, poliestere trapuntato\n- Cuciture impermeabili completamente nastrate\n- Cappuccio a 3 pannelli nel colletto\n- 2 tasche laterali, banda riflettente sul retro","sv":"Parka Hiver Enfant l\u00e4mpar sig f\u00f6r utomhusbruk i kallt eller fuktigt v\u00e4der, med en utsida i polyester pong\u00e9 med PU-bel\u00e4ggning, en vadderad insida och en integrerad huva med 3 paneler i kragen. Den inv\u00e4ndiga fleecekragen och de 2 sidfickorna kompletterar helheten.\n\n- Sammans\u00e4ttning: polyester pong\u00e9, vadderad polyester\n- Helt tejpade vattent\u00e4ta s\u00f6mmar\n- Huva med 3 paneler i kragen\n- 2 sidfickor, reflekterande band p\u00e5 ryggen","pt":"A Parka Hiver Enfant \u00e9 adequada para utiliza\u00e7\u00e3o no exterior em tempo frio ou h\u00famido, com exterior em poli\u00e9ster pong\u00e9 revestido a PU, interior acolchoado e capuz de 3 pain\u00e9is integrado na gola. A gola interior em polar e os 2 bolsos laterais completam o conjunto.\n\n- Composi\u00e7\u00e3o: poli\u00e9ster pong\u00e9, poli\u00e9ster acolchoado\n- Costuras imperme\u00e1veis totalmente seladas\n- Capuz de 3 pain\u00e9is na gola\n- 2 bolsos laterais, faixa refletora nas costas","da":"Parka Hiver Enfant er velegnet til udend\u00f8rs brug i koldt eller fugtigt vejr, med en yderside i PU-belagt polyesterpongee, en vatteret inderside og en integreret h\u00e6tte med 3 paneler i kraven. Den indvendige fleecekrave og de 2 sidelommer fuldender helheden.\n\n- Sammens\u00e6tning: polyesterpongee, vatteret polyester\n- Fuldt tapede vandt\u00e6tte s\u00f8mme\n- H\u00e6tte med 3 paneler i kraven\n- 2 sidelommer, reflekterende stribe p\u00e5 ryggen","pl":"Parka Hiver Enfant nadaje si\u0119 do u\u017cytku na zewn\u0105trz w ch\u0142odn\u0105 lub wilgotn\u0105 pogod\u0119, z zewn\u0119trzn\u0105 warstw\u0105 z poliestru pong\u00e9 z pow\u0142ok\u0105 PU, pikowanym wn\u0119trzem i zintegrowanym w ko\u0142nierzu kapturem 3-panelowym. Wewn\u0119trzny ko\u0142nierz z polaru i 2 kieszenie boczne uzupe\u0142niaj\u0105 ca\u0142o\u015b\u0107.\n\n- Sk\u0142ad: poliester pong\u00e9, pikowany poliester\n- W pe\u0142ni zgrzewane szwy wodoodporne\n- Kaptur 3-panelowy w ko\u0142nierzu\n- 2 kieszenie boczne, odblaskowy pasek z ty\u0142u"},"h1":{"fr":"Parka Hiver Enfant r207y","en":"Parka Hiver Enfant r207y","de":"Parka Hiver Enfant r207y","nl":"Parka Hiver Enfant r207y","es":"Parka Hiver Enfant r207y","it":"Parka Hiver Enfant r207y","sv":"Parka Hiver Enfant r207y","pt":"Parka Hiver Enfant r207y","da":"Parka Hiver Enfant r207y","pl":"Parka Hiver Enfant r207y"},"meta_description":{"fr":"Parka Hiver Enfant Parka enfant r207y avec ext\u00e9rieur en polyester pong\u00e9e enduit PU, int\u00e9rieur matelass\u00e9, capuche int\u00e9gr\u00e9e et 2 poches lat\u00e9rales.","en":"Parka Hiver Enfant Children's parka r207y with PU-coated pong\u00e9 polyester outer, quilted lining, integrated hood, and 2 side pockets.","de":"Parka Hiver Enfant Kinderparka r207y mit Au\u00dfenseite aus PU-beschichtetem Pong\u00e9-Polyester, gestepptem Innenfutter, integrierter Kapuze und 2 Seitentaschen.","nl":"Parka Hiver Enfant Kinderparka r207y met buitenkant van polyester pongee met PU-coating, gewatteerde binnenkant, ge\u00efntegreerde capuchon en 2 zijzakken.","es":"Parka Hiver Enfant Parka infantil r207y con exterior de poli\u00e9ster pong\u00e9 con revestimiento de PU, interior acolchado, capucha integrada y 2 bolsillos laterales.","it":"Parka Hiver Enfant Parka da bambino r207y con esterno in poliestere pong\u00e9 rivestito in PU, interno trapuntato, cappuccio integrato e 2 tasche laterali.","sv":"Parka Hiver Enfant Barnparka r207y med utsida i polyester pong\u00e9 med PU-bel\u00e4ggning, vadderad insida, integrerad huva och 2 sidfickor.","pt":"Parka Hiver Enfant Parka infantil r207y com exterior em poli\u00e9ster pong\u00e9 revestido a PU, interior acolchoado, capuz integrado e 2 bolsos laterais.","da":"Parka Hiver Enfant B\u00f8rneparka r207y med yderside i PU-belagt polyesterpongee, vatteret inderside, integreret h\u00e6tte og 2 sidelommer.","pl":"Parka Hiver Enfant Parka dzieci\u0119ca r207y z zewn\u0119trzn\u0105 warstw\u0105 z poliestru pong\u00e9 z pow\u0142ok\u0105 PU, pikowan\u0105 podszewk\u0105, zintegrowanym kapturem i 2 kieszeniami bocznymi."}},"custom":{"title":{"fr":"Parka Hiver Enfant RESULT r207y personnalisable","en":"Parka Hiver Enfant RESULT customizable r207y","de":"Parka Hiver Enfant RESULT r207y personalisierbar","nl":"Parka Hiver Enfant RESULT r207y personaliseerbaar","es":"Parka Hiver Enfant RESULT r207y personalizable","it":"Parka Hiver Enfant RESULT r207y personalizzabile","sv":"Parka Hiver Enfant RESULT r207y anpassningsbar","pt":"Parka Hiver Enfant RESULT r207y personaliz\u00e1vel","da":"Parka Hiver Enfant RESULT r207y kan tilpasses","pl":"Parka Hiver Enfant RESULT r207y z mo\u017cliwo\u015bci\u0105 personalizacji"},"description":{"fr":"La parka hiver enfant convient \u00e0 un usage quotidien par temps froid et humide gr\u00e2ce \u00e0 son ext\u00e9rieur en polyester pong\u00e9e avec enduction PU, son int\u00e9rieur matelass\u00e9 et ses coutures enti\u00e8rement soud\u00e9es. La capuche 3 panneaux est int\u00e9gr\u00e9e dans le col. Le col int\u00e9rieur en polaire et les deux poches lat\u00e9rales compl\u00e8tent l'ensemble. Personnalisation possible.\n\n- Composition : ext\u00e9rieur polyester, int\u00e9rieur polyester\n- Coutures enti\u00e8rement soud\u00e9es\n- Capuche 3 panneaux dans le col\n- Personnalisation possible","en":"The parka hiver enfant is suitable for daily use in cold and wet weather thanks to its pong\u00e9e polyester outer with PU coating, quilted lining and fully taped seams. The 3-panel hood is integrated into the collar. The inner fleece collar and the two side pockets complete the garment. Customization available.\n\n- Composition: polyester outer, polyester lining\n- Fully taped seams\n- 3-panel hood in collar\n- Customization available","de":"Die parka hiver enfant ist dank ihrer Au\u00dfenseite aus Pong\u00e9-Polyester mit PU-Beschichtung, ihres wattierten Innenfutters und ihrer vollst\u00e4ndig verschwei\u00dften N\u00e4hte f\u00fcr den t\u00e4glichen Gebrauch bei kaltem und feuchtem Wetter geeignet. Die 3-Panel-Kapuze ist im Kragen integriert. Der innere Fleecekragen und die zwei Seitentaschen vervollst\u00e4ndigen das Ganze. Personalisierung m\u00f6glich.\n\n- Zusammensetzung: Au\u00dfenseite Polyester, Innenseite Polyester\n- Vollst\u00e4ndig verschwei\u00dfte N\u00e4hte\n- 3-Panel-Kapuze im Kragen\n- Personalisierung m\u00f6glich","nl":"De parka hiver enfant is geschikt voor dagelijks gebruik bij koud en vochtig weer dankzij de buitenkant van pongee polyester met PU-coating, de gewatteerde binnenkant en de volledig getapete naden. De capuchon met 3 panelen is ge\u00efntegreerd in de kraag. De binnenkraag van fleece en de twee zijzakken maken het geheel compleet. Personalisatie mogelijk.\n\n- Samenstelling: buitenkant polyester, binnenkant polyester\n- Volledig getapete naden\n- Capuchon met 3 panelen in de kraag\n- Personalisatie mogelijk","es":"La parka hiver enfant es adecuada para un uso diario en tiempo fr\u00edo y h\u00famedo gracias a su exterior de poli\u00e9ster pong\u00e9 con recubrimiento de PU, su interior acolchado y sus costuras completamente selladas. La capucha de 3 paneles est\u00e1 integrada en el cuello. El cuello interior de forro polar y los dos bolsillos laterales completan el conjunto. Personalizaci\u00f3n posible.\n\n- Composici\u00f3n: exterior de poli\u00e9ster, interior de poli\u00e9ster\n- Costuras completamente selladas\n- Capucha de 3 paneles en el cuello\n- Personalizaci\u00f3n posible","it":"La parka hiver enfant \u00e8 adatta a un uso quotidiano con tempo freddo e umido grazie al suo esterno in poliestere pong\u00e9e con rivestimento PU, al suo interno trapuntato e alle sue cuciture completamente nastrate. Il cappuccio a 3 pannelli \u00e8 integrato nel colletto. Il colletto interno in pile e le due tasche laterali completano l'insieme. Personalizzazione possibile.\n\n- Composizione: esterno poliestere, interno poliestere\n- Cuciture completamente nastrate\n- Cappuccio a 3 pannelli nel colletto\n- Personalizzazione possibile","sv":"parka hiver enfant \u00e4r l\u00e4mplig f\u00f6r daglig anv\u00e4ndning i kallt och fuktigt v\u00e4der tack vare sitt yttermaterial i polyester pongee med PU-bel\u00e4ggning, sin vadderade insida och sina helt tejpade s\u00f6mmar. Huvan med 3 paneler \u00e4r integrerad i kragen. Innerkragen i fleece och de tv\u00e5 sidfickorna kompletterar helheten. Anpassning m\u00f6jlig.\n\n- Sammans\u00e4ttning: utsida polyester, insida polyester\n- Helt tejpade s\u00f6mmar\n- Huva med 3 paneler i kragen\n- Anpassning m\u00f6jlig","pt":"A parka hiver enfant \u00e9 adequada para uso di\u00e1rio em tempo frio e h\u00famido gra\u00e7as ao seu exterior em poli\u00e9ster pong\u00e9 com revestimento PU, ao seu interior acolchoado e \u00e0s suas costuras totalmente seladas. O capuz de 3 pain\u00e9is est\u00e1 integrado na gola. A gola interior em polar e os dois bolsos laterais completam o conjunto. Personaliza\u00e7\u00e3o poss\u00edvel.\n\n- Composi\u00e7\u00e3o: exterior em poli\u00e9ster, interior em poli\u00e9ster\n- Costuras totalmente seladas\n- Capuz de 3 pain\u00e9is na gola\n- Personaliza\u00e7\u00e3o poss\u00edvel","da":"parka hiver enfant egner sig til daglig brug i koldt og fugtigt vejr takket v\u00e6re ydersiden i polyester pong\u00e9 med PU-bel\u00e6gning, den vatterede inderside og de fuldt tapede s\u00f8mme. H\u00e6tten med 3 paneler er integreret i kraven. Den indvendige fleecekrave og de to sidelommer fuldender helheden. Mulighed for tilpasning.\n\n- Sammens\u00e6tning: yderside polyester, inderside polyester\n- Fuldt tapede s\u00f8mme\n- H\u00e6tte med 3 paneler i kraven\n- Mulighed for tilpasning","pl":"parka hiver enfant nadaje si\u0119 do codziennego u\u017cytku w ch\u0142odne i wilgotne dni dzi\u0119ki zewn\u0119trznej warstwie z poliestru pong\u00e9 z pow\u0142ok\u0105 PU, pikowanemu wn\u0119trzu oraz w pe\u0142ni zgrzewanym szwom. Kaptur 3-panelowy jest zintegrowany w ko\u0142nierzu. Wewn\u0119trzny ko\u0142nierz z polaru oraz dwie boczne kieszenie uzupe\u0142niaj\u0105 ca\u0142o\u015b\u0107. Mo\u017cliwo\u015b\u0107 personalizacji.\n\n- Sk\u0142ad: warstwa zewn\u0119trzna poliester, wn\u0119trze poliester\n- Szwy w pe\u0142ni zgrzewane\n- Kaptur 3-panelowy w ko\u0142nierzu\n- Mo\u017cliwo\u015b\u0107 personalizacji"},"h1":{"fr":"Parka Hiver Enfant r207y personnalisable","en":"Parka Hiver Enfant customizable r207y","de":"Parka Hiver Enfant r207y personalisierbar","nl":"Parka Hiver Enfant r207y personaliseerbaar","es":"Parka Hiver Enfant r207y personalizable","it":"Parka Hiver Enfant r207y personalizzabile","sv":"Parka Hiver Enfant r207y anpassningsbar","pt":"Parka Hiver Enfant r207y personaliz\u00e1vel","da":"Parka Hiver Enfant r207y kan tilpasses","pl":"Parka Hiver Enfant r207y z mo\u017cliwo\u015bci\u0105 personalizacji"},"meta_description":{"fr":"Parka hiver enfant avec ext\u00e9rieur en polyester pong\u00e9e enduit PU, int\u00e9rieur matelass\u00e9, capuche int\u00e9gr\u00e9e, poches lat\u00e9rales et personnalisation.","en":"Parka hiver enfant with PU-coated pong\u00e9e polyester outer, quilted lining, integrated hood, side pockets and customization.","de":"Parka hiver enfant mit Au\u00dfenseite aus Pong\u00e9-Polyester mit PU-Beschichtung, wattiertem Innenfutter, integrierter Kapuze, Seitentaschen und Personalisierung.","nl":"Parka hiver enfant met buitenkant van pongee polyester met PU-coating, gewatteerde binnenkant, ge\u00efntegreerde capuchon, zijzakken en personalisatie.","es":"Parka hiver enfant con exterior de poli\u00e9ster pong\u00e9 recubierto de PU, interior acolchado, capucha integrada, bolsillos laterales y personalizaci\u00f3n.","it":"Parka hiver enfant con esterno in poliestere pong\u00e9e rivestito PU, interno trapuntato, cappuccio integrato, tasche laterali e personalizzazione.","sv":"Parka hiver enfant med yttermaterial i polyester pongee med PU-bel\u00e4ggning, vadderad insida, integrerad huva, sidfickor och anpassning.","pt":"Parka hiver enfant com exterior em poli\u00e9ster pong\u00e9 com revestimento PU, interior acolchoado, capuz integrado, bolsos laterais e personaliza\u00e7\u00e3o.","da":"Parka hiver enfant med yderside i polyester pong\u00e9 med PU-bel\u00e6gning, vatteret inderside, integreret h\u00e6tte, sidelommer og mulighed for tilpasning.","pl":"Parka hiver enfant z zewn\u0119trzn\u0105 warstw\u0105 z poliestru pong\u00e9 z pow\u0142ok\u0105 PU, pikowan\u0105 podszewk\u0105, zintegrowanym kapturem, bocznymi kieszeniami i mo\u017cliwo\u015bci\u0105 personalizacji."}}},"categories":[{"id":301,"name":"Parkas et blousons","singular":"Parka et blouson","is_feminin":false},{"id":13,"name":"Vestes et manteaux","singular":"Veste et manteau","is_feminin":true},{"id":354,"name":"Textile","singular":"Textile","is_feminin":false}],"certifications":[],"videos":{"fr":[],"en":[],"de":[],"nl":[],"es":[],"it":[],"sv":[],"pt":[],"da":[],"pl":[]},"main_images":{"miniature":"https:\/\/media.th4.com\/SCj3NiPnekx58S6OGNVt_FJhhmxQqGHeT2j1WZio7j0\/pr:80\/aHR0cDovL21lZGlhMi5kZXNpZ25wYXJ0bmVyLmZyL2MvcC8zNTQ2LmpwZw?v=1610012524","medium":"https:\/\/media.th4.com\/Dr5-m4vNmuaIVDn3hBUCEM3wbkVPCFdQJY7DohuZN1I\/pr:550x550greybg\/aHR0cDovL21lZGlhMi5kZXNpZ25wYXJ0bmVyLmZyL2MvcC8zNTQ2LmpwZw?v=1610012524","medium_large":"https:\/\/media.th4.com\/-qMzNjoDpa7vN5KJVfpEnifr7X_M6Jw1GxHDCKcN8KI\/pr:1000x1000greybg\/aHR0cDovL21lZGlhMi5kZXNpZ25wYXJ0bmVyLmZyL2MvcC8zNTQ2LmpwZw?v=1610012524","large":"https:\/\/media.th4.com\/_Q7XBB4LbXjW6SYY8vjs8R5-vLm22_uFHCwrV0l1SXs\/pr:1920greybg\/aHR0cDovL21lZGlhMi5kZXNpZ25wYXJ0bmVyLmZyL2MvcC8zNTQ2LmpwZw?v=1610012524","opengraph":"https:\/\/media.th4.com\/fffBIJFgzCEPBKrfsPN1LYqyvsOXXLSjUc-Jmm5UorA\/pr:1200x630greybg\/aHR0cDovL21lZGlhMi5kZXNpZ25wYXJ0bmVyLmZyL2MvcC8zNTQ2LmpwZw?v=1610012524"},"main_images_customization":{"miniature":"https:\/\/media.th4.com\/SCj3NiPnekx58S6OGNVt_FJhhmxQqGHeT2j1WZio7j0\/pr:80\/aHR0cDovL21lZGlhMi5kZXNpZ25wYXJ0bmVyLmZyL2MvcC8zNTQ2LmpwZw?v=1610012524","medium":"https:\/\/media.th4.com\/Dr5-m4vNmuaIVDn3hBUCEM3wbkVPCFdQJY7DohuZN1I\/pr:550x550greybg\/aHR0cDovL21lZGlhMi5kZXNpZ25wYXJ0bmVyLmZyL2MvcC8zNTQ2LmpwZw?v=1610012524","medium_large":"https:\/\/media.th4.com\/-qMzNjoDpa7vN5KJVfpEnifr7X_M6Jw1GxHDCKcN8KI\/pr:1000x1000greybg\/aHR0cDovL21lZGlhMi5kZXNpZ25wYXJ0bmVyLmZyL2MvcC8zNTQ2LmpwZw?v=1610012524","large":"https:\/\/media.th4.com\/_Q7XBB4LbXjW6SYY8vjs8R5-vLm22_uFHCwrV0l1SXs\/pr:1920greybg\/aHR0cDovL21lZGlhMi5kZXNpZ25wYXJ0bmVyLmZyL2MvcC8zNTQ2LmpwZw?v=1610012524","opengraph":"https:\/\/media.th4.com\/fffBIJFgzCEPBKrfsPN1LYqyvsOXXLSjUc-Jmm5UorA\/pr:1200x630greybg\/aHR0cDovL21lZGlhMi5kZXNpZ25wYXJ0bmVyLmZyL2MvcC8zNTQ2LmpwZw?v=1610012524"},"page_links":{"fr":"\/fr\/p-re-r207y-parka-hiver-enfant-r207y-3546\/","en":"\/en\/p-re-r207y-parka-hiver-enfant-r207y-3546\/","de":"\/de\/p-re-r207y-parka-hiver-enfant-r207y-3546\/","nl":"\/nl\/p-re-r207y-parka-hiver-enfant-r207y-3546\/","es":"\/es\/p-re-r207y-parka-hiver-enfant-r207y-3546\/","it":"\/it\/p-re-r207y-parka-hiver-enfant-r207y-3546\/","sv":"\/sv\/p-re-r207y-parka-hiver-enfant-r207y-3546\/","pt":"\/pt\/p-re-r207y-parka-hiver-enfant-r207y-3546\/","da":"\/da\/p-re-r207y-parka-hiver-enfant-r207y-3546\/","pl":"\/pl\/p-re-r207y-parka-hiver-enfant-r207y-3546\/"},"page_links_customization":{"fr":"\/fr\/p-re-r207y-parka-hiver-enfant-r207y-personnalisable-3546\/custom\/","en":"\/en\/p-re-r207y-parka-hiver-enfant-customizable-r207y-3546\/custom\/","de":"\/de\/p-re-r207y-parka-hiver-enfant-r207y-personalisierbar-3546\/custom\/","nl":"\/nl\/p-re-r207y-parka-hiver-enfant-r207y-personaliseerbaar-3546\/custom\/","es":"\/es\/p-re-r207y-parka-hiver-enfant-r207y-personalizable-3546\/custom\/","it":"\/it\/p-re-r207y-parka-hiver-enfant-r207y-personalizzabile-3546\/custom\/","sv":"\/sv\/p-re-r207y-parka-hiver-enfant-r207y-anpassningsbar-3546\/custom\/","pt":"\/pt\/p-re-r207y-parka-hiver-enfant-r207y-personalizavel-3546\/custom\/","da":"\/da\/p-re-r207y-parka-hiver-enfant-r207y-kan-tilpasses-3546\/custom\/","pl":"\/pl\/p-re-r207y-parka-hiver-enfant-r207y-z-mozliwoscia-personalizacji-3546\/custom\/"},"equivalent_products":[],"colors":[{"id":22474,"name":"navy","class_ids":[2],"codes_hexa":["19286b"],"delai_24":false,"has_3d":false,"seuil_global":0,"stock_local":0,"stock_global":96,"on_standby":false,"in_catalog":true,"images":{"miniature":null,"medium":null,"medium_large":null,"large":null,"opengraph":null},"images_customization":{"miniature":null,"medium":null,"medium_large":null,"large":null,"opengraph":null},"country_origin":"CN","traceability":{"manufacturing_country_id":null,"weaving_country_id":null,"dyeing_country_id":null},"sizes":[{"id":2,"article_id":115206,"class_id":4,"name":"M","on_standby":false,"stock_local":0,"stock_global":22,"multiple":1,"estimated_date_reassort":null,"is_destocking":false},{"id":4,"article_id":106256,"class_id":6,"name":"XL","on_standby":false,"stock_local":0,"stock_global":39,"multiple":1,"estimated_date_reassort":null,"is_destocking":false},{"id":1116,"article_id":115207,"class_id":7,"name":"2XL","on_standby":false,"stock_local":0,"stock_global":35,"multiple":1,"estimated_date_reassort":null,"is_destocking":false}],"page_links":{"fr":"\/fr\/p-re-r207y-parka-hiver-enfant-r207y-3546\/navy-22474\/","en":"\/en\/p-re-r207y-parka-hiver-enfant-r207y-3546\/navy-22474\/","de":"\/de\/p-re-r207y-parka-hiver-enfant-r207y-3546\/navy-22474\/","nl":"\/nl\/p-re-r207y-parka-hiver-enfant-r207y-3546\/navy-22474\/","es":"\/es\/p-re-r207y-parka-hiver-enfant-r207y-3546\/navy-22474\/","it":"\/it\/p-re-r207y-parka-hiver-enfant-r207y-3546\/navy-22474\/","sv":"\/sv\/p-re-r207y-parka-hiver-enfant-r207y-3546\/navy-22474\/","pt":"\/pt\/p-re-r207y-parka-hiver-enfant-r207y-3546\/navy-22474\/","da":"\/da\/p-re-r207y-parka-hiver-enfant-r207y-3546\/navy-22474\/","pl":"\/pl\/p-re-r207y-parka-hiver-enfant-r207y-3546\/navy-22474\/"},"page_links_customization":{"fr":"\/fr\/p-re-r207y-parka-hiver-enfant-r207y-personnalisable-3546\/navy-22474\/custom\/","en":"\/en\/p-re-r207y-parka-hiver-enfant-customizable-r207y-3546\/navy-22474\/custom\/","de":"\/de\/p-re-r207y-parka-hiver-enfant-r207y-personalisierbar-3546\/navy-22474\/custom\/","nl":"\/nl\/p-re-r207y-parka-hiver-enfant-r207y-personaliseerbaar-3546\/navy-22474\/custom\/","es":"\/es\/p-re-r207y-parka-hiver-enfant-r207y-personalizable-3546\/navy-22474\/custom\/","it":"\/it\/p-re-r207y-parka-hiver-enfant-r207y-personalizzabile-3546\/navy-22474\/custom\/","sv":"\/sv\/p-re-r207y-parka-hiver-enfant-r207y-anpassningsbar-3546\/navy-22474\/custom\/","pt":"\/pt\/p-re-r207y-parka-hiver-enfant-r207y-personalizavel-3546\/navy-22474\/custom\/","da":"\/da\/p-re-r207y-parka-hiver-enfant-r207y-kan-tilpasses-3546\/navy-22474\/custom\/","pl":"\/pl\/p-re-r207y-parka-hiver-enfant-r207y-z-mozliwoscia-personalizacji-3546\/navy-22474\/custom\/"}},{"id":364,"name":"black","class_ids":[4],"codes_hexa":["1a1a18"],"delai_24":false,"has_3d":false,"seuil_global":0,"stock_local":0,"stock_global":92,"on_standby":false,"in_catalog":true,"images":{"miniature":null,"medium":null,"medium_large":null,"large":null,"opengraph":null},"images_customization":{"miniature":null,"medium":null,"medium_large":null,"large":null,"opengraph":null},"country_origin":"CN","traceability":{"manufacturing_country_id":null,"weaving_country_id":null,"dyeing_country_id":null},"sizes":[{"id":2,"article_id":115208,"class_id":4,"name":"M","on_standby":false,"stock_local":0,"stock_global":34,"multiple":1,"estimated_date_reassort":null,"is_destocking":false},{"id":1,"article_id":106259,"class_id":5,"name":"L","on_standby":false,"stock_local":0,"stock_global":16,"multiple":1,"estimated_date_reassort":null,"is_destocking":false},{"id":4,"article_id":106260,"class_id":6,"name":"XL","on_standby":false,"stock_local":0,"stock_global":25,"multiple":1,"estimated_date_reassort":null,"is_destocking":false},{"id":1116,"article_id":115209,"class_id":7,"name":"2XL","on_standby":false,"stock_local":0,"stock_global":17,"multiple":1,"estimated_date_reassort":null,"is_destocking":false}],"page_links":{"fr":"\/fr\/p-re-r207y-parka-hiver-enfant-r207y-3546\/black-364\/","en":"\/en\/p-re-r207y-parka-hiver-enfant-r207y-3546\/black-364\/","de":"\/de\/p-re-r207y-parka-hiver-enfant-r207y-3546\/black-364\/","nl":"\/nl\/p-re-r207y-parka-hiver-enfant-r207y-3546\/black-364\/","es":"\/es\/p-re-r207y-parka-hiver-enfant-r207y-3546\/black-364\/","it":"\/it\/p-re-r207y-parka-hiver-enfant-r207y-3546\/black-364\/","sv":"\/sv\/p-re-r207y-parka-hiver-enfant-r207y-3546\/black-364\/","pt":"\/pt\/p-re-r207y-parka-hiver-enfant-r207y-3546\/black-364\/","da":"\/da\/p-re-r207y-parka-hiver-enfant-r207y-3546\/black-364\/","pl":"\/pl\/p-re-r207y-parka-hiver-enfant-r207y-3546\/black-364\/"},"page_links_customization":{"fr":"\/fr\/p-re-r207y-parka-hiver-enfant-r207y-personnalisable-3546\/black-364\/custom\/","en":"\/en\/p-re-r207y-parka-hiver-enfant-customizable-r207y-3546\/black-364\/custom\/","de":"\/de\/p-re-r207y-parka-hiver-enfant-r207y-personalisierbar-3546\/black-364\/custom\/","nl":"\/nl\/p-re-r207y-parka-hiver-enfant-r207y-personaliseerbaar-3546\/black-364\/custom\/","es":"\/es\/p-re-r207y-parka-hiver-enfant-r207y-personalizable-3546\/black-364\/custom\/","it":"\/it\/p-re-r207y-parka-hiver-enfant-r207y-personalizzabile-3546\/black-364\/custom\/","sv":"\/sv\/p-re-r207y-parka-hiver-enfant-r207y-anpassningsbar-3546\/black-364\/custom\/","pt":"\/pt\/p-re-r207y-parka-hiver-enfant-r207y-personalizavel-3546\/black-364\/custom\/","da":"\/da\/p-re-r207y-parka-hiver-enfant-r207y-kan-tilpasses-3546\/black-364\/custom\/","pl":"\/pl\/p-re-r207y-parka-hiver-enfant-r207y-z-mozliwoscia-personalizacji-3546\/black-364\/custom\/"}}],"documentation_link":null,"countries_availables":["AD","AE","AL","AT","BA","BD","BE","BG","BL","CA","CH","CN","CO","CY","CZ","DE","DK","DO","EE","EG","ES","ET","FI","FR","GB","GE","GF","GP","GR","GT","HK","HN","HR","HT","HU","ID","IE","IN","IS","IT","JO","JP","KE","KH","KP","KR","LA","LK","LS","LT","LU","LV","MA","MF","MG","MK","MM","MN","MQ","MT","MX","MY","NC","NI","NL","PF","PH","PK","PL","PM","PT","RE","RO","SE","SG","SI","SK","SV","SY","TH","TN","TR","TW","TZ","US","VN","WF","YT"]},"infos_customization":[],"features":{"authorize_multi_surfaces":true,"display_order_delay_type":true,"promote_surface_display":true,"tarification_franco_offert":true,"enabled_3d_editor":false},"markings":[{"id":0,"nom":"vierge","finition":null,"libelle":null,"code":null,"dpi":null,"finesse_forme_isolee":null,"finesse_forme_non_isolee":null,"hauteur_minimale_texte":null,"inactif":0,"marquage_interne":1,"quantite_min":null,"parent_id":null,"print_on_support":0,"content":"vierge","description":null},{"id":2,"nom":"fonce","finition":"optimale","libelle":"TopQuadri","code":null,"dpi":400,"finesse_forme_isolee":"0.040","finesse_forme_non_isolee":"0.700","hauteur_minimale_texte":2,"inactif":0,"marquage_interne":1,"quantite_min":null,"parent_id":18,"print_on_support":0,"content":"TopQuadri","description":"pour petites et moyennes s\u00e9ries"},{"id":3,"nom":"serigraphie","finition":"serigraphie","libelle":"SeriCoat","code":null,"dpi":400,"finesse_forme_isolee":"0.040","finesse_forme_non_isolee":"0.700","hauteur_minimale_texte":2,"inactif":0,"marquage_interne":1,"quantite_min":15,"parent_id":18,"print_on_support":0,"content":"SeriCoat","description":"pour moyennes et grandes s\u00e9ries"},{"id":4,"nom":"broderie","finition":"broderie","libelle":"Broderie","code":null,"dpi":400,"finesse_forme_isolee":"0.040","finesse_forme_non_isolee":"0.700","hauteur_minimale_texte":3,"inactif":0,"marquage_interne":1,"quantite_min":null,"parent_id":null,"print_on_support":0,"content":"Broderie","description":null},{"id":8,"nom":"theme","finition":null,"libelle":"Th\u00e8me","code":null,"dpi":null,"finesse_forme_isolee":null,"finesse_forme_non_isolee":null,"hauteur_minimale_texte":null,"inactif":0,"marquage_interne":1,"quantite_min":null,"parent_id":null,"print_on_support":0,"content":"Th\u00e8me","description":null},{"id":9,"nom":"sans","finition":null,"libelle":null,"code":null,"dpi":null,"finesse_forme_isolee":null,"finesse_forme_non_isolee":null,"hauteur_minimale_texte":null,"inactif":0,"marquage_interne":1,"quantite_min":null,"parent_id":null,"print_on_support":0,"content":"sans","description":null},{"id":10,"nom":"photo","finition":null,"libelle":"Photo","code":null,"dpi":null,"finesse_forme_isolee":null,"finesse_forme_non_isolee":null,"hauteur_minimale_texte":null,"inactif":0,"marquage_interne":1,"quantite_min":null,"parent_id":null,"print_on_support":0,"content":"Photo","description":null},{"id":14,"nom":"couleur","finition":null,"libelle":"Couleur","code":null,"dpi":null,"finesse_forme_isolee":null,"finesse_forme_non_isolee":null,"hauteur_minimale_texte":null,"inactif":0,"marquage_interne":1,"quantite_min":null,"parent_id":null,"print_on_support":0,"content":"Couleur","description":null},{"id":15,"nom":"sublimation","finition":"sublimation","libelle":"Sublimation","code":null,"dpi":null,"finesse_forme_isolee":"0.000","finesse_forme_non_isolee":"0.000","hauteur_minimale_texte":2,"inactif":0,"marquage_interne":1,"quantite_min":null,"parent_id":null,"print_on_support":0,"content":"Sublimation","description":null},{"id":16,"nom":"topquadri_uv","finition":null,"libelle":"TopQuadri UV","code":null,"dpi":null,"finesse_forme_isolee":"0.020","finesse_forme_non_isolee":"0.700","hauteur_minimale_texte":2,"inactif":0,"marquage_interne":1,"quantite_min":null,"parent_id":null,"print_on_support":1,"content":null,"description":null},{"id":17,"nom":"topquadri_uvp","finition":null,"libelle":"TopQuadri UVP","code":null,"dpi":null,"finesse_forme_isolee":"0.020","finesse_forme_non_isolee":"0.700","hauteur_minimale_texte":2,"inactif":0,"marquage_interne":1,"quantite_min":null,"parent_id":null,"print_on_support":1,"content":null,"description":null},{"id":18,"nom":"quadri","finition":null,"libelle":"Impression","code":null,"dpi":null,"finesse_forme_isolee":null,"finesse_forme_non_isolee":null,"hauteur_minimale_texte":null,"inactif":0,"marquage_interne":1,"quantite_min":null,"parent_id":null,"print_on_support":0,"content":null,"description":null}]}}