{"data":{"product":{"id":3537,"titre":"Core hi-viz safety vest","description":"Gilet de s\u00e9curit\u00e9 l\u00e9ger - pour porter lors d'\u00e9v\u00e8nements ou comme v\u00eatement de s\u00e9curit\u00e9. Coupe ample avec les emmanchures profondes. Bord gans\u00e9s en polyester gris. Bandes r\u00e9fl\u00e9chissantes de 50mm sur le corps. Bande auto-agrippante \u00e0 l'avant pour plus de facilit\u00e9. Composition : 100 % polyester.","genre":"mixte","grammage":0,"conditionnement":50,"composition":"polyester,polyester_uniquement","reference":"RS200","reference_visible":"re-r200x","reference_fabricant":"R200X","ref_xor":"744340","in_catalog":true,"is_transfer":false,"is_service":false,"on_standby":false,"has_3d":false,"has_size_guide":false,"has_marking":true,"has_vierge":true,"is_cross_sellable":false,"id_picto":109,"filename_3d":null,"brand":{"id":16,"name":"Result","logo":"logo-result.png","image":"https:\/\/media.th4.com\/R4AINn4EcZGXmGADkvSPvxFxj-96N0ZW37kUw9NCIp8\/pr:brand70x70\/aHR0cDovL21lZGlhMi5kZXNpZ25wYXJ0bmVyLmZyL2MvbS9sb2dvLXJlc3VsdC5wbmc?v=1769696384"},"price_infos":{"price_from":2.05,"quantity":200,"color":{"id":2457,"name":"fluorescent_yellow"},"size":{"id":77,"name":"L\/XL"}},"price_infos_marking":{"price_from":5.76,"quantity":1500,"color":{"id":2457,"name":"fluorescent_yellow"},"size":{"id":77,"name":"L\/XL"},"marking":{"id":2,"name":""},"emplacement":"avant","surface_emplacement_id":1,"surface":"coeur"},"i18n":{"blank":{"title":{"fr":"Gilet de s\u00e9curit\u00e9 automobiliste RESULT re-r200x","en":"Automobile safety vest RESULT re-r200x","de":"Autofahrer-Sicherheitsweste RESULT re-r200x","nl":"Veiligheidsvest voor automobilist RESULT re-r200x","es":"Chaleco de seguridad para automovilistas RESULT re-r200x","it":"Gilet di sicurezza automobilista RESULT re-r200x","sv":"S\u00e4kerhetsv\u00e4st f\u00f6r bilister RESULT re-r200x","pt":"Colete de seguran\u00e7a automobilista RESULT re-r200x","da":"Gilet til sikkerhedsbilister RESULT re-r200x","pl":"Kamizelka bezpieczenstwa dla kierowcy RESULT re-r200x"},"description":{"fr":"Ce gilet de s\u00e9curit\u00e9 est con\u00e7u pour offrir une visibilit\u00e9 accrue aux automobilistes. Fabriqu\u00e9 en 100% polyester, il assure confort et durabilit\u00e9. Les bords gris en polyester et les bandes de s\u00e9curit\u00e9 cousues renforcent sa fonctionnalit\u00e9. Ce gilet est approuv\u00e9 cat\u00e9gorie 2 selon la sp\u00e9cification EN471 et conforme \u00e0 la directive europ\u00e9enne 89\/686\/EEC. Sa coupe surdimensionn\u00e9e permet de le porter par-dessus des vestes ou des manteaux.\n\n- Mati\u00e8re : 100% polyester\n- Bords : Polyester\n- Norme : EN471 cat\u00e9gorie 2\n- Directive : 89\/686\/EEC\n- Coupe : Surdimensionn\u00e9e","en":"This safety vest is designed to provide increased visibility for motorists. Made of 100% polyester, it ensures comfort and durability. The gray edges in polyester and the sewn safety bands enhance its functionality. This vest is approved category 2 according to the EN471 specification and compliant with European directive 89\/686\/EEC. Its oversized cut allows it to be worn over jackets or coats.\n\n- Material: 100% polyester\n- Edges: Polyester\n- Standard: EN471 category 2\n-Directive: 89\/686\/EEC\n-Cut: Oversized","de":"Diese Sicherheitsweste ist daf\u00fcr ausgelegt, Autofahrern eine erh\u00f6hte Sichtbarkeit zu bieten. Sie besteht aus 100% Polyester und sorgt so f\u00fcr Komfort und Haltbarkeit. Die grauen R\u00e4nder und die gen\u00e4hten Sicherheitsb\u00e4nder verst\u00e4rken ihre Funktionalit\u00e4t. Diese Weste ist gem\u00e4\u00df der Spezifikation EN471 Kategorie 2 zertifiziert und entspricht der europ\u00e4ischen Richtlinie 89\/686\/EEC. Der \u00fcbergro\u00dfe Schnitt erm\u00f6glicht das Tragen \u00fcber Jacken oder M\u00e4ntel.\n\n- Material: 100% Polyester\n- Kanten: Polyester\n- Norm: EN471 Kategorie 2\n- Richtlinie: 89\/686\/EEC\n- Schnitt: \u00dcbergro\u00df","nl":"Dit veiligheidsvest is ontworpen om automobilisten een verhoogde zichtbaarheid te bieden. Gemaakt van 100% polyester biedt het comfort en duurzaamheid. De grijze randen van polyester en de genaaide veiligheidsbanden versterken zijn functionaliteit. Dit vest is goedgekeurd categorie 2 volgens specificatie EN471 en voldoet aan Europese richtlijn 89\/686\/EEC. De oversized passvorm maakt het mogelijk om het over een jas of mantel te dragen.\n\n- Materiaal: 100% polyester \n - Randen: Polyester\n - Norm: EN471 categorie 2\n - Richtlijn: 89\/686\/EEC\n - Passend : oversized","es":"Este chaleco de seguridad est\u00e1 dise\u00f1ado para ofrecer una visibilidad aumentada a los automovilistas. Fabricado en 100% poli\u00e9ster, asegura confort y durabilidad. Los bordes grises en poli\u00e9ster y las bandas de seguridad cosidas refuerzan su funcionalidad. Este chaleco es aprobado categor\u00eda 2 seg\u00fan la especificaci\u00f3n EN471 y conforme a la directiva europea 89\/686\/EEC. Su corte sobredimensionado permite llevarlo sobre chaquetas o abrigos.","it":"Questo gilet di sicurezza \u00e8 progettato per offrire una maggiore visibilit\u00e0 agli automobilisti. Realizzato in 100% poliestere, garantisce comfort e durabilit\u00e0. I bordi grigi in poliestere e le bande di sicurezza cucite ne migliorano la funzionalit\u00e0. Questo gilet \u00e8 approvato categoria 2 secondo la specifica EN471 ed \u00e8 conforme alla direttiva europea 89\/686\/EEC. La sua taglia oversize consente di indossarlo sopra giacche o cappotti.","sv":"Denna s\u00e4kerhetsv\u00e4st \u00e4r utformad f\u00f6r att erbjuda \u00f6kad synlighet f\u00f6r bilister. Tillverkad i 100% polyester garanterar den komfort och h\u00e5llbarhet. Gr\u00e5 kanter i polyester och s\u00e4kerhetsband sydda f\u00f6rst\u00e4rker dess funktion. Denna v\u00e4st \u00e4r godk\u00e4nd kategori 2 enligt specifikationen EN471 och uppfyller den europeiska direktiven 89\/686\/EEC. Dess \u00f6verdimensionerade sk\u00e4rning g\u00f6r att den kan b\u00e4ras \u00f6ver jackor eller rockar.\n\n- Material: 100% polyester\n- Kanten: Polyester\n- Standard: EN471 kategori 2\n- Direktiv: 89\/686\/EEC\n- Sk\u00e4rning: \u00d6verdimensionerad","pt":"Este colete de seguran\u00e7a \u00e9 concebido para oferecer maior visibilidade aos automobilistas. Fabricado em 100% poli\u00e9ster, assegura conforto e durabilidade. As bordas cinzentas em poli\u00e9ster e as faixas de seguran\u00e7a costuradas refor\u00e7am a sua funcionalidade. Este colete \u00e9 aprovado categoria 2 segundo a especifica\u00e7\u00e3o EN471 e conforme \u00e0 diretiva europeia 89\/686\/EEC. O seu corte sobredimensionado permite us\u00e1-lo por cima de jaquetas ou casacos.","da":"Dette sikkerhedsgilet er udviklet til at give \u00f8get synlighed for bilister. Fremstillet af 100% polyester, der sikrer komfort og holdbarhed. Gr\u00e5 kanter i polyester og syede sikkerhedsb\u00e5nd underst\u00f8tter dets funktion. Dette gilet er godkendt kategori 2 if\u00f8lge specifikation EN471 og overholder den europ\u00e6iske direktiv 89\/686\/EEC. Den overdimensionerede sk\u00e6retilpasning g\u00f8r det muligt at b\u00e6re over jakker eller kappe.\n\n- Materiale : 100% polyester\n- Kanter : Polyester\n- Norm : EN471 kategori 2\n- Direktiv : 89\/686\/EEC\n- Sk\u00e6r : Overdimensioneret","pl":"Ta kamizelka bezpieczenstwa jest zaprojektowana, aby zapewnic kierowcom wieksza widocznosc. Wykonana z 100% poliestru, zapewnia komfort i trwalosc. Szare krawedzie z poliestru oraz zszyte pasy bezpieczenstwa wzmocniaja jej funkcjonalnosc. Ta kamizelka jest zatwierdzona kategorii 2 wedlug specyfikacji EN471 i zgodna z dyrektywa europejska 89\/686\/EEC. Jej nadwymiarowy kroju pozwala na noszenie jej na pelnym stroju.\n\n- Material: 100% poliestru\n- Krawedzie : Poliestru\n- Norma : EN471 kategoria 2\n- Dyrektywa : 89\/686\/EEC\n- Kroj : Nadwymiarowy"},"h1":{"fr":"Gilet de s\u00e9curit\u00e9 automobiliste re-r200x","en":"Automobile safety vest re-r200x","de":"Autofahrer-Sicherheitsweste re-r200x","nl":"Veiligheidsvest voor automobilist re-r200x","es":"Chaleco de seguridad para automovilistas re-r200x","it":"Gilet di sicurezza automobilista re-r200x","sv":"S\u00e4kerhetsv\u00e4st f\u00f6r bilister re-r200x","pt":"Colete de seguran\u00e7a automobilista re-r200x","da":"Gilet til sikkerhedsbilister re-r200x","pl":"Kamizelka bezpieczenstwa dla kierowcy re-r200x"},"meta_description":{"fr":"Gilet de s\u00e9curit\u00e9 haute visibilit\u00e9 pour automobilistes. 100% polyester, bandes de s\u00e9curit\u00e9 cousues, conforme EN471. Id\u00e9al pour une s\u00e9curit\u00e9 accrue sur la route.","en":"High visibility safety vest for motorists. 100% polyester, sewn safety bands, compliant with EN471. Ideal for increased road safety.","de":"Hochsichtbare Sicherheitsweste f\u00fcr Autofahrer. 100% Polyester, gen\u00e4hte Sicherheitsb\u00e4nder, EN471 konform. Ideal f\u00fcr erh\u00f6hte Sicherheit auf der Stra\u00dfe.","nl":"Hoge zichtbaarheid veiligheidsvest voor automobilisten. 100% polyester, genaaide veiligheidsbanden, voldoet aan EN471. Ideaal voor extra veiligheid op de weg.","es":"Chaleco de seguridad de alta visibilidad para automovilistas. 100% poli\u00e9ster, bandas de seguridad cosidas, conforme EN471. Ideal para una seguridad aumentada en la carretera.","it":"Gilet di sicurezza ad alta visibilit\u00e0 per automobilisti. 100% poliestere, bande di sicurezza cucite, conforme EN471. Ideale per una maggiore sicurezza sulla strada.","sv":"H\u00f6gvisibilitetss\u00e4kerhetsv\u00e4st f\u00f6r bilister. 100% polyester, s\u00e4kerhetsband sydda, uppfyller EN471. Idealisk f\u00f6r \u00f6kad s\u00e4kerhet p\u00e5 v\u00e4gen.","pt":"Colete de seguran\u00e7a de alta visibilidade para motoristas. 100% poli\u00e9ster, faixas de seguran\u00e7a costuradas, conforme EN471. Ideal para uma seguran\u00e7a aumentada na estrada.","da":"Sikkerhedsgilet med h\u00f8j synlighed for bilister. 100% polyester, syede sikkerhedsb\u00e5nd, overholder EN471. Ideelt for \u00f8get sikkerhed p\u00e5 vejen.","pl":"Kamizelka bezpieczenstwa wysokiej widocznosci dla kierowcow. 100% poliestru, pasy bezpieczenstwa zszyte, zgodne z EN471. Idealna do zwiekszenia bezpieczenstwa na drodze."}},"custom":{"title":{"fr":"Gilet de s\u00e9curit\u00e9 automobiliste RESULT personnalisation r200x","en":"Automobile Safety Vest RESULT r200x Customization","de":"Auto-Sicherheitsweste RESULT Personalisierung r200x","nl":"Gilet van veiligheid automobilist RESULT personalisatie r200x","es":"Chaleco de seguridad para automovilistas RESULT personalizaci\u00f3n r200x","it":"Gilet di sicurezza automobilista RESULT personalizzazione r200x","sv":"S\u00e4kerhetsv\u00e4st f\u00f6r automobilister RESULT personifiering r200x","pt":"Colete de seguran\u00e7a automobilista RESULT personaliza\u00e7\u00e3o r200x","da":"Sikkerhedsveste til bilister RESULT personligg\u00f8relse r200x","pl":"Kamiz bezpiecze\u0144stwa dla kierowc\u00f3w RESULT personalizacja r200x"},"description":{"fr":"Ce gilet de s\u00e9curit\u00e9 haute visibilit\u00e9 est con\u00e7u pour les automobilistes et offre une protection accrue en cas d'urgence. Fabriqu\u00e9 en 100% polyester, il assure confort et durabilit\u00e9. Les bords gris en polyester et les bandes de s\u00e9curit\u00e9 cousues renforcent sa visibilit\u00e9. Ce gilet est approuv\u00e9 cat\u00e9gorie 2 selon la sp\u00e9cification EN471 et conforme \u00e0 la directive europ\u00e9enne 89\/686\/EEC. Sa coupe surdimensionn\u00e9e permet de le porter par-dessus des vestes ou des manteaux. \n\nCe gilet est personnalisable, notamment par broderie, pour afficher votre logo ou votre visuel. \n\nCaract\u00e9ristiques techniques :\n\n- Mati\u00e8re : 100% polyester\n- Bords : Polyester gris\n- Norme : EN471 cat\u00e9gorie 2\n- Directive : 89\/686\/EEC\n- Coupe : Surdimensionn\u00e9e","en":"This high visibility safety vest is designed for motorists and provides increased protection in case of emergency. Made of polyester, it ensures comfort and durability. The gray polyester edges and sewn-on safety bands enhance its visibility. This vest is approved category 2 according to the EN471 specification and compliant with European directive 89\/686\/EEC. Its oversized cut allows wearing over jackets or coats.\n\nThis vest can be customized, including by embroidery, to display your logo or visual.\n\nTechnical specifications:\n\n- Material: polyester \n- Edges: Gray Polyester \n- Standard: EN471 category 2\n-Directive: 89\/686\/EEC\n-Cut: Oversized","de":"Diese hochsichtbare Sicherheitsweste ist f\u00fcr Autofahrer konzipiert und bietet erh\u00f6hten Schutz im Notfall. Aus 100% Polyester gefertigt, sorgt sie f\u00fcr Komfort und Haltbarkeit. Graue R\u00e4nder aus Polyester und gen\u00e4hte Sicherheitsb\u00e4nder verst\u00e4rken ihre Sichtbarkeit. Diese Weste ist gem\u00e4\u00df der Kategorie 2 nach der Spezifikation EN471 zertifiziert und entspricht der europ\u00e4ischen Richtlinie 89\/686\/EEC. Der oversized Schnitt erm\u00f6glicht es, sie \u00fcber Jacken oder M\u00e4ntel zu tragen.\n\nDiese Weste kann personalisiert werden, insbesondere durch Stickerei, um Ihr Logo oder Ihren visuellen Aufdruck anzuzeigen.\n\nTechnische Merkmale:\n\n- Material: 100% Polyester\n- R\u00e4nder: Graues Polyester\n- Norm: EN471 Kategorie 2\n- Richtlinie: 89\/686\/EEC\n- Schnitt: Oversized","nl":"Dit hoge zichtbaarheidsveiligheidsgilet is ontworpen voor automobilisten en biedt extra bescherming bij noodsituaties. Gemaakt van 100% polyester, het biedt comfort en duurzaamheid. De grijze randen in polyester en de genaaide veiligheidsbanden versterken de zichtbaarheid. Dit gilet is goedgekeurd categorie 2 volgens specificatie EN471 en voldoet aan Europese richtlijn 89\/686\/EEC. De overgrote maat stelt u in staat om het boven jassen of mantels te dragen.\n\nDit gilet kan worden gepersonaliseerd, met name door borduurwerk, om uw logo of visuele elementen weer te geven.\n\nTechnische specificaties:\n- Materiaal: 100% polyester\n- Rand: Grijs polyester\n- Norm: EN471 categorie 2\n- Richtlijn: 89\/686\/EEC\n- Pasvorm: Overgroot","es":"Este chaleco de alta visibilidad est\u00e1 dise\u00f1ado para los automovilistas y ofrece una protecci\u00f3n adicional en caso de emergencia. Fabricado en 100% poli\u00e9ster, asegura comodidad y durabilidad. Los bordes grises en poli\u00e9ster y las bandas de seguridad cosidas refuerzan su visibilidad. Este chaleco est\u00e1 aprobado categor\u00eda 2 seg\u00fan la especificaci\u00f3n EN471 y conforme a la directiva europea 89\/686\/EEC. Su corte holgado permite llevarlo sobre chaquetas o abrigos.\n\nEste chaleco es personalizable, en particular por bordado, para mostrar su logotipo o su dise\u00f1o visual.\n\nCaracter\u00edsticas t\u00e9cnicas:\n\n- Material: 100% poli\u00e9ster\n- Bordes: Poliester gris\n- Norma: EN471 categor\u00eda 2\n-Directiva: 89\/686\/EEC\n-Corte: Holgado","it":"Questo gilet di sicurezza ad alta visibilit\u00e0 \u00e8 progettato per gli automobilisti e offre una maggiore protezione in caso di emergenza. Realizzato al 100% in poliestere, garantisce comfort e durabilit\u00e0. I bordi grigi in poliestere e le bande di sicurezza cucite migliorano la visibilit\u00e0. Questo gilet \u00e8 approvato categoria 2 secondo la specifica EN471 ed \u00e8 conforme alla direttiva europea 89\/686\/EEC. La sua taglia generosa permette di indossarlo sopra giacche o cappotti.\n\nQuesto gilet pu\u00f2 essere personalizzato, ad esempio con ricami, per esporre il proprio logo o visivo.\n\nCaratteristiche tecniche:\n- Materiale: 100% poliestere \n- Bordi: Poliestere grigio \n- Norma: EN471 categoria 2 \n- Direttiva: 89\/686\/EEC \n- Taglia: Generosa","sv":"Denna h\u00f6gvisibilitetss\u00e4kerhetsvest \u00e4r utformad f\u00f6r automobilister och erbjuder \u00f6kad skydd vid n\u00f6dsituationer. Tillverkad av 100% polyester, garanterar den komfort och h\u00e5llbarhet. De gr\u00e5 kanterna i polyester och de s\u00e4kerhetsband som sytts fast \u00f6kar synligheten. Denna v\u00e4st \u00e4r godk\u00e4nd kategori 2 enligt specifikationen EN471 och uppfyller den europeiska direktiven 89\/686\/EEC. Dess \u00f6verdimensionerade sk\u00e4rning g\u00f6r det m\u00f6jligt att b\u00e4ra den \u00f6ver jackor eller rockar.\n\nDenna v\u00e4st kan personifieras, s\u00e4rskilt genom broderi, f\u00f6r att visa ditt logotyp eller ditt visuella intryck.\n\nTekniska specifikationer:\n\n- Material: 100% polyester\n- Kanter: Gr\u00e5 polyester\n- Standard: EN471 kategori 2\n- Direktiv: 89\/686\/EEC\n- Sk\u00e4rning: \u00d6verdimensionerad","pt":"Esta colete de seguran\u00e7a de alta visibilidade \u00e9 projetada para motoristas e oferece uma prote\u00e7\u00e3o adicional em caso de emerg\u00eancia. Fabricado em 100% poli\u00e9ster, ele garante conforto e durabilidade. As bordas cinza em poli\u00e9ster e as tiras de seguran\u00e7a costuradas aumentam sua visibilidade. Esta colete \u00e9 aprovada categoria 2 de acordo com a especifica\u00e7\u00e3o EN471 e conforme \u00e0 diretiva europeia 89\/686\/EEC. Seu corte oversized permite us\u00e1-lo sobre jaquetas ou casacos.\n\nEsta colete \u00e9 personaliz\u00e1vel, especialmente por bordado, para exibir seu logotipo ou visual.\n\nCaracter\u00edsticas t\u00e9cnicas:\n- Material: 100% poli\u00e9ster\n- Bordas: Poli\u00e9ster cinza\n- Norma: EN471 categoria 2\n- Diretiva: 89\/686\/EEC\n- Corte: Oversized","da":"Denne sikkerhedsveste med h\u00f8j synlighed er designet til bilister og tilbyder \u00f8get beskyttelse i n\u00f8dssituationer. Lavet af 100% polyester, den sikrer komfort og holdbarhed. Gr\u00e5 kanter i polyester og syede sikkerhedsstropper forbedrer synligheden. Denne veste er godkendt til kategori 2 if\u00f8lge specifikationen EN471 og overholder den europ\u00e6iske direktiv 89\/686\/EEC. Den oversidde sk\u00e6reflade g\u00f8r det muligt at b\u00e6re den over jakker eller frakkere.\n\nDenne veste kan personligg\u00f8res, is\u00e6r ved brodering, for at vise dit logo eller din visuel.\n\nTekniske specifikationer:\n\n- Materiale: 100% polyester\n- Kanter: Gr\u00e5 polyester\n- Norm: EN471 kategori 2\n- Direktiv: 89\/686\/EEC\n- Sk\u00e6reflade: Oversidde","pl":"Ten kamiz bezpiecze\u0144stwa o wysokiej widoczno\u015bci jest przeznaczony dla kierowc\u00f3w i zapewnia zwi\u0119kszon\u0105 ochron\u0119 w przypadku awarii. Wykonany z 100% poliesteru, gwarantuje komfort i trwa\u0142o\u015b\u0107. Szare kraw\u0119dzie z poliesteru oraz zszywane pasy bezpiecze\u0144stwa wzmacniaj\u0105 jego widoczno\u015b\u0107. Ten kamiz jest zatwierdzony w kategorii 2 zgodnie ze specyfikacj\u0105 EN471 i spe\u0142nia wymagania dyrektywy europejskiej 89\/686\/EEC. Jego nadwymiarowa kroj\u00f3wka pozwala na noszenie go ponad kurtkami lub p\u0142aszczami.\n\nTen kamiz mo\u017cna spersonalizowa\u0107, np. za pomoc\u0105 haftu, aby wy\u015bwietla\u0107 sw\u00f3j logo lub wizual. \n\nW\u0142a\u015bciwo\u015bci techniczne:\n\n- Materia\u0142: 100% poliester\n- Kraw\u0119dzie: Szary poliester\n- Norma: EN471 kategoria 2\n- Dyrektywa: 89\/686\/EEC\n- Kroj\u00f3wka: Nadwymiarowa"},"h1":{"fr":"Gilet de s\u00e9curit\u00e9 automobiliste personnalisation r200x","en":"Automobile Safety Vest r200x Customization","de":"Auto-Sicherheitsweste Personalisierung r200x","nl":"Gilet van veiligheid automobilist personalisatie r200x","es":"Chaleco de seguridad para automovilistas personalizaci\u00f3n r200x","it":"Gilet di sicurezza automobilista personalizzazione r200x","sv":"S\u00e4kerhetsv\u00e4st f\u00f6r automobilister personifiering r200x","pt":"Colete de seguran\u00e7a automobilista personaliza\u00e7\u00e3o r200x","da":"Sikkerhedsveste til bilister personligg\u00f8relse r200x","pl":"Kamiz bezpiecze\u0144stwa dla kierowc\u00f3w personalizacja r200x"},"meta_description":{"fr":"Gilet de s\u00e9curit\u00e9 haute visibilit\u00e9 pour automobilistes. Approuv\u00e9 EN471. Possibilit\u00e9 de personnalisation en broderie. Id\u00e9al pour am\u00e9liorer la s\u00e9curit\u00e9.","en":"High visibility safety vest for motorists. Approved EN471. Possibility of customization by embroidery. Ideal for improving security.","de":"Hochsichtbare Sicherheitsweste f\u00fcr Autofahrer. Gepr\u00fcft nach EN471. M\u00f6glichkeit zur Personalisierung durch Stickerei. Ideal zur Verbesserung der Sicherheit.","nl":"Hoge zichtbaarheidsveiligheidsgilet voor automobilisten. Goedgekeurd EN471. Mogelijkheid tot personalisatie door borduurwerk. Ideaal om de veiligheid te verbeteren.","es":"Chaleco de alta visibilidad para automovilistas. Aprobado EN471. Posibilidad de personalizaci\u00f3n en bordado. Ideal para mejorar la seguridad.","it":"Gilet di sicurezza ad alta visibilit\u00e0 per automobilisti. Approvato EN471. Possibilit\u00e0 di personalizzazione con ricamo. Ideale per migliorare la sicurezza.","sv":"H\u00f6gsynlighetss\u00e4kerhetsv\u00e4st f\u00f6r bilar. Godk\u00e4nd EN471. M\u00f6jlighet till personifiering genom broderi. Idealisk f\u00f6r att \u00f6ka s\u00e4kerheten.","pt":"Colete de seguran\u00e7a de alta visibilidade para motoristas. Aprovado EN471. Possibilidade de personaliza\u00e7\u00e3o em bordado. Ideal para melhorar a seguran\u00e7a.","da":"Sikkerhedsveste med h\u00f8j synlighed for bilister. Godkendt EN471. Mulighed for personligg\u00f8relse ved brodering. Ideel til at \u00f8ge sikkerheden.","pl":"Kamiz bezpiecze\u0144stwa o wysokiej widoczno\u015bci dla kierowc\u00f3w. Zatwierdzony EN471. Mo\u017cliwo\u015b\u0107 personalizacji za pomoc\u0105 haftu. Idealny do poprawy bezpiecze\u0144stwa."}}},"categories":[{"id":329,"name":"Vestes et gilets de s\u00e9curit\u00e9","singular":"Veste et gilet de s\u00e9curit\u00e9","is_feminin":false},{"id":572,"name":"Textiles r\u00e9fl\u00e9chissants","singular":"Textile r\u00e9fl\u00e9chissant","is_feminin":false},{"id":13,"name":"Vestes et manteaux","singular":"Veste et manteau","is_feminin":true},{"id":559,"name":"Univers","singular":"Univers","is_feminin":false},{"id":354,"name":"Textile","singular":"Textile","is_feminin":false}],"certifications":[],"videos":{"fr":[],"en":[],"de":[],"nl":[],"es":[],"it":[],"sv":[],"pt":[],"da":[],"pl":[]},"main_images":{"miniature":"https:\/\/media.th4.com\/xrZ2zzkH8z5iLMtKjhDdkIX6tY37OqnHwsr0ZPQ50-o\/pr:80\/aHR0cDovL21lZGlhMi5kZXNpZ25wYXJ0bmVyLmZyL2MvcC1ibGFuay1USC8zNTM3LndlYnA?v=1769424893","medium":"https:\/\/media.th4.com\/zVGnRpfE660fXjtLG0MCdasIXa1G6Pw3ktP1WIMLz5M\/pr:550x550greybg\/aHR0cDovL21lZGlhMi5kZXNpZ25wYXJ0bmVyLmZyL2MvcC1ibGFuay1USC8zNTM3LndlYnA?v=1769424893","medium_large":"https:\/\/media.th4.com\/zq96_DNBDs2XEAMXR0J0WJ8Bdxj2fqdwZel_42A4BXA\/pr:1000x1000greybg\/aHR0cDovL21lZGlhMi5kZXNpZ25wYXJ0bmVyLmZyL2MvcC1ibGFuay1USC8zNTM3LndlYnA?v=1769424893","large":"https:\/\/media.th4.com\/eMNLhZxzKRhby9Tu5sVQuIAgzG9cdSE8_zwc3iLahuc\/pr:1920greybg\/aHR0cDovL21lZGlhMi5kZXNpZ25wYXJ0bmVyLmZyL2MvcC1ibGFuay1USC8zNTM3LndlYnA?v=1769424893","opengraph":"https:\/\/media.th4.com\/G6UQeP6-1dBovOeflWh00vz0EIPnu8FxXGLmQVUEKR8\/pr:1200x630greybg\/aHR0cDovL21lZGlhMi5kZXNpZ25wYXJ0bmVyLmZyL2MvcC1ibGFuay1USC8zNTM3LndlYnA?v=1769424893"},"main_images_customization":{"miniature":"https:\/\/media.th4.com\/pPO1fHyQFP21ZjU9yUNu4h9yNU-4Ju0g2c1nDSMBQh4\/pr:80\/aHR0cDovL21lZGlhMi5kZXNpZ25wYXJ0bmVyLmZyL2MvcC1jdXN0b20tVEgvMzUzNy53ZWJw?v=1769425056","medium":"https:\/\/media.th4.com\/DS3g9s0N9LHqJjm4cBSGluslqAcTZN8DQ7eSELuJtrw\/pr:550x550greybg\/aHR0cDovL21lZGlhMi5kZXNpZ25wYXJ0bmVyLmZyL2MvcC1jdXN0b20tVEgvMzUzNy53ZWJw?v=1769425056","medium_large":"https:\/\/media.th4.com\/H9BSYt4AevIV7UwgHhw_LOdzFm4OdR-MyOZ7kwAQuRs\/pr:1000x1000greybg\/aHR0cDovL21lZGlhMi5kZXNpZ25wYXJ0bmVyLmZyL2MvcC1jdXN0b20tVEgvMzUzNy53ZWJw?v=1769425056","large":"https:\/\/media.th4.com\/Iw5hkqa6lH72aeMDAV0Ipnnr4bZoqIm0h7EDQ9pL_Ms\/pr:1920greybg\/aHR0cDovL21lZGlhMi5kZXNpZ25wYXJ0bmVyLmZyL2MvcC1jdXN0b20tVEgvMzUzNy53ZWJw?v=1769425056","opengraph":"https:\/\/media.th4.com\/mr5kqOHtMPSoF4vQD4sL5W2T3shuzDU1dHUCZam1mw4\/pr:1200x630greybg\/aHR0cDovL21lZGlhMi5kZXNpZ25wYXJ0bmVyLmZyL2MvcC1jdXN0b20tVEgvMzUzNy53ZWJw?v=1769425056"},"page_links":{"fr":"\/fr\/p-re-r200x-gilet-de-securite-automobiliste-re-r200x-3537\/","en":"\/en\/p-re-r200x-automobile-safety-vest-re-r200x-3537\/","de":"\/de\/p-re-r200x-autofahrer-sicherheitsweste-re-r200x-3537\/","nl":"\/nl\/p-re-r200x-veiligheidsvest-voor-automobilist-re-r200x-3537\/","es":"\/es\/p-re-r200x-chaleco-de-seguridad-para-automovilistas-re-r200x-3537\/","it":"\/it\/p-re-r200x-gilet-di-sicurezza-automobilista-re-r200x-3537\/","sv":"\/sv\/p-re-r200x-sakerhetsvast-for-bilister-re-r200x-3537\/","pt":"\/pt\/p-re-r200x-colete-de-seguranca-automobilista-re-r200x-3537\/","da":"\/da\/p-re-r200x-gilet-til-sikkerhedsbilister-re-r200x-3537\/","pl":"\/pl\/p-re-r200x-kamizelka-bezpieczenstwa-dla-kierowcy-re-r200x-3537\/"},"page_links_customization":{"fr":"\/fr\/p-re-r200x-gilet-de-securite-automobiliste-personnalisation-r200x-3537\/custom\/","en":"\/en\/p-re-r200x-automobile-safety-vest-r200x-customization-3537\/custom\/","de":"\/de\/p-re-r200x-auto-sicherheitsweste-personalisierung-r200x-3537\/custom\/","nl":"\/nl\/p-re-r200x-gilet-van-veiligheid-automobilist-personalisatie-r200x-3537\/custom\/","es":"\/es\/p-re-r200x-chaleco-de-seguridad-para-automovilistas-personalizacion-r200x-3537\/custom\/","it":"\/it\/p-re-r200x-gilet-di-sicurezza-automobilista-personalizzazione-r200x-3537\/custom\/","sv":"\/sv\/p-re-r200x-sakerhetsvast-for-automobilister-personifiering-r200x-3537\/custom\/","pt":"\/pt\/p-re-r200x-colete-de-seguranca-automobilista-personalizacao-r200x-3537\/custom\/","da":"\/da\/p-re-r200x-sikkerhedsveste-til-bilister-personliggorelse-r200x-3537\/custom\/","pl":"\/pl\/p-re-r200x-kamiz-bezpieczenstwa-dla-kierowcow-personalizacja-r200x-3537\/custom\/"},"equivalent_products":[],"colors":[{"id":2457,"name":"fluorescent_yellow","class_ids":[13,12],"codes_hexa":["f9eb54"],"delai_24":false,"has_3d":false,"seuil_global":0,"stock_local":0,"stock_global":12756,"on_standby":false,"in_catalog":true,"images":{"miniature":["https:\/\/media.th4.com\/tlsQTnOT7s9xmlw_AfKx8KDTb2B0tgYvBg61DUngAUc\/pr:80\/aHR0cDovL21lZGlhMi5kZXNpZ25wYXJ0bmVyLmZyL2MvcC8zNTM3LzM1MzctMjQ1Ny0xLndlYnA?v=1769423769","https:\/\/media.th4.com\/-SMNiCYumKunmS9viZxAOvUxDmFKXVkrouyOUWvtKHc\/pr:80\/aHR0cDovL21lZGlhMi5kZXNpZ25wYXJ0bmVyLmZyL2MvcC8zNTM3LzM1MzctMjQ1Ny0yLndlYnA?v=1769423770"],"medium":["https:\/\/media.th4.com\/catlBmbdxSjdzJ8igVMD_f5A8aMDdxJEEH16bb23tbs\/pr:550x550\/aHR0cDovL21lZGlhMi5kZXNpZ25wYXJ0bmVyLmZyL2MvcC8zNTM3LzM1MzctMjQ1Ny0xLndlYnA?v=1769423769","https:\/\/media.th4.com\/hqIEl8aQ3saQqWBFfBGFvINTurvdr906hsrTPicfk0k\/pr:550x550\/aHR0cDovL21lZGlhMi5kZXNpZ25wYXJ0bmVyLmZyL2MvcC8zNTM3LzM1MzctMjQ1Ny0yLndlYnA?v=1769423770"],"medium_large":["https:\/\/media.th4.com\/fNsCsWQ36pbt6dLijKJVUUhXJNTwF374gTab4l2qr6c\/pr:1000x1000\/aHR0cDovL21lZGlhMi5kZXNpZ25wYXJ0bmVyLmZyL2MvcC8zNTM3LzM1MzctMjQ1Ny0xLndlYnA?v=1769423769","https:\/\/media.th4.com\/fSer0Uy1WfX8ZtXC9bb6q_xCS7VyxnXIkCv34u5B2Qk\/pr:1000x1000\/aHR0cDovL21lZGlhMi5kZXNpZ25wYXJ0bmVyLmZyL2MvcC8zNTM3LzM1MzctMjQ1Ny0yLndlYnA?v=1769423770"],"large":["https:\/\/media.th4.com\/QCF5Mk9oVoIMDpYrrkpj8uBNfHnUIIeV4rLD9bDtfyk\/pr:1920\/aHR0cDovL21lZGlhMi5kZXNpZ25wYXJ0bmVyLmZyL2MvcC8zNTM3LzM1MzctMjQ1Ny0xLndlYnA?v=1769423769","https:\/\/media.th4.com\/jKPxlscrwP2fWmoF-oItdqCJY6rnpU7eyUpFGFzqKD0\/pr:1920\/aHR0cDovL21lZGlhMi5kZXNpZ25wYXJ0bmVyLmZyL2MvcC8zNTM3LzM1MzctMjQ1Ny0yLndlYnA?v=1769423770"],"opengraph":["https:\/\/media.th4.com\/OAzUP--pwBwYm2FS0WOdlw_rMxSnO8yFHHbeE_n9g7s\/pr:1200x630\/aHR0cDovL21lZGlhMi5kZXNpZ25wYXJ0bmVyLmZyL2MvcC8zNTM3LzM1MzctMjQ1Ny0xLndlYnA?v=1769423769","https:\/\/media.th4.com\/5rDCghM6UX4O85G2M4C30ksgGLBXf4SfW75V3BudncA\/pr:1200x630\/aHR0cDovL21lZGlhMi5kZXNpZ25wYXJ0bmVyLmZyL2MvcC8zNTM3LzM1MzctMjQ1Ny0yLndlYnA?v=1769423770"]},"images_customization":{"miniature":["https:\/\/media.th4.com\/tlsQTnOT7s9xmlw_AfKx8KDTb2B0tgYvBg61DUngAUc\/pr:80\/aHR0cDovL21lZGlhMi5kZXNpZ25wYXJ0bmVyLmZyL2MvcC8zNTM3LzM1MzctMjQ1Ny0xLndlYnA?v=1769423769","https:\/\/media.th4.com\/-SMNiCYumKunmS9viZxAOvUxDmFKXVkrouyOUWvtKHc\/pr:80\/aHR0cDovL21lZGlhMi5kZXNpZ25wYXJ0bmVyLmZyL2MvcC8zNTM3LzM1MzctMjQ1Ny0yLndlYnA?v=1769423770"],"medium":["https:\/\/media.th4.com\/catlBmbdxSjdzJ8igVMD_f5A8aMDdxJEEH16bb23tbs\/pr:550x550\/aHR0cDovL21lZGlhMi5kZXNpZ25wYXJ0bmVyLmZyL2MvcC8zNTM3LzM1MzctMjQ1Ny0xLndlYnA?v=1769423769","https:\/\/media.th4.com\/hqIEl8aQ3saQqWBFfBGFvINTurvdr906hsrTPicfk0k\/pr:550x550\/aHR0cDovL21lZGlhMi5kZXNpZ25wYXJ0bmVyLmZyL2MvcC8zNTM3LzM1MzctMjQ1Ny0yLndlYnA?v=1769423770"],"medium_large":["https:\/\/media.th4.com\/fNsCsWQ36pbt6dLijKJVUUhXJNTwF374gTab4l2qr6c\/pr:1000x1000\/aHR0cDovL21lZGlhMi5kZXNpZ25wYXJ0bmVyLmZyL2MvcC8zNTM3LzM1MzctMjQ1Ny0xLndlYnA?v=1769423769","https:\/\/media.th4.com\/fSer0Uy1WfX8ZtXC9bb6q_xCS7VyxnXIkCv34u5B2Qk\/pr:1000x1000\/aHR0cDovL21lZGlhMi5kZXNpZ25wYXJ0bmVyLmZyL2MvcC8zNTM3LzM1MzctMjQ1Ny0yLndlYnA?v=1769423770"],"large":["https:\/\/media.th4.com\/QCF5Mk9oVoIMDpYrrkpj8uBNfHnUIIeV4rLD9bDtfyk\/pr:1920\/aHR0cDovL21lZGlhMi5kZXNpZ25wYXJ0bmVyLmZyL2MvcC8zNTM3LzM1MzctMjQ1Ny0xLndlYnA?v=1769423769","https:\/\/media.th4.com\/jKPxlscrwP2fWmoF-oItdqCJY6rnpU7eyUpFGFzqKD0\/pr:1920\/aHR0cDovL21lZGlhMi5kZXNpZ25wYXJ0bmVyLmZyL2MvcC8zNTM3LzM1MzctMjQ1Ny0yLndlYnA?v=1769423770"],"opengraph":["https:\/\/media.th4.com\/OAzUP--pwBwYm2FS0WOdlw_rMxSnO8yFHHbeE_n9g7s\/pr:1200x630\/aHR0cDovL21lZGlhMi5kZXNpZ25wYXJ0bmVyLmZyL2MvcC8zNTM3LzM1MzctMjQ1Ny0xLndlYnA?v=1769423769","https:\/\/media.th4.com\/5rDCghM6UX4O85G2M4C30ksgGLBXf4SfW75V3BudncA\/pr:1200x630\/aHR0cDovL21lZGlhMi5kZXNpZ25wYXJ0bmVyLmZyL2MvcC8zNTM3LzM1MzctMjQ1Ny0yLndlYnA?v=1769423770"]},"country_origin":"BD","traceability":{"manufacturing_country_id":null,"weaving_country_id":null,"dyeing_country_id":null},"sizes":[{"id":78,"article_id":531607,"class_id":0,"name":"S\/M","on_standby":false,"stock_local":0,"stock_global":3826,"multiple":1,"estimated_date_reassort":null,"is_destocking":false},{"id":77,"article_id":531608,"class_id":0,"name":"L\/XL","on_standby":false,"stock_local":0,"stock_global":7789,"multiple":1,"estimated_date_reassort":null,"is_destocking":false},{"id":934,"article_id":531609,"class_id":0,"name":"2XL\/3XL","on_standby":false,"stock_local":0,"stock_global":1141,"multiple":1,"estimated_date_reassort":null,"is_destocking":false}],"page_links":{"fr":"\/fr\/p-re-r200x-gilet-de-securite-automobiliste-re-r200x-3537\/fluorescent-yellow-2457\/","en":"\/en\/p-re-r200x-automobile-safety-vest-re-r200x-3537\/fluorescent-yellow-2457\/","de":"\/de\/p-re-r200x-autofahrer-sicherheitsweste-re-r200x-3537\/fluorescent-yellow-2457\/","nl":"\/nl\/p-re-r200x-veiligheidsvest-voor-automobilist-re-r200x-3537\/fluorescent-yellow-2457\/","es":"\/es\/p-re-r200x-chaleco-de-seguridad-para-automovilistas-re-r200x-3537\/fluorescent-yellow-2457\/","it":"\/it\/p-re-r200x-gilet-di-sicurezza-automobilista-re-r200x-3537\/fluorescent-yellow-2457\/","sv":"\/sv\/p-re-r200x-sakerhetsvast-for-bilister-re-r200x-3537\/fluorescent-yellow-2457\/","pt":"\/pt\/p-re-r200x-colete-de-seguranca-automobilista-re-r200x-3537\/fluorescent-yellow-2457\/","da":"\/da\/p-re-r200x-gilet-til-sikkerhedsbilister-re-r200x-3537\/fluorescent-yellow-2457\/","pl":"\/pl\/p-re-r200x-kamizelka-bezpieczenstwa-dla-kierowcy-re-r200x-3537\/fluorescent-yellow-2457\/"},"page_links_customization":{"fr":"\/fr\/p-re-r200x-gilet-de-securite-automobiliste-personnalisation-r200x-3537\/fluorescent-yellow-2457\/custom\/","en":"\/en\/p-re-r200x-automobile-safety-vest-r200x-customization-3537\/fluorescent-yellow-2457\/custom\/","de":"\/de\/p-re-r200x-auto-sicherheitsweste-personalisierung-r200x-3537\/fluorescent-yellow-2457\/custom\/","nl":"\/nl\/p-re-r200x-gilet-van-veiligheid-automobilist-personalisatie-r200x-3537\/fluorescent-yellow-2457\/custom\/","es":"\/es\/p-re-r200x-chaleco-de-seguridad-para-automovilistas-personalizacion-r200x-3537\/fluorescent-yellow-2457\/custom\/","it":"\/it\/p-re-r200x-gilet-di-sicurezza-automobilista-personalizzazione-r200x-3537\/fluorescent-yellow-2457\/custom\/","sv":"\/sv\/p-re-r200x-sakerhetsvast-for-automobilister-personifiering-r200x-3537\/fluorescent-yellow-2457\/custom\/","pt":"\/pt\/p-re-r200x-colete-de-seguranca-automobilista-personalizacao-r200x-3537\/fluorescent-yellow-2457\/custom\/","da":"\/da\/p-re-r200x-sikkerhedsveste-til-bilister-personliggorelse-r200x-3537\/fluorescent-yellow-2457\/custom\/","pl":"\/pl\/p-re-r200x-kamiz-bezpieczenstwa-dla-kierowcow-personalizacja-r200x-3537\/fluorescent-yellow-2457\/custom\/"}},{"id":2456,"name":"fluorescent_orange","class_ids":[13,9],"codes_hexa":["eb532c"],"delai_24":false,"has_3d":false,"seuil_global":0,"stock_local":0,"stock_global":6713,"on_standby":false,"in_catalog":true,"images":{"miniature":["https:\/\/media.th4.com\/S08JlaMsh0pWbuM9SZbGohVwED-DVyU5HqfN2CXqKXQ\/pr:80\/aHR0cDovL21lZGlhMi5kZXNpZ25wYXJ0bmVyLmZyL2MvcC8zNTM3LzM1MzctMjQ1Ni0xLndlYnA?v=1769423767","https:\/\/media.th4.com\/FwjaECcDGDhDdHdVcnvRmaRonnOXi9h9R-Nu4vQzp2o\/pr:80\/aHR0cDovL21lZGlhMi5kZXNpZ25wYXJ0bmVyLmZyL2MvcC8zNTM3LzM1MzctMjQ1Ni0yLndlYnA?v=1769423768"],"medium":["https:\/\/media.th4.com\/j-6DaiI6W4oxYMMmAz9M319_beeOnWKcLhhWO9_Zpfs\/pr:550x550\/aHR0cDovL21lZGlhMi5kZXNpZ25wYXJ0bmVyLmZyL2MvcC8zNTM3LzM1MzctMjQ1Ni0xLndlYnA?v=1769423767","https:\/\/media.th4.com\/_XQhKSMQ7jzLOqpLSk7xYx9Jtg0wGOqRL9jTb9JVyLE\/pr:550x550\/aHR0cDovL21lZGlhMi5kZXNpZ25wYXJ0bmVyLmZyL2MvcC8zNTM3LzM1MzctMjQ1Ni0yLndlYnA?v=1769423768"],"medium_large":["https:\/\/media.th4.com\/m4TF0_E4c9xwfJ3lZ5Kj0ovqAuPW54dUJyYLzqNP_sk\/pr:1000x1000\/aHR0cDovL21lZGlhMi5kZXNpZ25wYXJ0bmVyLmZyL2MvcC8zNTM3LzM1MzctMjQ1Ni0xLndlYnA?v=1769423767","https:\/\/media.th4.com\/0VX7bkttW7cJyJKqL4zfZGRKUdA78ITzaByS_c487AY\/pr:1000x1000\/aHR0cDovL21lZGlhMi5kZXNpZ25wYXJ0bmVyLmZyL2MvcC8zNTM3LzM1MzctMjQ1Ni0yLndlYnA?v=1769423768"],"large":["https:\/\/media.th4.com\/aEOEXSqA-b89B5qCiZy7ufYg5A9mLDVfUC7uMb7fGqA\/pr:1920\/aHR0cDovL21lZGlhMi5kZXNpZ25wYXJ0bmVyLmZyL2MvcC8zNTM3LzM1MzctMjQ1Ni0xLndlYnA?v=1769423767","https:\/\/media.th4.com\/Fv73nEe493VL9024pPQXglUx_VDchj5ckwXmYnCy7LE\/pr:1920\/aHR0cDovL21lZGlhMi5kZXNpZ25wYXJ0bmVyLmZyL2MvcC8zNTM3LzM1MzctMjQ1Ni0yLndlYnA?v=1769423768"],"opengraph":["https:\/\/media.th4.com\/yS3It2OOVw4w2N-YvODl24g_S14TALkJHR0wmyno6SM\/pr:1200x630\/aHR0cDovL21lZGlhMi5kZXNpZ25wYXJ0bmVyLmZyL2MvcC8zNTM3LzM1MzctMjQ1Ni0xLndlYnA?v=1769423767","https:\/\/media.th4.com\/BgSeMdHKTXImdgARliDrT81KDnXWLeM-yr0GnWkwcMg\/pr:1200x630\/aHR0cDovL21lZGlhMi5kZXNpZ25wYXJ0bmVyLmZyL2MvcC8zNTM3LzM1MzctMjQ1Ni0yLndlYnA?v=1769423768"]},"images_customization":{"miniature":["https:\/\/media.th4.com\/S08JlaMsh0pWbuM9SZbGohVwED-DVyU5HqfN2CXqKXQ\/pr:80\/aHR0cDovL21lZGlhMi5kZXNpZ25wYXJ0bmVyLmZyL2MvcC8zNTM3LzM1MzctMjQ1Ni0xLndlYnA?v=1769423767","https:\/\/media.th4.com\/FwjaECcDGDhDdHdVcnvRmaRonnOXi9h9R-Nu4vQzp2o\/pr:80\/aHR0cDovL21lZGlhMi5kZXNpZ25wYXJ0bmVyLmZyL2MvcC8zNTM3LzM1MzctMjQ1Ni0yLndlYnA?v=1769423768"],"medium":["https:\/\/media.th4.com\/j-6DaiI6W4oxYMMmAz9M319_beeOnWKcLhhWO9_Zpfs\/pr:550x550\/aHR0cDovL21lZGlhMi5kZXNpZ25wYXJ0bmVyLmZyL2MvcC8zNTM3LzM1MzctMjQ1Ni0xLndlYnA?v=1769423767","https:\/\/media.th4.com\/_XQhKSMQ7jzLOqpLSk7xYx9Jtg0wGOqRL9jTb9JVyLE\/pr:550x550\/aHR0cDovL21lZGlhMi5kZXNpZ25wYXJ0bmVyLmZyL2MvcC8zNTM3LzM1MzctMjQ1Ni0yLndlYnA?v=1769423768"],"medium_large":["https:\/\/media.th4.com\/m4TF0_E4c9xwfJ3lZ5Kj0ovqAuPW54dUJyYLzqNP_sk\/pr:1000x1000\/aHR0cDovL21lZGlhMi5kZXNpZ25wYXJ0bmVyLmZyL2MvcC8zNTM3LzM1MzctMjQ1Ni0xLndlYnA?v=1769423767","https:\/\/media.th4.com\/0VX7bkttW7cJyJKqL4zfZGRKUdA78ITzaByS_c487AY\/pr:1000x1000\/aHR0cDovL21lZGlhMi5kZXNpZ25wYXJ0bmVyLmZyL2MvcC8zNTM3LzM1MzctMjQ1Ni0yLndlYnA?v=1769423768"],"large":["https:\/\/media.th4.com\/aEOEXSqA-b89B5qCiZy7ufYg5A9mLDVfUC7uMb7fGqA\/pr:1920\/aHR0cDovL21lZGlhMi5kZXNpZ25wYXJ0bmVyLmZyL2MvcC8zNTM3LzM1MzctMjQ1Ni0xLndlYnA?v=1769423767","https:\/\/media.th4.com\/Fv73nEe493VL9024pPQXglUx_VDchj5ckwXmYnCy7LE\/pr:1920\/aHR0cDovL21lZGlhMi5kZXNpZ25wYXJ0bmVyLmZyL2MvcC8zNTM3LzM1MzctMjQ1Ni0yLndlYnA?v=1769423768"],"opengraph":["https:\/\/media.th4.com\/yS3It2OOVw4w2N-YvODl24g_S14TALkJHR0wmyno6SM\/pr:1200x630\/aHR0cDovL21lZGlhMi5kZXNpZ25wYXJ0bmVyLmZyL2MvcC8zNTM3LzM1MzctMjQ1Ni0xLndlYnA?v=1769423767","https:\/\/media.th4.com\/BgSeMdHKTXImdgARliDrT81KDnXWLeM-yr0GnWkwcMg\/pr:1200x630\/aHR0cDovL21lZGlhMi5kZXNpZ25wYXJ0bmVyLmZyL2MvcC8zNTM3LzM1MzctMjQ1Ni0yLndlYnA?v=1769423768"]},"country_origin":"BD","traceability":{"manufacturing_country_id":null,"weaving_country_id":null,"dyeing_country_id":null},"sizes":[{"id":78,"article_id":531604,"class_id":0,"name":"S\/M","on_standby":false,"stock_local":0,"stock_global":1467,"multiple":1,"estimated_date_reassort":null,"is_destocking":false},{"id":77,"article_id":531605,"class_id":0,"name":"L\/XL","on_standby":false,"stock_local":0,"stock_global":4008,"multiple":1,"estimated_date_reassort":null,"is_destocking":false},{"id":934,"article_id":531606,"class_id":0,"name":"2XL\/3XL","on_standby":false,"stock_local":0,"stock_global":1238,"multiple":1,"estimated_date_reassort":null,"is_destocking":false}],"page_links":{"fr":"\/fr\/p-re-r200x-gilet-de-securite-automobiliste-re-r200x-3537\/fluorescent-orange-2456\/","en":"\/en\/p-re-r200x-automobile-safety-vest-re-r200x-3537\/fluorescent-orange-2456\/","de":"\/de\/p-re-r200x-autofahrer-sicherheitsweste-re-r200x-3537\/fluorescent-orange-2456\/","nl":"\/nl\/p-re-r200x-veiligheidsvest-voor-automobilist-re-r200x-3537\/fluorescent-orange-2456\/","es":"\/es\/p-re-r200x-chaleco-de-seguridad-para-automovilistas-re-r200x-3537\/fluorescent-orange-2456\/","it":"\/it\/p-re-r200x-gilet-di-sicurezza-automobilista-re-r200x-3537\/fluorescent-orange-2456\/","sv":"\/sv\/p-re-r200x-sakerhetsvast-for-bilister-re-r200x-3537\/fluorescent-orange-2456\/","pt":"\/pt\/p-re-r200x-colete-de-seguranca-automobilista-re-r200x-3537\/fluorescent-orange-2456\/","da":"\/da\/p-re-r200x-gilet-til-sikkerhedsbilister-re-r200x-3537\/fluorescent-orange-2456\/","pl":"\/pl\/p-re-r200x-kamizelka-bezpieczenstwa-dla-kierowcy-re-r200x-3537\/fluorescent-orange-2456\/"},"page_links_customization":{"fr":"\/fr\/p-re-r200x-gilet-de-securite-automobiliste-personnalisation-r200x-3537\/fluorescent-orange-2456\/custom\/","en":"\/en\/p-re-r200x-automobile-safety-vest-r200x-customization-3537\/fluorescent-orange-2456\/custom\/","de":"\/de\/p-re-r200x-auto-sicherheitsweste-personalisierung-r200x-3537\/fluorescent-orange-2456\/custom\/","nl":"\/nl\/p-re-r200x-gilet-van-veiligheid-automobilist-personalisatie-r200x-3537\/fluorescent-orange-2456\/custom\/","es":"\/es\/p-re-r200x-chaleco-de-seguridad-para-automovilistas-personalizacion-r200x-3537\/fluorescent-orange-2456\/custom\/","it":"\/it\/p-re-r200x-gilet-di-sicurezza-automobilista-personalizzazione-r200x-3537\/fluorescent-orange-2456\/custom\/","sv":"\/sv\/p-re-r200x-sakerhetsvast-for-automobilister-personifiering-r200x-3537\/fluorescent-orange-2456\/custom\/","pt":"\/pt\/p-re-r200x-colete-de-seguranca-automobilista-personalizacao-r200x-3537\/fluorescent-orange-2456\/custom\/","da":"\/da\/p-re-r200x-sikkerhedsveste-til-bilister-personliggorelse-r200x-3537\/fluorescent-orange-2456\/custom\/","pl":"\/pl\/p-re-r200x-kamiz-bezpieczenstwa-dla-kierowcow-personalizacja-r200x-3537\/fluorescent-orange-2456\/custom\/"}}],"documentation_link":"\/pdf\/3537.pdf","countries_availables":["AD","AE","AL","AT","BA","BD","BE","BG","BL","CA","CH","CN","CO","CY","CZ","DE","DK","DO","EE","EG","ES","ET","FI","FR","GB","GE","GF","GP","GR","GT","HK","HN","HR","HT","HU","ID","IE","IN","IS","IT","JO","JP","KE","KH","KP","KR","LA","LK","LS","LT","LU","LV","MA","MF","MG","MK","MM","MN","MQ","MT","MX","MY","NC","NI","NL","PF","PH","PK","PL","PM","PT","RE","RO","SE","SG","SI","SK","SV","SY","TH","TN","TR","TW","TZ","US","VN","WF","YT"]},"infos_customization":[],"features":{"authorize_multi_surfaces":true,"display_order_delay_type":true,"promote_surface_display":true,"tarification_franco_offert":true,"enabled_3d_editor":false},"markings":[{"id":0,"nom":"vierge","finition":null,"libelle":null,"code":null,"dpi":null,"finesse_forme_isolee":null,"finesse_forme_non_isolee":null,"hauteur_minimale_texte":null,"inactif":0,"marquage_interne":1,"quantite_min":null,"parent_id":null,"print_on_support":0,"content":"vierge","description":null},{"id":2,"nom":"fonce","finition":"optimale","libelle":"TopQuadri","code":null,"dpi":400,"finesse_forme_isolee":"0.040","finesse_forme_non_isolee":"0.700","hauteur_minimale_texte":2,"inactif":0,"marquage_interne":1,"quantite_min":null,"parent_id":18,"print_on_support":0,"content":"TopQuadri","description":"pour petites et moyennes s\u00e9ries"},{"id":3,"nom":"serigraphie","finition":"serigraphie","libelle":"SeriCoat","code":null,"dpi":400,"finesse_forme_isolee":"0.040","finesse_forme_non_isolee":"0.700","hauteur_minimale_texte":2,"inactif":0,"marquage_interne":1,"quantite_min":15,"parent_id":18,"print_on_support":0,"content":"SeriCoat","description":"pour moyennes et grandes s\u00e9ries"},{"id":4,"nom":"broderie","finition":"broderie","libelle":"Broderie","code":null,"dpi":400,"finesse_forme_isolee":"0.040","finesse_forme_non_isolee":"0.700","hauteur_minimale_texte":3,"inactif":0,"marquage_interne":1,"quantite_min":null,"parent_id":null,"print_on_support":0,"content":"Broderie","description":null},{"id":8,"nom":"theme","finition":null,"libelle":"Th\u00e8me","code":null,"dpi":null,"finesse_forme_isolee":null,"finesse_forme_non_isolee":null,"hauteur_minimale_texte":null,"inactif":0,"marquage_interne":1,"quantite_min":null,"parent_id":null,"print_on_support":0,"content":"Th\u00e8me","description":null},{"id":9,"nom":"sans","finition":null,"libelle":null,"code":null,"dpi":null,"finesse_forme_isolee":null,"finesse_forme_non_isolee":null,"hauteur_minimale_texte":null,"inactif":0,"marquage_interne":1,"quantite_min":null,"parent_id":null,"print_on_support":0,"content":"sans","description":null},{"id":10,"nom":"photo","finition":null,"libelle":"Photo","code":null,"dpi":null,"finesse_forme_isolee":null,"finesse_forme_non_isolee":null,"hauteur_minimale_texte":null,"inactif":0,"marquage_interne":1,"quantite_min":null,"parent_id":null,"print_on_support":0,"content":"Photo","description":null},{"id":14,"nom":"couleur","finition":null,"libelle":"Couleur","code":null,"dpi":null,"finesse_forme_isolee":null,"finesse_forme_non_isolee":null,"hauteur_minimale_texte":null,"inactif":0,"marquage_interne":1,"quantite_min":null,"parent_id":null,"print_on_support":0,"content":"Couleur","description":null},{"id":15,"nom":"sublimation","finition":"sublimation","libelle":"Sublimation","code":null,"dpi":null,"finesse_forme_isolee":"0.000","finesse_forme_non_isolee":"0.000","hauteur_minimale_texte":2,"inactif":0,"marquage_interne":1,"quantite_min":null,"parent_id":null,"print_on_support":0,"content":"Sublimation","description":null},{"id":16,"nom":"topquadri_uv","finition":null,"libelle":"TopQuadri UV","code":null,"dpi":null,"finesse_forme_isolee":"0.020","finesse_forme_non_isolee":"0.700","hauteur_minimale_texte":2,"inactif":0,"marquage_interne":1,"quantite_min":null,"parent_id":null,"print_on_support":1,"content":null,"description":null},{"id":17,"nom":"topquadri_uvp","finition":null,"libelle":"TopQuadri UVP","code":null,"dpi":null,"finesse_forme_isolee":"0.020","finesse_forme_non_isolee":"0.700","hauteur_minimale_texte":2,"inactif":0,"marquage_interne":1,"quantite_min":null,"parent_id":null,"print_on_support":1,"content":null,"description":null},{"id":18,"nom":"quadri","finition":null,"libelle":"Impression","code":null,"dpi":null,"finesse_forme_isolee":null,"finesse_forme_non_isolee":null,"hauteur_minimale_texte":null,"inactif":0,"marquage_interne":1,"quantite_min":null,"parent_id":null,"print_on_support":0,"content":null,"description":null}]}}