{"data":{"product":{"id":2876,"titre":"Surf Kids","description":"COUPE-VENT ENFANT\nQUALIT\u00c9 :  - 100% nylon  210  TImperm\u00e9able Oeillets d a\u00e9ration Bas avec cordon int\u00e9rieur s\u00e9curis\u00e9\nSTYLE :  - Ouverture par zip Capuche pli\u00e9e dans le col 2 poches ext\u00e9rieures zipp\u00e9es Syst\u00e8me de pliage \u00abin bag\u00bb avec \u00e9lastiques se nouant \u00e0 la taille\n","genre":"enfant","grammage":230,"conditionnement":50,"composition":"","reference":"32300","reference_visible":"so-32300","reference_fabricant":"32300","ref_xor":"744825","in_catalog":true,"is_transfer":false,"is_service":false,"on_standby":false,"has_3d":true,"has_size_guide":true,"has_marking":true,"has_vierge":true,"is_cross_sellable":false,"id_picto":27,"filename_3d":"2876","brand":{"id":46,"name":"Sol's","logo":"logo-sols.png","image":"https:\/\/media.th4.com\/cy3kMUAdQNgvlgihX3cQlwK_oROWgeAB4yIzKl1SoPQ\/pr:brand70x70\/aHR0cDovL21lZGlhMi5kZXNpZ25wYXJ0bmVyLmZyL2MvbS9sb2dvLXNvbHMucG5n?v=1716908419"},"price_infos":{"price_from":4.85,"quantity":600,"color":{"id":3107,"name":"noir"},"size":{"id":481,"name":"12\/14A"}},"price_infos_marking":{"price_from":8.62,"quantity":500,"color":{"id":3107,"name":"noir"},"size":{"id":481,"name":"12\/14A"},"marking":{"id":2,"name":""},"emplacement":"avant","surface_emplacement_id":1,"surface":"coeur"},"i18n":{"blank":{"title":{"fr":"Surf kids Coupe vent enfant SOL'S 32300","en":"Surf kids Kids windbreaker SOL'S 32300","de":"Surf kids Kinderjacke SOL'S 32300","nl":"Surf kids Kinderen windbreker SOL'S 32300","es":"Surf kids Abrigo cortavientos ni\u00f1o SOL'S 32300","it":"Surf kids Giacca a vento bambino SOL'S 32300","sv":"Surf kids Barnvindskydd SOL'S 32300","pt":"Surf kids Jaqueta infantil imperme\u00e1vel SOL'S 32300","da":"Surf kids b\u00f8rns vindt\u00e6t jakke SOL'S 32300","pl":"Surf kids Dzieci\u0119cy kurtka wiatroodporna SOL'S 32300"},"description":{"fr":"Ce coupe-vent enfant est con\u00e7u pour offrir une protection contre les \u00e9l\u00e9ments. Il est fabriqu\u00e9 \u00e0 partir de nylon 210T imperm\u00e9able, assurant une barri\u00e8re efficace contre la pluie et le vent. La capuche int\u00e9gr\u00e9e offre une protection suppl\u00e9mentaire pour la t\u00eate, tandis que les deux poches ext\u00e9rieures zipp\u00e9es permettent de ranger en toute s\u00e9curit\u00e9 de petits objets. Un syst\u00e8me de pliage int\u00e9gr\u00e9 permet de ranger facilement le coupe-vent dans un sac compact, id\u00e9al pour les voyages ou les activit\u00e9s de plein air. Ce v\u00eatement est con\u00e7u pour offrir confort et fonctionnalit\u00e9 aux enfants lors de leurs aventures en ext\u00e9rieur.\n\n- Mati\u00e8re : 100% nylon 210T\n- Imperm\u00e9abilit\u00e9 : Imperm\u00e9able\n- Capuche : Pli\u00e9e dans le col\n- Poches : 2 poches ext\u00e9rieures zipp\u00e9es\n- Syst\u00e8me de pliage : Int\u00e9gr\u00e9 avec \u00e9lastiques","en":"This kids windbreaker is designed to offer protection against the elements. It is made from waterproof 210T nylon, ensuring an effective barrier against rain and wind. The integrated hood provides additional protection for the head, while the two exterior zippered pockets allow you to securely store small items. An integrated folding system allows you to easily store the windbreaker in a compact bag, ideal for travel or outdoor activities. This garment is designed to provide comfort and functionality for kids during their outdoor adventures.\n\n- Material: 100% nylon 210T\n- Waterproof: Waterproof\n- Hood: Folded into the collar\n- Pockets: 2 exterior zippered pockets\n- Folding system: Integrated with elastics","de":"Diese Kinderjacke ist daf\u00fcr ausgelegt, Schutz vor den Elementen zu bieten. Sie ist aus wasserdichtem Nylon 210T gefertigt, das eine effektive Barriere gegen Regen und Wind bietet. Die integrierte Kapuze bietet zus\u00e4tzlichen Schutz f\u00fcr den Kopf, w\u00e4hrend die zwei \u00e4u\u00dferen Rei\u00dfverschluss-Taschen das sichere Verstauen kleiner Gegenst\u00e4nde erm\u00f6glichen. Ein integriertes Falt-System erm\u00f6glicht das einfache Verstauen der Jacke in einem kompakten Beutel, ideal f\u00fcr Reisen oder Outdoor-Aktivit\u00e4ten. Diese Kleidung ist daf\u00fcr ausgelegt, Kindern Komfort und Funktionalit\u00e4t bei ihren Abenteuern im Freien zu bieten.","nl":"Deze windbreker voor kinderen is ontworpen om bescherming te bieden tegen de elementen. Hij is gemaakt van waterdicht nylon, wat een effectieve barri\u00e8re vormt tegen regen en wind. De ingebouwde kap biedt extra bescherming voor het hoofd, terwijl de twee gezipte buitenzakken veilig kleine voorwerpen kunnen bevatten. Een ingebouwd vouwsysteem maakt het eenvoudig om de windbreker op te bergen in een compact tasje, ideaal voor reizen of buitensport. Dit kledingstuk is ontworpen om comfort en functionaliteit te bieden aan kinderen tijdens hun buitenavonturen.\n\n- Materiaal : 100% nylon\n- Waterdicht : Waterdicht\n- Kap : Gevouwen in de kraag\n- Zakken : 2 gezipte buitenzakken\n- Vouwsysteem : Ingebouwd met elastieken","es":"Este abrigo cortavientos para ni\u00f1os est\u00e1 dise\u00f1ado para ofrecer protecci\u00f3n contra los elementos. Est\u00e1 fabricado a partir de nylon 210T impermeable, asegurando una barrera eficaz contra la lluvia y el viento. La capucha integrada ofrece protecci\u00f3n adicional para la cabeza, mientras que los dos bolsillos exteriores con cremallera permiten guardar con seguridad peque\u00f1os objetos. Un sistema de plegado integrado permite guardar f\u00e1cilmente el abrigo cortavientos en un bolso compacto, ideal para viajes o actividades al aire libre. Esta prenda est\u00e1 dise\u00f1ada para ofrecer comodidad y funcionalidad a los ni\u00f1os durante sus aventuras al aire libre.\n\n- Material: 100% nylon 210T\n- Impermeabilidad: Impermeable\n- Capucha: Plegada en el cuello\n- Bolsillos: 2 bolsillos exteriores con cremallera\n- Sistema de plegado: Integrado con el\u00e1sticos","it":"Questa giacca a vento per bambini \u00e8 progettata per offrire protezione contro gli elementi. \u00c8 realizzata in nylon 210T impermeabile, garantendo una barriera efficace contro la pioggia e il vento. Il cappuccio integrato offre una protezione aggiuntiva per la testa, mentre le due tasche esterne zip permettono di riporre in sicurezza piccoli oggetti. Un sistema di piegatura integrato consente di riporre facilmente la giacca a vento in un sacchetto compatto, ideale per viaggi o attivit\u00e0 all'aperto. Questo capo di abbigliamento \u00e8 progettato per offrire comfort e funzionalit\u00e0 ai bambini durante le loro avventure all'aperto.\n\n- Materiale: 100% nylon 210T\n- Impermeabilit\u00e0: Impermeabile\n- Cappuccio: Piegato nel colletto\n- Tasche: 2 tasche esterne zip\n- Sistema di piegatura: Integrato con elastici","sv":"Detta barnvindskydd \u00e4r utformat f\u00f6r att erbjuda skydd mot elementen. Det \u00e4r tillverkat av vattent\u00e4t nylon 210T, som ger en effektiv barri\u00e4r mot regn och vind. Den integrerade huven ger ytterligare skydd f\u00f6r huvudet, medan de tv\u00e5 ytterfickorna med zipper g\u00f6r det m\u00f6jligt att s\u00e4kert f\u00f6rvara sm\u00e5 f\u00f6rem\u00e5l. Ett integrerat viksystem g\u00f6r det enkelt att f\u00f6rvara vindskyddet i en kompakt v\u00e4ska, idealisk f\u00f6r resor eller utomhusaktiviteter. Detta plagg \u00e4r utformat f\u00f6r att erbjuda komfort och funktion f\u00f6r barn under deras utomhus\u00e4ventyr.","pt":"Esta jaqueta infantil foi projetada para oferecer prote\u00e7\u00e3o contra os elementos. \u00c9 fabricada a partir de nylon 210T imperme\u00e1vel, garantindo uma barreira eficaz contra a chuva e o vento. O capuz integrado oferece prote\u00e7\u00e3o adicional para a cabe\u00e7a, enquanto os dois bolsos externos com z\u00edper permitem guardar com seguran\u00e7a pequenos objetos. Um sistema de dobramento integrado permite guardar facilmente a jaqueta em um saco compacto, ideal para viagens ou atividades ao ar livre. Esta pe\u00e7a de vestu\u00e1rio \u00e9 projetada para oferecer conforto e funcionalidade \u00e0s crian\u00e7as durante suas aventuras ao ar livre.\n\n- Material: 100% nylon 210T\n- Impermeabilidade: Imperme\u00e1vel\n- Capuz: Dobrado no colarinho\n- Bolsos: 2 bolsos externos com z\u00edper\n- Sistema de dobramento: Integrado com el\u00e1sticos","da":"Denne b\u00f8rns vindt\u00e6t jakke er designet til at tilbyde beskyttelse mod elementerne. Den er fremstillet af vandt\u00e6t nylon 210T, der sikrer en effektiv barriere mod regn og vind. Den integrerede h\u00e6tte tilbyder ekstra beskyttelse for hovedet, mens de to ydre lommer med zip muligg\u00f8r sikkert opbevaring af sm\u00e5 genstande. Et integreret foldesystem g\u00f8r det nemt at pakke jakken ind i en kompakt taske, ideal til rejser eller udend\u00f8rs aktiviteter. Dette t\u00f8j er designet til at tilbyde komfort og funktion til b\u00f8rn under deres udend\u00f8rs eventyr.\n\n- Materiale: 100% nylon 210T\n- Vandt\u00e6thed: Vandt\u00e6t\n- H\u00e6tte: Foldet i kragen\n- Lommer: 2 ydre lommer med zip\n- Foldesystem: Integreret med elastikker","pl":"Ta dzieci\u0119ca kurtka wiatroodporna jest zaprojektowana, aby zapewni\u0107 ochron\u0119 przed elementami. Wykonana jest z wodoszczelnego nylonu 210T, zapewniaj\u0105c skuteczn\u0105 barier\u0119 przeciw deszczowi i wietrznej. Zintegrowany kaptur zapewnia dodatkow\u0105 ochron\u0119 dla g\u0142owy, podczas gdy dwie zewn\u0119trzne kieszenie z zamek zippowanym pozwalaj\u0105 na bezpieczne przechowywanie ma\u0142ych przedmiot\u00f3w. Zintegrowany system sk\u0142adania umo\u017cliwia \u0142atwe przechowywanie kurtki w kompaktowym worku, idealny dla podr\u00f3\u017cy lub aktywno\u015bci na \u015bwie\u017cym powietrzu. To ubranie jest zaprojektowane, aby zapewni\u0107 komfort i funkcjonalno\u015b\u0107 dzieciom podczas ich przyg\u00f3d na zewn\u0105trz."},"h1":{"fr":"Surf kids Coupe vent enfant 32300","en":"Surf kids Kids windbreaker 32300","de":"Surf kids Kinderjacke 32300","nl":"Surf kids Kinderen windbreker 32300","es":"Surf kids Abrigo cortavientos ni\u00f1o 32300","it":"Surf kids Giacca a vento bambino 32300","sv":"Surf kids Barnvindskydd 32300","pt":"Surf kids Jaqueta infantil imperme\u00e1vel 32300","da":"Surf kids b\u00f8rns vindt\u00e6t jakke 32300","pl":"Surf kids Dzieci\u0119cy kurtka wiatroodporna 32300"},"meta_description":{"fr":"Surf kids Coupe vent enfant SOL'S 32300. Imperm\u00e9able, avec capuche et poches zipp\u00e9es. Syst\u00e8me de pliage int\u00e9gr\u00e9 pour un transport facile.","en":"Surf kids Kids windbreaker SOL'S 32300. Waterproof, with hood and zippered pockets. Integrated folding system for easy transport.","de":"Surf kids Kinderjacke SOL'S 32300. Wasserdicht, mit Kapuze und Rei\u00dfverschluss-Taschen. Integriertes Falt-system f\u00fcr einfachen Transport.","nl":"Surf kids Kinderen windbreker SOL'S 32300. Waterdicht, met kap en gezipte zakken. Ingebouwd vouwsysteem voor eenvoudig vervoer.","es":"Surf kids Abrigo cortavientos ni\u00f1o SOL'S 32300. Impermeable, con capucha y bolsillos cerrados con cremallera. Sistema de plegado integrado para un transporte f\u00e1cil.","it":"Surf kids Giacca a vento bambino SOL'S 32300. Impermeabile, con cappuccio e tasche zip. Sistema di piegatura integrato per un trasporto facile.","sv":"Surf kids Barnvindskydd SOL'S 32300. Vattent\u00e4t, med huva och zippade fickor. Integrerat viksystem f\u00f6r enkel transport.","pt":"Surf kids Jaqueta infantil imperme\u00e1vel SOL'S 32300. Imperme\u00e1vel, com capuz e bolsos z\u00edper. Sistema de dobramento integrado para transporte f\u00e1cil.","da":"Surf kids b\u00f8rns vindt\u00e6t jakke SOL'S 32300. Vandt\u00e6t, med h\u00e6tte og lommer med zip. Integreret foldesystem til nem transport.","pl":"Surf kids Dzieci\u0119cy kurtka wiatroodporna SOL'S 32300. Wodoszczelna, z kapturem i zamkni\u0119tymi na zamek zippowanym kieszeniami. Zintegrowany system sk\u0142adania dla \u0142atwego transportu."}},"custom":{"title":{"fr":"Surf kids Coupe vent enfant SOL'S 32300 personnalisable","en":"Surf kids windbreaker kid SOL'S 32300 customizable","de":"Surf kids Kinderwindjacke SOL'S 32300 personalisierbar","nl":"Surf kids Kinder jas SOL'S 32300 aanpasbaar","es":"Surf kids Chaqueta impermeable para ni\u00f1os SOL'S 32300 personalizable","it":"Giacca a vento per bambini Surf kids SOL'S 32300 personalizzabile","sv":"Surf kids barn jacka SOL'S 32300 personaliserbar","pt":"Surf kids jaqueta corta-vento infantil SOL'S 32300 personaliz\u00e1vel","da":"Surf kids b\u00f8rns vindt\u00e6t jakke SOL'S 32300 personificeret","pl":"Surf kids kurtka wiatrochronna dla dzieci SOL'S 32300 do personalizacji"},"description":{"fr":"Ce coupe-vent enfant offre une protection efficace contre le vent et l'humidit\u00e9 gr\u00e2ce \u00e0 sa conception en nylon imperm\u00e9able. Il est dot\u00e9 d'une capuche int\u00e9gr\u00e9e, de deux poches ext\u00e9rieures zipp\u00e9es et d'un cordon de serrage au bas pour un ajustement optimal. Le syst\u00e8me de pliage int\u00e9gr\u00e9 permet un rangement facile et compact. Ce v\u00eatement est con\u00e7u pour offrir confort et fonctionnalit\u00e9 lors des activit\u00e9s en ext\u00e9rieur. Possibilit\u00e9 de personnalisation en broderie pour un look unique.\n\n- 100% nylon 210 T imperm\u00e9able\n- Oeillets d a\u00e9ration\n- Bas avec cordon int\u00e9rieur s\u00e9curis\u00e9\n- Ouverture par zip\n- Capuche pli\u00e9e dans le col\n- 2 poches ext\u00e9rieures zipp\u00e9es\n- Syst\u00e8me de pliage \u00abin bag\u00bb avec \u00e9lastiques se nouant \u00e0 la taille","en":"This kid windbreaker offers effective protection against wind and moisture thanks to its waterproof nylon construction. It features an integrated hood, two zippered exterior pockets, and a drawstring at the bottom for optimal adjustment. The integrated folding system allows for easy and compact storage. This garment is designed to provide comfort and functionality during outdoor activities. Customization option with embroidery for a unique look.\n\n- 100% nylon 210 T waterproof\n- Ventilation eyelets\n- Bottom with secure interior drawstring\n- Zip opening\n- Hood folded into the collar\n- 2 zippered exterior pockets\n- \u201cIn bag\u201d folding system with elastic ties to the waist","de":"Diese Kinderwindjacke bietet effektiven Schutz vor Wind und Feuchtigkeit dank ihrer wasserdichten Nylonkonstruktion. Sie ist mit einer integrierten Kapuze, zwei au\u00dferen Rei\u00dfverschlusstaschen und einem Zugband am unteren Ende f\u00fcr eine optimale Passform ausgestattet. Das integrierte Faltensystem erm\u00f6glicht ein einfaches und kompaktes Verstauen. Diese Kleidung ist f\u00fcr Komfort und Funktionalit\u00e4t bei Outdoor-Aktivit\u00e4ten konzipiert. M\u00f6glichkeit der Personalisierung durch Stickerei f\u00fcr ein einzigartiges Aussehen.\n\n- 100% Nylon 210 T wasserdicht\n- Bel\u00fcftungs\u00f6sen\n- Saum mit sicherem Innenzugband\n- Rei\u00dfverschluss\u00f6ffnung\n- In den Kragen gefaltete Kapuze\n- 2 \u00e4u\u00dfere Rei\u00dfverschlusstaschen\n- Faltensystem \"in bag\" mit Gummib\u00e4ndern, die um die Taille gebunden werden","nl":"Deze kinder jas biedt een effectieve bescherming tegen wind en vocht dankzij de constructie van waterdicht nylon. Hij is voorzien van een ingebouwde kap, twee zichtbare ritssluitende zakken en een knoop voor een optimale pasvorm aan de onderkant. Het ingebouwde vouwsysteem maakt een eenvoudig en compact opslag mogelijk. Dit kledingstuk is ontworpen om comfort en functionaliteit te bieden bij buitenactiviteiten. Mogelijkheid tot aanpassing door borduren voor een uniek uiterlijk.\n\n- 100% nylon 210 T waterdicht\n- Ventilatiegaten\n- Onderkant met veilige binnenkoord\n- Openen met ritssluiting\n- Kap gevouwen in de kraag\n- 2 zichtbare ritssluitende zakken\n- Vouwsysteem \u00abin bag\u00bb met elastieken die aan de taille knopen","es":"Esta chaqueta impermeable para ni\u00f1os ofrece una protecci\u00f3n efectiva contra el viento y la humedad gracias a su dise\u00f1o en nylon impermeable. Cuenta con una capucha integrada, dos bolsillos exteriores con cremallera y un cord\u00f3n de ajuste en la parte inferior para un ajuste \u00f3ptimo. El sistema de plegado integrado permite un almacenamiento f\u00e1cil y compacto. Esta prenda est\u00e1 dise\u00f1ada para ofrecer comodidad y funcionalidad durante las actividades al aire libre. Posibilidad de personalizaci\u00f3n con bordado para un look \u00fanico.\n\n- 100% nylon 210 T impermeable\n- Ojetes de ventilaci\u00f3n\n- Parte inferior con cord\u00f3n interior seguro\n- Apertura con cremallera\n- Capucha plegada en el cuello\n- 2 bolsillos exteriores con cremallera\n- Sistema de plegado \u00abin bag\u00bb con el\u00e1sticos que se atan a la cintura","it":"Questa giacca a vento per bambini offre una protezione efficace contro il vento e l'umidit\u00e0 grazie alla sua realizzazione in nylon impermeabile. \u00c8 dotata di cappuccio integrato, due tasche esterne con zip e un cordone di regolazione in basso per un'adattamento ottimale. Il sistema di piegatura integrato consente un facile e compatto ripiegamento. Questo abbigliamento \u00e8 progettato per offrire comfort e funzionalit\u00e0 durante le attivit\u00e0 all'aperto. Possibilit\u00e0 di personalizzazione con ricamo per un look unico.\n\n- 100% nylon 210 T impermeabile\n- Fori di aerazione\n- Fondo con cordone interno sicuro\n- Aperto con zip\n- Cappuccio ripiegato nel colletto\n- 2 tasche esterne con zip\n- Sistema di piegatura \u00abin bag\u00bb con elastici che si annodano in vita","sv":"Denna barnjacka erbjuder effektivt skydd mot vind och fukt tack vare sin konstruktion i impermeabel nylon. Den \u00e4r f\u00f6rsett med en integrerad kapuschong, tv\u00e5 yttre zippade fickor och ett dragband i botten f\u00f6r optimal passform. Det inbyggda viksystemet m\u00f6jligg\u00f6r l\u00e4tt och kompakt f\u00f6rvaring. Denna kl\u00e4dsel \u00e4r utformad f\u00f6r att erbjuda komfort och funktionalitet under utomhusaktiviteter. M\u00f6jlighet till personalisering med broderi f\u00f6r ett unikt utseende.\n\n- \u00d6ppning med glidl\u00e5s\n- Kapuschong viks in i kragen\n- 2 yttre zippade fickor\n- Viksystem \"in bag\" med elastikband som knyts runt midjan","pt":"Esta jaqueta corta-vento infantil oferece prote\u00e7\u00e3o eficaz contra o vento e a umidade gra\u00e7as \u00e0 sua constru\u00e7\u00e3o em nylon imperme\u00e1vel. Possui capuz integrado, duas bolsas externas com z\u00edper e um cord\u00e3o de ajuste na parte inferior para um ajuste \u00f3timo. O sistema de dobramento integrado permite um armazenamento f\u00e1cil e compacto. Esta roupa \u00e9 projetada para oferecer conforto e funcionalidade durante atividades ao ar livre. Possibilidade de personaliza\u00e7\u00e3o com bordado para um visual \u00fanico.","da":"Denne b\u00f8rns vindt\u00e6t jakke tilbyder effektiv beskyttelse mod vind og fugt takket v\u00e6re dens nylon konstruktion. Den har en integreret kappe, to eksterne zipperede lommer og et stramningssn\u00f8r ved bunden for optimal tilpasning. Den indbyggede foldesystem g\u00f8r opbevaring nem og kompakt. T\u00f8jet er designet til at tilbyde komfort og funktion ved udend\u00f8rs aktiviteter. Mulighed for personificering med broderi for et unikt look.\n\n- Oph\u00e6ngningshuller\n- Bund med indvendigt sikret sn\u00f8r\n- \u00c5bning med zip\n- Kappe foldet i kraven\n- 2 eksterne zipperede lommer\n- Foldesystem \u00abin bag\u00bb med elastikker, der knyttes om taljen","pl":"Ta kurtka wiatrochronna dla dzieci zapewnia skuteczn\u0105 ochron\u0119 przed wiatrem i wilgoci\u0105 dzi\u0119ki konstrukcji z nylonu. Wyposa\u017cona w kapuczk\u0119, dwie zewn\u0119trzne kieszenie z zippami oraz sznurek do regulacji w dole dla optymalnego dopasowania. Wbudowany system sk\u0142adania u\u0142atwia \u0142atwe i kompaktowe przechowywanie. Ten ubi\u00f3r zosta\u0142 zaprojektowany, aby zapewni\u0107 komfort i funkcjonalno\u015b\u0107 podczas aktywno\u015bci na \u015bwie\u017cym powietrzu. Mo\u017cliwo\u015b\u0107 personalizacji poprzez haftowanie dla unikalnego wygl\u0105du.\n\n- 100% nylon 210 T impermeabile\n- Otwory wentylacyjne\n- Dolna cz\u0119\u015b\u0107 z zabezpieczonym sznurem wewn\u0119trznym\n- Otwieranie na zamek b\u0142yskawiczny\n- Kapuczka sk\u0142adana w karku\n- 2 zewn\u0119trzne kieszenie z zippami\n- System sk\u0142adania \u00abin bag\u00bb z elastycznymi sznurami wi\u0105\u017c\u0105cymi si\u0119 w talii"},"h1":{"fr":"Surf kids Coupe vent enfant 32300 personnalisation","en":"Surf kids windbreaker kid 32300 customization","de":"Surf kids Kinderwindjacke 32300 Personalisierung","nl":"Surf kids Kinder jas 32300 aanpassing","es":"Surf kids Chaqueta impermeable para ni\u00f1os 32300 personalizaci\u00f3n","it":"Giacca a vento per bambini 32300 personalizzazione","sv":"Surf kids barn jacka 32300 personalisering","pt":"Surf kids jaqueta corta-vento infantil 32300 personaliza\u00e7\u00e3o","da":"Surf kids b\u00f8rns vindt\u00e6t jakke 32300 personificering","pl":"Surf kids kurtka wiatrochronna dla dzieci 32300 personalizacja"},"meta_description":{"fr":"Coupe-vent enfant imperm\u00e9able avec capuche et poches zipp\u00e9es. Id\u00e9al pour les activit\u00e9s en ext\u00e9rieur. Possibilit\u00e9 de personnalisation en broderie.","en":"Kid windbreaker waterproof with hood and zippered pockets. Ideal for outdoor activities. Customization option with embroidery.","de":"Windjacke f\u00fcr Kinder wasserdicht mit Kapuze und Rei\u00dfverschlusstaschen. Ideal f\u00fcr Outdoor-Aktivit\u00e4ten. M\u00f6glichkeit der Personalisierung durch Stickerei.","nl":"Waterdichte kinder jas met kap en ritssluitende zakken. Ideaal voor buitenactiviteiten. Mogelijkheid tot aanpassing door borduren.","es":"Chaqueta impermeable para ni\u00f1os con capucha y bolsillos con cremallera. Ideal para actividades al aire libre. Posibilidad de personalizaci\u00f3n con bordado.","it":"Giacca a vento per bambini impermeabile con cappuccio e tasche con zip. Ideale per le attivit\u00e0 all'aperto. Possibilit\u00e0 di personalizzazione con ricamo.","sv":"Vindskyddande barnjacka med kapuschong och zippade fickor. Idealisk f\u00f6r utomhusaktiviteter. M\u00f6jlighet till personalisering med broderi.","pt":"Jaqueta corta-vento infantil imperme\u00e1vel com capuz e bolsos z\u00edper. Ideal para atividades ao ar livre. Possibilidade de personaliza\u00e7\u00e3o com bordado.","da":"B\u00f8rns vindt\u00e6t jakke med kappe og zipperede lommer. Ideel til udend\u00f8rs aktiviteter. Mulighed for personificering med broderi.","pl":"Kurtka wiatrochronna dla dzieci z kapuczk\u0105 i zamek z zippami. Idealna do aktywno\u015bci na \u015bwie\u017cym powietrzu. Mo\u017cliwo\u015b\u0107 personalizacji poprzez haftowanie."}}},"categories":[{"id":300,"name":"Coupe-vents","singular":"Coupe-vent","is_feminin":false},{"id":13,"name":"Vestes et manteaux","singular":"Veste et manteau","is_feminin":true},{"id":354,"name":"Textile","singular":"Textile","is_feminin":false}],"certifications":[{"id":1,"label":"OEKO-TEX 100","logo_link":"\/images\/certifications\/1_OEKO-TEX_100.jpg","is_marking_compatible":false},{"id":2,"label":"Fair Wear","logo_link":"\/images\/certifications\/2_Fair_Wear.jpg","is_marking_compatible":false},{"id":3,"label":"PETA","logo_link":"\/images\/certifications\/3_PETA.jpg","is_marking_compatible":false}],"videos":{"fr":["https:\/\/www.youtube.com\/watch?v=Yg7TiAcBXVg"],"en":["https:\/\/www.youtube.com\/watch?v=Yg7TiAcBXVg"],"de":["https:\/\/www.youtube.com\/watch?v=Yg7TiAcBXVg"],"nl":["https:\/\/www.youtube.com\/watch?v=Yg7TiAcBXVg"],"es":["https:\/\/www.youtube.com\/watch?v=Yg7TiAcBXVg"],"it":["https:\/\/www.youtube.com\/watch?v=Yg7TiAcBXVg"],"sv":["https:\/\/www.youtube.com\/watch?v=Yg7TiAcBXVg"],"pt":["https:\/\/www.youtube.com\/watch?v=Yg7TiAcBXVg"],"da":["https:\/\/www.youtube.com\/watch?v=Yg7TiAcBXVg"],"pl":["https:\/\/www.youtube.com\/watch?v=Yg7TiAcBXVg"]},"main_images":{"miniature":"https:\/\/media.th4.com\/OfqbGohiZ6u3aY4vv7PIpK5NfdELNXuIg-AWcAk33JA\/pr:80\/aHR0cDovL21lZGlhMi5kZXNpZ25wYXJ0bmVyLmZyL2MvcC1NVC8yODc2LmpwZw?v=1702910478","medium":"https:\/\/media.th4.com\/MkYZLN9vckzZ43XXR1pQcTk--druRB6nVTFQJ_a-2AM\/pr:550x550greybg\/aHR0cDovL21lZGlhMi5kZXNpZ25wYXJ0bmVyLmZyL2MvcC1NVC8yODc2LmpwZw?v=1702910478","medium_large":"https:\/\/media.th4.com\/5SgasxN5972IlmxZD-2zpOshv3pOMvxuIj6jcyIHB_0\/pr:1000x1000greybg\/aHR0cDovL21lZGlhMi5kZXNpZ25wYXJ0bmVyLmZyL2MvcC1NVC8yODc2LmpwZw?v=1702910478","large":"https:\/\/media.th4.com\/TkoP4CuXlbtAIm9DMEKDBUH9GGA4fCiMX-nEEBdMawA\/pr:1920greybg\/aHR0cDovL21lZGlhMi5kZXNpZ25wYXJ0bmVyLmZyL2MvcC1NVC8yODc2LmpwZw?v=1702910478","opengraph":"https:\/\/media.th4.com\/m47iPes9jrExjPhWRNCjc3ipZX4I3IWl0ociIAYUt5w\/pr:1200x630greybg\/aHR0cDovL21lZGlhMi5kZXNpZ25wYXJ0bmVyLmZyL2MvcC1NVC8yODc2LmpwZw?v=1702910478"},"main_images_customization":{"miniature":"https:\/\/media.th4.com\/OfqbGohiZ6u3aY4vv7PIpK5NfdELNXuIg-AWcAk33JA\/pr:80\/aHR0cDovL21lZGlhMi5kZXNpZ25wYXJ0bmVyLmZyL2MvcC1NVC8yODc2LmpwZw?v=1702910478","medium":"https:\/\/media.th4.com\/MkYZLN9vckzZ43XXR1pQcTk--druRB6nVTFQJ_a-2AM\/pr:550x550greybg\/aHR0cDovL21lZGlhMi5kZXNpZ25wYXJ0bmVyLmZyL2MvcC1NVC8yODc2LmpwZw?v=1702910478","medium_large":"https:\/\/media.th4.com\/5SgasxN5972IlmxZD-2zpOshv3pOMvxuIj6jcyIHB_0\/pr:1000x1000greybg\/aHR0cDovL21lZGlhMi5kZXNpZ25wYXJ0bmVyLmZyL2MvcC1NVC8yODc2LmpwZw?v=1702910478","large":"https:\/\/media.th4.com\/TkoP4CuXlbtAIm9DMEKDBUH9GGA4fCiMX-nEEBdMawA\/pr:1920greybg\/aHR0cDovL21lZGlhMi5kZXNpZ25wYXJ0bmVyLmZyL2MvcC1NVC8yODc2LmpwZw?v=1702910478","opengraph":"https:\/\/media.th4.com\/m47iPes9jrExjPhWRNCjc3ipZX4I3IWl0ociIAYUt5w\/pr:1200x630greybg\/aHR0cDovL21lZGlhMi5kZXNpZ25wYXJ0bmVyLmZyL2MvcC1NVC8yODc2LmpwZw?v=1702910478"},"page_links":{"fr":"\/fr\/p-so-32300-surf-kids-coupe-vent-enfant-32300-2876\/","en":"\/en\/p-so-32300-surf-kids-kids-windbreaker-32300-2876\/","de":"\/de\/p-so-32300-surf-kids-kinderjacke-32300-2876\/","nl":"\/nl\/p-so-32300-surf-kids-kinderen-windbreker-32300-2876\/","es":"\/es\/p-so-32300-surf-kids-abrigo-cortavientos-nino-32300-2876\/","it":"\/it\/p-so-32300-surf-kids-giacca-a-vento-bambino-32300-2876\/","sv":"\/sv\/p-so-32300-surf-kids-barnvindskydd-32300-2876\/","pt":"\/pt\/p-so-32300-surf-kids-jaqueta-infantil-impermeavel-32300-2876\/","da":"\/da\/p-so-32300-surf-kids-borns-vindtaet-jakke-32300-2876\/","pl":"\/pl\/p-so-32300-surf-kids-dzieciecy-kurtka-wiatroodporna-32300-2876\/"},"page_links_customization":{"fr":"\/fr\/p-so-32300-surf-kids-coupe-vent-enfant-32300-personnalisation-2876\/custom\/","en":"\/en\/p-so-32300-surf-kids-windbreaker-kid-32300-customization-2876\/custom\/","de":"\/de\/p-so-32300-surf-kids-kinderwindjacke-32300-personalisierung-2876\/custom\/","nl":"\/nl\/p-so-32300-surf-kids-kinder-jas-32300-aanpassing-2876\/custom\/","es":"\/es\/p-so-32300-surf-kids-chaqueta-impermeable-para-ninos-32300-personalizacion-2876\/custom\/","it":"\/it\/p-so-32300-giacca-a-vento-per-bambini-32300-personalizzazione-2876\/custom\/","sv":"\/sv\/p-so-32300-surf-kids-barn-jacka-32300-personalisering-2876\/custom\/","pt":"\/pt\/p-so-32300-surf-kids-jaqueta-corta-vento-infantil-32300-personalizacao-2876\/custom\/","da":"\/da\/p-so-32300-surf-kids-borns-vindtaet-jakke-32300-personificering-2876\/custom\/","pl":"\/pl\/p-so-32300-surf-kids-kurtka-wiatrochronna-dla-dzieci-32300-personalizacja-2876\/custom\/"},"equivalent_products":[],"colors":[{"id":3112,"name":"rouge","class_ids":[6],"codes_hexa":["ce2134"],"delai_24":false,"has_3d":true,"seuil_global":0,"stock_local":0,"stock_global":3803,"on_standby":false,"in_catalog":true,"images":{"miniature":["https:\/\/media.th4.com\/u6wwmv6ysO4cHuCJBEUoVSIqFdPe57oa0VUaGYLUJyE\/pr:80\/aHR0cDovL21lZGlhMi5kZXNpZ25wYXJ0bmVyLmZyL2MvcC8yODc2LzI4NzYtMzExMi0xLmpwZw?v=1610016306","https:\/\/media.th4.com\/FzAz_oD0XWhXlCQG6jtz-1q1NQ9XRblSS1LRizQ5Bf8\/pr:80\/aHR0cDovL21lZGlhMi5kZXNpZ25wYXJ0bmVyLmZyL2MvcC8yODc2LzI4NzYtMzExMi0yLmpwZw?v=1610016306","https:\/\/media.th4.com\/4mV20gbJun45dh_8cWzmybc1-GD6ylW0stYUJ2B_eQk\/pr:80\/aHR0cDovL21lZGlhMi5kZXNpZ25wYXJ0bmVyLmZyL2MvcC8yODc2LzI4NzYtMzExMi0zLmpwZw?v=1610016306"],"medium":["https:\/\/media.th4.com\/uAMoCTa_kV8UN-g6pD_oJg9nm7fRmZ4_HS1RiYVRaig\/pr:550x550\/aHR0cDovL21lZGlhMi5kZXNpZ25wYXJ0bmVyLmZyL2MvcC8yODc2LzI4NzYtMzExMi0xLmpwZw?v=1610016306","https:\/\/media.th4.com\/uKvHP-ZhMn_eTR_WX6OfZW3D3y9-9bK9UNlt4xU3L5E\/pr:550x550\/aHR0cDovL21lZGlhMi5kZXNpZ25wYXJ0bmVyLmZyL2MvcC8yODc2LzI4NzYtMzExMi0yLmpwZw?v=1610016306","https:\/\/media.th4.com\/UuiZaRSTd05Whv7ibJMo_v_2KKDkOUpwt8ZlPxAICTs\/pr:550x550\/aHR0cDovL21lZGlhMi5kZXNpZ25wYXJ0bmVyLmZyL2MvcC8yODc2LzI4NzYtMzExMi0zLmpwZw?v=1610016306"],"medium_large":["https:\/\/media.th4.com\/p-CSgZfImtvNijS8tdbVqicNL0tiBkZkc8mu66pLN_g\/pr:1000x1000\/aHR0cDovL21lZGlhMi5kZXNpZ25wYXJ0bmVyLmZyL2MvcC8yODc2LzI4NzYtMzExMi0xLmpwZw?v=1610016306","https:\/\/media.th4.com\/ir5Uoq_-Hj4PFZJ_i0sSFbc4nyiPfRIoA-uwkWm1K7M\/pr:1000x1000\/aHR0cDovL21lZGlhMi5kZXNpZ25wYXJ0bmVyLmZyL2MvcC8yODc2LzI4NzYtMzExMi0yLmpwZw?v=1610016306","https:\/\/media.th4.com\/c_7kutOGEQB6VsU0yWajFDa_BK7XxbdEJfmCyzOYu18\/pr:1000x1000\/aHR0cDovL21lZGlhMi5kZXNpZ25wYXJ0bmVyLmZyL2MvcC8yODc2LzI4NzYtMzExMi0zLmpwZw?v=1610016306"],"large":["https:\/\/media.th4.com\/fMF49z5FZ_6Z6OiV22q8MOgbxfPDvDrkImcRCj1IOOQ\/pr:1920\/aHR0cDovL21lZGlhMi5kZXNpZ25wYXJ0bmVyLmZyL2MvcC8yODc2LzI4NzYtMzExMi0xLmpwZw?v=1610016306","https:\/\/media.th4.com\/uKV_41zj0swjMlQBqeEuQfOnbn6cE-Owgae2aXcqepo\/pr:1920\/aHR0cDovL21lZGlhMi5kZXNpZ25wYXJ0bmVyLmZyL2MvcC8yODc2LzI4NzYtMzExMi0yLmpwZw?v=1610016306","https:\/\/media.th4.com\/cJxn56wz-LPtrpieOXIsN4zPEkABVTK_t_B_HoNAcJ0\/pr:1920\/aHR0cDovL21lZGlhMi5kZXNpZ25wYXJ0bmVyLmZyL2MvcC8yODc2LzI4NzYtMzExMi0zLmpwZw?v=1610016306"],"opengraph":["https:\/\/media.th4.com\/JdSpcf7zgVDuz7QckojlsGErgJpbw5RzwUtjBY_hu3c\/pr:1200x630\/aHR0cDovL21lZGlhMi5kZXNpZ25wYXJ0bmVyLmZyL2MvcC8yODc2LzI4NzYtMzExMi0xLmpwZw?v=1610016306","https:\/\/media.th4.com\/GLNyScbpQc21_XMRns0kMKuqViLYChShpjZZF4Swlwc\/pr:1200x630\/aHR0cDovL21lZGlhMi5kZXNpZ25wYXJ0bmVyLmZyL2MvcC8yODc2LzI4NzYtMzExMi0yLmpwZw?v=1610016306","https:\/\/media.th4.com\/0NDT6VGHkfblRFPyKR2vuHC_4OnJl9mMbFWRHsOn9G8\/pr:1200x630\/aHR0cDovL21lZGlhMi5kZXNpZ25wYXJ0bmVyLmZyL2MvcC8yODc2LzI4NzYtMzExMi0zLmpwZw?v=1610016306"]},"images_customization":{"miniature":["https:\/\/media.th4.com\/u6wwmv6ysO4cHuCJBEUoVSIqFdPe57oa0VUaGYLUJyE\/pr:80\/aHR0cDovL21lZGlhMi5kZXNpZ25wYXJ0bmVyLmZyL2MvcC8yODc2LzI4NzYtMzExMi0xLmpwZw?v=1610016306","https:\/\/media.th4.com\/FzAz_oD0XWhXlCQG6jtz-1q1NQ9XRblSS1LRizQ5Bf8\/pr:80\/aHR0cDovL21lZGlhMi5kZXNpZ25wYXJ0bmVyLmZyL2MvcC8yODc2LzI4NzYtMzExMi0yLmpwZw?v=1610016306","https:\/\/media.th4.com\/4mV20gbJun45dh_8cWzmybc1-GD6ylW0stYUJ2B_eQk\/pr:80\/aHR0cDovL21lZGlhMi5kZXNpZ25wYXJ0bmVyLmZyL2MvcC8yODc2LzI4NzYtMzExMi0zLmpwZw?v=1610016306"],"medium":["https:\/\/media.th4.com\/uAMoCTa_kV8UN-g6pD_oJg9nm7fRmZ4_HS1RiYVRaig\/pr:550x550\/aHR0cDovL21lZGlhMi5kZXNpZ25wYXJ0bmVyLmZyL2MvcC8yODc2LzI4NzYtMzExMi0xLmpwZw?v=1610016306","https:\/\/media.th4.com\/uKvHP-ZhMn_eTR_WX6OfZW3D3y9-9bK9UNlt4xU3L5E\/pr:550x550\/aHR0cDovL21lZGlhMi5kZXNpZ25wYXJ0bmVyLmZyL2MvcC8yODc2LzI4NzYtMzExMi0yLmpwZw?v=1610016306","https:\/\/media.th4.com\/UuiZaRSTd05Whv7ibJMo_v_2KKDkOUpwt8ZlPxAICTs\/pr:550x550\/aHR0cDovL21lZGlhMi5kZXNpZ25wYXJ0bmVyLmZyL2MvcC8yODc2LzI4NzYtMzExMi0zLmpwZw?v=1610016306"],"medium_large":["https:\/\/media.th4.com\/p-CSgZfImtvNijS8tdbVqicNL0tiBkZkc8mu66pLN_g\/pr:1000x1000\/aHR0cDovL21lZGlhMi5kZXNpZ25wYXJ0bmVyLmZyL2MvcC8yODc2LzI4NzYtMzExMi0xLmpwZw?v=1610016306","https:\/\/media.th4.com\/ir5Uoq_-Hj4PFZJ_i0sSFbc4nyiPfRIoA-uwkWm1K7M\/pr:1000x1000\/aHR0cDovL21lZGlhMi5kZXNpZ25wYXJ0bmVyLmZyL2MvcC8yODc2LzI4NzYtMzExMi0yLmpwZw?v=1610016306","https:\/\/media.th4.com\/c_7kutOGEQB6VsU0yWajFDa_BK7XxbdEJfmCyzOYu18\/pr:1000x1000\/aHR0cDovL21lZGlhMi5kZXNpZ25wYXJ0bmVyLmZyL2MvcC8yODc2LzI4NzYtMzExMi0zLmpwZw?v=1610016306"],"large":["https:\/\/media.th4.com\/fMF49z5FZ_6Z6OiV22q8MOgbxfPDvDrkImcRCj1IOOQ\/pr:1920\/aHR0cDovL21lZGlhMi5kZXNpZ25wYXJ0bmVyLmZyL2MvcC8yODc2LzI4NzYtMzExMi0xLmpwZw?v=1610016306","https:\/\/media.th4.com\/uKV_41zj0swjMlQBqeEuQfOnbn6cE-Owgae2aXcqepo\/pr:1920\/aHR0cDovL21lZGlhMi5kZXNpZ25wYXJ0bmVyLmZyL2MvcC8yODc2LzI4NzYtMzExMi0yLmpwZw?v=1610016306","https:\/\/media.th4.com\/cJxn56wz-LPtrpieOXIsN4zPEkABVTK_t_B_HoNAcJ0\/pr:1920\/aHR0cDovL21lZGlhMi5kZXNpZ25wYXJ0bmVyLmZyL2MvcC8yODc2LzI4NzYtMzExMi0zLmpwZw?v=1610016306"],"opengraph":["https:\/\/media.th4.com\/JdSpcf7zgVDuz7QckojlsGErgJpbw5RzwUtjBY_hu3c\/pr:1200x630\/aHR0cDovL21lZGlhMi5kZXNpZ25wYXJ0bmVyLmZyL2MvcC8yODc2LzI4NzYtMzExMi0xLmpwZw?v=1610016306","https:\/\/media.th4.com\/GLNyScbpQc21_XMRns0kMKuqViLYChShpjZZF4Swlwc\/pr:1200x630\/aHR0cDovL21lZGlhMi5kZXNpZ25wYXJ0bmVyLmZyL2MvcC8yODc2LzI4NzYtMzExMi0yLmpwZw?v=1610016306","https:\/\/media.th4.com\/0NDT6VGHkfblRFPyKR2vuHC_4OnJl9mMbFWRHsOn9G8\/pr:1200x630\/aHR0cDovL21lZGlhMi5kZXNpZ25wYXJ0bmVyLmZyL2MvcC8yODc2LzI4NzYtMzExMi0zLmpwZw?v=1610016306"]},"country_origin":"BD","traceability":{"manufacturing_country_id":59,"weaving_country_id":61,"dyeing_country_id":61},"sizes":[{"id":1154,"article_id":218128,"class_id":0,"name":"05\/06A","on_standby":false,"stock_local":0,"stock_global":560,"multiple":1,"estimated_date_reassort":null,"is_destocking":false},{"id":1155,"article_id":218129,"class_id":0,"name":"07\/08A","on_standby":false,"stock_local":0,"stock_global":1090,"multiple":1,"estimated_date_reassort":null,"is_destocking":false},{"id":1156,"article_id":218130,"class_id":0,"name":"09\/11A","on_standby":false,"stock_local":0,"stock_global":1052,"multiple":1,"estimated_date_reassort":null,"is_destocking":false},{"id":481,"article_id":90236,"class_id":0,"name":"12\/14A","on_standby":false,"stock_local":0,"stock_global":583,"multiple":1,"estimated_date_reassort":null,"is_destocking":false},{"id":482,"article_id":90222,"class_id":0,"name":"15\/16A","on_standby":false,"stock_local":0,"stock_global":518,"multiple":1,"estimated_date_reassort":null,"is_destocking":false}],"page_links":{"fr":"\/fr\/p-so-32300-surf-kids-coupe-vent-enfant-32300-2876\/rouge-3112\/","en":"\/en\/p-so-32300-surf-kids-kids-windbreaker-32300-2876\/rouge-3112\/","de":"\/de\/p-so-32300-surf-kids-kinderjacke-32300-2876\/rouge-3112\/","nl":"\/nl\/p-so-32300-surf-kids-kinderen-windbreker-32300-2876\/rouge-3112\/","es":"\/es\/p-so-32300-surf-kids-abrigo-cortavientos-nino-32300-2876\/rouge-3112\/","it":"\/it\/p-so-32300-surf-kids-giacca-a-vento-bambino-32300-2876\/rouge-3112\/","sv":"\/sv\/p-so-32300-surf-kids-barnvindskydd-32300-2876\/rouge-3112\/","pt":"\/pt\/p-so-32300-surf-kids-jaqueta-infantil-impermeavel-32300-2876\/rouge-3112\/","da":"\/da\/p-so-32300-surf-kids-borns-vindtaet-jakke-32300-2876\/rouge-3112\/","pl":"\/pl\/p-so-32300-surf-kids-dzieciecy-kurtka-wiatroodporna-32300-2876\/rouge-3112\/"},"page_links_customization":{"fr":"\/fr\/p-so-32300-surf-kids-coupe-vent-enfant-32300-personnalisation-2876\/rouge-3112\/custom\/","en":"\/en\/p-so-32300-surf-kids-windbreaker-kid-32300-customization-2876\/rouge-3112\/custom\/","de":"\/de\/p-so-32300-surf-kids-kinderwindjacke-32300-personalisierung-2876\/rouge-3112\/custom\/","nl":"\/nl\/p-so-32300-surf-kids-kinder-jas-32300-aanpassing-2876\/rouge-3112\/custom\/","es":"\/es\/p-so-32300-surf-kids-chaqueta-impermeable-para-ninos-32300-personalizacion-2876\/rouge-3112\/custom\/","it":"\/it\/p-so-32300-giacca-a-vento-per-bambini-32300-personalizzazione-2876\/rouge-3112\/custom\/","sv":"\/sv\/p-so-32300-surf-kids-barn-jacka-32300-personalisering-2876\/rouge-3112\/custom\/","pt":"\/pt\/p-so-32300-surf-kids-jaqueta-corta-vento-infantil-32300-personalizacao-2876\/rouge-3112\/custom\/","da":"\/da\/p-so-32300-surf-kids-borns-vindtaet-jakke-32300-personificering-2876\/rouge-3112\/custom\/","pl":"\/pl\/p-so-32300-surf-kids-kurtka-wiatrochronna-dla-dzieci-32300-personalizacja-2876\/rouge-3112\/custom\/"}},{"id":3111,"name":"royal","class_ids":[2],"codes_hexa":["00569f"],"delai_24":false,"has_3d":true,"seuil_global":0,"stock_local":0,"stock_global":3091,"on_standby":false,"in_catalog":true,"images":{"miniature":["https:\/\/media.th4.com\/p6_poInt3wfPhBFvms2L1Mmg5sbVepLlBABZTUt8bac\/pr:80\/aHR0cDovL21lZGlhMi5kZXNpZ25wYXJ0bmVyLmZyL2MvcC8yODc2LzI4NzYtMzExMS0xLmpwZw?v=1610016309","https:\/\/media.th4.com\/0haOFCt2VLEAukJiD6PVwvhvMDSzyGi3L3U-jTSRwuM\/pr:80\/aHR0cDovL21lZGlhMi5kZXNpZ25wYXJ0bmVyLmZyL2MvcC8yODc2LzI4NzYtMzExMS0yLmpwZw?v=1610016309","https:\/\/media.th4.com\/BWMHsK5mVEcEKV3168G20GDyIbYTJHN_hQ46kaAXxPM\/pr:80\/aHR0cDovL21lZGlhMi5kZXNpZ25wYXJ0bmVyLmZyL2MvcC8yODc2LzI4NzYtMzExMS0zLmpwZw?v=1610016309"],"medium":["https:\/\/media.th4.com\/TLhoGhpCbBFPB0VXihHqOY_mCHFlIaUEqa-dEkiuSb8\/pr:550x550\/aHR0cDovL21lZGlhMi5kZXNpZ25wYXJ0bmVyLmZyL2MvcC8yODc2LzI4NzYtMzExMS0xLmpwZw?v=1610016309","https:\/\/media.th4.com\/WyaFjuR2aunoQ8I_fJIgf3vrvTNeliu4QS89O73LGCc\/pr:550x550\/aHR0cDovL21lZGlhMi5kZXNpZ25wYXJ0bmVyLmZyL2MvcC8yODc2LzI4NzYtMzExMS0yLmpwZw?v=1610016309","https:\/\/media.th4.com\/PFvsNy8VqZT4bMWF57yVOOZQWQdo4Ga53UyFZI5u5kQ\/pr:550x550\/aHR0cDovL21lZGlhMi5kZXNpZ25wYXJ0bmVyLmZyL2MvcC8yODc2LzI4NzYtMzExMS0zLmpwZw?v=1610016309"],"medium_large":["https:\/\/media.th4.com\/Sv7V82G4K1N8KF_5m304Bzz-FQp6wJGpIcbxDRwZeDA\/pr:1000x1000\/aHR0cDovL21lZGlhMi5kZXNpZ25wYXJ0bmVyLmZyL2MvcC8yODc2LzI4NzYtMzExMS0xLmpwZw?v=1610016309","https:\/\/media.th4.com\/_d3o2-ZPvnYi7nTcjZee1EqVtTJtRAU-VYdP3n0gQCg\/pr:1000x1000\/aHR0cDovL21lZGlhMi5kZXNpZ25wYXJ0bmVyLmZyL2MvcC8yODc2LzI4NzYtMzExMS0yLmpwZw?v=1610016309","https:\/\/media.th4.com\/E5-W0cRQ_b0D4Y0AX6QIt_qeSNdOZ3giOZEfuEBh97U\/pr:1000x1000\/aHR0cDovL21lZGlhMi5kZXNpZ25wYXJ0bmVyLmZyL2MvcC8yODc2LzI4NzYtMzExMS0zLmpwZw?v=1610016309"],"large":["https:\/\/media.th4.com\/SZfvGVlyKPBlepFf2t4q-GLz5Yi4bslgWWlXQG_dER4\/pr:1920\/aHR0cDovL21lZGlhMi5kZXNpZ25wYXJ0bmVyLmZyL2MvcC8yODc2LzI4NzYtMzExMS0xLmpwZw?v=1610016309","https:\/\/media.th4.com\/9eZGX5TvT3zBVQAxGjJiEb2JJYDLgXztcltL9xHBENA\/pr:1920\/aHR0cDovL21lZGlhMi5kZXNpZ25wYXJ0bmVyLmZyL2MvcC8yODc2LzI4NzYtMzExMS0yLmpwZw?v=1610016309","https:\/\/media.th4.com\/OHDgc1Qoz3JL3ZvWIO0Tklgp1F9jHdSP_EdMznxczS4\/pr:1920\/aHR0cDovL21lZGlhMi5kZXNpZ25wYXJ0bmVyLmZyL2MvcC8yODc2LzI4NzYtMzExMS0zLmpwZw?v=1610016309"],"opengraph":["https:\/\/media.th4.com\/YJlda12v04TZ2n2roZ1c9D0lgBuBGmTCXgwawAai_1s\/pr:1200x630\/aHR0cDovL21lZGlhMi5kZXNpZ25wYXJ0bmVyLmZyL2MvcC8yODc2LzI4NzYtMzExMS0xLmpwZw?v=1610016309","https:\/\/media.th4.com\/Sz0YvYSeonvdbNkpqZcWicFOvcPMQiyw_zx5e3P2yF0\/pr:1200x630\/aHR0cDovL21lZGlhMi5kZXNpZ25wYXJ0bmVyLmZyL2MvcC8yODc2LzI4NzYtMzExMS0yLmpwZw?v=1610016309","https:\/\/media.th4.com\/krdB29uswk5oA6usiFF4AiWAv6DaQWZE7MPwCSdk_3M\/pr:1200x630\/aHR0cDovL21lZGlhMi5kZXNpZ25wYXJ0bmVyLmZyL2MvcC8yODc2LzI4NzYtMzExMS0zLmpwZw?v=1610016309"]},"images_customization":{"miniature":["https:\/\/media.th4.com\/p6_poInt3wfPhBFvms2L1Mmg5sbVepLlBABZTUt8bac\/pr:80\/aHR0cDovL21lZGlhMi5kZXNpZ25wYXJ0bmVyLmZyL2MvcC8yODc2LzI4NzYtMzExMS0xLmpwZw?v=1610016309","https:\/\/media.th4.com\/0haOFCt2VLEAukJiD6PVwvhvMDSzyGi3L3U-jTSRwuM\/pr:80\/aHR0cDovL21lZGlhMi5kZXNpZ25wYXJ0bmVyLmZyL2MvcC8yODc2LzI4NzYtMzExMS0yLmpwZw?v=1610016309","https:\/\/media.th4.com\/BWMHsK5mVEcEKV3168G20GDyIbYTJHN_hQ46kaAXxPM\/pr:80\/aHR0cDovL21lZGlhMi5kZXNpZ25wYXJ0bmVyLmZyL2MvcC8yODc2LzI4NzYtMzExMS0zLmpwZw?v=1610016309"],"medium":["https:\/\/media.th4.com\/TLhoGhpCbBFPB0VXihHqOY_mCHFlIaUEqa-dEkiuSb8\/pr:550x550\/aHR0cDovL21lZGlhMi5kZXNpZ25wYXJ0bmVyLmZyL2MvcC8yODc2LzI4NzYtMzExMS0xLmpwZw?v=1610016309","https:\/\/media.th4.com\/WyaFjuR2aunoQ8I_fJIgf3vrvTNeliu4QS89O73LGCc\/pr:550x550\/aHR0cDovL21lZGlhMi5kZXNpZ25wYXJ0bmVyLmZyL2MvcC8yODc2LzI4NzYtMzExMS0yLmpwZw?v=1610016309","https:\/\/media.th4.com\/PFvsNy8VqZT4bMWF57yVOOZQWQdo4Ga53UyFZI5u5kQ\/pr:550x550\/aHR0cDovL21lZGlhMi5kZXNpZ25wYXJ0bmVyLmZyL2MvcC8yODc2LzI4NzYtMzExMS0zLmpwZw?v=1610016309"],"medium_large":["https:\/\/media.th4.com\/Sv7V82G4K1N8KF_5m304Bzz-FQp6wJGpIcbxDRwZeDA\/pr:1000x1000\/aHR0cDovL21lZGlhMi5kZXNpZ25wYXJ0bmVyLmZyL2MvcC8yODc2LzI4NzYtMzExMS0xLmpwZw?v=1610016309","https:\/\/media.th4.com\/_d3o2-ZPvnYi7nTcjZee1EqVtTJtRAU-VYdP3n0gQCg\/pr:1000x1000\/aHR0cDovL21lZGlhMi5kZXNpZ25wYXJ0bmVyLmZyL2MvcC8yODc2LzI4NzYtMzExMS0yLmpwZw?v=1610016309","https:\/\/media.th4.com\/E5-W0cRQ_b0D4Y0AX6QIt_qeSNdOZ3giOZEfuEBh97U\/pr:1000x1000\/aHR0cDovL21lZGlhMi5kZXNpZ25wYXJ0bmVyLmZyL2MvcC8yODc2LzI4NzYtMzExMS0zLmpwZw?v=1610016309"],"large":["https:\/\/media.th4.com\/SZfvGVlyKPBlepFf2t4q-GLz5Yi4bslgWWlXQG_dER4\/pr:1920\/aHR0cDovL21lZGlhMi5kZXNpZ25wYXJ0bmVyLmZyL2MvcC8yODc2LzI4NzYtMzExMS0xLmpwZw?v=1610016309","https:\/\/media.th4.com\/9eZGX5TvT3zBVQAxGjJiEb2JJYDLgXztcltL9xHBENA\/pr:1920\/aHR0cDovL21lZGlhMi5kZXNpZ25wYXJ0bmVyLmZyL2MvcC8yODc2LzI4NzYtMzExMS0yLmpwZw?v=1610016309","https:\/\/media.th4.com\/OHDgc1Qoz3JL3ZvWIO0Tklgp1F9jHdSP_EdMznxczS4\/pr:1920\/aHR0cDovL21lZGlhMi5kZXNpZ25wYXJ0bmVyLmZyL2MvcC8yODc2LzI4NzYtMzExMS0zLmpwZw?v=1610016309"],"opengraph":["https:\/\/media.th4.com\/YJlda12v04TZ2n2roZ1c9D0lgBuBGmTCXgwawAai_1s\/pr:1200x630\/aHR0cDovL21lZGlhMi5kZXNpZ25wYXJ0bmVyLmZyL2MvcC8yODc2LzI4NzYtMzExMS0xLmpwZw?v=1610016309","https:\/\/media.th4.com\/Sz0YvYSeonvdbNkpqZcWicFOvcPMQiyw_zx5e3P2yF0\/pr:1200x630\/aHR0cDovL21lZGlhMi5kZXNpZ25wYXJ0bmVyLmZyL2MvcC8yODc2LzI4NzYtMzExMS0yLmpwZw?v=1610016309","https:\/\/media.th4.com\/krdB29uswk5oA6usiFF4AiWAv6DaQWZE7MPwCSdk_3M\/pr:1200x630\/aHR0cDovL21lZGlhMi5kZXNpZ25wYXJ0bmVyLmZyL2MvcC8yODc2LzI4NzYtMzExMS0zLmpwZw?v=1610016309"]},"country_origin":"BD","traceability":{"manufacturing_country_id":59,"weaving_country_id":61,"dyeing_country_id":61},"sizes":[{"id":1154,"article_id":218131,"class_id":0,"name":"05\/06A","on_standby":false,"stock_local":0,"stock_global":392,"multiple":1,"estimated_date_reassort":null,"is_destocking":false},{"id":1155,"article_id":218132,"class_id":0,"name":"07\/08A","on_standby":false,"stock_local":0,"stock_global":561,"multiple":1,"estimated_date_reassort":null,"is_destocking":false},{"id":1156,"article_id":218133,"class_id":0,"name":"09\/11A","on_standby":false,"stock_local":0,"stock_global":681,"multiple":1,"estimated_date_reassort":null,"is_destocking":false},{"id":481,"article_id":90226,"class_id":0,"name":"12\/14A","on_standby":false,"stock_local":0,"stock_global":886,"multiple":1,"estimated_date_reassort":null,"is_destocking":false},{"id":482,"article_id":90227,"class_id":0,"name":"15\/16A","on_standby":false,"stock_local":0,"stock_global":571,"multiple":1,"estimated_date_reassort":null,"is_destocking":false}],"page_links":{"fr":"\/fr\/p-so-32300-surf-kids-coupe-vent-enfant-32300-2876\/royal-3111\/","en":"\/en\/p-so-32300-surf-kids-kids-windbreaker-32300-2876\/royal-3111\/","de":"\/de\/p-so-32300-surf-kids-kinderjacke-32300-2876\/royal-3111\/","nl":"\/nl\/p-so-32300-surf-kids-kinderen-windbreker-32300-2876\/royal-3111\/","es":"\/es\/p-so-32300-surf-kids-abrigo-cortavientos-nino-32300-2876\/royal-3111\/","it":"\/it\/p-so-32300-surf-kids-giacca-a-vento-bambino-32300-2876\/royal-3111\/","sv":"\/sv\/p-so-32300-surf-kids-barnvindskydd-32300-2876\/royal-3111\/","pt":"\/pt\/p-so-32300-surf-kids-jaqueta-infantil-impermeavel-32300-2876\/royal-3111\/","da":"\/da\/p-so-32300-surf-kids-borns-vindtaet-jakke-32300-2876\/royal-3111\/","pl":"\/pl\/p-so-32300-surf-kids-dzieciecy-kurtka-wiatroodporna-32300-2876\/royal-3111\/"},"page_links_customization":{"fr":"\/fr\/p-so-32300-surf-kids-coupe-vent-enfant-32300-personnalisation-2876\/royal-3111\/custom\/","en":"\/en\/p-so-32300-surf-kids-windbreaker-kid-32300-customization-2876\/royal-3111\/custom\/","de":"\/de\/p-so-32300-surf-kids-kinderwindjacke-32300-personalisierung-2876\/royal-3111\/custom\/","nl":"\/nl\/p-so-32300-surf-kids-kinder-jas-32300-aanpassing-2876\/royal-3111\/custom\/","es":"\/es\/p-so-32300-surf-kids-chaqueta-impermeable-para-ninos-32300-personalizacion-2876\/royal-3111\/custom\/","it":"\/it\/p-so-32300-giacca-a-vento-per-bambini-32300-personalizzazione-2876\/royal-3111\/custom\/","sv":"\/sv\/p-so-32300-surf-kids-barn-jacka-32300-personalisering-2876\/royal-3111\/custom\/","pt":"\/pt\/p-so-32300-surf-kids-jaqueta-corta-vento-infantil-32300-personalizacao-2876\/royal-3111\/custom\/","da":"\/da\/p-so-32300-surf-kids-borns-vindtaet-jakke-32300-personificering-2876\/royal-3111\/custom\/","pl":"\/pl\/p-so-32300-surf-kids-kurtka-wiatrochronna-dla-dzieci-32300-personalizacja-2876\/royal-3111\/custom\/"}},{"id":3107,"name":"noir","class_ids":[4],"codes_hexa":["231f20"],"delai_24":false,"has_3d":true,"seuil_global":0,"stock_local":0,"stock_global":2644,"on_standby":false,"in_catalog":true,"images":{"miniature":["https:\/\/media.th4.com\/UFK_FAj53-djBe2ghC-vR-knOAmL3W52LhQdXX5AyS0\/pr:80\/aHR0cDovL21lZGlhMi5kZXNpZ25wYXJ0bmVyLmZyL2MvcC8yODc2LzI4NzYtMzEwNy0xLmpwZw?v=1610016306","https:\/\/media.th4.com\/Y5JIi-Z3GMCU1t39y_p2jP8lldEHUDxY-mECJuA_8qA\/pr:80\/aHR0cDovL21lZGlhMi5kZXNpZ25wYXJ0bmVyLmZyL2MvcC8yODc2LzI4NzYtMzEwNy0yLmpwZw?v=1610016306","https:\/\/media.th4.com\/vopv8lHfNra1evvCzkIDL7outbS3nDpbxJQq7AfVkMo\/pr:80\/aHR0cDovL21lZGlhMi5kZXNpZ25wYXJ0bmVyLmZyL2MvcC8yODc2LzI4NzYtMzEwNy0zLmpwZw?v=1610016306"],"medium":["https:\/\/media.th4.com\/LZbUUNK3SiCowfxJ4odgTSJYwGP020GM2yuR_H5fV1g\/pr:550x550\/aHR0cDovL21lZGlhMi5kZXNpZ25wYXJ0bmVyLmZyL2MvcC8yODc2LzI4NzYtMzEwNy0xLmpwZw?v=1610016306","https:\/\/media.th4.com\/h7WB_CnAi71L_iyKaYTeg5hNjCvgSGLpX5ugtM4XJYs\/pr:550x550\/aHR0cDovL21lZGlhMi5kZXNpZ25wYXJ0bmVyLmZyL2MvcC8yODc2LzI4NzYtMzEwNy0yLmpwZw?v=1610016306","https:\/\/media.th4.com\/70h8xn81OCxYujH59L0UIfAQiGmC_nIe2sITkocJJmE\/pr:550x550\/aHR0cDovL21lZGlhMi5kZXNpZ25wYXJ0bmVyLmZyL2MvcC8yODc2LzI4NzYtMzEwNy0zLmpwZw?v=1610016306"],"medium_large":["https:\/\/media.th4.com\/XrSd3A40gUM2QJZNKZXmDI2FDzMPkToDs15OR9N0HMk\/pr:1000x1000\/aHR0cDovL21lZGlhMi5kZXNpZ25wYXJ0bmVyLmZyL2MvcC8yODc2LzI4NzYtMzEwNy0xLmpwZw?v=1610016306","https:\/\/media.th4.com\/aZYNvk_BRz8uMXPpsCEA-cKrSGJJG50XLsfnak292OQ\/pr:1000x1000\/aHR0cDovL21lZGlhMi5kZXNpZ25wYXJ0bmVyLmZyL2MvcC8yODc2LzI4NzYtMzEwNy0yLmpwZw?v=1610016306","https:\/\/media.th4.com\/sXEp94EuDu8faZwpGU6xLb4Vymrj-WelBEy-FcfykAE\/pr:1000x1000\/aHR0cDovL21lZGlhMi5kZXNpZ25wYXJ0bmVyLmZyL2MvcC8yODc2LzI4NzYtMzEwNy0zLmpwZw?v=1610016306"],"large":["https:\/\/media.th4.com\/UEWR7EDp3n-1sLHOMMRxBY6WQ-HC_nB7pN1AErifPcM\/pr:1920\/aHR0cDovL21lZGlhMi5kZXNpZ25wYXJ0bmVyLmZyL2MvcC8yODc2LzI4NzYtMzEwNy0xLmpwZw?v=1610016306","https:\/\/media.th4.com\/sw7GXQVKzHSIYL3CTJwwiaDqRxUz04VAj0E_G0stuUM\/pr:1920\/aHR0cDovL21lZGlhMi5kZXNpZ25wYXJ0bmVyLmZyL2MvcC8yODc2LzI4NzYtMzEwNy0yLmpwZw?v=1610016306","https:\/\/media.th4.com\/1eI9Bzm0XJRkHtXnW07dgVD79wAhyejo9I9Lb9Tc3tg\/pr:1920\/aHR0cDovL21lZGlhMi5kZXNpZ25wYXJ0bmVyLmZyL2MvcC8yODc2LzI4NzYtMzEwNy0zLmpwZw?v=1610016306"],"opengraph":["https:\/\/media.th4.com\/XnJtfubksXLCXRIrZY3vVs2jQh__F91dVYQbU_wIVn8\/pr:1200x630\/aHR0cDovL21lZGlhMi5kZXNpZ25wYXJ0bmVyLmZyL2MvcC8yODc2LzI4NzYtMzEwNy0xLmpwZw?v=1610016306","https:\/\/media.th4.com\/befOkVrmCsx8dheu8T4xsJzvgKGZunwqx3V9dlOljPs\/pr:1200x630\/aHR0cDovL21lZGlhMi5kZXNpZ25wYXJ0bmVyLmZyL2MvcC8yODc2LzI4NzYtMzEwNy0yLmpwZw?v=1610016306","https:\/\/media.th4.com\/RK0pBn78igranRST_0Rl3Q6KtWdvA6XZ0P4n778o2p4\/pr:1200x630\/aHR0cDovL21lZGlhMi5kZXNpZ25wYXJ0bmVyLmZyL2MvcC8yODc2LzI4NzYtMzEwNy0zLmpwZw?v=1610016306"]},"images_customization":{"miniature":["https:\/\/media.th4.com\/UFK_FAj53-djBe2ghC-vR-knOAmL3W52LhQdXX5AyS0\/pr:80\/aHR0cDovL21lZGlhMi5kZXNpZ25wYXJ0bmVyLmZyL2MvcC8yODc2LzI4NzYtMzEwNy0xLmpwZw?v=1610016306","https:\/\/media.th4.com\/Y5JIi-Z3GMCU1t39y_p2jP8lldEHUDxY-mECJuA_8qA\/pr:80\/aHR0cDovL21lZGlhMi5kZXNpZ25wYXJ0bmVyLmZyL2MvcC8yODc2LzI4NzYtMzEwNy0yLmpwZw?v=1610016306","https:\/\/media.th4.com\/vopv8lHfNra1evvCzkIDL7outbS3nDpbxJQq7AfVkMo\/pr:80\/aHR0cDovL21lZGlhMi5kZXNpZ25wYXJ0bmVyLmZyL2MvcC8yODc2LzI4NzYtMzEwNy0zLmpwZw?v=1610016306"],"medium":["https:\/\/media.th4.com\/LZbUUNK3SiCowfxJ4odgTSJYwGP020GM2yuR_H5fV1g\/pr:550x550\/aHR0cDovL21lZGlhMi5kZXNpZ25wYXJ0bmVyLmZyL2MvcC8yODc2LzI4NzYtMzEwNy0xLmpwZw?v=1610016306","https:\/\/media.th4.com\/h7WB_CnAi71L_iyKaYTeg5hNjCvgSGLpX5ugtM4XJYs\/pr:550x550\/aHR0cDovL21lZGlhMi5kZXNpZ25wYXJ0bmVyLmZyL2MvcC8yODc2LzI4NzYtMzEwNy0yLmpwZw?v=1610016306","https:\/\/media.th4.com\/70h8xn81OCxYujH59L0UIfAQiGmC_nIe2sITkocJJmE\/pr:550x550\/aHR0cDovL21lZGlhMi5kZXNpZ25wYXJ0bmVyLmZyL2MvcC8yODc2LzI4NzYtMzEwNy0zLmpwZw?v=1610016306"],"medium_large":["https:\/\/media.th4.com\/XrSd3A40gUM2QJZNKZXmDI2FDzMPkToDs15OR9N0HMk\/pr:1000x1000\/aHR0cDovL21lZGlhMi5kZXNpZ25wYXJ0bmVyLmZyL2MvcC8yODc2LzI4NzYtMzEwNy0xLmpwZw?v=1610016306","https:\/\/media.th4.com\/aZYNvk_BRz8uMXPpsCEA-cKrSGJJG50XLsfnak292OQ\/pr:1000x1000\/aHR0cDovL21lZGlhMi5kZXNpZ25wYXJ0bmVyLmZyL2MvcC8yODc2LzI4NzYtMzEwNy0yLmpwZw?v=1610016306","https:\/\/media.th4.com\/sXEp94EuDu8faZwpGU6xLb4Vymrj-WelBEy-FcfykAE\/pr:1000x1000\/aHR0cDovL21lZGlhMi5kZXNpZ25wYXJ0bmVyLmZyL2MvcC8yODc2LzI4NzYtMzEwNy0zLmpwZw?v=1610016306"],"large":["https:\/\/media.th4.com\/UEWR7EDp3n-1sLHOMMRxBY6WQ-HC_nB7pN1AErifPcM\/pr:1920\/aHR0cDovL21lZGlhMi5kZXNpZ25wYXJ0bmVyLmZyL2MvcC8yODc2LzI4NzYtMzEwNy0xLmpwZw?v=1610016306","https:\/\/media.th4.com\/sw7GXQVKzHSIYL3CTJwwiaDqRxUz04VAj0E_G0stuUM\/pr:1920\/aHR0cDovL21lZGlhMi5kZXNpZ25wYXJ0bmVyLmZyL2MvcC8yODc2LzI4NzYtMzEwNy0yLmpwZw?v=1610016306","https:\/\/media.th4.com\/1eI9Bzm0XJRkHtXnW07dgVD79wAhyejo9I9Lb9Tc3tg\/pr:1920\/aHR0cDovL21lZGlhMi5kZXNpZ25wYXJ0bmVyLmZyL2MvcC8yODc2LzI4NzYtMzEwNy0zLmpwZw?v=1610016306"],"opengraph":["https:\/\/media.th4.com\/XnJtfubksXLCXRIrZY3vVs2jQh__F91dVYQbU_wIVn8\/pr:1200x630\/aHR0cDovL21lZGlhMi5kZXNpZ25wYXJ0bmVyLmZyL2MvcC8yODc2LzI4NzYtMzEwNy0xLmpwZw?v=1610016306","https:\/\/media.th4.com\/befOkVrmCsx8dheu8T4xsJzvgKGZunwqx3V9dlOljPs\/pr:1200x630\/aHR0cDovL21lZGlhMi5kZXNpZ25wYXJ0bmVyLmZyL2MvcC8yODc2LzI4NzYtMzEwNy0yLmpwZw?v=1610016306","https:\/\/media.th4.com\/RK0pBn78igranRST_0Rl3Q6KtWdvA6XZ0P4n778o2p4\/pr:1200x630\/aHR0cDovL21lZGlhMi5kZXNpZ25wYXJ0bmVyLmZyL2MvcC8yODc2LzI4NzYtMzEwNy0zLmpwZw?v=1610016306"]},"country_origin":"BD","traceability":{"manufacturing_country_id":59,"weaving_country_id":61,"dyeing_country_id":61},"sizes":[{"id":1154,"article_id":218122,"class_id":0,"name":"05\/06A","on_standby":false,"stock_local":0,"stock_global":684,"multiple":1,"estimated_date_reassort":null,"is_destocking":false},{"id":1155,"article_id":218123,"class_id":0,"name":"07\/08A","on_standby":false,"stock_local":0,"stock_global":544,"multiple":1,"estimated_date_reassort":null,"is_destocking":false},{"id":1156,"article_id":218124,"class_id":0,"name":"09\/11A","on_standby":false,"stock_local":0,"stock_global":522,"multiple":1,"estimated_date_reassort":null,"is_destocking":false},{"id":481,"article_id":91219,"class_id":0,"name":"12\/14A","on_standby":false,"stock_local":0,"stock_global":783,"multiple":1,"estimated_date_reassort":null,"is_destocking":false},{"id":482,"article_id":91220,"class_id":0,"name":"15\/16A","on_standby":false,"stock_local":0,"stock_global":111,"multiple":1,"estimated_date_reassort":null,"is_destocking":false}],"page_links":{"fr":"\/fr\/p-so-32300-surf-kids-coupe-vent-enfant-32300-2876\/noir-3107\/","en":"\/en\/p-so-32300-surf-kids-kids-windbreaker-32300-2876\/noir-3107\/","de":"\/de\/p-so-32300-surf-kids-kinderjacke-32300-2876\/noir-3107\/","nl":"\/nl\/p-so-32300-surf-kids-kinderen-windbreker-32300-2876\/noir-3107\/","es":"\/es\/p-so-32300-surf-kids-abrigo-cortavientos-nino-32300-2876\/noir-3107\/","it":"\/it\/p-so-32300-surf-kids-giacca-a-vento-bambino-32300-2876\/noir-3107\/","sv":"\/sv\/p-so-32300-surf-kids-barnvindskydd-32300-2876\/noir-3107\/","pt":"\/pt\/p-so-32300-surf-kids-jaqueta-infantil-impermeavel-32300-2876\/noir-3107\/","da":"\/da\/p-so-32300-surf-kids-borns-vindtaet-jakke-32300-2876\/noir-3107\/","pl":"\/pl\/p-so-32300-surf-kids-dzieciecy-kurtka-wiatroodporna-32300-2876\/noir-3107\/"},"page_links_customization":{"fr":"\/fr\/p-so-32300-surf-kids-coupe-vent-enfant-32300-personnalisation-2876\/noir-3107\/custom\/","en":"\/en\/p-so-32300-surf-kids-windbreaker-kid-32300-customization-2876\/noir-3107\/custom\/","de":"\/de\/p-so-32300-surf-kids-kinderwindjacke-32300-personalisierung-2876\/noir-3107\/custom\/","nl":"\/nl\/p-so-32300-surf-kids-kinder-jas-32300-aanpassing-2876\/noir-3107\/custom\/","es":"\/es\/p-so-32300-surf-kids-chaqueta-impermeable-para-ninos-32300-personalizacion-2876\/noir-3107\/custom\/","it":"\/it\/p-so-32300-giacca-a-vento-per-bambini-32300-personalizzazione-2876\/noir-3107\/custom\/","sv":"\/sv\/p-so-32300-surf-kids-barn-jacka-32300-personalisering-2876\/noir-3107\/custom\/","pt":"\/pt\/p-so-32300-surf-kids-jaqueta-corta-vento-infantil-32300-personalizacao-2876\/noir-3107\/custom\/","da":"\/da\/p-so-32300-surf-kids-borns-vindtaet-jakke-32300-personificering-2876\/noir-3107\/custom\/","pl":"\/pl\/p-so-32300-surf-kids-kurtka-wiatrochronna-dla-dzieci-32300-personalizacja-2876\/noir-3107\/custom\/"}},{"id":3108,"name":"marine","class_ids":[2],"codes_hexa":["182433"],"delai_24":false,"has_3d":true,"seuil_global":0,"stock_local":0,"stock_global":2276,"on_standby":false,"in_catalog":true,"images":{"miniature":["https:\/\/media.th4.com\/GP6e8trxSTaNchur5pedufFGEjLug1Pgz5OCiX3xnUE\/pr:80\/aHR0cDovL21lZGlhMi5kZXNpZ25wYXJ0bmVyLmZyL2MvcC8yODc2LzI4NzYtMzEwOC0xLmpwZw?v=1610016306","https:\/\/media.th4.com\/9PL-3CfktT1jFd3QuUgZbTnwmPghA07NWiB-Es7WiGw\/pr:80\/aHR0cDovL21lZGlhMi5kZXNpZ25wYXJ0bmVyLmZyL2MvcC8yODc2LzI4NzYtMzEwOC0yLmpwZw?v=1610016306","https:\/\/media.th4.com\/3g6mxp8vnUSajwjTESQ62AHtWveExp7_wRsKvJr_4YM\/pr:80\/aHR0cDovL21lZGlhMi5kZXNpZ25wYXJ0bmVyLmZyL2MvcC8yODc2LzI4NzYtMzEwOC0zLmpwZw?v=1610016306"],"medium":["https:\/\/media.th4.com\/oLC6cJeGI-IpgD1rDlhpGg2zpJFwgpMslpBqXQeEtKE\/pr:550x550\/aHR0cDovL21lZGlhMi5kZXNpZ25wYXJ0bmVyLmZyL2MvcC8yODc2LzI4NzYtMzEwOC0xLmpwZw?v=1610016306","https:\/\/media.th4.com\/PNearvwJ4nnV4eoJE54oFy76bY1hi-3DF3pBFfTv2S4\/pr:550x550\/aHR0cDovL21lZGlhMi5kZXNpZ25wYXJ0bmVyLmZyL2MvcC8yODc2LzI4NzYtMzEwOC0yLmpwZw?v=1610016306","https:\/\/media.th4.com\/mDRU_WCCmYsisXOv1Fzfhq-2684ewfOe_9_AZRDPRqM\/pr:550x550\/aHR0cDovL21lZGlhMi5kZXNpZ25wYXJ0bmVyLmZyL2MvcC8yODc2LzI4NzYtMzEwOC0zLmpwZw?v=1610016306"],"medium_large":["https:\/\/media.th4.com\/dgRCXUy57E-_32Pg3RNnseIVLv0QkS2Nucxw2v8y-IA\/pr:1000x1000\/aHR0cDovL21lZGlhMi5kZXNpZ25wYXJ0bmVyLmZyL2MvcC8yODc2LzI4NzYtMzEwOC0xLmpwZw?v=1610016306","https:\/\/media.th4.com\/IZPEfIgQG4BVJsKao8f0o76IGdI2yllYL4tgolq2lRs\/pr:1000x1000\/aHR0cDovL21lZGlhMi5kZXNpZ25wYXJ0bmVyLmZyL2MvcC8yODc2LzI4NzYtMzEwOC0yLmpwZw?v=1610016306","https:\/\/media.th4.com\/_ZE5QswzSRVlS_h3EcUumR3nMROMrzRAnOpn5MbG4bQ\/pr:1000x1000\/aHR0cDovL21lZGlhMi5kZXNpZ25wYXJ0bmVyLmZyL2MvcC8yODc2LzI4NzYtMzEwOC0zLmpwZw?v=1610016306"],"large":["https:\/\/media.th4.com\/DHRb_ZVmVCptU5FHQtxM5QaNRiYARpzkc3PFJOEDhpY\/pr:1920\/aHR0cDovL21lZGlhMi5kZXNpZ25wYXJ0bmVyLmZyL2MvcC8yODc2LzI4NzYtMzEwOC0xLmpwZw?v=1610016306","https:\/\/media.th4.com\/WGCrc6Juk_E9aHWw4xGNyXuFYUqWiC539eU5_V-Ea7g\/pr:1920\/aHR0cDovL21lZGlhMi5kZXNpZ25wYXJ0bmVyLmZyL2MvcC8yODc2LzI4NzYtMzEwOC0yLmpwZw?v=1610016306","https:\/\/media.th4.com\/z1ba13fGxtZt0JiZTjSoF6lm0mmkntdd61XiLKXByD4\/pr:1920\/aHR0cDovL21lZGlhMi5kZXNpZ25wYXJ0bmVyLmZyL2MvcC8yODc2LzI4NzYtMzEwOC0zLmpwZw?v=1610016306"],"opengraph":["https:\/\/media.th4.com\/W8uipuQiK7PuqtkgazrHYZNH1hKL08wTHhx7k6k8bYs\/pr:1200x630\/aHR0cDovL21lZGlhMi5kZXNpZ25wYXJ0bmVyLmZyL2MvcC8yODc2LzI4NzYtMzEwOC0xLmpwZw?v=1610016306","https:\/\/media.th4.com\/wgIgbqNTtIqi_1Yzgdt94cw3ytaJ6fr22KjvEi6nSMY\/pr:1200x630\/aHR0cDovL21lZGlhMi5kZXNpZ25wYXJ0bmVyLmZyL2MvcC8yODc2LzI4NzYtMzEwOC0yLmpwZw?v=1610016306","https:\/\/media.th4.com\/3LHtTinsBTO5-IY0y5B17mmXkcjgHPUpYzwXGWadsJU\/pr:1200x630\/aHR0cDovL21lZGlhMi5kZXNpZ25wYXJ0bmVyLmZyL2MvcC8yODc2LzI4NzYtMzEwOC0zLmpwZw?v=1610016306"]},"images_customization":{"miniature":["https:\/\/media.th4.com\/GP6e8trxSTaNchur5pedufFGEjLug1Pgz5OCiX3xnUE\/pr:80\/aHR0cDovL21lZGlhMi5kZXNpZ25wYXJ0bmVyLmZyL2MvcC8yODc2LzI4NzYtMzEwOC0xLmpwZw?v=1610016306","https:\/\/media.th4.com\/9PL-3CfktT1jFd3QuUgZbTnwmPghA07NWiB-Es7WiGw\/pr:80\/aHR0cDovL21lZGlhMi5kZXNpZ25wYXJ0bmVyLmZyL2MvcC8yODc2LzI4NzYtMzEwOC0yLmpwZw?v=1610016306","https:\/\/media.th4.com\/3g6mxp8vnUSajwjTESQ62AHtWveExp7_wRsKvJr_4YM\/pr:80\/aHR0cDovL21lZGlhMi5kZXNpZ25wYXJ0bmVyLmZyL2MvcC8yODc2LzI4NzYtMzEwOC0zLmpwZw?v=1610016306"],"medium":["https:\/\/media.th4.com\/oLC6cJeGI-IpgD1rDlhpGg2zpJFwgpMslpBqXQeEtKE\/pr:550x550\/aHR0cDovL21lZGlhMi5kZXNpZ25wYXJ0bmVyLmZyL2MvcC8yODc2LzI4NzYtMzEwOC0xLmpwZw?v=1610016306","https:\/\/media.th4.com\/PNearvwJ4nnV4eoJE54oFy76bY1hi-3DF3pBFfTv2S4\/pr:550x550\/aHR0cDovL21lZGlhMi5kZXNpZ25wYXJ0bmVyLmZyL2MvcC8yODc2LzI4NzYtMzEwOC0yLmpwZw?v=1610016306","https:\/\/media.th4.com\/mDRU_WCCmYsisXOv1Fzfhq-2684ewfOe_9_AZRDPRqM\/pr:550x550\/aHR0cDovL21lZGlhMi5kZXNpZ25wYXJ0bmVyLmZyL2MvcC8yODc2LzI4NzYtMzEwOC0zLmpwZw?v=1610016306"],"medium_large":["https:\/\/media.th4.com\/dgRCXUy57E-_32Pg3RNnseIVLv0QkS2Nucxw2v8y-IA\/pr:1000x1000\/aHR0cDovL21lZGlhMi5kZXNpZ25wYXJ0bmVyLmZyL2MvcC8yODc2LzI4NzYtMzEwOC0xLmpwZw?v=1610016306","https:\/\/media.th4.com\/IZPEfIgQG4BVJsKao8f0o76IGdI2yllYL4tgolq2lRs\/pr:1000x1000\/aHR0cDovL21lZGlhMi5kZXNpZ25wYXJ0bmVyLmZyL2MvcC8yODc2LzI4NzYtMzEwOC0yLmpwZw?v=1610016306","https:\/\/media.th4.com\/_ZE5QswzSRVlS_h3EcUumR3nMROMrzRAnOpn5MbG4bQ\/pr:1000x1000\/aHR0cDovL21lZGlhMi5kZXNpZ25wYXJ0bmVyLmZyL2MvcC8yODc2LzI4NzYtMzEwOC0zLmpwZw?v=1610016306"],"large":["https:\/\/media.th4.com\/DHRb_ZVmVCptU5FHQtxM5QaNRiYARpzkc3PFJOEDhpY\/pr:1920\/aHR0cDovL21lZGlhMi5kZXNpZ25wYXJ0bmVyLmZyL2MvcC8yODc2LzI4NzYtMzEwOC0xLmpwZw?v=1610016306","https:\/\/media.th4.com\/WGCrc6Juk_E9aHWw4xGNyXuFYUqWiC539eU5_V-Ea7g\/pr:1920\/aHR0cDovL21lZGlhMi5kZXNpZ25wYXJ0bmVyLmZyL2MvcC8yODc2LzI4NzYtMzEwOC0yLmpwZw?v=1610016306","https:\/\/media.th4.com\/z1ba13fGxtZt0JiZTjSoF6lm0mmkntdd61XiLKXByD4\/pr:1920\/aHR0cDovL21lZGlhMi5kZXNpZ25wYXJ0bmVyLmZyL2MvcC8yODc2LzI4NzYtMzEwOC0zLmpwZw?v=1610016306"],"opengraph":["https:\/\/media.th4.com\/W8uipuQiK7PuqtkgazrHYZNH1hKL08wTHhx7k6k8bYs\/pr:1200x630\/aHR0cDovL21lZGlhMi5kZXNpZ25wYXJ0bmVyLmZyL2MvcC8yODc2LzI4NzYtMzEwOC0xLmpwZw?v=1610016306","https:\/\/media.th4.com\/wgIgbqNTtIqi_1Yzgdt94cw3ytaJ6fr22KjvEi6nSMY\/pr:1200x630\/aHR0cDovL21lZGlhMi5kZXNpZ25wYXJ0bmVyLmZyL2MvcC8yODc2LzI4NzYtMzEwOC0yLmpwZw?v=1610016306","https:\/\/media.th4.com\/3LHtTinsBTO5-IY0y5B17mmXkcjgHPUpYzwXGWadsJU\/pr:1200x630\/aHR0cDovL21lZGlhMi5kZXNpZ25wYXJ0bmVyLmZyL2MvcC8yODc2LzI4NzYtMzEwOC0zLmpwZw?v=1610016306"]},"country_origin":"BD","traceability":{"manufacturing_country_id":59,"weaving_country_id":61,"dyeing_country_id":61},"sizes":[{"id":1154,"article_id":218119,"class_id":0,"name":"05\/06A","on_standby":false,"stock_local":0,"stock_global":801,"multiple":1,"estimated_date_reassort":null,"is_destocking":false},{"id":1155,"article_id":218120,"class_id":0,"name":"07\/08A","on_standby":false,"stock_local":0,"stock_global":18,"multiple":1,"estimated_date_reassort":null,"is_destocking":false},{"id":1156,"article_id":218121,"class_id":0,"name":"09\/11A","on_standby":false,"stock_local":0,"stock_global":498,"multiple":1,"estimated_date_reassort":null,"is_destocking":false},{"id":481,"article_id":90212,"class_id":0,"name":"12\/14A","on_standby":false,"stock_local":0,"stock_global":4,"multiple":1,"estimated_date_reassort":null,"is_destocking":false},{"id":482,"article_id":90213,"class_id":0,"name":"15\/16A","on_standby":false,"stock_local":0,"stock_global":955,"multiple":1,"estimated_date_reassort":null,"is_destocking":false}],"page_links":{"fr":"\/fr\/p-so-32300-surf-kids-coupe-vent-enfant-32300-2876\/marine-3108\/","en":"\/en\/p-so-32300-surf-kids-kids-windbreaker-32300-2876\/marine-3108\/","de":"\/de\/p-so-32300-surf-kids-kinderjacke-32300-2876\/marine-3108\/","nl":"\/nl\/p-so-32300-surf-kids-kinderen-windbreker-32300-2876\/marine-3108\/","es":"\/es\/p-so-32300-surf-kids-abrigo-cortavientos-nino-32300-2876\/marine-3108\/","it":"\/it\/p-so-32300-surf-kids-giacca-a-vento-bambino-32300-2876\/marine-3108\/","sv":"\/sv\/p-so-32300-surf-kids-barnvindskydd-32300-2876\/marine-3108\/","pt":"\/pt\/p-so-32300-surf-kids-jaqueta-infantil-impermeavel-32300-2876\/marine-3108\/","da":"\/da\/p-so-32300-surf-kids-borns-vindtaet-jakke-32300-2876\/marine-3108\/","pl":"\/pl\/p-so-32300-surf-kids-dzieciecy-kurtka-wiatroodporna-32300-2876\/marine-3108\/"},"page_links_customization":{"fr":"\/fr\/p-so-32300-surf-kids-coupe-vent-enfant-32300-personnalisation-2876\/marine-3108\/custom\/","en":"\/en\/p-so-32300-surf-kids-windbreaker-kid-32300-customization-2876\/marine-3108\/custom\/","de":"\/de\/p-so-32300-surf-kids-kinderwindjacke-32300-personalisierung-2876\/marine-3108\/custom\/","nl":"\/nl\/p-so-32300-surf-kids-kinder-jas-32300-aanpassing-2876\/marine-3108\/custom\/","es":"\/es\/p-so-32300-surf-kids-chaqueta-impermeable-para-ninos-32300-personalizacion-2876\/marine-3108\/custom\/","it":"\/it\/p-so-32300-giacca-a-vento-per-bambini-32300-personalizzazione-2876\/marine-3108\/custom\/","sv":"\/sv\/p-so-32300-surf-kids-barn-jacka-32300-personalisering-2876\/marine-3108\/custom\/","pt":"\/pt\/p-so-32300-surf-kids-jaqueta-corta-vento-infantil-32300-personalizacao-2876\/marine-3108\/custom\/","da":"\/da\/p-so-32300-surf-kids-borns-vindtaet-jakke-32300-personificering-2876\/marine-3108\/custom\/","pl":"\/pl\/p-so-32300-surf-kids-kurtka-wiatrochronna-dla-dzieci-32300-personalizacja-2876\/marine-3108\/custom\/"}},{"id":3119,"name":"orange","class_ids":[9],"codes_hexa":["f06733"],"delai_24":false,"has_3d":true,"seuil_global":0,"stock_local":0,"stock_global":1260,"on_standby":false,"in_catalog":true,"images":{"miniature":["https:\/\/media.th4.com\/xlFnznPNCV1xVwmZbfeWNXHZ905d61usNKATZaettw4\/pr:80\/aHR0cDovL21lZGlhMi5kZXNpZ25wYXJ0bmVyLmZyL2MvcC8yODc2LzI4NzYtMzExOS0xLmpwZw?v=1610016309","https:\/\/media.th4.com\/_Nf9IU19rbHbJ12__t3fbV5vgObIi5Q-KQUuodrD7Po\/pr:80\/aHR0cDovL21lZGlhMi5kZXNpZ25wYXJ0bmVyLmZyL2MvcC8yODc2LzI4NzYtMzExOS0yLmpwZw?v=1610016309","https:\/\/media.th4.com\/PiDbWkk7XZdHjGFVdYx-jgt0y6Cold2xtcA_dhCjkKU\/pr:80\/aHR0cDovL21lZGlhMi5kZXNpZ25wYXJ0bmVyLmZyL2MvcC8yODc2LzI4NzYtMzExOS0zLmpwZw?v=1610016309"],"medium":["https:\/\/media.th4.com\/VscxTHdJbrZ6SmJtfzQgf2oGqaruEPPpjmnchZByoFM\/pr:550x550\/aHR0cDovL21lZGlhMi5kZXNpZ25wYXJ0bmVyLmZyL2MvcC8yODc2LzI4NzYtMzExOS0xLmpwZw?v=1610016309","https:\/\/media.th4.com\/UqD-pbe5Y1OfoTWopn9inwz7tevfID_RJ_tI3QTHtRI\/pr:550x550\/aHR0cDovL21lZGlhMi5kZXNpZ25wYXJ0bmVyLmZyL2MvcC8yODc2LzI4NzYtMzExOS0yLmpwZw?v=1610016309","https:\/\/media.th4.com\/AQLvwqdUy-WyHC3mKUfN4gbRT3IB2mNlBj7KOyaYvRc\/pr:550x550\/aHR0cDovL21lZGlhMi5kZXNpZ25wYXJ0bmVyLmZyL2MvcC8yODc2LzI4NzYtMzExOS0zLmpwZw?v=1610016309"],"medium_large":["https:\/\/media.th4.com\/YPGrkgDH-sHoio71qLlY0JhmeKI9k5Efr4ShMWWKx-A\/pr:1000x1000\/aHR0cDovL21lZGlhMi5kZXNpZ25wYXJ0bmVyLmZyL2MvcC8yODc2LzI4NzYtMzExOS0xLmpwZw?v=1610016309","https:\/\/media.th4.com\/xYuGP6qD2BdJ_SdZXZaoZ6ojCyP-rSekApGeR-XwDB4\/pr:1000x1000\/aHR0cDovL21lZGlhMi5kZXNpZ25wYXJ0bmVyLmZyL2MvcC8yODc2LzI4NzYtMzExOS0yLmpwZw?v=1610016309","https:\/\/media.th4.com\/_sxvPrn-Glem4rZSPEBbTIomISisb22PQIqZHGWm0WQ\/pr:1000x1000\/aHR0cDovL21lZGlhMi5kZXNpZ25wYXJ0bmVyLmZyL2MvcC8yODc2LzI4NzYtMzExOS0zLmpwZw?v=1610016309"],"large":["https:\/\/media.th4.com\/AbnePTtkPfRiZPN7mA8_28GbqafMqje_MUA2T2rDEr8\/pr:1920\/aHR0cDovL21lZGlhMi5kZXNpZ25wYXJ0bmVyLmZyL2MvcC8yODc2LzI4NzYtMzExOS0xLmpwZw?v=1610016309","https:\/\/media.th4.com\/WcPEWrlOwl5EXjE93jAGoMSxC4vGjmMRyG3qA6qJ2vg\/pr:1920\/aHR0cDovL21lZGlhMi5kZXNpZ25wYXJ0bmVyLmZyL2MvcC8yODc2LzI4NzYtMzExOS0yLmpwZw?v=1610016309","https:\/\/media.th4.com\/_pwmPOVhXdXzqJwqBZu2WgN4NJGbtexCN7VvRFpAeaU\/pr:1920\/aHR0cDovL21lZGlhMi5kZXNpZ25wYXJ0bmVyLmZyL2MvcC8yODc2LzI4NzYtMzExOS0zLmpwZw?v=1610016309"],"opengraph":["https:\/\/media.th4.com\/-SVxXqaGeXdnnySKBH7kfYOsllIG70bN7ZDdKLQihYI\/pr:1200x630\/aHR0cDovL21lZGlhMi5kZXNpZ25wYXJ0bmVyLmZyL2MvcC8yODc2LzI4NzYtMzExOS0xLmpwZw?v=1610016309","https:\/\/media.th4.com\/tG1iIoJyQOmCrR1jyAGG6r1V8Bmlh4ltRKDXsMfH6jg\/pr:1200x630\/aHR0cDovL21lZGlhMi5kZXNpZ25wYXJ0bmVyLmZyL2MvcC8yODc2LzI4NzYtMzExOS0yLmpwZw?v=1610016309","https:\/\/media.th4.com\/NruZEElvZPoOlCuUjKkLEvBqrCsFqZQPgj4mfXR8Jls\/pr:1200x630\/aHR0cDovL21lZGlhMi5kZXNpZ25wYXJ0bmVyLmZyL2MvcC8yODc2LzI4NzYtMzExOS0zLmpwZw?v=1610016309"]},"images_customization":{"miniature":["https:\/\/media.th4.com\/xlFnznPNCV1xVwmZbfeWNXHZ905d61usNKATZaettw4\/pr:80\/aHR0cDovL21lZGlhMi5kZXNpZ25wYXJ0bmVyLmZyL2MvcC8yODc2LzI4NzYtMzExOS0xLmpwZw?v=1610016309","https:\/\/media.th4.com\/_Nf9IU19rbHbJ12__t3fbV5vgObIi5Q-KQUuodrD7Po\/pr:80\/aHR0cDovL21lZGlhMi5kZXNpZ25wYXJ0bmVyLmZyL2MvcC8yODc2LzI4NzYtMzExOS0yLmpwZw?v=1610016309","https:\/\/media.th4.com\/PiDbWkk7XZdHjGFVdYx-jgt0y6Cold2xtcA_dhCjkKU\/pr:80\/aHR0cDovL21lZGlhMi5kZXNpZ25wYXJ0bmVyLmZyL2MvcC8yODc2LzI4NzYtMzExOS0zLmpwZw?v=1610016309"],"medium":["https:\/\/media.th4.com\/VscxTHdJbrZ6SmJtfzQgf2oGqaruEPPpjmnchZByoFM\/pr:550x550\/aHR0cDovL21lZGlhMi5kZXNpZ25wYXJ0bmVyLmZyL2MvcC8yODc2LzI4NzYtMzExOS0xLmpwZw?v=1610016309","https:\/\/media.th4.com\/UqD-pbe5Y1OfoTWopn9inwz7tevfID_RJ_tI3QTHtRI\/pr:550x550\/aHR0cDovL21lZGlhMi5kZXNpZ25wYXJ0bmVyLmZyL2MvcC8yODc2LzI4NzYtMzExOS0yLmpwZw?v=1610016309","https:\/\/media.th4.com\/AQLvwqdUy-WyHC3mKUfN4gbRT3IB2mNlBj7KOyaYvRc\/pr:550x550\/aHR0cDovL21lZGlhMi5kZXNpZ25wYXJ0bmVyLmZyL2MvcC8yODc2LzI4NzYtMzExOS0zLmpwZw?v=1610016309"],"medium_large":["https:\/\/media.th4.com\/YPGrkgDH-sHoio71qLlY0JhmeKI9k5Efr4ShMWWKx-A\/pr:1000x1000\/aHR0cDovL21lZGlhMi5kZXNpZ25wYXJ0bmVyLmZyL2MvcC8yODc2LzI4NzYtMzExOS0xLmpwZw?v=1610016309","https:\/\/media.th4.com\/xYuGP6qD2BdJ_SdZXZaoZ6ojCyP-rSekApGeR-XwDB4\/pr:1000x1000\/aHR0cDovL21lZGlhMi5kZXNpZ25wYXJ0bmVyLmZyL2MvcC8yODc2LzI4NzYtMzExOS0yLmpwZw?v=1610016309","https:\/\/media.th4.com\/_sxvPrn-Glem4rZSPEBbTIomISisb22PQIqZHGWm0WQ\/pr:1000x1000\/aHR0cDovL21lZGlhMi5kZXNpZ25wYXJ0bmVyLmZyL2MvcC8yODc2LzI4NzYtMzExOS0zLmpwZw?v=1610016309"],"large":["https:\/\/media.th4.com\/AbnePTtkPfRiZPN7mA8_28GbqafMqje_MUA2T2rDEr8\/pr:1920\/aHR0cDovL21lZGlhMi5kZXNpZ25wYXJ0bmVyLmZyL2MvcC8yODc2LzI4NzYtMzExOS0xLmpwZw?v=1610016309","https:\/\/media.th4.com\/WcPEWrlOwl5EXjE93jAGoMSxC4vGjmMRyG3qA6qJ2vg\/pr:1920\/aHR0cDovL21lZGlhMi5kZXNpZ25wYXJ0bmVyLmZyL2MvcC8yODc2LzI4NzYtMzExOS0yLmpwZw?v=1610016309","https:\/\/media.th4.com\/_pwmPOVhXdXzqJwqBZu2WgN4NJGbtexCN7VvRFpAeaU\/pr:1920\/aHR0cDovL21lZGlhMi5kZXNpZ25wYXJ0bmVyLmZyL2MvcC8yODc2LzI4NzYtMzExOS0zLmpwZw?v=1610016309"],"opengraph":["https:\/\/media.th4.com\/-SVxXqaGeXdnnySKBH7kfYOsllIG70bN7ZDdKLQihYI\/pr:1200x630\/aHR0cDovL21lZGlhMi5kZXNpZ25wYXJ0bmVyLmZyL2MvcC8yODc2LzI4NzYtMzExOS0xLmpwZw?v=1610016309","https:\/\/media.th4.com\/tG1iIoJyQOmCrR1jyAGG6r1V8Bmlh4ltRKDXsMfH6jg\/pr:1200x630\/aHR0cDovL21lZGlhMi5kZXNpZ25wYXJ0bmVyLmZyL2MvcC8yODc2LzI4NzYtMzExOS0yLmpwZw?v=1610016309","https:\/\/media.th4.com\/NruZEElvZPoOlCuUjKkLEvBqrCsFqZQPgj4mfXR8Jls\/pr:1200x630\/aHR0cDovL21lZGlhMi5kZXNpZ25wYXJ0bmVyLmZyL2MvcC8yODc2LzI4NzYtMzExOS0zLmpwZw?v=1610016309"]},"country_origin":"BD","traceability":{"manufacturing_country_id":59,"weaving_country_id":61,"dyeing_country_id":61},"sizes":[{"id":1154,"article_id":218125,"class_id":0,"name":"05\/06A","on_standby":false,"stock_local":0,"stock_global":235,"multiple":1,"estimated_date_reassort":null,"is_destocking":false},{"id":1155,"article_id":218126,"class_id":0,"name":"07\/08A","on_standby":false,"stock_local":0,"stock_global":215,"multiple":1,"estimated_date_reassort":null,"is_destocking":false},{"id":1156,"article_id":218127,"class_id":0,"name":"09\/11A","on_standby":false,"stock_local":0,"stock_global":269,"multiple":1,"estimated_date_reassort":null,"is_destocking":false},{"id":481,"article_id":90217,"class_id":0,"name":"12\/14A","on_standby":false,"stock_local":0,"stock_global":230,"multiple":1,"estimated_date_reassort":null,"is_destocking":false},{"id":482,"article_id":90218,"class_id":0,"name":"15\/16A","on_standby":false,"stock_local":0,"stock_global":311,"multiple":1,"estimated_date_reassort":null,"is_destocking":false}],"page_links":{"fr":"\/fr\/p-so-32300-surf-kids-coupe-vent-enfant-32300-2876\/orange-3119\/","en":"\/en\/p-so-32300-surf-kids-kids-windbreaker-32300-2876\/orange-3119\/","de":"\/de\/p-so-32300-surf-kids-kinderjacke-32300-2876\/orange-3119\/","nl":"\/nl\/p-so-32300-surf-kids-kinderen-windbreker-32300-2876\/orange-3119\/","es":"\/es\/p-so-32300-surf-kids-abrigo-cortavientos-nino-32300-2876\/orange-3119\/","it":"\/it\/p-so-32300-surf-kids-giacca-a-vento-bambino-32300-2876\/orange-3119\/","sv":"\/sv\/p-so-32300-surf-kids-barnvindskydd-32300-2876\/orange-3119\/","pt":"\/pt\/p-so-32300-surf-kids-jaqueta-infantil-impermeavel-32300-2876\/orange-3119\/","da":"\/da\/p-so-32300-surf-kids-borns-vindtaet-jakke-32300-2876\/orange-3119\/","pl":"\/pl\/p-so-32300-surf-kids-dzieciecy-kurtka-wiatroodporna-32300-2876\/orange-3119\/"},"page_links_customization":{"fr":"\/fr\/p-so-32300-surf-kids-coupe-vent-enfant-32300-personnalisation-2876\/orange-3119\/custom\/","en":"\/en\/p-so-32300-surf-kids-windbreaker-kid-32300-customization-2876\/orange-3119\/custom\/","de":"\/de\/p-so-32300-surf-kids-kinderwindjacke-32300-personalisierung-2876\/orange-3119\/custom\/","nl":"\/nl\/p-so-32300-surf-kids-kinder-jas-32300-aanpassing-2876\/orange-3119\/custom\/","es":"\/es\/p-so-32300-surf-kids-chaqueta-impermeable-para-ninos-32300-personalizacion-2876\/orange-3119\/custom\/","it":"\/it\/p-so-32300-giacca-a-vento-per-bambini-32300-personalizzazione-2876\/orange-3119\/custom\/","sv":"\/sv\/p-so-32300-surf-kids-barn-jacka-32300-personalisering-2876\/orange-3119\/custom\/","pt":"\/pt\/p-so-32300-surf-kids-jaqueta-corta-vento-infantil-32300-personalizacao-2876\/orange-3119\/custom\/","da":"\/da\/p-so-32300-surf-kids-borns-vindtaet-jakke-32300-personificering-2876\/orange-3119\/custom\/","pl":"\/pl\/p-so-32300-surf-kids-kurtka-wiatrochronna-dla-dzieci-32300-personalizacja-2876\/orange-3119\/custom\/"}},{"id":3115,"name":"jaune","class_ids":[12],"codes_hexa":["fec440"],"delai_24":false,"has_3d":true,"seuil_global":0,"stock_local":0,"stock_global":0,"on_standby":true,"in_catalog":false,"images":{"miniature":["https:\/\/media.th4.com\/Mp70DvFXgY4ZRUz8273sFg3f17nEhNQveTWbUpOnwQ0\/pr:80\/aHR0cDovL21lZGlhMi5kZXNpZ25wYXJ0bmVyLmZyL2MvcC8yODc2LzI4NzYtMzExNS0xLmpwZw?v=1610016309","https:\/\/media.th4.com\/qKf0p_2aaw-mWf3wkGfVgp96mQM8vEyAdMlJWkrpkzA\/pr:80\/aHR0cDovL21lZGlhMi5kZXNpZ25wYXJ0bmVyLmZyL2MvcC8yODc2LzI4NzYtMzExNS0yLmpwZw?v=1610016309","https:\/\/media.th4.com\/qoaE-Qme8IKpwzckQxnKrbuC7UbwJ_klhtSZxmqnSx0\/pr:80\/aHR0cDovL21lZGlhMi5kZXNpZ25wYXJ0bmVyLmZyL2MvcC8yODc2LzI4NzYtMzExNS0zLmpwZw?v=1610016309"],"medium":["https:\/\/media.th4.com\/jx5NlKyfIRri7BxU6FVveS2hfAeCJ3PozzYUM8JMVB0\/pr:550x550\/aHR0cDovL21lZGlhMi5kZXNpZ25wYXJ0bmVyLmZyL2MvcC8yODc2LzI4NzYtMzExNS0xLmpwZw?v=1610016309","https:\/\/media.th4.com\/mzbid63qwNjSkBUvoej9Gx897B4QcRXHOiDDtrfooKE\/pr:550x550\/aHR0cDovL21lZGlhMi5kZXNpZ25wYXJ0bmVyLmZyL2MvcC8yODc2LzI4NzYtMzExNS0yLmpwZw?v=1610016309","https:\/\/media.th4.com\/2VmsHMzW9PmjAmrMgl1o5WckJl13HBe81thn-C0-HO0\/pr:550x550\/aHR0cDovL21lZGlhMi5kZXNpZ25wYXJ0bmVyLmZyL2MvcC8yODc2LzI4NzYtMzExNS0zLmpwZw?v=1610016309"],"medium_large":["https:\/\/media.th4.com\/C2Q-gTDKofJ4PMoNyMku6-h64cLra9h94dSmZi7U6ZE\/pr:1000x1000\/aHR0cDovL21lZGlhMi5kZXNpZ25wYXJ0bmVyLmZyL2MvcC8yODc2LzI4NzYtMzExNS0xLmpwZw?v=1610016309","https:\/\/media.th4.com\/Ic3P6V8LFN587ZORXSXO3_vBOb7DlCRnOFEQgNz-w4o\/pr:1000x1000\/aHR0cDovL21lZGlhMi5kZXNpZ25wYXJ0bmVyLmZyL2MvcC8yODc2LzI4NzYtMzExNS0yLmpwZw?v=1610016309","https:\/\/media.th4.com\/teSkxAO6E-bZQhnU58O9qRowWWQxu31ctXrTNE5oa0s\/pr:1000x1000\/aHR0cDovL21lZGlhMi5kZXNpZ25wYXJ0bmVyLmZyL2MvcC8yODc2LzI4NzYtMzExNS0zLmpwZw?v=1610016309"],"large":["https:\/\/media.th4.com\/82h2xuIQdtIjFN88931MavzZnHIz7fl4M21GBloKW68\/pr:1920\/aHR0cDovL21lZGlhMi5kZXNpZ25wYXJ0bmVyLmZyL2MvcC8yODc2LzI4NzYtMzExNS0xLmpwZw?v=1610016309","https:\/\/media.th4.com\/_JCb0QuGx5TanWiTkrAC3XHz2JVG7DfUvgvRz6urD6I\/pr:1920\/aHR0cDovL21lZGlhMi5kZXNpZ25wYXJ0bmVyLmZyL2MvcC8yODc2LzI4NzYtMzExNS0yLmpwZw?v=1610016309","https:\/\/media.th4.com\/Toi_SP2E-VA93M2Eodr-GgeEF0Z4L8g-VHSJWS7863o\/pr:1920\/aHR0cDovL21lZGlhMi5kZXNpZ25wYXJ0bmVyLmZyL2MvcC8yODc2LzI4NzYtMzExNS0zLmpwZw?v=1610016309"],"opengraph":["https:\/\/media.th4.com\/NYziKZ0zu2-4bWb4b1UUaGTdpKaOnYkzZVGZ5zwqzIc\/pr:1200x630\/aHR0cDovL21lZGlhMi5kZXNpZ25wYXJ0bmVyLmZyL2MvcC8yODc2LzI4NzYtMzExNS0xLmpwZw?v=1610016309","https:\/\/media.th4.com\/Fh2jDKbqbAX9OM6Xtc_CkLav-47IQsU9SCPoRTkkzQo\/pr:1200x630\/aHR0cDovL21lZGlhMi5kZXNpZ25wYXJ0bmVyLmZyL2MvcC8yODc2LzI4NzYtMzExNS0yLmpwZw?v=1610016309","https:\/\/media.th4.com\/z59mDNO8ja7t_cNTc3jucX1EywkXZIRp1fwQ9-Fe3b8\/pr:1200x630\/aHR0cDovL21lZGlhMi5kZXNpZ25wYXJ0bmVyLmZyL2MvcC8yODc2LzI4NzYtMzExNS0zLmpwZw?v=1610016309"]},"images_customization":{"miniature":["https:\/\/media.th4.com\/Mp70DvFXgY4ZRUz8273sFg3f17nEhNQveTWbUpOnwQ0\/pr:80\/aHR0cDovL21lZGlhMi5kZXNpZ25wYXJ0bmVyLmZyL2MvcC8yODc2LzI4NzYtMzExNS0xLmpwZw?v=1610016309","https:\/\/media.th4.com\/qKf0p_2aaw-mWf3wkGfVgp96mQM8vEyAdMlJWkrpkzA\/pr:80\/aHR0cDovL21lZGlhMi5kZXNpZ25wYXJ0bmVyLmZyL2MvcC8yODc2LzI4NzYtMzExNS0yLmpwZw?v=1610016309","https:\/\/media.th4.com\/qoaE-Qme8IKpwzckQxnKrbuC7UbwJ_klhtSZxmqnSx0\/pr:80\/aHR0cDovL21lZGlhMi5kZXNpZ25wYXJ0bmVyLmZyL2MvcC8yODc2LzI4NzYtMzExNS0zLmpwZw?v=1610016309"],"medium":["https:\/\/media.th4.com\/jx5NlKyfIRri7BxU6FVveS2hfAeCJ3PozzYUM8JMVB0\/pr:550x550\/aHR0cDovL21lZGlhMi5kZXNpZ25wYXJ0bmVyLmZyL2MvcC8yODc2LzI4NzYtMzExNS0xLmpwZw?v=1610016309","https:\/\/media.th4.com\/mzbid63qwNjSkBUvoej9Gx897B4QcRXHOiDDtrfooKE\/pr:550x550\/aHR0cDovL21lZGlhMi5kZXNpZ25wYXJ0bmVyLmZyL2MvcC8yODc2LzI4NzYtMzExNS0yLmpwZw?v=1610016309","https:\/\/media.th4.com\/2VmsHMzW9PmjAmrMgl1o5WckJl13HBe81thn-C0-HO0\/pr:550x550\/aHR0cDovL21lZGlhMi5kZXNpZ25wYXJ0bmVyLmZyL2MvcC8yODc2LzI4NzYtMzExNS0zLmpwZw?v=1610016309"],"medium_large":["https:\/\/media.th4.com\/C2Q-gTDKofJ4PMoNyMku6-h64cLra9h94dSmZi7U6ZE\/pr:1000x1000\/aHR0cDovL21lZGlhMi5kZXNpZ25wYXJ0bmVyLmZyL2MvcC8yODc2LzI4NzYtMzExNS0xLmpwZw?v=1610016309","https:\/\/media.th4.com\/Ic3P6V8LFN587ZORXSXO3_vBOb7DlCRnOFEQgNz-w4o\/pr:1000x1000\/aHR0cDovL21lZGlhMi5kZXNpZ25wYXJ0bmVyLmZyL2MvcC8yODc2LzI4NzYtMzExNS0yLmpwZw?v=1610016309","https:\/\/media.th4.com\/teSkxAO6E-bZQhnU58O9qRowWWQxu31ctXrTNE5oa0s\/pr:1000x1000\/aHR0cDovL21lZGlhMi5kZXNpZ25wYXJ0bmVyLmZyL2MvcC8yODc2LzI4NzYtMzExNS0zLmpwZw?v=1610016309"],"large":["https:\/\/media.th4.com\/82h2xuIQdtIjFN88931MavzZnHIz7fl4M21GBloKW68\/pr:1920\/aHR0cDovL21lZGlhMi5kZXNpZ25wYXJ0bmVyLmZyL2MvcC8yODc2LzI4NzYtMzExNS0xLmpwZw?v=1610016309","https:\/\/media.th4.com\/_JCb0QuGx5TanWiTkrAC3XHz2JVG7DfUvgvRz6urD6I\/pr:1920\/aHR0cDovL21lZGlhMi5kZXNpZ25wYXJ0bmVyLmZyL2MvcC8yODc2LzI4NzYtMzExNS0yLmpwZw?v=1610016309","https:\/\/media.th4.com\/Toi_SP2E-VA93M2Eodr-GgeEF0Z4L8g-VHSJWS7863o\/pr:1920\/aHR0cDovL21lZGlhMi5kZXNpZ25wYXJ0bmVyLmZyL2MvcC8yODc2LzI4NzYtMzExNS0zLmpwZw?v=1610016309"],"opengraph":["https:\/\/media.th4.com\/NYziKZ0zu2-4bWb4b1UUaGTdpKaOnYkzZVGZ5zwqzIc\/pr:1200x630\/aHR0cDovL21lZGlhMi5kZXNpZ25wYXJ0bmVyLmZyL2MvcC8yODc2LzI4NzYtMzExNS0xLmpwZw?v=1610016309","https:\/\/media.th4.com\/Fh2jDKbqbAX9OM6Xtc_CkLav-47IQsU9SCPoRTkkzQo\/pr:1200x630\/aHR0cDovL21lZGlhMi5kZXNpZ25wYXJ0bmVyLmZyL2MvcC8yODc2LzI4NzYtMzExNS0yLmpwZw?v=1610016309","https:\/\/media.th4.com\/z59mDNO8ja7t_cNTc3jucX1EywkXZIRp1fwQ9-Fe3b8\/pr:1200x630\/aHR0cDovL21lZGlhMi5kZXNpZ25wYXJ0bmVyLmZyL2MvcC8yODc2LzI4NzYtMzExNS0zLmpwZw?v=1610016309"]},"country_origin":"BD","traceability":{"manufacturing_country_id":59,"weaving_country_id":61,"dyeing_country_id":61},"sizes":[],"page_links":{"fr":"\/fr\/p-so-32300-surf-kids-coupe-vent-enfant-32300-2876\/jaune-3115\/","en":"\/en\/p-so-32300-surf-kids-kids-windbreaker-32300-2876\/jaune-3115\/","de":"\/de\/p-so-32300-surf-kids-kinderjacke-32300-2876\/jaune-3115\/","nl":"\/nl\/p-so-32300-surf-kids-kinderen-windbreker-32300-2876\/jaune-3115\/","es":"\/es\/p-so-32300-surf-kids-abrigo-cortavientos-nino-32300-2876\/jaune-3115\/","it":"\/it\/p-so-32300-surf-kids-giacca-a-vento-bambino-32300-2876\/jaune-3115\/","sv":"\/sv\/p-so-32300-surf-kids-barnvindskydd-32300-2876\/jaune-3115\/","pt":"\/pt\/p-so-32300-surf-kids-jaqueta-infantil-impermeavel-32300-2876\/jaune-3115\/","da":"\/da\/p-so-32300-surf-kids-borns-vindtaet-jakke-32300-2876\/jaune-3115\/","pl":"\/pl\/p-so-32300-surf-kids-dzieciecy-kurtka-wiatroodporna-32300-2876\/jaune-3115\/"},"page_links_customization":{"fr":"\/fr\/p-so-32300-surf-kids-coupe-vent-enfant-32300-personnalisation-2876\/jaune-3115\/custom\/","en":"\/en\/p-so-32300-surf-kids-windbreaker-kid-32300-customization-2876\/jaune-3115\/custom\/","de":"\/de\/p-so-32300-surf-kids-kinderwindjacke-32300-personalisierung-2876\/jaune-3115\/custom\/","nl":"\/nl\/p-so-32300-surf-kids-kinder-jas-32300-aanpassing-2876\/jaune-3115\/custom\/","es":"\/es\/p-so-32300-surf-kids-chaqueta-impermeable-para-ninos-32300-personalizacion-2876\/jaune-3115\/custom\/","it":"\/it\/p-so-32300-giacca-a-vento-per-bambini-32300-personalizzazione-2876\/jaune-3115\/custom\/","sv":"\/sv\/p-so-32300-surf-kids-barn-jacka-32300-personalisering-2876\/jaune-3115\/custom\/","pt":"\/pt\/p-so-32300-surf-kids-jaqueta-corta-vento-infantil-32300-personalizacao-2876\/jaune-3115\/custom\/","da":"\/da\/p-so-32300-surf-kids-borns-vindtaet-jakke-32300-personificering-2876\/jaune-3115\/custom\/","pl":"\/pl\/p-so-32300-surf-kids-kurtka-wiatrochronna-dla-dzieci-32300-personalizacja-2876\/jaune-3115\/custom\/"}},{"id":3142,"name":"vert_foret","class_ids":[5],"codes_hexa":["17442e"],"delai_24":false,"has_3d":true,"seuil_global":0,"stock_local":0,"stock_global":0,"on_standby":true,"in_catalog":false,"images":{"miniature":["https:\/\/media.th4.com\/Sje7EFj47p2T3mH-wsjZzNpckxhN96m2nFpNtjnbov4\/pr:80\/aHR0cDovL21lZGlhMi5kZXNpZ25wYXJ0bmVyLmZyL2MvcC8yODc2LzI4NzYtMzE0Mi0xLmpwZw?v=1610016309","https:\/\/media.th4.com\/vMIaOI1y7GU1kFod_4mvJjiCEc3HTcgnVotcM-tXx3Q\/pr:80\/aHR0cDovL21lZGlhMi5kZXNpZ25wYXJ0bmVyLmZyL2MvcC8yODc2LzI4NzYtMzE0Mi0yLmpwZw?v=1610016309","https:\/\/media.th4.com\/ffIla41k_QtqInuzUvA3ArF9WHmjHOWIY8q3GX0E4Ks\/pr:80\/aHR0cDovL21lZGlhMi5kZXNpZ25wYXJ0bmVyLmZyL2MvcC8yODc2LzI4NzYtMzE0Mi0zLmpwZw?v=1610016309"],"medium":["https:\/\/media.th4.com\/dUpzxNxcnHpiWNr0tKCpUJsdTc5WPfx55nLr-D9FAck\/pr:550x550\/aHR0cDovL21lZGlhMi5kZXNpZ25wYXJ0bmVyLmZyL2MvcC8yODc2LzI4NzYtMzE0Mi0xLmpwZw?v=1610016309","https:\/\/media.th4.com\/6ziOVKDbqj24uPB9ML3AAxjPDTBYAdxUvwS_jI4xpi4\/pr:550x550\/aHR0cDovL21lZGlhMi5kZXNpZ25wYXJ0bmVyLmZyL2MvcC8yODc2LzI4NzYtMzE0Mi0yLmpwZw?v=1610016309","https:\/\/media.th4.com\/ZXY9UR4Axji8ipYuhJyZP0uSJUTBqCTo7bukPdHT_W4\/pr:550x550\/aHR0cDovL21lZGlhMi5kZXNpZ25wYXJ0bmVyLmZyL2MvcC8yODc2LzI4NzYtMzE0Mi0zLmpwZw?v=1610016309"],"medium_large":["https:\/\/media.th4.com\/lrZ471YtMOKd7eoFrW0TnTGgPjN0zrWhAKRQuRXra_w\/pr:1000x1000\/aHR0cDovL21lZGlhMi5kZXNpZ25wYXJ0bmVyLmZyL2MvcC8yODc2LzI4NzYtMzE0Mi0xLmpwZw?v=1610016309","https:\/\/media.th4.com\/N3SBWJhAsHndXPTvOdOD7vblpibhy42zn0YmpgsTTQw\/pr:1000x1000\/aHR0cDovL21lZGlhMi5kZXNpZ25wYXJ0bmVyLmZyL2MvcC8yODc2LzI4NzYtMzE0Mi0yLmpwZw?v=1610016309","https:\/\/media.th4.com\/kbqobxDxEBj7HTsK1dL63_t9NeeGFgZ0Ra4m5LiNUZw\/pr:1000x1000\/aHR0cDovL21lZGlhMi5kZXNpZ25wYXJ0bmVyLmZyL2MvcC8yODc2LzI4NzYtMzE0Mi0zLmpwZw?v=1610016309"],"large":["https:\/\/media.th4.com\/6i-QLRW0XUwYYLddnKQ5VVILdyX7kRkwRO6-4jDzKjY\/pr:1920\/aHR0cDovL21lZGlhMi5kZXNpZ25wYXJ0bmVyLmZyL2MvcC8yODc2LzI4NzYtMzE0Mi0xLmpwZw?v=1610016309","https:\/\/media.th4.com\/lYlCd7UnVlDfkf3tWoQlB_kF4niJgRNCI5Djg6qzVLI\/pr:1920\/aHR0cDovL21lZGlhMi5kZXNpZ25wYXJ0bmVyLmZyL2MvcC8yODc2LzI4NzYtMzE0Mi0yLmpwZw?v=1610016309","https:\/\/media.th4.com\/XpS7bqMVip4N7-eMIBGN15uWrJjbd4hbcOjm0SybJ7o\/pr:1920\/aHR0cDovL21lZGlhMi5kZXNpZ25wYXJ0bmVyLmZyL2MvcC8yODc2LzI4NzYtMzE0Mi0zLmpwZw?v=1610016309"],"opengraph":["https:\/\/media.th4.com\/vrfCDYdKtdx5m42eP9r4_N7-wJ6f8AY6t8jE2BTvPtU\/pr:1200x630\/aHR0cDovL21lZGlhMi5kZXNpZ25wYXJ0bmVyLmZyL2MvcC8yODc2LzI4NzYtMzE0Mi0xLmpwZw?v=1610016309","https:\/\/media.th4.com\/Q496-lNjZCrzhFWjFJZWxYy3Ue8yA7OLm8Z7uB7uV88\/pr:1200x630\/aHR0cDovL21lZGlhMi5kZXNpZ25wYXJ0bmVyLmZyL2MvcC8yODc2LzI4NzYtMzE0Mi0yLmpwZw?v=1610016309","https:\/\/media.th4.com\/i8HMBjnwGHOhhDV0DTftAFbe9isgWf3sZHpVC9agvIU\/pr:1200x630\/aHR0cDovL21lZGlhMi5kZXNpZ25wYXJ0bmVyLmZyL2MvcC8yODc2LzI4NzYtMzE0Mi0zLmpwZw?v=1610016309"]},"images_customization":{"miniature":["https:\/\/media.th4.com\/Sje7EFj47p2T3mH-wsjZzNpckxhN96m2nFpNtjnbov4\/pr:80\/aHR0cDovL21lZGlhMi5kZXNpZ25wYXJ0bmVyLmZyL2MvcC8yODc2LzI4NzYtMzE0Mi0xLmpwZw?v=1610016309","https:\/\/media.th4.com\/vMIaOI1y7GU1kFod_4mvJjiCEc3HTcgnVotcM-tXx3Q\/pr:80\/aHR0cDovL21lZGlhMi5kZXNpZ25wYXJ0bmVyLmZyL2MvcC8yODc2LzI4NzYtMzE0Mi0yLmpwZw?v=1610016309","https:\/\/media.th4.com\/ffIla41k_QtqInuzUvA3ArF9WHmjHOWIY8q3GX0E4Ks\/pr:80\/aHR0cDovL21lZGlhMi5kZXNpZ25wYXJ0bmVyLmZyL2MvcC8yODc2LzI4NzYtMzE0Mi0zLmpwZw?v=1610016309"],"medium":["https:\/\/media.th4.com\/dUpzxNxcnHpiWNr0tKCpUJsdTc5WPfx55nLr-D9FAck\/pr:550x550\/aHR0cDovL21lZGlhMi5kZXNpZ25wYXJ0bmVyLmZyL2MvcC8yODc2LzI4NzYtMzE0Mi0xLmpwZw?v=1610016309","https:\/\/media.th4.com\/6ziOVKDbqj24uPB9ML3AAxjPDTBYAdxUvwS_jI4xpi4\/pr:550x550\/aHR0cDovL21lZGlhMi5kZXNpZ25wYXJ0bmVyLmZyL2MvcC8yODc2LzI4NzYtMzE0Mi0yLmpwZw?v=1610016309","https:\/\/media.th4.com\/ZXY9UR4Axji8ipYuhJyZP0uSJUTBqCTo7bukPdHT_W4\/pr:550x550\/aHR0cDovL21lZGlhMi5kZXNpZ25wYXJ0bmVyLmZyL2MvcC8yODc2LzI4NzYtMzE0Mi0zLmpwZw?v=1610016309"],"medium_large":["https:\/\/media.th4.com\/lrZ471YtMOKd7eoFrW0TnTGgPjN0zrWhAKRQuRXra_w\/pr:1000x1000\/aHR0cDovL21lZGlhMi5kZXNpZ25wYXJ0bmVyLmZyL2MvcC8yODc2LzI4NzYtMzE0Mi0xLmpwZw?v=1610016309","https:\/\/media.th4.com\/N3SBWJhAsHndXPTvOdOD7vblpibhy42zn0YmpgsTTQw\/pr:1000x1000\/aHR0cDovL21lZGlhMi5kZXNpZ25wYXJ0bmVyLmZyL2MvcC8yODc2LzI4NzYtMzE0Mi0yLmpwZw?v=1610016309","https:\/\/media.th4.com\/kbqobxDxEBj7HTsK1dL63_t9NeeGFgZ0Ra4m5LiNUZw\/pr:1000x1000\/aHR0cDovL21lZGlhMi5kZXNpZ25wYXJ0bmVyLmZyL2MvcC8yODc2LzI4NzYtMzE0Mi0zLmpwZw?v=1610016309"],"large":["https:\/\/media.th4.com\/6i-QLRW0XUwYYLddnKQ5VVILdyX7kRkwRO6-4jDzKjY\/pr:1920\/aHR0cDovL21lZGlhMi5kZXNpZ25wYXJ0bmVyLmZyL2MvcC8yODc2LzI4NzYtMzE0Mi0xLmpwZw?v=1610016309","https:\/\/media.th4.com\/lYlCd7UnVlDfkf3tWoQlB_kF4niJgRNCI5Djg6qzVLI\/pr:1920\/aHR0cDovL21lZGlhMi5kZXNpZ25wYXJ0bmVyLmZyL2MvcC8yODc2LzI4NzYtMzE0Mi0yLmpwZw?v=1610016309","https:\/\/media.th4.com\/XpS7bqMVip4N7-eMIBGN15uWrJjbd4hbcOjm0SybJ7o\/pr:1920\/aHR0cDovL21lZGlhMi5kZXNpZ25wYXJ0bmVyLmZyL2MvcC8yODc2LzI4NzYtMzE0Mi0zLmpwZw?v=1610016309"],"opengraph":["https:\/\/media.th4.com\/vrfCDYdKtdx5m42eP9r4_N7-wJ6f8AY6t8jE2BTvPtU\/pr:1200x630\/aHR0cDovL21lZGlhMi5kZXNpZ25wYXJ0bmVyLmZyL2MvcC8yODc2LzI4NzYtMzE0Mi0xLmpwZw?v=1610016309","https:\/\/media.th4.com\/Q496-lNjZCrzhFWjFJZWxYy3Ue8yA7OLm8Z7uB7uV88\/pr:1200x630\/aHR0cDovL21lZGlhMi5kZXNpZ25wYXJ0bmVyLmZyL2MvcC8yODc2LzI4NzYtMzE0Mi0yLmpwZw?v=1610016309","https:\/\/media.th4.com\/i8HMBjnwGHOhhDV0DTftAFbe9isgWf3sZHpVC9agvIU\/pr:1200x630\/aHR0cDovL21lZGlhMi5kZXNpZ25wYXJ0bmVyLmZyL2MvcC8yODc2LzI4NzYtMzE0Mi0zLmpwZw?v=1610016309"]},"country_origin":"BD","traceability":{"manufacturing_country_id":59,"weaving_country_id":61,"dyeing_country_id":61},"sizes":[],"page_links":{"fr":"\/fr\/p-so-32300-surf-kids-coupe-vent-enfant-32300-2876\/vert-foret-3142\/","en":"\/en\/p-so-32300-surf-kids-kids-windbreaker-32300-2876\/vert-foret-3142\/","de":"\/de\/p-so-32300-surf-kids-kinderjacke-32300-2876\/vert-foret-3142\/","nl":"\/nl\/p-so-32300-surf-kids-kinderen-windbreker-32300-2876\/vert-foret-3142\/","es":"\/es\/p-so-32300-surf-kids-abrigo-cortavientos-nino-32300-2876\/vert-foret-3142\/","it":"\/it\/p-so-32300-surf-kids-giacca-a-vento-bambino-32300-2876\/vert-foret-3142\/","sv":"\/sv\/p-so-32300-surf-kids-barnvindskydd-32300-2876\/vert-foret-3142\/","pt":"\/pt\/p-so-32300-surf-kids-jaqueta-infantil-impermeavel-32300-2876\/vert-foret-3142\/","da":"\/da\/p-so-32300-surf-kids-borns-vindtaet-jakke-32300-2876\/vert-foret-3142\/","pl":"\/pl\/p-so-32300-surf-kids-dzieciecy-kurtka-wiatroodporna-32300-2876\/vert-foret-3142\/"},"page_links_customization":{"fr":"\/fr\/p-so-32300-surf-kids-coupe-vent-enfant-32300-personnalisation-2876\/vert-foret-3142\/custom\/","en":"\/en\/p-so-32300-surf-kids-windbreaker-kid-32300-customization-2876\/vert-foret-3142\/custom\/","de":"\/de\/p-so-32300-surf-kids-kinderwindjacke-32300-personalisierung-2876\/vert-foret-3142\/custom\/","nl":"\/nl\/p-so-32300-surf-kids-kinder-jas-32300-aanpassing-2876\/vert-foret-3142\/custom\/","es":"\/es\/p-so-32300-surf-kids-chaqueta-impermeable-para-ninos-32300-personalizacion-2876\/vert-foret-3142\/custom\/","it":"\/it\/p-so-32300-giacca-a-vento-per-bambini-32300-personalizzazione-2876\/vert-foret-3142\/custom\/","sv":"\/sv\/p-so-32300-surf-kids-barn-jacka-32300-personalisering-2876\/vert-foret-3142\/custom\/","pt":"\/pt\/p-so-32300-surf-kids-jaqueta-corta-vento-infantil-32300-personalizacao-2876\/vert-foret-3142\/custom\/","da":"\/da\/p-so-32300-surf-kids-borns-vindtaet-jakke-32300-personificering-2876\/vert-foret-3142\/custom\/","pl":"\/pl\/p-so-32300-surf-kids-kurtka-wiatrochronna-dla-dzieci-32300-personalizacja-2876\/vert-foret-3142\/custom\/"}}],"documentation_link":"\/pdf\/2876.pdf","countries_availables":["AD","AE","AL","AT","BA","BD","BE","BG","BL","CA","CH","CN","CO","CY","CZ","DE","DK","DO","EE","EG","ES","ET","FI","FR","GB","GE","GF","GP","GR","GT","HK","HN","HR","HT","HU","ID","IE","IN","IS","IT","JO","JP","KE","KH","KP","KR","LA","LK","LS","LT","LU","LV","MA","MF","MG","MK","MM","MN","MQ","MT","MX","MY","NC","NI","NL","PF","PH","PK","PL","PM","PT","RE","RO","SE","SG","SI","SK","SV","SY","TH","TN","TR","TW","TZ","US","VN","WF","YT"]},"infos_customization":[],"features":{"authorize_multi_surfaces":true,"display_order_delay_type":true,"promote_surface_display":true,"tarification_franco_offert":true,"enabled_3d_editor":false},"markings":[{"id":0,"nom":"vierge","finition":null,"libelle":null,"code":null,"dpi":null,"finesse_forme_isolee":null,"finesse_forme_non_isolee":null,"hauteur_minimale_texte":null,"inactif":0,"marquage_interne":1,"quantite_min":null,"parent_id":null,"print_on_support":0,"content":"vierge","description":null},{"id":2,"nom":"fonce","finition":"optimale","libelle":"TopQuadri","code":null,"dpi":400,"finesse_forme_isolee":"0.040","finesse_forme_non_isolee":"0.700","hauteur_minimale_texte":2,"inactif":0,"marquage_interne":1,"quantite_min":null,"parent_id":18,"print_on_support":0,"content":"TopQuadri","description":"pour petites et moyennes s\u00e9ries"},{"id":3,"nom":"serigraphie","finition":"serigraphie","libelle":"SeriCoat","code":null,"dpi":400,"finesse_forme_isolee":"0.040","finesse_forme_non_isolee":"0.700","hauteur_minimale_texte":2,"inactif":0,"marquage_interne":1,"quantite_min":15,"parent_id":18,"print_on_support":0,"content":"SeriCoat","description":"pour moyennes et grandes s\u00e9ries"},{"id":4,"nom":"broderie","finition":"broderie","libelle":"Broderie","code":null,"dpi":400,"finesse_forme_isolee":"0.040","finesse_forme_non_isolee":"0.700","hauteur_minimale_texte":3,"inactif":0,"marquage_interne":1,"quantite_min":null,"parent_id":null,"print_on_support":0,"content":"Broderie","description":null},{"id":8,"nom":"theme","finition":null,"libelle":"Th\u00e8me","code":null,"dpi":null,"finesse_forme_isolee":null,"finesse_forme_non_isolee":null,"hauteur_minimale_texte":null,"inactif":0,"marquage_interne":1,"quantite_min":null,"parent_id":null,"print_on_support":0,"content":"Th\u00e8me","description":null},{"id":9,"nom":"sans","finition":null,"libelle":null,"code":null,"dpi":null,"finesse_forme_isolee":null,"finesse_forme_non_isolee":null,"hauteur_minimale_texte":null,"inactif":0,"marquage_interne":1,"quantite_min":null,"parent_id":null,"print_on_support":0,"content":"sans","description":null},{"id":10,"nom":"photo","finition":null,"libelle":"Photo","code":null,"dpi":null,"finesse_forme_isolee":null,"finesse_forme_non_isolee":null,"hauteur_minimale_texte":null,"inactif":0,"marquage_interne":1,"quantite_min":null,"parent_id":null,"print_on_support":0,"content":"Photo","description":null},{"id":14,"nom":"couleur","finition":null,"libelle":"Couleur","code":null,"dpi":null,"finesse_forme_isolee":null,"finesse_forme_non_isolee":null,"hauteur_minimale_texte":null,"inactif":0,"marquage_interne":1,"quantite_min":null,"parent_id":null,"print_on_support":0,"content":"Couleur","description":null},{"id":15,"nom":"sublimation","finition":"sublimation","libelle":"Sublimation","code":null,"dpi":null,"finesse_forme_isolee":"0.000","finesse_forme_non_isolee":"0.000","hauteur_minimale_texte":2,"inactif":0,"marquage_interne":1,"quantite_min":null,"parent_id":null,"print_on_support":0,"content":"Sublimation","description":null},{"id":16,"nom":"topquadri_uv","finition":null,"libelle":"TopQuadri UV","code":null,"dpi":null,"finesse_forme_isolee":"0.020","finesse_forme_non_isolee":"0.700","hauteur_minimale_texte":2,"inactif":0,"marquage_interne":1,"quantite_min":null,"parent_id":null,"print_on_support":1,"content":null,"description":null},{"id":17,"nom":"topquadri_uvp","finition":null,"libelle":"TopQuadri UVP","code":null,"dpi":null,"finesse_forme_isolee":"0.020","finesse_forme_non_isolee":"0.700","hauteur_minimale_texte":2,"inactif":0,"marquage_interne":1,"quantite_min":null,"parent_id":null,"print_on_support":1,"content":null,"description":null},{"id":18,"nom":"quadri","finition":null,"libelle":"Impression","code":null,"dpi":null,"finesse_forme_isolee":null,"finesse_forme_non_isolee":null,"hauteur_minimale_texte":null,"inactif":0,"marquage_interne":1,"quantite_min":null,"parent_id":null,"print_on_support":0,"content":null,"description":null}]}}