{"data":{"product":{"id":2363,"titre":"Full Zip Active Fleece Jacket","description":"330 g\/m\u00b2 (Natural: 280 g\/m\u00b2), 100 % polyester, fermeture \u00e0 glissi\u00e8re int\u00e9grale, grandes poches de c\u00f4t\u00e9, poignets fronc\u00e9s, base coulissante avec lien \u00e9lastiqu\u00e9.","genre":"homme","grammage":330,"conditionnement":24,"composition":"polyester","reference":"866.33","reference_visible":"re-r036x","reference_fabricant":"R036X","ref_xor":"745342","in_catalog":true,"is_transfer":false,"is_service":false,"on_standby":false,"has_3d":false,"has_size_guide":false,"has_marking":true,"has_vierge":true,"is_cross_sellable":false,"id_picto":27,"filename_3d":null,"brand":{"id":16,"name":"Result","logo":"logo-result.png","image":"https:\/\/media.th4.com\/R4AINn4EcZGXmGADkvSPvxFxj-96N0ZW37kUw9NCIp8\/pr:brand70x70\/aHR0cDovL21lZGlhMi5kZXNpZ25wYXJ0bmVyLmZyL2MvbS9sb2dvLXJlc3VsdC5wbmc?v=1769696384"},"price_infos":{"price_from":12.78,"quantity":200,"color":{"id":364,"name":"black"},"size":{"id":2,"name":"M"}},"price_infos_marking":{"price_from":19.88,"quantity":150,"color":{"id":364,"name":"black"},"size":{"id":5,"name":"XS"},"marking":{"id":4,"name":""},"emplacement":"avant","surface_emplacement_id":1,"surface":"coeur"},"i18n":{"blank":{"title":{"fr":"Full zip active fleece jacket RESULT r36","en":"Full zip active fleece jacket RESULT r36","de":"Full Zip Active Fleece Jacke RESULT r36","nl":"Full zip active fleece jacket RESULT r36","es":"Chaqueta de polar de cierre completo para actividades r36","it":"Giacca a felpa con zip full RESULT r36","sv":"Full zip active fleece jacket RESULT r36","pt":"Jaqueta de polar com z\u00edper completo RESULT r36","da":"Full zip aktiv fleece jakke RESULT r36","pl":"Kurtka fleeceowa z pe\u0142nym zapi\u0119ciem aktywna RESULT r36"},"description":{"fr":"Cette veste polaire zipp\u00e9e est con\u00e7ue pour offrir confort et fonctionnalit\u00e9 lors de diverses activit\u00e9s. Elle est fabriqu\u00e9e \u00e0 partir de 100% polyester, un mat\u00e9riau reconnu pour sa douceur et sa durabilit\u00e9. La veste est dot\u00e9e d'une fermeture \u00e0 glissi\u00e8re int\u00e9grale, facilitant l'enfilage et le retrait. De grandes poches lat\u00e9rales offrent un espace de rangement pratique pour les petits objets. Les poignets fronc\u00e9s aident \u00e0 maintenir la chaleur et \u00e0 prot\u00e9ger du vent. Une base coulissante avec lien \u00e9lastiqu\u00e9 permet d'ajuster la veste pour un ajustement personnalis\u00e9.\n\n- Composition : 100 % polyester\n- Poches : Grandes poches lat\u00e9rales\n- Poignets : Fronc\u00e9s\n- Base : Coulissante avec lien \u00e9lastiqu\u00e9","en":"This zip-up fleece jacket is designed to provide comfort and functionality during various activities. It is made from 100% polyester, a material known for its softness and durability. The jacket features a full-length zipper, making it easy to put on and take off. Large side pockets offer practical storage space for small items. Elasticated cuffs help retain heat and protect from the wind. A drawstring at the hem allows for adjustable fit for a personalized feel.\n\n- Composition: 100 % polyester\n- Pockets: Large side pockets\n- Cuffs: Elasticated\n- Hem: Drawstring with elasticated cord","de":"Diese Zippjacke ist f\u00fcr Komfort und Funktionalit\u00e4t bei verschiedenen Aktivit\u00e4ten konzipiert. Sie wird aus 100 % Polyester hergestellt, einem Material, das f\u00fcr seine Weichheit und Haltbarkeit bekannt ist. Die Jacke verf\u00fcgt \u00fcber einen Rei\u00dfverschluss, der das An- und Ausziehen erleichtert. Gro\u00dfe Seitentaschen bieten praktischen Stauraum f\u00fcr kleine Gegenst\u00e4nde. Die gerafften Manschetten helfen, die W\u00e4rme zu speichern und vor Wind zu sch\u00fctzen. Ein rutschfester Saum mit elastischem Band erm\u00f6glicht eine individuelle Anpassung der Jacke.\n\n- Zusammensetzung: 100 % Polyester\n- Taschen: Gro\u00dfe Seitentaschen\n- Manschetten: Gerafft\n- Saum: Rutschfest mit elastischem Band","nl":"Deze zakelijke gezipte fleecetrui is ontworpen om comfort en functionaliteit te bieden bij verschillende activiteiten. Het is vervaardigd van 100% polyester, een materiaal dat bekend staat om zijn zachtheid en duurzaamheid. De trui is voorzien van een volledige rits, waardoor het aan- en uitkleden gemakkelijk is. Grote zijzakken bieden een praktische opslagruimte voor kleine voorwerpen. De gerimpelde manchetten helpen warmte vasthouden en beschermen tegen de wind. Een glijdende onderkant met elastische koordjes maakt het mogelijk om de trui aan te passen voor een persoonlijke pasvorm.\n\n- Samenstelling: 100 % polyester\n- Zakken: Grote zijzakken\n- Manchetten: Gerimpeld\n- Onderkant: Glijdend met elastische koordjes","es":"Esta chaqueta polar con cremallera est\u00e1 dise\u00f1ada para ofrecer comodidad y funcionalidad durante diversas actividades. Est\u00e1 fabricada a partir de 100% poli\u00e9ster, un material reconocido por su suavidad y durabilidad. La chaqueta cuenta con una cremallera integral, facilitando el uso y la retirada. Grandes bolsillos laterales ofrecen un espacio de almacenamiento pr\u00e1ctico para peque\u00f1os objetos. Los pu\u00f1os fruncidos ayudan a mantener el calor y proteger del viento. Una base deslizante con cord\u00f3n el\u00e1stico permite ajustar la chaqueta para un ajuste personalizado.\n\n- Composici\u00f3n: 100% poli\u00e9ster\n- Bolsillos: Grandes bolsillos laterales\n- Pu\u00f1os: Fruncidos\n- Base: Deslizante con cord\u00f3n el\u00e1stico","it":"Questa giacca in pile con zip \u00e8 progettata per offrire comfort e funzionalit\u00e0 durante varie attivit\u00e0. \u00c8 realizzata in 100% poliestere, un materiale noto per la sua morbidezza e durabilit\u00e0. La giacca \u00e8 dotata di una zip completa, che facilita l'indossamento e la rimozione. Grandi tasche laterali offrono uno spazio di stoccaggio pratico per piccoli oggetti. I polsini elastici aiutano a mantenere il calore e a proteggere dal vento. Una base scorrevole con cordino elastico permette di regolare la giacca per un adattamento personalizzato.\n\n- Composizione : 100% poliestere\n- Tasche : Grandi tasche laterali\n- Polsini : Elastici\n- Base : Scorrevole con cordino elastico","sv":"Denna zippade fleecejacka \u00e4r konstruerad f\u00f6r att erbjuda komfort och funktion vid olika aktiviteter. Den \u00e4r tillverkad av 100% polyester, ett material k\u00e4nt f\u00f6r sin mjukhet och h\u00e5llbarhet. Jackan \u00e4r utrustad med en hel zipp, vilket g\u00f6r p\u00e5- och avtagning l\u00e4tt. Stora sidfickor erbjuder praktisk f\u00f6rvaring f\u00f6r sm\u00e5 f\u00f6rem\u00e5l. F\u00e4sta manschetter hj\u00e4lper till att beh\u00e5lla v\u00e4rmen och skydda mot vinden. En glidande bas med elastiskt band till\u00e5ter att jackan justeras f\u00f6r en anpassad passform.\n\n- Sammans\u00e4ttning : 100 % polyester\n- Fickor : Stora sidfickor\n- Manschetter : F\u00e4sta\n- Bas : Glidande med elastiskt band","pt":"Esta jaqueta de polar com z\u00edper \u00e9 projetada para oferecer conforto e funcionalidade durante v\u00e1rias atividades. Ela \u00e9 fabricada a partir de 100% poli\u00e9ster, um material conhecido por sua suavidade e durabilidade. A jaqueta \u00e9 dotada de um z\u00edper completo, facilitando o uso e a remo\u00e7\u00e3o. Grandes bolsos laterais oferecem um espa\u00e7o de armazenamento pr\u00e1tico para pequenos objetos. Os punhos franzidos ajudam a manter o calor e proteger do vento. Uma base deslizante com cord\u00e3o el\u00e1stico permite ajustar a jaqueta para um ajuste personalizado.\n\n- Composi\u00e7\u00e3o: 100% poli\u00e9ster\n- Bolsos: Grandes bolsos laterais\n- Punhos: Franzidos\n- Base: Deslizante com cord\u00e3o el\u00e1stico","da":"Denne zipperet aktiv fleece jakke er designet til at give komfort og funktion under forskellige aktiviteter. Den er fremstillet af 100% polyester, et materiale kendt for sin bl\u00f8dhed og holdbarhed. Jakken er udstyret med en fuld l\u00e6ngde zipper, der g\u00f8r det nemt at tage p\u00e5 og af. Store sider lommer tilbyder praktisk opbevaringsplads til sm\u00e5 genstande. De indstillelige \u00e6rmer hj\u00e6lper med at holde varmen og beskytte mod vinden. En glidende bund med elastisk b\u00e5nd g\u00f8r det muligt at justere jakken for en personlig pasform.","pl":"Ta kurtka zapi\u0119ta na zamek biegunowy zosta\u0142a zaprojektowana, aby zapewni\u0107 komfort i funkcjonalno\u015b\u0107 podczas r\u00f3\u017cnych aktywno\u015bci. Jest wyprodukowana z 100% poliestru, materia\u0142u znanego ze swej mi\u0119kko\u015bci i trwa\u0142o\u015bci. Kurtka posiada ca\u0142kowicie zapi\u0119cie na zamek, co u\u0142atwia jej za\u0142o\u017cenie i zdejmowanie. Du\u017ce boczne kieszenie zapewniaj\u0105 praktyczne miejsce na przechowywanie ma\u0142ych przedmiot\u00f3w. Zapi\u0119te mankiety pomagaj\u0105 utrzyma\u0107 ciep\u0142o i chroni\u0107 przed wiatrem. Podk\u0142ad z elastycznym sznurem pozwala dostosowa\u0107 kurtk\u0119 do indywidualnego dopasowania.\n\n- Sk\u0142ad: 100% poliestru\n- Kieszenie: Du\u017ce boczne kieszenie\n- Mankiety: Zapi\u0119te\n- Podk\u0142ad: Z elastycznym sznurem"},"h1":{"fr":"Full zip active fleece jacket r36","en":"Full zip active fleece jacket r36","de":"Full Zip Active Fleece Jacke r36","nl":"Full zip active fleece jacket r36","es":"Chaqueta de polar de cierre completo r36","it":"Giacca a felpa con zip full r36","sv":"Full zip active fleece jacket r36","pt":"Jaqueta de polar com z\u00edper completo r36","da":"Full zip aktiv fleece jakke r36","pl":"Kurtka fleeceowa z pe\u0142nym zapi\u0119ciem aktywna r36"},"meta_description":{"fr":"Veste polaire zipp\u00e9e pour activit\u00e9s, confectionn\u00e9e en 100% polyester. Dot\u00e9e de poches lat\u00e9rales et de poignets ajust\u00e9s pour un confort optimal.","en":"Zip-up fleece jacket for activities, made of 100% polyester. Features side pockets and adjustable cuffs for optimal comfort.","de":"Zippjacke f\u00fcr Aktivit\u00e4ten, hergestellt aus 100 % Polyester. Mit seitlichen Taschen und abgestimmten Manschetten f\u00fcr optimalen Komfort.","nl":"Zakelijke gezipte fleecetruien voor activiteiten gemaakt van 100% polyester. Uitgerust met zijzakken en aanpasbare manchetten voor optimale comfort.","es":"Chaqueta polar con cremallera para actividades, confeccionada en 100% poli\u00e9ster. Dotada de bolsillos laterales y pu\u00f1os ajustables para un confort \u00f3ptimo.","it":"Giubbotto in pile con zip, ideale per le attivit\u00e0, realizzato in 100% poliestere. Dotato di tasche laterali e polsini regolabili per un comfort ottimale.","sv":"Zippad jacka f\u00f6r aktiviteter, tillverkad av 100% polyester. Utrustad med sidfickor och justerbara manschetter f\u00f6r optimal komfort.","pt":"Jaqueta de polar com z\u00edper para atividades, confeccionada em 100% poli\u00e9ster. Dotada de bolsos laterais e punhos ajust\u00e1veis para um conforto \u00f3timo.","da":"Zipperet aktiv fleece jakke til aktiviteter, lavet af 100% polyester. Udstyret med sider lommer og justerbare \u00e6rmer for optimal komfort.","pl":"Kurtka zapi\u0119ta na zamek biegunowy do aktywno\u015bci, wykonana z 100% poliestru. Wykazuje boczne kieszenie i regulowane mankiety dla optymalnego komfortu."}},"custom":{"title":{"fr":"Full zip active fleece jacket RESULT personnalisable r36","en":"Full zip active fleece jacket RESULT customizable r36","de":"Voll Rei\u00dfverschluss Active Fleece Jacke RESULT personalisierbar r36","nl":"Volledig gezipte active fleece jaszak RESULT personaliseerbaar r36","es":"Chaqueta de polar con cremallera completa RESULT personalizable r36","it":"Giacca a maglia con zip completo attiva RESULT personalizzabile r36","sv":"Full zip aktiv fleecejacka RESULT personliggjord r36","pt":"Casaco de moletom com z\u00edper completo RESULT personaliz\u00e1vel r36","da":"Full zip active fleece jacket RESULT personligg\u00f8rbar r36","pl":"Full zip active fleece jacket RESULT personalizowalny r36"},"description":{"fr":"Cette polaire zipp\u00e9e offre un confort optimal gr\u00e2ce \u00e0 sa composition en polyester. Elle est dot\u00e9e de grandes poches lat\u00e9rales, de poignets fronc\u00e9s et d'une base ajustable par un cordon \u00e9lastique. Sa coupe active et son tissu doux en font un v\u00eatement id\u00e9al pour les activit\u00e9s de plein air ou le port quotidien. Possibilit\u00e9 de personnalisation en broderie pour afficher votre logo ou votre message. \n\n- Composition : 100 % polyester\n- Coupe : Active\n- Poches : Grandes poches lat\u00e9rales\n- Poignets : Fronc\u00e9s\n- Base : Coulisse \u00e9lastique","en":"This zipped fleece offers optimal comfort thanks to its polyester composition. It features large side pockets, elasticated cuffs and an adjustable hem with an elastic drawcord. Its active cut and soft fabric make it an ideal garment for outdoor activities or everyday wear. Customization option with embroidery to display your logo or message.\n\n- Composition: 100% polyester\n- Cut: Active\n- Pockets: Large side pockets\n- Cuffs: Elasticated\n- Hem: Elastic drawcord","de":"Diese gepolsterte Jacke mit Rei\u00dfverschluss bietet optimalen Komfort durch ihre Polyesterzusammensetzung. Sie verf\u00fcgt \u00fcber gro\u00dfe Seitentaschen, B\u00fcndchen an den \u00c4rmeln und einen verstellbaren Saum mit einem elastischen Zugband. Ihr aktiver Schnitt und der weiche Stoff machen sie zu einem idealen Kleidungsst\u00fcck f\u00fcr Outdoor-Aktivit\u00e4ten oder den t\u00e4glichen Gebrauch. M\u00f6glichkeit der Personalisierung durch Stickerei, um Ihr Logo oder Ihre Nachricht anzuzeigen. \n\n- Zusammensetzung : 100 % Polyester\n- Schnitt : Aktiv\n- Taschen : Gro\u00dfe Seitentaschen\n- B\u00fcndchen : Ger\u00fcscht\n- Saum : Elastischer Zugband","nl":"Deze gezipte polaire biedt optimale comfort dankzij zijn polyester samenstelling. Hij is voorzien van grote zijzakken, fronsende polsbanden en een afstelbare onderkant met een elastiekkoord. De actieve passvorm en het zachte stof maken het een ideale kledingstuk voor buitenactiviteiten of dagelijks dragen. Mogelijkheid tot personalisatie met stikken om uw logo of boodschap te tonen. \n\n- Samenstelling: 100 % polyester\n- Passvorm: Actief\n- Zakken: Grote zijzakken\n- Polsbanden: Gefronsd\n- Onderkant: Elastiekkoord","es":"Esta chaqueta de polar con cremallera ofrece un confort \u00f3ptimo gracias a su composici\u00f3n de poli\u00e9ster. Cuenta con grandes bolsillos laterales, pu\u00f1os acanalados y una base ajustable con un cord\u00f3n el\u00e1stico. Su corte activo y su tejido suave la convierten en una prenda ideal para actividades al aire libre o para el uso diario. Posibilidad de personalizaci\u00f3n en bordado para mostrar tu logo o tu mensaje. \n\n- Composici\u00f3n: 100% poli\u00e9ster\n- Corte: Activo\n- Bolsillos: Grandes bolsillos laterales\n- Pu\u00f1os: Acanalados\n- Base: Cord\u00f3n el\u00e1stico","it":"Questa giacca a zip offre un comfort ottimale grazie alla sua composizione in poliestere. \u00c8 dotata di grandi tasche laterali, polsini con elastico e fondo regolabile con un cordone elastico. Il suo taglio attivo e il tessuto morbido ne fanno un capo ideale per le attivit\u00e0 all'aperto o per l'uso quotidiano. Possibilit\u00e0 di personalizzazione con ricamo per mostrare il vostro logo o messaggio. \n\n- Composizione: 100% poliestere\n- Taglio: Attivo\n- Tasche: Grandi tasche laterali\n- Polsini: Con elastico\n- Fondo: Coulisse elastica","sv":"Denna zippade polarjacka erbjuder optimal komfort tack vare sin sammans\u00e4ttning i polyester. Den har stora sidfack, fransade \u00e4rmar och en bas som justeras med en elastisk snodd. Dess aktiva passform och mjuka tyg g\u00f6r den till ett idealiskt plagg f\u00f6r utomhusaktiviteter eller vardagligt bruk. M\u00f6jlighet att personligg\u00f6ra med broderi f\u00f6r att visa ert logotyp eller ert meddelande.\n\n- Sammans\u00e4ttning: 100 % polyester\n- Passform: Aktiv\n- Fack: Stora sidfack\n- \u00c4rmar: Fransade\n- Bas: Elastisk snodd","pt":"Esta polar zipada oferece conforto \u00f3timo gra\u00e7as \u00e0 sua composi\u00e7\u00e3o de poli\u00e9ster. Ela possui grandes bolsos laterais, punhos franzidos e uma base ajust\u00e1vel por um cord\u00e3o el\u00e1stico. Seu corte ativo e tecido macio a tornam uma pe\u00e7a ideal para atividades ao ar livre ou para o uso di\u00e1rio. Possibilidade de personaliza\u00e7\u00e3o com bordado para exibir seu logotipo ou mensagem. \n\n- Composi\u00e7\u00e3o: 100% poli\u00e9ster\n- Corte: Ativo\n- Bolsos: Grandes bolsos laterais\n- Punhos: Franzidos\n- Base: Corda el\u00e1stica","da":"Denne zippepol\u00e6re tilbyder optimal komfort takket v\u00e6re sin sammens\u00e6tning af polyester. Den er udstyret med store side lommer, fransede \u00e6rmer og en bund, der kan justeres med en elastisk snor. Den aktive sk\u00e6ring og det bl\u00f8de stof g\u00f8r den til et ideelt t\u00f8j til udend\u00f8rsaktiviteter eller daglig brug. Mulighed for personligg\u00f8relse ved brodering for at vise dit logo eller dit budskab. \n\n- Sammens\u00e6tning: 100 % polyester\n- Sk\u00e6ring: Aktiv\n- Lommer: Store side lommer\n- \u00c6rmer: Fransede\n- Bund: Elastisk snor","pl":"Ta polarowa kurtka z zipem oferuje optymalny komfort dzi\u0119ki swojej kompozycji z poliesteru. Jest wyposa\u017cona w du\u017ce boki kieszenie, zamkni\u0119te mankiety i podszewk\u0119 dostosowywaln\u0105 za pomoc\u0105 elastycznego sznura. Jej aktywny kroj i mi\u0119kka tkanina czyni j\u0105 idealnym ubraniem do aktywno\u015bci na \u015bwie\u017cym powietrzu lub codziennego noszenia. Mo\u017cliwo\u015b\u0107 personalizacji szyde\u0142kowaniem w celu wy\u015bwietlenia waszego loga lub wiadomo\u015bci. \n\n- Kompozycja: 100% poliester\n- Kroj: Aktywny\n- Kieszenie: Du\u017ce kieszenie boczne\n- Mankiety: Zamkni\u0119te\n- Podszewka: Sznurek elastyczny"},"h1":{"fr":"Full zip active fleece jacket r36 personnalisation","en":"Full zip active fleece jacket r36 customization","de":"Voll Rei\u00dfverschluss Active Fleece Jacke r36 Personalisierung","nl":"Volledig gezipte active fleece jaszak r36 personalisatie","es":"Chaqueta de polar con cremallera completa r36 personalizaci\u00f3n","it":"Giacca a maglia con zip completo attiva r36 personalizzazione","sv":"Full zip aktiv fleecejacka r36 personliggj\u00f6ring","pt":"Casaco de moletom com z\u00edper completo r36 personaliza\u00e7\u00e3o","da":"Full zip active fleece jacket r36 personligg\u00f8relse","pl":"Full zip active fleece jacket r36 personalizacja"},"meta_description":{"fr":"Polaire polaire polyester article RESULT r36. Personnalisable en broderie. Id\u00e9al pour vos \u00e9v\u00e9nements et campagnes de communication.","en":"Polyester fleece polyester item RESULT r36. Customizable with embroidery. Ideal for your events and communication campaigns.","de":"Polar Polar Polyester Artikel RESULT r36. Personalisierbar durch Stickerei. Ideal f\u00fcr Ihre Veranstaltungen und Kommunikationskampagnen.","nl":"Polaire polyester artikel RESULT r36. Persoonlijk te maken met stikken. Ideaal voor uw evenementen en communicatiekampagnes.","es":"Art\u00edculo de polar de poli\u00e9ster RESULT r36. Personalizable en bordado. Ideal para tus eventos y campa\u00f1as de comunicaci\u00f3n.","it":"Pile pile poliestere articolo RESULT r36. Personalizzabile con ricamo. Ideale per i vostri eventi e campagne di comunicazione.","sv":"Polar polyester artikel RESULT r36. Personliggjord i broderi. Idealisk f\u00f6r era evenemang och kommunikationskampanjer.","pt":"Polar polar poli\u00e9ster artigo RESULT r36. Personaliz\u00e1vel com bordado. Ideal para seus eventos e campanhas de comunica\u00e7\u00e3o.","da":"Polaire polyester RESULT artikel r36. Personligg\u00f8rbar ved broderi. Ideel til dine arrangementer og kommunikationskampagner.","pl":"Polar polarowy poliesterowy artyku\u0142 RESULT r36. Mo\u017cliwe personalizowanie szyde\u0142kowaniem. Idealny na wasze wydarzenia i kampanie komunikacyjne."}}},"categories":[{"id":7,"name":"Polaires","singular":"Polaire","is_feminin":false},{"id":354,"name":"Textile","singular":"Textile","is_feminin":false}],"certifications":[],"videos":{"fr":[],"en":[],"de":[],"nl":[],"es":[],"it":[],"sv":[],"pt":[],"da":[],"pl":[]},"main_images":{"miniature":"https:\/\/media.th4.com\/eR4JINIMExUJ2Sb6XMjPVJsg1zSgtBP-LuWfnKfjbMY\/pr:80\/aHR0cDovL21lZGlhMi5kZXNpZ25wYXJ0bmVyLmZyL2MvcC1NVC8yMzYzLmpwZw?v=1642604442","medium":"https:\/\/media.th4.com\/vers8aP_U5Yl25V5h3yNxtn7W4olxX5kn-LBqd-X_8A\/pr:550x550greybg\/aHR0cDovL21lZGlhMi5kZXNpZ25wYXJ0bmVyLmZyL2MvcC1NVC8yMzYzLmpwZw?v=1642604442","medium_large":"https:\/\/media.th4.com\/dS11ojjW3PV2d06P52fnm2SYLTEjaTwJFBbevta3cuw\/pr:1000x1000greybg\/aHR0cDovL21lZGlhMi5kZXNpZ25wYXJ0bmVyLmZyL2MvcC1NVC8yMzYzLmpwZw?v=1642604442","large":"https:\/\/media.th4.com\/Mwp-f7PctKvVgp5Z5SXxh67IgppMhHjVXQtl9_5craY\/pr:1920greybg\/aHR0cDovL21lZGlhMi5kZXNpZ25wYXJ0bmVyLmZyL2MvcC1NVC8yMzYzLmpwZw?v=1642604442","opengraph":"https:\/\/media.th4.com\/JdY2w08IbTtDlcJXbr5xCBW1hUXQDziFN1R6Vtn19MQ\/pr:1200x630greybg\/aHR0cDovL21lZGlhMi5kZXNpZ25wYXJ0bmVyLmZyL2MvcC1NVC8yMzYzLmpwZw?v=1642604442"},"main_images_customization":{"miniature":"https:\/\/media.th4.com\/eR4JINIMExUJ2Sb6XMjPVJsg1zSgtBP-LuWfnKfjbMY\/pr:80\/aHR0cDovL21lZGlhMi5kZXNpZ25wYXJ0bmVyLmZyL2MvcC1NVC8yMzYzLmpwZw?v=1642604442","medium":"https:\/\/media.th4.com\/vers8aP_U5Yl25V5h3yNxtn7W4olxX5kn-LBqd-X_8A\/pr:550x550greybg\/aHR0cDovL21lZGlhMi5kZXNpZ25wYXJ0bmVyLmZyL2MvcC1NVC8yMzYzLmpwZw?v=1642604442","medium_large":"https:\/\/media.th4.com\/dS11ojjW3PV2d06P52fnm2SYLTEjaTwJFBbevta3cuw\/pr:1000x1000greybg\/aHR0cDovL21lZGlhMi5kZXNpZ25wYXJ0bmVyLmZyL2MvcC1NVC8yMzYzLmpwZw?v=1642604442","large":"https:\/\/media.th4.com\/Mwp-f7PctKvVgp5Z5SXxh67IgppMhHjVXQtl9_5craY\/pr:1920greybg\/aHR0cDovL21lZGlhMi5kZXNpZ25wYXJ0bmVyLmZyL2MvcC1NVC8yMzYzLmpwZw?v=1642604442","opengraph":"https:\/\/media.th4.com\/JdY2w08IbTtDlcJXbr5xCBW1hUXQDziFN1R6Vtn19MQ\/pr:1200x630greybg\/aHR0cDovL21lZGlhMi5kZXNpZ25wYXJ0bmVyLmZyL2MvcC1NVC8yMzYzLmpwZw?v=1642604442"},"page_links":{"fr":"\/fr\/p-re-r036x-full-zip-active-fleece-jacket-r36-2363\/","en":"\/en\/p-re-r036x-full-zip-active-fleece-jacket-r36-2363\/","de":"\/de\/p-re-r036x-full-zip-active-fleece-jacke-r36-2363\/","nl":"\/nl\/p-re-r036x-full-zip-active-fleece-jacket-r36-2363\/","es":"\/es\/p-re-r036x-chaqueta-de-polar-de-cierre-completo-r36-2363\/","it":"\/it\/p-re-r036x-giacca-a-felpa-con-zip-full-r36-2363\/","sv":"\/sv\/p-re-r036x-full-zip-active-fleece-jacket-r36-2363\/","pt":"\/pt\/p-re-r036x-jaqueta-de-polar-com-ziper-completo-r36-2363\/","da":"\/da\/p-re-r036x-full-zip-aktiv-fleece-jakke-r36-2363\/","pl":"\/pl\/p-re-r036x-kurtka-fleeceowa-z-pelnym-zapieciem-aktywna-r36-2363\/"},"page_links_customization":{"fr":"\/fr\/p-re-r036x-full-zip-active-fleece-jacket-r36-personnalisation-2363\/custom\/","en":"\/en\/p-re-r036x-full-zip-active-fleece-jacket-r36-customization-2363\/custom\/","de":"\/de\/p-re-r036x-voll-reiszverschluss-active-fleece-jacke-r36-personalisierung-2363\/custom\/","nl":"\/nl\/p-re-r036x-volledig-gezipte-active-fleece-jaszak-r36-personalisatie-2363\/custom\/","es":"\/es\/p-re-r036x-chaqueta-de-polar-con-cremallera-completa-r36-personalizacion-2363\/custom\/","it":"\/it\/p-re-r036x-giacca-a-maglia-con-zip-completo-attiva-r36-personalizzazione-2363\/custom\/","sv":"\/sv\/p-re-r036x-full-zip-aktiv-fleecejacka-r36-personliggjoring-2363\/custom\/","pt":"\/pt\/p-re-r036x-casaco-de-moletom-com-ziper-completo-r36-personalizacao-2363\/custom\/","da":"\/da\/p-re-r036x-full-zip-active-fleece-jacket-r36-personliggorelse-2363\/custom\/","pl":"\/pl\/p-re-r036x-full-zip-active-fleece-jacket-r36-personalizacja-2363\/custom\/"},"equivalent_products":[],"colors":[{"id":364,"name":"black","class_ids":[4],"codes_hexa":["1a1a18"],"delai_24":false,"has_3d":false,"seuil_global":0,"stock_local":0,"stock_global":2483,"on_standby":false,"in_catalog":true,"images":{"miniature":["https:\/\/media.th4.com\/_c47bpjkLwpNFAEqOAy970cYS81yFURaLZJ7w5-LZgM\/pr:80\/aHR0cDovL21lZGlhMi5kZXNpZ25wYXJ0bmVyLmZyL2MvcC8yMzYzLzIzNjMtMzY0LTEud2VicA?v=1769423506"],"medium":["https:\/\/media.th4.com\/ev8epJAwuQXq1YwbdtXrjaaMTSG83XLAt_rRe0E_Oos\/pr:550x550\/aHR0cDovL21lZGlhMi5kZXNpZ25wYXJ0bmVyLmZyL2MvcC8yMzYzLzIzNjMtMzY0LTEud2VicA?v=1769423506"],"medium_large":["https:\/\/media.th4.com\/iLwYC5K_ItgCIL68Hjdpb6s3yz5wlvxms_rZPcTekJk\/pr:1000x1000\/aHR0cDovL21lZGlhMi5kZXNpZ25wYXJ0bmVyLmZyL2MvcC8yMzYzLzIzNjMtMzY0LTEud2VicA?v=1769423506"],"large":["https:\/\/media.th4.com\/Q0nd4dtbWyQSp3bOo0qXCchU15LRc6oiUOQMQAobHEE\/pr:1920\/aHR0cDovL21lZGlhMi5kZXNpZ25wYXJ0bmVyLmZyL2MvcC8yMzYzLzIzNjMtMzY0LTEud2VicA?v=1769423506"],"opengraph":["https:\/\/media.th4.com\/4nHL93Jk7zt8RE3O_l03grrW8KZgHr2qrBzTYrbVFz0\/pr:1200x630\/aHR0cDovL21lZGlhMi5kZXNpZ25wYXJ0bmVyLmZyL2MvcC8yMzYzLzIzNjMtMzY0LTEud2VicA?v=1769423506"]},"images_customization":{"miniature":["https:\/\/media.th4.com\/_c47bpjkLwpNFAEqOAy970cYS81yFURaLZJ7w5-LZgM\/pr:80\/aHR0cDovL21lZGlhMi5kZXNpZ25wYXJ0bmVyLmZyL2MvcC8yMzYzLzIzNjMtMzY0LTEud2VicA?v=1769423506"],"medium":["https:\/\/media.th4.com\/ev8epJAwuQXq1YwbdtXrjaaMTSG83XLAt_rRe0E_Oos\/pr:550x550\/aHR0cDovL21lZGlhMi5kZXNpZ25wYXJ0bmVyLmZyL2MvcC8yMzYzLzIzNjMtMzY0LTEud2VicA?v=1769423506"],"medium_large":["https:\/\/media.th4.com\/iLwYC5K_ItgCIL68Hjdpb6s3yz5wlvxms_rZPcTekJk\/pr:1000x1000\/aHR0cDovL21lZGlhMi5kZXNpZ25wYXJ0bmVyLmZyL2MvcC8yMzYzLzIzNjMtMzY0LTEud2VicA?v=1769423506"],"large":["https:\/\/media.th4.com\/Q0nd4dtbWyQSp3bOo0qXCchU15LRc6oiUOQMQAobHEE\/pr:1920\/aHR0cDovL21lZGlhMi5kZXNpZ25wYXJ0bmVyLmZyL2MvcC8yMzYzLzIzNjMtMzY0LTEud2VicA?v=1769423506"],"opengraph":["https:\/\/media.th4.com\/4nHL93Jk7zt8RE3O_l03grrW8KZgHr2qrBzTYrbVFz0\/pr:1200x630\/aHR0cDovL21lZGlhMi5kZXNpZ25wYXJ0bmVyLmZyL2MvcC8yMzYzLzIzNjMtMzY0LTEud2VicA?v=1769423506"]},"country_origin":"IN","traceability":{"manufacturing_country_id":null,"weaving_country_id":null,"dyeing_country_id":null},"sizes":[{"id":5,"article_id":64517,"class_id":2,"name":"XS","on_standby":false,"stock_local":0,"stock_global":165,"multiple":1,"estimated_date_reassort":null,"is_destocking":false},{"id":3,"article_id":64518,"class_id":3,"name":"S","on_standby":false,"stock_local":0,"stock_global":228,"multiple":1,"estimated_date_reassort":null,"is_destocking":false},{"id":2,"article_id":64519,"class_id":4,"name":"M","on_standby":false,"stock_local":0,"stock_global":513,"multiple":1,"estimated_date_reassort":null,"is_destocking":false},{"id":1,"article_id":64520,"class_id":5,"name":"L","on_standby":false,"stock_local":0,"stock_global":509,"multiple":1,"estimated_date_reassort":null,"is_destocking":false},{"id":4,"article_id":64521,"class_id":6,"name":"XL","on_standby":false,"stock_local":0,"stock_global":430,"multiple":1,"estimated_date_reassort":null,"is_destocking":false},{"id":1116,"article_id":246698,"class_id":7,"name":"2XL","on_standby":false,"stock_local":0,"stock_global":444,"multiple":1,"estimated_date_reassort":null,"is_destocking":false},{"id":1081,"article_id":235619,"class_id":8,"name":"3XL","on_standby":false,"stock_local":0,"stock_global":194,"multiple":1,"estimated_date_reassort":null,"is_destocking":false}],"page_links":{"fr":"\/fr\/p-re-r036x-full-zip-active-fleece-jacket-r36-2363\/black-364\/","en":"\/en\/p-re-r036x-full-zip-active-fleece-jacket-r36-2363\/black-364\/","de":"\/de\/p-re-r036x-full-zip-active-fleece-jacke-r36-2363\/black-364\/","nl":"\/nl\/p-re-r036x-full-zip-active-fleece-jacket-r36-2363\/black-364\/","es":"\/es\/p-re-r036x-chaqueta-de-polar-de-cierre-completo-r36-2363\/black-364\/","it":"\/it\/p-re-r036x-giacca-a-felpa-con-zip-full-r36-2363\/black-364\/","sv":"\/sv\/p-re-r036x-full-zip-active-fleece-jacket-r36-2363\/black-364\/","pt":"\/pt\/p-re-r036x-jaqueta-de-polar-com-ziper-completo-r36-2363\/black-364\/","da":"\/da\/p-re-r036x-full-zip-aktiv-fleece-jakke-r36-2363\/black-364\/","pl":"\/pl\/p-re-r036x-kurtka-fleeceowa-z-pelnym-zapieciem-aktywna-r36-2363\/black-364\/"},"page_links_customization":{"fr":"\/fr\/p-re-r036x-full-zip-active-fleece-jacket-r36-personnalisation-2363\/black-364\/custom\/","en":"\/en\/p-re-r036x-full-zip-active-fleece-jacket-r36-customization-2363\/black-364\/custom\/","de":"\/de\/p-re-r036x-voll-reiszverschluss-active-fleece-jacke-r36-personalisierung-2363\/black-364\/custom\/","nl":"\/nl\/p-re-r036x-volledig-gezipte-active-fleece-jaszak-r36-personalisatie-2363\/black-364\/custom\/","es":"\/es\/p-re-r036x-chaqueta-de-polar-con-cremallera-completa-r36-personalizacion-2363\/black-364\/custom\/","it":"\/it\/p-re-r036x-giacca-a-maglia-con-zip-completo-attiva-r36-personalizzazione-2363\/black-364\/custom\/","sv":"\/sv\/p-re-r036x-full-zip-aktiv-fleecejacka-r36-personliggjoring-2363\/black-364\/custom\/","pt":"\/pt\/p-re-r036x-casaco-de-moletom-com-ziper-completo-r36-personalizacao-2363\/black-364\/custom\/","da":"\/da\/p-re-r036x-full-zip-active-fleece-jacket-r36-personliggorelse-2363\/black-364\/custom\/","pl":"\/pl\/p-re-r036x-full-zip-active-fleece-jacket-r36-personalizacja-2363\/black-364\/custom\/"}},{"id":22474,"name":"navy","class_ids":[2],"codes_hexa":["19286b"],"delai_24":false,"has_3d":false,"seuil_global":0,"stock_local":0,"stock_global":2339,"on_standby":false,"in_catalog":true,"images":{"miniature":["https:\/\/media.th4.com\/CPwBt64gfz8TWouRIRWs3xmBWQU129mRtV7fpGCbHSs\/pr:80\/aHR0cDovL21lZGlhMi5kZXNpZ25wYXJ0bmVyLmZyL2MvcC8yMzYzLzIzNjMtMjI0NzQtMS53ZWJw?v=1769423509","https:\/\/media.th4.com\/ZfzsDm8mgdnkkZ11SMBvTbfy6GSTtVDVdlIRReRBdvo\/pr:80\/aHR0cDovL21lZGlhMi5kZXNpZ25wYXJ0bmVyLmZyL2MvcC8yMzYzLzIzNjMtMjI0NzQtMi53ZWJw?v=1769423510"],"medium":["https:\/\/media.th4.com\/dk4eFWmLEWjcXZFl_PulB-dyzA8kdGVsL-UWpsVTj7I\/pr:550x550\/aHR0cDovL21lZGlhMi5kZXNpZ25wYXJ0bmVyLmZyL2MvcC8yMzYzLzIzNjMtMjI0NzQtMS53ZWJw?v=1769423509","https:\/\/media.th4.com\/Z4ZpSitwDnLOAKU4_qa-7DeS9-PjKSBuV1OurVknVT0\/pr:550x550\/aHR0cDovL21lZGlhMi5kZXNpZ25wYXJ0bmVyLmZyL2MvcC8yMzYzLzIzNjMtMjI0NzQtMi53ZWJw?v=1769423510"],"medium_large":["https:\/\/media.th4.com\/lKmEoAs3MZqUA92tsWKe2Sg6h6OMuJPJCcbSh_EhMVA\/pr:1000x1000\/aHR0cDovL21lZGlhMi5kZXNpZ25wYXJ0bmVyLmZyL2MvcC8yMzYzLzIzNjMtMjI0NzQtMS53ZWJw?v=1769423509","https:\/\/media.th4.com\/PEN6nGvSSNIQ7X1M-SljnXj6ZY1x2wph1iNOaIguWnM\/pr:1000x1000\/aHR0cDovL21lZGlhMi5kZXNpZ25wYXJ0bmVyLmZyL2MvcC8yMzYzLzIzNjMtMjI0NzQtMi53ZWJw?v=1769423510"],"large":["https:\/\/media.th4.com\/RHXA9G5AtphLiGPalWbf46BV-sRq-0BYYEUD-mwCNBY\/pr:1920\/aHR0cDovL21lZGlhMi5kZXNpZ25wYXJ0bmVyLmZyL2MvcC8yMzYzLzIzNjMtMjI0NzQtMS53ZWJw?v=1769423509","https:\/\/media.th4.com\/iwrBsHAiKPG-IcH3pCrvfIuQHPFIT4xuJLcniNu4dVM\/pr:1920\/aHR0cDovL21lZGlhMi5kZXNpZ25wYXJ0bmVyLmZyL2MvcC8yMzYzLzIzNjMtMjI0NzQtMi53ZWJw?v=1769423510"],"opengraph":["https:\/\/media.th4.com\/SkwcEkO1w5_O2aFnZS8_043wfNmG90n00ILMlD_Uo-Y\/pr:1200x630\/aHR0cDovL21lZGlhMi5kZXNpZ25wYXJ0bmVyLmZyL2MvcC8yMzYzLzIzNjMtMjI0NzQtMS53ZWJw?v=1769423509","https:\/\/media.th4.com\/O2XuKBaXX3AKiewzPVfWrpPc-op2zSPgiUFH6M4y6U0\/pr:1200x630\/aHR0cDovL21lZGlhMi5kZXNpZ25wYXJ0bmVyLmZyL2MvcC8yMzYzLzIzNjMtMjI0NzQtMi53ZWJw?v=1769423510"]},"images_customization":{"miniature":["https:\/\/media.th4.com\/CPwBt64gfz8TWouRIRWs3xmBWQU129mRtV7fpGCbHSs\/pr:80\/aHR0cDovL21lZGlhMi5kZXNpZ25wYXJ0bmVyLmZyL2MvcC8yMzYzLzIzNjMtMjI0NzQtMS53ZWJw?v=1769423509","https:\/\/media.th4.com\/ZfzsDm8mgdnkkZ11SMBvTbfy6GSTtVDVdlIRReRBdvo\/pr:80\/aHR0cDovL21lZGlhMi5kZXNpZ25wYXJ0bmVyLmZyL2MvcC8yMzYzLzIzNjMtMjI0NzQtMi53ZWJw?v=1769423510"],"medium":["https:\/\/media.th4.com\/dk4eFWmLEWjcXZFl_PulB-dyzA8kdGVsL-UWpsVTj7I\/pr:550x550\/aHR0cDovL21lZGlhMi5kZXNpZ25wYXJ0bmVyLmZyL2MvcC8yMzYzLzIzNjMtMjI0NzQtMS53ZWJw?v=1769423509","https:\/\/media.th4.com\/Z4ZpSitwDnLOAKU4_qa-7DeS9-PjKSBuV1OurVknVT0\/pr:550x550\/aHR0cDovL21lZGlhMi5kZXNpZ25wYXJ0bmVyLmZyL2MvcC8yMzYzLzIzNjMtMjI0NzQtMi53ZWJw?v=1769423510"],"medium_large":["https:\/\/media.th4.com\/lKmEoAs3MZqUA92tsWKe2Sg6h6OMuJPJCcbSh_EhMVA\/pr:1000x1000\/aHR0cDovL21lZGlhMi5kZXNpZ25wYXJ0bmVyLmZyL2MvcC8yMzYzLzIzNjMtMjI0NzQtMS53ZWJw?v=1769423509","https:\/\/media.th4.com\/PEN6nGvSSNIQ7X1M-SljnXj6ZY1x2wph1iNOaIguWnM\/pr:1000x1000\/aHR0cDovL21lZGlhMi5kZXNpZ25wYXJ0bmVyLmZyL2MvcC8yMzYzLzIzNjMtMjI0NzQtMi53ZWJw?v=1769423510"],"large":["https:\/\/media.th4.com\/RHXA9G5AtphLiGPalWbf46BV-sRq-0BYYEUD-mwCNBY\/pr:1920\/aHR0cDovL21lZGlhMi5kZXNpZ25wYXJ0bmVyLmZyL2MvcC8yMzYzLzIzNjMtMjI0NzQtMS53ZWJw?v=1769423509","https:\/\/media.th4.com\/iwrBsHAiKPG-IcH3pCrvfIuQHPFIT4xuJLcniNu4dVM\/pr:1920\/aHR0cDovL21lZGlhMi5kZXNpZ25wYXJ0bmVyLmZyL2MvcC8yMzYzLzIzNjMtMjI0NzQtMi53ZWJw?v=1769423510"],"opengraph":["https:\/\/media.th4.com\/SkwcEkO1w5_O2aFnZS8_043wfNmG90n00ILMlD_Uo-Y\/pr:1200x630\/aHR0cDovL21lZGlhMi5kZXNpZ25wYXJ0bmVyLmZyL2MvcC8yMzYzLzIzNjMtMjI0NzQtMS53ZWJw?v=1769423509","https:\/\/media.th4.com\/O2XuKBaXX3AKiewzPVfWrpPc-op2zSPgiUFH6M4y6U0\/pr:1200x630\/aHR0cDovL21lZGlhMi5kZXNpZ25wYXJ0bmVyLmZyL2MvcC8yMzYzLzIzNjMtMjI0NzQtMi53ZWJw?v=1769423510"]},"country_origin":"IN","traceability":{"manufacturing_country_id":null,"weaving_country_id":null,"dyeing_country_id":null},"sizes":[{"id":5,"article_id":64530,"class_id":2,"name":"XS","on_standby":false,"stock_local":0,"stock_global":122,"multiple":1,"estimated_date_reassort":null,"is_destocking":false},{"id":3,"article_id":64531,"class_id":3,"name":"S","on_standby":false,"stock_local":0,"stock_global":367,"multiple":1,"estimated_date_reassort":null,"is_destocking":false},{"id":2,"article_id":64532,"class_id":4,"name":"M","on_standby":false,"stock_local":0,"stock_global":538,"multiple":1,"estimated_date_reassort":null,"is_destocking":false},{"id":1,"article_id":64533,"class_id":5,"name":"L","on_standby":false,"stock_local":0,"stock_global":740,"multiple":1,"estimated_date_reassort":null,"is_destocking":false},{"id":4,"article_id":64534,"class_id":6,"name":"XL","on_standby":false,"stock_local":0,"stock_global":360,"multiple":1,"estimated_date_reassort":null,"is_destocking":false},{"id":1116,"article_id":246700,"class_id":7,"name":"2XL","on_standby":false,"stock_local":0,"stock_global":134,"multiple":1,"estimated_date_reassort":null,"is_destocking":false},{"id":1081,"article_id":235620,"class_id":8,"name":"3XL","on_standby":false,"stock_local":0,"stock_global":78,"multiple":1,"estimated_date_reassort":null,"is_destocking":false}],"page_links":{"fr":"\/fr\/p-re-r036x-full-zip-active-fleece-jacket-r36-2363\/navy-22474\/","en":"\/en\/p-re-r036x-full-zip-active-fleece-jacket-r36-2363\/navy-22474\/","de":"\/de\/p-re-r036x-full-zip-active-fleece-jacke-r36-2363\/navy-22474\/","nl":"\/nl\/p-re-r036x-full-zip-active-fleece-jacket-r36-2363\/navy-22474\/","es":"\/es\/p-re-r036x-chaqueta-de-polar-de-cierre-completo-r36-2363\/navy-22474\/","it":"\/it\/p-re-r036x-giacca-a-felpa-con-zip-full-r36-2363\/navy-22474\/","sv":"\/sv\/p-re-r036x-full-zip-active-fleece-jacket-r36-2363\/navy-22474\/","pt":"\/pt\/p-re-r036x-jaqueta-de-polar-com-ziper-completo-r36-2363\/navy-22474\/","da":"\/da\/p-re-r036x-full-zip-aktiv-fleece-jakke-r36-2363\/navy-22474\/","pl":"\/pl\/p-re-r036x-kurtka-fleeceowa-z-pelnym-zapieciem-aktywna-r36-2363\/navy-22474\/"},"page_links_customization":{"fr":"\/fr\/p-re-r036x-full-zip-active-fleece-jacket-r36-personnalisation-2363\/navy-22474\/custom\/","en":"\/en\/p-re-r036x-full-zip-active-fleece-jacket-r36-customization-2363\/navy-22474\/custom\/","de":"\/de\/p-re-r036x-voll-reiszverschluss-active-fleece-jacke-r36-personalisierung-2363\/navy-22474\/custom\/","nl":"\/nl\/p-re-r036x-volledig-gezipte-active-fleece-jaszak-r36-personalisatie-2363\/navy-22474\/custom\/","es":"\/es\/p-re-r036x-chaqueta-de-polar-con-cremallera-completa-r36-personalizacion-2363\/navy-22474\/custom\/","it":"\/it\/p-re-r036x-giacca-a-maglia-con-zip-completo-attiva-r36-personalizzazione-2363\/navy-22474\/custom\/","sv":"\/sv\/p-re-r036x-full-zip-aktiv-fleecejacka-r36-personliggjoring-2363\/navy-22474\/custom\/","pt":"\/pt\/p-re-r036x-casaco-de-moletom-com-ziper-completo-r36-personalizacao-2363\/navy-22474\/custom\/","da":"\/da\/p-re-r036x-full-zip-active-fleece-jacket-r36-personliggorelse-2363\/navy-22474\/custom\/","pl":"\/pl\/p-re-r036x-full-zip-active-fleece-jacket-r36-personalizacja-2363\/navy-22474\/custom\/"}},{"id":1731,"name":"oxford_grey","class_ids":[3],"codes_hexa":["b5b2bd"],"delai_24":false,"has_3d":false,"seuil_global":0,"stock_local":0,"stock_global":1367,"on_standby":false,"in_catalog":true,"images":{"miniature":["https:\/\/media.th4.com\/MNL9z2S0E98lGKEU7SQKo6IAsGcPZODWmxNg0w8Tei8\/pr:80\/aHR0cDovL21lZGlhMi5kZXNpZ25wYXJ0bmVyLmZyL2MvcC8yMzYzLzIzNjMtMTczMS0xLndlYnA?v=1769423513","https:\/\/media.th4.com\/5ofZa6K2d5ygT_5r8TKG7V3kt03gwsSxu3zvdd67-Xc\/pr:80\/aHR0cDovL21lZGlhMi5kZXNpZ25wYXJ0bmVyLmZyL2MvcC8yMzYzLzIzNjMtMTczMS0yLndlYnA?v=1769423514"],"medium":["https:\/\/media.th4.com\/BZ5mRtmnziARC2Khs3q3x-R8tmuQHqonKjxG7M2e0bg\/pr:550x550\/aHR0cDovL21lZGlhMi5kZXNpZ25wYXJ0bmVyLmZyL2MvcC8yMzYzLzIzNjMtMTczMS0xLndlYnA?v=1769423513","https:\/\/media.th4.com\/gmxxBpJ5HDYsfdffGg1keXZ2qmUWMWBoy2tSRSukDgE\/pr:550x550\/aHR0cDovL21lZGlhMi5kZXNpZ25wYXJ0bmVyLmZyL2MvcC8yMzYzLzIzNjMtMTczMS0yLndlYnA?v=1769423514"],"medium_large":["https:\/\/media.th4.com\/0qjnaIYLvMxVYfipDktR-j3ei9_CyoR88pnp-WhX8_I\/pr:1000x1000\/aHR0cDovL21lZGlhMi5kZXNpZ25wYXJ0bmVyLmZyL2MvcC8yMzYzLzIzNjMtMTczMS0xLndlYnA?v=1769423513","https:\/\/media.th4.com\/lZcI6hPZU19rSfBue8Pkp6G8y8NTg3BgY_xEqwN_WWE\/pr:1000x1000\/aHR0cDovL21lZGlhMi5kZXNpZ25wYXJ0bmVyLmZyL2MvcC8yMzYzLzIzNjMtMTczMS0yLndlYnA?v=1769423514"],"large":["https:\/\/media.th4.com\/4c6FqgnYfqUncZOiApQybunPtGHz1chT59rfc49hINw\/pr:1920\/aHR0cDovL21lZGlhMi5kZXNpZ25wYXJ0bmVyLmZyL2MvcC8yMzYzLzIzNjMtMTczMS0xLndlYnA?v=1769423513","https:\/\/media.th4.com\/vZ0VtrK_IVTUu6hjH_9Jy03ADrSjEzyS1tkE2LAGnl0\/pr:1920\/aHR0cDovL21lZGlhMi5kZXNpZ25wYXJ0bmVyLmZyL2MvcC8yMzYzLzIzNjMtMTczMS0yLndlYnA?v=1769423514"],"opengraph":["https:\/\/media.th4.com\/mYYzQ8xD4XCnMJdul8fSurIYLSyK5uWzpy06IlbTJCI\/pr:1200x630\/aHR0cDovL21lZGlhMi5kZXNpZ25wYXJ0bmVyLmZyL2MvcC8yMzYzLzIzNjMtMTczMS0xLndlYnA?v=1769423513","https:\/\/media.th4.com\/3ZMe96Wi_fKAuHtgK-a8FSi7s5tUv63hFj_CrMohSPo\/pr:1200x630\/aHR0cDovL21lZGlhMi5kZXNpZ25wYXJ0bmVyLmZyL2MvcC8yMzYzLzIzNjMtMTczMS0yLndlYnA?v=1769423514"]},"images_customization":{"miniature":["https:\/\/media.th4.com\/MNL9z2S0E98lGKEU7SQKo6IAsGcPZODWmxNg0w8Tei8\/pr:80\/aHR0cDovL21lZGlhMi5kZXNpZ25wYXJ0bmVyLmZyL2MvcC8yMzYzLzIzNjMtMTczMS0xLndlYnA?v=1769423513","https:\/\/media.th4.com\/5ofZa6K2d5ygT_5r8TKG7V3kt03gwsSxu3zvdd67-Xc\/pr:80\/aHR0cDovL21lZGlhMi5kZXNpZ25wYXJ0bmVyLmZyL2MvcC8yMzYzLzIzNjMtMTczMS0yLndlYnA?v=1769423514"],"medium":["https:\/\/media.th4.com\/BZ5mRtmnziARC2Khs3q3x-R8tmuQHqonKjxG7M2e0bg\/pr:550x550\/aHR0cDovL21lZGlhMi5kZXNpZ25wYXJ0bmVyLmZyL2MvcC8yMzYzLzIzNjMtMTczMS0xLndlYnA?v=1769423513","https:\/\/media.th4.com\/gmxxBpJ5HDYsfdffGg1keXZ2qmUWMWBoy2tSRSukDgE\/pr:550x550\/aHR0cDovL21lZGlhMi5kZXNpZ25wYXJ0bmVyLmZyL2MvcC8yMzYzLzIzNjMtMTczMS0yLndlYnA?v=1769423514"],"medium_large":["https:\/\/media.th4.com\/0qjnaIYLvMxVYfipDktR-j3ei9_CyoR88pnp-WhX8_I\/pr:1000x1000\/aHR0cDovL21lZGlhMi5kZXNpZ25wYXJ0bmVyLmZyL2MvcC8yMzYzLzIzNjMtMTczMS0xLndlYnA?v=1769423513","https:\/\/media.th4.com\/lZcI6hPZU19rSfBue8Pkp6G8y8NTg3BgY_xEqwN_WWE\/pr:1000x1000\/aHR0cDovL21lZGlhMi5kZXNpZ25wYXJ0bmVyLmZyL2MvcC8yMzYzLzIzNjMtMTczMS0yLndlYnA?v=1769423514"],"large":["https:\/\/media.th4.com\/4c6FqgnYfqUncZOiApQybunPtGHz1chT59rfc49hINw\/pr:1920\/aHR0cDovL21lZGlhMi5kZXNpZ25wYXJ0bmVyLmZyL2MvcC8yMzYzLzIzNjMtMTczMS0xLndlYnA?v=1769423513","https:\/\/media.th4.com\/vZ0VtrK_IVTUu6hjH_9Jy03ADrSjEzyS1tkE2LAGnl0\/pr:1920\/aHR0cDovL21lZGlhMi5kZXNpZ25wYXJ0bmVyLmZyL2MvcC8yMzYzLzIzNjMtMTczMS0yLndlYnA?v=1769423514"],"opengraph":["https:\/\/media.th4.com\/mYYzQ8xD4XCnMJdul8fSurIYLSyK5uWzpy06IlbTJCI\/pr:1200x630\/aHR0cDovL21lZGlhMi5kZXNpZ25wYXJ0bmVyLmZyL2MvcC8yMzYzLzIzNjMtMTczMS0xLndlYnA?v=1769423513","https:\/\/media.th4.com\/3ZMe96Wi_fKAuHtgK-a8FSi7s5tUv63hFj_CrMohSPo\/pr:1200x630\/aHR0cDovL21lZGlhMi5kZXNpZ25wYXJ0bmVyLmZyL2MvcC8yMzYzLzIzNjMtMTczMS0yLndlYnA?v=1769423514"]},"country_origin":"IN","traceability":{"manufacturing_country_id":null,"weaving_country_id":null,"dyeing_country_id":null},"sizes":[{"id":5,"article_id":64524,"class_id":2,"name":"XS","on_standby":false,"stock_local":0,"stock_global":103,"multiple":1,"estimated_date_reassort":null,"is_destocking":false},{"id":3,"article_id":64525,"class_id":3,"name":"S","on_standby":false,"stock_local":0,"stock_global":208,"multiple":1,"estimated_date_reassort":null,"is_destocking":false},{"id":2,"article_id":64526,"class_id":4,"name":"M","on_standby":false,"stock_local":0,"stock_global":207,"multiple":1,"estimated_date_reassort":null,"is_destocking":false},{"id":1,"article_id":64527,"class_id":5,"name":"L","on_standby":false,"stock_local":0,"stock_global":335,"multiple":1,"estimated_date_reassort":null,"is_destocking":false},{"id":4,"article_id":64528,"class_id":6,"name":"XL","on_standby":false,"stock_local":0,"stock_global":309,"multiple":1,"estimated_date_reassort":null,"is_destocking":false},{"id":1116,"article_id":246699,"class_id":7,"name":"2XL","on_standby":false,"stock_local":0,"stock_global":205,"multiple":1,"estimated_date_reassort":null,"is_destocking":false}],"page_links":{"fr":"\/fr\/p-re-r036x-full-zip-active-fleece-jacket-r36-2363\/oxford-grey-1731\/","en":"\/en\/p-re-r036x-full-zip-active-fleece-jacket-r36-2363\/oxford-grey-1731\/","de":"\/de\/p-re-r036x-full-zip-active-fleece-jacke-r36-2363\/oxford-grey-1731\/","nl":"\/nl\/p-re-r036x-full-zip-active-fleece-jacket-r36-2363\/oxford-grey-1731\/","es":"\/es\/p-re-r036x-chaqueta-de-polar-de-cierre-completo-r36-2363\/oxford-grey-1731\/","it":"\/it\/p-re-r036x-giacca-a-felpa-con-zip-full-r36-2363\/oxford-grey-1731\/","sv":"\/sv\/p-re-r036x-full-zip-active-fleece-jacket-r36-2363\/oxford-grey-1731\/","pt":"\/pt\/p-re-r036x-jaqueta-de-polar-com-ziper-completo-r36-2363\/oxford-grey-1731\/","da":"\/da\/p-re-r036x-full-zip-aktiv-fleece-jakke-r36-2363\/oxford-grey-1731\/","pl":"\/pl\/p-re-r036x-kurtka-fleeceowa-z-pelnym-zapieciem-aktywna-r36-2363\/oxford-grey-1731\/"},"page_links_customization":{"fr":"\/fr\/p-re-r036x-full-zip-active-fleece-jacket-r36-personnalisation-2363\/oxford-grey-1731\/custom\/","en":"\/en\/p-re-r036x-full-zip-active-fleece-jacket-r36-customization-2363\/oxford-grey-1731\/custom\/","de":"\/de\/p-re-r036x-voll-reiszverschluss-active-fleece-jacke-r36-personalisierung-2363\/oxford-grey-1731\/custom\/","nl":"\/nl\/p-re-r036x-volledig-gezipte-active-fleece-jaszak-r36-personalisatie-2363\/oxford-grey-1731\/custom\/","es":"\/es\/p-re-r036x-chaqueta-de-polar-con-cremallera-completa-r36-personalizacion-2363\/oxford-grey-1731\/custom\/","it":"\/it\/p-re-r036x-giacca-a-maglia-con-zip-completo-attiva-r36-personalizzazione-2363\/oxford-grey-1731\/custom\/","sv":"\/sv\/p-re-r036x-full-zip-aktiv-fleecejacka-r36-personliggjoring-2363\/oxford-grey-1731\/custom\/","pt":"\/pt\/p-re-r036x-casaco-de-moletom-com-ziper-completo-r36-personalizacao-2363\/oxford-grey-1731\/custom\/","da":"\/da\/p-re-r036x-full-zip-active-fleece-jacket-r36-personliggorelse-2363\/oxford-grey-1731\/custom\/","pl":"\/pl\/p-re-r036x-full-zip-active-fleece-jacket-r36-personalizacja-2363\/oxford-grey-1731\/custom\/"}},{"id":339,"name":"white","class_ids":[1],"codes_hexa":["FFFFFF"],"delai_24":false,"has_3d":false,"seuil_global":0,"stock_local":0,"stock_global":1261,"on_standby":false,"in_catalog":true,"images":{"miniature":["https:\/\/media.th4.com\/BoOeQHrwnz2QRZW6-lqitl29iMH9DsVtJuh1KCRW4tI\/pr:80\/aHR0cDovL21lZGlhMi5kZXNpZ25wYXJ0bmVyLmZyL2MvcC8yMzYzLzIzNjMtMzM5LTEud2VicA?v=1769423518"],"medium":["https:\/\/media.th4.com\/Pcc1oNtMZq1ylgT1AxjSJGQzicqvQvgvXO36zeX7go8\/pr:550x550\/aHR0cDovL21lZGlhMi5kZXNpZ25wYXJ0bmVyLmZyL2MvcC8yMzYzLzIzNjMtMzM5LTEud2VicA?v=1769423518"],"medium_large":["https:\/\/media.th4.com\/FUxLEdOYm-6Aew1bVNOTd-L1Z-yrOMByAAquhyAgV1E\/pr:1000x1000\/aHR0cDovL21lZGlhMi5kZXNpZ25wYXJ0bmVyLmZyL2MvcC8yMzYzLzIzNjMtMzM5LTEud2VicA?v=1769423518"],"large":["https:\/\/media.th4.com\/kcOMMnNtUmsnT8jMR3lnbi-rgUqtH33XqKEMkGDr7aI\/pr:1920\/aHR0cDovL21lZGlhMi5kZXNpZ25wYXJ0bmVyLmZyL2MvcC8yMzYzLzIzNjMtMzM5LTEud2VicA?v=1769423518"],"opengraph":["https:\/\/media.th4.com\/6WQh5GURmRqHXdO69n8Bm5nxDfcTRLC4cY2uz6ToY1c\/pr:1200x630\/aHR0cDovL21lZGlhMi5kZXNpZ25wYXJ0bmVyLmZyL2MvcC8yMzYzLzIzNjMtMzM5LTEud2VicA?v=1769423518"]},"images_customization":{"miniature":["https:\/\/media.th4.com\/BoOeQHrwnz2QRZW6-lqitl29iMH9DsVtJuh1KCRW4tI\/pr:80\/aHR0cDovL21lZGlhMi5kZXNpZ25wYXJ0bmVyLmZyL2MvcC8yMzYzLzIzNjMtMzM5LTEud2VicA?v=1769423518"],"medium":["https:\/\/media.th4.com\/Pcc1oNtMZq1ylgT1AxjSJGQzicqvQvgvXO36zeX7go8\/pr:550x550\/aHR0cDovL21lZGlhMi5kZXNpZ25wYXJ0bmVyLmZyL2MvcC8yMzYzLzIzNjMtMzM5LTEud2VicA?v=1769423518"],"medium_large":["https:\/\/media.th4.com\/FUxLEdOYm-6Aew1bVNOTd-L1Z-yrOMByAAquhyAgV1E\/pr:1000x1000\/aHR0cDovL21lZGlhMi5kZXNpZ25wYXJ0bmVyLmZyL2MvcC8yMzYzLzIzNjMtMzM5LTEud2VicA?v=1769423518"],"large":["https:\/\/media.th4.com\/kcOMMnNtUmsnT8jMR3lnbi-rgUqtH33XqKEMkGDr7aI\/pr:1920\/aHR0cDovL21lZGlhMi5kZXNpZ25wYXJ0bmVyLmZyL2MvcC8yMzYzLzIzNjMtMzM5LTEud2VicA?v=1769423518"],"opengraph":["https:\/\/media.th4.com\/6WQh5GURmRqHXdO69n8Bm5nxDfcTRLC4cY2uz6ToY1c\/pr:1200x630\/aHR0cDovL21lZGlhMi5kZXNpZ25wYXJ0bmVyLmZyL2MvcC8yMzYzLzIzNjMtMzM5LTEud2VicA?v=1769423518"]},"country_origin":"IN","traceability":{"manufacturing_country_id":null,"weaving_country_id":null,"dyeing_country_id":null},"sizes":[{"id":5,"article_id":64505,"class_id":2,"name":"XS","on_standby":false,"stock_local":0,"stock_global":92,"multiple":1,"estimated_date_reassort":null,"is_destocking":false},{"id":3,"article_id":64506,"class_id":3,"name":"S","on_standby":false,"stock_local":0,"stock_global":182,"multiple":1,"estimated_date_reassort":null,"is_destocking":false},{"id":2,"article_id":64507,"class_id":4,"name":"M","on_standby":false,"stock_local":0,"stock_global":344,"multiple":1,"estimated_date_reassort":null,"is_destocking":false},{"id":1,"article_id":64508,"class_id":5,"name":"L","on_standby":false,"stock_local":0,"stock_global":311,"multiple":1,"estimated_date_reassort":null,"is_destocking":false},{"id":4,"article_id":64509,"class_id":6,"name":"XL","on_standby":false,"stock_local":2,"stock_global":174,"multiple":1,"estimated_date_reassort":null,"is_destocking":true},{"id":1116,"article_id":246696,"class_id":7,"name":"2XL","on_standby":false,"stock_local":0,"stock_global":158,"multiple":1,"estimated_date_reassort":null,"is_destocking":false}],"page_links":{"fr":"\/fr\/p-re-r036x-full-zip-active-fleece-jacket-r36-2363\/white-339\/","en":"\/en\/p-re-r036x-full-zip-active-fleece-jacket-r36-2363\/white-339\/","de":"\/de\/p-re-r036x-full-zip-active-fleece-jacke-r36-2363\/white-339\/","nl":"\/nl\/p-re-r036x-full-zip-active-fleece-jacket-r36-2363\/white-339\/","es":"\/es\/p-re-r036x-chaqueta-de-polar-de-cierre-completo-r36-2363\/white-339\/","it":"\/it\/p-re-r036x-giacca-a-felpa-con-zip-full-r36-2363\/white-339\/","sv":"\/sv\/p-re-r036x-full-zip-active-fleece-jacket-r36-2363\/white-339\/","pt":"\/pt\/p-re-r036x-jaqueta-de-polar-com-ziper-completo-r36-2363\/white-339\/","da":"\/da\/p-re-r036x-full-zip-aktiv-fleece-jakke-r36-2363\/white-339\/","pl":"\/pl\/p-re-r036x-kurtka-fleeceowa-z-pelnym-zapieciem-aktywna-r36-2363\/white-339\/"},"page_links_customization":{"fr":"\/fr\/p-re-r036x-full-zip-active-fleece-jacket-r36-personnalisation-2363\/white-339\/custom\/","en":"\/en\/p-re-r036x-full-zip-active-fleece-jacket-r36-customization-2363\/white-339\/custom\/","de":"\/de\/p-re-r036x-voll-reiszverschluss-active-fleece-jacke-r36-personalisierung-2363\/white-339\/custom\/","nl":"\/nl\/p-re-r036x-volledig-gezipte-active-fleece-jaszak-r36-personalisatie-2363\/white-339\/custom\/","es":"\/es\/p-re-r036x-chaqueta-de-polar-con-cremallera-completa-r36-personalizacion-2363\/white-339\/custom\/","it":"\/it\/p-re-r036x-giacca-a-maglia-con-zip-completo-attiva-r36-personalizzazione-2363\/white-339\/custom\/","sv":"\/sv\/p-re-r036x-full-zip-aktiv-fleecejacka-r36-personliggjoring-2363\/white-339\/custom\/","pt":"\/pt\/p-re-r036x-casaco-de-moletom-com-ziper-completo-r36-personalizacao-2363\/white-339\/custom\/","da":"\/da\/p-re-r036x-full-zip-active-fleece-jacket-r36-personliggorelse-2363\/white-339\/custom\/","pl":"\/pl\/p-re-r036x-full-zip-active-fleece-jacket-r36-personalizacja-2363\/white-339\/custom\/"}},{"id":1730,"name":"forest","class_ids":[5],"codes_hexa":["01391e"],"delai_24":false,"has_3d":false,"seuil_global":0,"stock_local":0,"stock_global":782,"on_standby":false,"in_catalog":true,"images":{"miniature":["https:\/\/media.th4.com\/ITRyjKU0GBNvatyDdS8NUBcFjGUQaW95Na5PpCU3tds\/pr:80\/aHR0cDovL21lZGlhMi5kZXNpZ25wYXJ0bmVyLmZyL2MvcC8yMzYzLzIzNjMtMTczMC0xLndlYnA?v=1769423508"],"medium":["https:\/\/media.th4.com\/O7o5tR8ABSX85cOK_-tEi9tMJcwRSr9kDt8NqKw9dkI\/pr:550x550\/aHR0cDovL21lZGlhMi5kZXNpZ25wYXJ0bmVyLmZyL2MvcC8yMzYzLzIzNjMtMTczMC0xLndlYnA?v=1769423508"],"medium_large":["https:\/\/media.th4.com\/hp6k_m1olDGqzsx5cXV-K5wI8ft_UgsVm1ZhE0oZ7yQ\/pr:1000x1000\/aHR0cDovL21lZGlhMi5kZXNpZ25wYXJ0bmVyLmZyL2MvcC8yMzYzLzIzNjMtMTczMC0xLndlYnA?v=1769423508"],"large":["https:\/\/media.th4.com\/xLMf-UOD3v-TPXY2xGentcX4p84zoPpX9nEtUhR3mTA\/pr:1920\/aHR0cDovL21lZGlhMi5kZXNpZ25wYXJ0bmVyLmZyL2MvcC8yMzYzLzIzNjMtMTczMC0xLndlYnA?v=1769423508"],"opengraph":["https:\/\/media.th4.com\/xbvIcNSdt9F5-QTosGi9W9yP9GP4HNkuDgV1b9Vi6Co\/pr:1200x630\/aHR0cDovL21lZGlhMi5kZXNpZ25wYXJ0bmVyLmZyL2MvcC8yMzYzLzIzNjMtMTczMC0xLndlYnA?v=1769423508"]},"images_customization":{"miniature":["https:\/\/media.th4.com\/ITRyjKU0GBNvatyDdS8NUBcFjGUQaW95Na5PpCU3tds\/pr:80\/aHR0cDovL21lZGlhMi5kZXNpZ25wYXJ0bmVyLmZyL2MvcC8yMzYzLzIzNjMtMTczMC0xLndlYnA?v=1769423508"],"medium":["https:\/\/media.th4.com\/O7o5tR8ABSX85cOK_-tEi9tMJcwRSr9kDt8NqKw9dkI\/pr:550x550\/aHR0cDovL21lZGlhMi5kZXNpZ25wYXJ0bmVyLmZyL2MvcC8yMzYzLzIzNjMtMTczMC0xLndlYnA?v=1769423508"],"medium_large":["https:\/\/media.th4.com\/hp6k_m1olDGqzsx5cXV-K5wI8ft_UgsVm1ZhE0oZ7yQ\/pr:1000x1000\/aHR0cDovL21lZGlhMi5kZXNpZ25wYXJ0bmVyLmZyL2MvcC8yMzYzLzIzNjMtMTczMC0xLndlYnA?v=1769423508"],"large":["https:\/\/media.th4.com\/xLMf-UOD3v-TPXY2xGentcX4p84zoPpX9nEtUhR3mTA\/pr:1920\/aHR0cDovL21lZGlhMi5kZXNpZ25wYXJ0bmVyLmZyL2MvcC8yMzYzLzIzNjMtMTczMC0xLndlYnA?v=1769423508"],"opengraph":["https:\/\/media.th4.com\/xbvIcNSdt9F5-QTosGi9W9yP9GP4HNkuDgV1b9Vi6Co\/pr:1200x630\/aHR0cDovL21lZGlhMi5kZXNpZ25wYXJ0bmVyLmZyL2MvcC8yMzYzLzIzNjMtMTczMC0xLndlYnA?v=1769423508"]},"country_origin":"IN","traceability":{"manufacturing_country_id":null,"weaving_country_id":null,"dyeing_country_id":null},"sizes":[{"id":5,"article_id":64561,"class_id":2,"name":"XS","on_standby":false,"stock_local":0,"stock_global":62,"multiple":1,"estimated_date_reassort":null,"is_destocking":false},{"id":3,"article_id":64562,"class_id":3,"name":"S","on_standby":false,"stock_local":0,"stock_global":105,"multiple":1,"estimated_date_reassort":null,"is_destocking":false},{"id":2,"article_id":64563,"class_id":4,"name":"M","on_standby":false,"stock_local":0,"stock_global":148,"multiple":1,"estimated_date_reassort":null,"is_destocking":false},{"id":1,"article_id":64564,"class_id":5,"name":"L","on_standby":false,"stock_local":0,"stock_global":186,"multiple":1,"estimated_date_reassort":null,"is_destocking":false},{"id":4,"article_id":64565,"class_id":6,"name":"XL","on_standby":false,"stock_local":0,"stock_global":178,"multiple":1,"estimated_date_reassort":null,"is_destocking":false},{"id":1116,"article_id":246705,"class_id":7,"name":"2XL","on_standby":false,"stock_local":0,"stock_global":103,"multiple":1,"estimated_date_reassort":null,"is_destocking":false}],"page_links":{"fr":"\/fr\/p-re-r036x-full-zip-active-fleece-jacket-r36-2363\/forest-1730\/","en":"\/en\/p-re-r036x-full-zip-active-fleece-jacket-r36-2363\/forest-1730\/","de":"\/de\/p-re-r036x-full-zip-active-fleece-jacke-r36-2363\/forest-1730\/","nl":"\/nl\/p-re-r036x-full-zip-active-fleece-jacket-r36-2363\/forest-1730\/","es":"\/es\/p-re-r036x-chaqueta-de-polar-de-cierre-completo-r36-2363\/forest-1730\/","it":"\/it\/p-re-r036x-giacca-a-felpa-con-zip-full-r36-2363\/forest-1730\/","sv":"\/sv\/p-re-r036x-full-zip-active-fleece-jacket-r36-2363\/forest-1730\/","pt":"\/pt\/p-re-r036x-jaqueta-de-polar-com-ziper-completo-r36-2363\/forest-1730\/","da":"\/da\/p-re-r036x-full-zip-aktiv-fleece-jakke-r36-2363\/forest-1730\/","pl":"\/pl\/p-re-r036x-kurtka-fleeceowa-z-pelnym-zapieciem-aktywna-r36-2363\/forest-1730\/"},"page_links_customization":{"fr":"\/fr\/p-re-r036x-full-zip-active-fleece-jacket-r36-personnalisation-2363\/forest-1730\/custom\/","en":"\/en\/p-re-r036x-full-zip-active-fleece-jacket-r36-customization-2363\/forest-1730\/custom\/","de":"\/de\/p-re-r036x-voll-reiszverschluss-active-fleece-jacke-r36-personalisierung-2363\/forest-1730\/custom\/","nl":"\/nl\/p-re-r036x-volledig-gezipte-active-fleece-jaszak-r36-personalisatie-2363\/forest-1730\/custom\/","es":"\/es\/p-re-r036x-chaqueta-de-polar-con-cremallera-completa-r36-personalizacion-2363\/forest-1730\/custom\/","it":"\/it\/p-re-r036x-giacca-a-maglia-con-zip-completo-attiva-r36-personalizzazione-2363\/forest-1730\/custom\/","sv":"\/sv\/p-re-r036x-full-zip-aktiv-fleecejacka-r36-personliggjoring-2363\/forest-1730\/custom\/","pt":"\/pt\/p-re-r036x-casaco-de-moletom-com-ziper-completo-r36-personalizacao-2363\/forest-1730\/custom\/","da":"\/da\/p-re-r036x-full-zip-active-fleece-jacket-r36-personliggorelse-2363\/forest-1730\/custom\/","pl":"\/pl\/p-re-r036x-full-zip-active-fleece-jacket-r36-personalizacja-2363\/forest-1730\/custom\/"}},{"id":334,"name":"royal","class_ids":[2],"codes_hexa":["014189"],"delai_24":false,"has_3d":false,"seuil_global":0,"stock_local":0,"stock_global":684,"on_standby":false,"in_catalog":true,"images":{"miniature":["https:\/\/media.th4.com\/6nTjTdvHmgaqSQ_M4buCYglb9_T2Gs28hSRbnFzK7L8\/pr:80\/aHR0cDovL21lZGlhMi5kZXNpZ25wYXJ0bmVyLmZyL2MvcC8yMzYzLzIzNjMtMzM0LTEud2VicA?v=1769423517"],"medium":["https:\/\/media.th4.com\/LN0F3-ptOf3JdGo_LRMZGOcUPGvyGbi08x7B_bf_drk\/pr:550x550\/aHR0cDovL21lZGlhMi5kZXNpZ25wYXJ0bmVyLmZyL2MvcC8yMzYzLzIzNjMtMzM0LTEud2VicA?v=1769423517"],"medium_large":["https:\/\/media.th4.com\/GP2BcXKFc_wJdulDYEy6c4GboXUBCpSp7zrb0xTJ-xk\/pr:1000x1000\/aHR0cDovL21lZGlhMi5kZXNpZ25wYXJ0bmVyLmZyL2MvcC8yMzYzLzIzNjMtMzM0LTEud2VicA?v=1769423517"],"large":["https:\/\/media.th4.com\/TQNZxGHnzk9Bei9T7SKtD99mEOHTgyJ51w-F2GZ_krU\/pr:1920\/aHR0cDovL21lZGlhMi5kZXNpZ25wYXJ0bmVyLmZyL2MvcC8yMzYzLzIzNjMtMzM0LTEud2VicA?v=1769423517"],"opengraph":["https:\/\/media.th4.com\/qhQ_wYZ4We4NuaQZCrvikC3OIySUpS4nW8WaQB5CGJo\/pr:1200x630\/aHR0cDovL21lZGlhMi5kZXNpZ25wYXJ0bmVyLmZyL2MvcC8yMzYzLzIzNjMtMzM0LTEud2VicA?v=1769423517"]},"images_customization":{"miniature":["https:\/\/media.th4.com\/6nTjTdvHmgaqSQ_M4buCYglb9_T2Gs28hSRbnFzK7L8\/pr:80\/aHR0cDovL21lZGlhMi5kZXNpZ25wYXJ0bmVyLmZyL2MvcC8yMzYzLzIzNjMtMzM0LTEud2VicA?v=1769423517"],"medium":["https:\/\/media.th4.com\/LN0F3-ptOf3JdGo_LRMZGOcUPGvyGbi08x7B_bf_drk\/pr:550x550\/aHR0cDovL21lZGlhMi5kZXNpZ25wYXJ0bmVyLmZyL2MvcC8yMzYzLzIzNjMtMzM0LTEud2VicA?v=1769423517"],"medium_large":["https:\/\/media.th4.com\/GP2BcXKFc_wJdulDYEy6c4GboXUBCpSp7zrb0xTJ-xk\/pr:1000x1000\/aHR0cDovL21lZGlhMi5kZXNpZ25wYXJ0bmVyLmZyL2MvcC8yMzYzLzIzNjMtMzM0LTEud2VicA?v=1769423517"],"large":["https:\/\/media.th4.com\/TQNZxGHnzk9Bei9T7SKtD99mEOHTgyJ51w-F2GZ_krU\/pr:1920\/aHR0cDovL21lZGlhMi5kZXNpZ25wYXJ0bmVyLmZyL2MvcC8yMzYzLzIzNjMtMzM0LTEud2VicA?v=1769423517"],"opengraph":["https:\/\/media.th4.com\/qhQ_wYZ4We4NuaQZCrvikC3OIySUpS4nW8WaQB5CGJo\/pr:1200x630\/aHR0cDovL21lZGlhMi5kZXNpZ25wYXJ0bmVyLmZyL2MvcC8yMzYzLzIzNjMtMzM0LTEud2VicA?v=1769423517"]},"country_origin":"IN","traceability":{"manufacturing_country_id":null,"weaving_country_id":null,"dyeing_country_id":null},"sizes":[{"id":5,"article_id":64537,"class_id":2,"name":"XS","on_standby":false,"stock_local":0,"stock_global":59,"multiple":1,"estimated_date_reassort":null,"is_destocking":false},{"id":3,"article_id":64538,"class_id":3,"name":"S","on_standby":false,"stock_local":0,"stock_global":96,"multiple":1,"estimated_date_reassort":null,"is_destocking":false},{"id":2,"article_id":64539,"class_id":4,"name":"M","on_standby":false,"stock_local":0,"stock_global":149,"multiple":1,"estimated_date_reassort":null,"is_destocking":false},{"id":1,"article_id":64540,"class_id":5,"name":"L","on_standby":false,"stock_local":0,"stock_global":137,"multiple":1,"estimated_date_reassort":null,"is_destocking":false},{"id":4,"article_id":64541,"class_id":6,"name":"XL","on_standby":false,"stock_local":0,"stock_global":130,"multiple":1,"estimated_date_reassort":null,"is_destocking":false},{"id":1116,"article_id":246701,"class_id":7,"name":"2XL","on_standby":false,"stock_local":0,"stock_global":113,"multiple":1,"estimated_date_reassort":null,"is_destocking":false}],"page_links":{"fr":"\/fr\/p-re-r036x-full-zip-active-fleece-jacket-r36-2363\/royal-334\/","en":"\/en\/p-re-r036x-full-zip-active-fleece-jacket-r36-2363\/royal-334\/","de":"\/de\/p-re-r036x-full-zip-active-fleece-jacke-r36-2363\/royal-334\/","nl":"\/nl\/p-re-r036x-full-zip-active-fleece-jacket-r36-2363\/royal-334\/","es":"\/es\/p-re-r036x-chaqueta-de-polar-de-cierre-completo-r36-2363\/royal-334\/","it":"\/it\/p-re-r036x-giacca-a-felpa-con-zip-full-r36-2363\/royal-334\/","sv":"\/sv\/p-re-r036x-full-zip-active-fleece-jacket-r36-2363\/royal-334\/","pt":"\/pt\/p-re-r036x-jaqueta-de-polar-com-ziper-completo-r36-2363\/royal-334\/","da":"\/da\/p-re-r036x-full-zip-aktiv-fleece-jakke-r36-2363\/royal-334\/","pl":"\/pl\/p-re-r036x-kurtka-fleeceowa-z-pelnym-zapieciem-aktywna-r36-2363\/royal-334\/"},"page_links_customization":{"fr":"\/fr\/p-re-r036x-full-zip-active-fleece-jacket-r36-personnalisation-2363\/royal-334\/custom\/","en":"\/en\/p-re-r036x-full-zip-active-fleece-jacket-r36-customization-2363\/royal-334\/custom\/","de":"\/de\/p-re-r036x-voll-reiszverschluss-active-fleece-jacke-r36-personalisierung-2363\/royal-334\/custom\/","nl":"\/nl\/p-re-r036x-volledig-gezipte-active-fleece-jaszak-r36-personalisatie-2363\/royal-334\/custom\/","es":"\/es\/p-re-r036x-chaqueta-de-polar-con-cremallera-completa-r36-personalizacion-2363\/royal-334\/custom\/","it":"\/it\/p-re-r036x-giacca-a-maglia-con-zip-completo-attiva-r36-personalizzazione-2363\/royal-334\/custom\/","sv":"\/sv\/p-re-r036x-full-zip-aktiv-fleecejacka-r36-personliggjoring-2363\/royal-334\/custom\/","pt":"\/pt\/p-re-r036x-casaco-de-moletom-com-ziper-completo-r36-personalizacao-2363\/royal-334\/custom\/","da":"\/da\/p-re-r036x-full-zip-active-fleece-jacket-r36-personliggorelse-2363\/royal-334\/custom\/","pl":"\/pl\/p-re-r036x-full-zip-active-fleece-jacket-r36-personalizacja-2363\/royal-334\/custom\/"}},{"id":374,"name":"red","class_ids":[6],"codes_hexa":["dc0210"],"delai_24":false,"has_3d":false,"seuil_global":0,"stock_local":0,"stock_global":605,"on_standby":false,"in_catalog":true,"images":{"miniature":["https:\/\/media.th4.com\/u-c8ZYp_bh13eAsGOSYcb3PSuqrjd3zG3WBP0VbGyb4\/pr:80\/aHR0cDovL21lZGlhMi5kZXNpZ25wYXJ0bmVyLmZyL2MvcC8yMzYzLzIzNjMtMzc0LTEud2VicA?v=1769423516"],"medium":["https:\/\/media.th4.com\/U20eDYu6jUtysrA-rn3mFmjLEOxi_dGiSv8Fb-nBLvQ\/pr:550x550\/aHR0cDovL21lZGlhMi5kZXNpZ25wYXJ0bmVyLmZyL2MvcC8yMzYzLzIzNjMtMzc0LTEud2VicA?v=1769423516"],"medium_large":["https:\/\/media.th4.com\/Xiv1Pzuu94yBbSkdLc_UEezuddSk2aL-RmJqmOBxRrc\/pr:1000x1000\/aHR0cDovL21lZGlhMi5kZXNpZ25wYXJ0bmVyLmZyL2MvcC8yMzYzLzIzNjMtMzc0LTEud2VicA?v=1769423516"],"large":["https:\/\/media.th4.com\/yUi8dD7W5NwUfcd-n6JneO0ykRcgiNqbCWIohfzS3f0\/pr:1920\/aHR0cDovL21lZGlhMi5kZXNpZ25wYXJ0bmVyLmZyL2MvcC8yMzYzLzIzNjMtMzc0LTEud2VicA?v=1769423516"],"opengraph":["https:\/\/media.th4.com\/51UHQ4i1-_R08-bE583dtDGheOsc9FBqfwRBuIWqxIg\/pr:1200x630\/aHR0cDovL21lZGlhMi5kZXNpZ25wYXJ0bmVyLmZyL2MvcC8yMzYzLzIzNjMtMzc0LTEud2VicA?v=1769423516"]},"images_customization":{"miniature":["https:\/\/media.th4.com\/u-c8ZYp_bh13eAsGOSYcb3PSuqrjd3zG3WBP0VbGyb4\/pr:80\/aHR0cDovL21lZGlhMi5kZXNpZ25wYXJ0bmVyLmZyL2MvcC8yMzYzLzIzNjMtMzc0LTEud2VicA?v=1769423516"],"medium":["https:\/\/media.th4.com\/U20eDYu6jUtysrA-rn3mFmjLEOxi_dGiSv8Fb-nBLvQ\/pr:550x550\/aHR0cDovL21lZGlhMi5kZXNpZ25wYXJ0bmVyLmZyL2MvcC8yMzYzLzIzNjMtMzc0LTEud2VicA?v=1769423516"],"medium_large":["https:\/\/media.th4.com\/Xiv1Pzuu94yBbSkdLc_UEezuddSk2aL-RmJqmOBxRrc\/pr:1000x1000\/aHR0cDovL21lZGlhMi5kZXNpZ25wYXJ0bmVyLmZyL2MvcC8yMzYzLzIzNjMtMzc0LTEud2VicA?v=1769423516"],"large":["https:\/\/media.th4.com\/yUi8dD7W5NwUfcd-n6JneO0ykRcgiNqbCWIohfzS3f0\/pr:1920\/aHR0cDovL21lZGlhMi5kZXNpZ25wYXJ0bmVyLmZyL2MvcC8yMzYzLzIzNjMtMzc0LTEud2VicA?v=1769423516"],"opengraph":["https:\/\/media.th4.com\/51UHQ4i1-_R08-bE583dtDGheOsc9FBqfwRBuIWqxIg\/pr:1200x630\/aHR0cDovL21lZGlhMi5kZXNpZ25wYXJ0bmVyLmZyL2MvcC8yMzYzLzIzNjMtMzc0LTEud2VicA?v=1769423516"]},"country_origin":"IN","traceability":{"manufacturing_country_id":null,"weaving_country_id":null,"dyeing_country_id":null},"sizes":[{"id":5,"article_id":64543,"class_id":2,"name":"XS","on_standby":false,"stock_local":0,"stock_global":54,"multiple":1,"estimated_date_reassort":null,"is_destocking":false},{"id":3,"article_id":64544,"class_id":3,"name":"S","on_standby":false,"stock_local":0,"stock_global":54,"multiple":1,"estimated_date_reassort":null,"is_destocking":false},{"id":2,"article_id":64545,"class_id":4,"name":"M","on_standby":false,"stock_local":0,"stock_global":128,"multiple":1,"estimated_date_reassort":null,"is_destocking":false},{"id":1,"article_id":64546,"class_id":5,"name":"L","on_standby":false,"stock_local":0,"stock_global":113,"multiple":1,"estimated_date_reassort":null,"is_destocking":false},{"id":4,"article_id":64547,"class_id":6,"name":"XL","on_standby":false,"stock_local":0,"stock_global":122,"multiple":1,"estimated_date_reassort":null,"is_destocking":false},{"id":1116,"article_id":246702,"class_id":7,"name":"2XL","on_standby":false,"stock_local":0,"stock_global":134,"multiple":1,"estimated_date_reassort":null,"is_destocking":false}],"page_links":{"fr":"\/fr\/p-re-r036x-full-zip-active-fleece-jacket-r36-2363\/red-374\/","en":"\/en\/p-re-r036x-full-zip-active-fleece-jacket-r36-2363\/red-374\/","de":"\/de\/p-re-r036x-full-zip-active-fleece-jacke-r36-2363\/red-374\/","nl":"\/nl\/p-re-r036x-full-zip-active-fleece-jacket-r36-2363\/red-374\/","es":"\/es\/p-re-r036x-chaqueta-de-polar-de-cierre-completo-r36-2363\/red-374\/","it":"\/it\/p-re-r036x-giacca-a-felpa-con-zip-full-r36-2363\/red-374\/","sv":"\/sv\/p-re-r036x-full-zip-active-fleece-jacket-r36-2363\/red-374\/","pt":"\/pt\/p-re-r036x-jaqueta-de-polar-com-ziper-completo-r36-2363\/red-374\/","da":"\/da\/p-re-r036x-full-zip-aktiv-fleece-jakke-r36-2363\/red-374\/","pl":"\/pl\/p-re-r036x-kurtka-fleeceowa-z-pelnym-zapieciem-aktywna-r36-2363\/red-374\/"},"page_links_customization":{"fr":"\/fr\/p-re-r036x-full-zip-active-fleece-jacket-r36-personnalisation-2363\/red-374\/custom\/","en":"\/en\/p-re-r036x-full-zip-active-fleece-jacket-r36-customization-2363\/red-374\/custom\/","de":"\/de\/p-re-r036x-voll-reiszverschluss-active-fleece-jacke-r36-personalisierung-2363\/red-374\/custom\/","nl":"\/nl\/p-re-r036x-volledig-gezipte-active-fleece-jaszak-r36-personalisatie-2363\/red-374\/custom\/","es":"\/es\/p-re-r036x-chaqueta-de-polar-con-cremallera-completa-r36-personalizacion-2363\/red-374\/custom\/","it":"\/it\/p-re-r036x-giacca-a-maglia-con-zip-completo-attiva-r36-personalizzazione-2363\/red-374\/custom\/","sv":"\/sv\/p-re-r036x-full-zip-aktiv-fleecejacka-r36-personliggjoring-2363\/red-374\/custom\/","pt":"\/pt\/p-re-r036x-casaco-de-moletom-com-ziper-completo-r36-personalizacao-2363\/red-374\/custom\/","da":"\/da\/p-re-r036x-full-zip-active-fleece-jacket-r36-personliggorelse-2363\/red-374\/custom\/","pl":"\/pl\/p-re-r036x-full-zip-active-fleece-jacket-r36-personalizacja-2363\/red-374\/custom\/"}},{"id":1729,"name":"natural","class_ids":[8],"codes_hexa":["fff1c2"],"delai_24":false,"has_3d":false,"seuil_global":0,"stock_local":0,"stock_global":561,"on_standby":false,"in_catalog":true,"images":{"miniature":["https:\/\/media.th4.com\/gXzXNKn5WJ3nZGe71A0mLfQF5mebJWjj1n292OMz1ko\/pr:80\/aHR0cDovL21lZGlhMi5kZXNpZ25wYXJ0bmVyLmZyL2MvcC8yMzYzLzIzNjMtMTcyOS0xLndlYnA?v=1769423508"],"medium":["https:\/\/media.th4.com\/MpV-bUzF1OaWInIHTFShmskq1Iy8mccpkjLMFpoIg_w\/pr:550x550\/aHR0cDovL21lZGlhMi5kZXNpZ25wYXJ0bmVyLmZyL2MvcC8yMzYzLzIzNjMtMTcyOS0xLndlYnA?v=1769423508"],"medium_large":["https:\/\/media.th4.com\/71K66JIh2Ca6g8VMFWD0PMv1vRDE6a18_-eTMxXcfDM\/pr:1000x1000\/aHR0cDovL21lZGlhMi5kZXNpZ25wYXJ0bmVyLmZyL2MvcC8yMzYzLzIzNjMtMTcyOS0xLndlYnA?v=1769423508"],"large":["https:\/\/media.th4.com\/NlujoCxrmMxMjR3I3pL-OuqpLeAvMYecHY2G1hAfM2s\/pr:1920\/aHR0cDovL21lZGlhMi5kZXNpZ25wYXJ0bmVyLmZyL2MvcC8yMzYzLzIzNjMtMTcyOS0xLndlYnA?v=1769423508"],"opengraph":["https:\/\/media.th4.com\/60FoYXPI0_kr_VofrApQTC5-nPqOKo3WB5NjPlYsCE0\/pr:1200x630\/aHR0cDovL21lZGlhMi5kZXNpZ25wYXJ0bmVyLmZyL2MvcC8yMzYzLzIzNjMtMTcyOS0xLndlYnA?v=1769423508"]},"images_customization":{"miniature":["https:\/\/media.th4.com\/gXzXNKn5WJ3nZGe71A0mLfQF5mebJWjj1n292OMz1ko\/pr:80\/aHR0cDovL21lZGlhMi5kZXNpZ25wYXJ0bmVyLmZyL2MvcC8yMzYzLzIzNjMtMTcyOS0xLndlYnA?v=1769423508"],"medium":["https:\/\/media.th4.com\/MpV-bUzF1OaWInIHTFShmskq1Iy8mccpkjLMFpoIg_w\/pr:550x550\/aHR0cDovL21lZGlhMi5kZXNpZ25wYXJ0bmVyLmZyL2MvcC8yMzYzLzIzNjMtMTcyOS0xLndlYnA?v=1769423508"],"medium_large":["https:\/\/media.th4.com\/71K66JIh2Ca6g8VMFWD0PMv1vRDE6a18_-eTMxXcfDM\/pr:1000x1000\/aHR0cDovL21lZGlhMi5kZXNpZ25wYXJ0bmVyLmZyL2MvcC8yMzYzLzIzNjMtMTcyOS0xLndlYnA?v=1769423508"],"large":["https:\/\/media.th4.com\/NlujoCxrmMxMjR3I3pL-OuqpLeAvMYecHY2G1hAfM2s\/pr:1920\/aHR0cDovL21lZGlhMi5kZXNpZ25wYXJ0bmVyLmZyL2MvcC8yMzYzLzIzNjMtMTcyOS0xLndlYnA?v=1769423508"],"opengraph":["https:\/\/media.th4.com\/60FoYXPI0_kr_VofrApQTC5-nPqOKo3WB5NjPlYsCE0\/pr:1200x630\/aHR0cDovL21lZGlhMi5kZXNpZ25wYXJ0bmVyLmZyL2MvcC8yMzYzLzIzNjMtMTcyOS0xLndlYnA?v=1769423508"]},"country_origin":"IN","traceability":{"manufacturing_country_id":null,"weaving_country_id":null,"dyeing_country_id":null},"sizes":[{"id":5,"article_id":64511,"class_id":2,"name":"XS","on_standby":false,"stock_local":0,"stock_global":52,"multiple":1,"estimated_date_reassort":null,"is_destocking":false},{"id":3,"article_id":64512,"class_id":3,"name":"S","on_standby":false,"stock_local":0,"stock_global":83,"multiple":1,"estimated_date_reassort":null,"is_destocking":false},{"id":2,"article_id":64513,"class_id":4,"name":"M","on_standby":false,"stock_local":0,"stock_global":97,"multiple":1,"estimated_date_reassort":null,"is_destocking":false},{"id":1,"article_id":64514,"class_id":5,"name":"L","on_standby":false,"stock_local":0,"stock_global":145,"multiple":1,"estimated_date_reassort":null,"is_destocking":false},{"id":4,"article_id":64515,"class_id":6,"name":"XL","on_standby":false,"stock_local":0,"stock_global":115,"multiple":1,"estimated_date_reassort":null,"is_destocking":false},{"id":1116,"article_id":246697,"class_id":7,"name":"2XL","on_standby":false,"stock_local":0,"stock_global":69,"multiple":1,"estimated_date_reassort":null,"is_destocking":false}],"page_links":{"fr":"\/fr\/p-re-r036x-full-zip-active-fleece-jacket-r36-2363\/natural-1729\/","en":"\/en\/p-re-r036x-full-zip-active-fleece-jacket-r36-2363\/natural-1729\/","de":"\/de\/p-re-r036x-full-zip-active-fleece-jacke-r36-2363\/natural-1729\/","nl":"\/nl\/p-re-r036x-full-zip-active-fleece-jacket-r36-2363\/natural-1729\/","es":"\/es\/p-re-r036x-chaqueta-de-polar-de-cierre-completo-r36-2363\/natural-1729\/","it":"\/it\/p-re-r036x-giacca-a-felpa-con-zip-full-r36-2363\/natural-1729\/","sv":"\/sv\/p-re-r036x-full-zip-active-fleece-jacket-r36-2363\/natural-1729\/","pt":"\/pt\/p-re-r036x-jaqueta-de-polar-com-ziper-completo-r36-2363\/natural-1729\/","da":"\/da\/p-re-r036x-full-zip-aktiv-fleece-jakke-r36-2363\/natural-1729\/","pl":"\/pl\/p-re-r036x-kurtka-fleeceowa-z-pelnym-zapieciem-aktywna-r36-2363\/natural-1729\/"},"page_links_customization":{"fr":"\/fr\/p-re-r036x-full-zip-active-fleece-jacket-r36-personnalisation-2363\/natural-1729\/custom\/","en":"\/en\/p-re-r036x-full-zip-active-fleece-jacket-r36-customization-2363\/natural-1729\/custom\/","de":"\/de\/p-re-r036x-voll-reiszverschluss-active-fleece-jacke-r36-personalisierung-2363\/natural-1729\/custom\/","nl":"\/nl\/p-re-r036x-volledig-gezipte-active-fleece-jaszak-r36-personalisatie-2363\/natural-1729\/custom\/","es":"\/es\/p-re-r036x-chaqueta-de-polar-con-cremallera-completa-r36-personalizacion-2363\/natural-1729\/custom\/","it":"\/it\/p-re-r036x-giacca-a-maglia-con-zip-completo-attiva-r36-personalizzazione-2363\/natural-1729\/custom\/","sv":"\/sv\/p-re-r036x-full-zip-aktiv-fleecejacka-r36-personliggjoring-2363\/natural-1729\/custom\/","pt":"\/pt\/p-re-r036x-casaco-de-moletom-com-ziper-completo-r36-personalizacao-2363\/natural-1729\/custom\/","da":"\/da\/p-re-r036x-full-zip-active-fleece-jacket-r36-personliggorelse-2363\/natural-1729\/custom\/","pl":"\/pl\/p-re-r036x-full-zip-active-fleece-jacket-r36-personalizacja-2363\/natural-1729\/custom\/"}},{"id":323,"name":"orange","class_ids":[9],"codes_hexa":["eb532c"],"delai_24":false,"has_3d":false,"seuil_global":0,"stock_local":0,"stock_global":513,"on_standby":false,"in_catalog":true,"images":{"miniature":["https:\/\/media.th4.com\/ENSmiE328BoA1Q34_4sxAFd7Cxlp9BLtpDdqdrg762E\/pr:80\/aHR0cDovL21lZGlhMi5kZXNpZ25wYXJ0bmVyLmZyL2MvcC8yMzYzLzIzNjMtMzIzLTEud2VicA?v=1769423511","https:\/\/media.th4.com\/KMWo9AthElH_uvHnJKPFXfrdybg2Rqja_gh6ZIzHB1o\/pr:80\/aHR0cDovL21lZGlhMi5kZXNpZ25wYXJ0bmVyLmZyL2MvcC8yMzYzLzIzNjMtMzIzLTIud2VicA?v=1769423512"],"medium":["https:\/\/media.th4.com\/LMATqLpwoeQ5BhL7gL5vj27XVqLAFANe4j8PsWl_VBs\/pr:550x550\/aHR0cDovL21lZGlhMi5kZXNpZ25wYXJ0bmVyLmZyL2MvcC8yMzYzLzIzNjMtMzIzLTEud2VicA?v=1769423511","https:\/\/media.th4.com\/XySZfinBMwgb_O0eY-NLG05zn_YsdRGLtEi23iEsRm0\/pr:550x550\/aHR0cDovL21lZGlhMi5kZXNpZ25wYXJ0bmVyLmZyL2MvcC8yMzYzLzIzNjMtMzIzLTIud2VicA?v=1769423512"],"medium_large":["https:\/\/media.th4.com\/v20ZF-HLTJGSpiSLgbvrtNl-ss7c6z31OdpTC5JYj0c\/pr:1000x1000\/aHR0cDovL21lZGlhMi5kZXNpZ25wYXJ0bmVyLmZyL2MvcC8yMzYzLzIzNjMtMzIzLTEud2VicA?v=1769423511","https:\/\/media.th4.com\/qpP8-qzUuvtyQj6ajc9_x37nCG3Uj8pYngNKy8oG8To\/pr:1000x1000\/aHR0cDovL21lZGlhMi5kZXNpZ25wYXJ0bmVyLmZyL2MvcC8yMzYzLzIzNjMtMzIzLTIud2VicA?v=1769423512"],"large":["https:\/\/media.th4.com\/rWmVTOsjQhhrlRE5neA-d7kwGxgx59phh4p6YTI-3eQ\/pr:1920\/aHR0cDovL21lZGlhMi5kZXNpZ25wYXJ0bmVyLmZyL2MvcC8yMzYzLzIzNjMtMzIzLTEud2VicA?v=1769423511","https:\/\/media.th4.com\/s_H5WKd2K1QVfTuzgL1reshh9oAcBvxgz4yM4ysW3KE\/pr:1920\/aHR0cDovL21lZGlhMi5kZXNpZ25wYXJ0bmVyLmZyL2MvcC8yMzYzLzIzNjMtMzIzLTIud2VicA?v=1769423512"],"opengraph":["https:\/\/media.th4.com\/a8SS4q0S9_D4sUdTyhqLVOV2qfbKtYqXK_Wqu08PAt8\/pr:1200x630\/aHR0cDovL21lZGlhMi5kZXNpZ25wYXJ0bmVyLmZyL2MvcC8yMzYzLzIzNjMtMzIzLTEud2VicA?v=1769423511","https:\/\/media.th4.com\/SFgilDLXNQi9TtX0yF-533krnNLt7gvwGTV3LjETWvg\/pr:1200x630\/aHR0cDovL21lZGlhMi5kZXNpZ25wYXJ0bmVyLmZyL2MvcC8yMzYzLzIzNjMtMzIzLTIud2VicA?v=1769423512"]},"images_customization":{"miniature":["https:\/\/media.th4.com\/ENSmiE328BoA1Q34_4sxAFd7Cxlp9BLtpDdqdrg762E\/pr:80\/aHR0cDovL21lZGlhMi5kZXNpZ25wYXJ0bmVyLmZyL2MvcC8yMzYzLzIzNjMtMzIzLTEud2VicA?v=1769423511","https:\/\/media.th4.com\/KMWo9AthElH_uvHnJKPFXfrdybg2Rqja_gh6ZIzHB1o\/pr:80\/aHR0cDovL21lZGlhMi5kZXNpZ25wYXJ0bmVyLmZyL2MvcC8yMzYzLzIzNjMtMzIzLTIud2VicA?v=1769423512"],"medium":["https:\/\/media.th4.com\/LMATqLpwoeQ5BhL7gL5vj27XVqLAFANe4j8PsWl_VBs\/pr:550x550\/aHR0cDovL21lZGlhMi5kZXNpZ25wYXJ0bmVyLmZyL2MvcC8yMzYzLzIzNjMtMzIzLTEud2VicA?v=1769423511","https:\/\/media.th4.com\/XySZfinBMwgb_O0eY-NLG05zn_YsdRGLtEi23iEsRm0\/pr:550x550\/aHR0cDovL21lZGlhMi5kZXNpZ25wYXJ0bmVyLmZyL2MvcC8yMzYzLzIzNjMtMzIzLTIud2VicA?v=1769423512"],"medium_large":["https:\/\/media.th4.com\/v20ZF-HLTJGSpiSLgbvrtNl-ss7c6z31OdpTC5JYj0c\/pr:1000x1000\/aHR0cDovL21lZGlhMi5kZXNpZ25wYXJ0bmVyLmZyL2MvcC8yMzYzLzIzNjMtMzIzLTEud2VicA?v=1769423511","https:\/\/media.th4.com\/qpP8-qzUuvtyQj6ajc9_x37nCG3Uj8pYngNKy8oG8To\/pr:1000x1000\/aHR0cDovL21lZGlhMi5kZXNpZ25wYXJ0bmVyLmZyL2MvcC8yMzYzLzIzNjMtMzIzLTIud2VicA?v=1769423512"],"large":["https:\/\/media.th4.com\/rWmVTOsjQhhrlRE5neA-d7kwGxgx59phh4p6YTI-3eQ\/pr:1920\/aHR0cDovL21lZGlhMi5kZXNpZ25wYXJ0bmVyLmZyL2MvcC8yMzYzLzIzNjMtMzIzLTEud2VicA?v=1769423511","https:\/\/media.th4.com\/s_H5WKd2K1QVfTuzgL1reshh9oAcBvxgz4yM4ysW3KE\/pr:1920\/aHR0cDovL21lZGlhMi5kZXNpZ25wYXJ0bmVyLmZyL2MvcC8yMzYzLzIzNjMtMzIzLTIud2VicA?v=1769423512"],"opengraph":["https:\/\/media.th4.com\/a8SS4q0S9_D4sUdTyhqLVOV2qfbKtYqXK_Wqu08PAt8\/pr:1200x630\/aHR0cDovL21lZGlhMi5kZXNpZ25wYXJ0bmVyLmZyL2MvcC8yMzYzLzIzNjMtMzIzLTEud2VicA?v=1769423511","https:\/\/media.th4.com\/SFgilDLXNQi9TtX0yF-533krnNLt7gvwGTV3LjETWvg\/pr:1200x630\/aHR0cDovL21lZGlhMi5kZXNpZ25wYXJ0bmVyLmZyL2MvcC8yMzYzLzIzNjMtMzIzLTIud2VicA?v=1769423512"]},"country_origin":"IN","traceability":{"manufacturing_country_id":null,"weaving_country_id":null,"dyeing_country_id":null},"sizes":[{"id":5,"article_id":64549,"class_id":2,"name":"XS","on_standby":false,"stock_local":0,"stock_global":68,"multiple":1,"estimated_date_reassort":null,"is_destocking":false},{"id":3,"article_id":64550,"class_id":3,"name":"S","on_standby":false,"stock_local":0,"stock_global":64,"multiple":1,"estimated_date_reassort":null,"is_destocking":false},{"id":2,"article_id":64551,"class_id":4,"name":"M","on_standby":false,"stock_local":0,"stock_global":59,"multiple":1,"estimated_date_reassort":null,"is_destocking":false},{"id":1,"article_id":64552,"class_id":5,"name":"L","on_standby":false,"stock_local":0,"stock_global":23,"multiple":1,"estimated_date_reassort":null,"is_destocking":false},{"id":4,"article_id":64553,"class_id":6,"name":"XL","on_standby":false,"stock_local":0,"stock_global":33,"multiple":1,"estimated_date_reassort":null,"is_destocking":false},{"id":1116,"article_id":246703,"class_id":7,"name":"2XL","on_standby":false,"stock_local":0,"stock_global":266,"multiple":1,"estimated_date_reassort":null,"is_destocking":false}],"page_links":{"fr":"\/fr\/p-re-r036x-full-zip-active-fleece-jacket-r36-2363\/orange-323\/","en":"\/en\/p-re-r036x-full-zip-active-fleece-jacket-r36-2363\/orange-323\/","de":"\/de\/p-re-r036x-full-zip-active-fleece-jacke-r36-2363\/orange-323\/","nl":"\/nl\/p-re-r036x-full-zip-active-fleece-jacket-r36-2363\/orange-323\/","es":"\/es\/p-re-r036x-chaqueta-de-polar-de-cierre-completo-r36-2363\/orange-323\/","it":"\/it\/p-re-r036x-giacca-a-felpa-con-zip-full-r36-2363\/orange-323\/","sv":"\/sv\/p-re-r036x-full-zip-active-fleece-jacket-r36-2363\/orange-323\/","pt":"\/pt\/p-re-r036x-jaqueta-de-polar-com-ziper-completo-r36-2363\/orange-323\/","da":"\/da\/p-re-r036x-full-zip-aktiv-fleece-jakke-r36-2363\/orange-323\/","pl":"\/pl\/p-re-r036x-kurtka-fleeceowa-z-pelnym-zapieciem-aktywna-r36-2363\/orange-323\/"},"page_links_customization":{"fr":"\/fr\/p-re-r036x-full-zip-active-fleece-jacket-r36-personnalisation-2363\/orange-323\/custom\/","en":"\/en\/p-re-r036x-full-zip-active-fleece-jacket-r36-customization-2363\/orange-323\/custom\/","de":"\/de\/p-re-r036x-voll-reiszverschluss-active-fleece-jacke-r36-personalisierung-2363\/orange-323\/custom\/","nl":"\/nl\/p-re-r036x-volledig-gezipte-active-fleece-jaszak-r36-personalisatie-2363\/orange-323\/custom\/","es":"\/es\/p-re-r036x-chaqueta-de-polar-con-cremallera-completa-r36-personalizacion-2363\/orange-323\/custom\/","it":"\/it\/p-re-r036x-giacca-a-maglia-con-zip-completo-attiva-r36-personalizzazione-2363\/orange-323\/custom\/","sv":"\/sv\/p-re-r036x-full-zip-aktiv-fleecejacka-r36-personliggjoring-2363\/orange-323\/custom\/","pt":"\/pt\/p-re-r036x-casaco-de-moletom-com-ziper-completo-r36-personalizacao-2363\/orange-323\/custom\/","da":"\/da\/p-re-r036x-full-zip-active-fleece-jacket-r36-personliggorelse-2363\/orange-323\/custom\/","pl":"\/pl\/p-re-r036x-full-zip-active-fleece-jacket-r36-personalizacja-2363\/orange-323\/custom\/"}},{"id":2446,"name":"burgundy","class_ids":[6],"codes_hexa":["710e1f"],"delai_24":false,"has_3d":false,"seuil_global":0,"stock_local":0,"stock_global":396,"on_standby":false,"in_catalog":true,"images":{"miniature":["https:\/\/media.th4.com\/wwHjL8YHUumrasLTHQCnu4vbTqoaddppgZh2Qm9sN8g\/pr:80\/aHR0cDovL21lZGlhMi5kZXNpZ25wYXJ0bmVyLmZyL2MvcC8yMzYzLzIzNjMtMjQ0Ni0xLndlYnA?v=1769423507"],"medium":["https:\/\/media.th4.com\/1r5xA_drKgGP67VmVE_yoo9VRTAcy0DZ1z73XZgs1Tk\/pr:550x550\/aHR0cDovL21lZGlhMi5kZXNpZ25wYXJ0bmVyLmZyL2MvcC8yMzYzLzIzNjMtMjQ0Ni0xLndlYnA?v=1769423507"],"medium_large":["https:\/\/media.th4.com\/g-9xE-Q7R2gvRKRcUcQpshx3Me213mCHK6GvqXrgUQg\/pr:1000x1000\/aHR0cDovL21lZGlhMi5kZXNpZ25wYXJ0bmVyLmZyL2MvcC8yMzYzLzIzNjMtMjQ0Ni0xLndlYnA?v=1769423507"],"large":["https:\/\/media.th4.com\/na-WUmu1fxsliIR-UDwBQ1gor8CbRfjKprsufzm3xoc\/pr:1920\/aHR0cDovL21lZGlhMi5kZXNpZ25wYXJ0bmVyLmZyL2MvcC8yMzYzLzIzNjMtMjQ0Ni0xLndlYnA?v=1769423507"],"opengraph":["https:\/\/media.th4.com\/BmToWaeQaq5_0E7Y38gc9zVlg_iZrbGviteT_yBBflQ\/pr:1200x630\/aHR0cDovL21lZGlhMi5kZXNpZ25wYXJ0bmVyLmZyL2MvcC8yMzYzLzIzNjMtMjQ0Ni0xLndlYnA?v=1769423507"]},"images_customization":{"miniature":["https:\/\/media.th4.com\/wwHjL8YHUumrasLTHQCnu4vbTqoaddppgZh2Qm9sN8g\/pr:80\/aHR0cDovL21lZGlhMi5kZXNpZ25wYXJ0bmVyLmZyL2MvcC8yMzYzLzIzNjMtMjQ0Ni0xLndlYnA?v=1769423507"],"medium":["https:\/\/media.th4.com\/1r5xA_drKgGP67VmVE_yoo9VRTAcy0DZ1z73XZgs1Tk\/pr:550x550\/aHR0cDovL21lZGlhMi5kZXNpZ25wYXJ0bmVyLmZyL2MvcC8yMzYzLzIzNjMtMjQ0Ni0xLndlYnA?v=1769423507"],"medium_large":["https:\/\/media.th4.com\/g-9xE-Q7R2gvRKRcUcQpshx3Me213mCHK6GvqXrgUQg\/pr:1000x1000\/aHR0cDovL21lZGlhMi5kZXNpZ25wYXJ0bmVyLmZyL2MvcC8yMzYzLzIzNjMtMjQ0Ni0xLndlYnA?v=1769423507"],"large":["https:\/\/media.th4.com\/na-WUmu1fxsliIR-UDwBQ1gor8CbRfjKprsufzm3xoc\/pr:1920\/aHR0cDovL21lZGlhMi5kZXNpZ25wYXJ0bmVyLmZyL2MvcC8yMzYzLzIzNjMtMjQ0Ni0xLndlYnA?v=1769423507"],"opengraph":["https:\/\/media.th4.com\/BmToWaeQaq5_0E7Y38gc9zVlg_iZrbGviteT_yBBflQ\/pr:1200x630\/aHR0cDovL21lZGlhMi5kZXNpZ25wYXJ0bmVyLmZyL2MvcC8yMzYzLzIzNjMtMjQ0Ni0xLndlYnA?v=1769423507"]},"country_origin":"IN","traceability":{"manufacturing_country_id":null,"weaving_country_id":null,"dyeing_country_id":null},"sizes":[{"id":5,"article_id":64555,"class_id":2,"name":"XS","on_standby":false,"stock_local":0,"stock_global":40,"multiple":1,"estimated_date_reassort":null,"is_destocking":false},{"id":3,"article_id":64556,"class_id":3,"name":"S","on_standby":false,"stock_local":0,"stock_global":61,"multiple":1,"estimated_date_reassort":null,"is_destocking":false},{"id":2,"article_id":64557,"class_id":4,"name":"M","on_standby":false,"stock_local":0,"stock_global":87,"multiple":1,"estimated_date_reassort":null,"is_destocking":false},{"id":1,"article_id":64558,"class_id":5,"name":"L","on_standby":false,"stock_local":0,"stock_global":109,"multiple":1,"estimated_date_reassort":null,"is_destocking":false},{"id":4,"article_id":64559,"class_id":6,"name":"XL","on_standby":false,"stock_local":0,"stock_global":44,"multiple":1,"estimated_date_reassort":null,"is_destocking":false},{"id":1116,"article_id":246704,"class_id":7,"name":"2XL","on_standby":false,"stock_local":0,"stock_global":55,"multiple":1,"estimated_date_reassort":null,"is_destocking":false}],"page_links":{"fr":"\/fr\/p-re-r036x-full-zip-active-fleece-jacket-r36-2363\/burgundy-2446\/","en":"\/en\/p-re-r036x-full-zip-active-fleece-jacket-r36-2363\/burgundy-2446\/","de":"\/de\/p-re-r036x-full-zip-active-fleece-jacke-r36-2363\/burgundy-2446\/","nl":"\/nl\/p-re-r036x-full-zip-active-fleece-jacket-r36-2363\/burgundy-2446\/","es":"\/es\/p-re-r036x-chaqueta-de-polar-de-cierre-completo-r36-2363\/burgundy-2446\/","it":"\/it\/p-re-r036x-giacca-a-felpa-con-zip-full-r36-2363\/burgundy-2446\/","sv":"\/sv\/p-re-r036x-full-zip-active-fleece-jacket-r36-2363\/burgundy-2446\/","pt":"\/pt\/p-re-r036x-jaqueta-de-polar-com-ziper-completo-r36-2363\/burgundy-2446\/","da":"\/da\/p-re-r036x-full-zip-aktiv-fleece-jakke-r36-2363\/burgundy-2446\/","pl":"\/pl\/p-re-r036x-kurtka-fleeceowa-z-pelnym-zapieciem-aktywna-r36-2363\/burgundy-2446\/"},"page_links_customization":{"fr":"\/fr\/p-re-r036x-full-zip-active-fleece-jacket-r36-personnalisation-2363\/burgundy-2446\/custom\/","en":"\/en\/p-re-r036x-full-zip-active-fleece-jacket-r36-customization-2363\/burgundy-2446\/custom\/","de":"\/de\/p-re-r036x-voll-reiszverschluss-active-fleece-jacke-r36-personalisierung-2363\/burgundy-2446\/custom\/","nl":"\/nl\/p-re-r036x-volledig-gezipte-active-fleece-jaszak-r36-personalisatie-2363\/burgundy-2446\/custom\/","es":"\/es\/p-re-r036x-chaqueta-de-polar-con-cremallera-completa-r36-personalizacion-2363\/burgundy-2446\/custom\/","it":"\/it\/p-re-r036x-giacca-a-maglia-con-zip-completo-attiva-r36-personalizzazione-2363\/burgundy-2446\/custom\/","sv":"\/sv\/p-re-r036x-full-zip-aktiv-fleecejacka-r36-personliggjoring-2363\/burgundy-2446\/custom\/","pt":"\/pt\/p-re-r036x-casaco-de-moletom-com-ziper-completo-r36-personalizacao-2363\/burgundy-2446\/custom\/","da":"\/da\/p-re-r036x-full-zip-active-fleece-jacket-r36-personliggorelse-2363\/burgundy-2446\/custom\/","pl":"\/pl\/p-re-r036x-full-zip-active-fleece-jacket-r36-personalizacja-2363\/burgundy-2446\/custom\/"}}],"documentation_link":null,"countries_availables":["AD","AE","AL","AT","BA","BD","BE","BG","BL","CA","CH","CN","CO","CY","CZ","DE","DK","DO","EE","EG","ES","ET","FI","FR","GB","GE","GF","GP","GR","GT","HK","HN","HR","HT","HU","ID","IE","IN","IS","IT","JO","JP","KE","KH","KP","KR","LA","LK","LS","LT","LU","LV","MA","MF","MG","MK","MM","MN","MQ","MT","MX","MY","NC","NI","NL","PF","PH","PK","PL","PM","PT","RE","RO","SE","SG","SI","SK","SV","SY","TH","TN","TR","TW","TZ","US","VN","WF","YT"]},"infos_customization":[],"features":{"authorize_multi_surfaces":true,"display_order_delay_type":true,"promote_surface_display":true,"tarification_franco_offert":true,"enabled_3d_editor":false},"markings":[{"id":0,"nom":"vierge","finition":null,"libelle":null,"code":null,"dpi":null,"finesse_forme_isolee":null,"finesse_forme_non_isolee":null,"hauteur_minimale_texte":null,"inactif":0,"marquage_interne":1,"quantite_min":null,"parent_id":null,"print_on_support":0,"content":"vierge","description":null},{"id":2,"nom":"fonce","finition":"optimale","libelle":"TopQuadri","code":null,"dpi":400,"finesse_forme_isolee":"0.040","finesse_forme_non_isolee":"0.700","hauteur_minimale_texte":2,"inactif":0,"marquage_interne":1,"quantite_min":null,"parent_id":18,"print_on_support":0,"content":"TopQuadri","description":"pour petites et moyennes s\u00e9ries"},{"id":3,"nom":"serigraphie","finition":"serigraphie","libelle":"SeriCoat","code":null,"dpi":400,"finesse_forme_isolee":"0.040","finesse_forme_non_isolee":"0.700","hauteur_minimale_texte":2,"inactif":0,"marquage_interne":1,"quantite_min":15,"parent_id":18,"print_on_support":0,"content":"SeriCoat","description":"pour moyennes et grandes s\u00e9ries"},{"id":4,"nom":"broderie","finition":"broderie","libelle":"Broderie","code":null,"dpi":400,"finesse_forme_isolee":"0.040","finesse_forme_non_isolee":"0.700","hauteur_minimale_texte":3,"inactif":0,"marquage_interne":1,"quantite_min":null,"parent_id":null,"print_on_support":0,"content":"Broderie","description":null},{"id":8,"nom":"theme","finition":null,"libelle":"Th\u00e8me","code":null,"dpi":null,"finesse_forme_isolee":null,"finesse_forme_non_isolee":null,"hauteur_minimale_texte":null,"inactif":0,"marquage_interne":1,"quantite_min":null,"parent_id":null,"print_on_support":0,"content":"Th\u00e8me","description":null},{"id":9,"nom":"sans","finition":null,"libelle":null,"code":null,"dpi":null,"finesse_forme_isolee":null,"finesse_forme_non_isolee":null,"hauteur_minimale_texte":null,"inactif":0,"marquage_interne":1,"quantite_min":null,"parent_id":null,"print_on_support":0,"content":"sans","description":null},{"id":10,"nom":"photo","finition":null,"libelle":"Photo","code":null,"dpi":null,"finesse_forme_isolee":null,"finesse_forme_non_isolee":null,"hauteur_minimale_texte":null,"inactif":0,"marquage_interne":1,"quantite_min":null,"parent_id":null,"print_on_support":0,"content":"Photo","description":null},{"id":14,"nom":"couleur","finition":null,"libelle":"Couleur","code":null,"dpi":null,"finesse_forme_isolee":null,"finesse_forme_non_isolee":null,"hauteur_minimale_texte":null,"inactif":0,"marquage_interne":1,"quantite_min":null,"parent_id":null,"print_on_support":0,"content":"Couleur","description":null},{"id":15,"nom":"sublimation","finition":"sublimation","libelle":"Sublimation","code":null,"dpi":null,"finesse_forme_isolee":"0.000","finesse_forme_non_isolee":"0.000","hauteur_minimale_texte":2,"inactif":0,"marquage_interne":1,"quantite_min":null,"parent_id":null,"print_on_support":0,"content":"Sublimation","description":null},{"id":16,"nom":"topquadri_uv","finition":null,"libelle":"TopQuadri UV","code":null,"dpi":null,"finesse_forme_isolee":"0.020","finesse_forme_non_isolee":"0.700","hauteur_minimale_texte":2,"inactif":0,"marquage_interne":1,"quantite_min":null,"parent_id":null,"print_on_support":1,"content":null,"description":null},{"id":17,"nom":"topquadri_uvp","finition":null,"libelle":"TopQuadri UVP","code":null,"dpi":null,"finesse_forme_isolee":"0.020","finesse_forme_non_isolee":"0.700","hauteur_minimale_texte":2,"inactif":0,"marquage_interne":1,"quantite_min":null,"parent_id":null,"print_on_support":1,"content":null,"description":null},{"id":18,"nom":"quadri","finition":null,"libelle":"Impression","code":null,"dpi":null,"finesse_forme_isolee":null,"finesse_forme_non_isolee":null,"hauteur_minimale_texte":null,"inactif":0,"marquage_interne":1,"quantite_min":null,"parent_id":null,"print_on_support":0,"content":null,"description":null}]}}