{"data":{"product":{"id":2362,"titre":"Polartherm\u2122 fleece top","description":"Polaire \u00e9paisse classique et tr\u00e8s chaude, un incontournable dans l'industrie. Des fibres sp\u00e9ciales assurent que le tissu absorbe seulement 1 % de son poids en humidit\u00e9, qui s'\u00e9vapore avec le mouvement de l'air. Respirant. Poches avant doubl\u00e9es polaire et avec surpiq\u00fbre d\u00e9corative. Ourlet r\u00e9glable par cordon \u00e9lastique. Doux, solide et antibouloche. Col quart de zip. Poignets \u00e9lastiqu\u00e9s. Patte de suspension. Coupe extensible. Sans doublure. Composition : 100 % Polyester.","genre":"mixte","grammage":330,"conditionnement":20,"composition":"polyester,polyester_uniquement","reference":"865.33","reference_visible":"re-r033x","reference_fabricant":"R033X","ref_xor":"745343","in_catalog":true,"is_transfer":false,"is_service":false,"on_standby":false,"has_3d":false,"has_size_guide":false,"has_marking":true,"has_vierge":true,"is_cross_sellable":false,"id_picto":118,"filename_3d":null,"brand":{"id":16,"name":"Result","logo":"logo-result.png","image":"https:\/\/media.th4.com\/R4AINn4EcZGXmGADkvSPvxFxj-96N0ZW37kUw9NCIp8\/pr:brand70x70\/aHR0cDovL21lZGlhMi5kZXNpZ25wYXJ0bmVyLmZyL2MvbS9sb2dvLXJlc3VsdC5wbmc?v=1769696384"},"price_infos":{"price_from":11.06,"quantity":200,"color":{"id":22474,"name":"navy"},"size":{"id":5,"name":"XS"}},"price_infos_marking":{"price_from":18.71,"quantity":200,"color":{"id":22474,"name":"navy"},"size":{"id":5,"name":"XS"},"marking":{"id":4,"name":""},"emplacement":"avant","surface_emplacement_id":1,"surface":"coeur"},"i18n":{"blank":{"title":{"fr":"1\/4 zip fleece top RESULT r33","en":"1\/4 zip fleece top RESULT r33","de":"1\/4 zip Fleece Top Result r33","nl":"1\/4 zip fleece top RESULT r33","es":"1\/4 de cremallera polar top RESULT r33","it":"1\/4 zip fleece top risultato r33","sv":"1\/4 zip fleece top RESULT r33","pt":"1\/4 zip fleece top RESULT r33","da":"1\/4 zip fleece top RESULT r33","pl":"1\/4 zip fleece top RESULT r33"},"description":{"fr":"Ce v\u00eatement propose une conception en polaire trait\u00e9 polyester, offrant un confort thermique adapt\u00e9 \u00e0 diverses situations. Sa structure inclut une fermeture \u00e0 glissi\u00e8re sur le quart sup\u00e9rieur, un col montant pour une protection accrue et des poches en biais pour un rangement pratique. Les fentes lat\u00e9rales assurent une libert\u00e9 de mouvement optimale, tandis que les poignets \u00e9lastiqu\u00e9s contribuent \u00e0 un ajustement confortable.\n\n- Composition : 100 % polyester\n- Traitement : Anti-peluche\n- Col : Montant\n- Poches : En biais\n- Fentes : Lat\u00e9rales\n- Poignets : \u00c9lastiqu\u00e9s","en":"This garment features a polyester fleece construction, providing thermal comfort suitable for various situations. Its structure includes a quarter zip closure, a high collar for added protection, and slanted pockets for practical storage. Side slits ensure optimal freedom of movement, while elasticated cuffs contribute to a comfortable fit. Composition: 100% polyester Treatment: Anti-pilling Collar: High Pockets: Slanted Slits: Side Cuffs: Elasticated","de":"Dieses Kleidungsst\u00fcck bietet eine Konstruktion aus Polyester-Fleece, die einen thermischen Komfort bietet, der f\u00fcr verschiedene Situationen geeignet ist. Seine Struktur umfasst einen Rei\u00dfverschluss im oberen Viertel, einen hohen Kragen f\u00fcr zus\u00e4tzlichen Schutz und schr\u00e4ge Taschen f\u00fcr praktisches Verstauen. Die Seitenfalten sorgen f\u00fcr optimale Bewegungsfreiheit, w\u00e4hrend die elastischen \u00c4rmel f\u00fcr einen bequemen Sitz sorgen.\n\n- Zusammensetzung: 100 % Polyester\n- Behandlung: Anti-Pilling\n- Kragen: Hoch\n- Taschen: Schr\u00e4g\n- Schlitze: Seitlich\n- \u00c4rmel: Elastisch","nl":"Dit kledingstuk biedt een ontwerp in gepolijstde polyester, wat een thermische comfort biedt dat geschikt is voor verschillende situaties. De structuur omvat een rits op het bovenste kwart, een hoge kraag voor extra bescherming en schuine zakken voor praktisch opbergen. De zijopeningen zorgen voor optimale beweeglijkheid, terwijl de elastische polsbanden bijdragen aan een comfortabele pasvorm.\n\n- Samenstelling : 100 % polyester\n- Behandeling : Anti-pil\n- Kraag : Hoog\n- Zakken : Schuin\n- Openingen : Zijaan\n- Polsbanden : Elastisch","es":"Esta prenda ofrece una concepci\u00f3n en polar tratado de poli\u00e9ster, ofreciendo un confort t\u00e9rmico adaptado a diversas situaciones. Su estructura incluye una cremallera en el cuarto superior, un cuello alto para una protecci\u00f3n adicional y bolsillos en diagonal para un almacenamiento pr\u00e1ctico. Las aberturas laterales aseguran una libertad de movimiento \u00f3ptima, mientras que las mu\u00f1ecas el\u00e1sticas contribuyen a un ajuste c\u00f3modo.\n\n- Composici\u00f3n : 100 % poli\u00e9ster\n- Tratamiento : Antipelo\n- Cuello : Alto\n- Bolsillos : En diagonal\n- Abiertas : Laterales\n- Mu\u00f1eca : El\u00e1stica","it":"Questo indumento offre una concezione in polar trattato in poliestere, offrendo un comfort termico adatto a diverse situazioni. La sua struttura include una zip sul quarto superiore, un colletto alto per una protezione accresciuta e tasche oblique per un ripostiglio pratico. Le fessure laterali assicurano una libert\u00e0 di movimento ottimale, mentre i polsi elastici contribuiscono a un adattamento confortevole.\n\n- Composizione: 100 % poliestere\n- Trattamento: Anti-pelucchi\n- Collo: Alto\n- Tasche: Oblique\n- Fessure: Laterali\n- Polsi: Elastici","sv":"Denna kl\u00e4dsel erbjuder en konstruktion i polyesterfoderad polojacka, som ger termisk komfort anpassad f\u00f6r olika situationer. Dess struktur inkluderar en glidl\u00e5s p\u00e5 \u00f6vre fj\u00e4rdedel, ett st\u00e5ende krage f\u00f6r \u00f6kad skydd och sneda fickor f\u00f6r praktisk f\u00f6rvaring. Sid\u00f6ppningar s\u00e4kerst\u00e4ller optimal r\u00f6relsefrihet, medan de elastiska handlederna bidrar till en bekv\u00e4m passform.\n\n- Sammans\u00e4ttning: 100 % polyester\n- Behandling: Anti-pilling\n- Krage: St\u00e5ende\n- Fickor: Sneda\n- \u00d6ppningar: Sid\u00f6ppningar\n- Handledar: Elastiska","pt":"Esta pe\u00e7a oferece um design em polar tratado poli\u00e9ster, proporcionando conforto t\u00e9rmico adequado para diversas situa\u00e7\u00f5es. Sua estrutura inclui um z\u00edper no quarto superior, um colarinho alto para prote\u00e7\u00e3o adicional e bolsos diagonais para armazenamento pr\u00e1tico. As aberturas laterais garantem liberdade de movimento \u00f3tima, enquanto os punhos el\u00e1sticos contribuem para um ajuste confort\u00e1vel.\n\n- Composi\u00e7\u00e3o: 100% poli\u00e9ster\n- Tratamento: Anti-pelotas\n- Colarinho: Alto\n- Bolsos: Diagonais\n- Aberturas: Laterais\n- Punhos: El\u00e1sticos","da":"Dette t\u00f8j tilbyder en konstruktion i polyester behandlet fleece, der giver en varmekomfort, der passer til forskellige situationer. Strukturen inkluderer en glidel\u00e5s p\u00e5 den \u00f8verste fjerdedel, en opstillede krave til \u00f8get beskyttelse og skr\u00e5 lommer til praktisk opbevaring. De siderende snit sikrer optimal bev\u00e6gelighed, mens de elastiske \u00e6rmer bidrager til en behagelig pasform.\n\n- Sammens\u00e6tning: 100% polyester\n- Behandling: Anti-pil\n- Krave: Opstillede\n- Lommer: Skr\u00e5\n- Snit: Siderende\n- \u00c6rmer: Elastiske","pl":"Ten ubi\u00f3r oferuje konstrukcj\u0119 z polara z poliestru, zapewniaj\u0105c komfort termiczny dostosowany do r\u00f3\u017cnych sytuacji. Jego struktura obejmuje zapi\u0119cie na zamek b\u0142yskawiczny na g\u00f3rnej \u0107wiartce, wysoki ko\u0142nierz dla zwi\u0119kszonej ochrony i uko\u015bne kieszenie dla praktycznego przechowywania. Boczne szlufy zapewniaj\u0105 optymaln\u0105 swobod\u0119 ruchu, podczas gdy elastyczne mankiety przyczyniaj\u0105 si\u0119 do komfortowego dopasowania.\n\n- Sk\u0142ad : 100 % poliestru\n- Opr\u00f3cz : Przeciwob\u0142yszcz\u0105ce\n- Ko\u0142nierz : Wysoki\n- Kieszenie : Uko\u015bne\n- Szlufy : Boczne\n- Mankiety : Elastyczne"},"h1":{"fr":"1\/4 zip fleece top r33","en":"1\/4 zip fleece top r33","de":"1\/4 zip Fleece Top r33","nl":"1\/4 zip fleece top r33","es":"1\/4 de cremallera polar top r33","it":"1\/4 zip fleece top r33","sv":"1\/4 zip fleece top r33","pt":"1\/4 zip fleece top r33","da":"1\/4 zip fleece top r33","pl":"1\/4 zip fleece top r33"},"meta_description":{"fr":"Polaire trait\u00e9 polyester 1\/4 zip. Confort et chaleur pour vos activit\u00e9s. D\u00e9couvrez le 1\/4 zip fleece top re-r33.","en":"Polyester fleece 1\/4 zip. Comfort and warmth for your activities. Discover the 1\/4 zip fleece top re-r33.","de":"Polar aus Polyester 1\/4 zip. Komfort und W\u00e4rme f\u00fcr Ihre Aktivit\u00e4ten. Entdecken Sie das 1\/4 zip Fleece Top re-r33.","nl":"Polyester gepolijstde 1\/4 zip. Comfort en warmte voor uw activiteiten. Ontdek de 1\/4 zip fleece top re-r33.","es":"Polar tratado de poli\u00e9ster 1\/4 de cremallera. Confort y calor para sus actividades. Descubra el 1\/4 de cremallera polar top re-r33.","it":"Polar trattato in poliestere 1\/4 zip. Confort e calore per le vostre attivit\u00e0. Scoprite il 1\/4 zip fleece top re-r33","sv":"Polyesterfoderad polojacka med 1\/4 glidl\u00e5s. Komfort och v\u00e4rme f\u00f6r dina aktiviteter. Uppt\u00e4ck 1\/4 zip fleece top re-r33.","pt":"Polar tratado poli\u00e9ster 1\/4 zip. Conforto e calor para suas atividades. Descubra o 1\/4 zip fleece top re-r33.","da":"Polyester behandlet fleece 1\/4 zip. Komfort og varme til dine aktiviteter. Opdag 1\/4 zip fleece top re-r33.","pl":"Polar z poliestru z zapi\u0119ciem 1\/4. Komfort i ciep\u0142o dla Twoich aktywno\u015bci. Odkryj 1\/4 zip fleece top re-r33."}},"custom":{"title":{"fr":"1\/4 zip fleece top RESULT personnalisable r33","en":"1\/4 zip fleece top RESULT customizable r33","de":"1\/4 Zip Fleece Top Result personalisierbar r33","nl":"1\/4 zip fleece top RESULT personaliseerbaar r33","es":"1\/4 zip fleece top RESULT personalizable r33","it":"1\/4 zip felpa top RESULT personalizzabile r33","sv":"1\/4 zip fleece top RESULT anpassningsbar r33","pt":"1\/4 zip fleece top RESULT personaliz\u00e1vel r33","da":"1\/4 zip fleece top RESULT personaliserbar r33","pl":"1\/4 zip fleece top RESULT dostosowywalny r33"},"description":{"fr":"Ce 1\/4 zip fleece top en polaire trait\u00e9 polyester offre confort et chaleur. Sa coupe classique et sa mati\u00e8re douce en font un v\u00eatement id\u00e9al pour diverses occasions. Il est con\u00e7u pour \u00eatre personnalis\u00e9, notamment par broderie, permettant ainsi d'ajouter votre logo ou votre visuel. Ce mod\u00e8le est adapt\u00e9 pour une utilisation professionnelle ou pour des \u00e9v\u00e9nements promotionnels. \n\n- 100 % polyester\n- Polaire trait\u00e9 anti-peluche\n- Col montant\n- Poches en biais\n- Fentes de c\u00f4t\u00e9\n- Poignets \u00e9lastiqu\u00e9s","en":"This 1\/4 zip fleece top in treated polyester fleece offers comfort and warmth. Its classic cut and soft material make it an ideal garment for various occasions. It is designed to be customized, in particular by embroidery, allowing you to add your logo or your visual. This model is suitable for professional use or for promotional events. \n\n- 100 % polyester\n- Anti-pilling treated fleece\n- High collar\n- Bias pockets\n- Side slits\n- Elasticated cuffs","de":"Dieses 1\/4 Zip Fleece Top aus Polarfleece aus Polyester bietet Komfort und W\u00e4rme. Sein klassischer Schnitt und sein weiches Material machen es zu einem idealen Kleidungsst\u00fcck f\u00fcr verschiedene Anl\u00e4sse. Es ist f\u00fcr die Personalisierung konzipiert, insbesondere durch Stickerei, sodass Sie Ihr Logo oder Ihr Bild hinzuf\u00fcgen k\u00f6nnen. Dieses Modell ist f\u00fcr den professionellen Einsatz oder f\u00fcr Werbeveranstaltungen geeignet. \n\n- 100 % Polyester\n- Anti-Pilling Polarfleece\n- Hoher Kragen\n- Schr\u00e4ge Taschen\n- Seiten\u00f6ffnungen\n- Elastische B\u00fcndchen","nl":"Deze 1\/4 zip fleece top in polyester polaire behandeld biedt comfort en warmte. De klassieke snit en het zachte materiaal maken het een kledingstuk dat geschikt is voor verschillende gelegenheden. Het is ontworpen om te personaliseren, met name door stikken, waardoor u uw logo of uw visuele element kunt toevoegen. Dit model is geschikt voor professioneel gebruik of voor promotie-evenementen. \n\n- 100 % polyester\n- Polaire behandeld anti-pil\n- Hoog kolletje\n- Schuine zakken\n- Zijopeningen\n- Elastische polsbanden","es":"Este 1\/4 zip fleece top en polar tratado de poli\u00e9ster ofrece confort y calor. Su corte cl\u00e1sico y su materia suave lo convierten en una prenda ideal para diversas ocasiones. Est\u00e1 dise\u00f1ado para ser personalizado, especialmente por bordado, permitiendo as\u00ed a\u00f1adir su logo o su visual. Este modelo es adecuado para un uso profesional o para eventos promocionales. \n\n- 100 % poli\u00e9ster\n- Polar tratado anti-bolitas\n- Cuello alto\n- Bolsillos en diagonal\n- Abiertas laterales\n- Mu\u00f1ecas el\u00e1sticas","it":"Questa felpa con zip 1\/4 in polar trattato poliestere offre comfort e calore. Il suo taglio classico e il materiale morbido ne fanno un capo ideale per diverse occasioni. \u00c8 progettato per essere personalizzato, in particolare con ricamo, permettendo di aggiungere il vostro logo o il vostro visivo. Questo modello \u00e8 adatto per un uso professionale o per eventi promozionali. \n\n- 100% poliestere\n- Polar trattato antipelucchia\n- Collo alto\n- Tasche oblique\n- Fenditure laterali\n- Polsini elasticizzati","sv":"Denna 1\/4 zip fleece top i pol\u00e4r behandlad polyester erbjuder komfort och v\u00e4rme. Dess klassiska sk\u00e4rning och mjuka material g\u00f6r det till en idealisk kl\u00e4dsel f\u00f6r olika tillf\u00e4llen. Den \u00e4r konstruerad f\u00f6r att kunna anpassas, s\u00e4rskilt med broderi, vilket g\u00f6r att du kan l\u00e4gga till ditt logotyp eller ditt visuella element. Denna modell \u00e4r l\u00e4mplig f\u00f6r professionellt bruk eller f\u00f6r promotional event.","pt":"Este 1\/4 zip fleece top em polar tratado poli\u00e9ster oferece conforto e calor. Seu corte cl\u00e1ssico e material macio o tornam uma pe\u00e7a ideal para v\u00e1rias ocasi\u00f5es. Ele \u00e9 projetado para ser personalizado, especialmente por bordado, permitindo assim adicionar seu logotipo ou visual. Este modelo \u00e9 adequado para uso profissional ou para eventos promocionais. \n\n- 100 % poli\u00e9ster\n- Polar tratado anti-pelucas\n- Colarinho alto\n- Bolso inclinado\n- Fendas laterais\n- Punhos el\u00e1sticos","da":"Denne 1\/4 zip fleece top i behandlet polyester fleece giver komfort og varme. Den klassiske sk\u00e6ring og det bl\u00f8de materiale g\u00f8r det til et ideelt t\u00f8j til forskellige lejligheder. Det er designet til at v\u00e6re personaliseret, is\u00e6r ved broderi, hvilket muligg\u00f8r tilf\u00f8jelse af dit logo eller dit visuelle. Denne model er egnet til professionel brug eller til promotionsarrangementer. \n\n- 100 % polyester\n- Behandlet anti-pels fleece\n- H\u00f8j krave\n- Skr\u00e5 lommer\n- Side\u00e5bninger\n- Elastikede \u00e6rmer","pl":"Ta 1\/4 zip fleece top w polarze z poliestru oferuje komfort i ciep\u0142o. Jej klasyczny kroj i mi\u0119kki materia\u0142 sprawiaj\u0105, \u017ce jest to ubranie idealne do r\u00f3\u017cnych okazji. Zosta\u0142a zaprojektowana do personalizacji, w szczeg\u00f3lno\u015bci przez haft, co pozwala doda\u0107 Tw\u00f3j logo lub wizualizacj\u0119. Ten model jest odpowiedni do u\u017cytku profesjonalnego lub na wydarzenia promocyjne. \n\n- 100 % poliestru\n- Polar z obr\u00f3bk\u0105 przeciwpeluszkow\u0105\n- Wysoki ko\u0142nierz\n- Boki z rozci\u0119ciami\n- Man\u017cety z elastycznym paskiem"},"h1":{"fr":"1\/4 zip fleece top personnalis\u00e9 r33","en":"1\/4 zip fleece top custom r33","de":"1\/4 Zip Fleece Top personalisiert r33","nl":"1\/4 zip fleece top gepersonaliseerd r33","es":"1\/4 zip fleece top personalizado r33","it":"1\/4 zip felpa top personalizzato r33","sv":"1\/4 zip fleece top anpassad r33","pt":"1\/4 zip fleece top personalizado r33","da":"1\/4 zip fleece top personaliseret r33","pl":"1\/4 zip fleece top dostosowany r33"},"meta_description":{"fr":"Polaire trait\u00e9 polyester 1\/4 zip. Id\u00e9al pour la personnalisation en broderie. Confort et chaleur pour vos \u00e9v\u00e9nements.","en":"1\/4 zip polyester fleece. Ideal for embroidery customization. Comfort and warmth for your events.","de":"Polar aus Polyester mit 1\/4 Zip. Ideal zur Personalisierung durch Stickerei. Komfort und W\u00e4rme f\u00fcr Ihre Veranstaltungen.","nl":"Polyester polaire 1\/4 zip behandeld. Ideaal voor personalisatie met stikken. Comfort en warmte voor uw evenementen.","es":"Polar tratado de poli\u00e9ster 1\/4 zip. Ideal para la personalizaci\u00f3n en bordado. Confort y calor para sus eventos.","it":"Polar trattato in poliestere con zip 1\/4. Ideale per la personalizzazione con ricamo. Confort e calore per i vostri eventi.","sv":"Pol\u00e4r behandlad polyester 1\/4 zip. Idealisk f\u00f6r personifiering med broderi. Komfort och v\u00e4rme f\u00f6r dina evenemang.","pt":"Polar tratado poli\u00e9ster 1\/4 zip. Ideal para personaliza\u00e7\u00e3o em bordado. Conforto e calor para seus eventos.","da":"Polyester fleece behandlet 1\/4 zip. Ideel til personalisering med broderi. Komfort og varme til dine arrangementer.","pl":"Trzycz\u0142onowa bluzka polarowa z zapi\u0119ciem rzepem. Idealna do personalizacji przez haft. Komfort i ciep\u0142o na Twoje wydarzenia."}}},"categories":[{"id":7,"name":"Polaires","singular":"Polaire","is_feminin":false},{"id":354,"name":"Textile","singular":"Textile","is_feminin":false}],"certifications":[],"videos":{"fr":[],"en":[],"de":[],"nl":[],"es":[],"it":[],"sv":[],"pt":[],"da":[],"pl":[]},"main_images":{"miniature":"https:\/\/media.th4.com\/Cexcuc_Lv0Vhx3Sl9Q3JhBsnye1Bjgua96EO232tvz0\/pr:80\/aHR0cDovL21lZGlhMi5kZXNpZ25wYXJ0bmVyLmZyL2MvcC1ibGFuay1USC8yMzYyLndlYnA?v=1769424866","medium":"https:\/\/media.th4.com\/AsLq3K4Tn_b6CckjfI7hi2pqOLr3JmNyADki0jkWQaY\/pr:550x550greybg\/aHR0cDovL21lZGlhMi5kZXNpZ25wYXJ0bmVyLmZyL2MvcC1ibGFuay1USC8yMzYyLndlYnA?v=1769424866","medium_large":"https:\/\/media.th4.com\/JG0z4odvAYRv2DoZiARxCGodDBDko_eVwhMFdiwFzUw\/pr:1000x1000greybg\/aHR0cDovL21lZGlhMi5kZXNpZ25wYXJ0bmVyLmZyL2MvcC1ibGFuay1USC8yMzYyLndlYnA?v=1769424866","large":"https:\/\/media.th4.com\/nMJuuwIxi5Qg2m07AEJuOzrTmpNV-1BT7F72XeCyEk8\/pr:1920greybg\/aHR0cDovL21lZGlhMi5kZXNpZ25wYXJ0bmVyLmZyL2MvcC1ibGFuay1USC8yMzYyLndlYnA?v=1769424866","opengraph":"https:\/\/media.th4.com\/zzTzJVMDOq10KvEx2QsYnYUtOBd70tINYdFVKPu2Ws0\/pr:1200x630greybg\/aHR0cDovL21lZGlhMi5kZXNpZ25wYXJ0bmVyLmZyL2MvcC1ibGFuay1USC8yMzYyLndlYnA?v=1769424866"},"main_images_customization":{"miniature":"https:\/\/media.th4.com\/BM0fhsr0fVnYLCa_SgOpj2NeDdHzVe6hQmJfhon9SnE\/pr:80\/aHR0cDovL21lZGlhMi5kZXNpZ25wYXJ0bmVyLmZyL2MvcC1jdXN0b20tVEgvMjM2Mi53ZWJw?v=1769425034","medium":"https:\/\/media.th4.com\/-xEhuSdyci3nFUbqhptky2KbQnZk1J3rOrya-CyFD-E\/pr:550x550greybg\/aHR0cDovL21lZGlhMi5kZXNpZ25wYXJ0bmVyLmZyL2MvcC1jdXN0b20tVEgvMjM2Mi53ZWJw?v=1769425034","medium_large":"https:\/\/media.th4.com\/7Fh-zgnd2Rc7CiDQPZlB5DM3qmgPgoFdMadqckjGLIc\/pr:1000x1000greybg\/aHR0cDovL21lZGlhMi5kZXNpZ25wYXJ0bmVyLmZyL2MvcC1jdXN0b20tVEgvMjM2Mi53ZWJw?v=1769425034","large":"https:\/\/media.th4.com\/q9-Wly2QTufMtzQWx70Ge2jR6gKGcDAyvTxS8Sye-8w\/pr:1920greybg\/aHR0cDovL21lZGlhMi5kZXNpZ25wYXJ0bmVyLmZyL2MvcC1jdXN0b20tVEgvMjM2Mi53ZWJw?v=1769425034","opengraph":"https:\/\/media.th4.com\/S5V2F4lhJBbOY6nXXA0XtqUdf4qR-lgEG920p4LAd94\/pr:1200x630greybg\/aHR0cDovL21lZGlhMi5kZXNpZ25wYXJ0bmVyLmZyL2MvcC1jdXN0b20tVEgvMjM2Mi53ZWJw?v=1769425034"},"page_links":{"fr":"\/fr\/p-re-r033x-1-4-zip-fleece-top-r33-2362\/","en":"\/en\/p-re-r033x-1-4-zip-fleece-top-r33-2362\/","de":"\/de\/p-re-r033x-1-4-zip-fleece-top-r33-2362\/","nl":"\/nl\/p-re-r033x-1-4-zip-fleece-top-r33-2362\/","es":"\/es\/p-re-r033x-1-4-de-cremallera-polar-top-r33-2362\/","it":"\/it\/p-re-r033x-1-4-zip-fleece-top-r33-2362\/","sv":"\/sv\/p-re-r033x-1-4-zip-fleece-top-r33-2362\/","pt":"\/pt\/p-re-r033x-1-4-zip-fleece-top-r33-2362\/","da":"\/da\/p-re-r033x-1-4-zip-fleece-top-r33-2362\/","pl":"\/pl\/p-re-r033x-1-4-zip-fleece-top-r33-2362\/"},"page_links_customization":{"fr":"\/fr\/p-re-r033x-1-4-zip-fleece-top-personnalise-r33-2362\/custom\/","en":"\/en\/p-re-r033x-1-4-zip-fleece-top-custom-r33-2362\/custom\/","de":"\/de\/p-re-r033x-1-4-zip-fleece-top-personalisiert-r33-2362\/custom\/","nl":"\/nl\/p-re-r033x-1-4-zip-fleece-top-gepersonaliseerd-r33-2362\/custom\/","es":"\/es\/p-re-r033x-1-4-zip-fleece-top-personalizado-r33-2362\/custom\/","it":"\/it\/p-re-r033x-1-4-zip-felpa-top-personalizzato-r33-2362\/custom\/","sv":"\/sv\/p-re-r033x-1-4-zip-fleece-top-anpassad-r33-2362\/custom\/","pt":"\/pt\/p-re-r033x-1-4-zip-fleece-top-personalizado-r33-2362\/custom\/","da":"\/da\/p-re-r033x-1-4-zip-fleece-top-personaliseret-r33-2362\/custom\/","pl":"\/pl\/p-re-r033x-1-4-zip-fleece-top-dostosowany-r33-2362\/custom\/"},"equivalent_products":[],"colors":[{"id":22474,"name":"navy","class_ids":[2],"codes_hexa":["19286b"],"delai_24":false,"has_3d":false,"seuil_global":0,"stock_local":0,"stock_global":2536,"on_standby":false,"in_catalog":true,"images":{"miniature":["https:\/\/media.th4.com\/kGEJDXled9Sp1TKJRokMuyI-bzTcJ8a_2eVIzJlfwlw\/pr:80\/aHR0cDovL21lZGlhMi5kZXNpZ25wYXJ0bmVyLmZyL2MvcC8yMzYyLzIzNjItMjI0NzQtMS53ZWJw?v=1769423495"],"medium":["https:\/\/media.th4.com\/7i8kWKSActyNjS4YilzpeRZUU5a70dNaTrC22ocARF4\/pr:550x550\/aHR0cDovL21lZGlhMi5kZXNpZ25wYXJ0bmVyLmZyL2MvcC8yMzYyLzIzNjItMjI0NzQtMS53ZWJw?v=1769423495"],"medium_large":["https:\/\/media.th4.com\/1hG6QcCEx_v1UtWT5TjnpwEd1UxNjuFme8Dr54DEq9g\/pr:1000x1000\/aHR0cDovL21lZGlhMi5kZXNpZ25wYXJ0bmVyLmZyL2MvcC8yMzYyLzIzNjItMjI0NzQtMS53ZWJw?v=1769423495"],"large":["https:\/\/media.th4.com\/vfYu-2nRViwdY9tLr7r4oVdNJjGar48FR8p9JmwzUrg\/pr:1920\/aHR0cDovL21lZGlhMi5kZXNpZ25wYXJ0bmVyLmZyL2MvcC8yMzYyLzIzNjItMjI0NzQtMS53ZWJw?v=1769423495"],"opengraph":["https:\/\/media.th4.com\/RE0u41EmHqblA2SVhw0jSpUmvX_KymV1out1lT-Hkrg\/pr:1200x630\/aHR0cDovL21lZGlhMi5kZXNpZ25wYXJ0bmVyLmZyL2MvcC8yMzYyLzIzNjItMjI0NzQtMS53ZWJw?v=1769423495"]},"images_customization":{"miniature":["https:\/\/media.th4.com\/kGEJDXled9Sp1TKJRokMuyI-bzTcJ8a_2eVIzJlfwlw\/pr:80\/aHR0cDovL21lZGlhMi5kZXNpZ25wYXJ0bmVyLmZyL2MvcC8yMzYyLzIzNjItMjI0NzQtMS53ZWJw?v=1769423495"],"medium":["https:\/\/media.th4.com\/7i8kWKSActyNjS4YilzpeRZUU5a70dNaTrC22ocARF4\/pr:550x550\/aHR0cDovL21lZGlhMi5kZXNpZ25wYXJ0bmVyLmZyL2MvcC8yMzYyLzIzNjItMjI0NzQtMS53ZWJw?v=1769423495"],"medium_large":["https:\/\/media.th4.com\/1hG6QcCEx_v1UtWT5TjnpwEd1UxNjuFme8Dr54DEq9g\/pr:1000x1000\/aHR0cDovL21lZGlhMi5kZXNpZ25wYXJ0bmVyLmZyL2MvcC8yMzYyLzIzNjItMjI0NzQtMS53ZWJw?v=1769423495"],"large":["https:\/\/media.th4.com\/vfYu-2nRViwdY9tLr7r4oVdNJjGar48FR8p9JmwzUrg\/pr:1920\/aHR0cDovL21lZGlhMi5kZXNpZ25wYXJ0bmVyLmZyL2MvcC8yMzYyLzIzNjItMjI0NzQtMS53ZWJw?v=1769423495"],"opengraph":["https:\/\/media.th4.com\/RE0u41EmHqblA2SVhw0jSpUmvX_KymV1out1lT-Hkrg\/pr:1200x630\/aHR0cDovL21lZGlhMi5kZXNpZ25wYXJ0bmVyLmZyL2MvcC8yMzYyLzIzNjItMjI0NzQtMS53ZWJw?v=1769423495"]},"country_origin":"IN","traceability":{"manufacturing_country_id":null,"weaving_country_id":null,"dyeing_country_id":null},"sizes":[{"id":5,"article_id":64484,"class_id":2,"name":"XS","on_standby":false,"stock_local":0,"stock_global":268,"multiple":1,"estimated_date_reassort":null,"is_destocking":false},{"id":3,"article_id":64485,"class_id":3,"name":"S","on_standby":false,"stock_local":0,"stock_global":321,"multiple":1,"estimated_date_reassort":null,"is_destocking":false},{"id":2,"article_id":64486,"class_id":4,"name":"M","on_standby":false,"stock_local":0,"stock_global":910,"multiple":1,"estimated_date_reassort":null,"is_destocking":false},{"id":1,"article_id":64487,"class_id":5,"name":"L","on_standby":false,"stock_local":0,"stock_global":589,"multiple":1,"estimated_date_reassort":null,"is_destocking":false},{"id":4,"article_id":64488,"class_id":6,"name":"XL","on_standby":false,"stock_local":0,"stock_global":197,"multiple":1,"estimated_date_reassort":null,"is_destocking":false},{"id":1116,"article_id":246692,"class_id":7,"name":"2XL","on_standby":false,"stock_local":0,"stock_global":168,"multiple":1,"estimated_date_reassort":null,"is_destocking":false},{"id":1081,"article_id":531189,"class_id":8,"name":"3XL","on_standby":false,"stock_local":0,"stock_global":83,"multiple":1,"estimated_date_reassort":null,"is_destocking":false}],"page_links":{"fr":"\/fr\/p-re-r033x-1-4-zip-fleece-top-r33-2362\/navy-22474\/","en":"\/en\/p-re-r033x-1-4-zip-fleece-top-r33-2362\/navy-22474\/","de":"\/de\/p-re-r033x-1-4-zip-fleece-top-r33-2362\/navy-22474\/","nl":"\/nl\/p-re-r033x-1-4-zip-fleece-top-r33-2362\/navy-22474\/","es":"\/es\/p-re-r033x-1-4-de-cremallera-polar-top-r33-2362\/navy-22474\/","it":"\/it\/p-re-r033x-1-4-zip-fleece-top-r33-2362\/navy-22474\/","sv":"\/sv\/p-re-r033x-1-4-zip-fleece-top-r33-2362\/navy-22474\/","pt":"\/pt\/p-re-r033x-1-4-zip-fleece-top-r33-2362\/navy-22474\/","da":"\/da\/p-re-r033x-1-4-zip-fleece-top-r33-2362\/navy-22474\/","pl":"\/pl\/p-re-r033x-1-4-zip-fleece-top-r33-2362\/navy-22474\/"},"page_links_customization":{"fr":"\/fr\/p-re-r033x-1-4-zip-fleece-top-personnalise-r33-2362\/navy-22474\/custom\/","en":"\/en\/p-re-r033x-1-4-zip-fleece-top-custom-r33-2362\/navy-22474\/custom\/","de":"\/de\/p-re-r033x-1-4-zip-fleece-top-personalisiert-r33-2362\/navy-22474\/custom\/","nl":"\/nl\/p-re-r033x-1-4-zip-fleece-top-gepersonaliseerd-r33-2362\/navy-22474\/custom\/","es":"\/es\/p-re-r033x-1-4-zip-fleece-top-personalizado-r33-2362\/navy-22474\/custom\/","it":"\/it\/p-re-r033x-1-4-zip-felpa-top-personalizzato-r33-2362\/navy-22474\/custom\/","sv":"\/sv\/p-re-r033x-1-4-zip-fleece-top-anpassad-r33-2362\/navy-22474\/custom\/","pt":"\/pt\/p-re-r033x-1-4-zip-fleece-top-personalizado-r33-2362\/navy-22474\/custom\/","da":"\/da\/p-re-r033x-1-4-zip-fleece-top-personaliseret-r33-2362\/navy-22474\/custom\/","pl":"\/pl\/p-re-r033x-1-4-zip-fleece-top-dostosowany-r33-2362\/navy-22474\/custom\/"}},{"id":364,"name":"black","class_ids":[4],"codes_hexa":["1a1a18"],"delai_24":false,"has_3d":false,"seuil_global":0,"stock_local":0,"stock_global":1522,"on_standby":false,"in_catalog":true,"images":{"miniature":["https:\/\/media.th4.com\/YGsPMcbvbh_vVueS9Ol8DOvCNP7WzJ_Ygok3MN0MyEs\/pr:80\/aHR0cDovL21lZGlhMi5kZXNpZ25wYXJ0bmVyLmZyL2MvcC8yMzYyLzIzNjItMzY0LTEud2VicA?v=1769423493"],"medium":["https:\/\/media.th4.com\/zy61F_ml7u6RVo1OHKy66SSuPKYxUtBq6JN2GUBjm5I\/pr:550x550\/aHR0cDovL21lZGlhMi5kZXNpZ25wYXJ0bmVyLmZyL2MvcC8yMzYyLzIzNjItMzY0LTEud2VicA?v=1769423493"],"medium_large":["https:\/\/media.th4.com\/snlwaLqmBT_NbbkVJOUU9pSbgcvkqfzpRyvfpy0ROBs\/pr:1000x1000\/aHR0cDovL21lZGlhMi5kZXNpZ25wYXJ0bmVyLmZyL2MvcC8yMzYyLzIzNjItMzY0LTEud2VicA?v=1769423493"],"large":["https:\/\/media.th4.com\/EgnV_BhdfwkEAE0coxRlogpUcC5t728cI6lIMCmBP-Q\/pr:1920\/aHR0cDovL21lZGlhMi5kZXNpZ25wYXJ0bmVyLmZyL2MvcC8yMzYyLzIzNjItMzY0LTEud2VicA?v=1769423493"],"opengraph":["https:\/\/media.th4.com\/NKC-41SzZ93UV7YLoRfumOGSER9q6ozwR_WUeOne3hA\/pr:1200x630\/aHR0cDovL21lZGlhMi5kZXNpZ25wYXJ0bmVyLmZyL2MvcC8yMzYyLzIzNjItMzY0LTEud2VicA?v=1769423493"]},"images_customization":{"miniature":["https:\/\/media.th4.com\/YGsPMcbvbh_vVueS9Ol8DOvCNP7WzJ_Ygok3MN0MyEs\/pr:80\/aHR0cDovL21lZGlhMi5kZXNpZ25wYXJ0bmVyLmZyL2MvcC8yMzYyLzIzNjItMzY0LTEud2VicA?v=1769423493"],"medium":["https:\/\/media.th4.com\/zy61F_ml7u6RVo1OHKy66SSuPKYxUtBq6JN2GUBjm5I\/pr:550x550\/aHR0cDovL21lZGlhMi5kZXNpZ25wYXJ0bmVyLmZyL2MvcC8yMzYyLzIzNjItMzY0LTEud2VicA?v=1769423493"],"medium_large":["https:\/\/media.th4.com\/snlwaLqmBT_NbbkVJOUU9pSbgcvkqfzpRyvfpy0ROBs\/pr:1000x1000\/aHR0cDovL21lZGlhMi5kZXNpZ25wYXJ0bmVyLmZyL2MvcC8yMzYyLzIzNjItMzY0LTEud2VicA?v=1769423493"],"large":["https:\/\/media.th4.com\/EgnV_BhdfwkEAE0coxRlogpUcC5t728cI6lIMCmBP-Q\/pr:1920\/aHR0cDovL21lZGlhMi5kZXNpZ25wYXJ0bmVyLmZyL2MvcC8yMzYyLzIzNjItMzY0LTEud2VicA?v=1769423493"],"opengraph":["https:\/\/media.th4.com\/NKC-41SzZ93UV7YLoRfumOGSER9q6ozwR_WUeOne3hA\/pr:1200x630\/aHR0cDovL21lZGlhMi5kZXNpZ25wYXJ0bmVyLmZyL2MvcC8yMzYyLzIzNjItMzY0LTEud2VicA?v=1769423493"]},"country_origin":"IN","traceability":{"manufacturing_country_id":null,"weaving_country_id":null,"dyeing_country_id":null},"sizes":[{"id":5,"article_id":64472,"class_id":2,"name":"XS","on_standby":false,"stock_local":0,"stock_global":120,"multiple":1,"estimated_date_reassort":null,"is_destocking":false},{"id":3,"article_id":64473,"class_id":3,"name":"S","on_standby":false,"stock_local":0,"stock_global":89,"multiple":1,"estimated_date_reassort":null,"is_destocking":false},{"id":2,"article_id":64474,"class_id":4,"name":"M","on_standby":false,"stock_local":0,"stock_global":274,"multiple":1,"estimated_date_reassort":null,"is_destocking":false},{"id":1,"article_id":64475,"class_id":5,"name":"L","on_standby":false,"stock_local":0,"stock_global":482,"multiple":1,"estimated_date_reassort":null,"is_destocking":false},{"id":4,"article_id":64476,"class_id":6,"name":"XL","on_standby":false,"stock_local":0,"stock_global":396,"multiple":1,"estimated_date_reassort":null,"is_destocking":false},{"id":1116,"article_id":246690,"class_id":7,"name":"2XL","on_standby":false,"stock_local":0,"stock_global":84,"multiple":1,"estimated_date_reassort":null,"is_destocking":false},{"id":1081,"article_id":531188,"class_id":8,"name":"3XL","on_standby":false,"stock_local":0,"stock_global":77,"multiple":1,"estimated_date_reassort":null,"is_destocking":false}],"page_links":{"fr":"\/fr\/p-re-r033x-1-4-zip-fleece-top-r33-2362\/black-364\/","en":"\/en\/p-re-r033x-1-4-zip-fleece-top-r33-2362\/black-364\/","de":"\/de\/p-re-r033x-1-4-zip-fleece-top-r33-2362\/black-364\/","nl":"\/nl\/p-re-r033x-1-4-zip-fleece-top-r33-2362\/black-364\/","es":"\/es\/p-re-r033x-1-4-de-cremallera-polar-top-r33-2362\/black-364\/","it":"\/it\/p-re-r033x-1-4-zip-fleece-top-r33-2362\/black-364\/","sv":"\/sv\/p-re-r033x-1-4-zip-fleece-top-r33-2362\/black-364\/","pt":"\/pt\/p-re-r033x-1-4-zip-fleece-top-r33-2362\/black-364\/","da":"\/da\/p-re-r033x-1-4-zip-fleece-top-r33-2362\/black-364\/","pl":"\/pl\/p-re-r033x-1-4-zip-fleece-top-r33-2362\/black-364\/"},"page_links_customization":{"fr":"\/fr\/p-re-r033x-1-4-zip-fleece-top-personnalise-r33-2362\/black-364\/custom\/","en":"\/en\/p-re-r033x-1-4-zip-fleece-top-custom-r33-2362\/black-364\/custom\/","de":"\/de\/p-re-r033x-1-4-zip-fleece-top-personalisiert-r33-2362\/black-364\/custom\/","nl":"\/nl\/p-re-r033x-1-4-zip-fleece-top-gepersonaliseerd-r33-2362\/black-364\/custom\/","es":"\/es\/p-re-r033x-1-4-zip-fleece-top-personalizado-r33-2362\/black-364\/custom\/","it":"\/it\/p-re-r033x-1-4-zip-felpa-top-personalizzato-r33-2362\/black-364\/custom\/","sv":"\/sv\/p-re-r033x-1-4-zip-fleece-top-anpassad-r33-2362\/black-364\/custom\/","pt":"\/pt\/p-re-r033x-1-4-zip-fleece-top-personalizado-r33-2362\/black-364\/custom\/","da":"\/da\/p-re-r033x-1-4-zip-fleece-top-personaliseret-r33-2362\/black-364\/custom\/","pl":"\/pl\/p-re-r033x-1-4-zip-fleece-top-dostosowany-r33-2362\/black-364\/custom\/"}},{"id":1730,"name":"forest","class_ids":[5],"codes_hexa":["01391e"],"delai_24":false,"has_3d":false,"seuil_global":0,"stock_local":0,"stock_global":1300,"on_standby":false,"in_catalog":true,"images":{"miniature":["https:\/\/media.th4.com\/4anDOrmxS6nq1193DiVlnzrL3rWKeD9K6IEyAf-MeZ0\/pr:80\/aHR0cDovL21lZGlhMi5kZXNpZ25wYXJ0bmVyLmZyL2MvcC8yMzYyLzIzNjItMTczMC0xLndlYnA?v=1769423493","https:\/\/media.th4.com\/QsEn36aRyLYNygKvF1ekpC2m1XAMfHCkbKoy59GnUAw\/pr:80\/aHR0cDovL21lZGlhMi5kZXNpZ25wYXJ0bmVyLmZyL2MvcC8yMzYyLzIzNjItMTczMC0yLndlYnA?v=1769423494"],"medium":["https:\/\/media.th4.com\/bTdoj2IXXdVug57mtNPrHw267_jEIgVbiNNIXSZ087g\/pr:550x550\/aHR0cDovL21lZGlhMi5kZXNpZ25wYXJ0bmVyLmZyL2MvcC8yMzYyLzIzNjItMTczMC0xLndlYnA?v=1769423493","https:\/\/media.th4.com\/l6wLKLMkLT5ORwlvQJBP1TKLOA2gSjCJ2nQY3VydMW8\/pr:550x550\/aHR0cDovL21lZGlhMi5kZXNpZ25wYXJ0bmVyLmZyL2MvcC8yMzYyLzIzNjItMTczMC0yLndlYnA?v=1769423494"],"medium_large":["https:\/\/media.th4.com\/7viDcnST6suYa0ULgKpccZ39GjrfqmLOqfHUiQWoMQs\/pr:1000x1000\/aHR0cDovL21lZGlhMi5kZXNpZ25wYXJ0bmVyLmZyL2MvcC8yMzYyLzIzNjItMTczMC0xLndlYnA?v=1769423493","https:\/\/media.th4.com\/55CmYFllEnn8GC2o7uvKQvXs3qngoXiF4JB2lz6yaZI\/pr:1000x1000\/aHR0cDovL21lZGlhMi5kZXNpZ25wYXJ0bmVyLmZyL2MvcC8yMzYyLzIzNjItMTczMC0yLndlYnA?v=1769423494"],"large":["https:\/\/media.th4.com\/YqcDKilYM4DBksUQFj5MXqjMn_6FzbxlfDsh9m7xmRg\/pr:1920\/aHR0cDovL21lZGlhMi5kZXNpZ25wYXJ0bmVyLmZyL2MvcC8yMzYyLzIzNjItMTczMC0xLndlYnA?v=1769423493","https:\/\/media.th4.com\/Yoot5k3kXNa3V84HzwdI24y2ROec2VOktssIgMBg6J0\/pr:1920\/aHR0cDovL21lZGlhMi5kZXNpZ25wYXJ0bmVyLmZyL2MvcC8yMzYyLzIzNjItMTczMC0yLndlYnA?v=1769423494"],"opengraph":["https:\/\/media.th4.com\/qMdPCK-PTV4812g-fSNU3s7WrUDNpbAUtJSIc_84tj8\/pr:1200x630\/aHR0cDovL21lZGlhMi5kZXNpZ25wYXJ0bmVyLmZyL2MvcC8yMzYyLzIzNjItMTczMC0xLndlYnA?v=1769423493","https:\/\/media.th4.com\/jJZAkX9-2CKJiZjCo1ZI10AUVx_l03Uh_d9VFErRZBM\/pr:1200x630\/aHR0cDovL21lZGlhMi5kZXNpZ25wYXJ0bmVyLmZyL2MvcC8yMzYyLzIzNjItMTczMC0yLndlYnA?v=1769423494"]},"images_customization":{"miniature":["https:\/\/media.th4.com\/4anDOrmxS6nq1193DiVlnzrL3rWKeD9K6IEyAf-MeZ0\/pr:80\/aHR0cDovL21lZGlhMi5kZXNpZ25wYXJ0bmVyLmZyL2MvcC8yMzYyLzIzNjItMTczMC0xLndlYnA?v=1769423493","https:\/\/media.th4.com\/QsEn36aRyLYNygKvF1ekpC2m1XAMfHCkbKoy59GnUAw\/pr:80\/aHR0cDovL21lZGlhMi5kZXNpZ25wYXJ0bmVyLmZyL2MvcC8yMzYyLzIzNjItMTczMC0yLndlYnA?v=1769423494"],"medium":["https:\/\/media.th4.com\/bTdoj2IXXdVug57mtNPrHw267_jEIgVbiNNIXSZ087g\/pr:550x550\/aHR0cDovL21lZGlhMi5kZXNpZ25wYXJ0bmVyLmZyL2MvcC8yMzYyLzIzNjItMTczMC0xLndlYnA?v=1769423493","https:\/\/media.th4.com\/l6wLKLMkLT5ORwlvQJBP1TKLOA2gSjCJ2nQY3VydMW8\/pr:550x550\/aHR0cDovL21lZGlhMi5kZXNpZ25wYXJ0bmVyLmZyL2MvcC8yMzYyLzIzNjItMTczMC0yLndlYnA?v=1769423494"],"medium_large":["https:\/\/media.th4.com\/7viDcnST6suYa0ULgKpccZ39GjrfqmLOqfHUiQWoMQs\/pr:1000x1000\/aHR0cDovL21lZGlhMi5kZXNpZ25wYXJ0bmVyLmZyL2MvcC8yMzYyLzIzNjItMTczMC0xLndlYnA?v=1769423493","https:\/\/media.th4.com\/55CmYFllEnn8GC2o7uvKQvXs3qngoXiF4JB2lz6yaZI\/pr:1000x1000\/aHR0cDovL21lZGlhMi5kZXNpZ25wYXJ0bmVyLmZyL2MvcC8yMzYyLzIzNjItMTczMC0yLndlYnA?v=1769423494"],"large":["https:\/\/media.th4.com\/YqcDKilYM4DBksUQFj5MXqjMn_6FzbxlfDsh9m7xmRg\/pr:1920\/aHR0cDovL21lZGlhMi5kZXNpZ25wYXJ0bmVyLmZyL2MvcC8yMzYyLzIzNjItMTczMC0xLndlYnA?v=1769423493","https:\/\/media.th4.com\/Yoot5k3kXNa3V84HzwdI24y2ROec2VOktssIgMBg6J0\/pr:1920\/aHR0cDovL21lZGlhMi5kZXNpZ25wYXJ0bmVyLmZyL2MvcC8yMzYyLzIzNjItMTczMC0yLndlYnA?v=1769423494"],"opengraph":["https:\/\/media.th4.com\/qMdPCK-PTV4812g-fSNU3s7WrUDNpbAUtJSIc_84tj8\/pr:1200x630\/aHR0cDovL21lZGlhMi5kZXNpZ25wYXJ0bmVyLmZyL2MvcC8yMzYyLzIzNjItMTczMC0xLndlYnA?v=1769423493","https:\/\/media.th4.com\/jJZAkX9-2CKJiZjCo1ZI10AUVx_l03Uh_d9VFErRZBM\/pr:1200x630\/aHR0cDovL21lZGlhMi5kZXNpZ25wYXJ0bmVyLmZyL2MvcC8yMzYyLzIzNjItMTczMC0yLndlYnA?v=1769423494"]},"country_origin":"BD","traceability":{"manufacturing_country_id":null,"weaving_country_id":null,"dyeing_country_id":null},"sizes":[{"id":5,"article_id":531190,"class_id":2,"name":"XS","on_standby":false,"stock_local":0,"stock_global":39,"multiple":1,"estimated_date_reassort":null,"is_destocking":false},{"id":3,"article_id":64500,"class_id":3,"name":"S","on_standby":false,"stock_local":0,"stock_global":246,"multiple":1,"estimated_date_reassort":null,"is_destocking":false},{"id":2,"article_id":64501,"class_id":4,"name":"M","on_standby":false,"stock_local":0,"stock_global":330,"multiple":1,"estimated_date_reassort":null,"is_destocking":false},{"id":1,"article_id":64502,"class_id":5,"name":"L","on_standby":false,"stock_local":0,"stock_global":320,"multiple":1,"estimated_date_reassort":null,"is_destocking":false},{"id":4,"article_id":64503,"class_id":6,"name":"XL","on_standby":false,"stock_local":0,"stock_global":273,"multiple":1,"estimated_date_reassort":null,"is_destocking":false},{"id":1116,"article_id":246695,"class_id":7,"name":"2XL","on_standby":false,"stock_local":0,"stock_global":92,"multiple":1,"estimated_date_reassort":null,"is_destocking":false}],"page_links":{"fr":"\/fr\/p-re-r033x-1-4-zip-fleece-top-r33-2362\/forest-1730\/","en":"\/en\/p-re-r033x-1-4-zip-fleece-top-r33-2362\/forest-1730\/","de":"\/de\/p-re-r033x-1-4-zip-fleece-top-r33-2362\/forest-1730\/","nl":"\/nl\/p-re-r033x-1-4-zip-fleece-top-r33-2362\/forest-1730\/","es":"\/es\/p-re-r033x-1-4-de-cremallera-polar-top-r33-2362\/forest-1730\/","it":"\/it\/p-re-r033x-1-4-zip-fleece-top-r33-2362\/forest-1730\/","sv":"\/sv\/p-re-r033x-1-4-zip-fleece-top-r33-2362\/forest-1730\/","pt":"\/pt\/p-re-r033x-1-4-zip-fleece-top-r33-2362\/forest-1730\/","da":"\/da\/p-re-r033x-1-4-zip-fleece-top-r33-2362\/forest-1730\/","pl":"\/pl\/p-re-r033x-1-4-zip-fleece-top-r33-2362\/forest-1730\/"},"page_links_customization":{"fr":"\/fr\/p-re-r033x-1-4-zip-fleece-top-personnalise-r33-2362\/forest-1730\/custom\/","en":"\/en\/p-re-r033x-1-4-zip-fleece-top-custom-r33-2362\/forest-1730\/custom\/","de":"\/de\/p-re-r033x-1-4-zip-fleece-top-personalisiert-r33-2362\/forest-1730\/custom\/","nl":"\/nl\/p-re-r033x-1-4-zip-fleece-top-gepersonaliseerd-r33-2362\/forest-1730\/custom\/","es":"\/es\/p-re-r033x-1-4-zip-fleece-top-personalizado-r33-2362\/forest-1730\/custom\/","it":"\/it\/p-re-r033x-1-4-zip-felpa-top-personalizzato-r33-2362\/forest-1730\/custom\/","sv":"\/sv\/p-re-r033x-1-4-zip-fleece-top-anpassad-r33-2362\/forest-1730\/custom\/","pt":"\/pt\/p-re-r033x-1-4-zip-fleece-top-personalizado-r33-2362\/forest-1730\/custom\/","da":"\/da\/p-re-r033x-1-4-zip-fleece-top-personaliseret-r33-2362\/forest-1730\/custom\/","pl":"\/pl\/p-re-r033x-1-4-zip-fleece-top-dostosowany-r33-2362\/forest-1730\/custom\/"}},{"id":1731,"name":"oxford_grey","class_ids":[3],"codes_hexa":["b5b2bd"],"delai_24":false,"has_3d":false,"seuil_global":0,"stock_local":0,"stock_global":835,"on_standby":false,"in_catalog":true,"images":{"miniature":["https:\/\/media.th4.com\/uuMvL_y4EfBYYdiZTne9Y03BBbWJWHCUMJM6kOEvlS8\/pr:80\/aHR0cDovL21lZGlhMi5kZXNpZ25wYXJ0bmVyLmZyL2MvcC8yMzYyLzIzNjItMTczMS0xLndlYnA?v=1769423496"],"medium":["https:\/\/media.th4.com\/-SvMvhri6GIkCgEmkasiQ2gBh4lyju6S9dBPPY2iuGU\/pr:550x550\/aHR0cDovL21lZGlhMi5kZXNpZ25wYXJ0bmVyLmZyL2MvcC8yMzYyLzIzNjItMTczMS0xLndlYnA?v=1769423496"],"medium_large":["https:\/\/media.th4.com\/xU4dnPBltY4-L9IodvHsSeAYbU0SvcAIRQltHSGgWtE\/pr:1000x1000\/aHR0cDovL21lZGlhMi5kZXNpZ25wYXJ0bmVyLmZyL2MvcC8yMzYyLzIzNjItMTczMS0xLndlYnA?v=1769423496"],"large":["https:\/\/media.th4.com\/rD-sqrqC4huzyeRknp_h0cZ4efxyx2uDZ5gZrc2npkc\/pr:1920\/aHR0cDovL21lZGlhMi5kZXNpZ25wYXJ0bmVyLmZyL2MvcC8yMzYyLzIzNjItMTczMS0xLndlYnA?v=1769423496"],"opengraph":["https:\/\/media.th4.com\/JbFQmR1RJafIKid-f_1sdh5BsM4PO3PuAEO2_q1iunw\/pr:1200x630\/aHR0cDovL21lZGlhMi5kZXNpZ25wYXJ0bmVyLmZyL2MvcC8yMzYyLzIzNjItMTczMS0xLndlYnA?v=1769423496"]},"images_customization":{"miniature":["https:\/\/media.th4.com\/uuMvL_y4EfBYYdiZTne9Y03BBbWJWHCUMJM6kOEvlS8\/pr:80\/aHR0cDovL21lZGlhMi5kZXNpZ25wYXJ0bmVyLmZyL2MvcC8yMzYyLzIzNjItMTczMS0xLndlYnA?v=1769423496"],"medium":["https:\/\/media.th4.com\/-SvMvhri6GIkCgEmkasiQ2gBh4lyju6S9dBPPY2iuGU\/pr:550x550\/aHR0cDovL21lZGlhMi5kZXNpZ25wYXJ0bmVyLmZyL2MvcC8yMzYyLzIzNjItMTczMS0xLndlYnA?v=1769423496"],"medium_large":["https:\/\/media.th4.com\/xU4dnPBltY4-L9IodvHsSeAYbU0SvcAIRQltHSGgWtE\/pr:1000x1000\/aHR0cDovL21lZGlhMi5kZXNpZ25wYXJ0bmVyLmZyL2MvcC8yMzYyLzIzNjItMTczMS0xLndlYnA?v=1769423496"],"large":["https:\/\/media.th4.com\/rD-sqrqC4huzyeRknp_h0cZ4efxyx2uDZ5gZrc2npkc\/pr:1920\/aHR0cDovL21lZGlhMi5kZXNpZ25wYXJ0bmVyLmZyL2MvcC8yMzYyLzIzNjItMTczMS0xLndlYnA?v=1769423496"],"opengraph":["https:\/\/media.th4.com\/JbFQmR1RJafIKid-f_1sdh5BsM4PO3PuAEO2_q1iunw\/pr:1200x630\/aHR0cDovL21lZGlhMi5kZXNpZ25wYXJ0bmVyLmZyL2MvcC8yMzYyLzIzNjItMTczMS0xLndlYnA?v=1769423496"]},"country_origin":"IN","traceability":{"manufacturing_country_id":null,"weaving_country_id":null,"dyeing_country_id":null},"sizes":[{"id":5,"article_id":64478,"class_id":2,"name":"XS","on_standby":false,"stock_local":0,"stock_global":75,"multiple":1,"estimated_date_reassort":null,"is_destocking":false},{"id":3,"article_id":64479,"class_id":3,"name":"S","on_standby":false,"stock_local":0,"stock_global":128,"multiple":1,"estimated_date_reassort":null,"is_destocking":false},{"id":2,"article_id":64480,"class_id":4,"name":"M","on_standby":false,"stock_local":0,"stock_global":245,"multiple":1,"estimated_date_reassort":null,"is_destocking":false},{"id":1,"article_id":64481,"class_id":5,"name":"L","on_standby":false,"stock_local":0,"stock_global":203,"multiple":1,"estimated_date_reassort":null,"is_destocking":false},{"id":4,"article_id":64482,"class_id":6,"name":"XL","on_standby":false,"stock_local":0,"stock_global":97,"multiple":1,"estimated_date_reassort":null,"is_destocking":false},{"id":1116,"article_id":246691,"class_id":7,"name":"2XL","on_standby":false,"stock_local":0,"stock_global":87,"multiple":1,"estimated_date_reassort":null,"is_destocking":false}],"page_links":{"fr":"\/fr\/p-re-r033x-1-4-zip-fleece-top-r33-2362\/oxford-grey-1731\/","en":"\/en\/p-re-r033x-1-4-zip-fleece-top-r33-2362\/oxford-grey-1731\/","de":"\/de\/p-re-r033x-1-4-zip-fleece-top-r33-2362\/oxford-grey-1731\/","nl":"\/nl\/p-re-r033x-1-4-zip-fleece-top-r33-2362\/oxford-grey-1731\/","es":"\/es\/p-re-r033x-1-4-de-cremallera-polar-top-r33-2362\/oxford-grey-1731\/","it":"\/it\/p-re-r033x-1-4-zip-fleece-top-r33-2362\/oxford-grey-1731\/","sv":"\/sv\/p-re-r033x-1-4-zip-fleece-top-r33-2362\/oxford-grey-1731\/","pt":"\/pt\/p-re-r033x-1-4-zip-fleece-top-r33-2362\/oxford-grey-1731\/","da":"\/da\/p-re-r033x-1-4-zip-fleece-top-r33-2362\/oxford-grey-1731\/","pl":"\/pl\/p-re-r033x-1-4-zip-fleece-top-r33-2362\/oxford-grey-1731\/"},"page_links_customization":{"fr":"\/fr\/p-re-r033x-1-4-zip-fleece-top-personnalise-r33-2362\/oxford-grey-1731\/custom\/","en":"\/en\/p-re-r033x-1-4-zip-fleece-top-custom-r33-2362\/oxford-grey-1731\/custom\/","de":"\/de\/p-re-r033x-1-4-zip-fleece-top-personalisiert-r33-2362\/oxford-grey-1731\/custom\/","nl":"\/nl\/p-re-r033x-1-4-zip-fleece-top-gepersonaliseerd-r33-2362\/oxford-grey-1731\/custom\/","es":"\/es\/p-re-r033x-1-4-zip-fleece-top-personalizado-r33-2362\/oxford-grey-1731\/custom\/","it":"\/it\/p-re-r033x-1-4-zip-felpa-top-personalizzato-r33-2362\/oxford-grey-1731\/custom\/","sv":"\/sv\/p-re-r033x-1-4-zip-fleece-top-anpassad-r33-2362\/oxford-grey-1731\/custom\/","pt":"\/pt\/p-re-r033x-1-4-zip-fleece-top-personalizado-r33-2362\/oxford-grey-1731\/custom\/","da":"\/da\/p-re-r033x-1-4-zip-fleece-top-personaliseret-r33-2362\/oxford-grey-1731\/custom\/","pl":"\/pl\/p-re-r033x-1-4-zip-fleece-top-dostosowany-r33-2362\/oxford-grey-1731\/custom\/"}},{"id":334,"name":"royal","class_ids":[2],"codes_hexa":["014189"],"delai_24":false,"has_3d":false,"seuil_global":0,"stock_local":0,"stock_global":600,"on_standby":false,"in_catalog":true,"images":{"miniature":["https:\/\/media.th4.com\/YXgLMi73sFmITFf-cp-U_5mNPrsXwNPYN8cy_EkDvAA\/pr:80\/aHR0cDovL21lZGlhMi5kZXNpZ25wYXJ0bmVyLmZyL2MvcC8yMzYyLzIzNjItMzM0LTEud2VicA?v=1769423498"],"medium":["https:\/\/media.th4.com\/4Eax-bXrwbaeemqea1ZX2Jl4HpODJJajIv9efbdasHk\/pr:550x550\/aHR0cDovL21lZGlhMi5kZXNpZ25wYXJ0bmVyLmZyL2MvcC8yMzYyLzIzNjItMzM0LTEud2VicA?v=1769423498"],"medium_large":["https:\/\/media.th4.com\/-XaPaZ31f1ujLbmO-KAFX9sPUxKBm7YdgfnZn3eHcUo\/pr:1000x1000\/aHR0cDovL21lZGlhMi5kZXNpZ25wYXJ0bmVyLmZyL2MvcC8yMzYyLzIzNjItMzM0LTEud2VicA?v=1769423498"],"large":["https:\/\/media.th4.com\/A_oyjuwAsh1yCqbepGETJPjZ8UQPjR4OzIR3B-Svt-s\/pr:1920\/aHR0cDovL21lZGlhMi5kZXNpZ25wYXJ0bmVyLmZyL2MvcC8yMzYyLzIzNjItMzM0LTEud2VicA?v=1769423498"],"opengraph":["https:\/\/media.th4.com\/0ltz_-l74r3ubMonaMNHQn1sbh5aTHtfSQqCPtpsjc8\/pr:1200x630\/aHR0cDovL21lZGlhMi5kZXNpZ25wYXJ0bmVyLmZyL2MvcC8yMzYyLzIzNjItMzM0LTEud2VicA?v=1769423498"]},"images_customization":{"miniature":["https:\/\/media.th4.com\/YXgLMi73sFmITFf-cp-U_5mNPrsXwNPYN8cy_EkDvAA\/pr:80\/aHR0cDovL21lZGlhMi5kZXNpZ25wYXJ0bmVyLmZyL2MvcC8yMzYyLzIzNjItMzM0LTEud2VicA?v=1769423498"],"medium":["https:\/\/media.th4.com\/4Eax-bXrwbaeemqea1ZX2Jl4HpODJJajIv9efbdasHk\/pr:550x550\/aHR0cDovL21lZGlhMi5kZXNpZ25wYXJ0bmVyLmZyL2MvcC8yMzYyLzIzNjItMzM0LTEud2VicA?v=1769423498"],"medium_large":["https:\/\/media.th4.com\/-XaPaZ31f1ujLbmO-KAFX9sPUxKBm7YdgfnZn3eHcUo\/pr:1000x1000\/aHR0cDovL21lZGlhMi5kZXNpZ25wYXJ0bmVyLmZyL2MvcC8yMzYyLzIzNjItMzM0LTEud2VicA?v=1769423498"],"large":["https:\/\/media.th4.com\/A_oyjuwAsh1yCqbepGETJPjZ8UQPjR4OzIR3B-Svt-s\/pr:1920\/aHR0cDovL21lZGlhMi5kZXNpZ25wYXJ0bmVyLmZyL2MvcC8yMzYyLzIzNjItMzM0LTEud2VicA?v=1769423498"],"opengraph":["https:\/\/media.th4.com\/0ltz_-l74r3ubMonaMNHQn1sbh5aTHtfSQqCPtpsjc8\/pr:1200x630\/aHR0cDovL21lZGlhMi5kZXNpZ25wYXJ0bmVyLmZyL2MvcC8yMzYyLzIzNjItMzM0LTEud2VicA?v=1769423498"]},"country_origin":"IN","traceability":{"manufacturing_country_id":null,"weaving_country_id":null,"dyeing_country_id":null},"sizes":[{"id":3,"article_id":64490,"class_id":3,"name":"S","on_standby":false,"stock_local":0,"stock_global":80,"multiple":1,"estimated_date_reassort":null,"is_destocking":false},{"id":2,"article_id":64491,"class_id":4,"name":"M","on_standby":false,"stock_local":0,"stock_global":106,"multiple":1,"estimated_date_reassort":null,"is_destocking":false},{"id":1,"article_id":64492,"class_id":5,"name":"L","on_standby":false,"stock_local":0,"stock_global":303,"multiple":1,"estimated_date_reassort":null,"is_destocking":false},{"id":4,"article_id":64493,"class_id":6,"name":"XL","on_standby":false,"stock_local":0,"stock_global":65,"multiple":1,"estimated_date_reassort":null,"is_destocking":false},{"id":1116,"article_id":246693,"class_id":7,"name":"2XL","on_standby":false,"stock_local":0,"stock_global":46,"multiple":1,"estimated_date_reassort":null,"is_destocking":false}],"page_links":{"fr":"\/fr\/p-re-r033x-1-4-zip-fleece-top-r33-2362\/royal-334\/","en":"\/en\/p-re-r033x-1-4-zip-fleece-top-r33-2362\/royal-334\/","de":"\/de\/p-re-r033x-1-4-zip-fleece-top-r33-2362\/royal-334\/","nl":"\/nl\/p-re-r033x-1-4-zip-fleece-top-r33-2362\/royal-334\/","es":"\/es\/p-re-r033x-1-4-de-cremallera-polar-top-r33-2362\/royal-334\/","it":"\/it\/p-re-r033x-1-4-zip-fleece-top-r33-2362\/royal-334\/","sv":"\/sv\/p-re-r033x-1-4-zip-fleece-top-r33-2362\/royal-334\/","pt":"\/pt\/p-re-r033x-1-4-zip-fleece-top-r33-2362\/royal-334\/","da":"\/da\/p-re-r033x-1-4-zip-fleece-top-r33-2362\/royal-334\/","pl":"\/pl\/p-re-r033x-1-4-zip-fleece-top-r33-2362\/royal-334\/"},"page_links_customization":{"fr":"\/fr\/p-re-r033x-1-4-zip-fleece-top-personnalise-r33-2362\/royal-334\/custom\/","en":"\/en\/p-re-r033x-1-4-zip-fleece-top-custom-r33-2362\/royal-334\/custom\/","de":"\/de\/p-re-r033x-1-4-zip-fleece-top-personalisiert-r33-2362\/royal-334\/custom\/","nl":"\/nl\/p-re-r033x-1-4-zip-fleece-top-gepersonaliseerd-r33-2362\/royal-334\/custom\/","es":"\/es\/p-re-r033x-1-4-zip-fleece-top-personalizado-r33-2362\/royal-334\/custom\/","it":"\/it\/p-re-r033x-1-4-zip-felpa-top-personalizzato-r33-2362\/royal-334\/custom\/","sv":"\/sv\/p-re-r033x-1-4-zip-fleece-top-anpassad-r33-2362\/royal-334\/custom\/","pt":"\/pt\/p-re-r033x-1-4-zip-fleece-top-personalizado-r33-2362\/royal-334\/custom\/","da":"\/da\/p-re-r033x-1-4-zip-fleece-top-personaliseret-r33-2362\/royal-334\/custom\/","pl":"\/pl\/p-re-r033x-1-4-zip-fleece-top-dostosowany-r33-2362\/royal-334\/custom\/"}},{"id":374,"name":"red","class_ids":[6],"codes_hexa":["dc0210"],"delai_24":false,"has_3d":false,"seuil_global":0,"stock_local":0,"stock_global":429,"on_standby":false,"in_catalog":true,"images":{"miniature":["https:\/\/media.th4.com\/w275Y1MR31CntPiVf6okPaX86Xv5VV-2dMCtoOGrDy4\/pr:80\/aHR0cDovL21lZGlhMi5kZXNpZ25wYXJ0bmVyLmZyL2MvcC8yMzYyLzIzNjItMzc0LTEud2VicA?v=1769423497"],"medium":["https:\/\/media.th4.com\/70pDcGPUtRLcRX2FxlbN2oQKKizl0-MqZ0l1386bL6E\/pr:550x550\/aHR0cDovL21lZGlhMi5kZXNpZ25wYXJ0bmVyLmZyL2MvcC8yMzYyLzIzNjItMzc0LTEud2VicA?v=1769423497"],"medium_large":["https:\/\/media.th4.com\/eRn0YozW4rtGh7QFLDlcGKe1YnPEdMrbyB8VrvgIJr4\/pr:1000x1000\/aHR0cDovL21lZGlhMi5kZXNpZ25wYXJ0bmVyLmZyL2MvcC8yMzYyLzIzNjItMzc0LTEud2VicA?v=1769423497"],"large":["https:\/\/media.th4.com\/hOModFykD7MrL0DnmGQH_GowC1lynFtjdSzXOMwraow\/pr:1920\/aHR0cDovL21lZGlhMi5kZXNpZ25wYXJ0bmVyLmZyL2MvcC8yMzYyLzIzNjItMzc0LTEud2VicA?v=1769423497"],"opengraph":["https:\/\/media.th4.com\/OLLykTICXAOoja2O6ag1jQbhuQquAYEK8_Vc61pndhw\/pr:1200x630\/aHR0cDovL21lZGlhMi5kZXNpZ25wYXJ0bmVyLmZyL2MvcC8yMzYyLzIzNjItMzc0LTEud2VicA?v=1769423497"]},"images_customization":{"miniature":["https:\/\/media.th4.com\/w275Y1MR31CntPiVf6okPaX86Xv5VV-2dMCtoOGrDy4\/pr:80\/aHR0cDovL21lZGlhMi5kZXNpZ25wYXJ0bmVyLmZyL2MvcC8yMzYyLzIzNjItMzc0LTEud2VicA?v=1769423497"],"medium":["https:\/\/media.th4.com\/70pDcGPUtRLcRX2FxlbN2oQKKizl0-MqZ0l1386bL6E\/pr:550x550\/aHR0cDovL21lZGlhMi5kZXNpZ25wYXJ0bmVyLmZyL2MvcC8yMzYyLzIzNjItMzc0LTEud2VicA?v=1769423497"],"medium_large":["https:\/\/media.th4.com\/eRn0YozW4rtGh7QFLDlcGKe1YnPEdMrbyB8VrvgIJr4\/pr:1000x1000\/aHR0cDovL21lZGlhMi5kZXNpZ25wYXJ0bmVyLmZyL2MvcC8yMzYyLzIzNjItMzc0LTEud2VicA?v=1769423497"],"large":["https:\/\/media.th4.com\/hOModFykD7MrL0DnmGQH_GowC1lynFtjdSzXOMwraow\/pr:1920\/aHR0cDovL21lZGlhMi5kZXNpZ25wYXJ0bmVyLmZyL2MvcC8yMzYyLzIzNjItMzc0LTEud2VicA?v=1769423497"],"opengraph":["https:\/\/media.th4.com\/OLLykTICXAOoja2O6ag1jQbhuQquAYEK8_Vc61pndhw\/pr:1200x630\/aHR0cDovL21lZGlhMi5kZXNpZ25wYXJ0bmVyLmZyL2MvcC8yMzYyLzIzNjItMzc0LTEud2VicA?v=1769423497"]},"country_origin":"IN","traceability":{"manufacturing_country_id":null,"weaving_country_id":null,"dyeing_country_id":null},"sizes":[{"id":3,"article_id":64495,"class_id":3,"name":"S","on_standby":false,"stock_local":0,"stock_global":102,"multiple":1,"estimated_date_reassort":null,"is_destocking":false},{"id":2,"article_id":64496,"class_id":4,"name":"M","on_standby":false,"stock_local":0,"stock_global":123,"multiple":1,"estimated_date_reassort":null,"is_destocking":false},{"id":1,"article_id":64497,"class_id":5,"name":"L","on_standby":false,"stock_local":0,"stock_global":112,"multiple":1,"estimated_date_reassort":null,"is_destocking":false},{"id":4,"article_id":64498,"class_id":6,"name":"XL","on_standby":false,"stock_local":0,"stock_global":32,"multiple":1,"estimated_date_reassort":null,"is_destocking":false},{"id":1116,"article_id":246694,"class_id":7,"name":"2XL","on_standby":false,"stock_local":0,"stock_global":60,"multiple":1,"estimated_date_reassort":null,"is_destocking":false}],"page_links":{"fr":"\/fr\/p-re-r033x-1-4-zip-fleece-top-r33-2362\/red-374\/","en":"\/en\/p-re-r033x-1-4-zip-fleece-top-r33-2362\/red-374\/","de":"\/de\/p-re-r033x-1-4-zip-fleece-top-r33-2362\/red-374\/","nl":"\/nl\/p-re-r033x-1-4-zip-fleece-top-r33-2362\/red-374\/","es":"\/es\/p-re-r033x-1-4-de-cremallera-polar-top-r33-2362\/red-374\/","it":"\/it\/p-re-r033x-1-4-zip-fleece-top-r33-2362\/red-374\/","sv":"\/sv\/p-re-r033x-1-4-zip-fleece-top-r33-2362\/red-374\/","pt":"\/pt\/p-re-r033x-1-4-zip-fleece-top-r33-2362\/red-374\/","da":"\/da\/p-re-r033x-1-4-zip-fleece-top-r33-2362\/red-374\/","pl":"\/pl\/p-re-r033x-1-4-zip-fleece-top-r33-2362\/red-374\/"},"page_links_customization":{"fr":"\/fr\/p-re-r033x-1-4-zip-fleece-top-personnalise-r33-2362\/red-374\/custom\/","en":"\/en\/p-re-r033x-1-4-zip-fleece-top-custom-r33-2362\/red-374\/custom\/","de":"\/de\/p-re-r033x-1-4-zip-fleece-top-personalisiert-r33-2362\/red-374\/custom\/","nl":"\/nl\/p-re-r033x-1-4-zip-fleece-top-gepersonaliseerd-r33-2362\/red-374\/custom\/","es":"\/es\/p-re-r033x-1-4-zip-fleece-top-personalizado-r33-2362\/red-374\/custom\/","it":"\/it\/p-re-r033x-1-4-zip-felpa-top-personalizzato-r33-2362\/red-374\/custom\/","sv":"\/sv\/p-re-r033x-1-4-zip-fleece-top-anpassad-r33-2362\/red-374\/custom\/","pt":"\/pt\/p-re-r033x-1-4-zip-fleece-top-personalizado-r33-2362\/red-374\/custom\/","da":"\/da\/p-re-r033x-1-4-zip-fleece-top-personaliseret-r33-2362\/red-374\/custom\/","pl":"\/pl\/p-re-r033x-1-4-zip-fleece-top-dostosowany-r33-2362\/red-374\/custom\/"}}],"documentation_link":"\/pdf\/2362.pdf","countries_availables":["AD","AE","AL","AT","BA","BD","BE","BG","BL","CA","CH","CN","CO","CY","CZ","DE","DK","DO","EE","EG","ES","ET","FI","FR","GB","GE","GF","GP","GR","GT","HK","HN","HR","HT","HU","ID","IE","IN","IS","IT","JO","JP","KE","KH","KP","KR","LA","LK","LS","LT","LU","LV","MA","MF","MG","MK","MM","MN","MQ","MT","MX","MY","NC","NI","NL","PF","PH","PK","PL","PM","PT","RE","RO","SE","SG","SI","SK","SV","SY","TH","TN","TR","TW","TZ","US","VN","WF","YT"]},"infos_customization":[],"features":{"authorize_multi_surfaces":true,"display_order_delay_type":true,"promote_surface_display":true,"tarification_franco_offert":true,"enabled_3d_editor":false},"markings":[{"id":0,"nom":"vierge","finition":null,"libelle":null,"code":null,"dpi":null,"finesse_forme_isolee":null,"finesse_forme_non_isolee":null,"hauteur_minimale_texte":null,"inactif":0,"marquage_interne":1,"quantite_min":null,"parent_id":null,"print_on_support":0,"content":"vierge","description":null},{"id":2,"nom":"fonce","finition":"optimale","libelle":"TopQuadri","code":null,"dpi":400,"finesse_forme_isolee":"0.040","finesse_forme_non_isolee":"0.700","hauteur_minimale_texte":2,"inactif":0,"marquage_interne":1,"quantite_min":null,"parent_id":18,"print_on_support":0,"content":"TopQuadri","description":"pour petites et moyennes s\u00e9ries"},{"id":3,"nom":"serigraphie","finition":"serigraphie","libelle":"SeriCoat","code":null,"dpi":400,"finesse_forme_isolee":"0.040","finesse_forme_non_isolee":"0.700","hauteur_minimale_texte":2,"inactif":0,"marquage_interne":1,"quantite_min":15,"parent_id":18,"print_on_support":0,"content":"SeriCoat","description":"pour moyennes et grandes s\u00e9ries"},{"id":4,"nom":"broderie","finition":"broderie","libelle":"Broderie","code":null,"dpi":400,"finesse_forme_isolee":"0.040","finesse_forme_non_isolee":"0.700","hauteur_minimale_texte":3,"inactif":0,"marquage_interne":1,"quantite_min":null,"parent_id":null,"print_on_support":0,"content":"Broderie","description":null},{"id":8,"nom":"theme","finition":null,"libelle":"Th\u00e8me","code":null,"dpi":null,"finesse_forme_isolee":null,"finesse_forme_non_isolee":null,"hauteur_minimale_texte":null,"inactif":0,"marquage_interne":1,"quantite_min":null,"parent_id":null,"print_on_support":0,"content":"Th\u00e8me","description":null},{"id":9,"nom":"sans","finition":null,"libelle":null,"code":null,"dpi":null,"finesse_forme_isolee":null,"finesse_forme_non_isolee":null,"hauteur_minimale_texte":null,"inactif":0,"marquage_interne":1,"quantite_min":null,"parent_id":null,"print_on_support":0,"content":"sans","description":null},{"id":10,"nom":"photo","finition":null,"libelle":"Photo","code":null,"dpi":null,"finesse_forme_isolee":null,"finesse_forme_non_isolee":null,"hauteur_minimale_texte":null,"inactif":0,"marquage_interne":1,"quantite_min":null,"parent_id":null,"print_on_support":0,"content":"Photo","description":null},{"id":14,"nom":"couleur","finition":null,"libelle":"Couleur","code":null,"dpi":null,"finesse_forme_isolee":null,"finesse_forme_non_isolee":null,"hauteur_minimale_texte":null,"inactif":0,"marquage_interne":1,"quantite_min":null,"parent_id":null,"print_on_support":0,"content":"Couleur","description":null},{"id":15,"nom":"sublimation","finition":"sublimation","libelle":"Sublimation","code":null,"dpi":null,"finesse_forme_isolee":"0.000","finesse_forme_non_isolee":"0.000","hauteur_minimale_texte":2,"inactif":0,"marquage_interne":1,"quantite_min":null,"parent_id":null,"print_on_support":0,"content":"Sublimation","description":null},{"id":16,"nom":"topquadri_uv","finition":null,"libelle":"TopQuadri UV","code":null,"dpi":null,"finesse_forme_isolee":"0.020","finesse_forme_non_isolee":"0.700","hauteur_minimale_texte":2,"inactif":0,"marquage_interne":1,"quantite_min":null,"parent_id":null,"print_on_support":1,"content":null,"description":null},{"id":17,"nom":"topquadri_uvp","finition":null,"libelle":"TopQuadri UVP","code":null,"dpi":null,"finesse_forme_isolee":"0.020","finesse_forme_non_isolee":"0.700","hauteur_minimale_texte":2,"inactif":0,"marquage_interne":1,"quantite_min":null,"parent_id":null,"print_on_support":1,"content":null,"description":null},{"id":18,"nom":"quadri","finition":null,"libelle":"Impression","code":null,"dpi":null,"finesse_forme_isolee":null,"finesse_forme_non_isolee":null,"hauteur_minimale_texte":null,"inactif":0,"marquage_interne":1,"quantite_min":null,"parent_id":null,"print_on_support":0,"content":null,"description":null}]}}