{"data":{"product":{"id":2351,"titre":"Polartherm\u2122 fleece blanket","description":"Couverture POLARTHERM\u2122 classique, extr\u00eamement chaude et la plus vendue, la pr\u00e9f\u00e9r\u00e9e de l'industrie. Des fibres sp\u00e9ciales permettent au tissu d'absorber un maximum de 1 % de son poids en humidit\u00e9 et ainsi devenir chaud et s\u00e9cher rapidement. S\u00e9chage rapide. Emball\u00e9 s\u00e9par\u00e9ment avec manchon. Grande taille et tricot \u00e9pais dense. Doux et r\u00e9sistante avec une finition anti-bouloche. Bords \u00e0 piqure de couleur contrast\u00e9e. Toucher luxueux \/ doux. Id\u00e9al pour le secteur h\u00f4telier. Dimensions : 175 x 140 cm. Composition : 100 % polyester.","genre":"","grammage":300,"conditionnement":0,"composition":"polyester,polyester_uniquement","reference":"839.33","reference_visible":"re-r039x","reference_fabricant":"R039X","ref_xor":"745322","in_catalog":true,"is_transfer":false,"is_service":false,"on_standby":false,"has_3d":false,"has_size_guide":false,"has_marking":true,"has_vierge":true,"is_cross_sellable":false,"id_picto":31,"filename_3d":null,"brand":{"id":16,"name":"Result","logo":"logo-result.png","image":"https:\/\/media.th4.com\/R4AINn4EcZGXmGADkvSPvxFxj-96N0ZW37kUw9NCIp8\/pr:brand70x70\/aHR0cDovL21lZGlhMi5kZXNpZ25wYXJ0bmVyLmZyL2MvbS9sb2dvLXJlc3VsdC5wbmc?v=1769696384"},"price_infos":{"price_from":11.06,"quantity":200,"color":{"id":710,"name":"forest_green"},"size":{"id":42,"name":"taille_unique"}},"price_infos_marking":{"price_from":18.71,"quantity":200,"color":{"id":710,"name":"forest_green"},"size":{"id":42,"name":"taille_unique"},"marking":{"id":4,"name":""},"emplacement":"avant","surface_emplacement_id":6438,"surface":"Bas gauche"},"i18n":{"blank":{"title":{"fr":"couverture active fleece blanket RESULT r39","en":"active fleece blanket RESULT r39","de":"Aktive Fleece Decke RESULT r39","nl":"actieve vloerkleed fleece blanket RESULT r39","es":"manta activa de felpa RESULT r39","it":"coperte attiva fleece blanket RESULT r39","sv":"aktivt fleece t\u00e4cke RESULT r39","pt":"coberta ativa fleece blanket RESULT r39","da":"aktiv fleece d\u00e6k RESULT r39","pl":"aktywna koc polaryzacyjna RESULT r39"},"description":{"fr":"Cette couverture en polaire offre un confort optimal gr\u00e2ce \u00e0 sa composition en polyester. Sa texture douce et soyeuse procure une sensation de bien-\u00eatre. Trait\u00e9e anti-peluche, elle conserve son aspect agr\u00e9able au fil du temps. Elle se distingue par sa praticit\u00e9 et sa facilit\u00e9 d'entretien. Sa bordure nature apporte une touche rustique. \n\n- Composition : 100 % polyester\n- Traitement : Anti-peluche\n- Caract\u00e9ristique : Doux au toucher","en":"This fleece blanket offers optimal comfort thanks to its polyester composition. Its soft and silky texture provides a sense of well-being. Treated to be anti-pilling, it retains its pleasant appearance over time. It stands out for its practicality and ease of maintenance. Its natural edge adds a rustic touch. Composition: 100% polyester Treatment: Anti-pilling Characteristic: Soft to the touch","de":"Diese Polardecke bietet optimalen Komfort durch ihre Zusammensetzung aus Polyester. Ihre weiche und seidige Textur vermittelt ein Gef\u00fchl von Wohlbefinden. Dank der Anti-Pelz-Behandlung beh\u00e4lt sie ihre angenehme Oberfl\u00e4che im Laufe der Zeit. Sie besticht durch ihre Praktikabilit\u00e4t und einfache Pflege. Der nat\u00fcrliche Rand verleiht ihr einen rustikalen Touch. \n\n- Zusammensetzung: 100 % Polyester\n- Behandlung: Anti-Pelz\n- Eigenschaft: Weich im Griff","nl":"Deze vloerkleed in vloerkleed biedt optimaal comfort dankzij zijn samenstelling van polyester. Zachte en zijdezachte textuur geeft een gevoel van welzijn. Anti-fuzz behandeld, het behoudt zijn aangename uitstraling in de loop van de tijd. Het onderscheidt zich door zijn praktische en gemakkelijke onderhoud. Zijn natuurlijke rand brengt een rustieke touch.","es":"Esta manta polar ofrece un confort \u00f3ptimo gracias a su composici\u00f3n de poli\u00e9ster. Su textura suave y sedosa proporciona una sensaci\u00f3n de bienestar. Tratada antipelo, conserva su aspecto agradable con el tiempo. Se distingue por su practicidad y facilidad de mantenimiento. Su borde natural aporta un toque r\u00fastico.\n\n- Composici\u00f3n: 100 % poli\u00e9ster\n- Tratamiento: Antipelo\n- Caracter\u00edstica: Suave al tacto","it":"Questa coperta in poliestere offre un comfort ottimale grazie alla sua composizione. La sua texture morbida e setosa procura una sensazione di benessere. Trattata anti-peli, conserva il suo aspetto piacevole nel tempo. Si distingue per la sua praticit\u00e0 e facilit\u00e0 di manutenzione. Il suo orlo naturale apporta un tocco rustico.\n\n- Composizione: 100 % poliestere\n- Trattamento: Anti-peli\n- Caratteristica: Morbido al tatto","sv":"Denna pol\u00e4ra t\u00e4cke erbjuder optimal komfort tack vare sin sammans\u00e4ttning av polyester. Dess mjuka och silkeslena textur ger en k\u00e4nsla av v\u00e4lbefinnande. Anti-peluchebehandlad, den beh\u00e5ller sitt trevliga utseende \u00f6ver tiden. Den utm\u00e4rks av sin praktiska och l\u00e4tta att underh\u00e5lla. Dess naturliga kant ger en rustik touch.","pt":"Esta coberta polar oferece um conforto \u00f3timo gra\u00e7as \u00e0 sua composi\u00e7\u00e3o em poli\u00e9ster. Sua textura macia e aveludada proporciona uma sensa\u00e7\u00e3o de bem-estar. Tratada anti-peluche, ela conserva seu aspecto agrad\u00e1vel ao longo do tempo. Ela se destaca por sua praticidade e facilidade de manuten\u00e7\u00e3o. Sua borda natural traz um toque r\u00fastico.\n\n- Composi\u00e7\u00e3o: 100 % poli\u00e9ster\n- Tratamento: Anti-peluche\n- Caracter\u00edstica: Macio ao toque","da":"Denne fleece d\u00e6k tilbyder optimal komfort p\u00e5 grund af sin sammens\u00e6tning af polyester. Dens bl\u00f8de og silkeagtige tekstur giver en f\u00f8lelse af velbefinde. Anti-peluche-behandlet, den beholder sin behagelige udseende over tid. Den skiller sig ud ved sin praktiske og nemme pleje. Dens naturlige kant tilf\u00f8jer en rustik touch\n\n- Sammens\u00e6tning: 100 % polyester\n- Behandling: Anti-peluche\n- Egenskab: Bl\u00f8d at r\u00f8re ved","pl":"Ta koc polaryzacyjna oferuje optymalny komfort dzi\u0119ki swojej kompozycji z poliesteru. Jej mi\u0119kki i jedwabisty wygl\u0105d dostarcza uczucia dobrostanu. Opr\u00f3cz tego jest traktowana jako anty-\u0142ysienie i zachowuje sw\u00f3j przyjemny wygl\u0105d z czasem. Wyr\u00f3\u017cnia si\u0119 praktyczno\u015bci\u0105 i \u0142atwo\u015bci\u0105 w utrzymaniu. Jej naturalna obw\u00f3dka dodaje rustykalnego wygl\u0105du.\n\n- Kompozycja: 100 % poliester\n- Opr\u00f3bowanie: Anty-\u0142ysienie\n- Cecha: Mi\u0119kki w dotyku"},"h1":{"fr":"couverture active fleece blanket r39","en":"active fleece blanket r39","de":"Aktive Fleece Decke r39","nl":"actieve vloerkleed fleece blanket r39","es":"manta activa de felpa r39","it":"coperte attiva fleece blanket r39","sv":"aktivt fleece t\u00e4cke r39","pt":"coberta ativa fleece blanket r39","da":"aktiv fleece d\u00e6k r39","pl":"aktywna koc polaryzacyjna r39"},"meta_description":{"fr":"D\u00e9couvrez la couverture polaire active RESULT r39, douce et confortable. Id\u00e9ale pour se d\u00e9tendre \u00e0 la maison ou en ext\u00e9rieur. Finition soign\u00e9e.","en":"Discover the active fleece blanket RESULT r39, soft and comfortable. Ideal for relaxing at home or outdoors. Finished with care.","de":"Entdecken Sie die aktive Polardecke RESULT r39, weich und gem\u00fctlich. Ideal zum Entspannen zu Hause oder im Freien. Durchdachte Verarbeitung.","nl":"Ontdek de actieve vloerkleed RESULT r39, zacht en comfortabel. Ideaal om te ontspannen thuis of buiten. Mooi afwerking.","es":"Descubre la manta polar activa RESULT r39, suave y confortable. Ideal para relajarse en casa o al aire libre. Terminaci\u00f3n cuidadosa.","it":"Scoprite la coperta polare attiva RESULT r39, morbida e confortevole. Ideale per rilassarsi a casa o all'aperto. Finitura accurata.","sv":"Uppt\u00e4ck den aktiva fleece t\u00e4cket RESULT r39, mjukt och bekv\u00e4mt. Idealiskt f\u00f6r att slappna av hemma eller utomhus. Fint avslut.","pt":"Descubra a cobertura polar ativa RESULT r39, macia e confort\u00e1vel. Ideal para relaxar em casa ou ao ar livre. Acabamento cuidadoso.","da":"Oplev den aktive fleece d\u00e6k RESULT r39, bl\u00f8d og komfortabel. Ideel til afslapning hjemme eller udend\u00f8rs. Pr\u00e6cis f\u00e6rdigg\u00f8relse.","pl":"Odkryj aktywn\u0105 koc polaryzacyjn\u0105 RESULT r39, mi\u0119kk\u0105 i wygodn\u0105. Idealna do relaksu w domu lub na zewn\u0105trz. Dok\u0142adne wyko\u0144czenie."}},"custom":{"title":{"fr":"couverture active fleece blanket RESULT personnalisation r39","en":"active fleece blanket RESULT customization r39","de":"Aktive Fleece-Decke RESULT Personalisierung r39","nl":"actieve fleece dekbed RESULT persoonlijke aanpassing r39","es":"cubierta activa fleece blanket RESULT personalizaci\u00f3n r39","it":"coperta attiva fleece blanket RESULT personalizzazione r39","sv":"aktiv fleece t\u00e4cke blanket RESULT personalisering r39","pt":"coberta ativa fleece RESULT personaliza\u00e7\u00e3o r39","da":"aktiv fleece t\u00e6ppe RESULT personalisering r39","pl":"aktywna koc polaryzacyjna blanket RESULT personalizacja r39"},"description":{"fr":"Cette couverture polaire offre un confort optimal gr\u00e2ce \u00e0 sa composition en 100% polyester et son traitement anti-peluche. Sa texture douce est agr\u00e9able au toucher et assure une chaleur durable. Elle est id\u00e9ale pour les soir\u00e9es cocooning, les voyages ou pour offrir un cadeau chaleureux. Cette couverture peut \u00eatre personnalis\u00e9e avec votre logo, votre visuel ou tout autre \u00e9l\u00e9ment graphique pour une communication efficace. Une solution id\u00e9ale pour les \u00e9v\u00e9nements, les promotions ou pour renforcer votre identit\u00e9 de marque. La couverture est facile d'entretien et conserve son aspect doux apr\u00e8s plusieurs lavages.\n\n- Composition: 100% polyester\n- Traitement: Anti-peluche\n- Dimensions: 175 x 140 cm\n- Bordure: Nature contrast\u00e9e d'aspect rustique\n- Conditionnement: Couverture roul\u00e9e","en":"This polar blanket offers optimal comfort thanks to its composition of 100% polyester and its anti-pilling treatment. Its soft texture is pleasant to the touch and ensures lasting warmth. It is ideal for cozy evenings, travel, or for giving a warm gift. This blanket can be customized with your logo, your visual or any other graphic element for effective communication. An ideal solution for events, promotions, or to strengthen your brand identity. The blanket is easy to maintain and retains its soft appearance after several washes.\n\n- Composition: 100% polyester\n- Treatment: Anti-pilling\n- Dimensions: 175 x 140 cm\n- Border: Contrasting natural rustic look\n- Packaging: Rolled blanket","de":"Diese Fleece-Decke bietet optimalen Komfort durch ihre Zusammensetzung aus 100% Polyester und ihre Anti-Pelz-Behandlung. Ihre weiche Textur ist angenehm zu ber\u00fchren und sorgt f\u00fcr anhaltende W\u00e4rme. Sie ist ideal f\u00fcr gem\u00fctliche Abende, Reisen oder um ein warmes Geschenk zu machen. Diese Decke kann mit Ihrem Logo, Ihrem Bild oder jedem anderen grafischen Element f\u00fcr eine effektive Kommunikation personalisiert werden. Eine ideale L\u00f6sung f\u00fcr Veranstaltungen, Promotionen oder um Ihre Markenidentit\u00e4t zu st\u00e4rken. Die Decke ist pflegeleicht und beh\u00e4lt ihren weichen Aspekt nach mehreren Waschg\u00e4ngen.\n\n- Zusammensetzung: 100% Polyester\n- Behandlung: Anti-Pelz\n- Abmessungen: 175 x 140 cm\n- Kante: Kontrastreicher nat\u00fcrlicher rustikaler Look\n- Verpackung: Gerollte Decke","nl":"Deze fleece dekbed biedt optimaal comfort dankzij zijn samenstelling van 100% polyester en zijn anti-peluche behandeling. De zachte textuur is aangenaam aanvoelend en biedt duurzame warmte. Het is ideaal voor knuffelavonden, reizen of om een warme cadeau te geven. De dekbed kan worden aangepast met uw logo, visuele elementen of elk ander grafisch element voor effectieve communicatie. Een ideale oplossing voor evenementen, promoties of om uw merkidentiteit te versterken. De dekbed is eenvoudig te onderhouden en behoudt zijn zachte uiterlijk na meerdere wasbeurten.\n\n- Samenstelling: 100% polyester\n- Behandeling: Anti-peluche\n- Afmetingen: 175 x 140 cm\n- Rand: Contrastrijk natuurlijk uiterlijk\n- Verpakkingen: Gerolde dekbed","es":"Esta manta polar ofrece un confort \u00f3ptimo gracias a su composici\u00f3n de 100% poli\u00e9ster y su tratamiento antipelusas. Su textura suave es agradable al tacto y asegura un calor duradero. Es ideal para las veladas de cocooning, los viajes o para regalar un regalo c\u00e1lido. Esta manta puede personalizarse con su logo, su imagen o cualquier otro elemento gr\u00e1fico para una comunicaci\u00f3n efectiva. Una soluci\u00f3n ideal para eventos, promociones o para reforzar su identidad de marca. La manta es f\u00e1cil de mantener y conserva su aspecto suave despu\u00e9s de varios lavados.\n\n- Composici\u00f3n: 100% poli\u00e9ster\n- Tratamiento: Antipelusas\n- Dimensiones: 175 x 140 cm\n- Borde: Contraste natural de aspecto r\u00fastico\n- Condicionamiento: Manta enrollada","it":"Questa coperta polare offre un comfort ottimale grazie alla sua composizione in 100% poliestere e al trattamento antipelo. La sua texture morbida \u00e8 piacevole al tatto e assicura un calore duraturo. \u00c8 ideale per le serate in relax, i viaggi o per regalare un dono caldo. Questa coperta pu\u00f2 essere personalizzata con il vostro logo, il vostro visivo o qualsiasi altro elemento grafico per una comunicazione efficace. Una soluzione ideale per gli eventi, le promozioni o per rafforzare la vostra identit\u00e0 di marca. La coperta \u00e8 facile da mantenere e conserva il suo aspetto morbido dopo numerosi lavaggi.\n\n- Composizione: 100% poliestere\n- Trattamento: Antipelo\n- Dimensioni: 175 x 140 cm\n- Bordura: Contrasto naturale dall'aspetto rustico\n- Condizionamento: Coperta arrotolata","sv":"Denna pol\u00e4rfilt erbjuder optimal komfort tack vare sin sammans\u00e4ttning av 100% polyester och sin anti-pelstill\u00e4gg. Dess mjuka textur \u00e4r trevlig att ta p\u00e5 och ger varmhet som varar. Den \u00e4r idealisk f\u00f6r mysiga kv\u00e4llar, resor eller att ge som en varm present. T\u00e4cket kan personaliseras med ditt logotyp, din bild eller vilket annat grafiskt element som helst f\u00f6r en effektiv kommunikation. En idealisk l\u00f6sning f\u00f6r evenemang, kampanjer eller f\u00f6r att st\u00e4rka din varum\u00e4rkesidentitet. T\u00e4cket \u00e4r l\u00e4tt att sk\u00f6ta och beh\u00e5ller sin mjuka k\u00e4nsla efter flera tv\u00e4ttar.\n\n- Sammans\u00e4ttning: 100% polyester\n- Till\u00e4gg: Anti-pelstill\u00e4gg\n- Dimensioner: 175 x 140 cm\n- Kant: Kontrasterande natur med rustik utseende\n- F\u00f6rpackning: Rullat t\u00e4cke","pt":"Esta coberta oferece conforto \u00f3timo gra\u00e7as \u00e0 sua composi\u00e7\u00e3o em 100% poli\u00e9ster e seu tratamento anti-pelotas. Sua textura macia \u00e9 agrad\u00e1vel ao toque e garante calor duradouro. \u00c9 ideal para as noites de relaxamento, viagens ou para presentear um presente quente. Esta coberta pode ser personalizada com seu logotipo, sua imagem ou qualquer outro elemento gr\u00e1fico para uma comunica\u00e7\u00e3o eficaz. Uma solu\u00e7\u00e3o ideal para eventos, promo\u00e7\u00f5es ou para fortalecer sua identidade de marca. A coberta \u00e9 f\u00e1cil de limpar e mant\u00e9m seu aspecto macio ap\u00f3s v\u00e1rias lavagens.","da":"Dette fleece t\u00e6ppe tilbyder optimal komfort takket v\u00e6re sin sammens\u00e6tning af 100% polyester og dens behandling mod fluff. Den bl\u00f8de tekstur er behagelig at r\u00f8re ved og sikrer varme i lang tid. Det er ideelt til hyggekvelder, rejser eller at give en varm gave. Dette t\u00e6ppe kan personligg\u00f8res med dit logo, dit visuelle eller ethvert andet grafisk element til effektiv kommunikation. En ideel l\u00f8sning til begivenheder, promotioner eller til at styrke din brands identitet. T\u00e6ppet er nemt at vedligeholde og beholder sin bl\u00f8de tekstur efter flere vask.","pl":"Ta koc polaryzacyjna zapewnia optymalny komfort dzi\u0119ki swojej kompozycji z 100% poliestru i antypluskowym przetworzeniu. Jej mi\u0119kka tekstura jest przyjemna w dotyku i zapewnia trwa\u0142e ciep\u0142o. Jest idealna na wieczory relaksu, podr\u00f3\u017ce lub na prezentowanie. Koc mo\u017ce zosta\u0107 spersonalizowany za pomoc\u0105 loga, wizualizacji lub innych element\u00f3w graficznych dla skutecznej komunikacji. Idealne rozwi\u0105zanie dla imprez, promocji lub wzmocnienia identyfikacji marki. Koc jest \u0142atwy w utrzymaniu i zachowuje sw\u00f3j mi\u0119kki wygl\u0105d po wielu praniach.\n\n- Sk\u0142ad: 100% poliestru\n- Przetworzenie: Antypluskowe\n- Wymiary: 175 x 140 cm\n- Obrze\u017ca: Kontrastowy wygl\u0105d rustykalny\n- Opakowanie: Koc zwini\u0119ty"},"h1":{"fr":"couverture active fleece blanket r39 personnalisation","en":"active fleece blanket r39 customization","de":"Aktive Fleece-Decke r39 Personalisierung","nl":"actieve fleece dekbed r39 persoonlijke aanpassing","es":"cubierta activa fleece blanket r39 personalizaci\u00f3n","it":"coperta attiva fleece blanket r39 personalizzazione","sv":"aktiv fleece t\u00e4cke blanket r39 personalisering","pt":"coberta ativa fleece r39 personaliza\u00e7\u00e3o","da":"aktiv fleece t\u00e6ppe r39 personalisering","pl":"aktywna koc polaryzacyjna blanket r39 personalizacja"},"meta_description":{"fr":"D\u00e9couvrez notre couverture polaire active RESULT, douce et confortable. Id\u00e9ale pour vos moments de d\u00e9tente ou \u00e0 offrir en cadeau. Possibilit\u00e9 de personnalisation.","en":"Discover our active polar blanket RESULT, soft and comfortable. Ideal for your moments of relaxation or to give as a gift. Possibility of customization.","de":"Entdecken Sie unsere aktive Fleece-Decke RESULT, weich und bequem. Ideal f\u00fcr Ihre Entspannungsmomente oder zum Verschenken. M\u00f6glichkeit zur Personalisierung.","nl":"Ontdek onze actieve fleece dekbed RESULT, zacht en comfortabel. Ideaal voor ontspanning of als cadeau. Mogelijkheid tot persoonlijke aanpassing.","es":"Descubra nuestra cubierta polar activa RESULT, suave y c\u00f3moda. Ideal para sus momentos de relajaci\u00f3n o para regalar. Posibilidad de personalizaci\u00f3n.","it":"Scoprite la nostra coperta polare attiva RESULT, morbida e confortevole. Ideale per i vostri momenti di relax o da regalare. Possibilit\u00e0 di personalizzazione.","sv":"Uppt\u00e4ck v\u00e5r aktiva pol\u00e4rfilt RESULT, mjuk och bekv\u00e4m. Idealiskt f\u00f6r dina avslappnande stunder eller att ge som present. M\u00f6jlighet att personalisera.","pt":"Descubra nossa coberta ativa RESULT, macia e confort\u00e1vel. Ideal para seus momentos de relaxamento ou para presentear. Possibilidade de personaliza\u00e7\u00e3o.","da":"Opdag vores aktive fleece t\u00e6ppe RESULT, bl\u00f8dt og behageligt. Ideelt til dine afslapningsstunder eller at give som gave. Mulighed for personligg\u00f8relse.","pl":"Odkryj nasz\u0105 aktywn\u0105 koc polaryzacyjn\u0105 RESULT, mi\u0119kk\u0105 i komfortow\u0105. Idealna na chwil\u0119 relaksu lub do podarowania. Mo\u017cliwo\u015b\u0107 personalizacji."}}},"categories":[{"id":504,"name":"Plaids et couvertures","singular":"Plaid et couverture","is_feminin":false},{"id":497,"name":"Linge de maison","singular":"Linge de maison","is_feminin":false},{"id":354,"name":"Textile","singular":"Textile","is_feminin":false}],"certifications":[],"videos":{"fr":[],"en":[],"de":[],"nl":[],"es":[],"it":[],"sv":[],"pt":[],"da":[],"pl":[]},"main_images":{"miniature":"https:\/\/media.th4.com\/FCa1Nab0ZnKLR9NLTBCaEobg1VeVFHvVE1NW6KVOA8Q\/pr:80\/aHR0cDovL21lZGlhMi5kZXNpZ25wYXJ0bmVyLmZyL2MvcC1ibGFuay1USC8yMzUxLndlYnA?v=1769424869","medium":"https:\/\/media.th4.com\/o8-eDjsY3ixLCm1T1ZONqNZ2pXcfP_e3AAD6A2VAzLQ\/pr:550x550greybg\/aHR0cDovL21lZGlhMi5kZXNpZ25wYXJ0bmVyLmZyL2MvcC1ibGFuay1USC8yMzUxLndlYnA?v=1769424869","medium_large":"https:\/\/media.th4.com\/JmWNmCX6VgSKXB_8qwbnzuGNFU23lsKhFidQSb9WW2Y\/pr:1000x1000greybg\/aHR0cDovL21lZGlhMi5kZXNpZ25wYXJ0bmVyLmZyL2MvcC1ibGFuay1USC8yMzUxLndlYnA?v=1769424869","large":"https:\/\/media.th4.com\/lJgBbMpco4nt67pyzJNOx31TgFu2VBG-53bA610IHBU\/pr:1920greybg\/aHR0cDovL21lZGlhMi5kZXNpZ25wYXJ0bmVyLmZyL2MvcC1ibGFuay1USC8yMzUxLndlYnA?v=1769424869","opengraph":"https:\/\/media.th4.com\/tSljbgrydlsgx94evxjJtR0qxn7driCZtvvWj-mUwoA\/pr:1200x630greybg\/aHR0cDovL21lZGlhMi5kZXNpZ25wYXJ0bmVyLmZyL2MvcC1ibGFuay1USC8yMzUxLndlYnA?v=1769424869"},"main_images_customization":{"miniature":"https:\/\/media.th4.com\/SbxM5Uk9h6PU-RK5gyvjm_sLpVk7sE4IqbdVBOJCmUA\/pr:80\/aHR0cDovL21lZGlhMi5kZXNpZ25wYXJ0bmVyLmZyL2MvcC1jdXN0b20tVEgvMjM1MS53ZWJw?v=1769425036","medium":"https:\/\/media.th4.com\/BlzzGPI8ZZRJJTK8shnN_NqIttPnKB1G3f6IHPq9DnI\/pr:550x550greybg\/aHR0cDovL21lZGlhMi5kZXNpZ25wYXJ0bmVyLmZyL2MvcC1jdXN0b20tVEgvMjM1MS53ZWJw?v=1769425036","medium_large":"https:\/\/media.th4.com\/sFDlu2Il8uzAoKczbt2oifHzWGAXM692_HIsyesra7E\/pr:1000x1000greybg\/aHR0cDovL21lZGlhMi5kZXNpZ25wYXJ0bmVyLmZyL2MvcC1jdXN0b20tVEgvMjM1MS53ZWJw?v=1769425036","large":"https:\/\/media.th4.com\/s01-fZh-2Qgz4C6rHBrez3RfiBDBBsyiQ5qTl8RIfbI\/pr:1920greybg\/aHR0cDovL21lZGlhMi5kZXNpZ25wYXJ0bmVyLmZyL2MvcC1jdXN0b20tVEgvMjM1MS53ZWJw?v=1769425036","opengraph":"https:\/\/media.th4.com\/CFglaNfJfK98YYFXHK9f5HrCEQsexJt6oW6eBtb7MHQ\/pr:1200x630greybg\/aHR0cDovL21lZGlhMi5kZXNpZ25wYXJ0bmVyLmZyL2MvcC1jdXN0b20tVEgvMjM1MS53ZWJw?v=1769425036"},"page_links":{"fr":"\/fr\/p-re-r039x-couverture-active-fleece-blanket-r39-2351\/","en":"\/en\/p-re-r039x-active-fleece-blanket-r39-2351\/","de":"\/de\/p-re-r039x-aktive-fleece-decke-r39-2351\/","nl":"\/nl\/p-re-r039x-actieve-vloerkleed-fleece-blanket-r39-2351\/","es":"\/es\/p-re-r039x-manta-activa-de-felpa-r39-2351\/","it":"\/it\/p-re-r039x-coperte-attiva-fleece-blanket-r39-2351\/","sv":"\/sv\/p-re-r039x-aktivt-fleece-tacke-r39-2351\/","pt":"\/pt\/p-re-r039x-coberta-ativa-fleece-blanket-r39-2351\/","da":"\/da\/p-re-r039x-aktiv-fleece-daek-r39-2351\/","pl":"\/pl\/p-re-r039x-aktywna-koc-polaryzacyjna-r39-2351\/"},"page_links_customization":{"fr":"\/fr\/p-re-r039x-couverture-active-fleece-blanket-r39-personnalisation-2351\/custom\/","en":"\/en\/p-re-r039x-active-fleece-blanket-r39-customization-2351\/custom\/","de":"\/de\/p-re-r039x-aktive-fleece-decke-r39-personalisierung-2351\/custom\/","nl":"\/nl\/p-re-r039x-actieve-fleece-dekbed-r39-persoonlijke-aanpassing-2351\/custom\/","es":"\/es\/p-re-r039x-cubierta-activa-fleece-blanket-r39-personalizacion-2351\/custom\/","it":"\/it\/p-re-r039x-coperta-attiva-fleece-blanket-r39-personalizzazione-2351\/custom\/","sv":"\/sv\/p-re-r039x-aktiv-fleece-tacke-blanket-r39-personalisering-2351\/custom\/","pt":"\/pt\/p-re-r039x-coberta-ativa-fleece-r39-personalizacao-2351\/custom\/","da":"\/da\/p-re-r039x-aktiv-fleece-taeppe-r39-personalisering-2351\/custom\/","pl":"\/pl\/p-re-r039x-aktywna-koc-polaryzacyjna-blanket-r39-personalizacja-2351\/custom\/"},"equivalent_products":[],"colors":[{"id":710,"name":"forest_green","class_ids":[5],"codes_hexa":["01391e"],"delai_24":false,"has_3d":false,"seuil_global":0,"stock_local":0,"stock_global":1052,"on_standby":false,"in_catalog":true,"images":{"miniature":["https:\/\/media.th4.com\/0N3aYDIVbnTNkvPVWgnogQqxA5sX1eW5_oD8BLzBux4\/pr:80\/aHR0cDovL21lZGlhMi5kZXNpZ25wYXJ0bmVyLmZyL2MvcC8yMzUxLzIzNTEtNzEwLTEud2VicA?v=1769423526"],"medium":["https:\/\/media.th4.com\/gn5aRAGorl_qoEEg7vVL9GKfB7O-kxxg9bhhES06KM8\/pr:550x550\/aHR0cDovL21lZGlhMi5kZXNpZ25wYXJ0bmVyLmZyL2MvcC8yMzUxLzIzNTEtNzEwLTEud2VicA?v=1769423526"],"medium_large":["https:\/\/media.th4.com\/a3U0XeNez_PVO-3c5sr8-KvSM-RMNbBd6wlzh3YFl_c\/pr:1000x1000\/aHR0cDovL21lZGlhMi5kZXNpZ25wYXJ0bmVyLmZyL2MvcC8yMzUxLzIzNTEtNzEwLTEud2VicA?v=1769423526"],"large":["https:\/\/media.th4.com\/UoJidHWR7ZOYy7QzQq4mmNNkd6OgxQBDS8BLns4H7UU\/pr:1920\/aHR0cDovL21lZGlhMi5kZXNpZ25wYXJ0bmVyLmZyL2MvcC8yMzUxLzIzNTEtNzEwLTEud2VicA?v=1769423526"],"opengraph":["https:\/\/media.th4.com\/OrCoZy6e9q5Yf8XvT7P90_MT08tA_pMHc2t8sey8z2g\/pr:1200x630\/aHR0cDovL21lZGlhMi5kZXNpZ25wYXJ0bmVyLmZyL2MvcC8yMzUxLzIzNTEtNzEwLTEud2VicA?v=1769423526"]},"images_customization":{"miniature":["https:\/\/media.th4.com\/0N3aYDIVbnTNkvPVWgnogQqxA5sX1eW5_oD8BLzBux4\/pr:80\/aHR0cDovL21lZGlhMi5kZXNpZ25wYXJ0bmVyLmZyL2MvcC8yMzUxLzIzNTEtNzEwLTEud2VicA?v=1769423526"],"medium":["https:\/\/media.th4.com\/gn5aRAGorl_qoEEg7vVL9GKfB7O-kxxg9bhhES06KM8\/pr:550x550\/aHR0cDovL21lZGlhMi5kZXNpZ25wYXJ0bmVyLmZyL2MvcC8yMzUxLzIzNTEtNzEwLTEud2VicA?v=1769423526"],"medium_large":["https:\/\/media.th4.com\/a3U0XeNez_PVO-3c5sr8-KvSM-RMNbBd6wlzh3YFl_c\/pr:1000x1000\/aHR0cDovL21lZGlhMi5kZXNpZ25wYXJ0bmVyLmZyL2MvcC8yMzUxLzIzNTEtNzEwLTEud2VicA?v=1769423526"],"large":["https:\/\/media.th4.com\/UoJidHWR7ZOYy7QzQq4mmNNkd6OgxQBDS8BLns4H7UU\/pr:1920\/aHR0cDovL21lZGlhMi5kZXNpZ25wYXJ0bmVyLmZyL2MvcC8yMzUxLzIzNTEtNzEwLTEud2VicA?v=1769423526"],"opengraph":["https:\/\/media.th4.com\/OrCoZy6e9q5Yf8XvT7P90_MT08tA_pMHc2t8sey8z2g\/pr:1200x630\/aHR0cDovL21lZGlhMi5kZXNpZ25wYXJ0bmVyLmZyL2MvcC8yMzUxLzIzNTEtNzEwLTEud2VicA?v=1769423526"]},"country_origin":"ID","traceability":{"manufacturing_country_id":null,"weaving_country_id":null,"dyeing_country_id":null},"sizes":[{"id":42,"article_id":64282,"class_id":19,"name":"taille_unique","on_standby":false,"stock_local":0,"stock_global":1052,"multiple":1,"estimated_date_reassort":null,"is_destocking":false}],"page_links":{"fr":"\/fr\/p-re-r039x-couverture-active-fleece-blanket-r39-2351\/forest-green-710\/","en":"\/en\/p-re-r039x-active-fleece-blanket-r39-2351\/forest-green-710\/","de":"\/de\/p-re-r039x-aktive-fleece-decke-r39-2351\/forest-green-710\/","nl":"\/nl\/p-re-r039x-actieve-vloerkleed-fleece-blanket-r39-2351\/forest-green-710\/","es":"\/es\/p-re-r039x-manta-activa-de-felpa-r39-2351\/forest-green-710\/","it":"\/it\/p-re-r039x-coperte-attiva-fleece-blanket-r39-2351\/forest-green-710\/","sv":"\/sv\/p-re-r039x-aktivt-fleece-tacke-r39-2351\/forest-green-710\/","pt":"\/pt\/p-re-r039x-coberta-ativa-fleece-blanket-r39-2351\/forest-green-710\/","da":"\/da\/p-re-r039x-aktiv-fleece-daek-r39-2351\/forest-green-710\/","pl":"\/pl\/p-re-r039x-aktywna-koc-polaryzacyjna-r39-2351\/forest-green-710\/"},"page_links_customization":{"fr":"\/fr\/p-re-r039x-couverture-active-fleece-blanket-r39-personnalisation-2351\/forest-green-710\/custom\/","en":"\/en\/p-re-r039x-active-fleece-blanket-r39-customization-2351\/forest-green-710\/custom\/","de":"\/de\/p-re-r039x-aktive-fleece-decke-r39-personalisierung-2351\/forest-green-710\/custom\/","nl":"\/nl\/p-re-r039x-actieve-fleece-dekbed-r39-persoonlijke-aanpassing-2351\/forest-green-710\/custom\/","es":"\/es\/p-re-r039x-cubierta-activa-fleece-blanket-r39-personalizacion-2351\/forest-green-710\/custom\/","it":"\/it\/p-re-r039x-coperta-attiva-fleece-blanket-r39-personalizzazione-2351\/forest-green-710\/custom\/","sv":"\/sv\/p-re-r039x-aktiv-fleece-tacke-blanket-r39-personalisering-2351\/forest-green-710\/custom\/","pt":"\/pt\/p-re-r039x-coberta-ativa-fleece-r39-personalizacao-2351\/forest-green-710\/custom\/","da":"\/da\/p-re-r039x-aktiv-fleece-taeppe-r39-personalisering-2351\/forest-green-710\/custom\/","pl":"\/pl\/p-re-r039x-aktywna-koc-polaryzacyjna-blanket-r39-personalizacja-2351\/forest-green-710\/custom\/"}},{"id":346,"name":"camel","class_ids":[8],"codes_hexa":["ffffcc"],"delai_24":false,"has_3d":false,"seuil_global":0,"stock_local":0,"stock_global":439,"on_standby":false,"in_catalog":true,"images":{"miniature":["https:\/\/media.th4.com\/Ax283rdp4zX3dbKYZAKYPGyah8VMoydS61abQDuZhyA\/pr:80\/aHR0cDovL21lZGlhMi5kZXNpZ25wYXJ0bmVyLmZyL2MvcC8yMzUxLzIzNTEtMzQ2LTEud2VicA?v=1769423526"],"medium":["https:\/\/media.th4.com\/_qU2cjslmjT6BVqmPvYy7_n5FwD6c-HPvnwJYjN1sh4\/pr:550x550\/aHR0cDovL21lZGlhMi5kZXNpZ25wYXJ0bmVyLmZyL2MvcC8yMzUxLzIzNTEtMzQ2LTEud2VicA?v=1769423526"],"medium_large":["https:\/\/media.th4.com\/BWNR_ulFcbG2o0b9t2foeyPs7W31IdooBZaj4gED3gQ\/pr:1000x1000\/aHR0cDovL21lZGlhMi5kZXNpZ25wYXJ0bmVyLmZyL2MvcC8yMzUxLzIzNTEtMzQ2LTEud2VicA?v=1769423526"],"large":["https:\/\/media.th4.com\/fGQEQ8rXP5tdLZqqnbxkZphmtGntQ3Hkd5w2yVWjR_c\/pr:1920\/aHR0cDovL21lZGlhMi5kZXNpZ25wYXJ0bmVyLmZyL2MvcC8yMzUxLzIzNTEtMzQ2LTEud2VicA?v=1769423526"],"opengraph":["https:\/\/media.th4.com\/bAElpl70GfiifI5uKoWdE4lMlCqcjADdQ8w9kTZDE3s\/pr:1200x630\/aHR0cDovL21lZGlhMi5kZXNpZ25wYXJ0bmVyLmZyL2MvcC8yMzUxLzIzNTEtMzQ2LTEud2VicA?v=1769423526"]},"images_customization":{"miniature":["https:\/\/media.th4.com\/Ax283rdp4zX3dbKYZAKYPGyah8VMoydS61abQDuZhyA\/pr:80\/aHR0cDovL21lZGlhMi5kZXNpZ25wYXJ0bmVyLmZyL2MvcC8yMzUxLzIzNTEtMzQ2LTEud2VicA?v=1769423526"],"medium":["https:\/\/media.th4.com\/_qU2cjslmjT6BVqmPvYy7_n5FwD6c-HPvnwJYjN1sh4\/pr:550x550\/aHR0cDovL21lZGlhMi5kZXNpZ25wYXJ0bmVyLmZyL2MvcC8yMzUxLzIzNTEtMzQ2LTEud2VicA?v=1769423526"],"medium_large":["https:\/\/media.th4.com\/BWNR_ulFcbG2o0b9t2foeyPs7W31IdooBZaj4gED3gQ\/pr:1000x1000\/aHR0cDovL21lZGlhMi5kZXNpZ25wYXJ0bmVyLmZyL2MvcC8yMzUxLzIzNTEtMzQ2LTEud2VicA?v=1769423526"],"large":["https:\/\/media.th4.com\/fGQEQ8rXP5tdLZqqnbxkZphmtGntQ3Hkd5w2yVWjR_c\/pr:1920\/aHR0cDovL21lZGlhMi5kZXNpZ25wYXJ0bmVyLmZyL2MvcC8yMzUxLzIzNTEtMzQ2LTEud2VicA?v=1769423526"],"opengraph":["https:\/\/media.th4.com\/bAElpl70GfiifI5uKoWdE4lMlCqcjADdQ8w9kTZDE3s\/pr:1200x630\/aHR0cDovL21lZGlhMi5kZXNpZ25wYXJ0bmVyLmZyL2MvcC8yMzUxLzIzNTEtMzQ2LTEud2VicA?v=1769423526"]},"country_origin":"ID","traceability":{"manufacturing_country_id":null,"weaving_country_id":null,"dyeing_country_id":null},"sizes":[{"id":42,"article_id":531199,"class_id":19,"name":"taille_unique","on_standby":false,"stock_local":0,"stock_global":439,"multiple":1,"estimated_date_reassort":null,"is_destocking":false}],"page_links":{"fr":"\/fr\/p-re-r039x-couverture-active-fleece-blanket-r39-2351\/camel-346\/","en":"\/en\/p-re-r039x-active-fleece-blanket-r39-2351\/camel-346\/","de":"\/de\/p-re-r039x-aktive-fleece-decke-r39-2351\/camel-346\/","nl":"\/nl\/p-re-r039x-actieve-vloerkleed-fleece-blanket-r39-2351\/camel-346\/","es":"\/es\/p-re-r039x-manta-activa-de-felpa-r39-2351\/camel-346\/","it":"\/it\/p-re-r039x-coperte-attiva-fleece-blanket-r39-2351\/camel-346\/","sv":"\/sv\/p-re-r039x-aktivt-fleece-tacke-r39-2351\/camel-346\/","pt":"\/pt\/p-re-r039x-coberta-ativa-fleece-blanket-r39-2351\/camel-346\/","da":"\/da\/p-re-r039x-aktiv-fleece-daek-r39-2351\/camel-346\/","pl":"\/pl\/p-re-r039x-aktywna-koc-polaryzacyjna-r39-2351\/camel-346\/"},"page_links_customization":{"fr":"\/fr\/p-re-r039x-couverture-active-fleece-blanket-r39-personnalisation-2351\/camel-346\/custom\/","en":"\/en\/p-re-r039x-active-fleece-blanket-r39-customization-2351\/camel-346\/custom\/","de":"\/de\/p-re-r039x-aktive-fleece-decke-r39-personalisierung-2351\/camel-346\/custom\/","nl":"\/nl\/p-re-r039x-actieve-fleece-dekbed-r39-persoonlijke-aanpassing-2351\/camel-346\/custom\/","es":"\/es\/p-re-r039x-cubierta-activa-fleece-blanket-r39-personalizacion-2351\/camel-346\/custom\/","it":"\/it\/p-re-r039x-coperta-attiva-fleece-blanket-r39-personalizzazione-2351\/camel-346\/custom\/","sv":"\/sv\/p-re-r039x-aktiv-fleece-tacke-blanket-r39-personalisering-2351\/camel-346\/custom\/","pt":"\/pt\/p-re-r039x-coberta-ativa-fleece-r39-personalizacao-2351\/camel-346\/custom\/","da":"\/da\/p-re-r039x-aktiv-fleece-taeppe-r39-personalisering-2351\/camel-346\/custom\/","pl":"\/pl\/p-re-r039x-aktywna-koc-polaryzacyjna-blanket-r39-personalizacja-2351\/camel-346\/custom\/"}},{"id":22474,"name":"navy","class_ids":[2],"codes_hexa":["19286b"],"delai_24":false,"has_3d":false,"seuil_global":0,"stock_local":0,"stock_global":421,"on_standby":false,"in_catalog":true,"images":{"miniature":["https:\/\/media.th4.com\/JwTzWlffuJWEgWuc38Vn0ZeQ_8GMuqEyM0Gn0SYkLwA\/pr:80\/aHR0cDovL21lZGlhMi5kZXNpZ25wYXJ0bmVyLmZyL2MvcC8yMzUxLzIzNTEtMjI0NzQtMS5qcGc?v=1610021596"],"medium":["https:\/\/media.th4.com\/_RChkUrwpcYcoi1LQOZTGTdS6LYga3LT1gavZqnLK1g\/pr:550x550\/aHR0cDovL21lZGlhMi5kZXNpZ25wYXJ0bmVyLmZyL2MvcC8yMzUxLzIzNTEtMjI0NzQtMS5qcGc?v=1610021596"],"medium_large":["https:\/\/media.th4.com\/_qJ-37wtFaoY-RJk2cXSuK0JdR3gAx3_EJ35ipN62Bs\/pr:1000x1000\/aHR0cDovL21lZGlhMi5kZXNpZ25wYXJ0bmVyLmZyL2MvcC8yMzUxLzIzNTEtMjI0NzQtMS5qcGc?v=1610021596"],"large":["https:\/\/media.th4.com\/2YMe5hqpPdmrADtdl14SLxg_ZrS8UWgAWrJ32WmdXQI\/pr:1920\/aHR0cDovL21lZGlhMi5kZXNpZ25wYXJ0bmVyLmZyL2MvcC8yMzUxLzIzNTEtMjI0NzQtMS5qcGc?v=1610021596"],"opengraph":["https:\/\/media.th4.com\/ioNLbdwFZMC_hgltm_zJRyfFlozSMp9zYT1gtee4Lr8\/pr:1200x630\/aHR0cDovL21lZGlhMi5kZXNpZ25wYXJ0bmVyLmZyL2MvcC8yMzUxLzIzNTEtMjI0NzQtMS5qcGc?v=1610021596"]},"images_customization":{"miniature":["https:\/\/media.th4.com\/JwTzWlffuJWEgWuc38Vn0ZeQ_8GMuqEyM0Gn0SYkLwA\/pr:80\/aHR0cDovL21lZGlhMi5kZXNpZ25wYXJ0bmVyLmZyL2MvcC8yMzUxLzIzNTEtMjI0NzQtMS5qcGc?v=1610021596"],"medium":["https:\/\/media.th4.com\/_RChkUrwpcYcoi1LQOZTGTdS6LYga3LT1gavZqnLK1g\/pr:550x550\/aHR0cDovL21lZGlhMi5kZXNpZ25wYXJ0bmVyLmZyL2MvcC8yMzUxLzIzNTEtMjI0NzQtMS5qcGc?v=1610021596"],"medium_large":["https:\/\/media.th4.com\/_qJ-37wtFaoY-RJk2cXSuK0JdR3gAx3_EJ35ipN62Bs\/pr:1000x1000\/aHR0cDovL21lZGlhMi5kZXNpZ25wYXJ0bmVyLmZyL2MvcC8yMzUxLzIzNTEtMjI0NzQtMS5qcGc?v=1610021596"],"large":["https:\/\/media.th4.com\/2YMe5hqpPdmrADtdl14SLxg_ZrS8UWgAWrJ32WmdXQI\/pr:1920\/aHR0cDovL21lZGlhMi5kZXNpZ25wYXJ0bmVyLmZyL2MvcC8yMzUxLzIzNTEtMjI0NzQtMS5qcGc?v=1610021596"],"opengraph":["https:\/\/media.th4.com\/ioNLbdwFZMC_hgltm_zJRyfFlozSMp9zYT1gtee4Lr8\/pr:1200x630\/aHR0cDovL21lZGlhMi5kZXNpZ25wYXJ0bmVyLmZyL2MvcC8yMzUxLzIzNTEtMjI0NzQtMS5qcGc?v=1610021596"]},"country_origin":"ID","traceability":{"manufacturing_country_id":null,"weaving_country_id":null,"dyeing_country_id":null},"sizes":[{"id":42,"article_id":64280,"class_id":19,"name":"taille_unique","on_standby":false,"stock_local":0,"stock_global":421,"multiple":1,"estimated_date_reassort":null,"is_destocking":false}],"page_links":{"fr":"\/fr\/p-re-r039x-couverture-active-fleece-blanket-r39-2351\/navy-22474\/","en":"\/en\/p-re-r039x-active-fleece-blanket-r39-2351\/navy-22474\/","de":"\/de\/p-re-r039x-aktive-fleece-decke-r39-2351\/navy-22474\/","nl":"\/nl\/p-re-r039x-actieve-vloerkleed-fleece-blanket-r39-2351\/navy-22474\/","es":"\/es\/p-re-r039x-manta-activa-de-felpa-r39-2351\/navy-22474\/","it":"\/it\/p-re-r039x-coperte-attiva-fleece-blanket-r39-2351\/navy-22474\/","sv":"\/sv\/p-re-r039x-aktivt-fleece-tacke-r39-2351\/navy-22474\/","pt":"\/pt\/p-re-r039x-coberta-ativa-fleece-blanket-r39-2351\/navy-22474\/","da":"\/da\/p-re-r039x-aktiv-fleece-daek-r39-2351\/navy-22474\/","pl":"\/pl\/p-re-r039x-aktywna-koc-polaryzacyjna-r39-2351\/navy-22474\/"},"page_links_customization":{"fr":"\/fr\/p-re-r039x-couverture-active-fleece-blanket-r39-personnalisation-2351\/navy-22474\/custom\/","en":"\/en\/p-re-r039x-active-fleece-blanket-r39-customization-2351\/navy-22474\/custom\/","de":"\/de\/p-re-r039x-aktive-fleece-decke-r39-personalisierung-2351\/navy-22474\/custom\/","nl":"\/nl\/p-re-r039x-actieve-fleece-dekbed-r39-persoonlijke-aanpassing-2351\/navy-22474\/custom\/","es":"\/es\/p-re-r039x-cubierta-activa-fleece-blanket-r39-personalizacion-2351\/navy-22474\/custom\/","it":"\/it\/p-re-r039x-coperta-attiva-fleece-blanket-r39-personalizzazione-2351\/navy-22474\/custom\/","sv":"\/sv\/p-re-r039x-aktiv-fleece-tacke-blanket-r39-personalisering-2351\/navy-22474\/custom\/","pt":"\/pt\/p-re-r039x-coberta-ativa-fleece-r39-personalizacao-2351\/navy-22474\/custom\/","da":"\/da\/p-re-r039x-aktiv-fleece-taeppe-r39-personalisering-2351\/navy-22474\/custom\/","pl":"\/pl\/p-re-r039x-aktywna-koc-polaryzacyjna-blanket-r39-personalizacja-2351\/navy-22474\/custom\/"}},{"id":374,"name":"red","class_ids":[6],"codes_hexa":["dc0210"],"delai_24":false,"has_3d":false,"seuil_global":0,"stock_local":0,"stock_global":362,"on_standby":false,"in_catalog":true,"images":{"miniature":["https:\/\/media.th4.com\/0ZtsYX19oX2hGt9uSvhRbSJCcub816Qy_0HBJi0vpT8\/pr:80\/aHR0cDovL21lZGlhMi5kZXNpZ25wYXJ0bmVyLmZyL2MvcC8yMzUxLzIzNTEtMzc0LTEuanBn?v=1610021598"],"medium":["https:\/\/media.th4.com\/5GFLtV56zcw_r_YbukVwxsIj7NHeLeqdbfPktlnAWo4\/pr:550x550\/aHR0cDovL21lZGlhMi5kZXNpZ25wYXJ0bmVyLmZyL2MvcC8yMzUxLzIzNTEtMzc0LTEuanBn?v=1610021598"],"medium_large":["https:\/\/media.th4.com\/6ApxRuYG91w61gFWaGkvHY0PbS_Y6L0VtF9amZzN7_0\/pr:1000x1000\/aHR0cDovL21lZGlhMi5kZXNpZ25wYXJ0bmVyLmZyL2MvcC8yMzUxLzIzNTEtMzc0LTEuanBn?v=1610021598"],"large":["https:\/\/media.th4.com\/GwxKit1xyMYiY_p5WbNTXQBQNU1PXtB427XWRlDB8xY\/pr:1920\/aHR0cDovL21lZGlhMi5kZXNpZ25wYXJ0bmVyLmZyL2MvcC8yMzUxLzIzNTEtMzc0LTEuanBn?v=1610021598"],"opengraph":["https:\/\/media.th4.com\/Jb5skSruJl6q87MIIxACr8A-fUFOR4A8EdR4NiNBURM\/pr:1200x630\/aHR0cDovL21lZGlhMi5kZXNpZ25wYXJ0bmVyLmZyL2MvcC8yMzUxLzIzNTEtMzc0LTEuanBn?v=1610021598"]},"images_customization":{"miniature":["https:\/\/media.th4.com\/0ZtsYX19oX2hGt9uSvhRbSJCcub816Qy_0HBJi0vpT8\/pr:80\/aHR0cDovL21lZGlhMi5kZXNpZ25wYXJ0bmVyLmZyL2MvcC8yMzUxLzIzNTEtMzc0LTEuanBn?v=1610021598"],"medium":["https:\/\/media.th4.com\/5GFLtV56zcw_r_YbukVwxsIj7NHeLeqdbfPktlnAWo4\/pr:550x550\/aHR0cDovL21lZGlhMi5kZXNpZ25wYXJ0bmVyLmZyL2MvcC8yMzUxLzIzNTEtMzc0LTEuanBn?v=1610021598"],"medium_large":["https:\/\/media.th4.com\/6ApxRuYG91w61gFWaGkvHY0PbS_Y6L0VtF9amZzN7_0\/pr:1000x1000\/aHR0cDovL21lZGlhMi5kZXNpZ25wYXJ0bmVyLmZyL2MvcC8yMzUxLzIzNTEtMzc0LTEuanBn?v=1610021598"],"large":["https:\/\/media.th4.com\/GwxKit1xyMYiY_p5WbNTXQBQNU1PXtB427XWRlDB8xY\/pr:1920\/aHR0cDovL21lZGlhMi5kZXNpZ25wYXJ0bmVyLmZyL2MvcC8yMzUxLzIzNTEtMzc0LTEuanBn?v=1610021598"],"opengraph":["https:\/\/media.th4.com\/Jb5skSruJl6q87MIIxACr8A-fUFOR4A8EdR4NiNBURM\/pr:1200x630\/aHR0cDovL21lZGlhMi5kZXNpZ25wYXJ0bmVyLmZyL2MvcC8yMzUxLzIzNTEtMzc0LTEuanBn?v=1610021598"]},"country_origin":"ID","traceability":{"manufacturing_country_id":null,"weaving_country_id":null,"dyeing_country_id":null},"sizes":[{"id":42,"article_id":64281,"class_id":19,"name":"taille_unique","on_standby":false,"stock_local":0,"stock_global":362,"multiple":1,"estimated_date_reassort":null,"is_destocking":false}],"page_links":{"fr":"\/fr\/p-re-r039x-couverture-active-fleece-blanket-r39-2351\/red-374\/","en":"\/en\/p-re-r039x-active-fleece-blanket-r39-2351\/red-374\/","de":"\/de\/p-re-r039x-aktive-fleece-decke-r39-2351\/red-374\/","nl":"\/nl\/p-re-r039x-actieve-vloerkleed-fleece-blanket-r39-2351\/red-374\/","es":"\/es\/p-re-r039x-manta-activa-de-felpa-r39-2351\/red-374\/","it":"\/it\/p-re-r039x-coperte-attiva-fleece-blanket-r39-2351\/red-374\/","sv":"\/sv\/p-re-r039x-aktivt-fleece-tacke-r39-2351\/red-374\/","pt":"\/pt\/p-re-r039x-coberta-ativa-fleece-blanket-r39-2351\/red-374\/","da":"\/da\/p-re-r039x-aktiv-fleece-daek-r39-2351\/red-374\/","pl":"\/pl\/p-re-r039x-aktywna-koc-polaryzacyjna-r39-2351\/red-374\/"},"page_links_customization":{"fr":"\/fr\/p-re-r039x-couverture-active-fleece-blanket-r39-personnalisation-2351\/red-374\/custom\/","en":"\/en\/p-re-r039x-active-fleece-blanket-r39-customization-2351\/red-374\/custom\/","de":"\/de\/p-re-r039x-aktive-fleece-decke-r39-personalisierung-2351\/red-374\/custom\/","nl":"\/nl\/p-re-r039x-actieve-fleece-dekbed-r39-persoonlijke-aanpassing-2351\/red-374\/custom\/","es":"\/es\/p-re-r039x-cubierta-activa-fleece-blanket-r39-personalizacion-2351\/red-374\/custom\/","it":"\/it\/p-re-r039x-coperta-attiva-fleece-blanket-r39-personalizzazione-2351\/red-374\/custom\/","sv":"\/sv\/p-re-r039x-aktiv-fleece-tacke-blanket-r39-personalisering-2351\/red-374\/custom\/","pt":"\/pt\/p-re-r039x-coberta-ativa-fleece-r39-personalizacao-2351\/red-374\/custom\/","da":"\/da\/p-re-r039x-aktiv-fleece-taeppe-r39-personalisering-2351\/red-374\/custom\/","pl":"\/pl\/p-re-r039x-aktywna-koc-polaryzacyjna-blanket-r39-personalizacja-2351\/red-374\/custom\/"}},{"id":364,"name":"black","class_ids":[4],"codes_hexa":["1a1a18"],"delai_24":false,"has_3d":false,"seuil_global":0,"stock_local":0,"stock_global":241,"on_standby":false,"in_catalog":true,"images":{"miniature":["https:\/\/media.th4.com\/KrUMTFTGUVOW7EDpcgw0nQRqf2b5Z6zd1-QoiRa95WU\/pr:80\/aHR0cDovL21lZGlhMi5kZXNpZ25wYXJ0bmVyLmZyL2MvcC8yMzUxLzIzNTEtMzY0LTEud2VicA?v=1769423525"],"medium":["https:\/\/media.th4.com\/yeiLbLvie_r9-rucobyZ3izBiL2jhzbrlSpWNs3cIlQ\/pr:550x550\/aHR0cDovL21lZGlhMi5kZXNpZ25wYXJ0bmVyLmZyL2MvcC8yMzUxLzIzNTEtMzY0LTEud2VicA?v=1769423525"],"medium_large":["https:\/\/media.th4.com\/uUK8JARSjhz_3u_ZawozpqRcYSp87Nx00FLaHKjAjnM\/pr:1000x1000\/aHR0cDovL21lZGlhMi5kZXNpZ25wYXJ0bmVyLmZyL2MvcC8yMzUxLzIzNTEtMzY0LTEud2VicA?v=1769423525"],"large":["https:\/\/media.th4.com\/CaBGGvN1WKm3I3nPqJmJgP5lNlr6nDhETQ4mqA8ayWs\/pr:1920\/aHR0cDovL21lZGlhMi5kZXNpZ25wYXJ0bmVyLmZyL2MvcC8yMzUxLzIzNTEtMzY0LTEud2VicA?v=1769423525"],"opengraph":["https:\/\/media.th4.com\/iXyQvzOyI9Klf_BHOtM4w6W6RhOrVgqyWh_51S-H6KI\/pr:1200x630\/aHR0cDovL21lZGlhMi5kZXNpZ25wYXJ0bmVyLmZyL2MvcC8yMzUxLzIzNTEtMzY0LTEud2VicA?v=1769423525"]},"images_customization":{"miniature":["https:\/\/media.th4.com\/KrUMTFTGUVOW7EDpcgw0nQRqf2b5Z6zd1-QoiRa95WU\/pr:80\/aHR0cDovL21lZGlhMi5kZXNpZ25wYXJ0bmVyLmZyL2MvcC8yMzUxLzIzNTEtMzY0LTEud2VicA?v=1769423525"],"medium":["https:\/\/media.th4.com\/yeiLbLvie_r9-rucobyZ3izBiL2jhzbrlSpWNs3cIlQ\/pr:550x550\/aHR0cDovL21lZGlhMi5kZXNpZ25wYXJ0bmVyLmZyL2MvcC8yMzUxLzIzNTEtMzY0LTEud2VicA?v=1769423525"],"medium_large":["https:\/\/media.th4.com\/uUK8JARSjhz_3u_ZawozpqRcYSp87Nx00FLaHKjAjnM\/pr:1000x1000\/aHR0cDovL21lZGlhMi5kZXNpZ25wYXJ0bmVyLmZyL2MvcC8yMzUxLzIzNTEtMzY0LTEud2VicA?v=1769423525"],"large":["https:\/\/media.th4.com\/CaBGGvN1WKm3I3nPqJmJgP5lNlr6nDhETQ4mqA8ayWs\/pr:1920\/aHR0cDovL21lZGlhMi5kZXNpZ25wYXJ0bmVyLmZyL2MvcC8yMzUxLzIzNTEtMzY0LTEud2VicA?v=1769423525"],"opengraph":["https:\/\/media.th4.com\/iXyQvzOyI9Klf_BHOtM4w6W6RhOrVgqyWh_51S-H6KI\/pr:1200x630\/aHR0cDovL21lZGlhMi5kZXNpZ25wYXJ0bmVyLmZyL2MvcC8yMzUxLzIzNTEtMzY0LTEud2VicA?v=1769423525"]},"country_origin":"ID","traceability":{"manufacturing_country_id":null,"weaving_country_id":null,"dyeing_country_id":null},"sizes":[{"id":42,"article_id":531198,"class_id":19,"name":"taille_unique","on_standby":false,"stock_local":0,"stock_global":241,"multiple":1,"estimated_date_reassort":null,"is_destocking":false}],"page_links":{"fr":"\/fr\/p-re-r039x-couverture-active-fleece-blanket-r39-2351\/black-364\/","en":"\/en\/p-re-r039x-active-fleece-blanket-r39-2351\/black-364\/","de":"\/de\/p-re-r039x-aktive-fleece-decke-r39-2351\/black-364\/","nl":"\/nl\/p-re-r039x-actieve-vloerkleed-fleece-blanket-r39-2351\/black-364\/","es":"\/es\/p-re-r039x-manta-activa-de-felpa-r39-2351\/black-364\/","it":"\/it\/p-re-r039x-coperte-attiva-fleece-blanket-r39-2351\/black-364\/","sv":"\/sv\/p-re-r039x-aktivt-fleece-tacke-r39-2351\/black-364\/","pt":"\/pt\/p-re-r039x-coberta-ativa-fleece-blanket-r39-2351\/black-364\/","da":"\/da\/p-re-r039x-aktiv-fleece-daek-r39-2351\/black-364\/","pl":"\/pl\/p-re-r039x-aktywna-koc-polaryzacyjna-r39-2351\/black-364\/"},"page_links_customization":{"fr":"\/fr\/p-re-r039x-couverture-active-fleece-blanket-r39-personnalisation-2351\/black-364\/custom\/","en":"\/en\/p-re-r039x-active-fleece-blanket-r39-customization-2351\/black-364\/custom\/","de":"\/de\/p-re-r039x-aktive-fleece-decke-r39-personalisierung-2351\/black-364\/custom\/","nl":"\/nl\/p-re-r039x-actieve-fleece-dekbed-r39-persoonlijke-aanpassing-2351\/black-364\/custom\/","es":"\/es\/p-re-r039x-cubierta-activa-fleece-blanket-r39-personalizacion-2351\/black-364\/custom\/","it":"\/it\/p-re-r039x-coperta-attiva-fleece-blanket-r39-personalizzazione-2351\/black-364\/custom\/","sv":"\/sv\/p-re-r039x-aktiv-fleece-tacke-blanket-r39-personalisering-2351\/black-364\/custom\/","pt":"\/pt\/p-re-r039x-coberta-ativa-fleece-r39-personalizacao-2351\/black-364\/custom\/","da":"\/da\/p-re-r039x-aktiv-fleece-taeppe-r39-personalisering-2351\/black-364\/custom\/","pl":"\/pl\/p-re-r039x-aktywna-koc-polaryzacyjna-blanket-r39-personalizacja-2351\/black-364\/custom\/"}},{"id":1729,"name":"natural","class_ids":[8],"codes_hexa":["fff1c2"],"delai_24":false,"has_3d":false,"seuil_global":0,"stock_local":0,"stock_global":67,"on_standby":false,"in_catalog":true,"images":{"miniature":null,"medium":null,"medium_large":null,"large":null,"opengraph":null},"images_customization":{"miniature":null,"medium":null,"medium_large":null,"large":null,"opengraph":null},"country_origin":"ID","traceability":{"manufacturing_country_id":null,"weaving_country_id":null,"dyeing_country_id":null},"sizes":[{"id":42,"article_id":64279,"class_id":19,"name":"taille_unique","on_standby":false,"stock_local":0,"stock_global":67,"multiple":1,"estimated_date_reassort":null,"is_destocking":false}],"page_links":{"fr":"\/fr\/p-re-r039x-couverture-active-fleece-blanket-r39-2351\/natural-1729\/","en":"\/en\/p-re-r039x-active-fleece-blanket-r39-2351\/natural-1729\/","de":"\/de\/p-re-r039x-aktive-fleece-decke-r39-2351\/natural-1729\/","nl":"\/nl\/p-re-r039x-actieve-vloerkleed-fleece-blanket-r39-2351\/natural-1729\/","es":"\/es\/p-re-r039x-manta-activa-de-felpa-r39-2351\/natural-1729\/","it":"\/it\/p-re-r039x-coperte-attiva-fleece-blanket-r39-2351\/natural-1729\/","sv":"\/sv\/p-re-r039x-aktivt-fleece-tacke-r39-2351\/natural-1729\/","pt":"\/pt\/p-re-r039x-coberta-ativa-fleece-blanket-r39-2351\/natural-1729\/","da":"\/da\/p-re-r039x-aktiv-fleece-daek-r39-2351\/natural-1729\/","pl":"\/pl\/p-re-r039x-aktywna-koc-polaryzacyjna-r39-2351\/natural-1729\/"},"page_links_customization":{"fr":"\/fr\/p-re-r039x-couverture-active-fleece-blanket-r39-personnalisation-2351\/natural-1729\/custom\/","en":"\/en\/p-re-r039x-active-fleece-blanket-r39-customization-2351\/natural-1729\/custom\/","de":"\/de\/p-re-r039x-aktive-fleece-decke-r39-personalisierung-2351\/natural-1729\/custom\/","nl":"\/nl\/p-re-r039x-actieve-fleece-dekbed-r39-persoonlijke-aanpassing-2351\/natural-1729\/custom\/","es":"\/es\/p-re-r039x-cubierta-activa-fleece-blanket-r39-personalizacion-2351\/natural-1729\/custom\/","it":"\/it\/p-re-r039x-coperta-attiva-fleece-blanket-r39-personalizzazione-2351\/natural-1729\/custom\/","sv":"\/sv\/p-re-r039x-aktiv-fleece-tacke-blanket-r39-personalisering-2351\/natural-1729\/custom\/","pt":"\/pt\/p-re-r039x-coberta-ativa-fleece-r39-personalizacao-2351\/natural-1729\/custom\/","da":"\/da\/p-re-r039x-aktiv-fleece-taeppe-r39-personalisering-2351\/natural-1729\/custom\/","pl":"\/pl\/p-re-r039x-aktywna-koc-polaryzacyjna-blanket-r39-personalizacja-2351\/natural-1729\/custom\/"}}],"documentation_link":"\/pdf\/2351.pdf","countries_availables":["AD","AE","AL","AT","BA","BD","BE","BG","BL","CA","CH","CN","CO","CY","CZ","DE","DK","DO","EE","EG","ES","ET","FI","FR","GB","GE","GF","GP","GR","GT","HK","HN","HR","HT","HU","ID","IE","IN","IS","IT","JO","JP","KE","KH","KP","KR","LA","LK","LS","LT","LU","LV","MA","MF","MG","MK","MM","MN","MQ","MT","MX","MY","NC","NI","NL","PF","PH","PK","PL","PM","PT","RE","RO","SE","SG","SI","SK","SV","SY","TH","TN","TR","TW","TZ","US","VN","WF","YT"]},"infos_customization":[],"features":{"authorize_multi_surfaces":true,"display_order_delay_type":true,"promote_surface_display":true,"tarification_franco_offert":true,"enabled_3d_editor":false},"markings":[{"id":0,"nom":"vierge","finition":null,"libelle":null,"code":null,"dpi":null,"finesse_forme_isolee":null,"finesse_forme_non_isolee":null,"hauteur_minimale_texte":null,"inactif":0,"marquage_interne":1,"quantite_min":null,"parent_id":null,"print_on_support":0,"content":"vierge","description":null},{"id":2,"nom":"fonce","finition":"optimale","libelle":"TopQuadri","code":null,"dpi":400,"finesse_forme_isolee":"0.040","finesse_forme_non_isolee":"0.700","hauteur_minimale_texte":2,"inactif":0,"marquage_interne":1,"quantite_min":null,"parent_id":18,"print_on_support":0,"content":"TopQuadri","description":"pour petites et moyennes s\u00e9ries"},{"id":3,"nom":"serigraphie","finition":"serigraphie","libelle":"SeriCoat","code":null,"dpi":400,"finesse_forme_isolee":"0.040","finesse_forme_non_isolee":"0.700","hauteur_minimale_texte":2,"inactif":0,"marquage_interne":1,"quantite_min":15,"parent_id":18,"print_on_support":0,"content":"SeriCoat","description":"pour moyennes et grandes s\u00e9ries"},{"id":4,"nom":"broderie","finition":"broderie","libelle":"Broderie","code":null,"dpi":400,"finesse_forme_isolee":"0.040","finesse_forme_non_isolee":"0.700","hauteur_minimale_texte":3,"inactif":0,"marquage_interne":1,"quantite_min":null,"parent_id":null,"print_on_support":0,"content":"Broderie","description":null},{"id":8,"nom":"theme","finition":null,"libelle":"Th\u00e8me","code":null,"dpi":null,"finesse_forme_isolee":null,"finesse_forme_non_isolee":null,"hauteur_minimale_texte":null,"inactif":0,"marquage_interne":1,"quantite_min":null,"parent_id":null,"print_on_support":0,"content":"Th\u00e8me","description":null},{"id":9,"nom":"sans","finition":null,"libelle":null,"code":null,"dpi":null,"finesse_forme_isolee":null,"finesse_forme_non_isolee":null,"hauteur_minimale_texte":null,"inactif":0,"marquage_interne":1,"quantite_min":null,"parent_id":null,"print_on_support":0,"content":"sans","description":null},{"id":10,"nom":"photo","finition":null,"libelle":"Photo","code":null,"dpi":null,"finesse_forme_isolee":null,"finesse_forme_non_isolee":null,"hauteur_minimale_texte":null,"inactif":0,"marquage_interne":1,"quantite_min":null,"parent_id":null,"print_on_support":0,"content":"Photo","description":null},{"id":14,"nom":"couleur","finition":null,"libelle":"Couleur","code":null,"dpi":null,"finesse_forme_isolee":null,"finesse_forme_non_isolee":null,"hauteur_minimale_texte":null,"inactif":0,"marquage_interne":1,"quantite_min":null,"parent_id":null,"print_on_support":0,"content":"Couleur","description":null},{"id":15,"nom":"sublimation","finition":"sublimation","libelle":"Sublimation","code":null,"dpi":null,"finesse_forme_isolee":"0.000","finesse_forme_non_isolee":"0.000","hauteur_minimale_texte":2,"inactif":0,"marquage_interne":1,"quantite_min":null,"parent_id":null,"print_on_support":0,"content":"Sublimation","description":null},{"id":16,"nom":"topquadri_uv","finition":null,"libelle":"TopQuadri UV","code":null,"dpi":null,"finesse_forme_isolee":"0.020","finesse_forme_non_isolee":"0.700","hauteur_minimale_texte":2,"inactif":0,"marquage_interne":1,"quantite_min":null,"parent_id":null,"print_on_support":1,"content":null,"description":null},{"id":17,"nom":"topquadri_uvp","finition":null,"libelle":"TopQuadri UVP","code":null,"dpi":null,"finesse_forme_isolee":"0.020","finesse_forme_non_isolee":"0.700","hauteur_minimale_texte":2,"inactif":0,"marquage_interne":1,"quantite_min":null,"parent_id":null,"print_on_support":1,"content":null,"description":null},{"id":18,"nom":"quadri","finition":null,"libelle":"Impression","code":null,"dpi":null,"finesse_forme_isolee":null,"finesse_forme_non_isolee":null,"hauteur_minimale_texte":null,"inactif":0,"marquage_interne":1,"quantite_min":null,"parent_id":null,"print_on_support":0,"content":null,"description":null}]}}