{"data":{"product":{"id":2313,"titre":"Hooded ripstop softshell jacket","description":"Veste Softshell trois couches pour le travail, technique et sportive, avec renforts ripstop sur les \u00e9paules et les bras. Les \u00e9paules et la capuche sans coutures assurent une meilleure \u00e9vacuation de l'eau. D\u00e9perlance am\u00e9lior\u00e9e \u00e0 3 couches. Respirant. Coupe-vent. Passepoil r\u00e9fl\u00e9chissant sur les \u00e9paules et les manches. \u00c9paules renforc\u00e9es sans couture pour une meilleure \u00e9vacuation de l'eau. Doublure en micropolaire pour plus de chaleur. Renforts en ripstop (anti-d\u00e9chirure) sur les \u00e9paules et les manches. Fermeture zipp\u00e9e YKK \u00e0 l\u2018avant avec tirette. Poignets r\u00e9glables par fermeture auto-agrippante. Ourlet r\u00e9glable par cordon \u00e9lastique. Ventilations zipp\u00e9es aux aisselles. Poche ext\u00e9rieure zipp\u00e9e sur la poitrine. 2 poches avant zipp\u00e9es. 2 poches int\u00e9rieures. Rabat de protection int\u00e9rieur. Patte de suspension. Composition : couche ext\u00e9rieure 93 % polyester, 7 % \u00e9lasthanne ; couche interm\u00e9diaire en membrane TPU imperm\u00e9able 8000mm, respirante 1000g, coupe-vent ; couche int\u00e9rieure 100 % polyester micropolaire ; doublure 100 % polyester maille fillet.","genre":"mixte","grammage":345,"conditionnement":10,"composition":"polyester,elasthanne","reference":"448.33","reference_visible":"re-r118x","reference_fabricant":"R118X","ref_xor":"745292","in_catalog":true,"is_transfer":false,"is_service":false,"on_standby":false,"has_3d":false,"has_size_guide":true,"has_marking":true,"has_vierge":true,"is_cross_sellable":false,"id_picto":132,"filename_3d":null,"brand":{"id":16,"name":"Result","logo":"logo-result.png","image":"https:\/\/media.th4.com\/R4AINn4EcZGXmGADkvSPvxFxj-96N0ZW37kUw9NCIp8\/pr:brand70x70\/aHR0cDovL21lZGlhMi5kZXNpZ25wYXJ0bmVyLmZyL2MvbS9sb2dvLXJlc3VsdC5wbmc?v=1769696384"},"price_infos":{"price_from":34.69,"quantity":100,"color":{"id":369,"name":"red\/black"},"size":{"id":1,"name":"L"}},"price_infos_marking":{"price_from":37.61,"quantity":100,"color":{"id":369,"name":"red\/black"},"size":{"id":1,"name":"L"},"marking":{"id":2,"name":""},"emplacement":"avant","surface_emplacement_id":1,"surface":"coeur"},"i18n":{"blank":{"title":{"fr":"Ice fell hooded softshell jacket RESULT r118","en":"Ice fell hooded softshell jacket RESULT r118","de":"Ice fell Kapuzen-Softshell-Jacke RESULT r118","nl":"Ice fell hooded softshell jacket RESULT r118","es":"Chaqueta softshell con capucha Ice fell RESULT r118","it":"Giacca softshell con cappuccio Ice fell RESULT r118","sv":"Ice fell hooded softshell jacket RESULT r118","pt":"Jaqueta Ice fell hooded softshell RESULT r118","da":"Ice fell hooded softshell jakke RESULT r118","pl":"Kurtka softshell Ice fell z kapeluszem"},"description":{"fr":"La veste Ice fell hooded softshell est con\u00e7ue pour offrir confort et protection lors de diverses activit\u00e9s. Sa construction combine une couche ext\u00e9rieure en polyester et \u00e9lasthanne, une membrane TPU respirante et une doublure en microfibre pour un \u00e9quilibre optimal entre coupe-vent, respirabilit\u00e9 et confort. Elle pr\u00e9sente une capuche ajustable dissimul\u00e9e dans le col, des biais r\u00e9fl\u00e9chissants sur les \u00e9paules et les manches pour une meilleure visibilit\u00e9, et des ventilations sous les bras pour une r\u00e9gulation thermique efficace. La fermeture \u00e0 glissi\u00e8re YKK compl\u00e8te avec rabat offre une protection suppl\u00e9mentaire contre les \u00e9l\u00e9ments. Elle dispose de plusieurs poches pratiques pour ranger les essentiels et de poignets avec bande auto-agrippante pour un ajustement personnalis\u00e9. Un cordon de serrage \u00e0 la taille avec stoppeurs permet d'ajuster la veste pour un confort optimal. \n\n- Ext\u00e9rieur : 93 % polyester, 7 % \u00e9lasthane\n- Couche interm\u00e9diaire : membrane TPU respirante\n- Int\u00e9rieur : microfibre\n- Coupe-vent et respirante","en":"The Ice fell hooded softshell jacket is designed to offer comfort and protection during various activities. Its construction combines an outer layer of polyester and elastane, a breathable TPU membrane and a microfiber lining for an optimal balance between windproofing, breathability and comfort. It features an adjustable hood hidden in the collar, reflective tape on the shoulders and sleeves for better visibility, and underarm vents for effective thermal regulation. The YKK zipper with flap provides additional protection against the elements. It has several practical pockets for storing essentials and cuffs with hook-and-loop closures for a customized fit. A drawstring at the waist with stoppers allows the jacket to be adjusted for optimal comfort. \n\n- Exterior: 93% polyester, 7% elastane\n- Mid layer: breathable TPU membrane\n- Interior: microfiber\n- Windproof and breathable","de":"Die Ice fell Kapuzen-Softshell-Jacke ist so gestaltet, dass sie Komfort und Schutz bei verschiedenen Aktivit\u00e4ten bietet. Ihre Konstruktion kombiniert eine Au\u00dfenschicht aus Polyester und Elasthan, eine atmungsaktive TPU-Membran und ein Mikrofaserfutter f\u00fcr einen optimalen Ausgleich zwischen Winddichtigkeit, Atmungsaktivit\u00e4t und Komfort. Sie bietet eine verstellbare Kapuze, die im Kragen verborgen ist, reflektierende Streifen auf den Schultern und \u00c4rmeln f\u00fcr bessere Sichtbarkeit und Bel\u00fcftungen unter den Armen f\u00fcr eine effektive Temperaturregelung. Der YKK-Rei\u00dfverschluss mit Klappe bietet zus\u00e4tzlichen Schutz gegen die Elemente. Sie verf\u00fcgt \u00fcber mehrere praktische Taschen zum Verstauen der wichtigsten Gegenst\u00e4nde und \u00fcber Manschetten mit Klettverschluss f\u00fcr eine individuelle Anpassung. Ein Zugschnurbund mit Stoppern erm\u00f6glicht das Anpassen der Jacke f\u00fcr optimalen Komfort. \n\n- Au\u00dfenseite: 93 % Polyester, 7 % Elasthan\n- Mittelschicht: atmungsaktive TPU-Membran\n- Innenseite: Mikrofaser\n- Winddicht und atmungsaktiv","nl":"De Ice fell hooded softshell jas is ontworpen om comfort en bescherming te bieden tijdens verschillende activiteiten. De constructie combineert een buitenlaag van polyester en elastane, een ademende TPU-membraan en een voering van microfibre voor een optimale balans tussen winddichtheid, ademendheid en comfort. Het heeft een verborgen kap in de kraag die aanpasbaar is, reflecterende stroken op de schouders en de mouwen voor beter zichtbaarheid en ventilatie onder de armen voor effectieve thermische regulering. De YKK-sluiting met flap biedt extra bescherming tegen de elementen. Er zijn meerdere praktische zakken om essenti\u00eble zaken op te bergen en manchetten met een zelfklevende band voor een persoonlijke pasvorm. Een knoopsluiting aan de taille met stoppers maakt het mogelijk om de jas aan te passen voor een optimale comfort.","es":"La chaqueta Ice fell con capucha softshell est\u00e1 dise\u00f1ada para ofrecer comodidad y protecci\u00f3n durante diversas actividades. Su construcci\u00f3n combina una capa exterior de poli\u00e9ster y elastano, una membrana TPU transpirable y un forro de microfibra para un equilibrio \u00f3ptimo entre impermeabilidad, respirabilidad y comodidad. Presenta una capucha ajustable oculta en el cuello, refuerzos reflectantes en los hombros y las mangas para una mejor visibilidad, y ventilaciones en las axilas para una regulaci\u00f3n t\u00e9rmica efectiva. La cremallera YKK completa con solapa ofrece una protecci\u00f3n adicional contra los elementos. Dispone de varios bolsillos pr\u00e1cticos para guardar los esenciales y mu\u00f1ecas con banda de velcro para un ajuste personalizado. Una cuerda de ajuste en la cintura con topes permite ajustar la chaqueta para una comodidad \u00f3ptima. \n\n- Exterior : 93 % poli\u00e9ster, 7 % elastano\n- Capa intermedia : membrana TPU transpirable\n- Interior : microfibra\n- Impermeable y transpirable","it":"La giacca Ice fell con cappuccio softshell \u00e8 progettata per offrire comfort e protezione durante varie attivit\u00e0. La sua costruzione combina uno strato esterno in poliestere ed elastan, una membrana TPU traspirante e una fodera in microfibra per un equilibrio ottimale tra antivento, traspirabilit\u00e0 e comfort. Presenta un cappuccio regolabile nascosto nel colletto, strisce riflettenti sulle spalle e sulle maniche per una migliore visibilit\u00e0, e aperture sotto le ascelle per una regolazione termica efficace. La chiusura a zip YKK completa con copripatta offre una protezione aggiuntiva contro gli elementi. Disponibile di diverse tasche pratiche per riporre gli essenziali e polsini con banda autoagrippante per un adattamento personalizzato. Un cordone di regolazione in vita con fermagli permette di regolare la giacca per un comfort ottimale.\n\n- Esterno: 93 % poliestere, 7 % elastan\n- Strato intermedio: membrana TPU traspirante\n- Interno: microfibra\n- Antivento e traspirante","sv":"Ice fell hooded softshelljackan \u00e4r konstruerad f\u00f6r att erbjuda komfort och skydd under olika aktiviteter. Dess konstruktion kombinerar ett yttre skikt av polyester och elastan, ett andningsbart TPU-membran och ett foder av mikrofiber f\u00f6r en optimal balans mellan vindt\u00e4thet, andningsf\u00f6rm\u00e5ga och komfort. Den har en justerbar huva dold i kragen, reflekterande detaljer p\u00e5 axlarna och \u00e4rmarna f\u00f6r b\u00e4ttre synlighet och ventilation under armarna f\u00f6r effektiv temperaturreglering. YKK-l\u00e4ngsknappen med skyddsflap ger ytterligare skydd mot elementen. Den har flera praktiska fickor f\u00f6r att f\u00f6rvara n\u00f6dv\u00e4ndigheter och \u00e4rmar med sn\u00e4ppband f\u00f6r anpassad passform. Ett dragsn\u00f6re i midjan med stoppare g\u00f6r det m\u00f6jligt att justera jackan f\u00f6r optimal komfort. \n\n- Yttre: 93 % polyester, 7 % elastan\n- Mellanskikt: andningsbart TPU-membran\n- Inre: mikrofiber\n- Vindt\u00e4t och andningsbar","pt":"A jaqueta Ice fell hooded softshell \u00e9 projetada para oferecer conforto e prote\u00e7\u00e3o durante diversas atividades. Sua constru\u00e7\u00e3o combina uma camada externa de poli\u00e9ster e elastano, uma membrana TPU respir\u00e1vel e um forro de microfibra para um equil\u00edbrio \u00f3timo entre cortar o vento, respirabilidade e conforto. Ela apresenta um capuz ajust\u00e1vel escondido no colarinho, costuras refletivas nas costas e nos bra\u00e7os para melhor visibilidade e ventila\u00e7\u00f5es nas axilas para regula\u00e7\u00e3o t\u00e9rmica eficaz. O z\u00edper YKK completo com aba oferece prote\u00e7\u00e3o adicional contra os elementos. Ela possui v\u00e1rias bolsas pr\u00e1ticas para guardar os essenciais e punhos com banda auto-agripante para um ajuste personalizado. Uma corda de aperto na cintura com freios permite ajustar a jaqueta para um conforto ideal. \n\n- Exterior: 93 % poli\u00e9ster, 7 % elastano\n- Camada intermedi\u00e1ria: membrana TPU respir\u00e1vel\n- Interior: microfibra\n- Corta-vento e respir\u00e1vel","da":"Ice fell hooded softshell jakken er designet til at tilbyde komfort og beskyttelse under forskellige aktiviteter. Dens konstruktion kombinerer et ydre lag af polyester og elastan, en \u00e5ndbar TPU-membran og en fodring af mikrofiber for en optimal balance mellem vindt\u00e6thed, \u00e5ndbarhed og komfort. Den har en justerbar kappe skjult i kragen, refleksb\u00e5nd p\u00e5 skuldrene og \u00e6rmene for bedre synlighed og ventilations\u00e5bninger under armene for effektiv varmeregulering. YKK-lukning med beskyttelsesklap tilbyder ekstra beskyttelse mod elementerne. Den har flere praktiske lommer til at opbevare vigtige ting og mansjetter med velcro til en tilpasset pasform. En taljelast med stoppere giver mulighed for at justere jakken for optimal komfort. \n\n- Ydre: 93 % polyester, 7 % elastan\n- Mellemlag: \u00e5ndbar TPU-membran\n- Indre: mikrofiber\n- Vindt\u00e6t og \u00e5ndbar","pl":"Kurtka softshell Ice fell z kapeluszem zosta\u0142a zaprojektowana, aby zapewni\u0107 komfort i ochron\u0119 podczas r\u00f3\u017cnych aktywno\u015bci. Jej konstrukcja \u0142\u0105czy warstw\u0119 zewn\u0119trzn\u0105 z poliestru i elastanu, membran\u0119 TPU przewiewn\u0105 oraz wy\u015bci\u00f3\u0142k\u0119 z mikrow\u0142\u00f3kna dla optymalnego r\u00f3wnowagi mi\u0119dzy ochron\u0105 przed wiatrem, przewiewno\u015bci\u0105 i komfortem. Ma ukryt\u0105 w ko\u0142nierzu dostosowywaln\u0105 kapturk\u0119, odblaskowe biegi na ramionach i r\u0119kawach dla lepszej widoczno\u015bci oraz wentylacj\u0119 pod pachami dla skutecznej regulacji temperatury. Zapi\u0119cie b\u0142yskawiczne YKK z k\u0142ap\u0105 zapewnia dodatkow\u0105 ochron\u0119 przed elementami. Ma kilka praktycznych kieszeni do przechowywania niezb\u0119dnik\u00f3w oraz mankiety z ta\u015bm\u0105 klej\u0105c\u0105 dla dostosowania. Sznur do regulacji talii z zaczepami pozwala dostosowa\u0107 kurtk\u0119 dla optymalnego komfortu.\n\n- Zewn\u0105trz: 93 % poliestru, 7 % elastanu\n- Warstwa po\u015brednia: membrana TPU przewiewna\n- Wewn\u0105trz: mikrow\u0142\u00f3kno\n- Wiatrochronna i przewiewna"},"h1":{"fr":"Ice fell hooded softshell jacket r118","en":"Ice fell hooded softshell jacket r118","de":"Ice fell Kapuzen-Softshell-Jacke r118","nl":"Ice fell hooded softshell jacket r118","es":"Chaqueta softshell con capucha Ice fell r118","it":"Giacca softshell con cappuccio Ice fell r118","sv":"Ice fell hooded softshell jacket r118","pt":"Jaqueta Ice fell hooded softshell r118","da":"Ice fell hooded softshell jakke r118","pl":"Kurtka softshell Ice fell z kapeluszem r118"},"meta_description":{"fr":"Veste softshell respirante Ice fell hooded. Id\u00e9ale pour les activit\u00e9s outdoor. Coupe-vent, respirante, avec capuche ajustable et plusieurs poches.","en":"Breathable Ice fell hooded softshell jacket. Ideal for outdoor activities. Windproof, breathable, with adjustable hood and multiple pockets.","de":"Atemungsaktive Ice fell Kapuzen-Softshell-Jacke. Ideal f\u00fcr Outdoor-Aktivit\u00e4ten. Winddicht, atmungsaktiv, mit verstellbarer Kapuze und mehreren Taschen.","nl":"Ademende Ice fell hooded softshell jas. Ideaal voor outdooractiviteiten. Winddicht, ademend, met aanpasbare kap en meerdere zakken.","es":"Chaqueta softshell transpirable Ice fell con capucha. Ideal para actividades al aire libre. Impermeable, transpirable, con capucha ajustable y varias bolsillos.","it":"Giacca softshell traspirante Ice fell con cappuccio. Ideale per le attivit\u00e0 outdoor. Antivento, traspirante, con cappuccio regolabile e pi\u00f9 tasche.","sv":"Andningsbar Ice fell hooded softshelljacka. Idealisk f\u00f6r utomhusaktiviteter. Vindt\u00e4t, andningsbar, med justerbar huva och flera fickor.","pt":"Jaqueta softshell respir\u00e1vel Ice fell hooded. Ideal para atividades ao ar livre. Corta-vento, respir\u00e1vel, com capuz ajust\u00e1vel e v\u00e1rias bolsas.","da":"\u00c5ndbar Ice fell hooded softshell jakke. Ideel til udend\u00f8rs aktiviteter. Vindt\u00e6t, \u00e5ndbar, med justerbar kappe og flere lommer.","pl":"Kurtka softshell Ice fell z kapeluszem. Idealna do aktywno\u015bci na \u015bwie\u017cym powietrzu. Wiatrochronna, przewiewna, z dostosowywaln\u0105 kapturk\u0105 i wieloma kieszeniami."}},"custom":{"title":{"fr":"Ice fell hooded softshell jacket RESULT personnalisable r118","en":"Ice fell hooded softshell jacket RESULT customizable r118","de":"Ice fell Hooded Softshell Jacke RESULT personalisierbar r118","nl":"Ice fell met kap overhemd zachte schaaljas RESULT aanpasbaar r118","es":"Chaqueta softshell con capucha Ice fell RESULT personalizable r118","it":"Giubbotto softshell con cappuccio Ice fell RESULT personalizzabile r118","sv":"Ice fell hooded softshell jacket RESULT personaliserbar r118","pt":"Jaqueta Ice fell softshell com capuz personaliz\u00e1vel RESULT r118","da":"Ice fell hooded softshell jakke RESULT personaliserbar r118","pl":"Ice fell hooded softshell jacket RESULT spersonalizowalny r118"},"description":{"fr":"La veste softshell respirante Ice fell hooded RESULT combine confort et performance. Confectionn\u00e9e avec une attention particuli\u00e8re aux d\u00e9tails, cette veste est id\u00e9ale pour les activit\u00e9s de plein air ou un usage quotidien. Sa coupe-vent et sa respirabilit\u00e9 assurent un confort optimal dans toutes les conditions. Elle dispose d'une capuche ajustable dissimul\u00e9e dans le col, de biais r\u00e9fl\u00e9chissants pour une visibilit\u00e9 accrue, d'une ventilation avec glissi\u00e8re sous les bras et de diverses poches pratiques. La fermeture \u00e0 glissi\u00e8re YKK compl\u00e8te avec rabat prot\u00e8ge contre les intemp\u00e9ries. Les poignets avec bande auto-agrippante et le cordon de serrage \u00e0 la taille avec stoppeurs permettent un ajustement personnalis\u00e9. L'acc\u00e8s dissimul\u00e9 sur le c\u0153ur offre la possibilit\u00e9 d'ajouter votre logo ou un visuel de votre choix par broderie, pour une identification facile de votre marque. \n\nCaract\u00e9ristiques techniques:\n\n* Poids: 345 g\/m\u00b2\n* Ext\u00e9rieur: 93 % polyester, 7 % \u00e9lasthane\n* Couche interm\u00e9diaire: membrane TPU respirante\n* Int\u00e9rieur: microfibre\n* Coupe-vent et respirante\n* Capuche ajustable dissimul\u00e9e dans le col\n* Biais r\u00e9fl\u00e9chissant aux \u00e9paules et sur les manches\n* Ventilation avec glissi\u00e8re sous les bras\n* Fermeture \u00e0 glissi\u00e8re YKK compl\u00e8te avec rabat\n* Diverses poches\n* Poignets avec bande auto-agrippante\n* Cordon de serrage \u00e0 la taille avec stoppeurs\n* Acc\u00e8s dissimul\u00e9 sur le c\u0153ur pour la finition.","en":"The breathable softshell Ice fell hooded RESULT jacket combines comfort and performance. Made with meticulous attention to detail, this jacket is ideal for outdoor activities or everyday use. Its windproof and breathable properties ensure optimal comfort in all conditions. It features an adjustable hood hidden in the collar, reflective strips for increased visibility, underarm ventilation zippers, and various practical pockets. The YKK zipper with flap protects against the elements. The wristbands with Velcro and the drawstring at the waist with stoppers allow for a personalized fit. The hidden access on the heart offers the possibility to add your logo or a visual of your choice by embroidery, for easy identification of your brand. \n\nTechnical specifications:\n\n* Exterior: 93 % polyester, 7 % elastane\n* Mid-layer: breathable TPU membrane\n* Interior: microfiber\n* Windproof and breathable\n* Adjustable hood hidden in the collar\n* Reflective strips on the shoulders and sleeves\n* Underarm ventilation zippers\n* YKK zipper with flap\n* Various pockets\n* Wristbands with Velcro\n* Waist drawstring with stoppers\n* Hidden access on the heart for finishing","de":"Die atmungsaktive Ice fell Hooded Softshell Jacke RESULT kombiniert Komfort und Leistung. Mit besonderer Aufmerksamkeit auf Details gefertigt, ist diese Jacke ideal f\u00fcr Outdoor-Aktivit\u00e4ten oder den t\u00e4glichen Gebrauch. Ihre Windschutz- und Atmungsf\u00e4higkeit garantieren optimalen Komfort unter allen Bedingungen. Sie verf\u00fcgt \u00fcber eine verstellbare Kapuze, die im Kragen verborgen ist, reflektierende B\u00e4nder f\u00fcr eine erh\u00f6hte Sichtbarkeit, Bel\u00fcftung mit Rei\u00dfverschluss unter den Armen und verschiedene praktische Taschen. Der vollst\u00e4ndige YKK-Rei\u00dfverschluss mit Klappe sch\u00fctzt vor widrigen Wetterbedingungen. Die Manschetten mit Klettband und der Taillengummizug mit Stoppern erm\u00f6glichen eine individuelle Anpassung. Der verdeckte Zugang am Herzen bietet die M\u00f6glichkeit, Ihr Logo oder ein Bild Ihrer Wahl durch Stickerei hinzuzuf\u00fcgen, f\u00fcr eine einfache Erkennung Ihrer Marke.","nl":"De ademende zachte schaal jas Ice fell met kap RESULT combineert comfort en prestaties. Met zorg voor details gemaakt, is deze jas ideaal voor outdooractiviteiten of dagelijks gebruik. De winddichte en ademende eigenschappen zorgen voor optimaal comfort in alle omstandigheden. Het heeft een verstelbare kap verborgen in de kraag, reflecterende strips voor verbeterde zichtbaarheid, ventilatie met een rits onder de armen en verschillende praktische zakken. De YKK-ritssluiting met flap beschermt tegen de weersomstandigheden. De manchetten met klevende band en het trekkoord aan de taille met stoppers bieden een aangepaste pasvorm. De verborgen toegang op de borst biedt de mogelijkheid om uw logo of een visueel ontwerp van uw keuze toe te voegen door borduurwerk, voor een gemakkelijke identificatie van uw merk. \n\nTechnische kenmerken:\n\n* Gewicht: 345\n* Buitenkant: 93 % polyester, 7 % elastane\n* Middenlaag: ademende TPU-membraan\n* Binnenkant: microvezel\n* Winddicht en ademend\n* Verstelbare kap verborgen in de kraag\n* Reflecterende strips op de schouders en aan de mouwen\n* Ventilatie met een rits onder de armen\n* Volledige YKK-ritssluiting met flap\n* Verschillende zakken\n* Manchetten met klevende band\n* Trekkoord aan de taille met stoppers\n* Verborgen toegang op de borst voor de afwerking.","es":"La chaqueta softshell transpirable Ice fell con capucha RESULT combina confort y rendimiento. Confeccionada con atenci\u00f3n al detalle, esta chaqueta es ideal para actividades al aire libre o uso diario. Su corte impermeable y transpirabilidad aseguran un confort \u00f3ptimo en todas las condiciones. Dispone de una capucha ajustable oculta en el cuello, tiras reflectantes para mayor visibilidad, ventilaci\u00f3n con cremallera bajo los brazos y diversas bolsillos pr\u00e1cticos. La cremallera YKK completa con solapa protege contra las inclemencias del tiempo. Las mu\u00f1ecas con banda autoagarrante y el cord\u00f3n de ajuste en la cintura con topes permiten un ajuste personalizado. El acceso oculto en el coraz\u00f3n ofrece la posibilidad de a\u00f1adir su logo o un dise\u00f1o de su elecci\u00f3n mediante bordado, para una identificaci\u00f3n f\u00e1cil de su marca.","it":"Il giubbotto softshell traspirante Ice fell con cappuccio RESULT combina comfort e performance. Realizzato con un'attenzione particolare ai dettagli, questo giubbotto \u00e8 ideale per le attivit\u00e0 all'aperto o per un uso quotidiano. La sua impermeabilit\u00e0 e traspirabilit\u00e0 garantiscono un comfort ottimale in tutte le condizioni. Dispone di una cappuccio regolabile nascosto nel collo, di riflessi sulle maniche per una maggiore visibilit\u00e0, di una ventilazione con cerniera sotto le braccia e di diverse tasche pratiche. La chiusura con cerniera YKK completa con copri-cerniera protegge dalle intemperie. I polsini con fascetta auto-aggancianti e il cordone di regolazione in vita con fermagli permettono un adattamento personalizzato. L'accesso nascosto sul petto offre la possibilit\u00e0 di aggiungere il proprio logo o un visivo a scelta tramite ricamo, per un'identificazione facile del proprio marchio.","sv":"Jacketen Ice fell hooded RESULT softshell respirerande kombinerar komfort och prestanda. Tillverkad med stor uppm\u00e4rksamhet p\u00e5 detaljer, \u00e4r denna jacka idealisk f\u00f6r utomhusaktiviteter eller vardagligt bruk. Dess vindt\u00e4ta och andningsbara egenskaper s\u00e4kerst\u00e4ller optimal komfort i alla f\u00f6rh\u00e5llanden. Den har en justerbar kapuschong dold i kragen, reflekterande remsor f\u00f6r \u00f6kad synlighet, ventilation med glidl\u00e5s under armarna och flera praktiska fickor. Glidl\u00e5sen YKK med skyddsflik skyddar mot v\u00e4der och vind. \u00c4rmarna med band och midjansnodd med stoppare l\u00e5ter dig justera jackan efter dina behov. Den dolda tillg\u00e5ngen p\u00e5 hj\u00e4rtat l\u00e5ter dig l\u00e4gga till ditt logotyp eller ett valfritt visuellt element genom broderi, f\u00f6r enkel identifikation av ditt varum\u00e4rke.","pt":"A jaqueta softshell respir\u00e1vel Ice fell hooded RESULT combina conforto e desempenho. Confeccionada com aten\u00e7\u00e3o aos detalhes, esta jaqueta \u00e9 ideal para atividades ao ar livre ou uso di\u00e1rio. Sua impermeabilidade e respirabilidade garantem conforto \u00f3timo em todas as condi\u00e7\u00f5es. Ela possui capuz ajust\u00e1vel escondido no colarinho, faixas refletivas para maior visibilidade, ventila\u00e7\u00e3o com z\u00edper debaixo dos bra\u00e7os e v\u00e1rias bolsos pr\u00e1ticos. O z\u00edper YKK completo com aba protege contra intemp\u00e9ries. As mangas com banda autoadesiva e o cord\u00e3o de aperto na cintura com trava permitem um ajuste personalizado. O acesso escondido no cora\u00e7\u00e3o oferece a possibilidade de adicionar seu logotipo ou um visual de sua escolha por meio de bordado, para uma identifica\u00e7\u00e3o f\u00e1cil de sua marca.\n\nCaracter\u00edsticas t\u00e9cnicas:\n\n* Exterior: 93 % poli\u00e9ster, 7 % elastano\n* Camada intermedi\u00e1ria: membrana TPU respir\u00e1vel\n* Interior: microfibra\n* Imperme\u00e1vel e respir\u00e1vel\n* Capuz ajust\u00e1vel escondido no colarinho\n* Faixas refletivas nos ombros e nas mangas\n* Ventila\u00e7\u00e3o com z\u00edper debaixo dos bra\u00e7os\n* Fechamento com z\u00edper YKK completo com aba\n* Diversos bolsos\n* Mangas com banda autoadesiva\n* Cord\u00e3o de aperto na cintura com trava\n* Acesso escondido no cora\u00e7\u00e3o para a finaliza\u00e7\u00e3o.","da":"Den \u00e5ndbare Ice fell hooded RESULT softshell jakke kombinerer komfort og ydeevne. Fremstillet med omhyggeligt fokus p\u00e5 detaljer, er denne jakke ideel til udend\u00f8rs aktiviteter eller daglig brug. Dens vindafvisende og \u00e5ndbare egenskaber sikrer optimal komfort i alle vejrforhold. Den har en justerbar kappe, der er skjult i kraven, refleksstriber til \u00f8get synlighed, ventilationsglidel\u00e5ser under armene og forskellige praktiske lommer. YKK glidel\u00e5s med forklap beskytter mod vejret. Mansjetterne med fastg\u00f8relsesb\u00e5nd og taljestreng med stoppere giver mulighed for personlig tilpasning. Den skjulte adgang p\u00e5 hjertet giver mulighed for at tilf\u00f8je dit logo eller et valgt billede ved brodering, for nem identifikation af din m\u00e6rkevare.\n\nTekniske specifikationer:\n\n* Eksteri\u00f8r: 93 % polyester, 7 % elastan\n* Indvendig: microfibre\n* Vindafvisende og \u00e5ndbar\n* Justerbar kappe skjult i kraven\n* Refleksstriber p\u00e5 skuldrene og p\u00e5 \u00e6rmene\n* Ventilationsglidel\u00e5ser under armene\n* YKK glidel\u00e5s med forklap\n* Forskellige lommer\n* Mansjetter med fastg\u00f8relsesb\u00e5nd\n* Taljestreng med stoppere\n* Skjult adgang p\u00e5 hjertet til finish.","pl":"Kurtka softshell oddychaj\u0105ca Ice fell hooded RESULT \u0142\u0105czy komfort i wydajno\u015b\u0107. Wykonana z uwag\u0105 na szczeg\u00f3\u0142y, ta kurtka jest idealna do aktywno\u015bci na \u015bwie\u017cym powietrzu lub codziennego u\u017cytku. Jej odporno\u015b\u0107 na wiatr i oddychalno\u015b\u0107 zapewniaj\u0105 optymalny komfort w ka\u017cdych warunkach. Ma dostosowaln\u0105 kapucz ukryt\u0105 w ko\u0142nierzu, odblaskowe paski dla zwi\u0119kszonej widoczno\u015bci, wentylacj\u0119 z zapi\u0119ciem pod ramionami i r\u00f3\u017cne praktyczne kieszenie. Zamek b\u0142yskawiczny YKK z klap\u0105 chroni przed niepogod\u0105. Manchetki z paskiem samoprzylepnym i sznurowanie w talii z zatrzaskami pozwalaj\u0105 na dostosowanie. Ukryty dost\u0119p na piersi umo\u017cliwia dodanie swojego loga lub wizualizacji za pomoc\u0105 haftowania, dla \u0142atwego rozpoznawania marki."},"h1":{"fr":"Ice fell hooded softshell jacket personnalisation r118","en":"Ice fell hooded softshell jacket customization r118","de":"Ice fell Hooded Softshell Jacke Personalisierung r118","nl":"Ice fell met kap overhemd zachte schaaljas aanpassing r118","es":"Chaqueta softshell con capucha Ice fell personalizaci\u00f3n r118","it":"Giubbotto softshell con cappuccio Ice fell personalizzazione r118","sv":"Ice fell hooded softshell jacket personalisering r118","pt":"Jaqueta Ice fell softshell com capuz personaliza\u00e7\u00e3o r118","da":"Ice fell hooded softshell jakke personalisering r118","pl":"Ice fell hooded softshell jacket spersonalizacja r118"},"meta_description":{"fr":"V\u00eatement softshell respirant, veste Ice fell hooded RESULT, personnalisable par broderie pour un look unique et professionnel.","en":"Breathable softshell clothing, Ice fell hooded RESULT jacket, customizable by embroidery for a unique and professional look.","de":"Atmungsaktive Softshell Jacke, Ice fell Hooded RESULT, durch Stickerei personalisierbar f\u00fcr ein einzigartiges und professionelles Aussehen.","nl":"Ademende zachte schaal jas, Ice fell met kap RESULT, aanpasbaar door borduurwerk voor een uniek en professioneel uiterlijk.","es":"Prenda softshell transpirable, chaqueta Ice fell con capucha RESULT, personalizable mediante bordado para un look \u00fanico y profesional.","it":"Vestito softshell traspirante, giubbotto Ice fell con cappuccio RESULT, personalizzabile con ricamo per un look unico e professionale.","sv":"Andet softshell respirerande, jacka Ice fell hooded RESULT, personaliserbar genom broderi f\u00f6r en unik och professionell look.","pt":"Vestu\u00e1rio softshell respir\u00e1vel, jaqueta Ice fell hooded RESULT, personaliz\u00e1vel com bordado para um visual \u00fanico e profissional.","da":"\u00c5ndbare softshell t\u00f8j, Ice fell hooded RESULT jakke, personaliserbar ved brodering for et unikt og professionelt look.","pl":"Odzie\u017c softshell oddychaj\u0105ca, kurtka Ice fell hooded RESULT, spersonalizowana przez haftowanie dla wygl\u0105du unikalnego i profesjonalnego."}}},"categories":[{"id":328,"name":"Softshells","singular":"Softshell","is_feminin":false},{"id":13,"name":"Vestes et manteaux","singular":"Veste et manteau","is_feminin":true},{"id":354,"name":"Textile","singular":"Textile","is_feminin":false}],"certifications":[],"videos":{"fr":[],"en":[],"de":[],"nl":[],"es":[],"it":[],"sv":[],"pt":[],"da":[],"pl":[]},"main_images":{"miniature":"https:\/\/media.th4.com\/VlH_0CTOpsoDyahjzL1FGb9Z_yhDIMG738dzmH6Z8ZE\/pr:80\/aHR0cDovL21lZGlhMi5kZXNpZ25wYXJ0bmVyLmZyL2MvcC1ibGFuay1USC8yMzEzLndlYnA?v=1769424878","medium":"https:\/\/media.th4.com\/bUGisvx6J8S_GV7lmzV3aGs9qZcCiY_ILuioUpbAdvk\/pr:550x550greybg\/aHR0cDovL21lZGlhMi5kZXNpZ25wYXJ0bmVyLmZyL2MvcC1ibGFuay1USC8yMzEzLndlYnA?v=1769424878","medium_large":"https:\/\/media.th4.com\/Eh6rPGKV9n6nGZFeagUfFLVpY4-nbfsJyPqvHMwVDUM\/pr:1000x1000greybg\/aHR0cDovL21lZGlhMi5kZXNpZ25wYXJ0bmVyLmZyL2MvcC1ibGFuay1USC8yMzEzLndlYnA?v=1769424878","large":"https:\/\/media.th4.com\/QiwyZPFb35oqUzjoktfW4UbyAlxQvjqXnTIEuuUG4i0\/pr:1920greybg\/aHR0cDovL21lZGlhMi5kZXNpZ25wYXJ0bmVyLmZyL2MvcC1ibGFuay1USC8yMzEzLndlYnA?v=1769424878","opengraph":"https:\/\/media.th4.com\/P-IG-m-EUo2OHD0htNfoGWnQC228D3ltRiptGIT0pHc\/pr:1200x630greybg\/aHR0cDovL21lZGlhMi5kZXNpZ25wYXJ0bmVyLmZyL2MvcC1ibGFuay1USC8yMzEzLndlYnA?v=1769424878"},"main_images_customization":{"miniature":"https:\/\/media.th4.com\/k82mWz6fK8bmvUNNBr3WH3q-0PZPov54B-Cps5FhAK0\/pr:80\/aHR0cDovL21lZGlhMi5kZXNpZ25wYXJ0bmVyLmZyL2MvcC1jdXN0b20tVEgvMjMxMy53ZWJw?v=1769425043","medium":"https:\/\/media.th4.com\/JEdzUaNO27zPTnAqbYpfAhiYWR-tUo02VHWkOQFgT6E\/pr:550x550greybg\/aHR0cDovL21lZGlhMi5kZXNpZ25wYXJ0bmVyLmZyL2MvcC1jdXN0b20tVEgvMjMxMy53ZWJw?v=1769425043","medium_large":"https:\/\/media.th4.com\/_kNbJ7M4o8DrWKW_4mma9KxBm2ZdHzvrREE4evtOgJE\/pr:1000x1000greybg\/aHR0cDovL21lZGlhMi5kZXNpZ25wYXJ0bmVyLmZyL2MvcC1jdXN0b20tVEgvMjMxMy53ZWJw?v=1769425043","large":"https:\/\/media.th4.com\/opqOUIWUHTt7gCiFMkxPnffpCNQTvsyra0vDzV5DMek\/pr:1920greybg\/aHR0cDovL21lZGlhMi5kZXNpZ25wYXJ0bmVyLmZyL2MvcC1jdXN0b20tVEgvMjMxMy53ZWJw?v=1769425043","opengraph":"https:\/\/media.th4.com\/eM4FWTc6cQoTkrL5m7EZ0msLW1ptmZQ37xwzduNQ6Io\/pr:1200x630greybg\/aHR0cDovL21lZGlhMi5kZXNpZ25wYXJ0bmVyLmZyL2MvcC1jdXN0b20tVEgvMjMxMy53ZWJw?v=1769425043"},"page_links":{"fr":"\/fr\/p-re-r118x-ice-fell-hooded-softshell-jacket-r118-2313\/","en":"\/en\/p-re-r118x-ice-fell-hooded-softshell-jacket-r118-2313\/","de":"\/de\/p-re-r118x-ice-fell-kapuzen-softshell-jacke-r118-2313\/","nl":"\/nl\/p-re-r118x-ice-fell-hooded-softshell-jacket-r118-2313\/","es":"\/es\/p-re-r118x-chaqueta-softshell-con-capucha-ice-fell-r118-2313\/","it":"\/it\/p-re-r118x-giacca-softshell-con-cappuccio-ice-fell-r118-2313\/","sv":"\/sv\/p-re-r118x-ice-fell-hooded-softshell-jacket-r118-2313\/","pt":"\/pt\/p-re-r118x-jaqueta-ice-fell-hooded-softshell-r118-2313\/","da":"\/da\/p-re-r118x-ice-fell-hooded-softshell-jakke-r118-2313\/","pl":"\/pl\/p-re-r118x-kurtka-softshell-ice-fell-z-kapeluszem-r118-2313\/"},"page_links_customization":{"fr":"\/fr\/p-re-r118x-ice-fell-hooded-softshell-jacket-personnalisation-r118-2313\/custom\/","en":"\/en\/p-re-r118x-ice-fell-hooded-softshell-jacket-customization-r118-2313\/custom\/","de":"\/de\/p-re-r118x-ice-fell-hooded-softshell-jacke-personalisierung-r118-2313\/custom\/","nl":"\/nl\/p-re-r118x-ice-fell-met-kap-overhemd-zachte-schaaljas-aanpassing-r118-2313\/custom\/","es":"\/es\/p-re-r118x-chaqueta-softshell-con-capucha-ice-fell-personalizacion-r118-2313\/custom\/","it":"\/it\/p-re-r118x-giubbotto-softshell-con-cappuccio-ice-fell-personalizzazione-r118-2313\/custom\/","sv":"\/sv\/p-re-r118x-ice-fell-hooded-softshell-jacket-personalisering-r118-2313\/custom\/","pt":"\/pt\/p-re-r118x-jaqueta-ice-fell-softshell-com-capuz-personalizacao-r118-2313\/custom\/","da":"\/da\/p-re-r118x-ice-fell-hooded-softshell-jakke-personalisering-r118-2313\/custom\/","pl":"\/pl\/p-re-r118x-ice-fell-hooded-softshell-jacket-spersonalizacja-r118-2313\/custom\/"},"equivalent_products":[],"colors":[{"id":364,"name":"black","class_ids":[4],"codes_hexa":["1a1a18"],"delai_24":false,"has_3d":false,"seuil_global":0,"stock_local":0,"stock_global":448,"on_standby":false,"in_catalog":true,"images":{"miniature":["https:\/\/media.th4.com\/YDVx2iHr2qAD-1Tj46JaIvbllEY7nFrX-9J8I2GgKqI\/pr:80\/aHR0cDovL21lZGlhMi5kZXNpZ25wYXJ0bmVyLmZyL2MvcC8yMzEzLzIzMTMtMzY0LTEud2VicA?v=1769423622","https:\/\/media.th4.com\/P-RomSRJDZ7sPLlijcdoKhMqTfAIrsKgDW81KyVGrds\/pr:80\/aHR0cDovL21lZGlhMi5kZXNpZ25wYXJ0bmVyLmZyL2MvcC8yMzEzLzIzMTMtMzY0LTEwLndlYnA?v=1769423623"],"medium":["https:\/\/media.th4.com\/QHu02Vj42jd9ADtMjPehA7OiAFYi3pG95DH81NDd0Vk\/pr:550x550\/aHR0cDovL21lZGlhMi5kZXNpZ25wYXJ0bmVyLmZyL2MvcC8yMzEzLzIzMTMtMzY0LTEud2VicA?v=1769423622","https:\/\/media.th4.com\/ayEYI-gfgR6eZtubI4EFU7gy7_fs7eq-Uqkg9D9SZkQ\/pr:550x550\/aHR0cDovL21lZGlhMi5kZXNpZ25wYXJ0bmVyLmZyL2MvcC8yMzEzLzIzMTMtMzY0LTEwLndlYnA?v=1769423623"],"medium_large":["https:\/\/media.th4.com\/233CFW4jkIMhAGY2ErZzIrgug0s5d_aQdtzwC1Z1guA\/pr:1000x1000\/aHR0cDovL21lZGlhMi5kZXNpZ25wYXJ0bmVyLmZyL2MvcC8yMzEzLzIzMTMtMzY0LTEud2VicA?v=1769423622","https:\/\/media.th4.com\/67Ty4Ei6XGdPwfihtiRh5KvarIcApm8Pqv5oo2GE60c\/pr:1000x1000\/aHR0cDovL21lZGlhMi5kZXNpZ25wYXJ0bmVyLmZyL2MvcC8yMzEzLzIzMTMtMzY0LTEwLndlYnA?v=1769423623"],"large":["https:\/\/media.th4.com\/2SF8ii7yc4zTqHBXdAymJsGtvo97gB2w2nQGOgqA6W4\/pr:1920\/aHR0cDovL21lZGlhMi5kZXNpZ25wYXJ0bmVyLmZyL2MvcC8yMzEzLzIzMTMtMzY0LTEud2VicA?v=1769423622","https:\/\/media.th4.com\/rlpmEWvGbRHWFsxpTHlC_DJXyIe-i3lGuL6LG7UfjQE\/pr:1920\/aHR0cDovL21lZGlhMi5kZXNpZ25wYXJ0bmVyLmZyL2MvcC8yMzEzLzIzMTMtMzY0LTEwLndlYnA?v=1769423623"],"opengraph":["https:\/\/media.th4.com\/oeubX0WQUra2-9eqIghsuA81zoQxTBtSUryM-FXP1nE\/pr:1200x630\/aHR0cDovL21lZGlhMi5kZXNpZ25wYXJ0bmVyLmZyL2MvcC8yMzEzLzIzMTMtMzY0LTEud2VicA?v=1769423622","https:\/\/media.th4.com\/gCkMaE7iXwCMKa10kOFKfDRpNrThzKd9SUOT0zIzLGY\/pr:1200x630\/aHR0cDovL21lZGlhMi5kZXNpZ25wYXJ0bmVyLmZyL2MvcC8yMzEzLzIzMTMtMzY0LTEwLndlYnA?v=1769423623"]},"images_customization":{"miniature":["https:\/\/media.th4.com\/YDVx2iHr2qAD-1Tj46JaIvbllEY7nFrX-9J8I2GgKqI\/pr:80\/aHR0cDovL21lZGlhMi5kZXNpZ25wYXJ0bmVyLmZyL2MvcC8yMzEzLzIzMTMtMzY0LTEud2VicA?v=1769423622","https:\/\/media.th4.com\/P-RomSRJDZ7sPLlijcdoKhMqTfAIrsKgDW81KyVGrds\/pr:80\/aHR0cDovL21lZGlhMi5kZXNpZ25wYXJ0bmVyLmZyL2MvcC8yMzEzLzIzMTMtMzY0LTEwLndlYnA?v=1769423623"],"medium":["https:\/\/media.th4.com\/QHu02Vj42jd9ADtMjPehA7OiAFYi3pG95DH81NDd0Vk\/pr:550x550\/aHR0cDovL21lZGlhMi5kZXNpZ25wYXJ0bmVyLmZyL2MvcC8yMzEzLzIzMTMtMzY0LTEud2VicA?v=1769423622","https:\/\/media.th4.com\/ayEYI-gfgR6eZtubI4EFU7gy7_fs7eq-Uqkg9D9SZkQ\/pr:550x550\/aHR0cDovL21lZGlhMi5kZXNpZ25wYXJ0bmVyLmZyL2MvcC8yMzEzLzIzMTMtMzY0LTEwLndlYnA?v=1769423623"],"medium_large":["https:\/\/media.th4.com\/233CFW4jkIMhAGY2ErZzIrgug0s5d_aQdtzwC1Z1guA\/pr:1000x1000\/aHR0cDovL21lZGlhMi5kZXNpZ25wYXJ0bmVyLmZyL2MvcC8yMzEzLzIzMTMtMzY0LTEud2VicA?v=1769423622","https:\/\/media.th4.com\/67Ty4Ei6XGdPwfihtiRh5KvarIcApm8Pqv5oo2GE60c\/pr:1000x1000\/aHR0cDovL21lZGlhMi5kZXNpZ25wYXJ0bmVyLmZyL2MvcC8yMzEzLzIzMTMtMzY0LTEwLndlYnA?v=1769423623"],"large":["https:\/\/media.th4.com\/2SF8ii7yc4zTqHBXdAymJsGtvo97gB2w2nQGOgqA6W4\/pr:1920\/aHR0cDovL21lZGlhMi5kZXNpZ25wYXJ0bmVyLmZyL2MvcC8yMzEzLzIzMTMtMzY0LTEud2VicA?v=1769423622","https:\/\/media.th4.com\/rlpmEWvGbRHWFsxpTHlC_DJXyIe-i3lGuL6LG7UfjQE\/pr:1920\/aHR0cDovL21lZGlhMi5kZXNpZ25wYXJ0bmVyLmZyL2MvcC8yMzEzLzIzMTMtMzY0LTEwLndlYnA?v=1769423623"],"opengraph":["https:\/\/media.th4.com\/oeubX0WQUra2-9eqIghsuA81zoQxTBtSUryM-FXP1nE\/pr:1200x630\/aHR0cDovL21lZGlhMi5kZXNpZ25wYXJ0bmVyLmZyL2MvcC8yMzEzLzIzMTMtMzY0LTEud2VicA?v=1769423622","https:\/\/media.th4.com\/gCkMaE7iXwCMKa10kOFKfDRpNrThzKd9SUOT0zIzLGY\/pr:1200x630\/aHR0cDovL21lZGlhMi5kZXNpZ25wYXJ0bmVyLmZyL2MvcC8yMzEzLzIzMTMtMzY0LTEwLndlYnA?v=1769423623"]},"country_origin":"CN","traceability":{"manufacturing_country_id":null,"weaving_country_id":null,"dyeing_country_id":null},"sizes":[{"id":5,"article_id":63434,"class_id":2,"name":"XS","on_standby":false,"stock_local":0,"stock_global":15,"multiple":1,"estimated_date_reassort":null,"is_destocking":false},{"id":3,"article_id":63435,"class_id":3,"name":"S","on_standby":false,"stock_local":0,"stock_global":109,"multiple":1,"estimated_date_reassort":null,"is_destocking":false},{"id":2,"article_id":63436,"class_id":4,"name":"M","on_standby":false,"stock_local":0,"stock_global":49,"multiple":1,"estimated_date_reassort":null,"is_destocking":false},{"id":1,"article_id":63437,"class_id":5,"name":"L","on_standby":false,"stock_local":0,"stock_global":94,"multiple":1,"estimated_date_reassort":null,"is_destocking":false},{"id":4,"article_id":63438,"class_id":6,"name":"XL","on_standby":false,"stock_local":0,"stock_global":52,"multiple":1,"estimated_date_reassort":null,"is_destocking":false},{"id":1116,"article_id":246553,"class_id":7,"name":"2XL","on_standby":false,"stock_local":0,"stock_global":18,"multiple":1,"estimated_date_reassort":null,"is_destocking":false},{"id":1081,"article_id":235566,"class_id":8,"name":"3XL","on_standby":false,"stock_local":0,"stock_global":111,"multiple":1,"estimated_date_reassort":null,"is_destocking":false}],"page_links":{"fr":"\/fr\/p-re-r118x-ice-fell-hooded-softshell-jacket-r118-2313\/black-364\/","en":"\/en\/p-re-r118x-ice-fell-hooded-softshell-jacket-r118-2313\/black-364\/","de":"\/de\/p-re-r118x-ice-fell-kapuzen-softshell-jacke-r118-2313\/black-364\/","nl":"\/nl\/p-re-r118x-ice-fell-hooded-softshell-jacket-r118-2313\/black-364\/","es":"\/es\/p-re-r118x-chaqueta-softshell-con-capucha-ice-fell-r118-2313\/black-364\/","it":"\/it\/p-re-r118x-giacca-softshell-con-cappuccio-ice-fell-r118-2313\/black-364\/","sv":"\/sv\/p-re-r118x-ice-fell-hooded-softshell-jacket-r118-2313\/black-364\/","pt":"\/pt\/p-re-r118x-jaqueta-ice-fell-hooded-softshell-r118-2313\/black-364\/","da":"\/da\/p-re-r118x-ice-fell-hooded-softshell-jakke-r118-2313\/black-364\/","pl":"\/pl\/p-re-r118x-kurtka-softshell-ice-fell-z-kapeluszem-r118-2313\/black-364\/"},"page_links_customization":{"fr":"\/fr\/p-re-r118x-ice-fell-hooded-softshell-jacket-personnalisation-r118-2313\/black-364\/custom\/","en":"\/en\/p-re-r118x-ice-fell-hooded-softshell-jacket-customization-r118-2313\/black-364\/custom\/","de":"\/de\/p-re-r118x-ice-fell-hooded-softshell-jacke-personalisierung-r118-2313\/black-364\/custom\/","nl":"\/nl\/p-re-r118x-ice-fell-met-kap-overhemd-zachte-schaaljas-aanpassing-r118-2313\/black-364\/custom\/","es":"\/es\/p-re-r118x-chaqueta-softshell-con-capucha-ice-fell-personalizacion-r118-2313\/black-364\/custom\/","it":"\/it\/p-re-r118x-giubbotto-softshell-con-cappuccio-ice-fell-personalizzazione-r118-2313\/black-364\/custom\/","sv":"\/sv\/p-re-r118x-ice-fell-hooded-softshell-jacket-personalisering-r118-2313\/black-364\/custom\/","pt":"\/pt\/p-re-r118x-jaqueta-ice-fell-softshell-com-capuz-personalizacao-r118-2313\/black-364\/custom\/","da":"\/da\/p-re-r118x-ice-fell-hooded-softshell-jakke-personalisering-r118-2313\/black-364\/custom\/","pl":"\/pl\/p-re-r118x-ice-fell-hooded-softshell-jacket-spersonalizacja-r118-2313\/black-364\/custom\/"}},{"id":369,"name":"red\/black","class_ids":[6,4],"codes_hexa":["dc030e","17181a"],"delai_24":false,"has_3d":false,"seuil_global":0,"stock_local":0,"stock_global":445,"on_standby":false,"in_catalog":true,"images":{"miniature":["https:\/\/media.th4.com\/et5YbVZPlnop285UqdRfzr0Bx2zUWOiThyoTQALHCVU\/pr:80\/aHR0cDovL21lZGlhMi5kZXNpZ25wYXJ0bmVyLmZyL2MvcC8yMzEzLzIzMTMtMzY5LTEud2VicA?v=1769423627","https:\/\/media.th4.com\/9e4lQiH9WUQw_M4IGGgcg4vb-GMdTz6wc3SZTU3wfZk\/pr:80\/aHR0cDovL21lZGlhMi5kZXNpZ25wYXJ0bmVyLmZyL2MvcC8yMzEzLzIzMTMtMzY5LTEwLndlYnA?v=1769423627","https:\/\/media.th4.com\/B2Zd99T1Du8JJon5K_1QGc5eWok8upEKMHvg69ofkdk\/pr:80\/aHR0cDovL21lZGlhMi5kZXNpZ25wYXJ0bmVyLmZyL2MvcC8yMzEzLzIzMTMtMzY5LTExLndlYnA?v=1769423628","https:\/\/media.th4.com\/QBYO5KWxBg7O3LiRLoBaHZ4y_SERhiuRENCpBys3w4k\/pr:80\/aHR0cDovL21lZGlhMi5kZXNpZ25wYXJ0bmVyLmZyL2MvcC8yMzEzLzIzMTMtMzY5LTIud2VicA?v=1769423629"],"medium":["https:\/\/media.th4.com\/jf5UKCk-_s8F62wkxN4atpYtFXDqlQJiW6pXNbTvMCc\/pr:550x550\/aHR0cDovL21lZGlhMi5kZXNpZ25wYXJ0bmVyLmZyL2MvcC8yMzEzLzIzMTMtMzY5LTEud2VicA?v=1769423627","https:\/\/media.th4.com\/dM-zQmI2xDioYT9fvw3KcfBnNKzG_QxxuC1yClJPyb8\/pr:550x550\/aHR0cDovL21lZGlhMi5kZXNpZ25wYXJ0bmVyLmZyL2MvcC8yMzEzLzIzMTMtMzY5LTEwLndlYnA?v=1769423627","https:\/\/media.th4.com\/XBOTtXrm6iILrOmwNCl5or_CU4Nlerle3F4fam-YO_s\/pr:550x550\/aHR0cDovL21lZGlhMi5kZXNpZ25wYXJ0bmVyLmZyL2MvcC8yMzEzLzIzMTMtMzY5LTExLndlYnA?v=1769423628","https:\/\/media.th4.com\/I1Lhfo_v_S2M5i3mKoVk2pG7FqGSq4PIfX8KyUxQuVY\/pr:550x550\/aHR0cDovL21lZGlhMi5kZXNpZ25wYXJ0bmVyLmZyL2MvcC8yMzEzLzIzMTMtMzY5LTIud2VicA?v=1769423629"],"medium_large":["https:\/\/media.th4.com\/5cBrJtdLkYgG1_ZWSWBfOOH_ypx5JFynMUvsdBDMMDM\/pr:1000x1000\/aHR0cDovL21lZGlhMi5kZXNpZ25wYXJ0bmVyLmZyL2MvcC8yMzEzLzIzMTMtMzY5LTEud2VicA?v=1769423627","https:\/\/media.th4.com\/hLi5wOo4ZyVN983irFg7safCbKcV9-uEEEKCgMxYFgQ\/pr:1000x1000\/aHR0cDovL21lZGlhMi5kZXNpZ25wYXJ0bmVyLmZyL2MvcC8yMzEzLzIzMTMtMzY5LTEwLndlYnA?v=1769423627","https:\/\/media.th4.com\/iePdWq_P19yiZa5L-8RTlDXK_3A2klEE224KChXUcZA\/pr:1000x1000\/aHR0cDovL21lZGlhMi5kZXNpZ25wYXJ0bmVyLmZyL2MvcC8yMzEzLzIzMTMtMzY5LTExLndlYnA?v=1769423628","https:\/\/media.th4.com\/v0BFkA25Na0zYa6PPTW8spp9PhZ3dp6K98t7GBIXi1I\/pr:1000x1000\/aHR0cDovL21lZGlhMi5kZXNpZ25wYXJ0bmVyLmZyL2MvcC8yMzEzLzIzMTMtMzY5LTIud2VicA?v=1769423629"],"large":["https:\/\/media.th4.com\/kQSI0mK_MY4xogyw3YaBOM3Hir5PN6obSPMMXvrbbvM\/pr:1920\/aHR0cDovL21lZGlhMi5kZXNpZ25wYXJ0bmVyLmZyL2MvcC8yMzEzLzIzMTMtMzY5LTEud2VicA?v=1769423627","https:\/\/media.th4.com\/NOVZsi3LOC4YPjbCLBNiEIGDZ3-3pbibyJUGVh20SsI\/pr:1920\/aHR0cDovL21lZGlhMi5kZXNpZ25wYXJ0bmVyLmZyL2MvcC8yMzEzLzIzMTMtMzY5LTEwLndlYnA?v=1769423627","https:\/\/media.th4.com\/ZwS8L5Chg499JKNIVDtqfGNNP1F91xNmS6ChnGkEkw4\/pr:1920\/aHR0cDovL21lZGlhMi5kZXNpZ25wYXJ0bmVyLmZyL2MvcC8yMzEzLzIzMTMtMzY5LTExLndlYnA?v=1769423628","https:\/\/media.th4.com\/I_ksvVteAZSYxe0nIZ050MUFx8Q2GHsh_WjtvvSVYCc\/pr:1920\/aHR0cDovL21lZGlhMi5kZXNpZ25wYXJ0bmVyLmZyL2MvcC8yMzEzLzIzMTMtMzY5LTIud2VicA?v=1769423629"],"opengraph":["https:\/\/media.th4.com\/4ZD8bkP4gVxKESVyrT_L-jTFf08wzna3U-ywRmqG7gk\/pr:1200x630\/aHR0cDovL21lZGlhMi5kZXNpZ25wYXJ0bmVyLmZyL2MvcC8yMzEzLzIzMTMtMzY5LTEud2VicA?v=1769423627","https:\/\/media.th4.com\/mLwqwHdB4YRfWGsbCt2n70soXWMgQQNV0QbK3NHwqx4\/pr:1200x630\/aHR0cDovL21lZGlhMi5kZXNpZ25wYXJ0bmVyLmZyL2MvcC8yMzEzLzIzMTMtMzY5LTEwLndlYnA?v=1769423627","https:\/\/media.th4.com\/GjEuYuMSu9LEGI7mEB0b2h7y0YB_GtdZseQT2DO9Zrs\/pr:1200x630\/aHR0cDovL21lZGlhMi5kZXNpZ25wYXJ0bmVyLmZyL2MvcC8yMzEzLzIzMTMtMzY5LTExLndlYnA?v=1769423628","https:\/\/media.th4.com\/lydYkYRExoZVzWUQ-jDUTPWLmRySzfEIWRKr_SR3i7A\/pr:1200x630\/aHR0cDovL21lZGlhMi5kZXNpZ25wYXJ0bmVyLmZyL2MvcC8yMzEzLzIzMTMtMzY5LTIud2VicA?v=1769423629"]},"images_customization":{"miniature":["https:\/\/media.th4.com\/ibL5MT9PvTB8E-KQfB9QNxP8Dvb08Qmk28ZyqGp--M4\/pr:80\/aHR0cDovL21lZGlhMi5kZXNpZ25wYXJ0bmVyLmZyL2MvcC1zaG9wcGluZy1jdXN0b20tVEgvMjMxMy8yMzEzLTM2OS0xLmpwZw?v=1737555358"],"medium":["https:\/\/media.th4.com\/qFyWBUl1Me2ImkOStWa7a7HSVQnRDvdVmsMj4XYzOvA\/pr:550x550\/aHR0cDovL21lZGlhMi5kZXNpZ25wYXJ0bmVyLmZyL2MvcC1zaG9wcGluZy1jdXN0b20tVEgvMjMxMy8yMzEzLTM2OS0xLmpwZw?v=1737555358"],"medium_large":["https:\/\/media.th4.com\/vwUsNtxS6VtnLuZ2gyQuPOqcpvYgrr52gBUnjf7NhY8\/pr:1000x1000\/aHR0cDovL21lZGlhMi5kZXNpZ25wYXJ0bmVyLmZyL2MvcC1zaG9wcGluZy1jdXN0b20tVEgvMjMxMy8yMzEzLTM2OS0xLmpwZw?v=1737555358"],"large":["https:\/\/media.th4.com\/j9m9b9R-vupysoRYbbi7xcG6tx6hJmj8qoMrj8XxYN8\/pr:1920\/aHR0cDovL21lZGlhMi5kZXNpZ25wYXJ0bmVyLmZyL2MvcC1zaG9wcGluZy1jdXN0b20tVEgvMjMxMy8yMzEzLTM2OS0xLmpwZw?v=1737555358"],"opengraph":["https:\/\/media.th4.com\/YZeKnD-5PQKM2wrSGrDgj0hl4yC40pW721VBWddgnIM\/pr:1200x630\/aHR0cDovL21lZGlhMi5kZXNpZ25wYXJ0bmVyLmZyL2MvcC1zaG9wcGluZy1jdXN0b20tVEgvMjMxMy8yMzEzLTM2OS0xLmpwZw?v=1737555358"]},"country_origin":"CN","traceability":{"manufacturing_country_id":null,"weaving_country_id":null,"dyeing_country_id":null},"sizes":[{"id":5,"article_id":63448,"class_id":2,"name":"XS","on_standby":false,"stock_local":0,"stock_global":113,"multiple":1,"estimated_date_reassort":null,"is_destocking":false},{"id":3,"article_id":63449,"class_id":3,"name":"S","on_standby":false,"stock_local":0,"stock_global":114,"multiple":1,"estimated_date_reassort":null,"is_destocking":false},{"id":2,"article_id":63450,"class_id":4,"name":"M","on_standby":false,"stock_local":0,"stock_global":27,"multiple":1,"estimated_date_reassort":null,"is_destocking":false},{"id":1,"article_id":63451,"class_id":5,"name":"L","on_standby":false,"stock_local":0,"stock_global":123,"multiple":1,"estimated_date_reassort":null,"is_destocking":false},{"id":4,"article_id":63452,"class_id":6,"name":"XL","on_standby":false,"stock_local":0,"stock_global":21,"multiple":1,"estimated_date_reassort":null,"is_destocking":false},{"id":1116,"article_id":246555,"class_id":7,"name":"2XL","on_standby":false,"stock_local":0,"stock_global":30,"multiple":1,"estimated_date_reassort":null,"is_destocking":false},{"id":1081,"article_id":235568,"class_id":8,"name":"3XL","on_standby":false,"stock_local":0,"stock_global":17,"multiple":1,"estimated_date_reassort":null,"is_destocking":false}],"page_links":{"fr":"\/fr\/p-re-r118x-ice-fell-hooded-softshell-jacket-r118-2313\/red-black-369\/","en":"\/en\/p-re-r118x-ice-fell-hooded-softshell-jacket-r118-2313\/red-black-369\/","de":"\/de\/p-re-r118x-ice-fell-kapuzen-softshell-jacke-r118-2313\/red-black-369\/","nl":"\/nl\/p-re-r118x-ice-fell-hooded-softshell-jacket-r118-2313\/red-black-369\/","es":"\/es\/p-re-r118x-chaqueta-softshell-con-capucha-ice-fell-r118-2313\/red-black-369\/","it":"\/it\/p-re-r118x-giacca-softshell-con-cappuccio-ice-fell-r118-2313\/red-black-369\/","sv":"\/sv\/p-re-r118x-ice-fell-hooded-softshell-jacket-r118-2313\/red-black-369\/","pt":"\/pt\/p-re-r118x-jaqueta-ice-fell-hooded-softshell-r118-2313\/red-black-369\/","da":"\/da\/p-re-r118x-ice-fell-hooded-softshell-jakke-r118-2313\/red-black-369\/","pl":"\/pl\/p-re-r118x-kurtka-softshell-ice-fell-z-kapeluszem-r118-2313\/red-black-369\/"},"page_links_customization":{"fr":"\/fr\/p-re-r118x-ice-fell-hooded-softshell-jacket-personnalisation-r118-2313\/red-black-369\/custom\/","en":"\/en\/p-re-r118x-ice-fell-hooded-softshell-jacket-customization-r118-2313\/red-black-369\/custom\/","de":"\/de\/p-re-r118x-ice-fell-hooded-softshell-jacke-personalisierung-r118-2313\/red-black-369\/custom\/","nl":"\/nl\/p-re-r118x-ice-fell-met-kap-overhemd-zachte-schaaljas-aanpassing-r118-2313\/red-black-369\/custom\/","es":"\/es\/p-re-r118x-chaqueta-softshell-con-capucha-ice-fell-personalizacion-r118-2313\/red-black-369\/custom\/","it":"\/it\/p-re-r118x-giubbotto-softshell-con-cappuccio-ice-fell-personalizzazione-r118-2313\/red-black-369\/custom\/","sv":"\/sv\/p-re-r118x-ice-fell-hooded-softshell-jacket-personalisering-r118-2313\/red-black-369\/custom\/","pt":"\/pt\/p-re-r118x-jaqueta-ice-fell-softshell-com-capuz-personalizacao-r118-2313\/red-black-369\/custom\/","da":"\/da\/p-re-r118x-ice-fell-hooded-softshell-jakke-personalisering-r118-2313\/red-black-369\/custom\/","pl":"\/pl\/p-re-r118x-ice-fell-hooded-softshell-jacket-spersonalizacja-r118-2313\/red-black-369\/custom\/"}},{"id":2437,"name":"grey\/black","class_ids":[3,4],"codes_hexa":["595e61","000000"],"delai_24":false,"has_3d":false,"seuil_global":0,"stock_local":0,"stock_global":356,"on_standby":false,"in_catalog":true,"images":{"miniature":["https:\/\/media.th4.com\/j7Dppg5bGTQSIGwssbJb7OytRc-Zhw1tqdGoc6EcF7k\/pr:80\/aHR0cDovL21lZGlhMi5kZXNpZ25wYXJ0bmVyLmZyL2MvcC8yMzEzLzIzMTMtMjQzNy0xLndlYnA?v=1769423624","https:\/\/media.th4.com\/j7LNG6-7kzqgn2eh9iupfUCIOfpuHZvQFjybOVMYCec\/pr:80\/aHR0cDovL21lZGlhMi5kZXNpZ25wYXJ0bmVyLmZyL2MvcC8yMzEzLzIzMTMtMjQzNy0yLndlYnA?v=1769423624"],"medium":["https:\/\/media.th4.com\/xv8LYgMndrfHj5sKUPCRHLwYZ63PVGq0MvQXpQWMhyo\/pr:550x550\/aHR0cDovL21lZGlhMi5kZXNpZ25wYXJ0bmVyLmZyL2MvcC8yMzEzLzIzMTMtMjQzNy0xLndlYnA?v=1769423624","https:\/\/media.th4.com\/LinE4MEWecV8VXVkXrisgzREbGfNbEa0v5JHSyBuyy4\/pr:550x550\/aHR0cDovL21lZGlhMi5kZXNpZ25wYXJ0bmVyLmZyL2MvcC8yMzEzLzIzMTMtMjQzNy0yLndlYnA?v=1769423624"],"medium_large":["https:\/\/media.th4.com\/l__C__i5YcpbmLvN9DpYrB9pY3dCdtTrrcvdR8lDUJg\/pr:1000x1000\/aHR0cDovL21lZGlhMi5kZXNpZ25wYXJ0bmVyLmZyL2MvcC8yMzEzLzIzMTMtMjQzNy0xLndlYnA?v=1769423624","https:\/\/media.th4.com\/qmhoV5RJW_15jq2pmGBjph-DHJhe6o9_Tq-W7XFL6tk\/pr:1000x1000\/aHR0cDovL21lZGlhMi5kZXNpZ25wYXJ0bmVyLmZyL2MvcC8yMzEzLzIzMTMtMjQzNy0yLndlYnA?v=1769423624"],"large":["https:\/\/media.th4.com\/q_5y4Ozr3HDJEBaiYdbd-mtzYj0veDyDaSd5q9hD0cE\/pr:1920\/aHR0cDovL21lZGlhMi5kZXNpZ25wYXJ0bmVyLmZyL2MvcC8yMzEzLzIzMTMtMjQzNy0xLndlYnA?v=1769423624","https:\/\/media.th4.com\/0lBZytJKpp3QM0F9uiwfkI2tSgZGwCfHl9Xbk8KE6-s\/pr:1920\/aHR0cDovL21lZGlhMi5kZXNpZ25wYXJ0bmVyLmZyL2MvcC8yMzEzLzIzMTMtMjQzNy0yLndlYnA?v=1769423624"],"opengraph":["https:\/\/media.th4.com\/ZfuPjx-8pI3gNJ9XEfIKavhnjVL1ycnd2lS3VcLOE3U\/pr:1200x630\/aHR0cDovL21lZGlhMi5kZXNpZ25wYXJ0bmVyLmZyL2MvcC8yMzEzLzIzMTMtMjQzNy0xLndlYnA?v=1769423624","https:\/\/media.th4.com\/LgpsJnc1IILLjRPQY2Wrd0W6VIaoHJmGq6Ns28KhxuE\/pr:1200x630\/aHR0cDovL21lZGlhMi5kZXNpZ25wYXJ0bmVyLmZyL2MvcC8yMzEzLzIzMTMtMjQzNy0yLndlYnA?v=1769423624"]},"images_customization":{"miniature":["https:\/\/media.th4.com\/j7Dppg5bGTQSIGwssbJb7OytRc-Zhw1tqdGoc6EcF7k\/pr:80\/aHR0cDovL21lZGlhMi5kZXNpZ25wYXJ0bmVyLmZyL2MvcC8yMzEzLzIzMTMtMjQzNy0xLndlYnA?v=1769423624","https:\/\/media.th4.com\/j7LNG6-7kzqgn2eh9iupfUCIOfpuHZvQFjybOVMYCec\/pr:80\/aHR0cDovL21lZGlhMi5kZXNpZ25wYXJ0bmVyLmZyL2MvcC8yMzEzLzIzMTMtMjQzNy0yLndlYnA?v=1769423624"],"medium":["https:\/\/media.th4.com\/xv8LYgMndrfHj5sKUPCRHLwYZ63PVGq0MvQXpQWMhyo\/pr:550x550\/aHR0cDovL21lZGlhMi5kZXNpZ25wYXJ0bmVyLmZyL2MvcC8yMzEzLzIzMTMtMjQzNy0xLndlYnA?v=1769423624","https:\/\/media.th4.com\/LinE4MEWecV8VXVkXrisgzREbGfNbEa0v5JHSyBuyy4\/pr:550x550\/aHR0cDovL21lZGlhMi5kZXNpZ25wYXJ0bmVyLmZyL2MvcC8yMzEzLzIzMTMtMjQzNy0yLndlYnA?v=1769423624"],"medium_large":["https:\/\/media.th4.com\/l__C__i5YcpbmLvN9DpYrB9pY3dCdtTrrcvdR8lDUJg\/pr:1000x1000\/aHR0cDovL21lZGlhMi5kZXNpZ25wYXJ0bmVyLmZyL2MvcC8yMzEzLzIzMTMtMjQzNy0xLndlYnA?v=1769423624","https:\/\/media.th4.com\/qmhoV5RJW_15jq2pmGBjph-DHJhe6o9_Tq-W7XFL6tk\/pr:1000x1000\/aHR0cDovL21lZGlhMi5kZXNpZ25wYXJ0bmVyLmZyL2MvcC8yMzEzLzIzMTMtMjQzNy0yLndlYnA?v=1769423624"],"large":["https:\/\/media.th4.com\/q_5y4Ozr3HDJEBaiYdbd-mtzYj0veDyDaSd5q9hD0cE\/pr:1920\/aHR0cDovL21lZGlhMi5kZXNpZ25wYXJ0bmVyLmZyL2MvcC8yMzEzLzIzMTMtMjQzNy0xLndlYnA?v=1769423624","https:\/\/media.th4.com\/0lBZytJKpp3QM0F9uiwfkI2tSgZGwCfHl9Xbk8KE6-s\/pr:1920\/aHR0cDovL21lZGlhMi5kZXNpZ25wYXJ0bmVyLmZyL2MvcC8yMzEzLzIzMTMtMjQzNy0yLndlYnA?v=1769423624"],"opengraph":["https:\/\/media.th4.com\/ZfuPjx-8pI3gNJ9XEfIKavhnjVL1ycnd2lS3VcLOE3U\/pr:1200x630\/aHR0cDovL21lZGlhMi5kZXNpZ25wYXJ0bmVyLmZyL2MvcC8yMzEzLzIzMTMtMjQzNy0xLndlYnA?v=1769423624","https:\/\/media.th4.com\/LgpsJnc1IILLjRPQY2Wrd0W6VIaoHJmGq6Ns28KhxuE\/pr:1200x630\/aHR0cDovL21lZGlhMi5kZXNpZ25wYXJ0bmVyLmZyL2MvcC8yMzEzLzIzMTMtMjQzNy0yLndlYnA?v=1769423624"]},"country_origin":"CN","traceability":{"manufacturing_country_id":null,"weaving_country_id":null,"dyeing_country_id":null},"sizes":[{"id":5,"article_id":531326,"class_id":2,"name":"XS","on_standby":false,"stock_local":0,"stock_global":19,"multiple":1,"estimated_date_reassort":null,"is_destocking":false},{"id":3,"article_id":531327,"class_id":3,"name":"S","on_standby":false,"stock_local":0,"stock_global":114,"multiple":1,"estimated_date_reassort":null,"is_destocking":false},{"id":2,"article_id":531328,"class_id":4,"name":"M","on_standby":false,"stock_local":0,"stock_global":21,"multiple":1,"estimated_date_reassort":null,"is_destocking":false},{"id":1,"article_id":531329,"class_id":5,"name":"L","on_standby":false,"stock_local":0,"stock_global":44,"multiple":1,"estimated_date_reassort":null,"is_destocking":false},{"id":4,"article_id":531330,"class_id":6,"name":"XL","on_standby":false,"stock_local":0,"stock_global":34,"multiple":1,"estimated_date_reassort":null,"is_destocking":false},{"id":1116,"article_id":531331,"class_id":7,"name":"2XL","on_standby":false,"stock_local":0,"stock_global":111,"multiple":1,"estimated_date_reassort":null,"is_destocking":false},{"id":1081,"article_id":531332,"class_id":8,"name":"3XL","on_standby":false,"stock_local":0,"stock_global":13,"multiple":1,"estimated_date_reassort":null,"is_destocking":false}],"page_links":{"fr":"\/fr\/p-re-r118x-ice-fell-hooded-softshell-jacket-r118-2313\/grey-black-2437\/","en":"\/en\/p-re-r118x-ice-fell-hooded-softshell-jacket-r118-2313\/grey-black-2437\/","de":"\/de\/p-re-r118x-ice-fell-kapuzen-softshell-jacke-r118-2313\/grey-black-2437\/","nl":"\/nl\/p-re-r118x-ice-fell-hooded-softshell-jacket-r118-2313\/grey-black-2437\/","es":"\/es\/p-re-r118x-chaqueta-softshell-con-capucha-ice-fell-r118-2313\/grey-black-2437\/","it":"\/it\/p-re-r118x-giacca-softshell-con-cappuccio-ice-fell-r118-2313\/grey-black-2437\/","sv":"\/sv\/p-re-r118x-ice-fell-hooded-softshell-jacket-r118-2313\/grey-black-2437\/","pt":"\/pt\/p-re-r118x-jaqueta-ice-fell-hooded-softshell-r118-2313\/grey-black-2437\/","da":"\/da\/p-re-r118x-ice-fell-hooded-softshell-jakke-r118-2313\/grey-black-2437\/","pl":"\/pl\/p-re-r118x-kurtka-softshell-ice-fell-z-kapeluszem-r118-2313\/grey-black-2437\/"},"page_links_customization":{"fr":"\/fr\/p-re-r118x-ice-fell-hooded-softshell-jacket-personnalisation-r118-2313\/grey-black-2437\/custom\/","en":"\/en\/p-re-r118x-ice-fell-hooded-softshell-jacket-customization-r118-2313\/grey-black-2437\/custom\/","de":"\/de\/p-re-r118x-ice-fell-hooded-softshell-jacke-personalisierung-r118-2313\/grey-black-2437\/custom\/","nl":"\/nl\/p-re-r118x-ice-fell-met-kap-overhemd-zachte-schaaljas-aanpassing-r118-2313\/grey-black-2437\/custom\/","es":"\/es\/p-re-r118x-chaqueta-softshell-con-capucha-ice-fell-personalizacion-r118-2313\/grey-black-2437\/custom\/","it":"\/it\/p-re-r118x-giubbotto-softshell-con-cappuccio-ice-fell-personalizzazione-r118-2313\/grey-black-2437\/custom\/","sv":"\/sv\/p-re-r118x-ice-fell-hooded-softshell-jacket-personalisering-r118-2313\/grey-black-2437\/custom\/","pt":"\/pt\/p-re-r118x-jaqueta-ice-fell-softshell-com-capuz-personalizacao-r118-2313\/grey-black-2437\/custom\/","da":"\/da\/p-re-r118x-ice-fell-hooded-softshell-jakke-personalisering-r118-2313\/grey-black-2437\/custom\/","pl":"\/pl\/p-re-r118x-ice-fell-hooded-softshell-jacket-spersonalizacja-r118-2313\/grey-black-2437\/custom\/"}},{"id":22474,"name":"navy","class_ids":[2],"codes_hexa":["19286b"],"delai_24":false,"has_3d":false,"seuil_global":0,"stock_local":0,"stock_global":242,"on_standby":false,"in_catalog":true,"images":{"miniature":["https:\/\/media.th4.com\/Sew4D8Cx_uw6uPcsGw93XtPZnyPOQq-g8V4Ecl3b560\/pr:80\/aHR0cDovL21lZGlhMi5kZXNpZ25wYXJ0bmVyLmZyL2MvcC8yMzEzLzIzMTMtMjI0NzQtMS53ZWJw?v=1769423625","https:\/\/media.th4.com\/X4c6ocvdy5Sq2oLIEVBnhxEzCsJ9N8__XA6CWZWbZq8\/pr:80\/aHR0cDovL21lZGlhMi5kZXNpZ25wYXJ0bmVyLmZyL2MvcC8yMzEzLzIzMTMtMjI0NzQtMi53ZWJw?v=1769423626"],"medium":["https:\/\/media.th4.com\/KUxE681Mhg49AB0FFDsgKmYNXW0IBqCWzQV_mCn1qPc\/pr:550x550\/aHR0cDovL21lZGlhMi5kZXNpZ25wYXJ0bmVyLmZyL2MvcC8yMzEzLzIzMTMtMjI0NzQtMS53ZWJw?v=1769423625","https:\/\/media.th4.com\/sWHkvgwvPkbY13UD51gXW7LcVJzgkuU611MQ3LcWHfE\/pr:550x550\/aHR0cDovL21lZGlhMi5kZXNpZ25wYXJ0bmVyLmZyL2MvcC8yMzEzLzIzMTMtMjI0NzQtMi53ZWJw?v=1769423626"],"medium_large":["https:\/\/media.th4.com\/2y6VU1EXT4m9dr8qDV2ls5YwLqZNZnP2rO5C9IrbW3k\/pr:1000x1000\/aHR0cDovL21lZGlhMi5kZXNpZ25wYXJ0bmVyLmZyL2MvcC8yMzEzLzIzMTMtMjI0NzQtMS53ZWJw?v=1769423625","https:\/\/media.th4.com\/7cx-Pbi4G_TaUCCVT6pIHtb8um8MWVaDSB-7gEvfK0E\/pr:1000x1000\/aHR0cDovL21lZGlhMi5kZXNpZ25wYXJ0bmVyLmZyL2MvcC8yMzEzLzIzMTMtMjI0NzQtMi53ZWJw?v=1769423626"],"large":["https:\/\/media.th4.com\/iCt_zvnP8jlzs5zPctLgb4HO2D17VH2Qba8uY25xSms\/pr:1920\/aHR0cDovL21lZGlhMi5kZXNpZ25wYXJ0bmVyLmZyL2MvcC8yMzEzLzIzMTMtMjI0NzQtMS53ZWJw?v=1769423625","https:\/\/media.th4.com\/X8C4L1xB1rGmhZE1LT2mMptlvo9t3XDZ5G_Q6cAAwpU\/pr:1920\/aHR0cDovL21lZGlhMi5kZXNpZ25wYXJ0bmVyLmZyL2MvcC8yMzEzLzIzMTMtMjI0NzQtMi53ZWJw?v=1769423626"],"opengraph":["https:\/\/media.th4.com\/UfNWkPF4bf-o6CgbToJXJ_eG8KBUYSGTqY4ji8sAyNU\/pr:1200x630\/aHR0cDovL21lZGlhMi5kZXNpZ25wYXJ0bmVyLmZyL2MvcC8yMzEzLzIzMTMtMjI0NzQtMS53ZWJw?v=1769423625","https:\/\/media.th4.com\/ncYxRZkGISpADtgwrbmY-SKdpVu4WQjtmmCY_enle_s\/pr:1200x630\/aHR0cDovL21lZGlhMi5kZXNpZ25wYXJ0bmVyLmZyL2MvcC8yMzEzLzIzMTMtMjI0NzQtMi53ZWJw?v=1769423626"]},"images_customization":{"miniature":["https:\/\/media.th4.com\/Sew4D8Cx_uw6uPcsGw93XtPZnyPOQq-g8V4Ecl3b560\/pr:80\/aHR0cDovL21lZGlhMi5kZXNpZ25wYXJ0bmVyLmZyL2MvcC8yMzEzLzIzMTMtMjI0NzQtMS53ZWJw?v=1769423625","https:\/\/media.th4.com\/X4c6ocvdy5Sq2oLIEVBnhxEzCsJ9N8__XA6CWZWbZq8\/pr:80\/aHR0cDovL21lZGlhMi5kZXNpZ25wYXJ0bmVyLmZyL2MvcC8yMzEzLzIzMTMtMjI0NzQtMi53ZWJw?v=1769423626"],"medium":["https:\/\/media.th4.com\/KUxE681Mhg49AB0FFDsgKmYNXW0IBqCWzQV_mCn1qPc\/pr:550x550\/aHR0cDovL21lZGlhMi5kZXNpZ25wYXJ0bmVyLmZyL2MvcC8yMzEzLzIzMTMtMjI0NzQtMS53ZWJw?v=1769423625","https:\/\/media.th4.com\/sWHkvgwvPkbY13UD51gXW7LcVJzgkuU611MQ3LcWHfE\/pr:550x550\/aHR0cDovL21lZGlhMi5kZXNpZ25wYXJ0bmVyLmZyL2MvcC8yMzEzLzIzMTMtMjI0NzQtMi53ZWJw?v=1769423626"],"medium_large":["https:\/\/media.th4.com\/2y6VU1EXT4m9dr8qDV2ls5YwLqZNZnP2rO5C9IrbW3k\/pr:1000x1000\/aHR0cDovL21lZGlhMi5kZXNpZ25wYXJ0bmVyLmZyL2MvcC8yMzEzLzIzMTMtMjI0NzQtMS53ZWJw?v=1769423625","https:\/\/media.th4.com\/7cx-Pbi4G_TaUCCVT6pIHtb8um8MWVaDSB-7gEvfK0E\/pr:1000x1000\/aHR0cDovL21lZGlhMi5kZXNpZ25wYXJ0bmVyLmZyL2MvcC8yMzEzLzIzMTMtMjI0NzQtMi53ZWJw?v=1769423626"],"large":["https:\/\/media.th4.com\/iCt_zvnP8jlzs5zPctLgb4HO2D17VH2Qba8uY25xSms\/pr:1920\/aHR0cDovL21lZGlhMi5kZXNpZ25wYXJ0bmVyLmZyL2MvcC8yMzEzLzIzMTMtMjI0NzQtMS53ZWJw?v=1769423625","https:\/\/media.th4.com\/X8C4L1xB1rGmhZE1LT2mMptlvo9t3XDZ5G_Q6cAAwpU\/pr:1920\/aHR0cDovL21lZGlhMi5kZXNpZ25wYXJ0bmVyLmZyL2MvcC8yMzEzLzIzMTMtMjI0NzQtMi53ZWJw?v=1769423626"],"opengraph":["https:\/\/media.th4.com\/UfNWkPF4bf-o6CgbToJXJ_eG8KBUYSGTqY4ji8sAyNU\/pr:1200x630\/aHR0cDovL21lZGlhMi5kZXNpZ25wYXJ0bmVyLmZyL2MvcC8yMzEzLzIzMTMtMjI0NzQtMS53ZWJw?v=1769423625","https:\/\/media.th4.com\/ncYxRZkGISpADtgwrbmY-SKdpVu4WQjtmmCY_enle_s\/pr:1200x630\/aHR0cDovL21lZGlhMi5kZXNpZ25wYXJ0bmVyLmZyL2MvcC8yMzEzLzIzMTMtMjI0NzQtMi53ZWJw?v=1769423626"]},"country_origin":"CN","traceability":{"manufacturing_country_id":null,"weaving_country_id":null,"dyeing_country_id":null},"sizes":[{"id":5,"article_id":63441,"class_id":2,"name":"XS","on_standby":false,"stock_local":0,"stock_global":14,"multiple":1,"estimated_date_reassort":null,"is_destocking":false},{"id":3,"article_id":63442,"class_id":3,"name":"S","on_standby":false,"stock_local":0,"stock_global":39,"multiple":1,"estimated_date_reassort":null,"is_destocking":false},{"id":2,"article_id":63443,"class_id":4,"name":"M","on_standby":false,"stock_local":0,"stock_global":58,"multiple":1,"estimated_date_reassort":null,"is_destocking":false},{"id":1,"article_id":63444,"class_id":5,"name":"L","on_standby":false,"stock_local":0,"stock_global":78,"multiple":1,"estimated_date_reassort":null,"is_destocking":false},{"id":4,"article_id":63445,"class_id":6,"name":"XL","on_standby":false,"stock_local":0,"stock_global":23,"multiple":1,"estimated_date_reassort":null,"is_destocking":false},{"id":1116,"article_id":246554,"class_id":7,"name":"2XL","on_standby":false,"stock_local":0,"stock_global":16,"multiple":1,"estimated_date_reassort":null,"is_destocking":false},{"id":1081,"article_id":235567,"class_id":8,"name":"3XL","on_standby":false,"stock_local":0,"stock_global":14,"multiple":1,"estimated_date_reassort":null,"is_destocking":false}],"page_links":{"fr":"\/fr\/p-re-r118x-ice-fell-hooded-softshell-jacket-r118-2313\/navy-22474\/","en":"\/en\/p-re-r118x-ice-fell-hooded-softshell-jacket-r118-2313\/navy-22474\/","de":"\/de\/p-re-r118x-ice-fell-kapuzen-softshell-jacke-r118-2313\/navy-22474\/","nl":"\/nl\/p-re-r118x-ice-fell-hooded-softshell-jacket-r118-2313\/navy-22474\/","es":"\/es\/p-re-r118x-chaqueta-softshell-con-capucha-ice-fell-r118-2313\/navy-22474\/","it":"\/it\/p-re-r118x-giacca-softshell-con-cappuccio-ice-fell-r118-2313\/navy-22474\/","sv":"\/sv\/p-re-r118x-ice-fell-hooded-softshell-jacket-r118-2313\/navy-22474\/","pt":"\/pt\/p-re-r118x-jaqueta-ice-fell-hooded-softshell-r118-2313\/navy-22474\/","da":"\/da\/p-re-r118x-ice-fell-hooded-softshell-jakke-r118-2313\/navy-22474\/","pl":"\/pl\/p-re-r118x-kurtka-softshell-ice-fell-z-kapeluszem-r118-2313\/navy-22474\/"},"page_links_customization":{"fr":"\/fr\/p-re-r118x-ice-fell-hooded-softshell-jacket-personnalisation-r118-2313\/navy-22474\/custom\/","en":"\/en\/p-re-r118x-ice-fell-hooded-softshell-jacket-customization-r118-2313\/navy-22474\/custom\/","de":"\/de\/p-re-r118x-ice-fell-hooded-softshell-jacke-personalisierung-r118-2313\/navy-22474\/custom\/","nl":"\/nl\/p-re-r118x-ice-fell-met-kap-overhemd-zachte-schaaljas-aanpassing-r118-2313\/navy-22474\/custom\/","es":"\/es\/p-re-r118x-chaqueta-softshell-con-capucha-ice-fell-personalizacion-r118-2313\/navy-22474\/custom\/","it":"\/it\/p-re-r118x-giubbotto-softshell-con-cappuccio-ice-fell-personalizzazione-r118-2313\/navy-22474\/custom\/","sv":"\/sv\/p-re-r118x-ice-fell-hooded-softshell-jacket-personalisering-r118-2313\/navy-22474\/custom\/","pt":"\/pt\/p-re-r118x-jaqueta-ice-fell-softshell-com-capuz-personalizacao-r118-2313\/navy-22474\/custom\/","da":"\/da\/p-re-r118x-ice-fell-hooded-softshell-jakke-personalisering-r118-2313\/navy-22474\/custom\/","pl":"\/pl\/p-re-r118x-ice-fell-hooded-softshell-jacket-spersonalizacja-r118-2313\/navy-22474\/custom\/"}}],"documentation_link":"\/pdf\/2313.pdf","countries_availables":["AD","AE","AL","AT","BA","BD","BE","BG","BL","CA","CH","CN","CO","CY","CZ","DE","DK","DO","EE","EG","ES","ET","FI","FR","GB","GE","GF","GP","GR","GT","HK","HN","HR","HT","HU","ID","IE","IN","IS","IT","JO","JP","KE","KH","KP","KR","LA","LK","LS","LT","LU","LV","MA","MF","MG","MK","MM","MN","MQ","MT","MX","MY","NC","NI","NL","PF","PH","PK","PL","PM","PT","RE","RO","SE","SG","SI","SK","SV","SY","TH","TN","TR","TW","TZ","US","VN","WF","YT"]},"infos_customization":[],"features":{"authorize_multi_surfaces":true,"display_order_delay_type":true,"promote_surface_display":true,"tarification_franco_offert":true,"enabled_3d_editor":false},"markings":[{"id":0,"nom":"vierge","finition":null,"libelle":null,"code":null,"dpi":null,"finesse_forme_isolee":null,"finesse_forme_non_isolee":null,"hauteur_minimale_texte":null,"inactif":0,"marquage_interne":1,"quantite_min":null,"parent_id":null,"print_on_support":0,"content":"vierge","description":null},{"id":2,"nom":"fonce","finition":"optimale","libelle":"TopQuadri","code":null,"dpi":400,"finesse_forme_isolee":"0.040","finesse_forme_non_isolee":"0.700","hauteur_minimale_texte":2,"inactif":0,"marquage_interne":1,"quantite_min":null,"parent_id":18,"print_on_support":0,"content":"TopQuadri","description":"pour petites et moyennes s\u00e9ries"},{"id":3,"nom":"serigraphie","finition":"serigraphie","libelle":"SeriCoat","code":null,"dpi":400,"finesse_forme_isolee":"0.040","finesse_forme_non_isolee":"0.700","hauteur_minimale_texte":2,"inactif":0,"marquage_interne":1,"quantite_min":15,"parent_id":18,"print_on_support":0,"content":"SeriCoat","description":"pour moyennes et grandes s\u00e9ries"},{"id":4,"nom":"broderie","finition":"broderie","libelle":"Broderie","code":null,"dpi":400,"finesse_forme_isolee":"0.040","finesse_forme_non_isolee":"0.700","hauteur_minimale_texte":3,"inactif":0,"marquage_interne":1,"quantite_min":null,"parent_id":null,"print_on_support":0,"content":"Broderie","description":null},{"id":8,"nom":"theme","finition":null,"libelle":"Th\u00e8me","code":null,"dpi":null,"finesse_forme_isolee":null,"finesse_forme_non_isolee":null,"hauteur_minimale_texte":null,"inactif":0,"marquage_interne":1,"quantite_min":null,"parent_id":null,"print_on_support":0,"content":"Th\u00e8me","description":null},{"id":9,"nom":"sans","finition":null,"libelle":null,"code":null,"dpi":null,"finesse_forme_isolee":null,"finesse_forme_non_isolee":null,"hauteur_minimale_texte":null,"inactif":0,"marquage_interne":1,"quantite_min":null,"parent_id":null,"print_on_support":0,"content":"sans","description":null},{"id":10,"nom":"photo","finition":null,"libelle":"Photo","code":null,"dpi":null,"finesse_forme_isolee":null,"finesse_forme_non_isolee":null,"hauteur_minimale_texte":null,"inactif":0,"marquage_interne":1,"quantite_min":null,"parent_id":null,"print_on_support":0,"content":"Photo","description":null},{"id":14,"nom":"couleur","finition":null,"libelle":"Couleur","code":null,"dpi":null,"finesse_forme_isolee":null,"finesse_forme_non_isolee":null,"hauteur_minimale_texte":null,"inactif":0,"marquage_interne":1,"quantite_min":null,"parent_id":null,"print_on_support":0,"content":"Couleur","description":null},{"id":15,"nom":"sublimation","finition":"sublimation","libelle":"Sublimation","code":null,"dpi":null,"finesse_forme_isolee":"0.000","finesse_forme_non_isolee":"0.000","hauteur_minimale_texte":2,"inactif":0,"marquage_interne":1,"quantite_min":null,"parent_id":null,"print_on_support":0,"content":"Sublimation","description":null},{"id":16,"nom":"topquadri_uv","finition":null,"libelle":"TopQuadri UV","code":null,"dpi":null,"finesse_forme_isolee":"0.020","finesse_forme_non_isolee":"0.700","hauteur_minimale_texte":2,"inactif":0,"marquage_interne":1,"quantite_min":null,"parent_id":null,"print_on_support":1,"content":null,"description":null},{"id":17,"nom":"topquadri_uvp","finition":null,"libelle":"TopQuadri UVP","code":null,"dpi":null,"finesse_forme_isolee":"0.020","finesse_forme_non_isolee":"0.700","hauteur_minimale_texte":2,"inactif":0,"marquage_interne":1,"quantite_min":null,"parent_id":null,"print_on_support":1,"content":null,"description":null},{"id":18,"nom":"quadri","finition":null,"libelle":"Impression","code":null,"dpi":null,"finesse_forme_isolee":null,"finesse_forme_non_isolee":null,"hauteur_minimale_texte":null,"inactif":0,"marquage_interne":1,"quantite_min":null,"parent_id":null,"print_on_support":0,"content":null,"description":null}]}}