{"data":{"product":{"id":2306,"titre":"Mens recycled classic 3-layer softshell","description":"Veste softshell trois couches la plus populaire du secteur, la R121M, a \u00e9t\u00e9 remodel\u00e9e pour devenir une veste recycl\u00e9e. Elle est classique, \u00e9l\u00e9gante et durable. Meilleure imperm\u00e9abilit\u00e9 \u00e0 l'eau. Respirant. Coupe-vent. Tissu noir \u00e0 l'int\u00e9rieur des \u00e9paules pour cacher l'envers des broderies au niveau de la nuque. Poches lat\u00e9rales zipp\u00e9es recycl\u00e9es. Poche poitrine zipp\u00e9e recycl\u00e9e. Empi\u00e8cement avant et dos d\u00e9coratifs. Ourlet r\u00e9glable par cordon de serrage. Doublure int\u00e9rieure en micropolaire. 3 poches int\u00e9rieures. Panneau plus long dans le dos. Fermeture zipp\u00e9e recycl\u00e9e \u00e0 l'avant. Rabat de protection int\u00e9rieur. Col montant. Patte de suspension. Poignets ouverts. Fabriqu\u00e9 \u00e0 partir de mat\u00e9riaux respectueux de l'environnement, issus de bouteilles en plastique et de d\u00e9chets post-industriels, offrant une durabilit\u00e9 \u00e9quivalente \u00e0 celle des fils classiques. Composition : couche ext\u00e9rieure 95 % polyester recycl\u00e9, 5 % \u00e9lasthanne ; couche interm\u00e9diaire 100 % membrane TPU recycl\u00e9e pour plus de protection contre les intemp\u00e9ries 8000mm imperm\u00e9able, 1000g respirant ; couche int\u00e9rieure 100 % polyester recycl\u00e9 micropolaire ; Tissu noir \u00e0 l'int\u00e9rieur des \u00e9paules : 100 % polyester tricot.","genre":"homme","grammage":0,"conditionnement":10,"composition":"polyester,elasthanne","reference":"439.33","reference_visible":"re-r121m","reference_fabricant":"R121M","ref_xor":"745287","in_catalog":true,"is_transfer":false,"is_service":false,"on_standby":false,"has_3d":false,"has_size_guide":false,"has_marking":true,"has_vierge":true,"is_cross_sellable":false,"id_picto":132,"filename_3d":null,"brand":{"id":16,"name":"Result","logo":"logo-result.png","image":"https:\/\/media.th4.com\/R4AINn4EcZGXmGADkvSPvxFxj-96N0ZW37kUw9NCIp8\/pr:brand70x70\/aHR0cDovL21lZGlhMi5kZXNpZ25wYXJ0bmVyLmZyL2MvbS9sb2dvLXJlc3VsdC5wbmc?v=1769696384"},"price_infos":{"price_from":23.3,"quantity":200,"color":{"id":22474,"name":"navy"},"size":{"id":1,"name":"L"}},"price_infos_marking":{"price_from":28.07,"quantity":500,"color":{"id":22474,"name":"navy"},"size":{"id":1,"name":"L"},"marking":{"id":2,"name":""},"emplacement":"avant","surface_emplacement_id":6433,"surface":"Coeur haut"},"i18n":{"blank":{"title":{"fr":"Classic soft shell jacket RESULT r121","en":"Classic soft shell jacket RESULT r121","de":"Classic Softshelljacke RESULT r121","nl":"Classic softshell jas RESULT r121","es":"Chaqueta softshell cl\u00e1sica RESULT r121","it":"Giacca a shell morbida classica RESULT r121","sv":"Classic soft shell jacka RESULT r121","pt":"Jaqueta classic soft shell RESULT r121","da":"Classic soft shell jakke RESULT r121","pl":"Klasyczna kurtka soft shell RESULT r121"},"description":{"fr":"Cette veste softshell offre une protection contre le vent et l'humidit\u00e9 tout en assurant une respirabilit\u00e9 optimale. Sa conception en tissu extensible permet une grande libert\u00e9 de mouvement et un confort accru. La coupe active et les panneaux form\u00e9s contribuent \u00e0 un style ajust\u00e9. Elle est dot\u00e9e de multiples poches zipp\u00e9es pour un rangement pratique. Ce v\u00eatement est con\u00e7u pour offrir un confort durable dans diverses conditions m\u00e9t\u00e9orologiques.\n\n- Couche ext: 93 % polyester, 7 % Spandex\n- Couche interm\u00e9diaire: membrane respirable TPU\n- Couche int: polaire microfibre\n- Coupe-vent, imperm\u00e9able et respirant\n- Tissu souple tr\u00e8s extensible","en":"This softshell jacket provides protection against wind and moisture while ensuring optimal breathability. Its stretch fabric construction allows for great freedom of movement and increased comfort. The active cut and shaped panels contribute to a fitted style. It features multiple zippered pockets for practical storage. This garment is designed to offer lasting comfort in various weather conditions.\n\n- Outer layer: 93% polyester, 7% Spandex\n- Intermediate layer: breathable TPU membrane\n- Inner layer: microfiber fleece\n- Windproof, waterproof and breathable\n- Very soft and stretchable fabric","de":"Diese Softshelljacke bietet Schutz vor Wind und Feuchtigkeit und sorgt gleichzeitig f\u00fcr optimale Atmungsaktivit\u00e4t. Ihre Konstruktion aus dehnbarem Gewebe erm\u00f6glicht gro\u00dfe Bewegungsfreiheit und erh\u00f6ht den Tragekomfort. Der aktive Schnitt und die geformten Paneele tragen zu einem passgenauen Stil bei. Sie verf\u00fcgt \u00fcber mehrere Rei\u00dfverschlussf\u00e4cher f\u00fcr praktisches Verstaunen. Dieses Kleidungsst\u00fcck ist so konzipiert, dass es in verschiedenen Wetterbedingungen dauerhaften Komfort bietet.\n\n- Au\u00dfenlage: 93 % Polyester, 7 % Spandex\n- Zwischenlage: atmungsaktive TPU-Membran\n- Innenlage: Polarfleece aus Mikrofaser\n- Winddicht, wasserdicht und atmungsaktiv\n- Sehr dehnbares, weiches Gewebe","nl":"Deze softshell jas biedt bescherming tegen wind en vocht terwijl een optimale ademendheid wordt gegarandeerd. De constructie uit stretchweefsel zorgt voor een grote bewegingsvrijheid en verhoogd comfort. De actieve pasvorm en de gevormde panelen dragen bij aan een strakke stijl. Het is uitgerust met meerdere ritssluitingen voor praktisch opbergen. Dit kledingstuk is ontworpen om duurzaam comfort te bieden onder verschillende weersomstandigheden.\n\n- Buitenlaag: 93 % polyester, 7 % Spandex\n- Middenlaag: ademende TPU-membraan\n- Binnenlaag: microvezelvacht\n- Winddicht, waterdicht en ademend\n- Zacht en zeer strechbaar weefsel","es":"Esta chaqueta softshell ofrece protecci\u00f3n contra el viento y la humedad mientras asegura una respirabilidad \u00f3ptima. Su dise\u00f1o en tejido el\u00e1stico permite una gran libertad de movimiento y un mayor confort. El corte activo y los paneles formados contribuyen a un estilo ajustado. Cuenta con m\u00faltiples bolsillos con cremallera para un almacenamiento pr\u00e1ctico. Esta prenda est\u00e1 dise\u00f1ada para ofrecer un confort duradero en diversas condiciones meteorol\u00f3gicas.\n\n- Capa exterior: 93 % poli\u00e9ster, 7 % Spandex\n- Capa intermedia: membrana transpirable TPU\n- Capa interior: polar de microfibra\n- Cortavientos, impermeable y transpirable\n- Tejido muy el\u00e1stico","it":"Questa giacca softshell offre protezione dal vento e dall'umidit\u00e0 garantendo al contempo una traspirabilit\u00e0 ottimale. La sua concezione in tessuto estensibile permette una grande libert\u00e0 di movimento e un comfort accresciuto. Il taglio attivo e i pannelli formati contribuiscono a uno stile adattato. \u00c8 dotata di numerose tasche zip per un ripostiglio pratico. Questo indumento \u00e8 progettato per offrire un comfort duraturo in diverse condizioni meteorologiche.\n\n- Esterno: 93% poliestere, 7% Spandex\n- Strato intermedio: membrana traspirante TPU\n- Interno: pile in microfibra\n- Antivento, impermeabile e traspirante\n- Tessuto morbido molto estensibile","sv":"Denna softshell jacka erbjuder skydd mot vind och fukt samtidigt som den s\u00e4kerst\u00e4ller optimal andning. Dess konstruktion i str\u00e4ckt tyg ger stor r\u00f6relsefrihet och \u00f6kat komfort. Den aktiva passformen och de formade panelerna bidrar till en anpassad stil. Den \u00e4r utrustad med flera dragkedjep\u00e5sar f\u00f6r praktiskt f\u00f6rvaring. Detta plagg \u00e4r utformat f\u00f6r att erbjuda l\u00e5ngvarigt komfort i olika v\u00e4derf\u00f6rh\u00e5llanden.\n\n- Ytterlager: 93% polyester, 7% Spandex\n- Mellanskikt: andningsbar TPU-membran\n- Innerlager: mikrofibrig pol\u00e4r\n- Vindt\u00e4tt, vattent\u00e4tt och andningsbar\n- Mycket str\u00e4ckt och mjuk tyg","pt":"Esta jaqueta softshell oferece prote\u00e7\u00e3o contra o vento e a umidade, garantindo ao mesmo tempo uma respirabilidade \u00f3tima. Seu design em tecido estic\u00e1vel permite uma grande liberdade de movimento e um conforto acrescido. O corte ativo e os pain\u00e9is formados contribuem para um estilo ajustado. Ela possui m\u00faltiplas bolsas com z\u00edper para armazenamento pr\u00e1tico. Esta pe\u00e7a \u00e9 projetada para oferecer conforto duradouro em diversas condi\u00e7\u00f5es clim\u00e1ticas.\n\n- Camada ext: 93 % poli\u00e9ster, 7 % Spandex\n- Camada intermedi\u00e1ria: membrana respir\u00e1vel TPU\n- Camada int: polar microfibra\n- Corta-vento, imperme\u00e1vel e respir\u00e1vel\n- Tecido macio muito el\u00e1stico","da":"Denne softshelljakke tilbyder beskyttelse mod vind og fugt, mens den sikrer optimal \u00e5ndbarhed. Dens konstruktion i str\u00e6kbart v\u00e6v giver stor bev\u00e6gelighed og \u00f8get komfort. Den aktive sk\u00e6ring og formede paneler bidrager til en tilpasset stil. Den er udstyret med flere lukkede lommer til praktisk opbevaring. Dette t\u00f8j er designet til at give varig komfort under forskellige vejrforhold.\n\n- Yderside: 93 % polyester, 7 % Spandex\n- Mellomlag: \u00e5ndbar TPU-membran\n- Inderside: mikrofiberfodring\n- Vindt\u00e6t, vandt\u00e6t og \u00e5ndbar\n- Meget bl\u00f8d og str\u00e6kbar stof","pl":"Ta kurtka softshellowa zapewnia ochron\u0119 przed wiatrem i wilgoci\u0105, zapewniaj\u0105c jednocze\u015bnie optymaln\u0105 wentylacj\u0119. Jej konstrukcja z rozci\u0105gliwym materia\u0142em pozwala na du\u017c\u0105 swobod\u0119 ruch\u00f3w i zwi\u0119ksza komfort. Aktywne kroje i formowane panele przyczyniaj\u0105 si\u0119 do dostosowanego stylu. Jest wyposa\u017cona w wiele kieszeni z zamek. Ubranie to zaprojektowano tak, aby zapewni\u0107 trwa\u0142y komfort w r\u00f3\u017cnych warunkach pogodowych.\n\n- Zewn\u0119trzna warstwa: 93 % poliester, 7 % Spandex\n- Warstwa po\u015brednia: oddechowa membrana TPU\n- Wewn\u0119trzna warstwa: mikrofibrowa polar\n- Wiatroszczelna, wodoodporna i wentylowana\n- Bardzo rozci\u0105gliwy mi\u0119kki materia\u0142"},"h1":{"fr":"Classic soft shell jacket r121","en":"Classic soft shell jacket r121","de":"Classic Softshelljacke r121","nl":"Classic softshell jas r121","es":"Chaqueta softshell cl\u00e1sica r121","it":"Giacca a shell morbida classica r121","sv":"Classic soft shell jacka r121","pt":"Jaqueta classic soft shell r121","da":"Classic soft shell jakke r121","pl":"Klasyczna kurtka soft shell r121"},"meta_description":{"fr":"Veste softshell respirante RESULT. Coupe-vent, imperm\u00e9able et confortable. Id\u00e9ale pour diverses activit\u00e9s. D\u00e9couvrez le mod\u00e8le r121.","en":"Breathable RESULT softshell jacket. Windproof, waterproof and comfortable. Ideal for various activities. Discover the r121 model.","de":"Atmungsaktive Softshelljacke RESULT. Winddicht, wasserdicht und komfortabel. Ideal f\u00fcr verschiedene Aktivit\u00e4ten. Entdecken Sie das Modell r121.","nl":"Ademende softshell jas RESULT. Winddicht, waterdicht en comfortabel. Ideaal voor diverse activiteiten. Ontdek het model r121.","es":"Chaqueta softshell transpirable RESULT. Cortavientos, impermeable y c\u00f3moda. Ideal para diversas actividades. Descubra el modelo r121.","it":"Giacca softshell traspirante RESULT. Antivento, impermeabile e confortevole. Ideale per varie attivit\u00e0. Scopri il modello r121.","sv":"Andningsbar softshell jacka RESULT. Vindt\u00e4tt, vattent\u00e4tt och bekv\u00e4m. Idealisk f\u00f6r olika aktiviteter. Uppt\u00e4ck modell r121.","pt":"Jaqueta softshell respir\u00e1vel RESULT. Corta-vento, imperme\u00e1vel e confort\u00e1vel. Ideal para diversas atividades. Descubra o modelo r121.","da":"\u00c5ndbare RESULT softshelljakke. Vindt\u00e6t, vandt\u00e6t og komfortabel. Ideel til forskellige aktiviteter. Opdag modellen r121.","pl":"Odewna softshellowa RESULT. Wiatroszczelna, wodoodporna i komfortowa. Idealna do r\u00f3\u017cnych aktywno\u015bci. Odkryj model r121."}},"custom":{"title":{"fr":"Classic soft shell jacket RESULT personnalisable r121","en":"Classic soft shell jacket RESULT customizable r121","de":"Classic Softshelljacke RESULT personalisierbar r121","nl":"Classic soft shell jacket RESULT personaliseerbaar r121","es":"Chaqueta Classic soft shell RESULT personalizable r121","it":"Giacca softshell classica RESULT personalizzabile r121","sv":"Classic soft shell jacka RESULT anpassningsbar r121","pt":"Jaqueta cl\u00e1ssica de soft shell RESULT personaliz\u00e1vel r121","da":"Classic softshell jakke RESULT personligg\u00f8rbar r121","pl":"Klasyczna kurtka softshell RESULT personalizowalna r121"},"description":{"fr":"Ce softshell respirant offre une protection efficace contre le vent et l'humidit\u00e9. Sa conception en plusieurs couches assure confort et libert\u00e9 de mouvement. Le tissu extensible et la coupe active permettent une grande aisance. Ce v\u00eatement est con\u00e7u pour \u00eatre personnalis\u00e9, notamment par broderie, afin de r\u00e9pondre \u00e0 vos besoins de branding. Il dispose de plusieurs poches zipp\u00e9es pour un rangement pratique. Ce softshell est adapt\u00e9 \u00e0 diverses activit\u00e9s et offre un excellent rapport qualit\u00e9-prix.\n\n- Couche ext: 93 % polyester, 7 % Spandex\n- Couche interm\u00e9diaire: membrane respirable TPU\n- Couche int: polaire microfibre\n- Coupe-vent, imperm\u00e9able et respirant\n- Tissu souple tr\u00e8s extensible\n- Coupe active confortable\n- Panneaux form\u00e9s pour cr\u00e9er un style ajust\u00e9\n- Diverses poches \u00e0 glissi\u00e8re\n- Convient pour l'impression et la broderie.","en":"This breathable softshell offers effective protection against wind and moisture. Its multi-layer construction ensures comfort and freedom of movement. The stretch fabric and active cut provide great ease. This garment is designed to be customized, especially by embroidery, to meet your branding needs. It features several zippered pockets for practical storage. This softshell is suitable for various activities and offers excellent value for money.\n\n- Ext layer: 93% polyester, 7% Spandex\n- Intermediate layer: breathable TPU membrane\n- Int layer: microfiber fleece\n- Windproof, waterproof and breathable\n- Very stretchy soft fabric\n- Comfortable active cut\n- Formed panels to create a fitted style\n- Various zipper pockets\n- Suitable for printing and embroidery","de":"Diese atmungsaktive Softshell bietet einen effektiven Schutz vor Wind und Feuchtigkeit. Ihre mehrschichtige Konstruktion sorgt f\u00fcr Komfort und Bewegungsfreiheit. Das dehnbare Gewebe und der aktive Schnitt erm\u00f6glichen gro\u00dfe Beweglichkeit. Dieses Kleidungsst\u00fcck ist f\u00fcr die Personalisierung, insbesondere durch Stickerei, konzipiert, um Ihren Branding-Anforderungen gerecht zu werden. Es verf\u00fcgt \u00fcber mehrere Rei\u00dfverschluss-Taschen f\u00fcr praktische Aufbewahrung. Diese Softshell eignet sich f\u00fcr verschiedene Aktivit\u00e4ten und bietet ein hervorragendes Preis-Leistungs-Verh\u00e4ltnis.\n\n- Au\u00dfenschicht: 93 % Polyester, 7 % Spandex\n- Zwischenschicht: atmungsaktive TPU-Membran\n- Innenschicht: Mikrofaserfleece\n- Winddicht, wasserdicht und atmungsaktiv\n- Weiches, sehr dehnbares Gewebe\n- Komfortabler, aktiver Schnitt\n- Geformte Panels f\u00fcr einen figurbetonten Stil\n- Verschiedene Rei\u00dfverschlusstaschen\n- Geeignet f\u00fcr Druck und Stickerei","nl":"Deze ademende softshell biedt een effectieve bescherming tegen wind en vocht. Zijn meerlagige constructie biedt comfort en vrijheid van beweging. Het rekbare weefsel en de actieve snit zorgen voor een grote beweeglijkheid. Dit kledingstuk is ontworpen om te worden gepersonaliseerd, met name door het aanbrengen van stikken, om zo aan je brandingbehoeften te voldoen. Het beschikt over meerdere ritszakken voor praktisch opslag. Deze softshell is geschikt voor verschillende activiteiten en biedt een uitstekende prijs-kwaliteitverhouding.\n\n- Buitenlaag: 93 % polyester, 7 % Spandex\n- Middellaag: ademende TPU-membraan\n- Binnenlaag: microfibre fleece\n- Winddicht, waterdicht en ademend\n- Zacht en zeer rekbaar weefsel\n- Comfortabele actieve snit\n- Vormsneden panelen om een strakke stijl te cre\u00ebren\n- Verschillende ritszakken\n- Geschikt voor druk en stikken","es":"Esta chaqueta de softshell transpirable ofrece una protecci\u00f3n eficaz contra el viento y la humedad. Su dise\u00f1o de varias capas asegura comodidad y libertad de movimiento. La tela el\u00e1stica y el corte activo permiten una gran facilidad. Esta prenda est\u00e1 dise\u00f1ada para ser personalizada, especialmente mediante bordado, para satisfacer sus necesidades de branding. Cuenta con varias bolsillos con cremallera para un almacenamiento pr\u00e1ctico. Esta chaqueta de softshell es adecuada para diversas actividades y ofrece una excelente relaci\u00f3n calidad-precio.\n\n- Capa exterior: 93 % poli\u00e9ster, 7 % Spandex\n- Capa intermedia: membrana transpirable TPU\n- Capa interior: polar de microfibra\n- Cortavientos, impermeable y transpirable\n- Tela muy el\u00e1stica\n- Corte activo c\u00f3modo\n- Paneles formados para crear un estilo ajustado\n- Diversos bolsillos con cremallera\n- Adecuado para impresi\u00f3n y bordado.","it":"Questo softshell traspirante offre una protezione efficace contro il vento e l'umidit\u00e0. La sua concezione a pi\u00f9 strati garantisce comfort e libert\u00e0 di movimento. Il tessuto elastico e il taglio attivo permettono una grande facilit\u00e0 di movimento. Questo abbigliamento \u00e8 progettato per essere personalizzato, in particolare con ricamo, per rispondere alle vostre esigenze di branding. Dispone di diverse tasche con cerniera per un pratico ripostiglio. Questo softshell \u00e8 adatto a varie attivit\u00e0 e offre un ottimo rapporto qualit\u00e0-prezzo.\n\n- Strato est: 93 % poliestere, 7 % Spandex\n- Strato intermedio: membrana traspirante TPU\n- Strato int: pile in microfibra\n- Antivento, impermeabile e traspirante\n- Tessuto molto elastico\n- Taglio attivo confortevole\n- Pannelli formati per creare uno stile adattato\n- Diverse tasche con cerniera\n- Adatto per stampa e ricamo","sv":"Denna andasande softshell erbjuder effektivt skydd mot vind och fukt. Dess flerskiktiga konstruktion s\u00e4kerst\u00e4ller komfort och r\u00f6relsefrihet. Det str\u00e4ckbara tyget och den aktiva passformen ger stor l\u00e4tthet. Denna kl\u00e4dsel \u00e4r designad f\u00f6r att anpassas, s\u00e4rskilt genom broderi, f\u00f6r att m\u00f6ta dina brandingbehov. Den har flera blixtl\u00e5sfickor f\u00f6r praktisk f\u00f6rvaring. Denna softshell \u00e4r l\u00e4mpad f\u00f6r olika aktiviteter och erbjuder ett utm\u00e4rkt kvalitets-pris-f\u00f6rh\u00e5llande.\n\n- Yttre skikt: 93 % polyester, 7 % Spandex\n- Mellanskikt: andande TPU-membran\n- Innre skikt: mikrofiberfoder\n- Vindt\u00e4tt, vattent\u00e4tt och andande\n- Mjukt och mycket str\u00e4ckbart tyg\n- Bekv\u00e4m aktiv passform\n- Formade paneler f\u00f6r en passformad stil\n- Olika blixtl\u00e5sfickor\n- L\u00e4mplig f\u00f6r tryck och broderi.","pt":"Esta jaqueta softshell respir\u00e1vel oferece prote\u00e7\u00e3o eficaz contra o vento e a umidade. Sua concep\u00e7\u00e3o em v\u00e1rias camadas garante conforto e liberdade de movimento. O tecido el\u00e1stico e o corte ativo permitem uma grande facilidade de movimento. Esta vestimenta \u00e9 concebida para ser personalizada, nomeadamente por bordado, para responder \u00e0s suas necessidades de branding. Possui v\u00e1rias bolsas com z\u00edper para um armazenamento pr\u00e1tico. Esta jaqueta softshell \u00e9 adequada para diversas atividades e oferece uma excelente rela\u00e7\u00e3o qualidade-pre\u00e7o.\n\n- Camada ext: 93 % poli\u00e9ster, 7 % Spandex\n- Camada intermedi\u00e1ria: membrana respir\u00e1vel TPU\n- Camada int: polar de microfibra\n- Corta-vento, imperme\u00e1vel e respir\u00e1vel\n- Tecido macio muito el\u00e1stico\n- Corte ativo confort\u00e1vel\n- Pain\u00e9is formados para criar um estilo ajustado\n- Diversas bolsas com z\u00edper\n- Adequado para impress\u00e3o e bordado","da":"Dette \u00e5ndbare softshell tilbyder effektiv beskyttelse mod vind og fugt. Dens flerklagede konstruktion sikrer komfort og bev\u00e6gelsesfrihed. Det elastiske stof og den aktive sk\u00e6ring giver stor bev\u00e6gelsesfrihed. Dette t\u00f8j er designet til at blive personliggjort, is\u00e6r ved brodering, for at im\u00f8dekomme jeres brandingbehov. Det har flere lomme med lystr\u00e6k til praktisk opbevaring. Dette softshell er velegnet til forskellige aktiviteter og tilbyder et fremragende forhold mellem pris og ydelse.\n\n- Ydre lag: 93 % polyester, 7 % Spandex\n- Mellomlag: \u00c5ndbar TPU-membran\n- Indre lag: mikrofibre polstring\n- Vindt\u00e6t, vandafvisende og \u00e5ndbart\n- Bl\u00f8dt, meget str\u00e6kbart stof\n- Komfortabel aktiv sk\u00e6ring\n- Formede paneler for at skabe en justeret stil\n- Forskellige lommer med lystr\u00e6k\n- Egnet til tryk og brodering","pl":"Ta oddychaj\u0105ca kurtka softshell zapewnia skuteczn\u0105 ochron\u0119 przed wiatrem i wilgoci\u0105. Jej wielowarstwowa konstrukcja zapewnia komfort i swobod\u0119 ruchu. Elastyczny materia\u0142 i aktywna krojka gwarantuj\u0105 du\u017c\u0105 swobod\u0119. Ten ubi\u00f3r zosta\u0142 zaprojektowany do personalizacji, w szczeg\u00f3lno\u015bci przez haft, aby spe\u0142ni\u0107 Twoje potrzeby brandingowe. Dispone de varias bolsillos con cremallera para un almacenamiento pr\u00e1ctico. Ta kurtka softshell jest odpowiednia dla r\u00f3\u017cnych aktywno\u015bci i oferuje doskona\u0142\u0105 relacj\u0119 jako\u015bci do ceny.\n\n- Warstwa zewn\u0119trzna: 93 % poliesteru, 7 % Spandexu\n- Warstwa mi\u0119dzywarstwowa: oddychaj\u0105ca membrana TPU\n- Warstwa wewn\u0119trzna: polar microfibre\n- Odporna na wiatr, wodoodporna i oddychaj\u0105ca\n- Bardzo elastyczny materia\u0142\n- Aktywna, wygodna krojka\n- Panele formowane, aby stworzy\u0107 styl dopasowany\n- R\u00f3\u017cne kieszenie na zamek b\u0142yskawiczny\n- Nadaje si\u0119 do druku i haftu."},"h1":{"fr":"Classic soft shell jacket personnalisation r121","en":"Classic soft shell jacket customization r121","de":"Classic Softshelljacke Personalisierung r121","nl":"Classic soft shell jacket personalisatie r121","es":"Chaqueta Classic soft shell personalizaci\u00f3n r121","it":"Giacca softshell classica personalizzazione r121","sv":"Classic soft shell jacka anpassning r121","pt":"Jaqueta cl\u00e1ssica de soft shell personaliza\u00e7\u00e3o r121","da":"Classic softshell jakke personligg\u00f8relse r121","pl":"Klasyczna kurtka softshell personalizacja r121"},"meta_description":{"fr":"V\u00eatement softshell respirant RESULT. Imperm\u00e9able, coupe-vent et confortable, id\u00e9al pour la personnalisation en broderie.","en":"Breathable softshell garment RESULT. Waterproof, windproof and comfortable, ideal for customization by embroidery.","de":"Atmungsaktive Softshell RESULT. Wasserdicht, winddicht und bequem, ideal f\u00fcr die Personalisierung durch Stickerei.","nl":"Ademende RESULT softshell kleding. Waterdicht, winddicht en comfortabel, ideaal voor personalisatie met stikken.","es":"Ropa de softshell transpirable RESULT. Impermeable, cortavientos y c\u00f3moda, ideal para la personalizaci\u00f3n en bordado.","it":"Abbigliamento softshell traspirante RESULT. Impermeabile, antivento e confortevole, ideale per la personalizzazione con ricamo.","sv":"Andasande softshellkl\u00e4der RESULT. Vattent\u00e4t, vindt\u00e4tt och bekv\u00e4mt, idealiskt f\u00f6r broderi anpassning.","pt":"Vestu\u00e1rio softshell respir\u00e1vel RESULT. Imperme\u00e1vel, corta-vento e confort\u00e1vel, ideal para personaliza\u00e7\u00e3o em bordado.","da":"\u00c5ndbart softshell t\u00f8j RESULT. Vandafvisende, vindt\u00e6t og komfortabelt, ideelt til personligg\u00f8relse ved brodering.","pl":"Oddychaj\u0105ca odzie\u017c softshell RESULT. Niewidoczna, odporna na wiatr i wygodna, idealna do personalizacji przez haft."}}},"categories":[{"id":328,"name":"Softshells","singular":"Softshell","is_feminin":false},{"id":13,"name":"Vestes et manteaux","singular":"Veste et manteau","is_feminin":true},{"id":354,"name":"Textile","singular":"Textile","is_feminin":false}],"certifications":[],"videos":{"fr":[],"en":[],"de":[],"nl":[],"es":[],"it":[],"sv":[],"pt":[],"da":[],"pl":[]},"main_images":{"miniature":"https:\/\/media.th4.com\/XCpp1gJvkp5kvZPJ8vvQG25Fy2EO4j21VhjH39eIUHk\/pr:80\/aHR0cDovL21lZGlhMi5kZXNpZ25wYXJ0bmVyLmZyL2MvcC1ibGFuay1USC8yMzA2LndlYnA?v=1769424881","medium":"https:\/\/media.th4.com\/z6NhBm06PHI4YZr3Z92KcM7AmnwiU93xpw7-fCYratg\/pr:550x550greybg\/aHR0cDovL21lZGlhMi5kZXNpZ25wYXJ0bmVyLmZyL2MvcC1ibGFuay1USC8yMzA2LndlYnA?v=1769424881","medium_large":"https:\/\/media.th4.com\/NSvDcRZ086e5QmnZ9omShEDqW7NU7li-F2WRKXVdATM\/pr:1000x1000greybg\/aHR0cDovL21lZGlhMi5kZXNpZ25wYXJ0bmVyLmZyL2MvcC1ibGFuay1USC8yMzA2LndlYnA?v=1769424881","large":"https:\/\/media.th4.com\/NTY2Ip7db-u7IkKVfZJm58RNdfY1u4F-jbMYku80How\/pr:1920greybg\/aHR0cDovL21lZGlhMi5kZXNpZ25wYXJ0bmVyLmZyL2MvcC1ibGFuay1USC8yMzA2LndlYnA?v=1769424881","opengraph":"https:\/\/media.th4.com\/Iqe3JBLu_IJskLSN1v3-HpvBCOddRtvDC97Hhstz6Bo\/pr:1200x630greybg\/aHR0cDovL21lZGlhMi5kZXNpZ25wYXJ0bmVyLmZyL2MvcC1ibGFuay1USC8yMzA2LndlYnA?v=1769424881"},"main_images_customization":{"miniature":"https:\/\/media.th4.com\/yZx257AhXr0pxPoAnLdRpK4NVchA13hPUBeCwkqC4h0\/pr:80\/aHR0cDovL21lZGlhMi5kZXNpZ25wYXJ0bmVyLmZyL2MvcC1jdXN0b20tVEgvMjMwNi53ZWJw?v=1769425046","medium":"https:\/\/media.th4.com\/jsqFI3VN9Giw3V7DoQ-TCvob5mOjp5l2aSYftN5Mo-c\/pr:550x550greybg\/aHR0cDovL21lZGlhMi5kZXNpZ25wYXJ0bmVyLmZyL2MvcC1jdXN0b20tVEgvMjMwNi53ZWJw?v=1769425046","medium_large":"https:\/\/media.th4.com\/s21UIrnboT9hcqVrlA1d3AhK01LMwUqTuWeuR6M5_40\/pr:1000x1000greybg\/aHR0cDovL21lZGlhMi5kZXNpZ25wYXJ0bmVyLmZyL2MvcC1jdXN0b20tVEgvMjMwNi53ZWJw?v=1769425046","large":"https:\/\/media.th4.com\/WATod2H4DtVxVhWjuy6beiVApgu-_yM2C5k8AUAcHbo\/pr:1920greybg\/aHR0cDovL21lZGlhMi5kZXNpZ25wYXJ0bmVyLmZyL2MvcC1jdXN0b20tVEgvMjMwNi53ZWJw?v=1769425046","opengraph":"https:\/\/media.th4.com\/z1PjPlYeQPOPvhF0Bs8CpXVt_EKAh2hRFH-wJM1cFsg\/pr:1200x630greybg\/aHR0cDovL21lZGlhMi5kZXNpZ25wYXJ0bmVyLmZyL2MvcC1jdXN0b20tVEgvMjMwNi53ZWJw?v=1769425046"},"page_links":{"fr":"\/fr\/p-re-r121m-classic-soft-shell-jacket-r121-2306\/","en":"\/en\/p-re-r121m-classic-soft-shell-jacket-r121-2306\/","de":"\/de\/p-re-r121m-classic-softshelljacke-r121-2306\/","nl":"\/nl\/p-re-r121m-classic-softshell-jas-r121-2306\/","es":"\/es\/p-re-r121m-chaqueta-softshell-clasica-r121-2306\/","it":"\/it\/p-re-r121m-giacca-a-shell-morbida-classica-r121-2306\/","sv":"\/sv\/p-re-r121m-classic-soft-shell-jacka-r121-2306\/","pt":"\/pt\/p-re-r121m-jaqueta-classic-soft-shell-r121-2306\/","da":"\/da\/p-re-r121m-classic-soft-shell-jakke-r121-2306\/","pl":"\/pl\/p-re-r121m-klasyczna-kurtka-soft-shell-r121-2306\/"},"page_links_customization":{"fr":"\/fr\/p-re-r121m-classic-soft-shell-jacket-personnalisation-r121-2306\/custom\/","en":"\/en\/p-re-r121m-classic-soft-shell-jacket-customization-r121-2306\/custom\/","de":"\/de\/p-re-r121m-classic-softshelljacke-personalisierung-r121-2306\/custom\/","nl":"\/nl\/p-re-r121m-classic-soft-shell-jacket-personalisatie-r121-2306\/custom\/","es":"\/es\/p-re-r121m-chaqueta-classic-soft-shell-personalizacion-r121-2306\/custom\/","it":"\/it\/p-re-r121m-giacca-softshell-classica-personalizzazione-r121-2306\/custom\/","sv":"\/sv\/p-re-r121m-classic-soft-shell-jacka-anpassning-r121-2306\/custom\/","pt":"\/pt\/p-re-r121m-jaqueta-classica-de-soft-shell-personalizacao-r121-2306\/custom\/","da":"\/da\/p-re-r121m-classic-softshell-jakke-personliggorelse-r121-2306\/custom\/","pl":"\/pl\/p-re-r121m-klasyczna-kurtka-softshell-personalizacja-r121-2306\/custom\/"},"equivalent_products":[],"colors":[{"id":22474,"name":"navy","class_ids":[2],"codes_hexa":["19286b"],"delai_24":false,"has_3d":false,"seuil_global":0,"stock_local":0,"stock_global":2552,"on_standby":false,"in_catalog":true,"images":{"miniature":["https:\/\/media.th4.com\/3Tq4Fv9LPkiv-yziCEsajgwpwS2_idiqu1T_iPlGyAc\/pr:80\/aHR0cDovL21lZGlhMi5kZXNpZ25wYXJ0bmVyLmZyL2MvcC8yMzA2LzIzMDYtMjI0NzQtMS53ZWJw?v=1769423646","https:\/\/media.th4.com\/i06Ydek9D2PAFTtw7nQisHHlVrznGlQJ1gmeKR50sHk\/pr:80\/aHR0cDovL21lZGlhMi5kZXNpZ25wYXJ0bmVyLmZyL2MvcC8yMzA2LzIzMDYtMjI0NzQtMi53ZWJw?v=1769423647"],"medium":["https:\/\/media.th4.com\/iKXUt0VuPbnqbtAdKfFRzToQwU6N3zl6ht04JHPHLy4\/pr:550x550\/aHR0cDovL21lZGlhMi5kZXNpZ25wYXJ0bmVyLmZyL2MvcC8yMzA2LzIzMDYtMjI0NzQtMS53ZWJw?v=1769423646","https:\/\/media.th4.com\/4DtSHjI68wbeMiwsa99kwfJPDGSPINS1ynhSQn1lS7A\/pr:550x550\/aHR0cDovL21lZGlhMi5kZXNpZ25wYXJ0bmVyLmZyL2MvcC8yMzA2LzIzMDYtMjI0NzQtMi53ZWJw?v=1769423647"],"medium_large":["https:\/\/media.th4.com\/YwIYJJW-677EIpDgbE82g4EgohhtJQQxpVvIRsvIIF4\/pr:1000x1000\/aHR0cDovL21lZGlhMi5kZXNpZ25wYXJ0bmVyLmZyL2MvcC8yMzA2LzIzMDYtMjI0NzQtMS53ZWJw?v=1769423646","https:\/\/media.th4.com\/fkyz1i4EvirRHhyQuvUjdcLpme2LSlRHGQ_DXERpF2w\/pr:1000x1000\/aHR0cDovL21lZGlhMi5kZXNpZ25wYXJ0bmVyLmZyL2MvcC8yMzA2LzIzMDYtMjI0NzQtMi53ZWJw?v=1769423647"],"large":["https:\/\/media.th4.com\/3m3tNUwztbjnpibrfT4YG_OaYlRNfxX_8_O50CKMkeU\/pr:1920\/aHR0cDovL21lZGlhMi5kZXNpZ25wYXJ0bmVyLmZyL2MvcC8yMzA2LzIzMDYtMjI0NzQtMS53ZWJw?v=1769423646","https:\/\/media.th4.com\/e6dgeCcbM9lP64SmqeO9QpuL1FkzTHj62BqZAD1Ldcg\/pr:1920\/aHR0cDovL21lZGlhMi5kZXNpZ25wYXJ0bmVyLmZyL2MvcC8yMzA2LzIzMDYtMjI0NzQtMi53ZWJw?v=1769423647"],"opengraph":["https:\/\/media.th4.com\/AQAmMYOOdPOWNRY7YBBOV9CKxIdSAK4RIBif1YjAqqs\/pr:1200x630\/aHR0cDovL21lZGlhMi5kZXNpZ25wYXJ0bmVyLmZyL2MvcC8yMzA2LzIzMDYtMjI0NzQtMS53ZWJw?v=1769423646","https:\/\/media.th4.com\/Chta-Irup8nqjwR7Z-jBtffW1nsgNdwAUE7oWaGDQIU\/pr:1200x630\/aHR0cDovL21lZGlhMi5kZXNpZ25wYXJ0bmVyLmZyL2MvcC8yMzA2LzIzMDYtMjI0NzQtMi53ZWJw?v=1769423647"]},"images_customization":{"miniature":["https:\/\/media.th4.com\/3Tq4Fv9LPkiv-yziCEsajgwpwS2_idiqu1T_iPlGyAc\/pr:80\/aHR0cDovL21lZGlhMi5kZXNpZ25wYXJ0bmVyLmZyL2MvcC8yMzA2LzIzMDYtMjI0NzQtMS53ZWJw?v=1769423646","https:\/\/media.th4.com\/i06Ydek9D2PAFTtw7nQisHHlVrznGlQJ1gmeKR50sHk\/pr:80\/aHR0cDovL21lZGlhMi5kZXNpZ25wYXJ0bmVyLmZyL2MvcC8yMzA2LzIzMDYtMjI0NzQtMi53ZWJw?v=1769423647"],"medium":["https:\/\/media.th4.com\/iKXUt0VuPbnqbtAdKfFRzToQwU6N3zl6ht04JHPHLy4\/pr:550x550\/aHR0cDovL21lZGlhMi5kZXNpZ25wYXJ0bmVyLmZyL2MvcC8yMzA2LzIzMDYtMjI0NzQtMS53ZWJw?v=1769423646","https:\/\/media.th4.com\/4DtSHjI68wbeMiwsa99kwfJPDGSPINS1ynhSQn1lS7A\/pr:550x550\/aHR0cDovL21lZGlhMi5kZXNpZ25wYXJ0bmVyLmZyL2MvcC8yMzA2LzIzMDYtMjI0NzQtMi53ZWJw?v=1769423647"],"medium_large":["https:\/\/media.th4.com\/YwIYJJW-677EIpDgbE82g4EgohhtJQQxpVvIRsvIIF4\/pr:1000x1000\/aHR0cDovL21lZGlhMi5kZXNpZ25wYXJ0bmVyLmZyL2MvcC8yMzA2LzIzMDYtMjI0NzQtMS53ZWJw?v=1769423646","https:\/\/media.th4.com\/fkyz1i4EvirRHhyQuvUjdcLpme2LSlRHGQ_DXERpF2w\/pr:1000x1000\/aHR0cDovL21lZGlhMi5kZXNpZ25wYXJ0bmVyLmZyL2MvcC8yMzA2LzIzMDYtMjI0NzQtMi53ZWJw?v=1769423647"],"large":["https:\/\/media.th4.com\/3m3tNUwztbjnpibrfT4YG_OaYlRNfxX_8_O50CKMkeU\/pr:1920\/aHR0cDovL21lZGlhMi5kZXNpZ25wYXJ0bmVyLmZyL2MvcC8yMzA2LzIzMDYtMjI0NzQtMS53ZWJw?v=1769423646","https:\/\/media.th4.com\/e6dgeCcbM9lP64SmqeO9QpuL1FkzTHj62BqZAD1Ldcg\/pr:1920\/aHR0cDovL21lZGlhMi5kZXNpZ25wYXJ0bmVyLmZyL2MvcC8yMzA2LzIzMDYtMjI0NzQtMi53ZWJw?v=1769423647"],"opengraph":["https:\/\/media.th4.com\/AQAmMYOOdPOWNRY7YBBOV9CKxIdSAK4RIBif1YjAqqs\/pr:1200x630\/aHR0cDovL21lZGlhMi5kZXNpZ25wYXJ0bmVyLmZyL2MvcC8yMzA2LzIzMDYtMjI0NzQtMS53ZWJw?v=1769423646","https:\/\/media.th4.com\/Chta-Irup8nqjwR7Z-jBtffW1nsgNdwAUE7oWaGDQIU\/pr:1200x630\/aHR0cDovL21lZGlhMi5kZXNpZ25wYXJ0bmVyLmZyL2MvcC8yMzA2LzIzMDYtMjI0NzQtMi53ZWJw?v=1769423647"]},"country_origin":"CN","traceability":{"manufacturing_country_id":null,"weaving_country_id":null,"dyeing_country_id":null},"sizes":[{"id":3,"article_id":63297,"class_id":3,"name":"S","on_standby":false,"stock_local":0,"stock_global":256,"multiple":1,"estimated_date_reassort":null,"is_destocking":false},{"id":2,"article_id":63298,"class_id":4,"name":"M","on_standby":false,"stock_local":0,"stock_global":564,"multiple":1,"estimated_date_reassort":null,"is_destocking":false},{"id":1,"article_id":63299,"class_id":5,"name":"L","on_standby":false,"stock_local":0,"stock_global":780,"multiple":1,"estimated_date_reassort":null,"is_destocking":false},{"id":4,"article_id":63300,"class_id":6,"name":"XL","on_standby":false,"stock_local":0,"stock_global":535,"multiple":1,"estimated_date_reassort":null,"is_destocking":false},{"id":1116,"article_id":246537,"class_id":7,"name":"2XL","on_standby":false,"stock_local":0,"stock_global":259,"multiple":1,"estimated_date_reassort":null,"is_destocking":false},{"id":1081,"article_id":236725,"class_id":8,"name":"3XL","on_standby":false,"stock_local":0,"stock_global":99,"multiple":1,"estimated_date_reassort":null,"is_destocking":false},{"id":16,"article_id":531377,"class_id":9,"name":"4XL","on_standby":false,"stock_local":0,"stock_global":59,"multiple":1,"estimated_date_reassort":null,"is_destocking":false}],"page_links":{"fr":"\/fr\/p-re-r121m-classic-soft-shell-jacket-r121-2306\/navy-22474\/","en":"\/en\/p-re-r121m-classic-soft-shell-jacket-r121-2306\/navy-22474\/","de":"\/de\/p-re-r121m-classic-softshelljacke-r121-2306\/navy-22474\/","nl":"\/nl\/p-re-r121m-classic-softshell-jas-r121-2306\/navy-22474\/","es":"\/es\/p-re-r121m-chaqueta-softshell-clasica-r121-2306\/navy-22474\/","it":"\/it\/p-re-r121m-giacca-a-shell-morbida-classica-r121-2306\/navy-22474\/","sv":"\/sv\/p-re-r121m-classic-soft-shell-jacka-r121-2306\/navy-22474\/","pt":"\/pt\/p-re-r121m-jaqueta-classic-soft-shell-r121-2306\/navy-22474\/","da":"\/da\/p-re-r121m-classic-soft-shell-jakke-r121-2306\/navy-22474\/","pl":"\/pl\/p-re-r121m-klasyczna-kurtka-soft-shell-r121-2306\/navy-22474\/"},"page_links_customization":{"fr":"\/fr\/p-re-r121m-classic-soft-shell-jacket-personnalisation-r121-2306\/navy-22474\/custom\/","en":"\/en\/p-re-r121m-classic-soft-shell-jacket-customization-r121-2306\/navy-22474\/custom\/","de":"\/de\/p-re-r121m-classic-softshelljacke-personalisierung-r121-2306\/navy-22474\/custom\/","nl":"\/nl\/p-re-r121m-classic-soft-shell-jacket-personalisatie-r121-2306\/navy-22474\/custom\/","es":"\/es\/p-re-r121m-chaqueta-classic-soft-shell-personalizacion-r121-2306\/navy-22474\/custom\/","it":"\/it\/p-re-r121m-giacca-softshell-classica-personalizzazione-r121-2306\/navy-22474\/custom\/","sv":"\/sv\/p-re-r121m-classic-soft-shell-jacka-anpassning-r121-2306\/navy-22474\/custom\/","pt":"\/pt\/p-re-r121m-jaqueta-classica-de-soft-shell-personalizacao-r121-2306\/navy-22474\/custom\/","da":"\/da\/p-re-r121m-classic-softshell-jakke-personliggorelse-r121-2306\/navy-22474\/custom\/","pl":"\/pl\/p-re-r121m-klasyczna-kurtka-softshell-personalizacja-r121-2306\/navy-22474\/custom\/"}},{"id":364,"name":"black","class_ids":[4],"codes_hexa":["1a1a18"],"delai_24":false,"has_3d":false,"seuil_global":0,"stock_local":0,"stock_global":1970,"on_standby":false,"in_catalog":true,"images":{"miniature":["https:\/\/media.th4.com\/bPDFHs2BLUCAPKKWt6tAjI4EqSLFf-umMub3tV3cOe8\/pr:80\/aHR0cDovL21lZGlhMi5kZXNpZ25wYXJ0bmVyLmZyL2MvcC8yMzA2LzIzMDYtMzY0LTEud2VicA?v=1769423644"],"medium":["https:\/\/media.th4.com\/neBtLieefTy4MJCUjubdPAziY8zGlgAomZpui9lnge8\/pr:550x550\/aHR0cDovL21lZGlhMi5kZXNpZ25wYXJ0bmVyLmZyL2MvcC8yMzA2LzIzMDYtMzY0LTEud2VicA?v=1769423644"],"medium_large":["https:\/\/media.th4.com\/lYnAjCMgdKrrkkiU8fQbM27Ra4zMVeCp0HI-C51npfk\/pr:1000x1000\/aHR0cDovL21lZGlhMi5kZXNpZ25wYXJ0bmVyLmZyL2MvcC8yMzA2LzIzMDYtMzY0LTEud2VicA?v=1769423644"],"large":["https:\/\/media.th4.com\/yVqZUItEB5O7KUjvVGbvd8NlnWah_vh0IjxihY7AwQ4\/pr:1920\/aHR0cDovL21lZGlhMi5kZXNpZ25wYXJ0bmVyLmZyL2MvcC8yMzA2LzIzMDYtMzY0LTEud2VicA?v=1769423644"],"opengraph":["https:\/\/media.th4.com\/8gl95yvGuZ9nRhZu6fQqVMIOzMwuWuNXZBAGVeB2Euw\/pr:1200x630\/aHR0cDovL21lZGlhMi5kZXNpZ25wYXJ0bmVyLmZyL2MvcC8yMzA2LzIzMDYtMzY0LTEud2VicA?v=1769423644"]},"images_customization":{"miniature":["https:\/\/media.th4.com\/bPDFHs2BLUCAPKKWt6tAjI4EqSLFf-umMub3tV3cOe8\/pr:80\/aHR0cDovL21lZGlhMi5kZXNpZ25wYXJ0bmVyLmZyL2MvcC8yMzA2LzIzMDYtMzY0LTEud2VicA?v=1769423644"],"medium":["https:\/\/media.th4.com\/neBtLieefTy4MJCUjubdPAziY8zGlgAomZpui9lnge8\/pr:550x550\/aHR0cDovL21lZGlhMi5kZXNpZ25wYXJ0bmVyLmZyL2MvcC8yMzA2LzIzMDYtMzY0LTEud2VicA?v=1769423644"],"medium_large":["https:\/\/media.th4.com\/lYnAjCMgdKrrkkiU8fQbM27Ra4zMVeCp0HI-C51npfk\/pr:1000x1000\/aHR0cDovL21lZGlhMi5kZXNpZ25wYXJ0bmVyLmZyL2MvcC8yMzA2LzIzMDYtMzY0LTEud2VicA?v=1769423644"],"large":["https:\/\/media.th4.com\/yVqZUItEB5O7KUjvVGbvd8NlnWah_vh0IjxihY7AwQ4\/pr:1920\/aHR0cDovL21lZGlhMi5kZXNpZ25wYXJ0bmVyLmZyL2MvcC8yMzA2LzIzMDYtMzY0LTEud2VicA?v=1769423644"],"opengraph":["https:\/\/media.th4.com\/8gl95yvGuZ9nRhZu6fQqVMIOzMwuWuNXZBAGVeB2Euw\/pr:1200x630\/aHR0cDovL21lZGlhMi5kZXNpZ25wYXJ0bmVyLmZyL2MvcC8yMzA2LzIzMDYtMzY0LTEud2VicA?v=1769423644"]},"country_origin":"CN","traceability":{"manufacturing_country_id":null,"weaving_country_id":null,"dyeing_country_id":null},"sizes":[{"id":3,"article_id":63287,"class_id":3,"name":"S","on_standby":false,"stock_local":0,"stock_global":153,"multiple":1,"estimated_date_reassort":null,"is_destocking":false},{"id":2,"article_id":63288,"class_id":4,"name":"M","on_standby":false,"stock_local":0,"stock_global":410,"multiple":1,"estimated_date_reassort":null,"is_destocking":false},{"id":1,"article_id":63289,"class_id":5,"name":"L","on_standby":false,"stock_local":0,"stock_global":486,"multiple":1,"estimated_date_reassort":null,"is_destocking":false},{"id":4,"article_id":63290,"class_id":6,"name":"XL","on_standby":false,"stock_local":0,"stock_global":425,"multiple":1,"estimated_date_reassort":null,"is_destocking":false},{"id":1116,"article_id":246535,"class_id":7,"name":"2XL","on_standby":false,"stock_local":0,"stock_global":218,"multiple":1,"estimated_date_reassort":null,"is_destocking":false},{"id":1081,"article_id":236724,"class_id":8,"name":"3XL","on_standby":false,"stock_local":0,"stock_global":150,"multiple":1,"estimated_date_reassort":null,"is_destocking":false},{"id":16,"article_id":531368,"class_id":9,"name":"4XL","on_standby":false,"stock_local":0,"stock_global":128,"multiple":1,"estimated_date_reassort":null,"is_destocking":false}],"page_links":{"fr":"\/fr\/p-re-r121m-classic-soft-shell-jacket-r121-2306\/black-364\/","en":"\/en\/p-re-r121m-classic-soft-shell-jacket-r121-2306\/black-364\/","de":"\/de\/p-re-r121m-classic-softshelljacke-r121-2306\/black-364\/","nl":"\/nl\/p-re-r121m-classic-softshell-jas-r121-2306\/black-364\/","es":"\/es\/p-re-r121m-chaqueta-softshell-clasica-r121-2306\/black-364\/","it":"\/it\/p-re-r121m-giacca-a-shell-morbida-classica-r121-2306\/black-364\/","sv":"\/sv\/p-re-r121m-classic-soft-shell-jacka-r121-2306\/black-364\/","pt":"\/pt\/p-re-r121m-jaqueta-classic-soft-shell-r121-2306\/black-364\/","da":"\/da\/p-re-r121m-classic-soft-shell-jakke-r121-2306\/black-364\/","pl":"\/pl\/p-re-r121m-klasyczna-kurtka-soft-shell-r121-2306\/black-364\/"},"page_links_customization":{"fr":"\/fr\/p-re-r121m-classic-soft-shell-jacket-personnalisation-r121-2306\/black-364\/custom\/","en":"\/en\/p-re-r121m-classic-soft-shell-jacket-customization-r121-2306\/black-364\/custom\/","de":"\/de\/p-re-r121m-classic-softshelljacke-personalisierung-r121-2306\/black-364\/custom\/","nl":"\/nl\/p-re-r121m-classic-soft-shell-jacket-personalisatie-r121-2306\/black-364\/custom\/","es":"\/es\/p-re-r121m-chaqueta-classic-soft-shell-personalizacion-r121-2306\/black-364\/custom\/","it":"\/it\/p-re-r121m-giacca-softshell-classica-personalizzazione-r121-2306\/black-364\/custom\/","sv":"\/sv\/p-re-r121m-classic-soft-shell-jacka-anpassning-r121-2306\/black-364\/custom\/","pt":"\/pt\/p-re-r121m-jaqueta-classica-de-soft-shell-personalizacao-r121-2306\/black-364\/custom\/","da":"\/da\/p-re-r121m-classic-softshell-jakke-personliggorelse-r121-2306\/black-364\/custom\/","pl":"\/pl\/p-re-r121m-klasyczna-kurtka-softshell-personalizacja-r121-2306\/black-364\/custom\/"}},{"id":25008,"name":"workguard_grey","class_ids":[3],"codes_hexa":["868686"],"delai_24":false,"has_3d":false,"seuil_global":0,"stock_local":0,"stock_global":636,"on_standby":false,"in_catalog":true,"images":{"miniature":["https:\/\/media.th4.com\/MFmDLdiUQ9s0puK3-Xh4vAxlar4StUYJi4UXiNvuicQ\/pr:80\/aHR0cDovL21lZGlhMi5kZXNpZ25wYXJ0bmVyLmZyL2MvcC8yMzA2LzIzMDYtMjUwMDgtMS53ZWJw?v=1769423648"],"medium":["https:\/\/media.th4.com\/EwFw5yf3TGo5pMfXN4nlyiptC-PsD59SKA6ihVdbmvo\/pr:550x550\/aHR0cDovL21lZGlhMi5kZXNpZ25wYXJ0bmVyLmZyL2MvcC8yMzA2LzIzMDYtMjUwMDgtMS53ZWJw?v=1769423648"],"medium_large":["https:\/\/media.th4.com\/epMtfZYhoKHD2D9arEpJw01uBswhTDc0b-8hm1rGbOs\/pr:1000x1000\/aHR0cDovL21lZGlhMi5kZXNpZ25wYXJ0bmVyLmZyL2MvcC8yMzA2LzIzMDYtMjUwMDgtMS53ZWJw?v=1769423648"],"large":["https:\/\/media.th4.com\/-N9NX83sysSp9cjd12Z403F29mCQvW__Dvul7fc5kRE\/pr:1920\/aHR0cDovL21lZGlhMi5kZXNpZ25wYXJ0bmVyLmZyL2MvcC8yMzA2LzIzMDYtMjUwMDgtMS53ZWJw?v=1769423648"],"opengraph":["https:\/\/media.th4.com\/s6tX6kEBnvfocdwy6Qi90IP-r6ml_Udx6hUcAjWud1M\/pr:1200x630\/aHR0cDovL21lZGlhMi5kZXNpZ25wYXJ0bmVyLmZyL2MvcC8yMzA2LzIzMDYtMjUwMDgtMS53ZWJw?v=1769423648"]},"images_customization":{"miniature":["https:\/\/media.th4.com\/MFmDLdiUQ9s0puK3-Xh4vAxlar4StUYJi4UXiNvuicQ\/pr:80\/aHR0cDovL21lZGlhMi5kZXNpZ25wYXJ0bmVyLmZyL2MvcC8yMzA2LzIzMDYtMjUwMDgtMS53ZWJw?v=1769423648"],"medium":["https:\/\/media.th4.com\/EwFw5yf3TGo5pMfXN4nlyiptC-PsD59SKA6ihVdbmvo\/pr:550x550\/aHR0cDovL21lZGlhMi5kZXNpZ25wYXJ0bmVyLmZyL2MvcC8yMzA2LzIzMDYtMjUwMDgtMS53ZWJw?v=1769423648"],"medium_large":["https:\/\/media.th4.com\/epMtfZYhoKHD2D9arEpJw01uBswhTDc0b-8hm1rGbOs\/pr:1000x1000\/aHR0cDovL21lZGlhMi5kZXNpZ25wYXJ0bmVyLmZyL2MvcC8yMzA2LzIzMDYtMjUwMDgtMS53ZWJw?v=1769423648"],"large":["https:\/\/media.th4.com\/-N9NX83sysSp9cjd12Z403F29mCQvW__Dvul7fc5kRE\/pr:1920\/aHR0cDovL21lZGlhMi5kZXNpZ25wYXJ0bmVyLmZyL2MvcC8yMzA2LzIzMDYtMjUwMDgtMS53ZWJw?v=1769423648"],"opengraph":["https:\/\/media.th4.com\/s6tX6kEBnvfocdwy6Qi90IP-r6ml_Udx6hUcAjWud1M\/pr:1200x630\/aHR0cDovL21lZGlhMi5kZXNpZ25wYXJ0bmVyLmZyL2MvcC8yMzA2LzIzMDYtMjUwMDgtMS53ZWJw?v=1769423648"]},"country_origin":"CN","traceability":{"manufacturing_country_id":null,"weaving_country_id":null,"dyeing_country_id":null},"sizes":[{"id":3,"article_id":531369,"class_id":3,"name":"S","on_standby":false,"stock_local":0,"stock_global":54,"multiple":1,"estimated_date_reassort":null,"is_destocking":false},{"id":2,"article_id":531370,"class_id":4,"name":"M","on_standby":false,"stock_local":0,"stock_global":160,"multiple":1,"estimated_date_reassort":null,"is_destocking":false},{"id":1,"article_id":531371,"class_id":5,"name":"L","on_standby":false,"stock_local":0,"stock_global":149,"multiple":1,"estimated_date_reassort":null,"is_destocking":false},{"id":4,"article_id":531372,"class_id":6,"name":"XL","on_standby":false,"stock_local":0,"stock_global":134,"multiple":1,"estimated_date_reassort":null,"is_destocking":false},{"id":1116,"article_id":531373,"class_id":7,"name":"2XL","on_standby":false,"stock_local":0,"stock_global":60,"multiple":1,"estimated_date_reassort":null,"is_destocking":false},{"id":1081,"article_id":531374,"class_id":8,"name":"3XL","on_standby":false,"stock_local":0,"stock_global":63,"multiple":1,"estimated_date_reassort":null,"is_destocking":false},{"id":16,"article_id":531375,"class_id":9,"name":"4XL","on_standby":false,"stock_local":0,"stock_global":16,"multiple":1,"estimated_date_reassort":null,"is_destocking":false}],"page_links":{"fr":"\/fr\/p-re-r121m-classic-soft-shell-jacket-r121-2306\/workguard-grey-25008\/","en":"\/en\/p-re-r121m-classic-soft-shell-jacket-r121-2306\/workguard-grey-25008\/","de":"\/de\/p-re-r121m-classic-softshelljacke-r121-2306\/workguard-grey-25008\/","nl":"\/nl\/p-re-r121m-classic-softshell-jas-r121-2306\/workguard-grey-25008\/","es":"\/es\/p-re-r121m-chaqueta-softshell-clasica-r121-2306\/workguard-grey-25008\/","it":"\/it\/p-re-r121m-giacca-a-shell-morbida-classica-r121-2306\/workguard-grey-25008\/","sv":"\/sv\/p-re-r121m-classic-soft-shell-jacka-r121-2306\/workguard-grey-25008\/","pt":"\/pt\/p-re-r121m-jaqueta-classic-soft-shell-r121-2306\/workguard-grey-25008\/","da":"\/da\/p-re-r121m-classic-soft-shell-jakke-r121-2306\/workguard-grey-25008\/","pl":"\/pl\/p-re-r121m-klasyczna-kurtka-soft-shell-r121-2306\/workguard-grey-25008\/"},"page_links_customization":{"fr":"\/fr\/p-re-r121m-classic-soft-shell-jacket-personnalisation-r121-2306\/workguard-grey-25008\/custom\/","en":"\/en\/p-re-r121m-classic-soft-shell-jacket-customization-r121-2306\/workguard-grey-25008\/custom\/","de":"\/de\/p-re-r121m-classic-softshelljacke-personalisierung-r121-2306\/workguard-grey-25008\/custom\/","nl":"\/nl\/p-re-r121m-classic-soft-shell-jacket-personalisatie-r121-2306\/workguard-grey-25008\/custom\/","es":"\/es\/p-re-r121m-chaqueta-classic-soft-shell-personalizacion-r121-2306\/workguard-grey-25008\/custom\/","it":"\/it\/p-re-r121m-giacca-softshell-classica-personalizzazione-r121-2306\/workguard-grey-25008\/custom\/","sv":"\/sv\/p-re-r121m-classic-soft-shell-jacka-anpassning-r121-2306\/workguard-grey-25008\/custom\/","pt":"\/pt\/p-re-r121m-jaqueta-classica-de-soft-shell-personalizacao-r121-2306\/workguard-grey-25008\/custom\/","da":"\/da\/p-re-r121m-classic-softshell-jakke-personliggorelse-r121-2306\/workguard-grey-25008\/custom\/","pl":"\/pl\/p-re-r121m-klasyczna-kurtka-softshell-personalizacja-r121-2306\/workguard-grey-25008\/custom\/"}},{"id":25007,"name":"bottle","class_ids":[5],"codes_hexa":["004516"],"delai_24":false,"has_3d":false,"seuil_global":0,"stock_local":0,"stock_global":527,"on_standby":false,"in_catalog":true,"images":{"miniature":["https:\/\/media.th4.com\/gLADwNsZQ4t14T3vjvypr_U0Dehoq0gt_Fs8UAoOMSE\/pr:80\/aHR0cDovL21lZGlhMi5kZXNpZ25wYXJ0bmVyLmZyL2MvcC8yMzA2LzIzMDYtMjUwMDctMS53ZWJw?v=1769423644"],"medium":["https:\/\/media.th4.com\/tEOm7B2SVRfo7T9zlT52Eh3vQIIzinctUTfySJCWbdo\/pr:550x550\/aHR0cDovL21lZGlhMi5kZXNpZ25wYXJ0bmVyLmZyL2MvcC8yMzA2LzIzMDYtMjUwMDctMS53ZWJw?v=1769423644"],"medium_large":["https:\/\/media.th4.com\/MzBumZ4_8vyqgfcwq_edUPyUbZfusXAsVaJLR6koctw\/pr:1000x1000\/aHR0cDovL21lZGlhMi5kZXNpZ25wYXJ0bmVyLmZyL2MvcC8yMzA2LzIzMDYtMjUwMDctMS53ZWJw?v=1769423644"],"large":["https:\/\/media.th4.com\/Xa4pbwq_Y1_xK0D5vxCUtjQH8dzmH5lolgObIvKcsKQ\/pr:1920\/aHR0cDovL21lZGlhMi5kZXNpZ25wYXJ0bmVyLmZyL2MvcC8yMzA2LzIzMDYtMjUwMDctMS53ZWJw?v=1769423644"],"opengraph":["https:\/\/media.th4.com\/S9f0JCr-tfClwTHFWQgQE8wJe7JPlGqgbsOuGMklTlg\/pr:1200x630\/aHR0cDovL21lZGlhMi5kZXNpZ25wYXJ0bmVyLmZyL2MvcC8yMzA2LzIzMDYtMjUwMDctMS53ZWJw?v=1769423644"]},"images_customization":{"miniature":["https:\/\/media.th4.com\/gLADwNsZQ4t14T3vjvypr_U0Dehoq0gt_Fs8UAoOMSE\/pr:80\/aHR0cDovL21lZGlhMi5kZXNpZ25wYXJ0bmVyLmZyL2MvcC8yMzA2LzIzMDYtMjUwMDctMS53ZWJw?v=1769423644"],"medium":["https:\/\/media.th4.com\/tEOm7B2SVRfo7T9zlT52Eh3vQIIzinctUTfySJCWbdo\/pr:550x550\/aHR0cDovL21lZGlhMi5kZXNpZ25wYXJ0bmVyLmZyL2MvcC8yMzA2LzIzMDYtMjUwMDctMS53ZWJw?v=1769423644"],"medium_large":["https:\/\/media.th4.com\/MzBumZ4_8vyqgfcwq_edUPyUbZfusXAsVaJLR6koctw\/pr:1000x1000\/aHR0cDovL21lZGlhMi5kZXNpZ25wYXJ0bmVyLmZyL2MvcC8yMzA2LzIzMDYtMjUwMDctMS53ZWJw?v=1769423644"],"large":["https:\/\/media.th4.com\/Xa4pbwq_Y1_xK0D5vxCUtjQH8dzmH5lolgObIvKcsKQ\/pr:1920\/aHR0cDovL21lZGlhMi5kZXNpZ25wYXJ0bmVyLmZyL2MvcC8yMzA2LzIzMDYtMjUwMDctMS53ZWJw?v=1769423644"],"opengraph":["https:\/\/media.th4.com\/S9f0JCr-tfClwTHFWQgQE8wJe7JPlGqgbsOuGMklTlg\/pr:1200x630\/aHR0cDovL21lZGlhMi5kZXNpZ25wYXJ0bmVyLmZyL2MvcC8yMzA2LzIzMDYtMjUwMDctMS53ZWJw?v=1769423644"]},"country_origin":"CN","traceability":{"manufacturing_country_id":null,"weaving_country_id":null,"dyeing_country_id":null},"sizes":[{"id":3,"article_id":531383,"class_id":3,"name":"S","on_standby":false,"stock_local":0,"stock_global":37,"multiple":1,"estimated_date_reassort":null,"is_destocking":false},{"id":2,"article_id":531384,"class_id":4,"name":"M","on_standby":false,"stock_local":0,"stock_global":72,"multiple":1,"estimated_date_reassort":null,"is_destocking":false},{"id":1,"article_id":531385,"class_id":5,"name":"L","on_standby":false,"stock_local":0,"stock_global":119,"multiple":1,"estimated_date_reassort":null,"is_destocking":false},{"id":4,"article_id":531386,"class_id":6,"name":"XL","on_standby":false,"stock_local":0,"stock_global":130,"multiple":1,"estimated_date_reassort":null,"is_destocking":false},{"id":1116,"article_id":531387,"class_id":7,"name":"2XL","on_standby":false,"stock_local":0,"stock_global":87,"multiple":1,"estimated_date_reassort":null,"is_destocking":false},{"id":1081,"article_id":531388,"class_id":8,"name":"3XL","on_standby":false,"stock_local":0,"stock_global":68,"multiple":1,"estimated_date_reassort":null,"is_destocking":false},{"id":16,"article_id":531389,"class_id":9,"name":"4XL","on_standby":false,"stock_local":0,"stock_global":14,"multiple":1,"estimated_date_reassort":null,"is_destocking":false}],"page_links":{"fr":"\/fr\/p-re-r121m-classic-soft-shell-jacket-r121-2306\/bottle-25007\/","en":"\/en\/p-re-r121m-classic-soft-shell-jacket-r121-2306\/bottle-25007\/","de":"\/de\/p-re-r121m-classic-softshelljacke-r121-2306\/bottle-25007\/","nl":"\/nl\/p-re-r121m-classic-softshell-jas-r121-2306\/bottle-25007\/","es":"\/es\/p-re-r121m-chaqueta-softshell-clasica-r121-2306\/bottle-25007\/","it":"\/it\/p-re-r121m-giacca-a-shell-morbida-classica-r121-2306\/bottle-25007\/","sv":"\/sv\/p-re-r121m-classic-soft-shell-jacka-r121-2306\/bottle-25007\/","pt":"\/pt\/p-re-r121m-jaqueta-classic-soft-shell-r121-2306\/bottle-25007\/","da":"\/da\/p-re-r121m-classic-soft-shell-jakke-r121-2306\/bottle-25007\/","pl":"\/pl\/p-re-r121m-klasyczna-kurtka-soft-shell-r121-2306\/bottle-25007\/"},"page_links_customization":{"fr":"\/fr\/p-re-r121m-classic-soft-shell-jacket-personnalisation-r121-2306\/bottle-25007\/custom\/","en":"\/en\/p-re-r121m-classic-soft-shell-jacket-customization-r121-2306\/bottle-25007\/custom\/","de":"\/de\/p-re-r121m-classic-softshelljacke-personalisierung-r121-2306\/bottle-25007\/custom\/","nl":"\/nl\/p-re-r121m-classic-soft-shell-jacket-personalisatie-r121-2306\/bottle-25007\/custom\/","es":"\/es\/p-re-r121m-chaqueta-classic-soft-shell-personalizacion-r121-2306\/bottle-25007\/custom\/","it":"\/it\/p-re-r121m-giacca-softshell-classica-personalizzazione-r121-2306\/bottle-25007\/custom\/","sv":"\/sv\/p-re-r121m-classic-soft-shell-jacka-anpassning-r121-2306\/bottle-25007\/custom\/","pt":"\/pt\/p-re-r121m-jaqueta-classica-de-soft-shell-personalizacao-r121-2306\/bottle-25007\/custom\/","da":"\/da\/p-re-r121m-classic-softshell-jakke-personliggorelse-r121-2306\/bottle-25007\/custom\/","pl":"\/pl\/p-re-r121m-klasyczna-kurtka-softshell-personalizacja-r121-2306\/bottle-25007\/custom\/"}},{"id":2423,"name":"grey","class_ids":[3],"codes_hexa":["595e61"],"delai_24":false,"has_3d":false,"seuil_global":0,"stock_local":0,"stock_global":452,"on_standby":false,"in_catalog":true,"images":{"miniature":["https:\/\/media.th4.com\/WVhAWw6_7-hlZpHMm7lGS42RG1LvtiEoVuWYKDieRaA\/pr:80\/aHR0cDovL21lZGlhMi5kZXNpZ25wYXJ0bmVyLmZyL2MvcC8yMzA2LzIzMDYtMjQyMy0xLndlYnA?v=1769423645"],"medium":["https:\/\/media.th4.com\/RM4CNBBgy-YZxnWyUJvyqO2Em1GnCujDWTO83FXkV7g\/pr:550x550\/aHR0cDovL21lZGlhMi5kZXNpZ25wYXJ0bmVyLmZyL2MvcC8yMzA2LzIzMDYtMjQyMy0xLndlYnA?v=1769423645"],"medium_large":["https:\/\/media.th4.com\/TjfmNLGyxQc60LjRhpUXqAIt5XRF4wCigSprRm-bVSY\/pr:1000x1000\/aHR0cDovL21lZGlhMi5kZXNpZ25wYXJ0bmVyLmZyL2MvcC8yMzA2LzIzMDYtMjQyMy0xLndlYnA?v=1769423645"],"large":["https:\/\/media.th4.com\/feyLZWI8H7-o7Mq3ny9lhw98jExoAFc-ixc8tP25Wow\/pr:1920\/aHR0cDovL21lZGlhMi5kZXNpZ25wYXJ0bmVyLmZyL2MvcC8yMzA2LzIzMDYtMjQyMy0xLndlYnA?v=1769423645"],"opengraph":["https:\/\/media.th4.com\/NacYhg98AHX7gzvrI5Ew4X1L3YT1oxbw0NU8kirlN18\/pr:1200x630\/aHR0cDovL21lZGlhMi5kZXNpZ25wYXJ0bmVyLmZyL2MvcC8yMzA2LzIzMDYtMjQyMy0xLndlYnA?v=1769423645"]},"images_customization":{"miniature":["https:\/\/media.th4.com\/WVhAWw6_7-hlZpHMm7lGS42RG1LvtiEoVuWYKDieRaA\/pr:80\/aHR0cDovL21lZGlhMi5kZXNpZ25wYXJ0bmVyLmZyL2MvcC8yMzA2LzIzMDYtMjQyMy0xLndlYnA?v=1769423645"],"medium":["https:\/\/media.th4.com\/RM4CNBBgy-YZxnWyUJvyqO2Em1GnCujDWTO83FXkV7g\/pr:550x550\/aHR0cDovL21lZGlhMi5kZXNpZ25wYXJ0bmVyLmZyL2MvcC8yMzA2LzIzMDYtMjQyMy0xLndlYnA?v=1769423645"],"medium_large":["https:\/\/media.th4.com\/TjfmNLGyxQc60LjRhpUXqAIt5XRF4wCigSprRm-bVSY\/pr:1000x1000\/aHR0cDovL21lZGlhMi5kZXNpZ25wYXJ0bmVyLmZyL2MvcC8yMzA2LzIzMDYtMjQyMy0xLndlYnA?v=1769423645"],"large":["https:\/\/media.th4.com\/feyLZWI8H7-o7Mq3ny9lhw98jExoAFc-ixc8tP25Wow\/pr:1920\/aHR0cDovL21lZGlhMi5kZXNpZ25wYXJ0bmVyLmZyL2MvcC8yMzA2LzIzMDYtMjQyMy0xLndlYnA?v=1769423645"],"opengraph":["https:\/\/media.th4.com\/NacYhg98AHX7gzvrI5Ew4X1L3YT1oxbw0NU8kirlN18\/pr:1200x630\/aHR0cDovL21lZGlhMi5kZXNpZ25wYXJ0bmVyLmZyL2MvcC8yMzA2LzIzMDYtMjQyMy0xLndlYnA?v=1769423645"]},"country_origin":"CN","traceability":{"manufacturing_country_id":null,"weaving_country_id":null,"dyeing_country_id":null},"sizes":[{"id":3,"article_id":63292,"class_id":3,"name":"S","on_standby":false,"stock_local":0,"stock_global":69,"multiple":1,"estimated_date_reassort":null,"is_destocking":false},{"id":2,"article_id":63293,"class_id":4,"name":"M","on_standby":false,"stock_local":0,"stock_global":96,"multiple":1,"estimated_date_reassort":null,"is_destocking":false},{"id":1,"article_id":63294,"class_id":5,"name":"L","on_standby":false,"stock_local":0,"stock_global":114,"multiple":1,"estimated_date_reassort":null,"is_destocking":false},{"id":4,"article_id":63295,"class_id":6,"name":"XL","on_standby":false,"stock_local":0,"stock_global":88,"multiple":1,"estimated_date_reassort":null,"is_destocking":false},{"id":1116,"article_id":246536,"class_id":7,"name":"2XL","on_standby":false,"stock_local":0,"stock_global":50,"multiple":1,"estimated_date_reassort":null,"is_destocking":false},{"id":1081,"article_id":531376,"class_id":8,"name":"3XL","on_standby":false,"stock_local":0,"stock_global":35,"multiple":1,"estimated_date_reassort":null,"is_destocking":false}],"page_links":{"fr":"\/fr\/p-re-r121m-classic-soft-shell-jacket-r121-2306\/grey-2423\/","en":"\/en\/p-re-r121m-classic-soft-shell-jacket-r121-2306\/grey-2423\/","de":"\/de\/p-re-r121m-classic-softshelljacke-r121-2306\/grey-2423\/","nl":"\/nl\/p-re-r121m-classic-softshell-jas-r121-2306\/grey-2423\/","es":"\/es\/p-re-r121m-chaqueta-softshell-clasica-r121-2306\/grey-2423\/","it":"\/it\/p-re-r121m-giacca-a-shell-morbida-classica-r121-2306\/grey-2423\/","sv":"\/sv\/p-re-r121m-classic-soft-shell-jacka-r121-2306\/grey-2423\/","pt":"\/pt\/p-re-r121m-jaqueta-classic-soft-shell-r121-2306\/grey-2423\/","da":"\/da\/p-re-r121m-classic-soft-shell-jakke-r121-2306\/grey-2423\/","pl":"\/pl\/p-re-r121m-klasyczna-kurtka-soft-shell-r121-2306\/grey-2423\/"},"page_links_customization":{"fr":"\/fr\/p-re-r121m-classic-soft-shell-jacket-personnalisation-r121-2306\/grey-2423\/custom\/","en":"\/en\/p-re-r121m-classic-soft-shell-jacket-customization-r121-2306\/grey-2423\/custom\/","de":"\/de\/p-re-r121m-classic-softshelljacke-personalisierung-r121-2306\/grey-2423\/custom\/","nl":"\/nl\/p-re-r121m-classic-soft-shell-jacket-personalisatie-r121-2306\/grey-2423\/custom\/","es":"\/es\/p-re-r121m-chaqueta-classic-soft-shell-personalizacion-r121-2306\/grey-2423\/custom\/","it":"\/it\/p-re-r121m-giacca-softshell-classica-personalizzazione-r121-2306\/grey-2423\/custom\/","sv":"\/sv\/p-re-r121m-classic-soft-shell-jacka-anpassning-r121-2306\/grey-2423\/custom\/","pt":"\/pt\/p-re-r121m-jaqueta-classica-de-soft-shell-personalizacao-r121-2306\/grey-2423\/custom\/","da":"\/da\/p-re-r121m-classic-softshell-jakke-personliggorelse-r121-2306\/grey-2423\/custom\/","pl":"\/pl\/p-re-r121m-klasyczna-kurtka-softshell-personalizacja-r121-2306\/grey-2423\/custom\/"}},{"id":374,"name":"red","class_ids":[6],"codes_hexa":["dc0210"],"delai_24":false,"has_3d":false,"seuil_global":0,"stock_local":0,"stock_global":237,"on_standby":false,"in_catalog":true,"images":{"miniature":["https:\/\/media.th4.com\/2pMf9zGOMvkYmlmalkvwBfRG5l2iTL8v3GVlFzeJuWo\/pr:80\/aHR0cDovL21lZGlhMi5kZXNpZ25wYXJ0bmVyLmZyL2MvcC8yMzA2LzIzMDYtMzc0LTEud2VicA?v=1769423647"],"medium":["https:\/\/media.th4.com\/bbMcKmHSG4pXQJlRDejzj1kWBoS2RdJ_ie0tAUbIIdM\/pr:550x550\/aHR0cDovL21lZGlhMi5kZXNpZ25wYXJ0bmVyLmZyL2MvcC8yMzA2LzIzMDYtMzc0LTEud2VicA?v=1769423647"],"medium_large":["https:\/\/media.th4.com\/Dts-sulidl8kZTmasGL1WlOnzc7vF8m2-EPXB0ML-3o\/pr:1000x1000\/aHR0cDovL21lZGlhMi5kZXNpZ25wYXJ0bmVyLmZyL2MvcC8yMzA2LzIzMDYtMzc0LTEud2VicA?v=1769423647"],"large":["https:\/\/media.th4.com\/KB8x9NgS8z7hP6v9wbrFi5sLOMS4j9QSH3LmpCN1tMs\/pr:1920\/aHR0cDovL21lZGlhMi5kZXNpZ25wYXJ0bmVyLmZyL2MvcC8yMzA2LzIzMDYtMzc0LTEud2VicA?v=1769423647"],"opengraph":["https:\/\/media.th4.com\/ZegMZkEsbYj8EUZboDNPah4JG_C1HGkTQK6zpvNR3jE\/pr:1200x630\/aHR0cDovL21lZGlhMi5kZXNpZ25wYXJ0bmVyLmZyL2MvcC8yMzA2LzIzMDYtMzc0LTEud2VicA?v=1769423647"]},"images_customization":{"miniature":["https:\/\/media.th4.com\/2pMf9zGOMvkYmlmalkvwBfRG5l2iTL8v3GVlFzeJuWo\/pr:80\/aHR0cDovL21lZGlhMi5kZXNpZ25wYXJ0bmVyLmZyL2MvcC8yMzA2LzIzMDYtMzc0LTEud2VicA?v=1769423647"],"medium":["https:\/\/media.th4.com\/bbMcKmHSG4pXQJlRDejzj1kWBoS2RdJ_ie0tAUbIIdM\/pr:550x550\/aHR0cDovL21lZGlhMi5kZXNpZ25wYXJ0bmVyLmZyL2MvcC8yMzA2LzIzMDYtMzc0LTEud2VicA?v=1769423647"],"medium_large":["https:\/\/media.th4.com\/Dts-sulidl8kZTmasGL1WlOnzc7vF8m2-EPXB0ML-3o\/pr:1000x1000\/aHR0cDovL21lZGlhMi5kZXNpZ25wYXJ0bmVyLmZyL2MvcC8yMzA2LzIzMDYtMzc0LTEud2VicA?v=1769423647"],"large":["https:\/\/media.th4.com\/KB8x9NgS8z7hP6v9wbrFi5sLOMS4j9QSH3LmpCN1tMs\/pr:1920\/aHR0cDovL21lZGlhMi5kZXNpZ25wYXJ0bmVyLmZyL2MvcC8yMzA2LzIzMDYtMzc0LTEud2VicA?v=1769423647"],"opengraph":["https:\/\/media.th4.com\/ZegMZkEsbYj8EUZboDNPah4JG_C1HGkTQK6zpvNR3jE\/pr:1200x630\/aHR0cDovL21lZGlhMi5kZXNpZ25wYXJ0bmVyLmZyL2MvcC8yMzA2LzIzMDYtMzc0LTEud2VicA?v=1769423647"]},"country_origin":"CN","traceability":{"manufacturing_country_id":null,"weaving_country_id":null,"dyeing_country_id":null},"sizes":[{"id":3,"article_id":154337,"class_id":3,"name":"S","on_standby":false,"stock_local":0,"stock_global":14,"multiple":1,"estimated_date_reassort":null,"is_destocking":false},{"id":2,"article_id":154338,"class_id":4,"name":"M","on_standby":false,"stock_local":0,"stock_global":56,"multiple":1,"estimated_date_reassort":null,"is_destocking":false},{"id":1,"article_id":154339,"class_id":5,"name":"L","on_standby":false,"stock_local":0,"stock_global":78,"multiple":1,"estimated_date_reassort":null,"is_destocking":false},{"id":4,"article_id":154340,"class_id":6,"name":"XL","on_standby":false,"stock_local":0,"stock_global":46,"multiple":1,"estimated_date_reassort":null,"is_destocking":false},{"id":1116,"article_id":250159,"class_id":7,"name":"2XL","on_standby":false,"stock_local":0,"stock_global":20,"multiple":1,"estimated_date_reassort":null,"is_destocking":false},{"id":1081,"article_id":236726,"class_id":8,"name":"3XL","on_standby":false,"stock_local":0,"stock_global":23,"multiple":1,"estimated_date_reassort":null,"is_destocking":false}],"page_links":{"fr":"\/fr\/p-re-r121m-classic-soft-shell-jacket-r121-2306\/red-374\/","en":"\/en\/p-re-r121m-classic-soft-shell-jacket-r121-2306\/red-374\/","de":"\/de\/p-re-r121m-classic-softshelljacke-r121-2306\/red-374\/","nl":"\/nl\/p-re-r121m-classic-softshell-jas-r121-2306\/red-374\/","es":"\/es\/p-re-r121m-chaqueta-softshell-clasica-r121-2306\/red-374\/","it":"\/it\/p-re-r121m-giacca-a-shell-morbida-classica-r121-2306\/red-374\/","sv":"\/sv\/p-re-r121m-classic-soft-shell-jacka-r121-2306\/red-374\/","pt":"\/pt\/p-re-r121m-jaqueta-classic-soft-shell-r121-2306\/red-374\/","da":"\/da\/p-re-r121m-classic-soft-shell-jakke-r121-2306\/red-374\/","pl":"\/pl\/p-re-r121m-klasyczna-kurtka-soft-shell-r121-2306\/red-374\/"},"page_links_customization":{"fr":"\/fr\/p-re-r121m-classic-soft-shell-jacket-personnalisation-r121-2306\/red-374\/custom\/","en":"\/en\/p-re-r121m-classic-soft-shell-jacket-customization-r121-2306\/red-374\/custom\/","de":"\/de\/p-re-r121m-classic-softshelljacke-personalisierung-r121-2306\/red-374\/custom\/","nl":"\/nl\/p-re-r121m-classic-soft-shell-jacket-personalisatie-r121-2306\/red-374\/custom\/","es":"\/es\/p-re-r121m-chaqueta-classic-soft-shell-personalizacion-r121-2306\/red-374\/custom\/","it":"\/it\/p-re-r121m-giacca-softshell-classica-personalizzazione-r121-2306\/red-374\/custom\/","sv":"\/sv\/p-re-r121m-classic-soft-shell-jacka-anpassning-r121-2306\/red-374\/custom\/","pt":"\/pt\/p-re-r121m-jaqueta-classica-de-soft-shell-personalizacao-r121-2306\/red-374\/custom\/","da":"\/da\/p-re-r121m-classic-softshell-jakke-personliggorelse-r121-2306\/red-374\/custom\/","pl":"\/pl\/p-re-r121m-klasyczna-kurtka-softshell-personalizacja-r121-2306\/red-374\/custom\/"}},{"id":25006,"name":"azure","class_ids":[2],"codes_hexa":["0092E0"],"delai_24":false,"has_3d":false,"seuil_global":0,"stock_local":0,"stock_global":187,"on_standby":false,"in_catalog":true,"images":{"miniature":["https:\/\/media.th4.com\/btdJqnbIabPg5u9sV3AsX8JnJvHqIF_2X5njQ-Qu7Jc\/pr:80\/aHR0cDovL21lZGlhMi5kZXNpZ25wYXJ0bmVyLmZyL2MvcC8yMzA2LzIzMDYtMjUwMDYtMS53ZWJw?v=1769423642","https:\/\/media.th4.com\/przQgslMHeNrlC63ufY_96GBwzpA8fBmmKcxHBmM2iM\/pr:80\/aHR0cDovL21lZGlhMi5kZXNpZ25wYXJ0bmVyLmZyL2MvcC8yMzA2LzIzMDYtMjUwMDYtMi53ZWJw?v=1769423643"],"medium":["https:\/\/media.th4.com\/3Ivs4YQwkfZzEY-URB7Z-ci5xc-3W6p6DJEJcl8VQAg\/pr:550x550\/aHR0cDovL21lZGlhMi5kZXNpZ25wYXJ0bmVyLmZyL2MvcC8yMzA2LzIzMDYtMjUwMDYtMS53ZWJw?v=1769423642","https:\/\/media.th4.com\/KHAG9VHdrcTF7fhncf_tbkoLsoTtVg9n9k6l4haXZLA\/pr:550x550\/aHR0cDovL21lZGlhMi5kZXNpZ25wYXJ0bmVyLmZyL2MvcC8yMzA2LzIzMDYtMjUwMDYtMi53ZWJw?v=1769423643"],"medium_large":["https:\/\/media.th4.com\/EzmBuXGtKkL24dXZndxEpyjtKTQOab7fhrKtPURVWhc\/pr:1000x1000\/aHR0cDovL21lZGlhMi5kZXNpZ25wYXJ0bmVyLmZyL2MvcC8yMzA2LzIzMDYtMjUwMDYtMS53ZWJw?v=1769423642","https:\/\/media.th4.com\/bbfikI5ZjpdT9qb0jXc27xMND0AddW7m2arfWX03cjg\/pr:1000x1000\/aHR0cDovL21lZGlhMi5kZXNpZ25wYXJ0bmVyLmZyL2MvcC8yMzA2LzIzMDYtMjUwMDYtMi53ZWJw?v=1769423643"],"large":["https:\/\/media.th4.com\/IyVcZEKHmS_vMKIVbuXUa5H5L_5v2zcqQpcz2VQqEzM\/pr:1920\/aHR0cDovL21lZGlhMi5kZXNpZ25wYXJ0bmVyLmZyL2MvcC8yMzA2LzIzMDYtMjUwMDYtMS53ZWJw?v=1769423642","https:\/\/media.th4.com\/C7Mma3iuqTIZHNkZYQWa4f-dSTwA32qVUBq91mmM7AU\/pr:1920\/aHR0cDovL21lZGlhMi5kZXNpZ25wYXJ0bmVyLmZyL2MvcC8yMzA2LzIzMDYtMjUwMDYtMi53ZWJw?v=1769423643"],"opengraph":["https:\/\/media.th4.com\/XJB7_ukSSyy69n9gKP1qHi3cYDFT3MILJ3c57qcF-IA\/pr:1200x630\/aHR0cDovL21lZGlhMi5kZXNpZ25wYXJ0bmVyLmZyL2MvcC8yMzA2LzIzMDYtMjUwMDYtMS53ZWJw?v=1769423642","https:\/\/media.th4.com\/FL7YIZxrejkkH8k_ziiPASkD_499f_BArAd_Pwn2yXQ\/pr:1200x630\/aHR0cDovL21lZGlhMi5kZXNpZ25wYXJ0bmVyLmZyL2MvcC8yMzA2LzIzMDYtMjUwMDYtMi53ZWJw?v=1769423643"]},"images_customization":{"miniature":["https:\/\/media.th4.com\/btdJqnbIabPg5u9sV3AsX8JnJvHqIF_2X5njQ-Qu7Jc\/pr:80\/aHR0cDovL21lZGlhMi5kZXNpZ25wYXJ0bmVyLmZyL2MvcC8yMzA2LzIzMDYtMjUwMDYtMS53ZWJw?v=1769423642","https:\/\/media.th4.com\/przQgslMHeNrlC63ufY_96GBwzpA8fBmmKcxHBmM2iM\/pr:80\/aHR0cDovL21lZGlhMi5kZXNpZ25wYXJ0bmVyLmZyL2MvcC8yMzA2LzIzMDYtMjUwMDYtMi53ZWJw?v=1769423643"],"medium":["https:\/\/media.th4.com\/3Ivs4YQwkfZzEY-URB7Z-ci5xc-3W6p6DJEJcl8VQAg\/pr:550x550\/aHR0cDovL21lZGlhMi5kZXNpZ25wYXJ0bmVyLmZyL2MvcC8yMzA2LzIzMDYtMjUwMDYtMS53ZWJw?v=1769423642","https:\/\/media.th4.com\/KHAG9VHdrcTF7fhncf_tbkoLsoTtVg9n9k6l4haXZLA\/pr:550x550\/aHR0cDovL21lZGlhMi5kZXNpZ25wYXJ0bmVyLmZyL2MvcC8yMzA2LzIzMDYtMjUwMDYtMi53ZWJw?v=1769423643"],"medium_large":["https:\/\/media.th4.com\/EzmBuXGtKkL24dXZndxEpyjtKTQOab7fhrKtPURVWhc\/pr:1000x1000\/aHR0cDovL21lZGlhMi5kZXNpZ25wYXJ0bmVyLmZyL2MvcC8yMzA2LzIzMDYtMjUwMDYtMS53ZWJw?v=1769423642","https:\/\/media.th4.com\/bbfikI5ZjpdT9qb0jXc27xMND0AddW7m2arfWX03cjg\/pr:1000x1000\/aHR0cDovL21lZGlhMi5kZXNpZ25wYXJ0bmVyLmZyL2MvcC8yMzA2LzIzMDYtMjUwMDYtMi53ZWJw?v=1769423643"],"large":["https:\/\/media.th4.com\/IyVcZEKHmS_vMKIVbuXUa5H5L_5v2zcqQpcz2VQqEzM\/pr:1920\/aHR0cDovL21lZGlhMi5kZXNpZ25wYXJ0bmVyLmZyL2MvcC8yMzA2LzIzMDYtMjUwMDYtMS53ZWJw?v=1769423642","https:\/\/media.th4.com\/C7Mma3iuqTIZHNkZYQWa4f-dSTwA32qVUBq91mmM7AU\/pr:1920\/aHR0cDovL21lZGlhMi5kZXNpZ25wYXJ0bmVyLmZyL2MvcC8yMzA2LzIzMDYtMjUwMDYtMi53ZWJw?v=1769423643"],"opengraph":["https:\/\/media.th4.com\/XJB7_ukSSyy69n9gKP1qHi3cYDFT3MILJ3c57qcF-IA\/pr:1200x630\/aHR0cDovL21lZGlhMi5kZXNpZ25wYXJ0bmVyLmZyL2MvcC8yMzA2LzIzMDYtMjUwMDYtMS53ZWJw?v=1769423642","https:\/\/media.th4.com\/FL7YIZxrejkkH8k_ziiPASkD_499f_BArAd_Pwn2yXQ\/pr:1200x630\/aHR0cDovL21lZGlhMi5kZXNpZ25wYXJ0bmVyLmZyL2MvcC8yMzA2LzIzMDYtMjUwMDYtMi53ZWJw?v=1769423643"]},"country_origin":"CN","traceability":{"manufacturing_country_id":null,"weaving_country_id":null,"dyeing_country_id":null},"sizes":[{"id":3,"article_id":531378,"class_id":3,"name":"S","on_standby":false,"stock_local":0,"stock_global":38,"multiple":1,"estimated_date_reassort":null,"is_destocking":false},{"id":2,"article_id":531379,"class_id":4,"name":"M","on_standby":false,"stock_local":0,"stock_global":57,"multiple":1,"estimated_date_reassort":null,"is_destocking":false},{"id":1,"article_id":531380,"class_id":5,"name":"L","on_standby":false,"stock_local":0,"stock_global":41,"multiple":1,"estimated_date_reassort":null,"is_destocking":false},{"id":4,"article_id":531381,"class_id":6,"name":"XL","on_standby":false,"stock_local":0,"stock_global":28,"multiple":1,"estimated_date_reassort":null,"is_destocking":false},{"id":1116,"article_id":531382,"class_id":7,"name":"2XL","on_standby":false,"stock_local":0,"stock_global":23,"multiple":1,"estimated_date_reassort":null,"is_destocking":false}],"page_links":{"fr":"\/fr\/p-re-r121m-classic-soft-shell-jacket-r121-2306\/azure-25006\/","en":"\/en\/p-re-r121m-classic-soft-shell-jacket-r121-2306\/azure-25006\/","de":"\/de\/p-re-r121m-classic-softshelljacke-r121-2306\/azure-25006\/","nl":"\/nl\/p-re-r121m-classic-softshell-jas-r121-2306\/azure-25006\/","es":"\/es\/p-re-r121m-chaqueta-softshell-clasica-r121-2306\/azure-25006\/","it":"\/it\/p-re-r121m-giacca-a-shell-morbida-classica-r121-2306\/azure-25006\/","sv":"\/sv\/p-re-r121m-classic-soft-shell-jacka-r121-2306\/azure-25006\/","pt":"\/pt\/p-re-r121m-jaqueta-classic-soft-shell-r121-2306\/azure-25006\/","da":"\/da\/p-re-r121m-classic-soft-shell-jakke-r121-2306\/azure-25006\/","pl":"\/pl\/p-re-r121m-klasyczna-kurtka-soft-shell-r121-2306\/azure-25006\/"},"page_links_customization":{"fr":"\/fr\/p-re-r121m-classic-soft-shell-jacket-personnalisation-r121-2306\/azure-25006\/custom\/","en":"\/en\/p-re-r121m-classic-soft-shell-jacket-customization-r121-2306\/azure-25006\/custom\/","de":"\/de\/p-re-r121m-classic-softshelljacke-personalisierung-r121-2306\/azure-25006\/custom\/","nl":"\/nl\/p-re-r121m-classic-soft-shell-jacket-personalisatie-r121-2306\/azure-25006\/custom\/","es":"\/es\/p-re-r121m-chaqueta-classic-soft-shell-personalizacion-r121-2306\/azure-25006\/custom\/","it":"\/it\/p-re-r121m-giacca-softshell-classica-personalizzazione-r121-2306\/azure-25006\/custom\/","sv":"\/sv\/p-re-r121m-classic-soft-shell-jacka-anpassning-r121-2306\/azure-25006\/custom\/","pt":"\/pt\/p-re-r121m-jaqueta-classica-de-soft-shell-personalizacao-r121-2306\/azure-25006\/custom\/","da":"\/da\/p-re-r121m-classic-softshell-jakke-personliggorelse-r121-2306\/azure-25006\/custom\/","pl":"\/pl\/p-re-r121m-klasyczna-kurtka-softshell-personalizacja-r121-2306\/azure-25006\/custom\/"}}],"documentation_link":"\/pdf\/2306.pdf","countries_availables":["AD","AE","AL","AT","BA","BD","BE","BG","BL","CA","CH","CN","CO","CY","CZ","DE","DK","DO","EE","EG","ES","ET","FI","FR","GB","GE","GF","GP","GR","GT","HK","HN","HR","HT","HU","ID","IE","IN","IS","IT","JO","JP","KE","KH","KP","KR","LA","LK","LS","LT","LU","LV","MA","MF","MG","MK","MM","MN","MQ","MT","MX","MY","NC","NI","NL","PF","PH","PK","PL","PM","PT","RE","RO","SE","SG","SI","SK","SV","SY","TH","TN","TR","TW","TZ","US","VN","WF","YT"]},"infos_customization":[],"features":{"authorize_multi_surfaces":true,"display_order_delay_type":true,"promote_surface_display":true,"tarification_franco_offert":true,"enabled_3d_editor":false},"markings":[{"id":0,"nom":"vierge","finition":null,"libelle":null,"code":null,"dpi":null,"finesse_forme_isolee":null,"finesse_forme_non_isolee":null,"hauteur_minimale_texte":null,"inactif":0,"marquage_interne":1,"quantite_min":null,"parent_id":null,"print_on_support":0,"content":"vierge","description":null},{"id":2,"nom":"fonce","finition":"optimale","libelle":"TopQuadri","code":null,"dpi":400,"finesse_forme_isolee":"0.040","finesse_forme_non_isolee":"0.700","hauteur_minimale_texte":2,"inactif":0,"marquage_interne":1,"quantite_min":null,"parent_id":18,"print_on_support":0,"content":"TopQuadri","description":"pour petites et moyennes s\u00e9ries"},{"id":3,"nom":"serigraphie","finition":"serigraphie","libelle":"SeriCoat","code":null,"dpi":400,"finesse_forme_isolee":"0.040","finesse_forme_non_isolee":"0.700","hauteur_minimale_texte":2,"inactif":0,"marquage_interne":1,"quantite_min":15,"parent_id":18,"print_on_support":0,"content":"SeriCoat","description":"pour moyennes et grandes s\u00e9ries"},{"id":4,"nom":"broderie","finition":"broderie","libelle":"Broderie","code":null,"dpi":400,"finesse_forme_isolee":"0.040","finesse_forme_non_isolee":"0.700","hauteur_minimale_texte":3,"inactif":0,"marquage_interne":1,"quantite_min":null,"parent_id":null,"print_on_support":0,"content":"Broderie","description":null},{"id":8,"nom":"theme","finition":null,"libelle":"Th\u00e8me","code":null,"dpi":null,"finesse_forme_isolee":null,"finesse_forme_non_isolee":null,"hauteur_minimale_texte":null,"inactif":0,"marquage_interne":1,"quantite_min":null,"parent_id":null,"print_on_support":0,"content":"Th\u00e8me","description":null},{"id":9,"nom":"sans","finition":null,"libelle":null,"code":null,"dpi":null,"finesse_forme_isolee":null,"finesse_forme_non_isolee":null,"hauteur_minimale_texte":null,"inactif":0,"marquage_interne":1,"quantite_min":null,"parent_id":null,"print_on_support":0,"content":"sans","description":null},{"id":10,"nom":"photo","finition":null,"libelle":"Photo","code":null,"dpi":null,"finesse_forme_isolee":null,"finesse_forme_non_isolee":null,"hauteur_minimale_texte":null,"inactif":0,"marquage_interne":1,"quantite_min":null,"parent_id":null,"print_on_support":0,"content":"Photo","description":null},{"id":14,"nom":"couleur","finition":null,"libelle":"Couleur","code":null,"dpi":null,"finesse_forme_isolee":null,"finesse_forme_non_isolee":null,"hauteur_minimale_texte":null,"inactif":0,"marquage_interne":1,"quantite_min":null,"parent_id":null,"print_on_support":0,"content":"Couleur","description":null},{"id":15,"nom":"sublimation","finition":"sublimation","libelle":"Sublimation","code":null,"dpi":null,"finesse_forme_isolee":"0.000","finesse_forme_non_isolee":"0.000","hauteur_minimale_texte":2,"inactif":0,"marquage_interne":1,"quantite_min":null,"parent_id":null,"print_on_support":0,"content":"Sublimation","description":null},{"id":16,"nom":"topquadri_uv","finition":null,"libelle":"TopQuadri UV","code":null,"dpi":null,"finesse_forme_isolee":"0.020","finesse_forme_non_isolee":"0.700","hauteur_minimale_texte":2,"inactif":0,"marquage_interne":1,"quantite_min":null,"parent_id":null,"print_on_support":1,"content":null,"description":null},{"id":17,"nom":"topquadri_uvp","finition":null,"libelle":"TopQuadri UVP","code":null,"dpi":null,"finesse_forme_isolee":"0.020","finesse_forme_non_isolee":"0.700","hauteur_minimale_texte":2,"inactif":0,"marquage_interne":1,"quantite_min":null,"parent_id":null,"print_on_support":1,"content":null,"description":null},{"id":18,"nom":"quadri","finition":null,"libelle":"Impression","code":null,"dpi":null,"finesse_forme_isolee":null,"finesse_forme_non_isolee":null,"hauteur_minimale_texte":null,"inactif":0,"marquage_interne":1,"quantite_min":null,"parent_id":null,"print_on_support":0,"content":null,"description":null}]}}