{"data":{"product":{"id":2293,"titre":"Hi-Vis safety vest","description":"Une veste de s\u00e9curit\u00e9 l\u00e9g\u00e8re et simple mais certifi\u00e9e qui vous donne la protection optimale. Bords gans\u00e9s en polyester gris. Bandes de s\u00e9curit\u00e9 de 50mm piqu\u00e9es dans la mati\u00e8re r\u00e9fl\u00e9chissante 3M\u2122 Scotchlite\u2122. Bande auto-agrippante \u00e0 l'avant pour plus de facilit\u00e9. La couple est ample pour pouvoir porter le gilet par-dessus les autres v\u00eatements. Composition : 100 % polyester.","genre":"mixte","grammage":100,"conditionnement":50,"composition":"polyester,polyester_uniquement","reference":"421.33","reference_visible":"re-r021x","reference_fabricant":"R021X","ref_xor":"745136","in_catalog":true,"is_transfer":false,"is_service":false,"on_standby":false,"has_3d":false,"has_size_guide":false,"has_marking":true,"has_vierge":true,"is_cross_sellable":false,"id_picto":110,"filename_3d":null,"brand":{"id":16,"name":"Result","logo":"logo-result.png","image":"https:\/\/media.th4.com\/R4AINn4EcZGXmGADkvSPvxFxj-96N0ZW37kUw9NCIp8\/pr:brand70x70\/aHR0cDovL21lZGlhMi5kZXNpZ25wYXJ0bmVyLmZyL2MvbS9sb2dvLXJlc3VsdC5wbmc?v=1769696384"},"price_infos":{"price_from":7.78,"quantity":100,"color":{"id":2457,"name":"fluorescent_yellow"},"size":{"id":78,"name":"S\/M"}},"price_infos_marking":{"price_from":11.3,"quantity":150,"color":{"id":2457,"name":"fluorescent_yellow"},"size":{"id":78,"name":"S\/M"},"marking":{"id":2,"name":""},"emplacement":"avant","surface_emplacement_id":1,"surface":"coeur"},"i18n":{"blank":{"title":{"fr":"Safety vest Gilet s\u00e9curit\u00e9 RESULT r21","en":"Safety vest RESULT r21 safety vest","de":"Sicherheitsweste Sicherheitsschutz Gilet Sicherheit RESULT r21","nl":"Veiligheidsvest Veiligheid gilet RESULT r21","es":"Chaleco de seguridad Gilet seguridad RESULT r21","it":"Gilet di sicurezza Gilet di sicurezza RESULT r21","sv":"S\u00e4kerhetsv\u00e4st Gilet s\u00e4kerhet RESULT r21","pt":"Colete de seguran\u00e7a colete de seguran\u00e7a RESULT r21","da":"Sikkerhedsvest Sikkerhedsgilet RESULT r21","pl":"Kamizelka bezpiecze\u0144stwa Gilet s\u00e9curit\u00e9 RESULT r21"},"description":{"fr":"Ce gilet de s\u00e9curit\u00e9 est con\u00e7u pour offrir une visibilit\u00e9 accrue dans des conditions de faible luminosit\u00e9. Il est fabriqu\u00e9 \u00e0 partir de polyester, un mat\u00e9riau durable et r\u00e9sistant. Sa conception assure un confort optimal pendant le port. Ce gilet est adapt\u00e9 \u00e0 divers environnements de travail et activit\u00e9s n\u00e9cessitant une signalisation visuelle. Il int\u00e8gre des bandes r\u00e9fl\u00e9chissantes 3M \u00e0 l'avant et \u00e0 l'arri\u00e8re pour une meilleure visibilit\u00e9. La fermeture auto-agrippante assure un ajustement facile et pratique.\n\n- 100 % Polyester\n- Bandes r\u00e9fl\u00e9chissantes 3M\n- EN471 Classe 2","en":"This safety vest is designed to provide increased visibility in low light conditions. It is made from polyester, a durable and resistant material. Its design ensures optimal comfort during wear. This vest is suitable for various work environments and activities requiring visual signaling. It includes 3M reflective strips on the front and back for better visibility. The hook and loop fastener ensures an easy and practical adjustment.\n\n- 100% Polyester\n- 3M reflective strips\n- EN471 Class 2","de":"Diese Sicherheitsweste ist so konzipiert, dass sie in Umgebungen mit geringer Beleuchtung eine erh\u00f6hte Sichtbarkeit bietet. Sie wird aus Polyester hergestellt, einem robusten und langlebigem Material. Ihre Konstruktion sorgt f\u00fcr optimalen Tragekomfort. Diese Weste ist f\u00fcr verschiedene Arbeitsumgebungen und Aktivit\u00e4ten geeignet, die eine visuelle Signalgebung erfordern. Sie enth\u00e4lt 3M-Reflexstreifen vorne und hinten f\u00fcr eine bessere Sichtbarkeit. Der Klettverschluss sorgt f\u00fcr eine einfache und praktische Anpassung.","nl":"Deze veiligheidsvest is ontworpen om een verbeterde zichtbaarheid te bieden in omstandigheden met weinig licht. Het is gemaakt van polyester, een duurzaam en bestand materiaal. De ontwerp zorgt voor een optimaal comfort tijdens het dragen. De vest is geschikt voor verschillende werkomgevingen en activiteiten die visuele signalering vereisen. Het integreert 3M reflecterende stroken aan de voorkant en achterkant voor een betere zichtbaarheid. De zelfklevende sluiting zorgt voor een eenvoudige en praktische pasvorm.\n\n- 100 % Polyester\n- 3M reflecterende stroken\n- EN471 Klasse 2","es":"Este chaleco de seguridad est\u00e1 dise\u00f1ado para ofrecer una visibilidad aumentada en condiciones de baja luminosidad. Est\u00e1 fabricado a partir de poli\u00e9ster, un material duradero y resistente. Su dise\u00f1o asegura un confort \u00f3ptimo durante el uso. Este chaleco es adecuado para diversos entornos de trabajo y actividades que requieren se\u00f1alizaci\u00f3n visual. Integra bandas reflectantes 3M en la parte delantera y trasera para una mejor visibilidad. El cierre autoagripante asegura un ajuste f\u00e1cil y pr\u00e1ctico.\n\n- 100 % Poli\u00e9ster\n- Bandas reflectantes 3M\n- EN471 Clase 2","it":"Questo gilet di sicurezza \u00e8 progettato per offrire una visibilit\u00e0 accresciuta in condizioni di scarsa illuminazione. \u00c8 realizzato in poliestere, un materiale durevole e resistente. La sua progettazione garantisce un comfort ottimale durante l'uso. Questo gilet \u00e8 adatto a vari ambienti di lavoro e attivit\u00e0 che richiedono una segnalazione visiva. Integra strisce riflettenti 3M sia davanti che dietro per una migliore visibilit\u00e0. La chiusura a strappo assicura un adattamento facile e pratico.\n\n- 100 % Poliestere\n- Strisce riflettenti 3M\n- EN471 Classe 2","sv":"Denna s\u00e4kerhetsv\u00e4st \u00e4r utformad f\u00f6r att erbjuda \u00f6kad synlighet i l\u00e5gbelysta f\u00f6rh\u00e5llanden. Den \u00e4r tillverkad av polyester, ett h\u00e5llbart och t\u00e5ligt material. Dess design s\u00e4kerst\u00e4ller optimal komfort under anv\u00e4ndning. Denna v\u00e4st \u00e4r l\u00e4mplig f\u00f6r olika arbetsmilj\u00f6er och aktiviteter som kr\u00e4ver visuell signalering. Den integrerar reflekterande 3M-band fram och bak f\u00f6r b\u00e4ttre synlighet. F\u00e4stningen med kl\u00e4mmor s\u00e4kerst\u00e4ller en enkel och praktisk justering.\n\n- 100 % Polyester\n- Reflekterande 3M-band\n- EN471 Klass 2","pt":"Este colete de seguran\u00e7a \u00e9 projetado para oferecer maior visibilidade em condi\u00e7\u00f5es de pouca luminosidade. Ele \u00e9 fabricado a partir de poli\u00e9ster, um material dur\u00e1vel e resistente. Seu design garante conforto \u00f3timo durante o uso. Este colete \u00e9 adequado para diversos ambientes de trabalho e atividades que exigem sinaliza\u00e7\u00e3o visual. Ele integra fitas refletivas 3M na frente e nas costas para uma melhor visibilidade. O fecho autoagripante garante um ajuste f\u00e1cil e pr\u00e1tico.\n\n- 100 % Poli\u00e9ster\n- Fitam refletivas 3M\n- EN471 Classe 2","da":"Dette sikkerhedsgilet er designet til at tilbyde \u00f8get synlighed under svagt lys. Det er lavet af polyester, et holdbart og slidst\u00e6rkt materiale. Dets design sikrer optimal komfort under b\u00e6reperioden. Dette gilet er velegnet til forskellige arbejdsmilj\u00f8er og aktiviteter, der kr\u00e6ver visuel signalering. Det indeholder reflekterende 3M-strimler foran og bagp\u00e5 for bedre synlighed. Selvkl\u00e6bende lukning sikrer nem og praktisk justering.\n\n- 100 % Polyester\n- Reflekterende 3M-strimler\n- EN471 Klasse 2","pl":"Ta kamizelka bezpiecze\u0144stwa zosta\u0142a zaprojektowana w celu zapewnienia zwi\u0119kszonej widoczno\u015bci w warunkach s\u0142abej o\u015bwietlenia. Jest wykonana z poliesteru, materia\u0142u trwa\u0142ego i odpornego. Jej konstrukcja zapewnia optymalny komfort podczas noszenia. Kamizelka jest dostosowana do r\u00f3\u017cnych \u015brodowisk pracy i aktywno\u015bci wymagaj\u0105cych sygnalizacji wizualnej. Zawiera odblaskowe paski 3M z przodu i z ty\u0142u dla lepszej widoczno\u015bci. Zamkni\u0119cie samoczepne zapewnia \u0142atwe i praktyczne dopasowanie.\n\n- 100 % Poliester\n- Odblaskowe paski 3M\n- EN471 Klasa 2"},"h1":{"fr":"Safety vest Gilet s\u00e9curit\u00e9 r21","en":"Safety vest r21","de":"Sicherheitsweste Sicherheitsschutz Gilet Sicherheit r21","nl":"Veiligheidsvest Veiligheid gilet r21","es":"Chaleco de seguridad Gilet seguridad r21","it":"Gilet di sicurezza Gilet di sicurezza r21","sv":"S\u00e4kerhetsv\u00e4st Gilet s\u00e4kerhet r21","pt":"Colete de seguran\u00e7a colete de seguran\u00e7a r21","da":"Sikkerhedsvest Sikkerhedsgilet r21","pl":"Kamizelka bezpiecze\u0144stwa Gilet s\u00e9curit\u00e9 r21"},"meta_description":{"fr":"Gilet s\u00e9curit\u00e9 polyester r\u00e9fl\u00e9chissant. Equipement de s\u00e9curit\u00e9 haute visibilit\u00e9 pour un usage professionnel ou quotidien. Norme EN471 Classe 2.","en":"Reflective polyester safety vest. High visibility safety equipment for professional or daily use. EN471 Class 2 standard.","de":"Sicherheitsweste aus reflektierendem Polyester. Sicherheitsausr\u00fcstung mit hoher Sichtbarkeit f\u00fcr den professionellen oder t\u00e4glichen Gebrauch. Norm EN471 Klasse 2.","nl":"Veiligheidsvest polyester reflecterend. Veiligheidsuitrusting hoge zichtbaarheid voor een professioneel of dagelijks gebruik. Norm EN471 Klasse 2.","es":"Chaleco de seguridad de poli\u00e9ster reflectante. Equipo de seguridad de alta visibilidad para un uso profesional o diario. Norma EN471 Clase 2.","it":"Gilet di sicurezza in poliestere riflettente. Attrezzatura di sicurezza ad alta visibilit\u00e0 per uso professionale o quotidiano. Norma EN471 Classe 2.","sv":"Gilet s\u00e4kerhet polyester reflekterande. S\u00e4kerhetsutrustning h\u00f6g synlighet f\u00f6r professionell eller daglig anv\u00e4ndning. Norm EN471 Klass 2.","pt":"Colete de seguran\u00e7a poli\u00e9ster refletivo. Equipamento de seguran\u00e7a de alta visibilidade para uso profissional ou di\u00e1rio. Norma EN471 Classe 2.","da":"Sikkerhedsgilet polyester reflekterende. Sikkerhedsudstyr h\u00f8j synlighed til professionel eller daglig brug. Norm EN471 Klasse 2.","pl":"Kamizelka bezpiecze\u0144stwa z poliesteru odblaskowego. Wyposa\u017cenie bezpiecze\u0144stwa o wysokiej widoczno\u015bci do u\u017cytku zawodowego lub codziennego. Norma EN471 Klasa 2."}},"custom":{"title":{"fr":"Safety vest Gilet s\u00e9curit\u00e9 polyester r\u00e9fl\u00e9chissant RESULT personnalisation r21","en":"Safety vest Reflective polyester safety vest RESULT customization r21","de":"Sicherheitsweste Sicherheitsweste Polyester reflektierend RESULT Anpassung r21","nl":"Veiligheidsvest Veiligheidsvest polyester reflecterend RESULT personalisatie r21","es":"Chaleco de seguridad result gilet seguridad poli\u00e9ster reflectante r21 personalizaci\u00f3n","it":"Gilet di sicurezza giubbotto di sicurezza in poliestere riflettente RESULT personalizzazione r21","sv":"S\u00e4kerhetsv\u00e4st S\u00e4kerhetsgilet polyester reflekterande RESULT personalisering r21","pt":"Colete de seguran\u00e7a jaqueta de seguran\u00e7a poliester refletora RESULT personaliza\u00e7\u00e3o r21","da":"Sikkerhedsvest Gilet sikkerhed polyester reflekterende RESULT personalisering r21","pl":"Kamizelka bezpiecze\u0144stwa Gilet bezpiecze\u0144stwa poliestrowy odblaskowy RESULT personalizacja r21"},"description":{"fr":"Ce gilet de s\u00e9curit\u00e9 est con\u00e7u pour offrir une visibilit\u00e9 accrue dans des conditions de faible luminosit\u00e9. Il est fabriqu\u00e9 \u00e0 partir de polyester robuste pour une durabilit\u00e9 accrue. Ce v\u00eatement de s\u00e9curit\u00e9 dispose de bandes r\u00e9fl\u00e9chissantes 3M \u00e0 l'avant et \u00e0 l'arri\u00e8re pour une meilleure visibilit\u00e9. Il se ferme facilement gr\u00e2ce \u00e0 une fermeture auto-agrippante pratique. Ce gilet de s\u00e9curit\u00e9 est conforme \u00e0 la norme EN471 Classe 2. Il est con\u00e7u pour \u00eatre confortable et facile \u00e0 porter, m\u00eame pendant de longues p\u00e9riodes. \n\nCe gilet peut \u00eatre personnalis\u00e9 avec votre logo ou votre message, offrant ainsi une solution id\u00e9ale pour l'identification de vos employ\u00e9s ou pour promouvoir votre marque. La personnalisation est possible sur une large surface, offrant un espace cr\u00e9atif pour votre communication visuelle.\n\n- Mati\u00e8re: 100% Polyester\n- Bandes r\u00e9fl\u00e9chissantes: 3M\n- Norme: EN471 Classe 2","en":"This safety vest is designed to provide increased visibility in low light conditions. It is made from robust polyester for enhanced durability. This safety garment features 3M reflective strips on the front and back for better visibility. It closes easily thanks to a practical hook-and-loop fastener. This safety vest meets the EN471 Class 2 standard. It is designed to be comfortable and easy to wear, even for long periods. This vest can be customized with your logo or message, providing an ideal solution for identifying your employees or promoting your brand. Customization is possible over a large area, offering creative space for your visual communication. Material: 100% Polyester Reflective strips: 3M Standard: EN471 Class 2","de":"Diese Sicherheitsweste ist daf\u00fcr ausgelegt, die Sichtbarkeit in Umgebungen mit schlechter Beleuchtung zu erh\u00f6hen. Sie ist aus robustem Polyester gefertigt, um eine erh\u00f6hte Haltbarkeit zu bieten. Diese Sicherheitsweste verf\u00fcgt \u00fcber reflektierende Streifen 3M an der Vorder- und R\u00fcckseite f\u00fcr eine bessere Sichtbarkeit. Sie l\u00e4sst sich dank eines praktischen Klettverschlusses leicht schlie\u00dfen. Diese Sicherheitsweste entspricht der Norm EN471 Klasse 2. Sie ist so gestaltet, dass sie bequem und leicht zu tragen ist, auch \u00fcber l\u00e4ngere Zeitr\u00e4ume.\n\nDiese Sicherheitsweste kann mit Ihrem Logo oder Ihrer Nachricht personalisiert werden, wodurch sie die ideale L\u00f6sung f\u00fcr die Identifizierung Ihrer Mitarbeiter oder zur F\u00f6rderung Ihrer Marke bietet. Die Personalisierung ist auf einer gro\u00dfen Fl\u00e4che m\u00f6glich, was Ihnen kreativen Raum f\u00fcr Ihre visuelle Kommunikation bietet.\n\n- Material: 100% Polyester\n- Reflektierende Streifen: 3M\n- Norm: EN471 Klasse 2","nl":"Dit veiligheidsvest is ontworpen om een verhoogde zichtbaarheid te bieden in omstandigheden van weinig licht. Het is gemaakt van stevig polyester voor duurzaamheid. Dit veiligheidskledingstuk beschikt over reflecterende stroken 3M aan de voorkant en achterkant voor een betere zichtbaarheid. Het sluit eenvoudig met een handige zelfklevende sluiting. Dit veiligheidsvest voldoet aan de norm EN471 Klasse 2. Het is ontworpen om comfortabel en gemakkelijk te dragen, zelfs gedurende lange perioden. \n\nDit vest kan worden gepersonaliseerd met uw logo of boodschap, waardoor het een ideale oplossing is voor de identificatie van uw medewerkers of voor het promoten van uw merk. Personalisatie is mogelijk op een grote oppervlakte, wat ruimte biedt voor creativiteit in uw visuele communicatie. \n\n- Materiaal: 100% Polyester\n- Reflecterende stroken: 3M\n- Norm: EN471 Klasse 2","es":"Este chaleco de seguridad est\u00e1 dise\u00f1ado para ofrecer una visibilidad mejorada en condiciones de baja luminosidad. Est\u00e1 fabricado con poli\u00e9ster robusto para una mayor durabilidad. Esta prenda de seguridad cuenta con bandas reflectantes 3M en la parte delantera y trasera para una mejor visibilidad. Se cierra f\u00e1cilmente gracias a un pr\u00e1ctico cierre de velcro. Este chaleco de seguridad cumple con la norma EN471 Clase 2. Est\u00e1 dise\u00f1ado para ser c\u00f3modo y f\u00e1cil de llevar, incluso durante largos per\u00edodos. Este chaleco puede personalizarse con su logo o mensaje, ofreciendo as\u00ed una soluci\u00f3n ideal para la identificaci\u00f3n de sus empleados o para promover su marca. La personalizaci\u00f3n es posible sobre una amplia superficie, ofreciendo un espacio creativo para su comunicaci\u00f3n visual. Material: 100% Poli\u00e9ster Bandas reflectantes: 3M Norma: EN471 Clase 2","it":"Questo giubbotto di sicurezza \u00e8 progettato per offrire una visibilit\u00e0 aumentata in condizioni di scarsa illuminazione. \u00c8 realizzato in poliestere robusto per una maggiore durabilit\u00e0. Questo abbigliamento di sicurezza \u00e8 dotato di strisce riflettenti 3M davanti e dietro per una migliore visibilit\u00e0. Si chiude facilmente grazie a una pratica chiusura a velcro. Questo giubbotto di sicurezza \u00e8 conforme alla norma EN471 Classe 2. \u00c8 progettato per essere confortevole e facile da indossare, anche per lunghi periodi.\n\nQuesto giubbotto pu\u00f2 essere personalizzato con il vostro logo o messaggio, offrendo cos\u00ec una soluzione ideale per l'identificazione dei vostri dipendenti o per promuovere il vostro marchio. La personalizzazione \u00e8 possibile su una vasta superficie, offrendo spazio creativo per la vostra comunicazione visiva.\n\n- Materiale: 100% Poliestere\n- Strisce riflettenti: 3M\n- Norma: EN471 Classe 2","sv":"Denna s\u00e4kerhetsv\u00e4st \u00e4r konstruerad f\u00f6r att erbjuda \u00f6kad synlighet under l\u00e5gljusf\u00f6rh\u00e5llanden. Den \u00e4r tillverkad av robust polyester f\u00f6r \u00f6kad h\u00e5llbarhet. Denna s\u00e4kerhetskl\u00e4der har reflekterande 3M band fram och bak f\u00f6r b\u00e4ttre synlighet. Den st\u00e4ngs l\u00e4tt med en praktisk f\u00e4stning. Denna s\u00e4kerhetsv\u00e4st \u00e4r i \u00f6verensst\u00e4mmelse med normen EN471 Klass 2. Den \u00e4r utformad f\u00f6r att vara bekv\u00e4m och enkel att b\u00e4ra, \u00e4ven under l\u00e4ngre perioder.\n\nDenna v\u00e4st kan personaliseras med ditt logga eller ditt meddelande, vilket erbjuder en idealisk l\u00f6sning f\u00f6r identifiering av dina anst\u00e4llda eller f\u00f6r att fr\u00e4mja din varum\u00e4rke. Personalisering \u00e4r m\u00f6jlig p\u00e5 en stor yta, vilket erbjuder en kreativ utrymme f\u00f6r din visuella kommunikation.\n\n- Material: 100% Polyester\n- Reflekterande band: 3M\n- Norm: EN471 Klass 2","pt":"Este colete de seguran\u00e7a \u00e9 projetado para oferecer maior visibilidade em condi\u00e7\u00f5es de pouca luminosidade. \u00c9 fabricado a partir de poliester robusto para maior durabilidade. Esta vestimenta de seguran\u00e7a possui fitas refletoras 3M na frente e nas costas para melhor visibilidade. Fecha facilmente gra\u00e7as a um fecho pr\u00e1tico de velcro. Este colete de seguran\u00e7a est\u00e1 conforme com a norma EN471 Classe 2. Foi projetado para ser confort\u00e1vel e f\u00e1cil de usar, mesmo durante longos per\u00edodos.\n\nEste colete pode ser personalizado com seu logotipo ou mensagem, oferecendo assim uma solu\u00e7\u00e3o ideal para a identifica\u00e7\u00e3o dos seus funcion\u00e1rios ou para promover sua marca. A personaliza\u00e7\u00e3o \u00e9 poss\u00edvel em uma ampla \u00e1rea, oferecendo um espa\u00e7o criativo para sua comunica\u00e7\u00e3o visual.\n\n- Material: 100% Poli\u00e9ster\n- Fitras refletoras: 3M\n- Norma: EN471 Classe 2","da":"Denne sikkerhedsvest er designet til at tilbyde \u00f8get synlighed i lavlysforhold. Den er lavet af robust polyester til \u00f8get holdbarhed. Dette sikkerhedst\u00f8j har reflekterende 3M-b\u00e5nd foran og bag for bedre synlighed. Det lukker nemt takket v\u00e6re en praktisk selvkl\u00e6bende fastg\u00f8relse. Denne sikkerhedsvest overholder standarden EN471 Klasse 2. Den er designet til at v\u00e6re behagelig og nem at b\u00e6re, endda i lange perioder.\n\nDenne vest kan personaliseres med dit logo eller din besked, hvilket giver en ideel l\u00f8sning til identificering af dine medarbejdere eller til fremme af din varem\u00e6rke. Personalisering er mulig p\u00e5 et stort omr\u00e5de, der giver kreativ plads til din visuelle kommunikation.\n\n- Materiale: 100% Polyester\n- Reflekterende b\u00e5nd: 3M\n- Standard: EN471 Klasse 2","pl":"Ta kamizelka bezpiecze\u0144stwa jest zaprojektowana, aby zapewni\u0107 zwi\u0119kszon\u0105 widoczno\u015b\u0107 w warunkach s\u0142abego o\u015bwietlenia. Jest wykonana z trwa\u0142ego poliestru. Ten ubi\u00f3r bezpiecze\u0144stwa ma odblaskowe paski 3M z przodu i z ty\u0142u dla lepszej widoczno\u015bci. \u0141atwo zamyka si\u0119 dzi\u0119ki wygodnemu zamkni\u0119ciu klejowym. Ta kamizelka bezpiecze\u0144stwa spe\u0142nia norm\u0119 EN471 Klasa 2. Jest zaprojektowana, aby by\u0107 wygodna i \u0142atwa w noszeniu, nawet przez d\u0142ugi czas.  \n\nTa kamizelka mo\u017ce by\u0107 spersonalizowana za pomoc\u0105 twojego logo lub wiadomo\u015bci, co czyni j\u0105 idealnym rozwi\u0105zaniem do identyfikacji pracownik\u00f3w lub promocji marki. Personalizacja jest mo\u017cliwa na du\u017cej powierzchni, oferuj\u0105c miejsce kreatywne dla komunikacji wizualnej.\n\n- Materia\u0142: 100% Poliestru\n- Paski odblaskowe: 3M\n- Norma: EN471 Klasa 2"},"h1":{"fr":"Safety vest Gilet s\u00e9curit\u00e9 polyester r\u00e9fl\u00e9chissant personnalisation r21","en":"Safety vest Reflective polyester safety vest customization r21","de":"Sicherheitsweste Sicherheitsweste Polyester reflektierend Anpassung r21","nl":"Veiligheidsvest Veiligheidsvest polyester reflecterend personalisatie r21","es":"Chaleco de seguridad gilet seguridad poli\u00e9ster reflectante r21 personalizaci\u00f3n","it":"Gilet di sicurezza giubbotto di sicurezza in poliestere riflettente personalizzazione r21","sv":"S\u00e4kerhetsv\u00e4st S\u00e4kerhetsgilet polyester reflekterande personalisering r21","pt":"Colete de seguran\u00e7a jaqueta de seguran\u00e7a poliester refletora personaliza\u00e7\u00e3o r21","da":"Sikkerhedsvest Gilet sikkerhed polyester reflekterende personalisering r21","pl":"Kamizelka bezpiecze\u0144stwa Gilet bezpiecze\u0144stwa poliestrowy odblaskowy personalizacja r21"},"meta_description":{"fr":"Gilet s\u00e9curit\u00e9 polyester r\u00e9fl\u00e9chissant haute visibilit\u00e9. Id\u00e9al pour les professionnels. Possibilit\u00e9 de personnalisation pour une meilleure identification.","en":"Reflective polyester safety vest high visibility. Ideal for professionals. Possibility of customization for better identification.","de":"Sicherheitsweste Polyester reflektierend hohe Sichtbarkeit. Ideal f\u00fcr Fachleute. M\u00f6glichkeit der Anpassung f\u00fcr eine bessere Identifikation.","nl":"Veiligheidsvest polyester reflecterend hoge zichtbaarheid. Ideaal voor professionals. Mogelijkheid tot personalisatie voor een betere identificatie.","es":"Chaleco de seguridad poli\u00e9ster reflectante alta visibilidad. Ideal para profesionales. Posibilidad de personalizaci\u00f3n para una mejor identificaci\u00f3n.","it":"Gilet di sicurezza in poliestere riflettente ad alta visibilit\u00e0. Ideale per i professionisti. Possibilit\u00e0 di personalizzazione per una migliore identificazione.","sv":"S\u00e4kerhetsgilet polyester reflekterande h\u00f6g synlighet. Idealiskt f\u00f6r professionella. M\u00f6jlighet till personalisering f\u00f6r b\u00e4ttre identifiering.","pt":"Jaqueta de seguran\u00e7a poliester refletora alta visibilidade. Ideal para profissionais. Possibilidade de personaliza\u00e7\u00e3o para uma melhor identifica\u00e7\u00e3o.","da":"Gilet sikkerhed polyester reflekterende h\u00f8j synlighed. Ideel for professionelle. Mulighed for personalisering til bedre identificering.","pl":"Kamizelka bezpiecze\u0144stwa poliestrowy odblaskowy wysokiej widoczno\u015bci. Idealny dla profesjonalist\u00f3w. Mo\u017cliwo\u015b\u0107 personalizacji dla lepszej identyfikacji."}}},"categories":[{"id":329,"name":"Vestes et gilets de s\u00e9curit\u00e9","singular":"Veste et gilet de s\u00e9curit\u00e9","is_feminin":false},{"id":561,"name":"BTP et Industrie","singular":"BTP et Industrie","is_feminin":false},{"id":572,"name":"Textiles r\u00e9fl\u00e9chissants","singular":"Textile r\u00e9fl\u00e9chissant","is_feminin":false},{"id":13,"name":"Vestes et manteaux","singular":"Veste et manteau","is_feminin":true},{"id":559,"name":"Univers","singular":"Univers","is_feminin":false},{"id":354,"name":"Textile","singular":"Textile","is_feminin":false}],"certifications":[],"videos":{"fr":[],"en":[],"de":[],"nl":[],"es":[],"it":[],"sv":[],"pt":[],"da":[],"pl":[]},"main_images":{"miniature":"https:\/\/media.th4.com\/xCYGlWng7j2z5E8m5auh6GCkTbwtMcUMfzqA58Y6dFY\/pr:80\/aHR0cDovL21lZGlhMi5kZXNpZ25wYXJ0bmVyLmZyL2MvcC1ibGFuay1USC8yMjkzLndlYnA?v=1769424865","medium":"https:\/\/media.th4.com\/mY6sKeSKEltR1UY9Or62nS8oGXOMf2Y7XamSpSkOsqc\/pr:550x550greybg\/aHR0cDovL21lZGlhMi5kZXNpZ25wYXJ0bmVyLmZyL2MvcC1ibGFuay1USC8yMjkzLndlYnA?v=1769424865","medium_large":"https:\/\/media.th4.com\/Cx1cVCNfHCI46-h72RLJLRpWfhYeH-C-v82x0TKBtYg\/pr:1000x1000greybg\/aHR0cDovL21lZGlhMi5kZXNpZ25wYXJ0bmVyLmZyL2MvcC1ibGFuay1USC8yMjkzLndlYnA?v=1769424865","large":"https:\/\/media.th4.com\/EKpt-LwXVJDUE8J7P_9PoWXSela9dbqoBhOit2YHEVs\/pr:1920greybg\/aHR0cDovL21lZGlhMi5kZXNpZ25wYXJ0bmVyLmZyL2MvcC1ibGFuay1USC8yMjkzLndlYnA?v=1769424865","opengraph":"https:\/\/media.th4.com\/i-coZV23CgO_SqPZkoKC1f1V7yfAirgeLytETma8Vp4\/pr:1200x630greybg\/aHR0cDovL21lZGlhMi5kZXNpZ25wYXJ0bmVyLmZyL2MvcC1ibGFuay1USC8yMjkzLndlYnA?v=1769424865"},"main_images_customization":{"miniature":"https:\/\/media.th4.com\/AiVB92KgCHzFIIB0XTrUu437Qx4g4XT8oUs9nCCOhO0\/pr:80\/aHR0cDovL21lZGlhMi5kZXNpZ25wYXJ0bmVyLmZyL2MvcC1jdXN0b20tVEgvMjI5My53ZWJw?v=1769425032","medium":"https:\/\/media.th4.com\/uyjA0MxWTvedye45AvTcTOCWI3akEhXW9SqALwVFfP4\/pr:550x550greybg\/aHR0cDovL21lZGlhMi5kZXNpZ25wYXJ0bmVyLmZyL2MvcC1jdXN0b20tVEgvMjI5My53ZWJw?v=1769425032","medium_large":"https:\/\/media.th4.com\/myLq5PMKCpJ4YGedYgPct4GriMywI4TL3hvODxoJin0\/pr:1000x1000greybg\/aHR0cDovL21lZGlhMi5kZXNpZ25wYXJ0bmVyLmZyL2MvcC1jdXN0b20tVEgvMjI5My53ZWJw?v=1769425032","large":"https:\/\/media.th4.com\/6zVIlW09e-dTrxxg0bs1xJBCNQcjhVhS0YXIZNpbs88\/pr:1920greybg\/aHR0cDovL21lZGlhMi5kZXNpZ25wYXJ0bmVyLmZyL2MvcC1jdXN0b20tVEgvMjI5My53ZWJw?v=1769425032","opengraph":"https:\/\/media.th4.com\/I8ZtqAqXP4djE7MhC8rYklX2JcJs1Y-Tg6c8XlS4rZM\/pr:1200x630greybg\/aHR0cDovL21lZGlhMi5kZXNpZ25wYXJ0bmVyLmZyL2MvcC1jdXN0b20tVEgvMjI5My53ZWJw?v=1769425032"},"page_links":{"fr":"\/fr\/p-re-r021x-safety-vest-gilet-securite-r21-2293\/","en":"\/en\/p-re-r021x-safety-vest-r21-2293\/","de":"\/de\/p-re-r021x-sicherheitsweste-sicherheitsschutz-gilet-sicherheit-r21-2293\/","nl":"\/nl\/p-re-r021x-veiligheidsvest-veiligheid-gilet-r21-2293\/","es":"\/es\/p-re-r021x-chaleco-de-seguridad-gilet-seguridad-r21-2293\/","it":"\/it\/p-re-r021x-gilet-di-sicurezza-gilet-di-sicurezza-r21-2293\/","sv":"\/sv\/p-re-r021x-sakerhetsvast-gilet-sakerhet-r21-2293\/","pt":"\/pt\/p-re-r021x-colete-de-seguranca-colete-de-seguranca-r21-2293\/","da":"\/da\/p-re-r021x-sikkerhedsvest-sikkerhedsgilet-r21-2293\/","pl":"\/pl\/p-re-r021x-kamizelka-bezpieczenstwa-gilet-securite-r21-2293\/"},"page_links_customization":{"fr":"\/fr\/p-re-r021x-safety-vest-gilet-securite-polyester-reflechissant-personnalisation-r21-2293\/custom\/","en":"\/en\/p-re-r021x-safety-vest-reflective-polyester-safety-vest-customization-r21-2293\/custom\/","de":"\/de\/p-re-r021x-sicherheitsweste-sicherheitsweste-polyester-reflektierend-anpassung-r21-2293\/custom\/","nl":"\/nl\/p-re-r021x-veiligheidsvest-veiligheidsvest-polyester-reflecterend-personalisatie-r21-2293\/custom\/","es":"\/es\/p-re-r021x-chaleco-de-seguridad-gilet-seguridad-poliester-reflectante-r21-personalizacion-2293\/custom\/","it":"\/it\/p-re-r021x-gilet-di-sicurezza-giubbotto-di-sicurezza-in-poliestere-riflettente-personalizzazione-r21-2293\/custom\/","sv":"\/sv\/p-re-r021x-sakerhetsvast-sakerhetsgilet-polyester-reflekterande-personalisering-r21-2293\/custom\/","pt":"\/pt\/p-re-r021x-colete-de-seguranca-jaqueta-de-seguranca-poliester-refletora-personalizacao-r21-2293\/custom\/","da":"\/da\/p-re-r021x-sikkerhedsvest-gilet-sikkerhed-polyester-reflekterende-personalisering-r21-2293\/custom\/","pl":"\/pl\/p-re-r021x-kamizelka-bezpieczenstwa-gilet-bezpieczenstwa-poliestrowy-odblaskowy-personalizacja-r21-2293\/custom\/"},"equivalent_products":[],"colors":[{"id":2457,"name":"fluorescent_yellow","class_ids":[13,12],"codes_hexa":["f9eb54"],"delai_24":false,"has_3d":false,"seuil_global":0,"stock_local":0,"stock_global":540,"on_standby":false,"in_catalog":true,"images":{"miniature":["https:\/\/media.th4.com\/506rWqiIPbekm7PP4g1tNPRGdEAHtdD7np7uGS0eF5w\/pr:80\/aHR0cDovL21lZGlhMi5kZXNpZ25wYXJ0bmVyLmZyL2MvcC8yMjkzLzIyOTMtMjQ1Ny0xLndlYnA?v=1769423486"],"medium":["https:\/\/media.th4.com\/rXnn53uCNKTZtE35wDL6Py052oX_lrXHIZ4a58ikxUI\/pr:550x550\/aHR0cDovL21lZGlhMi5kZXNpZ25wYXJ0bmVyLmZyL2MvcC8yMjkzLzIyOTMtMjQ1Ny0xLndlYnA?v=1769423486"],"medium_large":["https:\/\/media.th4.com\/g6s7tPwSX0NqnYjzTuFHhkddwHFk3vx2t3uknikwBYE\/pr:1000x1000\/aHR0cDovL21lZGlhMi5kZXNpZ25wYXJ0bmVyLmZyL2MvcC8yMjkzLzIyOTMtMjQ1Ny0xLndlYnA?v=1769423486"],"large":["https:\/\/media.th4.com\/LaSQ_XCktNta3tTSkt9-a38fWuJ5hJqQHvzlBNg9cHU\/pr:1920\/aHR0cDovL21lZGlhMi5kZXNpZ25wYXJ0bmVyLmZyL2MvcC8yMjkzLzIyOTMtMjQ1Ny0xLndlYnA?v=1769423486"],"opengraph":["https:\/\/media.th4.com\/S6DjqquFsiR5YDcJMu5xBz9f7OfK_AZyaDOgMv1yACc\/pr:1200x630\/aHR0cDovL21lZGlhMi5kZXNpZ25wYXJ0bmVyLmZyL2MvcC8yMjkzLzIyOTMtMjQ1Ny0xLndlYnA?v=1769423486"]},"images_customization":{"miniature":["https:\/\/media.th4.com\/506rWqiIPbekm7PP4g1tNPRGdEAHtdD7np7uGS0eF5w\/pr:80\/aHR0cDovL21lZGlhMi5kZXNpZ25wYXJ0bmVyLmZyL2MvcC8yMjkzLzIyOTMtMjQ1Ny0xLndlYnA?v=1769423486"],"medium":["https:\/\/media.th4.com\/rXnn53uCNKTZtE35wDL6Py052oX_lrXHIZ4a58ikxUI\/pr:550x550\/aHR0cDovL21lZGlhMi5kZXNpZ25wYXJ0bmVyLmZyL2MvcC8yMjkzLzIyOTMtMjQ1Ny0xLndlYnA?v=1769423486"],"medium_large":["https:\/\/media.th4.com\/g6s7tPwSX0NqnYjzTuFHhkddwHFk3vx2t3uknikwBYE\/pr:1000x1000\/aHR0cDovL21lZGlhMi5kZXNpZ25wYXJ0bmVyLmZyL2MvcC8yMjkzLzIyOTMtMjQ1Ny0xLndlYnA?v=1769423486"],"large":["https:\/\/media.th4.com\/LaSQ_XCktNta3tTSkt9-a38fWuJ5hJqQHvzlBNg9cHU\/pr:1920\/aHR0cDovL21lZGlhMi5kZXNpZ25wYXJ0bmVyLmZyL2MvcC8yMjkzLzIyOTMtMjQ1Ny0xLndlYnA?v=1769423486"],"opengraph":["https:\/\/media.th4.com\/S6DjqquFsiR5YDcJMu5xBz9f7OfK_AZyaDOgMv1yACc\/pr:1200x630\/aHR0cDovL21lZGlhMi5kZXNpZ25wYXJ0bmVyLmZyL2MvcC8yMjkzLzIyOTMtMjQ1Ny0xLndlYnA?v=1769423486"]},"country_origin":"CN","traceability":{"manufacturing_country_id":null,"weaving_country_id":null,"dyeing_country_id":null},"sizes":[{"id":78,"article_id":63061,"class_id":0,"name":"S\/M","on_standby":false,"stock_local":0,"stock_global":183,"multiple":1,"estimated_date_reassort":null,"is_destocking":false},{"id":77,"article_id":63062,"class_id":0,"name":"L\/XL","on_standby":false,"stock_local":0,"stock_global":132,"multiple":1,"estimated_date_reassort":null,"is_destocking":false},{"id":1116,"article_id":246508,"class_id":7,"name":"2XL","on_standby":false,"stock_local":0,"stock_global":115,"multiple":1,"estimated_date_reassort":null,"is_destocking":false},{"id":1081,"article_id":531710,"class_id":8,"name":"3XL","on_standby":false,"stock_local":0,"stock_global":110,"multiple":1,"estimated_date_reassort":null,"is_destocking":false}],"page_links":{"fr":"\/fr\/p-re-r021x-safety-vest-gilet-securite-r21-2293\/fluorescent-yellow-2457\/","en":"\/en\/p-re-r021x-safety-vest-r21-2293\/fluorescent-yellow-2457\/","de":"\/de\/p-re-r021x-sicherheitsweste-sicherheitsschutz-gilet-sicherheit-r21-2293\/fluorescent-yellow-2457\/","nl":"\/nl\/p-re-r021x-veiligheidsvest-veiligheid-gilet-r21-2293\/fluorescent-yellow-2457\/","es":"\/es\/p-re-r021x-chaleco-de-seguridad-gilet-seguridad-r21-2293\/fluorescent-yellow-2457\/","it":"\/it\/p-re-r021x-gilet-di-sicurezza-gilet-di-sicurezza-r21-2293\/fluorescent-yellow-2457\/","sv":"\/sv\/p-re-r021x-sakerhetsvast-gilet-sakerhet-r21-2293\/fluorescent-yellow-2457\/","pt":"\/pt\/p-re-r021x-colete-de-seguranca-colete-de-seguranca-r21-2293\/fluorescent-yellow-2457\/","da":"\/da\/p-re-r021x-sikkerhedsvest-sikkerhedsgilet-r21-2293\/fluorescent-yellow-2457\/","pl":"\/pl\/p-re-r021x-kamizelka-bezpieczenstwa-gilet-securite-r21-2293\/fluorescent-yellow-2457\/"},"page_links_customization":{"fr":"\/fr\/p-re-r021x-safety-vest-gilet-securite-polyester-reflechissant-personnalisation-r21-2293\/fluorescent-yellow-2457\/custom\/","en":"\/en\/p-re-r021x-safety-vest-reflective-polyester-safety-vest-customization-r21-2293\/fluorescent-yellow-2457\/custom\/","de":"\/de\/p-re-r021x-sicherheitsweste-sicherheitsweste-polyester-reflektierend-anpassung-r21-2293\/fluorescent-yellow-2457\/custom\/","nl":"\/nl\/p-re-r021x-veiligheidsvest-veiligheidsvest-polyester-reflecterend-personalisatie-r21-2293\/fluorescent-yellow-2457\/custom\/","es":"\/es\/p-re-r021x-chaleco-de-seguridad-gilet-seguridad-poliester-reflectante-r21-personalizacion-2293\/fluorescent-yellow-2457\/custom\/","it":"\/it\/p-re-r021x-gilet-di-sicurezza-giubbotto-di-sicurezza-in-poliestere-riflettente-personalizzazione-r21-2293\/fluorescent-yellow-2457\/custom\/","sv":"\/sv\/p-re-r021x-sakerhetsvast-sakerhetsgilet-polyester-reflekterande-personalisering-r21-2293\/fluorescent-yellow-2457\/custom\/","pt":"\/pt\/p-re-r021x-colete-de-seguranca-jaqueta-de-seguranca-poliester-refletora-personalizacao-r21-2293\/fluorescent-yellow-2457\/custom\/","da":"\/da\/p-re-r021x-sikkerhedsvest-gilet-sikkerhed-polyester-reflekterende-personalisering-r21-2293\/fluorescent-yellow-2457\/custom\/","pl":"\/pl\/p-re-r021x-kamizelka-bezpieczenstwa-gilet-bezpieczenstwa-poliestrowy-odblaskowy-personalizacja-r21-2293\/fluorescent-yellow-2457\/custom\/"}},{"id":2456,"name":"fluorescent_orange","class_ids":[13,9],"codes_hexa":["eb532c"],"delai_24":false,"has_3d":false,"seuil_global":0,"stock_local":0,"stock_global":500,"on_standby":false,"in_catalog":true,"images":{"miniature":["https:\/\/media.th4.com\/jNMFNmk7qU0dHfBW9D5I8F-3NFutoAUNkJroZtz4SYA\/pr:80\/aHR0cDovL21lZGlhMi5kZXNpZ25wYXJ0bmVyLmZyL2MvcC8yMjkzLzIyOTMtMjQ1Ni0xLndlYnA?v=1769423485","https:\/\/media.th4.com\/D0XW4Zrgs-IijWRwIFwlv_vMtq3UXo7N0tqFduUQl9Y\/pr:80\/aHR0cDovL21lZGlhMi5kZXNpZ25wYXJ0bmVyLmZyL2MvcC8yMjkzLzIyOTMtMjQ1Ni0yLndlYnA?v=1769423485"],"medium":["https:\/\/media.th4.com\/xKTWP6zkK7Y4OfJkIQ1Aj7SKBVEE-nYvFPyDN-9Bj7w\/pr:550x550\/aHR0cDovL21lZGlhMi5kZXNpZ25wYXJ0bmVyLmZyL2MvcC8yMjkzLzIyOTMtMjQ1Ni0xLndlYnA?v=1769423485","https:\/\/media.th4.com\/7izO9k9E_gZSE5pYl4b8nNLirEVdcGpeah2OPZy06Nk\/pr:550x550\/aHR0cDovL21lZGlhMi5kZXNpZ25wYXJ0bmVyLmZyL2MvcC8yMjkzLzIyOTMtMjQ1Ni0yLndlYnA?v=1769423485"],"medium_large":["https:\/\/media.th4.com\/Hc7ee3XEFAW8Qckg4ROf-ITzThBWvDigkPqjei3ZxcQ\/pr:1000x1000\/aHR0cDovL21lZGlhMi5kZXNpZ25wYXJ0bmVyLmZyL2MvcC8yMjkzLzIyOTMtMjQ1Ni0xLndlYnA?v=1769423485","https:\/\/media.th4.com\/oeGL5e-WYQ5l6xJ6PW-eioy8fOKN4igvOO0wavctCjo\/pr:1000x1000\/aHR0cDovL21lZGlhMi5kZXNpZ25wYXJ0bmVyLmZyL2MvcC8yMjkzLzIyOTMtMjQ1Ni0yLndlYnA?v=1769423485"],"large":["https:\/\/media.th4.com\/zJ8x8aEL1sWUxPj7zLTljZ4mlO7G6n2GsfZoifwMqgQ\/pr:1920\/aHR0cDovL21lZGlhMi5kZXNpZ25wYXJ0bmVyLmZyL2MvcC8yMjkzLzIyOTMtMjQ1Ni0xLndlYnA?v=1769423485","https:\/\/media.th4.com\/8gNZvflkpIFtzIbDR5ADStGsGAqq4HWqeGtDV9W1UcI\/pr:1920\/aHR0cDovL21lZGlhMi5kZXNpZ25wYXJ0bmVyLmZyL2MvcC8yMjkzLzIyOTMtMjQ1Ni0yLndlYnA?v=1769423485"],"opengraph":["https:\/\/media.th4.com\/i4rypwux0BrvyAajJM4B13VJboFppgFLLtzUzDkSbfo\/pr:1200x630\/aHR0cDovL21lZGlhMi5kZXNpZ25wYXJ0bmVyLmZyL2MvcC8yMjkzLzIyOTMtMjQ1Ni0xLndlYnA?v=1769423485","https:\/\/media.th4.com\/59n20zaOWRt-4m6E2Ozps0_IKluttZNJy-Fa28UJeUc\/pr:1200x630\/aHR0cDovL21lZGlhMi5kZXNpZ25wYXJ0bmVyLmZyL2MvcC8yMjkzLzIyOTMtMjQ1Ni0yLndlYnA?v=1769423485"]},"images_customization":{"miniature":["https:\/\/media.th4.com\/jNMFNmk7qU0dHfBW9D5I8F-3NFutoAUNkJroZtz4SYA\/pr:80\/aHR0cDovL21lZGlhMi5kZXNpZ25wYXJ0bmVyLmZyL2MvcC8yMjkzLzIyOTMtMjQ1Ni0xLndlYnA?v=1769423485","https:\/\/media.th4.com\/D0XW4Zrgs-IijWRwIFwlv_vMtq3UXo7N0tqFduUQl9Y\/pr:80\/aHR0cDovL21lZGlhMi5kZXNpZ25wYXJ0bmVyLmZyL2MvcC8yMjkzLzIyOTMtMjQ1Ni0yLndlYnA?v=1769423485"],"medium":["https:\/\/media.th4.com\/xKTWP6zkK7Y4OfJkIQ1Aj7SKBVEE-nYvFPyDN-9Bj7w\/pr:550x550\/aHR0cDovL21lZGlhMi5kZXNpZ25wYXJ0bmVyLmZyL2MvcC8yMjkzLzIyOTMtMjQ1Ni0xLndlYnA?v=1769423485","https:\/\/media.th4.com\/7izO9k9E_gZSE5pYl4b8nNLirEVdcGpeah2OPZy06Nk\/pr:550x550\/aHR0cDovL21lZGlhMi5kZXNpZ25wYXJ0bmVyLmZyL2MvcC8yMjkzLzIyOTMtMjQ1Ni0yLndlYnA?v=1769423485"],"medium_large":["https:\/\/media.th4.com\/Hc7ee3XEFAW8Qckg4ROf-ITzThBWvDigkPqjei3ZxcQ\/pr:1000x1000\/aHR0cDovL21lZGlhMi5kZXNpZ25wYXJ0bmVyLmZyL2MvcC8yMjkzLzIyOTMtMjQ1Ni0xLndlYnA?v=1769423485","https:\/\/media.th4.com\/oeGL5e-WYQ5l6xJ6PW-eioy8fOKN4igvOO0wavctCjo\/pr:1000x1000\/aHR0cDovL21lZGlhMi5kZXNpZ25wYXJ0bmVyLmZyL2MvcC8yMjkzLzIyOTMtMjQ1Ni0yLndlYnA?v=1769423485"],"large":["https:\/\/media.th4.com\/zJ8x8aEL1sWUxPj7zLTljZ4mlO7G6n2GsfZoifwMqgQ\/pr:1920\/aHR0cDovL21lZGlhMi5kZXNpZ25wYXJ0bmVyLmZyL2MvcC8yMjkzLzIyOTMtMjQ1Ni0xLndlYnA?v=1769423485","https:\/\/media.th4.com\/8gNZvflkpIFtzIbDR5ADStGsGAqq4HWqeGtDV9W1UcI\/pr:1920\/aHR0cDovL21lZGlhMi5kZXNpZ25wYXJ0bmVyLmZyL2MvcC8yMjkzLzIyOTMtMjQ1Ni0yLndlYnA?v=1769423485"],"opengraph":["https:\/\/media.th4.com\/i4rypwux0BrvyAajJM4B13VJboFppgFLLtzUzDkSbfo\/pr:1200x630\/aHR0cDovL21lZGlhMi5kZXNpZ25wYXJ0bmVyLmZyL2MvcC8yMjkzLzIyOTMtMjQ1Ni0xLndlYnA?v=1769423485","https:\/\/media.th4.com\/59n20zaOWRt-4m6E2Ozps0_IKluttZNJy-Fa28UJeUc\/pr:1200x630\/aHR0cDovL21lZGlhMi5kZXNpZ25wYXJ0bmVyLmZyL2MvcC8yMjkzLzIyOTMtMjQ1Ni0yLndlYnA?v=1769423485"]},"country_origin":"CN","traceability":{"manufacturing_country_id":null,"weaving_country_id":null,"dyeing_country_id":null},"sizes":[{"id":78,"article_id":63058,"class_id":0,"name":"S\/M","on_standby":false,"stock_local":0,"stock_global":97,"multiple":1,"estimated_date_reassort":null,"is_destocking":false},{"id":77,"article_id":63059,"class_id":0,"name":"L\/XL","on_standby":false,"stock_local":0,"stock_global":148,"multiple":1,"estimated_date_reassort":null,"is_destocking":false},{"id":1116,"article_id":246507,"class_id":7,"name":"2XL","on_standby":false,"stock_local":0,"stock_global":141,"multiple":1,"estimated_date_reassort":null,"is_destocking":false},{"id":1081,"article_id":531709,"class_id":8,"name":"3XL","on_standby":false,"stock_local":0,"stock_global":114,"multiple":1,"estimated_date_reassort":null,"is_destocking":false}],"page_links":{"fr":"\/fr\/p-re-r021x-safety-vest-gilet-securite-r21-2293\/fluorescent-orange-2456\/","en":"\/en\/p-re-r021x-safety-vest-r21-2293\/fluorescent-orange-2456\/","de":"\/de\/p-re-r021x-sicherheitsweste-sicherheitsschutz-gilet-sicherheit-r21-2293\/fluorescent-orange-2456\/","nl":"\/nl\/p-re-r021x-veiligheidsvest-veiligheid-gilet-r21-2293\/fluorescent-orange-2456\/","es":"\/es\/p-re-r021x-chaleco-de-seguridad-gilet-seguridad-r21-2293\/fluorescent-orange-2456\/","it":"\/it\/p-re-r021x-gilet-di-sicurezza-gilet-di-sicurezza-r21-2293\/fluorescent-orange-2456\/","sv":"\/sv\/p-re-r021x-sakerhetsvast-gilet-sakerhet-r21-2293\/fluorescent-orange-2456\/","pt":"\/pt\/p-re-r021x-colete-de-seguranca-colete-de-seguranca-r21-2293\/fluorescent-orange-2456\/","da":"\/da\/p-re-r021x-sikkerhedsvest-sikkerhedsgilet-r21-2293\/fluorescent-orange-2456\/","pl":"\/pl\/p-re-r021x-kamizelka-bezpieczenstwa-gilet-securite-r21-2293\/fluorescent-orange-2456\/"},"page_links_customization":{"fr":"\/fr\/p-re-r021x-safety-vest-gilet-securite-polyester-reflechissant-personnalisation-r21-2293\/fluorescent-orange-2456\/custom\/","en":"\/en\/p-re-r021x-safety-vest-reflective-polyester-safety-vest-customization-r21-2293\/fluorescent-orange-2456\/custom\/","de":"\/de\/p-re-r021x-sicherheitsweste-sicherheitsweste-polyester-reflektierend-anpassung-r21-2293\/fluorescent-orange-2456\/custom\/","nl":"\/nl\/p-re-r021x-veiligheidsvest-veiligheidsvest-polyester-reflecterend-personalisatie-r21-2293\/fluorescent-orange-2456\/custom\/","es":"\/es\/p-re-r021x-chaleco-de-seguridad-gilet-seguridad-poliester-reflectante-r21-personalizacion-2293\/fluorescent-orange-2456\/custom\/","it":"\/it\/p-re-r021x-gilet-di-sicurezza-giubbotto-di-sicurezza-in-poliestere-riflettente-personalizzazione-r21-2293\/fluorescent-orange-2456\/custom\/","sv":"\/sv\/p-re-r021x-sakerhetsvast-sakerhetsgilet-polyester-reflekterande-personalisering-r21-2293\/fluorescent-orange-2456\/custom\/","pt":"\/pt\/p-re-r021x-colete-de-seguranca-jaqueta-de-seguranca-poliester-refletora-personalizacao-r21-2293\/fluorescent-orange-2456\/custom\/","da":"\/da\/p-re-r021x-sikkerhedsvest-gilet-sikkerhed-polyester-reflekterende-personalisering-r21-2293\/fluorescent-orange-2456\/custom\/","pl":"\/pl\/p-re-r021x-kamizelka-bezpieczenstwa-gilet-bezpieczenstwa-poliestrowy-odblaskowy-personalizacja-r21-2293\/fluorescent-orange-2456\/custom\/"}}],"documentation_link":"\/pdf\/2293.pdf","countries_availables":["AD","AE","AL","AT","BA","BD","BE","BG","BL","CA","CH","CN","CO","CY","CZ","DE","DK","DO","EE","EG","ES","ET","FI","FR","GB","GE","GF","GP","GR","GT","HK","HN","HR","HT","HU","ID","IE","IN","IS","IT","JO","JP","KE","KH","KP","KR","LA","LK","LS","LT","LU","LV","MA","MF","MG","MK","MM","MN","MQ","MT","MX","MY","NC","NI","NL","PF","PH","PK","PL","PM","PT","RE","RO","SE","SG","SI","SK","SV","SY","TH","TN","TR","TW","TZ","US","VN","WF","YT"]},"infos_customization":[],"features":{"authorize_multi_surfaces":true,"display_order_delay_type":true,"promote_surface_display":true,"tarification_franco_offert":true,"enabled_3d_editor":false},"markings":[{"id":0,"nom":"vierge","finition":null,"libelle":null,"code":null,"dpi":null,"finesse_forme_isolee":null,"finesse_forme_non_isolee":null,"hauteur_minimale_texte":null,"inactif":0,"marquage_interne":1,"quantite_min":null,"parent_id":null,"print_on_support":0,"content":"vierge","description":null},{"id":2,"nom":"fonce","finition":"optimale","libelle":"TopQuadri","code":null,"dpi":400,"finesse_forme_isolee":"0.040","finesse_forme_non_isolee":"0.700","hauteur_minimale_texte":2,"inactif":0,"marquage_interne":1,"quantite_min":null,"parent_id":18,"print_on_support":0,"content":"TopQuadri","description":"pour petites et moyennes s\u00e9ries"},{"id":3,"nom":"serigraphie","finition":"serigraphie","libelle":"SeriCoat","code":null,"dpi":400,"finesse_forme_isolee":"0.040","finesse_forme_non_isolee":"0.700","hauteur_minimale_texte":2,"inactif":0,"marquage_interne":1,"quantite_min":15,"parent_id":18,"print_on_support":0,"content":"SeriCoat","description":"pour moyennes et grandes s\u00e9ries"},{"id":4,"nom":"broderie","finition":"broderie","libelle":"Broderie","code":null,"dpi":400,"finesse_forme_isolee":"0.040","finesse_forme_non_isolee":"0.700","hauteur_minimale_texte":3,"inactif":0,"marquage_interne":1,"quantite_min":null,"parent_id":null,"print_on_support":0,"content":"Broderie","description":null},{"id":8,"nom":"theme","finition":null,"libelle":"Th\u00e8me","code":null,"dpi":null,"finesse_forme_isolee":null,"finesse_forme_non_isolee":null,"hauteur_minimale_texte":null,"inactif":0,"marquage_interne":1,"quantite_min":null,"parent_id":null,"print_on_support":0,"content":"Th\u00e8me","description":null},{"id":9,"nom":"sans","finition":null,"libelle":null,"code":null,"dpi":null,"finesse_forme_isolee":null,"finesse_forme_non_isolee":null,"hauteur_minimale_texte":null,"inactif":0,"marquage_interne":1,"quantite_min":null,"parent_id":null,"print_on_support":0,"content":"sans","description":null},{"id":10,"nom":"photo","finition":null,"libelle":"Photo","code":null,"dpi":null,"finesse_forme_isolee":null,"finesse_forme_non_isolee":null,"hauteur_minimale_texte":null,"inactif":0,"marquage_interne":1,"quantite_min":null,"parent_id":null,"print_on_support":0,"content":"Photo","description":null},{"id":14,"nom":"couleur","finition":null,"libelle":"Couleur","code":null,"dpi":null,"finesse_forme_isolee":null,"finesse_forme_non_isolee":null,"hauteur_minimale_texte":null,"inactif":0,"marquage_interne":1,"quantite_min":null,"parent_id":null,"print_on_support":0,"content":"Couleur","description":null},{"id":15,"nom":"sublimation","finition":"sublimation","libelle":"Sublimation","code":null,"dpi":null,"finesse_forme_isolee":"0.000","finesse_forme_non_isolee":"0.000","hauteur_minimale_texte":2,"inactif":0,"marquage_interne":1,"quantite_min":null,"parent_id":null,"print_on_support":0,"content":"Sublimation","description":null},{"id":16,"nom":"topquadri_uv","finition":null,"libelle":"TopQuadri UV","code":null,"dpi":null,"finesse_forme_isolee":"0.020","finesse_forme_non_isolee":"0.700","hauteur_minimale_texte":2,"inactif":0,"marquage_interne":1,"quantite_min":null,"parent_id":null,"print_on_support":1,"content":null,"description":null},{"id":17,"nom":"topquadri_uvp","finition":null,"libelle":"TopQuadri UVP","code":null,"dpi":null,"finesse_forme_isolee":"0.020","finesse_forme_non_isolee":"0.700","hauteur_minimale_texte":2,"inactif":0,"marquage_interne":1,"quantite_min":null,"parent_id":null,"print_on_support":1,"content":null,"description":null},{"id":18,"nom":"quadri","finition":null,"libelle":"Impression","code":null,"dpi":null,"finesse_forme_isolee":null,"finesse_forme_non_isolee":null,"hauteur_minimale_texte":null,"inactif":0,"marquage_interne":1,"quantite_min":null,"parent_id":null,"print_on_support":0,"content":null,"description":null}]}}