{"data":{"product":{"id":2290,"titre":"Safety Jacket","description":"Ext: 112 g\/m\u00b2, 100 % nylon avec enduit PVC, doublure polyester 140 g\/m\u00b2, 100 %polyester, surpiq\u00fbres losanges, coutures imperm\u00e9abilis\u00e9es, poche int\u00e9rieure, 2 grandes poches ext\u00e9rieures sous rabat pressionn\u00e9, capuche int\u00e9gr\u00e9e, fermeture \u00e0 glissi\u00e8re et patte pressionn\u00e9e, bandes r\u00e9fl\u00e9chissantes 3M devant et dos, acc\u00e8s dans le dos par fermeture \u00e0 glissi\u00e8re pour la d\u00e9coration, EN 471 classe 3.","genre":"mixte","grammage":0,"conditionnement":10,"composition":"polyester","reference":"418.33","reference_visible":"re-r018x","reference_fabricant":"R018X","ref_xor":"745143","in_catalog":true,"is_transfer":false,"is_service":false,"on_standby":false,"has_3d":false,"has_size_guide":false,"has_marking":true,"has_vierge":true,"is_cross_sellable":false,"id_picto":162,"filename_3d":null,"brand":{"id":16,"name":"Result","logo":"logo-result.png","image":"https:\/\/media.th4.com\/R4AINn4EcZGXmGADkvSPvxFxj-96N0ZW37kUw9NCIp8\/pr:brand70x70\/aHR0cDovL21lZGlhMi5kZXNpZ25wYXJ0bmVyLmZyL2MvbS9sb2dvLXJlc3VsdC5wbmc?v=1769696384"},"price_infos":{"price_from":32.71,"quantity":40,"color":{"id":2457,"name":"fluorescent_yellow"},"size":{"id":4,"name":"XL"}},"price_infos_marking":{"price_from":32.32,"quantity":50,"color":{"id":2457,"name":"fluorescent_yellow"},"size":{"id":4,"name":"XL"},"marking":{"id":2,"name":""},"emplacement":"avant","surface_emplacement_id":1,"surface":"coeur"},"i18n":{"blank":{"title":{"fr":"Safety jacket Veste s\u00e9curit\u00e9 RESULT r18","en":"Safety jacket Result r18","de":"Sicherheitsjacke Sicherheitsschutz RESULT r18","nl":"Veiligheidsjas veiligheidsvest RESULT r18","es":"Chaqueta de seguridad Chaqueta de seguridad RESULT r18","it":"Giacca di sicurezza RESULT r18","sv":"S\u00e4kerhetsjacka S\u00e4kerhetsv\u00e4st RESULT r18","pt":"J\u00e1queta de seguran\u00e7a Veste de seguran\u00e7a RESULT r18","da":"Sikkerhedsjakke Sikkerhedsjakke RESULT r18","pl":"Kurtka bezpiecze\u0144stwa Kurtka bezpiecze\u0144stwa RESULT r18"},"description":{"fr":"Cette veste de s\u00e9curit\u00e9 offre une visibilit\u00e9 accrue gr\u00e2ce \u00e0 ses bandes r\u00e9fl\u00e9chissantes 3M et sa conception haute visibilit\u00e9. Elle est con\u00e7ue pour offrir une protection efficace dans des environnements n\u00e9cessitant une bonne visibilit\u00e9. La veste est dot\u00e9e de 2 grandes poches ext\u00e9rieures sous rabat pressionn\u00e9 et d'une poche int\u00e9rieure, offrant un espace de rangement pratique. Sa fermeture \u00e0 glissi\u00e8re et sa patte pressionn\u00e9e assurent une fermeture s\u00e9curis\u00e9e. La capuche int\u00e9gr\u00e9e offre une protection suppl\u00e9mentaire contre les intemp\u00e9ries.\n\n- Surpiq\u00fbres losanges\n- Coutures imperm\u00e9abilis\u00e9es","en":"This safety jacket provides increased visibility thanks to its 3M reflective strips and high visibility design. It is designed to offer effective protection in environments requiring good visibility. The jacket features 2 large outer pockets with flap and press studs and an inner pocket, providing practical storage space. Its zipper and press stud flap ensure secure closure. The integrated hood offers additional protection against the elements. Diamond stitching Sealed seams","de":"Diese Sicherheitsjacke bietet durch die reflektierenden 3M-B\u00e4nder und die hochsichtbare Konstruktion eine erh\u00f6hte Sichtbarkeit. Sie ist f\u00fcr einen effektiven Schutz in Umgebungen entworfen, in denen eine gute Sichtbarkeit erforderlich ist. Die Jacke verf\u00fcgt \u00fcber 2 gro\u00dfe Au\u00dfentaschen unter Druckknopfklappe und eine Innentasche, die praktischen Stauraum bieten. Der Rei\u00dfverschluss und die Druckknopfklappe gew\u00e4hrleisten eine sichere Verschlie\u00dfung. Die integrierte Kapuze bietet zus\u00e4tzlichen Schutz vor den Unbilden der Witterung.\n\n- Rautensteppn\u00e4hte\n- Wasserdichte N\u00e4hte","nl":"Deze veiligheidsjas biedt een verbeterde zichtbaarheid dankzij de 3M-reflecterende strips en de ontwerp met hoge zichtbaarheid. Het is ontworpen om een effectieve bescherming te bieden in omgevingen die een goede zichtbaarheid vereisen. De jas is uitgerust met 2 grote buitenzakken onder drukknopflap en een binnenzak, biedt een handige opslagruimte. De ritssluiting en de drukknopflap zorgen voor een veilige sluiting. De ingebouwde kap biedt extra bescherming tegen de weersinvloeden.\n\n- Diamantsteeknaden\n- Waterdichte naden","es":"Esta chaqueta de seguridad ofrece una visibilidad aumentada gracias a sus bandas reflectantes 3M y su dise\u00f1o de alta visibilidad. Est\u00e1 dise\u00f1ada para ofrecer una protecci\u00f3n efectiva en entornos que requieren una buena visibilidad. La chaqueta est\u00e1 equipada con 2 grandes bolsillos exteriores con solapa de presi\u00f3n y un bolsillo interior, ofreciendo un espacio de almacenamiento pr\u00e1ctico. Su cremallera y solapa de presi\u00f3n aseguran un cierre seguro. La capucha integrada ofrece una protecci\u00f3n adicional contra las inclemencias del tiempo.\n\n- Costuras en diamante\n- Costuras impermeabilizadas","it":"Questa giacca di sicurezza offre una visibilit\u00e0 aumentata grazie alle sue strisce riflettenti 3M e alla sua concezione ad alta visibilit\u00e0. \u00c8 progettata per offrire una protezione efficace in ambienti che richiedono una buona visibilit\u00e0. La giacca \u00e8 dotata di 2 grandi tasche esterne sotto il lembo a pressione e di una tasca interna, offrendo uno spazio di stoccaggio pratico. La chiusura a cerniera e il lembo a pressione assicurano una chiusura sicura. Il cappuccio integrato offre una protezione aggiuntiva contro le intemperie.\n\n- Cuciture a losanghe\n- Cuciture impermeabilizzate","sv":"Denna s\u00e4kerhetsv\u00e4st erbjuder \u00f6kad synlighet tack vare sina reflekterande 3M-remsor och h\u00f6gvisibilitetsdesign. Den \u00e4r utformad f\u00f6r att erbjuda effektivt skydd i milj\u00f6er d\u00e4r god synlighet kr\u00e4vs. V\u00e4sten \u00e4r utrustad med 2 stora yttre fickor med tryckknappslock och en inre ficka, vilket erbjuder praktisk f\u00f6rvaringsutrymme. Dess glidl\u00e5s och tryckknappsl\u00e5s s\u00e4kerst\u00e4ller en s\u00e4ker st\u00e4ngning. Den integrerade huven erbjuder ytterligare skydd mot v\u00e4derlek.","pt":"Esta jaqueta de seguran\u00e7a oferece maior visibilidade gra\u00e7as \u00e0s suas faixas refletivas 3M e ao seu design de alta visibilidade. Ela \u00e9 projetada para oferecer prote\u00e7\u00e3o eficaz em ambientes que exigem boa visibilidade. A jaqueta possui 2 grandes bolsos externos sob aba pressionada e um bolso interno, oferecendo espa\u00e7o de armazenamento pr\u00e1tico. Seu fechamento com z\u00edper e aba pressionada garantem um fechamento seguro. O capuz integrado oferece prote\u00e7\u00e3o adicional contra intemp\u00e9ries.\n\n- Costuras em losangos\n- Costuras impermeabilizadas","da":"Denne sikkerhedsjakke tilbyder \u00f8get synlighed takket v\u00e6re dens 3M reflekserende strimler og sin h\u00f8jsynlige design. Den er udformet til at tilbyde effektiv beskyttelse i milj\u00f8er, der kr\u00e6ver god synlighed. Jakken er udstyret med 2 store eksterne lommer med tryklukning og en indvendig lomme, der tilbyder praktisk opbevaringsplads. Dens glidel\u00e5s og tryklukning sikrer en sikker lukning. Den indbyggede h\u00e6tte tilbyder ekstra beskyttelse mod uvejr.\n\n- Diamants\u00f8m\n- Vandafst\u00f8bende s\u00f8m","pl":"Ta kurtka bezpiecze\u0144stwa zapewnia zwi\u0119kszon\u0105 widoczno\u015b\u0107 dzi\u0119ki paskom odblaskowym 3M i konstrukcji o wysokiej widoczno\u015bci. Zosta\u0142a zaprojektowana, aby zapewni\u0107 skuteczn\u0105 ochron\u0119 w \u015brodowiskach wymagaj\u0105cych dobrej widoczno\u015bci. Kurtka wyposa\u017cona jest w 2 du\u017ce zewn\u0119trzne kieszenie pod klap\u0105 z zamkiem b\u0142yskawicznym i jedn\u0105 kieszen\u0105 wewn\u0119trzn\u0105, co zapewnia wygodne miejsce na przechowywanie. Zamykana zamek b\u0142yskawiczny i klapka z zamkiem b\u0142yskawicznym gwarantuj\u0105 bezpieczne zamkni\u0119cie. Wk\u0142adana kapturka zapewnia dodatkow\u0105 ochron\u0119 przed niepogod\u0105.\n\n- Losowe szwy\n- Wodoodporne szwy"},"h1":{"fr":"Safety jacket Veste s\u00e9curit\u00e9 r18","en":"Safety jacket r18","de":"Sicherheitsjacke Sicherheitsschutz r18","nl":"Veiligheidsjas veiligheidsvest r18","es":"Chaqueta de seguridad Chaqueta de seguridad r18","it":"Giacca di sicurezza r18","sv":"S\u00e4kerhetsjacka S\u00e4kerhetsv\u00e4st r18","pt":"J\u00e1queta de seguran\u00e7a Veste de seguran\u00e7a r18","da":"Sikkerhedsjakke Sikkerhedsjakke r18","pl":"Kurtka bezpiecze\u0144stwa Kurtka bezpiecze\u0144stwa r18"},"meta_description":{"fr":"Veste de s\u00e9curit\u00e9 haute visibilit\u00e9. Confectionn\u00e9e en nylon enduit PVC et doublure polyester. 2 poches ext\u00e9rieures, capuche int\u00e9gr\u00e9e, bandes r\u00e9fl\u00e9chissantes 3M.","en":"High visibility safety jacket. Made of nylon coated PVC and polyester lining. 2 outer pockets, integrated hood, 3M reflective strips.","de":"Hochsichtbare Sicherheitsjacke. Aus nylonbeschichtetem PVC und Polyesterfutter gefertigt. 2 Au\u00dfentaschen, integrierte Kapuze, reflektierende 3M-B\u00e4nder.","nl":"Hoge zichtbaarheidsveiligheidsjas. Gemaakt van nylon met een PVC-beschermlaag en een polyester voering. 2 buitenzakken, ingebouwde kap, 3M-reflecterende strips.","es":"Chaqueta de seguridad de alta visibilidad. Confeccionada en nylon recubierto de PVC y forro de poli\u00e9ster. 2 bolsillos exteriores, capucha integrada, bandas reflectantes 3M.","it":"Giacca di sicurezza ad alta visibilit\u00e0. Realizzata in nylon rivestito PVC e fodera in poliestere. 2 tasche esterne, cappuccio integrato, strisce riflettenti 3M.","sv":"H\u00f6gvisibilitets s\u00e4kerhetsv\u00e4st. Tillverkad av nylon med PVC-bel\u00e4ggning och polyesterfoder. 2 yttre fickor, integrerad huva, reflekterande 3M-remsor.","pt":"J\u00e1queta de seguran\u00e7a de alta visibilidade. Confeccionada em nylon revestido de PVC e forro de poli\u00e9ster. 2 bolsos externos, capuz integrado, faixas refletivas 3M.","da":"Sikkerhedsjakke med h\u00f8j synlighed. Fremstillet i nylon med PVC-bel\u00e6gning og polyesterfoder. 2 eksterne lommer, indbygget h\u00e6tte, 3M reflekserende strimler.","pl":"Kurtka bezpiecze\u0144stwa o wysokiej widoczno\u015bci. Wykonana z nylonu pokrytego PVC i futeru z poliestru. 2 zewn\u0119trzne kieszenie, wk\u0142adana kapturka, paski odblaskowe 3M."}},"custom":{"title":{"fr":"Safety jacket Veste s\u00e9curit\u00e9 bandes r\u00e9fl\u00e9chissantes RESULT personnalisation r18","en":"Safety jacket Safety vest reflective strips RESULT personalization r18","de":"Sicherheitsjacke Sicherheitsweste mit reflektierenden Streifen RESULT Personalisierung r18","nl":"Veiligheidsjas Veiligheidjas reflecterende strepen RESULT personalisatie r18","es":"Chaqueta de seguridad chaqueta de seguridad bandas reflectantes RESULT personalizaci\u00f3n r18","it":"Giacca di sicurezza giacca di sicurezza strisce riflettenti RESULT personalizzazione r18","sv":"S\u00e4kerhetsjacka S\u00e4kerhetsjacka med reflekterande remsor RESULT personifiering r18","pt":"Jaqueta de seguran\u00e7a jaqueta de seguran\u00e7a faixas refletoras RESULT personaliza\u00e7\u00e3o r18","da":"Sikkerhedsjakke Sikkerhedsjakke reflekterende striber RESULT personligg\u00f8relse r18","pl":"Kurtka bezpiecze\u0144stwa Kurtka bezpiecze\u0144stwa pasy odblaskowe RESULT personalizacja r18"},"description":{"fr":"Cette veste de s\u00e9curit\u00e9 offre une excellente visibilit\u00e9 gr\u00e2ce \u00e0 ses bandes r\u00e9fl\u00e9chissantes 3M et sa conception conforme \u00e0 la norme EN 471 classe 3. Fabriqu\u00e9e en nylon enduit PVC pour une durabilit\u00e9 accrue et dot\u00e9e d'une doublure polyester, elle assure confort et protection. Elle dispose de multiples poches pratiques, d'une capuche int\u00e9gr\u00e9e et d'une fermeture \u00e0 glissi\u00e8re prot\u00e9g\u00e9e par une patte pressionn\u00e9e. L'acc\u00e8s dans le dos par fermeture \u00e0 glissi\u00e8re permet une personnalisation facile avec votre logo ou visuel. Cette veste est id\u00e9ale pour les professionnels ayant besoin d'un \u00e9quipement de s\u00e9curit\u00e9 performant et personnalisable. \n\n- Surpiq\u00fbres losanges\n- Coutures imperm\u00e9abilis\u00e9es\n- Poche int\u00e9rieure\n- 2 grandes poches ext\u00e9rieures sous rabat pressionn\u00e9\n- Capuche int\u00e9gr\u00e9e\n- Bandes r\u00e9fl\u00e9chissantes 3M devant et dos","en":"This safety vest offers excellent visibility thanks to its 3M reflective strips and its design compliant with the EN 471 class 3 standard. Made of nylon coated PVC for increased durability and featuring a polyester lining, it ensures comfort and protection. It has multiple practical pockets, an integrated hood, and a zipper protected by a snap tab. Back access via zipper allows for easy customization with your logo or visual. This vest is ideal for professionals needing high-performance and customizable safety equipment. Diamond stitching. Waterproof seams. Interior pocket. 2 large exterior pockets under snap tab. Integrated hood. Reflective strips 3M front and back","de":"Diese Sicherheitsjacke bietet eine ausgezeichnete Sichtbarkeit dank der reflektierenden Streifen von 3M und ihrem Design, das der Norm EN 471 Klasse 3 entspricht. Sie ist aus nylon-beschichtetem PVC f\u00fcr erh\u00f6hte Haltbarkeit gefertigt und mit einer Polyesterf\u00fctterung versehen, die Komfort und Schutz gew\u00e4hrleistet. Sie verf\u00fcgt \u00fcber mehrere praktische Taschen, eine integrierte Kapuze und einen Rei\u00dfverschluss, der durch einen Druckknopf gesch\u00fctzt ist. Der Zugang auf der R\u00fcckseite durch einen Rei\u00dfverschluss erm\u00f6glicht eine einfache Personalisierung mit Ihrem Logo oder Design. Diese Jacke ist ideal f\u00fcr Fachleute, die eine leistungsf\u00e4hige und anpassbare Sicherheitsausr\u00fcstung ben\u00f6tigen. \n\n- Rautensteppn\u00e4hte\n- Wasserdichte N\u00e4hte\n- Innenfach\n- 2 gro\u00dfe Au\u00dfentaschen mit Druckknopfverschluss\n- Integrierte Kapuze\n- Reflektierende Streifen von 3M vorne und hinten","nl":"Deze veiligheidsjas biedt uitstekende zichtbaarheid dankzij de 3M reflecterende strepen en een ontwerp conform aan norm EN 471 klasse 3. Gebreid in nylon met PVC-coating voor verbeterde duurzaamheid en een polyester voering voor comfort en bescherming. Het heeft meerdere handige zakken, een ingebouwde kap en een rits met drukknopbescherming. Toegang achteraan via rits voor eenvoudige personalisatie met uw logo of visuele elementen. Deze jas is ideaal voor professionals die een veilige en aanpasbare uitrusting nodig hebben.\n\n- Ruitenpatroon naad\n- Waterdichte naden\n- Inwendige zak\n- 2 grote buitenzaken onder drukknopdeksel\n- Ingebouwde kap\n- 3M reflecterende strepen voor en achter","es":"Esta chaqueta de seguridad ofrece una excelente visibilidad gracias a sus bandas reflectantes 3M y su dise\u00f1o conforme a la norma EN 471 clase 3. Fabricada en nylon recubierto de PVC para una mayor durabilidad y dotada de una forro de poli\u00e9ster, asegura confort y protecci\u00f3n. Dispone de m\u00faltiples bolsillos pr\u00e1cticos, una capucha integrada y una cremallera protegida por un solapa con bot\u00f3n de presi\u00f3n. El acceso por la espalda mediante cremallera permite una personalizaci\u00f3n f\u00e1cil con su logotipo o dise\u00f1o. Esta chaqueta es ideal para los profesionales que necesitan un equipo de seguridad eficiente y personalizable. \n\n- Costuras de diamante\n- Costuras impermeabilizadas\n- Bolsillo interior\n- 2 grandes bolsillos exteriores bajo solapa con bot\u00f3n de presi\u00f3n\n- Capucha integrada\n- Bandas reflectantes 3M delante y atr\u00e1s","it":"Questa giacca di sicurezza offre un'ottima visibilit\u00e0 grazie alle strisce riflettenti 3M e alla conformit\u00e0 alla norma EN 471 classe 3. Realizzata in nylon rivestito in PVC per una durabilit\u00e0 maggiore e dotata di una fodera in poliestere, garantisce comfort e protezione. Dispone di numerose tasche pratiche, di un cappuccio integrato e di una chiusura lampo protetta da una patta pressione. L'accesso nella parte posteriore con chiusura lampo consente una facile personalizzazione con il tuo logo o visivo. Questa giacca \u00e8 ideale per i professionisti che necessitano di un equipaggiamento di sicurezza performante e personalizzabile.\n\n- Cuciture a losanghe\n- Cuciture impermeabilizzate\n- Tasca interna\n- 2 grandi tasche esterne sotto patta a pressione\n- Cappuccio integrato\n- Strisce riflettenti 3M davanti e dietro","sv":"Denna s\u00e4kerhetsjacka erbjuder utm\u00e4rkt synlighet tack vare sina reflekterande remsor 3M och sin utformning enligt standard EN 471 klass 3. Tillverkad i nylon belagt med PVC f\u00f6r \u00f6kad h\u00e5llbarhet och med en foder av polyester, den garanterar komfort och skydd. Den \u00e4r utrustad med flera praktiska fickor, en integrerad huva och en dragkedja skyddad av ett tryckknappslock. Tillg\u00e5ng bakom via dragkedja g\u00f6r det enkelt att anpassa med ditt logo eller visuella. Denna jacka \u00e4r idealisk f\u00f6r yrkesverksamma som beh\u00f6ver ett prestationsfullt och anpassningsbart s\u00e4kerhetsutrustning.\n\n- Losangformade s\u00f6mmar\n- F\u00f6rseglade s\u00f6mmar\n- Inre ficka\n- 2 stora ytterfickor under tryckknappslock\n- Integrerad huva\n- Reflexband 3M fram och bak","pt":"Esta jaqueta de seguran\u00e7a oferece excelente visibilidade gra\u00e7as \u00e0s suas faixas refletoras 3M e ao seu design conforme a norma EN 471 classe 3. Fabricada em nylon revestido PVC para maior durabilidade e com forro de poli\u00e9ster, garante conforto e prote\u00e7\u00e3o. Possui m\u00faltiplos bolsos pr\u00e1ticos, capuz integrado e z\u00edper protegido por aba pressionada. O acesso pelas costas com z\u00edper permite personaliza\u00e7\u00e3o f\u00e1cil com seu logotipo ou visual. Esta jaqueta \u00e9 ideal para profissionais que precisam de um equipamento de seguran\u00e7a de alto desempenho e personaliz\u00e1vel.\n\n- Costuras em losangos\n- Costuras impermeabilizadas\n- Bolso interno\n- 2 grandes bolsos externos sob aba pressionada\n- Capuz integrado\n- Faixas refletoras 3M na frente e nas costas","da":"Denne sikkerhedsjakke tilbyder fremragende synlighed takket v\u00e6re dens reflekterende 3M striber og en konstruktion i overensstemmelse med norm EN 471 klasse 3. Fremstillet i nylon belagt PVC for \u00f8get holdbarhed og med en foring af polyester, sikrer den komfort og beskyttelse. Den har flere praktiske lommer, en indbygget h\u00e6tte og en lyseglidel\u00e5s beskyttet af en trykknap. Adgang bagfra via lyseglidel\u00e5s tillader nem personligg\u00f8relse med dit logo eller visuel. Denne jakke er ideel til fagfolk, der har brug for en effektiv og personligg\u00f8rbar sikkerhedsudstyr.\n\n- Diamantsting\n- Vandafvisende s\u00f8mme\n- Indre lomme\n- 2 store ydre lommer under trykknap\n- Indbygget h\u00e6tte\n- Reflekterende 3M striber foran og bagp\u00e5","pl":"Ta kurtka bezpiecze\u0144stwa zapewnia doskona\u0142\u0105 widoczno\u015b\u0107 dzi\u0119ki pasom odblaskowym 3M i konstrukcji zgodnej z norm\u0105 EN 471 klasa 3. Wykonana z nylonu z pow\u0142ok\u0105 PVC dla zwi\u0119kszonej trwa\u0142o\u015bci i wyposa\u017cona w podszewk\u0119 z poliestru, zapewnia komfort i ochron\u0119. Dispone di pi\u00f9 tasche pratiche, un cappuccio integrato e una chiusura lampo protetta da un lembo a pressione. Dost\u0119p do ty\u0142u przez zamek b\u0142yskawiczny umo\u017cliwia \u0142atw\u0105 personalizacj\u0119 z logiem lub wzorem. Ta kurtka jest idealna dla profesjonalist\u00f3w potrzebuj\u0105cych wyposa\u017cenia bezpiecze\u0144stwa o wysokiej wydajno\u015bci i mo\u017cliwo\u015bci personalizacji.\n\n- Szwy losowe\n- Szwy wodoodporne\n- Wewn\u0119trzny kiesze\u0144\n- 2 du\u017ce zewn\u0119trzne kieszenie pod klap\u0105 z przyciskiem\n- Wbudowany kaptur\n- Pasy odblaskowe 3M z przodu i z ty\u0142u"},"h1":{"fr":"Safety jacket Veste s\u00e9curit\u00e9 bandes r\u00e9fl\u00e9chissantes r18 personnalisation","en":"Safety jacket Safety vest reflective strips r18 personalization","de":"Sicherheitsjacke Sicherheitsweste mit reflektierenden Streifen r18 Personalisierung","nl":"Veiligheidsjas Veiligheidjas reflecterende strepen r18 personalisatie","es":"Chaqueta de seguridad chaqueta de seguridad bandas reflectantes r18 personalizaci\u00f3n","it":"Giacca di sicurezza giacca di sicurezza strisce riflettenti r18 personalizzazione","sv":"S\u00e4kerhetsjacka S\u00e4kerhetsjacka med reflekterande remsor r18 personifiering","pt":"Jaqueta de seguran\u00e7a jaqueta de seguran\u00e7a faixas refletoras r18 personaliza\u00e7\u00e3o","da":"Sikkerhedsjakke Sikkerhedsjakke reflekterende striber r18 personligg\u00f8relse","pl":"Kurtka bezpiecze\u0144stwa Kurtka bezpiecze\u0144stwa pasy odblaskowe r18 personalizacja"},"meta_description":{"fr":"Veste de s\u00e9curit\u00e9 bandes r\u00e9fl\u00e9chissantes RESULT, offrant visibilit\u00e9 et protection. Personnalisable pour votre entreprise. Norme EN 471 classe 3.","en":"Safety vest reflective strips RESULT, offering visibility and protection. Customizable for your company. EN 471 class 3 standard.","de":"Sicherheitsweste mit reflektierenden Streifen RESULT, die Sichtbarkeit und Schutz bietet. Anpassbar f\u00fcr Ihr Unternehmen. Norm EN 471 Klasse 3.","nl":"Veiligheidsjas met reflecterende strepen RESULT, biedt zichtbaarheid en bescherming. Personaliseerbaar voor uw bedrijf. Norm EN 471 klasse 3.","es":"Chaqueta de seguridad bandas reflectantes RESULT, ofreciendo visibilidad y protecci\u00f3n. Personalizable para su empresa. Norma EN 471 clase 3.","it":"Giacca di sicurezza strisce riflettenti RESULT, offrendo visibilit\u00e0 e protezione. Personalizzabile per la tua azienda. Norma EN 471 classe 3.","sv":"S\u00e4kerhetsjacka med reflekterande remsor RESULT, erbjuder synlighet och skydd. Anpassningsbar f\u00f6r ditt f\u00f6retag. Standard EN 471 klass 3.","pt":"Jaqueta de seguran\u00e7a faixas refletoras RESULT, oferecendo visibilidade e prote\u00e7\u00e3o. Personaliz\u00e1vel para sua empresa. Norma EN 471 classe 3.","da":"Sikkerhedsjakke reflekterende striber RESULT, tilbyder synlighed og beskyttelse. Kan personligg\u00f8res for dit firma. Norm EN 471 klasse 3.","pl":"Kurtka bezpiecze\u0144stwa pasy odblaskowe RESULT, oferuj\u0105ca widoczno\u015b\u0107 i ochron\u0119. Personalizowalne dla Twojej firmy. Norma EN 471 klasa 3"}}},"categories":[{"id":329,"name":"Vestes et gilets de s\u00e9curit\u00e9","singular":"Veste et gilet de s\u00e9curit\u00e9","is_feminin":false},{"id":561,"name":"BTP et Industrie","singular":"BTP et Industrie","is_feminin":false},{"id":572,"name":"Textiles r\u00e9fl\u00e9chissants","singular":"Textile r\u00e9fl\u00e9chissant","is_feminin":false},{"id":13,"name":"Vestes et manteaux","singular":"Veste et manteau","is_feminin":true},{"id":559,"name":"Univers","singular":"Univers","is_feminin":false},{"id":354,"name":"Textile","singular":"Textile","is_feminin":false}],"certifications":[],"videos":{"fr":[],"en":[],"de":[],"nl":[],"es":[],"it":[],"sv":[],"pt":[],"da":[],"pl":[]},"main_images":{"miniature":"https:\/\/media.th4.com\/v-blg6_Qv5DpAROhUSb2qS8A6AzWMNK6pV4VO1CMjf0\/pr:80\/aHR0cDovL21lZGlhMi5kZXNpZ25wYXJ0bmVyLmZyL2MvcC1NVC8yMjkwLmpwZw?v=1642604441","medium":"https:\/\/media.th4.com\/u5Vgx3uJTXCFx9TIcSB0mCLHEyt_zz5YoMQFfbkOw9E\/pr:550x550greybg\/aHR0cDovL21lZGlhMi5kZXNpZ25wYXJ0bmVyLmZyL2MvcC1NVC8yMjkwLmpwZw?v=1642604441","medium_large":"https:\/\/media.th4.com\/nevydshA0bNmiWqImYlNWodVSotwz5JQ64HkBxN8yj0\/pr:1000x1000greybg\/aHR0cDovL21lZGlhMi5kZXNpZ25wYXJ0bmVyLmZyL2MvcC1NVC8yMjkwLmpwZw?v=1642604441","large":"https:\/\/media.th4.com\/NVApAPuPQegYoTA4m7bnvR_c02uUVGJByTZ_aTKcRGo\/pr:1920greybg\/aHR0cDovL21lZGlhMi5kZXNpZ25wYXJ0bmVyLmZyL2MvcC1NVC8yMjkwLmpwZw?v=1642604441","opengraph":"https:\/\/media.th4.com\/XLM2j8s76mprkSPfGe6wKf0KrhDP2b9x_q0lU_Q6heQ\/pr:1200x630greybg\/aHR0cDovL21lZGlhMi5kZXNpZ25wYXJ0bmVyLmZyL2MvcC1NVC8yMjkwLmpwZw?v=1642604441"},"main_images_customization":{"miniature":"https:\/\/media.th4.com\/v-blg6_Qv5DpAROhUSb2qS8A6AzWMNK6pV4VO1CMjf0\/pr:80\/aHR0cDovL21lZGlhMi5kZXNpZ25wYXJ0bmVyLmZyL2MvcC1NVC8yMjkwLmpwZw?v=1642604441","medium":"https:\/\/media.th4.com\/u5Vgx3uJTXCFx9TIcSB0mCLHEyt_zz5YoMQFfbkOw9E\/pr:550x550greybg\/aHR0cDovL21lZGlhMi5kZXNpZ25wYXJ0bmVyLmZyL2MvcC1NVC8yMjkwLmpwZw?v=1642604441","medium_large":"https:\/\/media.th4.com\/nevydshA0bNmiWqImYlNWodVSotwz5JQ64HkBxN8yj0\/pr:1000x1000greybg\/aHR0cDovL21lZGlhMi5kZXNpZ25wYXJ0bmVyLmZyL2MvcC1NVC8yMjkwLmpwZw?v=1642604441","large":"https:\/\/media.th4.com\/NVApAPuPQegYoTA4m7bnvR_c02uUVGJByTZ_aTKcRGo\/pr:1920greybg\/aHR0cDovL21lZGlhMi5kZXNpZ25wYXJ0bmVyLmZyL2MvcC1NVC8yMjkwLmpwZw?v=1642604441","opengraph":"https:\/\/media.th4.com\/XLM2j8s76mprkSPfGe6wKf0KrhDP2b9x_q0lU_Q6heQ\/pr:1200x630greybg\/aHR0cDovL21lZGlhMi5kZXNpZ25wYXJ0bmVyLmZyL2MvcC1NVC8yMjkwLmpwZw?v=1642604441"},"page_links":{"fr":"\/fr\/p-re-r018x-safety-jacket-veste-securite-r18-2290\/","en":"\/en\/p-re-r018x-safety-jacket-r18-2290\/","de":"\/de\/p-re-r018x-sicherheitsjacke-sicherheitsschutz-r18-2290\/","nl":"\/nl\/p-re-r018x-veiligheidsjas-veiligheidsvest-r18-2290\/","es":"\/es\/p-re-r018x-chaqueta-de-seguridad-chaqueta-de-seguridad-r18-2290\/","it":"\/it\/p-re-r018x-giacca-di-sicurezza-r18-2290\/","sv":"\/sv\/p-re-r018x-sakerhetsjacka-sakerhetsvast-r18-2290\/","pt":"\/pt\/p-re-r018x-jaqueta-de-seguranca-veste-de-seguranca-r18-2290\/","da":"\/da\/p-re-r018x-sikkerhedsjakke-sikkerhedsjakke-r18-2290\/","pl":"\/pl\/p-re-r018x-kurtka-bezpieczenstwa-kurtka-bezpieczenstwa-r18-2290\/"},"page_links_customization":{"fr":"\/fr\/p-re-r018x-safety-jacket-veste-securite-bandes-reflechissantes-r18-personnalisation-2290\/custom\/","en":"\/en\/p-re-r018x-safety-jacket-safety-vest-reflective-strips-r18-personalization-2290\/custom\/","de":"\/de\/p-re-r018x-sicherheitsjacke-sicherheitsweste-mit-reflektierenden-streifen-r18-personalisierung-2290\/custom\/","nl":"\/nl\/p-re-r018x-veiligheidsjas-veiligheidjas-reflecterende-strepen-r18-personalisatie-2290\/custom\/","es":"\/es\/p-re-r018x-chaqueta-de-seguridad-chaqueta-de-seguridad-bandas-reflectantes-r18-personalizacion-2290\/custom\/","it":"\/it\/p-re-r018x-giacca-di-sicurezza-giacca-di-sicurezza-strisce-riflettenti-r18-personalizzazione-2290\/custom\/","sv":"\/sv\/p-re-r018x-sakerhetsjacka-sakerhetsjacka-med-reflekterande-remsor-r18-personifiering-2290\/custom\/","pt":"\/pt\/p-re-r018x-jaqueta-de-seguranca-jaqueta-de-seguranca-faixas-refletoras-r18-personalizacao-2290\/custom\/","da":"\/da\/p-re-r018x-sikkerhedsjakke-sikkerhedsjakke-reflekterende-striber-r18-personliggorelse-2290\/custom\/","pl":"\/pl\/p-re-r018x-kurtka-bezpieczenstwa-kurtka-bezpieczenstwa-pasy-odblaskowe-r18-personalizacja-2290\/custom\/"},"equivalent_products":[],"colors":[{"id":2457,"name":"fluorescent_yellow","class_ids":[13,12],"codes_hexa":["f9eb54"],"delai_24":false,"has_3d":false,"seuil_global":0,"stock_local":0,"stock_global":198,"on_standby":false,"in_catalog":true,"images":{"miniature":["https:\/\/media.th4.com\/io_p2aGfQBHuf-Xpb-vH2WIbJ16bGDh78UdDXlZu7SU\/pr:80\/aHR0cDovL21lZGlhMi5kZXNpZ25wYXJ0bmVyLmZyL2MvcC8yMjkwLzIyOTAtMjQ1Ny0xLndlYnA?v=1769423484","https:\/\/media.th4.com\/5gPjVsjZRbGcvyb3k1zq4carYaVbitHG9yNsODxNLmk\/pr:80\/aHR0cDovL21lZGlhMi5kZXNpZ25wYXJ0bmVyLmZyL2MvcC8yMjkwLzIyOTAtMjQ1Ny0yLndlYnA?v=1769423485"],"medium":["https:\/\/media.th4.com\/oEwpep3RWt3UzGm6RLXE9_PNaUH25IqRXwsufHWeZDw\/pr:550x550\/aHR0cDovL21lZGlhMi5kZXNpZ25wYXJ0bmVyLmZyL2MvcC8yMjkwLzIyOTAtMjQ1Ny0xLndlYnA?v=1769423484","https:\/\/media.th4.com\/HPcPrP7sr43sdKq6Mso_O-d_9tasbSL7j7ta-N6vfp4\/pr:550x550\/aHR0cDovL21lZGlhMi5kZXNpZ25wYXJ0bmVyLmZyL2MvcC8yMjkwLzIyOTAtMjQ1Ny0yLndlYnA?v=1769423485"],"medium_large":["https:\/\/media.th4.com\/xq8ISkz8kjSs0ql9qxxor4a8MP1xn3UkaHxYbvmjdMc\/pr:1000x1000\/aHR0cDovL21lZGlhMi5kZXNpZ25wYXJ0bmVyLmZyL2MvcC8yMjkwLzIyOTAtMjQ1Ny0xLndlYnA?v=1769423484","https:\/\/media.th4.com\/JSAt3u2rccR-h3p78VTN3HQNmeFBTg8x3x4QNFgRiXs\/pr:1000x1000\/aHR0cDovL21lZGlhMi5kZXNpZ25wYXJ0bmVyLmZyL2MvcC8yMjkwLzIyOTAtMjQ1Ny0yLndlYnA?v=1769423485"],"large":["https:\/\/media.th4.com\/mqtvyeKyuOjtfmbzN1P0EQt5XoaQDZvZbA40NreDI8c\/pr:1920\/aHR0cDovL21lZGlhMi5kZXNpZ25wYXJ0bmVyLmZyL2MvcC8yMjkwLzIyOTAtMjQ1Ny0xLndlYnA?v=1769423484","https:\/\/media.th4.com\/SQsZlEDGlk3v0wQR2L0rXv3q3nNk2GzsifiFBz9bOMI\/pr:1920\/aHR0cDovL21lZGlhMi5kZXNpZ25wYXJ0bmVyLmZyL2MvcC8yMjkwLzIyOTAtMjQ1Ny0yLndlYnA?v=1769423485"],"opengraph":["https:\/\/media.th4.com\/ks-d4UYDCOAxBvtGeFLYjGyhoAPSoG9QVz73-v2ab1o\/pr:1200x630\/aHR0cDovL21lZGlhMi5kZXNpZ25wYXJ0bmVyLmZyL2MvcC8yMjkwLzIyOTAtMjQ1Ny0xLndlYnA?v=1769423484","https:\/\/media.th4.com\/wq2dKFfL6vsDJm9gxumNQuxUULSxPCbaffdvN1eY1oI\/pr:1200x630\/aHR0cDovL21lZGlhMi5kZXNpZ25wYXJ0bmVyLmZyL2MvcC8yMjkwLzIyOTAtMjQ1Ny0yLndlYnA?v=1769423485"]},"images_customization":{"miniature":["https:\/\/media.th4.com\/io_p2aGfQBHuf-Xpb-vH2WIbJ16bGDh78UdDXlZu7SU\/pr:80\/aHR0cDovL21lZGlhMi5kZXNpZ25wYXJ0bmVyLmZyL2MvcC8yMjkwLzIyOTAtMjQ1Ny0xLndlYnA?v=1769423484","https:\/\/media.th4.com\/5gPjVsjZRbGcvyb3k1zq4carYaVbitHG9yNsODxNLmk\/pr:80\/aHR0cDovL21lZGlhMi5kZXNpZ25wYXJ0bmVyLmZyL2MvcC8yMjkwLzIyOTAtMjQ1Ny0yLndlYnA?v=1769423485"],"medium":["https:\/\/media.th4.com\/oEwpep3RWt3UzGm6RLXE9_PNaUH25IqRXwsufHWeZDw\/pr:550x550\/aHR0cDovL21lZGlhMi5kZXNpZ25wYXJ0bmVyLmZyL2MvcC8yMjkwLzIyOTAtMjQ1Ny0xLndlYnA?v=1769423484","https:\/\/media.th4.com\/HPcPrP7sr43sdKq6Mso_O-d_9tasbSL7j7ta-N6vfp4\/pr:550x550\/aHR0cDovL21lZGlhMi5kZXNpZ25wYXJ0bmVyLmZyL2MvcC8yMjkwLzIyOTAtMjQ1Ny0yLndlYnA?v=1769423485"],"medium_large":["https:\/\/media.th4.com\/xq8ISkz8kjSs0ql9qxxor4a8MP1xn3UkaHxYbvmjdMc\/pr:1000x1000\/aHR0cDovL21lZGlhMi5kZXNpZ25wYXJ0bmVyLmZyL2MvcC8yMjkwLzIyOTAtMjQ1Ny0xLndlYnA?v=1769423484","https:\/\/media.th4.com\/JSAt3u2rccR-h3p78VTN3HQNmeFBTg8x3x4QNFgRiXs\/pr:1000x1000\/aHR0cDovL21lZGlhMi5kZXNpZ25wYXJ0bmVyLmZyL2MvcC8yMjkwLzIyOTAtMjQ1Ny0yLndlYnA?v=1769423485"],"large":["https:\/\/media.th4.com\/mqtvyeKyuOjtfmbzN1P0EQt5XoaQDZvZbA40NreDI8c\/pr:1920\/aHR0cDovL21lZGlhMi5kZXNpZ25wYXJ0bmVyLmZyL2MvcC8yMjkwLzIyOTAtMjQ1Ny0xLndlYnA?v=1769423484","https:\/\/media.th4.com\/SQsZlEDGlk3v0wQR2L0rXv3q3nNk2GzsifiFBz9bOMI\/pr:1920\/aHR0cDovL21lZGlhMi5kZXNpZ25wYXJ0bmVyLmZyL2MvcC8yMjkwLzIyOTAtMjQ1Ny0yLndlYnA?v=1769423485"],"opengraph":["https:\/\/media.th4.com\/ks-d4UYDCOAxBvtGeFLYjGyhoAPSoG9QVz73-v2ab1o\/pr:1200x630\/aHR0cDovL21lZGlhMi5kZXNpZ25wYXJ0bmVyLmZyL2MvcC8yMjkwLzIyOTAtMjQ1Ny0xLndlYnA?v=1769423484","https:\/\/media.th4.com\/wq2dKFfL6vsDJm9gxumNQuxUULSxPCbaffdvN1eY1oI\/pr:1200x630\/aHR0cDovL21lZGlhMi5kZXNpZ25wYXJ0bmVyLmZyL2MvcC8yMjkwLzIyOTAtMjQ1Ny0yLndlYnA?v=1769423485"]},"country_origin":"CN","traceability":{"manufacturing_country_id":null,"weaving_country_id":null,"dyeing_country_id":null},"sizes":[{"id":3,"article_id":63019,"class_id":3,"name":"S","on_standby":false,"stock_local":0,"stock_global":23,"multiple":1,"estimated_date_reassort":null,"is_destocking":false},{"id":2,"article_id":63020,"class_id":4,"name":"M","on_standby":false,"stock_local":0,"stock_global":33,"multiple":1,"estimated_date_reassort":null,"is_destocking":false},{"id":1,"article_id":63021,"class_id":5,"name":"L","on_standby":false,"stock_local":0,"stock_global":46,"multiple":1,"estimated_date_reassort":null,"is_destocking":false},{"id":4,"article_id":63022,"class_id":6,"name":"XL","on_standby":false,"stock_local":0,"stock_global":50,"multiple":1,"estimated_date_reassort":null,"is_destocking":false},{"id":1116,"article_id":246500,"class_id":7,"name":"2XL","on_standby":false,"stock_local":0,"stock_global":25,"multiple":1,"estimated_date_reassort":null,"is_destocking":false},{"id":1081,"article_id":235538,"class_id":8,"name":"3XL","on_standby":false,"stock_local":0,"stock_global":21,"multiple":1,"estimated_date_reassort":null,"is_destocking":false}],"page_links":{"fr":"\/fr\/p-re-r018x-safety-jacket-veste-securite-r18-2290\/fluorescent-yellow-2457\/","en":"\/en\/p-re-r018x-safety-jacket-r18-2290\/fluorescent-yellow-2457\/","de":"\/de\/p-re-r018x-sicherheitsjacke-sicherheitsschutz-r18-2290\/fluorescent-yellow-2457\/","nl":"\/nl\/p-re-r018x-veiligheidsjas-veiligheidsvest-r18-2290\/fluorescent-yellow-2457\/","es":"\/es\/p-re-r018x-chaqueta-de-seguridad-chaqueta-de-seguridad-r18-2290\/fluorescent-yellow-2457\/","it":"\/it\/p-re-r018x-giacca-di-sicurezza-r18-2290\/fluorescent-yellow-2457\/","sv":"\/sv\/p-re-r018x-sakerhetsjacka-sakerhetsvast-r18-2290\/fluorescent-yellow-2457\/","pt":"\/pt\/p-re-r018x-jaqueta-de-seguranca-veste-de-seguranca-r18-2290\/fluorescent-yellow-2457\/","da":"\/da\/p-re-r018x-sikkerhedsjakke-sikkerhedsjakke-r18-2290\/fluorescent-yellow-2457\/","pl":"\/pl\/p-re-r018x-kurtka-bezpieczenstwa-kurtka-bezpieczenstwa-r18-2290\/fluorescent-yellow-2457\/"},"page_links_customization":{"fr":"\/fr\/p-re-r018x-safety-jacket-veste-securite-bandes-reflechissantes-r18-personnalisation-2290\/fluorescent-yellow-2457\/custom\/","en":"\/en\/p-re-r018x-safety-jacket-safety-vest-reflective-strips-r18-personalization-2290\/fluorescent-yellow-2457\/custom\/","de":"\/de\/p-re-r018x-sicherheitsjacke-sicherheitsweste-mit-reflektierenden-streifen-r18-personalisierung-2290\/fluorescent-yellow-2457\/custom\/","nl":"\/nl\/p-re-r018x-veiligheidsjas-veiligheidjas-reflecterende-strepen-r18-personalisatie-2290\/fluorescent-yellow-2457\/custom\/","es":"\/es\/p-re-r018x-chaqueta-de-seguridad-chaqueta-de-seguridad-bandas-reflectantes-r18-personalizacion-2290\/fluorescent-yellow-2457\/custom\/","it":"\/it\/p-re-r018x-giacca-di-sicurezza-giacca-di-sicurezza-strisce-riflettenti-r18-personalizzazione-2290\/fluorescent-yellow-2457\/custom\/","sv":"\/sv\/p-re-r018x-sakerhetsjacka-sakerhetsjacka-med-reflekterande-remsor-r18-personifiering-2290\/fluorescent-yellow-2457\/custom\/","pt":"\/pt\/p-re-r018x-jaqueta-de-seguranca-jaqueta-de-seguranca-faixas-refletoras-r18-personalizacao-2290\/fluorescent-yellow-2457\/custom\/","da":"\/da\/p-re-r018x-sikkerhedsjakke-sikkerhedsjakke-reflekterende-striber-r18-personliggorelse-2290\/fluorescent-yellow-2457\/custom\/","pl":"\/pl\/p-re-r018x-kurtka-bezpieczenstwa-kurtka-bezpieczenstwa-pasy-odblaskowe-r18-personalizacja-2290\/fluorescent-yellow-2457\/custom\/"}},{"id":2456,"name":"fluorescent_orange","class_ids":[13,9],"codes_hexa":["eb532c"],"delai_24":false,"has_3d":false,"seuil_global":0,"stock_local":0,"stock_global":137,"on_standby":false,"in_catalog":true,"images":{"miniature":["https:\/\/media.th4.com\/nfFyo9sWnAbw5ztnbaf9okBmIkU1pp5L2YPfsnYqSpk\/pr:80\/aHR0cDovL21lZGlhMi5kZXNpZ25wYXJ0bmVyLmZyL2MvcC8yMjkwLzIyOTAtMjQ1Ni0xLndlYnA?v=1769423483"],"medium":["https:\/\/media.th4.com\/YJ7nIGyn1756tMvQFgXaYWrxGMsyAucLOUbzD6Ubulo\/pr:550x550\/aHR0cDovL21lZGlhMi5kZXNpZ25wYXJ0bmVyLmZyL2MvcC8yMjkwLzIyOTAtMjQ1Ni0xLndlYnA?v=1769423483"],"medium_large":["https:\/\/media.th4.com\/Ox2PpnHGir1PCjxst7X2CAFz-e94hJw4M5D9AU6qTqI\/pr:1000x1000\/aHR0cDovL21lZGlhMi5kZXNpZ25wYXJ0bmVyLmZyL2MvcC8yMjkwLzIyOTAtMjQ1Ni0xLndlYnA?v=1769423483"],"large":["https:\/\/media.th4.com\/rKMyT5ZNSC1Pq9JdvjxNb5JiKRWZhEjA2jkNbncvJvI\/pr:1920\/aHR0cDovL21lZGlhMi5kZXNpZ25wYXJ0bmVyLmZyL2MvcC8yMjkwLzIyOTAtMjQ1Ni0xLndlYnA?v=1769423483"],"opengraph":["https:\/\/media.th4.com\/pV07vKnQB4q2d1EnwKgEwuGlOLoYCymXxcvmg2IGDjs\/pr:1200x630\/aHR0cDovL21lZGlhMi5kZXNpZ25wYXJ0bmVyLmZyL2MvcC8yMjkwLzIyOTAtMjQ1Ni0xLndlYnA?v=1769423483"]},"images_customization":{"miniature":["https:\/\/media.th4.com\/nfFyo9sWnAbw5ztnbaf9okBmIkU1pp5L2YPfsnYqSpk\/pr:80\/aHR0cDovL21lZGlhMi5kZXNpZ25wYXJ0bmVyLmZyL2MvcC8yMjkwLzIyOTAtMjQ1Ni0xLndlYnA?v=1769423483"],"medium":["https:\/\/media.th4.com\/YJ7nIGyn1756tMvQFgXaYWrxGMsyAucLOUbzD6Ubulo\/pr:550x550\/aHR0cDovL21lZGlhMi5kZXNpZ25wYXJ0bmVyLmZyL2MvcC8yMjkwLzIyOTAtMjQ1Ni0xLndlYnA?v=1769423483"],"medium_large":["https:\/\/media.th4.com\/Ox2PpnHGir1PCjxst7X2CAFz-e94hJw4M5D9AU6qTqI\/pr:1000x1000\/aHR0cDovL21lZGlhMi5kZXNpZ25wYXJ0bmVyLmZyL2MvcC8yMjkwLzIyOTAtMjQ1Ni0xLndlYnA?v=1769423483"],"large":["https:\/\/media.th4.com\/rKMyT5ZNSC1Pq9JdvjxNb5JiKRWZhEjA2jkNbncvJvI\/pr:1920\/aHR0cDovL21lZGlhMi5kZXNpZ25wYXJ0bmVyLmZyL2MvcC8yMjkwLzIyOTAtMjQ1Ni0xLndlYnA?v=1769423483"],"opengraph":["https:\/\/media.th4.com\/pV07vKnQB4q2d1EnwKgEwuGlOLoYCymXxcvmg2IGDjs\/pr:1200x630\/aHR0cDovL21lZGlhMi5kZXNpZ25wYXJ0bmVyLmZyL2MvcC8yMjkwLzIyOTAtMjQ1Ni0xLndlYnA?v=1769423483"]},"country_origin":"CN","traceability":{"manufacturing_country_id":null,"weaving_country_id":null,"dyeing_country_id":null},"sizes":[{"id":3,"article_id":63013,"class_id":3,"name":"S","on_standby":false,"stock_local":0,"stock_global":32,"multiple":1,"estimated_date_reassort":null,"is_destocking":false},{"id":2,"article_id":63014,"class_id":4,"name":"M","on_standby":false,"stock_local":0,"stock_global":22,"multiple":1,"estimated_date_reassort":null,"is_destocking":false},{"id":1,"article_id":63015,"class_id":5,"name":"L","on_standby":false,"stock_local":0,"stock_global":23,"multiple":1,"estimated_date_reassort":null,"is_destocking":false},{"id":4,"article_id":63016,"class_id":6,"name":"XL","on_standby":false,"stock_local":1,"stock_global":31,"multiple":1,"estimated_date_reassort":null,"is_destocking":true},{"id":1116,"article_id":246499,"class_id":7,"name":"2XL","on_standby":false,"stock_local":0,"stock_global":14,"multiple":1,"estimated_date_reassort":null,"is_destocking":false},{"id":1081,"article_id":235537,"class_id":8,"name":"3XL","on_standby":false,"stock_local":0,"stock_global":15,"multiple":1,"estimated_date_reassort":null,"is_destocking":false}],"page_links":{"fr":"\/fr\/p-re-r018x-safety-jacket-veste-securite-r18-2290\/fluorescent-orange-2456\/","en":"\/en\/p-re-r018x-safety-jacket-r18-2290\/fluorescent-orange-2456\/","de":"\/de\/p-re-r018x-sicherheitsjacke-sicherheitsschutz-r18-2290\/fluorescent-orange-2456\/","nl":"\/nl\/p-re-r018x-veiligheidsjas-veiligheidsvest-r18-2290\/fluorescent-orange-2456\/","es":"\/es\/p-re-r018x-chaqueta-de-seguridad-chaqueta-de-seguridad-r18-2290\/fluorescent-orange-2456\/","it":"\/it\/p-re-r018x-giacca-di-sicurezza-r18-2290\/fluorescent-orange-2456\/","sv":"\/sv\/p-re-r018x-sakerhetsjacka-sakerhetsvast-r18-2290\/fluorescent-orange-2456\/","pt":"\/pt\/p-re-r018x-jaqueta-de-seguranca-veste-de-seguranca-r18-2290\/fluorescent-orange-2456\/","da":"\/da\/p-re-r018x-sikkerhedsjakke-sikkerhedsjakke-r18-2290\/fluorescent-orange-2456\/","pl":"\/pl\/p-re-r018x-kurtka-bezpieczenstwa-kurtka-bezpieczenstwa-r18-2290\/fluorescent-orange-2456\/"},"page_links_customization":{"fr":"\/fr\/p-re-r018x-safety-jacket-veste-securite-bandes-reflechissantes-r18-personnalisation-2290\/fluorescent-orange-2456\/custom\/","en":"\/en\/p-re-r018x-safety-jacket-safety-vest-reflective-strips-r18-personalization-2290\/fluorescent-orange-2456\/custom\/","de":"\/de\/p-re-r018x-sicherheitsjacke-sicherheitsweste-mit-reflektierenden-streifen-r18-personalisierung-2290\/fluorescent-orange-2456\/custom\/","nl":"\/nl\/p-re-r018x-veiligheidsjas-veiligheidjas-reflecterende-strepen-r18-personalisatie-2290\/fluorescent-orange-2456\/custom\/","es":"\/es\/p-re-r018x-chaqueta-de-seguridad-chaqueta-de-seguridad-bandas-reflectantes-r18-personalizacion-2290\/fluorescent-orange-2456\/custom\/","it":"\/it\/p-re-r018x-giacca-di-sicurezza-giacca-di-sicurezza-strisce-riflettenti-r18-personalizzazione-2290\/fluorescent-orange-2456\/custom\/","sv":"\/sv\/p-re-r018x-sakerhetsjacka-sakerhetsjacka-med-reflekterande-remsor-r18-personifiering-2290\/fluorescent-orange-2456\/custom\/","pt":"\/pt\/p-re-r018x-jaqueta-de-seguranca-jaqueta-de-seguranca-faixas-refletoras-r18-personalizacao-2290\/fluorescent-orange-2456\/custom\/","da":"\/da\/p-re-r018x-sikkerhedsjakke-sikkerhedsjakke-reflekterende-striber-r18-personliggorelse-2290\/fluorescent-orange-2456\/custom\/","pl":"\/pl\/p-re-r018x-kurtka-bezpieczenstwa-kurtka-bezpieczenstwa-pasy-odblaskowe-r18-personalizacja-2290\/fluorescent-orange-2456\/custom\/"}}],"documentation_link":null,"countries_availables":["AD","AE","AL","AT","BA","BD","BE","BG","BL","CA","CH","CN","CO","CY","CZ","DE","DK","DO","EE","EG","ES","ET","FI","FR","GB","GE","GF","GP","GR","GT","HK","HN","HR","HT","HU","ID","IE","IN","IS","IT","JO","JP","KE","KH","KP","KR","LA","LK","LS","LT","LU","LV","MA","MF","MG","MK","MM","MN","MQ","MT","MX","MY","NC","NI","NL","PF","PH","PK","PL","PM","PT","RE","RO","SE","SG","SI","SK","SV","SY","TH","TN","TR","TW","TZ","US","VN","WF","YT"]},"infos_customization":[],"features":{"authorize_multi_surfaces":true,"display_order_delay_type":true,"promote_surface_display":true,"tarification_franco_offert":true,"enabled_3d_editor":false},"markings":[{"id":0,"nom":"vierge","finition":null,"libelle":null,"code":null,"dpi":null,"finesse_forme_isolee":null,"finesse_forme_non_isolee":null,"hauteur_minimale_texte":null,"inactif":0,"marquage_interne":1,"quantite_min":null,"parent_id":null,"print_on_support":0,"content":"vierge","description":null},{"id":2,"nom":"fonce","finition":"optimale","libelle":"TopQuadri","code":null,"dpi":400,"finesse_forme_isolee":"0.040","finesse_forme_non_isolee":"0.700","hauteur_minimale_texte":2,"inactif":0,"marquage_interne":1,"quantite_min":null,"parent_id":18,"print_on_support":0,"content":"TopQuadri","description":"pour petites et moyennes s\u00e9ries"},{"id":3,"nom":"serigraphie","finition":"serigraphie","libelle":"SeriCoat","code":null,"dpi":400,"finesse_forme_isolee":"0.040","finesse_forme_non_isolee":"0.700","hauteur_minimale_texte":2,"inactif":0,"marquage_interne":1,"quantite_min":15,"parent_id":18,"print_on_support":0,"content":"SeriCoat","description":"pour moyennes et grandes s\u00e9ries"},{"id":4,"nom":"broderie","finition":"broderie","libelle":"Broderie","code":null,"dpi":400,"finesse_forme_isolee":"0.040","finesse_forme_non_isolee":"0.700","hauteur_minimale_texte":3,"inactif":0,"marquage_interne":1,"quantite_min":null,"parent_id":null,"print_on_support":0,"content":"Broderie","description":null},{"id":8,"nom":"theme","finition":null,"libelle":"Th\u00e8me","code":null,"dpi":null,"finesse_forme_isolee":null,"finesse_forme_non_isolee":null,"hauteur_minimale_texte":null,"inactif":0,"marquage_interne":1,"quantite_min":null,"parent_id":null,"print_on_support":0,"content":"Th\u00e8me","description":null},{"id":9,"nom":"sans","finition":null,"libelle":null,"code":null,"dpi":null,"finesse_forme_isolee":null,"finesse_forme_non_isolee":null,"hauteur_minimale_texte":null,"inactif":0,"marquage_interne":1,"quantite_min":null,"parent_id":null,"print_on_support":0,"content":"sans","description":null},{"id":10,"nom":"photo","finition":null,"libelle":"Photo","code":null,"dpi":null,"finesse_forme_isolee":null,"finesse_forme_non_isolee":null,"hauteur_minimale_texte":null,"inactif":0,"marquage_interne":1,"quantite_min":null,"parent_id":null,"print_on_support":0,"content":"Photo","description":null},{"id":14,"nom":"couleur","finition":null,"libelle":"Couleur","code":null,"dpi":null,"finesse_forme_isolee":null,"finesse_forme_non_isolee":null,"hauteur_minimale_texte":null,"inactif":0,"marquage_interne":1,"quantite_min":null,"parent_id":null,"print_on_support":0,"content":"Couleur","description":null},{"id":15,"nom":"sublimation","finition":"sublimation","libelle":"Sublimation","code":null,"dpi":null,"finesse_forme_isolee":"0.000","finesse_forme_non_isolee":"0.000","hauteur_minimale_texte":2,"inactif":0,"marquage_interne":1,"quantite_min":null,"parent_id":null,"print_on_support":0,"content":"Sublimation","description":null},{"id":16,"nom":"topquadri_uv","finition":null,"libelle":"TopQuadri UV","code":null,"dpi":null,"finesse_forme_isolee":"0.020","finesse_forme_non_isolee":"0.700","hauteur_minimale_texte":2,"inactif":0,"marquage_interne":1,"quantite_min":null,"parent_id":null,"print_on_support":1,"content":null,"description":null},{"id":17,"nom":"topquadri_uvp","finition":null,"libelle":"TopQuadri UVP","code":null,"dpi":null,"finesse_forme_isolee":"0.020","finesse_forme_non_isolee":"0.700","hauteur_minimale_texte":2,"inactif":0,"marquage_interne":1,"quantite_min":null,"parent_id":null,"print_on_support":1,"content":null,"description":null},{"id":18,"nom":"quadri","finition":null,"libelle":"Impression","code":null,"dpi":null,"finesse_forme_isolee":null,"finesse_forme_non_isolee":null,"hauteur_minimale_texte":null,"inactif":0,"marquage_interne":1,"quantite_min":null,"parent_id":null,"print_on_support":0,"content":null,"description":null}]}}