{"data":{"product":{"id":21978,"titre":"Men's Softshell Jacket","description":"Veste Softshell homme 3 couches. Capuche amovible avec r\u00e9gulateur de profondeur. Fermeture zipp\u00e9e imperm\u00e9able. Prot\u00e8ge menton. Poche sur la manche. Poche Napoleon. Poignets ajustables par bande auto-agrippante. Taille ajustable par cordon. Dos plus long. Ourlet \u00e0 la taille arrondi. 2 poches lat\u00e9rales zipp\u00e9es. Porte-cl\u00e9s cousu dans la poche lat\u00e9rale. Passepoil r\u00e9fl\u00e9chissant. Imperm\u00e9able \u00e0 8000 mm, coupe-vent et respirant \u00e0 800gr. Coupe moderne. Sans \u00e9tiquette de marque. Composition : 95 % polyester, 5 % \u00e9lasthanne.","genre":"homme","grammage":310,"conditionnement":10,"composition":"polyester,elasthanne","reference":"pr-7850","reference_visible":"pr-7850","reference_fabricant":"7850","ref_xor":"721823","in_catalog":true,"is_transfer":false,"is_service":false,"on_standby":false,"has_3d":false,"has_size_guide":false,"has_marking":true,"has_vierge":true,"is_cross_sellable":false,"id_picto":73,"filename_3d":null,"brand":{"id":154,"name":"Promodoro","logo":"logo-promodoro.png","image":"https:\/\/media.th4.com\/pfJDeuQIb_1LhflfsUyeyAhr4hLnU-nV55lPlVDhYUQ\/pr:brand70x70\/aHR0cDovL21lZGlhMi5kZXNpZ25wYXJ0bmVyLmZyL2MvbS9sb2dvLXByb21vZG9yby5wbmc?v=1773736567"},"price_infos":{"price_from":49.09,"quantity":200,"color":{"id":11581,"name":"black"},"size":{"id":2,"name":"M"}},"price_infos_marking":{"price_from":55.15,"quantity":250,"color":{"id":11581,"name":"black"},"size":{"id":2,"name":"M"},"marking":{"id":2,"name":""},"emplacement":"avant","surface_emplacement_id":1,"surface":"coeur"},"i18n":{"blank":{"title":{"fr":"Men s Softshell Jacket PROMODORO 7850","en":"Men s Softshell Jacket PROMODORO 7850","de":"Men s Softshell Jacket PROMODORO 7850","nl":"Men s Softshell Jacket PROMODORO 7850","es":"Men s Softshell Jacket PROMODORO 7850","it":"Men s Softshell Jacket PROMODORO 7850","sv":"Men s Softshell Jacket PROMODORO 7850","pt":"Men s Softshell Jacket PROMODORO 7850","da":"Men s Softshell Jacket PROMODORO 7850","pl":"Men s Softshell Jacket PROMODORO 7850"},"description":{"fr":"Le Men s Softshell Jacket est une veste softshell homme 3 couches avec capuche amovible, fermeture zipp\u00e9e imperm\u00e9able, prot\u00e8ge menton, poignets ajustables, taille par cordon, dos plus long et ourlet arrondi. Elle convient \u00e0 un usage ext\u00e9rieur avec une coupe moderne et plusieurs rangements.\n\n- Composition : 95 % polyester, 5 % \u00e9lasthanne\n- Capuche amovible avec r\u00e9glage de profondeur\n- 2 poches lat\u00e9rales, poche manche, poche Napoleon\n- Dos plus long, ourlet taille arrondi","en":"The Men s Softshell Jacket is a men's 3-layer softshell jacket with a removable hood, waterproof zip fastening, chin guard, adjustable cuffs, drawcord waist, longer back and rounded hem. Suitable for outdoor use with a modern fit and several storage options.\n\n- Composition: 95% polyester, 5% elastane\n- Removable hood with depth adjustment\n- 2 side pockets, sleeve pocket, Napoleon pocket\n- Longer back, rounded waist hem","de":"Die Men s Softshell Jacket ist eine 3-lagige Softshelljacke f\u00fcr Herren mit abnehmbarer Kapuze, wasserdichtem Rei\u00dfverschluss, Kinnschutz, verstellbaren \u00c4rmelb\u00fcndchen, Saum mit Kordelzug, verl\u00e4ngertem R\u00fccken und abgerundetem Saum. Sie eignet sich f\u00fcr den Au\u00dfeneinsatz mit moderner Passform und mehreren Aufbewahrungsm\u00f6glichkeiten.\n\n- Zusammensetzung: 95 % Polyester, 5 % Elasthan\n- Abnehmbare Kapuze mit Tiefenregulierung\n- 2 Seitentaschen, \u00c4rmeltasche, Napoleon-Tasche\n- Verl\u00e4ngerter R\u00fccken, abgerundeter Taillensaum","nl":"De Men s Softshell Jacket is een softshelljas voor heren met 3 lagen, afneembare capuchon, waterdichte ritssluiting, kinbeschermer, verstelbare manchetten, taille met trekkoord, langere achterkant en afgeronde zoom. Geschikt voor buitengebruik, met een moderne pasvorm en meerdere opbergmogelijkheden.\n\n- Samenstelling: 95 % polyester, 5 % elastaan\n- Afneembare capuchon met regeling van de diepte\n- 2 zijzakken, mouwzak, Napoleon-zak\n- Langere achterkant, afgeronde taillezoom","es":"La Men s Softshell Jacket es una chaqueta softshell para hombre de 3 capas con capucha desmontable, cierre con cremallera impermeable, protector de barbilla, pu\u00f1os ajustables, cintura con cord\u00f3n, espalda m\u00e1s larga y dobladillo redondeado. Adecuada para uso exterior con corte moderno y varios espacios de almacenamiento.\n\n- Composici\u00f3n: 95 % poli\u00e9ster, 5 % elastano\n- Capucha desmontable con ajuste de profundidad\n- 2 bolsillos laterales, bolsillo en la manga, bolsillo Napole\u00f3n\n- Espalda m\u00e1s larga, dobladillo de cintura redondeado","it":"La Men s Softshell Jacket \u00e8 una giacca softshell da uomo a 3 strati con cappuccio rimovibile, chiusura con zip impermeabile, protezione per il mento, polsini regolabili, vita con cordoncino, parte posteriore pi\u00f9 lunga e orlo arrotondato. Adatta all'uso esterno con taglio moderno e vari spazi di contenimento.\n\n- Composizione: 95% poliestere, 5% elastan\n- Cappuccio rimovibile con regolazione della profondit\u00e0\n- 2 tasche laterali, tasca sulla manica, tasca Napoleon\n- Parte posteriore pi\u00f9 lunga, orlo in vita arrotondato","sv":"Men s Softshell Jacket \u00e4r en softshelljacka f\u00f6r herr i 3 lager med avtagbar huva, vattent\u00e4t dragkedja, hakskydd, justerbara manschetter, midja med dragsko, l\u00e4ngre bakstycke och rundad nederkant. Den \u00e4r l\u00e4mplig f\u00f6r utomhusbruk med modern passform och flera f\u00f6rvaringsm\u00f6jligheter.\n\n- Sammans\u00e4ttning: 95 % polyester, 5 % elastan\n- Avtagbar huva med djupjustering\n- 2 sidfickor, \u00e4rmficka, Napoleonficka\n- L\u00e4ngre bakstycke, rundad nederkant i midjan","pt":"O Men s Softshell Jacket \u00e9 um casaco softshell masculino de 3 camadas com capuz amov\u00edvel, fecho imperme\u00e1vel, protetor de queixo, punhos ajust\u00e1veis, cintura com cord\u00e3o, costas mais compridas e bainha arredondada. Adequado para uso no exterior com corte moderno e v\u00e1rios compartimentos de arruma\u00e7\u00e3o.\n\n- Composi\u00e7\u00e3o: 95 % poli\u00e9ster, 5 % elastano\n- Capuz amov\u00edvel com ajuste de profundidade\n- 2 bolsos laterais, bolso na manga, bolso Napole\u00e3o\n- Costas mais compridas, bainha da cintura arredondada","da":"Men s Softshell Jacket er en softshelljakke til herrer i 3 lag med aftagelig h\u00e6tte, vandafvisende lynl\u00e5slukning, hagebeskytter, justerbare manchetter, talje med sn\u00f8re, l\u00e6ngere bagstykke og afrundet s\u00f8m. Den er egnet til udend\u00f8rs brug med moderne pasform og flere opbevaringsmuligheder.\n\n- Sammens\u00e6tning: 95 % polyester, 5 % elastan\n- Aftagelig h\u00e6tte med justering af dybde\n- 2 sidelommer, \u00e6rmelomme, Napoleon-lomme\n- L\u00e6ngere bagstykke, afrundet taljes\u00f8m","pl":"Men s Softshell Jacket to m\u0119ska kurtka softshellowa 3-warstwowa z odpinanym kapturem, wodoodpornym zamkiem b\u0142yskawicznym, os\u0142on\u0105 podbr\u00f3dka, regulowanymi mankietami, regulacj\u0105 w talii za pomoc\u0105 sznurka, przed\u0142u\u017conym ty\u0142em i zaokr\u0105glonym do\u0142em. Nadaje si\u0119 do u\u017cytku na zewn\u0105trz, ma nowoczesny kr\u00f3j i kilka miejsc do przechowywania.\n\n- Sk\u0142ad: 95 % poliester, 5 % elastan\n- Odpinany kaptur z regulacj\u0105 g\u0142\u0119boko\u015bci\n- 2 kieszenie boczne, kiesze\u0144 na r\u0119kawie, kiesze\u0144 Napoleon\n- Przed\u0142u\u017cony ty\u0142, zaokr\u0105glony d\u00f3\u0142 w talii"},"h1":{"fr":"Men s Softshell Jacket 7850","en":"Men s Softshell Jacket 7850","de":"Men s Softshell Jacket 7850","nl":"Men s Softshell Jacket 7850","es":"Men s Softshell Jacket 7850","it":"Men s Softshell Jacket 7850","sv":"Men s Softshell Jacket 7850","pt":"Men s Softshell Jacket 7850","da":"Men s Softshell Jacket 7850","pl":"Men s Softshell Jacket 7850"},"meta_description":{"fr":"Veste softshell homme 3 couches avec capuche amovible, poches zipp\u00e9es, poignets ajustables et dos plus long pour un usage quotidien.","en":"Men's 3-layer softshell jacket with removable hood, zip pockets, adjustable cuffs and longer back for everyday use.","de":"3-lagige Softshelljacke f\u00fcr Herren mit abnehmbarer Kapuze, Rei\u00dfverschlusstaschen, verstellbaren \u00c4rmelb\u00fcndchen und verl\u00e4ngertem R\u00fccken f\u00fcr den t\u00e4glichen Gebrauch.","nl":"Softshelljas voor heren met 3 lagen, afneembare capuchon, zakken met rits, verstelbare manchetten en langere achterkant voor dagelijks gebruik.","es":"Chaqueta softshell para hombre de 3 capas con capucha desmontable, bolsillos con cremallera, pu\u00f1os ajustables y espalda m\u00e1s larga para uso diario.","it":"Giacca softshell da uomo a 3 strati con cappuccio rimovibile, tasche con zip, polsini regolabili e parte posteriore pi\u00f9 lunga per l'uso quotidiano.","sv":"Softshelljacka f\u00f6r herr i 3 lager med avtagbar huva, blixtl\u00e5sfickor, justerbara manschetter och l\u00e4ngre bakstycke f\u00f6r daglig anv\u00e4ndning.","pt":"Casaco softshell masculino de 3 camadas com capuz amov\u00edvel, bolsos com fecho, punhos ajust\u00e1veis e costas mais compridas para uso di\u00e1rio.","da":"Softshelljakke til herrer i 3 lag med aftagelig h\u00e6tte, lynl\u00e5slommer, justerbare manchetter og l\u00e6ngere bagstykke til daglig brug.","pl":"M\u0119ska kurtka softshellowa 3-warstwowa z odpinanym kapturem, kieszeniami na zamek, regulowanymi mankietami i przed\u0142u\u017conym ty\u0142em do codziennego u\u017cytku."}},"custom":{"title":{"fr":"Men s Softshell Jacket PROMODORO 7850 personnalisable","en":"Men s Softshell Jacket PROMODORO 7850 customizable","de":"Men s Softshell Jacket PROMODORO 7850 personalisierbar","nl":"Men s Softshell Jacket PROMODORO 7850 personaliseerbaar","es":"Men s Softshell Jacket PROMODORO 7850 personalizable","it":"Men s Softshell Jacket PROMODORO 7850 personalizzabile","sv":"Men s Softshell Jacket PROMODORO 7850 anpassningsbar","pt":"Men s Softshell Jacket PROMODORO 7850 personaliz\u00e1vel","da":"Men s Softshell Jacket PROMODORO 7850 kan tilpasses","pl":"Men s Softshell Jacket PROMODORO 7850 z mo\u017cliwo\u015bci\u0105 personalizacji"},"description":{"fr":"Le Men s softshell jacket est une veste softshell homme 3 couches adapt\u00e9e \u00e0 un usage ext\u00e9rieur. Sa capuche amovible avec r\u00e9glage de profondeur, ses poignets ajustables, sa taille r\u00e9glable par cordon et son dos plus long apportent un ajustement pratique au quotidien. La fermeture zipp\u00e9e imperm\u00e9able, le prot\u00e8ge-menton, les poches zipp\u00e9es et les \u00e9l\u00e9ments r\u00e9fl\u00e9chissants compl\u00e8tent l'ensemble.\n\n- Composition : 95 % polyester, 5 % \u00e9lasthanne\n- Capuche amovible, poignets et taille ajustables\n- 2 poches lat\u00e9rales, manche, poche Napoleon\n- Personnalisation possible","en":"The Men s softshell jacket is a men's 3-layer softshell jacket suited for outdoor use. Its removable hood with depth adjustment, adjustable cuffs, drawcord-adjustable waist and longer back provide practical everyday fit. The waterproof zip closure, chin guard, zip pockets and reflective elements complete the garment.\n\n- Composition: 95% polyester, 5% elastane\n- Removable hood, adjustable cuffs and waist\n- 2 side pockets, sleeve pocket, Napoleon pocket\n- Customization available","de":"Die Men s softshell jacket ist eine 3-lagige Softshelljacke f\u00fcr Herren, geeignet f\u00fcr den Einsatz im Freien. Die abnehmbare Kapuze mit Tiefenverstellung, die verstellbaren \u00c4rmelb\u00fcndchen, der mit Kordelzug verstellbare Saum und die verl\u00e4ngerte R\u00fcckenpartie sorgen f\u00fcr eine praktische Passform im Alltag. Der wasserdichte Rei\u00dfverschluss, der Kinnschutz, die Rei\u00dfverschlusstaschen und die reflektierenden Elemente vervollst\u00e4ndigen die Ausstattung.\n\n- Zusammensetzung: 95 % Polyester, 5 % Elasthan\n- Abnehmbare Kapuze, verstellbare \u00c4rmelb\u00fcndchen und Saum\n- 2 Seitentaschen, \u00c4rmeltasche, Napoleon-Tasche\n- Personalisierung m\u00f6glich","nl":"De Men s softshell jacket is een softshell jas voor heren met 3 lagen, geschikt voor buitengebruik. De afneembare capuchon met diepteverstelling, de verstelbare manchetten, de met koord verstelbare taille en de langere achterkant zorgen voor een praktische pasvorm voor dagelijks gebruik. De waterdichte ritssluiting, de kinbescherming, de zakken met ritssluiting en de reflecterende elementen maken het geheel compleet.\n\n- Samenstelling: 95 % polyester, 5 % elastaan\n- Afneembare capuchon, verstelbare manchetten en taille\n- 2 zijzakken, mouwzak, Napoleon-zak\n- Personalisatie mogelijk","es":"La Men s softshell jacket es una chaqueta softshell para hombre de 3 capas adaptada para uso exterior. Su capucha desmontable con ajuste de profundidad, sus pu\u00f1os ajustables, su cintura ajustable con cord\u00f3n y su parte trasera m\u00e1s larga aportan un ajuste pr\u00e1ctico para el d\u00eda a d\u00eda. El cierre con cremallera impermeable, el protector de barbilla, los bolsillos con cremallera y los elementos reflectantes completan el conjunto.\n\n- Composici\u00f3n: 95 % poli\u00e9ster, 5 % elastano\n- Capucha desmontable, pu\u00f1os y cintura ajustables\n- 2 bolsillos laterales, manga, bolsillo Napole\u00f3n\n- Personalizaci\u00f3n posible","it":"La Men s softshell jacket \u00e8 una giacca softshell da uomo a 3 strati adatta all'uso esterno. Il cappuccio rimovibile con regolazione della profondit\u00e0, i polsini regolabili, la vita regolabile con coulisse e il retro pi\u00f9 lungo garantiscono una vestibilit\u00e0 pratica per l'uso quotidiano. La chiusura con zip impermeabile, la protezione per il mento, le tasche con zip e gli elementi riflettenti completano l'insieme.\n\n- Composizione: 95% poliestere, 5% elastan\n- Cappuccio rimovibile, polsini e vita regolabili\n- 2 tasche laterali, manica, tasca Napoleon\n- Personalizzazione possibile","sv":"Men s softshell jacket \u00e4r en softshelljacka f\u00f6r herr i 3 lager, anpassad f\u00f6r utomhusbruk. Den avtagbara huvan med djupjustering, de justerbara \u00e4rmsluten, den justerbara midjan med dragsko och den l\u00e4ngre ryggen ger en praktisk passform i vardagen. Den vattent\u00e4ta dragkedjan, hakskyddet, fickorna med dragkedja och de reflekterande detaljerna kompletterar helheten.\n\n- Sammans\u00e4ttning: 95 % polyester, 5 % elastan\n- Avtagbar huva, justerbara \u00e4rmslut och justerbar midja\n- 2 sidfickor, \u00e4rmficka, Napoleonficka\n- M\u00f6jlighet till anpassning","pt":"O Men s softshell jacket \u00e9 um casaco softshell masculino de 3 camadas adaptado para utiliza\u00e7\u00e3o no exterior. O seu capuz remov\u00edvel com ajuste de profundidade, os punhos ajust\u00e1veis, a cintura ajust\u00e1vel por cord\u00e3o e a parte traseira mais comprida proporcionam um ajuste pr\u00e1tico no dia a dia. O fecho imperme\u00e1vel, o protetor de queixo, os bolsos com fecho e os elementos refletoras completam o conjunto.\n\n- Composi\u00e7\u00e3o: 95 % poli\u00e9ster, 5 % elastano\n- Capuz remov\u00edvel, punhos e cintura ajust\u00e1veis\n- 2 bolsos laterais, manga, bolso Napole\u00e3o\n- Personaliza\u00e7\u00e3o poss\u00edvel","da":"Men s softshell jacket er en softshelljakke til m\u00e6nd med 3 lag, egnet til udend\u00f8rs brug. Den aftagelige h\u00e6tte med dybderegulering, de justerbare manchetter, den justerbare talje med snor og den l\u00e6ngere ryg giver en praktisk pasform til daglig brug. Den vandt\u00e6tte lynl\u00e5slukning, hagebeskytteren, lynl\u00e5slommerne og de reflekterende elementer fuldender helheden.\n\n- Sammens\u00e6tning: 95 % polyester, 5 % elastan\n- Aftagelig h\u00e6tte, justerbare manchetter og justerbar talje\n- 2 sidelommer, \u00e6rmelomme, Napoleon-lomme\n- Mulighed for tilpasning","pl":"Men s softshell jacket to m\u0119ska kurtka softshell 3-warstwowa, odpowiednia do u\u017cytku na zewn\u0105trz. Odpinany kaptur z regulacj\u0105 g\u0142\u0119boko\u015bci, regulowane mankiety, regulacja w talii za pomoc\u0105 sznurka oraz d\u0142u\u017cszy ty\u0142 zapewniaj\u0105 praktyczne dopasowanie na co dzie\u0144. Wodoodporny zamek b\u0142yskawiczny, os\u0142ona podbr\u00f3dka, kieszenie na zamek i elementy odblaskowe uzupe\u0142niaj\u0105 ca\u0142o\u015b\u0107.\n\n- Sk\u0142ad: 95 % poliester, 5 % elastan\n- Odpinany kaptur, regulowane mankiety i talia\n- 2 kieszenie boczne, kiesze\u0144 na r\u0119kawie, kiesze\u0144 napoleon\n- Mo\u017cliwo\u015b\u0107 personalizacji"},"h1":{"fr":"Men s Softshell Jacket 7850 personnalisable","en":"Men s Softshell Jacket 7850 customizable","de":"Men s Softshell Jacket 7850 personalisierbar","nl":"Men s Softshell Jacket 7850 personaliseerbaar","es":"Men s Softshell Jacket 7850 personalizable","it":"Men s Softshell Jacket 7850 personalizzabile","sv":"Men s Softshell Jacket 7850 anpassningsbar","pt":"Men s Softshell Jacket 7850 personaliz\u00e1vel","da":"Men s Softshell Jacket 7850 kan tilpasses","pl":"Men s Softshell Jacket 7850 z mo\u017cliwo\u015bci\u0105 personalizacji"},"meta_description":{"fr":"Veste softshell homme 3 couches avec capuche amovible, poches zipp\u00e9es, poignets ajustables et personnalisation possible.","en":"Men's 3-layer softshell jacket with removable hood, zip pockets, adjustable cuffs and customization available.","de":"3-lagige Softshelljacke f\u00fcr Herren mit abnehmbarer Kapuze, Rei\u00dfverschlusstaschen, verstellbaren \u00c4rmelb\u00fcndchen und m\u00f6glicher Personalisierung.","nl":"Softshell jas voor heren met 3 lagen, afneembare capuchon, zakken met ritssluiting, verstelbare manchetten en personalisatie mogelijk.","es":"Chaqueta softshell para hombre de 3 capas con capucha desmontable, bolsillos con cremallera, pu\u00f1os ajustables y personalizaci\u00f3n posible.","it":"Giacca softshell da uomo a 3 strati con cappuccio rimovibile, tasche con zip, polsini regolabili e personalizzazione possibile.","sv":"Softshelljacka f\u00f6r herr i 3 lager med avtagbar huva, fickor med dragkedja, justerbara \u00e4rmslut och m\u00f6jlighet till anpassning.","pt":"Casaco softshell masculino de 3 camadas com capuz remov\u00edvel, bolsos com fecho, punhos ajust\u00e1veis e personaliza\u00e7\u00e3o poss\u00edvel.","da":"Softshelljakke til m\u00e6nd med 3 lag, aftagelig h\u00e6tte, lynl\u00e5slommer, justerbare manchetter og mulighed for tilpasning.","pl":"M\u0119ska kurtka softshell 3-warstwowa z odpinanym kapturem, kieszeniami na zamek, regulowanymi mankietami i mo\u017cliwo\u015bci\u0105 personalizacji."}}},"categories":[{"id":328,"name":"Softshells","singular":"Softshell","is_feminin":false},{"id":13,"name":"Vestes et manteaux","singular":"Veste et manteau","is_feminin":true},{"id":354,"name":"Textile","singular":"Textile","is_feminin":false}],"certifications":[{"id":1,"label":"OEKO-TEX 100","logo_link":"\/images\/certifications\/1_OEKO-TEX_100.jpg","is_marking_compatible":false}],"videos":{"fr":[],"en":[],"de":[],"nl":[],"es":[],"it":[],"sv":[],"pt":[],"da":[],"pl":[]},"main_images":{"miniature":"https:\/\/media.th4.com\/uX9dtXf7neS8NjiFg6TIKsTZfneuGE08zsLHeXUzY9w\/pr:80\/aHR0cDovL21lZGlhMi5kZXNpZ25wYXJ0bmVyLmZyL2MvcC1ibGFuay1USC8yMTk3OC53ZWJw?v=1773657995","medium":"https:\/\/media.th4.com\/ITT0B-gfkJ6drMSi8aB32ZIQBbe92qjNVsx94wkRr1U\/pr:550x550greybg\/aHR0cDovL21lZGlhMi5kZXNpZ25wYXJ0bmVyLmZyL2MvcC1ibGFuay1USC8yMTk3OC53ZWJw?v=1773657995","medium_large":"https:\/\/media.th4.com\/bgVifHUE2UjOSCr4Gxsbuu0nilkLkezrxlM0P3_zOAQ\/pr:1000x1000greybg\/aHR0cDovL21lZGlhMi5kZXNpZ25wYXJ0bmVyLmZyL2MvcC1ibGFuay1USC8yMTk3OC53ZWJw?v=1773657995","large":"https:\/\/media.th4.com\/jJE3hjnT-HvXgtLYnj57Es52IbuWRr-5jSuofCSzsk0\/pr:1920greybg\/aHR0cDovL21lZGlhMi5kZXNpZ25wYXJ0bmVyLmZyL2MvcC1ibGFuay1USC8yMTk3OC53ZWJw?v=1773657995","opengraph":"https:\/\/media.th4.com\/vUzVgr9OE3upU3SzLLQ4koibtZniupFIDJMgDrrApFI\/pr:1200x630greybg\/aHR0cDovL21lZGlhMi5kZXNpZ25wYXJ0bmVyLmZyL2MvcC1ibGFuay1USC8yMTk3OC53ZWJw?v=1773657995"},"main_images_customization":{"miniature":"https:\/\/media.th4.com\/1fOgCYOJQf5K2iVpYAZFH2CvJoswtw6dpi9uBEj7AVc\/pr:80\/aHR0cDovL21lZGlhMi5kZXNpZ25wYXJ0bmVyLmZyL2MvcC1jdXN0b20tVEgvMjE5Nzgud2VicA?v=1773658088","medium":"https:\/\/media.th4.com\/Fgg2RaABN_vBTNevpkT5DW7fbno773xcmRiWtNLyDrk\/pr:550x550greybg\/aHR0cDovL21lZGlhMi5kZXNpZ25wYXJ0bmVyLmZyL2MvcC1jdXN0b20tVEgvMjE5Nzgud2VicA?v=1773658088","medium_large":"https:\/\/media.th4.com\/HqPfJ28MkgGTznH7p-rObhddf9hr44jobxad-X1C_EI\/pr:1000x1000greybg\/aHR0cDovL21lZGlhMi5kZXNpZ25wYXJ0bmVyLmZyL2MvcC1jdXN0b20tVEgvMjE5Nzgud2VicA?v=1773658088","large":"https:\/\/media.th4.com\/gLEqe6Izkm4W2X5HvfK4e8Lnd6a6WcSApqBhlMHPOFk\/pr:1920greybg\/aHR0cDovL21lZGlhMi5kZXNpZ25wYXJ0bmVyLmZyL2MvcC1jdXN0b20tVEgvMjE5Nzgud2VicA?v=1773658088","opengraph":"https:\/\/media.th4.com\/Yn7RPkVPlEgQoiMtxd5Ur4dIOoTM_vhX_ZIzRbWXDC8\/pr:1200x630greybg\/aHR0cDovL21lZGlhMi5kZXNpZ25wYXJ0bmVyLmZyL2MvcC1jdXN0b20tVEgvMjE5Nzgud2VicA?v=1773658088"},"page_links":{"fr":"\/fr\/p-pr-7850-men-s-softshell-jacket-7850-21978\/","en":"\/en\/p-pr-7850-men-s-softshell-jacket-7850-21978\/","de":"\/de\/p-pr-7850-men-s-softshell-jacket-7850-21978\/","nl":"\/nl\/p-pr-7850-men-s-softshell-jacket-7850-21978\/","es":"\/es\/p-pr-7850-men-s-softshell-jacket-7850-21978\/","it":"\/it\/p-pr-7850-men-s-softshell-jacket-7850-21978\/","sv":"\/sv\/p-pr-7850-men-s-softshell-jacket-7850-21978\/","pt":"\/pt\/p-pr-7850-men-s-softshell-jacket-7850-21978\/","da":"\/da\/p-pr-7850-men-s-softshell-jacket-7850-21978\/","pl":"\/pl\/p-pr-7850-men-s-softshell-jacket-7850-21978\/"},"page_links_customization":{"fr":"\/fr\/p-pr-7850-men-s-softshell-jacket-7850-personnalisable-21978\/custom\/","en":"\/en\/p-pr-7850-men-s-softshell-jacket-7850-customizable-21978\/custom\/","de":"\/de\/p-pr-7850-men-s-softshell-jacket-7850-personalisierbar-21978\/custom\/","nl":"\/nl\/p-pr-7850-men-s-softshell-jacket-7850-personaliseerbaar-21978\/custom\/","es":"\/es\/p-pr-7850-men-s-softshell-jacket-7850-personalizable-21978\/custom\/","it":"\/it\/p-pr-7850-men-s-softshell-jacket-7850-personalizzabile-21978\/custom\/","sv":"\/sv\/p-pr-7850-men-s-softshell-jacket-7850-anpassningsbar-21978\/custom\/","pt":"\/pt\/p-pr-7850-men-s-softshell-jacket-7850-personalizavel-21978\/custom\/","da":"\/da\/p-pr-7850-men-s-softshell-jacket-7850-kan-tilpasses-21978\/custom\/","pl":"\/pl\/p-pr-7850-men-s-softshell-jacket-7850-z-mozliwoscia-personalizacji-21978\/custom\/"},"equivalent_products":[],"colors":[{"id":11581,"name":"black","class_ids":[4],"codes_hexa":["00060A"],"delai_24":false,"has_3d":false,"seuil_global":0,"stock_local":0,"stock_global":676,"on_standby":false,"in_catalog":true,"images":{"miniature":["https:\/\/media.th4.com\/jOkbUTo8e8_27T_PxsqxKPoxfJk0TWvsGkVE5NvjCnM\/pr:80\/aHR0cDovL21lZGlhMi5kZXNpZ25wYXJ0bmVyLmZyL2MvcC8yMTk3OC8yMTk3OC0xMTU4MS0xLndlYnA?v=1773657845","https:\/\/media.th4.com\/FGfGFyTcS_G5GUzBfvS-Qm30w1Oz0Q7qonKPndJvw1M\/pr:80\/aHR0cDovL21lZGlhMi5kZXNpZ25wYXJ0bmVyLmZyL2MvcC8yMTk3OC8yMTk3OC0xMTU4MS0yLndlYnA?v=1773657846","https:\/\/media.th4.com\/z2Us9p2bo24zI7w94iA2fFUHQniiwKYPZxQw2w5Teyw\/pr:80\/aHR0cDovL21lZGlhMi5kZXNpZ25wYXJ0bmVyLmZyL2MvcC8yMTk3OC8yMTk3OC0xMTU4MS0zLndlYnA?v=1773657846"],"medium":["https:\/\/media.th4.com\/e6oq_YcTU3yTL-3jwVrNoKo4TDA0Vh0fRcs87AvbJXw\/pr:550x550\/aHR0cDovL21lZGlhMi5kZXNpZ25wYXJ0bmVyLmZyL2MvcC8yMTk3OC8yMTk3OC0xMTU4MS0xLndlYnA?v=1773657845","https:\/\/media.th4.com\/u7M5XdCzQyCHSeTchxiyBd4b0XmpIEAJMXtmMzGx1Lg\/pr:550x550\/aHR0cDovL21lZGlhMi5kZXNpZ25wYXJ0bmVyLmZyL2MvcC8yMTk3OC8yMTk3OC0xMTU4MS0yLndlYnA?v=1773657846","https:\/\/media.th4.com\/Nk2iT8G0sSIQQBRGCpPgnHeIs8juhxnLCe5tHZC6sOw\/pr:550x550\/aHR0cDovL21lZGlhMi5kZXNpZ25wYXJ0bmVyLmZyL2MvcC8yMTk3OC8yMTk3OC0xMTU4MS0zLndlYnA?v=1773657846"],"medium_large":["https:\/\/media.th4.com\/j5EmcpbJc6q-RBo1Wn3k_hn530t7zBe3I0muteCXnKE\/pr:1000x1000\/aHR0cDovL21lZGlhMi5kZXNpZ25wYXJ0bmVyLmZyL2MvcC8yMTk3OC8yMTk3OC0xMTU4MS0xLndlYnA?v=1773657845","https:\/\/media.th4.com\/mleuPH2DQmzHsSTnCB77YNgX6y7TEIBD7C2hYFwzpjI\/pr:1000x1000\/aHR0cDovL21lZGlhMi5kZXNpZ25wYXJ0bmVyLmZyL2MvcC8yMTk3OC8yMTk3OC0xMTU4MS0yLndlYnA?v=1773657846","https:\/\/media.th4.com\/tPTpHwEQpBydIp_mwIP5MFnGbfrnWIbFtMMJynH2fhM\/pr:1000x1000\/aHR0cDovL21lZGlhMi5kZXNpZ25wYXJ0bmVyLmZyL2MvcC8yMTk3OC8yMTk3OC0xMTU4MS0zLndlYnA?v=1773657846"],"large":["https:\/\/media.th4.com\/2CpX1lv8eKLLdLJEUxmRXPDttsVgINuQ3iZcxMiL2m4\/pr:1920\/aHR0cDovL21lZGlhMi5kZXNpZ25wYXJ0bmVyLmZyL2MvcC8yMTk3OC8yMTk3OC0xMTU4MS0xLndlYnA?v=1773657845","https:\/\/media.th4.com\/E4iFZteECgu8RH6PfCANeAaXtrsvtd7Pgdv0U3txU7A\/pr:1920\/aHR0cDovL21lZGlhMi5kZXNpZ25wYXJ0bmVyLmZyL2MvcC8yMTk3OC8yMTk3OC0xMTU4MS0yLndlYnA?v=1773657846","https:\/\/media.th4.com\/3R0p0NvVQMRAR6YnYdxvRSzhVgLvaHRrFrwS4Ky7qF0\/pr:1920\/aHR0cDovL21lZGlhMi5kZXNpZ25wYXJ0bmVyLmZyL2MvcC8yMTk3OC8yMTk3OC0xMTU4MS0zLndlYnA?v=1773657846"],"opengraph":["https:\/\/media.th4.com\/UZ6zA2xHbD5wKwSAa2JLeT7MuFqA5GjIW-nqZ0GPLz8\/pr:1200x630\/aHR0cDovL21lZGlhMi5kZXNpZ25wYXJ0bmVyLmZyL2MvcC8yMTk3OC8yMTk3OC0xMTU4MS0xLndlYnA?v=1773657845","https:\/\/media.th4.com\/K2kPfeZL6JSAxMpP2L-TAeZsmr2mJ-BFfwx53suj_WA\/pr:1200x630\/aHR0cDovL21lZGlhMi5kZXNpZ25wYXJ0bmVyLmZyL2MvcC8yMTk3OC8yMTk3OC0xMTU4MS0yLndlYnA?v=1773657846","https:\/\/media.th4.com\/lPpvBiMe17025oJpEcZ-obve3XCjLXp_TG9HRv4e_LM\/pr:1200x630\/aHR0cDovL21lZGlhMi5kZXNpZ25wYXJ0bmVyLmZyL2MvcC8yMTk3OC8yMTk3OC0xMTU4MS0zLndlYnA?v=1773657846"]},"images_customization":{"miniature":["https:\/\/media.th4.com\/jOkbUTo8e8_27T_PxsqxKPoxfJk0TWvsGkVE5NvjCnM\/pr:80\/aHR0cDovL21lZGlhMi5kZXNpZ25wYXJ0bmVyLmZyL2MvcC8yMTk3OC8yMTk3OC0xMTU4MS0xLndlYnA?v=1773657845","https:\/\/media.th4.com\/FGfGFyTcS_G5GUzBfvS-Qm30w1Oz0Q7qonKPndJvw1M\/pr:80\/aHR0cDovL21lZGlhMi5kZXNpZ25wYXJ0bmVyLmZyL2MvcC8yMTk3OC8yMTk3OC0xMTU4MS0yLndlYnA?v=1773657846","https:\/\/media.th4.com\/z2Us9p2bo24zI7w94iA2fFUHQniiwKYPZxQw2w5Teyw\/pr:80\/aHR0cDovL21lZGlhMi5kZXNpZ25wYXJ0bmVyLmZyL2MvcC8yMTk3OC8yMTk3OC0xMTU4MS0zLndlYnA?v=1773657846"],"medium":["https:\/\/media.th4.com\/e6oq_YcTU3yTL-3jwVrNoKo4TDA0Vh0fRcs87AvbJXw\/pr:550x550\/aHR0cDovL21lZGlhMi5kZXNpZ25wYXJ0bmVyLmZyL2MvcC8yMTk3OC8yMTk3OC0xMTU4MS0xLndlYnA?v=1773657845","https:\/\/media.th4.com\/u7M5XdCzQyCHSeTchxiyBd4b0XmpIEAJMXtmMzGx1Lg\/pr:550x550\/aHR0cDovL21lZGlhMi5kZXNpZ25wYXJ0bmVyLmZyL2MvcC8yMTk3OC8yMTk3OC0xMTU4MS0yLndlYnA?v=1773657846","https:\/\/media.th4.com\/Nk2iT8G0sSIQQBRGCpPgnHeIs8juhxnLCe5tHZC6sOw\/pr:550x550\/aHR0cDovL21lZGlhMi5kZXNpZ25wYXJ0bmVyLmZyL2MvcC8yMTk3OC8yMTk3OC0xMTU4MS0zLndlYnA?v=1773657846"],"medium_large":["https:\/\/media.th4.com\/j5EmcpbJc6q-RBo1Wn3k_hn530t7zBe3I0muteCXnKE\/pr:1000x1000\/aHR0cDovL21lZGlhMi5kZXNpZ25wYXJ0bmVyLmZyL2MvcC8yMTk3OC8yMTk3OC0xMTU4MS0xLndlYnA?v=1773657845","https:\/\/media.th4.com\/mleuPH2DQmzHsSTnCB77YNgX6y7TEIBD7C2hYFwzpjI\/pr:1000x1000\/aHR0cDovL21lZGlhMi5kZXNpZ25wYXJ0bmVyLmZyL2MvcC8yMTk3OC8yMTk3OC0xMTU4MS0yLndlYnA?v=1773657846","https:\/\/media.th4.com\/tPTpHwEQpBydIp_mwIP5MFnGbfrnWIbFtMMJynH2fhM\/pr:1000x1000\/aHR0cDovL21lZGlhMi5kZXNpZ25wYXJ0bmVyLmZyL2MvcC8yMTk3OC8yMTk3OC0xMTU4MS0zLndlYnA?v=1773657846"],"large":["https:\/\/media.th4.com\/2CpX1lv8eKLLdLJEUxmRXPDttsVgINuQ3iZcxMiL2m4\/pr:1920\/aHR0cDovL21lZGlhMi5kZXNpZ25wYXJ0bmVyLmZyL2MvcC8yMTk3OC8yMTk3OC0xMTU4MS0xLndlYnA?v=1773657845","https:\/\/media.th4.com\/E4iFZteECgu8RH6PfCANeAaXtrsvtd7Pgdv0U3txU7A\/pr:1920\/aHR0cDovL21lZGlhMi5kZXNpZ25wYXJ0bmVyLmZyL2MvcC8yMTk3OC8yMTk3OC0xMTU4MS0yLndlYnA?v=1773657846","https:\/\/media.th4.com\/3R0p0NvVQMRAR6YnYdxvRSzhVgLvaHRrFrwS4Ky7qF0\/pr:1920\/aHR0cDovL21lZGlhMi5kZXNpZ25wYXJ0bmVyLmZyL2MvcC8yMTk3OC8yMTk3OC0xMTU4MS0zLndlYnA?v=1773657846"],"opengraph":["https:\/\/media.th4.com\/UZ6zA2xHbD5wKwSAa2JLeT7MuFqA5GjIW-nqZ0GPLz8\/pr:1200x630\/aHR0cDovL21lZGlhMi5kZXNpZ25wYXJ0bmVyLmZyL2MvcC8yMTk3OC8yMTk3OC0xMTU4MS0xLndlYnA?v=1773657845","https:\/\/media.th4.com\/K2kPfeZL6JSAxMpP2L-TAeZsmr2mJ-BFfwx53suj_WA\/pr:1200x630\/aHR0cDovL21lZGlhMi5kZXNpZ25wYXJ0bmVyLmZyL2MvcC8yMTk3OC8yMTk3OC0xMTU4MS0yLndlYnA?v=1773657846","https:\/\/media.th4.com\/lPpvBiMe17025oJpEcZ-obve3XCjLXp_TG9HRv4e_LM\/pr:1200x630\/aHR0cDovL21lZGlhMi5kZXNpZ25wYXJ0bmVyLmZyL2MvcC8yMTk3OC8yMTk3OC0xMTU4MS0zLndlYnA?v=1773657846"]},"country_origin":"CN","traceability":{"manufacturing_country_id":61,"weaving_country_id":61,"dyeing_country_id":61},"sizes":[{"id":3,"article_id":542050,"class_id":3,"name":"S","on_standby":false,"stock_local":0,"stock_global":36,"multiple":1,"estimated_date_reassort":null,"is_destocking":false},{"id":2,"article_id":542049,"class_id":4,"name":"M","on_standby":false,"stock_local":0,"stock_global":298,"multiple":1,"estimated_date_reassort":null,"is_destocking":false},{"id":1,"article_id":542048,"class_id":5,"name":"L","on_standby":false,"stock_local":0,"stock_global":209,"multiple":1,"estimated_date_reassort":null,"is_destocking":false},{"id":4,"article_id":542051,"class_id":6,"name":"XL","on_standby":false,"stock_local":0,"stock_global":53,"multiple":1,"estimated_date_reassort":null,"is_destocking":false},{"id":1116,"article_id":542052,"class_id":7,"name":"2XL","on_standby":false,"stock_local":0,"stock_global":32,"multiple":1,"estimated_date_reassort":null,"is_destocking":false},{"id":1081,"article_id":542045,"class_id":8,"name":"3XL","on_standby":false,"stock_local":0,"stock_global":26,"multiple":1,"estimated_date_reassort":null,"is_destocking":false},{"id":16,"article_id":542046,"class_id":9,"name":"4XL","on_standby":false,"stock_local":0,"stock_global":12,"multiple":1,"estimated_date_reassort":null,"is_destocking":false},{"id":168,"article_id":542047,"class_id":10,"name":"5XL","on_standby":false,"stock_local":0,"stock_global":10,"multiple":1,"estimated_date_reassort":null,"is_destocking":false}],"page_links":{"fr":"\/fr\/p-pr-7850-men-s-softshell-jacket-7850-21978\/black-11581\/","en":"\/en\/p-pr-7850-men-s-softshell-jacket-7850-21978\/black-11581\/","de":"\/de\/p-pr-7850-men-s-softshell-jacket-7850-21978\/black-11581\/","nl":"\/nl\/p-pr-7850-men-s-softshell-jacket-7850-21978\/black-11581\/","es":"\/es\/p-pr-7850-men-s-softshell-jacket-7850-21978\/black-11581\/","it":"\/it\/p-pr-7850-men-s-softshell-jacket-7850-21978\/black-11581\/","sv":"\/sv\/p-pr-7850-men-s-softshell-jacket-7850-21978\/black-11581\/","pt":"\/pt\/p-pr-7850-men-s-softshell-jacket-7850-21978\/black-11581\/","da":"\/da\/p-pr-7850-men-s-softshell-jacket-7850-21978\/black-11581\/","pl":"\/pl\/p-pr-7850-men-s-softshell-jacket-7850-21978\/black-11581\/"},"page_links_customization":{"fr":"\/fr\/p-pr-7850-men-s-softshell-jacket-7850-personnalisable-21978\/black-11581\/custom\/","en":"\/en\/p-pr-7850-men-s-softshell-jacket-7850-customizable-21978\/black-11581\/custom\/","de":"\/de\/p-pr-7850-men-s-softshell-jacket-7850-personalisierbar-21978\/black-11581\/custom\/","nl":"\/nl\/p-pr-7850-men-s-softshell-jacket-7850-personaliseerbaar-21978\/black-11581\/custom\/","es":"\/es\/p-pr-7850-men-s-softshell-jacket-7850-personalizable-21978\/black-11581\/custom\/","it":"\/it\/p-pr-7850-men-s-softshell-jacket-7850-personalizzabile-21978\/black-11581\/custom\/","sv":"\/sv\/p-pr-7850-men-s-softshell-jacket-7850-anpassningsbar-21978\/black-11581\/custom\/","pt":"\/pt\/p-pr-7850-men-s-softshell-jacket-7850-personalizavel-21978\/black-11581\/custom\/","da":"\/da\/p-pr-7850-men-s-softshell-jacket-7850-kan-tilpasses-21978\/black-11581\/custom\/","pl":"\/pl\/p-pr-7850-men-s-softshell-jacket-7850-z-mozliwoscia-personalizacji-21978\/black-11581\/custom\/"}},{"id":11585,"name":"navy","class_ids":[2],"codes_hexa":["031739"],"delai_24":false,"has_3d":false,"seuil_global":0,"stock_local":0,"stock_global":263,"on_standby":false,"in_catalog":true,"images":{"miniature":["https:\/\/media.th4.com\/xp0ZqykqEJy5gOeC2S4hCaMQ9tCWYmnMMKn7LESH3TM\/pr:80\/aHR0cDovL21lZGlhMi5kZXNpZ25wYXJ0bmVyLmZyL2MvcC8yMTk3OC8yMTk3OC0xMTU4NS0xLndlYnA?v=1773657849","https:\/\/media.th4.com\/uc0Z08PZlXv-ox84lXfdW-TdQs4eqAGNmMUoWrW8RcM\/pr:80\/aHR0cDovL21lZGlhMi5kZXNpZ25wYXJ0bmVyLmZyL2MvcC8yMTk3OC8yMTk3OC0xMTU4NS0yLndlYnA?v=1773657850","https:\/\/media.th4.com\/u-ECZ5Ipco1MNjpyJXSC0kd6NnNDg9_s1vJwfJVVNsc\/pr:80\/aHR0cDovL21lZGlhMi5kZXNpZ25wYXJ0bmVyLmZyL2MvcC8yMTk3OC8yMTk3OC0xMTU4NS0zLndlYnA?v=1773657850"],"medium":["https:\/\/media.th4.com\/Ktvp5o1xwigfbc2N8ydjmmhDh5kjh5SwDeW6LCHY-qk\/pr:550x550\/aHR0cDovL21lZGlhMi5kZXNpZ25wYXJ0bmVyLmZyL2MvcC8yMTk3OC8yMTk3OC0xMTU4NS0xLndlYnA?v=1773657849","https:\/\/media.th4.com\/7ppUK8f2RSMFahVIvC2KT80Y26P8vPbrSAQPpUSNJtI\/pr:550x550\/aHR0cDovL21lZGlhMi5kZXNpZ25wYXJ0bmVyLmZyL2MvcC8yMTk3OC8yMTk3OC0xMTU4NS0yLndlYnA?v=1773657850","https:\/\/media.th4.com\/ZC7fxv5AX9TIrUvbB_McncmWLPncHZkazWE225gkweI\/pr:550x550\/aHR0cDovL21lZGlhMi5kZXNpZ25wYXJ0bmVyLmZyL2MvcC8yMTk3OC8yMTk3OC0xMTU4NS0zLndlYnA?v=1773657850"],"medium_large":["https:\/\/media.th4.com\/2pK2rYK7Njb8xEVzniNEP-RbfshDwvVUb94HSLp7yQw\/pr:1000x1000\/aHR0cDovL21lZGlhMi5kZXNpZ25wYXJ0bmVyLmZyL2MvcC8yMTk3OC8yMTk3OC0xMTU4NS0xLndlYnA?v=1773657849","https:\/\/media.th4.com\/oU1Z_VpzeAPFzPEtheqdxbUcoCatszsSXWyecJaHMkA\/pr:1000x1000\/aHR0cDovL21lZGlhMi5kZXNpZ25wYXJ0bmVyLmZyL2MvcC8yMTk3OC8yMTk3OC0xMTU4NS0yLndlYnA?v=1773657850","https:\/\/media.th4.com\/2h1BHHLuTbyr0irzEQx8InJD3L-QP7tMRzrhBXd7U6E\/pr:1000x1000\/aHR0cDovL21lZGlhMi5kZXNpZ25wYXJ0bmVyLmZyL2MvcC8yMTk3OC8yMTk3OC0xMTU4NS0zLndlYnA?v=1773657850"],"large":["https:\/\/media.th4.com\/Rt14KDIARhc_7nkZcCHJoQprleGPz5lmtubwdYgQCdQ\/pr:1920\/aHR0cDovL21lZGlhMi5kZXNpZ25wYXJ0bmVyLmZyL2MvcC8yMTk3OC8yMTk3OC0xMTU4NS0xLndlYnA?v=1773657849","https:\/\/media.th4.com\/7g3P-6uV39io9XVlBy7a28xpyv8rLMiHjYoKyO0H4a4\/pr:1920\/aHR0cDovL21lZGlhMi5kZXNpZ25wYXJ0bmVyLmZyL2MvcC8yMTk3OC8yMTk3OC0xMTU4NS0yLndlYnA?v=1773657850","https:\/\/media.th4.com\/-K3pyO33GXXIzyqW9tWgIKwK3JD8z6PBPm2gJeLQCAM\/pr:1920\/aHR0cDovL21lZGlhMi5kZXNpZ25wYXJ0bmVyLmZyL2MvcC8yMTk3OC8yMTk3OC0xMTU4NS0zLndlYnA?v=1773657850"],"opengraph":["https:\/\/media.th4.com\/dGH_SuX7bw7gY9Z8bRKCWqvoa3qQfy_K5S8mbYeGNCw\/pr:1200x630\/aHR0cDovL21lZGlhMi5kZXNpZ25wYXJ0bmVyLmZyL2MvcC8yMTk3OC8yMTk3OC0xMTU4NS0xLndlYnA?v=1773657849","https:\/\/media.th4.com\/ndvWLfmVhw0KVgi2NAcbKUmX9HoCWnGG6M5mqwa9d2k\/pr:1200x630\/aHR0cDovL21lZGlhMi5kZXNpZ25wYXJ0bmVyLmZyL2MvcC8yMTk3OC8yMTk3OC0xMTU4NS0yLndlYnA?v=1773657850","https:\/\/media.th4.com\/DMWhGLxLah2P5uYRW2R6glmlQ5fqkWUxMz59vocNCIM\/pr:1200x630\/aHR0cDovL21lZGlhMi5kZXNpZ25wYXJ0bmVyLmZyL2MvcC8yMTk3OC8yMTk3OC0xMTU4NS0zLndlYnA?v=1773657850"]},"images_customization":{"miniature":["https:\/\/media.th4.com\/xp0ZqykqEJy5gOeC2S4hCaMQ9tCWYmnMMKn7LESH3TM\/pr:80\/aHR0cDovL21lZGlhMi5kZXNpZ25wYXJ0bmVyLmZyL2MvcC8yMTk3OC8yMTk3OC0xMTU4NS0xLndlYnA?v=1773657849","https:\/\/media.th4.com\/uc0Z08PZlXv-ox84lXfdW-TdQs4eqAGNmMUoWrW8RcM\/pr:80\/aHR0cDovL21lZGlhMi5kZXNpZ25wYXJ0bmVyLmZyL2MvcC8yMTk3OC8yMTk3OC0xMTU4NS0yLndlYnA?v=1773657850","https:\/\/media.th4.com\/u-ECZ5Ipco1MNjpyJXSC0kd6NnNDg9_s1vJwfJVVNsc\/pr:80\/aHR0cDovL21lZGlhMi5kZXNpZ25wYXJ0bmVyLmZyL2MvcC8yMTk3OC8yMTk3OC0xMTU4NS0zLndlYnA?v=1773657850"],"medium":["https:\/\/media.th4.com\/Ktvp5o1xwigfbc2N8ydjmmhDh5kjh5SwDeW6LCHY-qk\/pr:550x550\/aHR0cDovL21lZGlhMi5kZXNpZ25wYXJ0bmVyLmZyL2MvcC8yMTk3OC8yMTk3OC0xMTU4NS0xLndlYnA?v=1773657849","https:\/\/media.th4.com\/7ppUK8f2RSMFahVIvC2KT80Y26P8vPbrSAQPpUSNJtI\/pr:550x550\/aHR0cDovL21lZGlhMi5kZXNpZ25wYXJ0bmVyLmZyL2MvcC8yMTk3OC8yMTk3OC0xMTU4NS0yLndlYnA?v=1773657850","https:\/\/media.th4.com\/ZC7fxv5AX9TIrUvbB_McncmWLPncHZkazWE225gkweI\/pr:550x550\/aHR0cDovL21lZGlhMi5kZXNpZ25wYXJ0bmVyLmZyL2MvcC8yMTk3OC8yMTk3OC0xMTU4NS0zLndlYnA?v=1773657850"],"medium_large":["https:\/\/media.th4.com\/2pK2rYK7Njb8xEVzniNEP-RbfshDwvVUb94HSLp7yQw\/pr:1000x1000\/aHR0cDovL21lZGlhMi5kZXNpZ25wYXJ0bmVyLmZyL2MvcC8yMTk3OC8yMTk3OC0xMTU4NS0xLndlYnA?v=1773657849","https:\/\/media.th4.com\/oU1Z_VpzeAPFzPEtheqdxbUcoCatszsSXWyecJaHMkA\/pr:1000x1000\/aHR0cDovL21lZGlhMi5kZXNpZ25wYXJ0bmVyLmZyL2MvcC8yMTk3OC8yMTk3OC0xMTU4NS0yLndlYnA?v=1773657850","https:\/\/media.th4.com\/2h1BHHLuTbyr0irzEQx8InJD3L-QP7tMRzrhBXd7U6E\/pr:1000x1000\/aHR0cDovL21lZGlhMi5kZXNpZ25wYXJ0bmVyLmZyL2MvcC8yMTk3OC8yMTk3OC0xMTU4NS0zLndlYnA?v=1773657850"],"large":["https:\/\/media.th4.com\/Rt14KDIARhc_7nkZcCHJoQprleGPz5lmtubwdYgQCdQ\/pr:1920\/aHR0cDovL21lZGlhMi5kZXNpZ25wYXJ0bmVyLmZyL2MvcC8yMTk3OC8yMTk3OC0xMTU4NS0xLndlYnA?v=1773657849","https:\/\/media.th4.com\/7g3P-6uV39io9XVlBy7a28xpyv8rLMiHjYoKyO0H4a4\/pr:1920\/aHR0cDovL21lZGlhMi5kZXNpZ25wYXJ0bmVyLmZyL2MvcC8yMTk3OC8yMTk3OC0xMTU4NS0yLndlYnA?v=1773657850","https:\/\/media.th4.com\/-K3pyO33GXXIzyqW9tWgIKwK3JD8z6PBPm2gJeLQCAM\/pr:1920\/aHR0cDovL21lZGlhMi5kZXNpZ25wYXJ0bmVyLmZyL2MvcC8yMTk3OC8yMTk3OC0xMTU4NS0zLndlYnA?v=1773657850"],"opengraph":["https:\/\/media.th4.com\/dGH_SuX7bw7gY9Z8bRKCWqvoa3qQfy_K5S8mbYeGNCw\/pr:1200x630\/aHR0cDovL21lZGlhMi5kZXNpZ25wYXJ0bmVyLmZyL2MvcC8yMTk3OC8yMTk3OC0xMTU4NS0xLndlYnA?v=1773657849","https:\/\/media.th4.com\/ndvWLfmVhw0KVgi2NAcbKUmX9HoCWnGG6M5mqwa9d2k\/pr:1200x630\/aHR0cDovL21lZGlhMi5kZXNpZ25wYXJ0bmVyLmZyL2MvcC8yMTk3OC8yMTk3OC0xMTU4NS0yLndlYnA?v=1773657850","https:\/\/media.th4.com\/DMWhGLxLah2P5uYRW2R6glmlQ5fqkWUxMz59vocNCIM\/pr:1200x630\/aHR0cDovL21lZGlhMi5kZXNpZ25wYXJ0bmVyLmZyL2MvcC8yMTk3OC8yMTk3OC0xMTU4NS0zLndlYnA?v=1773657850"]},"country_origin":"CN","traceability":{"manufacturing_country_id":61,"weaving_country_id":61,"dyeing_country_id":61},"sizes":[{"id":3,"article_id":542066,"class_id":3,"name":"S","on_standby":false,"stock_local":0,"stock_global":15,"multiple":1,"estimated_date_reassort":null,"is_destocking":false},{"id":2,"article_id":542065,"class_id":4,"name":"M","on_standby":false,"stock_local":0,"stock_global":44,"multiple":1,"estimated_date_reassort":null,"is_destocking":false},{"id":1,"article_id":542064,"class_id":5,"name":"L","on_standby":false,"stock_local":0,"stock_global":60,"multiple":1,"estimated_date_reassort":null,"is_destocking":false},{"id":4,"article_id":542067,"class_id":6,"name":"XL","on_standby":false,"stock_local":0,"stock_global":65,"multiple":1,"estimated_date_reassort":null,"is_destocking":false},{"id":1116,"article_id":542068,"class_id":7,"name":"2XL","on_standby":false,"stock_local":0,"stock_global":38,"multiple":1,"estimated_date_reassort":null,"is_destocking":false},{"id":1081,"article_id":542061,"class_id":8,"name":"3XL","on_standby":false,"stock_local":0,"stock_global":21,"multiple":1,"estimated_date_reassort":null,"is_destocking":false},{"id":16,"article_id":542062,"class_id":9,"name":"4XL","on_standby":false,"stock_local":0,"stock_global":15,"multiple":1,"estimated_date_reassort":null,"is_destocking":false},{"id":168,"article_id":542063,"class_id":10,"name":"5XL","on_standby":false,"stock_local":0,"stock_global":5,"multiple":1,"estimated_date_reassort":null,"is_destocking":false}],"page_links":{"fr":"\/fr\/p-pr-7850-men-s-softshell-jacket-7850-21978\/navy-11585\/","en":"\/en\/p-pr-7850-men-s-softshell-jacket-7850-21978\/navy-11585\/","de":"\/de\/p-pr-7850-men-s-softshell-jacket-7850-21978\/navy-11585\/","nl":"\/nl\/p-pr-7850-men-s-softshell-jacket-7850-21978\/navy-11585\/","es":"\/es\/p-pr-7850-men-s-softshell-jacket-7850-21978\/navy-11585\/","it":"\/it\/p-pr-7850-men-s-softshell-jacket-7850-21978\/navy-11585\/","sv":"\/sv\/p-pr-7850-men-s-softshell-jacket-7850-21978\/navy-11585\/","pt":"\/pt\/p-pr-7850-men-s-softshell-jacket-7850-21978\/navy-11585\/","da":"\/da\/p-pr-7850-men-s-softshell-jacket-7850-21978\/navy-11585\/","pl":"\/pl\/p-pr-7850-men-s-softshell-jacket-7850-21978\/navy-11585\/"},"page_links_customization":{"fr":"\/fr\/p-pr-7850-men-s-softshell-jacket-7850-personnalisable-21978\/navy-11585\/custom\/","en":"\/en\/p-pr-7850-men-s-softshell-jacket-7850-customizable-21978\/navy-11585\/custom\/","de":"\/de\/p-pr-7850-men-s-softshell-jacket-7850-personalisierbar-21978\/navy-11585\/custom\/","nl":"\/nl\/p-pr-7850-men-s-softshell-jacket-7850-personaliseerbaar-21978\/navy-11585\/custom\/","es":"\/es\/p-pr-7850-men-s-softshell-jacket-7850-personalizable-21978\/navy-11585\/custom\/","it":"\/it\/p-pr-7850-men-s-softshell-jacket-7850-personalizzabile-21978\/navy-11585\/custom\/","sv":"\/sv\/p-pr-7850-men-s-softshell-jacket-7850-anpassningsbar-21978\/navy-11585\/custom\/","pt":"\/pt\/p-pr-7850-men-s-softshell-jacket-7850-personalizavel-21978\/navy-11585\/custom\/","da":"\/da\/p-pr-7850-men-s-softshell-jacket-7850-kan-tilpasses-21978\/navy-11585\/custom\/","pl":"\/pl\/p-pr-7850-men-s-softshell-jacket-7850-z-mozliwoscia-personalizacji-21978\/navy-11585\/custom\/"}},{"id":25251,"name":"heather_grey","class_ids":[3],"codes_hexa":["EDE9E6"],"delai_24":false,"has_3d":false,"seuil_global":0,"stock_local":0,"stock_global":48,"on_standby":false,"in_catalog":true,"images":{"miniature":["https:\/\/media.th4.com\/K54tXzmJ1UB7SEz1j4crruvuhtpDmIijxWDIPLHh2iQ\/pr:80\/aHR0cDovL21lZGlhMi5kZXNpZ25wYXJ0bmVyLmZyL2MvcC8yMTk3OC8yMTk3OC0yNTI1MS0xLndlYnA?v=1773657847","https:\/\/media.th4.com\/rhR7qHClrmpWJuqvauXz-PE23CEoPNz3hMFAJGlpcVM\/pr:80\/aHR0cDovL21lZGlhMi5kZXNpZ25wYXJ0bmVyLmZyL2MvcC8yMTk3OC8yMTk3OC0yNTI1MS0yLndlYnA?v=1773657848","https:\/\/media.th4.com\/GbfvZLaO89w4T0W2JBHfjeVebx33V8GCZQ0QMuWUu8Y\/pr:80\/aHR0cDovL21lZGlhMi5kZXNpZ25wYXJ0bmVyLmZyL2MvcC8yMTk3OC8yMTk3OC0yNTI1MS0zLndlYnA?v=1773657848"],"medium":["https:\/\/media.th4.com\/QFsaU6BY3AB81sb8UcVyw1aOCJpPSg7aEEvqBS3iuFU\/pr:550x550\/aHR0cDovL21lZGlhMi5kZXNpZ25wYXJ0bmVyLmZyL2MvcC8yMTk3OC8yMTk3OC0yNTI1MS0xLndlYnA?v=1773657847","https:\/\/media.th4.com\/x7fs4vGIH1GMCZsqcQ2Kw5bnr8YNV2LSnRBjDjJAz5Q\/pr:550x550\/aHR0cDovL21lZGlhMi5kZXNpZ25wYXJ0bmVyLmZyL2MvcC8yMTk3OC8yMTk3OC0yNTI1MS0yLndlYnA?v=1773657848","https:\/\/media.th4.com\/7dMAbL3FReG3HrbT-PtQ77Fa1fxWUpCdSPetFhO6h1U\/pr:550x550\/aHR0cDovL21lZGlhMi5kZXNpZ25wYXJ0bmVyLmZyL2MvcC8yMTk3OC8yMTk3OC0yNTI1MS0zLndlYnA?v=1773657848"],"medium_large":["https:\/\/media.th4.com\/FunHqpXeMilxDeaKMIaQ-HOpEHdjpYBpI7BrKidmLMA\/pr:1000x1000\/aHR0cDovL21lZGlhMi5kZXNpZ25wYXJ0bmVyLmZyL2MvcC8yMTk3OC8yMTk3OC0yNTI1MS0xLndlYnA?v=1773657847","https:\/\/media.th4.com\/s81oAwMPINOR0RflIpwLAkRXlf_dRvGWSrT3cbdoJoI\/pr:1000x1000\/aHR0cDovL21lZGlhMi5kZXNpZ25wYXJ0bmVyLmZyL2MvcC8yMTk3OC8yMTk3OC0yNTI1MS0yLndlYnA?v=1773657848","https:\/\/media.th4.com\/f8eCYO4z0HB7VD59aKqSfEwyAEjU-Z-eNWmCPfuXwmE\/pr:1000x1000\/aHR0cDovL21lZGlhMi5kZXNpZ25wYXJ0bmVyLmZyL2MvcC8yMTk3OC8yMTk3OC0yNTI1MS0zLndlYnA?v=1773657848"],"large":["https:\/\/media.th4.com\/eprCxV0qkVowFxKeqObMecPrRkYkDZMf2oeOStDDbcI\/pr:1920\/aHR0cDovL21lZGlhMi5kZXNpZ25wYXJ0bmVyLmZyL2MvcC8yMTk3OC8yMTk3OC0yNTI1MS0xLndlYnA?v=1773657847","https:\/\/media.th4.com\/tjdS5ND_YAwfuw3FJdbiD3iZ2jEX6LUHPkF9knlEpxA\/pr:1920\/aHR0cDovL21lZGlhMi5kZXNpZ25wYXJ0bmVyLmZyL2MvcC8yMTk3OC8yMTk3OC0yNTI1MS0yLndlYnA?v=1773657848","https:\/\/media.th4.com\/aaIki11DW1CozvrFoH7220dhPbA3KlErjLjVhvvMw5w\/pr:1920\/aHR0cDovL21lZGlhMi5kZXNpZ25wYXJ0bmVyLmZyL2MvcC8yMTk3OC8yMTk3OC0yNTI1MS0zLndlYnA?v=1773657848"],"opengraph":["https:\/\/media.th4.com\/dni57SN0ek3JCo8w-bmPtuglkEIfHckEA-ipHGqEGhM\/pr:1200x630\/aHR0cDovL21lZGlhMi5kZXNpZ25wYXJ0bmVyLmZyL2MvcC8yMTk3OC8yMTk3OC0yNTI1MS0xLndlYnA?v=1773657847","https:\/\/media.th4.com\/m6HCxoDbpZC59GouUTKhOPslEsyS8Uub9cOmTq1KSG4\/pr:1200x630\/aHR0cDovL21lZGlhMi5kZXNpZ25wYXJ0bmVyLmZyL2MvcC8yMTk3OC8yMTk3OC0yNTI1MS0yLndlYnA?v=1773657848","https:\/\/media.th4.com\/jSPcZ8gGp3KSlupbYJLjFpgyKEu-r5DgKrKNjpymBWg\/pr:1200x630\/aHR0cDovL21lZGlhMi5kZXNpZ25wYXJ0bmVyLmZyL2MvcC8yMTk3OC8yMTk3OC0yNTI1MS0zLndlYnA?v=1773657848"]},"images_customization":{"miniature":["https:\/\/media.th4.com\/K54tXzmJ1UB7SEz1j4crruvuhtpDmIijxWDIPLHh2iQ\/pr:80\/aHR0cDovL21lZGlhMi5kZXNpZ25wYXJ0bmVyLmZyL2MvcC8yMTk3OC8yMTk3OC0yNTI1MS0xLndlYnA?v=1773657847","https:\/\/media.th4.com\/rhR7qHClrmpWJuqvauXz-PE23CEoPNz3hMFAJGlpcVM\/pr:80\/aHR0cDovL21lZGlhMi5kZXNpZ25wYXJ0bmVyLmZyL2MvcC8yMTk3OC8yMTk3OC0yNTI1MS0yLndlYnA?v=1773657848","https:\/\/media.th4.com\/GbfvZLaO89w4T0W2JBHfjeVebx33V8GCZQ0QMuWUu8Y\/pr:80\/aHR0cDovL21lZGlhMi5kZXNpZ25wYXJ0bmVyLmZyL2MvcC8yMTk3OC8yMTk3OC0yNTI1MS0zLndlYnA?v=1773657848"],"medium":["https:\/\/media.th4.com\/QFsaU6BY3AB81sb8UcVyw1aOCJpPSg7aEEvqBS3iuFU\/pr:550x550\/aHR0cDovL21lZGlhMi5kZXNpZ25wYXJ0bmVyLmZyL2MvcC8yMTk3OC8yMTk3OC0yNTI1MS0xLndlYnA?v=1773657847","https:\/\/media.th4.com\/x7fs4vGIH1GMCZsqcQ2Kw5bnr8YNV2LSnRBjDjJAz5Q\/pr:550x550\/aHR0cDovL21lZGlhMi5kZXNpZ25wYXJ0bmVyLmZyL2MvcC8yMTk3OC8yMTk3OC0yNTI1MS0yLndlYnA?v=1773657848","https:\/\/media.th4.com\/7dMAbL3FReG3HrbT-PtQ77Fa1fxWUpCdSPetFhO6h1U\/pr:550x550\/aHR0cDovL21lZGlhMi5kZXNpZ25wYXJ0bmVyLmZyL2MvcC8yMTk3OC8yMTk3OC0yNTI1MS0zLndlYnA?v=1773657848"],"medium_large":["https:\/\/media.th4.com\/FunHqpXeMilxDeaKMIaQ-HOpEHdjpYBpI7BrKidmLMA\/pr:1000x1000\/aHR0cDovL21lZGlhMi5kZXNpZ25wYXJ0bmVyLmZyL2MvcC8yMTk3OC8yMTk3OC0yNTI1MS0xLndlYnA?v=1773657847","https:\/\/media.th4.com\/s81oAwMPINOR0RflIpwLAkRXlf_dRvGWSrT3cbdoJoI\/pr:1000x1000\/aHR0cDovL21lZGlhMi5kZXNpZ25wYXJ0bmVyLmZyL2MvcC8yMTk3OC8yMTk3OC0yNTI1MS0yLndlYnA?v=1773657848","https:\/\/media.th4.com\/f8eCYO4z0HB7VD59aKqSfEwyAEjU-Z-eNWmCPfuXwmE\/pr:1000x1000\/aHR0cDovL21lZGlhMi5kZXNpZ25wYXJ0bmVyLmZyL2MvcC8yMTk3OC8yMTk3OC0yNTI1MS0zLndlYnA?v=1773657848"],"large":["https:\/\/media.th4.com\/eprCxV0qkVowFxKeqObMecPrRkYkDZMf2oeOStDDbcI\/pr:1920\/aHR0cDovL21lZGlhMi5kZXNpZ25wYXJ0bmVyLmZyL2MvcC8yMTk3OC8yMTk3OC0yNTI1MS0xLndlYnA?v=1773657847","https:\/\/media.th4.com\/tjdS5ND_YAwfuw3FJdbiD3iZ2jEX6LUHPkF9knlEpxA\/pr:1920\/aHR0cDovL21lZGlhMi5kZXNpZ25wYXJ0bmVyLmZyL2MvcC8yMTk3OC8yMTk3OC0yNTI1MS0yLndlYnA?v=1773657848","https:\/\/media.th4.com\/aaIki11DW1CozvrFoH7220dhPbA3KlErjLjVhvvMw5w\/pr:1920\/aHR0cDovL21lZGlhMi5kZXNpZ25wYXJ0bmVyLmZyL2MvcC8yMTk3OC8yMTk3OC0yNTI1MS0zLndlYnA?v=1773657848"],"opengraph":["https:\/\/media.th4.com\/dni57SN0ek3JCo8w-bmPtuglkEIfHckEA-ipHGqEGhM\/pr:1200x630\/aHR0cDovL21lZGlhMi5kZXNpZ25wYXJ0bmVyLmZyL2MvcC8yMTk3OC8yMTk3OC0yNTI1MS0xLndlYnA?v=1773657847","https:\/\/media.th4.com\/m6HCxoDbpZC59GouUTKhOPslEsyS8Uub9cOmTq1KSG4\/pr:1200x630\/aHR0cDovL21lZGlhMi5kZXNpZ25wYXJ0bmVyLmZyL2MvcC8yMTk3OC8yMTk3OC0yNTI1MS0yLndlYnA?v=1773657848","https:\/\/media.th4.com\/jSPcZ8gGp3KSlupbYJLjFpgyKEu-r5DgKrKNjpymBWg\/pr:1200x630\/aHR0cDovL21lZGlhMi5kZXNpZ25wYXJ0bmVyLmZyL2MvcC8yMTk3OC8yMTk3OC0yNTI1MS0zLndlYnA?v=1773657848"]},"country_origin":"CN","traceability":{"manufacturing_country_id":61,"weaving_country_id":61,"dyeing_country_id":61},"sizes":[{"id":3,"article_id":542058,"class_id":3,"name":"S","on_standby":false,"stock_local":0,"stock_global":1,"multiple":1,"estimated_date_reassort":null,"is_destocking":false},{"id":2,"article_id":542057,"class_id":4,"name":"M","on_standby":false,"stock_local":0,"stock_global":7,"multiple":1,"estimated_date_reassort":null,"is_destocking":false},{"id":1,"article_id":542056,"class_id":5,"name":"L","on_standby":false,"stock_local":0,"stock_global":13,"multiple":1,"estimated_date_reassort":null,"is_destocking":false},{"id":4,"article_id":542059,"class_id":6,"name":"XL","on_standby":false,"stock_local":0,"stock_global":3,"multiple":1,"estimated_date_reassort":null,"is_destocking":false},{"id":1081,"article_id":542053,"class_id":8,"name":"3XL","on_standby":false,"stock_local":0,"stock_global":7,"multiple":1,"estimated_date_reassort":null,"is_destocking":false},{"id":16,"article_id":542054,"class_id":9,"name":"4XL","on_standby":false,"stock_local":0,"stock_global":6,"multiple":1,"estimated_date_reassort":null,"is_destocking":false},{"id":168,"article_id":542055,"class_id":10,"name":"5XL","on_standby":false,"stock_local":0,"stock_global":11,"multiple":1,"estimated_date_reassort":null,"is_destocking":false}],"page_links":{"fr":"\/fr\/p-pr-7850-men-s-softshell-jacket-7850-21978\/heather-grey-25251\/","en":"\/en\/p-pr-7850-men-s-softshell-jacket-7850-21978\/heather-grey-25251\/","de":"\/de\/p-pr-7850-men-s-softshell-jacket-7850-21978\/heather-grey-25251\/","nl":"\/nl\/p-pr-7850-men-s-softshell-jacket-7850-21978\/heather-grey-25251\/","es":"\/es\/p-pr-7850-men-s-softshell-jacket-7850-21978\/heather-grey-25251\/","it":"\/it\/p-pr-7850-men-s-softshell-jacket-7850-21978\/heather-grey-25251\/","sv":"\/sv\/p-pr-7850-men-s-softshell-jacket-7850-21978\/heather-grey-25251\/","pt":"\/pt\/p-pr-7850-men-s-softshell-jacket-7850-21978\/heather-grey-25251\/","da":"\/da\/p-pr-7850-men-s-softshell-jacket-7850-21978\/heather-grey-25251\/","pl":"\/pl\/p-pr-7850-men-s-softshell-jacket-7850-21978\/heather-grey-25251\/"},"page_links_customization":{"fr":"\/fr\/p-pr-7850-men-s-softshell-jacket-7850-personnalisable-21978\/heather-grey-25251\/custom\/","en":"\/en\/p-pr-7850-men-s-softshell-jacket-7850-customizable-21978\/heather-grey-25251\/custom\/","de":"\/de\/p-pr-7850-men-s-softshell-jacket-7850-personalisierbar-21978\/heather-grey-25251\/custom\/","nl":"\/nl\/p-pr-7850-men-s-softshell-jacket-7850-personaliseerbaar-21978\/heather-grey-25251\/custom\/","es":"\/es\/p-pr-7850-men-s-softshell-jacket-7850-personalizable-21978\/heather-grey-25251\/custom\/","it":"\/it\/p-pr-7850-men-s-softshell-jacket-7850-personalizzabile-21978\/heather-grey-25251\/custom\/","sv":"\/sv\/p-pr-7850-men-s-softshell-jacket-7850-anpassningsbar-21978\/heather-grey-25251\/custom\/","pt":"\/pt\/p-pr-7850-men-s-softshell-jacket-7850-personalizavel-21978\/heather-grey-25251\/custom\/","da":"\/da\/p-pr-7850-men-s-softshell-jacket-7850-kan-tilpasses-21978\/heather-grey-25251\/custom\/","pl":"\/pl\/p-pr-7850-men-s-softshell-jacket-7850-z-mozliwoscia-personalizacji-21978\/heather-grey-25251\/custom\/"}}],"documentation_link":"\/pdf\/21978.pdf","countries_availables":["AD","AE","AL","AT","BA","BD","BE","BG","BL","CA","CH","CN","CO","CY","CZ","DE","DK","DO","EE","EG","ES","ET","FI","FR","GB","GE","GF","GP","GR","GT","HK","HN","HR","HT","HU","ID","IE","IN","IS","IT","JO","JP","KE","KH","KP","KR","LA","LK","LS","LT","LU","LV","MA","MF","MG","MK","MM","MN","MQ","MT","MX","MY","NC","NI","NL","PF","PH","PK","PL","PM","PT","RE","RO","SE","SG","SI","SK","SV","SY","TH","TN","TR","TW","TZ","US","VN","WF","YT"]},"infos_customization":[],"features":{"authorize_multi_surfaces":true,"display_order_delay_type":true,"promote_surface_display":true,"tarification_franco_offert":true,"enabled_3d_editor":false},"markings":[{"id":0,"nom":"vierge","finition":null,"libelle":null,"code":null,"dpi":null,"finesse_forme_isolee":null,"finesse_forme_non_isolee":null,"hauteur_minimale_texte":null,"inactif":0,"marquage_interne":1,"quantite_min":null,"parent_id":null,"print_on_support":0,"content":"vierge","description":null},{"id":2,"nom":"fonce","finition":"optimale","libelle":"TopQuadri","code":null,"dpi":400,"finesse_forme_isolee":"0.040","finesse_forme_non_isolee":"0.700","hauteur_minimale_texte":2,"inactif":0,"marquage_interne":1,"quantite_min":null,"parent_id":18,"print_on_support":0,"content":"TopQuadri","description":"pour petites et moyennes s\u00e9ries"},{"id":3,"nom":"serigraphie","finition":"serigraphie","libelle":"SeriCoat","code":null,"dpi":400,"finesse_forme_isolee":"0.040","finesse_forme_non_isolee":"0.700","hauteur_minimale_texte":2,"inactif":0,"marquage_interne":1,"quantite_min":15,"parent_id":18,"print_on_support":0,"content":"SeriCoat","description":"pour moyennes et grandes s\u00e9ries"},{"id":4,"nom":"broderie","finition":"broderie","libelle":"Broderie","code":null,"dpi":400,"finesse_forme_isolee":"0.040","finesse_forme_non_isolee":"0.700","hauteur_minimale_texte":3,"inactif":0,"marquage_interne":1,"quantite_min":null,"parent_id":null,"print_on_support":0,"content":"Broderie","description":null},{"id":8,"nom":"theme","finition":null,"libelle":"Th\u00e8me","code":null,"dpi":null,"finesse_forme_isolee":null,"finesse_forme_non_isolee":null,"hauteur_minimale_texte":null,"inactif":0,"marquage_interne":1,"quantite_min":null,"parent_id":null,"print_on_support":0,"content":"Th\u00e8me","description":null},{"id":9,"nom":"sans","finition":null,"libelle":null,"code":null,"dpi":null,"finesse_forme_isolee":null,"finesse_forme_non_isolee":null,"hauteur_minimale_texte":null,"inactif":0,"marquage_interne":1,"quantite_min":null,"parent_id":null,"print_on_support":0,"content":"sans","description":null},{"id":10,"nom":"photo","finition":null,"libelle":"Photo","code":null,"dpi":null,"finesse_forme_isolee":null,"finesse_forme_non_isolee":null,"hauteur_minimale_texte":null,"inactif":0,"marquage_interne":1,"quantite_min":null,"parent_id":null,"print_on_support":0,"content":"Photo","description":null},{"id":14,"nom":"couleur","finition":null,"libelle":"Couleur","code":null,"dpi":null,"finesse_forme_isolee":null,"finesse_forme_non_isolee":null,"hauteur_minimale_texte":null,"inactif":0,"marquage_interne":1,"quantite_min":null,"parent_id":null,"print_on_support":0,"content":"Couleur","description":null},{"id":15,"nom":"sublimation","finition":"sublimation","libelle":"Sublimation","code":null,"dpi":null,"finesse_forme_isolee":"0.000","finesse_forme_non_isolee":"0.000","hauteur_minimale_texte":2,"inactif":0,"marquage_interne":1,"quantite_min":null,"parent_id":null,"print_on_support":0,"content":"Sublimation","description":null},{"id":16,"nom":"topquadri_uv","finition":null,"libelle":"TopQuadri UV","code":null,"dpi":null,"finesse_forme_isolee":"0.020","finesse_forme_non_isolee":"0.700","hauteur_minimale_texte":2,"inactif":0,"marquage_interne":1,"quantite_min":null,"parent_id":null,"print_on_support":1,"content":null,"description":null},{"id":17,"nom":"topquadri_uvp","finition":null,"libelle":"TopQuadri UVP","code":null,"dpi":null,"finesse_forme_isolee":"0.020","finesse_forme_non_isolee":"0.700","hauteur_minimale_texte":2,"inactif":0,"marquage_interne":1,"quantite_min":null,"parent_id":null,"print_on_support":1,"content":null,"description":null},{"id":18,"nom":"quadri","finition":null,"libelle":"Impression","code":null,"dpi":null,"finesse_forme_isolee":null,"finesse_forme_non_isolee":null,"hauteur_minimale_texte":null,"inactif":0,"marquage_interne":1,"quantite_min":null,"parent_id":null,"print_on_support":0,"content":null,"description":null}]}}