{"data":{"product":{"id":21976,"titre":"Men's Light Softshell Jacket","description":"Softshell l\u00e9g\u00e8re homme. 3 couches. Imperm\u00e9able jusqu'\u00e0 8000 mm. Zips \u00e9tanches. 2 poches lat\u00e9rales zipp\u00e9es. Prot\u00e8ge-menton. Passepoils et tirette de fermeture zipp\u00e9e r\u00e9fl\u00e9chissants. Composition : 72 % polyester, 25 % coton, 3 % spandex.","genre":"homme","grammage":260,"conditionnement":10,"composition":"coton,polyester","reference":"pr-7830","reference_visible":"pr-7830","reference_fabricant":"7830","ref_xor":"721821","in_catalog":true,"is_transfer":false,"is_service":false,"on_standby":false,"has_3d":false,"has_size_guide":false,"has_marking":true,"has_vierge":true,"is_cross_sellable":false,"id_picto":28,"filename_3d":null,"brand":{"id":154,"name":"Promodoro","logo":"logo-promodoro.png","image":"https:\/\/media.th4.com\/pfJDeuQIb_1LhflfsUyeyAhr4hLnU-nV55lPlVDhYUQ\/pr:brand70x70\/aHR0cDovL21lZGlhMi5kZXNpZ25wYXJ0bmVyLmZyL2MvbS9sb2dvLXByb21vZG9yby5wbmc?v=1773736567"},"price_infos":{"price_from":44.94,"quantity":100,"color":{"id":11585,"name":"navy"},"size":{"id":1,"name":"L"}},"price_infos_marking":{"price_from":47.54,"quantity":100,"color":{"id":11585,"name":"navy"},"size":{"id":1,"name":"L"},"marking":{"id":2,"name":""},"emplacement":"avant","surface_emplacement_id":1,"surface":"coeur"},"i18n":{"blank":{"title":{"fr":"Softshell homme PROMODORO 7830","en":"Men's softshell PROMODORO 7830","de":"Herren-Softshell PROMODORO 7830","nl":"Softshell heren PROMODORO 7830","es":"Softshell hombre PROMODORO 7830","it":"Softshell uomo PROMODORO 7830","sv":"Softshell herr PROMODORO 7830","pt":"Softshell homem PROMODORO 7830","da":"Softshell til m\u00e6nd PROMODORO 7830","pl":"M\u0119ska kurtka softshell PROMODORO 7830"},"description":{"fr":"Le Softshell Homme est une veste l\u00e9g\u00e8re \u00e0 3 couches, adapt\u00e9e \u00e0 une utilisation ext\u00e9rieure par temps variable. Sa conception int\u00e8gre des zips \u00e9tanches, deux poches lat\u00e9rales zipp\u00e9es, un prot\u00e8ge-menton et des d\u00e9tails r\u00e9fl\u00e9chissants sur la tirette pour un usage fonctionnel.\n\n- Composition : 72 % polyester, 25 % coton, 3 % spandex\n- Construction 3 couches\n- Imperm\u00e9abilit\u00e9 jusqu'\u00e0 8000 mm\n- 2 poches lat\u00e9rales zipp\u00e9es","en":"The Men's Softshell is a lightweight 3-layer jacket, suitable for outdoor use in variable weather. Its construction includes waterproof zips, two zipped side pockets, a chin guard and reflective details on the puller for functional use.\n\n- Composition: 72% polyester, 25% cotton, 3% spandex\n- 3-layer construction\n- Waterproof up to 8000 mm\n- 2 zipped side pockets","de":"Das Herren-Softshell ist eine leichte Jacke mit 3 Lagen, geeignet f\u00fcr den Au\u00dfeneinsatz bei wechselhaftem Wetter. Die Ausf\u00fchrung umfasst wasserdichte Rei\u00dfverschl\u00fcsse, zwei seitliche Rei\u00dfverschlusstaschen, einen Kinnschutz und reflektierende Details am Zipper f\u00fcr eine funktionale Nutzung.\n\n- Zusammensetzung: 72 % Polyester, 25 % Baumwolle, 3 % Spandex\n- 3-Lagen-Konstruktion\n- Wasserdichtigkeit bis zu 8000 mm\n- 2 seitliche Rei\u00dfverschlusstaschen","nl":"De Softshell voor heren is een lichte jas met 3 lagen, geschikt voor buitengebruik bij wisselvallig weer. Het ontwerp omvat waterdichte ritsen, twee zijzakken met rits, een kinbeschermer en reflecterende details op de ritstrekker voor functioneel gebruik.\n\n- Samenstelling: 72 % polyester, 25 % katoen, 3 % spandex\n- Constructie met 3 lagen\n- Waterdichtheid tot 8000 mm\n- 2 zijzakken met rits","es":"El Softshell para Hombre es una chaqueta ligera de 3 capas, adecuada para uso exterior con tiempo variable. Su dise\u00f1o incluye cremalleras impermeables, dos bolsillos laterales con cremallera, un protector de barbilla y detalles reflectantes en el tirador para un uso funcional.\n\n- Composici\u00f3n: 72 % poli\u00e9ster, 25 % algod\u00f3n, 3 % spandex\n- Construcci\u00f3n de 3 capas\n- Impermeabilidad hasta 8000 mm\n- 2 bolsillos laterales con cremallera","it":"Il Softshell Uomo \u00e8 una giacca leggera a 3 strati, adatta a un utilizzo esterno con tempo variabile. La sua concezione integra zip impermeabili, due tasche laterali con zip, una protezione per il mento e dettagli riflettenti sulla tiretta per un uso funzionale.\n\n- Composizione: 72 % poliestere, 25 % cotone, 3 % spandex\n- Costruzione a 3 strati\n- Impermeabilit\u00e0 fino a 8000 mm\n- 2 tasche laterali con zip","sv":"Softshell f\u00f6r herr \u00e4r en l\u00e4tt jacka med 3 lager, anpassad f\u00f6r utomhusanv\u00e4ndning i varierande v\u00e4der. Konstruktionen inneh\u00e5ller vattent\u00e4ta dragkedjor, tv\u00e5 sidofickor med dragkedja, ett hakskydd och reflekterande detaljer p\u00e5 dragkedjan f\u00f6r funktionell anv\u00e4ndning.\n\n- Sammans\u00e4ttning: 72 % polyester, 25 % bomull, 3 % spandex\n- Konstruktion med 3 lager\n- Vattent\u00e4thet upp till 8000 mm\n- 2 sidofickor med dragkedja","pt":"O Softshell Homem \u00e9 um casaco leve de 3 camadas, adequado para utiliza\u00e7\u00e3o no exterior com tempo vari\u00e1vel. A sua conce\u00e7\u00e3o integra fechos imperme\u00e1veis, dois bolsos laterais com fecho, um protetor de queixo e detalhes refletivos no puxador para uma utiliza\u00e7\u00e3o funcional.\n\n- Composi\u00e7\u00e3o: 72 % poli\u00e9ster, 25 % algod\u00e3o, 3 % elastano\n- Constru\u00e7\u00e3o de 3 camadas\n- Impermeabilidade at\u00e9 8000 mm\n- 2 bolsos laterais com fecho","da":"Softshell til m\u00e6nd er en let jakke med 3 lag, egnet til udend\u00f8rs brug i skiftende vejr. Dens konstruktion omfatter vandt\u00e6tte lynl\u00e5se, to sidelommer med lynl\u00e5s, en hagebeskytter og reflekterende detaljer p\u00e5 lynl\u00e5str\u00e6kkeren til funktionel brug.\n\n- Sammens\u00e6tning: 72 % polyester, 25 % bomuld, 3 % spandex\n- Konstruktion med 3 lag\n- Vandt\u00e6thed op til 8000 mm\n- 2 sidelommer med lynl\u00e5s","pl":"M\u0119ska kurtka softshell to lekka kurtka 3-warstwowa, odpowiednia do u\u017cytku na zewn\u0105trz przy zmiennej pogodzie. Jej konstrukcja obejmuje wodoodporne zamki, dwie boczne kieszenie na zamek, os\u0142on\u0119 podbr\u00f3dka oraz odblaskowe detale przy suwaku do funkcjonalnego u\u017cytkowania.\n\n- Sk\u0142ad: 72 % poliester, 25 % bawe\u0142na, 3 % spandex\n- Konstrukcja 3-warstwowa\n- Wodoodporno\u015b\u0107 do 8000 mm\n- 2 boczne kieszenie na zamek"},"h1":{"fr":"Softshell homme 7830","en":"Men's softshell 7830","de":"Herren-Softshell 7830","nl":"Softshell heren 7830","es":"Softshell hombre 7830","it":"Softshell uomo 7830","sv":"Softshell herr 7830","pt":"Softshell homem 7830","da":"Softshell til m\u00e6nd 7830","pl":"M\u0119ska kurtka softshell 7830"},"meta_description":{"fr":"Softshell homme 7830 \u00e0 3 couches avec zips \u00e9tanches, 2 poches lat\u00e9rales zipp\u00e9es, prot\u00e8ge-menton et d\u00e9tails r\u00e9fl\u00e9chissants sur la tirette.","en":"Men's 3-layer softshell with waterproof zips, 2 zipped side pockets, chin guard and reflective details on the puller.","de":"Herren-Softshell 7830 mit 3 Lagen, wasserdichten Rei\u00dfverschl\u00fcssen, 2 seitlichen Rei\u00dfverschlusstaschen, Kinnschutz und reflektierenden Details am Zipper.","nl":"Softshell heren 7830 met 3 lagen, waterdichte ritsen, 2 zijzakken met rits, kinbeschermer en reflecterende details op de ritstrekker.","es":"Softshell para hombre 7830 de 3 capas con cremalleras impermeables, 2 bolsillos laterales con cremallera, protector de barbilla y detalles reflectantes en el tirador.","it":"Softshell uomo 7830 a 3 strati con zip impermeabili, 2 tasche laterali con zip, protezione per il mento e dettagli riflettenti sulla tiretta.","sv":"Softshell herr 7830 med 3 lager, vattent\u00e4ta dragkedjor, 2 sidofickor med dragkedja, hakskydd och reflekterande detaljer p\u00e5 dragkedjan.","pt":"Softshell homem 7830 de 3 camadas com fechos imperme\u00e1veis, 2 bolsos laterais com fecho, protetor de queixo e detalhes refletivos no puxador.","da":"Softshell til m\u00e6nd 7830 med 3 lag, vandt\u00e6tte lynl\u00e5se, 2 sidelommer med lynl\u00e5s, hagebeskytter og reflekterende detaljer p\u00e5 lynl\u00e5str\u00e6kkeren.","pl":"M\u0119ska kurtka softshell 7830 z 3 warstwami, z wodoodpornymi zamkami, 2 bocznymi kieszeniami na zamek, os\u0142on\u0105 podbr\u00f3dka i odblaskowymi detalami przy suwaku."}},"custom":{"title":{"fr":"Softshell jacket homme PROMODORO 7830 personnalisable","en":"Men's softshell jacket PROMODORO 7830 customizable","de":"Softshelljacke Herren PROMODORO 7830 personalisierbar","nl":"Softshell jack voor heren PROMODORO 7830 personaliseerbaar","es":"Chaqueta softshell hombre PROMODORO 7830 personalizable","it":"Giacca softshell uomo PROMODORO 7830 personalizzabile","sv":"Softshelljacka herr PROMODORO 7830 anpassningsbar","pt":"Casaco softshell homem PROMODORO 7830 personaliz\u00e1vel","da":"Softshelljakke til m\u00e6nd PROMODORO 7830 kan tilpasses","pl":"M\u0119ska kurtka softshell PROMODORO 7830 z mo\u017cliwo\u015bci\u0105 personalizacji"},"description":{"fr":"La Softshell Jacket homme est une veste l\u00e9g\u00e8re \u00e0 3 couches, adapt\u00e9e \u00e0 un usage ext\u00e9rieur courant. Sa construction avec zips \u00e9tanches, prot\u00e8ge-menton et deux poches lat\u00e9rales zipp\u00e9es facilite l'utilisation au quotidien. Les d\u00e9tails r\u00e9fl\u00e9chissants sur les tirettes am\u00e9liorent la visibilit\u00e9 des \u00e9l\u00e9ments de fermeture.\n\n- Composition : 72 % polyester, 25 % coton, 3 % spandex\n- Construction : softshell l\u00e9g\u00e8re 3 couches\n- D\u00e9tails : zips \u00e9tanches, prot\u00e8ge-menton, 2 poches\n- Personnalisation : oui","en":"The men's softshell jacket is a lightweight 3-layer jacket, suitable for regular outdoor use. Its construction with waterproof zips, chin guard and two zipped side pockets makes everyday use easier. The reflective details on the pullers improve the visibility of the fastening elements.\n\n- Composition: 72% polyester, 25% cotton, 3% spandex\n- Construction: lightweight 3-layer softshell\n- Details: waterproof zips, chin guard, 2 pockets\n- Customization: yes","de":"Die Softshelljacke f\u00fcr Herren ist eine leichte Jacke mit 3 Lagen, geeignet f\u00fcr den allgemeinen Au\u00dfeneinsatz. Ihre Konstruktion mit wasserdichten Rei\u00dfverschl\u00fcssen, Kinnschutz und zwei seitlichen Rei\u00dfverschlusstaschen erleichtert die t\u00e4gliche Nutzung. Reflektierende Details an den Zippern verbessern die Sichtbarkeit der Verschlusselemente.\n\n- Zusammensetzung: 72 % Polyester, 25 % Baumwolle, 3 % Spandex\n- Konstruktion: leichte Softshell mit 3 Lagen\n- Details: wasserdichte Rei\u00dfverschl\u00fcsse, Kinnschutz, 2 Taschen\n- Personalisierung: ja","nl":"De softshell jack voor heren is een lichte jas met 3 lagen, geschikt voor gangbaar buitengebruik. De constructie met waterdichte ritsen, kinbeschermer en twee zijzakken met rits vergemakkelijkt het dagelijks gebruik. De reflecterende details op de ritstrekkers verbeteren de zichtbaarheid van de sluitingselementen.\n\n- Samenstelling: 72 % polyester, 25 % katoen, 3 % spandex\n- Constructie: lichte softshell met 3 lagen\n- Details: waterdichte ritsen, kinbeschermer, 2 zakken\n- Personalisatie: ja","es":"La chaqueta softshell para hombre es una chaqueta ligera de 3 capas, adecuada para un uso exterior habitual. Su confecci\u00f3n con cremalleras impermeables, protector de barbilla y dos bolsillos laterales con cremallera facilita el uso diario. Los detalles reflectantes en los tiradores mejoran la visibilidad de los elementos de cierre.\n\n- Composici\u00f3n: 72 % poli\u00e9ster, 25 % algod\u00f3n, 3 % spandex\n- Confecci\u00f3n: softshell ligera de 3 capas\n- Detalles: cremalleras impermeables, protector de barbilla, 2 bolsillos\n- Personalizaci\u00f3n: s\u00ed","it":"La giacca softshell uomo \u00e8 una giacca leggera a 3 strati, adatta a un uso esterno quotidiano. La sua costruzione con zip impermeabili, proteggi-mento e due tasche laterali con zip ne facilita l'utilizzo quotidiano. I dettagli riflettenti sui tirazip migliorano la visibilit\u00e0 degli elementi di chiusura.\n\n- Composizione: 72% poliestere, 25% cotone, 3% spandex\n- Costruzione: softshell leggera a 3 strati\n- Dettagli: zip impermeabili, proteggi-mento, 2 tasche\n- Personalizzazione: s\u00ec","sv":"Softshelljackan f\u00f6r herr \u00e4r en l\u00e4tt jacka med 3 lager, anpassad f\u00f6r vanlig utomhusanv\u00e4ndning. Konstruktionen med vattent\u00e4ta dragkedjor, hakskydd och tv\u00e5 sidofickor med dragkedja underl\u00e4ttar den dagliga anv\u00e4ndningen. Reflekterande detaljer p\u00e5 dragkedjel\u00f6parna f\u00f6rb\u00e4ttrar synligheten hos st\u00e4ngningselementen.\n\n- Sammans\u00e4ttning: 72 % polyester, 25 % bomull, 3 % spandex\n- Konstruktion: l\u00e4tt softshell med 3 lager\n- Detaljer: vattent\u00e4ta dragkedjor, hakskydd, 2 fickor\n- Anpassning: ja","pt":"O casaco softshell para homem \u00e9 um casaco leve de 3 camadas, adequado para uso exterior corrente. A sua constru\u00e7\u00e3o com fechos imperme\u00e1veis, prote\u00e7\u00e3o de queixo e dois bolsos laterais com fecho facilita a utiliza\u00e7\u00e3o di\u00e1ria. Os detalhes refletoras nos puxadores melhoram a visibilidade dos elementos de fecho.\n\n- Composi\u00e7\u00e3o: 72 % poli\u00e9ster, 25 % algod\u00e3o, 3 % spandex\n- Constru\u00e7\u00e3o: softshell leve de 3 camadas\n- Detalhes: fechos imperme\u00e1veis, prote\u00e7\u00e3o de queixo, 2 bolsos\n- Personaliza\u00e7\u00e3o: sim","da":"Softshelljakken til m\u00e6nd er en let jakke med 3 lag, egnet til almindelig udend\u00f8rs brug. Konstruktionen med vandt\u00e6tte lynl\u00e5se, hagebeskytter og to sidelommer med lynl\u00e5s g\u00f8r den praktisk i daglig brug. Reflekterende detaljer p\u00e5 lynl\u00e5str\u00e6kkerne forbedrer synligheden af lukkeelementerne.\n\n- Sammens\u00e6tning: 72 % polyester, 25 % bomuld, 3 % spandex\n- Konstruktion: let softshell med 3 lag\n- Detaljer: vandt\u00e6tte lynl\u00e5se, hagebeskytter, 2 lommer\n- Tilpasning: ja","pl":"M\u0119ska kurtka softshell to lekka kurtka 3-warstwowa, odpowiednia do codziennego u\u017cytku na zewn\u0105trz. Konstrukcja z wodoodpornymi zamkami, os\u0142on\u0105 podbr\u00f3dka i dwiema bocznymi kieszeniami na zamek u\u0142atwia codzienne u\u017cytkowanie. Odblaskowe detale na uchwytach zamk\u00f3w poprawiaj\u0105 widoczno\u015b\u0107 element\u00f3w zapi\u0119cia.\n\n- Sk\u0142ad: 72 % poliester, 25 % bawe\u0142na, 3 % spandex\n- Konstrukcja: lekki softshell 3-warstwowy\n- Detale: wodoodporne zamki, os\u0142ona podbr\u00f3dka, 2 kieszenie\n- Personalizacja: tak"},"h1":{"fr":"Softshell jacket homme 7830 personnalisable","en":"Men's softshell jacket 7830 customizable","de":"Softshelljacke Herren 7830 personalisierbar","nl":"Softshell jack voor heren 7830 personaliseerbaar","es":"Chaqueta softshell hombre 7830 personalizable","it":"Giacca softshell uomo 7830 personalizzabile","sv":"Softshelljacka herr 7830 anpassningsbar","pt":"Casaco softshell homem 7830 personaliz\u00e1vel","da":"Softshelljakke til m\u00e6nd 7830 kan tilpasses","pl":"M\u0119ska kurtka softshell 7830 z mo\u017cliwo\u015bci\u0105 personalizacji"},"meta_description":{"fr":"Softshell jacket homme 3 couches avec zips \u00e9tanches, 2 poches lat\u00e9rales zipp\u00e9es et prot\u00e8ge-menton. Personnalisation possible selon vos besoins.","en":"Men's 3-layer softshell jacket with waterproof zips, 2 zipped side pockets and chin guard. Customization available according to your needs.","de":"Softshelljacke f\u00fcr Herren mit 3 Lagen, wasserdichten Rei\u00dfverschl\u00fcssen, 2 seitlichen Rei\u00dfverschlusstaschen und Kinnschutz. Personalisierung nach Bedarf m\u00f6glich.","nl":"Softshell jack voor heren met 3 lagen, waterdichte ritsen, 2 zijzakken met rits en kinbeschermer. Personalisatie mogelijk volgens uw wensen.","es":"Chaqueta softshell para hombre de 3 capas con cremalleras impermeables, 2 bolsillos laterales con cremallera y protector de barbilla. Personalizaci\u00f3n posible seg\u00fan sus necesidades.","it":"Giacca softshell uomo a 3 strati con zip impermeabili, 2 tasche laterali con zip e proteggi-mento. Personalizzazione possibile secondo le vostre esigenze.","sv":"Softshelljacka f\u00f6r herr med 3 lager, vattent\u00e4ta dragkedjor, 2 sidofickor med dragkedja och hakskydd. Anpassning m\u00f6jlig enligt dina behov.","pt":"Casaco softshell homem de 3 camadas com fechos imperme\u00e1veis, 2 bolsos laterais com fecho e prote\u00e7\u00e3o de queixo. Personaliza\u00e7\u00e3o poss\u00edvel conforme as suas necessidades.","da":"Softshelljakke til m\u00e6nd med 3 lag, vandt\u00e6tte lynl\u00e5se, 2 sidelommer med lynl\u00e5s og hagebeskytter. Tilpasning mulig efter behov.","pl":"M\u0119ska kurtka softshell 3-warstwowa z wodoodpornymi zamkami, 2 bocznymi kieszeniami na zamek i os\u0142on\u0105 podbr\u00f3dka. Mo\u017cliwo\u015b\u0107 personalizacji zgodnie z potrzebami."}}},"categories":[{"id":328,"name":"Softshells","singular":"Softshell","is_feminin":false},{"id":13,"name":"Vestes et manteaux","singular":"Veste et manteau","is_feminin":true},{"id":354,"name":"Textile","singular":"Textile","is_feminin":false}],"certifications":[],"videos":{"fr":[],"en":[],"de":[],"nl":[],"es":[],"it":[],"sv":[],"pt":[],"da":[],"pl":[]},"main_images":{"miniature":"https:\/\/media.th4.com\/okH0fMPMHJnCiL68OWrJdFMwqlTF10VvVZ8GX4109Dw\/pr:80\/aHR0cDovL21lZGlhMi5kZXNpZ25wYXJ0bmVyLmZyL2MvcC1ibGFuay1USC8yMTk3Ni53ZWJw?v=1773657993","medium":"https:\/\/media.th4.com\/nAUfuHMZfOqBR0AVlmLfTOWqcN6Kl40LzWL6xZXptKs\/pr:550x550greybg\/aHR0cDovL21lZGlhMi5kZXNpZ25wYXJ0bmVyLmZyL2MvcC1ibGFuay1USC8yMTk3Ni53ZWJw?v=1773657993","medium_large":"https:\/\/media.th4.com\/uaIfzOAv0nLMW3_tvtm-K12Q5Rvp40lDhlnc8w8Mz5Q\/pr:1000x1000greybg\/aHR0cDovL21lZGlhMi5kZXNpZ25wYXJ0bmVyLmZyL2MvcC1ibGFuay1USC8yMTk3Ni53ZWJw?v=1773657993","large":"https:\/\/media.th4.com\/ddC7dapiwILQRJ4fTY-QBwRnNlWYcFE0XIa6vd_9ZR4\/pr:1920greybg\/aHR0cDovL21lZGlhMi5kZXNpZ25wYXJ0bmVyLmZyL2MvcC1ibGFuay1USC8yMTk3Ni53ZWJw?v=1773657993","opengraph":"https:\/\/media.th4.com\/WKJ5jULifAdCOLrT9_ehbbgHRjsFXv0rGVYddrDlaLk\/pr:1200x630greybg\/aHR0cDovL21lZGlhMi5kZXNpZ25wYXJ0bmVyLmZyL2MvcC1ibGFuay1USC8yMTk3Ni53ZWJw?v=1773657993"},"main_images_customization":{"miniature":"https:\/\/media.th4.com\/5GL2_91njxrlc7mx-yCjHHH3sOrAuGRWFmOU9SZ3UzQ\/pr:80\/aHR0cDovL21lZGlhMi5kZXNpZ25wYXJ0bmVyLmZyL2MvcC1jdXN0b20tVEgvMjE5NzYud2VicA?v=1773658086","medium":"https:\/\/media.th4.com\/lrE6_feTR5q-fnFssDbUtXSHJP8r-gTM0MvcsGs1zyk\/pr:550x550greybg\/aHR0cDovL21lZGlhMi5kZXNpZ25wYXJ0bmVyLmZyL2MvcC1jdXN0b20tVEgvMjE5NzYud2VicA?v=1773658086","medium_large":"https:\/\/media.th4.com\/AnXgkwq9cjsQba2jTibR2AOZ06jBHCFFkuUNyDEHOco\/pr:1000x1000greybg\/aHR0cDovL21lZGlhMi5kZXNpZ25wYXJ0bmVyLmZyL2MvcC1jdXN0b20tVEgvMjE5NzYud2VicA?v=1773658086","large":"https:\/\/media.th4.com\/plFbQdk3FCjcPpTgY39vAUWUegTJKPkaswXo6ktotJU\/pr:1920greybg\/aHR0cDovL21lZGlhMi5kZXNpZ25wYXJ0bmVyLmZyL2MvcC1jdXN0b20tVEgvMjE5NzYud2VicA?v=1773658086","opengraph":"https:\/\/media.th4.com\/WcP8ifnWJ_JNKrj7JvDJL5JhbFfCDH1oZ9n8xgySV04\/pr:1200x630greybg\/aHR0cDovL21lZGlhMi5kZXNpZ25wYXJ0bmVyLmZyL2MvcC1jdXN0b20tVEgvMjE5NzYud2VicA?v=1773658086"},"page_links":{"fr":"\/fr\/p-pr-7830-softshell-homme-7830-21976\/","en":"\/en\/p-pr-7830-mens-softshell-7830-21976\/","de":"\/de\/p-pr-7830-herren-softshell-7830-21976\/","nl":"\/nl\/p-pr-7830-softshell-heren-7830-21976\/","es":"\/es\/p-pr-7830-softshell-hombre-7830-21976\/","it":"\/it\/p-pr-7830-softshell-uomo-7830-21976\/","sv":"\/sv\/p-pr-7830-softshell-herr-7830-21976\/","pt":"\/pt\/p-pr-7830-softshell-homem-7830-21976\/","da":"\/da\/p-pr-7830-softshell-til-maend-7830-21976\/","pl":"\/pl\/p-pr-7830-meska-kurtka-softshell-7830-21976\/"},"page_links_customization":{"fr":"\/fr\/p-pr-7830-softshell-jacket-homme-7830-personnalisable-21976\/custom\/","en":"\/en\/p-pr-7830-mens-softshell-jacket-7830-customizable-21976\/custom\/","de":"\/de\/p-pr-7830-softshelljacke-herren-7830-personalisierbar-21976\/custom\/","nl":"\/nl\/p-pr-7830-softshell-jack-voor-heren-7830-personaliseerbaar-21976\/custom\/","es":"\/es\/p-pr-7830-chaqueta-softshell-hombre-7830-personalizable-21976\/custom\/","it":"\/it\/p-pr-7830-giacca-softshell-uomo-7830-personalizzabile-21976\/custom\/","sv":"\/sv\/p-pr-7830-softshelljacka-herr-7830-anpassningsbar-21976\/custom\/","pt":"\/pt\/p-pr-7830-casaco-softshell-homem-7830-personalizavel-21976\/custom\/","da":"\/da\/p-pr-7830-softshelljakke-til-maend-7830-kan-tilpasses-21976\/custom\/","pl":"\/pl\/p-pr-7830-meska-kurtka-softshell-7830-z-mozliwoscia-personalizacji-21976\/custom\/"},"equivalent_products":[],"colors":[{"id":11585,"name":"navy","class_ids":[2],"codes_hexa":["031739"],"delai_24":false,"has_3d":false,"seuil_global":0,"stock_local":0,"stock_global":231,"on_standby":false,"in_catalog":true,"images":{"miniature":["https:\/\/media.th4.com\/wXTgAXw2o-AuF-0yyzJ41NzY04Jrcxm_Xxe_UPAWmyk\/pr:80\/aHR0cDovL21lZGlhMi5kZXNpZ25wYXJ0bmVyLmZyL2MvcC8yMTk3Ni8yMTk3Ni0xMTU4NS0xLndlYnA?v=1773657835","https:\/\/media.th4.com\/2kl3fl-bCXj1YDKK8Hk8zudlRgXtFRLsidTr4TreOdM\/pr:80\/aHR0cDovL21lZGlhMi5kZXNpZ25wYXJ0bmVyLmZyL2MvcC8yMTk3Ni8yMTk3Ni0xMTU4NS0yLndlYnA?v=1773657835","https:\/\/media.th4.com\/1idmIPWX0O_Wj4PCoo7DWWNDDpeCEyskdJ5OiNnb3PQ\/pr:80\/aHR0cDovL21lZGlhMi5kZXNpZ25wYXJ0bmVyLmZyL2MvcC8yMTk3Ni8yMTk3Ni0xMTU4NS0zLndlYnA?v=1773657836"],"medium":["https:\/\/media.th4.com\/RSsWujArqHuKBgw4aP1BEH1YjqMb6uzggpQfi2WFatY\/pr:550x550\/aHR0cDovL21lZGlhMi5kZXNpZ25wYXJ0bmVyLmZyL2MvcC8yMTk3Ni8yMTk3Ni0xMTU4NS0xLndlYnA?v=1773657835","https:\/\/media.th4.com\/11MVFFd1cIBy414SBJy8pqna_EJ6-0fzNEw0J9Zw-wo\/pr:550x550\/aHR0cDovL21lZGlhMi5kZXNpZ25wYXJ0bmVyLmZyL2MvcC8yMTk3Ni8yMTk3Ni0xMTU4NS0yLndlYnA?v=1773657835","https:\/\/media.th4.com\/7Hbkxq0MgFIunibHMrTUSkf5F--3Rd9mwLcsuwpxJO4\/pr:550x550\/aHR0cDovL21lZGlhMi5kZXNpZ25wYXJ0bmVyLmZyL2MvcC8yMTk3Ni8yMTk3Ni0xMTU4NS0zLndlYnA?v=1773657836"],"medium_large":["https:\/\/media.th4.com\/vyaCC_DNI2T704N8f9YemVRmOau4CNCOASMdLKCczwQ\/pr:1000x1000\/aHR0cDovL21lZGlhMi5kZXNpZ25wYXJ0bmVyLmZyL2MvcC8yMTk3Ni8yMTk3Ni0xMTU4NS0xLndlYnA?v=1773657835","https:\/\/media.th4.com\/nlEHLxjT94bnDOGYtdBu0HZfkS1gE99R0x_mMouycos\/pr:1000x1000\/aHR0cDovL21lZGlhMi5kZXNpZ25wYXJ0bmVyLmZyL2MvcC8yMTk3Ni8yMTk3Ni0xMTU4NS0yLndlYnA?v=1773657835","https:\/\/media.th4.com\/7co91cVm3bI9FhJDzniYy4LfMSsy9kVkB5two09FkVM\/pr:1000x1000\/aHR0cDovL21lZGlhMi5kZXNpZ25wYXJ0bmVyLmZyL2MvcC8yMTk3Ni8yMTk3Ni0xMTU4NS0zLndlYnA?v=1773657836"],"large":["https:\/\/media.th4.com\/aSMdOsjMVU8ffbUQTYF0tnkSr3VHLpuXaSTHQa0r8us\/pr:1920\/aHR0cDovL21lZGlhMi5kZXNpZ25wYXJ0bmVyLmZyL2MvcC8yMTk3Ni8yMTk3Ni0xMTU4NS0xLndlYnA?v=1773657835","https:\/\/media.th4.com\/pVn1VhLIzI_F2y0MD4JxEDpHfE6ri8JBpp9Aev_4YBo\/pr:1920\/aHR0cDovL21lZGlhMi5kZXNpZ25wYXJ0bmVyLmZyL2MvcC8yMTk3Ni8yMTk3Ni0xMTU4NS0yLndlYnA?v=1773657835","https:\/\/media.th4.com\/mtvvyK394EC1-sJmO5Wrsscr7qNj2bWHzkcUMTe7etw\/pr:1920\/aHR0cDovL21lZGlhMi5kZXNpZ25wYXJ0bmVyLmZyL2MvcC8yMTk3Ni8yMTk3Ni0xMTU4NS0zLndlYnA?v=1773657836"],"opengraph":["https:\/\/media.th4.com\/dkqd8RxlzCV9mk-YALdYW5gZPMHHOvA8LCB5YaPrnQg\/pr:1200x630\/aHR0cDovL21lZGlhMi5kZXNpZ25wYXJ0bmVyLmZyL2MvcC8yMTk3Ni8yMTk3Ni0xMTU4NS0xLndlYnA?v=1773657835","https:\/\/media.th4.com\/c3sp_U3xAd3MMadDJmIj_gowSwN7DRhsEK2enBhD1kE\/pr:1200x630\/aHR0cDovL21lZGlhMi5kZXNpZ25wYXJ0bmVyLmZyL2MvcC8yMTk3Ni8yMTk3Ni0xMTU4NS0yLndlYnA?v=1773657835","https:\/\/media.th4.com\/SkfkTMxOxjTdW1kW-AXV37K6Dejso8ta-PPTn-wPtPg\/pr:1200x630\/aHR0cDovL21lZGlhMi5kZXNpZ25wYXJ0bmVyLmZyL2MvcC8yMTk3Ni8yMTk3Ni0xMTU4NS0zLndlYnA?v=1773657836"]},"images_customization":{"miniature":["https:\/\/media.th4.com\/wXTgAXw2o-AuF-0yyzJ41NzY04Jrcxm_Xxe_UPAWmyk\/pr:80\/aHR0cDovL21lZGlhMi5kZXNpZ25wYXJ0bmVyLmZyL2MvcC8yMTk3Ni8yMTk3Ni0xMTU4NS0xLndlYnA?v=1773657835","https:\/\/media.th4.com\/2kl3fl-bCXj1YDKK8Hk8zudlRgXtFRLsidTr4TreOdM\/pr:80\/aHR0cDovL21lZGlhMi5kZXNpZ25wYXJ0bmVyLmZyL2MvcC8yMTk3Ni8yMTk3Ni0xMTU4NS0yLndlYnA?v=1773657835","https:\/\/media.th4.com\/1idmIPWX0O_Wj4PCoo7DWWNDDpeCEyskdJ5OiNnb3PQ\/pr:80\/aHR0cDovL21lZGlhMi5kZXNpZ25wYXJ0bmVyLmZyL2MvcC8yMTk3Ni8yMTk3Ni0xMTU4NS0zLndlYnA?v=1773657836"],"medium":["https:\/\/media.th4.com\/RSsWujArqHuKBgw4aP1BEH1YjqMb6uzggpQfi2WFatY\/pr:550x550\/aHR0cDovL21lZGlhMi5kZXNpZ25wYXJ0bmVyLmZyL2MvcC8yMTk3Ni8yMTk3Ni0xMTU4NS0xLndlYnA?v=1773657835","https:\/\/media.th4.com\/11MVFFd1cIBy414SBJy8pqna_EJ6-0fzNEw0J9Zw-wo\/pr:550x550\/aHR0cDovL21lZGlhMi5kZXNpZ25wYXJ0bmVyLmZyL2MvcC8yMTk3Ni8yMTk3Ni0xMTU4NS0yLndlYnA?v=1773657835","https:\/\/media.th4.com\/7Hbkxq0MgFIunibHMrTUSkf5F--3Rd9mwLcsuwpxJO4\/pr:550x550\/aHR0cDovL21lZGlhMi5kZXNpZ25wYXJ0bmVyLmZyL2MvcC8yMTk3Ni8yMTk3Ni0xMTU4NS0zLndlYnA?v=1773657836"],"medium_large":["https:\/\/media.th4.com\/vyaCC_DNI2T704N8f9YemVRmOau4CNCOASMdLKCczwQ\/pr:1000x1000\/aHR0cDovL21lZGlhMi5kZXNpZ25wYXJ0bmVyLmZyL2MvcC8yMTk3Ni8yMTk3Ni0xMTU4NS0xLndlYnA?v=1773657835","https:\/\/media.th4.com\/nlEHLxjT94bnDOGYtdBu0HZfkS1gE99R0x_mMouycos\/pr:1000x1000\/aHR0cDovL21lZGlhMi5kZXNpZ25wYXJ0bmVyLmZyL2MvcC8yMTk3Ni8yMTk3Ni0xMTU4NS0yLndlYnA?v=1773657835","https:\/\/media.th4.com\/7co91cVm3bI9FhJDzniYy4LfMSsy9kVkB5two09FkVM\/pr:1000x1000\/aHR0cDovL21lZGlhMi5kZXNpZ25wYXJ0bmVyLmZyL2MvcC8yMTk3Ni8yMTk3Ni0xMTU4NS0zLndlYnA?v=1773657836"],"large":["https:\/\/media.th4.com\/aSMdOsjMVU8ffbUQTYF0tnkSr3VHLpuXaSTHQa0r8us\/pr:1920\/aHR0cDovL21lZGlhMi5kZXNpZ25wYXJ0bmVyLmZyL2MvcC8yMTk3Ni8yMTk3Ni0xMTU4NS0xLndlYnA?v=1773657835","https:\/\/media.th4.com\/pVn1VhLIzI_F2y0MD4JxEDpHfE6ri8JBpp9Aev_4YBo\/pr:1920\/aHR0cDovL21lZGlhMi5kZXNpZ25wYXJ0bmVyLmZyL2MvcC8yMTk3Ni8yMTk3Ni0xMTU4NS0yLndlYnA?v=1773657835","https:\/\/media.th4.com\/mtvvyK394EC1-sJmO5Wrsscr7qNj2bWHzkcUMTe7etw\/pr:1920\/aHR0cDovL21lZGlhMi5kZXNpZ25wYXJ0bmVyLmZyL2MvcC8yMTk3Ni8yMTk3Ni0xMTU4NS0zLndlYnA?v=1773657836"],"opengraph":["https:\/\/media.th4.com\/dkqd8RxlzCV9mk-YALdYW5gZPMHHOvA8LCB5YaPrnQg\/pr:1200x630\/aHR0cDovL21lZGlhMi5kZXNpZ25wYXJ0bmVyLmZyL2MvcC8yMTk3Ni8yMTk3Ni0xMTU4NS0xLndlYnA?v=1773657835","https:\/\/media.th4.com\/c3sp_U3xAd3MMadDJmIj_gowSwN7DRhsEK2enBhD1kE\/pr:1200x630\/aHR0cDovL21lZGlhMi5kZXNpZ25wYXJ0bmVyLmZyL2MvcC8yMTk3Ni8yMTk3Ni0xMTU4NS0yLndlYnA?v=1773657835","https:\/\/media.th4.com\/SkfkTMxOxjTdW1kW-AXV37K6Dejso8ta-PPTn-wPtPg\/pr:1200x630\/aHR0cDovL21lZGlhMi5kZXNpZ25wYXJ0bmVyLmZyL2MvcC8yMTk3Ni8yMTk3Ni0xMTU4NS0zLndlYnA?v=1773657836"]},"country_origin":"CN","traceability":{"manufacturing_country_id":61,"weaving_country_id":61,"dyeing_country_id":61},"sizes":[{"id":3,"article_id":542002,"class_id":3,"name":"S","on_standby":false,"stock_local":0,"stock_global":21,"multiple":1,"estimated_date_reassort":null,"is_destocking":false},{"id":2,"article_id":542001,"class_id":4,"name":"M","on_standby":false,"stock_local":0,"stock_global":48,"multiple":1,"estimated_date_reassort":null,"is_destocking":false},{"id":1,"article_id":542000,"class_id":5,"name":"L","on_standby":false,"stock_local":0,"stock_global":101,"multiple":1,"estimated_date_reassort":null,"is_destocking":false},{"id":4,"article_id":542003,"class_id":6,"name":"XL","on_standby":false,"stock_local":0,"stock_global":18,"multiple":1,"estimated_date_reassort":null,"is_destocking":false},{"id":1116,"article_id":542004,"class_id":7,"name":"2XL","on_standby":false,"stock_local":0,"stock_global":10,"multiple":1,"estimated_date_reassort":null,"is_destocking":false},{"id":1081,"article_id":541997,"class_id":8,"name":"3XL","on_standby":false,"stock_local":0,"stock_global":10,"multiple":1,"estimated_date_reassort":null,"is_destocking":false},{"id":16,"article_id":541998,"class_id":9,"name":"4XL","on_standby":false,"stock_local":0,"stock_global":9,"multiple":1,"estimated_date_reassort":null,"is_destocking":false},{"id":168,"article_id":541999,"class_id":10,"name":"5XL","on_standby":false,"stock_local":0,"stock_global":14,"multiple":1,"estimated_date_reassort":null,"is_destocking":false}],"page_links":{"fr":"\/fr\/p-pr-7830-softshell-homme-7830-21976\/navy-11585\/","en":"\/en\/p-pr-7830-mens-softshell-7830-21976\/navy-11585\/","de":"\/de\/p-pr-7830-herren-softshell-7830-21976\/navy-11585\/","nl":"\/nl\/p-pr-7830-softshell-heren-7830-21976\/navy-11585\/","es":"\/es\/p-pr-7830-softshell-hombre-7830-21976\/navy-11585\/","it":"\/it\/p-pr-7830-softshell-uomo-7830-21976\/navy-11585\/","sv":"\/sv\/p-pr-7830-softshell-herr-7830-21976\/navy-11585\/","pt":"\/pt\/p-pr-7830-softshell-homem-7830-21976\/navy-11585\/","da":"\/da\/p-pr-7830-softshell-til-maend-7830-21976\/navy-11585\/","pl":"\/pl\/p-pr-7830-meska-kurtka-softshell-7830-21976\/navy-11585\/"},"page_links_customization":{"fr":"\/fr\/p-pr-7830-softshell-jacket-homme-7830-personnalisable-21976\/navy-11585\/custom\/","en":"\/en\/p-pr-7830-mens-softshell-jacket-7830-customizable-21976\/navy-11585\/custom\/","de":"\/de\/p-pr-7830-softshelljacke-herren-7830-personalisierbar-21976\/navy-11585\/custom\/","nl":"\/nl\/p-pr-7830-softshell-jack-voor-heren-7830-personaliseerbaar-21976\/navy-11585\/custom\/","es":"\/es\/p-pr-7830-chaqueta-softshell-hombre-7830-personalizable-21976\/navy-11585\/custom\/","it":"\/it\/p-pr-7830-giacca-softshell-uomo-7830-personalizzabile-21976\/navy-11585\/custom\/","sv":"\/sv\/p-pr-7830-softshelljacka-herr-7830-anpassningsbar-21976\/navy-11585\/custom\/","pt":"\/pt\/p-pr-7830-casaco-softshell-homem-7830-personalizavel-21976\/navy-11585\/custom\/","da":"\/da\/p-pr-7830-softshelljakke-til-maend-7830-kan-tilpasses-21976\/navy-11585\/custom\/","pl":"\/pl\/p-pr-7830-meska-kurtka-softshell-7830-z-mozliwoscia-personalizacji-21976\/navy-11585\/custom\/"}},{"id":11581,"name":"black","class_ids":[4],"codes_hexa":["00060A"],"delai_24":false,"has_3d":false,"seuil_global":0,"stock_local":0,"stock_global":130,"on_standby":false,"in_catalog":true,"images":{"miniature":["https:\/\/media.th4.com\/4nculk-oTeA2ppx7m967KrvOlTf2pCp3vBFr3QE9o-s\/pr:80\/aHR0cDovL21lZGlhMi5kZXNpZ25wYXJ0bmVyLmZyL2MvcC8yMTk3Ni8yMTk3Ni0xMTU4MS0xLndlYnA?v=1773657833","https:\/\/media.th4.com\/Ex6lC7zoa9zX7QWRjYAT1KqhUcUWtgylIt7WxjWUs74\/pr:80\/aHR0cDovL21lZGlhMi5kZXNpZ25wYXJ0bmVyLmZyL2MvcC8yMTk3Ni8yMTk3Ni0xMTU4MS0yLndlYnA?v=1773657833","https:\/\/media.th4.com\/8tDL_OrevoFUfTeC8FBhUZBZM_97X-fYZf7qY5J9W14\/pr:80\/aHR0cDovL21lZGlhMi5kZXNpZ25wYXJ0bmVyLmZyL2MvcC8yMTk3Ni8yMTk3Ni0xMTU4MS0zLndlYnA?v=1773657834"],"medium":["https:\/\/media.th4.com\/3Ddz8hBnlE4lvqZGZ6OQWvU23f3NIhwm_cuwm3Del7o\/pr:550x550\/aHR0cDovL21lZGlhMi5kZXNpZ25wYXJ0bmVyLmZyL2MvcC8yMTk3Ni8yMTk3Ni0xMTU4MS0xLndlYnA?v=1773657833","https:\/\/media.th4.com\/zCEACvKKoCZUTQI3AIRkGj2QHvT547Atubg_Whu_xCU\/pr:550x550\/aHR0cDovL21lZGlhMi5kZXNpZ25wYXJ0bmVyLmZyL2MvcC8yMTk3Ni8yMTk3Ni0xMTU4MS0yLndlYnA?v=1773657833","https:\/\/media.th4.com\/UGZO556hxZP_aWM4MqqFklrrOTrG4mGjr1hUjB8KwO4\/pr:550x550\/aHR0cDovL21lZGlhMi5kZXNpZ25wYXJ0bmVyLmZyL2MvcC8yMTk3Ni8yMTk3Ni0xMTU4MS0zLndlYnA?v=1773657834"],"medium_large":["https:\/\/media.th4.com\/A1ZSWv0VgUWTgMXKM5rsFEKLUsWUBRamT0xz0e6rSOE\/pr:1000x1000\/aHR0cDovL21lZGlhMi5kZXNpZ25wYXJ0bmVyLmZyL2MvcC8yMTk3Ni8yMTk3Ni0xMTU4MS0xLndlYnA?v=1773657833","https:\/\/media.th4.com\/JYcr9UqBayoX56aSdK29-2yLzIQGF3NRkER8ZrRWigA\/pr:1000x1000\/aHR0cDovL21lZGlhMi5kZXNpZ25wYXJ0bmVyLmZyL2MvcC8yMTk3Ni8yMTk3Ni0xMTU4MS0yLndlYnA?v=1773657833","https:\/\/media.th4.com\/3ypLRkCi9dQYkPyZDI4e3pEuz3bWfZI1AmL7wKzhf_c\/pr:1000x1000\/aHR0cDovL21lZGlhMi5kZXNpZ25wYXJ0bmVyLmZyL2MvcC8yMTk3Ni8yMTk3Ni0xMTU4MS0zLndlYnA?v=1773657834"],"large":["https:\/\/media.th4.com\/0ybP4fPUYmVPu6lA0HycORukNdx4Ds5XADLgMcVqY88\/pr:1920\/aHR0cDovL21lZGlhMi5kZXNpZ25wYXJ0bmVyLmZyL2MvcC8yMTk3Ni8yMTk3Ni0xMTU4MS0xLndlYnA?v=1773657833","https:\/\/media.th4.com\/3tpt-as6bDZSIDGCJhM8dVIK06zeEI-P-7xDvfUveWo\/pr:1920\/aHR0cDovL21lZGlhMi5kZXNpZ25wYXJ0bmVyLmZyL2MvcC8yMTk3Ni8yMTk3Ni0xMTU4MS0yLndlYnA?v=1773657833","https:\/\/media.th4.com\/J5IhfgHJjnHRGJKuRYgOEN85JcyJlUyhs2kuGiBh_ds\/pr:1920\/aHR0cDovL21lZGlhMi5kZXNpZ25wYXJ0bmVyLmZyL2MvcC8yMTk3Ni8yMTk3Ni0xMTU4MS0zLndlYnA?v=1773657834"],"opengraph":["https:\/\/media.th4.com\/P476fM0bFBZw2UaGnw1Syx2Nmt-_pIw5KWYwxDXftK8\/pr:1200x630\/aHR0cDovL21lZGlhMi5kZXNpZ25wYXJ0bmVyLmZyL2MvcC8yMTk3Ni8yMTk3Ni0xMTU4MS0xLndlYnA?v=1773657833","https:\/\/media.th4.com\/66UN-74xto2iXWBIPFpgAyJgJC63HU9kspGCbnhWlAA\/pr:1200x630\/aHR0cDovL21lZGlhMi5kZXNpZ25wYXJ0bmVyLmZyL2MvcC8yMTk3Ni8yMTk3Ni0xMTU4MS0yLndlYnA?v=1773657833","https:\/\/media.th4.com\/-3i17xVmPpnOq2q0QpE84P76B7cNEzLp6PAjNY162M0\/pr:1200x630\/aHR0cDovL21lZGlhMi5kZXNpZ25wYXJ0bmVyLmZyL2MvcC8yMTk3Ni8yMTk3Ni0xMTU4MS0zLndlYnA?v=1773657834"]},"images_customization":{"miniature":["https:\/\/media.th4.com\/4nculk-oTeA2ppx7m967KrvOlTf2pCp3vBFr3QE9o-s\/pr:80\/aHR0cDovL21lZGlhMi5kZXNpZ25wYXJ0bmVyLmZyL2MvcC8yMTk3Ni8yMTk3Ni0xMTU4MS0xLndlYnA?v=1773657833","https:\/\/media.th4.com\/Ex6lC7zoa9zX7QWRjYAT1KqhUcUWtgylIt7WxjWUs74\/pr:80\/aHR0cDovL21lZGlhMi5kZXNpZ25wYXJ0bmVyLmZyL2MvcC8yMTk3Ni8yMTk3Ni0xMTU4MS0yLndlYnA?v=1773657833","https:\/\/media.th4.com\/8tDL_OrevoFUfTeC8FBhUZBZM_97X-fYZf7qY5J9W14\/pr:80\/aHR0cDovL21lZGlhMi5kZXNpZ25wYXJ0bmVyLmZyL2MvcC8yMTk3Ni8yMTk3Ni0xMTU4MS0zLndlYnA?v=1773657834"],"medium":["https:\/\/media.th4.com\/3Ddz8hBnlE4lvqZGZ6OQWvU23f3NIhwm_cuwm3Del7o\/pr:550x550\/aHR0cDovL21lZGlhMi5kZXNpZ25wYXJ0bmVyLmZyL2MvcC8yMTk3Ni8yMTk3Ni0xMTU4MS0xLndlYnA?v=1773657833","https:\/\/media.th4.com\/zCEACvKKoCZUTQI3AIRkGj2QHvT547Atubg_Whu_xCU\/pr:550x550\/aHR0cDovL21lZGlhMi5kZXNpZ25wYXJ0bmVyLmZyL2MvcC8yMTk3Ni8yMTk3Ni0xMTU4MS0yLndlYnA?v=1773657833","https:\/\/media.th4.com\/UGZO556hxZP_aWM4MqqFklrrOTrG4mGjr1hUjB8KwO4\/pr:550x550\/aHR0cDovL21lZGlhMi5kZXNpZ25wYXJ0bmVyLmZyL2MvcC8yMTk3Ni8yMTk3Ni0xMTU4MS0zLndlYnA?v=1773657834"],"medium_large":["https:\/\/media.th4.com\/A1ZSWv0VgUWTgMXKM5rsFEKLUsWUBRamT0xz0e6rSOE\/pr:1000x1000\/aHR0cDovL21lZGlhMi5kZXNpZ25wYXJ0bmVyLmZyL2MvcC8yMTk3Ni8yMTk3Ni0xMTU4MS0xLndlYnA?v=1773657833","https:\/\/media.th4.com\/JYcr9UqBayoX56aSdK29-2yLzIQGF3NRkER8ZrRWigA\/pr:1000x1000\/aHR0cDovL21lZGlhMi5kZXNpZ25wYXJ0bmVyLmZyL2MvcC8yMTk3Ni8yMTk3Ni0xMTU4MS0yLndlYnA?v=1773657833","https:\/\/media.th4.com\/3ypLRkCi9dQYkPyZDI4e3pEuz3bWfZI1AmL7wKzhf_c\/pr:1000x1000\/aHR0cDovL21lZGlhMi5kZXNpZ25wYXJ0bmVyLmZyL2MvcC8yMTk3Ni8yMTk3Ni0xMTU4MS0zLndlYnA?v=1773657834"],"large":["https:\/\/media.th4.com\/0ybP4fPUYmVPu6lA0HycORukNdx4Ds5XADLgMcVqY88\/pr:1920\/aHR0cDovL21lZGlhMi5kZXNpZ25wYXJ0bmVyLmZyL2MvcC8yMTk3Ni8yMTk3Ni0xMTU4MS0xLndlYnA?v=1773657833","https:\/\/media.th4.com\/3tpt-as6bDZSIDGCJhM8dVIK06zeEI-P-7xDvfUveWo\/pr:1920\/aHR0cDovL21lZGlhMi5kZXNpZ25wYXJ0bmVyLmZyL2MvcC8yMTk3Ni8yMTk3Ni0xMTU4MS0yLndlYnA?v=1773657833","https:\/\/media.th4.com\/J5IhfgHJjnHRGJKuRYgOEN85JcyJlUyhs2kuGiBh_ds\/pr:1920\/aHR0cDovL21lZGlhMi5kZXNpZ25wYXJ0bmVyLmZyL2MvcC8yMTk3Ni8yMTk3Ni0xMTU4MS0zLndlYnA?v=1773657834"],"opengraph":["https:\/\/media.th4.com\/P476fM0bFBZw2UaGnw1Syx2Nmt-_pIw5KWYwxDXftK8\/pr:1200x630\/aHR0cDovL21lZGlhMi5kZXNpZ25wYXJ0bmVyLmZyL2MvcC8yMTk3Ni8yMTk3Ni0xMTU4MS0xLndlYnA?v=1773657833","https:\/\/media.th4.com\/66UN-74xto2iXWBIPFpgAyJgJC63HU9kspGCbnhWlAA\/pr:1200x630\/aHR0cDovL21lZGlhMi5kZXNpZ25wYXJ0bmVyLmZyL2MvcC8yMTk3Ni8yMTk3Ni0xMTU4MS0yLndlYnA?v=1773657833","https:\/\/media.th4.com\/-3i17xVmPpnOq2q0QpE84P76B7cNEzLp6PAjNY162M0\/pr:1200x630\/aHR0cDovL21lZGlhMi5kZXNpZ25wYXJ0bmVyLmZyL2MvcC8yMTk3Ni8yMTk3Ni0xMTU4MS0zLndlYnA?v=1773657834"]},"country_origin":"CN","traceability":{"manufacturing_country_id":61,"weaving_country_id":61,"dyeing_country_id":61},"sizes":[{"id":3,"article_id":541994,"class_id":3,"name":"S","on_standby":false,"stock_local":0,"stock_global":19,"multiple":1,"estimated_date_reassort":null,"is_destocking":false},{"id":2,"article_id":541993,"class_id":4,"name":"M","on_standby":false,"stock_local":0,"stock_global":14,"multiple":1,"estimated_date_reassort":null,"is_destocking":false},{"id":1,"article_id":541992,"class_id":5,"name":"L","on_standby":true,"stock_local":0,"stock_global":0,"multiple":1,"estimated_date_reassort":"2026-05-07","is_destocking":false},{"id":4,"article_id":541995,"class_id":6,"name":"XL","on_standby":false,"stock_local":0,"stock_global":6,"multiple":1,"estimated_date_reassort":null,"is_destocking":false},{"id":1116,"article_id":541996,"class_id":7,"name":"2XL","on_standby":false,"stock_local":0,"stock_global":46,"multiple":1,"estimated_date_reassort":null,"is_destocking":false},{"id":1081,"article_id":541989,"class_id":8,"name":"3XL","on_standby":false,"stock_local":0,"stock_global":20,"multiple":1,"estimated_date_reassort":null,"is_destocking":false},{"id":16,"article_id":541990,"class_id":9,"name":"4XL","on_standby":false,"stock_local":0,"stock_global":15,"multiple":1,"estimated_date_reassort":null,"is_destocking":false},{"id":168,"article_id":541991,"class_id":10,"name":"5XL","on_standby":false,"stock_local":0,"stock_global":10,"multiple":1,"estimated_date_reassort":null,"is_destocking":false}],"page_links":{"fr":"\/fr\/p-pr-7830-softshell-homme-7830-21976\/black-11581\/","en":"\/en\/p-pr-7830-mens-softshell-7830-21976\/black-11581\/","de":"\/de\/p-pr-7830-herren-softshell-7830-21976\/black-11581\/","nl":"\/nl\/p-pr-7830-softshell-heren-7830-21976\/black-11581\/","es":"\/es\/p-pr-7830-softshell-hombre-7830-21976\/black-11581\/","it":"\/it\/p-pr-7830-softshell-uomo-7830-21976\/black-11581\/","sv":"\/sv\/p-pr-7830-softshell-herr-7830-21976\/black-11581\/","pt":"\/pt\/p-pr-7830-softshell-homem-7830-21976\/black-11581\/","da":"\/da\/p-pr-7830-softshell-til-maend-7830-21976\/black-11581\/","pl":"\/pl\/p-pr-7830-meska-kurtka-softshell-7830-21976\/black-11581\/"},"page_links_customization":{"fr":"\/fr\/p-pr-7830-softshell-jacket-homme-7830-personnalisable-21976\/black-11581\/custom\/","en":"\/en\/p-pr-7830-mens-softshell-jacket-7830-customizable-21976\/black-11581\/custom\/","de":"\/de\/p-pr-7830-softshelljacke-herren-7830-personalisierbar-21976\/black-11581\/custom\/","nl":"\/nl\/p-pr-7830-softshell-jack-voor-heren-7830-personaliseerbaar-21976\/black-11581\/custom\/","es":"\/es\/p-pr-7830-chaqueta-softshell-hombre-7830-personalizable-21976\/black-11581\/custom\/","it":"\/it\/p-pr-7830-giacca-softshell-uomo-7830-personalizzabile-21976\/black-11581\/custom\/","sv":"\/sv\/p-pr-7830-softshelljacka-herr-7830-anpassningsbar-21976\/black-11581\/custom\/","pt":"\/pt\/p-pr-7830-casaco-softshell-homem-7830-personalizavel-21976\/black-11581\/custom\/","da":"\/da\/p-pr-7830-softshelljakke-til-maend-7830-kan-tilpasses-21976\/black-11581\/custom\/","pl":"\/pl\/p-pr-7830-meska-kurtka-softshell-7830-z-mozliwoscia-personalizacji-21976\/black-11581\/custom\/"}},{"id":25245,"name":"steel_gray","class_ids":[3],"codes_hexa":["8D8884"],"delai_24":false,"has_3d":false,"seuil_global":0,"stock_local":0,"stock_global":91,"on_standby":false,"in_catalog":true,"images":{"miniature":["https:\/\/media.th4.com\/aMo9gPzp7Rm0yte0nDpY0smiG0_vYOwyOOV3thX6WCc\/pr:80\/aHR0cDovL21lZGlhMi5kZXNpZ25wYXJ0bmVyLmZyL2MvcC8yMTk3Ni8yMTk3Ni0yNTI0NS0xLndlYnA?v=1773657836","https:\/\/media.th4.com\/RabjIJ32VLuHxxh07gu22YADY7iIY9lrCBl2JLAhmTA\/pr:80\/aHR0cDovL21lZGlhMi5kZXNpZ25wYXJ0bmVyLmZyL2MvcC8yMTk3Ni8yMTk3Ni0yNTI0NS0yLndlYnA?v=1773657837","https:\/\/media.th4.com\/D3dN2gr_LLAaEMc31aIf4qDPikgd6ipiEJy9kiM-dCk\/pr:80\/aHR0cDovL21lZGlhMi5kZXNpZ25wYXJ0bmVyLmZyL2MvcC8yMTk3Ni8yMTk3Ni0yNTI0NS0zLndlYnA?v=1773657837"],"medium":["https:\/\/media.th4.com\/lAwPVIe12TQsuW9yFmxOaW428UeaYKqJiQNnVN5Bb6s\/pr:550x550\/aHR0cDovL21lZGlhMi5kZXNpZ25wYXJ0bmVyLmZyL2MvcC8yMTk3Ni8yMTk3Ni0yNTI0NS0xLndlYnA?v=1773657836","https:\/\/media.th4.com\/atHOsFQJtzMwEKYXcD8q3wtxw1T-o_m6JDjxopfTyXg\/pr:550x550\/aHR0cDovL21lZGlhMi5kZXNpZ25wYXJ0bmVyLmZyL2MvcC8yMTk3Ni8yMTk3Ni0yNTI0NS0yLndlYnA?v=1773657837","https:\/\/media.th4.com\/BUcGm4aZ0B6snWAsEWc6yPeM7Eg_wz6XKQhB2CDfc8g\/pr:550x550\/aHR0cDovL21lZGlhMi5kZXNpZ25wYXJ0bmVyLmZyL2MvcC8yMTk3Ni8yMTk3Ni0yNTI0NS0zLndlYnA?v=1773657837"],"medium_large":["https:\/\/media.th4.com\/StFcjI58nYF8KyQcaxASV8Uf1pdWe6pnnVJZuxpaSGI\/pr:1000x1000\/aHR0cDovL21lZGlhMi5kZXNpZ25wYXJ0bmVyLmZyL2MvcC8yMTk3Ni8yMTk3Ni0yNTI0NS0xLndlYnA?v=1773657836","https:\/\/media.th4.com\/umlL_MsxZbBVtgmkyhn88_UYtLrSjopIA_JIlkmSO3A\/pr:1000x1000\/aHR0cDovL21lZGlhMi5kZXNpZ25wYXJ0bmVyLmZyL2MvcC8yMTk3Ni8yMTk3Ni0yNTI0NS0yLndlYnA?v=1773657837","https:\/\/media.th4.com\/82n0bnvvL-zFNWk6jFd_oaDymIOScJlmctaTozO14-s\/pr:1000x1000\/aHR0cDovL21lZGlhMi5kZXNpZ25wYXJ0bmVyLmZyL2MvcC8yMTk3Ni8yMTk3Ni0yNTI0NS0zLndlYnA?v=1773657837"],"large":["https:\/\/media.th4.com\/S8F5ZIEecoPgjuYRZlWxF3IrEdmUb_enwOfJWi3Lf4E\/pr:1920\/aHR0cDovL21lZGlhMi5kZXNpZ25wYXJ0bmVyLmZyL2MvcC8yMTk3Ni8yMTk3Ni0yNTI0NS0xLndlYnA?v=1773657836","https:\/\/media.th4.com\/vI8eRsVGaa1m5tu9_FnBrY0680H1yxWYquln6mJ0G_U\/pr:1920\/aHR0cDovL21lZGlhMi5kZXNpZ25wYXJ0bmVyLmZyL2MvcC8yMTk3Ni8yMTk3Ni0yNTI0NS0yLndlYnA?v=1773657837","https:\/\/media.th4.com\/L41J3uszmEYlf_uJv93bAVPp6duSCMGpOvdFGUxum2E\/pr:1920\/aHR0cDovL21lZGlhMi5kZXNpZ25wYXJ0bmVyLmZyL2MvcC8yMTk3Ni8yMTk3Ni0yNTI0NS0zLndlYnA?v=1773657837"],"opengraph":["https:\/\/media.th4.com\/JxyvQ2BBN2UdGcm0y8-O9useXV7WbFi4hRbdSkUFH6k\/pr:1200x630\/aHR0cDovL21lZGlhMi5kZXNpZ25wYXJ0bmVyLmZyL2MvcC8yMTk3Ni8yMTk3Ni0yNTI0NS0xLndlYnA?v=1773657836","https:\/\/media.th4.com\/6QIXJOE4o7_gf8RAIqGDU83Yl1DpCO-3Hnq1k5s6Yc0\/pr:1200x630\/aHR0cDovL21lZGlhMi5kZXNpZ25wYXJ0bmVyLmZyL2MvcC8yMTk3Ni8yMTk3Ni0yNTI0NS0yLndlYnA?v=1773657837","https:\/\/media.th4.com\/y21Q1LA84pp1HxGWzS-0bB4sMNrEmBvg55Sh_MgZ2mA\/pr:1200x630\/aHR0cDovL21lZGlhMi5kZXNpZ25wYXJ0bmVyLmZyL2MvcC8yMTk3Ni8yMTk3Ni0yNTI0NS0zLndlYnA?v=1773657837"]},"images_customization":{"miniature":["https:\/\/media.th4.com\/aMo9gPzp7Rm0yte0nDpY0smiG0_vYOwyOOV3thX6WCc\/pr:80\/aHR0cDovL21lZGlhMi5kZXNpZ25wYXJ0bmVyLmZyL2MvcC8yMTk3Ni8yMTk3Ni0yNTI0NS0xLndlYnA?v=1773657836","https:\/\/media.th4.com\/RabjIJ32VLuHxxh07gu22YADY7iIY9lrCBl2JLAhmTA\/pr:80\/aHR0cDovL21lZGlhMi5kZXNpZ25wYXJ0bmVyLmZyL2MvcC8yMTk3Ni8yMTk3Ni0yNTI0NS0yLndlYnA?v=1773657837","https:\/\/media.th4.com\/D3dN2gr_LLAaEMc31aIf4qDPikgd6ipiEJy9kiM-dCk\/pr:80\/aHR0cDovL21lZGlhMi5kZXNpZ25wYXJ0bmVyLmZyL2MvcC8yMTk3Ni8yMTk3Ni0yNTI0NS0zLndlYnA?v=1773657837"],"medium":["https:\/\/media.th4.com\/lAwPVIe12TQsuW9yFmxOaW428UeaYKqJiQNnVN5Bb6s\/pr:550x550\/aHR0cDovL21lZGlhMi5kZXNpZ25wYXJ0bmVyLmZyL2MvcC8yMTk3Ni8yMTk3Ni0yNTI0NS0xLndlYnA?v=1773657836","https:\/\/media.th4.com\/atHOsFQJtzMwEKYXcD8q3wtxw1T-o_m6JDjxopfTyXg\/pr:550x550\/aHR0cDovL21lZGlhMi5kZXNpZ25wYXJ0bmVyLmZyL2MvcC8yMTk3Ni8yMTk3Ni0yNTI0NS0yLndlYnA?v=1773657837","https:\/\/media.th4.com\/BUcGm4aZ0B6snWAsEWc6yPeM7Eg_wz6XKQhB2CDfc8g\/pr:550x550\/aHR0cDovL21lZGlhMi5kZXNpZ25wYXJ0bmVyLmZyL2MvcC8yMTk3Ni8yMTk3Ni0yNTI0NS0zLndlYnA?v=1773657837"],"medium_large":["https:\/\/media.th4.com\/StFcjI58nYF8KyQcaxASV8Uf1pdWe6pnnVJZuxpaSGI\/pr:1000x1000\/aHR0cDovL21lZGlhMi5kZXNpZ25wYXJ0bmVyLmZyL2MvcC8yMTk3Ni8yMTk3Ni0yNTI0NS0xLndlYnA?v=1773657836","https:\/\/media.th4.com\/umlL_MsxZbBVtgmkyhn88_UYtLrSjopIA_JIlkmSO3A\/pr:1000x1000\/aHR0cDovL21lZGlhMi5kZXNpZ25wYXJ0bmVyLmZyL2MvcC8yMTk3Ni8yMTk3Ni0yNTI0NS0yLndlYnA?v=1773657837","https:\/\/media.th4.com\/82n0bnvvL-zFNWk6jFd_oaDymIOScJlmctaTozO14-s\/pr:1000x1000\/aHR0cDovL21lZGlhMi5kZXNpZ25wYXJ0bmVyLmZyL2MvcC8yMTk3Ni8yMTk3Ni0yNTI0NS0zLndlYnA?v=1773657837"],"large":["https:\/\/media.th4.com\/S8F5ZIEecoPgjuYRZlWxF3IrEdmUb_enwOfJWi3Lf4E\/pr:1920\/aHR0cDovL21lZGlhMi5kZXNpZ25wYXJ0bmVyLmZyL2MvcC8yMTk3Ni8yMTk3Ni0yNTI0NS0xLndlYnA?v=1773657836","https:\/\/media.th4.com\/vI8eRsVGaa1m5tu9_FnBrY0680H1yxWYquln6mJ0G_U\/pr:1920\/aHR0cDovL21lZGlhMi5kZXNpZ25wYXJ0bmVyLmZyL2MvcC8yMTk3Ni8yMTk3Ni0yNTI0NS0yLndlYnA?v=1773657837","https:\/\/media.th4.com\/L41J3uszmEYlf_uJv93bAVPp6duSCMGpOvdFGUxum2E\/pr:1920\/aHR0cDovL21lZGlhMi5kZXNpZ25wYXJ0bmVyLmZyL2MvcC8yMTk3Ni8yMTk3Ni0yNTI0NS0zLndlYnA?v=1773657837"],"opengraph":["https:\/\/media.th4.com\/JxyvQ2BBN2UdGcm0y8-O9useXV7WbFi4hRbdSkUFH6k\/pr:1200x630\/aHR0cDovL21lZGlhMi5kZXNpZ25wYXJ0bmVyLmZyL2MvcC8yMTk3Ni8yMTk3Ni0yNTI0NS0xLndlYnA?v=1773657836","https:\/\/media.th4.com\/6QIXJOE4o7_gf8RAIqGDU83Yl1DpCO-3Hnq1k5s6Yc0\/pr:1200x630\/aHR0cDovL21lZGlhMi5kZXNpZ25wYXJ0bmVyLmZyL2MvcC8yMTk3Ni8yMTk3Ni0yNTI0NS0yLndlYnA?v=1773657837","https:\/\/media.th4.com\/y21Q1LA84pp1HxGWzS-0bB4sMNrEmBvg55Sh_MgZ2mA\/pr:1200x630\/aHR0cDovL21lZGlhMi5kZXNpZ25wYXJ0bmVyLmZyL2MvcC8yMTk3Ni8yMTk3Ni0yNTI0NS0zLndlYnA?v=1773657837"]},"country_origin":"CN","traceability":{"manufacturing_country_id":61,"weaving_country_id":61,"dyeing_country_id":61},"sizes":[{"id":3,"article_id":542010,"class_id":3,"name":"S","on_standby":false,"stock_local":0,"stock_global":5,"multiple":1,"estimated_date_reassort":null,"is_destocking":false},{"id":2,"article_id":542009,"class_id":4,"name":"M","on_standby":false,"stock_local":0,"stock_global":14,"multiple":1,"estimated_date_reassort":null,"is_destocking":false},{"id":1,"article_id":542008,"class_id":5,"name":"L","on_standby":false,"stock_local":0,"stock_global":12,"multiple":1,"estimated_date_reassort":null,"is_destocking":false},{"id":4,"article_id":542011,"class_id":6,"name":"XL","on_standby":false,"stock_local":0,"stock_global":14,"multiple":1,"estimated_date_reassort":null,"is_destocking":false},{"id":1116,"article_id":542012,"class_id":7,"name":"2XL","on_standby":false,"stock_local":0,"stock_global":17,"multiple":1,"estimated_date_reassort":null,"is_destocking":false},{"id":1081,"article_id":542005,"class_id":8,"name":"3XL","on_standby":false,"stock_local":0,"stock_global":10,"multiple":1,"estimated_date_reassort":null,"is_destocking":false},{"id":16,"article_id":542006,"class_id":9,"name":"4XL","on_standby":false,"stock_local":0,"stock_global":10,"multiple":1,"estimated_date_reassort":null,"is_destocking":false},{"id":168,"article_id":542007,"class_id":10,"name":"5XL","on_standby":false,"stock_local":0,"stock_global":9,"multiple":1,"estimated_date_reassort":null,"is_destocking":false}],"page_links":{"fr":"\/fr\/p-pr-7830-softshell-homme-7830-21976\/steel-gray-25245\/","en":"\/en\/p-pr-7830-mens-softshell-7830-21976\/steel-gray-25245\/","de":"\/de\/p-pr-7830-herren-softshell-7830-21976\/steel-gray-25245\/","nl":"\/nl\/p-pr-7830-softshell-heren-7830-21976\/steel-gray-25245\/","es":"\/es\/p-pr-7830-softshell-hombre-7830-21976\/steel-gray-25245\/","it":"\/it\/p-pr-7830-softshell-uomo-7830-21976\/steel-gray-25245\/","sv":"\/sv\/p-pr-7830-softshell-herr-7830-21976\/steel-gray-25245\/","pt":"\/pt\/p-pr-7830-softshell-homem-7830-21976\/steel-gray-25245\/","da":"\/da\/p-pr-7830-softshell-til-maend-7830-21976\/steel-gray-25245\/","pl":"\/pl\/p-pr-7830-meska-kurtka-softshell-7830-21976\/steel-gray-25245\/"},"page_links_customization":{"fr":"\/fr\/p-pr-7830-softshell-jacket-homme-7830-personnalisable-21976\/steel-gray-25245\/custom\/","en":"\/en\/p-pr-7830-mens-softshell-jacket-7830-customizable-21976\/steel-gray-25245\/custom\/","de":"\/de\/p-pr-7830-softshelljacke-herren-7830-personalisierbar-21976\/steel-gray-25245\/custom\/","nl":"\/nl\/p-pr-7830-softshell-jack-voor-heren-7830-personaliseerbaar-21976\/steel-gray-25245\/custom\/","es":"\/es\/p-pr-7830-chaqueta-softshell-hombre-7830-personalizable-21976\/steel-gray-25245\/custom\/","it":"\/it\/p-pr-7830-giacca-softshell-uomo-7830-personalizzabile-21976\/steel-gray-25245\/custom\/","sv":"\/sv\/p-pr-7830-softshelljacka-herr-7830-anpassningsbar-21976\/steel-gray-25245\/custom\/","pt":"\/pt\/p-pr-7830-casaco-softshell-homem-7830-personalizavel-21976\/steel-gray-25245\/custom\/","da":"\/da\/p-pr-7830-softshelljakke-til-maend-7830-kan-tilpasses-21976\/steel-gray-25245\/custom\/","pl":"\/pl\/p-pr-7830-meska-kurtka-softshell-7830-z-mozliwoscia-personalizacji-21976\/steel-gray-25245\/custom\/"}}],"documentation_link":"\/pdf\/21976.pdf","countries_availables":["AD","AE","AL","AT","BA","BD","BE","BG","BL","CA","CH","CN","CO","CY","CZ","DE","DK","DO","EE","EG","ES","ET","FI","FR","GB","GE","GF","GP","GR","GT","HK","HN","HR","HT","HU","ID","IE","IN","IS","IT","JO","JP","KE","KH","KP","KR","LA","LK","LS","LT","LU","LV","MA","MF","MG","MK","MM","MN","MQ","MT","MX","MY","NC","NI","NL","PF","PH","PK","PL","PM","PT","RE","RO","SE","SG","SI","SK","SV","SY","TH","TN","TR","TW","TZ","US","VN","WF","YT"]},"infos_customization":[],"features":{"authorize_multi_surfaces":true,"display_order_delay_type":true,"promote_surface_display":true,"tarification_franco_offert":true,"enabled_3d_editor":false},"markings":[{"id":0,"nom":"vierge","finition":null,"libelle":null,"code":null,"dpi":null,"finesse_forme_isolee":null,"finesse_forme_non_isolee":null,"hauteur_minimale_texte":null,"inactif":0,"marquage_interne":1,"quantite_min":null,"parent_id":null,"print_on_support":0,"content":"vierge","description":null},{"id":2,"nom":"fonce","finition":"optimale","libelle":"TopQuadri","code":null,"dpi":400,"finesse_forme_isolee":"0.040","finesse_forme_non_isolee":"0.700","hauteur_minimale_texte":2,"inactif":0,"marquage_interne":1,"quantite_min":null,"parent_id":18,"print_on_support":0,"content":"TopQuadri","description":"pour petites et moyennes s\u00e9ries"},{"id":3,"nom":"serigraphie","finition":"serigraphie","libelle":"SeriCoat","code":null,"dpi":400,"finesse_forme_isolee":"0.040","finesse_forme_non_isolee":"0.700","hauteur_minimale_texte":2,"inactif":0,"marquage_interne":1,"quantite_min":15,"parent_id":18,"print_on_support":0,"content":"SeriCoat","description":"pour moyennes et grandes s\u00e9ries"},{"id":4,"nom":"broderie","finition":"broderie","libelle":"Broderie","code":null,"dpi":400,"finesse_forme_isolee":"0.040","finesse_forme_non_isolee":"0.700","hauteur_minimale_texte":3,"inactif":0,"marquage_interne":1,"quantite_min":null,"parent_id":null,"print_on_support":0,"content":"Broderie","description":null},{"id":8,"nom":"theme","finition":null,"libelle":"Th\u00e8me","code":null,"dpi":null,"finesse_forme_isolee":null,"finesse_forme_non_isolee":null,"hauteur_minimale_texte":null,"inactif":0,"marquage_interne":1,"quantite_min":null,"parent_id":null,"print_on_support":0,"content":"Th\u00e8me","description":null},{"id":9,"nom":"sans","finition":null,"libelle":null,"code":null,"dpi":null,"finesse_forme_isolee":null,"finesse_forme_non_isolee":null,"hauteur_minimale_texte":null,"inactif":0,"marquage_interne":1,"quantite_min":null,"parent_id":null,"print_on_support":0,"content":"sans","description":null},{"id":10,"nom":"photo","finition":null,"libelle":"Photo","code":null,"dpi":null,"finesse_forme_isolee":null,"finesse_forme_non_isolee":null,"hauteur_minimale_texte":null,"inactif":0,"marquage_interne":1,"quantite_min":null,"parent_id":null,"print_on_support":0,"content":"Photo","description":null},{"id":14,"nom":"couleur","finition":null,"libelle":"Couleur","code":null,"dpi":null,"finesse_forme_isolee":null,"finesse_forme_non_isolee":null,"hauteur_minimale_texte":null,"inactif":0,"marquage_interne":1,"quantite_min":null,"parent_id":null,"print_on_support":0,"content":"Couleur","description":null},{"id":15,"nom":"sublimation","finition":"sublimation","libelle":"Sublimation","code":null,"dpi":null,"finesse_forme_isolee":"0.000","finesse_forme_non_isolee":"0.000","hauteur_minimale_texte":2,"inactif":0,"marquage_interne":1,"quantite_min":null,"parent_id":null,"print_on_support":0,"content":"Sublimation","description":null},{"id":16,"nom":"topquadri_uv","finition":null,"libelle":"TopQuadri UV","code":null,"dpi":null,"finesse_forme_isolee":"0.020","finesse_forme_non_isolee":"0.700","hauteur_minimale_texte":2,"inactif":0,"marquage_interne":1,"quantite_min":null,"parent_id":null,"print_on_support":1,"content":null,"description":null},{"id":17,"nom":"topquadri_uvp","finition":null,"libelle":"TopQuadri UVP","code":null,"dpi":null,"finesse_forme_isolee":"0.020","finesse_forme_non_isolee":"0.700","hauteur_minimale_texte":2,"inactif":0,"marquage_interne":1,"quantite_min":null,"parent_id":null,"print_on_support":1,"content":null,"description":null},{"id":18,"nom":"quadri","finition":null,"libelle":"Impression","code":null,"dpi":null,"finesse_forme_isolee":null,"finesse_forme_non_isolee":null,"hauteur_minimale_texte":null,"inactif":0,"marquage_interne":1,"quantite_min":null,"parent_id":null,"print_on_support":0,"content":null,"description":null}]}}