{"data":{"product":{"id":21975,"titre":"Women`s Knit Fleece Jacket C\u207a","description":"Veste polaire en tricot\u00e9e avec col montant, bande de col contrast\u00e9e, fermeture \u00e0 glissi\u00e8re sur toute la longueur en couleur contrast\u00e9e, 2 poches lat\u00e9rales sur le devant, ourlet du corps et des manches en tissu polaire, fixation pour la veste ext\u00e9rieure, \u00e9tiquette de taille neutre. Composition : 100 % polyester.","genre":"femme","grammage":300,"conditionnement":10,"composition":"polyester,polyester_uniquement","reference":"pr-7725","reference_visible":"pr-7725","reference_fabricant":"7725","ref_xor":"721810","in_catalog":true,"is_transfer":false,"is_service":false,"on_standby":false,"has_3d":true,"has_size_guide":false,"has_marking":true,"has_vierge":true,"is_cross_sellable":false,"id_picto":15,"filename_3d":"picto-15","brand":{"id":154,"name":"Promodoro","logo":"logo-promodoro.png","image":"https:\/\/media.th4.com\/pfJDeuQIb_1LhflfsUyeyAhr4hLnU-nV55lPlVDhYUQ\/pr:brand70x70\/aHR0cDovL21lZGlhMi5kZXNpZ25wYXJ0bmVyLmZyL2MvbS9sb2dvLXByb21vZG9yby5wbmc?v=1773736567"},"price_infos":{"price_from":41.24,"quantity":5,"color":{"id":11610,"name":"heather_blue"},"size":{"id":1116,"name":"2XL"}},"price_infos_marking":{"price_from":44.85,"quantity":20,"color":{"id":11610,"name":"heather_blue"},"size":{"id":1116,"name":"2XL"},"marking":{"id":4,"name":""},"emplacement":"avant","surface_emplacement_id":1,"surface":"coeur"},"i18n":{"blank":{"title":{"fr":"Knit fleece c veste PROMODORO 7725","en":"Knit fleece c jacket PROMODORO 7725","de":"Knit-Fleece-C Jacke PROMODORO 7725","nl":"Knit fleece c jas PROMODORO 7725","es":"Chaqueta de forro polar de punto c PROMODORO 7725","it":"Giacca in knit fleece c PROMODORO 7725","sv":"Stickad fleecejacka c PROMODORO 7725","pt":"Casaco knit fleece c PROMODORO 7725","da":"Knit fleece c jakke PROMODORO 7725","pl":"Dzianinowa kurtka polarowa c PROMODORO 7725"},"description":{"fr":"La Knit Fleece c veste 7725 est une veste polaire tricot\u00e9e avec col montant, fermeture \u00e0 glissi\u00e8re contrast\u00e9e sur toute la longueur et deux poches lat\u00e9rales sur le devant. Le bas du corps et des manches est en tissu polaire. Une fixation pour veste ext\u00e9rieure est pr\u00e9vue, avec \u00e9tiquette de taille neutre.\n\n- Composition : 100 % polyester\n- Col montant\n- Fermeture \u00e0 glissi\u00e8re contrast\u00e9e\n- Deux poches lat\u00e9rales devant","en":"The Knit Fleece c jacket 7725 is a knitted fleece jacket with a stand-up collar, full-length contrasting zipper and two side pockets on the front. The lower body and sleeve ends are made of fleece fabric. A fastening for an outer jacket is included, with a neutral size label.\n\n- Composition: 100% polyester\n- Stand-up collar\n- Contrasting zipper\n- Two side pockets on the front","de":"Die Knit-Fleece-C Jacke 7725 ist eine gestrickte Fleecejacke mit Stehkragen, kontrastierendem durchgehendem Rei\u00dfverschluss und zwei seitlichen Taschen vorn. Der Saum des K\u00f6rpers und der \u00c4rmel ist aus Fleecegewebe. Eine Befestigung f\u00fcr eine Au\u00dfenjacke ist vorgesehen, mit neutralem Gr\u00f6\u00dfenetikett.\n\n- Zusammensetzung: 100 % Polyester\n- Stehkragen\n- Kontrastierender Rei\u00dfverschluss\n- Zwei seitliche Taschen vorn","nl":"De Knit Fleece c jas 7725 is een gebreid fleecejas met opstaande kraag, contrasterende ritssluiting over de volledige lengte en twee zijzakken aan de voorkant. De onderkant van de body en de mouwen is van fleecestof. Een bevestiging voor een buitenjas is voorzien, met neutraal maatslabel.\n\n- Samenstelling: 100 % polyester\n- Opstaande kraag\n- Contrasterende ritssluiting\n- Twee zijzakken vooraan","es":"La chaqueta de forro polar de punto c 7725 es una chaqueta de forro polar de punto con cuello alto, cremallera en contraste en toda la longitud y dos bolsillos laterales en la parte delantera. La parte inferior del cuerpo y de las mangas es de tejido polar. Se prev\u00e9 una fijaci\u00f3n para chaqueta exterior, con etiqueta de talla neutra.\n\n- Composici\u00f3n: 100 % poli\u00e9ster\n- Cuello alto\n- Cremallera en contraste\n- Dos bolsillos laterales delanteros","it":"La giacca in knit fleece c 7725 \u00e8 una giacca in pile lavorato a maglia con collo alto, chiusura con zip a contrasto su tutta la lunghezza e due tasche laterali sul davanti. Il fondo del corpo e delle maniche \u00e8 in tessuto pile. \u00c8 prevista una predisposizione per giacca esterna, con etichetta della taglia neutra.\n\n- Composizione: 100 % poliestere\n- Collo alto\n- Chiusura con zip a contrasto\n- Due tasche laterali sul davanti","sv":"Stickad fleecejacka c 7725 \u00e4r en stickad fleecejacka med st\u00e5krage, kontrasterande dragkedja i full l\u00e4ngd och tv\u00e5 sidfickor framtill. Nederdelen av kroppen och \u00e4rmarna \u00e4r i fleecetyg. F\u00e4ste f\u00f6r ytterjacka finns, med neutral storleksetikett.\n\n- Sammans\u00e4ttning: 100 % polyester\n- St\u00e5krage\n- Kontrasterande dragkedja\n- Tv\u00e5 sidfickor framtill","pt":"O casaco knit fleece c 7725 \u00e9 um casaco de l\u00e3 polar tricotada com gola alta, fecho de correr contrastante em todo o comprimento e dois bolsos laterais na parte da frente. A parte inferior do corpo e das mangas \u00e9 em tecido polar. Est\u00e1 prevista uma fixa\u00e7\u00e3o para casaco exterior, com etiqueta de tamanho neutra.\n\n- Composi\u00e7\u00e3o: 100 % poli\u00e9ster\n- Gola alta\n- Fecho de correr contrastante\n- Dois bolsos laterais \u00e0 frente","da":"Knit Fleece c jakke 7725 er en strikket fleecejakke med h\u00f8j krave, kontrastlynl\u00e5s i fuld l\u00e6ngde og to sidelommer foran. Nederste del af kroppen og \u00e6rmerne er i fleecestof. Der er fastg\u00f8relse til yderjakke samt neutral st\u00f8rrelsesetiket.\n\n- Sammens\u00e6tning: 100 % polyester\n- H\u00f8j krave\n- Kontrastlynl\u00e5s\n- To sidelommer foran","pl":"Dzianinowa kurtka polarowa c 7725 to dzianinowa kurtka polarowa z wysokim ko\u0142nierzem, kontrastowym zamkiem b\u0142yskawicznym na ca\u0142ej d\u0142ugo\u015bci i dwiema bocznymi kieszeniami z przodu. D\u00f3\u0142 korpusu i r\u0119kaw\u00f3w wykonano z tkaniny polarowej. Przewidziano mocowanie do kurtki zewn\u0119trznej oraz neutraln\u0105 etykiet\u0119 rozmiaru.\n\n- Sk\u0142ad: 100 % poliester\n- Wysoki ko\u0142nierz\n- Kontrastowy zamek b\u0142yskawiczny\n- Dwie boczne kieszenie z przodu"},"h1":{"fr":"Knit fleece c veste 7725","en":"Knit fleece c jacket 7725","de":"Knit-Fleece-C Jacke 7725","nl":"Knit fleece c jas 7725","es":"Chaqueta de forro polar de punto c 7725","it":"Giacca in knit fleece c 7725","sv":"Stickad fleecejacka c 7725","pt":"Casaco knit fleece c 7725","da":"Knit fleece c jakke 7725","pl":"Dzianinowa kurtka polarowa c 7725"},"meta_description":{"fr":"Knit Fleece c veste 7725 avec col montant, fermeture \u00e0 glissi\u00e8re contrast\u00e9e et deux poches lat\u00e9rales. Coupe adapt\u00e9e \u00e0 un usage quotidien.","en":"Knit Fleece c jacket 7725 with stand-up collar, contrasting zipper and two side pockets. Fit suited to everyday use.","de":"Knit-Fleece-C Jacke 7725 mit Stehkragen, kontrastierendem Rei\u00dfverschluss und zwei seitlichen Taschen. Passform f\u00fcr den t\u00e4glichen Gebrauch.","nl":"Knit Fleece c jas 7725 met opstaande kraag, contrasterende ritssluiting en twee zijzakken. Pasvorm geschikt voor dagelijks gebruik.","es":"Chaqueta de forro polar de punto c 7725 con cuello alto, cremallera en contraste y dos bolsillos laterales. Corte adaptado para uso diario.","it":"Giacca in knit fleece c 7725 con collo alto, chiusura con zip a contrasto e due tasche laterali. Taglio adatto all'uso quotidiano.","sv":"Stickad fleecejacka c 7725 med st\u00e5krage, kontrasterande dragkedja och tv\u00e5 sidfickor. Passform anpassad f\u00f6r daglig anv\u00e4ndning.","pt":"Casaco knit fleece c 7725 com gola alta, fecho de correr contrastante e dois bolsos laterais. Corte adaptado a uma utiliza\u00e7\u00e3o di\u00e1ria.","da":"Knit Fleece c jakke 7725 med h\u00f8j krave, kontrastlynl\u00e5s og to sidelommer. Pasform egnet til daglig brug.","pl":"Dzianinowa kurtka polarowa c 7725 z wysokim ko\u0142nierzem, kontrastowym zamkiem b\u0142yskawicznym i dwiema kieszeniami bocznymi. Kr\u00f3j dostosowany do codziennego u\u017cytku."}},"custom":{"title":{"fr":"Veste polaire c PROMODORO 7725 personnalisable","en":"Customizable fleece jacket c PROMODORO 7725","de":"Personalisierbare Fleecejacke c PROMODORO 7725","nl":"Personaliseerbare fleecejas c PROMODORO 7725","es":"Chaqueta polar c PROMODORO 7725 personalizable","it":"Giacca in pile c PROMODORO 7725 personalizzabile","sv":"Anpassningsbar fleecejacka c PROMODORO 7725","pt":"Casaco polar c PROMODORO 7725 personaliz\u00e1vel","da":"Fleecejakke c PROMODORO 7725 kan tilpasses","pl":"Polarowa kurtka c PROMODORO 7725 z mo\u017cliwo\u015bci\u0105 personalizacji"},"description":{"fr":"La veste polaire c convient \u00e0 un usage quotidien gr\u00e2ce \u00e0 sa mati\u00e8re en polyester, son col montant et sa fermeture \u00e0 glissi\u00e8re sur toute la longueur. Les deux poches lat\u00e9rales sur le devant facilitent le rangement des petits objets. La fixation pour veste ext\u00e9rieure compl\u00e8te sa conception. Personnalisation possible.\n\n- Composition : 100 % polyester\n- Col montant et bande col contrast\u00e9e\n- 2 poches lat\u00e9rales sur le devant\n- Personnalisation possible","en":"The fleece jacket c is suitable for everyday use thanks to its polyester fabric, stand-up collar and full-length zipper. The two side pockets on the front make it easy to store small items. The attachment for an outer jacket completes its design. Customization available.\n\n- Composition: 100% polyester\n- Stand-up collar and contrasting collar band\n- 2 side pockets on the front\n- Customization available","de":"Die Fleecejacke c eignet sich dank ihres Polyestermaterials, ihres Stehkragens und ihres durchgehenden Rei\u00dfverschlusses f\u00fcr den t\u00e4glichen Gebrauch. Die beiden seitlichen Taschen auf der Vorderseite erleichtern das Verstauen kleiner Gegenst\u00e4nde. Die Befestigung f\u00fcr eine Au\u00dfenjacke vervollst\u00e4ndigt die Konstruktion. Personalisierung m\u00f6glich.\n\n- Material: 100 % Polyester\n- Stehkragen und kontrastierendes Nackenband\n- 2 seitliche Taschen auf der Vorderseite\n- Personalisierung m\u00f6glich","nl":"De fleecejas c is geschikt voor dagelijks gebruik dankzij het polyester materiaal, de opstaande kraag en de ritssluiting over de volledige lengte. De twee zijzakken aan de voorkant vergemakkelijken het opbergen van kleine voorwerpen. De bevestiging voor buitenjas maakt het ontwerp compleet. Personalisatie mogelijk.\n\n- Samenstelling: 100% polyester\n- Opstaande kraag en contrasterende kraagband\n- 2 zijzakken aan de voorkant\n- Personalisatie mogelijk","es":"La chaqueta polar c es adecuada para el uso diario gracias a su material de poli\u00e9ster, su cuello alto y su cremallera de longitud completa. Los dos bolsillos laterales en la parte delantera facilitan guardar peque\u00f1os objetos. La fijaci\u00f3n para chaqueta exterior completa su dise\u00f1o. Personalizaci\u00f3n posible.\n\n- Composici\u00f3n: 100 % poli\u00e9ster\n- Cuello alto y cinta de cuello en contraste\n- 2 bolsillos laterales en la parte delantera\n- Personalizaci\u00f3n posible","it":"La giacca in pile c \u00e8 adatta all'uso quotidiano grazie al suo materiale in poliestere, al collo alto e alla chiusura con zip su tutta la lunghezza. Le due tasche laterali sul davanti facilitano la sistemazione di piccoli oggetti. Il fissaggio per giacca esterna completa la sua struttura. Personalizzazione possibile.\n\n- Composizione: 100 % poliestere\n- Collo alto e nastro del collo a contrasto\n- 2 tasche laterali sul davanti\n- Personalizzazione possibile","sv":"Fleecejackan c \u00e4r l\u00e4mplig f\u00f6r daglig anv\u00e4ndning tack vare sitt polyestermaterial, sin st\u00e5krage och sin hell\u00e5nga dragkedja. De tv\u00e5 sidofickorna framtill g\u00f6r det l\u00e4tt att f\u00f6rvara sm\u00e5 f\u00f6rem\u00e5l. F\u00e4stet f\u00f6r ytterjacka kompletterar konstruktionen. Kan anpassas.\n\n- Sammans\u00e4ttning: 100 % polyester\n- St\u00e5krage och kontrasterande nackband\n- 2 sidofickor framtill\n- Kan anpassas","pt":"O casaco polar c \u00e9 adequado para uso di\u00e1rio gra\u00e7as ao seu material em poli\u00e9ster, \u00e0 sua gola alta e ao seu fecho de correr em todo o comprimento. Os dois bolsos laterais na frente facilitam a arruma\u00e7\u00e3o de pequenos objetos. A fixa\u00e7\u00e3o para casaco exterior completa a sua conce\u00e7\u00e3o. Personaliza\u00e7\u00e3o poss\u00edvel.\n\n- Composi\u00e7\u00e3o: 100 % poli\u00e9ster\n- Gola alta e fita da gola contrastante\n- 2 bolsos laterais na frente\n- Personaliza\u00e7\u00e3o poss\u00edvel","da":"Fleecejakken c er velegnet til daglig brug takket v\u00e6re materialet i polyester, den h\u00f8je krave og lynl\u00e5sen i fuld l\u00e6ngde. De to sidelommer foran g\u00f8r det nemt at opbevare sm\u00e5 genstande. Fastg\u00f8relsen til yderjakke fuldender konstruktionen. Mulighed for tilpasning.\n\n- Sammens\u00e6tning: 100 % polyester\n- H\u00f8j krave og kontrastfarvet nakkeb\u00e5nd\n- 2 sidelommer foran\n- Mulighed for tilpasning","pl":"Polarowa kurtka c nadaje si\u0119 do codziennego u\u017cytku dzi\u0119ki materia\u0142owi poliestrowemu, st\u00f3jce i zamkowi b\u0142yskawicznemu na ca\u0142ej d\u0142ugo\u015bci. Dwie kieszenie boczne z przodu u\u0142atwiaj\u0105 przechowywanie drobnych przedmiot\u00f3w. Mocowanie do kurtki zewn\u0119trznej uzupe\u0142nia konstrukcj\u0119. Mo\u017cliwo\u015b\u0107 personalizacji.\n\n- Sk\u0142ad: 100 % poliester\n- St\u00f3jka i kontrastowa ta\u015bma przy ko\u0142nierzu\n- 2 kieszenie boczne z przodu\n- Mo\u017cliwo\u015b\u0107 personalizacji"},"h1":{"fr":"Veste polaire c 7725 personnalisable","en":"Customizable fleece jacket c 7725","de":"Personalisierbare Fleecejacke c 7725","nl":"Personaliseerbare fleecejas c 7725","es":"Chaqueta polar c 7725 personalizable","it":"Giacca in pile c 7725 personalizzabile","sv":"Anpassningsbar fleecejacka c 7725","pt":"Casaco polar c 7725 personaliz\u00e1vel","da":"Fleecejakke c 7725 kan tilpasses","pl":"Polarowa kurtka c 7725 z mo\u017cliwo\u015bci\u0105 personalizacji"},"meta_description":{"fr":"Veste polaire avec col montant, fermeture \u00e0 glissi\u00e8re contrast\u00e9e, 2 poches lat\u00e9rales et fixation pour veste ext\u00e9rieure. Personnalisation possible.","en":"Fleece jacket with stand-up collar, contrasting zipper, 2 side pockets and attachment for outer jacket. Customization available.","de":"Fleecejacke mit Stehkragen, kontrastierendem Rei\u00dfverschluss, 2 seitlichen Taschen und Befestigung f\u00fcr Au\u00dfenjacke. Personalisierung m\u00f6glich.","nl":"Fleecejas met opstaande kraag, contrasterende ritssluiting, 2 zijzakken en bevestiging voor buitenjas. Personalisatie mogelijk.","es":"Chaqueta polar con cuello alto, cremallera en contraste, 2 bolsillos laterales y fijaci\u00f3n para chaqueta exterior. Personalizaci\u00f3n posible.","it":"Giacca in pile con collo alto, chiusura con zip a contrasto, 2 tasche laterali e fissaggio per giacca esterna. Personalizzazione possibile.","sv":"Fleecejacka med st\u00e5krage, kontrasterande dragkedja, 2 sidofickor och f\u00e4ste f\u00f6r ytterjacka. Kan anpassas.","pt":"Casaco polar com gola alta, fecho de correr contrastante, 2 bolsos laterais e fixa\u00e7\u00e3o para casaco exterior. Personaliza\u00e7\u00e3o poss\u00edvel.","da":"Fleecejakke med h\u00f8j krave, kontrastlynl\u00e5s, 2 sidelommer og fastg\u00f8relse til yderjakke. Mulighed for tilpasning.","pl":"Polarowa kurtka ze st\u00f3jk\u0105, kontrastowym zamkiem b\u0142yskawicznym, 2 kieszeniami bocznymi i mocowaniem do kurtki zewn\u0119trznej. Mo\u017cliwo\u015b\u0107 personalizacji."}}},"categories":[{"id":7,"name":"Polaires","singular":"Polaire","is_feminin":false},{"id":568,"name":"Sweats zipp\u00e9s","singular":"Sweat zipp\u00e9","is_feminin":false},{"id":354,"name":"Textile","singular":"Textile","is_feminin":false},{"id":496,"name":"Sweats","singular":"Sweat","is_feminin":false}],"certifications":[{"id":1,"label":"OEKO-TEX 100","logo_link":"\/images\/certifications\/1_OEKO-TEX_100.jpg","is_marking_compatible":false}],"videos":{"fr":[],"en":[],"de":[],"nl":[],"es":[],"it":[],"sv":[],"pt":[],"da":[],"pl":[]},"main_images":{"miniature":"https:\/\/media.th4.com\/rJigIHlCXrZGuW3XgnXnywB1ADEJ6yEsC-sy5fX8q7M\/pr:80\/aHR0cDovL21lZGlhMi5kZXNpZ25wYXJ0bmVyLmZyL2MvcC1ibGFuay1USC8yMTk3NS53ZWJw?v=1773657993","medium":"https:\/\/media.th4.com\/_VRauVjlWxPa86BIjCQaQpZuJMxr0pyzYrlGSgxrpM0\/pr:550x550greybg\/aHR0cDovL21lZGlhMi5kZXNpZ25wYXJ0bmVyLmZyL2MvcC1ibGFuay1USC8yMTk3NS53ZWJw?v=1773657993","medium_large":"https:\/\/media.th4.com\/MBFTS2toHMris6BHQ5vjHDlUJpGYLzPLVEEt6_emgSA\/pr:1000x1000greybg\/aHR0cDovL21lZGlhMi5kZXNpZ25wYXJ0bmVyLmZyL2MvcC1ibGFuay1USC8yMTk3NS53ZWJw?v=1773657993","large":"https:\/\/media.th4.com\/VNrbI8_dBmRqQ5bvxuvdSIxn1JWoFw3JTzc4qtpmKzc\/pr:1920greybg\/aHR0cDovL21lZGlhMi5kZXNpZ25wYXJ0bmVyLmZyL2MvcC1ibGFuay1USC8yMTk3NS53ZWJw?v=1773657993","opengraph":"https:\/\/media.th4.com\/ZK2NgFzdwEOpaCPA-sa7UfmATjBAu1bF08IVLOqzfD0\/pr:1200x630greybg\/aHR0cDovL21lZGlhMi5kZXNpZ25wYXJ0bmVyLmZyL2MvcC1ibGFuay1USC8yMTk3NS53ZWJw?v=1773657993"},"main_images_customization":{"miniature":"https:\/\/media.th4.com\/GWzKAvbOH2woVWlWDSLgQQKI1ZN_R-e4tpzxaMVQ6B4\/pr:80\/aHR0cDovL21lZGlhMi5kZXNpZ25wYXJ0bmVyLmZyL2MvcC1jdXN0b20tVEgvMjE5NzUud2VicA?v=1773658086","medium":"https:\/\/media.th4.com\/4a8eUgTAGfDOUhR7SpMc2RoamQuaDdFooLI5rgE77D4\/pr:550x550greybg\/aHR0cDovL21lZGlhMi5kZXNpZ25wYXJ0bmVyLmZyL2MvcC1jdXN0b20tVEgvMjE5NzUud2VicA?v=1773658086","medium_large":"https:\/\/media.th4.com\/-1Z1pWHSIAkDvY1-Lf6a3TdsJ3TnJd5X_hTffuQjEgs\/pr:1000x1000greybg\/aHR0cDovL21lZGlhMi5kZXNpZ25wYXJ0bmVyLmZyL2MvcC1jdXN0b20tVEgvMjE5NzUud2VicA?v=1773658086","large":"https:\/\/media.th4.com\/0aM0E72wQqidYu04DE4EaiYSZo3JmEy-Zstajp1i98w\/pr:1920greybg\/aHR0cDovL21lZGlhMi5kZXNpZ25wYXJ0bmVyLmZyL2MvcC1jdXN0b20tVEgvMjE5NzUud2VicA?v=1773658086","opengraph":"https:\/\/media.th4.com\/N0U0usRmYMNY8e6gcuj5zeEJVNUQPfcsNwQpaadV3sY\/pr:1200x630greybg\/aHR0cDovL21lZGlhMi5kZXNpZ25wYXJ0bmVyLmZyL2MvcC1jdXN0b20tVEgvMjE5NzUud2VicA?v=1773658086"},"page_links":{"fr":"\/fr\/p-pr-7725-knit-fleece-c-veste-7725-21975\/","en":"\/en\/p-pr-7725-knit-fleece-c-jacket-7725-21975\/","de":"\/de\/p-pr-7725-knit-fleece-c-jacke-7725-21975\/","nl":"\/nl\/p-pr-7725-knit-fleece-c-jas-7725-21975\/","es":"\/es\/p-pr-7725-chaqueta-de-forro-polar-de-punto-c-7725-21975\/","it":"\/it\/p-pr-7725-giacca-in-knit-fleece-c-7725-21975\/","sv":"\/sv\/p-pr-7725-stickad-fleecejacka-c-7725-21975\/","pt":"\/pt\/p-pr-7725-casaco-knit-fleece-c-7725-21975\/","da":"\/da\/p-pr-7725-knit-fleece-c-jakke-7725-21975\/","pl":"\/pl\/p-pr-7725-dzianinowa-kurtka-polarowa-c-7725-21975\/"},"page_links_customization":{"fr":"\/fr\/p-pr-7725-veste-polaire-c-7725-personnalisable-21975\/custom\/","en":"\/en\/p-pr-7725-customizable-fleece-jacket-c-7725-21975\/custom\/","de":"\/de\/p-pr-7725-personalisierbare-fleecejacke-c-7725-21975\/custom\/","nl":"\/nl\/p-pr-7725-personaliseerbare-fleecejas-c-7725-21975\/custom\/","es":"\/es\/p-pr-7725-chaqueta-polar-c-7725-personalizable-21975\/custom\/","it":"\/it\/p-pr-7725-giacca-in-pile-c-7725-personalizzabile-21975\/custom\/","sv":"\/sv\/p-pr-7725-anpassningsbar-fleecejacka-c-7725-21975\/custom\/","pt":"\/pt\/p-pr-7725-casaco-polar-c-7725-personalizavel-21975\/custom\/","da":"\/da\/p-pr-7725-fleecejakke-c-7725-kan-tilpasses-21975\/custom\/","pl":"\/pl\/p-pr-7725-polarowa-kurtka-c-7725-z-mozliwoscia-personalizacji-21975\/custom\/"},"equivalent_products":[],"colors":[{"id":25252,"name":"heather_red","class_ids":[6],"codes_hexa":["C42029"],"delai_24":false,"has_3d":false,"seuil_global":0,"stock_local":0,"stock_global":74,"on_standby":false,"in_catalog":true,"images":{"miniature":["https:\/\/media.th4.com\/WjXiR3yV2pku_EmUrCY3R7Yr15dEPa9p8iTjH-VzEMg\/pr:80\/aHR0cDovL21lZGlhMi5kZXNpZ25wYXJ0bmVyLmZyL2MvcC8yMTk3NS8yMTk3NS0yNTI1Mi0xLndlYnA?v=1773657831","https:\/\/media.th4.com\/Qks9lMBjW5Npya6iRw57bUravUHwHHB-G7pkarP8u7E\/pr:80\/aHR0cDovL21lZGlhMi5kZXNpZ25wYXJ0bmVyLmZyL2MvcC8yMTk3NS8yMTk3NS0yNTI1Mi0yLndlYnA?v=1773657831","https:\/\/media.th4.com\/Y4BqA2o4dlmHxxUiREtlIOfkejXZOaMzYbVVEn43MSQ\/pr:80\/aHR0cDovL21lZGlhMi5kZXNpZ25wYXJ0bmVyLmZyL2MvcC8yMTk3NS8yMTk3NS0yNTI1Mi0zLndlYnA?v=1773657832"],"medium":["https:\/\/media.th4.com\/aA5Q07WL1fnDnxV3gIk0oKG5Uu68lGTb6OGQkCeUzRc\/pr:550x550\/aHR0cDovL21lZGlhMi5kZXNpZ25wYXJ0bmVyLmZyL2MvcC8yMTk3NS8yMTk3NS0yNTI1Mi0xLndlYnA?v=1773657831","https:\/\/media.th4.com\/EdApNBq-FMsgFUUoPX45wq-MIKpJBW14RaICJt3aNDQ\/pr:550x550\/aHR0cDovL21lZGlhMi5kZXNpZ25wYXJ0bmVyLmZyL2MvcC8yMTk3NS8yMTk3NS0yNTI1Mi0yLndlYnA?v=1773657831","https:\/\/media.th4.com\/6jGUwkh4x1-X212ejWS5OOR7ihAkfKXqMfa7QuR_J_E\/pr:550x550\/aHR0cDovL21lZGlhMi5kZXNpZ25wYXJ0bmVyLmZyL2MvcC8yMTk3NS8yMTk3NS0yNTI1Mi0zLndlYnA?v=1773657832"],"medium_large":["https:\/\/media.th4.com\/ooVSSjTmy4l0C-exNVDL68iq6cw45ZpyQCt2wsd8Xx4\/pr:1000x1000\/aHR0cDovL21lZGlhMi5kZXNpZ25wYXJ0bmVyLmZyL2MvcC8yMTk3NS8yMTk3NS0yNTI1Mi0xLndlYnA?v=1773657831","https:\/\/media.th4.com\/Zpdqx04d4z-e665WycizoGUpjZ5bVXB2Ush0noaBCmM\/pr:1000x1000\/aHR0cDovL21lZGlhMi5kZXNpZ25wYXJ0bmVyLmZyL2MvcC8yMTk3NS8yMTk3NS0yNTI1Mi0yLndlYnA?v=1773657831","https:\/\/media.th4.com\/2xlpn8Fz8uaovZ3C_9oelYwl5nYjPzuNCSZNN-D8BZo\/pr:1000x1000\/aHR0cDovL21lZGlhMi5kZXNpZ25wYXJ0bmVyLmZyL2MvcC8yMTk3NS8yMTk3NS0yNTI1Mi0zLndlYnA?v=1773657832"],"large":["https:\/\/media.th4.com\/8b_9FhJZ2IgiXdbbdYBEmhfceYu8gFMS_hLpiFv3OVo\/pr:1920\/aHR0cDovL21lZGlhMi5kZXNpZ25wYXJ0bmVyLmZyL2MvcC8yMTk3NS8yMTk3NS0yNTI1Mi0xLndlYnA?v=1773657831","https:\/\/media.th4.com\/cCw9y_2LyRDhj-dLUsX15ID38149e6fT53V5VinRlko\/pr:1920\/aHR0cDovL21lZGlhMi5kZXNpZ25wYXJ0bmVyLmZyL2MvcC8yMTk3NS8yMTk3NS0yNTI1Mi0yLndlYnA?v=1773657831","https:\/\/media.th4.com\/cI5GtRmwRbZyCn1Uym6hd079yc13_quDIaDD1aUOHvE\/pr:1920\/aHR0cDovL21lZGlhMi5kZXNpZ25wYXJ0bmVyLmZyL2MvcC8yMTk3NS8yMTk3NS0yNTI1Mi0zLndlYnA?v=1773657832"],"opengraph":["https:\/\/media.th4.com\/2bJ6-9ryvAXrbEKCMNHCzByCzO2sSTa412w4gTNsHJs\/pr:1200x630\/aHR0cDovL21lZGlhMi5kZXNpZ25wYXJ0bmVyLmZyL2MvcC8yMTk3NS8yMTk3NS0yNTI1Mi0xLndlYnA?v=1773657831","https:\/\/media.th4.com\/2IsWJlNH3JI0suHnCudPxlkQzkswQvvEWKVTn-e5uIU\/pr:1200x630\/aHR0cDovL21lZGlhMi5kZXNpZ25wYXJ0bmVyLmZyL2MvcC8yMTk3NS8yMTk3NS0yNTI1Mi0yLndlYnA?v=1773657831","https:\/\/media.th4.com\/KsrM_vgGxhZn5SZNckQ-FRsYLaRCeQyErBSPebS2RZo\/pr:1200x630\/aHR0cDovL21lZGlhMi5kZXNpZ25wYXJ0bmVyLmZyL2MvcC8yMTk3NS8yMTk3NS0yNTI1Mi0zLndlYnA?v=1773657832"]},"images_customization":{"miniature":["https:\/\/media.th4.com\/WjXiR3yV2pku_EmUrCY3R7Yr15dEPa9p8iTjH-VzEMg\/pr:80\/aHR0cDovL21lZGlhMi5kZXNpZ25wYXJ0bmVyLmZyL2MvcC8yMTk3NS8yMTk3NS0yNTI1Mi0xLndlYnA?v=1773657831","https:\/\/media.th4.com\/Qks9lMBjW5Npya6iRw57bUravUHwHHB-G7pkarP8u7E\/pr:80\/aHR0cDovL21lZGlhMi5kZXNpZ25wYXJ0bmVyLmZyL2MvcC8yMTk3NS8yMTk3NS0yNTI1Mi0yLndlYnA?v=1773657831","https:\/\/media.th4.com\/Y4BqA2o4dlmHxxUiREtlIOfkejXZOaMzYbVVEn43MSQ\/pr:80\/aHR0cDovL21lZGlhMi5kZXNpZ25wYXJ0bmVyLmZyL2MvcC8yMTk3NS8yMTk3NS0yNTI1Mi0zLndlYnA?v=1773657832"],"medium":["https:\/\/media.th4.com\/aA5Q07WL1fnDnxV3gIk0oKG5Uu68lGTb6OGQkCeUzRc\/pr:550x550\/aHR0cDovL21lZGlhMi5kZXNpZ25wYXJ0bmVyLmZyL2MvcC8yMTk3NS8yMTk3NS0yNTI1Mi0xLndlYnA?v=1773657831","https:\/\/media.th4.com\/EdApNBq-FMsgFUUoPX45wq-MIKpJBW14RaICJt3aNDQ\/pr:550x550\/aHR0cDovL21lZGlhMi5kZXNpZ25wYXJ0bmVyLmZyL2MvcC8yMTk3NS8yMTk3NS0yNTI1Mi0yLndlYnA?v=1773657831","https:\/\/media.th4.com\/6jGUwkh4x1-X212ejWS5OOR7ihAkfKXqMfa7QuR_J_E\/pr:550x550\/aHR0cDovL21lZGlhMi5kZXNpZ25wYXJ0bmVyLmZyL2MvcC8yMTk3NS8yMTk3NS0yNTI1Mi0zLndlYnA?v=1773657832"],"medium_large":["https:\/\/media.th4.com\/ooVSSjTmy4l0C-exNVDL68iq6cw45ZpyQCt2wsd8Xx4\/pr:1000x1000\/aHR0cDovL21lZGlhMi5kZXNpZ25wYXJ0bmVyLmZyL2MvcC8yMTk3NS8yMTk3NS0yNTI1Mi0xLndlYnA?v=1773657831","https:\/\/media.th4.com\/Zpdqx04d4z-e665WycizoGUpjZ5bVXB2Ush0noaBCmM\/pr:1000x1000\/aHR0cDovL21lZGlhMi5kZXNpZ25wYXJ0bmVyLmZyL2MvcC8yMTk3NS8yMTk3NS0yNTI1Mi0yLndlYnA?v=1773657831","https:\/\/media.th4.com\/2xlpn8Fz8uaovZ3C_9oelYwl5nYjPzuNCSZNN-D8BZo\/pr:1000x1000\/aHR0cDovL21lZGlhMi5kZXNpZ25wYXJ0bmVyLmZyL2MvcC8yMTk3NS8yMTk3NS0yNTI1Mi0zLndlYnA?v=1773657832"],"large":["https:\/\/media.th4.com\/8b_9FhJZ2IgiXdbbdYBEmhfceYu8gFMS_hLpiFv3OVo\/pr:1920\/aHR0cDovL21lZGlhMi5kZXNpZ25wYXJ0bmVyLmZyL2MvcC8yMTk3NS8yMTk3NS0yNTI1Mi0xLndlYnA?v=1773657831","https:\/\/media.th4.com\/cCw9y_2LyRDhj-dLUsX15ID38149e6fT53V5VinRlko\/pr:1920\/aHR0cDovL21lZGlhMi5kZXNpZ25wYXJ0bmVyLmZyL2MvcC8yMTk3NS8yMTk3NS0yNTI1Mi0yLndlYnA?v=1773657831","https:\/\/media.th4.com\/cI5GtRmwRbZyCn1Uym6hd079yc13_quDIaDD1aUOHvE\/pr:1920\/aHR0cDovL21lZGlhMi5kZXNpZ25wYXJ0bmVyLmZyL2MvcC8yMTk3NS8yMTk3NS0yNTI1Mi0zLndlYnA?v=1773657832"],"opengraph":["https:\/\/media.th4.com\/2bJ6-9ryvAXrbEKCMNHCzByCzO2sSTa412w4gTNsHJs\/pr:1200x630\/aHR0cDovL21lZGlhMi5kZXNpZ25wYXJ0bmVyLmZyL2MvcC8yMTk3NS8yMTk3NS0yNTI1Mi0xLndlYnA?v=1773657831","https:\/\/media.th4.com\/2IsWJlNH3JI0suHnCudPxlkQzkswQvvEWKVTn-e5uIU\/pr:1200x630\/aHR0cDovL21lZGlhMi5kZXNpZ25wYXJ0bmVyLmZyL2MvcC8yMTk3NS8yMTk3NS0yNTI1Mi0yLndlYnA?v=1773657831","https:\/\/media.th4.com\/KsrM_vgGxhZn5SZNckQ-FRsYLaRCeQyErBSPebS2RZo\/pr:1200x630\/aHR0cDovL21lZGlhMi5kZXNpZ25wYXJ0bmVyLmZyL2MvcC8yMTk3NS8yMTk3NS0yNTI1Mi0zLndlYnA?v=1773657832"]},"country_origin":"CN","traceability":{"manufacturing_country_id":61,"weaving_country_id":61,"dyeing_country_id":61},"sizes":[{"id":3,"article_id":541986,"class_id":3,"name":"S","on_standby":false,"stock_local":0,"stock_global":13,"multiple":1,"estimated_date_reassort":null,"is_destocking":false},{"id":2,"article_id":541985,"class_id":4,"name":"M","on_standby":false,"stock_local":0,"stock_global":16,"multiple":1,"estimated_date_reassort":null,"is_destocking":false},{"id":1,"article_id":541984,"class_id":5,"name":"L","on_standby":false,"stock_local":0,"stock_global":10,"multiple":1,"estimated_date_reassort":null,"is_destocking":false},{"id":4,"article_id":541987,"class_id":6,"name":"XL","on_standby":false,"stock_local":0,"stock_global":7,"multiple":1,"estimated_date_reassort":null,"is_destocking":false},{"id":1116,"article_id":541988,"class_id":7,"name":"2XL","on_standby":false,"stock_local":0,"stock_global":14,"multiple":1,"estimated_date_reassort":null,"is_destocking":false},{"id":1081,"article_id":541983,"class_id":8,"name":"3XL","on_standby":false,"stock_local":0,"stock_global":14,"multiple":1,"estimated_date_reassort":null,"is_destocking":false}],"page_links":{"fr":"\/fr\/p-pr-7725-knit-fleece-c-veste-7725-21975\/heather-red-25252\/","en":"\/en\/p-pr-7725-knit-fleece-c-jacket-7725-21975\/heather-red-25252\/","de":"\/de\/p-pr-7725-knit-fleece-c-jacke-7725-21975\/heather-red-25252\/","nl":"\/nl\/p-pr-7725-knit-fleece-c-jas-7725-21975\/heather-red-25252\/","es":"\/es\/p-pr-7725-chaqueta-de-forro-polar-de-punto-c-7725-21975\/heather-red-25252\/","it":"\/it\/p-pr-7725-giacca-in-knit-fleece-c-7725-21975\/heather-red-25252\/","sv":"\/sv\/p-pr-7725-stickad-fleecejacka-c-7725-21975\/heather-red-25252\/","pt":"\/pt\/p-pr-7725-casaco-knit-fleece-c-7725-21975\/heather-red-25252\/","da":"\/da\/p-pr-7725-knit-fleece-c-jakke-7725-21975\/heather-red-25252\/","pl":"\/pl\/p-pr-7725-dzianinowa-kurtka-polarowa-c-7725-21975\/heather-red-25252\/"},"page_links_customization":{"fr":"\/fr\/p-pr-7725-veste-polaire-c-7725-personnalisable-21975\/heather-red-25252\/custom\/","en":"\/en\/p-pr-7725-customizable-fleece-jacket-c-7725-21975\/heather-red-25252\/custom\/","de":"\/de\/p-pr-7725-personalisierbare-fleecejacke-c-7725-21975\/heather-red-25252\/custom\/","nl":"\/nl\/p-pr-7725-personaliseerbare-fleecejas-c-7725-21975\/heather-red-25252\/custom\/","es":"\/es\/p-pr-7725-chaqueta-polar-c-7725-personalizable-21975\/heather-red-25252\/custom\/","it":"\/it\/p-pr-7725-giacca-in-pile-c-7725-personalizzabile-21975\/heather-red-25252\/custom\/","sv":"\/sv\/p-pr-7725-anpassningsbar-fleecejacka-c-7725-21975\/heather-red-25252\/custom\/","pt":"\/pt\/p-pr-7725-casaco-polar-c-7725-personalizavel-21975\/heather-red-25252\/custom\/","da":"\/da\/p-pr-7725-fleecejakke-c-7725-kan-tilpasses-21975\/heather-red-25252\/custom\/","pl":"\/pl\/p-pr-7725-polarowa-kurtka-c-7725-z-mozliwoscia-personalizacji-21975\/heather-red-25252\/custom\/"}},{"id":11610,"name":"heather_blue","class_ids":[2],"codes_hexa":["B8D0DD"],"delai_24":false,"has_3d":false,"seuil_global":0,"stock_local":0,"stock_global":62,"on_standby":false,"in_catalog":true,"images":{"miniature":["https:\/\/media.th4.com\/g5FYbOwyKZdl30n8q2veX31bp9azuyjBSB38UkH7rrc\/pr:80\/aHR0cDovL21lZGlhMi5kZXNpZ25wYXJ0bmVyLmZyL2MvcC8yMTk3NS8yMTk3NS0xMTYxMC0xLndlYnA?v=1773657826","https:\/\/media.th4.com\/pKfyWECBiF9R2gBt-kLPrjiaqfniij-3BIogTY3gzDg\/pr:80\/aHR0cDovL21lZGlhMi5kZXNpZ25wYXJ0bmVyLmZyL2MvcC8yMTk3NS8yMTk3NS0xMTYxMC0yLndlYnA?v=1773657827","https:\/\/media.th4.com\/vvpc3VkDO8QnV6Rhu2S9kCYt0FO2S-1UwgZsp81bsdU\/pr:80\/aHR0cDovL21lZGlhMi5kZXNpZ25wYXJ0bmVyLmZyL2MvcC8yMTk3NS8yMTk3NS0xMTYxMC0zLndlYnA?v=1773657827"],"medium":["https:\/\/media.th4.com\/M9t0mV40wbCbW1OjGOiaHm_eZcsg7R_55Rumpb20lHg\/pr:550x550\/aHR0cDovL21lZGlhMi5kZXNpZ25wYXJ0bmVyLmZyL2MvcC8yMTk3NS8yMTk3NS0xMTYxMC0xLndlYnA?v=1773657826","https:\/\/media.th4.com\/ZlyXA2ENMI188pGUDL0kr8Qsvi4NEym0moOI5iEdGVo\/pr:550x550\/aHR0cDovL21lZGlhMi5kZXNpZ25wYXJ0bmVyLmZyL2MvcC8yMTk3NS8yMTk3NS0xMTYxMC0yLndlYnA?v=1773657827","https:\/\/media.th4.com\/y94g240T3v-600evuACjxhcbnnaRXX2tjKLDU8wK1hk\/pr:550x550\/aHR0cDovL21lZGlhMi5kZXNpZ25wYXJ0bmVyLmZyL2MvcC8yMTk3NS8yMTk3NS0xMTYxMC0zLndlYnA?v=1773657827"],"medium_large":["https:\/\/media.th4.com\/-_Fl7vc43H8kIjzd3tQ3iKTE_LnHFPND_W_i5yV0pi4\/pr:1000x1000\/aHR0cDovL21lZGlhMi5kZXNpZ25wYXJ0bmVyLmZyL2MvcC8yMTk3NS8yMTk3NS0xMTYxMC0xLndlYnA?v=1773657826","https:\/\/media.th4.com\/aJft0xwbVkpLmg3jucuulJ8fcDl9ktEBKl4Ii--iH80\/pr:1000x1000\/aHR0cDovL21lZGlhMi5kZXNpZ25wYXJ0bmVyLmZyL2MvcC8yMTk3NS8yMTk3NS0xMTYxMC0yLndlYnA?v=1773657827","https:\/\/media.th4.com\/5I3eVVDeMVuLdjqOiDMGBxcRso0DqMNCOeqIIPA3X0g\/pr:1000x1000\/aHR0cDovL21lZGlhMi5kZXNpZ25wYXJ0bmVyLmZyL2MvcC8yMTk3NS8yMTk3NS0xMTYxMC0zLndlYnA?v=1773657827"],"large":["https:\/\/media.th4.com\/W2jmvRnh4EwGcFpqUZreJgNjaUzCwEI4GsYbFwmu6IE\/pr:1920\/aHR0cDovL21lZGlhMi5kZXNpZ25wYXJ0bmVyLmZyL2MvcC8yMTk3NS8yMTk3NS0xMTYxMC0xLndlYnA?v=1773657826","https:\/\/media.th4.com\/vma4gcAzgZ3vq5PNSdz2vXBSk9r5l7INXGnZtXUF7U0\/pr:1920\/aHR0cDovL21lZGlhMi5kZXNpZ25wYXJ0bmVyLmZyL2MvcC8yMTk3NS8yMTk3NS0xMTYxMC0yLndlYnA?v=1773657827","https:\/\/media.th4.com\/2JaX5djj3w4AZaNZx2D_BPZd9X-TzWBb7t8zh8cfGzg\/pr:1920\/aHR0cDovL21lZGlhMi5kZXNpZ25wYXJ0bmVyLmZyL2MvcC8yMTk3NS8yMTk3NS0xMTYxMC0zLndlYnA?v=1773657827"],"opengraph":["https:\/\/media.th4.com\/eLygzkCUfL_naX7kMg9Wq6dgJxvlYSXxAVvidLT_FS4\/pr:1200x630\/aHR0cDovL21lZGlhMi5kZXNpZ25wYXJ0bmVyLmZyL2MvcC8yMTk3NS8yMTk3NS0xMTYxMC0xLndlYnA?v=1773657826","https:\/\/media.th4.com\/NFkGrLoG77CNR3BejtWcZ1dHfA0UkiK2SdGPSUEEj38\/pr:1200x630\/aHR0cDovL21lZGlhMi5kZXNpZ25wYXJ0bmVyLmZyL2MvcC8yMTk3NS8yMTk3NS0xMTYxMC0yLndlYnA?v=1773657827","https:\/\/media.th4.com\/ltVPFSs1OdAYtrxa0ZbILvGXaGBQd39rPWPRDsr2Fbs\/pr:1200x630\/aHR0cDovL21lZGlhMi5kZXNpZ25wYXJ0bmVyLmZyL2MvcC8yMTk3NS8yMTk3NS0xMTYxMC0zLndlYnA?v=1773657827"]},"images_customization":{"miniature":["https:\/\/media.th4.com\/g5FYbOwyKZdl30n8q2veX31bp9azuyjBSB38UkH7rrc\/pr:80\/aHR0cDovL21lZGlhMi5kZXNpZ25wYXJ0bmVyLmZyL2MvcC8yMTk3NS8yMTk3NS0xMTYxMC0xLndlYnA?v=1773657826","https:\/\/media.th4.com\/pKfyWECBiF9R2gBt-kLPrjiaqfniij-3BIogTY3gzDg\/pr:80\/aHR0cDovL21lZGlhMi5kZXNpZ25wYXJ0bmVyLmZyL2MvcC8yMTk3NS8yMTk3NS0xMTYxMC0yLndlYnA?v=1773657827","https:\/\/media.th4.com\/vvpc3VkDO8QnV6Rhu2S9kCYt0FO2S-1UwgZsp81bsdU\/pr:80\/aHR0cDovL21lZGlhMi5kZXNpZ25wYXJ0bmVyLmZyL2MvcC8yMTk3NS8yMTk3NS0xMTYxMC0zLndlYnA?v=1773657827"],"medium":["https:\/\/media.th4.com\/M9t0mV40wbCbW1OjGOiaHm_eZcsg7R_55Rumpb20lHg\/pr:550x550\/aHR0cDovL21lZGlhMi5kZXNpZ25wYXJ0bmVyLmZyL2MvcC8yMTk3NS8yMTk3NS0xMTYxMC0xLndlYnA?v=1773657826","https:\/\/media.th4.com\/ZlyXA2ENMI188pGUDL0kr8Qsvi4NEym0moOI5iEdGVo\/pr:550x550\/aHR0cDovL21lZGlhMi5kZXNpZ25wYXJ0bmVyLmZyL2MvcC8yMTk3NS8yMTk3NS0xMTYxMC0yLndlYnA?v=1773657827","https:\/\/media.th4.com\/y94g240T3v-600evuACjxhcbnnaRXX2tjKLDU8wK1hk\/pr:550x550\/aHR0cDovL21lZGlhMi5kZXNpZ25wYXJ0bmVyLmZyL2MvcC8yMTk3NS8yMTk3NS0xMTYxMC0zLndlYnA?v=1773657827"],"medium_large":["https:\/\/media.th4.com\/-_Fl7vc43H8kIjzd3tQ3iKTE_LnHFPND_W_i5yV0pi4\/pr:1000x1000\/aHR0cDovL21lZGlhMi5kZXNpZ25wYXJ0bmVyLmZyL2MvcC8yMTk3NS8yMTk3NS0xMTYxMC0xLndlYnA?v=1773657826","https:\/\/media.th4.com\/aJft0xwbVkpLmg3jucuulJ8fcDl9ktEBKl4Ii--iH80\/pr:1000x1000\/aHR0cDovL21lZGlhMi5kZXNpZ25wYXJ0bmVyLmZyL2MvcC8yMTk3NS8yMTk3NS0xMTYxMC0yLndlYnA?v=1773657827","https:\/\/media.th4.com\/5I3eVVDeMVuLdjqOiDMGBxcRso0DqMNCOeqIIPA3X0g\/pr:1000x1000\/aHR0cDovL21lZGlhMi5kZXNpZ25wYXJ0bmVyLmZyL2MvcC8yMTk3NS8yMTk3NS0xMTYxMC0zLndlYnA?v=1773657827"],"large":["https:\/\/media.th4.com\/W2jmvRnh4EwGcFpqUZreJgNjaUzCwEI4GsYbFwmu6IE\/pr:1920\/aHR0cDovL21lZGlhMi5kZXNpZ25wYXJ0bmVyLmZyL2MvcC8yMTk3NS8yMTk3NS0xMTYxMC0xLndlYnA?v=1773657826","https:\/\/media.th4.com\/vma4gcAzgZ3vq5PNSdz2vXBSk9r5l7INXGnZtXUF7U0\/pr:1920\/aHR0cDovL21lZGlhMi5kZXNpZ25wYXJ0bmVyLmZyL2MvcC8yMTk3NS8yMTk3NS0xMTYxMC0yLndlYnA?v=1773657827","https:\/\/media.th4.com\/2JaX5djj3w4AZaNZx2D_BPZd9X-TzWBb7t8zh8cfGzg\/pr:1920\/aHR0cDovL21lZGlhMi5kZXNpZ25wYXJ0bmVyLmZyL2MvcC8yMTk3NS8yMTk3NS0xMTYxMC0zLndlYnA?v=1773657827"],"opengraph":["https:\/\/media.th4.com\/eLygzkCUfL_naX7kMg9Wq6dgJxvlYSXxAVvidLT_FS4\/pr:1200x630\/aHR0cDovL21lZGlhMi5kZXNpZ25wYXJ0bmVyLmZyL2MvcC8yMTk3NS8yMTk3NS0xMTYxMC0xLndlYnA?v=1773657826","https:\/\/media.th4.com\/NFkGrLoG77CNR3BejtWcZ1dHfA0UkiK2SdGPSUEEj38\/pr:1200x630\/aHR0cDovL21lZGlhMi5kZXNpZ25wYXJ0bmVyLmZyL2MvcC8yMTk3NS8yMTk3NS0xMTYxMC0yLndlYnA?v=1773657827","https:\/\/media.th4.com\/ltVPFSs1OdAYtrxa0ZbILvGXaGBQd39rPWPRDsr2Fbs\/pr:1200x630\/aHR0cDovL21lZGlhMi5kZXNpZ25wYXJ0bmVyLmZyL2MvcC8yMTk3NS8yMTk3NS0xMTYxMC0zLndlYnA?v=1773657827"]},"country_origin":"CN","traceability":{"manufacturing_country_id":61,"weaving_country_id":61,"dyeing_country_id":61},"sizes":[{"id":3,"article_id":541974,"class_id":3,"name":"S","on_standby":false,"stock_local":0,"stock_global":6,"multiple":1,"estimated_date_reassort":null,"is_destocking":false},{"id":2,"article_id":541973,"class_id":4,"name":"M","on_standby":false,"stock_local":0,"stock_global":7,"multiple":1,"estimated_date_reassort":null,"is_destocking":false},{"id":1,"article_id":541972,"class_id":5,"name":"L","on_standby":false,"stock_local":0,"stock_global":9,"multiple":1,"estimated_date_reassort":null,"is_destocking":false},{"id":4,"article_id":541975,"class_id":6,"name":"XL","on_standby":false,"stock_local":0,"stock_global":11,"multiple":1,"estimated_date_reassort":null,"is_destocking":false},{"id":1116,"article_id":541976,"class_id":7,"name":"2XL","on_standby":false,"stock_local":0,"stock_global":21,"multiple":1,"estimated_date_reassort":null,"is_destocking":false},{"id":1081,"article_id":541971,"class_id":8,"name":"3XL","on_standby":false,"stock_local":0,"stock_global":8,"multiple":1,"estimated_date_reassort":null,"is_destocking":false}],"page_links":{"fr":"\/fr\/p-pr-7725-knit-fleece-c-veste-7725-21975\/heather-blue-11610\/","en":"\/en\/p-pr-7725-knit-fleece-c-jacket-7725-21975\/heather-blue-11610\/","de":"\/de\/p-pr-7725-knit-fleece-c-jacke-7725-21975\/heather-blue-11610\/","nl":"\/nl\/p-pr-7725-knit-fleece-c-jas-7725-21975\/heather-blue-11610\/","es":"\/es\/p-pr-7725-chaqueta-de-forro-polar-de-punto-c-7725-21975\/heather-blue-11610\/","it":"\/it\/p-pr-7725-giacca-in-knit-fleece-c-7725-21975\/heather-blue-11610\/","sv":"\/sv\/p-pr-7725-stickad-fleecejacka-c-7725-21975\/heather-blue-11610\/","pt":"\/pt\/p-pr-7725-casaco-knit-fleece-c-7725-21975\/heather-blue-11610\/","da":"\/da\/p-pr-7725-knit-fleece-c-jakke-7725-21975\/heather-blue-11610\/","pl":"\/pl\/p-pr-7725-dzianinowa-kurtka-polarowa-c-7725-21975\/heather-blue-11610\/"},"page_links_customization":{"fr":"\/fr\/p-pr-7725-veste-polaire-c-7725-personnalisable-21975\/heather-blue-11610\/custom\/","en":"\/en\/p-pr-7725-customizable-fleece-jacket-c-7725-21975\/heather-blue-11610\/custom\/","de":"\/de\/p-pr-7725-personalisierbare-fleecejacke-c-7725-21975\/heather-blue-11610\/custom\/","nl":"\/nl\/p-pr-7725-personaliseerbare-fleecejas-c-7725-21975\/heather-blue-11610\/custom\/","es":"\/es\/p-pr-7725-chaqueta-polar-c-7725-personalizable-21975\/heather-blue-11610\/custom\/","it":"\/it\/p-pr-7725-giacca-in-pile-c-7725-personalizzabile-21975\/heather-blue-11610\/custom\/","sv":"\/sv\/p-pr-7725-anpassningsbar-fleecejacka-c-7725-21975\/heather-blue-11610\/custom\/","pt":"\/pt\/p-pr-7725-casaco-polar-c-7725-personalizavel-21975\/heather-blue-11610\/custom\/","da":"\/da\/p-pr-7725-fleecejakke-c-7725-kan-tilpasses-21975\/heather-blue-11610\/custom\/","pl":"\/pl\/p-pr-7725-polarowa-kurtka-c-7725-z-mozliwoscia-personalizacji-21975\/heather-blue-11610\/custom\/"}},{"id":25251,"name":"heather_grey","class_ids":[3],"codes_hexa":["EDE9E6"],"delai_24":false,"has_3d":false,"seuil_global":0,"stock_local":0,"stock_global":55,"on_standby":false,"in_catalog":true,"images":{"miniature":["https:\/\/media.th4.com\/yP4wmrDwu7aF1ANjt0N2lnPtMacgDxXz4_ytJo-8W_U\/pr:80\/aHR0cDovL21lZGlhMi5kZXNpZ25wYXJ0bmVyLmZyL2MvcC8yMTk3NS8yMTk3NS0yNTI1MS0xLndlYnA?v=1773657828","https:\/\/media.th4.com\/EhG4kyOVn2FYx19S2ZaXNxuQxTXi-eWLkicpD-1rULk\/pr:80\/aHR0cDovL21lZGlhMi5kZXNpZ25wYXJ0bmVyLmZyL2MvcC8yMTk3NS8yMTk3NS0yNTI1MS0yLndlYnA?v=1773657829","https:\/\/media.th4.com\/iAiLK6yDTWImzDdna-wD_e88oofH92zv1ju8FFfIKoo\/pr:80\/aHR0cDovL21lZGlhMi5kZXNpZ25wYXJ0bmVyLmZyL2MvcC8yMTk3NS8yMTk3NS0yNTI1MS0zLndlYnA?v=1773657830"],"medium":["https:\/\/media.th4.com\/eeqNPpe3uR8IC9QGzG-vlvZoeOI7Mxq6TmCcrBsgDWU\/pr:550x550\/aHR0cDovL21lZGlhMi5kZXNpZ25wYXJ0bmVyLmZyL2MvcC8yMTk3NS8yMTk3NS0yNTI1MS0xLndlYnA?v=1773657828","https:\/\/media.th4.com\/RG6xgvXqOG8bPbM12MUwo1DWWcv1gwyizVCiPmmezQo\/pr:550x550\/aHR0cDovL21lZGlhMi5kZXNpZ25wYXJ0bmVyLmZyL2MvcC8yMTk3NS8yMTk3NS0yNTI1MS0yLndlYnA?v=1773657829","https:\/\/media.th4.com\/IywUsna7owNtrBVpEuAzumJTkc0fMZQolMXRPl-jQsw\/pr:550x550\/aHR0cDovL21lZGlhMi5kZXNpZ25wYXJ0bmVyLmZyL2MvcC8yMTk3NS8yMTk3NS0yNTI1MS0zLndlYnA?v=1773657830"],"medium_large":["https:\/\/media.th4.com\/OdBTgD_3tZrEe3Vfoxb4FzJfmgzF-GQWK5jd4qxVsyY\/pr:1000x1000\/aHR0cDovL21lZGlhMi5kZXNpZ25wYXJ0bmVyLmZyL2MvcC8yMTk3NS8yMTk3NS0yNTI1MS0xLndlYnA?v=1773657828","https:\/\/media.th4.com\/TFEz_shUfxjR_fVg5_TL_n33nWp1OstE1kLqvDGHckM\/pr:1000x1000\/aHR0cDovL21lZGlhMi5kZXNpZ25wYXJ0bmVyLmZyL2MvcC8yMTk3NS8yMTk3NS0yNTI1MS0yLndlYnA?v=1773657829","https:\/\/media.th4.com\/V0B2VL4xIX9EObeSkQ1cF7aP_Sp7SSrKPS14hNDYpzo\/pr:1000x1000\/aHR0cDovL21lZGlhMi5kZXNpZ25wYXJ0bmVyLmZyL2MvcC8yMTk3NS8yMTk3NS0yNTI1MS0zLndlYnA?v=1773657830"],"large":["https:\/\/media.th4.com\/H9qmFt81fPsEIMenh_OBml1AG2BIZ9BJaBbdDvXsLlY\/pr:1920\/aHR0cDovL21lZGlhMi5kZXNpZ25wYXJ0bmVyLmZyL2MvcC8yMTk3NS8yMTk3NS0yNTI1MS0xLndlYnA?v=1773657828","https:\/\/media.th4.com\/QzgS0tM_jF0QKwDFfwewewuWHPAC0h0lPaCLfEhM69w\/pr:1920\/aHR0cDovL21lZGlhMi5kZXNpZ25wYXJ0bmVyLmZyL2MvcC8yMTk3NS8yMTk3NS0yNTI1MS0yLndlYnA?v=1773657829","https:\/\/media.th4.com\/pKQnPKSIYGL4LOXIr6sH6ety5Va3xyZjfnOnD5N6PNk\/pr:1920\/aHR0cDovL21lZGlhMi5kZXNpZ25wYXJ0bmVyLmZyL2MvcC8yMTk3NS8yMTk3NS0yNTI1MS0zLndlYnA?v=1773657830"],"opengraph":["https:\/\/media.th4.com\/hnOA9VYozQHfgsHQM54m4qGIiAeq0Ud2GFjc_DI6xjo\/pr:1200x630\/aHR0cDovL21lZGlhMi5kZXNpZ25wYXJ0bmVyLmZyL2MvcC8yMTk3NS8yMTk3NS0yNTI1MS0xLndlYnA?v=1773657828","https:\/\/media.th4.com\/ZaDAZ7jxG4FwfY9v8VAF1u2_Ubo_YpjL3ZB6B8SWeEc\/pr:1200x630\/aHR0cDovL21lZGlhMi5kZXNpZ25wYXJ0bmVyLmZyL2MvcC8yMTk3NS8yMTk3NS0yNTI1MS0yLndlYnA?v=1773657829","https:\/\/media.th4.com\/W9EzfWO4J2PyQ93jd5ng9vBCqd2Z6uq6qRrKDUDzZ08\/pr:1200x630\/aHR0cDovL21lZGlhMi5kZXNpZ25wYXJ0bmVyLmZyL2MvcC8yMTk3NS8yMTk3NS0yNTI1MS0zLndlYnA?v=1773657830"]},"images_customization":{"miniature":["https:\/\/media.th4.com\/yP4wmrDwu7aF1ANjt0N2lnPtMacgDxXz4_ytJo-8W_U\/pr:80\/aHR0cDovL21lZGlhMi5kZXNpZ25wYXJ0bmVyLmZyL2MvcC8yMTk3NS8yMTk3NS0yNTI1MS0xLndlYnA?v=1773657828","https:\/\/media.th4.com\/EhG4kyOVn2FYx19S2ZaXNxuQxTXi-eWLkicpD-1rULk\/pr:80\/aHR0cDovL21lZGlhMi5kZXNpZ25wYXJ0bmVyLmZyL2MvcC8yMTk3NS8yMTk3NS0yNTI1MS0yLndlYnA?v=1773657829","https:\/\/media.th4.com\/iAiLK6yDTWImzDdna-wD_e88oofH92zv1ju8FFfIKoo\/pr:80\/aHR0cDovL21lZGlhMi5kZXNpZ25wYXJ0bmVyLmZyL2MvcC8yMTk3NS8yMTk3NS0yNTI1MS0zLndlYnA?v=1773657830"],"medium":["https:\/\/media.th4.com\/eeqNPpe3uR8IC9QGzG-vlvZoeOI7Mxq6TmCcrBsgDWU\/pr:550x550\/aHR0cDovL21lZGlhMi5kZXNpZ25wYXJ0bmVyLmZyL2MvcC8yMTk3NS8yMTk3NS0yNTI1MS0xLndlYnA?v=1773657828","https:\/\/media.th4.com\/RG6xgvXqOG8bPbM12MUwo1DWWcv1gwyizVCiPmmezQo\/pr:550x550\/aHR0cDovL21lZGlhMi5kZXNpZ25wYXJ0bmVyLmZyL2MvcC8yMTk3NS8yMTk3NS0yNTI1MS0yLndlYnA?v=1773657829","https:\/\/media.th4.com\/IywUsna7owNtrBVpEuAzumJTkc0fMZQolMXRPl-jQsw\/pr:550x550\/aHR0cDovL21lZGlhMi5kZXNpZ25wYXJ0bmVyLmZyL2MvcC8yMTk3NS8yMTk3NS0yNTI1MS0zLndlYnA?v=1773657830"],"medium_large":["https:\/\/media.th4.com\/OdBTgD_3tZrEe3Vfoxb4FzJfmgzF-GQWK5jd4qxVsyY\/pr:1000x1000\/aHR0cDovL21lZGlhMi5kZXNpZ25wYXJ0bmVyLmZyL2MvcC8yMTk3NS8yMTk3NS0yNTI1MS0xLndlYnA?v=1773657828","https:\/\/media.th4.com\/TFEz_shUfxjR_fVg5_TL_n33nWp1OstE1kLqvDGHckM\/pr:1000x1000\/aHR0cDovL21lZGlhMi5kZXNpZ25wYXJ0bmVyLmZyL2MvcC8yMTk3NS8yMTk3NS0yNTI1MS0yLndlYnA?v=1773657829","https:\/\/media.th4.com\/V0B2VL4xIX9EObeSkQ1cF7aP_Sp7SSrKPS14hNDYpzo\/pr:1000x1000\/aHR0cDovL21lZGlhMi5kZXNpZ25wYXJ0bmVyLmZyL2MvcC8yMTk3NS8yMTk3NS0yNTI1MS0zLndlYnA?v=1773657830"],"large":["https:\/\/media.th4.com\/H9qmFt81fPsEIMenh_OBml1AG2BIZ9BJaBbdDvXsLlY\/pr:1920\/aHR0cDovL21lZGlhMi5kZXNpZ25wYXJ0bmVyLmZyL2MvcC8yMTk3NS8yMTk3NS0yNTI1MS0xLndlYnA?v=1773657828","https:\/\/media.th4.com\/QzgS0tM_jF0QKwDFfwewewuWHPAC0h0lPaCLfEhM69w\/pr:1920\/aHR0cDovL21lZGlhMi5kZXNpZ25wYXJ0bmVyLmZyL2MvcC8yMTk3NS8yMTk3NS0yNTI1MS0yLndlYnA?v=1773657829","https:\/\/media.th4.com\/pKQnPKSIYGL4LOXIr6sH6ety5Va3xyZjfnOnD5N6PNk\/pr:1920\/aHR0cDovL21lZGlhMi5kZXNpZ25wYXJ0bmVyLmZyL2MvcC8yMTk3NS8yMTk3NS0yNTI1MS0zLndlYnA?v=1773657830"],"opengraph":["https:\/\/media.th4.com\/hnOA9VYozQHfgsHQM54m4qGIiAeq0Ud2GFjc_DI6xjo\/pr:1200x630\/aHR0cDovL21lZGlhMi5kZXNpZ25wYXJ0bmVyLmZyL2MvcC8yMTk3NS8yMTk3NS0yNTI1MS0xLndlYnA?v=1773657828","https:\/\/media.th4.com\/ZaDAZ7jxG4FwfY9v8VAF1u2_Ubo_YpjL3ZB6B8SWeEc\/pr:1200x630\/aHR0cDovL21lZGlhMi5kZXNpZ25wYXJ0bmVyLmZyL2MvcC8yMTk3NS8yMTk3NS0yNTI1MS0yLndlYnA?v=1773657829","https:\/\/media.th4.com\/W9EzfWO4J2PyQ93jd5ng9vBCqd2Z6uq6qRrKDUDzZ08\/pr:1200x630\/aHR0cDovL21lZGlhMi5kZXNpZ25wYXJ0bmVyLmZyL2MvcC8yMTk3NS8yMTk3NS0yNTI1MS0zLndlYnA?v=1773657830"]},"country_origin":"CN","traceability":{"manufacturing_country_id":61,"weaving_country_id":61,"dyeing_country_id":61},"sizes":[{"id":3,"article_id":541980,"class_id":3,"name":"S","on_standby":false,"stock_local":0,"stock_global":10,"multiple":1,"estimated_date_reassort":null,"is_destocking":false},{"id":2,"article_id":541979,"class_id":4,"name":"M","on_standby":false,"stock_local":0,"stock_global":19,"multiple":1,"estimated_date_reassort":null,"is_destocking":false},{"id":4,"article_id":541981,"class_id":6,"name":"XL","on_standby":false,"stock_local":0,"stock_global":8,"multiple":1,"estimated_date_reassort":null,"is_destocking":false},{"id":1116,"article_id":541982,"class_id":7,"name":"2XL","on_standby":false,"stock_local":0,"stock_global":10,"multiple":1,"estimated_date_reassort":null,"is_destocking":false},{"id":1081,"article_id":541977,"class_id":8,"name":"3XL","on_standby":false,"stock_local":0,"stock_global":8,"multiple":1,"estimated_date_reassort":null,"is_destocking":false}],"page_links":{"fr":"\/fr\/p-pr-7725-knit-fleece-c-veste-7725-21975\/heather-grey-25251\/","en":"\/en\/p-pr-7725-knit-fleece-c-jacket-7725-21975\/heather-grey-25251\/","de":"\/de\/p-pr-7725-knit-fleece-c-jacke-7725-21975\/heather-grey-25251\/","nl":"\/nl\/p-pr-7725-knit-fleece-c-jas-7725-21975\/heather-grey-25251\/","es":"\/es\/p-pr-7725-chaqueta-de-forro-polar-de-punto-c-7725-21975\/heather-grey-25251\/","it":"\/it\/p-pr-7725-giacca-in-knit-fleece-c-7725-21975\/heather-grey-25251\/","sv":"\/sv\/p-pr-7725-stickad-fleecejacka-c-7725-21975\/heather-grey-25251\/","pt":"\/pt\/p-pr-7725-casaco-knit-fleece-c-7725-21975\/heather-grey-25251\/","da":"\/da\/p-pr-7725-knit-fleece-c-jakke-7725-21975\/heather-grey-25251\/","pl":"\/pl\/p-pr-7725-dzianinowa-kurtka-polarowa-c-7725-21975\/heather-grey-25251\/"},"page_links_customization":{"fr":"\/fr\/p-pr-7725-veste-polaire-c-7725-personnalisable-21975\/heather-grey-25251\/custom\/","en":"\/en\/p-pr-7725-customizable-fleece-jacket-c-7725-21975\/heather-grey-25251\/custom\/","de":"\/de\/p-pr-7725-personalisierbare-fleecejacke-c-7725-21975\/heather-grey-25251\/custom\/","nl":"\/nl\/p-pr-7725-personaliseerbare-fleecejas-c-7725-21975\/heather-grey-25251\/custom\/","es":"\/es\/p-pr-7725-chaqueta-polar-c-7725-personalizable-21975\/heather-grey-25251\/custom\/","it":"\/it\/p-pr-7725-giacca-in-pile-c-7725-personalizzabile-21975\/heather-grey-25251\/custom\/","sv":"\/sv\/p-pr-7725-anpassningsbar-fleecejacka-c-7725-21975\/heather-grey-25251\/custom\/","pt":"\/pt\/p-pr-7725-casaco-polar-c-7725-personalizavel-21975\/heather-grey-25251\/custom\/","da":"\/da\/p-pr-7725-fleecejakke-c-7725-kan-tilpasses-21975\/heather-grey-25251\/custom\/","pl":"\/pl\/p-pr-7725-polarowa-kurtka-c-7725-z-mozliwoscia-personalizacji-21975\/heather-grey-25251\/custom\/"}}],"documentation_link":"\/pdf\/21975.pdf","countries_availables":["AD","AE","AL","AT","BA","BD","BE","BG","BL","CA","CH","CN","CO","CY","CZ","DE","DK","DO","EE","EG","ES","ET","FI","FR","GB","GE","GF","GP","GR","GT","HK","HN","HR","HT","HU","ID","IE","IN","IS","IT","JO","JP","KE","KH","KP","KR","LA","LK","LS","LT","LU","LV","MA","MF","MG","MK","MM","MN","MQ","MT","MX","MY","NC","NI","NL","PF","PH","PK","PL","PM","PT","RE","RO","SE","SG","SI","SK","SV","SY","TH","TN","TR","TW","TZ","US","VN","WF","YT"]},"infos_customization":[],"features":{"authorize_multi_surfaces":true,"display_order_delay_type":true,"promote_surface_display":true,"tarification_franco_offert":true,"enabled_3d_editor":false},"markings":[{"id":0,"nom":"vierge","finition":null,"libelle":null,"code":null,"dpi":null,"finesse_forme_isolee":null,"finesse_forme_non_isolee":null,"hauteur_minimale_texte":null,"inactif":0,"marquage_interne":1,"quantite_min":null,"parent_id":null,"print_on_support":0,"content":"vierge","description":null},{"id":2,"nom":"fonce","finition":"optimale","libelle":"TopQuadri","code":null,"dpi":400,"finesse_forme_isolee":"0.040","finesse_forme_non_isolee":"0.700","hauteur_minimale_texte":2,"inactif":0,"marquage_interne":1,"quantite_min":null,"parent_id":18,"print_on_support":0,"content":"TopQuadri","description":"pour petites et moyennes s\u00e9ries"},{"id":3,"nom":"serigraphie","finition":"serigraphie","libelle":"SeriCoat","code":null,"dpi":400,"finesse_forme_isolee":"0.040","finesse_forme_non_isolee":"0.700","hauteur_minimale_texte":2,"inactif":0,"marquage_interne":1,"quantite_min":15,"parent_id":18,"print_on_support":0,"content":"SeriCoat","description":"pour moyennes et grandes s\u00e9ries"},{"id":4,"nom":"broderie","finition":"broderie","libelle":"Broderie","code":null,"dpi":400,"finesse_forme_isolee":"0.040","finesse_forme_non_isolee":"0.700","hauteur_minimale_texte":3,"inactif":0,"marquage_interne":1,"quantite_min":null,"parent_id":null,"print_on_support":0,"content":"Broderie","description":null},{"id":8,"nom":"theme","finition":null,"libelle":"Th\u00e8me","code":null,"dpi":null,"finesse_forme_isolee":null,"finesse_forme_non_isolee":null,"hauteur_minimale_texte":null,"inactif":0,"marquage_interne":1,"quantite_min":null,"parent_id":null,"print_on_support":0,"content":"Th\u00e8me","description":null},{"id":9,"nom":"sans","finition":null,"libelle":null,"code":null,"dpi":null,"finesse_forme_isolee":null,"finesse_forme_non_isolee":null,"hauteur_minimale_texte":null,"inactif":0,"marquage_interne":1,"quantite_min":null,"parent_id":null,"print_on_support":0,"content":"sans","description":null},{"id":10,"nom":"photo","finition":null,"libelle":"Photo","code":null,"dpi":null,"finesse_forme_isolee":null,"finesse_forme_non_isolee":null,"hauteur_minimale_texte":null,"inactif":0,"marquage_interne":1,"quantite_min":null,"parent_id":null,"print_on_support":0,"content":"Photo","description":null},{"id":14,"nom":"couleur","finition":null,"libelle":"Couleur","code":null,"dpi":null,"finesse_forme_isolee":null,"finesse_forme_non_isolee":null,"hauteur_minimale_texte":null,"inactif":0,"marquage_interne":1,"quantite_min":null,"parent_id":null,"print_on_support":0,"content":"Couleur","description":null},{"id":15,"nom":"sublimation","finition":"sublimation","libelle":"Sublimation","code":null,"dpi":null,"finesse_forme_isolee":"0.000","finesse_forme_non_isolee":"0.000","hauteur_minimale_texte":2,"inactif":0,"marquage_interne":1,"quantite_min":null,"parent_id":null,"print_on_support":0,"content":"Sublimation","description":null},{"id":16,"nom":"topquadri_uv","finition":null,"libelle":"TopQuadri UV","code":null,"dpi":null,"finesse_forme_isolee":"0.020","finesse_forme_non_isolee":"0.700","hauteur_minimale_texte":2,"inactif":0,"marquage_interne":1,"quantite_min":null,"parent_id":null,"print_on_support":1,"content":null,"description":null},{"id":17,"nom":"topquadri_uvp","finition":null,"libelle":"TopQuadri UVP","code":null,"dpi":null,"finesse_forme_isolee":"0.020","finesse_forme_non_isolee":"0.700","hauteur_minimale_texte":2,"inactif":0,"marquage_interne":1,"quantite_min":null,"parent_id":null,"print_on_support":1,"content":null,"description":null},{"id":18,"nom":"quadri","finition":null,"libelle":"Impression","code":null,"dpi":null,"finesse_forme_isolee":null,"finesse_forme_non_isolee":null,"hauteur_minimale_texte":null,"inactif":0,"marquage_interne":1,"quantite_min":null,"parent_id":null,"print_on_support":0,"content":null,"description":null}]}}