{"data":{"product":{"id":21974,"titre":"Men's Knit Fleece Jacket C\u207a","description":"Veste polaire tricot\u00e9e homme. Veste polaire tricot\u00e9e. Col montant. Int\u00e9rieur bross\u00e9. Fermeture grand zip et poches frontales contrast\u00e9es. Coupe ajust\u00e9e. Composition : 100 % polyester.","genre":"homme","grammage":300,"conditionnement":10,"composition":"polyester,polyester_uniquement","reference":"pr-7720","reference_visible":"pr-7720","reference_fabricant":"7720","ref_xor":"721811","in_catalog":true,"is_transfer":false,"is_service":false,"on_standby":false,"has_3d":true,"has_size_guide":false,"has_marking":true,"has_vierge":true,"is_cross_sellable":false,"id_picto":15,"filename_3d":"picto-15","brand":{"id":154,"name":"Promodoro","logo":"logo-promodoro.png","image":"https:\/\/media.th4.com\/pfJDeuQIb_1LhflfsUyeyAhr4hLnU-nV55lPlVDhYUQ\/pr:brand70x70\/aHR0cDovL21lZGlhMi5kZXNpZ25wYXJ0bmVyLmZyL2MvbS9sb2dvLXByb21vZG9yby5wbmc?v=1773736567"},"price_infos":{"price_from":35.95,"quantity":40,"color":{"id":25251,"name":"heather_grey"},"size":{"id":1,"name":"L"}},"price_infos_marking":{"price_from":44.09,"quantity":30,"color":{"id":25251,"name":"heather_grey"},"size":{"id":1,"name":"L"},"marking":{"id":4,"name":""},"emplacement":"avant","surface_emplacement_id":1,"surface":"coeur"},"i18n":{"blank":{"title":{"fr":"Knit fleece c veste PROMODORO 7720","en":"Knit fleece c jacket PROMODORO 7720","de":"Knit fleece c Jacke PROMODORO 7720","nl":"Knit fleece c jas PROMODORO 7720","es":"Chaqueta knit fleece c PROMODORO 7720","it":"Giacca in pile lavorato a maglia c PROMODORO 7720","sv":"Stickad fleecejacka c PROMODORO 7720","pt":"Casaco knit fleece c PROMODORO 7720","da":"Strikket fleecejakke c PROMODORO 7720","pl":"Dzianinowa bluza polarowa c PROMODORO 7720"},"description":{"fr":"La Knit Fleece c est une veste polaire tricot\u00e9e pour homme, adapt\u00e9e \u00e0 un usage quotidien par temps frais. Sa coupe ajust\u00e9e, son col montant et son int\u00e9rieur bross\u00e9 apportent une tenue confortable. Le grand zip en ouverture centrale et les poches frontales contrast\u00e9es facilitent l'utilisation au quotidien.\n\n- Composition : 100 % polyester\n- Col montant\n- Int\u00e9rieur bross\u00e9\n- Coupe ajust\u00e9e","en":"The Knit Fleece c is a men's knitted fleece jacket, suitable for everyday use in cool weather. Its fitted cut, stand-up collar and brushed interior provide comfortable wear. The full-length central zipper and contrasting front pockets make everyday use easier.\n\n- Composition: 100% polyester\n- Stand-up collar\n- Brushed interior\n- Fitted cut","de":"Die Knit Fleece c ist eine Strickfleecejacke f\u00fcr Herren, geeignet f\u00fcr den t\u00e4glichen Gebrauch bei k\u00fchlem Wetter. Ihre taillierte Passform, ihr Stehkragen und ihre geb\u00fcrstete Innenseite sorgen f\u00fcr angenehmen Tragekomfort. Der gro\u00dfe Rei\u00dfverschluss in der vorderen Mitte und die kontrastierenden Fronttaschen erleichtern die t\u00e4gliche Nutzung.\n\n- Zusammensetzung: 100 % Polyester\n- Stehkragen\n- Geb\u00fcrstete Innenseite\n- Taillierte Passform","nl":"De Knit Fleece c is een gebreid fleecejas voor heren, geschikt voor dagelijks gebruik bij koel weer. De getailleerde pasvorm, de opstaande kraag en de geborstelde binnenkant zorgen voor comfortabel draagcomfort. De grote ritssluiting in de middenopening en de contrasterende voorzakken vergemakkelijken het dagelijks gebruik.\n\n- Samenstelling: 100 % polyester\n- Opstaande kraag\n- Geborstelde binnenkant\n- Getailleerde pasvorm","es":"La Knit Fleece c es una chaqueta polar de punto para hombre, adecuada para el uso diario en tiempo fresco. Su corte entallado, su cuello alto y su interior cepillado aportan una comodidad agradable. La cremallera grande en la apertura central y los bolsillos frontales en contraste facilitan el uso diario.\n\n- Composici\u00f3n: 100 % poli\u00e9ster\n- Cuello alto\n- Interior cepillado\n- Corte entallado","it":"La Knit Fleece c \u00e8 una giacca in pile lavorato a maglia da uomo, adatta all'uso quotidiano con clima fresco. Il taglio aderente, il collo alto e l'interno spazzolato assicurano una vestibilit\u00e0 confortevole. La grande zip con apertura centrale e le tasche frontali a contrasto facilitano l'uso quotidiano.\n\n- Composizione: 100 % poliestere\n- Collo alto\n- Interno spazzolato\n- Taglio aderente","sv":"Knit Fleece c \u00e4r en stickad fleecejacka f\u00f6r herr, anpassad f\u00f6r daglig anv\u00e4ndning i svalt v\u00e4der. Den figurn\u00e4ra passformen, den h\u00f6ga kragen och den borstade insidan ger en bekv\u00e4m k\u00e4nsla. Den stora dragkedjan i mitt\u00f6ppningen och de kontrasterande framfickorna underl\u00e4ttar den dagliga anv\u00e4ndningen.\n\n- Sammans\u00e4ttning: 100 % polyester\n- H\u00f6g krage\n- Borstad insida\n- Figurn\u00e4ra passform","pt":"A Knit Fleece c \u00e9 um casaco polar tricotado para homem, adequado para uso di\u00e1rio em tempo fresco. O seu corte ajustado, a gola alta e o interior escovado proporcionam um uso confort\u00e1vel. O fecho grande na abertura central e os bolsos frontais contrastantes facilitam a utiliza\u00e7\u00e3o di\u00e1ria.\n\n- Composi\u00e7\u00e3o: 100 % poli\u00e9ster\n- Gola alta\n- Interior escovado\n- Corte ajustado","da":"Knit Fleece c er en strikket fleecejakke til herrer, velegnet til daglig brug i k\u00f8ligt vejr. Den figursyede pasform, den h\u00f8je krave og den b\u00f8rstede inderside giver en behagelig pasform. Den store lynl\u00e5s i midter\u00e5bningen og de kontrastfarvede frontlommer g\u00f8r den praktisk i hverdagen.\n\n- Sammens\u00e6tning: 100 % polyester\n- H\u00f8j krave\n- B\u00f8rstet inderside\n- Figursyet pasform","pl":"Knit Fleece c to m\u0119ska dzianinowa bluza polarowa, odpowiednia do codziennego u\u017cytkowania w ch\u0142odne dni. Dopasowany kr\u00f3j, st\u00f3jka i szczotkowane wn\u0119trze zapewniaj\u0105 wygodne noszenie. Du\u017cy zamek na \u015brodku z przodu i kontrastowe kieszenie z przodu u\u0142atwiaj\u0105 codzienne u\u017cytkowanie.\n\n- Sk\u0142ad: 100 % poliester\n- St\u00f3jka\n- Szczotkowane wn\u0119trze\n- Dopasowany kr\u00f3j"},"h1":{"fr":"Knit fleece c veste 7720","en":"Knit fleece c jacket 7720","de":"Knit fleece c Jacke 7720","nl":"Knit fleece c jas 7720","es":"Chaqueta knit fleece c 7720","it":"Giacca in pile lavorato a maglia c 7720","sv":"Stickad fleecejacka c 7720","pt":"Casaco knit fleece c 7720","da":"Strikket fleecejakke c 7720","pl":"Dzianinowa bluza polarowa c 7720"},"meta_description":{"fr":"Veste polaire tricot\u00e9e pour homme avec col montant, int\u00e9rieur bross\u00e9, coupe ajust\u00e9e, grand zip et poches frontales contrast\u00e9es. R\u00e9f. visible pr-7720.","en":"Men's knitted fleece jacket with stand-up collar, brushed interior, fitted cut, full-length zipper and contrasting front pockets. Visible ref. pr-7720.","de":"Strickfleecejacke f\u00fcr Herren mit Stehkragen, geb\u00fcrsteter Innenseite, taillierter Passform, gro\u00dfem Rei\u00dfverschluss und kontrastierenden Fronttaschen. Sichtbare Ref. pr-7720.","nl":"Gebreid fleecejas voor heren met opstaande kraag, geborstelde binnenkant, getailleerde pasvorm, grote ritssluiting en contrasterende voorzakken. Zichtbare ref. pr-7720.","es":"Chaqueta polar de punto para hombre con cuello alto, interior cepillado, corte entallado, cremallera grande y bolsillos frontales en contraste. Ref. visible pr-7720.","it":"Giacca in pile lavorato a maglia da uomo con collo alto, interno spazzolato, taglio aderente, grande zip e tasche frontali a contrasto. Rif. visibile pr-7720.","sv":"Stickad fleecejacka f\u00f6r herr med h\u00f6g krage, borstad insida, figurn\u00e4ra passform, stor dragkedja och kontrasterande framfickor. Synlig ref. pr-7720.","pt":"Casaco polar tricotado para homem com gola alta, interior escovado, corte ajustado, fecho grande e bolsos frontais contrastantes. Ref. vis\u00edvel pr-7720.","da":"Strikket fleecejakke til herrer med h\u00f8j krave, b\u00f8rstet inderside, figursyet pasform, stor lynl\u00e5s og kontrastfarvede frontlommer. Synlig ref. pr-7720.","pl":"M\u0119ska dzianinowa bluza polarowa ze st\u00f3jk\u0105, szczotkowanym wn\u0119trzem, dopasowanym krojem, du\u017cym zamkiem i kontrastowymi kieszeniami z przodu. Widoczny ref. pr-7720."}},"custom":{"title":{"fr":"Knit fleece jacket veste PROMODORO 7720 personnalisable","en":"Knit fleece jacket PROMODORO 7720 customizable","de":"Strickfleecejacke Jacke PROMODORO 7720 personalisierbar","nl":"Gebreid fleecejack PROMODORO 7720 personaliseerbaar","es":"Chaqueta polar de punto PROMODORO 7720 personalizable","it":"Giacca in pile lavorato a maglia PROMODORO 7720 personalizzabile","sv":"Stickad fleecejacka PROMODORO 7720 anpassningsbar","pt":"Casaco de fleece tricotado PROMODORO 7720 personaliz\u00e1vel","da":"Strikket fleecejakke PROMODORO 7720 kan tilpasses","pl":"Dzianinowa kurtka polarowa PROMODORO 7720 z mo\u017cliwo\u015bci\u0105 personalizacji"},"description":{"fr":"La Knit fleece jacket est une veste polaire tricot\u00e9e pour homme, adapt\u00e9e \u00e0 un usage quotidien ou professionnel. Sa coupe ajust\u00e9e, son col montant et son int\u00e9rieur bross\u00e9 apportent un port confortable. La fermeture zipp\u00e9e et les poches frontales facilitent l'utilisation au quotidien.\n\n- Composition : 100 % polyester\n- Col montant\n- Int\u00e9rieur bross\u00e9\n- Personnalisation possible","en":"The Knit fleece jacket is a knitted fleece jacket for men, suitable for daily or professional use. Its fitted cut, stand-up collar and brushed interior provide comfortable wear. The zip fastening and front pockets make everyday use easier.\n\n- Composition: 100% polyester\n- Stand-up collar\n- Brushed interior\n- Customization possible","de":"Die Strickfleecejacke ist eine Fleecejacke f\u00fcr Herren, geeignet f\u00fcr den t\u00e4glichen oder beruflichen Einsatz. Ihre taillierte Passform, ihr Stehkragen und ihre geb\u00fcrstete Innenseite sorgen f\u00fcr angenehmen Tragekomfort. Der Rei\u00dfverschluss und die Fronttaschen erleichtern die Nutzung im Alltag.\n\n- Zusammensetzung: 100 % Polyester\n- Stehkragen\n- Geb\u00fcrstete Innenseite\n- Personalisierung m\u00f6glich","nl":"Het gebreide fleecejack is een gebreid fleecevest voor heren, geschikt voor dagelijks of professioneel gebruik. De aansluitende pasvorm, de opstaande kraag en de geborstelde binnenkant zorgen voor comfortabel draagcomfort. De ritssluiting en de voorzakken maken het dagelijks gebruik eenvoudiger.\n\n- Samenstelling: 100% polyester\n- Opstaande kraag\n- Geborstelde binnenkant\n- Personalisatie mogelijk","es":"La chaqueta polar de punto es una chaqueta polar de hombre, adecuada para un uso diario o profesional. Su corte ajustado, su cuello alto y su interior cepillado aportan una comodidad de uso. El cierre con cremallera y los bolsillos frontales facilitan el uso diario.\n\n- Composici\u00f3n: 100 % poli\u00e9ster\n- Cuello alto\n- Interior cepillado\n- Personalizaci\u00f3n posible","it":"La giacca in pile lavorato a maglia \u00e8 una giacca in pile da uomo, adatta a un uso quotidiano o professionale. Il taglio aderente, il collo alto e l'interno spazzolato garantiscono una vestibilit\u00e0 confortevole. La chiusura con zip e le tasche frontali facilitano l'uso quotidiano.\n\n- Composizione: 100% poliestere\n- Collo alto\n- Interno spazzolato\n- Personalizzazione possibile","sv":"Knit fleece jacket \u00e4r en stickad fleecejacka f\u00f6r herr, anpassad f\u00f6r daglig eller professionell anv\u00e4ndning. Dess figurn\u00e4ra passform, h\u00f6ga krage och borstade insida ger bekv\u00e4m anv\u00e4ndning. Dragkedjest\u00e4ngningen och framfickorna underl\u00e4ttar vardaglig anv\u00e4ndning.\n\n- Sammans\u00e4ttning: 100 % polyester\n- H\u00f6g krage\n- Borstad insida\n- Anpassning m\u00f6jlig","pt":"O casaco de fleece tricotado \u00e9 um casaco de fleece tricotado para homem, adequado para uso di\u00e1rio ou profissional. O seu corte ajustado, a gola alta e o interior escovado proporcionam um uso confort\u00e1vel. O fecho de correr e os bolsos frontais facilitam a utiliza\u00e7\u00e3o no dia a dia.\n\n- Composi\u00e7\u00e3o: 100 % poli\u00e9ster\n- Gola alta\n- Interior escovado\n- Personaliza\u00e7\u00e3o poss\u00edvel","da":"Den strikkede fleecejakke er en fleecejakke til m\u00e6nd, egnet til daglig eller professionel brug. Den t\u00e6tsiddende pasform, den h\u00f8je krave og den b\u00f8rstede inderside giver behagelig komfort. Lynl\u00e5slukningen og frontlommerne g\u00f8r den praktisk i hverdagen.\n\n- Sammens\u00e6tning: 100 % polyester\n- H\u00f8j krave\n- B\u00f8rstet inderside\n- Mulighed for tilpasning","pl":"Dzianinowa kurtka polarowa to m\u0119ska kurtka polarowa z dzianiny, odpowiednia do codziennego lub zawodowego u\u017cytku. Dopasowany kr\u00f3j, wysoki ko\u0142nierz i szczotkowane wn\u0119trze zapewniaj\u0105 wygodne noszenie. Zapi\u0119cie na zamek i przednie kieszenie u\u0142atwiaj\u0105 codzienne u\u017cytkowanie.\n\n- Sk\u0142ad: 100 % poliester\n- Wysoki ko\u0142nierz\n- Szczotkowane wn\u0119trze\n- Mo\u017cliwo\u015b\u0107 personalizacji"},"h1":{"fr":"Knit fleece jacket veste 7720 personnalisable","en":"Knit fleece jacket 7720 customizable","de":"Strickfleecejacke Jacke 7720 personalisierbar","nl":"Gebreid fleecejack 7720 personaliseerbaar","es":"Chaqueta polar de punto 7720 personalizable","it":"Giacca in pile lavorato a maglia 7720 personalizzabile","sv":"Stickad fleecejacka 7720 anpassningsbar","pt":"Casaco de fleece tricotado 7720 personaliz\u00e1vel","da":"Strikket fleecejakke 7720 kan tilpasses","pl":"Dzianinowa kurtka polarowa 7720 z mo\u017cliwo\u015bci\u0105 personalizacji"},"meta_description":{"fr":"Knit fleece jacket veste polaire tricot\u00e9e avec col montant, int\u00e9rieur bross\u00e9, coupe ajust\u00e9e et poches frontales. Personnalisation possible.","en":"Knitted fleece jacket with stand-up collar, brushed interior, fitted cut and front pockets. Customization possible.","de":"Strickfleecejacke mit Stehkragen, geb\u00fcrsteter Innenseite, taillierter Passform und Fronttaschen. Personalisierung m\u00f6glich.","nl":"Gebreid fleecejack met opstaande kraag, geborstelde binnenkant, aansluitende pasvorm en voorzakken. Personalisatie mogelijk.","es":"Chaqueta polar de punto con cuello alto, interior cepillado, corte ajustado y bolsillos frontales. Personalizaci\u00f3n posible.","it":"Giacca in pile lavorato a maglia con collo alto, interno spazzolato, taglio aderente e tasche frontali. Personalizzazione possibile.","sv":"Stickad fleecejacka med h\u00f6g krage, borstad insida, figurn\u00e4ra passform och framfickor. Anpassning m\u00f6jlig.","pt":"Casaco de fleece tricotado com gola alta, interior escovado, corte ajustado e bolsos frontais. Personaliza\u00e7\u00e3o poss\u00edvel.","da":"Strikket fleecejakke med h\u00f8j krave, b\u00f8rstet inderside, t\u00e6tsiddende pasform og frontlommer. Mulighed for tilpasning.","pl":"Dzianinowa kurtka polarowa z wysokim ko\u0142nierzem, szczotkowanym wn\u0119trzem, dopasowanym krojem i przednimi kieszeniami. Mo\u017cliwo\u015b\u0107 personalizacji."}}},"categories":[{"id":7,"name":"Polaires","singular":"Polaire","is_feminin":false},{"id":568,"name":"Sweats zipp\u00e9s","singular":"Sweat zipp\u00e9","is_feminin":false},{"id":354,"name":"Textile","singular":"Textile","is_feminin":false},{"id":496,"name":"Sweats","singular":"Sweat","is_feminin":false}],"certifications":[{"id":1,"label":"OEKO-TEX 100","logo_link":"\/images\/certifications\/1_OEKO-TEX_100.jpg","is_marking_compatible":false}],"videos":{"fr":[],"en":[],"de":[],"nl":[],"es":[],"it":[],"sv":[],"pt":[],"da":[],"pl":[]},"main_images":{"miniature":"https:\/\/media.th4.com\/TUcFYH_wjGvorV-dQq4AoPULFomFqmkV6s28VatCoD0\/pr:80\/aHR0cDovL21lZGlhMi5kZXNpZ25wYXJ0bmVyLmZyL2MvcC1ibGFuay1USC8yMTk3NC53ZWJw?v=1773657992","medium":"https:\/\/media.th4.com\/IBOyYl2s_C9aIK2QuaTHRuSSfBCD8DHx5xfYPdWCI2I\/pr:550x550greybg\/aHR0cDovL21lZGlhMi5kZXNpZ25wYXJ0bmVyLmZyL2MvcC1ibGFuay1USC8yMTk3NC53ZWJw?v=1773657992","medium_large":"https:\/\/media.th4.com\/QHBT2pf4ZkCZkSfS1_iRVhEwly4psps9WtfQQBr27mY\/pr:1000x1000greybg\/aHR0cDovL21lZGlhMi5kZXNpZ25wYXJ0bmVyLmZyL2MvcC1ibGFuay1USC8yMTk3NC53ZWJw?v=1773657992","large":"https:\/\/media.th4.com\/9P1_5fyyDtVv0ep1xFVjdQOKlQsO1Ad3oX959K9J6eA\/pr:1920greybg\/aHR0cDovL21lZGlhMi5kZXNpZ25wYXJ0bmVyLmZyL2MvcC1ibGFuay1USC8yMTk3NC53ZWJw?v=1773657992","opengraph":"https:\/\/media.th4.com\/gXogYvOtBisxF2P8KKlo95A2RaFjtoeq8AWbksUaJoM\/pr:1200x630greybg\/aHR0cDovL21lZGlhMi5kZXNpZ25wYXJ0bmVyLmZyL2MvcC1ibGFuay1USC8yMTk3NC53ZWJw?v=1773657992"},"main_images_customization":{"miniature":"https:\/\/media.th4.com\/J0_PadzlgYe7wDWIQaArLLe8IQ_M9XfopiIw7smCHsM\/pr:80\/aHR0cDovL21lZGlhMi5kZXNpZ25wYXJ0bmVyLmZyL2MvcC1jdXN0b20tVEgvMjE5NzQud2VicA?v=1773658085","medium":"https:\/\/media.th4.com\/yeEJy-BcoPNkQ039z0VMGmf5bO133k1jLpoUY1dHefM\/pr:550x550greybg\/aHR0cDovL21lZGlhMi5kZXNpZ25wYXJ0bmVyLmZyL2MvcC1jdXN0b20tVEgvMjE5NzQud2VicA?v=1773658085","medium_large":"https:\/\/media.th4.com\/Kv2euRwJuG5g4kBW_06HpOcLPAitidS_oVCQ1UMCUy4\/pr:1000x1000greybg\/aHR0cDovL21lZGlhMi5kZXNpZ25wYXJ0bmVyLmZyL2MvcC1jdXN0b20tVEgvMjE5NzQud2VicA?v=1773658085","large":"https:\/\/media.th4.com\/EKwGR5e3S_D1vPtBeVS32NNcsNt-hoVo5GKYGjUPSxg\/pr:1920greybg\/aHR0cDovL21lZGlhMi5kZXNpZ25wYXJ0bmVyLmZyL2MvcC1jdXN0b20tVEgvMjE5NzQud2VicA?v=1773658085","opengraph":"https:\/\/media.th4.com\/iWeebjuLSENZFZfGE8ofxcbbxo94GIXuTKfV4Txrszc\/pr:1200x630greybg\/aHR0cDovL21lZGlhMi5kZXNpZ25wYXJ0bmVyLmZyL2MvcC1jdXN0b20tVEgvMjE5NzQud2VicA?v=1773658085"},"page_links":{"fr":"\/fr\/p-pr-7720-knit-fleece-c-veste-7720-21974\/","en":"\/en\/p-pr-7720-knit-fleece-c-jacket-7720-21974\/","de":"\/de\/p-pr-7720-knit-fleece-c-jacke-7720-21974\/","nl":"\/nl\/p-pr-7720-knit-fleece-c-jas-7720-21974\/","es":"\/es\/p-pr-7720-chaqueta-knit-fleece-c-7720-21974\/","it":"\/it\/p-pr-7720-giacca-in-pile-lavorato-a-maglia-c-7720-21974\/","sv":"\/sv\/p-pr-7720-stickad-fleecejacka-c-7720-21974\/","pt":"\/pt\/p-pr-7720-casaco-knit-fleece-c-7720-21974\/","da":"\/da\/p-pr-7720-strikket-fleecejakke-c-7720-21974\/","pl":"\/pl\/p-pr-7720-dzianinowa-bluza-polarowa-c-7720-21974\/"},"page_links_customization":{"fr":"\/fr\/p-pr-7720-knit-fleece-jacket-veste-7720-personnalisable-21974\/custom\/","en":"\/en\/p-pr-7720-knit-fleece-jacket-7720-customizable-21974\/custom\/","de":"\/de\/p-pr-7720-strickfleecejacke-jacke-7720-personalisierbar-21974\/custom\/","nl":"\/nl\/p-pr-7720-gebreid-fleecejack-7720-personaliseerbaar-21974\/custom\/","es":"\/es\/p-pr-7720-chaqueta-polar-de-punto-7720-personalizable-21974\/custom\/","it":"\/it\/p-pr-7720-giacca-in-pile-lavorato-a-maglia-7720-personalizzabile-21974\/custom\/","sv":"\/sv\/p-pr-7720-stickad-fleecejacka-7720-anpassningsbar-21974\/custom\/","pt":"\/pt\/p-pr-7720-casaco-de-fleece-tricotado-7720-personalizavel-21974\/custom\/","da":"\/da\/p-pr-7720-strikket-fleecejakke-7720-kan-tilpasses-21974\/custom\/","pl":"\/pl\/p-pr-7720-dzianinowa-kurtka-polarowa-7720-z-mozliwoscia-personalizacji-21974\/custom\/"},"equivalent_products":[],"colors":[{"id":25251,"name":"heather_grey","class_ids":[3],"codes_hexa":["EDE9E6"],"delai_24":false,"has_3d":false,"seuil_global":0,"stock_local":0,"stock_global":169,"on_standby":false,"in_catalog":true,"images":{"miniature":["https:\/\/media.th4.com\/y4CTb6tw9syWcpOfcaRb7RsuMktQ-gxkziPTVL-tBaY\/pr:80\/aHR0cDovL21lZGlhMi5kZXNpZ25wYXJ0bmVyLmZyL2MvcC8yMTk3NC8yMTk3NC0yNTI1MS0xLndlYnA?v=1773657822","https:\/\/media.th4.com\/DcABMGfc5UPk0x8nbTUU9_JZDDAoahHqt8N5UbHAXuI\/pr:80\/aHR0cDovL21lZGlhMi5kZXNpZ25wYXJ0bmVyLmZyL2MvcC8yMTk3NC8yMTk3NC0yNTI1MS0yLndlYnA?v=1773657822","https:\/\/media.th4.com\/xsCVhf8gmth95vT3THipDfQGTHqNx1TiymJ6-e306t8\/pr:80\/aHR0cDovL21lZGlhMi5kZXNpZ25wYXJ0bmVyLmZyL2MvcC8yMTk3NC8yMTk3NC0yNTI1MS0zLndlYnA?v=1773657823"],"medium":["https:\/\/media.th4.com\/QYclDNc6fDfky8fL1SZGsGO7mH0rcg08hHF0b8S3ktU\/pr:550x550\/aHR0cDovL21lZGlhMi5kZXNpZ25wYXJ0bmVyLmZyL2MvcC8yMTk3NC8yMTk3NC0yNTI1MS0xLndlYnA?v=1773657822","https:\/\/media.th4.com\/OO-x7VzSMqY9QXS875XbtEgZPPI1CEN5Hb3-NYWBAog\/pr:550x550\/aHR0cDovL21lZGlhMi5kZXNpZ25wYXJ0bmVyLmZyL2MvcC8yMTk3NC8yMTk3NC0yNTI1MS0yLndlYnA?v=1773657822","https:\/\/media.th4.com\/zuu_VqcjiIiLD6bOzkAqTcALT8NpAplRuD56CF6hqJo\/pr:550x550\/aHR0cDovL21lZGlhMi5kZXNpZ25wYXJ0bmVyLmZyL2MvcC8yMTk3NC8yMTk3NC0yNTI1MS0zLndlYnA?v=1773657823"],"medium_large":["https:\/\/media.th4.com\/BAYZVjmocNfMsv1_9956t0ke8RcSCxHyAMpd3Wz1d6c\/pr:1000x1000\/aHR0cDovL21lZGlhMi5kZXNpZ25wYXJ0bmVyLmZyL2MvcC8yMTk3NC8yMTk3NC0yNTI1MS0xLndlYnA?v=1773657822","https:\/\/media.th4.com\/845CCNRvskMtcK0EotiTIbEeEOeBAJxaMQLA-NsT5ng\/pr:1000x1000\/aHR0cDovL21lZGlhMi5kZXNpZ25wYXJ0bmVyLmZyL2MvcC8yMTk3NC8yMTk3NC0yNTI1MS0yLndlYnA?v=1773657822","https:\/\/media.th4.com\/hToiAGsbCEAskAQclDVQ8NoHmJ0zBVoUuSkyRf666oc\/pr:1000x1000\/aHR0cDovL21lZGlhMi5kZXNpZ25wYXJ0bmVyLmZyL2MvcC8yMTk3NC8yMTk3NC0yNTI1MS0zLndlYnA?v=1773657823"],"large":["https:\/\/media.th4.com\/dcwNAKpzcMpHepZ6PfF7Reo5j4sAdh3ND_pTswOY4ns\/pr:1920\/aHR0cDovL21lZGlhMi5kZXNpZ25wYXJ0bmVyLmZyL2MvcC8yMTk3NC8yMTk3NC0yNTI1MS0xLndlYnA?v=1773657822","https:\/\/media.th4.com\/XCalgQWVts4tt0oBbfXq6Rol3mf5g6Pymrq5bJ7I5RQ\/pr:1920\/aHR0cDovL21lZGlhMi5kZXNpZ25wYXJ0bmVyLmZyL2MvcC8yMTk3NC8yMTk3NC0yNTI1MS0yLndlYnA?v=1773657822","https:\/\/media.th4.com\/SoFwk-oNbnBk_a6lvCYPiIohH4vcOcjkXaPF2nSRfJk\/pr:1920\/aHR0cDovL21lZGlhMi5kZXNpZ25wYXJ0bmVyLmZyL2MvcC8yMTk3NC8yMTk3NC0yNTI1MS0zLndlYnA?v=1773657823"],"opengraph":["https:\/\/media.th4.com\/xwgY__0bSyAHLmJY9Mzg-tUGnXuUB0WPqp709e13iY8\/pr:1200x630\/aHR0cDovL21lZGlhMi5kZXNpZ25wYXJ0bmVyLmZyL2MvcC8yMTk3NC8yMTk3NC0yNTI1MS0xLndlYnA?v=1773657822","https:\/\/media.th4.com\/VWQnxJsanJCiVkrlBCKl1S0nbUkahK2rjV-grCJFNzk\/pr:1200x630\/aHR0cDovL21lZGlhMi5kZXNpZ25wYXJ0bmVyLmZyL2MvcC8yMTk3NC8yMTk3NC0yNTI1MS0yLndlYnA?v=1773657822","https:\/\/media.th4.com\/-0q-N8gr6f1MyMFVorOT9qTv_CoD2g5tc2bjS0_jMo8\/pr:1200x630\/aHR0cDovL21lZGlhMi5kZXNpZ25wYXJ0bmVyLmZyL2MvcC8yMTk3NC8yMTk3NC0yNTI1MS0zLndlYnA?v=1773657823"]},"images_customization":{"miniature":["https:\/\/media.th4.com\/y4CTb6tw9syWcpOfcaRb7RsuMktQ-gxkziPTVL-tBaY\/pr:80\/aHR0cDovL21lZGlhMi5kZXNpZ25wYXJ0bmVyLmZyL2MvcC8yMTk3NC8yMTk3NC0yNTI1MS0xLndlYnA?v=1773657822","https:\/\/media.th4.com\/DcABMGfc5UPk0x8nbTUU9_JZDDAoahHqt8N5UbHAXuI\/pr:80\/aHR0cDovL21lZGlhMi5kZXNpZ25wYXJ0bmVyLmZyL2MvcC8yMTk3NC8yMTk3NC0yNTI1MS0yLndlYnA?v=1773657822","https:\/\/media.th4.com\/xsCVhf8gmth95vT3THipDfQGTHqNx1TiymJ6-e306t8\/pr:80\/aHR0cDovL21lZGlhMi5kZXNpZ25wYXJ0bmVyLmZyL2MvcC8yMTk3NC8yMTk3NC0yNTI1MS0zLndlYnA?v=1773657823"],"medium":["https:\/\/media.th4.com\/QYclDNc6fDfky8fL1SZGsGO7mH0rcg08hHF0b8S3ktU\/pr:550x550\/aHR0cDovL21lZGlhMi5kZXNpZ25wYXJ0bmVyLmZyL2MvcC8yMTk3NC8yMTk3NC0yNTI1MS0xLndlYnA?v=1773657822","https:\/\/media.th4.com\/OO-x7VzSMqY9QXS875XbtEgZPPI1CEN5Hb3-NYWBAog\/pr:550x550\/aHR0cDovL21lZGlhMi5kZXNpZ25wYXJ0bmVyLmZyL2MvcC8yMTk3NC8yMTk3NC0yNTI1MS0yLndlYnA?v=1773657822","https:\/\/media.th4.com\/zuu_VqcjiIiLD6bOzkAqTcALT8NpAplRuD56CF6hqJo\/pr:550x550\/aHR0cDovL21lZGlhMi5kZXNpZ25wYXJ0bmVyLmZyL2MvcC8yMTk3NC8yMTk3NC0yNTI1MS0zLndlYnA?v=1773657823"],"medium_large":["https:\/\/media.th4.com\/BAYZVjmocNfMsv1_9956t0ke8RcSCxHyAMpd3Wz1d6c\/pr:1000x1000\/aHR0cDovL21lZGlhMi5kZXNpZ25wYXJ0bmVyLmZyL2MvcC8yMTk3NC8yMTk3NC0yNTI1MS0xLndlYnA?v=1773657822","https:\/\/media.th4.com\/845CCNRvskMtcK0EotiTIbEeEOeBAJxaMQLA-NsT5ng\/pr:1000x1000\/aHR0cDovL21lZGlhMi5kZXNpZ25wYXJ0bmVyLmZyL2MvcC8yMTk3NC8yMTk3NC0yNTI1MS0yLndlYnA?v=1773657822","https:\/\/media.th4.com\/hToiAGsbCEAskAQclDVQ8NoHmJ0zBVoUuSkyRf666oc\/pr:1000x1000\/aHR0cDovL21lZGlhMi5kZXNpZ25wYXJ0bmVyLmZyL2MvcC8yMTk3NC8yMTk3NC0yNTI1MS0zLndlYnA?v=1773657823"],"large":["https:\/\/media.th4.com\/dcwNAKpzcMpHepZ6PfF7Reo5j4sAdh3ND_pTswOY4ns\/pr:1920\/aHR0cDovL21lZGlhMi5kZXNpZ25wYXJ0bmVyLmZyL2MvcC8yMTk3NC8yMTk3NC0yNTI1MS0xLndlYnA?v=1773657822","https:\/\/media.th4.com\/XCalgQWVts4tt0oBbfXq6Rol3mf5g6Pymrq5bJ7I5RQ\/pr:1920\/aHR0cDovL21lZGlhMi5kZXNpZ25wYXJ0bmVyLmZyL2MvcC8yMTk3NC8yMTk3NC0yNTI1MS0yLndlYnA?v=1773657822","https:\/\/media.th4.com\/SoFwk-oNbnBk_a6lvCYPiIohH4vcOcjkXaPF2nSRfJk\/pr:1920\/aHR0cDovL21lZGlhMi5kZXNpZ25wYXJ0bmVyLmZyL2MvcC8yMTk3NC8yMTk3NC0yNTI1MS0zLndlYnA?v=1773657823"],"opengraph":["https:\/\/media.th4.com\/xwgY__0bSyAHLmJY9Mzg-tUGnXuUB0WPqp709e13iY8\/pr:1200x630\/aHR0cDovL21lZGlhMi5kZXNpZ25wYXJ0bmVyLmZyL2MvcC8yMTk3NC8yMTk3NC0yNTI1MS0xLndlYnA?v=1773657822","https:\/\/media.th4.com\/VWQnxJsanJCiVkrlBCKl1S0nbUkahK2rjV-grCJFNzk\/pr:1200x630\/aHR0cDovL21lZGlhMi5kZXNpZ25wYXJ0bmVyLmZyL2MvcC8yMTk3NC8yMTk3NC0yNTI1MS0yLndlYnA?v=1773657822","https:\/\/media.th4.com\/-0q-N8gr6f1MyMFVorOT9qTv_CoD2g5tc2bjS0_jMo8\/pr:1200x630\/aHR0cDovL21lZGlhMi5kZXNpZ25wYXJ0bmVyLmZyL2MvcC8yMTk3NC8yMTk3NC0yNTI1MS0zLndlYnA?v=1773657823"]},"country_origin":"CN","traceability":{"manufacturing_country_id":61,"weaving_country_id":61,"dyeing_country_id":61},"sizes":[{"id":3,"article_id":541960,"class_id":3,"name":"S","on_standby":false,"stock_local":0,"stock_global":17,"multiple":1,"estimated_date_reassort":null,"is_destocking":false},{"id":2,"article_id":541959,"class_id":4,"name":"M","on_standby":false,"stock_local":0,"stock_global":9,"multiple":1,"estimated_date_reassort":null,"is_destocking":false},{"id":1,"article_id":541958,"class_id":5,"name":"L","on_standby":false,"stock_local":0,"stock_global":41,"multiple":1,"estimated_date_reassort":null,"is_destocking":false},{"id":4,"article_id":541961,"class_id":6,"name":"XL","on_standby":false,"stock_local":0,"stock_global":32,"multiple":1,"estimated_date_reassort":null,"is_destocking":false},{"id":1116,"article_id":541962,"class_id":7,"name":"2XL","on_standby":false,"stock_local":0,"stock_global":21,"multiple":1,"estimated_date_reassort":null,"is_destocking":false},{"id":1081,"article_id":541955,"class_id":8,"name":"3XL","on_standby":false,"stock_local":0,"stock_global":21,"multiple":1,"estimated_date_reassort":null,"is_destocking":false},{"id":16,"article_id":541956,"class_id":9,"name":"4XL","on_standby":false,"stock_local":0,"stock_global":20,"multiple":1,"estimated_date_reassort":null,"is_destocking":false},{"id":168,"article_id":541957,"class_id":10,"name":"5XL","on_standby":false,"stock_local":0,"stock_global":8,"multiple":1,"estimated_date_reassort":null,"is_destocking":false}],"page_links":{"fr":"\/fr\/p-pr-7720-knit-fleece-c-veste-7720-21974\/heather-grey-25251\/","en":"\/en\/p-pr-7720-knit-fleece-c-jacket-7720-21974\/heather-grey-25251\/","de":"\/de\/p-pr-7720-knit-fleece-c-jacke-7720-21974\/heather-grey-25251\/","nl":"\/nl\/p-pr-7720-knit-fleece-c-jas-7720-21974\/heather-grey-25251\/","es":"\/es\/p-pr-7720-chaqueta-knit-fleece-c-7720-21974\/heather-grey-25251\/","it":"\/it\/p-pr-7720-giacca-in-pile-lavorato-a-maglia-c-7720-21974\/heather-grey-25251\/","sv":"\/sv\/p-pr-7720-stickad-fleecejacka-c-7720-21974\/heather-grey-25251\/","pt":"\/pt\/p-pr-7720-casaco-knit-fleece-c-7720-21974\/heather-grey-25251\/","da":"\/da\/p-pr-7720-strikket-fleecejakke-c-7720-21974\/heather-grey-25251\/","pl":"\/pl\/p-pr-7720-dzianinowa-bluza-polarowa-c-7720-21974\/heather-grey-25251\/"},"page_links_customization":{"fr":"\/fr\/p-pr-7720-knit-fleece-jacket-veste-7720-personnalisable-21974\/heather-grey-25251\/custom\/","en":"\/en\/p-pr-7720-knit-fleece-jacket-7720-customizable-21974\/heather-grey-25251\/custom\/","de":"\/de\/p-pr-7720-strickfleecejacke-jacke-7720-personalisierbar-21974\/heather-grey-25251\/custom\/","nl":"\/nl\/p-pr-7720-gebreid-fleecejack-7720-personaliseerbaar-21974\/heather-grey-25251\/custom\/","es":"\/es\/p-pr-7720-chaqueta-polar-de-punto-7720-personalizable-21974\/heather-grey-25251\/custom\/","it":"\/it\/p-pr-7720-giacca-in-pile-lavorato-a-maglia-7720-personalizzabile-21974\/heather-grey-25251\/custom\/","sv":"\/sv\/p-pr-7720-stickad-fleecejacka-7720-anpassningsbar-21974\/heather-grey-25251\/custom\/","pt":"\/pt\/p-pr-7720-casaco-de-fleece-tricotado-7720-personalizavel-21974\/heather-grey-25251\/custom\/","da":"\/da\/p-pr-7720-strikket-fleecejakke-7720-kan-tilpasses-21974\/heather-grey-25251\/custom\/","pl":"\/pl\/p-pr-7720-dzianinowa-kurtka-polarowa-7720-z-mozliwoscia-personalizacji-21974\/heather-grey-25251\/custom\/"}},{"id":11610,"name":"heather_blue","class_ids":[2],"codes_hexa":["B8D0DD"],"delai_24":false,"has_3d":false,"seuil_global":0,"stock_local":0,"stock_global":99,"on_standby":false,"in_catalog":true,"images":{"miniature":["https:\/\/media.th4.com\/GAklKbIsgFllb4jwanGQ5B6wGCXyaG2tmTzBzW4HZMU\/pr:80\/aHR0cDovL21lZGlhMi5kZXNpZ25wYXJ0bmVyLmZyL2MvcC8yMTk3NC8yMTk3NC0xMTYxMC0xLndlYnA?v=1773657819","https:\/\/media.th4.com\/gRGj567uhOGl1T7RASo9eU1GrDJ2rhtHk90u25NAIX0\/pr:80\/aHR0cDovL21lZGlhMi5kZXNpZ25wYXJ0bmVyLmZyL2MvcC8yMTk3NC8yMTk3NC0xMTYxMC0yLndlYnA?v=1773657820","https:\/\/media.th4.com\/woC7COoPpQnMasZrLRB_4pqOvlAS8v0s4FOBpWpzHOQ\/pr:80\/aHR0cDovL21lZGlhMi5kZXNpZ25wYXJ0bmVyLmZyL2MvcC8yMTk3NC8yMTk3NC0xMTYxMC0zLndlYnA?v=1773657821"],"medium":["https:\/\/media.th4.com\/OvPnaKpts7IcgQnw3EbjCRWqC61_gBA8LAJbLetRCvc\/pr:550x550\/aHR0cDovL21lZGlhMi5kZXNpZ25wYXJ0bmVyLmZyL2MvcC8yMTk3NC8yMTk3NC0xMTYxMC0xLndlYnA?v=1773657819","https:\/\/media.th4.com\/SLo9VNyI2G_IVZh59JvU1Dw214zNeU-KzZbykaA5K7Q\/pr:550x550\/aHR0cDovL21lZGlhMi5kZXNpZ25wYXJ0bmVyLmZyL2MvcC8yMTk3NC8yMTk3NC0xMTYxMC0yLndlYnA?v=1773657820","https:\/\/media.th4.com\/e-Mx7vzLHbgSijEkH7mVrF0hOWu4th_ww2dcxGIo7BY\/pr:550x550\/aHR0cDovL21lZGlhMi5kZXNpZ25wYXJ0bmVyLmZyL2MvcC8yMTk3NC8yMTk3NC0xMTYxMC0zLndlYnA?v=1773657821"],"medium_large":["https:\/\/media.th4.com\/vOzUKmYbAY3v-7fGPFd-dZO6W3U1BE9gpL6_O0X1OnU\/pr:1000x1000\/aHR0cDovL21lZGlhMi5kZXNpZ25wYXJ0bmVyLmZyL2MvcC8yMTk3NC8yMTk3NC0xMTYxMC0xLndlYnA?v=1773657819","https:\/\/media.th4.com\/HUuE6FA18epeBbtSRsFNKNbYTus5bArkAPeymUwg630\/pr:1000x1000\/aHR0cDovL21lZGlhMi5kZXNpZ25wYXJ0bmVyLmZyL2MvcC8yMTk3NC8yMTk3NC0xMTYxMC0yLndlYnA?v=1773657820","https:\/\/media.th4.com\/JGq0yGoHSf2H9l5znJNvxmDj2ld33zq_qvUoM7sI5Tc\/pr:1000x1000\/aHR0cDovL21lZGlhMi5kZXNpZ25wYXJ0bmVyLmZyL2MvcC8yMTk3NC8yMTk3NC0xMTYxMC0zLndlYnA?v=1773657821"],"large":["https:\/\/media.th4.com\/jnh5yiBizTJ3glWpScJXFyhSOuq2a0HZtDFWAtWUUhQ\/pr:1920\/aHR0cDovL21lZGlhMi5kZXNpZ25wYXJ0bmVyLmZyL2MvcC8yMTk3NC8yMTk3NC0xMTYxMC0xLndlYnA?v=1773657819","https:\/\/media.th4.com\/feyh7H7zvzGOUaHqEuNO0FU3b_eDR7rsQYt9slOedtM\/pr:1920\/aHR0cDovL21lZGlhMi5kZXNpZ25wYXJ0bmVyLmZyL2MvcC8yMTk3NC8yMTk3NC0xMTYxMC0yLndlYnA?v=1773657820","https:\/\/media.th4.com\/7s76GfCqwyPhC6oS4jcvfzhLJWyrYqPdnEQNusxvKbo\/pr:1920\/aHR0cDovL21lZGlhMi5kZXNpZ25wYXJ0bmVyLmZyL2MvcC8yMTk3NC8yMTk3NC0xMTYxMC0zLndlYnA?v=1773657821"],"opengraph":["https:\/\/media.th4.com\/Max9_oLNl-pLkIqwnNT7Rv8wcL8Vna_JFZ7IdGOBz00\/pr:1200x630\/aHR0cDovL21lZGlhMi5kZXNpZ25wYXJ0bmVyLmZyL2MvcC8yMTk3NC8yMTk3NC0xMTYxMC0xLndlYnA?v=1773657819","https:\/\/media.th4.com\/1V4WVJbuXLFqe2FuKIl3GuPFfCQ_nynbjT3HrYKDYa8\/pr:1200x630\/aHR0cDovL21lZGlhMi5kZXNpZ25wYXJ0bmVyLmZyL2MvcC8yMTk3NC8yMTk3NC0xMTYxMC0yLndlYnA?v=1773657820","https:\/\/media.th4.com\/CRNVY2z9BrIpXGNZQ4oYAs04p7yyqEzN5oher4tglxM\/pr:1200x630\/aHR0cDovL21lZGlhMi5kZXNpZ25wYXJ0bmVyLmZyL2MvcC8yMTk3NC8yMTk3NC0xMTYxMC0zLndlYnA?v=1773657821"]},"images_customization":{"miniature":["https:\/\/media.th4.com\/GAklKbIsgFllb4jwanGQ5B6wGCXyaG2tmTzBzW4HZMU\/pr:80\/aHR0cDovL21lZGlhMi5kZXNpZ25wYXJ0bmVyLmZyL2MvcC8yMTk3NC8yMTk3NC0xMTYxMC0xLndlYnA?v=1773657819","https:\/\/media.th4.com\/gRGj567uhOGl1T7RASo9eU1GrDJ2rhtHk90u25NAIX0\/pr:80\/aHR0cDovL21lZGlhMi5kZXNpZ25wYXJ0bmVyLmZyL2MvcC8yMTk3NC8yMTk3NC0xMTYxMC0yLndlYnA?v=1773657820","https:\/\/media.th4.com\/woC7COoPpQnMasZrLRB_4pqOvlAS8v0s4FOBpWpzHOQ\/pr:80\/aHR0cDovL21lZGlhMi5kZXNpZ25wYXJ0bmVyLmZyL2MvcC8yMTk3NC8yMTk3NC0xMTYxMC0zLndlYnA?v=1773657821"],"medium":["https:\/\/media.th4.com\/OvPnaKpts7IcgQnw3EbjCRWqC61_gBA8LAJbLetRCvc\/pr:550x550\/aHR0cDovL21lZGlhMi5kZXNpZ25wYXJ0bmVyLmZyL2MvcC8yMTk3NC8yMTk3NC0xMTYxMC0xLndlYnA?v=1773657819","https:\/\/media.th4.com\/SLo9VNyI2G_IVZh59JvU1Dw214zNeU-KzZbykaA5K7Q\/pr:550x550\/aHR0cDovL21lZGlhMi5kZXNpZ25wYXJ0bmVyLmZyL2MvcC8yMTk3NC8yMTk3NC0xMTYxMC0yLndlYnA?v=1773657820","https:\/\/media.th4.com\/e-Mx7vzLHbgSijEkH7mVrF0hOWu4th_ww2dcxGIo7BY\/pr:550x550\/aHR0cDovL21lZGlhMi5kZXNpZ25wYXJ0bmVyLmZyL2MvcC8yMTk3NC8yMTk3NC0xMTYxMC0zLndlYnA?v=1773657821"],"medium_large":["https:\/\/media.th4.com\/vOzUKmYbAY3v-7fGPFd-dZO6W3U1BE9gpL6_O0X1OnU\/pr:1000x1000\/aHR0cDovL21lZGlhMi5kZXNpZ25wYXJ0bmVyLmZyL2MvcC8yMTk3NC8yMTk3NC0xMTYxMC0xLndlYnA?v=1773657819","https:\/\/media.th4.com\/HUuE6FA18epeBbtSRsFNKNbYTus5bArkAPeymUwg630\/pr:1000x1000\/aHR0cDovL21lZGlhMi5kZXNpZ25wYXJ0bmVyLmZyL2MvcC8yMTk3NC8yMTk3NC0xMTYxMC0yLndlYnA?v=1773657820","https:\/\/media.th4.com\/JGq0yGoHSf2H9l5znJNvxmDj2ld33zq_qvUoM7sI5Tc\/pr:1000x1000\/aHR0cDovL21lZGlhMi5kZXNpZ25wYXJ0bmVyLmZyL2MvcC8yMTk3NC8yMTk3NC0xMTYxMC0zLndlYnA?v=1773657821"],"large":["https:\/\/media.th4.com\/jnh5yiBizTJ3glWpScJXFyhSOuq2a0HZtDFWAtWUUhQ\/pr:1920\/aHR0cDovL21lZGlhMi5kZXNpZ25wYXJ0bmVyLmZyL2MvcC8yMTk3NC8yMTk3NC0xMTYxMC0xLndlYnA?v=1773657819","https:\/\/media.th4.com\/feyh7H7zvzGOUaHqEuNO0FU3b_eDR7rsQYt9slOedtM\/pr:1920\/aHR0cDovL21lZGlhMi5kZXNpZ25wYXJ0bmVyLmZyL2MvcC8yMTk3NC8yMTk3NC0xMTYxMC0yLndlYnA?v=1773657820","https:\/\/media.th4.com\/7s76GfCqwyPhC6oS4jcvfzhLJWyrYqPdnEQNusxvKbo\/pr:1920\/aHR0cDovL21lZGlhMi5kZXNpZ25wYXJ0bmVyLmZyL2MvcC8yMTk3NC8yMTk3NC0xMTYxMC0zLndlYnA?v=1773657821"],"opengraph":["https:\/\/media.th4.com\/Max9_oLNl-pLkIqwnNT7Rv8wcL8Vna_JFZ7IdGOBz00\/pr:1200x630\/aHR0cDovL21lZGlhMi5kZXNpZ25wYXJ0bmVyLmZyL2MvcC8yMTk3NC8yMTk3NC0xMTYxMC0xLndlYnA?v=1773657819","https:\/\/media.th4.com\/1V4WVJbuXLFqe2FuKIl3GuPFfCQ_nynbjT3HrYKDYa8\/pr:1200x630\/aHR0cDovL21lZGlhMi5kZXNpZ25wYXJ0bmVyLmZyL2MvcC8yMTk3NC8yMTk3NC0xMTYxMC0yLndlYnA?v=1773657820","https:\/\/media.th4.com\/CRNVY2z9BrIpXGNZQ4oYAs04p7yyqEzN5oher4tglxM\/pr:1200x630\/aHR0cDovL21lZGlhMi5kZXNpZ25wYXJ0bmVyLmZyL2MvcC8yMTk3NC8yMTk3NC0xMTYxMC0zLndlYnA?v=1773657821"]},"country_origin":"CN","traceability":{"manufacturing_country_id":61,"weaving_country_id":61,"dyeing_country_id":61},"sizes":[{"id":3,"article_id":541952,"class_id":3,"name":"S","on_standby":false,"stock_local":0,"stock_global":10,"multiple":1,"estimated_date_reassort":null,"is_destocking":false},{"id":2,"article_id":541951,"class_id":4,"name":"M","on_standby":false,"stock_local":0,"stock_global":15,"multiple":1,"estimated_date_reassort":null,"is_destocking":false},{"id":1,"article_id":541950,"class_id":5,"name":"L","on_standby":false,"stock_local":0,"stock_global":7,"multiple":1,"estimated_date_reassort":null,"is_destocking":false},{"id":4,"article_id":541953,"class_id":6,"name":"XL","on_standby":false,"stock_local":0,"stock_global":30,"multiple":1,"estimated_date_reassort":null,"is_destocking":false},{"id":1116,"article_id":541954,"class_id":7,"name":"2XL","on_standby":false,"stock_local":0,"stock_global":14,"multiple":1,"estimated_date_reassort":null,"is_destocking":false},{"id":1081,"article_id":541947,"class_id":8,"name":"3XL","on_standby":false,"stock_local":0,"stock_global":11,"multiple":1,"estimated_date_reassort":null,"is_destocking":false},{"id":16,"article_id":541948,"class_id":9,"name":"4XL","on_standby":false,"stock_local":0,"stock_global":7,"multiple":1,"estimated_date_reassort":null,"is_destocking":false},{"id":168,"article_id":541949,"class_id":10,"name":"5XL","on_standby":false,"stock_local":0,"stock_global":5,"multiple":1,"estimated_date_reassort":null,"is_destocking":false}],"page_links":{"fr":"\/fr\/p-pr-7720-knit-fleece-c-veste-7720-21974\/heather-blue-11610\/","en":"\/en\/p-pr-7720-knit-fleece-c-jacket-7720-21974\/heather-blue-11610\/","de":"\/de\/p-pr-7720-knit-fleece-c-jacke-7720-21974\/heather-blue-11610\/","nl":"\/nl\/p-pr-7720-knit-fleece-c-jas-7720-21974\/heather-blue-11610\/","es":"\/es\/p-pr-7720-chaqueta-knit-fleece-c-7720-21974\/heather-blue-11610\/","it":"\/it\/p-pr-7720-giacca-in-pile-lavorato-a-maglia-c-7720-21974\/heather-blue-11610\/","sv":"\/sv\/p-pr-7720-stickad-fleecejacka-c-7720-21974\/heather-blue-11610\/","pt":"\/pt\/p-pr-7720-casaco-knit-fleece-c-7720-21974\/heather-blue-11610\/","da":"\/da\/p-pr-7720-strikket-fleecejakke-c-7720-21974\/heather-blue-11610\/","pl":"\/pl\/p-pr-7720-dzianinowa-bluza-polarowa-c-7720-21974\/heather-blue-11610\/"},"page_links_customization":{"fr":"\/fr\/p-pr-7720-knit-fleece-jacket-veste-7720-personnalisable-21974\/heather-blue-11610\/custom\/","en":"\/en\/p-pr-7720-knit-fleece-jacket-7720-customizable-21974\/heather-blue-11610\/custom\/","de":"\/de\/p-pr-7720-strickfleecejacke-jacke-7720-personalisierbar-21974\/heather-blue-11610\/custom\/","nl":"\/nl\/p-pr-7720-gebreid-fleecejack-7720-personaliseerbaar-21974\/heather-blue-11610\/custom\/","es":"\/es\/p-pr-7720-chaqueta-polar-de-punto-7720-personalizable-21974\/heather-blue-11610\/custom\/","it":"\/it\/p-pr-7720-giacca-in-pile-lavorato-a-maglia-7720-personalizzabile-21974\/heather-blue-11610\/custom\/","sv":"\/sv\/p-pr-7720-stickad-fleecejacka-7720-anpassningsbar-21974\/heather-blue-11610\/custom\/","pt":"\/pt\/p-pr-7720-casaco-de-fleece-tricotado-7720-personalizavel-21974\/heather-blue-11610\/custom\/","da":"\/da\/p-pr-7720-strikket-fleecejakke-7720-kan-tilpasses-21974\/heather-blue-11610\/custom\/","pl":"\/pl\/p-pr-7720-dzianinowa-kurtka-polarowa-7720-z-mozliwoscia-personalizacji-21974\/heather-blue-11610\/custom\/"}},{"id":25252,"name":"heather_red","class_ids":[6],"codes_hexa":["C42029"],"delai_24":false,"has_3d":false,"seuil_global":0,"stock_local":0,"stock_global":42,"on_standby":false,"in_catalog":true,"images":{"miniature":["https:\/\/media.th4.com\/l-6I1NUiAKtGTO_8lpKMF-TjJu6-lwuWXxEFGhSSAOc\/pr:80\/aHR0cDovL21lZGlhMi5kZXNpZ25wYXJ0bmVyLmZyL2MvcC8yMTk3NC8yMTk3NC0yNTI1Mi0xLndlYnA?v=1773657824","https:\/\/media.th4.com\/1KHz5LP5LMAWwJ3oMnYnbGHyer9o7azyyQjv89QKpsE\/pr:80\/aHR0cDovL21lZGlhMi5kZXNpZ25wYXJ0bmVyLmZyL2MvcC8yMTk3NC8yMTk3NC0yNTI1Mi0yLndlYnA?v=1773657825","https:\/\/media.th4.com\/aGIxwIggXLeLbN9RgllrZVnNgV1X3_YdzmRdSaP7hAE\/pr:80\/aHR0cDovL21lZGlhMi5kZXNpZ25wYXJ0bmVyLmZyL2MvcC8yMTk3NC8yMTk3NC0yNTI1Mi0zLndlYnA?v=1773657825"],"medium":["https:\/\/media.th4.com\/hOK0ArHgwG7HxH0qM3Bn1csfnu9YSKkamJIs2vnf7KU\/pr:550x550\/aHR0cDovL21lZGlhMi5kZXNpZ25wYXJ0bmVyLmZyL2MvcC8yMTk3NC8yMTk3NC0yNTI1Mi0xLndlYnA?v=1773657824","https:\/\/media.th4.com\/Khjt4k9R4m5V82UjDQgmMbmbNTxLQLzLnJfSJs2g57o\/pr:550x550\/aHR0cDovL21lZGlhMi5kZXNpZ25wYXJ0bmVyLmZyL2MvcC8yMTk3NC8yMTk3NC0yNTI1Mi0yLndlYnA?v=1773657825","https:\/\/media.th4.com\/pV5pE-7eNOxfOhmuTXg1NES860WI42H77YkGYlpINho\/pr:550x550\/aHR0cDovL21lZGlhMi5kZXNpZ25wYXJ0bmVyLmZyL2MvcC8yMTk3NC8yMTk3NC0yNTI1Mi0zLndlYnA?v=1773657825"],"medium_large":["https:\/\/media.th4.com\/NuVGS0oiX2nrsRaOBW-jljELHodXV4QpHkZ6s92LC4M\/pr:1000x1000\/aHR0cDovL21lZGlhMi5kZXNpZ25wYXJ0bmVyLmZyL2MvcC8yMTk3NC8yMTk3NC0yNTI1Mi0xLndlYnA?v=1773657824","https:\/\/media.th4.com\/ERskFyf12rBNV20TPhtVfooRAU_8LUZSvKR3at3td_k\/pr:1000x1000\/aHR0cDovL21lZGlhMi5kZXNpZ25wYXJ0bmVyLmZyL2MvcC8yMTk3NC8yMTk3NC0yNTI1Mi0yLndlYnA?v=1773657825","https:\/\/media.th4.com\/i9ZrcT4PBzTVYLubOz9i5-ph3aHWPeyYNwVx1rHJfkU\/pr:1000x1000\/aHR0cDovL21lZGlhMi5kZXNpZ25wYXJ0bmVyLmZyL2MvcC8yMTk3NC8yMTk3NC0yNTI1Mi0zLndlYnA?v=1773657825"],"large":["https:\/\/media.th4.com\/cehHmEkHiTG1sx1mi8SFVpeF07u4CNl9ILxs3smen9E\/pr:1920\/aHR0cDovL21lZGlhMi5kZXNpZ25wYXJ0bmVyLmZyL2MvcC8yMTk3NC8yMTk3NC0yNTI1Mi0xLndlYnA?v=1773657824","https:\/\/media.th4.com\/kX1y9Fybg53xtGMCaNePu8-mQ8VCEXGpmJcJSP1gSxM\/pr:1920\/aHR0cDovL21lZGlhMi5kZXNpZ25wYXJ0bmVyLmZyL2MvcC8yMTk3NC8yMTk3NC0yNTI1Mi0yLndlYnA?v=1773657825","https:\/\/media.th4.com\/oEJAY3SvKx5AVHDWGnadVtvKgU5ZJ6gG_wNSwTIXR9g\/pr:1920\/aHR0cDovL21lZGlhMi5kZXNpZ25wYXJ0bmVyLmZyL2MvcC8yMTk3NC8yMTk3NC0yNTI1Mi0zLndlYnA?v=1773657825"],"opengraph":["https:\/\/media.th4.com\/jifVVdwfFLRVkOIs7twjEKhOO1By3PLJOXSdzqSuyR4\/pr:1200x630\/aHR0cDovL21lZGlhMi5kZXNpZ25wYXJ0bmVyLmZyL2MvcC8yMTk3NC8yMTk3NC0yNTI1Mi0xLndlYnA?v=1773657824","https:\/\/media.th4.com\/dzrSMrWf7hgocuSkAv7SC6C3OTYLxBxpff_cQ21Y09Y\/pr:1200x630\/aHR0cDovL21lZGlhMi5kZXNpZ25wYXJ0bmVyLmZyL2MvcC8yMTk3NC8yMTk3NC0yNTI1Mi0yLndlYnA?v=1773657825","https:\/\/media.th4.com\/cOQJlIRvPBsjfKGYAy6mp02-e4OvyqcIROEtwWfVPMw\/pr:1200x630\/aHR0cDovL21lZGlhMi5kZXNpZ25wYXJ0bmVyLmZyL2MvcC8yMTk3NC8yMTk3NC0yNTI1Mi0zLndlYnA?v=1773657825"]},"images_customization":{"miniature":["https:\/\/media.th4.com\/l-6I1NUiAKtGTO_8lpKMF-TjJu6-lwuWXxEFGhSSAOc\/pr:80\/aHR0cDovL21lZGlhMi5kZXNpZ25wYXJ0bmVyLmZyL2MvcC8yMTk3NC8yMTk3NC0yNTI1Mi0xLndlYnA?v=1773657824","https:\/\/media.th4.com\/1KHz5LP5LMAWwJ3oMnYnbGHyer9o7azyyQjv89QKpsE\/pr:80\/aHR0cDovL21lZGlhMi5kZXNpZ25wYXJ0bmVyLmZyL2MvcC8yMTk3NC8yMTk3NC0yNTI1Mi0yLndlYnA?v=1773657825","https:\/\/media.th4.com\/aGIxwIggXLeLbN9RgllrZVnNgV1X3_YdzmRdSaP7hAE\/pr:80\/aHR0cDovL21lZGlhMi5kZXNpZ25wYXJ0bmVyLmZyL2MvcC8yMTk3NC8yMTk3NC0yNTI1Mi0zLndlYnA?v=1773657825"],"medium":["https:\/\/media.th4.com\/hOK0ArHgwG7HxH0qM3Bn1csfnu9YSKkamJIs2vnf7KU\/pr:550x550\/aHR0cDovL21lZGlhMi5kZXNpZ25wYXJ0bmVyLmZyL2MvcC8yMTk3NC8yMTk3NC0yNTI1Mi0xLndlYnA?v=1773657824","https:\/\/media.th4.com\/Khjt4k9R4m5V82UjDQgmMbmbNTxLQLzLnJfSJs2g57o\/pr:550x550\/aHR0cDovL21lZGlhMi5kZXNpZ25wYXJ0bmVyLmZyL2MvcC8yMTk3NC8yMTk3NC0yNTI1Mi0yLndlYnA?v=1773657825","https:\/\/media.th4.com\/pV5pE-7eNOxfOhmuTXg1NES860WI42H77YkGYlpINho\/pr:550x550\/aHR0cDovL21lZGlhMi5kZXNpZ25wYXJ0bmVyLmZyL2MvcC8yMTk3NC8yMTk3NC0yNTI1Mi0zLndlYnA?v=1773657825"],"medium_large":["https:\/\/media.th4.com\/NuVGS0oiX2nrsRaOBW-jljELHodXV4QpHkZ6s92LC4M\/pr:1000x1000\/aHR0cDovL21lZGlhMi5kZXNpZ25wYXJ0bmVyLmZyL2MvcC8yMTk3NC8yMTk3NC0yNTI1Mi0xLndlYnA?v=1773657824","https:\/\/media.th4.com\/ERskFyf12rBNV20TPhtVfooRAU_8LUZSvKR3at3td_k\/pr:1000x1000\/aHR0cDovL21lZGlhMi5kZXNpZ25wYXJ0bmVyLmZyL2MvcC8yMTk3NC8yMTk3NC0yNTI1Mi0yLndlYnA?v=1773657825","https:\/\/media.th4.com\/i9ZrcT4PBzTVYLubOz9i5-ph3aHWPeyYNwVx1rHJfkU\/pr:1000x1000\/aHR0cDovL21lZGlhMi5kZXNpZ25wYXJ0bmVyLmZyL2MvcC8yMTk3NC8yMTk3NC0yNTI1Mi0zLndlYnA?v=1773657825"],"large":["https:\/\/media.th4.com\/cehHmEkHiTG1sx1mi8SFVpeF07u4CNl9ILxs3smen9E\/pr:1920\/aHR0cDovL21lZGlhMi5kZXNpZ25wYXJ0bmVyLmZyL2MvcC8yMTk3NC8yMTk3NC0yNTI1Mi0xLndlYnA?v=1773657824","https:\/\/media.th4.com\/kX1y9Fybg53xtGMCaNePu8-mQ8VCEXGpmJcJSP1gSxM\/pr:1920\/aHR0cDovL21lZGlhMi5kZXNpZ25wYXJ0bmVyLmZyL2MvcC8yMTk3NC8yMTk3NC0yNTI1Mi0yLndlYnA?v=1773657825","https:\/\/media.th4.com\/oEJAY3SvKx5AVHDWGnadVtvKgU5ZJ6gG_wNSwTIXR9g\/pr:1920\/aHR0cDovL21lZGlhMi5kZXNpZ25wYXJ0bmVyLmZyL2MvcC8yMTk3NC8yMTk3NC0yNTI1Mi0zLndlYnA?v=1773657825"],"opengraph":["https:\/\/media.th4.com\/jifVVdwfFLRVkOIs7twjEKhOO1By3PLJOXSdzqSuyR4\/pr:1200x630\/aHR0cDovL21lZGlhMi5kZXNpZ25wYXJ0bmVyLmZyL2MvcC8yMTk3NC8yMTk3NC0yNTI1Mi0xLndlYnA?v=1773657824","https:\/\/media.th4.com\/dzrSMrWf7hgocuSkAv7SC6C3OTYLxBxpff_cQ21Y09Y\/pr:1200x630\/aHR0cDovL21lZGlhMi5kZXNpZ25wYXJ0bmVyLmZyL2MvcC8yMTk3NC8yMTk3NC0yNTI1Mi0yLndlYnA?v=1773657825","https:\/\/media.th4.com\/cOQJlIRvPBsjfKGYAy6mp02-e4OvyqcIROEtwWfVPMw\/pr:1200x630\/aHR0cDovL21lZGlhMi5kZXNpZ25wYXJ0bmVyLmZyL2MvcC8yMTk3NC8yMTk3NC0yNTI1Mi0zLndlYnA?v=1773657825"]},"country_origin":"CN","traceability":{"manufacturing_country_id":61,"weaving_country_id":61,"dyeing_country_id":61},"sizes":[{"id":3,"article_id":541968,"class_id":3,"name":"S","on_standby":false,"stock_local":0,"stock_global":1,"multiple":1,"estimated_date_reassort":null,"is_destocking":false},{"id":2,"article_id":541967,"class_id":4,"name":"M","on_standby":false,"stock_local":0,"stock_global":8,"multiple":1,"estimated_date_reassort":null,"is_destocking":false},{"id":4,"article_id":541969,"class_id":6,"name":"XL","on_standby":false,"stock_local":0,"stock_global":7,"multiple":1,"estimated_date_reassort":null,"is_destocking":false},{"id":1116,"article_id":541970,"class_id":7,"name":"2XL","on_standby":false,"stock_local":0,"stock_global":6,"multiple":1,"estimated_date_reassort":null,"is_destocking":false},{"id":1081,"article_id":541963,"class_id":8,"name":"3XL","on_standby":false,"stock_local":0,"stock_global":10,"multiple":1,"estimated_date_reassort":null,"is_destocking":false},{"id":16,"article_id":541964,"class_id":9,"name":"4XL","on_standby":false,"stock_local":0,"stock_global":5,"multiple":1,"estimated_date_reassort":null,"is_destocking":false},{"id":168,"article_id":541965,"class_id":10,"name":"5XL","on_standby":false,"stock_local":0,"stock_global":5,"multiple":1,"estimated_date_reassort":null,"is_destocking":false}],"page_links":{"fr":"\/fr\/p-pr-7720-knit-fleece-c-veste-7720-21974\/heather-red-25252\/","en":"\/en\/p-pr-7720-knit-fleece-c-jacket-7720-21974\/heather-red-25252\/","de":"\/de\/p-pr-7720-knit-fleece-c-jacke-7720-21974\/heather-red-25252\/","nl":"\/nl\/p-pr-7720-knit-fleece-c-jas-7720-21974\/heather-red-25252\/","es":"\/es\/p-pr-7720-chaqueta-knit-fleece-c-7720-21974\/heather-red-25252\/","it":"\/it\/p-pr-7720-giacca-in-pile-lavorato-a-maglia-c-7720-21974\/heather-red-25252\/","sv":"\/sv\/p-pr-7720-stickad-fleecejacka-c-7720-21974\/heather-red-25252\/","pt":"\/pt\/p-pr-7720-casaco-knit-fleece-c-7720-21974\/heather-red-25252\/","da":"\/da\/p-pr-7720-strikket-fleecejakke-c-7720-21974\/heather-red-25252\/","pl":"\/pl\/p-pr-7720-dzianinowa-bluza-polarowa-c-7720-21974\/heather-red-25252\/"},"page_links_customization":{"fr":"\/fr\/p-pr-7720-knit-fleece-jacket-veste-7720-personnalisable-21974\/heather-red-25252\/custom\/","en":"\/en\/p-pr-7720-knit-fleece-jacket-7720-customizable-21974\/heather-red-25252\/custom\/","de":"\/de\/p-pr-7720-strickfleecejacke-jacke-7720-personalisierbar-21974\/heather-red-25252\/custom\/","nl":"\/nl\/p-pr-7720-gebreid-fleecejack-7720-personaliseerbaar-21974\/heather-red-25252\/custom\/","es":"\/es\/p-pr-7720-chaqueta-polar-de-punto-7720-personalizable-21974\/heather-red-25252\/custom\/","it":"\/it\/p-pr-7720-giacca-in-pile-lavorato-a-maglia-7720-personalizzabile-21974\/heather-red-25252\/custom\/","sv":"\/sv\/p-pr-7720-stickad-fleecejacka-7720-anpassningsbar-21974\/heather-red-25252\/custom\/","pt":"\/pt\/p-pr-7720-casaco-de-fleece-tricotado-7720-personalizavel-21974\/heather-red-25252\/custom\/","da":"\/da\/p-pr-7720-strikket-fleecejakke-7720-kan-tilpasses-21974\/heather-red-25252\/custom\/","pl":"\/pl\/p-pr-7720-dzianinowa-kurtka-polarowa-7720-z-mozliwoscia-personalizacji-21974\/heather-red-25252\/custom\/"}}],"documentation_link":"\/pdf\/21974.pdf","countries_availables":["AD","AE","AL","AT","BA","BD","BE","BG","BL","CA","CH","CN","CO","CY","CZ","DE","DK","DO","EE","EG","ES","ET","FI","FR","GB","GE","GF","GP","GR","GT","HK","HN","HR","HT","HU","ID","IE","IN","IS","IT","JO","JP","KE","KH","KP","KR","LA","LK","LS","LT","LU","LV","MA","MF","MG","MK","MM","MN","MQ","MT","MX","MY","NC","NI","NL","PF","PH","PK","PL","PM","PT","RE","RO","SE","SG","SI","SK","SV","SY","TH","TN","TR","TW","TZ","US","VN","WF","YT"]},"infos_customization":[],"features":{"authorize_multi_surfaces":true,"display_order_delay_type":true,"promote_surface_display":true,"tarification_franco_offert":true,"enabled_3d_editor":false},"markings":[{"id":0,"nom":"vierge","finition":null,"libelle":null,"code":null,"dpi":null,"finesse_forme_isolee":null,"finesse_forme_non_isolee":null,"hauteur_minimale_texte":null,"inactif":0,"marquage_interne":1,"quantite_min":null,"parent_id":null,"print_on_support":0,"content":"vierge","description":null},{"id":2,"nom":"fonce","finition":"optimale","libelle":"TopQuadri","code":null,"dpi":400,"finesse_forme_isolee":"0.040","finesse_forme_non_isolee":"0.700","hauteur_minimale_texte":2,"inactif":0,"marquage_interne":1,"quantite_min":null,"parent_id":18,"print_on_support":0,"content":"TopQuadri","description":"pour petites et moyennes s\u00e9ries"},{"id":3,"nom":"serigraphie","finition":"serigraphie","libelle":"SeriCoat","code":null,"dpi":400,"finesse_forme_isolee":"0.040","finesse_forme_non_isolee":"0.700","hauteur_minimale_texte":2,"inactif":0,"marquage_interne":1,"quantite_min":15,"parent_id":18,"print_on_support":0,"content":"SeriCoat","description":"pour moyennes et grandes s\u00e9ries"},{"id":4,"nom":"broderie","finition":"broderie","libelle":"Broderie","code":null,"dpi":400,"finesse_forme_isolee":"0.040","finesse_forme_non_isolee":"0.700","hauteur_minimale_texte":3,"inactif":0,"marquage_interne":1,"quantite_min":null,"parent_id":null,"print_on_support":0,"content":"Broderie","description":null},{"id":8,"nom":"theme","finition":null,"libelle":"Th\u00e8me","code":null,"dpi":null,"finesse_forme_isolee":null,"finesse_forme_non_isolee":null,"hauteur_minimale_texte":null,"inactif":0,"marquage_interne":1,"quantite_min":null,"parent_id":null,"print_on_support":0,"content":"Th\u00e8me","description":null},{"id":9,"nom":"sans","finition":null,"libelle":null,"code":null,"dpi":null,"finesse_forme_isolee":null,"finesse_forme_non_isolee":null,"hauteur_minimale_texte":null,"inactif":0,"marquage_interne":1,"quantite_min":null,"parent_id":null,"print_on_support":0,"content":"sans","description":null},{"id":10,"nom":"photo","finition":null,"libelle":"Photo","code":null,"dpi":null,"finesse_forme_isolee":null,"finesse_forme_non_isolee":null,"hauteur_minimale_texte":null,"inactif":0,"marquage_interne":1,"quantite_min":null,"parent_id":null,"print_on_support":0,"content":"Photo","description":null},{"id":14,"nom":"couleur","finition":null,"libelle":"Couleur","code":null,"dpi":null,"finesse_forme_isolee":null,"finesse_forme_non_isolee":null,"hauteur_minimale_texte":null,"inactif":0,"marquage_interne":1,"quantite_min":null,"parent_id":null,"print_on_support":0,"content":"Couleur","description":null},{"id":15,"nom":"sublimation","finition":"sublimation","libelle":"Sublimation","code":null,"dpi":null,"finesse_forme_isolee":"0.000","finesse_forme_non_isolee":"0.000","hauteur_minimale_texte":2,"inactif":0,"marquage_interne":1,"quantite_min":null,"parent_id":null,"print_on_support":0,"content":"Sublimation","description":null},{"id":16,"nom":"topquadri_uv","finition":null,"libelle":"TopQuadri UV","code":null,"dpi":null,"finesse_forme_isolee":"0.020","finesse_forme_non_isolee":"0.700","hauteur_minimale_texte":2,"inactif":0,"marquage_interne":1,"quantite_min":null,"parent_id":null,"print_on_support":1,"content":null,"description":null},{"id":17,"nom":"topquadri_uvp","finition":null,"libelle":"TopQuadri UVP","code":null,"dpi":null,"finesse_forme_isolee":"0.020","finesse_forme_non_isolee":"0.700","hauteur_minimale_texte":2,"inactif":0,"marquage_interne":1,"quantite_min":null,"parent_id":null,"print_on_support":1,"content":null,"description":null},{"id":18,"nom":"quadri","finition":null,"libelle":"Impression","code":null,"dpi":null,"finesse_forme_isolee":null,"finesse_forme_non_isolee":null,"hauteur_minimale_texte":null,"inactif":0,"marquage_interne":1,"quantite_min":null,"parent_id":null,"print_on_support":0,"content":null,"description":null}]}}