{"data":{"product":{"id":21972,"titre":"Men's Padded Vest","description":"Doudoune sans manche, fermetures zipp\u00e9e \u00e9tanches, col montant, prot\u00e8ge-menton, poche int\u00e9rieure, fermeture \u00e0 glissi\u00e8re sur toute la longueur, 2 poches lat\u00e9rales avec fermeture \u00e0 glissi\u00e8re invisible pour la d\u00e9coration, \u00e9tiquette de taille neutre. Composition : 100 % nylon.","genre":"homme","grammage":0,"conditionnement":10,"composition":"polyester,nylon","reference":"pr-7634","reference_visible":"pr-7634","reference_fabricant":"7634","ref_xor":"721809","in_catalog":true,"is_transfer":false,"is_service":false,"on_standby":false,"has_3d":false,"has_size_guide":false,"has_marking":true,"has_vierge":true,"is_cross_sellable":false,"id_picto":86,"filename_3d":null,"brand":{"id":154,"name":"Promodoro","logo":"logo-promodoro.png","image":"https:\/\/media.th4.com\/pfJDeuQIb_1LhflfsUyeyAhr4hLnU-nV55lPlVDhYUQ\/pr:brand70x70\/aHR0cDovL21lZGlhMi5kZXNpZ25wYXJ0bmVyLmZyL2MvbS9sb2dvLXByb21vZG9yby5wbmc?v=1773736567"},"price_infos":{"price_from":51.62,"quantity":25,"color":{"id":11581,"name":"black"},"size":{"id":4,"name":"XL"}},"price_infos_marking":{"price_from":54.84,"quantity":30,"color":{"id":11581,"name":"black"},"size":{"id":4,"name":"XL"},"marking":{"id":4,"name":""},"emplacement":"avant","surface_emplacement_id":1,"surface":"coeur"},"i18n":{"blank":{"title":{"fr":"Men s Padded vest doudoune PROMODORO 7634","en":"Men s Padded vest padded vest PROMODORO 7634","de":"Men s Padded vest Steppweste PROMODORO 7634","nl":"Men s Padded vest bodywarmer PROMODORO 7634","es":"Men s Padded vest chaleco acolchado PROMODORO 7634","it":"Men s Padded vest piumino PROMODORO 7634","sv":"Men s Padded vest vadderad v\u00e4st PROMODORO 7634","pt":"Men s Padded vest colete acolchoado PROMODORO 7634","da":"Men s Padded vest polstret vest PROMODORO 7634","pl":"Men s Padded vest kamizelka pikowana PROMODORO 7634"},"description":{"fr":"La Men s Padded vest est une doudoune sans manches adapt\u00e9e \u00e0 une utilisation quotidienne par temps frais. Elle comprend un col montant, un prot\u00e8ge-menton, une ouverture zipp\u00e9e sur toute la longueur, une poche int\u00e9rieure et deux poches lat\u00e9rales \u00e0 glissi\u00e8re invisible.\n\n- Composition : 100 % nylon\n- Sans manches\n- Col montant avec prot\u00e8ge-menton\n- Deux poches lat\u00e9rales zipp\u00e9es","en":"The Men s Padded vest is a sleeveless padded vest suitable for everyday use in cool weather. It includes a stand-up collar, a chin guard, a full-length zip opening, an inner pocket and two side pockets with an invisible zip.\n\n- Composition: 100% nylon\n- Sleeveless\n- Stand-up collar with chin guard\n- Two zipped side pockets","de":"Die Men s Padded vest ist eine \u00e4rmellose Steppweste, geeignet f\u00fcr den t\u00e4glichen Gebrauch bei k\u00fchlem Wetter. Sie umfasst einen Stehkragen, einen Kinnschutz, eine durchgehende Rei\u00dfverschluss\u00f6ffnung, eine Innentasche und zwei seitliche Taschen mit verdecktem Rei\u00dfverschluss.\n\n- Material: 100 % Nylon\n- \u00c4rmellos\n- Stehkragen mit Kinnschutz\n- Zwei seitliche Rei\u00dfverschlusstaschen","nl":"De Men s Padded vest is een mouwloze bodywarmer die geschikt is voor dagelijks gebruik bij koel weer. Deze omvat een opstaande kraag, een kinbeschermer, een ritssluiting over de volledige lengte, een binnenzak en twee zijzakken met onzichtbare ritssluiting.\n\n- Samenstelling: 100 % nylon\n- Mouwloos\n- Opstaande kraag met kinbeschermer\n- Twee zijzakken met ritssluiting","es":"El Men s Padded vest es un chaleco acolchado sin mangas adecuado para un uso diario en tiempo fresco. Incluye un cuello alto, un protector de barbilla, una abertura con cremallera de longitud completa, un bolsillo interior y dos bolsillos laterales con cremallera invisible.\n\n- Composici\u00f3n: 100 % nailon\n- Sin mangas\n- Cuello alto con protector de barbilla\n- Dos bolsillos laterales con cremallera","it":"Il Men s Padded vest \u00e8 un piumino senza maniche adatto all'uso quotidiano con tempo fresco. Include un collo alto, un proteggi-mento, un'apertura con zip su tutta la lunghezza, una tasca interna e due tasche laterali con zip invisibile.\n\n- Composizione: 100% nylon\n- Senza maniche\n- Collo alto con proteggi-mento\n- Due tasche laterali con zip","sv":"Men s Padded vest \u00e4r en \u00e4rml\u00f6s vadderad v\u00e4st som l\u00e4mpar sig f\u00f6r daglig anv\u00e4ndning i svalt v\u00e4der. Den har h\u00f6g krage, hakskydd, dragkedje\u00f6ppning i full l\u00e4ngd, en innerficka och tv\u00e5 sidfickor med dold dragkedja.\n\n- Sammans\u00e4ttning: 100 % nylon\n- \u00c4rml\u00f6s\n- H\u00f6g krage med hakskydd\n- Tv\u00e5 sidfickor med dragkedja","pt":"O Men s Padded vest \u00e9 um colete acolchoado sem mangas adequado para uso di\u00e1rio em tempo fresco. Inclui gola alta, protetor de queixo, abertura com fecho de correr em todo o comprimento, um bolso interior e dois bolsos laterais com fecho invis\u00edvel.\n\n- Composi\u00e7\u00e3o: 100 % nylon\n- Sem mangas\n- Gola alta com protetor de queixo\n- Dois bolsos laterais com fecho de correr","da":"Men s Padded vest er en \u00e6rmel\u00f8s polstret vest, der er egnet til daglig brug i k\u00f8ligt vejr. Den har en h\u00f8j krave, en hagebeskytter, en gennemg\u00e5ende lynl\u00e5s\u00e5bning, en indvendig lomme og to sidelommer med usynlig lynl\u00e5s.\n\n- Sammens\u00e6tning: 100 % nylon\n- \u00c6rmel\u00f8s\n- H\u00f8j krave med hagebeskytter\n- To sidelommer med lynl\u00e5s","pl":"Men s Padded vest to pikowana kamizelka bez r\u0119kaw\u00f3w, odpowiednia do codziennego u\u017cytkowania w ch\u0142odne dni. Obejmuje st\u00f3jk\u0119, os\u0142on\u0119 podbr\u00f3dka, zamek b\u0142yskawiczny na ca\u0142ej d\u0142ugo\u015bci, kiesze\u0144 wewn\u0119trzn\u0105 oraz dwie boczne kieszenie z krytym zamkiem.\n\n- Sk\u0142ad: 100 % nylon\n- Bez r\u0119kaw\u00f3w\n- St\u00f3jka z os\u0142on\u0105 podbr\u00f3dka\n- Dwie boczne kieszenie na zamek"},"h1":{"fr":"Men s Padded vest doudoune 7634","en":"Men s Padded vest padded vest 7634","de":"Men s Padded vest Steppweste 7634","nl":"Men s Padded vest bodywarmer 7634","es":"Men s Padded vest chaleco acolchado 7634","it":"Men s Padded vest piumino 7634","sv":"Men s Padded vest vadderad v\u00e4st 7634","pt":"Men s Padded vest colete acolchoado 7634","da":"Men s Padded vest polstret vest 7634","pl":"Men s Padded vest kamizelka pikowana 7634"},"meta_description":{"fr":"Doudoune sans manches avec col montant, prot\u00e8ge-menton, ouverture zipp\u00e9e sur toute la longueur, poche int\u00e9rieure et deux poches lat\u00e9rales zipp\u00e9es.","en":"Sleeveless padded vest with stand-up collar, chin guard, full-length zip opening, inner pocket and two zipped side pockets.","de":"\u00c4rmellose Steppweste mit Stehkragen, Kinnschutz, durchgehendem Rei\u00dfverschluss, Innentasche und zwei seitlichen Rei\u00dfverschlusstaschen.","nl":"Mouwloze bodywarmer met opstaande kraag, kinbeschermer, ritssluiting over de volledige lengte, binnenzak en twee zijzakken met ritssluiting.","es":"Chaleco acolchado sin mangas con cuello alto, protector de barbilla, abertura con cremallera de longitud completa, bolsillo interior y dos bolsillos laterales con cremallera.","it":"Piumino senza maniche con collo alto, proteggi-mento, apertura con zip su tutta la lunghezza, tasca interna e due tasche laterali con zip.","sv":"\u00c4rml\u00f6s vadderad v\u00e4st med h\u00f6g krage, hakskydd, dragkedje\u00f6ppning i full l\u00e4ngd, innerficka och tv\u00e5 sidfickor med dragkedja.","pt":"Colete acolchoado sem mangas com gola alta, protetor de queixo, abertura com fecho de correr em todo o comprimento, bolso interior e dois bolsos laterais com fecho de correr.","da":"\u00c6rmel\u00f8s polstret vest med h\u00f8j krave, hagebeskytter, gennemg\u00e5ende lynl\u00e5s\u00e5bning, indvendig lomme og to sidelommer med lynl\u00e5s.","pl":"Kamizelka pikowana bez r\u0119kaw\u00f3w ze st\u00f3jk\u0105, os\u0142on\u0105 podbr\u00f3dka, zamkiem b\u0142yskawicznym na ca\u0142ej d\u0142ugo\u015bci, kieszeni\u0105 wewn\u0119trzn\u0105 i dwiema bocznymi kieszeniami na zamek."}},"custom":{"title":{"fr":"Men s Padded vest doudoune PROMODORO 7634 personnalisable","en":"Men s Padded vest padded vest PROMODORO 7634 customizable","de":"Men s Padded vest Steppweste PROMODORO 7634 personalisierbar","nl":"Men s Padded vest gewatteerde bodywarmer PROMODORO 7634 personaliseerbaar","es":"Men s Padded vest chaleco acolchado PROMODORO 7634 personalizable","it":"Men s Padded vest piumino senza maniche PROMODORO 7634 personalizzabile","sv":"Men s Padded vest vadderad v\u00e4st PROMODORO 7634 anpassningsbar","pt":"Men s Padded vest colete acolchoado PROMODORO 7634 personaliz\u00e1vel","da":"Men s Padded vest polstret vest PROMODORO 7634 kan tilpasses","pl":"Men s Padded vest kamizelka puchowa PROMODORO 7634 z mo\u017cliwo\u015bci\u0105 personalizacji"},"description":{"fr":"La Men s Padded vest est une doudoune sans manche avec col montant, prot\u00e8ge-menton, fermeture \u00e0 glissi\u00e8re sur toute la longueur, poche int\u00e9rieure et deux poches lat\u00e9rales \u00e0 fermeture invisible pour la d\u00e9coration. Sa conception convient \u00e0 un usage quotidien et \u00e0 la personnalisation sur les zones pr\u00e9vues.\n\n- Composition : 100 % nylon\n- Col montant avec prot\u00e8ge-menton\n- Deux poches lat\u00e9rales zipp\u00e9es invisibles\n- Personnalisation possible sur zones pr\u00e9vues","en":"The Men s Padded vest is a sleeveless padded vest with a stand-up collar, chin guard, full-length zipper, inside pocket, and two side pockets with concealed closure for decoration. Its design is suitable for everyday use and customization on the intended areas.\n\n- Composition: 100% nylon\n- Stand-up collar with chin guard\n- Two invisible zippered side pockets\n- Customization possible on intended areas","de":"Die Men s Padded vest ist eine \u00e4rmellose Steppweste mit Stehkragen, Kinnschutz, durchgehendem Rei\u00dfverschluss, Innentasche und zwei seitlichen Taschen mit unsichtbarem Verschluss f\u00fcr die Veredelung. Ihre Konzeption eignet sich f\u00fcr den t\u00e4glichen Gebrauch und die Personalisierung auf den vorgesehenen Bereichen.\n\n- Zusammensetzung: 100 % Nylon\n- Stehkragen mit Kinnschutz\n- Zwei seitliche unsichtbare Rei\u00dfverschlusstaschen\n- Personalisierung auf vorgesehenen Bereichen m\u00f6glich","nl":"De Men s Padded vest is een mouwloze gewatteerde bodywarmer met opstaande kraag, kinbeschermer, ritssluiting over de volledige lengte, binnenzak en twee zijzakken met onzichtbare sluiting voor decoratie. Het ontwerp is geschikt voor dagelijks gebruik en voor personalisatie op de voorziene zones.\n\n- Samenstelling: 100 % nylon\n- Opstaande kraag met kinbeschermer\n- Twee onzichtbare zijzakken met ritssluiting\n- Personalisatie mogelijk op de voorziene zones","es":"El Men s Padded vest es un chaleco acolchado sin mangas con cuello alto, protector de barbilla, cierre de cremallera de longitud completa, bolsillo interior y dos bolsillos laterales con cierre invisible para la decoraci\u00f3n. Su dise\u00f1o es adecuado para el uso diario y la personalizaci\u00f3n en las zonas previstas.\n\n- Composici\u00f3n: 100 % nailon\n- Cuello alto con protector de barbilla\n- Dos bolsillos laterales con cremallera invisible\n- Personalizaci\u00f3n posible en las zonas previstas","it":"Il Men s Padded vest \u00e8 un piumino senza maniche con collo alto, proteggi-mento, chiusura con zip su tutta la lunghezza, tasca interna e due tasche laterali con chiusura invisibile per la decorazione. La sua concezione \u00e8 adatta a un uso quotidiano e alla personalizzazione nelle aree previste.\n\n- Composizione: 100% nylon\n- Collo alto con proteggi-mento\n- Due tasche laterali con zip invisibili\n- Personalizzazione possibile nelle aree previste","sv":"Men s Padded vest \u00e4r en \u00e4rml\u00f6s vadderad v\u00e4st med h\u00f6g krage, hakskydd, dragkedja i full l\u00e4ngd, innerficka och tv\u00e5 sidfickor med osynlig st\u00e4ngning f\u00f6r dekorering. Dess utformning passar f\u00f6r daglig anv\u00e4ndning och anpassning p\u00e5 avsedda omr\u00e5den.\n\n- Sammans\u00e4ttning: 100 % nylon\n- H\u00f6g krage med hakskydd\n- Tv\u00e5 osynliga sidfickor med dragkedja\n- Anpassning m\u00f6jlig p\u00e5 avsedda omr\u00e5den","pt":"O Men s Padded vest \u00e9 um colete acolchoado sem mangas com gola alta, prote\u00e7\u00e3o de queixo, fecho de correr em todo o comprimento, bolso interior e dois bolsos laterais com fecho invis\u00edvel para decora\u00e7\u00e3o. A sua conce\u00e7\u00e3o \u00e9 adequada para uso di\u00e1rio e para personaliza\u00e7\u00e3o nas zonas previstas.\n\n- Composi\u00e7\u00e3o: 100 % nylon\n- Gola alta com prote\u00e7\u00e3o de queixo\n- Dois bolsos laterais com fecho invis\u00edvel\n- Personaliza\u00e7\u00e3o poss\u00edvel nas zonas previstas","da":"Men s Padded vest er en \u00e6rmel\u00f8s polstret vest med h\u00f8j krave, hagebeskytter, gennemg\u00e5ende lynl\u00e5s, inderlomme og to sidelommer med usynlig lukning til dekoration. Dens konstruktion er egnet til daglig brug og til tilpasning p\u00e5 de dertil beregnede omr\u00e5der.\n\n- Sammens\u00e6tning: 100 % nylon\n- H\u00f8j krave med hagebeskytter\n- To usynlige sidelommer med lynl\u00e5s\n- Tilpasning mulig p\u00e5 de dertil beregnede omr\u00e5der","pl":"Men s Padded vest to kamizelka puchowa bez r\u0119kaw\u00f3w ze st\u00f3jk\u0105, os\u0142on\u0105 podbr\u00f3dka, zamkiem b\u0142yskawicznym na ca\u0142ej d\u0142ugo\u015bci, kieszeni\u0105 wewn\u0119trzn\u0105 oraz dwiema bocznymi kieszeniami z niewidocznym zamkni\u0119ciem do zdobienia. Jej konstrukcja nadaje si\u0119 do codziennego u\u017cytku i personalizacji w przewidzianych miejscach.\n\n- Sk\u0142ad: 100 % nylon\n- St\u00f3jka z os\u0142on\u0105 podbr\u00f3dka\n- Dwie boczne kieszenie z niewidocznym zamkiem\n- Mo\u017cliwo\u015b\u0107 personalizacji w przewidzianych miejscach"},"h1":{"fr":"Men s Padded vest doudoune 7634 personnalisable","en":"Men s Padded vest padded vest 7634 customizable","de":"Men s Padded vest Steppweste 7634 personalisierbar","nl":"Men s Padded vest gewatteerde bodywarmer 7634 personaliseerbaar","es":"Men s Padded vest chaleco acolchado 7634 personalizable","it":"Men s Padded vest piumino senza maniche 7634 personalizzabile","sv":"Men s Padded vest vadderad v\u00e4st 7634 anpassningsbar","pt":"Men s Padded vest colete acolchoado 7634 personaliz\u00e1vel","da":"Men s Padded vest polstret vest 7634 kan tilpasses","pl":"Men s Padded vest kamizelka puchowa 7634 z mo\u017cliwo\u015bci\u0105 personalizacji"},"meta_description":{"fr":"Doudoune sans manche avec col montant, prot\u00e8ge-menton, poches zipp\u00e9es et poche int\u00e9rieure. Personnalisation possible sur les zones pr\u00e9vues.","en":"Sleeveless padded vest with stand-up collar, chin guard, zippered pockets, and inside pocket. Customization possible on the intended areas.","de":"\u00c4rmellose Steppweste mit Stehkragen, Kinnschutz, Rei\u00dfverschlusstaschen und Innentasche. Personalisierung auf den vorgesehenen Bereichen m\u00f6glich.","nl":"Mouwloze gewatteerde bodywarmer met opstaande kraag, kinbeschermer, zakken met ritssluiting en binnenzak. Personalisatie mogelijk op de voorziene zones.","es":"Chaleco acolchado sin mangas con cuello alto, protector de barbilla, bolsillos con cremallera y bolsillo interior. Personalizaci\u00f3n posible en las zonas previstas.","it":"Piumino senza maniche con collo alto, proteggi-mento, tasche con zip e tasca interna. Personalizzazione possibile nelle aree previste.","sv":"\u00c4rml\u00f6s vadderad v\u00e4st med h\u00f6g krage, hakskydd, fickor med dragkedja och innerficka. Anpassning m\u00f6jlig p\u00e5 avsedda omr\u00e5den.","pt":"Colete acolchoado sem mangas com gola alta, prote\u00e7\u00e3o de queixo, bolsos com fecho e bolso interior. Personaliza\u00e7\u00e3o poss\u00edvel nas zonas previstas.","da":"\u00c6rmel\u00f8s polstret vest med h\u00f8j krave, hagebeskytter, lynl\u00e5slommer og inderlomme. Tilpasning mulig p\u00e5 de dertil beregnede omr\u00e5der.","pl":"Kamizelka puchowa bez r\u0119kaw\u00f3w ze st\u00f3jk\u0105, os\u0142on\u0105 podbr\u00f3dka, kieszeniami na zamek i kieszeni\u0105 wewn\u0119trzn\u0105. Mo\u017cliwo\u015b\u0107 personalizacji w przewidzianych miejscach."}}},"categories":[{"id":302,"name":"Doudounes","singular":"Doudoune","is_feminin":false},{"id":306,"name":"Bodywarmers","singular":"Bodywarmer","is_feminin":false},{"id":13,"name":"Vestes et manteaux","singular":"Veste et manteau","is_feminin":true},{"id":354,"name":"Textile","singular":"Textile","is_feminin":false}],"certifications":[],"videos":{"fr":[],"en":[],"de":[],"nl":[],"es":[],"it":[],"sv":[],"pt":[],"da":[],"pl":[]},"main_images":{"miniature":"https:\/\/media.th4.com\/o7_WMC_r09pvDCDEdHPeCX2JL-iF7PhK7zyXQBw_FSw\/pr:80\/aHR0cDovL21lZGlhMi5kZXNpZ25wYXJ0bmVyLmZyL2MvcC1ibGFuay1USC8yMTk3Mi53ZWJw?v=1773657990","medium":"https:\/\/media.th4.com\/__g1_-h66fmFhAZdCrE5lkmQrRTuWDZ4jacUamANj_0\/pr:550x550greybg\/aHR0cDovL21lZGlhMi5kZXNpZ25wYXJ0bmVyLmZyL2MvcC1ibGFuay1USC8yMTk3Mi53ZWJw?v=1773657990","medium_large":"https:\/\/media.th4.com\/uzXxqoghZ_q_XyxBgjR8VvlFDYbK91RoiHnZGOrz53M\/pr:1000x1000greybg\/aHR0cDovL21lZGlhMi5kZXNpZ25wYXJ0bmVyLmZyL2MvcC1ibGFuay1USC8yMTk3Mi53ZWJw?v=1773657990","large":"https:\/\/media.th4.com\/TcpmTyH1a9jIgG6ICULC-IlYQueasZlhAx52wA-Emko\/pr:1920greybg\/aHR0cDovL21lZGlhMi5kZXNpZ25wYXJ0bmVyLmZyL2MvcC1ibGFuay1USC8yMTk3Mi53ZWJw?v=1773657990","opengraph":"https:\/\/media.th4.com\/WCAMTe31snWLM_a0DnqRbFwRjWhFj-g_bpPFhyx1PVg\/pr:1200x630greybg\/aHR0cDovL21lZGlhMi5kZXNpZ25wYXJ0bmVyLmZyL2MvcC1ibGFuay1USC8yMTk3Mi53ZWJw?v=1773657990"},"main_images_customization":{"miniature":"https:\/\/media.th4.com\/zNVzLgF4pfqKU2jcxQP52IGopnbUg2-WljykL6HEjU0\/pr:80\/aHR0cDovL21lZGlhMi5kZXNpZ25wYXJ0bmVyLmZyL2MvcC1jdXN0b20tVEgvMjE5NzIud2VicA?v=1773658083","medium":"https:\/\/media.th4.com\/VocAFSm7HElU0Jco6sneu1HdOCJKE7AkXb3jbfSubrE\/pr:550x550greybg\/aHR0cDovL21lZGlhMi5kZXNpZ25wYXJ0bmVyLmZyL2MvcC1jdXN0b20tVEgvMjE5NzIud2VicA?v=1773658083","medium_large":"https:\/\/media.th4.com\/U2dH9_mYX1VccIsRdnxQOXlWBhbfYjdqUzzDlvvuKpc\/pr:1000x1000greybg\/aHR0cDovL21lZGlhMi5kZXNpZ25wYXJ0bmVyLmZyL2MvcC1jdXN0b20tVEgvMjE5NzIud2VicA?v=1773658083","large":"https:\/\/media.th4.com\/VG9v6HvUgFQ8xDqIxPeLvGaTIP27S1wtCG-7tKMxgYQ\/pr:1920greybg\/aHR0cDovL21lZGlhMi5kZXNpZ25wYXJ0bmVyLmZyL2MvcC1jdXN0b20tVEgvMjE5NzIud2VicA?v=1773658083","opengraph":"https:\/\/media.th4.com\/YMsPnY6KHJdx5drAdV93LYCsCKwaY08Ch4mpp0bqEQc\/pr:1200x630greybg\/aHR0cDovL21lZGlhMi5kZXNpZ25wYXJ0bmVyLmZyL2MvcC1jdXN0b20tVEgvMjE5NzIud2VicA?v=1773658083"},"page_links":{"fr":"\/fr\/p-pr-7634-men-s-padded-vest-doudoune-7634-21972\/","en":"\/en\/p-pr-7634-men-s-padded-vest-padded-vest-7634-21972\/","de":"\/de\/p-pr-7634-men-s-padded-vest-steppweste-7634-21972\/","nl":"\/nl\/p-pr-7634-men-s-padded-vest-bodywarmer-7634-21972\/","es":"\/es\/p-pr-7634-men-s-padded-vest-chaleco-acolchado-7634-21972\/","it":"\/it\/p-pr-7634-men-s-padded-vest-piumino-7634-21972\/","sv":"\/sv\/p-pr-7634-men-s-padded-vest-vadderad-vast-7634-21972\/","pt":"\/pt\/p-pr-7634-men-s-padded-vest-colete-acolchoado-7634-21972\/","da":"\/da\/p-pr-7634-men-s-padded-vest-polstret-vest-7634-21972\/","pl":"\/pl\/p-pr-7634-men-s-padded-vest-kamizelka-pikowana-7634-21972\/"},"page_links_customization":{"fr":"\/fr\/p-pr-7634-men-s-padded-vest-doudoune-7634-personnalisable-21972\/custom\/","en":"\/en\/p-pr-7634-men-s-padded-vest-padded-vest-7634-customizable-21972\/custom\/","de":"\/de\/p-pr-7634-men-s-padded-vest-steppweste-7634-personalisierbar-21972\/custom\/","nl":"\/nl\/p-pr-7634-men-s-padded-vest-gewatteerde-bodywarmer-7634-personaliseerbaar-21972\/custom\/","es":"\/es\/p-pr-7634-men-s-padded-vest-chaleco-acolchado-7634-personalizable-21972\/custom\/","it":"\/it\/p-pr-7634-men-s-padded-vest-piumino-senza-maniche-7634-personalizzabile-21972\/custom\/","sv":"\/sv\/p-pr-7634-men-s-padded-vest-vadderad-vast-7634-anpassningsbar-21972\/custom\/","pt":"\/pt\/p-pr-7634-men-s-padded-vest-colete-acolchoado-7634-personalizavel-21972\/custom\/","da":"\/da\/p-pr-7634-men-s-padded-vest-polstret-vest-7634-kan-tilpasses-21972\/custom\/","pl":"\/pl\/p-pr-7634-men-s-padded-vest-kamizelka-puchowa-7634-z-mozliwoscia-personalizacji-21972\/custom\/"},"equivalent_products":[],"colors":[{"id":11581,"name":"black","class_ids":[4],"codes_hexa":["00060A"],"delai_24":false,"has_3d":false,"seuil_global":0,"stock_local":0,"stock_global":113,"on_standby":false,"in_catalog":true,"images":{"miniature":["https:\/\/media.th4.com\/1YtiOfKMounzVsACHLP29KExEl0XphjURtPeWAFYAAI\/pr:80\/aHR0cDovL21lZGlhMi5kZXNpZ25wYXJ0bmVyLmZyL2MvcC8yMTk3Mi8yMTk3Mi0xMTU4MS0xLndlYnA?v=1773657808","https:\/\/media.th4.com\/eo4crckdFvXruIJ5nuG-xLhCcoUJ_GKXpN5B5fKjbCw\/pr:80\/aHR0cDovL21lZGlhMi5kZXNpZ25wYXJ0bmVyLmZyL2MvcC8yMTk3Mi8yMTk3Mi0xMTU4MS0yLndlYnA?v=1773657809","https:\/\/media.th4.com\/z0-D7QYo75JHVNGFihcw-AhIS1NxwgGwdl54jc7hdfg\/pr:80\/aHR0cDovL21lZGlhMi5kZXNpZ25wYXJ0bmVyLmZyL2MvcC8yMTk3Mi8yMTk3Mi0xMTU4MS0zLndlYnA?v=1773657809"],"medium":["https:\/\/media.th4.com\/kQxJgTjXkR3xXTrsrKnjl0-j-cZ9lSeLwd86li3pmfM\/pr:550x550\/aHR0cDovL21lZGlhMi5kZXNpZ25wYXJ0bmVyLmZyL2MvcC8yMTk3Mi8yMTk3Mi0xMTU4MS0xLndlYnA?v=1773657808","https:\/\/media.th4.com\/tOiLS5bh340w3gxMDhe4wilxELCxyWFVmCqt_a6429M\/pr:550x550\/aHR0cDovL21lZGlhMi5kZXNpZ25wYXJ0bmVyLmZyL2MvcC8yMTk3Mi8yMTk3Mi0xMTU4MS0yLndlYnA?v=1773657809","https:\/\/media.th4.com\/npv7ecZZp_kCh7akinLslDl4slHyb9Dx9OVGZNBEsp4\/pr:550x550\/aHR0cDovL21lZGlhMi5kZXNpZ25wYXJ0bmVyLmZyL2MvcC8yMTk3Mi8yMTk3Mi0xMTU4MS0zLndlYnA?v=1773657809"],"medium_large":["https:\/\/media.th4.com\/uLE3OXaYMRDeQYIUIMWRo7akq4fS1APLFko3JQf05mM\/pr:1000x1000\/aHR0cDovL21lZGlhMi5kZXNpZ25wYXJ0bmVyLmZyL2MvcC8yMTk3Mi8yMTk3Mi0xMTU4MS0xLndlYnA?v=1773657808","https:\/\/media.th4.com\/hN5cgvpkB1QIccI05YIboe7MA3zgEgWzkJ3buQ6F8JA\/pr:1000x1000\/aHR0cDovL21lZGlhMi5kZXNpZ25wYXJ0bmVyLmZyL2MvcC8yMTk3Mi8yMTk3Mi0xMTU4MS0yLndlYnA?v=1773657809","https:\/\/media.th4.com\/gUSDmuXhWS5SmAl6Ipc3F5AwhwpwuZh1c0ah8bI_yBc\/pr:1000x1000\/aHR0cDovL21lZGlhMi5kZXNpZ25wYXJ0bmVyLmZyL2MvcC8yMTk3Mi8yMTk3Mi0xMTU4MS0zLndlYnA?v=1773657809"],"large":["https:\/\/media.th4.com\/qq-jgLG62vj6hiu0hqwuFPI0VNUMAd271VH3j6J7AbQ\/pr:1920\/aHR0cDovL21lZGlhMi5kZXNpZ25wYXJ0bmVyLmZyL2MvcC8yMTk3Mi8yMTk3Mi0xMTU4MS0xLndlYnA?v=1773657808","https:\/\/media.th4.com\/8UiV_SR3iUK5jrkPVHzHg3nxQ26Le6lHP0vqntF2HnA\/pr:1920\/aHR0cDovL21lZGlhMi5kZXNpZ25wYXJ0bmVyLmZyL2MvcC8yMTk3Mi8yMTk3Mi0xMTU4MS0yLndlYnA?v=1773657809","https:\/\/media.th4.com\/rhjPXXR-aWwgS1kTXhBKrV_yjGF-8ijVbTi28iLwC2E\/pr:1920\/aHR0cDovL21lZGlhMi5kZXNpZ25wYXJ0bmVyLmZyL2MvcC8yMTk3Mi8yMTk3Mi0xMTU4MS0zLndlYnA?v=1773657809"],"opengraph":["https:\/\/media.th4.com\/5DjfZHk_T91em3ERdGThssXnnPLA3NWTpR2Lze7aQHA\/pr:1200x630\/aHR0cDovL21lZGlhMi5kZXNpZ25wYXJ0bmVyLmZyL2MvcC8yMTk3Mi8yMTk3Mi0xMTU4MS0xLndlYnA?v=1773657808","https:\/\/media.th4.com\/tnHmzzhvaZNVLOHCk94oaKfCYBxQ_rKSCi1qcXf_ZZQ\/pr:1200x630\/aHR0cDovL21lZGlhMi5kZXNpZ25wYXJ0bmVyLmZyL2MvcC8yMTk3Mi8yMTk3Mi0xMTU4MS0yLndlYnA?v=1773657809","https:\/\/media.th4.com\/EQl9Tzq-oSW6KSMUQhVg0TeFkMqkwzolQmqoJlYgBOc\/pr:1200x630\/aHR0cDovL21lZGlhMi5kZXNpZ25wYXJ0bmVyLmZyL2MvcC8yMTk3Mi8yMTk3Mi0xMTU4MS0zLndlYnA?v=1773657809"]},"images_customization":{"miniature":["https:\/\/media.th4.com\/1YtiOfKMounzVsACHLP29KExEl0XphjURtPeWAFYAAI\/pr:80\/aHR0cDovL21lZGlhMi5kZXNpZ25wYXJ0bmVyLmZyL2MvcC8yMTk3Mi8yMTk3Mi0xMTU4MS0xLndlYnA?v=1773657808","https:\/\/media.th4.com\/eo4crckdFvXruIJ5nuG-xLhCcoUJ_GKXpN5B5fKjbCw\/pr:80\/aHR0cDovL21lZGlhMi5kZXNpZ25wYXJ0bmVyLmZyL2MvcC8yMTk3Mi8yMTk3Mi0xMTU4MS0yLndlYnA?v=1773657809","https:\/\/media.th4.com\/z0-D7QYo75JHVNGFihcw-AhIS1NxwgGwdl54jc7hdfg\/pr:80\/aHR0cDovL21lZGlhMi5kZXNpZ25wYXJ0bmVyLmZyL2MvcC8yMTk3Mi8yMTk3Mi0xMTU4MS0zLndlYnA?v=1773657809"],"medium":["https:\/\/media.th4.com\/kQxJgTjXkR3xXTrsrKnjl0-j-cZ9lSeLwd86li3pmfM\/pr:550x550\/aHR0cDovL21lZGlhMi5kZXNpZ25wYXJ0bmVyLmZyL2MvcC8yMTk3Mi8yMTk3Mi0xMTU4MS0xLndlYnA?v=1773657808","https:\/\/media.th4.com\/tOiLS5bh340w3gxMDhe4wilxELCxyWFVmCqt_a6429M\/pr:550x550\/aHR0cDovL21lZGlhMi5kZXNpZ25wYXJ0bmVyLmZyL2MvcC8yMTk3Mi8yMTk3Mi0xMTU4MS0yLndlYnA?v=1773657809","https:\/\/media.th4.com\/npv7ecZZp_kCh7akinLslDl4slHyb9Dx9OVGZNBEsp4\/pr:550x550\/aHR0cDovL21lZGlhMi5kZXNpZ25wYXJ0bmVyLmZyL2MvcC8yMTk3Mi8yMTk3Mi0xMTU4MS0zLndlYnA?v=1773657809"],"medium_large":["https:\/\/media.th4.com\/uLE3OXaYMRDeQYIUIMWRo7akq4fS1APLFko3JQf05mM\/pr:1000x1000\/aHR0cDovL21lZGlhMi5kZXNpZ25wYXJ0bmVyLmZyL2MvcC8yMTk3Mi8yMTk3Mi0xMTU4MS0xLndlYnA?v=1773657808","https:\/\/media.th4.com\/hN5cgvpkB1QIccI05YIboe7MA3zgEgWzkJ3buQ6F8JA\/pr:1000x1000\/aHR0cDovL21lZGlhMi5kZXNpZ25wYXJ0bmVyLmZyL2MvcC8yMTk3Mi8yMTk3Mi0xMTU4MS0yLndlYnA?v=1773657809","https:\/\/media.th4.com\/gUSDmuXhWS5SmAl6Ipc3F5AwhwpwuZh1c0ah8bI_yBc\/pr:1000x1000\/aHR0cDovL21lZGlhMi5kZXNpZ25wYXJ0bmVyLmZyL2MvcC8yMTk3Mi8yMTk3Mi0xMTU4MS0zLndlYnA?v=1773657809"],"large":["https:\/\/media.th4.com\/qq-jgLG62vj6hiu0hqwuFPI0VNUMAd271VH3j6J7AbQ\/pr:1920\/aHR0cDovL21lZGlhMi5kZXNpZ25wYXJ0bmVyLmZyL2MvcC8yMTk3Mi8yMTk3Mi0xMTU4MS0xLndlYnA?v=1773657808","https:\/\/media.th4.com\/8UiV_SR3iUK5jrkPVHzHg3nxQ26Le6lHP0vqntF2HnA\/pr:1920\/aHR0cDovL21lZGlhMi5kZXNpZ25wYXJ0bmVyLmZyL2MvcC8yMTk3Mi8yMTk3Mi0xMTU4MS0yLndlYnA?v=1773657809","https:\/\/media.th4.com\/rhjPXXR-aWwgS1kTXhBKrV_yjGF-8ijVbTi28iLwC2E\/pr:1920\/aHR0cDovL21lZGlhMi5kZXNpZ25wYXJ0bmVyLmZyL2MvcC8yMTk3Mi8yMTk3Mi0xMTU4MS0zLndlYnA?v=1773657809"],"opengraph":["https:\/\/media.th4.com\/5DjfZHk_T91em3ERdGThssXnnPLA3NWTpR2Lze7aQHA\/pr:1200x630\/aHR0cDovL21lZGlhMi5kZXNpZ25wYXJ0bmVyLmZyL2MvcC8yMTk3Mi8yMTk3Mi0xMTU4MS0xLndlYnA?v=1773657808","https:\/\/media.th4.com\/tnHmzzhvaZNVLOHCk94oaKfCYBxQ_rKSCi1qcXf_ZZQ\/pr:1200x630\/aHR0cDovL21lZGlhMi5kZXNpZ25wYXJ0bmVyLmZyL2MvcC8yMTk3Mi8yMTk3Mi0xMTU4MS0yLndlYnA?v=1773657809","https:\/\/media.th4.com\/EQl9Tzq-oSW6KSMUQhVg0TeFkMqkwzolQmqoJlYgBOc\/pr:1200x630\/aHR0cDovL21lZGlhMi5kZXNpZ25wYXJ0bmVyLmZyL2MvcC8yMTk3Mi8yMTk3Mi0xMTU4MS0zLndlYnA?v=1773657809"]},"country_origin":"CN","traceability":{"manufacturing_country_id":61,"weaving_country_id":61,"dyeing_country_id":61},"sizes":[{"id":3,"article_id":541896,"class_id":3,"name":"S","on_standby":true,"stock_local":0,"stock_global":0,"multiple":1,"estimated_date_reassort":"2026-07-02","is_destocking":false},{"id":2,"article_id":541895,"class_id":4,"name":"M","on_standby":false,"stock_local":0,"stock_global":23,"multiple":1,"estimated_date_reassort":null,"is_destocking":false},{"id":1,"article_id":541894,"class_id":5,"name":"L","on_standby":false,"stock_local":0,"stock_global":28,"multiple":1,"estimated_date_reassort":null,"is_destocking":false},{"id":4,"article_id":541897,"class_id":6,"name":"XL","on_standby":false,"stock_local":0,"stock_global":34,"multiple":1,"estimated_date_reassort":null,"is_destocking":false},{"id":1116,"article_id":541898,"class_id":7,"name":"2XL","on_standby":false,"stock_local":0,"stock_global":13,"multiple":1,"estimated_date_reassort":null,"is_destocking":false},{"id":1081,"article_id":541891,"class_id":8,"name":"3XL","on_standby":false,"stock_local":0,"stock_global":4,"multiple":1,"estimated_date_reassort":null,"is_destocking":false},{"id":16,"article_id":541892,"class_id":9,"name":"4XL","on_standby":false,"stock_local":0,"stock_global":5,"multiple":1,"estimated_date_reassort":null,"is_destocking":false},{"id":168,"article_id":541893,"class_id":10,"name":"5XL","on_standby":false,"stock_local":0,"stock_global":6,"multiple":1,"estimated_date_reassort":null,"is_destocking":false}],"page_links":{"fr":"\/fr\/p-pr-7634-men-s-padded-vest-doudoune-7634-21972\/black-11581\/","en":"\/en\/p-pr-7634-men-s-padded-vest-padded-vest-7634-21972\/black-11581\/","de":"\/de\/p-pr-7634-men-s-padded-vest-steppweste-7634-21972\/black-11581\/","nl":"\/nl\/p-pr-7634-men-s-padded-vest-bodywarmer-7634-21972\/black-11581\/","es":"\/es\/p-pr-7634-men-s-padded-vest-chaleco-acolchado-7634-21972\/black-11581\/","it":"\/it\/p-pr-7634-men-s-padded-vest-piumino-7634-21972\/black-11581\/","sv":"\/sv\/p-pr-7634-men-s-padded-vest-vadderad-vast-7634-21972\/black-11581\/","pt":"\/pt\/p-pr-7634-men-s-padded-vest-colete-acolchoado-7634-21972\/black-11581\/","da":"\/da\/p-pr-7634-men-s-padded-vest-polstret-vest-7634-21972\/black-11581\/","pl":"\/pl\/p-pr-7634-men-s-padded-vest-kamizelka-pikowana-7634-21972\/black-11581\/"},"page_links_customization":{"fr":"\/fr\/p-pr-7634-men-s-padded-vest-doudoune-7634-personnalisable-21972\/black-11581\/custom\/","en":"\/en\/p-pr-7634-men-s-padded-vest-padded-vest-7634-customizable-21972\/black-11581\/custom\/","de":"\/de\/p-pr-7634-men-s-padded-vest-steppweste-7634-personalisierbar-21972\/black-11581\/custom\/","nl":"\/nl\/p-pr-7634-men-s-padded-vest-gewatteerde-bodywarmer-7634-personaliseerbaar-21972\/black-11581\/custom\/","es":"\/es\/p-pr-7634-men-s-padded-vest-chaleco-acolchado-7634-personalizable-21972\/black-11581\/custom\/","it":"\/it\/p-pr-7634-men-s-padded-vest-piumino-senza-maniche-7634-personalizzabile-21972\/black-11581\/custom\/","sv":"\/sv\/p-pr-7634-men-s-padded-vest-vadderad-vast-7634-anpassningsbar-21972\/black-11581\/custom\/","pt":"\/pt\/p-pr-7634-men-s-padded-vest-colete-acolchoado-7634-personalizavel-21972\/black-11581\/custom\/","da":"\/da\/p-pr-7634-men-s-padded-vest-polstret-vest-7634-kan-tilpasses-21972\/black-11581\/custom\/","pl":"\/pl\/p-pr-7634-men-s-padded-vest-kamizelka-puchowa-7634-z-mozliwoscia-personalizacji-21972\/black-11581\/custom\/"}},{"id":25245,"name":"steel_gray","class_ids":[3],"codes_hexa":["8D8884"],"delai_24":false,"has_3d":false,"seuil_global":0,"stock_local":0,"stock_global":110,"on_standby":false,"in_catalog":true,"images":{"miniature":["https:\/\/media.th4.com\/RKMPElD3D9vyScu_Hptqn6E8RG5KEWUpK3CNUWXMOd4\/pr:80\/aHR0cDovL21lZGlhMi5kZXNpZ25wYXJ0bmVyLmZyL2MvcC8yMTk3Mi8yMTk3Mi0yNTI0NS0xLndlYnA?v=1773657812","https:\/\/media.th4.com\/u0xr8sO0Co_1vj1ksM29caTD4Vcd01fQxPbIGASVTUA\/pr:80\/aHR0cDovL21lZGlhMi5kZXNpZ25wYXJ0bmVyLmZyL2MvcC8yMTk3Mi8yMTk3Mi0yNTI0NS0yLndlYnA?v=1773657813","https:\/\/media.th4.com\/bCeArDmKOkbD3eMi0Rgh5sdC2r-uadiCni6gIizpnOk\/pr:80\/aHR0cDovL21lZGlhMi5kZXNpZ25wYXJ0bmVyLmZyL2MvcC8yMTk3Mi8yMTk3Mi0yNTI0NS0zLndlYnA?v=1773657813"],"medium":["https:\/\/media.th4.com\/wEpIDnACCmlYvdFZYkM4B0IXmDoZumUwocJ7OmAqVrc\/pr:550x550\/aHR0cDovL21lZGlhMi5kZXNpZ25wYXJ0bmVyLmZyL2MvcC8yMTk3Mi8yMTk3Mi0yNTI0NS0xLndlYnA?v=1773657812","https:\/\/media.th4.com\/rYfc5iAnIiXzw6yW_ut7gwrbFmWiM9t_bDP7jJ0RCUI\/pr:550x550\/aHR0cDovL21lZGlhMi5kZXNpZ25wYXJ0bmVyLmZyL2MvcC8yMTk3Mi8yMTk3Mi0yNTI0NS0yLndlYnA?v=1773657813","https:\/\/media.th4.com\/_sgE1fk81zqgTccRqP83XrkHTPODS1Z01Mx79iXiFvw\/pr:550x550\/aHR0cDovL21lZGlhMi5kZXNpZ25wYXJ0bmVyLmZyL2MvcC8yMTk3Mi8yMTk3Mi0yNTI0NS0zLndlYnA?v=1773657813"],"medium_large":["https:\/\/media.th4.com\/bNxIFQI-r8WxgvR35NpUT2J4J88gOg6NE39q-Tf87Ic\/pr:1000x1000\/aHR0cDovL21lZGlhMi5kZXNpZ25wYXJ0bmVyLmZyL2MvcC8yMTk3Mi8yMTk3Mi0yNTI0NS0xLndlYnA?v=1773657812","https:\/\/media.th4.com\/ujchZTkSM88nF252uSxh1X7uLpyz7Cvxd4H7vKhgUFg\/pr:1000x1000\/aHR0cDovL21lZGlhMi5kZXNpZ25wYXJ0bmVyLmZyL2MvcC8yMTk3Mi8yMTk3Mi0yNTI0NS0yLndlYnA?v=1773657813","https:\/\/media.th4.com\/GugH9XwESwpc5CiY4KiWO7CoVgnK30zrkNfIN6CB2lM\/pr:1000x1000\/aHR0cDovL21lZGlhMi5kZXNpZ25wYXJ0bmVyLmZyL2MvcC8yMTk3Mi8yMTk3Mi0yNTI0NS0zLndlYnA?v=1773657813"],"large":["https:\/\/media.th4.com\/ac8JJQCsZvqJ4Ze5eGlZKc2LyNLfvEizp9GO4Thgxqo\/pr:1920\/aHR0cDovL21lZGlhMi5kZXNpZ25wYXJ0bmVyLmZyL2MvcC8yMTk3Mi8yMTk3Mi0yNTI0NS0xLndlYnA?v=1773657812","https:\/\/media.th4.com\/dwy2vxGbLC3eGK2iGaqgk5CIBP6NE-gJuexWjLVXf-0\/pr:1920\/aHR0cDovL21lZGlhMi5kZXNpZ25wYXJ0bmVyLmZyL2MvcC8yMTk3Mi8yMTk3Mi0yNTI0NS0yLndlYnA?v=1773657813","https:\/\/media.th4.com\/k4sqrwFU2LpS7JVycWVo28GHuXeY9SUtPEdlSoVLgGk\/pr:1920\/aHR0cDovL21lZGlhMi5kZXNpZ25wYXJ0bmVyLmZyL2MvcC8yMTk3Mi8yMTk3Mi0yNTI0NS0zLndlYnA?v=1773657813"],"opengraph":["https:\/\/media.th4.com\/MeVM8329fQmB8Y8gWSNoPPdeEo2_Ry8VEHlgpKtJpp4\/pr:1200x630\/aHR0cDovL21lZGlhMi5kZXNpZ25wYXJ0bmVyLmZyL2MvcC8yMTk3Mi8yMTk3Mi0yNTI0NS0xLndlYnA?v=1773657812","https:\/\/media.th4.com\/c_7mwz85nxCGveY0dP-H9zoAfoFf_LRz9vholfjVmxQ\/pr:1200x630\/aHR0cDovL21lZGlhMi5kZXNpZ25wYXJ0bmVyLmZyL2MvcC8yMTk3Mi8yMTk3Mi0yNTI0NS0yLndlYnA?v=1773657813","https:\/\/media.th4.com\/0lTaRH58KJm48C0cxhle2B4aADb-AO25cvetet3av1Y\/pr:1200x630\/aHR0cDovL21lZGlhMi5kZXNpZ25wYXJ0bmVyLmZyL2MvcC8yMTk3Mi8yMTk3Mi0yNTI0NS0zLndlYnA?v=1773657813"]},"images_customization":{"miniature":["https:\/\/media.th4.com\/RKMPElD3D9vyScu_Hptqn6E8RG5KEWUpK3CNUWXMOd4\/pr:80\/aHR0cDovL21lZGlhMi5kZXNpZ25wYXJ0bmVyLmZyL2MvcC8yMTk3Mi8yMTk3Mi0yNTI0NS0xLndlYnA?v=1773657812","https:\/\/media.th4.com\/u0xr8sO0Co_1vj1ksM29caTD4Vcd01fQxPbIGASVTUA\/pr:80\/aHR0cDovL21lZGlhMi5kZXNpZ25wYXJ0bmVyLmZyL2MvcC8yMTk3Mi8yMTk3Mi0yNTI0NS0yLndlYnA?v=1773657813","https:\/\/media.th4.com\/bCeArDmKOkbD3eMi0Rgh5sdC2r-uadiCni6gIizpnOk\/pr:80\/aHR0cDovL21lZGlhMi5kZXNpZ25wYXJ0bmVyLmZyL2MvcC8yMTk3Mi8yMTk3Mi0yNTI0NS0zLndlYnA?v=1773657813"],"medium":["https:\/\/media.th4.com\/wEpIDnACCmlYvdFZYkM4B0IXmDoZumUwocJ7OmAqVrc\/pr:550x550\/aHR0cDovL21lZGlhMi5kZXNpZ25wYXJ0bmVyLmZyL2MvcC8yMTk3Mi8yMTk3Mi0yNTI0NS0xLndlYnA?v=1773657812","https:\/\/media.th4.com\/rYfc5iAnIiXzw6yW_ut7gwrbFmWiM9t_bDP7jJ0RCUI\/pr:550x550\/aHR0cDovL21lZGlhMi5kZXNpZ25wYXJ0bmVyLmZyL2MvcC8yMTk3Mi8yMTk3Mi0yNTI0NS0yLndlYnA?v=1773657813","https:\/\/media.th4.com\/_sgE1fk81zqgTccRqP83XrkHTPODS1Z01Mx79iXiFvw\/pr:550x550\/aHR0cDovL21lZGlhMi5kZXNpZ25wYXJ0bmVyLmZyL2MvcC8yMTk3Mi8yMTk3Mi0yNTI0NS0zLndlYnA?v=1773657813"],"medium_large":["https:\/\/media.th4.com\/bNxIFQI-r8WxgvR35NpUT2J4J88gOg6NE39q-Tf87Ic\/pr:1000x1000\/aHR0cDovL21lZGlhMi5kZXNpZ25wYXJ0bmVyLmZyL2MvcC8yMTk3Mi8yMTk3Mi0yNTI0NS0xLndlYnA?v=1773657812","https:\/\/media.th4.com\/ujchZTkSM88nF252uSxh1X7uLpyz7Cvxd4H7vKhgUFg\/pr:1000x1000\/aHR0cDovL21lZGlhMi5kZXNpZ25wYXJ0bmVyLmZyL2MvcC8yMTk3Mi8yMTk3Mi0yNTI0NS0yLndlYnA?v=1773657813","https:\/\/media.th4.com\/GugH9XwESwpc5CiY4KiWO7CoVgnK30zrkNfIN6CB2lM\/pr:1000x1000\/aHR0cDovL21lZGlhMi5kZXNpZ25wYXJ0bmVyLmZyL2MvcC8yMTk3Mi8yMTk3Mi0yNTI0NS0zLndlYnA?v=1773657813"],"large":["https:\/\/media.th4.com\/ac8JJQCsZvqJ4Ze5eGlZKc2LyNLfvEizp9GO4Thgxqo\/pr:1920\/aHR0cDovL21lZGlhMi5kZXNpZ25wYXJ0bmVyLmZyL2MvcC8yMTk3Mi8yMTk3Mi0yNTI0NS0xLndlYnA?v=1773657812","https:\/\/media.th4.com\/dwy2vxGbLC3eGK2iGaqgk5CIBP6NE-gJuexWjLVXf-0\/pr:1920\/aHR0cDovL21lZGlhMi5kZXNpZ25wYXJ0bmVyLmZyL2MvcC8yMTk3Mi8yMTk3Mi0yNTI0NS0yLndlYnA?v=1773657813","https:\/\/media.th4.com\/k4sqrwFU2LpS7JVycWVo28GHuXeY9SUtPEdlSoVLgGk\/pr:1920\/aHR0cDovL21lZGlhMi5kZXNpZ25wYXJ0bmVyLmZyL2MvcC8yMTk3Mi8yMTk3Mi0yNTI0NS0zLndlYnA?v=1773657813"],"opengraph":["https:\/\/media.th4.com\/MeVM8329fQmB8Y8gWSNoPPdeEo2_Ry8VEHlgpKtJpp4\/pr:1200x630\/aHR0cDovL21lZGlhMi5kZXNpZ25wYXJ0bmVyLmZyL2MvcC8yMTk3Mi8yMTk3Mi0yNTI0NS0xLndlYnA?v=1773657812","https:\/\/media.th4.com\/c_7mwz85nxCGveY0dP-H9zoAfoFf_LRz9vholfjVmxQ\/pr:1200x630\/aHR0cDovL21lZGlhMi5kZXNpZ25wYXJ0bmVyLmZyL2MvcC8yMTk3Mi8yMTk3Mi0yNTI0NS0yLndlYnA?v=1773657813","https:\/\/media.th4.com\/0lTaRH58KJm48C0cxhle2B4aADb-AO25cvetet3av1Y\/pr:1200x630\/aHR0cDovL21lZGlhMi5kZXNpZ25wYXJ0bmVyLmZyL2MvcC8yMTk3Mi8yMTk3Mi0yNTI0NS0zLndlYnA?v=1773657813"]},"country_origin":"CN","traceability":{"manufacturing_country_id":61,"weaving_country_id":61,"dyeing_country_id":61},"sizes":[{"id":3,"article_id":541920,"class_id":3,"name":"S","on_standby":false,"stock_local":0,"stock_global":10,"multiple":1,"estimated_date_reassort":null,"is_destocking":false},{"id":2,"article_id":541919,"class_id":4,"name":"M","on_standby":false,"stock_local":0,"stock_global":13,"multiple":1,"estimated_date_reassort":null,"is_destocking":false},{"id":1,"article_id":541918,"class_id":5,"name":"L","on_standby":false,"stock_local":0,"stock_global":22,"multiple":1,"estimated_date_reassort":null,"is_destocking":false},{"id":4,"article_id":541921,"class_id":6,"name":"XL","on_standby":false,"stock_local":0,"stock_global":14,"multiple":1,"estimated_date_reassort":null,"is_destocking":false},{"id":1116,"article_id":541922,"class_id":7,"name":"2XL","on_standby":false,"stock_local":0,"stock_global":14,"multiple":1,"estimated_date_reassort":null,"is_destocking":false},{"id":1081,"article_id":541915,"class_id":8,"name":"3XL","on_standby":false,"stock_local":0,"stock_global":12,"multiple":1,"estimated_date_reassort":null,"is_destocking":false},{"id":16,"article_id":541916,"class_id":9,"name":"4XL","on_standby":false,"stock_local":0,"stock_global":12,"multiple":1,"estimated_date_reassort":null,"is_destocking":false},{"id":168,"article_id":541917,"class_id":10,"name":"5XL","on_standby":false,"stock_local":0,"stock_global":13,"multiple":1,"estimated_date_reassort":null,"is_destocking":false}],"page_links":{"fr":"\/fr\/p-pr-7634-men-s-padded-vest-doudoune-7634-21972\/steel-gray-25245\/","en":"\/en\/p-pr-7634-men-s-padded-vest-padded-vest-7634-21972\/steel-gray-25245\/","de":"\/de\/p-pr-7634-men-s-padded-vest-steppweste-7634-21972\/steel-gray-25245\/","nl":"\/nl\/p-pr-7634-men-s-padded-vest-bodywarmer-7634-21972\/steel-gray-25245\/","es":"\/es\/p-pr-7634-men-s-padded-vest-chaleco-acolchado-7634-21972\/steel-gray-25245\/","it":"\/it\/p-pr-7634-men-s-padded-vest-piumino-7634-21972\/steel-gray-25245\/","sv":"\/sv\/p-pr-7634-men-s-padded-vest-vadderad-vast-7634-21972\/steel-gray-25245\/","pt":"\/pt\/p-pr-7634-men-s-padded-vest-colete-acolchoado-7634-21972\/steel-gray-25245\/","da":"\/da\/p-pr-7634-men-s-padded-vest-polstret-vest-7634-21972\/steel-gray-25245\/","pl":"\/pl\/p-pr-7634-men-s-padded-vest-kamizelka-pikowana-7634-21972\/steel-gray-25245\/"},"page_links_customization":{"fr":"\/fr\/p-pr-7634-men-s-padded-vest-doudoune-7634-personnalisable-21972\/steel-gray-25245\/custom\/","en":"\/en\/p-pr-7634-men-s-padded-vest-padded-vest-7634-customizable-21972\/steel-gray-25245\/custom\/","de":"\/de\/p-pr-7634-men-s-padded-vest-steppweste-7634-personalisierbar-21972\/steel-gray-25245\/custom\/","nl":"\/nl\/p-pr-7634-men-s-padded-vest-gewatteerde-bodywarmer-7634-personaliseerbaar-21972\/steel-gray-25245\/custom\/","es":"\/es\/p-pr-7634-men-s-padded-vest-chaleco-acolchado-7634-personalizable-21972\/steel-gray-25245\/custom\/","it":"\/it\/p-pr-7634-men-s-padded-vest-piumino-senza-maniche-7634-personalizzabile-21972\/steel-gray-25245\/custom\/","sv":"\/sv\/p-pr-7634-men-s-padded-vest-vadderad-vast-7634-anpassningsbar-21972\/steel-gray-25245\/custom\/","pt":"\/pt\/p-pr-7634-men-s-padded-vest-colete-acolchoado-7634-personalizavel-21972\/steel-gray-25245\/custom\/","da":"\/da\/p-pr-7634-men-s-padded-vest-polstret-vest-7634-kan-tilpasses-21972\/steel-gray-25245\/custom\/","pl":"\/pl\/p-pr-7634-men-s-padded-vest-kamizelka-puchowa-7634-z-mozliwoscia-personalizacji-21972\/steel-gray-25245\/custom\/"}},{"id":25249,"name":"french_navy","class_ids":[2],"codes_hexa":["283756"],"delai_24":false,"has_3d":false,"seuil_global":0,"stock_local":0,"stock_global":106,"on_standby":false,"in_catalog":true,"images":{"miniature":["https:\/\/media.th4.com\/PDR5PnVUk9Qrw-Z6OyZO-gMChUp7AlwozMxhT8dqY6E\/pr:80\/aHR0cDovL21lZGlhMi5kZXNpZ25wYXJ0bmVyLmZyL2MvcC8yMTk3Mi8yMTk3Mi0yNTI0OS0xLndlYnA?v=1773657810","https:\/\/media.th4.com\/Atil2rjQG4hlt-fpY0f3TpHi8LBCKT01zfWrPnMkVAc\/pr:80\/aHR0cDovL21lZGlhMi5kZXNpZ25wYXJ0bmVyLmZyL2MvcC8yMTk3Mi8yMTk3Mi0yNTI0OS0yLndlYnA?v=1773657810","https:\/\/media.th4.com\/5jHYfOJohJSvRNSKDyq972EHJN8DHXrUNyM3TK-YzGw\/pr:80\/aHR0cDovL21lZGlhMi5kZXNpZ25wYXJ0bmVyLmZyL2MvcC8yMTk3Mi8yMTk3Mi0yNTI0OS0zLndlYnA?v=1773657810"],"medium":["https:\/\/media.th4.com\/umFoNzZt0fDHLkLHLiaAWCNtpLu-hQmaB_rIHWNXbN0\/pr:550x550\/aHR0cDovL21lZGlhMi5kZXNpZ25wYXJ0bmVyLmZyL2MvcC8yMTk3Mi8yMTk3Mi0yNTI0OS0xLndlYnA?v=1773657810","https:\/\/media.th4.com\/kksMF5W2ObM4h3StHY5yXQEiwcRi_2Em4R_a0KimYuk\/pr:550x550\/aHR0cDovL21lZGlhMi5kZXNpZ25wYXJ0bmVyLmZyL2MvcC8yMTk3Mi8yMTk3Mi0yNTI0OS0yLndlYnA?v=1773657810","https:\/\/media.th4.com\/1i9MJ183v5QY0VAII4zF7JywptDFar3vvdypiXHx1XI\/pr:550x550\/aHR0cDovL21lZGlhMi5kZXNpZ25wYXJ0bmVyLmZyL2MvcC8yMTk3Mi8yMTk3Mi0yNTI0OS0zLndlYnA?v=1773657810"],"medium_large":["https:\/\/media.th4.com\/qxxuVRRlz7zcnJCRG0-l_dK3sjg6-I5FFkw5VCvHBho\/pr:1000x1000\/aHR0cDovL21lZGlhMi5kZXNpZ25wYXJ0bmVyLmZyL2MvcC8yMTk3Mi8yMTk3Mi0yNTI0OS0xLndlYnA?v=1773657810","https:\/\/media.th4.com\/jRwT2Vd8WVvxVyXUAq0ab74v9Il19WJvIzSs64HFf-8\/pr:1000x1000\/aHR0cDovL21lZGlhMi5kZXNpZ25wYXJ0bmVyLmZyL2MvcC8yMTk3Mi8yMTk3Mi0yNTI0OS0yLndlYnA?v=1773657810","https:\/\/media.th4.com\/9NFFJ4LOtrT0OJkUlfZInypu0yrwFUY_QY39TZ1gxgg\/pr:1000x1000\/aHR0cDovL21lZGlhMi5kZXNpZ25wYXJ0bmVyLmZyL2MvcC8yMTk3Mi8yMTk3Mi0yNTI0OS0zLndlYnA?v=1773657810"],"large":["https:\/\/media.th4.com\/MIWt8uXkXU4XiDOtM7UIyVOUFs8eh6uBSOl6qvK6HJM\/pr:1920\/aHR0cDovL21lZGlhMi5kZXNpZ25wYXJ0bmVyLmZyL2MvcC8yMTk3Mi8yMTk3Mi0yNTI0OS0xLndlYnA?v=1773657810","https:\/\/media.th4.com\/vp6A6J78HEBntZruDx5XZelx9I3rQWTBKbggguLPaI4\/pr:1920\/aHR0cDovL21lZGlhMi5kZXNpZ25wYXJ0bmVyLmZyL2MvcC8yMTk3Mi8yMTk3Mi0yNTI0OS0yLndlYnA?v=1773657810","https:\/\/media.th4.com\/dKnWWm5K96DnH8L_6F3Bf569Ta9SxqE072TMcVnaNP4\/pr:1920\/aHR0cDovL21lZGlhMi5kZXNpZ25wYXJ0bmVyLmZyL2MvcC8yMTk3Mi8yMTk3Mi0yNTI0OS0zLndlYnA?v=1773657810"],"opengraph":["https:\/\/media.th4.com\/UHLTu4PSQNkFk1D2TXpJb_aUKslKCL6J8xJdFxHjuOc\/pr:1200x630\/aHR0cDovL21lZGlhMi5kZXNpZ25wYXJ0bmVyLmZyL2MvcC8yMTk3Mi8yMTk3Mi0yNTI0OS0xLndlYnA?v=1773657810","https:\/\/media.th4.com\/IKay6KFDQ_vUKsMMT6AE_ijUsgvICrGn_zl2FG-itKM\/pr:1200x630\/aHR0cDovL21lZGlhMi5kZXNpZ25wYXJ0bmVyLmZyL2MvcC8yMTk3Mi8yMTk3Mi0yNTI0OS0yLndlYnA?v=1773657810","https:\/\/media.th4.com\/VghSV_vU5AgH4usYzDa3wP61vv3cIfPQdfEocP0hPnY\/pr:1200x630\/aHR0cDovL21lZGlhMi5kZXNpZ25wYXJ0bmVyLmZyL2MvcC8yMTk3Mi8yMTk3Mi0yNTI0OS0zLndlYnA?v=1773657810"]},"images_customization":{"miniature":["https:\/\/media.th4.com\/PDR5PnVUk9Qrw-Z6OyZO-gMChUp7AlwozMxhT8dqY6E\/pr:80\/aHR0cDovL21lZGlhMi5kZXNpZ25wYXJ0bmVyLmZyL2MvcC8yMTk3Mi8yMTk3Mi0yNTI0OS0xLndlYnA?v=1773657810","https:\/\/media.th4.com\/Atil2rjQG4hlt-fpY0f3TpHi8LBCKT01zfWrPnMkVAc\/pr:80\/aHR0cDovL21lZGlhMi5kZXNpZ25wYXJ0bmVyLmZyL2MvcC8yMTk3Mi8yMTk3Mi0yNTI0OS0yLndlYnA?v=1773657810","https:\/\/media.th4.com\/5jHYfOJohJSvRNSKDyq972EHJN8DHXrUNyM3TK-YzGw\/pr:80\/aHR0cDovL21lZGlhMi5kZXNpZ25wYXJ0bmVyLmZyL2MvcC8yMTk3Mi8yMTk3Mi0yNTI0OS0zLndlYnA?v=1773657810"],"medium":["https:\/\/media.th4.com\/umFoNzZt0fDHLkLHLiaAWCNtpLu-hQmaB_rIHWNXbN0\/pr:550x550\/aHR0cDovL21lZGlhMi5kZXNpZ25wYXJ0bmVyLmZyL2MvcC8yMTk3Mi8yMTk3Mi0yNTI0OS0xLndlYnA?v=1773657810","https:\/\/media.th4.com\/kksMF5W2ObM4h3StHY5yXQEiwcRi_2Em4R_a0KimYuk\/pr:550x550\/aHR0cDovL21lZGlhMi5kZXNpZ25wYXJ0bmVyLmZyL2MvcC8yMTk3Mi8yMTk3Mi0yNTI0OS0yLndlYnA?v=1773657810","https:\/\/media.th4.com\/1i9MJ183v5QY0VAII4zF7JywptDFar3vvdypiXHx1XI\/pr:550x550\/aHR0cDovL21lZGlhMi5kZXNpZ25wYXJ0bmVyLmZyL2MvcC8yMTk3Mi8yMTk3Mi0yNTI0OS0zLndlYnA?v=1773657810"],"medium_large":["https:\/\/media.th4.com\/qxxuVRRlz7zcnJCRG0-l_dK3sjg6-I5FFkw5VCvHBho\/pr:1000x1000\/aHR0cDovL21lZGlhMi5kZXNpZ25wYXJ0bmVyLmZyL2MvcC8yMTk3Mi8yMTk3Mi0yNTI0OS0xLndlYnA?v=1773657810","https:\/\/media.th4.com\/jRwT2Vd8WVvxVyXUAq0ab74v9Il19WJvIzSs64HFf-8\/pr:1000x1000\/aHR0cDovL21lZGlhMi5kZXNpZ25wYXJ0bmVyLmZyL2MvcC8yMTk3Mi8yMTk3Mi0yNTI0OS0yLndlYnA?v=1773657810","https:\/\/media.th4.com\/9NFFJ4LOtrT0OJkUlfZInypu0yrwFUY_QY39TZ1gxgg\/pr:1000x1000\/aHR0cDovL21lZGlhMi5kZXNpZ25wYXJ0bmVyLmZyL2MvcC8yMTk3Mi8yMTk3Mi0yNTI0OS0zLndlYnA?v=1773657810"],"large":["https:\/\/media.th4.com\/MIWt8uXkXU4XiDOtM7UIyVOUFs8eh6uBSOl6qvK6HJM\/pr:1920\/aHR0cDovL21lZGlhMi5kZXNpZ25wYXJ0bmVyLmZyL2MvcC8yMTk3Mi8yMTk3Mi0yNTI0OS0xLndlYnA?v=1773657810","https:\/\/media.th4.com\/vp6A6J78HEBntZruDx5XZelx9I3rQWTBKbggguLPaI4\/pr:1920\/aHR0cDovL21lZGlhMi5kZXNpZ25wYXJ0bmVyLmZyL2MvcC8yMTk3Mi8yMTk3Mi0yNTI0OS0yLndlYnA?v=1773657810","https:\/\/media.th4.com\/dKnWWm5K96DnH8L_6F3Bf569Ta9SxqE072TMcVnaNP4\/pr:1920\/aHR0cDovL21lZGlhMi5kZXNpZ25wYXJ0bmVyLmZyL2MvcC8yMTk3Mi8yMTk3Mi0yNTI0OS0zLndlYnA?v=1773657810"],"opengraph":["https:\/\/media.th4.com\/UHLTu4PSQNkFk1D2TXpJb_aUKslKCL6J8xJdFxHjuOc\/pr:1200x630\/aHR0cDovL21lZGlhMi5kZXNpZ25wYXJ0bmVyLmZyL2MvcC8yMTk3Mi8yMTk3Mi0yNTI0OS0xLndlYnA?v=1773657810","https:\/\/media.th4.com\/IKay6KFDQ_vUKsMMT6AE_ijUsgvICrGn_zl2FG-itKM\/pr:1200x630\/aHR0cDovL21lZGlhMi5kZXNpZ25wYXJ0bmVyLmZyL2MvcC8yMTk3Mi8yMTk3Mi0yNTI0OS0yLndlYnA?v=1773657810","https:\/\/media.th4.com\/VghSV_vU5AgH4usYzDa3wP61vv3cIfPQdfEocP0hPnY\/pr:1200x630\/aHR0cDovL21lZGlhMi5kZXNpZ25wYXJ0bmVyLmZyL2MvcC8yMTk3Mi8yMTk3Mi0yNTI0OS0zLndlYnA?v=1773657810"]},"country_origin":"CN","traceability":{"manufacturing_country_id":61,"weaving_country_id":61,"dyeing_country_id":61},"sizes":[{"id":3,"article_id":541904,"class_id":3,"name":"S","on_standby":false,"stock_local":0,"stock_global":20,"multiple":1,"estimated_date_reassort":null,"is_destocking":false},{"id":2,"article_id":541903,"class_id":4,"name":"M","on_standby":false,"stock_local":0,"stock_global":21,"multiple":1,"estimated_date_reassort":null,"is_destocking":false},{"id":1,"article_id":541902,"class_id":5,"name":"L","on_standby":false,"stock_local":0,"stock_global":13,"multiple":1,"estimated_date_reassort":null,"is_destocking":false},{"id":4,"article_id":541905,"class_id":6,"name":"XL","on_standby":false,"stock_local":0,"stock_global":13,"multiple":1,"estimated_date_reassort":null,"is_destocking":false},{"id":1116,"article_id":541906,"class_id":7,"name":"2XL","on_standby":false,"stock_local":0,"stock_global":13,"multiple":1,"estimated_date_reassort":null,"is_destocking":false},{"id":1081,"article_id":541899,"class_id":8,"name":"3XL","on_standby":false,"stock_local":0,"stock_global":7,"multiple":1,"estimated_date_reassort":null,"is_destocking":false},{"id":16,"article_id":541900,"class_id":9,"name":"4XL","on_standby":false,"stock_local":0,"stock_global":6,"multiple":1,"estimated_date_reassort":null,"is_destocking":false},{"id":168,"article_id":541901,"class_id":10,"name":"5XL","on_standby":false,"stock_local":0,"stock_global":13,"multiple":1,"estimated_date_reassort":null,"is_destocking":false}],"page_links":{"fr":"\/fr\/p-pr-7634-men-s-padded-vest-doudoune-7634-21972\/french-navy-25249\/","en":"\/en\/p-pr-7634-men-s-padded-vest-padded-vest-7634-21972\/french-navy-25249\/","de":"\/de\/p-pr-7634-men-s-padded-vest-steppweste-7634-21972\/french-navy-25249\/","nl":"\/nl\/p-pr-7634-men-s-padded-vest-bodywarmer-7634-21972\/french-navy-25249\/","es":"\/es\/p-pr-7634-men-s-padded-vest-chaleco-acolchado-7634-21972\/french-navy-25249\/","it":"\/it\/p-pr-7634-men-s-padded-vest-piumino-7634-21972\/french-navy-25249\/","sv":"\/sv\/p-pr-7634-men-s-padded-vest-vadderad-vast-7634-21972\/french-navy-25249\/","pt":"\/pt\/p-pr-7634-men-s-padded-vest-colete-acolchoado-7634-21972\/french-navy-25249\/","da":"\/da\/p-pr-7634-men-s-padded-vest-polstret-vest-7634-21972\/french-navy-25249\/","pl":"\/pl\/p-pr-7634-men-s-padded-vest-kamizelka-pikowana-7634-21972\/french-navy-25249\/"},"page_links_customization":{"fr":"\/fr\/p-pr-7634-men-s-padded-vest-doudoune-7634-personnalisable-21972\/french-navy-25249\/custom\/","en":"\/en\/p-pr-7634-men-s-padded-vest-padded-vest-7634-customizable-21972\/french-navy-25249\/custom\/","de":"\/de\/p-pr-7634-men-s-padded-vest-steppweste-7634-personalisierbar-21972\/french-navy-25249\/custom\/","nl":"\/nl\/p-pr-7634-men-s-padded-vest-gewatteerde-bodywarmer-7634-personaliseerbaar-21972\/french-navy-25249\/custom\/","es":"\/es\/p-pr-7634-men-s-padded-vest-chaleco-acolchado-7634-personalizable-21972\/french-navy-25249\/custom\/","it":"\/it\/p-pr-7634-men-s-padded-vest-piumino-senza-maniche-7634-personalizzabile-21972\/french-navy-25249\/custom\/","sv":"\/sv\/p-pr-7634-men-s-padded-vest-vadderad-vast-7634-anpassningsbar-21972\/french-navy-25249\/custom\/","pt":"\/pt\/p-pr-7634-men-s-padded-vest-colete-acolchoado-7634-personalizavel-21972\/french-navy-25249\/custom\/","da":"\/da\/p-pr-7634-men-s-padded-vest-polstret-vest-7634-kan-tilpasses-21972\/french-navy-25249\/custom\/","pl":"\/pl\/p-pr-7634-men-s-padded-vest-kamizelka-puchowa-7634-z-mozliwoscia-personalizacji-21972\/french-navy-25249\/custom\/"}},{"id":11585,"name":"navy","class_ids":[2],"codes_hexa":["031739"],"delai_24":false,"has_3d":false,"seuil_global":0,"stock_local":0,"stock_global":80,"on_standby":false,"in_catalog":true,"images":{"miniature":["https:\/\/media.th4.com\/BgMlGNgman-iBLAkR9oEi2-o9Z71ZF4KVUcOBQxUE6A\/pr:80\/aHR0cDovL21lZGlhMi5kZXNpZ25wYXJ0bmVyLmZyL2MvcC8yMTk3Mi8yMTk3Mi0xMTU4NS0xLndlYnA?v=1773657811","https:\/\/media.th4.com\/E7hEWUtv0KHTmTfzg22u7AdWAt8JrSIBjX4PvzaQV_o\/pr:80\/aHR0cDovL21lZGlhMi5kZXNpZ25wYXJ0bmVyLmZyL2MvcC8yMTk3Mi8yMTk3Mi0xMTU4NS0yLndlYnA?v=1773657811","https:\/\/media.th4.com\/Nl312GityOAR9YULymdrq2fBSWI4zBtUQNqHh-rm7eo\/pr:80\/aHR0cDovL21lZGlhMi5kZXNpZ25wYXJ0bmVyLmZyL2MvcC8yMTk3Mi8yMTk3Mi0xMTU4NS0zLndlYnA?v=1773657812"],"medium":["https:\/\/media.th4.com\/83eJ6PsYA1PCwt0RvdPayxgBfdPj9tDLlCwBscncBqA\/pr:550x550\/aHR0cDovL21lZGlhMi5kZXNpZ25wYXJ0bmVyLmZyL2MvcC8yMTk3Mi8yMTk3Mi0xMTU4NS0xLndlYnA?v=1773657811","https:\/\/media.th4.com\/D6ss4QFpqSi0XOwjRxKju6kiE4HvkT4ZEgT8QOsXjfg\/pr:550x550\/aHR0cDovL21lZGlhMi5kZXNpZ25wYXJ0bmVyLmZyL2MvcC8yMTk3Mi8yMTk3Mi0xMTU4NS0yLndlYnA?v=1773657811","https:\/\/media.th4.com\/6kaM20OugsGoFeSloAchBYGIn04IU4KIR5_agMJEm7s\/pr:550x550\/aHR0cDovL21lZGlhMi5kZXNpZ25wYXJ0bmVyLmZyL2MvcC8yMTk3Mi8yMTk3Mi0xMTU4NS0zLndlYnA?v=1773657812"],"medium_large":["https:\/\/media.th4.com\/MUs8ms2Rwz49YzUoBv06OufBygJMiVkMy85233E3jIY\/pr:1000x1000\/aHR0cDovL21lZGlhMi5kZXNpZ25wYXJ0bmVyLmZyL2MvcC8yMTk3Mi8yMTk3Mi0xMTU4NS0xLndlYnA?v=1773657811","https:\/\/media.th4.com\/a2v0KJKDg4ifUcLrXMOM4dHzjAOFpJJ5Hh8X2ibvIXQ\/pr:1000x1000\/aHR0cDovL21lZGlhMi5kZXNpZ25wYXJ0bmVyLmZyL2MvcC8yMTk3Mi8yMTk3Mi0xMTU4NS0yLndlYnA?v=1773657811","https:\/\/media.th4.com\/U1achONhS1-AxO_-o8iFtVOTx6v9yy6BuHxq0bW8f1U\/pr:1000x1000\/aHR0cDovL21lZGlhMi5kZXNpZ25wYXJ0bmVyLmZyL2MvcC8yMTk3Mi8yMTk3Mi0xMTU4NS0zLndlYnA?v=1773657812"],"large":["https:\/\/media.th4.com\/Uf0vMDvciVcgsjfKBLvnBnKL2lvsfXkrsEZ6Qiv7L7E\/pr:1920\/aHR0cDovL21lZGlhMi5kZXNpZ25wYXJ0bmVyLmZyL2MvcC8yMTk3Mi8yMTk3Mi0xMTU4NS0xLndlYnA?v=1773657811","https:\/\/media.th4.com\/9SBa7315nS3JlB0fIholHx38PwPF5EnXg_XUlMyHnJo\/pr:1920\/aHR0cDovL21lZGlhMi5kZXNpZ25wYXJ0bmVyLmZyL2MvcC8yMTk3Mi8yMTk3Mi0xMTU4NS0yLndlYnA?v=1773657811","https:\/\/media.th4.com\/DmMsxbObOJxLeAIE9MZ9SqkmAL7fdO813WEy6kCeErs\/pr:1920\/aHR0cDovL21lZGlhMi5kZXNpZ25wYXJ0bmVyLmZyL2MvcC8yMTk3Mi8yMTk3Mi0xMTU4NS0zLndlYnA?v=1773657812"],"opengraph":["https:\/\/media.th4.com\/0UFicG2VN7ucsKCBavLDH7f01uO8gfSgMjbBmBEPHxE\/pr:1200x630\/aHR0cDovL21lZGlhMi5kZXNpZ25wYXJ0bmVyLmZyL2MvcC8yMTk3Mi8yMTk3Mi0xMTU4NS0xLndlYnA?v=1773657811","https:\/\/media.th4.com\/T_uvE8dP-P_-ylXRHXEGrnje4c9lAXYwrqjVF-PJZYs\/pr:1200x630\/aHR0cDovL21lZGlhMi5kZXNpZ25wYXJ0bmVyLmZyL2MvcC8yMTk3Mi8yMTk3Mi0xMTU4NS0yLndlYnA?v=1773657811","https:\/\/media.th4.com\/DQ99yC7uu79GBc1BrX4KVYZfvh6zo2oVMvzT7R7WNXE\/pr:1200x630\/aHR0cDovL21lZGlhMi5kZXNpZ25wYXJ0bmVyLmZyL2MvcC8yMTk3Mi8yMTk3Mi0xMTU4NS0zLndlYnA?v=1773657812"]},"images_customization":{"miniature":["https:\/\/media.th4.com\/BgMlGNgman-iBLAkR9oEi2-o9Z71ZF4KVUcOBQxUE6A\/pr:80\/aHR0cDovL21lZGlhMi5kZXNpZ25wYXJ0bmVyLmZyL2MvcC8yMTk3Mi8yMTk3Mi0xMTU4NS0xLndlYnA?v=1773657811","https:\/\/media.th4.com\/E7hEWUtv0KHTmTfzg22u7AdWAt8JrSIBjX4PvzaQV_o\/pr:80\/aHR0cDovL21lZGlhMi5kZXNpZ25wYXJ0bmVyLmZyL2MvcC8yMTk3Mi8yMTk3Mi0xMTU4NS0yLndlYnA?v=1773657811","https:\/\/media.th4.com\/Nl312GityOAR9YULymdrq2fBSWI4zBtUQNqHh-rm7eo\/pr:80\/aHR0cDovL21lZGlhMi5kZXNpZ25wYXJ0bmVyLmZyL2MvcC8yMTk3Mi8yMTk3Mi0xMTU4NS0zLndlYnA?v=1773657812"],"medium":["https:\/\/media.th4.com\/83eJ6PsYA1PCwt0RvdPayxgBfdPj9tDLlCwBscncBqA\/pr:550x550\/aHR0cDovL21lZGlhMi5kZXNpZ25wYXJ0bmVyLmZyL2MvcC8yMTk3Mi8yMTk3Mi0xMTU4NS0xLndlYnA?v=1773657811","https:\/\/media.th4.com\/D6ss4QFpqSi0XOwjRxKju6kiE4HvkT4ZEgT8QOsXjfg\/pr:550x550\/aHR0cDovL21lZGlhMi5kZXNpZ25wYXJ0bmVyLmZyL2MvcC8yMTk3Mi8yMTk3Mi0xMTU4NS0yLndlYnA?v=1773657811","https:\/\/media.th4.com\/6kaM20OugsGoFeSloAchBYGIn04IU4KIR5_agMJEm7s\/pr:550x550\/aHR0cDovL21lZGlhMi5kZXNpZ25wYXJ0bmVyLmZyL2MvcC8yMTk3Mi8yMTk3Mi0xMTU4NS0zLndlYnA?v=1773657812"],"medium_large":["https:\/\/media.th4.com\/MUs8ms2Rwz49YzUoBv06OufBygJMiVkMy85233E3jIY\/pr:1000x1000\/aHR0cDovL21lZGlhMi5kZXNpZ25wYXJ0bmVyLmZyL2MvcC8yMTk3Mi8yMTk3Mi0xMTU4NS0xLndlYnA?v=1773657811","https:\/\/media.th4.com\/a2v0KJKDg4ifUcLrXMOM4dHzjAOFpJJ5Hh8X2ibvIXQ\/pr:1000x1000\/aHR0cDovL21lZGlhMi5kZXNpZ25wYXJ0bmVyLmZyL2MvcC8yMTk3Mi8yMTk3Mi0xMTU4NS0yLndlYnA?v=1773657811","https:\/\/media.th4.com\/U1achONhS1-AxO_-o8iFtVOTx6v9yy6BuHxq0bW8f1U\/pr:1000x1000\/aHR0cDovL21lZGlhMi5kZXNpZ25wYXJ0bmVyLmZyL2MvcC8yMTk3Mi8yMTk3Mi0xMTU4NS0zLndlYnA?v=1773657812"],"large":["https:\/\/media.th4.com\/Uf0vMDvciVcgsjfKBLvnBnKL2lvsfXkrsEZ6Qiv7L7E\/pr:1920\/aHR0cDovL21lZGlhMi5kZXNpZ25wYXJ0bmVyLmZyL2MvcC8yMTk3Mi8yMTk3Mi0xMTU4NS0xLndlYnA?v=1773657811","https:\/\/media.th4.com\/9SBa7315nS3JlB0fIholHx38PwPF5EnXg_XUlMyHnJo\/pr:1920\/aHR0cDovL21lZGlhMi5kZXNpZ25wYXJ0bmVyLmZyL2MvcC8yMTk3Mi8yMTk3Mi0xMTU4NS0yLndlYnA?v=1773657811","https:\/\/media.th4.com\/DmMsxbObOJxLeAIE9MZ9SqkmAL7fdO813WEy6kCeErs\/pr:1920\/aHR0cDovL21lZGlhMi5kZXNpZ25wYXJ0bmVyLmZyL2MvcC8yMTk3Mi8yMTk3Mi0xMTU4NS0zLndlYnA?v=1773657812"],"opengraph":["https:\/\/media.th4.com\/0UFicG2VN7ucsKCBavLDH7f01uO8gfSgMjbBmBEPHxE\/pr:1200x630\/aHR0cDovL21lZGlhMi5kZXNpZ25wYXJ0bmVyLmZyL2MvcC8yMTk3Mi8yMTk3Mi0xMTU4NS0xLndlYnA?v=1773657811","https:\/\/media.th4.com\/T_uvE8dP-P_-ylXRHXEGrnje4c9lAXYwrqjVF-PJZYs\/pr:1200x630\/aHR0cDovL21lZGlhMi5kZXNpZ25wYXJ0bmVyLmZyL2MvcC8yMTk3Mi8yMTk3Mi0xMTU4NS0yLndlYnA?v=1773657811","https:\/\/media.th4.com\/DQ99yC7uu79GBc1BrX4KVYZfvh6zo2oVMvzT7R7WNXE\/pr:1200x630\/aHR0cDovL21lZGlhMi5kZXNpZ25wYXJ0bmVyLmZyL2MvcC8yMTk3Mi8yMTk3Mi0xMTU4NS0zLndlYnA?v=1773657812"]},"country_origin":"CN","traceability":{"manufacturing_country_id":61,"weaving_country_id":61,"dyeing_country_id":61},"sizes":[{"id":2,"article_id":541911,"class_id":4,"name":"M","on_standby":false,"stock_local":0,"stock_global":13,"multiple":1,"estimated_date_reassort":null,"is_destocking":false},{"id":1,"article_id":541910,"class_id":5,"name":"L","on_standby":false,"stock_local":0,"stock_global":29,"multiple":1,"estimated_date_reassort":null,"is_destocking":false},{"id":4,"article_id":541913,"class_id":6,"name":"XL","on_standby":false,"stock_local":0,"stock_global":7,"multiple":1,"estimated_date_reassort":null,"is_destocking":false},{"id":1116,"article_id":541914,"class_id":7,"name":"2XL","on_standby":false,"stock_local":0,"stock_global":14,"multiple":1,"estimated_date_reassort":null,"is_destocking":false},{"id":1081,"article_id":541907,"class_id":8,"name":"3XL","on_standby":false,"stock_local":0,"stock_global":4,"multiple":1,"estimated_date_reassort":null,"is_destocking":false},{"id":16,"article_id":541908,"class_id":9,"name":"4XL","on_standby":false,"stock_local":0,"stock_global":7,"multiple":1,"estimated_date_reassort":null,"is_destocking":false},{"id":168,"article_id":541909,"class_id":10,"name":"5XL","on_standby":false,"stock_local":0,"stock_global":6,"multiple":1,"estimated_date_reassort":null,"is_destocking":false}],"page_links":{"fr":"\/fr\/p-pr-7634-men-s-padded-vest-doudoune-7634-21972\/navy-11585\/","en":"\/en\/p-pr-7634-men-s-padded-vest-padded-vest-7634-21972\/navy-11585\/","de":"\/de\/p-pr-7634-men-s-padded-vest-steppweste-7634-21972\/navy-11585\/","nl":"\/nl\/p-pr-7634-men-s-padded-vest-bodywarmer-7634-21972\/navy-11585\/","es":"\/es\/p-pr-7634-men-s-padded-vest-chaleco-acolchado-7634-21972\/navy-11585\/","it":"\/it\/p-pr-7634-men-s-padded-vest-piumino-7634-21972\/navy-11585\/","sv":"\/sv\/p-pr-7634-men-s-padded-vest-vadderad-vast-7634-21972\/navy-11585\/","pt":"\/pt\/p-pr-7634-men-s-padded-vest-colete-acolchoado-7634-21972\/navy-11585\/","da":"\/da\/p-pr-7634-men-s-padded-vest-polstret-vest-7634-21972\/navy-11585\/","pl":"\/pl\/p-pr-7634-men-s-padded-vest-kamizelka-pikowana-7634-21972\/navy-11585\/"},"page_links_customization":{"fr":"\/fr\/p-pr-7634-men-s-padded-vest-doudoune-7634-personnalisable-21972\/navy-11585\/custom\/","en":"\/en\/p-pr-7634-men-s-padded-vest-padded-vest-7634-customizable-21972\/navy-11585\/custom\/","de":"\/de\/p-pr-7634-men-s-padded-vest-steppweste-7634-personalisierbar-21972\/navy-11585\/custom\/","nl":"\/nl\/p-pr-7634-men-s-padded-vest-gewatteerde-bodywarmer-7634-personaliseerbaar-21972\/navy-11585\/custom\/","es":"\/es\/p-pr-7634-men-s-padded-vest-chaleco-acolchado-7634-personalizable-21972\/navy-11585\/custom\/","it":"\/it\/p-pr-7634-men-s-padded-vest-piumino-senza-maniche-7634-personalizzabile-21972\/navy-11585\/custom\/","sv":"\/sv\/p-pr-7634-men-s-padded-vest-vadderad-vast-7634-anpassningsbar-21972\/navy-11585\/custom\/","pt":"\/pt\/p-pr-7634-men-s-padded-vest-colete-acolchoado-7634-personalizavel-21972\/navy-11585\/custom\/","da":"\/da\/p-pr-7634-men-s-padded-vest-polstret-vest-7634-kan-tilpasses-21972\/navy-11585\/custom\/","pl":"\/pl\/p-pr-7634-men-s-padded-vest-kamizelka-puchowa-7634-z-mozliwoscia-personalizacji-21972\/navy-11585\/custom\/"}}],"documentation_link":"\/pdf\/21972.pdf","countries_availables":["AD","AE","AL","AT","BA","BD","BE","BG","BL","CA","CH","CN","CO","CY","CZ","DE","DK","DO","EE","EG","ES","ET","FI","FR","GB","GE","GF","GP","GR","GT","HK","HN","HR","HT","HU","ID","IE","IN","IS","IT","JO","JP","KE","KH","KP","KR","LA","LK","LS","LT","LU","LV","MA","MF","MG","MK","MM","MN","MQ","MT","MX","MY","NC","NI","NL","PF","PH","PK","PL","PM","PT","RE","RO","SE","SG","SI","SK","SV","SY","TH","TN","TR","TW","TZ","US","VN","WF","YT"]},"infos_customization":[],"features":{"authorize_multi_surfaces":true,"display_order_delay_type":true,"promote_surface_display":true,"tarification_franco_offert":true,"enabled_3d_editor":false},"markings":[{"id":0,"nom":"vierge","finition":null,"libelle":null,"code":null,"dpi":null,"finesse_forme_isolee":null,"finesse_forme_non_isolee":null,"hauteur_minimale_texte":null,"inactif":0,"marquage_interne":1,"quantite_min":null,"parent_id":null,"print_on_support":0,"content":"vierge","description":null},{"id":2,"nom":"fonce","finition":"optimale","libelle":"TopQuadri","code":null,"dpi":400,"finesse_forme_isolee":"0.040","finesse_forme_non_isolee":"0.700","hauteur_minimale_texte":2,"inactif":0,"marquage_interne":1,"quantite_min":null,"parent_id":18,"print_on_support":0,"content":"TopQuadri","description":"pour petites et moyennes s\u00e9ries"},{"id":3,"nom":"serigraphie","finition":"serigraphie","libelle":"SeriCoat","code":null,"dpi":400,"finesse_forme_isolee":"0.040","finesse_forme_non_isolee":"0.700","hauteur_minimale_texte":2,"inactif":0,"marquage_interne":1,"quantite_min":15,"parent_id":18,"print_on_support":0,"content":"SeriCoat","description":"pour moyennes et grandes s\u00e9ries"},{"id":4,"nom":"broderie","finition":"broderie","libelle":"Broderie","code":null,"dpi":400,"finesse_forme_isolee":"0.040","finesse_forme_non_isolee":"0.700","hauteur_minimale_texte":3,"inactif":0,"marquage_interne":1,"quantite_min":null,"parent_id":null,"print_on_support":0,"content":"Broderie","description":null},{"id":8,"nom":"theme","finition":null,"libelle":"Th\u00e8me","code":null,"dpi":null,"finesse_forme_isolee":null,"finesse_forme_non_isolee":null,"hauteur_minimale_texte":null,"inactif":0,"marquage_interne":1,"quantite_min":null,"parent_id":null,"print_on_support":0,"content":"Th\u00e8me","description":null},{"id":9,"nom":"sans","finition":null,"libelle":null,"code":null,"dpi":null,"finesse_forme_isolee":null,"finesse_forme_non_isolee":null,"hauteur_minimale_texte":null,"inactif":0,"marquage_interne":1,"quantite_min":null,"parent_id":null,"print_on_support":0,"content":"sans","description":null},{"id":10,"nom":"photo","finition":null,"libelle":"Photo","code":null,"dpi":null,"finesse_forme_isolee":null,"finesse_forme_non_isolee":null,"hauteur_minimale_texte":null,"inactif":0,"marquage_interne":1,"quantite_min":null,"parent_id":null,"print_on_support":0,"content":"Photo","description":null},{"id":14,"nom":"couleur","finition":null,"libelle":"Couleur","code":null,"dpi":null,"finesse_forme_isolee":null,"finesse_forme_non_isolee":null,"hauteur_minimale_texte":null,"inactif":0,"marquage_interne":1,"quantite_min":null,"parent_id":null,"print_on_support":0,"content":"Couleur","description":null},{"id":15,"nom":"sublimation","finition":"sublimation","libelle":"Sublimation","code":null,"dpi":null,"finesse_forme_isolee":"0.000","finesse_forme_non_isolee":"0.000","hauteur_minimale_texte":2,"inactif":0,"marquage_interne":1,"quantite_min":null,"parent_id":null,"print_on_support":0,"content":"Sublimation","description":null},{"id":16,"nom":"topquadri_uv","finition":null,"libelle":"TopQuadri UV","code":null,"dpi":null,"finesse_forme_isolee":"0.020","finesse_forme_non_isolee":"0.700","hauteur_minimale_texte":2,"inactif":0,"marquage_interne":1,"quantite_min":null,"parent_id":null,"print_on_support":1,"content":null,"description":null},{"id":17,"nom":"topquadri_uvp","finition":null,"libelle":"TopQuadri UVP","code":null,"dpi":null,"finesse_forme_isolee":"0.020","finesse_forme_non_isolee":"0.700","hauteur_minimale_texte":2,"inactif":0,"marquage_interne":1,"quantite_min":null,"parent_id":null,"print_on_support":1,"content":null,"description":null},{"id":18,"nom":"quadri","finition":null,"libelle":"Impression","code":null,"dpi":null,"finesse_forme_isolee":null,"finesse_forme_non_isolee":null,"hauteur_minimale_texte":null,"inactif":0,"marquage_interne":1,"quantite_min":null,"parent_id":null,"print_on_support":0,"content":null,"description":null}]}}