{"data":{"product":{"id":21963,"titre":"Bucket Hat","description":"Bob en coton. Tissu serg\u00e9. 4 pans. Dimensions (circonf\u00e9rence , hauteur) : S\/M 58 x 8.5 cm - M\/L 61 x 8.5 cm. Composition : 100 % coton organique peign\u00e9.","genre":"","grammage":210,"conditionnement":150,"composition":"coton,coton_uniquement","reference":"ne-o93060","reference_visible":"ne-o93060","reference_fabricant":"O93060","ref_xor":"721806","in_catalog":true,"is_transfer":false,"is_service":false,"on_standby":false,"has_3d":false,"has_size_guide":false,"has_marking":true,"has_vierge":true,"is_cross_sellable":false,"id_picto":139,"filename_3d":null,"brand":{"id":167,"name":"Neutral","logo":"logo-neutral.png","image":"https:\/\/media.th4.com\/20eP0B-MvfuX73CHsIaSNcX_X0Pe7GWkuan7SwQmMAY\/pr:brand70x70\/aHR0cDovL21lZGlhMi5kZXNpZ25wYXJ0bmVyLmZyL2MvbS9sb2dvLW5ldXRyYWwucG5n"},"price_infos":{"price_from":7,"quantity":200,"color":{"id":12601,"name":"yellow"},"size":{"id":109,"name":"M\/L"}},"price_infos_marking":{"price_from":10.97,"quantity":500,"color":{"id":12601,"name":"yellow"},"size":{"id":109,"name":"M\/L"},"marking":{"id":2,"name":""},"emplacement":"avant","surface_emplacement_id":6442,"surface":"12x5.5cm"},"i18n":{"blank":{"title":{"fr":"Bucket hat bob NEUTRAL o93060","en":"Bucket hat Bucket hat NEUTRAL o93060","de":"Bucket hat Fischerhut NEUTRAL o93060","nl":"Bucket hat bob NEUTRAL o93060","es":"Bucket hat sombrero bob NEUTRAL o93060","it":"Bucket hat bob NEUTRAL o93060","sv":"Bucket hat fiskarhatt NEUTRAL o93060","pt":"Bucket hat chap\u00e9u bob NEUTRAL o93060","da":"Bucket hat b\u00f8llehat NEUTRAL o93060","pl":"Bucket hat kapelusz typu bob NEUTRAL o93060"},"description":{"fr":"Le Bucket hat est un bob en coton avec tissu serg\u00e9 et construction 4 pans. Sa forme couvre la t\u00eate pour un usage courant, avec deux dimensions de circonf\u00e9rence disponibles selon le tour de t\u00eate.\n\n- Composition : 100 % coton organique peign\u00e9\n- Tissu serg\u00e9\n- Construction 4 pans\n- Dimensions : 58 x 8,5 cm, 61 x 8,5 cm","en":"The Bucket hat is a cotton bucket hat with twill fabric and 4-panel construction. Its shape covers the head for everyday use, with two circumference sizes available depending on head size.\n\n- Composition: 100% combed organic cotton\n- Twill fabric\n- 4-panel construction\n- Dimensions: 58 x 8.5 cm, 61 x 8.5 cm","de":"Der Bucket hat ist ein Fischerhut aus Baumwolle mit Twillgewebe und 4-Panel-Konstruktion. Seine Form bedeckt den Kopf f\u00fcr den t\u00e4glichen Gebrauch, mit zwei verf\u00fcgbaren Umfangsma\u00dfen je nach Kopfumfang.\n\n- Material: 100 % gek\u00e4mmte Bio-Baumwolle\n- Twillgewebe\n- 4-Panel-Konstruktion\n- Ma\u00dfe: 58 x 8,5 cm, 61 x 8,5 cm","nl":"De Bucket hat is een bob van katoen met keperstof en een 4-panelenconstructie. De vorm bedekt het hoofd voor dagelijks gebruik, met twee beschikbare omtrekmaten afhankelijk van de hoofdomtrek.\n\n- Samenstelling: 100% gekamd biologisch katoen\n- Keperstof\n- 4-panelenconstructie\n- Afmetingen: 58 x 8,5 cm, 61 x 8,5 cm","es":"El Bucket hat es un sombrero bob de algod\u00f3n con tejido de sarga y construcci\u00f3n de 4 paneles. Su forma cubre la cabeza para un uso diario, con dos medidas de circunferencia disponibles seg\u00fan el contorno de la cabeza.\n\n- Composici\u00f3n: 100 % algod\u00f3n org\u00e1nico peinado\n- Tejido de sarga\n- Construcci\u00f3n de 4 paneles\n- Dimensiones: 58 x 8,5 cm, 61 x 8,5 cm","it":"Il Bucket hat \u00e8 un bob in cotone con tessuto twill e costruzione a 4 pannelli. La sua forma copre la testa per un uso quotidiano, con due misure di circonferenza disponibili in base alla circonferenza della testa.\n\n- Composizione: 100% cotone organico pettinato\n- Tessuto twill\n- Costruzione a 4 pannelli\n- Dimensioni: 58 x 8,5 cm, 61 x 8,5 cm","sv":"Bucket hat \u00e4r en fiskarhatt i bomull med twilltyg och konstruktion med 4 paneler. Formen t\u00e4cker huvudet f\u00f6r daglig anv\u00e4ndning, med tv\u00e5 tillg\u00e4ngliga omkretsm\u00e5tt beroende p\u00e5 huvudomf\u00e5ng.\n\n- Sammans\u00e4ttning: 100 % kammad ekologisk bomull\n- Twilltyg\n- Konstruktion med 4 paneler\n- M\u00e5tt: 58 x 8,5 cm, 61 x 8,5 cm","pt":"O Bucket hat \u00e9 um chap\u00e9u bob em algod\u00e3o com tecido sarja e constru\u00e7\u00e3o de 4 pain\u00e9is. A sua forma cobre a cabe\u00e7a para uso corrente, com duas dimens\u00f5es de circunfer\u00eancia dispon\u00edveis conforme o per\u00edmetro da cabe\u00e7a.\n\n- Composi\u00e7\u00e3o: 100 % algod\u00e3o org\u00e2nico penteado\n- Tecido sarja\n- Constru\u00e7\u00e3o de 4 pain\u00e9is\n- Dimens\u00f5es: 58 x 8,5 cm, 61 x 8,5 cm","da":"Bucket hat er en b\u00f8llehat i bomuld med twillv\u00e6v og 4-panels konstruktion. Formen d\u00e6kker hovedet til daglig brug, med to tilg\u00e6ngelige omkredsm\u00e5l afh\u00e6ngigt af hovedomkredsen.\n\n- Sammens\u00e6tning: 100 % k\u00e6mmet \u00f8kologisk bomuld\n- Twillv\u00e6v\n- 4-panels konstruktion\n- M\u00e5l: 58 x 8,5 cm, 61 x 8,5 cm","pl":"Bucket hat to kapelusz typu bob z bawe\u0142ny, z tkanin\u0105 sko\u015bn\u0105 i konstrukcj\u0105 4-panelow\u0105. Jego kszta\u0142t zakrywa g\u0142ow\u0119 do codziennego u\u017cytku, z dwoma dost\u0119pnymi wymiarami obwodu zale\u017cnie od obwodu g\u0142owy.\n\n- Sk\u0142ad: 100 % czesana bawe\u0142na organiczna\n- Tkanina sko\u015bna\n- Konstrukcja 4-panelowa\n- Wymiary: 58 x 8,5 cm, 61 x 8,5 cm"},"h1":{"fr":"Bucket hat bob o93060","en":"Bucket hat Bucket hat o93060","de":"Bucket hat Fischerhut o93060","nl":"Bucket hat bob o93060","es":"Bucket hat sombrero bob o93060","it":"Bucket hat bob o93060","sv":"Bucket hat fiskarhatt o93060","pt":"Bucket hat chap\u00e9u bob o93060","da":"Bucket hat b\u00f8llehat o93060","pl":"Bucket hat kapelusz typu bob o93060"},"meta_description":{"fr":"Bucket hat bob o93060 en coton avec tissu serg\u00e9 et construction 4 pans. Circonf\u00e9rence S\/M 58 cm, M\/L 61 cm, hauteur 8,5 cm.","en":"Bucket hat bucket hat o93060 in cotton with twill fabric and 4-panel construction. Circumference S\/M 58 cm, M\/L 61 cm, height 8.5 cm.","de":"Bucket hat Fischerhut o93060 aus Baumwolle mit Twillgewebe und 4-Panel-Konstruktion. Umfang S\/M 58 cm, M\/L 61 cm, H\u00f6he 8,5 cm.","nl":"Bucket hat bob o93060 van katoen met keperstof en 4-panelenconstructie. Omtrek S\/M 58 cm, M\/L 61 cm, hoogte 8,5 cm.","es":"Bucket hat sombrero bob o93060 de algod\u00f3n con tejido de sarga y construcci\u00f3n de 4 paneles. Circunferencia S\/M 58 cm, M\/L 61 cm, altura 8,5 cm.","it":"Bucket hat bob o93060 in cotone con tessuto twill e costruzione a 4 pannelli. Circonferenza S\/M 58 cm, M\/L 61 cm, altezza 8,5 cm.","sv":"Bucket hat fiskarhatt o93060 i bomull med twilltyg och konstruktion med 4 paneler. Omkrets S\/M 58 cm, M\/L 61 cm, h\u00f6jd 8,5 cm.","pt":"Bucket hat chap\u00e9u bob o93060 em algod\u00e3o com tecido sarja e constru\u00e7\u00e3o de 4 pain\u00e9is. Circunfer\u00eancia S\/M 58 cm, M\/L 61 cm, altura 8,5 cm.","da":"Bucket hat b\u00f8llehat o93060 i bomuld med twillv\u00e6v og 4-panels konstruktion. Omkreds S\/M 58 cm, M\/L 61 cm, h\u00f8jde 8,5 cm.","pl":"Bucket hat kapelusz typu bob o93060 z bawe\u0142ny, z tkanin\u0105 sko\u015bn\u0105 i konstrukcj\u0105 4-panelow\u0105. Obw\u00f3d S\/M 58 cm, M\/L 61 cm, wysoko\u015b\u0107 8,5 cm."}},"custom":{"title":{"fr":"Bucket hat bob NEUTRAL o93060 personnalisable","en":"Customizable Bucket hat bob NEUTRAL o93060","de":"Bucket hat Fischerhut NEUTRAL o93060 personalisierbar","nl":"Bucket hat bob NEUTRAL o93060 personaliseerbaar","es":"Bucket hat sombrero bob NEUTRAL o93060 personalizable","it":"Bucket hat cappello da pescatore NEUTRAL o93060 personalizzabile","sv":"Bucket hat fiskarhatt NEUTRAL o93060 anpassningsbar","pt":"Bucket hat chap\u00e9u bucket NEUTRAL o93060 personaliz\u00e1vel","da":"Bucket hat b\u00f8llehat NEUTRAL o93060 kan tilpasses","pl":"Bucket hat kapelusz rybacki NEUTRAL o93060 z mo\u017cliwo\u015bci\u0105 personalizacji"},"description":{"fr":"Le Bucket hat est un bob coton en tissu serg\u00e9, con\u00e7u en 4 pans pour un usage courant. Sa forme couvre la t\u00eate avec une hauteur de 8,5 cm. La personnalisation est possible sur ce mod\u00e8le.\n\n- Composition : 100 % coton organique peign\u00e9\n- Tissu : serg\u00e9, construction 4 pans\n- Dimensions : 58 x 8,5 cm ou 61 x 8,5 cm\n- Personnalisation : possible","en":"The Bucket hat is a cotton bob in twill fabric, designed with 4 panels for everyday use. Its shape covers the head with a height of 8.5 cm. Customization is possible on this model.\n\n- Composition: 100% combed organic cotton\n- Fabric: twill, 4-panel construction\n- Dimensions: 58 x 8.5 cm or 61 x 8.5 cm\n- Customization: possible","de":"Der Bucket hat ist ein Fischerhut aus Baumwolle in Twillgewebe, gefertigt in 4-Panel-Konstruktion f\u00fcr den t\u00e4glichen Gebrauch. Seine Form bedeckt den Kopf mit einer H\u00f6he von 8,5 cm. Die Personalisierung ist bei diesem Modell m\u00f6glich.\n\n- Zusammensetzung: 100 % gek\u00e4mmte Bio-Baumwolle\n- Gewebe: Twill, 4-Panel-Konstruktion\n- Ma\u00dfe: 58 x 8,5 cm oder 61 x 8,5 cm\n- Personalisierung: m\u00f6glich","nl":"De Bucket hat is een katoenen bob van keperstof, ontworpen in 4 panelen voor dagelijks gebruik. De vorm bedekt het hoofd met een hoogte van 8,5 cm. Personalisatie is mogelijk op dit model.\n\n- Samenstelling: 100% gekamd biologisch katoen\n- Stof: keperstof, 4-panelenconstructie\n- Afmetingen: 58 x 8,5 cm of 61 x 8,5 cm\n- Personalisatie: mogelijk","es":"El Bucket hat es un sombrero bob de algod\u00f3n en tejido de sarga, dise\u00f1ado en 4 paneles para un uso diario. Su forma cubre la cabeza con una altura de 8,5 cm. La personalizaci\u00f3n es posible en este modelo.\n\n- Composici\u00f3n: 100 % algod\u00f3n org\u00e1nico peinado\n- Tejido: sarga, construcci\u00f3n de 4 paneles\n- Dimensiones: 58 x 8,5 cm o 61 x 8,5 cm\n- Personalizaci\u00f3n: posible","it":"Il Bucket hat \u00e8 un cappello da pescatore in cotone in tessuto twill, realizzato in 4 pannelli per un uso quotidiano. La sua forma copre la testa con un'altezza di 8,5 cm. La personalizzazione \u00e8 possibile su questo modello.\n\n- Composizione: 100% cotone organico pettinato\n- Tessuto: twill, costruzione a 4 pannelli\n- Dimensioni: 58 x 8,5 cm o 61 x 8,5 cm\n- Personalizzazione: possibile","sv":"Bucket hat \u00e4r en fiskarhatt i bomullstwill, utformad i 4 paneler f\u00f6r daglig anv\u00e4ndning. Formen t\u00e4cker huvudet med en h\u00f6jd p\u00e5 8,5 cm. Anpassning \u00e4r m\u00f6jlig p\u00e5 denna modell.\n\n- Sammans\u00e4ttning: 100 % kammad ekologisk bomull\n- Tyg: twill, konstruktion i 4 paneler\n- M\u00e5tt: 58 x 8,5 cm eller 61 x 8,5 cm\n- Anpassning: m\u00f6jlig","pt":"O Bucket hat \u00e9 um chap\u00e9u bucket de algod\u00e3o em tecido sarja, concebido com 4 pain\u00e9is para uso di\u00e1rio. A sua forma cobre a cabe\u00e7a com uma altura de 8,5 cm. A personaliza\u00e7\u00e3o \u00e9 poss\u00edvel neste modelo.\n\n- Composi\u00e7\u00e3o: 100 % algod\u00e3o org\u00e2nico penteado\n- Tecido: sarja, constru\u00e7\u00e3o de 4 pain\u00e9is\n- Dimens\u00f5es: 58 x 8,5 cm ou 61 x 8,5 cm\n- Personaliza\u00e7\u00e3o: poss\u00edvel","da":"Bucket hat er en b\u00f8llehat i bomuld i twillstof, designet med 4 paneler til daglig brug. Formen d\u00e6kker hovedet med en h\u00f8jde p\u00e5 8,5 cm. Tilpasning er mulig p\u00e5 denne model.\n\n- Sammens\u00e6tning: 100 % k\u00e6mmet \u00f8kologisk bomuld\n- Stof: twill, konstruktion med 4 paneler\n- M\u00e5l: 58 x 8,5 cm eller 61 x 8,5 cm\n- Tilpasning: mulig","pl":"Bucket hat to bawe\u0142niany kapelusz rybacki z tkaniny twill, wykonany w konstrukcji 4-panelowej do codziennego u\u017cytku. Jego kszta\u0142t zakrywa g\u0142ow\u0119 przy wysoko\u015bci 8,5 cm. Personalizacja jest mo\u017cliwa w tym modelu.\n\n- Sk\u0142ad: 100 % czesana bawe\u0142na organiczna\n- Tkanina: twill, konstrukcja 4-panelowa\n- Wymiary: 58 x 8,5 cm lub 61 x 8,5 cm\n- Personalizacja: mo\u017cliwa"},"h1":{"fr":"Bucket hat bob o93060 personnalisable","en":"Customizable Bucket hat bob o93060","de":"Bucket hat Fischerhut o93060 personalisierbar","nl":"Bucket hat bob o93060 personaliseerbaar","es":"Bucket hat sombrero bob o93060 personalizable","it":"Bucket hat cappello da pescatore o93060 personalizzabile","sv":"Bucket hat fiskarhatt o93060 anpassningsbar","pt":"Bucket hat chap\u00e9u bucket o93060 personaliz\u00e1vel","da":"Bucket hat b\u00f8llehat o93060 kan tilpasses","pl":"Bucket hat kapelusz rybacki o93060 z mo\u017cliwo\u015bci\u0105 personalizacji"},"meta_description":{"fr":"Bucket hat bob en coton organique peign\u00e9, tissu serg\u00e9 et construction 4 pans. Personnalisation possible. Circonf\u00e9rences 58 ou 61 cm.","en":"Bucket hat bob in combed organic cotton, twill fabric, and 4-panel construction. Customization possible. Circumferences 58 or 61 cm.","de":"Bucket hat Fischerhut aus gek\u00e4mmter Bio-Baumwolle, Twillgewebe und 4-Panel-Konstruktion. Personalisierung m\u00f6glich. Umf\u00e4nge 58 oder 61 cm.","nl":"Bucket hat bob van gekamd biologisch katoen, keperstof en 4-panelenconstructie. Personalisatie mogelijk. Omtrek 58 of 61 cm.","es":"Bucket hat sombrero bob de algod\u00f3n org\u00e1nico peinado, tejido de sarga y construcci\u00f3n de 4 paneles. Personalizaci\u00f3n posible. Circunferencias de 58 o 61 cm.","it":"Bucket hat cappello da pescatore in cotone organico pettinato, tessuto twill e costruzione a 4 pannelli. Personalizzazione possibile. Circonferenze 58 o 61 cm.","sv":"Bucket hat fiskarhatt i kammad ekologisk bomull, twilltyg och konstruktion i 4 paneler. Anpassning m\u00f6jlig. Omkrets 58 eller 61 cm.","pt":"Bucket hat chap\u00e9u bucket em algod\u00e3o org\u00e2nico penteado, tecido sarja e constru\u00e7\u00e3o de 4 pain\u00e9is. Personaliza\u00e7\u00e3o poss\u00edvel. Circunfer\u00eancias de 58 ou 61 cm.","da":"Bucket hat b\u00f8llehat i k\u00e6mmet \u00f8kologisk bomuld, twillv\u00e6vning og konstruktion med 4 paneler. Tilpasning mulig. Omkreds 58 eller 61 cm.","pl":"Bucket hat kapelusz rybacki z czesanej bawe\u0142ny organicznej, z tkaniny twill i o konstrukcji 4-panelowej. Mo\u017cliwo\u015b\u0107 personalizacji. Obw\u00f3d 58 lub 61 cm."}}},"categories":[{"id":511,"name":"Bobs","singular":"Bob","is_feminin":false},{"id":354,"name":"Textile","singular":"Textile","is_feminin":false},{"id":501,"name":"Casquettes et bonnets","singular":"Casquette et bonnet","is_feminin":false}],"certifications":[{"id":1,"label":"OEKO-TEX 100","logo_link":"\/images\/certifications\/1_OEKO-TEX_100.jpg","is_marking_compatible":false},{"id":9,"label":"Fairtrade","logo_link":"\/images\/certifications\/9_Fairtrade.jpg","is_marking_compatible":false},{"id":14,"label":"EU Ecolabel","logo_link":"\/images\/certifications\/14_EU_Ecolabel.jpg","is_marking_compatible":false}],"videos":{"fr":[],"en":[],"de":[],"nl":[],"es":[],"it":[],"sv":[],"pt":[],"da":[],"pl":[]},"main_images":{"miniature":"https:\/\/media.th4.com\/1Wo-nD_zOYr4h_Gnz0n6rdtLVJ_2sE5lM9d2ofCXXU4\/pr:80\/aHR0cDovL21lZGlhMi5kZXNpZ25wYXJ0bmVyLmZyL2MvcC1ibGFuay1USC8yMTk2My53ZWJw?v=1773657976","medium":"https:\/\/media.th4.com\/uzByzQl_9YqtcZhg7rHCGp6Qa1lJHaks6kdDpf3-q80\/pr:550x550greybg\/aHR0cDovL21lZGlhMi5kZXNpZ25wYXJ0bmVyLmZyL2MvcC1ibGFuay1USC8yMTk2My53ZWJw?v=1773657976","medium_large":"https:\/\/media.th4.com\/1zP4Nxz4qkR_zwokLiFLGbp2B6nrbLH5wf3-MkUtA0k\/pr:1000x1000greybg\/aHR0cDovL21lZGlhMi5kZXNpZ25wYXJ0bmVyLmZyL2MvcC1ibGFuay1USC8yMTk2My53ZWJw?v=1773657976","large":"https:\/\/media.th4.com\/7CUePWoYEubePRD3d7A8eH8jid9T2ocXLoItbiHp3zw\/pr:1920greybg\/aHR0cDovL21lZGlhMi5kZXNpZ25wYXJ0bmVyLmZyL2MvcC1ibGFuay1USC8yMTk2My53ZWJw?v=1773657976","opengraph":"https:\/\/media.th4.com\/2sCaBM8LL0aEqz2zK5av6fWTDFtteHf8vLXxhVhzLRA\/pr:1200x630greybg\/aHR0cDovL21lZGlhMi5kZXNpZ25wYXJ0bmVyLmZyL2MvcC1ibGFuay1USC8yMTk2My53ZWJw?v=1773657976"},"main_images_customization":{"miniature":"https:\/\/media.th4.com\/IXrjX8ePTE6HfEh94VQJ69sw0MWpWMAjJ5q6vxI8ZYQ\/pr:80\/aHR0cDovL21lZGlhMi5kZXNpZ25wYXJ0bmVyLmZyL2MvcC1jdXN0b20tVEgvMjE5NjMud2VicA?v=1773658069","medium":"https:\/\/media.th4.com\/ksekTz6VlluAkP7x0qktCmMCm4UOE3Xjmlv8iZlIbKk\/pr:550x550greybg\/aHR0cDovL21lZGlhMi5kZXNpZ25wYXJ0bmVyLmZyL2MvcC1jdXN0b20tVEgvMjE5NjMud2VicA?v=1773658069","medium_large":"https:\/\/media.th4.com\/YRbH6cdfBTYLNMt-lDfZmHDQiZeYnnmIfC-c4Lmv4ck\/pr:1000x1000greybg\/aHR0cDovL21lZGlhMi5kZXNpZ25wYXJ0bmVyLmZyL2MvcC1jdXN0b20tVEgvMjE5NjMud2VicA?v=1773658069","large":"https:\/\/media.th4.com\/8jKamN8koEe388yrvrvq2CxBKdIkkD7dtcikCkeC5cc\/pr:1920greybg\/aHR0cDovL21lZGlhMi5kZXNpZ25wYXJ0bmVyLmZyL2MvcC1jdXN0b20tVEgvMjE5NjMud2VicA?v=1773658069","opengraph":"https:\/\/media.th4.com\/ccWKIMnORT-9P2anoXULdEsXFpeooAC68tIGGufPGgo\/pr:1200x630greybg\/aHR0cDovL21lZGlhMi5kZXNpZ25wYXJ0bmVyLmZyL2MvcC1jdXN0b20tVEgvMjE5NjMud2VicA?v=1773658069"},"page_links":{"fr":"\/fr\/p-ne-o93060-bucket-hat-bob-o93060-21963\/","en":"\/en\/p-ne-o93060-bucket-hat-bucket-hat-o93060-21963\/","de":"\/de\/p-ne-o93060-bucket-hat-fischerhut-o93060-21963\/","nl":"\/nl\/p-ne-o93060-bucket-hat-bob-o93060-21963\/","es":"\/es\/p-ne-o93060-bucket-hat-sombrero-bob-o93060-21963\/","it":"\/it\/p-ne-o93060-bucket-hat-bob-o93060-21963\/","sv":"\/sv\/p-ne-o93060-bucket-hat-fiskarhatt-o93060-21963\/","pt":"\/pt\/p-ne-o93060-bucket-hat-chapeu-bob-o93060-21963\/","da":"\/da\/p-ne-o93060-bucket-hat-bollehat-o93060-21963\/","pl":"\/pl\/p-ne-o93060-bucket-hat-kapelusz-typu-bob-o93060-21963\/"},"page_links_customization":{"fr":"\/fr\/p-ne-o93060-bucket-hat-bob-o93060-personnalisable-21963\/custom\/","en":"\/en\/p-ne-o93060-customizable-bucket-hat-bob-o93060-21963\/custom\/","de":"\/de\/p-ne-o93060-bucket-hat-fischerhut-o93060-personalisierbar-21963\/custom\/","nl":"\/nl\/p-ne-o93060-bucket-hat-bob-o93060-personaliseerbaar-21963\/custom\/","es":"\/es\/p-ne-o93060-bucket-hat-sombrero-bob-o93060-personalizable-21963\/custom\/","it":"\/it\/p-ne-o93060-bucket-hat-cappello-da-pescatore-o93060-personalizzabile-21963\/custom\/","sv":"\/sv\/p-ne-o93060-bucket-hat-fiskarhatt-o93060-anpassningsbar-21963\/custom\/","pt":"\/pt\/p-ne-o93060-bucket-hat-chapeu-bucket-o93060-personalizavel-21963\/custom\/","da":"\/da\/p-ne-o93060-bucket-hat-bollehat-o93060-kan-tilpasses-21963\/custom\/","pl":"\/pl\/p-ne-o93060-bucket-hat-kapelusz-rybacki-o93060-z-mozliwoscia-personalizacji-21963\/custom\/"},"equivalent_products":[],"colors":[{"id":12601,"name":"yellow","class_ids":[12],"codes_hexa":["FFE44F"],"delai_24":false,"has_3d":false,"seuil_global":0,"stock_local":0,"stock_global":926,"on_standby":false,"in_catalog":true,"images":{"miniature":["https:\/\/media.th4.com\/KF0vYckOj-7HS8m0s6NMlVgTmCdWbAltU_ItZvSpDwk\/pr:80\/aHR0cDovL21lZGlhMi5kZXNpZ25wYXJ0bmVyLmZyL2MvcC8yMTk2My8yMTk2My0xMjYwMS0xLndlYnA?v=1773657613"],"medium":["https:\/\/media.th4.com\/PkkG9ZXxhQwWgMcNkKwFEMtS4GPBZFBg7Q7V0VqM79Q\/pr:550x550\/aHR0cDovL21lZGlhMi5kZXNpZ25wYXJ0bmVyLmZyL2MvcC8yMTk2My8yMTk2My0xMjYwMS0xLndlYnA?v=1773657613"],"medium_large":["https:\/\/media.th4.com\/xyTR5heuaJEXVoptpcIfQNIBMPIguLe1cGxetZwwXk0\/pr:1000x1000\/aHR0cDovL21lZGlhMi5kZXNpZ25wYXJ0bmVyLmZyL2MvcC8yMTk2My8yMTk2My0xMjYwMS0xLndlYnA?v=1773657613"],"large":["https:\/\/media.th4.com\/0s1GW6YloI2cZYJw8A4vO99wrXPDcKjzEPiSyRUUJLM\/pr:1920\/aHR0cDovL21lZGlhMi5kZXNpZ25wYXJ0bmVyLmZyL2MvcC8yMTk2My8yMTk2My0xMjYwMS0xLndlYnA?v=1773657613"],"opengraph":["https:\/\/media.th4.com\/vP_O7__cUFO6yr5NjNIOTPmLYxHaE0V_HwYNftIhLiw\/pr:1200x630\/aHR0cDovL21lZGlhMi5kZXNpZ25wYXJ0bmVyLmZyL2MvcC8yMTk2My8yMTk2My0xMjYwMS0xLndlYnA?v=1773657613"]},"images_customization":{"miniature":["https:\/\/media.th4.com\/KF0vYckOj-7HS8m0s6NMlVgTmCdWbAltU_ItZvSpDwk\/pr:80\/aHR0cDovL21lZGlhMi5kZXNpZ25wYXJ0bmVyLmZyL2MvcC8yMTk2My8yMTk2My0xMjYwMS0xLndlYnA?v=1773657613"],"medium":["https:\/\/media.th4.com\/PkkG9ZXxhQwWgMcNkKwFEMtS4GPBZFBg7Q7V0VqM79Q\/pr:550x550\/aHR0cDovL21lZGlhMi5kZXNpZ25wYXJ0bmVyLmZyL2MvcC8yMTk2My8yMTk2My0xMjYwMS0xLndlYnA?v=1773657613"],"medium_large":["https:\/\/media.th4.com\/xyTR5heuaJEXVoptpcIfQNIBMPIguLe1cGxetZwwXk0\/pr:1000x1000\/aHR0cDovL21lZGlhMi5kZXNpZ25wYXJ0bmVyLmZyL2MvcC8yMTk2My8yMTk2My0xMjYwMS0xLndlYnA?v=1773657613"],"large":["https:\/\/media.th4.com\/0s1GW6YloI2cZYJw8A4vO99wrXPDcKjzEPiSyRUUJLM\/pr:1920\/aHR0cDovL21lZGlhMi5kZXNpZ25wYXJ0bmVyLmZyL2MvcC8yMTk2My8yMTk2My0xMjYwMS0xLndlYnA?v=1773657613"],"opengraph":["https:\/\/media.th4.com\/vP_O7__cUFO6yr5NjNIOTPmLYxHaE0V_HwYNftIhLiw\/pr:1200x630\/aHR0cDovL21lZGlhMi5kZXNpZ25wYXJ0bmVyLmZyL2MvcC8yMTk2My8yMTk2My0xMjYwMS0xLndlYnA?v=1773657613"]},"country_origin":"IN","traceability":{"manufacturing_country_id":72,"weaving_country_id":72,"dyeing_country_id":72},"sizes":[{"id":78,"article_id":541365,"class_id":0,"name":"S\/M","on_standby":false,"stock_local":0,"stock_global":339,"multiple":1,"estimated_date_reassort":null,"is_destocking":false},{"id":109,"article_id":541364,"class_id":0,"name":"M\/L","on_standby":false,"stock_local":0,"stock_global":587,"multiple":1,"estimated_date_reassort":null,"is_destocking":false}],"page_links":{"fr":"\/fr\/p-ne-o93060-bucket-hat-bob-o93060-21963\/yellow-12601\/","en":"\/en\/p-ne-o93060-bucket-hat-bucket-hat-o93060-21963\/yellow-12601\/","de":"\/de\/p-ne-o93060-bucket-hat-fischerhut-o93060-21963\/yellow-12601\/","nl":"\/nl\/p-ne-o93060-bucket-hat-bob-o93060-21963\/yellow-12601\/","es":"\/es\/p-ne-o93060-bucket-hat-sombrero-bob-o93060-21963\/yellow-12601\/","it":"\/it\/p-ne-o93060-bucket-hat-bob-o93060-21963\/yellow-12601\/","sv":"\/sv\/p-ne-o93060-bucket-hat-fiskarhatt-o93060-21963\/yellow-12601\/","pt":"\/pt\/p-ne-o93060-bucket-hat-chapeu-bob-o93060-21963\/yellow-12601\/","da":"\/da\/p-ne-o93060-bucket-hat-bollehat-o93060-21963\/yellow-12601\/","pl":"\/pl\/p-ne-o93060-bucket-hat-kapelusz-typu-bob-o93060-21963\/yellow-12601\/"},"page_links_customization":{"fr":"\/fr\/p-ne-o93060-bucket-hat-bob-o93060-personnalisable-21963\/yellow-12601\/custom\/","en":"\/en\/p-ne-o93060-customizable-bucket-hat-bob-o93060-21963\/yellow-12601\/custom\/","de":"\/de\/p-ne-o93060-bucket-hat-fischerhut-o93060-personalisierbar-21963\/yellow-12601\/custom\/","nl":"\/nl\/p-ne-o93060-bucket-hat-bob-o93060-personaliseerbaar-21963\/yellow-12601\/custom\/","es":"\/es\/p-ne-o93060-bucket-hat-sombrero-bob-o93060-personalizable-21963\/yellow-12601\/custom\/","it":"\/it\/p-ne-o93060-bucket-hat-cappello-da-pescatore-o93060-personalizzabile-21963\/yellow-12601\/custom\/","sv":"\/sv\/p-ne-o93060-bucket-hat-fiskarhatt-o93060-anpassningsbar-21963\/yellow-12601\/custom\/","pt":"\/pt\/p-ne-o93060-bucket-hat-chapeu-bucket-o93060-personalizavel-21963\/yellow-12601\/custom\/","da":"\/da\/p-ne-o93060-bucket-hat-bollehat-o93060-kan-tilpasses-21963\/yellow-12601\/custom\/","pl":"\/pl\/p-ne-o93060-bucket-hat-kapelusz-rybacki-o93060-z-mozliwoscia-personalizacji-21963\/yellow-12601\/custom\/"}},{"id":17235,"name":"bottle_green","class_ids":[5],"codes_hexa":["004516"],"delai_24":false,"has_3d":false,"seuil_global":0,"stock_local":0,"stock_global":785,"on_standby":false,"in_catalog":true,"images":{"miniature":["https:\/\/media.th4.com\/U7KNZKPkpdpY97Wj5gpxU_OOaGPBGUhL83Cy9xOemKA\/pr:80\/aHR0cDovL21lZGlhMi5kZXNpZ25wYXJ0bmVyLmZyL2MvcC8yMTk2My8yMTk2My0xNzIzNS0xLndlYnA?v=1773657606"],"medium":["https:\/\/media.th4.com\/64zpEBxQlZq7kXvvox1Qo7GljkbeulSa2yWyg3_40Qo\/pr:550x550\/aHR0cDovL21lZGlhMi5kZXNpZ25wYXJ0bmVyLmZyL2MvcC8yMTk2My8yMTk2My0xNzIzNS0xLndlYnA?v=1773657606"],"medium_large":["https:\/\/media.th4.com\/XSXXisFmvTzCO3uSgtyboFvcHzmFkLkxXUNX9rZRjRY\/pr:1000x1000\/aHR0cDovL21lZGlhMi5kZXNpZ25wYXJ0bmVyLmZyL2MvcC8yMTk2My8yMTk2My0xNzIzNS0xLndlYnA?v=1773657606"],"large":["https:\/\/media.th4.com\/EhoQFtyHRW9JykWNoZjYiob6xT5cKsw_ULU9Zoc6JMc\/pr:1920\/aHR0cDovL21lZGlhMi5kZXNpZ25wYXJ0bmVyLmZyL2MvcC8yMTk2My8yMTk2My0xNzIzNS0xLndlYnA?v=1773657606"],"opengraph":["https:\/\/media.th4.com\/G8t6nsIeYoQD6mLeOd0GjMVXtQBiFzZaRYi8GOabjLA\/pr:1200x630\/aHR0cDovL21lZGlhMi5kZXNpZ25wYXJ0bmVyLmZyL2MvcC8yMTk2My8yMTk2My0xNzIzNS0xLndlYnA?v=1773657606"]},"images_customization":{"miniature":["https:\/\/media.th4.com\/U7KNZKPkpdpY97Wj5gpxU_OOaGPBGUhL83Cy9xOemKA\/pr:80\/aHR0cDovL21lZGlhMi5kZXNpZ25wYXJ0bmVyLmZyL2MvcC8yMTk2My8yMTk2My0xNzIzNS0xLndlYnA?v=1773657606"],"medium":["https:\/\/media.th4.com\/64zpEBxQlZq7kXvvox1Qo7GljkbeulSa2yWyg3_40Qo\/pr:550x550\/aHR0cDovL21lZGlhMi5kZXNpZ25wYXJ0bmVyLmZyL2MvcC8yMTk2My8yMTk2My0xNzIzNS0xLndlYnA?v=1773657606"],"medium_large":["https:\/\/media.th4.com\/XSXXisFmvTzCO3uSgtyboFvcHzmFkLkxXUNX9rZRjRY\/pr:1000x1000\/aHR0cDovL21lZGlhMi5kZXNpZ25wYXJ0bmVyLmZyL2MvcC8yMTk2My8yMTk2My0xNzIzNS0xLndlYnA?v=1773657606"],"large":["https:\/\/media.th4.com\/EhoQFtyHRW9JykWNoZjYiob6xT5cKsw_ULU9Zoc6JMc\/pr:1920\/aHR0cDovL21lZGlhMi5kZXNpZ25wYXJ0bmVyLmZyL2MvcC8yMTk2My8yMTk2My0xNzIzNS0xLndlYnA?v=1773657606"],"opengraph":["https:\/\/media.th4.com\/G8t6nsIeYoQD6mLeOd0GjMVXtQBiFzZaRYi8GOabjLA\/pr:1200x630\/aHR0cDovL21lZGlhMi5kZXNpZ25wYXJ0bmVyLmZyL2MvcC8yMTk2My8yMTk2My0xNzIzNS0xLndlYnA?v=1773657606"]},"country_origin":"IN","traceability":{"manufacturing_country_id":72,"weaving_country_id":72,"dyeing_country_id":72},"sizes":[{"id":78,"article_id":541341,"class_id":0,"name":"S\/M","on_standby":false,"stock_local":0,"stock_global":307,"multiple":1,"estimated_date_reassort":null,"is_destocking":false},{"id":109,"article_id":541340,"class_id":0,"name":"M\/L","on_standby":false,"stock_local":0,"stock_global":478,"multiple":1,"estimated_date_reassort":null,"is_destocking":false}],"page_links":{"fr":"\/fr\/p-ne-o93060-bucket-hat-bob-o93060-21963\/bottle-green-17235\/","en":"\/en\/p-ne-o93060-bucket-hat-bucket-hat-o93060-21963\/bottle-green-17235\/","de":"\/de\/p-ne-o93060-bucket-hat-fischerhut-o93060-21963\/bottle-green-17235\/","nl":"\/nl\/p-ne-o93060-bucket-hat-bob-o93060-21963\/bottle-green-17235\/","es":"\/es\/p-ne-o93060-bucket-hat-sombrero-bob-o93060-21963\/bottle-green-17235\/","it":"\/it\/p-ne-o93060-bucket-hat-bob-o93060-21963\/bottle-green-17235\/","sv":"\/sv\/p-ne-o93060-bucket-hat-fiskarhatt-o93060-21963\/bottle-green-17235\/","pt":"\/pt\/p-ne-o93060-bucket-hat-chapeu-bob-o93060-21963\/bottle-green-17235\/","da":"\/da\/p-ne-o93060-bucket-hat-bollehat-o93060-21963\/bottle-green-17235\/","pl":"\/pl\/p-ne-o93060-bucket-hat-kapelusz-typu-bob-o93060-21963\/bottle-green-17235\/"},"page_links_customization":{"fr":"\/fr\/p-ne-o93060-bucket-hat-bob-o93060-personnalisable-21963\/bottle-green-17235\/custom\/","en":"\/en\/p-ne-o93060-customizable-bucket-hat-bob-o93060-21963\/bottle-green-17235\/custom\/","de":"\/de\/p-ne-o93060-bucket-hat-fischerhut-o93060-personalisierbar-21963\/bottle-green-17235\/custom\/","nl":"\/nl\/p-ne-o93060-bucket-hat-bob-o93060-personaliseerbaar-21963\/bottle-green-17235\/custom\/","es":"\/es\/p-ne-o93060-bucket-hat-sombrero-bob-o93060-personalizable-21963\/bottle-green-17235\/custom\/","it":"\/it\/p-ne-o93060-bucket-hat-cappello-da-pescatore-o93060-personalizzabile-21963\/bottle-green-17235\/custom\/","sv":"\/sv\/p-ne-o93060-bucket-hat-fiskarhatt-o93060-anpassningsbar-21963\/bottle-green-17235\/custom\/","pt":"\/pt\/p-ne-o93060-bucket-hat-chapeu-bucket-o93060-personalizavel-21963\/bottle-green-17235\/custom\/","da":"\/da\/p-ne-o93060-bucket-hat-bollehat-o93060-kan-tilpasses-21963\/bottle-green-17235\/custom\/","pl":"\/pl\/p-ne-o93060-bucket-hat-kapelusz-rybacki-o93060-z-mozliwoscia-personalizacji-21963\/bottle-green-17235\/custom\/"}},{"id":12588,"name":"navy","class_ids":[2],"codes_hexa":["1F2A44"],"delai_24":false,"has_3d":false,"seuil_global":0,"stock_local":0,"stock_global":724,"on_standby":false,"in_catalog":true,"images":{"miniature":["https:\/\/media.th4.com\/fdZm52WyXVsduqaivoVqqu1e4_b9CiSY-ugDINCz200\/pr:80\/aHR0cDovL21lZGlhMi5kZXNpZ25wYXJ0bmVyLmZyL2MvcC8yMTk2My8yMTk2My0xMjU4OC0xLndlYnA?v=1773657610"],"medium":["https:\/\/media.th4.com\/v-SF_P6ffg66B6CDnCCr7vFPw_dyQ0mpJWH1wiUuz6Y\/pr:550x550\/aHR0cDovL21lZGlhMi5kZXNpZ25wYXJ0bmVyLmZyL2MvcC8yMTk2My8yMTk2My0xMjU4OC0xLndlYnA?v=1773657610"],"medium_large":["https:\/\/media.th4.com\/VwUAmRGJ_VGe09OxmKVTcKP1jKFqyywYmCiUPc6psIg\/pr:1000x1000\/aHR0cDovL21lZGlhMi5kZXNpZ25wYXJ0bmVyLmZyL2MvcC8yMTk2My8yMTk2My0xMjU4OC0xLndlYnA?v=1773657610"],"large":["https:\/\/media.th4.com\/x4cnx9Ts7P34fD7LgO7EtKYgYKO_qs4QWvgmnEfQbNs\/pr:1920\/aHR0cDovL21lZGlhMi5kZXNpZ25wYXJ0bmVyLmZyL2MvcC8yMTk2My8yMTk2My0xMjU4OC0xLndlYnA?v=1773657610"],"opengraph":["https:\/\/media.th4.com\/4B33XOcOnrfD5MGdN_rjvO3XVPi-WkItE7T8TzU7sWQ\/pr:1200x630\/aHR0cDovL21lZGlhMi5kZXNpZ25wYXJ0bmVyLmZyL2MvcC8yMTk2My8yMTk2My0xMjU4OC0xLndlYnA?v=1773657610"]},"images_customization":{"miniature":["https:\/\/media.th4.com\/fdZm52WyXVsduqaivoVqqu1e4_b9CiSY-ugDINCz200\/pr:80\/aHR0cDovL21lZGlhMi5kZXNpZ25wYXJ0bmVyLmZyL2MvcC8yMTk2My8yMTk2My0xMjU4OC0xLndlYnA?v=1773657610"],"medium":["https:\/\/media.th4.com\/v-SF_P6ffg66B6CDnCCr7vFPw_dyQ0mpJWH1wiUuz6Y\/pr:550x550\/aHR0cDovL21lZGlhMi5kZXNpZ25wYXJ0bmVyLmZyL2MvcC8yMTk2My8yMTk2My0xMjU4OC0xLndlYnA?v=1773657610"],"medium_large":["https:\/\/media.th4.com\/VwUAmRGJ_VGe09OxmKVTcKP1jKFqyywYmCiUPc6psIg\/pr:1000x1000\/aHR0cDovL21lZGlhMi5kZXNpZ25wYXJ0bmVyLmZyL2MvcC8yMTk2My8yMTk2My0xMjU4OC0xLndlYnA?v=1773657610"],"large":["https:\/\/media.th4.com\/x4cnx9Ts7P34fD7LgO7EtKYgYKO_qs4QWvgmnEfQbNs\/pr:1920\/aHR0cDovL21lZGlhMi5kZXNpZ25wYXJ0bmVyLmZyL2MvcC8yMTk2My8yMTk2My0xMjU4OC0xLndlYnA?v=1773657610"],"opengraph":["https:\/\/media.th4.com\/4B33XOcOnrfD5MGdN_rjvO3XVPi-WkItE7T8TzU7sWQ\/pr:1200x630\/aHR0cDovL21lZGlhMi5kZXNpZ25wYXJ0bmVyLmZyL2MvcC8yMTk2My8yMTk2My0xMjU4OC0xLndlYnA?v=1773657610"]},"country_origin":"IN","traceability":{"manufacturing_country_id":72,"weaving_country_id":72,"dyeing_country_id":72},"sizes":[{"id":78,"article_id":541357,"class_id":0,"name":"S\/M","on_standby":false,"stock_local":0,"stock_global":375,"multiple":1,"estimated_date_reassort":null,"is_destocking":false},{"id":109,"article_id":541356,"class_id":0,"name":"M\/L","on_standby":false,"stock_local":0,"stock_global":349,"multiple":1,"estimated_date_reassort":null,"is_destocking":false}],"page_links":{"fr":"\/fr\/p-ne-o93060-bucket-hat-bob-o93060-21963\/navy-12588\/","en":"\/en\/p-ne-o93060-bucket-hat-bucket-hat-o93060-21963\/navy-12588\/","de":"\/de\/p-ne-o93060-bucket-hat-fischerhut-o93060-21963\/navy-12588\/","nl":"\/nl\/p-ne-o93060-bucket-hat-bob-o93060-21963\/navy-12588\/","es":"\/es\/p-ne-o93060-bucket-hat-sombrero-bob-o93060-21963\/navy-12588\/","it":"\/it\/p-ne-o93060-bucket-hat-bob-o93060-21963\/navy-12588\/","sv":"\/sv\/p-ne-o93060-bucket-hat-fiskarhatt-o93060-21963\/navy-12588\/","pt":"\/pt\/p-ne-o93060-bucket-hat-chapeu-bob-o93060-21963\/navy-12588\/","da":"\/da\/p-ne-o93060-bucket-hat-bollehat-o93060-21963\/navy-12588\/","pl":"\/pl\/p-ne-o93060-bucket-hat-kapelusz-typu-bob-o93060-21963\/navy-12588\/"},"page_links_customization":{"fr":"\/fr\/p-ne-o93060-bucket-hat-bob-o93060-personnalisable-21963\/navy-12588\/custom\/","en":"\/en\/p-ne-o93060-customizable-bucket-hat-bob-o93060-21963\/navy-12588\/custom\/","de":"\/de\/p-ne-o93060-bucket-hat-fischerhut-o93060-personalisierbar-21963\/navy-12588\/custom\/","nl":"\/nl\/p-ne-o93060-bucket-hat-bob-o93060-personaliseerbaar-21963\/navy-12588\/custom\/","es":"\/es\/p-ne-o93060-bucket-hat-sombrero-bob-o93060-personalizable-21963\/navy-12588\/custom\/","it":"\/it\/p-ne-o93060-bucket-hat-cappello-da-pescatore-o93060-personalizzabile-21963\/navy-12588\/custom\/","sv":"\/sv\/p-ne-o93060-bucket-hat-fiskarhatt-o93060-anpassningsbar-21963\/navy-12588\/custom\/","pt":"\/pt\/p-ne-o93060-bucket-hat-chapeu-bucket-o93060-personalizavel-21963\/navy-12588\/custom\/","da":"\/da\/p-ne-o93060-bucket-hat-bollehat-o93060-kan-tilpasses-21963\/navy-12588\/custom\/","pl":"\/pl\/p-ne-o93060-bucket-hat-kapelusz-rybacki-o93060-z-mozliwoscia-personalizacji-21963\/navy-12588\/custom\/"}},{"id":12589,"name":"red","class_ids":[6],"codes_hexa":["D50032"],"delai_24":false,"has_3d":false,"seuil_global":0,"stock_local":0,"stock_global":499,"on_standby":false,"in_catalog":true,"images":{"miniature":["https:\/\/media.th4.com\/JmX4_qo2aLnHd5tc_IogWOL0rH8octqTqaY5O3uJnng\/pr:80\/aHR0cDovL21lZGlhMi5kZXNpZ25wYXJ0bmVyLmZyL2MvcC8yMTk2My8yMTk2My0xMjU4OS0xLndlYnA?v=1773657611"],"medium":["https:\/\/media.th4.com\/YXbHI4j0VttRnDNlkR5tRzMSV4orscuVxK09Nj6tkBY\/pr:550x550\/aHR0cDovL21lZGlhMi5kZXNpZ25wYXJ0bmVyLmZyL2MvcC8yMTk2My8yMTk2My0xMjU4OS0xLndlYnA?v=1773657611"],"medium_large":["https:\/\/media.th4.com\/a6W4jkSHDIepsAZkV7XWT_wveiChPfB-Ob5DTnhK564\/pr:1000x1000\/aHR0cDovL21lZGlhMi5kZXNpZ25wYXJ0bmVyLmZyL2MvcC8yMTk2My8yMTk2My0xMjU4OS0xLndlYnA?v=1773657611"],"large":["https:\/\/media.th4.com\/ESkCEuBRGcbL7kfvCvzppi_X9rgQU9G0SLdpvAIz940\/pr:1920\/aHR0cDovL21lZGlhMi5kZXNpZ25wYXJ0bmVyLmZyL2MvcC8yMTk2My8yMTk2My0xMjU4OS0xLndlYnA?v=1773657611"],"opengraph":["https:\/\/media.th4.com\/o3-2Z4LvCIL5BJvfi51AFWS_po1C0qHvuIK1q3gtL2Q\/pr:1200x630\/aHR0cDovL21lZGlhMi5kZXNpZ25wYXJ0bmVyLmZyL2MvcC8yMTk2My8yMTk2My0xMjU4OS0xLndlYnA?v=1773657611"]},"images_customization":{"miniature":["https:\/\/media.th4.com\/JmX4_qo2aLnHd5tc_IogWOL0rH8octqTqaY5O3uJnng\/pr:80\/aHR0cDovL21lZGlhMi5kZXNpZ25wYXJ0bmVyLmZyL2MvcC8yMTk2My8yMTk2My0xMjU4OS0xLndlYnA?v=1773657611"],"medium":["https:\/\/media.th4.com\/YXbHI4j0VttRnDNlkR5tRzMSV4orscuVxK09Nj6tkBY\/pr:550x550\/aHR0cDovL21lZGlhMi5kZXNpZ25wYXJ0bmVyLmZyL2MvcC8yMTk2My8yMTk2My0xMjU4OS0xLndlYnA?v=1773657611"],"medium_large":["https:\/\/media.th4.com\/a6W4jkSHDIepsAZkV7XWT_wveiChPfB-Ob5DTnhK564\/pr:1000x1000\/aHR0cDovL21lZGlhMi5kZXNpZ25wYXJ0bmVyLmZyL2MvcC8yMTk2My8yMTk2My0xMjU4OS0xLndlYnA?v=1773657611"],"large":["https:\/\/media.th4.com\/ESkCEuBRGcbL7kfvCvzppi_X9rgQU9G0SLdpvAIz940\/pr:1920\/aHR0cDovL21lZGlhMi5kZXNpZ25wYXJ0bmVyLmZyL2MvcC8yMTk2My8yMTk2My0xMjU4OS0xLndlYnA?v=1773657611"],"opengraph":["https:\/\/media.th4.com\/o3-2Z4LvCIL5BJvfi51AFWS_po1C0qHvuIK1q3gtL2Q\/pr:1200x630\/aHR0cDovL21lZGlhMi5kZXNpZ25wYXJ0bmVyLmZyL2MvcC8yMTk2My8yMTk2My0xMjU4OS0xLndlYnA?v=1773657611"]},"country_origin":"IN","traceability":{"manufacturing_country_id":72,"weaving_country_id":72,"dyeing_country_id":72},"sizes":[{"id":78,"article_id":541359,"class_id":0,"name":"S\/M","on_standby":false,"stock_local":0,"stock_global":262,"multiple":1,"estimated_date_reassort":null,"is_destocking":false},{"id":109,"article_id":541358,"class_id":0,"name":"M\/L","on_standby":false,"stock_local":0,"stock_global":237,"multiple":1,"estimated_date_reassort":null,"is_destocking":false}],"page_links":{"fr":"\/fr\/p-ne-o93060-bucket-hat-bob-o93060-21963\/red-12589\/","en":"\/en\/p-ne-o93060-bucket-hat-bucket-hat-o93060-21963\/red-12589\/","de":"\/de\/p-ne-o93060-bucket-hat-fischerhut-o93060-21963\/red-12589\/","nl":"\/nl\/p-ne-o93060-bucket-hat-bob-o93060-21963\/red-12589\/","es":"\/es\/p-ne-o93060-bucket-hat-sombrero-bob-o93060-21963\/red-12589\/","it":"\/it\/p-ne-o93060-bucket-hat-bob-o93060-21963\/red-12589\/","sv":"\/sv\/p-ne-o93060-bucket-hat-fiskarhatt-o93060-21963\/red-12589\/","pt":"\/pt\/p-ne-o93060-bucket-hat-chapeu-bob-o93060-21963\/red-12589\/","da":"\/da\/p-ne-o93060-bucket-hat-bollehat-o93060-21963\/red-12589\/","pl":"\/pl\/p-ne-o93060-bucket-hat-kapelusz-typu-bob-o93060-21963\/red-12589\/"},"page_links_customization":{"fr":"\/fr\/p-ne-o93060-bucket-hat-bob-o93060-personnalisable-21963\/red-12589\/custom\/","en":"\/en\/p-ne-o93060-customizable-bucket-hat-bob-o93060-21963\/red-12589\/custom\/","de":"\/de\/p-ne-o93060-bucket-hat-fischerhut-o93060-personalisierbar-21963\/red-12589\/custom\/","nl":"\/nl\/p-ne-o93060-bucket-hat-bob-o93060-personaliseerbaar-21963\/red-12589\/custom\/","es":"\/es\/p-ne-o93060-bucket-hat-sombrero-bob-o93060-personalizable-21963\/red-12589\/custom\/","it":"\/it\/p-ne-o93060-bucket-hat-cappello-da-pescatore-o93060-personalizzabile-21963\/red-12589\/custom\/","sv":"\/sv\/p-ne-o93060-bucket-hat-fiskarhatt-o93060-anpassningsbar-21963\/red-12589\/custom\/","pt":"\/pt\/p-ne-o93060-bucket-hat-chapeu-bucket-o93060-personalizavel-21963\/red-12589\/custom\/","da":"\/da\/p-ne-o93060-bucket-hat-bollehat-o93060-kan-tilpasses-21963\/red-12589\/custom\/","pl":"\/pl\/p-ne-o93060-bucket-hat-kapelusz-rybacki-o93060-z-mozliwoscia-personalizacji-21963\/red-12589\/custom\/"}},{"id":12587,"name":"black","class_ids":[4],"codes_hexa":["000000"],"delai_24":false,"has_3d":false,"seuil_global":0,"stock_local":0,"stock_global":466,"on_standby":false,"in_catalog":true,"images":{"miniature":["https:\/\/media.th4.com\/6JrXKVSaZJ8CGPRMdepIIM8kM19wLtwIIssgMb57LaU\/pr:80\/aHR0cDovL21lZGlhMi5kZXNpZ25wYXJ0bmVyLmZyL2MvcC8yMTk2My8yMTk2My0xMjU4Ny0xLndlYnA?v=1773657604"],"medium":["https:\/\/media.th4.com\/4cj7ghG6xNlq55XdVqS8RJbBwJG11727ZEpQT3y5nPc\/pr:550x550\/aHR0cDovL21lZGlhMi5kZXNpZ25wYXJ0bmVyLmZyL2MvcC8yMTk2My8yMTk2My0xMjU4Ny0xLndlYnA?v=1773657604"],"medium_large":["https:\/\/media.th4.com\/nrz851eECqqy1XPPG4s_543ho-IRwRrT-GDDc54xT8M\/pr:1000x1000\/aHR0cDovL21lZGlhMi5kZXNpZ25wYXJ0bmVyLmZyL2MvcC8yMTk2My8yMTk2My0xMjU4Ny0xLndlYnA?v=1773657604"],"large":["https:\/\/media.th4.com\/WxRXvb-JsQt2TqS_Ab7RXQGbUj12HaEPg_tdgVonHuc\/pr:1920\/aHR0cDovL21lZGlhMi5kZXNpZ25wYXJ0bmVyLmZyL2MvcC8yMTk2My8yMTk2My0xMjU4Ny0xLndlYnA?v=1773657604"],"opengraph":["https:\/\/media.th4.com\/MZpHeWws1U2xwB6sykBjmURFD79KsoUMqYeBgGWhh5E\/pr:1200x630\/aHR0cDovL21lZGlhMi5kZXNpZ25wYXJ0bmVyLmZyL2MvcC8yMTk2My8yMTk2My0xMjU4Ny0xLndlYnA?v=1773657604"]},"images_customization":{"miniature":["https:\/\/media.th4.com\/6JrXKVSaZJ8CGPRMdepIIM8kM19wLtwIIssgMb57LaU\/pr:80\/aHR0cDovL21lZGlhMi5kZXNpZ25wYXJ0bmVyLmZyL2MvcC8yMTk2My8yMTk2My0xMjU4Ny0xLndlYnA?v=1773657604"],"medium":["https:\/\/media.th4.com\/4cj7ghG6xNlq55XdVqS8RJbBwJG11727ZEpQT3y5nPc\/pr:550x550\/aHR0cDovL21lZGlhMi5kZXNpZ25wYXJ0bmVyLmZyL2MvcC8yMTk2My8yMTk2My0xMjU4Ny0xLndlYnA?v=1773657604"],"medium_large":["https:\/\/media.th4.com\/nrz851eECqqy1XPPG4s_543ho-IRwRrT-GDDc54xT8M\/pr:1000x1000\/aHR0cDovL21lZGlhMi5kZXNpZ25wYXJ0bmVyLmZyL2MvcC8yMTk2My8yMTk2My0xMjU4Ny0xLndlYnA?v=1773657604"],"large":["https:\/\/media.th4.com\/WxRXvb-JsQt2TqS_Ab7RXQGbUj12HaEPg_tdgVonHuc\/pr:1920\/aHR0cDovL21lZGlhMi5kZXNpZ25wYXJ0bmVyLmZyL2MvcC8yMTk2My8yMTk2My0xMjU4Ny0xLndlYnA?v=1773657604"],"opengraph":["https:\/\/media.th4.com\/MZpHeWws1U2xwB6sykBjmURFD79KsoUMqYeBgGWhh5E\/pr:1200x630\/aHR0cDovL21lZGlhMi5kZXNpZ25wYXJ0bmVyLmZyL2MvcC8yMTk2My8yMTk2My0xMjU4Ny0xLndlYnA?v=1773657604"]},"country_origin":"IN","traceability":{"manufacturing_country_id":72,"weaving_country_id":72,"dyeing_country_id":72},"sizes":[{"id":78,"article_id":541339,"class_id":0,"name":"S\/M","on_standby":false,"stock_local":0,"stock_global":251,"multiple":1,"estimated_date_reassort":null,"is_destocking":false},{"id":109,"article_id":541338,"class_id":0,"name":"M\/L","on_standby":false,"stock_local":0,"stock_global":215,"multiple":1,"estimated_date_reassort":null,"is_destocking":false}],"page_links":{"fr":"\/fr\/p-ne-o93060-bucket-hat-bob-o93060-21963\/black-12587\/","en":"\/en\/p-ne-o93060-bucket-hat-bucket-hat-o93060-21963\/black-12587\/","de":"\/de\/p-ne-o93060-bucket-hat-fischerhut-o93060-21963\/black-12587\/","nl":"\/nl\/p-ne-o93060-bucket-hat-bob-o93060-21963\/black-12587\/","es":"\/es\/p-ne-o93060-bucket-hat-sombrero-bob-o93060-21963\/black-12587\/","it":"\/it\/p-ne-o93060-bucket-hat-bob-o93060-21963\/black-12587\/","sv":"\/sv\/p-ne-o93060-bucket-hat-fiskarhatt-o93060-21963\/black-12587\/","pt":"\/pt\/p-ne-o93060-bucket-hat-chapeu-bob-o93060-21963\/black-12587\/","da":"\/da\/p-ne-o93060-bucket-hat-bollehat-o93060-21963\/black-12587\/","pl":"\/pl\/p-ne-o93060-bucket-hat-kapelusz-typu-bob-o93060-21963\/black-12587\/"},"page_links_customization":{"fr":"\/fr\/p-ne-o93060-bucket-hat-bob-o93060-personnalisable-21963\/black-12587\/custom\/","en":"\/en\/p-ne-o93060-customizable-bucket-hat-bob-o93060-21963\/black-12587\/custom\/","de":"\/de\/p-ne-o93060-bucket-hat-fischerhut-o93060-personalisierbar-21963\/black-12587\/custom\/","nl":"\/nl\/p-ne-o93060-bucket-hat-bob-o93060-personaliseerbaar-21963\/black-12587\/custom\/","es":"\/es\/p-ne-o93060-bucket-hat-sombrero-bob-o93060-personalizable-21963\/black-12587\/custom\/","it":"\/it\/p-ne-o93060-bucket-hat-cappello-da-pescatore-o93060-personalizzabile-21963\/black-12587\/custom\/","sv":"\/sv\/p-ne-o93060-bucket-hat-fiskarhatt-o93060-anpassningsbar-21963\/black-12587\/custom\/","pt":"\/pt\/p-ne-o93060-bucket-hat-chapeu-bucket-o93060-personalizavel-21963\/black-12587\/custom\/","da":"\/da\/p-ne-o93060-bucket-hat-bollehat-o93060-kan-tilpasses-21963\/black-12587\/custom\/","pl":"\/pl\/p-ne-o93060-bucket-hat-kapelusz-rybacki-o93060-z-mozliwoscia-personalizacji-21963\/black-12587\/custom\/"}},{"id":25239,"name":"sand","class_ids":[8],"codes_hexa":["DEC8B9"],"delai_24":false,"has_3d":false,"seuil_global":0,"stock_local":0,"stock_global":443,"on_standby":false,"in_catalog":true,"images":{"miniature":["https:\/\/media.th4.com\/6cRtZdnVcUk1doYBb_yaAE7UhWiRCY-yRWV3N1MH44o\/pr:80\/aHR0cDovL21lZGlhMi5kZXNpZ25wYXJ0bmVyLmZyL2MvcC8yMTk2My8yMTk2My0yNTIzOS0xLndlYnA?v=1773657611"],"medium":["https:\/\/media.th4.com\/NRL4sm0Gh8yoNi_18pof6sSK6E7kc4RWzfgBg6XfjBQ\/pr:550x550\/aHR0cDovL21lZGlhMi5kZXNpZ25wYXJ0bmVyLmZyL2MvcC8yMTk2My8yMTk2My0yNTIzOS0xLndlYnA?v=1773657611"],"medium_large":["https:\/\/media.th4.com\/Yw1_V-9LIXPhE6_czV_0d6c_98KVzfKG4GOe3MCjIKE\/pr:1000x1000\/aHR0cDovL21lZGlhMi5kZXNpZ25wYXJ0bmVyLmZyL2MvcC8yMTk2My8yMTk2My0yNTIzOS0xLndlYnA?v=1773657611"],"large":["https:\/\/media.th4.com\/Tn5egGgABYCcE1bJdnXn2HU3KdeFu3fXWpSAryrZNLg\/pr:1920\/aHR0cDovL21lZGlhMi5kZXNpZ25wYXJ0bmVyLmZyL2MvcC8yMTk2My8yMTk2My0yNTIzOS0xLndlYnA?v=1773657611"],"opengraph":["https:\/\/media.th4.com\/OVmG23ltRYmb3KGKIxwumNQVkklZ1_jn5hRV-qkXbYg\/pr:1200x630\/aHR0cDovL21lZGlhMi5kZXNpZ25wYXJ0bmVyLmZyL2MvcC8yMTk2My8yMTk2My0yNTIzOS0xLndlYnA?v=1773657611"]},"images_customization":{"miniature":["https:\/\/media.th4.com\/6cRtZdnVcUk1doYBb_yaAE7UhWiRCY-yRWV3N1MH44o\/pr:80\/aHR0cDovL21lZGlhMi5kZXNpZ25wYXJ0bmVyLmZyL2MvcC8yMTk2My8yMTk2My0yNTIzOS0xLndlYnA?v=1773657611"],"medium":["https:\/\/media.th4.com\/NRL4sm0Gh8yoNi_18pof6sSK6E7kc4RWzfgBg6XfjBQ\/pr:550x550\/aHR0cDovL21lZGlhMi5kZXNpZ25wYXJ0bmVyLmZyL2MvcC8yMTk2My8yMTk2My0yNTIzOS0xLndlYnA?v=1773657611"],"medium_large":["https:\/\/media.th4.com\/Yw1_V-9LIXPhE6_czV_0d6c_98KVzfKG4GOe3MCjIKE\/pr:1000x1000\/aHR0cDovL21lZGlhMi5kZXNpZ25wYXJ0bmVyLmZyL2MvcC8yMTk2My8yMTk2My0yNTIzOS0xLndlYnA?v=1773657611"],"large":["https:\/\/media.th4.com\/Tn5egGgABYCcE1bJdnXn2HU3KdeFu3fXWpSAryrZNLg\/pr:1920\/aHR0cDovL21lZGlhMi5kZXNpZ25wYXJ0bmVyLmZyL2MvcC8yMTk2My8yMTk2My0yNTIzOS0xLndlYnA?v=1773657611"],"opengraph":["https:\/\/media.th4.com\/OVmG23ltRYmb3KGKIxwumNQVkklZ1_jn5hRV-qkXbYg\/pr:1200x630\/aHR0cDovL21lZGlhMi5kZXNpZ25wYXJ0bmVyLmZyL2MvcC8yMTk2My8yMTk2My0yNTIzOS0xLndlYnA?v=1773657611"]},"country_origin":"IN","traceability":{"manufacturing_country_id":72,"weaving_country_id":72,"dyeing_country_id":72},"sizes":[{"id":78,"article_id":541361,"class_id":0,"name":"S\/M","on_standby":false,"stock_local":0,"stock_global":263,"multiple":1,"estimated_date_reassort":null,"is_destocking":false},{"id":109,"article_id":541360,"class_id":0,"name":"M\/L","on_standby":false,"stock_local":0,"stock_global":180,"multiple":1,"estimated_date_reassort":null,"is_destocking":false}],"page_links":{"fr":"\/fr\/p-ne-o93060-bucket-hat-bob-o93060-21963\/sand-25239\/","en":"\/en\/p-ne-o93060-bucket-hat-bucket-hat-o93060-21963\/sand-25239\/","de":"\/de\/p-ne-o93060-bucket-hat-fischerhut-o93060-21963\/sand-25239\/","nl":"\/nl\/p-ne-o93060-bucket-hat-bob-o93060-21963\/sand-25239\/","es":"\/es\/p-ne-o93060-bucket-hat-sombrero-bob-o93060-21963\/sand-25239\/","it":"\/it\/p-ne-o93060-bucket-hat-bob-o93060-21963\/sand-25239\/","sv":"\/sv\/p-ne-o93060-bucket-hat-fiskarhatt-o93060-21963\/sand-25239\/","pt":"\/pt\/p-ne-o93060-bucket-hat-chapeu-bob-o93060-21963\/sand-25239\/","da":"\/da\/p-ne-o93060-bucket-hat-bollehat-o93060-21963\/sand-25239\/","pl":"\/pl\/p-ne-o93060-bucket-hat-kapelusz-typu-bob-o93060-21963\/sand-25239\/"},"page_links_customization":{"fr":"\/fr\/p-ne-o93060-bucket-hat-bob-o93060-personnalisable-21963\/sand-25239\/custom\/","en":"\/en\/p-ne-o93060-customizable-bucket-hat-bob-o93060-21963\/sand-25239\/custom\/","de":"\/de\/p-ne-o93060-bucket-hat-fischerhut-o93060-personalisierbar-21963\/sand-25239\/custom\/","nl":"\/nl\/p-ne-o93060-bucket-hat-bob-o93060-personaliseerbaar-21963\/sand-25239\/custom\/","es":"\/es\/p-ne-o93060-bucket-hat-sombrero-bob-o93060-personalizable-21963\/sand-25239\/custom\/","it":"\/it\/p-ne-o93060-bucket-hat-cappello-da-pescatore-o93060-personalizzabile-21963\/sand-25239\/custom\/","sv":"\/sv\/p-ne-o93060-bucket-hat-fiskarhatt-o93060-anpassningsbar-21963\/sand-25239\/custom\/","pt":"\/pt\/p-ne-o93060-bucket-hat-chapeu-bucket-o93060-personalizavel-21963\/sand-25239\/custom\/","da":"\/da\/p-ne-o93060-bucket-hat-bollehat-o93060-kan-tilpasses-21963\/sand-25239\/custom\/","pl":"\/pl\/p-ne-o93060-bucket-hat-kapelusz-rybacki-o93060-z-mozliwoscia-personalizacji-21963\/sand-25239\/custom\/"}},{"id":25238,"name":"dusty_mint","class_ids":[5],"codes_hexa":["A7D5B8"],"delai_24":false,"has_3d":false,"seuil_global":0,"stock_local":0,"stock_global":422,"on_standby":false,"in_catalog":true,"images":{"miniature":["https:\/\/media.th4.com\/fIE31CTjr0JHeFwrF4cJK5KksDLrft-OkpG9-qr4xOA\/pr:80\/aHR0cDovL21lZGlhMi5kZXNpZ25wYXJ0bmVyLmZyL2MvcC8yMTk2My8yMTk2My0yNTIzOC0xLndlYnA?v=1773657608"],"medium":["https:\/\/media.th4.com\/AVtKVQpSi7qm6ip8IBvJ1Mn1XS1RJaibMrtzQmxh4AQ\/pr:550x550\/aHR0cDovL21lZGlhMi5kZXNpZ25wYXJ0bmVyLmZyL2MvcC8yMTk2My8yMTk2My0yNTIzOC0xLndlYnA?v=1773657608"],"medium_large":["https:\/\/media.th4.com\/Ne4CN_slzmG01T2ca_-TNc225lkEAyLAbZPbnuIuMwg\/pr:1000x1000\/aHR0cDovL21lZGlhMi5kZXNpZ25wYXJ0bmVyLmZyL2MvcC8yMTk2My8yMTk2My0yNTIzOC0xLndlYnA?v=1773657608"],"large":["https:\/\/media.th4.com\/BEni3yq9mizjEniphBky5LbjSGJFBcJH9kgqsxn658U\/pr:1920\/aHR0cDovL21lZGlhMi5kZXNpZ25wYXJ0bmVyLmZyL2MvcC8yMTk2My8yMTk2My0yNTIzOC0xLndlYnA?v=1773657608"],"opengraph":["https:\/\/media.th4.com\/4-0Lh6vl0BbyBG6X7rf7Akq1N6iQSqYoNCZvKGi9wlA\/pr:1200x630\/aHR0cDovL21lZGlhMi5kZXNpZ25wYXJ0bmVyLmZyL2MvcC8yMTk2My8yMTk2My0yNTIzOC0xLndlYnA?v=1773657608"]},"images_customization":{"miniature":["https:\/\/media.th4.com\/fIE31CTjr0JHeFwrF4cJK5KksDLrft-OkpG9-qr4xOA\/pr:80\/aHR0cDovL21lZGlhMi5kZXNpZ25wYXJ0bmVyLmZyL2MvcC8yMTk2My8yMTk2My0yNTIzOC0xLndlYnA?v=1773657608"],"medium":["https:\/\/media.th4.com\/AVtKVQpSi7qm6ip8IBvJ1Mn1XS1RJaibMrtzQmxh4AQ\/pr:550x550\/aHR0cDovL21lZGlhMi5kZXNpZ25wYXJ0bmVyLmZyL2MvcC8yMTk2My8yMTk2My0yNTIzOC0xLndlYnA?v=1773657608"],"medium_large":["https:\/\/media.th4.com\/Ne4CN_slzmG01T2ca_-TNc225lkEAyLAbZPbnuIuMwg\/pr:1000x1000\/aHR0cDovL21lZGlhMi5kZXNpZ25wYXJ0bmVyLmZyL2MvcC8yMTk2My8yMTk2My0yNTIzOC0xLndlYnA?v=1773657608"],"large":["https:\/\/media.th4.com\/BEni3yq9mizjEniphBky5LbjSGJFBcJH9kgqsxn658U\/pr:1920\/aHR0cDovL21lZGlhMi5kZXNpZ25wYXJ0bmVyLmZyL2MvcC8yMTk2My8yMTk2My0yNTIzOC0xLndlYnA?v=1773657608"],"opengraph":["https:\/\/media.th4.com\/4-0Lh6vl0BbyBG6X7rf7Akq1N6iQSqYoNCZvKGi9wlA\/pr:1200x630\/aHR0cDovL21lZGlhMi5kZXNpZ25wYXJ0bmVyLmZyL2MvcC8yMTk2My8yMTk2My0yNTIzOC0xLndlYnA?v=1773657608"]},"country_origin":"IN","traceability":{"manufacturing_country_id":72,"weaving_country_id":72,"dyeing_country_id":72},"sizes":[{"id":78,"article_id":541349,"class_id":0,"name":"S\/M","on_standby":false,"stock_local":0,"stock_global":172,"multiple":1,"estimated_date_reassort":null,"is_destocking":false},{"id":109,"article_id":541348,"class_id":0,"name":"M\/L","on_standby":false,"stock_local":0,"stock_global":250,"multiple":1,"estimated_date_reassort":null,"is_destocking":false}],"page_links":{"fr":"\/fr\/p-ne-o93060-bucket-hat-bob-o93060-21963\/dusty-mint-25238\/","en":"\/en\/p-ne-o93060-bucket-hat-bucket-hat-o93060-21963\/dusty-mint-25238\/","de":"\/de\/p-ne-o93060-bucket-hat-fischerhut-o93060-21963\/dusty-mint-25238\/","nl":"\/nl\/p-ne-o93060-bucket-hat-bob-o93060-21963\/dusty-mint-25238\/","es":"\/es\/p-ne-o93060-bucket-hat-sombrero-bob-o93060-21963\/dusty-mint-25238\/","it":"\/it\/p-ne-o93060-bucket-hat-bob-o93060-21963\/dusty-mint-25238\/","sv":"\/sv\/p-ne-o93060-bucket-hat-fiskarhatt-o93060-21963\/dusty-mint-25238\/","pt":"\/pt\/p-ne-o93060-bucket-hat-chapeu-bob-o93060-21963\/dusty-mint-25238\/","da":"\/da\/p-ne-o93060-bucket-hat-bollehat-o93060-21963\/dusty-mint-25238\/","pl":"\/pl\/p-ne-o93060-bucket-hat-kapelusz-typu-bob-o93060-21963\/dusty-mint-25238\/"},"page_links_customization":{"fr":"\/fr\/p-ne-o93060-bucket-hat-bob-o93060-personnalisable-21963\/dusty-mint-25238\/custom\/","en":"\/en\/p-ne-o93060-customizable-bucket-hat-bob-o93060-21963\/dusty-mint-25238\/custom\/","de":"\/de\/p-ne-o93060-bucket-hat-fischerhut-o93060-personalisierbar-21963\/dusty-mint-25238\/custom\/","nl":"\/nl\/p-ne-o93060-bucket-hat-bob-o93060-personaliseerbaar-21963\/dusty-mint-25238\/custom\/","es":"\/es\/p-ne-o93060-bucket-hat-sombrero-bob-o93060-personalizable-21963\/dusty-mint-25238\/custom\/","it":"\/it\/p-ne-o93060-bucket-hat-cappello-da-pescatore-o93060-personalizzabile-21963\/dusty-mint-25238\/custom\/","sv":"\/sv\/p-ne-o93060-bucket-hat-fiskarhatt-o93060-anpassningsbar-21963\/dusty-mint-25238\/custom\/","pt":"\/pt\/p-ne-o93060-bucket-hat-chapeu-bucket-o93060-personalizavel-21963\/dusty-mint-25238\/custom\/","da":"\/da\/p-ne-o93060-bucket-hat-bollehat-o93060-kan-tilpasses-21963\/dusty-mint-25238\/custom\/","pl":"\/pl\/p-ne-o93060-bucket-hat-kapelusz-rybacki-o93060-z-mozliwoscia-personalizacji-21963\/dusty-mint-25238\/custom\/"}},{"id":12591,"name":"bordeaux","class_ids":[6],"codes_hexa":["6C1D45"],"delai_24":false,"has_3d":false,"seuil_global":0,"stock_local":0,"stock_global":395,"on_standby":false,"in_catalog":true,"images":{"miniature":["https:\/\/media.th4.com\/ztmuh3iiqodo-lo7_XoYnsOhZItd57J-6YxOo0sqBaU\/pr:80\/aHR0cDovL21lZGlhMi5kZXNpZ25wYXJ0bmVyLmZyL2MvcC8yMTk2My8yMTk2My0xMjU5MS0xLndlYnA?v=1773657605"],"medium":["https:\/\/media.th4.com\/Lrzg7m2HeNvtk__LVTU_GKcfgXZ11y-6E259zmjX2zQ\/pr:550x550\/aHR0cDovL21lZGlhMi5kZXNpZ25wYXJ0bmVyLmZyL2MvcC8yMTk2My8yMTk2My0xMjU5MS0xLndlYnA?v=1773657605"],"medium_large":["https:\/\/media.th4.com\/a7RQLPXogXQaGtlq2j1a-zvuuJJS0YeuLBagGnsNloU\/pr:1000x1000\/aHR0cDovL21lZGlhMi5kZXNpZ25wYXJ0bmVyLmZyL2MvcC8yMTk2My8yMTk2My0xMjU5MS0xLndlYnA?v=1773657605"],"large":["https:\/\/media.th4.com\/qKWTgTHexBlLRMk8Uwcqg3mcbsFG6ZqrmDstqTHyfpc\/pr:1920\/aHR0cDovL21lZGlhMi5kZXNpZ25wYXJ0bmVyLmZyL2MvcC8yMTk2My8yMTk2My0xMjU5MS0xLndlYnA?v=1773657605"],"opengraph":["https:\/\/media.th4.com\/7_nl04ksHv5l2-IZyn8F2NbRLg_7C8RyFsPKYhVfCzY\/pr:1200x630\/aHR0cDovL21lZGlhMi5kZXNpZ25wYXJ0bmVyLmZyL2MvcC8yMTk2My8yMTk2My0xMjU5MS0xLndlYnA?v=1773657605"]},"images_customization":{"miniature":["https:\/\/media.th4.com\/ztmuh3iiqodo-lo7_XoYnsOhZItd57J-6YxOo0sqBaU\/pr:80\/aHR0cDovL21lZGlhMi5kZXNpZ25wYXJ0bmVyLmZyL2MvcC8yMTk2My8yMTk2My0xMjU5MS0xLndlYnA?v=1773657605"],"medium":["https:\/\/media.th4.com\/Lrzg7m2HeNvtk__LVTU_GKcfgXZ11y-6E259zmjX2zQ\/pr:550x550\/aHR0cDovL21lZGlhMi5kZXNpZ25wYXJ0bmVyLmZyL2MvcC8yMTk2My8yMTk2My0xMjU5MS0xLndlYnA?v=1773657605"],"medium_large":["https:\/\/media.th4.com\/a7RQLPXogXQaGtlq2j1a-zvuuJJS0YeuLBagGnsNloU\/pr:1000x1000\/aHR0cDovL21lZGlhMi5kZXNpZ25wYXJ0bmVyLmZyL2MvcC8yMTk2My8yMTk2My0xMjU5MS0xLndlYnA?v=1773657605"],"large":["https:\/\/media.th4.com\/qKWTgTHexBlLRMk8Uwcqg3mcbsFG6ZqrmDstqTHyfpc\/pr:1920\/aHR0cDovL21lZGlhMi5kZXNpZ25wYXJ0bmVyLmZyL2MvcC8yMTk2My8yMTk2My0xMjU5MS0xLndlYnA?v=1773657605"],"opengraph":["https:\/\/media.th4.com\/7_nl04ksHv5l2-IZyn8F2NbRLg_7C8RyFsPKYhVfCzY\/pr:1200x630\/aHR0cDovL21lZGlhMi5kZXNpZ25wYXJ0bmVyLmZyL2MvcC8yMTk2My8yMTk2My0xMjU5MS0xLndlYnA?v=1773657605"]},"country_origin":"IN","traceability":{"manufacturing_country_id":72,"weaving_country_id":72,"dyeing_country_id":72},"sizes":[{"id":78,"article_id":541343,"class_id":0,"name":"S\/M","on_standby":false,"stock_local":0,"stock_global":217,"multiple":1,"estimated_date_reassort":null,"is_destocking":false},{"id":109,"article_id":541342,"class_id":0,"name":"M\/L","on_standby":false,"stock_local":0,"stock_global":178,"multiple":1,"estimated_date_reassort":null,"is_destocking":false}],"page_links":{"fr":"\/fr\/p-ne-o93060-bucket-hat-bob-o93060-21963\/bordeaux-12591\/","en":"\/en\/p-ne-o93060-bucket-hat-bucket-hat-o93060-21963\/bordeaux-12591\/","de":"\/de\/p-ne-o93060-bucket-hat-fischerhut-o93060-21963\/bordeaux-12591\/","nl":"\/nl\/p-ne-o93060-bucket-hat-bob-o93060-21963\/bordeaux-12591\/","es":"\/es\/p-ne-o93060-bucket-hat-sombrero-bob-o93060-21963\/bordeaux-12591\/","it":"\/it\/p-ne-o93060-bucket-hat-bob-o93060-21963\/bordeaux-12591\/","sv":"\/sv\/p-ne-o93060-bucket-hat-fiskarhatt-o93060-21963\/bordeaux-12591\/","pt":"\/pt\/p-ne-o93060-bucket-hat-chapeu-bob-o93060-21963\/bordeaux-12591\/","da":"\/da\/p-ne-o93060-bucket-hat-bollehat-o93060-21963\/bordeaux-12591\/","pl":"\/pl\/p-ne-o93060-bucket-hat-kapelusz-typu-bob-o93060-21963\/bordeaux-12591\/"},"page_links_customization":{"fr":"\/fr\/p-ne-o93060-bucket-hat-bob-o93060-personnalisable-21963\/bordeaux-12591\/custom\/","en":"\/en\/p-ne-o93060-customizable-bucket-hat-bob-o93060-21963\/bordeaux-12591\/custom\/","de":"\/de\/p-ne-o93060-bucket-hat-fischerhut-o93060-personalisierbar-21963\/bordeaux-12591\/custom\/","nl":"\/nl\/p-ne-o93060-bucket-hat-bob-o93060-personaliseerbaar-21963\/bordeaux-12591\/custom\/","es":"\/es\/p-ne-o93060-bucket-hat-sombrero-bob-o93060-personalizable-21963\/bordeaux-12591\/custom\/","it":"\/it\/p-ne-o93060-bucket-hat-cappello-da-pescatore-o93060-personalizzabile-21963\/bordeaux-12591\/custom\/","sv":"\/sv\/p-ne-o93060-bucket-hat-fiskarhatt-o93060-anpassningsbar-21963\/bordeaux-12591\/custom\/","pt":"\/pt\/p-ne-o93060-bucket-hat-chapeu-bucket-o93060-personalizavel-21963\/bordeaux-12591\/custom\/","da":"\/da\/p-ne-o93060-bucket-hat-bollehat-o93060-kan-tilpasses-21963\/bordeaux-12591\/custom\/","pl":"\/pl\/p-ne-o93060-bucket-hat-kapelusz-rybacki-o93060-z-mozliwoscia-personalizacji-21963\/bordeaux-12591\/custom\/"}},{"id":17227,"name":"charcoal","class_ids":[3],"codes_hexa":["1A1A1A"],"delai_24":false,"has_3d":false,"seuil_global":0,"stock_local":0,"stock_global":387,"on_standby":false,"in_catalog":true,"images":{"miniature":["https:\/\/media.th4.com\/RAmNIigveZPX9JJkYOBApXkQWiiojg7A_svoW7BCT6o\/pr:80\/aHR0cDovL21lZGlhMi5kZXNpZ25wYXJ0bmVyLmZyL2MvcC8yMTk2My8yMTk2My0xNzIyNy0xLndlYnA?v=1773657607"],"medium":["https:\/\/media.th4.com\/bhOLjGsz8qTfchXcFmtfB6JY8G9z_H2az6FoLr3BJd4\/pr:550x550\/aHR0cDovL21lZGlhMi5kZXNpZ25wYXJ0bmVyLmZyL2MvcC8yMTk2My8yMTk2My0xNzIyNy0xLndlYnA?v=1773657607"],"medium_large":["https:\/\/media.th4.com\/Mi2VJGdflzoeOqqSO1h8g7Fp8H1r8AkMeAX0x1FlNMU\/pr:1000x1000\/aHR0cDovL21lZGlhMi5kZXNpZ25wYXJ0bmVyLmZyL2MvcC8yMTk2My8yMTk2My0xNzIyNy0xLndlYnA?v=1773657607"],"large":["https:\/\/media.th4.com\/9CFlAWLlPJEtv7QFuZjf3iizu9IKGniaN1ajit2_Sxg\/pr:1920\/aHR0cDovL21lZGlhMi5kZXNpZ25wYXJ0bmVyLmZyL2MvcC8yMTk2My8yMTk2My0xNzIyNy0xLndlYnA?v=1773657607"],"opengraph":["https:\/\/media.th4.com\/ojxsNs8Y42LZZfKQxedRFdIO69-uUeRG1iLDywp_uXA\/pr:1200x630\/aHR0cDovL21lZGlhMi5kZXNpZ25wYXJ0bmVyLmZyL2MvcC8yMTk2My8yMTk2My0xNzIyNy0xLndlYnA?v=1773657607"]},"images_customization":{"miniature":["https:\/\/media.th4.com\/RAmNIigveZPX9JJkYOBApXkQWiiojg7A_svoW7BCT6o\/pr:80\/aHR0cDovL21lZGlhMi5kZXNpZ25wYXJ0bmVyLmZyL2MvcC8yMTk2My8yMTk2My0xNzIyNy0xLndlYnA?v=1773657607"],"medium":["https:\/\/media.th4.com\/bhOLjGsz8qTfchXcFmtfB6JY8G9z_H2az6FoLr3BJd4\/pr:550x550\/aHR0cDovL21lZGlhMi5kZXNpZ25wYXJ0bmVyLmZyL2MvcC8yMTk2My8yMTk2My0xNzIyNy0xLndlYnA?v=1773657607"],"medium_large":["https:\/\/media.th4.com\/Mi2VJGdflzoeOqqSO1h8g7Fp8H1r8AkMeAX0x1FlNMU\/pr:1000x1000\/aHR0cDovL21lZGlhMi5kZXNpZ25wYXJ0bmVyLmZyL2MvcC8yMTk2My8yMTk2My0xNzIyNy0xLndlYnA?v=1773657607"],"large":["https:\/\/media.th4.com\/9CFlAWLlPJEtv7QFuZjf3iizu9IKGniaN1ajit2_Sxg\/pr:1920\/aHR0cDovL21lZGlhMi5kZXNpZ25wYXJ0bmVyLmZyL2MvcC8yMTk2My8yMTk2My0xNzIyNy0xLndlYnA?v=1773657607"],"opengraph":["https:\/\/media.th4.com\/ojxsNs8Y42LZZfKQxedRFdIO69-uUeRG1iLDywp_uXA\/pr:1200x630\/aHR0cDovL21lZGlhMi5kZXNpZ25wYXJ0bmVyLmZyL2MvcC8yMTk2My8yMTk2My0xNzIyNy0xLndlYnA?v=1773657607"]},"country_origin":"IN","traceability":{"manufacturing_country_id":72,"weaving_country_id":72,"dyeing_country_id":72},"sizes":[{"id":78,"article_id":541345,"class_id":0,"name":"S\/M","on_standby":false,"stock_local":0,"stock_global":200,"multiple":1,"estimated_date_reassort":null,"is_destocking":false},{"id":109,"article_id":541344,"class_id":0,"name":"M\/L","on_standby":false,"stock_local":0,"stock_global":187,"multiple":1,"estimated_date_reassort":null,"is_destocking":false}],"page_links":{"fr":"\/fr\/p-ne-o93060-bucket-hat-bob-o93060-21963\/charcoal-17227\/","en":"\/en\/p-ne-o93060-bucket-hat-bucket-hat-o93060-21963\/charcoal-17227\/","de":"\/de\/p-ne-o93060-bucket-hat-fischerhut-o93060-21963\/charcoal-17227\/","nl":"\/nl\/p-ne-o93060-bucket-hat-bob-o93060-21963\/charcoal-17227\/","es":"\/es\/p-ne-o93060-bucket-hat-sombrero-bob-o93060-21963\/charcoal-17227\/","it":"\/it\/p-ne-o93060-bucket-hat-bob-o93060-21963\/charcoal-17227\/","sv":"\/sv\/p-ne-o93060-bucket-hat-fiskarhatt-o93060-21963\/charcoal-17227\/","pt":"\/pt\/p-ne-o93060-bucket-hat-chapeu-bob-o93060-21963\/charcoal-17227\/","da":"\/da\/p-ne-o93060-bucket-hat-bollehat-o93060-21963\/charcoal-17227\/","pl":"\/pl\/p-ne-o93060-bucket-hat-kapelusz-typu-bob-o93060-21963\/charcoal-17227\/"},"page_links_customization":{"fr":"\/fr\/p-ne-o93060-bucket-hat-bob-o93060-personnalisable-21963\/charcoal-17227\/custom\/","en":"\/en\/p-ne-o93060-customizable-bucket-hat-bob-o93060-21963\/charcoal-17227\/custom\/","de":"\/de\/p-ne-o93060-bucket-hat-fischerhut-o93060-personalisierbar-21963\/charcoal-17227\/custom\/","nl":"\/nl\/p-ne-o93060-bucket-hat-bob-o93060-personaliseerbaar-21963\/charcoal-17227\/custom\/","es":"\/es\/p-ne-o93060-bucket-hat-sombrero-bob-o93060-personalizable-21963\/charcoal-17227\/custom\/","it":"\/it\/p-ne-o93060-bucket-hat-cappello-da-pescatore-o93060-personalizzabile-21963\/charcoal-17227\/custom\/","sv":"\/sv\/p-ne-o93060-bucket-hat-fiskarhatt-o93060-anpassningsbar-21963\/charcoal-17227\/custom\/","pt":"\/pt\/p-ne-o93060-bucket-hat-chapeu-bucket-o93060-personalizavel-21963\/charcoal-17227\/custom\/","da":"\/da\/p-ne-o93060-bucket-hat-bollehat-o93060-kan-tilpasses-21963\/charcoal-17227\/custom\/","pl":"\/pl\/p-ne-o93060-bucket-hat-kapelusz-rybacki-o93060-z-mozliwoscia-personalizacji-21963\/charcoal-17227\/custom\/"}},{"id":25240,"name":"dusty_indigo","class_ids":[2],"codes_hexa":["729DBC"],"delai_24":false,"has_3d":false,"seuil_global":0,"stock_local":0,"stock_global":377,"on_standby":false,"in_catalog":true,"images":{"miniature":["https:\/\/media.th4.com\/7LnH1AQK2AcqYSMBl0dgcqci8o9aLkMHc-Nganx58qg\/pr:80\/aHR0cDovL21lZGlhMi5kZXNpZ25wYXJ0bmVyLmZyL2MvcC8yMTk2My8yMTk2My0yNTI0MC0xLndlYnA?v=1773657607"],"medium":["https:\/\/media.th4.com\/q3_CNhRfslv4sz5eVBqzMXxSUGxwz2BCsr7XRxAAucQ\/pr:550x550\/aHR0cDovL21lZGlhMi5kZXNpZ25wYXJ0bmVyLmZyL2MvcC8yMTk2My8yMTk2My0yNTI0MC0xLndlYnA?v=1773657607"],"medium_large":["https:\/\/media.th4.com\/dWdm1S5qLOBzq7wMk38sHkjzIDxK8IGRpDactas0wQg\/pr:1000x1000\/aHR0cDovL21lZGlhMi5kZXNpZ25wYXJ0bmVyLmZyL2MvcC8yMTk2My8yMTk2My0yNTI0MC0xLndlYnA?v=1773657607"],"large":["https:\/\/media.th4.com\/TT4Y7g52kS4XfE43BkNhj9-5AFUHeER7c5lt__VfHT8\/pr:1920\/aHR0cDovL21lZGlhMi5kZXNpZ25wYXJ0bmVyLmZyL2MvcC8yMTk2My8yMTk2My0yNTI0MC0xLndlYnA?v=1773657607"],"opengraph":["https:\/\/media.th4.com\/BLvFSZQIm3RAztmesqkyDg_-4mT3pPcSie34YhTo2II\/pr:1200x630\/aHR0cDovL21lZGlhMi5kZXNpZ25wYXJ0bmVyLmZyL2MvcC8yMTk2My8yMTk2My0yNTI0MC0xLndlYnA?v=1773657607"]},"images_customization":{"miniature":["https:\/\/media.th4.com\/7LnH1AQK2AcqYSMBl0dgcqci8o9aLkMHc-Nganx58qg\/pr:80\/aHR0cDovL21lZGlhMi5kZXNpZ25wYXJ0bmVyLmZyL2MvcC8yMTk2My8yMTk2My0yNTI0MC0xLndlYnA?v=1773657607"],"medium":["https:\/\/media.th4.com\/q3_CNhRfslv4sz5eVBqzMXxSUGxwz2BCsr7XRxAAucQ\/pr:550x550\/aHR0cDovL21lZGlhMi5kZXNpZ25wYXJ0bmVyLmZyL2MvcC8yMTk2My8yMTk2My0yNTI0MC0xLndlYnA?v=1773657607"],"medium_large":["https:\/\/media.th4.com\/dWdm1S5qLOBzq7wMk38sHkjzIDxK8IGRpDactas0wQg\/pr:1000x1000\/aHR0cDovL21lZGlhMi5kZXNpZ25wYXJ0bmVyLmZyL2MvcC8yMTk2My8yMTk2My0yNTI0MC0xLndlYnA?v=1773657607"],"large":["https:\/\/media.th4.com\/TT4Y7g52kS4XfE43BkNhj9-5AFUHeER7c5lt__VfHT8\/pr:1920\/aHR0cDovL21lZGlhMi5kZXNpZ25wYXJ0bmVyLmZyL2MvcC8yMTk2My8yMTk2My0yNTI0MC0xLndlYnA?v=1773657607"],"opengraph":["https:\/\/media.th4.com\/BLvFSZQIm3RAztmesqkyDg_-4mT3pPcSie34YhTo2II\/pr:1200x630\/aHR0cDovL21lZGlhMi5kZXNpZ25wYXJ0bmVyLmZyL2MvcC8yMTk2My8yMTk2My0yNTI0MC0xLndlYnA?v=1773657607"]},"country_origin":"IN","traceability":{"manufacturing_country_id":72,"weaving_country_id":72,"dyeing_country_id":72},"sizes":[{"id":78,"article_id":541347,"class_id":0,"name":"S\/M","on_standby":false,"stock_local":0,"stock_global":195,"multiple":1,"estimated_date_reassort":null,"is_destocking":false},{"id":109,"article_id":541346,"class_id":0,"name":"M\/L","on_standby":false,"stock_local":0,"stock_global":182,"multiple":1,"estimated_date_reassort":null,"is_destocking":false}],"page_links":{"fr":"\/fr\/p-ne-o93060-bucket-hat-bob-o93060-21963\/dusty-indigo-25240\/","en":"\/en\/p-ne-o93060-bucket-hat-bucket-hat-o93060-21963\/dusty-indigo-25240\/","de":"\/de\/p-ne-o93060-bucket-hat-fischerhut-o93060-21963\/dusty-indigo-25240\/","nl":"\/nl\/p-ne-o93060-bucket-hat-bob-o93060-21963\/dusty-indigo-25240\/","es":"\/es\/p-ne-o93060-bucket-hat-sombrero-bob-o93060-21963\/dusty-indigo-25240\/","it":"\/it\/p-ne-o93060-bucket-hat-bob-o93060-21963\/dusty-indigo-25240\/","sv":"\/sv\/p-ne-o93060-bucket-hat-fiskarhatt-o93060-21963\/dusty-indigo-25240\/","pt":"\/pt\/p-ne-o93060-bucket-hat-chapeu-bob-o93060-21963\/dusty-indigo-25240\/","da":"\/da\/p-ne-o93060-bucket-hat-bollehat-o93060-21963\/dusty-indigo-25240\/","pl":"\/pl\/p-ne-o93060-bucket-hat-kapelusz-typu-bob-o93060-21963\/dusty-indigo-25240\/"},"page_links_customization":{"fr":"\/fr\/p-ne-o93060-bucket-hat-bob-o93060-personnalisable-21963\/dusty-indigo-25240\/custom\/","en":"\/en\/p-ne-o93060-customizable-bucket-hat-bob-o93060-21963\/dusty-indigo-25240\/custom\/","de":"\/de\/p-ne-o93060-bucket-hat-fischerhut-o93060-personalisierbar-21963\/dusty-indigo-25240\/custom\/","nl":"\/nl\/p-ne-o93060-bucket-hat-bob-o93060-personaliseerbaar-21963\/dusty-indigo-25240\/custom\/","es":"\/es\/p-ne-o93060-bucket-hat-sombrero-bob-o93060-personalizable-21963\/dusty-indigo-25240\/custom\/","it":"\/it\/p-ne-o93060-bucket-hat-cappello-da-pescatore-o93060-personalizzabile-21963\/dusty-indigo-25240\/custom\/","sv":"\/sv\/p-ne-o93060-bucket-hat-fiskarhatt-o93060-anpassningsbar-21963\/dusty-indigo-25240\/custom\/","pt":"\/pt\/p-ne-o93060-bucket-hat-chapeu-bucket-o93060-personalizavel-21963\/dusty-indigo-25240\/custom\/","da":"\/da\/p-ne-o93060-bucket-hat-bollehat-o93060-kan-tilpasses-21963\/dusty-indigo-25240\/custom\/","pl":"\/pl\/p-ne-o93060-bucket-hat-kapelusz-rybacki-o93060-z-mozliwoscia-personalizacji-21963\/dusty-indigo-25240\/custom\/"}},{"id":25241,"name":"dusty_purple","class_ids":[10],"codes_hexa":["D3C7DB"],"delai_24":false,"has_3d":false,"seuil_global":0,"stock_local":0,"stock_global":352,"on_standby":false,"in_catalog":true,"images":{"miniature":["https:\/\/media.th4.com\/dsJJTFrKPaOX-PWaXiJ_cMzLc3NDRdDzdD19I2QhXWg\/pr:80\/aHR0cDovL21lZGlhMi5kZXNpZ25wYXJ0bmVyLmZyL2MvcC8yMTk2My8yMTk2My0yNTI0MS0xLndlYnA?v=1773657609"],"medium":["https:\/\/media.th4.com\/87SBBuNrzdKLupOHs-UPFxbgnPd4dmkQX5N-JYF221s\/pr:550x550\/aHR0cDovL21lZGlhMi5kZXNpZ25wYXJ0bmVyLmZyL2MvcC8yMTk2My8yMTk2My0yNTI0MS0xLndlYnA?v=1773657609"],"medium_large":["https:\/\/media.th4.com\/rWnDk9DvRjp7Zn6Oox_uLECCWdXfZcmvQF4rk0PCcEM\/pr:1000x1000\/aHR0cDovL21lZGlhMi5kZXNpZ25wYXJ0bmVyLmZyL2MvcC8yMTk2My8yMTk2My0yNTI0MS0xLndlYnA?v=1773657609"],"large":["https:\/\/media.th4.com\/Fz5xFroMIA8lK5DEtAFq03L0YEEPeXqYT_XjWzL9Odo\/pr:1920\/aHR0cDovL21lZGlhMi5kZXNpZ25wYXJ0bmVyLmZyL2MvcC8yMTk2My8yMTk2My0yNTI0MS0xLndlYnA?v=1773657609"],"opengraph":["https:\/\/media.th4.com\/WtpOa8z91EEweWQ8wHVhHBF-vVUEKFSFHuN4LfPdrKc\/pr:1200x630\/aHR0cDovL21lZGlhMi5kZXNpZ25wYXJ0bmVyLmZyL2MvcC8yMTk2My8yMTk2My0yNTI0MS0xLndlYnA?v=1773657609"]},"images_customization":{"miniature":["https:\/\/media.th4.com\/dsJJTFrKPaOX-PWaXiJ_cMzLc3NDRdDzdD19I2QhXWg\/pr:80\/aHR0cDovL21lZGlhMi5kZXNpZ25wYXJ0bmVyLmZyL2MvcC8yMTk2My8yMTk2My0yNTI0MS0xLndlYnA?v=1773657609"],"medium":["https:\/\/media.th4.com\/87SBBuNrzdKLupOHs-UPFxbgnPd4dmkQX5N-JYF221s\/pr:550x550\/aHR0cDovL21lZGlhMi5kZXNpZ25wYXJ0bmVyLmZyL2MvcC8yMTk2My8yMTk2My0yNTI0MS0xLndlYnA?v=1773657609"],"medium_large":["https:\/\/media.th4.com\/rWnDk9DvRjp7Zn6Oox_uLECCWdXfZcmvQF4rk0PCcEM\/pr:1000x1000\/aHR0cDovL21lZGlhMi5kZXNpZ25wYXJ0bmVyLmZyL2MvcC8yMTk2My8yMTk2My0yNTI0MS0xLndlYnA?v=1773657609"],"large":["https:\/\/media.th4.com\/Fz5xFroMIA8lK5DEtAFq03L0YEEPeXqYT_XjWzL9Odo\/pr:1920\/aHR0cDovL21lZGlhMi5kZXNpZ25wYXJ0bmVyLmZyL2MvcC8yMTk2My8yMTk2My0yNTI0MS0xLndlYnA?v=1773657609"],"opengraph":["https:\/\/media.th4.com\/WtpOa8z91EEweWQ8wHVhHBF-vVUEKFSFHuN4LfPdrKc\/pr:1200x630\/aHR0cDovL21lZGlhMi5kZXNpZ25wYXJ0bmVyLmZyL2MvcC8yMTk2My8yMTk2My0yNTI0MS0xLndlYnA?v=1773657609"]},"country_origin":"IN","traceability":{"manufacturing_country_id":72,"weaving_country_id":72,"dyeing_country_id":72},"sizes":[{"id":78,"article_id":541351,"class_id":0,"name":"S\/M","on_standby":false,"stock_local":0,"stock_global":129,"multiple":1,"estimated_date_reassort":null,"is_destocking":false},{"id":109,"article_id":541350,"class_id":0,"name":"M\/L","on_standby":false,"stock_local":0,"stock_global":223,"multiple":1,"estimated_date_reassort":null,"is_destocking":false}],"page_links":{"fr":"\/fr\/p-ne-o93060-bucket-hat-bob-o93060-21963\/dusty-purple-25241\/","en":"\/en\/p-ne-o93060-bucket-hat-bucket-hat-o93060-21963\/dusty-purple-25241\/","de":"\/de\/p-ne-o93060-bucket-hat-fischerhut-o93060-21963\/dusty-purple-25241\/","nl":"\/nl\/p-ne-o93060-bucket-hat-bob-o93060-21963\/dusty-purple-25241\/","es":"\/es\/p-ne-o93060-bucket-hat-sombrero-bob-o93060-21963\/dusty-purple-25241\/","it":"\/it\/p-ne-o93060-bucket-hat-bob-o93060-21963\/dusty-purple-25241\/","sv":"\/sv\/p-ne-o93060-bucket-hat-fiskarhatt-o93060-21963\/dusty-purple-25241\/","pt":"\/pt\/p-ne-o93060-bucket-hat-chapeu-bob-o93060-21963\/dusty-purple-25241\/","da":"\/da\/p-ne-o93060-bucket-hat-bollehat-o93060-21963\/dusty-purple-25241\/","pl":"\/pl\/p-ne-o93060-bucket-hat-kapelusz-typu-bob-o93060-21963\/dusty-purple-25241\/"},"page_links_customization":{"fr":"\/fr\/p-ne-o93060-bucket-hat-bob-o93060-personnalisable-21963\/dusty-purple-25241\/custom\/","en":"\/en\/p-ne-o93060-customizable-bucket-hat-bob-o93060-21963\/dusty-purple-25241\/custom\/","de":"\/de\/p-ne-o93060-bucket-hat-fischerhut-o93060-personalisierbar-21963\/dusty-purple-25241\/custom\/","nl":"\/nl\/p-ne-o93060-bucket-hat-bob-o93060-personaliseerbaar-21963\/dusty-purple-25241\/custom\/","es":"\/es\/p-ne-o93060-bucket-hat-sombrero-bob-o93060-personalizable-21963\/dusty-purple-25241\/custom\/","it":"\/it\/p-ne-o93060-bucket-hat-cappello-da-pescatore-o93060-personalizzabile-21963\/dusty-purple-25241\/custom\/","sv":"\/sv\/p-ne-o93060-bucket-hat-fiskarhatt-o93060-anpassningsbar-21963\/dusty-purple-25241\/custom\/","pt":"\/pt\/p-ne-o93060-bucket-hat-chapeu-bucket-o93060-personalizavel-21963\/dusty-purple-25241\/custom\/","da":"\/da\/p-ne-o93060-bucket-hat-bollehat-o93060-kan-tilpasses-21963\/dusty-purple-25241\/custom\/","pl":"\/pl\/p-ne-o93060-bucket-hat-kapelusz-rybacki-o93060-z-mozliwoscia-personalizacji-21963\/dusty-purple-25241\/custom\/"}},{"id":12586,"name":"white","class_ids":[1],"codes_hexa":["FFFFFF"],"delai_24":false,"has_3d":false,"seuil_global":0,"stock_local":0,"stock_global":268,"on_standby":false,"in_catalog":true,"images":{"miniature":["https:\/\/media.th4.com\/dkv8MR9HOxESSYWniG2XfL6N8C5HIS2pNzvG6FdiE0E\/pr:80\/aHR0cDovL21lZGlhMi5kZXNpZ25wYXJ0bmVyLmZyL2MvcC8yMTk2My8yMTk2My0xMjU4Ni0xLndlYnA?v=1773657612"],"medium":["https:\/\/media.th4.com\/ucSIimRL6b7lXya_DgRsbjGswWq6ngV1K6ga8enzHHw\/pr:550x550\/aHR0cDovL21lZGlhMi5kZXNpZ25wYXJ0bmVyLmZyL2MvcC8yMTk2My8yMTk2My0xMjU4Ni0xLndlYnA?v=1773657612"],"medium_large":["https:\/\/media.th4.com\/PmxW_9iQuxW7KXhZNic9FyTnNK4nUoMSuJNMzrtOuEI\/pr:1000x1000\/aHR0cDovL21lZGlhMi5kZXNpZ25wYXJ0bmVyLmZyL2MvcC8yMTk2My8yMTk2My0xMjU4Ni0xLndlYnA?v=1773657612"],"large":["https:\/\/media.th4.com\/8ADgcfiM9h8HLYF4lC4NBoROZ4ZMZobv1fDwlfwhvgY\/pr:1920\/aHR0cDovL21lZGlhMi5kZXNpZ25wYXJ0bmVyLmZyL2MvcC8yMTk2My8yMTk2My0xMjU4Ni0xLndlYnA?v=1773657612"],"opengraph":["https:\/\/media.th4.com\/8eRy5dh8gQC05IAZT9o5yCpeey9tPh_j5TtMEkPdlYk\/pr:1200x630\/aHR0cDovL21lZGlhMi5kZXNpZ25wYXJ0bmVyLmZyL2MvcC8yMTk2My8yMTk2My0xMjU4Ni0xLndlYnA?v=1773657612"]},"images_customization":{"miniature":["https:\/\/media.th4.com\/dkv8MR9HOxESSYWniG2XfL6N8C5HIS2pNzvG6FdiE0E\/pr:80\/aHR0cDovL21lZGlhMi5kZXNpZ25wYXJ0bmVyLmZyL2MvcC8yMTk2My8yMTk2My0xMjU4Ni0xLndlYnA?v=1773657612"],"medium":["https:\/\/media.th4.com\/ucSIimRL6b7lXya_DgRsbjGswWq6ngV1K6ga8enzHHw\/pr:550x550\/aHR0cDovL21lZGlhMi5kZXNpZ25wYXJ0bmVyLmZyL2MvcC8yMTk2My8yMTk2My0xMjU4Ni0xLndlYnA?v=1773657612"],"medium_large":["https:\/\/media.th4.com\/PmxW_9iQuxW7KXhZNic9FyTnNK4nUoMSuJNMzrtOuEI\/pr:1000x1000\/aHR0cDovL21lZGlhMi5kZXNpZ25wYXJ0bmVyLmZyL2MvcC8yMTk2My8yMTk2My0xMjU4Ni0xLndlYnA?v=1773657612"],"large":["https:\/\/media.th4.com\/8ADgcfiM9h8HLYF4lC4NBoROZ4ZMZobv1fDwlfwhvgY\/pr:1920\/aHR0cDovL21lZGlhMi5kZXNpZ25wYXJ0bmVyLmZyL2MvcC8yMTk2My8yMTk2My0xMjU4Ni0xLndlYnA?v=1773657612"],"opengraph":["https:\/\/media.th4.com\/8eRy5dh8gQC05IAZT9o5yCpeey9tPh_j5TtMEkPdlYk\/pr:1200x630\/aHR0cDovL21lZGlhMi5kZXNpZ25wYXJ0bmVyLmZyL2MvcC8yMTk2My8yMTk2My0xMjU4Ni0xLndlYnA?v=1773657612"]},"country_origin":"IN","traceability":{"manufacturing_country_id":72,"weaving_country_id":72,"dyeing_country_id":72},"sizes":[{"id":78,"article_id":541363,"class_id":0,"name":"S\/M","on_standby":false,"stock_local":0,"stock_global":64,"multiple":1,"estimated_date_reassort":null,"is_destocking":false},{"id":109,"article_id":541362,"class_id":0,"name":"M\/L","on_standby":false,"stock_local":0,"stock_global":204,"multiple":1,"estimated_date_reassort":null,"is_destocking":false}],"page_links":{"fr":"\/fr\/p-ne-o93060-bucket-hat-bob-o93060-21963\/white-12586\/","en":"\/en\/p-ne-o93060-bucket-hat-bucket-hat-o93060-21963\/white-12586\/","de":"\/de\/p-ne-o93060-bucket-hat-fischerhut-o93060-21963\/white-12586\/","nl":"\/nl\/p-ne-o93060-bucket-hat-bob-o93060-21963\/white-12586\/","es":"\/es\/p-ne-o93060-bucket-hat-sombrero-bob-o93060-21963\/white-12586\/","it":"\/it\/p-ne-o93060-bucket-hat-bob-o93060-21963\/white-12586\/","sv":"\/sv\/p-ne-o93060-bucket-hat-fiskarhatt-o93060-21963\/white-12586\/","pt":"\/pt\/p-ne-o93060-bucket-hat-chapeu-bob-o93060-21963\/white-12586\/","da":"\/da\/p-ne-o93060-bucket-hat-bollehat-o93060-21963\/white-12586\/","pl":"\/pl\/p-ne-o93060-bucket-hat-kapelusz-typu-bob-o93060-21963\/white-12586\/"},"page_links_customization":{"fr":"\/fr\/p-ne-o93060-bucket-hat-bob-o93060-personnalisable-21963\/white-12586\/custom\/","en":"\/en\/p-ne-o93060-customizable-bucket-hat-bob-o93060-21963\/white-12586\/custom\/","de":"\/de\/p-ne-o93060-bucket-hat-fischerhut-o93060-personalisierbar-21963\/white-12586\/custom\/","nl":"\/nl\/p-ne-o93060-bucket-hat-bob-o93060-personaliseerbaar-21963\/white-12586\/custom\/","es":"\/es\/p-ne-o93060-bucket-hat-sombrero-bob-o93060-personalizable-21963\/white-12586\/custom\/","it":"\/it\/p-ne-o93060-bucket-hat-cappello-da-pescatore-o93060-personalizzabile-21963\/white-12586\/custom\/","sv":"\/sv\/p-ne-o93060-bucket-hat-fiskarhatt-o93060-anpassningsbar-21963\/white-12586\/custom\/","pt":"\/pt\/p-ne-o93060-bucket-hat-chapeu-bucket-o93060-personalizavel-21963\/white-12586\/custom\/","da":"\/da\/p-ne-o93060-bucket-hat-bollehat-o93060-kan-tilpasses-21963\/white-12586\/custom\/","pl":"\/pl\/p-ne-o93060-bucket-hat-kapelusz-rybacki-o93060-z-mozliwoscia-personalizacji-21963\/white-12586\/custom\/"}},{"id":25242,"name":"dusty_yellow","class_ids":[3],"codes_hexa":["F3DD85"],"delai_24":false,"has_3d":false,"seuil_global":0,"stock_local":0,"stock_global":218,"on_standby":false,"in_catalog":true,"images":{"miniature":["https:\/\/media.th4.com\/wIU-xTCKr9EXnqPv-dSpMNyzd4hTjHvCdD6vMb8kcF4\/pr:80\/aHR0cDovL21lZGlhMi5kZXNpZ25wYXJ0bmVyLmZyL2MvcC8yMTk2My8yMTk2My0yNTI0Mi0xLndlYnA?v=1773657609"],"medium":["https:\/\/media.th4.com\/9XtIZuGazHcOqY-EJwf7RLg2ceNRIHVdlOHRNfr2WK4\/pr:550x550\/aHR0cDovL21lZGlhMi5kZXNpZ25wYXJ0bmVyLmZyL2MvcC8yMTk2My8yMTk2My0yNTI0Mi0xLndlYnA?v=1773657609"],"medium_large":["https:\/\/media.th4.com\/cPlDSNW7aR68kcxrjg-JEQkN2aDL7yJo6w1TBFKMBMk\/pr:1000x1000\/aHR0cDovL21lZGlhMi5kZXNpZ25wYXJ0bmVyLmZyL2MvcC8yMTk2My8yMTk2My0yNTI0Mi0xLndlYnA?v=1773657609"],"large":["https:\/\/media.th4.com\/8cHoupPT6B7WLck6asrGpxJh9RaHkg429WVfSucehZA\/pr:1920\/aHR0cDovL21lZGlhMi5kZXNpZ25wYXJ0bmVyLmZyL2MvcC8yMTk2My8yMTk2My0yNTI0Mi0xLndlYnA?v=1773657609"],"opengraph":["https:\/\/media.th4.com\/ITdZKHBOhpHtDrxllLiec4vf1fMjI59ved6dYV8HmQE\/pr:1200x630\/aHR0cDovL21lZGlhMi5kZXNpZ25wYXJ0bmVyLmZyL2MvcC8yMTk2My8yMTk2My0yNTI0Mi0xLndlYnA?v=1773657609"]},"images_customization":{"miniature":["https:\/\/media.th4.com\/wIU-xTCKr9EXnqPv-dSpMNyzd4hTjHvCdD6vMb8kcF4\/pr:80\/aHR0cDovL21lZGlhMi5kZXNpZ25wYXJ0bmVyLmZyL2MvcC8yMTk2My8yMTk2My0yNTI0Mi0xLndlYnA?v=1773657609"],"medium":["https:\/\/media.th4.com\/9XtIZuGazHcOqY-EJwf7RLg2ceNRIHVdlOHRNfr2WK4\/pr:550x550\/aHR0cDovL21lZGlhMi5kZXNpZ25wYXJ0bmVyLmZyL2MvcC8yMTk2My8yMTk2My0yNTI0Mi0xLndlYnA?v=1773657609"],"medium_large":["https:\/\/media.th4.com\/cPlDSNW7aR68kcxrjg-JEQkN2aDL7yJo6w1TBFKMBMk\/pr:1000x1000\/aHR0cDovL21lZGlhMi5kZXNpZ25wYXJ0bmVyLmZyL2MvcC8yMTk2My8yMTk2My0yNTI0Mi0xLndlYnA?v=1773657609"],"large":["https:\/\/media.th4.com\/8cHoupPT6B7WLck6asrGpxJh9RaHkg429WVfSucehZA\/pr:1920\/aHR0cDovL21lZGlhMi5kZXNpZ25wYXJ0bmVyLmZyL2MvcC8yMTk2My8yMTk2My0yNTI0Mi0xLndlYnA?v=1773657609"],"opengraph":["https:\/\/media.th4.com\/ITdZKHBOhpHtDrxllLiec4vf1fMjI59ved6dYV8HmQE\/pr:1200x630\/aHR0cDovL21lZGlhMi5kZXNpZ25wYXJ0bmVyLmZyL2MvcC8yMTk2My8yMTk2My0yNTI0Mi0xLndlYnA?v=1773657609"]},"country_origin":"IN","traceability":{"manufacturing_country_id":72,"weaving_country_id":72,"dyeing_country_id":72},"sizes":[{"id":78,"article_id":541353,"class_id":0,"name":"S\/M","on_standby":false,"stock_local":0,"stock_global":122,"multiple":1,"estimated_date_reassort":null,"is_destocking":false},{"id":109,"article_id":541352,"class_id":0,"name":"M\/L","on_standby":false,"stock_local":0,"stock_global":96,"multiple":1,"estimated_date_reassort":null,"is_destocking":false}],"page_links":{"fr":"\/fr\/p-ne-o93060-bucket-hat-bob-o93060-21963\/dusty-yellow-25242\/","en":"\/en\/p-ne-o93060-bucket-hat-bucket-hat-o93060-21963\/dusty-yellow-25242\/","de":"\/de\/p-ne-o93060-bucket-hat-fischerhut-o93060-21963\/dusty-yellow-25242\/","nl":"\/nl\/p-ne-o93060-bucket-hat-bob-o93060-21963\/dusty-yellow-25242\/","es":"\/es\/p-ne-o93060-bucket-hat-sombrero-bob-o93060-21963\/dusty-yellow-25242\/","it":"\/it\/p-ne-o93060-bucket-hat-bob-o93060-21963\/dusty-yellow-25242\/","sv":"\/sv\/p-ne-o93060-bucket-hat-fiskarhatt-o93060-21963\/dusty-yellow-25242\/","pt":"\/pt\/p-ne-o93060-bucket-hat-chapeu-bob-o93060-21963\/dusty-yellow-25242\/","da":"\/da\/p-ne-o93060-bucket-hat-bollehat-o93060-21963\/dusty-yellow-25242\/","pl":"\/pl\/p-ne-o93060-bucket-hat-kapelusz-typu-bob-o93060-21963\/dusty-yellow-25242\/"},"page_links_customization":{"fr":"\/fr\/p-ne-o93060-bucket-hat-bob-o93060-personnalisable-21963\/dusty-yellow-25242\/custom\/","en":"\/en\/p-ne-o93060-customizable-bucket-hat-bob-o93060-21963\/dusty-yellow-25242\/custom\/","de":"\/de\/p-ne-o93060-bucket-hat-fischerhut-o93060-personalisierbar-21963\/dusty-yellow-25242\/custom\/","nl":"\/nl\/p-ne-o93060-bucket-hat-bob-o93060-personaliseerbaar-21963\/dusty-yellow-25242\/custom\/","es":"\/es\/p-ne-o93060-bucket-hat-sombrero-bob-o93060-personalizable-21963\/dusty-yellow-25242\/custom\/","it":"\/it\/p-ne-o93060-bucket-hat-cappello-da-pescatore-o93060-personalizzabile-21963\/dusty-yellow-25242\/custom\/","sv":"\/sv\/p-ne-o93060-bucket-hat-fiskarhatt-o93060-anpassningsbar-21963\/dusty-yellow-25242\/custom\/","pt":"\/pt\/p-ne-o93060-bucket-hat-chapeu-bucket-o93060-personalizavel-21963\/dusty-yellow-25242\/custom\/","da":"\/da\/p-ne-o93060-bucket-hat-bollehat-o93060-kan-tilpasses-21963\/dusty-yellow-25242\/custom\/","pl":"\/pl\/p-ne-o93060-bucket-hat-kapelusz-rybacki-o93060-z-mozliwoscia-personalizacji-21963\/dusty-yellow-25242\/custom\/"}},{"id":12600,"name":"military","class_ids":[5,11],"codes_hexa":["3E4827"],"delai_24":false,"has_3d":false,"seuil_global":0,"stock_local":0,"stock_global":205,"on_standby":false,"in_catalog":true,"images":{"miniature":["https:\/\/media.th4.com\/qDKNs3MdAtZczpqIV65ryAcuyrzzjQjrEZNZCNMC18U\/pr:80\/aHR0cDovL21lZGlhMi5kZXNpZ25wYXJ0bmVyLmZyL2MvcC8yMTk2My8yMTk2My0xMjYwMC0xLndlYnA?v=1773657610"],"medium":["https:\/\/media.th4.com\/qz-mab2cuBWWZ1u5KsjD0vO3wZy-iBJnZ-JCWxgNI9A\/pr:550x550\/aHR0cDovL21lZGlhMi5kZXNpZ25wYXJ0bmVyLmZyL2MvcC8yMTk2My8yMTk2My0xMjYwMC0xLndlYnA?v=1773657610"],"medium_large":["https:\/\/media.th4.com\/RhTbGJvnV9_lkKKVrkdxFjkO7lm-Mx7Ymcgn2klAnzU\/pr:1000x1000\/aHR0cDovL21lZGlhMi5kZXNpZ25wYXJ0bmVyLmZyL2MvcC8yMTk2My8yMTk2My0xMjYwMC0xLndlYnA?v=1773657610"],"large":["https:\/\/media.th4.com\/QJLHfXYrBpygB40Tn3mUakSqs4VCdeiH-i48qpaZbHg\/pr:1920\/aHR0cDovL21lZGlhMi5kZXNpZ25wYXJ0bmVyLmZyL2MvcC8yMTk2My8yMTk2My0xMjYwMC0xLndlYnA?v=1773657610"],"opengraph":["https:\/\/media.th4.com\/Ri6rnXL93M7V4E0s0bIMAD-Q_TwJy3oa0iMWWCQ9Y6A\/pr:1200x630\/aHR0cDovL21lZGlhMi5kZXNpZ25wYXJ0bmVyLmZyL2MvcC8yMTk2My8yMTk2My0xMjYwMC0xLndlYnA?v=1773657610"]},"images_customization":{"miniature":["https:\/\/media.th4.com\/qDKNs3MdAtZczpqIV65ryAcuyrzzjQjrEZNZCNMC18U\/pr:80\/aHR0cDovL21lZGlhMi5kZXNpZ25wYXJ0bmVyLmZyL2MvcC8yMTk2My8yMTk2My0xMjYwMC0xLndlYnA?v=1773657610"],"medium":["https:\/\/media.th4.com\/qz-mab2cuBWWZ1u5KsjD0vO3wZy-iBJnZ-JCWxgNI9A\/pr:550x550\/aHR0cDovL21lZGlhMi5kZXNpZ25wYXJ0bmVyLmZyL2MvcC8yMTk2My8yMTk2My0xMjYwMC0xLndlYnA?v=1773657610"],"medium_large":["https:\/\/media.th4.com\/RhTbGJvnV9_lkKKVrkdxFjkO7lm-Mx7Ymcgn2klAnzU\/pr:1000x1000\/aHR0cDovL21lZGlhMi5kZXNpZ25wYXJ0bmVyLmZyL2MvcC8yMTk2My8yMTk2My0xMjYwMC0xLndlYnA?v=1773657610"],"large":["https:\/\/media.th4.com\/QJLHfXYrBpygB40Tn3mUakSqs4VCdeiH-i48qpaZbHg\/pr:1920\/aHR0cDovL21lZGlhMi5kZXNpZ25wYXJ0bmVyLmZyL2MvcC8yMTk2My8yMTk2My0xMjYwMC0xLndlYnA?v=1773657610"],"opengraph":["https:\/\/media.th4.com\/Ri6rnXL93M7V4E0s0bIMAD-Q_TwJy3oa0iMWWCQ9Y6A\/pr:1200x630\/aHR0cDovL21lZGlhMi5kZXNpZ25wYXJ0bmVyLmZyL2MvcC8yMTk2My8yMTk2My0xMjYwMC0xLndlYnA?v=1773657610"]},"country_origin":"IN","traceability":{"manufacturing_country_id":72,"weaving_country_id":72,"dyeing_country_id":72},"sizes":[{"id":78,"article_id":541355,"class_id":0,"name":"S\/M","on_standby":false,"stock_local":0,"stock_global":126,"multiple":1,"estimated_date_reassort":null,"is_destocking":false},{"id":109,"article_id":541354,"class_id":0,"name":"M\/L","on_standby":false,"stock_local":0,"stock_global":79,"multiple":1,"estimated_date_reassort":null,"is_destocking":false}],"page_links":{"fr":"\/fr\/p-ne-o93060-bucket-hat-bob-o93060-21963\/military-12600\/","en":"\/en\/p-ne-o93060-bucket-hat-bucket-hat-o93060-21963\/military-12600\/","de":"\/de\/p-ne-o93060-bucket-hat-fischerhut-o93060-21963\/military-12600\/","nl":"\/nl\/p-ne-o93060-bucket-hat-bob-o93060-21963\/military-12600\/","es":"\/es\/p-ne-o93060-bucket-hat-sombrero-bob-o93060-21963\/military-12600\/","it":"\/it\/p-ne-o93060-bucket-hat-bob-o93060-21963\/military-12600\/","sv":"\/sv\/p-ne-o93060-bucket-hat-fiskarhatt-o93060-21963\/military-12600\/","pt":"\/pt\/p-ne-o93060-bucket-hat-chapeu-bob-o93060-21963\/military-12600\/","da":"\/da\/p-ne-o93060-bucket-hat-bollehat-o93060-21963\/military-12600\/","pl":"\/pl\/p-ne-o93060-bucket-hat-kapelusz-typu-bob-o93060-21963\/military-12600\/"},"page_links_customization":{"fr":"\/fr\/p-ne-o93060-bucket-hat-bob-o93060-personnalisable-21963\/military-12600\/custom\/","en":"\/en\/p-ne-o93060-customizable-bucket-hat-bob-o93060-21963\/military-12600\/custom\/","de":"\/de\/p-ne-o93060-bucket-hat-fischerhut-o93060-personalisierbar-21963\/military-12600\/custom\/","nl":"\/nl\/p-ne-o93060-bucket-hat-bob-o93060-personaliseerbaar-21963\/military-12600\/custom\/","es":"\/es\/p-ne-o93060-bucket-hat-sombrero-bob-o93060-personalizable-21963\/military-12600\/custom\/","it":"\/it\/p-ne-o93060-bucket-hat-cappello-da-pescatore-o93060-personalizzabile-21963\/military-12600\/custom\/","sv":"\/sv\/p-ne-o93060-bucket-hat-fiskarhatt-o93060-anpassningsbar-21963\/military-12600\/custom\/","pt":"\/pt\/p-ne-o93060-bucket-hat-chapeu-bucket-o93060-personalizavel-21963\/military-12600\/custom\/","da":"\/da\/p-ne-o93060-bucket-hat-bollehat-o93060-kan-tilpasses-21963\/military-12600\/custom\/","pl":"\/pl\/p-ne-o93060-bucket-hat-kapelusz-rybacki-o93060-z-mozliwoscia-personalizacji-21963\/military-12600\/custom\/"}}],"documentation_link":"\/pdf\/21963.pdf","countries_availables":["AD","AE","AL","AT","BA","BD","BE","BG","BL","CA","CH","CN","CO","CY","CZ","DE","DK","DO","EE","EG","ES","ET","FI","FR","GB","GE","GF","GP","GR","GT","HK","HN","HR","HT","HU","ID","IE","IN","IS","IT","JO","JP","KE","KH","KP","KR","LA","LK","LS","LT","LU","LV","MA","MF","MG","MK","MM","MN","MQ","MT","MX","MY","NC","NI","NL","PF","PH","PK","PL","PM","PT","RE","RO","SE","SG","SI","SK","SV","SY","TH","TN","TR","TW","TZ","US","VN","WF","YT"]},"infos_customization":[],"features":{"authorize_multi_surfaces":true,"display_order_delay_type":true,"promote_surface_display":true,"tarification_franco_offert":true,"enabled_3d_editor":false},"markings":[{"id":0,"nom":"vierge","finition":null,"libelle":null,"code":null,"dpi":null,"finesse_forme_isolee":null,"finesse_forme_non_isolee":null,"hauteur_minimale_texte":null,"inactif":0,"marquage_interne":1,"quantite_min":null,"parent_id":null,"print_on_support":0,"content":"vierge","description":null},{"id":2,"nom":"fonce","finition":"optimale","libelle":"TopQuadri","code":null,"dpi":400,"finesse_forme_isolee":"0.040","finesse_forme_non_isolee":"0.700","hauteur_minimale_texte":2,"inactif":0,"marquage_interne":1,"quantite_min":null,"parent_id":18,"print_on_support":0,"content":"TopQuadri","description":"pour petites et moyennes s\u00e9ries"},{"id":3,"nom":"serigraphie","finition":"serigraphie","libelle":"SeriCoat","code":null,"dpi":400,"finesse_forme_isolee":"0.040","finesse_forme_non_isolee":"0.700","hauteur_minimale_texte":2,"inactif":0,"marquage_interne":1,"quantite_min":15,"parent_id":18,"print_on_support":0,"content":"SeriCoat","description":"pour moyennes et grandes s\u00e9ries"},{"id":4,"nom":"broderie","finition":"broderie","libelle":"Broderie","code":null,"dpi":400,"finesse_forme_isolee":"0.040","finesse_forme_non_isolee":"0.700","hauteur_minimale_texte":3,"inactif":0,"marquage_interne":1,"quantite_min":null,"parent_id":null,"print_on_support":0,"content":"Broderie","description":null},{"id":8,"nom":"theme","finition":null,"libelle":"Th\u00e8me","code":null,"dpi":null,"finesse_forme_isolee":null,"finesse_forme_non_isolee":null,"hauteur_minimale_texte":null,"inactif":0,"marquage_interne":1,"quantite_min":null,"parent_id":null,"print_on_support":0,"content":"Th\u00e8me","description":null},{"id":9,"nom":"sans","finition":null,"libelle":null,"code":null,"dpi":null,"finesse_forme_isolee":null,"finesse_forme_non_isolee":null,"hauteur_minimale_texte":null,"inactif":0,"marquage_interne":1,"quantite_min":null,"parent_id":null,"print_on_support":0,"content":"sans","description":null},{"id":10,"nom":"photo","finition":null,"libelle":"Photo","code":null,"dpi":null,"finesse_forme_isolee":null,"finesse_forme_non_isolee":null,"hauteur_minimale_texte":null,"inactif":0,"marquage_interne":1,"quantite_min":null,"parent_id":null,"print_on_support":0,"content":"Photo","description":null},{"id":14,"nom":"couleur","finition":null,"libelle":"Couleur","code":null,"dpi":null,"finesse_forme_isolee":null,"finesse_forme_non_isolee":null,"hauteur_minimale_texte":null,"inactif":0,"marquage_interne":1,"quantite_min":null,"parent_id":null,"print_on_support":0,"content":"Couleur","description":null},{"id":15,"nom":"sublimation","finition":"sublimation","libelle":"Sublimation","code":null,"dpi":null,"finesse_forme_isolee":"0.000","finesse_forme_non_isolee":"0.000","hauteur_minimale_texte":2,"inactif":0,"marquage_interne":1,"quantite_min":null,"parent_id":null,"print_on_support":0,"content":"Sublimation","description":null},{"id":16,"nom":"topquadri_uv","finition":null,"libelle":"TopQuadri UV","code":null,"dpi":null,"finesse_forme_isolee":"0.020","finesse_forme_non_isolee":"0.700","hauteur_minimale_texte":2,"inactif":0,"marquage_interne":1,"quantite_min":null,"parent_id":null,"print_on_support":1,"content":null,"description":null},{"id":17,"nom":"topquadri_uvp","finition":null,"libelle":"TopQuadri UVP","code":null,"dpi":null,"finesse_forme_isolee":"0.020","finesse_forme_non_isolee":"0.700","hauteur_minimale_texte":2,"inactif":0,"marquage_interne":1,"quantite_min":null,"parent_id":null,"print_on_support":1,"content":null,"description":null},{"id":18,"nom":"quadri","finition":null,"libelle":"Impression","code":null,"dpi":null,"finesse_forme_isolee":null,"finesse_forme_non_isolee":null,"hauteur_minimale_texte":null,"inactif":0,"marquage_interne":1,"quantite_min":null,"parent_id":null,"print_on_support":0,"content":null,"description":null}]}}