{"data":{"product":{"id":21907,"titre":"Reflective Body Belt \"PRAGUE\"","description":"Ceinture r\u00e9fl\u00e9chissante. Fait de mat\u00e9riaux \u00e9lastiques, fluorescents et r\u00e9fl\u00e9chissants. Pour toutes les activit\u00e9s de plein air comme le jogging, la randonn\u00e9e ou le v\u00e9lo. Taille ajustable sur le corps et les bretelles. Fermeture \u00e0 clip pratique \u00e0 l'avant. Composition : 100 % polyester.","genre":"mixte","grammage":0,"conditionnement":100,"composition":"polyester,polyester_uniquement","reference":"ko-kxzband","reference_visible":"ko-kxzband","reference_fabricant":"KXZBAND","ref_xor":"721878","in_catalog":true,"is_transfer":false,"is_service":false,"on_standby":false,"has_3d":false,"has_size_guide":false,"has_marking":false,"has_vierge":true,"is_cross_sellable":false,"id_picto":0,"filename_3d":null,"brand":{"id":170,"name":"Korntex","logo":"logo-korntex.png","image":"https:\/\/media.th4.com\/cQDqQljenSY7VSYcQdvIaNfOwg9YRdZ-qoOzoO5ebsQ\/pr:brand70x70\/aHR0cDovL21lZGlhMi5kZXNpZ25wYXJ0bmVyLmZyL2MvbS9sb2dvLWtvcm50ZXgucG5n"},"price_infos":{"price_from":6.63,"quantity":100,"color":{"id":25208,"name":"pink"},"size":{"id":42,"name":"taille_unique"}},"price_infos_marking":{"price_from":0,"quantity":0,"size":{"id":0,"name":""},"color":{"id":0,"name":""},"marking":{"id":0,"name":""},"emplacement":"","surface":"","surface_emplacement_id":0},"i18n":{"blank":{"title":{"fr":"Reflective belt prague ceinture KORNTEX kxzband","en":"Reflective belt Prague belt KORNTEX kxzband","de":"Reflektierender G\u00fcrtel Prag G\u00fcrtel KORNTEX kxzband","nl":"Reflective belt prague riem KORNTEX kxzband","es":"Cintur\u00f3n reflectante prague KORNTEX kxzband","it":"Cintura riflettente prague KORNTEX kxzband","sv":"Reflekterande b\u00e4lte prague KORNTEX kxzband","pt":"Cinto refletor prague KORNTEX kxzband","da":"Reflekterende b\u00e6lte prague b\u00e6lte KORNTEX kxzband","pl":"Odblaskowy pas Prague KORNTEX kxzband"},"description":{"fr":"La Reflective belt Prague est une ceinture r\u00e9fl\u00e9chissante ajustable, adapt\u00e9e aux activit\u00e9s de plein air comme le jogging, la randonn\u00e9e ou le v\u00e9lo. Sa structure \u00e9lastique et sa fermeture \u00e0 clip \u00e0 l'avant facilitent l'ajustement et le maintien sur le corps.\n\n- Composition : 100 % polyester\n- Mati\u00e8re \u00e9lastique et r\u00e9fl\u00e9chissante\n- Bretelles ajustables sur le corps\n- Fermeture \u00e0 clip \u00e0 l'avant","en":"The Reflective belt Prague is an adjustable reflective belt, suitable for outdoor activities such as jogging, hiking or cycling. Its elastic structure and front clip closure make adjustment and support on the body easier.\n\n- Composition: 100% polyester\n- Elastic and reflective material\n- Adjustable straps on the body\n- Front clip closure","de":"Der reflektierende G\u00fcrtel Prag ist ein verstellbarer reflektierender G\u00fcrtel, geeignet f\u00fcr Outdoor-Aktivit\u00e4ten wie Joggen, Wandern oder Radfahren. Seine elastische Struktur und sein Clipverschluss vorne erleichtern die Anpassung und den Halt am K\u00f6rper.\n\n- Zusammensetzung: 100 % Polyester\n- Elastisches und reflektierendes Material\n- Am K\u00f6rper verstellbare Tr\u00e4ger\n- Clipverschluss vorne","nl":"De Reflective belt Prague is een verstelbare reflecterende riem, geschikt voor buitenactiviteiten zoals joggen, wandelen of fietsen. De elastische structuur en de clipsluiting aan de voorkant vergemakkelijken de afstelling en het behoud op het lichaam.\n\n- Samenstelling: 100 % polyester\n- Elastisch en reflecterend materiaal\n- Op het lichaam verstelbare banden\n- Clipsluiting aan de voorkant","es":"La Reflective belt Prague es un cintur\u00f3n reflectante ajustable, adecuado para actividades al aire libre como jogging, senderismo o ciclismo. Su estructura el\u00e1stica y su cierre de clip en la parte delantera facilitan el ajuste y la sujeci\u00f3n sobre el cuerpo.\n\n- Composici\u00f3n: 100 % poli\u00e9ster\n- Material el\u00e1stico y reflectante\n- Tirantes ajustables sobre el cuerpo\n- Cierre de clip en la parte delantera","it":"La Reflective belt Prague \u00e8 una cintura riflettente regolabile, adatta alle attivit\u00e0 all'aperto come jogging, escursionismo o ciclismo. La sua struttura elastica e la chiusura a clip sul davanti facilitano la regolazione e la tenuta sul corpo.\n\n- Composizione: 100 % poliestere\n- Materiale elastico e riflettente\n- Spallacci regolabili sul corpo\n- Chiusura a clip sul davanti","sv":"Reflective belt Prague \u00e4r ett justerbart reflekterande b\u00e4lte, anpassat f\u00f6r utomhusaktiviteter som jogging, vandring eller cykling. Den elastiska konstruktionen och clipsst\u00e4ngningen framtill underl\u00e4ttar justering och att b\u00e4ltet sitter p\u00e5 kroppen.\n\n- Sammans\u00e4ttning: 100 % polyester\n- Elastiskt och reflekterande material\n- Justerbara remmar p\u00e5 kroppen\n- Clipsst\u00e4ngning framtill","pt":"O Reflective belt Prague \u00e9 um cinto refletor ajust\u00e1vel, adequado para atividades ao ar livre, como jogging, caminhada ou ciclismo. A sua estrutura el\u00e1stica e o fecho de clipe na parte da frente facilitam o ajuste e a fixa\u00e7\u00e3o no corpo.\n\n- Composi\u00e7\u00e3o: 100 % poli\u00e9ster\n- Material el\u00e1stico e refletor\n- Al\u00e7as ajust\u00e1veis no corpo\n- Fecho de clipe na parte da frente","da":"Reflective belt Prague er et justerbart reflekterende b\u00e6lte, velegnet til udend\u00f8rs aktiviteter som jogging, vandring eller cykling. Den elastiske struktur og clipslukningen foran g\u00f8r justering og fastholdelse p\u00e5 kroppen lettere.\n\n- Sammens\u00e6tning: 100 % polyester\n- Elastisk og reflekterende materiale\n- Justerbare seler p\u00e5 kroppen\n- Clipslukning foran","pl":"Odblaskowy pas Prague to regulowany pas odblaskowy, odpowiedni do aktywno\u015bci na \u015bwie\u017cym powietrzu, takich jak jogging, w\u0119dr\u00f3wki lub jazda na rowerze. Jego elastyczna konstrukcja i przednie zapi\u0119cie na klips u\u0142atwiaj\u0105 dopasowanie i utrzymanie na ciele.\n\n- Sk\u0142ad: 100 % poliester\n- Materia\u0142 elastyczny i odblaskowy\n- Szelki regulowane na ciele\n- Przednie zapi\u0119cie na klips"},"h1":{"fr":"Reflective belt prague ceinture kxzband","en":"Reflective belt Prague belt kxzband","de":"Reflektierender G\u00fcrtel Prag G\u00fcrtel kxzband","nl":"Reflective belt prague riem kxzband","es":"Cintur\u00f3n reflectante prague kxzband","it":"Cintura riflettente prague kxzband","sv":"Reflekterande b\u00e4lte prague kxzband","pt":"Cinto refletor prague kxzband","da":"Reflekterende b\u00e6lte prague b\u00e6lte kxzband","pl":"Odblaskowy pas Prague kxzband"},"meta_description":{"fr":"Ceinture r\u00e9fl\u00e9chissante ajustable pour activit\u00e9s de plein air, avec bretelles \u00e9lastiques et fermeture \u00e0 clip \u00e0 l'avant pour un maintien pratique.","en":"Adjustable reflective belt for outdoor activities, with elastic straps and a front clip closure for practical support.","de":"Verstellbarer reflektierender G\u00fcrtel f\u00fcr Outdoor-Aktivit\u00e4ten, mit elastischen Tr\u00e4gern und Clipverschluss vorne f\u00fcr praktischen Halt.","nl":"Verstelbare reflecterende riem voor buitenactiviteiten, met elastische banden en clipsluiting aan de voorkant voor praktisch houvast.","es":"Cintur\u00f3n reflectante ajustable para actividades al aire libre, con tirantes el\u00e1sticos y cierre de clip en la parte delantera para una sujeci\u00f3n pr\u00e1ctica.","it":"Cintura riflettente regolabile per attivit\u00e0 all'aperto, con spallacci elastici e chiusura a clip sul davanti per una tenuta pratica.","sv":"Justerbart reflekterande b\u00e4lte f\u00f6r utomhusaktiviteter, med elastiska remmar och clipsst\u00e4ngning framtill f\u00f6r praktisk passform.","pt":"Cinto refletor ajust\u00e1vel para atividades ao ar livre, com al\u00e7as el\u00e1sticas e fecho de clipe na parte da frente para uma fixa\u00e7\u00e3o pr\u00e1tica.","da":"Justerbart reflekterende b\u00e6lte til udend\u00f8rs aktiviteter med elastiske seler og clipslukning foran for praktisk fastholdelse.","pl":"Regulowany pas odblaskowy do aktywno\u015bci na \u015bwie\u017cym powietrzu, z elastycznymi szelkami i przednim zapi\u0119ciem na klips dla praktycznego podtrzymania."}},"custom":{"title":{"fr":null,"en":null,"de":null,"nl":null,"es":null,"it":null,"sv":null,"pt":null,"da":null,"pl":null},"description":{"fr":null,"en":null,"de":null,"nl":null,"es":null,"it":null,"sv":null,"pt":null,"da":null,"pl":null},"h1":{"fr":null,"en":null,"de":null,"nl":null,"es":null,"it":null,"sv":null,"pt":null,"da":null,"pl":null},"meta_description":{"fr":null,"en":null,"de":null,"nl":null,"es":null,"it":null,"sv":null,"pt":null,"da":null,"pl":null}}},"categories":[{"id":451,"name":"Ceintures","singular":"Ceinture","is_feminin":false},{"id":560,"name":"Sports et Loisirs","singular":"Sport et Loisir","is_feminin":false},{"id":572,"name":"Textiles r\u00e9fl\u00e9chissants","singular":"Textile r\u00e9fl\u00e9chissant","is_feminin":false},{"id":509,"name":"Accessoires textiles","singular":"Accessoire textile","is_feminin":false},{"id":559,"name":"Univers","singular":"Univers","is_feminin":false},{"id":354,"name":"Textile","singular":"Textile","is_feminin":false}],"certifications":[],"videos":{"fr":[],"en":[],"de":[],"nl":[],"es":[],"it":[],"sv":[],"pt":[],"da":[],"pl":[]},"main_images":{"miniature":"https:\/\/media.th4.com\/MjyWhoGDGiz-UcRCxi8lBN_XxXSlqgO1QKiLuqBHzjc\/pr:80\/aHR0cDovL21lZGlhMi5kZXNpZ25wYXJ0bmVyLmZyL2MvcC1ibGFuay1USC8yMTkwNy53ZWJw?v=1773657923","medium":"https:\/\/media.th4.com\/EXAuNanKVAm805Gg9hKpW4-XWmYBGV5zbJUqVa6_Sjg\/pr:550x550greybg\/aHR0cDovL21lZGlhMi5kZXNpZ25wYXJ0bmVyLmZyL2MvcC1ibGFuay1USC8yMTkwNy53ZWJw?v=1773657923","medium_large":"https:\/\/media.th4.com\/FOzTOQFXraDswdChOYKzFX6joHI1ubJSubpjo6VMC1g\/pr:1000x1000greybg\/aHR0cDovL21lZGlhMi5kZXNpZ25wYXJ0bmVyLmZyL2MvcC1ibGFuay1USC8yMTkwNy53ZWJw?v=1773657923","large":"https:\/\/media.th4.com\/JEose5vCCuWiZAx7uvtizWSMW808W3eqkW_YaLdDFbg\/pr:1920greybg\/aHR0cDovL21lZGlhMi5kZXNpZ25wYXJ0bmVyLmZyL2MvcC1ibGFuay1USC8yMTkwNy53ZWJw?v=1773657923","opengraph":"https:\/\/media.th4.com\/eOYopstsLMcIb1szwAdywLGU0YqPuAXYUmaoEPH8dMg\/pr:1200x630greybg\/aHR0cDovL21lZGlhMi5kZXNpZ25wYXJ0bmVyLmZyL2MvcC1ibGFuay1USC8yMTkwNy53ZWJw?v=1773657923"},"main_images_customization":{"miniature":"https:\/\/media.th4.com\/MjyWhoGDGiz-UcRCxi8lBN_XxXSlqgO1QKiLuqBHzjc\/pr:80\/aHR0cDovL21lZGlhMi5kZXNpZ25wYXJ0bmVyLmZyL2MvcC1ibGFuay1USC8yMTkwNy53ZWJw?v=1773657923","medium":"https:\/\/media.th4.com\/EXAuNanKVAm805Gg9hKpW4-XWmYBGV5zbJUqVa6_Sjg\/pr:550x550greybg\/aHR0cDovL21lZGlhMi5kZXNpZ25wYXJ0bmVyLmZyL2MvcC1ibGFuay1USC8yMTkwNy53ZWJw?v=1773657923","medium_large":"https:\/\/media.th4.com\/FOzTOQFXraDswdChOYKzFX6joHI1ubJSubpjo6VMC1g\/pr:1000x1000greybg\/aHR0cDovL21lZGlhMi5kZXNpZ25wYXJ0bmVyLmZyL2MvcC1ibGFuay1USC8yMTkwNy53ZWJw?v=1773657923","large":"https:\/\/media.th4.com\/JEose5vCCuWiZAx7uvtizWSMW808W3eqkW_YaLdDFbg\/pr:1920greybg\/aHR0cDovL21lZGlhMi5kZXNpZ25wYXJ0bmVyLmZyL2MvcC1ibGFuay1USC8yMTkwNy53ZWJw?v=1773657923","opengraph":"https:\/\/media.th4.com\/eOYopstsLMcIb1szwAdywLGU0YqPuAXYUmaoEPH8dMg\/pr:1200x630greybg\/aHR0cDovL21lZGlhMi5kZXNpZ25wYXJ0bmVyLmZyL2MvcC1ibGFuay1USC8yMTkwNy53ZWJw?v=1773657923"},"page_links":{"fr":"\/fr\/p-ko-kxzband-reflective-belt-prague-ceinture-kxzband-21907\/","en":"\/en\/p-ko-kxzband-reflective-belt-prague-belt-kxzband-21907\/","de":"\/de\/p-ko-kxzband-reflektierender-gurtel-prag-gurtel-kxzband-21907\/","nl":"\/nl\/p-ko-kxzband-reflective-belt-prague-riem-kxzband-21907\/","es":"\/es\/p-ko-kxzband-cinturon-reflectante-prague-kxzband-21907\/","it":"\/it\/p-ko-kxzband-cintura-riflettente-prague-kxzband-21907\/","sv":"\/sv\/p-ko-kxzband-reflekterande-balte-prague-kxzband-21907\/","pt":"\/pt\/p-ko-kxzband-cinto-refletor-prague-kxzband-21907\/","da":"\/da\/p-ko-kxzband-reflekterende-baelte-prague-baelte-kxzband-21907\/","pl":"\/pl\/p-ko-kxzband-odblaskowy-pas-prague-kxzband-21907\/"},"page_links_customization":{"fr":"\/fr\/p-ko-kxzband-reflective-body-belt-prague-21907\/custom\/","en":"\/en\/p-ko-kxzband-reflective-body-belt-prague-21907\/custom\/","de":"\/de\/p-ko-kxzband-reflective-body-belt-prague-21907\/custom\/","nl":"\/nl\/p-ko-kxzband-reflective-body-belt-prague-21907\/custom\/","es":"\/es\/p-ko-kxzband-reflective-body-belt-prague-21907\/custom\/","it":"\/it\/p-ko-kxzband-reflective-body-belt-prague-21907\/custom\/","sv":"\/sv\/p-ko-kxzband-reflective-body-belt-prague-21907\/custom\/","pt":"\/pt\/p-ko-kxzband-reflective-body-belt-prague-21907\/custom\/","da":"\/da\/p-ko-kxzband-reflective-body-belt-prague-21907\/custom\/","pl":"\/pl\/p-ko-kxzband-reflective-body-belt-prague-21907\/custom\/"},"equivalent_products":[],"colors":[{"id":25208,"name":"pink","class_ids":[7],"codes_hexa":["EF74A9"],"delai_24":false,"has_3d":false,"seuil_global":0,"stock_local":0,"stock_global":130,"on_standby":false,"in_catalog":true,"images":{"miniature":["https:\/\/media.th4.com\/dlhivf3FJjKT7T9B3-Ksp-SwCw7odnpXqeo4uXFRbP8\/pr:80\/aHR0cDovL21lZGlhMi5kZXNpZ25wYXJ0bmVyLmZyL2MvcC8yMTkwNy8yMTkwNy0yNTIwOC0xLndlYnA?v=1773657138"],"medium":["https:\/\/media.th4.com\/g8c9qjWaxJI-BO6c3tsOo1Nzl1c41kBZzIT7J0YArV0\/pr:550x550\/aHR0cDovL21lZGlhMi5kZXNpZ25wYXJ0bmVyLmZyL2MvcC8yMTkwNy8yMTkwNy0yNTIwOC0xLndlYnA?v=1773657138"],"medium_large":["https:\/\/media.th4.com\/tgUymVoawW80RvtSYwelGQDYiWpJ2lAgWfNldGWa_bE\/pr:1000x1000\/aHR0cDovL21lZGlhMi5kZXNpZ25wYXJ0bmVyLmZyL2MvcC8yMTkwNy8yMTkwNy0yNTIwOC0xLndlYnA?v=1773657138"],"large":["https:\/\/media.th4.com\/AhPzllUMSA6a31UQvCQpdoR2wpuamTiVI3smfDA8ZCA\/pr:1920\/aHR0cDovL21lZGlhMi5kZXNpZ25wYXJ0bmVyLmZyL2MvcC8yMTkwNy8yMTkwNy0yNTIwOC0xLndlYnA?v=1773657138"],"opengraph":["https:\/\/media.th4.com\/MuYFGUJOqyOn5HEGVQlFFE-soLTCdlT5k38ivUK4vbQ\/pr:1200x630\/aHR0cDovL21lZGlhMi5kZXNpZ25wYXJ0bmVyLmZyL2MvcC8yMTkwNy8yMTkwNy0yNTIwOC0xLndlYnA?v=1773657138"]},"images_customization":{"miniature":["https:\/\/media.th4.com\/dlhivf3FJjKT7T9B3-Ksp-SwCw7odnpXqeo4uXFRbP8\/pr:80\/aHR0cDovL21lZGlhMi5kZXNpZ25wYXJ0bmVyLmZyL2MvcC8yMTkwNy8yMTkwNy0yNTIwOC0xLndlYnA?v=1773657138"],"medium":["https:\/\/media.th4.com\/g8c9qjWaxJI-BO6c3tsOo1Nzl1c41kBZzIT7J0YArV0\/pr:550x550\/aHR0cDovL21lZGlhMi5kZXNpZ25wYXJ0bmVyLmZyL2MvcC8yMTkwNy8yMTkwNy0yNTIwOC0xLndlYnA?v=1773657138"],"medium_large":["https:\/\/media.th4.com\/tgUymVoawW80RvtSYwelGQDYiWpJ2lAgWfNldGWa_bE\/pr:1000x1000\/aHR0cDovL21lZGlhMi5kZXNpZ25wYXJ0bmVyLmZyL2MvcC8yMTkwNy8yMTkwNy0yNTIwOC0xLndlYnA?v=1773657138"],"large":["https:\/\/media.th4.com\/AhPzllUMSA6a31UQvCQpdoR2wpuamTiVI3smfDA8ZCA\/pr:1920\/aHR0cDovL21lZGlhMi5kZXNpZ25wYXJ0bmVyLmZyL2MvcC8yMTkwNy8yMTkwNy0yNTIwOC0xLndlYnA?v=1773657138"],"opengraph":["https:\/\/media.th4.com\/MuYFGUJOqyOn5HEGVQlFFE-soLTCdlT5k38ivUK4vbQ\/pr:1200x630\/aHR0cDovL21lZGlhMi5kZXNpZ25wYXJ0bmVyLmZyL2MvcC8yMTkwNy8yMTkwNy0yNTIwOC0xLndlYnA?v=1773657138"]},"country_origin":"CN","traceability":{"manufacturing_country_id":61,"weaving_country_id":61,"dyeing_country_id":61},"sizes":[{"id":42,"article_id":540374,"class_id":19,"name":"taille_unique","on_standby":false,"stock_local":0,"stock_global":130,"multiple":1,"estimated_date_reassort":null,"is_destocking":false}],"page_links":{"fr":"\/fr\/p-ko-kxzband-reflective-belt-prague-ceinture-kxzband-21907\/pink-25208\/","en":"\/en\/p-ko-kxzband-reflective-belt-prague-belt-kxzband-21907\/pink-25208\/","de":"\/de\/p-ko-kxzband-reflektierender-gurtel-prag-gurtel-kxzband-21907\/pink-25208\/","nl":"\/nl\/p-ko-kxzband-reflective-belt-prague-riem-kxzband-21907\/pink-25208\/","es":"\/es\/p-ko-kxzband-cinturon-reflectante-prague-kxzband-21907\/pink-25208\/","it":"\/it\/p-ko-kxzband-cintura-riflettente-prague-kxzband-21907\/pink-25208\/","sv":"\/sv\/p-ko-kxzband-reflekterande-balte-prague-kxzband-21907\/pink-25208\/","pt":"\/pt\/p-ko-kxzband-cinto-refletor-prague-kxzband-21907\/pink-25208\/","da":"\/da\/p-ko-kxzband-reflekterende-baelte-prague-baelte-kxzband-21907\/pink-25208\/","pl":"\/pl\/p-ko-kxzband-odblaskowy-pas-prague-kxzband-21907\/pink-25208\/"},"page_links_customization":{"fr":"\/fr\/p-ko-kxzband-reflective-body-belt-prague-21907\/pink-25208\/custom\/","en":"\/en\/p-ko-kxzband-reflective-body-belt-prague-21907\/pink-25208\/custom\/","de":"\/de\/p-ko-kxzband-reflective-body-belt-prague-21907\/pink-25208\/custom\/","nl":"\/nl\/p-ko-kxzband-reflective-body-belt-prague-21907\/pink-25208\/custom\/","es":"\/es\/p-ko-kxzband-reflective-body-belt-prague-21907\/pink-25208\/custom\/","it":"\/it\/p-ko-kxzband-reflective-body-belt-prague-21907\/pink-25208\/custom\/","sv":"\/sv\/p-ko-kxzband-reflective-body-belt-prague-21907\/pink-25208\/custom\/","pt":"\/pt\/p-ko-kxzband-reflective-body-belt-prague-21907\/pink-25208\/custom\/","da":"\/da\/p-ko-kxzband-reflective-body-belt-prague-21907\/pink-25208\/custom\/","pl":"\/pl\/p-ko-kxzband-reflective-body-belt-prague-21907\/pink-25208\/custom\/"}},{"id":25189,"name":"royal_blue","class_ids":[2],"codes_hexa":["2C3987"],"delai_24":false,"has_3d":false,"seuil_global":0,"stock_local":0,"stock_global":116,"on_standby":false,"in_catalog":true,"images":{"miniature":["https:\/\/media.th4.com\/lg7OGfRPE1rXkIIXDUGXony25D7zB2reqgnPHXYkA0U\/pr:80\/aHR0cDovL21lZGlhMi5kZXNpZ25wYXJ0bmVyLmZyL2MvcC8yMTkwNy8yMTkwNy0yNTE4OS0xLndlYnA?v=1773657138"],"medium":["https:\/\/media.th4.com\/cpEtwtxWolTKqCRdPKdleaUXYShDILT_wXW2XWwE54U\/pr:550x550\/aHR0cDovL21lZGlhMi5kZXNpZ25wYXJ0bmVyLmZyL2MvcC8yMTkwNy8yMTkwNy0yNTE4OS0xLndlYnA?v=1773657138"],"medium_large":["https:\/\/media.th4.com\/nOrlkvEAITZGcS7kuhj8f8HHrv5Z2wFYICIOI-sKk-c\/pr:1000x1000\/aHR0cDovL21lZGlhMi5kZXNpZ25wYXJ0bmVyLmZyL2MvcC8yMTkwNy8yMTkwNy0yNTE4OS0xLndlYnA?v=1773657138"],"large":["https:\/\/media.th4.com\/psVP896PudP36ukTqmDPAeBTmJkOnwxrmj0vkEmzlss\/pr:1920\/aHR0cDovL21lZGlhMi5kZXNpZ25wYXJ0bmVyLmZyL2MvcC8yMTkwNy8yMTkwNy0yNTE4OS0xLndlYnA?v=1773657138"],"opengraph":["https:\/\/media.th4.com\/UrEcGoU4TuARLiKjVgbgVedzfUe7U7B3I80xyaVlV3Y\/pr:1200x630\/aHR0cDovL21lZGlhMi5kZXNpZ25wYXJ0bmVyLmZyL2MvcC8yMTkwNy8yMTkwNy0yNTE4OS0xLndlYnA?v=1773657138"]},"images_customization":{"miniature":["https:\/\/media.th4.com\/lg7OGfRPE1rXkIIXDUGXony25D7zB2reqgnPHXYkA0U\/pr:80\/aHR0cDovL21lZGlhMi5kZXNpZ25wYXJ0bmVyLmZyL2MvcC8yMTkwNy8yMTkwNy0yNTE4OS0xLndlYnA?v=1773657138"],"medium":["https:\/\/media.th4.com\/cpEtwtxWolTKqCRdPKdleaUXYShDILT_wXW2XWwE54U\/pr:550x550\/aHR0cDovL21lZGlhMi5kZXNpZ25wYXJ0bmVyLmZyL2MvcC8yMTkwNy8yMTkwNy0yNTE4OS0xLndlYnA?v=1773657138"],"medium_large":["https:\/\/media.th4.com\/nOrlkvEAITZGcS7kuhj8f8HHrv5Z2wFYICIOI-sKk-c\/pr:1000x1000\/aHR0cDovL21lZGlhMi5kZXNpZ25wYXJ0bmVyLmZyL2MvcC8yMTkwNy8yMTkwNy0yNTE4OS0xLndlYnA?v=1773657138"],"large":["https:\/\/media.th4.com\/psVP896PudP36ukTqmDPAeBTmJkOnwxrmj0vkEmzlss\/pr:1920\/aHR0cDovL21lZGlhMi5kZXNpZ25wYXJ0bmVyLmZyL2MvcC8yMTkwNy8yMTkwNy0yNTE4OS0xLndlYnA?v=1773657138"],"opengraph":["https:\/\/media.th4.com\/UrEcGoU4TuARLiKjVgbgVedzfUe7U7B3I80xyaVlV3Y\/pr:1200x630\/aHR0cDovL21lZGlhMi5kZXNpZ25wYXJ0bmVyLmZyL2MvcC8yMTkwNy8yMTkwNy0yNTE4OS0xLndlYnA?v=1773657138"]},"country_origin":"CN","traceability":{"manufacturing_country_id":61,"weaving_country_id":61,"dyeing_country_id":61},"sizes":[{"id":42,"article_id":540375,"class_id":19,"name":"taille_unique","on_standby":false,"stock_local":0,"stock_global":116,"multiple":1,"estimated_date_reassort":null,"is_destocking":false}],"page_links":{"fr":"\/fr\/p-ko-kxzband-reflective-belt-prague-ceinture-kxzband-21907\/royal-blue-25189\/","en":"\/en\/p-ko-kxzband-reflective-belt-prague-belt-kxzband-21907\/royal-blue-25189\/","de":"\/de\/p-ko-kxzband-reflektierender-gurtel-prag-gurtel-kxzband-21907\/royal-blue-25189\/","nl":"\/nl\/p-ko-kxzband-reflective-belt-prague-riem-kxzband-21907\/royal-blue-25189\/","es":"\/es\/p-ko-kxzband-cinturon-reflectante-prague-kxzband-21907\/royal-blue-25189\/","it":"\/it\/p-ko-kxzband-cintura-riflettente-prague-kxzband-21907\/royal-blue-25189\/","sv":"\/sv\/p-ko-kxzband-reflekterande-balte-prague-kxzband-21907\/royal-blue-25189\/","pt":"\/pt\/p-ko-kxzband-cinto-refletor-prague-kxzband-21907\/royal-blue-25189\/","da":"\/da\/p-ko-kxzband-reflekterende-baelte-prague-baelte-kxzband-21907\/royal-blue-25189\/","pl":"\/pl\/p-ko-kxzband-odblaskowy-pas-prague-kxzband-21907\/royal-blue-25189\/"},"page_links_customization":{"fr":"\/fr\/p-ko-kxzband-reflective-body-belt-prague-21907\/royal-blue-25189\/custom\/","en":"\/en\/p-ko-kxzband-reflective-body-belt-prague-21907\/royal-blue-25189\/custom\/","de":"\/de\/p-ko-kxzband-reflective-body-belt-prague-21907\/royal-blue-25189\/custom\/","nl":"\/nl\/p-ko-kxzband-reflective-body-belt-prague-21907\/royal-blue-25189\/custom\/","es":"\/es\/p-ko-kxzband-reflective-body-belt-prague-21907\/royal-blue-25189\/custom\/","it":"\/it\/p-ko-kxzband-reflective-body-belt-prague-21907\/royal-blue-25189\/custom\/","sv":"\/sv\/p-ko-kxzband-reflective-body-belt-prague-21907\/royal-blue-25189\/custom\/","pt":"\/pt\/p-ko-kxzband-reflective-body-belt-prague-21907\/royal-blue-25189\/custom\/","da":"\/da\/p-ko-kxzband-reflective-body-belt-prague-21907\/royal-blue-25189\/custom\/","pl":"\/pl\/p-ko-kxzband-reflective-body-belt-prague-21907\/royal-blue-25189\/custom\/"}},{"id":12728,"name":"signal_orange","class_ids":[13,9],"codes_hexa":["FF7247"],"delai_24":false,"has_3d":false,"seuil_global":0,"stock_local":0,"stock_global":81,"on_standby":false,"in_catalog":true,"images":{"miniature":["https:\/\/media.th4.com\/hDNzvJL5Q9rPf1osbSZn7hoQQsG_z_hxdQln3LZ6Af8\/pr:80\/aHR0cDovL21lZGlhMi5kZXNpZ25wYXJ0bmVyLmZyL2MvcC8yMTkwNy8yMTkwNy0xMjcyOC0xLndlYnA?v=1773657139"],"medium":["https:\/\/media.th4.com\/Mk3wCgat2RQbXsG-4JCen-PY-ukBdtCdIpTnin4j4Gs\/pr:550x550\/aHR0cDovL21lZGlhMi5kZXNpZ25wYXJ0bmVyLmZyL2MvcC8yMTkwNy8yMTkwNy0xMjcyOC0xLndlYnA?v=1773657139"],"medium_large":["https:\/\/media.th4.com\/aQqrRbNr2MJ-IdBEhknxdsl14-4zZSPLDBz3Ru3lcig\/pr:1000x1000\/aHR0cDovL21lZGlhMi5kZXNpZ25wYXJ0bmVyLmZyL2MvcC8yMTkwNy8yMTkwNy0xMjcyOC0xLndlYnA?v=1773657139"],"large":["https:\/\/media.th4.com\/uNKwMyJiVG0dwBpWbtaX_Mo736VgHZp1HTnCRbEkZTw\/pr:1920\/aHR0cDovL21lZGlhMi5kZXNpZ25wYXJ0bmVyLmZyL2MvcC8yMTkwNy8yMTkwNy0xMjcyOC0xLndlYnA?v=1773657139"],"opengraph":["https:\/\/media.th4.com\/6uf5QORI5O_f6vvzRR5_tE7tHvrZmWJTEoUnmi5Fc5w\/pr:1200x630\/aHR0cDovL21lZGlhMi5kZXNpZ25wYXJ0bmVyLmZyL2MvcC8yMTkwNy8yMTkwNy0xMjcyOC0xLndlYnA?v=1773657139"]},"images_customization":{"miniature":["https:\/\/media.th4.com\/hDNzvJL5Q9rPf1osbSZn7hoQQsG_z_hxdQln3LZ6Af8\/pr:80\/aHR0cDovL21lZGlhMi5kZXNpZ25wYXJ0bmVyLmZyL2MvcC8yMTkwNy8yMTkwNy0xMjcyOC0xLndlYnA?v=1773657139"],"medium":["https:\/\/media.th4.com\/Mk3wCgat2RQbXsG-4JCen-PY-ukBdtCdIpTnin4j4Gs\/pr:550x550\/aHR0cDovL21lZGlhMi5kZXNpZ25wYXJ0bmVyLmZyL2MvcC8yMTkwNy8yMTkwNy0xMjcyOC0xLndlYnA?v=1773657139"],"medium_large":["https:\/\/media.th4.com\/aQqrRbNr2MJ-IdBEhknxdsl14-4zZSPLDBz3Ru3lcig\/pr:1000x1000\/aHR0cDovL21lZGlhMi5kZXNpZ25wYXJ0bmVyLmZyL2MvcC8yMTkwNy8yMTkwNy0xMjcyOC0xLndlYnA?v=1773657139"],"large":["https:\/\/media.th4.com\/uNKwMyJiVG0dwBpWbtaX_Mo736VgHZp1HTnCRbEkZTw\/pr:1920\/aHR0cDovL21lZGlhMi5kZXNpZ25wYXJ0bmVyLmZyL2MvcC8yMTkwNy8yMTkwNy0xMjcyOC0xLndlYnA?v=1773657139"],"opengraph":["https:\/\/media.th4.com\/6uf5QORI5O_f6vvzRR5_tE7tHvrZmWJTEoUnmi5Fc5w\/pr:1200x630\/aHR0cDovL21lZGlhMi5kZXNpZ25wYXJ0bmVyLmZyL2MvcC8yMTkwNy8yMTkwNy0xMjcyOC0xLndlYnA?v=1773657139"]},"country_origin":"CN","traceability":{"manufacturing_country_id":61,"weaving_country_id":61,"dyeing_country_id":61},"sizes":[{"id":42,"article_id":540373,"class_id":19,"name":"taille_unique","on_standby":false,"stock_local":0,"stock_global":81,"multiple":1,"estimated_date_reassort":null,"is_destocking":false}],"page_links":{"fr":"\/fr\/p-ko-kxzband-reflective-belt-prague-ceinture-kxzband-21907\/signal-orange-12728\/","en":"\/en\/p-ko-kxzband-reflective-belt-prague-belt-kxzband-21907\/signal-orange-12728\/","de":"\/de\/p-ko-kxzband-reflektierender-gurtel-prag-gurtel-kxzband-21907\/signal-orange-12728\/","nl":"\/nl\/p-ko-kxzband-reflective-belt-prague-riem-kxzband-21907\/signal-orange-12728\/","es":"\/es\/p-ko-kxzband-cinturon-reflectante-prague-kxzband-21907\/signal-orange-12728\/","it":"\/it\/p-ko-kxzband-cintura-riflettente-prague-kxzband-21907\/signal-orange-12728\/","sv":"\/sv\/p-ko-kxzband-reflekterande-balte-prague-kxzband-21907\/signal-orange-12728\/","pt":"\/pt\/p-ko-kxzband-cinto-refletor-prague-kxzband-21907\/signal-orange-12728\/","da":"\/da\/p-ko-kxzband-reflekterende-baelte-prague-baelte-kxzband-21907\/signal-orange-12728\/","pl":"\/pl\/p-ko-kxzband-odblaskowy-pas-prague-kxzband-21907\/signal-orange-12728\/"},"page_links_customization":{"fr":"\/fr\/p-ko-kxzband-reflective-body-belt-prague-21907\/signal-orange-12728\/custom\/","en":"\/en\/p-ko-kxzband-reflective-body-belt-prague-21907\/signal-orange-12728\/custom\/","de":"\/de\/p-ko-kxzband-reflective-body-belt-prague-21907\/signal-orange-12728\/custom\/","nl":"\/nl\/p-ko-kxzband-reflective-body-belt-prague-21907\/signal-orange-12728\/custom\/","es":"\/es\/p-ko-kxzband-reflective-body-belt-prague-21907\/signal-orange-12728\/custom\/","it":"\/it\/p-ko-kxzband-reflective-body-belt-prague-21907\/signal-orange-12728\/custom\/","sv":"\/sv\/p-ko-kxzband-reflective-body-belt-prague-21907\/signal-orange-12728\/custom\/","pt":"\/pt\/p-ko-kxzband-reflective-body-belt-prague-21907\/signal-orange-12728\/custom\/","da":"\/da\/p-ko-kxzband-reflective-body-belt-prague-21907\/signal-orange-12728\/custom\/","pl":"\/pl\/p-ko-kxzband-reflective-body-belt-prague-21907\/signal-orange-12728\/custom\/"}},{"id":12730,"name":"black","class_ids":[4],"codes_hexa":["000000"],"delai_24":false,"has_3d":false,"seuil_global":0,"stock_local":0,"stock_global":73,"on_standby":false,"in_catalog":true,"images":{"miniature":["https:\/\/media.th4.com\/_3rt_cp37mQXtcLd0xTu7fBB7srf6ZNt0wPcTqk6ETY\/pr:80\/aHR0cDovL21lZGlhMi5kZXNpZ25wYXJ0bmVyLmZyL2MvcC8yMTkwNy8yMTkwNy0xMjczMC0xLndlYnA?v=1773657137"],"medium":["https:\/\/media.th4.com\/8dcmXbyXoi05q9007jRMKAWXBy0-fpuhKzgaHkyyAGE\/pr:550x550\/aHR0cDovL21lZGlhMi5kZXNpZ25wYXJ0bmVyLmZyL2MvcC8yMTkwNy8yMTkwNy0xMjczMC0xLndlYnA?v=1773657137"],"medium_large":["https:\/\/media.th4.com\/rulsohQqJqRv03Fco72fJDfEV7GSAL0IIa1siHIxe-E\/pr:1000x1000\/aHR0cDovL21lZGlhMi5kZXNpZ25wYXJ0bmVyLmZyL2MvcC8yMTkwNy8yMTkwNy0xMjczMC0xLndlYnA?v=1773657137"],"large":["https:\/\/media.th4.com\/Kp6ULBvHVei4eWxV_HqDwVc-IXOjPJ9M319-cwQ8nsk\/pr:1920\/aHR0cDovL21lZGlhMi5kZXNpZ25wYXJ0bmVyLmZyL2MvcC8yMTkwNy8yMTkwNy0xMjczMC0xLndlYnA?v=1773657137"],"opengraph":["https:\/\/media.th4.com\/ZPo6wv81rap1rH3vAUVQ30yd0-QAbrvDnpza-g1bxs0\/pr:1200x630\/aHR0cDovL21lZGlhMi5kZXNpZ25wYXJ0bmVyLmZyL2MvcC8yMTkwNy8yMTkwNy0xMjczMC0xLndlYnA?v=1773657137"]},"images_customization":{"miniature":["https:\/\/media.th4.com\/_3rt_cp37mQXtcLd0xTu7fBB7srf6ZNt0wPcTqk6ETY\/pr:80\/aHR0cDovL21lZGlhMi5kZXNpZ25wYXJ0bmVyLmZyL2MvcC8yMTkwNy8yMTkwNy0xMjczMC0xLndlYnA?v=1773657137"],"medium":["https:\/\/media.th4.com\/8dcmXbyXoi05q9007jRMKAWXBy0-fpuhKzgaHkyyAGE\/pr:550x550\/aHR0cDovL21lZGlhMi5kZXNpZ25wYXJ0bmVyLmZyL2MvcC8yMTkwNy8yMTkwNy0xMjczMC0xLndlYnA?v=1773657137"],"medium_large":["https:\/\/media.th4.com\/rulsohQqJqRv03Fco72fJDfEV7GSAL0IIa1siHIxe-E\/pr:1000x1000\/aHR0cDovL21lZGlhMi5kZXNpZ25wYXJ0bmVyLmZyL2MvcC8yMTkwNy8yMTkwNy0xMjczMC0xLndlYnA?v=1773657137"],"large":["https:\/\/media.th4.com\/Kp6ULBvHVei4eWxV_HqDwVc-IXOjPJ9M319-cwQ8nsk\/pr:1920\/aHR0cDovL21lZGlhMi5kZXNpZ25wYXJ0bmVyLmZyL2MvcC8yMTkwNy8yMTkwNy0xMjczMC0xLndlYnA?v=1773657137"],"opengraph":["https:\/\/media.th4.com\/ZPo6wv81rap1rH3vAUVQ30yd0-QAbrvDnpza-g1bxs0\/pr:1200x630\/aHR0cDovL21lZGlhMi5kZXNpZ25wYXJ0bmVyLmZyL2MvcC8yMTkwNy8yMTkwNy0xMjczMC0xLndlYnA?v=1773657137"]},"country_origin":"CN","traceability":{"manufacturing_country_id":61,"weaving_country_id":61,"dyeing_country_id":61},"sizes":[{"id":42,"article_id":540372,"class_id":19,"name":"taille_unique","on_standby":false,"stock_local":0,"stock_global":73,"multiple":1,"estimated_date_reassort":null,"is_destocking":false}],"page_links":{"fr":"\/fr\/p-ko-kxzband-reflective-belt-prague-ceinture-kxzband-21907\/black-12730\/","en":"\/en\/p-ko-kxzband-reflective-belt-prague-belt-kxzband-21907\/black-12730\/","de":"\/de\/p-ko-kxzband-reflektierender-gurtel-prag-gurtel-kxzband-21907\/black-12730\/","nl":"\/nl\/p-ko-kxzband-reflective-belt-prague-riem-kxzband-21907\/black-12730\/","es":"\/es\/p-ko-kxzband-cinturon-reflectante-prague-kxzband-21907\/black-12730\/","it":"\/it\/p-ko-kxzband-cintura-riflettente-prague-kxzband-21907\/black-12730\/","sv":"\/sv\/p-ko-kxzband-reflekterande-balte-prague-kxzband-21907\/black-12730\/","pt":"\/pt\/p-ko-kxzband-cinto-refletor-prague-kxzband-21907\/black-12730\/","da":"\/da\/p-ko-kxzband-reflekterende-baelte-prague-baelte-kxzband-21907\/black-12730\/","pl":"\/pl\/p-ko-kxzband-odblaskowy-pas-prague-kxzband-21907\/black-12730\/"},"page_links_customization":{"fr":"\/fr\/p-ko-kxzband-reflective-body-belt-prague-21907\/black-12730\/custom\/","en":"\/en\/p-ko-kxzband-reflective-body-belt-prague-21907\/black-12730\/custom\/","de":"\/de\/p-ko-kxzband-reflective-body-belt-prague-21907\/black-12730\/custom\/","nl":"\/nl\/p-ko-kxzband-reflective-body-belt-prague-21907\/black-12730\/custom\/","es":"\/es\/p-ko-kxzband-reflective-body-belt-prague-21907\/black-12730\/custom\/","it":"\/it\/p-ko-kxzband-reflective-body-belt-prague-21907\/black-12730\/custom\/","sv":"\/sv\/p-ko-kxzband-reflective-body-belt-prague-21907\/black-12730\/custom\/","pt":"\/pt\/p-ko-kxzband-reflective-body-belt-prague-21907\/black-12730\/custom\/","da":"\/da\/p-ko-kxzband-reflective-body-belt-prague-21907\/black-12730\/custom\/","pl":"\/pl\/p-ko-kxzband-reflective-body-belt-prague-21907\/black-12730\/custom\/"}},{"id":12729,"name":"signal_yellow","class_ids":[12],"codes_hexa":["EAE549"],"delai_24":false,"has_3d":false,"seuil_global":0,"stock_local":0,"stock_global":0,"on_standby":true,"in_catalog":true,"images":{"miniature":["https:\/\/media.th4.com\/q52o0Aydlo5UE-AhOiLuoZhNEEgJwaXAVhhtHuqKrHY\/pr:80\/aHR0cDovL21lZGlhMi5kZXNpZ25wYXJ0bmVyLmZyL2MvcC8yMTkwNy8yMTkwNy0xMjcyOS0xLndlYnA?v=1773657140"],"medium":["https:\/\/media.th4.com\/aUJeF3e7O5063UwowguYqBc4Ac9WQS-CvvwlWsc_qWU\/pr:550x550\/aHR0cDovL21lZGlhMi5kZXNpZ25wYXJ0bmVyLmZyL2MvcC8yMTkwNy8yMTkwNy0xMjcyOS0xLndlYnA?v=1773657140"],"medium_large":["https:\/\/media.th4.com\/KLi_BfxnQA1BmGjRML8WThudTIfdCZwrDxX3MnKlO00\/pr:1000x1000\/aHR0cDovL21lZGlhMi5kZXNpZ25wYXJ0bmVyLmZyL2MvcC8yMTkwNy8yMTkwNy0xMjcyOS0xLndlYnA?v=1773657140"],"large":["https:\/\/media.th4.com\/8PyFULSmpKTiTSKNMjuH1vJu07r1wWUUv0EztJR2Fto\/pr:1920\/aHR0cDovL21lZGlhMi5kZXNpZ25wYXJ0bmVyLmZyL2MvcC8yMTkwNy8yMTkwNy0xMjcyOS0xLndlYnA?v=1773657140"],"opengraph":["https:\/\/media.th4.com\/MKlhFjsjg_I4AjneUI667_AIySDvsubFb2_hpoIgrC4\/pr:1200x630\/aHR0cDovL21lZGlhMi5kZXNpZ25wYXJ0bmVyLmZyL2MvcC8yMTkwNy8yMTkwNy0xMjcyOS0xLndlYnA?v=1773657140"]},"images_customization":{"miniature":["https:\/\/media.th4.com\/q52o0Aydlo5UE-AhOiLuoZhNEEgJwaXAVhhtHuqKrHY\/pr:80\/aHR0cDovL21lZGlhMi5kZXNpZ25wYXJ0bmVyLmZyL2MvcC8yMTkwNy8yMTkwNy0xMjcyOS0xLndlYnA?v=1773657140"],"medium":["https:\/\/media.th4.com\/aUJeF3e7O5063UwowguYqBc4Ac9WQS-CvvwlWsc_qWU\/pr:550x550\/aHR0cDovL21lZGlhMi5kZXNpZ25wYXJ0bmVyLmZyL2MvcC8yMTkwNy8yMTkwNy0xMjcyOS0xLndlYnA?v=1773657140"],"medium_large":["https:\/\/media.th4.com\/KLi_BfxnQA1BmGjRML8WThudTIfdCZwrDxX3MnKlO00\/pr:1000x1000\/aHR0cDovL21lZGlhMi5kZXNpZ25wYXJ0bmVyLmZyL2MvcC8yMTkwNy8yMTkwNy0xMjcyOS0xLndlYnA?v=1773657140"],"large":["https:\/\/media.th4.com\/8PyFULSmpKTiTSKNMjuH1vJu07r1wWUUv0EztJR2Fto\/pr:1920\/aHR0cDovL21lZGlhMi5kZXNpZ25wYXJ0bmVyLmZyL2MvcC8yMTkwNy8yMTkwNy0xMjcyOS0xLndlYnA?v=1773657140"],"opengraph":["https:\/\/media.th4.com\/MKlhFjsjg_I4AjneUI667_AIySDvsubFb2_hpoIgrC4\/pr:1200x630\/aHR0cDovL21lZGlhMi5kZXNpZ25wYXJ0bmVyLmZyL2MvcC8yMTkwNy8yMTkwNy0xMjcyOS0xLndlYnA?v=1773657140"]},"country_origin":"CN","traceability":{"manufacturing_country_id":61,"weaving_country_id":61,"dyeing_country_id":61},"sizes":[{"id":42,"article_id":540376,"class_id":19,"name":"taille_unique","on_standby":true,"stock_local":0,"stock_global":0,"multiple":1,"estimated_date_reassort":"2026-05-11","is_destocking":false}],"page_links":{"fr":"\/fr\/p-ko-kxzband-reflective-belt-prague-ceinture-kxzband-21907\/signal-yellow-12729\/","en":"\/en\/p-ko-kxzband-reflective-belt-prague-belt-kxzband-21907\/signal-yellow-12729\/","de":"\/de\/p-ko-kxzband-reflektierender-gurtel-prag-gurtel-kxzband-21907\/signal-yellow-12729\/","nl":"\/nl\/p-ko-kxzband-reflective-belt-prague-riem-kxzband-21907\/signal-yellow-12729\/","es":"\/es\/p-ko-kxzband-cinturon-reflectante-prague-kxzband-21907\/signal-yellow-12729\/","it":"\/it\/p-ko-kxzband-cintura-riflettente-prague-kxzband-21907\/signal-yellow-12729\/","sv":"\/sv\/p-ko-kxzband-reflekterande-balte-prague-kxzband-21907\/signal-yellow-12729\/","pt":"\/pt\/p-ko-kxzband-cinto-refletor-prague-kxzband-21907\/signal-yellow-12729\/","da":"\/da\/p-ko-kxzband-reflekterende-baelte-prague-baelte-kxzband-21907\/signal-yellow-12729\/","pl":"\/pl\/p-ko-kxzband-odblaskowy-pas-prague-kxzband-21907\/signal-yellow-12729\/"},"page_links_customization":{"fr":"\/fr\/p-ko-kxzband-reflective-body-belt-prague-21907\/signal-yellow-12729\/custom\/","en":"\/en\/p-ko-kxzband-reflective-body-belt-prague-21907\/signal-yellow-12729\/custom\/","de":"\/de\/p-ko-kxzband-reflective-body-belt-prague-21907\/signal-yellow-12729\/custom\/","nl":"\/nl\/p-ko-kxzband-reflective-body-belt-prague-21907\/signal-yellow-12729\/custom\/","es":"\/es\/p-ko-kxzband-reflective-body-belt-prague-21907\/signal-yellow-12729\/custom\/","it":"\/it\/p-ko-kxzband-reflective-body-belt-prague-21907\/signal-yellow-12729\/custom\/","sv":"\/sv\/p-ko-kxzband-reflective-body-belt-prague-21907\/signal-yellow-12729\/custom\/","pt":"\/pt\/p-ko-kxzband-reflective-body-belt-prague-21907\/signal-yellow-12729\/custom\/","da":"\/da\/p-ko-kxzband-reflective-body-belt-prague-21907\/signal-yellow-12729\/custom\/","pl":"\/pl\/p-ko-kxzband-reflective-body-belt-prague-21907\/signal-yellow-12729\/custom\/"}}],"documentation_link":"\/pdf\/21907.pdf","countries_availables":["AD","AE","AL","AT","BA","BD","BE","BG","BL","CA","CH","CN","CO","CY","CZ","DE","DK","DO","EE","EG","ES","ET","FI","FR","GB","GE","GF","GP","GR","GT","HK","HN","HR","HT","HU","ID","IE","IN","IS","IT","JO","JP","KE","KH","KP","KR","LA","LK","LS","LT","LU","LV","MA","MF","MG","MK","MM","MN","MQ","MT","MX","MY","NC","NI","NL","PF","PH","PK","PL","PM","PT","RE","RO","SE","SG","SI","SK","SV","SY","TH","TN","TR","TW","TZ","US","VN","WF","YT"]},"infos_customization":[],"features":{"authorize_multi_surfaces":true,"display_order_delay_type":true,"promote_surface_display":true,"tarification_franco_offert":true,"enabled_3d_editor":false},"markings":[{"id":0,"nom":"vierge","finition":null,"libelle":null,"code":null,"dpi":null,"finesse_forme_isolee":null,"finesse_forme_non_isolee":null,"hauteur_minimale_texte":null,"inactif":0,"marquage_interne":1,"quantite_min":null,"parent_id":null,"print_on_support":0,"content":"vierge","description":null},{"id":2,"nom":"fonce","finition":"optimale","libelle":"TopQuadri","code":null,"dpi":400,"finesse_forme_isolee":"0.040","finesse_forme_non_isolee":"0.700","hauteur_minimale_texte":2,"inactif":0,"marquage_interne":1,"quantite_min":null,"parent_id":18,"print_on_support":0,"content":"TopQuadri","description":"pour petites et moyennes s\u00e9ries"},{"id":3,"nom":"serigraphie","finition":"serigraphie","libelle":"SeriCoat","code":null,"dpi":400,"finesse_forme_isolee":"0.040","finesse_forme_non_isolee":"0.700","hauteur_minimale_texte":2,"inactif":0,"marquage_interne":1,"quantite_min":15,"parent_id":18,"print_on_support":0,"content":"SeriCoat","description":"pour moyennes et grandes s\u00e9ries"},{"id":4,"nom":"broderie","finition":"broderie","libelle":"Broderie","code":null,"dpi":400,"finesse_forme_isolee":"0.040","finesse_forme_non_isolee":"0.700","hauteur_minimale_texte":3,"inactif":0,"marquage_interne":1,"quantite_min":null,"parent_id":null,"print_on_support":0,"content":"Broderie","description":null},{"id":8,"nom":"theme","finition":null,"libelle":"Th\u00e8me","code":null,"dpi":null,"finesse_forme_isolee":null,"finesse_forme_non_isolee":null,"hauteur_minimale_texte":null,"inactif":0,"marquage_interne":1,"quantite_min":null,"parent_id":null,"print_on_support":0,"content":"Th\u00e8me","description":null},{"id":9,"nom":"sans","finition":null,"libelle":null,"code":null,"dpi":null,"finesse_forme_isolee":null,"finesse_forme_non_isolee":null,"hauteur_minimale_texte":null,"inactif":0,"marquage_interne":1,"quantite_min":null,"parent_id":null,"print_on_support":0,"content":"sans","description":null},{"id":10,"nom":"photo","finition":null,"libelle":"Photo","code":null,"dpi":null,"finesse_forme_isolee":null,"finesse_forme_non_isolee":null,"hauteur_minimale_texte":null,"inactif":0,"marquage_interne":1,"quantite_min":null,"parent_id":null,"print_on_support":0,"content":"Photo","description":null},{"id":14,"nom":"couleur","finition":null,"libelle":"Couleur","code":null,"dpi":null,"finesse_forme_isolee":null,"finesse_forme_non_isolee":null,"hauteur_minimale_texte":null,"inactif":0,"marquage_interne":1,"quantite_min":null,"parent_id":null,"print_on_support":0,"content":"Couleur","description":null},{"id":15,"nom":"sublimation","finition":"sublimation","libelle":"Sublimation","code":null,"dpi":null,"finesse_forme_isolee":"0.000","finesse_forme_non_isolee":"0.000","hauteur_minimale_texte":2,"inactif":0,"marquage_interne":1,"quantite_min":null,"parent_id":null,"print_on_support":0,"content":"Sublimation","description":null},{"id":16,"nom":"topquadri_uv","finition":null,"libelle":"TopQuadri UV","code":null,"dpi":null,"finesse_forme_isolee":"0.020","finesse_forme_non_isolee":"0.700","hauteur_minimale_texte":2,"inactif":0,"marquage_interne":1,"quantite_min":null,"parent_id":null,"print_on_support":1,"content":null,"description":null},{"id":17,"nom":"topquadri_uvp","finition":null,"libelle":"TopQuadri UVP","code":null,"dpi":null,"finesse_forme_isolee":"0.020","finesse_forme_non_isolee":"0.700","hauteur_minimale_texte":2,"inactif":0,"marquage_interne":1,"quantite_min":null,"parent_id":null,"print_on_support":1,"content":null,"description":null},{"id":18,"nom":"quadri","finition":null,"libelle":"Impression","code":null,"dpi":null,"finesse_forme_isolee":null,"finesse_forme_non_isolee":null,"hauteur_minimale_texte":null,"inactif":0,"marquage_interne":1,"quantite_min":null,"parent_id":null,"print_on_support":0,"content":null,"description":null}]}}