{"data":{"product":{"id":21899,"titre":"Reflective Backpack Cover \"TILBURG\"","description":"Protection pour sac \u00e0 dos. Bande \u00e9lastiqu\u00e9e et deux bandes r\u00e9fl\u00e9chissantes. Sac de rangement avec mousqueton. Volume : 24 litres. Composition : 100 % polyester.","genre":"","grammage":150,"conditionnement":100,"composition":"polyester,polyester_uniquement","reference":"ko-rh100","reference_visible":"ko-rh100","reference_fabricant":"RH100","ref_xor":"721870","in_catalog":true,"is_transfer":false,"is_service":false,"on_standby":false,"has_3d":false,"has_size_guide":false,"has_marking":false,"has_vierge":true,"is_cross_sellable":false,"id_picto":0,"filename_3d":null,"brand":{"id":170,"name":"Korntex","logo":"logo-korntex.png","image":"https:\/\/media.th4.com\/cQDqQljenSY7VSYcQdvIaNfOwg9YRdZ-qoOzoO5ebsQ\/pr:brand70x70\/aHR0cDovL21lZGlhMi5kZXNpZ25wYXJ0bmVyLmZyL2MvbS9sb2dvLWtvcm50ZXgucG5n"},"price_infos":{"price_from":3.56,"quantity":100,"color":{"id":12729,"name":"signal_yellow"},"size":{"id":42,"name":"taille_unique"}},"price_infos_marking":{"price_from":0,"quantity":0,"size":{"id":0,"name":""},"color":{"id":0,"name":""},"marking":{"id":0,"name":""},"emplacement":"","surface":"","surface_emplacement_id":0},"i18n":{"blank":{"title":{"fr":"Tilburg couvre sac KORNTEX rh100","en":"Tilburg backpack cover KORNTEX rh100","de":"Tilburg Rucksackh\u00fclle KORNTEX rh100","nl":"Tilburg rugzakhoes KORNTEX rh100","es":"Tilburg cubremochila KORNTEX rh100","it":"Tilburg coprizaino KORNTEX rh100","sv":"Tilburg ryggs\u00e4cksskydd KORNTEX rh100","pt":"Tilburg capa para mochila KORNTEX rh100","da":"Tilburg rygs\u00e6kovertr\u00e6k KORNTEX rh100","pl":"Tilburg pokrowiec na plecak KORNTEX rh100"},"description":{"fr":"Le Tilburg Couvre sac R\u00e9fl\u00e9chissant convient \u00e0 la protection d\u2019un sac \u00e0 dos. Sa bande \u00e9lastiqu\u00e9e facilite la mise en place et le maintien. Deux bandes r\u00e9fl\u00e9chissantes am\u00e9liorent la visibilit\u00e9. Un sac de rangement avec mousqueton est inclus pour le transport et le rangement.\n\n- Composition : 100 % polyester\n- Bande \u00e9lastiqu\u00e9e\n- Deux bandes r\u00e9fl\u00e9chissantes\n- Volume : 24 litres","en":"The Tilburg Reflective backpack cover is suitable for protecting a backpack. Its elastic band makes fitting and holding in place easier. Two reflective bands improve visibility. A storage pouch with carabiner is included for carrying and storage.\n\n- Composition: 100% polyester\n- Elastic band\n- Two reflective bands\n- Volume: 24 litres","de":"Die reflektierende Tilburg Rucksackh\u00fclle eignet sich zum Schutz eines Rucksacks. Das elastische Band erleichtert das Anbringen und den Halt. Zwei Reflexstreifen verbessern die Sichtbarkeit. Ein Aufbewahrungsbeutel mit Karabiner ist f\u00fcr Transport und Aufbewahrung enthalten.\n\n- Zusammensetzung: 100 % Polyester\n- Elastisches Band\n- Zwei Reflexstreifen\n- Volumen: 24 Liter","nl":"De Tilburg reflecterende rugzakhoes is geschikt voor de bescherming van een rugzak. De elastische rand vergemakkelijkt het aanbrengen en het op zijn plaats houden. Twee reflecterende banden verbeteren de zichtbaarheid. Een opbergzak met karabijnhaak is inbegrepen voor transport en opslag.\n\n- Samenstelling: 100 % polyester\n- Elastische rand\n- Twee reflecterende banden\n- Inhoud: 24 liter","es":"El cubremochila reflectante Tilburg es adecuado para la protecci\u00f3n de una mochila. Su banda el\u00e1stica facilita la colocaci\u00f3n y la sujeci\u00f3n. Dos bandas reflectantes mejoran la visibilidad. Se incluye una bolsa de almacenamiento con mosquet\u00f3n para el transporte y el almacenamiento.\n\n- Composici\u00f3n: 100 % poli\u00e9ster\n- Banda el\u00e1stica\n- Dos bandas reflectantes\n- Volumen: 24 litros","it":"Il coprizaino riflettente Tilburg \u00e8 adatto alla protezione di uno zaino. La sua fascia elasticizzata facilita l'applicazione e il mantenimento. Due bande riflettenti migliorano la visibilit\u00e0. Una sacca di custodia con moschettone \u00e8 inclusa per il trasporto e la conservazione.\n\n- Composizione: 100 % poliestere\n- Fascia elasticizzata\n- Due bande riflettenti\n- Volume: 24 litri","sv":"Tilburg reflekterande ryggs\u00e4cksskydd \u00e4r l\u00e4mpligt f\u00f6r att skydda en ryggs\u00e4ck. Det elastiska bandet g\u00f6r det enkelt att s\u00e4tta p\u00e5 och h\u00e5lla p\u00e5 plats. Tv\u00e5 reflexband f\u00f6rb\u00e4ttrar synligheten. En f\u00f6rvaringsp\u00e5se med karbinhake ing\u00e5r f\u00f6r transport och f\u00f6rvaring.\n\n- Sammans\u00e4ttning: 100 % polyester\n- Elastiskt band\n- Tv\u00e5 reflexband\n- Volym: 24 liter","pt":"A capa refletora Tilburg \u00e9 adequada para a prote\u00e7\u00e3o de uma mochila. A sua banda el\u00e1stica facilita a coloca\u00e7\u00e3o e a fixa\u00e7\u00e3o. Duas bandas refletoras melhoram a visibilidade. Um saco de arruma\u00e7\u00e3o com mosquet\u00e3o est\u00e1 inclu\u00eddo para o transporte e a arruma\u00e7\u00e3o.\n\n- Composi\u00e7\u00e3o: 100 % poli\u00e9ster\n- Banda el\u00e1stica\n- Duas bandas refletoras\n- Volume: 24 litros","da":"Tilburg reflekterende rygs\u00e6kovertr\u00e6k er egnet til at beskytte en rygs\u00e6k. Den elastiske kant g\u00f8r det nemt at s\u00e6tte p\u00e5 og holde p\u00e5 plads. To reflekterende b\u00e5nd forbedrer synligheden. En opbevaringspose med karabinhage medf\u00f8lger til transport og opbevaring.\n\n- Sammens\u00e6tning: 100 % polyester\n- Elastisk kant\n- To reflekterende b\u00e5nd\n- Volumen: 24 liter","pl":"Odblaskowy pokrowiec na plecak Tilburg nadaje si\u0119 do ochrony plecaka. Elastyczne obszycie u\u0142atwia zak\u0142adanie i utrzymanie na miejscu. Dwa paski odblaskowe poprawiaj\u0105 widoczno\u015b\u0107. W zestawie worek do przechowywania z karabi\u0144czykiem do transportu i przechowywania.\n\n- Sk\u0142ad: 100 % poliester\n- Elastyczne obszycie\n- Dwa paski odblaskowe\n- Pojemno\u015b\u0107: 24 litry"},"h1":{"fr":"Tilburg couvre sac rh100","en":"Tilburg backpack cover rh100","de":"Tilburg Rucksackh\u00fclle rh100","nl":"Tilburg rugzakhoes rh100","es":"Tilburg cubremochila rh100","it":"Tilburg coprizaino rh100","sv":"Tilburg ryggs\u00e4cksskydd rh100","pt":"Tilburg capa para mochila rh100","da":"Tilburg rygs\u00e6kovertr\u00e6k rh100","pl":"Tilburg pokrowiec na plecak rh100"},"meta_description":{"fr":"Couvre sac r\u00e9fl\u00e9chissant pour sac \u00e0 dos avec bande \u00e9lastiqu\u00e9e, deux bandes r\u00e9fl\u00e9chissantes, sac de rangement avec mousqueton, volume 24 litres.","en":"Reflective backpack cover with elastic band, two reflective bands, storage pouch with carabiner, 24-litre volume.","de":"Reflektierende Rucksackh\u00fclle f\u00fcr Rucksack mit elastischem Band, zwei Reflexstreifen, Aufbewahrungsbeutel mit Karabiner, Volumen 24 Liter.","nl":"Reflecterende rugzakhoes met elastische rand, twee reflecterende banden, opbergzak met karabijnhaak, inhoud 24 liter.","es":"Cubremochila reflectante para mochila con banda el\u00e1stica, dos bandas reflectantes, bolsa de almacenamiento con mosquet\u00f3n, volumen de 24 litros.","it":"Coprizaino riflettente per zaino con fascia elasticizzata, due bande riflettenti, sacca di custodia con moschettone, volume 24 litri.","sv":"Reflekterande ryggs\u00e4cksskydd med elastiskt band, tv\u00e5 reflexband, f\u00f6rvaringsp\u00e5se med karbinhake, volym 24 liter.","pt":"Capa refletora para mochila com banda el\u00e1stica, duas bandas refletoras, saco de arruma\u00e7\u00e3o com mosquet\u00e3o, volume de 24 litros.","da":"Reflekterende rygs\u00e6kovertr\u00e6k med elastisk kant, to reflekterende b\u00e5nd, opbevaringspose med karabinhage, volumen 24 liter.","pl":"Odblaskowy pokrowiec na plecak z elastycznym obszyciem, dwoma paskami odblaskowymi, workiem do przechowywania z karabi\u0144czykiem, pojemno\u015b\u0107 24 litry."}},"custom":{"title":{"fr":null,"en":null,"de":null,"nl":null,"es":null,"it":null,"sv":null,"pt":null,"da":null,"pl":null},"description":{"fr":null,"en":null,"de":null,"nl":null,"es":null,"it":null,"sv":null,"pt":null,"da":null,"pl":null},"h1":{"fr":null,"en":null,"de":null,"nl":null,"es":null,"it":null,"sv":null,"pt":null,"da":null,"pl":null},"meta_description":{"fr":null,"en":null,"de":null,"nl":null,"es":null,"it":null,"sv":null,"pt":null,"da":null,"pl":null}}},"categories":[{"id":17,"name":"Divers","singular":"Divers","is_feminin":false},{"id":560,"name":"Sports et Loisirs","singular":"Sport et Loisir","is_feminin":false},{"id":572,"name":"Textiles r\u00e9fl\u00e9chissants","singular":"Textile r\u00e9fl\u00e9chissant","is_feminin":false},{"id":509,"name":"Accessoires textiles","singular":"Accessoire textile","is_feminin":false},{"id":559,"name":"Univers","singular":"Univers","is_feminin":false},{"id":354,"name":"Textile","singular":"Textile","is_feminin":false}],"certifications":[],"videos":{"fr":[],"en":[],"de":[],"nl":[],"es":[],"it":[],"sv":[],"pt":[],"da":[],"pl":[]},"main_images":{"miniature":"https:\/\/media.th4.com\/e1scrbpB5V_feVThhneEqso180XqMel5YBvjBwNORGE\/pr:80\/aHR0cDovL21lZGlhMi5kZXNpZ25wYXJ0bmVyLmZyL2MvcC1ibGFuay1USC8yMTg5OS53ZWJw?v=1773657927","medium":"https:\/\/media.th4.com\/oAHXYhvjcPoFrb0BoXNUBFdKPrir8UHUc0D6USB0C4s\/pr:550x550greybg\/aHR0cDovL21lZGlhMi5kZXNpZ25wYXJ0bmVyLmZyL2MvcC1ibGFuay1USC8yMTg5OS53ZWJw?v=1773657927","medium_large":"https:\/\/media.th4.com\/N_5DgkY6KN2Ah0Rc3lbVFra4tXq5zFfIMYXi0GyfEqM\/pr:1000x1000greybg\/aHR0cDovL21lZGlhMi5kZXNpZ25wYXJ0bmVyLmZyL2MvcC1ibGFuay1USC8yMTg5OS53ZWJw?v=1773657927","large":"https:\/\/media.th4.com\/uwfEo45RqlQi3MlU9iO0hmvG8ZEnQ7hBNH1s1ptXlHU\/pr:1920greybg\/aHR0cDovL21lZGlhMi5kZXNpZ25wYXJ0bmVyLmZyL2MvcC1ibGFuay1USC8yMTg5OS53ZWJw?v=1773657927","opengraph":"https:\/\/media.th4.com\/Qr7rN6VAzHGIgDERGXsDNe71LCFeTuRx7qoiScpWPMk\/pr:1200x630greybg\/aHR0cDovL21lZGlhMi5kZXNpZ25wYXJ0bmVyLmZyL2MvcC1ibGFuay1USC8yMTg5OS53ZWJw?v=1773657927"},"main_images_customization":{"miniature":"https:\/\/media.th4.com\/e1scrbpB5V_feVThhneEqso180XqMel5YBvjBwNORGE\/pr:80\/aHR0cDovL21lZGlhMi5kZXNpZ25wYXJ0bmVyLmZyL2MvcC1ibGFuay1USC8yMTg5OS53ZWJw?v=1773657927","medium":"https:\/\/media.th4.com\/oAHXYhvjcPoFrb0BoXNUBFdKPrir8UHUc0D6USB0C4s\/pr:550x550greybg\/aHR0cDovL21lZGlhMi5kZXNpZ25wYXJ0bmVyLmZyL2MvcC1ibGFuay1USC8yMTg5OS53ZWJw?v=1773657927","medium_large":"https:\/\/media.th4.com\/N_5DgkY6KN2Ah0Rc3lbVFra4tXq5zFfIMYXi0GyfEqM\/pr:1000x1000greybg\/aHR0cDovL21lZGlhMi5kZXNpZ25wYXJ0bmVyLmZyL2MvcC1ibGFuay1USC8yMTg5OS53ZWJw?v=1773657927","large":"https:\/\/media.th4.com\/uwfEo45RqlQi3MlU9iO0hmvG8ZEnQ7hBNH1s1ptXlHU\/pr:1920greybg\/aHR0cDovL21lZGlhMi5kZXNpZ25wYXJ0bmVyLmZyL2MvcC1ibGFuay1USC8yMTg5OS53ZWJw?v=1773657927","opengraph":"https:\/\/media.th4.com\/Qr7rN6VAzHGIgDERGXsDNe71LCFeTuRx7qoiScpWPMk\/pr:1200x630greybg\/aHR0cDovL21lZGlhMi5kZXNpZ25wYXJ0bmVyLmZyL2MvcC1ibGFuay1USC8yMTg5OS53ZWJw?v=1773657927"},"page_links":{"fr":"\/fr\/p-ko-rh100-tilburg-couvre-sac-rh100-21899\/","en":"\/en\/p-ko-rh100-tilburg-backpack-cover-rh100-21899\/","de":"\/de\/p-ko-rh100-tilburg-rucksackhulle-rh100-21899\/","nl":"\/nl\/p-ko-rh100-tilburg-rugzakhoes-rh100-21899\/","es":"\/es\/p-ko-rh100-tilburg-cubremochila-rh100-21899\/","it":"\/it\/p-ko-rh100-tilburg-coprizaino-rh100-21899\/","sv":"\/sv\/p-ko-rh100-tilburg-ryggsacksskydd-rh100-21899\/","pt":"\/pt\/p-ko-rh100-tilburg-capa-para-mochila-rh100-21899\/","da":"\/da\/p-ko-rh100-tilburg-rygsaekovertraek-rh100-21899\/","pl":"\/pl\/p-ko-rh100-tilburg-pokrowiec-na-plecak-rh100-21899\/"},"page_links_customization":{"fr":"\/fr\/p-ko-rh100-reflective-backpack-cover-tilburg-21899\/custom\/","en":"\/en\/p-ko-rh100-reflective-backpack-cover-tilburg-21899\/custom\/","de":"\/de\/p-ko-rh100-reflective-backpack-cover-tilburg-21899\/custom\/","nl":"\/nl\/p-ko-rh100-reflective-backpack-cover-tilburg-21899\/custom\/","es":"\/es\/p-ko-rh100-reflective-backpack-cover-tilburg-21899\/custom\/","it":"\/it\/p-ko-rh100-reflective-backpack-cover-tilburg-21899\/custom\/","sv":"\/sv\/p-ko-rh100-reflective-backpack-cover-tilburg-21899\/custom\/","pt":"\/pt\/p-ko-rh100-reflective-backpack-cover-tilburg-21899\/custom\/","da":"\/da\/p-ko-rh100-reflective-backpack-cover-tilburg-21899\/custom\/","pl":"\/pl\/p-ko-rh100-reflective-backpack-cover-tilburg-21899\/custom\/"},"equivalent_products":[],"colors":[{"id":12729,"name":"signal_yellow","class_ids":[12],"codes_hexa":["EAE549"],"delai_24":false,"has_3d":false,"seuil_global":0,"stock_local":0,"stock_global":160,"on_standby":false,"in_catalog":true,"images":{"miniature":["https:\/\/media.th4.com\/6orMmErnvMLglloacMPOAzBGWDQcgD23PixXeVequyU\/pr:80\/aHR0cDovL21lZGlhMi5kZXNpZ25wYXJ0bmVyLmZyL2MvcC8yMTg5OS8yMTg5OS0xMjcyOS0xLndlYnA?v=1773657157"],"medium":["https:\/\/media.th4.com\/raHWRbFU4uvygVnyIcO-uRoCDlGiTOh-WA3fjrb9fcQ\/pr:550x550\/aHR0cDovL21lZGlhMi5kZXNpZ25wYXJ0bmVyLmZyL2MvcC8yMTg5OS8yMTg5OS0xMjcyOS0xLndlYnA?v=1773657157"],"medium_large":["https:\/\/media.th4.com\/PImUkxngIwhdYdNC5atnWYcekZedWDYSuy-2fGEpBMY\/pr:1000x1000\/aHR0cDovL21lZGlhMi5kZXNpZ25wYXJ0bmVyLmZyL2MvcC8yMTg5OS8yMTg5OS0xMjcyOS0xLndlYnA?v=1773657157"],"large":["https:\/\/media.th4.com\/j0FTFqeHmJrobeFt9mL94y5pPxhG_JXYRDysrWxQ1Po\/pr:1920\/aHR0cDovL21lZGlhMi5kZXNpZ25wYXJ0bmVyLmZyL2MvcC8yMTg5OS8yMTg5OS0xMjcyOS0xLndlYnA?v=1773657157"],"opengraph":["https:\/\/media.th4.com\/DhcMG8Id7o9Mj8vUFWnjbEMXKSHXdA10nhLd8cvVbWA\/pr:1200x630\/aHR0cDovL21lZGlhMi5kZXNpZ25wYXJ0bmVyLmZyL2MvcC8yMTg5OS8yMTg5OS0xMjcyOS0xLndlYnA?v=1773657157"]},"images_customization":{"miniature":["https:\/\/media.th4.com\/6orMmErnvMLglloacMPOAzBGWDQcgD23PixXeVequyU\/pr:80\/aHR0cDovL21lZGlhMi5kZXNpZ25wYXJ0bmVyLmZyL2MvcC8yMTg5OS8yMTg5OS0xMjcyOS0xLndlYnA?v=1773657157"],"medium":["https:\/\/media.th4.com\/raHWRbFU4uvygVnyIcO-uRoCDlGiTOh-WA3fjrb9fcQ\/pr:550x550\/aHR0cDovL21lZGlhMi5kZXNpZ25wYXJ0bmVyLmZyL2MvcC8yMTg5OS8yMTg5OS0xMjcyOS0xLndlYnA?v=1773657157"],"medium_large":["https:\/\/media.th4.com\/PImUkxngIwhdYdNC5atnWYcekZedWDYSuy-2fGEpBMY\/pr:1000x1000\/aHR0cDovL21lZGlhMi5kZXNpZ25wYXJ0bmVyLmZyL2MvcC8yMTg5OS8yMTg5OS0xMjcyOS0xLndlYnA?v=1773657157"],"large":["https:\/\/media.th4.com\/j0FTFqeHmJrobeFt9mL94y5pPxhG_JXYRDysrWxQ1Po\/pr:1920\/aHR0cDovL21lZGlhMi5kZXNpZ25wYXJ0bmVyLmZyL2MvcC8yMTg5OS8yMTg5OS0xMjcyOS0xLndlYnA?v=1773657157"],"opengraph":["https:\/\/media.th4.com\/DhcMG8Id7o9Mj8vUFWnjbEMXKSHXdA10nhLd8cvVbWA\/pr:1200x630\/aHR0cDovL21lZGlhMi5kZXNpZ25wYXJ0bmVyLmZyL2MvcC8yMTg5OS8yMTg5OS0xMjcyOS0xLndlYnA?v=1773657157"]},"country_origin":"CN","traceability":{"manufacturing_country_id":61,"weaving_country_id":61,"dyeing_country_id":61},"sizes":[{"id":42,"article_id":540330,"class_id":19,"name":"taille_unique","on_standby":false,"stock_local":0,"stock_global":160,"multiple":1,"estimated_date_reassort":null,"is_destocking":false}],"page_links":{"fr":"\/fr\/p-ko-rh100-tilburg-couvre-sac-rh100-21899\/signal-yellow-12729\/","en":"\/en\/p-ko-rh100-tilburg-backpack-cover-rh100-21899\/signal-yellow-12729\/","de":"\/de\/p-ko-rh100-tilburg-rucksackhulle-rh100-21899\/signal-yellow-12729\/","nl":"\/nl\/p-ko-rh100-tilburg-rugzakhoes-rh100-21899\/signal-yellow-12729\/","es":"\/es\/p-ko-rh100-tilburg-cubremochila-rh100-21899\/signal-yellow-12729\/","it":"\/it\/p-ko-rh100-tilburg-coprizaino-rh100-21899\/signal-yellow-12729\/","sv":"\/sv\/p-ko-rh100-tilburg-ryggsacksskydd-rh100-21899\/signal-yellow-12729\/","pt":"\/pt\/p-ko-rh100-tilburg-capa-para-mochila-rh100-21899\/signal-yellow-12729\/","da":"\/da\/p-ko-rh100-tilburg-rygsaekovertraek-rh100-21899\/signal-yellow-12729\/","pl":"\/pl\/p-ko-rh100-tilburg-pokrowiec-na-plecak-rh100-21899\/signal-yellow-12729\/"},"page_links_customization":{"fr":"\/fr\/p-ko-rh100-reflective-backpack-cover-tilburg-21899\/signal-yellow-12729\/custom\/","en":"\/en\/p-ko-rh100-reflective-backpack-cover-tilburg-21899\/signal-yellow-12729\/custom\/","de":"\/de\/p-ko-rh100-reflective-backpack-cover-tilburg-21899\/signal-yellow-12729\/custom\/","nl":"\/nl\/p-ko-rh100-reflective-backpack-cover-tilburg-21899\/signal-yellow-12729\/custom\/","es":"\/es\/p-ko-rh100-reflective-backpack-cover-tilburg-21899\/signal-yellow-12729\/custom\/","it":"\/it\/p-ko-rh100-reflective-backpack-cover-tilburg-21899\/signal-yellow-12729\/custom\/","sv":"\/sv\/p-ko-rh100-reflective-backpack-cover-tilburg-21899\/signal-yellow-12729\/custom\/","pt":"\/pt\/p-ko-rh100-reflective-backpack-cover-tilburg-21899\/signal-yellow-12729\/custom\/","da":"\/da\/p-ko-rh100-reflective-backpack-cover-tilburg-21899\/signal-yellow-12729\/custom\/","pl":"\/pl\/p-ko-rh100-reflective-backpack-cover-tilburg-21899\/signal-yellow-12729\/custom\/"}}],"documentation_link":"\/pdf\/21899.pdf","countries_availables":["AD","AE","AL","AT","BA","BD","BE","BG","BL","CA","CH","CN","CO","CY","CZ","DE","DK","DO","EE","EG","ES","ET","FI","FR","GB","GE","GF","GP","GR","GT","HK","HN","HR","HT","HU","ID","IE","IN","IS","IT","JO","JP","KE","KH","KP","KR","LA","LK","LS","LT","LU","LV","MA","MF","MG","MK","MM","MN","MQ","MT","MX","MY","NC","NI","NL","PF","PH","PK","PL","PM","PT","RE","RO","SE","SG","SI","SK","SV","SY","TH","TN","TR","TW","TZ","US","VN","WF","YT"]},"infos_customization":[],"features":{"authorize_multi_surfaces":true,"display_order_delay_type":true,"promote_surface_display":true,"tarification_franco_offert":true,"enabled_3d_editor":false},"markings":[{"id":0,"nom":"vierge","finition":null,"libelle":null,"code":null,"dpi":null,"finesse_forme_isolee":null,"finesse_forme_non_isolee":null,"hauteur_minimale_texte":null,"inactif":0,"marquage_interne":1,"quantite_min":null,"parent_id":null,"print_on_support":0,"content":"vierge","description":null},{"id":2,"nom":"fonce","finition":"optimale","libelle":"TopQuadri","code":null,"dpi":400,"finesse_forme_isolee":"0.040","finesse_forme_non_isolee":"0.700","hauteur_minimale_texte":2,"inactif":0,"marquage_interne":1,"quantite_min":null,"parent_id":18,"print_on_support":0,"content":"TopQuadri","description":"pour petites et moyennes s\u00e9ries"},{"id":3,"nom":"serigraphie","finition":"serigraphie","libelle":"SeriCoat","code":null,"dpi":400,"finesse_forme_isolee":"0.040","finesse_forme_non_isolee":"0.700","hauteur_minimale_texte":2,"inactif":0,"marquage_interne":1,"quantite_min":15,"parent_id":18,"print_on_support":0,"content":"SeriCoat","description":"pour moyennes et grandes s\u00e9ries"},{"id":4,"nom":"broderie","finition":"broderie","libelle":"Broderie","code":null,"dpi":400,"finesse_forme_isolee":"0.040","finesse_forme_non_isolee":"0.700","hauteur_minimale_texte":3,"inactif":0,"marquage_interne":1,"quantite_min":null,"parent_id":null,"print_on_support":0,"content":"Broderie","description":null},{"id":8,"nom":"theme","finition":null,"libelle":"Th\u00e8me","code":null,"dpi":null,"finesse_forme_isolee":null,"finesse_forme_non_isolee":null,"hauteur_minimale_texte":null,"inactif":0,"marquage_interne":1,"quantite_min":null,"parent_id":null,"print_on_support":0,"content":"Th\u00e8me","description":null},{"id":9,"nom":"sans","finition":null,"libelle":null,"code":null,"dpi":null,"finesse_forme_isolee":null,"finesse_forme_non_isolee":null,"hauteur_minimale_texte":null,"inactif":0,"marquage_interne":1,"quantite_min":null,"parent_id":null,"print_on_support":0,"content":"sans","description":null},{"id":10,"nom":"photo","finition":null,"libelle":"Photo","code":null,"dpi":null,"finesse_forme_isolee":null,"finesse_forme_non_isolee":null,"hauteur_minimale_texte":null,"inactif":0,"marquage_interne":1,"quantite_min":null,"parent_id":null,"print_on_support":0,"content":"Photo","description":null},{"id":14,"nom":"couleur","finition":null,"libelle":"Couleur","code":null,"dpi":null,"finesse_forme_isolee":null,"finesse_forme_non_isolee":null,"hauteur_minimale_texte":null,"inactif":0,"marquage_interne":1,"quantite_min":null,"parent_id":null,"print_on_support":0,"content":"Couleur","description":null},{"id":15,"nom":"sublimation","finition":"sublimation","libelle":"Sublimation","code":null,"dpi":null,"finesse_forme_isolee":"0.000","finesse_forme_non_isolee":"0.000","hauteur_minimale_texte":2,"inactif":0,"marquage_interne":1,"quantite_min":null,"parent_id":null,"print_on_support":0,"content":"Sublimation","description":null},{"id":16,"nom":"topquadri_uv","finition":null,"libelle":"TopQuadri UV","code":null,"dpi":null,"finesse_forme_isolee":"0.020","finesse_forme_non_isolee":"0.700","hauteur_minimale_texte":2,"inactif":0,"marquage_interne":1,"quantite_min":null,"parent_id":null,"print_on_support":1,"content":null,"description":null},{"id":17,"nom":"topquadri_uvp","finition":null,"libelle":"TopQuadri UVP","code":null,"dpi":null,"finesse_forme_isolee":"0.020","finesse_forme_non_isolee":"0.700","hauteur_minimale_texte":2,"inactif":0,"marquage_interne":1,"quantite_min":null,"parent_id":null,"print_on_support":1,"content":null,"description":null},{"id":18,"nom":"quadri","finition":null,"libelle":"Impression","code":null,"dpi":null,"finesse_forme_isolee":null,"finesse_forme_non_isolee":null,"hauteur_minimale_texte":null,"inactif":0,"marquage_interne":1,"quantite_min":null,"parent_id":null,"print_on_support":0,"content":null,"description":null}]}}