{"data":{"product":{"id":21895,"titre":"Mobility Functionnal Vest","description":"Gilet haute avec visibilit\u00e9 augment\u00e9e. 2 bandes r\u00e9fl\u00e9chissantes horizontales et empi\u00e8cements r\u00e9fl\u00e9chissants sur les \u00e9paules. Composition : 100 % polyester.","genre":"mixte","grammage":120,"conditionnement":100,"composition":"polyester,polyester_uniquement","reference":"ko-kxmw","reference_visible":"ko-kxmw","reference_fabricant":"KXMW","ref_xor":"721858","in_catalog":true,"is_transfer":false,"is_service":false,"on_standby":false,"has_3d":false,"has_size_guide":false,"has_marking":true,"has_vierge":true,"is_cross_sellable":false,"id_picto":110,"filename_3d":null,"brand":{"id":170,"name":"Korntex","logo":"logo-korntex.png","image":"https:\/\/media.th4.com\/cQDqQljenSY7VSYcQdvIaNfOwg9YRdZ-qoOzoO5ebsQ\/pr:brand70x70\/aHR0cDovL21lZGlhMi5kZXNpZ25wYXJ0bmVyLmZyL2MvbS9sb2dvLWtvcm50ZXgucG5n"},"price_infos":{"price_from":10.07,"quantity":100,"color":{"id":12729,"name":"signal_yellow"},"size":{"id":1081,"name":"3XL"}},"price_infos_marking":{"price_from":13.61,"quantity":100,"color":{"id":12729,"name":"signal_yellow"},"size":{"id":1081,"name":"3XL"},"marking":{"id":2,"name":""},"emplacement":"avant","surface_emplacement_id":1,"surface":"coeur"},"i18n":{"blank":{"title":{"fr":"Mobility Functionnal vest gilet KORNTEX kxmw","en":"Mobility Functionnal vest vest KORNTEX kxmw","de":"Mobility Functionnal vest Warnweste KORNTEX kxmw","nl":"Mobility Functionnal vest hesje KORNTEX kxmw","es":"chaleco Mobility Functionnal vest KORNTEX kxmw","it":"Mobility Functionnal vest gilet KORNTEX kxmw","sv":"Mobility Functionnal vest v\u00e4st KORNTEX kxmw","pt":"Mobility Functionnal vest colete KORNTEX kxmw","da":"Mobility Functionnal vest vest KORNTEX kxmw","pl":"Mobility Functionnal vest kamizelka KORNTEX kxmw"},"description":{"fr":"Le Mobility Functionnal vest est un gilet de s\u00e9curit\u00e9 \u00e0 visibilit\u00e9 augment\u00e9e, adapt\u00e9 aux situations o\u00f9 le rep\u00e9rage visuel de la personne doit \u00eatre facilit\u00e9. Sa conception int\u00e8gre des \u00e9l\u00e9ments r\u00e9fl\u00e9chissants plac\u00e9s sur le buste et les \u00e9paules pour une lecture visuelle plus nette.\n\n- Composition : 100 % polyester\n- 2 bandes r\u00e9fl\u00e9chissantes horizontales\n- Empi\u00e8cements r\u00e9fl\u00e9chissants sur les \u00e9paules\n- Visibilit\u00e9 augment\u00e9e","en":"The Mobility Functionnal vest is a high-visibility safety vest, suitable for situations where the person's visual identification must be made easier. Its design includes reflective elements positioned on the torso and shoulders for clearer visual recognition.\n\n- Composition: 100% polyester\n- 2 horizontal reflective bands\n- Reflective panels on the shoulders\n- Enhanced visibility","de":"Die Mobility Functionnal vest ist eine Warnweste mit erh\u00f6hter Sichtbarkeit, geeignet f\u00fcr Situationen, in denen die visuelle Erkennbarkeit der Person erleichtert werden muss. Ihre Konstruktion umfasst reflektierende Elemente auf Brust und Schultern f\u00fcr eine klarere visuelle Wahrnehmung.\n\n- Material: 100 % Polyester\n- 2 horizontale Reflexstreifen\n- Reflektierende Eins\u00e4tze an den Schultern\n- Erh\u00f6hte Sichtbarkeit","nl":"Het Mobility Functionnal vest is een veiligheidshesje met verhoogde zichtbaarheid, geschikt voor situaties waarin de visuele herkenning van de persoon vergemakkelijkt moet worden. Het ontwerp bevat reflecterende elementen op de borst en de schouders voor een duidelijkere visuele waarneming.\n\n- Samenstelling: 100 % polyester\n- 2 horizontale reflecterende banden\n- Reflecterende schouderstukken\n- Verhoogde zichtbaarheid","es":"El Mobility Functionnal vest es un chaleco de seguridad de visibilidad aumentada, adecuado para situaciones en las que debe facilitarse la localizaci\u00f3n visual de la persona. Su dise\u00f1o integra elementos reflectantes colocados en el torso y los hombros para una lectura visual m\u00e1s n\u00edtida.\n\n- Composici\u00f3n: 100 % poli\u00e9ster\n- 2 bandas reflectantes horizontales\n- Inserciones reflectantes en los hombros\n- Visibilidad aumentada","it":"Il Mobility Functionnal vest \u00e8 un gilet di sicurezza ad alta visibilit\u00e0, adatto alle situazioni in cui l'individuazione visiva della persona deve essere facilitata. La sua concezione integra elementi riflettenti posizionati sul busto e sulle spalle per una lettura visiva pi\u00f9 nitida.\n\n- Composizione: 100 % poliestere\n- 2 bande riflettenti orizzontali\n- Inserti riflettenti sulle spalle\n- Visibilit\u00e0 aumentata","sv":"Mobility Functionnal vest \u00e4r en s\u00e4kerhetsv\u00e4st med \u00f6kad synlighet, anpassad f\u00f6r situationer d\u00e4r personens visuella uppt\u00e4ckt m\u00e5ste underl\u00e4ttas. Konstruktionen inneh\u00e5ller reflekterande element placerade p\u00e5 b\u00e5len och axlarna f\u00f6r tydligare visuell l\u00e4sbarhet.\n\n- Material: 100 % polyester\n- 2 horisontella reflexband\n- Reflekterande partier p\u00e5 axlarna\n- \u00d6kad synlighet","pt":"O Mobility Functionnal vest \u00e9 um colete de seguran\u00e7a de visibilidade aumentada, adequado para situa\u00e7\u00f5es em que a identifica\u00e7\u00e3o visual da pessoa deve ser facilitada. A sua conce\u00e7\u00e3o integra elementos refletores colocados no tronco e nos ombros para uma leitura visual mais n\u00edtida.\n\n- Composi\u00e7\u00e3o: 100 % poli\u00e9ster\n- 2 faixas refletoras horizontais\n- Inser\u00e7\u00f5es refletoras nos ombros\n- Visibilidade aumentada","da":"Mobility Functionnal vest er en sikkerhedsvest med \u00f8get synlighed, velegnet til situationer, hvor personens visuelle identificering skal g\u00f8res lettere. Dens udformning omfatter reflekterende elementer placeret p\u00e5 overkroppen og skuldrene for en tydeligere visuel afl\u00e6sning.\n\n- Sammens\u00e6tning: 100 % polyester\n- 2 vandrette reflekterende b\u00e5nd\n- Reflekterende indsatser p\u00e5 skuldrene\n- \u00d8get synlighed","pl":"Mobility Functionnal vest to kamizelka bezpiecze\u0144stwa o zwi\u0119kszonej widoczno\u015bci, odpowiednia do sytuacji, w kt\u00f3rych nale\u017cy u\u0142atwi\u0107 wzrokow\u0105 identyfikacj\u0119 osoby. Jej konstrukcja obejmuje elementy odblaskowe umieszczone na tu\u0142owiu i ramionach, co zapewnia wyra\u017aniejszy odbi\u00f3r wizualny.\n\n- Sk\u0142ad: 100 % poliester\n- 2 poziome ta\u015bmy odblaskowe\n- Odblaskowe wstawki na ramionach\n- Zwi\u0119kszona widoczno\u015b\u0107"},"h1":{"fr":"Mobility Functionnal vest gilet kxmw","en":"Mobility Functionnal vest vest kxmw","de":"Mobility Functionnal vest Warnweste kxmw","nl":"Mobility Functionnal vest hesje kxmw","es":"chaleco Mobility Functionnal vest kxmw","it":"Mobility Functionnal vest gilet kxmw","sv":"Mobility Functionnal vest v\u00e4st kxmw","pt":"Mobility Functionnal vest colete kxmw","da":"Mobility Functionnal vest vest kxmw","pl":"Mobility Functionnal vest kamizelka kxmw"},"meta_description":{"fr":"Gilet de s\u00e9curit\u00e9 \u00e0 visibilit\u00e9 augment\u00e9e avec 2 bandes r\u00e9fl\u00e9chissantes horizontales et empi\u00e8cements r\u00e9fl\u00e9chissants aux \u00e9paules pour un usage signal\u00e9tique.","en":"High-visibility safety vest with 2 horizontal reflective bands and reflective shoulder panels for signalling use.","de":"Warnweste mit erh\u00f6hter Sichtbarkeit mit 2 horizontalen Reflexstreifen und reflektierenden Schultereins\u00e4tzen f\u00fcr den Signaleinsatz.","nl":"Veiligheidshesje met verhoogde zichtbaarheid, met 2 horizontale reflecterende banden en reflecterende schouderstukken voor signaleringsgebruik.","es":"Chaleco de seguridad de visibilidad aumentada con 2 bandas reflectantes horizontales e inserciones reflectantes en los hombros para uso de se\u00f1alizaci\u00f3n.","it":"Gilet di sicurezza ad alta visibilit\u00e0 con 2 bande riflettenti orizzontali e inserti riflettenti sulle spalle per uso segnaletico.","sv":"S\u00e4kerhetsv\u00e4st med \u00f6kad synlighet med 2 horisontella reflexband och reflekterande axelpartier f\u00f6r signalanv\u00e4ndning.","pt":"Colete de seguran\u00e7a de visibilidade aumentada com 2 faixas refletoras horizontais e inser\u00e7\u00f5es refletoras nos ombros para uso de sinaliza\u00e7\u00e3o.","da":"Sikkerhedsvest med \u00f8get synlighed med 2 vandrette reflekterende b\u00e5nd og reflekterende skulderindsatser til signalbrug.","pl":"Kamizelka bezpiecze\u0144stwa o zwi\u0119kszonej widoczno\u015bci z 2 poziomymi ta\u015bmami odblaskowymi i odblaskowymi wstawkami na ramionach do zastosowa\u0144 sygnalizacyjnych."}},"custom":{"title":{"fr":"Mobility Functionnal vest gilet KORNTEX kxmw personnalisable","en":"Mobility Functionnal vest KORNTEX vest kxmw customizable","de":"Mobility Functionnal vest Weste KORNTEX kxmw personalisierbar","nl":"Mobility Functionnal vest veiligheidsvest KORNTEX kxmw personaliseerbaar","es":"chaleco Mobility Functionnal vest KORNTEX kxmw personalizable","it":"Mobility Functionnal vest gilet KORNTEX kxmw personalizzabile","sv":"Mobility Functionnal vest v\u00e4st KORNTEX kxmw anpassningsbar","pt":"Mobility Functionnal vest colete KORNTEX kxmw personaliz\u00e1vel","da":"Mobility Functionnal vest vest KORNTEX kxmw kan tilpasses","pl":"Mobility Functionnal vest kamizelka KORNTEX kxmw z mo\u017cliwo\u015bci\u0105 personalizacji"},"description":{"fr":"Le Mobility Functionnal vest est un gilet de s\u00e9curit\u00e9 con\u00e7u pour am\u00e9liorer la visibilit\u00e9 de l'utilisateur dans diff\u00e9rents contextes d'usage. Sa structure l\u00e9g\u00e8re permet un port simple par-dessus les v\u00eatements. La personnalisation est possible sur les zones pr\u00e9vues \u00e0 cet effet.\n\n- Composition : 100 % polyester\n- 2 bandes r\u00e9fl\u00e9chissantes horizontales\n- Empi\u00e8cements r\u00e9fl\u00e9chissants aux \u00e9paules\n- Personnalisation possible","en":"The Mobility Functionnal vest is a safety vest designed to improve the wearer's visibility in different usage contexts. Its lightweight structure allows easy wear over clothing. Customization is possible in the areas intended for this purpose.\n\n- Composition: 100% polyester\n- 2 horizontal reflective bands\n- Reflective shoulder inserts\n- Customization possible","de":"Die Mobility Functionnal vest ist eine Sicherheitsweste, die entwickelt wurde, um die Sichtbarkeit des Nutzers in verschiedenen Einsatzkontexten zu verbessern. Ihre leichte Struktur erm\u00f6glicht ein einfaches Tragen \u00fcber der Kleidung. Eine Personalisierung ist in den daf\u00fcr vorgesehenen Bereichen m\u00f6glich.\n\n- Zusammensetzung: 100 % Polyester\n- 2 horizontale Reflexstreifen\n- Reflektierende Schultereins\u00e4tze\n- Personalisierung m\u00f6glich","nl":"Het Mobility Functionnal vest is een veiligheidsvest ontworpen om de zichtbaarheid van de gebruiker in verschillende gebruikscontexten te verbeteren. De lichte structuur maakt eenvoudig dragen over kleding mogelijk. Personalisatie is mogelijk op de daarvoor bestemde zones.\n\n- Samenstelling: 100 % polyester\n- 2 horizontale reflecterende banden\n- Reflecterende schouderstukken\n- Personalisatie mogelijk","es":"El Mobility Functionnal vest es un chaleco de seguridad dise\u00f1ado para mejorar la visibilidad del usuario en diferentes contextos de uso. Su estructura ligera permite llevarlo f\u00e1cilmente sobre la ropa. La personalizaci\u00f3n es posible en las zonas previstas para ello.\n\n- Composici\u00f3n: 100 % poli\u00e9ster\n- 2 bandas reflectantes horizontales\n- Paneles reflectantes en los hombros\n- Personalizaci\u00f3n posible","it":"Il Mobility Functionnal vest \u00e8 un gilet di sicurezza progettato per migliorare la visibilit\u00e0 dell'utilizzatore in diversi contesti d'uso. La sua struttura leggera consente di essere indossato facilmente sopra gli indumenti. La personalizzazione \u00e8 possibile sulle aree previste a tale scopo.\n\n- Composizione: 100% poliestere\n- 2 bande riflettenti orizzontali\n- Inserti riflettenti sulle spalle\n- Personalizzazione possibile","sv":"Mobility Functionnal vest \u00e4r en s\u00e4kerhetsv\u00e4st utformad f\u00f6r att f\u00f6rb\u00e4ttra anv\u00e4ndarens synlighet i olika anv\u00e4ndningssammanhang. Den l\u00e4tta konstruktionen g\u00f6r den enkel att b\u00e4ra ovanp\u00e5 kl\u00e4der. Anpassning \u00e4r m\u00f6jlig p\u00e5 de omr\u00e5den som \u00e4r avsedda f\u00f6r detta.\n\n- Sammans\u00e4ttning: 100 % polyester\n- 2 horisontella reflexband\n- Reflexpartier p\u00e5 axlarna\n- Anpassning m\u00f6jlig","pt":"O Mobility Functionnal vest \u00e9 um colete de seguran\u00e7a concebido para melhorar a visibilidade do utilizador em diferentes contextos de utiliza\u00e7\u00e3o. A sua estrutura leve permite um uso simples por cima da roupa. A personaliza\u00e7\u00e3o \u00e9 poss\u00edvel nas zonas previstas para esse fim.\n\n- Composi\u00e7\u00e3o: 100% poli\u00e9ster\n- 2 faixas refletoras horizontais\n- Inser\u00e7\u00f5es refletoras nos ombros\n- Personaliza\u00e7\u00e3o poss\u00edvel","da":"Mobility Functionnal vest er en sikkerhedsvest designet til at forbedre brugerens synlighed i forskellige anvendelsessituationer. Den lette struktur g\u00f8r den nem at b\u00e6re uden p\u00e5 t\u00f8jet. Tilpasning er mulig p\u00e5 de omr\u00e5der, der er beregnet til dette.\n\n- Sammens\u00e6tning: 100 % polyester\n- 2 vandrette refleksstriber\n- Reflekterende skulderindsatser\n- Mulighed for tilpasning","pl":"Mobility Functionnal vest to kamizelka bezpiecze\u0144stwa zaprojektowana w celu poprawy widoczno\u015bci u\u017cytkownika w r\u00f3\u017cnych warunkach u\u017cytkowania. Jej lekka konstrukcja umo\u017cliwia \u0142atwe noszenie na odzie\u017cy. Personalizacja jest mo\u017cliwa w przeznaczonych do tego strefach.\n\n- Sk\u0142ad: 100 % poliester\n- 2 poziome ta\u015bmy odblaskowe\n- Odblaskowe wstawki na ramionach\n- Mo\u017cliwo\u015b\u0107 personalizacji"},"h1":{"fr":"Mobility Functionnal vest gilet kxmw personnalisable","en":"Mobility Functionnal vest customizable vest kxmw","de":"Mobility Functionnal vest Weste kxmw personalisierbar","nl":"Mobility Functionnal vest veiligheidsvest kxmw personaliseerbaar","es":"chaleco Mobility Functionnal vest kxmw personalizable","it":"Mobility Functionnal vest gilet kxmw personalizzabile","sv":"Mobility Functionnal vest v\u00e4st kxmw anpassningsbar","pt":"Mobility Functionnal vest colete kxmw personaliz\u00e1vel","da":"Mobility Functionnal vest vest kxmw kan tilpasses","pl":"Mobility Functionnal vest kamizelka kxmw z mo\u017cliwo\u015bci\u0105 personalizacji"},"meta_description":{"fr":"Gilet de s\u00e9curit\u00e9 avec visibilit\u00e9 augment\u00e9e, 2 bandes r\u00e9fl\u00e9chissantes horizontales, empi\u00e8cements aux \u00e9paules et personnalisation possible.","en":"Safety vest with enhanced visibility, 2 horizontal reflective bands, shoulder inserts and possible customization.","de":"Sicherheitsweste mit erh\u00f6hter Sichtbarkeit, 2 horizontalen Reflexstreifen, Schultereins\u00e4tzen und m\u00f6glicher Personalisierung.","nl":"Veiligheidsvest met verhoogde zichtbaarheid, 2 horizontale reflecterende banden, schouderstukken en personalisatie mogelijk.","es":"Chaleco de seguridad con visibilidad aumentada, 2 bandas reflectantes horizontales, paneles en los hombros y personalizaci\u00f3n posible.","it":"Gilet di sicurezza con visibilit\u00e0 aumentata, 2 bande riflettenti orizzontali, inserti sulle spalle e personalizzazione possibile.","sv":"S\u00e4kerhetsv\u00e4st med f\u00f6rb\u00e4ttrad synlighet, 2 horisontella reflexband, axelpartier och m\u00f6jlighet till anpassning.","pt":"Colete de seguran\u00e7a com visibilidade aumentada, 2 faixas refletoras horizontais, inser\u00e7\u00f5es nos ombros e personaliza\u00e7\u00e3o poss\u00edvel.","da":"Sikkerhedsvest med \u00f8get synlighed, 2 vandrette refleksstriber, skulderindsatser og mulighed for tilpasning.","pl":"Kamizelka bezpiecze\u0144stwa o zwi\u0119kszonej widoczno\u015bci, 2 poziome ta\u015bmy odblaskowe, wstawki na ramionach i mo\u017cliwo\u015b\u0107 personalizacji."}}},"categories":[{"id":329,"name":"Vestes et gilets de s\u00e9curit\u00e9","singular":"Veste et gilet de s\u00e9curit\u00e9","is_feminin":false},{"id":572,"name":"Textiles r\u00e9fl\u00e9chissants","singular":"Textile r\u00e9fl\u00e9chissant","is_feminin":false},{"id":13,"name":"Vestes et manteaux","singular":"Veste et manteau","is_feminin":true},{"id":559,"name":"Univers","singular":"Univers","is_feminin":false},{"id":354,"name":"Textile","singular":"Textile","is_feminin":false}],"certifications":[],"videos":{"fr":[],"en":[],"de":[],"nl":[],"es":[],"it":[],"sv":[],"pt":[],"da":[],"pl":[]},"main_images":{"miniature":"https:\/\/media.th4.com\/sVbAJYgcGhwCbkmFHzIbhF3kgRY4O19GWKP4XhXZSlc\/pr:80\/aHR0cDovL21lZGlhMi5kZXNpZ25wYXJ0bmVyLmZyL2MvcC1ibGFuay1USC8yMTg5NS53ZWJw?v=1773657911","medium":"https:\/\/media.th4.com\/cQJoecWMzQGMX6_7N8HbEIULGQJ8MUj8Wh12t2X9JRU\/pr:550x550greybg\/aHR0cDovL21lZGlhMi5kZXNpZ25wYXJ0bmVyLmZyL2MvcC1ibGFuay1USC8yMTg5NS53ZWJw?v=1773657911","medium_large":"https:\/\/media.th4.com\/PTwqDhOugWOBhsnZGmS-AKR3OTAsK3erU_lzZtyb9iI\/pr:1000x1000greybg\/aHR0cDovL21lZGlhMi5kZXNpZ25wYXJ0bmVyLmZyL2MvcC1ibGFuay1USC8yMTg5NS53ZWJw?v=1773657911","large":"https:\/\/media.th4.com\/nutb6r9vIHSeZeXluvXp1Qqc39e2dRSQM1ZJKXmHlWo\/pr:1920greybg\/aHR0cDovL21lZGlhMi5kZXNpZ25wYXJ0bmVyLmZyL2MvcC1ibGFuay1USC8yMTg5NS53ZWJw?v=1773657911","opengraph":"https:\/\/media.th4.com\/v8AElmQGl7Z-zbnndMaI8XCRBc9d3GtpZ5dNF6QofiY\/pr:1200x630greybg\/aHR0cDovL21lZGlhMi5kZXNpZ25wYXJ0bmVyLmZyL2MvcC1ibGFuay1USC8yMTg5NS53ZWJw?v=1773657911"},"main_images_customization":{"miniature":"https:\/\/media.th4.com\/DQHscc6xLmQjaQy_ENOnlch9OAsENUb1_9crNDzYQQY\/pr:80\/aHR0cDovL21lZGlhMi5kZXNpZ25wYXJ0bmVyLmZyL2MvcC1jdXN0b20tVEgvMjE4OTUud2VicA?v=1773658028","medium":"https:\/\/media.th4.com\/taJzdXjF6J9bb0oWquHeYzalkEJjsDG4JBVdZgvOd48\/pr:550x550greybg\/aHR0cDovL21lZGlhMi5kZXNpZ25wYXJ0bmVyLmZyL2MvcC1jdXN0b20tVEgvMjE4OTUud2VicA?v=1773658028","medium_large":"https:\/\/media.th4.com\/o6EbTAZHWTzluw3yVtd_kHVeLa4t6a-NwKbsWGlmNqY\/pr:1000x1000greybg\/aHR0cDovL21lZGlhMi5kZXNpZ25wYXJ0bmVyLmZyL2MvcC1jdXN0b20tVEgvMjE4OTUud2VicA?v=1773658028","large":"https:\/\/media.th4.com\/fO0BQGSFVwKWpczA45TFm0LK-TMTj5q7lmRVyuFBnCM\/pr:1920greybg\/aHR0cDovL21lZGlhMi5kZXNpZ25wYXJ0bmVyLmZyL2MvcC1jdXN0b20tVEgvMjE4OTUud2VicA?v=1773658028","opengraph":"https:\/\/media.th4.com\/p0aPKQmV1kjSsjFHduIgjWrXqO4J0rJVD0rbTCPgi54\/pr:1200x630greybg\/aHR0cDovL21lZGlhMi5kZXNpZ25wYXJ0bmVyLmZyL2MvcC1jdXN0b20tVEgvMjE4OTUud2VicA?v=1773658028"},"page_links":{"fr":"\/fr\/p-ko-kxmw-mobility-functionnal-vest-gilet-kxmw-21895\/","en":"\/en\/p-ko-kxmw-mobility-functionnal-vest-vest-kxmw-21895\/","de":"\/de\/p-ko-kxmw-mobility-functionnal-vest-warnweste-kxmw-21895\/","nl":"\/nl\/p-ko-kxmw-mobility-functionnal-vest-hesje-kxmw-21895\/","es":"\/es\/p-ko-kxmw-chaleco-mobility-functionnal-vest-kxmw-21895\/","it":"\/it\/p-ko-kxmw-mobility-functionnal-vest-gilet-kxmw-21895\/","sv":"\/sv\/p-ko-kxmw-mobility-functionnal-vest-vast-kxmw-21895\/","pt":"\/pt\/p-ko-kxmw-mobility-functionnal-vest-colete-kxmw-21895\/","da":"\/da\/p-ko-kxmw-mobility-functionnal-vest-vest-kxmw-21895\/","pl":"\/pl\/p-ko-kxmw-mobility-functionnal-vest-kamizelka-kxmw-21895\/"},"page_links_customization":{"fr":"\/fr\/p-ko-kxmw-mobility-functionnal-vest-gilet-kxmw-personnalisable-21895\/custom\/","en":"\/en\/p-ko-kxmw-mobility-functionnal-vest-customizable-vest-kxmw-21895\/custom\/","de":"\/de\/p-ko-kxmw-mobility-functionnal-vest-weste-kxmw-personalisierbar-21895\/custom\/","nl":"\/nl\/p-ko-kxmw-mobility-functionnal-vest-veiligheidsvest-kxmw-personaliseerbaar-21895\/custom\/","es":"\/es\/p-ko-kxmw-chaleco-mobility-functionnal-vest-kxmw-personalizable-21895\/custom\/","it":"\/it\/p-ko-kxmw-mobility-functionnal-vest-gilet-kxmw-personalizzabile-21895\/custom\/","sv":"\/sv\/p-ko-kxmw-mobility-functionnal-vest-vast-kxmw-anpassningsbar-21895\/custom\/","pt":"\/pt\/p-ko-kxmw-mobility-functionnal-vest-colete-kxmw-personalizavel-21895\/custom\/","da":"\/da\/p-ko-kxmw-mobility-functionnal-vest-vest-kxmw-kan-tilpasses-21895\/custom\/","pl":"\/pl\/p-ko-kxmw-mobility-functionnal-vest-kamizelka-kxmw-z-mozliwoscia-personalizacji-21895\/custom\/"},"equivalent_products":[],"colors":[{"id":12729,"name":"signal_yellow","class_ids":[12],"codes_hexa":["EAE549"],"delai_24":false,"has_3d":false,"seuil_global":0,"stock_local":0,"stock_global":504,"on_standby":false,"in_catalog":true,"images":{"miniature":["https:\/\/media.th4.com\/NliO9nrp0ONNGtbb5bsCUmaIq0ZGr0cx9rzH0qxMYxc\/pr:80\/aHR0cDovL21lZGlhMi5kZXNpZ25wYXJ0bmVyLmZyL2MvcC8yMTg5NS8yMTg5NS0xMjcyOS0xLndlYnA?v=1773657089","https:\/\/media.th4.com\/LroBTxlCEEdqUIO2kp3NoUNdHXyKr0-JY9Eqw9eIxTQ\/pr:80\/aHR0cDovL21lZGlhMi5kZXNpZ25wYXJ0bmVyLmZyL2MvcC8yMTg5NS8yMTg5NS0xMjcyOS0yLndlYnA?v=1773657090"],"medium":["https:\/\/media.th4.com\/MvaaWE0hkof2vtRALH37L6YWBd6BTBfoz3HVgXuj0RM\/pr:550x550\/aHR0cDovL21lZGlhMi5kZXNpZ25wYXJ0bmVyLmZyL2MvcC8yMTg5NS8yMTg5NS0xMjcyOS0xLndlYnA?v=1773657089","https:\/\/media.th4.com\/8bqQdq2EN9Yox5hLwcsk-nU6usbMSche40jZE96XY2Y\/pr:550x550\/aHR0cDovL21lZGlhMi5kZXNpZ25wYXJ0bmVyLmZyL2MvcC8yMTg5NS8yMTg5NS0xMjcyOS0yLndlYnA?v=1773657090"],"medium_large":["https:\/\/media.th4.com\/PONLmyXvEuU_cI5qg5EtlHYTAMI2sb2dwM6QPg6221g\/pr:1000x1000\/aHR0cDovL21lZGlhMi5kZXNpZ25wYXJ0bmVyLmZyL2MvcC8yMTg5NS8yMTg5NS0xMjcyOS0xLndlYnA?v=1773657089","https:\/\/media.th4.com\/kqanV_k5-eYmSKP7lgJp75OnLFwNmHOo3xjSiCdJC_8\/pr:1000x1000\/aHR0cDovL21lZGlhMi5kZXNpZ25wYXJ0bmVyLmZyL2MvcC8yMTg5NS8yMTg5NS0xMjcyOS0yLndlYnA?v=1773657090"],"large":["https:\/\/media.th4.com\/elegbNlOhK7JHffVLA7U96Dm0Nk-IjX8yaKgYUd2SJw\/pr:1920\/aHR0cDovL21lZGlhMi5kZXNpZ25wYXJ0bmVyLmZyL2MvcC8yMTg5NS8yMTg5NS0xMjcyOS0xLndlYnA?v=1773657089","https:\/\/media.th4.com\/L-T2ogihvkJtHMYb9SemW70ZUecNcZVatOE_Lj7w-30\/pr:1920\/aHR0cDovL21lZGlhMi5kZXNpZ25wYXJ0bmVyLmZyL2MvcC8yMTg5NS8yMTg5NS0xMjcyOS0yLndlYnA?v=1773657090"],"opengraph":["https:\/\/media.th4.com\/trvmZIq8p-e_DBoZT9hLBAHrwTskidxx1C3bQDHTY6I\/pr:1200x630\/aHR0cDovL21lZGlhMi5kZXNpZ25wYXJ0bmVyLmZyL2MvcC8yMTg5NS8yMTg5NS0xMjcyOS0xLndlYnA?v=1773657089","https:\/\/media.th4.com\/yHtWK1ItD5tKZkyvumNvxSTVADtL6vG5dV-ZxTudXS4\/pr:1200x630\/aHR0cDovL21lZGlhMi5kZXNpZ25wYXJ0bmVyLmZyL2MvcC8yMTg5NS8yMTg5NS0xMjcyOS0yLndlYnA?v=1773657090"]},"images_customization":{"miniature":["https:\/\/media.th4.com\/NliO9nrp0ONNGtbb5bsCUmaIq0ZGr0cx9rzH0qxMYxc\/pr:80\/aHR0cDovL21lZGlhMi5kZXNpZ25wYXJ0bmVyLmZyL2MvcC8yMTg5NS8yMTg5NS0xMjcyOS0xLndlYnA?v=1773657089","https:\/\/media.th4.com\/LroBTxlCEEdqUIO2kp3NoUNdHXyKr0-JY9Eqw9eIxTQ\/pr:80\/aHR0cDovL21lZGlhMi5kZXNpZ25wYXJ0bmVyLmZyL2MvcC8yMTg5NS8yMTg5NS0xMjcyOS0yLndlYnA?v=1773657090"],"medium":["https:\/\/media.th4.com\/MvaaWE0hkof2vtRALH37L6YWBd6BTBfoz3HVgXuj0RM\/pr:550x550\/aHR0cDovL21lZGlhMi5kZXNpZ25wYXJ0bmVyLmZyL2MvcC8yMTg5NS8yMTg5NS0xMjcyOS0xLndlYnA?v=1773657089","https:\/\/media.th4.com\/8bqQdq2EN9Yox5hLwcsk-nU6usbMSche40jZE96XY2Y\/pr:550x550\/aHR0cDovL21lZGlhMi5kZXNpZ25wYXJ0bmVyLmZyL2MvcC8yMTg5NS8yMTg5NS0xMjcyOS0yLndlYnA?v=1773657090"],"medium_large":["https:\/\/media.th4.com\/PONLmyXvEuU_cI5qg5EtlHYTAMI2sb2dwM6QPg6221g\/pr:1000x1000\/aHR0cDovL21lZGlhMi5kZXNpZ25wYXJ0bmVyLmZyL2MvcC8yMTg5NS8yMTg5NS0xMjcyOS0xLndlYnA?v=1773657089","https:\/\/media.th4.com\/kqanV_k5-eYmSKP7lgJp75OnLFwNmHOo3xjSiCdJC_8\/pr:1000x1000\/aHR0cDovL21lZGlhMi5kZXNpZ25wYXJ0bmVyLmZyL2MvcC8yMTg5NS8yMTg5NS0xMjcyOS0yLndlYnA?v=1773657090"],"large":["https:\/\/media.th4.com\/elegbNlOhK7JHffVLA7U96Dm0Nk-IjX8yaKgYUd2SJw\/pr:1920\/aHR0cDovL21lZGlhMi5kZXNpZ25wYXJ0bmVyLmZyL2MvcC8yMTg5NS8yMTg5NS0xMjcyOS0xLndlYnA?v=1773657089","https:\/\/media.th4.com\/L-T2ogihvkJtHMYb9SemW70ZUecNcZVatOE_Lj7w-30\/pr:1920\/aHR0cDovL21lZGlhMi5kZXNpZ25wYXJ0bmVyLmZyL2MvcC8yMTg5NS8yMTg5NS0xMjcyOS0yLndlYnA?v=1773657090"],"opengraph":["https:\/\/media.th4.com\/trvmZIq8p-e_DBoZT9hLBAHrwTskidxx1C3bQDHTY6I\/pr:1200x630\/aHR0cDovL21lZGlhMi5kZXNpZ25wYXJ0bmVyLmZyL2MvcC8yMTg5NS8yMTg5NS0xMjcyOS0xLndlYnA?v=1773657089","https:\/\/media.th4.com\/yHtWK1ItD5tKZkyvumNvxSTVADtL6vG5dV-ZxTudXS4\/pr:1200x630\/aHR0cDovL21lZGlhMi5kZXNpZ25wYXJ0bmVyLmZyL2MvcC8yMTg5NS8yMTg5NS0xMjcyOS0yLndlYnA?v=1773657090"]},"country_origin":"CN","traceability":{"manufacturing_country_id":61,"weaving_country_id":61,"dyeing_country_id":61},"sizes":[{"id":3,"article_id":540322,"class_id":3,"name":"S","on_standby":false,"stock_local":0,"stock_global":50,"multiple":1,"estimated_date_reassort":null,"is_destocking":false},{"id":2,"article_id":540321,"class_id":4,"name":"M","on_standby":false,"stock_local":0,"stock_global":115,"multiple":1,"estimated_date_reassort":null,"is_destocking":false},{"id":1,"article_id":540320,"class_id":5,"name":"L","on_standby":false,"stock_local":0,"stock_global":37,"multiple":1,"estimated_date_reassort":null,"is_destocking":false},{"id":4,"article_id":540323,"class_id":6,"name":"XL","on_standby":false,"stock_local":0,"stock_global":77,"multiple":1,"estimated_date_reassort":null,"is_destocking":false},{"id":1116,"article_id":540324,"class_id":7,"name":"2XL","on_standby":false,"stock_local":0,"stock_global":80,"multiple":1,"estimated_date_reassort":null,"is_destocking":false},{"id":1081,"article_id":540319,"class_id":8,"name":"3XL","on_standby":false,"stock_local":0,"stock_global":145,"multiple":1,"estimated_date_reassort":null,"is_destocking":false}],"page_links":{"fr":"\/fr\/p-ko-kxmw-mobility-functionnal-vest-gilet-kxmw-21895\/signal-yellow-12729\/","en":"\/en\/p-ko-kxmw-mobility-functionnal-vest-vest-kxmw-21895\/signal-yellow-12729\/","de":"\/de\/p-ko-kxmw-mobility-functionnal-vest-warnweste-kxmw-21895\/signal-yellow-12729\/","nl":"\/nl\/p-ko-kxmw-mobility-functionnal-vest-hesje-kxmw-21895\/signal-yellow-12729\/","es":"\/es\/p-ko-kxmw-chaleco-mobility-functionnal-vest-kxmw-21895\/signal-yellow-12729\/","it":"\/it\/p-ko-kxmw-mobility-functionnal-vest-gilet-kxmw-21895\/signal-yellow-12729\/","sv":"\/sv\/p-ko-kxmw-mobility-functionnal-vest-vast-kxmw-21895\/signal-yellow-12729\/","pt":"\/pt\/p-ko-kxmw-mobility-functionnal-vest-colete-kxmw-21895\/signal-yellow-12729\/","da":"\/da\/p-ko-kxmw-mobility-functionnal-vest-vest-kxmw-21895\/signal-yellow-12729\/","pl":"\/pl\/p-ko-kxmw-mobility-functionnal-vest-kamizelka-kxmw-21895\/signal-yellow-12729\/"},"page_links_customization":{"fr":"\/fr\/p-ko-kxmw-mobility-functionnal-vest-gilet-kxmw-personnalisable-21895\/signal-yellow-12729\/custom\/","en":"\/en\/p-ko-kxmw-mobility-functionnal-vest-customizable-vest-kxmw-21895\/signal-yellow-12729\/custom\/","de":"\/de\/p-ko-kxmw-mobility-functionnal-vest-weste-kxmw-personalisierbar-21895\/signal-yellow-12729\/custom\/","nl":"\/nl\/p-ko-kxmw-mobility-functionnal-vest-veiligheidsvest-kxmw-personaliseerbaar-21895\/signal-yellow-12729\/custom\/","es":"\/es\/p-ko-kxmw-chaleco-mobility-functionnal-vest-kxmw-personalizable-21895\/signal-yellow-12729\/custom\/","it":"\/it\/p-ko-kxmw-mobility-functionnal-vest-gilet-kxmw-personalizzabile-21895\/signal-yellow-12729\/custom\/","sv":"\/sv\/p-ko-kxmw-mobility-functionnal-vest-vast-kxmw-anpassningsbar-21895\/signal-yellow-12729\/custom\/","pt":"\/pt\/p-ko-kxmw-mobility-functionnal-vest-colete-kxmw-personalizavel-21895\/signal-yellow-12729\/custom\/","da":"\/da\/p-ko-kxmw-mobility-functionnal-vest-vest-kxmw-kan-tilpasses-21895\/signal-yellow-12729\/custom\/","pl":"\/pl\/p-ko-kxmw-mobility-functionnal-vest-kamizelka-kxmw-z-mozliwoscia-personalizacji-21895\/signal-yellow-12729\/custom\/"}}],"documentation_link":"\/pdf\/21895.pdf","countries_availables":["AD","AE","AL","AT","BA","BD","BE","BG","BL","CA","CH","CN","CO","CY","CZ","DE","DK","DO","EE","EG","ES","ET","FI","FR","GB","GE","GF","GP","GR","GT","HK","HN","HR","HT","HU","ID","IE","IN","IS","IT","JO","JP","KE","KH","KP","KR","LA","LK","LS","LT","LU","LV","MA","MF","MG","MK","MM","MN","MQ","MT","MX","MY","NC","NI","NL","PF","PH","PK","PL","PM","PT","RE","RO","SE","SG","SI","SK","SV","SY","TH","TN","TR","TW","TZ","US","VN","WF","YT"]},"infos_customization":[],"features":{"authorize_multi_surfaces":true,"display_order_delay_type":true,"promote_surface_display":true,"tarification_franco_offert":true,"enabled_3d_editor":false},"markings":[{"id":0,"nom":"vierge","finition":null,"libelle":null,"code":null,"dpi":null,"finesse_forme_isolee":null,"finesse_forme_non_isolee":null,"hauteur_minimale_texte":null,"inactif":0,"marquage_interne":1,"quantite_min":null,"parent_id":null,"print_on_support":0,"content":"vierge","description":null},{"id":2,"nom":"fonce","finition":"optimale","libelle":"TopQuadri","code":null,"dpi":400,"finesse_forme_isolee":"0.040","finesse_forme_non_isolee":"0.700","hauteur_minimale_texte":2,"inactif":0,"marquage_interne":1,"quantite_min":null,"parent_id":18,"print_on_support":0,"content":"TopQuadri","description":"pour petites et moyennes s\u00e9ries"},{"id":3,"nom":"serigraphie","finition":"serigraphie","libelle":"SeriCoat","code":null,"dpi":400,"finesse_forme_isolee":"0.040","finesse_forme_non_isolee":"0.700","hauteur_minimale_texte":2,"inactif":0,"marquage_interne":1,"quantite_min":15,"parent_id":18,"print_on_support":0,"content":"SeriCoat","description":"pour moyennes et grandes s\u00e9ries"},{"id":4,"nom":"broderie","finition":"broderie","libelle":"Broderie","code":null,"dpi":400,"finesse_forme_isolee":"0.040","finesse_forme_non_isolee":"0.700","hauteur_minimale_texte":3,"inactif":0,"marquage_interne":1,"quantite_min":null,"parent_id":null,"print_on_support":0,"content":"Broderie","description":null},{"id":8,"nom":"theme","finition":null,"libelle":"Th\u00e8me","code":null,"dpi":null,"finesse_forme_isolee":null,"finesse_forme_non_isolee":null,"hauteur_minimale_texte":null,"inactif":0,"marquage_interne":1,"quantite_min":null,"parent_id":null,"print_on_support":0,"content":"Th\u00e8me","description":null},{"id":9,"nom":"sans","finition":null,"libelle":null,"code":null,"dpi":null,"finesse_forme_isolee":null,"finesse_forme_non_isolee":null,"hauteur_minimale_texte":null,"inactif":0,"marquage_interne":1,"quantite_min":null,"parent_id":null,"print_on_support":0,"content":"sans","description":null},{"id":10,"nom":"photo","finition":null,"libelle":"Photo","code":null,"dpi":null,"finesse_forme_isolee":null,"finesse_forme_non_isolee":null,"hauteur_minimale_texte":null,"inactif":0,"marquage_interne":1,"quantite_min":null,"parent_id":null,"print_on_support":0,"content":"Photo","description":null},{"id":14,"nom":"couleur","finition":null,"libelle":"Couleur","code":null,"dpi":null,"finesse_forme_isolee":null,"finesse_forme_non_isolee":null,"hauteur_minimale_texte":null,"inactif":0,"marquage_interne":1,"quantite_min":null,"parent_id":null,"print_on_support":0,"content":"Couleur","description":null},{"id":15,"nom":"sublimation","finition":"sublimation","libelle":"Sublimation","code":null,"dpi":null,"finesse_forme_isolee":"0.000","finesse_forme_non_isolee":"0.000","hauteur_minimale_texte":2,"inactif":0,"marquage_interne":1,"quantite_min":null,"parent_id":null,"print_on_support":0,"content":"Sublimation","description":null},{"id":16,"nom":"topquadri_uv","finition":null,"libelle":"TopQuadri UV","code":null,"dpi":null,"finesse_forme_isolee":"0.020","finesse_forme_non_isolee":"0.700","hauteur_minimale_texte":2,"inactif":0,"marquage_interne":1,"quantite_min":null,"parent_id":null,"print_on_support":1,"content":null,"description":null},{"id":17,"nom":"topquadri_uvp","finition":null,"libelle":"TopQuadri UVP","code":null,"dpi":null,"finesse_forme_isolee":"0.020","finesse_forme_non_isolee":"0.700","hauteur_minimale_texte":2,"inactif":0,"marquage_interne":1,"quantite_min":null,"parent_id":null,"print_on_support":1,"content":null,"description":null},{"id":18,"nom":"quadri","finition":null,"libelle":"Impression","code":null,"dpi":null,"finesse_forme_isolee":null,"finesse_forme_non_isolee":null,"hauteur_minimale_texte":null,"inactif":0,"marquage_interne":1,"quantite_min":null,"parent_id":null,"print_on_support":0,"content":null,"description":null}]}}