{"data":{"product":{"id":21894,"titre":"HI-Vis Rain Lite Jacket Kaunas","description":"Veste de pluie haute visibilit\u00e9. Fermeture zipp\u00e9e avec rabat temp\u00eate. 2 poches dissimul\u00e9es avec entr\u00e9e lat\u00e9rale et fermeture zipp\u00e9e. Poche poitrine avec fermeture \u00e0 bande auto-agrippante. Capuche pouvant se ranger dans le col. Acc\u00e8s marquage poitrine et dos. Composition : 100 % polyester oxford ; int\u00e9rieur polyester filet.","genre":"mixte","grammage":300,"conditionnement":10,"composition":"polyester,polyester_uniquement","reference":"ko-kxrlj","reference_visible":"ko-kxrlj","reference_fabricant":"KXRLJ","ref_xor":"721859","in_catalog":true,"is_transfer":false,"is_service":false,"on_standby":false,"has_3d":false,"has_size_guide":false,"has_marking":true,"has_vierge":true,"is_cross_sellable":false,"id_picto":28,"filename_3d":null,"brand":{"id":170,"name":"Korntex","logo":"logo-korntex.png","image":"https:\/\/media.th4.com\/cQDqQljenSY7VSYcQdvIaNfOwg9YRdZ-qoOzoO5ebsQ\/pr:brand70x70\/aHR0cDovL21lZGlhMi5kZXNpZ25wYXJ0bmVyLmZyL2MvbS9sb2dvLWtvcm50ZXgucG5n"},"price_infos":{"price_from":60.02,"quantity":5,"color":{"id":12728,"name":"signal_orange"},"size":{"id":1116,"name":"2XL"}},"price_infos_marking":{"price_from":48.09,"quantity":20,"color":{"id":12728,"name":"signal_orange"},"size":{"id":1116,"name":"2XL"},"marking":{"id":2,"name":""},"emplacement":"avant","surface_emplacement_id":6432,"surface":"Contre coeur"},"i18n":{"blank":{"title":{"fr":"Kaunas rain jacket veste pluie KORNTEX kxrlj","en":"Kaunas rain jacket KORNTEX kxrlj","de":"Kaunas rain jacket Regenjacke KORNTEX kxrlj","nl":"Kaunas rain jacket regenjas KORNTEX kxrlj","es":"Kaunas rain jacket chaqueta de lluvia KORNTEX kxrlj","it":"Kaunas rain jacket giacca antipioggia KORNTEX kxrlj","sv":"Kaunas rain jacket regnjacka KORNTEX kxrlj","pt":"Kaunas rain jacket casaco de chuva KORNTEX kxrlj","da":"Kaunas rain jacket regnjakke KORNTEX kxrlj","pl":"Kaunas rain jacket kurtka przeciwdeszczowa KORNTEX kxrlj"},"description":{"fr":"La Kaunas rain Jacket est une veste pluie avec fermeture zipp\u00e9e sous rabat temp\u00eate, deux poches dissimul\u00e9es \u00e0 entr\u00e9e lat\u00e9rale zipp\u00e9e, une poche poitrine \u00e0 bande auto-agrippante et une capuche qui se range dans le col. Un acc\u00e8s poitrine et dos est pr\u00e9vu.\n\n- Composition : 100 % polyester oxford\n- Doublure int\u00e9rieure : polyester filet\n- 2 poches lat\u00e9rales dissimul\u00e9es zipp\u00e9es\n- Capuche rang\u00e9e dans le col","en":"The Kaunas rain jacket is a rain jacket with a zip fastening under a storm flap, two concealed zipped side-entry pockets, a chest pocket with hook-and-loop fastening, and a hood that stores in the collar. Chest and back access is included.\n\n- Composition: 100% Oxford polyester\n- Inner lining: polyester mesh\n- 2 concealed zipped side pockets\n- Hood stored in the collar","de":"Die Kaunas rain jacket ist eine Regenjacke mit Rei\u00dfverschluss unter Windschutzleiste, zwei verdeckten seitlichen Rei\u00dfverschlusstaschen, einer Brusttasche mit Klettband und einer im Kragen verstaubaren Kapuze. Ein Zugang an Brust und R\u00fccken ist vorgesehen.\n\n- Material: 100 % Oxford-Polyester\n- Innenfutter: Polyester-Netz\n- 2 verdeckte seitliche Rei\u00dfverschlusstaschen\n- Im Kragen verstaubare Kapuze","nl":"De Kaunas rain jacket is een regenjas met ritssluiting onder stormflap, twee verborgen zijzakken met rits, een borstzak met klittenbandsluiting en een capuchon die in de kraag kan worden opgeborgen. Er is toegang voorzien op de borst en de rug.\n\n- Samenstelling: 100% polyester oxford\n- Binnenvoering: polyester mesh\n- 2 verborgen zijzakken met rits\n- Capuchon opgeborgen in de kraag","es":"La Kaunas rain jacket es una chaqueta de lluvia con cierre de cremallera bajo tapeta cortaviento, dos bolsillos ocultos con entrada lateral y cremallera, un bolsillo en el pecho con banda autoadherente y una capucha que se guarda en el cuello. Se ha previsto un acceso en el pecho y la espalda.\n\n- Composici\u00f3n: 100 % poli\u00e9ster oxford\n- Forro interior: malla de poli\u00e9ster\n- 2 bolsillos laterales ocultos con cremallera\n- Capucha guardada en el cuello","it":"La Kaunas rain jacket \u00e8 una giacca antipioggia con chiusura con zip sotto patta antivento, due tasche nascoste con ingresso laterale con zip, una tasca sul petto con banda a strappo e un cappuccio che si ripone nel colletto. \u00c8 previsto un accesso sul petto e sulla schiena.\n\n- Composizione: 100% poliestere oxford\n- Fodera interna: rete di poliestere\n- 2 tasche laterali nascoste con zip\n- Cappuccio riposto nel colletto","sv":"Kaunas rain jacket \u00e4r en regnjacka med dragkedja under stormsl\u00e5, tv\u00e5 dolda sidfickor med dragkedja, en br\u00f6stficka med kardborreband och en huva som f\u00f6rvaras i kragen. \u00c5tkomst vid br\u00f6st och rygg finns.\n\n- Material: 100 % polyester oxford\n- Innerfoder: polyestern\u00e4t\n- 2 dolda sidfickor med dragkedja\n- Huva f\u00f6rvarad i kragen","pt":"A Kaunas rain jacket \u00e9 um casaco de chuva com fecho de correr sob pala antitempestade, dois bolsos ocultos com entrada lateral e fecho, um bolso no peito com banda autoaderente e um capuz que se guarda na gola. Est\u00e1 previsto um acesso no peito e nas costas.\n\n- Composi\u00e7\u00e3o: 100 % poli\u00e9ster oxford\n- Forro interior: malha de poli\u00e9ster\n- 2 bolsos laterais ocultos com fecho\n- Capuz guardado na gola","da":"Kaunas rain Jacket er en regnjakke med lynl\u00e5slukning under stormklap, to skjulte sidelommer med lynl\u00e5s, en brystlomme med burrelukning og en h\u00e6tte, der kan gemmes i kraven. Der er adgang ved bryst og ryg.\n\n- Sammens\u00e6tning: 100 % polyester oxford\n- Indvendigt for: polyester mesh\n- 2 skjulte sidelommer med lynl\u00e5s\n- H\u00e6tte gemt i kraven","pl":"Kaunas rain jacket to kurtka przeciwdeszczowa z zamkiem b\u0142yskawicznym pod listw\u0105 przeciwwiatrow\u0105, dwiema ukrytymi kieszeniami bocznymi zapinanymi na zamek, kieszeni\u0105 na piersi z ta\u015bm\u0105 samoprzylepn\u0105 oraz kapturem chowanym w ko\u0142nierzu. Przewidziano dost\u0119p na piersi i plecach.\n\n- Sk\u0142ad: 100 % poliester oxford\n- Podszewka wewn\u0119trzna: siatka poliestrowa\n- 2 ukryte kieszenie boczne na zamek\n- Kaptur schowany w ko\u0142nierzu"},"h1":{"fr":"Kaunas rain jacket veste pluie kxrlj","en":"Kaunas rain jacket kxrlj","de":"Kaunas rain jacket Regenjacke kxrlj","nl":"Kaunas rain jacket regenjas kxrlj","es":"Kaunas rain jacket chaqueta de lluvia kxrlj","it":"Kaunas rain jacket giacca antipioggia kxrlj","sv":"Kaunas rain jacket regnjacka kxrlj","pt":"Kaunas rain jacket casaco de chuva kxrlj","da":"Kaunas rain jacket regnjakke kxrlj","pl":"Kaunas rain jacket kurtka przeciwdeszczowa kxrlj"},"meta_description":{"fr":"Kaunas rain Jacket veste pluie kxrlj avec fermeture zipp\u00e9e sous rabat, capuche rang\u00e9e dans le col, poches lat\u00e9rales zipp\u00e9es et poche poitrine.","en":"Kaunas rain jacket kxrlj with zip fastening under storm flap, hood stored in the collar, zipped side pockets and chest pocket.","de":"Kaunas rain jacket Regenjacke kxrlj mit Rei\u00dfverschluss unter Windschutzleiste, im Kragen verstaubarer Kapuze, seitlichen Rei\u00dfverschlusstaschen und Brusttasche.","nl":"Kaunas rain jacket regenjas kxrlj met ritssluiting onder stormflap, capuchon opgeborgen in de kraag, zijzakken met rits en borstzak.","es":"Kaunas rain jacket chaqueta de lluvia kxrlj con cierre de cremallera bajo tapeta, capucha guardada en el cuello, bolsillos laterales con cremallera y bolsillo en el pecho.","it":"Kaunas rain jacket giacca antipioggia kxrlj con chiusura con zip sotto patta, cappuccio riposto nel colletto, tasche laterali con zip e tasca sul petto.","sv":"Kaunas rain jacket regnjacka kxrlj med dragkedja under knappsl\u00e5, huva f\u00f6rvarad i kragen, sidfickor med dragkedja och br\u00f6stficka.","pt":"Kaunas rain jacket casaco de chuva kxrlj com fecho de correr sob pala, capuz guardado na gola, bolsos laterais com fecho e bolso no peito.","da":"Kaunas rain Jacket regnjakke kxrlj med lynl\u00e5slukning under stolpelukning, h\u00e6tte gemt i kraven, sidelommer med lynl\u00e5s og brystlomme.","pl":"Kaunas rain jacket kurtka przeciwdeszczowa kxrlj z zamkiem b\u0142yskawicznym pod listw\u0105, kapturem schowanym w ko\u0142nierzu, bocznymi kieszeniami na zamek i kieszeni\u0105 na piersi."}},"custom":{"title":{"fr":"Kaunas veste pluie parka KORNTEX kxrlj personnalisable","en":"Kaunas rain parka jacket KORNTEX kxrlj customizable","de":"Kaunas Regenparka KORNTEX kxrlj personalisierbar","nl":"Kaunas regenparka KORNTEX kxrlj personaliseerbaar","es":"Kaunas chaqueta de lluvia parka KORNTEX kxrlj personalizable","it":"Kaunas parka antipioggia KORNTEX kxrlj personalizzabile","sv":"Kaunas regnjacka parka KORNTEX kxrlj anpassningsbar","pt":"Kaunas parka imperme\u00e1vel KORNTEX kxrlj personaliz\u00e1vel","da":"Kaunas regnparka KORNTEX kxrlj kan tilpasses","pl":"Kaunas kurtka przeciwdeszczowa parka KORNTEX kxrlj z mo\u017cliwo\u015bci\u0105 personalizacji"},"description":{"fr":"La Kaunas Veste Pluie est une parka de pluie avec fermeture zipp\u00e9e sous rabat temp\u00eate, capuche rangeable dans le col, poches dissimul\u00e9es \u00e0 entr\u00e9e lat\u00e9rale et poche poitrine \u00e0 bande auto-agrippante. Un acc\u00e8s marquage poitrine et dos permet la personnalisation. Convient pour un usage ext\u00e9rieur n\u00e9cessitant visibilit\u00e9 et protection contre la pluie.\n\n- Composition : 100 % polyester oxford\n- Doublure : int\u00e9rieur polyester filet\n- Capuche rangeable dans le col\n- Personnalisation : acc\u00e8s marquage poitrine et dos","en":"The Kaunas Rain Jacket is a rain parka with a zip closure under a storm flap, a hood stowable in the collar, concealed side-entry pockets, and a chest pocket with hook-and-loop fastening. Chest and back branding access allows customization. Suitable for outdoor use requiring visibility and protection against rain.\n\n- Composition: 100% oxford polyester\n- Lining: polyester mesh interior\n- Hood stowable in the collar\n- Customization: chest and back branding access","de":"Die Kaunas Regenjacke ist ein Regenparka mit Rei\u00dfverschluss unter Sturmklappe, im Kragen verstaubarer Kapuze, verdeckten Seiteneingrifftaschen und Brusttasche mit Klettverschluss. Ein Veredelungszugang an Brust und R\u00fccken erm\u00f6glicht die Personalisierung. Geeignet f\u00fcr den Au\u00dfeneinsatz, bei dem Sichtbarkeit und Schutz vor Regen erforderlich sind.\n\n- Material: 100 % Oxford-Polyester\n- Futter: Polyester-Netzfutter innen\n- Im Kragen verstaubare Kapuze\n- Personalisierung: Veredelungszugang an Brust und R\u00fccken","nl":"De Kaunas regenjas is een regenparka met ritssluiting onder stormflap, capuchon opbergbaar in de kraag, verborgen zakken met zij-ingang en borstzak met klittenbandstrook. Een toegang voor bedrukking op borst en rug maakt personalisatie mogelijk. Geschikt voor buitengebruik waarbij zichtbaarheid en bescherming tegen regen vereist zijn.\n\n- Samenstelling: 100% oxford polyester\n- Voering: polyester mesh aan de binnenkant\n- Capuchon opbergbaar in de kraag\n- Personalisatie: toegang voor bedrukking op borst en rug","es":"La Kaunas Chaqueta de Lluvia es una parka de lluvia con cierre de cremallera bajo tapeta cortaviento, capucha guardable en el cuello, bolsillos ocultos con entrada lateral y bolsillo en el pecho con banda autoadherente. Un acceso de marcaje en el pecho y la espalda permite la personalizaci\u00f3n. Adecuada para uso exterior que requiere visibilidad y protecci\u00f3n contra la lluvia.\n\n- Composici\u00f3n: 100 % poli\u00e9ster oxford\n- Forro: interior de poli\u00e9ster de malla\n- Capucha guardable en el cuello\n- Personalizaci\u00f3n: acceso de marcaje en pecho y espalda","it":"La Kaunas Veste Pluie \u00e8 una parka antipioggia con chiusura a zip sotto patta antivento, cappuccio riponibile nel colletto, tasche nascoste con ingresso laterale e tasca sul petto con banda a strappo. Un accesso per marcatura su petto e schiena consente la personalizzazione. Adatta per un utilizzo esterno che richiede visibilit\u00e0 e protezione dalla pioggia.\n\n- Composizione: 100% poliestere oxford\n- Fodera: interno in rete di poliestere\n- Cappuccio riponibile nel colletto\n- Personalizzazione: accesso per marcatura su petto e schiena","sv":"Kaunas regnjacka \u00e4r en regnparka med dragkedjest\u00e4ngning under stormsl\u00e5, huva som kan f\u00f6rvaras i kragen, dolda fickor med sido\u00f6ppning och br\u00f6stficka med kardborreband. M\u00e4rknings\u00e5tkomst p\u00e5 br\u00f6st och rygg m\u00f6jligg\u00f6r anpassning. L\u00e4mplig f\u00f6r utomhusbruk som kr\u00e4ver synlighet och skydd mot regn.\n\n- Sammans\u00e4ttning: 100 % polyester oxford\n- Foder: insida i polyestern\u00e4t\n- Huva som kan f\u00f6rvaras i kragen\n- Anpassning: m\u00e4rknings\u00e5tkomst p\u00e5 br\u00f6st och rygg","pt":"A Kaunas Veste Pluie \u00e9 uma parka imperme\u00e1vel com fecho sob pala anti-tempestade, capuz guard\u00e1vel na gola, bolsos ocultos com entrada lateral e bolso no peito com banda autoaderente. Um acesso para marca\u00e7\u00e3o no peito e nas costas permite a personaliza\u00e7\u00e3o. Adequada para uso exterior que exija visibilidade e prote\u00e7\u00e3o contra a chuva.\n\n- Composi\u00e7\u00e3o: 100 % poli\u00e9ster oxford\n- Forro: interior em malha de poli\u00e9ster\n- Capuz guard\u00e1vel na gola\n- Personaliza\u00e7\u00e3o: acesso para marca\u00e7\u00e3o no peito e nas costas","da":"Kaunas regnjakke er en regnparka med lynl\u00e5slukning under stormklap, h\u00e6tte der kan gemmes i kraven, skjulte lommer med side\u00e5bning og brystlomme med burreb\u00e5nd. Adgang til tryk p\u00e5 bryst og ryg muligg\u00f8r tilpasning. Egnet til udend\u00f8rs brug, der kr\u00e6ver synlighed og beskyttelse mod regn.\n\n- Sammens\u00e6tning: 100 % polyester oxford\n- For: polyester mesh indvendigt\n- H\u00e6tte der kan gemmes i kraven\n- Tilpasning: adgang til tryk p\u00e5 bryst og ryg","pl":"Kaunas Rain Jacket to przeciwdeszczowa parka z zamkiem b\u0142yskawicznym pod listw\u0105 przeciwwiatrow\u0105, kapturem chowanym w ko\u0142nierzu, ukrytymi kieszeniami z bocznym wej\u015bciem oraz kieszeni\u0105 na piersi z ta\u015bm\u0105 samoprzylepn\u0105. Dost\u0119p do znakowania na piersi i plecach umo\u017cliwia personalizacj\u0119. Odpowiednia do u\u017cytku na zewn\u0105trz, gdy wymagana jest widoczno\u015b\u0107 i ochrona przed deszczem.\n\n- Sk\u0142ad: 100 % poliester oxford\n- Podszewka: wn\u0119trze z siatki poliestrowej\n- Kaptur chowany w ko\u0142nierzu\n- Personalizacja: dost\u0119p do znakowania na piersi i plecach"},"h1":{"fr":"Kaunas veste pluie parka kxrlj personnalisable","en":"Kaunas rain parka jacket kxrlj customizable","de":"Kaunas Regenparka kxrlj personalisierbar","nl":"Kaunas regenparka kxrlj personaliseerbaar","es":"Kaunas chaqueta de lluvia parka kxrlj personalizable","it":"Kaunas parka antipioggia kxrlj personalizzabile","sv":"Kaunas regnjacka parka kxrlj anpassningsbar","pt":"Kaunas parka imperme\u00e1vel kxrlj personaliz\u00e1vel","da":"Kaunas regnparka kxrlj kan tilpasses","pl":"Kaunas kurtka przeciwdeszczowa parka kxrlj z mo\u017cliwo\u015bci\u0105 personalizacji"},"meta_description":{"fr":"Kaunas veste pluie parka avec capuche int\u00e9gr\u00e9e au col, poches zipp\u00e9es, poche poitrine et acc\u00e8s marquage poitrine dos. Personnalisation possible.","en":"Kaunas rain parka jacket with hood integrated into the collar, zip pockets, chest pocket and chest and back branding access. Customization possible.","de":"Kaunas Regenparka mit im Kragen integrierter Kapuze, Rei\u00dfverschlusstaschen, Brusttasche und Veredelungszugang an Brust und R\u00fccken. Personalisierung m\u00f6glich.","nl":"Kaunas regenparka met in de kraag ge\u00efntegreerde capuchon, zakken met rits, borstzak en toegang voor bedrukking op borst en rug. Personalisatie mogelijk.","es":"Kaunas chaqueta de lluvia parka con capucha integrada en el cuello, bolsillos con cremallera, bolsillo en el pecho y acceso de marcaje en pecho y espalda. Personalizaci\u00f3n posible.","it":"Kaunas parka antipioggia con cappuccio integrato nel colletto, tasche con zip, tasca sul petto e accesso per marcatura su petto e schiena. Personalizzazione possibile.","sv":"Kaunas regnjacka parka med huva integrerad i kragen, fickor med dragkedja, br\u00f6stficka och m\u00e4rknings\u00e5tkomst p\u00e5 br\u00f6st och rygg. Anpassning m\u00f6jlig.","pt":"Kaunas parka imperme\u00e1vel com capuz integrado na gola, bolsos com fecho, bolso no peito e acesso para marca\u00e7\u00e3o no peito e nas costas. Personaliza\u00e7\u00e3o poss\u00edvel.","da":"Kaunas regnparka med h\u00e6tte integreret i kraven, lynl\u00e5slommer, brystlomme og adgang til tryk p\u00e5 bryst og ryg. Tilpasning mulig.","pl":"Kaunas kurtka przeciwdeszczowa parka z kapturem zintegrowanym z ko\u0142nierzem, kieszeniami na zamek, kieszeni\u0105 na piersi i dost\u0119pem do znakowania na piersi oraz plecach. Mo\u017cliwo\u015b\u0107 personalizacji."}}},"categories":[{"id":301,"name":"Parkas et blousons","singular":"Parka et blouson","is_feminin":false},{"id":329,"name":"Vestes et gilets de s\u00e9curit\u00e9","singular":"Veste et gilet de s\u00e9curit\u00e9","is_feminin":false},{"id":561,"name":"BTP et Industrie","singular":"BTP et Industrie","is_feminin":false},{"id":572,"name":"Textiles r\u00e9fl\u00e9chissants","singular":"Textile r\u00e9fl\u00e9chissant","is_feminin":false},{"id":13,"name":"Vestes et manteaux","singular":"Veste et manteau","is_feminin":true},{"id":559,"name":"Univers","singular":"Univers","is_feminin":false},{"id":354,"name":"Textile","singular":"Textile","is_feminin":false}],"certifications":[],"videos":{"fr":[],"en":[],"de":[],"nl":[],"es":[],"it":[],"sv":[],"pt":[],"da":[],"pl":[]},"main_images":{"miniature":"https:\/\/media.th4.com\/FQfN3TUzWkL-fx8ioryJFPaEGol6pqY29YprASKwWx8\/pr:80\/aHR0cDovL21lZGlhMi5kZXNpZ25wYXJ0bmVyLmZyL2MvcC1ibGFuay1USC8yMTg5NC53ZWJw?v=1773657916","medium":"https:\/\/media.th4.com\/uZ3MEwxsNk6R5KqKSrgWVfzv8EJ4sqpHU4aExpUuZmE\/pr:550x550greybg\/aHR0cDovL21lZGlhMi5kZXNpZ25wYXJ0bmVyLmZyL2MvcC1ibGFuay1USC8yMTg5NC53ZWJw?v=1773657916","medium_large":"https:\/\/media.th4.com\/GsBcn78nfeeHrLK0PRxeHcgj1pN8yjak8_6v8kp2cg0\/pr:1000x1000greybg\/aHR0cDovL21lZGlhMi5kZXNpZ25wYXJ0bmVyLmZyL2MvcC1ibGFuay1USC8yMTg5NC53ZWJw?v=1773657916","large":"https:\/\/media.th4.com\/gl1HUXcgFZQAKcN4NqPcEYIXUJ5Dw8SpXo_9i0QUqvs\/pr:1920greybg\/aHR0cDovL21lZGlhMi5kZXNpZ25wYXJ0bmVyLmZyL2MvcC1ibGFuay1USC8yMTg5NC53ZWJw?v=1773657916","opengraph":"https:\/\/media.th4.com\/EWF80UvvXnJUZunVYcqciLBlJzw13mOxnLjjh__37jY\/pr:1200x630greybg\/aHR0cDovL21lZGlhMi5kZXNpZ25wYXJ0bmVyLmZyL2MvcC1ibGFuay1USC8yMTg5NC53ZWJw?v=1773657916"},"main_images_customization":{"miniature":"https:\/\/media.th4.com\/DO05zuxmBkG3uEdx02XBmf6uRWsYyl7FNUlXaoTB5Dc\/pr:80\/aHR0cDovL21lZGlhMi5kZXNpZ25wYXJ0bmVyLmZyL2MvcC1jdXN0b20tVEgvMjE4OTQud2VicA?v=1773658030","medium":"https:\/\/media.th4.com\/4JQ31_ptRg5sFCwOIgZd46r3Ie6lW7xb0dyBd3ge64s\/pr:550x550greybg\/aHR0cDovL21lZGlhMi5kZXNpZ25wYXJ0bmVyLmZyL2MvcC1jdXN0b20tVEgvMjE4OTQud2VicA?v=1773658030","medium_large":"https:\/\/media.th4.com\/g8qXHawbgRmyzhPnqQzkFYqLW9oU8qSfwaAMIh6ctc8\/pr:1000x1000greybg\/aHR0cDovL21lZGlhMi5kZXNpZ25wYXJ0bmVyLmZyL2MvcC1jdXN0b20tVEgvMjE4OTQud2VicA?v=1773658030","large":"https:\/\/media.th4.com\/Wer2X-5EZDn5KRMyEa_faHNiuUUilAQ-za8ZZwsWFCg\/pr:1920greybg\/aHR0cDovL21lZGlhMi5kZXNpZ25wYXJ0bmVyLmZyL2MvcC1jdXN0b20tVEgvMjE4OTQud2VicA?v=1773658030","opengraph":"https:\/\/media.th4.com\/CnXpwGy3laMvlAYOd9HcgsEwieucj6DVNkoAWspQ4dI\/pr:1200x630greybg\/aHR0cDovL21lZGlhMi5kZXNpZ25wYXJ0bmVyLmZyL2MvcC1jdXN0b20tVEgvMjE4OTQud2VicA?v=1773658030"},"page_links":{"fr":"\/fr\/p-ko-kxrlj-kaunas-rain-jacket-veste-pluie-kxrlj-21894\/","en":"\/en\/p-ko-kxrlj-kaunas-rain-jacket-kxrlj-21894\/","de":"\/de\/p-ko-kxrlj-kaunas-rain-jacket-regenjacke-kxrlj-21894\/","nl":"\/nl\/p-ko-kxrlj-kaunas-rain-jacket-regenjas-kxrlj-21894\/","es":"\/es\/p-ko-kxrlj-kaunas-rain-jacket-chaqueta-de-lluvia-kxrlj-21894\/","it":"\/it\/p-ko-kxrlj-kaunas-rain-jacket-giacca-antipioggia-kxrlj-21894\/","sv":"\/sv\/p-ko-kxrlj-kaunas-rain-jacket-regnjacka-kxrlj-21894\/","pt":"\/pt\/p-ko-kxrlj-kaunas-rain-jacket-casaco-de-chuva-kxrlj-21894\/","da":"\/da\/p-ko-kxrlj-kaunas-rain-jacket-regnjakke-kxrlj-21894\/","pl":"\/pl\/p-ko-kxrlj-kaunas-rain-jacket-kurtka-przeciwdeszczowa-kxrlj-21894\/"},"page_links_customization":{"fr":"\/fr\/p-ko-kxrlj-kaunas-veste-pluie-parka-kxrlj-personnalisable-21894\/custom\/","en":"\/en\/p-ko-kxrlj-kaunas-rain-parka-jacket-kxrlj-customizable-21894\/custom\/","de":"\/de\/p-ko-kxrlj-kaunas-regenparka-kxrlj-personalisierbar-21894\/custom\/","nl":"\/nl\/p-ko-kxrlj-kaunas-regenparka-kxrlj-personaliseerbaar-21894\/custom\/","es":"\/es\/p-ko-kxrlj-kaunas-chaqueta-de-lluvia-parka-kxrlj-personalizable-21894\/custom\/","it":"\/it\/p-ko-kxrlj-kaunas-parka-antipioggia-kxrlj-personalizzabile-21894\/custom\/","sv":"\/sv\/p-ko-kxrlj-kaunas-regnjacka-parka-kxrlj-anpassningsbar-21894\/custom\/","pt":"\/pt\/p-ko-kxrlj-kaunas-parka-impermeavel-kxrlj-personalizavel-21894\/custom\/","da":"\/da\/p-ko-kxrlj-kaunas-regnparka-kxrlj-kan-tilpasses-21894\/custom\/","pl":"\/pl\/p-ko-kxrlj-kaunas-kurtka-przeciwdeszczowa-parka-kxrlj-z-mozliwoscia-personalizacji-21894\/custom\/"},"equivalent_products":[],"colors":[{"id":12728,"name":"signal_orange","class_ids":[13,9],"codes_hexa":["FF7247"],"delai_24":false,"has_3d":false,"seuil_global":0,"stock_local":0,"stock_global":117,"on_standby":false,"in_catalog":true,"images":{"miniature":["https:\/\/media.th4.com\/A-2iPp25EUWdQquQq3ncfRkKAt1SgNkGYFYKqvAmOhc\/pr:80\/aHR0cDovL21lZGlhMi5kZXNpZ25wYXJ0bmVyLmZyL2MvcC8yMTg5NC8yMTg5NC0xMjcyOC0xLndlYnA?v=1773657103","https:\/\/media.th4.com\/5TSYpbbljLvJUd_JQn7e3Ez1MRZJyUcZGbWzeYaf-L0\/pr:80\/aHR0cDovL21lZGlhMi5kZXNpZ25wYXJ0bmVyLmZyL2MvcC8yMTg5NC8yMTg5NC0xMjcyOC0yLndlYnA?v=1773657103"],"medium":["https:\/\/media.th4.com\/IJXuKbI81VcueHOoF9lZMQjDICshA_PsP0t547x977Q\/pr:550x550\/aHR0cDovL21lZGlhMi5kZXNpZ25wYXJ0bmVyLmZyL2MvcC8yMTg5NC8yMTg5NC0xMjcyOC0xLndlYnA?v=1773657103","https:\/\/media.th4.com\/tpGG0VQC_w-YaScjZTt_ewiuCtWBfpSfMi_uIDnzhCs\/pr:550x550\/aHR0cDovL21lZGlhMi5kZXNpZ25wYXJ0bmVyLmZyL2MvcC8yMTg5NC8yMTg5NC0xMjcyOC0yLndlYnA?v=1773657103"],"medium_large":["https:\/\/media.th4.com\/HbKKE5mOgFzJjGe3LjUtAikyyogPQ9ZEIRiTblouheY\/pr:1000x1000\/aHR0cDovL21lZGlhMi5kZXNpZ25wYXJ0bmVyLmZyL2MvcC8yMTg5NC8yMTg5NC0xMjcyOC0xLndlYnA?v=1773657103","https:\/\/media.th4.com\/T3pbJqxvh7qEocJ60bSwR9AjVD-eRwMiTh1JztPXsdc\/pr:1000x1000\/aHR0cDovL21lZGlhMi5kZXNpZ25wYXJ0bmVyLmZyL2MvcC8yMTg5NC8yMTg5NC0xMjcyOC0yLndlYnA?v=1773657103"],"large":["https:\/\/media.th4.com\/xmDZ_IcsKj6WKtgkAGka6IB-rKRSkxU_DAIqfE2q1wQ\/pr:1920\/aHR0cDovL21lZGlhMi5kZXNpZ25wYXJ0bmVyLmZyL2MvcC8yMTg5NC8yMTg5NC0xMjcyOC0xLndlYnA?v=1773657103","https:\/\/media.th4.com\/u0iJq95O--IJ2MrRMY3PNiWMSnr7NIC7oT3hmWG-PLw\/pr:1920\/aHR0cDovL21lZGlhMi5kZXNpZ25wYXJ0bmVyLmZyL2MvcC8yMTg5NC8yMTg5NC0xMjcyOC0yLndlYnA?v=1773657103"],"opengraph":["https:\/\/media.th4.com\/zPxWVoRZYfUpwJ7yI6Xr3hjk59qLJNCo8pEHu9lt3f0\/pr:1200x630\/aHR0cDovL21lZGlhMi5kZXNpZ25wYXJ0bmVyLmZyL2MvcC8yMTg5NC8yMTg5NC0xMjcyOC0xLndlYnA?v=1773657103","https:\/\/media.th4.com\/QYI1CiU9D9a9d_Ox5_iwrxaXx5VP8fAQ6I8FlTsseqw\/pr:1200x630\/aHR0cDovL21lZGlhMi5kZXNpZ25wYXJ0bmVyLmZyL2MvcC8yMTg5NC8yMTg5NC0xMjcyOC0yLndlYnA?v=1773657103"]},"images_customization":{"miniature":["https:\/\/media.th4.com\/A-2iPp25EUWdQquQq3ncfRkKAt1SgNkGYFYKqvAmOhc\/pr:80\/aHR0cDovL21lZGlhMi5kZXNpZ25wYXJ0bmVyLmZyL2MvcC8yMTg5NC8yMTg5NC0xMjcyOC0xLndlYnA?v=1773657103","https:\/\/media.th4.com\/5TSYpbbljLvJUd_JQn7e3Ez1MRZJyUcZGbWzeYaf-L0\/pr:80\/aHR0cDovL21lZGlhMi5kZXNpZ25wYXJ0bmVyLmZyL2MvcC8yMTg5NC8yMTg5NC0xMjcyOC0yLndlYnA?v=1773657103"],"medium":["https:\/\/media.th4.com\/IJXuKbI81VcueHOoF9lZMQjDICshA_PsP0t547x977Q\/pr:550x550\/aHR0cDovL21lZGlhMi5kZXNpZ25wYXJ0bmVyLmZyL2MvcC8yMTg5NC8yMTg5NC0xMjcyOC0xLndlYnA?v=1773657103","https:\/\/media.th4.com\/tpGG0VQC_w-YaScjZTt_ewiuCtWBfpSfMi_uIDnzhCs\/pr:550x550\/aHR0cDovL21lZGlhMi5kZXNpZ25wYXJ0bmVyLmZyL2MvcC8yMTg5NC8yMTg5NC0xMjcyOC0yLndlYnA?v=1773657103"],"medium_large":["https:\/\/media.th4.com\/HbKKE5mOgFzJjGe3LjUtAikyyogPQ9ZEIRiTblouheY\/pr:1000x1000\/aHR0cDovL21lZGlhMi5kZXNpZ25wYXJ0bmVyLmZyL2MvcC8yMTg5NC8yMTg5NC0xMjcyOC0xLndlYnA?v=1773657103","https:\/\/media.th4.com\/T3pbJqxvh7qEocJ60bSwR9AjVD-eRwMiTh1JztPXsdc\/pr:1000x1000\/aHR0cDovL21lZGlhMi5kZXNpZ25wYXJ0bmVyLmZyL2MvcC8yMTg5NC8yMTg5NC0xMjcyOC0yLndlYnA?v=1773657103"],"large":["https:\/\/media.th4.com\/xmDZ_IcsKj6WKtgkAGka6IB-rKRSkxU_DAIqfE2q1wQ\/pr:1920\/aHR0cDovL21lZGlhMi5kZXNpZ25wYXJ0bmVyLmZyL2MvcC8yMTg5NC8yMTg5NC0xMjcyOC0xLndlYnA?v=1773657103","https:\/\/media.th4.com\/u0iJq95O--IJ2MrRMY3PNiWMSnr7NIC7oT3hmWG-PLw\/pr:1920\/aHR0cDovL21lZGlhMi5kZXNpZ25wYXJ0bmVyLmZyL2MvcC8yMTg5NC8yMTg5NC0xMjcyOC0yLndlYnA?v=1773657103"],"opengraph":["https:\/\/media.th4.com\/zPxWVoRZYfUpwJ7yI6Xr3hjk59qLJNCo8pEHu9lt3f0\/pr:1200x630\/aHR0cDovL21lZGlhMi5kZXNpZ25wYXJ0bmVyLmZyL2MvcC8yMTg5NC8yMTg5NC0xMjcyOC0xLndlYnA?v=1773657103","https:\/\/media.th4.com\/QYI1CiU9D9a9d_Ox5_iwrxaXx5VP8fAQ6I8FlTsseqw\/pr:1200x630\/aHR0cDovL21lZGlhMi5kZXNpZ25wYXJ0bmVyLmZyL2MvcC8yMTg5NC8yMTg5NC0xMjcyOC0yLndlYnA?v=1773657103"]},"country_origin":"CN","traceability":{"manufacturing_country_id":61,"weaving_country_id":61,"dyeing_country_id":61},"sizes":[{"id":3,"article_id":540308,"class_id":3,"name":"S","on_standby":false,"stock_local":0,"stock_global":13,"multiple":1,"estimated_date_reassort":null,"is_destocking":false},{"id":2,"article_id":540307,"class_id":4,"name":"M","on_standby":false,"stock_local":0,"stock_global":9,"multiple":1,"estimated_date_reassort":null,"is_destocking":false},{"id":1,"article_id":540306,"class_id":5,"name":"L","on_standby":false,"stock_local":0,"stock_global":17,"multiple":1,"estimated_date_reassort":null,"is_destocking":false},{"id":4,"article_id":540309,"class_id":6,"name":"XL","on_standby":false,"stock_local":0,"stock_global":13,"multiple":1,"estimated_date_reassort":null,"is_destocking":false},{"id":1116,"article_id":540310,"class_id":7,"name":"2XL","on_standby":false,"stock_local":0,"stock_global":22,"multiple":1,"estimated_date_reassort":null,"is_destocking":false},{"id":1081,"article_id":540303,"class_id":8,"name":"3XL","on_standby":false,"stock_local":0,"stock_global":14,"multiple":1,"estimated_date_reassort":null,"is_destocking":false},{"id":16,"article_id":540304,"class_id":9,"name":"4XL","on_standby":false,"stock_local":0,"stock_global":14,"multiple":1,"estimated_date_reassort":null,"is_destocking":false},{"id":168,"article_id":540305,"class_id":10,"name":"5XL","on_standby":false,"stock_local":0,"stock_global":15,"multiple":1,"estimated_date_reassort":null,"is_destocking":false}],"page_links":{"fr":"\/fr\/p-ko-kxrlj-kaunas-rain-jacket-veste-pluie-kxrlj-21894\/signal-orange-12728\/","en":"\/en\/p-ko-kxrlj-kaunas-rain-jacket-kxrlj-21894\/signal-orange-12728\/","de":"\/de\/p-ko-kxrlj-kaunas-rain-jacket-regenjacke-kxrlj-21894\/signal-orange-12728\/","nl":"\/nl\/p-ko-kxrlj-kaunas-rain-jacket-regenjas-kxrlj-21894\/signal-orange-12728\/","es":"\/es\/p-ko-kxrlj-kaunas-rain-jacket-chaqueta-de-lluvia-kxrlj-21894\/signal-orange-12728\/","it":"\/it\/p-ko-kxrlj-kaunas-rain-jacket-giacca-antipioggia-kxrlj-21894\/signal-orange-12728\/","sv":"\/sv\/p-ko-kxrlj-kaunas-rain-jacket-regnjacka-kxrlj-21894\/signal-orange-12728\/","pt":"\/pt\/p-ko-kxrlj-kaunas-rain-jacket-casaco-de-chuva-kxrlj-21894\/signal-orange-12728\/","da":"\/da\/p-ko-kxrlj-kaunas-rain-jacket-regnjakke-kxrlj-21894\/signal-orange-12728\/","pl":"\/pl\/p-ko-kxrlj-kaunas-rain-jacket-kurtka-przeciwdeszczowa-kxrlj-21894\/signal-orange-12728\/"},"page_links_customization":{"fr":"\/fr\/p-ko-kxrlj-kaunas-veste-pluie-parka-kxrlj-personnalisable-21894\/signal-orange-12728\/custom\/","en":"\/en\/p-ko-kxrlj-kaunas-rain-parka-jacket-kxrlj-customizable-21894\/signal-orange-12728\/custom\/","de":"\/de\/p-ko-kxrlj-kaunas-regenparka-kxrlj-personalisierbar-21894\/signal-orange-12728\/custom\/","nl":"\/nl\/p-ko-kxrlj-kaunas-regenparka-kxrlj-personaliseerbaar-21894\/signal-orange-12728\/custom\/","es":"\/es\/p-ko-kxrlj-kaunas-chaqueta-de-lluvia-parka-kxrlj-personalizable-21894\/signal-orange-12728\/custom\/","it":"\/it\/p-ko-kxrlj-kaunas-parka-antipioggia-kxrlj-personalizzabile-21894\/signal-orange-12728\/custom\/","sv":"\/sv\/p-ko-kxrlj-kaunas-regnjacka-parka-kxrlj-anpassningsbar-21894\/signal-orange-12728\/custom\/","pt":"\/pt\/p-ko-kxrlj-kaunas-parka-impermeavel-kxrlj-personalizavel-21894\/signal-orange-12728\/custom\/","da":"\/da\/p-ko-kxrlj-kaunas-regnparka-kxrlj-kan-tilpasses-21894\/signal-orange-12728\/custom\/","pl":"\/pl\/p-ko-kxrlj-kaunas-kurtka-przeciwdeszczowa-parka-kxrlj-z-mozliwoscia-personalizacji-21894\/signal-orange-12728\/custom\/"}},{"id":12729,"name":"signal_yellow","class_ids":[12],"codes_hexa":["EAE549"],"delai_24":false,"has_3d":false,"seuil_global":0,"stock_local":0,"stock_global":105,"on_standby":false,"in_catalog":true,"images":{"miniature":["https:\/\/media.th4.com\/hMz1qpxWdIy7m71awicrClL7DKx08SdHzANnIcg4PYY\/pr:80\/aHR0cDovL21lZGlhMi5kZXNpZ25wYXJ0bmVyLmZyL2MvcC8yMTg5NC8yMTg5NC0xMjcyOS0xLndlYnA?v=1773657104","https:\/\/media.th4.com\/G0TilNzRJKr2CkiLxHfHJOaxLrogXzWg1Gs31OHInfI\/pr:80\/aHR0cDovL21lZGlhMi5kZXNpZ25wYXJ0bmVyLmZyL2MvcC8yMTg5NC8yMTg5NC0xMjcyOS0yLndlYnA?v=1773657104"],"medium":["https:\/\/media.th4.com\/N1Afm28eM77y5gPCpIMfM4l9wJ5B1FzbGVVDcExqNlA\/pr:550x550\/aHR0cDovL21lZGlhMi5kZXNpZ25wYXJ0bmVyLmZyL2MvcC8yMTg5NC8yMTg5NC0xMjcyOS0xLndlYnA?v=1773657104","https:\/\/media.th4.com\/v0FPmY1sxypTe3thtbd3i_Uat217TvLzzYqpxXokr6Y\/pr:550x550\/aHR0cDovL21lZGlhMi5kZXNpZ25wYXJ0bmVyLmZyL2MvcC8yMTg5NC8yMTg5NC0xMjcyOS0yLndlYnA?v=1773657104"],"medium_large":["https:\/\/media.th4.com\/ScuOSQSb5nMy8xxsfM2-rc069JSE0irUT9w9FfmyH4s\/pr:1000x1000\/aHR0cDovL21lZGlhMi5kZXNpZ25wYXJ0bmVyLmZyL2MvcC8yMTg5NC8yMTg5NC0xMjcyOS0xLndlYnA?v=1773657104","https:\/\/media.th4.com\/esakkU-mwhJ1hCb1gMzsbmAGOLGOTze8lslfnjv0PsI\/pr:1000x1000\/aHR0cDovL21lZGlhMi5kZXNpZ25wYXJ0bmVyLmZyL2MvcC8yMTg5NC8yMTg5NC0xMjcyOS0yLndlYnA?v=1773657104"],"large":["https:\/\/media.th4.com\/o07N6HKlZKJXanMDpGoS58zrSzgMf5gjP_ycjsg8TG0\/pr:1920\/aHR0cDovL21lZGlhMi5kZXNpZ25wYXJ0bmVyLmZyL2MvcC8yMTg5NC8yMTg5NC0xMjcyOS0xLndlYnA?v=1773657104","https:\/\/media.th4.com\/rMvrDES_QnagHClY2fCpZQeAPxLBxc8-MQoDJ14dlFM\/pr:1920\/aHR0cDovL21lZGlhMi5kZXNpZ25wYXJ0bmVyLmZyL2MvcC8yMTg5NC8yMTg5NC0xMjcyOS0yLndlYnA?v=1773657104"],"opengraph":["https:\/\/media.th4.com\/lPW5dFU_HKCWYUQ75mr7jlWEsL8Jff1Q1PeBXd2udLQ\/pr:1200x630\/aHR0cDovL21lZGlhMi5kZXNpZ25wYXJ0bmVyLmZyL2MvcC8yMTg5NC8yMTg5NC0xMjcyOS0xLndlYnA?v=1773657104","https:\/\/media.th4.com\/ATEyaLBsgfrj0kYSL6pDK6KoAJyUaGVexDsYdZP4Vj4\/pr:1200x630\/aHR0cDovL21lZGlhMi5kZXNpZ25wYXJ0bmVyLmZyL2MvcC8yMTg5NC8yMTg5NC0xMjcyOS0yLndlYnA?v=1773657104"]},"images_customization":{"miniature":["https:\/\/media.th4.com\/hMz1qpxWdIy7m71awicrClL7DKx08SdHzANnIcg4PYY\/pr:80\/aHR0cDovL21lZGlhMi5kZXNpZ25wYXJ0bmVyLmZyL2MvcC8yMTg5NC8yMTg5NC0xMjcyOS0xLndlYnA?v=1773657104","https:\/\/media.th4.com\/G0TilNzRJKr2CkiLxHfHJOaxLrogXzWg1Gs31OHInfI\/pr:80\/aHR0cDovL21lZGlhMi5kZXNpZ25wYXJ0bmVyLmZyL2MvcC8yMTg5NC8yMTg5NC0xMjcyOS0yLndlYnA?v=1773657104"],"medium":["https:\/\/media.th4.com\/N1Afm28eM77y5gPCpIMfM4l9wJ5B1FzbGVVDcExqNlA\/pr:550x550\/aHR0cDovL21lZGlhMi5kZXNpZ25wYXJ0bmVyLmZyL2MvcC8yMTg5NC8yMTg5NC0xMjcyOS0xLndlYnA?v=1773657104","https:\/\/media.th4.com\/v0FPmY1sxypTe3thtbd3i_Uat217TvLzzYqpxXokr6Y\/pr:550x550\/aHR0cDovL21lZGlhMi5kZXNpZ25wYXJ0bmVyLmZyL2MvcC8yMTg5NC8yMTg5NC0xMjcyOS0yLndlYnA?v=1773657104"],"medium_large":["https:\/\/media.th4.com\/ScuOSQSb5nMy8xxsfM2-rc069JSE0irUT9w9FfmyH4s\/pr:1000x1000\/aHR0cDovL21lZGlhMi5kZXNpZ25wYXJ0bmVyLmZyL2MvcC8yMTg5NC8yMTg5NC0xMjcyOS0xLndlYnA?v=1773657104","https:\/\/media.th4.com\/esakkU-mwhJ1hCb1gMzsbmAGOLGOTze8lslfnjv0PsI\/pr:1000x1000\/aHR0cDovL21lZGlhMi5kZXNpZ25wYXJ0bmVyLmZyL2MvcC8yMTg5NC8yMTg5NC0xMjcyOS0yLndlYnA?v=1773657104"],"large":["https:\/\/media.th4.com\/o07N6HKlZKJXanMDpGoS58zrSzgMf5gjP_ycjsg8TG0\/pr:1920\/aHR0cDovL21lZGlhMi5kZXNpZ25wYXJ0bmVyLmZyL2MvcC8yMTg5NC8yMTg5NC0xMjcyOS0xLndlYnA?v=1773657104","https:\/\/media.th4.com\/rMvrDES_QnagHClY2fCpZQeAPxLBxc8-MQoDJ14dlFM\/pr:1920\/aHR0cDovL21lZGlhMi5kZXNpZ25wYXJ0bmVyLmZyL2MvcC8yMTg5NC8yMTg5NC0xMjcyOS0yLndlYnA?v=1773657104"],"opengraph":["https:\/\/media.th4.com\/lPW5dFU_HKCWYUQ75mr7jlWEsL8Jff1Q1PeBXd2udLQ\/pr:1200x630\/aHR0cDovL21lZGlhMi5kZXNpZ25wYXJ0bmVyLmZyL2MvcC8yMTg5NC8yMTg5NC0xMjcyOS0xLndlYnA?v=1773657104","https:\/\/media.th4.com\/ATEyaLBsgfrj0kYSL6pDK6KoAJyUaGVexDsYdZP4Vj4\/pr:1200x630\/aHR0cDovL21lZGlhMi5kZXNpZ25wYXJ0bmVyLmZyL2MvcC8yMTg5NC8yMTg5NC0xMjcyOS0yLndlYnA?v=1773657104"]},"country_origin":"CN","traceability":{"manufacturing_country_id":61,"weaving_country_id":61,"dyeing_country_id":61},"sizes":[{"id":3,"article_id":540316,"class_id":3,"name":"S","on_standby":false,"stock_local":0,"stock_global":9,"multiple":1,"estimated_date_reassort":null,"is_destocking":false},{"id":2,"article_id":540315,"class_id":4,"name":"M","on_standby":false,"stock_local":0,"stock_global":21,"multiple":1,"estimated_date_reassort":null,"is_destocking":false},{"id":1,"article_id":540314,"class_id":5,"name":"L","on_standby":false,"stock_local":0,"stock_global":9,"multiple":1,"estimated_date_reassort":null,"is_destocking":false},{"id":4,"article_id":540317,"class_id":6,"name":"XL","on_standby":false,"stock_local":0,"stock_global":8,"multiple":1,"estimated_date_reassort":null,"is_destocking":false},{"id":1116,"article_id":540318,"class_id":7,"name":"2XL","on_standby":false,"stock_local":0,"stock_global":9,"multiple":1,"estimated_date_reassort":null,"is_destocking":false},{"id":1081,"article_id":540311,"class_id":8,"name":"3XL","on_standby":false,"stock_local":0,"stock_global":19,"multiple":1,"estimated_date_reassort":null,"is_destocking":false},{"id":16,"article_id":540312,"class_id":9,"name":"4XL","on_standby":false,"stock_local":0,"stock_global":15,"multiple":1,"estimated_date_reassort":null,"is_destocking":false},{"id":168,"article_id":540313,"class_id":10,"name":"5XL","on_standby":false,"stock_local":0,"stock_global":15,"multiple":1,"estimated_date_reassort":null,"is_destocking":false}],"page_links":{"fr":"\/fr\/p-ko-kxrlj-kaunas-rain-jacket-veste-pluie-kxrlj-21894\/signal-yellow-12729\/","en":"\/en\/p-ko-kxrlj-kaunas-rain-jacket-kxrlj-21894\/signal-yellow-12729\/","de":"\/de\/p-ko-kxrlj-kaunas-rain-jacket-regenjacke-kxrlj-21894\/signal-yellow-12729\/","nl":"\/nl\/p-ko-kxrlj-kaunas-rain-jacket-regenjas-kxrlj-21894\/signal-yellow-12729\/","es":"\/es\/p-ko-kxrlj-kaunas-rain-jacket-chaqueta-de-lluvia-kxrlj-21894\/signal-yellow-12729\/","it":"\/it\/p-ko-kxrlj-kaunas-rain-jacket-giacca-antipioggia-kxrlj-21894\/signal-yellow-12729\/","sv":"\/sv\/p-ko-kxrlj-kaunas-rain-jacket-regnjacka-kxrlj-21894\/signal-yellow-12729\/","pt":"\/pt\/p-ko-kxrlj-kaunas-rain-jacket-casaco-de-chuva-kxrlj-21894\/signal-yellow-12729\/","da":"\/da\/p-ko-kxrlj-kaunas-rain-jacket-regnjakke-kxrlj-21894\/signal-yellow-12729\/","pl":"\/pl\/p-ko-kxrlj-kaunas-rain-jacket-kurtka-przeciwdeszczowa-kxrlj-21894\/signal-yellow-12729\/"},"page_links_customization":{"fr":"\/fr\/p-ko-kxrlj-kaunas-veste-pluie-parka-kxrlj-personnalisable-21894\/signal-yellow-12729\/custom\/","en":"\/en\/p-ko-kxrlj-kaunas-rain-parka-jacket-kxrlj-customizable-21894\/signal-yellow-12729\/custom\/","de":"\/de\/p-ko-kxrlj-kaunas-regenparka-kxrlj-personalisierbar-21894\/signal-yellow-12729\/custom\/","nl":"\/nl\/p-ko-kxrlj-kaunas-regenparka-kxrlj-personaliseerbaar-21894\/signal-yellow-12729\/custom\/","es":"\/es\/p-ko-kxrlj-kaunas-chaqueta-de-lluvia-parka-kxrlj-personalizable-21894\/signal-yellow-12729\/custom\/","it":"\/it\/p-ko-kxrlj-kaunas-parka-antipioggia-kxrlj-personalizzabile-21894\/signal-yellow-12729\/custom\/","sv":"\/sv\/p-ko-kxrlj-kaunas-regnjacka-parka-kxrlj-anpassningsbar-21894\/signal-yellow-12729\/custom\/","pt":"\/pt\/p-ko-kxrlj-kaunas-parka-impermeavel-kxrlj-personalizavel-21894\/signal-yellow-12729\/custom\/","da":"\/da\/p-ko-kxrlj-kaunas-regnparka-kxrlj-kan-tilpasses-21894\/signal-yellow-12729\/custom\/","pl":"\/pl\/p-ko-kxrlj-kaunas-kurtka-przeciwdeszczowa-parka-kxrlj-z-mozliwoscia-personalizacji-21894\/signal-yellow-12729\/custom\/"}}],"documentation_link":"\/pdf\/21894.pdf","countries_availables":["AD","AE","AL","AT","BA","BD","BE","BG","BL","CA","CH","CN","CO","CY","CZ","DE","DK","DO","EE","EG","ES","ET","FI","FR","GB","GE","GF","GP","GR","GT","HK","HN","HR","HT","HU","ID","IE","IN","IS","IT","JO","JP","KE","KH","KP","KR","LA","LK","LS","LT","LU","LV","MA","MF","MG","MK","MM","MN","MQ","MT","MX","MY","NC","NI","NL","PF","PH","PK","PL","PM","PT","RE","RO","SE","SG","SI","SK","SV","SY","TH","TN","TR","TW","TZ","US","VN","WF","YT"]},"infos_customization":[],"features":{"authorize_multi_surfaces":true,"display_order_delay_type":true,"promote_surface_display":true,"tarification_franco_offert":true,"enabled_3d_editor":false},"markings":[{"id":0,"nom":"vierge","finition":null,"libelle":null,"code":null,"dpi":null,"finesse_forme_isolee":null,"finesse_forme_non_isolee":null,"hauteur_minimale_texte":null,"inactif":0,"marquage_interne":1,"quantite_min":null,"parent_id":null,"print_on_support":0,"content":"vierge","description":null},{"id":2,"nom":"fonce","finition":"optimale","libelle":"TopQuadri","code":null,"dpi":400,"finesse_forme_isolee":"0.040","finesse_forme_non_isolee":"0.700","hauteur_minimale_texte":2,"inactif":0,"marquage_interne":1,"quantite_min":null,"parent_id":18,"print_on_support":0,"content":"TopQuadri","description":"pour petites et moyennes s\u00e9ries"},{"id":3,"nom":"serigraphie","finition":"serigraphie","libelle":"SeriCoat","code":null,"dpi":400,"finesse_forme_isolee":"0.040","finesse_forme_non_isolee":"0.700","hauteur_minimale_texte":2,"inactif":0,"marquage_interne":1,"quantite_min":15,"parent_id":18,"print_on_support":0,"content":"SeriCoat","description":"pour moyennes et grandes s\u00e9ries"},{"id":4,"nom":"broderie","finition":"broderie","libelle":"Broderie","code":null,"dpi":400,"finesse_forme_isolee":"0.040","finesse_forme_non_isolee":"0.700","hauteur_minimale_texte":3,"inactif":0,"marquage_interne":1,"quantite_min":null,"parent_id":null,"print_on_support":0,"content":"Broderie","description":null},{"id":8,"nom":"theme","finition":null,"libelle":"Th\u00e8me","code":null,"dpi":null,"finesse_forme_isolee":null,"finesse_forme_non_isolee":null,"hauteur_minimale_texte":null,"inactif":0,"marquage_interne":1,"quantite_min":null,"parent_id":null,"print_on_support":0,"content":"Th\u00e8me","description":null},{"id":9,"nom":"sans","finition":null,"libelle":null,"code":null,"dpi":null,"finesse_forme_isolee":null,"finesse_forme_non_isolee":null,"hauteur_minimale_texte":null,"inactif":0,"marquage_interne":1,"quantite_min":null,"parent_id":null,"print_on_support":0,"content":"sans","description":null},{"id":10,"nom":"photo","finition":null,"libelle":"Photo","code":null,"dpi":null,"finesse_forme_isolee":null,"finesse_forme_non_isolee":null,"hauteur_minimale_texte":null,"inactif":0,"marquage_interne":1,"quantite_min":null,"parent_id":null,"print_on_support":0,"content":"Photo","description":null},{"id":14,"nom":"couleur","finition":null,"libelle":"Couleur","code":null,"dpi":null,"finesse_forme_isolee":null,"finesse_forme_non_isolee":null,"hauteur_minimale_texte":null,"inactif":0,"marquage_interne":1,"quantite_min":null,"parent_id":null,"print_on_support":0,"content":"Couleur","description":null},{"id":15,"nom":"sublimation","finition":"sublimation","libelle":"Sublimation","code":null,"dpi":null,"finesse_forme_isolee":"0.000","finesse_forme_non_isolee":"0.000","hauteur_minimale_texte":2,"inactif":0,"marquage_interne":1,"quantite_min":null,"parent_id":null,"print_on_support":0,"content":"Sublimation","description":null},{"id":16,"nom":"topquadri_uv","finition":null,"libelle":"TopQuadri UV","code":null,"dpi":null,"finesse_forme_isolee":"0.020","finesse_forme_non_isolee":"0.700","hauteur_minimale_texte":2,"inactif":0,"marquage_interne":1,"quantite_min":null,"parent_id":null,"print_on_support":1,"content":null,"description":null},{"id":17,"nom":"topquadri_uvp","finition":null,"libelle":"TopQuadri UVP","code":null,"dpi":null,"finesse_forme_isolee":"0.020","finesse_forme_non_isolee":"0.700","hauteur_minimale_texte":2,"inactif":0,"marquage_interne":1,"quantite_min":null,"parent_id":null,"print_on_support":1,"content":null,"description":null},{"id":18,"nom":"quadri","finition":null,"libelle":"Impression","code":null,"dpi":null,"finesse_forme_isolee":null,"finesse_forme_non_isolee":null,"hauteur_minimale_texte":null,"inactif":0,"marquage_interne":1,"quantite_min":null,"parent_id":null,"print_on_support":0,"content":null,"description":null}]}}