{"data":{"product":{"id":21892,"titre":"EOS Winterparka","description":"Parka haute visibilit\u00e9. Prot\u00e8ge de la pluie avec une capuche amovible, imperm\u00e9able \u00e0 8 000 mm. 2 bandes r\u00e9fl\u00e9chissantes de 5 cm de large au corps et sur les manches. Acc\u00e8s personnalisation. 2 poches lat\u00e9rales. Poche poitrine zipp\u00e9e dissimul\u00e9e. Poche int\u00e9rieure. Protection solaire UPF 40 +. Grande zone d'impression. Coupe-vent et hydrofuge. Composition : 100 % polyester oxford 300D.","genre":"mixte","grammage":195,"conditionnement":10,"composition":"polyester,polyester_uniquement","reference":"ko-eosp","reference_visible":"ko-eosp","reference_fabricant":"EOSP","ref_xor":"721857","in_catalog":true,"is_transfer":false,"is_service":false,"on_standby":false,"has_3d":false,"has_size_guide":false,"has_marking":true,"has_vierge":true,"is_cross_sellable":false,"id_picto":28,"filename_3d":null,"brand":{"id":170,"name":"Korntex","logo":"logo-korntex.png","image":"https:\/\/media.th4.com\/cQDqQljenSY7VSYcQdvIaNfOwg9YRdZ-qoOzoO5ebsQ\/pr:brand70x70\/aHR0cDovL21lZGlhMi5kZXNpZ25wYXJ0bmVyLmZyL2MvbS9sb2dvLWtvcm50ZXgucG5n"},"price_infos":{"price_from":69.18,"quantity":25,"color":{"id":25202,"name":"signal_orange\/black"},"size":{"id":1116,"name":"2XL"}},"price_infos_marking":{"price_from":60.38,"quantity":30,"color":{"id":25202,"name":"signal_orange\/black"},"size":{"id":1116,"name":"2XL"},"marking":{"id":2,"name":""},"emplacement":"avant","surface_emplacement_id":1,"surface":"coeur"},"i18n":{"blank":{"title":{"fr":"Eos Winterparka KORNTEX ko-eosp","en":"Eos Winterparka KORNTEX ko-eosp","de":"Eos Winterparka KORNTEX ko-eosp","nl":"Eos Winterparka KORNTEX ko-eosp","es":"Eos Winterparka KORNTEX ko-eosp","it":"Eos Winterparka KORNTEX ko-eosp","sv":"Eos Winterparka KORNTEX ko-eosp","pt":"Eos Winterparka KORNTEX ko-eosp","da":"Eos Winterparka KORNTEX ko-eosp","pl":"Eos Winterparka KORNTEX ko-eosp"},"description":{"fr":"La Eos Winterparka est une parka de visibilit\u00e9 con\u00e7ue pour un usage ext\u00e9rieur par temps humide. Elle dispose d'une capuche amovible, d'une construction coupe-vent et hydrofuge, de poches int\u00e9gr\u00e9es et de bandes r\u00e9fl\u00e9chissantes sur le corps et les manches.\n\n- Composition : 100 % polyester oxford 300D\n- Imperm\u00e9abilit\u00e9 : 8 000 mm\n- Capuche amovible\n- 2 bandes r\u00e9fl\u00e9chissantes de 5 cm","en":"The Eos Winterparka is a high-visibility parka designed for outdoor use in wet weather. It features a removable hood, a windproof and water-repellent construction, integrated pockets, and reflective bands on the body and sleeves.\n\n- Composition: 100% 300D Oxford polyester\n- Waterproof rating: 8,000 mm\n- Removable hood\n- 2 reflective bands of 5 cm","de":"Die Eos Winterparka ist ein Sichtbarkeitsparka f\u00fcr den Au\u00dfeneinsatz bei feuchtem Wetter. Sie verf\u00fcgt \u00fcber eine abnehmbare Kapuze, eine winddichte und wasserabweisende Konstruktion, integrierte Taschen und reflektierende Streifen an K\u00f6rper und \u00c4rmeln.\n\n- Zusammensetzung: 100 % Polyester Oxford 300D\n- Wasserdichtigkeit: 8 000 mm\n- Abnehmbare Kapuze\n- 2 reflektierende Streifen von 5 cm","nl":"De Eos Winterparka is een zichtbaarheidsparka ontworpen voor buitengebruik bij vochtig weer. Deze heeft een afneembare capuchon, een winddichte en waterafstotende constructie, ge\u00efntegreerde zakken en reflecterende banden op de romp en de mouwen.\n\n- Samenstelling: 100 % polyester oxford 300D\n- Waterdichtheid: 8 000 mm\n- Afneembare capuchon\n- 2 reflecterende banden van 5 cm","es":"La Eos Winterparka es una parka de visibilidad dise\u00f1ada para uso exterior en tiempo h\u00famedo. Cuenta con capucha desmontable, confecci\u00f3n cortaviento e hidr\u00f3fuga, bolsillos integrados y bandas reflectantes en el cuerpo y las mangas.\n\n- Composici\u00f3n: 100 % poli\u00e9ster oxford 300D\n- Impermeabilidad: 8 000 mm\n- Capucha desmontable\n- 2 bandas reflectantes de 5 cm","it":"La Eos Winterparka \u00e8 un parka ad alta visibilit\u00e0 progettato per un uso esterno in condizioni di tempo umido. \u00c8 dotato di cappuccio rimovibile, struttura antivento e idrorepellente, tasche integrate e bande riflettenti sul corpo e sulle maniche.\n\n- Composizione: 100 % poliestere oxford 300D\n- Impermeabilit\u00e0: 8 000 mm\n- Cappuccio rimovibile\n- 2 bande riflettenti da 5 cm","sv":"Eos Winterparka \u00e4r en synbarhetsparka utformad f\u00f6r utomhusbruk i v\u00e5tt v\u00e4der. Den har en avtagbar huva, en vindt\u00e4t och vattenavvisande konstruktion, integrerade fickor och reflexband p\u00e5 kroppen och \u00e4rmarna.\n\n- Sammans\u00e4ttning: 100 % polyester oxford 300D\n- Vattent\u00e4thet: 8 000 mm\n- Avtagbar huva\n- 2 reflexband p\u00e5 5 cm","pt":"A Eos Winterparka \u00e9 uma parka de visibilidade concebida para utiliza\u00e7\u00e3o no exterior em tempo h\u00famido. Inclui um capuz remov\u00edvel, uma constru\u00e7\u00e3o corta-vento e hidrorrepelente, bolsos integrados e faixas refletoras no corpo e nas mangas.\n\n- Composi\u00e7\u00e3o: 100 % poli\u00e9ster oxford 300D\n- Impermeabilidade: 8 000 mm\n- Capuz remov\u00edvel\n- 2 faixas refletoras de 5 cm","da":"Eos Winterparka er en synlighedsparka designet til udend\u00f8rs brug i v\u00e5dt vejr. Den har en aftagelig h\u00e6tte, en vindt\u00e6t og vandafvisende konstruktion, integrerede lommer og reflekterende b\u00e5nd p\u00e5 kroppen og \u00e6rmerne.\n\n- Sammens\u00e6tning: 100 % polyester oxford 300D\n- Vandt\u00e6thed: 8 000 mm\n- Aftagelig h\u00e6tte\n- 2 reflekterende b\u00e5nd p\u00e5 5 cm","pl":"Eos Winterparka to parka ostrzegawcza przeznaczona do u\u017cytku na zewn\u0105trz przy wilgotnej pogodzie. Ma odpinany kaptur, konstrukcj\u0119 wiatroszczeln\u0105 i hydrofobow\u0105, zintegrowane kieszenie oraz ta\u015bmy odblaskowe na korpusie i r\u0119kawach.\n\n- Sk\u0142ad: 100 % poliester oxford 300D\n- Wodoodporno\u015b\u0107: 8 000 mm\n- Odpinany kaptur\n- 2 ta\u015bmy odblaskowe o szeroko\u015bci 5 cm"},"h1":{"fr":"Eos Winterparka ko-eosp","en":"Eos Winterparka ko-eosp","de":"Eos Winterparka ko-eosp","nl":"Eos Winterparka ko-eosp","es":"Eos Winterparka ko-eosp","it":"Eos Winterparka ko-eosp","sv":"Eos Winterparka ko-eosp","pt":"Eos Winterparka ko-eosp","da":"Eos Winterparka ko-eosp","pl":"Eos Winterparka ko-eosp"},"meta_description":{"fr":"Eos Winterparka parka eosp avec capuche amovible, imperm\u00e9abilit\u00e9 8 000 mm, bandes r\u00e9fl\u00e9chissantes, poches int\u00e9gr\u00e9es et protection solaire UPF 40+.","en":"Eos Winterparka eosp parka with removable hood, 8,000 mm waterproof rating, reflective bands, integrated pockets, and UPF 40+ sun protection.","de":"Eos Winterparka Parka eosp mit abnehmbarer Kapuze, Wasserdichtigkeit 8 000 mm, reflektierenden Streifen, integrierten Taschen und Sonnenschutz UPF 40+.","nl":"Eos Winterparka parka eosp met afneembare capuchon, waterdichtheid 8 000 mm, reflecterende banden, ge\u00efntegreerde zakken en zonbescherming UPF 40+.","es":"Eos Winterparka parka eosp con capucha desmontable, impermeabilidad de 8 000 mm, bandas reflectantes, bolsillos integrados y protecci\u00f3n solar UPF 40+.","it":"Eos Winterparka parka eosp con cappuccio rimovibile, impermeabilit\u00e0 8 000 mm, bande riflettenti, tasche integrate e protezione solare UPF 40+.","sv":"Eos Winterparka parkas eosp med avtagbar huva, vattent\u00e4thet 8 000 mm, reflexband, integrerade fickor och solskydd UPF 40+.","pt":"Eos Winterparka parka eosp com capuz remov\u00edvel, impermeabilidade de 8 000 mm, faixas refletoras, bolsos integrados e prote\u00e7\u00e3o solar UPF 40+.","da":"Eos Winterparka parka eosp med aftagelig h\u00e6tte, vandt\u00e6thed 8 000 mm, reflekterende b\u00e5nd, integrerede lommer og solbeskyttelse UPF 40+.","pl":"Eos Winterparka parka eosp z odpinanym kapturem, wodoodporno\u015b\u0107 8 000 mm, ta\u015bmy odblaskowe, zintegrowane kieszenie i ochrona przeciws\u0142oneczna UPF 40+."}},"custom":{"title":{"fr":"Eos Winterparka parka blouson KORNTEX eosp personnalisable","en":"Eos Winterparka parka jacket KORNTEX customizable eosp","de":"Eos Winterparka Parka-Jacke KORNTEX eosp personalisierbar","nl":"Eos Winterparka parka jas KORNTEX eosp personaliseerbaar","es":"Eos Winterparka parka chaqueta KORNTEX eosp personalizable","it":"Eos Winterparka parka giubbotto KORNTEX eosp personalizzabile","sv":"Eos Winterparka parkajacka KORNTEX eosp anpassningsbar","pt":"Eos Winterparka parka blus\u00e3o KORNTEX eosp personaliz\u00e1vel","da":"Eos Winterparka parka jakke KORNTEX eosp kan tilpasses","pl":"Eos Winterparka parka kurtka KORNTEX eosp z mo\u017cliwo\u015bci\u0105 personalizacji"},"description":{"fr":"La Eos Winterparka est une parka blouson haute visibilit\u00e9 con\u00e7ue pour un usage ext\u00e9rieur par temps humide et venteux. Elle comprend une capuche amovible, une imperm\u00e9abilit\u00e9 de 8 000 mm, plusieurs poches et un acc\u00e8s de personnalisation. Sa grande zone d'impression facilite le marquage sur le v\u00eatement.\n\n- Composition : 100 % polyester oxford 300D\n- Imperm\u00e9abilit\u00e9 : 8 000 mm\n- Capuche amovible, acc\u00e8s personnalisation\n- 2 poches lat\u00e9rales, 1 int\u00e9rieure","en":"The Eos Winterparka is a high-visibility parka jacket designed for outdoor use in wet and windy weather. It includes a removable hood, an 8,000 mm waterproof rating, multiple pockets and customization access. Its large print area makes garment marking easier.\n\n- Composition: 100% 300D Oxford polyester\n- Waterproof rating: 8,000 mm\n- Removable hood, customization access\n- 2 side pockets, 1 inner pocket","de":"Die Eos Winterparka ist eine Warnschutz-Parka-Jacke f\u00fcr den Au\u00dfeneinsatz bei feuchtem und windigem Wetter. Sie umfasst eine abnehmbare Kapuze, eine Wasserdichtigkeit von 8 000 mm, mehrere Taschen und einen Veredelungszugang. Die gro\u00dfe Druckfl\u00e4che erleichtert die Kennzeichnung auf dem Kleidungsst\u00fcck.\n\n- Zusammensetzung: 100 % Polyester Oxford 300D\n- Wasserdichtigkeit: 8 000 mm\n- Abnehmbare Kapuze, Veredelungszugang\n- 2 Seitentaschen, 1 Innentasche","nl":"De Eos Winterparka is een high-visibility parka jas ontworpen voor buitengebruik bij vochtig en winderig weer. Hij omvat een afneembare capuchon, een waterdichtheid van 8 000 mm, meerdere zakken en een toegang voor personalisatie. De grote bedrukbare zone vergemakkelijkt markering op het kledingstuk.\n\n- Samenstelling: 100 % polyester oxford 300D\n- Waterdichtheid: 8 000 mm\n- Afneembare capuchon, toegang voor personalisatie\n- 2 zijzakken, 1 binnenzak","es":"La Eos Winterparka es una parka chaqueta de alta visibilidad dise\u00f1ada para uso exterior en tiempo h\u00famedo y ventoso. Incluye una capucha desmontable, una impermeabilidad de 8 000 mm, varios bolsillos y un acceso para personalizaci\u00f3n. Su gran zona de impresi\u00f3n facilita el marcaje en la prenda.\n\n- Composici\u00f3n: 100 % poli\u00e9ster oxford 300D\n- Impermeabilidad: 8 000 mm\n- Capucha desmontable, acceso para personalizaci\u00f3n\n- 2 bolsillos laterales, 1 interior","it":"La Eos Winterparka \u00e8 una parka giubbotto ad alta visibilit\u00e0 progettata per un utilizzo esterno con tempo umido e ventoso. Comprende un cappuccio rimovibile, un'impermeabilit\u00e0 di 8 000 mm, pi\u00f9 tasche e un accesso per la personalizzazione. La sua ampia area di stampa facilita la marcatura sul capo.\n\n- Composizione: 100 % poliestere oxford 300D\n- Impermeabilit\u00e0: 8 000 mm\n- Cappuccio rimovibile, accesso per personalizzazione\n- 2 tasche laterali, 1 interna","sv":"Eos Winterparka \u00e4r en parkajacka med h\u00f6g synlighet utformad f\u00f6r utomhusbruk i fuktigt och bl\u00e5sigt v\u00e4der. Den har en avtagbar huva, vattent\u00e4thet p\u00e5 8 000 mm, flera fickor och en \u00e5tkomst f\u00f6r anpassning. Dess stora tryckyta underl\u00e4ttar m\u00e4rkning p\u00e5 plagget.\n\n- Sammans\u00e4ttning: 100 % polyester oxford 300D\n- Vattent\u00e4thet: 8 000 mm\n- Avtagbar huva, \u00e5tkomst f\u00f6r anpassning\n- 2 sidfickor, 1 innerficka","pt":"A Eos Winterparka \u00e9 uma parka blus\u00e3o de alta visibilidade concebida para uso no exterior em tempo h\u00famido e ventoso. Inclui um capuz amov\u00edvel, impermeabilidade de 8 000 mm, v\u00e1rios bolsos e um acesso para personaliza\u00e7\u00e3o. A sua grande \u00e1rea de impress\u00e3o facilita a marca\u00e7\u00e3o na pe\u00e7a de vestu\u00e1rio.\n\n- Composi\u00e7\u00e3o: 100 % poli\u00e9ster oxford 300D\n- Impermeabilidade: 8 000 mm\n- Capuz amov\u00edvel, acesso para personaliza\u00e7\u00e3o\n- 2 bolsos laterais, 1 interior","da":"Eos Winterparka er en parka jakke med h\u00f8j synlighed, designet til udend\u00f8rs brug i fugtigt og bl\u00e6sende vejr. Den har en aftagelig h\u00e6tte, en vandt\u00e6thed p\u00e5 8 000 mm, flere lommer og adgang til tilpasning. Dens store trykzone g\u00f8r m\u00e6rkning p\u00e5 bekl\u00e6dningen lettere.\n\n- Sammens\u00e6tning: 100 % polyester oxford 300D\n- Vandt\u00e6thed: 8 000 mm\n- Aftagelig h\u00e6tte, adgang til tilpasning\n- 2 sidelommer, 1 inderlomme","pl":"Eos Winterparka to parka kurtka o wysokiej widoczno\u015bci przeznaczona do u\u017cytku na zewn\u0105trz w wilgotnych i wietrznych warunkach. Obejmuje odpinany kaptur, wodoodporno\u015b\u0107 8 000 mm, kilka kieszeni oraz dost\u0119p do personalizacji. Du\u017ca strefa nadruku u\u0142atwia znakowanie odzie\u017cy.\n\n- Sk\u0142ad: 100 % poliester oxford 300D\n- Wodoodporno\u015b\u0107: 8 000 mm\n- Odpinany kaptur, dost\u0119p do personalizacji\n- 2 kieszenie boczne, 1 wewn\u0119trzna"},"h1":{"fr":"Eos Winterparka parka blouson eosp personnalisable","en":"Eos Winterparka customizable eosp parka jacket","de":"Eos Winterparka Parka-Jacke eosp personalisierbar","nl":"Eos Winterparka parka jas eosp personaliseerbaar","es":"Eos Winterparka parka chaqueta eosp personalizable","it":"Eos Winterparka parka giubbotto eosp personalizzabile","sv":"Eos Winterparka parkajacka eosp anpassningsbar","pt":"Eos Winterparka parka blus\u00e3o eosp personaliz\u00e1vel","da":"Eos Winterparka parka jakke eosp kan tilpasses","pl":"Eos Winterparka parka kurtka eosp z mo\u017cliwo\u015bci\u0105 personalizacji"},"meta_description":{"fr":"Eos winterparka, parka blouson avec capuche amovible, imperm\u00e9abilit\u00e9 8 000 mm, bandes r\u00e9fl\u00e9chissantes, plusieurs poches et acc\u00e8s personnalisation.","en":"Eos winterparka, parka jacket with removable hood, 8,000 mm waterproof rating, reflective bands, multiple pockets and customization access.","de":"Eos winterparka, Parka-Jacke mit abnehmbarer Kapuze, Wasserdichtigkeit 8 000 mm, reflektierende Streifen, mehrere Taschen und Veredelungszugang.","nl":"Eos winterparka, parka jas met afneembare capuchon, waterdichtheid 8 000 mm, reflecterende banden, meerdere zakken en toegang voor personalisatie.","es":"Eos winterparka, parka chaqueta con capucha desmontable, impermeabilidad 8 000 mm, bandas reflectantes, varios bolsillos y acceso para personalizaci\u00f3n.","it":"Eos winterparka, parka giubbotto con cappuccio rimovibile, impermeabilit\u00e0 8 000 mm, bande riflettenti, pi\u00f9 tasche e accesso per personalizzazione.","sv":"Eos winterparka, parkajacka med avtagbar huva, vattent\u00e4thet 8 000 mm, reflexband, flera fickor och \u00e5tkomst f\u00f6r anpassning.","pt":"Eos winterparka, parka blus\u00e3o com capuz amov\u00edvel, impermeabilidade de 8 000 mm, faixas refletoras, v\u00e1rios bolsos e acesso para personaliza\u00e7\u00e3o.","da":"Eos winterparka, parka jakke med aftagelig h\u00e6tte, vandt\u00e6thed 8 000 mm, reflekterende b\u00e5nd, flere lommer og adgang til tilpasning.","pl":"Eos winterparka, parka kurtka z odpinanym kapturem, wodoodporno\u015b\u0107 8 000 mm, paski odblaskowe, kilka kieszeni i dost\u0119p do personalizacji."}}},"categories":[{"id":301,"name":"Parkas et blousons","singular":"Parka et blouson","is_feminin":false},{"id":329,"name":"Vestes et gilets de s\u00e9curit\u00e9","singular":"Veste et gilet de s\u00e9curit\u00e9","is_feminin":false},{"id":561,"name":"BTP et Industrie","singular":"BTP et Industrie","is_feminin":false},{"id":572,"name":"Textiles r\u00e9fl\u00e9chissants","singular":"Textile r\u00e9fl\u00e9chissant","is_feminin":false},{"id":13,"name":"Vestes et manteaux","singular":"Veste et manteau","is_feminin":true},{"id":559,"name":"Univers","singular":"Univers","is_feminin":false},{"id":354,"name":"Textile","singular":"Textile","is_feminin":false}],"certifications":[],"videos":{"fr":[],"en":[],"de":[],"nl":[],"es":[],"it":[],"sv":[],"pt":[],"da":[],"pl":[]},"main_images":{"miniature":"https:\/\/media.th4.com\/ZqEl4r0LTqD1u9OJfQFfH6hD_T8LNmorlAQF35dcPSQ\/pr:80\/aHR0cDovL21lZGlhMi5kZXNpZ25wYXJ0bmVyLmZyL2MvcC1ibGFuay1USC8yMTg5Mi53ZWJw?v=1773657893","medium":"https:\/\/media.th4.com\/1nD3Bq-x00w7ha2Yy0fEr00rLNHUYbYBuC5Syhu4FVU\/pr:550x550greybg\/aHR0cDovL21lZGlhMi5kZXNpZ25wYXJ0bmVyLmZyL2MvcC1ibGFuay1USC8yMTg5Mi53ZWJw?v=1773657893","medium_large":"https:\/\/media.th4.com\/0eZmugStiLocJLPSHGs1sKAlf_OQFmCDieI8ZwfzCAY\/pr:1000x1000greybg\/aHR0cDovL21lZGlhMi5kZXNpZ25wYXJ0bmVyLmZyL2MvcC1ibGFuay1USC8yMTg5Mi53ZWJw?v=1773657893","large":"https:\/\/media.th4.com\/nVD82tvL4orLLCQvnUs28x7K_WN4_EUJko-6mf1i9HU\/pr:1920greybg\/aHR0cDovL21lZGlhMi5kZXNpZ25wYXJ0bmVyLmZyL2MvcC1ibGFuay1USC8yMTg5Mi53ZWJw?v=1773657893","opengraph":"https:\/\/media.th4.com\/A7gDLJUgwPFXGyBGe8CaXzQAJS0QhYYOhSKnqzIXcuU\/pr:1200x630greybg\/aHR0cDovL21lZGlhMi5kZXNpZ25wYXJ0bmVyLmZyL2MvcC1ibGFuay1USC8yMTg5Mi53ZWJw?v=1773657893"},"main_images_customization":{"miniature":"https:\/\/media.th4.com\/ee8qw36rX6FJbnpGIudHOqNb33nB1lXJUweeYglakgY\/pr:80\/aHR0cDovL21lZGlhMi5kZXNpZ25wYXJ0bmVyLmZyL2MvcC1jdXN0b20tVEgvMjE4OTIud2VicA?v=1773658018","medium":"https:\/\/media.th4.com\/i1r9GxMED8NzDAalQfEXtNKvLD-qGSlOc64VTXDljZA\/pr:550x550greybg\/aHR0cDovL21lZGlhMi5kZXNpZ25wYXJ0bmVyLmZyL2MvcC1jdXN0b20tVEgvMjE4OTIud2VicA?v=1773658018","medium_large":"https:\/\/media.th4.com\/8hzlU3VQikJ-2JSkf9ygN2vyqIZLz0FqznYkdwrQAcc\/pr:1000x1000greybg\/aHR0cDovL21lZGlhMi5kZXNpZ25wYXJ0bmVyLmZyL2MvcC1jdXN0b20tVEgvMjE4OTIud2VicA?v=1773658018","large":"https:\/\/media.th4.com\/WKsyl3dD7WCX7yrKJWIhdT17uoJ03aG03FLzZXJJWYM\/pr:1920greybg\/aHR0cDovL21lZGlhMi5kZXNpZ25wYXJ0bmVyLmZyL2MvcC1jdXN0b20tVEgvMjE4OTIud2VicA?v=1773658018","opengraph":"https:\/\/media.th4.com\/n6LouN-7dhQ_34loQ7e51Tl828t51JovEFt3RXxNN5Q\/pr:1200x630greybg\/aHR0cDovL21lZGlhMi5kZXNpZ25wYXJ0bmVyLmZyL2MvcC1jdXN0b20tVEgvMjE4OTIud2VicA?v=1773658018"},"page_links":{"fr":"\/fr\/p-ko-eosp-eos-winterparka-ko-eosp-21892\/","en":"\/en\/p-ko-eosp-eos-winterparka-ko-eosp-21892\/","de":"\/de\/p-ko-eosp-eos-winterparka-ko-eosp-21892\/","nl":"\/nl\/p-ko-eosp-eos-winterparka-ko-eosp-21892\/","es":"\/es\/p-ko-eosp-eos-winterparka-ko-eosp-21892\/","it":"\/it\/p-ko-eosp-eos-winterparka-ko-eosp-21892\/","sv":"\/sv\/p-ko-eosp-eos-winterparka-ko-eosp-21892\/","pt":"\/pt\/p-ko-eosp-eos-winterparka-ko-eosp-21892\/","da":"\/da\/p-ko-eosp-eos-winterparka-ko-eosp-21892\/","pl":"\/pl\/p-ko-eosp-eos-winterparka-ko-eosp-21892\/"},"page_links_customization":{"fr":"\/fr\/p-ko-eosp-eos-winterparka-parka-blouson-eosp-personnalisable-21892\/custom\/","en":"\/en\/p-ko-eosp-eos-winterparka-customizable-eosp-parka-jacket-21892\/custom\/","de":"\/de\/p-ko-eosp-eos-winterparka-parka-jacke-eosp-personalisierbar-21892\/custom\/","nl":"\/nl\/p-ko-eosp-eos-winterparka-parka-jas-eosp-personaliseerbaar-21892\/custom\/","es":"\/es\/p-ko-eosp-eos-winterparka-parka-chaqueta-eosp-personalizable-21892\/custom\/","it":"\/it\/p-ko-eosp-eos-winterparka-parka-giubbotto-eosp-personalizzabile-21892\/custom\/","sv":"\/sv\/p-ko-eosp-eos-winterparka-parkajacka-eosp-anpassningsbar-21892\/custom\/","pt":"\/pt\/p-ko-eosp-eos-winterparka-parka-blusao-eosp-personalizavel-21892\/custom\/","da":"\/da\/p-ko-eosp-eos-winterparka-parka-jakke-eosp-kan-tilpasses-21892\/custom\/","pl":"\/pl\/p-ko-eosp-eos-winterparka-parka-kurtka-eosp-z-mozliwoscia-personalizacji-21892\/custom\/"},"equivalent_products":[],"colors":[{"id":25202,"name":"signal_orange\/black","class_ids":[9,4],"codes_hexa":["FE6325","000000"],"delai_24":false,"has_3d":false,"seuil_global":0,"stock_local":0,"stock_global":153,"on_standby":false,"in_catalog":true,"images":{"miniature":["https:\/\/media.th4.com\/N-jm75J0J9Oel81aCAU72IJLhaf4_7WbinzlOofQlow\/pr:80\/aHR0cDovL21lZGlhMi5kZXNpZ25wYXJ0bmVyLmZyL2MvcC8yMTg5Mi8yMTg5Mi0yNTIwMi0xLndlYnA?v=1773656996"],"medium":["https:\/\/media.th4.com\/rYs6_tGB4wrnDKRbrCFYxaCjmrF32xM9wPRc5PFngmQ\/pr:550x550\/aHR0cDovL21lZGlhMi5kZXNpZ25wYXJ0bmVyLmZyL2MvcC8yMTg5Mi8yMTg5Mi0yNTIwMi0xLndlYnA?v=1773656996"],"medium_large":["https:\/\/media.th4.com\/47fHFMzFF3taDIKwT-CsUJpiFU2jOTV4Wgyvrgcj2LY\/pr:1000x1000\/aHR0cDovL21lZGlhMi5kZXNpZ25wYXJ0bmVyLmZyL2MvcC8yMTg5Mi8yMTg5Mi0yNTIwMi0xLndlYnA?v=1773656996"],"large":["https:\/\/media.th4.com\/jQJaa5_aYm1ObzUU7YLIf4HxQVZ4CKlwIwIg-JyUIgE\/pr:1920\/aHR0cDovL21lZGlhMi5kZXNpZ25wYXJ0bmVyLmZyL2MvcC8yMTg5Mi8yMTg5Mi0yNTIwMi0xLndlYnA?v=1773656996"],"opengraph":["https:\/\/media.th4.com\/wa9gWAYPGqJQplUnBPBZvW_E8mmYCMpKAY_YkwQyBHg\/pr:1200x630\/aHR0cDovL21lZGlhMi5kZXNpZ25wYXJ0bmVyLmZyL2MvcC8yMTg5Mi8yMTg5Mi0yNTIwMi0xLndlYnA?v=1773656996"]},"images_customization":{"miniature":["https:\/\/media.th4.com\/N-jm75J0J9Oel81aCAU72IJLhaf4_7WbinzlOofQlow\/pr:80\/aHR0cDovL21lZGlhMi5kZXNpZ25wYXJ0bmVyLmZyL2MvcC8yMTg5Mi8yMTg5Mi0yNTIwMi0xLndlYnA?v=1773656996"],"medium":["https:\/\/media.th4.com\/rYs6_tGB4wrnDKRbrCFYxaCjmrF32xM9wPRc5PFngmQ\/pr:550x550\/aHR0cDovL21lZGlhMi5kZXNpZ25wYXJ0bmVyLmZyL2MvcC8yMTg5Mi8yMTg5Mi0yNTIwMi0xLndlYnA?v=1773656996"],"medium_large":["https:\/\/media.th4.com\/47fHFMzFF3taDIKwT-CsUJpiFU2jOTV4Wgyvrgcj2LY\/pr:1000x1000\/aHR0cDovL21lZGlhMi5kZXNpZ25wYXJ0bmVyLmZyL2MvcC8yMTg5Mi8yMTg5Mi0yNTIwMi0xLndlYnA?v=1773656996"],"large":["https:\/\/media.th4.com\/jQJaa5_aYm1ObzUU7YLIf4HxQVZ4CKlwIwIg-JyUIgE\/pr:1920\/aHR0cDovL21lZGlhMi5kZXNpZ25wYXJ0bmVyLmZyL2MvcC8yMTg5Mi8yMTg5Mi0yNTIwMi0xLndlYnA?v=1773656996"],"opengraph":["https:\/\/media.th4.com\/wa9gWAYPGqJQplUnBPBZvW_E8mmYCMpKAY_YkwQyBHg\/pr:1200x630\/aHR0cDovL21lZGlhMi5kZXNpZ25wYXJ0bmVyLmZyL2MvcC8yMTg5Mi8yMTg5Mi0yNTIwMi0xLndlYnA?v=1773656996"]},"country_origin":"CN","traceability":{"manufacturing_country_id":61,"weaving_country_id":61,"dyeing_country_id":61},"sizes":[{"id":3,"article_id":540276,"class_id":3,"name":"S","on_standby":false,"stock_local":0,"stock_global":11,"multiple":1,"estimated_date_reassort":null,"is_destocking":false},{"id":2,"article_id":540275,"class_id":4,"name":"M","on_standby":false,"stock_local":0,"stock_global":12,"multiple":1,"estimated_date_reassort":null,"is_destocking":false},{"id":1,"article_id":540274,"class_id":5,"name":"L","on_standby":false,"stock_local":0,"stock_global":15,"multiple":1,"estimated_date_reassort":null,"is_destocking":false},{"id":4,"article_id":540277,"class_id":6,"name":"XL","on_standby":false,"stock_local":0,"stock_global":14,"multiple":1,"estimated_date_reassort":null,"is_destocking":false},{"id":1116,"article_id":540278,"class_id":7,"name":"2XL","on_standby":false,"stock_local":0,"stock_global":36,"multiple":1,"estimated_date_reassort":null,"is_destocking":false},{"id":1081,"article_id":540271,"class_id":8,"name":"3XL","on_standby":false,"stock_local":0,"stock_global":29,"multiple":1,"estimated_date_reassort":null,"is_destocking":false},{"id":16,"article_id":540272,"class_id":9,"name":"4XL","on_standby":false,"stock_local":0,"stock_global":21,"multiple":1,"estimated_date_reassort":null,"is_destocking":false},{"id":168,"article_id":540273,"class_id":10,"name":"5XL","on_standby":false,"stock_local":0,"stock_global":15,"multiple":1,"estimated_date_reassort":null,"is_destocking":false}],"page_links":{"fr":"\/fr\/p-ko-eosp-eos-winterparka-ko-eosp-21892\/signal-orange-black-25202\/","en":"\/en\/p-ko-eosp-eos-winterparka-ko-eosp-21892\/signal-orange-black-25202\/","de":"\/de\/p-ko-eosp-eos-winterparka-ko-eosp-21892\/signal-orange-black-25202\/","nl":"\/nl\/p-ko-eosp-eos-winterparka-ko-eosp-21892\/signal-orange-black-25202\/","es":"\/es\/p-ko-eosp-eos-winterparka-ko-eosp-21892\/signal-orange-black-25202\/","it":"\/it\/p-ko-eosp-eos-winterparka-ko-eosp-21892\/signal-orange-black-25202\/","sv":"\/sv\/p-ko-eosp-eos-winterparka-ko-eosp-21892\/signal-orange-black-25202\/","pt":"\/pt\/p-ko-eosp-eos-winterparka-ko-eosp-21892\/signal-orange-black-25202\/","da":"\/da\/p-ko-eosp-eos-winterparka-ko-eosp-21892\/signal-orange-black-25202\/","pl":"\/pl\/p-ko-eosp-eos-winterparka-ko-eosp-21892\/signal-orange-black-25202\/"},"page_links_customization":{"fr":"\/fr\/p-ko-eosp-eos-winterparka-parka-blouson-eosp-personnalisable-21892\/signal-orange-black-25202\/custom\/","en":"\/en\/p-ko-eosp-eos-winterparka-customizable-eosp-parka-jacket-21892\/signal-orange-black-25202\/custom\/","de":"\/de\/p-ko-eosp-eos-winterparka-parka-jacke-eosp-personalisierbar-21892\/signal-orange-black-25202\/custom\/","nl":"\/nl\/p-ko-eosp-eos-winterparka-parka-jas-eosp-personaliseerbaar-21892\/signal-orange-black-25202\/custom\/","es":"\/es\/p-ko-eosp-eos-winterparka-parka-chaqueta-eosp-personalizable-21892\/signal-orange-black-25202\/custom\/","it":"\/it\/p-ko-eosp-eos-winterparka-parka-giubbotto-eosp-personalizzabile-21892\/signal-orange-black-25202\/custom\/","sv":"\/sv\/p-ko-eosp-eos-winterparka-parkajacka-eosp-anpassningsbar-21892\/signal-orange-black-25202\/custom\/","pt":"\/pt\/p-ko-eosp-eos-winterparka-parka-blusao-eosp-personalizavel-21892\/signal-orange-black-25202\/custom\/","da":"\/da\/p-ko-eosp-eos-winterparka-parka-jakke-eosp-kan-tilpasses-21892\/signal-orange-black-25202\/custom\/","pl":"\/pl\/p-ko-eosp-eos-winterparka-parka-kurtka-eosp-z-mozliwoscia-personalizacji-21892\/signal-orange-black-25202\/custom\/"}},{"id":25197,"name":"signal_yellow\/black","class_ids":[12,4],"codes_hexa":["E3F227","212528"],"delai_24":false,"has_3d":false,"seuil_global":0,"stock_local":0,"stock_global":124,"on_standby":false,"in_catalog":true,"images":{"miniature":["https:\/\/media.th4.com\/HhwvEH5B9paX-KUhLYc3v1du2Jx3ROpVIL2-cIq5X9o\/pr:80\/aHR0cDovL21lZGlhMi5kZXNpZ25wYXJ0bmVyLmZyL2MvcC8yMTg5Mi8yMTg5Mi0yNTE5Ny0xLndlYnA?v=1773656997","https:\/\/media.th4.com\/v7z46A0DLB_xKvtemsxXHrUhxrJ5RLWWcoj9eowkEUM\/pr:80\/aHR0cDovL21lZGlhMi5kZXNpZ25wYXJ0bmVyLmZyL2MvcC8yMTg5Mi8yMTg5Mi0yNTE5Ny0yLndlYnA?v=1773656998"],"medium":["https:\/\/media.th4.com\/F9Y8Ccu0jnPueMu9Ai7FbvtJ4dL0AMWNayF1MCWfmv0\/pr:550x550\/aHR0cDovL21lZGlhMi5kZXNpZ25wYXJ0bmVyLmZyL2MvcC8yMTg5Mi8yMTg5Mi0yNTE5Ny0xLndlYnA?v=1773656997","https:\/\/media.th4.com\/rEQm35CBW2wNhGHLWof4lXit8TUsD2md5_HCGwEc3PQ\/pr:550x550\/aHR0cDovL21lZGlhMi5kZXNpZ25wYXJ0bmVyLmZyL2MvcC8yMTg5Mi8yMTg5Mi0yNTE5Ny0yLndlYnA?v=1773656998"],"medium_large":["https:\/\/media.th4.com\/afOXpZ5TAVwF1g9PkyZNFKI4whyMKGuB-exf0CWsRoQ\/pr:1000x1000\/aHR0cDovL21lZGlhMi5kZXNpZ25wYXJ0bmVyLmZyL2MvcC8yMTg5Mi8yMTg5Mi0yNTE5Ny0xLndlYnA?v=1773656997","https:\/\/media.th4.com\/4yv74mkFxd2yMmtCa15YXnH0HpBu8mchkb-oGVtHKnU\/pr:1000x1000\/aHR0cDovL21lZGlhMi5kZXNpZ25wYXJ0bmVyLmZyL2MvcC8yMTg5Mi8yMTg5Mi0yNTE5Ny0yLndlYnA?v=1773656998"],"large":["https:\/\/media.th4.com\/qoOAzFAIosBTPstv2okzKCmx1_A0MFUAt8f1k3yQ1ys\/pr:1920\/aHR0cDovL21lZGlhMi5kZXNpZ25wYXJ0bmVyLmZyL2MvcC8yMTg5Mi8yMTg5Mi0yNTE5Ny0xLndlYnA?v=1773656997","https:\/\/media.th4.com\/xO4H2iC6GxQoisZXZml_zp3sOmfcjdFnTAlexYugFGY\/pr:1920\/aHR0cDovL21lZGlhMi5kZXNpZ25wYXJ0bmVyLmZyL2MvcC8yMTg5Mi8yMTg5Mi0yNTE5Ny0yLndlYnA?v=1773656998"],"opengraph":["https:\/\/media.th4.com\/ls7nwdeeT3SZ6bu3IJ71jPPakWnFUWSU_u60OkXznIk\/pr:1200x630\/aHR0cDovL21lZGlhMi5kZXNpZ25wYXJ0bmVyLmZyL2MvcC8yMTg5Mi8yMTg5Mi0yNTE5Ny0xLndlYnA?v=1773656997","https:\/\/media.th4.com\/9Kz6oT1dOmTyoPSTJIYa9OrQyqb6fL-DaA0zmQZ9lt8\/pr:1200x630\/aHR0cDovL21lZGlhMi5kZXNpZ25wYXJ0bmVyLmZyL2MvcC8yMTg5Mi8yMTg5Mi0yNTE5Ny0yLndlYnA?v=1773656998"]},"images_customization":{"miniature":["https:\/\/media.th4.com\/HhwvEH5B9paX-KUhLYc3v1du2Jx3ROpVIL2-cIq5X9o\/pr:80\/aHR0cDovL21lZGlhMi5kZXNpZ25wYXJ0bmVyLmZyL2MvcC8yMTg5Mi8yMTg5Mi0yNTE5Ny0xLndlYnA?v=1773656997","https:\/\/media.th4.com\/v7z46A0DLB_xKvtemsxXHrUhxrJ5RLWWcoj9eowkEUM\/pr:80\/aHR0cDovL21lZGlhMi5kZXNpZ25wYXJ0bmVyLmZyL2MvcC8yMTg5Mi8yMTg5Mi0yNTE5Ny0yLndlYnA?v=1773656998"],"medium":["https:\/\/media.th4.com\/F9Y8Ccu0jnPueMu9Ai7FbvtJ4dL0AMWNayF1MCWfmv0\/pr:550x550\/aHR0cDovL21lZGlhMi5kZXNpZ25wYXJ0bmVyLmZyL2MvcC8yMTg5Mi8yMTg5Mi0yNTE5Ny0xLndlYnA?v=1773656997","https:\/\/media.th4.com\/rEQm35CBW2wNhGHLWof4lXit8TUsD2md5_HCGwEc3PQ\/pr:550x550\/aHR0cDovL21lZGlhMi5kZXNpZ25wYXJ0bmVyLmZyL2MvcC8yMTg5Mi8yMTg5Mi0yNTE5Ny0yLndlYnA?v=1773656998"],"medium_large":["https:\/\/media.th4.com\/afOXpZ5TAVwF1g9PkyZNFKI4whyMKGuB-exf0CWsRoQ\/pr:1000x1000\/aHR0cDovL21lZGlhMi5kZXNpZ25wYXJ0bmVyLmZyL2MvcC8yMTg5Mi8yMTg5Mi0yNTE5Ny0xLndlYnA?v=1773656997","https:\/\/media.th4.com\/4yv74mkFxd2yMmtCa15YXnH0HpBu8mchkb-oGVtHKnU\/pr:1000x1000\/aHR0cDovL21lZGlhMi5kZXNpZ25wYXJ0bmVyLmZyL2MvcC8yMTg5Mi8yMTg5Mi0yNTE5Ny0yLndlYnA?v=1773656998"],"large":["https:\/\/media.th4.com\/qoOAzFAIosBTPstv2okzKCmx1_A0MFUAt8f1k3yQ1ys\/pr:1920\/aHR0cDovL21lZGlhMi5kZXNpZ25wYXJ0bmVyLmZyL2MvcC8yMTg5Mi8yMTg5Mi0yNTE5Ny0xLndlYnA?v=1773656997","https:\/\/media.th4.com\/xO4H2iC6GxQoisZXZml_zp3sOmfcjdFnTAlexYugFGY\/pr:1920\/aHR0cDovL21lZGlhMi5kZXNpZ25wYXJ0bmVyLmZyL2MvcC8yMTg5Mi8yMTg5Mi0yNTE5Ny0yLndlYnA?v=1773656998"],"opengraph":["https:\/\/media.th4.com\/ls7nwdeeT3SZ6bu3IJ71jPPakWnFUWSU_u60OkXznIk\/pr:1200x630\/aHR0cDovL21lZGlhMi5kZXNpZ25wYXJ0bmVyLmZyL2MvcC8yMTg5Mi8yMTg5Mi0yNTE5Ny0xLndlYnA?v=1773656997","https:\/\/media.th4.com\/9Kz6oT1dOmTyoPSTJIYa9OrQyqb6fL-DaA0zmQZ9lt8\/pr:1200x630\/aHR0cDovL21lZGlhMi5kZXNpZ25wYXJ0bmVyLmZyL2MvcC8yMTg5Mi8yMTg5Mi0yNTE5Ny0yLndlYnA?v=1773656998"]},"country_origin":"CN","traceability":{"manufacturing_country_id":61,"weaving_country_id":61,"dyeing_country_id":61},"sizes":[{"id":3,"article_id":540284,"class_id":3,"name":"S","on_standby":false,"stock_local":0,"stock_global":5,"multiple":1,"estimated_date_reassort":null,"is_destocking":false},{"id":2,"article_id":540283,"class_id":4,"name":"M","on_standby":false,"stock_local":0,"stock_global":16,"multiple":1,"estimated_date_reassort":null,"is_destocking":false},{"id":1,"article_id":540282,"class_id":5,"name":"L","on_standby":false,"stock_local":0,"stock_global":9,"multiple":1,"estimated_date_reassort":null,"is_destocking":false},{"id":4,"article_id":540285,"class_id":6,"name":"XL","on_standby":false,"stock_local":0,"stock_global":19,"multiple":1,"estimated_date_reassort":null,"is_destocking":false},{"id":1116,"article_id":540286,"class_id":7,"name":"2XL","on_standby":false,"stock_local":0,"stock_global":22,"multiple":1,"estimated_date_reassort":null,"is_destocking":false},{"id":1081,"article_id":540279,"class_id":8,"name":"3XL","on_standby":false,"stock_local":0,"stock_global":22,"multiple":1,"estimated_date_reassort":null,"is_destocking":false},{"id":16,"article_id":540280,"class_id":9,"name":"4XL","on_standby":false,"stock_local":0,"stock_global":19,"multiple":1,"estimated_date_reassort":null,"is_destocking":false},{"id":168,"article_id":540281,"class_id":10,"name":"5XL","on_standby":false,"stock_local":0,"stock_global":12,"multiple":1,"estimated_date_reassort":null,"is_destocking":false}],"page_links":{"fr":"\/fr\/p-ko-eosp-eos-winterparka-ko-eosp-21892\/signal-yellow-black-25197\/","en":"\/en\/p-ko-eosp-eos-winterparka-ko-eosp-21892\/signal-yellow-black-25197\/","de":"\/de\/p-ko-eosp-eos-winterparka-ko-eosp-21892\/signal-yellow-black-25197\/","nl":"\/nl\/p-ko-eosp-eos-winterparka-ko-eosp-21892\/signal-yellow-black-25197\/","es":"\/es\/p-ko-eosp-eos-winterparka-ko-eosp-21892\/signal-yellow-black-25197\/","it":"\/it\/p-ko-eosp-eos-winterparka-ko-eosp-21892\/signal-yellow-black-25197\/","sv":"\/sv\/p-ko-eosp-eos-winterparka-ko-eosp-21892\/signal-yellow-black-25197\/","pt":"\/pt\/p-ko-eosp-eos-winterparka-ko-eosp-21892\/signal-yellow-black-25197\/","da":"\/da\/p-ko-eosp-eos-winterparka-ko-eosp-21892\/signal-yellow-black-25197\/","pl":"\/pl\/p-ko-eosp-eos-winterparka-ko-eosp-21892\/signal-yellow-black-25197\/"},"page_links_customization":{"fr":"\/fr\/p-ko-eosp-eos-winterparka-parka-blouson-eosp-personnalisable-21892\/signal-yellow-black-25197\/custom\/","en":"\/en\/p-ko-eosp-eos-winterparka-customizable-eosp-parka-jacket-21892\/signal-yellow-black-25197\/custom\/","de":"\/de\/p-ko-eosp-eos-winterparka-parka-jacke-eosp-personalisierbar-21892\/signal-yellow-black-25197\/custom\/","nl":"\/nl\/p-ko-eosp-eos-winterparka-parka-jas-eosp-personaliseerbaar-21892\/signal-yellow-black-25197\/custom\/","es":"\/es\/p-ko-eosp-eos-winterparka-parka-chaqueta-eosp-personalizable-21892\/signal-yellow-black-25197\/custom\/","it":"\/it\/p-ko-eosp-eos-winterparka-parka-giubbotto-eosp-personalizzabile-21892\/signal-yellow-black-25197\/custom\/","sv":"\/sv\/p-ko-eosp-eos-winterparka-parkajacka-eosp-anpassningsbar-21892\/signal-yellow-black-25197\/custom\/","pt":"\/pt\/p-ko-eosp-eos-winterparka-parka-blusao-eosp-personalizavel-21892\/signal-yellow-black-25197\/custom\/","da":"\/da\/p-ko-eosp-eos-winterparka-parka-jakke-eosp-kan-tilpasses-21892\/signal-yellow-black-25197\/custom\/","pl":"\/pl\/p-ko-eosp-eos-winterparka-parka-kurtka-eosp-z-mozliwoscia-personalizacji-21892\/signal-yellow-black-25197\/custom\/"}}],"documentation_link":"\/pdf\/21892.pdf","countries_availables":["AD","AE","AL","AT","BA","BD","BE","BG","BL","CA","CH","CN","CO","CY","CZ","DE","DK","DO","EE","EG","ES","ET","FI","FR","GB","GE","GF","GP","GR","GT","HK","HN","HR","HT","HU","ID","IE","IN","IS","IT","JO","JP","KE","KH","KP","KR","LA","LK","LS","LT","LU","LV","MA","MF","MG","MK","MM","MN","MQ","MT","MX","MY","NC","NI","NL","PF","PH","PK","PL","PM","PT","RE","RO","SE","SG","SI","SK","SV","SY","TH","TN","TR","TW","TZ","US","VN","WF","YT"]},"infos_customization":[],"features":{"authorize_multi_surfaces":true,"display_order_delay_type":true,"promote_surface_display":true,"tarification_franco_offert":true,"enabled_3d_editor":false},"markings":[{"id":0,"nom":"vierge","finition":null,"libelle":null,"code":null,"dpi":null,"finesse_forme_isolee":null,"finesse_forme_non_isolee":null,"hauteur_minimale_texte":null,"inactif":0,"marquage_interne":1,"quantite_min":null,"parent_id":null,"print_on_support":0,"content":"vierge","description":null},{"id":2,"nom":"fonce","finition":"optimale","libelle":"TopQuadri","code":null,"dpi":400,"finesse_forme_isolee":"0.040","finesse_forme_non_isolee":"0.700","hauteur_minimale_texte":2,"inactif":0,"marquage_interne":1,"quantite_min":null,"parent_id":18,"print_on_support":0,"content":"TopQuadri","description":"pour petites et moyennes s\u00e9ries"},{"id":3,"nom":"serigraphie","finition":"serigraphie","libelle":"SeriCoat","code":null,"dpi":400,"finesse_forme_isolee":"0.040","finesse_forme_non_isolee":"0.700","hauteur_minimale_texte":2,"inactif":0,"marquage_interne":1,"quantite_min":15,"parent_id":18,"print_on_support":0,"content":"SeriCoat","description":"pour moyennes et grandes s\u00e9ries"},{"id":4,"nom":"broderie","finition":"broderie","libelle":"Broderie","code":null,"dpi":400,"finesse_forme_isolee":"0.040","finesse_forme_non_isolee":"0.700","hauteur_minimale_texte":3,"inactif":0,"marquage_interne":1,"quantite_min":null,"parent_id":null,"print_on_support":0,"content":"Broderie","description":null},{"id":8,"nom":"theme","finition":null,"libelle":"Th\u00e8me","code":null,"dpi":null,"finesse_forme_isolee":null,"finesse_forme_non_isolee":null,"hauteur_minimale_texte":null,"inactif":0,"marquage_interne":1,"quantite_min":null,"parent_id":null,"print_on_support":0,"content":"Th\u00e8me","description":null},{"id":9,"nom":"sans","finition":null,"libelle":null,"code":null,"dpi":null,"finesse_forme_isolee":null,"finesse_forme_non_isolee":null,"hauteur_minimale_texte":null,"inactif":0,"marquage_interne":1,"quantite_min":null,"parent_id":null,"print_on_support":0,"content":"sans","description":null},{"id":10,"nom":"photo","finition":null,"libelle":"Photo","code":null,"dpi":null,"finesse_forme_isolee":null,"finesse_forme_non_isolee":null,"hauteur_minimale_texte":null,"inactif":0,"marquage_interne":1,"quantite_min":null,"parent_id":null,"print_on_support":0,"content":"Photo","description":null},{"id":14,"nom":"couleur","finition":null,"libelle":"Couleur","code":null,"dpi":null,"finesse_forme_isolee":null,"finesse_forme_non_isolee":null,"hauteur_minimale_texte":null,"inactif":0,"marquage_interne":1,"quantite_min":null,"parent_id":null,"print_on_support":0,"content":"Couleur","description":null},{"id":15,"nom":"sublimation","finition":"sublimation","libelle":"Sublimation","code":null,"dpi":null,"finesse_forme_isolee":"0.000","finesse_forme_non_isolee":"0.000","hauteur_minimale_texte":2,"inactif":0,"marquage_interne":1,"quantite_min":null,"parent_id":null,"print_on_support":0,"content":"Sublimation","description":null},{"id":16,"nom":"topquadri_uv","finition":null,"libelle":"TopQuadri UV","code":null,"dpi":null,"finesse_forme_isolee":"0.020","finesse_forme_non_isolee":"0.700","hauteur_minimale_texte":2,"inactif":0,"marquage_interne":1,"quantite_min":null,"parent_id":null,"print_on_support":1,"content":null,"description":null},{"id":17,"nom":"topquadri_uvp","finition":null,"libelle":"TopQuadri UVP","code":null,"dpi":null,"finesse_forme_isolee":"0.020","finesse_forme_non_isolee":"0.700","hauteur_minimale_texte":2,"inactif":0,"marquage_interne":1,"quantite_min":null,"parent_id":null,"print_on_support":1,"content":null,"description":null},{"id":18,"nom":"quadri","finition":null,"libelle":"Impression","code":null,"dpi":null,"finesse_forme_isolee":null,"finesse_forme_non_isolee":null,"hauteur_minimale_texte":null,"inactif":0,"marquage_interne":1,"quantite_min":null,"parent_id":null,"print_on_support":0,"content":null,"description":null}]}}