{"data":{"product":{"id":21891,"titre":"EOS Softshell Jacket","description":"Softshell haute visibilit\u00e9. 2 bandes r\u00e9fl\u00e9chissantes de 5 cm de large au corps et sur les manches. Manches d\u00e9tachables avec un zip. Coupe-vent avec doublure int\u00e9rieure en polaire thermo-isolante. 2 poches lat\u00e9rales, 1 poche poitrine zipp\u00e9e. Protection solaire UPF 40 +. Grande zone d'impression. Composition : 100 % polyester.","genre":"mixte","grammage":300,"conditionnement":10,"composition":"polyester","reference":"ko-eossj","reference_visible":"ko-eossj","reference_fabricant":"EOSSJ","ref_xor":"721862","in_catalog":true,"is_transfer":false,"is_service":false,"on_standby":false,"has_3d":false,"has_size_guide":false,"has_marking":true,"has_vierge":true,"is_cross_sellable":false,"id_picto":27,"filename_3d":null,"brand":{"id":170,"name":"Korntex","logo":"logo-korntex.png","image":"https:\/\/media.th4.com\/cQDqQljenSY7VSYcQdvIaNfOwg9YRdZ-qoOzoO5ebsQ\/pr:brand70x70\/aHR0cDovL21lZGlhMi5kZXNpZ25wYXJ0bmVyLmZyL2MvbS9sb2dvLWtvcm50ZXgucG5n"},"price_infos":{"price_from":52.31,"quantity":40,"color":{"id":25202,"name":"signal_orange\/black"},"size":{"id":1116,"name":"2XL"}},"price_infos_marking":{"price_from":48.96,"quantity":50,"color":{"id":25202,"name":"signal_orange\/black"},"size":{"id":1116,"name":"2XL"},"marking":{"id":2,"name":""},"emplacement":"avant","surface_emplacement_id":1,"surface":"coeur"},"i18n":{"blank":{"title":{"fr":"Eos Softshell Jacket KORNTEX eossj","en":"Eos Softshell Jacket KORNTEX eossj","de":"Eos Softshell Jacket KORNTEX eossj","nl":"Eos Softshell Jacket KORNTEX eossj","es":"Eos Softshell Jacket KORNTEX eossj","it":"Eos Softshell Jacket KORNTEX eossj","sv":"Eos Softshell Jacket KORNTEX eossj","pt":"Eos Softshell Jacket KORNTEX eossj","da":"Eos Softshell Jacket KORNTEX eossj","pl":"Eos Softshell Jacket KORNTEX eossj"},"description":{"fr":"Le Eos Softshell Jacket est un softshell haute visibilit\u00e9 con\u00e7u pour un usage ext\u00e9rieur. Il comprend des manches d\u00e9tachables par zip, une doublure int\u00e9rieure polaire thermo-isolante, deux poches lat\u00e9rales et une poche poitrine zipp\u00e9e. Une grande zone d'impression est pr\u00e9vue sur le v\u00eatement.\n\n- Composition : 100 % polyester\n- 2 bandes r\u00e9fl\u00e9chissantes de 5 cm\n- Manches d\u00e9tachables avec zip\n- 2 poches lat\u00e9rales, 1 poitrine zipp\u00e9e","en":"The Eos Softshell Jacket is a high-visibility softshell designed for outdoor use. It includes zip-off detachable sleeves, a thermo-insulating inner fleece lining, two side pockets, and one zipped chest pocket. A large print area is provided on the garment.\n\n- Composition: 100% polyester\n- 2 reflective bands of 5 cm\n- Detachable sleeves with zip\n- 2 side pockets, 1 zipped chest pocket","de":"Die Eos Softshell Jacket ist eine Warnschutz-Softshell f\u00fcr den Au\u00dfeneinsatz. Sie umfasst per Rei\u00dfverschluss abnehmbare \u00c4rmel, ein w\u00e4rmeisolierendes Fleece-Innenfutter, zwei Seitentaschen und eine Brusttasche mit Rei\u00dfverschluss. Eine gro\u00dfe Druckfl\u00e4che ist am Kleidungsst\u00fcck vorgesehen.\n\n- Zusammensetzung: 100 % Polyester\n- 2 Reflexstreifen von 5 cm\n- Abnehmbare \u00c4rmel mit Rei\u00dfverschluss\n- 2 Seitentaschen, 1 Brusttasche mit Rei\u00dfverschluss","nl":"De Eos Softshell Jacket is een high-visibility softshell ontworpen voor buitengebruik. Het omvat afneembare mouwen met rits, een thermo-isolerende fleece binnenvoering, twee zijzakken en een borstzak met rits. Een groot bedrukkingsvlak is voorzien op het kledingstuk.\n\n- Samenstelling: 100 % polyester\n- 2 reflecterende banden van 5 cm\n- Afneembare mouwen met rits\n- 2 zijzakken, 1 borstzak met rits","es":"La Eos Softshell Jacket es una softshell de alta visibilidad dise\u00f1ada para uso exterior. Incluye mangas desmontables con cremallera, un forro interior polar termoaislante, dos bolsillos laterales y un bolsillo en el pecho con cremallera. Se ha previsto una gran zona de impresi\u00f3n en la prenda.\n\n- Composici\u00f3n: 100 % poli\u00e9ster\n- 2 bandas reflectantes de 5 cm\n- Mangas desmontables con cremallera\n- 2 bolsillos laterales, 1 bolsillo en el pecho con cremallera","it":"La Eos Softshell Jacket \u00e8 una softshell ad alta visibilit\u00e0 progettata per uso esterno. Include maniche staccabili tramite zip, una fodera interna in pile termoisolante, due tasche laterali e una tasca sul petto con zip. Sul capo \u00e8 prevista un'ampia area di stampa.\n\n- Composizione: 100% poliestere\n- 2 bande riflettenti da 5 cm\n- Maniche staccabili con zip\n- 2 tasche laterali, 1 tasca sul petto con zip","sv":"Eos Softshell Jacket \u00e4r en varsel-softshell utformad f\u00f6r utomhusbruk. Den har \u00e4rmar som kan tas av med dragkedja, ett termoisolerande fleecefoder p\u00e5 insidan, tv\u00e5 sidfickor och en br\u00f6stficka med dragkedja. Ett stort tryckomr\u00e5de finns p\u00e5 plagget.\n\n- Sammans\u00e4ttning: 100 % polyester\n- 2 reflexband p\u00e5 5 cm\n- Avtagbara \u00e4rmar med dragkedja\n- 2 sidfickor, 1 br\u00f6stficka med dragkedja","pt":"A Eos Softshell Jacket \u00e9 uma softshell de alta visibilidade concebida para utiliza\u00e7\u00e3o no exterior. Inclui mangas amov\u00edveis por fecho, um forro interior polar termo-isolante, dois bolsos laterais e um bolso no peito com fecho. Est\u00e1 prevista uma grande \u00e1rea de impress\u00e3o na pe\u00e7a.\n\n- Composi\u00e7\u00e3o: 100 % poli\u00e9ster\n- 2 bandas refletoras de 5 cm\n- Mangas amov\u00edveis com fecho\n- 2 bolsos laterais, 1 bolso no peito com fecho","da":"Eos Softshell Jacket er en softshell med h\u00f8j synlighed, designet til udend\u00f8rs brug. Den har \u00e6rmer, der kan tages af med lynl\u00e5s, et termoisolerende fleecefor indvendigt, to sidelommer og en brystlomme med lynl\u00e5s. Et stort trykomr\u00e5de er indarbejdet p\u00e5 bekl\u00e6dningsdelen.\n\n- Sammens\u00e6tning: 100 % polyester\n- 2 reflekterende b\u00e5nd p\u00e5 5 cm\n- Aftagelige \u00e6rmer med lynl\u00e5s\n- 2 sidelommer, 1 brystlomme med lynl\u00e5s","pl":"Eos Softshell Jacket to softshell o wysokiej widoczno\u015bci, przeznaczony do u\u017cytku na zewn\u0105trz. Obejmuje odpinane r\u0119kawy na zamek, wewn\u0119trzn\u0105 podszewk\u0119 polarow\u0105 z izolacj\u0105 termiczn\u0105, dwie kieszenie boczne oraz jedn\u0105 kiesze\u0144 piersiow\u0105 na zamek. Na odzie\u017cy przewidziano du\u017c\u0105 powierzchni\u0119 do nadruku.\n\n- Sk\u0142ad: 100 % poliester\n- 2 ta\u015bmy odblaskowe o szeroko\u015bci 5 cm\n- Odpinane r\u0119kawy na zamek\n- 2 kieszenie boczne, 1 kiesze\u0144 piersiowa na zamek"},"h1":{"fr":"Eos Softshell Jacket eossj","en":"Eos Softshell Jacket eossj","de":"Eos Softshell Jacket eossj","nl":"Eos Softshell Jacket eossj","es":"Eos Softshell Jacket eossj","it":"Eos Softshell Jacket eossj","sv":"Eos Softshell Jacket eossj","pt":"Eos Softshell Jacket eossj","da":"Eos Softshell Jacket eossj","pl":"Eos Softshell Jacket eossj"},"meta_description":{"fr":"Softshell haute visibilit\u00e9 avec manches d\u00e9tachables, doublure polaire, poches zipp\u00e9es et bandes r\u00e9fl\u00e9chissantes au corps et aux manches.","en":"High-visibility softshell with detachable sleeves, fleece lining, zipped pockets, and reflective bands on the body and sleeves.","de":"Warnschutz-Softshell mit abnehmbaren \u00c4rmeln, Fleecefutter, Rei\u00dfverschlusstaschen und Reflexstreifen an K\u00f6rper und \u00c4rmeln.","nl":"High-visibility softshell met afneembare mouwen, fleecevoering, zakken met rits en reflecterende banden op lichaam en mouwen.","es":"Softshell de alta visibilidad con mangas desmontables, forro polar, bolsillos con cremallera y bandas reflectantes en el cuerpo y las mangas.","it":"Softshell ad alta visibilit\u00e0 con maniche staccabili, fodera in pile, tasche con zip e bande riflettenti su corpo e maniche.","sv":"Varsel-softshell med avtagbara \u00e4rmar, fleecefoder, fickor med dragkedja och reflexband p\u00e5 kropp och \u00e4rmar.","pt":"Softshell de alta visibilidade com mangas amov\u00edveis, forro polar, bolsos com fecho e bandas refletoras no corpo e nas mangas.","da":"Softshell med h\u00f8j synlighed med aftagelige \u00e6rmer, fleecefor, lynl\u00e5slommer og reflekterende b\u00e5nd p\u00e5 krop og \u00e6rmer.","pl":"Softshell o wysokiej widoczno\u015bci z odpinanymi r\u0119kawami, podszewk\u0105 polarow\u0105, kieszeniami na zamek i ta\u015bmami odblaskowymi na korpusie oraz r\u0119kawach."}},"custom":{"title":{"fr":"Eos Softshell Jacket KORNTEX koeossj personnalisable","en":"Eos Softshell Jacket KORNTEX customizable koeossj","de":"Eos Softshell Jacket KORNTEX koeossj personalisierbar","nl":"Eos Softshell Jacket KORNTEX koeossj personaliseerbaar","es":"Eos Softshell Jacket KORNTEX koeossj personalizable","it":"Eos Softshell Jacket KORNTEX koeossj personalizzabile","sv":"Eos Softshell Jacket KORNTEX koeossj anpassningsbar","pt":"Eos Softshell Jacket KORNTEX koeossj personaliz\u00e1vel","da":"Eos Softshell Jacket KORNTEX koeossj kan tilpasses","pl":"Eos Softshell Jacket KORNTEX koeossj z mo\u017cliwo\u015bci\u0105 personalizacji"},"description":{"fr":"La Eos Softshell Jacket est une veste softshell haute visibilit\u00e9 con\u00e7ue pour un usage ext\u00e9rieur. Sa construction coupe-vent et sa doublure int\u00e9rieure polaire thermo-isolante apportent un confort adapt\u00e9 aux conditions fra\u00eeches. Les manches d\u00e9tachables, les poches zipp\u00e9es et la grande zone de personnalisation compl\u00e8tent son usage.\n\n- Composition : 100 % polyester\n- Manches d\u00e9tachables avec zip\n- 2 poches lat\u00e9rales, 1 poitrine zipp\u00e9e\n- Personnalisation possible, grande zone d'impression","en":"The Eos Softshell Jacket is a high-visibility softshell jacket designed for outdoor use. Its windproof construction and thermo-insulating fleece inner lining provide comfort suited to cool conditions. The detachable sleeves, zipped pockets and large customization area complete its practical use.\n\n- Composition: 100% polyester\n- Detachable sleeves with zip\n- 2 side pockets, 1 zipped chest pocket\n- Customization possible, large print area","de":"Die Eos Softshell Jacket ist eine Warnschutz-Softshelljacke f\u00fcr den Au\u00dfeneinsatz. Ihre winddichte Konstruktion und das w\u00e4rmeisolierende Fleece-Innenfutter sorgen f\u00fcr einen an k\u00fchle Bedingungen angepassten Komfort. Abnehmbare \u00c4rmel, Rei\u00dfverschlusstaschen und der gro\u00dfe Veredelungsbereich erg\u00e4nzen die Ausstattung.\n\n- Zusammensetzung: 100 % Polyester\n- Abnehmbare \u00c4rmel mit Rei\u00dfverschluss\n- 2 Seitentaschen, 1 Brusttasche mit Rei\u00dfverschluss\n- Personalisierung m\u00f6glich, gro\u00dfer Druckbereich","nl":"De Eos Softshell Jacket is een high-visibility softshelljas ontworpen voor buitengebruik. De winddichte constructie en de thermo-isolerende fleecevoering aan de binnenkant zorgen voor comfort dat geschikt is voor koele omstandigheden. De afneembare mouwen, de zakken met rits en de grote personaliseerbare zone vullen het gebruik aan.\n\n- Samenstelling: 100% polyester\n- Afneembare mouwen met rits\n- 2 zijzakken, 1 borstzak met rits\n- Personalisatie mogelijk, grote bedrukkingszone","es":"La Eos Softshell Jacket es una chaqueta softshell de alta visibilidad dise\u00f1ada para uso exterior. Su confecci\u00f3n cortaviento y su forro interior polar termoaislante aportan un confort adaptado a condiciones frescas. Las mangas desmontables, los bolsillos con cremallera y la gran zona de personalizaci\u00f3n completan su uso.\n\n- Composici\u00f3n: 100 % poli\u00e9ster\n- Mangas desmontables con cremallera\n- 2 bolsillos laterales, 1 bolsillo en el pecho con cremallera\n- Personalizaci\u00f3n posible, gran zona de impresi\u00f3n","it":"La Eos Softshell Jacket \u00e8 una giacca softshell ad alta visibilit\u00e0 progettata per l'uso esterno. La sua struttura antivento e la fodera interna in pile termoisolante garantiscono un comfort adatto alle condizioni fresche. Le maniche staccabili, le tasche con zip e l'ampia area di personalizzazione completano l'uso.\n\n- Composizione: 100% poliestere\n- Maniche staccabili con zip\n- 2 tasche laterali, 1 tasca sul petto con zip\n- Personalizzazione possibile, ampia area di stampa","sv":"Eos Softshell Jacket \u00e4r en varselskaljacka i softshell utformad f\u00f6r utomhusbruk. Den vindt\u00e4ta konstruktionen och det v\u00e4rmeisolerande fleecefodret p\u00e5 insidan ger komfort anpassad till svala f\u00f6rh\u00e5llanden. De avtagbara \u00e4rmarna, fickorna med dragkedja och den stora ytan f\u00f6r anpassning kompletterar anv\u00e4ndningen.\n\n- Sammans\u00e4ttning: 100 % polyester\n- Avtagbara \u00e4rmar med dragkedja\n- 2 sidofickor, 1 br\u00f6stficka med dragkedja\n- Anpassning m\u00f6jlig, stor tryckyta","pt":"A Eos Softshell Jacket \u00e9 um casaco softshell de alta visibilidade concebido para utiliza\u00e7\u00e3o no exterior. A sua constru\u00e7\u00e3o corta-vento e o forro interior polar termo-isolante proporcionam um conforto adaptado a condi\u00e7\u00f5es frescas. As mangas amov\u00edveis, os bolsos com fecho e a grande \u00e1rea de personaliza\u00e7\u00e3o completam a sua utiliza\u00e7\u00e3o.\n\n- Composi\u00e7\u00e3o: 100 % poli\u00e9ster\n- Mangas amov\u00edveis com fecho\n- 2 bolsos laterais, 1 bolso no peito com fecho\n- Personaliza\u00e7\u00e3o poss\u00edvel, grande \u00e1rea de impress\u00e3o","da":"Eos Softshell Jacket er en softshelljakke med h\u00f8j synlighed, udviklet til udend\u00f8rs brug. Den vindt\u00e6tte konstruktion og det termoisolerende fleecefor indvendigt giver komfort under k\u00f8lige forhold. De aftagelige \u00e6rmer, lynl\u00e5slommerne og det store omr\u00e5de til tilpasning fuldender brugen.\n\n- Sammens\u00e6tning: 100 % polyester\n- Aftagelige \u00e6rmer med lynl\u00e5s\n- 2 sidelommer, 1 brystlomme med lynl\u00e5s\n- Tilpasning mulig, stort trykomr\u00e5de","pl":"Eos Softshell Jacket to kurtka softshell o wysokiej widoczno\u015bci, przeznaczona do u\u017cytku na zewn\u0105trz. Jej wiatroszczelna konstrukcja i wewn\u0119trzna, termoizolacyjna podszewka polarowa zapewniaj\u0105 komfort odpowiedni w ch\u0142odnych warunkach. Odpinane r\u0119kawy, kieszenie na zamek i du\u017ca strefa personalizacji uzupe\u0142niaj\u0105 jej funkcjonalno\u015b\u0107.\n\n- Sk\u0142ad: 100 % poliester\n- Odpinane r\u0119kawy z zamkiem\n- 2 kieszenie boczne, 1 kiesze\u0144 na piersi na zamek\n- Mo\u017cliwo\u015b\u0107 personalizacji, du\u017ca strefa nadruku"},"h1":{"fr":"Eos Softshell Jacket koeossj personnalisable","en":"Eos Softshell Jacket customizable koeossj","de":"Eos Softshell Jacket koeossj personalisierbar","nl":"Eos Softshell Jacket koeossj personaliseerbaar","es":"Eos Softshell Jacket koeossj personalizable","it":"Eos Softshell Jacket koeossj personalizzabile","sv":"Eos Softshell Jacket koeossj anpassningsbar","pt":"Eos Softshell Jacket koeossj personaliz\u00e1vel","da":"Eos Softshell Jacket koeossj kan tilpasses","pl":"Eos Softshell Jacket koeossj z mo\u017cliwo\u015bci\u0105 personalizacji"},"meta_description":{"fr":"Softshell haute visibilit\u00e9 avec manches d\u00e9tachables, doublure polaire, poches zipp\u00e9es et zone de personnalisation. Composition 100 % polyester.","en":"High-visibility softshell with detachable sleeves, fleece lining, zipped pockets and customization area. 100% polyester composition.","de":"Warnschutz-Softshell mit abnehmbaren \u00c4rmeln, Fleecefutter, Rei\u00dfverschlusstaschen und Veredelungsbereich. Zusammensetzung: 100 % Polyester.","nl":"High-visibility softshell met afneembare mouwen, fleecevoering, zakken met rits en personaliseerbare zone. Samenstelling: 100% polyester.","es":"Softshell de alta visibilidad con mangas desmontables, forro polar, bolsillos con cremallera y zona de personalizaci\u00f3n. Composici\u00f3n 100 % poli\u00e9ster.","it":"Softshell ad alta visibilit\u00e0 con maniche staccabili, fodera in pile, tasche con zip e area di personalizzazione. Composizione 100% poliestere.","sv":"Varselskaljacka i softshell med avtagbara \u00e4rmar, fleecefoder, fickor med dragkedja och yta f\u00f6r anpassning. Sammans\u00e4ttning 100 % polyester.","pt":"Softshell de alta visibilidade com mangas amov\u00edveis, forro polar, bolsos com fecho e \u00e1rea de personaliza\u00e7\u00e3o. Composi\u00e7\u00e3o 100 % poli\u00e9ster.","da":"Softshell med h\u00f8j synlighed med aftagelige \u00e6rmer, fleecefor, lynl\u00e5slommer og omr\u00e5de til tilpasning. Sammens\u00e6tning: 100 % polyester.","pl":"Softshell o wysokiej widoczno\u015bci z odpinanymi r\u0119kawami, podszewk\u0105 polarow\u0105, kieszeniami na zamek i stref\u0105 personalizacji. Sk\u0142ad: 100 % poliester."}}},"categories":[{"id":328,"name":"Softshells","singular":"Softshell","is_feminin":false},{"id":329,"name":"Vestes et gilets de s\u00e9curit\u00e9","singular":"Veste et gilet de s\u00e9curit\u00e9","is_feminin":false},{"id":561,"name":"BTP et Industrie","singular":"BTP et Industrie","is_feminin":false},{"id":572,"name":"Textiles r\u00e9fl\u00e9chissants","singular":"Textile r\u00e9fl\u00e9chissant","is_feminin":false},{"id":13,"name":"Vestes et manteaux","singular":"Veste et manteau","is_feminin":true},{"id":559,"name":"Univers","singular":"Univers","is_feminin":false},{"id":354,"name":"Textile","singular":"Textile","is_feminin":false}],"certifications":[],"videos":{"fr":[],"en":[],"de":[],"nl":[],"es":[],"it":[],"sv":[],"pt":[],"da":[],"pl":[]},"main_images":{"miniature":"https:\/\/media.th4.com\/GfxeBBtqS5OyIHIRsRBN_iakPlAy2o1e1t8CKzjKdpE\/pr:80\/aHR0cDovL21lZGlhMi5kZXNpZ25wYXJ0bmVyLmZyL2MvcC1ibGFuay1USC8yMTg5MS53ZWJw?v=1773657893","medium":"https:\/\/media.th4.com\/PHchm6pK5i84rjM05CYvHvUMNosTRLsY9xkpJSJAMp8\/pr:550x550greybg\/aHR0cDovL21lZGlhMi5kZXNpZ25wYXJ0bmVyLmZyL2MvcC1ibGFuay1USC8yMTg5MS53ZWJw?v=1773657893","medium_large":"https:\/\/media.th4.com\/stZxnqHu5Dvt93_tsOCFFjoNOoO9h2DoKwmYCIAqHAI\/pr:1000x1000greybg\/aHR0cDovL21lZGlhMi5kZXNpZ25wYXJ0bmVyLmZyL2MvcC1ibGFuay1USC8yMTg5MS53ZWJw?v=1773657893","large":"https:\/\/media.th4.com\/YB6fsEhTfx7THIi9-ZeUDEIXUg-_JmIGyu9qdRYnXKw\/pr:1920greybg\/aHR0cDovL21lZGlhMi5kZXNpZ25wYXJ0bmVyLmZyL2MvcC1ibGFuay1USC8yMTg5MS53ZWJw?v=1773657893","opengraph":"https:\/\/media.th4.com\/iyNiUrsmq6WIrBgmYqJJ8CG0MPYN5vBsddogFcBVwx8\/pr:1200x630greybg\/aHR0cDovL21lZGlhMi5kZXNpZ25wYXJ0bmVyLmZyL2MvcC1ibGFuay1USC8yMTg5MS53ZWJw?v=1773657893"},"main_images_customization":{"miniature":"https:\/\/media.th4.com\/Qgc-s_NIPohSPyRaYrvFocpT3XtcR2rb1fqimatavEY\/pr:80\/aHR0cDovL21lZGlhMi5kZXNpZ25wYXJ0bmVyLmZyL2MvcC1jdXN0b20tVEgvMjE4OTEud2VicA?v=1773658018","medium":"https:\/\/media.th4.com\/rCTfiGWO69MGiDyrqQhq5-qUZWm_D0r2rHZYHXOtpQo\/pr:550x550greybg\/aHR0cDovL21lZGlhMi5kZXNpZ25wYXJ0bmVyLmZyL2MvcC1jdXN0b20tVEgvMjE4OTEud2VicA?v=1773658018","medium_large":"https:\/\/media.th4.com\/KcU_LfXKAAoPrr3dcER2hBFrmRUpKZDKUOVvzSzEbT8\/pr:1000x1000greybg\/aHR0cDovL21lZGlhMi5kZXNpZ25wYXJ0bmVyLmZyL2MvcC1jdXN0b20tVEgvMjE4OTEud2VicA?v=1773658018","large":"https:\/\/media.th4.com\/u2e0RHyCZsCyYMLHxZJULpWyf5TgSCaoCmm6Oa1ekjo\/pr:1920greybg\/aHR0cDovL21lZGlhMi5kZXNpZ25wYXJ0bmVyLmZyL2MvcC1jdXN0b20tVEgvMjE4OTEud2VicA?v=1773658018","opengraph":"https:\/\/media.th4.com\/0ZQy5ey--YqhbsjkYo9ZDIWcxCfTYKENbIYrS7RZUr8\/pr:1200x630greybg\/aHR0cDovL21lZGlhMi5kZXNpZ25wYXJ0bmVyLmZyL2MvcC1jdXN0b20tVEgvMjE4OTEud2VicA?v=1773658018"},"page_links":{"fr":"\/fr\/p-ko-eossj-eos-softshell-jacket-eossj-21891\/","en":"\/en\/p-ko-eossj-eos-softshell-jacket-eossj-21891\/","de":"\/de\/p-ko-eossj-eos-softshell-jacket-eossj-21891\/","nl":"\/nl\/p-ko-eossj-eos-softshell-jacket-eossj-21891\/","es":"\/es\/p-ko-eossj-eos-softshell-jacket-eossj-21891\/","it":"\/it\/p-ko-eossj-eos-softshell-jacket-eossj-21891\/","sv":"\/sv\/p-ko-eossj-eos-softshell-jacket-eossj-21891\/","pt":"\/pt\/p-ko-eossj-eos-softshell-jacket-eossj-21891\/","da":"\/da\/p-ko-eossj-eos-softshell-jacket-eossj-21891\/","pl":"\/pl\/p-ko-eossj-eos-softshell-jacket-eossj-21891\/"},"page_links_customization":{"fr":"\/fr\/p-ko-eossj-eos-softshell-jacket-koeossj-personnalisable-21891\/custom\/","en":"\/en\/p-ko-eossj-eos-softshell-jacket-customizable-koeossj-21891\/custom\/","de":"\/de\/p-ko-eossj-eos-softshell-jacket-koeossj-personalisierbar-21891\/custom\/","nl":"\/nl\/p-ko-eossj-eos-softshell-jacket-koeossj-personaliseerbaar-21891\/custom\/","es":"\/es\/p-ko-eossj-eos-softshell-jacket-koeossj-personalizable-21891\/custom\/","it":"\/it\/p-ko-eossj-eos-softshell-jacket-koeossj-personalizzabile-21891\/custom\/","sv":"\/sv\/p-ko-eossj-eos-softshell-jacket-koeossj-anpassningsbar-21891\/custom\/","pt":"\/pt\/p-ko-eossj-eos-softshell-jacket-koeossj-personalizavel-21891\/custom\/","da":"\/da\/p-ko-eossj-eos-softshell-jacket-koeossj-kan-tilpasses-21891\/custom\/","pl":"\/pl\/p-ko-eossj-eos-softshell-jacket-koeossj-z-mozliwoscia-personalizacji-21891\/custom\/"},"equivalent_products":[],"colors":[{"id":25202,"name":"signal_orange\/black","class_ids":[9,4],"codes_hexa":["FE6325","000000"],"delai_24":false,"has_3d":false,"seuil_global":0,"stock_local":0,"stock_global":223,"on_standby":false,"in_catalog":true,"images":{"miniature":["https:\/\/media.th4.com\/1waGdWzNjH7CguDCzfefgD8KHImsnH9RSKt1_AidgP8\/pr:80\/aHR0cDovL21lZGlhMi5kZXNpZ25wYXJ0bmVyLmZyL2MvcC8yMTg5MS8yMTg5MS0yNTIwMi0xLndlYnA?v=1773656998","https:\/\/media.th4.com\/PDpmVNhbSFM330MaklnMSwT9GgdIzKGkqsYV0lc7DeA\/pr:80\/aHR0cDovL21lZGlhMi5kZXNpZ25wYXJ0bmVyLmZyL2MvcC8yMTg5MS8yMTg5MS0yNTIwMi0yLndlYnA?v=1773656999"],"medium":["https:\/\/media.th4.com\/r59_wcxUxE7-bJAAgB9tOBvAQ2BNnAkGl0bKQFVRwhQ\/pr:550x550\/aHR0cDovL21lZGlhMi5kZXNpZ25wYXJ0bmVyLmZyL2MvcC8yMTg5MS8yMTg5MS0yNTIwMi0xLndlYnA?v=1773656998","https:\/\/media.th4.com\/6KwQDVoq_-oiErKCoWzBJg9vmlu2PmrVI9FFy2UhIdw\/pr:550x550\/aHR0cDovL21lZGlhMi5kZXNpZ25wYXJ0bmVyLmZyL2MvcC8yMTg5MS8yMTg5MS0yNTIwMi0yLndlYnA?v=1773656999"],"medium_large":["https:\/\/media.th4.com\/rjnK4EMMh-XD32DfBEV_eGyJ3WCfjgWK1mFemgEDTes\/pr:1000x1000\/aHR0cDovL21lZGlhMi5kZXNpZ25wYXJ0bmVyLmZyL2MvcC8yMTg5MS8yMTg5MS0yNTIwMi0xLndlYnA?v=1773656998","https:\/\/media.th4.com\/slK71P8hTcZ3fMlR950CtRnkvZ8KRIZHcUMm9YqcoEE\/pr:1000x1000\/aHR0cDovL21lZGlhMi5kZXNpZ25wYXJ0bmVyLmZyL2MvcC8yMTg5MS8yMTg5MS0yNTIwMi0yLndlYnA?v=1773656999"],"large":["https:\/\/media.th4.com\/XaptYpikB-yzuF1jY3Se1dnM2qwzDYE91Njbfx3c23I\/pr:1920\/aHR0cDovL21lZGlhMi5kZXNpZ25wYXJ0bmVyLmZyL2MvcC8yMTg5MS8yMTg5MS0yNTIwMi0xLndlYnA?v=1773656998","https:\/\/media.th4.com\/JBUY4gXu09jeN_9wfVVyj28529oLV_yfuqtrGRQgTtc\/pr:1920\/aHR0cDovL21lZGlhMi5kZXNpZ25wYXJ0bmVyLmZyL2MvcC8yMTg5MS8yMTg5MS0yNTIwMi0yLndlYnA?v=1773656999"],"opengraph":["https:\/\/media.th4.com\/A6a5ZEQ2PqDtSd7uITUru_lOSjXwdHLPkO9eDD8bVhY\/pr:1200x630\/aHR0cDovL21lZGlhMi5kZXNpZ25wYXJ0bmVyLmZyL2MvcC8yMTg5MS8yMTg5MS0yNTIwMi0xLndlYnA?v=1773656998","https:\/\/media.th4.com\/fjPm8sy7KJXhZDQlv8t9Md5MLDfIgtqVdU8ozR285e0\/pr:1200x630\/aHR0cDovL21lZGlhMi5kZXNpZ25wYXJ0bmVyLmZyL2MvcC8yMTg5MS8yMTg5MS0yNTIwMi0yLndlYnA?v=1773656999"]},"images_customization":{"miniature":["https:\/\/media.th4.com\/1waGdWzNjH7CguDCzfefgD8KHImsnH9RSKt1_AidgP8\/pr:80\/aHR0cDovL21lZGlhMi5kZXNpZ25wYXJ0bmVyLmZyL2MvcC8yMTg5MS8yMTg5MS0yNTIwMi0xLndlYnA?v=1773656998","https:\/\/media.th4.com\/PDpmVNhbSFM330MaklnMSwT9GgdIzKGkqsYV0lc7DeA\/pr:80\/aHR0cDovL21lZGlhMi5kZXNpZ25wYXJ0bmVyLmZyL2MvcC8yMTg5MS8yMTg5MS0yNTIwMi0yLndlYnA?v=1773656999"],"medium":["https:\/\/media.th4.com\/r59_wcxUxE7-bJAAgB9tOBvAQ2BNnAkGl0bKQFVRwhQ\/pr:550x550\/aHR0cDovL21lZGlhMi5kZXNpZ25wYXJ0bmVyLmZyL2MvcC8yMTg5MS8yMTg5MS0yNTIwMi0xLndlYnA?v=1773656998","https:\/\/media.th4.com\/6KwQDVoq_-oiErKCoWzBJg9vmlu2PmrVI9FFy2UhIdw\/pr:550x550\/aHR0cDovL21lZGlhMi5kZXNpZ25wYXJ0bmVyLmZyL2MvcC8yMTg5MS8yMTg5MS0yNTIwMi0yLndlYnA?v=1773656999"],"medium_large":["https:\/\/media.th4.com\/rjnK4EMMh-XD32DfBEV_eGyJ3WCfjgWK1mFemgEDTes\/pr:1000x1000\/aHR0cDovL21lZGlhMi5kZXNpZ25wYXJ0bmVyLmZyL2MvcC8yMTg5MS8yMTg5MS0yNTIwMi0xLndlYnA?v=1773656998","https:\/\/media.th4.com\/slK71P8hTcZ3fMlR950CtRnkvZ8KRIZHcUMm9YqcoEE\/pr:1000x1000\/aHR0cDovL21lZGlhMi5kZXNpZ25wYXJ0bmVyLmZyL2MvcC8yMTg5MS8yMTg5MS0yNTIwMi0yLndlYnA?v=1773656999"],"large":["https:\/\/media.th4.com\/XaptYpikB-yzuF1jY3Se1dnM2qwzDYE91Njbfx3c23I\/pr:1920\/aHR0cDovL21lZGlhMi5kZXNpZ25wYXJ0bmVyLmZyL2MvcC8yMTg5MS8yMTg5MS0yNTIwMi0xLndlYnA?v=1773656998","https:\/\/media.th4.com\/JBUY4gXu09jeN_9wfVVyj28529oLV_yfuqtrGRQgTtc\/pr:1920\/aHR0cDovL21lZGlhMi5kZXNpZ25wYXJ0bmVyLmZyL2MvcC8yMTg5MS8yMTg5MS0yNTIwMi0yLndlYnA?v=1773656999"],"opengraph":["https:\/\/media.th4.com\/A6a5ZEQ2PqDtSd7uITUru_lOSjXwdHLPkO9eDD8bVhY\/pr:1200x630\/aHR0cDovL21lZGlhMi5kZXNpZ25wYXJ0bmVyLmZyL2MvcC8yMTg5MS8yMTg5MS0yNTIwMi0xLndlYnA?v=1773656998","https:\/\/media.th4.com\/fjPm8sy7KJXhZDQlv8t9Md5MLDfIgtqVdU8ozR285e0\/pr:1200x630\/aHR0cDovL21lZGlhMi5kZXNpZ25wYXJ0bmVyLmZyL2MvcC8yMTg5MS8yMTg5MS0yNTIwMi0yLndlYnA?v=1773656999"]},"country_origin":"CN","traceability":{"manufacturing_country_id":61,"weaving_country_id":61,"dyeing_country_id":61},"sizes":[{"id":3,"article_id":540260,"class_id":3,"name":"S","on_standby":false,"stock_local":0,"stock_global":26,"multiple":1,"estimated_date_reassort":null,"is_destocking":false},{"id":2,"article_id":540259,"class_id":4,"name":"M","on_standby":false,"stock_local":0,"stock_global":24,"multiple":1,"estimated_date_reassort":null,"is_destocking":false},{"id":1,"article_id":540258,"class_id":5,"name":"L","on_standby":false,"stock_local":0,"stock_global":36,"multiple":1,"estimated_date_reassort":null,"is_destocking":false},{"id":4,"article_id":540261,"class_id":6,"name":"XL","on_standby":false,"stock_local":0,"stock_global":8,"multiple":1,"estimated_date_reassort":null,"is_destocking":false},{"id":1116,"article_id":540262,"class_id":7,"name":"2XL","on_standby":false,"stock_local":0,"stock_global":58,"multiple":1,"estimated_date_reassort":null,"is_destocking":false},{"id":1081,"article_id":540255,"class_id":8,"name":"3XL","on_standby":false,"stock_local":0,"stock_global":39,"multiple":1,"estimated_date_reassort":null,"is_destocking":false},{"id":16,"article_id":540256,"class_id":9,"name":"4XL","on_standby":false,"stock_local":0,"stock_global":18,"multiple":1,"estimated_date_reassort":null,"is_destocking":false},{"id":168,"article_id":540257,"class_id":10,"name":"5XL","on_standby":false,"stock_local":0,"stock_global":14,"multiple":1,"estimated_date_reassort":null,"is_destocking":false}],"page_links":{"fr":"\/fr\/p-ko-eossj-eos-softshell-jacket-eossj-21891\/signal-orange-black-25202\/","en":"\/en\/p-ko-eossj-eos-softshell-jacket-eossj-21891\/signal-orange-black-25202\/","de":"\/de\/p-ko-eossj-eos-softshell-jacket-eossj-21891\/signal-orange-black-25202\/","nl":"\/nl\/p-ko-eossj-eos-softshell-jacket-eossj-21891\/signal-orange-black-25202\/","es":"\/es\/p-ko-eossj-eos-softshell-jacket-eossj-21891\/signal-orange-black-25202\/","it":"\/it\/p-ko-eossj-eos-softshell-jacket-eossj-21891\/signal-orange-black-25202\/","sv":"\/sv\/p-ko-eossj-eos-softshell-jacket-eossj-21891\/signal-orange-black-25202\/","pt":"\/pt\/p-ko-eossj-eos-softshell-jacket-eossj-21891\/signal-orange-black-25202\/","da":"\/da\/p-ko-eossj-eos-softshell-jacket-eossj-21891\/signal-orange-black-25202\/","pl":"\/pl\/p-ko-eossj-eos-softshell-jacket-eossj-21891\/signal-orange-black-25202\/"},"page_links_customization":{"fr":"\/fr\/p-ko-eossj-eos-softshell-jacket-koeossj-personnalisable-21891\/signal-orange-black-25202\/custom\/","en":"\/en\/p-ko-eossj-eos-softshell-jacket-customizable-koeossj-21891\/signal-orange-black-25202\/custom\/","de":"\/de\/p-ko-eossj-eos-softshell-jacket-koeossj-personalisierbar-21891\/signal-orange-black-25202\/custom\/","nl":"\/nl\/p-ko-eossj-eos-softshell-jacket-koeossj-personaliseerbaar-21891\/signal-orange-black-25202\/custom\/","es":"\/es\/p-ko-eossj-eos-softshell-jacket-koeossj-personalizable-21891\/signal-orange-black-25202\/custom\/","it":"\/it\/p-ko-eossj-eos-softshell-jacket-koeossj-personalizzabile-21891\/signal-orange-black-25202\/custom\/","sv":"\/sv\/p-ko-eossj-eos-softshell-jacket-koeossj-anpassningsbar-21891\/signal-orange-black-25202\/custom\/","pt":"\/pt\/p-ko-eossj-eos-softshell-jacket-koeossj-personalizavel-21891\/signal-orange-black-25202\/custom\/","da":"\/da\/p-ko-eossj-eos-softshell-jacket-koeossj-kan-tilpasses-21891\/signal-orange-black-25202\/custom\/","pl":"\/pl\/p-ko-eossj-eos-softshell-jacket-koeossj-z-mozliwoscia-personalizacji-21891\/signal-orange-black-25202\/custom\/"}},{"id":25197,"name":"signal_yellow\/black","class_ids":[12,4],"codes_hexa":["E3F227","212528"],"delai_24":false,"has_3d":false,"seuil_global":0,"stock_local":0,"stock_global":207,"on_standby":false,"in_catalog":true,"images":{"miniature":["https:\/\/media.th4.com\/c1LfYs25Y7a8qvcnB0UJW4k_qyXONFimjWR2OWh5RFU\/pr:80\/aHR0cDovL21lZGlhMi5kZXNpZ25wYXJ0bmVyLmZyL2MvcC8yMTg5MS8yMTg5MS0yNTE5Ny0xLndlYnA?v=1773657000","https:\/\/media.th4.com\/Hi0vAHeUKNqQptLGA9P-xbUc-R3eB5VtVvGt13KNjjc\/pr:80\/aHR0cDovL21lZGlhMi5kZXNpZ25wYXJ0bmVyLmZyL2MvcC8yMTg5MS8yMTg5MS0yNTE5Ny0yLndlYnA?v=1773657000"],"medium":["https:\/\/media.th4.com\/YpSQZ9oO5-Ux0BIxjiRotNE1Zzc1xSQ43ZEEOj_JVqY\/pr:550x550\/aHR0cDovL21lZGlhMi5kZXNpZ25wYXJ0bmVyLmZyL2MvcC8yMTg5MS8yMTg5MS0yNTE5Ny0xLndlYnA?v=1773657000","https:\/\/media.th4.com\/-6tFWQO4zPyawcSWGFhtKlez1Pdcy8Sj6VjLmWBihuQ\/pr:550x550\/aHR0cDovL21lZGlhMi5kZXNpZ25wYXJ0bmVyLmZyL2MvcC8yMTg5MS8yMTg5MS0yNTE5Ny0yLndlYnA?v=1773657000"],"medium_large":["https:\/\/media.th4.com\/FkOxAz_cDUrc5MH8JV5DJe9y38UIEpKbP4LzPBjrpWM\/pr:1000x1000\/aHR0cDovL21lZGlhMi5kZXNpZ25wYXJ0bmVyLmZyL2MvcC8yMTg5MS8yMTg5MS0yNTE5Ny0xLndlYnA?v=1773657000","https:\/\/media.th4.com\/4VHnQ2MVLEj8X-4L7NlI-WU0qL6WOoJr7lT-EuTKOWA\/pr:1000x1000\/aHR0cDovL21lZGlhMi5kZXNpZ25wYXJ0bmVyLmZyL2MvcC8yMTg5MS8yMTg5MS0yNTE5Ny0yLndlYnA?v=1773657000"],"large":["https:\/\/media.th4.com\/WfVrRVlNLEsd7OuCML9XIJBNnM2WuYx0PyWnilVeFvI\/pr:1920\/aHR0cDovL21lZGlhMi5kZXNpZ25wYXJ0bmVyLmZyL2MvcC8yMTg5MS8yMTg5MS0yNTE5Ny0xLndlYnA?v=1773657000","https:\/\/media.th4.com\/s3JLV_PuH7ZikVuqbt7D9MyqUWgvZywu-0T_oDWLl3k\/pr:1920\/aHR0cDovL21lZGlhMi5kZXNpZ25wYXJ0bmVyLmZyL2MvcC8yMTg5MS8yMTg5MS0yNTE5Ny0yLndlYnA?v=1773657000"],"opengraph":["https:\/\/media.th4.com\/3-lsp5ZyZWvaE5TBrB1eoUx7TLl63_3d0kPP7c0UjH8\/pr:1200x630\/aHR0cDovL21lZGlhMi5kZXNpZ25wYXJ0bmVyLmZyL2MvcC8yMTg5MS8yMTg5MS0yNTE5Ny0xLndlYnA?v=1773657000","https:\/\/media.th4.com\/WsMXz7x7WKIctKd8wNCdVULpe1dWwAYyVFhB0zf9Pw4\/pr:1200x630\/aHR0cDovL21lZGlhMi5kZXNpZ25wYXJ0bmVyLmZyL2MvcC8yMTg5MS8yMTg5MS0yNTE5Ny0yLndlYnA?v=1773657000"]},"images_customization":{"miniature":["https:\/\/media.th4.com\/c1LfYs25Y7a8qvcnB0UJW4k_qyXONFimjWR2OWh5RFU\/pr:80\/aHR0cDovL21lZGlhMi5kZXNpZ25wYXJ0bmVyLmZyL2MvcC8yMTg5MS8yMTg5MS0yNTE5Ny0xLndlYnA?v=1773657000","https:\/\/media.th4.com\/Hi0vAHeUKNqQptLGA9P-xbUc-R3eB5VtVvGt13KNjjc\/pr:80\/aHR0cDovL21lZGlhMi5kZXNpZ25wYXJ0bmVyLmZyL2MvcC8yMTg5MS8yMTg5MS0yNTE5Ny0yLndlYnA?v=1773657000"],"medium":["https:\/\/media.th4.com\/YpSQZ9oO5-Ux0BIxjiRotNE1Zzc1xSQ43ZEEOj_JVqY\/pr:550x550\/aHR0cDovL21lZGlhMi5kZXNpZ25wYXJ0bmVyLmZyL2MvcC8yMTg5MS8yMTg5MS0yNTE5Ny0xLndlYnA?v=1773657000","https:\/\/media.th4.com\/-6tFWQO4zPyawcSWGFhtKlez1Pdcy8Sj6VjLmWBihuQ\/pr:550x550\/aHR0cDovL21lZGlhMi5kZXNpZ25wYXJ0bmVyLmZyL2MvcC8yMTg5MS8yMTg5MS0yNTE5Ny0yLndlYnA?v=1773657000"],"medium_large":["https:\/\/media.th4.com\/FkOxAz_cDUrc5MH8JV5DJe9y38UIEpKbP4LzPBjrpWM\/pr:1000x1000\/aHR0cDovL21lZGlhMi5kZXNpZ25wYXJ0bmVyLmZyL2MvcC8yMTg5MS8yMTg5MS0yNTE5Ny0xLndlYnA?v=1773657000","https:\/\/media.th4.com\/4VHnQ2MVLEj8X-4L7NlI-WU0qL6WOoJr7lT-EuTKOWA\/pr:1000x1000\/aHR0cDovL21lZGlhMi5kZXNpZ25wYXJ0bmVyLmZyL2MvcC8yMTg5MS8yMTg5MS0yNTE5Ny0yLndlYnA?v=1773657000"],"large":["https:\/\/media.th4.com\/WfVrRVlNLEsd7OuCML9XIJBNnM2WuYx0PyWnilVeFvI\/pr:1920\/aHR0cDovL21lZGlhMi5kZXNpZ25wYXJ0bmVyLmZyL2MvcC8yMTg5MS8yMTg5MS0yNTE5Ny0xLndlYnA?v=1773657000","https:\/\/media.th4.com\/s3JLV_PuH7ZikVuqbt7D9MyqUWgvZywu-0T_oDWLl3k\/pr:1920\/aHR0cDovL21lZGlhMi5kZXNpZ25wYXJ0bmVyLmZyL2MvcC8yMTg5MS8yMTg5MS0yNTE5Ny0yLndlYnA?v=1773657000"],"opengraph":["https:\/\/media.th4.com\/3-lsp5ZyZWvaE5TBrB1eoUx7TLl63_3d0kPP7c0UjH8\/pr:1200x630\/aHR0cDovL21lZGlhMi5kZXNpZ25wYXJ0bmVyLmZyL2MvcC8yMTg5MS8yMTg5MS0yNTE5Ny0xLndlYnA?v=1773657000","https:\/\/media.th4.com\/WsMXz7x7WKIctKd8wNCdVULpe1dWwAYyVFhB0zf9Pw4\/pr:1200x630\/aHR0cDovL21lZGlhMi5kZXNpZ25wYXJ0bmVyLmZyL2MvcC8yMTg5MS8yMTg5MS0yNTE5Ny0yLndlYnA?v=1773657000"]},"country_origin":"CN","traceability":{"manufacturing_country_id":61,"weaving_country_id":61,"dyeing_country_id":61},"sizes":[{"id":3,"article_id":540268,"class_id":3,"name":"S","on_standby":false,"stock_local":0,"stock_global":24,"multiple":1,"estimated_date_reassort":null,"is_destocking":false},{"id":2,"article_id":540267,"class_id":4,"name":"M","on_standby":false,"stock_local":0,"stock_global":26,"multiple":1,"estimated_date_reassort":null,"is_destocking":false},{"id":1,"article_id":540266,"class_id":5,"name":"L","on_standby":false,"stock_local":0,"stock_global":36,"multiple":1,"estimated_date_reassort":null,"is_destocking":false},{"id":4,"article_id":540269,"class_id":6,"name":"XL","on_standby":false,"stock_local":0,"stock_global":19,"multiple":1,"estimated_date_reassort":null,"is_destocking":false},{"id":1116,"article_id":540270,"class_id":7,"name":"2XL","on_standby":false,"stock_local":0,"stock_global":34,"multiple":1,"estimated_date_reassort":null,"is_destocking":false},{"id":1081,"article_id":540263,"class_id":8,"name":"3XL","on_standby":false,"stock_local":0,"stock_global":23,"multiple":1,"estimated_date_reassort":null,"is_destocking":false},{"id":16,"article_id":540264,"class_id":9,"name":"4XL","on_standby":false,"stock_local":0,"stock_global":16,"multiple":1,"estimated_date_reassort":null,"is_destocking":false},{"id":168,"article_id":540265,"class_id":10,"name":"5XL","on_standby":false,"stock_local":0,"stock_global":29,"multiple":1,"estimated_date_reassort":null,"is_destocking":false}],"page_links":{"fr":"\/fr\/p-ko-eossj-eos-softshell-jacket-eossj-21891\/signal-yellow-black-25197\/","en":"\/en\/p-ko-eossj-eos-softshell-jacket-eossj-21891\/signal-yellow-black-25197\/","de":"\/de\/p-ko-eossj-eos-softshell-jacket-eossj-21891\/signal-yellow-black-25197\/","nl":"\/nl\/p-ko-eossj-eos-softshell-jacket-eossj-21891\/signal-yellow-black-25197\/","es":"\/es\/p-ko-eossj-eos-softshell-jacket-eossj-21891\/signal-yellow-black-25197\/","it":"\/it\/p-ko-eossj-eos-softshell-jacket-eossj-21891\/signal-yellow-black-25197\/","sv":"\/sv\/p-ko-eossj-eos-softshell-jacket-eossj-21891\/signal-yellow-black-25197\/","pt":"\/pt\/p-ko-eossj-eos-softshell-jacket-eossj-21891\/signal-yellow-black-25197\/","da":"\/da\/p-ko-eossj-eos-softshell-jacket-eossj-21891\/signal-yellow-black-25197\/","pl":"\/pl\/p-ko-eossj-eos-softshell-jacket-eossj-21891\/signal-yellow-black-25197\/"},"page_links_customization":{"fr":"\/fr\/p-ko-eossj-eos-softshell-jacket-koeossj-personnalisable-21891\/signal-yellow-black-25197\/custom\/","en":"\/en\/p-ko-eossj-eos-softshell-jacket-customizable-koeossj-21891\/signal-yellow-black-25197\/custom\/","de":"\/de\/p-ko-eossj-eos-softshell-jacket-koeossj-personalisierbar-21891\/signal-yellow-black-25197\/custom\/","nl":"\/nl\/p-ko-eossj-eos-softshell-jacket-koeossj-personaliseerbaar-21891\/signal-yellow-black-25197\/custom\/","es":"\/es\/p-ko-eossj-eos-softshell-jacket-koeossj-personalizable-21891\/signal-yellow-black-25197\/custom\/","it":"\/it\/p-ko-eossj-eos-softshell-jacket-koeossj-personalizzabile-21891\/signal-yellow-black-25197\/custom\/","sv":"\/sv\/p-ko-eossj-eos-softshell-jacket-koeossj-anpassningsbar-21891\/signal-yellow-black-25197\/custom\/","pt":"\/pt\/p-ko-eossj-eos-softshell-jacket-koeossj-personalizavel-21891\/signal-yellow-black-25197\/custom\/","da":"\/da\/p-ko-eossj-eos-softshell-jacket-koeossj-kan-tilpasses-21891\/signal-yellow-black-25197\/custom\/","pl":"\/pl\/p-ko-eossj-eos-softshell-jacket-koeossj-z-mozliwoscia-personalizacji-21891\/signal-yellow-black-25197\/custom\/"}}],"documentation_link":"\/pdf\/21891.pdf","countries_availables":["AD","AE","AL","AT","BA","BD","BE","BG","BL","CA","CH","CN","CO","CY","CZ","DE","DK","DO","EE","EG","ES","ET","FI","FR","GB","GE","GF","GP","GR","GT","HK","HN","HR","HT","HU","ID","IE","IN","IS","IT","JO","JP","KE","KH","KP","KR","LA","LK","LS","LT","LU","LV","MA","MF","MG","MK","MM","MN","MQ","MT","MX","MY","NC","NI","NL","PF","PH","PK","PL","PM","PT","RE","RO","SE","SG","SI","SK","SV","SY","TH","TN","TR","TW","TZ","US","VN","WF","YT"]},"infos_customization":[],"features":{"authorize_multi_surfaces":true,"display_order_delay_type":true,"promote_surface_display":true,"tarification_franco_offert":true,"enabled_3d_editor":false},"markings":[{"id":0,"nom":"vierge","finition":null,"libelle":null,"code":null,"dpi":null,"finesse_forme_isolee":null,"finesse_forme_non_isolee":null,"hauteur_minimale_texte":null,"inactif":0,"marquage_interne":1,"quantite_min":null,"parent_id":null,"print_on_support":0,"content":"vierge","description":null},{"id":2,"nom":"fonce","finition":"optimale","libelle":"TopQuadri","code":null,"dpi":400,"finesse_forme_isolee":"0.040","finesse_forme_non_isolee":"0.700","hauteur_minimale_texte":2,"inactif":0,"marquage_interne":1,"quantite_min":null,"parent_id":18,"print_on_support":0,"content":"TopQuadri","description":"pour petites et moyennes s\u00e9ries"},{"id":3,"nom":"serigraphie","finition":"serigraphie","libelle":"SeriCoat","code":null,"dpi":400,"finesse_forme_isolee":"0.040","finesse_forme_non_isolee":"0.700","hauteur_minimale_texte":2,"inactif":0,"marquage_interne":1,"quantite_min":15,"parent_id":18,"print_on_support":0,"content":"SeriCoat","description":"pour moyennes et grandes s\u00e9ries"},{"id":4,"nom":"broderie","finition":"broderie","libelle":"Broderie","code":null,"dpi":400,"finesse_forme_isolee":"0.040","finesse_forme_non_isolee":"0.700","hauteur_minimale_texte":3,"inactif":0,"marquage_interne":1,"quantite_min":null,"parent_id":null,"print_on_support":0,"content":"Broderie","description":null},{"id":8,"nom":"theme","finition":null,"libelle":"Th\u00e8me","code":null,"dpi":null,"finesse_forme_isolee":null,"finesse_forme_non_isolee":null,"hauteur_minimale_texte":null,"inactif":0,"marquage_interne":1,"quantite_min":null,"parent_id":null,"print_on_support":0,"content":"Th\u00e8me","description":null},{"id":9,"nom":"sans","finition":null,"libelle":null,"code":null,"dpi":null,"finesse_forme_isolee":null,"finesse_forme_non_isolee":null,"hauteur_minimale_texte":null,"inactif":0,"marquage_interne":1,"quantite_min":null,"parent_id":null,"print_on_support":0,"content":"sans","description":null},{"id":10,"nom":"photo","finition":null,"libelle":"Photo","code":null,"dpi":null,"finesse_forme_isolee":null,"finesse_forme_non_isolee":null,"hauteur_minimale_texte":null,"inactif":0,"marquage_interne":1,"quantite_min":null,"parent_id":null,"print_on_support":0,"content":"Photo","description":null},{"id":14,"nom":"couleur","finition":null,"libelle":"Couleur","code":null,"dpi":null,"finesse_forme_isolee":null,"finesse_forme_non_isolee":null,"hauteur_minimale_texte":null,"inactif":0,"marquage_interne":1,"quantite_min":null,"parent_id":null,"print_on_support":0,"content":"Couleur","description":null},{"id":15,"nom":"sublimation","finition":"sublimation","libelle":"Sublimation","code":null,"dpi":null,"finesse_forme_isolee":"0.000","finesse_forme_non_isolee":"0.000","hauteur_minimale_texte":2,"inactif":0,"marquage_interne":1,"quantite_min":null,"parent_id":null,"print_on_support":0,"content":"Sublimation","description":null},{"id":16,"nom":"topquadri_uv","finition":null,"libelle":"TopQuadri UV","code":null,"dpi":null,"finesse_forme_isolee":"0.020","finesse_forme_non_isolee":"0.700","hauteur_minimale_texte":2,"inactif":0,"marquage_interne":1,"quantite_min":null,"parent_id":null,"print_on_support":1,"content":null,"description":null},{"id":17,"nom":"topquadri_uvp","finition":null,"libelle":"TopQuadri UVP","code":null,"dpi":null,"finesse_forme_isolee":"0.020","finesse_forme_non_isolee":"0.700","hauteur_minimale_texte":2,"inactif":0,"marquage_interne":1,"quantite_min":null,"parent_id":null,"print_on_support":1,"content":null,"description":null},{"id":18,"nom":"quadri","finition":null,"libelle":"Impression","code":null,"dpi":null,"finesse_forme_isolee":null,"finesse_forme_non_isolee":null,"hauteur_minimale_texte":null,"inactif":0,"marquage_interne":1,"quantite_min":null,"parent_id":null,"print_on_support":0,"content":null,"description":null}]}}