{"data":{"product":{"id":21882,"titre":"Comfort Safety Vest \"SOLTAU\"","description":"Gilet de s\u00e9curit\u00e9 avec deux bandes r\u00e9fl\u00e9chissantes de 5 cm de large autour du corps. Fermetures bande auto-agrippante. Composition : 100 % polyester.","genre":"mixte","grammage":120,"conditionnement":100,"composition":"polyester,polyester_uniquement","reference":"ko-kxcvw","reference_visible":"ko-kxcvw","reference_fabricant":"KXCVW","ref_xor":"721727","in_catalog":true,"is_transfer":false,"is_service":false,"on_standby":false,"has_3d":false,"has_size_guide":false,"has_marking":true,"has_vierge":true,"is_cross_sellable":false,"id_picto":109,"filename_3d":null,"brand":{"id":170,"name":"Korntex","logo":"logo-korntex.png","image":"https:\/\/media.th4.com\/cQDqQljenSY7VSYcQdvIaNfOwg9YRdZ-qoOzoO5ebsQ\/pr:brand70x70\/aHR0cDovL21lZGlhMi5kZXNpZ25wYXJ0bmVyLmZyL2MvbS9sb2dvLWtvcm50ZXgucG5n"},"price_infos":{"price_from":2.32,"quantity":200,"color":{"id":12729,"name":"signal_yellow"},"size":{"id":77,"name":"L\/XL"}},"price_infos_marking":{"price_from":6.03,"quantity":1000,"color":{"id":12729,"name":"signal_yellow"},"size":{"id":77,"name":"L\/XL"},"marking":{"id":2,"name":""},"emplacement":"avant","surface_emplacement_id":1,"surface":"coeur"},"i18n":{"blank":{"title":{"fr":"Comfort vest soltau gilet KORNTEX kxcvw","en":"Comfort vest soltau vest KORNTEX kxcvw","de":"Comfort vest Soltau Sicherheitsweste KORNTEX kxcvw","nl":"Comfort vest soltau veiligheidsvest KORNTEX kxcvw","es":"Chaleco Comfort vest soltau KORNTEX kxcvw","it":"Gilet comfort vest Soltau KORNTEX kxcvw","sv":"Comfort vest soltau varselv\u00e4st KORNTEX kxcvw","pt":"Colete Comfort vest Soltau KORNTEX kxcvw","da":"Comfort vest soltau sikkerhedsvest KORNTEX kxcvw","pl":"Kamizelka Comfort Vest Soltau KORNTEX kxcvw"},"description":{"fr":"Le Comfort vest Soltau est un gilet s\u00e9curit\u00e9 con\u00e7u pour am\u00e9liorer la visibilit\u00e9 de l'utilisateur. Il comporte deux bandes r\u00e9fl\u00e9chissantes de 5 cm de large autour du corps et une fermeture par bande auto-agrippante.\n\n- Composition : 100 % polyester\n- Deux bandes r\u00e9fl\u00e9chissantes autour du corps\n- Largeur des bandes : 5 cm\n- Fermeture par bande auto-agrippante","en":"The Comfort vest Soltau is a safety vest designed to improve the wearer's visibility. It features two 5 cm wide reflective bands around the body and a hook-and-loop fastening.\n\n- Composition: 100% polyester\n- Two reflective bands around the body\n- Band width: 5 cm\n- Hook-and-loop fastening","de":"Die Comfort vest Soltau ist eine Sicherheitsweste, die zur Verbesserung der Sichtbarkeit des Benutzers entwickelt wurde. Sie hat zwei reflektierende Streifen von 5 cm Breite um den K\u00f6rper und einen Klettverschluss.\n\n- Material: 100 % Polyester\n- Zwei reflektierende Streifen um den K\u00f6rper\n- Breite der Streifen: 5 cm\n- Klettverschluss","nl":"De Comfort vest Soltau is een veiligheidsvest ontworpen om de zichtbaarheid van de gebruiker te verbeteren. Het heeft twee reflecterende banden van 5 cm breed rond het lichaam en een sluiting met klittenbandsluiting.\n\n- Samenstelling: 100% polyester\n- Twee reflecterende banden rond het lichaam\n- Breedte van de banden: 5 cm\n- Sluiting met klittenbandsluiting","es":"El Comfort vest Soltau es un chaleco de seguridad dise\u00f1ado para mejorar la visibilidad del usuario. Incluye dos bandas reflectantes de 5 cm de ancho alrededor del cuerpo y un cierre con banda autoadherente.\n\n- Composici\u00f3n: 100 % poli\u00e9ster\n- Dos bandas reflectantes alrededor del cuerpo\n- Ancho de las bandas: 5 cm\n- Cierre con banda autoadherente","it":"Il Comfort Vest Soltau \u00e8 un gilet di sicurezza progettato per migliorare la visibilit\u00e0 dell'utilizzatore. Include due bande riflettenti larghe 5 cm intorno al corpo e una chiusura con banda a strappo.\n\n- Composizione: 100% poliestere\n- Due bande riflettenti intorno al corpo\n- Larghezza delle bande: 5 cm\n- Chiusura con banda a strappo","sv":"Comfort vest Soltau \u00e4r en varselv\u00e4st utformad f\u00f6r att f\u00f6rb\u00e4ttra anv\u00e4ndarens synlighet. Den har tv\u00e5 reflexband med 5 cm bredd runt kroppen och en st\u00e4ngning med kardborreband.\n\n- Sammans\u00e4ttning: 100 % polyester\n- Tv\u00e5 reflexband runt kroppen\n- Bandens bredd: 5 cm\n- St\u00e4ngning med kardborreband","pt":"O Comfort vest Soltau \u00e9 um colete de seguran\u00e7a concebido para melhorar a visibilidade do utilizador. Inclui duas faixas refletoras com 5 cm de largura \u00e0 volta do corpo e um fecho com banda autoaderente.\n\n- Composi\u00e7\u00e3o: 100 % poli\u00e9ster\n- Duas faixas refletoras \u00e0 volta do corpo\n- Largura das faixas: 5 cm\n- Fecho com banda autoaderente","da":"Comfort vest Soltau er en sikkerhedsvest designet til at forbedre brugerens synlighed. Den har to reflekterende b\u00e5nd p\u00e5 5 cm i bredden rundt om kroppen og en lukning med burreb\u00e5nd.\n\n- Sammens\u00e6tning: 100 % polyester\n- To reflekterende b\u00e5nd rundt om kroppen\n- B\u00e5ndenes bredde: 5 cm\n- Lukning med burreb\u00e5nd","pl":"Comfort Vest Soltau to kamizelka bezpiecze\u0144stwa zaprojektowana w celu poprawy widoczno\u015bci u\u017cytkownika. Zawiera dwa pasy odblaskowe o szeroko\u015bci 5 cm wok\u00f3\u0142 tu\u0142owia oraz zapi\u0119cie na ta\u015bm\u0119 samoprzyczepn\u0105.\n\n- Sk\u0142ad: 100% poliester\n- Dwa pasy odblaskowe wok\u00f3\u0142 tu\u0142owia\n- Szeroko\u015b\u0107 pas\u00f3w: 5 cm\n- Zapi\u0119cie na ta\u015bm\u0119 samoprzyczepn\u0105"},"h1":{"fr":"Comfort vest soltau gilet kxcvw","en":"Comfort vest soltau vest kxcvw","de":"Comfort vest Soltau Sicherheitsweste kxcvw","nl":"Comfort vest soltau veiligheidsvest kxcvw","es":"Chaleco Comfort vest soltau kxcvw","it":"Gilet comfort vest Soltau kxcvw","sv":"Comfort vest soltau varselv\u00e4st kxcvw","pt":"Colete Comfort vest Soltau kxcvw","da":"Comfort vest soltau sikkerhedsvest kxcvw","pl":"Kamizelka Comfort Vest Soltau kxcvw"},"meta_description":{"fr":"Comfort vest Soltau gilet s\u00e9curit\u00e9 kxcvw avec deux bandes r\u00e9fl\u00e9chissantes de 5 cm autour du corps et fermeture par bande auto-agrippante.","en":"Comfort vest Soltau safety vest kxcvw with two 5 cm reflective bands around the body and hook-and-loop fastening.","de":"Comfort vest Soltau Sicherheitsweste kxcvw mit zwei reflektierenden Streifen von 5 cm um den K\u00f6rper und Klettverschluss.","nl":"Comfort vest Soltau veiligheidsvest kxcvw met twee reflecterende banden van 5 cm rond het lichaam en sluiting met klittenbandsluiting.","es":"Chaleco de seguridad Comfort vest Soltau kxcvw con dos bandas reflectantes de 5 cm alrededor del cuerpo y cierre con banda autoadherente.","it":"Gilet di sicurezza Comfort Vest Soltau kxcvw con due bande riflettenti di 5 cm intorno al corpo e chiusura con banda a strappo.","sv":"Comfort vest Soltau varselv\u00e4st kxcvw med tv\u00e5 reflexband p\u00e5 5 cm runt kroppen och st\u00e4ngning med kardborreband.","pt":"Colete de seguran\u00e7a Comfort vest Soltau kxcvw com duas faixas refletoras de 5 cm \u00e0 volta do corpo e fecho com banda autoaderente.","da":"Comfort vest Soltau sikkerhedsvest kxcvw med to reflekterende b\u00e5nd p\u00e5 5 cm rundt om kroppen og lukning med burreb\u00e5nd.","pl":"Kamizelka bezpiecze\u0144stwa Comfort Vest Soltau kxcvw z dwoma pasami odblaskowymi o szeroko\u015bci 5 cm wok\u00f3\u0142 tu\u0142owia i zapi\u0119ciem na ta\u015bm\u0119 samoprzyczepn\u0105."}},"custom":{"title":{"fr":"Comfort vest soltau gilet KORNTEX kxcvw personnalisable","en":"Comfort vest Soltau KORNTEX vest kxcvw customizable","de":"Comfort vest Soltau Weste KORNTEX kxcvw personalisierbar","nl":"Comfort vest soltau hesje KORNTEX kxcvw personaliseerbaar","es":"Chaleco comfort vest soltau KORNTEX kxcvw personalizable","it":"Gilet comfort vest soltau KORNTEX kxcvw personalizzabile","sv":"Comfort vest soltau v\u00e4st KORNTEX kxcvw anpassningsbar","pt":"Colete comfort vest soltau KORNTEX kxcvw personaliz\u00e1vel","da":"Comfort vest soltau vest KORNTEX kxcvw kan tilpasses","pl":"Kamizelka comfort vest soltau KORNTEX kxcvw z mo\u017cliwo\u015bci\u0105 personalizacji"},"description":{"fr":"Le Comfort vest Soltau est un gilet s\u00e9curit\u00e9 con\u00e7u pour am\u00e9liorer la visibilit\u00e9 gr\u00e2ce \u00e0 deux bandes r\u00e9fl\u00e9chissantes de 5 cm autour du corps. Sa fermeture par bande auto-agrippante facilite l'ajustement et l'utilisation. Ce mod\u00e8le convient aux besoins de signalisation et peut \u00eatre personnalis\u00e9.\n\n- Composition : 100 % polyester\n- Deux bandes r\u00e9fl\u00e9chissantes de 5 cm\n- Fermeture : bande auto-agrippante\n- Personnalisation possible","en":"The Comfort vest Soltau is a safety vest designed to improve visibility with two reflective bands around the body. Its hook-and-loop fastening makes adjustment and use easier. This model is suitable for signalling needs and can be customized.\n\n- Composition: 100% polyester\n- Two reflective bands\n- Fastening: hook-and-loop band\n- Customization possible","de":"Die Comfort vest Soltau ist eine Sicherheitsweste, die die Sichtbarkeit durch zwei 5 cm breite Reflexstreifen um den K\u00f6rper verbessert. Ihr Verschluss mit Klettband erleichtert die Anpassung und die Verwendung. Dieses Modell eignet sich f\u00fcr Kennzeichnungsbedarf und kann personalisiert werden.\n\n- Material: 100 % Polyester\n- Zwei 5 cm breite Reflexstreifen\n- Verschluss: Klettband\n- Personalisierung m\u00f6glich","nl":"De Comfort vest Soltau is een veiligheidsvest ontworpen om de zichtbaarheid te verbeteren dankzij twee reflecterende banden van 5 cm rond het lichaam. De sluiting met klittenband vergemakkelijkt de pasvorm en het gebruik. Dit model is geschikt voor signaleringsbehoeften en kan worden gepersonaliseerd.\n\n- Samenstelling: 100 % polyester\n- Twee reflecterende banden van 5 cm\n- Sluiting: klittenband\n- Personalisatie mogelijk","es":"El Comfort vest Soltau es un chaleco de seguridad dise\u00f1ado para mejorar la visibilidad gracias a dos bandas reflectantes de 5 cm alrededor del cuerpo. Su cierre con banda autoadherente facilita el ajuste y el uso. Este modelo es adecuado para necesidades de se\u00f1alizaci\u00f3n y puede personalizarse.\n\n- Composici\u00f3n: 100 % poli\u00e9ster\n- Dos bandas reflectantes de 5 cm\n- Cierre: banda autoadherente\n- Personalizaci\u00f3n posible","it":"Il Comfort vest Soltau \u00e8 un gilet di sicurezza progettato per migliorare la visibilit\u00e0 grazie a due bande riflettenti da 5 cm intorno al corpo. La chiusura con banda a strappo facilita la regolazione e l'utilizzo. Questo modello \u00e8 adatto alle esigenze di segnalazione e pu\u00f2 essere personalizzato.\n\n- Composizione: 100 % poliestere\n- Due bande riflettenti da 5 cm\n- Chiusura: banda a strappo\n- Personalizzazione possibile","sv":"Comfort vest Soltau \u00e4r en s\u00e4kerhetsv\u00e4st utformad f\u00f6r att f\u00f6rb\u00e4ttra synligheten tack vare tv\u00e5 reflekterande band p\u00e5 5 cm runt kroppen. St\u00e4ngningen med kardborreband g\u00f6r justering och anv\u00e4ndning enklare. Denna modell passar f\u00f6r signaleringsbehov och kan anpassas.\n\n- Sammans\u00e4ttning: 100 % polyester\n- Tv\u00e5 reflekterande band p\u00e5 5 cm\n- St\u00e4ngning: kardborreband\n- Anpassning m\u00f6jlig","pt":"O Comfort vest Soltau \u00e9 um colete de seguran\u00e7a concebido para melhorar a visibilidade gra\u00e7as a duas faixas refletoras de 5 cm \u00e0 volta do corpo. O seu fecho com banda autoaderente facilita o ajuste e a utiliza\u00e7\u00e3o. Este modelo \u00e9 adequado para necessidades de sinaliza\u00e7\u00e3o e pode ser personalizado.\n\n- Composi\u00e7\u00e3o: 100 % poli\u00e9ster\n- Duas faixas refletoras de 5 cm\n- Fecho: banda autoaderente\n- Personaliza\u00e7\u00e3o poss\u00edvel","da":"Comfort vest Soltau er en sikkerhedsvest designet til at forbedre synligheden takket v\u00e6re to reflekterende b\u00e5nd p\u00e5 5 cm rundt om kroppen. Dens lukning med velcrob\u00e5nd g\u00f8r justering og brug lettere. Denne model passer til signaleringsbehov og kan tilpasses.\n\n- Sammens\u00e6tning: 100 % polyester\n- To reflekterende b\u00e5nd p\u00e5 5 cm\n- Lukning: velcrob\u00e5nd\n- Mulighed for tilpasning","pl":"Comfort vest Soltau to kamizelka bezpiecze\u0144stwa zaprojektowana w celu poprawy widoczno\u015bci dzi\u0119ki dw\u00f3m pasom odblaskowym o szeroko\u015bci 5 cm wok\u00f3\u0142 tu\u0142owia. Zapi\u0119cie na rzep u\u0142atwia dopasowanie i u\u017cytkowanie. Ten model nadaje si\u0119 do zastosowa\u0144 sygnalizacyjnych i mo\u017ce by\u0107 personalizowany.\n\n- Sk\u0142ad: 100 % poliester\n- Dwa pasy odblaskowe o szeroko\u015bci 5 cm\n- Zapi\u0119cie: rzep\n- Mo\u017cliwo\u015b\u0107 personalizacji"},"h1":{"fr":"Comfort vest soltau gilet kxcvw personnalisable","en":"Comfort vest Soltau vest kxcvw customizable","de":"Comfort vest Soltau Weste kxcvw personalisierbar","nl":"Comfort vest soltau hesje kxcvw personaliseerbaar","es":"Chaleco comfort vest soltau kxcvw personalizable","it":"Gilet comfort vest soltau kxcvw personalizzabile","sv":"Comfort vest soltau v\u00e4st kxcvw anpassningsbar","pt":"Colete comfort vest soltau kxcvw personaliz\u00e1vel","da":"Comfort vest soltau vest kxcvw kan tilpasses","pl":"Kamizelka comfort vest soltau kxcvw z mo\u017cliwo\u015bci\u0105 personalizacji"},"meta_description":{"fr":"Comfort vest soltau, gilet s\u00e9curit\u00e9 en 100 % polyester avec deux bandes r\u00e9fl\u00e9chissantes de 5 cm et fermeture auto-agrippante, personnalisable.","en":"Comfort vest Soltau, safety vest in 100% polyester with two reflective bands and hook-and-loop fastening, customizable.","de":"Comfort vest Soltau, Sicherheitsweste aus 100 % Polyester mit zwei 5 cm breiten Reflexstreifen und Klettverschluss, personalisierbar.","nl":"Comfort vest soltau, veiligheidsvest van 100 % polyester met twee reflecterende banden van 5 cm en klittenbandsluiting, personaliseerbaar.","es":"Comfort vest soltau, chaleco de seguridad de 100 % poli\u00e9ster con dos bandas reflectantes de 5 cm y cierre autoadherente, personalizable.","it":"Comfort vest soltau, gilet di sicurezza in 100 % poliestere con due bande riflettenti da 5 cm e chiusura a strappo, personalizzabile.","sv":"Comfort vest soltau, s\u00e4kerhetsv\u00e4st i 100 % polyester med tv\u00e5 reflekterande band p\u00e5 5 cm och kardborrest\u00e4ngning, anpassningsbar.","pt":"Comfort vest soltau, colete de seguran\u00e7a em 100 % poli\u00e9ster com duas faixas refletoras de 5 cm e fecho autoaderente, personaliz\u00e1vel.","da":"Comfort vest soltau, sikkerhedsvest i 100 % polyester med to reflekterende b\u00e5nd p\u00e5 5 cm og velcrolukning, kan tilpasses.","pl":"Comfort vest Soltau, kamizelka bezpiecze\u0144stwa z 100 % poliestru z dwoma pasami odblaskowymi o szeroko\u015bci 5 cm i zapi\u0119ciem na rzep, z mo\u017cliwo\u015bci\u0105 personalizacji."}}},"categories":[{"id":329,"name":"Vestes et gilets de s\u00e9curit\u00e9","singular":"Veste et gilet de s\u00e9curit\u00e9","is_feminin":false},{"id":561,"name":"BTP et Industrie","singular":"BTP et Industrie","is_feminin":false},{"id":560,"name":"Sports et Loisirs","singular":"Sport et Loisir","is_feminin":false},{"id":572,"name":"Textiles r\u00e9fl\u00e9chissants","singular":"Textile r\u00e9fl\u00e9chissant","is_feminin":false},{"id":13,"name":"Vestes et manteaux","singular":"Veste et manteau","is_feminin":true},{"id":559,"name":"Univers","singular":"Univers","is_feminin":false},{"id":354,"name":"Textile","singular":"Textile","is_feminin":false}],"certifications":[],"videos":{"fr":[],"en":[],"de":[],"nl":[],"es":[],"it":[],"sv":[],"pt":[],"da":[],"pl":[]},"main_images":{"miniature":"https:\/\/media.th4.com\/F1KshkFjaGVY-ZhYwJyevhJuzO4-IuNthe_jpsqwqK8\/pr:80\/aHR0cDovL21lZGlhMi5kZXNpZ25wYXJ0bmVyLmZyL2MvcC1ibGFuay1USC8yMTg4Mi53ZWJw?v=1773657907","medium":"https:\/\/media.th4.com\/Yi9uRz_UMS6z6_XrUO7mj4TFsf30fY9uGphK12spmtI\/pr:550x550greybg\/aHR0cDovL21lZGlhMi5kZXNpZ25wYXJ0bmVyLmZyL2MvcC1ibGFuay1USC8yMTg4Mi53ZWJw?v=1773657907","medium_large":"https:\/\/media.th4.com\/V-h4f38dtaf_a05u_bGr1KyqCootgfO5PC45GSKVPQI\/pr:1000x1000greybg\/aHR0cDovL21lZGlhMi5kZXNpZ25wYXJ0bmVyLmZyL2MvcC1ibGFuay1USC8yMTg4Mi53ZWJw?v=1773657907","large":"https:\/\/media.th4.com\/WArifgdO7zrNV62bSWJkaO9T_qU8vkdnjOSxwSDz1fU\/pr:1920greybg\/aHR0cDovL21lZGlhMi5kZXNpZ25wYXJ0bmVyLmZyL2MvcC1ibGFuay1USC8yMTg4Mi53ZWJw?v=1773657907","opengraph":"https:\/\/media.th4.com\/gYEJCZl2i5dBZHVQcyh4cY_W9nfbfIvGWGfLUD_4Y6g\/pr:1200x630greybg\/aHR0cDovL21lZGlhMi5kZXNpZ25wYXJ0bmVyLmZyL2MvcC1ibGFuay1USC8yMTg4Mi53ZWJw?v=1773657907"},"main_images_customization":{"miniature":"https:\/\/media.th4.com\/PGOS4Zl5Tha1dq9WazB0GdOho62v_cnjzHtN6X__MmM\/pr:80\/aHR0cDovL21lZGlhMi5kZXNpZ25wYXJ0bmVyLmZyL2MvcC1jdXN0b20tVEgvMjE4ODIud2VicA?v=1773658024","medium":"https:\/\/media.th4.com\/uwLZghzAL8PKpaXxJjtrRG2lkcHgD-nmOqGH6ge6TCI\/pr:550x550greybg\/aHR0cDovL21lZGlhMi5kZXNpZ25wYXJ0bmVyLmZyL2MvcC1jdXN0b20tVEgvMjE4ODIud2VicA?v=1773658024","medium_large":"https:\/\/media.th4.com\/57RjmxmyUZXGrj15YO0po9cpUSO8YxWqZiA4HLJZx74\/pr:1000x1000greybg\/aHR0cDovL21lZGlhMi5kZXNpZ25wYXJ0bmVyLmZyL2MvcC1jdXN0b20tVEgvMjE4ODIud2VicA?v=1773658024","large":"https:\/\/media.th4.com\/8RL6dsOEG_CKn5R5XajgOTbKRDwCoJ_XhiICOj0X_Qs\/pr:1920greybg\/aHR0cDovL21lZGlhMi5kZXNpZ25wYXJ0bmVyLmZyL2MvcC1jdXN0b20tVEgvMjE4ODIud2VicA?v=1773658024","opengraph":"https:\/\/media.th4.com\/6MdZlvGlGh-ykdksSDTuPJ4UxbU6ai37jh9fyg8dODU\/pr:1200x630greybg\/aHR0cDovL21lZGlhMi5kZXNpZ25wYXJ0bmVyLmZyL2MvcC1jdXN0b20tVEgvMjE4ODIud2VicA?v=1773658024"},"page_links":{"fr":"\/fr\/p-ko-kxcvw-comfort-vest-soltau-gilet-kxcvw-21882\/","en":"\/en\/p-ko-kxcvw-comfort-vest-soltau-vest-kxcvw-21882\/","de":"\/de\/p-ko-kxcvw-comfort-vest-soltau-sicherheitsweste-kxcvw-21882\/","nl":"\/nl\/p-ko-kxcvw-comfort-vest-soltau-veiligheidsvest-kxcvw-21882\/","es":"\/es\/p-ko-kxcvw-chaleco-comfort-vest-soltau-kxcvw-21882\/","it":"\/it\/p-ko-kxcvw-gilet-comfort-vest-soltau-kxcvw-21882\/","sv":"\/sv\/p-ko-kxcvw-comfort-vest-soltau-varselvast-kxcvw-21882\/","pt":"\/pt\/p-ko-kxcvw-colete-comfort-vest-soltau-kxcvw-21882\/","da":"\/da\/p-ko-kxcvw-comfort-vest-soltau-sikkerhedsvest-kxcvw-21882\/","pl":"\/pl\/p-ko-kxcvw-kamizelka-comfort-vest-soltau-kxcvw-21882\/"},"page_links_customization":{"fr":"\/fr\/p-ko-kxcvw-comfort-vest-soltau-gilet-kxcvw-personnalisable-21882\/custom\/","en":"\/en\/p-ko-kxcvw-comfort-vest-soltau-vest-kxcvw-customizable-21882\/custom\/","de":"\/de\/p-ko-kxcvw-comfort-vest-soltau-weste-kxcvw-personalisierbar-21882\/custom\/","nl":"\/nl\/p-ko-kxcvw-comfort-vest-soltau-hesje-kxcvw-personaliseerbaar-21882\/custom\/","es":"\/es\/p-ko-kxcvw-chaleco-comfort-vest-soltau-kxcvw-personalizable-21882\/custom\/","it":"\/it\/p-ko-kxcvw-gilet-comfort-vest-soltau-kxcvw-personalizzabile-21882\/custom\/","sv":"\/sv\/p-ko-kxcvw-comfort-vest-soltau-vast-kxcvw-anpassningsbar-21882\/custom\/","pt":"\/pt\/p-ko-kxcvw-colete-comfort-vest-soltau-kxcvw-personalizavel-21882\/custom\/","da":"\/da\/p-ko-kxcvw-comfort-vest-soltau-vest-kxcvw-kan-tilpasses-21882\/custom\/","pl":"\/pl\/p-ko-kxcvw-kamizelka-comfort-vest-soltau-kxcvw-z-mozliwoscia-personalizacji-21882\/custom\/"},"equivalent_products":[],"colors":[{"id":12729,"name":"signal_yellow","class_ids":[12],"codes_hexa":["EAE549"],"delai_24":false,"has_3d":false,"seuil_global":0,"stock_local":0,"stock_global":2403,"on_standby":false,"in_catalog":true,"images":{"miniature":["https:\/\/media.th4.com\/8h5hYngBNQM7PO5aSshENLVdVrHAFe0QtecdXrLBle8\/pr:80\/aHR0cDovL21lZGlhMi5kZXNpZ25wYXJ0bmVyLmZyL2MvcC8yMTg4Mi8yMTg4Mi0xMjcyOS0xLndlYnA?v=1773657075","https:\/\/media.th4.com\/J2h8sKtxVQ0KvVDnyK8HZ8QhWWxblf_UWhM9PXzgPLk\/pr:80\/aHR0cDovL21lZGlhMi5kZXNpZ25wYXJ0bmVyLmZyL2MvcC8yMTg4Mi8yMTg4Mi0xMjcyOS0yLndlYnA?v=1773657075"],"medium":["https:\/\/media.th4.com\/nRdSWNtsoHP8ZEU5ct-XgIyOw79Gd_zJS9NQJW1h6kI\/pr:550x550\/aHR0cDovL21lZGlhMi5kZXNpZ25wYXJ0bmVyLmZyL2MvcC8yMTg4Mi8yMTg4Mi0xMjcyOS0xLndlYnA?v=1773657075","https:\/\/media.th4.com\/yUuvMwfIS6lUfcA0yr8-gksIpHC90V_0w2o9e-bDAQg\/pr:550x550\/aHR0cDovL21lZGlhMi5kZXNpZ25wYXJ0bmVyLmZyL2MvcC8yMTg4Mi8yMTg4Mi0xMjcyOS0yLndlYnA?v=1773657075"],"medium_large":["https:\/\/media.th4.com\/_BRYUUZssMLBavQ_PHeTLKVAgHxP_OP6flN7bWoQnMw\/pr:1000x1000\/aHR0cDovL21lZGlhMi5kZXNpZ25wYXJ0bmVyLmZyL2MvcC8yMTg4Mi8yMTg4Mi0xMjcyOS0xLndlYnA?v=1773657075","https:\/\/media.th4.com\/nvVMn0iv0WxGjpQfR-ygKUBNJLBjZPoeEyhTipAphtg\/pr:1000x1000\/aHR0cDovL21lZGlhMi5kZXNpZ25wYXJ0bmVyLmZyL2MvcC8yMTg4Mi8yMTg4Mi0xMjcyOS0yLndlYnA?v=1773657075"],"large":["https:\/\/media.th4.com\/Zz0dD3HjfbiehxyARSW2itq5bmCDDdxt7v3_8voZGg0\/pr:1920\/aHR0cDovL21lZGlhMi5kZXNpZ25wYXJ0bmVyLmZyL2MvcC8yMTg4Mi8yMTg4Mi0xMjcyOS0xLndlYnA?v=1773657075","https:\/\/media.th4.com\/W-wIH8z9KJOI6S1EJoIzL1EYi7xm9vdliquhqLVhhmY\/pr:1920\/aHR0cDovL21lZGlhMi5kZXNpZ25wYXJ0bmVyLmZyL2MvcC8yMTg4Mi8yMTg4Mi0xMjcyOS0yLndlYnA?v=1773657075"],"opengraph":["https:\/\/media.th4.com\/Ew4Sp6ra9BgwBo8a_Wa-VedoidOBk91rQSsrXqywI6w\/pr:1200x630\/aHR0cDovL21lZGlhMi5kZXNpZ25wYXJ0bmVyLmZyL2MvcC8yMTg4Mi8yMTg4Mi0xMjcyOS0xLndlYnA?v=1773657075","https:\/\/media.th4.com\/JlH5c_nmzkZQxq4P0FaWonqF9hoC6dyB_5K1s9EN2Oo\/pr:1200x630\/aHR0cDovL21lZGlhMi5kZXNpZ25wYXJ0bmVyLmZyL2MvcC8yMTg4Mi8yMTg4Mi0xMjcyOS0yLndlYnA?v=1773657075"]},"images_customization":{"miniature":["https:\/\/media.th4.com\/8h5hYngBNQM7PO5aSshENLVdVrHAFe0QtecdXrLBle8\/pr:80\/aHR0cDovL21lZGlhMi5kZXNpZ25wYXJ0bmVyLmZyL2MvcC8yMTg4Mi8yMTg4Mi0xMjcyOS0xLndlYnA?v=1773657075","https:\/\/media.th4.com\/J2h8sKtxVQ0KvVDnyK8HZ8QhWWxblf_UWhM9PXzgPLk\/pr:80\/aHR0cDovL21lZGlhMi5kZXNpZ25wYXJ0bmVyLmZyL2MvcC8yMTg4Mi8yMTg4Mi0xMjcyOS0yLndlYnA?v=1773657075"],"medium":["https:\/\/media.th4.com\/nRdSWNtsoHP8ZEU5ct-XgIyOw79Gd_zJS9NQJW1h6kI\/pr:550x550\/aHR0cDovL21lZGlhMi5kZXNpZ25wYXJ0bmVyLmZyL2MvcC8yMTg4Mi8yMTg4Mi0xMjcyOS0xLndlYnA?v=1773657075","https:\/\/media.th4.com\/yUuvMwfIS6lUfcA0yr8-gksIpHC90V_0w2o9e-bDAQg\/pr:550x550\/aHR0cDovL21lZGlhMi5kZXNpZ25wYXJ0bmVyLmZyL2MvcC8yMTg4Mi8yMTg4Mi0xMjcyOS0yLndlYnA?v=1773657075"],"medium_large":["https:\/\/media.th4.com\/_BRYUUZssMLBavQ_PHeTLKVAgHxP_OP6flN7bWoQnMw\/pr:1000x1000\/aHR0cDovL21lZGlhMi5kZXNpZ25wYXJ0bmVyLmZyL2MvcC8yMTg4Mi8yMTg4Mi0xMjcyOS0xLndlYnA?v=1773657075","https:\/\/media.th4.com\/nvVMn0iv0WxGjpQfR-ygKUBNJLBjZPoeEyhTipAphtg\/pr:1000x1000\/aHR0cDovL21lZGlhMi5kZXNpZ25wYXJ0bmVyLmZyL2MvcC8yMTg4Mi8yMTg4Mi0xMjcyOS0yLndlYnA?v=1773657075"],"large":["https:\/\/media.th4.com\/Zz0dD3HjfbiehxyARSW2itq5bmCDDdxt7v3_8voZGg0\/pr:1920\/aHR0cDovL21lZGlhMi5kZXNpZ25wYXJ0bmVyLmZyL2MvcC8yMTg4Mi8yMTg4Mi0xMjcyOS0xLndlYnA?v=1773657075","https:\/\/media.th4.com\/W-wIH8z9KJOI6S1EJoIzL1EYi7xm9vdliquhqLVhhmY\/pr:1920\/aHR0cDovL21lZGlhMi5kZXNpZ25wYXJ0bmVyLmZyL2MvcC8yMTg4Mi8yMTg4Mi0xMjcyOS0yLndlYnA?v=1773657075"],"opengraph":["https:\/\/media.th4.com\/Ew4Sp6ra9BgwBo8a_Wa-VedoidOBk91rQSsrXqywI6w\/pr:1200x630\/aHR0cDovL21lZGlhMi5kZXNpZ25wYXJ0bmVyLmZyL2MvcC8yMTg4Mi8yMTg4Mi0xMjcyOS0xLndlYnA?v=1773657075","https:\/\/media.th4.com\/JlH5c_nmzkZQxq4P0FaWonqF9hoC6dyB_5K1s9EN2Oo\/pr:1200x630\/aHR0cDovL21lZGlhMi5kZXNpZ25wYXJ0bmVyLmZyL2MvcC8yMTg4Mi8yMTg4Mi0xMjcyOS0yLndlYnA?v=1773657075"]},"country_origin":"CN","traceability":{"manufacturing_country_id":61,"weaving_country_id":61,"dyeing_country_id":61},"sizes":[{"id":1853,"article_id":540123,"class_id":0,"name":"4XL\/5XL","on_standby":false,"stock_local":0,"stock_global":39,"multiple":1,"estimated_date_reassort":null,"is_destocking":false},{"id":78,"article_id":540125,"class_id":0,"name":"S\/M","on_standby":false,"stock_local":0,"stock_global":334,"multiple":1,"estimated_date_reassort":null,"is_destocking":false},{"id":77,"article_id":540124,"class_id":0,"name":"L\/XL","on_standby":false,"stock_local":0,"stock_global":1203,"multiple":1,"estimated_date_reassort":null,"is_destocking":false},{"id":934,"article_id":540126,"class_id":0,"name":"2XL\/3XL","on_standby":false,"stock_local":0,"stock_global":827,"multiple":1,"estimated_date_reassort":null,"is_destocking":false}],"page_links":{"fr":"\/fr\/p-ko-kxcvw-comfort-vest-soltau-gilet-kxcvw-21882\/signal-yellow-12729\/","en":"\/en\/p-ko-kxcvw-comfort-vest-soltau-vest-kxcvw-21882\/signal-yellow-12729\/","de":"\/de\/p-ko-kxcvw-comfort-vest-soltau-sicherheitsweste-kxcvw-21882\/signal-yellow-12729\/","nl":"\/nl\/p-ko-kxcvw-comfort-vest-soltau-veiligheidsvest-kxcvw-21882\/signal-yellow-12729\/","es":"\/es\/p-ko-kxcvw-chaleco-comfort-vest-soltau-kxcvw-21882\/signal-yellow-12729\/","it":"\/it\/p-ko-kxcvw-gilet-comfort-vest-soltau-kxcvw-21882\/signal-yellow-12729\/","sv":"\/sv\/p-ko-kxcvw-comfort-vest-soltau-varselvast-kxcvw-21882\/signal-yellow-12729\/","pt":"\/pt\/p-ko-kxcvw-colete-comfort-vest-soltau-kxcvw-21882\/signal-yellow-12729\/","da":"\/da\/p-ko-kxcvw-comfort-vest-soltau-sikkerhedsvest-kxcvw-21882\/signal-yellow-12729\/","pl":"\/pl\/p-ko-kxcvw-kamizelka-comfort-vest-soltau-kxcvw-21882\/signal-yellow-12729\/"},"page_links_customization":{"fr":"\/fr\/p-ko-kxcvw-comfort-vest-soltau-gilet-kxcvw-personnalisable-21882\/signal-yellow-12729\/custom\/","en":"\/en\/p-ko-kxcvw-comfort-vest-soltau-vest-kxcvw-customizable-21882\/signal-yellow-12729\/custom\/","de":"\/de\/p-ko-kxcvw-comfort-vest-soltau-weste-kxcvw-personalisierbar-21882\/signal-yellow-12729\/custom\/","nl":"\/nl\/p-ko-kxcvw-comfort-vest-soltau-hesje-kxcvw-personaliseerbaar-21882\/signal-yellow-12729\/custom\/","es":"\/es\/p-ko-kxcvw-chaleco-comfort-vest-soltau-kxcvw-personalizable-21882\/signal-yellow-12729\/custom\/","it":"\/it\/p-ko-kxcvw-gilet-comfort-vest-soltau-kxcvw-personalizzabile-21882\/signal-yellow-12729\/custom\/","sv":"\/sv\/p-ko-kxcvw-comfort-vest-soltau-vast-kxcvw-anpassningsbar-21882\/signal-yellow-12729\/custom\/","pt":"\/pt\/p-ko-kxcvw-colete-comfort-vest-soltau-kxcvw-personalizavel-21882\/signal-yellow-12729\/custom\/","da":"\/da\/p-ko-kxcvw-comfort-vest-soltau-vest-kxcvw-kan-tilpasses-21882\/signal-yellow-12729\/custom\/","pl":"\/pl\/p-ko-kxcvw-kamizelka-comfort-vest-soltau-kxcvw-z-mozliwoscia-personalizacji-21882\/signal-yellow-12729\/custom\/"}},{"id":12728,"name":"signal_orange","class_ids":[13,9],"codes_hexa":["FF7247"],"delai_24":false,"has_3d":false,"seuil_global":0,"stock_local":0,"stock_global":864,"on_standby":false,"in_catalog":true,"images":{"miniature":["https:\/\/media.th4.com\/BCmkirBkKExSmsmm2k1nZ5ajsxL9nj_ZqWvDwl17icE\/pr:80\/aHR0cDovL21lZGlhMi5kZXNpZ25wYXJ0bmVyLmZyL2MvcC8yMTg4Mi8yMTg4Mi0xMjcyOC0xLndlYnA?v=1773657073","https:\/\/media.th4.com\/-SN6zgpyhngpyAB6tzK_xSloMnduXjeSlMygpo56YZA\/pr:80\/aHR0cDovL21lZGlhMi5kZXNpZ25wYXJ0bmVyLmZyL2MvcC8yMTg4Mi8yMTg4Mi0xMjcyOC0yLndlYnA?v=1773657074"],"medium":["https:\/\/media.th4.com\/cw91rpkMCWz5Qw_xioffCzt32H01OKbEAPowdMDyv6g\/pr:550x550\/aHR0cDovL21lZGlhMi5kZXNpZ25wYXJ0bmVyLmZyL2MvcC8yMTg4Mi8yMTg4Mi0xMjcyOC0xLndlYnA?v=1773657073","https:\/\/media.th4.com\/hSGduneHFUh27AfyGN-SN5sz4SpABbMPKtY4_XxOMOo\/pr:550x550\/aHR0cDovL21lZGlhMi5kZXNpZ25wYXJ0bmVyLmZyL2MvcC8yMTg4Mi8yMTg4Mi0xMjcyOC0yLndlYnA?v=1773657074"],"medium_large":["https:\/\/media.th4.com\/_UjFZ1W6L9Rzhdt1njQ6L4UU0dhUSJtxTJW2fMoUc3s\/pr:1000x1000\/aHR0cDovL21lZGlhMi5kZXNpZ25wYXJ0bmVyLmZyL2MvcC8yMTg4Mi8yMTg4Mi0xMjcyOC0xLndlYnA?v=1773657073","https:\/\/media.th4.com\/U6uBh75io7YKWnU9jYm7v9SfkRyCiapPQ9xwbMCBBx4\/pr:1000x1000\/aHR0cDovL21lZGlhMi5kZXNpZ25wYXJ0bmVyLmZyL2MvcC8yMTg4Mi8yMTg4Mi0xMjcyOC0yLndlYnA?v=1773657074"],"large":["https:\/\/media.th4.com\/UpymXky84eK9F-5PbN4JukOfBoLa8YX24I8X-sn68r0\/pr:1920\/aHR0cDovL21lZGlhMi5kZXNpZ25wYXJ0bmVyLmZyL2MvcC8yMTg4Mi8yMTg4Mi0xMjcyOC0xLndlYnA?v=1773657073","https:\/\/media.th4.com\/y_BwPweafrjwuW6GPmnur3VCkqJQVQB5zw8ejPrnHFs\/pr:1920\/aHR0cDovL21lZGlhMi5kZXNpZ25wYXJ0bmVyLmZyL2MvcC8yMTg4Mi8yMTg4Mi0xMjcyOC0yLndlYnA?v=1773657074"],"opengraph":["https:\/\/media.th4.com\/7cvgRI1zt1FWkGrMJ-rG562IJr0rq787LfO6d78M2hU\/pr:1200x630\/aHR0cDovL21lZGlhMi5kZXNpZ25wYXJ0bmVyLmZyL2MvcC8yMTg4Mi8yMTg4Mi0xMjcyOC0xLndlYnA?v=1773657073","https:\/\/media.th4.com\/ZKbSGGui94XMiZ6XtYjtVnWglO51gsGaHFk4RzMRstc\/pr:1200x630\/aHR0cDovL21lZGlhMi5kZXNpZ25wYXJ0bmVyLmZyL2MvcC8yMTg4Mi8yMTg4Mi0xMjcyOC0yLndlYnA?v=1773657074"]},"images_customization":{"miniature":["https:\/\/media.th4.com\/BCmkirBkKExSmsmm2k1nZ5ajsxL9nj_ZqWvDwl17icE\/pr:80\/aHR0cDovL21lZGlhMi5kZXNpZ25wYXJ0bmVyLmZyL2MvcC8yMTg4Mi8yMTg4Mi0xMjcyOC0xLndlYnA?v=1773657073","https:\/\/media.th4.com\/-SN6zgpyhngpyAB6tzK_xSloMnduXjeSlMygpo56YZA\/pr:80\/aHR0cDovL21lZGlhMi5kZXNpZ25wYXJ0bmVyLmZyL2MvcC8yMTg4Mi8yMTg4Mi0xMjcyOC0yLndlYnA?v=1773657074"],"medium":["https:\/\/media.th4.com\/cw91rpkMCWz5Qw_xioffCzt32H01OKbEAPowdMDyv6g\/pr:550x550\/aHR0cDovL21lZGlhMi5kZXNpZ25wYXJ0bmVyLmZyL2MvcC8yMTg4Mi8yMTg4Mi0xMjcyOC0xLndlYnA?v=1773657073","https:\/\/media.th4.com\/hSGduneHFUh27AfyGN-SN5sz4SpABbMPKtY4_XxOMOo\/pr:550x550\/aHR0cDovL21lZGlhMi5kZXNpZ25wYXJ0bmVyLmZyL2MvcC8yMTg4Mi8yMTg4Mi0xMjcyOC0yLndlYnA?v=1773657074"],"medium_large":["https:\/\/media.th4.com\/_UjFZ1W6L9Rzhdt1njQ6L4UU0dhUSJtxTJW2fMoUc3s\/pr:1000x1000\/aHR0cDovL21lZGlhMi5kZXNpZ25wYXJ0bmVyLmZyL2MvcC8yMTg4Mi8yMTg4Mi0xMjcyOC0xLndlYnA?v=1773657073","https:\/\/media.th4.com\/U6uBh75io7YKWnU9jYm7v9SfkRyCiapPQ9xwbMCBBx4\/pr:1000x1000\/aHR0cDovL21lZGlhMi5kZXNpZ25wYXJ0bmVyLmZyL2MvcC8yMTg4Mi8yMTg4Mi0xMjcyOC0yLndlYnA?v=1773657074"],"large":["https:\/\/media.th4.com\/UpymXky84eK9F-5PbN4JukOfBoLa8YX24I8X-sn68r0\/pr:1920\/aHR0cDovL21lZGlhMi5kZXNpZ25wYXJ0bmVyLmZyL2MvcC8yMTg4Mi8yMTg4Mi0xMjcyOC0xLndlYnA?v=1773657073","https:\/\/media.th4.com\/y_BwPweafrjwuW6GPmnur3VCkqJQVQB5zw8ejPrnHFs\/pr:1920\/aHR0cDovL21lZGlhMi5kZXNpZ25wYXJ0bmVyLmZyL2MvcC8yMTg4Mi8yMTg4Mi0xMjcyOC0yLndlYnA?v=1773657074"],"opengraph":["https:\/\/media.th4.com\/7cvgRI1zt1FWkGrMJ-rG562IJr0rq787LfO6d78M2hU\/pr:1200x630\/aHR0cDovL21lZGlhMi5kZXNpZ25wYXJ0bmVyLmZyL2MvcC8yMTg4Mi8yMTg4Mi0xMjcyOC0xLndlYnA?v=1773657073","https:\/\/media.th4.com\/ZKbSGGui94XMiZ6XtYjtVnWglO51gsGaHFk4RzMRstc\/pr:1200x630\/aHR0cDovL21lZGlhMi5kZXNpZ25wYXJ0bmVyLmZyL2MvcC8yMTg4Mi8yMTg4Mi0xMjcyOC0yLndlYnA?v=1773657074"]},"country_origin":"CN","traceability":{"manufacturing_country_id":61,"weaving_country_id":61,"dyeing_country_id":61},"sizes":[{"id":1853,"article_id":540119,"class_id":0,"name":"4XL\/5XL","on_standby":false,"stock_local":0,"stock_global":168,"multiple":1,"estimated_date_reassort":null,"is_destocking":false},{"id":78,"article_id":540121,"class_id":0,"name":"S\/M","on_standby":false,"stock_local":0,"stock_global":106,"multiple":1,"estimated_date_reassort":null,"is_destocking":false},{"id":77,"article_id":540120,"class_id":0,"name":"L\/XL","on_standby":false,"stock_local":0,"stock_global":341,"multiple":1,"estimated_date_reassort":null,"is_destocking":false},{"id":934,"article_id":540122,"class_id":0,"name":"2XL\/3XL","on_standby":false,"stock_local":0,"stock_global":249,"multiple":1,"estimated_date_reassort":null,"is_destocking":false}],"page_links":{"fr":"\/fr\/p-ko-kxcvw-comfort-vest-soltau-gilet-kxcvw-21882\/signal-orange-12728\/","en":"\/en\/p-ko-kxcvw-comfort-vest-soltau-vest-kxcvw-21882\/signal-orange-12728\/","de":"\/de\/p-ko-kxcvw-comfort-vest-soltau-sicherheitsweste-kxcvw-21882\/signal-orange-12728\/","nl":"\/nl\/p-ko-kxcvw-comfort-vest-soltau-veiligheidsvest-kxcvw-21882\/signal-orange-12728\/","es":"\/es\/p-ko-kxcvw-chaleco-comfort-vest-soltau-kxcvw-21882\/signal-orange-12728\/","it":"\/it\/p-ko-kxcvw-gilet-comfort-vest-soltau-kxcvw-21882\/signal-orange-12728\/","sv":"\/sv\/p-ko-kxcvw-comfort-vest-soltau-varselvast-kxcvw-21882\/signal-orange-12728\/","pt":"\/pt\/p-ko-kxcvw-colete-comfort-vest-soltau-kxcvw-21882\/signal-orange-12728\/","da":"\/da\/p-ko-kxcvw-comfort-vest-soltau-sikkerhedsvest-kxcvw-21882\/signal-orange-12728\/","pl":"\/pl\/p-ko-kxcvw-kamizelka-comfort-vest-soltau-kxcvw-21882\/signal-orange-12728\/"},"page_links_customization":{"fr":"\/fr\/p-ko-kxcvw-comfort-vest-soltau-gilet-kxcvw-personnalisable-21882\/signal-orange-12728\/custom\/","en":"\/en\/p-ko-kxcvw-comfort-vest-soltau-vest-kxcvw-customizable-21882\/signal-orange-12728\/custom\/","de":"\/de\/p-ko-kxcvw-comfort-vest-soltau-weste-kxcvw-personalisierbar-21882\/signal-orange-12728\/custom\/","nl":"\/nl\/p-ko-kxcvw-comfort-vest-soltau-hesje-kxcvw-personaliseerbaar-21882\/signal-orange-12728\/custom\/","es":"\/es\/p-ko-kxcvw-chaleco-comfort-vest-soltau-kxcvw-personalizable-21882\/signal-orange-12728\/custom\/","it":"\/it\/p-ko-kxcvw-gilet-comfort-vest-soltau-kxcvw-personalizzabile-21882\/signal-orange-12728\/custom\/","sv":"\/sv\/p-ko-kxcvw-comfort-vest-soltau-vast-kxcvw-anpassningsbar-21882\/signal-orange-12728\/custom\/","pt":"\/pt\/p-ko-kxcvw-colete-comfort-vest-soltau-kxcvw-personalizavel-21882\/signal-orange-12728\/custom\/","da":"\/da\/p-ko-kxcvw-comfort-vest-soltau-vest-kxcvw-kan-tilpasses-21882\/signal-orange-12728\/custom\/","pl":"\/pl\/p-ko-kxcvw-kamizelka-comfort-vest-soltau-kxcvw-z-mozliwoscia-personalizacji-21882\/signal-orange-12728\/custom\/"}}],"documentation_link":"\/pdf\/21882.pdf","countries_availables":["AD","AE","AL","AT","BA","BD","BE","BG","BL","CA","CH","CN","CO","CY","CZ","DE","DK","DO","EE","EG","ES","ET","FI","FR","GB","GE","GF","GP","GR","GT","HK","HN","HR","HT","HU","ID","IE","IN","IS","IT","JO","JP","KE","KH","KP","KR","LA","LK","LS","LT","LU","LV","MA","MF","MG","MK","MM","MN","MQ","MT","MX","MY","NC","NI","NL","PF","PH","PK","PL","PM","PT","RE","RO","SE","SG","SI","SK","SV","SY","TH","TN","TR","TW","TZ","US","VN","WF","YT"]},"infos_customization":[],"features":{"authorize_multi_surfaces":true,"display_order_delay_type":true,"promote_surface_display":true,"tarification_franco_offert":true,"enabled_3d_editor":false},"markings":[{"id":0,"nom":"vierge","finition":null,"libelle":null,"code":null,"dpi":null,"finesse_forme_isolee":null,"finesse_forme_non_isolee":null,"hauteur_minimale_texte":null,"inactif":0,"marquage_interne":1,"quantite_min":null,"parent_id":null,"print_on_support":0,"content":"vierge","description":null},{"id":2,"nom":"fonce","finition":"optimale","libelle":"TopQuadri","code":null,"dpi":400,"finesse_forme_isolee":"0.040","finesse_forme_non_isolee":"0.700","hauteur_minimale_texte":2,"inactif":0,"marquage_interne":1,"quantite_min":null,"parent_id":18,"print_on_support":0,"content":"TopQuadri","description":"pour petites et moyennes s\u00e9ries"},{"id":3,"nom":"serigraphie","finition":"serigraphie","libelle":"SeriCoat","code":null,"dpi":400,"finesse_forme_isolee":"0.040","finesse_forme_non_isolee":"0.700","hauteur_minimale_texte":2,"inactif":0,"marquage_interne":1,"quantite_min":15,"parent_id":18,"print_on_support":0,"content":"SeriCoat","description":"pour moyennes et grandes s\u00e9ries"},{"id":4,"nom":"broderie","finition":"broderie","libelle":"Broderie","code":null,"dpi":400,"finesse_forme_isolee":"0.040","finesse_forme_non_isolee":"0.700","hauteur_minimale_texte":3,"inactif":0,"marquage_interne":1,"quantite_min":null,"parent_id":null,"print_on_support":0,"content":"Broderie","description":null},{"id":8,"nom":"theme","finition":null,"libelle":"Th\u00e8me","code":null,"dpi":null,"finesse_forme_isolee":null,"finesse_forme_non_isolee":null,"hauteur_minimale_texte":null,"inactif":0,"marquage_interne":1,"quantite_min":null,"parent_id":null,"print_on_support":0,"content":"Th\u00e8me","description":null},{"id":9,"nom":"sans","finition":null,"libelle":null,"code":null,"dpi":null,"finesse_forme_isolee":null,"finesse_forme_non_isolee":null,"hauteur_minimale_texte":null,"inactif":0,"marquage_interne":1,"quantite_min":null,"parent_id":null,"print_on_support":0,"content":"sans","description":null},{"id":10,"nom":"photo","finition":null,"libelle":"Photo","code":null,"dpi":null,"finesse_forme_isolee":null,"finesse_forme_non_isolee":null,"hauteur_minimale_texte":null,"inactif":0,"marquage_interne":1,"quantite_min":null,"parent_id":null,"print_on_support":0,"content":"Photo","description":null},{"id":14,"nom":"couleur","finition":null,"libelle":"Couleur","code":null,"dpi":null,"finesse_forme_isolee":null,"finesse_forme_non_isolee":null,"hauteur_minimale_texte":null,"inactif":0,"marquage_interne":1,"quantite_min":null,"parent_id":null,"print_on_support":0,"content":"Couleur","description":null},{"id":15,"nom":"sublimation","finition":"sublimation","libelle":"Sublimation","code":null,"dpi":null,"finesse_forme_isolee":"0.000","finesse_forme_non_isolee":"0.000","hauteur_minimale_texte":2,"inactif":0,"marquage_interne":1,"quantite_min":null,"parent_id":null,"print_on_support":0,"content":"Sublimation","description":null},{"id":16,"nom":"topquadri_uv","finition":null,"libelle":"TopQuadri UV","code":null,"dpi":null,"finesse_forme_isolee":"0.020","finesse_forme_non_isolee":"0.700","hauteur_minimale_texte":2,"inactif":0,"marquage_interne":1,"quantite_min":null,"parent_id":null,"print_on_support":1,"content":null,"description":null},{"id":17,"nom":"topquadri_uvp","finition":null,"libelle":"TopQuadri UVP","code":null,"dpi":null,"finesse_forme_isolee":"0.020","finesse_forme_non_isolee":"0.700","hauteur_minimale_texte":2,"inactif":0,"marquage_interne":1,"quantite_min":null,"parent_id":null,"print_on_support":1,"content":null,"description":null},{"id":18,"nom":"quadri","finition":null,"libelle":"Impression","code":null,"dpi":null,"finesse_forme_isolee":null,"finesse_forme_non_isolee":null,"hauteur_minimale_texte":null,"inactif":0,"marquage_interne":1,"quantite_min":null,"parent_id":null,"print_on_support":0,"content":null,"description":null}]}}