{"data":{"product":{"id":21881,"titre":"Padded Ccomfort Executive Safety Vest \"WISMAR\"","description":"Gilet de s\u00e9curit\u00e9 multifonctionnel avec poches et deux bandes r\u00e9fl\u00e9chissantes de 5 cm de large autour du corps et sur les \u00e9paules. Doublure int\u00e9rieure l\u00e9g\u00e8re. Composition : 100 % polyester.","genre":"mixte","grammage":120,"conditionnement":50,"composition":"polyester,polyester_uniquement","reference":"ko-kxcmfp","reference_visible":"ko-kxcmfp","reference_fabricant":"KXCMFP","ref_xor":"721724","in_catalog":true,"is_transfer":false,"is_service":false,"on_standby":false,"has_3d":false,"has_size_guide":false,"has_marking":true,"has_vierge":true,"is_cross_sellable":false,"id_picto":110,"filename_3d":null,"brand":{"id":170,"name":"Korntex","logo":"logo-korntex.png","image":"https:\/\/media.th4.com\/cQDqQljenSY7VSYcQdvIaNfOwg9YRdZ-qoOzoO5ebsQ\/pr:brand70x70\/aHR0cDovL21lZGlhMi5kZXNpZ25wYXJ0bmVyLmZyL2MvbS9sb2dvLWtvcm50ZXgucG5n"},"price_infos":{"price_from":11.5,"quantity":200,"color":{"id":12728,"name":"signal_orange"},"size":{"id":1,"name":"L"}},"price_infos_marking":{"price_from":15.89,"quantity":250,"color":{"id":12728,"name":"signal_orange"},"size":{"id":1,"name":"L"},"marking":{"id":2,"name":""},"emplacement":"dos","surface_emplacement_id":6437,"surface":"Nuque"},"i18n":{"blank":{"title":{"fr":"Ccomfort wismar vest gilet KORNTEX kxcmfp","en":"Ccomfort wismar vest KORNTEX kxcmfp","de":"Ccomfort Wismar Vest Sicherheitsweste KORNTEX kxcmfp","nl":"Ccomfort wismar vest veiligheidsvest KORNTEX kxcmfp","es":"Chaleco Ccomfort Wismar KORNTEX kxcmfp","it":"Gilet Ccomfort Wismar KORNTEX kxcmfp","sv":"Ccomfort wismar v\u00e4st KORNTEX kxcmfp","pt":"Colete Ccomfort wismar vest KORNTEX kxcmfp","da":"Ccomfort wismar vest sikkerhedsvest KORNTEX kxcmfp","pl":"Kamizelka Ccomfort Wismar KORNTEX kxcmfp"},"description":{"fr":"Le Ccomfort Wismar vest est un gilet s\u00e9curit\u00e9 multifonctionnel avec poches et doublure int\u00e9rieure l\u00e9g\u00e8re. Deux bandes r\u00e9fl\u00e9chissantes de 5 cm sont plac\u00e9es autour du corps et sur les \u00e9paules pour une meilleure visibilit\u00e9 dans les usages courants.\n\n- Composition : 100 % polyester\n- Doublure int\u00e9rieure l\u00e9g\u00e8re\n- Poches int\u00e9gr\u00e9es\n- Deux bandes r\u00e9fl\u00e9chissantes de 5 cm","en":"The Ccomfort Wismar vest is a multifunctional safety vest with pockets and a light inner lining. Two reflective bands are placed around the body and on the shoulders for better visibility in everyday use.\n\n- Composition: 100% polyester\n- Light inner lining\n- Integrated pockets\n- Two reflective bands","de":"Die Ccomfort Wismar Vest ist eine multifunktionale Sicherheitsweste mit Taschen und leichtem Innenfutter. Zwei reflektierende 5-cm-Streifen sind um den K\u00f6rper und auf den Schultern angebracht und sorgen f\u00fcr bessere Sichtbarkeit bei \u00fcblichen Eins\u00e4tzen.\n\n- Material: 100 % Polyester\n- Leichtes Innenfutter\n- Integrierte Taschen\n- Zwei reflektierende 5-cm-Streifen","nl":"De Ccomfort Wismar vest is een multifunctioneel veiligheidsvest met zakken en een lichte binnenvoering. Twee reflecterende banden van 5 cm zijn rond de romp en op de schouders geplaatst voor betere zichtbaarheid bij gangbaar gebruik.\n\n- Samenstelling: 100% polyester\n- Lichte binnenvoering\n- Ge\u00efntegreerde zakken\n- Twee reflecterende banden van 5 cm","es":"El Ccomfort Wismar vest es un chaleco de seguridad multifuncional con bolsillos y forro interior ligero. Dos bandas reflectantes de 5 cm est\u00e1n colocadas alrededor del cuerpo y sobre los hombros para una mejor visibilidad en usos habituales.\n\n- Composici\u00f3n: 100 % poli\u00e9ster\n- Forro interior ligero\n- Bolsillos integrados\n- Dos bandas reflectantes de 5 cm","it":"Il Ccomfort Wismar vest \u00e8 un gilet di sicurezza multifunzionale con tasche e fodera interna leggera. Due bande riflettenti sono posizionate attorno al corpo e sulle spalle per una migliore visibilit\u00e0 negli usi correnti.\n\n- Composizione: 100% poliestere\n- Fodera interna leggera\n- Tasche integrate\n- Due bande riflettenti","sv":"Ccomfort Wismar vest \u00e4r en multifunktionell s\u00e4kerhetsv\u00e4st med fickor och l\u00e4tt innerfoder. Tv\u00e5 reflexband \u00e4r placerade runt kroppen och p\u00e5 axlarna f\u00f6r b\u00e4ttre synlighet vid vanlig anv\u00e4ndning.\n\n- Material: 100 % polyester\n- L\u00e4tt innerfoder\n- Integrerade fickor\n- Tv\u00e5 reflexband","pt":"O Ccomfort Wismar vest \u00e9 um colete de seguran\u00e7a multifuncional com bolsos e forro interior leve. Duas faixas refletoras est\u00e3o colocadas \u00e0 volta do corpo e nos ombros para melhor visibilidade em utiliza\u00e7\u00f5es correntes.\n\n- Composi\u00e7\u00e3o: 100 % poli\u00e9ster\n- Forro interior leve\n- Bolsos integrados\n- Duas faixas refletoras","da":"Ccomfort Wismar vest er en multifunktionel sikkerhedsvest med lommer og let inderfor. To reflekterende striber er placeret rundt om kroppen og p\u00e5 skuldrene for bedre synlighed ved almindelig brug.\n\n- Sammens\u00e6tning: 100 % polyester\n- Let inderfor\n- Integrerede lommer\n- To reflekterende striber","pl":"Kamizelka Ccomfort Wismar to wielofunkcyjna kamizelka bezpiecze\u0144stwa z kieszeniami i lekk\u0105 podszewk\u0105 wewn\u0119trzn\u0105. Dwie ta\u015bmy odblaskowe s\u0105 umieszczone wok\u00f3\u0142 tu\u0142owia i na ramionach dla lepszej widoczno\u015bci w codziennym u\u017cytkowaniu.\n\n- Sk\u0142ad: 100 % poliester\n- Lekka podszewka wewn\u0119trzna\n- Zintegrowane kieszenie\n- Dwie ta\u015bmy odblaskowe"},"h1":{"fr":"Ccomfort wismar vest gilet kxcmfp","en":"Ccomfort wismar vest kxcmfp","de":"Ccomfort Wismar Vest Sicherheitsweste kxcmfp","nl":"Ccomfort wismar vest veiligheidsvest kxcmfp","es":"Chaleco Ccomfort Wismar kxcmfp","it":"Gilet Ccomfort Wismar kxcmfp","sv":"Ccomfort wismar v\u00e4st kxcmfp","pt":"Colete Ccomfort wismar vest kxcmfp","da":"Ccomfort wismar vest sikkerhedsvest kxcmfp","pl":"Kamizelka Ccomfort Wismar kxcmfp"},"meta_description":{"fr":"Ccomfort Wismar vest gilet s\u00e9curit\u00e9 kxcmfp avec poches, doublure int\u00e9rieure l\u00e9g\u00e8re et deux bandes r\u00e9fl\u00e9chissantes de 5 cm sur corps et \u00e9paules.","en":"Ccomfort Wismar safety vest kxcmfp with pockets, light inner lining and two reflective bands on the body and shoulders.","de":"Ccomfort Wismar Vest Sicherheitsweste kxcmfp mit Taschen, leichtem Innenfutter und zwei reflektierenden 5-cm-Streifen an K\u00f6rper und Schultern.","nl":"Ccomfort Wismar vest veiligheidsvest kxcmfp met zakken, lichte binnenvoering en twee reflecterende banden van 5 cm op de romp en schouders.","es":"Chaleco de seguridad Ccomfort Wismar kxcmfp con bolsillos, forro interior ligero y dos bandas reflectantes de 5 cm en el cuerpo y los hombros.","it":"Gilet di sicurezza Ccomfort Wismar kxcmfp con tasche, fodera interna leggera e due bande riflettenti sul corpo e sulle spalle.","sv":"Ccomfort Wismar s\u00e4kerhetsv\u00e4st kxcmfp med fickor, l\u00e4tt innerfoder och tv\u00e5 reflexband p\u00e5 kropp och axlar.","pt":"Colete de seguran\u00e7a Ccomfort Wismar vest kxcmfp com bolsos, forro interior leve e duas faixas refletoras no corpo e nos ombros.","da":"Ccomfort Wismar vest sikkerhedsvest kxcmfp med lommer, let inderfor og to reflekterende striber p\u00e5 kroppen og skuldrene.","pl":"Kamizelka bezpiecze\u0144stwa Ccomfort Wismar kxcmfp z kieszeniami, lekk\u0105 podszewk\u0105 wewn\u0119trzn\u0105 i dwoma ta\u015bmami odblaskowymi na tu\u0142owiu i ramionach."}},"custom":{"title":{"fr":"Ccomfort gilet wismar KORNTEX kxcmfp personnalisable","en":"Ccomfort Wismar KORNTEX vest kxcmfp customizable","de":"Ccomfort Warnweste Wismar KORNTEX kxcmfp personalisierbar","nl":"Ccomfort Wismar bodywarmer KORNTEX kxcmfp personaliseerbaar","es":"Chaleco Wismar Ccomfort KORNTEX kxcmfp personalizable","it":"Gilet Wismar Ccomfort KORNTEX kxcmfp personalizzabile","sv":"Ccomfort Wismar-v\u00e4st KORNTEX kxcmfp anpassningsbar","pt":"Colete wismar Ccomfort KORNTEX kxcmfp personaliz\u00e1vel","da":"Ccomfort Wismar vest KORNTEX kxcmfp kan tilpasses","pl":"Ccomfort kamizelka wismar KORNTEX kxcmfp z mo\u017cliwo\u015bci\u0105 personalizacji"},"description":{"fr":"Le Ccomfort Gilet Wismar est un gilet de s\u00e9curit\u00e9 multifonctionnel avec poches et doublure int\u00e9rieure l\u00e9g\u00e8re. Il convient aux usages n\u00e9cessitant visibilit\u00e9 et rangement pratique, avec deux bandes r\u00e9fl\u00e9chissantes de 5 cm autour du corps et sur les \u00e9paules. Personnalisation possible.\n\n- Composition : 100 % polyester\n- Doublure int\u00e9rieure l\u00e9g\u00e8re\n- Deux bandes r\u00e9fl\u00e9chissantes de 5 cm\n- Personnalisation possible","en":"The Ccomfort Wismar Vest is a multifunctional safety vest with pockets and a light inner lining. It is suitable for uses requiring visibility and practical storage, with two 5 cm reflective bands around the body and on the shoulders. Customization possible.\n\n- Composition: 100% polyester\n- Light inner lining\n- Two 5 cm reflective bands\n- Customization possible","de":"Die Ccomfort Warnweste Wismar ist eine multifunktionale Sicherheitsweste mit Taschen und leichtem Innenfutter. Sie eignet sich f\u00fcr Eins\u00e4tze, bei denen Sichtbarkeit und praktische Aufbewahrung erforderlich sind, mit zwei 5 cm breiten Reflexstreifen um den K\u00f6rper und auf den Schultern. Personalisierung m\u00f6glich.\n\n- Zusammensetzung: 100 % Polyester\n- Leichtes Innenfutter\n- Zwei 5 cm breite Reflexstreifen\n- Personalisierung m\u00f6glich","nl":"De Ccomfort Wismar bodywarmer is een multifunctionele veiligheidsbodywarmer met zakken en lichte binnenvoering. Geschikt voor gebruik waarbij zichtbaarheid en praktische opbergruimte nodig zijn, met twee reflecterende banden van 5 cm rondom het lichaam en op de schouders. Personalisatie mogelijk.\n\n- Samenstelling: 100 % polyester\n- Lichte binnenvoering\n- Twee reflecterende banden van 5 cm\n- Personalisatie mogelijk","es":"El chaleco Wismar Ccomfort es un chaleco de seguridad multifuncional con bolsillos y forro interior ligero. Es adecuado para usos que requieren visibilidad y almacenamiento pr\u00e1ctico, con dos bandas reflectantes de 5 cm alrededor del cuerpo y sobre los hombros. Personalizaci\u00f3n posible.\n\n- Composici\u00f3n: 100 % poli\u00e9ster\n- Forro interior ligero\n- Dos bandas reflectantes de 5 cm\n- Personalizaci\u00f3n posible","it":"Il gilet Wismar Ccomfort \u00e8 un gilet di sicurezza multifunzione con tasche e fodera interna leggera. \u00c8 adatto agli usi che richiedono visibilit\u00e0 e spazio di contenimento pratico, con due bande riflettenti di 5 cm intorno al corpo e sulle spalle. Personalizzazione possibile.\n\n- Composizione: 100% poliestere\n- Fodera interna leggera\n- Due bande riflettenti di 5 cm\n- Personalizzazione possibile","sv":"Ccomfort Wismar \u00e4r en multifunktionell s\u00e4kerhetsv\u00e4st med fickor och l\u00e4tt innerfoder. Den \u00e4r l\u00e4mplig f\u00f6r anv\u00e4ndning som kr\u00e4ver synlighet och praktisk f\u00f6rvaring, med tv\u00e5 reflekterande band runt kroppen och p\u00e5 axlarna. Anpassning m\u00f6jlig.\n\n- Sammans\u00e4ttning: 100 % polyester\n- L\u00e4tt innerfoder\n- Tv\u00e5 reflekterande band\n- Anpassning m\u00f6jlig","pt":"O Colete Wismar Ccomfort \u00e9 um colete de seguran\u00e7a multifuncional com bolsos e forro interior leve. Adequa-se a utiliza\u00e7\u00f5es que exigem visibilidade e arruma\u00e7\u00e3o pr\u00e1tica, com duas bandas refletoras \u00e0 volta do corpo e nos ombros. Personaliza\u00e7\u00e3o poss\u00edvel.\n\n- Composi\u00e7\u00e3o: 100 % poli\u00e9ster\n- Forro interior leve\n- Duas bandas refletoras\n- Personaliza\u00e7\u00e3o poss\u00edvel","da":"Ccomfort Wismar er en multifunktionel sikkerhedsvest med lommer og let inderfor. Den er egnet til brug, der kr\u00e6ver synlighed og praktisk opbevaring, med to reflekterende b\u00e5nd p\u00e5 5 cm rundt om kroppen og p\u00e5 skuldrene. Tilpasning mulig.\n\n- Sammens\u00e6tning: 100 % polyester\n- Let inderfor\n- To reflekterende b\u00e5nd p\u00e5 5 cm\n- Tilpasning mulig","pl":"Ccomfort kamizelka Wismar to wielofunkcyjna kamizelka bezpiecze\u0144stwa z kieszeniami i lekk\u0105 podszewk\u0105 wewn\u0119trzn\u0105. Nadaje si\u0119 do zastosowa\u0144 wymagaj\u0105cych widoczno\u015bci i praktycznego przechowywania, z dwoma ta\u015bmami odblaskowymi o szeroko\u015bci 5 cm wok\u00f3\u0142 tu\u0142owia oraz na ramionach. Mo\u017cliwo\u015b\u0107 personalizacji.\n\n- Sk\u0142ad: 100 % poliester\n- Lekka podszewka wewn\u0119trzna\n- Dwie ta\u015bmy odblaskowe o szeroko\u015bci 5 cm\n- Mo\u017cliwo\u015b\u0107 personalizacji"},"h1":{"fr":"Ccomfort gilet wismar kxcmfp personnalisable","en":"Ccomfort Wismar vest kxcmfp customizable","de":"Ccomfort Warnweste Wismar kxcmfp personalisierbar","nl":"Ccomfort Wismar bodywarmer kxcmfp personaliseerbaar","es":"Chaleco Wismar Ccomfort kxcmfp personalizable","it":"Gilet Wismar Ccomfort kxcmfp personalizzabile","sv":"Ccomfort Wismar-v\u00e4st kxcmfp anpassningsbar","pt":"Colete wismar Ccomfort kxcmfp personaliz\u00e1vel","da":"Ccomfort Wismar vest kxcmfp kan tilpasses","pl":"Ccomfort kamizelka wismar kxcmfp z mo\u017cliwo\u015bci\u0105 personalizacji"},"meta_description":{"fr":"Ccomfort Gilet Wismar multifonctionnel avec poches, doublure int\u00e9rieure l\u00e9g\u00e8re et bandes r\u00e9fl\u00e9chissantes autour du corps et sur les \u00e9paules.","en":"Ccomfort Wismar multifunctional safety vest with pockets, light inner lining, and reflective bands around the body and on the shoulders.","de":"Ccomfort Warnweste Wismar multifunktional mit Taschen, leichtem Innenfutter und Reflexstreifen um den K\u00f6rper und auf den Schultern.","nl":"Ccomfort Wismar multifunctionele bodywarmer met zakken, lichte binnenvoering en reflecterende banden rondom het lichaam en op de schouders.","es":"Chaleco Wismar Ccomfort multifuncional con bolsillos, forro interior ligero y bandas reflectantes alrededor del cuerpo y sobre los hombros.","it":"Gilet Wismar Ccomfort multifunzione con tasche, fodera interna leggera e bande riflettenti intorno al corpo e sulle spalle.","sv":"Ccomfort Wismar multifunktionell s\u00e4kerhetsv\u00e4st med fickor, l\u00e4tt innerfoder och reflekterande band runt kroppen och p\u00e5 axlarna.","pt":"Colete Wismar Ccomfort multifuncional com bolsos, forro interior leve e bandas refletoras \u00e0 volta do corpo e nos ombros.","da":"Ccomfort Wismar multifunktionel sikkerhedsvest med lommer, let inderfor og reflekterende b\u00e5nd rundt om kroppen og p\u00e5 skuldrene.","pl":"Ccomfort kamizelka Wismar wielofunkcyjna z kieszeniami, lekk\u0105 podszewk\u0105 wewn\u0119trzn\u0105 i ta\u015bmami odblaskowymi wok\u00f3\u0142 tu\u0142owia oraz na ramionach."}}},"categories":[{"id":329,"name":"Vestes et gilets de s\u00e9curit\u00e9","singular":"Veste et gilet de s\u00e9curit\u00e9","is_feminin":false},{"id":561,"name":"BTP et Industrie","singular":"BTP et Industrie","is_feminin":false},{"id":560,"name":"Sports et Loisirs","singular":"Sport et Loisir","is_feminin":false},{"id":572,"name":"Textiles r\u00e9fl\u00e9chissants","singular":"Textile r\u00e9fl\u00e9chissant","is_feminin":false},{"id":13,"name":"Vestes et manteaux","singular":"Veste et manteau","is_feminin":true},{"id":559,"name":"Univers","singular":"Univers","is_feminin":false},{"id":354,"name":"Textile","singular":"Textile","is_feminin":false}],"certifications":[],"videos":{"fr":[],"en":[],"de":[],"nl":[],"es":[],"it":[],"sv":[],"pt":[],"da":[],"pl":[]},"main_images":{"miniature":"https:\/\/media.th4.com\/POXP54_UDtOhXZyvqRXTG4lXm14-A5ADvC-CMcYm518\/pr:80\/aHR0cDovL21lZGlhMi5kZXNpZ25wYXJ0bmVyLmZyL2MvcC1ibGFuay1USC8yMTg4MS53ZWJw?v=1773657904","medium":"https:\/\/media.th4.com\/CrBsgVFM0JmXsMe1OsIhsBJYhpPw00d0yVGzEm89J9c\/pr:550x550greybg\/aHR0cDovL21lZGlhMi5kZXNpZ25wYXJ0bmVyLmZyL2MvcC1ibGFuay1USC8yMTg4MS53ZWJw?v=1773657904","medium_large":"https:\/\/media.th4.com\/Ry7P9cqg4rf9Y3gwf_lQbZHq8Gk9cUkAVh7xJKctcBk\/pr:1000x1000greybg\/aHR0cDovL21lZGlhMi5kZXNpZ25wYXJ0bmVyLmZyL2MvcC1ibGFuay1USC8yMTg4MS53ZWJw?v=1773657904","large":"https:\/\/media.th4.com\/OKUK8FMVQs1stS96l1PpW6t7y-AJjoddDc0iQ6GuzII\/pr:1920greybg\/aHR0cDovL21lZGlhMi5kZXNpZ25wYXJ0bmVyLmZyL2MvcC1ibGFuay1USC8yMTg4MS53ZWJw?v=1773657904","opengraph":"https:\/\/media.th4.com\/D-coXymWJoIyRzQGzhsTRrNT5-Z0YNKVQF8x62d38EM\/pr:1200x630greybg\/aHR0cDovL21lZGlhMi5kZXNpZ25wYXJ0bmVyLmZyL2MvcC1ibGFuay1USC8yMTg4MS53ZWJw?v=1773657904"},"main_images_customization":{"miniature":"https:\/\/media.th4.com\/POXP54_UDtOhXZyvqRXTG4lXm14-A5ADvC-CMcYm518\/pr:80\/aHR0cDovL21lZGlhMi5kZXNpZ25wYXJ0bmVyLmZyL2MvcC1ibGFuay1USC8yMTg4MS53ZWJw?v=1773657904","medium":"https:\/\/media.th4.com\/CrBsgVFM0JmXsMe1OsIhsBJYhpPw00d0yVGzEm89J9c\/pr:550x550greybg\/aHR0cDovL21lZGlhMi5kZXNpZ25wYXJ0bmVyLmZyL2MvcC1ibGFuay1USC8yMTg4MS53ZWJw?v=1773657904","medium_large":"https:\/\/media.th4.com\/Ry7P9cqg4rf9Y3gwf_lQbZHq8Gk9cUkAVh7xJKctcBk\/pr:1000x1000greybg\/aHR0cDovL21lZGlhMi5kZXNpZ25wYXJ0bmVyLmZyL2MvcC1ibGFuay1USC8yMTg4MS53ZWJw?v=1773657904","large":"https:\/\/media.th4.com\/OKUK8FMVQs1stS96l1PpW6t7y-AJjoddDc0iQ6GuzII\/pr:1920greybg\/aHR0cDovL21lZGlhMi5kZXNpZ25wYXJ0bmVyLmZyL2MvcC1ibGFuay1USC8yMTg4MS53ZWJw?v=1773657904","opengraph":"https:\/\/media.th4.com\/D-coXymWJoIyRzQGzhsTRrNT5-Z0YNKVQF8x62d38EM\/pr:1200x630greybg\/aHR0cDovL21lZGlhMi5kZXNpZ25wYXJ0bmVyLmZyL2MvcC1ibGFuay1USC8yMTg4MS53ZWJw?v=1773657904"},"page_links":{"fr":"\/fr\/p-ko-kxcmfp-ccomfort-wismar-vest-gilet-kxcmfp-21881\/","en":"\/en\/p-ko-kxcmfp-ccomfort-wismar-vest-kxcmfp-21881\/","de":"\/de\/p-ko-kxcmfp-ccomfort-wismar-vest-sicherheitsweste-kxcmfp-21881\/","nl":"\/nl\/p-ko-kxcmfp-ccomfort-wismar-vest-veiligheidsvest-kxcmfp-21881\/","es":"\/es\/p-ko-kxcmfp-chaleco-ccomfort-wismar-kxcmfp-21881\/","it":"\/it\/p-ko-kxcmfp-gilet-ccomfort-wismar-kxcmfp-21881\/","sv":"\/sv\/p-ko-kxcmfp-ccomfort-wismar-vast-kxcmfp-21881\/","pt":"\/pt\/p-ko-kxcmfp-colete-ccomfort-wismar-vest-kxcmfp-21881\/","da":"\/da\/p-ko-kxcmfp-ccomfort-wismar-vest-sikkerhedsvest-kxcmfp-21881\/","pl":"\/pl\/p-ko-kxcmfp-kamizelka-ccomfort-wismar-kxcmfp-21881\/"},"page_links_customization":{"fr":"\/fr\/p-ko-kxcmfp-ccomfort-gilet-wismar-kxcmfp-personnalisable-21881\/custom\/","en":"\/en\/p-ko-kxcmfp-ccomfort-wismar-vest-kxcmfp-customizable-21881\/custom\/","de":"\/de\/p-ko-kxcmfp-ccomfort-warnweste-wismar-kxcmfp-personalisierbar-21881\/custom\/","nl":"\/nl\/p-ko-kxcmfp-ccomfort-wismar-bodywarmer-kxcmfp-personaliseerbaar-21881\/custom\/","es":"\/es\/p-ko-kxcmfp-chaleco-wismar-ccomfort-kxcmfp-personalizable-21881\/custom\/","it":"\/it\/p-ko-kxcmfp-gilet-wismar-ccomfort-kxcmfp-personalizzabile-21881\/custom\/","sv":"\/sv\/p-ko-kxcmfp-ccomfort-wismar-vast-kxcmfp-anpassningsbar-21881\/custom\/","pt":"\/pt\/p-ko-kxcmfp-colete-wismar-ccomfort-kxcmfp-personalizavel-21881\/custom\/","da":"\/da\/p-ko-kxcmfp-ccomfort-wismar-vest-kxcmfp-kan-tilpasses-21881\/custom\/","pl":"\/pl\/p-ko-kxcmfp-ccomfort-kamizelka-wismar-kxcmfp-z-mozliwoscia-personalizacji-21881\/custom\/"},"equivalent_products":[],"colors":[{"id":12728,"name":"signal_orange","class_ids":[13,9],"codes_hexa":["FF7247"],"delai_24":false,"has_3d":false,"seuil_global":0,"stock_local":0,"stock_global":1378,"on_standby":false,"in_catalog":true,"images":{"miniature":["https:\/\/media.th4.com\/0hgP_nqdooLf1_APQyl5OP9xide-11birZVehN2Z-dQ\/pr:80\/aHR0cDovL21lZGlhMi5kZXNpZ25wYXJ0bmVyLmZyL2MvcC8yMTg4MS8yMTg4MS0xMjcyOC0xLndlYnA?v=1773657056","https:\/\/media.th4.com\/Q7j0q9sgBrwpL5r-DnU1iONBqMZSaK3BpuRjXMkKMZ8\/pr:80\/aHR0cDovL21lZGlhMi5kZXNpZ25wYXJ0bmVyLmZyL2MvcC8yMTg4MS8yMTg4MS0xMjcyOC0yLndlYnA?v=1773657057"],"medium":["https:\/\/media.th4.com\/uZ03NFGX7fhppvkWlrxV_l71kZ9ME92thfjXayQeMMg\/pr:550x550\/aHR0cDovL21lZGlhMi5kZXNpZ25wYXJ0bmVyLmZyL2MvcC8yMTg4MS8yMTg4MS0xMjcyOC0xLndlYnA?v=1773657056","https:\/\/media.th4.com\/MZcaSo0kBS5Yk7gAHn1TT3xoGJGPRLSMmRozzaEeMOM\/pr:550x550\/aHR0cDovL21lZGlhMi5kZXNpZ25wYXJ0bmVyLmZyL2MvcC8yMTg4MS8yMTg4MS0xMjcyOC0yLndlYnA?v=1773657057"],"medium_large":["https:\/\/media.th4.com\/KtReWmDjkvIa3snfxRM6YJ2quAPXxw8j-Opal-YgW1s\/pr:1000x1000\/aHR0cDovL21lZGlhMi5kZXNpZ25wYXJ0bmVyLmZyL2MvcC8yMTg4MS8yMTg4MS0xMjcyOC0xLndlYnA?v=1773657056","https:\/\/media.th4.com\/gNQmPmS0nGKqkeaDMxAg3UHft4nUi4QIavbtBqG2y0M\/pr:1000x1000\/aHR0cDovL21lZGlhMi5kZXNpZ25wYXJ0bmVyLmZyL2MvcC8yMTg4MS8yMTg4MS0xMjcyOC0yLndlYnA?v=1773657057"],"large":["https:\/\/media.th4.com\/x5wrlatsPf3iUQfIJ35g3Rqyw8oh_KjdM_9J5dfG4pM\/pr:1920\/aHR0cDovL21lZGlhMi5kZXNpZ25wYXJ0bmVyLmZyL2MvcC8yMTg4MS8yMTg4MS0xMjcyOC0xLndlYnA?v=1773657056","https:\/\/media.th4.com\/R2507gf2T2k7LgQ68L48ihTAb1wBKlgSRZo9KGkGcK8\/pr:1920\/aHR0cDovL21lZGlhMi5kZXNpZ25wYXJ0bmVyLmZyL2MvcC8yMTg4MS8yMTg4MS0xMjcyOC0yLndlYnA?v=1773657057"],"opengraph":["https:\/\/media.th4.com\/4LzxlllA-Et5DYPyLfbnoVjuakaYIynZXlD-RmZD-qw\/pr:1200x630\/aHR0cDovL21lZGlhMi5kZXNpZ25wYXJ0bmVyLmZyL2MvcC8yMTg4MS8yMTg4MS0xMjcyOC0xLndlYnA?v=1773657056","https:\/\/media.th4.com\/iMzjk8H7g-seO7ewG3HpiXTmyRhUpEatR4xJre42GVw\/pr:1200x630\/aHR0cDovL21lZGlhMi5kZXNpZ25wYXJ0bmVyLmZyL2MvcC8yMTg4MS8yMTg4MS0xMjcyOC0yLndlYnA?v=1773657057"]},"images_customization":{"miniature":["https:\/\/media.th4.com\/0hgP_nqdooLf1_APQyl5OP9xide-11birZVehN2Z-dQ\/pr:80\/aHR0cDovL21lZGlhMi5kZXNpZ25wYXJ0bmVyLmZyL2MvcC8yMTg4MS8yMTg4MS0xMjcyOC0xLndlYnA?v=1773657056","https:\/\/media.th4.com\/Q7j0q9sgBrwpL5r-DnU1iONBqMZSaK3BpuRjXMkKMZ8\/pr:80\/aHR0cDovL21lZGlhMi5kZXNpZ25wYXJ0bmVyLmZyL2MvcC8yMTg4MS8yMTg4MS0xMjcyOC0yLndlYnA?v=1773657057"],"medium":["https:\/\/media.th4.com\/uZ03NFGX7fhppvkWlrxV_l71kZ9ME92thfjXayQeMMg\/pr:550x550\/aHR0cDovL21lZGlhMi5kZXNpZ25wYXJ0bmVyLmZyL2MvcC8yMTg4MS8yMTg4MS0xMjcyOC0xLndlYnA?v=1773657056","https:\/\/media.th4.com\/MZcaSo0kBS5Yk7gAHn1TT3xoGJGPRLSMmRozzaEeMOM\/pr:550x550\/aHR0cDovL21lZGlhMi5kZXNpZ25wYXJ0bmVyLmZyL2MvcC8yMTg4MS8yMTg4MS0xMjcyOC0yLndlYnA?v=1773657057"],"medium_large":["https:\/\/media.th4.com\/KtReWmDjkvIa3snfxRM6YJ2quAPXxw8j-Opal-YgW1s\/pr:1000x1000\/aHR0cDovL21lZGlhMi5kZXNpZ25wYXJ0bmVyLmZyL2MvcC8yMTg4MS8yMTg4MS0xMjcyOC0xLndlYnA?v=1773657056","https:\/\/media.th4.com\/gNQmPmS0nGKqkeaDMxAg3UHft4nUi4QIavbtBqG2y0M\/pr:1000x1000\/aHR0cDovL21lZGlhMi5kZXNpZ25wYXJ0bmVyLmZyL2MvcC8yMTg4MS8yMTg4MS0xMjcyOC0yLndlYnA?v=1773657057"],"large":["https:\/\/media.th4.com\/x5wrlatsPf3iUQfIJ35g3Rqyw8oh_KjdM_9J5dfG4pM\/pr:1920\/aHR0cDovL21lZGlhMi5kZXNpZ25wYXJ0bmVyLmZyL2MvcC8yMTg4MS8yMTg4MS0xMjcyOC0xLndlYnA?v=1773657056","https:\/\/media.th4.com\/R2507gf2T2k7LgQ68L48ihTAb1wBKlgSRZo9KGkGcK8\/pr:1920\/aHR0cDovL21lZGlhMi5kZXNpZ25wYXJ0bmVyLmZyL2MvcC8yMTg4MS8yMTg4MS0xMjcyOC0yLndlYnA?v=1773657057"],"opengraph":["https:\/\/media.th4.com\/4LzxlllA-Et5DYPyLfbnoVjuakaYIynZXlD-RmZD-qw\/pr:1200x630\/aHR0cDovL21lZGlhMi5kZXNpZ25wYXJ0bmVyLmZyL2MvcC8yMTg4MS8yMTg4MS0xMjcyOC0xLndlYnA?v=1773657056","https:\/\/media.th4.com\/iMzjk8H7g-seO7ewG3HpiXTmyRhUpEatR4xJre42GVw\/pr:1200x630\/aHR0cDovL21lZGlhMi5kZXNpZ25wYXJ0bmVyLmZyL2MvcC8yMTg4MS8yMTg4MS0xMjcyOC0yLndlYnA?v=1773657057"]},"country_origin":"CN","traceability":{"manufacturing_country_id":61,"weaving_country_id":61,"dyeing_country_id":61},"sizes":[{"id":3,"article_id":540108,"class_id":3,"name":"S","on_standby":false,"stock_local":0,"stock_global":184,"multiple":1,"estimated_date_reassort":null,"is_destocking":false},{"id":2,"article_id":540107,"class_id":4,"name":"M","on_standby":false,"stock_local":0,"stock_global":221,"multiple":1,"estimated_date_reassort":null,"is_destocking":false},{"id":1,"article_id":540106,"class_id":5,"name":"L","on_standby":false,"stock_local":0,"stock_global":268,"multiple":1,"estimated_date_reassort":null,"is_destocking":false},{"id":4,"article_id":540109,"class_id":6,"name":"XL","on_standby":false,"stock_local":0,"stock_global":191,"multiple":1,"estimated_date_reassort":null,"is_destocking":false},{"id":1116,"article_id":540110,"class_id":7,"name":"2XL","on_standby":false,"stock_local":0,"stock_global":226,"multiple":1,"estimated_date_reassort":null,"is_destocking":false},{"id":1081,"article_id":540103,"class_id":8,"name":"3XL","on_standby":false,"stock_local":0,"stock_global":118,"multiple":1,"estimated_date_reassort":null,"is_destocking":false},{"id":16,"article_id":540104,"class_id":9,"name":"4XL","on_standby":false,"stock_local":0,"stock_global":89,"multiple":1,"estimated_date_reassort":null,"is_destocking":false},{"id":168,"article_id":540105,"class_id":10,"name":"5XL","on_standby":false,"stock_local":0,"stock_global":81,"multiple":1,"estimated_date_reassort":null,"is_destocking":false}],"page_links":{"fr":"\/fr\/p-ko-kxcmfp-ccomfort-wismar-vest-gilet-kxcmfp-21881\/signal-orange-12728\/","en":"\/en\/p-ko-kxcmfp-ccomfort-wismar-vest-kxcmfp-21881\/signal-orange-12728\/","de":"\/de\/p-ko-kxcmfp-ccomfort-wismar-vest-sicherheitsweste-kxcmfp-21881\/signal-orange-12728\/","nl":"\/nl\/p-ko-kxcmfp-ccomfort-wismar-vest-veiligheidsvest-kxcmfp-21881\/signal-orange-12728\/","es":"\/es\/p-ko-kxcmfp-chaleco-ccomfort-wismar-kxcmfp-21881\/signal-orange-12728\/","it":"\/it\/p-ko-kxcmfp-gilet-ccomfort-wismar-kxcmfp-21881\/signal-orange-12728\/","sv":"\/sv\/p-ko-kxcmfp-ccomfort-wismar-vast-kxcmfp-21881\/signal-orange-12728\/","pt":"\/pt\/p-ko-kxcmfp-colete-ccomfort-wismar-vest-kxcmfp-21881\/signal-orange-12728\/","da":"\/da\/p-ko-kxcmfp-ccomfort-wismar-vest-sikkerhedsvest-kxcmfp-21881\/signal-orange-12728\/","pl":"\/pl\/p-ko-kxcmfp-kamizelka-ccomfort-wismar-kxcmfp-21881\/signal-orange-12728\/"},"page_links_customization":{"fr":"\/fr\/p-ko-kxcmfp-ccomfort-gilet-wismar-kxcmfp-personnalisable-21881\/signal-orange-12728\/custom\/","en":"\/en\/p-ko-kxcmfp-ccomfort-wismar-vest-kxcmfp-customizable-21881\/signal-orange-12728\/custom\/","de":"\/de\/p-ko-kxcmfp-ccomfort-warnweste-wismar-kxcmfp-personalisierbar-21881\/signal-orange-12728\/custom\/","nl":"\/nl\/p-ko-kxcmfp-ccomfort-wismar-bodywarmer-kxcmfp-personaliseerbaar-21881\/signal-orange-12728\/custom\/","es":"\/es\/p-ko-kxcmfp-chaleco-wismar-ccomfort-kxcmfp-personalizable-21881\/signal-orange-12728\/custom\/","it":"\/it\/p-ko-kxcmfp-gilet-wismar-ccomfort-kxcmfp-personalizzabile-21881\/signal-orange-12728\/custom\/","sv":"\/sv\/p-ko-kxcmfp-ccomfort-wismar-vast-kxcmfp-anpassningsbar-21881\/signal-orange-12728\/custom\/","pt":"\/pt\/p-ko-kxcmfp-colete-wismar-ccomfort-kxcmfp-personalizavel-21881\/signal-orange-12728\/custom\/","da":"\/da\/p-ko-kxcmfp-ccomfort-wismar-vest-kxcmfp-kan-tilpasses-21881\/signal-orange-12728\/custom\/","pl":"\/pl\/p-ko-kxcmfp-ccomfort-kamizelka-wismar-kxcmfp-z-mozliwoscia-personalizacji-21881\/signal-orange-12728\/custom\/"}},{"id":12729,"name":"signal_yellow","class_ids":[12],"codes_hexa":["EAE549"],"delai_24":false,"has_3d":false,"seuil_global":0,"stock_local":0,"stock_global":1251,"on_standby":false,"in_catalog":true,"images":{"miniature":["https:\/\/media.th4.com\/-Ah6ZTG0QSJyYPNnaZsnFuT9XXJ4oOEYqSQC8gDO6hk\/pr:80\/aHR0cDovL21lZGlhMi5kZXNpZ25wYXJ0bmVyLmZyL2MvcC8yMTg4MS8yMTg4MS0xMjcyOS0xLndlYnA?v=1773657057","https:\/\/media.th4.com\/DtLpoyit5AahCS0VhDupVMkkuPgKPZvjCmEFDECSgRM\/pr:80\/aHR0cDovL21lZGlhMi5kZXNpZ25wYXJ0bmVyLmZyL2MvcC8yMTg4MS8yMTg4MS0xMjcyOS0yLndlYnA?v=1773657058"],"medium":["https:\/\/media.th4.com\/erw9wSTomLMcd0xH6bD6cq6iPXIv6sEmoZR2sYNE6Jk\/pr:550x550\/aHR0cDovL21lZGlhMi5kZXNpZ25wYXJ0bmVyLmZyL2MvcC8yMTg4MS8yMTg4MS0xMjcyOS0xLndlYnA?v=1773657057","https:\/\/media.th4.com\/vvK4j9P7nqcak3C3Q3zJoo08Kp9R1e1vkCx0XOTi5Yw\/pr:550x550\/aHR0cDovL21lZGlhMi5kZXNpZ25wYXJ0bmVyLmZyL2MvcC8yMTg4MS8yMTg4MS0xMjcyOS0yLndlYnA?v=1773657058"],"medium_large":["https:\/\/media.th4.com\/jdQhgZBulvS4nfUcuqcMZOobWZ0NbCRCZ5nApllKS2w\/pr:1000x1000\/aHR0cDovL21lZGlhMi5kZXNpZ25wYXJ0bmVyLmZyL2MvcC8yMTg4MS8yMTg4MS0xMjcyOS0xLndlYnA?v=1773657057","https:\/\/media.th4.com\/KNgpqiKgm5OQsgBODkjCgjx52pWhD_-l_uVD8heYsSI\/pr:1000x1000\/aHR0cDovL21lZGlhMi5kZXNpZ25wYXJ0bmVyLmZyL2MvcC8yMTg4MS8yMTg4MS0xMjcyOS0yLndlYnA?v=1773657058"],"large":["https:\/\/media.th4.com\/SF6NxyIFZ1cpAgqFf1KzOc39HWwhfJCXu5gFIGRmT3M\/pr:1920\/aHR0cDovL21lZGlhMi5kZXNpZ25wYXJ0bmVyLmZyL2MvcC8yMTg4MS8yMTg4MS0xMjcyOS0xLndlYnA?v=1773657057","https:\/\/media.th4.com\/nqNKyO-AnaZEZ8c3mBCV65E3KRBIBwgIRQFMx5llyrA\/pr:1920\/aHR0cDovL21lZGlhMi5kZXNpZ25wYXJ0bmVyLmZyL2MvcC8yMTg4MS8yMTg4MS0xMjcyOS0yLndlYnA?v=1773657058"],"opengraph":["https:\/\/media.th4.com\/pJEQYrwVF93m-SLVQqg1usD2EH44sQkuBYC743m4Wcw\/pr:1200x630\/aHR0cDovL21lZGlhMi5kZXNpZ25wYXJ0bmVyLmZyL2MvcC8yMTg4MS8yMTg4MS0xMjcyOS0xLndlYnA?v=1773657057","https:\/\/media.th4.com\/4TuS1vjTd-YTz6_ubWd0Dw7ZXr4zuQnjIT37CPTMCM4\/pr:1200x630\/aHR0cDovL21lZGlhMi5kZXNpZ25wYXJ0bmVyLmZyL2MvcC8yMTg4MS8yMTg4MS0xMjcyOS0yLndlYnA?v=1773657058"]},"images_customization":{"miniature":["https:\/\/media.th4.com\/-Ah6ZTG0QSJyYPNnaZsnFuT9XXJ4oOEYqSQC8gDO6hk\/pr:80\/aHR0cDovL21lZGlhMi5kZXNpZ25wYXJ0bmVyLmZyL2MvcC8yMTg4MS8yMTg4MS0xMjcyOS0xLndlYnA?v=1773657057","https:\/\/media.th4.com\/DtLpoyit5AahCS0VhDupVMkkuPgKPZvjCmEFDECSgRM\/pr:80\/aHR0cDovL21lZGlhMi5kZXNpZ25wYXJ0bmVyLmZyL2MvcC8yMTg4MS8yMTg4MS0xMjcyOS0yLndlYnA?v=1773657058"],"medium":["https:\/\/media.th4.com\/erw9wSTomLMcd0xH6bD6cq6iPXIv6sEmoZR2sYNE6Jk\/pr:550x550\/aHR0cDovL21lZGlhMi5kZXNpZ25wYXJ0bmVyLmZyL2MvcC8yMTg4MS8yMTg4MS0xMjcyOS0xLndlYnA?v=1773657057","https:\/\/media.th4.com\/vvK4j9P7nqcak3C3Q3zJoo08Kp9R1e1vkCx0XOTi5Yw\/pr:550x550\/aHR0cDovL21lZGlhMi5kZXNpZ25wYXJ0bmVyLmZyL2MvcC8yMTg4MS8yMTg4MS0xMjcyOS0yLndlYnA?v=1773657058"],"medium_large":["https:\/\/media.th4.com\/jdQhgZBulvS4nfUcuqcMZOobWZ0NbCRCZ5nApllKS2w\/pr:1000x1000\/aHR0cDovL21lZGlhMi5kZXNpZ25wYXJ0bmVyLmZyL2MvcC8yMTg4MS8yMTg4MS0xMjcyOS0xLndlYnA?v=1773657057","https:\/\/media.th4.com\/KNgpqiKgm5OQsgBODkjCgjx52pWhD_-l_uVD8heYsSI\/pr:1000x1000\/aHR0cDovL21lZGlhMi5kZXNpZ25wYXJ0bmVyLmZyL2MvcC8yMTg4MS8yMTg4MS0xMjcyOS0yLndlYnA?v=1773657058"],"large":["https:\/\/media.th4.com\/SF6NxyIFZ1cpAgqFf1KzOc39HWwhfJCXu5gFIGRmT3M\/pr:1920\/aHR0cDovL21lZGlhMi5kZXNpZ25wYXJ0bmVyLmZyL2MvcC8yMTg4MS8yMTg4MS0xMjcyOS0xLndlYnA?v=1773657057","https:\/\/media.th4.com\/nqNKyO-AnaZEZ8c3mBCV65E3KRBIBwgIRQFMx5llyrA\/pr:1920\/aHR0cDovL21lZGlhMi5kZXNpZ25wYXJ0bmVyLmZyL2MvcC8yMTg4MS8yMTg4MS0xMjcyOS0yLndlYnA?v=1773657058"],"opengraph":["https:\/\/media.th4.com\/pJEQYrwVF93m-SLVQqg1usD2EH44sQkuBYC743m4Wcw\/pr:1200x630\/aHR0cDovL21lZGlhMi5kZXNpZ25wYXJ0bmVyLmZyL2MvcC8yMTg4MS8yMTg4MS0xMjcyOS0xLndlYnA?v=1773657057","https:\/\/media.th4.com\/4TuS1vjTd-YTz6_ubWd0Dw7ZXr4zuQnjIT37CPTMCM4\/pr:1200x630\/aHR0cDovL21lZGlhMi5kZXNpZ25wYXJ0bmVyLmZyL2MvcC8yMTg4MS8yMTg4MS0xMjcyOS0yLndlYnA?v=1773657058"]},"country_origin":"CN","traceability":{"manufacturing_country_id":61,"weaving_country_id":61,"dyeing_country_id":61},"sizes":[{"id":3,"article_id":540116,"class_id":3,"name":"S","on_standby":false,"stock_local":0,"stock_global":224,"multiple":1,"estimated_date_reassort":null,"is_destocking":false},{"id":2,"article_id":540115,"class_id":4,"name":"M","on_standby":false,"stock_local":0,"stock_global":195,"multiple":1,"estimated_date_reassort":null,"is_destocking":false},{"id":1,"article_id":540114,"class_id":5,"name":"L","on_standby":false,"stock_local":0,"stock_global":249,"multiple":1,"estimated_date_reassort":null,"is_destocking":false},{"id":4,"article_id":540117,"class_id":6,"name":"XL","on_standby":false,"stock_local":0,"stock_global":179,"multiple":1,"estimated_date_reassort":null,"is_destocking":false},{"id":1116,"article_id":540118,"class_id":7,"name":"2XL","on_standby":false,"stock_local":0,"stock_global":187,"multiple":1,"estimated_date_reassort":null,"is_destocking":false},{"id":1081,"article_id":540111,"class_id":8,"name":"3XL","on_standby":false,"stock_local":0,"stock_global":62,"multiple":1,"estimated_date_reassort":null,"is_destocking":false},{"id":16,"article_id":540112,"class_id":9,"name":"4XL","on_standby":false,"stock_local":0,"stock_global":70,"multiple":1,"estimated_date_reassort":null,"is_destocking":false},{"id":168,"article_id":540113,"class_id":10,"name":"5XL","on_standby":false,"stock_local":0,"stock_global":85,"multiple":1,"estimated_date_reassort":null,"is_destocking":false}],"page_links":{"fr":"\/fr\/p-ko-kxcmfp-ccomfort-wismar-vest-gilet-kxcmfp-21881\/signal-yellow-12729\/","en":"\/en\/p-ko-kxcmfp-ccomfort-wismar-vest-kxcmfp-21881\/signal-yellow-12729\/","de":"\/de\/p-ko-kxcmfp-ccomfort-wismar-vest-sicherheitsweste-kxcmfp-21881\/signal-yellow-12729\/","nl":"\/nl\/p-ko-kxcmfp-ccomfort-wismar-vest-veiligheidsvest-kxcmfp-21881\/signal-yellow-12729\/","es":"\/es\/p-ko-kxcmfp-chaleco-ccomfort-wismar-kxcmfp-21881\/signal-yellow-12729\/","it":"\/it\/p-ko-kxcmfp-gilet-ccomfort-wismar-kxcmfp-21881\/signal-yellow-12729\/","sv":"\/sv\/p-ko-kxcmfp-ccomfort-wismar-vast-kxcmfp-21881\/signal-yellow-12729\/","pt":"\/pt\/p-ko-kxcmfp-colete-ccomfort-wismar-vest-kxcmfp-21881\/signal-yellow-12729\/","da":"\/da\/p-ko-kxcmfp-ccomfort-wismar-vest-sikkerhedsvest-kxcmfp-21881\/signal-yellow-12729\/","pl":"\/pl\/p-ko-kxcmfp-kamizelka-ccomfort-wismar-kxcmfp-21881\/signal-yellow-12729\/"},"page_links_customization":{"fr":"\/fr\/p-ko-kxcmfp-ccomfort-gilet-wismar-kxcmfp-personnalisable-21881\/signal-yellow-12729\/custom\/","en":"\/en\/p-ko-kxcmfp-ccomfort-wismar-vest-kxcmfp-customizable-21881\/signal-yellow-12729\/custom\/","de":"\/de\/p-ko-kxcmfp-ccomfort-warnweste-wismar-kxcmfp-personalisierbar-21881\/signal-yellow-12729\/custom\/","nl":"\/nl\/p-ko-kxcmfp-ccomfort-wismar-bodywarmer-kxcmfp-personaliseerbaar-21881\/signal-yellow-12729\/custom\/","es":"\/es\/p-ko-kxcmfp-chaleco-wismar-ccomfort-kxcmfp-personalizable-21881\/signal-yellow-12729\/custom\/","it":"\/it\/p-ko-kxcmfp-gilet-wismar-ccomfort-kxcmfp-personalizzabile-21881\/signal-yellow-12729\/custom\/","sv":"\/sv\/p-ko-kxcmfp-ccomfort-wismar-vast-kxcmfp-anpassningsbar-21881\/signal-yellow-12729\/custom\/","pt":"\/pt\/p-ko-kxcmfp-colete-wismar-ccomfort-kxcmfp-personalizavel-21881\/signal-yellow-12729\/custom\/","da":"\/da\/p-ko-kxcmfp-ccomfort-wismar-vest-kxcmfp-kan-tilpasses-21881\/signal-yellow-12729\/custom\/","pl":"\/pl\/p-ko-kxcmfp-ccomfort-kamizelka-wismar-kxcmfp-z-mozliwoscia-personalizacji-21881\/signal-yellow-12729\/custom\/"}}],"documentation_link":"\/pdf\/21881.pdf","countries_availables":["AD","AE","AL","AT","BA","BD","BE","BG","BL","CA","CH","CN","CO","CY","CZ","DE","DK","DO","EE","EG","ES","ET","FI","FR","GB","GE","GF","GP","GR","GT","HK","HN","HR","HT","HU","ID","IE","IN","IS","IT","JO","JP","KE","KH","KP","KR","LA","LK","LS","LT","LU","LV","MA","MF","MG","MK","MM","MN","MQ","MT","MX","MY","NC","NI","NL","PF","PH","PK","PL","PM","PT","RE","RO","SE","SG","SI","SK","SV","SY","TH","TN","TR","TW","TZ","US","VN","WF","YT"]},"infos_customization":[],"features":{"authorize_multi_surfaces":true,"display_order_delay_type":true,"promote_surface_display":true,"tarification_franco_offert":true,"enabled_3d_editor":false},"markings":[{"id":0,"nom":"vierge","finition":null,"libelle":null,"code":null,"dpi":null,"finesse_forme_isolee":null,"finesse_forme_non_isolee":null,"hauteur_minimale_texte":null,"inactif":0,"marquage_interne":1,"quantite_min":null,"parent_id":null,"print_on_support":0,"content":"vierge","description":null},{"id":2,"nom":"fonce","finition":"optimale","libelle":"TopQuadri","code":null,"dpi":400,"finesse_forme_isolee":"0.040","finesse_forme_non_isolee":"0.700","hauteur_minimale_texte":2,"inactif":0,"marquage_interne":1,"quantite_min":null,"parent_id":18,"print_on_support":0,"content":"TopQuadri","description":"pour petites et moyennes s\u00e9ries"},{"id":3,"nom":"serigraphie","finition":"serigraphie","libelle":"SeriCoat","code":null,"dpi":400,"finesse_forme_isolee":"0.040","finesse_forme_non_isolee":"0.700","hauteur_minimale_texte":2,"inactif":0,"marquage_interne":1,"quantite_min":15,"parent_id":18,"print_on_support":0,"content":"SeriCoat","description":"pour moyennes et grandes s\u00e9ries"},{"id":4,"nom":"broderie","finition":"broderie","libelle":"Broderie","code":null,"dpi":400,"finesse_forme_isolee":"0.040","finesse_forme_non_isolee":"0.700","hauteur_minimale_texte":3,"inactif":0,"marquage_interne":1,"quantite_min":null,"parent_id":null,"print_on_support":0,"content":"Broderie","description":null},{"id":8,"nom":"theme","finition":null,"libelle":"Th\u00e8me","code":null,"dpi":null,"finesse_forme_isolee":null,"finesse_forme_non_isolee":null,"hauteur_minimale_texte":null,"inactif":0,"marquage_interne":1,"quantite_min":null,"parent_id":null,"print_on_support":0,"content":"Th\u00e8me","description":null},{"id":9,"nom":"sans","finition":null,"libelle":null,"code":null,"dpi":null,"finesse_forme_isolee":null,"finesse_forme_non_isolee":null,"hauteur_minimale_texte":null,"inactif":0,"marquage_interne":1,"quantite_min":null,"parent_id":null,"print_on_support":0,"content":"sans","description":null},{"id":10,"nom":"photo","finition":null,"libelle":"Photo","code":null,"dpi":null,"finesse_forme_isolee":null,"finesse_forme_non_isolee":null,"hauteur_minimale_texte":null,"inactif":0,"marquage_interne":1,"quantite_min":null,"parent_id":null,"print_on_support":0,"content":"Photo","description":null},{"id":14,"nom":"couleur","finition":null,"libelle":"Couleur","code":null,"dpi":null,"finesse_forme_isolee":null,"finesse_forme_non_isolee":null,"hauteur_minimale_texte":null,"inactif":0,"marquage_interne":1,"quantite_min":null,"parent_id":null,"print_on_support":0,"content":"Couleur","description":null},{"id":15,"nom":"sublimation","finition":"sublimation","libelle":"Sublimation","code":null,"dpi":null,"finesse_forme_isolee":"0.000","finesse_forme_non_isolee":"0.000","hauteur_minimale_texte":2,"inactif":0,"marquage_interne":1,"quantite_min":null,"parent_id":null,"print_on_support":0,"content":"Sublimation","description":null},{"id":16,"nom":"topquadri_uv","finition":null,"libelle":"TopQuadri UV","code":null,"dpi":null,"finesse_forme_isolee":"0.020","finesse_forme_non_isolee":"0.700","hauteur_minimale_texte":2,"inactif":0,"marquage_interne":1,"quantite_min":null,"parent_id":null,"print_on_support":1,"content":null,"description":null},{"id":17,"nom":"topquadri_uvp","finition":null,"libelle":"TopQuadri UVP","code":null,"dpi":null,"finesse_forme_isolee":"0.020","finesse_forme_non_isolee":"0.700","hauteur_minimale_texte":2,"inactif":0,"marquage_interne":1,"quantite_min":null,"parent_id":null,"print_on_support":1,"content":null,"description":null},{"id":18,"nom":"quadri","finition":null,"libelle":"Impression","code":null,"dpi":null,"finesse_forme_isolee":null,"finesse_forme_non_isolee":null,"hauteur_minimale_texte":null,"inactif":0,"marquage_interne":1,"quantite_min":null,"parent_id":null,"print_on_support":0,"content":null,"description":null}]}}