{"data":{"product":{"id":21880,"titre":"Back Patch","description":"Empi\u00e8cement dos. Dimensions : 10 x 25,5 cm. Compatible avec la veste KXTAC. Composition : 100 % polyester.","genre":"mixte","grammage":220,"conditionnement":100,"composition":"polyester,polyester_uniquement","reference":"ko-patchr","reference_visible":"ko-patchr","reference_fabricant":"PATCHR","ref_xor":"721725","in_catalog":true,"is_transfer":false,"is_service":false,"on_standby":false,"has_3d":false,"has_size_guide":false,"has_marking":false,"has_vierge":true,"is_cross_sellable":false,"id_picto":0,"filename_3d":null,"brand":{"id":170,"name":"Korntex","logo":"logo-korntex.png","image":"https:\/\/media.th4.com\/cQDqQljenSY7VSYcQdvIaNfOwg9YRdZ-qoOzoO5ebsQ\/pr:brand70x70\/aHR0cDovL21lZGlhMi5kZXNpZ25wYXJ0bmVyLmZyL2MvbS9sb2dvLWtvcm50ZXgucG5n"},"price_infos":{"price_from":1.53,"quantity":200,"color":{"id":12730,"name":"black"},"size":{"id":42,"name":"taille_unique"}},"price_infos_marking":{"price_from":0,"quantity":0,"size":{"id":0,"name":""},"color":{"id":0,"name":""},"marking":{"id":0,"name":""},"emplacement":"","surface":"","surface_emplacement_id":0},"i18n":{"blank":{"title":{"fr":"Back Patch amovible KORNTEX ko-patchr","en":"Removable Back Patch KORNTEX ko-patchr","de":"Abnehmbarer Back Patch KORNTEX ko-patchr","nl":"afneembare Back Patch KORNTEX ko-patchr","es":"Back Patch desmontable KORNTEX ko-patchr","it":"Back Patch rimovibile KORNTEX ko-patchr","sv":"Avtagbar Back Patch KORNTEX ko-patchr","pt":"Back Patch amov\u00edvel KORNTEX ko-patchr","da":"Back Patch aftagelig KORNTEX ko-patchr","pl":"Odczepiany Back Patch KORNTEX ko-patchr"},"description":{"fr":"Le Back Patch amovible patchr est un empi\u00e8cement dos compatible avec la veste KXTAC. Son format 10 x 25,5 cm convient \u00e0 un usage visible sur \u00e9quipement compatible.\n\n- Composition : 100 % polyester\n- Dimensions : 10 x 25,5 cm\n- Type : empi\u00e8cement dos\n- Compatible avec la veste KXTAC","en":"The removable Back Patch patchr is a back panel compatible with the KXTAC jacket. Its 10 x 25.5 cm size is suitable for visible use on compatible equipment.\n\n- Composition: 100% polyester\n- Dimensions: 10 x 25.5 cm\n- Type: back panel\n- Compatible with the KXTAC jacket","de":"Der abnehmbare Back Patch patchr ist ein R\u00fcckenpatch, kompatibel mit der KXTAC-Jacke. Sein Format von 10 x 25,5 cm eignet sich f\u00fcr eine gut sichtbare Verwendung an kompatibler Ausr\u00fcstung.\n\n- Material: 100 % Polyester\n- Ma\u00dfe: 10 x 25,5 cm\n- Typ: R\u00fcckenpatch\n- Kompatibel mit der KXTAC-Jacke","nl":"De afneembare Back Patch patchr is een rugpand dat compatibel is met de KXTAC-jas. Het formaat van 10 x 25,5 cm is geschikt voor zichtbaar gebruik op compatibele uitrusting.\n\n- Samenstelling: 100 % polyester\n- Afmetingen: 10 x 25,5 cm\n- Type: rugpand\n- Compatibel met de KXTAC-jas","es":"El Back Patch desmontable patchr es un panel trasero compatible con la chaqueta KXTAC. Su formato de 10 x 25,5 cm es adecuado para un uso visible en equipamiento compatible.\n\n- Composici\u00f3n: 100 % poli\u00e9ster\n- Dimensiones: 10 x 25,5 cm\n- Tipo: panel trasero\n- Compatible con la chaqueta KXTAC","it":"Il Back Patch rimovibile patchr \u00e8 un inserto posteriore compatibile con la giacca KXTAC. Il suo formato 10 x 25,5 cm \u00e8 adatto a un uso visibile su attrezzatura compatibile.\n\n- Composizione: 100% poliestere\n- Dimensioni: 10 x 25,5 cm\n- Tipo: inserto posteriore\n- Compatibile con la giacca KXTAC","sv":"Den avtagbara Back Patch patchr \u00e4r ett ryggm\u00e4rke kompatibelt med KXTAC-jackan. Formatet 10 x 25,5 cm passar f\u00f6r synlig anv\u00e4ndning p\u00e5 kompatibel utrustning.\n\n- Sammans\u00e4ttning: 100 % polyester\n- M\u00e5tt: 10 x 25,5 cm\n- Typ: ryggm\u00e4rke\n- Kompatibel med KXTAC-jackan","pt":"O Back Patch amov\u00edvel patchr \u00e9 um painel traseiro compat\u00edvel com o casaco KXTAC. O seu formato de 10 x 25,5 cm \u00e9 adequado para utiliza\u00e7\u00e3o vis\u00edvel em equipamento compat\u00edvel.\n\n- Composi\u00e7\u00e3o: 100 % poli\u00e9ster\n- Dimens\u00f5es: 10 x 25,5 cm\n- Tipo: painel traseiro\n- Compat\u00edvel com o casaco KXTAC","da":"Den aftagelige Back Patch patchr er et rygm\u00e6rke, der er kompatibelt med KXTAC-jakken. Dets format p\u00e5 10 x 25,5 cm er egnet til synlig brug p\u00e5 kompatibelt udstyr.\n\n- Sammens\u00e6tning: 100 % polyester\n- M\u00e5l: 10 x 25,5 cm\n- Type: rygm\u00e6rke\n- Kompatibel med KXTAC-jakken","pl":"Odczepiany Back Patch patchr to naszywka tylna kompatybilna z kurtk\u0105 KXTAC. Format 10 x 25,5 cm nadaje si\u0119 do widocznego u\u017cytku na kompatybilnym wyposa\u017ceniu.\n\n- Sk\u0142ad: 100 % poliester\n- Wymiary: 10 x 25,5 cm\n- Typ: naszywka tylna\n- Kompatybilny z kurtk\u0105 KXTAC"},"h1":{"fr":"Back Patch amovible ko-patchr","en":"Removable Back Patch ko-patchr","de":"Abnehmbarer Back Patch ko-patchr","nl":"afneembare Back Patch ko-patchr","es":"Back Patch desmontable ko-patchr","it":"Back Patch rimovibile ko-patchr","sv":"Avtagbar Back Patch ko-patchr","pt":"Back Patch amov\u00edvel ko-patchr","da":"Back Patch aftagelig ko-patchr","pl":"Odczepiany Back Patch ko-patchr"},"meta_description":{"fr":"Back Patch amovible patchr, empi\u00e8cement dos compatible avec la veste KXTAC. Format 10 x 25,5 cm pour ajout simple sur \u00e9quipement compatible.","en":"Removable Back Patch patchr, back panel compatible with the KXTAC jacket. Size 10 x 25.5 cm for easy addition to compatible equipment.","de":"Abnehmbarer Back Patch patchr, R\u00fcckenpatch kompatibel mit der KXTAC-Jacke. Format 10 x 25,5 cm f\u00fcr einfaches Anbringen an kompatibler Ausr\u00fcstung.","nl":"afneembare Back Patch patchr, rugpand compatibel met de KXTAC-jas. Formaat 10 x 25,5 cm voor eenvoudige toevoeging op compatibele uitrusting.","es":"Back Patch desmontable patchr, panel trasero compatible con la chaqueta KXTAC. Formato de 10 x 25,5 cm para una adici\u00f3n sencilla en equipamiento compatible.","it":"Back Patch rimovibile patchr, inserto posteriore compatibile con la giacca KXTAC. Formato 10 x 25,5 cm per aggiunta semplice su attrezzatura compatibile.","sv":"Avtagbar Back Patch patchr, ryggm\u00e4rke kompatibelt med KXTAC-jackan. Format 10 x 25,5 cm f\u00f6r enkel till\u00e4gg p\u00e5 kompatibel utrustning.","pt":"Back Patch amov\u00edvel patchr, painel traseiro compat\u00edvel com o casaco KXTAC. Formato 10 x 25,5 cm para adi\u00e7\u00e3o simples em equipamento compat\u00edvel.","da":"Back Patch aftagelig patchr, rygm\u00e6rke kompatibelt med KXTAC-jakken. Format 10 x 25,5 cm til enkel tilf\u00f8jelse p\u00e5 kompatibelt udstyr.","pl":"Odczepiany Back Patch patchr, naszywka tylna kompatybilna z kurtk\u0105 KXTAC. Format 10 x 25,5 cm do prostego mocowania na kompatybilnym wyposa\u017ceniu."}},"custom":{"title":{"fr":null,"en":null,"de":null,"nl":null,"es":null,"it":null,"sv":null,"pt":null,"da":null,"pl":null},"description":{"fr":null,"en":null,"de":null,"nl":null,"es":null,"it":null,"sv":null,"pt":null,"da":null,"pl":null},"h1":{"fr":null,"en":null,"de":null,"nl":null,"es":null,"it":null,"sv":null,"pt":null,"da":null,"pl":null},"meta_description":{"fr":null,"en":null,"de":null,"nl":null,"es":null,"it":null,"sv":null,"pt":null,"da":null,"pl":null}}},"categories":[{"id":541,"name":"Patchs amovibles","singular":"Patch amovible","is_feminin":false},{"id":561,"name":"BTP et Industrie","singular":"BTP et Industrie","is_feminin":false},{"id":509,"name":"Accessoires textiles","singular":"Accessoire textile","is_feminin":false},{"id":559,"name":"Univers","singular":"Univers","is_feminin":false},{"id":354,"name":"Textile","singular":"Textile","is_feminin":false}],"certifications":[],"videos":{"fr":[],"en":[],"de":[],"nl":[],"es":[],"it":[],"sv":[],"pt":[],"da":[],"pl":[]},"main_images":{"miniature":"https:\/\/media.th4.com\/SWPMj_5zjIrbzvGAcUyQ8cOWlo6rx7baJNS0Jw6FItc\/pr:80\/aHR0cDovL21lZGlhMi5kZXNpZ25wYXJ0bmVyLmZyL2MvcC1ibGFuay1USC8yMTg4MC53ZWJw?v=1773657925","medium":"https:\/\/media.th4.com\/4D7XS8ecM_Md9fGLpA4_28Si98ou7PR5Roj9MbQ-wMY\/pr:550x550greybg\/aHR0cDovL21lZGlhMi5kZXNpZ25wYXJ0bmVyLmZyL2MvcC1ibGFuay1USC8yMTg4MC53ZWJw?v=1773657925","medium_large":"https:\/\/media.th4.com\/rh65vjz1ftOMHa95g6BvIDIhOC0rz79TdjwvgGLA_rU\/pr:1000x1000greybg\/aHR0cDovL21lZGlhMi5kZXNpZ25wYXJ0bmVyLmZyL2MvcC1ibGFuay1USC8yMTg4MC53ZWJw?v=1773657925","large":"https:\/\/media.th4.com\/hV5y0PffJXguygs9lGdXFBJ2c9obfPWZhHznvMbjmJ8\/pr:1920greybg\/aHR0cDovL21lZGlhMi5kZXNpZ25wYXJ0bmVyLmZyL2MvcC1ibGFuay1USC8yMTg4MC53ZWJw?v=1773657925","opengraph":"https:\/\/media.th4.com\/L_H_tLBJ3rwQ_loDKJ5NUDCyAkmcuu1vOU92ELEclK8\/pr:1200x630greybg\/aHR0cDovL21lZGlhMi5kZXNpZ25wYXJ0bmVyLmZyL2MvcC1ibGFuay1USC8yMTg4MC53ZWJw?v=1773657925"},"main_images_customization":{"miniature":"https:\/\/media.th4.com\/SWPMj_5zjIrbzvGAcUyQ8cOWlo6rx7baJNS0Jw6FItc\/pr:80\/aHR0cDovL21lZGlhMi5kZXNpZ25wYXJ0bmVyLmZyL2MvcC1ibGFuay1USC8yMTg4MC53ZWJw?v=1773657925","medium":"https:\/\/media.th4.com\/4D7XS8ecM_Md9fGLpA4_28Si98ou7PR5Roj9MbQ-wMY\/pr:550x550greybg\/aHR0cDovL21lZGlhMi5kZXNpZ25wYXJ0bmVyLmZyL2MvcC1ibGFuay1USC8yMTg4MC53ZWJw?v=1773657925","medium_large":"https:\/\/media.th4.com\/rh65vjz1ftOMHa95g6BvIDIhOC0rz79TdjwvgGLA_rU\/pr:1000x1000greybg\/aHR0cDovL21lZGlhMi5kZXNpZ25wYXJ0bmVyLmZyL2MvcC1ibGFuay1USC8yMTg4MC53ZWJw?v=1773657925","large":"https:\/\/media.th4.com\/hV5y0PffJXguygs9lGdXFBJ2c9obfPWZhHznvMbjmJ8\/pr:1920greybg\/aHR0cDovL21lZGlhMi5kZXNpZ25wYXJ0bmVyLmZyL2MvcC1ibGFuay1USC8yMTg4MC53ZWJw?v=1773657925","opengraph":"https:\/\/media.th4.com\/L_H_tLBJ3rwQ_loDKJ5NUDCyAkmcuu1vOU92ELEclK8\/pr:1200x630greybg\/aHR0cDovL21lZGlhMi5kZXNpZ25wYXJ0bmVyLmZyL2MvcC1ibGFuay1USC8yMTg4MC53ZWJw?v=1773657925"},"page_links":{"fr":"\/fr\/p-ko-patchr-back-patch-amovible-ko-patchr-21880\/","en":"\/en\/p-ko-patchr-removable-back-patch-ko-patchr-21880\/","de":"\/de\/p-ko-patchr-abnehmbarer-back-patch-ko-patchr-21880\/","nl":"\/nl\/p-ko-patchr-afneembare-back-patch-ko-patchr-21880\/","es":"\/es\/p-ko-patchr-back-patch-desmontable-ko-patchr-21880\/","it":"\/it\/p-ko-patchr-back-patch-rimovibile-ko-patchr-21880\/","sv":"\/sv\/p-ko-patchr-avtagbar-back-patch-ko-patchr-21880\/","pt":"\/pt\/p-ko-patchr-back-patch-amovivel-ko-patchr-21880\/","da":"\/da\/p-ko-patchr-back-patch-aftagelig-ko-patchr-21880\/","pl":"\/pl\/p-ko-patchr-odczepiany-back-patch-ko-patchr-21880\/"},"page_links_customization":{"fr":"\/fr\/p-ko-patchr-back-patch-21880\/custom\/","en":"\/en\/p-ko-patchr-back-patch-21880\/custom\/","de":"\/de\/p-ko-patchr-back-patch-21880\/custom\/","nl":"\/nl\/p-ko-patchr-back-patch-21880\/custom\/","es":"\/es\/p-ko-patchr-back-patch-21880\/custom\/","it":"\/it\/p-ko-patchr-back-patch-21880\/custom\/","sv":"\/sv\/p-ko-patchr-back-patch-21880\/custom\/","pt":"\/pt\/p-ko-patchr-back-patch-21880\/custom\/","da":"\/da\/p-ko-patchr-back-patch-21880\/custom\/","pl":"\/pl\/p-ko-patchr-back-patch-21880\/custom\/"},"equivalent_products":[],"colors":[{"id":12730,"name":"black","class_ids":[4],"codes_hexa":["000000"],"delai_24":false,"has_3d":false,"seuil_global":0,"stock_local":0,"stock_global":384,"on_standby":false,"in_catalog":true,"images":{"miniature":["https:\/\/media.th4.com\/APXvD3-VW99RBQZpZknwM3E-BngTvMiW75rKRhr8zwM\/pr:80\/aHR0cDovL21lZGlhMi5kZXNpZ25wYXJ0bmVyLmZyL2MvcC8yMTg4MC8yMTg4MC0xMjczMC0xLndlYnA?v=1773657146"],"medium":["https:\/\/media.th4.com\/NTm0ADQWodTDPCtxOpeYHea0wA0PIfj9lb2IpIuiuwE\/pr:550x550\/aHR0cDovL21lZGlhMi5kZXNpZ25wYXJ0bmVyLmZyL2MvcC8yMTg4MC8yMTg4MC0xMjczMC0xLndlYnA?v=1773657146"],"medium_large":["https:\/\/media.th4.com\/vK2RCTHyHUsOQxGB3OdCDtVqOG8WGNQTyeWbOWqWYU4\/pr:1000x1000\/aHR0cDovL21lZGlhMi5kZXNpZ25wYXJ0bmVyLmZyL2MvcC8yMTg4MC8yMTg4MC0xMjczMC0xLndlYnA?v=1773657146"],"large":["https:\/\/media.th4.com\/fr3c6y6yeNK1wgJtYXpyiopmUTAM8WoxAN2X4Ol27bo\/pr:1920\/aHR0cDovL21lZGlhMi5kZXNpZ25wYXJ0bmVyLmZyL2MvcC8yMTg4MC8yMTg4MC0xMjczMC0xLndlYnA?v=1773657146"],"opengraph":["https:\/\/media.th4.com\/jAoL8Fo2lU5ewMpfaJ-kpeBlHRUH_1OsF0Aclsx8-1U\/pr:1200x630\/aHR0cDovL21lZGlhMi5kZXNpZ25wYXJ0bmVyLmZyL2MvcC8yMTg4MC8yMTg4MC0xMjczMC0xLndlYnA?v=1773657146"]},"images_customization":{"miniature":["https:\/\/media.th4.com\/APXvD3-VW99RBQZpZknwM3E-BngTvMiW75rKRhr8zwM\/pr:80\/aHR0cDovL21lZGlhMi5kZXNpZ25wYXJ0bmVyLmZyL2MvcC8yMTg4MC8yMTg4MC0xMjczMC0xLndlYnA?v=1773657146"],"medium":["https:\/\/media.th4.com\/NTm0ADQWodTDPCtxOpeYHea0wA0PIfj9lb2IpIuiuwE\/pr:550x550\/aHR0cDovL21lZGlhMi5kZXNpZ25wYXJ0bmVyLmZyL2MvcC8yMTg4MC8yMTg4MC0xMjczMC0xLndlYnA?v=1773657146"],"medium_large":["https:\/\/media.th4.com\/vK2RCTHyHUsOQxGB3OdCDtVqOG8WGNQTyeWbOWqWYU4\/pr:1000x1000\/aHR0cDovL21lZGlhMi5kZXNpZ25wYXJ0bmVyLmZyL2MvcC8yMTg4MC8yMTg4MC0xMjczMC0xLndlYnA?v=1773657146"],"large":["https:\/\/media.th4.com\/fr3c6y6yeNK1wgJtYXpyiopmUTAM8WoxAN2X4Ol27bo\/pr:1920\/aHR0cDovL21lZGlhMi5kZXNpZ25wYXJ0bmVyLmZyL2MvcC8yMTg4MC8yMTg4MC0xMjczMC0xLndlYnA?v=1773657146"],"opengraph":["https:\/\/media.th4.com\/jAoL8Fo2lU5ewMpfaJ-kpeBlHRUH_1OsF0Aclsx8-1U\/pr:1200x630\/aHR0cDovL21lZGlhMi5kZXNpZ25wYXJ0bmVyLmZyL2MvcC8yMTg4MC8yMTg4MC0xMjczMC0xLndlYnA?v=1773657146"]},"country_origin":"CN","traceability":{"manufacturing_country_id":61,"weaving_country_id":61,"dyeing_country_id":61},"sizes":[{"id":42,"article_id":540097,"class_id":19,"name":"taille_unique","on_standby":false,"stock_local":0,"stock_global":384,"multiple":1,"estimated_date_reassort":null,"is_destocking":false}],"page_links":{"fr":"\/fr\/p-ko-patchr-back-patch-amovible-ko-patchr-21880\/black-12730\/","en":"\/en\/p-ko-patchr-removable-back-patch-ko-patchr-21880\/black-12730\/","de":"\/de\/p-ko-patchr-abnehmbarer-back-patch-ko-patchr-21880\/black-12730\/","nl":"\/nl\/p-ko-patchr-afneembare-back-patch-ko-patchr-21880\/black-12730\/","es":"\/es\/p-ko-patchr-back-patch-desmontable-ko-patchr-21880\/black-12730\/","it":"\/it\/p-ko-patchr-back-patch-rimovibile-ko-patchr-21880\/black-12730\/","sv":"\/sv\/p-ko-patchr-avtagbar-back-patch-ko-patchr-21880\/black-12730\/","pt":"\/pt\/p-ko-patchr-back-patch-amovivel-ko-patchr-21880\/black-12730\/","da":"\/da\/p-ko-patchr-back-patch-aftagelig-ko-patchr-21880\/black-12730\/","pl":"\/pl\/p-ko-patchr-odczepiany-back-patch-ko-patchr-21880\/black-12730\/"},"page_links_customization":{"fr":"\/fr\/p-ko-patchr-back-patch-21880\/black-12730\/custom\/","en":"\/en\/p-ko-patchr-back-patch-21880\/black-12730\/custom\/","de":"\/de\/p-ko-patchr-back-patch-21880\/black-12730\/custom\/","nl":"\/nl\/p-ko-patchr-back-patch-21880\/black-12730\/custom\/","es":"\/es\/p-ko-patchr-back-patch-21880\/black-12730\/custom\/","it":"\/it\/p-ko-patchr-back-patch-21880\/black-12730\/custom\/","sv":"\/sv\/p-ko-patchr-back-patch-21880\/black-12730\/custom\/","pt":"\/pt\/p-ko-patchr-back-patch-21880\/black-12730\/custom\/","da":"\/da\/p-ko-patchr-back-patch-21880\/black-12730\/custom\/","pl":"\/pl\/p-ko-patchr-back-patch-21880\/black-12730\/custom\/"}},{"id":12728,"name":"signal_orange","class_ids":[13,9],"codes_hexa":["FF7247"],"delai_24":false,"has_3d":false,"seuil_global":0,"stock_local":0,"stock_global":124,"on_standby":false,"in_catalog":true,"images":{"miniature":["https:\/\/media.th4.com\/_5AQ3997MmJ8u2Tq9CPDRNIcNGjs4OlPwu0cyvnjwxI\/pr:80\/aHR0cDovL21lZGlhMi5kZXNpZ25wYXJ0bmVyLmZyL2MvcC8yMTg4MC8yMTg4MC0xMjcyOC0xLndlYnA?v=1773657149"],"medium":["https:\/\/media.th4.com\/NjEWPsq1F_Cgmw-rPbHbIXZyTLcFFAXDCw457sgqeLM\/pr:550x550\/aHR0cDovL21lZGlhMi5kZXNpZ25wYXJ0bmVyLmZyL2MvcC8yMTg4MC8yMTg4MC0xMjcyOC0xLndlYnA?v=1773657149"],"medium_large":["https:\/\/media.th4.com\/TT7YNXcHLrWdD-6b9jMIPr5WTAoyZwCD2Mc7NGGeQp4\/pr:1000x1000\/aHR0cDovL21lZGlhMi5kZXNpZ25wYXJ0bmVyLmZyL2MvcC8yMTg4MC8yMTg4MC0xMjcyOC0xLndlYnA?v=1773657149"],"large":["https:\/\/media.th4.com\/ziSr4C_41O8e1YTvNds905Ycy37sbXZHLNijOptZ9Fc\/pr:1920\/aHR0cDovL21lZGlhMi5kZXNpZ25wYXJ0bmVyLmZyL2MvcC8yMTg4MC8yMTg4MC0xMjcyOC0xLndlYnA?v=1773657149"],"opengraph":["https:\/\/media.th4.com\/O-ffrUFaJlyJ3vvU6c07RK7BfBOrG51KrnSiZnlG9Jg\/pr:1200x630\/aHR0cDovL21lZGlhMi5kZXNpZ25wYXJ0bmVyLmZyL2MvcC8yMTg4MC8yMTg4MC0xMjcyOC0xLndlYnA?v=1773657149"]},"images_customization":{"miniature":["https:\/\/media.th4.com\/_5AQ3997MmJ8u2Tq9CPDRNIcNGjs4OlPwu0cyvnjwxI\/pr:80\/aHR0cDovL21lZGlhMi5kZXNpZ25wYXJ0bmVyLmZyL2MvcC8yMTg4MC8yMTg4MC0xMjcyOC0xLndlYnA?v=1773657149"],"medium":["https:\/\/media.th4.com\/NjEWPsq1F_Cgmw-rPbHbIXZyTLcFFAXDCw457sgqeLM\/pr:550x550\/aHR0cDovL21lZGlhMi5kZXNpZ25wYXJ0bmVyLmZyL2MvcC8yMTg4MC8yMTg4MC0xMjcyOC0xLndlYnA?v=1773657149"],"medium_large":["https:\/\/media.th4.com\/TT7YNXcHLrWdD-6b9jMIPr5WTAoyZwCD2Mc7NGGeQp4\/pr:1000x1000\/aHR0cDovL21lZGlhMi5kZXNpZ25wYXJ0bmVyLmZyL2MvcC8yMTg4MC8yMTg4MC0xMjcyOC0xLndlYnA?v=1773657149"],"large":["https:\/\/media.th4.com\/ziSr4C_41O8e1YTvNds905Ycy37sbXZHLNijOptZ9Fc\/pr:1920\/aHR0cDovL21lZGlhMi5kZXNpZ25wYXJ0bmVyLmZyL2MvcC8yMTg4MC8yMTg4MC0xMjcyOC0xLndlYnA?v=1773657149"],"opengraph":["https:\/\/media.th4.com\/O-ffrUFaJlyJ3vvU6c07RK7BfBOrG51KrnSiZnlG9Jg\/pr:1200x630\/aHR0cDovL21lZGlhMi5kZXNpZ25wYXJ0bmVyLmZyL2MvcC8yMTg4MC8yMTg4MC0xMjcyOC0xLndlYnA?v=1773657149"]},"country_origin":"CN","traceability":{"manufacturing_country_id":61,"weaving_country_id":61,"dyeing_country_id":61},"sizes":[{"id":42,"article_id":540099,"class_id":19,"name":"taille_unique","on_standby":false,"stock_local":0,"stock_global":124,"multiple":1,"estimated_date_reassort":null,"is_destocking":false}],"page_links":{"fr":"\/fr\/p-ko-patchr-back-patch-amovible-ko-patchr-21880\/signal-orange-12728\/","en":"\/en\/p-ko-patchr-removable-back-patch-ko-patchr-21880\/signal-orange-12728\/","de":"\/de\/p-ko-patchr-abnehmbarer-back-patch-ko-patchr-21880\/signal-orange-12728\/","nl":"\/nl\/p-ko-patchr-afneembare-back-patch-ko-patchr-21880\/signal-orange-12728\/","es":"\/es\/p-ko-patchr-back-patch-desmontable-ko-patchr-21880\/signal-orange-12728\/","it":"\/it\/p-ko-patchr-back-patch-rimovibile-ko-patchr-21880\/signal-orange-12728\/","sv":"\/sv\/p-ko-patchr-avtagbar-back-patch-ko-patchr-21880\/signal-orange-12728\/","pt":"\/pt\/p-ko-patchr-back-patch-amovivel-ko-patchr-21880\/signal-orange-12728\/","da":"\/da\/p-ko-patchr-back-patch-aftagelig-ko-patchr-21880\/signal-orange-12728\/","pl":"\/pl\/p-ko-patchr-odczepiany-back-patch-ko-patchr-21880\/signal-orange-12728\/"},"page_links_customization":{"fr":"\/fr\/p-ko-patchr-back-patch-21880\/signal-orange-12728\/custom\/","en":"\/en\/p-ko-patchr-back-patch-21880\/signal-orange-12728\/custom\/","de":"\/de\/p-ko-patchr-back-patch-21880\/signal-orange-12728\/custom\/","nl":"\/nl\/p-ko-patchr-back-patch-21880\/signal-orange-12728\/custom\/","es":"\/es\/p-ko-patchr-back-patch-21880\/signal-orange-12728\/custom\/","it":"\/it\/p-ko-patchr-back-patch-21880\/signal-orange-12728\/custom\/","sv":"\/sv\/p-ko-patchr-back-patch-21880\/signal-orange-12728\/custom\/","pt":"\/pt\/p-ko-patchr-back-patch-21880\/signal-orange-12728\/custom\/","da":"\/da\/p-ko-patchr-back-patch-21880\/signal-orange-12728\/custom\/","pl":"\/pl\/p-ko-patchr-back-patch-21880\/signal-orange-12728\/custom\/"}},{"id":25201,"name":"dark_navy","class_ids":[2],"codes_hexa":["434657"],"delai_24":false,"has_3d":false,"seuil_global":0,"stock_local":0,"stock_global":118,"on_standby":false,"in_catalog":true,"images":{"miniature":["https:\/\/media.th4.com\/DkYAqUVtx5Xvv7K8d2mN4pxtH99hzrNP5aOoEW3NwlU\/pr:80\/aHR0cDovL21lZGlhMi5kZXNpZ25wYXJ0bmVyLmZyL2MvcC8yMTg4MC8yMTg4MC0yNTIwMS0xLndlYnA?v=1773657147"],"medium":["https:\/\/media.th4.com\/EMiIfHHB3pEMjCp-NNGFzAPjWMCsxWo9YapzKj_uksc\/pr:550x550\/aHR0cDovL21lZGlhMi5kZXNpZ25wYXJ0bmVyLmZyL2MvcC8yMTg4MC8yMTg4MC0yNTIwMS0xLndlYnA?v=1773657147"],"medium_large":["https:\/\/media.th4.com\/oseDUqn8s4Sx79MfienpHcEw56N2lty3KPsRHY4CPS8\/pr:1000x1000\/aHR0cDovL21lZGlhMi5kZXNpZ25wYXJ0bmVyLmZyL2MvcC8yMTg4MC8yMTg4MC0yNTIwMS0xLndlYnA?v=1773657147"],"large":["https:\/\/media.th4.com\/JyscKUgeNVi5SAlRHFVD3JQhyhJJdooefxsoq3_g3vM\/pr:1920\/aHR0cDovL21lZGlhMi5kZXNpZ25wYXJ0bmVyLmZyL2MvcC8yMTg4MC8yMTg4MC0yNTIwMS0xLndlYnA?v=1773657147"],"opengraph":["https:\/\/media.th4.com\/VMYTWMKGX3bZ9fv8l0C4cSK3DN57lyvhuXMrh2QtyBY\/pr:1200x630\/aHR0cDovL21lZGlhMi5kZXNpZ25wYXJ0bmVyLmZyL2MvcC8yMTg4MC8yMTg4MC0yNTIwMS0xLndlYnA?v=1773657147"]},"images_customization":{"miniature":["https:\/\/media.th4.com\/DkYAqUVtx5Xvv7K8d2mN4pxtH99hzrNP5aOoEW3NwlU\/pr:80\/aHR0cDovL21lZGlhMi5kZXNpZ25wYXJ0bmVyLmZyL2MvcC8yMTg4MC8yMTg4MC0yNTIwMS0xLndlYnA?v=1773657147"],"medium":["https:\/\/media.th4.com\/EMiIfHHB3pEMjCp-NNGFzAPjWMCsxWo9YapzKj_uksc\/pr:550x550\/aHR0cDovL21lZGlhMi5kZXNpZ25wYXJ0bmVyLmZyL2MvcC8yMTg4MC8yMTg4MC0yNTIwMS0xLndlYnA?v=1773657147"],"medium_large":["https:\/\/media.th4.com\/oseDUqn8s4Sx79MfienpHcEw56N2lty3KPsRHY4CPS8\/pr:1000x1000\/aHR0cDovL21lZGlhMi5kZXNpZ25wYXJ0bmVyLmZyL2MvcC8yMTg4MC8yMTg4MC0yNTIwMS0xLndlYnA?v=1773657147"],"large":["https:\/\/media.th4.com\/JyscKUgeNVi5SAlRHFVD3JQhyhJJdooefxsoq3_g3vM\/pr:1920\/aHR0cDovL21lZGlhMi5kZXNpZ25wYXJ0bmVyLmZyL2MvcC8yMTg4MC8yMTg4MC0yNTIwMS0xLndlYnA?v=1773657147"],"opengraph":["https:\/\/media.th4.com\/VMYTWMKGX3bZ9fv8l0C4cSK3DN57lyvhuXMrh2QtyBY\/pr:1200x630\/aHR0cDovL21lZGlhMi5kZXNpZ25wYXJ0bmVyLmZyL2MvcC8yMTg4MC8yMTg4MC0yNTIwMS0xLndlYnA?v=1773657147"]},"country_origin":"CN","traceability":{"manufacturing_country_id":61,"weaving_country_id":61,"dyeing_country_id":61},"sizes":[{"id":42,"article_id":540098,"class_id":19,"name":"taille_unique","on_standby":false,"stock_local":0,"stock_global":118,"multiple":1,"estimated_date_reassort":null,"is_destocking":false}],"page_links":{"fr":"\/fr\/p-ko-patchr-back-patch-amovible-ko-patchr-21880\/dark-navy-25201\/","en":"\/en\/p-ko-patchr-removable-back-patch-ko-patchr-21880\/dark-navy-25201\/","de":"\/de\/p-ko-patchr-abnehmbarer-back-patch-ko-patchr-21880\/dark-navy-25201\/","nl":"\/nl\/p-ko-patchr-afneembare-back-patch-ko-patchr-21880\/dark-navy-25201\/","es":"\/es\/p-ko-patchr-back-patch-desmontable-ko-patchr-21880\/dark-navy-25201\/","it":"\/it\/p-ko-patchr-back-patch-rimovibile-ko-patchr-21880\/dark-navy-25201\/","sv":"\/sv\/p-ko-patchr-avtagbar-back-patch-ko-patchr-21880\/dark-navy-25201\/","pt":"\/pt\/p-ko-patchr-back-patch-amovivel-ko-patchr-21880\/dark-navy-25201\/","da":"\/da\/p-ko-patchr-back-patch-aftagelig-ko-patchr-21880\/dark-navy-25201\/","pl":"\/pl\/p-ko-patchr-odczepiany-back-patch-ko-patchr-21880\/dark-navy-25201\/"},"page_links_customization":{"fr":"\/fr\/p-ko-patchr-back-patch-21880\/dark-navy-25201\/custom\/","en":"\/en\/p-ko-patchr-back-patch-21880\/dark-navy-25201\/custom\/","de":"\/de\/p-ko-patchr-back-patch-21880\/dark-navy-25201\/custom\/","nl":"\/nl\/p-ko-patchr-back-patch-21880\/dark-navy-25201\/custom\/","es":"\/es\/p-ko-patchr-back-patch-21880\/dark-navy-25201\/custom\/","it":"\/it\/p-ko-patchr-back-patch-21880\/dark-navy-25201\/custom\/","sv":"\/sv\/p-ko-patchr-back-patch-21880\/dark-navy-25201\/custom\/","pt":"\/pt\/p-ko-patchr-back-patch-21880\/dark-navy-25201\/custom\/","da":"\/da\/p-ko-patchr-back-patch-21880\/dark-navy-25201\/custom\/","pl":"\/pl\/p-ko-patchr-back-patch-21880\/dark-navy-25201\/custom\/"}},{"id":25191,"name":"silver","class_ids":[3],"codes_hexa":["A6ABB1"],"delai_24":false,"has_3d":false,"seuil_global":0,"stock_local":0,"stock_global":90,"on_standby":false,"in_catalog":true,"images":{"miniature":["https:\/\/media.th4.com\/OLaUIOiLdIpWKU3oToSt2Z3e0yBZaCQq2DrGG2H-mKQ\/pr:80\/aHR0cDovL21lZGlhMi5kZXNpZ25wYXJ0bmVyLmZyL2MvcC8yMTg4MC8yMTg4MC0yNTE5MS0xLndlYnA?v=1773657151"],"medium":["https:\/\/media.th4.com\/Agb2dTAOkWXdKSDByd1KXoeT849hCGy-ixHEpMzPi84\/pr:550x550\/aHR0cDovL21lZGlhMi5kZXNpZ25wYXJ0bmVyLmZyL2MvcC8yMTg4MC8yMTg4MC0yNTE5MS0xLndlYnA?v=1773657151"],"medium_large":["https:\/\/media.th4.com\/bxUImGdoQjfdrCJzEY3PwL26WKGz_zCtCpgx6aToc70\/pr:1000x1000\/aHR0cDovL21lZGlhMi5kZXNpZ25wYXJ0bmVyLmZyL2MvcC8yMTg4MC8yMTg4MC0yNTE5MS0xLndlYnA?v=1773657151"],"large":["https:\/\/media.th4.com\/tVmeJs7njp_2Vn346G3tpBIaM16rrBfzKEdMNVd4tKM\/pr:1920\/aHR0cDovL21lZGlhMi5kZXNpZ25wYXJ0bmVyLmZyL2MvcC8yMTg4MC8yMTg4MC0yNTE5MS0xLndlYnA?v=1773657151"],"opengraph":["https:\/\/media.th4.com\/oh7qKlwPwEnDOHurD2_I48RpX_4cinrFsFdx7DL1AHs\/pr:1200x630\/aHR0cDovL21lZGlhMi5kZXNpZ25wYXJ0bmVyLmZyL2MvcC8yMTg4MC8yMTg4MC0yNTE5MS0xLndlYnA?v=1773657151"]},"images_customization":{"miniature":["https:\/\/media.th4.com\/OLaUIOiLdIpWKU3oToSt2Z3e0yBZaCQq2DrGG2H-mKQ\/pr:80\/aHR0cDovL21lZGlhMi5kZXNpZ25wYXJ0bmVyLmZyL2MvcC8yMTg4MC8yMTg4MC0yNTE5MS0xLndlYnA?v=1773657151"],"medium":["https:\/\/media.th4.com\/Agb2dTAOkWXdKSDByd1KXoeT849hCGy-ixHEpMzPi84\/pr:550x550\/aHR0cDovL21lZGlhMi5kZXNpZ25wYXJ0bmVyLmZyL2MvcC8yMTg4MC8yMTg4MC0yNTE5MS0xLndlYnA?v=1773657151"],"medium_large":["https:\/\/media.th4.com\/bxUImGdoQjfdrCJzEY3PwL26WKGz_zCtCpgx6aToc70\/pr:1000x1000\/aHR0cDovL21lZGlhMi5kZXNpZ25wYXJ0bmVyLmZyL2MvcC8yMTg4MC8yMTg4MC0yNTE5MS0xLndlYnA?v=1773657151"],"large":["https:\/\/media.th4.com\/tVmeJs7njp_2Vn346G3tpBIaM16rrBfzKEdMNVd4tKM\/pr:1920\/aHR0cDovL21lZGlhMi5kZXNpZ25wYXJ0bmVyLmZyL2MvcC8yMTg4MC8yMTg4MC0yNTE5MS0xLndlYnA?v=1773657151"],"opengraph":["https:\/\/media.th4.com\/oh7qKlwPwEnDOHurD2_I48RpX_4cinrFsFdx7DL1AHs\/pr:1200x630\/aHR0cDovL21lZGlhMi5kZXNpZ25wYXJ0bmVyLmZyL2MvcC8yMTg4MC8yMTg4MC0yNTE5MS0xLndlYnA?v=1773657151"]},"country_origin":"CN","traceability":{"manufacturing_country_id":61,"weaving_country_id":61,"dyeing_country_id":61},"sizes":[{"id":42,"article_id":540101,"class_id":19,"name":"taille_unique","on_standby":false,"stock_local":0,"stock_global":90,"multiple":1,"estimated_date_reassort":null,"is_destocking":false}],"page_links":{"fr":"\/fr\/p-ko-patchr-back-patch-amovible-ko-patchr-21880\/silver-25191\/","en":"\/en\/p-ko-patchr-removable-back-patch-ko-patchr-21880\/silver-25191\/","de":"\/de\/p-ko-patchr-abnehmbarer-back-patch-ko-patchr-21880\/silver-25191\/","nl":"\/nl\/p-ko-patchr-afneembare-back-patch-ko-patchr-21880\/silver-25191\/","es":"\/es\/p-ko-patchr-back-patch-desmontable-ko-patchr-21880\/silver-25191\/","it":"\/it\/p-ko-patchr-back-patch-rimovibile-ko-patchr-21880\/silver-25191\/","sv":"\/sv\/p-ko-patchr-avtagbar-back-patch-ko-patchr-21880\/silver-25191\/","pt":"\/pt\/p-ko-patchr-back-patch-amovivel-ko-patchr-21880\/silver-25191\/","da":"\/da\/p-ko-patchr-back-patch-aftagelig-ko-patchr-21880\/silver-25191\/","pl":"\/pl\/p-ko-patchr-odczepiany-back-patch-ko-patchr-21880\/silver-25191\/"},"page_links_customization":{"fr":"\/fr\/p-ko-patchr-back-patch-21880\/silver-25191\/custom\/","en":"\/en\/p-ko-patchr-back-patch-21880\/silver-25191\/custom\/","de":"\/de\/p-ko-patchr-back-patch-21880\/silver-25191\/custom\/","nl":"\/nl\/p-ko-patchr-back-patch-21880\/silver-25191\/custom\/","es":"\/es\/p-ko-patchr-back-patch-21880\/silver-25191\/custom\/","it":"\/it\/p-ko-patchr-back-patch-21880\/silver-25191\/custom\/","sv":"\/sv\/p-ko-patchr-back-patch-21880\/silver-25191\/custom\/","pt":"\/pt\/p-ko-patchr-back-patch-21880\/silver-25191\/custom\/","da":"\/da\/p-ko-patchr-back-patch-21880\/silver-25191\/custom\/","pl":"\/pl\/p-ko-patchr-back-patch-21880\/silver-25191\/custom\/"}},{"id":12735,"name":"red","class_ids":[6],"codes_hexa":["E31220"],"delai_24":false,"has_3d":false,"seuil_global":0,"stock_local":0,"stock_global":87,"on_standby":false,"in_catalog":true,"images":{"miniature":["https:\/\/media.th4.com\/tv5FZrwpv2FDsc89snLCft5Dtmd5WCoAPuhFps4bKfc\/pr:80\/aHR0cDovL21lZGlhMi5kZXNpZ25wYXJ0bmVyLmZyL2MvcC8yMTg4MC8yMTg4MC0xMjczNS0xLndlYnA?v=1773657148"],"medium":["https:\/\/media.th4.com\/7rIyxh2KCrfKVT7_QjrHX4albF9CkGz-EIWd9WEuz0o\/pr:550x550\/aHR0cDovL21lZGlhMi5kZXNpZ25wYXJ0bmVyLmZyL2MvcC8yMTg4MC8yMTg4MC0xMjczNS0xLndlYnA?v=1773657148"],"medium_large":["https:\/\/media.th4.com\/9N9j5Paqzc8qeLg0zzbg4iq0wbOu2CtxTECRPwSBHWk\/pr:1000x1000\/aHR0cDovL21lZGlhMi5kZXNpZ25wYXJ0bmVyLmZyL2MvcC8yMTg4MC8yMTg4MC0xMjczNS0xLndlYnA?v=1773657148"],"large":["https:\/\/media.th4.com\/y2LV9X2W_SWJjG1jgkygzd05qZ6x_uipwtaIve1tsjg\/pr:1920\/aHR0cDovL21lZGlhMi5kZXNpZ25wYXJ0bmVyLmZyL2MvcC8yMTg4MC8yMTg4MC0xMjczNS0xLndlYnA?v=1773657148"],"opengraph":["https:\/\/media.th4.com\/GDfBiOf1ZW5hthxH4aTnk8XwfP0OXHRASPwFk5LuSnA\/pr:1200x630\/aHR0cDovL21lZGlhMi5kZXNpZ25wYXJ0bmVyLmZyL2MvcC8yMTg4MC8yMTg4MC0xMjczNS0xLndlYnA?v=1773657148"]},"images_customization":{"miniature":["https:\/\/media.th4.com\/tv5FZrwpv2FDsc89snLCft5Dtmd5WCoAPuhFps4bKfc\/pr:80\/aHR0cDovL21lZGlhMi5kZXNpZ25wYXJ0bmVyLmZyL2MvcC8yMTg4MC8yMTg4MC0xMjczNS0xLndlYnA?v=1773657148"],"medium":["https:\/\/media.th4.com\/7rIyxh2KCrfKVT7_QjrHX4albF9CkGz-EIWd9WEuz0o\/pr:550x550\/aHR0cDovL21lZGlhMi5kZXNpZ25wYXJ0bmVyLmZyL2MvcC8yMTg4MC8yMTg4MC0xMjczNS0xLndlYnA?v=1773657148"],"medium_large":["https:\/\/media.th4.com\/9N9j5Paqzc8qeLg0zzbg4iq0wbOu2CtxTECRPwSBHWk\/pr:1000x1000\/aHR0cDovL21lZGlhMi5kZXNpZ25wYXJ0bmVyLmZyL2MvcC8yMTg4MC8yMTg4MC0xMjczNS0xLndlYnA?v=1773657148"],"large":["https:\/\/media.th4.com\/y2LV9X2W_SWJjG1jgkygzd05qZ6x_uipwtaIve1tsjg\/pr:1920\/aHR0cDovL21lZGlhMi5kZXNpZ25wYXJ0bmVyLmZyL2MvcC8yMTg4MC8yMTg4MC0xMjczNS0xLndlYnA?v=1773657148"],"opengraph":["https:\/\/media.th4.com\/GDfBiOf1ZW5hthxH4aTnk8XwfP0OXHRASPwFk5LuSnA\/pr:1200x630\/aHR0cDovL21lZGlhMi5kZXNpZ25wYXJ0bmVyLmZyL2MvcC8yMTg4MC8yMTg4MC0xMjczNS0xLndlYnA?v=1773657148"]},"country_origin":"CN","traceability":{"manufacturing_country_id":61,"weaving_country_id":61,"dyeing_country_id":61},"sizes":[{"id":42,"article_id":540100,"class_id":19,"name":"taille_unique","on_standby":false,"stock_local":0,"stock_global":87,"multiple":1,"estimated_date_reassort":null,"is_destocking":false}],"page_links":{"fr":"\/fr\/p-ko-patchr-back-patch-amovible-ko-patchr-21880\/red-12735\/","en":"\/en\/p-ko-patchr-removable-back-patch-ko-patchr-21880\/red-12735\/","de":"\/de\/p-ko-patchr-abnehmbarer-back-patch-ko-patchr-21880\/red-12735\/","nl":"\/nl\/p-ko-patchr-afneembare-back-patch-ko-patchr-21880\/red-12735\/","es":"\/es\/p-ko-patchr-back-patch-desmontable-ko-patchr-21880\/red-12735\/","it":"\/it\/p-ko-patchr-back-patch-rimovibile-ko-patchr-21880\/red-12735\/","sv":"\/sv\/p-ko-patchr-avtagbar-back-patch-ko-patchr-21880\/red-12735\/","pt":"\/pt\/p-ko-patchr-back-patch-amovivel-ko-patchr-21880\/red-12735\/","da":"\/da\/p-ko-patchr-back-patch-aftagelig-ko-patchr-21880\/red-12735\/","pl":"\/pl\/p-ko-patchr-odczepiany-back-patch-ko-patchr-21880\/red-12735\/"},"page_links_customization":{"fr":"\/fr\/p-ko-patchr-back-patch-21880\/red-12735\/custom\/","en":"\/en\/p-ko-patchr-back-patch-21880\/red-12735\/custom\/","de":"\/de\/p-ko-patchr-back-patch-21880\/red-12735\/custom\/","nl":"\/nl\/p-ko-patchr-back-patch-21880\/red-12735\/custom\/","es":"\/es\/p-ko-patchr-back-patch-21880\/red-12735\/custom\/","it":"\/it\/p-ko-patchr-back-patch-21880\/red-12735\/custom\/","sv":"\/sv\/p-ko-patchr-back-patch-21880\/red-12735\/custom\/","pt":"\/pt\/p-ko-patchr-back-patch-21880\/red-12735\/custom\/","da":"\/da\/p-ko-patchr-back-patch-21880\/red-12735\/custom\/","pl":"\/pl\/p-ko-patchr-back-patch-21880\/red-12735\/custom\/"}},{"id":12729,"name":"signal_yellow","class_ids":[12],"codes_hexa":["EAE549"],"delai_24":false,"has_3d":false,"seuil_global":0,"stock_local":0,"stock_global":46,"on_standby":false,"in_catalog":true,"images":{"miniature":["https:\/\/media.th4.com\/Fm0UTp7ipOUdbFThEjXTe0miRZgg7LzPRi0Sc5dh6qQ\/pr:80\/aHR0cDovL21lZGlhMi5kZXNpZ25wYXJ0bmVyLmZyL2MvcC8yMTg4MC8yMTg4MC0xMjcyOS0xLndlYnA?v=1773657150"],"medium":["https:\/\/media.th4.com\/2zEzuu1EW30oRZgS6yaw2BoVz2S1HAL9DT9XDYCprSk\/pr:550x550\/aHR0cDovL21lZGlhMi5kZXNpZ25wYXJ0bmVyLmZyL2MvcC8yMTg4MC8yMTg4MC0xMjcyOS0xLndlYnA?v=1773657150"],"medium_large":["https:\/\/media.th4.com\/R5H0mYmOgYKrS8976TuT3UTm6Eqxs6ea6Ig5Si9nHlg\/pr:1000x1000\/aHR0cDovL21lZGlhMi5kZXNpZ25wYXJ0bmVyLmZyL2MvcC8yMTg4MC8yMTg4MC0xMjcyOS0xLndlYnA?v=1773657150"],"large":["https:\/\/media.th4.com\/uhtm3wP1mbxYVVBc6mq5GSvf65hZir_K1JTMaRVemOM\/pr:1920\/aHR0cDovL21lZGlhMi5kZXNpZ25wYXJ0bmVyLmZyL2MvcC8yMTg4MC8yMTg4MC0xMjcyOS0xLndlYnA?v=1773657150"],"opengraph":["https:\/\/media.th4.com\/_ZZtRMwEAOiPMR44hmBTrGm7lk2BkzAuP7xoIyrO79w\/pr:1200x630\/aHR0cDovL21lZGlhMi5kZXNpZ25wYXJ0bmVyLmZyL2MvcC8yMTg4MC8yMTg4MC0xMjcyOS0xLndlYnA?v=1773657150"]},"images_customization":{"miniature":["https:\/\/media.th4.com\/Fm0UTp7ipOUdbFThEjXTe0miRZgg7LzPRi0Sc5dh6qQ\/pr:80\/aHR0cDovL21lZGlhMi5kZXNpZ25wYXJ0bmVyLmZyL2MvcC8yMTg4MC8yMTg4MC0xMjcyOS0xLndlYnA?v=1773657150"],"medium":["https:\/\/media.th4.com\/2zEzuu1EW30oRZgS6yaw2BoVz2S1HAL9DT9XDYCprSk\/pr:550x550\/aHR0cDovL21lZGlhMi5kZXNpZ25wYXJ0bmVyLmZyL2MvcC8yMTg4MC8yMTg4MC0xMjcyOS0xLndlYnA?v=1773657150"],"medium_large":["https:\/\/media.th4.com\/R5H0mYmOgYKrS8976TuT3UTm6Eqxs6ea6Ig5Si9nHlg\/pr:1000x1000\/aHR0cDovL21lZGlhMi5kZXNpZ25wYXJ0bmVyLmZyL2MvcC8yMTg4MC8yMTg4MC0xMjcyOS0xLndlYnA?v=1773657150"],"large":["https:\/\/media.th4.com\/uhtm3wP1mbxYVVBc6mq5GSvf65hZir_K1JTMaRVemOM\/pr:1920\/aHR0cDovL21lZGlhMi5kZXNpZ25wYXJ0bmVyLmZyL2MvcC8yMTg4MC8yMTg4MC0xMjcyOS0xLndlYnA?v=1773657150"],"opengraph":["https:\/\/media.th4.com\/_ZZtRMwEAOiPMR44hmBTrGm7lk2BkzAuP7xoIyrO79w\/pr:1200x630\/aHR0cDovL21lZGlhMi5kZXNpZ25wYXJ0bmVyLmZyL2MvcC8yMTg4MC8yMTg4MC0xMjcyOS0xLndlYnA?v=1773657150"]},"country_origin":"CN","traceability":{"manufacturing_country_id":61,"weaving_country_id":61,"dyeing_country_id":61},"sizes":[{"id":42,"article_id":540102,"class_id":19,"name":"taille_unique","on_standby":false,"stock_local":0,"stock_global":46,"multiple":1,"estimated_date_reassort":null,"is_destocking":false}],"page_links":{"fr":"\/fr\/p-ko-patchr-back-patch-amovible-ko-patchr-21880\/signal-yellow-12729\/","en":"\/en\/p-ko-patchr-removable-back-patch-ko-patchr-21880\/signal-yellow-12729\/","de":"\/de\/p-ko-patchr-abnehmbarer-back-patch-ko-patchr-21880\/signal-yellow-12729\/","nl":"\/nl\/p-ko-patchr-afneembare-back-patch-ko-patchr-21880\/signal-yellow-12729\/","es":"\/es\/p-ko-patchr-back-patch-desmontable-ko-patchr-21880\/signal-yellow-12729\/","it":"\/it\/p-ko-patchr-back-patch-rimovibile-ko-patchr-21880\/signal-yellow-12729\/","sv":"\/sv\/p-ko-patchr-avtagbar-back-patch-ko-patchr-21880\/signal-yellow-12729\/","pt":"\/pt\/p-ko-patchr-back-patch-amovivel-ko-patchr-21880\/signal-yellow-12729\/","da":"\/da\/p-ko-patchr-back-patch-aftagelig-ko-patchr-21880\/signal-yellow-12729\/","pl":"\/pl\/p-ko-patchr-odczepiany-back-patch-ko-patchr-21880\/signal-yellow-12729\/"},"page_links_customization":{"fr":"\/fr\/p-ko-patchr-back-patch-21880\/signal-yellow-12729\/custom\/","en":"\/en\/p-ko-patchr-back-patch-21880\/signal-yellow-12729\/custom\/","de":"\/de\/p-ko-patchr-back-patch-21880\/signal-yellow-12729\/custom\/","nl":"\/nl\/p-ko-patchr-back-patch-21880\/signal-yellow-12729\/custom\/","es":"\/es\/p-ko-patchr-back-patch-21880\/signal-yellow-12729\/custom\/","it":"\/it\/p-ko-patchr-back-patch-21880\/signal-yellow-12729\/custom\/","sv":"\/sv\/p-ko-patchr-back-patch-21880\/signal-yellow-12729\/custom\/","pt":"\/pt\/p-ko-patchr-back-patch-21880\/signal-yellow-12729\/custom\/","da":"\/da\/p-ko-patchr-back-patch-21880\/signal-yellow-12729\/custom\/","pl":"\/pl\/p-ko-patchr-back-patch-21880\/signal-yellow-12729\/custom\/"}}],"documentation_link":"\/pdf\/21880.pdf","countries_availables":["AD","AE","AL","AT","BA","BD","BE","BG","BL","CA","CH","CN","CO","CY","CZ","DE","DK","DO","EE","EG","ES","ET","FI","FR","GB","GE","GF","GP","GR","GT","HK","HN","HR","HT","HU","ID","IE","IN","IS","IT","JO","JP","KE","KH","KP","KR","LA","LK","LS","LT","LU","LV","MA","MF","MG","MK","MM","MN","MQ","MT","MX","MY","NC","NI","NL","PF","PH","PK","PL","PM","PT","RE","RO","SE","SG","SI","SK","SV","SY","TH","TN","TR","TW","TZ","US","VN","WF","YT"]},"infos_customization":[],"features":{"authorize_multi_surfaces":true,"display_order_delay_type":true,"promote_surface_display":true,"tarification_franco_offert":true,"enabled_3d_editor":false},"markings":[{"id":0,"nom":"vierge","finition":null,"libelle":null,"code":null,"dpi":null,"finesse_forme_isolee":null,"finesse_forme_non_isolee":null,"hauteur_minimale_texte":null,"inactif":0,"marquage_interne":1,"quantite_min":null,"parent_id":null,"print_on_support":0,"content":"vierge","description":null},{"id":2,"nom":"fonce","finition":"optimale","libelle":"TopQuadri","code":null,"dpi":400,"finesse_forme_isolee":"0.040","finesse_forme_non_isolee":"0.700","hauteur_minimale_texte":2,"inactif":0,"marquage_interne":1,"quantite_min":null,"parent_id":18,"print_on_support":0,"content":"TopQuadri","description":"pour petites et moyennes s\u00e9ries"},{"id":3,"nom":"serigraphie","finition":"serigraphie","libelle":"SeriCoat","code":null,"dpi":400,"finesse_forme_isolee":"0.040","finesse_forme_non_isolee":"0.700","hauteur_minimale_texte":2,"inactif":0,"marquage_interne":1,"quantite_min":15,"parent_id":18,"print_on_support":0,"content":"SeriCoat","description":"pour moyennes et grandes s\u00e9ries"},{"id":4,"nom":"broderie","finition":"broderie","libelle":"Broderie","code":null,"dpi":400,"finesse_forme_isolee":"0.040","finesse_forme_non_isolee":"0.700","hauteur_minimale_texte":3,"inactif":0,"marquage_interne":1,"quantite_min":null,"parent_id":null,"print_on_support":0,"content":"Broderie","description":null},{"id":8,"nom":"theme","finition":null,"libelle":"Th\u00e8me","code":null,"dpi":null,"finesse_forme_isolee":null,"finesse_forme_non_isolee":null,"hauteur_minimale_texte":null,"inactif":0,"marquage_interne":1,"quantite_min":null,"parent_id":null,"print_on_support":0,"content":"Th\u00e8me","description":null},{"id":9,"nom":"sans","finition":null,"libelle":null,"code":null,"dpi":null,"finesse_forme_isolee":null,"finesse_forme_non_isolee":null,"hauteur_minimale_texte":null,"inactif":0,"marquage_interne":1,"quantite_min":null,"parent_id":null,"print_on_support":0,"content":"sans","description":null},{"id":10,"nom":"photo","finition":null,"libelle":"Photo","code":null,"dpi":null,"finesse_forme_isolee":null,"finesse_forme_non_isolee":null,"hauteur_minimale_texte":null,"inactif":0,"marquage_interne":1,"quantite_min":null,"parent_id":null,"print_on_support":0,"content":"Photo","description":null},{"id":14,"nom":"couleur","finition":null,"libelle":"Couleur","code":null,"dpi":null,"finesse_forme_isolee":null,"finesse_forme_non_isolee":null,"hauteur_minimale_texte":null,"inactif":0,"marquage_interne":1,"quantite_min":null,"parent_id":null,"print_on_support":0,"content":"Couleur","description":null},{"id":15,"nom":"sublimation","finition":"sublimation","libelle":"Sublimation","code":null,"dpi":null,"finesse_forme_isolee":"0.000","finesse_forme_non_isolee":"0.000","hauteur_minimale_texte":2,"inactif":0,"marquage_interne":1,"quantite_min":null,"parent_id":null,"print_on_support":0,"content":"Sublimation","description":null},{"id":16,"nom":"topquadri_uv","finition":null,"libelle":"TopQuadri UV","code":null,"dpi":null,"finesse_forme_isolee":"0.020","finesse_forme_non_isolee":"0.700","hauteur_minimale_texte":2,"inactif":0,"marquage_interne":1,"quantite_min":null,"parent_id":null,"print_on_support":1,"content":null,"description":null},{"id":17,"nom":"topquadri_uvp","finition":null,"libelle":"TopQuadri UVP","code":null,"dpi":null,"finesse_forme_isolee":"0.020","finesse_forme_non_isolee":"0.700","hauteur_minimale_texte":2,"inactif":0,"marquage_interne":1,"quantite_min":null,"parent_id":null,"print_on_support":1,"content":null,"description":null},{"id":18,"nom":"quadri","finition":null,"libelle":"Impression","code":null,"dpi":null,"finesse_forme_isolee":null,"finesse_forme_non_isolee":null,"hauteur_minimale_texte":null,"inactif":0,"marquage_interne":1,"quantite_min":null,"parent_id":null,"print_on_support":0,"content":null,"description":null}]}}