{"data":{"product":{"id":21873,"titre":"Safety Vest With Zipper \"COLOGNE\"","description":"Gilet de s\u00e9curit\u00e9 zipp\u00e9. 2 bandes horizontales r\u00e9fl\u00e9chissantes de 5 cm de large. Fermeture zipp\u00e9e. Composition : 100 % polyester.","genre":"mixte","grammage":120,"conditionnement":100,"composition":"polyester,polyester_uniquement","reference":"ko-rx217","reference_visible":"ko-rx217","reference_fabricant":"RX217","ref_xor":"721716","in_catalog":true,"is_transfer":false,"is_service":false,"on_standby":false,"has_3d":false,"has_size_guide":false,"has_marking":true,"has_vierge":true,"is_cross_sellable":false,"id_picto":109,"filename_3d":null,"brand":{"id":170,"name":"Korntex","logo":"logo-korntex.png","image":"https:\/\/media.th4.com\/cQDqQljenSY7VSYcQdvIaNfOwg9YRdZ-qoOzoO5ebsQ\/pr:brand70x70\/aHR0cDovL21lZGlhMi5kZXNpZ25wYXJ0bmVyLmZyL2MvbS9sb2dvLWtvcm50ZXgucG5n"},"price_infos":{"price_from":3.21,"quantity":200,"color":{"id":12729,"name":"signal_yellow"},"size":{"id":4,"name":"XL"}},"price_infos_marking":{"price_from":6.88,"quantity":500,"color":{"id":12729,"name":"signal_yellow"},"size":{"id":4,"name":"XL"},"marking":{"id":2,"name":""},"emplacement":"avant","surface_emplacement_id":1,"surface":"coeur"},"i18n":{"blank":{"title":{"fr":"Gilet s\u00e9curit\u00e9 cologne KORNTEX rx217","en":"Cologne safety vest KORNTEX rx217","de":"Sicherheitsweste K\u00f6ln KORNTEX rx217","nl":"Veiligheidsvest Keulen KORNTEX rx217","es":"Chaleco de seguridad colonia KORNTEX rx217","it":"Gilet di sicurezza colonia KORNTEX rx217","sv":"S\u00e4kerhetsv\u00e4st K\u00f6ln KORNTEX rx217","pt":"Colete de seguran\u00e7a col\u00f3nia KORNTEX rx217","da":"Sikkerhedsvest cologne KORNTEX rx217","pl":"Kamizelka bezpiecze\u0144stwa Cologne KORNTEX rx217"},"description":{"fr":"Le Gilet S\u00e9curit\u00e9 Cologne est un gilet s\u00e9curit\u00e9 zipp\u00e9 con\u00e7u pour am\u00e9liorer la visibilit\u00e9 dans diff\u00e9rents contextes d'utilisation. Sa fermeture zipp\u00e9e facilite l'enfilage et le maintien en place au quotidien.\n\n- Composition : 100 % polyester\n- Fermeture zipp\u00e9e\n- 2 bandes horizontales r\u00e9fl\u00e9chissantes\n- Largeur des bandes : 5 cm","en":"The Cologne Safety Vest is a zip-up safety vest designed to improve visibility in different usage contexts. Its zip fastening makes it easy to put on and keeps it securely in place for everyday use.\n\n- Composition: 100% polyester\n- Zip fastening\n- 2 horizontal reflective bands\n- Band width: 5 cm","de":"Die Sicherheitsweste K\u00f6ln ist eine Sicherheitsweste mit Rei\u00dfverschluss, die zur Verbesserung der Sichtbarkeit in verschiedenen Einsatzbereichen entwickelt wurde. Ihr Rei\u00dfverschluss erleichtert das Anziehen und den sicheren Sitz im Alltag.\n\n- Material: 100 % Polyester\n- Rei\u00dfverschluss\n- 2 horizontale reflektierende Streifen\n- Breite der Streifen: 5 cm","nl":"Het Veiligheidsvest Keulen is een veiligheidsvest met ritssluiting, ontworpen om de zichtbaarheid in verschillende gebruiksomgevingen te verbeteren. De ritssluiting vergemakkelijkt het aantrekken en zorgt dagelijks voor een goede pasvorm.\n\n- Samenstelling: 100% polyester\n- Ritssluiting\n- 2 horizontale reflecterende banden\n- Breedte van de banden: 5 cm","es":"El chaleco de seguridad Colonia es un chaleco de seguridad con cremallera dise\u00f1ado para mejorar la visibilidad en distintos contextos de uso. Su cierre de cremallera facilita la colocaci\u00f3n y la sujeci\u00f3n diaria.\n\n- Composici\u00f3n: 100 % poli\u00e9ster\n- Cierre de cremallera\n- 2 bandas horizontales reflectantes\n- Ancho de las bandas: 5 cm","it":"Il Gilet di Sicurezza Colonia \u00e8 un gilet di sicurezza con zip progettato per migliorare la visibilit\u00e0 in diversi contesti di utilizzo. La chiusura con zip facilita l'indossamento e la tenuta in posizione nell'uso quotidiano.\n\n- Composizione: 100% poliestere\n- Chiusura con zip\n- 2 bande orizzontali riflettenti\n- Larghezza delle bande: 5 cm","sv":"S\u00e4kerhetsv\u00e4sten K\u00f6ln \u00e4r en s\u00e4kerhetsv\u00e4st med dragkedja, utformad f\u00f6r att f\u00f6rb\u00e4ttra synligheten i olika anv\u00e4ndningssammanhang. Dragkedjest\u00e4ngningen g\u00f6r den enkel att ta p\u00e5 och h\u00e5ller den p\u00e5 plats i vardagen.\n\n- Sammans\u00e4ttning: 100 % polyester\n- Dragkedjest\u00e4ngning\n- 2 horisontella reflekterande band\n- Bandens bredd: 5 cm","pt":"O colete de seguran\u00e7a col\u00f3nia \u00e9 um colete de seguran\u00e7a com fecho de correr concebido para melhorar a visibilidade em diferentes contextos de utiliza\u00e7\u00e3o. O seu fecho de correr facilita ao vestir e a manuten\u00e7\u00e3o no lugar no dia a dia.\n\n- Composi\u00e7\u00e3o: 100 % poli\u00e9ster\n- Fecho de correr\n- 2 bandas horizontais refletoras\n- Largura das bandas: 5 cm","da":"Sikkerhedsvesten Cologne er en sikkerhedsvest med lynl\u00e5s, designet til at forbedre synligheden i forskellige anvendelsessituationer. Lynl\u00e5slukningen g\u00f8r den nem at tage p\u00e5 og hj\u00e6lper med at holde den p\u00e5 plads i hverdagen.\n\n- Sammens\u00e6tning: 100 % polyester\n- Lynl\u00e5slukning\n- 2 vandrette reflekterende b\u00e5nd\n- B\u00e5ndenes bredde: 5 cm","pl":"Kamizelka bezpiecze\u0144stwa Cologne to zapinana na zamek b\u0142yskawiczny kamizelka bezpiecze\u0144stwa, przeznaczona do poprawy widoczno\u015bci w r\u00f3\u017cnych warunkach u\u017cytkowania. Zapi\u0119cie na zamek b\u0142yskawiczny u\u0142atwia zak\u0142adanie i codzienne utrzymanie na miejscu.\n\n- Sk\u0142ad: 100% poliester\n- Zapi\u0119cie na zamek b\u0142yskawiczny\n- 2 poziome ta\u015bmy odblaskowe\n- Szeroko\u015b\u0107 ta\u015bm: 5 cm"},"h1":{"fr":"Gilet s\u00e9curit\u00e9 cologne rx217","en":"Cologne safety vest rx217","de":"Sicherheitsweste K\u00f6ln rx217","nl":"Veiligheidsvest Keulen rx217","es":"Chaleco de seguridad colonia rx217","it":"Gilet di sicurezza colonia rx217","sv":"S\u00e4kerhetsv\u00e4st K\u00f6ln rx217","pt":"Colete de seguran\u00e7a col\u00f3nia rx217","da":"Sikkerhedsvest cologne rx217","pl":"Kamizelka bezpiecze\u0144stwa Cologne rx217"},"meta_description":{"fr":"Gilet S\u00e9curit\u00e9 Cologne rx217 avec fermeture zipp\u00e9e et deux bandes horizontales r\u00e9fl\u00e9chissantes de 5 cm. Con\u00e7u pour une visibilit\u00e9 renforc\u00e9e.","en":"Cologne safety vest rx217 with zip fastening and two 5 cm horizontal reflective bands. Designed for enhanced visibility.","de":"Sicherheitsweste K\u00f6ln rx217 mit Rei\u00dfverschluss und zwei horizontalen reflektierenden Streifen von 5 cm. Entwickelt f\u00fcr erh\u00f6hte Sichtbarkeit.","nl":"Veiligheidsvest Keulen rx217 met ritssluiting en twee horizontale reflecterende banden van 5 cm. Ontworpen voor betere zichtbaarheid.","es":"Chaleco de seguridad Colonia rx217 con cierre de cremallera y dos bandas horizontales reflectantes de 5 cm. Dise\u00f1ado para una visibilidad reforzada.","it":"Gilet di sicurezza Colonia rx217 con chiusura a zip e due bande orizzontali riflettenti da 5 cm. Progettato per una visibilit\u00e0 migliorata.","sv":"S\u00e4kerhetsv\u00e4st K\u00f6ln rx217 med dragkedjest\u00e4ngning och tv\u00e5 horisontella reflekterande band p\u00e5 5 cm. Utformad f\u00f6r f\u00f6rb\u00e4ttrad synlighet.","pt":"Colete de seguran\u00e7a col\u00f3nia rx217 com fecho de correr e duas bandas horizontais refletoras de 5 cm. Concebido para uma visibilidade refor\u00e7ada.","da":"Sikkerhedsvest Cologne rx217 med lynl\u00e5slukning og to vandrette reflekterende b\u00e5nd p\u00e5 5 cm. Designet til forbedret synlighed.","pl":"Kamizelka bezpiecze\u0144stwa Cologne rx217 z zamkiem b\u0142yskawicznym i dwiema poziomymi ta\u015bmami odblaskowymi o szeroko\u015bci 5 cm. Zaprojektowana dla zwi\u0119kszonej widoczno\u015bci."}},"custom":{"title":{"fr":"Gilet s\u00e9curit\u00e9 cologne KORNTEX rx217 personnalisable","en":"Customizable Cologne safety vest KORNTEX rx217","de":"Warnweste K\u00f6ln KORNTEX rx217 personalisierbar","nl":"Veiligheidshesje Keulen KORNTEX rx217 personaliseerbaar","es":"Chaleco de seguridad Colonia KORNTEX rx217 personalizable","it":"Gilet di sicurezza Colonia KORNTEX rx217 personalizzabile","sv":"S\u00e4kerhetsv\u00e4st Cologne KORNTEX rx217 anpassningsbar","pt":"Colete de seguran\u00e7a Col\u00f3nia KORNTEX rx217 personaliz\u00e1vel","da":"Sikkerhedsvest Cologne KORNTEX rx217 kan tilpasses","pl":"Kamizelka bezpiecze\u0144stwa Cologne KORNTEX rx217 z mo\u017cliwo\u015bci\u0105 personalizacji"},"description":{"fr":"Le Gilet S\u00e9curit\u00e9 Cologne est un gilet s\u00e9curit\u00e9 zipp\u00e9 con\u00e7u pour am\u00e9liorer la visibilit\u00e9 dans diff\u00e9rents contextes d'utilisation. Sa fermeture zipp\u00e9e facilite l'enfilage, tandis que ses deux bandes horizontales r\u00e9fl\u00e9chissantes de 5 cm apportent un rep\u00e9rage visuel compl\u00e9mentaire. La personnalisation est possible selon le support pr\u00e9vu sur l'article.\n\n- Composition : 100 % polyester\n- Fermeture : zip\n- 2 bandes r\u00e9fl\u00e9chissantes horizontales de 5 cm\n- Personnalisation possible","en":"The Cologne Safety Vest is a zipped safety vest designed to improve visibility in different usage contexts. Its zip fastening makes it easy to put on, while its two horizontal reflective bands of 5 cm provide additional visual identification. Customization is possible depending on the area provided on the item.\n\n- Composition: 100% polyester\n- Fastening: zip\n- 2 horizontal reflective bands of 5 cm\n- Customization possible","de":"Die Warnweste K\u00f6ln ist eine Warnweste mit Rei\u00dfverschluss, die zur Verbesserung der Sichtbarkeit in verschiedenen Einsatzbereichen entwickelt wurde. Der Rei\u00dfverschluss erleichtert das Anziehen, w\u00e4hrend die zwei horizontalen reflektierenden Streifen von 5 cm eine zus\u00e4tzliche visuelle Erkennbarkeit bieten. Die Personalisierung ist je nach vorgesehener Fl\u00e4che am Artikel m\u00f6glich.\n\n- Zusammensetzung: 100 % Polyester\n- Verschluss: Rei\u00dfverschluss\n- 2 horizontale reflektierende Streifen von 5 cm\n- Personalisierung m\u00f6glich","nl":"Het veiligheidshesje Keulen is een veiligheidshesje met ritssluiting, ontworpen om de zichtbaarheid in verschillende gebruikssituaties te verbeteren. De ritssluiting vergemakkelijkt het aantrekken, terwijl de twee horizontale reflecterende banden van 5 cm extra visuele herkenning bieden. Personalisatie is mogelijk volgens het daarvoor voorziene oppervlak op het artikel.\n\n- Samenstelling: 100% polyester\n- Sluiting: ritssluiting\n- 2 horizontale reflecterende banden van 5 cm\n- Personalisatie mogelijk","es":"El chaleco de seguridad Colonia es un chaleco de seguridad con cremallera dise\u00f1ado para mejorar la visibilidad en diferentes contextos de uso. Su cierre de cremallera facilita la colocaci\u00f3n, mientras que sus dos bandas horizontales reflectantes de 5 cm aportan una se\u00f1alizaci\u00f3n visual adicional. La personalizaci\u00f3n es posible seg\u00fan el soporte previsto en el art\u00edculo.\n\n- Composici\u00f3n: 100 % poli\u00e9ster\n- Cierre: cremallera\n- 2 bandas reflectantes horizontales de 5 cm\n- Personalizaci\u00f3n posible","it":"Il Gilet di Sicurezza Colonia \u00e8 un gilet di sicurezza con zip progettato per migliorare la visibilit\u00e0 in diversi contesti di utilizzo. La chiusura con zip facilita l'indossamento, mentre le sue due bande riflettenti orizzontali da 5 cm aggiungono un riferimento visivo complementare. La personalizzazione \u00e8 possibile in base al supporto previsto sull'articolo.\n\n- Composizione: 100 % poliestere\n- Chiusura: zip\n- 2 bande riflettenti orizzontali da 5 cm\n- Personalizzazione possibile","sv":"S\u00e4kerhetsv\u00e4sten Cologne \u00e4r en s\u00e4kerhetsv\u00e4st med dragkedja, utformad f\u00f6r att f\u00f6rb\u00e4ttra synligheten i olika anv\u00e4ndningssammanhang. Dragkedjest\u00e4ngningen g\u00f6r den enkel att ta p\u00e5, medan de tv\u00e5 horisontella reflexbanden p\u00e5 5 cm ger extra visuell synlighet. Anpassning \u00e4r m\u00f6jlig beroende p\u00e5 den yta som finns p\u00e5 artikeln.\n\n- Sammans\u00e4ttning: 100 % polyester\n- St\u00e4ngning: dragkedja\n- 2 horisontella reflexband p\u00e5 5 cm\n- Anpassning m\u00f6jlig","pt":"O Colete de Seguran\u00e7a Col\u00f3nia \u00e9 um colete de seguran\u00e7a com fecho de correr concebido para melhorar a visibilidade em diferentes contextos de utiliza\u00e7\u00e3o. O fecho de correr facilita ao vestir, enquanto as suas duas faixas refletoras horizontais de 5 cm acrescentam sinaliza\u00e7\u00e3o visual complementar. A personaliza\u00e7\u00e3o \u00e9 poss\u00edvel de acordo com o suporte previsto no artigo.\n\n- Composi\u00e7\u00e3o: 100 % poli\u00e9ster\n- Fecho: fecho de correr\n- 2 faixas refletoras horizontais de 5 cm\n- Personaliza\u00e7\u00e3o poss\u00edvel","da":"Sikkerhedsvesten Cologne er en sikkerhedsvest med lynl\u00e5s, udviklet til at forbedre synligheden i forskellige anvendelsessituationer. Lynl\u00e5slukningen g\u00f8r den nem at tage p\u00e5, mens de to vandrette reflekterende b\u00e5nd giver ekstra visuel markering. Tilpasning er mulig afh\u00e6ngigt af det omr\u00e5de, der er beregnet p\u00e5 varen.\n\n- Sammens\u00e6tning: 100 % polyester\n- Lukning: lynl\u00e5s\n- 2 vandrette reflekterende b\u00e5nd\n- Mulighed for tilpasning","pl":"Kamizelka bezpiecze\u0144stwa Cologne to zapinana na zamek kamizelka bezpiecze\u0144stwa, opracowana w celu poprawy widoczno\u015bci w r\u00f3\u017cnych warunkach u\u017cytkowania. Zapi\u0119cie na zamek u\u0142atwia zak\u0142adanie, a dwa poziome pasy odblaskowe o szeroko\u015bci 5 cm zapewniaj\u0105 dodatkow\u0105 widoczno\u015b\u0107. Personalizacja jest mo\u017cliwa zgodnie z przewidzian\u0105 na artykule powierzchni\u0105.\n\n- Sk\u0142ad: 100 % poliester\n- Zapi\u0119cie: zamek\n- 2 poziome pasy odblaskowe o szeroko\u015bci 5 cm\n- Mo\u017cliwo\u015b\u0107 personalizacji"},"h1":{"fr":"Gilet s\u00e9curit\u00e9 cologne rx217 personnalisable","en":"Customizable Cologne safety vest rx217","de":"Warnweste K\u00f6ln rx217 personalisierbar","nl":"Veiligheidshesje Keulen rx217 personaliseerbaar","es":"Chaleco de seguridad Colonia rx217 personalizable","it":"Gilet di sicurezza Colonia rx217 personalizzabile","sv":"S\u00e4kerhetsv\u00e4st Cologne rx217 anpassningsbar","pt":"Colete de seguran\u00e7a Col\u00f3nia rx217 personaliz\u00e1vel","da":"Sikkerhedsvest Cologne rx217 kan tilpasses","pl":"Kamizelka bezpiecze\u0144stwa Cologne rx217 z mo\u017cliwo\u015bci\u0105 personalizacji"},"meta_description":{"fr":"Gilet s\u00e9curit\u00e9 cologne zipp\u00e9 avec 2 bandes horizontales r\u00e9fl\u00e9chissantes de 5 cm. Composition 100 % polyester. Personnalisation possible.","en":"Zipped Cologne safety vest with 2 horizontal reflective bands of 5 cm. 100% polyester composition. Customization possible.","de":"Warnweste K\u00f6ln mit Rei\u00dfverschluss und 2 horizontalen reflektierenden Streifen von 5 cm. Zusammensetzung 100 % Polyester. Personalisierung m\u00f6glich.","nl":"Veiligheidshesje met ritssluiting en 2 horizontale reflecterende banden van 5 cm. Samenstelling: 100% polyester. Personalisatie mogelijk.","es":"Chaleco de seguridad Colonia con cremallera y 2 bandas horizontales reflectantes de 5 cm. Composici\u00f3n 100 % poli\u00e9ster. Personalizaci\u00f3n posible.","it":"Gilet di sicurezza Colonia con zip e 2 bande riflettenti orizzontali da 5 cm. Composizione 100 % poliestere. Personalizzazione possibile.","sv":"S\u00e4kerhetsv\u00e4st Cologne med dragkedja och 2 horisontella reflexband p\u00e5 5 cm. Sammans\u00e4ttning 100 % polyester. Anpassning m\u00f6jlig.","pt":"Colete de seguran\u00e7a com fecho de correr e 2 faixas refletoras horizontais de 5 cm. Composi\u00e7\u00e3o 100 % poli\u00e9ster. Personaliza\u00e7\u00e3o poss\u00edvel.","da":"Sikkerhedsvest Cologne med lynl\u00e5s og 2 vandrette reflekterende b\u00e5nd. Sammens\u00e6tning: 100 % polyester. Mulighed for tilpasning.","pl":"Kamizelka bezpiecze\u0144stwa Cologne zapinana na zamek z 2 poziomymi pasami odblaskowymi o szeroko\u015bci 5 cm. Sk\u0142ad: 100 % poliester. Mo\u017cliwo\u015b\u0107 personalizacji."}}},"categories":[{"id":329,"name":"Vestes et gilets de s\u00e9curit\u00e9","singular":"Veste et gilet de s\u00e9curit\u00e9","is_feminin":false},{"id":561,"name":"BTP et Industrie","singular":"BTP et Industrie","is_feminin":false},{"id":560,"name":"Sports et Loisirs","singular":"Sport et Loisir","is_feminin":false},{"id":572,"name":"Textiles r\u00e9fl\u00e9chissants","singular":"Textile r\u00e9fl\u00e9chissant","is_feminin":false},{"id":13,"name":"Vestes et manteaux","singular":"Veste et manteau","is_feminin":true},{"id":559,"name":"Univers","singular":"Univers","is_feminin":false},{"id":354,"name":"Textile","singular":"Textile","is_feminin":false}],"certifications":[],"videos":{"fr":[],"en":[],"de":[],"nl":[],"es":[],"it":[],"sv":[],"pt":[],"da":[],"pl":[]},"main_images":{"miniature":"https:\/\/media.th4.com\/4-XzcsTnyIkvmWxLEoiMIMzQ5_PBnK89BchPOYLJBrg\/pr:80\/aHR0cDovL21lZGlhMi5kZXNpZ25wYXJ0bmVyLmZyL2MvcC1ibGFuay1USC8yMTg3My53ZWJw?v=1773657928","medium":"https:\/\/media.th4.com\/xetVOpeNTL1ZFHdOyoWAtPtIebFyKJRo-mXVjasx4o8\/pr:550x550greybg\/aHR0cDovL21lZGlhMi5kZXNpZ25wYXJ0bmVyLmZyL2MvcC1ibGFuay1USC8yMTg3My53ZWJw?v=1773657928","medium_large":"https:\/\/media.th4.com\/9TphZozG8ddKMAVInEhcRBPkTZ-VyawC22J6t0O5AKg\/pr:1000x1000greybg\/aHR0cDovL21lZGlhMi5kZXNpZ25wYXJ0bmVyLmZyL2MvcC1ibGFuay1USC8yMTg3My53ZWJw?v=1773657928","large":"https:\/\/media.th4.com\/HL2MyIYA8qwcy13CFASqskotP1A9jtgpkojwKLv41zk\/pr:1920greybg\/aHR0cDovL21lZGlhMi5kZXNpZ25wYXJ0bmVyLmZyL2MvcC1ibGFuay1USC8yMTg3My53ZWJw?v=1773657928","opengraph":"https:\/\/media.th4.com\/tSS1gcNC4B0lXSd75s4pu4iXRz4IerU62tcq8XbYY9U\/pr:1200x630greybg\/aHR0cDovL21lZGlhMi5kZXNpZ25wYXJ0bmVyLmZyL2MvcC1ibGFuay1USC8yMTg3My53ZWJw?v=1773657928"},"main_images_customization":{"miniature":"https:\/\/media.th4.com\/JOBe56NIiUbZrAYUkuZYUZqfo-h-y05gDcNHOsmVieA\/pr:80\/aHR0cDovL21lZGlhMi5kZXNpZ25wYXJ0bmVyLmZyL2MvcC1jdXN0b20tVEgvMjE4NzMud2VicA?v=1773658035","medium":"https:\/\/media.th4.com\/YbMWCaMelceZeou_gcRVPOmgHtxRXWYK4AHeow0Wn7U\/pr:550x550greybg\/aHR0cDovL21lZGlhMi5kZXNpZ25wYXJ0bmVyLmZyL2MvcC1jdXN0b20tVEgvMjE4NzMud2VicA?v=1773658035","medium_large":"https:\/\/media.th4.com\/Kd-o0H7R9-1oIU2yFJpAyvcz0F2SNWmlidDkRqQiCdY\/pr:1000x1000greybg\/aHR0cDovL21lZGlhMi5kZXNpZ25wYXJ0bmVyLmZyL2MvcC1jdXN0b20tVEgvMjE4NzMud2VicA?v=1773658035","large":"https:\/\/media.th4.com\/a_awGDQ4OpQ50PVEqvzu8-S_BKT1KsEtH5nVN3vuMBE\/pr:1920greybg\/aHR0cDovL21lZGlhMi5kZXNpZ25wYXJ0bmVyLmZyL2MvcC1jdXN0b20tVEgvMjE4NzMud2VicA?v=1773658035","opengraph":"https:\/\/media.th4.com\/zObgUk29w-thxE2pkTbJwvjMcXmQabq6RatRJD08q0o\/pr:1200x630greybg\/aHR0cDovL21lZGlhMi5kZXNpZ25wYXJ0bmVyLmZyL2MvcC1jdXN0b20tVEgvMjE4NzMud2VicA?v=1773658035"},"page_links":{"fr":"\/fr\/p-ko-rx217-gilet-securite-cologne-rx217-21873\/","en":"\/en\/p-ko-rx217-cologne-safety-vest-rx217-21873\/","de":"\/de\/p-ko-rx217-sicherheitsweste-koln-rx217-21873\/","nl":"\/nl\/p-ko-rx217-veiligheidsvest-keulen-rx217-21873\/","es":"\/es\/p-ko-rx217-chaleco-de-seguridad-colonia-rx217-21873\/","it":"\/it\/p-ko-rx217-gilet-di-sicurezza-colonia-rx217-21873\/","sv":"\/sv\/p-ko-rx217-sakerhetsvast-koln-rx217-21873\/","pt":"\/pt\/p-ko-rx217-colete-de-seguranca-colonia-rx217-21873\/","da":"\/da\/p-ko-rx217-sikkerhedsvest-cologne-rx217-21873\/","pl":"\/pl\/p-ko-rx217-kamizelka-bezpieczenstwa-cologne-rx217-21873\/"},"page_links_customization":{"fr":"\/fr\/p-ko-rx217-gilet-securite-cologne-rx217-personnalisable-21873\/custom\/","en":"\/en\/p-ko-rx217-customizable-cologne-safety-vest-rx217-21873\/custom\/","de":"\/de\/p-ko-rx217-warnweste-koln-rx217-personalisierbar-21873\/custom\/","nl":"\/nl\/p-ko-rx217-veiligheidshesje-keulen-rx217-personaliseerbaar-21873\/custom\/","es":"\/es\/p-ko-rx217-chaleco-de-seguridad-colonia-rx217-personalizable-21873\/custom\/","it":"\/it\/p-ko-rx217-gilet-di-sicurezza-colonia-rx217-personalizzabile-21873\/custom\/","sv":"\/sv\/p-ko-rx217-sakerhetsvast-cologne-rx217-anpassningsbar-21873\/custom\/","pt":"\/pt\/p-ko-rx217-colete-de-seguranca-colonia-rx217-personalizavel-21873\/custom\/","da":"\/da\/p-ko-rx217-sikkerhedsvest-cologne-rx217-kan-tilpasses-21873\/custom\/","pl":"\/pl\/p-ko-rx217-kamizelka-bezpieczenstwa-cologne-rx217-z-mozliwoscia-personalizacji-21873\/custom\/"},"equivalent_products":[],"colors":[{"id":12729,"name":"signal_yellow","class_ids":[12],"codes_hexa":["EAE549"],"delai_24":false,"has_3d":false,"seuil_global":0,"stock_local":0,"stock_global":1635,"on_standby":false,"in_catalog":true,"images":{"miniature":["https:\/\/media.th4.com\/B644PabOA1FpYGpG4DQX-I6SFPxUcvKZucDefi6DZD8\/pr:80\/aHR0cDovL21lZGlhMi5kZXNpZ25wYXJ0bmVyLmZyL2MvcC8yMTg3My8yMTg3My0xMjcyOS0xLndlYnA?v=1773657158"],"medium":["https:\/\/media.th4.com\/LQ9NbTUCaUGUJdN085mIH9ztQO1DLD2MCMGvot9SfL8\/pr:550x550\/aHR0cDovL21lZGlhMi5kZXNpZ25wYXJ0bmVyLmZyL2MvcC8yMTg3My8yMTg3My0xMjcyOS0xLndlYnA?v=1773657158"],"medium_large":["https:\/\/media.th4.com\/NwytLAu7E3T1hv8WqNZ1o6e1YuvrDCwIPmTeT03UrBA\/pr:1000x1000\/aHR0cDovL21lZGlhMi5kZXNpZ25wYXJ0bmVyLmZyL2MvcC8yMTg3My8yMTg3My0xMjcyOS0xLndlYnA?v=1773657158"],"large":["https:\/\/media.th4.com\/ulFubNTOapcgyHEIzIix6gV40zlpwKFnlbzGB9531H4\/pr:1920\/aHR0cDovL21lZGlhMi5kZXNpZ25wYXJ0bmVyLmZyL2MvcC8yMTg3My8yMTg3My0xMjcyOS0xLndlYnA?v=1773657158"],"opengraph":["https:\/\/media.th4.com\/wS6X1RnuV34NfsZZZOwYAk69Bt-w8M8YwRkH17zkeoU\/pr:1200x630\/aHR0cDovL21lZGlhMi5kZXNpZ25wYXJ0bmVyLmZyL2MvcC8yMTg3My8yMTg3My0xMjcyOS0xLndlYnA?v=1773657158"]},"images_customization":{"miniature":["https:\/\/media.th4.com\/B644PabOA1FpYGpG4DQX-I6SFPxUcvKZucDefi6DZD8\/pr:80\/aHR0cDovL21lZGlhMi5kZXNpZ25wYXJ0bmVyLmZyL2MvcC8yMTg3My8yMTg3My0xMjcyOS0xLndlYnA?v=1773657158"],"medium":["https:\/\/media.th4.com\/LQ9NbTUCaUGUJdN085mIH9ztQO1DLD2MCMGvot9SfL8\/pr:550x550\/aHR0cDovL21lZGlhMi5kZXNpZ25wYXJ0bmVyLmZyL2MvcC8yMTg3My8yMTg3My0xMjcyOS0xLndlYnA?v=1773657158"],"medium_large":["https:\/\/media.th4.com\/NwytLAu7E3T1hv8WqNZ1o6e1YuvrDCwIPmTeT03UrBA\/pr:1000x1000\/aHR0cDovL21lZGlhMi5kZXNpZ25wYXJ0bmVyLmZyL2MvcC8yMTg3My8yMTg3My0xMjcyOS0xLndlYnA?v=1773657158"],"large":["https:\/\/media.th4.com\/ulFubNTOapcgyHEIzIix6gV40zlpwKFnlbzGB9531H4\/pr:1920\/aHR0cDovL21lZGlhMi5kZXNpZ25wYXJ0bmVyLmZyL2MvcC8yMTg3My8yMTg3My0xMjcyOS0xLndlYnA?v=1773657158"],"opengraph":["https:\/\/media.th4.com\/wS6X1RnuV34NfsZZZOwYAk69Bt-w8M8YwRkH17zkeoU\/pr:1200x630\/aHR0cDovL21lZGlhMi5kZXNpZ25wYXJ0bmVyLmZyL2MvcC8yMTg3My8yMTg3My0xMjcyOS0xLndlYnA?v=1773657158"]},"country_origin":"CN","traceability":{"manufacturing_country_id":61,"weaving_country_id":61,"dyeing_country_id":61},"sizes":[{"id":3,"article_id":539931,"class_id":3,"name":"S","on_standby":false,"stock_local":0,"stock_global":168,"multiple":1,"estimated_date_reassort":null,"is_destocking":false},{"id":2,"article_id":539930,"class_id":4,"name":"M","on_standby":false,"stock_local":0,"stock_global":244,"multiple":1,"estimated_date_reassort":null,"is_destocking":false},{"id":1,"article_id":539929,"class_id":5,"name":"L","on_standby":false,"stock_local":0,"stock_global":308,"multiple":1,"estimated_date_reassort":null,"is_destocking":false},{"id":4,"article_id":539932,"class_id":6,"name":"XL","on_standby":false,"stock_local":0,"stock_global":517,"multiple":1,"estimated_date_reassort":null,"is_destocking":false},{"id":1116,"article_id":539933,"class_id":7,"name":"2XL","on_standby":false,"stock_local":0,"stock_global":100,"multiple":1,"estimated_date_reassort":null,"is_destocking":false},{"id":1081,"article_id":539926,"class_id":8,"name":"3XL","on_standby":false,"stock_local":0,"stock_global":136,"multiple":1,"estimated_date_reassort":null,"is_destocking":false},{"id":16,"article_id":539927,"class_id":9,"name":"4XL","on_standby":false,"stock_local":0,"stock_global":15,"multiple":1,"estimated_date_reassort":null,"is_destocking":false},{"id":168,"article_id":539928,"class_id":10,"name":"5XL","on_standby":false,"stock_local":0,"stock_global":147,"multiple":1,"estimated_date_reassort":null,"is_destocking":false}],"page_links":{"fr":"\/fr\/p-ko-rx217-gilet-securite-cologne-rx217-21873\/signal-yellow-12729\/","en":"\/en\/p-ko-rx217-cologne-safety-vest-rx217-21873\/signal-yellow-12729\/","de":"\/de\/p-ko-rx217-sicherheitsweste-koln-rx217-21873\/signal-yellow-12729\/","nl":"\/nl\/p-ko-rx217-veiligheidsvest-keulen-rx217-21873\/signal-yellow-12729\/","es":"\/es\/p-ko-rx217-chaleco-de-seguridad-colonia-rx217-21873\/signal-yellow-12729\/","it":"\/it\/p-ko-rx217-gilet-di-sicurezza-colonia-rx217-21873\/signal-yellow-12729\/","sv":"\/sv\/p-ko-rx217-sakerhetsvast-koln-rx217-21873\/signal-yellow-12729\/","pt":"\/pt\/p-ko-rx217-colete-de-seguranca-colonia-rx217-21873\/signal-yellow-12729\/","da":"\/da\/p-ko-rx217-sikkerhedsvest-cologne-rx217-21873\/signal-yellow-12729\/","pl":"\/pl\/p-ko-rx217-kamizelka-bezpieczenstwa-cologne-rx217-21873\/signal-yellow-12729\/"},"page_links_customization":{"fr":"\/fr\/p-ko-rx217-gilet-securite-cologne-rx217-personnalisable-21873\/signal-yellow-12729\/custom\/","en":"\/en\/p-ko-rx217-customizable-cologne-safety-vest-rx217-21873\/signal-yellow-12729\/custom\/","de":"\/de\/p-ko-rx217-warnweste-koln-rx217-personalisierbar-21873\/signal-yellow-12729\/custom\/","nl":"\/nl\/p-ko-rx217-veiligheidshesje-keulen-rx217-personaliseerbaar-21873\/signal-yellow-12729\/custom\/","es":"\/es\/p-ko-rx217-chaleco-de-seguridad-colonia-rx217-personalizable-21873\/signal-yellow-12729\/custom\/","it":"\/it\/p-ko-rx217-gilet-di-sicurezza-colonia-rx217-personalizzabile-21873\/signal-yellow-12729\/custom\/","sv":"\/sv\/p-ko-rx217-sakerhetsvast-cologne-rx217-anpassningsbar-21873\/signal-yellow-12729\/custom\/","pt":"\/pt\/p-ko-rx217-colete-de-seguranca-colonia-rx217-personalizavel-21873\/signal-yellow-12729\/custom\/","da":"\/da\/p-ko-rx217-sikkerhedsvest-cologne-rx217-kan-tilpasses-21873\/signal-yellow-12729\/custom\/","pl":"\/pl\/p-ko-rx217-kamizelka-bezpieczenstwa-cologne-rx217-z-mozliwoscia-personalizacji-21873\/signal-yellow-12729\/custom\/"}},{"id":12728,"name":"signal_orange","class_ids":[13,9],"codes_hexa":["FF7247"],"delai_24":false,"has_3d":false,"seuil_global":0,"stock_local":0,"stock_global":1393,"on_standby":false,"in_catalog":true,"images":{"miniature":["https:\/\/media.th4.com\/C2220JsYBc5HKuX5gyMubS4tltoq7LZ4ULfClQf7ruQ\/pr:80\/aHR0cDovL21lZGlhMi5kZXNpZ25wYXJ0bmVyLmZyL2MvcC8yMTg3My8yMTg3My0xMjcyOC0xLndlYnA?v=1773657158"],"medium":["https:\/\/media.th4.com\/dPaxhDZBIYwgfeCSAGD8CDgNRmQXtUgz_ItYDeBkn18\/pr:550x550\/aHR0cDovL21lZGlhMi5kZXNpZ25wYXJ0bmVyLmZyL2MvcC8yMTg3My8yMTg3My0xMjcyOC0xLndlYnA?v=1773657158"],"medium_large":["https:\/\/media.th4.com\/8rRi3N2bAosfyTl5LPn5f87oYoK67zIN3U_2UmQ5k_s\/pr:1000x1000\/aHR0cDovL21lZGlhMi5kZXNpZ25wYXJ0bmVyLmZyL2MvcC8yMTg3My8yMTg3My0xMjcyOC0xLndlYnA?v=1773657158"],"large":["https:\/\/media.th4.com\/tYgTxMcrAwZwsQfcPSoglIBwe0lQzhXIvtAjY5Z4Hnw\/pr:1920\/aHR0cDovL21lZGlhMi5kZXNpZ25wYXJ0bmVyLmZyL2MvcC8yMTg3My8yMTg3My0xMjcyOC0xLndlYnA?v=1773657158"],"opengraph":["https:\/\/media.th4.com\/lh4otDmXGsqWN1tlKaP_hnIcPG6Z1ya8_PsSRhFOEgs\/pr:1200x630\/aHR0cDovL21lZGlhMi5kZXNpZ25wYXJ0bmVyLmZyL2MvcC8yMTg3My8yMTg3My0xMjcyOC0xLndlYnA?v=1773657158"]},"images_customization":{"miniature":["https:\/\/media.th4.com\/C2220JsYBc5HKuX5gyMubS4tltoq7LZ4ULfClQf7ruQ\/pr:80\/aHR0cDovL21lZGlhMi5kZXNpZ25wYXJ0bmVyLmZyL2MvcC8yMTg3My8yMTg3My0xMjcyOC0xLndlYnA?v=1773657158"],"medium":["https:\/\/media.th4.com\/dPaxhDZBIYwgfeCSAGD8CDgNRmQXtUgz_ItYDeBkn18\/pr:550x550\/aHR0cDovL21lZGlhMi5kZXNpZ25wYXJ0bmVyLmZyL2MvcC8yMTg3My8yMTg3My0xMjcyOC0xLndlYnA?v=1773657158"],"medium_large":["https:\/\/media.th4.com\/8rRi3N2bAosfyTl5LPn5f87oYoK67zIN3U_2UmQ5k_s\/pr:1000x1000\/aHR0cDovL21lZGlhMi5kZXNpZ25wYXJ0bmVyLmZyL2MvcC8yMTg3My8yMTg3My0xMjcyOC0xLndlYnA?v=1773657158"],"large":["https:\/\/media.th4.com\/tYgTxMcrAwZwsQfcPSoglIBwe0lQzhXIvtAjY5Z4Hnw\/pr:1920\/aHR0cDovL21lZGlhMi5kZXNpZ25wYXJ0bmVyLmZyL2MvcC8yMTg3My8yMTg3My0xMjcyOC0xLndlYnA?v=1773657158"],"opengraph":["https:\/\/media.th4.com\/lh4otDmXGsqWN1tlKaP_hnIcPG6Z1ya8_PsSRhFOEgs\/pr:1200x630\/aHR0cDovL21lZGlhMi5kZXNpZ25wYXJ0bmVyLmZyL2MvcC8yMTg3My8yMTg3My0xMjcyOC0xLndlYnA?v=1773657158"]},"country_origin":"CN","traceability":{"manufacturing_country_id":61,"weaving_country_id":61,"dyeing_country_id":61},"sizes":[{"id":3,"article_id":539923,"class_id":3,"name":"S","on_standby":false,"stock_local":0,"stock_global":121,"multiple":1,"estimated_date_reassort":null,"is_destocking":false},{"id":2,"article_id":539922,"class_id":4,"name":"M","on_standby":false,"stock_local":0,"stock_global":180,"multiple":1,"estimated_date_reassort":null,"is_destocking":false},{"id":1,"article_id":539921,"class_id":5,"name":"L","on_standby":false,"stock_local":0,"stock_global":255,"multiple":1,"estimated_date_reassort":null,"is_destocking":false},{"id":4,"article_id":539924,"class_id":6,"name":"XL","on_standby":false,"stock_local":0,"stock_global":232,"multiple":1,"estimated_date_reassort":null,"is_destocking":false},{"id":1116,"article_id":539925,"class_id":7,"name":"2XL","on_standby":false,"stock_local":0,"stock_global":301,"multiple":1,"estimated_date_reassort":null,"is_destocking":false},{"id":1081,"article_id":539918,"class_id":8,"name":"3XL","on_standby":false,"stock_local":0,"stock_global":87,"multiple":1,"estimated_date_reassort":null,"is_destocking":false},{"id":16,"article_id":539919,"class_id":9,"name":"4XL","on_standby":false,"stock_local":0,"stock_global":102,"multiple":1,"estimated_date_reassort":null,"is_destocking":false},{"id":168,"article_id":539920,"class_id":10,"name":"5XL","on_standby":false,"stock_local":0,"stock_global":115,"multiple":1,"estimated_date_reassort":null,"is_destocking":false}],"page_links":{"fr":"\/fr\/p-ko-rx217-gilet-securite-cologne-rx217-21873\/signal-orange-12728\/","en":"\/en\/p-ko-rx217-cologne-safety-vest-rx217-21873\/signal-orange-12728\/","de":"\/de\/p-ko-rx217-sicherheitsweste-koln-rx217-21873\/signal-orange-12728\/","nl":"\/nl\/p-ko-rx217-veiligheidsvest-keulen-rx217-21873\/signal-orange-12728\/","es":"\/es\/p-ko-rx217-chaleco-de-seguridad-colonia-rx217-21873\/signal-orange-12728\/","it":"\/it\/p-ko-rx217-gilet-di-sicurezza-colonia-rx217-21873\/signal-orange-12728\/","sv":"\/sv\/p-ko-rx217-sakerhetsvast-koln-rx217-21873\/signal-orange-12728\/","pt":"\/pt\/p-ko-rx217-colete-de-seguranca-colonia-rx217-21873\/signal-orange-12728\/","da":"\/da\/p-ko-rx217-sikkerhedsvest-cologne-rx217-21873\/signal-orange-12728\/","pl":"\/pl\/p-ko-rx217-kamizelka-bezpieczenstwa-cologne-rx217-21873\/signal-orange-12728\/"},"page_links_customization":{"fr":"\/fr\/p-ko-rx217-gilet-securite-cologne-rx217-personnalisable-21873\/signal-orange-12728\/custom\/","en":"\/en\/p-ko-rx217-customizable-cologne-safety-vest-rx217-21873\/signal-orange-12728\/custom\/","de":"\/de\/p-ko-rx217-warnweste-koln-rx217-personalisierbar-21873\/signal-orange-12728\/custom\/","nl":"\/nl\/p-ko-rx217-veiligheidshesje-keulen-rx217-personaliseerbaar-21873\/signal-orange-12728\/custom\/","es":"\/es\/p-ko-rx217-chaleco-de-seguridad-colonia-rx217-personalizable-21873\/signal-orange-12728\/custom\/","it":"\/it\/p-ko-rx217-gilet-di-sicurezza-colonia-rx217-personalizzabile-21873\/signal-orange-12728\/custom\/","sv":"\/sv\/p-ko-rx217-sakerhetsvast-cologne-rx217-anpassningsbar-21873\/signal-orange-12728\/custom\/","pt":"\/pt\/p-ko-rx217-colete-de-seguranca-colonia-rx217-personalizavel-21873\/signal-orange-12728\/custom\/","da":"\/da\/p-ko-rx217-sikkerhedsvest-cologne-rx217-kan-tilpasses-21873\/signal-orange-12728\/custom\/","pl":"\/pl\/p-ko-rx217-kamizelka-bezpieczenstwa-cologne-rx217-z-mozliwoscia-personalizacji-21873\/signal-orange-12728\/custom\/"}}],"documentation_link":"\/pdf\/21873.pdf","countries_availables":["AD","AE","AL","AT","BA","BD","BE","BG","BL","CA","CH","CN","CO","CY","CZ","DE","DK","DO","EE","EG","ES","ET","FI","FR","GB","GE","GF","GP","GR","GT","HK","HN","HR","HT","HU","ID","IE","IN","IS","IT","JO","JP","KE","KH","KP","KR","LA","LK","LS","LT","LU","LV","MA","MF","MG","MK","MM","MN","MQ","MT","MX","MY","NC","NI","NL","PF","PH","PK","PL","PM","PT","RE","RO","SE","SG","SI","SK","SV","SY","TH","TN","TR","TW","TZ","US","VN","WF","YT"]},"infos_customization":[],"features":{"authorize_multi_surfaces":true,"display_order_delay_type":true,"promote_surface_display":true,"tarification_franco_offert":true,"enabled_3d_editor":false},"markings":[{"id":0,"nom":"vierge","finition":null,"libelle":null,"code":null,"dpi":null,"finesse_forme_isolee":null,"finesse_forme_non_isolee":null,"hauteur_minimale_texte":null,"inactif":0,"marquage_interne":1,"quantite_min":null,"parent_id":null,"print_on_support":0,"content":"vierge","description":null},{"id":2,"nom":"fonce","finition":"optimale","libelle":"TopQuadri","code":null,"dpi":400,"finesse_forme_isolee":"0.040","finesse_forme_non_isolee":"0.700","hauteur_minimale_texte":2,"inactif":0,"marquage_interne":1,"quantite_min":null,"parent_id":18,"print_on_support":0,"content":"TopQuadri","description":"pour petites et moyennes s\u00e9ries"},{"id":3,"nom":"serigraphie","finition":"serigraphie","libelle":"SeriCoat","code":null,"dpi":400,"finesse_forme_isolee":"0.040","finesse_forme_non_isolee":"0.700","hauteur_minimale_texte":2,"inactif":0,"marquage_interne":1,"quantite_min":15,"parent_id":18,"print_on_support":0,"content":"SeriCoat","description":"pour moyennes et grandes s\u00e9ries"},{"id":4,"nom":"broderie","finition":"broderie","libelle":"Broderie","code":null,"dpi":400,"finesse_forme_isolee":"0.040","finesse_forme_non_isolee":"0.700","hauteur_minimale_texte":3,"inactif":0,"marquage_interne":1,"quantite_min":null,"parent_id":null,"print_on_support":0,"content":"Broderie","description":null},{"id":8,"nom":"theme","finition":null,"libelle":"Th\u00e8me","code":null,"dpi":null,"finesse_forme_isolee":null,"finesse_forme_non_isolee":null,"hauteur_minimale_texte":null,"inactif":0,"marquage_interne":1,"quantite_min":null,"parent_id":null,"print_on_support":0,"content":"Th\u00e8me","description":null},{"id":9,"nom":"sans","finition":null,"libelle":null,"code":null,"dpi":null,"finesse_forme_isolee":null,"finesse_forme_non_isolee":null,"hauteur_minimale_texte":null,"inactif":0,"marquage_interne":1,"quantite_min":null,"parent_id":null,"print_on_support":0,"content":"sans","description":null},{"id":10,"nom":"photo","finition":null,"libelle":"Photo","code":null,"dpi":null,"finesse_forme_isolee":null,"finesse_forme_non_isolee":null,"hauteur_minimale_texte":null,"inactif":0,"marquage_interne":1,"quantite_min":null,"parent_id":null,"print_on_support":0,"content":"Photo","description":null},{"id":14,"nom":"couleur","finition":null,"libelle":"Couleur","code":null,"dpi":null,"finesse_forme_isolee":null,"finesse_forme_non_isolee":null,"hauteur_minimale_texte":null,"inactif":0,"marquage_interne":1,"quantite_min":null,"parent_id":null,"print_on_support":0,"content":"Couleur","description":null},{"id":15,"nom":"sublimation","finition":"sublimation","libelle":"Sublimation","code":null,"dpi":null,"finesse_forme_isolee":"0.000","finesse_forme_non_isolee":"0.000","hauteur_minimale_texte":2,"inactif":0,"marquage_interne":1,"quantite_min":null,"parent_id":null,"print_on_support":0,"content":"Sublimation","description":null},{"id":16,"nom":"topquadri_uv","finition":null,"libelle":"TopQuadri UV","code":null,"dpi":null,"finesse_forme_isolee":"0.020","finesse_forme_non_isolee":"0.700","hauteur_minimale_texte":2,"inactif":0,"marquage_interne":1,"quantite_min":null,"parent_id":null,"print_on_support":1,"content":null,"description":null},{"id":17,"nom":"topquadri_uvp","finition":null,"libelle":"TopQuadri UVP","code":null,"dpi":null,"finesse_forme_isolee":"0.020","finesse_forme_non_isolee":"0.700","hauteur_minimale_texte":2,"inactif":0,"marquage_interne":1,"quantite_min":null,"parent_id":null,"print_on_support":1,"content":null,"description":null},{"id":18,"nom":"quadri","finition":null,"libelle":"Impression","code":null,"dpi":null,"finesse_forme_isolee":null,"finesse_forme_non_isolee":null,"hauteur_minimale_texte":null,"inactif":0,"marquage_interne":1,"quantite_min":null,"parent_id":null,"print_on_support":0,"content":null,"description":null}]}}