{"data":{"product":{"id":21871,"titre":"Hi-vis Safety Vest \"STUTTGART\"","description":"Gilet de s\u00e9curit\u00e9 avec 2 bandes horizontales cousues. Fermeture par bande auto-agrippante. Composition : 100 % polyester.","genre":"mixte","grammage":120,"conditionnement":100,"composition":"polyester,polyester_uniquement","reference":"ko-x217","reference_visible":"ko-x217","reference_fabricant":"X217","ref_xor":"721706","in_catalog":true,"is_transfer":false,"is_service":false,"on_standby":false,"has_3d":false,"has_size_guide":false,"has_marking":true,"has_vierge":true,"is_cross_sellable":false,"id_picto":109,"filename_3d":null,"brand":{"id":170,"name":"Korntex","logo":"logo-korntex.png","image":"https:\/\/media.th4.com\/cQDqQljenSY7VSYcQdvIaNfOwg9YRdZ-qoOzoO5ebsQ\/pr:brand70x70\/aHR0cDovL21lZGlhMi5kZXNpZ25wYXJ0bmVyLmZyL2MvbS9sb2dvLWtvcm50ZXgucG5n"},"price_infos":{"price_from":1.91,"quantity":200,"color":{"id":12729,"name":"signal_yellow"},"size":{"id":4,"name":"XL"}},"price_infos_marking":{"price_from":5.64,"quantity":500,"color":{"id":12729,"name":"signal_yellow"},"size":{"id":4,"name":"XL"},"marking":{"id":2,"name":""},"emplacement":"avant","surface_emplacement_id":1,"surface":"coeur"},"i18n":{"blank":{"title":{"fr":"Stuttgart safety vest gilet s\u00e9curit\u00e9 KORNTEX x217","en":"Stuttgart safety vest safety vest KORNTEX x217","de":"Stuttgart Safety Vest Sicherheitsweste KORNTEX x217","nl":"Stuttgart safety vest veiligheidsvest KORNTEX x217","es":"Chaleco de seguridad Stuttgart safety vest KORNTEX x217","it":"Gilet di sicurezza Stuttgart safety vest KORNTEX x217","sv":"Stuttgart safety vest s\u00e4kerhetsv\u00e4st KORNTEX x217","pt":"Colete de seguran\u00e7a Stuttgart KORNTEX x217","da":"Stuttgart safety vest sikkerhedsvest KORNTEX x217","pl":"Kamizelka bezpiecze\u0144stwa Stuttgart safety vest KORNTEX x217"},"description":{"fr":"Le Stuttgart Safety vest est un gilet s\u00e9curit\u00e9 con\u00e7u pour un usage n\u00e9cessitant un rep\u00e9rage visuel rapide. Il comprend 2 bandes horizontales cousues et une fermeture par bande auto-agrippante pour un enfilage simple.\n\n- Composition : 100 % polyester\n- 2 bandes horizontales cousues\n- Fermeture par bande auto-agrippante","en":"The Stuttgart safety vest is a safety vest designed for use requiring quick visual identification. It includes 2 sewn horizontal bands and a hook-and-loop closure for easy putting on.\n\n- Composition: 100% polyester\n- 2 sewn horizontal bands\n- Hook-and-loop closure","de":"Die Stuttgart Safety Vest ist eine Sicherheitsweste f\u00fcr einen Einsatz, der eine schnelle visuelle Erkennung erfordert. Sie umfasst 2 aufgen\u00e4hte horizontale Streifen und einen Klettverschluss f\u00fcr ein einfaches Anziehen.\n\n- Zusammensetzung: 100 % Polyester\n- 2 aufgen\u00e4hte horizontale Streifen\n- Klettverschluss","nl":"De Stuttgart Safety vest is een veiligheidsvest ontworpen voor gebruik waarbij snelle visuele herkenning nodig is. Het omvat 2 genaaide horizontale banden en een sluiting met klittenband voor eenvoudig aantrekken.\n\n- Samenstelling: 100 % polyester\n- 2 genaaide horizontale banden\n- Sluiting met klittenband","es":"El Stuttgart Safety vest es un chaleco de seguridad dise\u00f1ado para un uso que requiere una identificaci\u00f3n visual r\u00e1pida. Incluye 2 bandas horizontales cosidas y un cierre con banda autoadherente para una colocaci\u00f3n sencilla.\n\n- Composici\u00f3n: 100 % poli\u00e9ster\n- 2 bandas horizontales cosidas\n- Cierre con banda autoadherente","it":"Lo Stuttgart Safety vest \u00e8 un gilet di sicurezza progettato per un uso che richiede un rapido rilevamento visivo. Include 2 bande orizzontali cucite e una chiusura con nastro a strappo per una vestizione semplice.\n\n- Composizione: 100% poliestere\n- 2 bande orizzontali cucite\n- Chiusura con nastro a strappo","sv":"Stuttgart Safety vest \u00e4r en s\u00e4kerhetsv\u00e4st utformad f\u00f6r anv\u00e4ndning som kr\u00e4ver snabb visuell identifiering. Den har 2 p\u00e5sydda horisontella band och en st\u00e4ngning med kardborreband f\u00f6r enkel p\u00e5tagning.\n\n- Sammans\u00e4ttning: 100 % polyester\n- 2 p\u00e5sydda horisontella band\n- St\u00e4ngning med kardborreband","pt":"O colete de seguran\u00e7a Stuttgart \u00e9 um colete de seguran\u00e7a concebido para uma utiliza\u00e7\u00e3o que exige identifica\u00e7\u00e3o visual r\u00e1pida. Inclui 2 faixas horizontais cosidas e um fecho por banda autoaderente para vestir facilmente.\n\n- Composi\u00e7\u00e3o: 100 % poli\u00e9ster\n- 2 faixas horizontais cosidas\n- Fecho por banda autoaderente","da":"Stuttgart Safety vest er en sikkerhedsvest designet til brug, der kr\u00e6ver hurtig visuel identifikation. Den omfatter 2 p\u00e5syede vandrette b\u00e5nd og en lukning med burreb\u00e5nd for enkel p\u00e5tagning.\n\n- Sammens\u00e6tning: 100 % polyester\n- 2 p\u00e5syede vandrette b\u00e5nd\n- Lukning med burreb\u00e5nd","pl":"Kamizelka bezpiecze\u0144stwa Stuttgart Safety vest jest przeznaczona do zastosowa\u0144 wymagaj\u0105cych szybkiej identyfikacji wizualnej. Obejmuje 2 naszyte poziome pasy oraz zapi\u0119cie na ta\u015bm\u0119 samoprzylepn\u0105, co u\u0142atwia zak\u0142adanie.\n\n- Sk\u0142ad: 100 % poliester\n- 2 naszyte poziome pasy\n- Zapi\u0119cie na ta\u015bm\u0119 samoprzylepn\u0105"},"h1":{"fr":"Stuttgart safety vest gilet s\u00e9curit\u00e9 x217","en":"Stuttgart safety vest safety vest x217","de":"Stuttgart Safety Vest Sicherheitsweste x217","nl":"Stuttgart safety vest veiligheidsvest x217","es":"Chaleco de seguridad Stuttgart safety vest x217","it":"Gilet di sicurezza Stuttgart safety vest x217","sv":"Stuttgart safety vest s\u00e4kerhetsv\u00e4st x217","pt":"Colete de seguran\u00e7a Stuttgart x217","da":"Stuttgart safety vest sikkerhedsvest x217","pl":"Kamizelka bezpiecze\u0144stwa Stuttgart safety vest x217"},"meta_description":{"fr":"Stuttgart Safety vest gilet s\u00e9curit\u00e9 x217 avec 2 bandes horizontales cousues et fermeture par bande auto-agrippante. Usage simple et visible.","en":"Stuttgart safety vest x217 with 2 sewn horizontal bands and hook-and-loop closure. Simple and visible use.","de":"Stuttgart Safety Vest Sicherheitsweste x217 mit 2 aufgen\u00e4hten horizontalen Streifen und Klettverschluss. Einfache und gut sichtbare Verwendung.","nl":"Stuttgart Safety vest veiligheidsvest x217 met 2 genaaide horizontale banden en sluiting met klittenband. Eenvoudig en goed zichtbaar gebruik.","es":"Chaleco de seguridad Stuttgart Safety vest x217 con 2 bandas horizontales cosidas y cierre con banda autoadherente. Uso simple y visible.","it":"Gilet di sicurezza Stuttgart Safety vest x217 con 2 bande orizzontali cucite e chiusura con nastro a strappo. Uso semplice e visibile.","sv":"Stuttgart Safety vest s\u00e4kerhetsv\u00e4st x217 med 2 p\u00e5sydda horisontella band och st\u00e4ngning med kardborreband. Enkel och synlig anv\u00e4ndning.","pt":"Colete de seguran\u00e7a Stuttgart x217 com 2 faixas horizontais cosidas e fecho por banda autoaderente. Uso simples e vis\u00edvel.","da":"Stuttgart Safety vest sikkerhedsvest x217 med 2 p\u00e5syede vandrette b\u00e5nd og lukning med burreb\u00e5nd. Enkel og synlig brug.","pl":"Kamizelka bezpiecze\u0144stwa Stuttgart Safety vest x217 z 2 naszytymi poziomymi pasami i zapi\u0119ciem na ta\u015bm\u0119 samoprzylepn\u0105. Proste u\u017cytkowanie i dobra widoczno\u015b\u0107."}},"custom":{"title":{"fr":"Stuttgart gilet KORNTEX x217 personnalisable","en":"Stuttgart KORNTEX x217 customizable vest","de":"Stuttgart Warnweste KORNTEX x217 personalisierbar","nl":"Stuttgart hesje KORNTEX x217 personaliseerbaar","es":"Chaleco Stuttgart KORNTEX x217 personalizable","it":"Gilet Stuttgart KORNTEX x217 personalizzabile","sv":"Stuttgart v\u00e4st KORNTEX x217 anpassningsbar","pt":"Colete Stuttgart KORNTEX x217 personaliz\u00e1vel","da":"Stuttgart KORNTEX x217 tilpasningsbar vest","pl":"Kamizelka Stuttgart KORNTEX x217 z mo\u017cliwo\u015bci\u0105 personalizacji"},"description":{"fr":"Le STUTTGART GILET HAUTE VISIBILIT\u00c9 est un gilet de s\u00e9curit\u00e9 con\u00e7u pour un usage signal\u00e9tique. Il comporte 2 bandes horizontales cousues et une fermeture par bande auto-agrippante. Sa composition en polyester convient \u00e0 un port simple et fonctionnel. La personnalisation est possible selon le marquage recherch\u00e9.\n\n- Composition : 100 % polyester\n- 2 bandes horizontales cousues\n- Fermeture par bande auto-agrippante\n- Personnalisation possible","en":"The STUTTGART HIGH-VISIBILITY VEST is a safety vest designed for signaling use. It features 2 sewn horizontal bands and a hook-and-loop closure. Its polyester composition is suitable for simple, functional wear. Customization is possible according to the desired marking.\n\n- Composition: 100% polyester\n- 2 sewn horizontal bands\n- Hook-and-loop closure\n- Customization possible","de":"Die STUTTGART WARNWESTE MIT HOHER SICHTBARKEIT ist eine Sicherheitsweste f\u00fcr Signalzwecke. Sie hat 2 aufgen\u00e4hte horizontale Streifen und einen Verschluss durch Klettband. Ihre Zusammensetzung aus Polyester eignet sich f\u00fcr ein einfaches und funktionales Tragen. Die Personalisierung ist je nach gew\u00fcnschter Kennzeichnung m\u00f6glich.\n\n- Zusammensetzung: 100 % Polyester\n- 2 aufgen\u00e4hte horizontale Streifen\n- Verschluss durch Klettband\n- Personalisierung m\u00f6glich","nl":"Het STUTTGART HOGEZICHTBAARHEIDSHESJE is een veiligheidshesje ontworpen voor signalisatiegebruik. Het heeft 2 genaaide horizontale banden en een sluiting met klittenband. De samenstelling van polyester is geschikt voor eenvoudig en functioneel dragen. Personalisatie is mogelijk volgens de gewenste markering.\n\n- Samenstelling: 100% polyester\n- 2 genaaide horizontale banden\n- Sluiting met klittenband\n- Personalisatie mogelijk","es":"El CHALECO DE ALTA VISIBILIDAD STUTTGART es un chaleco de seguridad dise\u00f1ado para un uso de se\u00f1alizaci\u00f3n. Incluye 2 bandas horizontales cosidas y un cierre con banda autoadherente. Su composici\u00f3n de poli\u00e9ster es adecuada para un uso simple y funcional. La personalizaci\u00f3n es posible seg\u00fan el marcaje buscado.\n\n- Composici\u00f3n: 100 % poli\u00e9ster\n- 2 bandas horizontales cosidas\n- Cierre con banda autoadherente\n- Personalizaci\u00f3n posible","it":"Il GILET AD ALTA VISIBILIT\u00c0 STUTTGART \u00e8 un gilet di sicurezza progettato per un uso segnaletico. Include 2 bande orizzontali cucite e una chiusura con banda a strappo. La composizione in poliestere \u00e8 adatta a un utilizzo semplice e funzionale. La personalizzazione \u00e8 possibile secondo la marcatura richiesta.\n\n- Composizione: 100% poliestere\n- 2 bande orizzontali cucite\n- Chiusura con banda a strappo\n- Personalizzazione possibile","sv":"STUTTGART VARNINGSV\u00c4ST \u00e4r en s\u00e4kerhetsv\u00e4st utformad f\u00f6r signalanv\u00e4ndning. Den har 2 p\u00e5sydda horisontella band och en st\u00e4ngning med kardborreband. Dess sammans\u00e4ttning i polyester l\u00e4mpar sig f\u00f6r enkel och funktionell anv\u00e4ndning. Anpassning \u00e4r m\u00f6jlig enligt \u00f6nskad m\u00e4rkning.\n\n- Sammans\u00e4ttning: 100 % polyester\n- 2 p\u00e5sydda horisontella band\n- St\u00e4ngning med kardborreband\n- Anpassning m\u00f6jlig","pt":"O COLETE DE ALTA VISIBILIDADE STUTTGART \u00e9 um colete de seguran\u00e7a concebido para utiliza\u00e7\u00e3o de sinaliza\u00e7\u00e3o. Inclui 2 faixas horizontais cosidas e um fecho por banda autoaderente. A sua composi\u00e7\u00e3o em poli\u00e9ster \u00e9 adequada para um uso simples e funcional. A personaliza\u00e7\u00e3o \u00e9 poss\u00edvel de acordo com a marca\u00e7\u00e3o pretendida.\n\n- Composi\u00e7\u00e3o: 100 % poli\u00e9ster\n- 2 faixas horizontais cosidas\n- Fecho por banda autoaderente\n- Personaliza\u00e7\u00e3o poss\u00edvel","da":"STUTTGART H\u00d8JSYNLIGHEDSVEST er en sikkerhedsvest beregnet til signalbrug. Den har 2 p\u00e5syede vandrette b\u00e5nd og en lukning med burreb\u00e5nd. Dens sammens\u00e6tning i polyester er egnet til enkel og funktionel brug. Tilpasning er mulig afh\u00e6ngigt af den \u00f8nskede m\u00e6rkning.\n\n- Sammens\u00e6tning: 100 % polyester\n- 2 p\u00e5syede vandrette b\u00e5nd\n- Lukning med burreb\u00e5nd\n- Tilpasning mulig","pl":"STUTTGART KAMIZELKA O WYSOKIEJ WIDOCZNO\u015aCI to kamizelka bezpiecze\u0144stwa przeznaczona do zastosowa\u0144 sygnalizacyjnych. Zawiera 2 poziome naszyte pasy oraz zapi\u0119cie na ta\u015bm\u0119 samoprzylepn\u0105. Sk\u0142ad z poliestru nadaje si\u0119 do prostego i funkcjonalnego noszenia. Personalizacja jest mo\u017cliwa zgodnie z wybranym znakowaniem.\n\n- Sk\u0142ad: 100 % poliester\n- 2 poziome naszyte pasy\n- Zapi\u0119cie na ta\u015bm\u0119 samoprzylepn\u0105\n- Mo\u017cliwo\u015b\u0107 personalizacji"},"h1":{"fr":"Stuttgart gilet x217 personnalisable","en":"Stuttgart x217 customizable vest","de":"Stuttgart Warnweste x217 personalisierbar","nl":"Stuttgart hesje x217 personaliseerbaar","es":"Chaleco Stuttgart x217 personalizable","it":"Gilet Stuttgart x217 personalizzabile","sv":"Stuttgart v\u00e4st x217 anpassningsbar","pt":"Colete Stuttgart x217 personaliz\u00e1vel","da":"Stuttgart x217 tilpasningsbar vest","pl":"Kamizelka Stuttgart x217 z mo\u017cliwo\u015bci\u0105 personalizacji"},"meta_description":{"fr":"Gilet de s\u00e9curit\u00e9 avec 2 bandes horizontales cousues, fermeture par bande auto-agrippante et composition 100 % polyester. Personnalisation possible.","en":"Safety vest with 2 sewn horizontal bands, hook-and-loop closure and 100% polyester composition. Customization possible.","de":"Sicherheitsweste mit 2 aufgen\u00e4hten horizontalen Streifen, Verschluss durch Klettband und Zusammensetzung aus 100 % Polyester. Personalisierung m\u00f6glich.","nl":"Veiligheidshesje met 2 genaaide horizontale banden, sluiting met klittenband en samenstelling van 100% polyester. Personalisatie mogelijk.","es":"Chaleco de seguridad con 2 bandas horizontales cosidas, cierre con banda autoadherente y composici\u00f3n 100 % poli\u00e9ster. Personalizaci\u00f3n posible.","it":"Gilet di sicurezza con 2 bande orizzontali cucite, chiusura con banda a strappo e composizione 100% poliestere. Personalizzazione possibile.","sv":"S\u00e4kerhetsv\u00e4st med 2 p\u00e5sydda horisontella band, st\u00e4ngning med kardborreband och sammans\u00e4ttning i 100 % polyester. Anpassning m\u00f6jlig.","pt":"Colete de seguran\u00e7a com 2 faixas horizontais cosidas, fecho por banda autoaderente e composi\u00e7\u00e3o 100 % poli\u00e9ster. Personaliza\u00e7\u00e3o poss\u00edvel.","da":"Sikkerhedsvest med 2 p\u00e5syede vandrette b\u00e5nd, lukning med burreb\u00e5nd og sammens\u00e6tning i 100 % polyester. Tilpasning mulig.","pl":"Kamizelka bezpiecze\u0144stwa z 2 poziomymi naszytymi pasami, zapi\u0119ciem na ta\u015bm\u0119 samoprzylepn\u0105 i sk\u0142adem 100 % poliester. Mo\u017cliwo\u015b\u0107 personalizacji."}}},"categories":[{"id":329,"name":"Vestes et gilets de s\u00e9curit\u00e9","singular":"Veste et gilet de s\u00e9curit\u00e9","is_feminin":false},{"id":561,"name":"BTP et Industrie","singular":"BTP et Industrie","is_feminin":false},{"id":560,"name":"Sports et Loisirs","singular":"Sport et Loisir","is_feminin":false},{"id":572,"name":"Textiles r\u00e9fl\u00e9chissants","singular":"Textile r\u00e9fl\u00e9chissant","is_feminin":false},{"id":13,"name":"Vestes et manteaux","singular":"Veste et manteau","is_feminin":true},{"id":559,"name":"Univers","singular":"Univers","is_feminin":false},{"id":354,"name":"Textile","singular":"Textile","is_feminin":false}],"certifications":[],"videos":{"fr":[],"en":[],"de":[],"nl":[],"es":[],"it":[],"sv":[],"pt":[],"da":[],"pl":[]},"main_images":{"miniature":"https:\/\/media.th4.com\/lm9KC3c3_awpo8aPdw-Iuo3ead1Uohn3PLDUW40DceA\/pr:80\/aHR0cDovL21lZGlhMi5kZXNpZ25wYXJ0bmVyLmZyL2MvcC1ibGFuay1USC8yMTg3MS53ZWJw?v=1773657931","medium":"https:\/\/media.th4.com\/QVr_hhk1mazrZ93HPLqA-DmQ4M3Y68L7piX5muZLLQg\/pr:550x550greybg\/aHR0cDovL21lZGlhMi5kZXNpZ25wYXJ0bmVyLmZyL2MvcC1ibGFuay1USC8yMTg3MS53ZWJw?v=1773657931","medium_large":"https:\/\/media.th4.com\/hgoHAo8ENj--oyjAVit2sHgvwZ3fnhpLw8pw_sDCiG8\/pr:1000x1000greybg\/aHR0cDovL21lZGlhMi5kZXNpZ25wYXJ0bmVyLmZyL2MvcC1ibGFuay1USC8yMTg3MS53ZWJw?v=1773657931","large":"https:\/\/media.th4.com\/A_rte_pKfVKy3mVuaiK8cL_HkJMb0qsV8NdMUoKRsrE\/pr:1920greybg\/aHR0cDovL21lZGlhMi5kZXNpZ25wYXJ0bmVyLmZyL2MvcC1ibGFuay1USC8yMTg3MS53ZWJw?v=1773657931","opengraph":"https:\/\/media.th4.com\/yCfG5fRFS3uf9InlvLdwC5eeuE9V9xCBy0ajAX6F7gk\/pr:1200x630greybg\/aHR0cDovL21lZGlhMi5kZXNpZ25wYXJ0bmVyLmZyL2MvcC1ibGFuay1USC8yMTg3MS53ZWJw?v=1773657931"},"main_images_customization":{"miniature":"https:\/\/media.th4.com\/cfjoYGtgPnGlYibIcG_w4ujeXB37R3TW4doJayMcoKs\/pr:80\/aHR0cDovL21lZGlhMi5kZXNpZ25wYXJ0bmVyLmZyL2MvcC1jdXN0b20tVEgvMjE4NzEud2VicA?v=1773658037","medium":"https:\/\/media.th4.com\/-quzOGFMhhr-2elut5sOJQcuIo97sBXQZMGzJu529Ts\/pr:550x550greybg\/aHR0cDovL21lZGlhMi5kZXNpZ25wYXJ0bmVyLmZyL2MvcC1jdXN0b20tVEgvMjE4NzEud2VicA?v=1773658037","medium_large":"https:\/\/media.th4.com\/IHkvAbKHuYpkZ8GGQuVh0wuu8ZqNRyPZo7b0pjvP3aY\/pr:1000x1000greybg\/aHR0cDovL21lZGlhMi5kZXNpZ25wYXJ0bmVyLmZyL2MvcC1jdXN0b20tVEgvMjE4NzEud2VicA?v=1773658037","large":"https:\/\/media.th4.com\/Nld40uxpUD48r0IFGaD86YqR7-c_ltCQBiVQ5iEVguI\/pr:1920greybg\/aHR0cDovL21lZGlhMi5kZXNpZ25wYXJ0bmVyLmZyL2MvcC1jdXN0b20tVEgvMjE4NzEud2VicA?v=1773658037","opengraph":"https:\/\/media.th4.com\/UNzib_0p53BCXOpYitzg9X9LNsHNfzDJ7MqQRHX0sh4\/pr:1200x630greybg\/aHR0cDovL21lZGlhMi5kZXNpZ25wYXJ0bmVyLmZyL2MvcC1jdXN0b20tVEgvMjE4NzEud2VicA?v=1773658037"},"page_links":{"fr":"\/fr\/p-ko-x217-stuttgart-safety-vest-gilet-securite-x217-21871\/","en":"\/en\/p-ko-x217-stuttgart-safety-vest-safety-vest-x217-21871\/","de":"\/de\/p-ko-x217-stuttgart-safety-vest-sicherheitsweste-x217-21871\/","nl":"\/nl\/p-ko-x217-stuttgart-safety-vest-veiligheidsvest-x217-21871\/","es":"\/es\/p-ko-x217-chaleco-de-seguridad-stuttgart-safety-vest-x217-21871\/","it":"\/it\/p-ko-x217-gilet-di-sicurezza-stuttgart-safety-vest-x217-21871\/","sv":"\/sv\/p-ko-x217-stuttgart-safety-vest-sakerhetsvast-x217-21871\/","pt":"\/pt\/p-ko-x217-colete-de-seguranca-stuttgart-x217-21871\/","da":"\/da\/p-ko-x217-stuttgart-safety-vest-sikkerhedsvest-x217-21871\/","pl":"\/pl\/p-ko-x217-kamizelka-bezpieczenstwa-stuttgart-safety-vest-x217-21871\/"},"page_links_customization":{"fr":"\/fr\/p-ko-x217-stuttgart-gilet-x217-personnalisable-21871\/custom\/","en":"\/en\/p-ko-x217-stuttgart-x217-customizable-vest-21871\/custom\/","de":"\/de\/p-ko-x217-stuttgart-warnweste-x217-personalisierbar-21871\/custom\/","nl":"\/nl\/p-ko-x217-stuttgart-hesje-x217-personaliseerbaar-21871\/custom\/","es":"\/es\/p-ko-x217-chaleco-stuttgart-x217-personalizable-21871\/custom\/","it":"\/it\/p-ko-x217-gilet-stuttgart-x217-personalizzabile-21871\/custom\/","sv":"\/sv\/p-ko-x217-stuttgart-vast-x217-anpassningsbar-21871\/custom\/","pt":"\/pt\/p-ko-x217-colete-stuttgart-x217-personalizavel-21871\/custom\/","da":"\/da\/p-ko-x217-stuttgart-x217-tilpasningsbar-vest-21871\/custom\/","pl":"\/pl\/p-ko-x217-kamizelka-stuttgart-x217-z-mozliwoscia-personalizacji-21871\/custom\/"},"equivalent_products":[],"colors":[{"id":12729,"name":"signal_yellow","class_ids":[12],"codes_hexa":["EAE549"],"delai_24":false,"has_3d":false,"seuil_global":0,"stock_local":0,"stock_global":1120,"on_standby":false,"in_catalog":true,"images":{"miniature":["https:\/\/media.th4.com\/_aiImWAkzz5G3NxX4ry1oFn2WhIKPSC3_ycjUFoFhSI\/pr:80\/aHR0cDovL21lZGlhMi5kZXNpZ25wYXJ0bmVyLmZyL2MvcC8yMTg3MS8yMTg3MS0xMjcyOS0xLndlYnA?v=1773657166"],"medium":["https:\/\/media.th4.com\/cfCCZuKOFk10ky87dzmAzW6w6Xkji7zuts7E8zMcCJo\/pr:550x550\/aHR0cDovL21lZGlhMi5kZXNpZ25wYXJ0bmVyLmZyL2MvcC8yMTg3MS8yMTg3MS0xMjcyOS0xLndlYnA?v=1773657166"],"medium_large":["https:\/\/media.th4.com\/2VJTks8R4cmNQdBDhK3qNCd8hujh_wjoq34mF9IGqbQ\/pr:1000x1000\/aHR0cDovL21lZGlhMi5kZXNpZ25wYXJ0bmVyLmZyL2MvcC8yMTg3MS8yMTg3MS0xMjcyOS0xLndlYnA?v=1773657166"],"large":["https:\/\/media.th4.com\/162erBrNUds1an9SxqkrTcckyi9FoEoFFjDoUzlLPbE\/pr:1920\/aHR0cDovL21lZGlhMi5kZXNpZ25wYXJ0bmVyLmZyL2MvcC8yMTg3MS8yMTg3MS0xMjcyOS0xLndlYnA?v=1773657166"],"opengraph":["https:\/\/media.th4.com\/jRipP6_RRLD9z958wU5s3itk5h9_iETo7XTPdEOnPFQ\/pr:1200x630\/aHR0cDovL21lZGlhMi5kZXNpZ25wYXJ0bmVyLmZyL2MvcC8yMTg3MS8yMTg3MS0xMjcyOS0xLndlYnA?v=1773657166"]},"images_customization":{"miniature":["https:\/\/media.th4.com\/_aiImWAkzz5G3NxX4ry1oFn2WhIKPSC3_ycjUFoFhSI\/pr:80\/aHR0cDovL21lZGlhMi5kZXNpZ25wYXJ0bmVyLmZyL2MvcC8yMTg3MS8yMTg3MS0xMjcyOS0xLndlYnA?v=1773657166"],"medium":["https:\/\/media.th4.com\/cfCCZuKOFk10ky87dzmAzW6w6Xkji7zuts7E8zMcCJo\/pr:550x550\/aHR0cDovL21lZGlhMi5kZXNpZ25wYXJ0bmVyLmZyL2MvcC8yMTg3MS8yMTg3MS0xMjcyOS0xLndlYnA?v=1773657166"],"medium_large":["https:\/\/media.th4.com\/2VJTks8R4cmNQdBDhK3qNCd8hujh_wjoq34mF9IGqbQ\/pr:1000x1000\/aHR0cDovL21lZGlhMi5kZXNpZ25wYXJ0bmVyLmZyL2MvcC8yMTg3MS8yMTg3MS0xMjcyOS0xLndlYnA?v=1773657166"],"large":["https:\/\/media.th4.com\/162erBrNUds1an9SxqkrTcckyi9FoEoFFjDoUzlLPbE\/pr:1920\/aHR0cDovL21lZGlhMi5kZXNpZ25wYXJ0bmVyLmZyL2MvcC8yMTg3MS8yMTg3MS0xMjcyOS0xLndlYnA?v=1773657166"],"opengraph":["https:\/\/media.th4.com\/jRipP6_RRLD9z958wU5s3itk5h9_iETo7XTPdEOnPFQ\/pr:1200x630\/aHR0cDovL21lZGlhMi5kZXNpZ25wYXJ0bmVyLmZyL2MvcC8yMTg3MS8yMTg3MS0xMjcyOS0xLndlYnA?v=1773657166"]},"country_origin":"CN","traceability":{"manufacturing_country_id":61,"weaving_country_id":61,"dyeing_country_id":61},"sizes":[{"id":4,"article_id":539814,"class_id":6,"name":"XL","on_standby":false,"stock_local":0,"stock_global":865,"multiple":1,"estimated_date_reassort":null,"is_destocking":false},{"id":1116,"article_id":539815,"class_id":7,"name":"2XL","on_standby":false,"stock_local":0,"stock_global":255,"multiple":1,"estimated_date_reassort":null,"is_destocking":false}],"page_links":{"fr":"\/fr\/p-ko-x217-stuttgart-safety-vest-gilet-securite-x217-21871\/signal-yellow-12729\/","en":"\/en\/p-ko-x217-stuttgart-safety-vest-safety-vest-x217-21871\/signal-yellow-12729\/","de":"\/de\/p-ko-x217-stuttgart-safety-vest-sicherheitsweste-x217-21871\/signal-yellow-12729\/","nl":"\/nl\/p-ko-x217-stuttgart-safety-vest-veiligheidsvest-x217-21871\/signal-yellow-12729\/","es":"\/es\/p-ko-x217-chaleco-de-seguridad-stuttgart-safety-vest-x217-21871\/signal-yellow-12729\/","it":"\/it\/p-ko-x217-gilet-di-sicurezza-stuttgart-safety-vest-x217-21871\/signal-yellow-12729\/","sv":"\/sv\/p-ko-x217-stuttgart-safety-vest-sakerhetsvast-x217-21871\/signal-yellow-12729\/","pt":"\/pt\/p-ko-x217-colete-de-seguranca-stuttgart-x217-21871\/signal-yellow-12729\/","da":"\/da\/p-ko-x217-stuttgart-safety-vest-sikkerhedsvest-x217-21871\/signal-yellow-12729\/","pl":"\/pl\/p-ko-x217-kamizelka-bezpieczenstwa-stuttgart-safety-vest-x217-21871\/signal-yellow-12729\/"},"page_links_customization":{"fr":"\/fr\/p-ko-x217-stuttgart-gilet-x217-personnalisable-21871\/signal-yellow-12729\/custom\/","en":"\/en\/p-ko-x217-stuttgart-x217-customizable-vest-21871\/signal-yellow-12729\/custom\/","de":"\/de\/p-ko-x217-stuttgart-warnweste-x217-personalisierbar-21871\/signal-yellow-12729\/custom\/","nl":"\/nl\/p-ko-x217-stuttgart-hesje-x217-personaliseerbaar-21871\/signal-yellow-12729\/custom\/","es":"\/es\/p-ko-x217-chaleco-stuttgart-x217-personalizable-21871\/signal-yellow-12729\/custom\/","it":"\/it\/p-ko-x217-gilet-stuttgart-x217-personalizzabile-21871\/signal-yellow-12729\/custom\/","sv":"\/sv\/p-ko-x217-stuttgart-vast-x217-anpassningsbar-21871\/signal-yellow-12729\/custom\/","pt":"\/pt\/p-ko-x217-colete-stuttgart-x217-personalizavel-21871\/signal-yellow-12729\/custom\/","da":"\/da\/p-ko-x217-stuttgart-x217-tilpasningsbar-vest-21871\/signal-yellow-12729\/custom\/","pl":"\/pl\/p-ko-x217-kamizelka-stuttgart-x217-z-mozliwoscia-personalizacji-21871\/signal-yellow-12729\/custom\/"}},{"id":12728,"name":"signal_orange","class_ids":[13,9],"codes_hexa":["FF7247"],"delai_24":false,"has_3d":false,"seuil_global":0,"stock_local":0,"stock_global":612,"on_standby":false,"in_catalog":true,"images":{"miniature":["https:\/\/media.th4.com\/QAcZ0gGrKo8eRMJ98ABak4swxCkrQB8WYU2ljZtlJGQ\/pr:80\/aHR0cDovL21lZGlhMi5kZXNpZ25wYXJ0bmVyLmZyL2MvcC8yMTg3MS8yMTg3MS0xMjcyOC0xLndlYnA?v=1773657165","https:\/\/media.th4.com\/jimOeJEdQgYkCAu-MinuHz4UYkfUXT0pN2cBXGV_d2Q\/pr:80\/aHR0cDovL21lZGlhMi5kZXNpZ25wYXJ0bmVyLmZyL2MvcC8yMTg3MS8yMTg3MS0xMjcyOC0yLndlYnA?v=1773657165"],"medium":["https:\/\/media.th4.com\/WP1J5B8MzdTLHwKyOvocU158KZKi2yBB1moOUPoKtRY\/pr:550x550\/aHR0cDovL21lZGlhMi5kZXNpZ25wYXJ0bmVyLmZyL2MvcC8yMTg3MS8yMTg3MS0xMjcyOC0xLndlYnA?v=1773657165","https:\/\/media.th4.com\/D8_PVKSgLaxvFVZOc9o8olE2dZ9ni_HAmhYPzBL4NF4\/pr:550x550\/aHR0cDovL21lZGlhMi5kZXNpZ25wYXJ0bmVyLmZyL2MvcC8yMTg3MS8yMTg3MS0xMjcyOC0yLndlYnA?v=1773657165"],"medium_large":["https:\/\/media.th4.com\/zFJS2l4CTj1y-CYDofq3WydJQDl775UUjryHMniCgCk\/pr:1000x1000\/aHR0cDovL21lZGlhMi5kZXNpZ25wYXJ0bmVyLmZyL2MvcC8yMTg3MS8yMTg3MS0xMjcyOC0xLndlYnA?v=1773657165","https:\/\/media.th4.com\/hrqCRiTog214gD_hPoIm89HXVPU3WnnQhQC8xs3jzaM\/pr:1000x1000\/aHR0cDovL21lZGlhMi5kZXNpZ25wYXJ0bmVyLmZyL2MvcC8yMTg3MS8yMTg3MS0xMjcyOC0yLndlYnA?v=1773657165"],"large":["https:\/\/media.th4.com\/7DkgqgKCoL0qjyII4mh1usvRLiZWWHrddgzThuYJUyg\/pr:1920\/aHR0cDovL21lZGlhMi5kZXNpZ25wYXJ0bmVyLmZyL2MvcC8yMTg3MS8yMTg3MS0xMjcyOC0xLndlYnA?v=1773657165","https:\/\/media.th4.com\/1Dxl42nsoSl3SVnY8erJNIuiEW6xwlK6snJayFgsHqg\/pr:1920\/aHR0cDovL21lZGlhMi5kZXNpZ25wYXJ0bmVyLmZyL2MvcC8yMTg3MS8yMTg3MS0xMjcyOC0yLndlYnA?v=1773657165"],"opengraph":["https:\/\/media.th4.com\/3JqoEI7XROx8iOP31WVPOM7I0bvQgDIwpMoYirvKX2c\/pr:1200x630\/aHR0cDovL21lZGlhMi5kZXNpZ25wYXJ0bmVyLmZyL2MvcC8yMTg3MS8yMTg3MS0xMjcyOC0xLndlYnA?v=1773657165","https:\/\/media.th4.com\/0s0RYuJ6TIbgqfNSetFrMyJUcgjkBd9OyQVs2T_xbcc\/pr:1200x630\/aHR0cDovL21lZGlhMi5kZXNpZ25wYXJ0bmVyLmZyL2MvcC8yMTg3MS8yMTg3MS0xMjcyOC0yLndlYnA?v=1773657165"]},"images_customization":{"miniature":["https:\/\/media.th4.com\/QAcZ0gGrKo8eRMJ98ABak4swxCkrQB8WYU2ljZtlJGQ\/pr:80\/aHR0cDovL21lZGlhMi5kZXNpZ25wYXJ0bmVyLmZyL2MvcC8yMTg3MS8yMTg3MS0xMjcyOC0xLndlYnA?v=1773657165","https:\/\/media.th4.com\/jimOeJEdQgYkCAu-MinuHz4UYkfUXT0pN2cBXGV_d2Q\/pr:80\/aHR0cDovL21lZGlhMi5kZXNpZ25wYXJ0bmVyLmZyL2MvcC8yMTg3MS8yMTg3MS0xMjcyOC0yLndlYnA?v=1773657165"],"medium":["https:\/\/media.th4.com\/WP1J5B8MzdTLHwKyOvocU158KZKi2yBB1moOUPoKtRY\/pr:550x550\/aHR0cDovL21lZGlhMi5kZXNpZ25wYXJ0bmVyLmZyL2MvcC8yMTg3MS8yMTg3MS0xMjcyOC0xLndlYnA?v=1773657165","https:\/\/media.th4.com\/D8_PVKSgLaxvFVZOc9o8olE2dZ9ni_HAmhYPzBL4NF4\/pr:550x550\/aHR0cDovL21lZGlhMi5kZXNpZ25wYXJ0bmVyLmZyL2MvcC8yMTg3MS8yMTg3MS0xMjcyOC0yLndlYnA?v=1773657165"],"medium_large":["https:\/\/media.th4.com\/zFJS2l4CTj1y-CYDofq3WydJQDl775UUjryHMniCgCk\/pr:1000x1000\/aHR0cDovL21lZGlhMi5kZXNpZ25wYXJ0bmVyLmZyL2MvcC8yMTg3MS8yMTg3MS0xMjcyOC0xLndlYnA?v=1773657165","https:\/\/media.th4.com\/hrqCRiTog214gD_hPoIm89HXVPU3WnnQhQC8xs3jzaM\/pr:1000x1000\/aHR0cDovL21lZGlhMi5kZXNpZ25wYXJ0bmVyLmZyL2MvcC8yMTg3MS8yMTg3MS0xMjcyOC0yLndlYnA?v=1773657165"],"large":["https:\/\/media.th4.com\/7DkgqgKCoL0qjyII4mh1usvRLiZWWHrddgzThuYJUyg\/pr:1920\/aHR0cDovL21lZGlhMi5kZXNpZ25wYXJ0bmVyLmZyL2MvcC8yMTg3MS8yMTg3MS0xMjcyOC0xLndlYnA?v=1773657165","https:\/\/media.th4.com\/1Dxl42nsoSl3SVnY8erJNIuiEW6xwlK6snJayFgsHqg\/pr:1920\/aHR0cDovL21lZGlhMi5kZXNpZ25wYXJ0bmVyLmZyL2MvcC8yMTg3MS8yMTg3MS0xMjcyOC0yLndlYnA?v=1773657165"],"opengraph":["https:\/\/media.th4.com\/3JqoEI7XROx8iOP31WVPOM7I0bvQgDIwpMoYirvKX2c\/pr:1200x630\/aHR0cDovL21lZGlhMi5kZXNpZ25wYXJ0bmVyLmZyL2MvcC8yMTg3MS8yMTg3MS0xMjcyOC0xLndlYnA?v=1773657165","https:\/\/media.th4.com\/0s0RYuJ6TIbgqfNSetFrMyJUcgjkBd9OyQVs2T_xbcc\/pr:1200x630\/aHR0cDovL21lZGlhMi5kZXNpZ25wYXJ0bmVyLmZyL2MvcC8yMTg3MS8yMTg3MS0xMjcyOC0yLndlYnA?v=1773657165"]},"country_origin":"CN","traceability":{"manufacturing_country_id":61,"weaving_country_id":61,"dyeing_country_id":61},"sizes":[{"id":4,"article_id":539812,"class_id":6,"name":"XL","on_standby":false,"stock_local":0,"stock_global":234,"multiple":1,"estimated_date_reassort":null,"is_destocking":false},{"id":1116,"article_id":539813,"class_id":7,"name":"2XL","on_standby":false,"stock_local":0,"stock_global":378,"multiple":1,"estimated_date_reassort":null,"is_destocking":false}],"page_links":{"fr":"\/fr\/p-ko-x217-stuttgart-safety-vest-gilet-securite-x217-21871\/signal-orange-12728\/","en":"\/en\/p-ko-x217-stuttgart-safety-vest-safety-vest-x217-21871\/signal-orange-12728\/","de":"\/de\/p-ko-x217-stuttgart-safety-vest-sicherheitsweste-x217-21871\/signal-orange-12728\/","nl":"\/nl\/p-ko-x217-stuttgart-safety-vest-veiligheidsvest-x217-21871\/signal-orange-12728\/","es":"\/es\/p-ko-x217-chaleco-de-seguridad-stuttgart-safety-vest-x217-21871\/signal-orange-12728\/","it":"\/it\/p-ko-x217-gilet-di-sicurezza-stuttgart-safety-vest-x217-21871\/signal-orange-12728\/","sv":"\/sv\/p-ko-x217-stuttgart-safety-vest-sakerhetsvast-x217-21871\/signal-orange-12728\/","pt":"\/pt\/p-ko-x217-colete-de-seguranca-stuttgart-x217-21871\/signal-orange-12728\/","da":"\/da\/p-ko-x217-stuttgart-safety-vest-sikkerhedsvest-x217-21871\/signal-orange-12728\/","pl":"\/pl\/p-ko-x217-kamizelka-bezpieczenstwa-stuttgart-safety-vest-x217-21871\/signal-orange-12728\/"},"page_links_customization":{"fr":"\/fr\/p-ko-x217-stuttgart-gilet-x217-personnalisable-21871\/signal-orange-12728\/custom\/","en":"\/en\/p-ko-x217-stuttgart-x217-customizable-vest-21871\/signal-orange-12728\/custom\/","de":"\/de\/p-ko-x217-stuttgart-warnweste-x217-personalisierbar-21871\/signal-orange-12728\/custom\/","nl":"\/nl\/p-ko-x217-stuttgart-hesje-x217-personaliseerbaar-21871\/signal-orange-12728\/custom\/","es":"\/es\/p-ko-x217-chaleco-stuttgart-x217-personalizable-21871\/signal-orange-12728\/custom\/","it":"\/it\/p-ko-x217-gilet-stuttgart-x217-personalizzabile-21871\/signal-orange-12728\/custom\/","sv":"\/sv\/p-ko-x217-stuttgart-vast-x217-anpassningsbar-21871\/signal-orange-12728\/custom\/","pt":"\/pt\/p-ko-x217-colete-stuttgart-x217-personalizavel-21871\/signal-orange-12728\/custom\/","da":"\/da\/p-ko-x217-stuttgart-x217-tilpasningsbar-vest-21871\/signal-orange-12728\/custom\/","pl":"\/pl\/p-ko-x217-kamizelka-stuttgart-x217-z-mozliwoscia-personalizacji-21871\/signal-orange-12728\/custom\/"}}],"documentation_link":"\/pdf\/21871.pdf","countries_availables":["AD","AE","AL","AT","BA","BD","BE","BG","BL","CA","CH","CN","CO","CY","CZ","DE","DK","DO","EE","EG","ES","ET","FI","FR","GB","GE","GF","GP","GR","GT","HK","HN","HR","HT","HU","ID","IE","IN","IS","IT","JO","JP","KE","KH","KP","KR","LA","LK","LS","LT","LU","LV","MA","MF","MG","MK","MM","MN","MQ","MT","MX","MY","NC","NI","NL","PF","PH","PK","PL","PM","PT","RE","RO","SE","SG","SI","SK","SV","SY","TH","TN","TR","TW","TZ","US","VN","WF","YT"]},"infos_customization":[],"features":{"authorize_multi_surfaces":true,"display_order_delay_type":true,"promote_surface_display":true,"tarification_franco_offert":true,"enabled_3d_editor":false},"markings":[{"id":0,"nom":"vierge","finition":null,"libelle":null,"code":null,"dpi":null,"finesse_forme_isolee":null,"finesse_forme_non_isolee":null,"hauteur_minimale_texte":null,"inactif":0,"marquage_interne":1,"quantite_min":null,"parent_id":null,"print_on_support":0,"content":"vierge","description":null},{"id":2,"nom":"fonce","finition":"optimale","libelle":"TopQuadri","code":null,"dpi":400,"finesse_forme_isolee":"0.040","finesse_forme_non_isolee":"0.700","hauteur_minimale_texte":2,"inactif":0,"marquage_interne":1,"quantite_min":null,"parent_id":18,"print_on_support":0,"content":"TopQuadri","description":"pour petites et moyennes s\u00e9ries"},{"id":3,"nom":"serigraphie","finition":"serigraphie","libelle":"SeriCoat","code":null,"dpi":400,"finesse_forme_isolee":"0.040","finesse_forme_non_isolee":"0.700","hauteur_minimale_texte":2,"inactif":0,"marquage_interne":1,"quantite_min":15,"parent_id":18,"print_on_support":0,"content":"SeriCoat","description":"pour moyennes et grandes s\u00e9ries"},{"id":4,"nom":"broderie","finition":"broderie","libelle":"Broderie","code":null,"dpi":400,"finesse_forme_isolee":"0.040","finesse_forme_non_isolee":"0.700","hauteur_minimale_texte":3,"inactif":0,"marquage_interne":1,"quantite_min":null,"parent_id":null,"print_on_support":0,"content":"Broderie","description":null},{"id":8,"nom":"theme","finition":null,"libelle":"Th\u00e8me","code":null,"dpi":null,"finesse_forme_isolee":null,"finesse_forme_non_isolee":null,"hauteur_minimale_texte":null,"inactif":0,"marquage_interne":1,"quantite_min":null,"parent_id":null,"print_on_support":0,"content":"Th\u00e8me","description":null},{"id":9,"nom":"sans","finition":null,"libelle":null,"code":null,"dpi":null,"finesse_forme_isolee":null,"finesse_forme_non_isolee":null,"hauteur_minimale_texte":null,"inactif":0,"marquage_interne":1,"quantite_min":null,"parent_id":null,"print_on_support":0,"content":"sans","description":null},{"id":10,"nom":"photo","finition":null,"libelle":"Photo","code":null,"dpi":null,"finesse_forme_isolee":null,"finesse_forme_non_isolee":null,"hauteur_minimale_texte":null,"inactif":0,"marquage_interne":1,"quantite_min":null,"parent_id":null,"print_on_support":0,"content":"Photo","description":null},{"id":14,"nom":"couleur","finition":null,"libelle":"Couleur","code":null,"dpi":null,"finesse_forme_isolee":null,"finesse_forme_non_isolee":null,"hauteur_minimale_texte":null,"inactif":0,"marquage_interne":1,"quantite_min":null,"parent_id":null,"print_on_support":0,"content":"Couleur","description":null},{"id":15,"nom":"sublimation","finition":"sublimation","libelle":"Sublimation","code":null,"dpi":null,"finesse_forme_isolee":"0.000","finesse_forme_non_isolee":"0.000","hauteur_minimale_texte":2,"inactif":0,"marquage_interne":1,"quantite_min":null,"parent_id":null,"print_on_support":0,"content":"Sublimation","description":null},{"id":16,"nom":"topquadri_uv","finition":null,"libelle":"TopQuadri UV","code":null,"dpi":null,"finesse_forme_isolee":"0.020","finesse_forme_non_isolee":"0.700","hauteur_minimale_texte":2,"inactif":0,"marquage_interne":1,"quantite_min":null,"parent_id":null,"print_on_support":1,"content":null,"description":null},{"id":17,"nom":"topquadri_uvp","finition":null,"libelle":"TopQuadri UVP","code":null,"dpi":null,"finesse_forme_isolee":"0.020","finesse_forme_non_isolee":"0.700","hauteur_minimale_texte":2,"inactif":0,"marquage_interne":1,"quantite_min":null,"parent_id":null,"print_on_support":1,"content":null,"description":null},{"id":18,"nom":"quadri","finition":null,"libelle":"Impression","code":null,"dpi":null,"finesse_forme_isolee":null,"finesse_forme_non_isolee":null,"hauteur_minimale_texte":null,"inactif":0,"marquage_interne":1,"quantite_min":null,"parent_id":null,"print_on_support":0,"content":null,"description":null}]}}