{"data":{"product":{"id":21870,"titre":"Safety Vest For Kids With Zipper","description":"Gilet de s\u00e9curit\u00e9 pour enfants avec fermeture zipp\u00e9e. 2 bandes r\u00e9fl\u00e9chissantes de 5 cm de large autour du corps. Taille r\u00e9glable par deux fermetures auto-agrippantes. Composition : 100 % polyester.","genre":"enfant","grammage":120,"conditionnement":100,"composition":"polyester,polyester_uniquement","reference":"ko-kwrx","reference_visible":"ko-kwrx","reference_fabricant":"KWRX","ref_xor":"721707","in_catalog":true,"is_transfer":false,"is_service":false,"on_standby":false,"has_3d":false,"has_size_guide":false,"has_marking":true,"has_vierge":true,"is_cross_sellable":false,"id_picto":109,"filename_3d":null,"brand":{"id":170,"name":"Korntex","logo":"logo-korntex.png","image":"https:\/\/media.th4.com\/cQDqQljenSY7VSYcQdvIaNfOwg9YRdZ-qoOzoO5ebsQ\/pr:brand70x70\/aHR0cDovL21lZGlhMi5kZXNpZ25wYXJ0bmVyLmZyL2MvbS9sb2dvLWtvcm50ZXgucG5n"},"price_infos":{"price_from":3.08,"quantity":200,"color":{"id":12729,"name":"signal_yellow"},"size":{"id":1891,"name":"7\/12ans"}},"price_infos_marking":{"price_from":6.75,"quantity":500,"color":{"id":12729,"name":"signal_yellow"},"size":{"id":1891,"name":"7\/12ans"},"marking":{"id":2,"name":""},"emplacement":"avant","surface_emplacement_id":1,"surface":"coeur"},"i18n":{"blank":{"title":{"fr":"Gilet s\u00e9curit\u00e9 enfant KORNTEX kwrx","en":"Children's safety vest KORNTEX kwrx","de":"Kinder-Sicherheitsweste KORNTEX kwrx","nl":"Veiligheidsvest voor kinderen KORNTEX kwrx","es":"Chaleco de seguridad infantil KORNTEX kwrx","it":"Gilet di sicurezza per bambini KORNTEX kwrx","sv":"Barns\u00e4kerhetsv\u00e4st KORNTEX kwrx","pt":"Colete de seguran\u00e7a infantil KORNTEX kwrx","da":"B\u00f8rnesikkerhedsvest KORNTEX kwrx","pl":"Kamizelka bezpiecze\u0144stwa dzieci\u0119ca KORNTEX kwrx"},"description":{"fr":"Le Gilet S\u00e9curit\u00e9 Enfant kwrx est un mod\u00e8le pour enfant avec fermeture zipp\u00e9e, con\u00e7u pour ajouter de la visibilit\u00e9 dans les d\u00e9placements et activit\u00e9s ext\u00e9rieures. Le r\u00e9glage par deux fermetures auto-agrippantes permet un ajustement simple selon le port\u00e9.\n\n- Composition : 100 % polyester\n- Fermeture zipp\u00e9e\n- Deux bandes r\u00e9fl\u00e9chissantes de 5 cm\n- R\u00e9glage par deux fermetures auto-agrippantes","en":"The Children's Safety Vest kwrx is a model for children with zip fastening, designed to add visibility during travel and outdoor activities. Adjustment with two hook-and-loop fasteners allows simple fitting depending on how it is worn.\n\n- Composition: 100% polyester\n- Zip fastening\n- Two reflective bands\n- Adjustment with two hook-and-loop fasteners","de":"Die Kinder-Sicherheitsweste kwrx ist ein Modell f\u00fcr Kinder mit Rei\u00dfverschluss, entwickelt, um die Sichtbarkeit bei Wegen und Aktivit\u00e4ten im Freien zu erh\u00f6hen. Die Verstellung durch zwei Klettverschl\u00fcsse erm\u00f6glicht eine einfache Anpassung je nach Trageweise.\n\n- Material: 100 % Polyester\n- Rei\u00dfverschluss\n- Zwei reflektierende Streifen von 5 cm\n- Verstellung durch zwei Klettverschl\u00fcsse","nl":"Het veiligheidsvest voor kinderen kwrx is een model voor kinderen met ritssluiting, ontworpen om de zichtbaarheid te vergroten tijdens verplaatsingen en buitenactiviteiten. De verstelling met twee klittenbandsluitingen maakt een eenvoudige aanpassing mogelijk afhankelijk van de pasvorm.\n\n- Samenstelling: 100 % polyester\n- Ritssluiting\n- Twee reflecterende banden van 5 cm\n- Verstelbaar met twee klittenbandsluitingen","es":"El chaleco de seguridad infantil kwrx es un modelo para ni\u00f1o con cierre de cremallera, dise\u00f1ado para a\u00f1adir visibilidad en los desplazamientos y actividades al aire libre. El ajuste mediante dos cierres autoadherentes permite una adaptaci\u00f3n sencilla seg\u00fan la forma de llevarlo.\n\n- Composici\u00f3n: 100 % poli\u00e9ster\n- Cierre de cremallera\n- Dos bandas reflectantes de 5 cm\n- Ajuste mediante dos cierres autoadherentes","it":"Il gilet di sicurezza per bambini kwrx \u00e8 un modello per bambini con chiusura a zip, progettato per aumentare la visibilit\u00e0 durante gli spostamenti e le attivit\u00e0 all'aperto. La regolazione tramite due chiusure a strappo consente una vestibilit\u00e0 semplice in base all'uso.\n\n- Composizione: 100% poliestere\n- Chiusura a zip\n- Due bande riflettenti\n- Regolazione tramite due chiusure a strappo","sv":"Barns\u00e4kerhetsv\u00e4sten kwrx \u00e4r en modell f\u00f6r barn med dragkedja, utformad f\u00f6r att \u00f6ka synligheten vid f\u00f6rflyttningar och utomhusaktiviteter. Justeringen med tv\u00e5 kardborrekn\u00e4ppningar g\u00f6r passformen enkel att anpassa efter hur den b\u00e4rs.\n\n- Sammans\u00e4ttning: 100 % polyester\n- Dragkedja\n- Tv\u00e5 reflexband p\u00e5 5 cm\n- Justering med tv\u00e5 kardborrekn\u00e4ppningar","pt":"O colete de seguran\u00e7a infantil kwrx \u00e9 um modelo para crian\u00e7a com fecho de correr, concebido para aumentar a visibilidade nas desloca\u00e7\u00f5es e atividades ao ar livre. O ajuste por duas fitas autoaderentes permite um ajuste simples conforme o uso.\n\n- Composi\u00e7\u00e3o: 100 % poli\u00e9ster\n- Fecho de correr\n- Duas faixas refletoras de 5 cm\n- Ajuste por duas fitas autoaderentes","da":"B\u00f8rnesikkerhedsvesten kwrx er en model til b\u00f8rn med lynl\u00e5slukning, designet til at \u00f8ge synligheden under transport og udend\u00f8rs aktiviteter. Justeringen med to velcrolukninger giver en enkel tilpasning efter brug.\n\n- Sammens\u00e6tning: 100 % polyester\n- Lynl\u00e5slukning\n- To reflekterende b\u00e5nd\n- Justering med to velcrolukninger","pl":"Kamizelka bezpiecze\u0144stwa dzieci\u0119ca kwrx to model dla dzieci z zamkiem b\u0142yskawicznym, zaprojektowany w celu zwi\u0119kszenia widoczno\u015bci podczas przemieszczania si\u0119 i aktywno\u015bci na zewn\u0105trz. Regulacja za pomoc\u0105 dw\u00f3ch zapi\u0119\u0107 na rzep umo\u017cliwia proste dopasowanie do sposobu noszenia.\n\n- Sk\u0142ad: 100 % poliester\n- Zamek b\u0142yskawiczny\n- Dwa paski odblaskowe\n- Regulacja za pomoc\u0105 dw\u00f3ch zapi\u0119\u0107 na rzep"},"h1":{"fr":"Gilet s\u00e9curit\u00e9 enfant kwrx","en":"Children's safety vest kwrx","de":"Kinder-Sicherheitsweste kwrx","nl":"Veiligheidsvest voor kinderen kwrx","es":"Chaleco de seguridad infantil kwrx","it":"Gilet di sicurezza per bambini kwrx","sv":"Barns\u00e4kerhetsv\u00e4st kwrx","pt":"Colete de seguran\u00e7a infantil kwrx","da":"B\u00f8rnesikkerhedsvest kwrx","pl":"Kamizelka bezpiecze\u0144stwa dzieci\u0119ca kwrx"},"meta_description":{"fr":"Gilet S\u00e9curit\u00e9 Enfant kwrx avec fermeture zipp\u00e9e, deux bandes r\u00e9fl\u00e9chissantes autour du corps et r\u00e9glage par deux fermetures auto-agrippantes.","en":"Children's Safety Vest kwrx with zip fastening, two reflective bands around the body and adjustment with two hook-and-loop fasteners.","de":"Kinder-Sicherheitsweste kwrx mit Rei\u00dfverschluss, zwei reflektierenden Streifen um den K\u00f6rper und Verstellung durch zwei Klettverschl\u00fcsse.","nl":"Veiligheidsvest voor kinderen kwrx met ritssluiting, twee reflecterende banden rond het lichaam en verstelbaar met twee klittenbandsluitingen.","es":"Chaleco de seguridad infantil kwrx con cierre de cremallera, dos bandas reflectantes alrededor del cuerpo y ajuste mediante dos cierres autoadherentes.","it":"Gilet di sicurezza per bambini kwrx con chiusura a zip, due bande riflettenti intorno al corpo e regolazione tramite due chiusure a strappo.","sv":"Barns\u00e4kerhetsv\u00e4st kwrx med dragkedja, tv\u00e5 reflexband runt kroppen och justering med tv\u00e5 kardborrekn\u00e4ppningar.","pt":"Colete de seguran\u00e7a infantil kwrx com fecho de correr, duas faixas refletoras \u00e0 volta do corpo e ajuste por duas fitas autoaderentes.","da":"B\u00f8rnesikkerhedsvest kwrx med lynl\u00e5slukning, to reflekterende b\u00e5nd rundt om kroppen og justering med to velcrolukninger.","pl":"Kamizelka bezpiecze\u0144stwa dzieci\u0119ca kwrx z zamkiem b\u0142yskawicznym, dwoma paskami odblaskowymi wok\u00f3\u0142 tu\u0142owia i regulacj\u0105 za pomoc\u0105 dw\u00f3ch zapi\u0119\u0107 na rzep."}},"custom":{"title":{"fr":"Gilet enfant zipp\u00e9 KORNTEX kwrx personnalisable","en":"Customizable KORNTEX children\\\"s zip-up vest kwrx","de":"Personalisierbare Kinderwarnweste mit Rei\u00dfverschluss KORNTEX kwrx","nl":"Personaliseerbaar kinderhesje met rits KORNTEX kwrx","es":"Chaleco infantil con cremallera KORNTEX kwrx personalizable","it":"Gilet bambino con zip KORNTEX kwrx personalizzabile","sv":"Anpassningsbar barnv\u00e4st med dragkedja KORNTEX kwrx","pt":"Colete infantil com fecho KORNTEX kwrx personaliz\u00e1vel","da":"B\u00f8rnevest med lynl\u00e5s KORNTEX kwrx kan tilpasses","pl":"Dzieci\u0119ca kamizelka zapinana na zamek KORNTEX z mo\u017cliwo\u015bci\u0105 personalizacji kwrx"},"description":{"fr":"Le gilet enfant zipp\u00e9 convient aux usages n\u00e9cessitant une visibilit\u00e9 renforc\u00e9e. Sa fermeture zipp\u00e9e facilite l'enfilage, tandis que le r\u00e9glage par deux fermetures auto-agrippantes permet un ajustement simple. La composition est en 100 % polyester.\n\n- Composition : 100 % polyester\n- 2 bandes r\u00e9fl\u00e9chissantes de 5 cm\n- Taille r\u00e9glable par auto-agrippantes\n- Personnalisation possible","en":"The children\\\"s zip-up vest is suitable for uses requiring enhanced visibility. Its zip fastening makes it easy to put on, while the adjustment with two hook-and-loop fasteners allows simple fitting. The composition is 100% polyester.\n\n- Composition: 100% polyester\n- 2 reflective bands of 5 cm\n- Adjustable size with hook-and-loop fasteners\n- Customization possible","de":"Die Kinderwarnweste mit Rei\u00dfverschluss eignet sich f\u00fcr Eins\u00e4tze, die eine erh\u00f6hte Sichtbarkeit erfordern. Der Rei\u00dfverschluss erleichtert das Anziehen, w\u00e4hrend die Verstellung durch zwei Klettverschl\u00fcsse eine einfache Anpassung erm\u00f6glicht. Die Zusammensetzung besteht aus 100 % Polyester.\n\n- Zusammensetzung: 100 % Polyester\n- 2 reflektierende Streifen von 5 cm\n- Gr\u00f6\u00dfe durch Klettverschl\u00fcsse verstellbar\n- Personalisierung m\u00f6glich","nl":"Het kinderhesje met rits is geschikt voor gebruik waarbij verhoogde zichtbaarheid vereist is. De ritssluiting vergemakkelijkt het aantrekken, terwijl de verstelling met twee klittenbandsluitingen een eenvoudige pasvorm mogelijk maakt. De samenstelling is van 100% polyester.\n\n- Samenstelling: 100% polyester\n- 2 reflecterende banden van 5 cm\n- Verstelbare maat met klittenbandsluitingen\n- Personalisatie mogelijk","es":"El chaleco infantil con cremallera es adecuado para usos que requieren visibilidad reforzada. Su cierre de cremallera facilita la colocaci\u00f3n, mientras que el ajuste mediante dos cierres autoadherentes permite una adaptaci\u00f3n sencilla. La composici\u00f3n es de 100 % poli\u00e9ster.\n\n- Composici\u00f3n: 100 % poli\u00e9ster\n- 2 bandas reflectantes de 5 cm\n- Talla ajustable mediante cierres autoadherentes\n- Personalizaci\u00f3n posible","it":"Il gilet bambino con zip \u00e8 adatto agli utilizzi che richiedono una visibilit\u00e0 aumentata. La chiusura con zip facilita l'indosso, mentre la regolazione con due chiusure a strappo consente una regolazione semplice. La composizione \u00e8 in 100 % poliestere.\n\n- Composizione: 100 % poliestere\n- 2 bande riflettenti da 5 cm\n- Taglia regolabile con chiusure a strappo\n- Personalizzazione possibile","sv":"Barnv\u00e4sten med dragkedja \u00e4r l\u00e4mplig f\u00f6r anv\u00e4ndning som kr\u00e4ver \u00f6kad synlighet. Dragkedjan g\u00f6r den l\u00e4tt att ta p\u00e5, medan justeringen med tv\u00e5 kardborrekn\u00e4ppningar ger en enkel passform. Materialet \u00e4r 100 % polyester.\n\n- Material: 100 % polyester\n- 2 reflekterande band p\u00e5 5 cm\n- Justerbar storlek med kardborrekn\u00e4ppningar\n- Anpassning m\u00f6jlig","pt":"O colete infantil com fecho \u00e9 adequado para utiliza\u00e7\u00f5es que exigem visibilidade refor\u00e7ada. O fecho de correr facilita ao vestir, enquanto o ajuste por dois fechos autoaderentes permite um ajuste simples. A composi\u00e7\u00e3o \u00e9 em 100 % poli\u00e9ster.\n\n- Composi\u00e7\u00e3o: 100 % poli\u00e9ster\n- 2 faixas refletoras de 5 cm\n- Tamanho ajust\u00e1vel por fechos autoaderentes\n- Personaliza\u00e7\u00e3o poss\u00edvel","da":"B\u00f8rnevesten med lynl\u00e5s er egnet til brug, der kr\u00e6ver \u00f8get synlighed. Lynl\u00e5slukningen g\u00f8r den nem at tage p\u00e5, mens justeringen med to burrelukninger giver en enkel tilpasning. Sammens\u00e6tningen er 100 % polyester.\n\n- Sammens\u00e6tning: 100 % polyester\n- 2 reflekterende striber p\u00e5 5 cm\n- Justerbar st\u00f8rrelse med burrelukninger\n- Mulighed for tilpasning","pl":"Dzieci\u0119ca kamizelka zapinana na zamek nadaje si\u0119 do zastosowa\u0144 wymagaj\u0105cych zwi\u0119kszonej widoczno\u015bci. Zapi\u0119cie na zamek u\u0142atwia zak\u0142adanie, a regulacja za pomoc\u0105 dw\u00f3ch zapi\u0119\u0107 na rzep umo\u017cliwia proste dopasowanie. Sk\u0142ad: 100 % poliester.\n\n- Sk\u0142ad: 100 % poliester\n- 2 ta\u015bmy odblaskowe o szeroko\u015bci 5 cm\n- Regulowany rozmiar dzi\u0119ki zapi\u0119ciom na rzep\n- Mo\u017cliwo\u015b\u0107 personalizacji"},"h1":{"fr":"Gilet enfant zipp\u00e9 kwrx personnalisable","en":"Customizable children\\\"s zip-up vest kwrx","de":"Personalisierbare Kinderwarnweste mit Rei\u00dfverschluss kwrx","nl":"Personaliseerbaar kinderhesje met rits kwrx","es":"Chaleco infantil con cremallera kwrx personalizable","it":"Gilet bambino con zip kwrx personalizzabile","sv":"Anpassningsbar barnv\u00e4st med dragkedja kwrx","pt":"Colete infantil com fecho kwrx personaliz\u00e1vel","da":"B\u00f8rnevest med lynl\u00e5s kwrx kan tilpasses","pl":"Dzieci\u0119ca kamizelka zapinana na zamek kwrx z mo\u017cliwo\u015bci\u0105 personalizacji"},"meta_description":{"fr":"Gilet enfant zipp\u00e9 avec 2 bandes r\u00e9fl\u00e9chissantes de 5 cm, taille r\u00e9glable par deux fermetures auto-agrippantes, en 100 % polyester.","en":"Children\\\"s zip-up vest with 2 reflective bands of 5 cm, adjustable size with two hook-and-loop fasteners, made of 100% polyester.","de":"Kinderwarnweste mit Rei\u00dfverschluss mit 2 reflektierenden Streifen von 5 cm, in der Gr\u00f6\u00dfe durch zwei Klettverschl\u00fcsse verstellbar, aus 100 % Polyester.","nl":"Kinderhesje met rits met 2 reflecterende banden van 5 cm, verstelbare maat met twee klittenbandsluitingen, van 100% polyester.","es":"Chaleco infantil con cremallera con 2 bandas reflectantes de 5 cm, talla ajustable mediante dos cierres autoadherentes, de 100 % poli\u00e9ster.","it":"Gilet bambino con zip con 2 bande riflettenti da 5 cm, taglia regolabile con due chiusure a strappo, in 100 % poliestere.","sv":"Barnv\u00e4st med dragkedja med 2 reflekterande band p\u00e5 5 cm, justerbar storlek med tv\u00e5 kardborrekn\u00e4ppningar, i 100 % polyester.","pt":"Colete infantil com fecho com 2 faixas refletoras de 5 cm, tamanho ajust\u00e1vel por dois fechos autoaderentes, em 100 % poli\u00e9ster.","da":"B\u00f8rnevest med lynl\u00e5s med 2 reflekterende striber p\u00e5 5 cm, justerbar st\u00f8rrelse med to burrelukninger, i 100 % polyester.","pl":"Dzieci\u0119ca kamizelka zapinana na zamek z 2 ta\u015bmami odblaskowymi o szeroko\u015bci 5 cm, regulowany rozmiar dzi\u0119ki dw\u00f3m zapi\u0119ciom na rzep, wykonana w 100 % z poliestru."}}},"categories":[{"id":329,"name":"Vestes et gilets de s\u00e9curit\u00e9","singular":"Veste et gilet de s\u00e9curit\u00e9","is_feminin":false},{"id":560,"name":"Sports et Loisirs","singular":"Sport et Loisir","is_feminin":false},{"id":572,"name":"Textiles r\u00e9fl\u00e9chissants","singular":"Textile r\u00e9fl\u00e9chissant","is_feminin":false},{"id":13,"name":"Vestes et manteaux","singular":"Veste et manteau","is_feminin":true},{"id":559,"name":"Univers","singular":"Univers","is_feminin":false},{"id":354,"name":"Textile","singular":"Textile","is_feminin":false}],"certifications":[],"videos":{"fr":[],"en":[],"de":[],"nl":[],"es":[],"it":[],"sv":[],"pt":[],"da":[],"pl":[]},"main_images":{"miniature":"https:\/\/media.th4.com\/ylxIz7ogBEkVXnAddAmz4ij_z5p66fd56QIiWbamDCE\/pr:80\/aHR0cDovL21lZGlhMi5kZXNpZ25wYXJ0bmVyLmZyL2MvcC1ibGFuay1USC8yMTg3MC53ZWJw?v=1773657899","medium":"https:\/\/media.th4.com\/mDYCE7CUJFzJoGXQEM2tfumbq26mEe0IEUM22T8dh3U\/pr:550x550greybg\/aHR0cDovL21lZGlhMi5kZXNpZ25wYXJ0bmVyLmZyL2MvcC1ibGFuay1USC8yMTg3MC53ZWJw?v=1773657899","medium_large":"https:\/\/media.th4.com\/34TgUGLWVmPIT7T81N6Y9kvvJJIxq0-XNdw6TtCndTw\/pr:1000x1000greybg\/aHR0cDovL21lZGlhMi5kZXNpZ25wYXJ0bmVyLmZyL2MvcC1ibGFuay1USC8yMTg3MC53ZWJw?v=1773657899","large":"https:\/\/media.th4.com\/VYfC1FlTlRD4tTxl_W05PizySwSB3tzNe3HSYRry4L0\/pr:1920greybg\/aHR0cDovL21lZGlhMi5kZXNpZ25wYXJ0bmVyLmZyL2MvcC1ibGFuay1USC8yMTg3MC53ZWJw?v=1773657899","opengraph":"https:\/\/media.th4.com\/5HkmnPkOt4sswTqG_4i_uw-OWTNCiSvJ7zX9ilfIDI4\/pr:1200x630greybg\/aHR0cDovL21lZGlhMi5kZXNpZ25wYXJ0bmVyLmZyL2MvcC1ibGFuay1USC8yMTg3MC53ZWJw?v=1773657899"},"main_images_customization":{"miniature":"https:\/\/media.th4.com\/bBHVIrxRLyt301oZcaFZWJORm5kJ_hGcdzQzv3JSWOM\/pr:80\/aHR0cDovL21lZGlhMi5kZXNpZ25wYXJ0bmVyLmZyL2MvcC1jdXN0b20tVEgvMjE4NzAud2VicA?v=1773658022","medium":"https:\/\/media.th4.com\/ufSZbreBcRXTQAi8b75b42sauUHVwIZYIG96OMqvtkI\/pr:550x550greybg\/aHR0cDovL21lZGlhMi5kZXNpZ25wYXJ0bmVyLmZyL2MvcC1jdXN0b20tVEgvMjE4NzAud2VicA?v=1773658022","medium_large":"https:\/\/media.th4.com\/Yj--B1Miu3vuiokP3hHIO2QlSJCOLy1C-hTjws45NzA\/pr:1000x1000greybg\/aHR0cDovL21lZGlhMi5kZXNpZ25wYXJ0bmVyLmZyL2MvcC1jdXN0b20tVEgvMjE4NzAud2VicA?v=1773658022","large":"https:\/\/media.th4.com\/wpcSBWnA1Ug8CXlUnHfNsrzTEJB9C7QJpOITy8Wro38\/pr:1920greybg\/aHR0cDovL21lZGlhMi5kZXNpZ25wYXJ0bmVyLmZyL2MvcC1jdXN0b20tVEgvMjE4NzAud2VicA?v=1773658022","opengraph":"https:\/\/media.th4.com\/4dPrPDq7ji7tRp9umucN5GRlzRP_1Xw3Na587HIbM44\/pr:1200x630greybg\/aHR0cDovL21lZGlhMi5kZXNpZ25wYXJ0bmVyLmZyL2MvcC1jdXN0b20tVEgvMjE4NzAud2VicA?v=1773658022"},"page_links":{"fr":"\/fr\/p-ko-kwrx-gilet-securite-enfant-kwrx-21870\/","en":"\/en\/p-ko-kwrx-childrens-safety-vest-kwrx-21870\/","de":"\/de\/p-ko-kwrx-kinder-sicherheitsweste-kwrx-21870\/","nl":"\/nl\/p-ko-kwrx-veiligheidsvest-voor-kinderen-kwrx-21870\/","es":"\/es\/p-ko-kwrx-chaleco-de-seguridad-infantil-kwrx-21870\/","it":"\/it\/p-ko-kwrx-gilet-di-sicurezza-per-bambini-kwrx-21870\/","sv":"\/sv\/p-ko-kwrx-barnsakerhetsvast-kwrx-21870\/","pt":"\/pt\/p-ko-kwrx-colete-de-seguranca-infantil-kwrx-21870\/","da":"\/da\/p-ko-kwrx-bornesikkerhedsvest-kwrx-21870\/","pl":"\/pl\/p-ko-kwrx-kamizelka-bezpieczenstwa-dziecieca-kwrx-21870\/"},"page_links_customization":{"fr":"\/fr\/p-ko-kwrx-gilet-enfant-zippe-kwrx-personnalisable-21870\/custom\/","en":"\/en\/p-ko-kwrx-customizable-childrens-zip-up-vest-kwrx-21870\/custom\/","de":"\/de\/p-ko-kwrx-personalisierbare-kinderwarnweste-mit-reiszverschluss-kwrx-21870\/custom\/","nl":"\/nl\/p-ko-kwrx-personaliseerbaar-kinderhesje-met-rits-kwrx-21870\/custom\/","es":"\/es\/p-ko-kwrx-chaleco-infantil-con-cremallera-kwrx-personalizable-21870\/custom\/","it":"\/it\/p-ko-kwrx-gilet-bambino-con-zip-kwrx-personalizzabile-21870\/custom\/","sv":"\/sv\/p-ko-kwrx-anpassningsbar-barnvast-med-dragkedja-kwrx-21870\/custom\/","pt":"\/pt\/p-ko-kwrx-colete-infantil-com-fecho-kwrx-personalizavel-21870\/custom\/","da":"\/da\/p-ko-kwrx-bornevest-med-lynlas-kwrx-kan-tilpasses-21870\/custom\/","pl":"\/pl\/p-ko-kwrx-dziecieca-kamizelka-zapinana-na-zamek-kwrx-z-mozliwoscia-personalizacji-21870\/custom\/"},"equivalent_products":[],"colors":[{"id":12729,"name":"signal_yellow","class_ids":[12],"codes_hexa":["EAE549"],"delai_24":false,"has_3d":false,"seuil_global":0,"stock_local":0,"stock_global":989,"on_standby":false,"in_catalog":true,"images":{"miniature":["https:\/\/media.th4.com\/zS23_S7Zgaz_U_QhSo0sgAUGtiwk08aN9uty4dIQOG0\/pr:80\/aHR0cDovL21lZGlhMi5kZXNpZ25wYXJ0bmVyLmZyL2MvcC8yMTg3MC8yMTg3MC0xMjcyOS0xLndlYnA?v=1773657015","https:\/\/media.th4.com\/06tCpNxgXJLQAqThVMtsl7BvAa1WQbXUFHi1zPnhKTc\/pr:80\/aHR0cDovL21lZGlhMi5kZXNpZ25wYXJ0bmVyLmZyL2MvcC8yMTg3MC8yMTg3MC0xMjcyOS0yLndlYnA?v=1773657016"],"medium":["https:\/\/media.th4.com\/LSTU34-PeOtJFS5RYNJLrS3FVfidhTdoS0JnE_x6ysk\/pr:550x550\/aHR0cDovL21lZGlhMi5kZXNpZ25wYXJ0bmVyLmZyL2MvcC8yMTg3MC8yMTg3MC0xMjcyOS0xLndlYnA?v=1773657015","https:\/\/media.th4.com\/ZZEXsQMXV7-7EYa2eqfUNrk_el0S2b9FMi3xD2K7Hb8\/pr:550x550\/aHR0cDovL21lZGlhMi5kZXNpZ25wYXJ0bmVyLmZyL2MvcC8yMTg3MC8yMTg3MC0xMjcyOS0yLndlYnA?v=1773657016"],"medium_large":["https:\/\/media.th4.com\/eA4fdBCxGXjaokrm93xRz4s4L8Hi4E3JVP9s3JrXSMA\/pr:1000x1000\/aHR0cDovL21lZGlhMi5kZXNpZ25wYXJ0bmVyLmZyL2MvcC8yMTg3MC8yMTg3MC0xMjcyOS0xLndlYnA?v=1773657015","https:\/\/media.th4.com\/EMIl6V3g2aZ4dHZdGJHngdpyImpMk_HWDPV6j4Y1Xsg\/pr:1000x1000\/aHR0cDovL21lZGlhMi5kZXNpZ25wYXJ0bmVyLmZyL2MvcC8yMTg3MC8yMTg3MC0xMjcyOS0yLndlYnA?v=1773657016"],"large":["https:\/\/media.th4.com\/kUoIruPjNn_-KSaZdVnMu91pShPHtngoD1KfAWSZu0w\/pr:1920\/aHR0cDovL21lZGlhMi5kZXNpZ25wYXJ0bmVyLmZyL2MvcC8yMTg3MC8yMTg3MC0xMjcyOS0xLndlYnA?v=1773657015","https:\/\/media.th4.com\/XdgrzQlaw8hW516mYLLrCEyFp0Zr3id3BLJ3CFsn5BM\/pr:1920\/aHR0cDovL21lZGlhMi5kZXNpZ25wYXJ0bmVyLmZyL2MvcC8yMTg3MC8yMTg3MC0xMjcyOS0yLndlYnA?v=1773657016"],"opengraph":["https:\/\/media.th4.com\/nuUOfeoM7T7Ppgh0gG_uyG-pSGhWel03Y0WZdlIk2i0\/pr:1200x630\/aHR0cDovL21lZGlhMi5kZXNpZ25wYXJ0bmVyLmZyL2MvcC8yMTg3MC8yMTg3MC0xMjcyOS0xLndlYnA?v=1773657015","https:\/\/media.th4.com\/CGby3IGk2H9pqYy--65_wYyI7xgcYgNRMhHa7ozDI9s\/pr:1200x630\/aHR0cDovL21lZGlhMi5kZXNpZ25wYXJ0bmVyLmZyL2MvcC8yMTg3MC8yMTg3MC0xMjcyOS0yLndlYnA?v=1773657016"]},"images_customization":{"miniature":["https:\/\/media.th4.com\/zS23_S7Zgaz_U_QhSo0sgAUGtiwk08aN9uty4dIQOG0\/pr:80\/aHR0cDovL21lZGlhMi5kZXNpZ25wYXJ0bmVyLmZyL2MvcC8yMTg3MC8yMTg3MC0xMjcyOS0xLndlYnA?v=1773657015","https:\/\/media.th4.com\/06tCpNxgXJLQAqThVMtsl7BvAa1WQbXUFHi1zPnhKTc\/pr:80\/aHR0cDovL21lZGlhMi5kZXNpZ25wYXJ0bmVyLmZyL2MvcC8yMTg3MC8yMTg3MC0xMjcyOS0yLndlYnA?v=1773657016"],"medium":["https:\/\/media.th4.com\/LSTU34-PeOtJFS5RYNJLrS3FVfidhTdoS0JnE_x6ysk\/pr:550x550\/aHR0cDovL21lZGlhMi5kZXNpZ25wYXJ0bmVyLmZyL2MvcC8yMTg3MC8yMTg3MC0xMjcyOS0xLndlYnA?v=1773657015","https:\/\/media.th4.com\/ZZEXsQMXV7-7EYa2eqfUNrk_el0S2b9FMi3xD2K7Hb8\/pr:550x550\/aHR0cDovL21lZGlhMi5kZXNpZ25wYXJ0bmVyLmZyL2MvcC8yMTg3MC8yMTg3MC0xMjcyOS0yLndlYnA?v=1773657016"],"medium_large":["https:\/\/media.th4.com\/eA4fdBCxGXjaokrm93xRz4s4L8Hi4E3JVP9s3JrXSMA\/pr:1000x1000\/aHR0cDovL21lZGlhMi5kZXNpZ25wYXJ0bmVyLmZyL2MvcC8yMTg3MC8yMTg3MC0xMjcyOS0xLndlYnA?v=1773657015","https:\/\/media.th4.com\/EMIl6V3g2aZ4dHZdGJHngdpyImpMk_HWDPV6j4Y1Xsg\/pr:1000x1000\/aHR0cDovL21lZGlhMi5kZXNpZ25wYXJ0bmVyLmZyL2MvcC8yMTg3MC8yMTg3MC0xMjcyOS0yLndlYnA?v=1773657016"],"large":["https:\/\/media.th4.com\/kUoIruPjNn_-KSaZdVnMu91pShPHtngoD1KfAWSZu0w\/pr:1920\/aHR0cDovL21lZGlhMi5kZXNpZ25wYXJ0bmVyLmZyL2MvcC8yMTg3MC8yMTg3MC0xMjcyOS0xLndlYnA?v=1773657015","https:\/\/media.th4.com\/XdgrzQlaw8hW516mYLLrCEyFp0Zr3id3BLJ3CFsn5BM\/pr:1920\/aHR0cDovL21lZGlhMi5kZXNpZ25wYXJ0bmVyLmZyL2MvcC8yMTg3MC8yMTg3MC0xMjcyOS0yLndlYnA?v=1773657016"],"opengraph":["https:\/\/media.th4.com\/nuUOfeoM7T7Ppgh0gG_uyG-pSGhWel03Y0WZdlIk2i0\/pr:1200x630\/aHR0cDovL21lZGlhMi5kZXNpZ25wYXJ0bmVyLmZyL2MvcC8yMTg3MC8yMTg3MC0xMjcyOS0xLndlYnA?v=1773657015","https:\/\/media.th4.com\/CGby3IGk2H9pqYy--65_wYyI7xgcYgNRMhHa7ozDI9s\/pr:1200x630\/aHR0cDovL21lZGlhMi5kZXNpZ25wYXJ0bmVyLmZyL2MvcC8yMTg3MC8yMTg3MC0xMjcyOS0yLndlYnA?v=1773657016"]},"country_origin":"CN","traceability":{"manufacturing_country_id":61,"weaving_country_id":61,"dyeing_country_id":61},"sizes":[{"id":1891,"article_id":539803,"class_id":0,"name":"7\/12ans","on_standby":false,"stock_local":0,"stock_global":659,"multiple":1,"estimated_date_reassort":null,"is_destocking":false},{"id":1606,"article_id":539804,"class_id":0,"name":"3\/6ans","on_standby":false,"stock_local":0,"stock_global":231,"multiple":1,"estimated_date_reassort":null,"is_destocking":false},{"id":20,"article_id":539805,"class_id":13,"name":"3\/4ans","on_standby":false,"stock_local":0,"stock_global":99,"multiple":1,"estimated_date_reassort":null,"is_destocking":false}],"page_links":{"fr":"\/fr\/p-ko-kwrx-gilet-securite-enfant-kwrx-21870\/signal-yellow-12729\/","en":"\/en\/p-ko-kwrx-childrens-safety-vest-kwrx-21870\/signal-yellow-12729\/","de":"\/de\/p-ko-kwrx-kinder-sicherheitsweste-kwrx-21870\/signal-yellow-12729\/","nl":"\/nl\/p-ko-kwrx-veiligheidsvest-voor-kinderen-kwrx-21870\/signal-yellow-12729\/","es":"\/es\/p-ko-kwrx-chaleco-de-seguridad-infantil-kwrx-21870\/signal-yellow-12729\/","it":"\/it\/p-ko-kwrx-gilet-di-sicurezza-per-bambini-kwrx-21870\/signal-yellow-12729\/","sv":"\/sv\/p-ko-kwrx-barnsakerhetsvast-kwrx-21870\/signal-yellow-12729\/","pt":"\/pt\/p-ko-kwrx-colete-de-seguranca-infantil-kwrx-21870\/signal-yellow-12729\/","da":"\/da\/p-ko-kwrx-bornesikkerhedsvest-kwrx-21870\/signal-yellow-12729\/","pl":"\/pl\/p-ko-kwrx-kamizelka-bezpieczenstwa-dziecieca-kwrx-21870\/signal-yellow-12729\/"},"page_links_customization":{"fr":"\/fr\/p-ko-kwrx-gilet-enfant-zippe-kwrx-personnalisable-21870\/signal-yellow-12729\/custom\/","en":"\/en\/p-ko-kwrx-customizable-childrens-zip-up-vest-kwrx-21870\/signal-yellow-12729\/custom\/","de":"\/de\/p-ko-kwrx-personalisierbare-kinderwarnweste-mit-reiszverschluss-kwrx-21870\/signal-yellow-12729\/custom\/","nl":"\/nl\/p-ko-kwrx-personaliseerbaar-kinderhesje-met-rits-kwrx-21870\/signal-yellow-12729\/custom\/","es":"\/es\/p-ko-kwrx-chaleco-infantil-con-cremallera-kwrx-personalizable-21870\/signal-yellow-12729\/custom\/","it":"\/it\/p-ko-kwrx-gilet-bambino-con-zip-kwrx-personalizzabile-21870\/signal-yellow-12729\/custom\/","sv":"\/sv\/p-ko-kwrx-anpassningsbar-barnvast-med-dragkedja-kwrx-21870\/signal-yellow-12729\/custom\/","pt":"\/pt\/p-ko-kwrx-colete-infantil-com-fecho-kwrx-personalizavel-21870\/signal-yellow-12729\/custom\/","da":"\/da\/p-ko-kwrx-bornevest-med-lynlas-kwrx-kan-tilpasses-21870\/signal-yellow-12729\/custom\/","pl":"\/pl\/p-ko-kwrx-dziecieca-kamizelka-zapinana-na-zamek-kwrx-z-mozliwoscia-personalizacji-21870\/signal-yellow-12729\/custom\/"}},{"id":12728,"name":"signal_orange","class_ids":[13,9],"codes_hexa":["FF7247"],"delai_24":false,"has_3d":false,"seuil_global":0,"stock_local":0,"stock_global":302,"on_standby":false,"in_catalog":true,"images":{"miniature":["https:\/\/media.th4.com\/lcPta7cyKc01Pq_relSUmXR_EJdldbDkKuTUsNCGOG0\/pr:80\/aHR0cDovL21lZGlhMi5kZXNpZ25wYXJ0bmVyLmZyL2MvcC8yMTg3MC8yMTg3MC0xMjcyOC0xLndlYnA?v=1773657014","https:\/\/media.th4.com\/FfzlvM4qt7K8WZbvQhej6OCfs8Fm2DhFLkGFWa5MK8E\/pr:80\/aHR0cDovL21lZGlhMi5kZXNpZ25wYXJ0bmVyLmZyL2MvcC8yMTg3MC8yMTg3MC0xMjcyOC0yLndlYnA?v=1773657015"],"medium":["https:\/\/media.th4.com\/M3JfIarJX9lgKsu_REiaeaR4pWBnzbXauVjrSYn5yvs\/pr:550x550\/aHR0cDovL21lZGlhMi5kZXNpZ25wYXJ0bmVyLmZyL2MvcC8yMTg3MC8yMTg3MC0xMjcyOC0xLndlYnA?v=1773657014","https:\/\/media.th4.com\/ZF_x1YcxmPlBz7Y0I-sGfS9Xl8Gz7Rd1Z8tWm5HnuHg\/pr:550x550\/aHR0cDovL21lZGlhMi5kZXNpZ25wYXJ0bmVyLmZyL2MvcC8yMTg3MC8yMTg3MC0xMjcyOC0yLndlYnA?v=1773657015"],"medium_large":["https:\/\/media.th4.com\/487RrLobMO479OXXpzX9XGW52irX7P0VerwpLCrTPf8\/pr:1000x1000\/aHR0cDovL21lZGlhMi5kZXNpZ25wYXJ0bmVyLmZyL2MvcC8yMTg3MC8yMTg3MC0xMjcyOC0xLndlYnA?v=1773657014","https:\/\/media.th4.com\/jU4PjLUoRNz5tbJ4aE_5t9DagGDARHbBPo_cDB-Gwek\/pr:1000x1000\/aHR0cDovL21lZGlhMi5kZXNpZ25wYXJ0bmVyLmZyL2MvcC8yMTg3MC8yMTg3MC0xMjcyOC0yLndlYnA?v=1773657015"],"large":["https:\/\/media.th4.com\/jbfrrRqI5OdkgFwWUxN3AAs7nYmqbOvIrx2Oer3APo8\/pr:1920\/aHR0cDovL21lZGlhMi5kZXNpZ25wYXJ0bmVyLmZyL2MvcC8yMTg3MC8yMTg3MC0xMjcyOC0xLndlYnA?v=1773657014","https:\/\/media.th4.com\/lb4ZKYRJS-3Bnin165__clK4R8Js9umv7AC-epQNbhE\/pr:1920\/aHR0cDovL21lZGlhMi5kZXNpZ25wYXJ0bmVyLmZyL2MvcC8yMTg3MC8yMTg3MC0xMjcyOC0yLndlYnA?v=1773657015"],"opengraph":["https:\/\/media.th4.com\/rfcsOtQmVgoTiqmhBZwgNaL7Sv-h6I3F7gsne7JT2x4\/pr:1200x630\/aHR0cDovL21lZGlhMi5kZXNpZ25wYXJ0bmVyLmZyL2MvcC8yMTg3MC8yMTg3MC0xMjcyOC0xLndlYnA?v=1773657014","https:\/\/media.th4.com\/4nRqH3V7FLkIcqpURxEmiZZTBR4Vr1F-ILGr2QJH_YM\/pr:1200x630\/aHR0cDovL21lZGlhMi5kZXNpZ25wYXJ0bmVyLmZyL2MvcC8yMTg3MC8yMTg3MC0xMjcyOC0yLndlYnA?v=1773657015"]},"images_customization":{"miniature":["https:\/\/media.th4.com\/lcPta7cyKc01Pq_relSUmXR_EJdldbDkKuTUsNCGOG0\/pr:80\/aHR0cDovL21lZGlhMi5kZXNpZ25wYXJ0bmVyLmZyL2MvcC8yMTg3MC8yMTg3MC0xMjcyOC0xLndlYnA?v=1773657014","https:\/\/media.th4.com\/FfzlvM4qt7K8WZbvQhej6OCfs8Fm2DhFLkGFWa5MK8E\/pr:80\/aHR0cDovL21lZGlhMi5kZXNpZ25wYXJ0bmVyLmZyL2MvcC8yMTg3MC8yMTg3MC0xMjcyOC0yLndlYnA?v=1773657015"],"medium":["https:\/\/media.th4.com\/M3JfIarJX9lgKsu_REiaeaR4pWBnzbXauVjrSYn5yvs\/pr:550x550\/aHR0cDovL21lZGlhMi5kZXNpZ25wYXJ0bmVyLmZyL2MvcC8yMTg3MC8yMTg3MC0xMjcyOC0xLndlYnA?v=1773657014","https:\/\/media.th4.com\/ZF_x1YcxmPlBz7Y0I-sGfS9Xl8Gz7Rd1Z8tWm5HnuHg\/pr:550x550\/aHR0cDovL21lZGlhMi5kZXNpZ25wYXJ0bmVyLmZyL2MvcC8yMTg3MC8yMTg3MC0xMjcyOC0yLndlYnA?v=1773657015"],"medium_large":["https:\/\/media.th4.com\/487RrLobMO479OXXpzX9XGW52irX7P0VerwpLCrTPf8\/pr:1000x1000\/aHR0cDovL21lZGlhMi5kZXNpZ25wYXJ0bmVyLmZyL2MvcC8yMTg3MC8yMTg3MC0xMjcyOC0xLndlYnA?v=1773657014","https:\/\/media.th4.com\/jU4PjLUoRNz5tbJ4aE_5t9DagGDARHbBPo_cDB-Gwek\/pr:1000x1000\/aHR0cDovL21lZGlhMi5kZXNpZ25wYXJ0bmVyLmZyL2MvcC8yMTg3MC8yMTg3MC0xMjcyOC0yLndlYnA?v=1773657015"],"large":["https:\/\/media.th4.com\/jbfrrRqI5OdkgFwWUxN3AAs7nYmqbOvIrx2Oer3APo8\/pr:1920\/aHR0cDovL21lZGlhMi5kZXNpZ25wYXJ0bmVyLmZyL2MvcC8yMTg3MC8yMTg3MC0xMjcyOC0xLndlYnA?v=1773657014","https:\/\/media.th4.com\/lb4ZKYRJS-3Bnin165__clK4R8Js9umv7AC-epQNbhE\/pr:1920\/aHR0cDovL21lZGlhMi5kZXNpZ25wYXJ0bmVyLmZyL2MvcC8yMTg3MC8yMTg3MC0xMjcyOC0yLndlYnA?v=1773657015"],"opengraph":["https:\/\/media.th4.com\/rfcsOtQmVgoTiqmhBZwgNaL7Sv-h6I3F7gsne7JT2x4\/pr:1200x630\/aHR0cDovL21lZGlhMi5kZXNpZ25wYXJ0bmVyLmZyL2MvcC8yMTg3MC8yMTg3MC0xMjcyOC0xLndlYnA?v=1773657014","https:\/\/media.th4.com\/4nRqH3V7FLkIcqpURxEmiZZTBR4Vr1F-ILGr2QJH_YM\/pr:1200x630\/aHR0cDovL21lZGlhMi5kZXNpZ25wYXJ0bmVyLmZyL2MvcC8yMTg3MC8yMTg3MC0xMjcyOC0yLndlYnA?v=1773657015"]},"country_origin":"CN","traceability":{"manufacturing_country_id":61,"weaving_country_id":61,"dyeing_country_id":61},"sizes":[{"id":1891,"article_id":539800,"class_id":0,"name":"7\/12ans","on_standby":false,"stock_local":0,"stock_global":72,"multiple":1,"estimated_date_reassort":null,"is_destocking":false},{"id":1606,"article_id":539801,"class_id":0,"name":"3\/6ans","on_standby":false,"stock_local":0,"stock_global":68,"multiple":1,"estimated_date_reassort":null,"is_destocking":false},{"id":20,"article_id":539802,"class_id":13,"name":"3\/4ans","on_standby":false,"stock_local":0,"stock_global":162,"multiple":1,"estimated_date_reassort":null,"is_destocking":false}],"page_links":{"fr":"\/fr\/p-ko-kwrx-gilet-securite-enfant-kwrx-21870\/signal-orange-12728\/","en":"\/en\/p-ko-kwrx-childrens-safety-vest-kwrx-21870\/signal-orange-12728\/","de":"\/de\/p-ko-kwrx-kinder-sicherheitsweste-kwrx-21870\/signal-orange-12728\/","nl":"\/nl\/p-ko-kwrx-veiligheidsvest-voor-kinderen-kwrx-21870\/signal-orange-12728\/","es":"\/es\/p-ko-kwrx-chaleco-de-seguridad-infantil-kwrx-21870\/signal-orange-12728\/","it":"\/it\/p-ko-kwrx-gilet-di-sicurezza-per-bambini-kwrx-21870\/signal-orange-12728\/","sv":"\/sv\/p-ko-kwrx-barnsakerhetsvast-kwrx-21870\/signal-orange-12728\/","pt":"\/pt\/p-ko-kwrx-colete-de-seguranca-infantil-kwrx-21870\/signal-orange-12728\/","da":"\/da\/p-ko-kwrx-bornesikkerhedsvest-kwrx-21870\/signal-orange-12728\/","pl":"\/pl\/p-ko-kwrx-kamizelka-bezpieczenstwa-dziecieca-kwrx-21870\/signal-orange-12728\/"},"page_links_customization":{"fr":"\/fr\/p-ko-kwrx-gilet-enfant-zippe-kwrx-personnalisable-21870\/signal-orange-12728\/custom\/","en":"\/en\/p-ko-kwrx-customizable-childrens-zip-up-vest-kwrx-21870\/signal-orange-12728\/custom\/","de":"\/de\/p-ko-kwrx-personalisierbare-kinderwarnweste-mit-reiszverschluss-kwrx-21870\/signal-orange-12728\/custom\/","nl":"\/nl\/p-ko-kwrx-personaliseerbaar-kinderhesje-met-rits-kwrx-21870\/signal-orange-12728\/custom\/","es":"\/es\/p-ko-kwrx-chaleco-infantil-con-cremallera-kwrx-personalizable-21870\/signal-orange-12728\/custom\/","it":"\/it\/p-ko-kwrx-gilet-bambino-con-zip-kwrx-personalizzabile-21870\/signal-orange-12728\/custom\/","sv":"\/sv\/p-ko-kwrx-anpassningsbar-barnvast-med-dragkedja-kwrx-21870\/signal-orange-12728\/custom\/","pt":"\/pt\/p-ko-kwrx-colete-infantil-com-fecho-kwrx-personalizavel-21870\/signal-orange-12728\/custom\/","da":"\/da\/p-ko-kwrx-bornevest-med-lynlas-kwrx-kan-tilpasses-21870\/signal-orange-12728\/custom\/","pl":"\/pl\/p-ko-kwrx-dziecieca-kamizelka-zapinana-na-zamek-kwrx-z-mozliwoscia-personalizacji-21870\/signal-orange-12728\/custom\/"}}],"documentation_link":"\/pdf\/21870.pdf","countries_availables":["AD","AE","AL","AT","BA","BD","BE","BG","BL","CA","CH","CN","CO","CY","CZ","DE","DK","DO","EE","EG","ES","ET","FI","FR","GB","GE","GF","GP","GR","GT","HK","HN","HR","HT","HU","ID","IE","IN","IS","IT","JO","JP","KE","KH","KP","KR","LA","LK","LS","LT","LU","LV","MA","MF","MG","MK","MM","MN","MQ","MT","MX","MY","NC","NI","NL","PF","PH","PK","PL","PM","PT","RE","RO","SE","SG","SI","SK","SV","SY","TH","TN","TR","TW","TZ","US","VN","WF","YT"]},"infos_customization":[],"features":{"authorize_multi_surfaces":true,"display_order_delay_type":true,"promote_surface_display":true,"tarification_franco_offert":true,"enabled_3d_editor":false},"markings":[{"id":0,"nom":"vierge","finition":null,"libelle":null,"code":null,"dpi":null,"finesse_forme_isolee":null,"finesse_forme_non_isolee":null,"hauteur_minimale_texte":null,"inactif":0,"marquage_interne":1,"quantite_min":null,"parent_id":null,"print_on_support":0,"content":"vierge","description":null},{"id":2,"nom":"fonce","finition":"optimale","libelle":"TopQuadri","code":null,"dpi":400,"finesse_forme_isolee":"0.040","finesse_forme_non_isolee":"0.700","hauteur_minimale_texte":2,"inactif":0,"marquage_interne":1,"quantite_min":null,"parent_id":18,"print_on_support":0,"content":"TopQuadri","description":"pour petites et moyennes s\u00e9ries"},{"id":3,"nom":"serigraphie","finition":"serigraphie","libelle":"SeriCoat","code":null,"dpi":400,"finesse_forme_isolee":"0.040","finesse_forme_non_isolee":"0.700","hauteur_minimale_texte":2,"inactif":0,"marquage_interne":1,"quantite_min":15,"parent_id":18,"print_on_support":0,"content":"SeriCoat","description":"pour moyennes et grandes s\u00e9ries"},{"id":4,"nom":"broderie","finition":"broderie","libelle":"Broderie","code":null,"dpi":400,"finesse_forme_isolee":"0.040","finesse_forme_non_isolee":"0.700","hauteur_minimale_texte":3,"inactif":0,"marquage_interne":1,"quantite_min":null,"parent_id":null,"print_on_support":0,"content":"Broderie","description":null},{"id":8,"nom":"theme","finition":null,"libelle":"Th\u00e8me","code":null,"dpi":null,"finesse_forme_isolee":null,"finesse_forme_non_isolee":null,"hauteur_minimale_texte":null,"inactif":0,"marquage_interne":1,"quantite_min":null,"parent_id":null,"print_on_support":0,"content":"Th\u00e8me","description":null},{"id":9,"nom":"sans","finition":null,"libelle":null,"code":null,"dpi":null,"finesse_forme_isolee":null,"finesse_forme_non_isolee":null,"hauteur_minimale_texte":null,"inactif":0,"marquage_interne":1,"quantite_min":null,"parent_id":null,"print_on_support":0,"content":"sans","description":null},{"id":10,"nom":"photo","finition":null,"libelle":"Photo","code":null,"dpi":null,"finesse_forme_isolee":null,"finesse_forme_non_isolee":null,"hauteur_minimale_texte":null,"inactif":0,"marquage_interne":1,"quantite_min":null,"parent_id":null,"print_on_support":0,"content":"Photo","description":null},{"id":14,"nom":"couleur","finition":null,"libelle":"Couleur","code":null,"dpi":null,"finesse_forme_isolee":null,"finesse_forme_non_isolee":null,"hauteur_minimale_texte":null,"inactif":0,"marquage_interne":1,"quantite_min":null,"parent_id":null,"print_on_support":0,"content":"Couleur","description":null},{"id":15,"nom":"sublimation","finition":"sublimation","libelle":"Sublimation","code":null,"dpi":null,"finesse_forme_isolee":"0.000","finesse_forme_non_isolee":"0.000","hauteur_minimale_texte":2,"inactif":0,"marquage_interne":1,"quantite_min":null,"parent_id":null,"print_on_support":0,"content":"Sublimation","description":null},{"id":16,"nom":"topquadri_uv","finition":null,"libelle":"TopQuadri UV","code":null,"dpi":null,"finesse_forme_isolee":"0.020","finesse_forme_non_isolee":"0.700","hauteur_minimale_texte":2,"inactif":0,"marquage_interne":1,"quantite_min":null,"parent_id":null,"print_on_support":1,"content":null,"description":null},{"id":17,"nom":"topquadri_uvp","finition":null,"libelle":"TopQuadri UVP","code":null,"dpi":null,"finesse_forme_isolee":"0.020","finesse_forme_non_isolee":"0.700","hauteur_minimale_texte":2,"inactif":0,"marquage_interne":1,"quantite_min":null,"parent_id":null,"print_on_support":1,"content":null,"description":null},{"id":18,"nom":"quadri","finition":null,"libelle":"Impression","code":null,"dpi":null,"finesse_forme_isolee":null,"finesse_forme_non_isolee":null,"hauteur_minimale_texte":null,"inactif":0,"marquage_interne":1,"quantite_min":null,"parent_id":null,"print_on_support":0,"content":null,"description":null}]}}