{"data":{"product":{"id":21855,"titre":"Maurice - Chaussettes mixtes","description":"Les chaussettes mixtes Sainte Armure sont tricot\u00e9es avec une maille dense, int\u00e9gralement sur m\u00e9tier rectiligne, pour une finition sans couture et une ligne nette. La construction en double fil, associ\u00e9e \u00e0 un coton peign\u00e9 longues fibres en double-brins, donne une mati\u00e8re r\u00e9guli\u00e8re et agr\u00e9able au toucher.\n\nMajoritairement en coton, elles privil\u00e9gient un confort naturel et une sensation agr\u00e9able au port\u00e9. Les pointes et talons contrast\u00e9s, r\u00e9v\u00e8lent une nuance graphique discr\u00e8te. La plage de pointures \u00e9tendue et les huit coloris permettent de les porter facilement au quotidien.\n\nCaract\u00e9ristiques techniques : \n - Tricotage int\u00e9gral sur m\u00e9tier rectiligne\n- Finition sans couture\n- Maille serr\u00e9e en double fil Nm 2\/50\n- Coton peign\u00e9 longues fibres en double-brins\n- Mod\u00e8les bicolores \u2013 8 coloris\n- Pointe et talon contrast\u00e9s discrets\n- Fabrication fran\u00e7aise (Vire, Normandie) Composition : 87% coton bio 11% polyamide 2% elasthanne.","genre":"mixte","grammage":400,"conditionnement":1,"composition":"coton,elasthanne","reference":"600","reference_visible":"sa-600","reference_fabricant":"600","ref_xor":"721690","in_catalog":true,"is_transfer":false,"is_service":false,"on_standby":false,"has_3d":false,"has_size_guide":false,"has_marking":false,"has_vierge":true,"is_cross_sellable":false,"id_picto":0,"filename_3d":null,"brand":{"id":406,"name":"Sainte Armure","logo":"logo-sainte-armure.png","image":"https:\/\/media.th4.com\/zq1OFItxFD45EkbeIHIObdicpSjPHyjJo-XT4HccEJo\/pr:brand70x70\/aHR0cDovL21lZGlhMi5kZXNpZ25wYXJ0bmVyLmZyL2MvbS9sb2dvLXNhaW50ZS1hcm11cmUucG5n?v=1729671526"},"price_infos":{"price_from":14.92,"quantity":1,"color":{"id":25165,"name":"noir\/gris_perle"},"size":{"id":1695,"name":"41\/46"}},"price_infos_marking":{"price_from":0,"quantity":0,"size":{"id":0,"name":""},"color":{"id":0,"name":""},"marking":{"id":0,"name":""},"emplacement":"","surface":"","surface_emplacement_id":0},"i18n":{"blank":{"title":{"fr":"Maurice Chaussettes homme bicolores SAINTE ARMURE 600","en":"Maurice Chaussettes homme bicolores SAINTE ARMURE 600","de":"Maurice Chaussettes homme bicolores SAINTE ARMURE 600","nl":"Maurice Chaussettes homme bicolores SAINTE ARMURE 600","es":"Maurice Chaussettes homme bicolores SAINTE ARMURE 600","it":"Maurice Chaussettes homme bicolores SAINTE ARMURE 600","sv":"Maurice Chaussettes homme bicolores SAINTE ARMURE 600","pt":"Maurice Chaussettes homme bicolores SAINTE ARMURE 600","da":"Maurice Chaussettes homme bicolores SAINTE ARMURE 600","pl":"Maurice Chaussettes homme bicolores SAINTE ARMURE 600"},"description":{"fr":"Les chaussettes homme Maurice sont tricot\u00e9es en maille serr\u00e9e sur m\u00e9tier rectiligne. La finition sans couture limite les sur\u00e9paisseurs au niveau des orteils, pour un port\u00e9 plus fluide.\n\nLe mod\u00e8le se d\u00e9cline en version bicolore, avec pointe et talon contrast\u00e9s de fa\u00e7on discr\u00e8te. La taille 41\/46 couvre une plage \u00e9tendue, avec huit coloris pens\u00e9s pour un usage quotidien.\n\nPour la taille, il est possible de se baser sur sa pointure habituelle ; en cas d\u2019entre-deux, l\u2019ajustement peut varier selon le rendu attendu (plus pr\u00e8s du pied ou plus souple). \n\nCaract\u00e9ristiques techniques : \n- Composition : 87% coton bio 11% polyamide 2% elasthanne\n- Type : chaussettes homme\n- Taille : 41\/46\n- Tricotage int\u00e9gral sur m\u00e9tier rectiligne\n- Maille serr\u00e9e en double fil\n- Finition sans couture\n- Mod\u00e8le bicolore\n- Pointe et talon contrast\u00e9s discrets\n- Coloris : 8 variantes\n- Saison d\u2019usage : mi-saison, hiver\n- Origine : France (Vire, Normandie)","en":"Maurice men's socks are knitted in a tight, flat knit. The seamless finish limits extra thickness at the toes, for a more fluid Porter.\n\nThe model is available in a two-tone version, with discreet contrasting toe and heel. Size 41\/46 covers a wide range, with eight colors designed for everyday wear.\n\nSizing is based on the wearer's usual shoe size; in-between sizes can be adjusted according to the desired fit (closer to the foot or softer). \n\nTECHNIQUE : \n- Composition: 87% organic cotton 11% polyamide 2% elastane\n- Type: men's socks\n- Sizes: 41\/46\n- Fully knitted on flat loom\n- Tight double-thread knit\n- Seamless finish\n- Two-tone design\n- Discreet contrasting toe and heel\n- Colors: 8 variations\n- Season: mid-season, winter\n- Origin: France (Vire, Normandy)","de":"Die Herrensocken Maurice werden auf einer Flachstrickmaschine engmaschig gestrickt. Die nahtlose Verarbeitung sorgt daf\u00fcr, dass der Zehenbereich nicht zu dick wird und das Tragegef\u00fchl flie\u00dfender ist.\n\nDas Modell ist in einer zweifarbigen Version erh\u00e4ltlich, bei der die Spitze und die Ferse dezent abgesetzt sind. Die Gr\u00f6\u00dfe 41\/46 deckt einen breiten Bereich ab, mit acht Farben, die f\u00fcr den t\u00e4glichen Gebrauch gedacht sind.\n\nBei der Wahl der Gr\u00f6\u00dfe k\u00f6nnen Sie sich an Ihrer normalen Schuhgr\u00f6\u00dfe orientieren. Wenn Sie zwischen diesen Gr\u00f6\u00dfen w\u00e4hlen, kann die Passform variieren, je nachdem, ob der Schuh enger oder weicher sein soll. \n\nTechnische Daten : \n- Zusammensetzung: 87% Bio-Baumwolle 11% Polyamid 2% Elasthan\n- Typ: Herrensocken\n- Gr\u00f6\u00dfe: 41\/46\n- Vollstrick auf einer Flachstrickmaschine gestrickt\n- Enge Maschen aus doppeltem Faden\n- Nahtlose Verarbeitung\n- Zweifarbiges Modell\n- Dezente kontrastierende Pointer und Ferse\n- Farben: 8 Varianten\n- Nutzungssaison: Zwischensaison, Winter\n- Herkunft: Frankreich (Vire, Normandie)","nl":"De herensokken van Maurice hebben een strak, plat breisel. De sans afwerking beperkt extra dikte rond de tenen, voor een gladdere pasvorm.\n\nHet model is verkrijgbaar in een tweekleurige versie, met discreet contrasterende teen en hiel. Maat 41\/46 bestrijkt een breed assortiment, met acht kleuren die ontworpen zijn om elke dag te dragen.\n\nAls je tussen twee maten in zit, kan de pasvorm vari\u00ebren, afhankelijk van of je een nauwere of zachtere pasvorm wilt. \n\nTECHNIQUE: \n- Samenstelling: 87% organisch katoen 11% polyamide 2% elastaan\n- Type: herensokken\n- Maat: 41\/46\n- Volledig gebreid op vlakbreimachine\n- Dicht dubbeldraads breisel\n- Naadloze afwerking\n- Tweekleurig ontwerp\n- Onopvallende contrasterende teen en hiel\n- Kleuren: 8 variaties\n- Seizoen: tussenseizoen, winter\n- Herkomst: Frankrijk (Vire, Normandi\u00eb)","es":"Los calcetines Maurice para hombre est\u00e1n tejidos en un punto tupido y plano. El acabado sans costuras limita el grosor extra alrededor de los dedos, para un ajuste m\u00e1s suave.\n\nEl modelo est\u00e1 disponible en versi\u00f3n bicolor, con un discreto contraste en la puntera y el tal\u00f3n. La talla 41\/46 cubre una amplia gama, con ocho colores pensados para el uso diario.\n\nPara el tallaje, puede utilizar su n\u00famero de calzado habitual como gu\u00eda; si se encuentra entre dos tallas, el ajuste puede variar en funci\u00f3n de si desea un ajuste m\u00e1s ce\u00f1ido o m\u00e1s suave. \n\nESPECIFICACIONES T\u00c9CNICAS: \n- Composici\u00f3n: 87% algod\u00f3n org\u00e1nico 11% poliamida 2% elast\u00e1n\n- Tipo: calcetines de hombre\n- Talla: 41\/46\n- Totalmente tejidos en m\u00e1quina plana\n- Punto tupido de doble hebra\n- Acabado sin costuras\n- Dise\u00f1o bicolor\n- Puntera y tal\u00f3n en discreto contraste\n- Colores: 8 variaciones\n- Temporada: entretiempo, invierno\n- Origen: Francia (Vire, Normand\u00eda)","it":"I calzini Maurice da uomo sono lavorati a maglia stretta e piatta. La finitura sans-capitale limita lo spessore extra intorno alle dita dei piedi, per una maggiore porter.\n\nIl modello \u00e8 disponibile in versione bicolore, con punta e tallone a contrasto. La taglia 41\/46 copre un'ampia gamma, con otto colori pensati per l'uso quotidiano.\n\nPer le dimensioni, potete usare il vostro numero di scarpe abituale come guida; se siete tra i due numeri, la calzata pu\u00f2 variare a seconda che desideriate una calzata pi\u00f9 stretta o pi\u00f9 morbida. \n\nSpecifiche tecniche: \n- Composizione: 87% cotone organico 11% poliammide 2% elastan\n- Tipo: calze da uomo\n- Taglia: 41\/46\n- Completamente lavorato a maglia su macchina per maglieria piana\n- Maglia stretta a doppio filo\n- Finitura senza cuciture\n- Design bicolore\n- Punta e tallone a contrasto discreto\n- Colori: 8 varianti\n- Stagione: mezza stagione, inverno\n- Origine: Francia (Vire, Normandia)","sv":"Maurice herrstrumpor \u00e4r stickade i en t\u00e4t, sl\u00e4tstickad modell. Den utan utan begr\u00e4nsar extra tjocklek runt t\u00e5rna, f\u00f6r en smidigare port.\n\nModellen finns i en tv\u00e5f\u00e4rgad version, med diskret kontrasterande t\u00e5 och h\u00e4l. Storlek 41\/46 t\u00e4cker ett brett sortiment med \u00e5tta f\u00e4rger som \u00e4r designade f\u00f6r vardagsbruk.\n\nN\u00e4r det g\u00e4ller storlek kan du anv\u00e4nda din vanliga skostorlek som v\u00e4gledning; om du \u00e4r mellan tv\u00e5 storlekar kan passformen variera beroende p\u00e5 om du vill ha en n\u00e4rmare passform eller en mjukare. \n\nTekniska specifikationer: \n- Sammans\u00e4ttning: 87% ekologisk bomull 11% polyamid 2% elastan\n- Typ: herrstrumpor\n- Storlek: 41\/46\n- Fullst\u00e4ndigt stickad p\u00e5 flat stickmaskin\n- T\u00e4t dubbeltr\u00e5dsstickning\n- S\u00f6ml\u00f6s finish\n- Tv\u00e5f\u00e4rgad design\n- Diskret kontrasterande Pointer och h\u00e4l\n- F\u00e4rger: 8 varianter\n- S\u00e4song: mellans\u00e4song, vinter\n- Ursprung : Frankrike (Vire, Normandie)","pt":"As meias Maurice para homem s\u00e3o tricotadas numa malha apertada e plana. O acabamento sans limita a espessura extra \u00e0 volta dos dedos dos p\u00e9s, para um Porter mais suave.\n\nO modelo est\u00e1 dispon\u00edvel numa vers\u00e3o bicolor, com um discreto contraste na biqueira e no calcanhar. O tamanho 41\/46 cobre uma vasta gama, com oito cores concebidas para o uso quotidiano.\n\nPara o tamanho, pode utilizar o seu tamanho de sapato habitual como guia; se estiver entre tamanhos, o ajuste pode variar consoante pretenda um ajuste mais apertado ou mais suave. \n\nEspecifica\u00e7\u00f5es t\u00e9cnicas: \n- Composi\u00e7\u00e3o: 87% algod\u00e3o org\u00e2nico 11% poliamida 2% elastano\n- Tipo: meias de homem\n- Tamanho: 41\/46\n- Totalmente tricotadas em m\u00e1quina de tricotar plana\n- Malha apertada de fio duplo\n- Acabamento sem costuras\n- Design bicolor\n- Pointer e calcanhar em contraste discreto\n- Cores: 8 varia\u00e7\u00f5es\n- Esta\u00e7\u00e3o: meia esta\u00e7\u00e3o, inverno\n- Origem : Fran\u00e7a (Vire, Normandia)","da":"Maurice - Chaussettes homme er strikket i en t\u00e6t, flad strik. Den s\u00f8ml\u00f8se finish begr\u00e6nser ekstra tykkelse omkring t\u00e6erne for at give en mere j\u00e6vn pasform.\n\nModellen f\u00e5s i en tofarvet version med diskret kontrast p\u00e5 t\u00e5 og h\u00e6l. St\u00f8rrelse 41\/46 d\u00e6kker et bredt omr\u00e5de med otte farver, der er designet til hverdagsbrug.\n\nDu kan bruge din s\u00e6dvanlige skost\u00f8rrelse som rettesnor; hvis du er mellem to st\u00f8rrelser, kan pasformen variere, afh\u00e6ngigt af om du \u00f8nsker en t\u00e6ttere eller bl\u00f8dere pasform. \n\nTekniske specifikationer: \n- Sammens\u00e6tning: 87% \u00f8kologisk bomuld 11% polyamid 2% elastan\n- Type: herrestr\u00f8mper\n- St\u00f8rrelse: 41\/46\n- Fuldt strikket p\u00e5 fladstrikkemaskine\n- T\u00e6t dobbelttr\u00e5dsstrik\n- S\u00f8ml\u00f8s finish\n- To-tonet design\n- Diskret kontrast p\u00e5 pointer og h\u00e6l\n- Farver: 8 variationer\n- S\u00e6son: mellems\u00e6son, vinter\n- Origine: Frankrig (Vire, Normandiet)","pl":"Skarpety m\u0119skie Maurice s\u0105 wykonane z ciasnej, p\u0142askiej dzianiny. Bezszwowe wyko\u0144czenie ogranicza dodatkow\u0105 grubo\u015b\u0107 wok\u00f3\u0142 palc\u00f3w, zapewniaj\u0105c g\u0142adszy Porter.\n\nModel dost\u0119pny jest w wersji dwukolorowej, z dyskretnym kontrastem na palcach i pi\u0119cie. Rozmiar 41\/46 obejmuje szeroki zakres, z o\u015bmioma kolorami zaprojektowanymi do codziennego noszenia.\n\nJe\u015bli chodzi o rozmiar, mo\u017cesz u\u017cy\u0107 swojego zwyk\u0142ego rozmiaru buta jako przewodnika; je\u015bli jeste\u015b pomi\u0119dzy rozmiarami, dopasowanie mo\u017ce si\u0119 r\u00f3\u017cni\u0107 w zale\u017cno\u015bci od tego, czy chcesz \u015bci\u015blejszego, czy bardziej mi\u0119kkiego dopasowania. \n\nDane techniczne: \n- Sk\u0142ad: 87% bawe\u0142na organiczna 11% poliamid 2% elastan\n- Typ: skarpety m\u0119skie\n- Rozmiar: 41\/46\n- W ca\u0142o\u015bci dziane na p\u0142askiej maszynie dziewiarskiej\n- Ciasna dzianina z podw\u00f3jn\u0105 nitk\u0105\n- Bezszwowe wyko\u0144czenie\n- Dwukolorowy wz\u00f3r\n- Dyskretny kontrastowy Pointer i pi\u0119ta\n- Kolory: 8 wariant\u00f3w\n- Sezon: \u015brodek sezonu, zima\n- Pochodzenie: Francja (Vire, Normandia)"},"h1":{"fr":"Maurice chaussettes homme 600","en":"Maurice chaussettes homme 600","de":"Maurice Herrensocken 600","nl":"Maurice chaussettes homme 600","es":"Maurice chaussettes homme 600","it":"Maurice chaussettes homme 600","sv":"Maurice chaussettes homme 600","pt":"Maurice chaussettes homme 600","da":"Maurice chaussettes homme 600","pl":"Maurice chaussettes homme 600"},"meta_description":{"fr":"Chaussettes homme en maille serr\u00e9e, sans couture, bicolores avec pointe et talon contrast\u00e9s. Taille 41\/46, huit coloris pour le quotidien.","en":"Two-tone, seamless, tightly knit men's socks with contrasting toe and heel. Size 41\/46, eight colors for everyday wear.","de":"Nahtlose, engmaschige, zweifarbige Herrensocken mit kontrastierender Spitze und Ferse. Gr\u00f6\u00dfe 41\/46, acht Farben f\u00fcr den Alltag.","nl":"Tweekleurige, sans, strakgebreide herensokken met contrasterende teen en hiel. Maat 41\/46, acht kleuren voor dagelijks gebruik.","es":"Calcetines de hombre bicolor, sin costuras, de punto apretado, con puntera y tal\u00f3n en contraste. Talla 41\/46, ocho colores para llevar a diario.","it":"Calze da uomo bicolore a maglia stretta e senza cuciture con punta e tallone a contrasto. Taglia 41\/46, otto colori per l'uso quotidiano.","sv":"Tv\u00e5f\u00e4rgade, sans- och t\u00e4tstrimmiga herrstrumpor med kontrasterande Pointer och h\u00e4l. Storlek 41\/46, \u00e5tta f\u00e4rger f\u00f6r vardagsbruk.","pt":"Meias de homem bicolores, sans, de malha apertada, com ponteira e calcanhar em contraste. Tamanho 41\/46, oito cores para usar no dia a dia.","da":"Tofarvede, s\u00f8ml\u00f8se, t\u00e6tstrikkede herrestr\u00f8mper med kontrastfarvet pointer og h\u00e6l. St\u00f8rrelse 41\/46, otte farver til hverdagsbrug.","pl":"Dwukolorowe, bezszwowe skarpety m\u0119skie z kontrastuj\u0105cym Pointerem. Rozmiar 41\/46, osiem kolor\u00f3w do noszenia na co dzie\u0144."}},"custom":{"title":{"fr":null,"en":null,"de":null,"nl":null,"es":null,"it":null,"sv":null,"pt":null,"da":null,"pl":null},"description":{"fr":null,"en":null,"de":null,"nl":null,"es":null,"it":null,"sv":null,"pt":null,"da":null,"pl":null},"h1":{"fr":null,"en":null,"de":null,"nl":null,"es":null,"it":null,"sv":null,"pt":null,"da":null,"pl":null},"meta_description":{"fr":null,"en":null,"de":null,"nl":null,"es":null,"it":null,"sv":null,"pt":null,"da":null,"pl":null}}},"categories":[{"id":321,"name":"Chaussettes","singular":"Chaussette","is_feminin":false},{"id":500,"name":"Sous-v\u00eatements et pyjamas","singular":"Sous-v\u00eatement et pyjama","is_feminin":false},{"id":354,"name":"Textile","singular":"Textile","is_feminin":false}],"certifications":[],"videos":{"fr":[],"en":[],"de":[],"nl":[],"es":[],"it":[],"sv":[],"pt":[],"da":[],"pl":[]},"main_images":{"miniature":"https:\/\/media.th4.com\/4j-XqhFeC0byxEiJTgWXgKcR_MnNhm09DsGey0BHcK8\/pr:80\/aHR0cDovL21lZGlhMi5kZXNpZ25wYXJ0bmVyLmZyL2MvcC1ibGFuay1USC8yMTg1NS53ZWJw?v=1771940392","medium":"https:\/\/media.th4.com\/ViPTji5PIBhyi2mQhBSR6sJf7sPmgL24Bp9HPpjlJUs\/pr:550x550greybg\/aHR0cDovL21lZGlhMi5kZXNpZ25wYXJ0bmVyLmZyL2MvcC1ibGFuay1USC8yMTg1NS53ZWJw?v=1771940392","medium_large":"https:\/\/media.th4.com\/q1ndRzo5B2UsNy_cZTjahmv3kFM-OFa8UnNboiCh_q8\/pr:1000x1000greybg\/aHR0cDovL21lZGlhMi5kZXNpZ25wYXJ0bmVyLmZyL2MvcC1ibGFuay1USC8yMTg1NS53ZWJw?v=1771940392","large":"https:\/\/media.th4.com\/-EdIbdobnKZlSM0YYa14RNJUxeUbRJCBN6Dr1me7GBE\/pr:1920greybg\/aHR0cDovL21lZGlhMi5kZXNpZ25wYXJ0bmVyLmZyL2MvcC1ibGFuay1USC8yMTg1NS53ZWJw?v=1771940392","opengraph":"https:\/\/media.th4.com\/DrCLZGTEbVtgrB8VuM8azPrWUFg-v1tAO9P8bX3dVE4\/pr:1200x630greybg\/aHR0cDovL21lZGlhMi5kZXNpZ25wYXJ0bmVyLmZyL2MvcC1ibGFuay1USC8yMTg1NS53ZWJw?v=1771940392"},"main_images_customization":{"miniature":"https:\/\/media.th4.com\/4j-XqhFeC0byxEiJTgWXgKcR_MnNhm09DsGey0BHcK8\/pr:80\/aHR0cDovL21lZGlhMi5kZXNpZ25wYXJ0bmVyLmZyL2MvcC1ibGFuay1USC8yMTg1NS53ZWJw?v=1771940392","medium":"https:\/\/media.th4.com\/ViPTji5PIBhyi2mQhBSR6sJf7sPmgL24Bp9HPpjlJUs\/pr:550x550greybg\/aHR0cDovL21lZGlhMi5kZXNpZ25wYXJ0bmVyLmZyL2MvcC1ibGFuay1USC8yMTg1NS53ZWJw?v=1771940392","medium_large":"https:\/\/media.th4.com\/q1ndRzo5B2UsNy_cZTjahmv3kFM-OFa8UnNboiCh_q8\/pr:1000x1000greybg\/aHR0cDovL21lZGlhMi5kZXNpZ25wYXJ0bmVyLmZyL2MvcC1ibGFuay1USC8yMTg1NS53ZWJw?v=1771940392","large":"https:\/\/media.th4.com\/-EdIbdobnKZlSM0YYa14RNJUxeUbRJCBN6Dr1me7GBE\/pr:1920greybg\/aHR0cDovL21lZGlhMi5kZXNpZ25wYXJ0bmVyLmZyL2MvcC1ibGFuay1USC8yMTg1NS53ZWJw?v=1771940392","opengraph":"https:\/\/media.th4.com\/DrCLZGTEbVtgrB8VuM8azPrWUFg-v1tAO9P8bX3dVE4\/pr:1200x630greybg\/aHR0cDovL21lZGlhMi5kZXNpZ25wYXJ0bmVyLmZyL2MvcC1ibGFuay1USC8yMTg1NS53ZWJw?v=1771940392"},"page_links":{"fr":"\/fr\/p-sa-600-maurice-chaussettes-homme-600-21855\/","en":"\/en\/p-sa-600-maurice-chaussettes-homme-600-21855\/","de":"\/de\/p-sa-600-maurice-herrensocken-600-21855\/","nl":"\/nl\/p-sa-600-maurice-chaussettes-homme-600-21855\/","es":"\/es\/p-sa-600-maurice-chaussettes-homme-600-21855\/","it":"\/it\/p-sa-600-maurice-chaussettes-homme-600-21855\/","sv":"\/sv\/p-sa-600-maurice-chaussettes-homme-600-21855\/","pt":"\/pt\/p-sa-600-maurice-chaussettes-homme-600-21855\/","da":"\/da\/p-sa-600-maurice-chaussettes-homme-600-21855\/","pl":"\/pl\/p-sa-600-maurice-chaussettes-homme-600-21855\/"},"page_links_customization":{"fr":"\/fr\/p-sa-600-maurice-chaussettes-mixtes-21855\/custom\/","en":"\/en\/p-sa-600-maurice-chaussettes-mixtes-21855\/custom\/","de":"\/de\/p-sa-600-maurice-chaussettes-mixtes-21855\/custom\/","nl":"\/nl\/p-sa-600-maurice-chaussettes-mixtes-21855\/custom\/","es":"\/es\/p-sa-600-maurice-chaussettes-mixtes-21855\/custom\/","it":"\/it\/p-sa-600-maurice-chaussettes-mixtes-21855\/custom\/","sv":"\/sv\/p-sa-600-maurice-chaussettes-mixtes-21855\/custom\/","pt":"\/pt\/p-sa-600-maurice-chaussettes-mixtes-21855\/custom\/","da":"\/da\/p-sa-600-maurice-chaussettes-mixtes-21855\/custom\/","pl":"\/pl\/p-sa-600-maurice-chaussettes-mixtes-21855\/custom\/"},"equivalent_products":[],"colors":[{"id":25158,"name":"lin\/rose_pastel","class_ids":[8,7],"codes_hexa":["f4ecda","ffd2cb"],"delai_24":false,"has_3d":false,"seuil_global":0,"stock_local":0,"stock_global":990,"on_standby":false,"in_catalog":true,"images":{"miniature":["https:\/\/media.th4.com\/Y-U2ECrAT1EdhgcH-g-3zJpf5VUusUBKEkt6Be-Ld0c\/pr:80\/aHR0cDovL21lZGlhMi5kZXNpZ25wYXJ0bmVyLmZyL2MvcC8yMTg1NS8yMTg1NS0yNTE1OC0xLndlYnA?v=1771940315"],"medium":["https:\/\/media.th4.com\/-eJatLmpn0Zh5IWviZCQ8V5tvJKq39bpdkookPkLuFI\/pr:550x550\/aHR0cDovL21lZGlhMi5kZXNpZ25wYXJ0bmVyLmZyL2MvcC8yMTg1NS8yMTg1NS0yNTE1OC0xLndlYnA?v=1771940315"],"medium_large":["https:\/\/media.th4.com\/qOPvs_T9_OVZhsagpe3zbdfHFpoO8GkLbijodLH5X8M\/pr:1000x1000\/aHR0cDovL21lZGlhMi5kZXNpZ25wYXJ0bmVyLmZyL2MvcC8yMTg1NS8yMTg1NS0yNTE1OC0xLndlYnA?v=1771940315"],"large":["https:\/\/media.th4.com\/r-8X0UQjDa6OZmLYbIGwz8-HjN5U1C5haTXjkWpfuVw\/pr:1920\/aHR0cDovL21lZGlhMi5kZXNpZ25wYXJ0bmVyLmZyL2MvcC8yMTg1NS8yMTg1NS0yNTE1OC0xLndlYnA?v=1771940315"],"opengraph":["https:\/\/media.th4.com\/DBaqslSvRH0oHuL0OeBXuTgmEqToL44GL5UfUu8Trmo\/pr:1200x630\/aHR0cDovL21lZGlhMi5kZXNpZ25wYXJ0bmVyLmZyL2MvcC8yMTg1NS8yMTg1NS0yNTE1OC0xLndlYnA?v=1771940315"]},"images_customization":{"miniature":["https:\/\/media.th4.com\/Y-U2ECrAT1EdhgcH-g-3zJpf5VUusUBKEkt6Be-Ld0c\/pr:80\/aHR0cDovL21lZGlhMi5kZXNpZ25wYXJ0bmVyLmZyL2MvcC8yMTg1NS8yMTg1NS0yNTE1OC0xLndlYnA?v=1771940315"],"medium":["https:\/\/media.th4.com\/-eJatLmpn0Zh5IWviZCQ8V5tvJKq39bpdkookPkLuFI\/pr:550x550\/aHR0cDovL21lZGlhMi5kZXNpZ25wYXJ0bmVyLmZyL2MvcC8yMTg1NS8yMTg1NS0yNTE1OC0xLndlYnA?v=1771940315"],"medium_large":["https:\/\/media.th4.com\/qOPvs_T9_OVZhsagpe3zbdfHFpoO8GkLbijodLH5X8M\/pr:1000x1000\/aHR0cDovL21lZGlhMi5kZXNpZ25wYXJ0bmVyLmZyL2MvcC8yMTg1NS8yMTg1NS0yNTE1OC0xLndlYnA?v=1771940315"],"large":["https:\/\/media.th4.com\/r-8X0UQjDa6OZmLYbIGwz8-HjN5U1C5haTXjkWpfuVw\/pr:1920\/aHR0cDovL21lZGlhMi5kZXNpZ25wYXJ0bmVyLmZyL2MvcC8yMTg1NS8yMTg1NS0yNTE1OC0xLndlYnA?v=1771940315"],"opengraph":["https:\/\/media.th4.com\/DBaqslSvRH0oHuL0OeBXuTgmEqToL44GL5UfUu8Trmo\/pr:1200x630\/aHR0cDovL21lZGlhMi5kZXNpZ25wYXJ0bmVyLmZyL2MvcC8yMTg1NS8yMTg1NS0yNTE1OC0xLndlYnA?v=1771940315"]},"country_origin":"FR","traceability":{"manufacturing_country_id":1,"weaving_country_id":1,"dyeing_country_id":98},"sizes":[{"id":1695,"article_id":539065,"class_id":0,"name":"41\/46","on_standby":false,"stock_local":0,"stock_global":495,"multiple":1,"estimated_date_reassort":null,"is_destocking":false},{"id":1888,"article_id":545664,"class_id":0,"name":"36\/41","on_standby":false,"stock_local":0,"stock_global":495,"multiple":1,"estimated_date_reassort":null,"is_destocking":false}],"page_links":{"fr":"\/fr\/p-sa-600-maurice-chaussettes-homme-600-21855\/lin-rose-pastel-25158\/","en":"\/en\/p-sa-600-maurice-chaussettes-homme-600-21855\/lin-rose-pastel-25158\/","de":"\/de\/p-sa-600-maurice-herrensocken-600-21855\/lin-rose-pastel-25158\/","nl":"\/nl\/p-sa-600-maurice-chaussettes-homme-600-21855\/lin-rose-pastel-25158\/","es":"\/es\/p-sa-600-maurice-chaussettes-homme-600-21855\/lin-rose-pastel-25158\/","it":"\/it\/p-sa-600-maurice-chaussettes-homme-600-21855\/lin-rose-pastel-25158\/","sv":"\/sv\/p-sa-600-maurice-chaussettes-homme-600-21855\/lin-rose-pastel-25158\/","pt":"\/pt\/p-sa-600-maurice-chaussettes-homme-600-21855\/lin-rose-pastel-25158\/","da":"\/da\/p-sa-600-maurice-chaussettes-homme-600-21855\/lin-rose-pastel-25158\/","pl":"\/pl\/p-sa-600-maurice-chaussettes-homme-600-21855\/lin-rose-pastel-25158\/"},"page_links_customization":{"fr":"\/fr\/p-sa-600-maurice-chaussettes-mixtes-21855\/lin-rose-pastel-25158\/custom\/","en":"\/en\/p-sa-600-maurice-chaussettes-mixtes-21855\/lin-rose-pastel-25158\/custom\/","de":"\/de\/p-sa-600-maurice-chaussettes-mixtes-21855\/lin-rose-pastel-25158\/custom\/","nl":"\/nl\/p-sa-600-maurice-chaussettes-mixtes-21855\/lin-rose-pastel-25158\/custom\/","es":"\/es\/p-sa-600-maurice-chaussettes-mixtes-21855\/lin-rose-pastel-25158\/custom\/","it":"\/it\/p-sa-600-maurice-chaussettes-mixtes-21855\/lin-rose-pastel-25158\/custom\/","sv":"\/sv\/p-sa-600-maurice-chaussettes-mixtes-21855\/lin-rose-pastel-25158\/custom\/","pt":"\/pt\/p-sa-600-maurice-chaussettes-mixtes-21855\/lin-rose-pastel-25158\/custom\/","da":"\/da\/p-sa-600-maurice-chaussettes-mixtes-21855\/lin-rose-pastel-25158\/custom\/","pl":"\/pl\/p-sa-600-maurice-chaussettes-mixtes-21855\/lin-rose-pastel-25158\/custom\/"}},{"id":25159,"name":"gris_perle\/bleu_nuit","class_ids":[3,2],"codes_hexa":["d9d5d2","3c456d"],"delai_24":false,"has_3d":false,"seuil_global":0,"stock_local":0,"stock_global":990,"on_standby":false,"in_catalog":true,"images":{"miniature":["https:\/\/media.th4.com\/4ohsaAE2wzlocLKpf3mJCFdR2fqAhz-cSavceqbaXlY\/pr:80\/aHR0cDovL21lZGlhMi5kZXNpZ25wYXJ0bmVyLmZyL2MvcC8yMTg1NS8yMTg1NS0yNTE1OS0xLndlYnA?v=1771940315"],"medium":["https:\/\/media.th4.com\/QExdPS95STq3-4Fodj8PqIz1bhxgmmqvYgX4IqhQZ68\/pr:550x550\/aHR0cDovL21lZGlhMi5kZXNpZ25wYXJ0bmVyLmZyL2MvcC8yMTg1NS8yMTg1NS0yNTE1OS0xLndlYnA?v=1771940315"],"medium_large":["https:\/\/media.th4.com\/SNhv83vGFI5khcuGU3S_Edv8f9M7Nzbee-86bgNfPZI\/pr:1000x1000\/aHR0cDovL21lZGlhMi5kZXNpZ25wYXJ0bmVyLmZyL2MvcC8yMTg1NS8yMTg1NS0yNTE1OS0xLndlYnA?v=1771940315"],"large":["https:\/\/media.th4.com\/YjqJ47_G8nqHX7Sv4ZSw3Gg06tngiVP9FZ1nHNRdx_I\/pr:1920\/aHR0cDovL21lZGlhMi5kZXNpZ25wYXJ0bmVyLmZyL2MvcC8yMTg1NS8yMTg1NS0yNTE1OS0xLndlYnA?v=1771940315"],"opengraph":["https:\/\/media.th4.com\/3R2ouLO_AGJhKYfpa27PDLVA9NdXRi4qBnGcYE54r8E\/pr:1200x630\/aHR0cDovL21lZGlhMi5kZXNpZ25wYXJ0bmVyLmZyL2MvcC8yMTg1NS8yMTg1NS0yNTE1OS0xLndlYnA?v=1771940315"]},"images_customization":{"miniature":["https:\/\/media.th4.com\/4ohsaAE2wzlocLKpf3mJCFdR2fqAhz-cSavceqbaXlY\/pr:80\/aHR0cDovL21lZGlhMi5kZXNpZ25wYXJ0bmVyLmZyL2MvcC8yMTg1NS8yMTg1NS0yNTE1OS0xLndlYnA?v=1771940315"],"medium":["https:\/\/media.th4.com\/QExdPS95STq3-4Fodj8PqIz1bhxgmmqvYgX4IqhQZ68\/pr:550x550\/aHR0cDovL21lZGlhMi5kZXNpZ25wYXJ0bmVyLmZyL2MvcC8yMTg1NS8yMTg1NS0yNTE1OS0xLndlYnA?v=1771940315"],"medium_large":["https:\/\/media.th4.com\/SNhv83vGFI5khcuGU3S_Edv8f9M7Nzbee-86bgNfPZI\/pr:1000x1000\/aHR0cDovL21lZGlhMi5kZXNpZ25wYXJ0bmVyLmZyL2MvcC8yMTg1NS8yMTg1NS0yNTE1OS0xLndlYnA?v=1771940315"],"large":["https:\/\/media.th4.com\/YjqJ47_G8nqHX7Sv4ZSw3Gg06tngiVP9FZ1nHNRdx_I\/pr:1920\/aHR0cDovL21lZGlhMi5kZXNpZ25wYXJ0bmVyLmZyL2MvcC8yMTg1NS8yMTg1NS0yNTE1OS0xLndlYnA?v=1771940315"],"opengraph":["https:\/\/media.th4.com\/3R2ouLO_AGJhKYfpa27PDLVA9NdXRi4qBnGcYE54r8E\/pr:1200x630\/aHR0cDovL21lZGlhMi5kZXNpZ25wYXJ0bmVyLmZyL2MvcC8yMTg1NS8yMTg1NS0yNTE1OS0xLndlYnA?v=1771940315"]},"country_origin":"FR","traceability":{"manufacturing_country_id":1,"weaving_country_id":1,"dyeing_country_id":98},"sizes":[{"id":1695,"article_id":539066,"class_id":0,"name":"41\/46","on_standby":false,"stock_local":0,"stock_global":495,"multiple":1,"estimated_date_reassort":null,"is_destocking":false},{"id":1888,"article_id":545665,"class_id":0,"name":"36\/41","on_standby":false,"stock_local":0,"stock_global":495,"multiple":1,"estimated_date_reassort":null,"is_destocking":false}],"page_links":{"fr":"\/fr\/p-sa-600-maurice-chaussettes-homme-600-21855\/gris-perle-bleu-nuit-25159\/","en":"\/en\/p-sa-600-maurice-chaussettes-homme-600-21855\/gris-perle-bleu-nuit-25159\/","de":"\/de\/p-sa-600-maurice-herrensocken-600-21855\/gris-perle-bleu-nuit-25159\/","nl":"\/nl\/p-sa-600-maurice-chaussettes-homme-600-21855\/gris-perle-bleu-nuit-25159\/","es":"\/es\/p-sa-600-maurice-chaussettes-homme-600-21855\/gris-perle-bleu-nuit-25159\/","it":"\/it\/p-sa-600-maurice-chaussettes-homme-600-21855\/gris-perle-bleu-nuit-25159\/","sv":"\/sv\/p-sa-600-maurice-chaussettes-homme-600-21855\/gris-perle-bleu-nuit-25159\/","pt":"\/pt\/p-sa-600-maurice-chaussettes-homme-600-21855\/gris-perle-bleu-nuit-25159\/","da":"\/da\/p-sa-600-maurice-chaussettes-homme-600-21855\/gris-perle-bleu-nuit-25159\/","pl":"\/pl\/p-sa-600-maurice-chaussettes-homme-600-21855\/gris-perle-bleu-nuit-25159\/"},"page_links_customization":{"fr":"\/fr\/p-sa-600-maurice-chaussettes-mixtes-21855\/gris-perle-bleu-nuit-25159\/custom\/","en":"\/en\/p-sa-600-maurice-chaussettes-mixtes-21855\/gris-perle-bleu-nuit-25159\/custom\/","de":"\/de\/p-sa-600-maurice-chaussettes-mixtes-21855\/gris-perle-bleu-nuit-25159\/custom\/","nl":"\/nl\/p-sa-600-maurice-chaussettes-mixtes-21855\/gris-perle-bleu-nuit-25159\/custom\/","es":"\/es\/p-sa-600-maurice-chaussettes-mixtes-21855\/gris-perle-bleu-nuit-25159\/custom\/","it":"\/it\/p-sa-600-maurice-chaussettes-mixtes-21855\/gris-perle-bleu-nuit-25159\/custom\/","sv":"\/sv\/p-sa-600-maurice-chaussettes-mixtes-21855\/gris-perle-bleu-nuit-25159\/custom\/","pt":"\/pt\/p-sa-600-maurice-chaussettes-mixtes-21855\/gris-perle-bleu-nuit-25159\/custom\/","da":"\/da\/p-sa-600-maurice-chaussettes-mixtes-21855\/gris-perle-bleu-nuit-25159\/custom\/","pl":"\/pl\/p-sa-600-maurice-chaussettes-mixtes-21855\/gris-perle-bleu-nuit-25159\/custom\/"}},{"id":25160,"name":"vert_prairie\/bleu_nuit","class_ids":[5,2],"codes_hexa":["69a770","3c456d"],"delai_24":false,"has_3d":false,"seuil_global":0,"stock_local":0,"stock_global":990,"on_standby":false,"in_catalog":true,"images":{"miniature":["https:\/\/media.th4.com\/RPS8RXt2slcDBlOmo-fri7A1Nj5hyK6fIIm6JDxPaKg\/pr:80\/aHR0cDovL21lZGlhMi5kZXNpZ25wYXJ0bmVyLmZyL2MvcC8yMTg1NS8yMTg1NS0yNTE2MC0xLndlYnA?v=1771940317"],"medium":["https:\/\/media.th4.com\/KbRv3T0nuqpbdN25P4dwbCx-JrT1RaPPH-UM3sLrFQU\/pr:550x550\/aHR0cDovL21lZGlhMi5kZXNpZ25wYXJ0bmVyLmZyL2MvcC8yMTg1NS8yMTg1NS0yNTE2MC0xLndlYnA?v=1771940317"],"medium_large":["https:\/\/media.th4.com\/qFOroKFBWSTNPbzNlzpMyOlISAUECaXs5PNYTh4qfOc\/pr:1000x1000\/aHR0cDovL21lZGlhMi5kZXNpZ25wYXJ0bmVyLmZyL2MvcC8yMTg1NS8yMTg1NS0yNTE2MC0xLndlYnA?v=1771940317"],"large":["https:\/\/media.th4.com\/DQUFQYr9QTkNTD1i-M0qSmvk5Dw5_iQP0s4mvjhJVW8\/pr:1920\/aHR0cDovL21lZGlhMi5kZXNpZ25wYXJ0bmVyLmZyL2MvcC8yMTg1NS8yMTg1NS0yNTE2MC0xLndlYnA?v=1771940317"],"opengraph":["https:\/\/media.th4.com\/7xfjFLsDdeh5-xZ95L0RcfsZBBnaRazAQpU4IIhD2Bc\/pr:1200x630\/aHR0cDovL21lZGlhMi5kZXNpZ25wYXJ0bmVyLmZyL2MvcC8yMTg1NS8yMTg1NS0yNTE2MC0xLndlYnA?v=1771940317"]},"images_customization":{"miniature":["https:\/\/media.th4.com\/RPS8RXt2slcDBlOmo-fri7A1Nj5hyK6fIIm6JDxPaKg\/pr:80\/aHR0cDovL21lZGlhMi5kZXNpZ25wYXJ0bmVyLmZyL2MvcC8yMTg1NS8yMTg1NS0yNTE2MC0xLndlYnA?v=1771940317"],"medium":["https:\/\/media.th4.com\/KbRv3T0nuqpbdN25P4dwbCx-JrT1RaPPH-UM3sLrFQU\/pr:550x550\/aHR0cDovL21lZGlhMi5kZXNpZ25wYXJ0bmVyLmZyL2MvcC8yMTg1NS8yMTg1NS0yNTE2MC0xLndlYnA?v=1771940317"],"medium_large":["https:\/\/media.th4.com\/qFOroKFBWSTNPbzNlzpMyOlISAUECaXs5PNYTh4qfOc\/pr:1000x1000\/aHR0cDovL21lZGlhMi5kZXNpZ25wYXJ0bmVyLmZyL2MvcC8yMTg1NS8yMTg1NS0yNTE2MC0xLndlYnA?v=1771940317"],"large":["https:\/\/media.th4.com\/DQUFQYr9QTkNTD1i-M0qSmvk5Dw5_iQP0s4mvjhJVW8\/pr:1920\/aHR0cDovL21lZGlhMi5kZXNpZ25wYXJ0bmVyLmZyL2MvcC8yMTg1NS8yMTg1NS0yNTE2MC0xLndlYnA?v=1771940317"],"opengraph":["https:\/\/media.th4.com\/7xfjFLsDdeh5-xZ95L0RcfsZBBnaRazAQpU4IIhD2Bc\/pr:1200x630\/aHR0cDovL21lZGlhMi5kZXNpZ25wYXJ0bmVyLmZyL2MvcC8yMTg1NS8yMTg1NS0yNTE2MC0xLndlYnA?v=1771940317"]},"country_origin":"FR","traceability":{"manufacturing_country_id":1,"weaving_country_id":1,"dyeing_country_id":98},"sizes":[{"id":1695,"article_id":539067,"class_id":0,"name":"41\/46","on_standby":false,"stock_local":0,"stock_global":495,"multiple":1,"estimated_date_reassort":null,"is_destocking":false},{"id":1888,"article_id":545666,"class_id":0,"name":"36\/41","on_standby":false,"stock_local":0,"stock_global":495,"multiple":1,"estimated_date_reassort":null,"is_destocking":false}],"page_links":{"fr":"\/fr\/p-sa-600-maurice-chaussettes-homme-600-21855\/vert-prairie-bleu-nuit-25160\/","en":"\/en\/p-sa-600-maurice-chaussettes-homme-600-21855\/vert-prairie-bleu-nuit-25160\/","de":"\/de\/p-sa-600-maurice-herrensocken-600-21855\/vert-prairie-bleu-nuit-25160\/","nl":"\/nl\/p-sa-600-maurice-chaussettes-homme-600-21855\/vert-prairie-bleu-nuit-25160\/","es":"\/es\/p-sa-600-maurice-chaussettes-homme-600-21855\/vert-prairie-bleu-nuit-25160\/","it":"\/it\/p-sa-600-maurice-chaussettes-homme-600-21855\/vert-prairie-bleu-nuit-25160\/","sv":"\/sv\/p-sa-600-maurice-chaussettes-homme-600-21855\/vert-prairie-bleu-nuit-25160\/","pt":"\/pt\/p-sa-600-maurice-chaussettes-homme-600-21855\/vert-prairie-bleu-nuit-25160\/","da":"\/da\/p-sa-600-maurice-chaussettes-homme-600-21855\/vert-prairie-bleu-nuit-25160\/","pl":"\/pl\/p-sa-600-maurice-chaussettes-homme-600-21855\/vert-prairie-bleu-nuit-25160\/"},"page_links_customization":{"fr":"\/fr\/p-sa-600-maurice-chaussettes-mixtes-21855\/vert-prairie-bleu-nuit-25160\/custom\/","en":"\/en\/p-sa-600-maurice-chaussettes-mixtes-21855\/vert-prairie-bleu-nuit-25160\/custom\/","de":"\/de\/p-sa-600-maurice-chaussettes-mixtes-21855\/vert-prairie-bleu-nuit-25160\/custom\/","nl":"\/nl\/p-sa-600-maurice-chaussettes-mixtes-21855\/vert-prairie-bleu-nuit-25160\/custom\/","es":"\/es\/p-sa-600-maurice-chaussettes-mixtes-21855\/vert-prairie-bleu-nuit-25160\/custom\/","it":"\/it\/p-sa-600-maurice-chaussettes-mixtes-21855\/vert-prairie-bleu-nuit-25160\/custom\/","sv":"\/sv\/p-sa-600-maurice-chaussettes-mixtes-21855\/vert-prairie-bleu-nuit-25160\/custom\/","pt":"\/pt\/p-sa-600-maurice-chaussettes-mixtes-21855\/vert-prairie-bleu-nuit-25160\/custom\/","da":"\/da\/p-sa-600-maurice-chaussettes-mixtes-21855\/vert-prairie-bleu-nuit-25160\/custom\/","pl":"\/pl\/p-sa-600-maurice-chaussettes-mixtes-21855\/vert-prairie-bleu-nuit-25160\/custom\/"}},{"id":25161,"name":"fushia\/bleu_nuit","class_ids":[7,2],"codes_hexa":["c63868","3c456d"],"delai_24":false,"has_3d":false,"seuil_global":0,"stock_local":0,"stock_global":990,"on_standby":false,"in_catalog":true,"images":{"miniature":["https:\/\/media.th4.com\/PyVjnOOaur6r5mnwlCHTzlahZ9Rb6xK47R9LWTSWZWM\/pr:80\/aHR0cDovL21lZGlhMi5kZXNpZ25wYXJ0bmVyLmZyL2MvcC8yMTg1NS8yMTg1NS0yNTE2MS0xLndlYnA?v=1771940315"],"medium":["https:\/\/media.th4.com\/d4EoiyVuHrWC82-y3Z2dRuFJ6u2vNU1xm_EF9sSL5Rw\/pr:550x550\/aHR0cDovL21lZGlhMi5kZXNpZ25wYXJ0bmVyLmZyL2MvcC8yMTg1NS8yMTg1NS0yNTE2MS0xLndlYnA?v=1771940315"],"medium_large":["https:\/\/media.th4.com\/ck8tBj3cu73VG7_GOec8xqL5yB3TugbaoqN5WU-u_uk\/pr:1000x1000\/aHR0cDovL21lZGlhMi5kZXNpZ25wYXJ0bmVyLmZyL2MvcC8yMTg1NS8yMTg1NS0yNTE2MS0xLndlYnA?v=1771940315"],"large":["https:\/\/media.th4.com\/aFU1qsPsa9fVj-u59y_hXjs1ydrg1gU1J_DFXJsxhvE\/pr:1920\/aHR0cDovL21lZGlhMi5kZXNpZ25wYXJ0bmVyLmZyL2MvcC8yMTg1NS8yMTg1NS0yNTE2MS0xLndlYnA?v=1771940315"],"opengraph":["https:\/\/media.th4.com\/N5x-mRcPn7LKnx3McN9rDGimb-6ewYm91Bd25pXPgxQ\/pr:1200x630\/aHR0cDovL21lZGlhMi5kZXNpZ25wYXJ0bmVyLmZyL2MvcC8yMTg1NS8yMTg1NS0yNTE2MS0xLndlYnA?v=1771940315"]},"images_customization":{"miniature":["https:\/\/media.th4.com\/PyVjnOOaur6r5mnwlCHTzlahZ9Rb6xK47R9LWTSWZWM\/pr:80\/aHR0cDovL21lZGlhMi5kZXNpZ25wYXJ0bmVyLmZyL2MvcC8yMTg1NS8yMTg1NS0yNTE2MS0xLndlYnA?v=1771940315"],"medium":["https:\/\/media.th4.com\/d4EoiyVuHrWC82-y3Z2dRuFJ6u2vNU1xm_EF9sSL5Rw\/pr:550x550\/aHR0cDovL21lZGlhMi5kZXNpZ25wYXJ0bmVyLmZyL2MvcC8yMTg1NS8yMTg1NS0yNTE2MS0xLndlYnA?v=1771940315"],"medium_large":["https:\/\/media.th4.com\/ck8tBj3cu73VG7_GOec8xqL5yB3TugbaoqN5WU-u_uk\/pr:1000x1000\/aHR0cDovL21lZGlhMi5kZXNpZ25wYXJ0bmVyLmZyL2MvcC8yMTg1NS8yMTg1NS0yNTE2MS0xLndlYnA?v=1771940315"],"large":["https:\/\/media.th4.com\/aFU1qsPsa9fVj-u59y_hXjs1ydrg1gU1J_DFXJsxhvE\/pr:1920\/aHR0cDovL21lZGlhMi5kZXNpZ25wYXJ0bmVyLmZyL2MvcC8yMTg1NS8yMTg1NS0yNTE2MS0xLndlYnA?v=1771940315"],"opengraph":["https:\/\/media.th4.com\/N5x-mRcPn7LKnx3McN9rDGimb-6ewYm91Bd25pXPgxQ\/pr:1200x630\/aHR0cDovL21lZGlhMi5kZXNpZ25wYXJ0bmVyLmZyL2MvcC8yMTg1NS8yMTg1NS0yNTE2MS0xLndlYnA?v=1771940315"]},"country_origin":"FR","traceability":{"manufacturing_country_id":1,"weaving_country_id":1,"dyeing_country_id":98},"sizes":[{"id":1695,"article_id":539068,"class_id":0,"name":"41\/46","on_standby":false,"stock_local":0,"stock_global":495,"multiple":1,"estimated_date_reassort":null,"is_destocking":false},{"id":1888,"article_id":545667,"class_id":0,"name":"36\/41","on_standby":false,"stock_local":0,"stock_global":495,"multiple":1,"estimated_date_reassort":null,"is_destocking":false}],"page_links":{"fr":"\/fr\/p-sa-600-maurice-chaussettes-homme-600-21855\/fushia-bleu-nuit-25161\/","en":"\/en\/p-sa-600-maurice-chaussettes-homme-600-21855\/fushia-bleu-nuit-25161\/","de":"\/de\/p-sa-600-maurice-herrensocken-600-21855\/fushia-bleu-nuit-25161\/","nl":"\/nl\/p-sa-600-maurice-chaussettes-homme-600-21855\/fushia-bleu-nuit-25161\/","es":"\/es\/p-sa-600-maurice-chaussettes-homme-600-21855\/fushia-bleu-nuit-25161\/","it":"\/it\/p-sa-600-maurice-chaussettes-homme-600-21855\/fushia-bleu-nuit-25161\/","sv":"\/sv\/p-sa-600-maurice-chaussettes-homme-600-21855\/fushia-bleu-nuit-25161\/","pt":"\/pt\/p-sa-600-maurice-chaussettes-homme-600-21855\/fushia-bleu-nuit-25161\/","da":"\/da\/p-sa-600-maurice-chaussettes-homme-600-21855\/fushia-bleu-nuit-25161\/","pl":"\/pl\/p-sa-600-maurice-chaussettes-homme-600-21855\/fushia-bleu-nuit-25161\/"},"page_links_customization":{"fr":"\/fr\/p-sa-600-maurice-chaussettes-mixtes-21855\/fushia-bleu-nuit-25161\/custom\/","en":"\/en\/p-sa-600-maurice-chaussettes-mixtes-21855\/fushia-bleu-nuit-25161\/custom\/","de":"\/de\/p-sa-600-maurice-chaussettes-mixtes-21855\/fushia-bleu-nuit-25161\/custom\/","nl":"\/nl\/p-sa-600-maurice-chaussettes-mixtes-21855\/fushia-bleu-nuit-25161\/custom\/","es":"\/es\/p-sa-600-maurice-chaussettes-mixtes-21855\/fushia-bleu-nuit-25161\/custom\/","it":"\/it\/p-sa-600-maurice-chaussettes-mixtes-21855\/fushia-bleu-nuit-25161\/custom\/","sv":"\/sv\/p-sa-600-maurice-chaussettes-mixtes-21855\/fushia-bleu-nuit-25161\/custom\/","pt":"\/pt\/p-sa-600-maurice-chaussettes-mixtes-21855\/fushia-bleu-nuit-25161\/custom\/","da":"\/da\/p-sa-600-maurice-chaussettes-mixtes-21855\/fushia-bleu-nuit-25161\/custom\/","pl":"\/pl\/p-sa-600-maurice-chaussettes-mixtes-21855\/fushia-bleu-nuit-25161\/custom\/"}},{"id":25162,"name":"rose_pastel\/gris_perle","class_ids":[7,3],"codes_hexa":["ffd2cb","d9d5d2"],"delai_24":false,"has_3d":false,"seuil_global":0,"stock_local":0,"stock_global":990,"on_standby":false,"in_catalog":true,"images":{"miniature":["https:\/\/media.th4.com\/ZGezJDt7TgNe60Z_yHd4hSaa_2tOUdslksMuyQexVaI\/pr:80\/aHR0cDovL21lZGlhMi5kZXNpZ25wYXJ0bmVyLmZyL2MvcC8yMTg1NS8yMTg1NS0yNTE2Mi0xLndlYnA?v=1771940317"],"medium":["https:\/\/media.th4.com\/7lwfiDh6vl6zWtaqz8rdZT9VWf_cVpQhbyMYB4M2r8I\/pr:550x550\/aHR0cDovL21lZGlhMi5kZXNpZ25wYXJ0bmVyLmZyL2MvcC8yMTg1NS8yMTg1NS0yNTE2Mi0xLndlYnA?v=1771940317"],"medium_large":["https:\/\/media.th4.com\/UJ5bAJHogMYXKdUSuC3U7BGViQIByMgfctoljykJca4\/pr:1000x1000\/aHR0cDovL21lZGlhMi5kZXNpZ25wYXJ0bmVyLmZyL2MvcC8yMTg1NS8yMTg1NS0yNTE2Mi0xLndlYnA?v=1771940317"],"large":["https:\/\/media.th4.com\/qSHYB_lqdF4SPwMgS8ha0Q7geaQKKe6X8qWFZTvmTz0\/pr:1920\/aHR0cDovL21lZGlhMi5kZXNpZ25wYXJ0bmVyLmZyL2MvcC8yMTg1NS8yMTg1NS0yNTE2Mi0xLndlYnA?v=1771940317"],"opengraph":["https:\/\/media.th4.com\/vGqNqMExjK2FLbpyOwPQbSGDH2aE_GuWaPFJTQEMp-Y\/pr:1200x630\/aHR0cDovL21lZGlhMi5kZXNpZ25wYXJ0bmVyLmZyL2MvcC8yMTg1NS8yMTg1NS0yNTE2Mi0xLndlYnA?v=1771940317"]},"images_customization":{"miniature":["https:\/\/media.th4.com\/ZGezJDt7TgNe60Z_yHd4hSaa_2tOUdslksMuyQexVaI\/pr:80\/aHR0cDovL21lZGlhMi5kZXNpZ25wYXJ0bmVyLmZyL2MvcC8yMTg1NS8yMTg1NS0yNTE2Mi0xLndlYnA?v=1771940317"],"medium":["https:\/\/media.th4.com\/7lwfiDh6vl6zWtaqz8rdZT9VWf_cVpQhbyMYB4M2r8I\/pr:550x550\/aHR0cDovL21lZGlhMi5kZXNpZ25wYXJ0bmVyLmZyL2MvcC8yMTg1NS8yMTg1NS0yNTE2Mi0xLndlYnA?v=1771940317"],"medium_large":["https:\/\/media.th4.com\/UJ5bAJHogMYXKdUSuC3U7BGViQIByMgfctoljykJca4\/pr:1000x1000\/aHR0cDovL21lZGlhMi5kZXNpZ25wYXJ0bmVyLmZyL2MvcC8yMTg1NS8yMTg1NS0yNTE2Mi0xLndlYnA?v=1771940317"],"large":["https:\/\/media.th4.com\/qSHYB_lqdF4SPwMgS8ha0Q7geaQKKe6X8qWFZTvmTz0\/pr:1920\/aHR0cDovL21lZGlhMi5kZXNpZ25wYXJ0bmVyLmZyL2MvcC8yMTg1NS8yMTg1NS0yNTE2Mi0xLndlYnA?v=1771940317"],"opengraph":["https:\/\/media.th4.com\/vGqNqMExjK2FLbpyOwPQbSGDH2aE_GuWaPFJTQEMp-Y\/pr:1200x630\/aHR0cDovL21lZGlhMi5kZXNpZ25wYXJ0bmVyLmZyL2MvcC8yMTg1NS8yMTg1NS0yNTE2Mi0xLndlYnA?v=1771940317"]},"country_origin":"FR","traceability":{"manufacturing_country_id":1,"weaving_country_id":1,"dyeing_country_id":98},"sizes":[{"id":1695,"article_id":539069,"class_id":0,"name":"41\/46","on_standby":false,"stock_local":0,"stock_global":495,"multiple":1,"estimated_date_reassort":null,"is_destocking":false},{"id":1888,"article_id":545668,"class_id":0,"name":"36\/41","on_standby":false,"stock_local":0,"stock_global":495,"multiple":1,"estimated_date_reassort":null,"is_destocking":false}],"page_links":{"fr":"\/fr\/p-sa-600-maurice-chaussettes-homme-600-21855\/rose-pastel-gris-perle-25162\/","en":"\/en\/p-sa-600-maurice-chaussettes-homme-600-21855\/rose-pastel-gris-perle-25162\/","de":"\/de\/p-sa-600-maurice-herrensocken-600-21855\/rose-pastel-gris-perle-25162\/","nl":"\/nl\/p-sa-600-maurice-chaussettes-homme-600-21855\/rose-pastel-gris-perle-25162\/","es":"\/es\/p-sa-600-maurice-chaussettes-homme-600-21855\/rose-pastel-gris-perle-25162\/","it":"\/it\/p-sa-600-maurice-chaussettes-homme-600-21855\/rose-pastel-gris-perle-25162\/","sv":"\/sv\/p-sa-600-maurice-chaussettes-homme-600-21855\/rose-pastel-gris-perle-25162\/","pt":"\/pt\/p-sa-600-maurice-chaussettes-homme-600-21855\/rose-pastel-gris-perle-25162\/","da":"\/da\/p-sa-600-maurice-chaussettes-homme-600-21855\/rose-pastel-gris-perle-25162\/","pl":"\/pl\/p-sa-600-maurice-chaussettes-homme-600-21855\/rose-pastel-gris-perle-25162\/"},"page_links_customization":{"fr":"\/fr\/p-sa-600-maurice-chaussettes-mixtes-21855\/rose-pastel-gris-perle-25162\/custom\/","en":"\/en\/p-sa-600-maurice-chaussettes-mixtes-21855\/rose-pastel-gris-perle-25162\/custom\/","de":"\/de\/p-sa-600-maurice-chaussettes-mixtes-21855\/rose-pastel-gris-perle-25162\/custom\/","nl":"\/nl\/p-sa-600-maurice-chaussettes-mixtes-21855\/rose-pastel-gris-perle-25162\/custom\/","es":"\/es\/p-sa-600-maurice-chaussettes-mixtes-21855\/rose-pastel-gris-perle-25162\/custom\/","it":"\/it\/p-sa-600-maurice-chaussettes-mixtes-21855\/rose-pastel-gris-perle-25162\/custom\/","sv":"\/sv\/p-sa-600-maurice-chaussettes-mixtes-21855\/rose-pastel-gris-perle-25162\/custom\/","pt":"\/pt\/p-sa-600-maurice-chaussettes-mixtes-21855\/rose-pastel-gris-perle-25162\/custom\/","da":"\/da\/p-sa-600-maurice-chaussettes-mixtes-21855\/rose-pastel-gris-perle-25162\/custom\/","pl":"\/pl\/p-sa-600-maurice-chaussettes-mixtes-21855\/rose-pastel-gris-perle-25162\/custom\/"}},{"id":25163,"name":"mandarine\/gris_perle","class_ids":[9,3],"codes_hexa":["e65920","d9d5d2"],"delai_24":false,"has_3d":false,"seuil_global":0,"stock_local":0,"stock_global":990,"on_standby":false,"in_catalog":true,"images":{"miniature":["https:\/\/media.th4.com\/1-vO6aWubGlmM0o4l0d93gf4j_VUVyRT-LnVBJgXeiQ\/pr:80\/aHR0cDovL21lZGlhMi5kZXNpZ25wYXJ0bmVyLmZyL2MvcC8yMTg1NS8yMTg1NS0yNTE2My0xLndlYnA?v=1771940316"],"medium":["https:\/\/media.th4.com\/4yTaILncEXFJjTXDdepTfAJKhHd7c1xpE491THJLIPI\/pr:550x550\/aHR0cDovL21lZGlhMi5kZXNpZ25wYXJ0bmVyLmZyL2MvcC8yMTg1NS8yMTg1NS0yNTE2My0xLndlYnA?v=1771940316"],"medium_large":["https:\/\/media.th4.com\/NpnRBhC4H7qJLrB1n3uuJBtDGY7lule8uN_B73FRuIA\/pr:1000x1000\/aHR0cDovL21lZGlhMi5kZXNpZ25wYXJ0bmVyLmZyL2MvcC8yMTg1NS8yMTg1NS0yNTE2My0xLndlYnA?v=1771940316"],"large":["https:\/\/media.th4.com\/r1yM41s_nilZuHhn8tltlkEbdk8775OeKB0kFZ9rmAQ\/pr:1920\/aHR0cDovL21lZGlhMi5kZXNpZ25wYXJ0bmVyLmZyL2MvcC8yMTg1NS8yMTg1NS0yNTE2My0xLndlYnA?v=1771940316"],"opengraph":["https:\/\/media.th4.com\/rrn4CGMxSf3-9Uw4TeKQj3efuu8Dwe_dOmyLad7crDc\/pr:1200x630\/aHR0cDovL21lZGlhMi5kZXNpZ25wYXJ0bmVyLmZyL2MvcC8yMTg1NS8yMTg1NS0yNTE2My0xLndlYnA?v=1771940316"]},"images_customization":{"miniature":["https:\/\/media.th4.com\/1-vO6aWubGlmM0o4l0d93gf4j_VUVyRT-LnVBJgXeiQ\/pr:80\/aHR0cDovL21lZGlhMi5kZXNpZ25wYXJ0bmVyLmZyL2MvcC8yMTg1NS8yMTg1NS0yNTE2My0xLndlYnA?v=1771940316"],"medium":["https:\/\/media.th4.com\/4yTaILncEXFJjTXDdepTfAJKhHd7c1xpE491THJLIPI\/pr:550x550\/aHR0cDovL21lZGlhMi5kZXNpZ25wYXJ0bmVyLmZyL2MvcC8yMTg1NS8yMTg1NS0yNTE2My0xLndlYnA?v=1771940316"],"medium_large":["https:\/\/media.th4.com\/NpnRBhC4H7qJLrB1n3uuJBtDGY7lule8uN_B73FRuIA\/pr:1000x1000\/aHR0cDovL21lZGlhMi5kZXNpZ25wYXJ0bmVyLmZyL2MvcC8yMTg1NS8yMTg1NS0yNTE2My0xLndlYnA?v=1771940316"],"large":["https:\/\/media.th4.com\/r1yM41s_nilZuHhn8tltlkEbdk8775OeKB0kFZ9rmAQ\/pr:1920\/aHR0cDovL21lZGlhMi5kZXNpZ25wYXJ0bmVyLmZyL2MvcC8yMTg1NS8yMTg1NS0yNTE2My0xLndlYnA?v=1771940316"],"opengraph":["https:\/\/media.th4.com\/rrn4CGMxSf3-9Uw4TeKQj3efuu8Dwe_dOmyLad7crDc\/pr:1200x630\/aHR0cDovL21lZGlhMi5kZXNpZ25wYXJ0bmVyLmZyL2MvcC8yMTg1NS8yMTg1NS0yNTE2My0xLndlYnA?v=1771940316"]},"country_origin":"FR","traceability":{"manufacturing_country_id":1,"weaving_country_id":1,"dyeing_country_id":98},"sizes":[{"id":1695,"article_id":539070,"class_id":0,"name":"41\/46","on_standby":false,"stock_local":0,"stock_global":495,"multiple":1,"estimated_date_reassort":null,"is_destocking":false},{"id":1888,"article_id":545669,"class_id":0,"name":"36\/41","on_standby":false,"stock_local":0,"stock_global":495,"multiple":1,"estimated_date_reassort":null,"is_destocking":false}],"page_links":{"fr":"\/fr\/p-sa-600-maurice-chaussettes-homme-600-21855\/mandarine-gris-perle-25163\/","en":"\/en\/p-sa-600-maurice-chaussettes-homme-600-21855\/mandarine-gris-perle-25163\/","de":"\/de\/p-sa-600-maurice-herrensocken-600-21855\/mandarine-gris-perle-25163\/","nl":"\/nl\/p-sa-600-maurice-chaussettes-homme-600-21855\/mandarine-gris-perle-25163\/","es":"\/es\/p-sa-600-maurice-chaussettes-homme-600-21855\/mandarine-gris-perle-25163\/","it":"\/it\/p-sa-600-maurice-chaussettes-homme-600-21855\/mandarine-gris-perle-25163\/","sv":"\/sv\/p-sa-600-maurice-chaussettes-homme-600-21855\/mandarine-gris-perle-25163\/","pt":"\/pt\/p-sa-600-maurice-chaussettes-homme-600-21855\/mandarine-gris-perle-25163\/","da":"\/da\/p-sa-600-maurice-chaussettes-homme-600-21855\/mandarine-gris-perle-25163\/","pl":"\/pl\/p-sa-600-maurice-chaussettes-homme-600-21855\/mandarine-gris-perle-25163\/"},"page_links_customization":{"fr":"\/fr\/p-sa-600-maurice-chaussettes-mixtes-21855\/mandarine-gris-perle-25163\/custom\/","en":"\/en\/p-sa-600-maurice-chaussettes-mixtes-21855\/mandarine-gris-perle-25163\/custom\/","de":"\/de\/p-sa-600-maurice-chaussettes-mixtes-21855\/mandarine-gris-perle-25163\/custom\/","nl":"\/nl\/p-sa-600-maurice-chaussettes-mixtes-21855\/mandarine-gris-perle-25163\/custom\/","es":"\/es\/p-sa-600-maurice-chaussettes-mixtes-21855\/mandarine-gris-perle-25163\/custom\/","it":"\/it\/p-sa-600-maurice-chaussettes-mixtes-21855\/mandarine-gris-perle-25163\/custom\/","sv":"\/sv\/p-sa-600-maurice-chaussettes-mixtes-21855\/mandarine-gris-perle-25163\/custom\/","pt":"\/pt\/p-sa-600-maurice-chaussettes-mixtes-21855\/mandarine-gris-perle-25163\/custom\/","da":"\/da\/p-sa-600-maurice-chaussettes-mixtes-21855\/mandarine-gris-perle-25163\/custom\/","pl":"\/pl\/p-sa-600-maurice-chaussettes-mixtes-21855\/mandarine-gris-perle-25163\/custom\/"}},{"id":25164,"name":"bleu_nuit\/gris_perle","class_ids":[2,3],"codes_hexa":["3c456d","d9d5d2"],"delai_24":false,"has_3d":false,"seuil_global":0,"stock_local":0,"stock_global":990,"on_standby":false,"in_catalog":true,"images":{"miniature":["https:\/\/media.th4.com\/VDZWfhQz2kvAmQDiRLRxbOQJVdwU_KuQpd_Hwc8rrGM\/pr:80\/aHR0cDovL21lZGlhMi5kZXNpZ25wYXJ0bmVyLmZyL2MvcC8yMTg1NS8yMTg1NS0yNTE2NC0xLndlYnA?v=1771940314"],"medium":["https:\/\/media.th4.com\/Hlm-5D4BN5A_Pgr4VxDIzB0CpfS6coZjJ7wvYJ9pm-c\/pr:550x550\/aHR0cDovL21lZGlhMi5kZXNpZ25wYXJ0bmVyLmZyL2MvcC8yMTg1NS8yMTg1NS0yNTE2NC0xLndlYnA?v=1771940314"],"medium_large":["https:\/\/media.th4.com\/ySygJBSEgbTuHt3htBZ6Hi2TTm0FPSs8WzkQuX-J5QU\/pr:1000x1000\/aHR0cDovL21lZGlhMi5kZXNpZ25wYXJ0bmVyLmZyL2MvcC8yMTg1NS8yMTg1NS0yNTE2NC0xLndlYnA?v=1771940314"],"large":["https:\/\/media.th4.com\/iNkg6sahDSmpJqLxdXmUw_guIucqHJM9zjHYF5Oi5UE\/pr:1920\/aHR0cDovL21lZGlhMi5kZXNpZ25wYXJ0bmVyLmZyL2MvcC8yMTg1NS8yMTg1NS0yNTE2NC0xLndlYnA?v=1771940314"],"opengraph":["https:\/\/media.th4.com\/x5Cj0usFc9YQIOrxcKhMjr0rFS4vjKgrb1bvati3hwY\/pr:1200x630\/aHR0cDovL21lZGlhMi5kZXNpZ25wYXJ0bmVyLmZyL2MvcC8yMTg1NS8yMTg1NS0yNTE2NC0xLndlYnA?v=1771940314"]},"images_customization":{"miniature":["https:\/\/media.th4.com\/VDZWfhQz2kvAmQDiRLRxbOQJVdwU_KuQpd_Hwc8rrGM\/pr:80\/aHR0cDovL21lZGlhMi5kZXNpZ25wYXJ0bmVyLmZyL2MvcC8yMTg1NS8yMTg1NS0yNTE2NC0xLndlYnA?v=1771940314"],"medium":["https:\/\/media.th4.com\/Hlm-5D4BN5A_Pgr4VxDIzB0CpfS6coZjJ7wvYJ9pm-c\/pr:550x550\/aHR0cDovL21lZGlhMi5kZXNpZ25wYXJ0bmVyLmZyL2MvcC8yMTg1NS8yMTg1NS0yNTE2NC0xLndlYnA?v=1771940314"],"medium_large":["https:\/\/media.th4.com\/ySygJBSEgbTuHt3htBZ6Hi2TTm0FPSs8WzkQuX-J5QU\/pr:1000x1000\/aHR0cDovL21lZGlhMi5kZXNpZ25wYXJ0bmVyLmZyL2MvcC8yMTg1NS8yMTg1NS0yNTE2NC0xLndlYnA?v=1771940314"],"large":["https:\/\/media.th4.com\/iNkg6sahDSmpJqLxdXmUw_guIucqHJM9zjHYF5Oi5UE\/pr:1920\/aHR0cDovL21lZGlhMi5kZXNpZ25wYXJ0bmVyLmZyL2MvcC8yMTg1NS8yMTg1NS0yNTE2NC0xLndlYnA?v=1771940314"],"opengraph":["https:\/\/media.th4.com\/x5Cj0usFc9YQIOrxcKhMjr0rFS4vjKgrb1bvati3hwY\/pr:1200x630\/aHR0cDovL21lZGlhMi5kZXNpZ25wYXJ0bmVyLmZyL2MvcC8yMTg1NS8yMTg1NS0yNTE2NC0xLndlYnA?v=1771940314"]},"country_origin":"FR","traceability":{"manufacturing_country_id":1,"weaving_country_id":1,"dyeing_country_id":98},"sizes":[{"id":1695,"article_id":539071,"class_id":0,"name":"41\/46","on_standby":false,"stock_local":0,"stock_global":495,"multiple":1,"estimated_date_reassort":null,"is_destocking":false},{"id":1888,"article_id":545670,"class_id":0,"name":"36\/41","on_standby":false,"stock_local":0,"stock_global":495,"multiple":1,"estimated_date_reassort":null,"is_destocking":false}],"page_links":{"fr":"\/fr\/p-sa-600-maurice-chaussettes-homme-600-21855\/bleu-nuit-gris-perle-25164\/","en":"\/en\/p-sa-600-maurice-chaussettes-homme-600-21855\/bleu-nuit-gris-perle-25164\/","de":"\/de\/p-sa-600-maurice-herrensocken-600-21855\/bleu-nuit-gris-perle-25164\/","nl":"\/nl\/p-sa-600-maurice-chaussettes-homme-600-21855\/bleu-nuit-gris-perle-25164\/","es":"\/es\/p-sa-600-maurice-chaussettes-homme-600-21855\/bleu-nuit-gris-perle-25164\/","it":"\/it\/p-sa-600-maurice-chaussettes-homme-600-21855\/bleu-nuit-gris-perle-25164\/","sv":"\/sv\/p-sa-600-maurice-chaussettes-homme-600-21855\/bleu-nuit-gris-perle-25164\/","pt":"\/pt\/p-sa-600-maurice-chaussettes-homme-600-21855\/bleu-nuit-gris-perle-25164\/","da":"\/da\/p-sa-600-maurice-chaussettes-homme-600-21855\/bleu-nuit-gris-perle-25164\/","pl":"\/pl\/p-sa-600-maurice-chaussettes-homme-600-21855\/bleu-nuit-gris-perle-25164\/"},"page_links_customization":{"fr":"\/fr\/p-sa-600-maurice-chaussettes-mixtes-21855\/bleu-nuit-gris-perle-25164\/custom\/","en":"\/en\/p-sa-600-maurice-chaussettes-mixtes-21855\/bleu-nuit-gris-perle-25164\/custom\/","de":"\/de\/p-sa-600-maurice-chaussettes-mixtes-21855\/bleu-nuit-gris-perle-25164\/custom\/","nl":"\/nl\/p-sa-600-maurice-chaussettes-mixtes-21855\/bleu-nuit-gris-perle-25164\/custom\/","es":"\/es\/p-sa-600-maurice-chaussettes-mixtes-21855\/bleu-nuit-gris-perle-25164\/custom\/","it":"\/it\/p-sa-600-maurice-chaussettes-mixtes-21855\/bleu-nuit-gris-perle-25164\/custom\/","sv":"\/sv\/p-sa-600-maurice-chaussettes-mixtes-21855\/bleu-nuit-gris-perle-25164\/custom\/","pt":"\/pt\/p-sa-600-maurice-chaussettes-mixtes-21855\/bleu-nuit-gris-perle-25164\/custom\/","da":"\/da\/p-sa-600-maurice-chaussettes-mixtes-21855\/bleu-nuit-gris-perle-25164\/custom\/","pl":"\/pl\/p-sa-600-maurice-chaussettes-mixtes-21855\/bleu-nuit-gris-perle-25164\/custom\/"}},{"id":25165,"name":"noir\/gris_perle","class_ids":[4,3],"codes_hexa":["2c2c2c","d9d5d2"],"delai_24":false,"has_3d":false,"seuil_global":0,"stock_local":0,"stock_global":990,"on_standby":false,"in_catalog":true,"images":{"miniature":["https:\/\/media.th4.com\/pjTwO11xYY-TtPCt5L-htMeDJdiLpyh2NEntaVekq2c\/pr:80\/aHR0cDovL21lZGlhMi5kZXNpZ25wYXJ0bmVyLmZyL2MvcC8yMTg1NS8yMTg1NS0yNTE2NS0xLndlYnA?v=1771940316","https:\/\/media.th4.com\/fos2aqqoAzO1W4sjanuqGEGXmVE0pB5LN-IAyPAp6o4\/pr:80\/aHR0cDovL21lZGlhMi5kZXNpZ25wYXJ0bmVyLmZyL2MvcC8yMTg1NS8yMTg1NS0yNTE2NS0xMC53ZWJw?v=1771940316"],"medium":["https:\/\/media.th4.com\/VcRTurmtjDqPAzCgsUxbeRtvg2_aLdq0kLpdiOm1DWQ\/pr:550x550\/aHR0cDovL21lZGlhMi5kZXNpZ25wYXJ0bmVyLmZyL2MvcC8yMTg1NS8yMTg1NS0yNTE2NS0xLndlYnA?v=1771940316","https:\/\/media.th4.com\/egRBv4a8_2BA6E-5sB8Q9Jp2g2MV6HLmEPU6hBhqvCg\/pr:550x550\/aHR0cDovL21lZGlhMi5kZXNpZ25wYXJ0bmVyLmZyL2MvcC8yMTg1NS8yMTg1NS0yNTE2NS0xMC53ZWJw?v=1771940316"],"medium_large":["https:\/\/media.th4.com\/I0lZR40hAeP53TkTABPb1P_SiZfX-bOXNpZSd7OUCb4\/pr:1000x1000\/aHR0cDovL21lZGlhMi5kZXNpZ25wYXJ0bmVyLmZyL2MvcC8yMTg1NS8yMTg1NS0yNTE2NS0xLndlYnA?v=1771940316","https:\/\/media.th4.com\/WL6gXFy-SA-IDfre3eP_D0VOWL92JlM3cFuywcLvSzc\/pr:1000x1000\/aHR0cDovL21lZGlhMi5kZXNpZ25wYXJ0bmVyLmZyL2MvcC8yMTg1NS8yMTg1NS0yNTE2NS0xMC53ZWJw?v=1771940316"],"large":["https:\/\/media.th4.com\/a83xJVwzyTn16VkhY1dfINY6wcP-_uflyIpI_lTDMp8\/pr:1920\/aHR0cDovL21lZGlhMi5kZXNpZ25wYXJ0bmVyLmZyL2MvcC8yMTg1NS8yMTg1NS0yNTE2NS0xLndlYnA?v=1771940316","https:\/\/media.th4.com\/W-zB1c801ihAKPa5LhDIvWXk5yHsLVG6uqeBibhjDLM\/pr:1920\/aHR0cDovL21lZGlhMi5kZXNpZ25wYXJ0bmVyLmZyL2MvcC8yMTg1NS8yMTg1NS0yNTE2NS0xMC53ZWJw?v=1771940316"],"opengraph":["https:\/\/media.th4.com\/m7jc3X5y28dg6hoO0z_zFeWH9j6V3ScfkGyunLftYxU\/pr:1200x630\/aHR0cDovL21lZGlhMi5kZXNpZ25wYXJ0bmVyLmZyL2MvcC8yMTg1NS8yMTg1NS0yNTE2NS0xLndlYnA?v=1771940316","https:\/\/media.th4.com\/Z3wcje_qWJ789gSJcHGnq-Zrco-hScRPjq1UpAoDAvY\/pr:1200x630\/aHR0cDovL21lZGlhMi5kZXNpZ25wYXJ0bmVyLmZyL2MvcC8yMTg1NS8yMTg1NS0yNTE2NS0xMC53ZWJw?v=1771940316"]},"images_customization":{"miniature":["https:\/\/media.th4.com\/pjTwO11xYY-TtPCt5L-htMeDJdiLpyh2NEntaVekq2c\/pr:80\/aHR0cDovL21lZGlhMi5kZXNpZ25wYXJ0bmVyLmZyL2MvcC8yMTg1NS8yMTg1NS0yNTE2NS0xLndlYnA?v=1771940316","https:\/\/media.th4.com\/fos2aqqoAzO1W4sjanuqGEGXmVE0pB5LN-IAyPAp6o4\/pr:80\/aHR0cDovL21lZGlhMi5kZXNpZ25wYXJ0bmVyLmZyL2MvcC8yMTg1NS8yMTg1NS0yNTE2NS0xMC53ZWJw?v=1771940316"],"medium":["https:\/\/media.th4.com\/VcRTurmtjDqPAzCgsUxbeRtvg2_aLdq0kLpdiOm1DWQ\/pr:550x550\/aHR0cDovL21lZGlhMi5kZXNpZ25wYXJ0bmVyLmZyL2MvcC8yMTg1NS8yMTg1NS0yNTE2NS0xLndlYnA?v=1771940316","https:\/\/media.th4.com\/egRBv4a8_2BA6E-5sB8Q9Jp2g2MV6HLmEPU6hBhqvCg\/pr:550x550\/aHR0cDovL21lZGlhMi5kZXNpZ25wYXJ0bmVyLmZyL2MvcC8yMTg1NS8yMTg1NS0yNTE2NS0xMC53ZWJw?v=1771940316"],"medium_large":["https:\/\/media.th4.com\/I0lZR40hAeP53TkTABPb1P_SiZfX-bOXNpZSd7OUCb4\/pr:1000x1000\/aHR0cDovL21lZGlhMi5kZXNpZ25wYXJ0bmVyLmZyL2MvcC8yMTg1NS8yMTg1NS0yNTE2NS0xLndlYnA?v=1771940316","https:\/\/media.th4.com\/WL6gXFy-SA-IDfre3eP_D0VOWL92JlM3cFuywcLvSzc\/pr:1000x1000\/aHR0cDovL21lZGlhMi5kZXNpZ25wYXJ0bmVyLmZyL2MvcC8yMTg1NS8yMTg1NS0yNTE2NS0xMC53ZWJw?v=1771940316"],"large":["https:\/\/media.th4.com\/a83xJVwzyTn16VkhY1dfINY6wcP-_uflyIpI_lTDMp8\/pr:1920\/aHR0cDovL21lZGlhMi5kZXNpZ25wYXJ0bmVyLmZyL2MvcC8yMTg1NS8yMTg1NS0yNTE2NS0xLndlYnA?v=1771940316","https:\/\/media.th4.com\/W-zB1c801ihAKPa5LhDIvWXk5yHsLVG6uqeBibhjDLM\/pr:1920\/aHR0cDovL21lZGlhMi5kZXNpZ25wYXJ0bmVyLmZyL2MvcC8yMTg1NS8yMTg1NS0yNTE2NS0xMC53ZWJw?v=1771940316"],"opengraph":["https:\/\/media.th4.com\/m7jc3X5y28dg6hoO0z_zFeWH9j6V3ScfkGyunLftYxU\/pr:1200x630\/aHR0cDovL21lZGlhMi5kZXNpZ25wYXJ0bmVyLmZyL2MvcC8yMTg1NS8yMTg1NS0yNTE2NS0xLndlYnA?v=1771940316","https:\/\/media.th4.com\/Z3wcje_qWJ789gSJcHGnq-Zrco-hScRPjq1UpAoDAvY\/pr:1200x630\/aHR0cDovL21lZGlhMi5kZXNpZ25wYXJ0bmVyLmZyL2MvcC8yMTg1NS8yMTg1NS0yNTE2NS0xMC53ZWJw?v=1771940316"]},"country_origin":"FR","traceability":{"manufacturing_country_id":1,"weaving_country_id":1,"dyeing_country_id":98},"sizes":[{"id":1695,"article_id":539072,"class_id":0,"name":"41\/46","on_standby":false,"stock_local":0,"stock_global":495,"multiple":1,"estimated_date_reassort":null,"is_destocking":false},{"id":1888,"article_id":545671,"class_id":0,"name":"36\/41","on_standby":false,"stock_local":0,"stock_global":495,"multiple":1,"estimated_date_reassort":null,"is_destocking":false}],"page_links":{"fr":"\/fr\/p-sa-600-maurice-chaussettes-homme-600-21855\/noir-gris-perle-25165\/","en":"\/en\/p-sa-600-maurice-chaussettes-homme-600-21855\/noir-gris-perle-25165\/","de":"\/de\/p-sa-600-maurice-herrensocken-600-21855\/noir-gris-perle-25165\/","nl":"\/nl\/p-sa-600-maurice-chaussettes-homme-600-21855\/noir-gris-perle-25165\/","es":"\/es\/p-sa-600-maurice-chaussettes-homme-600-21855\/noir-gris-perle-25165\/","it":"\/it\/p-sa-600-maurice-chaussettes-homme-600-21855\/noir-gris-perle-25165\/","sv":"\/sv\/p-sa-600-maurice-chaussettes-homme-600-21855\/noir-gris-perle-25165\/","pt":"\/pt\/p-sa-600-maurice-chaussettes-homme-600-21855\/noir-gris-perle-25165\/","da":"\/da\/p-sa-600-maurice-chaussettes-homme-600-21855\/noir-gris-perle-25165\/","pl":"\/pl\/p-sa-600-maurice-chaussettes-homme-600-21855\/noir-gris-perle-25165\/"},"page_links_customization":{"fr":"\/fr\/p-sa-600-maurice-chaussettes-mixtes-21855\/noir-gris-perle-25165\/custom\/","en":"\/en\/p-sa-600-maurice-chaussettes-mixtes-21855\/noir-gris-perle-25165\/custom\/","de":"\/de\/p-sa-600-maurice-chaussettes-mixtes-21855\/noir-gris-perle-25165\/custom\/","nl":"\/nl\/p-sa-600-maurice-chaussettes-mixtes-21855\/noir-gris-perle-25165\/custom\/","es":"\/es\/p-sa-600-maurice-chaussettes-mixtes-21855\/noir-gris-perle-25165\/custom\/","it":"\/it\/p-sa-600-maurice-chaussettes-mixtes-21855\/noir-gris-perle-25165\/custom\/","sv":"\/sv\/p-sa-600-maurice-chaussettes-mixtes-21855\/noir-gris-perle-25165\/custom\/","pt":"\/pt\/p-sa-600-maurice-chaussettes-mixtes-21855\/noir-gris-perle-25165\/custom\/","da":"\/da\/p-sa-600-maurice-chaussettes-mixtes-21855\/noir-gris-perle-25165\/custom\/","pl":"\/pl\/p-sa-600-maurice-chaussettes-mixtes-21855\/noir-gris-perle-25165\/custom\/"}}],"documentation_link":null,"countries_availables":["AD","AE","AL","AT","BA","BD","BE","BG","BL","CA","CH","CN","CO","CY","CZ","DE","DK","DO","EE","EG","ES","ET","FI","FR","GB","GE","GF","GP","GR","GT","HK","HN","HR","HT","HU","ID","IE","IN","IS","IT","JO","JP","KE","KH","KP","KR","LA","LK","LS","LT","LU","LV","MA","MF","MG","MK","MM","MN","MQ","MT","MX","MY","NC","NI","NL","PF","PH","PK","PL","PM","PT","RE","RO","SE","SG","SI","SK","SV","SY","TH","TN","TR","TW","TZ","US","VN","WF","YT"]},"infos_customization":[],"features":{"authorize_multi_surfaces":true,"display_order_delay_type":true,"promote_surface_display":true,"tarification_franco_offert":true,"enabled_3d_editor":false},"markings":[{"id":0,"nom":"vierge","finition":null,"libelle":null,"code":null,"dpi":null,"finesse_forme_isolee":null,"finesse_forme_non_isolee":null,"hauteur_minimale_texte":null,"inactif":0,"marquage_interne":1,"quantite_min":null,"parent_id":null,"print_on_support":0,"content":"vierge","description":null},{"id":2,"nom":"fonce","finition":"optimale","libelle":"TopQuadri","code":null,"dpi":400,"finesse_forme_isolee":"0.040","finesse_forme_non_isolee":"0.700","hauteur_minimale_texte":2,"inactif":0,"marquage_interne":1,"quantite_min":null,"parent_id":18,"print_on_support":0,"content":"TopQuadri","description":"pour petites et moyennes s\u00e9ries"},{"id":3,"nom":"serigraphie","finition":"serigraphie","libelle":"SeriCoat","code":null,"dpi":400,"finesse_forme_isolee":"0.040","finesse_forme_non_isolee":"0.700","hauteur_minimale_texte":2,"inactif":0,"marquage_interne":1,"quantite_min":15,"parent_id":18,"print_on_support":0,"content":"SeriCoat","description":"pour moyennes et grandes s\u00e9ries"},{"id":4,"nom":"broderie","finition":"broderie","libelle":"Broderie","code":null,"dpi":400,"finesse_forme_isolee":"0.040","finesse_forme_non_isolee":"0.700","hauteur_minimale_texte":3,"inactif":0,"marquage_interne":1,"quantite_min":null,"parent_id":null,"print_on_support":0,"content":"Broderie","description":null},{"id":8,"nom":"theme","finition":null,"libelle":"Th\u00e8me","code":null,"dpi":null,"finesse_forme_isolee":null,"finesse_forme_non_isolee":null,"hauteur_minimale_texte":null,"inactif":0,"marquage_interne":1,"quantite_min":null,"parent_id":null,"print_on_support":0,"content":"Th\u00e8me","description":null},{"id":9,"nom":"sans","finition":null,"libelle":null,"code":null,"dpi":null,"finesse_forme_isolee":null,"finesse_forme_non_isolee":null,"hauteur_minimale_texte":null,"inactif":0,"marquage_interne":1,"quantite_min":null,"parent_id":null,"print_on_support":0,"content":"sans","description":null},{"id":10,"nom":"photo","finition":null,"libelle":"Photo","code":null,"dpi":null,"finesse_forme_isolee":null,"finesse_forme_non_isolee":null,"hauteur_minimale_texte":null,"inactif":0,"marquage_interne":1,"quantite_min":null,"parent_id":null,"print_on_support":0,"content":"Photo","description":null},{"id":14,"nom":"couleur","finition":null,"libelle":"Couleur","code":null,"dpi":null,"finesse_forme_isolee":null,"finesse_forme_non_isolee":null,"hauteur_minimale_texte":null,"inactif":0,"marquage_interne":1,"quantite_min":null,"parent_id":null,"print_on_support":0,"content":"Couleur","description":null},{"id":15,"nom":"sublimation","finition":"sublimation","libelle":"Sublimation","code":null,"dpi":null,"finesse_forme_isolee":"0.000","finesse_forme_non_isolee":"0.000","hauteur_minimale_texte":2,"inactif":0,"marquage_interne":1,"quantite_min":null,"parent_id":null,"print_on_support":0,"content":"Sublimation","description":null},{"id":16,"nom":"topquadri_uv","finition":null,"libelle":"TopQuadri UV","code":null,"dpi":null,"finesse_forme_isolee":"0.020","finesse_forme_non_isolee":"0.700","hauteur_minimale_texte":2,"inactif":0,"marquage_interne":1,"quantite_min":null,"parent_id":null,"print_on_support":1,"content":null,"description":null},{"id":17,"nom":"topquadri_uvp","finition":null,"libelle":"TopQuadri UVP","code":null,"dpi":null,"finesse_forme_isolee":"0.020","finesse_forme_non_isolee":"0.700","hauteur_minimale_texte":2,"inactif":0,"marquage_interne":1,"quantite_min":null,"parent_id":null,"print_on_support":1,"content":null,"description":null},{"id":18,"nom":"quadri","finition":null,"libelle":"Impression","code":null,"dpi":null,"finesse_forme_isolee":null,"finesse_forme_non_isolee":null,"hauteur_minimale_texte":null,"inactif":0,"marquage_interne":1,"quantite_min":null,"parent_id":null,"print_on_support":0,"content":null,"description":null}]}}